{"id":382810,"date":"2024-04-08T05:26:23","date_gmt":"2024-04-08T03:26:23","guid":{"rendered":"https:\/\/www.radiopiu.net\/wordpress\/?p=382810"},"modified":"2024-04-08T09:02:46","modified_gmt":"2024-04-08T07:02:46","slug":"giornale-radiopiu-08-aprile-2024-direttore-mirko-mezzacasada-40-anni-25-giugno-1983-25-giugno-2023","status":"publish","type":"post","link":"https:\/\/www.radiopiu.net\/wordpress\/giornale-radiopiu-08-aprile-2024-direttore-mirko-mezzacasada-40-anni-25-giugno-1983-25-giugno-2023\/","title":{"rendered":"GIORNALE RADIOPIU 08 APRILE 2024 DIRETTORE MIRKO MEZZACASA\u2026DA 40 ANNI 25 GIUGNO 1983-25 GIUGNO 2023"},"content":{"rendered":"<p>*******<\/p>\n<p>&nbsp;<\/p>\n<h3><a href=\"https:\/\/www.radiopiu.net\/wordpress\/giornale-radiopiu-24-gennaio-2021-direttore-mirko-mezzacasa\/141433770_171616291414874_2957460898102012198_n\/\" rel=\"attachment wp-att-186566\"><img loading=\"lazy\" decoding=\"async\" class=\"wp-image-186566 alignleft\" src=\"https:\/\/www.radiopiu.net\/wordpress\/wp-content\/uploads\/2021\/01\/141433770_171616291414874_2957460898102012198_n-300x300.jpg\" alt=\"\" width=\"144\" height=\"144\" srcset=\"https:\/\/www.radiopiu.net\/wordpress\/wp-content\/uploads\/2021\/01\/141433770_171616291414874_2957460898102012198_n-300x300.jpg 300w, https:\/\/www.radiopiu.net\/wordpress\/wp-content\/uploads\/2021\/01\/141433770_171616291414874_2957460898102012198_n-150x150.jpg 150w, https:\/\/www.radiopiu.net\/wordpress\/wp-content\/uploads\/2021\/01\/141433770_171616291414874_2957460898102012198_n-768x768.jpg 768w, https:\/\/www.radiopiu.net\/wordpress\/wp-content\/uploads\/2021\/01\/141433770_171616291414874_2957460898102012198_n.jpg 800w\" sizes=\"auto, (max-width: 144px) 100vw, 144px\" \/><\/a>PER<strong> RICEVERE QUESTO NOTIZIARIO DIRETTAMENTE SUL TUO CELLULARE ISCRIVITI AL CANALE TELEGRAM <\/strong><strong>\u201cRADIO PIU\u00a0 INFORMAZIONE&#8221;\u00a0<\/strong><\/h3>\n<h3>\u00a0il CANALE TELEGRAM&#8230; UNISCITI A: RADIO PIU INFORMAZIONE<\/h3>\n<p>&nbsp;<\/p>\n<p>&nbsp;<\/p>\n<p><em><a href=\"https:\/\/www.radiopiu.net\/wordpress\/giornale-radiopiu-24-gennaio-2021-direttore-mirko-mezzacasa\/79216601_126817312416448_708980208774483089_n\/\" rel=\"attachment wp-att-186567\"><img loading=\"lazy\" decoding=\"async\" class=\"size-medium wp-image-186567 alignright\" src=\"https:\/\/www.radiopiu.net\/wordpress\/wp-content\/uploads\/2021\/01\/79216601_126817312416448_708980208774483089_n-300x114.jpg\" alt=\"\" width=\"300\" height=\"114\" srcset=\"https:\/\/www.radiopiu.net\/wordpress\/wp-content\/uploads\/2021\/01\/79216601_126817312416448_708980208774483089_n-300x114.jpg 300w, https:\/\/www.radiopiu.net\/wordpress\/wp-content\/uploads\/2021\/01\/79216601_126817312416448_708980208774483089_n-768x292.jpg 768w, https:\/\/www.radiopiu.net\/wordpress\/wp-content\/uploads\/2021\/01\/79216601_126817312416448_708980208774483089_n.jpg 820w\" sizes=\"auto, (max-width: 300px) 100vw, 300px\" \/><\/a><span style=\"color: #ff0000;\">ATTENZIONE: LA NUOVA APP PER IOS-IPHONE di Nicola Vettorello <\/span><\/em><a href=\"https:\/\/apps.apple.com\/it\/app\/radio-pi%C3%B9-emittente-agordina\/id1515939845\">https:\/\/apps.apple.com\/it\/app\/radio-pi%C3%B9-emittente-agordina\/id1515939845<\/a><\/p>\n<p><em style=\"color: #ff0000;\">ATTENZIONE: LA NUOVA APP RADIO\u00a0 PER ANDROID di Nicola Vettorello<\/em><\/p>\n<p><a href=\"https:\/\/play.google.com\/store\/apps\/details?id=net.radiopiu.iniko\" target=\"_blank\" rel=\"noopener noreferrer\">https:\/\/play.google.com\/store\/apps\/details?id=net.radiopiu.iniko\u00a0\u00a0<\/a><\/p>\n<p>&nbsp;<\/p>\n<p>&nbsp;<\/p>\n<hr \/>\n<blockquote>\n<h2 class=\"kvgmc6g5 cxmmr5t8 oygrvhab hcukyx3x c1et5uql\"><strong>\u00a0<\/strong><\/h2>\n<h2 class=\"kvgmc6g5 cxmmr5t8 oygrvhab hcukyx3x c1et5uql\"><strong> \u00a0 IL PUGNO NELLO STOMACO: IL TEATRO ALL&#8217;APERTO SCOPERTO OVVERO UN CANTIERE ABBANDONATO<\/strong><\/h2>\n<\/blockquote>\n<p><strong><a class=\"dt-pswp-item\" href=\"https:\/\/www.radiopiu.net\/wordpress\/wp-content\/uploads\/2018\/08\/PESCHIERE-2.jpg\" data-dt-img-description=\"\" data-large_image_width=\"1599\" data-large_image_height=\"899\"><img loading=\"lazy\" decoding=\"async\" class=\" wp-image-58653 alignleft\" src=\"https:\/\/www.radiopiu.net\/wordpress\/wp-content\/uploads\/2018\/08\/PESCHIERE-2-300x169.jpg\" alt=\"\" width=\"211\" height=\"119\" srcset=\"https:\/\/www.radiopiu.net\/wordpress\/wp-content\/uploads\/2018\/08\/PESCHIERE-2-300x169.jpg 300w, https:\/\/www.radiopiu.net\/wordpress\/wp-content\/uploads\/2018\/08\/PESCHIERE-2-768x432.jpg 768w, https:\/\/www.radiopiu.net\/wordpress\/wp-content\/uploads\/2018\/08\/PESCHIERE-2-1024x576.jpg 1024w, https:\/\/www.radiopiu.net\/wordpress\/wp-content\/uploads\/2018\/08\/PESCHIERE-2.jpg 1599w\" sizes=\"auto, (max-width: 211px) 100vw, 211px\" \/><\/a>TAIBON<\/strong>\u00a0 L&#8217;arena&#8230;doveva essere inaugurata sei anni fa, nel 2018 dopo aver speso 500 mila euro dei contribuenti (fondi di confine) per quel progetto che prende le mosse da Rocca Pietore e finisce in Valle di San Lucano, accanto al laghetto delle Peschiere. Una colata di cemento voluta dagli amministratori locali, dall&#8217;allora sindaco Loretta Ben all&#8217;attuale Silvia Tormen in scadenza di secondo\u00a0 mandato. Un pugno nella stomaco, il cantiere a sei anni dalla posa della prima pietra pare abbandonato. Ci sono poi anche le note positive, ovvero finalmente dopo anni di chiacchiere il recupero dell&#8217;ex baita alle Peschiere, gi\u00e0 After Hour. La zona \u00e8 ora quasi del tutto in ordine con il nuovo ponte sul Tegnas, quello che manca \u00e8 una gestione che ridia un po&#8217; di vita alla spenta Valle di San Lucano. Poich\u00e9 abbiamo visto le aree pic nic rimesse quasi a nuovo \u00e8 auspicabile che gli attuali amministratori, soprattutto se si ricandideranno, inizino a farsi pagare, dall&#8217;uso del barbecue alla legna messa a disposizione dei turisti. Insomma i soliti discorsi che negli ultimi 10 anni non hanno certo trovato concretezza. Speriamo nel futuro, la Valle di San Lucano non merita n\u00e8 cattedrali nel deserto (peraltro senza tetto per il riparo dalle intemperie), n\u00e8 sfruttamento turistico senza alcun beneficio per chi rimane a vivere sul territorio .<\/p>\n<p><iframe loading=\"lazy\" title=\"Radio Pi\u00f9 sta trasmettendo dal vivo.\" width=\"1200\" height=\"675\" src=\"https:\/\/www.youtube.com\/embed\/UpFQvluz-ZE?feature=oembed\" frameborder=\"0\" allow=\"accelerometer; autoplay; clipboard-write; encrypted-media; gyroscope; picture-in-picture; web-share\" referrerpolicy=\"strict-origin-when-cross-origin\" allowfullscreen><\/iframe><\/p>\n<p>&nbsp;<\/p>\n<p>&nbsp;<\/p>\n<hr \/>\n<blockquote>\n<blockquote>\n<h3><\/h3>\n<h3>ACQUA NON POTABILE A COL DI CARRERA DI TAIBON<\/h3>\n<\/blockquote>\n<p><strong>REDAZIONE<\/strong>\u00a0 in LOCALITA&#8217; COL DE CARRERA l&#8217;acqua erogata dall&#8217;acquedotto non \u00e8 potabile e pu\u00f2 essere usata per scopi alimentari SOLO PREVIA bollitura. Verr\u00e0 effettuato servizio sostitutivo con cisterna posizionata presso il CENTRO di Col De Carrera.<\/p>\n<blockquote>\n<h3><\/h3>\n<h3>ACQUA NON POTABILE A VOLTAGO E RIVAMONTE<\/h3>\n<\/blockquote>\n<p><strong>VOLTAGO <\/strong> in localit\u00e0 BERTOI, FRASSENE\u2019, VILLA, VIA GIOA e in VIA STRUZ e a <strong>RIVAMONTE<\/strong> AGORDINO in VIA ROSSON CIVICO N. 25 e VIA VILLAGRANDE CIVICI N. 45 e 4A l&#8217;acqua erogata dall&#8217;acquedotto non \u00e8 potabile e pu\u00f2 essere usata per scopi alimentari SOLO PREVIA bollitura.<\/p>\n<p>&nbsp;<\/p>\n<h3>LAVORI PROGRAMMATI GSP<\/h3>\n<p><strong>ROCCA PIETORE<\/strong>\u00a0 per lavori alla rete idrica comunale, oggi e domani dalle 8 alle 17, verr\u00e0 sospesa l\u2019erogazione dell\u2019acqua nelle localit\u00e0 CAPOLUOGO, SORARU\u2019 e PEZZE\u2019.<\/p><\/blockquote>\n<p>&nbsp;<\/p>\n<blockquote>\n<h3>IERI, L&#8217;ARTICOLO PIU&#8217; CLICCATO SUL SITO WWW.RADIOPIU.NET<\/h3>\n<\/blockquote>\n<blockquote class=\"wp-embedded-content\" data-secret=\"0q4l7EF7Yl\"><p><a href=\"https:\/\/www.radiopiu.net\/wordpress\/dillo-a-radio-piu-diritto-di-replica-e-rifiuti-abbandonati\/\">DILLO A RADIO PIU&#8217;&#8230;DIRITTO DI REPLICA E RIFIUTI ABBANDONATI<\/a><\/p><\/blockquote>\n<p><iframe loading=\"lazy\" class=\"wp-embedded-content\" sandbox=\"allow-scripts\" security=\"restricted\" style=\"position: absolute; clip: rect(1px, 1px, 1px, 1px);\" title=\"&#8220;DILLO A RADIO PIU&#8217;&#8230;DIRITTO DI REPLICA E RIFIUTI ABBANDONATI&#8221; &#8212; Radio Pi\u00f9\" src=\"https:\/\/www.radiopiu.net\/wordpress\/dillo-a-radio-piu-diritto-di-replica-e-rifiuti-abbandonati\/embed\/#?secret=INVkrESyQt#?secret=0q4l7EF7Yl\" data-secret=\"0q4l7EF7Yl\" width=\"600\" height=\"338\" frameborder=\"0\" marginwidth=\"0\" marginheight=\"0\" scrolling=\"no\"><\/iframe><\/p>\n<div data-block=\"true\" data-editor=\"avj4u\" data-offset-key=\"d3i0j-0-0\"><\/div>\n<div data-block=\"true\" data-editor=\"avj4u\" data-offset-key=\"d3i0j-0-0\"><\/div>\n<div data-block=\"true\" data-editor=\"avj4u\" data-offset-key=\"d3i0j-0-0\">\n<hr \/>\n<\/div>\n<div data-block=\"true\" data-editor=\"avj4u\" data-offset-key=\"d3i0j-0-0\"><\/div>\n<blockquote>\n<h3 data-block=\"true\" data-editor=\"avj4u\" data-offset-key=\"d3i0j-0-0\">RIAPERTA LA SP3 DELLA VALLE IMPERINA<\/h3>\n<\/blockquote>\n<div data-block=\"true\" data-editor=\"avj4u\" data-offset-key=\"d3i0j-0-0\">\n<p><strong><a class=\"dt-pswp-item\" href=\"https:\/\/www.radiopiu.net\/wordpress\/wp-content\/uploads\/2024\/04\/99c8ec4b-c4f2-4ff9-b917-d22d56584879.jpg\" data-dt-img-description=\"\" data-large_image_width=\"1200\" data-large_image_height=\"1599\"><img loading=\"lazy\" decoding=\"async\" class=\" wp-image-382981 alignleft\" src=\"https:\/\/www.radiopiu.net\/wordpress\/wp-content\/uploads\/2024\/04\/99c8ec4b-c4f2-4ff9-b917-d22d56584879-225x300.jpg\" alt=\"\" width=\"128\" height=\"170\" srcset=\"https:\/\/www.radiopiu.net\/wordpress\/wp-content\/uploads\/2024\/04\/99c8ec4b-c4f2-4ff9-b917-d22d56584879-225x300.jpg 225w, https:\/\/www.radiopiu.net\/wordpress\/wp-content\/uploads\/2024\/04\/99c8ec4b-c4f2-4ff9-b917-d22d56584879-768x1023.jpg 768w, https:\/\/www.radiopiu.net\/wordpress\/wp-content\/uploads\/2024\/04\/99c8ec4b-c4f2-4ff9-b917-d22d56584879-1153x1536.jpg 1153w, https:\/\/www.radiopiu.net\/wordpress\/wp-content\/uploads\/2024\/04\/99c8ec4b-c4f2-4ff9-b917-d22d56584879.jpg 1200w\" sizes=\"auto, (max-width: 128px) 100vw, 128px\" \/><\/a> <\/strong><\/p>\n<p><strong>\u00a0<\/strong><\/p>\n<p><strong>\u00a0<\/strong><\/p>\n<p><strong>REDAZIONE<\/strong> \u00e8 stata riaperta regolarmente al traffico la S.P. 3 \u201cValle Imperina\u201d. Venerd\u00ec scorso era stata chiusa a causa di una frana.<\/p>\n<p>&nbsp;<\/p>\n<p>&nbsp;<\/p>\n<p>&nbsp;<\/p>\n<hr \/>\n<p>&nbsp;<\/p>\n<\/div>\n<div data-block=\"true\" data-editor=\"avj4u\" data-offset-key=\"d3i0j-0-0\"><\/div>\n<p><span style=\"color: #ff0000;\"><strong>OGGI ALLA RADIO<\/strong><\/span>: <strong>ALLE 7.20<\/strong> EL BAR DEL FIOR, DETTI E TRADIZIONI DI GIULIANA DA RONCH; <strong>ALLE 8.20<\/strong> PIU&#8217; SIAMO CON MARINA DONA&#8217; <strong>ALLE 9.10<\/strong> SILVIA BALDO &#8220;IERI COME OGGI<strong> ALLE 10.10<\/strong> CIAK SI GIRA, IL GOSSIP CON PAOLA LANCIATO <strong>ALLE 10.30<\/strong> PERITI MINERARI NEL MONDO, CON L&#8217;APIM DI AGORDO<strong> 11.10<\/strong> CON ALDO BRIGADOI CINE HIT, &#8220;FORREST GUMP&#8221;\u00a0<strong> ALLE 11.30<\/strong> DANIELA RINALDI\u00a0 \u00a0<strong>12.30<\/strong> IL GR PRINCIPALE ALLE 13.10 SALUTE E SOCIETA&#8217; CON IL DOTTOR MARCO CARACCIOLO\u00a0 <strong>13.30<\/strong> PRIMA VERA HIT CON MARINA DONA &#8216; <strong>ALLE 16<\/strong> IL ROCK DI MARCO COSTANTINI<strong> ALLE 16.30<\/strong> GIESSE RISARCIMENTO DANNI PER LO SPORT, CALCIO A 5 CANOTTIERI BELLUNO DI MARCO GAZ &#8230;. <strong>16.45<\/strong> MIRCO BENCIVENNI, LE HIT.<\/p>\n<p><strong>e questa sera dalle 19 sui canali social, in diretta, il consiglio comunale di AGORDO<\/strong><\/p>\n<p>&nbsp;<\/p>\n<div class=\"x11i5rnm xat24cr x1mh8g0r x1vvkbs xtlvy1s x126k92a\">\n<div dir=\"auto\">\n<hr \/>\n<p>&nbsp;<\/p>\n<p>&nbsp;<\/p>\n<div class=\"x11i5rnm xat24cr x1mh8g0r x1vvkbs xtlvy1s x126k92a\">\n<div dir=\"auto\">\n<p><strong><a class=\"dt-pswp-item\" href=\"https:\/\/www.radiopiu.net\/wordpress\/wp-content\/uploads\/2024\/02\/2d44e751-d8a8-461b-8e22-d8e4e853b032.jpg\" data-dt-img-description=\"\" data-large_image_width=\"1600\" data-large_image_height=\"1200\"><img loading=\"lazy\" decoding=\"async\" class=\"wp-image-373307 alignleft\" src=\"https:\/\/www.radiopiu.net\/wordpress\/wp-content\/uploads\/2024\/02\/2d44e751-d8a8-461b-8e22-d8e4e853b032-300x225.jpg\" alt=\"\" width=\"105\" height=\"79\" srcset=\"https:\/\/www.radiopiu.net\/wordpress\/wp-content\/uploads\/2024\/02\/2d44e751-d8a8-461b-8e22-d8e4e853b032-300x225.jpg 300w, https:\/\/www.radiopiu.net\/wordpress\/wp-content\/uploads\/2024\/02\/2d44e751-d8a8-461b-8e22-d8e4e853b032-1024x768.jpg 1024w, https:\/\/www.radiopiu.net\/wordpress\/wp-content\/uploads\/2024\/02\/2d44e751-d8a8-461b-8e22-d8e4e853b032-768x576.jpg 768w, https:\/\/www.radiopiu.net\/wordpress\/wp-content\/uploads\/2024\/02\/2d44e751-d8a8-461b-8e22-d8e4e853b032-1536x1152.jpg 1536w, https:\/\/www.radiopiu.net\/wordpress\/wp-content\/uploads\/2024\/02\/2d44e751-d8a8-461b-8e22-d8e4e853b032.jpg 1600w\" sizes=\"auto, (max-width: 105px) 100vw, 105px\" \/><\/a>EL BAL DEL FIOR, DI GIULIANA DA RONCH, 08 APRILE 2024<\/strong><\/p>\n<\/div>\n<\/div>\n<\/div>\n<div dir=\"auto\">\n<audio class=\"wp-audio-shortcode\" id=\"audio-382810-1\" preload=\"none\" style=\"width: 100%;\" controls=\"controls\"><source type=\"audio\/mpeg\" src=\"https:\/\/www.radiopiu.net\/wordpress\/wp-content\/uploads\/2024\/04\/GLU.m4a?_=1\" \/><a href=\"https:\/\/www.radiopiu.net\/wordpress\/wp-content\/uploads\/2024\/04\/GLU.m4a\">https:\/\/www.radiopiu.net\/wordpress\/wp-content\/uploads\/2024\/04\/GLU.m4a<\/a><\/audio>\n<p>&nbsp;<\/p>\n<hr \/>\n<\/div>\n<\/div>\n<blockquote>\n<blockquote>\n<h1><span style=\"color: #ff0000;\">I podcast informativi del mattino &#8211; audio &#8211;\u00a0<\/span><\/h1>\n<\/blockquote>\n<p><strong><a class=\"dt-pswp-item\" href=\"https:\/\/www.radiopiu.net\/wordpress\/wp-content\/uploads\/2023\/11\/th-10.jpg\" data-dt-img-description=\"\" data-large_image_width=\"320\" data-large_image_height=\"180\"><img loading=\"lazy\" decoding=\"async\" class=\"wp-image-362866 alignleft\" src=\"https:\/\/www.radiopiu.net\/wordpress\/wp-content\/uploads\/2023\/11\/th-10-300x169.jpg\" alt=\"\" width=\"185\" height=\"104\" srcset=\"https:\/\/www.radiopiu.net\/wordpress\/wp-content\/uploads\/2023\/11\/th-10-300x169.jpg 300w, https:\/\/www.radiopiu.net\/wordpress\/wp-content\/uploads\/2023\/11\/th-10.jpg 320w\" sizes=\"auto, (max-width: 185px) 100vw, 185px\" \/><\/a>LA RASSEGNA STAMPA NAZIONALE ALLA RADIO, OGNI GIORNO ALLE 5 E ALLE 6 DEL MATTINO <span style=\"color: #0000ff;\">viene pubblicata alle 6.00 <span style=\"color: #ff0000;\">DIRETTA RADIO\u00a0 \u00a0\u00a0<\/span><\/span><\/strong><\/p>\n<p>&nbsp;<\/p>\n<p>&nbsp;<\/p><\/blockquote>\n<p><strong>DI STEFANO FAMA&#8217;<\/strong><br \/>\n<strong>Politica<\/strong> In Piemonte si dimette il Dem Gallo capogruppo regionale. <strong>Guerra<\/strong> Ucraina Russia e sulla striscia di Gaza. <strong>Roma<\/strong> la borseggiatrice picchiata in metr\u00f2 partorisce in emergenza. <strong>Economia<\/strong> si smantella la Mirafiori. <strong>Aosta<\/strong> donna trovata morta per le ferite gravi. <strong>Enna<\/strong> forte emissione di cenere. <strong>Bari<\/strong> domenica dal sapore estivo. <strong>Sport<\/strong> ciclismo la Parighe Roubaix<\/p>\n<h2>AUDIO dalle 7 del mattino<\/h2>\n<audio class=\"wp-audio-shortcode\" id=\"audio-382810-2\" preload=\"none\" style=\"width: 100%;\" controls=\"controls\"><source type=\"audio\/mpeg\" src=\"https:\/\/www.radiopiu.net\/wordpress\/wp-content\/uploads\/2024\/04\/GIORNALEDELLESEI-7.mp3?_=2\" \/><a href=\"https:\/\/www.radiopiu.net\/wordpress\/wp-content\/uploads\/2024\/04\/GIORNALEDELLESEI-7.mp3\">https:\/\/www.radiopiu.net\/wordpress\/wp-content\/uploads\/2024\/04\/GIORNALEDELLESEI-7.mp3<\/a><\/audio>\n<p>&nbsp;<\/p>\n<p>&nbsp;<\/p>\n<hr \/>\n<p>&nbsp;<\/p>\n<h1 style=\"text-align: center;\"><span style=\"color: #ff0000;\">I podcast informativi del mattino &#8211; audio &#8211;\u00a0<\/span><\/h1>\n<p><strong><a class=\"dt-pswp-item\" href=\"https:\/\/www.radiopiu.net\/wordpress\/wp-content\/uploads\/2023\/12\/images.png\" data-dt-img-description=\"\" data-large_image_width=\"316\" data-large_image_height=\"160\"><img loading=\"lazy\" decoding=\"async\" class=\"wp-image-367008 alignleft\" src=\"https:\/\/www.radiopiu.net\/wordpress\/wp-content\/uploads\/2023\/12\/images-300x152.png\" alt=\"\" width=\"235\" height=\"119\" srcset=\"https:\/\/www.radiopiu.net\/wordpress\/wp-content\/uploads\/2023\/12\/images-300x152.png 300w, https:\/\/www.radiopiu.net\/wordpress\/wp-content\/uploads\/2023\/12\/images.png 316w\" sizes=\"auto, (max-width: 235px) 100vw, 235px\" \/><\/a>OGNI GIORNO ALLE SETTE DEL MATTINO, LA RASSEGNA STAMPA LOCALE FLASH&#8230; PER CHI VA IN FRETTA. I TITOLI DAI GIORNALI E DAL SITO WWW.RADIOPIU.NET <span style=\"color: #0000ff;\">viene pubblicato alle 7.00<\/span> <span style=\"color: #ff0000;\">DIRETTA RADIO\u00a0<\/span><\/strong><\/p>\n<p><em><span style=\"color: #ff0000;\">per chi va in fretta&#8230; tante notizie in pochi minuti. L&#8217;informazione locale alla radio, ogni ora dalle 7 del mattino alle 19 della sera.\u00a0 \u00a0 \u00a0\u00a0<\/span><\/em><\/p>\n<p>&nbsp;<\/p>\n<p><strong>ROCCA PIETORE\u00a0<\/strong> per lavori alla rete idrica comunale, oggi e domani dalle 8 alle 17, verr\u00e0 sospesa l\u2019erogazione dell\u2019acqua nelle localit\u00e0 CAPOLUOGO, SORARU\u2019 e PEZZE\u2019.<br \/>\n<strong>GOSALDO<\/strong> riaperta regolarmente al traffico la S.P. 3 \u201cValle Imperina\u201d in localit\u00e0 Capitel del Pian, chiusa venerd\u00ec a causa di una nuova frana<br \/>\n<strong>AGORDO<\/strong> Questa sera consiglio comunale, in diretta sui canali social di RADIOPIU<br \/>\n<strong>CORTINA<\/strong> Sabato VALANGA A COL BECHEI, NESSUN COINVOLTO<br \/>\n<strong>FELTRE<\/strong> Incidente durante il Motogiro: Ragazzino Ferito, Soccorso dall&#8217;Elicottero Suem<br \/>\n<strong>SOVRAMONTE<\/strong> INFORTUNIO DURANTE LA MANUTENZIONE DI UN SENTIERO a Malga Tavernazzo, uno degli 8 componenti ha riportato un trauma alla caviglia<br \/>\n<strong>BELLUNO<\/strong> Il paziente affetto da meningite da meningococco, ricoverato nella Rianimazione del San Martino di Belluno da ieri, rimane stabile con prognosi riservata.<br \/>\n<strong>CALALZO<\/strong> I vigili del fuoco sono intervenuti con l&#8217;elicottero Drago per spegnere un incendio alla canna fumaria del rifugio Chiggiato, situato oltre quota 1900 a Calalzo. L&#8217;emergenza \u00e8 stata risolta dai gestori della struttura con un estintore, mentre l&#8217;elicottero ha trasportato rapidamente la squadra dei vigili del fuoco in cima per effettuare le necessarie verifiche e prevenire ulteriori problemi.<br \/>\n<strong>ALPAGO<\/strong> Un conducente esce di strada poco prima dell&#8217;abitato di Poiatte, nel comune di Alpago, verso le 22:45 di ieri sera. La sua automobile si capovolge, ma fortunatamente le sue condizioni non sembrano gravi. Sul posto intervenuti carabinieri, vigili del fuoco, volontari e l&#8217;ambulanza del Suem. La strada \u00e8 stata chiusa temporaneamente per la pulizia del manto stradale.<\/p>\n<h2>AUDIO dalle 7 del mattino<\/h2>\n<audio class=\"wp-audio-shortcode\" id=\"audio-382810-3\" preload=\"none\" style=\"width: 100%;\" controls=\"controls\"><source type=\"audio\/mpeg\" src=\"https:\/\/www.radiopiu.net\/wordpress\/wp-content\/uploads\/2024\/04\/GF07-5.mp3?_=3\" \/><a href=\"https:\/\/www.radiopiu.net\/wordpress\/wp-content\/uploads\/2024\/04\/GF07-5.mp3\">https:\/\/www.radiopiu.net\/wordpress\/wp-content\/uploads\/2024\/04\/GF07-5.mp3<\/a><\/audio>\n<p>&nbsp;<\/p>\n<p>&nbsp;<\/p>\n<hr \/>\n<p>&nbsp;<\/p>\n<h1><\/h1>\n<h1 style=\"text-align: center;\"><span style=\"color: #ff0000;\"><a class=\"dt-pswp-item\" href=\"https:\/\/www.radiopiu.net\/wordpress\/wp-content\/uploads\/2022\/01\/026c3f9d-dae9-4040-a3c1-a6530231bcc3.jpg\" data-dt-img-description=\"\" data-large_image_width=\"1152\" data-large_image_height=\"2048\"><img loading=\"lazy\" decoding=\"async\" class=\"wp-image-251839 alignleft\" src=\"https:\/\/www.radiopiu.net\/wordpress\/wp-content\/uploads\/2022\/01\/026c3f9d-dae9-4040-a3c1-a6530231bcc3-169x300.jpg\" alt=\"\" width=\"100\" height=\"177\" srcset=\"https:\/\/www.radiopiu.net\/wordpress\/wp-content\/uploads\/2022\/01\/026c3f9d-dae9-4040-a3c1-a6530231bcc3-169x300.jpg 169w, https:\/\/www.radiopiu.net\/wordpress\/wp-content\/uploads\/2022\/01\/026c3f9d-dae9-4040-a3c1-a6530231bcc3-576x1024.jpg 576w, https:\/\/www.radiopiu.net\/wordpress\/wp-content\/uploads\/2022\/01\/026c3f9d-dae9-4040-a3c1-a6530231bcc3-768x1365.jpg 768w, https:\/\/www.radiopiu.net\/wordpress\/wp-content\/uploads\/2022\/01\/026c3f9d-dae9-4040-a3c1-a6530231bcc3-864x1536.jpg 864w, https:\/\/www.radiopiu.net\/wordpress\/wp-content\/uploads\/2022\/01\/026c3f9d-dae9-4040-a3c1-a6530231bcc3.jpg 1152w\" sizes=\"auto, (max-width: 100px) 100vw, 100px\" \/><\/a>I podcast informativi del mattino &#8211; audio &#8211;\u00a0<\/span><\/h1>\n<blockquote><p><strong>GIORNALE RADIO NAZIONALE, EDIZIONE DELLE SETTE <span style=\"color: #0000ff;\">viene pubblicato alle 7.05 <span style=\"color: #ff0000;\">DIRETTA RADIO\u00a0<\/span><\/span><\/strong><\/p><\/blockquote>\n<p><strong>il giornale radionazionale e&#8217; in onda ogni ora, dalle sette del mattino alle venti della sera\u00a0\u00a0<\/strong><\/p>\n<p>&nbsp;<\/p>\n<p><strong>Guerra Medi Oriente<\/strong> 185 giorni dall&#8217;inizio della crisi a Gaza. Il Ministro israeliano in visita in Italia. <strong>Guerra in Ucraina<\/strong> 175 giorni, le minacce e le paure. Piano segreto di <strong>Trump<\/strong> per la fine del conflitto. Panico nei cieli per la perdita della copertura dei mtori dell&#8217;aereo. <strong>Gallo<\/strong> in Piemonte ritira la candidatura e si dimette.<\/p>\n<h2>AUDIO dalle sette del mattino, ogni ora alla radio<\/h2>\n<audio class=\"wp-audio-shortcode\" id=\"audio-382810-4\" preload=\"none\" style=\"width: 100%;\" controls=\"controls\"><source type=\"audio\/mpeg\" src=\"https:\/\/www.radiopiu.net\/wordpress\/wp-content\/uploads\/2024\/04\/giornale07-7.mp3?_=4\" \/><a href=\"https:\/\/www.radiopiu.net\/wordpress\/wp-content\/uploads\/2024\/04\/giornale07-7.mp3\">https:\/\/www.radiopiu.net\/wordpress\/wp-content\/uploads\/2024\/04\/giornale07-7.mp3<\/a><\/audio>\n<p>&nbsp;<\/p>\n<p>&nbsp;<\/p>\n<h2><\/h2>\n<hr \/>\n<p>&nbsp;<\/p>\n<p>&nbsp;<\/p>\n<h1><span style=\"color: #ff0000;\">I podcast informativi del mattino &#8211; video &#8211;\u00a0<\/span><\/h1>\n<h2><strong><a class=\"dt-pswp-item\" href=\"https:\/\/www.radiopiu.net\/wordpress\/wp-content\/uploads\/2023\/12\/th-10.jpg\" data-dt-img-description=\"\" data-large_image_width=\"245\" data-large_image_height=\"180\"><img loading=\"lazy\" decoding=\"async\" class=\" wp-image-367395 alignleft\" src=\"https:\/\/www.radiopiu.net\/wordpress\/wp-content\/uploads\/2023\/12\/th-10.jpg\" alt=\"\" width=\"166\" height=\"122\" \/><\/a>RASSEGNA STAMPA LOCALE, ORE OTTO 05<\/strong><\/h2>\n<h2><strong> <span style=\"color: #0000ff;\">viene\u00a0 <\/span><\/strong><strong><span style=\"color: #0000ff;\">pubblicata alle 8.05 <span style=\"color: #ff0000;\">DIRETTA RADIO\u00a0\u00a0<\/span><\/span><\/strong><\/h2>\n<p><strong>DI MIRKO MEZZACASA\u00a0 \u00a0\u00a0<\/strong><\/p>\n<h2><strong>VIDEO\u00a0 \u00a0in diretta dalle 8 del mattino<\/strong><\/h2>\n<p>&nbsp;<\/p>\n<p><iframe loading=\"lazy\" title=\"DAL 1983 LA RASSEGNA STAMPA LOCALE di mirko mezzacasa. L&#039;ORIGINALE\" width=\"1200\" height=\"675\" src=\"https:\/\/www.youtube.com\/embed\/X64YaCS-nM4?feature=oembed\" frameborder=\"0\" allow=\"accelerometer; autoplay; clipboard-write; encrypted-media; gyroscope; picture-in-picture; web-share\" referrerpolicy=\"strict-origin-when-cross-origin\" allowfullscreen><\/iframe><\/p>\n<p><a class=\"dt-pswp-item\" href=\"https:\/\/www.radiopiu.net\/wordpress\/wp-content\/uploads\/2024\/04\/COOP1.png\" data-dt-img-description=\"\" data-large_image_width=\"500\" data-large_image_height=\"310\"><img loading=\"lazy\" decoding=\"async\" class=\"size-medium wp-image-383103 alignleft\" src=\"https:\/\/www.radiopiu.net\/wordpress\/wp-content\/uploads\/2024\/04\/COOP1-300x186.png\" alt=\"\" width=\"300\" height=\"186\" srcset=\"https:\/\/www.radiopiu.net\/wordpress\/wp-content\/uploads\/2024\/04\/COOP1-300x186.png 300w, https:\/\/www.radiopiu.net\/wordpress\/wp-content\/uploads\/2024\/04\/COOP1.png 500w\" sizes=\"auto, (max-width: 300px) 100vw, 300px\" \/><\/a><strong>BELLUNO<\/strong> Il tenente colonnello Christian Costantini, dopo aver guidato il Reparto Operativo dei Carabinieri in provincia, assume il ruolo di dirigente della Polizia Giudiziaria presso la procura di Venezia, guidata da Bruno Cherchi.<br \/>\n<strong>BELLUNO\u00a0<\/strong>Sette nuovi incarichi dirigenziali sono stati assegnati nell&#8217;Ulss Dolomiti questa settimana, ciascuno della durata di cinque anni con possibilit\u00e0 di rinnovo.<br \/>\n<strong>BELLUNO<\/strong> L&#8217;Associazione Italiana contro le leucemie ha donato 25 mila euro per un sistema di terapia isotermica all&#8217;Oncologia di Belluno.<br \/>\n<strong>MESTRE<\/strong> Sabato la manifestazione regionale in difesa della sanit\u00e0 pubblica. Presente anche il presidio di Libera Agordino.<br \/>\n<strong>SAVE THE DATE FESTIVA<\/strong>L, UN GRANDE SUCCESSO AL RIFUGIO LARESEI PER UN FINE STAGIONE DA INCORNICIARE.<br \/>\n<strong>ROCCA PIETORE<\/strong> In una giornata splendida e calda si \u00e8 svolta sabato a Malga Ciapela sotto alla Marmolada l&#8217;edizione 2024 della Sbris\u00e8da, la sciata in abiti vintage. Sono 58 gli sciatori che si sono presentati per una mattinata all&#8217;insegna del divertimento.<br \/>\n<strong>FELTRE<\/strong> L&#8217;assemblea costitutiva del Biodistretto Terre Bellunesi si terr\u00e0 il 13 aprile, segnando la nascita ufficiale del primo Distretto Biologico della provincia di Belluno<\/p>\n<p>&nbsp;<\/p>\n<p>&nbsp;<\/p>\n<hr \/>\n<p>&nbsp;<\/p>\n<blockquote>\n<h2>Perdite d&#8217;Acqua a Sedico: Un Problema Persistente Ignorato<\/h2>\n<\/blockquote>\n<div class=\"flex-1 overflow-hidden\">\n<div class=\"react-scroll-to-bottom--css-nihny-79elbk h-full\">\n<div class=\"react-scroll-to-bottom--css-nihny-1n7m0yu\">\n<div class=\"flex flex-col text-sm pb-9\">\n<div class=\"w-full text-token-text-primary\" data-testid=\"conversation-turn-61\">\n<div class=\"px-4 py-2 justify-center text-base md:gap-6 m-auto\">\n<div class=\"flex flex-1 text-base mx-auto gap-3 md:px-5 lg:px-1 xl:px-5 md:max-w-3xl lg:max-w-[40rem] xl:max-w-[48rem] group final-completion\">\n<div class=\"relative flex w-full flex-col agent-turn\">\n<div class=\"flex-col gap-1 md:gap-3\">\n<div class=\"flex flex-grow flex-col max-w-full\">\n<div class=\"min-h-[20px] text-message flex flex-col items-start gap-3 whitespace-pre-wrap break-words [.text-message+&amp;]:mt-5 overflow-x-auto\" data-message-author-role=\"assistant\" data-message-id=\"979e29de-7c57-48e9-8a9f-2d4f670bae41\">\n<div class=\"markdown prose w-full break-words dark:prose-invert dark\">\n<blockquote><p><em>Un residente di Sedico si lamenta del silenzio della societ\u00e0 riguardo a una perdita d&#8217;acqua che allaga il suo prato da un mese. Nonostante le promesse di intervento, nessun contatto \u00e8 stato effettuato. La societ\u00e0 aveva gi\u00e0 risolto un problema simile l&#8217;anno precedente nello stesso luogo, ma il lavoro rimandato \u00e8 rimasto incompiuto.<\/em><\/p><\/blockquote>\n<\/div>\n<\/div>\n<\/div>\n<\/div>\n<\/div>\n<\/div>\n<\/div>\n<\/div>\n<\/div>\n<\/div>\n<\/div>\n<\/div>\n<blockquote>\n<h3><a class=\"dt-pswp-item\" href=\"https:\/\/www.radiopiu.net\/wordpress\/wp-content\/uploads\/2020\/02\/chiesa-sedico.jpg\" data-dt-img-description=\"\" data-large_image_width=\"768\" data-large_image_height=\"407\"><img loading=\"lazy\" decoding=\"async\" class=\" wp-image-117148 alignleft\" src=\"https:\/\/www.radiopiu.net\/wordpress\/wp-content\/uploads\/2020\/02\/chiesa-sedico-300x159.jpg\" alt=\"\" width=\"234\" height=\"124\" srcset=\"https:\/\/www.radiopiu.net\/wordpress\/wp-content\/uploads\/2020\/02\/chiesa-sedico-300x159.jpg 300w, https:\/\/www.radiopiu.net\/wordpress\/wp-content\/uploads\/2020\/02\/chiesa-sedico.jpg 768w\" sizes=\"auto, (max-width: 234px) 100vw, 234px\" \/><\/a>DILLO A RADIO PIU&#8217;&#8230;. GSP E PERDITE A SEDICO<\/h3>\n<p>RICEVIAMO E PUBBLICHIAMO<\/p>\n<p><strong>SEDICO: <\/strong>\u00a0Nonostante le varie chiamate, non ho avuto nessun contatto da parte della societ\u00e0 come promesso, per una perdita d&#8217; acqua che si riversa nel mio prato.\u00a0 Una perdita che va avanti da un mese con una fuoriuscita di parecchi litri d&#8217;acqua allagando il terreno fino in prossimit\u00e0 della casa. Un problema che la societ\u00e0 conosce gi\u00e0, essendo intervenuta gi\u00e0 l&#8217; anno scorso per un&#8217;altra perdita sempre nello stesso posto e rimandando il lavoro che doveva essere stato fatto.<\/p><\/blockquote>\n<p>&nbsp;<\/p>\n<p>&nbsp;<\/p>\n<hr \/>\n<p>&nbsp;<\/p>\n<blockquote>\n<h3>VALANGA A COL BECHEI, NESSUN COINVOLTO<\/h3>\n<\/blockquote>\n<p><strong><a class=\"dt-pswp-item\" href=\"https:\/\/www.radiopiu.net\/wordpress\/wp-content\/uploads\/2024\/04\/Watermark_20240406_161717_444.jpg\" data-dt-img-description=\"\" data-large_image_width=\"2364\" data-large_image_height=\"1773\"><img loading=\"lazy\" decoding=\"async\" class=\" wp-image-382856 alignleft\" src=\"https:\/\/www.radiopiu.net\/wordpress\/wp-content\/uploads\/2024\/04\/Watermark_20240406_161717_444-300x225.jpg\" alt=\"\" width=\"169\" height=\"127\" srcset=\"https:\/\/www.radiopiu.net\/wordpress\/wp-content\/uploads\/2024\/04\/Watermark_20240406_161717_444-300x225.jpg 300w, https:\/\/www.radiopiu.net\/wordpress\/wp-content\/uploads\/2024\/04\/Watermark_20240406_161717_444-1024x768.jpg 1024w, https:\/\/www.radiopiu.net\/wordpress\/wp-content\/uploads\/2024\/04\/Watermark_20240406_161717_444-768x576.jpg 768w, https:\/\/www.radiopiu.net\/wordpress\/wp-content\/uploads\/2024\/04\/Watermark_20240406_161717_444-1536x1152.jpg 1536w, https:\/\/www.radiopiu.net\/wordpress\/wp-content\/uploads\/2024\/04\/Watermark_20240406_161717_444-2048x1536.jpg 2048w\" sizes=\"auto, (max-width: 169px) 100vw, 169px\" \/><\/a>CORTINA<\/strong> Sabato verso mezzogiorno e mezza l&#8217;elicottero del Suem di Pieve di Cadore \u00e8 volato in direzione del Col Bechei a Cortina d&#8217;Ampezzo, a seguito dell&#8217;allertamento da parte dei Vigili del fuoco, che avevano ricevuto la segnalazione di alcuni testimoni. I chiamanti, che avevano assistito al distacco, informavano della certezza che non vi fossero travolti. Per sicurezza l&#8217;eliambulanza ha effettuato la bonifica della valanga, escludendo la presenza di coinvolti. Verso le 14.30 l&#8217;elicottero \u00e8 poi volato sul Pian del Crep, Val di Zoldo, dove un escursionista aveva accusato un leggero malore che gli impediva di proseguire autonomamente. Il 76enne di Spinea (VE) \u00e8 stato quindi recuperato e trasportato per i dovuti accertamenti all&#8217;ospedale di Agordo.<\/p>\n<p>&nbsp;<\/p>\n<p>&nbsp;<\/p>\n<hr \/>\n<p>&nbsp;<\/p>\n<blockquote>\n<h3><strong><a class=\"dt-pswp-item\" href=\"https:\/\/www.radiopiu.net\/wordpress\/wp-content\/uploads\/2024\/04\/Senza-nome-9.png\" data-dt-img-description=\"\" data-large_image_width=\"229\" data-large_image_height=\"144\"><img loading=\"lazy\" decoding=\"async\" class=\" wp-image-383097 alignleft\" src=\"https:\/\/www.radiopiu.net\/wordpress\/wp-content\/uploads\/2024\/04\/Senza-nome-9.png\" alt=\"\" width=\"159\" height=\"100\" \/><\/a>Incidente durante il Motogiro: Ragazzino Ferito, Soccorso dall&#8217;Elicottero Suem<\/strong><\/h3>\n<\/blockquote>\n<p><strong>FELTRE<\/strong>\u00a0Durante il Motogiro da Cesiomaggiore a Santa Giustina, un ragazzo di quattordici anni perde il controllo del ciclomotore e si schianta contro un palo della luce a Lamen. L&#8217;impatto provoca un trauma toracico e la perdita di conoscenza. L&#8217;elicottero del Suem interviene per trasportare il giovane all&#8217;ospedale di Belluno, dove viene risvegliato e sottoposto a esami, che rivelano una frattura alla caviglia. I carabinieri di Trichiana raccolgono testimonianze mentre il presidente del Motogiro esprime sollievo per le notizie confortanti sulle condizioni del ragazzo, notando l&#8217;importanza della prudenza durante eventi motoristici di massa.<\/p>\n<p>&nbsp;<\/p>\n<p>&nbsp;<\/p>\n<hr \/>\n<p>&nbsp;<\/p>\n<blockquote>\n<h3>INFORTUNIO DURANTE LA MANUTENZIONE DI UN SENTIERO<\/h3>\n<\/blockquote>\n<p><strong><a class=\"dt-pswp-item\" href=\"https:\/\/www.radiopiu.net\/wordpress\/wp-content\/uploads\/2022\/04\/soccorso-alpino-1024x602-1.jpg\" data-dt-img-description=\"\" data-large_image_width=\"1024\" data-large_image_height=\"602\"><img loading=\"lazy\" decoding=\"async\" class=\" wp-image-270917 alignleft\" src=\"https:\/\/www.radiopiu.net\/wordpress\/wp-content\/uploads\/2022\/04\/soccorso-alpino-1024x602-1-300x176.jpg\" alt=\"\" width=\"162\" height=\"95\" srcset=\"https:\/\/www.radiopiu.net\/wordpress\/wp-content\/uploads\/2022\/04\/soccorso-alpino-1024x602-1-300x176.jpg 300w, https:\/\/www.radiopiu.net\/wordpress\/wp-content\/uploads\/2022\/04\/soccorso-alpino-1024x602-1-768x452.jpg 768w, https:\/\/www.radiopiu.net\/wordpress\/wp-content\/uploads\/2022\/04\/soccorso-alpino-1024x602-1.jpg 1024w\" sizes=\"auto, (max-width: 162px) 100vw, 162px\" \/><\/a>SOVRAMONTE<\/strong> Verso le 16 di ieri la Centrale del Suem \u00e8 stata contattata da un gruppo, impegnato nella manutenzione del sentiero che da Sovramonte porta a Malga Tavernazzo, poich\u00e9 uno degli 8 componenti aveva riportato un sospetto trauma alla caviglia durante i lavori. Stabilite le coordinate del punto in cui si trovavano, sul posto \u00e8 volato l&#8217;elicottero del Suem di Pieve di Cadore, che ha individuato l&#8217;infortunato, anche grazie al varco nella vegetazione aperto dai compagni per facilitare le manovre di recupero. Caricato a bordo, il 64enne di Sovramonte \u00e8 stato trasportato all&#8217;ospedale di Feltre. Pronto a intervenire in supporto alle operazioni anche il Soccorso alpino di Feltre.<\/p>\n<p>&nbsp;<\/p>\n<p>&nbsp;<\/p>\n<hr \/>\n<p>&nbsp;<\/p>\n<blockquote>\n<h3>CONDIZIONI STABILI DEL 55ENNE RICOVERATO PER MENINGITE<\/h3>\n<\/blockquote>\n<p><strong><a class=\"dt-pswp-item\" href=\"https:\/\/www.radiopiu.net\/wordpress\/wp-content\/uploads\/2024\/04\/OSPEDALE-BELLUNO.jpg\" data-dt-img-description=\"\" data-large_image_width=\"512\" data-large_image_height=\"275\"><img loading=\"lazy\" decoding=\"async\" class=\" wp-image-382849 alignleft\" src=\"https:\/\/www.radiopiu.net\/wordpress\/wp-content\/uploads\/2024\/04\/OSPEDALE-BELLUNO-300x161.jpg\" alt=\"\" width=\"106\" height=\"57\" srcset=\"https:\/\/www.radiopiu.net\/wordpress\/wp-content\/uploads\/2024\/04\/OSPEDALE-BELLUNO-300x161.jpg 300w, https:\/\/www.radiopiu.net\/wordpress\/wp-content\/uploads\/2024\/04\/OSPEDALE-BELLUNO.jpg 512w\" sizes=\"auto, (max-width: 106px) 100vw, 106px\" \/><\/a>BELLUNO<\/strong> Il paziente affetto da meningite da meningococco, ricoverato nella Rianimazione del San Martino di Belluno da ieri, rimane stabile con prognosi riservata. L&#8217;ambulatorio attivato dal Dipartimento di Prevenzione dell&#8217;Ulss Dolomiti ha valutato circa 50 contatti, somministrando la profilassi antibiotica a circa 40 persone.<\/p>\n<p>&nbsp;<\/p>\n<p>&nbsp;<\/p>\n<hr \/>\n<p>&nbsp;<\/p>\n<blockquote>\n<h3><strong><a class=\"dt-pswp-item\" href=\"https:\/\/www.radiopiu.net\/wordpress\/wp-content\/uploads\/2021\/07\/8e4cb94c-a1ab-47d4-abfa-bdd930f07a29.jpg\" data-dt-img-description=\"\" data-large_image_width=\"756\" data-large_image_height=\"756\"><img loading=\"lazy\" decoding=\"async\" class=\"wp-image-222521 alignleft\" src=\"https:\/\/www.radiopiu.net\/wordpress\/wp-content\/uploads\/2021\/07\/8e4cb94c-a1ab-47d4-abfa-bdd930f07a29-300x300.jpg\" alt=\"\" width=\"114\" height=\"114\" srcset=\"https:\/\/www.radiopiu.net\/wordpress\/wp-content\/uploads\/2021\/07\/8e4cb94c-a1ab-47d4-abfa-bdd930f07a29-300x300.jpg 300w, https:\/\/www.radiopiu.net\/wordpress\/wp-content\/uploads\/2021\/07\/8e4cb94c-a1ab-47d4-abfa-bdd930f07a29-150x150.jpg 150w, https:\/\/www.radiopiu.net\/wordpress\/wp-content\/uploads\/2021\/07\/8e4cb94c-a1ab-47d4-abfa-bdd930f07a29.jpg 756w\" sizes=\"auto, (max-width: 114px) 100vw, 114px\" \/><\/a>Elicottero Drago dei Vigili del Fuoco in Azione al Rifugio Chiggiato<\/strong><\/h3>\n<\/blockquote>\n<p><strong>CALALZO<\/strong> I vigili del fuoco sono intervenuti con l&#8217;elicottero Drago per spegnere un incendio alla canna fumaria del rifugio Chiggiato, situato oltre quota 1900 a Calalzo. L&#8217;emergenza \u00e8 stata risolta dai gestori della struttura con un estintore, mentre l&#8217;elicottero ha trasportato rapidamente la squadra dei vigili del fuoco in cima per effettuare le necessarie verifiche e prevenire ulteriori problemi.<\/p>\n<p>&nbsp;<\/p>\n<p>&nbsp;<\/p>\n<hr \/>\n<p>&nbsp;<\/p>\n<blockquote>\n<h3><strong><a class=\"dt-pswp-item\" href=\"https:\/\/www.radiopiu.net\/wordpress\/wp-content\/uploads\/2019\/05\/ELI-SUEM-SOCC-3-1.jpg\" data-dt-img-description=\"\" data-large_image_width=\"1600\" data-large_image_height=\"900\"><img loading=\"lazy\" decoding=\"async\" class=\"wp-image-86194 alignleft\" src=\"https:\/\/www.radiopiu.net\/wordpress\/wp-content\/uploads\/2019\/05\/ELI-SUEM-SOCC-3-1-300x169.jpg\" alt=\"\" width=\"172\" height=\"97\" srcset=\"https:\/\/www.radiopiu.net\/wordpress\/wp-content\/uploads\/2019\/05\/ELI-SUEM-SOCC-3-1-300x169.jpg 300w, https:\/\/www.radiopiu.net\/wordpress\/wp-content\/uploads\/2019\/05\/ELI-SUEM-SOCC-3-1-768x432.jpg 768w, https:\/\/www.radiopiu.net\/wordpress\/wp-content\/uploads\/2019\/05\/ELI-SUEM-SOCC-3-1-1024x576.jpg 1024w, https:\/\/www.radiopiu.net\/wordpress\/wp-content\/uploads\/2019\/05\/ELI-SUEM-SOCC-3-1.jpg 1600w\" sizes=\"auto, (max-width: 172px) 100vw, 172px\" \/><\/a>Incidente a Poiatte, Conducente Trasportato all&#8217;Ospedale San Martino di Belluno<\/strong><\/h3>\n<\/blockquote>\n<p><strong>ALPAGO<\/strong> Un conducente esce di strada poco prima dell&#8217;abitato di Poiatte, nel comune di Alpago, verso le 22:45 di ieri sera. La sua automobile si capovolge, ma fortunatamente le sue condizioni non sembrano gravi. Sul posto intervenuti carabinieri, vigili del fuoco, volontari e l&#8217;ambulanza del Suem. La strada \u00e8 stata chiusa temporaneamente per la pulizia del manto stradale.<\/p>\n<p>&nbsp;<\/p>\n<p>&nbsp;<\/p>\n<hr \/>\n<p>&nbsp;<\/p>\n<blockquote>\n<h3><strong><a class=\"dt-pswp-item\" href=\"https:\/\/www.radiopiu.net\/wordpress\/wp-content\/uploads\/2024\/04\/Senza-nome-10.png\" data-dt-img-description=\"\" data-large_image_width=\"265\" data-large_image_height=\"236\"><img loading=\"lazy\" decoding=\"async\" class=\"wp-image-383100 alignleft\" src=\"https:\/\/www.radiopiu.net\/wordpress\/wp-content\/uploads\/2024\/04\/Senza-nome-10.png\" alt=\"\" width=\"124\" height=\"110\" \/><\/a>Christian Costantini, Nuovo Dirigente della Polizia Giudiziaria a Venezia<\/strong><\/h3>\n<\/blockquote>\n<p><strong>BELLUNO<\/strong> Il tenente colonnello Christian Costantini, dopo aver guidato il Reparto Operativo dei Carabinieri in provincia, assume il ruolo di dirigente della Polizia Giudiziaria presso la procura di Venezia, guidata da Bruno Cherchi. Costantini ha lasciato un&#8217;importante eredit\u00e0 nella tutela del patrimonio artistico e ha coordinato indagini su crimini gravi come l&#8217;omicidio ad Alano di Piave e la strage di Santo Stefano di Cadore. Il suo nuovo incarico si focalizzer\u00e0 anche sulla sicurezza in vista delle Olimpiadi di Cortina.<\/p>\n<p>&nbsp;<\/p>\n<p>&nbsp;<\/p>\n<hr \/>\n<p>&nbsp;<\/p>\n<blockquote>\n<h3>SETTE NUOVI INCARICHI DIRIGENZIALI IN ULSS 1 DOLOMITI<\/h3>\n<\/blockquote>\n<p><strong><a class=\"dt-pswp-item\" href=\"https:\/\/www.radiopiu.net\/wordpress\/wp-content\/uploads\/2024\/04\/WhatsApp-Image-2024-04-06-at-12.12.14.jpeg\" data-dt-img-description=\"\" data-large_image_width=\"1600\" data-large_image_height=\"1200\"><img loading=\"lazy\" decoding=\"async\" class=\" wp-image-382832 alignleft\" src=\"https:\/\/www.radiopiu.net\/wordpress\/wp-content\/uploads\/2024\/04\/WhatsApp-Image-2024-04-06-at-12.12.14-300x225.jpeg\" alt=\"\" width=\"201\" height=\"151\" srcset=\"https:\/\/www.radiopiu.net\/wordpress\/wp-content\/uploads\/2024\/04\/WhatsApp-Image-2024-04-06-at-12.12.14-300x225.jpeg 300w, https:\/\/www.radiopiu.net\/wordpress\/wp-content\/uploads\/2024\/04\/WhatsApp-Image-2024-04-06-at-12.12.14-1024x768.jpeg 1024w, https:\/\/www.radiopiu.net\/wordpress\/wp-content\/uploads\/2024\/04\/WhatsApp-Image-2024-04-06-at-12.12.14-768x576.jpeg 768w, https:\/\/www.radiopiu.net\/wordpress\/wp-content\/uploads\/2024\/04\/WhatsApp-Image-2024-04-06-at-12.12.14-1536x1152.jpeg 1536w, https:\/\/www.radiopiu.net\/wordpress\/wp-content\/uploads\/2024\/04\/WhatsApp-Image-2024-04-06-at-12.12.14.jpeg 1600w\" sizes=\"auto, (max-width: 201px) 100vw, 201px\" \/><\/a>BELLUNO\u00a0<\/strong>Sette nuovi incarichi dirigenziali sono stati assegnati nell&#8217;Ulss Dolomiti questa settimana, ciascuno della durata di cinque anni con possibilit\u00e0 di rinnovo. I nuovi dirigenti sono: Dott.ssa Enrica Novello per l&#8217;UOS Immunoematologia trasfusionale di Feltre, Dott.ssa Alessandra Brandalise per l&#8217;U.O.S. Radiologia di Pieve di Cadore, Dott. Pietro Dell\u2019Oste per l&#8217;U.O.S. Gestione assistenza protesica e ausili, Dott.ssa Maria Barnab\u00f2 per l&#8217;U.O.S. OBI Pieve di Cadore, e Dott. Michele Del Borrello per l&#8217;U.O.S. Diagnosi e trattamento patologie retiniche. Inoltre, due nuovi incarichi di alta specializzazione sono stati conferiti a Dott.ssa Annarita Manigrasso per la Chirurgia ricostruttiva di parete addominale e a Dott.ssa Fabrizia Carlin per l&#8217;Anestesia Pediatrica.<\/p>\n<p>&nbsp;<\/p>\n<p>&nbsp;<\/p>\n<hr \/>\n<p>&nbsp;<\/p>\n<blockquote>\n<h3>GRAZIE ALL\u2019AIL DI BELLUNO: DONATO UN SISTEMA PER LA TERAPIA ISOTERMICA<\/h3>\n<\/blockquote>\n<p><strong><a class=\"dt-pswp-item\" href=\"https:\/\/www.radiopiu.net\/wordpress\/wp-content\/uploads\/2024\/04\/WhatsApp-Image-2024-04-06-at-12.11.26.jpeg\" data-dt-img-description=\"\" data-large_image_width=\"1600\" data-large_image_height=\"1200\"><img loading=\"lazy\" decoding=\"async\" class=\" wp-image-382861 alignleft\" src=\"https:\/\/www.radiopiu.net\/wordpress\/wp-content\/uploads\/2024\/04\/WhatsApp-Image-2024-04-06-at-12.11.26-300x225.jpeg\" alt=\"\" width=\"155\" height=\"116\" srcset=\"https:\/\/www.radiopiu.net\/wordpress\/wp-content\/uploads\/2024\/04\/WhatsApp-Image-2024-04-06-at-12.11.26-300x225.jpeg 300w, https:\/\/www.radiopiu.net\/wordpress\/wp-content\/uploads\/2024\/04\/WhatsApp-Image-2024-04-06-at-12.11.26-1024x768.jpeg 1024w, https:\/\/www.radiopiu.net\/wordpress\/wp-content\/uploads\/2024\/04\/WhatsApp-Image-2024-04-06-at-12.11.26-768x576.jpeg 768w, https:\/\/www.radiopiu.net\/wordpress\/wp-content\/uploads\/2024\/04\/WhatsApp-Image-2024-04-06-at-12.11.26-1536x1152.jpeg 1536w, https:\/\/www.radiopiu.net\/wordpress\/wp-content\/uploads\/2024\/04\/WhatsApp-Image-2024-04-06-at-12.11.26.jpeg 1600w\" sizes=\"auto, (max-width: 155px) 100vw, 155px\" \/><\/a>BELLUNO<\/strong> L&#8217;Associazione Italiana contro le leucemie ha donato 25 mila euro per un sistema di terapia isotermica all&#8217;Oncologia di Belluno. Questo sistema aiuta a mitigare la neuropatia periferica, un effetto collaterale comune della chemioterapia che pu\u00f2 causare insensibilit\u00e0 e dolore ai nervi periferici. La terapia isotermica raffredda mani e piedi prima e dopo l&#8217;infusione del trattamento, riducendo cos\u00ec la tossicit\u00e0 dei farmaci sulle terminazioni nervose. Il direttore della Oncologia, Fable Zustovich, ha elogiato i risultati positivi ottenuti durante la fase di prova. Il Commissario dell\u2019Ulss Dolomiti, Giuseppe Dal Ben, ha ringraziato l&#8217;AIL per la donazione, sottolineando l&#8217;importanza delle loro iniziative per migliorare la cura dei pazienti.<\/p>\n<p>&nbsp;<\/p>\n<p>&nbsp;<\/p>\n<hr \/>\n<p>&nbsp;<\/p>\n<blockquote>\n<h3>A VILLA SAN GIUSEPPE DI LIVINALLONGO I BAMBINI FANNO COMPAGNIA AGLI OSPITI DELLA STRUTTURA<\/h3>\n<\/blockquote>\n<p><strong>LIVINALLONGO<\/strong> Grazie alla collaborazione con la casa di riposo &#8220;Villa San Giuseppe&#8221; di Pieve di Livinallongo, i bambini del percorso linguistico Hocus&amp;Lotus con l&#8217;insegnante Claudia Soppelsa hanno portato gioia ai nonni ospiti. Dopo gli studenti delle scuole medie che hanno raccontato il loro viaggio in Irlanda, i bambini hanno condiviso momenti di svago e interazione con i residenti. I piccoli hanno presentato i loro amici draghetti Hocus&amp;Lotus e insieme hanno cantato, ballato, guardato cartoni in inglese e colorato. Anche i nonni con gravi problemi di demenza senile sembravano pi\u00f9 lucidi durante la visita, secondo la psicologa della struttura. Questo progetto mira a migliorare il benessere psicologico degli anziani, riducendo la solitudine e promuovendo la condivisione. Il progetto ha ricevuto il patrocinio del Comune di Livinallongo del Col di Lana e ringrazia tutto lo staff della casa di riposo, in particolare Marina Baiolla ed Elisa Da Pian, oltre ai bambini e ragazzi partecipanti.<\/p>\n\n\t\t\t<style type='text\/css'>\n\t\t\t\t#gallery-1 {\n\t\t\t\t\tmargin: auto;\n\t\t\t\t}\n\t\t\t\t#gallery-1 .gallery-item {\n\t\t\t\t\tfloat: left;\n\t\t\t\t\tmargin-top: 10px;\n\t\t\t\t\ttext-align: center;\n\t\t\t\t\twidth: 33%;\n\t\t\t\t}\n\t\t\t\t#gallery-1 img {\n\t\t\t\t\tborder: 2px solid #cfcfcf;\n\t\t\t\t}\n\t\t\t\t#gallery-1 .gallery-caption {\n\t\t\t\t\tmargin-left: 0;\n\t\t\t\t}\n\t\t\t\t\/* see gallery_shortcode() in wp-includes\/media.php *\/\n\t\t\t<\/style>\n\t\t<div id='gallery-1' class='dt-gallery-container gallery galleryid-382810 gallery-columns-3 gallery-size-thumbnail'><dl class='gallery-item'>\n\t\t\t\t<dt class='gallery-icon landscape'>\n\t\t\t\t\t<a class=\"rollover rollover-zoom dt-pswp-item\" title=\"57fbcc15-b13a-4be4-8ec4-8b26e026e3d0\" data-dt-img-description=\"\" data-large_image_width=\"1080\" data-large_image_height=\"810\"href='https:\/\/www.radiopiu.net\/wordpress\/wp-content\/uploads\/2024\/04\/57fbcc15-b13a-4be4-8ec4-8b26e026e3d0.jpg'><img loading=\"lazy\" decoding=\"async\" width=\"150\" height=\"150\" src=\"https:\/\/www.radiopiu.net\/wordpress\/wp-content\/uploads\/2024\/04\/57fbcc15-b13a-4be4-8ec4-8b26e026e3d0-150x150.jpg\" class=\"attachment-thumbnail size-thumbnail\" alt=\"\" \/><\/a>\n\t\t\t\t<\/dt><\/dl><dl class='gallery-item'>\n\t\t\t\t<dt class='gallery-icon portrait'>\n\t\t\t\t\t<a class=\"rollover rollover-zoom dt-pswp-item\" title=\"f8cb07b9-ba20-488d-a76b-346dc20ceb27\" data-dt-img-description=\"\" data-large_image_width=\"1080\" data-large_image_height=\"1440\"href='https:\/\/www.radiopiu.net\/wordpress\/wp-content\/uploads\/2024\/04\/f8cb07b9-ba20-488d-a76b-346dc20ceb27.jpg'><img loading=\"lazy\" decoding=\"async\" width=\"150\" height=\"150\" src=\"https:\/\/www.radiopiu.net\/wordpress\/wp-content\/uploads\/2024\/04\/f8cb07b9-ba20-488d-a76b-346dc20ceb27-150x150.jpg\" class=\"attachment-thumbnail size-thumbnail\" alt=\"\" \/><\/a>\n\t\t\t\t<\/dt><\/dl><dl class='gallery-item'>\n\t\t\t\t<dt class='gallery-icon landscape'>\n\t\t\t\t\t<a class=\"rollover rollover-zoom dt-pswp-item\" title=\"e7f68a89-8be0-422e-81fd-2a856a12f31e\" data-dt-img-description=\"\" data-large_image_width=\"1600\" data-large_image_height=\"1200\"href='https:\/\/www.radiopiu.net\/wordpress\/wp-content\/uploads\/2024\/04\/e7f68a89-8be0-422e-81fd-2a856a12f31e.jpg'><img loading=\"lazy\" decoding=\"async\" width=\"150\" height=\"150\" src=\"https:\/\/www.radiopiu.net\/wordpress\/wp-content\/uploads\/2024\/04\/e7f68a89-8be0-422e-81fd-2a856a12f31e-150x150.jpg\" class=\"attachment-thumbnail size-thumbnail\" alt=\"\" \/><\/a>\n\t\t\t\t<\/dt><\/dl><br style=\"clear: both\" \/>\n\t\t\t<\/div>\n\n<p>&nbsp;<\/p>\n<hr \/>\n<p>&nbsp;<\/p>\n<blockquote>\n<h3>MANIFESTAZIONE REGIONALE IN DIFESA DELLA SANITA&#8217; PUBBLICA. PRESENTE ANCHE LIBERA AGORDINO<\/h3>\n<\/blockquote>\n<p><strong>MESTRE<\/strong> Sabato la manifestazione regionale in difesa della sanit\u00e0 pubblica. Presente anche il presidio di Libera Agordino.<\/p>\n\n\t\t\t<style type='text\/css'>\n\t\t\t\t#gallery-2 {\n\t\t\t\t\tmargin: auto;\n\t\t\t\t}\n\t\t\t\t#gallery-2 .gallery-item {\n\t\t\t\t\tfloat: left;\n\t\t\t\t\tmargin-top: 10px;\n\t\t\t\t\ttext-align: center;\n\t\t\t\t\twidth: 14%;\n\t\t\t\t}\n\t\t\t\t#gallery-2 img {\n\t\t\t\t\tborder: 2px solid #cfcfcf;\n\t\t\t\t}\n\t\t\t\t#gallery-2 .gallery-caption {\n\t\t\t\t\tmargin-left: 0;\n\t\t\t\t}\n\t\t\t\t\/* see gallery_shortcode() in wp-includes\/media.php *\/\n\t\t\t<\/style>\n\t\t<div id='gallery-2' class='dt-gallery-container gallery galleryid-382810 gallery-columns-7 gallery-size-thumbnail'><dl class='gallery-item'>\n\t\t\t\t<dt class='gallery-icon landscape'>\n\t\t\t\t\t<a class=\"rollover rollover-zoom dt-pswp-item\" title=\"920d7ce0-827b-4531-bcae-4010a5fddeea\" data-dt-img-description=\"\" data-large_image_width=\"1920\" data-large_image_height=\"1080\"href='https:\/\/www.radiopiu.net\/wordpress\/wp-content\/uploads\/2024\/04\/920d7ce0-827b-4531-bcae-4010a5fddeea.jpg'><img loading=\"lazy\" decoding=\"async\" width=\"150\" height=\"150\" src=\"https:\/\/www.radiopiu.net\/wordpress\/wp-content\/uploads\/2024\/04\/920d7ce0-827b-4531-bcae-4010a5fddeea-150x150.jpg\" class=\"attachment-thumbnail size-thumbnail\" alt=\"\" \/><\/a>\n\t\t\t\t<\/dt><\/dl><dl class='gallery-item'>\n\t\t\t\t<dt class='gallery-icon portrait'>\n\t\t\t\t\t<a class=\"rollover rollover-zoom dt-pswp-item\" title=\"45ec442d-3b5b-4e90-a22f-23107e3b9b8a\" data-dt-img-description=\"\" data-large_image_width=\"1080\" data-large_image_height=\"1920\"href='https:\/\/www.radiopiu.net\/wordpress\/wp-content\/uploads\/2024\/04\/45ec442d-3b5b-4e90-a22f-23107e3b9b8a.jpg'><img loading=\"lazy\" decoding=\"async\" width=\"150\" height=\"150\" src=\"https:\/\/www.radiopiu.net\/wordpress\/wp-content\/uploads\/2024\/04\/45ec442d-3b5b-4e90-a22f-23107e3b9b8a-150x150.jpg\" class=\"attachment-thumbnail size-thumbnail\" alt=\"\" \/><\/a>\n\t\t\t\t<\/dt><\/dl><dl class='gallery-item'>\n\t\t\t\t<dt class='gallery-icon landscape'>\n\t\t\t\t\t<a class=\"rollover rollover-zoom dt-pswp-item\" title=\"7fedfd0b-63ac-4d18-a2eb-32ee383e7a18\" data-dt-img-description=\"\" data-large_image_width=\"1920\" data-large_image_height=\"1080\"href='https:\/\/www.radiopiu.net\/wordpress\/wp-content\/uploads\/2024\/04\/7fedfd0b-63ac-4d18-a2eb-32ee383e7a18.jpg'><img loading=\"lazy\" decoding=\"async\" width=\"150\" height=\"150\" src=\"https:\/\/www.radiopiu.net\/wordpress\/wp-content\/uploads\/2024\/04\/7fedfd0b-63ac-4d18-a2eb-32ee383e7a18-150x150.jpg\" class=\"attachment-thumbnail size-thumbnail\" alt=\"\" \/><\/a>\n\t\t\t\t<\/dt><\/dl><dl class='gallery-item'>\n\t\t\t\t<dt class='gallery-icon landscape'>\n\t\t\t\t\t<a class=\"rollover rollover-zoom dt-pswp-item\" title=\"e3fa8d04-606e-45a5-a0fd-46ce583fae3e\" data-dt-img-description=\"\" data-large_image_width=\"1920\" data-large_image_height=\"1080\"href='https:\/\/www.radiopiu.net\/wordpress\/wp-content\/uploads\/2024\/04\/e3fa8d04-606e-45a5-a0fd-46ce583fae3e.jpg'><img loading=\"lazy\" decoding=\"async\" width=\"150\" height=\"150\" src=\"https:\/\/www.radiopiu.net\/wordpress\/wp-content\/uploads\/2024\/04\/e3fa8d04-606e-45a5-a0fd-46ce583fae3e-150x150.jpg\" class=\"attachment-thumbnail size-thumbnail\" alt=\"\" \/><\/a>\n\t\t\t\t<\/dt><\/dl><dl class='gallery-item'>\n\t\t\t\t<dt class='gallery-icon landscape'>\n\t\t\t\t\t<a class=\"rollover rollover-zoom dt-pswp-item\" title=\"d82a427f-a2f4-41eb-bd93-4d6977e9a51e\" data-dt-img-description=\"\" data-large_image_width=\"1920\" data-large_image_height=\"1080\"href='https:\/\/www.radiopiu.net\/wordpress\/wp-content\/uploads\/2024\/04\/d82a427f-a2f4-41eb-bd93-4d6977e9a51e.jpg'><img loading=\"lazy\" decoding=\"async\" width=\"150\" height=\"150\" src=\"https:\/\/www.radiopiu.net\/wordpress\/wp-content\/uploads\/2024\/04\/d82a427f-a2f4-41eb-bd93-4d6977e9a51e-150x150.jpg\" class=\"attachment-thumbnail size-thumbnail\" alt=\"\" \/><\/a>\n\t\t\t\t<\/dt><\/dl><dl class='gallery-item'>\n\t\t\t\t<dt class='gallery-icon landscape'>\n\t\t\t\t\t<a class=\"rollover rollover-zoom dt-pswp-item\" title=\"cb2cff81-be41-4122-859e-9e3aef960941\" data-dt-img-description=\"\" data-large_image_width=\"1920\" data-large_image_height=\"1080\"href='https:\/\/www.radiopiu.net\/wordpress\/wp-content\/uploads\/2024\/04\/cb2cff81-be41-4122-859e-9e3aef960941.jpg'><img loading=\"lazy\" decoding=\"async\" width=\"150\" height=\"150\" src=\"https:\/\/www.radiopiu.net\/wordpress\/wp-content\/uploads\/2024\/04\/cb2cff81-be41-4122-859e-9e3aef960941-150x150.jpg\" class=\"attachment-thumbnail size-thumbnail\" alt=\"\" \/><\/a>\n\t\t\t\t<\/dt><\/dl><dl class='gallery-item'>\n\t\t\t\t<dt class='gallery-icon landscape'>\n\t\t\t\t\t<a class=\"rollover rollover-zoom dt-pswp-item\" title=\"05a287bc-5dfb-40c0-8d27-6cae51f3d701\" data-dt-img-description=\"\" data-large_image_width=\"1920\" data-large_image_height=\"1080\"href='https:\/\/www.radiopiu.net\/wordpress\/wp-content\/uploads\/2024\/04\/05a287bc-5dfb-40c0-8d27-6cae51f3d701.jpg'><img loading=\"lazy\" decoding=\"async\" width=\"150\" height=\"150\" src=\"https:\/\/www.radiopiu.net\/wordpress\/wp-content\/uploads\/2024\/04\/05a287bc-5dfb-40c0-8d27-6cae51f3d701-150x150.jpg\" class=\"attachment-thumbnail size-thumbnail\" alt=\"\" \/><\/a>\n\t\t\t\t<\/dt><\/dl><br style=\"clear: both\" \/>\n\t\t\t<\/div>\n\n<p>&nbsp;<\/p>\n<div style=\"width: 848px;\" class=\"wp-video\"><video class=\"wp-video-shortcode\" id=\"video-382810-1\" width=\"848\" height=\"480\" preload=\"metadata\" controls=\"controls\"><source type=\"video\/mp4\" src=\"https:\/\/www.radiopiu.net\/wordpress\/wp-content\/uploads\/2024\/04\/WhatsApp-Video-2024-04-06-at-15.55.33.mp4?_=1\" \/><a href=\"https:\/\/www.radiopiu.net\/wordpress\/wp-content\/uploads\/2024\/04\/WhatsApp-Video-2024-04-06-at-15.55.33.mp4\">https:\/\/www.radiopiu.net\/wordpress\/wp-content\/uploads\/2024\/04\/WhatsApp-Video-2024-04-06-at-15.55.33.mp4<\/a><\/video><\/div>\n<p>&nbsp;<\/p>\n<hr \/>\n<p>&nbsp;<\/p>\n<h1><span style=\"color: #0000ff;\">IL SAVE THE DATE FESTIVAL<\/span><\/h1>\n<blockquote class=\"wp-embedded-content\" data-secret=\"Oz0I2XtCBw\"><p><a href=\"https:\/\/www.radiopiu.net\/wordpress\/save-the-date-festival-il-grande-giorno\/\">SAVE THE DATE FESTIVAL&#8230;IL GRANDE GIORNO<\/a><\/p><\/blockquote>\n<p><iframe loading=\"lazy\" class=\"wp-embedded-content\" sandbox=\"allow-scripts\" security=\"restricted\" style=\"position: absolute; clip: rect(1px, 1px, 1px, 1px);\" title=\"&#8220;SAVE THE DATE FESTIVAL&#8230;IL GRANDE GIORNO&#8221; &#8212; Radio Pi\u00f9\" src=\"https:\/\/www.radiopiu.net\/wordpress\/save-the-date-festival-il-grande-giorno\/embed\/#?secret=793yRLkei3#?secret=Oz0I2XtCBw\" data-secret=\"Oz0I2XtCBw\" width=\"600\" height=\"338\" frameborder=\"0\" marginwidth=\"0\" marginheight=\"0\" scrolling=\"no\"><\/iframe><\/p>\n<p>&nbsp;<\/p>\n<p>&nbsp;<\/p>\n<hr \/>\n<p>&nbsp;<\/p>\n<blockquote>\n<h3>LA CARICA DEI 58 ALLA SBRISEDA SOTTO LA MARMOLADA<\/h3>\n<\/blockquote>\n<p><strong><a class=\"dt-pswp-item\" href=\"https:\/\/www.radiopiu.net\/wordpress\/wp-content\/uploads\/2024\/04\/SCR-20240406-pimi.png\" data-dt-img-description=\"\" data-large_image_width=\"1082\" data-large_image_height=\"764\"><img loading=\"lazy\" decoding=\"async\" class=\" wp-image-382863 alignleft\" src=\"https:\/\/www.radiopiu.net\/wordpress\/wp-content\/uploads\/2024\/04\/SCR-20240406-pimi-300x212.png\" alt=\"\" width=\"157\" height=\"111\" srcset=\"https:\/\/www.radiopiu.net\/wordpress\/wp-content\/uploads\/2024\/04\/SCR-20240406-pimi-300x212.png 300w, https:\/\/www.radiopiu.net\/wordpress\/wp-content\/uploads\/2024\/04\/SCR-20240406-pimi-1024x723.png 1024w, https:\/\/www.radiopiu.net\/wordpress\/wp-content\/uploads\/2024\/04\/SCR-20240406-pimi-768x542.png 768w, https:\/\/www.radiopiu.net\/wordpress\/wp-content\/uploads\/2024\/04\/SCR-20240406-pimi.png 1082w\" sizes=\"auto, (max-width: 157px) 100vw, 157px\" \/><\/a> <\/strong><\/p>\n<p><strong>\u00a0<\/strong><\/p>\n<p><strong>ROCCA PIETORE<\/strong> In una giornata splendida e calda si \u00e8 svolta sabato a Malga Ciapela sotto alla Marmolada l&#8217;edizione 2024 della Sbris\u00e8da, la sciata in abiti vintage. Sono 58 gli sciatori che si sono presentati per una mattinata all&#8217;insegna del divertimento.<\/p>\n<p>&nbsp;<\/p>\n<p><strong>LA SCIATA DI MARIO DE MARCO CON GLI SCI ANNI 50<\/strong><\/p>\n<div style=\"width: 848px;\" class=\"wp-video\"><video class=\"wp-video-shortcode\" id=\"video-382810-2\" width=\"848\" height=\"480\" preload=\"metadata\" controls=\"controls\"><source type=\"video\/mp4\" src=\"https:\/\/www.radiopiu.net\/wordpress\/wp-content\/uploads\/2024\/04\/WhatsApp-Video-2024-04-06-at-17.28.57.mp4?_=2\" \/><a href=\"https:\/\/www.radiopiu.net\/wordpress\/wp-content\/uploads\/2024\/04\/WhatsApp-Video-2024-04-06-at-17.28.57.mp4\">https:\/\/www.radiopiu.net\/wordpress\/wp-content\/uploads\/2024\/04\/WhatsApp-Video-2024-04-06-at-17.28.57.mp4<\/a><\/video><\/div>\n<p>&nbsp;<\/p>\n<hr \/>\n<p>&nbsp;<\/p>\n<blockquote>\n<h3>LA RAPPRESENTANZA DI VOLTAGO ALLA SBRISEDA SULLA MARMOLADA<\/h3>\n<\/blockquote>\n<p><strong>VOLTAGO <\/strong>Sabato a Malga Ciapela \u00e8 stata la giornata della Sbris\u00e8da, dedicata agli sciatori con abbigliamento vintage. Tra i partecipanti anche una rappresentanza di Voltago che ha raggiunto la localit\u00e0 sciistica, ma prima ha fatto colazione dalla famiglia Da Campo. Un ringraziamento a Duilio Da Campo per le foto e il video.<\/p>\n\n\t\t\t<style type='text\/css'>\n\t\t\t\t#gallery-3 {\n\t\t\t\t\tmargin: auto;\n\t\t\t\t}\n\t\t\t\t#gallery-3 .gallery-item {\n\t\t\t\t\tfloat: left;\n\t\t\t\t\tmargin-top: 10px;\n\t\t\t\t\ttext-align: center;\n\t\t\t\t\twidth: 16%;\n\t\t\t\t}\n\t\t\t\t#gallery-3 img {\n\t\t\t\t\tborder: 2px solid #cfcfcf;\n\t\t\t\t}\n\t\t\t\t#gallery-3 .gallery-caption {\n\t\t\t\t\tmargin-left: 0;\n\t\t\t\t}\n\t\t\t\t\/* see gallery_shortcode() in wp-includes\/media.php *\/\n\t\t\t<\/style>\n\t\t<div id='gallery-3' class='dt-gallery-container gallery galleryid-382810 gallery-columns-6 gallery-size-thumbnail'><dl class='gallery-item'>\n\t\t\t\t<dt class='gallery-icon portrait'>\n\t\t\t\t\t<a class=\"rollover rollover-zoom dt-pswp-item\" title=\"981d60a8-cc31-4087-8696-ca6d22d55ca4\" data-dt-img-description=\"\" data-large_image_width=\"720\" data-large_image_height=\"1280\"href='https:\/\/www.radiopiu.net\/wordpress\/wp-content\/uploads\/2024\/04\/981d60a8-cc31-4087-8696-ca6d22d55ca4.jpg'><img loading=\"lazy\" decoding=\"async\" width=\"150\" height=\"150\" src=\"https:\/\/www.radiopiu.net\/wordpress\/wp-content\/uploads\/2024\/04\/981d60a8-cc31-4087-8696-ca6d22d55ca4-150x150.jpg\" class=\"attachment-thumbnail size-thumbnail\" alt=\"\" \/><\/a>\n\t\t\t\t<\/dt><\/dl><dl class='gallery-item'>\n\t\t\t\t<dt class='gallery-icon portrait'>\n\t\t\t\t\t<a class=\"rollover rollover-zoom dt-pswp-item\" title=\"534a448f-1bf0-4fd8-9d34-2f176a94e56c\" data-dt-img-description=\"\" data-large_image_width=\"720\" data-large_image_height=\"1280\"href='https:\/\/www.radiopiu.net\/wordpress\/wp-content\/uploads\/2024\/04\/534a448f-1bf0-4fd8-9d34-2f176a94e56c.jpg'><img loading=\"lazy\" decoding=\"async\" width=\"150\" height=\"150\" src=\"https:\/\/www.radiopiu.net\/wordpress\/wp-content\/uploads\/2024\/04\/534a448f-1bf0-4fd8-9d34-2f176a94e56c-150x150.jpg\" class=\"attachment-thumbnail size-thumbnail\" alt=\"\" \/><\/a>\n\t\t\t\t<\/dt><\/dl><dl class='gallery-item'>\n\t\t\t\t<dt class='gallery-icon portrait'>\n\t\t\t\t\t<a class=\"rollover rollover-zoom dt-pswp-item\" title=\"c6755f8d-1a63-4c0e-8b10-beaf2f71ce3e\" data-dt-img-description=\"\" data-large_image_width=\"720\" data-large_image_height=\"1280\"href='https:\/\/www.radiopiu.net\/wordpress\/wp-content\/uploads\/2024\/04\/c6755f8d-1a63-4c0e-8b10-beaf2f71ce3e.jpg'><img loading=\"lazy\" decoding=\"async\" width=\"150\" height=\"150\" src=\"https:\/\/www.radiopiu.net\/wordpress\/wp-content\/uploads\/2024\/04\/c6755f8d-1a63-4c0e-8b10-beaf2f71ce3e-150x150.jpg\" class=\"attachment-thumbnail size-thumbnail\" alt=\"\" \/><\/a>\n\t\t\t\t<\/dt><\/dl><dl class='gallery-item'>\n\t\t\t\t<dt class='gallery-icon portrait'>\n\t\t\t\t\t<a class=\"rollover rollover-zoom dt-pswp-item\" title=\"294301f9-180a-4e92-8ee4-04eec28d31e5\" data-dt-img-description=\"\" data-large_image_width=\"720\" data-large_image_height=\"1280\"href='https:\/\/www.radiopiu.net\/wordpress\/wp-content\/uploads\/2024\/04\/294301f9-180a-4e92-8ee4-04eec28d31e5.jpg'><img loading=\"lazy\" decoding=\"async\" width=\"150\" height=\"150\" src=\"https:\/\/www.radiopiu.net\/wordpress\/wp-content\/uploads\/2024\/04\/294301f9-180a-4e92-8ee4-04eec28d31e5-150x150.jpg\" class=\"attachment-thumbnail size-thumbnail\" alt=\"\" \/><\/a>\n\t\t\t\t<\/dt><\/dl><dl class='gallery-item'>\n\t\t\t\t<dt class='gallery-icon portrait'>\n\t\t\t\t\t<a class=\"rollover rollover-zoom dt-pswp-item\" title=\"004bd39e-4335-478a-ae90-fa399064c2bf\" data-dt-img-description=\"\" data-large_image_width=\"720\" data-large_image_height=\"1280\"href='https:\/\/www.radiopiu.net\/wordpress\/wp-content\/uploads\/2024\/04\/004bd39e-4335-478a-ae90-fa399064c2bf.jpg'><img loading=\"lazy\" decoding=\"async\" width=\"150\" height=\"150\" src=\"https:\/\/www.radiopiu.net\/wordpress\/wp-content\/uploads\/2024\/04\/004bd39e-4335-478a-ae90-fa399064c2bf-150x150.jpg\" class=\"attachment-thumbnail size-thumbnail\" alt=\"\" \/><\/a>\n\t\t\t\t<\/dt><\/dl><dl class='gallery-item'>\n\t\t\t\t<dt class='gallery-icon portrait'>\n\t\t\t\t\t<a class=\"rollover rollover-zoom dt-pswp-item\" title=\"43dd770d-8dee-4d77-bf92-390b42a4f1dd\" data-dt-img-description=\"\" data-large_image_width=\"720\" data-large_image_height=\"1280\"href='https:\/\/www.radiopiu.net\/wordpress\/wp-content\/uploads\/2024\/04\/43dd770d-8dee-4d77-bf92-390b42a4f1dd.jpg'><img loading=\"lazy\" decoding=\"async\" width=\"150\" height=\"150\" src=\"https:\/\/www.radiopiu.net\/wordpress\/wp-content\/uploads\/2024\/04\/43dd770d-8dee-4d77-bf92-390b42a4f1dd-150x150.jpg\" class=\"attachment-thumbnail size-thumbnail\" alt=\"\" \/><\/a>\n\t\t\t\t<\/dt><\/dl><br style=\"clear: both\" \/><dl class='gallery-item'>\n\t\t\t\t<dt class='gallery-icon landscape'>\n\t\t\t\t\t<a class=\"rollover rollover-zoom dt-pswp-item\" title=\"1c67568d-9fb5-4779-9a8e-2d03aab5fa6e\" data-dt-img-description=\"\" data-large_image_width=\"1280\" data-large_image_height=\"720\"href='https:\/\/www.radiopiu.net\/wordpress\/wp-content\/uploads\/2024\/04\/1c67568d-9fb5-4779-9a8e-2d03aab5fa6e.jpg'><img loading=\"lazy\" decoding=\"async\" width=\"150\" height=\"150\" src=\"https:\/\/www.radiopiu.net\/wordpress\/wp-content\/uploads\/2024\/04\/1c67568d-9fb5-4779-9a8e-2d03aab5fa6e-150x150.jpg\" class=\"attachment-thumbnail size-thumbnail\" alt=\"\" \/><\/a>\n\t\t\t\t<\/dt><\/dl><dl class='gallery-item'>\n\t\t\t\t<dt class='gallery-icon portrait'>\n\t\t\t\t\t<a class=\"rollover rollover-zoom dt-pswp-item\" title=\"76133fab-8888-4647-a488-5a0283781863\" data-dt-img-description=\"\" data-large_image_width=\"720\" data-large_image_height=\"1280\"href='https:\/\/www.radiopiu.net\/wordpress\/wp-content\/uploads\/2024\/04\/76133fab-8888-4647-a488-5a0283781863.jpg'><img loading=\"lazy\" decoding=\"async\" width=\"150\" height=\"150\" src=\"https:\/\/www.radiopiu.net\/wordpress\/wp-content\/uploads\/2024\/04\/76133fab-8888-4647-a488-5a0283781863-150x150.jpg\" class=\"attachment-thumbnail size-thumbnail\" alt=\"\" \/><\/a>\n\t\t\t\t<\/dt><\/dl><dl class='gallery-item'>\n\t\t\t\t<dt class='gallery-icon portrait'>\n\t\t\t\t\t<a class=\"rollover rollover-zoom dt-pswp-item\" title=\"9473ccb2-ee5e-406c-bec0-0e9a8f6fd1a7\" data-dt-img-description=\"\" data-large_image_width=\"720\" data-large_image_height=\"1280\"href='https:\/\/www.radiopiu.net\/wordpress\/wp-content\/uploads\/2024\/04\/9473ccb2-ee5e-406c-bec0-0e9a8f6fd1a7.jpg'><img loading=\"lazy\" decoding=\"async\" width=\"150\" height=\"150\" src=\"https:\/\/www.radiopiu.net\/wordpress\/wp-content\/uploads\/2024\/04\/9473ccb2-ee5e-406c-bec0-0e9a8f6fd1a7-150x150.jpg\" class=\"attachment-thumbnail size-thumbnail\" alt=\"\" \/><\/a>\n\t\t\t\t<\/dt><\/dl><dl class='gallery-item'>\n\t\t\t\t<dt class='gallery-icon portrait'>\n\t\t\t\t\t<a class=\"rollover rollover-zoom dt-pswp-item\" title=\"ecb89278-93cf-4327-901c-aa1fb554b53a\" data-dt-img-description=\"\" data-large_image_width=\"720\" data-large_image_height=\"1280\"href='https:\/\/www.radiopiu.net\/wordpress\/wp-content\/uploads\/2024\/04\/ecb89278-93cf-4327-901c-aa1fb554b53a.jpg'><img loading=\"lazy\" decoding=\"async\" width=\"150\" height=\"150\" src=\"https:\/\/www.radiopiu.net\/wordpress\/wp-content\/uploads\/2024\/04\/ecb89278-93cf-4327-901c-aa1fb554b53a-150x150.jpg\" class=\"attachment-thumbnail size-thumbnail\" alt=\"\" \/><\/a>\n\t\t\t\t<\/dt><\/dl><dl class='gallery-item'>\n\t\t\t\t<dt class='gallery-icon portrait'>\n\t\t\t\t\t<a class=\"rollover rollover-zoom dt-pswp-item\" title=\"74e6e804-a2a8-47f7-87d6-b4fcdfa6e7ba\" data-dt-img-description=\"\" data-large_image_width=\"720\" data-large_image_height=\"1280\"href='https:\/\/www.radiopiu.net\/wordpress\/wp-content\/uploads\/2024\/04\/74e6e804-a2a8-47f7-87d6-b4fcdfa6e7ba.jpg'><img loading=\"lazy\" decoding=\"async\" width=\"150\" height=\"150\" src=\"https:\/\/www.radiopiu.net\/wordpress\/wp-content\/uploads\/2024\/04\/74e6e804-a2a8-47f7-87d6-b4fcdfa6e7ba-150x150.jpg\" class=\"attachment-thumbnail size-thumbnail\" alt=\"\" \/><\/a>\n\t\t\t\t<\/dt><\/dl><dl class='gallery-item'>\n\t\t\t\t<dt class='gallery-icon portrait'>\n\t\t\t\t\t<a class=\"rollover rollover-zoom dt-pswp-item\" title=\"bb6c7d63-353d-42c3-8a6c-1bb36e7ac128\" data-dt-img-description=\"\" data-large_image_width=\"720\" data-large_image_height=\"1280\"href='https:\/\/www.radiopiu.net\/wordpress\/wp-content\/uploads\/2024\/04\/bb6c7d63-353d-42c3-8a6c-1bb36e7ac128.jpg'><img loading=\"lazy\" decoding=\"async\" width=\"150\" height=\"150\" src=\"https:\/\/www.radiopiu.net\/wordpress\/wp-content\/uploads\/2024\/04\/bb6c7d63-353d-42c3-8a6c-1bb36e7ac128-150x150.jpg\" class=\"attachment-thumbnail size-thumbnail\" alt=\"\" \/><\/a>\n\t\t\t\t<\/dt><\/dl><br style=\"clear: both\" \/>\n\t\t\t<\/div>\n\n<p>&nbsp;<\/p>\n<p><strong>IL VIDEO<\/strong><\/p>\n<div style=\"width: 848px;\" class=\"wp-video\"><video class=\"wp-video-shortcode\" id=\"video-382810-3\" width=\"848\" height=\"478\" preload=\"metadata\" controls=\"controls\"><source type=\"video\/mp4\" src=\"https:\/\/www.radiopiu.net\/wordpress\/wp-content\/uploads\/2024\/04\/WhatsApp-Video-2024-04-06-at-07.49.01.mp4?_=3\" \/><a href=\"https:\/\/www.radiopiu.net\/wordpress\/wp-content\/uploads\/2024\/04\/WhatsApp-Video-2024-04-06-at-07.49.01.mp4\">https:\/\/www.radiopiu.net\/wordpress\/wp-content\/uploads\/2024\/04\/WhatsApp-Video-2024-04-06-at-07.49.01.mp4<\/a><\/video><\/div>\n<p>&nbsp;<\/p>\n<hr \/>\n<p>&nbsp;<\/p>\n<blockquote>\n<h3>NASCE IL BIODISTRETTO DELLE TERRE BELLUNESI<\/h3>\n<\/blockquote>\n<p><strong>FELTRE<\/strong> L&#8217;assemblea costitutiva del Biodistretto Terre Bellunesi si terr\u00e0 il 13 aprile, segnando la nascita ufficiale del primo Distretto Biologico della provincia di Belluno. Il lungo percorso, supportato da oltre 300 soggetti, ha portato alla creazione di un territorio caratterizzato da straordinarie risorse naturali, agricoltura biologica e sensibilit\u00e0 per lo sviluppo sostenibile. Il Comitato Promotore ha sostenuto l&#8217;iter ufficiale di riconoscimento, ottenendo l&#8217;ammissibilit\u00e0 il 29 marzo 2024. L&#8217;assemblea elegger\u00e0 il primo Direttivo, con possibilit\u00e0 di adesione anche dopo. Il Biodistretto, promosso come progetto di comunit\u00e0, mira a un governo partecipativo per lo sviluppo sostenibile del territorio, integrando filiere biologiche con altri settori socio-economici. Le azioni future includono un centro di sviluppo agricolo, consulenza tecnica e progetti con gruppi di acquisto solidale, supportati dalla Fondazione Cariverona.<\/p>\n<p>&nbsp;<\/p>\n<p>&nbsp;<\/p>\n<hr \/>\n<p>&nbsp;<\/p>\n<p><strong class=\"photoswipe-wrapper\"><a class=\"dt-pswp-item pspw-wrap-ready\" href=\"https:\/\/www.radiopiu.net\/wordpress\/wp-content\/uploads\/2024\/01\/Senza-nome-34.png\" data-dt-img-description=\"\" data-large_image_width=\"239\" data-large_image_height=\"153\"><img loading=\"lazy\" decoding=\"async\" class=\"wp-image-369478 alignleft\" src=\"https:\/\/www.radiopiu.net\/wordpress\/wp-content\/uploads\/2024\/01\/Senza-nome-34.png\" alt=\"\" width=\"128\" height=\"82\" \/><\/a><\/strong><\/p>\n<h1 class=\"_title post-title entry-title\"><\/h1>\n<p><strong>dal TG BELLUNESE di\u00a0 ANTENNA 3 ogni sera alle 19.30 sul canale 10 del digitale terrestre e alle 19 le anticipazioni alla radio.\u00a0\u00a0<\/strong><\/p>\n<p>&nbsp;<\/p>\n<p>&nbsp;<\/p>\n<hr \/>\n<p>&nbsp;<\/p>\n<p>&nbsp;<\/p>\n<div class=\"page-title-head hgroup\">\n<h1 class=\"entry-title\">COLLABORAZIONE PER IL MUSEO DELLA MINIERA DI VALLE IMPERINA<\/h1>\n<\/div>\n<div class=\"page-title-breadcrumbs\"><\/div>\n<blockquote><p><em>reperti di interesse per la parte musale del sito di Valle Imperina<\/em><\/p><\/blockquote>\n<p><strong><img loading=\"lazy\" decoding=\"async\" class=\"alignleft\" src=\"https:\/\/www.radiopiu.net\/wordpress\/wp-content\/uploads\/2020\/05\/DOLOMITI-BELLUNESI-MINIERE-DI-VALLE-IMPERINA-2.jpg\" width=\"212\" height=\"151\" \/><\/strong><b>RIVAMONTE <\/b>L\u2019Associazione amici dei minerari sta allestendo il museo della miniera di Valle Imperina. In questi anni in collaborazione con il Gruppo Archeologico agordino ARCA ha raccolto del materiale riguardante la miniera da esporre, essendo il lavoro ancora nelle fasi iniziali, \u00e8 possibile implementarlo. Quindi\u00a0 ecco la richiesta:\u00a0 tutti coloro che hanno del materiale di qualsiasi tipo originale della miniera ad esempio una lampada un attrezzo ecc. se pu\u00f2 o donarlo al museo o prestarlo per essere esposto. Molti sono ricordi famigliari ed \u00e8 difficile separarsene, <em>&#8220;Proprio per questo\u00a0 &#8211; \u00e8 il messaggio dell&#8217;associazione &#8211; possiamo fare un accordo con cui il materiale viene esposto ma rimane di propriet\u00e0 della persona che lo fornisce e pu\u00f2 \u00a0ritiralo in qualsiasi momento, oppure se reperti di interesse siamo disposti ad acquistarli. Riteniamo che sia importante far conoscere a tutti un gran pezzo della nostra storia, oltre 600 anni che altrimenti andrebbe perduta. Ringraziamo sin da ora tutti coloro che vorranno collaborare alla riuscita dell\u2019allestimento del museo e che potranno mettersi in contatto con l&#8217;associazione telefonando al Presidente al seguente numero 3288180595&#8221;.<\/em><\/p>\n<p>&nbsp;<\/p>\n<p>&nbsp;<\/p>\n<hr \/>\n<p>&nbsp;<\/p>\n<blockquote>\n<h3 class=\"entry-title\">VENETO: -150MILA ATTIVI ENTRO IL 2030<\/h3>\n<\/blockquote>\n<p><strong class=\"photoswipe-wrapper\"><a class=\"dt-pswp-item pspw-wrap-ready\" href=\"https:\/\/www.radiopiu.net\/wordpress\/wp-content\/uploads\/2024\/04\/Schermata-2024-04-06-alle-09.26.03.png\" data-dt-img-description=\"\" data-large_image_width=\"1062\" data-large_image_height=\"1450\"><img loading=\"lazy\" decoding=\"async\" class=\"size-medium wp-image-382807 alignleft\" src=\"https:\/\/www.radiopiu.net\/wordpress\/wp-content\/uploads\/2024\/04\/Schermata-2024-04-06-alle-09.26.03-220x300.png\" sizes=\"auto, (max-width: 220px) 100vw, 220px\" srcset=\"https:\/\/www.radiopiu.net\/wordpress\/wp-content\/uploads\/2024\/04\/Schermata-2024-04-06-alle-09.26.03-220x300.png 220w, https:\/\/www.radiopiu.net\/wordpress\/wp-content\/uploads\/2024\/04\/Schermata-2024-04-06-alle-09.26.03-750x1024.png 750w, https:\/\/www.radiopiu.net\/wordpress\/wp-content\/uploads\/2024\/04\/Schermata-2024-04-06-alle-09.26.03-768x1049.png 768w, https:\/\/www.radiopiu.net\/wordpress\/wp-content\/uploads\/2024\/04\/Schermata-2024-04-06-alle-09.26.03.png 1062w\" alt=\"\" width=\"220\" height=\"300\" \/><\/a>Tra il 2021 e il 2030 la popolazione in et\u00e0 lavorativa (15-64 anni) del Veneto \u00e8 destinata a scendere di oltre 150mila unit\u00e0 (-4,9 per cento).<\/strong><br \/>\nNessun\u2019 altra regione italiana del Centro-Nord dovrebbe subire una contrazione in termini assoluti cos\u00ec elevata. Pertanto, se tre anni fa la popolazione in et\u00e0 lavorativa del Veneto era pari a poco pi\u00f9 di 3,1 milioni di persone, nel 2030 la stessa \u00e8 destinata a scendere a poco pi\u00f9 di 2,95 milioni di unit\u00e0. (vedi Tab. 1). Il calo demografico, comunque, interesser\u00e0 indistintamente tutto il Paese e avr\u00e0 un impatto negativo anche sul Pil e in generale sul sistema economico e sociale di ciascun territorio. Il risultato \u00e8 stato elaborato dall\u2019Ufficio studi della CGIA che si \u00e8 avvalso delle previsioni demografiche redatte dall\u2019Istat e dall\u2019Eurostat.<\/p>\n<p>Se a questa dinamica demografica aggiungiamo gli effetti del cambiamento climatico, della transizione energetica e dell\u2019intelligenza artificiale, tutto ci\u00f2 avr\u00e0 delle ricadute spaventose anche per le nostre imprese. La difficolt\u00e0, ad esempio, di trovare giovani lavoratori da inserire nelle imprese artigiane, commerciali o industriali \u00e8 avvertita gi\u00e0 in questo momento, figuriamoci fra qualche decennio. Con sempre meno ragazzi che si affacceranno al mercato del lavoro, per tantissime aziende trovare del personale preparato da inserire nei processi produttivi costituir\u00e0 una mission impossibile.<\/p>\n<p>Chi spera in una inversione del trend demografico rischia di rimanere deluso. Purtroppo, non ci sono misure in grado di cambiare segno a questo fenomeno in tempi ragionevolmente brevi. E nemmeno il ricorso agli stranieri potr\u00e0 \u201crisolvere\u201d la situazione. Pertanto, dobbiamo rassegnarci a un progressivo rallentamento, probabilmente anche di natura economica. Senza contare che una societ\u00e0 con meno giovani e pi\u00f9 anziani dovr\u00e0 fronteggiare un\u2019impennata della spesa previdenziale, di quella sanitaria e di quella assistenziale da far tremare i polsi. Va altres\u00ec segnalato che questo scenario cos\u00ec preoccupante tender\u00e0 ad allargare ulteriormente la forbice tra il Nord e il Sud del Paese.<\/p>\n<p class=\"photoswipe-wrapper\"><strong>Disparit\u00e0 economiche aumentate anche tra Nordest e Sud<\/strong><br \/>\n<a class=\"dt-pswp-item pspw-wrap-ready\" href=\"https:\/\/www.radiopiu.net\/wordpress\/wp-content\/uploads\/2024\/04\/Schermata-2024-04-06-alle-09.26.33.png\" data-dt-img-description=\"\" data-large_image_width=\"1272\" data-large_image_height=\"1174\"><img loading=\"lazy\" decoding=\"async\" class=\"size-medium wp-image-382806 alignleft\" src=\"https:\/\/www.radiopiu.net\/wordpress\/wp-content\/uploads\/2024\/04\/Schermata-2024-04-06-alle-09.26.33-300x277.png\" sizes=\"auto, (max-width: 300px) 100vw, 300px\" srcset=\"https:\/\/www.radiopiu.net\/wordpress\/wp-content\/uploads\/2024\/04\/Schermata-2024-04-06-alle-09.26.33-300x277.png 300w, https:\/\/www.radiopiu.net\/wordpress\/wp-content\/uploads\/2024\/04\/Schermata-2024-04-06-alle-09.26.33-1024x945.png 1024w, https:\/\/www.radiopiu.net\/wordpress\/wp-content\/uploads\/2024\/04\/Schermata-2024-04-06-alle-09.26.33-768x709.png 768w, https:\/\/www.radiopiu.net\/wordpress\/wp-content\/uploads\/2024\/04\/Schermata-2024-04-06-alle-09.26.33.png 1272w\" alt=\"\" width=\"300\" height=\"277\" \/><\/a>Negli ultimi decenni le disparit\u00e0 tra il Nord e il Sud Italia sono aumentate. Sebbene il nostro Paese abbia beneficiato tra il 2000 e il 2020 di ben 125 miliardi di euro di fondi UE per la coesione territoriale e una buona parte di questi soldi sia stata erogata proprio alle regioni del Mezzogiorno, le distanze sono cresciute. Analizzando il Pil pro-capite e fissando il dato al 2000 pari a 100, nel 2021 nel Centro l\u2019indice \u00e8 sceso a 93,8, nel Mezzogiorno si \u00e8 attestato a 94,9, nel Nordest a 98,7 e nel Nordovest a 101,4. Comparando i risultati delle aree pi\u00f9 ricche del Paese con quella pi\u00f9 in difficolt\u00e0, registriamo che rispetto al Nordest, il Sud ha perso 3,7 punti e nei confronti del Nordovest addirittura 6,4 punti (Fig. 1). E\u2019 evidente che i soldi non bastano. Sono una condizione necessaria, ma non sufficiente a risollevare le sorti di un\u2019area svantaggiata.<\/p>\n<p><strong>Bassa qualit\u00e0 dei progetti per cui riceviamo i finanziamenti UE<\/strong><br \/>\nRispetto alla gran parte dei principali Paesi dell\u2019Unione, l\u2019Italia presenta delle criticit\u00e0 storiche che, purtroppo, non riusciamo a rimuovere. Ci riferiamo alla lentezza burocratica e all\u2019inefficienza cronica, in particolare delle Amministrazioni regionali del Mezzogiorno, che, destinatarie di una buona parte di questi fondi di coesione UE, spesso non hanno le risorse umane e le competenze necessarie per realizzare i programmi operativi. Ma il vero handicap va ricercato nella bassa qualit\u00e0 dei progetti che presentiamo. Questi ultimi, una volta realizzati, producono un effetto moltiplicatore molto contenuto; insomma, non sono in grado di generare delle ricadute significativamente importanti per l\u2019economia e la qualit\u00e0 della vita dei territori interessati da queste operazioni.<\/p>\n<p class=\"photoswipe-wrapper\"><strong>Le criticit\u00e0 che caratterizzano le nostre opere pubbliche, soprattutto al Sud<\/strong><br \/>\nProgetti di bassa qualit\u00e0, ma anche tempi di realizzazione \u201cbiblici\u201d sono due specificit\u00e0 che caratterizzano negativamente i nostri investimenti pubblici. Secondo la Banca d\u2019Italia, infatti, a fronte di una spesa mediana di 300 mila euro, nel nostro Paese il tempo medio per la realizzazione di un\u2019opera \u00e8 di 4 anni e 10 mesi. La fase di progettazione dura poco pi\u00f9 di 2 anni (pari al 40 per cento della durata complessiva), l\u2019affidamento\u00a0<a class=\"dt-pswp-item pspw-wrap-ready\" href=\"https:\/\/www.radiopiu.net\/wordpress\/wp-content\/uploads\/2024\/04\/Schermata-2024-04-06-alle-09.26.41.png\" data-dt-img-description=\"\" data-large_image_width=\"1272\" data-large_image_height=\"1174\"><img loading=\"lazy\" decoding=\"async\" class=\"size-medium wp-image-382805 alignleft\" src=\"https:\/\/www.radiopiu.net\/wordpress\/wp-content\/uploads\/2024\/04\/Schermata-2024-04-06-alle-09.26.41-300x277.png\" sizes=\"auto, (max-width: 300px) 100vw, 300px\" srcset=\"https:\/\/www.radiopiu.net\/wordpress\/wp-content\/uploads\/2024\/04\/Schermata-2024-04-06-alle-09.26.41-300x277.png 300w, https:\/\/www.radiopiu.net\/wordpress\/wp-content\/uploads\/2024\/04\/Schermata-2024-04-06-alle-09.26.41-1024x945.png 1024w, https:\/\/www.radiopiu.net\/wordpress\/wp-content\/uploads\/2024\/04\/Schermata-2024-04-06-alle-09.26.41-768x709.png 768w, https:\/\/www.radiopiu.net\/wordpress\/wp-content\/uploads\/2024\/04\/Schermata-2024-04-06-alle-09.26.41.png 1272w\" alt=\"\" width=\"300\" height=\"277\" \/><\/a>dei lavori dura 6 mesi e sono necessari oltre 2 anni per l\u2019esecuzione e il collaudo. Per un investimento di cinque milioni di euro, invece, il tempo di realizzazione \u00e8 di ben 11 anni. Auspicando che il nuovo codice degli appalti e le riforme che stanno interessando la nostra Pubblica Amministrazione riducano in misura significativa queste tempistiche, appare comunque evidente che non solo i fondi di coesione UE, ma anche la messa a terra del PNRR, rischiano, nel prossimo futuro, di riservarci delle brutte sorprese.<\/p>\n<p><strong>In Veneto abbiamo la PA pi\u00f9 efficiente d\u2019Italia<\/strong><br \/>\nSecondo uno studio dell\u2019OCSE, l\u2019inefficienza della nostra Pubblica Amministrazione ha delle ricadute negative sul livello di produttivit\u00e0 delle imprese private. In buona sostanza, dai calcoli dell\u2019Organizzazione ottenuti attraverso l\u2019incrocio della banca dati Orbis del Bureau van Dijk e dei dati di Open Civitas emerge che la produttivit\u00e0 media del lavoro delle imprese \u00e8 pi\u00f9 elevata nelle zone (Nord Italia) dove l\u2019Amministrazione pubblica \u00e8 pi\u00f9 efficiente (sempre Nord Italia). Il Veneto, da questo punto di vista, non teme confronti con nessun\u2019altra regione settentrionale. Diversamente, dove la giustizia funziona peggio, la sanit\u00e0 \u00e8 \u201cmalconcia\u201d e le infrastrutture sono insufficienti (prevalentemente nel Sud Italia), anche le imprese private di quelle regioni perdono competitivit\u00e0 (vedi Fig.2).<\/p>\n<p>&nbsp;<\/p>\n<p>&nbsp;<\/p>\n<hr \/>\n<p>&nbsp;<\/p>\n<blockquote>\n<h3>&#8220;IO CON TE&#8221;, GLI INCONTRI A PIEVE DI CADORE<\/h3>\n<\/blockquote>\n<p><strong><a class=\"dt-pswp-item\" href=\"https:\/\/www.radiopiu.net\/wordpress\/wp-content\/uploads\/2024\/04\/Locandina_io-con-te_Pieve.jpg\" data-dt-img-description=\"\" data-large_image_width=\"2000\" data-large_image_height=\"1429\"><img loading=\"lazy\" decoding=\"async\" class=\" wp-image-382578 alignleft\" src=\"https:\/\/www.radiopiu.net\/wordpress\/wp-content\/uploads\/2024\/04\/Locandina_io-con-te_Pieve-300x214.jpg\" alt=\"\" width=\"186\" height=\"133\" srcset=\"https:\/\/www.radiopiu.net\/wordpress\/wp-content\/uploads\/2024\/04\/Locandina_io-con-te_Pieve-300x214.jpg 300w, https:\/\/www.radiopiu.net\/wordpress\/wp-content\/uploads\/2024\/04\/Locandina_io-con-te_Pieve-1024x732.jpg 1024w, https:\/\/www.radiopiu.net\/wordpress\/wp-content\/uploads\/2024\/04\/Locandina_io-con-te_Pieve-768x549.jpg 768w, https:\/\/www.radiopiu.net\/wordpress\/wp-content\/uploads\/2024\/04\/Locandina_io-con-te_Pieve-1536x1097.jpg 1536w, https:\/\/www.radiopiu.net\/wordpress\/wp-content\/uploads\/2024\/04\/Locandina_io-con-te_Pieve.jpg 2000w\" sizes=\"auto, (max-width: 186px) 100vw, 186px\" \/><\/a>PIEVE DI CADORE<\/strong> &#8220;Io con te&#8221; \u00e8 un percorso di gruppo del Consultorio Familiare di Belluno dell\u2019Ulss Dolomiti &#8211; sede di Pieve di Cadore, in collaborazione col Comune di Pieve di Cadore, rivolto a mamme di neonati dai 3 ai 10 mesi. Comprende tre incontri mamma-bambino, offrendo uno spazio per condividere esperienze di maternit\u00e0. Si terr\u00e0 a Tai di Cadore, Pieve di Cadore, il 12 aprile 2024 (10:00-11:30), il 19 aprile 2024 (10:00-11:30) e il 3 maggio 2024 (10:00-11:30). Per iscrizioni e informazioni, contattare il Consultorio di Pieve di Cadore al 0435 341541 o via mail a <a target=\"_new\" rel=\"noopener\">consultoriofamiliare.pc@aulss1.veneto.it<\/a>.<\/p>\n<p>&nbsp;<\/p>\n<p>&nbsp;<\/p>\n<hr \/>\n<p>&nbsp;<\/p>\n<blockquote>\n<h3>CONSIGLI COMUNALI IN AGORDINO<\/h3>\n<\/blockquote>\n<p><strong>AGORDO<\/strong> Il sindaco Roberto Chiassal\u00e8 ha convocato il consiglio comunale per oggi alle 19. Cinque punti da discutere tra cui la surroga del consigliere dimissionario di minoranza Silvano Savio dove al suo posto prender\u00e0 il posto Emiliano Costa, il bilancio di ASCA, la costruzione di un deposito per sale e ghiaino e lo scioglimento e messa in liquidazione della Fondazione scuola materna Don Luigi Cappello e passaggio ad ASCA<\/p>\n<p><strong>ROCCA PIETORE<\/strong> Consiglio comunale convocato dal sindaco Andrea De Bernardin domani alle 18:30. Un solo punto da discutere: \u201dInterventi Integrativi Per La Messa In Sicurezza Dal Pericolo Di Caduta Valanghe Dell\u2019area Sciistica Padon \u2013 Marmolada<\/p>\n<p>&nbsp;<\/p>\n<p>&nbsp;<\/p>\n<hr \/>\n<p>&nbsp;<\/p>\n<blockquote>\n<h3>BANDO primaverile \u201cLA MONGOLFIERA DI GIORGIA Onlus\u201d Attivo il nuovo bando intitolato a Luca Maccagnan<\/h3>\n<\/blockquote>\n<p><a class=\"dt-pswp-item\" href=\"https:\/\/www.radiopiu.net\/wordpress\/wp-content\/uploads\/2022\/03\/giorgia.jpg\" data-dt-img-description=\"\" data-large_image_width=\"292\" data-large_image_height=\"235\"><img loading=\"lazy\" decoding=\"async\" class=\" wp-image-266213 alignleft\" src=\"https:\/\/www.radiopiu.net\/wordpress\/wp-content\/uploads\/2022\/03\/giorgia.jpg\" alt=\"\" width=\"140\" height=\"113\" \/><\/a>L&#8217;associazione &#8220;La Mongolfiera di Giorgia Onlus&#8221; ha aperto un nuovo bando solidale il 26 marzo, in occasione del compleanno di Giorgia Praloran. Il bando prevede un budget di 12mila euro per finanziare progetti ricreativi destinati a ragazzi dai 13 ai 24 anni residenti in Veneto o seguiti da strutture pubbliche sanitarie della regione, con disabilit\u00e0 legalmente certificate. Questo 12\u00b0 bando \u00e8 dedicato a Luca Maccagnan, socio e candidato Consigliere dell&#8217;Associazione, recentemente scomparso, in riconoscimento del suo impegno e delle sue idee creative. Saranno finanziati progetti volti a migliorare la qualit\u00e0 di vita attraverso l&#8217;acquisto di beni o servizi utili per il benessere psico-fisico del beneficiario. INFO <a href=\"http:\/\/www.lamongolfieradigiorgia.it\"><span style=\"color: #1155cc;\"><span style=\"font-size: medium;\"><u>www.lamongolfieradigiorgia.it<\/u><\/span><\/span><\/a><\/p>\n<p>&nbsp;<\/p>\n<hr \/>\n<p>&nbsp;<\/p>\n<blockquote>\n<h3>IL LIBRO &#8220;IL CORAGGIO E LA PASSIONE&#8221; PROTAGONISTA IN DUE APPUNTAMENTI<\/h3>\n<\/blockquote>\n<p><strong><a class=\"dt-pswp-item\" href=\"https:\/\/www.radiopiu.net\/wordpress\/wp-content\/uploads\/2024\/04\/SCR-20240406-tska.jpeg\" data-dt-img-description=\"\" data-large_image_width=\"1544\" data-large_image_height=\"1048\"><img loading=\"lazy\" decoding=\"async\" class=\" wp-image-382905 alignleft\" src=\"https:\/\/www.radiopiu.net\/wordpress\/wp-content\/uploads\/2024\/04\/SCR-20240406-tska-300x204.jpeg\" alt=\"\" width=\"168\" height=\"114\" srcset=\"https:\/\/www.radiopiu.net\/wordpress\/wp-content\/uploads\/2024\/04\/SCR-20240406-tska-300x204.jpeg 300w, https:\/\/www.radiopiu.net\/wordpress\/wp-content\/uploads\/2024\/04\/SCR-20240406-tska-1024x695.jpeg 1024w, https:\/\/www.radiopiu.net\/wordpress\/wp-content\/uploads\/2024\/04\/SCR-20240406-tska-768x521.jpeg 768w, https:\/\/www.radiopiu.net\/wordpress\/wp-content\/uploads\/2024\/04\/SCR-20240406-tska-1536x1043.jpeg 1536w, https:\/\/www.radiopiu.net\/wordpress\/wp-content\/uploads\/2024\/04\/SCR-20240406-tska.jpeg 1544w\" sizes=\"auto, (max-width: 168px) 100vw, 168px\" \/><\/a>BELLUNO<\/strong> Il libro &#8220;Il coraggio e la passione&#8221;, curato da Franco e Silvia Comin con la direzione scientifica di Enrico Bacchetti, Diego Cason e Adriana Lotto, continua la serie di presentazioni. Marted\u00ec 9 aprile, alle 18:00, presso il Centro culturale di Santa Giustina, si terr\u00e0 il primo evento, con i saluti dell&#8217;Amministrazione comunale seguiti dagli interventi dei curatori e dei coordinatori. L&#8217;incontro, organizzato dal Comune di Santa Giustina, dall&#8217;Isbcre e dall&#8217;Anpi, \u00e8 ad ingresso libero. Venerd\u00ec 12 aprile, alle 20:30, sar\u00e0 la volta del Municipio di Limana, con la consegna della Costituzione italiana ai neo diciottenni e della cittadinanza simbolica ai minori stranieri residenti. L&#8217;evento, promosso dal Comune di Limana insieme a Isbrec e Anpi, \u00e8 aperto a tutti.<\/p>\n<p>&nbsp;<\/p>\n<p>&nbsp;<\/p>\n<hr \/>\n<p>&nbsp;<\/p>\n<blockquote>\n<h2>\u00a0in vallata:<\/h2>\n<\/blockquote>\n\n\t\t\t<style type='text\/css'>\n\t\t\t\t#gallery-4 {\n\t\t\t\t\tmargin: auto;\n\t\t\t\t}\n\t\t\t\t#gallery-4 .gallery-item {\n\t\t\t\t\tfloat: left;\n\t\t\t\t\tmargin-top: 10px;\n\t\t\t\t\ttext-align: center;\n\t\t\t\t\twidth: 50%;\n\t\t\t\t}\n\t\t\t\t#gallery-4 img {\n\t\t\t\t\tborder: 2px solid #cfcfcf;\n\t\t\t\t}\n\t\t\t\t#gallery-4 .gallery-caption {\n\t\t\t\t\tmargin-left: 0;\n\t\t\t\t}\n\t\t\t\t\/* see gallery_shortcode() in wp-includes\/media.php *\/\n\t\t\t<\/style>\n\t\t<div id='gallery-4' class='dt-gallery-container gallery galleryid-382810 gallery-columns-2 gallery-size-medium'><dl class='gallery-item'>\n\t\t\t\t<dt class='gallery-icon portrait'>\n\t\t\t\t\t<a class=\"rollover rollover-zoom dt-pswp-item\" title=\"44acb3a3-e80a-42eb-a834-cb187a9ef8ea\" data-dt-img-description=\"\" data-large_image_width=\"1132\" data-large_image_height=\"1600\"href='https:\/\/www.radiopiu.net\/wordpress\/wp-content\/uploads\/2024\/03\/44acb3a3-e80a-42eb-a834-cb187a9ef8ea.jpg'><img loading=\"lazy\" decoding=\"async\" width=\"212\" height=\"300\" src=\"https:\/\/www.radiopiu.net\/wordpress\/wp-content\/uploads\/2024\/03\/44acb3a3-e80a-42eb-a834-cb187a9ef8ea-212x300.jpg\" class=\"attachment-medium size-medium\" alt=\"\" srcset=\"https:\/\/www.radiopiu.net\/wordpress\/wp-content\/uploads\/2024\/03\/44acb3a3-e80a-42eb-a834-cb187a9ef8ea-212x300.jpg 212w, https:\/\/www.radiopiu.net\/wordpress\/wp-content\/uploads\/2024\/03\/44acb3a3-e80a-42eb-a834-cb187a9ef8ea-724x1024.jpg 724w, https:\/\/www.radiopiu.net\/wordpress\/wp-content\/uploads\/2024\/03\/44acb3a3-e80a-42eb-a834-cb187a9ef8ea-768x1086.jpg 768w, https:\/\/www.radiopiu.net\/wordpress\/wp-content\/uploads\/2024\/03\/44acb3a3-e80a-42eb-a834-cb187a9ef8ea-1087x1536.jpg 1087w, https:\/\/www.radiopiu.net\/wordpress\/wp-content\/uploads\/2024\/03\/44acb3a3-e80a-42eb-a834-cb187a9ef8ea.jpg 1132w\" sizes=\"auto, (max-width: 212px) 100vw, 212px\" \/><\/a>\n\t\t\t\t<\/dt><\/dl><dl class='gallery-item'>\n\t\t\t\t<dt class='gallery-icon portrait'>\n\t\t\t\t\t<a class=\"rollover rollover-zoom dt-pswp-item\" title=\"d02fe35d-334c-4039-81d3-508c3e863bed\" data-dt-img-description=\"\" data-large_image_width=\"1136\" data-large_image_height=\"1600\"href='https:\/\/www.radiopiu.net\/wordpress\/wp-content\/uploads\/2024\/04\/d02fe35d-334c-4039-81d3-508c3e863bed.jpg'><img loading=\"lazy\" decoding=\"async\" width=\"213\" height=\"300\" src=\"https:\/\/www.radiopiu.net\/wordpress\/wp-content\/uploads\/2024\/04\/d02fe35d-334c-4039-81d3-508c3e863bed-213x300.jpg\" class=\"attachment-medium size-medium\" alt=\"\" srcset=\"https:\/\/www.radiopiu.net\/wordpress\/wp-content\/uploads\/2024\/04\/d02fe35d-334c-4039-81d3-508c3e863bed-213x300.jpg 213w, https:\/\/www.radiopiu.net\/wordpress\/wp-content\/uploads\/2024\/04\/d02fe35d-334c-4039-81d3-508c3e863bed-727x1024.jpg 727w, https:\/\/www.radiopiu.net\/wordpress\/wp-content\/uploads\/2024\/04\/d02fe35d-334c-4039-81d3-508c3e863bed-768x1082.jpg 768w, https:\/\/www.radiopiu.net\/wordpress\/wp-content\/uploads\/2024\/04\/d02fe35d-334c-4039-81d3-508c3e863bed-1091x1536.jpg 1091w, https:\/\/www.radiopiu.net\/wordpress\/wp-content\/uploads\/2024\/04\/d02fe35d-334c-4039-81d3-508c3e863bed.jpg 1136w\" sizes=\"auto, (max-width: 213px) 100vw, 213px\" \/><\/a>\n\t\t\t\t<\/dt><\/dl><br style=\"clear: both\" \/>\n\t\t\t<\/div>\n\n<p>&nbsp;<\/p>\n<p>&nbsp;<\/p>\n<hr \/>\n<p>&nbsp;<\/p>\n<blockquote class=\"wp-embedded-content\" data-secret=\"caMCuGIrdU\"><p><a href=\"https:\/\/www.radiopiu.net\/wordpress\/grma1\/\">IL GIORMALE RADIO DI MARCO DAL FARRA &#8211; LA RACCOLTA<\/a><\/p><\/blockquote>\n<p><iframe loading=\"lazy\" class=\"wp-embedded-content\" sandbox=\"allow-scripts\" security=\"restricted\" style=\"position: absolute; clip: rect(1px, 1px, 1px, 1px);\" title=\"&#8220;IL GIORMALE RADIO DI MARCO DAL FARRA &#8211; LA RACCOLTA&#8221; &#8212; Radio Pi\u00f9\" src=\"https:\/\/www.radiopiu.net\/wordpress\/grma1\/embed\/#?secret=GVNTyZWWOF#?secret=caMCuGIrdU\" data-secret=\"caMCuGIrdU\" width=\"600\" height=\"338\" frameborder=\"0\" marginwidth=\"0\" marginheight=\"0\" scrolling=\"no\"><\/iframe><\/p>\n<p>&nbsp;<\/p>\n<p>&nbsp;<\/p>\n<hr \/>\n<p>&nbsp;<\/p>\n<h2><span style=\"color: #ff6600;\">ALLA RADIO<\/span><\/h2>\n<h2><span style=\"color: #99cc00;\">DUE MINUTI PER TE<\/span><\/h2>\n<p><strong><a class=\"dt-pswp-item\" href=\"https:\/\/www.radiopiu.net\/wordpress\/wp-content\/uploads\/2020\/12\/DON-GIORGIO-LISE.jpg\" data-dt-img-description=\"\" data-large_image_width=\"1600\" data-large_image_height=\"901\"><img loading=\"lazy\" decoding=\"async\" class=\" wp-image-177420 alignleft\" src=\"https:\/\/www.radiopiu.net\/wordpress\/wp-content\/uploads\/2020\/12\/DON-GIORGIO-LISE-300x169.jpg\" alt=\"\" width=\"154\" height=\"87\" srcset=\"https:\/\/www.radiopiu.net\/wordpress\/wp-content\/uploads\/2020\/12\/DON-GIORGIO-LISE-300x169.jpg 300w, https:\/\/www.radiopiu.net\/wordpress\/wp-content\/uploads\/2020\/12\/DON-GIORGIO-LISE-1024x577.jpg 1024w, https:\/\/www.radiopiu.net\/wordpress\/wp-content\/uploads\/2020\/12\/DON-GIORGIO-LISE-768x432.jpg 768w, https:\/\/www.radiopiu.net\/wordpress\/wp-content\/uploads\/2020\/12\/DON-GIORGIO-LISE-1536x865.jpg 1536w, https:\/\/www.radiopiu.net\/wordpress\/wp-content\/uploads\/2020\/12\/DON-GIORGIO-LISE.jpg 1600w\" sizes=\"auto, (max-width: 154px) 100vw, 154px\" \/><\/a>COME OGNI DOMENICA L&#8217;APPUNTAMENTO CON IL PENSIERO DI MONSIGNOR GIORGIO LISE<\/strong><\/p>\n<audio class=\"wp-audio-shortcode\" id=\"audio-382810-5\" preload=\"none\" style=\"width: 100%;\" controls=\"controls\"><source type=\"audio\/mpeg\" src=\"https:\/\/www.radiopiu.net\/wordpress\/wp-content\/uploads\/2024\/04\/DON-GIORGIO.mp3?_=5\" \/><a href=\"https:\/\/www.radiopiu.net\/wordpress\/wp-content\/uploads\/2024\/04\/DON-GIORGIO.mp3\">https:\/\/www.radiopiu.net\/wordpress\/wp-content\/uploads\/2024\/04\/DON-GIORGIO.mp3<\/a><\/audio>\n<p>&nbsp;<\/p>\n<h2><span style=\"color: #cc99ff;\">LA RASSEGNA STAMPA DA L&#8217;AMICO DEL POPOLO<\/span><\/h2>\n<p><strong><a class=\"dt-pswp-item\" href=\"https:\/\/www.radiopiu.net\/wordpress\/wp-content\/uploads\/2018\/05\/GIANNI-SANTOMASO-e1543068566519.jpg\" data-dt-img-description=\"\" data-large_image_width=\"176\" data-large_image_height=\"176\"><img loading=\"lazy\" decoding=\"async\" class=\" wp-image-47951 alignleft\" src=\"https:\/\/www.radiopiu.net\/wordpress\/wp-content\/uploads\/2018\/05\/GIANNI-SANTOMASO-e1543068566519.jpg\" alt=\"\" width=\"130\" height=\"130\" srcset=\"https:\/\/www.radiopiu.net\/wordpress\/wp-content\/uploads\/2018\/05\/GIANNI-SANTOMASO-e1543068566519.jpg 176w, https:\/\/www.radiopiu.net\/wordpress\/wp-content\/uploads\/2018\/05\/GIANNI-SANTOMASO-e1543068566519-150x150.jpg 150w\" sizes=\"auto, (max-width: 130px) 100vw, 130px\" \/><\/a>DI GIANNI SANTOMASO<\/strong><\/p>\n<audio class=\"wp-audio-shortcode\" id=\"audio-382810-6\" preload=\"none\" style=\"width: 100%;\" controls=\"controls\"><source type=\"audio\/mpeg\" src=\"https:\/\/www.radiopiu.net\/wordpress\/wp-content\/uploads\/2024\/04\/RASSEGNA-GIANNI.mp3?_=6\" \/><a href=\"https:\/\/www.radiopiu.net\/wordpress\/wp-content\/uploads\/2024\/04\/RASSEGNA-GIANNI.mp3\">https:\/\/www.radiopiu.net\/wordpress\/wp-content\/uploads\/2024\/04\/RASSEGNA-GIANNI.mp3<\/a><\/audio>\n<p>&nbsp;<\/p>\n<h2><span style=\"color: #808000;\">GOODBYE BY BICICLE&#8230;UN VIAGGIO DALL&#8217;INDIA A SEREN DEL GRAPPA IN BICICLETTA<\/span><\/h2>\n<p><span style=\"color: #ff0000;\"><strong>PUNTATA 08 &#8211; LA CENA EUROPEA E POI IN NEPAL PER IL RINNOVO DEL VISTO TURISTICO<\/strong><\/span><\/p>\n<audio class=\"wp-audio-shortcode\" id=\"audio-382810-7\" preload=\"none\" style=\"width: 100%;\" controls=\"controls\"><source type=\"audio\/mpeg\" src=\"https:\/\/www.radiopiu.net\/wordpress\/wp-content\/uploads\/2024\/03\/AIRE-INDIA-PUNTATA-08.mp3?_=7\" \/><a href=\"https:\/\/www.radiopiu.net\/wordpress\/wp-content\/uploads\/2024\/03\/AIRE-INDIA-PUNTATA-08.mp3\">https:\/\/www.radiopiu.net\/wordpress\/wp-content\/uploads\/2024\/03\/AIRE-INDIA-PUNTATA-08.mp3<\/a><\/audio>\n<p>&nbsp;<\/p>\n<p><strong>PER VISITARE I SITI DEI LUOGHI VISITATI, CLICCA SULLE SEGUENTI SCRITTE: <a href=\"https:\/\/www.indiarecycles.org\/#\">INDIA RECYCLES<\/a><\/strong><\/p>\n\n\t\t\t<style type='text\/css'>\n\t\t\t\t#gallery-5 {\n\t\t\t\t\tmargin: auto;\n\t\t\t\t}\n\t\t\t\t#gallery-5 .gallery-item {\n\t\t\t\t\tfloat: left;\n\t\t\t\t\tmargin-top: 10px;\n\t\t\t\t\ttext-align: center;\n\t\t\t\t\twidth: 33%;\n\t\t\t\t}\n\t\t\t\t#gallery-5 img {\n\t\t\t\t\tborder: 2px solid #cfcfcf;\n\t\t\t\t}\n\t\t\t\t#gallery-5 .gallery-caption {\n\t\t\t\t\tmargin-left: 0;\n\t\t\t\t}\n\t\t\t\t\/* see gallery_shortcode() in wp-includes\/media.php *\/\n\t\t\t<\/style>\n\t\t<div id='gallery-5' class='dt-gallery-container gallery galleryid-382810 gallery-columns-3 gallery-size-thumbnail'><dl class='gallery-item'>\n\t\t\t\t<dt class='gallery-icon portrait'>\n\t\t\t\t\t<a class=\"rollover rollover-zoom dt-pswp-item\" title=\"abbaced2-2610-4b21-b932-649c940dd85d\" data-dt-img-description=\"\" data-large_image_width=\"1200\" data-large_image_height=\"1600\"href='https:\/\/www.radiopiu.net\/wordpress\/wp-content\/uploads\/2024\/03\/abbaced2-2610-4b21-b932-649c940dd85d.jpg'><img loading=\"lazy\" decoding=\"async\" width=\"150\" height=\"150\" src=\"https:\/\/www.radiopiu.net\/wordpress\/wp-content\/uploads\/2024\/03\/abbaced2-2610-4b21-b932-649c940dd85d-150x150.jpg\" class=\"attachment-thumbnail size-thumbnail\" alt=\"\" \/><\/a>\n\t\t\t\t<\/dt><\/dl><dl class='gallery-item'>\n\t\t\t\t<dt class='gallery-icon portrait'>\n\t\t\t\t\t<a class=\"rollover rollover-zoom dt-pswp-item\" title=\"12feb575-17ee-49c8-b6b2-001f4711a13c\" data-dt-img-description=\"\" data-large_image_width=\"768\" data-large_image_height=\"1024\"href='https:\/\/www.radiopiu.net\/wordpress\/wp-content\/uploads\/2024\/03\/12feb575-17ee-49c8-b6b2-001f4711a13c.jpg'><img loading=\"lazy\" decoding=\"async\" width=\"150\" height=\"150\" src=\"https:\/\/www.radiopiu.net\/wordpress\/wp-content\/uploads\/2024\/03\/12feb575-17ee-49c8-b6b2-001f4711a13c-150x150.jpg\" class=\"attachment-thumbnail size-thumbnail\" alt=\"\" \/><\/a>\n\t\t\t\t<\/dt><\/dl><dl class='gallery-item'>\n\t\t\t\t<dt class='gallery-icon portrait'>\n\t\t\t\t\t<a class=\"rollover rollover-zoom dt-pswp-item\" title=\"56bb1602-6cd2-4044-8bbf-91b427ed471a\" data-dt-img-description=\"\" data-large_image_width=\"1200\" data-large_image_height=\"1600\"href='https:\/\/www.radiopiu.net\/wordpress\/wp-content\/uploads\/2024\/03\/56bb1602-6cd2-4044-8bbf-91b427ed471a.jpg'><img loading=\"lazy\" decoding=\"async\" width=\"150\" height=\"150\" src=\"https:\/\/www.radiopiu.net\/wordpress\/wp-content\/uploads\/2024\/03\/56bb1602-6cd2-4044-8bbf-91b427ed471a-150x150.jpg\" class=\"attachment-thumbnail size-thumbnail\" alt=\"\" \/><\/a>\n\t\t\t\t<\/dt><\/dl><br style=\"clear: both\" \/>\n\t\t\t<\/div>\n\n<p>&nbsp;<\/p>\n<h2>LA RACCOLTA COMPLETA <a href=\"https:\/\/www.radiopiu.net\/wordpress\/goodbye-by-bicicle-un-viaggio-dallindia-a-seren-del-grappa-in-bicicletta-08\/\"><span style=\"color: #0000ff;\">CLICCA QUI<\/span><\/a><\/h2>\n<p>&nbsp;<\/p>\n<blockquote class=\"wp-embedded-content\" data-secret=\"dGlofe0yw9\"><p><a href=\"https:\/\/www.radiopiu.net\/wordpress\/ddc-juke-box-da-unidea-di-luisa-alchini-p08\/\">DDC JUKE BOX, DA UN&#8217;IDEA DI LUISA ALCHINI<\/a><\/p><\/blockquote>\n<p><iframe loading=\"lazy\" class=\"wp-embedded-content\" sandbox=\"allow-scripts\" security=\"restricted\" style=\"position: absolute; clip: rect(1px, 1px, 1px, 1px);\" title=\"&#8220;DDC JUKE BOX, DA UN&#8217;IDEA DI LUISA ALCHINI&#8221; &#8212; Radio Pi\u00f9\" src=\"https:\/\/www.radiopiu.net\/wordpress\/ddc-juke-box-da-unidea-di-luisa-alchini-p08\/embed\/#?secret=rEBj7mGws6#?secret=dGlofe0yw9\" data-secret=\"dGlofe0yw9\" width=\"600\" height=\"338\" frameborder=\"0\" marginwidth=\"0\" marginheight=\"0\" scrolling=\"no\"><\/iframe><\/p>\n<p>&nbsp;<\/p>\n<hr \/>\n<p>&nbsp;<\/p>\n<h2><span style=\"color: #ff0000;\"><a class=\"dt-pswp-item\" href=\"https:\/\/www.radiopiu.net\/wordpress\/wp-content\/uploads\/2018\/09\/appuntamenti.jpeg\" data-dt-img-description=\"\" data-large_image_width=\"800\" data-large_image_height=\"100\"><img loading=\"lazy\" decoding=\"async\" class=\"wp-image-61958 size-full aligncenter\" src=\"https:\/\/www.radiopiu.net\/wordpress\/wp-content\/uploads\/2018\/09\/appuntamenti.jpeg\" alt=\"\" width=\"800\" height=\"100\" srcset=\"https:\/\/www.radiopiu.net\/wordpress\/wp-content\/uploads\/2018\/09\/appuntamenti.jpeg 800w, https:\/\/www.radiopiu.net\/wordpress\/wp-content\/uploads\/2018\/09\/appuntamenti-300x38.jpeg 300w, https:\/\/www.radiopiu.net\/wordpress\/wp-content\/uploads\/2018\/09\/appuntamenti-768x96.jpeg 768w\" sizes=\"auto, (max-width: 800px) 100vw, 800px\" \/><\/a><\/span><\/h2>\n<div>\n<div class=\"\" dir=\"auto\">\n<div id=\":r9h:\" class=\"x1iorvi4 x1pi30zi x1l90r2v x1swvt13\" data-ad-comet-preview=\"message\" data-ad-preview=\"message\">\n<div class=\"x78zum5 xdt5ytf xz62fqu x16ldp7u\">\n<div class=\"xu06os2 x1ok221b\">\n<p>&nbsp;<\/p>\n<div>\n<div class=\"\" dir=\"auto\">\n<div id=\":r9h:\" class=\"x1iorvi4 x1pi30zi x1l90r2v x1swvt13\" data-ad-comet-preview=\"message\" data-ad-preview=\"message\">\n<div class=\"x78zum5 xdt5ytf xz62fqu x16ldp7u\">\n<div class=\"xu06os2 x1ok221b\">\n<div dir=\"auto\">\n<p><strong>BELLUNO\u00a0<\/strong>La rassegna &#8220;A casa di Dino&#8221;, riprende dopo una pausa, organizzata dall\u2019Associazione Culturale Villa Buzzati S. Pellegrino &#8211; il Granaio. L&#8217;obiettivo \u00e8 portare l&#8217;eredit\u00e0 di Buzzati dalla sua citt\u00e0 natale a Belluno, coinvolgendo appassionati e nuovi pubblici. Tre incontri con autori, studiosi e artisti contemporanei esploreranno la figura di Buzzati attraverso la letteratura, l&#8217;arte, la poesia e la musica. Il primo evento, un concerto di strada, si terr\u00e0 il 12 aprile 2024, alle 18:30, al Giardino Loris Tormen di Belluno (o in alternativa presso la Sala De Luca Borgo Pr\u00e0 in caso di pioggia).<\/p>\n<p><strong>LIVINALLONGO<\/strong> Il gruppo &#8220;Insieme si pu\u00f2 Fodom&#8221; organizza un teatro di beneficenza sabato 13 aprile alle 20:30 in sala conferenze di Arabba con la Nuova Compagnia del teatro di Brunico dal titolo &#8220;Non sono un gigol\u00f2&#8221;.\u00a0 L&#8217;evento teatrale mira a raccogliere fondi per aiutare i bambini bisognosi nel villaggio di don Abraham.<\/p>\n<\/div>\n<\/div>\n<\/div>\n<\/div>\n<\/div>\n<\/div>\n<\/div>\n<\/div>\n<\/div>\n<\/div>\n<\/div>\n<h2>IL 13 APRILE IL CONCERTO DI MARCO V DAL FARRA AL TEATRO SAN FELICE DI BELLUNO<\/h2>\n\n\t\t\t<style type='text\/css'>\n\t\t\t\t#gallery-6 {\n\t\t\t\t\tmargin: auto;\n\t\t\t\t}\n\t\t\t\t#gallery-6 .gallery-item {\n\t\t\t\t\tfloat: left;\n\t\t\t\t\tmargin-top: 10px;\n\t\t\t\t\ttext-align: center;\n\t\t\t\t\twidth: 100%;\n\t\t\t\t}\n\t\t\t\t#gallery-6 img {\n\t\t\t\t\tborder: 2px solid #cfcfcf;\n\t\t\t\t}\n\t\t\t\t#gallery-6 .gallery-caption {\n\t\t\t\t\tmargin-left: 0;\n\t\t\t\t}\n\t\t\t\t\/* see gallery_shortcode() in wp-includes\/media.php *\/\n\t\t\t<\/style>\n\t\t<div id='gallery-6' class='dt-gallery-container gallery galleryid-382810 gallery-columns-1 gallery-size-medium'><dl class='gallery-item'>\n\t\t\t\t<dt class='gallery-icon portrait'>\n\t\t\t\t\t<a class=\"rollover rollover-zoom dt-pswp-item\" title=\"ff5ef01c-49c1-48a5-9225-b7d8260b55df\" data-dt-img-description=\"\" data-large_image_width=\"877\" data-large_image_height=\"1241\"href='https:\/\/www.radiopiu.net\/wordpress\/wp-content\/uploads\/2024\/03\/ff5ef01c-49c1-48a5-9225-b7d8260b55df.jpg'><img loading=\"lazy\" decoding=\"async\" width=\"212\" height=\"300\" src=\"https:\/\/www.radiopiu.net\/wordpress\/wp-content\/uploads\/2024\/03\/ff5ef01c-49c1-48a5-9225-b7d8260b55df-212x300.jpg\" class=\"attachment-medium size-medium\" alt=\"\" srcset=\"https:\/\/www.radiopiu.net\/wordpress\/wp-content\/uploads\/2024\/03\/ff5ef01c-49c1-48a5-9225-b7d8260b55df-212x300.jpg 212w, https:\/\/www.radiopiu.net\/wordpress\/wp-content\/uploads\/2024\/03\/ff5ef01c-49c1-48a5-9225-b7d8260b55df-724x1024.jpg 724w, https:\/\/www.radiopiu.net\/wordpress\/wp-content\/uploads\/2024\/03\/ff5ef01c-49c1-48a5-9225-b7d8260b55df-768x1087.jpg 768w, https:\/\/www.radiopiu.net\/wordpress\/wp-content\/uploads\/2024\/03\/ff5ef01c-49c1-48a5-9225-b7d8260b55df.jpg 877w\" sizes=\"auto, (max-width: 212px) 100vw, 212px\" \/><\/a>\n\t\t\t\t<\/dt><\/dl><br style=\"clear: both\" \/>\n\t\t\t<\/div>\n\n<h2><span style=\"color: #ff0000;\">PROSSIMAMENTE&#8230;<\/span><\/h2>\n<p><strong>FALCADE <\/strong>DESPERADOS, DUE GIORNI DI FESTA CON LA QUINTA LICEO, AL PALAFALCADE. VENERDI 19 APRILE DALLE 18 APERITIVO E ALLE 20 IL BALLO LISCIO CON &#8221; \u201ci prestazione occasionale, GI\u00e0 QUELLI CHE IL LISCIO&#8221; SABATO 20 APRILE, DALLE 17 TORNEO DI BRISCOLA E CALCETTO E DALLE 21 DESPERADOS PARTY!!!! CON BASSLINE DJ, DALLA MEZZANOTTE HAPPY HALF HOUR info 3482996318<\/p>\n<p>&nbsp;<\/p>\n<hr \/>\n<p>&nbsp;<\/p>\n<a href=\"https:\/\/www.radiopiu.net\/wordpress\/wp-content\/uploads\/2024\/04\/POSTER_2024-1.pdf\" class=\"pdfemb-viewer\" style=\"\" data-width=\"max\" data-height=\"max\" data-toolbar=\"top\" data-toolbar-fixed=\"on\">POSTER_2024-1<\/a>\n<p>&nbsp;<\/p>\n<p>&nbsp;<\/p>\n<p>&nbsp;<\/p>\n<hr \/>\n<p>&nbsp;<\/p>\n<blockquote class=\"wp-embedded-content\" data-secret=\"sGuGsrRADh\"><p><a href=\"https:\/\/www.radiopiu.net\/wordpress\/piu-siamo-con-marina-settimana-dal-01-al-05-aprile-2024\/\">PIU&#8217; SIAMO&#8230;.. CON MARINA. SETTIMANA DAL 01 AL 05 APRILE 2024<\/a><\/p><\/blockquote>\n<p><iframe loading=\"lazy\" class=\"wp-embedded-content\" sandbox=\"allow-scripts\" security=\"restricted\" style=\"position: absolute; clip: rect(1px, 1px, 1px, 1px);\" title=\"&#8220;PIU&#8217; SIAMO&#8230;.. CON MARINA. SETTIMANA DAL 01 AL 05 APRILE 2024&#8221; &#8212; Radio Pi\u00f9\" src=\"https:\/\/www.radiopiu.net\/wordpress\/piu-siamo-con-marina-settimana-dal-01-al-05-aprile-2024\/embed\/#?secret=Bl5bo0ecl8#?secret=sGuGsrRADh\" data-secret=\"sGuGsrRADh\" width=\"600\" height=\"338\" frameborder=\"0\" marginwidth=\"0\" marginheight=\"0\" scrolling=\"no\"><\/iframe><\/p>\n<p>&nbsp;<\/p>\n<hr \/>\n<p>&nbsp;<\/p>\n<p><a class=\"dt-pswp-item\" href=\"https:\/\/www.radiopiu.net\/wordpress\/wp-content\/uploads\/2018\/09\/viabilita.jpeg\" data-dt-img-description=\"\" data-large_image_width=\"800\" data-large_image_height=\"100\"><img loading=\"lazy\" decoding=\"async\" class=\"aligncenter wp-image-61954 size-full\" src=\"https:\/\/www.radiopiu.net\/wordpress\/wp-content\/uploads\/2018\/09\/viabilita.jpeg\" alt=\"\" width=\"800\" height=\"100\" srcset=\"https:\/\/www.radiopiu.net\/wordpress\/wp-content\/uploads\/2018\/09\/viabilita.jpeg 800w, https:\/\/www.radiopiu.net\/wordpress\/wp-content\/uploads\/2018\/09\/viabilita-300x38.jpeg 300w, https:\/\/www.radiopiu.net\/wordpress\/wp-content\/uploads\/2018\/09\/viabilita-768x96.jpeg 768w\" sizes=\"auto, (max-width: 800px) 100vw, 800px\" \/><\/a><\/p>\n<p>&nbsp;<\/p>\n<p><a class=\"dt-pswp-item\" href=\"https:\/\/www.radiopiu.net\/wordpress\/wp-content\/uploads\/2023\/12\/botol-car-service.jpg\" data-dt-img-description=\"\" data-large_image_width=\"600\" data-large_image_height=\"600\"><img loading=\"lazy\" decoding=\"async\" class=\"size-medium wp-image-367044 aligncenter\" src=\"https:\/\/www.radiopiu.net\/wordpress\/wp-content\/uploads\/2023\/12\/botol-car-service-300x300.jpg\" alt=\"\" width=\"300\" height=\"300\" srcset=\"https:\/\/www.radiopiu.net\/wordpress\/wp-content\/uploads\/2023\/12\/botol-car-service-300x300.jpg 300w, https:\/\/www.radiopiu.net\/wordpress\/wp-content\/uploads\/2023\/12\/botol-car-service-150x150.jpg 150w, https:\/\/www.radiopiu.net\/wordpress\/wp-content\/uploads\/2023\/12\/botol-car-service.jpg 600w\" sizes=\"auto, (max-width: 300px) 100vw, 300px\" \/><\/a><\/p>\n<p>&nbsp;<\/p>\n<p>&nbsp;<\/p>\n<h1>BOLLETTINO QUOTIDIANO, CLICCA QUI<\/h1>\n<blockquote class=\"wp-embedded-content\" data-secret=\"ajh2b89QdV\"><p><a href=\"https:\/\/www.radiopiu.net\/wordpress\/viabilita\/\">viabilita<\/a><\/p><\/blockquote>\n<p><iframe loading=\"lazy\" class=\"wp-embedded-content\" sandbox=\"allow-scripts\" security=\"restricted\" style=\"position: absolute; clip: rect(1px, 1px, 1px, 1px);\" title=\"&#8220;viabilita&#8221; &#8212; Radio Pi\u00f9\" src=\"https:\/\/www.radiopiu.net\/wordpress\/viabilita\/embed\/#?secret=Lz5wXBsG1n#?secret=ajh2b89QdV\" data-secret=\"ajh2b89QdV\" width=\"600\" height=\"338\" frameborder=\"0\" marginwidth=\"0\" marginheight=\"0\" scrolling=\"no\"><\/iframe><\/p>\n<p>&nbsp;<\/p>\n<p>&nbsp;<\/p>\n<hr \/>\n<p>&nbsp;<\/p>\n<p><a class=\"dt-pswp-item\" href=\"https:\/\/www.radiopiu.net\/wordpress\/wp-content\/uploads\/2018\/09\/WhatsApp-Image-2018-09-20-at-16.04.06.jpeg\" data-dt-img-description=\"\" data-large_image_width=\"800\" data-large_image_height=\"100\"><img loading=\"lazy\" decoding=\"async\" class=\"wp-image-61378 size-full aligncenter\" src=\"https:\/\/www.radiopiu.net\/wordpress\/wp-content\/uploads\/2018\/09\/WhatsApp-Image-2018-09-20-at-16.04.06.jpeg\" alt=\"\" width=\"800\" height=\"100\" srcset=\"https:\/\/www.radiopiu.net\/wordpress\/wp-content\/uploads\/2018\/09\/WhatsApp-Image-2018-09-20-at-16.04.06.jpeg 800w, https:\/\/www.radiopiu.net\/wordpress\/wp-content\/uploads\/2018\/09\/WhatsApp-Image-2018-09-20-at-16.04.06-300x38.jpeg 300w, https:\/\/www.radiopiu.net\/wordpress\/wp-content\/uploads\/2018\/09\/WhatsApp-Image-2018-09-20-at-16.04.06-768x96.jpeg 768w\" sizes=\"auto, (max-width: 800px) 100vw, 800px\" \/><\/a><\/p>\n<p><center><\/center><center><\/center><center><\/center><center><\/center><center><\/center><center><\/center>&nbsp;<\/p>\n<p><center><\/center><center><\/center><center><b>OGGI<\/b><\/center>Cielo velato per estese nubi alte, a tratti anche in grado di mascherare il sole.<br \/>\n<b>Precipitazioni: <\/b>Assenti<br \/>\n<b>Temperature: <\/b>Temperature in graduale lieve calo in quota con minime raggiunte in serata, stazionarie in valle o localmente in ulteriore lieve aumento le massime con valori estremamente elevati per il periodo<\/p>\n<hr \/>\n<p><center><b>DOMANI<\/b><\/center>Al mattino poco nuvoloso dopo il dissolvimento delle nubi basse presenti in alcuni settori e presenza di velature. Nel pomeriggio poco o parzialmente nuvoloso per velature e addensamenti via via pi\u00f9 intensi fino a nuvoloso dalla sera.<br \/>\n<b>Precipitazioni: <\/b>Dalla sera non \u00e8 da escludere qualche rovescio sparso<br \/>\n<b>Temperature: <\/b>Temperature in generale e graduale calo in quota con minime raggiunte in serata.<\/p>\n<hr \/>\n<p><center><b>MERCOLEDI<\/b><\/center>Tra notte e mattino instabile con molte nubi e rovesci sparsi pi\u00f9 probabili su Prealpi occidentali rispetto a Dolomiti, nevoso oltre i 2000-2200 m. Dal pomeriggio tendenza a graduale attenuazione della nuvolosit\u00e0 dapprima su Dolomiti, pi\u00f9 tardi su Prealpi. Temperature in generale calo.<\/p>\n<hr \/>\n<p><center><b>GIOVEDI<\/b><\/center>Cielo sereno o poco nuvoloso. Tra notte e mattino qualche nube bassa o nebbia nei fondovalle in rapido dissolvimento. Temperature in aumento.<\/p>\n<p>&nbsp;<\/p>\n<hr \/>\n<p>&nbsp;<\/p>\n<p><img loading=\"lazy\" decoding=\"async\" class=\"wp-image-60761 size-full aligncenter\" src=\"https:\/\/www.radiopiu.net\/wordpress\/wp-content\/uploads\/2018\/09\/sport.jpg\" alt=\"\" width=\"800\" height=\"100\" srcset=\"https:\/\/www.radiopiu.net\/wordpress\/wp-content\/uploads\/2018\/09\/sport.jpg 800w, https:\/\/www.radiopiu.net\/wordpress\/wp-content\/uploads\/2018\/09\/sport-300x38.jpg 300w, https:\/\/www.radiopiu.net\/wordpress\/wp-content\/uploads\/2018\/09\/sport-768x96.jpg 768w\" sizes=\"auto, (max-width: 800px) 100vw, 800px\" \/><\/p>\n<p>&nbsp;<\/p>\n<p><span style=\"color: #0000ff;\"><strong>CALCIO<\/strong><\/span><\/p>\n<blockquote>\n<h3>L&#8217;AGORDINA VINCE CON IL FORTOGNA, RETI INVIOLATE TRA SAN VITTORE E PIAVE<\/h3>\n<\/blockquote>\n<p><strong><a class=\"dt-pswp-item\" href=\"https:\/\/www.radiopiu.net\/wordpress\/wp-content\/uploads\/2022\/10\/CALCIO-2022-e1665937841126.jpg\" data-dt-img-description=\"\" data-large_image_width=\"400\" data-large_image_height=\"250\"><img loading=\"lazy\" decoding=\"async\" class=\" wp-image-301842 alignleft\" src=\"https:\/\/www.radiopiu.net\/wordpress\/wp-content\/uploads\/2022\/10\/CALCIO-2022-e1665937841126-300x188.jpg\" alt=\"\" width=\"204\" height=\"128\" srcset=\"https:\/\/www.radiopiu.net\/wordpress\/wp-content\/uploads\/2022\/10\/CALCIO-2022-e1665937841126-300x188.jpg 300w, https:\/\/www.radiopiu.net\/wordpress\/wp-content\/uploads\/2022\/10\/CALCIO-2022-e1665937841126.jpg 400w\" sizes=\"auto, (max-width: 204px) 100vw, 204px\" \/><\/a>DI MARCO GAZ<\/strong><\/p>\n<p><span style=\"color: #ff0000;\"><strong>TERZA CATEGORIA<\/strong><\/span><\/p>\n<p><strong>FORTOGNA \u2013 AGORDINA 1-2<\/strong><\/p>\n<p>GOL AGORDINA: Chiea, Fersuoch<\/p>\n<p>L\u2019Agordina Calcio torna a vincere e lo fa nel momento decisivo per le sorti del campionato. La compagine allenata da Chiea incamera 3 punti a Longarone contro un Fortogna che sta lottando per accedere ai playoff. Una vittoria importante per la squadra di Agordo che rimane in corsa sul filo di lana per cercare di agguantare la seconda fase della Terza Categoria e quindi centrare l\u2019obbiettivo playoff. Non sar\u00e0 una passeggiata visto che gli agordini sono costretti a vincere le ultime 5 partite della stagione e sperare nella sorte. Primo tempo che termina a reti inviolate con le due compagini che giocano a viso aperto. Il Fortogna tira in porta per primo ma la conclusione termina alta. Agordina che risponde con Crepaz e Mezzacasa ma il pallone non vuole entrare. Nel secondo tempo i padroni di casa trovano il gol del vantaggio su punizione. L\u2019Agordina si sveglia con Selle che spara alto di poco. A pareggiare i conti ci pensa Chiea con un siluro dal limite. Nel finale di gara arriva il gol vittoria per gli agordini con Fersuoch che mette il pallone dove il portiere non pu\u00f2 arrivare.<\/p>\n<p><strong>SAN VITTORE \u2013 PIAVE 0-0<\/strong><\/p>\n<p>Termina senza vinti ne vincitori la sfida tra San Vittore e Piave. Un punto a testa dopo una partita vivace ma senza tante occasioni da gol.<\/p>\n<p><strong>LA CLASSIFICA DELLA TERZA CATEGORIA:<\/strong> Gemelle 45, Domegge 38, San Vittore 37, Auronzo 35, Fortogna 34, Alpes Cesio 30, Dynamo Vellai e Valzoldana 27, Agordina 23, Piave 21, Cortina 17, Tambre 13, Lamonese 10, Cadore 3<\/p>\n<p><span style=\"color: #008000;\"><strong>GIOVANILI AGORDINA<\/strong><\/span><\/p>\n<p><span style=\"color: #ff0000;\"><strong>JUNIORES<\/strong><\/span><\/p>\n<p><strong>CORDIGNANO \u2013 AGORDINA 4-1<\/strong><\/p>\n<p>GOL AGORDINA: Marcon<\/p>\n<p>Tasche vuote per l\u2019Agordina dopo la trasferta in terra trevigiana contro il Cordignao. La squadra di Agordo gioca a calcio per 60 minuti poi crolla lasciando troppi spazi agli avversari. Passa in vantaggio l&#8217;Agordina con Matthias Marcon, bravo a rubare palla alla difesa avversaria e a concludere con un preciso rasoterra. Dalla met\u00e0 del secondo tempo invece solo Cordignano che in poco pi\u00fa di venti minuti mette a segno le quattro reti che decidono l&#8217;incontro<\/p>\n<p><span style=\"color: #ff0000;\"><strong>ALLIEVI <\/strong><\/span><\/p>\n<p><strong>JUVENTINA MUGNAI \u2013 AGORDINA 1-4<\/strong><\/p>\n<p>GOL AGORDINA: Marcon, Ganz, 2 Soccol<\/p>\n<p>Gli allievi dell\u2019Agordina calano il poker alla Juventina Mugnai. Tre punti importanti dalla trasferta in terra feltrina con la compagine di Agordo che passa in vantaggio dopo pochi minuti e padroni di casa che pareggiano a fine primo tempo. Seconda frazione a senso unico con gli agordini che chiudono la sfida mettendo a segno altre 3 marcature<\/p>\n<p><span style=\"color: #ff0000;\"><strong>GIOVANISSIMI<\/strong><\/span><\/p>\n<p><strong>JUVENTINA MUGNAI \u2013 AGORDINA sq.A 1-1<\/strong><\/p>\n<p>Termina in pareggio la sfida tra Juventina ed Agordina. Un gol a testa e un punto ciascuna, ne vinti ne vincitori. Per i ragazzi di Agordo a segno Campedel<\/p>\n<p><strong>AGORDINA sq. B \u2013 SCHIARA 0-2<\/strong><\/p>\n<p>La sqconda squadra dell\u2019Agordina giovanissimi non riesce a fare punti con lo Schiara. Agordini che le provano tutte ma due errori concedono i tre punti in palio alla squadra della Val Belluna.<\/p>\n<p>&nbsp;<\/p>\n<p><span style=\"color: #0000ff;\"><strong>SCI NORDICO<\/strong><\/span><\/p>\n<blockquote>\n<h3>OTTIMA PROVA DI LORENZO BUSIN IN NORVEGIA<\/h3>\n<\/blockquote>\n<p><strong><a class=\"dt-pswp-item\" href=\"https:\/\/www.radiopiu.net\/wordpress\/wp-content\/uploads\/2024\/04\/35f2a655-af26-49fe-96a4-4dd5ab33314e.jpg\" data-dt-img-description=\"\" data-large_image_width=\"1055\" data-large_image_height=\"791\"><img loading=\"lazy\" decoding=\"async\" class=\" wp-image-382876 alignleft\" src=\"https:\/\/www.radiopiu.net\/wordpress\/wp-content\/uploads\/2024\/04\/35f2a655-af26-49fe-96a4-4dd5ab33314e-300x225.jpg\" alt=\"\" width=\"187\" height=\"140\" srcset=\"https:\/\/www.radiopiu.net\/wordpress\/wp-content\/uploads\/2024\/04\/35f2a655-af26-49fe-96a4-4dd5ab33314e-300x225.jpg 300w, https:\/\/www.radiopiu.net\/wordpress\/wp-content\/uploads\/2024\/04\/35f2a655-af26-49fe-96a4-4dd5ab33314e-1024x768.jpg 1024w, https:\/\/www.radiopiu.net\/wordpress\/wp-content\/uploads\/2024\/04\/35f2a655-af26-49fe-96a4-4dd5ab33314e-768x576.jpg 768w, https:\/\/www.radiopiu.net\/wordpress\/wp-content\/uploads\/2024\/04\/35f2a655-af26-49fe-96a4-4dd5ab33314e.jpg 1055w\" sizes=\"auto, (max-width: 187px) 100vw, 187px\" \/><\/a> <\/strong><\/p>\n<p><strong>\u00a0<\/strong><\/p>\n<p><strong>REDAZIONE<\/strong> La Reistadlopet \u00e8 una granfondo di 50 km che si svolge in Norvegia, facente parte della prestigiosa gara dello skiclassics. Questa importante competizione attrae numerosi fondisti provenienti anche dalla Coppa del Mondo di sci di fondo. Nell&#8217;ultima edizione, Lorenzo Busin si \u00e8 distinto con una prestazione di alto livello, raggiungendo un eccellente 32\u00b0 posto.<\/p>\n<p>&nbsp;<\/p>\n<p>&nbsp;<\/p>\n<p><span style=\"color: #0000ff;\"><strong>CORSA CAMPESTRE<\/strong><\/span><\/p>\n<blockquote>\n<h3>MANUELA BULF SECONDA AI CAMPIONATI ITALIANI DI CORSA CAMPESTRE CSI<\/h3>\n<\/blockquote>\n<p><strong>REDAZIONE<\/strong> Trasferta a Calco in provincia di Lecco per l&#8217;Atletica Agordina che si \u00e8 presentata ai Campionati Italiani di Corsa Campestre CSI con una folta rappresentanza. Buoni piazzamenti per tutto gli atleti agordini. A primeggiare Manuela Bulf che ha chiuso al secondo posto la gara.<\/p>\n\n\t\t\t<style type='text\/css'>\n\t\t\t\t#gallery-7 {\n\t\t\t\t\tmargin: auto;\n\t\t\t\t}\n\t\t\t\t#gallery-7 .gallery-item {\n\t\t\t\t\tfloat: left;\n\t\t\t\t\tmargin-top: 10px;\n\t\t\t\t\ttext-align: center;\n\t\t\t\t\twidth: 100%;\n\t\t\t\t}\n\t\t\t\t#gallery-7 img {\n\t\t\t\t\tborder: 2px solid #cfcfcf;\n\t\t\t\t}\n\t\t\t\t#gallery-7 .gallery-caption {\n\t\t\t\t\tmargin-left: 0;\n\t\t\t\t}\n\t\t\t\t\/* see gallery_shortcode() in wp-includes\/media.php *\/\n\t\t\t<\/style>\n\t\t<div id='gallery-7' class='dt-gallery-container gallery galleryid-382810 gallery-columns-1 gallery-size-medium'><dl class='gallery-item'>\n\t\t\t\t<dt class='gallery-icon landscape'>\n\t\t\t\t\t<a class=\"rollover rollover-zoom dt-pswp-item\" title=\"46068ece-f5d8-4d94-8402-398edc861536\" data-dt-img-description=\"\" data-large_image_width=\"1600\" data-large_image_height=\"1197\"href='https:\/\/www.radiopiu.net\/wordpress\/wp-content\/uploads\/2024\/04\/46068ece-f5d8-4d94-8402-398edc861536.jpg'><img loading=\"lazy\" decoding=\"async\" width=\"300\" height=\"224\" src=\"https:\/\/www.radiopiu.net\/wordpress\/wp-content\/uploads\/2024\/04\/46068ece-f5d8-4d94-8402-398edc861536-300x224.jpg\" class=\"attachment-medium size-medium\" alt=\"\" srcset=\"https:\/\/www.radiopiu.net\/wordpress\/wp-content\/uploads\/2024\/04\/46068ece-f5d8-4d94-8402-398edc861536-300x224.jpg 300w, https:\/\/www.radiopiu.net\/wordpress\/wp-content\/uploads\/2024\/04\/46068ece-f5d8-4d94-8402-398edc861536-1024x766.jpg 1024w, https:\/\/www.radiopiu.net\/wordpress\/wp-content\/uploads\/2024\/04\/46068ece-f5d8-4d94-8402-398edc861536-768x575.jpg 768w, https:\/\/www.radiopiu.net\/wordpress\/wp-content\/uploads\/2024\/04\/46068ece-f5d8-4d94-8402-398edc861536-1536x1149.jpg 1536w, https:\/\/www.radiopiu.net\/wordpress\/wp-content\/uploads\/2024\/04\/46068ece-f5d8-4d94-8402-398edc861536.jpg 1600w\" sizes=\"auto, (max-width: 300px) 100vw, 300px\" \/><\/a>\n\t\t\t\t<\/dt><\/dl><br style=\"clear: both\" \/>\n\t\t\t<\/div>\n\n<p>&nbsp;<\/p>\n<p><span style=\"color: #0000ff;\"><strong>HOCKEY SU GHIACCIO<\/strong><\/span><\/p>\n<blockquote>\n<h3>L&#8217;ALLEGHE HOCKEY RINGRAZIA I WARRIORS<\/h3>\n<\/blockquote>\n<p><strong>DI ROBERTO MIANA, PORTAVOCE DELL&#8217;ALLEGHE HOCKEY<\/strong><\/p>\n<p>In riva al lago, al termine di questa stagione sportiva, non si pu\u00f2 che essere soddisfatti del lavoro svolto e dei risultati ottenuti, in particolare se si guarda al salto di qualit\u00e0 fatto dalla squadra senior rispetto alla passata stagione. Una piacevolissima nota positiva \u00e8 arrivata anche dal pubblico e dai tifosi che hanno gremito in buon numero il nostro palaghiaccio. Da sottolineare con grande orgoglio il ritorno sugli spalti del tifo organizzato, con la nascita dei Warriors. Un bellissimo gruppo di giovani, giovanissimi e non solo, che ha riportato al \u201cDe Toni\u201d e nelle trasferte delle Civette quel calore che era mancato negli ultimi anni. Sicuramente un valore aggiunto che ha aiutato tantissimo i nostri giocatori sul ghiaccio, il cos\u00ec detto uomo in pi\u00f9. Concetto espresso nelle parole di ringraziamento della Societ\u00e0: \u201cCome Alleghe Hockey abbiamo messo impegno, passione e dedizione per fare del nostro meglio in questa stagione e voi Warriors ci avete sostenuto calorosamente. Questa lettera \u00e8 per Voi che ci avete dato fiducia e che ci siete stati vicini in ogni momento e in qualunque condizione. Ci avete fatto e ci fate sentire ogni giorno speciali. Questa lettera \u00e8 per dirvi un semplice ma sincero grazie di cuore. Non avete idea della spinta che siete stati capaci di darci e quanto questo sar\u00e0 utile in futuro per raggiungere nuovi traguardi. Noi con Voi e Voi con Noi. Grazie ragazzi, grazie Warriors\u201d<\/p>\n<p>&nbsp;<\/p>\n\n\t\t\t<style type='text\/css'>\n\t\t\t\t#gallery-8 {\n\t\t\t\t\tmargin: auto;\n\t\t\t\t}\n\t\t\t\t#gallery-8 .gallery-item {\n\t\t\t\t\tfloat: left;\n\t\t\t\t\tmargin-top: 10px;\n\t\t\t\t\ttext-align: center;\n\t\t\t\t\twidth: 20%;\n\t\t\t\t}\n\t\t\t\t#gallery-8 img {\n\t\t\t\t\tborder: 2px solid #cfcfcf;\n\t\t\t\t}\n\t\t\t\t#gallery-8 .gallery-caption {\n\t\t\t\t\tmargin-left: 0;\n\t\t\t\t}\n\t\t\t\t\/* see gallery_shortcode() in wp-includes\/media.php *\/\n\t\t\t<\/style>\n\t\t<div id='gallery-8' class='dt-gallery-container gallery galleryid-382810 gallery-columns-5 gallery-size-thumbnail'><dl class='gallery-item'>\n\t\t\t\t<dt class='gallery-icon landscape'>\n\t\t\t\t\t<a class=\"rollover rollover-zoom dt-pswp-item\" title=\"4310ca6b-254c-4d31-89c5-af4e4ac3135c\" data-dt-img-description=\"\" data-large_image_width=\"1600\" data-large_image_height=\"1032\"href='https:\/\/www.radiopiu.net\/wordpress\/wp-content\/uploads\/2024\/04\/4310ca6b-254c-4d31-89c5-af4e4ac3135c.jpg'><img loading=\"lazy\" decoding=\"async\" width=\"150\" height=\"150\" src=\"https:\/\/www.radiopiu.net\/wordpress\/wp-content\/uploads\/2024\/04\/4310ca6b-254c-4d31-89c5-af4e4ac3135c-150x150.jpg\" class=\"attachment-thumbnail size-thumbnail\" alt=\"\" \/><\/a>\n\t\t\t\t<\/dt><\/dl><dl class='gallery-item'>\n\t\t\t\t<dt class='gallery-icon portrait'>\n\t\t\t\t\t<a class=\"rollover rollover-zoom dt-pswp-item\" title=\"9cb11fd0-892d-4b15-b04d-204dc171c284\" data-dt-img-description=\"\" data-large_image_width=\"1512\" data-large_image_height=\"1567\"href='https:\/\/www.radiopiu.net\/wordpress\/wp-content\/uploads\/2024\/04\/9cb11fd0-892d-4b15-b04d-204dc171c284.jpg'><img loading=\"lazy\" decoding=\"async\" width=\"150\" height=\"150\" src=\"https:\/\/www.radiopiu.net\/wordpress\/wp-content\/uploads\/2024\/04\/9cb11fd0-892d-4b15-b04d-204dc171c284-150x150.jpg\" class=\"attachment-thumbnail size-thumbnail\" alt=\"\" \/><\/a>\n\t\t\t\t<\/dt><\/dl><dl class='gallery-item'>\n\t\t\t\t<dt class='gallery-icon landscape'>\n\t\t\t\t\t<a class=\"rollover rollover-zoom dt-pswp-item\" title=\"874e4442-7386-4697-b440-a82393506540\" data-dt-img-description=\"\" data-large_image_width=\"694\" data-large_image_height=\"592\"href='https:\/\/www.radiopiu.net\/wordpress\/wp-content\/uploads\/2024\/04\/874e4442-7386-4697-b440-a82393506540.jpg'><img loading=\"lazy\" decoding=\"async\" width=\"150\" height=\"150\" src=\"https:\/\/www.radiopiu.net\/wordpress\/wp-content\/uploads\/2024\/04\/874e4442-7386-4697-b440-a82393506540-150x150.jpg\" class=\"attachment-thumbnail size-thumbnail\" alt=\"\" \/><\/a>\n\t\t\t\t<\/dt><\/dl><dl class='gallery-item'>\n\t\t\t\t<dt class='gallery-icon landscape'>\n\t\t\t\t\t<a class=\"rollover rollover-zoom dt-pswp-item\" title=\"af92cc75-4340-4955-bcef-d505816a97cf\" data-dt-img-description=\"\" data-large_image_width=\"1600\" data-large_image_height=\"953\"href='https:\/\/www.radiopiu.net\/wordpress\/wp-content\/uploads\/2024\/04\/af92cc75-4340-4955-bcef-d505816a97cf.jpg'><img loading=\"lazy\" decoding=\"async\" width=\"150\" height=\"150\" src=\"https:\/\/www.radiopiu.net\/wordpress\/wp-content\/uploads\/2024\/04\/af92cc75-4340-4955-bcef-d505816a97cf-150x150.jpg\" class=\"attachment-thumbnail size-thumbnail\" alt=\"\" \/><\/a>\n\t\t\t\t<\/dt><\/dl><dl class='gallery-item'>\n\t\t\t\t<dt class='gallery-icon landscape'>\n\t\t\t\t\t<a class=\"rollover rollover-zoom dt-pswp-item\" title=\"fd4f136d-f1f0-496e-8e62-6793f68a5085\" data-dt-img-description=\"\" data-large_image_width=\"1600\" data-large_image_height=\"993\"href='https:\/\/www.radiopiu.net\/wordpress\/wp-content\/uploads\/2024\/04\/fd4f136d-f1f0-496e-8e62-6793f68a5085.jpg'><img loading=\"lazy\" decoding=\"async\" width=\"150\" height=\"150\" src=\"https:\/\/www.radiopiu.net\/wordpress\/wp-content\/uploads\/2024\/04\/fd4f136d-f1f0-496e-8e62-6793f68a5085-150x150.jpg\" class=\"attachment-thumbnail size-thumbnail\" alt=\"\" \/><\/a>\n\t\t\t\t<\/dt><\/dl><br style=\"clear: both\" \/>\n\t\t\t<\/div>\n\n<p>&nbsp;<\/p>\n<p><span style=\"color: #0000ff;\"><strong>PALLAVOLO<\/strong><\/span><\/p>\n<blockquote>\n<h3>IL BELLUNO VOLLEY STRAPPA IL PASS PER I QUARTI DI FINALE<\/h3>\n<\/blockquote>\n<p><b><a class=\"dt-pswp-item\" href=\"https:\/\/www.radiopiu.net\/wordpress\/wp-content\/uploads\/2024\/04\/Rinoceronti_in_festa_per_i_quarti.jpg\" data-dt-img-description=\"\" data-large_image_width=\"1280\" data-large_image_height=\"960\"><img loading=\"lazy\" decoding=\"async\" class=\" wp-image-383087 alignleft\" src=\"https:\/\/www.radiopiu.net\/wordpress\/wp-content\/uploads\/2024\/04\/Rinoceronti_in_festa_per_i_quarti-300x225.jpg\" alt=\"\" width=\"153\" height=\"115\" srcset=\"https:\/\/www.radiopiu.net\/wordpress\/wp-content\/uploads\/2024\/04\/Rinoceronti_in_festa_per_i_quarti-300x225.jpg 300w, https:\/\/www.radiopiu.net\/wordpress\/wp-content\/uploads\/2024\/04\/Rinoceronti_in_festa_per_i_quarti-1024x768.jpg 1024w, https:\/\/www.radiopiu.net\/wordpress\/wp-content\/uploads\/2024\/04\/Rinoceronti_in_festa_per_i_quarti-768x576.jpg 768w, https:\/\/www.radiopiu.net\/wordpress\/wp-content\/uploads\/2024\/04\/Rinoceronti_in_festa_per_i_quarti.jpg 1280w\" sizes=\"auto, (max-width: 153px) 100vw, 153px\" \/><\/a>BELLUNO VOLLEY-NEGRINI CTE ACQUI TERME 3-0 (<\/b><strong>25-19, 25-13, 25-17)<\/strong><\/p>\n<p>Se \u00e8 vero che i sogni e le ambizioni sono il miglior carburante per alimentare il motore dello sport, allora \u00e8 evidente: il Belluno Volley si \u00e8 fermato al distributore della post season. E ha riempito il serbatoio. Perch\u00e9, dopo aver sconfitto la Negrini Cte Acqui Terme in Piemonte, concede il bis nel match di ritorno. E vola ai quarti di finale dei playoff di Serie A3 Credem Banca: il prossimo turno si svilupper\u00e0 al meglio delle tre partite e i biancobl\u00f9 avranno il vantaggio del fattore campo. Un vantaggio che potrebbe rivelarsi preziosissimo, se si considera lo spessore del prossimo avversario: quell\u2019OmiFer Palmi capace di eliminare San Giustino e di alzare al cielo ben due trofei in un mese. Ovvero, la Coppa Italia e la Supercoppa di A3. Ma ora \u00e8 tempo di festeggiare un traguardo storico per il club di Sandro Da Rold, trascinato dal solito tifo incessante e da un entusiasmo che lievita di partita in partita.<\/p>\n<p>&nbsp;<\/p>\n<p>&nbsp;<\/p>\n<blockquote>\n<h3>IL FINE SETTIMANA NERO DEL VOLLEY CLUB AGORDINO<\/h3>\n<\/blockquote>\n<p><strong><a class=\"dt-pswp-item\" href=\"https:\/\/www.radiopiu.net\/wordpress\/wp-content\/uploads\/2021\/03\/VOLLEY.jpg\" data-dt-img-description=\"\" data-large_image_width=\"1280\" data-large_image_height=\"853\"><img loading=\"lazy\" decoding=\"async\" class=\" wp-image-196965 alignleft\" src=\"https:\/\/www.radiopiu.net\/wordpress\/wp-content\/uploads\/2021\/03\/VOLLEY-300x200.jpg\" alt=\"\" width=\"200\" height=\"133\" srcset=\"https:\/\/www.radiopiu.net\/wordpress\/wp-content\/uploads\/2021\/03\/VOLLEY-300x200.jpg 300w, https:\/\/www.radiopiu.net\/wordpress\/wp-content\/uploads\/2021\/03\/VOLLEY-1024x682.jpg 1024w, https:\/\/www.radiopiu.net\/wordpress\/wp-content\/uploads\/2021\/03\/VOLLEY-768x512.jpg 768w, https:\/\/www.radiopiu.net\/wordpress\/wp-content\/uploads\/2021\/03\/VOLLEY.jpg 1280w\" sizes=\"auto, (max-width: 200px) 100vw, 200px\" \/><\/a>DI MARCO GAZ<\/strong><\/p>\n<p><span style=\"color: #ff0000;\"><strong>PRIMA DIVISIONE<\/strong><\/span><\/p>\n<p><strong>VOLLEY CLUB AGORDINO \u2013 SAMARCANDA 0-3 (10-25, 14-25, 15-25)<\/strong><\/p>\n<p>Ennesima sconfitta per la prima squadra del Volley Club Agordino che rimane in fondo alla classifica del campionato di Prima Divisione. Le agordine crollano in casa con il Samarcanda che rifila un secco tre a zero alla squadra di De Nardin. Una stagione che volge al termine con la compagine di Agordo destinata alla retrocessione.<\/p>\n<p><span style=\"color: #ff0000;\"><strong>TERZA DIVISIONE UNDER 16<\/strong><\/span><\/p>\n<p><strong>VOLLEY CLUB AGORDINO \u2013 FELTRE 1-3 (21-25, 25-23, 18-25, 16-25)<\/strong><\/p>\n<p>Le ragazze Under 16 del Volley Club Agordino tengono due set con il Feltre e poi crollano. Al PalaRova di Agordo le agordine giocano bene solo nelle prime due frazioni poi le feltrine prendono il largo incamerando i 3 punti in palio.<\/p>\n<p><span style=\"color: #ff0000;\"><strong>UNDER 14 <\/strong><\/span><\/p>\n<p><strong>LIMANA \u2013 VOLLEY CLUB AGORDINO 3-0 (25-4, 25-11, 25-19)<\/strong><\/p>\n<p>Match a senso unico in quel di limana con la squadra pi\u00f9 giovane del Volley Club Agordino che non riesce a tenere testa alle avversarie. La squadra della Val Belluna fa un sol boccone delle agordine con tre parziali che dicono tutto.<\/p>\n<p>&nbsp;<\/p>\n<p>&nbsp;<\/p>\n<blockquote>\n<h3>UNA VITTORIA E UNA SCONFITTA PER LA PALLAVOLO FEMMINILE BELLUNO<\/h3>\n<\/blockquote>\n<p><span style=\"color: #ff0000;\"><strong><a class=\"dt-pswp-item\" href=\"https:\/\/www.radiopiu.net\/wordpress\/wp-content\/uploads\/2024\/04\/Serie_C_in_festa.jpg\" data-dt-img-description=\"\" data-large_image_width=\"890\" data-large_image_height=\"593\"><img loading=\"lazy\" decoding=\"async\" class=\" wp-image-382914 alignleft\" src=\"https:\/\/www.radiopiu.net\/wordpress\/wp-content\/uploads\/2024\/04\/Serie_C_in_festa-300x200.jpg\" alt=\"\" width=\"235\" height=\"156\" srcset=\"https:\/\/www.radiopiu.net\/wordpress\/wp-content\/uploads\/2024\/04\/Serie_C_in_festa-300x200.jpg 300w, https:\/\/www.radiopiu.net\/wordpress\/wp-content\/uploads\/2024\/04\/Serie_C_in_festa-768x512.jpg 768w, https:\/\/www.radiopiu.net\/wordpress\/wp-content\/uploads\/2024\/04\/Serie_C_in_festa.jpg 890w\" sizes=\"auto, (max-width: 235px) 100vw, 235px\" \/><\/a>SERIE C<\/strong><\/span><\/p>\n<p><b>HOMECLICK SB VOLLEY-LIBERTAS SCORZ\u00c8 3-0 (<\/b><strong>25-20, 25-15, 25-23)<\/strong><\/p>\n<p>Non si spezza l\u2019imbattibilit\u00e0 interna della Homeclick. Anzi, si rafforza. Anche la quarta della classe, la Libertas Scorz\u00e8, deve sottostare all\u2019ineluttabile legge del De Mas, dove le ragazze di Josh De Salvador infilano l\u2019ottava vittoria su otto confronti. E pure in quest\u2019occasione, come nelle precedenti sette (unica eccezione col Colombo), l\u2019avversario di turno non riesce a strappare neppure un set a una SB Volley che, grazie a questi tre punti, sale a quota 38<\/p>\n<p><span style=\"color: #ff0000;\"><strong><a class=\"dt-pswp-item\" href=\"https:\/\/www.radiopiu.net\/wordpress\/wp-content\/uploads\/2024\/04\/Serie_D_sconfitta_a_Sottomarina.jpg\" data-dt-img-description=\"\" data-large_image_width=\"1367\" data-large_image_height=\"683\"><img loading=\"lazy\" decoding=\"async\" class=\" wp-image-382915 alignright\" src=\"https:\/\/www.radiopiu.net\/wordpress\/wp-content\/uploads\/2024\/04\/Serie_D_sconfitta_a_Sottomarina-300x150.jpg\" alt=\"\" width=\"246\" height=\"123\" srcset=\"https:\/\/www.radiopiu.net\/wordpress\/wp-content\/uploads\/2024\/04\/Serie_D_sconfitta_a_Sottomarina-300x150.jpg 300w, https:\/\/www.radiopiu.net\/wordpress\/wp-content\/uploads\/2024\/04\/Serie_D_sconfitta_a_Sottomarina-1024x512.jpg 1024w, https:\/\/www.radiopiu.net\/wordpress\/wp-content\/uploads\/2024\/04\/Serie_D_sconfitta_a_Sottomarina-768x384.jpg 768w, https:\/\/www.radiopiu.net\/wordpress\/wp-content\/uploads\/2024\/04\/Serie_D_sconfitta_a_Sottomarina.jpg 1367w\" sizes=\"auto, (max-width: 246px) 100vw, 246px\" \/><\/a>SERIE D<\/strong><\/span><\/p>\n<p><b>VOLLEY CLODIA-HOMECLICK SB VOLLEY 3-1 (<\/b><strong>18-25, 25-16, 25-11, 25-21)<\/strong><\/p>\n<p>A tre giornate dalla fine del campionato di serie D femminile, arriva anche la sentenza aritmetica: la Homeclick SB Volley non pu\u00f2 pi\u00f9 raggiungere la quota salvezza. Questo perch\u00e9 i punti che la separano dal quintultimo posto sono saliti a undici. E con tre giornate ancora in calendario, \u00e8 ormai impossibile scalare ulteriori posizioni in classifica.<span class=\"gmail-Apple-converted-space\"> \u00a0<\/span>Fatale, in tal senso, il passivo rimediato contro un Volley Clodia che, pur essendo gi\u00e0 retrocesso, ha interpretato l\u2019impegno in maniera sbarazzina e concreta, con l\u2019animo di chi non aveva nulla da perdere.<\/p>\n<p>&nbsp;<\/p>\n<p>&nbsp;<\/p>\n","protected":false},"excerpt":{"rendered":"<p>******* &nbsp; PER RICEVERE QUESTO NOTIZIARIO DIRETTAMENTE SUL TUO CELLULARE ISCRIVITI AL CANALE TELEGRAM \u201cRADIO PIU\u00a0 INFORMAZIONE&#8221;\u00a0 \u00a0il CANALE TELEGRAM&#8230; UNISCITI A: RADIO PIU INFORMAZIONE &nbsp; &nbsp; ATTENZIONE: LA NUOVA APP PER IOS-IPHONE di Nicola Vettorello https:\/\/apps.apple.com\/it\/app\/radio-pi%C3%B9-emittente-agordina\/id1515939845 ATTENZIONE: LA NUOVA APP RADIO\u00a0 PER ANDROID di Nicola Vettorello https:\/\/play.google.com\/store\/apps\/details?id=net.radiopiu.iniko\u00a0\u00a0 &nbsp; &nbsp; \u00a0 \u00a0 IL PUGNO NELLO&hellip;<\/p>\n","protected":false},"author":4,"featured_media":383032,"comment_status":"closed","ping_status":"closed","sticky":false,"template":"","format":"standard","meta":{"_monsterinsights_skip_tracking":false,"_monsterinsights_sitenote_active":false,"_monsterinsights_sitenote_note":"","_monsterinsights_sitenote_category":0,"footnotes":""},"categories":[51,86,49],"tags":[],"class_list":["post-382810","post","type-post","status-publish","format-standard","has-post-thumbnail","hentry","category-evidenza-top","category-gr","category-news-18","category-51","category-86","category-49","description-off"],"img_url":"https:\/\/www.radiopiu.net\/wordpress\/wp-content\/uploads\/2024\/04\/f361c5c4-7949-4c4d-a130-d48aa53db3e6.jpg","_links":{"self":[{"href":"https:\/\/www.radiopiu.net\/wordpress\/wp-json\/wp\/v2\/posts\/382810","targetHints":{"allow":["GET"]}}],"collection":[{"href":"https:\/\/www.radiopiu.net\/wordpress\/wp-json\/wp\/v2\/posts"}],"about":[{"href":"https:\/\/www.radiopiu.net\/wordpress\/wp-json\/wp\/v2\/types\/post"}],"author":[{"embeddable":true,"href":"https:\/\/www.radiopiu.net\/wordpress\/wp-json\/wp\/v2\/users\/4"}],"replies":[{"embeddable":true,"href":"https:\/\/www.radiopiu.net\/wordpress\/wp-json\/wp\/v2\/comments?post=382810"}],"version-history":[{"count":0,"href":"https:\/\/www.radiopiu.net\/wordpress\/wp-json\/wp\/v2\/posts\/382810\/revisions"}],"wp:featuredmedia":[{"embeddable":true,"href":"https:\/\/www.radiopiu.net\/wordpress\/wp-json\/wp\/v2\/media\/383032"}],"wp:attachment":[{"href":"https:\/\/www.radiopiu.net\/wordpress\/wp-json\/wp\/v2\/media?parent=382810"}],"wp:term":[{"taxonomy":"category","embeddable":true,"href":"https:\/\/www.radiopiu.net\/wordpress\/wp-json\/wp\/v2\/categories?post=382810"},{"taxonomy":"post_tag","embeddable":true,"href":"https:\/\/www.radiopiu.net\/wordpress\/wp-json\/wp\/v2\/tags?post=382810"}],"curies":[{"name":"wp","href":"https:\/\/api.w.org\/{rel}","templated":true}]}}