{"id":382829,"date":"2024-04-06T13:21:28","date_gmt":"2024-04-06T11:21:28","guid":{"rendered":"https:\/\/www.radiopiu.net\/wordpress\/?p=382829"},"modified":"2024-04-06T13:21:28","modified_gmt":"2024-04-06T11:21:28","slug":"malore-fatale-per-un-70enne-di-treviso","status":"publish","type":"post","link":"https:\/\/www.radiopiu.net\/wordpress\/malore-fatale-per-un-70enne-di-treviso\/","title":{"rendered":"MALORE FATALE PER UN 70ENNE DI TREVISO"},"content":{"rendered":"<p>*****<br \/>\n<strong>REDAZIONE<\/strong> Sono tre gli interventi del Suem 118 nella mattinata odierna. Poco prima delle 9:15 un austriaco \u00e8 stato soccorso per un trauma ad un arto inferiore a Col Gallina. Pochi minuti dopo Falco \u00e8 volato a Col Drisc\u00e8 dove un uomo di 70 anni di Treviso aveva accusato un malore che si \u00e8 rivelato fatale. Per gli uomini del Suem non \u00e8 rimasto che constatare il decesso. Verso le 11 un altro intervento per un incidente a Feltre dove \u00e8 rimasto coinvolto un 25enne del posto che \u00e8 stato portato al Santa Maria Del Prato<\/p>\n<p>&nbsp;<\/p>\n<p>&nbsp;<\/p>\n<p>******<\/p>\n","protected":false},"excerpt":{"rendered":"<p>***** REDAZIONE Sono tre gli interventi del Suem 118 nella mattinata odierna. Poco prima delle 9:15 un austriaco \u00e8 stato soccorso per un trauma ad un arto inferiore a Col Gallina. Pochi minuti dopo Falco \u00e8 volato a Col Drisc\u00e8 dove un uomo di 70 anni di Treviso aveva accusato un malore che si \u00e8&hellip;<\/p>\n","protected":false},"author":4,"featured_media":212226,"comment_status":"closed","ping_status":"closed","sticky":false,"template":"","format":"standard","meta":{"_monsterinsights_skip_tracking":false,"_monsterinsights_sitenote_active":false,"_monsterinsights_sitenote_note":"","_monsterinsights_sitenote_category":0,"footnotes":""},"categories":[51,49],"tags":[],"class_list":["post-382829","post","type-post","status-publish","format-standard","has-post-thumbnail","hentry","category-evidenza-top","category-news-18","category-51","category-49","description-off"],"img_url":"https:\/\/www.radiopiu.net\/wordpress\/wp-content\/uploads\/2021\/05\/203e932f-d79d-423b-a9df-af7325d671e8.jpg","_links":{"self":[{"href":"https:\/\/www.radiopiu.net\/wordpress\/wp-json\/wp\/v2\/posts\/382829","targetHints":{"allow":["GET"]}}],"collection":[{"href":"https:\/\/www.radiopiu.net\/wordpress\/wp-json\/wp\/v2\/posts"}],"about":[{"href":"https:\/\/www.radiopiu.net\/wordpress\/wp-json\/wp\/v2\/types\/post"}],"author":[{"embeddable":true,"href":"https:\/\/www.radiopiu.net\/wordpress\/wp-json\/wp\/v2\/users\/4"}],"replies":[{"embeddable":true,"href":"https:\/\/www.radiopiu.net\/wordpress\/wp-json\/wp\/v2\/comments?post=382829"}],"version-history":[{"count":0,"href":"https:\/\/www.radiopiu.net\/wordpress\/wp-json\/wp\/v2\/posts\/382829\/revisions"}],"wp:featuredmedia":[{"embeddable":true,"href":"https:\/\/www.radiopiu.net\/wordpress\/wp-json\/wp\/v2\/media\/212226"}],"wp:attachment":[{"href":"https:\/\/www.radiopiu.net\/wordpress\/wp-json\/wp\/v2\/media?parent=382829"}],"wp:term":[{"taxonomy":"category","embeddable":true,"href":"https:\/\/www.radiopiu.net\/wordpress\/wp-json\/wp\/v2\/categories?post=382829"},{"taxonomy":"post_tag","embeddable":true,"href":"https:\/\/www.radiopiu.net\/wordpress\/wp-json\/wp\/v2\/tags?post=382829"}],"curies":[{"name":"wp","href":"https:\/\/api.w.org\/{rel}","templated":true}]}}