{"id":382909,"date":"2024-04-07T08:18:42","date_gmt":"2024-04-07T06:18:42","guid":{"rendered":"https:\/\/www.radiopiu.net\/wordpress\/?p=382909"},"modified":"2024-04-07T12:31:59","modified_gmt":"2024-04-07T10:31:59","slug":"rocca-pietore-la-domenica-delle-polemiche-e-dei-sassi-nelle-scarpe","status":"publish","type":"post","link":"https:\/\/www.radiopiu.net\/wordpress\/rocca-pietore-la-domenica-delle-polemiche-e-dei-sassi-nelle-scarpe\/","title":{"rendered":"ROCCA PIETORE: LA DOMENICA DELLE POLEMICHE E DEI SASSI NELLE SCARPE"},"content":{"rendered":"<p>***<\/p>\n<p>&nbsp;<\/p>\n<p><strong>INTRODUZIONE<\/strong><\/p>\n<p>Verso le elezioni. Protagonisti tra i rifiuti dei Serrai di Sottoguda il sindaco uscente, il consigliere di minoranza, gli amici del consigliere di minoranza.<\/p>\n<p>&nbsp;<\/p>\n<p><strong><img loading=\"lazy\" decoding=\"async\" class=\"alignleft\" src=\"https:\/\/www.radiopiu.net\/wordpress\/wp-content\/uploads\/2021\/06\/8554eb80-bb6e-4752-a6d3-57aff91a2903.jpg\" width=\"132\" height=\"176\" \/>CAPITOLO 1<\/strong><\/p>\n<p>Qualche giorno fa, in clima primaverile, il sindaco di Rocca Pietore, Andrea De Bernardin, inviava a RADIOPIU una foto di rifiuti abbandonati ai Serrai di Sottoguda, peraltro specificando che non si tratta o trattava, dell&#8217;unico caso sul territorio comunale. Concetto e obiettivo: mettere in evidenza l&#8217;incivilt\u00e0.<\/p>\n<p><strong>\u201cROCCA PIETORE<\/strong>: SINDACO INDIGNATO PER SCARICO ILLEGALE DI RIFIUTI NEI BOSCHI\u201d <em>Il sindaco De Bernardin di Rocca Pietore si indigna per l&#8217;ennesimo scarico illegale di rifiuti nei boschi, chiedendo segnalazioni per identificare i responsabili e esprimendo profonda frustrazione verso chi danneggia l&#8217;ambiente, sottolineando l&#8217;importanza di contrastare l&#8217;arroganza di alcuni individui.<\/em><\/p>\n<p>&nbsp;<\/p>\n<p><strong>CAPITOLO 2<\/strong><\/p>\n<p>Radio Pi\u00f9 pubblica la segnalazione, meritevole di spazio. Inoltre, per creare un momento di riflessione comune, decide di intervistare il primo cittadino che come sempre non si sottrae alla domande<\/p>\n<p><strong>ROCCA PIETORE<\/strong> Quindi lei con il suo appello invita a fare una segnalazione che gli permette di risalire all&#8217;ecofurbo, perch\u00e8? <em>&#8220;Semplicemente per poterlo o poterla guardare in faccia, semplicemente per dirgli: ma quanto cretino sei? Ma anche per fargli pagare i costi del recupero e smaltimento&#8221;.<\/em> Imbizzarrito \u00e8 il termine giusto per definire l&#8217;attuale momento di Andrea De Bernardin, primo cittadino a Rocca Pietore.<em> &#8220;Chi ama la montagna e vive in simbiosi con il territorio non pu\u00f2 che avere questa reazione<\/em> &#8211; continua il sindaco &#8211;<em> come si fa a non montare in collera guardando questa ed altre fotografie, o peggio ancora constatandolo di persona&#8221;.<\/em> L&#8217;irrequietezza di De Bernardin \u00e8 la conseguenza dell&#8217;ennesimo scarico di rifiuti nel bosco anzich\u00e9 all&#8217;ecocentro,\u00a0 il cui accesso \u00e8 gratuito e in vallata non ne mancano. <em>&#8220;La foto \u00e8 stata scattata nella zona dei Serrai di Sottoguda, purtroppo\u00a0 non \u00e8 l&#8217;unica &#8220;discarica&#8221; illegittima sul territorio. Se qualcuno sa venga a dircelo, garantiamo l&#8217;anonimato ma dobbiamo mettere un freno all&#8217;arroganza e sfacciataggine \u00a0di alcuni&#8221;. <\/em>L&#8217;impennata del sindaco si conclude con un auspico.<em>\u00a0 &#8220;Che la mamma del cretino di turno la finisca di procreare&#8221;.\u00a0<\/em><\/p>\n<p>&nbsp;<\/p>\n<p><strong><a class=\"dt-pswp-item\" href=\"https:\/\/www.radiopiu.net\/wordpress\/wp-content\/uploads\/2019\/05\/ROCCA-MAURIZIO-DE-CASSAN.jpeg\" data-dt-img-description=\"\" data-large_image_width=\"768\" data-large_image_height=\"1024\"><img loading=\"lazy\" decoding=\"async\" class=\"wp-image-86474 alignleft\" src=\"https:\/\/www.radiopiu.net\/wordpress\/wp-content\/uploads\/2019\/05\/ROCCA-MAURIZIO-DE-CASSAN-225x300.jpeg\" alt=\"\" width=\"124\" height=\"166\" srcset=\"https:\/\/www.radiopiu.net\/wordpress\/wp-content\/uploads\/2019\/05\/ROCCA-MAURIZIO-DE-CASSAN-225x300.jpeg 225w, https:\/\/www.radiopiu.net\/wordpress\/wp-content\/uploads\/2019\/05\/ROCCA-MAURIZIO-DE-CASSAN.jpeg 768w\" sizes=\"auto, (max-width: 124px) 100vw, 124px\" \/><\/a>CAPITOLO 3<\/strong><\/p>\n<p>Maurizio De Cassan, consigliere di minoranza contatta gli uffici di RADIOPIU&#8217;, con ironia ci racconta che quei rifiuti, ai Serrai, sono li da tempo, gi\u00e0 a dicembre, in inverno la prima segnalazione. La redazione prende atto, ringrazia De Cassan e si permette di aggiungere: <em>&#8220;non era questo il concetto del servizio, del nostro compito&#8221;<\/em>, ovvio, che ne sappiamo noi di quando sono stati scaricati i rifiuti e poi sinceramente non era questo il nostro scopo nell&#8217;informare. Chiudiamo la telefonata con De Cassan parlando d&#8217;altro, ad esempio gli chiediiamo, visto che \u00e8 iniziata la campagna elettorale, se intende <strong>ri-candidarsi<\/strong> per l&#8217;ennesima volta, ma ancora con un pizzico d&#8217;ironia\u00a0 e ricorrendo all&#8217;anagrafe ci pare di capire che sia un rotondo no. Sar\u00e0 vero? Lo scopriremo a giorni. Per\u00f2 questa telefonata fa riflettere sulla segnalazione e concludiamo<em> &#8220;non \u00e8 certo una mossa pre-elettorale&#8221;<\/em>\u00a0 perch\u00e9 Maurizio De Cassan (consigliere di minoranza e gi\u00e0 candidato a sindaco) non ce lo ha confermato. Ma la redazione rimane aperta a tutte le ipotesi <em>&#8220;Infatti &#8211; dice il direttore &#8211; non ce l&#8217;ha nemmeno smentito&#8221;.\u00a0<\/em><\/p>\n<p>&nbsp;<\/p>\n<p><strong>CAPITOLO 4<\/strong><\/p>\n<p>La redazione riflette ancora e verifica, \u00e8 questo il lavoro della redazione. Come? Chiamando il sindaco, chiedendo chiarimenti e alla fine della telefonata viene rimarcato il concetto <em>&#8220;Cosa c&#8217;entrano i tempi? Volevo mettere in evidenza il fatto, invitare la gente a segnalare, questo in apertura della nuova stagione&#8221;.\u00a0<\/em><\/p>\n<p><strong>CAPITOLO\u00a0 5<\/strong><\/p>\n<p>Ieri la vicenda assume il contorno politico. Non Pi\u00f9 De Cassan, ma l&#8217;intero gruppo di minoranza con tanto di firme in calce ci riassume quanto gi\u00e0 raccontatoci da Maurizio De Cassan nella famosa telefonata citata. La Redazione decide di pubblicare il documento, come \u00e8 giusto che sia, perch\u00e9 il DILLO A RADIOPIU ha 41 anni di storia.<\/p>\n<div class=\"moz-text-html\" lang=\"x-unicode\">\n<div dir=\"auto\">\n<p dir=\"auto\"><strong>Uniti Montagna &lt;unitimontagna@gmail.com&gt;: <\/strong>cI teniamo a precisare che l&#8217;abbandono dei rifiuti risale ad almeno dicembre 2023. Il sindaco e Maurizio De Cassan erano sul posto quando \u00e8 stata fatta la segnalazione da Mariella De Cassan che disse <em>&#8220;sindaco ed ex sindaco venite a vedere cosa c&#8217;\u00e8 qui&#8221;.<\/em> Maurizio aveva anche segnalato il fatto sia all&#8217;ufficio tecnico che alla guardia comunale, ma nessuno ha provveduto alla rimozione. Ci sembra strano che il sindaco si indigni solo adesso, a mesi di distanza, invece di risolvere subito il problema, facendo le dovute indagini.<\/p>\n<div dir=\"auto\">Maurizio De Cassan,\u00a0Omar Bassot,\u00a0Erica Delgrosso<\/div>\n<div dir=\"auto\"><\/div>\n<\/div>\n<\/div>\n<p>&nbsp;<\/p>\n<p><strong>CAPITOLO 6<\/strong><\/p>\n<p>La redazione riflette: visto il tono della missiva, l&#8217;evidenza\u00a0 della lista civica che 5 anni fa aveva partecipato e perso alle elezioni, l&#8217;elenco preciso dei nomi&#8230; non sar\u00e0 mica una mossa pre elettorale? Vuoi vedere che il gruppo di De Cassan torna in pista? Ma \u00e8 una nostra ipotesi che poi non inizino le telefonate minacciose, tipo l&#8217;ultima volta &#8230;.con la doppia telefonata a Gianni Santomaso e Mirko Mezzacasa da parte di una consigliera d&#8217;opposizione particolarmente arrabbiata &#8220;offesa&#8221; pronta a querelarci (strano&#8230;) per aver letto della sua possibile candidatura&#8230;esperienza da non ripetere, peraltro era pure domenica a mezzogiorno ora di pranzo e tutto per questo per una <em>&#8220;stupida&#8221;<\/em> ipotesi rovinandomi la giornata perch\u00e9 come tutti sono particolarmente sensibile alle aggressioni verbali<\/p>\n<p><strong>\u00a0<\/strong><\/p>\n<p>&nbsp;<\/p>\n<p><strong><a class=\"dt-pswp-item\" href=\"https:\/\/www.radiopiu.net\/wordpress\/wp-content\/uploads\/2023\/04\/ANDREA-DB.png\" data-dt-img-description=\"\" data-large_image_width=\"439\" data-large_image_height=\"319\"><img loading=\"lazy\" decoding=\"async\" class=\"wp-image-331912 alignleft\" src=\"https:\/\/www.radiopiu.net\/wordpress\/wp-content\/uploads\/2023\/04\/ANDREA-DB-300x218.png\" alt=\"\" width=\"100\" height=\"73\" srcset=\"https:\/\/www.radiopiu.net\/wordpress\/wp-content\/uploads\/2023\/04\/ANDREA-DB-300x218.png 300w, https:\/\/www.radiopiu.net\/wordpress\/wp-content\/uploads\/2023\/04\/ANDREA-DB.png 439w\" sizes=\"auto, (max-width: 100px) 100vw, 100px\" \/><\/a>CAPITOLO 7<\/strong><\/p>\n<p>La redazione decide di chiudere il cerchio con il diritto di replica del sindaco\u00a0 Andrea De Bernardin<\/p>\n<audio class=\"wp-audio-shortcode\" id=\"audio-382909-1\" preload=\"none\" style=\"width: 100%;\" controls=\"controls\"><source type=\"audio\/mpeg\" src=\"https:\/\/www.radiopiu.net\/wordpress\/wp-content\/uploads\/2024\/04\/andrea-de.mp3?_=1\" \/><a href=\"https:\/\/www.radiopiu.net\/wordpress\/wp-content\/uploads\/2024\/04\/andrea-de.mp3\">https:\/\/www.radiopiu.net\/wordpress\/wp-content\/uploads\/2024\/04\/andrea-de.mp3<\/a><\/audio>\n<p>&nbsp;<\/p>\n<p><strong>CONCLUSIONI<\/strong><\/p>\n<p>Buona domenica, tutt&#8217;altro che rovinata all&#8217;ora di colazione&#8230;per questa volta.<\/p>\n<p>Mirko Mezzacasa<\/p>\n<p>&nbsp;<\/p>\n<p>____<\/p>\n<p>&nbsp;<\/p>\n","protected":false},"excerpt":{"rendered":"<p>*** &nbsp; INTRODUZIONE Verso le elezioni. Protagonisti tra i rifiuti dei Serrai di Sottoguda il sindaco uscente, il consigliere di minoranza, gli amici del consigliere di minoranza. &nbsp; CAPITOLO 1 Qualche giorno fa, in clima primaverile, il sindaco di Rocca Pietore, Andrea De Bernardin, inviava a RADIOPIU una foto di rifiuti abbandonati ai Serrai di&hellip;<\/p>\n","protected":false},"author":4,"featured_media":215003,"comment_status":"closed","ping_status":"closed","sticky":false,"template":"","format":"standard","meta":{"_monsterinsights_skip_tracking":false,"_monsterinsights_sitenote_active":false,"_monsterinsights_sitenote_note":"","_monsterinsights_sitenote_category":0,"footnotes":""},"categories":[51,49],"tags":[],"class_list":["post-382909","post","type-post","status-publish","format-standard","has-post-thumbnail","hentry","category-evidenza-top","category-news-18","category-51","category-49","description-off"],"img_url":"https:\/\/www.radiopiu.net\/wordpress\/wp-content\/uploads\/2021\/06\/8554eb80-bb6e-4752-a6d3-57aff91a2903.jpg","_links":{"self":[{"href":"https:\/\/www.radiopiu.net\/wordpress\/wp-json\/wp\/v2\/posts\/382909","targetHints":{"allow":["GET"]}}],"collection":[{"href":"https:\/\/www.radiopiu.net\/wordpress\/wp-json\/wp\/v2\/posts"}],"about":[{"href":"https:\/\/www.radiopiu.net\/wordpress\/wp-json\/wp\/v2\/types\/post"}],"author":[{"embeddable":true,"href":"https:\/\/www.radiopiu.net\/wordpress\/wp-json\/wp\/v2\/users\/4"}],"replies":[{"embeddable":true,"href":"https:\/\/www.radiopiu.net\/wordpress\/wp-json\/wp\/v2\/comments?post=382909"}],"version-history":[{"count":0,"href":"https:\/\/www.radiopiu.net\/wordpress\/wp-json\/wp\/v2\/posts\/382909\/revisions"}],"wp:featuredmedia":[{"embeddable":true,"href":"https:\/\/www.radiopiu.net\/wordpress\/wp-json\/wp\/v2\/media\/215003"}],"wp:attachment":[{"href":"https:\/\/www.radiopiu.net\/wordpress\/wp-json\/wp\/v2\/media?parent=382909"}],"wp:term":[{"taxonomy":"category","embeddable":true,"href":"https:\/\/www.radiopiu.net\/wordpress\/wp-json\/wp\/v2\/categories?post=382909"},{"taxonomy":"post_tag","embeddable":true,"href":"https:\/\/www.radiopiu.net\/wordpress\/wp-json\/wp\/v2\/tags?post=382909"}],"curies":[{"name":"wp","href":"https:\/\/api.w.org\/{rel}","templated":true}]}}