{"id":383123,"date":"2024-04-09T05:49:28","date_gmt":"2024-04-09T03:49:28","guid":{"rendered":"https:\/\/www.radiopiu.net\/wordpress\/?p=383123"},"modified":"2024-04-09T08:49:46","modified_gmt":"2024-04-09T06:49:46","slug":"giornale-radiopiu-09-aprile-2024-direttore-mirko-mezzacasada-40-anni-25-giugno-1983-25-giugno-2023","status":"publish","type":"post","link":"https:\/\/www.radiopiu.net\/wordpress\/giornale-radiopiu-09-aprile-2024-direttore-mirko-mezzacasada-40-anni-25-giugno-1983-25-giugno-2023\/","title":{"rendered":"GIORNALE RADIOPIU 09 APRILE 2024 DIRETTORE MIRKO MEZZACASA\u2026DA 40 ANNI 25 GIUGNO 1983-25 GIUGNO 2023"},"content":{"rendered":"<p>*******<\/p>\n<p>&nbsp;<\/p>\n<h3><a href=\"https:\/\/www.radiopiu.net\/wordpress\/giornale-radiopiu-24-gennaio-2021-direttore-mirko-mezzacasa\/141433770_171616291414874_2957460898102012198_n\/\" rel=\"attachment wp-att-186566\"><img loading=\"lazy\" decoding=\"async\" class=\"wp-image-186566 alignleft\" src=\"https:\/\/www.radiopiu.net\/wordpress\/wp-content\/uploads\/2021\/01\/141433770_171616291414874_2957460898102012198_n-300x300.jpg\" alt=\"\" width=\"144\" height=\"144\" srcset=\"https:\/\/www.radiopiu.net\/wordpress\/wp-content\/uploads\/2021\/01\/141433770_171616291414874_2957460898102012198_n-300x300.jpg 300w, https:\/\/www.radiopiu.net\/wordpress\/wp-content\/uploads\/2021\/01\/141433770_171616291414874_2957460898102012198_n-150x150.jpg 150w, https:\/\/www.radiopiu.net\/wordpress\/wp-content\/uploads\/2021\/01\/141433770_171616291414874_2957460898102012198_n-768x768.jpg 768w, https:\/\/www.radiopiu.net\/wordpress\/wp-content\/uploads\/2021\/01\/141433770_171616291414874_2957460898102012198_n.jpg 800w\" sizes=\"auto, (max-width: 144px) 100vw, 144px\" \/><\/a>PER<strong> RICEVERE QUESTO NOTIZIARIO DIRETTAMENTE SUL TUO CELLULARE ISCRIVITI AL CANALE TELEGRAM <\/strong><strong>\u201cRADIO PIU\u00a0 INFORMAZIONE&#8221;\u00a0<\/strong><\/h3>\n<h3>\u00a0il CANALE TELEGRAM&#8230; UNISCITI A: RADIO PIU INFORMAZIONE<\/h3>\n<p>&nbsp;<\/p>\n<p>&nbsp;<\/p>\n<p><em><a href=\"https:\/\/www.radiopiu.net\/wordpress\/giornale-radiopiu-24-gennaio-2021-direttore-mirko-mezzacasa\/79216601_126817312416448_708980208774483089_n\/\" rel=\"attachment wp-att-186567\"><img loading=\"lazy\" decoding=\"async\" class=\"size-medium wp-image-186567 alignright\" src=\"https:\/\/www.radiopiu.net\/wordpress\/wp-content\/uploads\/2021\/01\/79216601_126817312416448_708980208774483089_n-300x114.jpg\" alt=\"\" width=\"300\" height=\"114\" srcset=\"https:\/\/www.radiopiu.net\/wordpress\/wp-content\/uploads\/2021\/01\/79216601_126817312416448_708980208774483089_n-300x114.jpg 300w, https:\/\/www.radiopiu.net\/wordpress\/wp-content\/uploads\/2021\/01\/79216601_126817312416448_708980208774483089_n-768x292.jpg 768w, https:\/\/www.radiopiu.net\/wordpress\/wp-content\/uploads\/2021\/01\/79216601_126817312416448_708980208774483089_n.jpg 820w\" sizes=\"auto, (max-width: 300px) 100vw, 300px\" \/><\/a><span style=\"color: #ff0000;\">ATTENZIONE: LA NUOVA APP PER IOS-IPHONE di Nicola Vettorello <\/span><\/em><a href=\"https:\/\/apps.apple.com\/it\/app\/radio-pi%C3%B9-emittente-agordina\/id1515939845\">https:\/\/apps.apple.com\/it\/app\/radio-pi%C3%B9-emittente-agordina\/id1515939845<\/a><\/p>\n<p><em style=\"color: #ff0000;\">ATTENZIONE: LA NUOVA APP RADIO\u00a0 PER ANDROID di Nicola Vettorello<\/em><\/p>\n<p><a href=\"https:\/\/play.google.com\/store\/apps\/details?id=net.radiopiu.iniko\" target=\"_blank\" rel=\"noopener noreferrer\">https:\/\/play.google.com\/store\/apps\/details?id=net.radiopiu.iniko\u00a0\u00a0<\/a><\/p>\n<p>&nbsp;<\/p>\n<p>&nbsp;<\/p>\n<hr \/>\n<h3 class=\"kvgmc6g5 cxmmr5t8 oygrvhab hcukyx3x c1et5uql\"><strong>\u00a0 \u00a0<\/strong><\/h3>\n<blockquote>\n<h3><strong><span style=\"color: #ff00ff;\"><a class=\"dt-pswp-item\" href=\"https:\/\/www.radiopiu.net\/wordpress\/wp-content\/uploads\/2024\/04\/th-1.jpg\" data-dt-img-description=\"\" data-large_image_width=\"320\" data-large_image_height=\"180\"><img loading=\"lazy\" decoding=\"async\" class=\"wp-image-383292 alignleft\" src=\"https:\/\/www.radiopiu.net\/wordpress\/wp-content\/uploads\/2024\/04\/th-1-300x169.jpg\" alt=\"\" width=\"188\" height=\"106\" srcset=\"https:\/\/www.radiopiu.net\/wordpress\/wp-content\/uploads\/2024\/04\/th-1-300x169.jpg 300w, https:\/\/www.radiopiu.net\/wordpress\/wp-content\/uploads\/2024\/04\/th-1.jpg 320w\" sizes=\"auto, (max-width: 188px) 100vw, 188px\" \/><\/a>VIABILITA&#8217; INTERDIZIONE TOTALE AI TIR CARICHI DI &#8220;TAIE&#8221;<\/span><\/strong><\/h3>\n<\/blockquote>\n<p><strong>SANTO STEFANO DI CADORE<\/strong> La strada del Cian\u00e0 in Val Visdende \u00e8 chiusa ai mezzi pesanti (oltre 7,5 tonnellate), quindi transito interdetto ai tir carichi di tronchi, anche dopo i danneggiamenti dello scorso 14 marzo con il deterioramento di alcune travature portanti.<\/p>\n<p>&nbsp;<\/p>\n<hr \/>\n<blockquote>\n<blockquote>\n<h3><\/h3>\n<h3>ACQUA NON POTABILE A COL DI CARRERA DI TAIBON<\/h3>\n<\/blockquote>\n<p><strong>REDAZIONE<\/strong>\u00a0 in LOCALITA&#8217; COL DE CARRERA l&#8217;acqua erogata dall&#8217;acquedotto non \u00e8 potabile e pu\u00f2 essere usata per scopi alimentari SOLO PREVIA bollitura. Verr\u00e0 effettuato servizio sostitutivo con cisterna posizionata presso il CENTRO di Col De Carrera.<\/p>\n<blockquote>\n<h3><\/h3>\n<h3>ACQUA NON POTABILE A VOLTAGO E RIVAMONTE<\/h3>\n<\/blockquote>\n<p><strong>VOLTAGO <\/strong> in localit\u00e0 BERTOI, FRASSENE\u2019, VILLA, VIA GIOA e in VIA STRUZ e a <strong>RIVAMONTE<\/strong> AGORDINO in VIA ROSSON CIVICO N. 25 e VIA VILLAGRANDE CIVICI N. 45 e 4A l&#8217;acqua erogata dall&#8217;acquedotto non \u00e8 potabile e pu\u00f2 essere usata per scopi alimentari SOLO PREVIA bollitura.<\/p>\n<p>&nbsp;<\/p>\n<h3>LAVORI PROGRAMMATI GSP<\/h3>\n<p><strong>ROCCA PIETORE<\/strong>\u00a0 per lavori alla rete idrica comunale, oggi dalle 8 alle 17, verr\u00e0 sospesa l\u2019erogazione dell\u2019acqua nelle localit\u00e0 CAPOLUOGO, SORARU\u2019 e PEZZE\u2019.<\/p><\/blockquote>\n<p>&nbsp;<\/p>\n<p>&nbsp;<\/p>\n<div data-block=\"true\" data-editor=\"avj4u\" data-offset-key=\"d3i0j-0-0\"><\/div>\n<div data-block=\"true\" data-editor=\"avj4u\" data-offset-key=\"d3i0j-0-0\">\n<hr \/>\n<\/div>\n<div data-block=\"true\" data-editor=\"avj4u\" data-offset-key=\"d3i0j-0-0\"><\/div>\n<blockquote>\n<h3 data-block=\"true\" data-editor=\"avj4u\" data-offset-key=\"d3i0j-0-0\">RIAPERTA LA SP3 DELLA VALLE IMPERINA<\/h3>\n<\/blockquote>\n<div data-block=\"true\" data-editor=\"avj4u\" data-offset-key=\"d3i0j-0-0\">\n<p><strong><a class=\"dt-pswp-item\" href=\"https:\/\/www.radiopiu.net\/wordpress\/wp-content\/uploads\/2024\/04\/99c8ec4b-c4f2-4ff9-b917-d22d56584879.jpg\" data-dt-img-description=\"\" data-large_image_width=\"1200\" data-large_image_height=\"1599\"><img loading=\"lazy\" decoding=\"async\" class=\" wp-image-382981 alignleft\" src=\"https:\/\/www.radiopiu.net\/wordpress\/wp-content\/uploads\/2024\/04\/99c8ec4b-c4f2-4ff9-b917-d22d56584879-225x300.jpg\" alt=\"\" width=\"128\" height=\"170\" srcset=\"https:\/\/www.radiopiu.net\/wordpress\/wp-content\/uploads\/2024\/04\/99c8ec4b-c4f2-4ff9-b917-d22d56584879-225x300.jpg 225w, https:\/\/www.radiopiu.net\/wordpress\/wp-content\/uploads\/2024\/04\/99c8ec4b-c4f2-4ff9-b917-d22d56584879-768x1023.jpg 768w, https:\/\/www.radiopiu.net\/wordpress\/wp-content\/uploads\/2024\/04\/99c8ec4b-c4f2-4ff9-b917-d22d56584879-1153x1536.jpg 1153w, https:\/\/www.radiopiu.net\/wordpress\/wp-content\/uploads\/2024\/04\/99c8ec4b-c4f2-4ff9-b917-d22d56584879.jpg 1200w\" sizes=\"auto, (max-width: 128px) 100vw, 128px\" \/><\/a> <\/strong><\/p>\n<p><strong>\u00a0<\/strong><\/p>\n<p><strong>\u00a0<\/strong><\/p>\n<p><strong>REDAZIONE<\/strong> Veneto Strade comunica che a partire dalle 14 \u00e8 stata riaperta regolarmente al traffico la S.P. 3 \u201cValle Imperina\u201d dal km 10+250 al km 10+350 (loc. Capitel del Pian). Venerd\u00ec scorso era stata chiusa a causa di una frana.<\/p>\n<p>&nbsp;<\/p>\n<p>&nbsp;<\/p>\n<p>&nbsp;<\/p>\n<hr \/>\n<p>&nbsp;<\/p>\n<\/div>\n<div data-block=\"true\" data-editor=\"avj4u\" data-offset-key=\"d3i0j-0-0\"><\/div>\n<p><span style=\"color: #ff0000;\"><strong><a class=\"dt-pswp-item\" href=\"https:\/\/www.radiopiu.net\/wordpress\/wp-content\/uploads\/2024\/04\/432263124_10219433438506357_5995640885079397816_n.jpg\" data-dt-img-description=\"\" data-large_image_width=\"720\" data-large_image_height=\"540\"><img loading=\"lazy\" decoding=\"async\" class=\"size-medium wp-image-383288 alignleft\" src=\"https:\/\/www.radiopiu.net\/wordpress\/wp-content\/uploads\/2024\/04\/432263124_10219433438506357_5995640885079397816_n-300x225.jpg\" alt=\"\" width=\"300\" height=\"225\" srcset=\"https:\/\/www.radiopiu.net\/wordpress\/wp-content\/uploads\/2024\/04\/432263124_10219433438506357_5995640885079397816_n-300x225.jpg 300w, https:\/\/www.radiopiu.net\/wordpress\/wp-content\/uploads\/2024\/04\/432263124_10219433438506357_5995640885079397816_n.jpg 720w\" sizes=\"auto, (max-width: 300px) 100vw, 300px\" \/><\/a>OGGI ALLA RADIO<\/strong><\/span>: <strong>ALLE 7.20<\/strong> EL BAR DEL FIOR, DETTI E TRADIZIONI DI GIULIANA DA RONCH; <strong>ALLE 8.20<\/strong> PIU&#8217; SIAMO CON MARINA DONA&#8217; <strong>ALLE 9.10<\/strong> LA MUSICA COUNTRY DI ALEX NASCINBEN <strong>ALLE 9.30<\/strong> AGGIORNAMENTO VIABILITA&#8217; IN COLLABORAZIONE CON BOTOL CAR SERVICE <strong>10.10<\/strong> MUSLA, CON CHIARA FRENA LE NOVE IN LADIN<strong> 10.30 E 1900<\/strong> MAURIZIO FONTANELLE FOCUS SULLA PROLOCO PIEVE CASTIONESE 12.30 GIORNALE RADIO PRINCIPALE <strong>13.20<\/strong> CALCIO A 5 CANOTTIERI BELLUNO, IN COLLABORAZIONE CON GIESSE RISARCIMENTO DANNI<strong> ALLE 14.00<\/strong> LORIS SCUSSEL, COLLAGE OPERAZIONE NOSTALGIA, <strong>ALLE 15.00<\/strong> EL DARLIN CON LUISA ALCHINI, I RACCONTI DEI NONNI, ALINA E VINCENZO FERRONI<strong> ALLE 16.00<\/strong> IL ROCK DI MARCO COSTANTINI <strong>E ALLE 16.45<\/strong> LE CLASSIFICHE DI MIRCO BENCIVENNI<\/p>\n<div dir=\"auto\"><strong>FOTO:<\/strong>\u00a0 El Darlin&#8230;riascoltiamoli . Riproponiamo un estratto della lunga intervista realizzata nel 2015 a La Valle Agordina Protagonisti : la splendida coppia Nerino e Alina Ferroni Marted\u00ec 9 aprile ore 15.10 Replica ore 20 e 30 Su <a class=\"x1i10hfl xjbqb8w x1ejq31n xd10rxx x1sy0etr x17r0tee x972fbf xcfux6l x1qhh985 xm0m39n x9f619 x1ypdohk xt0psk2 xe8uvvx xdj266r x11i5rnm xat24cr x1mh8g0r xexx8yu x4uap5 x18d9i69 xkhd6sd x16tdsg8 x1hl2dhg xggy1nq x1a2a7pz xt0b8zv x1fey0fg xo1l8bm\" tabindex=\"0\" role=\"link\" href=\"https:\/\/www.facebook.com\/groups\/61488111720\/user\/100064054659813\/?__cft__[0]=AZU2lxVypmcrtcaOT6C6967Gsa6F6ydXu_5bdfxr5p1smloyaTiGHPgR6hTJkCMLaGbkHB6koH2yyVyZWbIniWRZ298wJEtRRtdBXn_0e75IC0llhUHek7ITAMWawy0_mFJvDusSZJCs2iMEQqbPcuqicYR56D9c7967MBa30BBUyxmFgFCLFExi2BWnc5xSC7M&amp;__tn__=-]K-R\"><span class=\"xt0psk2\">Radio Pi\u00f9\u00a0<\/span><\/a> DI LUISA ALCHINI<\/div>\n<div dir=\"auto\"><\/div>\n<p>&nbsp;<\/p>\n<div class=\"x11i5rnm xat24cr x1mh8g0r x1vvkbs xtlvy1s x126k92a\">\n<div dir=\"auto\">\n<hr \/>\n<p>&nbsp;<\/p>\n<p>&nbsp;<\/p>\n<div class=\"x11i5rnm xat24cr x1mh8g0r x1vvkbs xtlvy1s x126k92a\">\n<div dir=\"auto\">\n<p><strong><a class=\"dt-pswp-item\" href=\"https:\/\/www.radiopiu.net\/wordpress\/wp-content\/uploads\/2024\/02\/2d44e751-d8a8-461b-8e22-d8e4e853b032.jpg\" data-dt-img-description=\"\" data-large_image_width=\"1600\" data-large_image_height=\"1200\"><img loading=\"lazy\" decoding=\"async\" class=\"wp-image-373307 alignleft\" src=\"https:\/\/www.radiopiu.net\/wordpress\/wp-content\/uploads\/2024\/02\/2d44e751-d8a8-461b-8e22-d8e4e853b032-300x225.jpg\" alt=\"\" width=\"105\" height=\"79\" srcset=\"https:\/\/www.radiopiu.net\/wordpress\/wp-content\/uploads\/2024\/02\/2d44e751-d8a8-461b-8e22-d8e4e853b032-300x225.jpg 300w, https:\/\/www.radiopiu.net\/wordpress\/wp-content\/uploads\/2024\/02\/2d44e751-d8a8-461b-8e22-d8e4e853b032-1024x768.jpg 1024w, https:\/\/www.radiopiu.net\/wordpress\/wp-content\/uploads\/2024\/02\/2d44e751-d8a8-461b-8e22-d8e4e853b032-768x576.jpg 768w, https:\/\/www.radiopiu.net\/wordpress\/wp-content\/uploads\/2024\/02\/2d44e751-d8a8-461b-8e22-d8e4e853b032-1536x1152.jpg 1536w, https:\/\/www.radiopiu.net\/wordpress\/wp-content\/uploads\/2024\/02\/2d44e751-d8a8-461b-8e22-d8e4e853b032.jpg 1600w\" sizes=\"auto, (max-width: 105px) 100vw, 105px\" \/><\/a>EL BAL DEL FIOR, DI GIULIANA DA RONCH, 09 APRILE 2024<\/strong><\/p>\n<\/div>\n<\/div>\n<\/div>\n<div dir=\"auto\">\n<audio class=\"wp-audio-shortcode\" id=\"audio-383123-1\" preload=\"none\" style=\"width: 100%;\" controls=\"controls\"><source type=\"audio\/mpeg\" src=\"https:\/\/www.radiopiu.net\/wordpress\/wp-content\/uploads\/2024\/04\/GMA.m4a?_=1\" \/><a href=\"https:\/\/www.radiopiu.net\/wordpress\/wp-content\/uploads\/2024\/04\/GMA.m4a\">https:\/\/www.radiopiu.net\/wordpress\/wp-content\/uploads\/2024\/04\/GMA.m4a<\/a><\/audio>\n<p>&nbsp;<\/p>\n<hr \/>\n<\/div>\n<\/div>\n<blockquote>\n<blockquote>\n<h1><span style=\"color: #ff0000;\">\u00a0<\/span><\/h1>\n<h1><span style=\"color: #ff0000;\">\u00a0<\/span><\/h1>\n<h1><span style=\"color: #ff0000;\">I podcast informativi del mattino &#8211; audio &#8211;\u00a0<\/span><\/h1>\n<\/blockquote>\n<p><strong><a class=\"dt-pswp-item\" href=\"https:\/\/www.radiopiu.net\/wordpress\/wp-content\/uploads\/2023\/11\/th-10.jpg\" data-dt-img-description=\"\" data-large_image_width=\"320\" data-large_image_height=\"180\"><img loading=\"lazy\" decoding=\"async\" class=\"wp-image-362866 alignleft\" src=\"https:\/\/www.radiopiu.net\/wordpress\/wp-content\/uploads\/2023\/11\/th-10-300x169.jpg\" alt=\"\" width=\"185\" height=\"104\" srcset=\"https:\/\/www.radiopiu.net\/wordpress\/wp-content\/uploads\/2023\/11\/th-10-300x169.jpg 300w, https:\/\/www.radiopiu.net\/wordpress\/wp-content\/uploads\/2023\/11\/th-10.jpg 320w\" sizes=\"auto, (max-width: 185px) 100vw, 185px\" \/><\/a>LA RASSEGNA STAMPA NAZIONALE ALLA RADIO, OGNI GIORNO ALLE 5 E ALLE 6 DEL MATTINO <span style=\"color: #0000ff;\">viene pubblicata alle 6.00 <span style=\"color: #ff0000;\">DIRETTA RADIO\u00a0 \u00a0\u00a0<\/span><\/span><\/strong><\/p>\n<p>&nbsp;<\/p>\n<p><span style=\"color: #ff00ff;\"><strong>di SISSY MARTINELLI<\/strong><\/span><\/p><\/blockquote>\n<h2>AUDIO dalle 7 del mattino<\/h2>\n<audio class=\"wp-audio-shortcode\" id=\"audio-383123-2\" preload=\"none\" style=\"width: 100%;\" controls=\"controls\"><source type=\"audio\/mpeg\" src=\"https:\/\/www.radiopiu.net\/wordpress\/wp-content\/uploads\/2024\/04\/GIORNALEDELLESEI-8.mp3?_=2\" \/><a href=\"https:\/\/www.radiopiu.net\/wordpress\/wp-content\/uploads\/2024\/04\/GIORNALEDELLESEI-8.mp3\">https:\/\/www.radiopiu.net\/wordpress\/wp-content\/uploads\/2024\/04\/GIORNALEDELLESEI-8.mp3<\/a><\/audio>\n<p>&nbsp;<\/p>\n<p>&nbsp;<\/p>\n<hr \/>\n<p>&nbsp;<\/p>\n<h1 style=\"text-align: center;\"><span style=\"color: #ff0000;\">I podcast informativi del mattino &#8211; audio &#8211;\u00a0<\/span><\/h1>\n<p><strong><a class=\"dt-pswp-item\" href=\"https:\/\/www.radiopiu.net\/wordpress\/wp-content\/uploads\/2023\/12\/images.png\" data-dt-img-description=\"\" data-large_image_width=\"316\" data-large_image_height=\"160\"><img loading=\"lazy\" decoding=\"async\" class=\"wp-image-367008 alignleft\" src=\"https:\/\/www.radiopiu.net\/wordpress\/wp-content\/uploads\/2023\/12\/images-300x152.png\" alt=\"\" width=\"235\" height=\"119\" srcset=\"https:\/\/www.radiopiu.net\/wordpress\/wp-content\/uploads\/2023\/12\/images-300x152.png 300w, https:\/\/www.radiopiu.net\/wordpress\/wp-content\/uploads\/2023\/12\/images.png 316w\" sizes=\"auto, (max-width: 235px) 100vw, 235px\" \/><\/a>OGNI GIORNO ALLE SETTE DEL MATTINO, LA RASSEGNA STAMPA LOCALE FLASH&#8230; PER CHI VA IN FRETTA. I TITOLI DAI GIORNALI E DAL SITO WWW.RADIOPIU.NET <span style=\"color: #0000ff;\">viene pubblicato alle 7.00<\/span> <span style=\"color: #ff0000;\">DIRETTA RADIO\u00a0<\/span><\/strong><\/p>\n<p><em><span style=\"color: #ff0000;\">per chi va in fretta&#8230; tante notizie in pochi minuti. L&#8217;informazione locale alla radio, ogni ora dalle 7 del mattino alle 19 della sera.\u00a0 \u00a0 \u00a0\u00a0<\/span><\/em><\/p>\n<p>SANTO STEFANO DI CADORE La strada del Cian\u00e0 in Val Visdende \u00e8 chiusa ai mezzi pesanti (oltre 7,5 tonnellate), quindi transito interdetto ai tir carichi di tronchi, anche dopo i danneggiamenti dello scorso 14 marzo con il deterioramento di alcune travature portanti.<br \/>\nROCCA PIETORE per lavori alla rete idrica comunale, oggi dalle 8 alle 17, verr\u00e0 sospesa l\u2019erogazione dell\u2019acqua nelle localit\u00e0 CAPOLUOGO, SORARU\u2019 e PEZZE\u2019.<br \/>\nREDAZIONE Anche due incidenti stradali tra le 16 e le 17.30 di ieri. Nel primo, a Limana, coinvolto un minore portato in ospedale a Belluno in ambulanza per accertamenti con ferite lievi. Alle 17.30 l\u2019ambulanza dell\u2019Alpago unitamente al personale del San Martino ha soccorso un uomo di 78 anni vittima di un investimento. L\u2019uomo \u00e8 ricoverato con ferite gravi all\u2019ospedale del capoluogo.<br \/>\nPIEVE DI CADORE Durante un viaggio sulla linea Cortina-Venezia, il conducente dell&#8217;autobus Atvo, Giovanni Berardi, ha salvato un passeggero cinquantenne sudamericano in difficolt\u00e0. Dopo aver udito dei lamenti provenire dalla parte posteriore del veicolo, Berardi ha fermato il bus e soccorso il passeggero, che stava avendo un attacco di ipoglicemia.<br \/>\nLE POSTE NEL CAPOLUOGO, NELLA TERRA DI LUXOTTICA&#8230;.CHE FIGURE. Dovrebbe essere l&#8217;ufficio simbolo, quello che fa da traino per la vallata. Dovrebbe essere l&#8217;ufficio specchio del bel Paese perch\u00e9 anche al servizio della grande multinazionale EssilorLuxottica. E&#8217; invece \u00e8 un ufficio perennemente nelle notizie di cronache per i disservizi, le denunce, le critiche sindacali, le continue proteste degli utenti. Ma \u00e8 mai possibile che tutto continui nel silenzio, o meglio tra le proteste di pochi inascoltati? Cosa deve ancora succedere perch\u00e9 la situazione migliori?<\/p>\n<h2>AUDIO dalle 7 del mattino<\/h2>\n<audio class=\"wp-audio-shortcode\" id=\"audio-383123-3\" preload=\"none\" style=\"width: 100%;\" controls=\"controls\"><source type=\"audio\/mpeg\" src=\"https:\/\/www.radiopiu.net\/wordpress\/wp-content\/uploads\/2024\/04\/GF07-6.mp3?_=3\" \/><a href=\"https:\/\/www.radiopiu.net\/wordpress\/wp-content\/uploads\/2024\/04\/GF07-6.mp3\">https:\/\/www.radiopiu.net\/wordpress\/wp-content\/uploads\/2024\/04\/GF07-6.mp3<\/a><\/audio>\n<p>&nbsp;<\/p>\n<hr \/>\n<p>&nbsp;<\/p>\n<h1><\/h1>\n<h1 style=\"text-align: center;\"><span style=\"color: #ff0000;\"><a class=\"dt-pswp-item\" href=\"https:\/\/www.radiopiu.net\/wordpress\/wp-content\/uploads\/2022\/01\/026c3f9d-dae9-4040-a3c1-a6530231bcc3.jpg\" data-dt-img-description=\"\" data-large_image_width=\"1152\" data-large_image_height=\"2048\"><img loading=\"lazy\" decoding=\"async\" class=\"wp-image-251839 alignleft\" src=\"https:\/\/www.radiopiu.net\/wordpress\/wp-content\/uploads\/2022\/01\/026c3f9d-dae9-4040-a3c1-a6530231bcc3-169x300.jpg\" alt=\"\" width=\"100\" height=\"177\" srcset=\"https:\/\/www.radiopiu.net\/wordpress\/wp-content\/uploads\/2022\/01\/026c3f9d-dae9-4040-a3c1-a6530231bcc3-169x300.jpg 169w, https:\/\/www.radiopiu.net\/wordpress\/wp-content\/uploads\/2022\/01\/026c3f9d-dae9-4040-a3c1-a6530231bcc3-576x1024.jpg 576w, https:\/\/www.radiopiu.net\/wordpress\/wp-content\/uploads\/2022\/01\/026c3f9d-dae9-4040-a3c1-a6530231bcc3-768x1365.jpg 768w, https:\/\/www.radiopiu.net\/wordpress\/wp-content\/uploads\/2022\/01\/026c3f9d-dae9-4040-a3c1-a6530231bcc3-864x1536.jpg 864w, https:\/\/www.radiopiu.net\/wordpress\/wp-content\/uploads\/2022\/01\/026c3f9d-dae9-4040-a3c1-a6530231bcc3.jpg 1152w\" sizes=\"auto, (max-width: 100px) 100vw, 100px\" \/><\/a>I podcast informativi del mattino &#8211; audio &#8211;\u00a0<\/span><\/h1>\n<blockquote><p><strong>GIORNALE RADIO NAZIONALE, EDIZIONE DELLE SETTE <span style=\"color: #0000ff;\">viene pubblicato alle 7.05 <span style=\"color: #ff0000;\">DIRETTA RADIO\u00a0<\/span><\/span><\/strong><\/p><\/blockquote>\n<p><strong>il giornale radionazionale e&#8217; in onda ogni ora, dalle sette del mattino alle venti della sera\u00a0\u00a0<\/strong><\/p>\n<p>&nbsp;<\/p>\n<h2>AUDIO dalle sette del mattino, ogni ora alla radio<\/h2>\n<p>&nbsp;<\/p>\n<audio class=\"wp-audio-shortcode\" id=\"audio-383123-4\" preload=\"none\" style=\"width: 100%;\" controls=\"controls\"><source type=\"audio\/mpeg\" src=\"https:\/\/www.radiopiu.net\/wordpress\/wp-content\/uploads\/2024\/04\/giornale07-8.mp3?_=4\" \/><a href=\"https:\/\/www.radiopiu.net\/wordpress\/wp-content\/uploads\/2024\/04\/giornale07-8.mp3\">https:\/\/www.radiopiu.net\/wordpress\/wp-content\/uploads\/2024\/04\/giornale07-8.mp3<\/a><\/audio>\n<p>&nbsp;<\/p>\n<p>&nbsp;<\/p>\n<p>&nbsp;<\/p>\n<h2><\/h2>\n<hr \/>\n<p>&nbsp;<\/p>\n<p>&nbsp;<\/p>\n<h1><span style=\"color: #ff0000;\">I podcast informativi del mattino &#8211; video &#8211;\u00a0<\/span><\/h1>\n<h2><strong><a class=\"dt-pswp-item\" href=\"https:\/\/www.radiopiu.net\/wordpress\/wp-content\/uploads\/2023\/12\/th-10.jpg\" data-dt-img-description=\"\" data-large_image_width=\"245\" data-large_image_height=\"180\"><img loading=\"lazy\" decoding=\"async\" class=\" wp-image-367395 alignleft\" src=\"https:\/\/www.radiopiu.net\/wordpress\/wp-content\/uploads\/2023\/12\/th-10.jpg\" alt=\"\" width=\"166\" height=\"122\" \/><\/a>RASSEGNA STAMPA LOCALE, ORE OTTO 05<\/strong><\/h2>\n<h2><strong> <span style=\"color: #0000ff;\">viene\u00a0 <\/span><\/strong><strong><span style=\"color: #0000ff;\">pubblicata alle 8.05 <span style=\"color: #ff0000;\">DIRETTA RADIO\u00a0\u00a0<\/span><\/span><\/strong><\/h2>\n<p><strong>DI MIRKO MEZZACASA\u00a0 \u00a0 \u00a0<\/strong><\/p>\n<p>VENEZIA Al via &#8220;Scuola Sicura Veneto&#8221; con una Formula Innovativa a Treviso<br \/>\nFELTRE Maratona di Lettura 2024: Feltre si Trasforma in un Festival Dedicato all&#8217;Acqua<br \/>\nBELLUNO Sono iniziati\u00a0 i lavori di ammodernamento presso i parcheggi &#8220;Lambioi&#8221; e &#8220;Metropolis&#8221;, che includono la sostituzione delle colonnine e l&#8217;installazione di nuove casse automatiche per il pagamento della sosta con bancomat o carta di credito.<br \/>\nAGORDO I dubbi degli elettori dopo il \u00a0CONSIGLIO COMUNALE la minoranza del\u00a0 capogruppo Paolo Selva Moretti nicchia sulle dimissioni di Silvano Savio.\u00a0 PERCHE? Eppure Selva Moretti ha parlato tanto ieri sera, parole, parole, parole, davvero tante parole su asilo, bilanci, soldi, Luxottica&#8230; ma nemmeno una parolina sul perch\u00e8 un altro consigliere di minoranza, l&#8217;ennesimo, \u00e8 uscito dalla porta senza spiegazione alcuna.<br \/>\nAZIENDA SPECIALE AGORDO SERVIZI, IL BILANCIO. LA MINORANZA ACCENDE LA CAMPAGNA ELETTORALE FACENDO LE PULCI ALLA DELIBERA, RIGA PER RIGA. IN PODCAST SUL SITO DI RADIOPIU<br \/>\nBELLUNO LAGRUA E FERRO FUORI DALLA MAGGIORANZA, IL PD: \u00abIL SINDACO FACCIA CHIAREZZA<br \/>\nREDAZIONE Sabato scorso nel convegno organizzato da Pig&amp;Menti sull&#8217;intelligenza artificiale tra i validi relatori anche ILAN BRAUNER, medico legale israeliano racconta l&#8217;uso dell&#8217;intelligenza artificiale abbinata alle operazioni belliche gi\u00e0 dagli anni Settanta &#8211; Ottanta. Lo sviluppo atomico e l&#8217;operatore umano &#8220;l&#8217;uomo comanda l&#8217;intelligenza o viceversa&#8221;. IN PODCAST SUL SITO DI RADIOPIU<\/p>\n<h2><strong>VIDEO\u00a0 \u00a0in diretta dalle 8 del mattino\u00a0\u00a0<\/strong><\/h2>\n<p>&nbsp;<\/p>\n<p><iframe loading=\"lazy\" title=\"DAL 1983 LA RASSEGNA STAMPA LOCALE di mirko mezzacasa. L&#039;ORIGINALE\" width=\"1200\" height=\"675\" src=\"https:\/\/www.youtube.com\/embed\/Ln-6_zpRjUk?feature=oembed\" frameborder=\"0\" allow=\"accelerometer; autoplay; clipboard-write; encrypted-media; gyroscope; picture-in-picture; web-share\" referrerpolicy=\"strict-origin-when-cross-origin\" allowfullscreen><\/iframe><\/p>\n<p>&nbsp;<\/p>\n<hr \/>\n<p><strong>\u00a0\u00a0<\/strong><\/p>\n<blockquote>\n<h3>NEL POMERIGGIO DEL SUEM ANCHE DUE INCIDENTI STRADALI<\/h3>\n<\/blockquote>\n<p><img loading=\"lazy\" decoding=\"async\" class=\"alignleft\" src=\"https:\/\/www.radiopiu.net\/wordpress\/wp-content\/uploads\/2023\/08\/ambulanza-ulss-1.jpg\" width=\"159\" height=\"103\" \/><\/p>\n<p><strong>REDAZIONE\u00a0<\/strong> Anche due incidenti stradali tra le 16 e le 17.30 di oggi. Nel primo, a Limana, coinvolto un minore portato in ospedale a Belluno in ambulanza per accertamenti con ferite lievi.<br \/>\nAlle 17.30 l&#8217;ambulanza dell&#8217;Alpago unitamente al personale\u00a0 del San Martino ha soccorso un uomo di 78 anni vittima di un investimento. L&#8217;uomo \u00e8 ricoverato con ferite gravi all&#8217;ospedale del capoluogo.<\/p>\n<p>&nbsp;<\/p>\n<hr \/>\n<p>&nbsp;<\/p>\n<blockquote>\n<h3><strong> <a class=\"dt-pswp-item\" href=\"https:\/\/www.radiopiu.net\/wordpress\/wp-content\/uploads\/2024\/04\/Senza-nome-14.png\" data-dt-img-description=\"\" data-large_image_width=\"239\" data-large_image_height=\"156\"><img loading=\"lazy\" decoding=\"async\" class=\" wp-image-383291 alignleft\" src=\"https:\/\/www.radiopiu.net\/wordpress\/wp-content\/uploads\/2024\/04\/Senza-nome-14.png\" alt=\"\" width=\"175\" height=\"114\" \/><\/a>Eroe anonimo sul pullman Atvo: salvato un passeggero in difficolt\u00e0<\/strong><\/h3>\n<\/blockquote>\n<p><strong>PIEVE DI CADORE<\/strong> Durante un viaggio sulla linea Cortina-Venezia, il conducente dell&#8217;autobus Atvo, Giovanni Berardi, ha salvato un passeggero cinquantenne sudamericano in difficolt\u00e0. Dopo aver udito dei lamenti provenire dalla parte posteriore del veicolo, Berardi ha fermato il bus e soccorso il passeggero, che stava avendo un attacco di ipoglicemia. Con l&#8217;aiuto di un collega, ha fornito le cure necessarie fino all&#8217;arrivo dell&#8217;ambulanza, dimostrando un pronto intervento tempestivo e salvando la vita del turista.<\/p>\n<p>&nbsp;<\/p>\n<hr \/>\n<p>&nbsp;<\/p>\n<blockquote>\n<h2>LE POSTE NEL CAPOLUOGO, NELLA TERRA DI LUXOTTICA&#8230;.CHE FIGURE.<\/h2>\n<\/blockquote>\n<p><strong><img loading=\"lazy\" decoding=\"async\" class=\"alignleft\" src=\"https:\/\/www.radiopiu.net\/wordpress\/wp-content\/uploads\/2023\/11\/POSTE.png\" width=\"369\" height=\"192\" \/>REDAZIONE<\/strong> Dovrebbe essere l&#8217;ufficio simbolo, quello che fa da traino per la vallata. Dovrebbe essere l&#8217;ufficio specchio del bel Paese perch\u00e9 anche al servizio della grande multinazionale EssilorLuxottica. E&#8217; invece \u00e8 un ufficio <strong>perennemente nelle notizie di cronache per i disservizi,<\/strong> le denunce, le critiche sindacali, le continue proteste degli utenti. Ma \u00e8 mai possibile che tutto continui nel silenzio, o meglio tra le proteste di pochi inascoltati? Cosa deve ancora succedere perch\u00e9 la situazione migliori?<\/p>\n<blockquote><p><em>Ad Agordo siamo di nuovo nel caos &#8211; dice Luca Bof delegato provinciale Slc Cgil Belluno &#8211;\u00a0 gli utenti\u00a0 non ne possono pi\u00f9 e i preposti magari si chiedono pure cosa pretende la gente&#8230; questa settimana pi\u00f9 di qualcuno ricever\u00e0 l&#8217;Amico del Popolo di 3 settimane fa. La giacenza postale risale a 15 e pi\u00f9 giorni fa e intanto pantalone continua a pagare a Poste Italiane costosi servizi.\u00a0 Poco il personale addetto alla consegna e le assunzioni sono a tempo determinato.<\/em><\/p>\n<p>foto: ANCHE RAI 3 SI E&#8217; INTERESSATA A SUO TEMPO DELLA PROBLEMATICA, SAREBBE GRADITO IL RITORNO AD AGORDO, MESI DOPO, PER TESTIMONIARE COME LA SITUAZIONE SIA CAMBIATA&#8230; IN PEGGIO VISTI I COMMENTI SINDACALI<\/p><\/blockquote>\n<p>&nbsp;<\/p>\n<p>&nbsp;<\/p>\n<hr \/>\n<blockquote>\n<h3><strong>\u00a0<\/strong><\/h3>\n<h3><strong>Al via &#8220;Scuola Sicura Veneto&#8221; con una Formula Innovativa a Treviso<\/strong><\/h3>\n<\/blockquote>\n<div class=\"flex-1 overflow-hidden\">\n<div class=\"react-scroll-to-bottom--css-nihny-79elbk h-full\">\n<div class=\"react-scroll-to-bottom--css-nihny-1n7m0yu\">\n<div class=\"flex flex-col text-sm pb-9\">\n<div class=\"w-full text-token-text-primary\" data-testid=\"conversation-turn-65\">\n<div class=\"px-4 py-2 justify-center text-base md:gap-6 m-auto\">\n<div class=\"flex flex-1 text-base mx-auto gap-3 md:px-5 lg:px-1 xl:px-5 md:max-w-3xl lg:max-w-[40rem] xl:max-w-[48rem] group final-completion\">\n<div class=\"relative flex w-full flex-col agent-turn\">\n<div class=\"flex-col gap-1 md:gap-3\">\n<div class=\"flex flex-grow flex-col max-w-full\">\n<div class=\"min-h-[20px] text-message flex flex-col items-start gap-3 whitespace-pre-wrap break-words [.text-message+&amp;]:mt-5 overflow-x-auto\" data-message-author-role=\"assistant\" data-message-id=\"eccaa11f-817e-499a-a650-07ad12f97d56\">\n<div class=\"markdown prose w-full break-words dark:prose-invert dark\">\n<p><strong><a class=\"dt-pswp-item\" href=\"https:\/\/www.radiopiu.net\/wordpress\/wp-content\/uploads\/2024\/04\/IMG20230414122614-scaled-1.jpg\" data-dt-img-description=\"\" data-large_image_width=\"2560\" data-large_image_height=\"1920\"><img loading=\"lazy\" decoding=\"async\" class=\" wp-image-383209 alignleft\" src=\"https:\/\/www.radiopiu.net\/wordpress\/wp-content\/uploads\/2024\/04\/IMG20230414122614-scaled-1-300x225.jpg\" alt=\"\" width=\"183\" height=\"137\" srcset=\"https:\/\/www.radiopiu.net\/wordpress\/wp-content\/uploads\/2024\/04\/IMG20230414122614-scaled-1-300x225.jpg 300w, https:\/\/www.radiopiu.net\/wordpress\/wp-content\/uploads\/2024\/04\/IMG20230414122614-scaled-1-1024x768.jpg 1024w, https:\/\/www.radiopiu.net\/wordpress\/wp-content\/uploads\/2024\/04\/IMG20230414122614-scaled-1-768x576.jpg 768w, https:\/\/www.radiopiu.net\/wordpress\/wp-content\/uploads\/2024\/04\/IMG20230414122614-scaled-1-1536x1152.jpg 1536w, https:\/\/www.radiopiu.net\/wordpress\/wp-content\/uploads\/2024\/04\/IMG20230414122614-scaled-1-2048x1536.jpg 2048w\" sizes=\"auto, (max-width: 183px) 100vw, 183px\" \/><\/a>VENEZIA<\/strong> La X edizione del progetto &#8220;Scuola Sicura Veneto&#8221; prender\u00e0 il via venerd\u00ec 12 aprile a Treviso, presentando una formula inedita presso la sede della Provincia e coinvolgendo pi\u00f9 istituti scolastici. L&#8217;iniziativa, ideata dall&#8217;Assessorato regionale alla Protezione Civile, mira ad ampliare il bacino dei partecipanti sperimentando il connubio tra la proposta formativa dell&#8217;amministrazione provinciale e il progetto regionale. Le attivit\u00e0 prevedono simulazioni di evacuazione, presentazioni dei mezzi d&#8217;emergenza e simulazioni di soccorso, con la partecipazione dell&#8217;elicottero del Suem 118. I ragazzi riceveranno un volumetto con le principali regole e riferimenti locali di protezione civile. Dopo Treviso, l&#8217;iniziativa coinvolger\u00e0 diverse scuole del Veneto, promuovendo la cultura della sicurezza e incoraggiando il volontariato. Ulteriori dettagli sono disponibili sul sito <a href=\"http:\/\/www.scuolasicuraveneto.it\/\" target=\"_new\" rel=\"noopener\">www.scuolasicuraveneto.it<\/a>.<\/p>\n<\/div>\n<\/div>\n<\/div>\n<\/div>\n<div class=\"absolute\">\n<div class=\"flex w-full gap-2 items-center justify-center\"><\/div>\n<div><\/div>\n<div>\n<hr \/>\n<\/div>\n<blockquote>\n<h3>Maratona di Lettura 2024: Feltre si Trasforma in un Festival Dedicato all&#8217;Acqua**<\/h3>\n<\/blockquote>\n<div>\n<blockquote><p><strong>\u201cL&#8217;Acqua, l&#8217;Umanit\u00e0, Feltre\u201d: dal 29 aprile al 4 maggio l&#8217;edizione 2024 della Maratona di Lettura, quest&#8217;anno incentrata su uno dei beni-simbolo del nostro territorio e pi\u00f9 preziosi per tutti noi&#8221;.\u00a0<\/strong><\/p><\/blockquote>\n<p><span style=\"color: #ff0000;\">di DANIELE DALVIT<\/span><\/p>\n<audio class=\"wp-audio-shortcode\" id=\"audio-383123-5\" preload=\"none\" style=\"width: 100%;\" controls=\"controls\"><source type=\"audio\/mpeg\" src=\"https:\/\/www.radiopiu.net\/wordpress\/wp-content\/uploads\/2024\/04\/Radio-Piu-Servizio-Maratona-lettura-Feltre-2024.mp3?_=5\" \/><a href=\"https:\/\/www.radiopiu.net\/wordpress\/wp-content\/uploads\/2024\/04\/Radio-Piu-Servizio-Maratona-lettura-Feltre-2024.mp3\">https:\/\/www.radiopiu.net\/wordpress\/wp-content\/uploads\/2024\/04\/Radio-Piu-Servizio-Maratona-lettura-Feltre-2024.mp3<\/a><\/audio>\n<p>&nbsp;<\/p>\n<p><strong><a class=\"dt-pswp-item\" href=\"https:\/\/www.radiopiu.net\/wordpress\/wp-content\/uploads\/2024\/04\/1e78f368-73df-420e-bf87-cc8b9ac681d7.jpg\" data-dt-img-description=\"\" data-large_image_width=\"1600\" data-large_image_height=\"900\"><img loading=\"lazy\" decoding=\"async\" class=\" wp-image-383218 alignleft\" src=\"https:\/\/www.radiopiu.net\/wordpress\/wp-content\/uploads\/2024\/04\/1e78f368-73df-420e-bf87-cc8b9ac681d7-300x169.jpg\" alt=\"\" width=\"261\" height=\"147\" srcset=\"https:\/\/www.radiopiu.net\/wordpress\/wp-content\/uploads\/2024\/04\/1e78f368-73df-420e-bf87-cc8b9ac681d7-300x169.jpg 300w, https:\/\/www.radiopiu.net\/wordpress\/wp-content\/uploads\/2024\/04\/1e78f368-73df-420e-bf87-cc8b9ac681d7-1024x576.jpg 1024w, https:\/\/www.radiopiu.net\/wordpress\/wp-content\/uploads\/2024\/04\/1e78f368-73df-420e-bf87-cc8b9ac681d7-768x432.jpg 768w, https:\/\/www.radiopiu.net\/wordpress\/wp-content\/uploads\/2024\/04\/1e78f368-73df-420e-bf87-cc8b9ac681d7-1536x864.jpg 1536w, https:\/\/www.radiopiu.net\/wordpress\/wp-content\/uploads\/2024\/04\/1e78f368-73df-420e-bf87-cc8b9ac681d7.jpg 1600w\" sizes=\"auto, (max-width: 261px) 100vw, 261px\" \/><\/a>FELTRE<\/strong>\u00a0 La Maratona di Lettura, annuncia un evento innovativo focalizzato sull&#8217;elemento dell&#8217;acqua. Il sindaco Viviana Fusaro ha introdotto la manifestazione, sottolineando l&#8217;importanza del tema per la citt\u00e0. L&#8217;assessore alla Cultura Flavia Colle e il consigliere delegato Samuele Spada hanno illustrato il ricco programma, che include incontri tematici, laboratori didattici, escursioni e conferenze, culminando con un evento serale con l&#8217;autore Mario Tozzi. Tre mostre accompagneranno l&#8217;evento, estendendo la sua durata. Numerosi partner, tra cui associazioni di lettori volontari e il Parco Nazionale delle Dolomiti Bellunesi, hanno sottolineato l&#8217;importanza dell&#8217;acqua nel contesto territoriale e culturale, confermando il loro coinvolgimento attivo nella manifestazione. Il programma completo della manifestazione \u00e8 reperibile e consultabile su <a href=\"http:\/\/www.visitfeltre.info\/\">www.visitfeltre.info<\/a> e sui canali social.<\/p>\n<p>&nbsp;<\/p>\n<p><strong>IL SINDACO VIVIANA FUSARO<\/strong><\/p>\n<audio class=\"wp-audio-shortcode\" id=\"audio-383123-6\" preload=\"none\" style=\"width: 100%;\" controls=\"controls\"><source type=\"audio\/mpeg\" src=\"https:\/\/www.radiopiu.net\/wordpress\/wp-content\/uploads\/2024\/04\/sindaco-fusaro.mp3?_=6\" \/><a href=\"https:\/\/www.radiopiu.net\/wordpress\/wp-content\/uploads\/2024\/04\/sindaco-fusaro.mp3\">https:\/\/www.radiopiu.net\/wordpress\/wp-content\/uploads\/2024\/04\/sindaco-fusaro.mp3<\/a><\/audio>\n<p><strong>L&#8217;ASSESSORE FLAVIA COLLE<\/strong><\/p>\n<audio class=\"wp-audio-shortcode\" id=\"audio-383123-7\" preload=\"none\" style=\"width: 100%;\" controls=\"controls\"><source type=\"audio\/mpeg\" src=\"https:\/\/www.radiopiu.net\/wordpress\/wp-content\/uploads\/2024\/04\/assessore-colle.mp3?_=7\" \/><a href=\"https:\/\/www.radiopiu.net\/wordpress\/wp-content\/uploads\/2024\/04\/assessore-colle.mp3\">https:\/\/www.radiopiu.net\/wordpress\/wp-content\/uploads\/2024\/04\/assessore-colle.mp3<\/a><\/audio>\n<p>&nbsp;<\/p>\n\n\t\t\t<style type='text\/css'>\n\t\t\t\t#gallery-1 {\n\t\t\t\t\tmargin: auto;\n\t\t\t\t}\n\t\t\t\t#gallery-1 .gallery-item {\n\t\t\t\t\tfloat: left;\n\t\t\t\t\tmargin-top: 10px;\n\t\t\t\t\ttext-align: center;\n\t\t\t\t\twidth: 33%;\n\t\t\t\t}\n\t\t\t\t#gallery-1 img {\n\t\t\t\t\tborder: 2px solid #cfcfcf;\n\t\t\t\t}\n\t\t\t\t#gallery-1 .gallery-caption {\n\t\t\t\t\tmargin-left: 0;\n\t\t\t\t}\n\t\t\t\t\/* see gallery_shortcode() in wp-includes\/media.php *\/\n\t\t\t<\/style>\n\t\t<div id='gallery-1' class='dt-gallery-container gallery galleryid-383123 gallery-columns-3 gallery-size-thumbnail'><dl class='gallery-item'>\n\t\t\t\t<dt class='gallery-icon landscape'>\n\t\t\t\t\t<a class=\"rollover rollover-zoom dt-pswp-item\" title=\"C.S. Pres.ne Maratona di Lettura Feltre\" data-dt-img-description=\"\" data-large_image_width=\"1920\" data-large_image_height=\"1080\"href='https:\/\/www.radiopiu.net\/wordpress\/wp-content\/uploads\/2024\/04\/C.S.-Pres.ne-Maratona-di-Lettura-Feltre.jpg'><img loading=\"lazy\" decoding=\"async\" width=\"150\" height=\"150\" src=\"https:\/\/www.radiopiu.net\/wordpress\/wp-content\/uploads\/2024\/04\/C.S.-Pres.ne-Maratona-di-Lettura-Feltre-150x150.jpg\" class=\"attachment-thumbnail size-thumbnail\" alt=\"\" \/><\/a>\n\t\t\t\t<\/dt><\/dl><dl class='gallery-item'>\n\t\t\t\t<dt class='gallery-icon landscape'>\n\t\t\t\t\t<a class=\"rollover rollover-zoom dt-pswp-item\" title=\"C.S. Pres.ne Maratona di Lettura Feltre 3\" data-dt-img-description=\"\" data-large_image_width=\"1920\" data-large_image_height=\"1080\"href='https:\/\/www.radiopiu.net\/wordpress\/wp-content\/uploads\/2024\/04\/C.S.-Pres.ne-Maratona-di-Lettura-Feltre-3.jpg'><img loading=\"lazy\" decoding=\"async\" width=\"150\" height=\"150\" src=\"https:\/\/www.radiopiu.net\/wordpress\/wp-content\/uploads\/2024\/04\/C.S.-Pres.ne-Maratona-di-Lettura-Feltre-3-150x150.jpg\" class=\"attachment-thumbnail size-thumbnail\" alt=\"\" \/><\/a>\n\t\t\t\t<\/dt><\/dl><dl class='gallery-item'>\n\t\t\t\t<dt class='gallery-icon landscape'>\n\t\t\t\t\t<a class=\"rollover rollover-zoom dt-pswp-item\" title=\"C.S. Pres.ne Maratona di Lettura Feltre 2\" data-dt-img-description=\"\" data-large_image_width=\"1920\" data-large_image_height=\"1080\"href='https:\/\/www.radiopiu.net\/wordpress\/wp-content\/uploads\/2024\/04\/C.S.-Pres.ne-Maratona-di-Lettura-Feltre-2.jpg'><img loading=\"lazy\" decoding=\"async\" width=\"150\" height=\"150\" src=\"https:\/\/www.radiopiu.net\/wordpress\/wp-content\/uploads\/2024\/04\/C.S.-Pres.ne-Maratona-di-Lettura-Feltre-2-150x150.jpg\" class=\"attachment-thumbnail size-thumbnail\" alt=\"\" \/><\/a>\n\t\t\t\t<\/dt><\/dl><br style=\"clear: both\" \/>\n\t\t\t<\/div>\n\n<p>&nbsp;<\/p>\n<p>&nbsp;<\/p>\n<hr \/>\n<p>&nbsp;<\/p>\n<blockquote>\n<h3><strong> Lavori di Ammodernamento dei Parcheggi &#8220;Lambioi&#8221; e &#8220;Metropolis&#8221; a Belluno<\/strong><\/h3>\n<\/blockquote>\n<p><strong><a class=\"dt-pswp-item\" href=\"https:\/\/www.radiopiu.net\/wordpress\/wp-content\/uploads\/2022\/04\/belluno-lambioi-3.jpg\" data-dt-img-description=\"\" data-large_image_width=\"1920\" data-large_image_height=\"1080\"><img loading=\"lazy\" decoding=\"async\" class=\" wp-image-270875 alignleft\" src=\"https:\/\/www.radiopiu.net\/wordpress\/wp-content\/uploads\/2022\/04\/belluno-lambioi-3-300x169.jpg\" alt=\"\" width=\"238\" height=\"134\" srcset=\"https:\/\/www.radiopiu.net\/wordpress\/wp-content\/uploads\/2022\/04\/belluno-lambioi-3-300x169.jpg 300w, https:\/\/www.radiopiu.net\/wordpress\/wp-content\/uploads\/2022\/04\/belluno-lambioi-3-1024x576.jpg 1024w, https:\/\/www.radiopiu.net\/wordpress\/wp-content\/uploads\/2022\/04\/belluno-lambioi-3-768x432.jpg 768w, https:\/\/www.radiopiu.net\/wordpress\/wp-content\/uploads\/2022\/04\/belluno-lambioi-3-1536x864.jpg 1536w, https:\/\/www.radiopiu.net\/wordpress\/wp-content\/uploads\/2022\/04\/belluno-lambioi-3.jpg 1920w\" sizes=\"auto, (max-width: 238px) 100vw, 238px\" \/><\/a>BELLUNO<\/strong> Sono iniziati\u00a0 i lavori di ammodernamento presso i parcheggi &#8220;Lambioi&#8221; e &#8220;Metropolis&#8221;, che includono la sostituzione delle colonnine e l&#8217;installazione di nuove casse automatiche per il pagamento della sosta con bancomat o carta di credito. Il sindaco Oscar De Pellegrin sottolinea l&#8217;importanza del progetto che coinvolger\u00e0 l&#8217;intera area, migliorandone servizi, fruibilit\u00e0 e accessibilit\u00e0. Il vice sindaco Paolo Gamba evidenzia il vantaggio della nuova modalit\u00e0 di pagamento e l&#8217;implementazione del riconoscimento della targa per agevolare l&#8217;accesso e l&#8217;uscita. Il nuovo sistema permetter\u00e0 un accesso rapido per gli abbonati tramite la lettura della targa e un&#8217;esperienza semplificata per gli utenti occasionali. I lavori si prevede termineranno entro la prima met\u00e0 di maggio 2024, con accessibilit\u00e0 garantita durante il periodo di intervento e supporto fornito dall&#8217;Ufficio Abbonamenti Bellunum.<\/p>\n<p>&nbsp;<\/p>\n<hr \/>\n<blockquote>\n<h3><\/h3>\n<\/blockquote>\n<p><em>Le dimissioni di Savio pare non spegnere il sorriso di Selva<\/em><\/p>\n<p><img loading=\"lazy\" decoding=\"async\" class=\"alignleft\" src=\"https:\/\/www.radiopiu.net\/wordpress\/wp-content\/uploads\/2019\/04\/Agordo_Paolo-Selva-Moretti.jpg\" width=\"134\" height=\"124\" \/>AGORDO<b> I<\/b> dubbi degli elettori dopo il <strong>\u00a0CONSIGLIO COMUNALE <\/strong>.<\/p>\n<p>la minoranza del\u00a0 capogruppo Paolo Selva Moretti nicchia sulle dimissioni di Silvano Savio.\u00a0 PERCHE? Eppure Selva Moretti ha parlato tanto ieri sera, parole, parole, parole, davvero tante parole su asilo, bilanci, soldi, Luxottica&#8230; ma nemmeno una parolina sul perch\u00e8 un altro consigliere di minoranza, l&#8217;ennesimo, \u00e8 uscito dalla porta senza spiegazione alcuna. Sarebbero doverose le spiegazioni,.\u00a0 verso chi 5 anni fa aveva dato la preferenza (anche se in numero minore rispetto al vincitore Roberto Chissal\u00e8) alla squadra composta anche da Savio e tutti gli altri che la vita politica amministrativa di Agordo l&#8217;hanno ormai dimenticata.<\/p>\n<div class=\"x1e56ztr\" data-block=\"true\" data-editor=\"ei5i5\" data-offset-key=\"edoqv-0-0\"><\/div>\n<blockquote>\n<h3>AZIENDA SPECIALE AGORDO SERVIZI, IL BILANCIO. LA MINORANZA ACCENDE LA CAMPAGNA ELETTORALE FACENDO LE PULCI ALLA DELIBERA, RIGA PER RIGA.<\/h3>\n<\/blockquote>\n<h3>\u00a0IERI SERA, LE DIRETTE DI RADIOPIU.<\/h3>\n<h3><img loading=\"lazy\" decoding=\"async\" class=\"alignleft\" src=\"https:\/\/www.radiopiu.net\/wordpress\/wp-content\/uploads\/2020\/03\/CONSIGLIO-AGORDO.jpg\" width=\"275\" height=\"155\" \/>\u00a0IERI SERA, LE DIRETTE DI RADIOPIU.<\/h3>\n<p><strong>AGORDO<\/strong> Consiglio comunale, in primo piano il futuro del polo educativo\u00a0 per i pi\u00f9 piccoli, la fusione tra Asilo Nido e Scuola materna con il contributo importante (oltre 130mila euro) del gruppo Luxottica.<br \/>\nFarmacia: notevole l&#8217;utile che ripiana il deficit creato dall&#8217;asilo nido. La &#8220;minoranza&#8221; attacca con dure critiche alla gestione della Farmacia. Per Selva Moretti ci sarebbero colpe con il personale in fuga e la mancanza di investimenti.<\/p>\n<p>&nbsp;<\/p>\n<p><strong>PARTE DELL&#8217;INTERVENTO DI PAOLO SELVA MORETTI<\/strong><\/p>\n<audio class=\"wp-audio-shortcode\" id=\"audio-383123-8\" preload=\"none\" style=\"width: 100%;\" controls=\"controls\"><source type=\"audio\/mpeg\" src=\"https:\/\/www.radiopiu.net\/wordpress\/wp-content\/uploads\/2024\/04\/selva-moretti-min.mp3?_=8\" \/><a href=\"https:\/\/www.radiopiu.net\/wordpress\/wp-content\/uploads\/2024\/04\/selva-moretti-min.mp3\">https:\/\/www.radiopiu.net\/wordpress\/wp-content\/uploads\/2024\/04\/selva-moretti-min.mp3<\/a><\/audio>\n<p><strong>UTILE FARMACIA 151 MILA EURO, 91 MILA IN PIU&#8217; DEL 2022 &#8211;\u00a0 L&#8217;UTILE PERMETTE IL PAREGGIO DI BILANCIO (+600EURO) PER IL DISAVANZO DELL&#8217;ASILO NIDO.<\/strong><\/p>\n<p><strong>AUDIO DAL GIORNALE RADIO PRINCIPALE il sindaco Roberto Chissale&#8217;\u00a0<\/strong><\/p>\n<audio class=\"wp-audio-shortcode\" id=\"audio-383123-9\" preload=\"none\" style=\"width: 100%;\" controls=\"controls\"><source type=\"audio\/mpeg\" src=\"https:\/\/www.radiopiu.net\/wordpress\/wp-content\/uploads\/2024\/04\/chissale.mp3?_=9\" \/><a href=\"https:\/\/www.radiopiu.net\/wordpress\/wp-content\/uploads\/2024\/04\/chissale.mp3\">https:\/\/www.radiopiu.net\/wordpress\/wp-content\/uploads\/2024\/04\/chissale.mp3<\/a><\/audio>\n<p>&nbsp;<\/p>\n<p><iframe loading=\"lazy\" title=\"Diretta Esterna Radio Pi\u00f9\" width=\"1200\" height=\"900\" src=\"https:\/\/www.youtube.com\/embed\/hh7jvIiqpko?start=1768&#038;feature=oembed\" frameborder=\"0\" allow=\"accelerometer; autoplay; clipboard-write; encrypted-media; gyroscope; picture-in-picture; web-share\" referrerpolicy=\"strict-origin-when-cross-origin\" allowfullscreen><\/iframe><\/p>\n<div class=\"flex-1 overflow-hidden\">\n<div class=\"react-scroll-to-bottom--css-nihny-79elbk h-full\">\n<div class=\"react-scroll-to-bottom--css-nihny-1n7m0yu\">\n<div class=\"flex flex-col text-sm pb-9\">\n<div class=\"w-full text-token-text-primary\" data-testid=\"conversation-turn-67\">\n<div class=\"px-4 py-2 justify-center text-base md:gap-6 m-auto\">\n<div class=\"flex flex-1 text-base mx-auto gap-3 md:px-5 lg:px-1 xl:px-5 md:max-w-3xl lg:max-w-[40rem] xl:max-w-[48rem] group final-completion\">\n<div class=\"relative flex w-full flex-col agent-turn\">\n<div class=\"flex-col gap-1 md:gap-3\">\n<div class=\"mt-1 flex justify-start gap-3 empty:hidden\"><\/div>\n<div>\n<hr \/>\n<\/div>\n<div>\n<p><strong class=\"photoswipe-wrapper\"><a class=\"dt-pswp-item pspw-wrap-ready\" href=\"https:\/\/www.radiopiu.net\/wordpress\/wp-content\/uploads\/2024\/01\/Senza-nome-34.png\" data-dt-img-description=\"\" data-large_image_width=\"239\" data-large_image_height=\"153\"><img loading=\"lazy\" decoding=\"async\" class=\"wp-image-369478 alignleft\" src=\"https:\/\/www.radiopiu.net\/wordpress\/wp-content\/uploads\/2024\/01\/Senza-nome-34.png\" alt=\"\" width=\"128\" height=\"82\" \/><\/a><\/strong><\/p>\n<p><strong>dal TG BELLUNESE di\u00a0 ANTENNA 3 ogni sera alle 19.30 sul canale 10 del digitale terrestre e alle 19 le anticipazioni alla radio.\u00a0\u00a0<\/strong><\/p>\n<p>&nbsp;<\/p>\n<p>&nbsp;<\/p>\n<blockquote>\n<h2 class=\"_title post-title entry-title\">LAGRUA E FERRO FUORI DALLA MAGGIORANZA, IL PD: \u00abIL SINDACO FACCIA CHIAREZZA\u00bb<\/h2>\n<\/blockquote>\n<p>&nbsp;<\/p>\n<p>Intervistati DAVIDE NORO (SEGRETARIO UNIONE COMUNALE PD BELLUNO) (Servizio di\u00a0<a href=\"https:\/\/antennatre.medianordest.it\/redazione\/Tiziana-Bolognani\/\">Tiziana Bolognani<\/a>)<\/p>\n<p><iframe loading=\"lazy\" title=\"LAGRUA E FERRO FUORI DALLA MAGGIORANZA, IL PD: \u00abIL SINDACO FACCIA CHIAREZZA\u00bb | 08\/04\/2024\" width=\"1200\" height=\"675\" src=\"https:\/\/www.youtube.com\/embed\/kR5hI6917fA?feature=oembed\" frameborder=\"0\" allow=\"accelerometer; autoplay; clipboard-write; encrypted-media; gyroscope; picture-in-picture; web-share\" referrerpolicy=\"strict-origin-when-cross-origin\" allowfullscreen><\/iframe><\/p>\n<p>&nbsp;<\/p>\n<\/div>\n<div><\/div>\n<div class=\"pr-2 lg:pr-0\"><\/div>\n<div>\n<hr \/>\n<\/div>\n<blockquote>\n<h3><\/h3>\n<h3>L&#8217;UCCISIONE DI SETTE PERSONE A GAZA E&#8217; LA SOMMA DEL COMANDO DELLA MACCHINA SULL&#8217;UOMO. CHI INCRIMINIAMO?<\/h3>\n<\/blockquote>\n<div>\n<blockquote><p><em>INTELLIGENZA ARTIFICIALE E DISCIPLINE MEDICO-GIURIDICHE, ACCADEMIA MEDICO GIURIDICA DELLE VENEZIE. SABATO 6 APRILE, DALLE 9.15 IN SALA CONFERENZEE DAVID S\u00e0SSOLI, PARCO COMUNALE EX CASA ROSSA MARES, A PONTE NELLE ALPI ingresso libero, ORGANIZZAZIONE, PIG E MENTI in collaborazione con Banca Prealpi San <img loading=\"lazy\" decoding=\"async\" class=\"alignleft\" src=\"https:\/\/www.radiopiu.net\/wordpress\/wp-content\/uploads\/2024\/04\/Senza-nome-13.png\" width=\"210\" height=\"134\" \/>Biagio, Dottori Marco Tarascio e Silvia Barbini Silvia della Farmacia San Valentino di Limana; Patrizia Giannini ZG elettronica; Famiglia Conz Macelleria Limana;\u00a0<\/em><\/p><\/blockquote>\n<p>&nbsp;<\/p>\n<p><strong>REDAZIONE<\/strong> Sabato scorso nel convegno organizzato da Pig&amp;Menti sull&#8217;intelligenza artificiale tra i validi relatori anche ILAN BRAUNER, medico legale israeliano racconta l&#8217;uso dell&#8217;intelligenza artificiale abbinata alle operazioni belliche gi\u00e0 dagli anni Settanta &#8211; Ottanta. Lo sviluppo atomico e l&#8217;operatore umano <em>&#8220;l&#8217;uomo comanda l&#8217;intelligenza o viceversa&#8221;.<\/em><\/p>\n<p><em><span style=\"color: #ff0000;\"><strong>AL MINUTO 2ore, 50 minuti.<\/strong><\/span><\/em><\/p>\n<p><iframe loading=\"lazy\" title=\"INTELLIGENZA ARTIFICIALE   PIG&amp;MENTI   PONTE NELLE ALPI\" width=\"1200\" height=\"675\" src=\"https:\/\/www.youtube.com\/embed\/p62Z308UC4U?start=3&#038;feature=oembed\" frameborder=\"0\" allow=\"accelerometer; autoplay; clipboard-write; encrypted-media; gyroscope; picture-in-picture; web-share\" referrerpolicy=\"strict-origin-when-cross-origin\" allowfullscreen><\/iframe><\/p>\n<p>&nbsp;<\/p>\n<p>&nbsp;<\/p>\n<hr \/>\n<p>&nbsp;<\/p>\n<blockquote>\n<h3>LA GIUDIZIARIA OGGI, SUL CORRIERE DELLE ALPI<br \/>\nSINTESI<\/h3>\n<\/blockquote>\n<p><strong>DI GIGI SOSSO\u00a0<\/strong><\/p>\n<div class=\"flex-1 overflow-hidden\">\n<div class=\"react-scroll-to-bottom--css-nihny-79elbk h-full\">\n<div class=\"react-scroll-to-bottom--css-nihny-1n7m0yu\">\n<div class=\"flex flex-col text-sm pb-9\">\n<div class=\"w-full text-token-text-primary\" data-testid=\"conversation-turn-91\">\n<div class=\"px-4 py-2 justify-center text-base md:gap-6 m-auto\">\n<div class=\"flex flex-1 text-base mx-auto gap-3 md:px-5 lg:px-1 xl:px-5 md:max-w-3xl lg:max-w-[40rem] xl:max-w-[48rem] group final-completion\">\n<div class=\"relative flex w-full flex-col agent-turn\">\n<div class=\"flex-col gap-1 md:gap-3\">\n<div class=\"flex flex-grow flex-col max-w-full\">\n<div class=\"min-h-[20px] text-message flex flex-col items-start gap-3 whitespace-pre-wrap break-words [.text-message+&amp;]:mt-5 overflow-x-auto\" data-message-author-role=\"assistant\" data-message-id=\"c2c8b7fc-6e74-41d3-9fad-6baee76324b3\">\n<div class=\"markdown prose w-full break-words dark:prose-invert dark\">\n<p><strong>BELLUNO <\/strong><em>&#8220;Napoletano a processo per truffa con documenti falsi a Belluno: tentativo fallito grazie a discrepanze nei codici fiscali&#8221; <\/em>A B\u00a0 \u00e8 in tribunale\u00a0 per possesso e fabbricazione di documenti falsi, accusato di aver tentato una truffa in un negozio di elettronica nel luglio 2020. Utilizzando documenti contraffatti, tra cui una carta d&#8217;identit\u00e0 e una busta paga falsificate, ha cercato di ottenere un finanziamento per un computer portatile di alto valore. Tuttavia, \u00e8 stato scoperto grazie a una discrepanza nel codice fiscale sulla tessera sanitaria, lasciando l&#8217;operazione incompiuta e fuggendo dal negozio.<\/p>\n<\/div>\n<\/div>\n<\/div>\n<div class=\"mt-1 flex justify-start gap-3 empty:hidden\">\n<div class=\"text-gray-400 flex self-end lg:self-center items-center justify-center lg:justify-start mt-0 -ml-1 h-7 gap-[2px] visible\">\n<div class=\"flex\"><strong>FELTRE <\/strong><em>Amore tossico finisce in tribunale<\/em>: R.D. accusato di lesioni aggravate e calunnia. La sua ex compagna testimonia di essere stata brutalmente aggredita, mentre R.D. affronta l&#8217;accusa di aver inventato una presunta rapina, rischiando fino a sei anni di reclusione. Se ne riparler\u00e0 in aula il 14 ottobre.<\/div>\n<\/div>\n<\/div>\n<div class=\"pr-2 lg:pr-0\">\n<div class=\"flex flex-grow flex-col max-w-full\">\n<div class=\"min-h-[20px] text-message flex flex-col items-start gap-3 whitespace-pre-wrap break-words [.text-message+&amp;]:mt-5 overflow-x-auto\" data-message-author-role=\"assistant\" data-message-id=\"bffd6e18-822d-4890-8fac-debf2830ed3e\">\n<p>&nbsp;<\/p>\n<p><strong>FELTRE<\/strong> <em>Minaccia con coltello a Feltre: imputato condotto davanti al giudice. <\/em>La sera del 16 agosto 2019, un uomo minaccia una famiglia con un coltell, durante una serata estiva affollata,\u00a0 \u00e8 portato in tribunale per minaccia aggravata e porto illegale di arma. Chiede e ottiene la messa alla prova, con lavori di pubblica utilit\u00e0, spiegando che voleva solo spaventare una persona con cui aveva avuto un diverbio.<\/p>\n<p><strong>ALPAGO <\/strong><em>Assoluzioni nel caso acquisto gasolio rubato <\/em>Tre persone sono state assolte dall&#8217;accusa di ricettazione per l&#8217;acquisto di gasolio rubato, poich\u00e9 il fatto non sussiste o non costituisce reato. Il giudice ha accolto la tesi del pm Modena, supportata anche dai difensori, poich\u00e9 dalle intercettazioni non emergono prove. L&#8217;inchiesta coinvolgeva diverse persone, con alcune condanne e patteggiamenti per furto e spaccio di droga.<\/p>\n<div class=\"flex-1 overflow-hidden\">\n<div class=\"react-scroll-to-bottom--css-nihny-79elbk h-full\">\n<div class=\"react-scroll-to-bottom--css-nihny-1n7m0yu\">\n<div class=\"flex flex-col text-sm pb-9\">\n<div class=\"w-full text-token-text-primary\" data-testid=\"conversation-turn-101\">\n<div class=\"px-4 py-2 justify-center text-base md:gap-6 m-auto\">\n<div class=\"flex flex-1 text-base mx-auto gap-3 md:px-5 lg:px-1 xl:px-5 md:max-w-3xl lg:max-w-[40rem] xl:max-w-[48rem] group final-completion\">\n<div class=\"relative flex w-full flex-col agent-turn\">\n<div class=\"flex-col gap-1 md:gap-3\">\n<div class=\"mt-1 flex justify-start gap-3 empty:hidden\">\n<p>\u00a0<strong>CADORE<\/strong> <em><em>Madre operaia denuncia l&#8217;ex marito per mancato sostegno familiare <\/em><\/em>Dopo la separazione, una madre operaia si trova a dover mantenere da sola il figlio, senza mai ricevere gli 250 euro mensili di assegno di mantenimento previsti. In tribunale, l&#8217;uomo \u00e8 accusato di violazione degli obblighi di assistenza familiare, mentre la donna racconta di aver sempre dovuto far fronte alle spese quotidiane con il suo modesto stipendio da fabbrica, senza alcun contributo dall&#8217;ex marito.<\/p>\n<div class=\"w-full pt-2 md:pt-0 dark:border-white\/20 md:border-transparent md:dark:border-transparent md:w-[calc(100%-.5rem)]\">\n<form class=\"stretch mx-2 flex flex-row gap-3 last:mb-2 md:mx-4 md:last:mb-6 lg:mx-auto lg:max-w-2xl xl:max-w-3xl\">\n<div class=\"relative flex h-full flex-1 flex-col\">\n<div class=\"absolute bottom-full left-0 right-0\"><\/div>\n<div class=\"flex w-full items-center\"><\/div>\n<\/div>\n<\/form>\n<\/div>\n<\/div>\n<div class=\"pr-2 lg:pr-0\"><\/div>\n<\/div>\n<\/div>\n<\/div>\n<\/div>\n<\/div>\n<\/div>\n<\/div>\n<\/div>\n<\/div>\n<\/div>\n<\/div>\n<\/div>\n<\/div>\n<\/div>\n<\/div>\n<\/div>\n<\/div>\n<\/div>\n<\/div>\n<\/div>\n<\/div>\n<\/div>\n<\/div>\n<\/div>\n<\/div>\n<\/div>\n<\/div>\n<\/div>\n<\/div>\n<\/div>\n<\/div>\n<\/div>\n<\/div>\n<\/div>\n<\/div>\n<\/div>\n<\/div>\n<\/div>\n<\/div>\n<\/div>\n<\/div>\n<hr \/>\n<p>&nbsp;<\/p>\n<blockquote>\n<h3>CGIL E UIL PROCLAMANO LO SCIOPERO GENERALE DI 4 ORE PER GIOVEDI&#8217;<\/h3>\n<\/blockquote>\n<p><strong><a class=\"dt-pswp-item\" href=\"https:\/\/www.radiopiu.net\/wordpress\/wp-content\/uploads\/2024\/04\/scioper.png\" data-dt-img-description=\"\" data-large_image_width=\"863\" data-large_image_height=\"341\"><img loading=\"lazy\" decoding=\"async\" class=\" wp-image-383176 alignleft\" src=\"https:\/\/www.radiopiu.net\/wordpress\/wp-content\/uploads\/2024\/04\/scioper-300x119.png\" alt=\"\" width=\"234\" height=\"93\" srcset=\"https:\/\/www.radiopiu.net\/wordpress\/wp-content\/uploads\/2024\/04\/scioper-300x119.png 300w, https:\/\/www.radiopiu.net\/wordpress\/wp-content\/uploads\/2024\/04\/scioper-768x303.png 768w, https:\/\/www.radiopiu.net\/wordpress\/wp-content\/uploads\/2024\/04\/scioper.png 863w\" sizes=\"auto, (max-width: 234px) 100vw, 234px\" \/><\/a>BELLUNO<\/strong> Gioved\u00ec, dalle ultime 4 ore di ogni turno, \u00e8 indetto uno sciopero generale di 4 ore in tutti i settori privati, promosso da Cgil e Uil. Motivi principali: sicurezza sul lavoro con focus su incidenti e morti, necessit\u00e0 di eliminare lavoro precario e stabilizzare lavoratori, contrastare l&#8217;evasione fiscale e migliorare il welfare con pi\u00f9 risorse per sanit\u00e0, istruzione e non autosufficienza. Lo sciopero \u00e8 un atto di mobilitazione per un futuro lavorativo sicuro, giusto e dignitoso. Cgil e Uil invitano alla partecipazione e ad un Flash mob a Belluno, Piazza dei Martiri, dalle 15:30 alle 17:30.<\/p>\n<p>&nbsp;<\/p>\n<p>&nbsp;<\/p>\n<p>&nbsp;<\/p>\n<hr \/>\n<p>&nbsp;<\/p>\n<blockquote>\n<h3>OGGI IN CONSIGLIO PROVINCIALE SI PARLA DI AREE AGRICOLE<\/h3>\n<\/blockquote>\n<p><strong><a class=\"dt-pswp-item\" href=\"https:\/\/www.radiopiu.net\/wordpress\/wp-content\/uploads\/2020\/06\/palazzo_piloni_belluno.jpg\" data-dt-img-description=\"\" data-large_image_width=\"1000\" data-large_image_height=\"667\"><img loading=\"lazy\" decoding=\"async\" class=\" wp-image-144771 alignleft\" src=\"https:\/\/www.radiopiu.net\/wordpress\/wp-content\/uploads\/2020\/06\/palazzo_piloni_belluno-300x200.jpg\" alt=\"\" width=\"170\" height=\"113\" srcset=\"https:\/\/www.radiopiu.net\/wordpress\/wp-content\/uploads\/2020\/06\/palazzo_piloni_belluno-300x200.jpg 300w, https:\/\/www.radiopiu.net\/wordpress\/wp-content\/uploads\/2020\/06\/palazzo_piloni_belluno-768x512.jpg 768w, https:\/\/www.radiopiu.net\/wordpress\/wp-content\/uploads\/2020\/06\/palazzo_piloni_belluno.jpg 1000w\" sizes=\"auto, (max-width: 170px) 100vw, 170px\" \/><\/a>BELLUNO<\/strong> La perimetrazione delle aree agricole di pregio, secondo la legge regionale 17 del 2022, sar\u00e0 definitivamente approvata oggi dal consiglio provinciale. La legge mira a promuovere l&#8217;energia rinnovabile preservando il suolo agricolo. Le aree idonee per impianti fotovoltaici comprendono aree industriali, discariche dismesse e altre. Le aree non idonee sono protette per motivi ambientali, storico-architettonici e agricoli. La Provincia di Belluno ha seguito il processo di perimetrazione con consulenti esterni e finanziamenti regionali, utilizzando metodologie indicate dalla Regione. La proposta \u00e8 stata condivisa con i Comuni e ora sar\u00e0 approvata definitivamente in consiglio provinciale.<\/p>\n<p>&nbsp;<\/p>\n<p>&nbsp;<\/p>\n<hr \/>\n<p>&nbsp;<\/p>\n<blockquote>\n<h3>INAUGURATO IL SENTIERO DI SANT&#8217;ANDREA A PONTE NELLE ALPI<\/h3>\n<\/blockquote>\n<p><strong><a class=\"dt-pswp-item\" href=\"https:\/\/www.radiopiu.net\/wordpress\/wp-content\/uploads\/2024\/04\/Inaugurato_il_sentiero.jpg\" data-dt-img-description=\"\" data-large_image_width=\"1600\" data-large_image_height=\"1024\"><img loading=\"lazy\" decoding=\"async\" class=\" wp-image-383183 alignleft\" src=\"https:\/\/www.radiopiu.net\/wordpress\/wp-content\/uploads\/2024\/04\/Inaugurato_il_sentiero-300x192.jpg\" alt=\"\" width=\"170\" height=\"109\" srcset=\"https:\/\/www.radiopiu.net\/wordpress\/wp-content\/uploads\/2024\/04\/Inaugurato_il_sentiero-300x192.jpg 300w, https:\/\/www.radiopiu.net\/wordpress\/wp-content\/uploads\/2024\/04\/Inaugurato_il_sentiero-1024x655.jpg 1024w, https:\/\/www.radiopiu.net\/wordpress\/wp-content\/uploads\/2024\/04\/Inaugurato_il_sentiero-768x492.jpg 768w, https:\/\/www.radiopiu.net\/wordpress\/wp-content\/uploads\/2024\/04\/Inaugurato_il_sentiero-1536x983.jpg 1536w, https:\/\/www.radiopiu.net\/wordpress\/wp-content\/uploads\/2024\/04\/Inaugurato_il_sentiero.jpg 1600w\" sizes=\"auto, (max-width: 170px) 100vw, 170px\" \/><\/a>PONTE NELLE ALPI<\/strong> Una festa a Polpet celebra la presentazione della mappa degli oronimi e l&#8217;apertura del sentiero di Sant&#8217;Andrea. Gabriella Caldart ha tracciato l&#8217;origine dei nomi locali, ringraziando chi ha contribuito alla ricerca. Il presidente del Comitato frazionale, Vincenzo Pra, ha elogiato il volontariato locale e le iniziative comunitarie. L&#8217;assessore Andrea Pontello e il presidente del Parco, Ennio Vigne, hanno anticipato il prossimo intervento sul sentiero di Rio Salere mentre il sindaco Paolo Vendramini ha ringraziato la cooperativa locale. L&#8217;evento \u00e8 proseguito a Sanidor con l&#8217;inaugurazione del percorso per la Chiesetta di Sant&#8217;Andrea.<\/p>\n<p>&nbsp;<\/p>\n<hr \/>\n<p>&nbsp;<\/p>\n<blockquote>\n<h2><strong>Riqualificazione della Palestra dell&#8217;Istituto Colotti a Feltre: Nuove Attivit\u00e0 Didattiche Entro il 2024<\/strong><\/h2>\n<\/blockquote>\n<p><strong><a class=\"dt-pswp-item\" href=\"https:\/\/www.radiopiu.net\/wordpress\/wp-content\/uploads\/2024\/04\/PHOTO-2024-04-08-13-24-03-3-1.jpg\" data-dt-img-description=\"\" data-large_image_width=\"1600\" data-large_image_height=\"1200\"><img loading=\"lazy\" decoding=\"async\" class=\" wp-image-383214 alignleft\" src=\"https:\/\/www.radiopiu.net\/wordpress\/wp-content\/uploads\/2024\/04\/PHOTO-2024-04-08-13-24-03-3-1-300x225.jpg\" alt=\"\" width=\"172\" height=\"129\" srcset=\"https:\/\/www.radiopiu.net\/wordpress\/wp-content\/uploads\/2024\/04\/PHOTO-2024-04-08-13-24-03-3-1-300x225.jpg 300w, https:\/\/www.radiopiu.net\/wordpress\/wp-content\/uploads\/2024\/04\/PHOTO-2024-04-08-13-24-03-3-1-1024x768.jpg 1024w, https:\/\/www.radiopiu.net\/wordpress\/wp-content\/uploads\/2024\/04\/PHOTO-2024-04-08-13-24-03-3-1-768x576.jpg 768w, https:\/\/www.radiopiu.net\/wordpress\/wp-content\/uploads\/2024\/04\/PHOTO-2024-04-08-13-24-03-3-1-1536x1152.jpg 1536w, https:\/\/www.radiopiu.net\/wordpress\/wp-content\/uploads\/2024\/04\/PHOTO-2024-04-08-13-24-03-3-1.jpg 1600w\" sizes=\"auto, (max-width: 172px) 100vw, 172px\" \/><\/a>FELTRE<\/strong>\u00a0 Entro la fine del 2024, sar\u00e0 completata la riqualificazione della palestra dell&#8217;Istituto Colotti, grazie ai lavori consegnati recentemente. La struttura, inutilizzabile da diversi anni, verr\u00e0 rigenerata grazie a un finanziamento di 600mila euro, di cui quasi 500mila provenienti dal Piano Ripresa e Resilienza. I lavori includeranno la posa di un nuovo pavimento adatto alle attivit\u00e0 sportive, l&#8217;installazione di serramenti e di un impianto di riscaldamento, insieme all&#8217;isolamento di pareti e tetto per garantire la riqualificazione energetica dell&#8217;edificio. Il cronoprogramma prevede dai 6 agli 8 mesi di lavori, con l&#8217;obiettivo di consegnare la palestra completamente rinnovata alla scuola e alla cittadinanza di Feltre nei primi mesi del nuovo anno scolastico.<\/p>\n<p>&nbsp;<\/p>\n<hr \/>\n<p>&nbsp;<\/p>\n<blockquote>\n<h3>POLIZIA DI STATO, PER LA PREVENZIONE E IL CONTRASTO DELLE TRUFFE AGLI ANZIANI<\/h3>\n<\/blockquote>\n<p><strong><a class=\"dt-pswp-item\" href=\"https:\/\/www.radiopiu.net\/wordpress\/wp-content\/uploads\/2024\/04\/PROGETTO-INSIEME-CONTRO-LE-TRUFFE_QUESTURA-DI-BELLUNO-1.jpg\" data-dt-img-description=\"\" data-large_image_width=\"1600\" data-large_image_height=\"1200\"><img loading=\"lazy\" decoding=\"async\" class=\" wp-image-383237 alignleft\" src=\"https:\/\/www.radiopiu.net\/wordpress\/wp-content\/uploads\/2024\/04\/PROGETTO-INSIEME-CONTRO-LE-TRUFFE_QUESTURA-DI-BELLUNO-1-300x225.jpg\" alt=\"\" width=\"271\" height=\"203\" srcset=\"https:\/\/www.radiopiu.net\/wordpress\/wp-content\/uploads\/2024\/04\/PROGETTO-INSIEME-CONTRO-LE-TRUFFE_QUESTURA-DI-BELLUNO-1-300x225.jpg 300w, https:\/\/www.radiopiu.net\/wordpress\/wp-content\/uploads\/2024\/04\/PROGETTO-INSIEME-CONTRO-LE-TRUFFE_QUESTURA-DI-BELLUNO-1-1024x768.jpg 1024w, https:\/\/www.radiopiu.net\/wordpress\/wp-content\/uploads\/2024\/04\/PROGETTO-INSIEME-CONTRO-LE-TRUFFE_QUESTURA-DI-BELLUNO-1-768x576.jpg 768w, https:\/\/www.radiopiu.net\/wordpress\/wp-content\/uploads\/2024\/04\/PROGETTO-INSIEME-CONTRO-LE-TRUFFE_QUESTURA-DI-BELLUNO-1-1536x1152.jpg 1536w, https:\/\/www.radiopiu.net\/wordpress\/wp-content\/uploads\/2024\/04\/PROGETTO-INSIEME-CONTRO-LE-TRUFFE_QUESTURA-DI-BELLUNO-1.jpg 1600w\" sizes=\"auto, (max-width: 271px) 100vw, 271px\" \/><\/a>BELLUNO<\/strong>\u00a0 La nuova campagna &#8220;Insieme, contro le truffe&#8221; \u00e8 stata presentata a Belluno, promossa da Aspiag Service (Despar),\u00a0 insieme alla Polizia di Stato e all&#8217;associazione ANACI. La campagna prevede la distribuzione di flyer informativi nei condomini e in alcuni punti vendita della provincia di Belluno. L&#8217;obiettivo \u00e8 sensibilizzare i cittadini sulla prevenzione e il riconoscimento delle truffe, soprattutto a danno delle persone anziane, e stabilire un collegamento diretto con le forze dell&#8217;ordine attraverso i numeri d&#8217;emergenza. La campagna, ideata in collaborazione con la Polizia di Stato e l&#8217;Associazione ANACI, rappresenta un esempio di sinergia tra il settore privato e le istituzioni pubbliche per garantire la sicurezza e la tutela dei cittadini. La presentazione si \u00e8 svolta presso la Questura di Belluno, coinvolgendo l&#8217;intera provincia con la distribuzione di opuscoli informativi realizzati dalla Polizia di Stato.<\/p>\n<div class=\"flex-1 overflow-hidden\">\n<div class=\"react-scroll-to-bottom--css-nihny-79elbk h-full\">\n<div class=\"react-scroll-to-bottom--css-nihny-1n7m0yu\">\n<div class=\"flex flex-col text-sm pb-9\">\n<div class=\"w-full text-token-text-primary\" data-testid=\"conversation-turn-81\">\n<div class=\"px-4 py-2 justify-center text-base md:gap-6 m-auto\">\n<div class=\"flex flex-1 text-base mx-auto gap-3 md:px-5 lg:px-1 xl:px-5 md:max-w-3xl lg:max-w-[40rem] xl:max-w-[48rem] group final-completion\">\n<div class=\"relative flex w-full flex-col agent-turn\">\n<div class=\"flex-col gap-1 md:gap-3\">\n<div class=\"flex flex-grow flex-col max-w-full\">\n<div class=\"min-h-[20px] text-message flex flex-col items-start gap-3 whitespace-pre-wrap break-words [.text-message+&amp;]:mt-5 overflow-x-auto\" data-message-author-role=\"assistant\" data-message-id=\"cb569874-0a70-4fea-8293-b0adf4d3022a\">\n<div class=\"markdown prose w-full break-words dark:prose-invert dark\">\n<blockquote><p><em>&#8220;Il Questore di Belluno, Francesco Zerilli, ha sottolineato l&#8217;importanza di contrastare il fenomeno delle truffe, specialmente quando coinvolgono persone anziane vulnerabili. Ha evidenziato l&#8217;impegno degli Uffici della Questura nel contrastare questi reati, con particolare attenzione alla prevenzione e all&#8217;investigazione. Zerilli ha espresso pieno sostegno all&#8217;iniziativa promossa da Aspiag Service, evidenziando la sintonia tra la Polizia di Stato e l&#8217;azienda nel proteggere le persone vulnerabili e ha auspicato una continua collaborazione in tal senso&#8221;.<\/em><\/p><\/blockquote>\n<\/div>\n<\/div>\n<\/div>\n<div class=\"mt-1 flex justify-start gap-3 empty:hidden\">\n<div class=\"text-gray-400 flex self-end lg:self-center items-center justify-center lg:justify-start mt-0 -ml-1 h-7 gap-[2px] visible\">\n<div class=\"flex\"><\/div>\n<div>\n<hr \/>\n<\/div>\n<div><\/div>\n<blockquote>\n<h3>BUON LAVORO DARIO, BUON LAVORO A TUTTO IL NUOVO DIRETTIVO<\/h3>\n<\/blockquote>\n<div>\n<p><img loading=\"lazy\" decoding=\"async\" class=\"alignleft\" src=\"https:\/\/www.radiopiu.net\/wordpress\/wp-content\/uploads\/2024\/04\/c5462410-59ce-aa54-827a-f123c8beb1df.jpg\" width=\"287\" height=\"190\" \/>AGORDO<\/p>\n<p>DI GIANNI SANTOMASO<\/p>\n<p>&nbsp;<\/p>\n<p><em>foto il riconfermato presidente con l&#8217;icona dolomitica, il granitico professor Vittorio Fenti, &#8220;portavoce&#8221; delle crode agordine.\u00a0<\/em><\/p>\n<audio class=\"wp-audio-shortcode\" id=\"audio-383123-10\" preload=\"none\" style=\"width: 100%;\" controls=\"controls\"><source type=\"audio\/mpeg\" src=\"https:\/\/www.radiopiu.net\/wordpress\/wp-content\/uploads\/2024\/04\/DARIO-DELLOSBEL-GIANNI.mp3?_=10\" \/><a href=\"https:\/\/www.radiopiu.net\/wordpress\/wp-content\/uploads\/2024\/04\/DARIO-DELLOSBEL-GIANNI.mp3\">https:\/\/www.radiopiu.net\/wordpress\/wp-content\/uploads\/2024\/04\/DARIO-DELLOSBEL-GIANNI.mp3<\/a><\/audio>\n<p>&nbsp;<\/p>\n<\/div>\n<div><\/div>\n<\/div>\n<\/div>\n<\/div>\n<\/div>\n<\/div>\n<\/div>\n<\/div>\n<\/div>\n<\/div>\n<\/div>\n<\/div>\n<div class=\"w-full pt-2 md:pt-0 dark:border-white\/20 md:border-transparent md:dark:border-transparent md:w-[calc(100%-.5rem)]\">\n<form class=\"stretch mx-2 flex flex-row gap-3 last:mb-2 md:mx-4 md:last:mb-6 lg:mx-auto lg:max-w-2xl xl:max-w-3xl\">\n<div class=\"relative flex h-full flex-1 flex-col\">\n<div class=\"absolute bottom-full left-0 right-0\"><\/div>\n<\/div>\n<\/form>\n<\/div>\n<p>&nbsp;<\/p>\n<hr \/>\n<p>&nbsp;<\/p>\n<blockquote>\n<h3>IL CIRCOLO CULTURALE SI RIUNISCE NEL RICORDO DI DON LORENZO<\/h3>\n<\/blockquote>\n<p><strong><img loading=\"lazy\" decoding=\"async\" class=\"alignleft\" src=\"https:\/\/www.radiopiu.net\/wordpress\/wp-content\/uploads\/2021\/07\/10364118_706292326103957_4699429107244899270_n.jpg\" width=\"134\" height=\"186\" \/>AGORDO<\/strong><\/p>\n<p><strong>DI GIANNI SANTOMASO\u00a0<\/strong><\/p>\n<audio class=\"wp-audio-shortcode\" id=\"audio-383123-11\" preload=\"none\" style=\"width: 100%;\" controls=\"controls\"><source type=\"audio\/mpeg\" src=\"https:\/\/www.radiopiu.net\/wordpress\/wp-content\/uploads\/2024\/04\/CIRCOLO-ASSEMBLEA-GIANNI.mp3?_=11\" \/><a href=\"https:\/\/www.radiopiu.net\/wordpress\/wp-content\/uploads\/2024\/04\/CIRCOLO-ASSEMBLEA-GIANNI.mp3\">https:\/\/www.radiopiu.net\/wordpress\/wp-content\/uploads\/2024\/04\/CIRCOLO-ASSEMBLEA-GIANNI.mp3<\/a><\/audio>\n<p>&nbsp;<\/p>\n<p><strong>FOTO, LA PRESIDENTE LIONELLA TONET<\/strong><\/p>\n<p><a class=\"dt-pswp-item\" href=\"https:\/\/www.radiopiu.net\/wordpress\/wp-content\/uploads\/2024\/04\/LIONELLA-TONET.png\" data-dt-img-description=\"\" data-large_image_width=\"244\" data-large_image_height=\"241\"><img loading=\"lazy\" decoding=\"async\" class=\"size-full wp-image-383290 aligncenter\" src=\"https:\/\/www.radiopiu.net\/wordpress\/wp-content\/uploads\/2024\/04\/LIONELLA-TONET.png\" alt=\"\" width=\"244\" height=\"241\" \/><\/a><\/p>\n<hr \/>\n<p>&nbsp;<\/p>\n<blockquote>\n<h3>CONSIGLI COMUNALI IN AGORDINO<\/h3>\n<\/blockquote>\n<p><strong>ROCCA PIETORE<\/strong> Consiglio comunale convocato dal sindaco Andrea De Bernardin oggi alle 18:30. Un solo punto da discutere: \u201dInterventi Integrativi Per La Messa In Sicurezza Dal Pericolo Di Caduta Valanghe Dell\u2019area Sciistica Padon \u2013 Marmolada<\/p>\n<p>&nbsp;<\/p>\n<p>&nbsp;<\/p>\n<hr \/>\n<p>&nbsp;<\/p>\n<p>&nbsp;<\/p>\n<blockquote>\n<h3>GESTIONE DEL MUSEO IN VALLE IMPERINA, C&#8217;E&#8217; IL BANDO<\/h3>\n<\/blockquote>\n<p><img loading=\"lazy\" decoding=\"async\" class=\"alignleft\" src=\"https:\/\/www.radiopiu.net\/wordpress\/wp-content\/uploads\/2023\/11\/OSTELLO-VALLE-IMPERINA.jpg\" width=\"143\" height=\"95\" \/><strong>RIVAMONTE<\/strong><\/p>\n<p><strong>DI GIANNI SANTOMASO<\/strong><\/p>\n<audio class=\"wp-audio-shortcode\" id=\"audio-383123-12\" preload=\"none\" style=\"width: 100%;\" controls=\"controls\"><source type=\"audio\/mpeg\" src=\"https:\/\/www.radiopiu.net\/wordpress\/wp-content\/uploads\/2024\/04\/BANDO-IMPERINA-GIANNI.mp3?_=12\" \/><a href=\"https:\/\/www.radiopiu.net\/wordpress\/wp-content\/uploads\/2024\/04\/BANDO-IMPERINA-GIANNI.mp3\">https:\/\/www.radiopiu.net\/wordpress\/wp-content\/uploads\/2024\/04\/BANDO-IMPERINA-GIANNI.mp3<\/a><\/audio>\n<p>&nbsp;<\/p>\n<p>&nbsp;<\/p>\n<hr \/>\n<p>&nbsp;<\/p>\n<blockquote>\n<h3>TRE SERATE DEDICATE ALLA MONTAGNA<\/h3>\n<\/blockquote>\n<p><strong><a class=\"dt-pswp-item\" href=\"https:\/\/www.radiopiu.net\/wordpress\/wp-content\/uploads\/2024\/04\/WhatsApp-Image-2024-03-20-at-09.58.06.jpeg\" data-dt-img-description=\"\" data-large_image_width=\"1600\" data-large_image_height=\"1131\"><img loading=\"lazy\" decoding=\"async\" class=\" wp-image-383179 alignleft\" src=\"https:\/\/www.radiopiu.net\/wordpress\/wp-content\/uploads\/2024\/04\/WhatsApp-Image-2024-03-20-at-09.58.06-300x212.jpeg\" alt=\"\" width=\"161\" height=\"114\" srcset=\"https:\/\/www.radiopiu.net\/wordpress\/wp-content\/uploads\/2024\/04\/WhatsApp-Image-2024-03-20-at-09.58.06-300x212.jpeg 300w, https:\/\/www.radiopiu.net\/wordpress\/wp-content\/uploads\/2024\/04\/WhatsApp-Image-2024-03-20-at-09.58.06-1024x724.jpeg 1024w, https:\/\/www.radiopiu.net\/wordpress\/wp-content\/uploads\/2024\/04\/WhatsApp-Image-2024-03-20-at-09.58.06-768x543.jpeg 768w, https:\/\/www.radiopiu.net\/wordpress\/wp-content\/uploads\/2024\/04\/WhatsApp-Image-2024-03-20-at-09.58.06-1536x1086.jpeg 1536w, https:\/\/www.radiopiu.net\/wordpress\/wp-content\/uploads\/2024\/04\/WhatsApp-Image-2024-03-20-at-09.58.06.jpeg 1600w\" sizes=\"auto, (max-width: 161px) 100vw, 161px\" \/><\/a>BORGO VALBELLUNA<\/strong> &#8220;Graffi. Storie di Uomini e Montagne&#8221; \u00e8 un progetto che esplora il legame profondo tra montagna e umanit\u00e0, evidenziando vite intrecciate con la terra e l&#8217;ambiente. Tre autori &#8211; Antonio Bortoluzzi, Paolo Cognetti e Paolo Malaguti &#8211; raccontano storie di vita autentica, ambientate tra rocce, valli, boschi e fiumi. Le serate prevedono letture ad alta voce dei loro libri, eseguite dal gruppo &#8220;Voci di Passaggio&#8221;, intermezzi musicali e dialoghi con gli autori. Le date sono il 11 aprile a Trichiana con Bortoluzzi, il 26 aprile a Mel con Cognetti (in video), e il 2 maggio a Trichiana con Malaguti. Organizzato da &#8220;Civicamente APS&#8221; e il gruppo &#8220;Voci di Passaggio&#8221;, in collaborazione con l&#8217;Amministrazione Comunale di Borgo Valbelluna.<\/p>\n<p>&nbsp;<\/p>\n<p>&nbsp;<\/p>\n<hr \/>\n<p>&nbsp;<\/p>\n<blockquote>\n<h3>IL LIBRO &#8220;IL CORAGGIO E LA PASSIONE&#8221; PROTAGONISTA IN DUE APPUNTAMENTI<\/h3>\n<\/blockquote>\n<p><strong><a class=\"dt-pswp-item\" href=\"https:\/\/www.radiopiu.net\/wordpress\/wp-content\/uploads\/2024\/04\/SCR-20240406-tska.jpeg\" data-dt-img-description=\"\" data-large_image_width=\"1544\" data-large_image_height=\"1048\"><img loading=\"lazy\" decoding=\"async\" class=\" wp-image-382905 alignleft\" src=\"https:\/\/www.radiopiu.net\/wordpress\/wp-content\/uploads\/2024\/04\/SCR-20240406-tska-300x204.jpeg\" alt=\"\" width=\"168\" height=\"114\" srcset=\"https:\/\/www.radiopiu.net\/wordpress\/wp-content\/uploads\/2024\/04\/SCR-20240406-tska-300x204.jpeg 300w, https:\/\/www.radiopiu.net\/wordpress\/wp-content\/uploads\/2024\/04\/SCR-20240406-tska-1024x695.jpeg 1024w, https:\/\/www.radiopiu.net\/wordpress\/wp-content\/uploads\/2024\/04\/SCR-20240406-tska-768x521.jpeg 768w, https:\/\/www.radiopiu.net\/wordpress\/wp-content\/uploads\/2024\/04\/SCR-20240406-tska-1536x1043.jpeg 1536w, https:\/\/www.radiopiu.net\/wordpress\/wp-content\/uploads\/2024\/04\/SCR-20240406-tska.jpeg 1544w\" sizes=\"auto, (max-width: 168px) 100vw, 168px\" \/><\/a>BELLUNO<\/strong> Il libro &#8220;Il coraggio e la passione&#8221;, curato da Franco e Silvia Comin con la direzione scientifica di Enrico Bacchetti, Diego Cason e Adriana Lotto, continua la serie di presentazioni. Oggi, alle 18:00, presso il Centro culturale di Santa Giustina, si terr\u00e0 il primo evento, con i saluti dell&#8217;Amministrazione comunale seguiti dagli interventi dei curatori e dei coordinatori. L&#8217;incontro, organizzato dal Comune di Santa Giustina, dall&#8217;Isbcre e dall&#8217;Anpi, \u00e8 ad ingresso libero. Venerd\u00ec 12 aprile, alle 20:30, sar\u00e0 la volta del Municipio di Limana, con la consegna della Costituzione italiana ai neo diciottenni e della cittadinanza simbolica ai minori stranieri residenti. L&#8217;evento, promosso dal Comune di Limana insieme a Isbrec e Anpi, \u00e8 aperto a tutti.<\/p>\n<p>&nbsp;<\/p>\n<hr \/>\n<p>&nbsp;<\/p>\n<blockquote>\n<h3>Celebrazione dei 70 anni del Soccorso Alpino sulla Marmolada: una fiaccolata indimenticabile sulla pista &#8220;Bellunese&#8221;<\/h3>\n<\/blockquote>\n<p>&nbsp;<\/p>\n<p><strong>ROCCA PIETORE<\/strong> Nel suggestivo scenario della Marmolada, il Soccorso Alpino Nazionale ha celebrato i suoi 70 anni con una fiaccolata mozzafiato lungo la pista &#8220;Bellunese&#8221;. L&#8217;evento, ospitato dalla Stazione del Soccorso Alpino della Val Pettorina a Rocca Pietore, ha visto la partecipazione di numerosi soccorritori e appassionati. La pista, considerata la pi\u00f9 bella d&#8217;Europa, ha fornito lo sfondo perfetto per questa commemorazione speciale.<\/p>\n<blockquote><p><em>La Stazione ospitante della Val Pettorina ringrazia tutti i partecipanti<\/em><\/p><\/blockquote>\n<p>VIDEO<\/p>\n<div style=\"width: 848px;\" class=\"wp-video\"><video class=\"wp-video-shortcode\" id=\"video-383123-1\" width=\"848\" height=\"478\" preload=\"metadata\" controls=\"controls\"><source type=\"video\/mp4\" src=\"https:\/\/www.radiopiu.net\/wordpress\/wp-content\/uploads\/2024\/04\/WhatsApp-Video-2024-04-08-at-21.08.20.mp4?_=1\" \/><a href=\"https:\/\/www.radiopiu.net\/wordpress\/wp-content\/uploads\/2024\/04\/WhatsApp-Video-2024-04-08-at-21.08.20.mp4\">https:\/\/www.radiopiu.net\/wordpress\/wp-content\/uploads\/2024\/04\/WhatsApp-Video-2024-04-08-at-21.08.20.mp4<\/a><\/video><\/div>\n<p>&nbsp;<\/p>\n<p>FOTO<\/p>\n\n\t\t\t<style type='text\/css'>\n\t\t\t\t#gallery-2 {\n\t\t\t\t\tmargin: auto;\n\t\t\t\t}\n\t\t\t\t#gallery-2 .gallery-item {\n\t\t\t\t\tfloat: left;\n\t\t\t\t\tmargin-top: 10px;\n\t\t\t\t\ttext-align: center;\n\t\t\t\t\twidth: 16%;\n\t\t\t\t}\n\t\t\t\t#gallery-2 img {\n\t\t\t\t\tborder: 2px solid #cfcfcf;\n\t\t\t\t}\n\t\t\t\t#gallery-2 .gallery-caption {\n\t\t\t\t\tmargin-left: 0;\n\t\t\t\t}\n\t\t\t\t\/* see gallery_shortcode() in wp-includes\/media.php *\/\n\t\t\t<\/style>\n\t\t<div id='gallery-2' class='dt-gallery-container gallery galleryid-383123 gallery-columns-6 gallery-size-thumbnail'><dl class='gallery-item'>\n\t\t\t\t<dt class='gallery-icon landscape'>\n\t\t\t\t\t<a class=\"rollover rollover-zoom dt-pswp-item\" title=\"2b563670-0118-4232-813d-6d81c01cf73a\" data-dt-img-description=\"\" data-large_image_width=\"1600\" data-large_image_height=\"1204\"href='https:\/\/www.radiopiu.net\/wordpress\/wp-content\/uploads\/2024\/04\/2b563670-0118-4232-813d-6d81c01cf73a.jpg'><img loading=\"lazy\" decoding=\"async\" width=\"150\" height=\"150\" src=\"https:\/\/www.radiopiu.net\/wordpress\/wp-content\/uploads\/2024\/04\/2b563670-0118-4232-813d-6d81c01cf73a-150x150.jpg\" class=\"attachment-thumbnail size-thumbnail\" alt=\"\" \/><\/a>\n\t\t\t\t<\/dt><\/dl><dl class='gallery-item'>\n\t\t\t\t<dt class='gallery-icon landscape'>\n\t\t\t\t\t<a class=\"rollover rollover-zoom dt-pswp-item\" title=\"91a062d4-d030-40f8-8854-bbfc03f3af4e\" data-dt-img-description=\"\" data-large_image_width=\"1600\" data-large_image_height=\"1204\"href='https:\/\/www.radiopiu.net\/wordpress\/wp-content\/uploads\/2024\/04\/91a062d4-d030-40f8-8854-bbfc03f3af4e.jpg'><img loading=\"lazy\" decoding=\"async\" width=\"150\" height=\"150\" src=\"https:\/\/www.radiopiu.net\/wordpress\/wp-content\/uploads\/2024\/04\/91a062d4-d030-40f8-8854-bbfc03f3af4e-150x150.jpg\" class=\"attachment-thumbnail size-thumbnail\" alt=\"\" \/><\/a>\n\t\t\t\t<\/dt><\/dl><dl class='gallery-item'>\n\t\t\t\t<dt class='gallery-icon landscape'>\n\t\t\t\t\t<a class=\"rollover rollover-zoom dt-pswp-item\" title=\"52e28701-cea1-4bb6-9d12-43642cb6cd69\" data-dt-img-description=\"\" data-large_image_width=\"1600\" data-large_image_height=\"1204\"href='https:\/\/www.radiopiu.net\/wordpress\/wp-content\/uploads\/2024\/04\/52e28701-cea1-4bb6-9d12-43642cb6cd69.jpg'><img loading=\"lazy\" decoding=\"async\" width=\"150\" height=\"150\" src=\"https:\/\/www.radiopiu.net\/wordpress\/wp-content\/uploads\/2024\/04\/52e28701-cea1-4bb6-9d12-43642cb6cd69-150x150.jpg\" class=\"attachment-thumbnail size-thumbnail\" alt=\"\" \/><\/a>\n\t\t\t\t<\/dt><\/dl><dl class='gallery-item'>\n\t\t\t\t<dt class='gallery-icon landscape'>\n\t\t\t\t\t<a class=\"rollover rollover-zoom dt-pswp-item\" title=\"188e3e98-e7b9-4233-a790-de8dae9e4598\" data-dt-img-description=\"\" data-large_image_width=\"1600\" data-large_image_height=\"1200\"href='https:\/\/www.radiopiu.net\/wordpress\/wp-content\/uploads\/2024\/04\/188e3e98-e7b9-4233-a790-de8dae9e4598.jpg'><img loading=\"lazy\" decoding=\"async\" width=\"150\" height=\"150\" src=\"https:\/\/www.radiopiu.net\/wordpress\/wp-content\/uploads\/2024\/04\/188e3e98-e7b9-4233-a790-de8dae9e4598-150x150.jpg\" class=\"attachment-thumbnail size-thumbnail\" alt=\"\" \/><\/a>\n\t\t\t\t<\/dt><\/dl><dl class='gallery-item'>\n\t\t\t\t<dt class='gallery-icon landscape'>\n\t\t\t\t\t<a class=\"rollover rollover-zoom dt-pswp-item\" title=\"f8ffb551-9dcc-4b2f-a8dc-9d884219a929\" data-dt-img-description=\"\" data-large_image_width=\"1600\" data-large_image_height=\"1200\"href='https:\/\/www.radiopiu.net\/wordpress\/wp-content\/uploads\/2024\/04\/f8ffb551-9dcc-4b2f-a8dc-9d884219a929.jpg'><img loading=\"lazy\" decoding=\"async\" width=\"150\" height=\"150\" src=\"https:\/\/www.radiopiu.net\/wordpress\/wp-content\/uploads\/2024\/04\/f8ffb551-9dcc-4b2f-a8dc-9d884219a929-150x150.jpg\" class=\"attachment-thumbnail size-thumbnail\" alt=\"\" \/><\/a>\n\t\t\t\t<\/dt><\/dl><dl class='gallery-item'>\n\t\t\t\t<dt class='gallery-icon landscape'>\n\t\t\t\t\t<a class=\"rollover rollover-zoom dt-pswp-item\" title=\"33d8969c-c0a8-40bf-806b-53e9fc743ece\" data-dt-img-description=\"\" data-large_image_width=\"1600\" data-large_image_height=\"1200\"href='https:\/\/www.radiopiu.net\/wordpress\/wp-content\/uploads\/2024\/04\/33d8969c-c0a8-40bf-806b-53e9fc743ece.jpg'><img loading=\"lazy\" decoding=\"async\" width=\"150\" height=\"150\" src=\"https:\/\/www.radiopiu.net\/wordpress\/wp-content\/uploads\/2024\/04\/33d8969c-c0a8-40bf-806b-53e9fc743ece-150x150.jpg\" class=\"attachment-thumbnail size-thumbnail\" alt=\"\" \/><\/a>\n\t\t\t\t<\/dt><\/dl><br style=\"clear: both\" \/><dl class='gallery-item'>\n\t\t\t\t<dt class='gallery-icon landscape'>\n\t\t\t\t\t<a class=\"rollover rollover-zoom dt-pswp-item\" title=\"9763cf5d-2632-4d77-9c48-529e73adc9de\" data-dt-img-description=\"\" data-large_image_width=\"1600\" data-large_image_height=\"1204\"href='https:\/\/www.radiopiu.net\/wordpress\/wp-content\/uploads\/2024\/04\/9763cf5d-2632-4d77-9c48-529e73adc9de.jpg'><img loading=\"lazy\" decoding=\"async\" width=\"150\" height=\"150\" src=\"https:\/\/www.radiopiu.net\/wordpress\/wp-content\/uploads\/2024\/04\/9763cf5d-2632-4d77-9c48-529e73adc9de-150x150.jpg\" class=\"attachment-thumbnail size-thumbnail\" alt=\"\" \/><\/a>\n\t\t\t\t<\/dt><\/dl><dl class='gallery-item'>\n\t\t\t\t<dt class='gallery-icon landscape'>\n\t\t\t\t\t<a class=\"rollover rollover-zoom dt-pswp-item\" title=\"00b7e057-a8c1-4db2-98b7-5a565fbb5973\" data-dt-img-description=\"\" data-large_image_width=\"1600\" data-large_image_height=\"1204\"href='https:\/\/www.radiopiu.net\/wordpress\/wp-content\/uploads\/2024\/04\/00b7e057-a8c1-4db2-98b7-5a565fbb5973.jpg'><img loading=\"lazy\" decoding=\"async\" width=\"150\" height=\"150\" src=\"https:\/\/www.radiopiu.net\/wordpress\/wp-content\/uploads\/2024\/04\/00b7e057-a8c1-4db2-98b7-5a565fbb5973-150x150.jpg\" class=\"attachment-thumbnail size-thumbnail\" alt=\"\" \/><\/a>\n\t\t\t\t<\/dt><\/dl><dl class='gallery-item'>\n\t\t\t\t<dt class='gallery-icon landscape'>\n\t\t\t\t\t<a class=\"rollover rollover-zoom dt-pswp-item\" title=\"b6c82beb-6ade-4f65-bfab-e99721e21a27\" data-dt-img-description=\"\" data-large_image_width=\"1600\" data-large_image_height=\"1204\"href='https:\/\/www.radiopiu.net\/wordpress\/wp-content\/uploads\/2024\/04\/b6c82beb-6ade-4f65-bfab-e99721e21a27.jpg'><img loading=\"lazy\" decoding=\"async\" width=\"150\" height=\"150\" src=\"https:\/\/www.radiopiu.net\/wordpress\/wp-content\/uploads\/2024\/04\/b6c82beb-6ade-4f65-bfab-e99721e21a27-150x150.jpg\" class=\"attachment-thumbnail size-thumbnail\" alt=\"\" \/><\/a>\n\t\t\t\t<\/dt><\/dl><dl class='gallery-item'>\n\t\t\t\t<dt class='gallery-icon landscape'>\n\t\t\t\t\t<a class=\"rollover rollover-zoom dt-pswp-item\" title=\"7c048628-6f30-4d04-8c36-114ac847791b\" data-dt-img-description=\"\" data-large_image_width=\"1600\" data-large_image_height=\"1204\"href='https:\/\/www.radiopiu.net\/wordpress\/wp-content\/uploads\/2024\/04\/7c048628-6f30-4d04-8c36-114ac847791b.jpg'><img loading=\"lazy\" decoding=\"async\" width=\"150\" height=\"150\" src=\"https:\/\/www.radiopiu.net\/wordpress\/wp-content\/uploads\/2024\/04\/7c048628-6f30-4d04-8c36-114ac847791b-150x150.jpg\" class=\"attachment-thumbnail size-thumbnail\" alt=\"\" \/><\/a>\n\t\t\t\t<\/dt><\/dl><dl class='gallery-item'>\n\t\t\t\t<dt class='gallery-icon landscape'>\n\t\t\t\t\t<a class=\"rollover rollover-zoom dt-pswp-item\" title=\"eb5e666a-d103-45d4-9375-239abd84e133\" data-dt-img-description=\"\" data-large_image_width=\"1600\" data-large_image_height=\"1204\"href='https:\/\/www.radiopiu.net\/wordpress\/wp-content\/uploads\/2024\/04\/eb5e666a-d103-45d4-9375-239abd84e133.jpg'><img loading=\"lazy\" decoding=\"async\" width=\"150\" height=\"150\" src=\"https:\/\/www.radiopiu.net\/wordpress\/wp-content\/uploads\/2024\/04\/eb5e666a-d103-45d4-9375-239abd84e133-150x150.jpg\" class=\"attachment-thumbnail size-thumbnail\" alt=\"\" \/><\/a>\n\t\t\t\t<\/dt><\/dl><dl class='gallery-item'>\n\t\t\t\t<dt class='gallery-icon landscape'>\n\t\t\t\t\t<a class=\"rollover rollover-zoom dt-pswp-item\" title=\"ec265486-9e68-4e41-baf6-dafaed65cad4\" data-dt-img-description=\"\" data-large_image_width=\"1600\" data-large_image_height=\"1204\"href='https:\/\/www.radiopiu.net\/wordpress\/wp-content\/uploads\/2024\/04\/ec265486-9e68-4e41-baf6-dafaed65cad4.jpg'><img loading=\"lazy\" decoding=\"async\" width=\"150\" height=\"150\" src=\"https:\/\/www.radiopiu.net\/wordpress\/wp-content\/uploads\/2024\/04\/ec265486-9e68-4e41-baf6-dafaed65cad4-150x150.jpg\" class=\"attachment-thumbnail size-thumbnail\" alt=\"\" \/><\/a>\n\t\t\t\t<\/dt><\/dl><br style=\"clear: both\" \/>\n\t\t\t<\/div>\n\n<p>&nbsp;<\/p>\n<p>&nbsp;<\/p>\n<p>&nbsp;<\/p>\n<hr \/>\n<p>&nbsp;<\/p>\n<blockquote>\n<h2>\u00a0in vallata:<\/h2>\n<\/blockquote>\n\n\t\t\t<style type='text\/css'>\n\t\t\t\t#gallery-3 {\n\t\t\t\t\tmargin: auto;\n\t\t\t\t}\n\t\t\t\t#gallery-3 .gallery-item {\n\t\t\t\t\tfloat: left;\n\t\t\t\t\tmargin-top: 10px;\n\t\t\t\t\ttext-align: center;\n\t\t\t\t\twidth: 50%;\n\t\t\t\t}\n\t\t\t\t#gallery-3 img {\n\t\t\t\t\tborder: 2px solid #cfcfcf;\n\t\t\t\t}\n\t\t\t\t#gallery-3 .gallery-caption {\n\t\t\t\t\tmargin-left: 0;\n\t\t\t\t}\n\t\t\t\t\/* see gallery_shortcode() in wp-includes\/media.php *\/\n\t\t\t<\/style>\n\t\t<div id='gallery-3' class='dt-gallery-container gallery galleryid-383123 gallery-columns-2 gallery-size-medium'><dl class='gallery-item'>\n\t\t\t\t<dt class='gallery-icon portrait'>\n\t\t\t\t\t<a class=\"rollover rollover-zoom dt-pswp-item\" title=\"44acb3a3-e80a-42eb-a834-cb187a9ef8ea\" data-dt-img-description=\"\" data-large_image_width=\"1132\" data-large_image_height=\"1600\"href='https:\/\/www.radiopiu.net\/wordpress\/wp-content\/uploads\/2024\/03\/44acb3a3-e80a-42eb-a834-cb187a9ef8ea.jpg'><img loading=\"lazy\" decoding=\"async\" width=\"212\" height=\"300\" src=\"https:\/\/www.radiopiu.net\/wordpress\/wp-content\/uploads\/2024\/03\/44acb3a3-e80a-42eb-a834-cb187a9ef8ea-212x300.jpg\" class=\"attachment-medium size-medium\" alt=\"\" srcset=\"https:\/\/www.radiopiu.net\/wordpress\/wp-content\/uploads\/2024\/03\/44acb3a3-e80a-42eb-a834-cb187a9ef8ea-212x300.jpg 212w, https:\/\/www.radiopiu.net\/wordpress\/wp-content\/uploads\/2024\/03\/44acb3a3-e80a-42eb-a834-cb187a9ef8ea-724x1024.jpg 724w, https:\/\/www.radiopiu.net\/wordpress\/wp-content\/uploads\/2024\/03\/44acb3a3-e80a-42eb-a834-cb187a9ef8ea-768x1086.jpg 768w, https:\/\/www.radiopiu.net\/wordpress\/wp-content\/uploads\/2024\/03\/44acb3a3-e80a-42eb-a834-cb187a9ef8ea-1087x1536.jpg 1087w, https:\/\/www.radiopiu.net\/wordpress\/wp-content\/uploads\/2024\/03\/44acb3a3-e80a-42eb-a834-cb187a9ef8ea.jpg 1132w\" sizes=\"auto, (max-width: 212px) 100vw, 212px\" \/><\/a>\n\t\t\t\t<\/dt><\/dl><dl class='gallery-item'>\n\t\t\t\t<dt class='gallery-icon portrait'>\n\t\t\t\t\t<a class=\"rollover rollover-zoom dt-pswp-item\" title=\"d02fe35d-334c-4039-81d3-508c3e863bed\" data-dt-img-description=\"\" data-large_image_width=\"1136\" data-large_image_height=\"1600\"href='https:\/\/www.radiopiu.net\/wordpress\/wp-content\/uploads\/2024\/04\/d02fe35d-334c-4039-81d3-508c3e863bed.jpg'><img loading=\"lazy\" decoding=\"async\" width=\"213\" height=\"300\" src=\"https:\/\/www.radiopiu.net\/wordpress\/wp-content\/uploads\/2024\/04\/d02fe35d-334c-4039-81d3-508c3e863bed-213x300.jpg\" class=\"attachment-medium size-medium\" alt=\"\" srcset=\"https:\/\/www.radiopiu.net\/wordpress\/wp-content\/uploads\/2024\/04\/d02fe35d-334c-4039-81d3-508c3e863bed-213x300.jpg 213w, https:\/\/www.radiopiu.net\/wordpress\/wp-content\/uploads\/2024\/04\/d02fe35d-334c-4039-81d3-508c3e863bed-727x1024.jpg 727w, https:\/\/www.radiopiu.net\/wordpress\/wp-content\/uploads\/2024\/04\/d02fe35d-334c-4039-81d3-508c3e863bed-768x1082.jpg 768w, https:\/\/www.radiopiu.net\/wordpress\/wp-content\/uploads\/2024\/04\/d02fe35d-334c-4039-81d3-508c3e863bed-1091x1536.jpg 1091w, https:\/\/www.radiopiu.net\/wordpress\/wp-content\/uploads\/2024\/04\/d02fe35d-334c-4039-81d3-508c3e863bed.jpg 1136w\" sizes=\"auto, (max-width: 213px) 100vw, 213px\" \/><\/a>\n\t\t\t\t<\/dt><\/dl><br style=\"clear: both\" \/>\n\t\t\t<\/div>\n\n<p>&nbsp;<\/p>\n<p>&nbsp;<\/p>\n<hr \/>\n<p>&nbsp;<\/p>\n<blockquote class=\"wp-embedded-content\" data-secret=\"lYSXJskOWF\"><p><a href=\"https:\/\/www.radiopiu.net\/wordpress\/grma1\/\">IL GIORMALE RADIO DI MARCO DAL FARRA &#8211; LA RACCOLTA<\/a><\/p><\/blockquote>\n<p><iframe loading=\"lazy\" class=\"wp-embedded-content\" sandbox=\"allow-scripts\" security=\"restricted\" style=\"position: absolute; clip: rect(1px, 1px, 1px, 1px);\" title=\"&#8220;IL GIORMALE RADIO DI MARCO DAL FARRA &#8211; LA RACCOLTA&#8221; &#8212; Radio Pi\u00f9\" src=\"https:\/\/www.radiopiu.net\/wordpress\/grma1\/embed\/#?secret=vaowjuKv4J#?secret=lYSXJskOWF\" data-secret=\"lYSXJskOWF\" width=\"600\" height=\"338\" frameborder=\"0\" marginwidth=\"0\" marginheight=\"0\" scrolling=\"no\"><\/iframe><\/p>\n<p>&nbsp;<\/p>\n<p>&nbsp;<\/p>\n<hr \/>\n<p>&nbsp;<\/p>\n<blockquote>\n<h3>ULTIMI GIORNI PER OSSERVARE LA COMETA<\/h3>\n<\/blockquote>\n<p><strong><a class=\"dt-pswp-item\" href=\"https:\/\/www.radiopiu.net\/wordpress\/wp-content\/uploads\/2024\/04\/52fed400-deaa-4c04-afbf-75342da251ff.jpg\" data-dt-img-description=\"\" data-large_image_width=\"1073\" data-large_image_height=\"1358\"><img loading=\"lazy\" decoding=\"async\" class=\" wp-image-383190 alignleft\" src=\"https:\/\/www.radiopiu.net\/wordpress\/wp-content\/uploads\/2024\/04\/52fed400-deaa-4c04-afbf-75342da251ff-237x300.jpg\" alt=\"\" width=\"149\" height=\"189\" srcset=\"https:\/\/www.radiopiu.net\/wordpress\/wp-content\/uploads\/2024\/04\/52fed400-deaa-4c04-afbf-75342da251ff-237x300.jpg 237w, https:\/\/www.radiopiu.net\/wordpress\/wp-content\/uploads\/2024\/04\/52fed400-deaa-4c04-afbf-75342da251ff-809x1024.jpg 809w, https:\/\/www.radiopiu.net\/wordpress\/wp-content\/uploads\/2024\/04\/52fed400-deaa-4c04-afbf-75342da251ff-768x972.jpg 768w, https:\/\/www.radiopiu.net\/wordpress\/wp-content\/uploads\/2024\/04\/52fed400-deaa-4c04-afbf-75342da251ff.jpg 1073w\" sizes=\"auto, (max-width: 149px) 100vw, 149px\" \/><\/a>di Claudio Pra<\/strong><\/p>\n<p>Ultimi giorni per l&#8217;osservazione della luminosa cometa Pons-Brooks, avviata verso il punto della sua orbita pi\u00f9 vicino al Sole, osservabile verso nord ovest con un piccolo binocolo dopo il tramonto, un p\u00f3 a destra del vistoso pianeta Giove, facilmente riconoscibile ad occhio nudo come l&#8217;astro pi\u00f9 brillante del cielo. Le condizioni osservative sono in graduale peggioramento con l&#8217; &#8220;astro chiomato&#8221; sempre pi\u00f9 basso e fra pochi giorni immerso in un cielo non pi\u00f9 completamente buio, con la Luna crescente che a sua volta comincer\u00e0 a disturbare. Il 10 aprile la cometa passer\u00e0 appena al di sotto di Giove e di un falcetto lunare di un paio di giorni e quella sar\u00e0 una delle ultimissime occasione per salutarla, dopodich\u00e9 andr\u00e0 incontro Sole toccando la minima distanza il 21 aprile, cominciando in seguito il suo allontanamento per tornare fra una settantina di anni.<\/p>\n<p>&nbsp;<\/p>\n<hr \/>\n<p>&nbsp;<\/p>\n<blockquote>\n<h2>I BIGLIETTI VINCENTI DELLA LOTTERIA DELL&#8217;ASSOCIAZIONE DANZA AGORDINA<\/h2>\n<\/blockquote>\n<p>&nbsp;<\/p>\n<p>***<\/p>\n<p>&nbsp;<\/p>\n<p>&nbsp;<\/p>\n<p>ECCO L&#8217;ELENTO DEI BIGLIETTI ESTRATTI ALLA LOTTERIA &#8220;ADANZARFORTUNA 2024&#8221;.\u00a0 Per il ritiro dei premi rivolgersi al negozio MaxStore, centro commerciale La Corte Agordina, info 348 8062103 entro e non oltre il 24 giugno<\/p>\n<p><img loading=\"lazy\" decoding=\"async\" class=\"aligncenter\" src=\"https:\/\/www.radiopiu.net\/wordpress\/wp-content\/uploads\/2020\/05\/ASSOCIAZIONE-DANZA-AGORDINA.jpg\" width=\"269\" height=\"179\" \/><\/p>\n<p>&nbsp;<\/p>\n<div class=\"flex-1 overflow-hidden\">\n<div class=\"react-scroll-to-bottom--css-nihny-79elbk h-full\">\n<div class=\"react-scroll-to-bottom--css-nihny-1n7m0yu\">\n<div class=\"flex flex-col text-sm pb-9\">\n<div class=\"w-full text-token-text-primary\" data-testid=\"conversation-turn-83\">\n<div class=\"px-4 py-2 justify-center text-base md:gap-6 m-auto\">\n<div class=\"flex flex-1 text-base mx-auto gap-3 md:px-5 lg:px-1 xl:px-5 md:max-w-3xl lg:max-w-[40rem] xl:max-w-[48rem] group final-completion\">\n<div class=\"relative flex w-full flex-col agent-turn\">\n<div class=\"flex-col gap-1 md:gap-3\">\n<div class=\"flex flex-grow flex-col max-w-full\">\n<div class=\"min-h-[20px] text-message flex flex-col items-start gap-3 whitespace-pre-wrap break-words [.text-message+&amp;]:mt-5 overflow-x-auto\" data-message-author-role=\"assistant\" data-message-id=\"cc9eb002-5ca2-473a-9b01-78dca2398d1d\">\n<div class=\"markdown prose w-full break-words dark:prose-invert dark\">\n<table>\n<thead>\n<tr>\n<th>Premio<\/th>\n<th>Descrizione<\/th>\n<th>Numero Biglietto<\/th>\n<\/tr>\n<\/thead>\n<tbody>\n<tr>\n<td>1<\/td>\n<td>Smartwatch Citizen CZ smart<\/td>\n<td>3935<\/td>\n<\/tr>\n<tr>\n<td>2<\/td>\n<td>Friggitrice ad aria Philips serie XL<\/td>\n<td>1784<\/td>\n<\/tr>\n<tr>\n<td>3<\/td>\n<td>Gift card 150 euro Superw<\/td>\n<td>0492<\/td>\n<\/tr>\n<tr>\n<td>4<\/td>\n<td>Tablet smartpad iyo 10 Mediacom<\/td>\n<td>1840<\/td>\n<\/tr>\n<tr>\n<td>5<\/td>\n<td>Mese di lezioni aperte per ragazzi ASD ADA<\/td>\n<td>5251<\/td>\n<\/tr>\n<tr>\n<td>6<\/td>\n<td>Cena per due persone ristorante &#8220;Il postin&#8221; di Caprile<\/td>\n<td>2990<\/td>\n<\/tr>\n<tr>\n<td>7<\/td>\n<td>Pranzo per due persone Rifugio Carestiato<\/td>\n<td>5410<\/td>\n<\/tr>\n<tr>\n<td>8<\/td>\n<td>Taglio e piega salone Sonia e Monica<\/td>\n<td>0215<\/td>\n<\/tr>\n<tr>\n<td>9<\/td>\n<td>Taglio e piega salone New look<\/td>\n<td>2068<\/td>\n<\/tr>\n<tr>\n<td>10<\/td>\n<td>Corso 10 lezioni fitness adulti ASD ADA<\/td>\n<td>2514<\/td>\n<\/tr>\n<tr>\n<td>11<\/td>\n<td>Buono 50 euro MAXSTORE abbigliamento &#8211; Agordo<\/td>\n<td>5554<\/td>\n<\/tr>\n<tr>\n<td>12<\/td>\n<td>Paio scarpe Only Deniand abbigliamento &#8211; Agordo<\/td>\n<td>4294<\/td>\n<\/tr>\n<tr>\n<td>13<\/td>\n<td>Due pizze con bibita Pizzeria Agordina<\/td>\n<td>3304<\/td>\n<\/tr>\n<tr>\n<td>14<\/td>\n<td>Parure lenzuola matrimoniali<\/td>\n<td>0763<\/td>\n<\/tr>\n<tr>\n<td>15<\/td>\n<td>Tuta Champion bambino Deniand abbigliamento &#8211; Agordo<\/td>\n<td>3444<\/td>\n<\/tr>\n<tr>\n<td>16<\/td>\n<td>Bracciale Tamashiy farmacia Miosotis Caviola<\/td>\n<td>3040<\/td>\n<\/tr>\n<tr>\n<td>17<\/td>\n<td>Phon Elettrodomestici D\u2019Isep Agordo<\/td>\n<td>1259<\/td>\n<\/tr>\n<tr>\n<td>18<\/td>\n<td>Dieci colazioni Caff\u00e8 Miniere \u2013 Agordo<\/td>\n<td>0429<\/td>\n<\/tr>\n<tr>\n<td>19<\/td>\n<td>Bottiglia di vino ristorante Le Codole Canale d\u2019Agordo<\/td>\n<td>5148<\/td>\n<\/tr>\n<tr>\n<td>20<\/td>\n<td>Gift card 25 euro negozio detersivi<\/td>\n<td>0283<\/td>\n<\/tr>\n<tr>\n<td>21<\/td>\n<td>Buono 20 euro Fioreria De Toffol Agordo<\/td>\n<td>5012<\/td>\n<\/tr>\n<tr>\n<td>22<\/td>\n<td>Buono 20 euro Fioreria De Toffol Agordo<\/td>\n<td>0925<\/td>\n<\/tr>\n<tr>\n<td>23<\/td>\n<td>Portachiavi da muro in legno<\/td>\n<td>4330<\/td>\n<\/tr>\n<tr>\n<td>24<\/td>\n<td>Tre caciottelle coop. Agordina latteria di vallata<\/td>\n<td>0240<\/td>\n<\/tr>\n<tr>\n<td>25<\/td>\n<td>Sciarpa etnica<\/td>\n<td>5547<\/td>\n<\/tr>\n<tr>\n<td>26<\/td>\n<td>Cofanetto giochi e colori Farmacia Miosotys<\/td>\n<td>4236<\/td>\n<\/tr>\n<tr>\n<td>27<\/td>\n<td>Paio guanti sci bambina Deniand abbigliamento &#8211; Agordo<\/td>\n<td>0312<\/td>\n<\/tr>\n<tr>\n<td>28<\/td>\n<td>Gioco carte Djeco farmacia Miosotis Caviola<\/td>\n<td>1860<\/td>\n<\/tr>\n<tr>\n<td>29<\/td>\n<td>Puzzle legno Djeco farmacia Miosotis Caviola<\/td>\n<td>3870<\/td>\n<\/tr>\n<\/tbody>\n<\/table>\n<\/div>\n<\/div>\n<\/div>\n<div class=\"mt-1 flex justify-start gap-3 empty:hidden\">\n<div class=\"text-gray-400 flex self-end lg:self-center items-center justify-center lg:justify-start mt-0 -ml-1 h-7 gap-[2px] visible\"><\/div>\n<\/div>\n<\/div>\n<\/div>\n<\/div>\n<\/div>\n<\/div>\n<\/div>\n<\/div>\n<\/div>\n<\/div>\n<p>&nbsp;<\/p>\n<hr \/>\n<p>&nbsp;<\/p>\n<h2><span style=\"color: #ff6600;\">IERI ALLA RADIO<\/span><\/h2>\n<h2><span style=\"color: #ff0000;\">OGGI COME IERI di e con SILVIA BALDO<\/span><\/h2>\n<p><img decoding=\"async\" class=\"aligncenter\" src=\"https:\/\/www.radiopiu.net\/wordpress\/wp-content\/uploads\/2023\/09\/309000774_10222572118595513_7956305457803922499_n.jpg\" \/><\/p>\n<p><strong>\u00a0\u00a0<\/strong><\/p>\n<p><strong>PUNTATA 25 08 APRILE 2024<\/strong><\/p>\n<audio class=\"wp-audio-shortcode\" id=\"audio-383123-13\" preload=\"none\" style=\"width: 100%;\" controls=\"controls\"><source type=\"audio\/mpeg\" src=\"https:\/\/www.radiopiu.net\/wordpress\/wp-content\/uploads\/2024\/04\/SIBI.mp3?_=13\" \/><a href=\"https:\/\/www.radiopiu.net\/wordpress\/wp-content\/uploads\/2024\/04\/SIBI.mp3\">https:\/\/www.radiopiu.net\/wordpress\/wp-content\/uploads\/2024\/04\/SIBI.mp3<\/a><\/audio>\n<p>&nbsp;<\/p>\n<h2>LA RACCOLTA COMPLETA <a href=\"https:\/\/www.radiopiu.net\/wordpress\/alle-nove-oggi-come-ieri-di-e-con-silvia-baldo\/\"><span style=\"color: #0000ff;\">CLICCA QUI<\/span><\/a><\/h2>\n<p>&nbsp;<\/p>\n<hr \/>\n<p>&nbsp;<\/p>\n<h2><span style=\"color: #ff00ff;\">CIAK SI GIRA, IL PROGRAMMA DI PAOLA LANCIATO<\/span><\/h2>\n<p><strong><a class=\"dt-pswp-item\" href=\"https:\/\/www.radiopiu.net\/wordpress\/wp-content\/uploads\/2024\/04\/GUERRE-STELLARI.jpg\" data-dt-img-description=\"\" data-large_image_width=\"235\" data-large_image_height=\"336\"><img loading=\"lazy\" decoding=\"async\" class=\" wp-image-383168 alignleft\" src=\"https:\/\/www.radiopiu.net\/wordpress\/wp-content\/uploads\/2024\/04\/GUERRE-STELLARI-210x300.jpg\" alt=\"\" width=\"91\" height=\"130\" srcset=\"https:\/\/www.radiopiu.net\/wordpress\/wp-content\/uploads\/2024\/04\/GUERRE-STELLARI-210x300.jpg 210w, https:\/\/www.radiopiu.net\/wordpress\/wp-content\/uploads\/2024\/04\/GUERRE-STELLARI.jpg 235w\" sizes=\"auto, (max-width: 91px) 100vw, 91px\" \/><\/a>PUNTATA 19 GUERRE STELLARI<\/strong><\/p>\n<audio class=\"wp-audio-shortcode\" id=\"audio-383123-14\" preload=\"none\" style=\"width: 100%;\" controls=\"controls\"><source type=\"audio\/mpeg\" src=\"https:\/\/www.radiopiu.net\/wordpress\/wp-content\/uploads\/2024\/04\/CIAK1.mp3?_=14\" \/><a href=\"https:\/\/www.radiopiu.net\/wordpress\/wp-content\/uploads\/2024\/04\/CIAK1.mp3\">https:\/\/www.radiopiu.net\/wordpress\/wp-content\/uploads\/2024\/04\/CIAK1.mp3<\/a><\/audio>\n<p>&nbsp;<\/p>\n<h2>LA RACCOLTA COMPLETA <a href=\"https:\/\/www.radiopiu.net\/wordpress\/ciak24\/\"><span style=\"color: #0000ff;\">CLICCA QUI<\/span><\/a><\/h2>\n<p>&nbsp;<\/p>\n<hr \/>\n<p>&nbsp;<\/p>\n<h2><span style=\"color: #993300;\">PERITI MINERARI DALL\u2019AGORDINO AL MONDO<\/span><\/h2>\n<p><strong>REDAZIONE<\/strong> Continua la serie di racconti con i periti minerari agordini. Nelle prossime due puntate la storia di Domenico Angoletta. I racconti dei periti minerari agordini che hanno lavorato nel mondo, ogni luned\u00ec alle 10:30 e alle 19 su Radio Pi\u00f9.<\/p>\n<p><iframe loading=\"lazy\" title=\"DOMENICO ANGOLETTA\" width=\"1200\" height=\"675\" src=\"https:\/\/www.youtube.com\/embed\/2kFML3emapk?feature=oembed\" frameborder=\"0\" allow=\"accelerometer; autoplay; clipboard-write; encrypted-media; gyroscope; picture-in-picture; web-share\" referrerpolicy=\"strict-origin-when-cross-origin\" allowfullscreen><\/iframe><\/p>\n<p>&nbsp;<\/p>\n<h2><strong>LA RACCOLTA COMPLETA <a href=\"https:\/\/www.radiopiu.net\/wordpress\/periti-minerari-dallagordino-al-mondo\/\"><span style=\"color: #0000ff;\">CLICCA QUI<\/span><\/a><\/strong><a href=\"https:\/\/www.radiopiu.net\/wordpress\/periti-minerari-dallagordino-al-mondo\/\"><span style=\"color: #0000ff;\">\u00a0<\/span><\/a><\/h2>\n<p>&nbsp;<\/p>\n<p>&nbsp;<\/p>\n<hr \/>\n<p>&nbsp;<\/p>\n<h2><span style=\"color: #808000;\">CINE HITS, ALLA SCOPERTA DELLE COLONNE SONORE<\/span><\/h2>\n<p><strong><a class=\"dt-pswp-item\" href=\"https:\/\/www.radiopiu.net\/wordpress\/wp-content\/uploads\/2024\/04\/FORREST-GUMP.jpg\" data-dt-img-description=\"\" data-large_image_width=\"420\" data-large_image_height=\"588\"><img loading=\"lazy\" decoding=\"async\" class=\" wp-image-383172 alignleft\" src=\"https:\/\/www.radiopiu.net\/wordpress\/wp-content\/uploads\/2024\/04\/FORREST-GUMP-214x300.jpg\" alt=\"\" width=\"99\" height=\"139\" srcset=\"https:\/\/www.radiopiu.net\/wordpress\/wp-content\/uploads\/2024\/04\/FORREST-GUMP-214x300.jpg 214w, https:\/\/www.radiopiu.net\/wordpress\/wp-content\/uploads\/2024\/04\/FORREST-GUMP.jpg 420w\" sizes=\"auto, (max-width: 99px) 100vw, 99px\" \/><\/a>08 APRILE &#8211; FORREST GUMP<\/strong><\/p>\n<audio class=\"wp-audio-shortcode\" id=\"audio-383123-15\" preload=\"none\" style=\"width: 100%;\" controls=\"controls\"><source type=\"audio\/mpeg\" src=\"https:\/\/www.radiopiu.net\/wordpress\/wp-content\/uploads\/2024\/04\/CINE1.mp3?_=15\" \/><a href=\"https:\/\/www.radiopiu.net\/wordpress\/wp-content\/uploads\/2024\/04\/CINE1.mp3\">https:\/\/www.radiopiu.net\/wordpress\/wp-content\/uploads\/2024\/04\/CINE1.mp3<\/a><\/audio>\n<p>&nbsp;<\/p>\n<h2>LA RACCOLTA COMPLETA <a href=\"https:\/\/www.radiopiu.net\/wordpress\/cine-hits-alla-scoperta-delle-colonne-sonore-la-raccolta\/\"><span style=\"color: #0000ff;\">CLICCA QUI<\/span><\/a><\/h2>\n<p>&nbsp;<\/p>\n<hr \/>\n<p>&nbsp;<\/p>\n<h2><span style=\"color: #3366ff;\">SALUTE &amp; SOCIETA&#8217;<\/span><\/h2>\n<p><strong>PUNTATA DEL 8 APRILE 2024<\/strong><\/p>\n<p><a class=\"dt-pswp-item\" href=\"https:\/\/www.radiopiu.net\/wordpress\/wp-content\/uploads\/2024\/04\/2a2005a1-b9a7-aad3-2555-9e9fd497dfba.jpg\" data-dt-img-description=\"Depiction of a blood clot forming inside a blood vessel. 3D illustration\" data-large_image_width=\"800\" data-large_image_height=\"445\"><img loading=\"lazy\" decoding=\"async\" class=\"alignleft wp-image-383150 \" src=\"https:\/\/www.radiopiu.net\/wordpress\/wp-content\/uploads\/2024\/04\/2a2005a1-b9a7-aad3-2555-9e9fd497dfba-300x167.jpg\" alt=\"\" width=\"198\" height=\"110\" srcset=\"https:\/\/www.radiopiu.net\/wordpress\/wp-content\/uploads\/2024\/04\/2a2005a1-b9a7-aad3-2555-9e9fd497dfba-300x167.jpg 300w, https:\/\/www.radiopiu.net\/wordpress\/wp-content\/uploads\/2024\/04\/2a2005a1-b9a7-aad3-2555-9e9fd497dfba-768x427.jpg 768w, https:\/\/www.radiopiu.net\/wordpress\/wp-content\/uploads\/2024\/04\/2a2005a1-b9a7-aad3-2555-9e9fd497dfba.jpg 800w\" sizes=\"auto, (max-width: 198px) 100vw, 198px\" \/><\/a><strong>Colesterolo alto <\/strong>In Italia ogni anno circa 47mila decessi sono attribuibili al mancato controllo del colesterolo. Per contrastare questo pericoloso fattore di rischio \u00e8 da poco disponibile un nuovo farmaco che prende il nome di acido bempedoico. <strong>Leucemia linfatica cronica <\/strong>E&#8217; disponibile anche in Italia una nuova terapia a durata fissa per la leucemia linfatica cronica, la forma di leucemia pi\u00f9 frequente nell\u2019adulto.<\/p>\n<audio class=\"wp-audio-shortcode\" id=\"audio-383123-16\" preload=\"none\" style=\"width: 100%;\" controls=\"controls\"><source type=\"audio\/mpeg\" src=\"https:\/\/www.radiopiu.net\/wordpress\/wp-content\/uploads\/2024\/04\/SALUTE.mp3?_=16\" \/><a href=\"https:\/\/www.radiopiu.net\/wordpress\/wp-content\/uploads\/2024\/04\/SALUTE.mp3\">https:\/\/www.radiopiu.net\/wordpress\/wp-content\/uploads\/2024\/04\/SALUTE.mp3<\/a><\/audio>\n<p>&nbsp;<\/p>\n<hr \/>\n<p>&nbsp;<\/p>\n<h2><span style=\"color: #800080;\">I RACCONTI DI PAOLO SOPPELSA<\/span><\/h2>\n<p><strong>SERE BELLUNESI<\/strong><\/p>\n<p><strong>AUDIO<\/strong><\/p>\n<audio class=\"wp-audio-shortcode\" id=\"audio-383123-17\" preload=\"none\" style=\"width: 100%;\" controls=\"controls\"><source type=\"audio\/mpeg\" src=\"https:\/\/www.radiopiu.net\/wordpress\/wp-content\/uploads\/2024\/04\/SOPP.mp3?_=17\" \/><a href=\"https:\/\/www.radiopiu.net\/wordpress\/wp-content\/uploads\/2024\/04\/SOPP.mp3\">https:\/\/www.radiopiu.net\/wordpress\/wp-content\/uploads\/2024\/04\/SOPP.mp3<\/a><\/audio>\n<p>&nbsp;<\/p>\n<p><a class=\"dt-pswp-item\" href=\"https:\/\/www.radiopiu.net\/wordpress\/wp-content\/uploads\/2024\/04\/9062616e-0984-4d29-a7ab-dcc97e7bff43.jpg\" data-dt-img-description=\"\" data-large_image_width=\"1080\" data-large_image_height=\"810\"><img loading=\"lazy\" decoding=\"async\" class=\" wp-image-382927 alignleft\" src=\"https:\/\/www.radiopiu.net\/wordpress\/wp-content\/uploads\/2024\/04\/9062616e-0984-4d29-a7ab-dcc97e7bff43-300x225.jpg\" alt=\"\" width=\"181\" height=\"136\" srcset=\"https:\/\/www.radiopiu.net\/wordpress\/wp-content\/uploads\/2024\/04\/9062616e-0984-4d29-a7ab-dcc97e7bff43-300x225.jpg 300w, https:\/\/www.radiopiu.net\/wordpress\/wp-content\/uploads\/2024\/04\/9062616e-0984-4d29-a7ab-dcc97e7bff43-1024x768.jpg 1024w, https:\/\/www.radiopiu.net\/wordpress\/wp-content\/uploads\/2024\/04\/9062616e-0984-4d29-a7ab-dcc97e7bff43-768x576.jpg 768w, https:\/\/www.radiopiu.net\/wordpress\/wp-content\/uploads\/2024\/04\/9062616e-0984-4d29-a7ab-dcc97e7bff43.jpg 1080w\" sizes=\"auto, (max-width: 181px) 100vw, 181px\" \/><\/a>Ho voglia di camminare stasera, di fuggire dalle mura di casa e dalla prigionia di un altro lungo e monotono inverno; di fare una di quelle classiche passeggiate che facevo tanti anni fa, quando c&#8217;erano meno pensieri e la mia barba era nera. Ho voglia di vedere le luci del Nevegal, dei lampioni di quelle strade dove ad ogni passo posso trovare un ricordo da ricordare, di guardare i fari delle poche auto che si dirigono verso casa e vivere la quiete di una Belluno che si rilassa in questa tranquilla serata d&#8217;inizio primavera. Ho il desiderio di rivedere angoli e cortili e cancelli ancora ammaccati dalle nostre pallonate, e poi le fioriere utilizzate come pali delle porte di quel calcio anarchico e spontaneo. Ho voglia di toccare i tronchi di quegli alberi invecchiati di oltre trent&#8217;anni sui cui rami ci sedevamo a riposare e a raccontare e raccontarci durante quegli infiniti pomeriggi di quasi estate. Ho voglia di rivedere muri saltati e reti scavalcate, di risentire sotto i piedi quei pezzi di bitume sbriciolato, di riconoscere gli avvallamenti in cui si creavano pozzanghere da attraversare con la bicicletta. Voglio ammirare la sagoma bianca del campanile del Duomo che si staglia all&#8217;orizzonte est, e riascoltare ancora una volta i suoi potenti e cupi rintocchi che ricordavano il tempo di mettere fine ai giochi pomeridiani. Ho voglia di percorrere chilometri d&#8217;asfalto e di ricordi, di rivedere i volti e riascoltare le voci di quegli amici inghiottiti dallo scorrere della vita. Desidero cercare scorci e siepi e roulotte parcheggiate, sotto alle quali ci si nascondeva durante quegli interminabili nascondini serali di fine primavera, e poi percorrere la stradina di Salce oggi quasi tutta asfaltata. Voglio camminare lungo la salita che percorrevamo con fatica in bicicletta fino a raggiungere la vecchia casa sulla sinistra, che gi\u00e0 al tempo era avvolta da un&#8217;aura di mistero. Sono mura ormai cadenti e vestite di rampicanti che silenziose osservano la Valbelluna, sono pietre che ascoltano i rintocchi argentini della campana di Salce che annuncia l&#8217;Ave Maria della sera. Posate con sapienza, hanno resistito allo scorrere del tempo per giungere intatte fino a noi. Vestite d&#8217;edera e di storia sorvegliano in silenzio quella terra un tempo coltivata a mais; poi non furono pi\u00f9 stoppie, ma mura e giardini di eleganti villette, campagna divenuta nel tempo quasi citt\u00e0. Carpini, viole e la stradina sterrata che corre a fianco della ferrovia con quelle rotaie implacabili per nessun dove di gucciniana memoria. Aspettavamo di vedere il treno spuntare all&#8217;orizzonte, poi scendevamo sotto il ponte per ascoltare il possente rumore delle ruote di ferro rimbombare potente sotto l&#8217;arcata. Sento forte il desiderio di camminare e rivivere questi luoghi teatro di tante avventure giovanili impossibili da dimenticare. Ho voglia di ritrovare quelle mura di pietra vestite di verde d&#8217;aprile e poi di fermarmi ad interrogare la casa senza tetto per carpire i suoi ricordi che un p\u00f2 si intrecciano con i miei, per cercare il suo e il mio passato. Ho voglia di ricordare stasera, respirando l&#8217;aria di un&#8217;altra nuova primavera.<\/p>\n<p>&nbsp;<\/p>\n<hr \/>\n<p>&nbsp;<\/p>\n<h2><span style=\"color: #ff0000;\"><a class=\"dt-pswp-item\" href=\"https:\/\/www.radiopiu.net\/wordpress\/wp-content\/uploads\/2018\/09\/appuntamenti.jpeg\" data-dt-img-description=\"\" data-large_image_width=\"800\" data-large_image_height=\"100\"><img loading=\"lazy\" decoding=\"async\" class=\"wp-image-61958 size-full aligncenter\" src=\"https:\/\/www.radiopiu.net\/wordpress\/wp-content\/uploads\/2018\/09\/appuntamenti.jpeg\" alt=\"\" width=\"800\" height=\"100\" srcset=\"https:\/\/www.radiopiu.net\/wordpress\/wp-content\/uploads\/2018\/09\/appuntamenti.jpeg 800w, https:\/\/www.radiopiu.net\/wordpress\/wp-content\/uploads\/2018\/09\/appuntamenti-300x38.jpeg 300w, https:\/\/www.radiopiu.net\/wordpress\/wp-content\/uploads\/2018\/09\/appuntamenti-768x96.jpeg 768w\" sizes=\"auto, (max-width: 800px) 100vw, 800px\" \/><\/a><\/span><\/h2>\n<div>\n<div class=\"\" dir=\"auto\">\n<div id=\":r9h:\" class=\"x1iorvi4 x1pi30zi x1l90r2v x1swvt13\" data-ad-comet-preview=\"message\" data-ad-preview=\"message\">\n<div class=\"x78zum5 xdt5ytf xz62fqu x16ldp7u\">\n<div class=\"xu06os2 x1ok221b\">\n<p>&nbsp;<\/p>\n<div>\n<div class=\"\" dir=\"auto\">\n<div id=\":r9h:\" class=\"x1iorvi4 x1pi30zi x1l90r2v x1swvt13\" data-ad-comet-preview=\"message\" data-ad-preview=\"message\">\n<div class=\"x78zum5 xdt5ytf xz62fqu x16ldp7u\">\n<div class=\"xu06os2 x1ok221b\">\n<div dir=\"auto\">\n<p><strong>BELLUNO\u00a0<\/strong>La rassegna &#8220;A casa di Dino&#8221;, riprende dopo una pausa, organizzata dall\u2019Associazione Culturale Villa Buzzati S. Pellegrino &#8211; il Granaio. L&#8217;obiettivo \u00e8 portare l&#8217;eredit\u00e0 di Buzzati dalla sua citt\u00e0 natale a Belluno, coinvolgendo appassionati e nuovi pubblici. Tre incontri con autori, studiosi e artisti contemporanei esploreranno la figura di Buzzati attraverso la letteratura, l&#8217;arte, la poesia e la musica. Il primo evento, un concerto di strada, si terr\u00e0 il 12 aprile 2024, alle 18:30, al Giardino Loris Tormen di Belluno (o in alternativa presso la Sala De Luca Borgo Pr\u00e0 in caso di pioggia).<\/p>\n<p><strong>LIVINALLONGO<\/strong> Il gruppo &#8220;Insieme si pu\u00f2 Fodom&#8221; organizza un teatro di beneficenza sabato 13 aprile alle 20:30 in sala conferenze di Arabba con la Nuova Compagnia del teatro di Brunico dal titolo &#8220;Non sono un gigol\u00f2&#8221;.\u00a0 L&#8217;evento teatrale mira a raccogliere fondi per aiutare i bambini bisognosi nel villaggio di don Abraham.<\/p>\n<\/div>\n<\/div>\n<\/div>\n<\/div>\n<\/div>\n<\/div>\n<\/div>\n<\/div>\n<\/div>\n<\/div>\n<\/div>\n<h2>IL 13 APRILE IL CONCERTO DI MARCO V DAL FARRA AL TEATRO SAN FELICE DI BELLUNO<\/h2>\n\n\t\t\t<style type='text\/css'>\n\t\t\t\t#gallery-4 {\n\t\t\t\t\tmargin: auto;\n\t\t\t\t}\n\t\t\t\t#gallery-4 .gallery-item {\n\t\t\t\t\tfloat: left;\n\t\t\t\t\tmargin-top: 10px;\n\t\t\t\t\ttext-align: center;\n\t\t\t\t\twidth: 100%;\n\t\t\t\t}\n\t\t\t\t#gallery-4 img {\n\t\t\t\t\tborder: 2px solid #cfcfcf;\n\t\t\t\t}\n\t\t\t\t#gallery-4 .gallery-caption {\n\t\t\t\t\tmargin-left: 0;\n\t\t\t\t}\n\t\t\t\t\/* see gallery_shortcode() in wp-includes\/media.php *\/\n\t\t\t<\/style>\n\t\t<div id='gallery-4' class='dt-gallery-container gallery galleryid-383123 gallery-columns-1 gallery-size-medium'><dl class='gallery-item'>\n\t\t\t\t<dt class='gallery-icon portrait'>\n\t\t\t\t\t<a class=\"rollover rollover-zoom dt-pswp-item\" title=\"ff5ef01c-49c1-48a5-9225-b7d8260b55df\" data-dt-img-description=\"\" data-large_image_width=\"877\" data-large_image_height=\"1241\"href='https:\/\/www.radiopiu.net\/wordpress\/wp-content\/uploads\/2024\/03\/ff5ef01c-49c1-48a5-9225-b7d8260b55df.jpg'><img loading=\"lazy\" decoding=\"async\" width=\"212\" height=\"300\" src=\"https:\/\/www.radiopiu.net\/wordpress\/wp-content\/uploads\/2024\/03\/ff5ef01c-49c1-48a5-9225-b7d8260b55df-212x300.jpg\" class=\"attachment-medium size-medium\" alt=\"\" srcset=\"https:\/\/www.radiopiu.net\/wordpress\/wp-content\/uploads\/2024\/03\/ff5ef01c-49c1-48a5-9225-b7d8260b55df-212x300.jpg 212w, https:\/\/www.radiopiu.net\/wordpress\/wp-content\/uploads\/2024\/03\/ff5ef01c-49c1-48a5-9225-b7d8260b55df-724x1024.jpg 724w, https:\/\/www.radiopiu.net\/wordpress\/wp-content\/uploads\/2024\/03\/ff5ef01c-49c1-48a5-9225-b7d8260b55df-768x1087.jpg 768w, https:\/\/www.radiopiu.net\/wordpress\/wp-content\/uploads\/2024\/03\/ff5ef01c-49c1-48a5-9225-b7d8260b55df.jpg 877w\" sizes=\"auto, (max-width: 212px) 100vw, 212px\" \/><\/a>\n\t\t\t\t<\/dt><\/dl><br style=\"clear: both\" \/>\n\t\t\t<\/div>\n\n<p>&nbsp;<\/p>\n<p><strong>BELLUNO\u00a0 <\/strong>Domenica alle 20.45 al Teatro Dino Buzzati di Belluno a trascinare la platea del Circolo Cultura e Stampa Bellunese sar\u00e0 un cast d\u2019eccezione che interpreter\u00e0 \u201cPIGIAMA PER SEI\u201d: il pi\u00f9 classico dei triangoli &#8211;\u00a0 lui, lei, l\u2019altra \u2013 prender\u00e0 forme diverse, partendo dal rombo, nel momento in cui si verr\u00e0 a scoprire che il vecchio amico, invitato dal marito per fungere da alibi durante l\u2019incontro clandestino con l\u2019amante, \u00e8 a sua volta l\u2019amante della moglie.<\/p>\n<h2><span style=\"color: #ff0000;\">PROSSIMAMENTE&#8230;<\/span><\/h2>\n<p><strong>FALCADE <\/strong>DESPERADOS, DUE GIORNI DI FESTA CON LA QUINTA LICEO, AL PALAFALCADE. VENERDI 19 APRILE DALLE 18 APERITIVO E ALLE 20 IL BALLO LISCIO CON &#8221; \u201ci prestazione occasionale, GI\u00e0 QUELLI CHE IL LISCIO&#8221; SABATO 20 APRILE, DALLE 17 TORNEO DI BRISCOLA E CALCETTO E DALLE 21 DESPERADOS PARTY!!!! CON BASSLINE DJ, DALLA MEZZANOTTE HAPPY HALF HOUR info 3482996318<\/p>\n<p>&nbsp;<\/p>\n<hr \/>\n<p>&nbsp;<\/p>\n<a href=\"https:\/\/www.radiopiu.net\/wordpress\/wp-content\/uploads\/2024\/04\/POSTER_2024-1.pdf\" class=\"pdfemb-viewer\" style=\"\" data-width=\"max\" data-height=\"max\" data-toolbar=\"top\" data-toolbar-fixed=\"on\">POSTER_2024-1<\/a>\n<p>&nbsp;<\/p>\n<hr \/>\n<p>&nbsp;<\/p>\n<p><a class=\"dt-pswp-item\" href=\"https:\/\/www.radiopiu.net\/wordpress\/wp-content\/uploads\/2018\/09\/viabilita.jpeg\" data-dt-img-description=\"\" data-large_image_width=\"800\" data-large_image_height=\"100\"><img loading=\"lazy\" decoding=\"async\" class=\"aligncenter wp-image-61954 size-full\" src=\"https:\/\/www.radiopiu.net\/wordpress\/wp-content\/uploads\/2018\/09\/viabilita.jpeg\" alt=\"\" width=\"800\" height=\"100\" srcset=\"https:\/\/www.radiopiu.net\/wordpress\/wp-content\/uploads\/2018\/09\/viabilita.jpeg 800w, https:\/\/www.radiopiu.net\/wordpress\/wp-content\/uploads\/2018\/09\/viabilita-300x38.jpeg 300w, https:\/\/www.radiopiu.net\/wordpress\/wp-content\/uploads\/2018\/09\/viabilita-768x96.jpeg 768w\" sizes=\"auto, (max-width: 800px) 100vw, 800px\" \/><\/a><\/p>\n<p>&nbsp;<\/p>\n<p><a class=\"dt-pswp-item\" href=\"https:\/\/www.radiopiu.net\/wordpress\/wp-content\/uploads\/2023\/12\/botol-car-service.jpg\" data-dt-img-description=\"\" data-large_image_width=\"600\" data-large_image_height=\"600\"><img loading=\"lazy\" decoding=\"async\" class=\"size-medium wp-image-367044 aligncenter\" src=\"https:\/\/www.radiopiu.net\/wordpress\/wp-content\/uploads\/2023\/12\/botol-car-service-300x300.jpg\" alt=\"\" width=\"300\" height=\"300\" srcset=\"https:\/\/www.radiopiu.net\/wordpress\/wp-content\/uploads\/2023\/12\/botol-car-service-300x300.jpg 300w, https:\/\/www.radiopiu.net\/wordpress\/wp-content\/uploads\/2023\/12\/botol-car-service-150x150.jpg 150w, https:\/\/www.radiopiu.net\/wordpress\/wp-content\/uploads\/2023\/12\/botol-car-service.jpg 600w\" sizes=\"auto, (max-width: 300px) 100vw, 300px\" \/><\/a><\/p>\n<p>&nbsp;<\/p>\n<p>&nbsp;<\/p>\n<h1>BOLLETTINO QUOTIDIANO, CLICCA QUI<\/h1>\n<blockquote class=\"wp-embedded-content\" data-secret=\"GbvW9SdffF\"><p><a href=\"https:\/\/www.radiopiu.net\/wordpress\/viabilita\/\">viabilita<\/a><\/p><\/blockquote>\n<p><iframe loading=\"lazy\" class=\"wp-embedded-content\" sandbox=\"allow-scripts\" security=\"restricted\" style=\"position: absolute; clip: rect(1px, 1px, 1px, 1px);\" title=\"&#8220;viabilita&#8221; &#8212; Radio Pi\u00f9\" src=\"https:\/\/www.radiopiu.net\/wordpress\/viabilita\/embed\/#?secret=fodZ1NZmHc#?secret=GbvW9SdffF\" data-secret=\"GbvW9SdffF\" width=\"600\" height=\"338\" frameborder=\"0\" marginwidth=\"0\" marginheight=\"0\" scrolling=\"no\"><\/iframe><\/p>\n<p>&nbsp;<\/p>\n<p>&nbsp;<\/p>\n<hr \/>\n<p>&nbsp;<\/p>\n<p><a class=\"dt-pswp-item\" href=\"https:\/\/www.radiopiu.net\/wordpress\/wp-content\/uploads\/2018\/09\/WhatsApp-Image-2018-09-20-at-16.04.06.jpeg\" data-dt-img-description=\"\" data-large_image_width=\"800\" data-large_image_height=\"100\"><img loading=\"lazy\" decoding=\"async\" class=\"wp-image-61378 size-full aligncenter\" src=\"https:\/\/www.radiopiu.net\/wordpress\/wp-content\/uploads\/2018\/09\/WhatsApp-Image-2018-09-20-at-16.04.06.jpeg\" alt=\"\" width=\"800\" height=\"100\" srcset=\"https:\/\/www.radiopiu.net\/wordpress\/wp-content\/uploads\/2018\/09\/WhatsApp-Image-2018-09-20-at-16.04.06.jpeg 800w, https:\/\/www.radiopiu.net\/wordpress\/wp-content\/uploads\/2018\/09\/WhatsApp-Image-2018-09-20-at-16.04.06-300x38.jpeg 300w, https:\/\/www.radiopiu.net\/wordpress\/wp-content\/uploads\/2018\/09\/WhatsApp-Image-2018-09-20-at-16.04.06-768x96.jpeg 768w\" sizes=\"auto, (max-width: 800px) 100vw, 800px\" \/><\/a><\/p>\n<p><center><\/center><center><\/center><center><\/center><center><\/center><center><\/center><center><\/center>&nbsp;<\/p>\n<p><center><\/center><center><\/center><center><b>OGGI<\/b><\/center>Fino al mattino alternanza di nuvole e rasserenamenti, nella seconda met\u00e0 di giornata nuvolosit\u00e0 in aumento fino a cielo anche coperto pi\u00f9 probabilmente verso sera.<br \/>\n<b>Precipitazioni: <\/b>Fino al pomeriggio assenti. Di sera andando da ovest a est probabilit\u00e0 da medio-alta\u00a0 a bassa\u00a0 per piogge da diffuse a locali<br \/>\n<b>Temperature: <\/b>Fino all&#8217;alba con andamento irregolare e poi in calo, con differenze anche sensibili rispetto a luned\u00ec e minime a tarda sera in quota. Valori sopra la media, anche di molto.<\/p>\n<hr \/>\n<p><center><b>DOMANI<\/b><\/center>Cielo in prevalenza coperto, solo a tratti leggere diminuzioni della nuvolosit\u00e0 pi\u00f9 probabili di sera.<br \/>\n<b>Precipitazioni: <\/b>Nella prima met\u00e0 di giornata andando da ovest a est probabilit\u00e0 da alta a medio-bassa per fenomeni da estesi\/frequenti a sparsi\/discontinui. Dal pomeriggio probabilit\u00e0 in diminuzione, di sera ovunque assenti.<br \/>\n<b>Temperature: <\/b>In calo anche sensibile rispetto a marted\u00ec.<\/p>\n<hr \/>\n<p><center><b>GIOVEDI<\/b><\/center>Non si verificheranno precipitazioni. Nuvolosit\u00e0 in diminuzione fino a cielo sereno o poco nuvoloso dal mattino. Temperature fino al primo mattino in calo e poi in aumento.<\/p>\n<hr \/>\n<p><center><b>VENERDI<\/b><\/center>Non si verificheranno precipitazioni. Cielo in prevalenza sereno, di pomeriggio a tratti poco o parzialmente nuvoloso. Temperature in aumento.<\/p>\n<p>&nbsp;<\/p>\n<hr \/>\n<p>&nbsp;<\/p>\n<p><img loading=\"lazy\" decoding=\"async\" class=\"wp-image-60761 size-full aligncenter\" src=\"https:\/\/www.radiopiu.net\/wordpress\/wp-content\/uploads\/2018\/09\/sport.jpg\" alt=\"\" width=\"800\" height=\"100\" srcset=\"https:\/\/www.radiopiu.net\/wordpress\/wp-content\/uploads\/2018\/09\/sport.jpg 800w, https:\/\/www.radiopiu.net\/wordpress\/wp-content\/uploads\/2018\/09\/sport-300x38.jpg 300w, https:\/\/www.radiopiu.net\/wordpress\/wp-content\/uploads\/2018\/09\/sport-768x96.jpg 768w\" sizes=\"auto, (max-width: 800px) 100vw, 800px\" \/><\/p>\n<p>&nbsp;<\/p>\n<p><span style=\"color: #0000ff;\"><strong>PALLAVOLO<\/strong><\/span><\/p>\n<blockquote>\n<h3>GONZALO MARTINEZ TRASCINA AI QUARTI IL BELLUNO VOLLEY<\/h3>\n<\/blockquote>\n<p><strong><a class=\"dt-pswp-item\" href=\"https:\/\/www.radiopiu.net\/wordpress\/wp-content\/uploads\/2024\/04\/Gonzalo_Martinez_fra_i_migliori_con_Acqui.jpg\" data-dt-img-description=\"\" data-large_image_width=\"1280\" data-large_image_height=\"853\"><img loading=\"lazy\" decoding=\"async\" class=\"wp-image-383181 alignleft\" src=\"https:\/\/www.radiopiu.net\/wordpress\/wp-content\/uploads\/2024\/04\/Gonzalo_Martinez_fra_i_migliori_con_Acqui-300x200.jpg\" alt=\"\" width=\"149\" height=\"99\" srcset=\"https:\/\/www.radiopiu.net\/wordpress\/wp-content\/uploads\/2024\/04\/Gonzalo_Martinez_fra_i_migliori_con_Acqui-300x200.jpg 300w, https:\/\/www.radiopiu.net\/wordpress\/wp-content\/uploads\/2024\/04\/Gonzalo_Martinez_fra_i_migliori_con_Acqui-1024x682.jpg 1024w, https:\/\/www.radiopiu.net\/wordpress\/wp-content\/uploads\/2024\/04\/Gonzalo_Martinez_fra_i_migliori_con_Acqui-768x512.jpg 768w, https:\/\/www.radiopiu.net\/wordpress\/wp-content\/uploads\/2024\/04\/Gonzalo_Martinez_fra_i_migliori_con_Acqui.jpg 1280w\" sizes=\"auto, (max-width: 149px) 100vw, 149px\" \/><\/a>BELLUNO<\/strong> Gonzalo Martinez, nonostante l&#8217;infortunio al ginocchio che lo ha costretto a cambiare ruolo da schiacciatore a libero, ha dimostrato una forza straordinaria. La sua lesione al menisco esterno e un problema muscolare avrebbero fermato chiunque, ma non lui. Ha giocato un&#8217;ottima partita contro la Negrini Cte, aiutando il Belluno Volley a vincere e avanzare ai quarti di finale contro l&#8217;OmiFer Palmi.<\/p>\n<p>&nbsp;<\/p>\n<p><span style=\"color: #0000ff;\"><strong>CORSA CAMPESTRE\u00a0<\/strong><\/span><\/p>\n<div class=\"page-title-head hgroup\">\n<blockquote>\n<h2 class=\"entry-title\">CSI BELLUNO E CSI FELTRE STREPITOSI AI CAMPIONATI NAZIONALI DI CORSA CAMPESTRE<\/h2>\n<\/blockquote>\n\n\t\t\t<style type='text\/css'>\n\t\t\t\t#gallery-5 {\n\t\t\t\t\tmargin: auto;\n\t\t\t\t}\n\t\t\t\t#gallery-5 .gallery-item {\n\t\t\t\t\tfloat: left;\n\t\t\t\t\tmargin-top: 10px;\n\t\t\t\t\ttext-align: center;\n\t\t\t\t\twidth: 33%;\n\t\t\t\t}\n\t\t\t\t#gallery-5 img {\n\t\t\t\t\tborder: 2px solid #cfcfcf;\n\t\t\t\t}\n\t\t\t\t#gallery-5 .gallery-caption {\n\t\t\t\t\tmargin-left: 0;\n\t\t\t\t}\n\t\t\t\t\/* see gallery_shortcode() in wp-includes\/media.php *\/\n\t\t\t<\/style>\n\t\t<div id='gallery-5' class='dt-gallery-container gallery galleryid-383123 gallery-columns-3 gallery-size-thumbnail'><dl class='gallery-item'>\n\t\t\t\t<dt class='gallery-icon landscape'>\n\t\t\t\t\t<a class=\"rollover rollover-zoom dt-pswp-item\" title=\"staffetta maschile assoluta 1. belluno podio\" data-dt-img-description=\"\" data-large_image_width=\"2000\" data-large_image_height=\"1500\"href='https:\/\/www.radiopiu.net\/wordpress\/wp-content\/uploads\/2024\/04\/staffetta-maschile-assoluta-1.-belluno-podio.jpeg'><img loading=\"lazy\" decoding=\"async\" width=\"150\" height=\"150\" src=\"https:\/\/www.radiopiu.net\/wordpress\/wp-content\/uploads\/2024\/04\/staffetta-maschile-assoluta-1.-belluno-podio-150x150.jpeg\" class=\"attachment-thumbnail size-thumbnail\" alt=\"\" \/><\/a>\n\t\t\t\t<\/dt><\/dl><dl class='gallery-item'>\n\t\t\t\t<dt class='gallery-icon landscape'>\n\t\t\t\t\t<a class=\"rollover rollover-zoom dt-pswp-item\" title=\"staffetta femminile assoluta 1. belluno\" data-dt-img-description=\"\" data-large_image_width=\"2040\" data-large_image_height=\"1536\"href='https:\/\/www.radiopiu.net\/wordpress\/wp-content\/uploads\/2024\/04\/staffetta-femminile-assoluta-1.-belluno.jpeg'><img loading=\"lazy\" decoding=\"async\" width=\"150\" height=\"150\" src=\"https:\/\/www.radiopiu.net\/wordpress\/wp-content\/uploads\/2024\/04\/staffetta-femminile-assoluta-1.-belluno-150x150.jpeg\" class=\"attachment-thumbnail size-thumbnail\" alt=\"\" \/><\/a>\n\t\t\t\t<\/dt><\/dl><dl class='gallery-item'>\n\t\t\t\t<dt class='gallery-icon landscape'>\n\t\t\t\t\t<a class=\"rollover rollover-zoom dt-pswp-item\" title=\"foto di gruppo csi belluno - csi feltre\" data-dt-img-description=\"\" data-large_image_width=\"2000\" data-large_image_height=\"1500\"href='https:\/\/www.radiopiu.net\/wordpress\/wp-content\/uploads\/2024\/04\/foto-di-gruppo-csi-belluno-csi-feltre.jpeg'><img loading=\"lazy\" decoding=\"async\" width=\"150\" height=\"150\" src=\"https:\/\/www.radiopiu.net\/wordpress\/wp-content\/uploads\/2024\/04\/foto-di-gruppo-csi-belluno-csi-feltre-150x150.jpeg\" class=\"attachment-thumbnail size-thumbnail\" alt=\"\" \/><\/a>\n\t\t\t\t<\/dt><\/dl><br style=\"clear: both\" \/>\n\t\t\t<\/div>\n\n<p>&nbsp;<\/p>\n<p><strong>BELLUNO<\/strong> Una partecipazione numericamente record e risultati altrettanto da record. \u00c8 stata, ancora una volta, da applausi la presenza dei comitati di Belluno e di Feltre del Centro sportivo italiano al Campionato nazionale di corsa campestre del Centro sportivo italiano, rassegna che in questo 2024 \u00e8 stata ospitata dalla cittadina lombarda di Calco, in provincia di Lecco. Quasi 2 mila i concorrenti a sfidarsi per il 25.mo Campionato nazionale sui prati lombardi: di questi, ben 131 (in rappresentanza di 13 societ\u00e0) quelli appartenenti a Csi Belluno e Csi Feltre. I due comitati hanno raccolto un bottino davvero ottimo, sia per quanto riguarda il Campionato nazionale di cross, disputato nella giornata di sabato 6 aprile, sia per quanto riguarda le Staffette delle Regioni, disputate domenica 7 aprile. Per quanto riguarda il Nazionale di cross, 14 le medaglie: cinque ori, cinque argenti e quattro bronzi.<\/p>\n<table>\n<thead>\n<tr>\n<th>Categoria<\/th>\n<th>Medaglia<\/th>\n<th>Atleta<\/th>\n<th>Societ\u00e0<\/th>\n<\/tr>\n<\/thead>\n<tbody>\n<tr>\n<td>Oro<\/td>\n<td><\/td>\n<td>Chiara De Nard<\/td>\n<td>Atletica Lamon<\/td>\n<\/tr>\n<tr>\n<td>Oro<\/td>\n<td><\/td>\n<td>Alessia Miniutti<\/td>\n<td>Gs Astra Quero<\/td>\n<\/tr>\n<tr>\n<td>Oro<\/td>\n<td><\/td>\n<td>Leila Colussi<\/td>\n<td>Virtus Nemeggio<\/td>\n<\/tr>\n<tr>\n<td>Oro<\/td>\n<td><\/td>\n<td>Sabrina Boldrin<\/td>\n<td>Atletica Cortina<\/td>\n<\/tr>\n<tr>\n<td>Oro<\/td>\n<td><\/td>\n<td>Rudy Malacarne<\/td>\n<td>Atletica Lamon<\/td>\n<\/tr>\n<tr>\n<td>Argento<\/td>\n<td><\/td>\n<td>Nina Cima<\/td>\n<td>La Piave 2000<\/td>\n<\/tr>\n<tr>\n<td>Argento<\/td>\n<td><\/td>\n<td>Tommaso Gerardini<\/td>\n<td>Us Aquilotti Pelos<\/td>\n<\/tr>\n<tr>\n<td>Argento<\/td>\n<td><\/td>\n<td>Silvia Buogo<\/td>\n<td>Polisportiva Santa Giustina<\/td>\n<\/tr>\n<tr>\n<td>Argento<\/td>\n<td><\/td>\n<td>Manuela Bulf<\/td>\n<td>Atletica Agordina<\/td>\n<\/tr>\n<tr>\n<td>Argento<\/td>\n<td><\/td>\n<td>Cristiano Carnevale<\/td>\n<td>Atletica Lamon<\/td>\n<\/tr>\n<tr>\n<td>Bronzo<\/td>\n<td><\/td>\n<td>Pablo Luis Cappelletto<\/td>\n<td>Modesto Team<\/td>\n<\/tr>\n<tr>\n<td>Bronzo<\/td>\n<td><\/td>\n<td>Federica Dal Ri<\/td>\n<td>Atletica Lamon<\/td>\n<\/tr>\n<tr>\n<td>Bronzo<\/td>\n<td><\/td>\n<td>Giacomo Vettorel<\/td>\n<td>Astra Quero<\/td>\n<\/tr>\n<tr>\n<td>Bronzo<\/td>\n<td><\/td>\n<td>Adriano Sommariva<\/td>\n<td>Atletica Lamon<\/td>\n<\/tr>\n<\/tbody>\n<\/table>\n<table>\n<thead>\n<tr>\n<th>Posizione<\/th>\n<th>Societ\u00e0<\/th>\n<\/tr>\n<\/thead>\n<tbody>\n<tr>\n<td>8<\/td>\n<td>Gs La Piave 2000<\/td>\n<\/tr>\n<tr>\n<td>9<\/td>\n<td>Atletica Lamon<\/td>\n<\/tr>\n<tr>\n<td>10<\/td>\n<td>Gs Astra Quero<\/td>\n<\/tr>\n<\/tbody>\n<\/table>\n<p>&nbsp;<\/p>\n<p>&nbsp;<\/p>\n<hr \/>\n<p>&nbsp;<\/p>\n<p>&nbsp;<\/p>\n<blockquote><p><b><span style=\"font-family: verdana, sans-serif; font-size: large;\"> <a class=\"dt-pswp-item\" href=\"https:\/\/www.radiopiu.net\/wordpress\/wp-content\/uploads\/2024\/04\/L6x5pU5A.jpg\" data-dt-img-description=\"\" data-large_image_width=\"1024\" data-large_image_height=\"682\"><img loading=\"lazy\" decoding=\"async\" class=\" wp-image-383236 alignleft\" src=\"https:\/\/www.radiopiu.net\/wordpress\/wp-content\/uploads\/2024\/04\/L6x5pU5A-300x200.jpg\" alt=\"\" width=\"156\" height=\"104\" srcset=\"https:\/\/www.radiopiu.net\/wordpress\/wp-content\/uploads\/2024\/04\/L6x5pU5A-300x200.jpg 300w, https:\/\/www.radiopiu.net\/wordpress\/wp-content\/uploads\/2024\/04\/L6x5pU5A-768x512.jpg 768w, https:\/\/www.radiopiu.net\/wordpress\/wp-content\/uploads\/2024\/04\/L6x5pU5A.jpg 1024w\" sizes=\"auto, (max-width: 156px) 100vw, 156px\" \/><\/a>TERZA EDIZIONE DELLA \u201cSANTISSIMA\u201d<\/span><\/b><\/p><\/blockquote>\n<p><strong>LIMANA<\/strong> La terza edizione de &#8220;La Santissima&#8221;, gara di corsa in montagna \u00e8 in programma per il 14 aprile,\u00a0 tra Limana e Valpiana, sulle Prealpi Bellunesi, e assegner\u00e0 i titoli di campione triveneto di corsa in montagna.L&#8217;evento non competitivo include anche una passeggiata ludico-motoria di 5 chilometri alla scoperta della Valpiana, promuovendo la conoscenza del territorio e sostenendo associazioni locali come l&#8217;Associazione Bellunese Volontari del Sangue e la Croce Rossa Italiana.<\/p>\n<p><strong>PER LE TRE RADIO, BARBARA PAOLAZZI<\/strong><\/p>\n<audio class=\"wp-audio-shortcode\" id=\"audio-383123-18\" preload=\"none\" style=\"width: 100%;\" controls=\"controls\"><source type=\"audio\/mpeg\" src=\"https:\/\/www.radiopiu.net\/wordpress\/wp-content\/uploads\/2024\/04\/BARABRA.mp3?_=18\" \/><a href=\"https:\/\/www.radiopiu.net\/wordpress\/wp-content\/uploads\/2024\/04\/BARABRA.mp3\">https:\/\/www.radiopiu.net\/wordpress\/wp-content\/uploads\/2024\/04\/BARABRA.mp3<\/a><\/audio>\n<p>&nbsp;<\/p>\n<\/div>\n<div class=\"page-title-breadcrumbs\">\n<hr \/>\n<\/div>\n<p>&nbsp;<\/p>\n<blockquote>\n<h3><a class=\"dt-pswp-item\" href=\"https:\/\/www.radiopiu.net\/wordpress\/wp-content\/uploads\/2024\/04\/foto-di-gruppo-scaled.jpg\" data-dt-img-description=\"\" data-large_image_width=\"2560\" data-large_image_height=\"1180\"><img loading=\"lazy\" decoding=\"async\" class=\" wp-image-383194 alignleft\" src=\"https:\/\/www.radiopiu.net\/wordpress\/wp-content\/uploads\/2024\/04\/foto-di-gruppo-300x138.jpg\" alt=\"\" width=\"222\" height=\"102\" srcset=\"https:\/\/www.radiopiu.net\/wordpress\/wp-content\/uploads\/2024\/04\/foto-di-gruppo-300x138.jpg 300w, https:\/\/www.radiopiu.net\/wordpress\/wp-content\/uploads\/2024\/04\/foto-di-gruppo-1024x472.jpg 1024w, https:\/\/www.radiopiu.net\/wordpress\/wp-content\/uploads\/2024\/04\/foto-di-gruppo-768x354.jpg 768w, https:\/\/www.radiopiu.net\/wordpress\/wp-content\/uploads\/2024\/04\/foto-di-gruppo-1536x708.jpg 1536w, https:\/\/www.radiopiu.net\/wordpress\/wp-content\/uploads\/2024\/04\/foto-di-gruppo-2048x944.jpg 2048w\" sizes=\"auto, (max-width: 222px) 100vw, 222px\" \/><\/a>OLTRE 400 PERSONE ALLA PEDONATA &#8220;INCONTRO CON LA NATURA<\/h3>\n<\/blockquote>\n<p><strong>SOSPIROLO<\/strong> La Pro Loco &#8220;Monti del Sole&#8221; di Sospirolo ha organizzato la pedonata &#8220;Incontro con la natura&#8221; nel contesto del 29\u00b0 trofeo &#8220;Antonella e Michela&#8221;, tenutosi a Mis il 7 aprile 2023. L&#8217;evento ha visto la partecipazione di oltre 400 persone. Due percorsi sono stati proposti: uno di 4 km e uno di 9 km. Il successo dell&#8217;evento \u00e8 stato evidente, con 248 partecipanti per il percorso di 4 km e 180 per quello di 9 km, rappresentando uno dei risultati pi\u00f9 brillanti degli ultimi anni. La sicurezza \u00e8 stata garantita grazie alla collaborazione di Aib Sospirolo e del centro mobile Vol.A<\/p>\n<p>&nbsp;<\/p>\n<p><span style=\"color: #0000ff;\"><strong>CALCIO A 5<\/strong><\/span><\/p>\n<blockquote>\n<h2>GIESSE PER LO SPORT\u2026CON LA CANOTTIERI BELLUNO CALCIO A 5<\/h2>\n<\/blockquote>\n<div class=\"x11i5rnm xat24cr x1mh8g0r x1vvkbs xtlvy1s x126k92a\">\n<h4 class=\"photoswipe-wrapper\" dir=\"auto\"><a class=\"dt-pswp-item pspw-wrap-ready\" href=\"https:\/\/www.radiopiu.net\/wordpress\/wp-content\/uploads\/2023\/10\/Senza-nome-57.png\" data-dt-img-description=\"\" data-large_image_width=\"317\" data-large_image_height=\"322\"><img loading=\"lazy\" decoding=\"async\" class=\"size-medium wp-image-358116 aligncenter\" src=\"https:\/\/www.radiopiu.net\/wordpress\/wp-content\/uploads\/2023\/10\/Senza-nome-57-295x300.png\" sizes=\"auto, (max-width: 295px) 100vw, 295px\" srcset=\"https:\/\/www.radiopiu.net\/wordpress\/wp-content\/uploads\/2023\/10\/Senza-nome-57-295x300.png 295w, https:\/\/www.radiopiu.net\/wordpress\/wp-content\/uploads\/2023\/10\/Senza-nome-57.png 317w\" alt=\"\" width=\"295\" height=\"300\" \/><\/a><\/h4>\n<h4 dir=\"auto\"><\/h4>\n<h4 dir=\"auto\">GIESSE PER LO SPORT\u201d \u2026 con la Canottieri Belluno, calcio a 5. Tutto sul campionato di serie A2, girone A. Il programma alla RADIO che da ascolto ai talenti del calcio a 5 bellunese. IN COLLABORAZIONE CON GIESSE RISARCIMENTO DANNI A BELLUNO<\/h4>\n<\/div>\n<div class=\"x11i5rnm xat24cr x1mh8g0r x1vvkbs xtlvy1s x126k92a\">\n<h4 dir=\"auto\"><a class=\"x1i10hfl xjbqb8w x6umtig x1b1mbwd xaqea5y xav7gou x9f619 x1ypdohk xt0psk2 xe8uvvx xdj266r x11i5rnm xat24cr x1mh8g0r xexx8yu x4uap5 x18d9i69 xkhd6sd x16tdsg8 x1hl2dhg xggy1nq x1a2a7pz xt0b8zv x1qq9wsj xo1l8bm\" tabindex=\"0\" role=\"link\" href=\"https:\/\/www.facebook.com\/groups\/radiopiu\/?__cft__[0]=AZVtB3sskZBwGsu89zeRk9eNMGUFohz53TdYmXZyePAKPt8cBeKCqA03znGJk9wPaqHDXQ5yMBG_hrsUX03xH8fdmlMazTirW3KRFEY3Kr2cyBd_5Es2MvKnqyd6ZcahL6_M_zOo19o5N5tV8NHsHcfP&amp;__tn__=-UK-R\"><span class=\"xt0psk2\">RADIO PIU\u2019 EMITTENTE AGORDINA (Taibon_32027)<\/span><\/a>: IL LUNEDI ALLE 16.30, IL MARTEDI ALLE 13.05 RADIO CLUB 103 IL LUNEDI ALLE 16.20 E MARTEDI ALLE 13.40 <a class=\"x1i10hfl xjbqb8w x6umtig x1b1mbwd xaqea5y xav7gou x9f619 x1ypdohk xt0psk2 xe8uvvx xdj266r x11i5rnm xat24cr x1mh8g0r xexx8yu x4uap5 x18d9i69 xkhd6sd x16tdsg8 x1hl2dhg xggy1nq x1a2a7pz xt0b8zv x1qq9wsj xo1l8bm\" tabindex=\"0\" role=\"link\" href=\"https:\/\/www.facebook.com\/groups\/61488111720\/user\/100063652837062\/?__cft__[0]=AZVtB3sskZBwGsu89zeRk9eNMGUFohz53TdYmXZyePAKPt8cBeKCqA03znGJk9wPaqHDXQ5yMBG_hrsUX03xH8fdmlMazTirW3KRFEY3Kr2cyBd_5Es2MvKnqyd6ZcahL6_M_zOo19o5N5tV8NHsHcfP&amp;__tn__=-]K-R\"><span class=\"xt0psk2\">Radio Primiero<\/span><\/a>\u00a0IL LUNEDI ALLE 10.30 E MARTEDI ALLE 12.30<\/h4>\n<p><strong><a class=\"dt-pswp-item\" href=\"https:\/\/www.radiopiu.net\/wordpress\/wp-content\/uploads\/2023\/03\/435798832_924179276380568_8369484671624227580_n.jpg\" data-dt-img-description=\"\" data-large_image_width=\"2048\" data-large_image_height=\"1366\"><img loading=\"lazy\" decoding=\"async\" class=\" wp-image-382992 alignleft\" src=\"https:\/\/www.radiopiu.net\/wordpress\/wp-content\/uploads\/2023\/03\/435798832_924179276380568_8369484671624227580_n-300x200.jpg\" alt=\"\" width=\"209\" height=\"139\" srcset=\"https:\/\/www.radiopiu.net\/wordpress\/wp-content\/uploads\/2023\/03\/435798832_924179276380568_8369484671624227580_n-300x200.jpg 300w, https:\/\/www.radiopiu.net\/wordpress\/wp-content\/uploads\/2023\/03\/435798832_924179276380568_8369484671624227580_n-1024x683.jpg 1024w, https:\/\/www.radiopiu.net\/wordpress\/wp-content\/uploads\/2023\/03\/435798832_924179276380568_8369484671624227580_n-768x512.jpg 768w, https:\/\/www.radiopiu.net\/wordpress\/wp-content\/uploads\/2023\/03\/435798832_924179276380568_8369484671624227580_n-1536x1025.jpg 1536w, https:\/\/www.radiopiu.net\/wordpress\/wp-content\/uploads\/2023\/03\/435798832_924179276380568_8369484671624227580_n.jpg 2048w\" sizes=\"auto, (max-width: 209px) 100vw, 209px\" \/><\/a>PUNTATA 24 &#8211; 07 APRILE 2024<\/strong><\/p>\n<p><span style=\"color: #0000ff;\"><strong>VENTUNESIMA GIORNATA<\/strong><\/span><\/p>\n<p><strong>CANOTTIERI BELLUNO \u2013 ORANGE ASTI 3-2<\/strong><\/p>\n<p>RETI: PT 4.20 Dos Santos, 14.40 Acquadro (A), 17.56 Dall\u2019\u00d2; ST 11.04 Curallo (A), 18.34 Storti<\/p>\n<p>(FOTO: Dalla Libera)<\/p>\n<audio class=\"wp-audio-shortcode\" id=\"audio-383123-19\" preload=\"none\" style=\"width: 100%;\" controls=\"controls\"><source type=\"audio\/mpeg\" src=\"https:\/\/www.radiopiu.net\/wordpress\/wp-content\/uploads\/2023\/03\/GIESSECALCIO.mp3?_=19\" \/><a href=\"https:\/\/www.radiopiu.net\/wordpress\/wp-content\/uploads\/2023\/03\/GIESSECALCIO.mp3\">https:\/\/www.radiopiu.net\/wordpress\/wp-content\/uploads\/2023\/03\/GIESSECALCIO.mp3<\/a><\/audio>\n<p>&nbsp;<\/p>\n<h2>LA RACCOLTA COMPLETA <a href=\"https:\/\/www.radiopiu.net\/wordpress\/giesse-per-lo-sport-con-la-canottieri-belluno-calcio-a-5\/\"><span style=\"color: #0000ff;\">CLICCA QUI<\/span><\/a><\/h2>\n<\/div>\n<p>&nbsp;<\/p>\n<hr \/>\n<p>&nbsp;<\/p>\n<h2><span style=\"color: #808000;\">GOODBYE BY BICICLE&#8230;UN VIAGGIO DALL&#8217;INDIA A SEREN DEL GRAPPA IN BICICLETTA<\/span><\/h2>\n<p><span style=\"color: #ff0000;\"><strong>PUNTATA 08 &#8211; LA CENA EUROPEA E POI IN NEPAL PER IL RINNOVO DEL VISTO TURISTICO<\/strong><\/span><\/p>\n<audio class=\"wp-audio-shortcode\" id=\"audio-383123-20\" preload=\"none\" style=\"width: 100%;\" controls=\"controls\"><source type=\"audio\/mpeg\" src=\"https:\/\/www.radiopiu.net\/wordpress\/wp-content\/uploads\/2024\/03\/AIRE-INDIA-PUNTATA-08.mp3?_=20\" \/><a href=\"https:\/\/www.radiopiu.net\/wordpress\/wp-content\/uploads\/2024\/03\/AIRE-INDIA-PUNTATA-08.mp3\">https:\/\/www.radiopiu.net\/wordpress\/wp-content\/uploads\/2024\/03\/AIRE-INDIA-PUNTATA-08.mp3<\/a><\/audio>\n<p>&nbsp;<\/p>\n<p><strong>PER VISITARE I SITI DEI LUOGHI VISITATI, CLICCA SULLE SEGUENTI SCRITTE: <a href=\"https:\/\/www.indiarecycles.org\/#\">INDIA RECYCLES<\/a><\/strong><\/p>\n\n\t\t\t<style type='text\/css'>\n\t\t\t\t#gallery-6 {\n\t\t\t\t\tmargin: auto;\n\t\t\t\t}\n\t\t\t\t#gallery-6 .gallery-item {\n\t\t\t\t\tfloat: left;\n\t\t\t\t\tmargin-top: 10px;\n\t\t\t\t\ttext-align: center;\n\t\t\t\t\twidth: 33%;\n\t\t\t\t}\n\t\t\t\t#gallery-6 img {\n\t\t\t\t\tborder: 2px solid #cfcfcf;\n\t\t\t\t}\n\t\t\t\t#gallery-6 .gallery-caption {\n\t\t\t\t\tmargin-left: 0;\n\t\t\t\t}\n\t\t\t\t\/* see gallery_shortcode() in wp-includes\/media.php *\/\n\t\t\t<\/style>\n\t\t<div id='gallery-6' class='dt-gallery-container gallery galleryid-383123 gallery-columns-3 gallery-size-thumbnail'><dl class='gallery-item'>\n\t\t\t\t<dt class='gallery-icon portrait'>\n\t\t\t\t\t<a class=\"rollover rollover-zoom dt-pswp-item\" title=\"abbaced2-2610-4b21-b932-649c940dd85d\" data-dt-img-description=\"\" data-large_image_width=\"1200\" data-large_image_height=\"1600\"href='https:\/\/www.radiopiu.net\/wordpress\/wp-content\/uploads\/2024\/03\/abbaced2-2610-4b21-b932-649c940dd85d.jpg'><img loading=\"lazy\" decoding=\"async\" width=\"150\" height=\"150\" src=\"https:\/\/www.radiopiu.net\/wordpress\/wp-content\/uploads\/2024\/03\/abbaced2-2610-4b21-b932-649c940dd85d-150x150.jpg\" class=\"attachment-thumbnail size-thumbnail\" alt=\"\" \/><\/a>\n\t\t\t\t<\/dt><\/dl><dl class='gallery-item'>\n\t\t\t\t<dt class='gallery-icon portrait'>\n\t\t\t\t\t<a class=\"rollover rollover-zoom dt-pswp-item\" title=\"12feb575-17ee-49c8-b6b2-001f4711a13c\" data-dt-img-description=\"\" data-large_image_width=\"768\" data-large_image_height=\"1024\"href='https:\/\/www.radiopiu.net\/wordpress\/wp-content\/uploads\/2024\/03\/12feb575-17ee-49c8-b6b2-001f4711a13c.jpg'><img loading=\"lazy\" decoding=\"async\" width=\"150\" height=\"150\" src=\"https:\/\/www.radiopiu.net\/wordpress\/wp-content\/uploads\/2024\/03\/12feb575-17ee-49c8-b6b2-001f4711a13c-150x150.jpg\" class=\"attachment-thumbnail size-thumbnail\" alt=\"\" \/><\/a>\n\t\t\t\t<\/dt><\/dl><dl class='gallery-item'>\n\t\t\t\t<dt class='gallery-icon portrait'>\n\t\t\t\t\t<a class=\"rollover rollover-zoom dt-pswp-item\" title=\"56bb1602-6cd2-4044-8bbf-91b427ed471a\" data-dt-img-description=\"\" data-large_image_width=\"1200\" data-large_image_height=\"1600\"href='https:\/\/www.radiopiu.net\/wordpress\/wp-content\/uploads\/2024\/03\/56bb1602-6cd2-4044-8bbf-91b427ed471a.jpg'><img loading=\"lazy\" decoding=\"async\" width=\"150\" height=\"150\" src=\"https:\/\/www.radiopiu.net\/wordpress\/wp-content\/uploads\/2024\/03\/56bb1602-6cd2-4044-8bbf-91b427ed471a-150x150.jpg\" class=\"attachment-thumbnail size-thumbnail\" alt=\"\" \/><\/a>\n\t\t\t\t<\/dt><\/dl><br style=\"clear: both\" \/>\n\t\t\t<\/div>\n\n<h2>LA RACCOLTA COMPLETA <a href=\"https:\/\/www.radiopiu.net\/wordpress\/goodbye-by-bicicle-un-viaggio-dallindia-a-seren-del-grappa-in-bicicletta-08\/\"><span style=\"color: #0000ff;\">CLICCA QUI<\/span><\/a><\/h2>\n<p>&nbsp;<\/p>\n<p>&nbsp;<\/p>\n","protected":false},"excerpt":{"rendered":"<p>******* &nbsp; PER RICEVERE QUESTO NOTIZIARIO DIRETTAMENTE SUL TUO CELLULARE ISCRIVITI AL CANALE TELEGRAM \u201cRADIO PIU\u00a0 INFORMAZIONE&#8221;\u00a0 \u00a0il CANALE TELEGRAM&#8230; UNISCITI A: RADIO PIU INFORMAZIONE &nbsp; &nbsp; ATTENZIONE: LA NUOVA APP PER IOS-IPHONE di Nicola Vettorello https:\/\/apps.apple.com\/it\/app\/radio-pi%C3%B9-emittente-agordina\/id1515939845 ATTENZIONE: LA NUOVA APP RADIO\u00a0 PER ANDROID di Nicola Vettorello https:\/\/play.google.com\/store\/apps\/details?id=net.radiopiu.iniko\u00a0\u00a0 &nbsp; &nbsp; \u00a0 \u00a0 VIABILITA&#8217; INTERDIZIONE TOTALE&hellip;<\/p>\n","protected":false},"author":4,"featured_media":383260,"comment_status":"closed","ping_status":"closed","sticky":false,"template":"","format":"standard","meta":{"_monsterinsights_skip_tracking":false,"_monsterinsights_sitenote_active":false,"_monsterinsights_sitenote_note":"","_monsterinsights_sitenote_category":0,"footnotes":""},"categories":[51,86,49],"tags":[],"class_list":["post-383123","post","type-post","status-publish","format-standard","has-post-thumbnail","hentry","category-evidenza-top","category-gr","category-news-18","category-51","category-86","category-49","description-off"],"img_url":"https:\/\/www.radiopiu.net\/wordpress\/wp-content\/uploads\/2024\/04\/33d8969c-c0a8-40bf-806b-53e9fc743ece.jpg","_links":{"self":[{"href":"https:\/\/www.radiopiu.net\/wordpress\/wp-json\/wp\/v2\/posts\/383123","targetHints":{"allow":["GET"]}}],"collection":[{"href":"https:\/\/www.radiopiu.net\/wordpress\/wp-json\/wp\/v2\/posts"}],"about":[{"href":"https:\/\/www.radiopiu.net\/wordpress\/wp-json\/wp\/v2\/types\/post"}],"author":[{"embeddable":true,"href":"https:\/\/www.radiopiu.net\/wordpress\/wp-json\/wp\/v2\/users\/4"}],"replies":[{"embeddable":true,"href":"https:\/\/www.radiopiu.net\/wordpress\/wp-json\/wp\/v2\/comments?post=383123"}],"version-history":[{"count":0,"href":"https:\/\/www.radiopiu.net\/wordpress\/wp-json\/wp\/v2\/posts\/383123\/revisions"}],"wp:featuredmedia":[{"embeddable":true,"href":"https:\/\/www.radiopiu.net\/wordpress\/wp-json\/wp\/v2\/media\/383260"}],"wp:attachment":[{"href":"https:\/\/www.radiopiu.net\/wordpress\/wp-json\/wp\/v2\/media?parent=383123"}],"wp:term":[{"taxonomy":"category","embeddable":true,"href":"https:\/\/www.radiopiu.net\/wordpress\/wp-json\/wp\/v2\/categories?post=383123"},{"taxonomy":"post_tag","embeddable":true,"href":"https:\/\/www.radiopiu.net\/wordpress\/wp-json\/wp\/v2\/tags?post=383123"}],"curies":[{"name":"wp","href":"https:\/\/api.w.org\/{rel}","templated":true}]}}