{"id":383189,"date":"2024-04-08T11:34:00","date_gmt":"2024-04-08T09:34:00","guid":{"rendered":"https:\/\/www.radiopiu.net\/wordpress\/?p=383189"},"modified":"2024-04-08T11:34:00","modified_gmt":"2024-04-08T09:34:00","slug":"ultimi-giorni-per-osservare-la-cometa","status":"publish","type":"post","link":"https:\/\/www.radiopiu.net\/wordpress\/ultimi-giorni-per-osservare-la-cometa\/","title":{"rendered":"ULTIMI GIORNI PER OSSERVARE LA COMETA"},"content":{"rendered":"<p>*****<\/p>\n<p>&nbsp;<\/p>\n<p><strong><a class=\"dt-pswp-item\" href=\"https:\/\/www.radiopiu.net\/wordpress\/wp-content\/uploads\/2024\/04\/52fed400-deaa-4c04-afbf-75342da251ff.jpg\" data-dt-img-description=\"\" data-large_image_width=\"1073\" data-large_image_height=\"1358\"><img loading=\"lazy\" decoding=\"async\" class=\" wp-image-383190 alignleft\" src=\"https:\/\/www.radiopiu.net\/wordpress\/wp-content\/uploads\/2024\/04\/52fed400-deaa-4c04-afbf-75342da251ff-237x300.jpg\" alt=\"\" width=\"149\" height=\"189\" srcset=\"https:\/\/www.radiopiu.net\/wordpress\/wp-content\/uploads\/2024\/04\/52fed400-deaa-4c04-afbf-75342da251ff-237x300.jpg 237w, https:\/\/www.radiopiu.net\/wordpress\/wp-content\/uploads\/2024\/04\/52fed400-deaa-4c04-afbf-75342da251ff-809x1024.jpg 809w, https:\/\/www.radiopiu.net\/wordpress\/wp-content\/uploads\/2024\/04\/52fed400-deaa-4c04-afbf-75342da251ff-768x972.jpg 768w, https:\/\/www.radiopiu.net\/wordpress\/wp-content\/uploads\/2024\/04\/52fed400-deaa-4c04-afbf-75342da251ff.jpg 1073w\" sizes=\"auto, (max-width: 149px) 100vw, 149px\" \/><\/a>di Claudio Pra<\/strong><\/p>\n<p>Ultimi giorni per l&#8217;osservazione della luminosa cometa Pons-Brooks, avviata verso il punto della sua orbita pi\u00f9 vicino al Sole, osservabile verso nord ovest con un piccolo binocolo dopo il tramonto, un p\u00f3 a destra del vistoso pianeta Giove, facilmente riconoscibile ad occhio nudo come l&#8217;astro pi\u00f9 brillante del cielo. Le condizioni osservative sono in graduale peggioramento con l&#8217; &#8220;astro chiomato&#8221; sempre pi\u00f9 basso e fra pochi giorni immerso in un cielo non pi\u00f9 completamente buio, con la Luna crescente che a sua volta comincer\u00e0 a disturbare. Il 10 aprile la cometa passer\u00e0 appena al di sotto di Giove e di un falcetto lunare di un paio di giorni e quella sar\u00e0 una delle ultimissime occasione per salutarla, dopodich\u00e9 andr\u00e0 incontro Sole toccando la minima distanza il 21 aprile, cominciando in seguito il suo allontanamento per tornare fra una settantina di anni.<\/p>\n<p>&nbsp;<\/p>\n<p>&nbsp;<\/p>\n<p>*******<\/p>\n","protected":false},"excerpt":{"rendered":"<p>***** &nbsp; di Claudio Pra Ultimi giorni per l&#8217;osservazione della luminosa cometa Pons-Brooks, avviata verso il punto della sua orbita pi\u00f9 vicino al Sole, osservabile verso nord ovest con un piccolo binocolo dopo il tramonto, un p\u00f3 a destra del vistoso pianeta Giove, facilmente riconoscibile ad occhio nudo come l&#8217;astro pi\u00f9 brillante del cielo. Le&hellip;<\/p>\n","protected":false},"author":4,"featured_media":383190,"comment_status":"closed","ping_status":"closed","sticky":false,"template":"","format":"standard","meta":{"_monsterinsights_skip_tracking":false,"_monsterinsights_sitenote_active":false,"_monsterinsights_sitenote_note":"","_monsterinsights_sitenote_category":0,"footnotes":""},"categories":[49],"tags":[],"class_list":["post-383189","post","type-post","status-publish","format-standard","has-post-thumbnail","hentry","category-news-18","category-49","description-off"],"img_url":"https:\/\/www.radiopiu.net\/wordpress\/wp-content\/uploads\/2024\/04\/52fed400-deaa-4c04-afbf-75342da251ff.jpg","_links":{"self":[{"href":"https:\/\/www.radiopiu.net\/wordpress\/wp-json\/wp\/v2\/posts\/383189","targetHints":{"allow":["GET"]}}],"collection":[{"href":"https:\/\/www.radiopiu.net\/wordpress\/wp-json\/wp\/v2\/posts"}],"about":[{"href":"https:\/\/www.radiopiu.net\/wordpress\/wp-json\/wp\/v2\/types\/post"}],"author":[{"embeddable":true,"href":"https:\/\/www.radiopiu.net\/wordpress\/wp-json\/wp\/v2\/users\/4"}],"replies":[{"embeddable":true,"href":"https:\/\/www.radiopiu.net\/wordpress\/wp-json\/wp\/v2\/comments?post=383189"}],"version-history":[{"count":0,"href":"https:\/\/www.radiopiu.net\/wordpress\/wp-json\/wp\/v2\/posts\/383189\/revisions"}],"wp:featuredmedia":[{"embeddable":true,"href":"https:\/\/www.radiopiu.net\/wordpress\/wp-json\/wp\/v2\/media\/383190"}],"wp:attachment":[{"href":"https:\/\/www.radiopiu.net\/wordpress\/wp-json\/wp\/v2\/media?parent=383189"}],"wp:term":[{"taxonomy":"category","embeddable":true,"href":"https:\/\/www.radiopiu.net\/wordpress\/wp-json\/wp\/v2\/categories?post=383189"},{"taxonomy":"post_tag","embeddable":true,"href":"https:\/\/www.radiopiu.net\/wordpress\/wp-json\/wp\/v2\/tags?post=383189"}],"curies":[{"name":"wp","href":"https:\/\/api.w.org\/{rel}","templated":true}]}}