{"id":383298,"date":"2024-04-09T05:48:01","date_gmt":"2024-04-09T03:48:01","guid":{"rendered":"https:\/\/www.radiopiu.net\/wordpress\/?p=383298"},"modified":"2024-04-09T05:50:15","modified_gmt":"2024-04-09T03:50:15","slug":"le-poste-nel-capoluogo-nella-terra-di-luxottica-che-figure","status":"publish","type":"post","link":"https:\/\/www.radiopiu.net\/wordpress\/le-poste-nel-capoluogo-nella-terra-di-luxottica-che-figure\/","title":{"rendered":"LE POSTE NEL CAPOLUOGO, NELLA TERRA DI LUXOTTICA&#8230;.CHE FIGURE."},"content":{"rendered":"<p>***<\/p>\n<p><strong><img loading=\"lazy\" decoding=\"async\" class=\"alignleft\" src=\"https:\/\/www.radiopiu.net\/wordpress\/wp-content\/uploads\/2023\/11\/POSTE.png\" width=\"369\" height=\"192\" \/>REDAZIONE<\/strong> Dovrebbe essere l&#8217;ufficio simbolo, quello che fa da traino per la vallata. Dovrebbe essere l&#8217;ufficio specchio del bel Paese perch\u00e9 anche al servizio della grande multinazionale EssilorLuxottica. E&#8217; invece \u00e8 un ufficio <strong>perennemente nelle notizie di cronache per i disservizi,<\/strong> le denunce, le critiche sindacali, le continue proteste degli utenti. Ma \u00e8 mai possibile che tutto continui nel silenzio, o meglio tra le proteste di pochi inascoltati? Cosa deve ancora succedere perch\u00e9 la situazione migliori?<\/p>\n<blockquote><p>\n<em>Ad Agordo siamo di nuovo nel caos &#8211; dice Luca Bof delegato provinciale Slc Cgil Belluno &#8211;\u00a0 gli utenti\u00a0 non ne possono pi\u00f9 e i preposti magari si chiedono pure cosa pretende la gente&#8230; questa settimana pi\u00f9 di qualcuno ricever\u00e0 l&#8217;Amico del Popolo di 3 settimane fa. La giacenza postale riasle a 15 e pi\u00f9 giorni fa e intanto pantalone continua a pagare a Poste Italiane costosi servizi.\u00a0 Poco il personale addetto alla consegna e le assunzioni sono a tempo determinato.<\/em><\/p>\n<p>foto: ANCHE RAI 3 SI E&#8217; INTERESSATA A SUO TEMPO DELLA PROBLEMATICA, SAREBBE GRADITO IL RITORNO AD AGORDO, MESI DOPO, PER TESTIMONIARE COME LA SITUAZIONE SIA CAMBIATA&#8230; IN PEGGIO VISTI I COMMENTI SINDACALI<\/p><\/blockquote>\n<p>&nbsp;<\/p>\n<hr \/>\n<p>&nbsp;<\/p>\n","protected":false},"excerpt":{"rendered":"<p>*** REDAZIONE Dovrebbe essere l&#8217;ufficio simbolo, quello che fa da traino per la vallata. Dovrebbe essere l&#8217;ufficio specchio del bel Paese perch\u00e9 anche al servizio della grande multinazionale EssilorLuxottica. E&#8217; invece \u00e8 un ufficio perennemente nelle notizie di cronache per i disservizi, le denunce, le critiche sindacali, le continue proteste degli utenti. Ma \u00e8 mai&hellip;<\/p>\n","protected":false},"author":4,"featured_media":363501,"comment_status":"closed","ping_status":"closed","sticky":false,"template":"","format":"standard","meta":{"_monsterinsights_skip_tracking":false,"_monsterinsights_sitenote_active":false,"_monsterinsights_sitenote_note":"","_monsterinsights_sitenote_category":0,"footnotes":""},"categories":[51,49],"tags":[],"class_list":["post-383298","post","type-post","status-publish","format-standard","has-post-thumbnail","hentry","category-evidenza-top","category-news-18","category-51","category-49","description-off"],"img_url":"https:\/\/www.radiopiu.net\/wordpress\/wp-content\/uploads\/2023\/11\/POSTE.png","_links":{"self":[{"href":"https:\/\/www.radiopiu.net\/wordpress\/wp-json\/wp\/v2\/posts\/383298","targetHints":{"allow":["GET"]}}],"collection":[{"href":"https:\/\/www.radiopiu.net\/wordpress\/wp-json\/wp\/v2\/posts"}],"about":[{"href":"https:\/\/www.radiopiu.net\/wordpress\/wp-json\/wp\/v2\/types\/post"}],"author":[{"embeddable":true,"href":"https:\/\/www.radiopiu.net\/wordpress\/wp-json\/wp\/v2\/users\/4"}],"replies":[{"embeddable":true,"href":"https:\/\/www.radiopiu.net\/wordpress\/wp-json\/wp\/v2\/comments?post=383298"}],"version-history":[{"count":0,"href":"https:\/\/www.radiopiu.net\/wordpress\/wp-json\/wp\/v2\/posts\/383298\/revisions"}],"wp:featuredmedia":[{"embeddable":true,"href":"https:\/\/www.radiopiu.net\/wordpress\/wp-json\/wp\/v2\/media\/363501"}],"wp:attachment":[{"href":"https:\/\/www.radiopiu.net\/wordpress\/wp-json\/wp\/v2\/media?parent=383298"}],"wp:term":[{"taxonomy":"category","embeddable":true,"href":"https:\/\/www.radiopiu.net\/wordpress\/wp-json\/wp\/v2\/categories?post=383298"},{"taxonomy":"post_tag","embeddable":true,"href":"https:\/\/www.radiopiu.net\/wordpress\/wp-json\/wp\/v2\/tags?post=383298"}],"curies":[{"name":"wp","href":"https:\/\/api.w.org\/{rel}","templated":true}]}}