{"id":383332,"date":"2024-04-10T05:36:56","date_gmt":"2024-04-10T03:36:56","guid":{"rendered":"https:\/\/www.radiopiu.net\/wordpress\/?p=383332"},"modified":"2024-04-10T08:28:59","modified_gmt":"2024-04-10T06:28:59","slug":"giornale-radiopiu-10-aprile-2024-direttore-mirko-mezzacasada-40-anni-25-giugno-1983-25-giugno-2023","status":"publish","type":"post","link":"https:\/\/www.radiopiu.net\/wordpress\/giornale-radiopiu-10-aprile-2024-direttore-mirko-mezzacasada-40-anni-25-giugno-1983-25-giugno-2023\/","title":{"rendered":"GIORNALE RADIOPIU 10 APRILE 2024 DIRETTORE MIRKO MEZZACASA\u2026DA 40 ANNI 25 GIUGNO 1983-25 GIUGNO 2023"},"content":{"rendered":"<p>*******<\/p>\n<p>&nbsp;<\/p>\n<h3><a href=\"https:\/\/www.radiopiu.net\/wordpress\/giornale-radiopiu-24-gennaio-2021-direttore-mirko-mezzacasa\/141433770_171616291414874_2957460898102012198_n\/\" rel=\"attachment wp-att-186566\"><img loading=\"lazy\" decoding=\"async\" class=\"wp-image-186566 alignleft\" src=\"https:\/\/www.radiopiu.net\/wordpress\/wp-content\/uploads\/2021\/01\/141433770_171616291414874_2957460898102012198_n-300x300.jpg\" alt=\"\" width=\"144\" height=\"144\" srcset=\"https:\/\/www.radiopiu.net\/wordpress\/wp-content\/uploads\/2021\/01\/141433770_171616291414874_2957460898102012198_n-300x300.jpg 300w, https:\/\/www.radiopiu.net\/wordpress\/wp-content\/uploads\/2021\/01\/141433770_171616291414874_2957460898102012198_n-150x150.jpg 150w, https:\/\/www.radiopiu.net\/wordpress\/wp-content\/uploads\/2021\/01\/141433770_171616291414874_2957460898102012198_n-768x768.jpg 768w, https:\/\/www.radiopiu.net\/wordpress\/wp-content\/uploads\/2021\/01\/141433770_171616291414874_2957460898102012198_n.jpg 800w\" sizes=\"auto, (max-width: 144px) 100vw, 144px\" \/><\/a>PER<strong> RICEVERE QUESTO NOTIZIARIO DIRETTAMENTE SUL TUO CELLULARE ISCRIVITI AL CANALE TELEGRAM <\/strong><strong>\u201cRADIO PIU\u00a0 INFORMAZIONE&#8221;\u00a0<\/strong><\/h3>\n<h3>\u00a0il CANALE TELEGRAM&#8230; UNISCITI A: RADIO PIU INFORMAZIONE<\/h3>\n<p>&nbsp;<\/p>\n<p>&nbsp;<\/p>\n<p><em><a href=\"https:\/\/www.radiopiu.net\/wordpress\/giornale-radiopiu-24-gennaio-2021-direttore-mirko-mezzacasa\/79216601_126817312416448_708980208774483089_n\/\" rel=\"attachment wp-att-186567\"><img loading=\"lazy\" decoding=\"async\" class=\"size-medium wp-image-186567 alignright\" src=\"https:\/\/www.radiopiu.net\/wordpress\/wp-content\/uploads\/2021\/01\/79216601_126817312416448_708980208774483089_n-300x114.jpg\" alt=\"\" width=\"300\" height=\"114\" srcset=\"https:\/\/www.radiopiu.net\/wordpress\/wp-content\/uploads\/2021\/01\/79216601_126817312416448_708980208774483089_n-300x114.jpg 300w, https:\/\/www.radiopiu.net\/wordpress\/wp-content\/uploads\/2021\/01\/79216601_126817312416448_708980208774483089_n-768x292.jpg 768w, https:\/\/www.radiopiu.net\/wordpress\/wp-content\/uploads\/2021\/01\/79216601_126817312416448_708980208774483089_n.jpg 820w\" sizes=\"auto, (max-width: 300px) 100vw, 300px\" \/><\/a><span style=\"color: #ff0000;\">ATTENZIONE: LA NUOVA APP PER IOS-IPHONE di Nicola Vettorello <\/span><\/em><a href=\"https:\/\/apps.apple.com\/it\/app\/radio-pi%C3%B9-emittente-agordina\/id1515939845\">https:\/\/apps.apple.com\/it\/app\/radio-pi%C3%B9-emittente-agordina\/id1515939845<\/a><\/p>\n<p><em style=\"color: #ff0000;\">ATTENZIONE: LA NUOVA APP RADIO\u00a0 PER ANDROID di Nicola Vettorello<\/em><\/p>\n<p><a href=\"https:\/\/play.google.com\/store\/apps\/details?id=net.radiopiu.iniko\" target=\"_blank\" rel=\"noopener noreferrer\">https:\/\/play.google.com\/store\/apps\/details?id=net.radiopiu.iniko\u00a0\u00a0<\/a><\/p>\n<p>&nbsp;<\/p>\n<p>&nbsp;<\/p>\n<hr \/>\n<h3 class=\"kvgmc6g5 cxmmr5t8 oygrvhab hcukyx3x c1et5uql\"><strong>\u00a0\u00a0<\/strong><\/h3>\n<blockquote>\n<blockquote>\n<h3>ACQUA NON POTABILE A COL DI CARRERA DI TAIBON<\/h3>\n<\/blockquote>\n<p><strong>REDAZIONE<\/strong>\u00a0 in LOCALITA&#8217; COL DE CARRERA l&#8217;acqua erogata dall&#8217;acquedotto non \u00e8 potabile e pu\u00f2 essere usata per scopi alimentari SOLO PREVIA bollitura. Verr\u00e0 effettuato servizio sostitutivo con cisterna posizionata presso il CENTRO di Col De Carrera.<\/p>\n<blockquote>\n<h3><\/h3>\n<h3>ACQUA NON POTABILE A VOLTAGO E RIVAMONTE<\/h3>\n<\/blockquote>\n<p><strong>VOLTAGO <\/strong> in localit\u00e0 BERTOI, FRASSENE\u2019, VILLA, VIA GIOA e in VIA STRUZ e a <strong>RIVAMONTE<\/strong> AGORDINO in VIA ROSSON CIVICO N. 25 e VIA VILLAGRANDE CIVICI N. 45 e 4A l&#8217;acqua erogata dall&#8217;acquedotto non \u00e8 potabile e pu\u00f2 essere usata per scopi alimentari SOLO PREVIA bollitura.<\/p>\n<p>&nbsp;<\/p><\/blockquote>\n<div data-block=\"true\" data-editor=\"avj4u\" data-offset-key=\"d3i0j-0-0\"><\/div>\n<div data-block=\"true\" data-editor=\"avj4u\" data-offset-key=\"d3i0j-0-0\">\n<hr \/>\n<\/div>\n<div data-block=\"true\" data-editor=\"avj4u\" data-offset-key=\"d3i0j-0-0\"><\/div>\n<blockquote>\n<h3 data-block=\"true\" data-editor=\"avj4u\" data-offset-key=\"d3i0j-0-0\">RIAPERTA LA SP3 DELLA VALLE IMPERINA<\/h3>\n<\/blockquote>\n<div data-block=\"true\" data-editor=\"avj4u\" data-offset-key=\"d3i0j-0-0\">\n<p><strong><a class=\"dt-pswp-item\" href=\"https:\/\/www.radiopiu.net\/wordpress\/wp-content\/uploads\/2024\/04\/99c8ec4b-c4f2-4ff9-b917-d22d56584879.jpg\" data-dt-img-description=\"\" data-large_image_width=\"1200\" data-large_image_height=\"1599\"><img loading=\"lazy\" decoding=\"async\" class=\" wp-image-382981 alignleft\" src=\"https:\/\/www.radiopiu.net\/wordpress\/wp-content\/uploads\/2024\/04\/99c8ec4b-c4f2-4ff9-b917-d22d56584879-225x300.jpg\" alt=\"\" width=\"128\" height=\"170\" srcset=\"https:\/\/www.radiopiu.net\/wordpress\/wp-content\/uploads\/2024\/04\/99c8ec4b-c4f2-4ff9-b917-d22d56584879-225x300.jpg 225w, https:\/\/www.radiopiu.net\/wordpress\/wp-content\/uploads\/2024\/04\/99c8ec4b-c4f2-4ff9-b917-d22d56584879-768x1023.jpg 768w, https:\/\/www.radiopiu.net\/wordpress\/wp-content\/uploads\/2024\/04\/99c8ec4b-c4f2-4ff9-b917-d22d56584879-1153x1536.jpg 1153w, https:\/\/www.radiopiu.net\/wordpress\/wp-content\/uploads\/2024\/04\/99c8ec4b-c4f2-4ff9-b917-d22d56584879.jpg 1200w\" sizes=\"auto, (max-width: 128px) 100vw, 128px\" \/><\/a> <\/strong><\/p>\n<p><strong>\u00a0<\/strong><\/p>\n<p><strong>\u00a0<\/strong><\/p>\n<p><strong>REDAZIONE<\/strong> Veneto Strade comunica che a partire dalle 14 \u00e8 stata riaperta regolarmente al traffico la S.P. 3 \u201cValle Imperina\u201d dal km 10+250 al km 10+350 (loc. Capitel del Pian). Venerd\u00ec scorso era stata chiusa a causa di una frana.<\/p>\n<p>&nbsp;<\/p>\n<p>&nbsp;<\/p>\n<p>&nbsp;<\/p>\n<hr \/>\n<p>&nbsp;<\/p>\n<\/div>\n<div data-block=\"true\" data-editor=\"avj4u\" data-offset-key=\"d3i0j-0-0\"><\/div>\n<p><span style=\"color: #ff0000;\"><strong>OGGI ALLA RADIO<\/strong><\/span>: <strong>ALLE 7.20<\/strong> EL BAR DEL FIOR, DETTI E TRADIZIONI DI GIULIANA DA RONCH; <strong>ALLE 8.20<\/strong> PIU&#8217; SIAMO CON MARINA DONA&#8217; <strong>ALLE 9.10 <\/strong>LIBER, IL LIBRO CON LIANA CAVALLET <strong>ALLE 10.10<\/strong> CISL LA VOCE PER I LAVORATORI CON MARA PAGNUSSAT, LAURA VETTOREL, DIEGO PALMERI <strong>ALLE 10.30 <\/strong>SE NON LA SMETTI TI MANDO DAL PRESIDE CON LA PROF, MARIA ROSA SALMAZO<strong> ALLE 11.10<\/strong> CINE HIT, CON ALDO BRIGADOI, <strong>12.30<\/strong> GIORNALE RADIO PRINCIPALE <strong>ALLE 13.20 <\/strong>prima vera hit di marina dona <strong>ALLE 14.00<\/strong> RIMASTI PIU&#8217; AVANTI, SCOPRIAMO I TALENTI DELLA MUSICA LOCALE CON MARCO DAL FARRA E PRISTO <strong>15.00<\/strong> LA CLASSIFICA UFFICIALE DI RADIOPIU CON MARCO GAZ <strong>16.00 <\/strong>IL ROCK DI MARCO COSTANTINI <strong>16.45 <\/strong>LE HIT DI MIRCO BENCIVENNI<\/p>\n<p>&nbsp;<\/p>\n<p>&nbsp;<\/p>\n<div class=\"x11i5rnm xat24cr x1mh8g0r x1vvkbs xtlvy1s x126k92a\">\n<div dir=\"auto\">\n<hr \/>\n<p>&nbsp;<\/p>\n<p>&nbsp;<\/p>\n<div class=\"x11i5rnm xat24cr x1mh8g0r x1vvkbs xtlvy1s x126k92a\">\n<div dir=\"auto\">\n<p><strong><a class=\"dt-pswp-item\" href=\"https:\/\/www.radiopiu.net\/wordpress\/wp-content\/uploads\/2024\/02\/2d44e751-d8a8-461b-8e22-d8e4e853b032.jpg\" data-dt-img-description=\"\" data-large_image_width=\"1600\" data-large_image_height=\"1200\"><img loading=\"lazy\" decoding=\"async\" class=\"wp-image-373307 alignleft\" src=\"https:\/\/www.radiopiu.net\/wordpress\/wp-content\/uploads\/2024\/02\/2d44e751-d8a8-461b-8e22-d8e4e853b032-300x225.jpg\" alt=\"\" width=\"105\" height=\"79\" srcset=\"https:\/\/www.radiopiu.net\/wordpress\/wp-content\/uploads\/2024\/02\/2d44e751-d8a8-461b-8e22-d8e4e853b032-300x225.jpg 300w, https:\/\/www.radiopiu.net\/wordpress\/wp-content\/uploads\/2024\/02\/2d44e751-d8a8-461b-8e22-d8e4e853b032-1024x768.jpg 1024w, https:\/\/www.radiopiu.net\/wordpress\/wp-content\/uploads\/2024\/02\/2d44e751-d8a8-461b-8e22-d8e4e853b032-768x576.jpg 768w, https:\/\/www.radiopiu.net\/wordpress\/wp-content\/uploads\/2024\/02\/2d44e751-d8a8-461b-8e22-d8e4e853b032-1536x1152.jpg 1536w, https:\/\/www.radiopiu.net\/wordpress\/wp-content\/uploads\/2024\/02\/2d44e751-d8a8-461b-8e22-d8e4e853b032.jpg 1600w\" sizes=\"auto, (max-width: 105px) 100vw, 105px\" \/><\/a>EL BAL DEL FIOR, DI GIULIANA DA RONCH, 10 APRILE 2024<\/strong><\/p>\n<\/div>\n<\/div>\n<\/div>\n<div dir=\"auto\">\n<audio class=\"wp-audio-shortcode\" id=\"audio-383332-1\" preload=\"none\" style=\"width: 100%;\" controls=\"controls\"><source type=\"audio\/mpeg\" src=\"https:\/\/www.radiopiu.net\/wordpress\/wp-content\/uploads\/2024\/04\/GME.m4a?_=1\" \/><a href=\"https:\/\/www.radiopiu.net\/wordpress\/wp-content\/uploads\/2024\/04\/GME.m4a\">https:\/\/www.radiopiu.net\/wordpress\/wp-content\/uploads\/2024\/04\/GME.m4a<\/a><\/audio>\n<p>&nbsp;<\/p>\n<hr \/>\n<\/div>\n<\/div>\n<blockquote>\n<blockquote>\n<h1><span style=\"color: #ff0000;\">I podcast informativi del mattino &#8211; audio &#8211;\u00a0<\/span><\/h1>\n<\/blockquote>\n<p><strong><a class=\"dt-pswp-item\" href=\"https:\/\/www.radiopiu.net\/wordpress\/wp-content\/uploads\/2023\/11\/th-10.jpg\" data-dt-img-description=\"\" data-large_image_width=\"320\" data-large_image_height=\"180\"><img loading=\"lazy\" decoding=\"async\" class=\"wp-image-362866 alignleft\" src=\"https:\/\/www.radiopiu.net\/wordpress\/wp-content\/uploads\/2023\/11\/th-10-300x169.jpg\" alt=\"\" width=\"185\" height=\"104\" srcset=\"https:\/\/www.radiopiu.net\/wordpress\/wp-content\/uploads\/2023\/11\/th-10-300x169.jpg 300w, https:\/\/www.radiopiu.net\/wordpress\/wp-content\/uploads\/2023\/11\/th-10.jpg 320w\" sizes=\"auto, (max-width: 185px) 100vw, 185px\" \/><\/a>LA RASSEGNA STAMPA NAZIONALE ALLA RADIO, OGNI GIORNO ALLE 5 E ALLE 6 DEL MATTINO <span style=\"color: #0000ff;\">viene pubblicata alle 6.00 <span style=\"color: #ff0000;\">DIRETTA RADIO\u00a0 \u00a0\u00a0<\/span><\/span><\/strong><\/p>\n<p>&nbsp;<\/p>\n<p><span style=\"color: #ff0000;\"><strong>DI SISSY MARTINELLI\u00a0<\/strong><\/span><\/p><\/blockquote>\n<p><strong>ESPLOSIONE CENTRALE ELETTRIVA NEL BOLOGNESE, UNA TRAGEDIA CON UN BILANCIO PROVVISORIO, RECUPERATI 3 CORPI, 5 FERITI GRAVI, 4 DISPERSI, SOCCORSI COMPLICATI.<br \/>\n<\/strong>POLITICA, IERI IL GIORNO DI PRESENTAZIONE DEL DOCUMENTO ECONOMIA-FINANZA, DEF LIGHT, PREANNUNCIATO UN NUOVO DOCUMENTO, PREVISIONE: CRESCITA ECONOMICA IN RIBASSO<br \/>\nCLAMOROSA SENTENZA EMESSA DALLA CORTE SUL RISPETTO DELLA CONVENZIONE DEI DIRITTI DELL&#8217;UOMO, SVIZZERA CONDANNATA.<\/p>\n<h2>AUDIO dalle 7 del mattino<\/h2>\n<audio class=\"wp-audio-shortcode\" id=\"audio-383332-2\" preload=\"none\" style=\"width: 100%;\" controls=\"controls\"><source type=\"audio\/mpeg\" src=\"https:\/\/www.radiopiu.net\/wordpress\/wp-content\/uploads\/2024\/04\/GIORNALEDELLESEI-9.mp3?_=2\" \/><a href=\"https:\/\/www.radiopiu.net\/wordpress\/wp-content\/uploads\/2024\/04\/GIORNALEDELLESEI-9.mp3\">https:\/\/www.radiopiu.net\/wordpress\/wp-content\/uploads\/2024\/04\/GIORNALEDELLESEI-9.mp3<\/a><\/audio>\n<p>&nbsp;<\/p>\n<hr \/>\n<p>&nbsp;<\/p>\n<h1 style=\"text-align: center;\"><span style=\"color: #ff0000;\">I podcast informativi del mattino &#8211; audio &#8211;\u00a0<\/span><\/h1>\n<p><strong><a class=\"dt-pswp-item\" href=\"https:\/\/www.radiopiu.net\/wordpress\/wp-content\/uploads\/2023\/12\/images.png\" data-dt-img-description=\"\" data-large_image_width=\"316\" data-large_image_height=\"160\"><img loading=\"lazy\" decoding=\"async\" class=\"wp-image-367008 alignleft\" src=\"https:\/\/www.radiopiu.net\/wordpress\/wp-content\/uploads\/2023\/12\/images-300x152.png\" alt=\"\" width=\"235\" height=\"119\" srcset=\"https:\/\/www.radiopiu.net\/wordpress\/wp-content\/uploads\/2023\/12\/images-300x152.png 300w, https:\/\/www.radiopiu.net\/wordpress\/wp-content\/uploads\/2023\/12\/images.png 316w\" sizes=\"auto, (max-width: 235px) 100vw, 235px\" \/><\/a>OGNI GIORNO ALLE SETTE DEL MATTINO, LA RASSEGNA STAMPA LOCALE FLASH&#8230; PER CHI VA IN FRETTA. I TITOLI DAI GIORNALI E DAL SITO WWW.RADIOPIU.NET <span style=\"color: #0000ff;\">viene pubblicato alle 7.00<\/span> <span style=\"color: #ff0000;\">DIRETTA RADIO\u00a0<\/span><\/strong><\/p>\n<p><em><span style=\"color: #ff0000;\">per chi va in fretta&#8230; tante notizie in pochi minuti. L&#8217;informazione locale alla radio, ogni ora dalle 7 del mattino alle 19 della sera.\u00a0 \u00a0 \u00a0<\/span><\/em><\/p>\n<p>&nbsp;<\/p>\n<p><em><span style=\"color: #ff0000;\"><span style=\"color: #000000;\"><strong>ACQUA<\/strong> NON POTABILE A COL DI CARRERA DI TAIBON REDAZIONE in LOCALITA\u2019 COL DE CARRERA l\u2019acqua erogata dall\u2019acquedotto non \u00e8 potabile e pu\u00f2 essere usata per scopi alimentari SOLO PREVIA bollitura. Verr\u00e0 effettuato servizio sostitutivo con cisterna posizionata presso il CENTRO di Col De Carrera.<\/span><br \/>\n<span style=\"color: #000000;\"><strong>ACQUA<\/strong> NON POTABILE A VOLTAGO E RIVAMONTE VOLTAGO in localit\u00e0 BERTOI, FRASSENE\u2019, VILLA, VIA GIOA e in VIA STRUZ e a <\/span><\/span><\/em><span style=\"color: #ff0000;\"><span style=\"color: #000000;\"><strong>RIVAMONTE<\/strong><\/span><\/span><em><span style=\"color: #ff0000;\"><span style=\"color: #000000;\"> AGORDINO in VIA ROSSON CIVICO N. 25 e VIA VILLAGRANDE CIVICI N. 45 e 4A l\u2019acqua erogata dall\u2019acquedotto non \u00e8 potabile e pu\u00f2 essere usata per scopi alimentari SOLO PREVIA bollitura.<\/span><br \/>\n<\/span><\/em><strong><span style=\"color: #ff0000;\"><span style=\"color: #000000;\">AURONZO<\/span><\/span><\/strong><em><span style=\"color: #ff0000;\"><span style=\"color: #000000;\"> un escursionista scendendo con un amico dal Bivacco Fanton, ha riportato la distorsione della caviglia. L\u2019elicottero del Suem di Pieve di Cadore \u00e8 volato a circa 2.300 metri di quota e ha individuato i due che si stavano muovendo sulla neve al momento dell\u2019incidente. Il ventenne di nazionalit\u00e0 tedesca \u00e8 stato recuperato con un verricello di 20 metri assieme al compagno, trasportato a valle e controllato dall\u2019equipe medica. I due giovani sono poi rientrati autonomament<\/span>e.\u00a0<\/span><\/em><\/p>\n<h2>AUDIO dalle 7 del mattino<\/h2>\n<audio class=\"wp-audio-shortcode\" id=\"audio-383332-3\" preload=\"none\" style=\"width: 100%;\" controls=\"controls\"><source type=\"audio\/mpeg\" src=\"https:\/\/www.radiopiu.net\/wordpress\/wp-content\/uploads\/2024\/04\/GF07-7.mp3?_=3\" \/><a href=\"https:\/\/www.radiopiu.net\/wordpress\/wp-content\/uploads\/2024\/04\/GF07-7.mp3\">https:\/\/www.radiopiu.net\/wordpress\/wp-content\/uploads\/2024\/04\/GF07-7.mp3<\/a><\/audio>\n<p>&nbsp;<\/p>\n<hr \/>\n<p>&nbsp;<\/p>\n<h1><\/h1>\n<h1 style=\"text-align: center;\"><span style=\"color: #ff0000;\"><a class=\"dt-pswp-item\" href=\"https:\/\/www.radiopiu.net\/wordpress\/wp-content\/uploads\/2022\/01\/026c3f9d-dae9-4040-a3c1-a6530231bcc3.jpg\" data-dt-img-description=\"\" data-large_image_width=\"1152\" data-large_image_height=\"2048\"><img loading=\"lazy\" decoding=\"async\" class=\"wp-image-251839 alignleft\" src=\"https:\/\/www.radiopiu.net\/wordpress\/wp-content\/uploads\/2022\/01\/026c3f9d-dae9-4040-a3c1-a6530231bcc3-169x300.jpg\" alt=\"\" width=\"100\" height=\"177\" srcset=\"https:\/\/www.radiopiu.net\/wordpress\/wp-content\/uploads\/2022\/01\/026c3f9d-dae9-4040-a3c1-a6530231bcc3-169x300.jpg 169w, https:\/\/www.radiopiu.net\/wordpress\/wp-content\/uploads\/2022\/01\/026c3f9d-dae9-4040-a3c1-a6530231bcc3-576x1024.jpg 576w, https:\/\/www.radiopiu.net\/wordpress\/wp-content\/uploads\/2022\/01\/026c3f9d-dae9-4040-a3c1-a6530231bcc3-768x1365.jpg 768w, https:\/\/www.radiopiu.net\/wordpress\/wp-content\/uploads\/2022\/01\/026c3f9d-dae9-4040-a3c1-a6530231bcc3-864x1536.jpg 864w, https:\/\/www.radiopiu.net\/wordpress\/wp-content\/uploads\/2022\/01\/026c3f9d-dae9-4040-a3c1-a6530231bcc3.jpg 1152w\" sizes=\"auto, (max-width: 100px) 100vw, 100px\" \/><\/a>I podcast informativi del mattino &#8211; audio &#8211;\u00a0<\/span><\/h1>\n<blockquote><p><strong>GIORNALE RADIO NAZIONALE, EDIZIONE DELLE SETTE <span style=\"color: #0000ff;\">viene pubblicato alle 7.05 <span style=\"color: #ff0000;\">DIRETTA RADIO\u00a0<\/span><\/span><\/strong><\/p><\/blockquote>\n<p><strong>il giornale radionazionale e&#8217; in onda ogni ora, dalle sette del mattino alle venti della sera\u00a0\u00a0<\/strong><\/p>\n<p>&nbsp;<\/p>\n<p>&nbsp;<\/p>\n<p><strong>Cronaca<\/strong> Incendio in centrale Enel 15 coinvolti nell&#8217;esplosione della turbina <strong>Turisti arrestati<\/strong> per una violenza di gruppo a Palma di Maiorca, sono in carcere senza cauzione, rischiano 25 anni di carcere ciascuno. <strong>Francese di 22 anni l<\/strong>a ragazza trovata morta in Valle d&#8217;Aosta, giovane fermato all&#8217;estero. Scomprsa a 78 anni Paola Gassman figlia di Vittorio, era malata.<\/p>\n<h2>AUDIO dalle sette del mattino, ogni ora alla radio<\/h2>\n<audio class=\"wp-audio-shortcode\" id=\"audio-383332-4\" preload=\"none\" style=\"width: 100%;\" controls=\"controls\"><source type=\"audio\/mpeg\" src=\"https:\/\/www.radiopiu.net\/wordpress\/wp-content\/uploads\/2024\/04\/giornale07-9.mp3?_=4\" \/><a href=\"https:\/\/www.radiopiu.net\/wordpress\/wp-content\/uploads\/2024\/04\/giornale07-9.mp3\">https:\/\/www.radiopiu.net\/wordpress\/wp-content\/uploads\/2024\/04\/giornale07-9.mp3<\/a><\/audio>\n<p>&nbsp;<\/p>\n<p>&nbsp;<\/p>\n<h2><\/h2>\n<hr \/>\n<p>&nbsp;<\/p>\n<p>&nbsp;<\/p>\n<h1><span style=\"color: #ff0000;\">I podcast informativi del mattino &#8211; video &#8211;\u00a0<\/span><\/h1>\n<h2><strong><a class=\"dt-pswp-item\" href=\"https:\/\/www.radiopiu.net\/wordpress\/wp-content\/uploads\/2023\/12\/th-10.jpg\" data-dt-img-description=\"\" data-large_image_width=\"245\" data-large_image_height=\"180\"><img loading=\"lazy\" decoding=\"async\" class=\" wp-image-367395 alignleft\" src=\"https:\/\/www.radiopiu.net\/wordpress\/wp-content\/uploads\/2023\/12\/th-10.jpg\" alt=\"\" width=\"166\" height=\"122\" \/><\/a>RASSEGNA STAMPA LOCALE, ORE OTTO 05<\/strong><\/h2>\n<h2><strong> <span style=\"color: #0000ff;\">viene\u00a0 <\/span><\/strong><strong><span style=\"color: #0000ff;\">pubblicata alle 8.05 <span style=\"color: #ff0000;\">DIRETTA RADIO\u00a0\u00a0<\/span><\/span><\/strong><\/h2>\n<p><strong>DI MIRKO MEZZACASA\u00a0 \u00a0 <\/strong><\/p>\n<p><strong>\u00a0<\/strong><\/p>\n<p>&nbsp;<\/p>\n<p><strong>FALCADE\u00a0<\/strong> ieri\u00a0 tra le 12 e le 13, dopo l&#8217;orario di chiusura, incendio all&#8217;econcentro di Falcade, cause per ora sconosciute. Sono gli stessi cittadini di Falcade che hanno chiamato il 115. Sul posto i vigili del fuoco di Agordo con due mezzi. Confermiamo che i danni fortunatamente sono stati pochi &#8211; &#8211; precisa Valpe &#8211;\u00a0 e l&#8217;area \u00e8 gi\u00e0 stata pulita e ripristinata per la prossima apertura. I cittadini potranno, quindi, recarsi in totale sicurezza in questa struttura, che sar\u00e0 regolarmente aperta gioved\u00ec pomeriggio con orario 14.30-17.30.<br \/>\n<a class=\"dt-pswp-item\" href=\"https:\/\/www.radiopiu.net\/wordpress\/wp-content\/uploads\/2024\/04\/COPPE2.png\" data-dt-img-description=\"\" data-large_image_width=\"546\" data-large_image_height=\"248\"><img loading=\"lazy\" decoding=\"async\" class=\"size-medium wp-image-383458 alignright\" src=\"https:\/\/www.radiopiu.net\/wordpress\/wp-content\/uploads\/2024\/04\/COPPE2-300x136.png\" alt=\"\" width=\"300\" height=\"136\" srcset=\"https:\/\/www.radiopiu.net\/wordpress\/wp-content\/uploads\/2024\/04\/COPPE2-300x136.png 300w, https:\/\/www.radiopiu.net\/wordpress\/wp-content\/uploads\/2024\/04\/COPPE2.png 546w\" sizes=\"auto, (max-width: 300px) 100vw, 300px\" \/><\/a><strong>ROMA<\/strong> Lottiamo Insieme, nato nel 2023 a Roma, denuncia l\u2019abuso di contratti precari da parte di Poste Italiane, con 90.000 casi in 7 anni, chiedendo interventi governativi per l\u2019occupazione stabile. Il movimento, con centinaia di iscritti in Italia, organizza proteste informative. Un sit-in \u00e8 previsto il 17 aprile a Roma presso il quartier generale di Poste Italiane, supportato dai sindacati Cobas Poste, Cub Poste, Slg Cub Poste, e Clap.<br \/>\n<strong>SELVA DI CADORE<\/strong> Strada per la Val Fiorentina, eccezionali le briglie contro il dissesto idrogeologico, ma forse una manutenzione puntuale potrebbe evitare intasamenti da grossi tronchi e ramaglie che in caso di piene improvvise non aiuteranno di certo ad evitare inconvenienti<\/p>\n<p>&nbsp;<\/p>\n<p>&nbsp;<\/p>\n<blockquote>\n<h1>LA MOZIONE CONTRO IL VANOI NON PASSA &#8211; LA REGIONE IL PROGETTO NON LO RITIRA<\/h1>\n<\/blockquote>\n<p>&nbsp;<\/p>\n<p><strong><a class=\"dt-pswp-item\" href=\"https:\/\/www.radiopiu.net\/wordpress\/wp-content\/uploads\/2023\/10\/diga-vanoi.jpg\" data-dt-img-description=\"\" data-large_image_width=\"382\" data-large_image_height=\"254\"><img loading=\"lazy\" decoding=\"async\" class=\"wp-image-356183 alignleft\" src=\"https:\/\/www.radiopiu.net\/wordpress\/wp-content\/uploads\/2023\/10\/diga-vanoi-300x199.jpg\" alt=\"\" width=\"142\" height=\"94\" srcset=\"https:\/\/www.radiopiu.net\/wordpress\/wp-content\/uploads\/2023\/10\/diga-vanoi-300x199.jpg 300w, https:\/\/www.radiopiu.net\/wordpress\/wp-content\/uploads\/2023\/10\/diga-vanoi.jpg 382w\" sizes=\"auto, (max-width: 142px) 100vw, 142px\" \/><\/a>APERTURA DELLA RASSEGNA STAMPA DI OGGI<\/strong><\/p>\n<p>DI MIRKO MEZZACASA<\/p>\n<p>in diretta alla radio IL CONSIGLIERE REGIONALE\u00a0 Silvia Cestaro<em> &#8220;Io e Puppato potevamo votare a favore, ma non avrebbe modificato nulla visto il numero di favorevoli&#8221;.<\/em><\/p>\n<audio class=\"wp-audio-shortcode\" id=\"audio-383332-5\" preload=\"none\" style=\"width: 100%;\" controls=\"controls\"><source type=\"audio\/mpeg\" src=\"https:\/\/www.radiopiu.net\/wordpress\/wp-content\/uploads\/2024\/04\/SILVIA-CESTARO-A-RADIOPIU.mp3?_=5\" \/><a href=\"https:\/\/www.radiopiu.net\/wordpress\/wp-content\/uploads\/2024\/04\/SILVIA-CESTARO-A-RADIOPIU.mp3\">https:\/\/www.radiopiu.net\/wordpress\/wp-content\/uploads\/2024\/04\/SILVIA-CESTARO-A-RADIOPIU.mp3<\/a><\/audio>\n<p>&nbsp;<\/p>\n<p>Mi sono presa la responsabilit\u00e0 di trovare un accordo su un testo che rispecchiasse la verit\u00e0 e fosse condiviso anche dalla maggioranza. Ieri a pochi minuti dall&#8217;inizio del consiglio la minoranza ha fatto un passo indietro e ha emendato la mozione che gi\u00e0 aveva un parere negativo da parte di Bottacin e dei capigruppo scatenando un dibattito ancora pi\u00f9 acceso. A questo punto ho deciso di presentare un testo alternativo che sar\u00e0 depositato oggi.\u00a0 Lo scopo deve essere quello del raggiungimento dell&#8217;obbiettivo e non della propaganda politica.<em> &#8220;Tra l&#8217;altro il pd ad Agosto 2022 ha votato a favore della mozione dello stesso Pan che chiedeva un accelerazione sulla realizzazione della diga del Vanoi. Alla faccia della coerenza&#8221;.<\/em><\/p>\n<p>&nbsp;<\/p>\n<p>&nbsp;<\/p>\n<h2><strong>VIDEO\u00a0 \u00a0in diretta dalle 8 del mattino<\/strong><\/h2>\n<p><iframe loading=\"lazy\" title=\"DAL 1983 LA RASSEGNA STAMPA LOCALE di mirko mezzacasa. L&#039;ORIGINALE\" width=\"1200\" height=\"675\" src=\"https:\/\/www.youtube.com\/embed\/ic9DcMQdLPs?feature=oembed\" frameborder=\"0\" allow=\"accelerometer; autoplay; clipboard-write; encrypted-media; gyroscope; picture-in-picture; web-share\" referrerpolicy=\"strict-origin-when-cross-origin\" allowfullscreen><\/iframe><\/p>\n\n\t\t\t<style type='text\/css'>\n\t\t\t\t#gallery-1 {\n\t\t\t\t\tmargin: auto;\n\t\t\t\t}\n\t\t\t\t#gallery-1 .gallery-item {\n\t\t\t\t\tfloat: left;\n\t\t\t\t\tmargin-top: 10px;\n\t\t\t\t\ttext-align: center;\n\t\t\t\t\twidth: 33%;\n\t\t\t\t}\n\t\t\t\t#gallery-1 img {\n\t\t\t\t\tborder: 2px solid #cfcfcf;\n\t\t\t\t}\n\t\t\t\t#gallery-1 .gallery-caption {\n\t\t\t\t\tmargin-left: 0;\n\t\t\t\t}\n\t\t\t\t\/* see gallery_shortcode() in wp-includes\/media.php *\/\n\t\t\t<\/style>\n\t\t<div id='gallery-1' class='dt-gallery-container gallery galleryid-383332 gallery-columns-3 gallery-size-thumbnail'><dl class='gallery-item'>\n\t\t\t\t<dt class='gallery-icon landscape'>\n\t\t\t\t\t<a class=\"rollover rollover-zoom dt-pswp-item\" title=\"COPPE1\" data-dt-img-description=\"\" data-large_image_width=\"441\" data-large_image_height=\"256\"href='https:\/\/www.radiopiu.net\/wordpress\/wp-content\/uploads\/2024\/04\/COPPE1.png'><img loading=\"lazy\" decoding=\"async\" width=\"150\" height=\"150\" src=\"https:\/\/www.radiopiu.net\/wordpress\/wp-content\/uploads\/2024\/04\/COPPE1-150x150.png\" class=\"attachment-thumbnail size-thumbnail\" alt=\"\" \/><\/a>\n\t\t\t\t<\/dt><\/dl><dl class='gallery-item'>\n\t\t\t\t<dt class='gallery-icon landscape'>\n\t\t\t\t\t<a class=\"rollover rollover-zoom dt-pswp-item\" title=\"COPPE2\" data-dt-img-description=\"\" data-large_image_width=\"546\" data-large_image_height=\"248\"href='https:\/\/www.radiopiu.net\/wordpress\/wp-content\/uploads\/2024\/04\/COPPE2.png'><img loading=\"lazy\" decoding=\"async\" width=\"150\" height=\"150\" src=\"https:\/\/www.radiopiu.net\/wordpress\/wp-content\/uploads\/2024\/04\/COPPE2-150x150.png\" class=\"attachment-thumbnail size-thumbnail\" alt=\"\" \/><\/a>\n\t\t\t\t<\/dt><\/dl><dl class='gallery-item'>\n\t\t\t\t<dt class='gallery-icon landscape'>\n\t\t\t\t\t<a class=\"rollover rollover-zoom dt-pswp-item\" title=\"COPPE3\" data-dt-img-description=\"\" data-large_image_width=\"427\" data-large_image_height=\"214\"href='https:\/\/www.radiopiu.net\/wordpress\/wp-content\/uploads\/2024\/04\/COPPE3.png'><img loading=\"lazy\" decoding=\"async\" width=\"150\" height=\"150\" src=\"https:\/\/www.radiopiu.net\/wordpress\/wp-content\/uploads\/2024\/04\/COPPE3-150x150.png\" class=\"attachment-thumbnail size-thumbnail\" alt=\"\" \/><\/a>\n\t\t\t\t<\/dt><\/dl><br style=\"clear: both\" \/>\n\t\t\t<\/div>\n\n<p>&nbsp;<\/p>\n<p>&nbsp;<\/p>\n<hr \/>\n<p><strong>\u00a0 \u00a0 \u00a0<\/strong><\/p>\n<div class=\"page-title-head hgroup\">\n<blockquote>\n<h3 class=\"entry-title\">SI INFORTUNA IN DISCESA DAL BIVACCO FANTON<\/h3>\n<\/blockquote>\n<\/div>\n<div class=\"page-title-breadcrumbs\"><img loading=\"lazy\" decoding=\"async\" class=\"alignleft\" src=\"https:\/\/www.radiopiu.net\/wordpress\/wp-content\/uploads\/2024\/03\/salt-croce-verde-val-biois-1.jpg\" width=\"180\" height=\"135\" \/><strong>AURONZO<\/strong>\u00a0 un escursionista scendendo con un amico dal Bivacco Fanton, ha riportato la\u00a0 distorsione della caviglia. L&#8217;elicottero del Suem di Pieve di Cadore \u00e8 volato a circa 2.300 metri di quota e ha individuato i due che si stavano muovendo sulla neve al momento dell&#8217;incidente. Il ventenne di nazionalit\u00e0 tedesca \u00e8 stato recuperato con un verricello di 20 metri assieme al compagno, trasportato a valle e controllato dall&#8217;equipe medica. I due giovani sono poi rientrati autonomamente.<\/div>\n<p>&nbsp;<\/p>\n<p>&nbsp;<\/p>\n<hr \/>\n<p>&nbsp;<\/p>\n<div class=\"page-title-head hgroup\">\n<blockquote>\n<h3 class=\"entry-title\">INCENDIO ALL\u2019ECOCENTRO DI FALCADE, NESSUN DANNO STRUTTURALE<\/h3>\n<\/blockquote>\n<\/div>\n<div class=\"page-title-breadcrumbs\">\n<p><strong>FALCADE\u00a0<\/strong> ieri\u00a0 tra le 12 e le 13, dopo l&#8217;orario di chiusura, incendio all&#8217;econcentro di Falcade, cause per ora sconosciute. Sono gli stessi cittadini di Falcade che hanno chiamato il 115. Sul posto i vigili del fuoco di Agordo con due mezzi. Il primo cittadino, Mauro Salvaterra. <em>&#8220;Dobbiamo sempre molto ai nostri vigili del fuoco, il loro repentino intervento, velocissimo, ha evitato il peggio, che le fiamme si propagassero, che venisse interessata anche la struttura fortunatamente molto alta&#8221;.<\/em> L&#8217;ecocentro \u00e8 di propriet\u00e0\u00a0 del Comune di Falcade. Da Valpe Ambiente l&#8217;interessamento immediato<em>\u00a0&#8220;Infatti &#8211; dice il sindaco &#8211; subito contattati si sono messi a disposizione per risolvere la crisi. Tra l&#8217;altro non sono previste chiusure&#8221;.<\/em><\/p>\n<p><strong>Confermiamo che i danni fortunatamente sono stati pochi &#8211; &#8211; precisa Valpe &#8211;\u00a0 e l&#8217;area \u00e8 gi\u00e0 stata pulita e ripristinata per la prossima apertura. I cittadini potranno, quindi, recarsi in totale sicurezza in questa struttura, che sar\u00e0 regolarmente aperta gioved\u00ec pomeriggio con orario 14.30-17.30.<\/strong><\/p>\n<p>&nbsp;<\/p>\n\n\t\t\t<style type='text\/css'>\n\t\t\t\t#gallery-2 {\n\t\t\t\t\tmargin: auto;\n\t\t\t\t}\n\t\t\t\t#gallery-2 .gallery-item {\n\t\t\t\t\tfloat: left;\n\t\t\t\t\tmargin-top: 10px;\n\t\t\t\t\ttext-align: center;\n\t\t\t\t\twidth: 25%;\n\t\t\t\t}\n\t\t\t\t#gallery-2 img {\n\t\t\t\t\tborder: 2px solid #cfcfcf;\n\t\t\t\t}\n\t\t\t\t#gallery-2 .gallery-caption {\n\t\t\t\t\tmargin-left: 0;\n\t\t\t\t}\n\t\t\t\t\/* see gallery_shortcode() in wp-includes\/media.php *\/\n\t\t\t<\/style>\n\t\t<div id='gallery-2' class='dt-gallery-container gallery galleryid-383332 gallery-columns-4 gallery-size-thumbnail'><dl class='gallery-item'>\n\t\t\t\t<dt class='gallery-icon landscape'>\n\t\t\t\t\t<a class=\"rollover rollover-zoom dt-pswp-item\" title=\"36d9bbe1-20c6-421c-823a-8575018d84b1\" data-dt-img-description=\"\" data-large_image_width=\"1600\" data-large_image_height=\"1200\"href='https:\/\/www.radiopiu.net\/wordpress\/wp-content\/uploads\/2024\/04\/36d9bbe1-20c6-421c-823a-8575018d84b1.jpg'><img loading=\"lazy\" decoding=\"async\" width=\"150\" height=\"150\" src=\"https:\/\/www.radiopiu.net\/wordpress\/wp-content\/uploads\/2024\/04\/36d9bbe1-20c6-421c-823a-8575018d84b1-150x150.jpg\" class=\"attachment-thumbnail size-thumbnail\" alt=\"\" \/><\/a>\n\t\t\t\t<\/dt><\/dl><dl class='gallery-item'>\n\t\t\t\t<dt class='gallery-icon landscape'>\n\t\t\t\t\t<a class=\"rollover rollover-zoom dt-pswp-item\" title=\"ccd81379-be53-45e4-94c3-573a1cd25110\" data-dt-img-description=\"\" data-large_image_width=\"1600\" data-large_image_height=\"1200\"href='https:\/\/www.radiopiu.net\/wordpress\/wp-content\/uploads\/2024\/04\/ccd81379-be53-45e4-94c3-573a1cd25110.jpg'><img loading=\"lazy\" decoding=\"async\" width=\"150\" height=\"150\" src=\"https:\/\/www.radiopiu.net\/wordpress\/wp-content\/uploads\/2024\/04\/ccd81379-be53-45e4-94c3-573a1cd25110-150x150.jpg\" class=\"attachment-thumbnail size-thumbnail\" alt=\"\" \/><\/a>\n\t\t\t\t<\/dt><\/dl><dl class='gallery-item'>\n\t\t\t\t<dt class='gallery-icon portrait'>\n\t\t\t\t\t<a class=\"rollover rollover-zoom dt-pswp-item\" title=\"18f92180-cf89-491f-84d2-6305b5b5ebca\" data-dt-img-description=\"\" data-large_image_width=\"1200\" data-large_image_height=\"1600\"href='https:\/\/www.radiopiu.net\/wordpress\/wp-content\/uploads\/2024\/04\/18f92180-cf89-491f-84d2-6305b5b5ebca.jpg'><img loading=\"lazy\" decoding=\"async\" width=\"150\" height=\"150\" src=\"https:\/\/www.radiopiu.net\/wordpress\/wp-content\/uploads\/2024\/04\/18f92180-cf89-491f-84d2-6305b5b5ebca-150x150.jpg\" class=\"attachment-thumbnail size-thumbnail\" alt=\"\" \/><\/a>\n\t\t\t\t<\/dt><\/dl><dl class='gallery-item'>\n\t\t\t\t<dt class='gallery-icon landscape'>\n\t\t\t\t\t<a class=\"rollover rollover-zoom dt-pswp-item\" title=\"1c7f1f3d-9ad5-49c5-a6d2-110a435fc039\" data-dt-img-description=\"\" data-large_image_width=\"1600\" data-large_image_height=\"1200\"href='https:\/\/www.radiopiu.net\/wordpress\/wp-content\/uploads\/2024\/04\/1c7f1f3d-9ad5-49c5-a6d2-110a435fc039.jpg'><img loading=\"lazy\" decoding=\"async\" width=\"150\" height=\"150\" src=\"https:\/\/www.radiopiu.net\/wordpress\/wp-content\/uploads\/2024\/04\/1c7f1f3d-9ad5-49c5-a6d2-110a435fc039-150x150.jpg\" class=\"attachment-thumbnail size-thumbnail\" alt=\"\" \/><\/a>\n\t\t\t\t<\/dt><\/dl><br style=\"clear: both\" \/>\n\t\t\t<\/div>\n\n<p>&nbsp;<\/p>\n<hr \/>\n<p>&nbsp;<\/p>\n<blockquote>\n<h3>UN SIT-IN A ROMA PER LA RIVOLTA DEI PRECARI DI POSTE ITALIANE<\/h3>\n<\/blockquote>\n<p><strong><a class=\"dt-pswp-item\" href=\"https:\/\/www.radiopiu.net\/wordpress\/wp-content\/uploads\/2024\/04\/IMG-20231128-WA0062.jpg\" data-dt-img-description=\"\" data-large_image_width=\"1600\" data-large_image_height=\"1200\"><img loading=\"lazy\" decoding=\"async\" class=\" wp-image-383376 alignleft\" src=\"https:\/\/www.radiopiu.net\/wordpress\/wp-content\/uploads\/2024\/04\/IMG-20231128-WA0062-300x225.jpg\" alt=\"\" width=\"116\" height=\"87\" srcset=\"https:\/\/www.radiopiu.net\/wordpress\/wp-content\/uploads\/2024\/04\/IMG-20231128-WA0062-300x225.jpg 300w, https:\/\/www.radiopiu.net\/wordpress\/wp-content\/uploads\/2024\/04\/IMG-20231128-WA0062-1024x768.jpg 1024w, https:\/\/www.radiopiu.net\/wordpress\/wp-content\/uploads\/2024\/04\/IMG-20231128-WA0062-768x576.jpg 768w, https:\/\/www.radiopiu.net\/wordpress\/wp-content\/uploads\/2024\/04\/IMG-20231128-WA0062-1536x1152.jpg 1536w, https:\/\/www.radiopiu.net\/wordpress\/wp-content\/uploads\/2024\/04\/IMG-20231128-WA0062.jpg 1600w\" sizes=\"auto, (max-width: 116px) 100vw, 116px\" \/><\/a>ROMA<\/strong> Lottiamo Insieme, nato nel 2023 a Roma, denuncia l&#8217;abuso di contratti precari da parte di Poste Italiane, con 90.000 casi in 7 anni, chiedendo interventi governativi per l&#8217;occupazione stabile. Il movimento, con centinaia di iscritti in Italia, organizza proteste informative. Un sit-in \u00e8 previsto il 17 aprile a Roma presso il quartier generale di Poste Italiane, supportato dai sindacati Cobas Poste, Cub Poste, Slg Cub Poste, e Clap.<\/p>\n<p>&nbsp;<\/p>\n<p>&nbsp;<\/p>\n<h1>PER NON DIMENTICARE!<\/h1>\n<p><span style=\"color: #ff0000;\"><strong>IERI ALLA RADIO, TRA GLI ARTICOLI PIU&#8217; VISUALIZZATI SUL SITO RADIOPIU.IT E PIU&#8217; ASCOLTATI ALLA RADIO PIU&#8217;<\/strong><\/span><\/p>\n<div class=\"page-title-head hgroup\">\n<h1 class=\"entry-title\">LE POSTE NEL CAPOLUOGO, NELLA TERRA DI LUXOTTICA\u2026.CHE FIGURE.<\/h1>\n<\/div>\n<div class=\"page-title-breadcrumbs\">\n<p><strong><img loading=\"lazy\" decoding=\"async\" class=\"alignleft\" src=\"https:\/\/www.radiopiu.net\/wordpress\/wp-content\/uploads\/2023\/11\/POSTE.png\" width=\"369\" height=\"192\" \/>REDAZIONE<\/strong> Dovrebbe essere l&#8217;ufficio simbolo, quello che fa da traino per la vallata. Dovrebbe essere l&#8217;ufficio specchio del bel Paese perch\u00e9 anche al servizio della grande multinazionale EssilorLuxottica. E&#8217; invece \u00e8 un ufficio <strong>perennemente nelle notizie di cronache per i disservizi,<\/strong> le denunce, le critiche sindacali, le continue proteste degli utenti. Ma \u00e8 mai possibile che tutto continui nel silenzio, o meglio tra le proteste di pochi inascoltati? Cosa deve ancora succedere perch\u00e9 la situazione migliori?<\/p>\n<blockquote><p><em>Ad Agordo siamo di nuovo nel caos &#8211; dice Luca Bof delegato provinciale Slc Cgil Belluno &#8211;\u00a0 gli utenti\u00a0 non ne possono pi\u00f9 e i preposti magari si chiedono pure cosa pretende la gente&#8230; questa settimana pi\u00f9 di qualcuno ricever\u00e0 l&#8217;Amico del Popolo di 3 settimane fa. La giacenza postale riasle a 15 e pi\u00f9 giorni fa e intanto pantalone continua a pagare a Poste Italiane costosi servizi.\u00a0 Poco il personale addetto alla consegna e le assunzioni sono a tempo determinato.<\/em><\/p>\n<p>foto: ANCHE RAI 3 SI E&#8217; INTERESSATA A SUO TEMPO DELLA PROBLEMATICA, SAREBBE GRADITO IL RITORNO AD AGORDO, MESI DOPO, PER TESTIMONIARE COME LA SITUAZIONE SIA CAMBIATA&#8230; IN PEGGIO VISTI I COMMENTI SINDACALI<\/p><\/blockquote>\n<\/div>\n<\/div>\n<p>&nbsp;<\/p>\n<p>&nbsp;<\/p>\n<hr \/>\n<p>&nbsp;<\/p>\n<blockquote>\n<h3>DILLO A RADIOPIU . . . BRIGLIE E TRONCHI IMBRIGLIATI<\/h3>\n<\/blockquote>\n<p><strong><a class=\"dt-pswp-item\" href=\"https:\/\/www.radiopiu.net\/wordpress\/wp-content\/uploads\/2024\/04\/53a4926f-a7d1-4833-9e41-e762df9d530d.jpg\" data-dt-img-description=\"\" data-large_image_width=\"1200\" data-large_image_height=\"1600\"><img loading=\"lazy\" decoding=\"async\" class=\"size-medium wp-image-383446 aligncenter\" src=\"https:\/\/www.radiopiu.net\/wordpress\/wp-content\/uploads\/2024\/04\/53a4926f-a7d1-4833-9e41-e762df9d530d-225x300.jpg\" alt=\"\" width=\"225\" height=\"300\" srcset=\"https:\/\/www.radiopiu.net\/wordpress\/wp-content\/uploads\/2024\/04\/53a4926f-a7d1-4833-9e41-e762df9d530d-225x300.jpg 225w, https:\/\/www.radiopiu.net\/wordpress\/wp-content\/uploads\/2024\/04\/53a4926f-a7d1-4833-9e41-e762df9d530d-768x1024.jpg 768w, https:\/\/www.radiopiu.net\/wordpress\/wp-content\/uploads\/2024\/04\/53a4926f-a7d1-4833-9e41-e762df9d530d-1152x1536.jpg 1152w, https:\/\/www.radiopiu.net\/wordpress\/wp-content\/uploads\/2024\/04\/53a4926f-a7d1-4833-9e41-e762df9d530d.jpg 1200w\" sizes=\"auto, (max-width: 225px) 100vw, 225px\" \/><\/a> <\/strong><\/p>\n<p><strong>SELVA DI CADORE<\/strong> Strada per la Val Fiorentina, eccezionali le briglie contro il dissesto idrogeologico, ma forse una manutenzione puntuale potrebbe evitare intasamenti da grossi tronchi e ramaglie che in caso di piene improvvise non aiuteranno di certo ad evitare inconvenienti.<\/p>\n\n\t\t\t<style type='text\/css'>\n\t\t\t\t#gallery-3 {\n\t\t\t\t\tmargin: auto;\n\t\t\t\t}\n\t\t\t\t#gallery-3 .gallery-item {\n\t\t\t\t\tfloat: left;\n\t\t\t\t\tmargin-top: 10px;\n\t\t\t\t\ttext-align: center;\n\t\t\t\t\twidth: 33%;\n\t\t\t\t}\n\t\t\t\t#gallery-3 img {\n\t\t\t\t\tborder: 2px solid #cfcfcf;\n\t\t\t\t}\n\t\t\t\t#gallery-3 .gallery-caption {\n\t\t\t\t\tmargin-left: 0;\n\t\t\t\t}\n\t\t\t\t\/* see gallery_shortcode() in wp-includes\/media.php *\/\n\t\t\t<\/style>\n\t\t<div id='gallery-3' class='dt-gallery-container gallery galleryid-383332 gallery-columns-3 gallery-size-thumbnail'><dl class='gallery-item'>\n\t\t\t\t<dt class='gallery-icon landscape'>\n\t\t\t\t\t<a class=\"rollover\" href='https:\/\/www.radiopiu.net\/wordpress\/dillo-a-radiopiu-briglie-e-tronchi-imbrigliati\/1aad4c10-d7fa-401e-9822-be34854da05a\/'><img loading=\"lazy\" decoding=\"async\" width=\"150\" height=\"150\" src=\"https:\/\/www.radiopiu.net\/wordpress\/wp-content\/uploads\/2024\/04\/1aad4c10-d7fa-401e-9822-be34854da05a-150x150.jpg\" class=\"attachment-thumbnail size-thumbnail\" alt=\"\" \/><\/a>\n\t\t\t\t<\/dt><\/dl><dl class='gallery-item'>\n\t\t\t\t<dt class='gallery-icon landscape'>\n\t\t\t\t\t<a class=\"rollover\" href='https:\/\/www.radiopiu.net\/wordpress\/dillo-a-radiopiu-briglie-e-tronchi-imbrigliati\/79f29853-659f-42b7-aa48-c1d68ae386e0\/'><img loading=\"lazy\" decoding=\"async\" width=\"150\" height=\"150\" src=\"https:\/\/www.radiopiu.net\/wordpress\/wp-content\/uploads\/2024\/04\/79f29853-659f-42b7-aa48-c1d68ae386e0-150x150.jpg\" class=\"attachment-thumbnail size-thumbnail\" alt=\"\" \/><\/a>\n\t\t\t\t<\/dt><\/dl><dl class='gallery-item'>\n\t\t\t\t<dt class='gallery-icon portrait'>\n\t\t\t\t\t<a class=\"rollover\" href='https:\/\/www.radiopiu.net\/wordpress\/dillo-a-radiopiu-briglie-e-tronchi-imbrigliati\/b242d78d-3560-4bde-b81f-a5143ce7b9a0\/'><img loading=\"lazy\" decoding=\"async\" width=\"150\" height=\"150\" src=\"https:\/\/www.radiopiu.net\/wordpress\/wp-content\/uploads\/2024\/04\/b242d78d-3560-4bde-b81f-a5143ce7b9a0-150x150.jpg\" class=\"attachment-thumbnail size-thumbnail\" alt=\"\" \/><\/a>\n\t\t\t\t<\/dt><\/dl><br style=\"clear: both\" \/>\n\t\t\t<\/div>\n\n<p>&nbsp;<\/p>\n<p>&nbsp;<\/p>\n<hr \/>\n<p>&nbsp;<\/p>\n<blockquote>\n<h3><strong>Il Veneto conferma il primato nella donazione d&#8217;organi: risultati positivi e incrementi significativi<\/strong><\/h3>\n<\/blockquote>\n<p><strong>VENEZIA<\/strong> Il Presidente della Regione Veneto, Luca Zaia, elogia i risultati della quinta edizione dell&#8217;Indice del Dono nazionale, che confermano la generosit\u00e0 della regione. L&#8217;aumento dei donatori di organi nel 2023 evidenzia una cultura del dono diffusa e un impegno condiviso tra sanitari, volontari e cittadini. Anche la donazione di tessuti e midollo osseo ha registrato un andamento positivo nel 2023, con un notevole aumento delle iscrizioni al registro IBMDR Veneto e delle donazioni effettive. Questi risultati confermano l&#8217;importanza della sensibilizzazione e della promozione della cultura del dono nella regione.<\/p>\n<p>&nbsp;<\/p>\n<hr \/>\n<blockquote>\n<h3><\/h3>\n<h3>ESSILORLUXOTTICA COMPLETA L&#8217;ACQUISIZIONE DI WASHIN PER ESPANDERE LA PRESENZA NEL RETAIL IN GIAPPONE<\/h3>\n<\/blockquote>\n<p><strong><a class=\"dt-pswp-item\" href=\"https:\/\/www.radiopiu.net\/wordpress\/wp-content\/uploads\/2024\/03\/LUXOTTICA.png\" data-dt-img-description=\"\" data-large_image_width=\"850\" data-large_image_height=\"385\"><img loading=\"lazy\" decoding=\"async\" class=\" wp-image-378173 alignleft\" src=\"https:\/\/www.radiopiu.net\/wordpress\/wp-content\/uploads\/2024\/03\/LUXOTTICA-300x136.png\" alt=\"\" width=\"210\" height=\"95\" srcset=\"https:\/\/www.radiopiu.net\/wordpress\/wp-content\/uploads\/2024\/03\/LUXOTTICA-300x136.png 300w, https:\/\/www.radiopiu.net\/wordpress\/wp-content\/uploads\/2024\/03\/LUXOTTICA-768x348.png 768w, https:\/\/www.radiopiu.net\/wordpress\/wp-content\/uploads\/2024\/03\/LUXOTTICA.png 850w\" sizes=\"auto, (max-width: 210px) 100vw, 210px\" \/><\/a>CHARENTON-LE-PONT (FRANCIA) <\/strong>EssilorLuxottica ha completato l&#8217;acquisizione di Washin Optical Co., retailer ottico giapponese con 70 negozi diretti, consolidando la sua presenza nel mercato dell\u2019ottica nipponico. L&#8217;accordo evidenzia l&#8217;attenzione per la qualit\u00e0 e il servizio al consumatore. Fondata nel 1951 da Toru Negishi, Washin \u00e8 nota per i suoi negozi di alta qualit\u00e0 nella regione di Kanto e a Tokyo. L&#8217;acquisizione permetter\u00e0 a EssilorLuxottica di comprendere meglio il retail ottico in Giappone e stimolare ulteriori investimenti nel paese. La societ\u00e0 ha gi\u00e0 investito in produzione &#8220;made in Japan&#8221; con Fukui Megane, esprimendo l&#8217;eccellenza artigianale del settore. Questo passo rafforza l&#8217;impegno a lungo termine nel valorizzare la cultura giapponese e a offrire innovazione ai clienti.<\/p>\n<p>&nbsp;<\/p>\n<p>&nbsp;<\/p>\n<hr \/>\n<p>&nbsp;<\/p>\n<blockquote>\n<h3>OGGI 172\u00b0 ANNIVERSARIO DELLA POLIZIA DI STATO<\/h3>\n<\/blockquote>\n<p><strong><a class=\"dt-pswp-item\" href=\"https:\/\/www.radiopiu.net\/wordpress\/wp-content\/uploads\/2022\/05\/POLIZIA-2.jpg\" data-dt-img-description=\"\" data-large_image_width=\"1920\" data-large_image_height=\"1080\"><img loading=\"lazy\" decoding=\"async\" class=\" wp-image-278033 alignleft\" src=\"https:\/\/www.radiopiu.net\/wordpress\/wp-content\/uploads\/2022\/05\/POLIZIA-2-300x169.jpg\" alt=\"\" width=\"154\" height=\"87\" srcset=\"https:\/\/www.radiopiu.net\/wordpress\/wp-content\/uploads\/2022\/05\/POLIZIA-2-300x169.jpg 300w, https:\/\/www.radiopiu.net\/wordpress\/wp-content\/uploads\/2022\/05\/POLIZIA-2-1024x576.jpg 1024w, https:\/\/www.radiopiu.net\/wordpress\/wp-content\/uploads\/2022\/05\/POLIZIA-2-768x432.jpg 768w, https:\/\/www.radiopiu.net\/wordpress\/wp-content\/uploads\/2022\/05\/POLIZIA-2-1536x864.jpg 1536w, https:\/\/www.radiopiu.net\/wordpress\/wp-content\/uploads\/2022\/05\/POLIZIA-2.jpg 1920w\" sizes=\"auto, (max-width: 154px) 100vw, 154px\" \/><\/a>BELLUNO<\/strong> Si festeggia oggi il 172\u00b0 anniversario della Polizia di Stato, con il tema &#8220;ESSERCI SEMPRE&#8221;. La cerimonia nazionale a Roma, trasmessa su Rai 1 e in streaming su YouTube e il sito ufficiale, inizia alle 10.50. A Belluno, il Questore e il Prefetto depongono una corona di alloro per i caduti presso la caserma Raniero. Alle 10.30, nella Prefettura, si premia il personale distinguendosi in operazioni di polizia e soccorso. Iniziative collaterali includono la presenza di operatori in divisa a piazza Duomo per illustrare il lavoro della Polizia di Stato.<\/p>\n<p>&nbsp;<\/p>\n<hr \/>\n<p>&nbsp;<\/p>\n<blockquote>\n<h3>A UN MESE DALLE ELEZIONI PROVINCIALI LO SCONTRO SI FA ACCESO<\/h3>\n<\/blockquote>\n<div class=\"articlePlainTitle\"><strong>La Provincia si pacca su Cortina due ore di dibattito poi il ritiro<\/strong><\/div>\n<p>&nbsp;<\/p>\n<p><strong class=\"photoswipe-wrapper\"><a class=\"dt-pswp-item pspw-wrap-ready\" href=\"https:\/\/www.radiopiu.net\/wordpress\/wp-content\/uploads\/2024\/01\/Senza-nome-34.png\" data-dt-img-description=\"\" data-large_image_width=\"239\" data-large_image_height=\"153\"><img loading=\"lazy\" decoding=\"async\" class=\"wp-image-369478 alignleft\" src=\"https:\/\/www.radiopiu.net\/wordpress\/wp-content\/uploads\/2024\/01\/Senza-nome-34.png\" alt=\"\" width=\"128\" height=\"82\" \/><\/a><\/strong><\/p>\n<p><strong>dal TG BELLUNESE di\u00a0 ANTENNA 3 ogni sera alle 19.30 sul canale 10 del digitale terrestre e alle 19 le anticipazioni alla radio.\u00a0\u00a0<\/strong><\/p>\n<p>&nbsp;<\/p>\n<blockquote><p>&nbsp;<\/p>\n<p><em>Parte del consiglio a porte chiuse, all&#8217;interno toni accesi<\/em><\/p><\/blockquote>\n<p><strong>BELLUNO<\/strong><\/p>\n<p><strong>TIZIANA BOLOGNANI, nel Tg il servizio integrale<\/strong><\/p>\n<audio class=\"wp-audio-shortcode\" id=\"audio-383332-6\" preload=\"none\" style=\"width: 100%;\" controls=\"controls\"><source type=\"audio\/mpeg\" src=\"https:\/\/www.radiopiu.net\/wordpress\/wp-content\/uploads\/2024\/04\/tiziana-servizio.mp3?_=6\" \/><a href=\"https:\/\/www.radiopiu.net\/wordpress\/wp-content\/uploads\/2024\/04\/tiziana-servizio.mp3\">https:\/\/www.radiopiu.net\/wordpress\/wp-content\/uploads\/2024\/04\/tiziana-servizio.mp3<\/a><\/audio>\n<p>&nbsp;<\/p>\n<div class=\"articlePlainText\"><strong>DIFESA DEL SUOLO<\/strong><\/div>\n<p>Il Consiglio Provinciale ha ratificato manovre in materia di Difesa del Suolo, destinando 100mila euro in somma urgenza per un intervento a Selle di Gosaldo, altri 500mila euro al fondo delle somme urgenze in vista della stagione dei temporali estivi e pianificando l&#8217;acquisto di terreni a Lozzo di Cadore per agevolare interventi di messa in sicurezza della frana di Revis.<\/p>\n<p><strong>FORMAZIONE OSS<\/strong><\/p>\n<p>La formazione degli operatori socio-sanitari \u00e8 ufficialmente inclusa nel Dup della Provincia di Belluno, con l&#8217;obiettivo di affrontare la critica carenza di queste figure, fondamentali nel settore della non autosufficienza e della disabilit\u00e0. Con almeno 400 posizioni non soddisfatte, l&#8217;emergenza \u00e8 evidente, con 250 unit\u00e0 in meno rispetto alle necessit\u00e0 delle strutture pubbliche e altre 200 mancanti nelle cooperative e nell&#8217;assistenza domiciliare. La Provincia si impegna a promuovere la formazione e il reclutamento di OSS, modificando il Dup 2024-2026 per includere iniziative in tal senso, con risorse e modalit\u00e0 da definire prossimamente.<\/p>\n<div class=\"articlePlainText\"><strong>AREE AGRICOLE DI PREGIO<\/strong><\/div>\n<p>via libera alla perimetrazione delle aree agricole di pregio, escludendo la realizzazione di impianti fotovoltaici, e ha approvato le proposte, nonostante le sette osservazioni dei Comuni. Questa perimetrazione pu\u00f2 essere rivista se i terreni restano inutilizzati per pi\u00f9 di 5 anni, ma le aziende agricole che ne abbiano bisogno per la propria attivit\u00e0 non sono soggette a questa restrizione.<\/p>\n<div class=\"articlePlainText\"><strong>AREE AGRICOLE DI PREGIO<\/strong><\/div>\n<p>approvata la convenzione per la riattivazione del Cras, individuando la zona di Villa Zuppani a Villiago come sede, con l&#8217;obiettivo di creare un&#8217;area ambientale di pregio a servizio del territorio bellunese. Sono gi\u00e0 in corso operazioni per il ripristino delle strutture e il Cras si occuper\u00e0 del recupero e della cura della fauna selvatica ferita, garantendo il suo ritorno in natura quando possi<\/p>\n<div class=\"articlePlainText\"><strong>NOMINE UPI<\/strong><\/div>\n<div class=\"articlePlainText\">nomina dei rappresentanti della Provincia all&#8217;assemblea Upi Veneto (Unione Province d&#8217;Italia). Sono stati designati Massimo Bortoluzzi, Marzio Sovilla e Vanessa De Francesch.<\/div>\n<div><\/div>\n<div><\/div>\n<div>\n<hr \/>\n<\/div>\n<div>\n<blockquote>\n<h3 class=\"_title post-title entry-title\">PRIMO SCONTRO IN PROVINCIA, CENTRO DESTRA E CENTRO SINISTRA GIA\u2019 AI FERRI CORTI<\/h3>\n<\/blockquote>\n<\/div>\n<h3>\u00a0Intervistati SILVIA CALLIGARO (CONSIGLIERA PROGETTO DOLOMITI), MARZIO SOVILLA (CONSIGLIERE LEGA GRUPPO MISTO), ROBERTO PADRIN (PRESIDENTE PROVINCIA DI BELLUNO) (Servizio di\u00a0<a href=\"https:\/\/antennatre.medianordest.it\/redazione\/Tiziana-Bolognani\/\">Tiziana Bolognani<\/a>)<\/h3>\n<div>\n<p><iframe loading=\"lazy\" title=\"PRIMO SCONTRO IN PROVINCIA, CENTRO DESTRA E CENTRO SINISTRA GIA&#039; AI FERRI CORTI | 09\/04\/2024\" width=\"1200\" height=\"675\" src=\"https:\/\/www.youtube.com\/embed\/3JnzpcMyNhM?feature=oembed\" frameborder=\"0\" allow=\"accelerometer; autoplay; clipboard-write; encrypted-media; gyroscope; picture-in-picture; web-share\" referrerpolicy=\"strict-origin-when-cross-origin\" allowfullscreen><\/iframe><\/p>\n<\/div>\n<p>&nbsp;<\/p>\n<hr \/>\n<p>&nbsp;<\/p>\n<p>&nbsp;<\/p>\n<blockquote>\n<h2>IL CONSIGLIO COMUNALE DI AGORDO, LE DIRETTE DI RADIO PIU&#8217;<\/h2>\n<\/blockquote>\n<p><strong>AGORDO<\/strong>\u00a0Consiglio comunale, in primo piano il futuro del polo educativo\u00a0 per i pi\u00f9 piccoli, la fusione tra Asilo Nido e Scuola materna con il contributo importante (oltre 130mila euro) del gruppo Luxottica.<br \/>\nFarmacia: notevole l\u2019utile che ripiana il deficit creato dall\u2019asilo nido. La \u201cminoranza\u201d attacca con dure critiche alla gestione della Farmacia. Per Selva Moretti ci sarebbero colpe con il personale in fuga e la mancanza di investimenti. <strong>UTILE FARMACIA 151 MILA EURO, 91 MILA IN PIU\u2019 DEL 2022 \u2013\u00a0 L\u2019UTILE PERMETTE IL PAREGGIO DI BILANCIO (+600EURO) PER IL DISAVANZO DELL\u2019ASILO NIDO. <\/strong><\/p>\n<p><iframe loading=\"lazy\" title=\"Diretta Esterna Radio Pi\u00f9\" width=\"1200\" height=\"675\" src=\"https:\/\/www.youtube.com\/embed\/hh7jvIiqpko?start=1314&#038;feature=oembed\" frameborder=\"0\" allow=\"accelerometer; autoplay; clipboard-write; encrypted-media; gyroscope; picture-in-picture; web-share\" referrerpolicy=\"strict-origin-when-cross-origin\" allowfullscreen><\/iframe><\/p>\n<p>&nbsp;<\/p>\n<p>&nbsp;<\/p>\n<hr \/>\n<p>&nbsp;<\/p>\n<blockquote>\n<h3>PATENTINO ANTINCENDIO PER LE ASSOCIAZIONI SPORTIVE<\/h3>\n<\/blockquote>\n<p><strong>BELLUNO<\/strong> Sono oltre una ventina i partecipanti al corso antincendio di secondo livello promosso e finanziato dal Comune di Belluno a favore delle societ\u00e0 sportive. La formazione si terr\u00e0 nelle giornate di venerd\u00ec 12 e di sabato 13 aprile. Le associazioni sportive sono una risorsa per la comunit\u00e0: il lavoro dei tanti volontari che si impegnano nella cura delle attivit\u00e0 proposte, soprattutto alla fascia pi\u00f9 giovane della popolazione, rappresenta un servizio importantissimo. Da qui l\u2019iniziativa del Comune di supportare le realt\u00e0 del settore offrendo loro la possibilit\u00e0 di frequentare gratuitamente un corso antincendio di secondo livello, per conseguire il patentino richiesto dalla normativa vigente.<\/p>\n<p><strong>L\u2019ASSESSORE ALLO SPORT, MONICA MAZZOCCOLI<\/strong><\/p>\n<p><iframe loading=\"lazy\" title=\"MAZZOCCOLI ANTINCENDIO\" width=\"1200\" height=\"675\" src=\"https:\/\/www.youtube.com\/embed\/7_yrd3NM08w?feature=oembed\" frameborder=\"0\" allow=\"accelerometer; autoplay; clipboard-write; encrypted-media; gyroscope; picture-in-picture; web-share\" referrerpolicy=\"strict-origin-when-cross-origin\" allowfullscreen><\/iframe><\/p>\n<p>&nbsp;<\/p>\n<p>&nbsp;<\/p>\n<hr \/>\n<p>&nbsp;<\/p>\n<blockquote>\n<h3>Biennio dedicato al rapporto tra donne e sport promosso dal Soroptimist nazionale a Belluno<\/h3>\n<\/blockquote>\n<p><strong><img loading=\"lazy\" decoding=\"async\" class=\"alignleft\" src=\"https:\/\/www.radiopiu.net\/wordpress\/wp-content\/uploads\/2024\/04\/0fc6ab24-c9fa-4f0c-8b5d-91c5dd9b3a8e-1.jpg\" width=\"194\" height=\"146\" \/>BELLUNO\u00a0<\/strong> Il prossimo biennio sar\u00e0 interamente dedicato al rapporto tra donne e sport, promosso dal Soroptimist nazionale. A Belluno, l&#8217;iniziativa avr\u00e0 inizio con la tradizionale Camminata del cuore e una conferenza scientifica organizzata dal club locale Soroptimist.<\/p>\n<p>&nbsp;<\/p>\n<p>&nbsp;<\/p>\n<p><strong>DI DANIELE DALVIT<\/strong><\/p>\n<audio class=\"wp-audio-shortcode\" id=\"audio-383332-7\" preload=\"none\" style=\"width: 100%;\" controls=\"controls\"><source type=\"audio\/mpeg\" src=\"https:\/\/www.radiopiu.net\/wordpress\/wp-content\/uploads\/2024\/04\/Radio-Piu-Servizio-Iniziative-Soroptimist-Belluno.mp3?_=7\" \/><a href=\"https:\/\/www.radiopiu.net\/wordpress\/wp-content\/uploads\/2024\/04\/Radio-Piu-Servizio-Iniziative-Soroptimist-Belluno.mp3\">https:\/\/www.radiopiu.net\/wordpress\/wp-content\/uploads\/2024\/04\/Radio-Piu-Servizio-Iniziative-Soroptimist-Belluno.mp3<\/a><\/audio>\n<p>&nbsp;<\/p>\n<hr \/>\n<p>&nbsp;<\/p>\n<p><span style=\"color: #ff0000;\"><strong>OGGI LA GIUDIZIARIA<\/strong><\/span><br \/>\n<span style=\"color: #ff0000;\"><strong>SINTESI DAL CORRIERE DELLE ALPI<\/strong><\/span><\/p>\n<p><span style=\"color: #ff0000;\"><strong>ARTICOLI DI GIGI SOSSO\u00a0<\/strong><\/span><\/p>\n<div><\/div>\n<div class=\"articlePlainTitle\"><strong>Sesso con una tredicenne, patteggia due anni<\/strong><\/div>\n<div class=\"articlePlainText\"><\/div>\n<div class=\"articlePlainText\">VALBELLUNA Lui non \u00e8 pi\u00f9 un ragazzino, lei aveva meno di 14 anni. Tra i due c&#8217;\u00e8 stato senz&#8217;altro un rapporto sessuale completo, che dopo la querela presentata dai genitori della ragazzina \u00e8 costato all&#8217;uomo un patteggiamento a due anni di reclusione (con la sospensione condizionale della pena) per atti sessuali con minore. Non ci sarebbe stata alcuna costrizione, ma con una giovanissima di 13 anni e 11 mesi non si pu\u00f2 parlare di sesso consenziente.\u00a0 L&#8217;uomo ha sempre ammesso le proprie responsabilit\u00e0, quindi ha concordato con il pubblico ministero titolare del fascicolo, Roberta Gallego, due anni di reclusione con pena sospesa, dopo un inevitabile risarcimento dei danni.<\/div>\n<p><strong>Indagini su Incendio a Bolzano: Processo per Impresa Edile e Progettista<\/strong><\/p>\n<p>BELLUNO Le indagini dei vigili del fuoco hanno rivelato che il rogo della palazzina di Bolzano \u00e8 partito dal tetto a causa del surriscaldamento della canna fumaria. La Procura ha chiesto il processo per L C, rappresentante dell&#8217;impresa edile, e R N, progettista dei lavori, risalenti al 2012, entrambi indagati per ipotesi di incendio. L&#8217;udienza \u00e8 fissata per il 28 maggio.<\/p>\n<div class=\"flex-1 overflow-hidden\">\n<div class=\"react-scroll-to-bottom--css-ywwkd-79elbk h-full\">\n<div class=\"react-scroll-to-bottom--css-ywwkd-1n7m0yu\">\n<div class=\"flex flex-col text-sm pb-9\">\n<div class=\"w-full text-token-text-primary\" data-testid=\"conversation-turn-69\">\n<div class=\"px-4 py-2 justify-center text-base md:gap-6 m-auto\">\n<div class=\"flex flex-1 text-base mx-auto gap-3 md:px-5 lg:px-1 xl:px-5 md:max-w-3xl lg:max-w-[40rem] xl:max-w-[48rem] group final-completion\">\n<div class=\"relative flex w-full flex-col agent-turn\">\n<div class=\"flex-col gap-1 md:gap-3\">\n<div class=\"mt-1 flex justify-start gap-3 empty:hidden\">\n<div class=\"text-gray-400 flex self-end lg:self-center items-center justify-center lg:justify-start mt-0 -ml-1 h-7 gap-[2px] visible\">\n<p><strong>Pattugliamento per Rapina ed Estorsione: Il Caso di S.K.<\/strong><\/p>\n<\/div>\n<\/div>\n<div class=\"pr-2 lg:pr-0\">\n<p>BELLUNO S.K., accusato di rapina da 20 euro e un mazzo di chiavi e di estorsione da 20 mila euro nei confronti dell&#8217;amante, ha richiesto di patteggiare. L&#8217;obiettivo \u00e8 ottenere una pena di due anni con sospensione, ma dipender\u00e0 anche dal risarcimento danni e dal percorso rieducativo. Dopo un periodo di detenzione, \u00e8 attualmente sottoposto all&#8217;obbligo di dimora e si dice cambiato. La parte offesa si \u00e8 costituita parte civile per ottenere un risarcimento danni.<\/p>\n<div class=\"flex-1 overflow-hidden\">\n<div class=\"react-scroll-to-bottom--css-ywwkd-79elbk h-full\">\n<div class=\"react-scroll-to-bottom--css-ywwkd-1n7m0yu\">\n<div class=\"flex flex-col text-sm pb-9\">\n<div class=\"w-full text-token-text-primary\" data-testid=\"conversation-turn-71\">\n<div class=\"px-4 py-2 justify-center text-base md:gap-6 m-auto\">\n<div class=\"flex flex-1 text-base mx-auto gap-3 md:px-5 lg:px-1 xl:px-5 md:max-w-3xl lg:max-w-[40rem] xl:max-w-[48rem] group final-completion\">\n<div class=\"relative flex w-full flex-col agent-turn\">\n<div class=\"flex-col gap-1 md:gap-3\">\n<div class=\"mt-1 flex justify-start gap-3 empty:hidden\">\n<div class=\"text-gray-400 flex self-end lg:self-center items-center justify-center lg:justify-start mt-0 -ml-1 h-7 gap-[2px] visible\"><\/div>\n<div>\n<p><strong>Titolo: &#8220;Truffa con Biglietti di Serie A: Assoluzione per Venditore<\/strong><\/p>\n<\/div>\n<\/div>\n<div class=\"pr-2 lg:pr-0\">\n<p>ALPAGO Una madre di famiglia, desiderosa di fare un regalo ai figli tifosi della Juventus, ha perso 320 euro su un sito non ufficiale di vendita biglietti. Il venditore \u00e8 stato assolto dall&#8217;accusa di truffa aggravata, ma la vittima non ha accettato alcun risarcimento e non si \u00e8 costituita parte civile. Nonostante i tentativi di risarcimento dell&#8217;indagato, la vittima ha rifiutato l&#8217;offerta. Il processo si \u00e8 concluso con una richiesta di assoluzione da parte sia dell&#8217;accusa che della difesa, con il giudice che ha emesso una sentenza di assoluzione.<\/p>\n<div class=\"flex-1 overflow-hidden\">\n<div class=\"react-scroll-to-bottom--css-fbcds-79elbk h-full\">\n<div class=\"react-scroll-to-bottom--css-fbcds-1n7m0yu\">\n<div class=\"flex flex-col text-sm pb-9\">\n<div class=\"w-full text-token-text-primary\" dir=\"auto\" data-testid=\"conversation-turn-5\">\n<div class=\"px-4 py-2 justify-center text-base md:gap-6 m-auto\">\n<div class=\"flex flex-1 text-base mx-auto gap-3 juice:gap-4 juice:md:gap-6 md:px-5 lg:px-1 xl:px-5 md:max-w-3xl lg:max-w-[40rem] xl:max-w-[48rem] group final-completion\">\n<div class=\"relative flex w-full flex-col agent-turn\">\n<div class=\"flex-col gap-1 md:gap-3\">\n<div class=\"mt-1 flex gap-3 empty:hidden\">\n<div class=\"text-gray-400 flex self-end lg:self-center items-center justify-center lg:justify-start mt-0 -ml-1 h-7 gap-[2px] visible\">\n<div class=\"flex\"><\/div>\n<div><\/div>\n<div>\n<hr \/>\n<\/div>\n<blockquote>\n<h3>l&#8217;ultimo capitolo. DAL COMUNE LA SEDE ALLA CROCE BIANCA.<\/h3>\n<\/blockquote>\n<div><\/div>\n<\/div>\n<\/div>\n<div class=\"pr-2 lg:pr-0\">\n<p><strong><img loading=\"lazy\" decoding=\"async\" class=\"alignleft\" src=\"https:\/\/www.radiopiu.net\/wordpress\/wp-content\/uploads\/2024\/04\/CROCE-BIANCA-ARABBA-SEDE.png\" width=\"223\" height=\"123\" \/>LIVINALLONGO<\/strong><\/p>\n<p><strong>DI LORENZO SORATROI<\/strong><\/p>\n<audio class=\"wp-audio-shortcode\" id=\"audio-383332-8\" preload=\"none\" style=\"width: 100%;\" controls=\"controls\"><source type=\"audio\/ogg\" src=\"https:\/\/www.radiopiu.net\/wordpress\/wp-content\/uploads\/2024\/04\/LORENZO-CROCE.ogg?_=8\" \/><a href=\"https:\/\/www.radiopiu.net\/wordpress\/wp-content\/uploads\/2024\/04\/LORENZO-CROCE.ogg\">https:\/\/www.radiopiu.net\/wordpress\/wp-content\/uploads\/2024\/04\/LORENZO-CROCE.ogg<\/a><\/audio>\n<p>&nbsp;<\/p>\n<\/div>\n<\/div>\n<\/div>\n<\/div>\n<\/div>\n<\/div>\n<\/div>\n<\/div>\n<\/div>\n<\/div>\n<\/div>\n<\/div>\n<\/div>\n<\/div>\n<\/div>\n<\/div>\n<\/div>\n<\/div>\n<\/div>\n<\/div>\n<\/div>\n<\/div>\n<\/div>\n<\/div>\n<\/div>\n<\/div>\n<\/div>\n<\/div>\n<\/div>\n<\/div>\n<p>&nbsp;<\/p>\n<p>&nbsp;<\/p>\n<hr \/>\n<p>&nbsp;<\/p>\n<blockquote>\n<h3><strong>Disponibili online le certificazioni esenzioni per reddito dal 9 aprile 2024<\/strong><\/h3>\n<\/blockquote>\n<p><strong>BELLUNO<\/strong> L&#8217;Azienda ULSS 1 Dolomiti informa che le certificazioni delle esenzioni per reddito saranno accessibili dal 9 aprile 2024 sul portale <a href=\"https:\/\/salute.regione.veneto.it\/\" target=\"_new\" rel=\"noopener\">salute.regione.veneto.it<\/a>.<\/p>\n<a href=\"https:\/\/www.radiopiu.net\/wordpress\/wp-content\/uploads\/2024\/04\/Locandina_certificati-di-esenzione-2024.pdf\" class=\"pdfemb-viewer\" style=\"\" data-width=\"max\" data-height=\"max\" data-toolbar=\"top\" data-toolbar-fixed=\"on\">Locandina_certificati di esenzione 2024<\/a>\n<p>&nbsp;<\/p>\n<p>&nbsp;<\/p>\n<hr \/>\n<p>&nbsp;<\/p>\n<blockquote class=\"wp-embedded-content\" data-secret=\"SsDUnsXZiw\"><p><a href=\"https:\/\/www.radiopiu.net\/wordpress\/fisco-notizie-flash-di-silvia-baldo\/\">FISCO, NOTIZIE FLASH DI SILVIA BALDO<\/a><\/p><\/blockquote>\n<p><iframe loading=\"lazy\" class=\"wp-embedded-content\" sandbox=\"allow-scripts\" security=\"restricted\" style=\"position: absolute; clip: rect(1px, 1px, 1px, 1px);\" title=\"&#8220;FISCO, NOTIZIE FLASH DI SILVIA BALDO&#8221; &#8212; Radio Pi\u00f9\" src=\"https:\/\/www.radiopiu.net\/wordpress\/fisco-notizie-flash-di-silvia-baldo\/embed\/#?secret=rHAOQWMMAn#?secret=SsDUnsXZiw\" data-secret=\"SsDUnsXZiw\" width=\"600\" height=\"338\" frameborder=\"0\" marginwidth=\"0\" marginheight=\"0\" scrolling=\"no\"><\/iframe><\/p>\n<p>&nbsp;<\/p>\n<hr \/>\n<h3><\/h3>\n<blockquote>\n<h3>Solidariet\u00e0 e Collaborazione: Il Successo del Gruppo Aiuto Anziani Cencenighe&#8221;<\/h3>\n<\/blockquote>\n<p><strong>CENCENIGHE<\/strong> L&#8217;assemblea del Circolo Auser Val Biois sabato alle 15 nella sala Zand\u00f2 del museo Luciani di Canale evidenzia il valore dell&#8217;unione. Grazie alla creazione del Gruppo Aiuto Anziani Cencenighe nel febbraio 2023, il servizio di consegna pasti a domicilio dell&#8217;Auser Val Biois si \u00e8 ampliato in modo significativo. Nel 2022, 7600 pasti venivano consegnati nei comuni di Falcade, Canale e Vallada; con l&#8217;arrivo dei volontari di Cencenighe, il numero \u00e8 salito a 9900. Questo prezioso servizio, coordinato da Elena Pallua di Asca, non si limita alla sola consegna di pasti, ma include anche l&#8217;accompagnamento degli anziani bisognosi agli ospedali di Agordo e Belluno. Corrado Radi Mazzarol del Gruppo Aiuto Anziani Cencenighe ringrazia tutti i volontari e sottolinea l&#8217;importanza del sostegno ricevuto dai membri e dai sostenitori dell&#8217;Auser Val Biois.<\/p>\n<blockquote>\n<h3><\/h3>\n<\/blockquote>\n<hr \/>\n<p>&nbsp;<\/p>\n<p>&nbsp;<\/p>\n<blockquote>\n<h3><strong><a class=\"dt-pswp-item\" href=\"https:\/\/www.radiopiu.net\/wordpress\/wp-content\/uploads\/2024\/04\/LIONS-QUEST-GENITORI-1.jpg\" data-dt-img-description=\"\" data-large_image_width=\"1920\" data-large_image_height=\"1280\"><img loading=\"lazy\" decoding=\"async\" class=\"size-medium wp-image-383387 alignleft\" src=\"https:\/\/www.radiopiu.net\/wordpress\/wp-content\/uploads\/2024\/04\/LIONS-QUEST-GENITORI-1-300x200.jpg\" alt=\"\" width=\"300\" height=\"200\" srcset=\"https:\/\/www.radiopiu.net\/wordpress\/wp-content\/uploads\/2024\/04\/LIONS-QUEST-GENITORI-1-300x200.jpg 300w, https:\/\/www.radiopiu.net\/wordpress\/wp-content\/uploads\/2024\/04\/LIONS-QUEST-GENITORI-1-1024x683.jpg 1024w, https:\/\/www.radiopiu.net\/wordpress\/wp-content\/uploads\/2024\/04\/LIONS-QUEST-GENITORI-1-768x512.jpg 768w, https:\/\/www.radiopiu.net\/wordpress\/wp-content\/uploads\/2024\/04\/LIONS-QUEST-GENITORI-1-1536x1024.jpg 1536w, https:\/\/www.radiopiu.net\/wordpress\/wp-content\/uploads\/2024\/04\/LIONS-QUEST-GENITORI-1.jpg 1920w\" sizes=\"auto, (max-width: 300px) 100vw, 300px\" \/><\/a>Conclusione positiva per il Lions Quest Genitori: una giornata di emozioni e condivisione<\/strong><\/h3>\n<\/blockquote>\n<p><strong>BELLUNO <\/strong>Il Lions Club Belluno, il Lions Club Feltre Host e l\u2019Istituto Comprensivo Belluno3 hanno concluso con successo il corso dedicato ai genitori, definito il \u201cMestiere pi\u00f9 difficile nella vita\u201d. Trentadue genitori hanno ricevuto gli attestati durante un incontro emozionante, caratterizzato dagli interventi delle Presidenti dei club Lions e dal riconoscimento del metodo Lions Quest come uno dei migliori a livello internazionale per l\u2019apprendimento socio-emotivo. La partecipazione attiva dei genitori, il supporto dell\u2019istituto scolastico e l&#8217;entusiasmo suscitato dalla psicologa Stefania Schiesaro hanno reso l&#8217;evento un&#8217;esperienza formativa di alto valore.<\/p>\n<div class=\"w-full pt-2 md:pt-0 dark:border-white\/20 md:border-transparent md:dark:border-transparent md:w-[calc(100%-.5rem)]\">\n<form class=\"stretch mx-2 flex flex-row gap-3 last:mb-2 md:mx-4 md:last:mb-6 lg:mx-auto lg:max-w-2xl xl:max-w-3xl\">\n<div class=\"relative flex h-full flex-1 flex-col\">\n<div class=\"flex w-full items-center\"><\/div>\n<\/div>\n<\/form>\n<\/div>\n<p>&nbsp;<\/p>\n<hr \/>\n<p>&nbsp;<\/p>\n<p><strong class=\"photoswipe-wrapper\"><a class=\"dt-pswp-item pspw-wrap-ready\" href=\"https:\/\/www.radiopiu.net\/wordpress\/wp-content\/uploads\/2024\/01\/Senza-nome-34.png\" data-dt-img-description=\"\" data-large_image_width=\"239\" data-large_image_height=\"153\"><img loading=\"lazy\" decoding=\"async\" class=\"wp-image-369478 alignleft\" src=\"https:\/\/www.radiopiu.net\/wordpress\/wp-content\/uploads\/2024\/01\/Senza-nome-34.png\" alt=\"\" width=\"128\" height=\"82\" \/><\/a><\/strong><\/p>\n<p><strong>dal TG BELLUNESE di\u00a0 ANTENNA 3 ogni sera alle 19.30 sul canale 10 del digitale terrestre e alle 19 le anticipazioni alla radio.\u00a0\u00a0<\/strong><\/p>\n<p>&nbsp;<\/p>\n<p>&nbsp;<\/p>\n<p>&nbsp;<\/p>\n<hr \/>\n<p>&nbsp;<\/p>\n<div class=\"page-title-head hgroup\">\n<blockquote>\n<h3 class=\"entry-title\">VENERDI A CASA DI DINO CON STEFANO E GABRIELE DI MARCO V DAL FARRA<\/h3>\n<\/blockquote>\n<\/div>\n<div class=\"page-title-breadcrumbs\"><\/div>\n<p><img loading=\"lazy\" decoding=\"async\" class=\"aligncenter\" src=\"https:\/\/www.radiopiu.net\/wordpress\/wp-content\/uploads\/2024\/04\/Senza-nome-15.png\" width=\"189\" height=\"166\" \/><\/p>\n<p><strong>REDAZIONE<\/strong><\/p>\n<audio class=\"wp-audio-shortcode\" id=\"audio-383332-9\" preload=\"none\" style=\"width: 100%;\" controls=\"controls\"><source type=\"audio\/mpeg\" src=\"https:\/\/www.radiopiu.net\/wordpress\/wp-content\/uploads\/2024\/04\/dal-farra-intervista-a-prile.mp3?_=9\" \/><a href=\"https:\/\/www.radiopiu.net\/wordpress\/wp-content\/uploads\/2024\/04\/dal-farra-intervista-a-prile.mp3\">https:\/\/www.radiopiu.net\/wordpress\/wp-content\/uploads\/2024\/04\/dal-farra-intervista-a-prile.mp3<\/a><\/audio>\n<p>&nbsp;<\/p>\n<hr \/>\n<p>&nbsp;<\/p>\n<blockquote>\n<h3>BRINDISI CON ARCANGELO, E&#8217; SUO IL BIGLIETTO VINCENTE A TAIBON<\/h3>\n<\/blockquote>\n<p>***<\/p>\n<p><strong>TAIBON<\/strong> Claudia, Alyssa e Daniela del Comitato Sagra de Pasca, hanno consegnato il primo premio della lotteria organizza da Gruppo Sportivo, Donatori del Sangue, Proloco. Il vincitore del buono vacanza \u00e8 Arcangelo Mottes.. con un brindisi e i complimenti.<\/p>\n<p><img decoding=\"async\" src=\"https:\/\/www.radiopiu.net\/wordpress\/wp-content\/uploads\/2024\/04\/bb4e0a44-dc5a-4f2b-bb89-e3d0b7f7a7c1.jpg\" \/><\/p>\n<p>___<\/p>\n<blockquote class=\"wp-embedded-content\" data-secret=\"PSVgoc3j3m\"><p><a href=\"https:\/\/www.radiopiu.net\/wordpress\/lotteria-sagra-de-pasca-i-biglietti-estratti\/\">LOTTERIA SAGRA DE PASCA, I BIGLIETTI ESTRATTI<\/a><\/p><\/blockquote>\n<p><iframe loading=\"lazy\" class=\"wp-embedded-content\" sandbox=\"allow-scripts\" security=\"restricted\" style=\"position: absolute; clip: rect(1px, 1px, 1px, 1px);\" title=\"&#8220;LOTTERIA SAGRA DE PASCA, I BIGLIETTI ESTRATTI&#8221; &#8212; Radio Pi\u00f9\" src=\"https:\/\/www.radiopiu.net\/wordpress\/lotteria-sagra-de-pasca-i-biglietti-estratti\/embed\/#?secret=I9fDmKgnB0#?secret=PSVgoc3j3m\" data-secret=\"PSVgoc3j3m\" width=\"600\" height=\"338\" frameborder=\"0\" marginwidth=\"0\" marginheight=\"0\" scrolling=\"no\"><\/iframe><\/p>\n<p>&nbsp;<\/p>\n<p>&nbsp;<\/p>\n<hr \/>\n<p>&nbsp;<\/p>\n<blockquote>\n<h3><b>ESERCITAZIONE DI PROTEZIONE CIVILE &#8220;SOVERZENE 2024&#8221;<\/b><\/h3>\n<\/blockquote>\n<div class=\"flex-1 overflow-hidden\">\n<div class=\"react-scroll-to-bottom--css-ywwkd-79elbk h-full\">\n<div class=\"react-scroll-to-bottom--css-ywwkd-1n7m0yu\">\n<div>\n<div class=\"flex flex-col text-sm pb-9\">\n<div class=\"w-full text-token-text-primary\" data-testid=\"conversation-turn-55\">\n<div class=\"px-4 py-2 justify-center text-base md:gap-6 m-auto\">\n<div class=\"flex flex-1 text-base mx-auto gap-3 md:px-5 lg:px-1 xl:px-5 md:max-w-3xl lg:max-w-[40rem] xl:max-w-[48rem] group final-completion\">\n<div class=\"relative flex w-full flex-col agent-turn\">\n<div class=\"flex-col gap-1 md:gap-3\">\n<div class=\"flex flex-grow flex-col max-w-full\">\n<div class=\"min-h-[20px] text-message flex flex-col items-start gap-3 whitespace-pre-wrap break-words [.text-message+&amp;]:mt-5 overflow-x-auto\" data-message-author-role=\"assistant\" data-message-id=\"5cab0ca6-ccff-4cf3-92bd-660b15aa0ab8\">\n<div class=\"markdown prose w-full break-words dark:prose-invert dark\">\n<p><strong>SOVERZENE<\/strong> Sabato 13 aprile si terr\u00e0 l&#8217;esercitazione di protezione civile &#8220;Soverzene 2024&#8221;, organizzata dal Comune di Soverzene con il supporto dell&#8217;Associazione di Protezione Civile ed Antincendio Boschivo locale e della Provincia di Belluno, coinvolgendo 10 associazioni di volontariato. L&#8217;esercitazione prevede la verifica dei collegamenti radio, la simulazione di un incendio boschivo e interventi di prevenzione lungo la strada tagliafuoco &#8220;Col del Pin&#8221;. Al termine dell&#8217;esercitazione, verr\u00e0 offerto un pasto preparato dai volontari della Protezione Civile della Val di Zoldo e del Circolo Culturale di Soverzene.Queste attivit\u00e0 addestrative sono fondamentali e sono previste dalla Legge regionale n.13 del 2022, che regolamenta le attivit\u00e0 di Protezione Civile, ringraziando tutti i volontari per il loro impegno e la loro costante preparazione tecnica.<\/p>\n<\/div>\n<\/div>\n<\/div>\n<div class=\"mt-1 flex justify-start gap-3 empty:hidden\"><\/div>\n<\/div>\n<div class=\"absolute\">\n<div class=\"flex w-full gap-2 items-center justify-center\"><\/div>\n<\/div>\n<\/div>\n<\/div>\n<\/div>\n<\/div>\n<\/div>\n<\/div>\n<\/div>\n<\/div>\n<\/div>\n<p>&nbsp;<\/p>\n<hr \/>\n<p>&nbsp;<\/p>\n<blockquote>\n<h3>IL LIBRO &#8220;IL CORAGGIO E LA PASSIONE&#8221; PROTAGONISTA IN DUE APPUNTAMENTI<\/h3>\n<\/blockquote>\n<p><strong><a class=\"dt-pswp-item\" href=\"https:\/\/www.radiopiu.net\/wordpress\/wp-content\/uploads\/2024\/04\/SCR-20240406-tska.jpeg\" data-dt-img-description=\"\" data-large_image_width=\"1544\" data-large_image_height=\"1048\"><img loading=\"lazy\" decoding=\"async\" class=\" wp-image-382905 alignleft\" src=\"https:\/\/www.radiopiu.net\/wordpress\/wp-content\/uploads\/2024\/04\/SCR-20240406-tska-300x204.jpeg\" alt=\"\" width=\"118\" height=\"80\" srcset=\"https:\/\/www.radiopiu.net\/wordpress\/wp-content\/uploads\/2024\/04\/SCR-20240406-tska-300x204.jpeg 300w, https:\/\/www.radiopiu.net\/wordpress\/wp-content\/uploads\/2024\/04\/SCR-20240406-tska-1024x695.jpeg 1024w, https:\/\/www.radiopiu.net\/wordpress\/wp-content\/uploads\/2024\/04\/SCR-20240406-tska-768x521.jpeg 768w, https:\/\/www.radiopiu.net\/wordpress\/wp-content\/uploads\/2024\/04\/SCR-20240406-tska-1536x1043.jpeg 1536w, https:\/\/www.radiopiu.net\/wordpress\/wp-content\/uploads\/2024\/04\/SCR-20240406-tska.jpeg 1544w\" sizes=\"auto, (max-width: 118px) 100vw, 118px\" \/><\/a>BELLUNO<\/strong> Il libro &#8220;Il coraggio e la passione&#8221;, curato da Franco e Silvia Comin con la direzione scientifica di Enrico Bacchetti, Diego Cason e Adriana Lotto, continua la serie di presentazioni. Venerd\u00ec 12 aprile, alle 20:30, sar\u00e0 la volta del Municipio di Limana, con la consegna della Costituzione italiana ai neo diciottenni e della cittadinanza simbolica ai minori stranieri residenti. L&#8217;evento, promosso dal Comune di Limana insieme a Isbrec e Anpi, \u00e8 aperto a tutti.<\/p>\n<p>&nbsp;<\/p>\n<p>&nbsp;<\/p>\n<hr \/>\n<p>&nbsp;<\/p>\n<blockquote>\n<h3>TRE SERATE DEDICATE ALLA MONTAGNA<\/h3>\n<\/blockquote>\n<p><strong><a class=\"dt-pswp-item\" href=\"https:\/\/www.radiopiu.net\/wordpress\/wp-content\/uploads\/2024\/04\/WhatsApp-Image-2024-03-20-at-09.58.06.jpeg\" data-dt-img-description=\"\" data-large_image_width=\"1600\" data-large_image_height=\"1131\"><img loading=\"lazy\" decoding=\"async\" class=\" wp-image-383179 alignleft\" src=\"https:\/\/www.radiopiu.net\/wordpress\/wp-content\/uploads\/2024\/04\/WhatsApp-Image-2024-03-20-at-09.58.06-300x212.jpeg\" alt=\"\" width=\"161\" height=\"114\" srcset=\"https:\/\/www.radiopiu.net\/wordpress\/wp-content\/uploads\/2024\/04\/WhatsApp-Image-2024-03-20-at-09.58.06-300x212.jpeg 300w, https:\/\/www.radiopiu.net\/wordpress\/wp-content\/uploads\/2024\/04\/WhatsApp-Image-2024-03-20-at-09.58.06-1024x724.jpeg 1024w, https:\/\/www.radiopiu.net\/wordpress\/wp-content\/uploads\/2024\/04\/WhatsApp-Image-2024-03-20-at-09.58.06-768x543.jpeg 768w, https:\/\/www.radiopiu.net\/wordpress\/wp-content\/uploads\/2024\/04\/WhatsApp-Image-2024-03-20-at-09.58.06-1536x1086.jpeg 1536w, https:\/\/www.radiopiu.net\/wordpress\/wp-content\/uploads\/2024\/04\/WhatsApp-Image-2024-03-20-at-09.58.06.jpeg 1600w\" sizes=\"auto, (max-width: 161px) 100vw, 161px\" \/><\/a>BORGO VALBELLUNA<\/strong> &#8220;Graffi. Storie di Uomini e Montagne&#8221; \u00e8 un progetto che esplora il legame profondo tra montagna e umanit\u00e0, evidenziando vite intrecciate con la terra e l&#8217;ambiente. Tre autori &#8211; Antonio Bortoluzzi, Paolo Cognetti e Paolo Malaguti &#8211; raccontano storie di vita autentica, ambientate tra rocce, valli, boschi e fiumi. Le serate prevedono letture ad alta voce dei loro libri, eseguite dal gruppo &#8220;Voci di Passaggio&#8221;, intermezzi musicali e dialoghi con gli autori. Le date sono il 11 aprile a Trichiana con Bortoluzzi, il 26 aprile a Mel con Cognetti (in video), e il 2 maggio a Trichiana con Malaguti. Organizzato da &#8220;Civicamente APS&#8221; e il gruppo &#8220;Voci di Passaggio&#8221;, in collaborazione con l&#8217;Amministrazione Comunale di Borgo Valbelluna.<\/p>\n<p>&nbsp;<\/p>\n<hr \/>\n<p>&nbsp;<\/p>\n<blockquote>\n<h2>Titolo: &#8220;Escursioni di Pesca: Un&#8217;Opportunit\u00e0 Turistica per le Dolomiti Bellunesi&#8221;<\/h2>\n<\/blockquote>\n<p>&nbsp;<\/p>\n<p><a class=\"dt-pswp-item\" href=\"https:\/\/www.radiopiu.net\/wordpress\/wp-content\/uploads\/2024\/04\/Pesca-2.jpg\" data-dt-img-description=\"\" data-large_image_width=\"1450\" data-large_image_height=\"752\"><img loading=\"lazy\" decoding=\"async\" class=\"size-medium wp-image-383452 alignleft\" src=\"https:\/\/www.radiopiu.net\/wordpress\/wp-content\/uploads\/2024\/04\/Pesca-2-300x156.jpg\" alt=\"\" width=\"300\" height=\"156\" srcset=\"https:\/\/www.radiopiu.net\/wordpress\/wp-content\/uploads\/2024\/04\/Pesca-2-300x156.jpg 300w, https:\/\/www.radiopiu.net\/wordpress\/wp-content\/uploads\/2024\/04\/Pesca-2-1024x531.jpg 1024w, https:\/\/www.radiopiu.net\/wordpress\/wp-content\/uploads\/2024\/04\/Pesca-2-768x398.jpg 768w, https:\/\/www.radiopiu.net\/wordpress\/wp-content\/uploads\/2024\/04\/Pesca-2.jpg 1450w\" sizes=\"auto, (max-width: 300px) 100vw, 300px\" \/><\/a><strong>LONGARONE<\/strong> La pesca sportiva nelle Dolomiti Bellunesi sta emergendo come un&#8217;interessante opportunit\u00e0 turistica, come dimostrato dalla presentazione della Dmo Dolomiti Bellunesi durante l&#8217;evento &#8220;Caccia, Pesca, Natura 2024&#8221;. Questo settore attrae gi\u00e0 pescatori da tutto il mondo, ma pu\u00f2 essere ulteriormente sviluppato per offrire esperienze vacanziere complete. La direttrice della Dmo Dolomiti Bellunesi, Valentina Colleselli, evidenzia l&#8217;importanza della pesca come parte integrante dell&#8217;offerta turistica della provincia di Belluno, nota per la sua ricchezza di corsi d&#8217;acqua e laghi. La recente introduzione del Portale Cartografico Interattivo della Carta Ittica regionale semplifica l&#8217;accesso ai dati per i pescatori, mentre il rinnovo delle concessioni per la gestione dei bacini ha avviato un tavolo di lavoro per integrare questa attivit\u00e0 sportiva nel sistema turistico provinciale. La collaborazione tra la Provincia di Belluno e la Fondazione Dmo Dolomiti Bellunesi mira a sviluppare un&#8217;offerta turistica dedicata alla pesca sportiva, offrendo ai visitatori la possibilit\u00e0 di scoprire il territorio e la sua ricca biodiversit\u00e0. Durante l&#8217;evento, si discuter\u00e0 del rinnovo dei bacini di pesca della provincia di Belluno, dell&#8217;utilizzo di servizi digitali per la prenotazione e della promozione della pesca sportiva come attrazione turistica attraverso il portale turistico di destinazione <a href=\"http:\/\/www.visitdolomitibellunesi.it\/\" target=\"_new\" rel=\"noopener\">www.visitdolomitibellunesi.it<\/a>.<\/p>\n<p>&nbsp;<\/p>\n<hr \/>\n<p>&nbsp;<\/p>\n<blockquote>\n<h3>I GRANDI MOBILIERI DELL\u2019800<\/h3>\n<\/blockquote>\n<p><strong>BELLUNO <\/strong>L\u2019Associazione Campedel organizza per luned\u00ec 15 aprile alle 18 in Sala Bianchi a Belluno una conferenza dedicata ai mobilieri bellunesi che nell\u2019Ottocento esportarono la loro bravura rendendo celebre Venezia per il commercio di arredi d\u2019eccellenza. Un approfondimento su quanto il genio e la maestria di questi personaggi contribu\u00ec a creare il mito del capoluogo lagunare e influ\u00ec sul gusto mondiale per le arti applicate.<\/p>\n<p>&nbsp;<\/p>\n<hr \/>\n<p>&nbsp;<\/p>\n<p><strong class=\"photoswipe-wrapper\"><a class=\"dt-pswp-item pspw-wrap-ready\" href=\"https:\/\/www.radiopiu.net\/wordpress\/wp-content\/uploads\/2024\/01\/Senza-nome-34.png\" data-dt-img-description=\"\" data-large_image_width=\"239\" data-large_image_height=\"153\"><img loading=\"lazy\" decoding=\"async\" class=\"wp-image-369478 alignleft\" src=\"https:\/\/www.radiopiu.net\/wordpress\/wp-content\/uploads\/2024\/01\/Senza-nome-34.png\" alt=\"\" width=\"128\" height=\"82\" \/><\/a><\/strong><\/p>\n<p><strong>dal TG BELLUNESE di\u00a0 ANTENNA 3 ogni sera alle 19.30 sul canale 10 del digitale terrestre e alle 19 le anticipazioni alla radio.\u00a0\u00a0<\/strong><\/p>\n<p>&nbsp;<\/p>\n<blockquote><p>&nbsp;<\/p><\/blockquote>\n<blockquote>\n<h3 class=\"_title post-title entry-title\">COMMISSIONE FEMMINICIDI, SEMENZATO: \u00abFONDI E PREVENZIONE PER USCIRE DA SPIRALE VIOLE\u2026<\/h3>\n<\/blockquote>\n<p>Intervistati MARTINA SEMENZATO (PRESIDENTE COMMISSIONE BICAMERALE FEMMINICIDI) (Servizio di\u00a0<a href=\"https:\/\/antennatre.medianordest.it\/redazione\/Tiziana-Bolognani\/\">Tiziana Bolognani<\/a>)<\/p>\n<p>&nbsp;<\/p>\n<p><iframe loading=\"lazy\" title=\"COMMISSIONE FEMMINICIDI, SEMENZATO: \u00abFONDI E PREVENZIONE PER USCIRE DA SPIRALE VIOLE... | 09\/04\/2024\" width=\"1200\" height=\"675\" src=\"https:\/\/www.youtube.com\/embed\/4oD87Oy62c0?feature=oembed\" frameborder=\"0\" allow=\"accelerometer; autoplay; clipboard-write; encrypted-media; gyroscope; picture-in-picture; web-share\" referrerpolicy=\"strict-origin-when-cross-origin\" allowfullscreen><\/iframe><\/p>\n<p>&nbsp;<\/p>\n<hr \/>\n<p>&nbsp;<\/p>\n<blockquote>\n<h2>in vallata:<\/h2>\n<\/blockquote>\n\n\t\t\t<style type='text\/css'>\n\t\t\t\t#gallery-4 {\n\t\t\t\t\tmargin: auto;\n\t\t\t\t}\n\t\t\t\t#gallery-4 .gallery-item {\n\t\t\t\t\tfloat: left;\n\t\t\t\t\tmargin-top: 10px;\n\t\t\t\t\ttext-align: center;\n\t\t\t\t\twidth: 50%;\n\t\t\t\t}\n\t\t\t\t#gallery-4 img {\n\t\t\t\t\tborder: 2px solid #cfcfcf;\n\t\t\t\t}\n\t\t\t\t#gallery-4 .gallery-caption {\n\t\t\t\t\tmargin-left: 0;\n\t\t\t\t}\n\t\t\t\t\/* see gallery_shortcode() in wp-includes\/media.php *\/\n\t\t\t<\/style>\n\t\t<div id='gallery-4' class='dt-gallery-container gallery galleryid-383332 gallery-columns-2 gallery-size-medium'><dl class='gallery-item'>\n\t\t\t\t<dt class='gallery-icon portrait'>\n\t\t\t\t\t<a class=\"rollover rollover-zoom dt-pswp-item\" title=\"44acb3a3-e80a-42eb-a834-cb187a9ef8ea\" data-dt-img-description=\"\" data-large_image_width=\"1132\" data-large_image_height=\"1600\"href='https:\/\/www.radiopiu.net\/wordpress\/wp-content\/uploads\/2024\/03\/44acb3a3-e80a-42eb-a834-cb187a9ef8ea.jpg'><img loading=\"lazy\" decoding=\"async\" width=\"212\" height=\"300\" src=\"https:\/\/www.radiopiu.net\/wordpress\/wp-content\/uploads\/2024\/03\/44acb3a3-e80a-42eb-a834-cb187a9ef8ea-212x300.jpg\" class=\"attachment-medium size-medium\" alt=\"\" srcset=\"https:\/\/www.radiopiu.net\/wordpress\/wp-content\/uploads\/2024\/03\/44acb3a3-e80a-42eb-a834-cb187a9ef8ea-212x300.jpg 212w, https:\/\/www.radiopiu.net\/wordpress\/wp-content\/uploads\/2024\/03\/44acb3a3-e80a-42eb-a834-cb187a9ef8ea-724x1024.jpg 724w, https:\/\/www.radiopiu.net\/wordpress\/wp-content\/uploads\/2024\/03\/44acb3a3-e80a-42eb-a834-cb187a9ef8ea-768x1086.jpg 768w, https:\/\/www.radiopiu.net\/wordpress\/wp-content\/uploads\/2024\/03\/44acb3a3-e80a-42eb-a834-cb187a9ef8ea-1087x1536.jpg 1087w, https:\/\/www.radiopiu.net\/wordpress\/wp-content\/uploads\/2024\/03\/44acb3a3-e80a-42eb-a834-cb187a9ef8ea.jpg 1132w\" sizes=\"auto, (max-width: 212px) 100vw, 212px\" \/><\/a>\n\t\t\t\t<\/dt><\/dl><dl class='gallery-item'>\n\t\t\t\t<dt class='gallery-icon portrait'>\n\t\t\t\t\t<a class=\"rollover rollover-zoom dt-pswp-item\" title=\"d02fe35d-334c-4039-81d3-508c3e863bed\" data-dt-img-description=\"\" data-large_image_width=\"1136\" data-large_image_height=\"1600\"href='https:\/\/www.radiopiu.net\/wordpress\/wp-content\/uploads\/2024\/04\/d02fe35d-334c-4039-81d3-508c3e863bed.jpg'><img loading=\"lazy\" decoding=\"async\" width=\"213\" height=\"300\" src=\"https:\/\/www.radiopiu.net\/wordpress\/wp-content\/uploads\/2024\/04\/d02fe35d-334c-4039-81d3-508c3e863bed-213x300.jpg\" class=\"attachment-medium size-medium\" alt=\"\" srcset=\"https:\/\/www.radiopiu.net\/wordpress\/wp-content\/uploads\/2024\/04\/d02fe35d-334c-4039-81d3-508c3e863bed-213x300.jpg 213w, https:\/\/www.radiopiu.net\/wordpress\/wp-content\/uploads\/2024\/04\/d02fe35d-334c-4039-81d3-508c3e863bed-727x1024.jpg 727w, https:\/\/www.radiopiu.net\/wordpress\/wp-content\/uploads\/2024\/04\/d02fe35d-334c-4039-81d3-508c3e863bed-768x1082.jpg 768w, https:\/\/www.radiopiu.net\/wordpress\/wp-content\/uploads\/2024\/04\/d02fe35d-334c-4039-81d3-508c3e863bed-1091x1536.jpg 1091w, https:\/\/www.radiopiu.net\/wordpress\/wp-content\/uploads\/2024\/04\/d02fe35d-334c-4039-81d3-508c3e863bed.jpg 1136w\" sizes=\"auto, (max-width: 213px) 100vw, 213px\" \/><\/a>\n\t\t\t\t<\/dt><\/dl><br style=\"clear: both\" \/>\n\t\t\t<\/div>\n\n<p>&nbsp;<\/p>\n<p>&nbsp;<\/p>\n<hr \/>\n<p>&nbsp;<\/p>\n<blockquote class=\"wp-embedded-content\" data-secret=\"VbDZRfC1tO\"><p><a href=\"https:\/\/www.radiopiu.net\/wordpress\/grma1\/\">IL GIORMALE RADIO DI MARCO DAL FARRA &#8211; LA RACCOLTA<\/a><\/p><\/blockquote>\n<p><iframe loading=\"lazy\" class=\"wp-embedded-content\" sandbox=\"allow-scripts\" security=\"restricted\" style=\"position: absolute; clip: rect(1px, 1px, 1px, 1px);\" title=\"&#8220;IL GIORMALE RADIO DI MARCO DAL FARRA &#8211; LA RACCOLTA&#8221; &#8212; Radio Pi\u00f9\" src=\"https:\/\/www.radiopiu.net\/wordpress\/grma1\/embed\/#?secret=LertEizkul#?secret=VbDZRfC1tO\" data-secret=\"VbDZRfC1tO\" width=\"600\" height=\"338\" frameborder=\"0\" marginwidth=\"0\" marginheight=\"0\" scrolling=\"no\"><\/iframe><\/p>\n<p>&nbsp;<\/p>\n<hr \/>\n<p>&nbsp;<\/p>\n<h2><span style=\"color: #ff6600;\">IERI ALLA RADIO<\/span><\/h2>\n<h2><span style=\"color: #ff00ff;\">&#8220;DINTORN E FORA VIA&#8221;\u00a0 IL PROGRAMMA\u00a0 A CURA DEL MUSLA<\/span><\/h2>\n<p><strong><a class=\"dt-pswp-item\" href=\"https:\/\/www.radiopiu.net\/wordpress\/wp-content\/uploads\/2024\/01\/409765100_3595084964037813_7337692720687467935_n.jpg\" data-dt-img-description=\"\" data-large_image_width=\"640\" data-large_image_height=\"641\"><img loading=\"lazy\" decoding=\"async\" class=\"wp-image-369234 alignleft\" src=\"https:\/\/www.radiopiu.net\/wordpress\/wp-content\/uploads\/2024\/01\/409765100_3595084964037813_7337692720687467935_n-300x300.jpg\" alt=\"\" width=\"118\" height=\"118\" srcset=\"https:\/\/www.radiopiu.net\/wordpress\/wp-content\/uploads\/2024\/01\/409765100_3595084964037813_7337692720687467935_n-300x300.jpg 300w, https:\/\/www.radiopiu.net\/wordpress\/wp-content\/uploads\/2024\/01\/409765100_3595084964037813_7337692720687467935_n-150x150.jpg 150w, https:\/\/www.radiopiu.net\/wordpress\/wp-content\/uploads\/2024\/01\/409765100_3595084964037813_7337692720687467935_n.jpg 640w\" sizes=\"auto, (max-width: 118px) 100vw, 118px\" \/><\/a>PUNTATA DEL 09 APRILE CHIARA FRENA<\/strong><\/p>\n<audio class=\"wp-audio-shortcode\" id=\"audio-383332-10\" preload=\"none\" style=\"width: 100%;\" controls=\"controls\"><source type=\"audio\/mpeg\" src=\"https:\/\/www.radiopiu.net\/wordpress\/wp-content\/uploads\/2024\/04\/MUSLA-4.mp3?_=10\" \/><a href=\"https:\/\/www.radiopiu.net\/wordpress\/wp-content\/uploads\/2024\/04\/MUSLA-4.mp3\">https:\/\/www.radiopiu.net\/wordpress\/wp-content\/uploads\/2024\/04\/MUSLA-4.mp3<\/a><\/audio>\n<p>&nbsp;<\/p>\n<h2>LA RACCOLTA COMPLETA <a href=\"https:\/\/www.radiopiu.net\/wordpress\/musla\/\"><span style=\"color: #0000ff;\">CLICCA QUI<\/span><\/a><\/h2>\n<p>&nbsp;<\/p>\n<hr \/>\n<p>&nbsp;<\/p>\n<h2><span style=\"color: #3366ff;\">EL DARLIN, RIASCOLTIAMOLI<\/span><\/h2>\n<p><span style=\"color: #ff0000;\"><strong>PUNTATA 11 ALINA E VINCENZO FERRONI<\/strong><\/span><\/p>\n\n\t\t\t<style type='text\/css'>\n\t\t\t\t#gallery-5 {\n\t\t\t\t\tmargin: auto;\n\t\t\t\t}\n\t\t\t\t#gallery-5 .gallery-item {\n\t\t\t\t\tfloat: left;\n\t\t\t\t\tmargin-top: 10px;\n\t\t\t\t\ttext-align: center;\n\t\t\t\t\twidth: 100%;\n\t\t\t\t}\n\t\t\t\t#gallery-5 img {\n\t\t\t\t\tborder: 2px solid #cfcfcf;\n\t\t\t\t}\n\t\t\t\t#gallery-5 .gallery-caption {\n\t\t\t\t\tmargin-left: 0;\n\t\t\t\t}\n\t\t\t\t\/* see gallery_shortcode() in wp-includes\/media.php *\/\n\t\t\t<\/style>\n\t\t<div id='gallery-5' class='dt-gallery-container gallery galleryid-383332 gallery-columns-1 gallery-size-medium'><dl class='gallery-item'>\n\t\t\t\t<dt class='gallery-icon landscape'>\n\t\t\t\t\t<a class=\"rollover rollover-zoom dt-pswp-item\" title=\"432263124_10219433438506357_5995640885079397816_n\" data-dt-img-description=\"\" data-large_image_width=\"720\" data-large_image_height=\"540\"href='https:\/\/www.radiopiu.net\/wordpress\/wp-content\/uploads\/2024\/04\/432263124_10219433438506357_5995640885079397816_n.jpg'><img loading=\"lazy\" decoding=\"async\" width=\"300\" height=\"225\" src=\"https:\/\/www.radiopiu.net\/wordpress\/wp-content\/uploads\/2024\/04\/432263124_10219433438506357_5995640885079397816_n-300x225.jpg\" class=\"attachment-medium size-medium\" alt=\"\" srcset=\"https:\/\/www.radiopiu.net\/wordpress\/wp-content\/uploads\/2024\/04\/432263124_10219433438506357_5995640885079397816_n-300x225.jpg 300w, https:\/\/www.radiopiu.net\/wordpress\/wp-content\/uploads\/2024\/04\/432263124_10219433438506357_5995640885079397816_n.jpg 720w\" sizes=\"auto, (max-width: 300px) 100vw, 300px\" \/><\/a>\n\t\t\t\t<\/dt><\/dl><br style=\"clear: both\" \/>\n\t\t\t<\/div>\n\n<p><strong>PRIMA PARTE<\/strong><\/p>\n<audio class=\"wp-audio-shortcode\" id=\"audio-383332-11\" preload=\"none\" style=\"width: 100%;\" controls=\"controls\"><source type=\"audio\/mpeg\" src=\"https:\/\/www.radiopiu.net\/wordpress\/wp-content\/uploads\/2024\/04\/DA1-2.mp3?_=11\" \/><a href=\"https:\/\/www.radiopiu.net\/wordpress\/wp-content\/uploads\/2024\/04\/DA1-2.mp3\">https:\/\/www.radiopiu.net\/wordpress\/wp-content\/uploads\/2024\/04\/DA1-2.mp3<\/a><\/audio>\n<p>&nbsp;<\/p>\n<p><strong>SECONDA PARTE<\/strong><\/p>\n<audio class=\"wp-audio-shortcode\" id=\"audio-383332-12\" preload=\"none\" style=\"width: 100%;\" controls=\"controls\"><source type=\"audio\/mpeg\" src=\"https:\/\/www.radiopiu.net\/wordpress\/wp-content\/uploads\/2024\/04\/DA2-2.mp3?_=12\" \/><a href=\"https:\/\/www.radiopiu.net\/wordpress\/wp-content\/uploads\/2024\/04\/DA2-2.mp3\">https:\/\/www.radiopiu.net\/wordpress\/wp-content\/uploads\/2024\/04\/DA2-2.mp3<\/a><\/audio>\n<p>&nbsp;<\/p>\n<p><strong>TERZA PARTE<\/strong><\/p>\n<audio class=\"wp-audio-shortcode\" id=\"audio-383332-13\" preload=\"none\" style=\"width: 100%;\" controls=\"controls\"><source type=\"audio\/mpeg\" src=\"https:\/\/www.radiopiu.net\/wordpress\/wp-content\/uploads\/2024\/04\/DA3-2.mp3?_=13\" \/><a href=\"https:\/\/www.radiopiu.net\/wordpress\/wp-content\/uploads\/2024\/04\/DA3-2.mp3\">https:\/\/www.radiopiu.net\/wordpress\/wp-content\/uploads\/2024\/04\/DA3-2.mp3<\/a><\/audio>\n<p>&nbsp;<\/p>\n<h2>LA RACCOLTA COMPLETA <a href=\"https:\/\/www.radiopiu.net\/wordpress\/da-daa11\/\"><span style=\"color: #0000ff;\">CLICCA QUI<\/span><\/a><\/h2>\n<p>&nbsp;<\/p>\n<hr \/>\n<p>&nbsp;<\/p>\n<h2><span style=\"color: #339966;\">LA PRO LOCO CASTIONESE CON MAURIZIO FONTANELLE<\/span><\/h2>\n<p><strong><a class=\"dt-pswp-item\" href=\"https:\/\/www.radiopiu.net\/wordpress\/wp-content\/uploads\/2023\/10\/PRO-LOCO-PIEVE-CASTIONESE.png\" data-dt-img-description=\"\" data-large_image_width=\"847\" data-large_image_height=\"847\"><img loading=\"lazy\" decoding=\"async\" class=\" wp-image-356597 alignleft\" src=\"https:\/\/www.radiopiu.net\/wordpress\/wp-content\/uploads\/2023\/10\/PRO-LOCO-PIEVE-CASTIONESE-300x300.png\" alt=\"\" width=\"131\" height=\"131\" srcset=\"https:\/\/www.radiopiu.net\/wordpress\/wp-content\/uploads\/2023\/10\/PRO-LOCO-PIEVE-CASTIONESE-300x300.png 300w, https:\/\/www.radiopiu.net\/wordpress\/wp-content\/uploads\/2023\/10\/PRO-LOCO-PIEVE-CASTIONESE-150x150.png 150w, https:\/\/www.radiopiu.net\/wordpress\/wp-content\/uploads\/2023\/10\/PRO-LOCO-PIEVE-CASTIONESE-768x768.png 768w, https:\/\/www.radiopiu.net\/wordpress\/wp-content\/uploads\/2023\/10\/PRO-LOCO-PIEVE-CASTIONESE.png 847w\" sizes=\"auto, (max-width: 131px) 100vw, 131px\" \/><\/a>DI MIRKO MEZZACASA<\/strong><\/p>\n<p>OSPITE: Maurizio Fontanelle, Pro Loco Castionese<\/p>\n<audio class=\"wp-audio-shortcode\" id=\"audio-383332-14\" preload=\"none\" style=\"width: 100%;\" controls=\"controls\"><source type=\"audio\/mpeg\" src=\"https:\/\/www.radiopiu.net\/wordpress\/wp-content\/uploads\/2024\/04\/maurizio-fontanella-PROLOCO-PIEVE-CASTIONESE.mp3?_=14\" \/><a href=\"https:\/\/www.radiopiu.net\/wordpress\/wp-content\/uploads\/2024\/04\/maurizio-fontanella-PROLOCO-PIEVE-CASTIONESE.mp3\">https:\/\/www.radiopiu.net\/wordpress\/wp-content\/uploads\/2024\/04\/maurizio-fontanella-PROLOCO-PIEVE-CASTIONESE.mp3<\/a><\/audio>\n<p>&nbsp;<\/p>\n<hr \/>\n<p>&nbsp;<\/p>\n<h2><span style=\"color: #ff0000;\"><a class=\"dt-pswp-item\" href=\"https:\/\/www.radiopiu.net\/wordpress\/wp-content\/uploads\/2018\/09\/appuntamenti.jpeg\" data-dt-img-description=\"\" data-large_image_width=\"800\" data-large_image_height=\"100\"><img loading=\"lazy\" decoding=\"async\" class=\"wp-image-61958 size-full aligncenter\" src=\"https:\/\/www.radiopiu.net\/wordpress\/wp-content\/uploads\/2018\/09\/appuntamenti.jpeg\" alt=\"\" width=\"800\" height=\"100\" srcset=\"https:\/\/www.radiopiu.net\/wordpress\/wp-content\/uploads\/2018\/09\/appuntamenti.jpeg 800w, https:\/\/www.radiopiu.net\/wordpress\/wp-content\/uploads\/2018\/09\/appuntamenti-300x38.jpeg 300w, https:\/\/www.radiopiu.net\/wordpress\/wp-content\/uploads\/2018\/09\/appuntamenti-768x96.jpeg 768w\" sizes=\"auto, (max-width: 800px) 100vw, 800px\" \/><\/a><\/span><\/h2>\n<div>\n<div class=\"\" dir=\"auto\">\n<div id=\":r9h:\" class=\"x1iorvi4 x1pi30zi x1l90r2v x1swvt13\" data-ad-comet-preview=\"message\" data-ad-preview=\"message\">\n<div class=\"x78zum5 xdt5ytf xz62fqu x16ldp7u\">\n<div class=\"xu06os2 x1ok221b\">\n<p>&nbsp;<\/p>\n<h3><a class=\"dt-pswp-item\" href=\"https:\/\/www.radiopiu.net\/wordpress\/wp-content\/uploads\/2024\/04\/locandina.jpg\" data-dt-img-description=\"\" data-large_image_width=\"420\" data-large_image_height=\"600\"><img loading=\"lazy\" decoding=\"async\" class=\" wp-image-383374 alignleft\" src=\"https:\/\/www.radiopiu.net\/wordpress\/wp-content\/uploads\/2024\/04\/locandina-210x300.jpg\" alt=\"\" width=\"88\" height=\"126\" srcset=\"https:\/\/www.radiopiu.net\/wordpress\/wp-content\/uploads\/2024\/04\/locandina-210x300.jpg 210w, https:\/\/www.radiopiu.net\/wordpress\/wp-content\/uploads\/2024\/04\/locandina.jpg 420w\" sizes=\"auto, (max-width: 88px) 100vw, 88px\" \/><\/a>AL CINEMA DOLOMITI DI FALCADE ARRIVA LA PELLICOLA &#8220;UN MONDO A PARTE&#8221;, IL FILM CON ANTONIO ALBANESE E VIRGINIA RAFFAELE. VENERDI&#8217;, SABATO ALLE 21, DOMENICA ALLE 15:30 E ALLE 21<\/h3>\n<p>&nbsp;<\/p>\n<div class=\"\" dir=\"auto\">\n<div class=\"\" dir=\"auto\">\n<div class=\"x1iorvi4 x1pi30zi x1l90r2v x1swvt13\" data-ad-comet-preview=\"message\" data-ad-preview=\"message\">\n<div class=\"x78zum5 xdt5ytf xz62fqu x16ldp7u\">\n<div class=\"xu06os2 x1ok221b\">\n<div class=\"xdj266r x11i5rnm xat24cr x1mh8g0r x1vvkbs x126k92a\">\n<div dir=\"auto\">UN MONDO A PARTE<\/div>\n<div dir=\"auto\">Michele Cortese \u00e8 un maestro elementare della capitale che non ne pu\u00f2 pi\u00f9 di &#8220;cercare di salvare gente che non ha intenzione di essere salvata, e ti mena pure&#8221;. Cos\u00ec chiede l&#8217;assegnazione provvisoria in un paesino di 364 anime della montagna abruzzese: scoprir\u00e0 che la tanto agognata tranquillit\u00e0 non risiede neanche qui.<\/div>\n<\/div>\n<div class=\"x11i5rnm xat24cr x1mh8g0r x1vvkbs xtlvy1s x126k92a\">\n<div dir=\"auto\">di Riccardo Milani | Commedia &#8211; 113 minuti<\/div>\n<div dir=\"auto\">con Antonio Albanese &#8211; Virginia Raffaele<\/div>\n<\/div>\n<div class=\"x11i5rnm xat24cr x1mh8g0r x1vvkbs xtlvy1s x126k92a\">\n<div dir=\"auto\"><\/div>\n<\/div>\n<\/div>\n<\/div>\n<\/div>\n<\/div>\n<\/div>\n<p><iframe loading=\"lazy\" title=\"Un mondo a parte | Trailer Ufficiale | Dal 28 marzo al cinema\" width=\"1200\" height=\"675\" src=\"https:\/\/www.youtube.com\/embed\/P5hgM2OcQh0?feature=oembed\" frameborder=\"0\" allow=\"accelerometer; autoplay; clipboard-write; encrypted-media; gyroscope; picture-in-picture; web-share\" referrerpolicy=\"strict-origin-when-cross-origin\" allowfullscreen><\/iframe><\/p>\n<p>&nbsp;<\/p>\n<p>&nbsp;<\/p>\n<p><strong>VAL DI ZOLDO<\/strong> Il comune di Val di Zoldo e l&#8217;associazione Belluno Donna organizza per oggi alle 20 nella sala polifunzionale in localit\u00e0 Fusine un incontro per parlare della violenza di genere. Interverranno Roberta Gallego, vice procuratore della repubblica presso il tribunale di Belluno, e Francesca Quaglia di Belluno Donna.<\/p>\n<div>\n<div class=\"\" dir=\"auto\">\n<div id=\":r9h:\" class=\"x1iorvi4 x1pi30zi x1l90r2v x1swvt13\" data-ad-comet-preview=\"message\" data-ad-preview=\"message\">\n<div class=\"x78zum5 xdt5ytf xz62fqu x16ldp7u\">\n<div class=\"xu06os2 x1ok221b\">\n<div dir=\"auto\">\n<p><strong>BELLUNO\u00a0<\/strong>La rassegna &#8220;A casa di Dino&#8221;, riprende dopo una pausa, organizzata dall\u2019Associazione Culturale Villa Buzzati S. Pellegrino &#8211; il Granaio. L&#8217;obiettivo \u00e8 portare l&#8217;eredit\u00e0 di Buzzati dalla sua citt\u00e0 natale a Belluno, coinvolgendo appassionati e nuovi pubblici. Tre incontri con autori, studiosi e artisti contemporanei esploreranno la figura di Buzzati attraverso la letteratura, l&#8217;arte, la poesia e la musica. Il primo evento, un concerto di strada, si terr\u00e0 il 12 aprile 2024, alle 18:30, al Giardino Loris Tormen di Belluno (o in alternativa presso la Sala De Luca Borgo Pr\u00e0 in caso di pioggia).<\/p>\n<p><strong>AGORDO<\/strong> Il CAI di Agordo organizza per sabato un&#8217;escursione a Col dei Pioge sul gruppo della Marmolada. Ritrovo alle 14:30 davanti al Municipio di Agordo. Difficolt\u00e0 facile. Info e iscrizioni al 380 6983040<\/p>\n<p><strong>LIVINALLONGO<\/strong> Il gruppo &#8220;Insieme si pu\u00f2 Fodom&#8221; organizza un teatro di beneficenza sabato 13 aprile alle 20:30 in sala conferenze di Arabba con la Nuova Compagnia del teatro di Brunico dal titolo &#8220;Non sono un gigol\u00f2&#8221;.\u00a0 L&#8217;evento teatrale mira a raccogliere fondi per aiutare i bambini bisognosi nel villaggio di don Abraham.<\/p>\n<p><strong>AGORDO <\/strong>Il Cai di Agordo organizza per domenica un&#8217;uscita alla ferrata Farina Del Diavolo sulle Prealpi Carniche. Ritrovo alle 6 davanti al Municipio di Agordo. Un&#8217;uscita poco difficile ma esposta. Massimo 15 partecipanti. Info e iscrizioni al 380 6983040<\/p>\n<\/div>\n<\/div>\n<\/div>\n<\/div>\n<\/div>\n<\/div>\n<\/div>\n<\/div>\n<\/div>\n<\/div>\n<\/div>\n<h2>IL 13 APRILE IL CONCERTO DI MARCO V DAL FARRA AL TEATRO SAN FELICE DI BELLUNO<\/h2>\n\n\t\t\t<style type='text\/css'>\n\t\t\t\t#gallery-6 {\n\t\t\t\t\tmargin: auto;\n\t\t\t\t}\n\t\t\t\t#gallery-6 .gallery-item {\n\t\t\t\t\tfloat: left;\n\t\t\t\t\tmargin-top: 10px;\n\t\t\t\t\ttext-align: center;\n\t\t\t\t\twidth: 100%;\n\t\t\t\t}\n\t\t\t\t#gallery-6 img {\n\t\t\t\t\tborder: 2px solid #cfcfcf;\n\t\t\t\t}\n\t\t\t\t#gallery-6 .gallery-caption {\n\t\t\t\t\tmargin-left: 0;\n\t\t\t\t}\n\t\t\t\t\/* see gallery_shortcode() in wp-includes\/media.php *\/\n\t\t\t<\/style>\n\t\t<div id='gallery-6' class='dt-gallery-container gallery galleryid-383332 gallery-columns-1 gallery-size-medium'><dl class='gallery-item'>\n\t\t\t\t<dt class='gallery-icon portrait'>\n\t\t\t\t\t<a class=\"rollover rollover-zoom dt-pswp-item\" title=\"ff5ef01c-49c1-48a5-9225-b7d8260b55df\" data-dt-img-description=\"\" data-large_image_width=\"877\" data-large_image_height=\"1241\"href='https:\/\/www.radiopiu.net\/wordpress\/wp-content\/uploads\/2024\/03\/ff5ef01c-49c1-48a5-9225-b7d8260b55df.jpg'><img loading=\"lazy\" decoding=\"async\" width=\"212\" height=\"300\" src=\"https:\/\/www.radiopiu.net\/wordpress\/wp-content\/uploads\/2024\/03\/ff5ef01c-49c1-48a5-9225-b7d8260b55df-212x300.jpg\" class=\"attachment-medium size-medium\" alt=\"\" srcset=\"https:\/\/www.radiopiu.net\/wordpress\/wp-content\/uploads\/2024\/03\/ff5ef01c-49c1-48a5-9225-b7d8260b55df-212x300.jpg 212w, https:\/\/www.radiopiu.net\/wordpress\/wp-content\/uploads\/2024\/03\/ff5ef01c-49c1-48a5-9225-b7d8260b55df-724x1024.jpg 724w, https:\/\/www.radiopiu.net\/wordpress\/wp-content\/uploads\/2024\/03\/ff5ef01c-49c1-48a5-9225-b7d8260b55df-768x1087.jpg 768w, https:\/\/www.radiopiu.net\/wordpress\/wp-content\/uploads\/2024\/03\/ff5ef01c-49c1-48a5-9225-b7d8260b55df.jpg 877w\" sizes=\"auto, (max-width: 212px) 100vw, 212px\" \/><\/a>\n\t\t\t\t<\/dt><\/dl><br style=\"clear: both\" \/>\n\t\t\t<\/div>\n\n<p>&nbsp;<\/p>\n<p><strong>BELLUNO\u00a0 <\/strong>Domenica alle 20.45 al Teatro Dino Buzzati di Belluno a trascinare la platea del Circolo Cultura e Stampa Bellunese sar\u00e0 un cast d\u2019eccezione che interpreter\u00e0 \u201cPIGIAMA PER SEI\u201d: il pi\u00f9 classico dei triangoli &#8211;\u00a0 lui, lei, l\u2019altra \u2013 prender\u00e0 forme diverse, partendo dal rombo, nel momento in cui si verr\u00e0 a scoprire che il vecchio amico, invitato dal marito per fungere da alibi durante l\u2019incontro clandestino con l\u2019amante, \u00e8 a sua volta l\u2019amante della moglie.<\/p>\n<h2><span style=\"color: #ff0000;\">PROSSIMAMENTE&#8230;<\/span><\/h2>\n<p><strong>FALCADE <\/strong>DESPERADOS, DUE GIORNI DI FESTA CON LA QUINTA LICEO, AL PALAFALCADE. VENERDI 19 APRILE DALLE 18 APERITIVO E ALLE 20 IL BALLO LISCIO CON &#8221; \u201ci prestazione occasionale, GI\u00e0 QUELLI CHE IL LISCIO&#8221; SABATO 20 APRILE, DALLE 17 TORNEO DI BRISCOLA E CALCETTO E DALLE 21 DESPERADOS PARTY!!!! CON BASSLINE DJ, DALLA MEZZANOTTE HAPPY HALF HOUR info 3482996318<\/p>\n<p>&nbsp;<\/p>\n<hr \/>\n<p>&nbsp;<\/p>\n<a href=\"https:\/\/www.radiopiu.net\/wordpress\/wp-content\/uploads\/2024\/04\/POSTER_2024-1.pdf\" class=\"pdfemb-viewer\" style=\"\" data-width=\"max\" data-height=\"max\" data-toolbar=\"top\" data-toolbar-fixed=\"on\">POSTER_2024-1<\/a>\n<p>&nbsp;<\/p>\n<hr \/>\n<p>&nbsp;<\/p>\n<p><a class=\"dt-pswp-item\" href=\"https:\/\/www.radiopiu.net\/wordpress\/wp-content\/uploads\/2018\/09\/viabilita.jpeg\" data-dt-img-description=\"\" data-large_image_width=\"800\" data-large_image_height=\"100\"><img loading=\"lazy\" decoding=\"async\" class=\"aligncenter wp-image-61954 size-full\" src=\"https:\/\/www.radiopiu.net\/wordpress\/wp-content\/uploads\/2018\/09\/viabilita.jpeg\" alt=\"\" width=\"800\" height=\"100\" srcset=\"https:\/\/www.radiopiu.net\/wordpress\/wp-content\/uploads\/2018\/09\/viabilita.jpeg 800w, https:\/\/www.radiopiu.net\/wordpress\/wp-content\/uploads\/2018\/09\/viabilita-300x38.jpeg 300w, https:\/\/www.radiopiu.net\/wordpress\/wp-content\/uploads\/2018\/09\/viabilita-768x96.jpeg 768w\" sizes=\"auto, (max-width: 800px) 100vw, 800px\" \/><\/a><\/p>\n<p>&nbsp;<\/p>\n<p><a class=\"dt-pswp-item\" href=\"https:\/\/www.radiopiu.net\/wordpress\/wp-content\/uploads\/2023\/12\/botol-car-service.jpg\" data-dt-img-description=\"\" data-large_image_width=\"600\" data-large_image_height=\"600\"><img loading=\"lazy\" decoding=\"async\" class=\"size-medium wp-image-367044 aligncenter\" src=\"https:\/\/www.radiopiu.net\/wordpress\/wp-content\/uploads\/2023\/12\/botol-car-service-300x300.jpg\" alt=\"\" width=\"300\" height=\"300\" srcset=\"https:\/\/www.radiopiu.net\/wordpress\/wp-content\/uploads\/2023\/12\/botol-car-service-300x300.jpg 300w, https:\/\/www.radiopiu.net\/wordpress\/wp-content\/uploads\/2023\/12\/botol-car-service-150x150.jpg 150w, https:\/\/www.radiopiu.net\/wordpress\/wp-content\/uploads\/2023\/12\/botol-car-service.jpg 600w\" sizes=\"auto, (max-width: 300px) 100vw, 300px\" \/><\/a><\/p>\n<p>&nbsp;<\/p>\n<p>&nbsp;<\/p>\n<h1>BOLLETTINO QUOTIDIANO, CLICCA QUI<\/h1>\n<blockquote class=\"wp-embedded-content\" data-secret=\"v5RicNJaeh\"><p><a href=\"https:\/\/www.radiopiu.net\/wordpress\/viabilita\/\">viabilita<\/a><\/p><\/blockquote>\n<p><iframe loading=\"lazy\" class=\"wp-embedded-content\" sandbox=\"allow-scripts\" security=\"restricted\" style=\"position: absolute; clip: rect(1px, 1px, 1px, 1px);\" title=\"&#8220;viabilita&#8221; &#8212; Radio Pi\u00f9\" src=\"https:\/\/www.radiopiu.net\/wordpress\/viabilita\/embed\/#?secret=0HRD3MsLNY#?secret=v5RicNJaeh\" data-secret=\"v5RicNJaeh\" width=\"600\" height=\"338\" frameborder=\"0\" marginwidth=\"0\" marginheight=\"0\" scrolling=\"no\"><\/iframe><\/p>\n<p>&nbsp;<\/p>\n<p>&nbsp;<\/p>\n<hr \/>\n<p>&nbsp;<\/p>\n<p><a class=\"dt-pswp-item\" href=\"https:\/\/www.radiopiu.net\/wordpress\/wp-content\/uploads\/2018\/09\/WhatsApp-Image-2018-09-20-at-16.04.06.jpeg\" data-dt-img-description=\"\" data-large_image_width=\"800\" data-large_image_height=\"100\"><img loading=\"lazy\" decoding=\"async\" class=\"wp-image-61378 size-full aligncenter\" src=\"https:\/\/www.radiopiu.net\/wordpress\/wp-content\/uploads\/2018\/09\/WhatsApp-Image-2018-09-20-at-16.04.06.jpeg\" alt=\"\" width=\"800\" height=\"100\" srcset=\"https:\/\/www.radiopiu.net\/wordpress\/wp-content\/uploads\/2018\/09\/WhatsApp-Image-2018-09-20-at-16.04.06.jpeg 800w, https:\/\/www.radiopiu.net\/wordpress\/wp-content\/uploads\/2018\/09\/WhatsApp-Image-2018-09-20-at-16.04.06-300x38.jpeg 300w, https:\/\/www.radiopiu.net\/wordpress\/wp-content\/uploads\/2018\/09\/WhatsApp-Image-2018-09-20-at-16.04.06-768x96.jpeg 768w\" sizes=\"auto, (max-width: 800px) 100vw, 800px\" \/><\/a><\/p>\n<p><center><\/center><center><\/center><center><\/center><center><\/center><center><\/center><center><\/center>&nbsp;<\/p>\n<p>&nbsp;<\/p>\n<p style=\"text-align: center;\"><strong>OGGI<\/strong><\/p>\n<p>Maltempo con cielo coperto e diffuse precipitazioni. La fase perturbata pi\u00f9 spiccata sar\u00e0 tra la mattina e il primo pomeriggio, prima di attenuarsi ed esaurirsi in serata. Contesto termico decisamente pi\u00f9 fresco, anche freddo in alta quota entro le ore centrali del giorno al mattino.<br \/>\n<strong>Precipitazioni.<\/strong> Probabilit\u00e0 molto alta di precipitazioni diffuse e moderate, anche a carattere di forte rovescio e di temporale. Il calo termico riporter\u00e0 temporaneamente il limite neve a 1700-1900 m sulle Prealpi e 1300-1500 m sulle Dolomiti, localmente pi\u00f9 basso nelle valli pi\u00f9 chiuse<br \/>\n<strong>Temperature.<\/strong> In ulteriore generale calo, pi\u00f9 marcato in alta quota e sulle Dolomiti.<\/p>\n<hr \/>\n<p style=\"text-align: center;\"><strong>DOMANI<\/strong><\/p>\n<p>Nottetempo nuvolosit\u00e0 ancora ben presente, ma con probabili prime schiarite. In giornata ritorno del sole con cielo sereno o poco nuvoloso per temporanea presenza di nubi alte.<br \/>\n<strong>Precipitazioni.<\/strong> Assenti<br \/>\n<strong>Temperature.<\/strong> In generale ripresa con valori diurni decisamente primaverili.<\/p>\n<hr \/>\n<p style=\"text-align: center;\"><b>VENERDI <\/b><\/p>\n<p>Tempo stabile con tratti soleggiati e momenti di cielo velato per transito di sottili nubi alte. Temperature in ulteriore aumento eccetto calo delle minime nei fondovalle.<\/p>\n<hr \/>\n<p style=\"text-align: center;\"><strong>SABATO<\/strong><\/p>\n<p>Sole e cielo perlopi\u00f9 sereno con aria tersa ed ottima visibilit\u00e0. Temperature in generale rialzo con punte diurne prettamente primaverili.<\/p>\n<p>&nbsp;<\/p>\n<hr \/>\n<p>&nbsp;<\/p>\n<p><img loading=\"lazy\" decoding=\"async\" class=\"wp-image-60761 size-full aligncenter\" src=\"https:\/\/www.radiopiu.net\/wordpress\/wp-content\/uploads\/2018\/09\/sport.jpg\" alt=\"\" width=\"800\" height=\"100\" srcset=\"https:\/\/www.radiopiu.net\/wordpress\/wp-content\/uploads\/2018\/09\/sport.jpg 800w, https:\/\/www.radiopiu.net\/wordpress\/wp-content\/uploads\/2018\/09\/sport-300x38.jpg 300w, https:\/\/www.radiopiu.net\/wordpress\/wp-content\/uploads\/2018\/09\/sport-768x96.jpg 768w\" sizes=\"auto, (max-width: 800px) 100vw, 800px\" \/><\/p>\n<p>&nbsp;<\/p>\n<p><span style=\"color: #0000ff;\"><strong>SCI ALPINO<\/strong><\/span><\/p>\n<p>&nbsp;<\/p>\n<blockquote>\n<h3><a class=\"dt-pswp-item\" href=\"https:\/\/www.radiopiu.net\/wordpress\/wp-content\/uploads\/2024\/04\/SprintCortina_Maurizio-Torri-EB4A9234.jpg\" data-dt-img-description=\"\" data-large_image_width=\"1800\" data-large_image_height=\"1200\"><img loading=\"lazy\" decoding=\"async\" class=\"wp-image-383422 alignleft\" src=\"https:\/\/www.radiopiu.net\/wordpress\/wp-content\/uploads\/2024\/04\/SprintCortina_Maurizio-Torri-EB4A9234-300x200.jpg\" alt=\"\" width=\"171\" height=\"114\" srcset=\"https:\/\/www.radiopiu.net\/wordpress\/wp-content\/uploads\/2024\/04\/SprintCortina_Maurizio-Torri-EB4A9234-300x200.jpg 300w, https:\/\/www.radiopiu.net\/wordpress\/wp-content\/uploads\/2024\/04\/SprintCortina_Maurizio-Torri-EB4A9234-1024x683.jpg 1024w, https:\/\/www.radiopiu.net\/wordpress\/wp-content\/uploads\/2024\/04\/SprintCortina_Maurizio-Torri-EB4A9234-768x512.jpg 768w, https:\/\/www.radiopiu.net\/wordpress\/wp-content\/uploads\/2024\/04\/SprintCortina_Maurizio-Torri-EB4A9234-1536x1024.jpg 1536w, https:\/\/www.radiopiu.net\/wordpress\/wp-content\/uploads\/2024\/04\/SprintCortina_Maurizio-Torri-EB4A9234.jpg 1800w\" sizes=\"auto, (max-width: 171px) 100vw, 171px\" \/><\/a>Studenti di Feltre e Verona alla Coppa del Mondo di Sci Alpinismo a Cortina d\u2019Ampezzo<\/h3>\n<\/blockquote>\n<p><strong>CORTINA<\/strong> Oltre 100 studenti dell\u2019IIS \u201cAntonio Della Lucia\u201d di Feltre e del Liceo Statale \u201cGalileo Galilei\u201d di Verona hanno partecipato alle finali della Coppa del mondo di sci alpinismo 2023\/2024 &#8211; specialit\u00e0 Sprint a Col Gallina, Cortina d\u2019Ampezzo, nell&#8217;ambito delle \u201cGiornate dello Sport\u201d promosse dalla Regione Veneto e organizzate dalla Fondazione Cortina per coinvolgere i giovani nel territorio e trasmettere i valori dello sport.<\/p>\n<p>&nbsp;<\/p>\n<hr \/>\n<p>&nbsp;<\/p>\n<h2><span style=\"color: #808000;\">GOODBYE BY BICICLE&#8230;UN VIAGGIO DALL&#8217;INDIA A SEREN DEL GRAPPA IN BICICLETTA<\/span><\/h2>\n<p><span style=\"color: #ff0000;\"><strong>PUNTATA 08 &#8211; LA CENA EUROPEA E POI IN NEPAL PER IL RINNOVO DEL VISTO TURISTICO<\/strong><\/span><\/p>\n<audio class=\"wp-audio-shortcode\" id=\"audio-383332-15\" preload=\"none\" style=\"width: 100%;\" controls=\"controls\"><source type=\"audio\/mpeg\" src=\"https:\/\/www.radiopiu.net\/wordpress\/wp-content\/uploads\/2024\/03\/AIRE-INDIA-PUNTATA-08.mp3?_=15\" \/><a href=\"https:\/\/www.radiopiu.net\/wordpress\/wp-content\/uploads\/2024\/03\/AIRE-INDIA-PUNTATA-08.mp3\">https:\/\/www.radiopiu.net\/wordpress\/wp-content\/uploads\/2024\/03\/AIRE-INDIA-PUNTATA-08.mp3<\/a><\/audio>\n<p>&nbsp;<\/p>\n<p><strong>PER VISITARE I SITI DEI LUOGHI VISITATI, CLICCA SULLE SEGUENTI SCRITTE: <a href=\"https:\/\/www.indiarecycles.org\/#\">INDIA RECYCLES<\/a><\/strong><\/p>\n\n\t\t\t<style type='text\/css'>\n\t\t\t\t#gallery-7 {\n\t\t\t\t\tmargin: auto;\n\t\t\t\t}\n\t\t\t\t#gallery-7 .gallery-item {\n\t\t\t\t\tfloat: left;\n\t\t\t\t\tmargin-top: 10px;\n\t\t\t\t\ttext-align: center;\n\t\t\t\t\twidth: 33%;\n\t\t\t\t}\n\t\t\t\t#gallery-7 img {\n\t\t\t\t\tborder: 2px solid #cfcfcf;\n\t\t\t\t}\n\t\t\t\t#gallery-7 .gallery-caption {\n\t\t\t\t\tmargin-left: 0;\n\t\t\t\t}\n\t\t\t\t\/* see gallery_shortcode() in wp-includes\/media.php *\/\n\t\t\t<\/style>\n\t\t<div id='gallery-7' class='dt-gallery-container gallery galleryid-383332 gallery-columns-3 gallery-size-thumbnail'><dl class='gallery-item'>\n\t\t\t\t<dt class='gallery-icon portrait'>\n\t\t\t\t\t<a class=\"rollover rollover-zoom dt-pswp-item\" title=\"abbaced2-2610-4b21-b932-649c940dd85d\" data-dt-img-description=\"\" data-large_image_width=\"1200\" data-large_image_height=\"1600\"href='https:\/\/www.radiopiu.net\/wordpress\/wp-content\/uploads\/2024\/03\/abbaced2-2610-4b21-b932-649c940dd85d.jpg'><img loading=\"lazy\" decoding=\"async\" width=\"150\" height=\"150\" src=\"https:\/\/www.radiopiu.net\/wordpress\/wp-content\/uploads\/2024\/03\/abbaced2-2610-4b21-b932-649c940dd85d-150x150.jpg\" class=\"attachment-thumbnail size-thumbnail\" alt=\"\" \/><\/a>\n\t\t\t\t<\/dt><\/dl><dl class='gallery-item'>\n\t\t\t\t<dt class='gallery-icon portrait'>\n\t\t\t\t\t<a class=\"rollover rollover-zoom dt-pswp-item\" title=\"12feb575-17ee-49c8-b6b2-001f4711a13c\" data-dt-img-description=\"\" data-large_image_width=\"768\" data-large_image_height=\"1024\"href='https:\/\/www.radiopiu.net\/wordpress\/wp-content\/uploads\/2024\/03\/12feb575-17ee-49c8-b6b2-001f4711a13c.jpg'><img loading=\"lazy\" decoding=\"async\" width=\"150\" height=\"150\" src=\"https:\/\/www.radiopiu.net\/wordpress\/wp-content\/uploads\/2024\/03\/12feb575-17ee-49c8-b6b2-001f4711a13c-150x150.jpg\" class=\"attachment-thumbnail size-thumbnail\" alt=\"\" \/><\/a>\n\t\t\t\t<\/dt><\/dl><dl class='gallery-item'>\n\t\t\t\t<dt class='gallery-icon portrait'>\n\t\t\t\t\t<a class=\"rollover rollover-zoom dt-pswp-item\" title=\"56bb1602-6cd2-4044-8bbf-91b427ed471a\" data-dt-img-description=\"\" data-large_image_width=\"1200\" data-large_image_height=\"1600\"href='https:\/\/www.radiopiu.net\/wordpress\/wp-content\/uploads\/2024\/03\/56bb1602-6cd2-4044-8bbf-91b427ed471a.jpg'><img loading=\"lazy\" decoding=\"async\" width=\"150\" height=\"150\" src=\"https:\/\/www.radiopiu.net\/wordpress\/wp-content\/uploads\/2024\/03\/56bb1602-6cd2-4044-8bbf-91b427ed471a-150x150.jpg\" class=\"attachment-thumbnail size-thumbnail\" alt=\"\" \/><\/a>\n\t\t\t\t<\/dt><\/dl><br style=\"clear: both\" \/>\n\t\t\t<\/div>\n\n<h2>LA RACCOLTA COMPLETA <a href=\"https:\/\/www.radiopiu.net\/wordpress\/goodbye-by-bicicle-un-viaggio-dallindia-a-seren-del-grappa-in-bicicletta-08\/\"><span style=\"color: #0000ff;\">CLICCA QUI<\/span><\/a><\/h2>\n<p>&nbsp;<\/p>\n<p>&nbsp;<\/p>\n<p>&nbsp;<\/p>\n<p>&nbsp;<\/p>\n","protected":false},"excerpt":{"rendered":"<p>******* &nbsp; PER RICEVERE QUESTO NOTIZIARIO DIRETTAMENTE SUL TUO CELLULARE ISCRIVITI AL CANALE TELEGRAM \u201cRADIO PIU\u00a0 INFORMAZIONE&#8221;\u00a0 \u00a0il CANALE TELEGRAM&#8230; UNISCITI A: RADIO PIU INFORMAZIONE &nbsp; &nbsp; ATTENZIONE: LA NUOVA APP PER IOS-IPHONE di Nicola Vettorello https:\/\/apps.apple.com\/it\/app\/radio-pi%C3%B9-emittente-agordina\/id1515939845 ATTENZIONE: LA NUOVA APP RADIO\u00a0 PER ANDROID di Nicola Vettorello https:\/\/play.google.com\/store\/apps\/details?id=net.radiopiu.iniko\u00a0\u00a0 &nbsp; &nbsp; \u00a0\u00a0 ACQUA NON POTABILE A&hellip;<\/p>\n","protected":false},"author":4,"featured_media":383376,"comment_status":"closed","ping_status":"closed","sticky":false,"template":"","format":"standard","meta":{"_monsterinsights_skip_tracking":false,"_monsterinsights_sitenote_active":false,"_monsterinsights_sitenote_note":"","_monsterinsights_sitenote_category":0,"footnotes":""},"categories":[51,86,49],"tags":[],"class_list":["post-383332","post","type-post","status-publish","format-standard","has-post-thumbnail","hentry","category-evidenza-top","category-gr","category-news-18","category-51","category-86","category-49","description-off"],"img_url":"https:\/\/www.radiopiu.net\/wordpress\/wp-content\/uploads\/2024\/04\/IMG-20231128-WA0062.jpg","_links":{"self":[{"href":"https:\/\/www.radiopiu.net\/wordpress\/wp-json\/wp\/v2\/posts\/383332","targetHints":{"allow":["GET"]}}],"collection":[{"href":"https:\/\/www.radiopiu.net\/wordpress\/wp-json\/wp\/v2\/posts"}],"about":[{"href":"https:\/\/www.radiopiu.net\/wordpress\/wp-json\/wp\/v2\/types\/post"}],"author":[{"embeddable":true,"href":"https:\/\/www.radiopiu.net\/wordpress\/wp-json\/wp\/v2\/users\/4"}],"replies":[{"embeddable":true,"href":"https:\/\/www.radiopiu.net\/wordpress\/wp-json\/wp\/v2\/comments?post=383332"}],"version-history":[{"count":0,"href":"https:\/\/www.radiopiu.net\/wordpress\/wp-json\/wp\/v2\/posts\/383332\/revisions"}],"wp:featuredmedia":[{"embeddable":true,"href":"https:\/\/www.radiopiu.net\/wordpress\/wp-json\/wp\/v2\/media\/383376"}],"wp:attachment":[{"href":"https:\/\/www.radiopiu.net\/wordpress\/wp-json\/wp\/v2\/media?parent=383332"}],"wp:term":[{"taxonomy":"category","embeddable":true,"href":"https:\/\/www.radiopiu.net\/wordpress\/wp-json\/wp\/v2\/categories?post=383332"},{"taxonomy":"post_tag","embeddable":true,"href":"https:\/\/www.radiopiu.net\/wordpress\/wp-json\/wp\/v2\/tags?post=383332"}],"curies":[{"name":"wp","href":"https:\/\/api.w.org\/{rel}","templated":true}]}}