{"id":383439,"date":"2024-04-10T05:30:05","date_gmt":"2024-04-10T03:30:05","guid":{"rendered":"https:\/\/www.radiopiu.net\/wordpress\/?p=383439"},"modified":"2024-04-10T05:39:19","modified_gmt":"2024-04-10T03:39:19","slug":"approvate-manovre-in-difesa-del-suolo-investimenti-a-selle-di-gosaldo-e-lozzo-di-cadore","status":"publish","type":"post","link":"https:\/\/www.radiopiu.net\/wordpress\/approvate-manovre-in-difesa-del-suolo-investimenti-a-selle-di-gosaldo-e-lozzo-di-cadore\/","title":{"rendered":"&#8220;Approvate manovre in Difesa del Suolo: investimenti a Selle di Gosaldo e Lozzo di Cadore&#8221;"},"content":{"rendered":"<p>**<\/p>\n<p>&nbsp;<\/p>\n<div class=\"articlePlainText\"><strong>DIFESA DEL SUOLO<\/strong><\/div>\n<p>Il Consiglio Provinciale ha ratificato manovre in materia di Difesa del Suolo, destinando 100mila euro in somma urgenza per un intervento a Selle di Gosaldo, altri 500mila euro al fondo delle somme urgenze in vista della stagione dei temporali estivi e pianificando l&#8217;acquisto di terreni a Lozzo di Cadore per agevolare interventi di messa in sicurezza della frana di Revis.<\/p>\n<p><strong>FORMAZIONE OSS<\/strong><\/p>\n<p>La formazione degli operatori socio-sanitari \u00e8 ufficialmente inclusa nel Dup della Provincia di Belluno, con l&#8217;obiettivo di affrontare la critica carenza di queste figure, fondamentali nel settore della non autosufficienza e della disabilit\u00e0. Con almeno 400 posizioni non soddisfatte, l&#8217;emergenza \u00e8 evidente, con 250 unit\u00e0 in meno rispetto alle necessit\u00e0 delle strutture pubbliche e altre 200 mancanti nelle cooperative e nell&#8217;assistenza domiciliare. La Provincia si impegna a promuovere la formazione e il reclutamento di OSS, modificando il Dup 2024-2026 per includere iniziative in tal senso, con risorse e modalit\u00e0 da definire prossimamente.<\/p>\n<div class=\"articlePlainText\"><strong>AREE AGRICOLE DI PREGIO<\/strong><\/div>\n<p>via libera alla perimetrazione delle aree agricole di pregio, escludendo la realizzazione di impianti fotovoltaici, e ha approvato le proposte, nonostante le sette osservazioni dei Comuni. Questa perimetrazione pu\u00f2 essere rivista se i terreni restano inutilizzati per pi\u00f9 di 5 anni, ma le aziende agricole che ne abbiano bisogno per la propria attivit\u00e0 non sono soggette a questa restrizione.<\/p>\n<div class=\"articlePlainText\"><strong>AREE AGRICOLE DI PREGIO<\/strong><\/div>\n<p>approvata la convenzione per la riattivazione del Cras, individuando la zona di Villa Zuppani a Villiago come sede, con l&#8217;obiettivo di creare un&#8217;area ambientale di pregio a servizio del territorio bellunese. Sono gi\u00e0 in corso operazioni per il ripristino delle strutture e il Cras si occuper\u00e0 del recupero e della cura della fauna selvatica ferita, garantendo il suo ritorno in natura quando possi<\/p>\n<div class=\"articlePlainText\"><strong>NOMINE UPI<\/strong><\/div>\n<div class=\"articlePlainText\">nomina dei rappresentanti della Provincia all&#8217;assemblea Upi Veneto (Unione Province d&#8217;Italia). Sono stati designati Massimo Bortoluzzi, Marzio Sovilla e Vanessa De Francesch. \u2014<\/div>\n<p>&nbsp;<\/p>\n<div class=\"flex-1 overflow-hidden\">\n<div class=\"react-scroll-to-bottom--css-ywwkd-79elbk h-full\">\n<div class=\"react-scroll-to-bottom--css-ywwkd-1n7m0yu\">\n<div class=\"flex flex-col text-sm pb-9\">\n<div class=\"w-full text-token-text-primary\" data-testid=\"conversation-turn-67\">\n<div class=\"px-4 py-2 justify-center text-base md:gap-6 m-auto\">\n<div class=\"flex flex-1 text-base mx-auto gap-3 md:px-5 lg:px-1 xl:px-5 md:max-w-3xl lg:max-w-[40rem] xl:max-w-[48rem] group final-completion\">\n<div class=\"relative flex w-full flex-col agent-turn\">\n<div class=\"absolute\">\n<div class=\"flex w-full gap-2 items-center justify-center\">\n<hr \/>\n<\/div>\n<\/div>\n<\/div>\n<\/div>\n<\/div>\n<\/div>\n<\/div>\n<\/div>\n<\/div>\n<\/div>\n<div class=\"w-full pt-2 md:pt-0 dark:border-white\/20 md:border-transparent md:dark:border-transparent md:w-[calc(100%-.5rem)]\">\n<form class=\"stretch mx-2 flex flex-row gap-3 last:mb-2 md:mx-4 md:last:mb-6 lg:mx-auto lg:max-w-2xl xl:max-w-3xl\">\n<div class=\"relative flex h-full flex-1 flex-col\">\n<div class=\"absolute bottom-full left-0 right-0\"><\/div>\n<div class=\"flex w-full items-center\"><\/div>\n<\/div>\n<\/form>\n<\/div>\n","protected":false},"excerpt":{"rendered":"<p>** &nbsp; DIFESA DEL SUOLO Il Consiglio Provinciale ha ratificato manovre in materia di Difesa del Suolo, destinando 100mila euro in somma urgenza per un intervento a Selle di Gosaldo, altri 500mila euro al fondo delle somme urgenze in vista della stagione dei temporali estivi e pianificando l&#8217;acquisto di terreni a Lozzo di Cadore per&hellip;<\/p>\n","protected":false},"author":4,"featured_media":181412,"comment_status":"closed","ping_status":"closed","sticky":false,"template":"","format":"standard","meta":{"_monsterinsights_skip_tracking":false,"_monsterinsights_sitenote_active":false,"_monsterinsights_sitenote_note":"","_monsterinsights_sitenote_category":0,"footnotes":""},"categories":[51,49],"tags":[],"class_list":["post-383439","post","type-post","status-publish","format-standard","has-post-thumbnail","hentry","category-evidenza-top","category-news-18","category-51","category-49","description-off"],"img_url":"https:\/\/www.radiopiu.net\/wordpress\/wp-content\/uploads\/2020\/12\/La-pista-per-Selle-di-nuovo-franata-scaled.jpg","_links":{"self":[{"href":"https:\/\/www.radiopiu.net\/wordpress\/wp-json\/wp\/v2\/posts\/383439","targetHints":{"allow":["GET"]}}],"collection":[{"href":"https:\/\/www.radiopiu.net\/wordpress\/wp-json\/wp\/v2\/posts"}],"about":[{"href":"https:\/\/www.radiopiu.net\/wordpress\/wp-json\/wp\/v2\/types\/post"}],"author":[{"embeddable":true,"href":"https:\/\/www.radiopiu.net\/wordpress\/wp-json\/wp\/v2\/users\/4"}],"replies":[{"embeddable":true,"href":"https:\/\/www.radiopiu.net\/wordpress\/wp-json\/wp\/v2\/comments?post=383439"}],"version-history":[{"count":0,"href":"https:\/\/www.radiopiu.net\/wordpress\/wp-json\/wp\/v2\/posts\/383439\/revisions"}],"wp:featuredmedia":[{"embeddable":true,"href":"https:\/\/www.radiopiu.net\/wordpress\/wp-json\/wp\/v2\/media\/181412"}],"wp:attachment":[{"href":"https:\/\/www.radiopiu.net\/wordpress\/wp-json\/wp\/v2\/media?parent=383439"}],"wp:term":[{"taxonomy":"category","embeddable":true,"href":"https:\/\/www.radiopiu.net\/wordpress\/wp-json\/wp\/v2\/categories?post=383439"},{"taxonomy":"post_tag","embeddable":true,"href":"https:\/\/www.radiopiu.net\/wordpress\/wp-json\/wp\/v2\/tags?post=383439"}],"curies":[{"name":"wp","href":"https:\/\/api.w.org\/{rel}","templated":true}]}}