{"id":383456,"date":"2024-04-10T07:55:03","date_gmt":"2024-04-10T05:55:03","guid":{"rendered":"https:\/\/www.radiopiu.net\/wordpress\/?p=383456"},"modified":"2024-04-10T08:00:57","modified_gmt":"2024-04-10T06:00:57","slug":"383456-2","status":"publish","type":"post","link":"https:\/\/www.radiopiu.net\/wordpress\/383456-2\/","title":{"rendered":"dal 1983 la rassegna stampa locale di mirko mezzacasa"},"content":{"rendered":"<p>***<\/p>\n<blockquote class=\"wp-embedded-content\" data-secret=\"qQwwKxf4Xd\"><p><a href=\"https:\/\/www.radiopiu.net\/wordpress\/383456-2\/\"><\/a><\/p><\/blockquote>\n<p><iframe loading=\"lazy\" class=\"wp-embedded-content\" sandbox=\"allow-scripts\" security=\"restricted\" style=\"position: absolute; clip: rect(1px, 1px, 1px, 1px);\" title=\"&#8220;&#8221; &#8212; Radio Pi\u00f9\" src=\"https:\/\/www.radiopiu.net\/wordpress\/383456-2\/embed\/#?secret=NaAjdMFMOM#?secret=qQwwKxf4Xd\" data-secret=\"qQwwKxf4Xd\" width=\"600\" height=\"338\" frameborder=\"0\" marginwidth=\"0\" marginheight=\"0\" scrolling=\"no\"><\/iframe><\/p>\n<p><a class=\"dt-pswp-item\" href=\"https:\/\/www.radiopiu.net\/wordpress\/wp-content\/uploads\/2024\/04\/COPPE1.png\" data-dt-img-description=\"\" data-large_image_width=\"441\" data-large_image_height=\"256\"><img loading=\"lazy\" decoding=\"async\" class=\"size-medium wp-image-383459 alignleft\" src=\"https:\/\/www.radiopiu.net\/wordpress\/wp-content\/uploads\/2024\/04\/COPPE1-300x174.png\" alt=\"\" width=\"300\" height=\"174\" srcset=\"https:\/\/www.radiopiu.net\/wordpress\/wp-content\/uploads\/2024\/04\/COPPE1-300x174.png 300w, https:\/\/www.radiopiu.net\/wordpress\/wp-content\/uploads\/2024\/04\/COPPE1.png 441w\" sizes=\"auto, (max-width: 300px) 100vw, 300px\" \/><\/a>ACQUA NON POTABILE A COL DI CARRERA DI TAIBON REDAZIONE in LOCALITA\u2019 COL DE CARRERA l\u2019acqua erogata dall\u2019acquedotto non \u00e8 potabile e pu\u00f2 essere usata per scopi alimentari SOLO PREVIA bollitura. Verr\u00e0 effettuato servizio sostitutivo con cisterna posizionata presso il CENTRO di Col De Carrera.<br \/>\nACQUA NON POTABILE A VOLTAGO E RIVAMONTE VOLTAGO in localit\u00e0 BERTOI, FRASSENE\u2019, VILLA, VIA GIOA e in VIA STRUZ e a RIVAMONTE AGORDINO in VIA ROSSON CIVICO N. 25 e VIA VILLAGRANDE CIVICI N. 45 e 4A l\u2019acqua erogata dall\u2019acquedotto non \u00e8 potabile e pu\u00f2 essere usata per scopi alimentari SOLO PREVIA bollitura.<br \/>\nAURONZO un escursionista scendendo con un amico dal Bivacco Fanton, ha riportato la distorsione della caviglia. L\u2019elicottero del Suem di Pieve di Cadore \u00e8 volato a circa 2.300 metri di quota e ha individuato i due che si stavano muovendo sulla neve al momento dell\u2019incidente. Il ventenne di nazionalit\u00e0 tedesca \u00e8 stato recuperato con un verricello di 20 metri assieme al compagno, trasportato a valle e controllato dall\u2019equipe medica. I due giovani sono poi rientrati autonomamente.<br \/>\nFALCADE\u00a0 ieri\u00a0 tra le 12 e le 13, dopo l&#8217;orario di chiusura, incendio all&#8217;econcentro di Falcade, cause per ora sconosciute. Sono gli stessi cittadini di Falcade che hanno chiamato il 115. Sul posto i vigili del fuoco di Agordo con due mezzi. Confermiamo che i danni fortunatamente sono stati pochi &#8211; &#8211; precisa Valpe &#8211;\u00a0 e l&#8217;area \u00e8 gi\u00e0 stata pulita e ripristinata per la prossima apertura. I cittadini potranno, quindi, recarsi in totale sicurezza in questa struttura, che sar\u00e0 regolarmente aperta gioved\u00ec pomeriggio con orario 14.30-17.30.<br \/>\n<a class=\"dt-pswp-item\" href=\"https:\/\/www.radiopiu.net\/wordpress\/wp-content\/uploads\/2024\/04\/COPPE2.png\" data-dt-img-description=\"\" data-large_image_width=\"546\" data-large_image_height=\"248\"><img loading=\"lazy\" decoding=\"async\" class=\"size-medium wp-image-383458 alignright\" src=\"https:\/\/www.radiopiu.net\/wordpress\/wp-content\/uploads\/2024\/04\/COPPE2-300x136.png\" alt=\"\" width=\"300\" height=\"136\" srcset=\"https:\/\/www.radiopiu.net\/wordpress\/wp-content\/uploads\/2024\/04\/COPPE2-300x136.png 300w, https:\/\/www.radiopiu.net\/wordpress\/wp-content\/uploads\/2024\/04\/COPPE2.png 546w\" sizes=\"auto, (max-width: 300px) 100vw, 300px\" \/><\/a>ROMA Lottiamo Insieme, nato nel 2023 a Roma, denuncia l\u2019abuso di contratti precari da parte di Poste Italiane, con 90.000 casi in 7 anni, chiedendo interventi governativi per l\u2019occupazione stabile. Il movimento, con centinaia di iscritti in Italia, organizza proteste informative. Un sit-in \u00e8 previsto il 17 aprile a Roma presso il quartier generale di Poste Italiane, supportato dai sindacati Cobas Poste, Cub Poste, Slg Cub Poste, e Clap.<br \/>\nSELVA DI CADORE Strada per la Val Fiorentina, eccezionali le briglie contro il dissesto idrogeologico, ma forse una manutenzione puntuale potrebbe evitare intasamenti da grossi tronchi e ramaglie che in caso di piene improvvise non aiuteranno di certo ad evitare inconvenienti.<\/p>\n<p>Il Veneto conferma il primato nella donazione d\u2019organi: risultati positivi e incrementi significativi<br \/>\nESSILORLUXOTTICA COMPLETA L\u2019ACQUISIZIONE DI WASHIN PER ESPANDERE LA PRESENZA NEL RETAIL IN GIAPPONE<br \/>\nOGGI 172\u00b0 ANNIVERSARIO DELLA POLIZIA DI STATO<br \/>\n<a class=\"dt-pswp-item\" href=\"https:\/\/www.radiopiu.net\/wordpress\/wp-content\/uploads\/2024\/04\/COPPE3.png\" data-dt-img-description=\"\" data-large_image_width=\"427\" data-large_image_height=\"214\"><img loading=\"lazy\" decoding=\"async\" class=\"size-medium wp-image-383457 alignleft\" src=\"https:\/\/www.radiopiu.net\/wordpress\/wp-content\/uploads\/2024\/04\/COPPE3-300x150.png\" alt=\"\" width=\"300\" height=\"150\" srcset=\"https:\/\/www.radiopiu.net\/wordpress\/wp-content\/uploads\/2024\/04\/COPPE3-300x150.png 300w, https:\/\/www.radiopiu.net\/wordpress\/wp-content\/uploads\/2024\/04\/COPPE3.png 427w\" sizes=\"auto, (max-width: 300px) 100vw, 300px\" \/><\/a>A UN MESE DALLE ELEZIONI PROVINCIALI LO SCONTRO SI FA ACCESO La Provincia si pacca su Cortina due ore di dibattito poi il ritiro<br \/>\nIl Consiglio Provinciale ha ratificato manovre in materia di Difesa del Suolo, destinando 100mila euro in somma urgenza per un intervento a Selle di Gosaldo, altri 500mila euro al fondo delle somme urgenze in vista della stagione dei temporali estivi e pianificando l\u2019acquisto di terreni a Lozzo di Cadore per agevolare interventi di messa in sicurezza della frana di Revis.<br \/>\nVALBELLUNA Lui non \u00e8 pi\u00f9 un ragazzino, lei aveva meno di 14 anni. Tra i due c\u2019\u00e8 stato senz\u2019altro un rapporto sessuale completo, che dopo la querela presentata dai genitori della ragazzina \u00e8 costato all\u2019uomo un patteggiamento a due anni di reclusione (con la sospensione condizionale della pena) per atti sessuali con minore. Non ci sarebbe stata alcuna costrizione, ma con una giovanissima di 13 anni e 11 mesi non si pu\u00f2 parlare di sesso consenziente. L\u2019uomo ha sempre ammesso le proprie responsabilit\u00e0, quindi ha concordato con il pubblico ministero titolare del fascicolo, Roberta Gallego, due anni di reclusione con pena sospesa, dopo un inevitabile risarcimento dei danni.<br \/>\nSolidariet\u00e0 e Collaborazione: Il Successo del Gruppo Aiuto Anziani Cencenighe\u201d<br \/>\nConclusione positiva per il Lions Quest Genitori: una giornata di emozioni e condivisione<br \/>\nBRINDISI CON ARCANGELO, E\u2019 SUO IL BIGLIETTO VINCENTE A TAIBON estrazioni lotteria sagra de pasca a taibon<br \/>\nSOVERZENE Sabato 13 aprile si terr\u00e0 l\u2019esercitazione di protezione civile \u201cSoverzene 2024\u201d<\/p>\n<p>&nbsp;<\/p>\n<p>&nbsp;<\/p>\n<p>&nbsp;<\/p>\n","protected":false},"excerpt":{"rendered":"<p>*** ACQUA NON POTABILE A COL DI CARRERA DI TAIBON REDAZIONE in LOCALITA\u2019 COL DE CARRERA l\u2019acqua erogata dall\u2019acquedotto non \u00e8 potabile e pu\u00f2 essere usata per scopi alimentari SOLO PREVIA bollitura. Verr\u00e0 effettuato servizio sostitutivo con cisterna posizionata presso il CENTRO di Col De Carrera. ACQUA NON POTABILE A VOLTAGO E RIVAMONTE VOLTAGO in&hellip;<\/p>\n","protected":false},"author":4,"featured_media":383458,"comment_status":"closed","ping_status":"closed","sticky":false,"template":"","format":"standard","meta":{"_monsterinsights_skip_tracking":false,"_monsterinsights_sitenote_active":false,"_monsterinsights_sitenote_note":"","_monsterinsights_sitenote_category":0,"footnotes":""},"categories":[104,49,142],"tags":[],"class_list":["post-383456","post","type-post","status-publish","format-standard","has-post-thumbnail","hentry","category-evidenza_3","category-news-18","category-rassegna-stampa","category-104","category-49","category-142","description-off"],"img_url":"https:\/\/www.radiopiu.net\/wordpress\/wp-content\/uploads\/2024\/04\/COPPE2.png","_links":{"self":[{"href":"https:\/\/www.radiopiu.net\/wordpress\/wp-json\/wp\/v2\/posts\/383456","targetHints":{"allow":["GET"]}}],"collection":[{"href":"https:\/\/www.radiopiu.net\/wordpress\/wp-json\/wp\/v2\/posts"}],"about":[{"href":"https:\/\/www.radiopiu.net\/wordpress\/wp-json\/wp\/v2\/types\/post"}],"author":[{"embeddable":true,"href":"https:\/\/www.radiopiu.net\/wordpress\/wp-json\/wp\/v2\/users\/4"}],"replies":[{"embeddable":true,"href":"https:\/\/www.radiopiu.net\/wordpress\/wp-json\/wp\/v2\/comments?post=383456"}],"version-history":[{"count":0,"href":"https:\/\/www.radiopiu.net\/wordpress\/wp-json\/wp\/v2\/posts\/383456\/revisions"}],"wp:featuredmedia":[{"embeddable":true,"href":"https:\/\/www.radiopiu.net\/wordpress\/wp-json\/wp\/v2\/media\/383458"}],"wp:attachment":[{"href":"https:\/\/www.radiopiu.net\/wordpress\/wp-json\/wp\/v2\/media?parent=383456"}],"wp:term":[{"taxonomy":"category","embeddable":true,"href":"https:\/\/www.radiopiu.net\/wordpress\/wp-json\/wp\/v2\/categories?post=383456"},{"taxonomy":"post_tag","embeddable":true,"href":"https:\/\/www.radiopiu.net\/wordpress\/wp-json\/wp\/v2\/tags?post=383456"}],"curies":[{"name":"wp","href":"https:\/\/api.w.org\/{rel}","templated":true}]}}