{"id":383472,"date":"2024-04-11T05:02:55","date_gmt":"2024-04-11T03:02:55","guid":{"rendered":"https:\/\/www.radiopiu.net\/wordpress\/?p=383472"},"modified":"2024-04-11T05:41:34","modified_gmt":"2024-04-11T03:41:34","slug":"la-mozione-contro-il-vanoi-non-passa-la-regione-non-ri","status":"publish","type":"post","link":"https:\/\/www.radiopiu.net\/wordpress\/la-mozione-contro-il-vanoi-non-passa-la-regione-non-ri\/","title":{"rendered":"LA MOZIONE CONTRO IL VANOI NON PASSA &#8211; LA REGIONE IL PROGETTO NON LO RITIRA"},"content":{"rendered":"<p>***<\/p>\n<p>&nbsp;<\/p>\n<p><strong><a class=\"dt-pswp-item\" href=\"https:\/\/www.radiopiu.net\/wordpress\/wp-content\/uploads\/2023\/10\/diga-vanoi.jpg\" data-dt-img-description=\"\" data-large_image_width=\"382\" data-large_image_height=\"254\"><img loading=\"lazy\" decoding=\"async\" class=\"wp-image-356183 alignleft\" src=\"https:\/\/www.radiopiu.net\/wordpress\/wp-content\/uploads\/2023\/10\/diga-vanoi-300x199.jpg\" alt=\"\" width=\"142\" height=\"94\" srcset=\"https:\/\/www.radiopiu.net\/wordpress\/wp-content\/uploads\/2023\/10\/diga-vanoi-300x199.jpg 300w, https:\/\/www.radiopiu.net\/wordpress\/wp-content\/uploads\/2023\/10\/diga-vanoi.jpg 382w\" sizes=\"auto, (max-width: 142px) 100vw, 142px\" \/><\/a>APERTURA DELLA RASSEGNA STAMPA DI OGGI<\/strong><\/p>\n<p>DI MIRKO MEZZACASA<\/p>\n<p>in diretta alla radio IL CONSIGLIERE REGIONALE\u00a0 Silvia Cestaro<em> &#8220;Io e Puppato potevamo votare a favore, ma non avrebbe modificato nulla visto il numero di favorevoli&#8221;.<\/em><\/p>\n<audio class=\"wp-audio-shortcode\" id=\"audio-383472-1\" preload=\"none\" style=\"width: 100%;\" controls=\"controls\"><source type=\"audio\/mpeg\" src=\"https:\/\/www.radiopiu.net\/wordpress\/wp-content\/uploads\/2024\/04\/SILVIA-CESTARO-A-RADIOPIU.mp3?_=1\" \/><a href=\"https:\/\/www.radiopiu.net\/wordpress\/wp-content\/uploads\/2024\/04\/SILVIA-CESTARO-A-RADIOPIU.mp3\">https:\/\/www.radiopiu.net\/wordpress\/wp-content\/uploads\/2024\/04\/SILVIA-CESTARO-A-RADIOPIU.mp3<\/a><\/audio>\n<p>&nbsp;<\/p>\n<p><strong>SILVIA CESTARO:<\/strong> Mi sono presa la responsabilit\u00e0 di trovare un accordo su un testo che rispecchiasse la verit\u00e0 e fosse condiviso anche dalla maggioranza. Ieri a pochi minuti dall&#8217;inizio del consiglio la minoranza ha fatto un passo indietro e ha emendato la mozione che gi\u00e0 aveva un parere negativo da parte di Bottacin e dei capigruppo scatenando un dibattito ancora pi\u00f9 acceso. A questo punto ho deciso di presentare un testo alternativo che sar\u00e0 depositato oggi.\u00a0 Lo scopo deve essere quello del raggiungimento dell&#8217;obbiettivo e non della propaganda politica.<em> &#8220;Tra l&#8217;altro il pd ad Agosto 2022 ha votato a favore della mozione dello stesso Pan che chiedeva un accelerazione sulla realizzazione della diga del Vanoi. Alla faccia della coerenza&#8221;.\u00a0<\/em><\/p>\n<p>&nbsp;<\/p>\n<p>&nbsp;<\/p>\n<p>&nbsp;<\/p>\n<hr \/>\n<p>&nbsp;<\/p>\n","protected":false},"excerpt":{"rendered":"<p>*** &nbsp; APERTURA DELLA RASSEGNA STAMPA DI OGGI DI MIRKO MEZZACASA in diretta alla radio IL CONSIGLIERE REGIONALE\u00a0 Silvia Cestaro &#8220;Io e Puppato potevamo votare a favore, ma non avrebbe modificato nulla visto il numero di favorevoli&#8221;. &nbsp; SILVIA CESTARO: Mi sono presa la responsabilit\u00e0 di trovare un accordo su un testo che rispecchiasse la&hellip;<\/p>\n","protected":false},"author":4,"featured_media":381549,"comment_status":"closed","ping_status":"closed","sticky":false,"template":"","format":"standard","meta":{"_monsterinsights_skip_tracking":false,"_monsterinsights_sitenote_active":false,"_monsterinsights_sitenote_note":"","_monsterinsights_sitenote_category":0,"footnotes":""},"categories":[104,49],"tags":[],"class_list":["post-383472","post","type-post","status-publish","format-standard","has-post-thumbnail","hentry","category-evidenza_3","category-news-18","category-104","category-49","description-off"],"img_url":"https:\/\/www.radiopiu.net\/wordpress\/wp-content\/uploads\/2024\/03\/CESTARO.jpg","_links":{"self":[{"href":"https:\/\/www.radiopiu.net\/wordpress\/wp-json\/wp\/v2\/posts\/383472","targetHints":{"allow":["GET"]}}],"collection":[{"href":"https:\/\/www.radiopiu.net\/wordpress\/wp-json\/wp\/v2\/posts"}],"about":[{"href":"https:\/\/www.radiopiu.net\/wordpress\/wp-json\/wp\/v2\/types\/post"}],"author":[{"embeddable":true,"href":"https:\/\/www.radiopiu.net\/wordpress\/wp-json\/wp\/v2\/users\/4"}],"replies":[{"embeddable":true,"href":"https:\/\/www.radiopiu.net\/wordpress\/wp-json\/wp\/v2\/comments?post=383472"}],"version-history":[{"count":0,"href":"https:\/\/www.radiopiu.net\/wordpress\/wp-json\/wp\/v2\/posts\/383472\/revisions"}],"wp:featuredmedia":[{"embeddable":true,"href":"https:\/\/www.radiopiu.net\/wordpress\/wp-json\/wp\/v2\/media\/381549"}],"wp:attachment":[{"href":"https:\/\/www.radiopiu.net\/wordpress\/wp-json\/wp\/v2\/media?parent=383472"}],"wp:term":[{"taxonomy":"category","embeddable":true,"href":"https:\/\/www.radiopiu.net\/wordpress\/wp-json\/wp\/v2\/categories?post=383472"},{"taxonomy":"post_tag","embeddable":true,"href":"https:\/\/www.radiopiu.net\/wordpress\/wp-json\/wp\/v2\/tags?post=383472"}],"curies":[{"name":"wp","href":"https:\/\/api.w.org\/{rel}","templated":true}]}}