{"id":383564,"date":"2024-04-10T15:08:47","date_gmt":"2024-04-10T13:08:47","guid":{"rendered":"https:\/\/www.radiopiu.net\/wordpress\/?p=383564"},"modified":"2024-04-11T05:42:20","modified_gmt":"2024-04-11T03:42:20","slug":"festa-de-lom-salvarech-a-la-valle-agordina-due-giorni-di-festa-e-tradizioni","status":"publish","type":"post","link":"https:\/\/www.radiopiu.net\/wordpress\/festa-de-lom-salvarech-a-la-valle-agordina-due-giorni-di-festa-e-tradizioni\/","title":{"rendered":"Festa de l&#8217;Om Salvarech a La Valle Agordina: Due Giorni di Festa e Tradizioni"},"content":{"rendered":"<p>***<\/p>\n<p>&nbsp;<\/p>\n<blockquote>\n<h3><\/h3>\n<\/blockquote>\n<p><strong><a class=\"dt-pswp-item\" href=\"https:\/\/www.radiopiu.net\/wordpress\/wp-content\/uploads\/2024\/04\/96428ae6-1b55-4610-a296-af07827bae13-1.jpg\" data-dt-img-description=\"\" data-large_image_width=\"1468\" data-large_image_height=\"2048\"><img loading=\"lazy\" decoding=\"async\" class=\"size-medium wp-image-383563 alignleft\" src=\"https:\/\/www.radiopiu.net\/wordpress\/wp-content\/uploads\/2024\/04\/96428ae6-1b55-4610-a296-af07827bae13-1-215x300.jpg\" alt=\"\" width=\"215\" height=\"300\" srcset=\"https:\/\/www.radiopiu.net\/wordpress\/wp-content\/uploads\/2024\/04\/96428ae6-1b55-4610-a296-af07827bae13-1-215x300.jpg 215w, https:\/\/www.radiopiu.net\/wordpress\/wp-content\/uploads\/2024\/04\/96428ae6-1b55-4610-a296-af07827bae13-1-734x1024.jpg 734w, https:\/\/www.radiopiu.net\/wordpress\/wp-content\/uploads\/2024\/04\/96428ae6-1b55-4610-a296-af07827bae13-1-768x1071.jpg 768w, https:\/\/www.radiopiu.net\/wordpress\/wp-content\/uploads\/2024\/04\/96428ae6-1b55-4610-a296-af07827bae13-1-1101x1536.jpg 1101w, https:\/\/www.radiopiu.net\/wordpress\/wp-content\/uploads\/2024\/04\/96428ae6-1b55-4610-a296-af07827bae13-1.jpg 1468w\" sizes=\"auto, (max-width: 215px) 100vw, 215px\" \/><\/a>LA VALLE AGORDINA<\/strong> La comunit\u00e0 di La Valle Agordina si prepara ad accogliere la tradizionale Festa de l&#8217;Om Salvarech, in programma il 24 e 25 aprile. Il programma prevede una serie di eventi coinvolgenti per tutti i gusti. <strong>Mercoled\u00ec 24 aprile: <\/strong>Alle 17:00 si terr\u00e0 un aperitivo selvativo per dare il via alle festivit\u00e0. Alle 19:00 apriranno gli stand gastronomici, offrendo delizie culinarie locali. A partire dalle 20:00, la serata sar\u00e0 allietata dalla musica con l&#8217;esibizione di Volxalp. Dalla mezzanotte, il divertimento continuer\u00e0 con la discoteca animata dal DJ RDJ. <strong>Gioved\u00ec 25 aprile: <\/strong>Alle 9:30 inizier\u00e0 la tradizionale merca&#8217; de l&#8217;ista&#8217; presso il tendone, dove sar\u00e0 possibile trovare prodotti tipici e artigianato locale. Alle 10:00 partir\u00e0 la corsa in montagna, un evento atteso dagli amanti della natura e dello sport. Alle 12:00 riapriranno gli stand gastronomici per deliziare i partecipanti con le specialit\u00e0 della zona. Alle 14:00 avr\u00e0 luogo la preparazione del Pop Om Salvarech, seguita dalla sfilata. Alle 19:00 ci sar\u00e0 l&#8217;attesissima cena de La C\u00f2ta in compagnia della Proloco, seguita dal gran finale con fal\u00f2 e ballo animato da Eros e Karin Om Salvarech. L&#8217;evento promette due giorni di festa all&#8217;insegna delle tradizioni locali, della buona cucina e della gioia condivisa. Non mancate!<\/p>\n<p>&nbsp;<\/p>\n<p>&nbsp;<\/p>\n<hr \/>\n<p>&nbsp;<\/p>\n","protected":false},"excerpt":{"rendered":"<p>*** &nbsp; LA VALLE AGORDINA La comunit\u00e0 di La Valle Agordina si prepara ad accogliere la tradizionale Festa de l&#8217;Om Salvarech, in programma il 24 e 25 aprile. Il programma prevede una serie di eventi coinvolgenti per tutti i gusti. Mercoled\u00ec 24 aprile: Alle 17:00 si terr\u00e0 un aperitivo selvativo per dare il via alle&hellip;<\/p>\n","protected":false},"author":4,"featured_media":383563,"comment_status":"closed","ping_status":"closed","sticky":false,"template":"","format":"standard","meta":{"_monsterinsights_skip_tracking":false,"_monsterinsights_sitenote_active":false,"_monsterinsights_sitenote_note":"","_monsterinsights_sitenote_category":0,"footnotes":""},"categories":[104,49],"tags":[],"class_list":["post-383564","post","type-post","status-publish","format-standard","has-post-thumbnail","hentry","category-evidenza_3","category-news-18","category-104","category-49","description-off"],"img_url":"https:\/\/www.radiopiu.net\/wordpress\/wp-content\/uploads\/2024\/04\/96428ae6-1b55-4610-a296-af07827bae13-1.jpg","_links":{"self":[{"href":"https:\/\/www.radiopiu.net\/wordpress\/wp-json\/wp\/v2\/posts\/383564","targetHints":{"allow":["GET"]}}],"collection":[{"href":"https:\/\/www.radiopiu.net\/wordpress\/wp-json\/wp\/v2\/posts"}],"about":[{"href":"https:\/\/www.radiopiu.net\/wordpress\/wp-json\/wp\/v2\/types\/post"}],"author":[{"embeddable":true,"href":"https:\/\/www.radiopiu.net\/wordpress\/wp-json\/wp\/v2\/users\/4"}],"replies":[{"embeddable":true,"href":"https:\/\/www.radiopiu.net\/wordpress\/wp-json\/wp\/v2\/comments?post=383564"}],"version-history":[{"count":0,"href":"https:\/\/www.radiopiu.net\/wordpress\/wp-json\/wp\/v2\/posts\/383564\/revisions"}],"wp:featuredmedia":[{"embeddable":true,"href":"https:\/\/www.radiopiu.net\/wordpress\/wp-json\/wp\/v2\/media\/383563"}],"wp:attachment":[{"href":"https:\/\/www.radiopiu.net\/wordpress\/wp-json\/wp\/v2\/media?parent=383564"}],"wp:term":[{"taxonomy":"category","embeddable":true,"href":"https:\/\/www.radiopiu.net\/wordpress\/wp-json\/wp\/v2\/categories?post=383564"},{"taxonomy":"post_tag","embeddable":true,"href":"https:\/\/www.radiopiu.net\/wordpress\/wp-json\/wp\/v2\/tags?post=383564"}],"curies":[{"name":"wp","href":"https:\/\/api.w.org\/{rel}","templated":true}]}}