{"id":383632,"date":"2024-04-10T19:37:55","date_gmt":"2024-04-10T17:37:55","guid":{"rendered":"https:\/\/www.radiopiu.net\/wordpress\/?p=383632"},"modified":"2024-04-10T19:37:55","modified_gmt":"2024-04-10T17:37:55","slug":"dillo-a-radio-piu-luxottica-riflessioni-su-parcheggi-e-multe","status":"publish","type":"post","link":"https:\/\/www.radiopiu.net\/wordpress\/dillo-a-radio-piu-luxottica-riflessioni-su-parcheggi-e-multe\/","title":{"rendered":"DILLO A RADIO PIU&#8217;&#8230;. Luxottica, riflessioni su Parcheggi e Multe"},"content":{"rendered":"<p>***<\/p>\n<blockquote><p><em>Un appello costruttivo per affrontare una problematica che coinvolge molteplici dipendenti.<\/em><\/p><\/blockquote>\n<p><strong><img loading=\"lazy\" decoding=\"async\" class=\"alignleft\" src=\"https:\/\/www.radiopiu.net\/wordpress\/wp-content\/uploads\/2024\/03\/LUXOTTICA-PARC.jpg\" width=\"275\" height=\"206\" \/>REDAZIONE<\/strong> Chiara, dipendente Luxottica, condivide le sue frustrazioni riguardo alle multe per parcheggio. Mentre riconosce l&#8217;importanza di sanzionare il parcheggio selvaggio riflette sul problema pi\u00f9 ampio dei parcheggi, evidenziando la necessit\u00e0 di risolvere la questione per garantire un ambiente di lavoro migliore per tutti. Invita al dialogo e alla ricerca di soluzioni concrete, piuttosto che alimentare polemiche sterili.<\/p>\n<p>Riceviamo e Pubblichiamo<\/p>\n<p>Faccio parte delle maestranze Luxottica e scrivo questo breve sfogo dopo essere uscita da lavoro ed aver trovato per l\u2019ennesima volta, una multa sul mio parabrezza. Non sono l\u2019unica, il mio destino \u00e8 condiviso da molti altri colleghi. Non voglio polemizzare sulla multa in s\u00e9. \u00c9 giusto e doveroso sanzionare chi parcheggia in maniera selvaggia, voglio per\u00f2 sottolineare che ieri sera la mia auto era parcheggiata ben lontano dai cartelli di divieto di sosta, quindi valuter\u00f2 attentamente se ci sono le circostanze per presentare un ricorso. Oltre all\u2019accaduto, che \u00e8 cosa personale, vorrei fare una riflessione sulla situazione generale. \u00c8 normale che una persona debba essere in anticipo di un\u2019ora, anche di un\u2019ora e mezza per trovare parcheggio rispetto all\u2019inizio del turno? Sembra giusto che il vigile sanzioni senza tenere conto che la maggior parte delle auto che vengono multate sono di persone che in quel momento stanno lavorando? Voglio spiegarmi: Luxottica \u00e8 una realt\u00e0, non sarebbe giusto sollevare il problema una volta per tutte e cercare di risolvere la questione parcheggi? Non voglio aprire una polemica sterile, la mia \u00e8 una riflessione che vuol essere per prima cosa costruttiva.<\/p>\n<p>&nbsp;<\/p>\n<p>&nbsp;<\/p>\n<p>&nbsp;<\/p>\n<p>___<\/p>\n","protected":false},"excerpt":{"rendered":"<p>*** Un appello costruttivo per affrontare una problematica che coinvolge molteplici dipendenti. REDAZIONE Chiara, dipendente Luxottica, condivide le sue frustrazioni riguardo alle multe per parcheggio. Mentre riconosce l&#8217;importanza di sanzionare il parcheggio selvaggio riflette sul problema pi\u00f9 ampio dei parcheggi, evidenziando la necessit\u00e0 di risolvere la questione per garantire un ambiente di lavoro migliore per&hellip;<\/p>\n","protected":false},"author":4,"featured_media":380380,"comment_status":"closed","ping_status":"closed","sticky":false,"template":"","format":"standard","meta":{"_monsterinsights_skip_tracking":false,"_monsterinsights_sitenote_active":false,"_monsterinsights_sitenote_note":"","_monsterinsights_sitenote_category":0,"footnotes":""},"categories":[51,49],"tags":[],"class_list":["post-383632","post","type-post","status-publish","format-standard","has-post-thumbnail","hentry","category-evidenza-top","category-news-18","category-51","category-49","description-off"],"img_url":"https:\/\/www.radiopiu.net\/wordpress\/wp-content\/uploads\/2024\/03\/LUXOTTICA-PARC.jpg","_links":{"self":[{"href":"https:\/\/www.radiopiu.net\/wordpress\/wp-json\/wp\/v2\/posts\/383632","targetHints":{"allow":["GET"]}}],"collection":[{"href":"https:\/\/www.radiopiu.net\/wordpress\/wp-json\/wp\/v2\/posts"}],"about":[{"href":"https:\/\/www.radiopiu.net\/wordpress\/wp-json\/wp\/v2\/types\/post"}],"author":[{"embeddable":true,"href":"https:\/\/www.radiopiu.net\/wordpress\/wp-json\/wp\/v2\/users\/4"}],"replies":[{"embeddable":true,"href":"https:\/\/www.radiopiu.net\/wordpress\/wp-json\/wp\/v2\/comments?post=383632"}],"version-history":[{"count":0,"href":"https:\/\/www.radiopiu.net\/wordpress\/wp-json\/wp\/v2\/posts\/383632\/revisions"}],"wp:featuredmedia":[{"embeddable":true,"href":"https:\/\/www.radiopiu.net\/wordpress\/wp-json\/wp\/v2\/media\/380380"}],"wp:attachment":[{"href":"https:\/\/www.radiopiu.net\/wordpress\/wp-json\/wp\/v2\/media?parent=383632"}],"wp:term":[{"taxonomy":"category","embeddable":true,"href":"https:\/\/www.radiopiu.net\/wordpress\/wp-json\/wp\/v2\/categories?post=383632"},{"taxonomy":"post_tag","embeddable":true,"href":"https:\/\/www.radiopiu.net\/wordpress\/wp-json\/wp\/v2\/tags?post=383632"}],"curies":[{"name":"wp","href":"https:\/\/api.w.org\/{rel}","templated":true}]}}