{"id":383670,"date":"2024-04-12T05:42:55","date_gmt":"2024-04-12T03:42:55","guid":{"rendered":"https:\/\/www.radiopiu.net\/wordpress\/?p=383670"},"modified":"2024-04-12T08:37:02","modified_gmt":"2024-04-12T06:37:02","slug":"giornale-radiopiu-12-aprile-2024-direttore-mirko-mezzacasada-40-anni-25-giugno-1983-25-giugno-2023","status":"publish","type":"post","link":"https:\/\/www.radiopiu.net\/wordpress\/giornale-radiopiu-12-aprile-2024-direttore-mirko-mezzacasada-40-anni-25-giugno-1983-25-giugno-2023\/","title":{"rendered":"GIORNALE RADIOPIU 12 APRILE 2024 DIRETTORE MIRKO MEZZACASA\u2026DA 40 ANNI 25 GIUGNO 1983-25 GIUGNO 2023"},"content":{"rendered":"<p>*******<\/p>\n<p>&nbsp;<\/p>\n<h3><a href=\"https:\/\/www.radiopiu.net\/wordpress\/giornale-radiopiu-24-gennaio-2021-direttore-mirko-mezzacasa\/141433770_171616291414874_2957460898102012198_n\/\" rel=\"attachment wp-att-186566\"><img loading=\"lazy\" decoding=\"async\" class=\"wp-image-186566 alignleft\" src=\"https:\/\/www.radiopiu.net\/wordpress\/wp-content\/uploads\/2021\/01\/141433770_171616291414874_2957460898102012198_n-300x300.jpg\" alt=\"\" width=\"144\" height=\"144\" srcset=\"https:\/\/www.radiopiu.net\/wordpress\/wp-content\/uploads\/2021\/01\/141433770_171616291414874_2957460898102012198_n-300x300.jpg 300w, https:\/\/www.radiopiu.net\/wordpress\/wp-content\/uploads\/2021\/01\/141433770_171616291414874_2957460898102012198_n-150x150.jpg 150w, https:\/\/www.radiopiu.net\/wordpress\/wp-content\/uploads\/2021\/01\/141433770_171616291414874_2957460898102012198_n-768x768.jpg 768w, https:\/\/www.radiopiu.net\/wordpress\/wp-content\/uploads\/2021\/01\/141433770_171616291414874_2957460898102012198_n.jpg 800w\" sizes=\"auto, (max-width: 144px) 100vw, 144px\" \/><\/a>PER<strong> RICEVERE QUESTO NOTIZIARIO DIRETTAMENTE SUL TUO CELLULARE ISCRIVITI AL CANALE TELEGRAM <\/strong><strong>\u201cRADIO PIU\u00a0 INFORMAZIONE&#8221;\u00a0<\/strong><\/h3>\n<h3>\u00a0il CANALE TELEGRAM&#8230; UNISCITI A: RADIO PIU INFORMAZIONE<\/h3>\n<p>&nbsp;<\/p>\n<p>&nbsp;<\/p>\n<p><em><a href=\"https:\/\/www.radiopiu.net\/wordpress\/giornale-radiopiu-24-gennaio-2021-direttore-mirko-mezzacasa\/79216601_126817312416448_708980208774483089_n\/\" rel=\"attachment wp-att-186567\"><img loading=\"lazy\" decoding=\"async\" class=\"size-medium wp-image-186567 alignright\" src=\"https:\/\/www.radiopiu.net\/wordpress\/wp-content\/uploads\/2021\/01\/79216601_126817312416448_708980208774483089_n-300x114.jpg\" alt=\"\" width=\"300\" height=\"114\" srcset=\"https:\/\/www.radiopiu.net\/wordpress\/wp-content\/uploads\/2021\/01\/79216601_126817312416448_708980208774483089_n-300x114.jpg 300w, https:\/\/www.radiopiu.net\/wordpress\/wp-content\/uploads\/2021\/01\/79216601_126817312416448_708980208774483089_n-768x292.jpg 768w, https:\/\/www.radiopiu.net\/wordpress\/wp-content\/uploads\/2021\/01\/79216601_126817312416448_708980208774483089_n.jpg 820w\" sizes=\"auto, (max-width: 300px) 100vw, 300px\" \/><\/a><span style=\"color: #ff0000;\">ATTENZIONE: LA NUOVA APP PER IOS-IPHONE di Nicola Vettorello <\/span><\/em><a href=\"https:\/\/apps.apple.com\/it\/app\/radio-pi%C3%B9-emittente-agordina\/id1515939845\">https:\/\/apps.apple.com\/it\/app\/radio-pi%C3%B9-emittente-agordina\/id1515939845<\/a><\/p>\n<p><em style=\"color: #ff0000;\">ATTENZIONE: LA NUOVA APP RADIO\u00a0 PER ANDROID di Nicola Vettorello<\/em><\/p>\n<p><a href=\"https:\/\/play.google.com\/store\/apps\/details?id=net.radiopiu.iniko\" target=\"_blank\" rel=\"noopener noreferrer\">https:\/\/play.google.com\/store\/apps\/details?id=net.radiopiu.iniko\u00a0\u00a0<\/a><\/p>\n<p>&nbsp;<\/p>\n<h3 class=\"kvgmc6g5 cxmmr5t8 oygrvhab hcukyx3x c1et5uql\"><\/h3>\n<div data-block=\"true\" data-editor=\"avj4u\" data-offset-key=\"d3i0j-0-0\">\n<hr \/>\n<p>&nbsp;<\/p>\n<\/div>\n<div data-block=\"true\" data-editor=\"avj4u\" data-offset-key=\"d3i0j-0-0\"><\/div>\n<p><strong>OGGI ALLA RADIO:<\/strong> ALLE 7.20 EL BAR DEL FIOR, DETTI E TRADIZIONI DI GIULIANA DA RONCH; ALLE 8.20 PIU&#8217; SIAMO CON MARINA DONA&#8217; ALLE 9.10 PREMIERE, LE NOVITA&#8217; MUSICALI CON MARCO GAZ, A SEGUIRE OTTANTA DI MONICA FONTANIVE 10.10 MUSLA, CON GIORGIA TAIO LE NOVE IN LADIN ALLE 10.30 AUSER AGORDO CON IL SEGRETARIO PIETRO URPI 12.30 GR PRINCIPALE 13.10 MARCO DAL FARRA PRESENTA IL NUOVO DISCO, DOMANI IN CONCERTO A TRICHIANA 13.20 PRIMA VERA HIT DI MARINA DONA&#8217; 14 GOLDEN CLASSIC CON MARCO EDELVAIS ALLE 14 MARINA DONA&#8217; AL VENERDI MARINA C&#8217;E&#8217;\u00a0 16 IL ROCK DI MARCO COSTANTINI\u00a0 17 LE HIT DI MIRKO BENVICENNI<\/p>\n<p>DOMANI SERA&#8230;. DIRETTA RADIO DAL PRIMIERO &#8220;I COLLAGE&#8221; DA TRICHIANA &#8220;MARCO V DAL FARRA&#8221; SU TUTTI I CANALI SOCIAL DELLA RADIO<\/p>\n<p>&nbsp;<\/p>\n<p>&nbsp;<\/p>\n<div class=\"x11i5rnm xat24cr x1mh8g0r x1vvkbs xtlvy1s x126k92a\">\n<div dir=\"auto\">\n<hr \/>\n<p>&nbsp;<\/p>\n<p>&nbsp;<\/p>\n<div class=\"x11i5rnm xat24cr x1mh8g0r x1vvkbs xtlvy1s x126k92a\">\n<div dir=\"auto\">\n<p><strong><a class=\"dt-pswp-item\" href=\"https:\/\/www.radiopiu.net\/wordpress\/wp-content\/uploads\/2024\/02\/2d44e751-d8a8-461b-8e22-d8e4e853b032.jpg\" data-dt-img-description=\"\" data-large_image_width=\"1600\" data-large_image_height=\"1200\"><img loading=\"lazy\" decoding=\"async\" class=\"wp-image-373307 alignleft\" src=\"https:\/\/www.radiopiu.net\/wordpress\/wp-content\/uploads\/2024\/02\/2d44e751-d8a8-461b-8e22-d8e4e853b032-300x225.jpg\" alt=\"\" width=\"105\" height=\"79\" srcset=\"https:\/\/www.radiopiu.net\/wordpress\/wp-content\/uploads\/2024\/02\/2d44e751-d8a8-461b-8e22-d8e4e853b032-300x225.jpg 300w, https:\/\/www.radiopiu.net\/wordpress\/wp-content\/uploads\/2024\/02\/2d44e751-d8a8-461b-8e22-d8e4e853b032-1024x768.jpg 1024w, https:\/\/www.radiopiu.net\/wordpress\/wp-content\/uploads\/2024\/02\/2d44e751-d8a8-461b-8e22-d8e4e853b032-768x576.jpg 768w, https:\/\/www.radiopiu.net\/wordpress\/wp-content\/uploads\/2024\/02\/2d44e751-d8a8-461b-8e22-d8e4e853b032-1536x1152.jpg 1536w, https:\/\/www.radiopiu.net\/wordpress\/wp-content\/uploads\/2024\/02\/2d44e751-d8a8-461b-8e22-d8e4e853b032.jpg 1600w\" sizes=\"auto, (max-width: 105px) 100vw, 105px\" \/><\/a>EL BAL DEL FIOR, DI GIULIANA DA RONCH, 12 APRILE 2024<\/strong><\/p>\n<\/div>\n<\/div>\n<\/div>\n<div dir=\"auto\">\n<audio class=\"wp-audio-shortcode\" id=\"audio-383670-1\" preload=\"none\" style=\"width: 100%;\" controls=\"controls\"><source type=\"audio\/mpeg\" src=\"https:\/\/www.radiopiu.net\/wordpress\/wp-content\/uploads\/2024\/04\/GVE.m4a?_=1\" \/><a href=\"https:\/\/www.radiopiu.net\/wordpress\/wp-content\/uploads\/2024\/04\/GVE.m4a\">https:\/\/www.radiopiu.net\/wordpress\/wp-content\/uploads\/2024\/04\/GVE.m4a<\/a><\/audio>\n<p>&nbsp;<\/p>\n<hr \/>\n<\/div>\n<\/div>\n<blockquote>\n<blockquote>\n<h1><span style=\"color: #ff0000;\">I podcast informativi del mattino &#8211; audio &#8211;\u00a0<\/span><\/h1>\n<\/blockquote>\n<p><strong><a class=\"dt-pswp-item\" href=\"https:\/\/www.radiopiu.net\/wordpress\/wp-content\/uploads\/2023\/11\/th-10.jpg\" data-dt-img-description=\"\" data-large_image_width=\"320\" data-large_image_height=\"180\"><img loading=\"lazy\" decoding=\"async\" class=\"wp-image-362866 alignleft\" src=\"https:\/\/www.radiopiu.net\/wordpress\/wp-content\/uploads\/2023\/11\/th-10-300x169.jpg\" alt=\"\" width=\"185\" height=\"104\" srcset=\"https:\/\/www.radiopiu.net\/wordpress\/wp-content\/uploads\/2023\/11\/th-10-300x169.jpg 300w, https:\/\/www.radiopiu.net\/wordpress\/wp-content\/uploads\/2023\/11\/th-10.jpg 320w\" sizes=\"auto, (max-width: 185px) 100vw, 185px\" \/><\/a>LA RASSEGNA STAMPA NAZIONALE ALLA RADIO, OGNI GIORNO ALLE 5 E ALLE 6 DEL MATTINO <span style=\"color: #0000ff;\">viene pubblicata alle 6.00 <span style=\"color: #ff0000;\">DIRETTA RADIO\u00a0 \u00a0\u00a0<\/span><\/span><\/strong><\/p>\n<p>&nbsp;<\/p><\/blockquote>\n<p><span style=\"color: #ff0000;\"><strong>\u00a0di STEFANO FAMA&#8217;<\/strong><\/span><\/p>\n<p><span style=\"color: #000000;\">Nato<\/span><span style=\"color: #000000;\"> L&#8217;Italia rafforza il fianco est. <strong>Economia<\/strong> la Bce lascia invariati i tassi di interesse. <strong>Guerra<\/strong> fronte Israele-Gaza e in Ucraina. <strong>Piacenza<\/strong> crollo in cantiere edile, muore operaio. <strong>Sulviana<\/strong> trovato morto l&#8217;ingegnere\u00a0 Adriano Scandellari. <strong>Sardegna<\/strong> scontro auto-vigili del fuoco in servizio.<strong> Lodi<\/strong> spar\u00f2 e uccise il ladro, assolto anche in appello<\/span><strong><br \/>\n<\/strong><\/p>\n<h2>AUDIO dalle 7 del mattino<\/h2>\n<audio class=\"wp-audio-shortcode\" id=\"audio-383670-2\" preload=\"none\" style=\"width: 100%;\" controls=\"controls\"><source type=\"audio\/mpeg\" src=\"https:\/\/www.radiopiu.net\/wordpress\/wp-content\/uploads\/2024\/04\/GIORNALEDELLESEI-11.mp3?_=2\" \/><a href=\"https:\/\/www.radiopiu.net\/wordpress\/wp-content\/uploads\/2024\/04\/GIORNALEDELLESEI-11.mp3\">https:\/\/www.radiopiu.net\/wordpress\/wp-content\/uploads\/2024\/04\/GIORNALEDELLESEI-11.mp3<\/a><\/audio>\n<p>&nbsp;<\/p>\n<p>&nbsp;<\/p>\n<hr \/>\n<p>&nbsp;<\/p>\n<h1 style=\"text-align: center;\"><span style=\"color: #ff0000;\">I podcast informativi del mattino &#8211; audio &#8211;\u00a0<\/span><\/h1>\n<p><strong><a class=\"dt-pswp-item\" href=\"https:\/\/www.radiopiu.net\/wordpress\/wp-content\/uploads\/2023\/12\/images.png\" data-dt-img-description=\"\" data-large_image_width=\"316\" data-large_image_height=\"160\"><img loading=\"lazy\" decoding=\"async\" class=\"wp-image-367008 alignleft\" src=\"https:\/\/www.radiopiu.net\/wordpress\/wp-content\/uploads\/2023\/12\/images-300x152.png\" alt=\"\" width=\"235\" height=\"119\" srcset=\"https:\/\/www.radiopiu.net\/wordpress\/wp-content\/uploads\/2023\/12\/images-300x152.png 300w, https:\/\/www.radiopiu.net\/wordpress\/wp-content\/uploads\/2023\/12\/images.png 316w\" sizes=\"auto, (max-width: 235px) 100vw, 235px\" \/><\/a>OGNI GIORNO ALLE SETTE DEL MATTINO, LA RASSEGNA STAMPA LOCALE FLASH&#8230; PER CHI VA IN FRETTA. I TITOLI DAI GIORNALI E DAL SITO WWW.RADIOPIU.NET <span style=\"color: #0000ff;\">viene pubblicato alle 7.00<\/span> <span style=\"color: #ff0000;\">DIRETTA RADIO\u00a0<\/span><\/strong><\/p>\n<p><em><span style=\"color: #ff0000;\">per chi va in fretta&#8230; tante notizie in pochi minuti. L&#8217;informazione locale alla radio, ogni ora dalle 7 del mattino alle 19 della sera.\u00a0 \u00a0 \u00a0\u00a0<\/span><\/em><\/p>\n<p>&nbsp;<\/p>\n<p><strong>SP 251<\/strong> DELLA VAL DI ZOLDO E CELLINA CHIUSA PER UN MESE A COLLE SANTA LUCIA<br \/>\nDOMANDA LECITA IN ASSENZA DI COMUNICAZIONI agli organi di informazione locali DA PARTE DI DOLOMITIBUS\u2026 ma se chiudono la strada luned\u00ec da Rucava a Colle Santa Lucia\u2026 la Dolomitibus cosa intende fare con i ragazzi delle superiori e medie? Mantiene gli i stessi orari? Pensa di comunicarlo prima dell\u2019inizio dei lavori? Esiste un ufficio per le comunicazioni agli organi di informazioni silenziosi sul tema?<br \/>\n<strong>BELLUNO<\/strong> Il personale del Posto di Polizia Ferroviaria di Belluno ha denunciato due individui all\u2019Autorit\u00e0 Giudiziaria per furto aggravato ai danni di un esercizio commerciale locale.<br \/>\n<strong>IERI IN PIAZZA DEI MARTIR<\/strong>I, ANCHE A BELLUNO S\u2019ALZA IL GRIDO \u201cBASTA MORTI SUL LAVORO!\u201d<br \/>\n<strong>VENETO LAVORO<\/strong>: AL VIA NEL BELLUNESE LE SELEZIONI PER LAVORARE NEL MONDO DELL\u2019OCCHIALERIA<\/p>\n<p>AUDIO dalle 7 del mattino<\/p>\n<audio class=\"wp-audio-shortcode\" id=\"audio-383670-3\" preload=\"none\" style=\"width: 100%;\" controls=\"controls\"><source type=\"audio\/mpeg\" src=\"https:\/\/www.radiopiu.net\/wordpress\/wp-content\/uploads\/2024\/04\/GF07-9.mp3?_=3\" \/><a href=\"https:\/\/www.radiopiu.net\/wordpress\/wp-content\/uploads\/2024\/04\/GF07-9.mp3\">https:\/\/www.radiopiu.net\/wordpress\/wp-content\/uploads\/2024\/04\/GF07-9.mp3<\/a><\/audio>\n<p>&nbsp;<\/p>\n<p>&nbsp;<\/p>\n<p>&nbsp;<\/p>\n<hr \/>\n<p>&nbsp;<\/p>\n<h1><\/h1>\n<h1 style=\"text-align: center;\"><span style=\"color: #ff0000;\"><a class=\"dt-pswp-item\" href=\"https:\/\/www.radiopiu.net\/wordpress\/wp-content\/uploads\/2022\/01\/026c3f9d-dae9-4040-a3c1-a6530231bcc3.jpg\" data-dt-img-description=\"\" data-large_image_width=\"1152\" data-large_image_height=\"2048\"><img loading=\"lazy\" decoding=\"async\" class=\"wp-image-251839 alignleft\" src=\"https:\/\/www.radiopiu.net\/wordpress\/wp-content\/uploads\/2022\/01\/026c3f9d-dae9-4040-a3c1-a6530231bcc3-169x300.jpg\" alt=\"\" width=\"100\" height=\"177\" srcset=\"https:\/\/www.radiopiu.net\/wordpress\/wp-content\/uploads\/2022\/01\/026c3f9d-dae9-4040-a3c1-a6530231bcc3-169x300.jpg 169w, https:\/\/www.radiopiu.net\/wordpress\/wp-content\/uploads\/2022\/01\/026c3f9d-dae9-4040-a3c1-a6530231bcc3-576x1024.jpg 576w, https:\/\/www.radiopiu.net\/wordpress\/wp-content\/uploads\/2022\/01\/026c3f9d-dae9-4040-a3c1-a6530231bcc3-768x1365.jpg 768w, https:\/\/www.radiopiu.net\/wordpress\/wp-content\/uploads\/2022\/01\/026c3f9d-dae9-4040-a3c1-a6530231bcc3-864x1536.jpg 864w, https:\/\/www.radiopiu.net\/wordpress\/wp-content\/uploads\/2022\/01\/026c3f9d-dae9-4040-a3c1-a6530231bcc3.jpg 1152w\" sizes=\"auto, (max-width: 100px) 100vw, 100px\" \/><\/a>I podcast informativi del mattino &#8211; audio &#8211;\u00a0<\/span><\/h1>\n<blockquote><p><strong>GIORNALE RADIO NAZIONALE, EDIZIONE DELLE SETTE <span style=\"color: #0000ff;\">viene pubblicato alle 7.05 <span style=\"color: #ff0000;\">DIRETTA RADIO\u00a0<\/span><\/span><\/strong><\/p><\/blockquote>\n<p><strong>il giornale radionazionale e&#8217; in onda ogni ora, dalle sette del mattino alle venti della sera\u00a0 <\/strong><\/p>\n<p>&nbsp;<\/p>\n<p><strong>Cronaca <\/strong>individuato il corpo della sesta vittima a Sulviana, disperso ancora un lavoratore della centrale Enel.<strong> La Procura <\/strong>di Bologna apre l&#8217;inchiesta<strong>. Lodi <\/strong>accusato di eccesso colposo, assolto, uccide un ladro sorpreso a rubare, assolto anche in secondo grado<strong>. Guerra <\/strong>189 giorni di battaglie, Israele in stato di massima allerta dopo le minacce dell&#8217;Iran.<\/p>\n<h2>AUDIO dalle sette del mattino, ogni ora alla radio<\/h2>\n<audio class=\"wp-audio-shortcode\" id=\"audio-383670-4\" preload=\"none\" style=\"width: 100%;\" controls=\"controls\"><source type=\"audio\/mpeg\" src=\"https:\/\/www.radiopiu.net\/wordpress\/wp-content\/uploads\/2024\/04\/giornale07-11.mp3?_=4\" \/><a href=\"https:\/\/www.radiopiu.net\/wordpress\/wp-content\/uploads\/2024\/04\/giornale07-11.mp3\">https:\/\/www.radiopiu.net\/wordpress\/wp-content\/uploads\/2024\/04\/giornale07-11.mp3<\/a><\/audio>\n<p>&nbsp;<\/p>\n<p>&nbsp;<\/p>\n<h2><\/h2>\n<hr \/>\n<p>&nbsp;<\/p>\n<p>&nbsp;<\/p>\n<h1><span style=\"color: #ff0000;\">I podcast informativi del mattino &#8211; video &#8211;\u00a0<\/span><\/h1>\n<h2><strong><a class=\"dt-pswp-item\" href=\"https:\/\/www.radiopiu.net\/wordpress\/wp-content\/uploads\/2023\/12\/th-10.jpg\" data-dt-img-description=\"\" data-large_image_width=\"245\" data-large_image_height=\"180\"><img loading=\"lazy\" decoding=\"async\" class=\" wp-image-367395 alignleft\" src=\"https:\/\/www.radiopiu.net\/wordpress\/wp-content\/uploads\/2023\/12\/th-10.jpg\" alt=\"\" width=\"166\" height=\"122\" \/><\/a>RASSEGNA STAMPA LOCALE, ORE OTTO 05<\/strong><\/h2>\n<h2><strong> <span style=\"color: #0000ff;\">viene\u00a0 <\/span><\/strong><strong><span style=\"color: #0000ff;\">pubblicata alle 8.05 <span style=\"color: #ff0000;\">DIRETTA RADIO\u00a0\u00a0<\/span><\/span><\/strong><\/h2>\n<p><strong>DI MIRKO MEZZACASA\u00a0 \u00a0 <\/strong><\/p>\n<p><strong>\u00a0<\/strong><\/p>\n<p><strong>L\u2019EXPORT DIGITALE<\/strong> PROTAGONISTA A LONGARONE FIERE LONGARONE Webidoo SpA e Alibaba.com saranno protagonisti di un evento sull\u2019export digitale il 17 aprile a Longarone. L\u2019evento offrir\u00e0 alle aziende strumenti per espandersi sui mercati globali tramite il web.<br \/>\n<strong>CORTINA<\/strong> Progressi ai Lavori dello Sliding Centre per i Giochi del 2026<br \/>\n<strong>LAMON<\/strong> DIGA SUL VANOI, IL SINDACO MACCAGNAN: \u00abTEMIAMO UN ALTRO VAJONT\u00bb<br \/>\n<strong>BELLUNO<\/strong> L\u2019Ulss Dolomiti propone una serie di eventi rivolti alle donne in occasione della Settimana per la salute della donna, promossa dal network Onda. Gli appuntamenti, che spaziano dalla prevenzione alla consapevolezza del benessere femminile, includono incontri, sessioni informative e esercizi pratici, con esperti del settore. Un\u2019opportunit\u00e0 importante per promuovere la salute e il benessere delle donne.<\/p>\n<h2><strong><a href=\"https:\/\/www.facebook.com\/radiopiu\/videos\/737480595235597\">clicca qui: VIDEO\u00a0 \u00a0in diretta dalle 8 del mattino<\/a>\u00a0<\/strong><\/h2>\n<p>&nbsp;<\/p>\n<p><a class=\"dt-pswp-item\" href=\"https:\/\/www.radiopiu.net\/wordpress\/wp-content\/uploads\/2024\/04\/copertina.png\" data-dt-img-description=\"\" data-large_image_width=\"622\" data-large_image_height=\"446\"><img loading=\"lazy\" decoding=\"async\" class=\"size-medium wp-image-384628 aligncenter\" src=\"https:\/\/www.radiopiu.net\/wordpress\/wp-content\/uploads\/2024\/04\/copertina-300x215.png\" alt=\"\" width=\"300\" height=\"215\" srcset=\"https:\/\/www.radiopiu.net\/wordpress\/wp-content\/uploads\/2024\/04\/copertina-300x215.png 300w, https:\/\/www.radiopiu.net\/wordpress\/wp-content\/uploads\/2024\/04\/copertina.png 622w\" sizes=\"auto, (max-width: 300px) 100vw, 300px\" \/><\/a><\/p>\n<p>&nbsp;<\/p>\n<hr \/>\n<p><strong>\u00a0 \u00a0<\/strong><\/p>\n<blockquote>\n<h3>SP 251 DELLA VAL DI ZOLDO E CELLINA CHIUSA PER UN MESE A COLLE SANTA LUCIA<\/h3>\n<\/blockquote>\n<p><strong>REDAZIONE<\/strong> Veneto Strade comunica che la SP 251 della Val di Zoldo e Cellina verr\u00e0 chiusa per quasi un mese. Il tratto stradale tra il bivio di Rucav\u00e0 e il bivio di Colcuc in comune di Colle Santa Lucia \u00e8 interessato da lavori, pertanto dal 15 aprile al 10 maggio il tratto sar\u00e0 interdetto alla circolazione stradale, sabati domeniche e festivi compresi.<\/p>\n<p>&nbsp;<\/p>\n<blockquote>\n<h3><a class=\"dt-pswp-item\" href=\"https:\/\/www.radiopiu.net\/wordpress\/wp-content\/uploads\/2021\/10\/9d1e264f-0772-472e-94d9-473a8e2a9cd1.jpg\" data-dt-img-description=\"\" data-large_image_width=\"1599\" data-large_image_height=\"899\"><img loading=\"lazy\" decoding=\"async\" class=\"wp-image-237484 alignleft\" src=\"https:\/\/www.radiopiu.net\/wordpress\/wp-content\/uploads\/2021\/10\/9d1e264f-0772-472e-94d9-473a8e2a9cd1-300x169.jpg\" alt=\"\" width=\"163\" height=\"92\" srcset=\"https:\/\/www.radiopiu.net\/wordpress\/wp-content\/uploads\/2021\/10\/9d1e264f-0772-472e-94d9-473a8e2a9cd1-300x169.jpg 300w, https:\/\/www.radiopiu.net\/wordpress\/wp-content\/uploads\/2021\/10\/9d1e264f-0772-472e-94d9-473a8e2a9cd1-1024x576.jpg 1024w, https:\/\/www.radiopiu.net\/wordpress\/wp-content\/uploads\/2021\/10\/9d1e264f-0772-472e-94d9-473a8e2a9cd1-768x432.jpg 768w, https:\/\/www.radiopiu.net\/wordpress\/wp-content\/uploads\/2021\/10\/9d1e264f-0772-472e-94d9-473a8e2a9cd1-1536x864.jpg 1536w, https:\/\/www.radiopiu.net\/wordpress\/wp-content\/uploads\/2021\/10\/9d1e264f-0772-472e-94d9-473a8e2a9cd1.jpg 1599w\" sizes=\"auto, (max-width: 163px) 100vw, 163px\" \/><\/a><span style=\"color: #ff0000;\">DOMANDA LECITA IN ASSENZA DI COMUNICAZIONI agli organi di informazione locali\u00a0 DA PARTE DI DOLOMITIBUS&#8230;<\/span><\/h3>\n<p><em>ma se chiudono la strada luned\u00ec da Rucava a Colle Santa Lucia\u2026 la Dolomitibus cosa intende fare con i ragazzi delle superiori e medie? Mantiene gli i stessi orari?\u00a0 Pensa di comunicarlo prima dell&#8217;inizio dei lavori? Esiste un ufficio per le comunicazioni agli organi di informazioni silenziosi sul tema?<\/em><\/p><\/blockquote>\n<p>&nbsp;<\/p>\n<p>&nbsp;<\/p>\n<p>&nbsp;<\/p>\n<hr \/>\n<p>&nbsp;<\/p>\n<blockquote>\n<h3>LA POLIZIA FERROVIARIA IDENTIFICA E DENUNCIA AUTORI DI FURTO AGGRAVATO<\/h3>\n<\/blockquote>\n<p><strong><a class=\"dt-pswp-item\" href=\"https:\/\/www.radiopiu.net\/wordpress\/wp-content\/uploads\/2018\/12\/Polfer-Belluno-6.png\" data-dt-img-description=\"\" data-large_image_width=\"301\" data-large_image_height=\"167\"><img loading=\"lazy\" decoding=\"async\" class=\" wp-image-69691 alignleft\" src=\"https:\/\/www.radiopiu.net\/wordpress\/wp-content\/uploads\/2018\/12\/Polfer-Belluno-6-300x166.png\" alt=\"\" width=\"177\" height=\"98\" srcset=\"https:\/\/www.radiopiu.net\/wordpress\/wp-content\/uploads\/2018\/12\/Polfer-Belluno-6-300x166.png 300w, https:\/\/www.radiopiu.net\/wordpress\/wp-content\/uploads\/2018\/12\/Polfer-Belluno-6.png 301w\" sizes=\"auto, (max-width: 177px) 100vw, 177px\" \/><\/a>BELLUNO<\/strong> Il personale del Posto di Polizia Ferroviaria di Belluno ha denunciato due individui all&#8217;Autorit\u00e0 Giudiziaria per furto aggravato ai danni di un esercizio commerciale locale. Durante un normale servizio di vigilanza alla stazione ferroviaria, hanno notato due viaggiatori sospetti con borse contenenti grandi quantit\u00e0 di caff\u00e8, formaggio e alcolici, senza poter dimostrare l&#8217;acquisto. Tramite l&#8217;etichettatura dei prodotti, hanno rintracciato il supermercato di provenienza e ne hanno informato il direttore. Le indagini, supportate dalle immagini di videosorveglianza, hanno confermato il furto, attribuito ai due individui, gi\u00e0 noti alle forze dell&#8217;ordine per reati simili. Entrambi sono stati indagati per furto aggravato in concorso e la refurtiva \u00e8 stata restituita al supermercato.<\/p>\n<p>&nbsp;<\/p>\n<hr \/>\n<p>&nbsp;<\/p>\n<blockquote>\n<h3>ANCHE A BELLUNO S&#8217;ALZA IL GRIDO &#8220;BASTA MORTI SUL LAVORO!&#8221;<\/h3>\n<\/blockquote>\n<p><strong>BELLUNO\u00a0<\/strong><\/p>\n<p>contributi audio, Marina Don\u00e0<\/p>\n<p>&nbsp;<\/p>\n<p><strong>ECCO PERCHE&#8217; SONO QUI&#8230;.<\/strong><\/p>\n<audio class=\"wp-audio-shortcode\" id=\"audio-383670-5\" preload=\"none\" style=\"width: 100%;\" controls=\"controls\"><source type=\"audio\/mpeg\" src=\"https:\/\/www.radiopiu.net\/wordpress\/wp-content\/uploads\/2024\/04\/INTERVISTA-A-MANIFESTANTE.mp3?_=5\" \/><a href=\"https:\/\/www.radiopiu.net\/wordpress\/wp-content\/uploads\/2024\/04\/INTERVISTA-A-MANIFESTANTE.mp3\">https:\/\/www.radiopiu.net\/wordpress\/wp-content\/uploads\/2024\/04\/INTERVISTA-A-MANIFESTANTE.mp3<\/a><\/audio>\n<p>&nbsp;<\/p>\n<p><strong>ANDREA FIOCCO CGIL-FP<\/strong><\/p>\n<audio class=\"wp-audio-shortcode\" id=\"audio-383670-6\" preload=\"none\" style=\"width: 100%;\" controls=\"controls\"><source type=\"audio\/mpeg\" src=\"https:\/\/www.radiopiu.net\/wordpress\/wp-content\/uploads\/2024\/04\/ANDREA-FIOCCO-SEGR.GENER_.FUNZ_.PUBBLICA-CGIL-BL.mp3?_=6\" \/><a href=\"https:\/\/www.radiopiu.net\/wordpress\/wp-content\/uploads\/2024\/04\/ANDREA-FIOCCO-SEGR.GENER_.FUNZ_.PUBBLICA-CGIL-BL.mp3\">https:\/\/www.radiopiu.net\/wordpress\/wp-content\/uploads\/2024\/04\/ANDREA-FIOCCO-SEGR.GENER_.FUNZ_.PUBBLICA-CGIL-BL.mp3<\/a><\/audio>\n<p>&nbsp;<\/p>\n<p><strong>LA VOCE DELLA UIL PENSIONATI<\/strong><\/p>\n<audio class=\"wp-audio-shortcode\" id=\"audio-383670-7\" preload=\"none\" style=\"width: 100%;\" controls=\"controls\"><source type=\"audio\/mpeg\" src=\"https:\/\/www.radiopiu.net\/wordpress\/wp-content\/uploads\/2024\/04\/PENSIONATA-DELLA-UIL-MANIFESTANTE.mp3?_=7\" \/><a href=\"https:\/\/www.radiopiu.net\/wordpress\/wp-content\/uploads\/2024\/04\/PENSIONATA-DELLA-UIL-MANIFESTANTE.mp3\">https:\/\/www.radiopiu.net\/wordpress\/wp-content\/uploads\/2024\/04\/PENSIONATA-DELLA-UIL-MANIFESTANTE.mp3<\/a><\/audio>\n<p>&nbsp;<\/p>\n<p><strong>VIDEO <\/strong>Tiziana Bolognani<\/p>\n<div style=\"width: 848px;\" class=\"wp-video\"><video class=\"wp-video-shortcode\" id=\"video-383670-1\" width=\"848\" height=\"480\" preload=\"metadata\" controls=\"controls\"><source type=\"video\/mp4\" src=\"https:\/\/www.radiopiu.net\/wordpress\/wp-content\/uploads\/2024\/04\/WhatsApp-Video-2024-04-11-at-15.57.37.mp4?_=1\" \/><a href=\"https:\/\/www.radiopiu.net\/wordpress\/wp-content\/uploads\/2024\/04\/WhatsApp-Video-2024-04-11-at-15.57.37.mp4\">https:\/\/www.radiopiu.net\/wordpress\/wp-content\/uploads\/2024\/04\/WhatsApp-Video-2024-04-11-at-15.57.37.mp4<\/a><\/video><\/div>\n<p>&nbsp;<\/p>\n<p>&nbsp;<\/p>\n<p>&nbsp;<\/p>\n<hr \/>\n<p>&nbsp;<\/p>\n<blockquote>\n<h3>VENETO LAVORO: AL VIA NEL BELLUNESE LE SELEZIONI PER LAVORARE NEL MONDO DELL&#8217;OCCHIALERIA<\/h3>\n<\/blockquote>\n<p><strong><a class=\"dt-pswp-item\" href=\"https:\/\/www.radiopiu.net\/wordpress\/wp-content\/uploads\/2022\/03\/Logo_VenetoLavoro.png\" data-dt-img-description=\"\" data-large_image_width=\"1791\" data-large_image_height=\"482\"><img loading=\"lazy\" decoding=\"async\" class=\" wp-image-264807 alignleft\" src=\"https:\/\/www.radiopiu.net\/wordpress\/wp-content\/uploads\/2022\/03\/Logo_VenetoLavoro-300x81.png\" alt=\"\" width=\"196\" height=\"53\" srcset=\"https:\/\/www.radiopiu.net\/wordpress\/wp-content\/uploads\/2022\/03\/Logo_VenetoLavoro-300x81.png 300w, https:\/\/www.radiopiu.net\/wordpress\/wp-content\/uploads\/2022\/03\/Logo_VenetoLavoro-1024x276.png 1024w, https:\/\/www.radiopiu.net\/wordpress\/wp-content\/uploads\/2022\/03\/Logo_VenetoLavoro-768x207.png 768w, https:\/\/www.radiopiu.net\/wordpress\/wp-content\/uploads\/2022\/03\/Logo_VenetoLavoro-1536x413.png 1536w, https:\/\/www.radiopiu.net\/wordpress\/wp-content\/uploads\/2022\/03\/Logo_VenetoLavoro.png 1791w\" sizes=\"auto, (max-width: 196px) 100vw, 196px\" \/><\/a>VENEZIA<\/strong> La Regione del Veneto e Veneto Lavoro lanciano la nuova stagione di assunzioni attraverso &#8220;IncontraLavoro&#8221;, iniziative di recruiting che collegano candidati e aziende. &#8220;IncontraLavoro Occhialeria&#8221; offre 325 posizioni in settori vari come produzione, programmazione, amministrazione e progettazione. &#8220;IncontraLavoro Epta&#8221; cerca tecnici e lavoratori stagionali per la refrigerazione commerciale a Limana. &#8220;IncontraLavoro Turismo&#8221; seleziona per la stagione estiva nelle Dolomiti e dintorni, con oltre 40 ruoli disponibili come camerieri, cuochi e receptionist. I candidati possono registrarsi su ClicLavoro Veneto e candidarsi alle posizioni di loro interesse. Tutte le iniziative sono gestite dal Centro per l&#8217;Impiego di Belluno, contattabile via email per ulteriori informazioni.<\/p>\n<p>&nbsp;<\/p>\n<p>&nbsp;<\/p>\n<hr \/>\n<p>&nbsp;<\/p>\n<blockquote>\n<h3>L&#8217;EXPORT DIGITALE PROTAGONISTA A LONGARONE FIERE<\/h3>\n<\/blockquote>\n<p><strong><a class=\"dt-pswp-item\" href=\"https:\/\/www.radiopiu.net\/wordpress\/wp-content\/uploads\/2024\/04\/Egidio-Murru-webidoo-scaled.jpg\" data-dt-img-description=\"\" data-large_image_width=\"1707\" data-large_image_height=\"2560\"><img loading=\"lazy\" decoding=\"async\" class=\" wp-image-384523 alignleft\" src=\"https:\/\/www.radiopiu.net\/wordpress\/wp-content\/uploads\/2024\/04\/Egidio-Murru-webidoo-200x300.jpg\" alt=\"\" width=\"87\" height=\"131\" srcset=\"https:\/\/www.radiopiu.net\/wordpress\/wp-content\/uploads\/2024\/04\/Egidio-Murru-webidoo-200x300.jpg 200w, https:\/\/www.radiopiu.net\/wordpress\/wp-content\/uploads\/2024\/04\/Egidio-Murru-webidoo-683x1024.jpg 683w, https:\/\/www.radiopiu.net\/wordpress\/wp-content\/uploads\/2024\/04\/Egidio-Murru-webidoo-768x1152.jpg 768w, https:\/\/www.radiopiu.net\/wordpress\/wp-content\/uploads\/2024\/04\/Egidio-Murru-webidoo-1024x1536.jpg 1024w, https:\/\/www.radiopiu.net\/wordpress\/wp-content\/uploads\/2024\/04\/Egidio-Murru-webidoo-1365x2048.jpg 1365w, https:\/\/www.radiopiu.net\/wordpress\/wp-content\/uploads\/2024\/04\/Egidio-Murru-webidoo-scaled.jpg 1707w\" sizes=\"auto, (max-width: 87px) 100vw, 87px\" \/><\/a>LONGARONE<\/strong> Webidoo SpA e Alibaba.com saranno protagonisti di un evento sull&#8217;export digitale il 17 aprile a Longarone. L&#8217;evento offrir\u00e0 alle aziende strumenti per espandersi sui mercati globali tramite il web. Si presenteranno casi di successo e testimonianze pratiche. Grazie alla visibilit\u00e0 su Alibaba.com e al social branding di Webidoo, le PMI italiane possono ampliare il loro mercato internazionale. Le potenzialit\u00e0 del digital export sono enormi, con il social selling che offre il 45% in pi\u00f9 di opportunit\u00e0. Alibaba.com supporta le PMI nell&#8217;export, rendendo il commercio online semplice ed efficace. Longarone Fiere Dolomiti promuove l&#8217;iniziativa per sostenere le imprese locali, soprattutto in vista delle Olimpiadi invernali del 2026.<\/p>\n<p>&nbsp;<\/p>\n<p>&nbsp;<\/p>\n<hr \/>\n<p>&nbsp;<\/p>\n<blockquote>\n<h2>Progressi ai Lavori dello Sliding Centre per i Giochi del 2026<\/h2>\n<\/blockquote>\n<p><strong>CORTINA<\/strong> &#8220;Incontro a Cortina: Avanzano i Lavori allo Sliding Centre per i Giochi del 2026 &#8211; Commissario Saldini conferma la pre-omologazione entro marzo 2025 e annuncia la presentazione del mock-up della pista il prossimo mese.&#8221;<\/p>\n<p>di BARBARA PAOLAZZI, PER LE TRE RADIO<\/p>\n<div class=\"flex-1 overflow-hidden\">\n<div class=\"react-scroll-to-bottom--css-wgvph-79elbk h-full\">\n<div class=\"react-scroll-to-bottom--css-wgvph-1n7m0yu\">\n<div class=\"flex flex-col text-sm pb-9\">\n<div class=\"w-full text-token-text-primary\" dir=\"auto\" data-testid=\"conversation-turn-30\">\n<div class=\"px-4 py-2 justify-center text-base md:gap-6 m-auto\">\n<div class=\"flex flex-1 text-base mx-auto gap-3 juice:gap-4 juice:md:gap-6 md:px-5 lg:px-1 xl:px-5 md:max-w-3xl lg:max-w-[40rem] xl:max-w-[48rem] group final-completion\">\n<div class=\"relative flex w-full flex-col agent-turn\">\n<div class=\"flex-col gap-1 md:gap-3\">\n<div class=\"pr-2 lg:pr-0\">\n<audio class=\"wp-audio-shortcode\" id=\"audio-383670-8\" preload=\"none\" style=\"width: 100%;\" controls=\"controls\"><source type=\"audio\/mpeg\" src=\"https:\/\/www.radiopiu.net\/wordpress\/wp-content\/uploads\/2024\/04\/BARBARA-SIMICO.mp3?_=8\" \/><a href=\"https:\/\/www.radiopiu.net\/wordpress\/wp-content\/uploads\/2024\/04\/BARBARA-SIMICO.mp3\">https:\/\/www.radiopiu.net\/wordpress\/wp-content\/uploads\/2024\/04\/BARBARA-SIMICO.mp3<\/a><\/audio>\n<\/div>\n<\/div>\n<div class=\"absolute\">\n<div class=\"flex w-full gap-2 items-center justify-center\"><\/div>\n<\/div>\n<\/div>\n<\/div>\n<\/div>\n<\/div>\n<\/div>\n<\/div>\n<\/div>\n<\/div>\n<div class=\"w-full pt-2 md:pt-0 dark:border-white\/20 md:border-transparent md:dark:border-transparent md:w-[calc(100%-.5rem)]\">\n<form class=\"stretch mx-2 flex flex-row gap-3 last:mb-2 md:mx-4 md:last:mb-6 lg:mx-auto lg:max-w-2xl xl:max-w-3xl\">\n<div class=\"relative flex h-full flex-1 flex-col\">\n<div class=\"absolute bottom-full left-0 right-0\">\n\n\t\t\t<style type='text\/css'>\n\t\t\t\t#gallery-1 {\n\t\t\t\t\tmargin: auto;\n\t\t\t\t}\n\t\t\t\t#gallery-1 .gallery-item {\n\t\t\t\t\tfloat: left;\n\t\t\t\t\tmargin-top: 10px;\n\t\t\t\t\ttext-align: center;\n\t\t\t\t\twidth: 25%;\n\t\t\t\t}\n\t\t\t\t#gallery-1 img {\n\t\t\t\t\tborder: 2px solid #cfcfcf;\n\t\t\t\t}\n\t\t\t\t#gallery-1 .gallery-caption {\n\t\t\t\t\tmargin-left: 0;\n\t\t\t\t}\n\t\t\t\t\/* see gallery_shortcode() in wp-includes\/media.php *\/\n\t\t\t<\/style>\n\t\t<div id='gallery-1' class='dt-gallery-container gallery galleryid-383670 gallery-columns-4 gallery-size-thumbnail'><dl class='gallery-item'>\n\t\t\t\t<dt class='gallery-icon portrait'>\n\t\t\t\t\t<a class=\"rollover rollover-zoom dt-pswp-item\" title=\"2da5a5ac-c7cc-4a8e-97c8-6cc79b18610c\" data-dt-img-description=\"\" data-large_image_width=\"1200\" data-large_image_height=\"1600\"href='https:\/\/www.radiopiu.net\/wordpress\/wp-content\/uploads\/2024\/04\/2da5a5ac-c7cc-4a8e-97c8-6cc79b18610c.jpg'><img loading=\"lazy\" decoding=\"async\" width=\"150\" height=\"150\" src=\"https:\/\/www.radiopiu.net\/wordpress\/wp-content\/uploads\/2024\/04\/2da5a5ac-c7cc-4a8e-97c8-6cc79b18610c-150x150.jpg\" class=\"attachment-thumbnail size-thumbnail\" alt=\"\" \/><\/a>\n\t\t\t\t<\/dt><\/dl><dl class='gallery-item'>\n\t\t\t\t<dt class='gallery-icon portrait'>\n\t\t\t\t\t<a class=\"rollover rollover-zoom dt-pswp-item\" title=\"32074413-72eb-4fed-b7a7-0ae857b59c61\" data-dt-img-description=\"\" data-large_image_width=\"1200\" data-large_image_height=\"1600\"href='https:\/\/www.radiopiu.net\/wordpress\/wp-content\/uploads\/2024\/04\/32074413-72eb-4fed-b7a7-0ae857b59c61.jpg'><img loading=\"lazy\" decoding=\"async\" width=\"150\" height=\"150\" src=\"https:\/\/www.radiopiu.net\/wordpress\/wp-content\/uploads\/2024\/04\/32074413-72eb-4fed-b7a7-0ae857b59c61-150x150.jpg\" class=\"attachment-thumbnail size-thumbnail\" alt=\"\" \/><\/a>\n\t\t\t\t<\/dt><\/dl><dl class='gallery-item'>\n\t\t\t\t<dt class='gallery-icon landscape'>\n\t\t\t\t\t<a class=\"rollover rollover-zoom dt-pswp-item\" title=\"f51da76e-b14b-426f-b764-ee37cfa60553\" data-dt-img-description=\"\" data-large_image_width=\"1365\" data-large_image_height=\"998\"href='https:\/\/www.radiopiu.net\/wordpress\/wp-content\/uploads\/2024\/04\/f51da76e-b14b-426f-b764-ee37cfa60553.jpg'><img loading=\"lazy\" decoding=\"async\" width=\"150\" height=\"150\" src=\"https:\/\/www.radiopiu.net\/wordpress\/wp-content\/uploads\/2024\/04\/f51da76e-b14b-426f-b764-ee37cfa60553-150x150.jpg\" class=\"attachment-thumbnail size-thumbnail\" alt=\"\" \/><\/a>\n\t\t\t\t<\/dt><\/dl><dl class='gallery-item'>\n\t\t\t\t<dt class='gallery-icon landscape'>\n\t\t\t\t\t<a class=\"rollover rollover-zoom dt-pswp-item\" title=\"1d4f51b3-b999-4250-a6fb-7c43f243a1d2\" data-dt-img-description=\"\" data-large_image_width=\"1600\" data-large_image_height=\"1200\"href='https:\/\/www.radiopiu.net\/wordpress\/wp-content\/uploads\/2024\/04\/1d4f51b3-b999-4250-a6fb-7c43f243a1d2.jpg'><img loading=\"lazy\" decoding=\"async\" width=\"150\" height=\"150\" src=\"https:\/\/www.radiopiu.net\/wordpress\/wp-content\/uploads\/2024\/04\/1d4f51b3-b999-4250-a6fb-7c43f243a1d2-150x150.jpg\" class=\"attachment-thumbnail size-thumbnail\" alt=\"\" \/><\/a>\n\t\t\t\t<\/dt><\/dl><br style=\"clear: both\" \/>\n\t\t\t<\/div>\n\n<\/div>\n<div class=\"flex w-full items-center\"><\/div>\n<div><\/div>\n<div>\n<hr \/>\n<\/div>\n<div><\/div>\n<div>\n<p><strong class=\"photoswipe-wrapper\"><a class=\"dt-pswp-item pspw-wrap-ready\" href=\"https:\/\/www.radiopiu.net\/wordpress\/wp-content\/uploads\/2024\/01\/Senza-nome-34.png\" data-dt-img-description=\"\" data-large_image_width=\"239\" data-large_image_height=\"153\"><img loading=\"lazy\" decoding=\"async\" class=\"wp-image-369478 alignleft\" src=\"https:\/\/www.radiopiu.net\/wordpress\/wp-content\/uploads\/2024\/01\/Senza-nome-34.png\" alt=\"\" width=\"128\" height=\"82\" \/><\/a><\/strong><\/p>\n<p><strong>dal TG BELLUNESE di\u00a0 ANTENNA 3 ogni sera alle 19.30 sul canale 10 del digitale terrestre e alle 19 le anticipazioni alla radio.\u00a0\u00a0<\/strong><\/p>\n<p>&nbsp;<\/p>\n<blockquote>\n<h3 class=\"_title post-title entry-title\">DIGA SUL VANOI, IL SINDACO MACCAGNAN: \u00abTEMIAMO UN ALTRO VAJONT\u00bb<\/h3>\n<\/blockquote>\n<p>Intervistati LORIS MACCAGNAN (SINDACO LAMON) (Servizio di\u00a0<a href=\"https:\/\/antennatre.medianordest.it\/redazione\/Fabio-Fioravanzi\/\">Fabio Fioravanzi<\/a>)<\/p>\n<p><iframe loading=\"lazy\" title=\"DIGA SUL VANOI, IL SINDACO MACCAGNAN: \u00abTEMIAMO UN ALTRO VAJONT\u00bb | 11\/04\/2024\" width=\"1200\" height=\"675\" src=\"https:\/\/www.youtube.com\/embed\/VJjRC6KHEbI?feature=oembed\" frameborder=\"0\" allow=\"accelerometer; autoplay; clipboard-write; encrypted-media; gyroscope; picture-in-picture; web-share\" referrerpolicy=\"strict-origin-when-cross-origin\" allowfullscreen><\/iframe><\/p>\n<p>&nbsp;<\/p>\n<\/div>\n<div><\/div>\n<div><\/div>\n<\/div>\n<\/form>\n<\/div>\n<hr \/>\n<p>&nbsp;<\/p>\n<blockquote>\n<h3><\/h3>\n<\/blockquote>\n<p><strong><a class=\"dt-pswp-item\" href=\"https:\/\/www.radiopiu.net\/wordpress\/wp-content\/uploads\/2024\/04\/Senza-nome-16.png\" data-dt-img-description=\"\" data-large_image_width=\"678\" data-large_image_height=\"118\"><img loading=\"lazy\" decoding=\"async\" class=\"size-medium wp-image-384560 aligncenter\" src=\"https:\/\/www.radiopiu.net\/wordpress\/wp-content\/uploads\/2024\/04\/Senza-nome-16-300x52.png\" alt=\"\" width=\"300\" height=\"52\" srcset=\"https:\/\/www.radiopiu.net\/wordpress\/wp-content\/uploads\/2024\/04\/Senza-nome-16-300x52.png 300w, https:\/\/www.radiopiu.net\/wordpress\/wp-content\/uploads\/2024\/04\/Senza-nome-16.png 678w\" sizes=\"auto, (max-width: 300px) 100vw, 300px\" \/><\/a> <\/strong><\/p>\n<p><strong>BELLUNO<\/strong> L&#8217;Ulss Dolomiti propone una serie di eventi rivolti alle donne in occasione della Settimana per la salute della donna, promossa dal network Onda. Gli appuntamenti, che spaziano dalla prevenzione alla consapevolezza del benessere femminile, includono incontri, sessioni informative e esercizi pratici, con esperti del settore. Un&#8217;opportunit\u00e0 importante per promuovere la salute e il benessere delle donne.<\/p>\n<div class=\"flex-1 overflow-hidden\">\n<div class=\"react-scroll-to-bottom--css-wgvph-79elbk h-full\">\n<div class=\"react-scroll-to-bottom--css-wgvph-1n7m0yu\">\n<div class=\"flex flex-col text-sm pb-9\">\n<div class=\"w-full text-token-text-primary\" dir=\"auto\" data-testid=\"conversation-turn-22\">\n<div class=\"px-4 py-2 justify-center text-base md:gap-6 m-auto\">\n<div class=\"flex flex-1 text-base mx-auto gap-3 juice:gap-4 juice:md:gap-6 md:px-5 lg:px-1 xl:px-5 md:max-w-3xl lg:max-w-[40rem] xl:max-w-[48rem] group final-completion\">\n<div class=\"relative flex w-full flex-col agent-turn\">\n<div class=\"flex-col gap-1 md:gap-3\">\n<div class=\"mt-1 flex gap-3 empty:hidden\">\n<div class=\"text-gray-400 flex self-end lg:self-center items-center justify-center lg:justify-start mt-0 -ml-1 h-7 gap-[2px] visible\"><\/div>\n<\/div>\n<div class=\"pr-2 lg:pr-0\">\n<div class=\"flex-1 overflow-hidden\">\n<div class=\"react-scroll-to-bottom--css-wgvph-79elbk h-full\">\n<div class=\"react-scroll-to-bottom--css-wgvph-1n7m0yu\">\n<div class=\"flex flex-col text-sm pb-9\">\n<div class=\"w-full text-token-text-primary\" dir=\"auto\" data-testid=\"conversation-turn-24\">\n<div class=\"px-4 py-2 justify-center text-base md:gap-6 m-auto\">\n<div class=\"flex flex-1 text-base mx-auto gap-3 juice:gap-4 juice:md:gap-6 md:px-5 lg:px-1 xl:px-5 md:max-w-3xl lg:max-w-[40rem] xl:max-w-[48rem] group final-completion\">\n<div class=\"relative flex w-full flex-col agent-turn\">\n<div class=\"flex-col gap-1 md:gap-3\">\n<div class=\"flex flex-grow flex-col max-w-full\">\n<div class=\"min-h-[20px] text-message flex flex-col items-start gap-3 whitespace-pre-wrap break-words [.text-message+&amp;]:mt-5 overflow-x-auto\" dir=\"auto\" data-message-author-role=\"assistant\" data-message-id=\"972f0985-8832-4298-b891-c0ee10d59090\">\n<div class=\"markdown prose w-full break-words dark:prose-invert dark\">\n<table>\n<thead>\n<tr>\n<th>Data<\/th>\n<th>Evento<\/th>\n<th>Luogo<\/th>\n<th>Orario<\/th>\n<th>Modalit\u00e0<\/th>\n<th>Iscrizione<\/th>\n<\/tr>\n<\/thead>\n<tbody>\n<tr>\n<td>Gioved\u00ec 18 aprile 2024<\/td>\n<td>OPEN DAY PMA &#8211; Guida al percorso di fecondazione assistita<\/td>\n<td>Ospedale di Pieve di Cadore<\/td>\n<td>10.00 &#8211; 12.00 14.00 &#8211; 16.00<\/td>\n<td>Presenza o online<\/td>\n<td>Scrivere a: <a target=\"_new\" rel=\"noopener\">pma.pc@aulss1.veneto.it<\/a><\/td>\n<\/tr>\n<tr>\n<td>Venerd\u00ec 19 aprile 2024<\/td>\n<td>IL DOLORE CRONICO NELLA DONNA: CONFRONTO APERTO TRA ESPERTI E DONNE SU CAUSE E SOLUZIONI<\/td>\n<td>Sala Convegni Ospedale di Feltre<\/td>\n<td>18.00 &#8211; 20.00<\/td>\n<td>Presenza<\/td>\n<td>Non richiesta<\/td>\n<\/tr>\n<tr>\n<td>Sabato 20 aprile 2024<\/td>\n<td>IL DOLORE CRONICO NELLA DONNA: ESERCIZI IN PICCOLI GRUPPI<\/td>\n<td>Ostetricia e Ginecologia Ospedale di Feltre<\/td>\n<td>9.00 &#8211; 13.00<\/td>\n<td>Presenza<\/td>\n<td>Scrivere a: <a target=\"_new\" rel=\"noopener\">comunicazione@aulss1.veneto.it<\/a><\/td>\n<\/tr>\n<tr>\n<td>Luned\u00ec 22 aprile 2024<\/td>\n<td>&#8220;NON \u00c8 IMPORTANTE AVERLE BELLE, MA FARSELE CONTROLLARE&#8221;: L&#8217;IMPORTANZA DELLA PREVENZIONE DEL TUMORE ALLA MAMMELLA<\/td>\n<td>Online (Gmeet)<\/td>\n<td>18.00 &#8211; 19.00<\/td>\n<td>Online<\/td>\n<td>Collegarsi al link: <a href=\"https:\/\/meet.google.com\/kna-uqau-bkv\" target=\"_new\" rel=\"noopener\">https:\/\/meet.google.com\/kna-uqau-bkv<\/a><\/td>\n<\/tr>\n<tr>\n<td>Mercoled\u00ec 24 aprile 2024<\/td>\n<td>&#8220;NUTRIRE CON AMORE&#8221;: L&#8217;ALIMENTAZIONE IN GRAVIDANZA E ALLATTAMENTO<\/td>\n<td>Online (Gmeet)<\/td>\n<td>17.30 &#8211; 18.30<\/td>\n<td>Online<\/td>\n<td>Collegarsi al link: <a href=\"https:\/\/meet.google.com\/bev-htuj-qwt\" target=\"_new\" rel=\"noopener\">https:\/\/meet.google.com\/bev-htuj-qwt<\/a><\/td>\n<\/tr>\n<\/tbody>\n<\/table>\n<\/div>\n<\/div>\n<\/div>\n<\/div>\n<\/div>\n<\/div>\n<\/div>\n<\/div>\n<\/div>\n<\/div>\n<\/div>\n<\/div>\n<div class=\"w-full pt-2 md:pt-0 dark:border-white\/20 md:border-transparent md:dark:border-transparent md:w-[calc(100%-.5rem)]\">\n<form class=\"stretch mx-2 flex flex-row gap-3 last:mb-2 md:mx-4 md:last:mb-6 lg:mx-auto lg:max-w-2xl xl:max-w-3xl\">\n<div class=\"relative flex h-full flex-1 flex-col\">\n<div class=\"absolute bottom-full left-0 right-0\"><\/div>\n<div class=\"flex w-full items-center\"><\/div>\n<\/div>\n<\/form>\n<\/div>\n<\/div>\n<\/div>\n<div class=\"absolute\">\n<div class=\"flex w-full gap-2 items-center justify-center\"><\/div>\n<div><\/div>\n<\/div>\n<\/div>\n<\/div>\n<\/div>\n<\/div>\n<\/div>\n<\/div>\n<\/div>\n<\/div>\n<div class=\"w-full pt-2 md:pt-0 dark:border-white\/20 md:border-transparent md:dark:border-transparent md:w-[calc(100%-.5rem)]\">\n<form class=\"stretch mx-2 flex flex-row gap-3 last:mb-2 md:mx-4 md:last:mb-6 lg:mx-auto lg:max-w-2xl xl:max-w-3xl\">\n<div class=\"relative flex h-full flex-1 flex-col\">\n<div class=\"absolute bottom-full left-0 right-0\">\n<hr \/>\n<\/div>\n<blockquote>\n<h2>&#8220;Scoprire il Ciclo della Carta: Successo per la Paper Week alla Cartaria Reno De Medici di Santa Giustina&#8221;<\/h2>\n<\/blockquote>\n<div class=\"flex w-full items-center\">\n<p><strong><img loading=\"lazy\" decoding=\"async\" class=\"alignleft\" src=\"https:\/\/www.radiopiu.net\/wordpress\/wp-content\/uploads\/2024\/04\/8ca7b277-590b-4d38-b5be-fc94f9ec57cb.jpg\" width=\"175\" height=\"111\" \/>SANTA GIUSTINA<\/strong> La Paper Week alla cartaria Reno De Medici di Santa Giustina ha coinvolto oltre duecento studenti e circa cinquanta cittadini, offrendo un&#8217;opportunit\u00e0 unica di conoscere il ciclo della carta. Organizzata da Comieco, la campagna ha permesso ai partecipanti di visitare lo stabilimento e comprendere il processo di produzione della carta. Direttore Massimo Marcer ha guidato le visite, illustrando i dettagli delle operazioni svolte nello stabilimento.<\/p>\n<p><strong>di DANIELE DALVIT<\/strong><\/p>\n<audio class=\"wp-audio-shortcode\" id=\"audio-383670-9\" preload=\"none\" style=\"width: 100%;\" controls=\"controls\"><source type=\"audio\/mpeg\" src=\"https:\/\/www.radiopiu.net\/wordpress\/wp-content\/uploads\/2024\/04\/Radio-Piu-Servizio-Paper-Week-Cartaria.mp3?_=9\" \/><a href=\"https:\/\/www.radiopiu.net\/wordpress\/wp-content\/uploads\/2024\/04\/Radio-Piu-Servizio-Paper-Week-Cartaria.mp3\">https:\/\/www.radiopiu.net\/wordpress\/wp-content\/uploads\/2024\/04\/Radio-Piu-Servizio-Paper-Week-Cartaria.mp3<\/a><\/audio>\n<p>&nbsp;<\/p>\n<hr \/>\n<p>&nbsp;<\/p>\n<p><strong>LA GIUDIZIARIA OGGI<\/strong><br \/>\n<strong>sintesi dal Corriere delle Alpi<\/strong><br \/>\n<strong>di GIGI SOSSO\u00a0<\/strong><\/p>\n<p><strong>Calunnia: Richiesta Archiviazione dal Pubblico Ministero<\/strong><\/p>\n<p><strong>BELLUNO<\/strong> \u00a0una donna latinoamericana, \u00e8 indagata per calunnia dopo aver chiesto un&#8217;ammonizione per il suo ex compagno per atti persecutori. Il pubblico ministero ha richiesto l&#8217;archiviazione del caso, mentre il gip Marson deve ancora decidere se archiviare il procedimento.<\/p>\n<p><strong>I genitori della bimba mai nata: Decisione del giudice sul caso dell&#8217;ospedale San Martino<\/strong><\/p>\n<p><strong>BELLUNO<\/strong> Il giudice Enrica Marson si \u00e8 riservato sulla richiesta di archiviazione dell&#8217;omicidio colposo nei confronti di un medico e due ostetriche dell&#8217;ospedale San Martino, sollevata dal pubblico ministero Simone Marcon. La famiglia moldava, residente a Sedico, ha chiesto nuove indagini. Il giudice potrebbe decidere tra archiviare, avviare nuove indagini o ordinare l&#8217;imputazione.<\/p>\n<\/div>\n<\/div>\n<\/form>\n<\/div>\n<p>&nbsp;<\/p>\n<hr \/>\n<p>&nbsp;<\/p>\n<blockquote>\n<h3>DILLO A RADIO PIU&#8217;&#8230;IL GUARD RAIL DELLA STRADA CHE PORTA A SOCCOL E&#8217; ANCORA A TERRA<\/h3>\n<\/blockquote>\n<p><a class=\"dt-pswp-item\" href=\"https:\/\/www.radiopiu.net\/wordpress\/wp-content\/uploads\/2024\/04\/SCR-20240411-knhh.jpeg\" data-dt-img-description=\"Screenshot\" data-large_image_width=\"1582\" data-large_image_height=\"920\"><img loading=\"lazy\" decoding=\"async\" class=\"wp-image-384544 alignleft\" src=\"https:\/\/www.radiopiu.net\/wordpress\/wp-content\/uploads\/2024\/04\/SCR-20240411-knhh-300x174.jpeg\" alt=\"\" width=\"236\" height=\"137\" srcset=\"https:\/\/www.radiopiu.net\/wordpress\/wp-content\/uploads\/2024\/04\/SCR-20240411-knhh-300x174.jpeg 300w, https:\/\/www.radiopiu.net\/wordpress\/wp-content\/uploads\/2024\/04\/SCR-20240411-knhh-1024x595.jpeg 1024w, https:\/\/www.radiopiu.net\/wordpress\/wp-content\/uploads\/2024\/04\/SCR-20240411-knhh-768x447.jpeg 768w, https:\/\/www.radiopiu.net\/wordpress\/wp-content\/uploads\/2024\/04\/SCR-20240411-knhh-1536x893.jpeg 1536w, https:\/\/www.radiopiu.net\/wordpress\/wp-content\/uploads\/2024\/04\/SCR-20240411-knhh.jpeg 1582w\" sizes=\"auto, (max-width: 236px) 100vw, 236px\" \/><\/a><strong>RICEVIAMO E PUBBLICHIAMO<\/strong><\/p>\n<p>Ormai \u00e8 passato un altro mese dalla mia ultima mail, riguardante il pericolo dell&#8217;assenza del guard rail sul curvone per andare a Campedel e Soccol. In data 25 Marzo 2024, durante la riunione fatta in Comune per i lavori che si terranno a Soccol, il problema \u00e8 stato ribadito; la risposta \u00e8 stata che nel giro di una settimana si sarebbe risolto con un intervento. Nonostante ci\u00f2 ad oggi il guardrail non c&#8217;\u00e8, come se non bastasse sono spuntate delle simpatiche buche prima del curvone, un pericolo per chi scende. Sar\u00e0 ora di sistemare un po &#8216; tutto?<\/p>\n<h2><span style=\"color: #ff0000;\"><strong>L&#8217;ARTICOLO PRECEDENTE<\/strong><\/span><\/h2>\n<blockquote>\n<h3>TAIBON: INSICUREZZA SULLE STRADE COMUNALI, DA MESI PERICOLO IN AGGUATO<\/h3>\n<\/blockquote>\n<p><strong>REDAZIONE<\/strong>\u00a0 Perch\u00e9 il guard rail del tornate sulla strada che porta a Campedel &#8211; Soccol non \u00e8 mai pi\u00f9 stato sistemato? Se lo chiedono gli abitanti di Taibon, da diversi mesi. Era novembre 2023 quando \u00e8 &#8220;scomparso&#8221;, gli stessi abitanti erano certi che in pochi giorni sarebbe stato sistemato e rimesso al suo posto per la sicurezza degli automobilisti, ma non \u00e8 successo. Forse prima delle prossime elezioni&#8230;o dopo se ci penseranno gli altri, sindaco o commissario prefettizio.<\/p>\n<p>&nbsp;<\/p>\n<p>&nbsp;<\/p>\n<hr \/>\n<p>&nbsp;<\/p>\n<blockquote>\n<h3>DILLO A RADIO PIU&#8217;&#8230;QUANDO LE AREE CAMPER SONO A PAGAMENTO<\/h3>\n<\/blockquote>\n<p><strong>RICEVIAMO E PUBBLICHIAMO<\/strong><\/p>\n<p>Girando per il bel Paese mi imbatto in questi cartelli. E penso: &#8220;<em>Non sarebbe bello per regolamentare la sosta dei camper sull&#8217;area ed in tutta la valle di S.Lucano?&#8221;<\/em><\/p>\n\n\t\t\t<style type='text\/css'>\n\t\t\t\t#gallery-2 {\n\t\t\t\t\tmargin: auto;\n\t\t\t\t}\n\t\t\t\t#gallery-2 .gallery-item {\n\t\t\t\t\tfloat: left;\n\t\t\t\t\tmargin-top: 10px;\n\t\t\t\t\ttext-align: center;\n\t\t\t\t\twidth: 50%;\n\t\t\t\t}\n\t\t\t\t#gallery-2 img {\n\t\t\t\t\tborder: 2px solid #cfcfcf;\n\t\t\t\t}\n\t\t\t\t#gallery-2 .gallery-caption {\n\t\t\t\t\tmargin-left: 0;\n\t\t\t\t}\n\t\t\t\t\/* see gallery_shortcode() in wp-includes\/media.php *\/\n\t\t\t<\/style>\n\t\t<div id='gallery-2' class='dt-gallery-container gallery galleryid-383670 gallery-columns-2 gallery-size-medium'><dl class='gallery-item'>\n\t\t\t\t<dt class='gallery-icon portrait'>\n\t\t\t\t\t<a class=\"rollover rollover-zoom dt-pswp-item\" title=\"1cf2301d-9468-40bd-8b9e-d5a1ed29cf37-1\" data-dt-img-description=\"\" data-large_image_width=\"899\" data-large_image_height=\"1599\"href='https:\/\/www.radiopiu.net\/wordpress\/wp-content\/uploads\/2024\/04\/1cf2301d-9468-40bd-8b9e-d5a1ed29cf37-1.jpg'><img loading=\"lazy\" decoding=\"async\" width=\"169\" height=\"300\" src=\"https:\/\/www.radiopiu.net\/wordpress\/wp-content\/uploads\/2024\/04\/1cf2301d-9468-40bd-8b9e-d5a1ed29cf37-1-169x300.jpg\" class=\"attachment-medium size-medium\" alt=\"\" srcset=\"https:\/\/www.radiopiu.net\/wordpress\/wp-content\/uploads\/2024\/04\/1cf2301d-9468-40bd-8b9e-d5a1ed29cf37-1-169x300.jpg 169w, https:\/\/www.radiopiu.net\/wordpress\/wp-content\/uploads\/2024\/04\/1cf2301d-9468-40bd-8b9e-d5a1ed29cf37-1-576x1024.jpg 576w, https:\/\/www.radiopiu.net\/wordpress\/wp-content\/uploads\/2024\/04\/1cf2301d-9468-40bd-8b9e-d5a1ed29cf37-1-768x1366.jpg 768w, https:\/\/www.radiopiu.net\/wordpress\/wp-content\/uploads\/2024\/04\/1cf2301d-9468-40bd-8b9e-d5a1ed29cf37-1-864x1536.jpg 864w, https:\/\/www.radiopiu.net\/wordpress\/wp-content\/uploads\/2024\/04\/1cf2301d-9468-40bd-8b9e-d5a1ed29cf37-1.jpg 899w\" sizes=\"auto, (max-width: 169px) 100vw, 169px\" \/><\/a>\n\t\t\t\t<\/dt><\/dl><dl class='gallery-item'>\n\t\t\t\t<dt class='gallery-icon portrait'>\n\t\t\t\t\t<a class=\"rollover rollover-zoom dt-pswp-item\" title=\"2aa94aec-a72c-4b6d-acd0-16e4090e82ea-1\" data-dt-img-description=\"\" data-large_image_width=\"899\" data-large_image_height=\"1599\"href='https:\/\/www.radiopiu.net\/wordpress\/wp-content\/uploads\/2024\/04\/2aa94aec-a72c-4b6d-acd0-16e4090e82ea-1.jpg'><img loading=\"lazy\" decoding=\"async\" width=\"169\" height=\"300\" src=\"https:\/\/www.radiopiu.net\/wordpress\/wp-content\/uploads\/2024\/04\/2aa94aec-a72c-4b6d-acd0-16e4090e82ea-1-169x300.jpg\" class=\"attachment-medium size-medium\" alt=\"\" srcset=\"https:\/\/www.radiopiu.net\/wordpress\/wp-content\/uploads\/2024\/04\/2aa94aec-a72c-4b6d-acd0-16e4090e82ea-1-169x300.jpg 169w, https:\/\/www.radiopiu.net\/wordpress\/wp-content\/uploads\/2024\/04\/2aa94aec-a72c-4b6d-acd0-16e4090e82ea-1-576x1024.jpg 576w, https:\/\/www.radiopiu.net\/wordpress\/wp-content\/uploads\/2024\/04\/2aa94aec-a72c-4b6d-acd0-16e4090e82ea-1-768x1366.jpg 768w, https:\/\/www.radiopiu.net\/wordpress\/wp-content\/uploads\/2024\/04\/2aa94aec-a72c-4b6d-acd0-16e4090e82ea-1-864x1536.jpg 864w, https:\/\/www.radiopiu.net\/wordpress\/wp-content\/uploads\/2024\/04\/2aa94aec-a72c-4b6d-acd0-16e4090e82ea-1.jpg 899w\" sizes=\"auto, (max-width: 169px) 100vw, 169px\" \/><\/a>\n\t\t\t\t<\/dt><\/dl><br style=\"clear: both\" \/>\n\t\t\t<\/div>\n\n<p>&nbsp;<\/p>\n<hr \/>\n<p>&nbsp;<\/p>\n<blockquote>\n<h2><\/h2>\n<h2><strong><img loading=\"lazy\" decoding=\"async\" class=\"alignleft\" src=\"https:\/\/www.radiopiu.net\/wordpress\/wp-content\/uploads\/2023\/07\/SOTTOGUDA-MARMOLADA-PADON-4-1.jpg\" width=\"222\" height=\"125\" \/>Rocca Pietore: Documentario &#8220;Marmolada 03.07.22&#8221; al Trento Film Festival<\/strong><\/h2>\n<\/blockquote>\n<p>&nbsp;<\/p>\n<p><strong>ROCCA PIETORE<\/strong> Il documentario &#8220;Marmolada 03.07.22&#8221;, diretto da Giorgia Lorenzato e Manuel Zarpellon e prodotto da Cineblend, sar\u00e0 presentato al Trento Film Festival nella sezione Orizzonti Vicini il 29 aprile, dopo l&#8217;anteprima nazionale a Segusino. Il film racconta la tragedia del due luglio due anni fa, focalizzandosi sul sacrificio dei soccorritori. Il lavoro si distingue per un approccio narrativo sobrio e coinvolgente, evitando il pietismo e rispettando la dignit\u00e0 delle vittime. Tra gli intervistati figurano soccorritori, guide alpine e sopravvissuti, mentre i familiari delle vittime sono stati volutamente esclusi, nel rispetto del loro dolore.<\/p>\n<p>&nbsp;<\/p>\n<p>&nbsp;<\/p>\n<hr \/>\n<p>&nbsp;<\/p>\n<blockquote>\n<h3>PROGETTO GENITORI CON IL LIONS CLUB<\/h3>\n<\/blockquote>\n<p><strong><a class=\"dt-pswp-item\" href=\"https:\/\/www.radiopiu.net\/wordpress\/wp-content\/uploads\/2024\/04\/LIONS-CLUB.png\" data-dt-img-description=\"\" data-large_image_width=\"575\" data-large_image_height=\"543\"><img loading=\"lazy\" decoding=\"async\" class=\" wp-image-384543 alignleft\" src=\"https:\/\/www.radiopiu.net\/wordpress\/wp-content\/uploads\/2024\/04\/LIONS-CLUB-300x283.png\" alt=\"\" width=\"155\" height=\"146\" srcset=\"https:\/\/www.radiopiu.net\/wordpress\/wp-content\/uploads\/2024\/04\/LIONS-CLUB-300x283.png 300w, https:\/\/www.radiopiu.net\/wordpress\/wp-content\/uploads\/2024\/04\/LIONS-CLUB.png 575w\" sizes=\"auto, (max-width: 155px) 100vw, 155px\" \/><\/a>PONTE NELLE ALPI<\/strong> Il prossimo fine settimana, l&#8217;Istituto Comprensivo di Ponte nelle Alpi a Canevoi ospiter\u00e0 il corso Lions Quest Progetto Genitori, organizzato dal Lions Club Belluno e promosso dalla Presidente Mariateresa Busatta. Considerato fra le migliori agenzie educative mondiali, mira a coinvolgere i genitori nelle sfide legate alla crescita dei figli. La Dirigente Scolastica, Orietta Isotton, entusiasta dell&#8217;iniziativa, ritiene fondamentale il coinvolgimento dei genitori nell&#8217;educazione delle nuove generazioni. Precedentemente, con il dott. Alberto Pellai, hanno affrontato temi cruciali. Grazie alla collaborazione e al finanziamento del Lions Club Belluno, si approfondiranno comunicazione e relazioni genitori-figli, potenziando l&#8217;importante ruolo parentale.<\/p>\n<p>&nbsp;<\/p>\n<p>&nbsp;<\/p>\n<hr \/>\n<p>&nbsp;<\/p>\n<blockquote>\n<h3>PESTE SUINA E INTELLIGENZA ARTIFICIALE A CACCIA PESCA NATURA<\/h3>\n<\/blockquote>\n<p><strong><a class=\"dt-pswp-item\" href=\"https:\/\/www.radiopiu.net\/wordpress\/wp-content\/uploads\/2024\/04\/12_Convegno_Climate-change-e-natura.jpg\" data-dt-img-description=\"\" data-large_image_width=\"1450\" data-large_image_height=\"752\"><img loading=\"lazy\" decoding=\"async\" class=\" wp-image-384548 alignleft\" src=\"https:\/\/www.radiopiu.net\/wordpress\/wp-content\/uploads\/2024\/04\/12_Convegno_Climate-change-e-natura-300x156.jpg\" alt=\"\" width=\"200\" height=\"104\" srcset=\"https:\/\/www.radiopiu.net\/wordpress\/wp-content\/uploads\/2024\/04\/12_Convegno_Climate-change-e-natura-300x156.jpg 300w, https:\/\/www.radiopiu.net\/wordpress\/wp-content\/uploads\/2024\/04\/12_Convegno_Climate-change-e-natura-1024x531.jpg 1024w, https:\/\/www.radiopiu.net\/wordpress\/wp-content\/uploads\/2024\/04\/12_Convegno_Climate-change-e-natura-768x398.jpg 768w, https:\/\/www.radiopiu.net\/wordpress\/wp-content\/uploads\/2024\/04\/12_Convegno_Climate-change-e-natura.jpg 1450w\" sizes=\"auto, (max-width: 200px) 100vw, 200px\" \/><\/a>LONGARONE<\/strong> La gestione faunistica si evolve grazie alla tecnologia, tema chiave alla fiera &#8220;Caccia, pesca, natura&#8221; a Longarone Fiere Dolomiti dal 12 al 14 aprile. Nuove tecniche di censimento, come fototrappole, termocamere e droni, offrono una visione dettagliata delle popolazioni di ungulati. Il progetto sperimentale sul capriolo, avviato da Provincia di Belluno e Regione Veneto, sar\u00e0 presentato in un convegno. &#8220;The European Observatory of Wildlife&#8221; monitora non solo la presenza e la consistenza della fauna, ma anche la salute degli animali. Si discuter\u00e0 anche della peste suina africana e della gestione del cinghiale, con un Piano regionale di interventi urgenti per il controllo, considerando anche il loro potenziale nella filiera delle carni.<\/p>\n<p>&nbsp;<\/p>\n<p>&nbsp;<\/p>\n<p>&nbsp;<\/p>\n<p>&nbsp;<\/p>\n<hr \/>\n<p>&nbsp;<\/p>\n<blockquote>\n<h3>LA RACCOLTA FONDI PER FIBROSI CISTICA<\/h3>\n<\/blockquote>\n<p><strong>BELLUNO<\/strong> Volontari in azione per la raccolta fondi Fibrosi Cistica, regalando dipladenie. Date e luoghi: 4 maggio Agordo e Parrocchie del Poi; 11 e 12 maggio Falcade e Caviola; 4 maggio Alpini Castion, Puos d&#8217;Alpago, Zoppe&#8217; di Cadore, Santo Stefano di Cadore, Belluno; 8 maggio Alpini Limana; Farra d&#8217;Alpago e Dosoledo, consegna porta a porta.<\/p>\n<p>&nbsp;<\/p>\n<p>&nbsp;<\/p>\n<hr \/>\n<p>&nbsp;<\/p>\n<blockquote>\n<blockquote>\n<h3>ACQUA NON POTABILE A COL DI CARRERA DI TAIBON<\/h3>\n<\/blockquote>\n<p><strong>REDAZIONE<\/strong>\u00a0 in LOCALITA&#8217; COL DE CARRERA l&#8217;acqua erogata dall&#8217;acquedotto non \u00e8 potabile e pu\u00f2 essere usata per scopi alimentari SOLO PREVIA bollitura. Verr\u00e0 effettuato servizio sostitutivo con cisterna posizionata presso il CENTRO di Col De Carrera.<\/p>\n<blockquote>\n<h3><\/h3>\n<h3>ACQUA NON POTABILE A VOLTAGO E RIVAMONTE<\/h3>\n<\/blockquote>\n<p><strong>VOLTAGO <\/strong> in localit\u00e0 BERTOI, FRASSENE\u2019, VILLA, VIA GIOA e in VIA STRUZ e a <strong>RIVAMONTE<\/strong> AGORDINO in VIA ROSSON CIVICO N. 25 e VIA VILLAGRANDE CIVICI N. 45 e 4A l&#8217;acqua erogata dall&#8217;acquedotto non \u00e8 potabile e pu\u00f2 essere usata per scopi alimentari SOLO PREVIA bollitura.<\/p>\n<p>&nbsp;<\/p><\/blockquote>\n<div data-block=\"true\" data-editor=\"avj4u\" data-offset-key=\"d3i0j-0-0\"><\/div>\n<div data-block=\"true\" data-editor=\"avj4u\" data-offset-key=\"d3i0j-0-0\">\n<hr \/>\n<\/div>\n<div data-block=\"true\" data-editor=\"avj4u\" data-offset-key=\"d3i0j-0-0\"><\/div>\n<blockquote>\n<h3 data-block=\"true\" data-editor=\"avj4u\" data-offset-key=\"d3i0j-0-0\">RIAPERTA LA SP3 DELLA VALLE IMPERINA<\/h3>\n<\/blockquote>\n<div data-block=\"true\" data-editor=\"avj4u\" data-offset-key=\"d3i0j-0-0\">\n<p><strong><a class=\"dt-pswp-item\" href=\"https:\/\/www.radiopiu.net\/wordpress\/wp-content\/uploads\/2024\/04\/99c8ec4b-c4f2-4ff9-b917-d22d56584879.jpg\" data-dt-img-description=\"\" data-large_image_width=\"1200\" data-large_image_height=\"1599\"><img loading=\"lazy\" decoding=\"async\" class=\" wp-image-382981 alignleft\" src=\"https:\/\/www.radiopiu.net\/wordpress\/wp-content\/uploads\/2024\/04\/99c8ec4b-c4f2-4ff9-b917-d22d56584879-225x300.jpg\" alt=\"\" width=\"128\" height=\"170\" srcset=\"https:\/\/www.radiopiu.net\/wordpress\/wp-content\/uploads\/2024\/04\/99c8ec4b-c4f2-4ff9-b917-d22d56584879-225x300.jpg 225w, https:\/\/www.radiopiu.net\/wordpress\/wp-content\/uploads\/2024\/04\/99c8ec4b-c4f2-4ff9-b917-d22d56584879-768x1023.jpg 768w, https:\/\/www.radiopiu.net\/wordpress\/wp-content\/uploads\/2024\/04\/99c8ec4b-c4f2-4ff9-b917-d22d56584879-1153x1536.jpg 1153w, https:\/\/www.radiopiu.net\/wordpress\/wp-content\/uploads\/2024\/04\/99c8ec4b-c4f2-4ff9-b917-d22d56584879.jpg 1200w\" sizes=\"auto, (max-width: 128px) 100vw, 128px\" \/><\/a> <\/strong><\/p>\n<p><strong>\u00a0<\/strong><\/p>\n<p><strong>\u00a0<\/strong><\/p>\n<p><strong>REDAZIONE<\/strong> Veneto Strade comunica che a partire dalle 14 \u00e8 stata riaperta regolarmente al traffico la S.P. 3 \u201cValle Imperina\u201d dal km 10+250 al km 10+350 (loc. Capitel del Pian). Venerd\u00ec scorso era stata chiusa a causa di una frana.<\/p>\n<p>&nbsp;<\/p>\n<\/div>\n<p>&nbsp;<\/p>\n<p>&nbsp;<\/p>\n<p>&nbsp;<\/p>\n<hr \/>\n<p>&nbsp;<\/p>\n<blockquote>\n<h3><strong>Disponibili online le certificazioni esenzioni per reddito dal 9 aprile 2024<\/strong><\/h3>\n<\/blockquote>\n<p><strong>BELLUNO<\/strong> L&#8217;Azienda ULSS 1 Dolomiti informa che le certificazioni delle esenzioni per reddito saranno accessibili dal 9 aprile 2024 sul portale <a href=\"https:\/\/salute.regione.veneto.it\/\" target=\"_new\" rel=\"noopener\">salute.regione.veneto.it<\/a>.<\/p>\n<a href=\"https:\/\/www.radiopiu.net\/wordpress\/wp-content\/uploads\/2024\/04\/Locandina_certificati-di-esenzione-2024.pdf\" class=\"pdfemb-viewer\" style=\"\" data-width=\"max\" data-height=\"max\" data-toolbar=\"top\" data-toolbar-fixed=\"on\">Locandina_certificati di esenzione 2024<\/a>\n<p>&nbsp;<\/p>\n<hr \/>\n<p>&nbsp;<\/p>\n<blockquote>\n<h3>OGGI VERRA&#8217; PRESENTATO IL PROGRAMMA ESTIVO DEL MUSAL<\/h3>\n<\/blockquote>\n<p><strong><a class=\"dt-pswp-item\" href=\"https:\/\/www.radiopiu.net\/wordpress\/wp-content\/uploads\/2022\/09\/Il-Musal-e-la-chiesa-di-papa-Luciani-2.jpg\" data-dt-img-description=\"\" data-large_image_width=\"1440\" data-large_image_height=\"1080\"><img loading=\"lazy\" decoding=\"async\" class=\" wp-image-296552 alignleft\" src=\"https:\/\/www.radiopiu.net\/wordpress\/wp-content\/uploads\/2022\/09\/Il-Musal-e-la-chiesa-di-papa-Luciani-2-300x225.jpg\" alt=\"\" width=\"159\" height=\"119\" srcset=\"https:\/\/www.radiopiu.net\/wordpress\/wp-content\/uploads\/2022\/09\/Il-Musal-e-la-chiesa-di-papa-Luciani-2-300x225.jpg 300w, https:\/\/www.radiopiu.net\/wordpress\/wp-content\/uploads\/2022\/09\/Il-Musal-e-la-chiesa-di-papa-Luciani-2-1024x768.jpg 1024w, https:\/\/www.radiopiu.net\/wordpress\/wp-content\/uploads\/2022\/09\/Il-Musal-e-la-chiesa-di-papa-Luciani-2-768x576.jpg 768w, https:\/\/www.radiopiu.net\/wordpress\/wp-content\/uploads\/2022\/09\/Il-Musal-e-la-chiesa-di-papa-Luciani-2.jpg 1440w\" sizes=\"auto, (max-width: 159px) 100vw, 159px\" \/><\/a>CANALE D&#8217;AGORDO<\/strong> Oggi alle 11, in Sala Piloni a Belluno, si terr\u00e0 una conferenza stampa. Presenti Loris Serafini, direttore del Museo e della casa natale del beato Papa Giovanni Paolo I, e Massimo Murer, sindaco di Canale d\u2019Agordo e presidente della Fondazione Papa Luciani Onlus. Si presenteranno numerosi eventi in programma, tra cui il primo Meeting degli ecomusei del Veneto e incontri dedicati ai 200 anni dalla nascita di don Antonio Della Lucia. Saranno inoltre previsti appuntamenti per ricordare il beato Papa Giovanni Paolo I, con nuove collaborazioni con un festival internazionale del cinema e un incontro sulla grafologia e i papi.<\/p>\n<p>&nbsp;<\/p>\n<p>&nbsp;<\/p>\n<hr \/>\n<p>&nbsp;<\/p>\n<blockquote>\n<h1>IL PRIMO PREMIO DELLA LOTTERIA DI SAN VINCENZO&#8230; &#8220;IN FIORE&#8221;<\/h1>\n<\/blockquote>\n<p><strong>AGORDO<\/strong>\u00a0Nella serata di luned\u00ec 1 Aprile si sono svolte le operazioni di estrazione dei 55 numeri vincenti della lotteria di San Vincenzo 2024. Come da consuetudine si \u00e8 partiti estraendo per primo il premio pi\u00f9 ricco, cos\u00ec da dare modo ad ogni singolo biglietto venduto, di poter ambire al premio pi\u00f9 ricercato. \u00c8 finita cos\u00ec al Peron di Sedico la rombante Ape 50 Cross messa in palio dall&#8217;U.S. Le Ville quale primo premio della lotteria. Destino ha voluto, che nella sagra dedicata al fanciullo, il fortunato vincitore sia proprio un giovane classe 2006, Mattia Vigilante.Con l&#8217;occasione l&#8217;U.S. Le Ville esprime soddisfazione per il buon esito della lotteria con ben 18.400 biglietti venduti e ringrazia tutti gli sponsor e quanti hanno collaborato prima, durante e dopo la sagra.L&#8217;appuntamento \u00e8 rinnovato a Pasqua 2025 sperando che le condizioni metereologiche siano pi\u00f9 favorevoli, cos\u00ec da poter apprezzare appieno tutte le varie attivit\u00e0 della sagra e poter rendere merito a tutti quei volontari che con grande passione e voglia di fare, rendono unica una sagra paesana.<\/p>\n\n\t\t\t<style type='text\/css'>\n\t\t\t\t#gallery-3 {\n\t\t\t\t\tmargin: auto;\n\t\t\t\t}\n\t\t\t\t#gallery-3 .gallery-item {\n\t\t\t\t\tfloat: left;\n\t\t\t\t\tmargin-top: 10px;\n\t\t\t\t\ttext-align: center;\n\t\t\t\t\twidth: 33%;\n\t\t\t\t}\n\t\t\t\t#gallery-3 img {\n\t\t\t\t\tborder: 2px solid #cfcfcf;\n\t\t\t\t}\n\t\t\t\t#gallery-3 .gallery-caption {\n\t\t\t\t\tmargin-left: 0;\n\t\t\t\t}\n\t\t\t\t\/* see gallery_shortcode() in wp-includes\/media.php *\/\n\t\t\t<\/style>\n\t\t<div id='gallery-3' class='dt-gallery-container gallery galleryid-383670 gallery-columns-3 gallery-size-thumbnail'><dl class='gallery-item'>\n\t\t\t\t<dt class='gallery-icon portrait'>\n\t\t\t\t\t<a class=\"rollover rollover-zoom dt-pswp-item\" title=\"39252d56-a107-44a8-b0a8-1f24856371d9\" data-dt-img-description=\"\" data-large_image_width=\"1200\" data-large_image_height=\"1600\"href='https:\/\/www.radiopiu.net\/wordpress\/wp-content\/uploads\/2024\/04\/39252d56-a107-44a8-b0a8-1f24856371d9.jpg'><img loading=\"lazy\" decoding=\"async\" width=\"150\" height=\"150\" src=\"https:\/\/www.radiopiu.net\/wordpress\/wp-content\/uploads\/2024\/04\/39252d56-a107-44a8-b0a8-1f24856371d9-150x150.jpg\" class=\"attachment-thumbnail size-thumbnail\" alt=\"\" \/><\/a>\n\t\t\t\t<\/dt><\/dl><dl class='gallery-item'>\n\t\t\t\t<dt class='gallery-icon portrait'>\n\t\t\t\t\t<a class=\"rollover rollover-zoom dt-pswp-item\" title=\"c055c8fe-a48e-42d3-9f0c-0e59e154de02\" data-dt-img-description=\"\" data-large_image_width=\"780\" data-large_image_height=\"977\"href='https:\/\/www.radiopiu.net\/wordpress\/wp-content\/uploads\/2024\/04\/c055c8fe-a48e-42d3-9f0c-0e59e154de02.jpg'><img loading=\"lazy\" decoding=\"async\" width=\"150\" height=\"150\" src=\"https:\/\/www.radiopiu.net\/wordpress\/wp-content\/uploads\/2024\/04\/c055c8fe-a48e-42d3-9f0c-0e59e154de02-150x150.jpg\" class=\"attachment-thumbnail size-thumbnail\" alt=\"\" \/><\/a>\n\t\t\t\t<\/dt><\/dl><dl class='gallery-item'>\n\t\t\t\t<dt class='gallery-icon portrait'>\n\t\t\t\t\t<a class=\"rollover rollover-zoom dt-pswp-item\" title=\"a6d9fe8b-d7ed-4030-8dcf-ca7784e23e8f\" data-dt-img-description=\"\" data-large_image_width=\"1200\" data-large_image_height=\"1599\"href='https:\/\/www.radiopiu.net\/wordpress\/wp-content\/uploads\/2024\/04\/a6d9fe8b-d7ed-4030-8dcf-ca7784e23e8f.jpg'><img loading=\"lazy\" decoding=\"async\" width=\"150\" height=\"150\" src=\"https:\/\/www.radiopiu.net\/wordpress\/wp-content\/uploads\/2024\/04\/a6d9fe8b-d7ed-4030-8dcf-ca7784e23e8f-150x150.jpg\" class=\"attachment-thumbnail size-thumbnail\" alt=\"\" \/><\/a>\n\t\t\t\t<\/dt><\/dl><br style=\"clear: both\" \/>\n\t\t\t<\/div>\n\n<p>&nbsp;<\/p>\n<p>___<\/p>\n<hr \/>\n<p>&nbsp;<\/p>\n<div class=\"page-title-head hgroup\">\n<blockquote>\n<h3 class=\"entry-title\">OGGI A CASA DI DINO CON STEFANO E GABRIELE DI MARCO V DAL FARRA<\/h3>\n<\/blockquote>\n<\/div>\n<div class=\"page-title-breadcrumbs\"><\/div>\n<p><img loading=\"lazy\" decoding=\"async\" class=\"aligncenter\" src=\"https:\/\/www.radiopiu.net\/wordpress\/wp-content\/uploads\/2024\/04\/Senza-nome-15.png\" width=\"189\" height=\"166\" \/><\/p>\n<p><strong>REDAZIONE<\/strong><\/p>\n<audio class=\"wp-audio-shortcode\" id=\"audio-383670-10\" preload=\"none\" style=\"width: 100%;\" controls=\"controls\"><source type=\"audio\/mpeg\" src=\"https:\/\/www.radiopiu.net\/wordpress\/wp-content\/uploads\/2024\/04\/dal-farra-intervista-a-prile.mp3?_=10\" \/><a href=\"https:\/\/www.radiopiu.net\/wordpress\/wp-content\/uploads\/2024\/04\/dal-farra-intervista-a-prile.mp3\">https:\/\/www.radiopiu.net\/wordpress\/wp-content\/uploads\/2024\/04\/dal-farra-intervista-a-prile.mp3<\/a><\/audio>\n<p>&nbsp;<\/p>\n<p>&nbsp;<\/p>\n<hr \/>\n<p>&nbsp;<\/p>\n<blockquote>\n<h3>IL LIBRO &#8220;IL CORAGGIO E LA PASSIONE&#8221; PROTAGONISTA IN DUE APPUNTAMENTI<\/h3>\n<\/blockquote>\n<p><strong><a class=\"dt-pswp-item\" href=\"https:\/\/www.radiopiu.net\/wordpress\/wp-content\/uploads\/2024\/04\/SCR-20240406-tska.jpeg\" data-dt-img-description=\"\" data-large_image_width=\"1544\" data-large_image_height=\"1048\"><img loading=\"lazy\" decoding=\"async\" class=\" wp-image-382905 alignleft\" src=\"https:\/\/www.radiopiu.net\/wordpress\/wp-content\/uploads\/2024\/04\/SCR-20240406-tska-300x204.jpeg\" alt=\"\" width=\"118\" height=\"80\" srcset=\"https:\/\/www.radiopiu.net\/wordpress\/wp-content\/uploads\/2024\/04\/SCR-20240406-tska-300x204.jpeg 300w, https:\/\/www.radiopiu.net\/wordpress\/wp-content\/uploads\/2024\/04\/SCR-20240406-tska-1024x695.jpeg 1024w, https:\/\/www.radiopiu.net\/wordpress\/wp-content\/uploads\/2024\/04\/SCR-20240406-tska-768x521.jpeg 768w, https:\/\/www.radiopiu.net\/wordpress\/wp-content\/uploads\/2024\/04\/SCR-20240406-tska-1536x1043.jpeg 1536w, https:\/\/www.radiopiu.net\/wordpress\/wp-content\/uploads\/2024\/04\/SCR-20240406-tska.jpeg 1544w\" sizes=\"auto, (max-width: 118px) 100vw, 118px\" \/><\/a>BELLUNO<\/strong> Il libro &#8220;Il coraggio e la passione&#8221;, curato da Franco e Silvia Comin con la direzione scientifica di Enrico Bacchetti, Diego Cason e Adriana Lotto, continua la serie di presentazioni. Oggi, alle 20:30, sar\u00e0 la volta del Municipio di Limana, con la consegna della Costituzione italiana ai neo diciottenni e della cittadinanza simbolica ai minori stranieri residenti. L&#8217;evento, promosso dal Comune di Limana insieme a Isbrec e Anpi, \u00e8 aperto a tutti.<\/p>\n<p>&nbsp;<\/p>\n<p>&nbsp;<\/p>\n<hr \/>\n<p>&nbsp;<\/p>\n<blockquote>\n<h3>TRE SERATE DEDICATE ALLA MONTAGNA<\/h3>\n<\/blockquote>\n<p><strong><a class=\"dt-pswp-item\" href=\"https:\/\/www.radiopiu.net\/wordpress\/wp-content\/uploads\/2024\/04\/WhatsApp-Image-2024-03-20-at-09.58.06.jpeg\" data-dt-img-description=\"\" data-large_image_width=\"1600\" data-large_image_height=\"1131\"><img loading=\"lazy\" decoding=\"async\" class=\" wp-image-383179 alignleft\" src=\"https:\/\/www.radiopiu.net\/wordpress\/wp-content\/uploads\/2024\/04\/WhatsApp-Image-2024-03-20-at-09.58.06-300x212.jpeg\" alt=\"\" width=\"161\" height=\"114\" srcset=\"https:\/\/www.radiopiu.net\/wordpress\/wp-content\/uploads\/2024\/04\/WhatsApp-Image-2024-03-20-at-09.58.06-300x212.jpeg 300w, https:\/\/www.radiopiu.net\/wordpress\/wp-content\/uploads\/2024\/04\/WhatsApp-Image-2024-03-20-at-09.58.06-1024x724.jpeg 1024w, https:\/\/www.radiopiu.net\/wordpress\/wp-content\/uploads\/2024\/04\/WhatsApp-Image-2024-03-20-at-09.58.06-768x543.jpeg 768w, https:\/\/www.radiopiu.net\/wordpress\/wp-content\/uploads\/2024\/04\/WhatsApp-Image-2024-03-20-at-09.58.06-1536x1086.jpeg 1536w, https:\/\/www.radiopiu.net\/wordpress\/wp-content\/uploads\/2024\/04\/WhatsApp-Image-2024-03-20-at-09.58.06.jpeg 1600w\" sizes=\"auto, (max-width: 161px) 100vw, 161px\" \/><\/a>BORGO VALBELLUNA<\/strong> &#8220;Graffi. Storie di Uomini e Montagne&#8221; \u00e8 un progetto che esplora il legame profondo tra montagna e umanit\u00e0, evidenziando vite intrecciate con la terra e l&#8217;ambiente. Tre autori &#8211; Antonio Bortoluzzi, Paolo Cognetti e Paolo Malaguti &#8211; raccontano storie di vita autentica, ambientate tra rocce, valli, boschi e fiumi. Le serate prevedono letture ad alta voce dei loro libri, eseguite dal gruppo &#8220;Voci di Passaggio&#8221;, intermezzi musicali e dialoghi con gli autori. Le date sono il 26 aprile a Mel con Cognetti (in video), e il 2 maggio a Trichiana con Malaguti. Organizzato da &#8220;Civicamente APS&#8221; e il gruppo &#8220;Voci di Passaggio&#8221;, in collaborazione con l&#8217;Amministrazione Comunale di Borgo Valbelluna.<\/p>\n<p>&nbsp;<\/p>\n<p>&nbsp;<\/p>\n<hr \/>\n<p>&nbsp;<\/p>\n<h2><a class=\"dt-pswp-item\" href=\"https:\/\/www.radiopiu.net\/wordpress\/wp-content\/uploads\/2024\/04\/1a9437e4-12a3-4c8d-a2a5-b48a6ee7665f.jpg\" data-dt-img-description=\"\" data-large_image_width=\"707\" data-large_image_height=\"1000\"><img loading=\"lazy\" decoding=\"async\" class=\"size-medium wp-image-383610 alignleft\" src=\"https:\/\/www.radiopiu.net\/wordpress\/wp-content\/uploads\/2024\/04\/1a9437e4-12a3-4c8d-a2a5-b48a6ee7665f-212x300.jpg\" alt=\"\" width=\"212\" height=\"300\" srcset=\"https:\/\/www.radiopiu.net\/wordpress\/wp-content\/uploads\/2024\/04\/1a9437e4-12a3-4c8d-a2a5-b48a6ee7665f-212x300.jpg 212w, https:\/\/www.radiopiu.net\/wordpress\/wp-content\/uploads\/2024\/04\/1a9437e4-12a3-4c8d-a2a5-b48a6ee7665f.jpg 707w\" sizes=\"auto, (max-width: 212px) 100vw, 212px\" \/><\/a><\/h2>\n<h2><\/h2>\n<h2><\/h2>\n<h2><\/h2>\n<h2>UN LIBRO, UNA STORIA&#8230; LA VITA<\/h2>\n<p><strong>BORGO VALBELLUNA<\/strong> Domani alle 20.30 in Muncipio a Mel, Mirko Bortoluzzi presenta &#8220;le avventure di una persona disabilmente normale&#8221;. Intervengono Giorgio Fornasier e Oscar De Pellegrin. Letture di Sonia Vazza, modera Alessia Pedol. Il ricavato della vendita del libro sar\u00e0 devoluto ad Assi.<\/p>\n<p>&nbsp;<\/p>\n<p>&nbsp;<\/p>\n<p>&nbsp;<\/p>\n<p>&nbsp;<\/p>\n<hr \/>\n<p>&nbsp;<\/p>\n<blockquote>\n<h3>DOMANI DOPPIO APPUNTAMENTO MUSICALE CON MARCO V. DAL FARRA E I COLLAGE<\/h3>\n<\/blockquote>\n<p><strong><a class=\"dt-pswp-item\" href=\"https:\/\/www.radiopiu.net\/wordpress\/wp-content\/uploads\/2024\/04\/concerto.jpg\" data-dt-img-description=\"\" data-large_image_width=\"1280\" data-large_image_height=\"851\"><img loading=\"lazy\" decoding=\"async\" class=\" wp-image-384513 alignleft\" src=\"https:\/\/www.radiopiu.net\/wordpress\/wp-content\/uploads\/2024\/04\/concerto-300x199.jpg\" alt=\"\" width=\"155\" height=\"103\" srcset=\"https:\/\/www.radiopiu.net\/wordpress\/wp-content\/uploads\/2024\/04\/concerto-300x199.jpg 300w, https:\/\/www.radiopiu.net\/wordpress\/wp-content\/uploads\/2024\/04\/concerto-1024x681.jpg 1024w, https:\/\/www.radiopiu.net\/wordpress\/wp-content\/uploads\/2024\/04\/concerto-768x511.jpg 768w, https:\/\/www.radiopiu.net\/wordpress\/wp-content\/uploads\/2024\/04\/concerto.jpg 1280w\" sizes=\"auto, (max-width: 155px) 100vw, 155px\" \/><\/a>REDAZIONE<\/strong> Domani doppio appuntamento per gli amanti della musica. A Trichiana al teatro San Felice la presentazione del nuovo disco di Marco V. Dal Farra. Alle 20:45 il cantante bellunese salir\u00e0 sul palco per presentare a tutti i brani che compongono &#8220;Qui noi tutto bene, a presto&#8221;. A Fiera di Primiero il concerto dei Collage, la band famosa dagli anni 70 che alle 21 all&#8217;Auditorium Intercomunale presenter\u00e0 i suoi grandi successi.<\/p>\n<audio class=\"wp-audio-shortcode\" id=\"audio-383670-11\" preload=\"none\" style=\"width: 100%;\" controls=\"controls\"><source type=\"audio\/mpeg\" src=\"https:\/\/www.radiopiu.net\/wordpress\/wp-content\/uploads\/2024\/04\/GF16.mp3?_=11\" \/><a href=\"https:\/\/www.radiopiu.net\/wordpress\/wp-content\/uploads\/2024\/04\/GF16.mp3\">https:\/\/www.radiopiu.net\/wordpress\/wp-content\/uploads\/2024\/04\/GF16.mp3<\/a><\/audio>\n<p>&nbsp;<\/p>\n<p>&nbsp;<\/p>\n<hr \/>\n<p>&nbsp;<\/p>\n<p>&nbsp;<\/p>\n<blockquote><p><strong>DILLO A RADIO PIU&#8217;&#8230; PARCHEGGI E SANZIONI<\/strong><\/p>\n<p><em>Ieri la riflessione di Chiara, al dibattito si aggiunge Erminia, riceviamo e pubblichiamo<\/em><\/p><\/blockquote>\n<p><strong><a class=\"dt-pswp-item\" href=\"https:\/\/www.radiopiu.net\/wordpress\/wp-content\/uploads\/2024\/03\/LUXOTTICA-PARC.jpg\" data-dt-img-description=\"\" data-large_image_width=\"1600\" data-large_image_height=\"1200\"><img loading=\"lazy\" decoding=\"async\" class=\"wp-image-380380 alignleft\" src=\"https:\/\/www.radiopiu.net\/wordpress\/wp-content\/uploads\/2024\/03\/LUXOTTICA-PARC-300x225.jpg\" alt=\"\" width=\"179\" height=\"134\" srcset=\"https:\/\/www.radiopiu.net\/wordpress\/wp-content\/uploads\/2024\/03\/LUXOTTICA-PARC-300x225.jpg 300w, https:\/\/www.radiopiu.net\/wordpress\/wp-content\/uploads\/2024\/03\/LUXOTTICA-PARC-1024x768.jpg 1024w, https:\/\/www.radiopiu.net\/wordpress\/wp-content\/uploads\/2024\/03\/LUXOTTICA-PARC-768x576.jpg 768w, https:\/\/www.radiopiu.net\/wordpress\/wp-content\/uploads\/2024\/03\/LUXOTTICA-PARC-1536x1152.jpg 1536w, https:\/\/www.radiopiu.net\/wordpress\/wp-content\/uploads\/2024\/03\/LUXOTTICA-PARC.jpg 1600w\" sizes=\"auto, (max-width: 179px) 100vw, 179px\" \/><\/a>AGORDO<\/strong> Ho letto le considerazioni di Chiara. Capisco la frustrazione di chi finito il lavoro si ritrova una multa . Vorrei far notare per\u00f2 che il vivere in societ\u00e0 comporta il rispetto delle regole. Chi vive e lavora in Valcozzena si ritrova macchine posteggiate nei posti pi\u00f9 disparati. Le auto spesso in sosta nella strada riducono la carreggiata al punto che \u00e8 impossibile lo scambio di due veicoli. Per non parlare poi delle soste in prossimit\u00e0 di stop ed incroci. I vigili sanzionano questo tipo di comportamenti che oltre a non rispettare le regole pi\u00f9 elementari denotano scarso rispetto per chi vive e lavora in Valcozzena. \u00c8 logico che una soluzione deve essere trovata ma nel rispetto della convivenza civile e della buona educazione. Magari se anzich\u00e9 arrivare al lavoro uno per macchina dall&#8217;uso dell&#8217;auto per pi\u00f9 persone all&#8217;implementazione delle navette.<\/p>\n<p>&nbsp;<\/p>\n<p>&nbsp;<\/p>\n<hr \/>\n<p>&nbsp;<\/p>\n<blockquote>\n<h2>in vallata:<\/h2>\n<\/blockquote>\n\n\t\t\t<style type='text\/css'>\n\t\t\t\t#gallery-4 {\n\t\t\t\t\tmargin: auto;\n\t\t\t\t}\n\t\t\t\t#gallery-4 .gallery-item {\n\t\t\t\t\tfloat: left;\n\t\t\t\t\tmargin-top: 10px;\n\t\t\t\t\ttext-align: center;\n\t\t\t\t\twidth: 50%;\n\t\t\t\t}\n\t\t\t\t#gallery-4 img {\n\t\t\t\t\tborder: 2px solid #cfcfcf;\n\t\t\t\t}\n\t\t\t\t#gallery-4 .gallery-caption {\n\t\t\t\t\tmargin-left: 0;\n\t\t\t\t}\n\t\t\t\t\/* see gallery_shortcode() in wp-includes\/media.php *\/\n\t\t\t<\/style>\n\t\t<div id='gallery-4' class='dt-gallery-container gallery galleryid-383670 gallery-columns-2 gallery-size-medium'><dl class='gallery-item'>\n\t\t\t\t<dt class='gallery-icon portrait'>\n\t\t\t\t\t<a class=\"rollover rollover-zoom dt-pswp-item\" title=\"44acb3a3-e80a-42eb-a834-cb187a9ef8ea\" data-dt-img-description=\"\" data-large_image_width=\"1132\" data-large_image_height=\"1600\"href='https:\/\/www.radiopiu.net\/wordpress\/wp-content\/uploads\/2024\/03\/44acb3a3-e80a-42eb-a834-cb187a9ef8ea.jpg'><img loading=\"lazy\" decoding=\"async\" width=\"212\" height=\"300\" src=\"https:\/\/www.radiopiu.net\/wordpress\/wp-content\/uploads\/2024\/03\/44acb3a3-e80a-42eb-a834-cb187a9ef8ea-212x300.jpg\" class=\"attachment-medium size-medium\" alt=\"\" srcset=\"https:\/\/www.radiopiu.net\/wordpress\/wp-content\/uploads\/2024\/03\/44acb3a3-e80a-42eb-a834-cb187a9ef8ea-212x300.jpg 212w, https:\/\/www.radiopiu.net\/wordpress\/wp-content\/uploads\/2024\/03\/44acb3a3-e80a-42eb-a834-cb187a9ef8ea-724x1024.jpg 724w, https:\/\/www.radiopiu.net\/wordpress\/wp-content\/uploads\/2024\/03\/44acb3a3-e80a-42eb-a834-cb187a9ef8ea-768x1086.jpg 768w, https:\/\/www.radiopiu.net\/wordpress\/wp-content\/uploads\/2024\/03\/44acb3a3-e80a-42eb-a834-cb187a9ef8ea-1087x1536.jpg 1087w, https:\/\/www.radiopiu.net\/wordpress\/wp-content\/uploads\/2024\/03\/44acb3a3-e80a-42eb-a834-cb187a9ef8ea.jpg 1132w\" sizes=\"auto, (max-width: 212px) 100vw, 212px\" \/><\/a>\n\t\t\t\t<\/dt><\/dl><dl class='gallery-item'>\n\t\t\t\t<dt class='gallery-icon portrait'>\n\t\t\t\t\t<a class=\"rollover rollover-zoom dt-pswp-item\" title=\"d02fe35d-334c-4039-81d3-508c3e863bed\" data-dt-img-description=\"\" data-large_image_width=\"1136\" data-large_image_height=\"1600\"href='https:\/\/www.radiopiu.net\/wordpress\/wp-content\/uploads\/2024\/04\/d02fe35d-334c-4039-81d3-508c3e863bed.jpg'><img loading=\"lazy\" decoding=\"async\" width=\"213\" height=\"300\" src=\"https:\/\/www.radiopiu.net\/wordpress\/wp-content\/uploads\/2024\/04\/d02fe35d-334c-4039-81d3-508c3e863bed-213x300.jpg\" class=\"attachment-medium size-medium\" alt=\"\" srcset=\"https:\/\/www.radiopiu.net\/wordpress\/wp-content\/uploads\/2024\/04\/d02fe35d-334c-4039-81d3-508c3e863bed-213x300.jpg 213w, https:\/\/www.radiopiu.net\/wordpress\/wp-content\/uploads\/2024\/04\/d02fe35d-334c-4039-81d3-508c3e863bed-727x1024.jpg 727w, https:\/\/www.radiopiu.net\/wordpress\/wp-content\/uploads\/2024\/04\/d02fe35d-334c-4039-81d3-508c3e863bed-768x1082.jpg 768w, https:\/\/www.radiopiu.net\/wordpress\/wp-content\/uploads\/2024\/04\/d02fe35d-334c-4039-81d3-508c3e863bed-1091x1536.jpg 1091w, https:\/\/www.radiopiu.net\/wordpress\/wp-content\/uploads\/2024\/04\/d02fe35d-334c-4039-81d3-508c3e863bed.jpg 1136w\" sizes=\"auto, (max-width: 213px) 100vw, 213px\" \/><\/a>\n\t\t\t\t<\/dt><\/dl><br style=\"clear: both\" \/>\n\t\t\t<\/div>\n\n<p>&nbsp;<\/p>\n<p>&nbsp;<\/p>\n<hr \/>\n<p>&nbsp;<\/p>\n<blockquote class=\"wp-embedded-content\" data-secret=\"KxOU2KKsuA\"><p><a href=\"https:\/\/www.radiopiu.net\/wordpress\/grma1\/\">IL GIORMALE RADIO DI MARCO DAL FARRA &#8211; LA RACCOLTA<\/a><\/p><\/blockquote>\n<p><iframe loading=\"lazy\" class=\"wp-embedded-content\" sandbox=\"allow-scripts\" security=\"restricted\" style=\"position: absolute; clip: rect(1px, 1px, 1px, 1px);\" title=\"&#8220;IL GIORMALE RADIO DI MARCO DAL FARRA &#8211; LA RACCOLTA&#8221; &#8212; Radio Pi\u00f9\" src=\"https:\/\/www.radiopiu.net\/wordpress\/grma1\/embed\/#?secret=1cMRXDD3k3#?secret=KxOU2KKsuA\" data-secret=\"KxOU2KKsuA\" width=\"600\" height=\"338\" frameborder=\"0\" marginwidth=\"0\" marginheight=\"0\" scrolling=\"no\"><\/iframe><\/p>\n<p>&nbsp;<\/p>\n<hr \/>\n<p>&nbsp;<\/p>\n<h2><span style=\"color: #ff6600;\">IERI ALLA RADIO<\/span><\/h2>\n<h2><span style=\"color: #800080;\">CIAK SI GIRA, IL PROGRAMMA DI PAOLA LANCIATO<\/span><\/h2>\n<p><strong><a class=\"dt-pswp-item\" href=\"https:\/\/www.radiopiu.net\/wordpress\/wp-content\/uploads\/2024\/04\/DISCORSO-DEL-RE.jpg\" data-dt-img-description=\"\" data-large_image_width=\"420\" data-large_image_height=\"602\"><img loading=\"lazy\" decoding=\"async\" class=\" wp-image-383694 alignleft\" src=\"https:\/\/www.radiopiu.net\/wordpress\/wp-content\/uploads\/2024\/04\/DISCORSO-DEL-RE-209x300.jpg\" alt=\"\" width=\"80\" height=\"115\" srcset=\"https:\/\/www.radiopiu.net\/wordpress\/wp-content\/uploads\/2024\/04\/DISCORSO-DEL-RE-209x300.jpg 209w, https:\/\/www.radiopiu.net\/wordpress\/wp-content\/uploads\/2024\/04\/DISCORSO-DEL-RE.jpg 420w\" sizes=\"auto, (max-width: 80px) 100vw, 80px\" \/><\/a>PUNTATA 20 IL DISCORSO DEL RE<\/strong><\/p>\n<audio class=\"wp-audio-shortcode\" id=\"audio-383670-12\" preload=\"none\" style=\"width: 100%;\" controls=\"controls\"><source type=\"audio\/mpeg\" src=\"https:\/\/www.radiopiu.net\/wordpress\/wp-content\/uploads\/2024\/04\/CIAK2.mp3?_=12\" \/><a href=\"https:\/\/www.radiopiu.net\/wordpress\/wp-content\/uploads\/2024\/04\/CIAK2.mp3\">https:\/\/www.radiopiu.net\/wordpress\/wp-content\/uploads\/2024\/04\/CIAK2.mp3<\/a><\/audio>\n<p>&nbsp;<\/p>\n<h2>LA RACCOLTA COMPLETA <a href=\"https:\/\/www.radiopiu.net\/wordpress\/ciak24\/\"><span style=\"color: #0000ff;\">CLICCA QUI<\/span><\/a><\/h2>\n<p>&nbsp;<\/p>\n<p>&nbsp;<\/p>\n<hr \/>\n<p>&nbsp;<\/p>\n<h2><span style=\"color: #ff00ff;\">SABATO A TRICHIANA LA PRESENTAZIONE DEL NUOVO DISCO DI MARCO V. DAL FARRA<\/span><\/h2>\n<p><strong><a class=\"dt-pswp-item\" href=\"https:\/\/www.radiopiu.net\/wordpress\/wp-content\/uploads\/2024\/04\/434562802_935015105292612_1260883067659912500_n.jpg\" data-dt-img-description=\"\" data-large_image_width=\"1920\" data-large_image_height=\"1080\"><img loading=\"lazy\" decoding=\"async\" class=\" wp-image-384518 alignleft\" src=\"https:\/\/www.radiopiu.net\/wordpress\/wp-content\/uploads\/2024\/04\/434562802_935015105292612_1260883067659912500_n-300x169.jpg\" alt=\"\" width=\"215\" height=\"121\" srcset=\"https:\/\/www.radiopiu.net\/wordpress\/wp-content\/uploads\/2024\/04\/434562802_935015105292612_1260883067659912500_n-300x169.jpg 300w, https:\/\/www.radiopiu.net\/wordpress\/wp-content\/uploads\/2024\/04\/434562802_935015105292612_1260883067659912500_n-1024x576.jpg 1024w, https:\/\/www.radiopiu.net\/wordpress\/wp-content\/uploads\/2024\/04\/434562802_935015105292612_1260883067659912500_n-768x432.jpg 768w, https:\/\/www.radiopiu.net\/wordpress\/wp-content\/uploads\/2024\/04\/434562802_935015105292612_1260883067659912500_n-1536x864.jpg 1536w, https:\/\/www.radiopiu.net\/wordpress\/wp-content\/uploads\/2024\/04\/434562802_935015105292612_1260883067659912500_n.jpg 1920w\" sizes=\"auto, (max-width: 215px) 100vw, 215px\" \/><\/a>DI MARINA DONA&#8217;<\/strong><\/p>\n<p>con Marco V. Dal Farrra<\/p>\n<audio class=\"wp-audio-shortcode\" id=\"audio-383670-13\" preload=\"none\" style=\"width: 100%;\" controls=\"controls\"><source type=\"audio\/mpeg\" src=\"https:\/\/www.radiopiu.net\/wordpress\/wp-content\/uploads\/2024\/04\/SPECIALE-PRE-CONCERTO-MARCO-V-DAL-FARRA-1.mp3?_=13\" \/><a href=\"https:\/\/www.radiopiu.net\/wordpress\/wp-content\/uploads\/2024\/04\/SPECIALE-PRE-CONCERTO-MARCO-V-DAL-FARRA-1.mp3\">https:\/\/www.radiopiu.net\/wordpress\/wp-content\/uploads\/2024\/04\/SPECIALE-PRE-CONCERTO-MARCO-V-DAL-FARRA-1.mp3<\/a><\/audio>\n<p>&nbsp;<\/p>\n<p>&nbsp;<\/p>\n<p>&nbsp;<\/p>\n<hr \/>\n<p>&nbsp;<\/p>\n<h2><span style=\"color: #3366ff;\">MATTIRATTI A RADIO PIU&#8217; PER PRESENTARE IL NUOVO LAVORO<\/span><\/h2>\n<p><strong><a class=\"dt-pswp-item\" href=\"https:\/\/www.radiopiu.net\/wordpress\/wp-content\/uploads\/2024\/04\/432227668_3810356892529020_995234682981794558_n.jpg\" data-dt-img-description=\"\" data-large_image_width=\"2048\" data-large_image_height=\"2048\"><img loading=\"lazy\" decoding=\"async\" class=\" wp-image-383676 alignleft\" src=\"https:\/\/www.radiopiu.net\/wordpress\/wp-content\/uploads\/2024\/04\/432227668_3810356892529020_995234682981794558_n-300x300.jpg\" alt=\"\" width=\"136\" height=\"136\" srcset=\"https:\/\/www.radiopiu.net\/wordpress\/wp-content\/uploads\/2024\/04\/432227668_3810356892529020_995234682981794558_n-300x300.jpg 300w, https:\/\/www.radiopiu.net\/wordpress\/wp-content\/uploads\/2024\/04\/432227668_3810356892529020_995234682981794558_n-1024x1024.jpg 1024w, https:\/\/www.radiopiu.net\/wordpress\/wp-content\/uploads\/2024\/04\/432227668_3810356892529020_995234682981794558_n-150x150.jpg 150w, https:\/\/www.radiopiu.net\/wordpress\/wp-content\/uploads\/2024\/04\/432227668_3810356892529020_995234682981794558_n-768x768.jpg 768w, https:\/\/www.radiopiu.net\/wordpress\/wp-content\/uploads\/2024\/04\/432227668_3810356892529020_995234682981794558_n-1536x1536.jpg 1536w, https:\/\/www.radiopiu.net\/wordpress\/wp-content\/uploads\/2024\/04\/432227668_3810356892529020_995234682981794558_n.jpg 2048w\" sizes=\"auto, (max-width: 136px) 100vw, 136px\" \/><\/a>DI MARCO V. DAL FARRA<\/strong><\/p>\n<p>OSPITE: MattiRatti<\/p>\n<audio class=\"wp-audio-shortcode\" id=\"audio-383670-14\" preload=\"none\" style=\"width: 100%;\" controls=\"controls\"><source type=\"audio\/mpeg\" src=\"https:\/\/www.radiopiu.net\/wordpress\/wp-content\/uploads\/2024\/04\/MARCO-V-DAL-FARRA-INTERVISTA-MATTIRATTI.mp3?_=14\" \/><a href=\"https:\/\/www.radiopiu.net\/wordpress\/wp-content\/uploads\/2024\/04\/MARCO-V-DAL-FARRA-INTERVISTA-MATTIRATTI.mp3\">https:\/\/www.radiopiu.net\/wordpress\/wp-content\/uploads\/2024\/04\/MARCO-V-DAL-FARRA-INTERVISTA-MATTIRATTI.mp3<\/a><\/audio>\n<p>&nbsp;<\/p>\n<p>&nbsp;<\/p>\n<hr \/>\n<p>&nbsp;<\/p>\n<h2><span style=\"color: #ff0000;\"><a class=\"dt-pswp-item\" href=\"https:\/\/www.radiopiu.net\/wordpress\/wp-content\/uploads\/2018\/09\/appuntamenti.jpeg\" data-dt-img-description=\"\" data-large_image_width=\"800\" data-large_image_height=\"100\"><img loading=\"lazy\" decoding=\"async\" class=\"wp-image-61958 size-full aligncenter\" src=\"https:\/\/www.radiopiu.net\/wordpress\/wp-content\/uploads\/2018\/09\/appuntamenti.jpeg\" alt=\"\" width=\"800\" height=\"100\" srcset=\"https:\/\/www.radiopiu.net\/wordpress\/wp-content\/uploads\/2018\/09\/appuntamenti.jpeg 800w, https:\/\/www.radiopiu.net\/wordpress\/wp-content\/uploads\/2018\/09\/appuntamenti-300x38.jpeg 300w, https:\/\/www.radiopiu.net\/wordpress\/wp-content\/uploads\/2018\/09\/appuntamenti-768x96.jpeg 768w\" sizes=\"auto, (max-width: 800px) 100vw, 800px\" \/><\/a><\/span><\/h2>\n<div>\n<div class=\"\" dir=\"auto\">\n<div id=\":r9h:\" class=\"x1iorvi4 x1pi30zi x1l90r2v x1swvt13\" data-ad-comet-preview=\"message\" data-ad-preview=\"message\">\n<div class=\"x78zum5 xdt5ytf xz62fqu x16ldp7u\">\n<div class=\"xu06os2 x1ok221b\">\n<p>&nbsp;<\/p>\n<h3><a class=\"dt-pswp-item\" href=\"https:\/\/www.radiopiu.net\/wordpress\/wp-content\/uploads\/2024\/04\/locandina.jpg\" data-dt-img-description=\"\" data-large_image_width=\"420\" data-large_image_height=\"600\"><img loading=\"lazy\" decoding=\"async\" class=\" wp-image-383374 alignleft\" src=\"https:\/\/www.radiopiu.net\/wordpress\/wp-content\/uploads\/2024\/04\/locandina-210x300.jpg\" alt=\"\" width=\"88\" height=\"126\" srcset=\"https:\/\/www.radiopiu.net\/wordpress\/wp-content\/uploads\/2024\/04\/locandina-210x300.jpg 210w, https:\/\/www.radiopiu.net\/wordpress\/wp-content\/uploads\/2024\/04\/locandina.jpg 420w\" sizes=\"auto, (max-width: 88px) 100vw, 88px\" \/><\/a>AL CINEMA DOLOMITI DI FALCADE ARRIVA LA PELLICOLA &#8220;UN MONDO A PARTE&#8221;, IL FILM CON ANTONIO ALBANESE E VIRGINIA RAFFAELE. OGGI, DOMANI ALLE 21, DOMENICA ALLE 15:30 E ALLE 21<\/h3>\n<p>&nbsp;<\/p>\n<div class=\"\" dir=\"auto\">\n<div class=\"\" dir=\"auto\">\n<div class=\"x1iorvi4 x1pi30zi x1l90r2v x1swvt13\" data-ad-comet-preview=\"message\" data-ad-preview=\"message\">\n<div class=\"x78zum5 xdt5ytf xz62fqu x16ldp7u\">\n<div class=\"xu06os2 x1ok221b\">\n<div class=\"xdj266r x11i5rnm xat24cr x1mh8g0r x1vvkbs x126k92a\">\n<div dir=\"auto\">UN MONDO A PARTE<\/div>\n<div dir=\"auto\">Michele Cortese \u00e8 un maestro elementare della capitale che non ne pu\u00f2 pi\u00f9 di &#8220;cercare di salvare gente che non ha intenzione di essere salvata, e ti mena pure&#8221;. Cos\u00ec chiede l&#8217;assegnazione provvisoria in un paesino di 364 anime della montagna abruzzese: scoprir\u00e0 che la tanto agognata tranquillit\u00e0 non risiede neanche qui.<\/div>\n<\/div>\n<div class=\"x11i5rnm xat24cr x1mh8g0r x1vvkbs xtlvy1s x126k92a\">\n<div dir=\"auto\">di Riccardo Milani | Commedia &#8211; 113 minuti<\/div>\n<div dir=\"auto\">con Antonio Albanese &#8211; Virginia Raffaele<\/div>\n<\/div>\n<div class=\"x11i5rnm xat24cr x1mh8g0r x1vvkbs xtlvy1s x126k92a\">\n<div dir=\"auto\"><\/div>\n<\/div>\n<\/div>\n<\/div>\n<\/div>\n<\/div>\n<\/div>\n<p><iframe loading=\"lazy\" title=\"Un mondo a parte | Trailer Ufficiale | Dal 28 marzo al cinema\" width=\"1200\" height=\"675\" src=\"https:\/\/www.youtube.com\/embed\/P5hgM2OcQh0?feature=oembed\" frameborder=\"0\" allow=\"accelerometer; autoplay; clipboard-write; encrypted-media; gyroscope; picture-in-picture; web-share\" referrerpolicy=\"strict-origin-when-cross-origin\" allowfullscreen><\/iframe><\/p>\n<p>&nbsp;<\/p>\n<p>&nbsp;<\/p>\n<div>\n<div class=\"\" dir=\"auto\">\n<div id=\":r9h:\" class=\"x1iorvi4 x1pi30zi x1l90r2v x1swvt13\" data-ad-comet-preview=\"message\" data-ad-preview=\"message\">\n<div class=\"x78zum5 xdt5ytf xz62fqu x16ldp7u\">\n<div class=\"xu06os2 x1ok221b\">\n<div dir=\"auto\">\n<p><strong>BELLUNO\u00a0<\/strong>La rassegna &#8220;A casa di Dino&#8221;, riprende dopo una pausa, organizzata dall\u2019Associazione Culturale Villa Buzzati S. Pellegrino &#8211; il Granaio. L&#8217;obiettivo \u00e8 portare l&#8217;eredit\u00e0 di Buzzati dalla sua citt\u00e0 natale a Belluno, coinvolgendo appassionati e nuovi pubblici. Tre incontri con autori, studiosi e artisti contemporanei esploreranno la figura di Buzzati attraverso la letteratura, l&#8217;arte, la poesia e la musica. Il primo evento, un concerto di strada, si terr\u00e0 oggi alle 18:30, al Giardino Loris Tormen di Belluno (o in alternativa presso la Sala De Luca Borgo Pr\u00e0 in caso di pioggia).<\/p>\n<p><strong>AGORDO<\/strong> Il CAI di Agordo organizza per domani un&#8217;escursione a Col dei Pioge sul gruppo della Marmolada. Ritrovo alle 14:30 davanti al Municipio di Agordo. Difficolt\u00e0 facile. Info e iscrizioni al 380 6983040<\/p>\n<p><strong>LIVINALLONGO<\/strong> Il gruppo &#8220;Insieme si pu\u00f2 Fodom&#8221; organizza un teatro di beneficenza domani alle 20:30 in sala conferenze di Arabba con la Nuova Compagnia del teatro di Brunico dal titolo &#8220;Non sono un gigol\u00f2&#8221;.\u00a0 L&#8217;evento teatrale mira a raccogliere fondi per aiutare i bambini bisognosi nel villaggio di don Abraham.<\/p>\n<p><strong>AGORDO <\/strong>Il Cai di Agordo organizza per domenica un&#8217;uscita alla ferrata Farina Del Diavolo sulle Prealpi Carniche. Ritrovo alle 6 davanti al Municipio di Agordo. Un&#8217;uscita poco difficile ma esposta. Massimo 15 partecipanti. Info e iscrizioni al 380 6983040<\/p>\n<\/div>\n<\/div>\n<\/div>\n<\/div>\n<\/div>\n<\/div>\n<\/div>\n<\/div>\n<\/div>\n<\/div>\n<\/div>\n<h2>DOMANI IL CONCERTO DI MARCO V DAL FARRA AL TEATRO SAN FELICE DI BELLUNO<\/h2>\n\n\t\t\t<style type='text\/css'>\n\t\t\t\t#gallery-5 {\n\t\t\t\t\tmargin: auto;\n\t\t\t\t}\n\t\t\t\t#gallery-5 .gallery-item {\n\t\t\t\t\tfloat: left;\n\t\t\t\t\tmargin-top: 10px;\n\t\t\t\t\ttext-align: center;\n\t\t\t\t\twidth: 100%;\n\t\t\t\t}\n\t\t\t\t#gallery-5 img {\n\t\t\t\t\tborder: 2px solid #cfcfcf;\n\t\t\t\t}\n\t\t\t\t#gallery-5 .gallery-caption {\n\t\t\t\t\tmargin-left: 0;\n\t\t\t\t}\n\t\t\t\t\/* see gallery_shortcode() in wp-includes\/media.php *\/\n\t\t\t<\/style>\n\t\t<div id='gallery-5' class='dt-gallery-container gallery galleryid-383670 gallery-columns-1 gallery-size-medium'><dl class='gallery-item'>\n\t\t\t\t<dt class='gallery-icon portrait'>\n\t\t\t\t\t<a class=\"rollover rollover-zoom dt-pswp-item\" title=\"ff5ef01c-49c1-48a5-9225-b7d8260b55df\" data-dt-img-description=\"\" data-large_image_width=\"877\" data-large_image_height=\"1241\"href='https:\/\/www.radiopiu.net\/wordpress\/wp-content\/uploads\/2024\/03\/ff5ef01c-49c1-48a5-9225-b7d8260b55df.jpg'><img loading=\"lazy\" decoding=\"async\" width=\"212\" height=\"300\" src=\"https:\/\/www.radiopiu.net\/wordpress\/wp-content\/uploads\/2024\/03\/ff5ef01c-49c1-48a5-9225-b7d8260b55df-212x300.jpg\" class=\"attachment-medium size-medium\" alt=\"\" srcset=\"https:\/\/www.radiopiu.net\/wordpress\/wp-content\/uploads\/2024\/03\/ff5ef01c-49c1-48a5-9225-b7d8260b55df-212x300.jpg 212w, https:\/\/www.radiopiu.net\/wordpress\/wp-content\/uploads\/2024\/03\/ff5ef01c-49c1-48a5-9225-b7d8260b55df-724x1024.jpg 724w, https:\/\/www.radiopiu.net\/wordpress\/wp-content\/uploads\/2024\/03\/ff5ef01c-49c1-48a5-9225-b7d8260b55df-768x1087.jpg 768w, https:\/\/www.radiopiu.net\/wordpress\/wp-content\/uploads\/2024\/03\/ff5ef01c-49c1-48a5-9225-b7d8260b55df.jpg 877w\" sizes=\"auto, (max-width: 212px) 100vw, 212px\" \/><\/a>\n\t\t\t\t<\/dt><\/dl><br style=\"clear: both\" \/>\n\t\t\t<\/div>\n\n<p>&nbsp;<\/p>\n<p><strong>BELLUNO\u00a0 <\/strong>Domenica alle 20.45 al Teatro Dino Buzzati di Belluno a trascinare la platea del Circolo Cultura e Stampa Bellunese sar\u00e0 un cast d\u2019eccezione che interpreter\u00e0 \u201cPIGIAMA PER SEI\u201d: il pi\u00f9 classico dei triangoli &#8211;\u00a0 lui, lei, l\u2019altra \u2013 prender\u00e0 forme diverse, partendo dal rombo, nel momento in cui si verr\u00e0 a scoprire che il vecchio amico, invitato dal marito per fungere da alibi durante l\u2019incontro clandestino con l\u2019amante, \u00e8 a sua volta l\u2019amante della moglie.<\/p>\n<h2><span style=\"color: #ff0000;\">PROSSIMAMENTE&#8230;<\/span><\/h2>\n<p><strong>FALCADE <\/strong>DESPERADOS, DUE GIORNI DI FESTA CON LA QUINTA LICEO, AL PALAFALCADE. VENERDI 19 APRILE DALLE 18 APERITIVO E ALLE 20 IL BALLO LISCIO CON &#8221; \u201ci prestazione occasionale, GI\u00e0 QUELLI CHE IL LISCIO&#8221; SABATO 20 APRILE, DALLE 17 TORNEO DI BRISCOLA E CALCETTO E DALLE 21 DESPERADOS PARTY!!!! CON BASSLINE DJ, DALLA MEZZANOTTE HAPPY HALF HOUR info 3482996318<\/p>\n<p>&nbsp;<\/p>\n<hr \/>\n<p>&nbsp;<\/p>\n<a href=\"https:\/\/www.radiopiu.net\/wordpress\/wp-content\/uploads\/2024\/04\/POSTER_2024-1.pdf\" class=\"pdfemb-viewer\" style=\"\" data-width=\"max\" data-height=\"max\" data-toolbar=\"top\" data-toolbar-fixed=\"on\">POSTER_2024-1<\/a>\n<p>&nbsp;<\/p>\n<hr \/>\n<p>&nbsp;<\/p>\n<p><a class=\"dt-pswp-item\" href=\"https:\/\/www.radiopiu.net\/wordpress\/wp-content\/uploads\/2018\/09\/viabilita.jpeg\" data-dt-img-description=\"\" data-large_image_width=\"800\" data-large_image_height=\"100\"><img loading=\"lazy\" decoding=\"async\" class=\"aligncenter wp-image-61954 size-full\" src=\"https:\/\/www.radiopiu.net\/wordpress\/wp-content\/uploads\/2018\/09\/viabilita.jpeg\" alt=\"\" width=\"800\" height=\"100\" srcset=\"https:\/\/www.radiopiu.net\/wordpress\/wp-content\/uploads\/2018\/09\/viabilita.jpeg 800w, https:\/\/www.radiopiu.net\/wordpress\/wp-content\/uploads\/2018\/09\/viabilita-300x38.jpeg 300w, https:\/\/www.radiopiu.net\/wordpress\/wp-content\/uploads\/2018\/09\/viabilita-768x96.jpeg 768w\" sizes=\"auto, (max-width: 800px) 100vw, 800px\" \/><\/a><\/p>\n<p>&nbsp;<\/p>\n<p><a class=\"dt-pswp-item\" href=\"https:\/\/www.radiopiu.net\/wordpress\/wp-content\/uploads\/2023\/12\/botol-car-service.jpg\" data-dt-img-description=\"\" data-large_image_width=\"600\" data-large_image_height=\"600\"><img loading=\"lazy\" decoding=\"async\" class=\"size-medium wp-image-367044 aligncenter\" src=\"https:\/\/www.radiopiu.net\/wordpress\/wp-content\/uploads\/2023\/12\/botol-car-service-300x300.jpg\" alt=\"\" width=\"300\" height=\"300\" srcset=\"https:\/\/www.radiopiu.net\/wordpress\/wp-content\/uploads\/2023\/12\/botol-car-service-300x300.jpg 300w, https:\/\/www.radiopiu.net\/wordpress\/wp-content\/uploads\/2023\/12\/botol-car-service-150x150.jpg 150w, https:\/\/www.radiopiu.net\/wordpress\/wp-content\/uploads\/2023\/12\/botol-car-service.jpg 600w\" sizes=\"auto, (max-width: 300px) 100vw, 300px\" \/><\/a><\/p>\n<p>&nbsp;<\/p>\n<p>&nbsp;<\/p>\n<h1>BOLLETTINO QUOTIDIANO, CLICCA QUI<\/h1>\n<blockquote class=\"wp-embedded-content\" data-secret=\"yyXjtQciDP\"><p><a href=\"https:\/\/www.radiopiu.net\/wordpress\/viabilita\/\">viabilita<\/a><\/p><\/blockquote>\n<p><iframe loading=\"lazy\" class=\"wp-embedded-content\" sandbox=\"allow-scripts\" security=\"restricted\" style=\"position: absolute; clip: rect(1px, 1px, 1px, 1px);\" title=\"&#8220;viabilita&#8221; &#8212; Radio Pi\u00f9\" src=\"https:\/\/www.radiopiu.net\/wordpress\/viabilita\/embed\/#?secret=Q0GwjtkD3E#?secret=yyXjtQciDP\" data-secret=\"yyXjtQciDP\" width=\"600\" height=\"338\" frameborder=\"0\" marginwidth=\"0\" marginheight=\"0\" scrolling=\"no\"><\/iframe><\/p>\n<p>&nbsp;<\/p>\n<p>&nbsp;<\/p>\n<p>&nbsp;<\/p>\n<hr \/>\n<p>&nbsp;<\/p>\n<p><a class=\"dt-pswp-item\" href=\"https:\/\/www.radiopiu.net\/wordpress\/wp-content\/uploads\/2018\/09\/WhatsApp-Image-2018-09-20-at-16.04.06.jpeg\" data-dt-img-description=\"\" data-large_image_width=\"800\" data-large_image_height=\"100\"><img loading=\"lazy\" decoding=\"async\" class=\"wp-image-61378 size-full aligncenter\" src=\"https:\/\/www.radiopiu.net\/wordpress\/wp-content\/uploads\/2018\/09\/WhatsApp-Image-2018-09-20-at-16.04.06.jpeg\" alt=\"\" width=\"800\" height=\"100\" srcset=\"https:\/\/www.radiopiu.net\/wordpress\/wp-content\/uploads\/2018\/09\/WhatsApp-Image-2018-09-20-at-16.04.06.jpeg 800w, https:\/\/www.radiopiu.net\/wordpress\/wp-content\/uploads\/2018\/09\/WhatsApp-Image-2018-09-20-at-16.04.06-300x38.jpeg 300w, https:\/\/www.radiopiu.net\/wordpress\/wp-content\/uploads\/2018\/09\/WhatsApp-Image-2018-09-20-at-16.04.06-768x96.jpeg 768w\" sizes=\"auto, (max-width: 800px) 100vw, 800px\" \/><\/a><\/p>\n<p><center><\/center><center><\/center><center><\/center><center><\/center><center><\/center><center><\/center>&nbsp;<\/p>\n<p><center><b>OGGI<\/b><\/center>Tempo stabile ed in prevalenza soleggiato con cielo sereno, salvo temporaneo transito di nubi alte in grado di velare leggermente il cielo. Non escluso qualche cumulo pomeridiano sui rilievi prealpini a ridosso della pedemontana.<br \/>\n<b>Precipitazioni: <\/b>Assenti (0%).<br \/>\n<b>Temperature: <\/b>In generale ulteriore lieve rialzo, eccetto calo delle minime nei fondovalle in caso di cielo notturno sereno.<\/p>\n<hr \/>\n<p><center><b>DOMANI<\/b><\/center>Sole e cielo perlopi\u00f9 sereno con aria tersa ed ottima visibilit\u00e0. Eventuali velature del cielo, ma saranno temporanee e sottili. inoltre non esclusi cumuli di bel tempo sulle cime durante le ore pi\u00f9 calde e sui crinali prealpini a ridosso della pedemontana.<br \/>\n<b>Precipitazioni: <\/b>Assenti (0%).<br \/>\n<b>Temperature: <\/b>In ulteriore generale rialzo con punte diurne prettamente primaverili nelle valli, mentre ci sar\u00e0 una grande mitezza in quota, nonostante la presenza della neve al suolo.<\/p>\n<hr \/>\n<p><center><b>DOMENICA<\/b><\/center>Tempo in prevalenza soleggiato con cielo sereno o a tratti poco nuvoloso per il transito di banchi di cirri, anche di qualche cumulo sulle vette a ridosso della pedemontana. Non escluso un aumento della nuvolosit\u00e0 bassa in serata. Temperature leggermente pi\u00f9 elevate rispetto a sabato, prettamente primaverili nelle valli, ma non in quota per la rimanente neve.<\/p>\n<hr \/>\n<p><center><b>LUNEDI<\/b><\/center>Minore soleggiamento e nuvolosit\u00e0 sempre pi\u00f9 presente con il rischio di qualche precipitazione dal pomeriggio in poi, specie sulle Dolomiti. Temperature in generale lieve flessione, eccetto aumento delle minime nelle valli<\/p>\n<p>&nbsp;<\/p>\n<hr \/>\n<p>&nbsp;<\/p>\n<a href=\"https:\/\/www.radiopiu.net\/wordpress\/wp-content\/uploads\/2024\/04\/INVITO-INFINITY-BARDIN-1.pdf\" class=\"pdfemb-viewer\" style=\"\" data-width=\"max\" data-height=\"max\" data-toolbar=\"top\" data-toolbar-fixed=\"on\">INVITO INFINITY BARDIN-1<\/a>\n<p>&nbsp;<\/p>\n<hr \/>\n<p>&nbsp;<\/p>\n<p>&nbsp;<\/p>\n<p><strong>Primavera alpina<\/strong><\/p>\n<p>DI JOHN FRANCIS DELLA PIETRA<\/p>\n<p>In questa stagione<br \/>\nV \u00e8 sempre in natura una novella emozione<br \/>\nMa ci\u00f2 che colpisce pi\u00f9 i nostri cuori<br \/>\n\u00c8 la magia dei colori<br \/>\nMa badate bene brava gente<br \/>\nIl pi\u00f9 spesso quass\u00f9 non \u00e8 cos\u00ec appariscente<br \/>\nBisogna ricercare<br \/>\nE sovente pazientare<br \/>\nEntrare in sintonia<br \/>\nEsser un tutt uno in armonia<br \/>\nSi pure averne diretta conoscenza<br \/>\nDelle speciali app puoi farne senza<br \/>\nDentro devi sentire<br \/>\nL attimo ed il sito definire<br \/>\nCos\u00ec all improvviso<br \/>\nGioia e rinnovato stupore colpiscono il tuo viso<br \/>\nSu quei larici secolari ancora brulli su un ramo pi\u00f9 basso<br \/>\nSpuntano fra piccole pigne rinsecchite dei rubiniscenti fiorellini che ti lasciano di sasso<br \/>\nE mentre non ti sei ancora ripreso dalla magnificenza lo sguardo si posa l\u00e0 vicino ad un sasso<br \/>\nFra l erba ancor ingiallita<br \/>\nDi blu notte una genzianella s \u00e8 vestita<br \/>\nDue piccole meraviglie non pi\u00f9 grandi dell unghia d un mignolo<br \/>\nRimango basito per un attimo solo<br \/>\nPoi quelle vivide tonalit\u00e0<br \/>\nMi fan comprendere che son frutto d un immenso ghiacciaio qui passato nell antichit\u00e0<br \/>\nEcco la magia<br \/>\nChe penetra l anima mia<br \/>\nPiccoli tesori davanti agl occhi<br \/>\nChe con le dita puoi sfiorare in delicati tocchi&#8230;<\/p>\n<p>&nbsp;<\/p>\n\n\t\t\t<style type='text\/css'>\n\t\t\t\t#gallery-6 {\n\t\t\t\t\tmargin: auto;\n\t\t\t\t}\n\t\t\t\t#gallery-6 .gallery-item {\n\t\t\t\t\tfloat: left;\n\t\t\t\t\tmargin-top: 10px;\n\t\t\t\t\ttext-align: center;\n\t\t\t\t\twidth: 50%;\n\t\t\t\t}\n\t\t\t\t#gallery-6 img {\n\t\t\t\t\tborder: 2px solid #cfcfcf;\n\t\t\t\t}\n\t\t\t\t#gallery-6 .gallery-caption {\n\t\t\t\t\tmargin-left: 0;\n\t\t\t\t}\n\t\t\t\t\/* see gallery_shortcode() in wp-includes\/media.php *\/\n\t\t\t<\/style>\n\t\t<div id='gallery-6' class='dt-gallery-container gallery galleryid-383670 gallery-columns-2 gallery-size-thumbnail'><dl class='gallery-item'>\n\t\t\t\t<dt class='gallery-icon portrait'>\n\t\t\t\t\t<a class=\"rollover rollover-zoom dt-pswp-item\" title=\"15b5ae87-e9a8-4bd1-8bdc-c1095700a800\" data-dt-img-description=\"\" data-large_image_width=\"720\" data-large_image_height=\"1600\"href='https:\/\/www.radiopiu.net\/wordpress\/wp-content\/uploads\/2024\/04\/15b5ae87-e9a8-4bd1-8bdc-c1095700a800.jpg'><img loading=\"lazy\" decoding=\"async\" width=\"150\" height=\"150\" src=\"https:\/\/www.radiopiu.net\/wordpress\/wp-content\/uploads\/2024\/04\/15b5ae87-e9a8-4bd1-8bdc-c1095700a800-150x150.jpg\" class=\"attachment-thumbnail size-thumbnail\" alt=\"\" \/><\/a>\n\t\t\t\t<\/dt><\/dl><dl class='gallery-item'>\n\t\t\t\t<dt class='gallery-icon landscape'>\n\t\t\t\t\t<a class=\"rollover rollover-zoom dt-pswp-item\" title=\"3bb9a874-20d9-4ada-92bf-3402da2589cb\" data-dt-img-description=\"\" data-large_image_width=\"1600\" data-large_image_height=\"720\"href='https:\/\/www.radiopiu.net\/wordpress\/wp-content\/uploads\/2024\/04\/3bb9a874-20d9-4ada-92bf-3402da2589cb.jpg'><img loading=\"lazy\" decoding=\"async\" width=\"150\" height=\"150\" src=\"https:\/\/www.radiopiu.net\/wordpress\/wp-content\/uploads\/2024\/04\/3bb9a874-20d9-4ada-92bf-3402da2589cb-150x150.jpg\" class=\"attachment-thumbnail size-thumbnail\" alt=\"\" \/><\/a>\n\t\t\t\t<\/dt><\/dl><br style=\"clear: both\" \/>\n\t\t\t<\/div>\n\n<p>&nbsp;<\/p>\n<p>&nbsp;<\/p>\n<p><img loading=\"lazy\" decoding=\"async\" class=\"wp-image-60761 size-full aligncenter\" src=\"https:\/\/www.radiopiu.net\/wordpress\/wp-content\/uploads\/2018\/09\/sport.jpg\" alt=\"\" width=\"800\" height=\"100\" srcset=\"https:\/\/www.radiopiu.net\/wordpress\/wp-content\/uploads\/2018\/09\/sport.jpg 800w, https:\/\/www.radiopiu.net\/wordpress\/wp-content\/uploads\/2018\/09\/sport-300x38.jpg 300w, https:\/\/www.radiopiu.net\/wordpress\/wp-content\/uploads\/2018\/09\/sport-768x96.jpg 768w\" sizes=\"auto, (max-width: 800px) 100vw, 800px\" \/><\/p>\n<p><span style=\"color: #0000ff;\"><strong>HOCKEY<\/strong><\/span><\/p>\n<table class=\"main aligncenter\" border=\"0\" width=\"600\" cellspacing=\"0\" cellpadding=\"0\">\n<tbody>\n<tr>\n<td class=\"meldung-full-headline2\" align=\"left\" valign=\"top\">\n<h1>Il Renon \u00e8 campione della Alps Hockey League, stagione 2023\/24<\/h1>\n<\/td>\n<\/tr>\n<tr>\n<td class=\"meldung-full-subheadline2\" align=\"left\" valign=\"top\"><\/td>\n<\/tr>\n<tr>\n<td class=\"meldung-full-short\" align=\"left\" valign=\"top\"><a class=\"dt-pswp-item\" href=\"https:\/\/www.radiopiu.net\/wordpress\/wp-content\/uploads\/2024\/04\/Ritten-Pokalubergabe.jpg\" data-dt-img-description=\"\" data-large_image_width=\"2048\" data-large_image_height=\"1536\"><img loading=\"lazy\" decoding=\"async\" class=\" wp-image-384590 alignleft\" src=\"https:\/\/www.radiopiu.net\/wordpress\/wp-content\/uploads\/2024\/04\/Ritten-Pokalubergabe-300x225.jpg\" alt=\"\" width=\"221\" height=\"166\" srcset=\"https:\/\/www.radiopiu.net\/wordpress\/wp-content\/uploads\/2024\/04\/Ritten-Pokalubergabe-300x225.jpg 300w, https:\/\/www.radiopiu.net\/wordpress\/wp-content\/uploads\/2024\/04\/Ritten-Pokalubergabe-1024x768.jpg 1024w, https:\/\/www.radiopiu.net\/wordpress\/wp-content\/uploads\/2024\/04\/Ritten-Pokalubergabe-768x576.jpg 768w, https:\/\/www.radiopiu.net\/wordpress\/wp-content\/uploads\/2024\/04\/Ritten-Pokalubergabe-1536x1152.jpg 1536w, https:\/\/www.radiopiu.net\/wordpress\/wp-content\/uploads\/2024\/04\/Ritten-Pokalubergabe.jpg 2048w\" sizes=\"auto, (max-width: 221px) 100vw, 221px\" \/><\/a>I Rittner Buam SkyAlps sono campioni della Alps Hockey League per la seconda volta nella storia del club altoatesino. Nella quarta partita della serie finale, i Buam hanno prevalso per 3:0 sulla S.G. Cortina Hafro, dando alla formazione di Collalbo un successo per 4:0 nella serie finale. Per il Renon si tratta del secondo successo in Alps dopo aver vinto la prima edizione del torneo transnazionale nella stagione 16\/17 e della seconda sconfitta consecutiva del Cortina in finale. Lo scorso anno gli ampezzani erano stati superati dagli sloveni dello Jesenice per 4 a 2 nella serie.<\/td>\n<\/tr>\n<\/tbody>\n<\/table>\n<p>&nbsp;<\/p>\n<p>&nbsp;<\/p>\n<p><strong><span style=\"color: #0000ff;\">CALCIO<\/span><\/strong><\/p>\n<blockquote>\n<h3>L&#8217;AGORDINA INCAMERA TRE PUNTI CON L&#8217;ALPES CESIO<\/h3>\n<\/blockquote>\n<p><strong><a class=\"dt-pswp-item\" href=\"https:\/\/www.radiopiu.net\/wordpress\/wp-content\/uploads\/2019\/09\/AGORDINA-CALCIO.jpeg\" data-dt-img-description=\"\" data-large_image_width=\"225\" data-large_image_height=\"225\"><img loading=\"lazy\" decoding=\"async\" class=\" wp-image-97575 alignleft\" src=\"https:\/\/www.radiopiu.net\/wordpress\/wp-content\/uploads\/2019\/09\/AGORDINA-CALCIO.jpeg\" alt=\"\" width=\"120\" height=\"120\" srcset=\"https:\/\/www.radiopiu.net\/wordpress\/wp-content\/uploads\/2019\/09\/AGORDINA-CALCIO.jpeg 225w, https:\/\/www.radiopiu.net\/wordpress\/wp-content\/uploads\/2019\/09\/AGORDINA-CALCIO-150x150.jpeg 150w\" sizes=\"auto, (max-width: 120px) 100vw, 120px\" \/><\/a>di Marco Gaz<\/strong><\/p>\n<p><span style=\"color: #ff0000;\"><strong>RECUPERO TERZA CATEGORIA<\/strong><\/span><\/p>\n<p><strong>AGORDINA \u2013 ALPES CESIO 3-1<\/strong><\/p>\n<p>GOL AGORDINA: Fersuoch, 2 Mezzacasa<\/p>\n<p>Il recupero della 17\u00b0 giornata della Terza Categoria tra Agordina ed Alpes Cesio si \u00e8 giocato mercoledi sera all\u2019Ivano Dorigo di Agordo. La squadra di Chiea incamera la seconda vittoria consecutiva e rimane in corsa sul filo di lana per una qualificazione ai playoff. Buona prova degli Agordini che chiudono la sfida nella prima frazione di gioco. Bastano 15\u2019e l\u2019Agordina passa in vantaggio con Fersuoch che batte il portiere con un diagonale. Il raddoppio poco dopo quando Mezzacasa infila il portiere su ribattuta. A chiudere la sfida ci pensa ancora Mezzacasa ad inizio ripresa che cogli l\u2019assist di Crepaz per pedire la sfera in fondo al sacco. Gli agordini gestiscono e concedono poco all\u2019Alpes Cesio che riesce a siglare la rete della bandiera sul finale di gara.<\/p>\n<p>&nbsp;<\/p>\n<p><span style=\"color: #0000ff;\"><strong>PALLAVOLO<\/strong><\/span><\/p>\n<blockquote>\n<h3>IL BELLUNO VOLLEY PRONTO PER I QUARTI DI FINALE<\/h3>\n<\/blockquote>\n<p><a class=\"dt-pswp-item\" href=\"https:\/\/www.radiopiu.net\/wordpress\/wp-content\/uploads\/2024\/04\/Ignacio_Martinez_il_grande_ex.jpg\" data-dt-img-description=\"\" data-large_image_width=\"2048\" data-large_image_height=\"1366\"><img loading=\"lazy\" decoding=\"async\" class=\" wp-image-384521 alignleft\" src=\"https:\/\/www.radiopiu.net\/wordpress\/wp-content\/uploads\/2024\/04\/Ignacio_Martinez_il_grande_ex-300x200.jpg\" alt=\"\" width=\"158\" height=\"105\" srcset=\"https:\/\/www.radiopiu.net\/wordpress\/wp-content\/uploads\/2024\/04\/Ignacio_Martinez_il_grande_ex-300x200.jpg 300w, https:\/\/www.radiopiu.net\/wordpress\/wp-content\/uploads\/2024\/04\/Ignacio_Martinez_il_grande_ex-1024x683.jpg 1024w, https:\/\/www.radiopiu.net\/wordpress\/wp-content\/uploads\/2024\/04\/Ignacio_Martinez_il_grande_ex-768x512.jpg 768w, https:\/\/www.radiopiu.net\/wordpress\/wp-content\/uploads\/2024\/04\/Ignacio_Martinez_il_grande_ex-1536x1025.jpg 1536w, https:\/\/www.radiopiu.net\/wordpress\/wp-content\/uploads\/2024\/04\/Ignacio_Martinez_il_grande_ex.jpg 2048w\" sizes=\"auto, (max-width: 158px) 100vw, 158px\" \/><\/a>Il Belluno Volley, guidato da Ignacio Martinez, affronta l&#8217;OmiFer Palmi nei quarti di finale playoff. Martinez, ex giocatore di Palmi, ricorda con affetto la sua esperienza in Calabria e mantiene legami speciali con alcuni ex compagni. Nonostante le differenze nelle squadre, entrambi i team hanno avuto un percorso simile e si sono dimostrati competitivi. Martinez sottolinea l&#8217;importanza della pazienza e dell&#8217;aggressivit\u00e0 difensiva per contrastare il principale attaccante avversario, Pawel Stabrawa. L&#8217;incontro, carico di emozioni, si preannuncia combattuto e pieno di ricordi. Prima partita domenica alle 14 alla Spes Arena di Belluno.<\/p>\n<p>&nbsp;<\/p>\n<p>&nbsp;<\/p>\n<hr \/>\n<p>&nbsp;<\/p>\n<h2><span style=\"color: #808000;\">GOODBYE BY BICICLE&#8230;UN VIAGGIO DALL&#8217;INDIA A SEREN DEL GRAPPA IN BICICLETTA<\/span><\/h2>\n<p><span style=\"color: #ff0000;\"><strong>PUNTATA 08 &#8211; LA CENA EUROPEA E POI IN NEPAL PER IL RINNOVO DEL VISTO TURISTICO<\/strong><\/span><\/p>\n<audio class=\"wp-audio-shortcode\" id=\"audio-383670-15\" preload=\"none\" style=\"width: 100%;\" controls=\"controls\"><source type=\"audio\/mpeg\" src=\"https:\/\/www.radiopiu.net\/wordpress\/wp-content\/uploads\/2024\/03\/AIRE-INDIA-PUNTATA-08.mp3?_=15\" \/><a href=\"https:\/\/www.radiopiu.net\/wordpress\/wp-content\/uploads\/2024\/03\/AIRE-INDIA-PUNTATA-08.mp3\">https:\/\/www.radiopiu.net\/wordpress\/wp-content\/uploads\/2024\/03\/AIRE-INDIA-PUNTATA-08.mp3<\/a><\/audio>\n<p>&nbsp;<\/p>\n<p><strong>PER VISITARE I SITI DEI LUOGHI VISITATI, CLICCA SULLE SEGUENTI SCRITTE: <a href=\"https:\/\/www.indiarecycles.org\/#\">INDIA RECYCLES<\/a><\/strong><\/p>\n\n\t\t\t<style type='text\/css'>\n\t\t\t\t#gallery-7 {\n\t\t\t\t\tmargin: auto;\n\t\t\t\t}\n\t\t\t\t#gallery-7 .gallery-item {\n\t\t\t\t\tfloat: left;\n\t\t\t\t\tmargin-top: 10px;\n\t\t\t\t\ttext-align: center;\n\t\t\t\t\twidth: 33%;\n\t\t\t\t}\n\t\t\t\t#gallery-7 img {\n\t\t\t\t\tborder: 2px solid #cfcfcf;\n\t\t\t\t}\n\t\t\t\t#gallery-7 .gallery-caption {\n\t\t\t\t\tmargin-left: 0;\n\t\t\t\t}\n\t\t\t\t\/* see gallery_shortcode() in wp-includes\/media.php *\/\n\t\t\t<\/style>\n\t\t<div id='gallery-7' class='dt-gallery-container gallery galleryid-383670 gallery-columns-3 gallery-size-thumbnail'><dl class='gallery-item'>\n\t\t\t\t<dt class='gallery-icon portrait'>\n\t\t\t\t\t<a class=\"rollover rollover-zoom dt-pswp-item\" title=\"abbaced2-2610-4b21-b932-649c940dd85d\" data-dt-img-description=\"\" data-large_image_width=\"1200\" data-large_image_height=\"1600\"href='https:\/\/www.radiopiu.net\/wordpress\/wp-content\/uploads\/2024\/03\/abbaced2-2610-4b21-b932-649c940dd85d.jpg'><img loading=\"lazy\" decoding=\"async\" width=\"150\" height=\"150\" src=\"https:\/\/www.radiopiu.net\/wordpress\/wp-content\/uploads\/2024\/03\/abbaced2-2610-4b21-b932-649c940dd85d-150x150.jpg\" class=\"attachment-thumbnail size-thumbnail\" alt=\"\" \/><\/a>\n\t\t\t\t<\/dt><\/dl><dl class='gallery-item'>\n\t\t\t\t<dt class='gallery-icon portrait'>\n\t\t\t\t\t<a class=\"rollover rollover-zoom dt-pswp-item\" title=\"12feb575-17ee-49c8-b6b2-001f4711a13c\" data-dt-img-description=\"\" data-large_image_width=\"768\" data-large_image_height=\"1024\"href='https:\/\/www.radiopiu.net\/wordpress\/wp-content\/uploads\/2024\/03\/12feb575-17ee-49c8-b6b2-001f4711a13c.jpg'><img loading=\"lazy\" decoding=\"async\" width=\"150\" height=\"150\" src=\"https:\/\/www.radiopiu.net\/wordpress\/wp-content\/uploads\/2024\/03\/12feb575-17ee-49c8-b6b2-001f4711a13c-150x150.jpg\" class=\"attachment-thumbnail size-thumbnail\" alt=\"\" \/><\/a>\n\t\t\t\t<\/dt><\/dl><dl class='gallery-item'>\n\t\t\t\t<dt class='gallery-icon portrait'>\n\t\t\t\t\t<a class=\"rollover rollover-zoom dt-pswp-item\" title=\"56bb1602-6cd2-4044-8bbf-91b427ed471a\" data-dt-img-description=\"\" data-large_image_width=\"1200\" data-large_image_height=\"1600\"href='https:\/\/www.radiopiu.net\/wordpress\/wp-content\/uploads\/2024\/03\/56bb1602-6cd2-4044-8bbf-91b427ed471a.jpg'><img loading=\"lazy\" decoding=\"async\" width=\"150\" height=\"150\" src=\"https:\/\/www.radiopiu.net\/wordpress\/wp-content\/uploads\/2024\/03\/56bb1602-6cd2-4044-8bbf-91b427ed471a-150x150.jpg\" class=\"attachment-thumbnail size-thumbnail\" alt=\"\" \/><\/a>\n\t\t\t\t<\/dt><\/dl><br style=\"clear: both\" \/>\n\t\t\t<\/div>\n\n<h2>LA RACCOLTA COMPLETA <a href=\"https:\/\/www.radiopiu.net\/wordpress\/goodbye-by-bicicle-un-viaggio-dallindia-a-seren-del-grappa-in-bicicletta-08\/\"><span style=\"color: #0000ff;\">CLICCA QUI<\/span><\/a><\/h2>\n<p>&nbsp;<\/p>\n<p>&nbsp;<\/p>\n<p>&nbsp;<\/p>\n","protected":false},"excerpt":{"rendered":"<p>******* &nbsp; PER RICEVERE QUESTO NOTIZIARIO DIRETTAMENTE SUL TUO CELLULARE ISCRIVITI AL CANALE TELEGRAM \u201cRADIO PIU\u00a0 INFORMAZIONE&#8221;\u00a0 \u00a0il CANALE TELEGRAM&#8230; UNISCITI A: RADIO PIU INFORMAZIONE &nbsp; &nbsp; ATTENZIONE: LA NUOVA APP PER IOS-IPHONE di Nicola Vettorello https:\/\/apps.apple.com\/it\/app\/radio-pi%C3%B9-emittente-agordina\/id1515939845 ATTENZIONE: LA NUOVA APP RADIO\u00a0 PER ANDROID di Nicola Vettorello https:\/\/play.google.com\/store\/apps\/details?id=net.radiopiu.iniko\u00a0\u00a0 &nbsp; &nbsp; OGGI ALLA RADIO: ALLE 7.20&hellip;<\/p>\n","protected":false},"author":4,"featured_media":384624,"comment_status":"closed","ping_status":"closed","sticky":false,"template":"","format":"standard","meta":{"_monsterinsights_skip_tracking":false,"_monsterinsights_sitenote_active":false,"_monsterinsights_sitenote_note":"","_monsterinsights_sitenote_category":0,"footnotes":""},"categories":[51,86,49],"tags":[],"class_list":["post-383670","post","type-post","status-publish","format-standard","has-post-thumbnail","hentry","category-evidenza-top","category-gr","category-news-18","category-51","category-86","category-49","description-off"],"img_url":"https:\/\/www.radiopiu.net\/wordpress\/wp-content\/uploads\/2024\/04\/bf65ce89-c510-4065-b56c-bbfc7c7fe26a.jpg","_links":{"self":[{"href":"https:\/\/www.radiopiu.net\/wordpress\/wp-json\/wp\/v2\/posts\/383670","targetHints":{"allow":["GET"]}}],"collection":[{"href":"https:\/\/www.radiopiu.net\/wordpress\/wp-json\/wp\/v2\/posts"}],"about":[{"href":"https:\/\/www.radiopiu.net\/wordpress\/wp-json\/wp\/v2\/types\/post"}],"author":[{"embeddable":true,"href":"https:\/\/www.radiopiu.net\/wordpress\/wp-json\/wp\/v2\/users\/4"}],"replies":[{"embeddable":true,"href":"https:\/\/www.radiopiu.net\/wordpress\/wp-json\/wp\/v2\/comments?post=383670"}],"version-history":[{"count":0,"href":"https:\/\/www.radiopiu.net\/wordpress\/wp-json\/wp\/v2\/posts\/383670\/revisions"}],"wp:featuredmedia":[{"embeddable":true,"href":"https:\/\/www.radiopiu.net\/wordpress\/wp-json\/wp\/v2\/media\/384624"}],"wp:attachment":[{"href":"https:\/\/www.radiopiu.net\/wordpress\/wp-json\/wp\/v2\/media?parent=383670"}],"wp:term":[{"taxonomy":"category","embeddable":true,"href":"https:\/\/www.radiopiu.net\/wordpress\/wp-json\/wp\/v2\/categories?post=383670"},{"taxonomy":"post_tag","embeddable":true,"href":"https:\/\/www.radiopiu.net\/wordpress\/wp-json\/wp\/v2\/tags?post=383670"}],"curies":[{"name":"wp","href":"https:\/\/api.w.org\/{rel}","templated":true}]}}