{"id":384526,"date":"2024-04-11T11:00:31","date_gmt":"2024-04-11T09:00:31","guid":{"rendered":"https:\/\/www.radiopiu.net\/wordpress\/?p=384526"},"modified":"2024-04-11T11:00:31","modified_gmt":"2024-04-11T09:00:31","slug":"sp-251-della-val-di-zoldo-e-cellina-chiusa-per-un-mese-a-colle-santa-lucia","status":"publish","type":"post","link":"https:\/\/www.radiopiu.net\/wordpress\/sp-251-della-val-di-zoldo-e-cellina-chiusa-per-un-mese-a-colle-santa-lucia\/","title":{"rendered":"SP 251 DELLA VAL DI ZOLDO E CELLINA CHIUSA PER UN MESE A COLLE SANTA LUCIA"},"content":{"rendered":"<p>*****<\/p>\n<p>&nbsp;<\/p>\n<p><strong>REDAZIONE<\/strong> Veneto Strade comunica che la SP 251 della Val di Zoldo e Cellina verr\u00e0 chiusa per quasi un mese. Il tratto stradale tra il bivio di Rucav\u00e0 e il bivio di Colcuc in comune di Colle Santa Lucia \u00e8 interessato da lavori, pertanto dal 15 aprile al 10 maggio il tratto sar\u00e0 interdetto alla circolazione stradale, sabati domeniche e festivi compresi.<\/p>\n<p>&nbsp;<\/p>\n<p>&nbsp;<\/p>\n<p>*******<\/p>\n","protected":false},"excerpt":{"rendered":"<p>***** &nbsp; REDAZIONE Veneto Strade comunica che la SP 251 della Val di Zoldo e Cellina verr\u00e0 chiusa per quasi un mese. Il tratto stradale tra il bivio di Rucav\u00e0 e il bivio di Colcuc in comune di Colle Santa Lucia \u00e8 interessato da lavori, pertanto dal 15 aprile al 10 maggio il tratto sar\u00e0&hellip;<\/p>\n","protected":false},"author":4,"featured_media":135574,"comment_status":"closed","ping_status":"closed","sticky":false,"template":"","format":"standard","meta":{"_monsterinsights_skip_tracking":false,"_monsterinsights_sitenote_active":false,"_monsterinsights_sitenote_note":"","_monsterinsights_sitenote_category":0,"footnotes":""},"categories":[49],"tags":[],"class_list":["post-384526","post","type-post","status-publish","format-standard","has-post-thumbnail","hentry","category-news-18","category-49","description-off"],"img_url":"https:\/\/www.radiopiu.net\/wordpress\/wp-content\/uploads\/2020\/05\/VENETO-STRADE.png","_links":{"self":[{"href":"https:\/\/www.radiopiu.net\/wordpress\/wp-json\/wp\/v2\/posts\/384526","targetHints":{"allow":["GET"]}}],"collection":[{"href":"https:\/\/www.radiopiu.net\/wordpress\/wp-json\/wp\/v2\/posts"}],"about":[{"href":"https:\/\/www.radiopiu.net\/wordpress\/wp-json\/wp\/v2\/types\/post"}],"author":[{"embeddable":true,"href":"https:\/\/www.radiopiu.net\/wordpress\/wp-json\/wp\/v2\/users\/4"}],"replies":[{"embeddable":true,"href":"https:\/\/www.radiopiu.net\/wordpress\/wp-json\/wp\/v2\/comments?post=384526"}],"version-history":[{"count":0,"href":"https:\/\/www.radiopiu.net\/wordpress\/wp-json\/wp\/v2\/posts\/384526\/revisions"}],"wp:featuredmedia":[{"embeddable":true,"href":"https:\/\/www.radiopiu.net\/wordpress\/wp-json\/wp\/v2\/media\/135574"}],"wp:attachment":[{"href":"https:\/\/www.radiopiu.net\/wordpress\/wp-json\/wp\/v2\/media?parent=384526"}],"wp:term":[{"taxonomy":"category","embeddable":true,"href":"https:\/\/www.radiopiu.net\/wordpress\/wp-json\/wp\/v2\/categories?post=384526"},{"taxonomy":"post_tag","embeddable":true,"href":"https:\/\/www.radiopiu.net\/wordpress\/wp-json\/wp\/v2\/tags?post=384526"}],"curies":[{"name":"wp","href":"https:\/\/api.w.org\/{rel}","templated":true}]}}