{"id":384540,"date":"2024-04-11T11:39:27","date_gmt":"2024-04-11T09:39:27","guid":{"rendered":"https:\/\/www.radiopiu.net\/wordpress\/?p=384540"},"modified":"2024-04-11T15:08:31","modified_gmt":"2024-04-11T13:08:31","slug":"dillo-a-radio-piu-il-guard-rail-della-strada-che-porta-a-soccol-e-ancora-a-terra","status":"publish","type":"post","link":"https:\/\/www.radiopiu.net\/wordpress\/dillo-a-radio-piu-il-guard-rail-della-strada-che-porta-a-soccol-e-ancora-a-terra\/","title":{"rendered":"DILLO A RADIO PIU&#8217;&#8230;IL GUARD RAIL DELLA STRADA CHE PORTA A SOCCOL E&#8217; ANCORA A TERRA"},"content":{"rendered":"<p>*****<\/p>\n<p>&nbsp;<\/p>\n<p><a class=\"dt-pswp-item\" href=\"https:\/\/www.radiopiu.net\/wordpress\/wp-content\/uploads\/2024\/04\/SCR-20240411-knhh.jpeg\" data-dt-img-description=\"Screenshot\" data-large_image_width=\"1582\" data-large_image_height=\"920\"><img loading=\"lazy\" decoding=\"async\" class=\"wp-image-384544 alignleft\" src=\"https:\/\/www.radiopiu.net\/wordpress\/wp-content\/uploads\/2024\/04\/SCR-20240411-knhh-300x174.jpeg\" alt=\"\" width=\"236\" height=\"137\" srcset=\"https:\/\/www.radiopiu.net\/wordpress\/wp-content\/uploads\/2024\/04\/SCR-20240411-knhh-300x174.jpeg 300w, https:\/\/www.radiopiu.net\/wordpress\/wp-content\/uploads\/2024\/04\/SCR-20240411-knhh-1024x595.jpeg 1024w, https:\/\/www.radiopiu.net\/wordpress\/wp-content\/uploads\/2024\/04\/SCR-20240411-knhh-768x447.jpeg 768w, https:\/\/www.radiopiu.net\/wordpress\/wp-content\/uploads\/2024\/04\/SCR-20240411-knhh-1536x893.jpeg 1536w, https:\/\/www.radiopiu.net\/wordpress\/wp-content\/uploads\/2024\/04\/SCR-20240411-knhh.jpeg 1582w\" sizes=\"auto, (max-width: 236px) 100vw, 236px\" \/><\/a><strong>RICEVIAMO E PUBBLICHIAMO<\/strong><\/p>\n<p>Ormai \u00e8 passato un altro mese dalla mia ultima mail, riguardante il pericolo dell&#8217;assenza del guard rail sul curvone per andare a Campedel e Soccol. In data 25 Marzo 2024, durante la riunione fatta in Comune per i lavori che si terranno a Soccol, il problema \u00e8 stato ribadito; la risposta \u00e8 stata che nel giro di una settimana si sarebbe risolto con un intervento. Nonostante ci\u00f2 ad oggi il guardrail non c&#8217;\u00e8, come se non bastasse sono spuntate delle simpatiche buche prima del curvone, un pericolo per chi scende. Sar\u00e0 ora di sistemare un po &#8216; tutto?<\/p>\n<h2><span style=\"color: #ff0000;\"><strong>L&#8217;ARTICOLO PRECEDENTE<\/strong><\/span><\/h2>\n<blockquote>\n<h3>TAIBON: INSICUREZZA SULLE STRADE COMUNALI, DA MESI PERICOLO IN AGGUATO<\/h3>\n<\/blockquote>\n<p><strong>REDAZIONE<\/strong>\u00a0 Perch\u00e9 il guard rail del tornate sulla strada che porta a Campedel &#8211; Soccol non \u00e8 mai pi\u00f9 stato sistemato? Se lo chiedono gli abitanti di Taibon, da diversi mesi. Era novembre 2023 quando \u00e8 &#8220;scomparso&#8221;, gli stessi abitanti erano certi che in pochi giorni sarebbe stato sistemato e rimesso al suo posto per la sicurezza degli automobilisti, ma non \u00e8 successo. Forse prima delle prossime elezioni&#8230;o dopo se ci penseranno gli altri, sindaco o commissario prefettizio.<\/p>\n<p>&nbsp;<\/p>\n<p>&nbsp;<\/p>\n<p>********<\/p>\n","protected":false},"excerpt":{"rendered":"<p>***** &nbsp; RICEVIAMO E PUBBLICHIAMO Ormai \u00e8 passato un altro mese dalla mia ultima mail, riguardante il pericolo dell&#8217;assenza del guard rail sul curvone per andare a Campedel e Soccol. In data 25 Marzo 2024, durante la riunione fatta in Comune per i lavori che si terranno a Soccol, il problema \u00e8 stato ribadito; la&hellip;<\/p>\n","protected":false},"author":4,"featured_media":384544,"comment_status":"closed","ping_status":"closed","sticky":false,"template":"","format":"standard","meta":{"_monsterinsights_skip_tracking":false,"_monsterinsights_sitenote_active":false,"_monsterinsights_sitenote_note":"","_monsterinsights_sitenote_category":0,"footnotes":""},"categories":[49],"tags":[],"class_list":["post-384540","post","type-post","status-publish","format-standard","has-post-thumbnail","hentry","category-news-18","category-49","description-off"],"img_url":"https:\/\/www.radiopiu.net\/wordpress\/wp-content\/uploads\/2024\/04\/SCR-20240411-knhh.jpeg","_links":{"self":[{"href":"https:\/\/www.radiopiu.net\/wordpress\/wp-json\/wp\/v2\/posts\/384540","targetHints":{"allow":["GET"]}}],"collection":[{"href":"https:\/\/www.radiopiu.net\/wordpress\/wp-json\/wp\/v2\/posts"}],"about":[{"href":"https:\/\/www.radiopiu.net\/wordpress\/wp-json\/wp\/v2\/types\/post"}],"author":[{"embeddable":true,"href":"https:\/\/www.radiopiu.net\/wordpress\/wp-json\/wp\/v2\/users\/4"}],"replies":[{"embeddable":true,"href":"https:\/\/www.radiopiu.net\/wordpress\/wp-json\/wp\/v2\/comments?post=384540"}],"version-history":[{"count":0,"href":"https:\/\/www.radiopiu.net\/wordpress\/wp-json\/wp\/v2\/posts\/384540\/revisions"}],"wp:featuredmedia":[{"embeddable":true,"href":"https:\/\/www.radiopiu.net\/wordpress\/wp-json\/wp\/v2\/media\/384544"}],"wp:attachment":[{"href":"https:\/\/www.radiopiu.net\/wordpress\/wp-json\/wp\/v2\/media?parent=384540"}],"wp:term":[{"taxonomy":"category","embeddable":true,"href":"https:\/\/www.radiopiu.net\/wordpress\/wp-json\/wp\/v2\/categories?post=384540"},{"taxonomy":"post_tag","embeddable":true,"href":"https:\/\/www.radiopiu.net\/wordpress\/wp-json\/wp\/v2\/tags?post=384540"}],"curies":[{"name":"wp","href":"https:\/\/api.w.org\/{rel}","templated":true}]}}