{"id":384588,"date":"2024-04-13T05:54:22","date_gmt":"2024-04-13T03:54:22","guid":{"rendered":"https:\/\/www.radiopiu.net\/wordpress\/?p=384588"},"modified":"2024-04-13T08:18:42","modified_gmt":"2024-04-13T06:18:42","slug":"giornale-radiopiu-13-aprile-2024-direttore-mirko-mezzacasada-40-anni-25-giugno-1983-25-giugno-2023","status":"publish","type":"post","link":"https:\/\/www.radiopiu.net\/wordpress\/giornale-radiopiu-13-aprile-2024-direttore-mirko-mezzacasada-40-anni-25-giugno-1983-25-giugno-2023\/","title":{"rendered":"GIORNALE RADIOPIU 13 APRILE 2024 DIRETTORE MIRKO MEZZACASA\u2026DA 40 ANNI 25 GIUGNO 1983-25 GIUGNO 2023"},"content":{"rendered":"<p>*******<\/p>\n<p>&nbsp;<\/p>\n<h3><a href=\"https:\/\/www.radiopiu.net\/wordpress\/giornale-radiopiu-24-gennaio-2021-direttore-mirko-mezzacasa\/141433770_171616291414874_2957460898102012198_n\/\" rel=\"attachment wp-att-186566\"><img loading=\"lazy\" decoding=\"async\" class=\"wp-image-186566 alignleft\" src=\"https:\/\/www.radiopiu.net\/wordpress\/wp-content\/uploads\/2021\/01\/141433770_171616291414874_2957460898102012198_n-300x300.jpg\" alt=\"\" width=\"144\" height=\"144\" srcset=\"https:\/\/www.radiopiu.net\/wordpress\/wp-content\/uploads\/2021\/01\/141433770_171616291414874_2957460898102012198_n-300x300.jpg 300w, https:\/\/www.radiopiu.net\/wordpress\/wp-content\/uploads\/2021\/01\/141433770_171616291414874_2957460898102012198_n-150x150.jpg 150w, https:\/\/www.radiopiu.net\/wordpress\/wp-content\/uploads\/2021\/01\/141433770_171616291414874_2957460898102012198_n-768x768.jpg 768w, https:\/\/www.radiopiu.net\/wordpress\/wp-content\/uploads\/2021\/01\/141433770_171616291414874_2957460898102012198_n.jpg 800w\" sizes=\"auto, (max-width: 144px) 100vw, 144px\" \/><\/a>PER<strong> RICEVERE QUESTO NOTIZIARIO DIRETTAMENTE SUL TUO CELLULARE ISCRIVITI AL CANALE TELEGRAM <\/strong><strong>\u201cRADIO PIU\u00a0 INFORMAZIONE&#8221;\u00a0<\/strong><\/h3>\n<h3>\u00a0il CANALE TELEGRAM&#8230; UNISCITI A: RADIO PIU INFORMAZIONE<\/h3>\n<p>&nbsp;<\/p>\n<p>&nbsp;<\/p>\n<p><em><a href=\"https:\/\/www.radiopiu.net\/wordpress\/giornale-radiopiu-24-gennaio-2021-direttore-mirko-mezzacasa\/79216601_126817312416448_708980208774483089_n\/\" rel=\"attachment wp-att-186567\"><img loading=\"lazy\" decoding=\"async\" class=\"size-medium wp-image-186567 alignright\" src=\"https:\/\/www.radiopiu.net\/wordpress\/wp-content\/uploads\/2021\/01\/79216601_126817312416448_708980208774483089_n-300x114.jpg\" alt=\"\" width=\"300\" height=\"114\" srcset=\"https:\/\/www.radiopiu.net\/wordpress\/wp-content\/uploads\/2021\/01\/79216601_126817312416448_708980208774483089_n-300x114.jpg 300w, https:\/\/www.radiopiu.net\/wordpress\/wp-content\/uploads\/2021\/01\/79216601_126817312416448_708980208774483089_n-768x292.jpg 768w, https:\/\/www.radiopiu.net\/wordpress\/wp-content\/uploads\/2021\/01\/79216601_126817312416448_708980208774483089_n.jpg 820w\" sizes=\"auto, (max-width: 300px) 100vw, 300px\" \/><\/a><span style=\"color: #ff0000;\">ATTENZIONE: LA NUOVA APP PER IOS-IPHONE di Nicola Vettorello <\/span><\/em><a href=\"https:\/\/apps.apple.com\/it\/app\/radio-pi%C3%B9-emittente-agordina\/id1515939845\">https:\/\/apps.apple.com\/it\/app\/radio-pi%C3%B9-emittente-agordina\/id1515939845<\/a><\/p>\n<p><em style=\"color: #ff0000;\">ATTENZIONE: LA NUOVA APP RADIO\u00a0 PER ANDROID di Nicola Vettorello<\/em><\/p>\n<p><a href=\"https:\/\/play.google.com\/store\/apps\/details?id=net.radiopiu.iniko\" target=\"_blank\" rel=\"noopener noreferrer\">https:\/\/play.google.com\/store\/apps\/details?id=net.radiopiu.iniko\u00a0\u00a0<\/a><\/p>\n<p>&nbsp;<\/p>\n<h3 class=\"kvgmc6g5 cxmmr5t8 oygrvhab hcukyx3x c1et5uql\"><\/h3>\n<div data-block=\"true\" data-editor=\"avj4u\" data-offset-key=\"d3i0j-0-0\">\n<hr \/>\n<\/div>\n<p>&nbsp;<\/p>\n<blockquote>\n<h2>ACQUA INQUINATA A ROCCA PIETORE<\/h2>\n<\/blockquote>\n<p><strong>ROCCA PIETORE<\/strong> in localit\u00e0\u00a0 CARACOI CIMAI l&#8217;acqua erogata dall&#8217;acquedotto non \u00e8 potabile e pu\u00f2 essere usata per scopi alimentari SOLO PREVIA bollitura.<\/p>\n<p>&nbsp;<\/p>\n<div data-block=\"true\" data-editor=\"avj4u\" data-offset-key=\"d3i0j-0-0\">\n<blockquote>\n<h3>ACQUA DI NUOVO POTABILE A TAIBON, VOLTAGO E RIVAMONTE<\/h3>\n<\/blockquote>\n<p><strong>TAIBON <\/strong>\u00a0localit\u00e0 COL DE CARRERA\u00a0 <strong>VOLTAGO\u00a0<\/strong> localit\u00e0 BERTOI, FRASSENE\u2019, VILLA, VIA GIOA e in VIA STRUZ\u00a0 <strong>RIVAMONTE\u00a0<\/strong> VIA ROSSON CIVICO N. 25 e VIA VILLAGRANDE CIVICI N. 45 e 4A l&#8217;acqua erogata dall&#8217;acquedotto \u00e8 di nuovo potabile e pu\u00f2 essere usata, quindi, per scopi alimentari.<\/p>\n<p>&nbsp;<\/p>\n<p>&nbsp;<\/p>\n<hr \/>\n<p>&nbsp;<\/p>\n<\/div>\n<div data-block=\"true\" data-editor=\"avj4u\" data-offset-key=\"d3i0j-0-0\"><\/div>\n<p><span style=\"color: #ff0000;\"><strong><a class=\"dt-pswp-item\" href=\"https:\/\/www.radiopiu.net\/wordpress\/wp-content\/uploads\/2024\/04\/download.jpg\" data-dt-img-description=\"\" data-large_image_width=\"532\" data-large_image_height=\"672\"><img loading=\"lazy\" decoding=\"async\" class=\" wp-image-385252 alignleft\" src=\"https:\/\/www.radiopiu.net\/wordpress\/wp-content\/uploads\/2024\/04\/download-238x300.jpg\" alt=\"\" width=\"176\" height=\"222\" srcset=\"https:\/\/www.radiopiu.net\/wordpress\/wp-content\/uploads\/2024\/04\/download-238x300.jpg 238w, https:\/\/www.radiopiu.net\/wordpress\/wp-content\/uploads\/2024\/04\/download.jpg 532w\" sizes=\"auto, (max-width: 176px) 100vw, 176px\" \/><\/a>OGGI ALLA RADIO<\/strong><\/span>: <strong>ALLE 7.20<\/strong> EL BAR DEL FIOR, DETTI E TRADIZIONI DI GIULIANA DA RONCH; <strong>ALLE 8.20<\/strong>\u00a0 FINE SETTIMANA&#8230; MARINA C&#8217;E&#8217;\u00a0 <strong>ALLE 9.20 PREMIER LE NOVITA&#8217; CON MARCO GAZ ALLE 10.30 LA RASSEGNA STAMPA DA L&#8217;AMICO DEL POPOLO DI GIANNI SANTOMASO, OSPITE FABIO LUCHETTA SINDACO DI VALLADA AGORDINA ALLE 11 CUCINEMA CON LE PAZZERELLONE MARTINA E VALENTINA ALLE 12.30 IL GR PRINCIPALE ALLE 14 JACOPO, DJ JACK CON ELETTROCHOC ALLE 15 LA CLASSIFICA DI MARCO GAZ.\u00a0<\/strong><\/p>\n<p><span style=\"color: #0000ff;\">QUESTA SERA, RADIO PIU&#8217; SUI SOCIAL. CON FRANCESCO TOME&#8217; DIRETTA FACEBOOK, YOUTUBE, TELEGRAM DA TRICHIANA, IL CONCERTO DI MARCO V DAL FARRA.<\/span><br \/>\n<span style=\"color: #0000ff;\">QUESTA SERA RADIO PIU&#8217; E&#8217; IN PRIMIERO, PRESENTAZIONE DEL CONCERTO DEI COLLAGE (FOTO)\u00a0<\/span><\/p>\n<p>&nbsp;<\/p>\n<p>&nbsp;<\/p>\n<div class=\"x11i5rnm xat24cr x1mh8g0r x1vvkbs xtlvy1s x126k92a\">\n<div dir=\"auto\">\n<hr \/>\n<p>&nbsp;<\/p>\n<p>&nbsp;<\/p>\n<div class=\"x11i5rnm xat24cr x1mh8g0r x1vvkbs xtlvy1s x126k92a\">\n<div dir=\"auto\">\n<p><strong><a class=\"dt-pswp-item\" href=\"https:\/\/www.radiopiu.net\/wordpress\/wp-content\/uploads\/2024\/02\/2d44e751-d8a8-461b-8e22-d8e4e853b032.jpg\" data-dt-img-description=\"\" data-large_image_width=\"1600\" data-large_image_height=\"1200\"><img loading=\"lazy\" decoding=\"async\" class=\"wp-image-373307 alignleft\" src=\"https:\/\/www.radiopiu.net\/wordpress\/wp-content\/uploads\/2024\/02\/2d44e751-d8a8-461b-8e22-d8e4e853b032-300x225.jpg\" alt=\"\" width=\"105\" height=\"79\" srcset=\"https:\/\/www.radiopiu.net\/wordpress\/wp-content\/uploads\/2024\/02\/2d44e751-d8a8-461b-8e22-d8e4e853b032-300x225.jpg 300w, https:\/\/www.radiopiu.net\/wordpress\/wp-content\/uploads\/2024\/02\/2d44e751-d8a8-461b-8e22-d8e4e853b032-1024x768.jpg 1024w, https:\/\/www.radiopiu.net\/wordpress\/wp-content\/uploads\/2024\/02\/2d44e751-d8a8-461b-8e22-d8e4e853b032-768x576.jpg 768w, https:\/\/www.radiopiu.net\/wordpress\/wp-content\/uploads\/2024\/02\/2d44e751-d8a8-461b-8e22-d8e4e853b032-1536x1152.jpg 1536w, https:\/\/www.radiopiu.net\/wordpress\/wp-content\/uploads\/2024\/02\/2d44e751-d8a8-461b-8e22-d8e4e853b032.jpg 1600w\" sizes=\"auto, (max-width: 105px) 100vw, 105px\" \/><\/a>EL BAL DEL FIOR, DI GIULIANA DA RONCH, 13 APRILE 2024<\/strong><\/p>\n<\/div>\n<\/div>\n<\/div>\n<div dir=\"auto\">\n<audio class=\"wp-audio-shortcode\" id=\"audio-384588-1\" preload=\"none\" style=\"width: 100%;\" controls=\"controls\"><source type=\"audio\/mpeg\" src=\"https:\/\/www.radiopiu.net\/wordpress\/wp-content\/uploads\/2024\/04\/GSA.m4a?_=1\" \/><a href=\"https:\/\/www.radiopiu.net\/wordpress\/wp-content\/uploads\/2024\/04\/GSA.m4a\">https:\/\/www.radiopiu.net\/wordpress\/wp-content\/uploads\/2024\/04\/GSA.m4a<\/a><\/audio>\n<p>&nbsp;<\/p>\n<hr \/>\n<\/div>\n<\/div>\n<blockquote>\n<blockquote>\n<h1><span style=\"color: #ff0000;\">\u00a0<\/span><\/h1>\n<h1><span style=\"color: #ff0000;\">I podcast informativi del mattino &#8211; audio &#8211;\u00a0<\/span><\/h1>\n<\/blockquote>\n<p><strong><a class=\"dt-pswp-item\" href=\"https:\/\/www.radiopiu.net\/wordpress\/wp-content\/uploads\/2023\/11\/th-10.jpg\" data-dt-img-description=\"\" data-large_image_width=\"320\" data-large_image_height=\"180\"><img loading=\"lazy\" decoding=\"async\" class=\"wp-image-362866 alignleft\" src=\"https:\/\/www.radiopiu.net\/wordpress\/wp-content\/uploads\/2023\/11\/th-10-300x169.jpg\" alt=\"\" width=\"185\" height=\"104\" srcset=\"https:\/\/www.radiopiu.net\/wordpress\/wp-content\/uploads\/2023\/11\/th-10-300x169.jpg 300w, https:\/\/www.radiopiu.net\/wordpress\/wp-content\/uploads\/2023\/11\/th-10.jpg 320w\" sizes=\"auto, (max-width: 185px) 100vw, 185px\" \/><\/a>LA RASSEGNA STAMPA NAZIONALE ALLA RADIO, OGNI GIORNO ALLE 5 E ALLE 6 DEL MATTINO <span style=\"color: #0000ff;\">viene pubblicata alle 6.00 <span style=\"color: #ff0000;\">DIRETTA RADIO\u00a0 \u00a0\u00a0<\/span><\/span><\/strong><\/p>\n<p>&nbsp;<\/p>\n<p><strong>E&#8217; morto<\/strong> Roberto Cavalli nella sua casa di Firenze. <strong>L&#8217;Iran,<\/strong> la minaccia contro il nord di Israele, considerata credibile. <strong>Chiesto l&#8217;ergastolo<\/strong> per la mamma della bambina che ha patito sofferenze atroci. <strong>Sesso<\/strong> con alunna minorenne, sospesa a Pescara la docente di italiano. <strong>Tir in fiamme<\/strong> sull&#8217;A1, riapre l&#8217;Autosole.<\/p><\/blockquote>\n<h2>AUDIO dalle 7 del mattino<\/h2>\n<audio class=\"wp-audio-shortcode\" id=\"audio-384588-2\" preload=\"none\" style=\"width: 100%;\" controls=\"controls\"><source type=\"audio\/mpeg\" src=\"https:\/\/www.radiopiu.net\/wordpress\/wp-content\/uploads\/2024\/04\/GIORNALEDELLESEI-12.mp3?_=2\" \/><a href=\"https:\/\/www.radiopiu.net\/wordpress\/wp-content\/uploads\/2024\/04\/GIORNALEDELLESEI-12.mp3\">https:\/\/www.radiopiu.net\/wordpress\/wp-content\/uploads\/2024\/04\/GIORNALEDELLESEI-12.mp3<\/a><\/audio>\n<p>&nbsp;<\/p>\n<p>&nbsp;<\/p>\n<hr \/>\n<p>&nbsp;<\/p>\n<h1 style=\"text-align: center;\"><span style=\"color: #ff0000;\">I podcast informativi del mattino &#8211; audio &#8211;\u00a0<\/span><\/h1>\n<p><strong><a class=\"dt-pswp-item\" href=\"https:\/\/www.radiopiu.net\/wordpress\/wp-content\/uploads\/2023\/12\/images.png\" data-dt-img-description=\"\" data-large_image_width=\"316\" data-large_image_height=\"160\"><img loading=\"lazy\" decoding=\"async\" class=\"wp-image-367008 alignleft\" src=\"https:\/\/www.radiopiu.net\/wordpress\/wp-content\/uploads\/2023\/12\/images-300x152.png\" alt=\"\" width=\"235\" height=\"119\" srcset=\"https:\/\/www.radiopiu.net\/wordpress\/wp-content\/uploads\/2023\/12\/images-300x152.png 300w, https:\/\/www.radiopiu.net\/wordpress\/wp-content\/uploads\/2023\/12\/images.png 316w\" sizes=\"auto, (max-width: 235px) 100vw, 235px\" \/><\/a>OGNI GIORNO ALLE SETTE DEL MATTINO, LA RASSEGNA STAMPA LOCALE FLASH&#8230; PER CHI VA IN FRETTA. I TITOLI DAI GIORNALI E DAL SITO WWW.RADIOPIU.NET <span style=\"color: #0000ff;\">viene pubblicato alle 7.00<\/span> <span style=\"color: #ff0000;\">DIRETTA RADIO\u00a0<\/span><\/strong><\/p>\n<p><em><span style=\"color: #ff0000;\">per chi va in fretta&#8230; tante notizie in pochi minuti. L&#8217;informazione locale alla radio, ogni ora dalle 7 del mattino alle 19 della sera.\u00a0 \u00a0 \u00a0 \u00a0<\/span><\/em><\/p>\n<p>&nbsp;<\/p>\n<p><strong>ACQUA<\/strong> INQUINATA A ROCCA PIETORE localita&#8217; CARACOI<br \/>\n<strong>ACQUA<\/strong> DI NUOVO POTABILE A TAIBON, VOLTAGO E RIVAMONTE<br \/>\n<strong>DA LUNEDI<\/strong> SP 251 DELLA VAL DI ZOLDO E CELLINA CHIUSA PER UN MESE A COLLE SANTA LUCIA<br \/>\nBELLUNO Ieri alle 15, i vigili del fuoco sono intervenuti in Via Monte Grappa a Belluno per un incidente tra uno scooter e un\u2019auto: due feriti, il pi\u00f9 grave un limanese di 65 anni. I pompieri arrivati dalla centrale, hanno messo in sicurezza i mezzi, mentre i due feriti erano gi\u00e0 stati assistiti dal personale del Suem e trasferiti in pronto soccorso per dei controlli. Le operazioni di soccorso dei vigili del fuoco sono terminate dopo circa un\u2019ora con la messa in sicurezza dell\u2019area.<br \/>\n<strong>BELLUNO<\/strong> &#8220;Vandalismo a Via Mezzaterra: Automobilisti sotto Attacco&#8221; &#8211; Segni di danneggiamento su numerose auto parcheggiate in via Mezzaterra, causati da vandalismi con un chiodo. Un autore \u00e8 stato colto sul fatto, scatenando l&#8217;intervento delle forze dell&#8217;ordine e l&#8217;indignazione della comunit\u00e0 sui social, che chiede sanzioni severe.<br \/>\n<strong>SANTA GIUSTINA<\/strong> &#8220;Abuso Edilizio a Piovena: Altana Abusiva Dovr\u00e0 Essere Demolita su Ordine del Comune&#8221;<br \/>\n<strong>LIMANA<\/strong> &#8220;Furto a Sampoi: Sparite Fedi Nuziali e Contanti&#8221;<br \/>\nDOPO AGORDO ANCHE PIEVE DI CADORE, LO SPISAL ALL&#8217;UFFICIO POSTALE<br \/>\n<strong>VALANGA<\/strong> DI MISURINA, LA PROCURA ARCHIVIA. ENIGMA SU ATTENDIBILITA\u2019 BOLLETTINI<br \/>\n<strong>VALLADA<\/strong> Per gli amanti del ciclismo il consiglio di non avventurarsi sulla ciclabile che da Cencenighe sale a Falcade, \u00e8 interrotta. Gi\u00e0 al ponte dopo la bella strada che costeggia la ex galleria delle Anime l&#8217;invito a non continuare A RADIO PIU&#8230; IL TEMA E&#8217; STATO TRATTATO SPESSO, L&#8217;ULTIMO ARTICOLO RISALE AL 25 MARZO&#8230; LO RIPROPONIAMO<\/p>\n<h2>AUDIO dalle 7 del mattino<\/h2>\n<audio class=\"wp-audio-shortcode\" id=\"audio-384588-3\" preload=\"none\" style=\"width: 100%;\" controls=\"controls\"><source type=\"audio\/mpeg\" src=\"https:\/\/www.radiopiu.net\/wordpress\/wp-content\/uploads\/2024\/04\/GF07-10.mp3?_=3\" \/><a href=\"https:\/\/www.radiopiu.net\/wordpress\/wp-content\/uploads\/2024\/04\/GF07-10.mp3\">https:\/\/www.radiopiu.net\/wordpress\/wp-content\/uploads\/2024\/04\/GF07-10.mp3<\/a><\/audio>\n<p>&nbsp;<\/p>\n<p>&nbsp;<\/p>\n<p>&nbsp;<\/p>\n<hr \/>\n<p>&nbsp;<\/p>\n<h1><\/h1>\n<h1 style=\"text-align: center;\"><span style=\"color: #ff0000;\"><a class=\"dt-pswp-item\" href=\"https:\/\/www.radiopiu.net\/wordpress\/wp-content\/uploads\/2022\/01\/026c3f9d-dae9-4040-a3c1-a6530231bcc3.jpg\" data-dt-img-description=\"\" data-large_image_width=\"1152\" data-large_image_height=\"2048\"><img loading=\"lazy\" decoding=\"async\" class=\"wp-image-251839 alignleft\" src=\"https:\/\/www.radiopiu.net\/wordpress\/wp-content\/uploads\/2022\/01\/026c3f9d-dae9-4040-a3c1-a6530231bcc3-169x300.jpg\" alt=\"\" width=\"100\" height=\"177\" srcset=\"https:\/\/www.radiopiu.net\/wordpress\/wp-content\/uploads\/2022\/01\/026c3f9d-dae9-4040-a3c1-a6530231bcc3-169x300.jpg 169w, https:\/\/www.radiopiu.net\/wordpress\/wp-content\/uploads\/2022\/01\/026c3f9d-dae9-4040-a3c1-a6530231bcc3-576x1024.jpg 576w, https:\/\/www.radiopiu.net\/wordpress\/wp-content\/uploads\/2022\/01\/026c3f9d-dae9-4040-a3c1-a6530231bcc3-768x1365.jpg 768w, https:\/\/www.radiopiu.net\/wordpress\/wp-content\/uploads\/2022\/01\/026c3f9d-dae9-4040-a3c1-a6530231bcc3-864x1536.jpg 864w, https:\/\/www.radiopiu.net\/wordpress\/wp-content\/uploads\/2022\/01\/026c3f9d-dae9-4040-a3c1-a6530231bcc3.jpg 1152w\" sizes=\"auto, (max-width: 100px) 100vw, 100px\" \/><\/a>I podcast informativi del mattino &#8211; audio &#8211;\u00a0<\/span><\/h1>\n<blockquote><p><strong>GIORNALE RADIO NAZIONALE, EDIZIONE DELLE SETTE <span style=\"color: #0000ff;\">viene pubblicato alle 7.05 <span style=\"color: #ff0000;\">DIRETTA RADIO\u00a0<\/span><\/span><\/strong><\/p><\/blockquote>\n<p><strong>il giornale radionazionale e&#8217; in onda ogni ora, dalle sette del mattino alle venti della sera\u00a0\u00a0<\/strong><\/p>\n<p>&nbsp;<\/p>\n<p><strong>Guerra,<\/strong> l&#8217;ultimo appello dall&#8217;America. Iran, attacco imminente, Biden &#8220;vi difenderemo&#8221;. <strong>Ucraina,<\/strong> Gli Stati Uniti emettono nuovi divieti sulle esportazioni, colpite le infrastruture energetiche. <strong>Biella<\/strong> Pozzolo unico indagato per lo sparo nella notte di capodanno. E&#8217; morto lo stilista <strong>Cavalli,<\/strong> lascia 6 figlio, il pi\u00f9 piccolo di un anno.<\/p>\n<h2>AUDIO dalle sette del mattino, ogni ora alla radio<\/h2>\n<audio class=\"wp-audio-shortcode\" id=\"audio-384588-4\" preload=\"none\" style=\"width: 100%;\" controls=\"controls\"><source type=\"audio\/mpeg\" src=\"https:\/\/www.radiopiu.net\/wordpress\/wp-content\/uploads\/2024\/04\/giornale07-12.mp3?_=4\" \/><a href=\"https:\/\/www.radiopiu.net\/wordpress\/wp-content\/uploads\/2024\/04\/giornale07-12.mp3\">https:\/\/www.radiopiu.net\/wordpress\/wp-content\/uploads\/2024\/04\/giornale07-12.mp3<\/a><\/audio>\n<p>&nbsp;<\/p>\n<p>&nbsp;<\/p>\n<hr \/>\n<p>&nbsp;<\/p>\n<p>&nbsp;<\/p>\n<h1><span style=\"color: #ff0000;\">I podcast informativi del mattino &#8211; video &#8211;\u00a0<\/span><\/h1>\n<h2><strong><a class=\"dt-pswp-item\" href=\"https:\/\/www.radiopiu.net\/wordpress\/wp-content\/uploads\/2023\/12\/th-10.jpg\" data-dt-img-description=\"\" data-large_image_width=\"245\" data-large_image_height=\"180\"><img loading=\"lazy\" decoding=\"async\" class=\" wp-image-367395 alignleft\" src=\"https:\/\/www.radiopiu.net\/wordpress\/wp-content\/uploads\/2023\/12\/th-10.jpg\" alt=\"\" width=\"166\" height=\"122\" \/><\/a>RASSEGNA STAMPA LOCALE, ORE OTTO 05<\/strong><\/h2>\n<h2><strong> <span style=\"color: #0000ff;\">viene\u00a0 <\/span><\/strong><strong><span style=\"color: #0000ff;\">pubblicata alle 8.05 <span style=\"color: #ff0000;\">DIRETTA RADIO\u00a0\u00a0<\/span><\/span><\/strong><\/h2>\n<p><strong>DI MIRKO MEZZACASA\u00a0 \u00a0<\/strong><\/p>\n<p>&nbsp;<\/p>\n<p>&nbsp;<\/p>\n<p><strong>FALEGNAMERIA<\/strong> HERMANN: LA NUMERO UNO! L&#8217;azienda, celebrando i suoi 20 anni di attivit\u00e0, emerge come esempio di successo per altre piccole e medie imprese del Bellunese.<br \/>\n<strong>CASERTA<\/strong> UN ALTRO RICONOSCIMENTO PER LA TATUATRICE BELLUNESE, CATERINA MOLIN, PRIMA ALLA CONVENTION DI CASERTA<br \/>\n<strong>CANALE D&#8217;AGORDO<\/strong> DON DELLA LUCIA E PAPA LUCIANI NELLA RASSEGNA ESTIVA DEL MUSAL<br \/>\n<strong>LONGARONE<\/strong> OGGI Inaugurazione di &#8220;Caccia, pesca, natura 2024&#8221; con l&#8217;assessore regionale Cristiano Corazzari<br \/>\nFONDO COMUNI CONFINANTI CONTRIBUTO DA 1 MILIONE DI EURO<br \/>\n<strong>BELLUNO<\/strong> LA CONSIGLIERA PROVINCIALE DI PARITA&#8217; INVITA AD UN DIBATTITO POLITICO CORRETTO<br \/>\n<strong>FELTRE<\/strong> I LIBRI SAPIENZA PARLANO: PRESENTE ANCHE IL CENTRO INTERNAZIONALE DEL LIBRO PARLATO DI FELTRE<br \/>\n<strong>BELLUNO<\/strong> &#8220;Successo degli Screening: Un Importante Passo verso la Salute Pubblica&#8221;<br \/>\nIL PARCO NAZIONALE DOLOMITI BELLUNESI PRESENTA IL NUOVO VOLUME DEI QUADERNI DEL MUSEO NATURALISTICO<br \/>\n<strong>SABATO<\/strong> 20 APRILE LA GIORNATA DELLA RIPARAZIONE, DEL RICICLO E DEL RIUSO<\/p>\n<h2>CLICCA QUI: <a href=\"https:\/\/www.facebook.com\/radiopiu\/videos\/807716861212334\"><strong>VIDEO\u00a0 \u00a0in diretta dalle 8 del mattino<\/strong><\/a><\/h2>\n<h1><span style=\"color: #0000ff;\"><strong><a style=\"color: #0000ff;\" href=\"https:\/\/www.facebook.com\/radiopiu\/videos\/2758070701017097\">seconda parte<\/a><\/strong><\/span><\/h1>\n<p>&nbsp;<\/p>\n\n\t\t\t<style type='text\/css'>\n\t\t\t\t#gallery-1 {\n\t\t\t\t\tmargin: auto;\n\t\t\t\t}\n\t\t\t\t#gallery-1 .gallery-item {\n\t\t\t\t\tfloat: left;\n\t\t\t\t\tmargin-top: 10px;\n\t\t\t\t\ttext-align: center;\n\t\t\t\t\twidth: 50%;\n\t\t\t\t}\n\t\t\t\t#gallery-1 img {\n\t\t\t\t\tborder: 2px solid #cfcfcf;\n\t\t\t\t}\n\t\t\t\t#gallery-1 .gallery-caption {\n\t\t\t\t\tmargin-left: 0;\n\t\t\t\t}\n\t\t\t\t\/* see gallery_shortcode() in wp-includes\/media.php *\/\n\t\t\t<\/style>\n\t\t<div id='gallery-1' class='dt-gallery-container gallery galleryid-384588 gallery-columns-2 gallery-size-medium'><dl class='gallery-item'>\n\t\t\t\t<dt class='gallery-icon landscape'>\n\t\t\t\t\t<a class=\"rollover rollover-zoom dt-pswp-item\" title=\"copertina\" data-dt-img-description=\"\" data-large_image_width=\"356\" data-large_image_height=\"170\"href='https:\/\/www.radiopiu.net\/wordpress\/wp-content\/uploads\/2024\/04\/copertina-2.png'><img loading=\"lazy\" decoding=\"async\" width=\"300\" height=\"143\" src=\"https:\/\/www.radiopiu.net\/wordpress\/wp-content\/uploads\/2024\/04\/copertina-2-300x143.png\" class=\"attachment-medium size-medium\" alt=\"\" srcset=\"https:\/\/www.radiopiu.net\/wordpress\/wp-content\/uploads\/2024\/04\/copertina-2-300x143.png 300w, https:\/\/www.radiopiu.net\/wordpress\/wp-content\/uploads\/2024\/04\/copertina-2.png 356w\" sizes=\"auto, (max-width: 300px) 100vw, 300px\" \/><\/a>\n\t\t\t\t<\/dt><\/dl><dl class='gallery-item'>\n\t\t\t\t<dt class='gallery-icon landscape'>\n\t\t\t\t\t<a class=\"rollover rollover-zoom dt-pswp-item\" title=\"Senza nome\" data-dt-img-description=\"\" data-large_image_width=\"383\" data-large_image_height=\"211\"href='https:\/\/www.radiopiu.net\/wordpress\/wp-content\/uploads\/2024\/04\/Senza-nome-20.png'><img loading=\"lazy\" decoding=\"async\" width=\"300\" height=\"165\" src=\"https:\/\/www.radiopiu.net\/wordpress\/wp-content\/uploads\/2024\/04\/Senza-nome-20-300x165.png\" class=\"attachment-medium size-medium\" alt=\"\" srcset=\"https:\/\/www.radiopiu.net\/wordpress\/wp-content\/uploads\/2024\/04\/Senza-nome-20-300x165.png 300w, https:\/\/www.radiopiu.net\/wordpress\/wp-content\/uploads\/2024\/04\/Senza-nome-20.png 383w\" sizes=\"auto, (max-width: 300px) 100vw, 300px\" \/><\/a>\n\t\t\t\t<\/dt><\/dl><br style=\"clear: both\" \/>\n\t\t\t<\/div>\n\n<p>&nbsp;<\/p>\n<p>&nbsp;<\/p>\n<p>&nbsp;<\/p>\n<hr \/>\n<p><strong>\u00a0 \u00a0<\/strong><\/p>\n<blockquote>\n<h3>SP 251 DELLA VAL DI ZOLDO E CELLINA CHIUSA PER UN MESE A COLLE SANTA LUCIA<\/h3>\n<\/blockquote>\n<p><strong>REDAZIONE<\/strong> Veneto Strade comunica che la SP 251 della Val di Zoldo e Cellina verr\u00e0 chiusa per quasi un mese. Il tratto stradale tra il bivio di Rucav\u00e0 e il bivio di Colcuc in comune di Colle Santa Lucia \u00e8 interessato da lavori, pertanto dal 15 aprile al 10 maggio il tratto sar\u00e0 interdetto alla circolazione stradale, sabati domeniche e festivi compresi.<\/p>\n<p>&nbsp;<\/p>\n<p>&nbsp;<\/p>\n<blockquote>\n<h3>FALCO IN TRASFERTA AD ONIGO<\/h3>\n<\/blockquote>\n<p><img loading=\"lazy\" decoding=\"async\" class=\"alignleft\" src=\"https:\/\/www.radiopiu.net\/wordpress\/wp-content\/uploads\/2023\/09\/447b5398-6730-4e17-aafb-a19aec8341de.jpg\" width=\"121\" height=\"56\" \/><strong>REDAZIONE<\/strong>\u00a0 Due gli interventi principali degli uomini e donne del Suem118. L&#8217;equipaggio di Falco ieri mattina \u00e8 sceso in terra trevigiana, ad Onigo, per soccorrere un uomo (generalit\u00e0 non note) in seguito ad un grave incidente stradale. Gravissima anche la vittima trasferita al <strong>C\u00e0 Foncello<\/strong> di treviso.<br \/>\nL&#8217;ambulanza del <strong>San Martino<\/strong> \u00e8 invece corsa sirene spiegate in citt\u00e0 per un incidente stradale che ha coinvolto un 65 enne limanese portato al San Martino con ferite di media gravit\u00e0.<\/p>\n<p>&nbsp;<\/p>\n<hr \/>\n<p>&nbsp;<\/p>\n<blockquote>\n<h3>BELLUNO, INCIDENTE AUTO SCOOTER: DUE FERITI<\/h3>\n<\/blockquote>\n<p><strong>BELLUNO<\/strong> Ieri alle 15, i vigili del fuoco sono intervenuti in Via Monte Grappa a Belluno per un incidente tra uno scooter e un\u2019auto: due feriti, il pi\u00f9 grave un limanese di 65 anni. I pompieri arrivati dalla centrale, hanno messo in sicurezza i mezzi, mentre i due feriti erano gi\u00e0 stati assistiti dal personale del Suem e trasferiti in pronto soccorso per dei controlli. Le operazioni di soccorso dei vigili del fuoco sono terminate dopo circa un\u2019ora con la messa in sicurezza dell\u2019area.<\/p>\n\n\t\t\t<style type='text\/css'>\n\t\t\t\t#gallery-2 {\n\t\t\t\t\tmargin: auto;\n\t\t\t\t}\n\t\t\t\t#gallery-2 .gallery-item {\n\t\t\t\t\tfloat: left;\n\t\t\t\t\tmargin-top: 10px;\n\t\t\t\t\ttext-align: center;\n\t\t\t\t\twidth: 50%;\n\t\t\t\t}\n\t\t\t\t#gallery-2 img {\n\t\t\t\t\tborder: 2px solid #cfcfcf;\n\t\t\t\t}\n\t\t\t\t#gallery-2 .gallery-caption {\n\t\t\t\t\tmargin-left: 0;\n\t\t\t\t}\n\t\t\t\t\/* see gallery_shortcode() in wp-includes\/media.php *\/\n\t\t\t<\/style>\n\t\t<div id='gallery-2' class='dt-gallery-container gallery galleryid-384588 gallery-columns-2 gallery-size-thumbnail'><dl class='gallery-item'>\n\t\t\t\t<dt class='gallery-icon landscape'>\n\t\t\t\t\t<a class=\"rollover rollover-zoom dt-pswp-item\" title=\"ae3296bd-d01d-47eb-bead-1150f5c5eee9\" data-dt-img-description=\"\" data-large_image_width=\"720\" data-large_image_height=\"540\"href='https:\/\/www.radiopiu.net\/wordpress\/wp-content\/uploads\/2024\/04\/ae3296bd-d01d-47eb-bead-1150f5c5eee9.jpeg'><img loading=\"lazy\" decoding=\"async\" width=\"150\" height=\"150\" src=\"https:\/\/www.radiopiu.net\/wordpress\/wp-content\/uploads\/2024\/04\/ae3296bd-d01d-47eb-bead-1150f5c5eee9-150x150.jpeg\" class=\"attachment-thumbnail size-thumbnail\" alt=\"\" \/><\/a>\n\t\t\t\t<\/dt><\/dl><dl class='gallery-item'>\n\t\t\t\t<dt class='gallery-icon landscape'>\n\t\t\t\t\t<a class=\"rollover rollover-zoom dt-pswp-item\" title=\"0ef5dfd0-3e51-48b4-9b1c-45b72e2fd292\" data-dt-img-description=\"\" data-large_image_width=\"720\" data-large_image_height=\"404\"href='https:\/\/www.radiopiu.net\/wordpress\/wp-content\/uploads\/2024\/04\/0ef5dfd0-3e51-48b4-9b1c-45b72e2fd292.jpeg'><img loading=\"lazy\" decoding=\"async\" width=\"150\" height=\"150\" src=\"https:\/\/www.radiopiu.net\/wordpress\/wp-content\/uploads\/2024\/04\/0ef5dfd0-3e51-48b4-9b1c-45b72e2fd292-150x150.jpeg\" class=\"attachment-thumbnail size-thumbnail\" alt=\"\" \/><\/a>\n\t\t\t\t<\/dt><\/dl><br style=\"clear: both\" \/>\n\t\t\t<\/div>\n\n<p>&nbsp;<\/p>\n<hr \/>\n<p>&nbsp;<\/p>\n<div class=\"flex-1 overflow-hidden\">\n<div class=\"react-scroll-to-bottom--css-trdmf-79elbk h-full\">\n<div class=\"react-scroll-to-bottom--css-trdmf-1n7m0yu\">\n<div class=\"flex flex-col text-sm pb-9\">\n<div class=\"w-full text-token-text-primary\" dir=\"auto\" data-testid=\"conversation-turn-15\">\n<div class=\"px-4 py-2 justify-center text-base md:gap-6 m-auto\">\n<div class=\"flex flex-1 text-base mx-auto gap-3 juice:gap-4 juice:md:gap-6 md:px-5 lg:px-1 xl:px-5 md:max-w-3xl lg:max-w-[40rem] xl:max-w-[48rem] group final-completion\">\n<div class=\"relative flex w-full flex-col agent-turn\">\n<div class=\"flex-col gap-1 md:gap-3\">\n<div class=\"flex flex-grow flex-col max-w-full\">\n<div class=\"min-h-[20px] text-message flex flex-col items-start gap-3 whitespace-pre-wrap break-words [.text-message+&amp;]:mt-5 overflow-x-auto\" dir=\"auto\" data-message-author-role=\"assistant\" data-message-id=\"36c64f92-3e45-4a4c-ba06-00da5749aafd\">\n<div class=\"markdown prose w-full break-words dark:prose-invert dark\">\n<blockquote>\n<h3><a class=\"dt-pswp-item\" href=\"https:\/\/www.radiopiu.net\/wordpress\/wp-content\/uploads\/2022\/07\/auto_rigata-2-2.jpg\" data-dt-img-description=\"\" data-large_image_width=\"1000\" data-large_image_height=\"563\"><img loading=\"lazy\" decoding=\"async\" class=\"wp-image-286641 alignleft\" src=\"https:\/\/www.radiopiu.net\/wordpress\/wp-content\/uploads\/2022\/07\/auto_rigata-2-2-300x169.jpg\" alt=\"\" width=\"188\" height=\"106\" srcset=\"https:\/\/www.radiopiu.net\/wordpress\/wp-content\/uploads\/2022\/07\/auto_rigata-2-2-300x169.jpg 300w, https:\/\/www.radiopiu.net\/wordpress\/wp-content\/uploads\/2022\/07\/auto_rigata-2-2-768x432.jpg 768w, https:\/\/www.radiopiu.net\/wordpress\/wp-content\/uploads\/2022\/07\/auto_rigata-2-2.jpg 1000w\" sizes=\"auto, (max-width: 188px) 100vw, 188px\" \/><\/a>Vandalismo a Via Mezzaterra, la storia si ripete<\/h3>\n<\/blockquote>\n<\/div>\n<\/div>\n<\/div>\n<\/div>\n<\/div>\n<\/div>\n<\/div>\n<\/div>\n<\/div>\n<\/div>\n<\/div>\n<\/div>\n<div class=\"flex-1 overflow-hidden\">\n<div class=\"react-scroll-to-bottom--css-trdmf-79elbk h-full\">\n<div class=\"react-scroll-to-bottom--css-trdmf-1n7m0yu\">\n<div class=\"flex flex-col text-sm pb-9\">\n<div class=\"w-full text-token-text-primary\" dir=\"auto\" data-testid=\"conversation-turn-13\">\n<div class=\"px-4 py-2 justify-center text-base md:gap-6 m-auto\">\n<div class=\"flex flex-1 text-base mx-auto gap-3 juice:gap-4 juice:md:gap-6 md:px-5 lg:px-1 xl:px-5 md:max-w-3xl lg:max-w-[40rem] xl:max-w-[48rem] group final-completion\">\n<div class=\"relative flex w-full flex-col agent-turn\">\n<div class=\"flex-col gap-1 md:gap-3\">\n<div class=\"flex flex-grow flex-col max-w-full\">\n<div class=\"min-h-[20px] text-message flex flex-col items-start gap-3 whitespace-pre-wrap break-words [.text-message+&amp;]:mt-5 overflow-x-auto\" dir=\"auto\" data-message-author-role=\"assistant\" data-message-id=\"3cc2a338-ecd9-4af7-a1df-7bd9d87ba007\">\n<div class=\"markdown prose w-full break-words dark:prose-invert dark\">\n<p><strong>BELLUNO<\/strong> &#8220;Vandalismo a Via Mezzaterra: Automobilisti sotto Attacco&#8221; &#8211; Segni di danneggiamento su numerose auto parcheggiate in via Mezzaterra, causati da vandalismi con un chiodo. Un autore \u00e8 stato colto sul fatto, scatenando l&#8217;intervento delle forze dell&#8217;ordine e l&#8217;indignazione della comunit\u00e0 sui social, che chiede sanzioni severe.<\/p>\n<\/div>\n<\/div>\n<\/div>\n<div class=\"mt-1 flex gap-3 empty:hidden\">\n<div class=\"text-gray-400 flex self-end lg:self-center items-center justify-center lg:justify-start mt-0 -ml-1 h-7 gap-[2px] visible\">\n<div class=\"flex\"><\/div>\n<\/div>\n<\/div>\n<div class=\"pr-2 lg:pr-0\"><\/div>\n<\/div>\n<\/div>\n<\/div>\n<\/div>\n<\/div>\n<\/div>\n<\/div>\n<\/div>\n<\/div>\n<p>&nbsp;<\/p>\n<hr \/>\n<p>&nbsp;<\/p>\n<blockquote>\n<h3>OLTRE CONFINE, PROBLEMI E DISAGI DIETRO LE SBARRE<\/h3>\n<\/blockquote>\n<p><strong>TRENTO<\/strong> &#8220;Preoccupazione per Scabbia nella Casa Circondariale di Trento: Sindacato SAPPE Chiede Azioni Urgenti&#8221; &#8211; Il Sindacato Autonomo Polizia Penitenziaria evidenzia segnalazioni di scabbia e parassiti tra detenuti, richiedendo interventi sanitari immediati per proteggere il personale e i detenuti stessi, attribuendo la situazione critica al sovraffollamento carcerario e alla carenza di personale. Il segretario generale del SAPPE sollecita interventi a livello nazionale, regionale e locale per affrontare la situazione sanitaria precaria nelle carceri italiane.<\/p>\n<p>&nbsp;<\/p>\n<hr \/>\n<p>&nbsp;<\/p>\n<div class=\"flex-1 overflow-hidden\">\n<div class=\"react-scroll-to-bottom--css-trdmf-79elbk h-full\">\n<div class=\"react-scroll-to-bottom--css-trdmf-1n7m0yu\">\n<div class=\"flex flex-col text-sm pb-9\">\n<div class=\"w-full text-token-text-primary\" dir=\"auto\" data-testid=\"conversation-turn-19\">\n<div class=\"px-4 py-2 justify-center text-base md:gap-6 m-auto\">\n<div class=\"flex flex-1 text-base mx-auto gap-3 juice:gap-4 juice:md:gap-6 md:px-5 lg:px-1 xl:px-5 md:max-w-3xl lg:max-w-[40rem] xl:max-w-[48rem] group final-completion\">\n<div class=\"relative flex w-full flex-col agent-turn\">\n<div class=\"flex-col gap-1 md:gap-3\">\n<div class=\"flex flex-grow flex-col max-w-full\">\n<div class=\"min-h-[20px] text-message flex flex-col items-start gap-3 whitespace-pre-wrap break-words [.text-message+&amp;]:mt-5 overflow-x-auto\" dir=\"auto\" data-message-author-role=\"assistant\" data-message-id=\"79b9dfa6-53ac-47e6-b171-b2318d0b84fb\">\n<div class=\"markdown prose w-full break-words dark:prose-invert dark\">\n<blockquote>\n<h3>&#8220;Abuso Edilizio a Piovena: Altana Abusiva Dovr\u00e0 Essere Demolita su Ordine del Comune&#8221;<\/h3>\n<\/blockquote>\n<\/div>\n<\/div>\n<\/div>\n<div class=\"mt-1 flex gap-3 empty:hidden\">\n<div class=\"text-gray-400 flex self-end lg:self-center items-center justify-center lg:justify-start mt-0 -ml-1 h-7 gap-[2px] visible\">\n<div class=\"flex\"><\/div>\n<\/div>\n<\/div>\n<div class=\"pr-2 lg:pr-0\"><strong>SANTA GIUSTINA<\/strong>\u00a0 \u00a0Un&#8217;altana abusiva \u00e8 stata scoperta in localit\u00e0 Piovena, su area demaniale, dalla Forestale di Feltre, con struttura in legno e copertura in onduline plastiche. L&#8217;ordinanza del Comune di Santa Giustina ingiunge il ripristino dei luoghi e la demolizione dell&#8217;altana, essendo stata costruita senza permessi e su terreno altrui, con taglio di alberi per migliorare la linea di tiro. Il Comune si riserva di recuperare le spese di rimozione individuando gli eventuali responsabili.<\/div>\n<\/div>\n<div class=\"absolute\">\n<div class=\"flex w-full gap-2 items-center justify-center\"><\/div>\n<\/div>\n<\/div>\n<\/div>\n<\/div>\n<\/div>\n<\/div>\n<\/div>\n<\/div>\n<\/div>\n<div class=\"w-full pt-2 md:pt-0 dark:border-white\/20 md:border-transparent md:dark:border-transparent md:w-[calc(100%-.5rem)]\">\n<form class=\"stretch mx-2 flex flex-row gap-3 last:mb-2 md:mx-4 md:last:mb-6 lg:mx-auto lg:max-w-2xl xl:max-w-3xl\">\n<div class=\"flex w-full items-center\"><\/div>\n<div class=\"relative flex h-full flex-1 flex-col\">\n<div>\n<hr \/>\n<\/div>\n<blockquote>\n<h3><a class=\"dt-pswp-item\" href=\"https:\/\/www.radiopiu.net\/wordpress\/wp-content\/uploads\/2024\/04\/th-3.jpg\" data-dt-img-description=\"\" data-large_image_width=\"240\" data-large_image_height=\"180\"><img loading=\"lazy\" decoding=\"async\" class=\"wp-image-385228 alignleft\" src=\"https:\/\/www.radiopiu.net\/wordpress\/wp-content\/uploads\/2024\/04\/th-3.jpg\" alt=\"\" width=\"121\" height=\"91\" \/><\/a>&#8220;Furto a Sampoi di Limana: Sparite Fedi Nuziali e Contanti&#8221;<\/h3>\n<\/blockquote>\n<div>\n<div class=\"flex-1 overflow-hidden\">\n<div class=\"react-scroll-to-bottom--css-trdmf-79elbk h-full\">\n<div class=\"react-scroll-to-bottom--css-trdmf-1n7m0yu\">\n<div class=\"flex flex-col text-sm pb-9\">\n<div class=\"w-full text-token-text-primary\" dir=\"auto\" data-testid=\"conversation-turn-21\">\n<div class=\"px-4 py-2 justify-center text-base md:gap-6 m-auto\">\n<div class=\"flex flex-1 text-base mx-auto gap-3 juice:gap-4 juice:md:gap-6 md:px-5 lg:px-1 xl:px-5 md:max-w-3xl lg:max-w-[40rem] xl:max-w-[48rem] group final-completion\">\n<div class=\"relative flex w-full flex-col agent-turn\">\n<div class=\"flex-col gap-1 md:gap-3\">\n<div class=\"flex flex-grow flex-col max-w-full\">\n<div class=\"min-h-[20px] text-message flex flex-col items-start gap-3 whitespace-pre-wrap break-words [.text-message+&amp;]:mt-5 overflow-x-auto\" dir=\"auto\" data-message-author-role=\"assistant\" data-message-id=\"47eed339-7a04-4011-8e72-fa2ac10a2c81\">\n<div class=\"markdown prose w-full break-words dark:prose-invert dark\">\n<p><strong>LIMANA\u00a0<\/strong> Ladri colpiscono un&#8217;abitazione a pi\u00f9 piani mentre il proprietario \u00e8 al lavoro, forzando una finestra e rovistando tra i vari piani alla ricerca di oggetti di valore. Le fedi nuziali e una somma di denaro contante, inclusa moneta estera, sono risultate mancanti. I carabinieri della compagnia di Feltre sono stati allertati e hanno avviato le indagini<\/p>\n<\/div>\n<\/div>\n<\/div>\n<div class=\"mt-1 flex gap-3 empty:hidden\">\n<div class=\"text-gray-400 flex self-end lg:self-center items-center justify-center lg:justify-start mt-0 -ml-1 h-7 gap-[2px] visible\">\n<div class=\"flex\"><\/div>\n<\/div>\n<\/div>\n<\/div>\n<\/div>\n<\/div>\n<\/div>\n<\/div>\n<\/div>\n<\/div>\n<\/div>\n<\/div>\n<\/div>\n<\/div>\n<\/form>\n<\/div>\n<p>&nbsp;<\/p>\n<hr \/>\n<p>&nbsp;<\/p>\n<p>&nbsp;<\/p>\n<h3><a class=\"dt-pswp-item\" href=\"https:\/\/www.radiopiu.net\/wordpress\/wp-content\/uploads\/2024\/01\/POSTE-ITALIANE.png\" data-dt-img-description=\"\" data-large_image_width=\"400\" data-large_image_height=\"400\"><img loading=\"lazy\" decoding=\"async\" class=\"wp-image-370478 alignleft\" src=\"https:\/\/www.radiopiu.net\/wordpress\/wp-content\/uploads\/2024\/01\/POSTE-ITALIANE-300x300.png\" alt=\"\" width=\"152\" height=\"152\" srcset=\"https:\/\/www.radiopiu.net\/wordpress\/wp-content\/uploads\/2024\/01\/POSTE-ITALIANE-300x300.png 300w, https:\/\/www.radiopiu.net\/wordpress\/wp-content\/uploads\/2024\/01\/POSTE-ITALIANE-150x150.png 150w, https:\/\/www.radiopiu.net\/wordpress\/wp-content\/uploads\/2024\/01\/POSTE-ITALIANE.png 400w\" sizes=\"auto, (max-width: 152px) 100vw, 152px\" \/><\/a>DOPO AGORDO ANCHE PIEVE DI CADORE, LO SPISAL ALL&#8217;UFFICIO POSTALE<\/h3>\n<p><strong>IERI SERA, LE ANTICIPAZIONI DI TIZIANA BOLOGNANI DAL TG DI ANTENNA 3, OGNI SERA ALLE 19 ALLA RADIO\u00a0<\/strong><\/p>\n<audio class=\"wp-audio-shortcode\" id=\"audio-384588-5\" preload=\"none\" style=\"width: 100%;\" controls=\"controls\"><source type=\"audio\/mpeg\" src=\"https:\/\/www.radiopiu.net\/wordpress\/wp-content\/uploads\/2024\/04\/tiziana.mp3?_=5\" \/><a href=\"https:\/\/www.radiopiu.net\/wordpress\/wp-content\/uploads\/2024\/04\/tiziana.mp3\">https:\/\/www.radiopiu.net\/wordpress\/wp-content\/uploads\/2024\/04\/tiziana.mp3<\/a><\/audio>\n<p>&nbsp;<\/p>\n<p>&nbsp;<\/p>\n<hr \/>\n<p>&nbsp;<\/p>\n<p>&nbsp;<\/p>\n<p>&nbsp;<\/p>\n<p><strong class=\"photoswipe-wrapper\"><a class=\"dt-pswp-item pspw-wrap-ready\" href=\"https:\/\/www.radiopiu.net\/wordpress\/wp-content\/uploads\/2024\/01\/Senza-nome-34.png\" data-dt-img-description=\"\" data-large_image_width=\"239\" data-large_image_height=\"153\"><img loading=\"lazy\" decoding=\"async\" class=\"wp-image-369478 alignleft\" src=\"https:\/\/www.radiopiu.net\/wordpress\/wp-content\/uploads\/2024\/01\/Senza-nome-34.png\" alt=\"\" width=\"128\" height=\"82\" \/><\/a><\/strong><\/p>\n<p><strong>dal TG BELLUNESE di\u00a0 ANTENNA 3 ogni sera alle 19.30 sul canale 10 del digitale terrestre e alle 19 le anticipazioni alla radio.\u00a0\u00a0<\/strong><\/p>\n<p>&nbsp;<\/p>\n<p>&nbsp;<\/p>\n<h3 class=\"_title post-title entry-title\">VALANGA DI MISURINA, LA PROCURA ARCHIVIA. ENIGMA SU ATTENDIBILITA\u2019 BOLLETTINI<\/h3>\n<p>\u2013 Intervistati GIANPAOLO BOTTACIN (ASSESSORE VENETO E PRESIDENTE AINEVA) (Servizio di\u00a0<a href=\"https:\/\/antennatre.medianordest.it\/redazione\/Tiziana-Bolognani\/\">Tiziana Bolognani<\/a>)<\/p>\n<p><iframe loading=\"lazy\" title=\"VALANGA DI MISURINA, LA PROCURA ARCHIVIA. ENIGMA SU ATTENDIBILITA&#039; BOLLETTINI | 12\/04\/2024\" width=\"1200\" height=\"675\" src=\"https:\/\/www.youtube.com\/embed\/KRuOgWA6PBs?feature=oembed\" frameborder=\"0\" allow=\"accelerometer; autoplay; clipboard-write; encrypted-media; gyroscope; picture-in-picture; web-share\" referrerpolicy=\"strict-origin-when-cross-origin\" allowfullscreen><\/iframe><\/p>\n<p>&nbsp;<\/p>\n<p>&nbsp;<\/p>\n<p>&nbsp;<\/p>\n<hr \/>\n<p>&nbsp;<\/p>\n<p>&nbsp;<\/p>\n<p><strong>VALLADA<\/strong> Per gli amanti del ciclismo il consiglio di non avventurarsi sulla ciclabile che da Cencenighe sale a Falcade, \u00e8 interrotta. Gi\u00e0 al ponte dopo la bella strada che costeggia la ex galleria delle Anime l&#8217;invito a non continuare<\/p>\n<p><span style=\"color: #ff0000;\"><strong>A RADIO PIU&#8230; IL TEMA E&#8217; STATO TRATTATO SPESSO, L&#8217;ULTIMO ARTICOLO RISALE AL 25 MARZO&#8230; LO RIPROPONIAMO\u00a0 <\/strong><\/span><\/p>\n<p><strong>RICEVIAMO E PUBBLICHIAMO<\/strong><\/p>\n<p>Questa dovrebbe essere la ciclabile che da Cencenighe sale verso Falcade e qui siamo nel comune di Vallada. Poi nell&#8217;Agordino si fa pubblicit\u00e0 sul turismo a due ruote e non abbiamo neanche una ciclabile. T.S.<\/p>\n<div dir=\"auto\">Leggo ora la notizia che la ciclabile in parola \u00e8 ancora chiusa dopo due anni&#8230;la stessa \u00e8 chiusa dopo Vaia dal 2018 e non \u00e8 nel comune di Vallada Agordina il ponte fotografato&#8230;solo il lato sinistro lo \u00e8 il lato destro (orograficamente parlando) \u00e8 in comune di Cencenighe. La struttura del ponte \u00e8 obiettivamente in cattivo stato e merita di manutenzione e si spera che con fondi ottenuti dal Genio civile di Belluno si possa sistemare il ponte e tutto il resto della strada&#8230;<\/div>\n<div dir=\"auto\">A.P.<\/div>\n\n\t\t\t<style type='text\/css'>\n\t\t\t\t#gallery-3 {\n\t\t\t\t\tmargin: auto;\n\t\t\t\t}\n\t\t\t\t#gallery-3 .gallery-item {\n\t\t\t\t\tfloat: left;\n\t\t\t\t\tmargin-top: 10px;\n\t\t\t\t\ttext-align: center;\n\t\t\t\t\twidth: 100%;\n\t\t\t\t}\n\t\t\t\t#gallery-3 img {\n\t\t\t\t\tborder: 2px solid #cfcfcf;\n\t\t\t\t}\n\t\t\t\t#gallery-3 .gallery-caption {\n\t\t\t\t\tmargin-left: 0;\n\t\t\t\t}\n\t\t\t\t\/* see gallery_shortcode() in wp-includes\/media.php *\/\n\t\t\t<\/style>\n\t\t<div id='gallery-3' class='dt-gallery-container gallery galleryid-384588 gallery-columns-1 gallery-size-medium'><dl class='gallery-item'>\n\t\t\t\t<dt class='gallery-icon landscape'>\n\t\t\t\t\t<a class=\"rollover rollover-zoom dt-pswp-item\" title=\"79840eb5-66f2-441a-9490-a32b7dffdc1d\" data-dt-img-description=\"\" data-large_image_width=\"1080\" data-large_image_height=\"810\"href='https:\/\/www.radiopiu.net\/wordpress\/wp-content\/uploads\/2024\/03\/79840eb5-66f2-441a-9490-a32b7dffdc1d.jpg'><img loading=\"lazy\" decoding=\"async\" width=\"300\" height=\"225\" src=\"https:\/\/www.radiopiu.net\/wordpress\/wp-content\/uploads\/2024\/03\/79840eb5-66f2-441a-9490-a32b7dffdc1d-300x225.jpg\" class=\"attachment-medium size-medium\" alt=\"\" srcset=\"https:\/\/www.radiopiu.net\/wordpress\/wp-content\/uploads\/2024\/03\/79840eb5-66f2-441a-9490-a32b7dffdc1d-300x225.jpg 300w, https:\/\/www.radiopiu.net\/wordpress\/wp-content\/uploads\/2024\/03\/79840eb5-66f2-441a-9490-a32b7dffdc1d-1024x768.jpg 1024w, https:\/\/www.radiopiu.net\/wordpress\/wp-content\/uploads\/2024\/03\/79840eb5-66f2-441a-9490-a32b7dffdc1d-768x576.jpg 768w, https:\/\/www.radiopiu.net\/wordpress\/wp-content\/uploads\/2024\/03\/79840eb5-66f2-441a-9490-a32b7dffdc1d.jpg 1080w\" sizes=\"auto, (max-width: 300px) 100vw, 300px\" \/><\/a>\n\t\t\t\t<\/dt><\/dl><br style=\"clear: both\" \/>\n\t\t\t<\/div>\n\n<p>&nbsp;<\/p>\n<p>&nbsp;<\/p>\n<p>&nbsp;<\/p>\n<hr \/>\n<p>&nbsp;<\/p>\n<blockquote>\n<h3>FALEGNAMERIA HERMANN<\/h3>\n<\/blockquote>\n<blockquote><p><em>L&#8217;azienda, celebrando i suoi 20 anni di attivit\u00e0, emerge come esempio di successo per altre piccole e medie imprese del Bellunese.<\/em><\/p><\/blockquote>\n<p><strong>TAIBON<\/strong> La falegnameria Hermann di Taibon, spicca come unica azienda bellunese premiata per il rating di sostenibilit\u00e0 Esg, valutato secondo gli impatti ambientali, sociali e di governance. Il riconoscimento \u00e8 parte del progetto TranspArEEnS, promosso dall&#8217;Unione europea e guidato dall&#8217;Universit\u00e0 Ca&#8217; Foscari di Venezia, con Cna Veneto tra i partner. Il presidente di Appia Cna Belluno, Massimo Sposato, esprime soddisfazione per questo risultato, che si affianca al titolo di Maestro artigiano conferito a Hermann Sala, presidente del settore Legno di Appia.<\/p>\n\n\t\t\t<style type='text\/css'>\n\t\t\t\t#gallery-4 {\n\t\t\t\t\tmargin: auto;\n\t\t\t\t}\n\t\t\t\t#gallery-4 .gallery-item {\n\t\t\t\t\tfloat: left;\n\t\t\t\t\tmargin-top: 10px;\n\t\t\t\t\ttext-align: center;\n\t\t\t\t\twidth: 33%;\n\t\t\t\t}\n\t\t\t\t#gallery-4 img {\n\t\t\t\t\tborder: 2px solid #cfcfcf;\n\t\t\t\t}\n\t\t\t\t#gallery-4 .gallery-caption {\n\t\t\t\t\tmargin-left: 0;\n\t\t\t\t}\n\t\t\t\t\/* see gallery_shortcode() in wp-includes\/media.php *\/\n\t\t\t<\/style>\n\t\t<div id='gallery-4' class='dt-gallery-container gallery galleryid-384588 gallery-columns-3 gallery-size-thumbnail'><dl class='gallery-item'>\n\t\t\t\t<dt class='gallery-icon portrait'>\n\t\t\t\t\t<a class=\"rollover rollover-zoom dt-pswp-item\" title=\"434056182_752310600215356_8874638401948425524_n\" data-dt-img-description=\"\" data-large_image_width=\"526\" data-large_image_height=\"701\"href='https:\/\/www.radiopiu.net\/wordpress\/wp-content\/uploads\/2024\/04\/434056182_752310600215356_8874638401948425524_n.jpg'><img loading=\"lazy\" decoding=\"async\" width=\"150\" height=\"150\" src=\"https:\/\/www.radiopiu.net\/wordpress\/wp-content\/uploads\/2024\/04\/434056182_752310600215356_8874638401948425524_n-150x150.jpg\" class=\"attachment-thumbnail size-thumbnail\" alt=\"\" \/><\/a>\n\t\t\t\t<\/dt><\/dl><dl class='gallery-item'>\n\t\t\t\t<dt class='gallery-icon landscape'>\n\t\t\t\t\t<a class=\"rollover rollover-zoom dt-pswp-item\" title=\"295390838_398194772293609_8887623495758853906_n\" data-dt-img-description=\"\" data-large_image_width=\"611\" data-large_image_height=\"611\"href='https:\/\/www.radiopiu.net\/wordpress\/wp-content\/uploads\/2024\/04\/295390838_398194772293609_8887623495758853906_n.png'><img loading=\"lazy\" decoding=\"async\" width=\"150\" height=\"150\" src=\"https:\/\/www.radiopiu.net\/wordpress\/wp-content\/uploads\/2024\/04\/295390838_398194772293609_8887623495758853906_n-150x150.png\" class=\"attachment-thumbnail size-thumbnail\" alt=\"\" srcset=\"https:\/\/www.radiopiu.net\/wordpress\/wp-content\/uploads\/2024\/04\/295390838_398194772293609_8887623495758853906_n-150x150.png 150w, https:\/\/www.radiopiu.net\/wordpress\/wp-content\/uploads\/2024\/04\/295390838_398194772293609_8887623495758853906_n-300x300.png 300w, https:\/\/www.radiopiu.net\/wordpress\/wp-content\/uploads\/2024\/04\/295390838_398194772293609_8887623495758853906_n.png 611w\" sizes=\"auto, (max-width: 150px) 100vw, 150px\" \/><\/a>\n\t\t\t\t<\/dt><\/dl><dl class='gallery-item'>\n\t\t\t\t<dt class='gallery-icon landscape'>\n\t\t\t\t\t<a class=\"rollover rollover-zoom dt-pswp-item\" title=\"432882880_876745281131094_860303048928238236_n\" data-dt-img-description=\"\" data-large_image_width=\"960\" data-large_image_height=\"503\"href='https:\/\/www.radiopiu.net\/wordpress\/wp-content\/uploads\/2024\/04\/432882880_876745281131094_860303048928238236_n.jpg'><img loading=\"lazy\" decoding=\"async\" width=\"150\" height=\"150\" src=\"https:\/\/www.radiopiu.net\/wordpress\/wp-content\/uploads\/2024\/04\/432882880_876745281131094_860303048928238236_n-150x150.jpg\" class=\"attachment-thumbnail size-thumbnail\" alt=\"\" \/><\/a>\n\t\t\t\t<\/dt><\/dl><br style=\"clear: both\" \/>\n\t\t\t<\/div>\n\n<p>&nbsp;<\/p>\n<hr \/>\n<p>&nbsp;<\/p>\n<p>&nbsp;<\/p>\n<blockquote>\n<h3><a class=\"dt-pswp-item\" href=\"https:\/\/www.radiopiu.net\/wordpress\/wp-content\/uploads\/2024\/04\/cate.png\" data-dt-img-description=\"\" data-large_image_width=\"406\" data-large_image_height=\"248\"><img loading=\"lazy\" decoding=\"async\" class=\"wp-image-385246 alignleft\" src=\"https:\/\/www.radiopiu.net\/wordpress\/wp-content\/uploads\/2024\/04\/cate-300x183.png\" alt=\"\" width=\"133\" height=\"81\" srcset=\"https:\/\/www.radiopiu.net\/wordpress\/wp-content\/uploads\/2024\/04\/cate-300x183.png 300w, https:\/\/www.radiopiu.net\/wordpress\/wp-content\/uploads\/2024\/04\/cate.png 406w\" sizes=\"auto, (max-width: 133px) 100vw, 133px\" \/><\/a>UN ALTRO RICONOSCIMENTO PER LA TATUATRICE BELLUNESE, CATERINA MOLIN, PRIMA ALLA CONVENTION DI CASERTA<\/h3>\n<p><em>&#8220;Questa mia prima volta alla @caserta.tattoo.convention mi ha fatto sentire a casa, sono stata trattata come una principessa e non potr\u00f2 mai ringraziare abbastanza, la porter\u00f2 sempre nei miei ricordi pi\u00f9 cari&#8221;<\/em><\/p><\/blockquote>\n<p><strong>AUDIO<\/strong><\/p>\n<audio class=\"wp-audio-shortcode\" id=\"audio-384588-6\" preload=\"none\" style=\"width: 100%;\" controls=\"controls\"><source type=\"audio\/mpeg\" src=\"https:\/\/www.radiopiu.net\/wordpress\/wp-content\/uploads\/2024\/04\/CATERINA-1.mp3?_=6\" \/><a href=\"https:\/\/www.radiopiu.net\/wordpress\/wp-content\/uploads\/2024\/04\/CATERINA-1.mp3\">https:\/\/www.radiopiu.net\/wordpress\/wp-content\/uploads\/2024\/04\/CATERINA-1.mp3<\/a><\/audio>\n<p><a class=\"dt-pswp-item\" href=\"https:\/\/www.radiopiu.net\/wordpress\/wp-content\/uploads\/2024\/04\/753e97b3-12ee-4579-a816-0a2dfd45ba89.jpg\" data-dt-img-description=\"\" data-large_image_width=\"1179\" data-large_image_height=\"1463\"><img loading=\"lazy\" decoding=\"async\" class=\"size-medium wp-image-385244 aligncenter\" src=\"https:\/\/www.radiopiu.net\/wordpress\/wp-content\/uploads\/2024\/04\/753e97b3-12ee-4579-a816-0a2dfd45ba89-242x300.jpg\" alt=\"\" width=\"242\" height=\"300\" srcset=\"https:\/\/www.radiopiu.net\/wordpress\/wp-content\/uploads\/2024\/04\/753e97b3-12ee-4579-a816-0a2dfd45ba89-242x300.jpg 242w, https:\/\/www.radiopiu.net\/wordpress\/wp-content\/uploads\/2024\/04\/753e97b3-12ee-4579-a816-0a2dfd45ba89-825x1024.jpg 825w, https:\/\/www.radiopiu.net\/wordpress\/wp-content\/uploads\/2024\/04\/753e97b3-12ee-4579-a816-0a2dfd45ba89-768x953.jpg 768w, https:\/\/www.radiopiu.net\/wordpress\/wp-content\/uploads\/2024\/04\/753e97b3-12ee-4579-a816-0a2dfd45ba89.jpg 1179w\" sizes=\"auto, (max-width: 242px) 100vw, 242px\" \/><\/a><\/p>\n<p>&nbsp;<\/p>\n<p>&nbsp;<\/p>\n<hr \/>\n<p>&nbsp;<\/p>\n<blockquote>\n<h2>IERI SUI SOCIAL&#8230; PROSSIMAMENTE ALLA RADIO<\/h2>\n<div class=\"x14vqqas\">\n<div class=\"x1a8lsjc\">\n<div class=\"x78zum5 xdt5ytf x4cne27 xifccgj\">\n<div class=\"xzueoph x1k70j0n\"><span class=\"x193iq5w xeuugli x13faqbe x1vvkbs x1xmvt09 x1lliihq x1s928wv xhkezso x1gmr53x x1cpjm7i x1fgarty x1943h6x xtoi2st x3x7a5m x1603h9y x1u7k74 x1xlr1w8 xzsf02u x1yc453h\" dir=\"auto\">BELLUNESI NEL MONDO DEL BRASILE IN VISITA NELL&#8217;AGORDINO\u00a0\u00a0<\/span><\/div>\n<div><\/div>\n<\/div>\n<\/div>\n<\/div>\n<div>\n<div class=\"xjkvuk6\">\n<div class=\"xdj266r x11i5rnm xat24cr x1mh8g0r x1vvkbs\">\n<div dir=\"auto\"><strong>CON michela dell&#8217;osbel, gabriele riva, patrick zancanaro, vanderlei aniecevski \u2026<\/strong><\/div>\n<\/div>\n<\/div>\n<\/div>\n<\/blockquote>\n<h1><span style=\"color: #0000ff;\"><strong><a style=\"color: #0000ff;\" href=\"https:\/\/www.facebook.com\/radiopiu\/videos\/1096069628284614\">CLICCA QUI\u00a0<\/a><\/strong><\/span><\/h1>\n<p><a class=\"dt-pswp-item\" href=\"https:\/\/www.radiopiu.net\/wordpress\/wp-content\/uploads\/2024\/04\/d6f48214-b979-447a-992e-bdb3cb54e4ce.jpg\" data-dt-img-description=\"\" data-large_image_width=\"1600\" data-large_image_height=\"1200\"><img loading=\"lazy\" decoding=\"async\" class=\"size-medium wp-image-385256 aligncenter\" src=\"https:\/\/www.radiopiu.net\/wordpress\/wp-content\/uploads\/2024\/04\/d6f48214-b979-447a-992e-bdb3cb54e4ce-300x225.jpg\" alt=\"\" width=\"300\" height=\"225\" srcset=\"https:\/\/www.radiopiu.net\/wordpress\/wp-content\/uploads\/2024\/04\/d6f48214-b979-447a-992e-bdb3cb54e4ce-300x225.jpg 300w, https:\/\/www.radiopiu.net\/wordpress\/wp-content\/uploads\/2024\/04\/d6f48214-b979-447a-992e-bdb3cb54e4ce-1024x768.jpg 1024w, https:\/\/www.radiopiu.net\/wordpress\/wp-content\/uploads\/2024\/04\/d6f48214-b979-447a-992e-bdb3cb54e4ce-768x576.jpg 768w, https:\/\/www.radiopiu.net\/wordpress\/wp-content\/uploads\/2024\/04\/d6f48214-b979-447a-992e-bdb3cb54e4ce-1536x1152.jpg 1536w, https:\/\/www.radiopiu.net\/wordpress\/wp-content\/uploads\/2024\/04\/d6f48214-b979-447a-992e-bdb3cb54e4ce.jpg 1600w\" sizes=\"auto, (max-width: 300px) 100vw, 300px\" \/><\/a><\/p>\n<hr \/>\n<p>&nbsp;<\/p>\n<blockquote>\n<h3>DON DELLA LUCIA E PAPA LUCIANI NELLA RASSEGNA ESTIVA DEL MUSAL<\/h3>\n<\/blockquote>\n<p><strong>BELLUNO<\/strong> I duecento anni dalla nascita di don Antonio Della Lucia, il primo meeting degli Ecomusei del Veneto e la rassegna estiva dedicata a Papa Luciani che si svolger\u00e0 proprio nei giorni del periodo del suo pontificato: al via in questi giorni una lunga serie di eventi che animeranno la Val del Biois per tutta l&#8217;estate.<\/p>\n<p>di DANIELE DALVIT<\/p>\n<audio class=\"wp-audio-shortcode\" id=\"audio-384588-7\" preload=\"none\" style=\"width: 100%;\" controls=\"controls\"><source type=\"audio\/mpeg\" src=\"https:\/\/www.radiopiu.net\/wordpress\/wp-content\/uploads\/2024\/04\/Radio-Piu-Servizio-Iniziative-Della-Lucia-e-Papa-Luciani.mp3?_=7\" \/><a href=\"https:\/\/www.radiopiu.net\/wordpress\/wp-content\/uploads\/2024\/04\/Radio-Piu-Servizio-Iniziative-Della-Lucia-e-Papa-Luciani.mp3\">https:\/\/www.radiopiu.net\/wordpress\/wp-content\/uploads\/2024\/04\/Radio-Piu-Servizio-Iniziative-Della-Lucia-e-Papa-Luciani.mp3<\/a><\/audio>\n<p><a class=\"dt-pswp-item\" href=\"https:\/\/www.radiopiu.net\/wordpress\/wp-content\/uploads\/2024\/04\/eb891120-8b99-4e9f-b5a4-b5ec93932971.jpg\" data-dt-img-description=\"\" data-large_image_width=\"2048\" data-large_image_height=\"1536\"><img loading=\"lazy\" decoding=\"async\" class=\"size-medium wp-image-385194 aligncenter\" src=\"https:\/\/www.radiopiu.net\/wordpress\/wp-content\/uploads\/2024\/04\/eb891120-8b99-4e9f-b5a4-b5ec93932971-300x225.jpg\" alt=\"\" width=\"300\" height=\"225\" srcset=\"https:\/\/www.radiopiu.net\/wordpress\/wp-content\/uploads\/2024\/04\/eb891120-8b99-4e9f-b5a4-b5ec93932971-300x225.jpg 300w, https:\/\/www.radiopiu.net\/wordpress\/wp-content\/uploads\/2024\/04\/eb891120-8b99-4e9f-b5a4-b5ec93932971-1024x768.jpg 1024w, https:\/\/www.radiopiu.net\/wordpress\/wp-content\/uploads\/2024\/04\/eb891120-8b99-4e9f-b5a4-b5ec93932971-768x576.jpg 768w, https:\/\/www.radiopiu.net\/wordpress\/wp-content\/uploads\/2024\/04\/eb891120-8b99-4e9f-b5a4-b5ec93932971-1536x1152.jpg 1536w, https:\/\/www.radiopiu.net\/wordpress\/wp-content\/uploads\/2024\/04\/eb891120-8b99-4e9f-b5a4-b5ec93932971.jpg 2048w\" sizes=\"auto, (max-width: 300px) 100vw, 300px\" \/><\/a><\/p>\n<p>&nbsp;<\/p>\n<p>&nbsp;<\/p>\n<hr \/>\n<p>&nbsp;<\/p>\n<blockquote>\n<h3>DA ONDE? &#8230; LA PRIMA SERATA, UN SUCCESSO<\/h3>\n<\/blockquote>\n<div class=\"x1e56ztr\"><span class=\"x193iq5w xeuugli x13faqbe x1vvkbs x1xmvt09 x6prxxf xvq8zen xo1l8bm xzsf02u\"><strong>CENCENIGHE<\/strong> In tantissimi alla prima serata di Da onde, vers onde con un&#8217;interessantissimo intervento di Luigi Guglielmi giornalista de L&#8217;amico del Popolo. <\/span><span class=\"x193iq5w xeuugli x13faqbe x1vvkbs x1xmvt09 x6prxxf xvq8zen xo1l8bm xzsf02u\">Chi lo ha perso pu\u00f2 <span style=\"color: #0000ff;\"><strong><a style=\"color: #0000ff;\" href=\"https:\/\/youtu.be\/GEwuIokZiMs?si=azHXfAieWZX5ABLU\">rivederlo qui:<\/a><\/strong><\/span><\/span><\/div>\n<div class=\"x1e56ztr\"><\/div>\n<div class=\"x1e56ztr\"><span class=\"x193iq5w xeuugli x13faqbe x1vvkbs x1xmvt09 x6prxxf xvq8zen xo1l8bm xzsf02u\">Vi aspettiamo gioved\u00ec 18 aprile per la seconda puntata insieme a Nicola Cassisi che ci racconter\u00e0 dove si sta dirigendo la nostra lingua.<\/span><\/div>\n<div>\n\n\t\t\t<style type='text\/css'>\n\t\t\t\t#gallery-5 {\n\t\t\t\t\tmargin: auto;\n\t\t\t\t}\n\t\t\t\t#gallery-5 .gallery-item {\n\t\t\t\t\tfloat: left;\n\t\t\t\t\tmargin-top: 10px;\n\t\t\t\t\ttext-align: center;\n\t\t\t\t\twidth: 25%;\n\t\t\t\t}\n\t\t\t\t#gallery-5 img {\n\t\t\t\t\tborder: 2px solid #cfcfcf;\n\t\t\t\t}\n\t\t\t\t#gallery-5 .gallery-caption {\n\t\t\t\t\tmargin-left: 0;\n\t\t\t\t}\n\t\t\t\t\/* see gallery_shortcode() in wp-includes\/media.php *\/\n\t\t\t<\/style>\n\t\t<div id='gallery-5' class='dt-gallery-container gallery galleryid-384588 gallery-columns-4 gallery-size-thumbnail'><dl class='gallery-item'>\n\t\t\t\t<dt class='gallery-icon landscape'>\n\t\t\t\t\t<a class=\"rollover rollover-zoom dt-pswp-item\" title=\"436227615_814579294038750_5014547963925812609_n\" data-dt-img-description=\"\" data-large_image_width=\"600\" data-large_image_height=\"600\"href='https:\/\/www.radiopiu.net\/wordpress\/wp-content\/uploads\/2024\/04\/436227615_814579294038750_5014547963925812609_n.jpg'><img loading=\"lazy\" decoding=\"async\" width=\"150\" height=\"150\" src=\"https:\/\/www.radiopiu.net\/wordpress\/wp-content\/uploads\/2024\/04\/436227615_814579294038750_5014547963925812609_n-150x150.jpg\" class=\"attachment-thumbnail size-thumbnail\" alt=\"\" srcset=\"https:\/\/www.radiopiu.net\/wordpress\/wp-content\/uploads\/2024\/04\/436227615_814579294038750_5014547963925812609_n-150x150.jpg 150w, https:\/\/www.radiopiu.net\/wordpress\/wp-content\/uploads\/2024\/04\/436227615_814579294038750_5014547963925812609_n-300x300.jpg 300w, https:\/\/www.radiopiu.net\/wordpress\/wp-content\/uploads\/2024\/04\/436227615_814579294038750_5014547963925812609_n.jpg 600w\" sizes=\"auto, (max-width: 150px) 100vw, 150px\" \/><\/a>\n\t\t\t\t<\/dt><\/dl><dl class='gallery-item'>\n\t\t\t\t<dt class='gallery-icon landscape'>\n\t\t\t\t\t<a class=\"rollover rollover-zoom dt-pswp-item\" title=\"436410350_814579337372079_3015158160137442464_n\" data-dt-img-description=\"\" data-large_image_width=\"600\" data-large_image_height=\"600\"href='https:\/\/www.radiopiu.net\/wordpress\/wp-content\/uploads\/2024\/04\/436410350_814579337372079_3015158160137442464_n.jpg'><img loading=\"lazy\" decoding=\"async\" width=\"150\" height=\"150\" src=\"https:\/\/www.radiopiu.net\/wordpress\/wp-content\/uploads\/2024\/04\/436410350_814579337372079_3015158160137442464_n-150x150.jpg\" class=\"attachment-thumbnail size-thumbnail\" alt=\"\" srcset=\"https:\/\/www.radiopiu.net\/wordpress\/wp-content\/uploads\/2024\/04\/436410350_814579337372079_3015158160137442464_n-150x150.jpg 150w, https:\/\/www.radiopiu.net\/wordpress\/wp-content\/uploads\/2024\/04\/436410350_814579337372079_3015158160137442464_n-300x300.jpg 300w, https:\/\/www.radiopiu.net\/wordpress\/wp-content\/uploads\/2024\/04\/436410350_814579337372079_3015158160137442464_n.jpg 600w\" sizes=\"auto, (max-width: 150px) 100vw, 150px\" \/><\/a>\n\t\t\t\t<\/dt><\/dl><dl class='gallery-item'>\n\t\t\t\t<dt class='gallery-icon landscape'>\n\t\t\t\t\t<a class=\"rollover rollover-zoom dt-pswp-item\" title=\"436419635_814579254038754_3992741360925504585_n\" data-dt-img-description=\"\" data-large_image_width=\"600\" data-large_image_height=\"600\"href='https:\/\/www.radiopiu.net\/wordpress\/wp-content\/uploads\/2024\/04\/436419635_814579254038754_3992741360925504585_n.jpg'><img loading=\"lazy\" decoding=\"async\" width=\"150\" height=\"150\" src=\"https:\/\/www.radiopiu.net\/wordpress\/wp-content\/uploads\/2024\/04\/436419635_814579254038754_3992741360925504585_n-150x150.jpg\" class=\"attachment-thumbnail size-thumbnail\" alt=\"\" srcset=\"https:\/\/www.radiopiu.net\/wordpress\/wp-content\/uploads\/2024\/04\/436419635_814579254038754_3992741360925504585_n-150x150.jpg 150w, https:\/\/www.radiopiu.net\/wordpress\/wp-content\/uploads\/2024\/04\/436419635_814579254038754_3992741360925504585_n-300x300.jpg 300w, https:\/\/www.radiopiu.net\/wordpress\/wp-content\/uploads\/2024\/04\/436419635_814579254038754_3992741360925504585_n.jpg 600w\" sizes=\"auto, (max-width: 150px) 100vw, 150px\" \/><\/a>\n\t\t\t\t<\/dt><\/dl><dl class='gallery-item'>\n\t\t\t\t<dt class='gallery-icon landscape'>\n\t\t\t\t\t<a class=\"rollover rollover-zoom dt-pswp-item\" title=\"436314443_814579224038757_6345247281214262327_n\" data-dt-img-description=\"\" data-large_image_width=\"600\" data-large_image_height=\"600\"href='https:\/\/www.radiopiu.net\/wordpress\/wp-content\/uploads\/2024\/04\/436314443_814579224038757_6345247281214262327_n.jpg'><img loading=\"lazy\" decoding=\"async\" width=\"150\" height=\"150\" src=\"https:\/\/www.radiopiu.net\/wordpress\/wp-content\/uploads\/2024\/04\/436314443_814579224038757_6345247281214262327_n-150x150.jpg\" class=\"attachment-thumbnail size-thumbnail\" alt=\"\" srcset=\"https:\/\/www.radiopiu.net\/wordpress\/wp-content\/uploads\/2024\/04\/436314443_814579224038757_6345247281214262327_n-150x150.jpg 150w, https:\/\/www.radiopiu.net\/wordpress\/wp-content\/uploads\/2024\/04\/436314443_814579224038757_6345247281214262327_n-300x300.jpg 300w, https:\/\/www.radiopiu.net\/wordpress\/wp-content\/uploads\/2024\/04\/436314443_814579224038757_6345247281214262327_n.jpg 600w\" sizes=\"auto, (max-width: 150px) 100vw, 150px\" \/><\/a>\n\t\t\t\t<\/dt><\/dl><br style=\"clear: both\" \/>\n\t\t\t<\/div>\n\n<\/div>\n<hr \/>\n<div><\/div>\n<p>&nbsp;<\/p>\n<hr \/>\n<p>&nbsp;<\/p>\n<blockquote>\n<blockquote>\n<h3>OGGI L&#8217;INAUGURAZIONE DI CACCIA PESCA NATURA<\/h3>\n<\/blockquote>\n<p><strong><a class=\"dt-pswp-item\" href=\"https:\/\/www.radiopiu.net\/wordpress\/wp-content\/uploads\/2024\/04\/16_outdoor.jpg\" data-dt-img-description=\"\" data-large_image_width=\"1450\" data-large_image_height=\"752\"><img loading=\"lazy\" decoding=\"async\" class=\" wp-image-385187 alignleft\" src=\"https:\/\/www.radiopiu.net\/wordpress\/wp-content\/uploads\/2024\/04\/16_outdoor-300x156.jpg\" alt=\"\" width=\"208\" height=\"108\" srcset=\"https:\/\/www.radiopiu.net\/wordpress\/wp-content\/uploads\/2024\/04\/16_outdoor-300x156.jpg 300w, https:\/\/www.radiopiu.net\/wordpress\/wp-content\/uploads\/2024\/04\/16_outdoor-1024x531.jpg 1024w, https:\/\/www.radiopiu.net\/wordpress\/wp-content\/uploads\/2024\/04\/16_outdoor-768x398.jpg 768w, https:\/\/www.radiopiu.net\/wordpress\/wp-content\/uploads\/2024\/04\/16_outdoor.jpg 1450w\" sizes=\"auto, (max-width: 208px) 100vw, 208px\" \/><\/a>LONGARONE<\/strong> L&#8217;Assessore regionale Cristiano Corazzari inaugura la 22\u00aa edizione di &#8220;Caccia, pesca, natura 2024&#8221; a Longarone Fiere Dolomiti, fino al 14 aprile. La cerimonia vede i suonatori di corno della Val Badia e la presentazione dei nuovi agenti della Polizia provinciale. Si discute del controllo faunistico-venatorio, del progetto di ricostituzione degli ittici post-tempesta Vaia e del pesca-turismo. Si conferisce la borsa di studio &#8220;Bepi Tormen&#8221; e si tiene il 20\u00b0 Concorso nazionale di tassidermia. Un convegno sui funghi e la presentazione del libro &#8220;Sapori della Valbelluna&#8221; completano l&#8217;evento.<\/p>\n<p>&nbsp;<\/p><\/blockquote>\n<p>&nbsp;<\/p>\n<hr \/>\n<p>&nbsp;<\/p>\n<blockquote>\n<h3>\u00a0PROGETTO RESTOR BL<\/h3>\n<\/blockquote>\n<p><strong>BELLUNO<\/strong> Il progetto &#8220;Restor BL&#8221; mira al ripristino di due importanti aree umide nel territorio della Provincia di Belluno, con un budget di circa 370mila euro, di cui 75mila provenienti da cofinanziamenti locali. Si concentrer\u00e0 sul Lac Torond tra Gosaldo e Voltago e sulle risorgive di Soccher a Ponte nelle Alpi. L&#8217;obiettivo \u00e8 proteggere la biodiversit\u00e0, focalizzandosi sulle specie minacciate e sugli habitat di interesse comunitario. Il coinvolgimento della Provincia comprende la gestione delle linee guida per valutare l&#8217;impatto ambientale e la formazione tecnica. Il progetto prevede interventi come scavi, piantumazioni e rimozione di piante invasive. A Gosaldo si punta a creare un sentiero didattico, mentre a Ponte nelle Alpi si concentreranno sul ripristino delle risorgive di Soccher, danneggiate da un canale idraulico.<\/p>\n\n\t\t\t<style type='text\/css'>\n\t\t\t\t#gallery-6 {\n\t\t\t\t\tmargin: auto;\n\t\t\t\t}\n\t\t\t\t#gallery-6 .gallery-item {\n\t\t\t\t\tfloat: left;\n\t\t\t\t\tmargin-top: 10px;\n\t\t\t\t\ttext-align: center;\n\t\t\t\t\twidth: 25%;\n\t\t\t\t}\n\t\t\t\t#gallery-6 img {\n\t\t\t\t\tborder: 2px solid #cfcfcf;\n\t\t\t\t}\n\t\t\t\t#gallery-6 .gallery-caption {\n\t\t\t\t\tmargin-left: 0;\n\t\t\t\t}\n\t\t\t\t\/* see gallery_shortcode() in wp-includes\/media.php *\/\n\t\t\t<\/style>\n\t\t<div id='gallery-6' class='dt-gallery-container gallery galleryid-384588 gallery-columns-4 gallery-size-thumbnail'><dl class='gallery-item'>\n\t\t\t\t<dt class='gallery-icon landscape'>\n\t\t\t\t\t<a class=\"rollover rollover-zoom dt-pswp-item\" title=\"Lac Torond e bosco del Poi dopo Vaia 2\" data-dt-img-description=\"\" data-large_image_width=\"2048\" data-large_image_height=\"1536\"href='https:\/\/www.radiopiu.net\/wordpress\/wp-content\/uploads\/2024\/04\/Lac-Torond-e-bosco-del-Poi-dopo-Vaia-2.jpg'><img loading=\"lazy\" decoding=\"async\" width=\"150\" height=\"150\" src=\"https:\/\/www.radiopiu.net\/wordpress\/wp-content\/uploads\/2024\/04\/Lac-Torond-e-bosco-del-Poi-dopo-Vaia-2-150x150.jpg\" class=\"attachment-thumbnail size-thumbnail\" alt=\"\" \/><\/a>\n\t\t\t\t<\/dt><\/dl><dl class='gallery-item'>\n\t\t\t\t<dt class='gallery-icon landscape'>\n\t\t\t\t\t<a class=\"rollover rollover-zoom dt-pswp-item\" title=\"Lac Torond e bosco del Poi dopo Vaia 3\" data-dt-img-description=\"\" data-large_image_width=\"2048\" data-large_image_height=\"1536\"href='https:\/\/www.radiopiu.net\/wordpress\/wp-content\/uploads\/2024\/04\/Lac-Torond-e-bosco-del-Poi-dopo-Vaia-3.jpg'><img loading=\"lazy\" decoding=\"async\" width=\"150\" height=\"150\" src=\"https:\/\/www.radiopiu.net\/wordpress\/wp-content\/uploads\/2024\/04\/Lac-Torond-e-bosco-del-Poi-dopo-Vaia-3-150x150.jpg\" class=\"attachment-thumbnail size-thumbnail\" alt=\"\" \/><\/a>\n\t\t\t\t<\/dt><\/dl><dl class='gallery-item'>\n\t\t\t\t<dt class='gallery-icon portrait'>\n\t\t\t\t\t<a class=\"rollover rollover-zoom dt-pswp-item\" title=\"risorgive Soccher\" data-dt-img-description=\"\" data-large_image_width=\"1200\" data-large_image_height=\"1599\"href='https:\/\/www.radiopiu.net\/wordpress\/wp-content\/uploads\/2024\/04\/risorgive-Soccher.jpg'><img loading=\"lazy\" decoding=\"async\" width=\"150\" height=\"150\" src=\"https:\/\/www.radiopiu.net\/wordpress\/wp-content\/uploads\/2024\/04\/risorgive-Soccher-150x150.jpg\" class=\"attachment-thumbnail size-thumbnail\" alt=\"\" \/><\/a>\n\t\t\t\t<\/dt><\/dl><dl class='gallery-item'>\n\t\t\t\t<dt class='gallery-icon landscape'>\n\t\t\t\t\t<a class=\"rollover rollover-zoom dt-pswp-item\" title=\"risorgive Soccher (il nuovo canale che ha seccato parte dell&#039;area umida)\" data-dt-img-description=\"\" data-large_image_width=\"640\" data-large_image_height=\"640\"href='https:\/\/www.radiopiu.net\/wordpress\/wp-content\/uploads\/2024\/04\/risorgive-Soccher-il-nuovo-canale-che-ha-22seccato22-parte-dellarea-umida.jpg'><img loading=\"lazy\" decoding=\"async\" width=\"150\" height=\"150\" src=\"https:\/\/www.radiopiu.net\/wordpress\/wp-content\/uploads\/2024\/04\/risorgive-Soccher-il-nuovo-canale-che-ha-22seccato22-parte-dellarea-umida-150x150.jpg\" class=\"attachment-thumbnail size-thumbnail\" alt=\"\" srcset=\"https:\/\/www.radiopiu.net\/wordpress\/wp-content\/uploads\/2024\/04\/risorgive-Soccher-il-nuovo-canale-che-ha-22seccato22-parte-dellarea-umida-150x150.jpg 150w, https:\/\/www.radiopiu.net\/wordpress\/wp-content\/uploads\/2024\/04\/risorgive-Soccher-il-nuovo-canale-che-ha-22seccato22-parte-dellarea-umida-300x300.jpg 300w, https:\/\/www.radiopiu.net\/wordpress\/wp-content\/uploads\/2024\/04\/risorgive-Soccher-il-nuovo-canale-che-ha-22seccato22-parte-dellarea-umida.jpg 640w\" sizes=\"auto, (max-width: 150px) 100vw, 150px\" \/><\/a>\n\t\t\t\t<\/dt><\/dl><br style=\"clear: both\" \/>\n\t\t\t<\/div>\n\n<p>&nbsp;<\/p>\n<p>&nbsp;<\/p>\n<hr \/>\n<p>&nbsp;<\/p>\n<blockquote>\n<h3>\u00a0FONDO COMUNI CONFINANTI CONTRIBUTO DA 1 MILIONE DI EURO<\/h3>\n<\/blockquote>\n<p><strong><a class=\"dt-pswp-item\" href=\"https:\/\/www.radiopiu.net\/wordpress\/wp-content\/uploads\/2020\/05\/Dario-Bond.jpg\" data-dt-img-description=\"\" data-large_image_width=\"165\" data-large_image_height=\"228\"><img loading=\"lazy\" decoding=\"async\" class=\" wp-image-138833 alignleft\" src=\"https:\/\/www.radiopiu.net\/wordpress\/wp-content\/uploads\/2020\/05\/Dario-Bond.jpg\" alt=\"\" width=\"85\" height=\"118\" \/><\/a>BELLUNO<\/strong> Il progetto firmato recentemente tra il Presidente del Comitato di Gestione del Fondo Comuni Confinanti Dario Bond e Veneto Strade mira a migliorare la sicurezza e la viabilit\u00e0 degli itinerari che collegano l&#8217;area di valle con le malghe e i rifugi in quota. Le aree principali di intervento sono quelle del Parco Nazionale delle Dolomiti Bellunesi e il Cadore. Nel Parco, saranno interessate strade come la Strada Croce d\u2019Aune verso il Rifugio CAI \u201cDal Piaz\u201d, la Strada Val Canzoi verso Erera, e la Strada Val Cordevole verso il Rifugio CAI \u201cBianchet\u201d. Nel Cadore, le strade coinvolte includono il Collegamento tra le loc. Gera e loc. Sopal\u00f9, la Strada Cianzop\u00e8 verso il Rifugio 5 Torri e la Strada ponte di Serdes verso Senes. Questi interventi mirano a rendere pi\u00f9 sicuri e accessibili questi percorsi per residenti e visitatori.<\/p>\n<p><strong>IL PRESIDENTE DEL COMITATO DI GESTIONE DEL FONDO COMUNI CONFINANTI DARIO BOND<\/strong><\/p>\n<audio class=\"wp-audio-shortcode\" id=\"audio-384588-8\" preload=\"none\" style=\"width: 100%;\" controls=\"controls\"><source type=\"audio\/mpeg\" src=\"https:\/\/www.radiopiu.net\/wordpress\/wp-content\/uploads\/2024\/04\/Audio-Pres.-FCC-su-progetto-accesso-sentieri-CAI.mp3?_=8\" \/><a href=\"https:\/\/www.radiopiu.net\/wordpress\/wp-content\/uploads\/2024\/04\/Audio-Pres.-FCC-su-progetto-accesso-sentieri-CAI.mp3\">https:\/\/www.radiopiu.net\/wordpress\/wp-content\/uploads\/2024\/04\/Audio-Pres.-FCC-su-progetto-accesso-sentieri-CAI.mp3<\/a><\/audio>\n<p>&nbsp;<\/p>\n<hr \/>\n<p>&nbsp;<\/p>\n<blockquote>\n<h3>LA CONSIGLIERA PROVINCIALE DI PARITA&#8217; INVITA AD UN DIBATTITO POLITICO CORRETTO<\/h3>\n<\/blockquote>\n<p><strong><a class=\"dt-pswp-item\" href=\"https:\/\/www.radiopiu.net\/wordpress\/wp-content\/uploads\/2020\/06\/palazzo_piloni_belluno.jpg\" data-dt-img-description=\"\" data-large_image_width=\"1000\" data-large_image_height=\"667\"><img loading=\"lazy\" decoding=\"async\" class=\" wp-image-144771 alignleft\" src=\"https:\/\/www.radiopiu.net\/wordpress\/wp-content\/uploads\/2020\/06\/palazzo_piloni_belluno-300x200.jpg\" alt=\"\" width=\"170\" height=\"113\" srcset=\"https:\/\/www.radiopiu.net\/wordpress\/wp-content\/uploads\/2020\/06\/palazzo_piloni_belluno-300x200.jpg 300w, https:\/\/www.radiopiu.net\/wordpress\/wp-content\/uploads\/2020\/06\/palazzo_piloni_belluno-768x512.jpg 768w, https:\/\/www.radiopiu.net\/wordpress\/wp-content\/uploads\/2020\/06\/palazzo_piloni_belluno.jpg 1000w\" sizes=\"auto, (max-width: 170px) 100vw, 170px\" \/><\/a>BELLUNO<\/strong> La Consigliera di Parit\u00e0 della Provincia di Belluno sottolinea che la costruzione di una societ\u00e0 inclusiva \u00e8 responsabilit\u00e0 di tutti, soprattutto dei leader politici. Durante le elezioni, \u00e8 fondamentale che gli amministratori e coloro che gestiscono la cosa pubblica diano l&#8217;esempio con il loro comportamento. Le parole hanno un enorme potere nel plasmare il nostro mondo, e la politica spesso usa un linguaggio forte, ma recentemente alcune espressioni sono state offensive e mancanti di rispetto nei confronti degli altri. La diversit\u00e0 di pensiero \u00e8 un valore della nostra societ\u00e0, ma le parole devono essere scelte con cura per non ledere la dignit\u00e0 altrui, specialmente nel contesto del dibattito politico. Il rispetto reciproco attraverso il linguaggio \u00e8 essenziale per costruire una societ\u00e0 migliore, in cui la diversit\u00e0 delle opinioni trova un terreno comune nel rispetto reciproco.<\/p>\n<p>&nbsp;<\/p>\n<p>&nbsp;<\/p>\n<hr \/>\n<p>&nbsp;<\/p>\n<p>&nbsp;<\/p>\n<blockquote>\n<h3>\u00a0GLI INCONTRI CON LA POPOLAZIONE<\/h3>\n<\/blockquote>\n<p><strong>PONTE NELLE ALPI<\/strong> iniziano il 15 aprile a Lastreghe e si concludono a Roncan.\u00a0 De Menech sottolinea l&#8217;importanza di un dialogo aperto e trasparente<\/p>\n<p>&nbsp;<\/p>\n<p>&nbsp;<\/p>\n<hr \/>\n<p>&nbsp;<\/p>\n<blockquote>\n<h3>INTELLIGENZA ARTIFICIALE\u00a0 A VILLA CARPENADA<\/h3>\n<\/blockquote>\n<p><strong><a class=\"dt-pswp-item\" href=\"https:\/\/www.radiopiu.net\/wordpress\/wp-content\/uploads\/2024\/04\/88cc4334-9848-454d-a4c6-341be12e3df6.jpg\" data-dt-img-description=\"\" data-large_image_width=\"2040\" data-large_image_height=\"1536\"><img loading=\"lazy\" decoding=\"async\" class=\" wp-image-385160 alignleft\" src=\"https:\/\/www.radiopiu.net\/wordpress\/wp-content\/uploads\/2024\/04\/88cc4334-9848-454d-a4c6-341be12e3df6-300x226.jpg\" alt=\"\" width=\"161\" height=\"121\" srcset=\"https:\/\/www.radiopiu.net\/wordpress\/wp-content\/uploads\/2024\/04\/88cc4334-9848-454d-a4c6-341be12e3df6-300x226.jpg 300w, https:\/\/www.radiopiu.net\/wordpress\/wp-content\/uploads\/2024\/04\/88cc4334-9848-454d-a4c6-341be12e3df6-1024x771.jpg 1024w, https:\/\/www.radiopiu.net\/wordpress\/wp-content\/uploads\/2024\/04\/88cc4334-9848-454d-a4c6-341be12e3df6-768x578.jpg 768w, https:\/\/www.radiopiu.net\/wordpress\/wp-content\/uploads\/2024\/04\/88cc4334-9848-454d-a4c6-341be12e3df6-1536x1157.jpg 1536w, https:\/\/www.radiopiu.net\/wordpress\/wp-content\/uploads\/2024\/04\/88cc4334-9848-454d-a4c6-341be12e3df6.jpg 2040w\" sizes=\"auto, (max-width: 161px) 100vw, 161px\" \/><\/a>BELLUNO<\/strong><\/p>\n<p>DI LUISA ALCHINI<\/p>\n<audio class=\"wp-audio-shortcode\" id=\"audio-384588-9\" preload=\"none\" style=\"width: 100%;\" controls=\"controls\"><source type=\"audio\/mpeg\" src=\"https:\/\/www.radiopiu.net\/wordpress\/wp-content\/uploads\/2024\/04\/LUISA-Francesco-Ubertini-carpenada.mp3?_=9\" \/><a href=\"https:\/\/www.radiopiu.net\/wordpress\/wp-content\/uploads\/2024\/04\/LUISA-Francesco-Ubertini-carpenada.mp3\">https:\/\/www.radiopiu.net\/wordpress\/wp-content\/uploads\/2024\/04\/LUISA-Francesco-Ubertini-carpenada.mp3<\/a><\/audio>\n<p>&nbsp;<\/p>\n<hr \/>\n<p>&nbsp;<\/p>\n<blockquote>\n<h3 class=\"entry-title\">DILLO A RADIO PIU\u2019\u2026 PONTE NELLE ALPI, STAZIONE OLIMPICA\u2026<\/h3>\n<\/blockquote>\n<p>Riceviamo e Pubblichiamo<\/p>\n<p><strong>PONTE NELLE ALPI<\/strong> disservizi ferroviari,\u00a0 treni in arrivo e in partenza ieri mattina bloccati a Ponte Nelle Alpi per un non meglio precisato guasto tra la tratta Belluno- Ponte, passeggeri che devono scendere in pianura inferociti per i ritardi conseguenti e coincidenze perse, Benvenuti nella stazione olimpica allo porte di Cortina 2026<\/p>\n<p><em>roberto<\/em><\/p>\n<p>&nbsp;<\/p>\n<p>&nbsp;<\/p>\n<hr \/>\n<p>&nbsp;<\/p>\n<blockquote>\n<h3>I LIBRI SAPIENZA PARLANO: PRESENTE ANCHE IL CENTRO INTERNAZIONALE DEL LIBRO PARLATO DI FELTRE<\/h3>\n<\/blockquote>\n<p><strong><a class=\"dt-pswp-item\" href=\"https:\/\/www.radiopiu.net\/wordpress\/wp-content\/uploads\/2024\/04\/61c8798d-2623-4833-b927-5eab596810e7.jpg\" data-dt-img-description=\"\" data-large_image_width=\"1600\" data-large_image_height=\"1200\"><img loading=\"lazy\" decoding=\"async\" class=\" wp-image-385169 alignleft\" src=\"https:\/\/www.radiopiu.net\/wordpress\/wp-content\/uploads\/2024\/04\/61c8798d-2623-4833-b927-5eab596810e7-300x225.jpg\" alt=\"\" width=\"175\" height=\"131\" srcset=\"https:\/\/www.radiopiu.net\/wordpress\/wp-content\/uploads\/2024\/04\/61c8798d-2623-4833-b927-5eab596810e7-300x225.jpg 300w, https:\/\/www.radiopiu.net\/wordpress\/wp-content\/uploads\/2024\/04\/61c8798d-2623-4833-b927-5eab596810e7-1024x768.jpg 1024w, https:\/\/www.radiopiu.net\/wordpress\/wp-content\/uploads\/2024\/04\/61c8798d-2623-4833-b927-5eab596810e7-768x576.jpg 768w, https:\/\/www.radiopiu.net\/wordpress\/wp-content\/uploads\/2024\/04\/61c8798d-2623-4833-b927-5eab596810e7-1536x1152.jpg 1536w, https:\/\/www.radiopiu.net\/wordpress\/wp-content\/uploads\/2024\/04\/61c8798d-2623-4833-b927-5eab596810e7.jpg 1600w\" sizes=\"auto, (max-width: 175px) 100vw, 175px\" \/><\/a>ROMA<\/strong><\/p>\n<p>DI LUISA ALCHINI<\/p>\n<p>&nbsp;<\/p>\n<p>&nbsp;<\/p>\n<p>&nbsp;<\/p>\n<p><strong>AUDIO 1<\/strong><\/p>\n<audio class=\"wp-audio-shortcode\" id=\"audio-384588-10\" preload=\"none\" style=\"width: 100%;\" controls=\"controls\"><source type=\"audio\/mpeg\" src=\"https:\/\/www.radiopiu.net\/wordpress\/wp-content\/uploads\/2024\/04\/LUISA-progetto-universita-la-sapenza.mp3?_=10\" \/><a href=\"https:\/\/www.radiopiu.net\/wordpress\/wp-content\/uploads\/2024\/04\/LUISA-progetto-universita-la-sapenza.mp3\">https:\/\/www.radiopiu.net\/wordpress\/wp-content\/uploads\/2024\/04\/LUISA-progetto-universita-la-sapenza.mp3<\/a><\/audio>\n<p><strong>AUDIO 2\u00a0<\/strong><\/p>\n<audio class=\"wp-audio-shortcode\" id=\"audio-384588-11\" preload=\"none\" style=\"width: 100%;\" controls=\"controls\"><source type=\"audio\/mpeg\" src=\"https:\/\/www.radiopiu.net\/wordpress\/wp-content\/uploads\/2024\/04\/2-libro-parlato-e-sapienza-servizio.mp3?_=11\" \/><a href=\"https:\/\/www.radiopiu.net\/wordpress\/wp-content\/uploads\/2024\/04\/2-libro-parlato-e-sapienza-servizio.mp3\">https:\/\/www.radiopiu.net\/wordpress\/wp-content\/uploads\/2024\/04\/2-libro-parlato-e-sapienza-servizio.mp3<\/a><\/audio>\n<p>&nbsp;<\/p>\n<p>&nbsp;<\/p>\n<hr \/>\n<p>&nbsp;<\/p>\n<blockquote>\n<h2>&#8220;Successo degli Screening: Un Importante Passo verso la Salute Pubblica&#8221;<\/h2>\n<\/blockquote>\n<p><img loading=\"lazy\" decoding=\"async\" class=\"alignleft\" src=\"https:\/\/www.radiopiu.net\/wordpress\/wp-content\/uploads\/2024\/04\/WhatsApp-Image-2024-04-12-at-16.36.14.jpeg\" width=\"330\" height=\"247\" \/><\/p>\n<p><strong>BELLUNO<\/strong> &#8220;Successo degli Screening: Migliaia di Donne Sottoposte a Esami Vitali&#8221; &#8211; Il Commissario Dal Ben, insieme al gruppo dei referenti screening, annuncia che nel 2023 oltre 10.000 donne hanno eseguito il Pap test, mentre sono state effettuate pi\u00f9 di 14.000 mammografie e 17.000 test per il sangue occulto. Gli screening, attivi da circa 30 anni, hanno ridotto la mortalit\u00e0 per cancro della mammella e del colon retto del 20% e l&#8217;incidenza del cancro del colon retto del 20%. Nonostante il successo, si evidenzia la necessit\u00e0 di migliorare la copertura dello screening del colon retto, ora esteso alla fascia d&#8217;et\u00e0 50-74 anni e reso pi\u00f9 accessibile attraverso farmacie locali. Si appella alla partecipazione agli screening, vitale per la salute.<\/p>\n<p>&nbsp;<\/p>\n<p>&nbsp;<\/p>\n<p>&nbsp;<\/p>\n<hr \/>\n<p>&nbsp;<\/p>\n<blockquote>\n<h3>MARATONA DI LETTURA 2024: COMUNE DI FELTRE E CONSORZIO DOLOMITI PREALPI INCONTRANO GLI OPERATORI DELLE STRUTTURE RICETTIVE<\/h3>\n<\/blockquote>\n<p><strong><a class=\"dt-pswp-item\" href=\"https:\/\/www.radiopiu.net\/wordpress\/wp-content\/uploads\/2023\/09\/LIBRO.jpg\" data-dt-img-description=\"\" data-large_image_width=\"1280\" data-large_image_height=\"854\"><img loading=\"lazy\" decoding=\"async\" class=\" wp-image-352342 alignleft\" src=\"https:\/\/www.radiopiu.net\/wordpress\/wp-content\/uploads\/2023\/09\/LIBRO-300x200.jpg\" alt=\"\" width=\"150\" height=\"100\" srcset=\"https:\/\/www.radiopiu.net\/wordpress\/wp-content\/uploads\/2023\/09\/LIBRO-300x200.jpg 300w, https:\/\/www.radiopiu.net\/wordpress\/wp-content\/uploads\/2023\/09\/LIBRO-1024x683.jpg 1024w, https:\/\/www.radiopiu.net\/wordpress\/wp-content\/uploads\/2023\/09\/LIBRO-768x512.jpg 768w, https:\/\/www.radiopiu.net\/wordpress\/wp-content\/uploads\/2023\/09\/LIBRO.jpg 1280w\" sizes=\"auto, (max-width: 150px) 100vw, 150px\" \/><\/a>FELTRE <\/strong>E&#8217; iniziato il conto alla rovescia in vista della Maratona di Lettura 2024, il cui programma interesser\u00e0 quest&#8217;anno, con una serie di eventi e di incontri, tutto il territorio Feltrino e che si dipaner\u00e0 da luned\u00ec 29 aprile a sabato 4 maggio. Una manifestazione dall&#8217;alta valenza culturale, ma anche turistica, visto che la Maratona attrae storicamente partecipanti e visitatori da tutto il Triveneto e non solo. A maggior ragione in questa edizione che prevede &#8211; legati al tema dell&#8217;acqua e della salvaguardia ambientale &#8211; visite, laboratori ed esperienze all&#8217;aperto,\u00a0 a diretto contatto con il nostro patrimonio naturale. Un&#8217;occasione preziosa anche per far conoscere la citt\u00e0 e il suo territorio, che l&#8217;Amministrazione Comunale vuole condividere con tutti gli operatori commerciali e del settore e dell&#8217;accoglienza.<\/p>\n<p>&nbsp;<\/p>\n<p>&nbsp;<\/p>\n<p>&nbsp;<\/p>\n<hr \/>\n<p>&nbsp;<\/p>\n<blockquote>\n<h3>IL PARCO NAZIONALE DOLOMITI BELLUNESI PRESENTA IL NUOVO VOLUME DEI QUADERNI DEL MUSEO NATURALISTICO<\/h3>\n<\/blockquote>\n<p><strong><a class=\"dt-pswp-item\" href=\"https:\/\/www.radiopiu.net\/wordpress\/wp-content\/uploads\/2021\/07\/PARCO-DOLOMITI-BELLUNESI.jpg\" data-dt-img-description=\"\" data-large_image_width=\"259\" data-large_image_height=\"440\"><img loading=\"lazy\" decoding=\"async\" class=\" wp-image-223150 alignleft\" src=\"https:\/\/www.radiopiu.net\/wordpress\/wp-content\/uploads\/2021\/07\/PARCO-DOLOMITI-BELLUNESI-177x300.jpg\" alt=\"\" width=\"86\" height=\"146\" srcset=\"https:\/\/www.radiopiu.net\/wordpress\/wp-content\/uploads\/2021\/07\/PARCO-DOLOMITI-BELLUNESI-177x300.jpg 177w, https:\/\/www.radiopiu.net\/wordpress\/wp-content\/uploads\/2021\/07\/PARCO-DOLOMITI-BELLUNESI.jpg 259w\" sizes=\"auto, (max-width: 86px) 100vw, 86px\" \/><\/a>FELTRE<\/strong> Il Parco Nazionale Dolomiti Bellunesi ha pubblicato il terzo volume della collana &#8220;Quaderni del museo naturalistico Dolomiti Bellunesi&#8221;, dedicato alla storia della botanica nella provincia di Belluno. Gli autori, Carlo Argenti e Gianni Poloniato, esaminano le segnalazioni provenienti dal Bellunese presenti nei lavori dei due professori, le biografie degli studiosi locali e l&#8217;importanza scientifica delle specie segnalate. Il volume, finanziato da UNIFARCO e con il supporto degli atenei di Bologna e Firenze, sar\u00e0 presentato il 19 aprile a Feltre, con la partecipazione dei due autori, del Presidente del Parco, di Unifarco e del Prefetto dell&#8217;Orto botanico di Bologna. Il volume sar\u00e0 distribuito gratuitamente al pubblico.<\/p>\n<p>&nbsp;<\/p>\n<p>&nbsp;<\/p>\n<hr \/>\n<p>&nbsp;<\/p>\n<blockquote>\n<h3>SABATO 20 APRILE LA GIORNATA DELLA RIPARAZIONE, DEL RICICLO E DEL RIUSO<\/h3>\n<\/blockquote>\n<p><strong><a class=\"dt-pswp-item\" href=\"https:\/\/www.radiopiu.net\/wordpress\/wp-content\/uploads\/2024\/04\/unnamed-4.jpg\" data-dt-img-description=\"\" data-large_image_width=\"1920\" data-large_image_height=\"1440\"><img loading=\"lazy\" decoding=\"async\" class=\" wp-image-385098 alignleft\" src=\"https:\/\/www.radiopiu.net\/wordpress\/wp-content\/uploads\/2024\/04\/unnamed-4-300x225.jpg\" alt=\"\" width=\"183\" height=\"137\" srcset=\"https:\/\/www.radiopiu.net\/wordpress\/wp-content\/uploads\/2024\/04\/unnamed-4-300x225.jpg 300w, https:\/\/www.radiopiu.net\/wordpress\/wp-content\/uploads\/2024\/04\/unnamed-4-1024x768.jpg 1024w, https:\/\/www.radiopiu.net\/wordpress\/wp-content\/uploads\/2024\/04\/unnamed-4-768x576.jpg 768w, https:\/\/www.radiopiu.net\/wordpress\/wp-content\/uploads\/2024\/04\/unnamed-4-1536x1152.jpg 1536w, https:\/\/www.radiopiu.net\/wordpress\/wp-content\/uploads\/2024\/04\/unnamed-4.jpg 1920w\" sizes=\"auto, (max-width: 183px) 100vw, 183px\" \/><\/a><\/strong><strong>BELLUNO <\/strong>Sabato 20 Aprile 2024, il Centro Diocesano Giovanni XXIII a Belluno ospiter\u00e0 la Giornata della Riparazione, promuovendo riparazione, riciclo e riuso. Con il Sindaco De Pellegrin e altri relatori illustri, si presenter\u00e0 il libro &#8220;I 6 Principi Naturali nell&#8217;Impresa e nella Societ\u00e0 Civile&#8221; di Paolo Ricotti. Saranno discussi modelli di produzione circolari, riparazioni professionali e pratiche di riuso nel settore della ristorazione. Roberto Basso parler\u00e0 di noleggio di stoviglie riutilizzabili, Mirco De Bona, esperto di riparazioni professionali, condivider\u00e0 la sua esperienza e l&#8217;importanza di sensibilizzare le persone affinch\u00e9 adottino un cambiamento di tendenza verso la riparazione anzich\u00e9 il rimpiazzo mentre Michele Verdolini presenter\u00e0 progetti sostenibili del Fablab. Dibattito e networking completeranno l&#8217;evento, aperto a tutti per promuovere uno stile di vita sostenibile. Per info e iscrizioni: <a target=\"_new\" rel=\"noopener\">stefano.balbinot@centroconsorzi.it<\/a>, tel. 0437 851 351.<\/p>\n\n\t\t\t<style type='text\/css'>\n\t\t\t\t#gallery-7 {\n\t\t\t\t\tmargin: auto;\n\t\t\t\t}\n\t\t\t\t#gallery-7 .gallery-item {\n\t\t\t\t\tfloat: left;\n\t\t\t\t\tmargin-top: 10px;\n\t\t\t\t\ttext-align: center;\n\t\t\t\t\twidth: 25%;\n\t\t\t\t}\n\t\t\t\t#gallery-7 img {\n\t\t\t\t\tborder: 2px solid #cfcfcf;\n\t\t\t\t}\n\t\t\t\t#gallery-7 .gallery-caption {\n\t\t\t\t\tmargin-left: 0;\n\t\t\t\t}\n\t\t\t\t\/* see gallery_shortcode() in wp-includes\/media.php *\/\n\t\t\t<\/style>\n\t\t<div id='gallery-7' class='dt-gallery-container gallery galleryid-384588 gallery-columns-4 gallery-size-thumbnail'><dl class='gallery-item'>\n\t\t\t\t<dt class='gallery-icon landscape'>\n\t\t\t\t\t<a class=\"rollover rollover-zoom dt-pswp-item\" title=\"434646767_928155109311500_551099170992330159_n\" data-dt-img-description=\"\" data-large_image_width=\"2048\" data-large_image_height=\"2048\"href='https:\/\/www.radiopiu.net\/wordpress\/wp-content\/uploads\/2024\/04\/434646767_928155109311500_551099170992330159_n.jpg'><img loading=\"lazy\" decoding=\"async\" width=\"150\" height=\"150\" src=\"https:\/\/www.radiopiu.net\/wordpress\/wp-content\/uploads\/2024\/04\/434646767_928155109311500_551099170992330159_n-150x150.jpg\" class=\"attachment-thumbnail size-thumbnail\" alt=\"\" srcset=\"https:\/\/www.radiopiu.net\/wordpress\/wp-content\/uploads\/2024\/04\/434646767_928155109311500_551099170992330159_n-150x150.jpg 150w, https:\/\/www.radiopiu.net\/wordpress\/wp-content\/uploads\/2024\/04\/434646767_928155109311500_551099170992330159_n-300x300.jpg 300w, https:\/\/www.radiopiu.net\/wordpress\/wp-content\/uploads\/2024\/04\/434646767_928155109311500_551099170992330159_n-1024x1024.jpg 1024w, https:\/\/www.radiopiu.net\/wordpress\/wp-content\/uploads\/2024\/04\/434646767_928155109311500_551099170992330159_n-768x768.jpg 768w, https:\/\/www.radiopiu.net\/wordpress\/wp-content\/uploads\/2024\/04\/434646767_928155109311500_551099170992330159_n-1536x1536.jpg 1536w, https:\/\/www.radiopiu.net\/wordpress\/wp-content\/uploads\/2024\/04\/434646767_928155109311500_551099170992330159_n.jpg 2048w\" sizes=\"auto, (max-width: 150px) 100vw, 150px\" \/><\/a>\n\t\t\t\t<\/dt><\/dl><dl class='gallery-item'>\n\t\t\t\t<dt class='gallery-icon landscape'>\n\t\t\t\t\t<a class=\"rollover rollover-zoom dt-pswp-item\" title=\"434605685_928155115978166_659216115900202562_n\" data-dt-img-description=\"\" data-large_image_width=\"2048\" data-large_image_height=\"2048\"href='https:\/\/www.radiopiu.net\/wordpress\/wp-content\/uploads\/2024\/04\/434605685_928155115978166_659216115900202562_n.jpg'><img loading=\"lazy\" decoding=\"async\" width=\"150\" height=\"150\" src=\"https:\/\/www.radiopiu.net\/wordpress\/wp-content\/uploads\/2024\/04\/434605685_928155115978166_659216115900202562_n-150x150.jpg\" class=\"attachment-thumbnail size-thumbnail\" alt=\"\" srcset=\"https:\/\/www.radiopiu.net\/wordpress\/wp-content\/uploads\/2024\/04\/434605685_928155115978166_659216115900202562_n-150x150.jpg 150w, https:\/\/www.radiopiu.net\/wordpress\/wp-content\/uploads\/2024\/04\/434605685_928155115978166_659216115900202562_n-300x300.jpg 300w, https:\/\/www.radiopiu.net\/wordpress\/wp-content\/uploads\/2024\/04\/434605685_928155115978166_659216115900202562_n-1024x1024.jpg 1024w, https:\/\/www.radiopiu.net\/wordpress\/wp-content\/uploads\/2024\/04\/434605685_928155115978166_659216115900202562_n-768x768.jpg 768w, https:\/\/www.radiopiu.net\/wordpress\/wp-content\/uploads\/2024\/04\/434605685_928155115978166_659216115900202562_n-1536x1536.jpg 1536w, https:\/\/www.radiopiu.net\/wordpress\/wp-content\/uploads\/2024\/04\/434605685_928155115978166_659216115900202562_n.jpg 2048w\" sizes=\"auto, (max-width: 150px) 100vw, 150px\" \/><\/a>\n\t\t\t\t<\/dt><\/dl><dl class='gallery-item'>\n\t\t\t\t<dt class='gallery-icon landscape'>\n\t\t\t\t\t<a class=\"rollover rollover-zoom dt-pswp-item\" title=\"420545694_928155112644833_7720655077078253254_n\" data-dt-img-description=\"\" data-large_image_width=\"2048\" data-large_image_height=\"2048\"href='https:\/\/www.radiopiu.net\/wordpress\/wp-content\/uploads\/2024\/04\/420545694_928155112644833_7720655077078253254_n.jpg'><img loading=\"lazy\" decoding=\"async\" width=\"150\" height=\"150\" src=\"https:\/\/www.radiopiu.net\/wordpress\/wp-content\/uploads\/2024\/04\/420545694_928155112644833_7720655077078253254_n-150x150.jpg\" class=\"attachment-thumbnail size-thumbnail\" alt=\"\" srcset=\"https:\/\/www.radiopiu.net\/wordpress\/wp-content\/uploads\/2024\/04\/420545694_928155112644833_7720655077078253254_n-150x150.jpg 150w, https:\/\/www.radiopiu.net\/wordpress\/wp-content\/uploads\/2024\/04\/420545694_928155112644833_7720655077078253254_n-300x300.jpg 300w, https:\/\/www.radiopiu.net\/wordpress\/wp-content\/uploads\/2024\/04\/420545694_928155112644833_7720655077078253254_n-1024x1024.jpg 1024w, https:\/\/www.radiopiu.net\/wordpress\/wp-content\/uploads\/2024\/04\/420545694_928155112644833_7720655077078253254_n-768x768.jpg 768w, https:\/\/www.radiopiu.net\/wordpress\/wp-content\/uploads\/2024\/04\/420545694_928155112644833_7720655077078253254_n-1536x1536.jpg 1536w, https:\/\/www.radiopiu.net\/wordpress\/wp-content\/uploads\/2024\/04\/420545694_928155112644833_7720655077078253254_n.jpg 2048w\" sizes=\"auto, (max-width: 150px) 100vw, 150px\" \/><\/a>\n\t\t\t\t<\/dt><\/dl><dl class='gallery-item'>\n\t\t\t\t<dt class='gallery-icon landscape'>\n\t\t\t\t\t<a class=\"rollover rollover-zoom dt-pswp-item\" title=\"417392199_928155209311490_685700360699864316_n\" data-dt-img-description=\"\" data-large_image_width=\"2048\" data-large_image_height=\"2048\"href='https:\/\/www.radiopiu.net\/wordpress\/wp-content\/uploads\/2024\/04\/417392199_928155209311490_685700360699864316_n.jpg'><img loading=\"lazy\" decoding=\"async\" width=\"150\" height=\"150\" src=\"https:\/\/www.radiopiu.net\/wordpress\/wp-content\/uploads\/2024\/04\/417392199_928155209311490_685700360699864316_n-150x150.jpg\" class=\"attachment-thumbnail size-thumbnail\" alt=\"\" srcset=\"https:\/\/www.radiopiu.net\/wordpress\/wp-content\/uploads\/2024\/04\/417392199_928155209311490_685700360699864316_n-150x150.jpg 150w, https:\/\/www.radiopiu.net\/wordpress\/wp-content\/uploads\/2024\/04\/417392199_928155209311490_685700360699864316_n-300x300.jpg 300w, https:\/\/www.radiopiu.net\/wordpress\/wp-content\/uploads\/2024\/04\/417392199_928155209311490_685700360699864316_n-1024x1024.jpg 1024w, https:\/\/www.radiopiu.net\/wordpress\/wp-content\/uploads\/2024\/04\/417392199_928155209311490_685700360699864316_n-768x768.jpg 768w, https:\/\/www.radiopiu.net\/wordpress\/wp-content\/uploads\/2024\/04\/417392199_928155209311490_685700360699864316_n-1536x1536.jpg 1536w, https:\/\/www.radiopiu.net\/wordpress\/wp-content\/uploads\/2024\/04\/417392199_928155209311490_685700360699864316_n.jpg 2048w\" sizes=\"auto, (max-width: 150px) 100vw, 150px\" \/><\/a>\n\t\t\t\t<\/dt><\/dl><br style=\"clear: both\" \/>\n\t\t\t<\/div>\n\n<p>&nbsp;<\/p>\n<p>&nbsp;<\/p>\n<hr \/>\n<p>&nbsp;<\/p>\n<blockquote>\n<h3>IL SEMINARIO &#8220;CREATIVITA&#8217; PER LA LIBERTA'&#8221;<\/h3>\n<\/blockquote>\n<p><strong>BELLUNO<\/strong> Il 27 aprile presso il Centro di Solidariet\u00e0 di Belluno onlus si terr\u00e0 il primo seminario del progetto &#8220;Creativit\u00e0 per la libert\u00e0&#8221;, finanziato dal Dipartimento per Le Politiche Antidroga della Presidenza del Consiglio dei Ministri. Il progetto si focalizza sulla prevenzione e il contrasto delle dipendenze comportamentali e da sostanze nelle nuove generazioni. Il seminario &#8220;Corpo ed emozioni: strumenti per la relazione&#8221; introdurr\u00e0 ai laboratori di movimento espressivo per ragazzi coinvolti nei campi estivi 2024 organizzati da ODAR e APS Amici dei Disabili e dei Minori. Rivolto agli educatori\/animatori, il seminario offrir\u00e0 conoscenze sulle emozioni di base e competenze per una comunicazione efficace e relazioni aperte ed emotive. Tenuto dal dottor Andrea Genuin, psicologo clinico specializzato nella conduzione dei Bonding Group, il seminario includer\u00e0 anche esperienze pratiche.<\/p>\n<p>&nbsp;<\/p>\n<p>&nbsp;<\/p>\n<hr \/>\n<p>&nbsp;<\/p>\n<blockquote>\n<h3>LA RACCOLTA FONDI PER FIBROSI CISTICA<\/h3>\n<\/blockquote>\n<div data-block=\"true\" data-editor=\"avj4u\" data-offset-key=\"d3i0j-0-0\">\n<p><strong>BELLUNO<\/strong> Volontari in azione per la raccolta fondi Fibrosi Cistica, regalando dipladenie: 4 maggio Agordo e Parrocchie del Poi; 11 e 12 maggio Falcade e Caviola; 4 maggio Alpini Castion, Puos d&#8217;Alpago, Zoppe&#8217; di Cadore, Santo Stefano di Cadore, Belluno; 8 maggio Alpini Limana; Farra d&#8217;Alpago e Dosoledo, consegna porta a porta.<\/p>\n<div data-block=\"true\" data-editor=\"avj4u\" data-offset-key=\"d3i0j-0-0\"><\/div>\n<\/div>\n<div data-block=\"true\" data-editor=\"avj4u\" data-offset-key=\"d3i0j-0-0\"><\/div>\n<div data-block=\"true\" data-editor=\"avj4u\" data-offset-key=\"d3i0j-0-0\">\n<hr \/>\n<\/div>\n<div data-block=\"true\" data-editor=\"avj4u\" data-offset-key=\"d3i0j-0-0\"><\/div>\n<blockquote>\n<h3 data-block=\"true\" data-editor=\"avj4u\" data-offset-key=\"d3i0j-0-0\">RIAPERTA LA SP3 DELLA VALLE IMPERINA<\/h3>\n<\/blockquote>\n<div data-block=\"true\" data-editor=\"avj4u\" data-offset-key=\"d3i0j-0-0\">\n<p><strong><a class=\"dt-pswp-item\" href=\"https:\/\/www.radiopiu.net\/wordpress\/wp-content\/uploads\/2024\/04\/99c8ec4b-c4f2-4ff9-b917-d22d56584879.jpg\" data-dt-img-description=\"\" data-large_image_width=\"1200\" data-large_image_height=\"1599\"><img loading=\"lazy\" decoding=\"async\" class=\" wp-image-382981 alignleft\" src=\"https:\/\/www.radiopiu.net\/wordpress\/wp-content\/uploads\/2024\/04\/99c8ec4b-c4f2-4ff9-b917-d22d56584879-225x300.jpg\" alt=\"\" width=\"128\" height=\"170\" srcset=\"https:\/\/www.radiopiu.net\/wordpress\/wp-content\/uploads\/2024\/04\/99c8ec4b-c4f2-4ff9-b917-d22d56584879-225x300.jpg 225w, https:\/\/www.radiopiu.net\/wordpress\/wp-content\/uploads\/2024\/04\/99c8ec4b-c4f2-4ff9-b917-d22d56584879-768x1023.jpg 768w, https:\/\/www.radiopiu.net\/wordpress\/wp-content\/uploads\/2024\/04\/99c8ec4b-c4f2-4ff9-b917-d22d56584879-1153x1536.jpg 1153w, https:\/\/www.radiopiu.net\/wordpress\/wp-content\/uploads\/2024\/04\/99c8ec4b-c4f2-4ff9-b917-d22d56584879.jpg 1200w\" sizes=\"auto, (max-width: 128px) 100vw, 128px\" \/><\/a> <\/strong><\/p>\n<p><strong>\u00a0<\/strong><\/p>\n<p><strong>\u00a0<\/strong><\/p>\n<p><strong>REDAZIONE<\/strong> Veneto Strade comunica che a partire dalle 14 \u00e8 stata riaperta regolarmente al traffico la S.P. 3 \u201cValle Imperina\u201d dal km 10+250 al km 10+350 (loc. Capitel del Pian). Venerd\u00ec scorso era stata chiusa a causa di una frana.<\/p>\n<p>&nbsp;<\/p>\n<\/div>\n<p>&nbsp;<\/p>\n<p>&nbsp;<\/p>\n<p>&nbsp;<\/p>\n<hr \/>\n<p>&nbsp;<\/p>\n<blockquote>\n<h3><strong>Disponibili online le certificazioni esenzioni per reddito dal 9 aprile 2024<\/strong><\/h3>\n<\/blockquote>\n<p><strong>BELLUNO<\/strong> L&#8217;Azienda ULSS 1 Dolomiti informa che le certificazioni delle esenzioni per reddito saranno accessibili dal 9 aprile 2024 sul portale <a href=\"https:\/\/salute.regione.veneto.it\/\" target=\"_new\" rel=\"noopener\">salute.regione.veneto.it<\/a>.<\/p>\n<a href=\"https:\/\/www.radiopiu.net\/wordpress\/wp-content\/uploads\/2024\/04\/Locandina_certificati-di-esenzione-2024.pdf\" class=\"pdfemb-viewer\" style=\"\" data-width=\"max\" data-height=\"max\" data-toolbar=\"top\" data-toolbar-fixed=\"on\">Locandina_certificati di esenzione 2024<\/a>\n<p>&nbsp;<\/p>\n<hr \/>\n<p>&nbsp;<\/p>\n<h2><a class=\"dt-pswp-item\" href=\"https:\/\/www.radiopiu.net\/wordpress\/wp-content\/uploads\/2024\/04\/1a9437e4-12a3-4c8d-a2a5-b48a6ee7665f.jpg\" data-dt-img-description=\"\" data-large_image_width=\"707\" data-large_image_height=\"1000\"><img loading=\"lazy\" decoding=\"async\" class=\"size-medium wp-image-383610 alignleft\" src=\"https:\/\/www.radiopiu.net\/wordpress\/wp-content\/uploads\/2024\/04\/1a9437e4-12a3-4c8d-a2a5-b48a6ee7665f-212x300.jpg\" alt=\"\" width=\"212\" height=\"300\" srcset=\"https:\/\/www.radiopiu.net\/wordpress\/wp-content\/uploads\/2024\/04\/1a9437e4-12a3-4c8d-a2a5-b48a6ee7665f-212x300.jpg 212w, https:\/\/www.radiopiu.net\/wordpress\/wp-content\/uploads\/2024\/04\/1a9437e4-12a3-4c8d-a2a5-b48a6ee7665f.jpg 707w\" sizes=\"auto, (max-width: 212px) 100vw, 212px\" \/><\/a><\/h2>\n<h2><\/h2>\n<h2><\/h2>\n<h2><\/h2>\n<h2>UN LIBRO, UNA STORIA&#8230; LA VITA<\/h2>\n<p><strong>BORGO VALBELLUNA<\/strong> Oggi alle 20.30 in Muncipio a Mel, Mirko Bortoluzzi presenta &#8220;le avventure di una persona disabilmente normale&#8221;. Intervengono Giorgio Fornasier e Oscar De Pellegrin. Letture di Sonia Vazza, modera Alessia Pedol. Il ricavato della vendita del libro sar\u00e0 devoluto ad Assi.<\/p>\n<p>&nbsp;<\/p>\n<p>&nbsp;<\/p>\n<p>&nbsp;<\/p>\n<p>&nbsp;<\/p>\n<hr \/>\n<p>&nbsp;<\/p>\n<blockquote>\n<h3>OGGI DOPPIO APPUNTAMENTO MUSICALE CON MARCO V. DAL FARRA E I COLLAGE<\/h3>\n<\/blockquote>\n<p><strong><a class=\"dt-pswp-item\" href=\"https:\/\/www.radiopiu.net\/wordpress\/wp-content\/uploads\/2024\/04\/concerto.jpg\" data-dt-img-description=\"\" data-large_image_width=\"1280\" data-large_image_height=\"851\"><img loading=\"lazy\" decoding=\"async\" class=\" wp-image-384513 alignleft\" src=\"https:\/\/www.radiopiu.net\/wordpress\/wp-content\/uploads\/2024\/04\/concerto-300x199.jpg\" alt=\"\" width=\"155\" height=\"103\" srcset=\"https:\/\/www.radiopiu.net\/wordpress\/wp-content\/uploads\/2024\/04\/concerto-300x199.jpg 300w, https:\/\/www.radiopiu.net\/wordpress\/wp-content\/uploads\/2024\/04\/concerto-1024x681.jpg 1024w, https:\/\/www.radiopiu.net\/wordpress\/wp-content\/uploads\/2024\/04\/concerto-768x511.jpg 768w, https:\/\/www.radiopiu.net\/wordpress\/wp-content\/uploads\/2024\/04\/concerto.jpg 1280w\" sizes=\"auto, (max-width: 155px) 100vw, 155px\" \/><\/a>REDAZIONE<\/strong> Oggi doppio appuntamento per gli amanti della musica. A Trichiana al teatro San Felice la presentazione del nuovo disco di Marco V. Dal Farra. Alle 20:45 il cantante bellunese salir\u00e0 sul palco per presentare a tutti i brani che compongono &#8220;Qui noi tutto bene, a presto&#8221;. A Fiera di Primiero il concerto dei Collage, la band famosa dagli anni 70 che alle 21 all&#8217;Auditorium Intercomunale presenter\u00e0 i suoi grandi successi.<\/p>\n<audio class=\"wp-audio-shortcode\" id=\"audio-384588-12\" preload=\"none\" style=\"width: 100%;\" controls=\"controls\"><source type=\"audio\/mpeg\" src=\"https:\/\/www.radiopiu.net\/wordpress\/wp-content\/uploads\/2024\/04\/GF16.mp3?_=12\" \/><a href=\"https:\/\/www.radiopiu.net\/wordpress\/wp-content\/uploads\/2024\/04\/GF16.mp3\">https:\/\/www.radiopiu.net\/wordpress\/wp-content\/uploads\/2024\/04\/GF16.mp3<\/a><\/audio>\n<p>&nbsp;<\/p>\n<hr \/>\n<p>&nbsp;<\/p>\n<blockquote>\n<h2>in vallata:<\/h2>\n<\/blockquote>\n\n\t\t\t<style type='text\/css'>\n\t\t\t\t#gallery-8 {\n\t\t\t\t\tmargin: auto;\n\t\t\t\t}\n\t\t\t\t#gallery-8 .gallery-item {\n\t\t\t\t\tfloat: left;\n\t\t\t\t\tmargin-top: 10px;\n\t\t\t\t\ttext-align: center;\n\t\t\t\t\twidth: 25%;\n\t\t\t\t}\n\t\t\t\t#gallery-8 img {\n\t\t\t\t\tborder: 2px solid #cfcfcf;\n\t\t\t\t}\n\t\t\t\t#gallery-8 .gallery-caption {\n\t\t\t\t\tmargin-left: 0;\n\t\t\t\t}\n\t\t\t\t\/* see gallery_shortcode() in wp-includes\/media.php *\/\n\t\t\t<\/style>\n\t\t<div id='gallery-8' class='dt-gallery-container gallery galleryid-384588 gallery-columns-4 gallery-size-medium'><dl class='gallery-item'>\n\t\t\t\t<dt class='gallery-icon portrait'>\n\t\t\t\t\t<a class=\"rollover rollover-zoom dt-pswp-item\" title=\"44acb3a3-e80a-42eb-a834-cb187a9ef8ea\" data-dt-img-description=\"\" data-large_image_width=\"1132\" data-large_image_height=\"1600\"href='https:\/\/www.radiopiu.net\/wordpress\/wp-content\/uploads\/2024\/03\/44acb3a3-e80a-42eb-a834-cb187a9ef8ea.jpg'><img loading=\"lazy\" decoding=\"async\" width=\"212\" height=\"300\" src=\"https:\/\/www.radiopiu.net\/wordpress\/wp-content\/uploads\/2024\/03\/44acb3a3-e80a-42eb-a834-cb187a9ef8ea-212x300.jpg\" class=\"attachment-medium size-medium\" alt=\"\" srcset=\"https:\/\/www.radiopiu.net\/wordpress\/wp-content\/uploads\/2024\/03\/44acb3a3-e80a-42eb-a834-cb187a9ef8ea-212x300.jpg 212w, https:\/\/www.radiopiu.net\/wordpress\/wp-content\/uploads\/2024\/03\/44acb3a3-e80a-42eb-a834-cb187a9ef8ea-724x1024.jpg 724w, https:\/\/www.radiopiu.net\/wordpress\/wp-content\/uploads\/2024\/03\/44acb3a3-e80a-42eb-a834-cb187a9ef8ea-768x1086.jpg 768w, https:\/\/www.radiopiu.net\/wordpress\/wp-content\/uploads\/2024\/03\/44acb3a3-e80a-42eb-a834-cb187a9ef8ea-1087x1536.jpg 1087w, https:\/\/www.radiopiu.net\/wordpress\/wp-content\/uploads\/2024\/03\/44acb3a3-e80a-42eb-a834-cb187a9ef8ea.jpg 1132w\" sizes=\"auto, (max-width: 212px) 100vw, 212px\" \/><\/a>\n\t\t\t\t<\/dt><\/dl><dl class='gallery-item'>\n\t\t\t\t<dt class='gallery-icon portrait'>\n\t\t\t\t\t<a class=\"rollover rollover-zoom dt-pswp-item\" title=\"d02fe35d-334c-4039-81d3-508c3e863bed\" data-dt-img-description=\"\" data-large_image_width=\"1136\" data-large_image_height=\"1600\"href='https:\/\/www.radiopiu.net\/wordpress\/wp-content\/uploads\/2024\/04\/d02fe35d-334c-4039-81d3-508c3e863bed.jpg'><img loading=\"lazy\" decoding=\"async\" width=\"213\" height=\"300\" src=\"https:\/\/www.radiopiu.net\/wordpress\/wp-content\/uploads\/2024\/04\/d02fe35d-334c-4039-81d3-508c3e863bed-213x300.jpg\" class=\"attachment-medium size-medium\" alt=\"\" srcset=\"https:\/\/www.radiopiu.net\/wordpress\/wp-content\/uploads\/2024\/04\/d02fe35d-334c-4039-81d3-508c3e863bed-213x300.jpg 213w, https:\/\/www.radiopiu.net\/wordpress\/wp-content\/uploads\/2024\/04\/d02fe35d-334c-4039-81d3-508c3e863bed-727x1024.jpg 727w, https:\/\/www.radiopiu.net\/wordpress\/wp-content\/uploads\/2024\/04\/d02fe35d-334c-4039-81d3-508c3e863bed-768x1082.jpg 768w, https:\/\/www.radiopiu.net\/wordpress\/wp-content\/uploads\/2024\/04\/d02fe35d-334c-4039-81d3-508c3e863bed-1091x1536.jpg 1091w, https:\/\/www.radiopiu.net\/wordpress\/wp-content\/uploads\/2024\/04\/d02fe35d-334c-4039-81d3-508c3e863bed.jpg 1136w\" sizes=\"auto, (max-width: 213px) 100vw, 213px\" \/><\/a>\n\t\t\t\t<\/dt><\/dl><dl class='gallery-item'>\n\t\t\t\t<dt class='gallery-icon portrait'>\n\t\t\t\t\t<a class=\"rollover rollover-zoom dt-pswp-item\" title=\"2d3e911f-f1e3-4e55-aba3-20c37bc8ebf1\" data-dt-img-description=\"\" data-large_image_width=\"707\" data-large_image_height=\"1000\"href='https:\/\/www.radiopiu.net\/wordpress\/wp-content\/uploads\/2024\/04\/2d3e911f-f1e3-4e55-aba3-20c37bc8ebf1.jpg'><img loading=\"lazy\" decoding=\"async\" width=\"212\" height=\"300\" src=\"https:\/\/www.radiopiu.net\/wordpress\/wp-content\/uploads\/2024\/04\/2d3e911f-f1e3-4e55-aba3-20c37bc8ebf1-212x300.jpg\" class=\"attachment-medium size-medium\" alt=\"\" aria-describedby=\"gallery-8-385133\" srcset=\"https:\/\/www.radiopiu.net\/wordpress\/wp-content\/uploads\/2024\/04\/2d3e911f-f1e3-4e55-aba3-20c37bc8ebf1-212x300.jpg 212w, https:\/\/www.radiopiu.net\/wordpress\/wp-content\/uploads\/2024\/04\/2d3e911f-f1e3-4e55-aba3-20c37bc8ebf1.jpg 707w\" sizes=\"auto, (max-width: 212px) 100vw, 212px\" \/><\/a>\n\t\t\t\t<\/dt>\n\t\t\t\t\t<dd class='wp-caption-text gallery-caption' id='gallery-8-385133'>\n\t\t\t\t\tIN FESTA CON L&#8217;ALLEGHE HOCKEY, DOMANI SABATO\n\t\t\t\t\t<\/dd><\/dl><dl class='gallery-item'>\n\t\t\t\t<dt class='gallery-icon portrait'>\n\t\t\t\t\t<a class=\"rollover rollover-zoom dt-pswp-item\" title=\"f16954ef-71e0-49e2-a9d2-1b5d293d2e59\" data-dt-img-description=\"\" data-large_image_width=\"1131\" data-large_image_height=\"1600\"href='https:\/\/www.radiopiu.net\/wordpress\/wp-content\/uploads\/2024\/04\/f16954ef-71e0-49e2-a9d2-1b5d293d2e59.jpg'><img loading=\"lazy\" decoding=\"async\" width=\"212\" height=\"300\" src=\"https:\/\/www.radiopiu.net\/wordpress\/wp-content\/uploads\/2024\/04\/f16954ef-71e0-49e2-a9d2-1b5d293d2e59-212x300.jpg\" class=\"attachment-medium size-medium\" alt=\"\" aria-describedby=\"gallery-8-385174\" srcset=\"https:\/\/www.radiopiu.net\/wordpress\/wp-content\/uploads\/2024\/04\/f16954ef-71e0-49e2-a9d2-1b5d293d2e59-212x300.jpg 212w, https:\/\/www.radiopiu.net\/wordpress\/wp-content\/uploads\/2024\/04\/f16954ef-71e0-49e2-a9d2-1b5d293d2e59-724x1024.jpg 724w, https:\/\/www.radiopiu.net\/wordpress\/wp-content\/uploads\/2024\/04\/f16954ef-71e0-49e2-a9d2-1b5d293d2e59-768x1086.jpg 768w, https:\/\/www.radiopiu.net\/wordpress\/wp-content\/uploads\/2024\/04\/f16954ef-71e0-49e2-a9d2-1b5d293d2e59-1086x1536.jpg 1086w, https:\/\/www.radiopiu.net\/wordpress\/wp-content\/uploads\/2024\/04\/f16954ef-71e0-49e2-a9d2-1b5d293d2e59.jpg 1131w\" sizes=\"auto, (max-width: 212px) 100vw, 212px\" \/><\/a>\n\t\t\t\t<\/dt>\n\t\t\t\t\t<dd class='wp-caption-text gallery-caption' id='gallery-8-385174'>\n\t\t\t\t\tDAL 27 APRILE LA MOSTRA DEGLI ALUNNI DI LAURA BALLIS\n\t\t\t\t\t<\/dd><\/dl><br style=\"clear: both\" \/>\n\t\t\t<\/div>\n\n<p>&nbsp;<\/p>\n<blockquote class=\"wp-embedded-content\" data-secret=\"6CmQ3aHY1g\"><p><a href=\"https:\/\/www.radiopiu.net\/wordpress\/mattiratti-a-radio-piu-per-presentare-il-nuovo-lavoro\/\">MATTIRATTI A RADIO PIU&#8217; PER PRESENTARE IL NUOVO LAVORO<\/a><\/p><\/blockquote>\n<p><iframe loading=\"lazy\" class=\"wp-embedded-content\" sandbox=\"allow-scripts\" security=\"restricted\" style=\"position: absolute; clip: rect(1px, 1px, 1px, 1px);\" title=\"&#8220;MATTIRATTI A RADIO PIU&#8217; PER PRESENTARE IL NUOVO LAVORO&#8221; &#8212; Radio Pi\u00f9\" src=\"https:\/\/www.radiopiu.net\/wordpress\/mattiratti-a-radio-piu-per-presentare-il-nuovo-lavoro\/embed\/#?secret=wVsctGzmhB#?secret=6CmQ3aHY1g\" data-secret=\"6CmQ3aHY1g\" width=\"600\" height=\"338\" frameborder=\"0\" marginwidth=\"0\" marginheight=\"0\" scrolling=\"no\"><\/iframe><\/p>\n<hr \/>\n<p>&nbsp;<\/p>\n<p>&nbsp;<\/p>\n<blockquote class=\"wp-embedded-content\" data-secret=\"UnEpuHeD33\"><p><a href=\"https:\/\/www.radiopiu.net\/wordpress\/grma1\/\">IL GIORMALE RADIO DI MARCO DAL FARRA &#8211; LA RACCOLTA<\/a><\/p><\/blockquote>\n<p><iframe loading=\"lazy\" class=\"wp-embedded-content\" sandbox=\"allow-scripts\" security=\"restricted\" style=\"position: absolute; clip: rect(1px, 1px, 1px, 1px);\" title=\"&#8220;IL GIORMALE RADIO DI MARCO DAL FARRA &#8211; LA RACCOLTA&#8221; &#8212; Radio Pi\u00f9\" src=\"https:\/\/www.radiopiu.net\/wordpress\/grma1\/embed\/#?secret=iFctR46Dgt#?secret=UnEpuHeD33\" data-secret=\"UnEpuHeD33\" width=\"600\" height=\"338\" frameborder=\"0\" marginwidth=\"0\" marginheight=\"0\" scrolling=\"no\"><\/iframe><\/p>\n<p>&nbsp;<\/p>\n<hr \/>\n<p>&nbsp;<\/p>\n<h2><span style=\"color: #ff6600;\">IERI ALLA RADIO<\/span><\/h2>\n<h2><span style=\"color: #ff00ff;\">&#8220;DINTORN E FORA VIA&#8221;\u00a0 IL PROGRAMMA\u00a0 A CURA DEL MUSLA<\/span><\/h2>\n<p><strong><a class=\"dt-pswp-item\" href=\"https:\/\/www.radiopiu.net\/wordpress\/wp-content\/uploads\/2018\/07\/Giorgia-Taio.jpg\" data-dt-img-description=\"\" data-large_image_width=\"777\" data-large_image_height=\"1599\"><img loading=\"lazy\" decoding=\"async\" class=\" wp-image-53380 alignleft\" src=\"https:\/\/www.radiopiu.net\/wordpress\/wp-content\/uploads\/2018\/07\/Giorgia-Taio-146x300.jpg\" alt=\"\" width=\"85\" height=\"174\" srcset=\"https:\/\/www.radiopiu.net\/wordpress\/wp-content\/uploads\/2018\/07\/Giorgia-Taio-146x300.jpg 146w, https:\/\/www.radiopiu.net\/wordpress\/wp-content\/uploads\/2018\/07\/Giorgia-Taio-768x1580.jpg 768w, https:\/\/www.radiopiu.net\/wordpress\/wp-content\/uploads\/2018\/07\/Giorgia-Taio-498x1024.jpg 498w, https:\/\/www.radiopiu.net\/wordpress\/wp-content\/uploads\/2018\/07\/Giorgia-Taio.jpg 777w\" sizes=\"auto, (max-width: 85px) 100vw, 85px\" \/><\/a>PUNTATA DEL 12 APRILE GIORGIA TAIO<\/strong><\/p>\n<audio class=\"wp-audio-shortcode\" id=\"audio-384588-13\" preload=\"none\" style=\"width: 100%;\" controls=\"controls\"><source type=\"audio\/mpeg\" src=\"https:\/\/www.radiopiu.net\/wordpress\/wp-content\/uploads\/2024\/04\/MUSLA-5.mp3?_=13\" \/><a href=\"https:\/\/www.radiopiu.net\/wordpress\/wp-content\/uploads\/2024\/04\/MUSLA-5.mp3\">https:\/\/www.radiopiu.net\/wordpress\/wp-content\/uploads\/2024\/04\/MUSLA-5.mp3<\/a><\/audio>\n<p>&nbsp;<\/p>\n<h2>LA RACCOLTA COMPLETA <a href=\"https:\/\/www.radiopiu.net\/wordpress\/musla\/\"><span style=\"color: #0000ff;\">CLICCA QUI<\/span><\/a><\/h2>\n<p>&nbsp;<\/p>\n<hr \/>\n<p>&nbsp;<\/p>\n<h2><span style=\"color: #008080;\">GRUPPO AUSER AGORDO: IL PUNTO CON PIETRO URPI, SEGRETARIO AUSER AGORDO<\/span><\/h2>\n<p><strong><a class=\"dt-pswp-item\" href=\"https:\/\/www.radiopiu.net\/wordpress\/wp-content\/uploads\/2023\/03\/PIETRO-URPI.png\" data-dt-img-description=\"\" data-large_image_width=\"359\" data-large_image_height=\"221\"><img loading=\"lazy\" decoding=\"async\" class=\" wp-image-324577 alignleft\" src=\"https:\/\/www.radiopiu.net\/wordpress\/wp-content\/uploads\/2023\/03\/PIETRO-URPI-300x185.png\" alt=\"\" width=\"156\" height=\"96\" srcset=\"https:\/\/www.radiopiu.net\/wordpress\/wp-content\/uploads\/2023\/03\/PIETRO-URPI-300x185.png 300w, https:\/\/www.radiopiu.net\/wordpress\/wp-content\/uploads\/2023\/03\/PIETRO-URPI.png 359w\" sizes=\"auto, (max-width: 156px) 100vw, 156px\" \/><\/a>DI MIRKO MEZZACASA<\/strong><\/p>\n<p>OSPITE: Pietro Urpi, Segretario Auser Agordo<\/p>\n<audio class=\"wp-audio-shortcode\" id=\"audio-384588-14\" preload=\"none\" style=\"width: 100%;\" controls=\"controls\"><source type=\"audio\/mpeg\" src=\"https:\/\/www.radiopiu.net\/wordpress\/wp-content\/uploads\/2024\/04\/pietro-urpi-auser-2024.mp3?_=14\" \/><a href=\"https:\/\/www.radiopiu.net\/wordpress\/wp-content\/uploads\/2024\/04\/pietro-urpi-auser-2024.mp3\">https:\/\/www.radiopiu.net\/wordpress\/wp-content\/uploads\/2024\/04\/pietro-urpi-auser-2024.mp3<\/a><\/audio>\n<p>&nbsp;<\/p>\n<hr \/>\n<p>&nbsp;<\/p>\n<p>&nbsp;<\/p>\n<a href=\"https:\/\/www.radiopiu.net\/wordpress\/wp-content\/uploads\/2024\/04\/INVITO-INFINITY-BARDIN-1.pdf\" class=\"pdfemb-viewer\" style=\"\" data-width=\"max\" data-height=\"max\" data-toolbar=\"top\" data-toolbar-fixed=\"on\">INVITO INFINITY BARDIN-1<\/a>\n<p>&nbsp;<\/p>\n<p>&nbsp;<\/p>\n<p>&nbsp;<\/p>\n<hr \/>\n<p>&nbsp;<\/p>\n<h2><span style=\"color: #3366ff;\">OGGI A TRICHIANA LA PRESENTAZIONE DEL NUOVO DISCO DI MARCO V. DAL FARRA<\/span><\/h2>\n<p><strong><a class=\"dt-pswp-item\" href=\"https:\/\/www.radiopiu.net\/wordpress\/wp-content\/uploads\/2024\/04\/434562802_935015105292612_1260883067659912500_n.jpg\" data-dt-img-description=\"\" data-large_image_width=\"1920\" data-large_image_height=\"1080\"><img loading=\"lazy\" decoding=\"async\" class=\" wp-image-384518 alignleft\" src=\"https:\/\/www.radiopiu.net\/wordpress\/wp-content\/uploads\/2024\/04\/434562802_935015105292612_1260883067659912500_n-300x169.jpg\" alt=\"\" width=\"215\" height=\"121\" srcset=\"https:\/\/www.radiopiu.net\/wordpress\/wp-content\/uploads\/2024\/04\/434562802_935015105292612_1260883067659912500_n-300x169.jpg 300w, https:\/\/www.radiopiu.net\/wordpress\/wp-content\/uploads\/2024\/04\/434562802_935015105292612_1260883067659912500_n-1024x576.jpg 1024w, https:\/\/www.radiopiu.net\/wordpress\/wp-content\/uploads\/2024\/04\/434562802_935015105292612_1260883067659912500_n-768x432.jpg 768w, https:\/\/www.radiopiu.net\/wordpress\/wp-content\/uploads\/2024\/04\/434562802_935015105292612_1260883067659912500_n-1536x864.jpg 1536w, https:\/\/www.radiopiu.net\/wordpress\/wp-content\/uploads\/2024\/04\/434562802_935015105292612_1260883067659912500_n.jpg 1920w\" sizes=\"auto, (max-width: 215px) 100vw, 215px\" \/><\/a>DI MARINA DONA&#8217;<\/strong><\/p>\n<p>con Marco V. Dal Farrra<\/p>\n<audio class=\"wp-audio-shortcode\" id=\"audio-384588-15\" preload=\"none\" style=\"width: 100%;\" controls=\"controls\"><source type=\"audio\/mpeg\" src=\"https:\/\/www.radiopiu.net\/wordpress\/wp-content\/uploads\/2024\/04\/SPECIALE-PRE-CONCERTO-MARCO-V-DAL-FARRA-1.mp3?_=15\" \/><a href=\"https:\/\/www.radiopiu.net\/wordpress\/wp-content\/uploads\/2024\/04\/SPECIALE-PRE-CONCERTO-MARCO-V-DAL-FARRA-1.mp3\">https:\/\/www.radiopiu.net\/wordpress\/wp-content\/uploads\/2024\/04\/SPECIALE-PRE-CONCERTO-MARCO-V-DAL-FARRA-1.mp3<\/a><\/audio>\n<p>&nbsp;<\/p>\n<hr \/>\n<p>&nbsp;<\/p>\n<h2><span style=\"color: #ff0000;\"><a class=\"dt-pswp-item\" href=\"https:\/\/www.radiopiu.net\/wordpress\/wp-content\/uploads\/2018\/09\/appuntamenti.jpeg\" data-dt-img-description=\"\" data-large_image_width=\"800\" data-large_image_height=\"100\"><img loading=\"lazy\" decoding=\"async\" class=\"wp-image-61958 size-full aligncenter\" src=\"https:\/\/www.radiopiu.net\/wordpress\/wp-content\/uploads\/2018\/09\/appuntamenti.jpeg\" alt=\"\" width=\"800\" height=\"100\" srcset=\"https:\/\/www.radiopiu.net\/wordpress\/wp-content\/uploads\/2018\/09\/appuntamenti.jpeg 800w, https:\/\/www.radiopiu.net\/wordpress\/wp-content\/uploads\/2018\/09\/appuntamenti-300x38.jpeg 300w, https:\/\/www.radiopiu.net\/wordpress\/wp-content\/uploads\/2018\/09\/appuntamenti-768x96.jpeg 768w\" sizes=\"auto, (max-width: 800px) 100vw, 800px\" \/><\/a><\/span><\/h2>\n<div>\n<div class=\"\" dir=\"auto\">\n<div id=\":r9h:\" class=\"x1iorvi4 x1pi30zi x1l90r2v x1swvt13\" data-ad-comet-preview=\"message\" data-ad-preview=\"message\">\n<div class=\"x78zum5 xdt5ytf xz62fqu x16ldp7u\">\n<div class=\"xu06os2 x1ok221b\">\n<p>&nbsp;<\/p>\n<h3><a class=\"dt-pswp-item\" href=\"https:\/\/www.radiopiu.net\/wordpress\/wp-content\/uploads\/2024\/04\/locandina.jpg\" data-dt-img-description=\"\" data-large_image_width=\"420\" data-large_image_height=\"600\"><img loading=\"lazy\" decoding=\"async\" class=\" wp-image-383374 alignleft\" src=\"https:\/\/www.radiopiu.net\/wordpress\/wp-content\/uploads\/2024\/04\/locandina-210x300.jpg\" alt=\"\" width=\"88\" height=\"126\" srcset=\"https:\/\/www.radiopiu.net\/wordpress\/wp-content\/uploads\/2024\/04\/locandina-210x300.jpg 210w, https:\/\/www.radiopiu.net\/wordpress\/wp-content\/uploads\/2024\/04\/locandina.jpg 420w\" sizes=\"auto, (max-width: 88px) 100vw, 88px\" \/><\/a>AL CINEMA DOLOMITI DI FALCADE ARRIVA LA PELLICOLA &#8220;UN MONDO A PARTE&#8221;, IL FILM CON ANTONIO ALBANESE E VIRGINIA RAFFAELE. OGGI ALLE 21, DOMANI ALLE 15:30 E ALLE 21<\/h3>\n<p>&nbsp;<\/p>\n<div class=\"\" dir=\"auto\">\n<div class=\"\" dir=\"auto\">\n<div class=\"x1iorvi4 x1pi30zi x1l90r2v x1swvt13\" data-ad-comet-preview=\"message\" data-ad-preview=\"message\">\n<div class=\"x78zum5 xdt5ytf xz62fqu x16ldp7u\">\n<div class=\"xu06os2 x1ok221b\">\n<div class=\"xdj266r x11i5rnm xat24cr x1mh8g0r x1vvkbs x126k92a\">\n<div dir=\"auto\">UN MONDO A PARTE<\/div>\n<div dir=\"auto\">Michele Cortese \u00e8 un maestro elementare della capitale che non ne pu\u00f2 pi\u00f9 di &#8220;cercare di salvare gente che non ha intenzione di essere salvata, e ti mena pure&#8221;. Cos\u00ec chiede l&#8217;assegnazione provvisoria in un paesino di 364 anime della montagna abruzzese: scoprir\u00e0 che la tanto agognata tranquillit\u00e0 non risiede neanche qui.<\/div>\n<\/div>\n<div class=\"x11i5rnm xat24cr x1mh8g0r x1vvkbs xtlvy1s x126k92a\">\n<div dir=\"auto\">di Riccardo Milani | Commedia &#8211; 113 minuti<\/div>\n<div dir=\"auto\">con Antonio Albanese &#8211; Virginia Raffaele<\/div>\n<\/div>\n<div class=\"x11i5rnm xat24cr x1mh8g0r x1vvkbs xtlvy1s x126k92a\">\n<div dir=\"auto\"><\/div>\n<\/div>\n<\/div>\n<\/div>\n<\/div>\n<\/div>\n<\/div>\n<p><iframe loading=\"lazy\" title=\"Un mondo a parte | Trailer Ufficiale | Dal 28 marzo al cinema\" width=\"1200\" height=\"675\" src=\"https:\/\/www.youtube.com\/embed\/P5hgM2OcQh0?feature=oembed\" frameborder=\"0\" allow=\"accelerometer; autoplay; clipboard-write; encrypted-media; gyroscope; picture-in-picture; web-share\" referrerpolicy=\"strict-origin-when-cross-origin\" allowfullscreen><\/iframe><\/p>\n<p>&nbsp;<\/p>\n<div>\n<div class=\"\" dir=\"auto\">\n<div id=\":r9h:\" class=\"x1iorvi4 x1pi30zi x1l90r2v x1swvt13\" data-ad-comet-preview=\"message\" data-ad-preview=\"message\">\n<div class=\"x78zum5 xdt5ytf xz62fqu x16ldp7u\">\n<div class=\"xu06os2 x1ok221b\">\n<div dir=\"auto\">\n<p><strong>AGORDO<\/strong> Il CAI di Agordo organizza per oggi un&#8217;escursione a Col dei Pioge sul gruppo della Marmolada. Ritrovo alle 14:30 davanti al Municipio di Agordo. Difficolt\u00e0 facile. Info e iscrizioni al 380 6983040<\/p>\n<p><strong>LIVINALLONGO<\/strong> Il gruppo &#8220;Insieme si pu\u00f2 Fodom&#8221; organizza un teatro di beneficenza oggi alle 20:30 in sala conferenze di Arabba con la Nuova Compagnia del teatro di Brunico dal titolo &#8220;Non sono un gigol\u00f2&#8221;.\u00a0 L&#8217;evento teatrale mira a raccogliere fondi per aiutare i bambini bisognosi nel villaggio di don Abraham.<\/p>\n<p><strong>AGORDO <\/strong>Il Cai di Agordo organizza per domani un&#8217;uscita alla ferrata Farina Del Diavolo sulle Prealpi Carniche. Ritrovo alle 6 davanti al Municipio di Agordo. Un&#8217;uscita poco difficile ma esposta. Massimo 15 partecipanti. Info e iscrizioni al 380 6983040<\/p>\n<\/div>\n<\/div>\n<\/div>\n<\/div>\n<\/div>\n<\/div>\n<\/div>\n<\/div>\n<\/div>\n<\/div>\n<\/div>\n<h2>OGGI IL CONCERTO DI MARCO V DAL FARRA AL TEATRO SAN FELICE DI BELLUNO<\/h2>\n\n\t\t\t<style type='text\/css'>\n\t\t\t\t#gallery-9 {\n\t\t\t\t\tmargin: auto;\n\t\t\t\t}\n\t\t\t\t#gallery-9 .gallery-item {\n\t\t\t\t\tfloat: left;\n\t\t\t\t\tmargin-top: 10px;\n\t\t\t\t\ttext-align: center;\n\t\t\t\t\twidth: 100%;\n\t\t\t\t}\n\t\t\t\t#gallery-9 img {\n\t\t\t\t\tborder: 2px solid #cfcfcf;\n\t\t\t\t}\n\t\t\t\t#gallery-9 .gallery-caption {\n\t\t\t\t\tmargin-left: 0;\n\t\t\t\t}\n\t\t\t\t\/* see gallery_shortcode() in wp-includes\/media.php *\/\n\t\t\t<\/style>\n\t\t<div id='gallery-9' class='dt-gallery-container gallery galleryid-384588 gallery-columns-1 gallery-size-medium'><dl class='gallery-item'>\n\t\t\t\t<dt class='gallery-icon portrait'>\n\t\t\t\t\t<a class=\"rollover rollover-zoom dt-pswp-item\" title=\"ff5ef01c-49c1-48a5-9225-b7d8260b55df\" data-dt-img-description=\"\" data-large_image_width=\"877\" data-large_image_height=\"1241\"href='https:\/\/www.radiopiu.net\/wordpress\/wp-content\/uploads\/2024\/03\/ff5ef01c-49c1-48a5-9225-b7d8260b55df.jpg'><img loading=\"lazy\" decoding=\"async\" width=\"212\" height=\"300\" src=\"https:\/\/www.radiopiu.net\/wordpress\/wp-content\/uploads\/2024\/03\/ff5ef01c-49c1-48a5-9225-b7d8260b55df-212x300.jpg\" class=\"attachment-medium size-medium\" alt=\"\" srcset=\"https:\/\/www.radiopiu.net\/wordpress\/wp-content\/uploads\/2024\/03\/ff5ef01c-49c1-48a5-9225-b7d8260b55df-212x300.jpg 212w, https:\/\/www.radiopiu.net\/wordpress\/wp-content\/uploads\/2024\/03\/ff5ef01c-49c1-48a5-9225-b7d8260b55df-724x1024.jpg 724w, https:\/\/www.radiopiu.net\/wordpress\/wp-content\/uploads\/2024\/03\/ff5ef01c-49c1-48a5-9225-b7d8260b55df-768x1087.jpg 768w, https:\/\/www.radiopiu.net\/wordpress\/wp-content\/uploads\/2024\/03\/ff5ef01c-49c1-48a5-9225-b7d8260b55df.jpg 877w\" sizes=\"auto, (max-width: 212px) 100vw, 212px\" \/><\/a>\n\t\t\t\t<\/dt><\/dl><br style=\"clear: both\" \/>\n\t\t\t<\/div>\n\n<p>&nbsp;<\/p>\n<p><strong>BELLUNO\u00a0 <\/strong>Domani alle 20.45 al Teatro Dino Buzzati di Belluno a trascinare la platea del Circolo Cultura e Stampa Bellunese sar\u00e0 un cast d\u2019eccezione che interpreter\u00e0 \u201cPIGIAMA PER SEI\u201d: il pi\u00f9 classico dei triangoli &#8211;\u00a0 lui, lei, l\u2019altra \u2013 prender\u00e0 forme diverse, partendo dal rombo, nel momento in cui si verr\u00e0 a scoprire che il vecchio amico, invitato dal marito per fungere da alibi durante l\u2019incontro clandestino con l\u2019amante, \u00e8 a sua volta l\u2019amante della moglie.<\/p>\n<h2><span style=\"color: #ff0000;\">PROSSIMAMENTE&#8230;<\/span><\/h2>\n<p><strong>FALCADE <\/strong>DESPERADOS, DUE GIORNI DI FESTA CON LA QUINTA LICEO, AL PALAFALCADE. VENERDI 19 APRILE DALLE 18 APERITIVO E ALLE 20 IL BALLO LISCIO CON &#8221; \u201ci prestazione occasionale, GI\u00e0 QUELLI CHE IL LISCIO&#8221; SABATO 20 APRILE, DALLE 17 TORNEO DI BRISCOLA E CALCETTO E DALLE 21 DESPERADOS PARTY!!!! CON BASSLINE DJ, DALLA MEZZANOTTE HAPPY HALF HOUR info 3482996318<\/p>\n<p>&nbsp;<\/p>\n<hr \/>\n<p>&nbsp;<\/p>\n<a href=\"https:\/\/www.radiopiu.net\/wordpress\/wp-content\/uploads\/2024\/04\/POSTER_2024-1.pdf\" class=\"pdfemb-viewer\" style=\"\" data-width=\"max\" data-height=\"max\" data-toolbar=\"top\" data-toolbar-fixed=\"on\">POSTER_2024-1<\/a>\n<p>&nbsp;<\/p>\n<hr \/>\n<p>&nbsp;<\/p>\n<p><a class=\"dt-pswp-item\" href=\"https:\/\/www.radiopiu.net\/wordpress\/wp-content\/uploads\/2018\/09\/viabilita.jpeg\" data-dt-img-description=\"\" data-large_image_width=\"800\" data-large_image_height=\"100\"><img loading=\"lazy\" decoding=\"async\" class=\"aligncenter wp-image-61954 size-full\" src=\"https:\/\/www.radiopiu.net\/wordpress\/wp-content\/uploads\/2018\/09\/viabilita.jpeg\" alt=\"\" width=\"800\" height=\"100\" srcset=\"https:\/\/www.radiopiu.net\/wordpress\/wp-content\/uploads\/2018\/09\/viabilita.jpeg 800w, https:\/\/www.radiopiu.net\/wordpress\/wp-content\/uploads\/2018\/09\/viabilita-300x38.jpeg 300w, https:\/\/www.radiopiu.net\/wordpress\/wp-content\/uploads\/2018\/09\/viabilita-768x96.jpeg 768w\" sizes=\"auto, (max-width: 800px) 100vw, 800px\" \/><\/a><\/p>\n<p>&nbsp;<\/p>\n<p><a class=\"dt-pswp-item\" href=\"https:\/\/www.radiopiu.net\/wordpress\/wp-content\/uploads\/2023\/12\/botol-car-service.jpg\" data-dt-img-description=\"\" data-large_image_width=\"600\" data-large_image_height=\"600\"><img loading=\"lazy\" decoding=\"async\" class=\"size-medium wp-image-367044 aligncenter\" src=\"https:\/\/www.radiopiu.net\/wordpress\/wp-content\/uploads\/2023\/12\/botol-car-service-300x300.jpg\" alt=\"\" width=\"300\" height=\"300\" srcset=\"https:\/\/www.radiopiu.net\/wordpress\/wp-content\/uploads\/2023\/12\/botol-car-service-300x300.jpg 300w, https:\/\/www.radiopiu.net\/wordpress\/wp-content\/uploads\/2023\/12\/botol-car-service-150x150.jpg 150w, https:\/\/www.radiopiu.net\/wordpress\/wp-content\/uploads\/2023\/12\/botol-car-service.jpg 600w\" sizes=\"auto, (max-width: 300px) 100vw, 300px\" \/><\/a><\/p>\n<p>&nbsp;<\/p>\n<p>&nbsp;<\/p>\n<h1>BOLLETTINO QUOTIDIANO, CLICCA QUI<\/h1>\n<blockquote class=\"wp-embedded-content\" data-secret=\"sKQa7D6UUP\"><p><a href=\"https:\/\/www.radiopiu.net\/wordpress\/viabilita\/\">viabilita<\/a><\/p><\/blockquote>\n<p><iframe loading=\"lazy\" class=\"wp-embedded-content\" sandbox=\"allow-scripts\" security=\"restricted\" style=\"position: absolute; clip: rect(1px, 1px, 1px, 1px);\" title=\"&#8220;viabilita&#8221; &#8212; Radio Pi\u00f9\" src=\"https:\/\/www.radiopiu.net\/wordpress\/viabilita\/embed\/#?secret=yqWdAOppSZ#?secret=sKQa7D6UUP\" data-secret=\"sKQa7D6UUP\" width=\"600\" height=\"338\" frameborder=\"0\" marginwidth=\"0\" marginheight=\"0\" scrolling=\"no\"><\/iframe><\/p>\n<p>&nbsp;<\/p>\n<p>&nbsp;<\/p>\n<p>&nbsp;<\/p>\n<hr \/>\n<p>&nbsp;<\/p>\n<p><a class=\"dt-pswp-item\" href=\"https:\/\/www.radiopiu.net\/wordpress\/wp-content\/uploads\/2018\/09\/WhatsApp-Image-2018-09-20-at-16.04.06.jpeg\" data-dt-img-description=\"\" data-large_image_width=\"800\" data-large_image_height=\"100\"><img loading=\"lazy\" decoding=\"async\" class=\"wp-image-61378 size-full aligncenter\" src=\"https:\/\/www.radiopiu.net\/wordpress\/wp-content\/uploads\/2018\/09\/WhatsApp-Image-2018-09-20-at-16.04.06.jpeg\" alt=\"\" width=\"800\" height=\"100\" srcset=\"https:\/\/www.radiopiu.net\/wordpress\/wp-content\/uploads\/2018\/09\/WhatsApp-Image-2018-09-20-at-16.04.06.jpeg 800w, https:\/\/www.radiopiu.net\/wordpress\/wp-content\/uploads\/2018\/09\/WhatsApp-Image-2018-09-20-at-16.04.06-300x38.jpeg 300w, https:\/\/www.radiopiu.net\/wordpress\/wp-content\/uploads\/2018\/09\/WhatsApp-Image-2018-09-20-at-16.04.06-768x96.jpeg 768w\" sizes=\"auto, (max-width: 800px) 100vw, 800px\" \/><\/a><\/p>\n<p><center><\/center><center><\/center><center><\/center><center><\/center><center><\/center><center><\/center>&nbsp;<\/p>\n<p><center><b>OGGI<\/b><\/center><b>Tempo atteso: <\/b>Sole e cielo perlopi\u00f9 sereno con aria tersa ed ottima visibilit\u00e0. Eventuali velature del cielo, ma saranno temporanee e sottili. Inoltre non esclusi cumuli di bel tempo sulle cime e sui crinali prealpini a ridosso della pedemontana durante le ore pi\u00f9 calde.<br \/>\n<b>Precipitazioni: <\/b>Assenti<br \/>\n<b>Temperature: <\/b>In generale rialzo con punte diurne prettamente primaverili nelle valli, mentre ci sar\u00e0 una grande mitezza in quota, nonostante la presenza della neve al suolo.<\/p>\n<hr \/>\n<p><center><b>DOMANI<\/b><\/center><b>Tempo atteso: <\/b>Fino a met\u00e0 pomeriggio tempo in prevalenza soleggiato con cielo sereno o a tratti poco nuvoloso per il transito di banchi di cirri, anche di qualche cumulo sulle vette. In seguito probabile formazione di stratocumuli e riduzione del soleggiamento, anche se non ovunque.<br \/>\n<b>Precipitazioni: <\/b>Assenti<br \/>\n<b>Temperature: <\/b>Leggermente pi\u00f9 elevate rispetto a sabato, assai superiori alla media del periodo a tutte le quote<\/p>\n<hr \/>\n<p><center><b>LUNEDI<\/b><\/center>Minore soleggiamento e nuvolosit\u00e0 sempre pi\u00f9 presente con il rischio di qualche precipitazione dal pomeriggio in poi, specie sulle Dolomiti; la neve cadr\u00e0 solo sulle cime dolomitiche pi\u00f9 alte. Temperature in generale lieve flessione, eccetto aumento delle minime in alcune valli.<\/p>\n<hr \/>\n<p><center><b>MARTEDI<\/b><\/center>Tempo perturbato\/instabile con cielo molto nuvoloso\/coperto e fenomeni sparsi e deboli al mattino, pi\u00f9 diffusi al pomeriggio\/sera, anche di moderata intensit\u00e0. Il generale e sensibile calo termico (minime alla sera) determiner\u00e0 un notevole abbassamento del limite della neve<\/p>\n<p>&nbsp;<\/p>\n<p>&nbsp;<\/p>\n<hr \/>\n<p>&nbsp;<\/p>\n<p><img loading=\"lazy\" decoding=\"async\" class=\"wp-image-60761 size-full aligncenter\" src=\"https:\/\/www.radiopiu.net\/wordpress\/wp-content\/uploads\/2018\/09\/sport.jpg\" alt=\"\" width=\"800\" height=\"100\" srcset=\"https:\/\/www.radiopiu.net\/wordpress\/wp-content\/uploads\/2018\/09\/sport.jpg 800w, https:\/\/www.radiopiu.net\/wordpress\/wp-content\/uploads\/2018\/09\/sport-300x38.jpg 300w, https:\/\/www.radiopiu.net\/wordpress\/wp-content\/uploads\/2018\/09\/sport-768x96.jpg 768w\" sizes=\"auto, (max-width: 800px) 100vw, 800px\" \/><\/p>\n<p>&nbsp;<\/p>\n<p><strong><span style=\"color: #0000ff;\">CALCIO<\/span><\/strong><\/p>\n<blockquote>\n<h3>AGORDINA CON LA CAPOLISTA GEMELLE, PIAVE IN CASA CON L&#8217;ALPES CESIO<\/h3>\n<\/blockquote>\n<p><strong><a class=\"dt-pswp-item\" href=\"https:\/\/www.radiopiu.net\/wordpress\/wp-content\/uploads\/2021\/11\/CALCIO-2021.jpg\" data-dt-img-description=\"\" data-large_image_width=\"2560\" data-large_image_height=\"1707\"><img loading=\"lazy\" decoding=\"async\" class=\" wp-image-242798 alignleft\" src=\"https:\/\/www.radiopiu.net\/wordpress\/wp-content\/uploads\/2021\/11\/CALCIO-2021-300x200.jpg\" alt=\"\" width=\"161\" height=\"107\" srcset=\"https:\/\/www.radiopiu.net\/wordpress\/wp-content\/uploads\/2021\/11\/CALCIO-2021-300x200.jpg 300w, https:\/\/www.radiopiu.net\/wordpress\/wp-content\/uploads\/2021\/11\/CALCIO-2021-1024x683.jpg 1024w, https:\/\/www.radiopiu.net\/wordpress\/wp-content\/uploads\/2021\/11\/CALCIO-2021-768x512.jpg 768w, https:\/\/www.radiopiu.net\/wordpress\/wp-content\/uploads\/2021\/11\/CALCIO-2021-1536x1024.jpg 1536w, https:\/\/www.radiopiu.net\/wordpress\/wp-content\/uploads\/2021\/11\/CALCIO-2021-2048x1366.jpg 2048w\" sizes=\"auto, (max-width: 161px) 100vw, 161px\" \/><\/a>DI MARCO GAZ<\/strong><\/p>\n<p><strong>REDAZIONE<\/strong> Si gioca domani la 21\u00aa giornata della Terza Categoria della provincia di Belluno. Un turno di campionato che si pu\u00f2 definire decisivo per il proseguo della stagione dell\u2019Agordina. La squadra di Agordo dista a 12 punti dalla zona playoff e ed \u00e8 costretta ad una prova di forza. Infatti all\u2019Ivano Dorigo di Agordo arriva la capolista Gemelle per quella che, sulla carta, si pu\u00f2 definire una sfida proibitiva per la compagine di Chiea. Gli agordini sono costretti a vincere per avere ancora qualche speranza di centrare l\u2019obbiettivo playoff. Anche il Piave rimane in corsa per accedere alla fase finale del torneo ma con 3 punti in meno rispetto agli agordini e domani i bellunesi ospiterano l\u2019Alpes Cesio, altra squadra in corsa per provare il salto di categoria. Le partite si giocheranno domani alle 15:30.<\/p>\n<p><strong>LA CLASSIFICA DELLA TERZA CATEGORIA:<\/strong> Gemelle 45, Domegge 38, San Vittore 37, Auronzo 35, Fortogna 34, Alpes Cesio 30, Dynamo Vellai e Valzoldana 27, Agordina 26, Piave 21, Cortina 17, Tambre 16, Lamonese 10, Cadore 6<\/p>\n<p>&nbsp;<\/p>\n<p>&nbsp;<\/p>\n<blockquote>\n<h3><a class=\"dt-pswp-item\" href=\"https:\/\/www.radiopiu.net\/wordpress\/wp-content\/uploads\/2024\/04\/Serie_D_compatta_per_il_finale_di_stagione.jpg\" data-dt-img-description=\"\" data-large_image_width=\"1280\" data-large_image_height=\"853\"><img loading=\"lazy\" decoding=\"async\" class=\" wp-image-385128 alignleft\" src=\"https:\/\/www.radiopiu.net\/wordpress\/wp-content\/uploads\/2024\/04\/Serie_D_compatta_per_il_finale_di_stagione-300x200.jpg\" alt=\"\" width=\"173\" height=\"115\" srcset=\"https:\/\/www.radiopiu.net\/wordpress\/wp-content\/uploads\/2024\/04\/Serie_D_compatta_per_il_finale_di_stagione-300x200.jpg 300w, https:\/\/www.radiopiu.net\/wordpress\/wp-content\/uploads\/2024\/04\/Serie_D_compatta_per_il_finale_di_stagione-1024x682.jpg 1024w, https:\/\/www.radiopiu.net\/wordpress\/wp-content\/uploads\/2024\/04\/Serie_D_compatta_per_il_finale_di_stagione-768x512.jpg 768w, https:\/\/www.radiopiu.net\/wordpress\/wp-content\/uploads\/2024\/04\/Serie_D_compatta_per_il_finale_di_stagione.jpg 1280w\" sizes=\"auto, (max-width: 173px) 100vw, 173px\" \/><\/a>PALLAVOLO FEMMINILE BELLUNO: IN CAMPO SOLO LA SERIE D<\/h3>\n<\/blockquote>\n<p>Altro stop imposto dal calendario per la Homeclick di serie C. E, fortunatamente, sar\u00e0 l\u2019ultimo di una stagione davvero a intermittenza: le ragazze di Josh De Salvador torneranno ad affacciarsi sul parquet sabato 20 aprile, al De Mas, contro le vicentine del Torri. Fari puntati, allora, sulla SB Volley di serie D, che oggi alle 18:30, nella palestra di Mur di Cadola, ospita la capolista Grumolo.<span class=\"gmail-Apple-converted-space\">\u00a0<\/span><\/p>\n<p>&nbsp;<\/p>\n<hr \/>\n<p>&nbsp;<\/p>\n<h2><span style=\"color: #808000;\">GOODBYE BY BICICLE&#8230;UN VIAGGIO DALL&#8217;INDIA A SEREN DEL GRAPPA IN BICICLETTA<\/span><\/h2>\n<p><span style=\"color: #ff0000;\"><strong>PUNTATA 08 &#8211; LA CENA EUROPEA E POI IN NEPAL PER IL RINNOVO DEL VISTO TURISTICO<\/strong><\/span><\/p>\n<audio class=\"wp-audio-shortcode\" id=\"audio-384588-16\" preload=\"none\" style=\"width: 100%;\" controls=\"controls\"><source type=\"audio\/mpeg\" src=\"https:\/\/www.radiopiu.net\/wordpress\/wp-content\/uploads\/2024\/03\/AIRE-INDIA-PUNTATA-08.mp3?_=16\" \/><a href=\"https:\/\/www.radiopiu.net\/wordpress\/wp-content\/uploads\/2024\/03\/AIRE-INDIA-PUNTATA-08.mp3\">https:\/\/www.radiopiu.net\/wordpress\/wp-content\/uploads\/2024\/03\/AIRE-INDIA-PUNTATA-08.mp3<\/a><\/audio>\n<p>&nbsp;<\/p>\n<p><strong>PER VISITARE I SITI DEI LUOGHI VISITATI, CLICCA SULLE SEGUENTI SCRITTE: <a href=\"https:\/\/www.indiarecycles.org\/#\">INDIA RECYCLES<\/a><\/strong><\/p>\n\n\t\t\t<style type='text\/css'>\n\t\t\t\t#gallery-10 {\n\t\t\t\t\tmargin: auto;\n\t\t\t\t}\n\t\t\t\t#gallery-10 .gallery-item {\n\t\t\t\t\tfloat: left;\n\t\t\t\t\tmargin-top: 10px;\n\t\t\t\t\ttext-align: center;\n\t\t\t\t\twidth: 33%;\n\t\t\t\t}\n\t\t\t\t#gallery-10 img {\n\t\t\t\t\tborder: 2px solid #cfcfcf;\n\t\t\t\t}\n\t\t\t\t#gallery-10 .gallery-caption {\n\t\t\t\t\tmargin-left: 0;\n\t\t\t\t}\n\t\t\t\t\/* see gallery_shortcode() in wp-includes\/media.php *\/\n\t\t\t<\/style>\n\t\t<div id='gallery-10' class='dt-gallery-container gallery galleryid-384588 gallery-columns-3 gallery-size-thumbnail'><dl class='gallery-item'>\n\t\t\t\t<dt class='gallery-icon portrait'>\n\t\t\t\t\t<a class=\"rollover rollover-zoom dt-pswp-item\" title=\"abbaced2-2610-4b21-b932-649c940dd85d\" data-dt-img-description=\"\" data-large_image_width=\"1200\" data-large_image_height=\"1600\"href='https:\/\/www.radiopiu.net\/wordpress\/wp-content\/uploads\/2024\/03\/abbaced2-2610-4b21-b932-649c940dd85d.jpg'><img loading=\"lazy\" decoding=\"async\" width=\"150\" height=\"150\" src=\"https:\/\/www.radiopiu.net\/wordpress\/wp-content\/uploads\/2024\/03\/abbaced2-2610-4b21-b932-649c940dd85d-150x150.jpg\" class=\"attachment-thumbnail size-thumbnail\" alt=\"\" \/><\/a>\n\t\t\t\t<\/dt><\/dl><dl class='gallery-item'>\n\t\t\t\t<dt class='gallery-icon portrait'>\n\t\t\t\t\t<a class=\"rollover rollover-zoom dt-pswp-item\" title=\"12feb575-17ee-49c8-b6b2-001f4711a13c\" data-dt-img-description=\"\" data-large_image_width=\"768\" data-large_image_height=\"1024\"href='https:\/\/www.radiopiu.net\/wordpress\/wp-content\/uploads\/2024\/03\/12feb575-17ee-49c8-b6b2-001f4711a13c.jpg'><img loading=\"lazy\" decoding=\"async\" width=\"150\" height=\"150\" src=\"https:\/\/www.radiopiu.net\/wordpress\/wp-content\/uploads\/2024\/03\/12feb575-17ee-49c8-b6b2-001f4711a13c-150x150.jpg\" class=\"attachment-thumbnail size-thumbnail\" alt=\"\" \/><\/a>\n\t\t\t\t<\/dt><\/dl><dl class='gallery-item'>\n\t\t\t\t<dt class='gallery-icon portrait'>\n\t\t\t\t\t<a class=\"rollover rollover-zoom dt-pswp-item\" title=\"56bb1602-6cd2-4044-8bbf-91b427ed471a\" data-dt-img-description=\"\" data-large_image_width=\"1200\" data-large_image_height=\"1600\"href='https:\/\/www.radiopiu.net\/wordpress\/wp-content\/uploads\/2024\/03\/56bb1602-6cd2-4044-8bbf-91b427ed471a.jpg'><img loading=\"lazy\" decoding=\"async\" width=\"150\" height=\"150\" src=\"https:\/\/www.radiopiu.net\/wordpress\/wp-content\/uploads\/2024\/03\/56bb1602-6cd2-4044-8bbf-91b427ed471a-150x150.jpg\" class=\"attachment-thumbnail size-thumbnail\" alt=\"\" \/><\/a>\n\t\t\t\t<\/dt><\/dl><br style=\"clear: both\" \/>\n\t\t\t<\/div>\n\n<h2>LA RACCOLTA COMPLETA <a href=\"https:\/\/www.radiopiu.net\/wordpress\/goodbye-by-bicicle-un-viaggio-dallindia-a-seren-del-grappa-in-bicicletta-08\/\"><span style=\"color: #0000ff;\">CLICCA QUI<\/span><\/a><\/h2>\n<p>&nbsp;<\/p>\n<p>&nbsp;<\/p>\n<p>&nbsp;<\/p>\n<p>&nbsp;<\/p>\n","protected":false},"excerpt":{"rendered":"<p>******* &nbsp; PER RICEVERE QUESTO NOTIZIARIO DIRETTAMENTE SUL TUO CELLULARE ISCRIVITI AL CANALE TELEGRAM \u201cRADIO PIU\u00a0 INFORMAZIONE&#8221;\u00a0 \u00a0il CANALE TELEGRAM&#8230; UNISCITI A: RADIO PIU INFORMAZIONE &nbsp; &nbsp; ATTENZIONE: LA NUOVA APP PER IOS-IPHONE di Nicola Vettorello https:\/\/apps.apple.com\/it\/app\/radio-pi%C3%B9-emittente-agordina\/id1515939845 ATTENZIONE: LA NUOVA APP RADIO\u00a0 PER ANDROID di Nicola Vettorello https:\/\/play.google.com\/store\/apps\/details?id=net.radiopiu.iniko\u00a0\u00a0 &nbsp; &nbsp; ACQUA INQUINATA A ROCCA PIETORE&hellip;<\/p>\n","protected":false},"author":4,"featured_media":385205,"comment_status":"closed","ping_status":"closed","sticky":false,"template":"","format":"standard","meta":{"_monsterinsights_skip_tracking":false,"_monsterinsights_sitenote_active":false,"_monsterinsights_sitenote_note":"","_monsterinsights_sitenote_category":0,"footnotes":""},"categories":[51,86,49],"tags":[],"class_list":["post-384588","post","type-post","status-publish","format-standard","has-post-thumbnail","hentry","category-evidenza-top","category-gr","category-news-18","category-51","category-86","category-49","description-off"],"img_url":"https:\/\/www.radiopiu.net\/wordpress\/wp-content\/uploads\/2024\/04\/WhatsApp-Image-2024-04-12-at-16.36.14.jpeg","_links":{"self":[{"href":"https:\/\/www.radiopiu.net\/wordpress\/wp-json\/wp\/v2\/posts\/384588","targetHints":{"allow":["GET"]}}],"collection":[{"href":"https:\/\/www.radiopiu.net\/wordpress\/wp-json\/wp\/v2\/posts"}],"about":[{"href":"https:\/\/www.radiopiu.net\/wordpress\/wp-json\/wp\/v2\/types\/post"}],"author":[{"embeddable":true,"href":"https:\/\/www.radiopiu.net\/wordpress\/wp-json\/wp\/v2\/users\/4"}],"replies":[{"embeddable":true,"href":"https:\/\/www.radiopiu.net\/wordpress\/wp-json\/wp\/v2\/comments?post=384588"}],"version-history":[{"count":0,"href":"https:\/\/www.radiopiu.net\/wordpress\/wp-json\/wp\/v2\/posts\/384588\/revisions"}],"wp:featuredmedia":[{"embeddable":true,"href":"https:\/\/www.radiopiu.net\/wordpress\/wp-json\/wp\/v2\/media\/385205"}],"wp:attachment":[{"href":"https:\/\/www.radiopiu.net\/wordpress\/wp-json\/wp\/v2\/media?parent=384588"}],"wp:term":[{"taxonomy":"category","embeddable":true,"href":"https:\/\/www.radiopiu.net\/wordpress\/wp-json\/wp\/v2\/categories?post=384588"},{"taxonomy":"post_tag","embeddable":true,"href":"https:\/\/www.radiopiu.net\/wordpress\/wp-json\/wp\/v2\/tags?post=384588"}],"curies":[{"name":"wp","href":"https:\/\/api.w.org\/{rel}","templated":true}]}}