{"id":385219,"date":"2024-04-15T05:27:38","date_gmt":"2024-04-15T03:27:38","guid":{"rendered":"https:\/\/www.radiopiu.net\/wordpress\/?p=385219"},"modified":"2024-04-15T09:32:59","modified_gmt":"2024-04-15T07:32:59","slug":"giornale-radiopiu-15-aprile-2024-direttore-mirko-mezzacasada-40-anni-25-giugno-1983-25-giugno-2023","status":"publish","type":"post","link":"https:\/\/www.radiopiu.net\/wordpress\/giornale-radiopiu-15-aprile-2024-direttore-mirko-mezzacasada-40-anni-25-giugno-1983-25-giugno-2023\/","title":{"rendered":"GIORNALE RADIOPIU 15 APRILE 2024 DIRETTORE MIRKO MEZZACASA\u2026DA 40 ANNI 25 GIUGNO 1983-25 GIUGNO 2023"},"content":{"rendered":"<p>*******<\/p>\n<p>&nbsp;<\/p>\n<h3><a href=\"https:\/\/www.radiopiu.net\/wordpress\/giornale-radiopiu-24-gennaio-2021-direttore-mirko-mezzacasa\/141433770_171616291414874_2957460898102012198_n\/\" rel=\"attachment wp-att-186566\"><img loading=\"lazy\" decoding=\"async\" class=\"wp-image-186566 alignleft\" src=\"https:\/\/www.radiopiu.net\/wordpress\/wp-content\/uploads\/2021\/01\/141433770_171616291414874_2957460898102012198_n-300x300.jpg\" alt=\"\" width=\"144\" height=\"144\" srcset=\"https:\/\/www.radiopiu.net\/wordpress\/wp-content\/uploads\/2021\/01\/141433770_171616291414874_2957460898102012198_n-300x300.jpg 300w, https:\/\/www.radiopiu.net\/wordpress\/wp-content\/uploads\/2021\/01\/141433770_171616291414874_2957460898102012198_n-150x150.jpg 150w, https:\/\/www.radiopiu.net\/wordpress\/wp-content\/uploads\/2021\/01\/141433770_171616291414874_2957460898102012198_n-768x768.jpg 768w, https:\/\/www.radiopiu.net\/wordpress\/wp-content\/uploads\/2021\/01\/141433770_171616291414874_2957460898102012198_n.jpg 800w\" sizes=\"auto, (max-width: 144px) 100vw, 144px\" \/><\/a>PER<strong> RICEVERE QUESTO NOTIZIARIO DIRETTAMENTE SUL TUO CELLULARE ISCRIVITI AL CANALE TELEGRAM <\/strong><strong>\u201cRADIO PIU\u00a0 INFORMAZIONE&#8221;\u00a0<\/strong><\/h3>\n<h3>\u00a0il CANALE TELEGRAM&#8230; UNISCITI A: RADIO PIU INFORMAZIONE<\/h3>\n<p>&nbsp;<\/p>\n<p>&nbsp;<\/p>\n<p><em><a href=\"https:\/\/www.radiopiu.net\/wordpress\/giornale-radiopiu-24-gennaio-2021-direttore-mirko-mezzacasa\/79216601_126817312416448_708980208774483089_n\/\" rel=\"attachment wp-att-186567\"><img loading=\"lazy\" decoding=\"async\" class=\"size-medium wp-image-186567 alignright\" src=\"https:\/\/www.radiopiu.net\/wordpress\/wp-content\/uploads\/2021\/01\/79216601_126817312416448_708980208774483089_n-300x114.jpg\" alt=\"\" width=\"300\" height=\"114\" srcset=\"https:\/\/www.radiopiu.net\/wordpress\/wp-content\/uploads\/2021\/01\/79216601_126817312416448_708980208774483089_n-300x114.jpg 300w, https:\/\/www.radiopiu.net\/wordpress\/wp-content\/uploads\/2021\/01\/79216601_126817312416448_708980208774483089_n-768x292.jpg 768w, https:\/\/www.radiopiu.net\/wordpress\/wp-content\/uploads\/2021\/01\/79216601_126817312416448_708980208774483089_n.jpg 820w\" sizes=\"auto, (max-width: 300px) 100vw, 300px\" \/><\/a><span style=\"color: #ff0000;\">ATTENZIONE: LA NUOVA APP PER IOS-IPHONE di Nicola Vettorello <\/span><\/em><a href=\"https:\/\/apps.apple.com\/it\/app\/radio-pi%C3%B9-emittente-agordina\/id1515939845\">https:\/\/apps.apple.com\/it\/app\/radio-pi%C3%B9-emittente-agordina\/id1515939845<\/a><\/p>\n<p><em style=\"color: #ff0000;\">ATTENZIONE: LA NUOVA APP RADIO\u00a0 PER ANDROID di Nicola Vettorello<\/em><\/p>\n<p><a href=\"https:\/\/play.google.com\/store\/apps\/details?id=net.radiopiu.iniko\" target=\"_blank\" rel=\"noopener noreferrer\">https:\/\/play.google.com\/store\/apps\/details?id=net.radiopiu.iniko\u00a0\u00a0<\/a><\/p>\n<p>&nbsp;<\/p>\n<h3 class=\"kvgmc6g5 cxmmr5t8 oygrvhab hcukyx3x c1et5uql\"><\/h3>\n<div data-block=\"true\" data-editor=\"avj4u\" data-offset-key=\"d3i0j-0-0\">\n<hr \/>\n<\/div>\n<p>&nbsp;<\/p>\n<blockquote>\n<h2><span style=\"color: #00ccff;\">SUL PASSO GIAU E&#8217; ESTATE&#8230;21 GRADI E DUE METRI DI NEVE<\/span><\/h2>\n<\/blockquote>\n<p><strong>REDAZIONE<\/strong> Che le temperature degli ultimi giorni non siano normali lo abbiamo capito da soli ma non succede quasi mai di trovarsi a 2000 metri di altitudine con alle spalle 2 metri neve ed una temperatura di 21 gradi. La foto ci \u00e8 arrivata da Gabriele Riva che si trova sul Passo Giau con degli amici. Vestiti quasi estivi e alle spalle la coltre bianca.<\/p>\n\n\t\t\t<style type='text\/css'>\n\t\t\t\t#gallery-1 {\n\t\t\t\t\tmargin: auto;\n\t\t\t\t}\n\t\t\t\t#gallery-1 .gallery-item {\n\t\t\t\t\tfloat: left;\n\t\t\t\t\tmargin-top: 10px;\n\t\t\t\t\ttext-align: center;\n\t\t\t\t\twidth: 100%;\n\t\t\t\t}\n\t\t\t\t#gallery-1 img {\n\t\t\t\t\tborder: 2px solid #cfcfcf;\n\t\t\t\t}\n\t\t\t\t#gallery-1 .gallery-caption {\n\t\t\t\t\tmargin-left: 0;\n\t\t\t\t}\n\t\t\t\t\/* see gallery_shortcode() in wp-includes\/media.php *\/\n\t\t\t<\/style>\n\t\t<div id='gallery-1' class='dt-gallery-container gallery galleryid-385219 gallery-columns-1 gallery-size-medium'><dl class='gallery-item'>\n\t\t\t\t<dt class='gallery-icon landscape'>\n\t\t\t\t\t<a class=\"rollover rollover-zoom dt-pswp-item\" title=\"Screenshot\" data-dt-img-description=\"\" data-large_image_width=\"1102\" data-large_image_height=\"822\"href='https:\/\/www.radiopiu.net\/wordpress\/wp-content\/uploads\/2024\/04\/SCR-20240414-obfr.jpeg'><img loading=\"lazy\" decoding=\"async\" width=\"300\" height=\"224\" src=\"https:\/\/www.radiopiu.net\/wordpress\/wp-content\/uploads\/2024\/04\/SCR-20240414-obfr-300x224.jpeg\" class=\"attachment-medium size-medium\" alt=\"\" srcset=\"https:\/\/www.radiopiu.net\/wordpress\/wp-content\/uploads\/2024\/04\/SCR-20240414-obfr-300x224.jpeg 300w, https:\/\/www.radiopiu.net\/wordpress\/wp-content\/uploads\/2024\/04\/SCR-20240414-obfr-1024x764.jpeg 1024w, https:\/\/www.radiopiu.net\/wordpress\/wp-content\/uploads\/2024\/04\/SCR-20240414-obfr-768x573.jpeg 768w, https:\/\/www.radiopiu.net\/wordpress\/wp-content\/uploads\/2024\/04\/SCR-20240414-obfr.jpeg 1102w\" sizes=\"auto, (max-width: 300px) 100vw, 300px\" \/><\/a>\n\t\t\t\t<\/dt><\/dl><br style=\"clear: both\" \/>\n\t\t\t<\/div>\n\n<p><iframe loading=\"lazy\" title=\"BELLUNESI NEL MONDO DEL BRASILE IN VISITA NELL&#039;AGORDINO CON IL GRUPPO FOLK DEL POI\" width=\"1200\" height=\"675\" src=\"https:\/\/www.youtube.com\/embed\/tXbMpG1jffw?feature=oembed\" frameborder=\"0\" allow=\"accelerometer; autoplay; clipboard-write; encrypted-media; gyroscope; picture-in-picture; web-share\" referrerpolicy=\"strict-origin-when-cross-origin\" allowfullscreen><\/iframe><\/p>\n<p>&nbsp;<\/p>\n<hr \/>\n<p>&nbsp;<\/p>\n<blockquote>\n<h2>ACQUA INQUINATA A ROCCA PIETORE<\/h2>\n<\/blockquote>\n<p><strong>ROCCA PIETORE<\/strong> in localit\u00e0\u00a0 CARACOI CIMAI l&#8217;acqua erogata dall&#8217;acquedotto non \u00e8 potabile e pu\u00f2 essere usata per scopi alimentari SOLO PREVIA bollitura.<\/p>\n<p>&nbsp;<\/p>\n<div data-block=\"true\" data-editor=\"avj4u\" data-offset-key=\"d3i0j-0-0\">\n<blockquote>\n<h3>ACQUA DI NUOVO POTABILE A TAIBON, VOLTAGO E RIVAMONTE<\/h3>\n<\/blockquote>\n<p><strong>TAIBON <\/strong>\u00a0localit\u00e0 COL DE CARRERA\u00a0 <strong>VOLTAGO\u00a0<\/strong> localit\u00e0 BERTOI, FRASSENE\u2019, VILLA, VIA GIOA e in VIA STRUZ\u00a0 <strong>RIVAMONTE\u00a0<\/strong> VIA ROSSON CIVICO N. 25 e VIA VILLAGRANDE CIVICI N. 45 e 4A l&#8217;acqua erogata dall&#8217;acquedotto \u00e8 di nuovo potabile e pu\u00f2 essere usata, quindi, per scopi alimentari.<\/p>\n<p>&nbsp;<\/p>\n<p>&nbsp;<\/p>\n<hr \/>\n<p>&nbsp;<\/p>\n<blockquote>\n<h3 style=\"text-align: center;\">FRASSENE&#8217; DI VOLTAGO &#8211; RIVAMONTE. VIA LAGHETTI: chiusa<\/h3>\n<\/blockquote>\n<p><a class=\"dt-pswp-item\" href=\"https:\/\/www.radiopiu.net\/wordpress\/wp-content\/uploads\/2024\/04\/8db3d1ea-bae2-41bf-961d-c92a8a4c60da.jpg\" data-dt-img-description=\"\" data-large_image_width=\"1152\" data-large_image_height=\"2048\"><img loading=\"lazy\" decoding=\"async\" class=\"size-medium wp-image-385713 aligncenter\" src=\"https:\/\/www.radiopiu.net\/wordpress\/wp-content\/uploads\/2024\/04\/8db3d1ea-bae2-41bf-961d-c92a8a4c60da-169x300.jpg\" alt=\"\" width=\"169\" height=\"300\" srcset=\"https:\/\/www.radiopiu.net\/wordpress\/wp-content\/uploads\/2024\/04\/8db3d1ea-bae2-41bf-961d-c92a8a4c60da-169x300.jpg 169w, https:\/\/www.radiopiu.net\/wordpress\/wp-content\/uploads\/2024\/04\/8db3d1ea-bae2-41bf-961d-c92a8a4c60da-576x1024.jpg 576w, https:\/\/www.radiopiu.net\/wordpress\/wp-content\/uploads\/2024\/04\/8db3d1ea-bae2-41bf-961d-c92a8a4c60da-768x1365.jpg 768w, https:\/\/www.radiopiu.net\/wordpress\/wp-content\/uploads\/2024\/04\/8db3d1ea-bae2-41bf-961d-c92a8a4c60da-864x1536.jpg 864w, https:\/\/www.radiopiu.net\/wordpress\/wp-content\/uploads\/2024\/04\/8db3d1ea-bae2-41bf-961d-c92a8a4c60da.jpg 1152w\" sizes=\"auto, (max-width: 169px) 100vw, 169px\" \/><\/a><\/p>\n<p>&nbsp;<\/p>\n<p>&nbsp;<\/p>\n<blockquote>\n<h3>ASSEGNATO IL PREMIO AGLI IDIOTI DEL FINE SETTIMANA\u00a0 &#8230; PER ORA NASCOSTO NELLE SUE VERGOGNE<\/h3>\n<\/blockquote>\n<p><strong>VANDALI AD AURONZO<\/strong>: danneggiati mezzi ed attrezzature della protezione civile. &#8220;non ci sono parole&#8221;, lo ha detto Gianpaolo Bottacin, assessore regionale, sulla pagina facebook<\/p>\n<div class=\"x1a8lsjc x1swvt13 x1pi30zi\">\n<div class=\"x1jx94hy x78zum5 x1q0g3np\">\n<div class=\"x78zum5 xdt5ytf xz62fqu x16ldp7u\">\n<div class=\"xu06os2 x1ok221b\">\n<h3 class=\"x1heor9g x1qlqyl8 x1pd3egz x1a2a7pz x1gslohp x1yc453h\"><span class=\"xt0psk2\"><a class=\"x1i10hfl xjbqb8w x1ejq31n xd10rxx x1sy0etr x17r0tee x972fbf xcfux6l x1qhh985 xm0m39n x9f619 x1ypdohk xt0psk2 xe8uvvx xdj266r x11i5rnm xat24cr x1mh8g0r xexx8yu x4uap5 x18d9i69 xkhd6sd x16tdsg8 x1hl2dhg xggy1nq x1a2a7pz xt0b8zv xzsf02u x1s688f\" tabindex=\"0\" role=\"link\" href=\"https:\/\/www.facebook.com\/protezione.civileauronzo?__cft__[0]=AZVEYqfb26QWQtyIRQg362G4ZJiKDxB6lYyzGFLt2MUwrRXg2WYpdk31jhBhKgiWH1FbzWGqSVpUlAlrExYpFvPUgs6RmW2XxVk3eU1F7IN40fOdcme2GcHlYCSbeksU68VaAscEycAFauS7oJYcDyq_LMkx0tx_oQTJx48PjibKHx4P_0mcCv4UnefhgdYPsU32KhWXgilxRonXMGrTvdbu&amp;__tn__=-UC%2CP-y-R\"><strong>Protezione Civile Auronzo ODV<\/strong><\/a> \u00a0<\/span><span style=\"font-size: 14px; font-weight: normal;\">Alcuni nostri mezzi sono stati danneggiati irreparabilmente da vandali. Sfregiata la roulotte, la sala mobile operativa. Oggi scatta la denuncia per ora contro ignoti. Il paese: trovate i responsabili!<\/span><\/h3>\n<\/div>\n<\/div>\n<\/div>\n<\/div>\n<div class=\"x1a8lsjc x1swvt13 x1pi30zi\">\n<div class=\"x1jx94hy x78zum5 x1q0g3np\">\n<div class=\"x78zum5 xdt5ytf xz62fqu x16ldp7u\">\n<div class=\"xu06os2 x1ok221b\">\n\n\t\t\t<style type='text\/css'>\n\t\t\t\t#gallery-2 {\n\t\t\t\t\tmargin: auto;\n\t\t\t\t}\n\t\t\t\t#gallery-2 .gallery-item {\n\t\t\t\t\tfloat: left;\n\t\t\t\t\tmargin-top: 10px;\n\t\t\t\t\ttext-align: center;\n\t\t\t\t\twidth: 25%;\n\t\t\t\t}\n\t\t\t\t#gallery-2 img {\n\t\t\t\t\tborder: 2px solid #cfcfcf;\n\t\t\t\t}\n\t\t\t\t#gallery-2 .gallery-caption {\n\t\t\t\t\tmargin-left: 0;\n\t\t\t\t}\n\t\t\t\t\/* see gallery_shortcode() in wp-includes\/media.php *\/\n\t\t\t<\/style>\n\t\t<div id='gallery-2' class='dt-gallery-container gallery galleryid-385219 gallery-columns-4 gallery-size-thumbnail'><dl class='gallery-item'>\n\t\t\t\t<dt class='gallery-icon landscape'>\n\t\t\t\t\t<a class=\"rollover rollover-zoom dt-pswp-item\" title=\"435464939_844958074339804_4649995803747548840_n\" data-dt-img-description=\"\" data-large_image_width=\"600\" data-large_image_height=\"270\"href='https:\/\/www.radiopiu.net\/wordpress\/wp-content\/uploads\/2024\/04\/435464939_844958074339804_4649995803747548840_n.jpg'><img loading=\"lazy\" decoding=\"async\" width=\"150\" height=\"150\" src=\"https:\/\/www.radiopiu.net\/wordpress\/wp-content\/uploads\/2024\/04\/435464939_844958074339804_4649995803747548840_n-150x150.jpg\" class=\"attachment-thumbnail size-thumbnail\" alt=\"\" \/><\/a>\n\t\t\t\t<\/dt><\/dl><dl class='gallery-item'>\n\t\t\t\t<dt class='gallery-icon portrait'>\n\t\t\t\t\t<a class=\"rollover rollover-zoom dt-pswp-item\" title=\"437744532_844958167673128_324603348035250523_n\" data-dt-img-description=\"\" data-large_image_width=\"270\" data-large_image_height=\"600\"href='https:\/\/www.radiopiu.net\/wordpress\/wp-content\/uploads\/2024\/04\/437744532_844958167673128_324603348035250523_n.jpg'><img loading=\"lazy\" decoding=\"async\" width=\"150\" height=\"150\" src=\"https:\/\/www.radiopiu.net\/wordpress\/wp-content\/uploads\/2024\/04\/437744532_844958167673128_324603348035250523_n-150x150.jpg\" class=\"attachment-thumbnail size-thumbnail\" alt=\"\" \/><\/a>\n\t\t\t\t<\/dt><\/dl><dl class='gallery-item'>\n\t\t\t\t<dt class='gallery-icon landscape'>\n\t\t\t\t\t<a class=\"rollover rollover-zoom dt-pswp-item\" title=\"437768025_844958157673129_5655205989132733422_n\" data-dt-img-description=\"\" data-large_image_width=\"600\" data-large_image_height=\"269\"href='https:\/\/www.radiopiu.net\/wordpress\/wp-content\/uploads\/2024\/04\/437768025_844958157673129_5655205989132733422_n.jpg'><img loading=\"lazy\" decoding=\"async\" width=\"150\" height=\"150\" src=\"https:\/\/www.radiopiu.net\/wordpress\/wp-content\/uploads\/2024\/04\/437768025_844958157673129_5655205989132733422_n-150x150.jpg\" class=\"attachment-thumbnail size-thumbnail\" alt=\"\" \/><\/a>\n\t\t\t\t<\/dt><\/dl><dl class='gallery-item'>\n\t\t\t\t<dt class='gallery-icon portrait'>\n\t\t\t\t\t<a class=\"rollover rollover-zoom dt-pswp-item\" title=\"437746436_844958001006478_8633666114440911862_n\" data-dt-img-description=\"\" data-large_image_width=\"270\" data-large_image_height=\"600\"href='https:\/\/www.radiopiu.net\/wordpress\/wp-content\/uploads\/2024\/04\/437746436_844958001006478_8633666114440911862_n.jpg'><img loading=\"lazy\" decoding=\"async\" width=\"150\" height=\"150\" src=\"https:\/\/www.radiopiu.net\/wordpress\/wp-content\/uploads\/2024\/04\/437746436_844958001006478_8633666114440911862_n-150x150.jpg\" class=\"attachment-thumbnail size-thumbnail\" alt=\"\" \/><\/a>\n\t\t\t\t<\/dt><\/dl><br style=\"clear: both\" \/>\n\t\t\t<\/div>\n\n<p>&#8211;<\/p>\n<\/div>\n<\/div>\n<\/div>\n<\/div>\n<hr \/>\n<\/div>\n<div data-block=\"true\" data-editor=\"avj4u\" data-offset-key=\"d3i0j-0-0\"><\/div>\n<p><span style=\"color: #ff0000;\"><strong>OGGI ALLA RADIO<\/strong><\/span>: <strong>ALLE 7.20<\/strong> EL BAR DEL FIOR, DETTI E TRADIZIONI DI GIULIANA DA RONCH; <strong>ALLE 8.20<\/strong> PIU&#8217; SIAMO CON MARINA DONA&#8217; <strong>ALLE 9.10 I<\/strong>ERI COME OGGI, CON SILVIA BALDO <strong>9 30<\/strong> I RACCONTI DI PAOLO SOPPELSA<strong>\u00a09.40 <\/strong>VIABILITA&#8217; SECONDA EDIZIONE<strong> 10.10<\/strong> CIAK SI GIRA, IL GOSSIP CON PAOLA LANCIATO<strong> ALLE 10.30 <\/strong>PERITI MNERARI NEL MONDO CON L&#8217;APIM-AGORDO<strong> ALLE 11.10 <\/strong>ALDO BRIGADOI CONDUCE CINE HIT, <strong>11.20 <\/strong>DANIELA RINALDI<strong> 12.00 <\/strong>VA TUTTO LISCIO CON MIRCO BENCIVENNI <strong>12.30 <\/strong>GR PRINCIPALE<strong> 13.10 <\/strong>SALUTE E SOCIETA&#8217; CON IL DOTTOR MARCO CARACCIOLO <strong>ALLE 13.20 <\/strong>PRIMA VERA HIT CON MARINA DONA&#8217; <strong>ALLE 15.10<\/strong> LAURA MIANA E SONIA D&#8217;AGOSTINI OSPITI DI RADIOPIU&#8217;, PRESENTIAMO GLI APPUNTAMENTI CON PETTIROSSO AGORDINO<strong> 16.45 <\/strong>LE HIT DI MIRCO BENCIVENNI<\/p>\n<p>&nbsp;<\/p>\n<p>&nbsp;<\/p>\n<div class=\"x11i5rnm xat24cr x1mh8g0r x1vvkbs xtlvy1s x126k92a\">\n<div dir=\"auto\">\n<hr \/>\n<p>&nbsp;<\/p>\n<p>&nbsp;<\/p>\n<div class=\"x11i5rnm xat24cr x1mh8g0r x1vvkbs xtlvy1s x126k92a\">\n<div dir=\"auto\">\n<p><strong><a class=\"dt-pswp-item\" href=\"https:\/\/www.radiopiu.net\/wordpress\/wp-content\/uploads\/2024\/02\/2d44e751-d8a8-461b-8e22-d8e4e853b032.jpg\" data-dt-img-description=\"\" data-large_image_width=\"1600\" data-large_image_height=\"1200\"><img loading=\"lazy\" decoding=\"async\" class=\"wp-image-373307 alignleft\" src=\"https:\/\/www.radiopiu.net\/wordpress\/wp-content\/uploads\/2024\/02\/2d44e751-d8a8-461b-8e22-d8e4e853b032-300x225.jpg\" alt=\"\" width=\"105\" height=\"79\" srcset=\"https:\/\/www.radiopiu.net\/wordpress\/wp-content\/uploads\/2024\/02\/2d44e751-d8a8-461b-8e22-d8e4e853b032-300x225.jpg 300w, https:\/\/www.radiopiu.net\/wordpress\/wp-content\/uploads\/2024\/02\/2d44e751-d8a8-461b-8e22-d8e4e853b032-1024x768.jpg 1024w, https:\/\/www.radiopiu.net\/wordpress\/wp-content\/uploads\/2024\/02\/2d44e751-d8a8-461b-8e22-d8e4e853b032-768x576.jpg 768w, https:\/\/www.radiopiu.net\/wordpress\/wp-content\/uploads\/2024\/02\/2d44e751-d8a8-461b-8e22-d8e4e853b032-1536x1152.jpg 1536w, https:\/\/www.radiopiu.net\/wordpress\/wp-content\/uploads\/2024\/02\/2d44e751-d8a8-461b-8e22-d8e4e853b032.jpg 1600w\" sizes=\"auto, (max-width: 105px) 100vw, 105px\" \/><\/a>EL BAL DEL FIOR, DI GIULIANA DA RONCH, 15 APRILE 2024<\/strong><\/p>\n<\/div>\n<\/div>\n<\/div>\n<div dir=\"auto\">\n<p>&nbsp;<\/p>\n<audio class=\"wp-audio-shortcode\" id=\"audio-385219-1\" preload=\"none\" style=\"width: 100%;\" controls=\"controls\"><source type=\"audio\/mpeg\" src=\"https:\/\/www.radiopiu.net\/wordpress\/wp-content\/uploads\/2024\/04\/GLU.mp3?_=1\" \/><a href=\"https:\/\/www.radiopiu.net\/wordpress\/wp-content\/uploads\/2024\/04\/GLU.mp3\">https:\/\/www.radiopiu.net\/wordpress\/wp-content\/uploads\/2024\/04\/GLU.mp3<\/a><\/audio>\n<p>&nbsp;<\/p>\n<hr \/>\n<\/div>\n<\/div>\n<blockquote>\n<blockquote>\n<h1><span style=\"color: #ff0000;\">I podcast informativi del mattino &#8211; audio &#8211;\u00a0<\/span><\/h1>\n<\/blockquote>\n<p><strong><a class=\"dt-pswp-item\" href=\"https:\/\/www.radiopiu.net\/wordpress\/wp-content\/uploads\/2023\/11\/th-10.jpg\" data-dt-img-description=\"\" data-large_image_width=\"320\" data-large_image_height=\"180\"><img loading=\"lazy\" decoding=\"async\" class=\"wp-image-362866 alignleft\" src=\"https:\/\/www.radiopiu.net\/wordpress\/wp-content\/uploads\/2023\/11\/th-10-300x169.jpg\" alt=\"\" width=\"185\" height=\"104\" srcset=\"https:\/\/www.radiopiu.net\/wordpress\/wp-content\/uploads\/2023\/11\/th-10-300x169.jpg 300w, https:\/\/www.radiopiu.net\/wordpress\/wp-content\/uploads\/2023\/11\/th-10.jpg 320w\" sizes=\"auto, (max-width: 185px) 100vw, 185px\" \/><\/a>LA RASSEGNA STAMPA NAZIONALE ALLA RADIO, OGNI GIORNO ALLE 5 E ALLE 6 DEL MATTINO <span style=\"color: #0000ff;\">viene pubblicata alle 6.00 <span style=\"color: #ff0000;\">DIRETTA RADIO\u00a0 \u00a0\u00a0<\/span><\/span><\/strong><\/p>\n<p>&nbsp;<\/p><\/blockquote>\n<p>&nbsp;<\/p>\n<p>DI STEFANO FAMA&#8217;<\/p>\n<p><strong>Politica<\/strong> G7 sull&#8217;attacco dell&#8217;Iran. Israele richiamati i riservisti per Gaza\u00a0 <strong>Casa Bianca<\/strong>, non vogliamo un escalation in Medio Oriente. B&amp;B Coldiretti, alla scoperta del vino. <strong>Terremoto<\/strong> ai Campi Flegrei. <strong>Roma<\/strong> bus a fuoco.<strong>\u00a0 Sardegna<\/strong> scontro tra moto Genova novit\u00e0 sull&#8217;accoltellamento, arrestato l&#8217;aggressore. <strong>Sport<\/strong> il Napoli sprodonda davanti a Spalletti<\/p>\n<h2>AUDIO dalle 7 del mattino<\/h2>\n<audio class=\"wp-audio-shortcode\" id=\"audio-385219-2\" preload=\"none\" style=\"width: 100%;\" controls=\"controls\"><source type=\"audio\/mpeg\" src=\"https:\/\/www.radiopiu.net\/wordpress\/wp-content\/uploads\/2024\/04\/GIORNALEDELLESEI-13.mp3?_=2\" \/><a href=\"https:\/\/www.radiopiu.net\/wordpress\/wp-content\/uploads\/2024\/04\/GIORNALEDELLESEI-13.mp3\">https:\/\/www.radiopiu.net\/wordpress\/wp-content\/uploads\/2024\/04\/GIORNALEDELLESEI-13.mp3<\/a><\/audio>\n<p>&nbsp;<\/p>\n<p>&nbsp;<\/p>\n<hr \/>\n<p>&nbsp;<\/p>\n<h1 style=\"text-align: center;\"><span style=\"color: #ff0000;\">I podcast informativi del mattino &#8211; audio &#8211;\u00a0<\/span><\/h1>\n<p><strong><a class=\"dt-pswp-item\" href=\"https:\/\/www.radiopiu.net\/wordpress\/wp-content\/uploads\/2023\/12\/images.png\" data-dt-img-description=\"\" data-large_image_width=\"316\" data-large_image_height=\"160\"><img loading=\"lazy\" decoding=\"async\" class=\"wp-image-367008 alignleft\" src=\"https:\/\/www.radiopiu.net\/wordpress\/wp-content\/uploads\/2023\/12\/images-300x152.png\" alt=\"\" width=\"235\" height=\"119\" srcset=\"https:\/\/www.radiopiu.net\/wordpress\/wp-content\/uploads\/2023\/12\/images-300x152.png 300w, https:\/\/www.radiopiu.net\/wordpress\/wp-content\/uploads\/2023\/12\/images.png 316w\" sizes=\"auto, (max-width: 235px) 100vw, 235px\" \/><\/a>OGNI GIORNO ALLE SETTE DEL MATTINO, LA RASSEGNA STAMPA LOCALE FLASH&#8230; PER CHI VA IN FRETTA. I TITOLI DAI GIORNALI E DAL SITO WWW.RADIOPIU.NET <span style=\"color: #0000ff;\">viene pubblicato alle 7.00<\/span> <span style=\"color: #ff0000;\">DIRETTA RADIO\u00a0<\/span><\/strong><\/p>\n<p><em><span style=\"color: #ff0000;\">per chi va in fretta&#8230; tante notizie in pochi minuti. L&#8217;informazione locale alla radio, ogni ora dalle 7 del mattino alle 19 della sera.\u00a0 \u00a0 \u00a0\u00a0<\/span><\/em><\/p>\n<p><strong>REDAZIONE<\/strong> Che le temperature degli ultimi giorni non siano normali lo abbiamo capito da soli ma non succede quasi mai di trovarsi a 2000 metri di altitudine con alle spalle 2 metri neve ed una temperatura di 21 gradi. La foto ci \u00e8 arrivata da Gabriele Riva che si trova sul Passo Giau con degli amici. Vestiti quasi estivi e alle spalle la coltre bianca.<br \/>\n<strong>ROCCA PIETORE<\/strong> in localit\u00e0 CARACOI CIMAI l\u2019acqua erogata dall\u2019acquedotto non \u00e8 potabile e pu\u00f2 essere usata per scopi alimentari SOLO PREVIA bollitura.<br \/>\n<strong>REDAZIONE<\/strong> Veneto Strade comunica che la SP 251 della Val di Zoldo e Cellina verr\u00e0 chiusa per quasi un mese. Il tratto stradale tra il bivio di Rucav\u00e0 e il bivio di Colcuc in comune di Colle Santa Lucia \u00e8 interessato da lavori, pertanto da OGGI al 10 maggio il tratto sar\u00e0 interdetto alla circolazione stradale, sabati domeniche e festivi compresi.<br \/>\n<strong>INCIDENTE DOMESTICO A TAIBON. DONNA SI BRUCIA CON L\u2019ALCOL MENTRE TENTA DI ACCENDERE LA STUFA.<\/strong> Ieri il cuore di Fernanda Garavana Paganin ha smesso di battere, in giornata sar\u00e0 decisa la data dei funerali a Taibon con un abbraccio ai figli Marino, Roberto, la nuora, nipoti e parenti tutti.<br \/>\n<strong>FALCADE<\/strong> Ieri attorno a mezzogiorno l\u2019elicottero del Suem di Pieve di Cadore \u00e8 intervenuto lungo la discesa dalla est del Mulaz, per uno scialpinista che aveva riportato un sospetto trauma al ginocchio. Il 50enne di Venezia, che stava sciando assieme al suo cane, \u00e8 stato individuato dopo una breve ricognizione dall\u2019eliambulanza<br \/>\n<strong>BELLUNO<\/strong> Venerd\u00ec, attorno alle 18:10, il sacrestano del Duomo di Belluno ha segnalato alla Centrale Operativa locale un presunto furto nelle cassette delle offerte dei fedeli. Dopo aver visionato le telecamere di sicurezza, ha notato due individui sospetti armeggiare con le cassette intorno alle 18:00 e ha prontamente contattato la polizia. Gli agenti, giunti sul posto, hanno confermato le attivit\u00e0 sospette dalle registrazioni e hanno rintracciato i sospettati poco distante. Si trattava di un italiano proveniente dalla provincia di Caserta e di un cittadino portoghese, entrambi senza fissa dimora in Italia.<br \/>\n<strong>BELLUNO<\/strong> La Squadra Mobile di Belluno ha eseguito un provvedimento di sospensione della detenzione domiciliare e di carcerazione nei confronti di un uomo di 60 anni residente a Belluno. Questo individuo, posto in detenzione domiciliare a marzo, ha recentemente insultato e minacciato una vicina di casa, portando il Magistrato di Sorveglianza di Venezia a revocare la detenzione domiciliare e farlo tornare in carcere<\/p>\n<h2>AUDIO dalle 7 del mattino<\/h2>\n<audio class=\"wp-audio-shortcode\" id=\"audio-385219-3\" preload=\"none\" style=\"width: 100%;\" controls=\"controls\"><source type=\"audio\/mpeg\" src=\"https:\/\/www.radiopiu.net\/wordpress\/wp-content\/uploads\/2024\/04\/GF07-11.mp3?_=3\" \/><a href=\"https:\/\/www.radiopiu.net\/wordpress\/wp-content\/uploads\/2024\/04\/GF07-11.mp3\">https:\/\/www.radiopiu.net\/wordpress\/wp-content\/uploads\/2024\/04\/GF07-11.mp3<\/a><\/audio>\n<p>&nbsp;<\/p>\n<p>&nbsp;<\/p>\n<p>&nbsp;<\/p>\n<hr \/>\n<p>&nbsp;<\/p>\n<h1><\/h1>\n<h1 style=\"text-align: center;\"><span style=\"color: #ff0000;\"><a class=\"dt-pswp-item\" href=\"https:\/\/www.radiopiu.net\/wordpress\/wp-content\/uploads\/2022\/01\/026c3f9d-dae9-4040-a3c1-a6530231bcc3.jpg\" data-dt-img-description=\"\" data-large_image_width=\"1152\" data-large_image_height=\"2048\"><img loading=\"lazy\" decoding=\"async\" class=\"wp-image-251839 alignleft\" src=\"https:\/\/www.radiopiu.net\/wordpress\/wp-content\/uploads\/2022\/01\/026c3f9d-dae9-4040-a3c1-a6530231bcc3-169x300.jpg\" alt=\"\" width=\"100\" height=\"177\" srcset=\"https:\/\/www.radiopiu.net\/wordpress\/wp-content\/uploads\/2022\/01\/026c3f9d-dae9-4040-a3c1-a6530231bcc3-169x300.jpg 169w, https:\/\/www.radiopiu.net\/wordpress\/wp-content\/uploads\/2022\/01\/026c3f9d-dae9-4040-a3c1-a6530231bcc3-576x1024.jpg 576w, https:\/\/www.radiopiu.net\/wordpress\/wp-content\/uploads\/2022\/01\/026c3f9d-dae9-4040-a3c1-a6530231bcc3-768x1365.jpg 768w, https:\/\/www.radiopiu.net\/wordpress\/wp-content\/uploads\/2022\/01\/026c3f9d-dae9-4040-a3c1-a6530231bcc3-864x1536.jpg 864w, https:\/\/www.radiopiu.net\/wordpress\/wp-content\/uploads\/2022\/01\/026c3f9d-dae9-4040-a3c1-a6530231bcc3.jpg 1152w\" sizes=\"auto, (max-width: 100px) 100vw, 100px\" \/><\/a>I podcast informativi del mattino &#8211; audio &#8211;\u00a0<\/span><\/h1>\n<blockquote><p><strong>GIORNALE RADIO NAZIONALE, EDIZIONE DELLE SETTE <span style=\"color: #0000ff;\">viene pubblicato alle 7.05 <span style=\"color: #ff0000;\">DIRETTA RADIO\u00a0<\/span><\/span><\/strong><\/p><\/blockquote>\n<p><strong>il giornale radionazionale e&#8217; in onda ogni ora, dalle sette del mattino alle venti della sera\u00a0\u00a0<\/strong><\/p>\n<p>&nbsp;<\/p>\n<p><strong>GUERRA<\/strong> 192 girni, alta la tensione dopo gli ultimi attacchi. Erdan chiede sanzioni per Theran che invoca il diritto all&#8217;autodifesa. Basi americane minacciate. <strong>Medio Oritente<\/strong> sull&#8217;orlo del baratro. <strong>UCRAINA<\/strong> 782 giorni di guerra, atteso il voto al congresso degli Stati Uniti. La Germania invia Patriot e missili. <strong>Politica<\/strong> Conte (5 stelle) non accantona la candidatura a Bari di Laforgia. <strong>Calcio,<\/strong> Inter non\u00a0 va oltre il 2-2 con il Cagliari, +14 sul Milan che pareggia<\/p>\n<h2>AUDIO dalle sette del mattino, ogni ora alla radio<\/h2>\n<audio class=\"wp-audio-shortcode\" id=\"audio-385219-4\" preload=\"none\" style=\"width: 100%;\" controls=\"controls\"><source type=\"audio\/mpeg\" src=\"https:\/\/www.radiopiu.net\/wordpress\/wp-content\/uploads\/2024\/04\/giornale07-13.mp3?_=4\" \/><a href=\"https:\/\/www.radiopiu.net\/wordpress\/wp-content\/uploads\/2024\/04\/giornale07-13.mp3\">https:\/\/www.radiopiu.net\/wordpress\/wp-content\/uploads\/2024\/04\/giornale07-13.mp3<\/a><\/audio>\n<p>&nbsp;<\/p>\n<p>&nbsp;<\/p>\n<h2><\/h2>\n<hr \/>\n<p>&nbsp;<\/p>\n<p>&nbsp;<\/p>\n<h1><span style=\"color: #ff0000;\">I podcast informativi del mattino &#8211; video &#8211;\u00a0<\/span><\/h1>\n<h2><strong><a class=\"dt-pswp-item\" href=\"https:\/\/www.radiopiu.net\/wordpress\/wp-content\/uploads\/2023\/12\/th-10.jpg\" data-dt-img-description=\"\" data-large_image_width=\"245\" data-large_image_height=\"180\"><img loading=\"lazy\" decoding=\"async\" class=\" wp-image-367395 alignleft\" src=\"https:\/\/www.radiopiu.net\/wordpress\/wp-content\/uploads\/2023\/12\/th-10.jpg\" alt=\"\" width=\"166\" height=\"122\" \/><\/a>RASSEGNA STAMPA LOCALE, ORE OTTO 05<\/strong><\/h2>\n<h2><strong> <span style=\"color: #0000ff;\">viene\u00a0 <\/span><\/strong><strong><span style=\"color: #0000ff;\">pubblicata alle 8.05 <span style=\"color: #ff0000;\">DIRETTA RADIO\u00a0\u00a0<\/span><\/span><\/strong><\/h2>\n<p><strong>DI MIRKO MEZZACASA\u00a0 \u00a0<\/strong><strong>\u00a0<\/strong><\/p>\n<p>&nbsp;<\/p>\n<p>&nbsp;<\/p>\n<p><strong>DILLO A RADIO PIU\u2019<\/strong>\u2026 TAIBON, IPOTESI FUSIONE CON AGORDO<br \/>\nRiceviamo e pubblichiamo delle considerazioni di un cittadino di Taibon, riferite direttamente in sede radio, a margine degli ultimi sviluppo politici in paese, a due mesi dalle elezioni. &#8221; Forse per un paese di 1800 abitanti, 19,09 abitanti per chilometro quadrato \u00e8 arrivato il momento di pensare ad una possibile FUSIONE con il Comune capoluogo, i due Municipi distano non pi\u00f9 di 3 chilometri. Forse un unico Comune eviter\u00e0 di etichettare Taibon come la periferia della citt\u00e0, dormitorio della grande industria&#8221;.<br \/>\n<strong>TAIBON<\/strong> Il sindaco uscente Silvia Tormen, in sella da dieci anni, potrebbe di nuovo candidarsi per il terzo mandato, recenti provvedimenti di legge glielo permettono, cos\u00ec come ad altri sindaci della vallata in chiusura di secondo mandato.<br \/>\n<strong>feltre<\/strong> TERREMOTO ALLA SCUOLA ELEMENTARE, UN BIMBO DISPERSO. L\u2019ESERCITAZIONE<br \/>\n<strong>ponte nelle alpi<\/strong> DE MENECH INCONTRA LE ASSOCIAZIONI DI VOLONTARIATO<br \/>\n<strong>BELLUNO<\/strong> Il report \u201cLa gestione degli ungulati in provincia di Belluno\u201d presenta i dati relativi alla stagione faunistico-venatoria 2023-2024, confermando la stabilit\u00e0 della popolazione di ungulati nella provincia. I censimenti indicano la presenza di circa 33.366 ungulati, esclusi cinghiali e daini, distribuiti principalmente tra caprioli, cervi, camosci e mufloni.<br \/>\n<strong>LONGARONE<\/strong> A Longarone Fiere Dolomiti, i bambini sono i protagonisti, esplorando la biodiversit\u00e0 bellunese con fantasia e radicati nella realt\u00e0. Il concorso \u201cAdotta un corso d\u2019acqua, adotta un pesce\u201d \u00e8 stato celebrato promosso dalla Fondazione Fantastiche Dolomiti e dalla Federazione dei Bacini di Pesca di Belluno.<br \/>\n<strong>IERI LA GIORNATA ECOLOGICA<\/strong> CON LA PROLOCO DI CENCENIGHE, 70 VOLONTARI ALL&#8217;OPERA. DOPO LA RACCOLTA COME SEMPRE PASTASCIUTTA LA NOF FILO&#8217;<br \/>\n<strong>cgia Mestre<\/strong> VENETO: DA CRISI DEMOGRAFICA MENO PIL DAL MERCATO IMMOBILIARE, TRASPORTI, MODA E RICETTIVO. VANTAGGI, INVECE, PER LE BANCHE<\/p>\n<h1><strong>VIDEO\u00a0 \u00a0in diretta dalle 8 del mattino<\/strong><\/h1>\n<h2><span style=\"color: #0000ff;\"><strong><a style=\"color: #0000ff;\" href=\"https:\/\/www.facebook.com\/radiopiu\/videos\/343706564904395\">DIRETTA VIDEO CLICCA QUI<\/a><\/strong><\/span><\/h2>\n<p>&nbsp;<\/p>\n<p>&nbsp;<\/p>\n<hr \/>\n<p><strong>\u00a0 \u00a0<\/strong><\/p>\n<blockquote>\n<h3>SP 251 DELLA VAL DI ZOLDO E CELLINA CHIUSA PER UN MESE A COLLE SANTA LUCIA<\/h3>\n<\/blockquote>\n<p><strong>REDAZIONE<\/strong> Veneto Strade comunica che la SP 251 della Val di Zoldo e Cellina verr\u00e0 chiusa per quasi un mese. Il tratto stradale tra il bivio di Rucav\u00e0 e il bivio di Colcuc in comune di Colle Santa Lucia \u00e8 interessato da lavori, pertanto dal 15 aprile al 10 maggio il tratto sar\u00e0 interdetto alla circolazione stradale, sabati domeniche e festivi compresi.<\/p>\n<p>&nbsp;<\/p>\n<p>&nbsp;<\/p>\n<hr \/>\n<p>&nbsp;<\/p>\n<blockquote>\n<h3>INCIDENTE DOMESTICO A TAIBON. DONNA SI BRUCIA CON L&#8217;ALCOL MENTRE TENTA DI ACCENDERE LA STUFA.<\/h3>\n<\/blockquote>\n<p><strong><a class=\"dt-pswp-item\" href=\"https:\/\/www.radiopiu.net\/wordpress\/wp-content\/uploads\/2019\/05\/ELI-SUEM-SOCC-2-1.jpg\" data-dt-img-description=\"\" data-large_image_width=\"1600\" data-large_image_height=\"900\"><img loading=\"lazy\" decoding=\"async\" class=\" wp-image-86193 alignleft\" src=\"https:\/\/www.radiopiu.net\/wordpress\/wp-content\/uploads\/2019\/05\/ELI-SUEM-SOCC-2-1-300x169.jpg\" alt=\"\" width=\"204\" height=\"115\" srcset=\"https:\/\/www.radiopiu.net\/wordpress\/wp-content\/uploads\/2019\/05\/ELI-SUEM-SOCC-2-1-300x169.jpg 300w, https:\/\/www.radiopiu.net\/wordpress\/wp-content\/uploads\/2019\/05\/ELI-SUEM-SOCC-2-1-768x432.jpg 768w, https:\/\/www.radiopiu.net\/wordpress\/wp-content\/uploads\/2019\/05\/ELI-SUEM-SOCC-2-1-1024x576.jpg 1024w, https:\/\/www.radiopiu.net\/wordpress\/wp-content\/uploads\/2019\/05\/ELI-SUEM-SOCC-2-1.jpg 1600w\" sizes=\"auto, (max-width: 204px) 100vw, 204px\" \/><\/a>TAIBON<\/strong> Ambulanza ed elicottero del Suem sono intervenuti a Taibon sabato di primo mattino per un incidente domestico che ha coinvolto una signora, Fernanda Garavana Paganin di 92 anni del posto. Tutto \u00e8 successo quando la donna ha deciso di accendere la stufa con l&#8217;aiuto di alcol. Il ritorno di fiamma \u00e8 stato fatale e la donna \u00e8 stata avvolta dalle fiamme. I figli hanno subito chiamato i soccorsi. Immediato l&#8217;arrivo dei soccorsi dal vicino ospedale Papa Luciani di Agordo e poi l&#8217;arrivo di Falco che ha elitrasportato la donna all&#8217;ospedale in condizioni gravi. Nella notte tra sabato e domenica la donna \u00e8 morta nel reparto rianimazione dell&#8217;ospedale San Martino di Belluno.<\/p>\n<p>&nbsp;<\/p>\n<p>&nbsp;<\/p>\n<hr \/>\n<p>&nbsp;<\/p>\n<blockquote>\n<h3>FALCO AL MULAZ, SCI ALPINISTA SOCCORSO PER I TRAUMI SUBITI<\/h3>\n<\/blockquote>\n<p><strong>FALCADE <\/strong>Ieri attorno a mezzogiorno l&#8217;elicottero del Suem di Pieve di Cadore \u00e8 intervenuto lungo la discesa dalla est del Mulaz, per uno scialpinista che aveva riportato un sospetto trauma al ginocchio. Il 50enne di Venezia, che stava sciando assieme al suo cane, \u00e8 stato individuato dopo una breve ricognizione dall&#8217;eliambulanza, che ha sbarcato nelle vicinanze il tecnico di elisoccorso in hovering, il quale ha prima caricato il cane nello zaino. L&#8217;elicottero ha quindi recuperato con un verricello, soccorritore, infortunato e cane. L&#8217;animale \u00e8 stato lasciato in piazzola a Falcade, mentre lo sciatore \u00e8 stato trasportato all&#8217;ospedale di Agordo.<\/p>\n\n\t\t\t<style type='text\/css'>\n\t\t\t\t#gallery-3 {\n\t\t\t\t\tmargin: auto;\n\t\t\t\t}\n\t\t\t\t#gallery-3 .gallery-item {\n\t\t\t\t\tfloat: left;\n\t\t\t\t\tmargin-top: 10px;\n\t\t\t\t\ttext-align: center;\n\t\t\t\t\twidth: 25%;\n\t\t\t\t}\n\t\t\t\t#gallery-3 img {\n\t\t\t\t\tborder: 2px solid #cfcfcf;\n\t\t\t\t}\n\t\t\t\t#gallery-3 .gallery-caption {\n\t\t\t\t\tmargin-left: 0;\n\t\t\t\t}\n\t\t\t\t\/* see gallery_shortcode() in wp-includes\/media.php *\/\n\t\t\t<\/style>\n\t\t<div id='gallery-3' class='dt-gallery-container gallery galleryid-385219 gallery-columns-4 gallery-size-thumbnail'><dl class='gallery-item'>\n\t\t\t\t<dt class='gallery-icon portrait'>\n\t\t\t\t\t<a class=\"rollover rollover-zoom dt-pswp-item\" title=\"525f2e62-0d35-401f-8562-50ba4b9926e6\" data-dt-img-description=\"\" data-large_image_width=\"1041\" data-large_image_height=\"2048\"href='https:\/\/www.radiopiu.net\/wordpress\/wp-content\/uploads\/2024\/04\/525f2e62-0d35-401f-8562-50ba4b9926e6-1.jpg'><img loading=\"lazy\" decoding=\"async\" width=\"150\" height=\"150\" src=\"https:\/\/www.radiopiu.net\/wordpress\/wp-content\/uploads\/2024\/04\/525f2e62-0d35-401f-8562-50ba4b9926e6-1-150x150.jpg\" class=\"attachment-thumbnail size-thumbnail\" alt=\"\" \/><\/a>\n\t\t\t\t<\/dt><\/dl><dl class='gallery-item'>\n\t\t\t\t<dt class='gallery-icon portrait'>\n\t\t\t\t\t<a class=\"rollover rollover-zoom dt-pswp-item\" title=\"bd3a4297-8746-48d6-b628-97b0cc9638eb\" data-dt-img-description=\"\" data-large_image_width=\"976\" data-large_image_height=\"2048\"href='https:\/\/www.radiopiu.net\/wordpress\/wp-content\/uploads\/2024\/04\/bd3a4297-8746-48d6-b628-97b0cc9638eb-1.jpg'><img loading=\"lazy\" decoding=\"async\" width=\"150\" height=\"150\" src=\"https:\/\/www.radiopiu.net\/wordpress\/wp-content\/uploads\/2024\/04\/bd3a4297-8746-48d6-b628-97b0cc9638eb-1-150x150.jpg\" class=\"attachment-thumbnail size-thumbnail\" alt=\"\" \/><\/a>\n\t\t\t\t<\/dt><\/dl><dl class='gallery-item'>\n\t\t\t\t<dt class='gallery-icon landscape'>\n\t\t\t\t\t<a class=\"rollover rollover-zoom dt-pswp-item\" title=\"9bdde505-73e3-477e-b51e-c94ed29fdd30\" data-dt-img-description=\"\" data-large_image_width=\"1600\" data-large_image_height=\"900\"href='https:\/\/www.radiopiu.net\/wordpress\/wp-content\/uploads\/2024\/04\/9bdde505-73e3-477e-b51e-c94ed29fdd30-1.jpg'><img loading=\"lazy\" decoding=\"async\" width=\"150\" height=\"150\" src=\"https:\/\/www.radiopiu.net\/wordpress\/wp-content\/uploads\/2024\/04\/9bdde505-73e3-477e-b51e-c94ed29fdd30-1-150x150.jpg\" class=\"attachment-thumbnail size-thumbnail\" alt=\"\" \/><\/a>\n\t\t\t\t<\/dt><\/dl><dl class='gallery-item'>\n\t\t\t\t<dt class='gallery-icon portrait'>\n\t\t\t\t\t<a class=\"rollover rollover-zoom dt-pswp-item\" title=\"b8cdb416-bdee-4f4d-81a8-b60c58dc8425\" data-dt-img-description=\"\" data-large_image_width=\"900\" data-large_image_height=\"1600\"href='https:\/\/www.radiopiu.net\/wordpress\/wp-content\/uploads\/2024\/04\/b8cdb416-bdee-4f4d-81a8-b60c58dc8425-1.jpg'><img loading=\"lazy\" decoding=\"async\" width=\"150\" height=\"150\" src=\"https:\/\/www.radiopiu.net\/wordpress\/wp-content\/uploads\/2024\/04\/b8cdb416-bdee-4f4d-81a8-b60c58dc8425-1-150x150.jpg\" class=\"attachment-thumbnail size-thumbnail\" alt=\"\" \/><\/a>\n\t\t\t\t<\/dt><\/dl><br style=\"clear: both\" \/><dl class='gallery-item'>\n\t\t\t\t<dt class='gallery-icon portrait'>\n\t\t\t\t\t<a class=\"rollover rollover-zoom dt-pswp-item\" title=\"948c6313-fd48-40e7-a173-440f8d862bf9\" data-dt-img-description=\"\" data-large_image_width=\"900\" data-large_image_height=\"1600\"href='https:\/\/www.radiopiu.net\/wordpress\/wp-content\/uploads\/2024\/04\/948c6313-fd48-40e7-a173-440f8d862bf9-1.jpg'><img loading=\"lazy\" decoding=\"async\" width=\"150\" height=\"150\" src=\"https:\/\/www.radiopiu.net\/wordpress\/wp-content\/uploads\/2024\/04\/948c6313-fd48-40e7-a173-440f8d862bf9-1-150x150.jpg\" class=\"attachment-thumbnail size-thumbnail\" alt=\"\" \/><\/a>\n\t\t\t\t<\/dt><\/dl><dl class='gallery-item'>\n\t\t\t\t<dt class='gallery-icon landscape'>\n\t\t\t\t\t<a class=\"rollover rollover-zoom dt-pswp-item\" title=\"e9347eec-0cfb-46d7-a0f8-3a90445f2530\" data-dt-img-description=\"\" data-large_image_width=\"1600\" data-large_image_height=\"900\"href='https:\/\/www.radiopiu.net\/wordpress\/wp-content\/uploads\/2024\/04\/e9347eec-0cfb-46d7-a0f8-3a90445f2530-1.jpg'><img loading=\"lazy\" decoding=\"async\" width=\"150\" height=\"150\" src=\"https:\/\/www.radiopiu.net\/wordpress\/wp-content\/uploads\/2024\/04\/e9347eec-0cfb-46d7-a0f8-3a90445f2530-1-150x150.jpg\" class=\"attachment-thumbnail size-thumbnail\" alt=\"\" \/><\/a>\n\t\t\t\t<\/dt><\/dl><dl class='gallery-item'>\n\t\t\t\t<dt class='gallery-icon portrait'>\n\t\t\t\t\t<a class=\"rollover rollover-zoom dt-pswp-item\" title=\"d26ea18c-09f5-488a-aada-8046027d4f8b\" data-dt-img-description=\"\" data-large_image_width=\"900\" data-large_image_height=\"1600\"href='https:\/\/www.radiopiu.net\/wordpress\/wp-content\/uploads\/2024\/04\/d26ea18c-09f5-488a-aada-8046027d4f8b-1.jpg'><img loading=\"lazy\" decoding=\"async\" width=\"150\" height=\"150\" src=\"https:\/\/www.radiopiu.net\/wordpress\/wp-content\/uploads\/2024\/04\/d26ea18c-09f5-488a-aada-8046027d4f8b-1-150x150.jpg\" class=\"attachment-thumbnail size-thumbnail\" alt=\"\" \/><\/a>\n\t\t\t\t<\/dt><\/dl><dl class='gallery-item'>\n\t\t\t\t<dt class='gallery-icon landscape'>\n\t\t\t\t\t<a class=\"rollover rollover-zoom dt-pswp-item\" title=\"4cf4e363-7f2b-4c5c-8d59-1caafded3143\" data-dt-img-description=\"\" data-large_image_width=\"1600\" data-large_image_height=\"900\"href='https:\/\/www.radiopiu.net\/wordpress\/wp-content\/uploads\/2024\/04\/4cf4e363-7f2b-4c5c-8d59-1caafded3143-1.jpg'><img loading=\"lazy\" decoding=\"async\" width=\"150\" height=\"150\" src=\"https:\/\/www.radiopiu.net\/wordpress\/wp-content\/uploads\/2024\/04\/4cf4e363-7f2b-4c5c-8d59-1caafded3143-1-150x150.jpg\" class=\"attachment-thumbnail size-thumbnail\" alt=\"\" \/><\/a>\n\t\t\t\t<\/dt><\/dl><br style=\"clear: both\" \/>\n\t\t\t<\/div>\n\n<p>&nbsp;<\/p>\n<hr \/>\n<p>&nbsp;<\/p>\n<blockquote>\n<h3>RUBANO DALLA CASSETTA DELLE OFFERTE DEL DUOMO DI BELLUNO. FERMATI DUE UOMINI<\/h3>\n<\/blockquote>\n<p><strong><a class=\"dt-pswp-item\" href=\"https:\/\/www.radiopiu.net\/wordpress\/wp-content\/uploads\/2022\/05\/POLIZIA-1.jpg\" data-dt-img-description=\"\" data-large_image_width=\"1920\" data-large_image_height=\"1080\"><img loading=\"lazy\" decoding=\"async\" class=\" wp-image-278032 alignleft\" src=\"https:\/\/www.radiopiu.net\/wordpress\/wp-content\/uploads\/2022\/05\/POLIZIA-1-300x169.jpg\" alt=\"\" width=\"151\" height=\"85\" srcset=\"https:\/\/www.radiopiu.net\/wordpress\/wp-content\/uploads\/2022\/05\/POLIZIA-1-300x169.jpg 300w, https:\/\/www.radiopiu.net\/wordpress\/wp-content\/uploads\/2022\/05\/POLIZIA-1-1024x576.jpg 1024w, https:\/\/www.radiopiu.net\/wordpress\/wp-content\/uploads\/2022\/05\/POLIZIA-1-768x432.jpg 768w, https:\/\/www.radiopiu.net\/wordpress\/wp-content\/uploads\/2022\/05\/POLIZIA-1-1536x864.jpg 1536w, https:\/\/www.radiopiu.net\/wordpress\/wp-content\/uploads\/2022\/05\/POLIZIA-1.jpg 1920w\" sizes=\"auto, (max-width: 151px) 100vw, 151px\" \/><\/a>BELLUNO<\/strong> Venerd\u00ec, attorno alle 18:10, il sacrestano del Duomo di Belluno ha segnalato alla Centrale Operativa locale un presunto furto nelle cassette delle offerte dei fedeli. Dopo aver visionato le telecamere di sicurezza, ha notato due individui sospetti armeggiare con le cassette intorno alle 18:00 e ha prontamente contattato la polizia. Gli agenti, giunti sul posto, hanno confermato le attivit\u00e0 sospette dalle registrazioni e hanno rintracciato i sospettati poco distante. Si trattava di un italiano proveniente dalla provincia di Caserta e di un cittadino portoghese, entrambi senza fissa dimora in Italia. Dopo un breve tentativo di negare il coinvolgimento, hanno ammesso il furto utilizzando un dispositivo fatto in casa trovato nei loro zaini. In Questura, sono stati trovati in possesso di denaro, torce, un coltellino multiuso e cacciaviti di piccole dimensioni. I due sono stati indagati per furto aggravato e possesso ingiustificato di attrezzi per scasso e deferiti all&#8217;Autorit\u00e0 Giudiziaria.<\/p>\n<p>&nbsp;<\/p>\n<p>&nbsp;<\/p>\n<hr \/>\n<p>&nbsp;<\/p>\n<blockquote>\n<h3>VIOLA LA MISURA ALTERNATIVA: ARRESTATO DALLA POLIZIA DI STATO<\/h3>\n<\/blockquote>\n<p><strong><a class=\"dt-pswp-item\" href=\"https:\/\/www.radiopiu.net\/wordpress\/wp-content\/uploads\/2018\/09\/POLIZIA-2.jpg\" data-dt-img-description=\"\" data-large_image_width=\"768\" data-large_image_height=\"512\"><img loading=\"lazy\" decoding=\"async\" class=\" wp-image-60259 alignleft\" src=\"https:\/\/www.radiopiu.net\/wordpress\/wp-content\/uploads\/2018\/09\/POLIZIA-2-300x200.jpg\" alt=\"\" width=\"191\" height=\"127\" srcset=\"https:\/\/www.radiopiu.net\/wordpress\/wp-content\/uploads\/2018\/09\/POLIZIA-2-300x200.jpg 300w, https:\/\/www.radiopiu.net\/wordpress\/wp-content\/uploads\/2018\/09\/POLIZIA-2.jpg 768w\" sizes=\"auto, (max-width: 191px) 100vw, 191px\" \/><\/a>BELLUNO <\/strong>La Squadra Mobile di Belluno ha eseguito un provvedimento di sospensione della detenzione domiciliare e di carcerazione nei confronti di un uomo di 60 anni residente a Belluno. Questo individuo, posto in detenzione domiciliare a marzo, ha recentemente insultato e minacciato una vicina di casa, portando il Magistrato di Sorveglianza di Venezia a revocare la detenzione domiciliare e farlo tornare in carcere. La decisione fa parte dell&#8217;esecuzione di una pena definitiva per tentate lesioni gravi, resistenza a pubblico ufficiale e oltraggio a un magistrato in udienza. L&#8217;uomo \u00e8 stato quindi trasferito alla Casa Circondariale locale.<\/p>\n<p>&nbsp;<\/p>\n<p>&nbsp;<\/p>\n<hr \/>\n<p>&nbsp;<\/p>\n<blockquote>\n<h3 class=\"entry-title\">DILLO A RADIO PIU\u2019\u2026 TAIBON, IPOTESI FUSIONE CON AGORDO<\/h3>\n<\/blockquote>\n<p>Riceviamo e pubblichiamo delle considerazioni di un cittadino di Taibon, riferite direttamente in sede radio, a margine degli ultimi sviluppo politici in paese, a due mesi dalle elezioni.<\/p>\n<p>&nbsp;<\/p>\n<p><strong><img loading=\"lazy\" decoding=\"async\" class=\"alignleft\" src=\"https:\/\/www.radiopiu.net\/wordpress\/wp-content\/uploads\/2023\/02\/taibon.jpg\" width=\"277\" height=\"156\" \/>TAIBON<\/strong>\u00a0poco meno di 1800 abitantI, 91 kmq di superfice. Il sindaco uscente dopo 2 mandati (dal 26 maggio 2014) dice pubblicamente per mesi di NON volersi pi\u00f9 ricandidare per vari motivi (ultima dichiarazione ufficiale poche settimane fa alla radio) e poi invece ci ripensa e improvvisamente in poche righe fa scattare l\u2019ultimatum<em>\u00a0\u201cse entro l\u201911 maggio non vedo nessuna lista abbiamo pensato di \u2026 ricandidarci\u201d,<\/em><br \/>\nQuando in un\u00a0 paese succede questo significa che chi si ricandida non lo fa non perch\u00e9 ci crede ma PER EVITARE IL COMMISSARIAMENTO, questa infatti \u00e8 la dichiarazione ufficiale, scritta e firmata.<br \/>\nTaibon ha bisogno di amministratori forti, appassionati non costretti dagli eventi, capaci, con voglia di fare, perch\u00e9 i problemi sono tanti, dal guard rail su una strada a terra da mesi nonostante gli appelli dei \u201cpaesani\u201d alla radio e attraverso i canali ufficiali. Un paese con una valle fantastica, La Valle di San Lucano, dove sono state messe tabelle stupende, ma la ciclabile ad esempio \u00e8 spesso interrotta, i locali chiudono e quelli che dovrebbero aprire sono ancora chiusi. Per non parlare del versante delle Pale di San Lucano dove la taglia fuoco \u00e8 diventata realt\u00e0,\u00a0 ma gli alberi di Vaia dopo 5 anni sono ancora desolatamente a terra.<br \/>\nA quanto pare trovare uomini e donne con la voglia di far riprendere la crescita del paese non \u00e8 facile, nessuno\u00a0 pare ci creda, ed evidenzo che chi sta uscendo dalla porta\u00a0 per rientrare dalla finestra la motivazione l\u2019ha trovata \u00e8 vero, ma solo per evitare l\u2019uomo o la donna\u00a0 della Prefettura, per un anno,\u00a0 in attesa delle prossime elezioni che non \u00e8 escluso possano portare allo stesso risultato. Forse per un paese di 1800 abitanti,\u00a0 19,09 abitanti per chilometro quadrato \u00e8 arrivato il momento di pensare ad una possibile FUSIONE con il Comune capoluogo, i due Municipi distano non pi\u00f9 di 3 chilometri. Forse un unico Comune eviter\u00e0 di etichettare Taibon come la periferia della citt\u00e0, dormitorio della grande industria.<\/p>\n<p>LETTERA FIRMATA<br \/>\nun cittadino di Taibon<\/p>\n<p>&nbsp;<\/p>\n<p><strong>SILVIA TORMEN A GENNAIO<\/strong><\/p>\n<audio class=\"wp-audio-shortcode\" id=\"audio-385219-5\" preload=\"none\" style=\"width: 100%;\" controls=\"controls\"><source type=\"audio\/mpeg\" src=\"https:\/\/www.radiopiu.net\/wordpress\/wp-content\/uploads\/2024\/04\/SILVIA-GENNAIO.mp3?_=5\" \/><a href=\"https:\/\/www.radiopiu.net\/wordpress\/wp-content\/uploads\/2024\/04\/SILVIA-GENNAIO.mp3\">https:\/\/www.radiopiu.net\/wordpress\/wp-content\/uploads\/2024\/04\/SILVIA-GENNAIO.mp3<\/a><\/audio>\n<p>&nbsp;<\/p>\n<p>&nbsp;<\/p>\n<blockquote>\n<h3>TAIBON, VERSO LE ELEZIONI. TORMEN &#8220;SE SERVE PER EVITARE IL COMMISSARIAMENTO CI FAREMO TROVARE PRONTI&#8221;<\/h3>\n<\/blockquote>\n<p><strong><a class=\"dt-pswp-item\" href=\"https:\/\/www.radiopiu.net\/wordpress\/wp-content\/uploads\/2024\/04\/th-2.jpg\" data-dt-img-description=\"\" data-large_image_width=\"360\" data-large_image_height=\"180\"><img loading=\"lazy\" decoding=\"async\" class=\" wp-image-383599 alignleft\" src=\"https:\/\/www.radiopiu.net\/wordpress\/wp-content\/uploads\/2024\/04\/th-2-300x150.jpg\" alt=\"\" width=\"254\" height=\"127\" srcset=\"https:\/\/www.radiopiu.net\/wordpress\/wp-content\/uploads\/2024\/04\/th-2-300x150.jpg 300w, https:\/\/www.radiopiu.net\/wordpress\/wp-content\/uploads\/2024\/04\/th-2.jpg 360w\" sizes=\"auto, (max-width: 254px) 100vw, 254px\" \/><\/a>TAIBON<\/strong> Il sindaco uscente Silvia Tormen, in sella da dieci anni, potrebbe di nuovo candidarsi per il terzo mandato, recenti provvedimenti di legge glielo permettono, cos\u00ec come ad altri sindaci della vallata in chiusura di secondo mandato.<\/p>\n<p>Silvia Tormen aveva recentemente, ma anche in tempi pi\u00f9 lunghi, confermato l&#8217;intenzione di non ricandidarsi. Qualche cosa \u00e8 cambiato con questa motivazione: scongiurare un commissariamento del Comune. L&#8217;ipotesi commissariamento nasce da una conseguenza, a poche settimane dalle elezioni regna il silenzio <em>&#8220;Per questo &#8211; dice Silvia Tormen &#8211; l&#8217;amministrazione comunale uscente guarda al futuro con molta preoccupazione&#8221;<\/em> e quando parla di amministrazione comunale il sindaco intende sia la maggioranza che l&#8217;opposizione i cui componenti si sono incontrarti di recente per riflettere sulla tematica. <em>&#8220;<\/em><em>Pertanto &#8211; dice Silvia Tormen &#8211;\u00a0 la volont\u00e0 attuale \u00e8 quella di farsi trovare eventualmente pronti l\u2019ultimo giorno utile, l\u2019undici di maggio, con una lista da presentare per garantire un governo locale al nostro ente&#8221;.\u00a0<\/em><\/p>\n<p>&nbsp;<\/p>\n<hr \/>\n<p>&nbsp;<\/p>\n<p>&nbsp;<\/p>\n<h2><span style=\"color: #ff0000;\">LA RASSEGNA STAMPA DA L&#8217;AMICO DEL POPOLO<\/span><\/h2>\n<p><strong><a class=\"dt-pswp-item\" href=\"https:\/\/www.radiopiu.net\/wordpress\/wp-content\/uploads\/2024\/04\/VALLADA-FABIO-LUCHETTA.jpg\" data-dt-img-description=\"\" data-large_image_width=\"1396\" data-large_image_height=\"1600\"><img loading=\"lazy\" decoding=\"async\" class=\" wp-image-385339 alignleft\" src=\"https:\/\/www.radiopiu.net\/wordpress\/wp-content\/uploads\/2024\/04\/VALLADA-FABIO-LUCHETTA-262x300.jpg\" alt=\"\" width=\"146\" height=\"167\" srcset=\"https:\/\/www.radiopiu.net\/wordpress\/wp-content\/uploads\/2024\/04\/VALLADA-FABIO-LUCHETTA-262x300.jpg 262w, https:\/\/www.radiopiu.net\/wordpress\/wp-content\/uploads\/2024\/04\/VALLADA-FABIO-LUCHETTA-893x1024.jpg 893w, https:\/\/www.radiopiu.net\/wordpress\/wp-content\/uploads\/2024\/04\/VALLADA-FABIO-LUCHETTA-768x880.jpg 768w, https:\/\/www.radiopiu.net\/wordpress\/wp-content\/uploads\/2024\/04\/VALLADA-FABIO-LUCHETTA-1340x1536.jpg 1340w, https:\/\/www.radiopiu.net\/wordpress\/wp-content\/uploads\/2024\/04\/VALLADA-FABIO-LUCHETTA.jpg 1396w\" sizes=\"auto, (max-width: 146px) 100vw, 146px\" \/><\/a>DI GIANNI SANTOMASO<\/strong><\/p>\n<p>OSPITE: Fabio Luchetta, sindaco di Vallada Agordina<\/p>\n<audio class=\"wp-audio-shortcode\" id=\"audio-385219-6\" preload=\"none\" style=\"width: 100%;\" controls=\"controls\"><source type=\"audio\/mpeg\" src=\"https:\/\/www.radiopiu.net\/wordpress\/wp-content\/uploads\/2024\/04\/RASSEGNA-GIANNI-2.mp3?_=6\" \/><a href=\"https:\/\/www.radiopiu.net\/wordpress\/wp-content\/uploads\/2024\/04\/RASSEGNA-GIANNI-2.mp3\">https:\/\/www.radiopiu.net\/wordpress\/wp-content\/uploads\/2024\/04\/RASSEGNA-GIANNI-2.mp3<\/a><\/audio>\n<p>&nbsp;<\/p>\n<p>&nbsp;<\/p>\n<hr \/>\n<p>&nbsp;<\/p>\n<blockquote>\n<h3 class=\"entry-title\">TERREMOTO ALLA SCUOLA ELEMENTARE, UN BIMBO DISPERSO. L\u2019ESERCITAZIONE<\/h3>\n<\/blockquote>\n<p><strong>FELTRE\u00a0<\/strong>\u201cSimulazione Terremoto alla Scuola Elementare con Bimbo Disperso: Esercitazione di Protezione Civile ad Arsi\u00e8\u201d \u2013 Un esercizio di Protezione Civile a Arsi\u00e8 simula un terremoto alla scuola elementare, coinvolgendo vigili del fuoco, ambulanze e protezione civile nella ricerca di un bambino disperso. La procedura include la ricerca con unit\u00e0 cinofile e il trasferimento degli alunni agli impianti sportivi, dove vengono testate varie attivit\u00e0 pratiche, come spegnere un piccolo incendio. L\u2019assessore regionale alla Protezione Civile Gianpaolo Bottacin assiste all\u2019esercitazione, interagendo con i bambini e osservando le operazioni in corso.<\/p>\n<p>&nbsp;<\/p>\n<p>&nbsp;<\/p>\n<hr \/>\n<p>&nbsp;<\/p>\n<blockquote>\n<h3><a class=\"dt-pswp-item\" href=\"https:\/\/www.radiopiu.net\/wordpress\/wp-content\/uploads\/2024\/04\/De_Menech_incontra_le_associazioni_di_volontariato.jpg\" data-dt-img-description=\"\" data-large_image_width=\"1420\" data-large_image_height=\"2131\"><img loading=\"lazy\" decoding=\"async\" class=\" wp-image-385355 alignleft\" src=\"https:\/\/www.radiopiu.net\/wordpress\/wp-content\/uploads\/2024\/04\/De_Menech_incontra_le_associazioni_di_volontariato-200x300.jpg\" alt=\"\" width=\"105\" height=\"158\" srcset=\"https:\/\/www.radiopiu.net\/wordpress\/wp-content\/uploads\/2024\/04\/De_Menech_incontra_le_associazioni_di_volontariato-200x300.jpg 200w, https:\/\/www.radiopiu.net\/wordpress\/wp-content\/uploads\/2024\/04\/De_Menech_incontra_le_associazioni_di_volontariato-682x1024.jpg 682w, https:\/\/www.radiopiu.net\/wordpress\/wp-content\/uploads\/2024\/04\/De_Menech_incontra_le_associazioni_di_volontariato-768x1153.jpg 768w, https:\/\/www.radiopiu.net\/wordpress\/wp-content\/uploads\/2024\/04\/De_Menech_incontra_le_associazioni_di_volontariato-1024x1536.jpg 1024w, https:\/\/www.radiopiu.net\/wordpress\/wp-content\/uploads\/2024\/04\/De_Menech_incontra_le_associazioni_di_volontariato-1365x2048.jpg 1365w, https:\/\/www.radiopiu.net\/wordpress\/wp-content\/uploads\/2024\/04\/De_Menech_incontra_le_associazioni_di_volontariato.jpg 1420w\" sizes=\"auto, (max-width: 105px) 100vw, 105px\" \/><\/a>DE MENECH INCONTRA LE ASSOCIAZIONI DI VOLONTARIATO<\/h3>\n<\/blockquote>\n<p><strong>PONTE NELLE ALPI<\/strong> Per il candidato sindaco Roger De Menech e la lista civica &#8220;Fare Comune&#8221; continuano gli incontri territoriali, questa volta con le associazioni di volontariato a Ponte nelle Alpi. Emergono molteplici punti, inclusa la riqualificazione della zona di Nuova Erto per le associazioni, l&#8217;ampliamento della Biblioteca civica e dell&#8217;asilo di Paiane, e il potenziamento del Centro di Protezione civile di Criol con finanziamenti regionali. Si propone anche la creazione di uno &#8220;Sportello del volontariato&#8221; per gestire meglio le esigenze burocratiche e accedere a finanziamenti, in linea con il nuovo Codice del Terzo Settore.<\/p>\n<p>&nbsp;<\/p>\n<p>&nbsp;<\/p>\n<hr \/>\n<p>&nbsp;<\/p>\n<blockquote>\n<h3>OLTRE 33 MILA UNGULATI IN PROVINCIA DI BELLUNO<\/h3>\n<\/blockquote>\n<p><strong><a class=\"dt-pswp-item\" href=\"https:\/\/www.radiopiu.net\/wordpress\/wp-content\/uploads\/2021\/02\/CERVO-IN-STRADA.jpg\" data-dt-img-description=\"\" data-large_image_width=\"1280\" data-large_image_height=\"853\"><img loading=\"lazy\" decoding=\"async\" class=\" wp-image-194101 alignleft\" src=\"https:\/\/www.radiopiu.net\/wordpress\/wp-content\/uploads\/2021\/02\/CERVO-IN-STRADA-300x200.jpg\" alt=\"\" width=\"177\" height=\"118\" srcset=\"https:\/\/www.radiopiu.net\/wordpress\/wp-content\/uploads\/2021\/02\/CERVO-IN-STRADA-300x200.jpg 300w, https:\/\/www.radiopiu.net\/wordpress\/wp-content\/uploads\/2021\/02\/CERVO-IN-STRADA-1024x682.jpg 1024w, https:\/\/www.radiopiu.net\/wordpress\/wp-content\/uploads\/2021\/02\/CERVO-IN-STRADA-768x512.jpg 768w, https:\/\/www.radiopiu.net\/wordpress\/wp-content\/uploads\/2021\/02\/CERVO-IN-STRADA.jpg 1280w\" sizes=\"auto, (max-width: 177px) 100vw, 177px\" \/><\/a>BELLUNO<\/strong> Il report &#8220;La gestione degli ungulati in provincia di Belluno&#8221; presenta i dati relativi alla stagione faunistico-venatoria 2023-2024, confermando la stabilit\u00e0 della popolazione di ungulati nella provincia. I censimenti indicano la presenza di circa 33.366 ungulati, esclusi cinghiali e daini, distribuiti principalmente tra caprioli, cervi, camosci e mufloni. I piani di prelievo per la stagione ammontavano a 6.645 capi, ma \u00e8 stato raggiunto un totale di 5.519 ungulati abbattuti, corrispondente all&#8217;83% dei piani di prelievo. I dati mostrano una copertura stabile tra l&#8217;80 e il 90% per cervi, caprioli e camosci, con una distribuzione equilibrata dei prelievi per sesso. La Provincia di Belluno sta esplorando nuove modalit\u00e0 di censimento, come l&#8217;uso di fototrappole e termocamere, e sta considerando l&#8217;influenza del lupo come regolatore della popolazione di ungulati.<\/p>\n<p>&nbsp;<\/p>\n<p>&nbsp;<\/p>\n<hr \/>\n<p>&nbsp;<\/p>\n<blockquote>\n<h3>I BAMBINI DELL\u2019ARCOBALENO &#8211; BAMBARCO ONLUS: INSIEME PER COSTRUIRE IL \u201cFUTURO DELL\u2019INDIA\u201d<\/h3>\n<\/blockquote>\n<p><strong><a class=\"dt-pswp-item\" href=\"https:\/\/www.radiopiu.net\/wordpress\/wp-content\/uploads\/2023\/03\/MUNICIPIO-LONGARONE-scaled.jpg\" data-dt-img-description=\"\" data-large_image_width=\"2560\" data-large_image_height=\"1707\"><img loading=\"lazy\" decoding=\"async\" class=\" wp-image-328192 alignleft\" src=\"https:\/\/www.radiopiu.net\/wordpress\/wp-content\/uploads\/2023\/03\/MUNICIPIO-LONGARONE-300x200.jpg\" alt=\"\" width=\"162\" height=\"108\" srcset=\"https:\/\/www.radiopiu.net\/wordpress\/wp-content\/uploads\/2023\/03\/MUNICIPIO-LONGARONE-300x200.jpg 300w, https:\/\/www.radiopiu.net\/wordpress\/wp-content\/uploads\/2023\/03\/MUNICIPIO-LONGARONE-1024x683.jpg 1024w, https:\/\/www.radiopiu.net\/wordpress\/wp-content\/uploads\/2023\/03\/MUNICIPIO-LONGARONE-768x512.jpg 768w, https:\/\/www.radiopiu.net\/wordpress\/wp-content\/uploads\/2023\/03\/MUNICIPIO-LONGARONE-1536x1024.jpg 1536w, https:\/\/www.radiopiu.net\/wordpress\/wp-content\/uploads\/2023\/03\/MUNICIPIO-LONGARONE-2048x1366.jpg 2048w\" sizes=\"auto, (max-width: 162px) 100vw, 162px\" \/><\/a>LONGARONE<\/strong> In India, 2,251 minori e 1,225 adulti svantaggiati sono stati inclusi in progetti umanitari grazie a I Bambini dell\u2019Arcobaleno &#8211; Bambarco Onlus. Il progetto &#8220;Future of India&#8221; accompagna i bambini fino ai 18 anni, supportando le famiglie e rafforzando le comunit\u00e0. Si concentra su Child Protection, Educazione e Sviluppo dell&#8217;infanzia per prevenire l&#8217;abbandono. L&#8217;associazione, fondata nel 1995, promuove l&#8217;adozione internazionale e progetti di solidariet\u00e0. La presentazione del progetto si \u00e8 tenuta a Longarone, con il Sindaco e la presidente Marisa Tomasella.<\/p>\n<p>&nbsp;<\/p>\n<p>&nbsp;<\/p>\n<hr \/>\n<p>&nbsp;<\/p>\n<blockquote>\n<h3>BAMBINI PROTAGONISTI A CACCIA PESCA NATURA<\/h3>\n<\/blockquote>\n<p><strong><a class=\"dt-pswp-item\" href=\"https:\/\/www.radiopiu.net\/wordpress\/wp-content\/uploads\/2024\/04\/Dal-Farra-Corona-Amirante.jpg\" data-dt-img-description=\"\" data-large_image_width=\"2500\" data-large_image_height=\"1674\"><img loading=\"lazy\" decoding=\"async\" class=\" wp-image-385678 alignleft\" src=\"https:\/\/www.radiopiu.net\/wordpress\/wp-content\/uploads\/2024\/04\/Dal-Farra-Corona-Amirante-300x201.jpg\" alt=\"\" width=\"193\" height=\"129\" srcset=\"https:\/\/www.radiopiu.net\/wordpress\/wp-content\/uploads\/2024\/04\/Dal-Farra-Corona-Amirante-300x201.jpg 300w, https:\/\/www.radiopiu.net\/wordpress\/wp-content\/uploads\/2024\/04\/Dal-Farra-Corona-Amirante-1024x686.jpg 1024w, https:\/\/www.radiopiu.net\/wordpress\/wp-content\/uploads\/2024\/04\/Dal-Farra-Corona-Amirante-768x514.jpg 768w, https:\/\/www.radiopiu.net\/wordpress\/wp-content\/uploads\/2024\/04\/Dal-Farra-Corona-Amirante-1536x1029.jpg 1536w, https:\/\/www.radiopiu.net\/wordpress\/wp-content\/uploads\/2024\/04\/Dal-Farra-Corona-Amirante-2048x1371.jpg 2048w\" sizes=\"auto, (max-width: 193px) 100vw, 193px\" \/><\/a>LONGARONE<\/strong> A Longarone Fiere Dolomiti, i bambini sono i protagonisti, esplorando la biodiversit\u00e0 bellunese con fantasia e radicati nella realt\u00e0. Il concorso &#8220;Adotta un corso d&#8217;acqua, adotta un pesce&#8221; \u00e8 stato celebrato oggi, promosso dalla Fondazione Fantastiche Dolomiti e dalla Federazione dei Bacini di Pesca di Belluno. La seconda edizione ha coinvolto le scuole con formazione ambientale, insegnando agli studenti sull&#8217;habitat fluviale e incoraggiandoli a disegnare. I lavori sono stati esposti a &#8220;Caccia, pesca, natura&#8221;, dove il disegno di Bianca Campigotto \u00e8 stato il pi\u00f9 votato, seguito da Gemma Fiori e Kile Vascellari, con un messaggio contro l&#8217;inquinamento. Altri premi sono stati assegnati a Moira Pante e Lisabeth Parodi.<\/p>\n<p>&nbsp;<\/p>\n<p>&nbsp;<\/p>\n<hr \/>\n<p>&nbsp;<\/p>\n<p>&nbsp;<\/p>\n<blockquote>\n<h3>IERI LA GIORNATA ECOLOGICA CON LA PROLOCO DI CENCENIGHE, 70 VOLONTARI ALL&#8217;OPERA. DOPO LA RACCOLTA COME SEMPRE PASTASCIUTTA LA NOF FILO&#8217;<\/h3>\n<\/blockquote>\n<p><strong>ROBERTO FONTANIVE (FACEBOOK)<\/strong> anca st\u00f2 an, altra domenega pas\u00e0da a tir\u00e0 s\u00fa squaze las\u00e0de sbadatamente d\u00e0 taci pasai par cence. Ridusendo el paes de tuti I colori, come en ridente villaggio Tibetan. (lori I met le bandiere per\u00f2) Ammortizzatori, frighi, rode, rubinet, fer, arcani che n\u00f2 se sa gnanca a chel chei serve, boze, lattine sak\u00e9t ecc&#8230; parf\u00edn cenerentola la e pas\u00e0da par cence e la s\u00e0 as\u00e0 qua n\u00e0 bela scarpa col t\u00e0k.<\/p>\n<p><span class=\"\"><span class=\"xt0psk2\"><a class=\"x1i10hfl xjbqb8w x1ejq31n xd10rxx x1sy0etr x17r0tee x972fbf xcfux6l x1qhh985 xm0m39n x9f619 x1ypdohk xt0psk2 xe8uvvx xdj266r x11i5rnm xat24cr x1mh8g0r xexx8yu x4uap5 x18d9i69 xkhd6sd x16tdsg8 x1hl2dhg xggy1nq x1a2a7pz x1heor9g xt0b8zv\" tabindex=\"0\" role=\"link\" href=\"https:\/\/www.facebook.com\/groups\/1420116454893589\/user\/1778728478\/?__cft__[0]=AZVDxF1Qw2V_cJSZgEc_G5GeZ6yHTeRw5ezQ4FfWA5w6Ilk7XOkcSV-mfRH7jcX7sODGiU_StElY7YzpkjCSFHtmbgsMObK9jv4OnSU0KFcBS5XJDNYowgAHE0GTPBsF4ez_Kuge6FpFRKm5MTiCS7u2Rp160FYytx6X9Cgbm3MLjW3epLNrlp0KHRPzZBIsMuM&amp;__tn__=R]-R\" aria-hidden=\"false\"><span class=\"x3nfvp2\"><span class=\"x193iq5w xeuugli x13faqbe x1vvkbs x1xmvt09 x1lliihq x1s928wv xhkezso x1gmr53x x1cpjm7i x1fgarty x1943h6x x4zkp8e x676frb x1nxh6w3 x1sibtaa x1s688f xzsf02u\" dir=\"auto\">Giuliana Tissi<\/span><\/span><\/a> <\/span><\/span>Complimenti agli organizzatori, passando ho visto questa mattina che anche i bambini erano coinvolti in questa iniziativa, c&#8217;era pure una ragazza che portava il Hijab con il passeggino e un&#8217;altro bambino che assieme raccoglievano carte, bella dimostrazione di integrazione<\/p>\n\n\t\t\t<style type='text\/css'>\n\t\t\t\t#gallery-4 {\n\t\t\t\t\tmargin: auto;\n\t\t\t\t}\n\t\t\t\t#gallery-4 .gallery-item {\n\t\t\t\t\tfloat: left;\n\t\t\t\t\tmargin-top: 10px;\n\t\t\t\t\ttext-align: center;\n\t\t\t\t\twidth: 20%;\n\t\t\t\t}\n\t\t\t\t#gallery-4 img {\n\t\t\t\t\tborder: 2px solid #cfcfcf;\n\t\t\t\t}\n\t\t\t\t#gallery-4 .gallery-caption {\n\t\t\t\t\tmargin-left: 0;\n\t\t\t\t}\n\t\t\t\t\/* see gallery_shortcode() in wp-includes\/media.php *\/\n\t\t\t<\/style>\n\t\t<div id='gallery-4' class='dt-gallery-container gallery galleryid-385219 gallery-columns-5 gallery-size-thumbnail'><dl class='gallery-item'>\n\t\t\t\t<dt class='gallery-icon landscape'>\n\t\t\t\t\t<a class=\"rollover rollover-zoom dt-pswp-item\" title=\"435730944_975612610751645_1358026660715840860_n\" data-dt-img-description=\"\" data-large_image_width=\"600\" data-large_image_height=\"450\"href='https:\/\/www.radiopiu.net\/wordpress\/wp-content\/uploads\/2024\/04\/435730944_975612610751645_1358026660715840860_n-1.jpg'><img loading=\"lazy\" decoding=\"async\" width=\"150\" height=\"150\" src=\"https:\/\/www.radiopiu.net\/wordpress\/wp-content\/uploads\/2024\/04\/435730944_975612610751645_1358026660715840860_n-1-150x150.jpg\" class=\"attachment-thumbnail size-thumbnail\" alt=\"\" \/><\/a>\n\t\t\t\t<\/dt><\/dl><dl class='gallery-item'>\n\t\t\t\t<dt class='gallery-icon landscape'>\n\t\t\t\t\t<a class=\"rollover rollover-zoom dt-pswp-item\" title=\"436301620_975612664084973_1764465442703885022_n\" data-dt-img-description=\"\" data-large_image_width=\"600\" data-large_image_height=\"450\"href='https:\/\/www.radiopiu.net\/wordpress\/wp-content\/uploads\/2024\/04\/436301620_975612664084973_1764465442703885022_n-1.jpg'><img loading=\"lazy\" decoding=\"async\" width=\"150\" height=\"150\" src=\"https:\/\/www.radiopiu.net\/wordpress\/wp-content\/uploads\/2024\/04\/436301620_975612664084973_1764465442703885022_n-1-150x150.jpg\" class=\"attachment-thumbnail size-thumbnail\" alt=\"\" \/><\/a>\n\t\t\t\t<\/dt><\/dl><dl class='gallery-item'>\n\t\t\t\t<dt class='gallery-icon landscape'>\n\t\t\t\t\t<a class=\"rollover rollover-zoom dt-pswp-item\" title=\"435690645_975612637418309_7079680438767220445_n\" data-dt-img-description=\"\" data-large_image_width=\"600\" data-large_image_height=\"450\"href='https:\/\/www.radiopiu.net\/wordpress\/wp-content\/uploads\/2024\/04\/435690645_975612637418309_7079680438767220445_n-1.jpg'><img loading=\"lazy\" decoding=\"async\" width=\"150\" height=\"150\" src=\"https:\/\/www.radiopiu.net\/wordpress\/wp-content\/uploads\/2024\/04\/435690645_975612637418309_7079680438767220445_n-1-150x150.jpg\" class=\"attachment-thumbnail size-thumbnail\" alt=\"\" \/><\/a>\n\t\t\t\t<\/dt><\/dl><dl class='gallery-item'>\n\t\t\t\t<dt class='gallery-icon landscape'>\n\t\t\t\t\t<a class=\"rollover rollover-zoom dt-pswp-item\" title=\"435875388_975612527418320_4785033940386744451_n\" data-dt-img-description=\"\" data-large_image_width=\"600\" data-large_image_height=\"450\"href='https:\/\/www.radiopiu.net\/wordpress\/wp-content\/uploads\/2024\/04\/435875388_975612527418320_4785033940386744451_n-1.jpg'><img loading=\"lazy\" decoding=\"async\" width=\"150\" height=\"150\" src=\"https:\/\/www.radiopiu.net\/wordpress\/wp-content\/uploads\/2024\/04\/435875388_975612527418320_4785033940386744451_n-1-150x150.jpg\" class=\"attachment-thumbnail size-thumbnail\" alt=\"\" \/><\/a>\n\t\t\t\t<\/dt><\/dl><dl class='gallery-item'>\n\t\t\t\t<dt class='gallery-icon portrait'>\n\t\t\t\t\t<a class=\"rollover rollover-zoom dt-pswp-item\" title=\"436224782_975612554084984_7657296117168972606_n\" data-dt-img-description=\"\" data-large_image_width=\"450\" data-large_image_height=\"600\"href='https:\/\/www.radiopiu.net\/wordpress\/wp-content\/uploads\/2024\/04\/436224782_975612554084984_7657296117168972606_n-1.jpg'><img loading=\"lazy\" decoding=\"async\" width=\"150\" height=\"150\" src=\"https:\/\/www.radiopiu.net\/wordpress\/wp-content\/uploads\/2024\/04\/436224782_975612554084984_7657296117168972606_n-1-150x150.jpg\" class=\"attachment-thumbnail size-thumbnail\" alt=\"\" \/><\/a>\n\t\t\t\t<\/dt><\/dl><br style=\"clear: both\" \/>\n\t\t\t<\/div>\n\n<p>&nbsp;<\/p>\n<p>&nbsp;<\/p>\n<hr \/>\n<p>&nbsp;<\/p>\n<blockquote>\n<h3>VENETO: DA CRISI DEMOGRAFICA MENO PIL DAL MERCATO IMMOBILIARE, TRASPORTI, MODA E RICETTIVO. VANTAGGI, INVECE, PER LE BANCHE<\/h3>\n<\/blockquote>\n<p><a class=\"dt-pswp-item\" href=\"https:\/\/www.radiopiu.net\/wordpress\/wp-content\/uploads\/2024\/04\/Schermata-2024-04-13-alle-09.47.07.png\" data-dt-img-description=\"\" data-large_image_width=\"1218\" data-large_image_height=\"1430\"><img loading=\"lazy\" decoding=\"async\" class=\"size-medium wp-image-385299 alignleft\" src=\"https:\/\/www.radiopiu.net\/wordpress\/wp-content\/uploads\/2024\/04\/Schermata-2024-04-13-alle-09.47.07-256x300.png\" alt=\"\" width=\"256\" height=\"300\" srcset=\"https:\/\/www.radiopiu.net\/wordpress\/wp-content\/uploads\/2024\/04\/Schermata-2024-04-13-alle-09.47.07-256x300.png 256w, https:\/\/www.radiopiu.net\/wordpress\/wp-content\/uploads\/2024\/04\/Schermata-2024-04-13-alle-09.47.07-872x1024.png 872w, https:\/\/www.radiopiu.net\/wordpress\/wp-content\/uploads\/2024\/04\/Schermata-2024-04-13-alle-09.47.07-768x902.png 768w, https:\/\/www.radiopiu.net\/wordpress\/wp-content\/uploads\/2024\/04\/Schermata-2024-04-13-alle-09.47.07.png 1218w\" sizes=\"auto, (max-width: 256px) 100vw, 256px\" \/><\/a>Le previsioni ci evidenziano che entro i prossimi 10 anni la platea delle persone in et\u00e0 lavorativa (15-64 anni) presente in Veneto \u00e8 destinata a diminuire di 219mila unit\u00e0 (-7,1 per cento). Se all\u2019inizio del 2024 questa coorte demografica includeva poco pi\u00f9 di 3 milioni di unit\u00e0, nel 2034 la stessa \u00e8 destinata a scendere, arrestandosi a 2 milioni e 850mila persone. Le ragioni di questa diminuzione vanno ricercate nel progressivo invecchiamento della popolazione: con sempre meno giovani e con tanti baby boomer destinati a uscire dal mercato del lavoro per raggiunti limiti di et\u00e0, nei prossimi anni molti territori subiranno un autentico \u201cspopolamento\u201d, anche di potenziali lavoratori. Tra le 107 province d\u2019Italia monitorate, sottolinea l\u2019Ufficio studi della CGIA che ha elaborato le previsioni demografiche dell\u2019Istat, solo quella di Prato registrer\u00e0 in questi 10 anni una variazione assoluta positiva (+ 1.269 unit\u00e0 pari al +). Tutte le altre 106, invece, avranno il saldo anticipato dal segno meno.<\/p>\n<p><strong>E\u2019 una fase di cambiamenti epocali<\/strong><br \/>\nSe a questa recessione demografica aggiungiamo l\u2019instabilit\u00e0 geopolitica, la transizione energetica e quella digitale avremo delle ricadute spaventose anche per le nostre imprese. La difficolt\u00e0, ad esempio, di trovare giovani lavoratori da inserire nelle aziende artigiane, commerciali o industriali \u00e8 avvertita gi\u00e0 in questo momento, figuriamoci fra qualche decennio. Ovviamente, chi spera in una inversione del trend demografico rischia di rimanere deluso. Purtroppo, non ci sono misure in grado di cambiare segno a questo fenomeno in tempi ragionevolmente brevi. E nemmeno il ricorso agli stranieri potr\u00e0 \u201crisolvere\u201d la situazione. Pertanto, dobbiamo rassegnarci a un progressivo rallentamento, anche del Pil. Senza contare che una societ\u00e0 con meno giovani e pi\u00f9 anziani dovr\u00e0 fronteggiare un\u2019impennata della spesa previdenziale, di quella sanitaria e di quella assistenziale da far tremare i polsi.<\/p>\n<p><strong>Meno lavoratori soprattutto al Sud<\/strong><br \/>\nLe contrazioni della popolazione in et\u00e0 lavorativa pi\u00f9 importanti riguarderanno, in particolare, il Sud. Lo scenario pi\u00f9 critico interesser\u00e0 la Basilicata che entro il prossimo decennio subir\u00e0 una riduzione di questa platea di persone del 14,56 per cento (-49.466 persone). Seguono la Sardegna con il -14,2 per cento (-110.999), la Sicilia con il -12,8 per cento (-392.873), la Calabria con il -12,7 per cento (-<\/p>\n<p><img loading=\"lazy\" decoding=\"async\" class=\"size-medium wp-image-385297 alignleft\" src=\"https:\/\/www.radiopiu.net\/wordpress\/wp-content\/uploads\/2024\/04\/Schermata-2024-04-13-alle-09.47.37-300x197.png\" alt=\"\" width=\"300\" height=\"197\" srcset=\"https:\/\/www.radiopiu.net\/wordpress\/wp-content\/uploads\/2024\/04\/Schermata-2024-04-13-alle-09.47.37-300x197.png 300w, https:\/\/www.radiopiu.net\/wordpress\/wp-content\/uploads\/2024\/04\/Schermata-2024-04-13-alle-09.47.37-1024x672.png 1024w, https:\/\/www.radiopiu.net\/wordpress\/wp-content\/uploads\/2024\/04\/Schermata-2024-04-13-alle-09.47.37-768x504.png 768w, https:\/\/www.radiopiu.net\/wordpress\/wp-content\/uploads\/2024\/04\/Schermata-2024-04-13-alle-09.47.37.png 1258w\" sizes=\"auto, (max-width: 300px) 100vw, 300px\" \/><\/p>\n<p>147.979) e il Molise con il -12,7 per cento (-22.980). Per contro, le regioni meno interessate da questo fenomeno saranno la Lombardia con il -3,4 per cento (-218.678), il Trentino Alto Adige con il -3,1 per cento (-21.368) e, infine, l\u2019Emilia Romagna con il -2,6 per cento (-71.665) (vedi Tab. 1 e Graf. 1).<\/p>\n<p>Rovigo e Belluno i territori pi\u00f9 a rischio spopolamento<br \/>\nA livello veneto, la provincia pi\u00f9 interessata dalla contrazione demografica della fascia lavorativa tra i 15 e 64 anni sar\u00e0 Rovigo. Nel Polesine entro il 2034 avremo una riduzione del 12 per cento (-16.738 unit\u00e0), seguono Belluno con il -9,6 per cento (-11.557) e Venezia con il -8,6 per cento (-45.128) (vedi Tab. 2). Insomma, lo spopolamento interesser\u00e0 soprattutto i territori gi\u00e0 oggi economicamente pi\u00f9 in difficolt\u00e0 rispetto alle altre province venete.<\/p>\n<p><strong>A pagare il conto saranno le micro e piccole imprese<\/strong><br \/>\nGi\u00e0 oggi molte imprese venete denunciano la difficolt\u00e0 di trovare personale preparato da inserire nel proprio organico. Figuriamoci fra qualche anno, quando il numero dei giovani che si affaccer\u00e0 sul mercato del lavoro sar\u00e0 sempre pi\u00f9 esiguo e insufficiente a rimpiazzare i tanti che, invece, andranno in pensione. Nonostante ci\u00f2, il Mezzogiorno potrebbe comunque avere meno problemi del Centronord. A differenza di quest\u2019ultimo, infatti, il primo, avendo un tasso di disoccupazione e di<\/p>\n<p>inattivit\u00e0 molto elevato, potrebbe avere meno problemi degli altri a colmare, almeno in buona parte, i vuoti occupazionali che si andranno<br \/>\na creare, soprattutto nel settore agroalimentare e in quello ricettivo (hotel, ristoranti e caffetteria). Tuttavia, \u00e8 innegabile che tante imprese venete, soprattutto di piccola dimensione, dovranno ridim<\/p>\n<p><img loading=\"lazy\" decoding=\"async\" class=\"size-medium wp-image-385298 alignleft\" src=\"https:\/\/www.radiopiu.net\/wordpress\/wp-content\/uploads\/2024\/04\/Schermata-2024-04-13-alle-09.47.22-300x190.png\" alt=\"\" width=\"300\" height=\"190\" srcset=\"https:\/\/www.radiopiu.net\/wordpress\/wp-content\/uploads\/2024\/04\/Schermata-2024-04-13-alle-09.47.22-300x190.png 300w, https:\/\/www.radiopiu.net\/wordpress\/wp-content\/uploads\/2024\/04\/Schermata-2024-04-13-alle-09.47.22-1024x647.png 1024w, https:\/\/www.radiopiu.net\/wordpress\/wp-content\/uploads\/2024\/04\/Schermata-2024-04-13-alle-09.47.22-768x486.png 768w, https:\/\/www.radiopiu.net\/wordpress\/wp-content\/uploads\/2024\/04\/Schermata-2024-04-13-alle-09.47.22.png 1218w\" sizes=\"auto, (max-width: 300px) 100vw, 300px\" \/><\/p>\n<p>ensionare gli organici perch\u00e9 impossibilitati ad assumere. Per le medie e grandi imprese, invece, il problema dovrebbe essere pi\u00f9 contenuto. Con la possibilit\u00e0 di offrire stipendi pi\u00f9 elevati della media, orari ridotti, benefit e importanti pacchetti di welfare aziendale, i pochi giovani presenti nel mercato del lavoro non avranno esitazioni nel scegliere le grandi anzich\u00e9 le piccole e micro imprese che, questi benefici, non possono erogarli.<\/p>\n<p><strong>Meno Pil dall\u2019immobiliare,\u00a0<\/strong><\/p>\n<p><strong>dai trasporti e dalla moda<\/strong><br \/>\nUn Paese che registra una popolazione sempre pi\u00f9 anziana potrebbe avere nei prossimi decenni seri problemi a far quadrare i conti pubblici; in particolar modo a causa dell\u2019aumento della spesa sanitaria, pensionistica, farmaceutica e assistenziale. Va altres\u00ec segnalato che con pochi under 30 e una presenza di over 65 molto diffusa, alcuni importanti settori economici potrebbero subire dei contraccolpi negativi. Non solo. Con una societ\u00e0 che invecchia, anche la propensione alla spesa \u00e8 destinata a diminuire, condizionando, in particolare, il fatturato del mercato immobiliare, dei trasporti, della<\/p>\n<p>moda e del settore ricettivo (HoReCa). Per contro, invece, le banche potrebbero contare su alcuni effetti positivi; con una maggiore<br \/>\npredisposizione al risparmio, le persone pi\u00f9 anziane dovrebbero aumentare la dimensione economica dei propri depositi, facendo cos\u00ec \u201cfelici\u201d molti istituti di credito.<\/p>\n<p>&nbsp;<\/p>\n<p>&nbsp;<\/p>\n<hr \/>\n<p>&nbsp;<\/p>\n<p><strong class=\"photoswipe-wrapper\"><a class=\"dt-pswp-item pspw-wrap-ready\" href=\"https:\/\/www.radiopiu.net\/wordpress\/wp-content\/uploads\/2024\/01\/Senza-nome-34.png\" data-dt-img-description=\"\" data-large_image_width=\"239\" data-large_image_height=\"153\"><img loading=\"lazy\" decoding=\"async\" class=\"wp-image-369478 alignleft\" src=\"https:\/\/www.radiopiu.net\/wordpress\/wp-content\/uploads\/2024\/01\/Senza-nome-34.png\" alt=\"\" width=\"128\" height=\"82\" \/><\/a><\/strong><\/p>\n<p><strong>dal TG BELLUNESE di\u00a0 ANTENNA 3 ogni sera alle 19.30 sul canale 10 del digitale terrestre e alle 19 le anticipazioni alla radio.\u00a0\u00a0<\/strong><\/p>\n<p>&nbsp;<\/p>\n<p>&nbsp;<\/p>\n<p>&nbsp;<\/p>\n<hr \/>\n<p>&nbsp;<\/p>\n<blockquote>\n<h3>LA GIORNATA ECOLOGICA A FALCADE<\/h3>\n<\/blockquote>\n<p><strong>FALCADE<\/strong> Il Comune di Falcade e la Pro Loco di Caviola insieme allo Sci Club Val Biois stanno organizzando una Giornata ecologica per la pulizia del territorio comunale. La giornata ecologica si terr\u00e0 sabato 20 aprile, con ritrovo alle 8:30 al municipio di Falcade. Ai partecipanti saranno forniti guanti, sacchetti e tutto il necessario per la pulizia. Alla fine della mattinata, \u00e8 previsto un piatto di pasta offerto presso la Pizzeria Livia di Caviola.<\/p>\n<p>&nbsp;<\/p>\n<p>&nbsp;<\/p>\n<hr \/>\n<p>&nbsp;<\/p>\n<blockquote>\n<h3>IL PARCO NAZIONALE DOLOMITI BELLUNESI PRESENTA IL NUOVO VOLUME DEI QUADERNI DEL MUSEO NATURALISTICO<\/h3>\n<\/blockquote>\n<p><strong><a class=\"dt-pswp-item\" href=\"https:\/\/www.radiopiu.net\/wordpress\/wp-content\/uploads\/2021\/07\/PARCO-DOLOMITI-BELLUNESI.jpg\" data-dt-img-description=\"\" data-large_image_width=\"259\" data-large_image_height=\"440\"><img loading=\"lazy\" decoding=\"async\" class=\" wp-image-223150 alignleft\" src=\"https:\/\/www.radiopiu.net\/wordpress\/wp-content\/uploads\/2021\/07\/PARCO-DOLOMITI-BELLUNESI-177x300.jpg\" alt=\"\" width=\"86\" height=\"146\" srcset=\"https:\/\/www.radiopiu.net\/wordpress\/wp-content\/uploads\/2021\/07\/PARCO-DOLOMITI-BELLUNESI-177x300.jpg 177w, https:\/\/www.radiopiu.net\/wordpress\/wp-content\/uploads\/2021\/07\/PARCO-DOLOMITI-BELLUNESI.jpg 259w\" sizes=\"auto, (max-width: 86px) 100vw, 86px\" \/><\/a>FELTRE<\/strong> Il Parco Nazionale Dolomiti Bellunesi ha pubblicato il terzo volume della collana &#8220;Quaderni del museo naturalistico Dolomiti Bellunesi&#8221;, dedicato alla storia della botanica nella provincia di Belluno. Gli autori, Carlo Argenti e Gianni Poloniato, esaminano le segnalazioni provenienti dal Bellunese presenti nei lavori dei due professori, le biografie degli studiosi locali e l&#8217;importanza scientifica delle specie segnalate. Il volume, finanziato da UNIFARCO e con il supporto degli atenei di Bologna e Firenze, sar\u00e0 presentato il 19 aprile a Feltre, con la partecipazione dei due autori, del Presidente del Parco, di Unifarco e del Prefetto dell&#8217;Orto botanico di Bologna. Il volume sar\u00e0 distribuito gratuitamente al pubblico.<\/p>\n<p>&nbsp;<\/p>\n<p>&nbsp;<\/p>\n<hr \/>\n<p>&nbsp;<\/p>\n<blockquote>\n<h3>SABATO 20 APRILE LA GIORNATA DELLA RIPARAZIONE, DEL RICICLO E DEL RIUSO<\/h3>\n<\/blockquote>\n<p><strong><a class=\"dt-pswp-item\" href=\"https:\/\/www.radiopiu.net\/wordpress\/wp-content\/uploads\/2024\/04\/unnamed-4.jpg\" data-dt-img-description=\"\" data-large_image_width=\"1920\" data-large_image_height=\"1440\"><img loading=\"lazy\" decoding=\"async\" class=\" wp-image-385098 alignleft\" src=\"https:\/\/www.radiopiu.net\/wordpress\/wp-content\/uploads\/2024\/04\/unnamed-4-300x225.jpg\" alt=\"\" width=\"183\" height=\"137\" srcset=\"https:\/\/www.radiopiu.net\/wordpress\/wp-content\/uploads\/2024\/04\/unnamed-4-300x225.jpg 300w, https:\/\/www.radiopiu.net\/wordpress\/wp-content\/uploads\/2024\/04\/unnamed-4-1024x768.jpg 1024w, https:\/\/www.radiopiu.net\/wordpress\/wp-content\/uploads\/2024\/04\/unnamed-4-768x576.jpg 768w, https:\/\/www.radiopiu.net\/wordpress\/wp-content\/uploads\/2024\/04\/unnamed-4-1536x1152.jpg 1536w, https:\/\/www.radiopiu.net\/wordpress\/wp-content\/uploads\/2024\/04\/unnamed-4.jpg 1920w\" sizes=\"auto, (max-width: 183px) 100vw, 183px\" \/><\/a><\/strong><strong>BELLUNO <\/strong>Sabato 20 Aprile 2024, il Centro Diocesano Giovanni XXIII a Belluno ospiter\u00e0 la Giornata della Riparazione, promuovendo riparazione, riciclo e riuso. Con il Sindaco De Pellegrin e altri relatori illustri, si presenter\u00e0 il libro &#8220;I 6 Principi Naturali nell&#8217;Impresa e nella Societ\u00e0 Civile&#8221; di Paolo Ricotti. Saranno discussi modelli di produzione circolari, riparazioni professionali e pratiche di riuso nel settore della ristorazione. Roberto Basso parler\u00e0 di noleggio di stoviglie riutilizzabili, Mirco De Bona, esperto di riparazioni professionali, condivider\u00e0 la sua esperienza e l&#8217;importanza di sensibilizzare le persone affinch\u00e9 adottino un cambiamento di tendenza verso la riparazione anzich\u00e9 il rimpiazzo mentre Michele Verdolini presenter\u00e0 progetti sostenibili del Fablab. Dibattito e networking completeranno l&#8217;evento, aperto a tutti per promuovere uno stile di vita sostenibile. Per info e iscrizioni: <a target=\"_new\" rel=\"noopener\">stefano.balbinot@centroconsorzi.it<\/a>, tel. 0437 851 351.<\/p>\n\n\t\t\t<style type='text\/css'>\n\t\t\t\t#gallery-5 {\n\t\t\t\t\tmargin: auto;\n\t\t\t\t}\n\t\t\t\t#gallery-5 .gallery-item {\n\t\t\t\t\tfloat: left;\n\t\t\t\t\tmargin-top: 10px;\n\t\t\t\t\ttext-align: center;\n\t\t\t\t\twidth: 25%;\n\t\t\t\t}\n\t\t\t\t#gallery-5 img {\n\t\t\t\t\tborder: 2px solid #cfcfcf;\n\t\t\t\t}\n\t\t\t\t#gallery-5 .gallery-caption {\n\t\t\t\t\tmargin-left: 0;\n\t\t\t\t}\n\t\t\t\t\/* see gallery_shortcode() in wp-includes\/media.php *\/\n\t\t\t<\/style>\n\t\t<div id='gallery-5' class='dt-gallery-container gallery galleryid-385219 gallery-columns-4 gallery-size-thumbnail'><dl class='gallery-item'>\n\t\t\t\t<dt class='gallery-icon landscape'>\n\t\t\t\t\t<a class=\"rollover rollover-zoom dt-pswp-item\" title=\"434646767_928155109311500_551099170992330159_n\" data-dt-img-description=\"\" data-large_image_width=\"2048\" data-large_image_height=\"2048\"href='https:\/\/www.radiopiu.net\/wordpress\/wp-content\/uploads\/2024\/04\/434646767_928155109311500_551099170992330159_n.jpg'><img loading=\"lazy\" decoding=\"async\" width=\"150\" height=\"150\" src=\"https:\/\/www.radiopiu.net\/wordpress\/wp-content\/uploads\/2024\/04\/434646767_928155109311500_551099170992330159_n-150x150.jpg\" class=\"attachment-thumbnail size-thumbnail\" alt=\"\" srcset=\"https:\/\/www.radiopiu.net\/wordpress\/wp-content\/uploads\/2024\/04\/434646767_928155109311500_551099170992330159_n-150x150.jpg 150w, https:\/\/www.radiopiu.net\/wordpress\/wp-content\/uploads\/2024\/04\/434646767_928155109311500_551099170992330159_n-300x300.jpg 300w, https:\/\/www.radiopiu.net\/wordpress\/wp-content\/uploads\/2024\/04\/434646767_928155109311500_551099170992330159_n-1024x1024.jpg 1024w, https:\/\/www.radiopiu.net\/wordpress\/wp-content\/uploads\/2024\/04\/434646767_928155109311500_551099170992330159_n-768x768.jpg 768w, https:\/\/www.radiopiu.net\/wordpress\/wp-content\/uploads\/2024\/04\/434646767_928155109311500_551099170992330159_n-1536x1536.jpg 1536w, https:\/\/www.radiopiu.net\/wordpress\/wp-content\/uploads\/2024\/04\/434646767_928155109311500_551099170992330159_n.jpg 2048w\" sizes=\"auto, (max-width: 150px) 100vw, 150px\" \/><\/a>\n\t\t\t\t<\/dt><\/dl><dl class='gallery-item'>\n\t\t\t\t<dt class='gallery-icon landscape'>\n\t\t\t\t\t<a class=\"rollover rollover-zoom dt-pswp-item\" title=\"434605685_928155115978166_659216115900202562_n\" data-dt-img-description=\"\" data-large_image_width=\"2048\" data-large_image_height=\"2048\"href='https:\/\/www.radiopiu.net\/wordpress\/wp-content\/uploads\/2024\/04\/434605685_928155115978166_659216115900202562_n.jpg'><img loading=\"lazy\" decoding=\"async\" width=\"150\" height=\"150\" src=\"https:\/\/www.radiopiu.net\/wordpress\/wp-content\/uploads\/2024\/04\/434605685_928155115978166_659216115900202562_n-150x150.jpg\" class=\"attachment-thumbnail size-thumbnail\" alt=\"\" srcset=\"https:\/\/www.radiopiu.net\/wordpress\/wp-content\/uploads\/2024\/04\/434605685_928155115978166_659216115900202562_n-150x150.jpg 150w, https:\/\/www.radiopiu.net\/wordpress\/wp-content\/uploads\/2024\/04\/434605685_928155115978166_659216115900202562_n-300x300.jpg 300w, https:\/\/www.radiopiu.net\/wordpress\/wp-content\/uploads\/2024\/04\/434605685_928155115978166_659216115900202562_n-1024x1024.jpg 1024w, https:\/\/www.radiopiu.net\/wordpress\/wp-content\/uploads\/2024\/04\/434605685_928155115978166_659216115900202562_n-768x768.jpg 768w, https:\/\/www.radiopiu.net\/wordpress\/wp-content\/uploads\/2024\/04\/434605685_928155115978166_659216115900202562_n-1536x1536.jpg 1536w, https:\/\/www.radiopiu.net\/wordpress\/wp-content\/uploads\/2024\/04\/434605685_928155115978166_659216115900202562_n.jpg 2048w\" sizes=\"auto, (max-width: 150px) 100vw, 150px\" \/><\/a>\n\t\t\t\t<\/dt><\/dl><dl class='gallery-item'>\n\t\t\t\t<dt class='gallery-icon landscape'>\n\t\t\t\t\t<a class=\"rollover rollover-zoom dt-pswp-item\" title=\"420545694_928155112644833_7720655077078253254_n\" data-dt-img-description=\"\" data-large_image_width=\"2048\" data-large_image_height=\"2048\"href='https:\/\/www.radiopiu.net\/wordpress\/wp-content\/uploads\/2024\/04\/420545694_928155112644833_7720655077078253254_n.jpg'><img loading=\"lazy\" decoding=\"async\" width=\"150\" height=\"150\" src=\"https:\/\/www.radiopiu.net\/wordpress\/wp-content\/uploads\/2024\/04\/420545694_928155112644833_7720655077078253254_n-150x150.jpg\" class=\"attachment-thumbnail size-thumbnail\" alt=\"\" srcset=\"https:\/\/www.radiopiu.net\/wordpress\/wp-content\/uploads\/2024\/04\/420545694_928155112644833_7720655077078253254_n-150x150.jpg 150w, https:\/\/www.radiopiu.net\/wordpress\/wp-content\/uploads\/2024\/04\/420545694_928155112644833_7720655077078253254_n-300x300.jpg 300w, https:\/\/www.radiopiu.net\/wordpress\/wp-content\/uploads\/2024\/04\/420545694_928155112644833_7720655077078253254_n-1024x1024.jpg 1024w, https:\/\/www.radiopiu.net\/wordpress\/wp-content\/uploads\/2024\/04\/420545694_928155112644833_7720655077078253254_n-768x768.jpg 768w, https:\/\/www.radiopiu.net\/wordpress\/wp-content\/uploads\/2024\/04\/420545694_928155112644833_7720655077078253254_n-1536x1536.jpg 1536w, https:\/\/www.radiopiu.net\/wordpress\/wp-content\/uploads\/2024\/04\/420545694_928155112644833_7720655077078253254_n.jpg 2048w\" sizes=\"auto, (max-width: 150px) 100vw, 150px\" \/><\/a>\n\t\t\t\t<\/dt><\/dl><dl class='gallery-item'>\n\t\t\t\t<dt class='gallery-icon landscape'>\n\t\t\t\t\t<a class=\"rollover rollover-zoom dt-pswp-item\" title=\"417392199_928155209311490_685700360699864316_n\" data-dt-img-description=\"\" data-large_image_width=\"2048\" data-large_image_height=\"2048\"href='https:\/\/www.radiopiu.net\/wordpress\/wp-content\/uploads\/2024\/04\/417392199_928155209311490_685700360699864316_n.jpg'><img loading=\"lazy\" decoding=\"async\" width=\"150\" height=\"150\" src=\"https:\/\/www.radiopiu.net\/wordpress\/wp-content\/uploads\/2024\/04\/417392199_928155209311490_685700360699864316_n-150x150.jpg\" class=\"attachment-thumbnail size-thumbnail\" alt=\"\" srcset=\"https:\/\/www.radiopiu.net\/wordpress\/wp-content\/uploads\/2024\/04\/417392199_928155209311490_685700360699864316_n-150x150.jpg 150w, https:\/\/www.radiopiu.net\/wordpress\/wp-content\/uploads\/2024\/04\/417392199_928155209311490_685700360699864316_n-300x300.jpg 300w, https:\/\/www.radiopiu.net\/wordpress\/wp-content\/uploads\/2024\/04\/417392199_928155209311490_685700360699864316_n-1024x1024.jpg 1024w, https:\/\/www.radiopiu.net\/wordpress\/wp-content\/uploads\/2024\/04\/417392199_928155209311490_685700360699864316_n-768x768.jpg 768w, https:\/\/www.radiopiu.net\/wordpress\/wp-content\/uploads\/2024\/04\/417392199_928155209311490_685700360699864316_n-1536x1536.jpg 1536w, https:\/\/www.radiopiu.net\/wordpress\/wp-content\/uploads\/2024\/04\/417392199_928155209311490_685700360699864316_n.jpg 2048w\" sizes=\"auto, (max-width: 150px) 100vw, 150px\" \/><\/a>\n\t\t\t\t<\/dt><\/dl><br style=\"clear: both\" \/>\n\t\t\t<\/div>\n\n<p>&nbsp;<\/p>\n<p>&nbsp;<\/p>\n<hr \/>\n<p>&nbsp;<\/p>\n<blockquote>\n<h3>IL SEMINARIO &#8220;CREATIVITA&#8217; PER LA LIBERTA'&#8221;<\/h3>\n<\/blockquote>\n<p><strong>BELLUNO<\/strong> Il 27 aprile presso il Centro di Solidariet\u00e0 di Belluno onlus si terr\u00e0 il primo seminario del progetto &#8220;Creativit\u00e0 per la libert\u00e0&#8221;, finanziato dal Dipartimento per Le Politiche Antidroga della Presidenza del Consiglio dei Ministri. Il progetto si focalizza sulla prevenzione e il contrasto delle dipendenze comportamentali e da sostanze nelle nuove generazioni. Il seminario &#8220;Corpo ed emozioni: strumenti per la relazione&#8221; introdurr\u00e0 ai laboratori di movimento espressivo per ragazzi coinvolti nei campi estivi 2024 organizzati da ODAR e APS Amici dei Disabili e dei Minori. Rivolto agli educatori\/animatori, il seminario offrir\u00e0 conoscenze sulle emozioni di base e competenze per una comunicazione efficace e relazioni aperte ed emotive. Tenuto dal dottor Andrea Genuin, psicologo clinico specializzato nella conduzione dei Bonding Group, il seminario includer\u00e0 anche esperienze pratiche.<\/p>\n<p>&nbsp;<\/p>\n<p>&nbsp;<\/p>\n<hr \/>\n<p>&nbsp;<\/p>\n<blockquote>\n<h3>LA RACCOLTA FONDI PER FIBROSI CISTICA<\/h3>\n<\/blockquote>\n<div data-block=\"true\" data-editor=\"avj4u\" data-offset-key=\"d3i0j-0-0\">\n<p><strong>BELLUNO<\/strong> Volontari in azione per la raccolta fondi Fibrosi Cistica, regalando dipladenie: 4 maggio Agordo e Parrocchie del Poi; 11 e 12 maggio Falcade e Caviola; 4 maggio Alpini Castion, Puos d&#8217;Alpago, Zoppe&#8217; di Cadore, Santo Stefano di Cadore, Belluno; 8 maggio Alpini Limana; Farra d&#8217;Alpago e Dosoledo, consegna porta a porta.<\/p>\n<div data-block=\"true\" data-editor=\"avj4u\" data-offset-key=\"d3i0j-0-0\"><\/div>\n<\/div>\n<div data-block=\"true\" data-editor=\"avj4u\" data-offset-key=\"d3i0j-0-0\"><\/div>\n<div data-block=\"true\" data-editor=\"avj4u\" data-offset-key=\"d3i0j-0-0\">\n<hr \/>\n<\/div>\n<div data-block=\"true\" data-editor=\"avj4u\" data-offset-key=\"d3i0j-0-0\"><\/div>\n<blockquote>\n<h3 data-block=\"true\" data-editor=\"avj4u\" data-offset-key=\"d3i0j-0-0\">RIAPERTA LA SP3 DELLA VALLE IMPERINA<\/h3>\n<\/blockquote>\n<div data-block=\"true\" data-editor=\"avj4u\" data-offset-key=\"d3i0j-0-0\">\n<p><strong><a class=\"dt-pswp-item\" href=\"https:\/\/www.radiopiu.net\/wordpress\/wp-content\/uploads\/2024\/04\/99c8ec4b-c4f2-4ff9-b917-d22d56584879.jpg\" data-dt-img-description=\"\" data-large_image_width=\"1200\" data-large_image_height=\"1599\"><img loading=\"lazy\" decoding=\"async\" class=\" wp-image-382981 alignleft\" src=\"https:\/\/www.radiopiu.net\/wordpress\/wp-content\/uploads\/2024\/04\/99c8ec4b-c4f2-4ff9-b917-d22d56584879-225x300.jpg\" alt=\"\" width=\"128\" height=\"170\" srcset=\"https:\/\/www.radiopiu.net\/wordpress\/wp-content\/uploads\/2024\/04\/99c8ec4b-c4f2-4ff9-b917-d22d56584879-225x300.jpg 225w, https:\/\/www.radiopiu.net\/wordpress\/wp-content\/uploads\/2024\/04\/99c8ec4b-c4f2-4ff9-b917-d22d56584879-768x1023.jpg 768w, https:\/\/www.radiopiu.net\/wordpress\/wp-content\/uploads\/2024\/04\/99c8ec4b-c4f2-4ff9-b917-d22d56584879-1153x1536.jpg 1153w, https:\/\/www.radiopiu.net\/wordpress\/wp-content\/uploads\/2024\/04\/99c8ec4b-c4f2-4ff9-b917-d22d56584879.jpg 1200w\" sizes=\"auto, (max-width: 128px) 100vw, 128px\" \/><\/a> <\/strong><\/p>\n<p><strong>\u00a0<\/strong><\/p>\n<p><strong>\u00a0<\/strong><\/p>\n<p><strong>REDAZIONE<\/strong> Veneto Strade comunica che a partire dalle 14 \u00e8 stata riaperta regolarmente al traffico la S.P. 3 \u201cValle Imperina\u201d dal km 10+250 al km 10+350 (loc. Capitel del Pian). Venerd\u00ec scorso era stata chiusa a causa di una frana.<\/p>\n<p>&nbsp;<\/p>\n<\/div>\n<p>&nbsp;<\/p>\n<p>&nbsp;<\/p>\n<p>&nbsp;<\/p>\n<hr \/>\n<p>&nbsp;<\/p>\n<blockquote>\n<h3><strong>Disponibili online le certificazioni esenzioni per reddito dal 9 aprile 2024<\/strong><\/h3>\n<\/blockquote>\n<p><strong>BELLUNO<\/strong> L&#8217;Azienda ULSS 1 Dolomiti informa che le certificazioni delle esenzioni per reddito saranno accessibili dal 9 aprile 2024 sul portale <a href=\"https:\/\/salute.regione.veneto.it\/\" target=\"_new\" rel=\"noopener\">salute.regione.veneto.it<\/a>.<\/p>\n<a href=\"https:\/\/www.radiopiu.net\/wordpress\/wp-content\/uploads\/2024\/04\/Locandina_certificati-di-esenzione-2024.pdf\" class=\"pdfemb-viewer\" style=\"\" data-width=\"max\" data-height=\"max\" data-toolbar=\"top\" data-toolbar-fixed=\"on\">Locandina_certificati di esenzione 2024<\/a>\n<p>&nbsp;<\/p>\n<p>&nbsp;<\/p>\n<hr \/>\n<p>&nbsp;<\/p>\n<blockquote class=\"wp-embedded-content\" data-secret=\"ZyAVClEPao\"><p><a href=\"https:\/\/www.radiopiu.net\/wordpress\/in-primiero-un-teatro-stracolmo-per-i-collage\/\">IN PRIMIERO: UN TEATRO STRACOLMO PER I COLLAGE<\/a><\/p><\/blockquote>\n<p><iframe loading=\"lazy\" class=\"wp-embedded-content\" sandbox=\"allow-scripts\" security=\"restricted\" style=\"position: absolute; clip: rect(1px, 1px, 1px, 1px);\" title=\"&#8220;IN PRIMIERO: UN TEATRO STRACOLMO PER I COLLAGE&#8221; &#8212; Radio Pi\u00f9\" src=\"https:\/\/www.radiopiu.net\/wordpress\/in-primiero-un-teatro-stracolmo-per-i-collage\/embed\/#?secret=g5zY745AKA#?secret=ZyAVClEPao\" data-secret=\"ZyAVClEPao\" width=\"600\" height=\"338\" frameborder=\"0\" marginwidth=\"0\" marginheight=\"0\" scrolling=\"no\"><\/iframe><\/p>\n<p>&nbsp;<\/p>\n<hr \/>\n<p>&nbsp;<\/p>\n<blockquote>\n<h3>PRESENTATO A TRICHIANA IL NUOVO DISCO DI MARCO V. DAL FARRA<\/h3>\n<\/blockquote>\n<p><strong>BORGO<\/strong> <strong>VALBELLUNA<\/strong> Il Teatro san Felice di trichiana \u00e8 stata la location scelta da Marco V. Dal Farra per presentare al pubblico il nuovo album &#8220;Qui noi tutto bene, a presto&#8221;. In una sala gremita di gente il cantautore bellunese ha presentato i nuovi pezzi dell&#8217;album che si pu\u00f2 ascoltare sui principali servizi streaming.<\/p>\n<p><strong>LE INTERVISTE DI MARINA DONA&#8217;<\/strong><\/p>\n<audio class=\"wp-audio-shortcode\" id=\"audio-385219-7\" preload=\"none\" style=\"width: 100%;\" controls=\"controls\"><source type=\"audio\/mpeg\" src=\"https:\/\/www.radiopiu.net\/wordpress\/wp-content\/uploads\/2024\/04\/LE-INTERVISTE-PRIMA-DEL-CONCERTO-DI-MARCO-V-DAL-FARRA.mp3?_=7\" \/><a href=\"https:\/\/www.radiopiu.net\/wordpress\/wp-content\/uploads\/2024\/04\/LE-INTERVISTE-PRIMA-DEL-CONCERTO-DI-MARCO-V-DAL-FARRA.mp3\">https:\/\/www.radiopiu.net\/wordpress\/wp-content\/uploads\/2024\/04\/LE-INTERVISTE-PRIMA-DEL-CONCERTO-DI-MARCO-V-DAL-FARRA.mp3<\/a><\/audio>\n<p>&nbsp;<\/p>\n\n\t\t\t<style type='text\/css'>\n\t\t\t\t#gallery-6 {\n\t\t\t\t\tmargin: auto;\n\t\t\t\t}\n\t\t\t\t#gallery-6 .gallery-item {\n\t\t\t\t\tfloat: left;\n\t\t\t\t\tmargin-top: 10px;\n\t\t\t\t\ttext-align: center;\n\t\t\t\t\twidth: 16%;\n\t\t\t\t}\n\t\t\t\t#gallery-6 img {\n\t\t\t\t\tborder: 2px solid #cfcfcf;\n\t\t\t\t}\n\t\t\t\t#gallery-6 .gallery-caption {\n\t\t\t\t\tmargin-left: 0;\n\t\t\t\t}\n\t\t\t\t\/* see gallery_shortcode() in wp-includes\/media.php *\/\n\t\t\t<\/style>\n\t\t<div id='gallery-6' class='dt-gallery-container gallery galleryid-385219 gallery-columns-6 gallery-size-thumbnail'><dl class='gallery-item'>\n\t\t\t\t<dt class='gallery-icon landscape'>\n\t\t\t\t\t<a class=\"rollover rollover-zoom dt-pswp-item\" title=\"2e798b7a-0f45-4016-bd42-534c4de81e49\" data-dt-img-description=\"\" data-large_image_width=\"1600\" data-large_image_height=\"1200\"href='https:\/\/www.radiopiu.net\/wordpress\/wp-content\/uploads\/2024\/04\/2e798b7a-0f45-4016-bd42-534c4de81e49.jpg'><img loading=\"lazy\" decoding=\"async\" width=\"150\" height=\"150\" src=\"https:\/\/www.radiopiu.net\/wordpress\/wp-content\/uploads\/2024\/04\/2e798b7a-0f45-4016-bd42-534c4de81e49-150x150.jpg\" class=\"attachment-thumbnail size-thumbnail\" alt=\"\" \/><\/a>\n\t\t\t\t<\/dt><\/dl><dl class='gallery-item'>\n\t\t\t\t<dt class='gallery-icon portrait'>\n\t\t\t\t\t<a class=\"rollover rollover-zoom dt-pswp-item\" title=\"566ad163-9aed-4fa0-bfbf-a571ac3cc857\" data-dt-img-description=\"\" data-large_image_width=\"1200\" data-large_image_height=\"1600\"href='https:\/\/www.radiopiu.net\/wordpress\/wp-content\/uploads\/2024\/04\/566ad163-9aed-4fa0-bfbf-a571ac3cc857.jpg'><img loading=\"lazy\" decoding=\"async\" width=\"150\" height=\"150\" src=\"https:\/\/www.radiopiu.net\/wordpress\/wp-content\/uploads\/2024\/04\/566ad163-9aed-4fa0-bfbf-a571ac3cc857-150x150.jpg\" class=\"attachment-thumbnail size-thumbnail\" alt=\"\" \/><\/a>\n\t\t\t\t<\/dt><\/dl><dl class='gallery-item'>\n\t\t\t\t<dt class='gallery-icon portrait'>\n\t\t\t\t\t<a class=\"rollover rollover-zoom dt-pswp-item\" title=\"04cafc51-36e3-4558-9518-0a62f983867b\" data-dt-img-description=\"\" data-large_image_width=\"1200\" data-large_image_height=\"1600\"href='https:\/\/www.radiopiu.net\/wordpress\/wp-content\/uploads\/2024\/04\/04cafc51-36e3-4558-9518-0a62f983867b.jpg'><img loading=\"lazy\" decoding=\"async\" width=\"150\" height=\"150\" src=\"https:\/\/www.radiopiu.net\/wordpress\/wp-content\/uploads\/2024\/04\/04cafc51-36e3-4558-9518-0a62f983867b-150x150.jpg\" class=\"attachment-thumbnail size-thumbnail\" alt=\"\" \/><\/a>\n\t\t\t\t<\/dt><\/dl><dl class='gallery-item'>\n\t\t\t\t<dt class='gallery-icon portrait'>\n\t\t\t\t\t<a class=\"rollover rollover-zoom dt-pswp-item\" title=\"e32b5367-01e6-472e-b662-a7a6bc6caa3f\" data-dt-img-description=\"\" data-large_image_width=\"1200\" data-large_image_height=\"1600\"href='https:\/\/www.radiopiu.net\/wordpress\/wp-content\/uploads\/2024\/04\/e32b5367-01e6-472e-b662-a7a6bc6caa3f.jpg'><img loading=\"lazy\" decoding=\"async\" width=\"150\" height=\"150\" src=\"https:\/\/www.radiopiu.net\/wordpress\/wp-content\/uploads\/2024\/04\/e32b5367-01e6-472e-b662-a7a6bc6caa3f-150x150.jpg\" class=\"attachment-thumbnail size-thumbnail\" alt=\"\" \/><\/a>\n\t\t\t\t<\/dt><\/dl><dl class='gallery-item'>\n\t\t\t\t<dt class='gallery-icon portrait'>\n\t\t\t\t\t<a class=\"rollover rollover-zoom dt-pswp-item\" title=\"af916c58-1516-42f3-967b-fdb9bb94df5a\" data-dt-img-description=\"\" data-large_image_width=\"1200\" data-large_image_height=\"1600\"href='https:\/\/www.radiopiu.net\/wordpress\/wp-content\/uploads\/2024\/04\/af916c58-1516-42f3-967b-fdb9bb94df5a.jpg'><img loading=\"lazy\" decoding=\"async\" width=\"150\" height=\"150\" src=\"https:\/\/www.radiopiu.net\/wordpress\/wp-content\/uploads\/2024\/04\/af916c58-1516-42f3-967b-fdb9bb94df5a-150x150.jpg\" class=\"attachment-thumbnail size-thumbnail\" alt=\"\" \/><\/a>\n\t\t\t\t<\/dt><\/dl><dl class='gallery-item'>\n\t\t\t\t<dt class='gallery-icon landscape'>\n\t\t\t\t\t<a class=\"rollover rollover-zoom dt-pswp-item\" title=\"599ab245-dbe0-403b-beb4-3fff7d2c8c95\" data-dt-img-description=\"\" data-large_image_width=\"1600\" data-large_image_height=\"1201\"href='https:\/\/www.radiopiu.net\/wordpress\/wp-content\/uploads\/2024\/04\/599ab245-dbe0-403b-beb4-3fff7d2c8c95.jpg'><img loading=\"lazy\" decoding=\"async\" width=\"150\" height=\"150\" src=\"https:\/\/www.radiopiu.net\/wordpress\/wp-content\/uploads\/2024\/04\/599ab245-dbe0-403b-beb4-3fff7d2c8c95-150x150.jpg\" class=\"attachment-thumbnail size-thumbnail\" alt=\"\" \/><\/a>\n\t\t\t\t<\/dt><\/dl><br style=\"clear: both\" \/>\n\t\t\t<\/div>\n\n<p>&nbsp;<\/p>\n<div style=\"width: 848px;\" class=\"wp-video\"><video class=\"wp-video-shortcode\" id=\"video-385219-1\" width=\"848\" height=\"478\" preload=\"metadata\" controls=\"controls\"><source type=\"video\/mp4\" src=\"https:\/\/www.radiopiu.net\/wordpress\/wp-content\/uploads\/2024\/04\/WhatsApp-Video-2024-04-14-at-09.37.13.mp4?_=1\" \/><a href=\"https:\/\/www.radiopiu.net\/wordpress\/wp-content\/uploads\/2024\/04\/WhatsApp-Video-2024-04-14-at-09.37.13.mp4\">https:\/\/www.radiopiu.net\/wordpress\/wp-content\/uploads\/2024\/04\/WhatsApp-Video-2024-04-14-at-09.37.13.mp4<\/a><\/video><\/div>\n<p>&nbsp;<\/p>\n<p><strong>LA DIRETTA RADIO PIU&#8217;<\/strong><\/p>\n<p><iframe loading=\"lazy\" title=\"presentazione nuovo disco Marco Dal Farra\" width=\"1200\" height=\"675\" src=\"https:\/\/www.youtube.com\/embed\/amhwLbLQ3Ew?start=1111&#038;feature=oembed\" frameborder=\"0\" allow=\"accelerometer; autoplay; clipboard-write; encrypted-media; gyroscope; picture-in-picture; web-share\" referrerpolicy=\"strict-origin-when-cross-origin\" allowfullscreen><\/iframe><\/p>\n<p>&nbsp;<\/p>\n<hr \/>\n<p>&nbsp;<\/p>\n<blockquote>\n<h3>CONCORSO MUSICALE CITTA&#8217; DI BELLUNO, SABATO LA FINALE DI CANTO MODERNO<\/h3>\n<\/blockquote>\n<p><strong>BELLUNO <\/strong>La finalissima del Concorso canto moderno del <span class=\"xt0psk2\">Concorso Musicale Citt\u00e0 di Belluno <\/span>ha regalato emozioni e talento senza pari, con la giuria composta da Alessio Nelli (Presidente), Alvise Bortolini e Gabriele Comeglio. Riccardo di Gioia e Zeno Turetta si sono distinti, vincendo la partecipazione ad una prestigiosa masterclass sull&#8217;interpretazione vocale con Laura Valente, grazie al premio consegnato da Jessica Da Re dell&#8217;associazione Voice Care Music &amp; Art. Tra i giovani talenti, Paola Damiani e Vittoria Artuso hanno conquistato il cuore della giuria, aggiudicandosi il primo posto ex aequo nella sezione interpreti. Nel frattempo, il duo Cristina e Valerio Bonan ha trionfato nella categoria dei cantautori. Ma le loro vittorie non si sono fermate qui: Cristina e Valerio hanno anche ricevuto il prestigioso premio YOUNG JURY, conferitogli dagli allievi del liceo musicale Renier di Belluno. Le performance sono state indimenticabili: Vittoria Artuso ha commosso con la sua toccante interpretazione al piano e voce del classico &#8220;La cura&#8221; di Franco Battiato, mentre Paola Damiani ha incantato con il brano &#8220;Volevo scriverti da tanto&#8221; di Mina. Cristina e Valerio, invece, hanno stupito il pubblico con il loro brano originale &#8220;Solo&#8221;. Questi talentuosi artisti hanno ricevuto non solo il plauso del pubblico, ma anche un prezioso riconoscimento: una borsa di studio offerta dalla Banca Prealpi SanBiagio Credito Cooperativo, consegnata dal direttore della filiale di Belluno, Stefano Sala. La serata alla presenza dell&#8217;assessore alla cultura del Comune di Belluno, Raffaele Addamiano, e del presidente della Fondazione Teatri delle Dolomiti, Massimo Ferrigutti.<\/p>\n<p><strong>MANUELA SELVESTREL<\/strong><\/p>\n<audio class=\"wp-audio-shortcode\" id=\"audio-385219-8\" preload=\"none\" style=\"width: 100%;\" controls=\"controls\"><source type=\"audio\/mpeg\" src=\"https:\/\/www.radiopiu.net\/wordpress\/wp-content\/uploads\/2024\/04\/Manuela-Selvestrel.mp3?_=8\" \/><a href=\"https:\/\/www.radiopiu.net\/wordpress\/wp-content\/uploads\/2024\/04\/Manuela-Selvestrel.mp3\">https:\/\/www.radiopiu.net\/wordpress\/wp-content\/uploads\/2024\/04\/Manuela-Selvestrel.mp3<\/a><\/audio>\n<p>&nbsp;<\/p>\n\n\t\t\t<style type='text\/css'>\n\t\t\t\t#gallery-7 {\n\t\t\t\t\tmargin: auto;\n\t\t\t\t}\n\t\t\t\t#gallery-7 .gallery-item {\n\t\t\t\t\tfloat: left;\n\t\t\t\t\tmargin-top: 10px;\n\t\t\t\t\ttext-align: center;\n\t\t\t\t\twidth: 33%;\n\t\t\t\t}\n\t\t\t\t#gallery-7 img {\n\t\t\t\t\tborder: 2px solid #cfcfcf;\n\t\t\t\t}\n\t\t\t\t#gallery-7 .gallery-caption {\n\t\t\t\t\tmargin-left: 0;\n\t\t\t\t}\n\t\t\t\t\/* see gallery_shortcode() in wp-includes\/media.php *\/\n\t\t\t<\/style>\n\t\t<div id='gallery-7' class='dt-gallery-container gallery galleryid-385219 gallery-columns-3 gallery-size-medium'><dl class='gallery-item'>\n\t\t\t\t<dt class='gallery-icon landscape'>\n\t\t\t\t\t<a class=\"rollover rollover-zoom dt-pswp-item\" title=\"67bace6c-5d21-4473-8ed8-2d4339205e55\" data-dt-img-description=\"\" data-large_image_width=\"1600\" data-large_image_height=\"1066\"href='https:\/\/www.radiopiu.net\/wordpress\/wp-content\/uploads\/2024\/04\/67bace6c-5d21-4473-8ed8-2d4339205e55.jpg'><img loading=\"lazy\" decoding=\"async\" width=\"300\" height=\"200\" src=\"https:\/\/www.radiopiu.net\/wordpress\/wp-content\/uploads\/2024\/04\/67bace6c-5d21-4473-8ed8-2d4339205e55-300x200.jpg\" class=\"attachment-medium size-medium\" alt=\"\" srcset=\"https:\/\/www.radiopiu.net\/wordpress\/wp-content\/uploads\/2024\/04\/67bace6c-5d21-4473-8ed8-2d4339205e55-300x200.jpg 300w, https:\/\/www.radiopiu.net\/wordpress\/wp-content\/uploads\/2024\/04\/67bace6c-5d21-4473-8ed8-2d4339205e55-1024x682.jpg 1024w, https:\/\/www.radiopiu.net\/wordpress\/wp-content\/uploads\/2024\/04\/67bace6c-5d21-4473-8ed8-2d4339205e55-768x512.jpg 768w, https:\/\/www.radiopiu.net\/wordpress\/wp-content\/uploads\/2024\/04\/67bace6c-5d21-4473-8ed8-2d4339205e55-1536x1023.jpg 1536w, https:\/\/www.radiopiu.net\/wordpress\/wp-content\/uploads\/2024\/04\/67bace6c-5d21-4473-8ed8-2d4339205e55.jpg 1600w\" sizes=\"auto, (max-width: 300px) 100vw, 300px\" \/><\/a>\n\t\t\t\t<\/dt><\/dl><dl class='gallery-item'>\n\t\t\t\t<dt class='gallery-icon landscape'>\n\t\t\t\t\t<a class=\"rollover rollover-zoom dt-pswp-item\" title=\"a8013904-16e9-416a-8f5d-2db7d1b0c1b6\" data-dt-img-description=\"\" data-large_image_width=\"1600\" data-large_image_height=\"1066\"href='https:\/\/www.radiopiu.net\/wordpress\/wp-content\/uploads\/2024\/04\/a8013904-16e9-416a-8f5d-2db7d1b0c1b6.jpg'><img loading=\"lazy\" decoding=\"async\" width=\"300\" height=\"200\" src=\"https:\/\/www.radiopiu.net\/wordpress\/wp-content\/uploads\/2024\/04\/a8013904-16e9-416a-8f5d-2db7d1b0c1b6-300x200.jpg\" class=\"attachment-medium size-medium\" alt=\"\" srcset=\"https:\/\/www.radiopiu.net\/wordpress\/wp-content\/uploads\/2024\/04\/a8013904-16e9-416a-8f5d-2db7d1b0c1b6-300x200.jpg 300w, https:\/\/www.radiopiu.net\/wordpress\/wp-content\/uploads\/2024\/04\/a8013904-16e9-416a-8f5d-2db7d1b0c1b6-1024x682.jpg 1024w, https:\/\/www.radiopiu.net\/wordpress\/wp-content\/uploads\/2024\/04\/a8013904-16e9-416a-8f5d-2db7d1b0c1b6-768x512.jpg 768w, https:\/\/www.radiopiu.net\/wordpress\/wp-content\/uploads\/2024\/04\/a8013904-16e9-416a-8f5d-2db7d1b0c1b6-1536x1023.jpg 1536w, https:\/\/www.radiopiu.net\/wordpress\/wp-content\/uploads\/2024\/04\/a8013904-16e9-416a-8f5d-2db7d1b0c1b6.jpg 1600w\" sizes=\"auto, (max-width: 300px) 100vw, 300px\" \/><\/a>\n\t\t\t\t<\/dt><\/dl><dl class='gallery-item'>\n\t\t\t\t<dt class='gallery-icon landscape'>\n\t\t\t\t\t<a class=\"rollover rollover-zoom dt-pswp-item\" title=\"6bfe94c1-fda2-435f-b153-f78f530605b8\" data-dt-img-description=\"\" data-large_image_width=\"1600\" data-large_image_height=\"1066\"href='https:\/\/www.radiopiu.net\/wordpress\/wp-content\/uploads\/2024\/04\/6bfe94c1-fda2-435f-b153-f78f530605b8.jpg'><img loading=\"lazy\" decoding=\"async\" width=\"300\" height=\"200\" src=\"https:\/\/www.radiopiu.net\/wordpress\/wp-content\/uploads\/2024\/04\/6bfe94c1-fda2-435f-b153-f78f530605b8-300x200.jpg\" class=\"attachment-medium size-medium\" alt=\"\" srcset=\"https:\/\/www.radiopiu.net\/wordpress\/wp-content\/uploads\/2024\/04\/6bfe94c1-fda2-435f-b153-f78f530605b8-300x200.jpg 300w, https:\/\/www.radiopiu.net\/wordpress\/wp-content\/uploads\/2024\/04\/6bfe94c1-fda2-435f-b153-f78f530605b8-1024x682.jpg 1024w, https:\/\/www.radiopiu.net\/wordpress\/wp-content\/uploads\/2024\/04\/6bfe94c1-fda2-435f-b153-f78f530605b8-768x512.jpg 768w, https:\/\/www.radiopiu.net\/wordpress\/wp-content\/uploads\/2024\/04\/6bfe94c1-fda2-435f-b153-f78f530605b8-1536x1023.jpg 1536w, https:\/\/www.radiopiu.net\/wordpress\/wp-content\/uploads\/2024\/04\/6bfe94c1-fda2-435f-b153-f78f530605b8.jpg 1600w\" sizes=\"auto, (max-width: 300px) 100vw, 300px\" \/><\/a>\n\t\t\t\t<\/dt><\/dl><br style=\"clear: both\" \/>\n\t\t\t<\/div>\n\n<p>&nbsp;<\/p>\n<hr \/>\n<p>&nbsp;<\/p>\n<blockquote>\n<h3><a class=\"dt-pswp-item\" href=\"https:\/\/www.radiopiu.net\/wordpress\/wp-content\/uploads\/2024\/04\/SCR-20240414-pvoh.jpeg\" data-dt-img-description=\"Screenshot\" data-large_image_width=\"1028\" data-large_image_height=\"688\"><img loading=\"lazy\" decoding=\"async\" class=\"wp-image-385650 alignleft\" src=\"https:\/\/www.radiopiu.net\/wordpress\/wp-content\/uploads\/2024\/04\/SCR-20240414-pvoh-300x201.jpeg\" alt=\"\" width=\"172\" height=\"115\" srcset=\"https:\/\/www.radiopiu.net\/wordpress\/wp-content\/uploads\/2024\/04\/SCR-20240414-pvoh-300x201.jpeg 300w, https:\/\/www.radiopiu.net\/wordpress\/wp-content\/uploads\/2024\/04\/SCR-20240414-pvoh-1024x685.jpeg 1024w, https:\/\/www.radiopiu.net\/wordpress\/wp-content\/uploads\/2024\/04\/SCR-20240414-pvoh-768x514.jpeg 768w, https:\/\/www.radiopiu.net\/wordpress\/wp-content\/uploads\/2024\/04\/SCR-20240414-pvoh.jpeg 1028w\" sizes=\"auto, (max-width: 172px) 100vw, 172px\" \/><\/a>GLI UNCLE FRANK PROJECT A TRICHIANA<\/h3>\n<\/blockquote>\n<p><strong>DI MARCO V. DAL FARRA<\/strong><\/p>\n<audio class=\"wp-audio-shortcode\" id=\"audio-385219-9\" preload=\"none\" style=\"width: 100%;\" controls=\"controls\"><source type=\"audio\/mpeg\" src=\"https:\/\/www.radiopiu.net\/wordpress\/wp-content\/uploads\/2024\/04\/DAL-FARRA-DE-POLI-A-TRICHIANA.mp3?_=9\" \/><a href=\"https:\/\/www.radiopiu.net\/wordpress\/wp-content\/uploads\/2024\/04\/DAL-FARRA-DE-POLI-A-TRICHIANA.mp3\">https:\/\/www.radiopiu.net\/wordpress\/wp-content\/uploads\/2024\/04\/DAL-FARRA-DE-POLI-A-TRICHIANA.mp3<\/a><\/audio>\n<p>&nbsp;<\/p>\n<p>&nbsp;<\/p>\n<hr \/>\n<p>&nbsp;<\/p>\n<blockquote>\n<h3>I PRIMI SCATTI PRIMAVERILI DI MARIO DE MARCO<\/h3>\n<\/blockquote>\n<p><strong>REDAZIONE<\/strong> Inizia la primavera e quale momento ideale per andare a fare una passeggiata sui monti con la macchina fotografica a presso? Mario De Marco non ha aspettato e ed partito alla ricerca di qualche animale selvatico da immortalare. &#8220;Questa mattina ho catturato con un documento fotografico eccezionale la ricchezza della biodiversit\u00e0 dei nostri luoghi. Da quasi 2000 metri ho immortalato il gallo forcello, poi scendendo di quota ho fotografato il gallo cedrone e infine, vicino a casa a Voltago, ho catturato l&#8217;upupa di passaggio per la nidificazione. Utilizzando un teleobiettivo da 600 mm, ho cercato di interagire il meno possibile con questo delicato mondo, dimostrando una grande passione per la natura, la conoscenza del territorio e soprattutto il rispetto per questi meravigliosi e fragili abitanti delle nostre Dolomiti&#8221; ci racconta Mario De Marco.<\/p>\n\n\t\t\t<style type='text\/css'>\n\t\t\t\t#gallery-8 {\n\t\t\t\t\tmargin: auto;\n\t\t\t\t}\n\t\t\t\t#gallery-8 .gallery-item {\n\t\t\t\t\tfloat: left;\n\t\t\t\t\tmargin-top: 10px;\n\t\t\t\t\ttext-align: center;\n\t\t\t\t\twidth: 33%;\n\t\t\t\t}\n\t\t\t\t#gallery-8 img {\n\t\t\t\t\tborder: 2px solid #cfcfcf;\n\t\t\t\t}\n\t\t\t\t#gallery-8 .gallery-caption {\n\t\t\t\t\tmargin-left: 0;\n\t\t\t\t}\n\t\t\t\t\/* see gallery_shortcode() in wp-includes\/media.php *\/\n\t\t\t<\/style>\n\t\t<div id='gallery-8' class='dt-gallery-container gallery galleryid-385219 gallery-columns-3 gallery-size-medium'><dl class='gallery-item'>\n\t\t\t\t<dt class='gallery-icon landscape'>\n\t\t\t\t\t<a class=\"rollover rollover-zoom dt-pswp-item\" title=\"a8557782-cfc3-4ffb-92ac-51d8821df012\" data-dt-img-description=\"\" data-large_image_width=\"1600\" data-large_image_height=\"1600\"href='https:\/\/www.radiopiu.net\/wordpress\/wp-content\/uploads\/2024\/04\/a8557782-cfc3-4ffb-92ac-51d8821df012.jpg'><img loading=\"lazy\" decoding=\"async\" width=\"300\" height=\"300\" src=\"https:\/\/www.radiopiu.net\/wordpress\/wp-content\/uploads\/2024\/04\/a8557782-cfc3-4ffb-92ac-51d8821df012-300x300.jpg\" class=\"attachment-medium size-medium\" alt=\"\" srcset=\"https:\/\/www.radiopiu.net\/wordpress\/wp-content\/uploads\/2024\/04\/a8557782-cfc3-4ffb-92ac-51d8821df012-300x300.jpg 300w, https:\/\/www.radiopiu.net\/wordpress\/wp-content\/uploads\/2024\/04\/a8557782-cfc3-4ffb-92ac-51d8821df012-1024x1024.jpg 1024w, https:\/\/www.radiopiu.net\/wordpress\/wp-content\/uploads\/2024\/04\/a8557782-cfc3-4ffb-92ac-51d8821df012-150x150.jpg 150w, https:\/\/www.radiopiu.net\/wordpress\/wp-content\/uploads\/2024\/04\/a8557782-cfc3-4ffb-92ac-51d8821df012-768x768.jpg 768w, https:\/\/www.radiopiu.net\/wordpress\/wp-content\/uploads\/2024\/04\/a8557782-cfc3-4ffb-92ac-51d8821df012-1536x1536.jpg 1536w, https:\/\/www.radiopiu.net\/wordpress\/wp-content\/uploads\/2024\/04\/a8557782-cfc3-4ffb-92ac-51d8821df012.jpg 1600w\" sizes=\"auto, (max-width: 300px) 100vw, 300px\" \/><\/a>\n\t\t\t\t<\/dt><\/dl><dl class='gallery-item'>\n\t\t\t\t<dt class='gallery-icon landscape'>\n\t\t\t\t\t<a class=\"rollover rollover-zoom dt-pswp-item\" title=\"cb058aed-68ec-4d36-a823-f0b0cdc62553\" data-dt-img-description=\"\" data-large_image_width=\"1600\" data-large_image_height=\"1357\"href='https:\/\/www.radiopiu.net\/wordpress\/wp-content\/uploads\/2024\/04\/cb058aed-68ec-4d36-a823-f0b0cdc62553.jpg'><img loading=\"lazy\" decoding=\"async\" width=\"300\" height=\"254\" src=\"https:\/\/www.radiopiu.net\/wordpress\/wp-content\/uploads\/2024\/04\/cb058aed-68ec-4d36-a823-f0b0cdc62553-300x254.jpg\" class=\"attachment-medium size-medium\" alt=\"\" srcset=\"https:\/\/www.radiopiu.net\/wordpress\/wp-content\/uploads\/2024\/04\/cb058aed-68ec-4d36-a823-f0b0cdc62553-300x254.jpg 300w, https:\/\/www.radiopiu.net\/wordpress\/wp-content\/uploads\/2024\/04\/cb058aed-68ec-4d36-a823-f0b0cdc62553-1024x868.jpg 1024w, https:\/\/www.radiopiu.net\/wordpress\/wp-content\/uploads\/2024\/04\/cb058aed-68ec-4d36-a823-f0b0cdc62553-768x651.jpg 768w, https:\/\/www.radiopiu.net\/wordpress\/wp-content\/uploads\/2024\/04\/cb058aed-68ec-4d36-a823-f0b0cdc62553-1536x1303.jpg 1536w, https:\/\/www.radiopiu.net\/wordpress\/wp-content\/uploads\/2024\/04\/cb058aed-68ec-4d36-a823-f0b0cdc62553.jpg 1600w\" sizes=\"auto, (max-width: 300px) 100vw, 300px\" \/><\/a>\n\t\t\t\t<\/dt><\/dl><dl class='gallery-item'>\n\t\t\t\t<dt class='gallery-icon landscape'>\n\t\t\t\t\t<a class=\"rollover rollover-zoom dt-pswp-item\" title=\"f508f70d-f8a8-4275-be5d-1d26915f193e\" data-dt-img-description=\"\" data-large_image_width=\"1600\" data-large_image_height=\"1066\"href='https:\/\/www.radiopiu.net\/wordpress\/wp-content\/uploads\/2024\/04\/f508f70d-f8a8-4275-be5d-1d26915f193e.jpg'><img loading=\"lazy\" decoding=\"async\" width=\"300\" height=\"200\" src=\"https:\/\/www.radiopiu.net\/wordpress\/wp-content\/uploads\/2024\/04\/f508f70d-f8a8-4275-be5d-1d26915f193e-300x200.jpg\" class=\"attachment-medium size-medium\" alt=\"\" srcset=\"https:\/\/www.radiopiu.net\/wordpress\/wp-content\/uploads\/2024\/04\/f508f70d-f8a8-4275-be5d-1d26915f193e-300x200.jpg 300w, https:\/\/www.radiopiu.net\/wordpress\/wp-content\/uploads\/2024\/04\/f508f70d-f8a8-4275-be5d-1d26915f193e-1024x682.jpg 1024w, https:\/\/www.radiopiu.net\/wordpress\/wp-content\/uploads\/2024\/04\/f508f70d-f8a8-4275-be5d-1d26915f193e-768x512.jpg 768w, https:\/\/www.radiopiu.net\/wordpress\/wp-content\/uploads\/2024\/04\/f508f70d-f8a8-4275-be5d-1d26915f193e-1536x1023.jpg 1536w, https:\/\/www.radiopiu.net\/wordpress\/wp-content\/uploads\/2024\/04\/f508f70d-f8a8-4275-be5d-1d26915f193e.jpg 1600w\" sizes=\"auto, (max-width: 300px) 100vw, 300px\" \/><\/a>\n\t\t\t\t<\/dt><\/dl><br style=\"clear: both\" \/>\n\t\t\t<\/div>\n\n<p>&nbsp;<\/p>\n<p><iframe loading=\"lazy\" title=\"IL GALLO CEDRONE DI MARIO DE MARCO\" width=\"1200\" height=\"675\" src=\"https:\/\/www.youtube.com\/embed\/yolh12bjx-Q?feature=oembed\" frameborder=\"0\" allow=\"accelerometer; autoplay; clipboard-write; encrypted-media; gyroscope; picture-in-picture; web-share\" referrerpolicy=\"strict-origin-when-cross-origin\" allowfullscreen><\/iframe><\/p>\n<p>&nbsp;<\/p>\n<hr \/>\n<p>&nbsp;<\/p>\n<blockquote>\n<h2>in vallata:<\/h2>\n<\/blockquote>\n\n\t\t\t<style type='text\/css'>\n\t\t\t\t#gallery-9 {\n\t\t\t\t\tmargin: auto;\n\t\t\t\t}\n\t\t\t\t#gallery-9 .gallery-item {\n\t\t\t\t\tfloat: left;\n\t\t\t\t\tmargin-top: 10px;\n\t\t\t\t\ttext-align: center;\n\t\t\t\t\twidth: 25%;\n\t\t\t\t}\n\t\t\t\t#gallery-9 img {\n\t\t\t\t\tborder: 2px solid #cfcfcf;\n\t\t\t\t}\n\t\t\t\t#gallery-9 .gallery-caption {\n\t\t\t\t\tmargin-left: 0;\n\t\t\t\t}\n\t\t\t\t\/* see gallery_shortcode() in wp-includes\/media.php *\/\n\t\t\t<\/style>\n\t\t<div id='gallery-9' class='dt-gallery-container gallery galleryid-385219 gallery-columns-4 gallery-size-medium'><dl class='gallery-item'>\n\t\t\t\t<dt class='gallery-icon portrait'>\n\t\t\t\t\t<a class=\"rollover rollover-zoom dt-pswp-item\" title=\"44acb3a3-e80a-42eb-a834-cb187a9ef8ea\" data-dt-img-description=\"\" data-large_image_width=\"1132\" data-large_image_height=\"1600\"href='https:\/\/www.radiopiu.net\/wordpress\/wp-content\/uploads\/2024\/03\/44acb3a3-e80a-42eb-a834-cb187a9ef8ea.jpg'><img loading=\"lazy\" decoding=\"async\" width=\"212\" height=\"300\" src=\"https:\/\/www.radiopiu.net\/wordpress\/wp-content\/uploads\/2024\/03\/44acb3a3-e80a-42eb-a834-cb187a9ef8ea-212x300.jpg\" class=\"attachment-medium size-medium\" alt=\"\" srcset=\"https:\/\/www.radiopiu.net\/wordpress\/wp-content\/uploads\/2024\/03\/44acb3a3-e80a-42eb-a834-cb187a9ef8ea-212x300.jpg 212w, https:\/\/www.radiopiu.net\/wordpress\/wp-content\/uploads\/2024\/03\/44acb3a3-e80a-42eb-a834-cb187a9ef8ea-724x1024.jpg 724w, https:\/\/www.radiopiu.net\/wordpress\/wp-content\/uploads\/2024\/03\/44acb3a3-e80a-42eb-a834-cb187a9ef8ea-768x1086.jpg 768w, https:\/\/www.radiopiu.net\/wordpress\/wp-content\/uploads\/2024\/03\/44acb3a3-e80a-42eb-a834-cb187a9ef8ea-1087x1536.jpg 1087w, https:\/\/www.radiopiu.net\/wordpress\/wp-content\/uploads\/2024\/03\/44acb3a3-e80a-42eb-a834-cb187a9ef8ea.jpg 1132w\" sizes=\"auto, (max-width: 212px) 100vw, 212px\" \/><\/a>\n\t\t\t\t<\/dt><\/dl><dl class='gallery-item'>\n\t\t\t\t<dt class='gallery-icon portrait'>\n\t\t\t\t\t<a class=\"rollover rollover-zoom dt-pswp-item\" title=\"d02fe35d-334c-4039-81d3-508c3e863bed\" data-dt-img-description=\"\" data-large_image_width=\"1136\" data-large_image_height=\"1600\"href='https:\/\/www.radiopiu.net\/wordpress\/wp-content\/uploads\/2024\/04\/d02fe35d-334c-4039-81d3-508c3e863bed.jpg'><img loading=\"lazy\" decoding=\"async\" width=\"213\" height=\"300\" src=\"https:\/\/www.radiopiu.net\/wordpress\/wp-content\/uploads\/2024\/04\/d02fe35d-334c-4039-81d3-508c3e863bed-213x300.jpg\" class=\"attachment-medium size-medium\" alt=\"\" srcset=\"https:\/\/www.radiopiu.net\/wordpress\/wp-content\/uploads\/2024\/04\/d02fe35d-334c-4039-81d3-508c3e863bed-213x300.jpg 213w, https:\/\/www.radiopiu.net\/wordpress\/wp-content\/uploads\/2024\/04\/d02fe35d-334c-4039-81d3-508c3e863bed-727x1024.jpg 727w, https:\/\/www.radiopiu.net\/wordpress\/wp-content\/uploads\/2024\/04\/d02fe35d-334c-4039-81d3-508c3e863bed-768x1082.jpg 768w, https:\/\/www.radiopiu.net\/wordpress\/wp-content\/uploads\/2024\/04\/d02fe35d-334c-4039-81d3-508c3e863bed-1091x1536.jpg 1091w, https:\/\/www.radiopiu.net\/wordpress\/wp-content\/uploads\/2024\/04\/d02fe35d-334c-4039-81d3-508c3e863bed.jpg 1136w\" sizes=\"auto, (max-width: 213px) 100vw, 213px\" \/><\/a>\n\t\t\t\t<\/dt><\/dl><dl class='gallery-item'>\n\t\t\t\t<dt class='gallery-icon portrait'>\n\t\t\t\t\t<a class=\"rollover rollover-zoom dt-pswp-item\" title=\"2d3e911f-f1e3-4e55-aba3-20c37bc8ebf1\" data-dt-img-description=\"\" data-large_image_width=\"707\" data-large_image_height=\"1000\"href='https:\/\/www.radiopiu.net\/wordpress\/wp-content\/uploads\/2024\/04\/2d3e911f-f1e3-4e55-aba3-20c37bc8ebf1.jpg'><img loading=\"lazy\" decoding=\"async\" width=\"212\" height=\"300\" src=\"https:\/\/www.radiopiu.net\/wordpress\/wp-content\/uploads\/2024\/04\/2d3e911f-f1e3-4e55-aba3-20c37bc8ebf1-212x300.jpg\" class=\"attachment-medium size-medium\" alt=\"\" aria-describedby=\"gallery-9-385133\" srcset=\"https:\/\/www.radiopiu.net\/wordpress\/wp-content\/uploads\/2024\/04\/2d3e911f-f1e3-4e55-aba3-20c37bc8ebf1-212x300.jpg 212w, https:\/\/www.radiopiu.net\/wordpress\/wp-content\/uploads\/2024\/04\/2d3e911f-f1e3-4e55-aba3-20c37bc8ebf1.jpg 707w\" sizes=\"auto, (max-width: 212px) 100vw, 212px\" \/><\/a>\n\t\t\t\t<\/dt>\n\t\t\t\t\t<dd class='wp-caption-text gallery-caption' id='gallery-9-385133'>\n\t\t\t\t\tIN FESTA CON L&#8217;ALLEGHE HOCKEY, DOMANI SABATO\n\t\t\t\t\t<\/dd><\/dl><dl class='gallery-item'>\n\t\t\t\t<dt class='gallery-icon portrait'>\n\t\t\t\t\t<a class=\"rollover rollover-zoom dt-pswp-item\" title=\"f16954ef-71e0-49e2-a9d2-1b5d293d2e59\" data-dt-img-description=\"\" data-large_image_width=\"1131\" data-large_image_height=\"1600\"href='https:\/\/www.radiopiu.net\/wordpress\/wp-content\/uploads\/2024\/04\/f16954ef-71e0-49e2-a9d2-1b5d293d2e59.jpg'><img loading=\"lazy\" decoding=\"async\" width=\"212\" height=\"300\" src=\"https:\/\/www.radiopiu.net\/wordpress\/wp-content\/uploads\/2024\/04\/f16954ef-71e0-49e2-a9d2-1b5d293d2e59-212x300.jpg\" class=\"attachment-medium size-medium\" alt=\"\" aria-describedby=\"gallery-9-385174\" srcset=\"https:\/\/www.radiopiu.net\/wordpress\/wp-content\/uploads\/2024\/04\/f16954ef-71e0-49e2-a9d2-1b5d293d2e59-212x300.jpg 212w, https:\/\/www.radiopiu.net\/wordpress\/wp-content\/uploads\/2024\/04\/f16954ef-71e0-49e2-a9d2-1b5d293d2e59-724x1024.jpg 724w, https:\/\/www.radiopiu.net\/wordpress\/wp-content\/uploads\/2024\/04\/f16954ef-71e0-49e2-a9d2-1b5d293d2e59-768x1086.jpg 768w, https:\/\/www.radiopiu.net\/wordpress\/wp-content\/uploads\/2024\/04\/f16954ef-71e0-49e2-a9d2-1b5d293d2e59-1086x1536.jpg 1086w, https:\/\/www.radiopiu.net\/wordpress\/wp-content\/uploads\/2024\/04\/f16954ef-71e0-49e2-a9d2-1b5d293d2e59.jpg 1131w\" sizes=\"auto, (max-width: 212px) 100vw, 212px\" \/><\/a>\n\t\t\t\t<\/dt>\n\t\t\t\t\t<dd class='wp-caption-text gallery-caption' id='gallery-9-385174'>\n\t\t\t\t\tDAL 27 APRILE LA MOSTRA DEGLI ALUNNI DI LAURA BALLIS\n\t\t\t\t\t<\/dd><\/dl><br style=\"clear: both\" \/>\n\t\t\t<\/div>\n\n<p>&nbsp;<\/p>\n<p>&nbsp;<\/p>\n<hr \/>\n<p>&nbsp;<\/p>\n<h2><span style=\"color: #ff6600;\">ALLA RADIO<\/span><\/h2>\n<h2><span style=\"color: #993300;\">DUE MINUTI PER TE<\/span><\/h2>\n<p><strong><a class=\"dt-pswp-item\" href=\"https:\/\/www.radiopiu.net\/wordpress\/wp-content\/uploads\/2020\/12\/DON-GIORGIO-LISE.jpg\" data-dt-img-description=\"\" data-large_image_width=\"1600\" data-large_image_height=\"901\"><img loading=\"lazy\" decoding=\"async\" class=\" wp-image-177420 alignleft\" src=\"https:\/\/www.radiopiu.net\/wordpress\/wp-content\/uploads\/2020\/12\/DON-GIORGIO-LISE-300x169.jpg\" alt=\"\" width=\"185\" height=\"104\" srcset=\"https:\/\/www.radiopiu.net\/wordpress\/wp-content\/uploads\/2020\/12\/DON-GIORGIO-LISE-300x169.jpg 300w, https:\/\/www.radiopiu.net\/wordpress\/wp-content\/uploads\/2020\/12\/DON-GIORGIO-LISE-1024x577.jpg 1024w, https:\/\/www.radiopiu.net\/wordpress\/wp-content\/uploads\/2020\/12\/DON-GIORGIO-LISE-768x432.jpg 768w, https:\/\/www.radiopiu.net\/wordpress\/wp-content\/uploads\/2020\/12\/DON-GIORGIO-LISE-1536x865.jpg 1536w, https:\/\/www.radiopiu.net\/wordpress\/wp-content\/uploads\/2020\/12\/DON-GIORGIO-LISE.jpg 1600w\" sizes=\"auto, (max-width: 185px) 100vw, 185px\" \/><\/a>APPUNTAMENTO DOMENICALE CON IL PENSIERO DI MONSIGNOR GIORGIO LISE<\/strong><\/p>\n<audio class=\"wp-audio-shortcode\" id=\"audio-385219-10\" preload=\"none\" style=\"width: 100%;\" controls=\"controls\"><source type=\"audio\/mpeg\" src=\"https:\/\/www.radiopiu.net\/wordpress\/wp-content\/uploads\/2024\/04\/DON-GIORGIO-1.mp3?_=10\" \/><a href=\"https:\/\/www.radiopiu.net\/wordpress\/wp-content\/uploads\/2024\/04\/DON-GIORGIO-1.mp3\">https:\/\/www.radiopiu.net\/wordpress\/wp-content\/uploads\/2024\/04\/DON-GIORGIO-1.mp3<\/a><\/audio>\n<p>&nbsp;<\/p>\n<p>&nbsp;<\/p>\n<p>&nbsp;<\/p>\n<h2><span style=\"color: #33cccc;\">GOODBYE BY BICICLE&#8230;UN VIAGGIO DALL&#8217;INDIA A SEREN DEL GRAPPA IN BICICLETTA<\/span><\/h2>\n<p><span style=\"color: #ff0000;\"><strong>PUNTATA 09 &#8211; IL VIAGGIO IN NEPAL IN ATTESA DEL VISTO TURISTICO<\/strong><\/span><\/p>\n<audio class=\"wp-audio-shortcode\" id=\"audio-385219-11\" preload=\"none\" style=\"width: 100%;\" controls=\"controls\"><source type=\"audio\/mpeg\" src=\"https:\/\/www.radiopiu.net\/wordpress\/wp-content\/uploads\/2024\/04\/AIRE-INDIA-PUNTATA-09.mp3?_=11\" \/><a href=\"https:\/\/www.radiopiu.net\/wordpress\/wp-content\/uploads\/2024\/04\/AIRE-INDIA-PUNTATA-09.mp3\">https:\/\/www.radiopiu.net\/wordpress\/wp-content\/uploads\/2024\/04\/AIRE-INDIA-PUNTATA-09.mp3<\/a><\/audio>\n<p>&nbsp;<\/p>\n<p><strong>PER VISITARE I SITI DEI LUOGHI VISITATI, CLICCA SULLE SEGUENTI SCRITTE: <span style=\"color: #0000ff;\"><a style=\"color: #0000ff;\" href=\"https:\/\/www.anganwadiproject.com\/\">ANGANWADI PROJECT<\/a>\u00a0 <a style=\"color: #0000ff;\" href=\"https:\/\/shreyasfoundation.in\/\">SHEREYAS FOUNDATION<\/a>\u00a0 <a style=\"color: #0000ff;\" href=\"https:\/\/manavsadhna.org\/\">MANAV SADHNA<\/a>\u00a0 <a style=\"color: #0000ff;\" href=\"https:\/\/www.shuklaphantanationalpark.gov.np\/en\">SHUKLAPHA NATIONAL PARK<\/a><\/span><\/strong><\/p>\n\n\t\t\t<style type='text\/css'>\n\t\t\t\t#gallery-10 {\n\t\t\t\t\tmargin: auto;\n\t\t\t\t}\n\t\t\t\t#gallery-10 .gallery-item {\n\t\t\t\t\tfloat: left;\n\t\t\t\t\tmargin-top: 10px;\n\t\t\t\t\ttext-align: center;\n\t\t\t\t\twidth: 20%;\n\t\t\t\t}\n\t\t\t\t#gallery-10 img {\n\t\t\t\t\tborder: 2px solid #cfcfcf;\n\t\t\t\t}\n\t\t\t\t#gallery-10 .gallery-caption {\n\t\t\t\t\tmargin-left: 0;\n\t\t\t\t}\n\t\t\t\t\/* see gallery_shortcode() in wp-includes\/media.php *\/\n\t\t\t<\/style>\n\t\t<div id='gallery-10' class='dt-gallery-container gallery galleryid-385219 gallery-columns-5 gallery-size-thumbnail'><dl class='gallery-item'>\n\t\t\t\t<dt class='gallery-icon landscape'>\n\t\t\t\t\t<a class=\"rollover rollover-zoom dt-pswp-item\" title=\"4e5c35db-3e12-4aec-8abd-b9138bcea54d\" data-dt-img-description=\"\" data-large_image_width=\"1600\" data-large_image_height=\"721\"href='https:\/\/www.radiopiu.net\/wordpress\/wp-content\/uploads\/2024\/04\/4e5c35db-3e12-4aec-8abd-b9138bcea54d.jpg'><img loading=\"lazy\" decoding=\"async\" width=\"150\" height=\"150\" src=\"https:\/\/www.radiopiu.net\/wordpress\/wp-content\/uploads\/2024\/04\/4e5c35db-3e12-4aec-8abd-b9138bcea54d-150x150.jpg\" class=\"attachment-thumbnail size-thumbnail\" alt=\"\" \/><\/a>\n\t\t\t\t<\/dt><\/dl><dl class='gallery-item'>\n\t\t\t\t<dt class='gallery-icon landscape'>\n\t\t\t\t\t<a class=\"rollover rollover-zoom dt-pswp-item\" title=\"d4bb193e-20e4-4204-9be2-b2094f82fa6a\" data-dt-img-description=\"\" data-large_image_width=\"1600\" data-large_image_height=\"1200\"href='https:\/\/www.radiopiu.net\/wordpress\/wp-content\/uploads\/2024\/04\/d4bb193e-20e4-4204-9be2-b2094f82fa6a.jpg'><img loading=\"lazy\" decoding=\"async\" width=\"150\" height=\"150\" src=\"https:\/\/www.radiopiu.net\/wordpress\/wp-content\/uploads\/2024\/04\/d4bb193e-20e4-4204-9be2-b2094f82fa6a-150x150.jpg\" class=\"attachment-thumbnail size-thumbnail\" alt=\"\" \/><\/a>\n\t\t\t\t<\/dt><\/dl><dl class='gallery-item'>\n\t\t\t\t<dt class='gallery-icon landscape'>\n\t\t\t\t\t<a class=\"rollover rollover-zoom dt-pswp-item\" title=\"5ca98be9-00a4-4735-8434-601bd80ffc52\" data-dt-img-description=\"\" data-large_image_width=\"1280\" data-large_image_height=\"963\"href='https:\/\/www.radiopiu.net\/wordpress\/wp-content\/uploads\/2024\/04\/5ca98be9-00a4-4735-8434-601bd80ffc52.jpg'><img loading=\"lazy\" decoding=\"async\" width=\"150\" height=\"150\" src=\"https:\/\/www.radiopiu.net\/wordpress\/wp-content\/uploads\/2024\/04\/5ca98be9-00a4-4735-8434-601bd80ffc52-150x150.jpg\" class=\"attachment-thumbnail size-thumbnail\" alt=\"\" \/><\/a>\n\t\t\t\t<\/dt><\/dl><dl class='gallery-item'>\n\t\t\t\t<dt class='gallery-icon landscape'>\n\t\t\t\t\t<a class=\"rollover rollover-zoom dt-pswp-item\" title=\"c92a92fb-a4b2-478c-9f7e-0951659e49b0\" data-dt-img-description=\"\" data-large_image_width=\"1280\" data-large_image_height=\"577\"href='https:\/\/www.radiopiu.net\/wordpress\/wp-content\/uploads\/2024\/04\/c92a92fb-a4b2-478c-9f7e-0951659e49b0.jpg'><img loading=\"lazy\" decoding=\"async\" width=\"150\" height=\"150\" src=\"https:\/\/www.radiopiu.net\/wordpress\/wp-content\/uploads\/2024\/04\/c92a92fb-a4b2-478c-9f7e-0951659e49b0-150x150.jpg\" class=\"attachment-thumbnail size-thumbnail\" alt=\"\" \/><\/a>\n\t\t\t\t<\/dt><\/dl><dl class='gallery-item'>\n\t\t\t\t<dt class='gallery-icon portrait'>\n\t\t\t\t\t<a class=\"rollover rollover-zoom dt-pswp-item\" title=\"310fc236-1ff4-421b-8683-7cd1fd0729b2\" data-dt-img-description=\"\" data-large_image_width=\"923\" data-large_image_height=\"1104\"href='https:\/\/www.radiopiu.net\/wordpress\/wp-content\/uploads\/2024\/04\/310fc236-1ff4-421b-8683-7cd1fd0729b2.jpg'><img loading=\"lazy\" decoding=\"async\" width=\"150\" height=\"150\" src=\"https:\/\/www.radiopiu.net\/wordpress\/wp-content\/uploads\/2024\/04\/310fc236-1ff4-421b-8683-7cd1fd0729b2-150x150.jpg\" class=\"attachment-thumbnail size-thumbnail\" alt=\"\" \/><\/a>\n\t\t\t\t<\/dt><\/dl><br style=\"clear: both\" \/>\n\t\t\t<\/div>\n\n<p>&nbsp;<\/p>\n<p>&nbsp;<\/p>\n<hr \/>\n<p>&nbsp;<\/p>\n<h2><span style=\"color: #ff0000;\"><a class=\"dt-pswp-item\" href=\"https:\/\/www.radiopiu.net\/wordpress\/wp-content\/uploads\/2018\/09\/appuntamenti.jpeg\" data-dt-img-description=\"\" data-large_image_width=\"800\" data-large_image_height=\"100\"><img loading=\"lazy\" decoding=\"async\" class=\"wp-image-61958 size-full aligncenter\" src=\"https:\/\/www.radiopiu.net\/wordpress\/wp-content\/uploads\/2018\/09\/appuntamenti.jpeg\" alt=\"\" width=\"800\" height=\"100\" srcset=\"https:\/\/www.radiopiu.net\/wordpress\/wp-content\/uploads\/2018\/09\/appuntamenti.jpeg 800w, https:\/\/www.radiopiu.net\/wordpress\/wp-content\/uploads\/2018\/09\/appuntamenti-300x38.jpeg 300w, https:\/\/www.radiopiu.net\/wordpress\/wp-content\/uploads\/2018\/09\/appuntamenti-768x96.jpeg 768w\" sizes=\"auto, (max-width: 800px) 100vw, 800px\" \/><\/a><\/span><\/h2>\n<div>\n<div class=\"\" dir=\"auto\">\n<div id=\":r9h:\" class=\"x1iorvi4 x1pi30zi x1l90r2v x1swvt13\" data-ad-comet-preview=\"message\" data-ad-preview=\"message\">\n<div class=\"x78zum5 xdt5ytf xz62fqu x16ldp7u\">\n<div class=\"xu06os2 x1ok221b\">\n<p>&nbsp;<\/p>\n<h3><a class=\"dt-pswp-item\" href=\"https:\/\/www.radiopiu.net\/wordpress\/wp-content\/uploads\/2024\/04\/locandina.jpg\" data-dt-img-description=\"\" data-large_image_width=\"420\" data-large_image_height=\"600\"><img loading=\"lazy\" decoding=\"async\" class=\" wp-image-383374 alignleft\" src=\"https:\/\/www.radiopiu.net\/wordpress\/wp-content\/uploads\/2024\/04\/locandina-210x300.jpg\" alt=\"\" width=\"88\" height=\"126\" srcset=\"https:\/\/www.radiopiu.net\/wordpress\/wp-content\/uploads\/2024\/04\/locandina-210x300.jpg 210w, https:\/\/www.radiopiu.net\/wordpress\/wp-content\/uploads\/2024\/04\/locandina.jpg 420w\" sizes=\"auto, (max-width: 88px) 100vw, 88px\" \/><\/a>AL CINEMA DOLOMITI DI FALCADE ARRIVA LA PELLICOLA &#8220;UN MONDO A PARTE&#8221;, IL FILM CON ANTONIO ALBANESE E VIRGINIA RAFFAELE. VENERDI E SABATO ALLE 21, DOMENICA ALLE 15:30 E ALLE 21<\/h3>\n<p>&nbsp;<\/p>\n<div class=\"\" dir=\"auto\">\n<div class=\"\" dir=\"auto\">\n<div class=\"x1iorvi4 x1pi30zi x1l90r2v x1swvt13\" data-ad-comet-preview=\"message\" data-ad-preview=\"message\">\n<div class=\"x78zum5 xdt5ytf xz62fqu x16ldp7u\">\n<div class=\"xu06os2 x1ok221b\">\n<div class=\"xdj266r x11i5rnm xat24cr x1mh8g0r x1vvkbs x126k92a\">\n<div dir=\"auto\">UN MONDO A PARTE<\/div>\n<div dir=\"auto\">Michele Cortese \u00e8 un maestro elementare della capitale che non ne pu\u00f2 pi\u00f9 di &#8220;cercare di salvare gente che non ha intenzione di essere salvata, e ti mena pure&#8221;. Cos\u00ec chiede l&#8217;assegnazione provvisoria in un paesino di 364 anime della montagna abruzzese: scoprir\u00e0 che la tanto agognata tranquillit\u00e0 non risiede neanche qui.<\/div>\n<\/div>\n<div class=\"x11i5rnm xat24cr x1mh8g0r x1vvkbs xtlvy1s x126k92a\">\n<div dir=\"auto\">di Riccardo Milani | Commedia &#8211; 113 minuti<\/div>\n<div dir=\"auto\">con Antonio Albanese &#8211; Virginia Raffaele<\/div>\n<\/div>\n<div class=\"x11i5rnm xat24cr x1mh8g0r x1vvkbs xtlvy1s x126k92a\">\n<div dir=\"auto\"><\/div>\n<\/div>\n<\/div>\n<\/div>\n<\/div>\n<\/div>\n<\/div>\n<p><iframe loading=\"lazy\" title=\"Un mondo a parte | Trailer Ufficiale | Dal 28 marzo al cinema\" width=\"1200\" height=\"675\" src=\"https:\/\/www.youtube.com\/embed\/P5hgM2OcQh0?feature=oembed\" frameborder=\"0\" allow=\"accelerometer; autoplay; clipboard-write; encrypted-media; gyroscope; picture-in-picture; web-share\" referrerpolicy=\"strict-origin-when-cross-origin\" allowfullscreen><\/iframe><\/p>\n<p>&nbsp;<\/p>\n<p><strong>BELLUNO <\/strong>Domani alle 18:30 a Palazzo Doglioni di Belluno il secondo appuntamento della 4\u00aa edizione di &#8220;A Casa di Dino, TRA\/VERSI e TRADUZIONI&#8221;, organizzata dall&#8217;Associazione Villa Buzzati il Granaio e ideata da Mirta Amanda Barbonetti, offre una prospettiva unica su Buzzati attraverso le sue molteplici traduzioni, rendendolo uno degli autori del &#8216;900 pi\u00f9 tradotti. Lo studioso Giovanni Turra presenter\u00e0 il suo libro &#8220;Leggere Buzzati &#8211; La lingua, le lingue, le traduzioni&#8221;<\/p>\n<p><strong>BELLUNO<\/strong> Venerd\u00ec si svolger\u00e0 a Belluno la conferenza di presentazione dell\u2019ultimo romanzo storico di Sante Rossetto intitolato \u201cAssassinio nel campo di grano\u201c, edizioni Canova. L\u2019evento avr\u00e0 luogo alle 17.00 presso la sede del Circolo culturale \u201cLa Terra dei Padri\u201d in via dei Molini, 10 a Borgo Piave<\/p>\n<\/div>\n<\/div>\n<\/div>\n<\/div>\n<\/div>\n<p><strong>FALCADE <\/strong>DESPERADOS, DUE GIORNI DI FESTA CON LA QUINTA LICEO, AL PALAFALCADE. VENERDI 19 APRILE DALLE 18 APERITIVO E ALLE 20 IL BALLO LISCIO CON &#8221; \u201ci prestazione occasionale, GI\u00e0 QUELLI CHE IL LISCIO&#8221; SABATO 20 APRILE, DALLE 17 TORNEO DI BRISCOLA E CALCETTO E DALLE 21 DESPERADOS PARTY!!!! CON BASSLINE DJ, DALLA MEZZANOTTE HAPPY HALF HOUR info 3482996318<\/p>\n<p>&nbsp;<\/p>\n<h2><span style=\"color: #ff0000;\">PROSSIMAMENTE&#8230;<\/span><\/h2>\n<p>&nbsp;<\/p>\n<p>&nbsp;<\/p>\n<hr \/>\n<p>&nbsp;<\/p>\n<a href=\"https:\/\/www.radiopiu.net\/wordpress\/wp-content\/uploads\/2024\/04\/POSTER_2024-1.pdf\" class=\"pdfemb-viewer\" style=\"\" data-width=\"max\" data-height=\"max\" data-toolbar=\"top\" data-toolbar-fixed=\"on\">POSTER_2024-1<\/a>\n<p>&nbsp;<\/p>\n<hr \/>\n<p>&nbsp;<\/p>\n<blockquote class=\"wp-embedded-content\" data-secret=\"XQW9BboOmb\"><p><a href=\"https:\/\/www.radiopiu.net\/wordpress\/piu-siamo-con-marina-settimana-dal-8-al-12-aprile-2024\/\">PIU&#8217; SIAMO&#8230;.. CON MARINA. SETTIMANA DAL 8 AL 12 APRILE 2024<\/a><\/p><\/blockquote>\n<p><iframe loading=\"lazy\" class=\"wp-embedded-content\" sandbox=\"allow-scripts\" security=\"restricted\" style=\"position: absolute; clip: rect(1px, 1px, 1px, 1px);\" title=\"&#8220;PIU&#8217; SIAMO&#8230;.. CON MARINA. SETTIMANA DAL 8 AL 12 APRILE 2024&#8221; &#8212; Radio Pi\u00f9\" src=\"https:\/\/www.radiopiu.net\/wordpress\/piu-siamo-con-marina-settimana-dal-8-al-12-aprile-2024\/embed\/#?secret=l6x5T8MGjg#?secret=XQW9BboOmb\" data-secret=\"XQW9BboOmb\" width=\"600\" height=\"338\" frameborder=\"0\" marginwidth=\"0\" marginheight=\"0\" scrolling=\"no\"><\/iframe><\/p>\n<p>&nbsp;<\/p>\n<hr \/>\n<p>&nbsp;<\/p>\n<p><a class=\"dt-pswp-item\" href=\"https:\/\/www.radiopiu.net\/wordpress\/wp-content\/uploads\/2018\/09\/viabilita.jpeg\" data-dt-img-description=\"\" data-large_image_width=\"800\" data-large_image_height=\"100\"><img loading=\"lazy\" decoding=\"async\" class=\"aligncenter wp-image-61954 size-full\" src=\"https:\/\/www.radiopiu.net\/wordpress\/wp-content\/uploads\/2018\/09\/viabilita.jpeg\" alt=\"\" width=\"800\" height=\"100\" srcset=\"https:\/\/www.radiopiu.net\/wordpress\/wp-content\/uploads\/2018\/09\/viabilita.jpeg 800w, https:\/\/www.radiopiu.net\/wordpress\/wp-content\/uploads\/2018\/09\/viabilita-300x38.jpeg 300w, https:\/\/www.radiopiu.net\/wordpress\/wp-content\/uploads\/2018\/09\/viabilita-768x96.jpeg 768w\" sizes=\"auto, (max-width: 800px) 100vw, 800px\" \/><\/a><\/p>\n<p>&nbsp;<\/p>\n<p><a class=\"dt-pswp-item\" href=\"https:\/\/www.radiopiu.net\/wordpress\/wp-content\/uploads\/2023\/12\/botol-car-service.jpg\" data-dt-img-description=\"\" data-large_image_width=\"600\" data-large_image_height=\"600\"><img loading=\"lazy\" decoding=\"async\" class=\"size-medium wp-image-367044 aligncenter\" src=\"https:\/\/www.radiopiu.net\/wordpress\/wp-content\/uploads\/2023\/12\/botol-car-service-300x300.jpg\" alt=\"\" width=\"300\" height=\"300\" srcset=\"https:\/\/www.radiopiu.net\/wordpress\/wp-content\/uploads\/2023\/12\/botol-car-service-300x300.jpg 300w, https:\/\/www.radiopiu.net\/wordpress\/wp-content\/uploads\/2023\/12\/botol-car-service-150x150.jpg 150w, https:\/\/www.radiopiu.net\/wordpress\/wp-content\/uploads\/2023\/12\/botol-car-service.jpg 600w\" sizes=\"auto, (max-width: 300px) 100vw, 300px\" \/><\/a><\/p>\n<p>&nbsp;<\/p>\n<p>&nbsp;<\/p>\n<h1>BOLLETTINO QUOTIDIANO, CLICCA QUI<\/h1>\n<blockquote class=\"wp-embedded-content\" data-secret=\"4MHJg06JyY\"><p><a href=\"https:\/\/www.radiopiu.net\/wordpress\/viabilita\/\">viabilita<\/a><\/p><\/blockquote>\n<p><iframe loading=\"lazy\" class=\"wp-embedded-content\" sandbox=\"allow-scripts\" security=\"restricted\" style=\"position: absolute; clip: rect(1px, 1px, 1px, 1px);\" title=\"&#8220;viabilita&#8221; &#8212; Radio Pi\u00f9\" src=\"https:\/\/www.radiopiu.net\/wordpress\/viabilita\/embed\/#?secret=GcZtJXw5m0#?secret=4MHJg06JyY\" data-secret=\"4MHJg06JyY\" width=\"600\" height=\"338\" frameborder=\"0\" marginwidth=\"0\" marginheight=\"0\" scrolling=\"no\"><\/iframe><\/p>\n<p>&nbsp;<\/p>\n<p>&nbsp;<\/p>\n<p>&nbsp;<\/p>\n<hr \/>\n<p>&nbsp;<\/p>\n<p><a class=\"dt-pswp-item\" href=\"https:\/\/www.radiopiu.net\/wordpress\/wp-content\/uploads\/2018\/09\/WhatsApp-Image-2018-09-20-at-16.04.06.jpeg\" data-dt-img-description=\"\" data-large_image_width=\"800\" data-large_image_height=\"100\"><img loading=\"lazy\" decoding=\"async\" class=\"wp-image-61378 size-full aligncenter\" src=\"https:\/\/www.radiopiu.net\/wordpress\/wp-content\/uploads\/2018\/09\/WhatsApp-Image-2018-09-20-at-16.04.06.jpeg\" alt=\"\" width=\"800\" height=\"100\" srcset=\"https:\/\/www.radiopiu.net\/wordpress\/wp-content\/uploads\/2018\/09\/WhatsApp-Image-2018-09-20-at-16.04.06.jpeg 800w, https:\/\/www.radiopiu.net\/wordpress\/wp-content\/uploads\/2018\/09\/WhatsApp-Image-2018-09-20-at-16.04.06-300x38.jpeg 300w, https:\/\/www.radiopiu.net\/wordpress\/wp-content\/uploads\/2018\/09\/WhatsApp-Image-2018-09-20-at-16.04.06-768x96.jpeg 768w\" sizes=\"auto, (max-width: 800px) 100vw, 800px\" \/><\/a><\/p>\n<p><center><\/center><center><\/center><center><\/center><center><\/center><center><\/center><center><\/center>&nbsp;<\/p>\n<p><center><b>OGGI<\/b><\/center>Cielo all&#8217;inizio da poco a parzialmente nuvoloso, poi irregolarmente nuvoloso.<br \/>\n<b>Precipitazioni: <\/b>Probabili fenomeni sparsi pi\u00f9 che altro nel pomeriggio sulle Dolomiti, in genere di modesta entit\u00e0 a parte possibili locali rovesci<br \/>\n<b>Temperature: <\/b>Rispetto a domenica, distribuzione irregolare delle variazioni riguardo alle minime e diminuzioni delle massime pi\u00f9 sensibili in quota sulle Dolomiti<\/p>\n<hr \/>\n<p><center><b>DOMANI<\/b><\/center>Tempo instabile, con fasi di schiarita alternate a vari addensamenti nuvolosi.<br \/>\n<b>Precipitazioni: <\/b>Fenomeni sparsi, a tratti piuttosto diffusi sulle Dolomiti orientali e soprattutto sulle Prealpi, ove pi\u00f9 facilmente sono attesi rovesci o temporali; limite delle nevicate in abbassamento fino a quote dell&#8217;ordine dei 1500 m, o localmente un po&#8217; pi\u00f9 basse.<br \/>\n<b>Temperature: <\/b>In calo, pi\u00f9 sensibile riguardo i valori minimi, questi ultimi raggiunti a tarda sera<\/p>\n<hr \/>\n<p><center><b>MERCOLEDI<\/b><\/center>Cielo spesso nuvoloso, seppur con qualche fase di schiarita; probabile a tratti qualche precipitazione, generalmente leggera salvo locali rovesci sulle Prealpi, nevosa da 1200-1500 m circa; temperature in ulteriore discreto calo.<\/p>\n<hr \/>\n<p><center><b>GIOVEDI<\/b><\/center>Tempo variabile o a tratti localmente instabile, con addensamenti nuvolosi alternati a fasi di schiarita; probabile a tratti qualche precipitazione, generalmente leggera salvo locali rovesci sulle Prealpi, nevosa da 1200-1500 m circa; temperature minime in contenuto calo, massime senza notevoli variazioni<\/p>\n<p>&nbsp;<\/p>\n<hr \/>\n<p>&nbsp;<\/p>\n<a href=\"https:\/\/www.radiopiu.net\/wordpress\/wp-content\/uploads\/2024\/04\/INVITO-INFINITY-BARDIN-1.pdf\" class=\"pdfemb-viewer\" style=\"\" data-width=\"max\" data-height=\"max\" data-toolbar=\"top\" data-toolbar-fixed=\"on\">INVITO INFINITY BARDIN-1<\/a>\n<p>&nbsp;<\/p>\n<hr \/>\n<p>&nbsp;<\/p>\n<p><img loading=\"lazy\" decoding=\"async\" class=\"wp-image-60761 size-full aligncenter\" src=\"https:\/\/www.radiopiu.net\/wordpress\/wp-content\/uploads\/2018\/09\/sport.jpg\" alt=\"\" width=\"800\" height=\"100\" srcset=\"https:\/\/www.radiopiu.net\/wordpress\/wp-content\/uploads\/2018\/09\/sport.jpg 800w, https:\/\/www.radiopiu.net\/wordpress\/wp-content\/uploads\/2018\/09\/sport-300x38.jpg 300w, https:\/\/www.radiopiu.net\/wordpress\/wp-content\/uploads\/2018\/09\/sport-768x96.jpg 768w\" sizes=\"auto, (max-width: 800px) 100vw, 800px\" \/><\/p>\n<p>&nbsp;<\/p>\n<p><strong><span style=\"color: #0000ff;\">CALCIO<\/span><\/strong><\/p>\n<blockquote>\n<h3>L&#8217;AGORDINA SUPERA LA CAPOLISTA, IL PIAVE SI ARRENDE ALL&#8217;ALPES CESIO<\/h3>\n<\/blockquote>\n<p><strong><a class=\"dt-pswp-item\" href=\"https:\/\/www.radiopiu.net\/wordpress\/wp-content\/uploads\/2023\/02\/CALCIO-PALLONE.png\" data-dt-img-description=\"\" data-large_image_width=\"769\" data-large_image_height=\"495\"><img loading=\"lazy\" decoding=\"async\" class=\" wp-image-322076 alignleft\" src=\"https:\/\/www.radiopiu.net\/wordpress\/wp-content\/uploads\/2023\/02\/CALCIO-PALLONE-300x193.png\" alt=\"\" width=\"202\" height=\"130\" srcset=\"https:\/\/www.radiopiu.net\/wordpress\/wp-content\/uploads\/2023\/02\/CALCIO-PALLONE-300x193.png 300w, https:\/\/www.radiopiu.net\/wordpress\/wp-content\/uploads\/2023\/02\/CALCIO-PALLONE.png 769w\" sizes=\"auto, (max-width: 202px) 100vw, 202px\" \/><\/a>DI MARCO GAZ<\/strong><\/p>\n<p><span style=\"color: #ff0000;\"><strong>TERZA CATEGORIA<\/strong><\/span><\/p>\n<p><strong>AGORDINA \u2013 GEMELLE 2-1<\/strong><\/p>\n<p>GOL AGORDINA: Morazio, Selle<\/p>\n<p>Terzo risultato utile consecutivo per l\u2019Agordina di Elvio Chiea che vince e convince contro il Gemelle primo della classe. La squadra di Agordo rimane in corsa per i playoff di Terza Categoria e a 5 partite dal termine dista solo a 5 lunghezze dalla quinta posizione. Una prova eccellente per gli agordini che passano subito in vantaggio. Al 5\u2019 Morazio sblocca il punteggio su azione da calcio d\u2019angolo. Il Gemelle risponde al 28\u2019 con un siluro che va ad insaccarsi sotto l\u2019incrocio. Le squadre lottano ma si va al risposo con un gol a testa. La seconda frazione viene inaugurata dal gol di Selle che su un batti e ribatti trova il tapin vincente per portare in vantaggio l\u2019Agordina. Squadra di Agordo che gestisce la partita e Gemelle che si avvina alla porta una sola volta. Tre punti fondamentali per il proseguo della stagione dell\u2019Agordina che ora deve incamerare punti su punti per sperare in una qualificazione alla fase finale del torneo.<\/p>\n<p><strong>PIAVE ALPES CESIO 1-3<\/strong><\/p>\n<p>Il Piave perde e la zona playoff rimane un miraggio. La squadra di Belluno non riesce a fare punti con l\u2019Apes Cesio. Padroni di casa che vanno sotto, poi pareggiano i conti. Ospiti che ingranano la marcia giusta e riescono a fare bottino pieno mettendo a segno altre due maracature.<\/p>\n<p><strong>LA CLASSIFICA DELLA TERZA CATEGORIA:<\/strong> Gemelle 45, Domegge 39, San Vittore 37, Auronzo 36, Fortogna\u00a0 34, Alpes Cesio 33, Dynamo Vellai e Valzoldana 30, Agordina 29, Piave 21, Tambre 19, Cortina 17, Lamonese 13, Cadore 6<\/p>\n<p><span style=\"color: #008000;\"><strong>GIOVANILI AGORDINA<\/strong><\/span><\/p>\n<p><span style=\"color: #ff0000;\"><strong>JUNIORES<\/strong><\/span><\/p>\n<p><strong>PARE\u2019 \u2013 AGORDINA 5-3<\/strong><\/p>\n<p>GOL AGORDINA: 2 Ronchi, Tafallari<\/p>\n<p>La trasferta a Conegliano segna la conclusione della stagione per la Juniores, gi\u00e0 proiettata verso le vacanze dopo aver garantito il terzo posto in classifica. Roni firma la doppietta e Tafallari sigla la terza rete degli agordini, contribuendo alla vittoria degli agordini. Un&#8217;annata densa di soddisfazioni si chiude cos\u00ec con un meritato posto sul podio, un traguardo conquistato con impegno e determinazione sotto la guida di De Zaiacomo.<\/p>\n<p><span style=\"color: #ff0000;\"><strong>ALLIEVI <\/strong><\/span><\/p>\n<p><strong>AGORDINA \u2013 LONGARONEALPINA RINVIATA<\/strong><\/p>\n<p><span style=\"color: #ff0000;\"><strong>GIOVANISSIMI<\/strong><\/span><\/p>\n<p><strong>AGORDINA sq.A \u2013 DYNAMO VELLAI 0-0<\/strong><\/p>\n<p>Reti bianche nella sfida tra Agordina e Dynamo Vellai. Un punto a testa e nessuna marcatura da segnalare. La squadra A dei giovanissimi di Agordo \u00e8 terza in classifica con ancora 3 partite da giocare<\/p>\n<p><strong>PEDAVENA \u2013 AGORDINA sq. B 7-0<\/strong><\/p>\n<p>Match da dimenticare in fretta per la squadra B dei giovanissimi dell\u2019Agordina che tornano dalla trasferta in terra feltrina con 7 reti sul groppone. Il Pedavena fa la voce grossa e conquista 3 punti con facilit\u00e0.<\/p>\n<p>&nbsp;<\/p>\n<p><span style=\"color: #0000ff;\"><strong>HOCKEY SU GHIACCIO<\/strong><\/span><\/p>\n<blockquote>\n<h3>L&#8217;ALLEGHE HOCKEY SALUTA NIKOLAI ZHERDEV<\/h3>\n<\/blockquote>\n<p><strong>DI ROBERTO MIANA, PORTAVOCE DELL&#8217;ALLEGHE HOCKEY<\/strong><\/p>\n<p>L\u2019Alleghe Hockey comunica che Nikolai Zherdev, nella prossima stagione, non vestir\u00e0 pi\u00f9 la maglia delle Civette. La Societ\u00e0 ringrazia di cuore Nikolai per l\u2019impegno profuso alla causa biancorossa, nonch\u00e9 la professionalit\u00e0 e seriet\u00e0 dimostrate in questa stagione in riva al lago, nella quale in 35 gare disputate ha messo a referto 48 punti, suddivisi in 21 gol e 27 assist. Senza dimenticare la grande visibilit\u00e0 mediatica creata dal suo arrivo sotto al Civetta, che ha contribuito a riavvicinare molti tifosi alla squadra, riaccendendo un entusiasmo che da anni non si vedeva al \u201cDe Toni\u201d. La Societ\u00e0 Alleghe Hockey augura a Nikolai le migliori fortune per il futuro.<\/p>\n\n\t\t\t<style type='text\/css'>\n\t\t\t\t#gallery-11 {\n\t\t\t\t\tmargin: auto;\n\t\t\t\t}\n\t\t\t\t#gallery-11 .gallery-item {\n\t\t\t\t\tfloat: left;\n\t\t\t\t\tmargin-top: 10px;\n\t\t\t\t\ttext-align: center;\n\t\t\t\t\twidth: 50%;\n\t\t\t\t}\n\t\t\t\t#gallery-11 img {\n\t\t\t\t\tborder: 2px solid #cfcfcf;\n\t\t\t\t}\n\t\t\t\t#gallery-11 .gallery-caption {\n\t\t\t\t\tmargin-left: 0;\n\t\t\t\t}\n\t\t\t\t\/* see gallery_shortcode() in wp-includes\/media.php *\/\n\t\t\t<\/style>\n\t\t<div id='gallery-11' class='dt-gallery-container gallery galleryid-385219 gallery-columns-2 gallery-size-medium'><dl class='gallery-item'>\n\t\t\t\t<dt class='gallery-icon landscape'>\n\t\t\t\t\t<a class=\"rollover rollover-zoom dt-pswp-item\" title=\"ab47cea9-95df-4788-8b65-7d3d8e669155\" data-dt-img-description=\"\" data-large_image_width=\"1600\" data-large_image_height=\"1064\"href='https:\/\/www.radiopiu.net\/wordpress\/wp-content\/uploads\/2024\/04\/ab47cea9-95df-4788-8b65-7d3d8e669155.jpg'><img loading=\"lazy\" decoding=\"async\" width=\"300\" height=\"200\" src=\"https:\/\/www.radiopiu.net\/wordpress\/wp-content\/uploads\/2024\/04\/ab47cea9-95df-4788-8b65-7d3d8e669155-300x200.jpg\" class=\"attachment-medium size-medium\" alt=\"\" srcset=\"https:\/\/www.radiopiu.net\/wordpress\/wp-content\/uploads\/2024\/04\/ab47cea9-95df-4788-8b65-7d3d8e669155-300x200.jpg 300w, https:\/\/www.radiopiu.net\/wordpress\/wp-content\/uploads\/2024\/04\/ab47cea9-95df-4788-8b65-7d3d8e669155-1024x681.jpg 1024w, https:\/\/www.radiopiu.net\/wordpress\/wp-content\/uploads\/2024\/04\/ab47cea9-95df-4788-8b65-7d3d8e669155-768x511.jpg 768w, https:\/\/www.radiopiu.net\/wordpress\/wp-content\/uploads\/2024\/04\/ab47cea9-95df-4788-8b65-7d3d8e669155-1536x1021.jpg 1536w, https:\/\/www.radiopiu.net\/wordpress\/wp-content\/uploads\/2024\/04\/ab47cea9-95df-4788-8b65-7d3d8e669155.jpg 1600w\" sizes=\"auto, (max-width: 300px) 100vw, 300px\" \/><\/a>\n\t\t\t\t<\/dt><\/dl><dl class='gallery-item'>\n\t\t\t\t<dt class='gallery-icon landscape'>\n\t\t\t\t\t<a class=\"rollover rollover-zoom dt-pswp-item\" title=\"f5c8e4cc-e92c-4550-ad9d-d913a18bdb7d\" data-dt-img-description=\"\" data-large_image_width=\"1600\" data-large_image_height=\"1064\"href='https:\/\/www.radiopiu.net\/wordpress\/wp-content\/uploads\/2024\/04\/f5c8e4cc-e92c-4550-ad9d-d913a18bdb7d.jpg'><img loading=\"lazy\" decoding=\"async\" width=\"300\" height=\"200\" src=\"https:\/\/www.radiopiu.net\/wordpress\/wp-content\/uploads\/2024\/04\/f5c8e4cc-e92c-4550-ad9d-d913a18bdb7d-300x200.jpg\" class=\"attachment-medium size-medium\" alt=\"\" srcset=\"https:\/\/www.radiopiu.net\/wordpress\/wp-content\/uploads\/2024\/04\/f5c8e4cc-e92c-4550-ad9d-d913a18bdb7d-300x200.jpg 300w, https:\/\/www.radiopiu.net\/wordpress\/wp-content\/uploads\/2024\/04\/f5c8e4cc-e92c-4550-ad9d-d913a18bdb7d-1024x681.jpg 1024w, https:\/\/www.radiopiu.net\/wordpress\/wp-content\/uploads\/2024\/04\/f5c8e4cc-e92c-4550-ad9d-d913a18bdb7d-768x511.jpg 768w, https:\/\/www.radiopiu.net\/wordpress\/wp-content\/uploads\/2024\/04\/f5c8e4cc-e92c-4550-ad9d-d913a18bdb7d-1536x1021.jpg 1536w, https:\/\/www.radiopiu.net\/wordpress\/wp-content\/uploads\/2024\/04\/f5c8e4cc-e92c-4550-ad9d-d913a18bdb7d.jpg 1600w\" sizes=\"auto, (max-width: 300px) 100vw, 300px\" \/><\/a>\n\t\t\t\t<\/dt><\/dl><br style=\"clear: both\" \/>\n\t\t\t<\/div>\n\n<p>&nbsp;<\/p>\n<p><span style=\"color: #0000ff;\"><strong>SCI NORDICO<\/strong><\/span><\/p>\n<blockquote>\n<h3>GRANDE PROVA DI LORENZO BUSIN IN NORVEGIA. PRIMO DEGLI ITALIANI AL TRAGUARDO<\/h3>\n<\/blockquote>\n<p><strong><a class=\"dt-pswp-item\" href=\"https:\/\/www.radiopiu.net\/wordpress\/wp-content\/uploads\/2022\/01\/LORENZO-BUSIN-2022.png\" data-dt-img-description=\"\" data-large_image_width=\"1488\" data-large_image_height=\"1090\"><img loading=\"lazy\" decoding=\"async\" class=\" wp-image-255677 alignleft\" src=\"https:\/\/www.radiopiu.net\/wordpress\/wp-content\/uploads\/2022\/01\/LORENZO-BUSIN-2022-300x220.png\" alt=\"\" width=\"136\" height=\"100\" srcset=\"https:\/\/www.radiopiu.net\/wordpress\/wp-content\/uploads\/2022\/01\/LORENZO-BUSIN-2022-300x220.png 300w, https:\/\/www.radiopiu.net\/wordpress\/wp-content\/uploads\/2022\/01\/LORENZO-BUSIN-2022-1024x750.png 1024w, https:\/\/www.radiopiu.net\/wordpress\/wp-content\/uploads\/2022\/01\/LORENZO-BUSIN-2022-768x563.png 768w, https:\/\/www.radiopiu.net\/wordpress\/wp-content\/uploads\/2022\/01\/LORENZO-BUSIN-2022.png 1488w\" sizes=\"auto, (max-width: 136px) 100vw, 136px\" \/><\/a>REDAZIONE<\/strong> Nel Gran Finale della Skiclassics a Hafjell, Norvegia, Lorenzo Busin ha dato prova di grande carattere, piazzandosi al 15\u00ba posto su una distanza di 100 km. La sua performance \u00e8 stata ancora pi\u00f9 straordinaria poich\u00e9 \u00e8 stato il primo italiano a tagliare il traguardo, superando numerosi atleti di fama internazionale. Un risultato che conferma il suo talento e impegno nell&#8217;affrontare le sfide pi\u00f9 ardue sulle piste da sci di fondo.<\/p>\n<p>&nbsp;<\/p>\n<hr \/>\n<p><span style=\"color: #0000ff;\"><strong>\u00a0<\/strong><\/span><\/p>\n<p><span style=\"color: #0000ff;\"><strong>PALLAVOLO\u00a0<\/strong><\/span><\/p>\n<blockquote>\n<h3>BELLUNO AI QUARTI, S&#8217;ARRENDE PALMI<\/h3>\n<p>BELLUNO PALMI 3-1<\/p><\/blockquote>\n<p><strong>BELLUNO<\/strong> Spes Arena in festa il Belluno vince e trova la giusta strada per le semifinali playoff. Ora l&#8217;attenzione si sposta sul ritorno in Calabria, domenica 21 aprile<\/p>\n<p>&nbsp;<\/p>\n<hr \/>\n<blockquote>\n<h3><\/h3>\n<h3>LA PALLAVOLO FEMMINILE DI SERIE D CROLLA CON LA CAPOLISTA<\/h3>\n<\/blockquote>\n<p><span style=\"color: #ff0000;\"><strong><a class=\"dt-pswp-item\" href=\"https:\/\/www.radiopiu.net\/wordpress\/wp-content\/uploads\/2024\/04\/Un_timeout_di_coach_Pezzei.jpg\" data-dt-img-description=\"\" data-large_image_width=\"1847\" data-large_image_height=\"1231\"><img loading=\"lazy\" decoding=\"async\" class=\" wp-image-385522 alignleft\" src=\"https:\/\/www.radiopiu.net\/wordpress\/wp-content\/uploads\/2024\/04\/Un_timeout_di_coach_Pezzei-300x200.jpg\" alt=\"\" width=\"204\" height=\"136\" srcset=\"https:\/\/www.radiopiu.net\/wordpress\/wp-content\/uploads\/2024\/04\/Un_timeout_di_coach_Pezzei-300x200.jpg 300w, https:\/\/www.radiopiu.net\/wordpress\/wp-content\/uploads\/2024\/04\/Un_timeout_di_coach_Pezzei-1024x682.jpg 1024w, https:\/\/www.radiopiu.net\/wordpress\/wp-content\/uploads\/2024\/04\/Un_timeout_di_coach_Pezzei-768x512.jpg 768w, https:\/\/www.radiopiu.net\/wordpress\/wp-content\/uploads\/2024\/04\/Un_timeout_di_coach_Pezzei-1536x1024.jpg 1536w, https:\/\/www.radiopiu.net\/wordpress\/wp-content\/uploads\/2024\/04\/Un_timeout_di_coach_Pezzei.jpg 1847w\" sizes=\"auto, (max-width: 204px) 100vw, 204px\" \/><\/a>SERIE D<\/strong><\/span><\/p>\n<p><b>HOMECLICK SB VOLLEY-LASERWELD GRUMOLO 1-3 (<\/b><strong>25-23, 18-25, 14-25, 13-25)<\/strong><\/p>\n<p>L\u2019approccio alla gara \u00e8 semplicemente impeccabile. Ma, alla lunga, la capolista prende le misure alla SB Volley e si impone in quattro set nella palestra di Mur di Cadola. Anche se la Homeclick di serie D esce tra gli applausi: nonostante la sconfitta. E l\u2019impossibilit\u00e0, sancita pure dall\u2019aritmetica, di agguantare la zona salvezza.<span class=\"gmail-Apple-converted-space\"> \u00a0<\/span>In ogni caso, il gruppo di coach Diego Pezzei non si \u00e8 mai risparmiato. E, se esistesse una graduatoria in termini di impegno e abnegazione, occuperebbe senza ombra di dubbio le zone di vertice.<span class=\"gmail-Apple-converted-space\">\u00a0<\/span><\/p>\n<p>&nbsp;<\/p>\n<blockquote>\n<h3>VOLLEY CLUB AGORDINO: MALE LA PRIMA DIVISIONE, VITTORIE PER LE GIOVANILI<\/h3>\n<\/blockquote>\n<p><strong><a class=\"dt-pswp-item\" href=\"https:\/\/www.radiopiu.net\/wordpress\/wp-content\/uploads\/2022\/04\/VOLLEY-CLUB-AGORDINO.jpg\" data-dt-img-description=\"\" data-large_image_width=\"500\" data-large_image_height=\"512\"><img loading=\"lazy\" decoding=\"async\" class=\" wp-image-268787 alignleft\" src=\"https:\/\/www.radiopiu.net\/wordpress\/wp-content\/uploads\/2022\/04\/VOLLEY-CLUB-AGORDINO-293x300.jpg\" alt=\"\" width=\"142\" height=\"146\" srcset=\"https:\/\/www.radiopiu.net\/wordpress\/wp-content\/uploads\/2022\/04\/VOLLEY-CLUB-AGORDINO-293x300.jpg 293w, https:\/\/www.radiopiu.net\/wordpress\/wp-content\/uploads\/2022\/04\/VOLLEY-CLUB-AGORDINO.jpg 500w\" sizes=\"auto, (max-width: 142px) 100vw, 142px\" \/><\/a>DI MARCO GAZ<\/strong><\/p>\n<p><span style=\"color: #ff0000;\"><strong>PRIMA DIVISIONE<\/strong><\/span><\/p>\n<p><strong>VOLLEY CLUB AGORDINO \u2013 ISTRANA 0-3 (14-25, 15-25, 17-25)<\/strong><\/p>\n<p>Continua il periodo nero del Volley Club Agordino che in questo 2024 non ha mai vinto una partita in Prima Divisione. La squadra di De Nardin crolla in casa con Istrana e rimane in fondo alla graduatoria del torneo. Tre set in fotocopia per le trevigiane che espugnano il Palarova di Agordo con facilit\u00e0.<\/p>\n<p><span style=\"color: #ff0000;\"><strong>TERZA DIVISIONE UNDER 16<\/strong><\/span><\/p>\n<p><strong>BELLUNO \u2013 VOLLEY CLUB AGORDINO 1-3 (22-25, 17-25, 25-20, 22-25)<\/strong><\/p>\n<p>Torna a vincere l\u2019under 16 del Volley Club Agordino. Tre punti importanti per le agordine che battono il Belluno in 4 set. Dopo aver vinto i primi due parziali, le padrone di casa riaprono la partita ma la compagnie di Agordo chiude la sfida subito dopo.<\/p>\n<p><span style=\"color: #ff0000;\"><strong>UNDER 14 <\/strong><\/span><\/p>\n<p><strong>VOLLEY CLUB AGORDINO \u2013 SPES BELLUNO 3-0 (25-17, 25-19, 25-23)<\/strong><\/p>\n<p>In tre set il Volley Club Agordino under 14 archivia la pratica Spes Belluno. Bella prestazione delle giovani agordine che mettono in pratica gli insegnamenti acquisiti per battere le ragazze della Valbelluna. Primi due parziali in fotocopia e terza frazione pi\u00f9 combattuta ma sempre portata a casa dalle ragazze di Agordo.<\/p>\n<p>&nbsp;<\/p>\n<p><span style=\"color: #0000ff;\"><strong>CORSA IN MONTAGNA<\/strong><\/span><\/p>\n<blockquote>\n<h3>SIRBU E SCAINI FIRMANO LA TERZA EDIZIONE DELLA SANTISSIMA<\/h3>\n<\/blockquote>\n<p><strong>LIMANA<\/strong> Nelle Prealpi Bellunesi la &#8220;Santissima&#8221; ha attirato atleti in una gara di corsa in montagna tra Limana e Valpiana, sulle tracce di Dino Buzzati. Oltre 400 partecipanti hanno affrontato distanze dai 1400 ai 4000 metri. Mihail Sirbu del Gs Quantin ha dominato la gara assoluta, seguito da Emilio Perco e Roberto Fregona. Tra le donne, Alessia Scaini ha vinto di poco su Lucia Arnoldo, mentre Chiara Pedol ha completato il podio. La gara \u00e8 stata valida per il Campionato Triveneto e Veneto di societ\u00e0, oltre che per il Grand Prix Giovani.<\/p>\n\n\t\t\t<style type='text\/css'>\n\t\t\t\t#gallery-12 {\n\t\t\t\t\tmargin: auto;\n\t\t\t\t}\n\t\t\t\t#gallery-12 .gallery-item {\n\t\t\t\t\tfloat: left;\n\t\t\t\t\tmargin-top: 10px;\n\t\t\t\t\ttext-align: center;\n\t\t\t\t\twidth: 50%;\n\t\t\t\t}\n\t\t\t\t#gallery-12 img {\n\t\t\t\t\tborder: 2px solid #cfcfcf;\n\t\t\t\t}\n\t\t\t\t#gallery-12 .gallery-caption {\n\t\t\t\t\tmargin-left: 0;\n\t\t\t\t}\n\t\t\t\t\/* see gallery_shortcode() in wp-includes\/media.php *\/\n\t\t\t<\/style>\n\t\t<div id='gallery-12' class='dt-gallery-container gallery galleryid-385219 gallery-columns-2 gallery-size-medium'><dl class='gallery-item'>\n\t\t\t\t<dt class='gallery-icon landscape'>\n\t\t\t\t\t<a class=\"rollover rollover-zoom dt-pswp-item\" title=\"@maxfiabane_SANTISSIMA 2024_ podio assoluto uomini\" data-dt-img-description=\"\" data-large_image_width=\"1390\" data-large_image_height=\"1078\"href='https:\/\/www.radiopiu.net\/wordpress\/wp-content\/uploads\/2024\/04\/@maxfiabane_SANTISSIMA-2024_-podio-assoluto-uomini.jpeg'><img loading=\"lazy\" decoding=\"async\" width=\"300\" height=\"233\" src=\"https:\/\/www.radiopiu.net\/wordpress\/wp-content\/uploads\/2024\/04\/@maxfiabane_SANTISSIMA-2024_-podio-assoluto-uomini-300x233.jpeg\" class=\"attachment-medium size-medium\" alt=\"\" srcset=\"https:\/\/www.radiopiu.net\/wordpress\/wp-content\/uploads\/2024\/04\/@maxfiabane_SANTISSIMA-2024_-podio-assoluto-uomini-300x233.jpeg 300w, https:\/\/www.radiopiu.net\/wordpress\/wp-content\/uploads\/2024\/04\/@maxfiabane_SANTISSIMA-2024_-podio-assoluto-uomini-1024x794.jpeg 1024w, https:\/\/www.radiopiu.net\/wordpress\/wp-content\/uploads\/2024\/04\/@maxfiabane_SANTISSIMA-2024_-podio-assoluto-uomini-768x596.jpeg 768w, https:\/\/www.radiopiu.net\/wordpress\/wp-content\/uploads\/2024\/04\/@maxfiabane_SANTISSIMA-2024_-podio-assoluto-uomini.jpeg 1390w\" sizes=\"auto, (max-width: 300px) 100vw, 300px\" \/><\/a>\n\t\t\t\t<\/dt><\/dl><dl class='gallery-item'>\n\t\t\t\t<dt class='gallery-icon landscape'>\n\t\t\t\t\t<a class=\"rollover rollover-zoom dt-pswp-item\" title=\"@maxfiabane_SANTISSIMA 2024_ podio assoluto donne\" data-dt-img-description=\"\" data-large_image_width=\"1503\" data-large_image_height=\"1078\"href='https:\/\/www.radiopiu.net\/wordpress\/wp-content\/uploads\/2024\/04\/@maxfiabane_SANTISSIMA-2024_-podio-assoluto-donne.jpeg'><img loading=\"lazy\" decoding=\"async\" width=\"300\" height=\"215\" src=\"https:\/\/www.radiopiu.net\/wordpress\/wp-content\/uploads\/2024\/04\/@maxfiabane_SANTISSIMA-2024_-podio-assoluto-donne-300x215.jpeg\" class=\"attachment-medium size-medium\" alt=\"\" srcset=\"https:\/\/www.radiopiu.net\/wordpress\/wp-content\/uploads\/2024\/04\/@maxfiabane_SANTISSIMA-2024_-podio-assoluto-donne-300x215.jpeg 300w, https:\/\/www.radiopiu.net\/wordpress\/wp-content\/uploads\/2024\/04\/@maxfiabane_SANTISSIMA-2024_-podio-assoluto-donne-1024x734.jpeg 1024w, https:\/\/www.radiopiu.net\/wordpress\/wp-content\/uploads\/2024\/04\/@maxfiabane_SANTISSIMA-2024_-podio-assoluto-donne-768x551.jpeg 768w, https:\/\/www.radiopiu.net\/wordpress\/wp-content\/uploads\/2024\/04\/@maxfiabane_SANTISSIMA-2024_-podio-assoluto-donne.jpeg 1503w\" sizes=\"auto, (max-width: 300px) 100vw, 300px\" \/><\/a>\n\t\t\t\t<\/dt><\/dl><br style=\"clear: both\" \/>\n\t\t\t<\/div>\n\n<p>&nbsp;<\/p>\n<hr \/>\n<p>&nbsp;<\/p>\n<p>&nbsp;<\/p>\n<p>&nbsp;<\/p>\n<hr \/>\n<p style=\"font-weight: 400;\">\n","protected":false},"excerpt":{"rendered":"<p>******* &nbsp; PER RICEVERE QUESTO NOTIZIARIO DIRETTAMENTE SUL TUO CELLULARE ISCRIVITI AL CANALE TELEGRAM \u201cRADIO PIU\u00a0 INFORMAZIONE&#8221;\u00a0 \u00a0il CANALE TELEGRAM&#8230; UNISCITI A: RADIO PIU INFORMAZIONE &nbsp; &nbsp; ATTENZIONE: LA NUOVA APP PER IOS-IPHONE di Nicola Vettorello https:\/\/apps.apple.com\/it\/app\/radio-pi%C3%B9-emittente-agordina\/id1515939845 ATTENZIONE: LA NUOVA APP RADIO\u00a0 PER ANDROID di Nicola Vettorello https:\/\/play.google.com\/store\/apps\/details?id=net.radiopiu.iniko\u00a0\u00a0 &nbsp; &nbsp; SUL PASSO GIAU E&#8217; ESTATE&#8230;21&hellip;<\/p>\n","protected":false},"author":4,"featured_media":385713,"comment_status":"closed","ping_status":"closed","sticky":false,"template":"","format":"standard","meta":{"_monsterinsights_skip_tracking":false,"_monsterinsights_sitenote_active":false,"_monsterinsights_sitenote_note":"","_monsterinsights_sitenote_category":0,"footnotes":""},"categories":[51,86,49],"tags":[],"class_list":["post-385219","post","type-post","status-publish","format-standard","has-post-thumbnail","hentry","category-evidenza-top","category-gr","category-news-18","category-51","category-86","category-49","description-off"],"img_url":"https:\/\/www.radiopiu.net\/wordpress\/wp-content\/uploads\/2024\/04\/8db3d1ea-bae2-41bf-961d-c92a8a4c60da.jpg","_links":{"self":[{"href":"https:\/\/www.radiopiu.net\/wordpress\/wp-json\/wp\/v2\/posts\/385219","targetHints":{"allow":["GET"]}}],"collection":[{"href":"https:\/\/www.radiopiu.net\/wordpress\/wp-json\/wp\/v2\/posts"}],"about":[{"href":"https:\/\/www.radiopiu.net\/wordpress\/wp-json\/wp\/v2\/types\/post"}],"author":[{"embeddable":true,"href":"https:\/\/www.radiopiu.net\/wordpress\/wp-json\/wp\/v2\/users\/4"}],"replies":[{"embeddable":true,"href":"https:\/\/www.radiopiu.net\/wordpress\/wp-json\/wp\/v2\/comments?post=385219"}],"version-history":[{"count":0,"href":"https:\/\/www.radiopiu.net\/wordpress\/wp-json\/wp\/v2\/posts\/385219\/revisions"}],"wp:featuredmedia":[{"embeddable":true,"href":"https:\/\/www.radiopiu.net\/wordpress\/wp-json\/wp\/v2\/media\/385713"}],"wp:attachment":[{"href":"https:\/\/www.radiopiu.net\/wordpress\/wp-json\/wp\/v2\/media?parent=385219"}],"wp:term":[{"taxonomy":"category","embeddable":true,"href":"https:\/\/www.radiopiu.net\/wordpress\/wp-json\/wp\/v2\/categories?post=385219"},{"taxonomy":"post_tag","embeddable":true,"href":"https:\/\/www.radiopiu.net\/wordpress\/wp-json\/wp\/v2\/tags?post=385219"}],"curies":[{"name":"wp","href":"https:\/\/api.w.org\/{rel}","templated":true}]}}