{"id":385354,"date":"2024-04-13T17:32:45","date_gmt":"2024-04-13T15:32:45","guid":{"rendered":"https:\/\/www.radiopiu.net\/wordpress\/?p=385354"},"modified":"2024-04-13T17:32:45","modified_gmt":"2024-04-13T15:32:45","slug":"inaugurata-caccia-pesca-natura-a-longarone-fiere","status":"publish","type":"post","link":"https:\/\/www.radiopiu.net\/wordpress\/inaugurata-caccia-pesca-natura-a-longarone-fiere\/","title":{"rendered":"INAUGURATA CACCIA PESCA NATURA A LONGARONE FIERE"},"content":{"rendered":"<p>*****<\/p>\n<p>&nbsp;<\/p>\n<p><strong><a class=\"dt-pswp-item\" href=\"https:\/\/www.radiopiu.net\/wordpress\/wp-content\/uploads\/2024\/04\/Il-taglio-del-nastro-della-22a-Caccia-Pesca-Natura.jpg\" data-dt-img-description=\"\" data-large_image_width=\"1648\" data-large_image_height=\"1020\"><img loading=\"lazy\" decoding=\"async\" class=\" wp-image-385366 alignleft\" src=\"https:\/\/www.radiopiu.net\/wordpress\/wp-content\/uploads\/2024\/04\/Il-taglio-del-nastro-della-22a-Caccia-Pesca-Natura-300x186.jpg\" alt=\"\" width=\"213\" height=\"132\" srcset=\"https:\/\/www.radiopiu.net\/wordpress\/wp-content\/uploads\/2024\/04\/Il-taglio-del-nastro-della-22a-Caccia-Pesca-Natura-300x186.jpg 300w, https:\/\/www.radiopiu.net\/wordpress\/wp-content\/uploads\/2024\/04\/Il-taglio-del-nastro-della-22a-Caccia-Pesca-Natura-1024x634.jpg 1024w, https:\/\/www.radiopiu.net\/wordpress\/wp-content\/uploads\/2024\/04\/Il-taglio-del-nastro-della-22a-Caccia-Pesca-Natura-768x475.jpg 768w, https:\/\/www.radiopiu.net\/wordpress\/wp-content\/uploads\/2024\/04\/Il-taglio-del-nastro-della-22a-Caccia-Pesca-Natura-1536x951.jpg 1536w, https:\/\/www.radiopiu.net\/wordpress\/wp-content\/uploads\/2024\/04\/Il-taglio-del-nastro-della-22a-Caccia-Pesca-Natura.jpg 1648w\" sizes=\"auto, (max-width: 213px) 100vw, 213px\" \/><\/a>LONGARONE <\/strong>\u00abCacciatori e pescatori sono presidio dell\u2019ambiente, alleati della cura e della tutela del paesaggio\u00bb. La sintesi di \u201cCaccia, pesca, natura 2024\u201d \u00e8 tutta qui, nelle parole dell\u2019assessore regionale Cristiano Corazzari, intervenuto per l\u2019inaugurazione della 22. edizione della fiera nazionale dei prodotti e dei servizi per le attivit\u00e0 venatorie, alieutiche e dell\u2019outodoor. Inaugurazione allietata dai suonatori di corno della Val Badia. \u00abCaccia e pesca rappresentano un mondo di appassionati, poche persone che per\u00f2 svolgono un ruolo importante per tutta la comunit\u00e0\u00bb ha detto Corazzari. \u00abAmbiente, natura e sostenibilit\u00e0 sono temi di cui occorre occuparsi, non solo parlare. E lo si pu\u00f2 fare solo attraverso una corretta gestione e la custodia del territorio, che avviene tramite il lavoro di queste figure. La gestione faunistico venatoria \u00e8 fondamentale: se l\u2019uomo abdica a questo, ci sono pericolo e degrado. Pensiamo solo alla peste suina o ad altre criticit\u00e0 che innescano anche problemi di natura sanitaria. Quindi serve un grande lavoro di squadra con tutti gli attori &#8211; Polizia Provinciale, agricoltori, ma anche cacciatori e pescatori &#8211; per gestire correttamente l\u2019ambiente\u00bb. Gestione corretta che deve giocoforza fare i conti anche con la presenza del lupo, spesso percepita come pericolosa e fonte di predazioni e quindi di danni per le aziende dell\u2019allevamento. \u00abSi tratta di una presenza su cui stiamo lavorando come Regione a livello comunitario &#8211; ha concluso Corazzari -. \u00c8 un tema che va affrontato\u00bb.<\/p>\n<p><strong>PESCATURISMO<\/strong><\/p>\n<p>\u201cCaccia, pesca, natura\u201d ha puntato l\u2019attenzione anche sulle possibilit\u00e0 turistiche offerte dalle attivit\u00e0 della pesca. In particolare sfruttando il binomio pesca-Dolomiti, visto che gi\u00e0 oggi sono molte le presenze turistiche di appassionati che arrivano da tutto il mondo per testare le loro lenze sul Piave, sul lago di Centro Cadore e sugli altri corsi e specchi d\u2019acqua della provincia. La Fondazione Dmo Dolomiti ha colto l\u2019occasione per presentare un progetto strutturato di pescaturismo, in sinergia con la Provincia, la Regione e i bacini di pesca. In fase di preparazione una pagina del sito delle Dolomiti Bellunesi che sar\u00e0 dedicata proprio a promuovere la pesca sportiva e ricreativa come prodotto turistico. \u00abTra l\u2019altro, un prodotto che ci consente di destagionalizzare\u00bb ha spiegato Valentina Colleselli, direttrice Dmo Dolomiti Bellunesi. \u00abVogliamo sviluppare pesca ricreativa (svago, che richiede guide e accompagnatori) e pesca sportiva. Ci sono tutti gli ingredienti per portare avanti questa progettualit\u00e0. Digitalizzazione del prodotto (aspettando che si passi ad acquisto digitale del permesso di pesca) che pu\u00f2 entrare nel nostro sito, in cui abbiamo gi\u00e0 preparato una sezione dedicata\u00bb.<\/p>\n<p><strong><a class=\"dt-pswp-item\" href=\"https:\/\/www.radiopiu.net\/wordpress\/wp-content\/uploads\/2024\/04\/Diorama-20o-concorso-nazionale-di-tassidermia.jpg\" data-dt-img-description=\"\" data-large_image_width=\"2048\" data-large_image_height=\"1365\"><img loading=\"lazy\" decoding=\"async\" class=\" wp-image-385367 alignright\" src=\"https:\/\/www.radiopiu.net\/wordpress\/wp-content\/uploads\/2024\/04\/Diorama-20o-concorso-nazionale-di-tassidermia-300x200.jpg\" alt=\"\" width=\"270\" height=\"180\" srcset=\"https:\/\/www.radiopiu.net\/wordpress\/wp-content\/uploads\/2024\/04\/Diorama-20o-concorso-nazionale-di-tassidermia-300x200.jpg 300w, https:\/\/www.radiopiu.net\/wordpress\/wp-content\/uploads\/2024\/04\/Diorama-20o-concorso-nazionale-di-tassidermia-1024x683.jpg 1024w, https:\/\/www.radiopiu.net\/wordpress\/wp-content\/uploads\/2024\/04\/Diorama-20o-concorso-nazionale-di-tassidermia-768x512.jpg 768w, https:\/\/www.radiopiu.net\/wordpress\/wp-content\/uploads\/2024\/04\/Diorama-20o-concorso-nazionale-di-tassidermia-1536x1024.jpg 1536w, https:\/\/www.radiopiu.net\/wordpress\/wp-content\/uploads\/2024\/04\/Diorama-20o-concorso-nazionale-di-tassidermia.jpg 2048w\" sizes=\"auto, (max-width: 270px) 100vw, 270px\" \/><\/a>L\u2019INTELLIGENZA ARTIFICIALE ALLEATA DEI CENSIMENTI<\/strong><\/p>\n<p>Turismo, ma anche tecnologia, a servizio della tecnica che sta dietro la pratica venatoria. In un convegno durante la mattinata \u00e8 stata presentata la nuova sperimentazione in materia di censimenti faunistici. Un test effettuato nel territorio della Riserva di caccia di Belluno, con il supporto della Polizia Provinciale di Belluno, utilizzando le fototrappole, le termocamere e l\u2019intelligenza artificiale per stabilire le densit\u00e0 di popolazione e stimare il numero di capi di capriolo presenti. I risultati sono soddisfacenti e mostrano una sostanziale correttezza rispetto ai censimenti effettuati con metodo tradizionale. Di conseguenza, l\u2019esperimento \u00e8 replicabile, tanto pi\u00f9 che la raccolta dati e l\u2019elaborazione tramite intelligenza artificiale richiede meno risorse e meno ore lavoro.<\/p>\n<p><strong>POLIZIA PROVINCIALE<\/strong><\/p>\n<p>A proposito di Polizia Provinciale sono stati presentati i nuovi agenti entrati in servizio nei giorni scorsi a seguito del concorso bandito dalla Provincia. Sono sette guardie (un\u2019ottava entrer\u00e0 in servizio entro il 2025), tutte giovani e appassionate, dai 19 ai 34 anni.<\/p>\n<p><strong>APPROFONDIMENTI <\/strong><\/p>\n<p>\u201cCaccia, pesca, natura\u201d proseguir\u00e0 anche domani, domenica 14 aprile, con i consueti approfondimenti. Gi\u00e0 ieri sono stati affrontati i temi della peste suina africana e la necessit\u00e0 di contenimento del cinghiale, del ripopolamento dei corsi d\u2019acqua dopo la tempesta Vaia. Domani fiera aperta dalla 9 alle 19 e, tra le altre attivit\u00e0, la presentazione del report della stagione venatoria 2023-2024 con i dati delle popolazioni di ungulati presenti in provincia di Belluno.<\/p>\n<p>&nbsp;<\/p>\n<p>&nbsp;<\/p>\n<p>********<\/p>\n","protected":false},"excerpt":{"rendered":"<p>***** &nbsp; LONGARONE \u00abCacciatori e pescatori sono presidio dell\u2019ambiente, alleati della cura e della tutela del paesaggio\u00bb. La sintesi di \u201cCaccia, pesca, natura 2024\u201d \u00e8 tutta qui, nelle parole dell\u2019assessore regionale Cristiano Corazzari, intervenuto per l\u2019inaugurazione della 22. edizione della fiera nazionale dei prodotti e dei servizi per le attivit\u00e0 venatorie, alieutiche e dell\u2019outodoor. Inaugurazione&hellip;<\/p>\n","protected":false},"author":4,"featured_media":385366,"comment_status":"closed","ping_status":"closed","sticky":false,"template":"","format":"standard","meta":{"_monsterinsights_skip_tracking":false,"_monsterinsights_sitenote_active":false,"_monsterinsights_sitenote_note":"","_monsterinsights_sitenote_category":0,"footnotes":""},"categories":[49],"tags":[],"class_list":["post-385354","post","type-post","status-publish","format-standard","has-post-thumbnail","hentry","category-news-18","category-49","description-off"],"img_url":"https:\/\/www.radiopiu.net\/wordpress\/wp-content\/uploads\/2024\/04\/Il-taglio-del-nastro-della-22a-Caccia-Pesca-Natura.jpg","_links":{"self":[{"href":"https:\/\/www.radiopiu.net\/wordpress\/wp-json\/wp\/v2\/posts\/385354","targetHints":{"allow":["GET"]}}],"collection":[{"href":"https:\/\/www.radiopiu.net\/wordpress\/wp-json\/wp\/v2\/posts"}],"about":[{"href":"https:\/\/www.radiopiu.net\/wordpress\/wp-json\/wp\/v2\/types\/post"}],"author":[{"embeddable":true,"href":"https:\/\/www.radiopiu.net\/wordpress\/wp-json\/wp\/v2\/users\/4"}],"replies":[{"embeddable":true,"href":"https:\/\/www.radiopiu.net\/wordpress\/wp-json\/wp\/v2\/comments?post=385354"}],"version-history":[{"count":0,"href":"https:\/\/www.radiopiu.net\/wordpress\/wp-json\/wp\/v2\/posts\/385354\/revisions"}],"wp:featuredmedia":[{"embeddable":true,"href":"https:\/\/www.radiopiu.net\/wordpress\/wp-json\/wp\/v2\/media\/385366"}],"wp:attachment":[{"href":"https:\/\/www.radiopiu.net\/wordpress\/wp-json\/wp\/v2\/media?parent=385354"}],"wp:term":[{"taxonomy":"category","embeddable":true,"href":"https:\/\/www.radiopiu.net\/wordpress\/wp-json\/wp\/v2\/categories?post=385354"},{"taxonomy":"post_tag","embeddable":true,"href":"https:\/\/www.radiopiu.net\/wordpress\/wp-json\/wp\/v2\/tags?post=385354"}],"curies":[{"name":"wp","href":"https:\/\/api.w.org\/{rel}","templated":true}]}}