{"id":385676,"date":"2024-04-16T05:50:55","date_gmt":"2024-04-16T03:50:55","guid":{"rendered":"https:\/\/www.radiopiu.net\/wordpress\/?p=385676"},"modified":"2024-04-16T08:32:57","modified_gmt":"2024-04-16T06:32:57","slug":"giornale-radiopiu-16-aprile-2024-direttore-mirko-mezzacasada-40-anni-25-giugno-1983-25-giugno-2023","status":"publish","type":"post","link":"https:\/\/www.radiopiu.net\/wordpress\/giornale-radiopiu-16-aprile-2024-direttore-mirko-mezzacasada-40-anni-25-giugno-1983-25-giugno-2023\/","title":{"rendered":"GIORNALE RADIOPIU 16 APRILE 2024 DIRETTORE MIRKO MEZZACASA\u2026DA 40 ANNI 25 GIUGNO 1983-25 GIUGNO 2023"},"content":{"rendered":"<p>*******<\/p>\n<p>&nbsp;<\/p>\n<h3><a href=\"https:\/\/www.radiopiu.net\/wordpress\/giornale-radiopiu-24-gennaio-2021-direttore-mirko-mezzacasa\/141433770_171616291414874_2957460898102012198_n\/\" rel=\"attachment wp-att-186566\"><img loading=\"lazy\" decoding=\"async\" class=\"wp-image-186566 alignleft\" src=\"https:\/\/www.radiopiu.net\/wordpress\/wp-content\/uploads\/2021\/01\/141433770_171616291414874_2957460898102012198_n-300x300.jpg\" alt=\"\" width=\"144\" height=\"144\" srcset=\"https:\/\/www.radiopiu.net\/wordpress\/wp-content\/uploads\/2021\/01\/141433770_171616291414874_2957460898102012198_n-300x300.jpg 300w, https:\/\/www.radiopiu.net\/wordpress\/wp-content\/uploads\/2021\/01\/141433770_171616291414874_2957460898102012198_n-150x150.jpg 150w, https:\/\/www.radiopiu.net\/wordpress\/wp-content\/uploads\/2021\/01\/141433770_171616291414874_2957460898102012198_n-768x768.jpg 768w, https:\/\/www.radiopiu.net\/wordpress\/wp-content\/uploads\/2021\/01\/141433770_171616291414874_2957460898102012198_n.jpg 800w\" sizes=\"auto, (max-width: 144px) 100vw, 144px\" \/><\/a>PER<strong> RICEVERE QUESTO NOTIZIARIO DIRETTAMENTE SUL TUO CELLULARE ISCRIVITI AL CANALE TELEGRAM <\/strong><strong>\u201cRADIO PIU\u00a0 INFORMAZIONE&#8221;\u00a0<\/strong><\/h3>\n<h3>\u00a0il CANALE TELEGRAM&#8230; UNISCITI A: RADIO PIU INFORMAZIONE<\/h3>\n<p>&nbsp;<\/p>\n<p>&nbsp;<\/p>\n<p><em><a href=\"https:\/\/www.radiopiu.net\/wordpress\/giornale-radiopiu-24-gennaio-2021-direttore-mirko-mezzacasa\/79216601_126817312416448_708980208774483089_n\/\" rel=\"attachment wp-att-186567\"><img loading=\"lazy\" decoding=\"async\" class=\"size-medium wp-image-186567 alignright\" src=\"https:\/\/www.radiopiu.net\/wordpress\/wp-content\/uploads\/2021\/01\/79216601_126817312416448_708980208774483089_n-300x114.jpg\" alt=\"\" width=\"300\" height=\"114\" srcset=\"https:\/\/www.radiopiu.net\/wordpress\/wp-content\/uploads\/2021\/01\/79216601_126817312416448_708980208774483089_n-300x114.jpg 300w, https:\/\/www.radiopiu.net\/wordpress\/wp-content\/uploads\/2021\/01\/79216601_126817312416448_708980208774483089_n-768x292.jpg 768w, https:\/\/www.radiopiu.net\/wordpress\/wp-content\/uploads\/2021\/01\/79216601_126817312416448_708980208774483089_n.jpg 820w\" sizes=\"auto, (max-width: 300px) 100vw, 300px\" \/><\/a><span style=\"color: #ff0000;\">ATTENZIONE: LA NUOVA APP PER IOS-IPHONE di Nicola Vettorello <\/span><\/em><a href=\"https:\/\/apps.apple.com\/it\/app\/radio-pi%C3%B9-emittente-agordina\/id1515939845\">https:\/\/apps.apple.com\/it\/app\/radio-pi%C3%B9-emittente-agordina\/id1515939845<\/a><\/p>\n<p><em style=\"color: #ff0000;\">ATTENZIONE: LA NUOVA APP RADIO\u00a0 PER ANDROID di Nicola Vettorello<\/em><\/p>\n<p><a href=\"https:\/\/play.google.com\/store\/apps\/details?id=net.radiopiu.iniko\" target=\"_blank\" rel=\"noopener noreferrer\">https:\/\/play.google.com\/store\/apps\/details?id=net.radiopiu.iniko\u00a0\u00a0<\/a><\/p>\n<p>&nbsp;<\/p>\n<h3 class=\"kvgmc6g5 cxmmr5t8 oygrvhab hcukyx3x c1et5uql\"><\/h3>\n<div data-block=\"true\" data-editor=\"avj4u\" data-offset-key=\"d3i0j-0-0\">\n<hr \/>\n<\/div>\n<p>&nbsp;<\/p>\n<blockquote>\n<h2>ACQUA INQUINTATA A ROCCA PIETORE<\/h2>\n<\/blockquote>\n<p><strong>ROCCA PIETORE<\/strong> in localit\u00e0\u00a0 CARACOI CIMAI,\u00a0 SOPRACORDEVOLE e SAVINER DI CALLONEGHE l&#8217;acqua erogata dall&#8217;acquedotto non \u00e8 potabile e pu\u00f2 essere usata per scopi alimentari SOLO PREVIA bollitura.<\/p>\n<p><strong>ACQUA INQUINATA A FONZASO<\/strong>, avviso agli utenti: utilizzare l&#8217;acqua solo previa bollitura. Attivo il servizio sostitutivo con autobotte in piazza Primo Novembre<\/p>\n<p>&nbsp;<\/p>\n<div data-block=\"true\" data-editor=\"avj4u\" data-offset-key=\"d3i0j-0-0\">\n<blockquote>\n<h3>SP 251 DELLA VAL DI ZOLDO E CELLINA CHIUSA PER UN MESE A COLLE SANTA LUCIA<\/h3>\n<\/blockquote>\n<p><strong>REDAZIONE<\/strong> Veneto Strade comunica che la SP 251 della Val di Zoldo e Cellina verr\u00e0 chiusa per quasi un mese. Il tratto stradale tra il bivio di Rucav\u00e0 e il bivio di Colcuc in comune di Colle Santa Lucia \u00e8 interessato da lavori, pertanto dal 15 aprile al 10 maggio il tratto sar\u00e0 interdetto alla circolazione stradale, sabati domeniche e festivi compresi.<\/p>\n<p>&nbsp;<\/p>\n<hr \/>\n<p>&nbsp;<\/p>\n<\/div>\n<div data-block=\"true\" data-editor=\"avj4u\" data-offset-key=\"d3i0j-0-0\"><\/div>\n<p><span style=\"color: #ff0000;\"><strong>OGGI ALLA RADIO<\/strong><\/span>: <strong>ALLE 7.20<\/strong> EL BAR DEL FIOR, DETTI E TRADIZIONI DI GIULIANA DA RONCH; <strong>ALLE 8.20<\/strong> PIU&#8217; SIAMO CON MARINA DONA&#8217; <strong>ALLE 9.10<\/strong> LA MUSICA COUNTRY DI ALEX NASCINBEN<strong> ALLE 10.10<\/strong> MUSLA, LE NOVE IN LADIN CON MARTINO DA MARESON DI ZOLDO <strong>ALLE 10.30<\/strong> SPECIALE ALLA RADIO CON GABRIELE RIVA, MICHELA DELL&#8217;OSBEL E GLI AMICI BRASILIANI SUL SENTIERO DELLE LORO RADICI <strong>ALLE 11<\/strong> DANIELE RINALDI <strong>ALLE 12 <\/strong>VA TUTTO LISCIO&#8230; CON MIRCO BENCIVENNI <strong>12.30 <\/strong>GR PRINCIPALE<strong> 13.10 <\/strong>GIESSE RISARCIMENTI BELLUNO CON LA CANOTTIERI CALCIO A 5 DI MARCO GAZ<strong> 13.20<\/strong> PRIMA-VERA HIT IL PROGRAMMA DI MARINA DONA&#8217; <strong>ALLE 15.00<\/strong> EL DARLIN CONROSA PELLEGRINI DAL TERRITORIO FODOM <strong>16.00<\/strong> LE HIT D&#8217;ANNATA DI MIRCO BENCIVENNI <strong>19.00<\/strong> LE ANTICIPAZIONI DAL TG DI ANTENNA 3 DI TIZIANA BOLOGNANI.<\/p>\n<p>&nbsp;<\/p>\n<p>&nbsp;<\/p>\n<div class=\"x11i5rnm xat24cr x1mh8g0r x1vvkbs xtlvy1s x126k92a\">\n<div dir=\"auto\">\n<hr \/>\n<p>&nbsp;<\/p>\n<p>&nbsp;<\/p>\n<div class=\"x11i5rnm xat24cr x1mh8g0r x1vvkbs xtlvy1s x126k92a\">\n<div dir=\"auto\">\n<p><strong><a class=\"dt-pswp-item\" href=\"https:\/\/www.radiopiu.net\/wordpress\/wp-content\/uploads\/2024\/02\/2d44e751-d8a8-461b-8e22-d8e4e853b032.jpg\" data-dt-img-description=\"\" data-large_image_width=\"1600\" data-large_image_height=\"1200\"><img loading=\"lazy\" decoding=\"async\" class=\"wp-image-373307 alignleft\" src=\"https:\/\/www.radiopiu.net\/wordpress\/wp-content\/uploads\/2024\/02\/2d44e751-d8a8-461b-8e22-d8e4e853b032-300x225.jpg\" alt=\"\" width=\"105\" height=\"79\" srcset=\"https:\/\/www.radiopiu.net\/wordpress\/wp-content\/uploads\/2024\/02\/2d44e751-d8a8-461b-8e22-d8e4e853b032-300x225.jpg 300w, https:\/\/www.radiopiu.net\/wordpress\/wp-content\/uploads\/2024\/02\/2d44e751-d8a8-461b-8e22-d8e4e853b032-1024x768.jpg 1024w, https:\/\/www.radiopiu.net\/wordpress\/wp-content\/uploads\/2024\/02\/2d44e751-d8a8-461b-8e22-d8e4e853b032-768x576.jpg 768w, https:\/\/www.radiopiu.net\/wordpress\/wp-content\/uploads\/2024\/02\/2d44e751-d8a8-461b-8e22-d8e4e853b032-1536x1152.jpg 1536w, https:\/\/www.radiopiu.net\/wordpress\/wp-content\/uploads\/2024\/02\/2d44e751-d8a8-461b-8e22-d8e4e853b032.jpg 1600w\" sizes=\"auto, (max-width: 105px) 100vw, 105px\" \/><\/a>EL BAL DEL FIOR, DI GIULIANA DA RONCH, 16 APRILE 2024<\/strong><\/p>\n<\/div>\n<\/div>\n<\/div>\n<div dir=\"auto\">\n<audio class=\"wp-audio-shortcode\" id=\"audio-385676-1\" preload=\"none\" style=\"width: 100%;\" controls=\"controls\"><source type=\"audio\/mpeg\" src=\"https:\/\/www.radiopiu.net\/wordpress\/wp-content\/uploads\/2024\/04\/GMA-1.m4a?_=1\" \/><a href=\"https:\/\/www.radiopiu.net\/wordpress\/wp-content\/uploads\/2024\/04\/GMA-1.m4a\">https:\/\/www.radiopiu.net\/wordpress\/wp-content\/uploads\/2024\/04\/GMA-1.m4a<\/a><\/audio>\n<p>&nbsp;<\/p>\n<hr \/>\n<\/div>\n<\/div>\n<blockquote>\n<blockquote>\n<h1><span style=\"color: #ff0000;\">\u00a0<\/span><\/h1>\n<h1><span style=\"color: #ff0000;\">I podcast informativi del mattino &#8211; audio &#8211;\u00a0<\/span><\/h1>\n<\/blockquote>\n<p><strong><a class=\"dt-pswp-item\" href=\"https:\/\/www.radiopiu.net\/wordpress\/wp-content\/uploads\/2023\/11\/th-10.jpg\" data-dt-img-description=\"\" data-large_image_width=\"320\" data-large_image_height=\"180\"><img loading=\"lazy\" decoding=\"async\" class=\"wp-image-362866 alignleft\" src=\"https:\/\/www.radiopiu.net\/wordpress\/wp-content\/uploads\/2023\/11\/th-10-300x169.jpg\" alt=\"\" width=\"185\" height=\"104\" srcset=\"https:\/\/www.radiopiu.net\/wordpress\/wp-content\/uploads\/2023\/11\/th-10-300x169.jpg 300w, https:\/\/www.radiopiu.net\/wordpress\/wp-content\/uploads\/2023\/11\/th-10.jpg 320w\" sizes=\"auto, (max-width: 185px) 100vw, 185px\" \/><\/a>LA RASSEGNA STAMPA NAZIONALE ALLA RADIO, OGNI GIORNO ALLE 5 E ALLE 6 DEL MATTINO <span style=\"color: #0000ff;\">viene pubblicata alle 6.00 <span style=\"color: #ff0000;\">DIRETTA RADIO\u00a0 \u00a0\u00a0<\/span><\/span><\/strong><\/p>\n<p>&nbsp;<\/p>\n<p><span style=\"color: #ff0000;\"><strong>\u00a0\u00a0<\/strong><\/span><\/p>\n<p><strong>DI SISSY MARTINELLI<\/strong><br \/>\n<strong>Guerra<\/strong> cresce la preoccupazione per il possibile allargamento del conflitto. Una reazione <strong>israeliana<\/strong> potrebbe essere imminiente. <strong>Onu<\/strong>: medio oriente sul mondo del baratro \u00e8 un mondo che non pu\u00f2 permettersi altre guerre. <strong>Amadeus<\/strong> lascia la RAI e pubblica il video sui social con smentite e nuovi progetti. Dimesso il <strong>calciatore della Roma<\/strong> colto da malore in campo.<\/p><\/blockquote>\n<h2>AUDIO dalle 7 del mattino<\/h2>\n<audio class=\"wp-audio-shortcode\" id=\"audio-385676-2\" preload=\"none\" style=\"width: 100%;\" controls=\"controls\"><source type=\"audio\/mpeg\" src=\"https:\/\/www.radiopiu.net\/wordpress\/wp-content\/uploads\/2024\/04\/GIORNALEDELLESEI-14.mp3?_=2\" \/><a href=\"https:\/\/www.radiopiu.net\/wordpress\/wp-content\/uploads\/2024\/04\/GIORNALEDELLESEI-14.mp3\">https:\/\/www.radiopiu.net\/wordpress\/wp-content\/uploads\/2024\/04\/GIORNALEDELLESEI-14.mp3<\/a><\/audio>\n<p>&nbsp;<\/p>\n<p>&nbsp;<\/p>\n<hr \/>\n<p>&nbsp;<\/p>\n<h1 style=\"text-align: center;\"><span style=\"color: #ff0000;\">I podcast informativi del mattino &#8211; audio &#8211;\u00a0<\/span><\/h1>\n<p><strong><a class=\"dt-pswp-item\" href=\"https:\/\/www.radiopiu.net\/wordpress\/wp-content\/uploads\/2023\/12\/images.png\" data-dt-img-description=\"\" data-large_image_width=\"316\" data-large_image_height=\"160\"><img loading=\"lazy\" decoding=\"async\" class=\"wp-image-367008 alignleft\" src=\"https:\/\/www.radiopiu.net\/wordpress\/wp-content\/uploads\/2023\/12\/images-300x152.png\" alt=\"\" width=\"235\" height=\"119\" srcset=\"https:\/\/www.radiopiu.net\/wordpress\/wp-content\/uploads\/2023\/12\/images-300x152.png 300w, https:\/\/www.radiopiu.net\/wordpress\/wp-content\/uploads\/2023\/12\/images.png 316w\" sizes=\"auto, (max-width: 235px) 100vw, 235px\" \/><\/a>OGNI GIORNO ALLE SETTE DEL MATTINO, LA RASSEGNA STAMPA LOCALE FLASH&#8230; PER CHI VA IN FRETTA. I TITOLI DAI GIORNALI E DAL SITO WWW.RADIOPIU.NET <span style=\"color: #0000ff;\">viene pubblicato alle 7.00<\/span> <span style=\"color: #ff0000;\">DIRETTA RADIO\u00a0<\/span><\/strong><\/p>\n<p><em><span style=\"color: #ff0000;\">per chi va in fretta&#8230; tante notizie in pochi minuti. L&#8217;informazione locale alla radio, ogni ora dalle 7 del mattino alle 19 della sera.\u00a0 \u00a0 \u00a0\u00a0<\/span><\/em><\/p>\n<p>&nbsp;<\/p>\n<p>TAIBON Oggi alle 14.30 a Taibon Agordino una comunit\u00e0 dar\u00e0 l\u2019ultimo saluto a Fernanda Paganin, vedova Garavana, morta per le ustioni riportate nel ritorno di fiamma, nella notte tra sabato e domenica.<br \/>\nSEDICO Ernesto Casonato, ex gestore del bar gelateria Tre Cime di Sedico, \u00e8 deceduto. Amato per la sua cordialit\u00e0, ha reso il suo locale un punto di riferimento per la comunit\u00e0, sostenendo tornei e squadre di calcio. Il presidente della Provincia e ex calciatore Roberto Padrin lo ricorda con affetto come un appassionato interista e sponsor di numerosi eventi sportivi.<br \/>\nVAL DI ZOLDO Milly Fontanella, insegnante di lettere in pensione, nota per il suo impegno sociale, \u00e8 deceduta all\u2019et\u00e0 di 76 anni a causa di un malore. Amata dagli studenti e rispettata dai colleghi, ha lasciato un segno indelebile nella comunit\u00e0<br \/>\nSANTO STEFANO DI CADORE Tragedia all\u2019Happy Park di Borca: Ernesto Sala muore per un infarto L\u2019uomo era arrivato qualche minuto prima a bordo della sua auto. L\u2019ha sistemata nel parcheggio del grande giardino del Dolomiti Mountain Resort ed \u00e8 andato a bersi un caff\u00e8 al punto di ristoro. Mentre stava tornando verso casa, all\u2019altezza del cancello, si \u00e8 sentito male, accasciandosi improvvisamente.<br \/>\nLIVINALLONGO Ieri alle 10, i Vigili del Fuoco di Agordo sono intervenuti a Livinallongo del Col di Lana, localit\u00e0 Salesei di Sotto, per recuperare un\u2019auto scivolata lungo un pendio sottostante, senza persone a bordo. Le squadre di Agordo, Belluno con Autogr\u00f9 e i Vigili del Fuoco volontari di Arabba hanno partecipato all\u2019operazione. Il recupero del veicolo \u00e8 stato completato verso le ore 15.<\/p>\n<h2>AUDIO dalle 7 del mattino<\/h2>\n<audio class=\"wp-audio-shortcode\" id=\"audio-385676-3\" preload=\"none\" style=\"width: 100%;\" controls=\"controls\"><source type=\"audio\/mpeg\" src=\"https:\/\/www.radiopiu.net\/wordpress\/wp-content\/uploads\/2024\/04\/GF07-12.mp3?_=3\" \/><a href=\"https:\/\/www.radiopiu.net\/wordpress\/wp-content\/uploads\/2024\/04\/GF07-12.mp3\">https:\/\/www.radiopiu.net\/wordpress\/wp-content\/uploads\/2024\/04\/GF07-12.mp3<\/a><\/audio>\n<p>&nbsp;<\/p>\n<p>&nbsp;<\/p>\n<p>&nbsp;<\/p>\n<hr \/>\n<p>&nbsp;<\/p>\n<h1><\/h1>\n<h1 style=\"text-align: center;\"><span style=\"color: #ff0000;\"><a class=\"dt-pswp-item\" href=\"https:\/\/www.radiopiu.net\/wordpress\/wp-content\/uploads\/2022\/01\/026c3f9d-dae9-4040-a3c1-a6530231bcc3.jpg\" data-dt-img-description=\"\" data-large_image_width=\"1152\" data-large_image_height=\"2048\"><img loading=\"lazy\" decoding=\"async\" class=\"wp-image-251839 alignleft\" src=\"https:\/\/www.radiopiu.net\/wordpress\/wp-content\/uploads\/2022\/01\/026c3f9d-dae9-4040-a3c1-a6530231bcc3-169x300.jpg\" alt=\"\" width=\"100\" height=\"177\" srcset=\"https:\/\/www.radiopiu.net\/wordpress\/wp-content\/uploads\/2022\/01\/026c3f9d-dae9-4040-a3c1-a6530231bcc3-169x300.jpg 169w, https:\/\/www.radiopiu.net\/wordpress\/wp-content\/uploads\/2022\/01\/026c3f9d-dae9-4040-a3c1-a6530231bcc3-576x1024.jpg 576w, https:\/\/www.radiopiu.net\/wordpress\/wp-content\/uploads\/2022\/01\/026c3f9d-dae9-4040-a3c1-a6530231bcc3-768x1365.jpg 768w, https:\/\/www.radiopiu.net\/wordpress\/wp-content\/uploads\/2022\/01\/026c3f9d-dae9-4040-a3c1-a6530231bcc3-864x1536.jpg 864w, https:\/\/www.radiopiu.net\/wordpress\/wp-content\/uploads\/2022\/01\/026c3f9d-dae9-4040-a3c1-a6530231bcc3.jpg 1152w\" sizes=\"auto, (max-width: 100px) 100vw, 100px\" \/><\/a>I podcast informativi del mattino &#8211; audio &#8211;\u00a0<\/span><\/h1>\n<blockquote><p><strong>GIORNALE RADIO NAZIONALE, EDIZIONE DELLE SETTE <span style=\"color: #0000ff;\">viene pubblicato alle 7.05 <span style=\"color: #ff0000;\">DIRETTA RADIO\u00a0<\/span><\/span><\/strong><\/p><\/blockquote>\n<p><strong>il giornale radionazionale e&#8217; in onda ogni ora, dalle sette del mattino alle venti della sera\u00a0\u00a0<\/strong><\/p>\n<p>&nbsp;<\/p>\n<p><strong>Guerra<\/strong> Israele risponder\u00e0 all&#8217;attacco dell&#8217;Iran, stato di massima allerta. <strong>Allerta in Italia,<\/strong> sotto controllo gli obiettivi sensibili, rischio lupo solitari. <strong>Ucraina<\/strong> L&#8217;esercito russo colpisce per 400 volte, donna uccisa, altri morti e feriti nell&#8217;attacco alla scuola, <strong>Milano<\/strong> 22enne aggredisce la compagna ferendo con un coltello due dipendenti dell&#8217;ospedale. <strong>18 mes<\/strong>i per Anna Guitierrez colpevole di omicidio involontario, in carcere nel New Messico.<\/p>\n<p>&nbsp;<\/p>\n<h2>AUDIO dalle sette del mattino, ogni ora alla radio<\/h2>\n<audio class=\"wp-audio-shortcode\" id=\"audio-385676-4\" preload=\"none\" style=\"width: 100%;\" controls=\"controls\"><source type=\"audio\/mpeg\" src=\"https:\/\/www.radiopiu.net\/wordpress\/wp-content\/uploads\/2024\/04\/giornale07-14.mp3?_=4\" \/><a href=\"https:\/\/www.radiopiu.net\/wordpress\/wp-content\/uploads\/2024\/04\/giornale07-14.mp3\">https:\/\/www.radiopiu.net\/wordpress\/wp-content\/uploads\/2024\/04\/giornale07-14.mp3<\/a><\/audio>\n<p>&nbsp;<\/p>\n<p>&nbsp;<\/p>\n<h2><\/h2>\n<hr \/>\n<p>&nbsp;<\/p>\n<p>&nbsp;<\/p>\n<h1><span style=\"color: #ff0000;\">I podcast informativi del mattino &#8211; video &#8211;\u00a0<\/span><\/h1>\n<h2><strong><a class=\"dt-pswp-item\" href=\"https:\/\/www.radiopiu.net\/wordpress\/wp-content\/uploads\/2023\/12\/th-10.jpg\" data-dt-img-description=\"\" data-large_image_width=\"245\" data-large_image_height=\"180\"><img loading=\"lazy\" decoding=\"async\" class=\" wp-image-367395 alignleft\" src=\"https:\/\/www.radiopiu.net\/wordpress\/wp-content\/uploads\/2023\/12\/th-10.jpg\" alt=\"\" width=\"166\" height=\"122\" \/><\/a>RASSEGNA STAMPA LOCALE, ORE OTTO 05<\/strong><\/h2>\n<h2><strong> <span style=\"color: #0000ff;\">viene\u00a0 <\/span><\/strong><strong><span style=\"color: #0000ff;\">pubblicata alle 8.05 <span style=\"color: #ff0000;\">DIRETTA RADIO\u00a0\u00a0<\/span><\/span><\/strong><\/h2>\n<p><strong>DI MIRKO MEZZACASA\u00a0 \u00a0 <\/strong><\/p>\n<p><strong>\u00a0<\/strong><\/p>\n<p>&nbsp;<\/p>\n<p><img loading=\"lazy\" decoding=\"async\" class=\"alignleft\" src=\"https:\/\/www.radiopiu.net\/wordpress\/wp-content\/uploads\/2024\/04\/Senza-nome-25.png\" width=\"285\" height=\"158\" \/>SAN TOMASO ALLARME!!!! LADRI DI ROBOT TAGLIAERBA NELL\u2019AGORDINO La segnalazione di ieri mattina \u00e8 di quelle importanti. Un invito a fare attenzione, perch\u00e9 nella notte ignoti su auto nera (speriamo che le telecamere abbia immortalato gli autori) hanno tentato di rubare il robot tagliaerba<br \/>\nGOSALDO LA CASERMA DEI CARABINIERI POTREBBE CHIUDERE<br \/>\nBELLUNO NUOVE VALVOLE SULL\u2019ACQUEDOTTO DI VIA VITTORIO VENETO<br \/>\nSEDICO Nella scuola primaria di Libano, il progetto \u201cGiardino in festa\u201d ha coinvolto alunni, insegnanti, genitori e nonni, trasformando un incidente in un\u2019opportunit\u00e0 di rinascita.<br \/>\nCORTINA Giochi 2026: TAR respinge ricorso Italia Nostra su progetto Cortina Sliding Centre<br \/>\nFELTRE ULSS 1 DOLOMITI: TRASFERITI TRE AMBULATORI<br \/>\nREDAZIONE Il mattone veneto \u00e8 in crescita nel primo trimestre del 2024<br \/>\nSABATO 20 APRILE LA GIORNATA DELLA RIPARAZIONE, DEL RICICLO E DEL RIUSO<br \/>\nFALCADE Il gruppo Alpini di Falcade ha organizzato un incontro con Lucia Dalmasso, la snowboarder di Falcade che ha appena finito la stagione in Coppa del Mondo. Un momento per incontrare la falcadina e per scambiare qualche chiacchera con Lucia. Appuntamento in sede degli Alpini di Falcade domenica alle 17:30.<\/p>\n<h2><strong>VIDEO\u00a0 \u00a0in diretta dalle 8 del mattino<\/strong><\/h2>\n<p><iframe loading=\"lazy\" title=\"DAL 1983 LA RASSEGNA STAMPA LOCALE di mirko mezzacasa. L&#039;ORIGINALE\" width=\"1200\" height=\"675\" src=\"https:\/\/www.youtube.com\/embed\/014O5hfoTxY?feature=oembed\" frameborder=\"0\" allow=\"accelerometer; autoplay; clipboard-write; encrypted-media; gyroscope; picture-in-picture; web-share\" referrerpolicy=\"strict-origin-when-cross-origin\" allowfullscreen><\/iframe><\/p>\n<p>&nbsp;<\/p>\n<hr \/>\n<p>&nbsp;<\/p>\n<p>&nbsp;<\/p>\n<blockquote>\n<h3><a class=\"dt-pswp-item\" href=\"https:\/\/www.radiopiu.net\/wordpress\/wp-content\/uploads\/2024\/04\/Senza-nome-23.png\" data-dt-img-description=\"\" data-large_image_width=\"270\" data-large_image_height=\"280\"><img loading=\"lazy\" decoding=\"async\" class=\"wp-image-385741 alignleft\" src=\"https:\/\/www.radiopiu.net\/wordpress\/wp-content\/uploads\/2024\/04\/Senza-nome-23.png\" alt=\"\" width=\"123\" height=\"128\" \/><\/a>OGGI L&#8217;ADDIO A FERNANDA, TAIBON VICINA ALLE FAMIGLIE<\/h3>\n<\/blockquote>\n<p><strong>TAIBON\u00a0<\/strong> Oggi\u00a0 alle 14.30 a Taibon Agordino una comunit\u00e0 dar\u00e0 l&#8217;ultimo saluto a Fernanda Paganin, vedova Garavana, morta per le ustioni riportate nel ritorno di fiamma, nella notte tra sabato e domenica.\u00a0 Un abbraccio ai figli Marino, Roberto, alla nuora Vanna, ai nipoti Chiara, Anita, Giuseppe. Nella chiesa parrocchiale di Taibon la cara Fernanda sar\u00e0 presente dalle 14<\/p>\n<p>&nbsp;<\/p>\n<p>&nbsp;<\/p>\n<p>&nbsp;<\/p>\n<hr \/>\n<p>&nbsp;<\/p>\n<blockquote>\n<h3><a class=\"dt-pswp-item\" href=\"https:\/\/www.radiopiu.net\/wordpress\/wp-content\/uploads\/2024\/04\/Senza-nome-24.png\" data-dt-img-description=\"\" data-large_image_width=\"197\" data-large_image_height=\"223\"><img loading=\"lazy\" decoding=\"async\" class=\" wp-image-385889 alignleft\" src=\"https:\/\/www.radiopiu.net\/wordpress\/wp-content\/uploads\/2024\/04\/Senza-nome-24.png\" alt=\"\" width=\"113\" height=\"128\" \/><\/a>Addio a Ernesto Casonato, Gestore Amato del Bar Gelateria Tre Cime di Sedico<\/h3>\n<\/blockquote>\n<p><strong>SEDICO<\/strong><\/p>\n<div class=\"flex-1 overflow-hidden\">\n<div class=\"react-scroll-to-bottom--css-gohku-79elbk h-full\">\n<div class=\"react-scroll-to-bottom--css-gohku-1n7m0yu\">\n<div class=\"flex flex-col text-sm pb-9\">\n<div class=\"w-full text-token-text-primary\" dir=\"auto\" data-testid=\"conversation-turn-7\">\n<div class=\"px-4 py-2 justify-center text-base md:gap-6 m-auto\">\n<div class=\"flex flex-1 text-base mx-auto gap-3 juice:gap-4 juice:md:gap-6 md:px-5 lg:px-1 xl:px-5 md:max-w-3xl lg:max-w-[40rem] xl:max-w-[48rem]\">\n<div class=\"relative flex w-full flex-col agent-turn\">\n<div class=\"flex-col gap-1 md:gap-3\">\n<div class=\"flex flex-grow flex-col max-w-full\">\n<div class=\"min-h-[20px] text-message flex flex-col items-start gap-3 whitespace-pre-wrap break-words [.text-message+&amp;]:mt-5 overflow-x-auto\" dir=\"auto\" data-message-author-role=\"assistant\" data-message-id=\"f7b2355d-be15-48a2-9547-fe40721d1dc8\">\n<div class=\"markdown prose w-full break-words dark:prose-invert dark\">\n<p>Ernesto Casonato, ex gestore del bar gelateria Tre Cime di Sedico, \u00e8 deceduto. Amato per la sua cordialit\u00e0, ha reso il suo locale un punto di riferimento per la comunit\u00e0, sostenendo tornei e squadre di calcio. Il presidente della Provincia e ex calciatore Roberto Padrin lo ricorda con affetto come un appassionato interista e sponsor di numerosi eventi sportivi.<\/p>\n<\/div>\n<\/div>\n<\/div>\n<div class=\"mt-1 flex gap-3 empty:hidden\">\n<div class=\"text-gray-400 flex self-end lg:self-center items-center justify-center lg:justify-start mt-0 -ml-1 h-7 gap-[2px] visible\">\n<div class=\"flex\"><\/div>\n<\/div>\n<\/div>\n<\/div>\n<\/div>\n<\/div>\n<\/div>\n<\/div>\n<\/div>\n<\/div>\n<\/div>\n<\/div>\n<div class=\"w-full pt-2 md:pt-0 dark:border-white\/20 md:border-transparent md:dark:border-transparent md:w-[calc(100%-.5rem)]\">\n<form class=\"stretch mx-2 flex flex-row gap-3 last:mb-2 md:mx-4 md:last:mb-6 lg:mx-auto lg:max-w-2xl xl:max-w-3xl\">\n<div class=\"relative flex h-full flex-1 flex-col\">\n<div class=\"flex w-full items-center\"><\/div>\n<div><\/div>\n<div>\n<hr \/>\n<\/div>\n<div>\n<blockquote>\n<h2><a class=\"dt-pswp-item\" href=\"https:\/\/www.radiopiu.net\/wordpress\/wp-content\/uploads\/2024\/04\/FOTO.png\" data-dt-img-description=\"\" data-large_image_width=\"234\" data-large_image_height=\"300\"><img loading=\"lazy\" decoding=\"async\" class=\"wp-image-385892 alignleft\" src=\"https:\/\/www.radiopiu.net\/wordpress\/wp-content\/uploads\/2024\/04\/FOTO.png\" alt=\"\" width=\"96\" height=\"123\" \/><\/a>Val di Zoldo Piange Milly Fontanella, Insegnante e Attivista Sociale<\/h2>\n<\/blockquote>\n<\/div>\n<p><strong>VAL DI ZOLDO<\/strong> Milly Fontanella, insegnante di lettere in pensione, nota per il suo impegno sociale, \u00e8 deceduta all&#8217;et\u00e0 di 76 anni a causa di un malore. Amata dagli studenti e rispettata dai colleghi, ha lasciato un segno indelebile nella comunit\u00e0 con progetti scolastici innovativi e il suo coinvolgimento in iniziative sociali e culturali. La sua scomparsa \u00e8 stata sentita profondamente, ricordata per la sua gentilezza, la competenza e la dedizione verso gli altri. Le esequie si terranno domani nella chiesa di San Floriano.<\/p>\n<div><\/div>\n<div><\/div>\n<\/div>\n<\/form>\n<\/div>\n<p>&nbsp;<\/p>\n<hr \/>\n<p>&nbsp;<\/p>\n<blockquote>\n<h1><a class=\"dt-pswp-item\" href=\"https:\/\/www.radiopiu.net\/wordpress\/wp-content\/uploads\/2024\/04\/5417553663880788560.jpg\" data-dt-img-description=\"\" data-large_image_width=\"500\" data-large_image_height=\"261\"><img loading=\"lazy\" decoding=\"async\" class=\" wp-image-385898 alignleft\" src=\"https:\/\/www.radiopiu.net\/wordpress\/wp-content\/uploads\/2024\/04\/5417553663880788560-300x157.jpg\" alt=\"\" width=\"216\" height=\"113\" srcset=\"https:\/\/www.radiopiu.net\/wordpress\/wp-content\/uploads\/2024\/04\/5417553663880788560-300x157.jpg 300w, https:\/\/www.radiopiu.net\/wordpress\/wp-content\/uploads\/2024\/04\/5417553663880788560.jpg 500w\" sizes=\"auto, (max-width: 216px) 100vw, 216px\" \/><\/a>Tragedia all&#8217;Happy Park di Borca: Ernesto Sala muore per un infarto<\/h1>\n<p><em>L&#8217;uomo era arrivato qualche minuto prima a bordo della sua auto. L&#8217;ha sistemata nel parcheggio del grande giardino del Dolomiti Mountain Resort ed \u00e8 andato a bersi un caff\u00e8 al punto di ristoro. Mentre stava tornando verso casa, all&#8217;altezza del cancello, si \u00e8 sentito male, accasciandosi improvvisamente.<\/em><\/p><\/blockquote>\n<p><strong>BORCA DI CADORE\u00a0 \u00a0<\/strong>Ernesto Sala, 78 anni, \u00e8 morto a causa di un infarto all&#8217;Happy Park di Borca. Nonostante i soccorsi tempestivi e l&#8217;uso del defibrillatore, \u00e8 deceduto all&#8217;ospedale di Belluno dove era stato elitrasportato in elicottero in condizioni gravissime. Lascia i fratelli Mario e Tiziano.<\/p>\n<div class=\"flex-1 overflow-hidden\">\n<div class=\"react-scroll-to-bottom--css-gohku-79elbk h-full\">\n<div class=\"react-scroll-to-bottom--css-gohku-1n7m0yu\">\n<div class=\"flex flex-col text-sm pb-9\">\n<div class=\"w-full text-token-text-primary\" dir=\"auto\" data-testid=\"conversation-turn-13\">\n<div class=\"px-4 py-2 justify-center text-base md:gap-6 m-auto\">\n<div class=\"flex flex-1 text-base mx-auto gap-3 juice:gap-4 juice:md:gap-6 md:px-5 lg:px-1 xl:px-5 md:max-w-3xl lg:max-w-[40rem] xl:max-w-[48rem]\">\n<div class=\"relative flex w-full flex-col agent-turn\">\n<div class=\"flex-col gap-1 md:gap-3\">\n<div class=\"mt-1 flex gap-3 empty:hidden\">\n<div class=\"text-gray-400 flex self-end lg:self-center items-center justify-center lg:justify-start mt-0 -ml-1 h-7 gap-[2px] visible\">\n<div class=\"flex\">&#8212;<\/div>\n<\/div>\n<\/div>\n<\/div>\n<\/div>\n<\/div>\n<\/div>\n<\/div>\n<\/div>\n<\/div>\n<\/div>\n<\/div>\n<p><strong>SANTO STEFANO DAI CADORE<\/strong> Una mezz\u2019ora dopo l\u2019ambulanza di Auronzo di Cadore \u00e8 intervenuta a\u00a0 Santo Stefano, un uomo di 94 anni Fulvio Segala del luogo \u00e8 stato investito. Le ferite sono state medicate al Pronto Soccorso di Pieve di Cadore. Investito sulle strisce in via Udine. L&#8217;automobilista non si \u00e8 fermata e l&#8217;uomo \u00e8 stato soccorso da un passante, prima dell&#8217;arrivo dell&#8217;ambulanza. Non si sa se la donna alla guida dell&#8217;auto non si sia accorta di niente<\/p>\n<p>&nbsp;<\/p>\n<p>&nbsp;<\/p>\n<p>&nbsp;<\/p>\n<hr \/>\n<p>&nbsp;<\/p>\n<blockquote>\n<h3>VIGILI DEL FUOCO A SALESEI DI SOTTO PER RECUPERARE UN&#8217;AUTO<\/h3>\n<\/blockquote>\n<p><strong>LIVINALLONGO<\/strong> Ieri alle 10, i Vigili del Fuoco di Agordo sono intervenuti a Livinallongo del Col di Lana, localit\u00e0 Salesei di Sotto, per recuperare un&#8217;auto scivolata lungo un pendio sottostante, senza persone a bordo. Le squadre di Agordo, Belluno con Autogr\u00f9 e i Vigili del Fuoco volontari di Arabba hanno partecipato all&#8217;operazione. Il recupero del veicolo \u00e8 stato completato verso le ore 15.<\/p>\n\n\t\t\t<style type='text\/css'>\n\t\t\t\t#gallery-1 {\n\t\t\t\t\tmargin: auto;\n\t\t\t\t}\n\t\t\t\t#gallery-1 .gallery-item {\n\t\t\t\t\tfloat: left;\n\t\t\t\t\tmargin-top: 10px;\n\t\t\t\t\ttext-align: center;\n\t\t\t\t\twidth: 50%;\n\t\t\t\t}\n\t\t\t\t#gallery-1 img {\n\t\t\t\t\tborder: 2px solid #cfcfcf;\n\t\t\t\t}\n\t\t\t\t#gallery-1 .gallery-caption {\n\t\t\t\t\tmargin-left: 0;\n\t\t\t\t}\n\t\t\t\t\/* see gallery_shortcode() in wp-includes\/media.php *\/\n\t\t\t<\/style>\n\t\t<div id='gallery-1' class='dt-gallery-container gallery galleryid-385676 gallery-columns-2 gallery-size-medium'><dl class='gallery-item'>\n\t\t\t\t<dt class='gallery-icon portrait'>\n\t\t\t\t\t<a class=\"rollover rollover-zoom dt-pswp-item\" title=\"d5e3a288-f6e7-49e2-9742-d45b7c7cf04e\" data-dt-img-description=\"\" data-large_image_width=\"960\" data-large_image_height=\"1280\"href='https:\/\/www.radiopiu.net\/wordpress\/wp-content\/uploads\/2024\/04\/d5e3a288-f6e7-49e2-9742-d45b7c7cf04e.jpg'><img loading=\"lazy\" decoding=\"async\" width=\"225\" height=\"300\" src=\"https:\/\/www.radiopiu.net\/wordpress\/wp-content\/uploads\/2024\/04\/d5e3a288-f6e7-49e2-9742-d45b7c7cf04e-225x300.jpg\" class=\"attachment-medium size-medium\" alt=\"\" srcset=\"https:\/\/www.radiopiu.net\/wordpress\/wp-content\/uploads\/2024\/04\/d5e3a288-f6e7-49e2-9742-d45b7c7cf04e-225x300.jpg 225w, https:\/\/www.radiopiu.net\/wordpress\/wp-content\/uploads\/2024\/04\/d5e3a288-f6e7-49e2-9742-d45b7c7cf04e-768x1024.jpg 768w, https:\/\/www.radiopiu.net\/wordpress\/wp-content\/uploads\/2024\/04\/d5e3a288-f6e7-49e2-9742-d45b7c7cf04e.jpg 960w\" sizes=\"auto, (max-width: 225px) 100vw, 225px\" \/><\/a>\n\t\t\t\t<\/dt><\/dl><dl class='gallery-item'>\n\t\t\t\t<dt class='gallery-icon portrait'>\n\t\t\t\t\t<a class=\"rollover rollover-zoom dt-pswp-item\" title=\"db8a7c2a-b810-4a94-99de-24956375b84e\" data-dt-img-description=\"\" data-large_image_width=\"960\" data-large_image_height=\"1280\"href='https:\/\/www.radiopiu.net\/wordpress\/wp-content\/uploads\/2024\/04\/db8a7c2a-b810-4a94-99de-24956375b84e.jpg'><img loading=\"lazy\" decoding=\"async\" width=\"225\" height=\"300\" src=\"https:\/\/www.radiopiu.net\/wordpress\/wp-content\/uploads\/2024\/04\/db8a7c2a-b810-4a94-99de-24956375b84e-225x300.jpg\" class=\"attachment-medium size-medium\" alt=\"\" srcset=\"https:\/\/www.radiopiu.net\/wordpress\/wp-content\/uploads\/2024\/04\/db8a7c2a-b810-4a94-99de-24956375b84e-225x300.jpg 225w, https:\/\/www.radiopiu.net\/wordpress\/wp-content\/uploads\/2024\/04\/db8a7c2a-b810-4a94-99de-24956375b84e-768x1024.jpg 768w, https:\/\/www.radiopiu.net\/wordpress\/wp-content\/uploads\/2024\/04\/db8a7c2a-b810-4a94-99de-24956375b84e.jpg 960w\" sizes=\"auto, (max-width: 225px) 100vw, 225px\" \/><\/a>\n\t\t\t\t<\/dt><\/dl><br style=\"clear: both\" \/>\n\t\t\t<\/div>\n\n<p>&nbsp;<\/p>\n<hr \/>\n<p>&nbsp;<\/p>\n<p>&nbsp;<\/p>\n<blockquote>\n<h2>ALLARME!!!! LADRI DI ROBOT TAGLIAERBA NELL&#8217;AGORDINO<\/h2>\n<\/blockquote>\n<p><strong><a class=\"dt-pswp-item\" href=\"https:\/\/www.radiopiu.net\/wordpress\/wp-content\/uploads\/2024\/04\/th-4.jpg\" data-dt-img-description=\"\" data-large_image_width=\"260\" data-large_image_height=\"180\"><img loading=\"lazy\" decoding=\"async\" class=\" wp-image-385756 alignleft\" src=\"https:\/\/www.radiopiu.net\/wordpress\/wp-content\/uploads\/2024\/04\/th-4.jpg\" alt=\"\" width=\"207\" height=\"143\" \/><\/a>REDAZIONE<\/strong> La segnalazione di ieri mattina \u00e8 di quelle importanti. Un invito a fare attenzione, perch\u00e9 nella notte ignoti su auto nera (speriamo che le telecamere abbia immortalato gli autori) hanno tentato di rubare il robot tagliaerba<\/p>\n<p>riceviamo e pubblichiamo<\/p>\n<blockquote><p><em>Volevamo segnalare quando successo domenica sera alle ore 21.30, evidenziando l&#8217;orario, con luci accese e persone presenti nelle abitazioni anche al piano terra nella zona di Avoscan di San Tomaso. Il tentativo \u00e9 stato quello di rubare un robot taglia erba posizionato nella immediata vicinanza della casa, azionandolo e provando anche a togliere la base. Fortunatamente ci siamo accorti di quanto stava accadendo e l&#8217;energumeno \u00e9 fuggito coprendosi la faccia con il cappuccio della felpa. La cosa ci ha lasciato sconcertati e molto amareggiati e purtroppo tocca dire una triste considerazione che neanche a casa propria non si pu\u00f3 stare tranquilli.<\/em><\/p><\/blockquote>\n<p>&nbsp;<\/p>\n<hr \/>\n<p>&nbsp;<\/p>\n<p>&nbsp;<\/p>\n<blockquote>\n<h3>LA CASERMA DEI CARABINIERI DI GOSALDO POTREBBE CHIUDERE<\/h3>\n<\/blockquote>\n<p><strong><a class=\"dt-pswp-item\" href=\"https:\/\/www.radiopiu.net\/wordpress\/wp-content\/uploads\/2024\/04\/SCR-20240415-rqgq.jpeg\" data-dt-img-description=\"\" data-large_image_width=\"1836\" data-large_image_height=\"1250\"><img loading=\"lazy\" decoding=\"async\" class=\" wp-image-385873 alignleft\" src=\"https:\/\/www.radiopiu.net\/wordpress\/wp-content\/uploads\/2024\/04\/SCR-20240415-rqgq-300x204.jpeg\" alt=\"\" width=\"182\" height=\"124\" srcset=\"https:\/\/www.radiopiu.net\/wordpress\/wp-content\/uploads\/2024\/04\/SCR-20240415-rqgq-300x204.jpeg 300w, https:\/\/www.radiopiu.net\/wordpress\/wp-content\/uploads\/2024\/04\/SCR-20240415-rqgq-1024x697.jpeg 1024w, https:\/\/www.radiopiu.net\/wordpress\/wp-content\/uploads\/2024\/04\/SCR-20240415-rqgq-768x523.jpeg 768w, https:\/\/www.radiopiu.net\/wordpress\/wp-content\/uploads\/2024\/04\/SCR-20240415-rqgq-1536x1046.jpeg 1536w, https:\/\/www.radiopiu.net\/wordpress\/wp-content\/uploads\/2024\/04\/SCR-20240415-rqgq.jpeg 1836w\" sizes=\"auto, (max-width: 182px) 100vw, 182px\" \/><\/a>GOSALDO<\/strong><\/p>\n<p>DI GIANNI SANTOMASO<\/p>\n<audio class=\"wp-audio-shortcode\" id=\"audio-385676-5\" preload=\"none\" style=\"width: 100%;\" controls=\"controls\"><source type=\"audio\/mpeg\" src=\"https:\/\/www.radiopiu.net\/wordpress\/wp-content\/uploads\/2024\/04\/GIANNI-LA-CASERMA-DEI-CARABINIERI-A-GOSALDO-POTREBBE-CHIUDERE.mp3?_=5\" \/><a href=\"https:\/\/www.radiopiu.net\/wordpress\/wp-content\/uploads\/2024\/04\/GIANNI-LA-CASERMA-DEI-CARABINIERI-A-GOSALDO-POTREBBE-CHIUDERE.mp3\">https:\/\/www.radiopiu.net\/wordpress\/wp-content\/uploads\/2024\/04\/GIANNI-LA-CASERMA-DEI-CARABINIERI-A-GOSALDO-POTREBBE-CHIUDERE.mp3<\/a><\/audio>\n<p>&nbsp;<\/p>\n<p>&nbsp;<\/p>\n<hr \/>\n<p>&nbsp;<\/p>\n<blockquote>\n<h3>NUOVE VALVOLE SULL&#8217;ACQUEDOTTO DI VIA VITTORIO VENETO A BELLUNO<\/h3>\n<\/blockquote>\n<p><strong>BELLUNO<\/strong> Prosegue il processo di miglioramento della rete idrica nel Comune di Belluno con l&#8217;installazione di nuove valvole di linea in via Vittorio Veneto, al civico 217, a cura di Bim Gsp. Queste nuove apparecchiature sostituiranno le vecchie e malfunzionanti, consentendo una suddivisione pi\u00f9 efficiente della rete locale. Ci\u00f2 permetter\u00e0 di limitare il numero di utenze coinvolte in eventuali interruzioni della fornitura. Contestualmente, sar\u00e0 realizzato un nuovo allacciamento di un idrante e verr\u00e0 messo in funzione un tratto di nuova condotta, al civico 246 e 248, per migliorare l&#8217;efficienza e ridurre le perdite. L&#8217;intervento, incluso nel progetto finanziato con fondi PNRR, \u00e8 coordinato con le opere in corso sul Ponte Veneggia, sfruttando il periodo di minor traffico veicolare. La fornitura idrica sar\u00e0 sospesa dalle ore 8:00 fino al termine dei lavori lungo via Vittorio Veneto, dai civici 211 al 236. Per ottimizzare i tempi, Bim Gsp ha gi\u00e0 preparato le aree di scavo.<\/p>\n\n\t\t\t<style type='text\/css'>\n\t\t\t\t#gallery-2 {\n\t\t\t\t\tmargin: auto;\n\t\t\t\t}\n\t\t\t\t#gallery-2 .gallery-item {\n\t\t\t\t\tfloat: left;\n\t\t\t\t\tmargin-top: 10px;\n\t\t\t\t\ttext-align: center;\n\t\t\t\t\twidth: 33%;\n\t\t\t\t}\n\t\t\t\t#gallery-2 img {\n\t\t\t\t\tborder: 2px solid #cfcfcf;\n\t\t\t\t}\n\t\t\t\t#gallery-2 .gallery-caption {\n\t\t\t\t\tmargin-left: 0;\n\t\t\t\t}\n\t\t\t\t\/* see gallery_shortcode() in wp-includes\/media.php *\/\n\t\t\t<\/style>\n\t\t<div id='gallery-2' class='dt-gallery-container gallery galleryid-385676 gallery-columns-3 gallery-size-thumbnail'><dl class='gallery-item'>\n\t\t\t\t<dt class='gallery-icon portrait'>\n\t\t\t\t\t<a class=\"rollover rollover-zoom dt-pswp-item\" title=\"1_scavo pavimentazione per rimozione vecchie saracinesche\" data-dt-img-description=\"\" data-large_image_width=\"1323\" data-large_image_height=\"1764\"href='https:\/\/www.radiopiu.net\/wordpress\/wp-content\/uploads\/2024\/04\/1_scavo-pavimentazione-per-rimozione-vecchie-saracinesche.jpg'><img loading=\"lazy\" decoding=\"async\" width=\"150\" height=\"150\" src=\"https:\/\/www.radiopiu.net\/wordpress\/wp-content\/uploads\/2024\/04\/1_scavo-pavimentazione-per-rimozione-vecchie-saracinesche-150x150.jpg\" class=\"attachment-thumbnail size-thumbnail\" alt=\"\" \/><\/a>\n\t\t\t\t<\/dt><\/dl><dl class='gallery-item'>\n\t\t\t\t<dt class='gallery-icon landscape'>\n\t\t\t\t\t<a class=\"rollover rollover-zoom dt-pswp-item\" title=\"2_le valvole da sostituire\" data-dt-img-description=\"\" data-large_image_width=\"1323\" data-large_image_height=\"992\"href='https:\/\/www.radiopiu.net\/wordpress\/wp-content\/uploads\/2024\/04\/2_le-valvole-da-sostituire.jpg'><img loading=\"lazy\" decoding=\"async\" width=\"150\" height=\"150\" src=\"https:\/\/www.radiopiu.net\/wordpress\/wp-content\/uploads\/2024\/04\/2_le-valvole-da-sostituire-150x150.jpg\" class=\"attachment-thumbnail size-thumbnail\" alt=\"\" \/><\/a>\n\t\t\t\t<\/dt><\/dl><dl class='gallery-item'>\n\t\t\t\t<dt class='gallery-icon portrait'>\n\t\t\t\t\t<a class=\"rollover rollover-zoom dt-pswp-item\" title=\"3_scavo pavimentazione per rimozione vecchie saracinesche (2)\" data-dt-img-description=\"\" data-large_image_width=\"1323\" data-large_image_height=\"1764\"href='https:\/\/www.radiopiu.net\/wordpress\/wp-content\/uploads\/2024\/04\/3_scavo-pavimentazione-per-rimozione-vecchie-saracinesche-2.jpg'><img loading=\"lazy\" decoding=\"async\" width=\"150\" height=\"150\" src=\"https:\/\/www.radiopiu.net\/wordpress\/wp-content\/uploads\/2024\/04\/3_scavo-pavimentazione-per-rimozione-vecchie-saracinesche-2-150x150.jpg\" class=\"attachment-thumbnail size-thumbnail\" alt=\"\" \/><\/a>\n\t\t\t\t<\/dt><\/dl><br style=\"clear: both\" \/>\n\t\t\t<\/div>\n\n<p>&nbsp;<\/p>\n<p>&nbsp;<\/p>\n<p>&nbsp;<\/p>\n<hr \/>\n<p>&nbsp;<\/p>\n<blockquote>\n<h3>GIARDINO IN FESTA ALLA PRIMARIA DI LIBANO DI SEDICO<\/h3>\n<\/blockquote>\n<p><strong>SEDICO <\/strong>Nella scuola primaria di Libano, il progetto &#8220;Giardino in festa&#8221; ha coinvolto alunni, insegnanti, genitori e nonni, trasformando un incidente in un&#8217;opportunit\u00e0 di rinascita. Dopo che Binino, un pero amato dagli studenti, fu accidentalmente tagliato, la determinazione dei bambini e delle maestre ha portato alla piantumazione di un nuovo albero, donato dal Vivaio Varotto. Durante l&#8217;evento, le famiglie hanno partecipato attivamente, contribuendo con attrezzi e aiuto alla creazione di un giardino vibrante e accogliente. Questo spazio diventer\u00e0 un luogo per attivit\u00e0 didattiche all&#8217;aperto, promuovendo l&#8217;inclusivit\u00e0 e l&#8217;educazione civica attraverso metodologie partecipative e attive. La sinergia tra natura e cultura, fisico e digitale, individuo e collettivo sar\u00e0 al centro di questa esperienza, che si prefigge di favorire il dialogo e il benessere comune.<\/p>\n\n\t\t\t<style type='text\/css'>\n\t\t\t\t#gallery-3 {\n\t\t\t\t\tmargin: auto;\n\t\t\t\t}\n\t\t\t\t#gallery-3 .gallery-item {\n\t\t\t\t\tfloat: left;\n\t\t\t\t\tmargin-top: 10px;\n\t\t\t\t\ttext-align: center;\n\t\t\t\t\twidth: 25%;\n\t\t\t\t}\n\t\t\t\t#gallery-3 img {\n\t\t\t\t\tborder: 2px solid #cfcfcf;\n\t\t\t\t}\n\t\t\t\t#gallery-3 .gallery-caption {\n\t\t\t\t\tmargin-left: 0;\n\t\t\t\t}\n\t\t\t\t\/* see gallery_shortcode() in wp-includes\/media.php *\/\n\t\t\t<\/style>\n\t\t<div id='gallery-3' class='dt-gallery-container gallery galleryid-385676 gallery-columns-4 gallery-size-thumbnail'><dl class='gallery-item'>\n\t\t\t\t<dt class='gallery-icon landscape'>\n\t\t\t\t\t<a class=\"rollover rollover-zoom dt-pswp-item\" title=\"PHOTO-2024-04-10-12-34-30 (5)\" data-dt-img-description=\"\" data-large_image_width=\"1600\" data-large_image_height=\"1200\"href='https:\/\/www.radiopiu.net\/wordpress\/wp-content\/uploads\/2024\/04\/PHOTO-2024-04-10-12-34-30-5.jpg'><img loading=\"lazy\" decoding=\"async\" width=\"150\" height=\"150\" src=\"https:\/\/www.radiopiu.net\/wordpress\/wp-content\/uploads\/2024\/04\/PHOTO-2024-04-10-12-34-30-5-150x150.jpg\" class=\"attachment-thumbnail size-thumbnail\" alt=\"\" \/><\/a>\n\t\t\t\t<\/dt><\/dl><dl class='gallery-item'>\n\t\t\t\t<dt class='gallery-icon portrait'>\n\t\t\t\t\t<a class=\"rollover rollover-zoom dt-pswp-item\" title=\"PHOTO-2024-04-10-12-34-30 (8)\" data-dt-img-description=\"\" data-large_image_width=\"1200\" data-large_image_height=\"1600\"href='https:\/\/www.radiopiu.net\/wordpress\/wp-content\/uploads\/2024\/04\/PHOTO-2024-04-10-12-34-30-8.jpg'><img loading=\"lazy\" decoding=\"async\" width=\"150\" height=\"150\" src=\"https:\/\/www.radiopiu.net\/wordpress\/wp-content\/uploads\/2024\/04\/PHOTO-2024-04-10-12-34-30-8-150x150.jpg\" class=\"attachment-thumbnail size-thumbnail\" alt=\"\" \/><\/a>\n\t\t\t\t<\/dt><\/dl><dl class='gallery-item'>\n\t\t\t\t<dt class='gallery-icon portrait'>\n\t\t\t\t\t<a class=\"rollover rollover-zoom dt-pswp-item\" title=\"IMG_9325\" data-dt-img-description=\"\" data-large_image_width=\"1920\" data-large_image_height=\"2560\"href='https:\/\/www.radiopiu.net\/wordpress\/wp-content\/uploads\/2024\/04\/IMG_9325-scaled.jpg'><img loading=\"lazy\" decoding=\"async\" width=\"150\" height=\"150\" src=\"https:\/\/www.radiopiu.net\/wordpress\/wp-content\/uploads\/2024\/04\/IMG_9325-150x150.jpg\" class=\"attachment-thumbnail size-thumbnail\" alt=\"\" \/><\/a>\n\t\t\t\t<\/dt><\/dl><dl class='gallery-item'>\n\t\t\t\t<dt class='gallery-icon portrait'>\n\t\t\t\t\t<a class=\"rollover rollover-zoom dt-pswp-item\" title=\"IMG_9406\" data-dt-img-description=\"\" data-large_image_width=\"1920\" data-large_image_height=\"2560\"href='https:\/\/www.radiopiu.net\/wordpress\/wp-content\/uploads\/2024\/04\/IMG_9406-1-scaled.jpg'><img loading=\"lazy\" decoding=\"async\" width=\"150\" height=\"150\" src=\"https:\/\/www.radiopiu.net\/wordpress\/wp-content\/uploads\/2024\/04\/IMG_9406-1-150x150.jpg\" class=\"attachment-thumbnail size-thumbnail\" alt=\"\" \/><\/a>\n\t\t\t\t<\/dt><\/dl><br style=\"clear: both\" \/>\n\t\t\t<\/div>\n\n<p>&nbsp;<\/p>\n<p>&nbsp;<\/p>\n<hr \/>\n<p>&nbsp;<\/p>\n<p>&nbsp;<\/p>\n<blockquote>\n<h2><a class=\"dt-pswp-item\" href=\"https:\/\/www.radiopiu.net\/wordpress\/wp-content\/uploads\/2023\/10\/PISTA-BOB-CORTINA.jpg\" data-dt-img-description=\"\" data-large_image_width=\"800\" data-large_image_height=\"600\"><img loading=\"lazy\" decoding=\"async\" class=\"wp-image-357136 alignleft\" src=\"https:\/\/www.radiopiu.net\/wordpress\/wp-content\/uploads\/2023\/10\/PISTA-BOB-CORTINA-300x225.jpg\" alt=\"\" width=\"117\" height=\"88\" srcset=\"https:\/\/www.radiopiu.net\/wordpress\/wp-content\/uploads\/2023\/10\/PISTA-BOB-CORTINA-300x225.jpg 300w, https:\/\/www.radiopiu.net\/wordpress\/wp-content\/uploads\/2023\/10\/PISTA-BOB-CORTINA-768x576.jpg 768w, https:\/\/www.radiopiu.net\/wordpress\/wp-content\/uploads\/2023\/10\/PISTA-BOB-CORTINA.jpg 800w\" sizes=\"auto, (max-width: 117px) 100vw, 117px\" \/><\/a>Giochi 2026: TAR respinge ricorso Italia Nostra su progetto Cortina Sliding Centre<\/h2>\n<\/blockquote>\n<p><span style=\"color: #ff0000;\">DI BARBARA PAOLAZZI, PER LE TRE RADIO\u00a0<\/span><\/p>\n<audio class=\"wp-audio-shortcode\" id=\"audio-385676-6\" preload=\"none\" style=\"width: 100%;\" controls=\"controls\"><source type=\"audio\/mpeg\" src=\"https:\/\/www.radiopiu.net\/wordpress\/wp-content\/uploads\/2024\/04\/BARBARA.mp3?_=6\" \/><a href=\"https:\/\/www.radiopiu.net\/wordpress\/wp-content\/uploads\/2024\/04\/BARBARA.mp3\">https:\/\/www.radiopiu.net\/wordpress\/wp-content\/uploads\/2024\/04\/BARBARA.mp3<\/a><\/audio>\n<p>&nbsp;<\/p>\n<p>&nbsp;<\/p>\n<hr \/>\n<p>&nbsp;<\/p>\n<p><strong class=\"photoswipe-wrapper\"><a class=\"dt-pswp-item pspw-wrap-ready\" href=\"https:\/\/www.radiopiu.net\/wordpress\/wp-content\/uploads\/2024\/01\/Senza-nome-34.png\" data-dt-img-description=\"\" data-large_image_width=\"239\" data-large_image_height=\"153\"><img loading=\"lazy\" decoding=\"async\" class=\"wp-image-369478 alignleft\" src=\"https:\/\/www.radiopiu.net\/wordpress\/wp-content\/uploads\/2024\/01\/Senza-nome-34.png\" alt=\"\" width=\"128\" height=\"82\" \/><\/a><\/strong><\/p>\n<p><strong>dal TG BELLUNESE di\u00a0 ANTENNA 3 ogni sera alle 19.30 sul canale 10 del digitale terrestre e alle 19 le anticipazioni alla radio.\u00a0\u00a0<\/strong><\/p>\n<p>&nbsp;<\/p>\n<p>&nbsp;<\/p>\n<h1 class=\"_title post-title entry-title\">CORAZZARI: \u00abCACCIATORI E PESCATORI PRESIDIO DEL TERRITORIO\u00bb<\/h1>\n<p>Intervistati CRISTIANO CORAZZARI (ASSESSORE TERRITORIO REGIONE VENETO), MICHELE DAL FARRA (PRESIDENTE LONGARONE FIERE DOLOMITI) (Servizio di\u00a0<a href=\"https:\/\/antennatre.medianordest.it\/redazione\/Tiziana-Bolognani\/\">Tiziana Bolognani<\/a>)<\/p>\n<p><iframe loading=\"lazy\" title=\"CORAZZARI: \u00abCACCIATORI E PESCATORI PRESIDIO DEL TERRITORIO\u00bb | 15\/04\/2024\" width=\"1200\" height=\"675\" src=\"https:\/\/www.youtube.com\/embed\/x4pEu9xTdZo?feature=oembed\" frameborder=\"0\" allow=\"accelerometer; autoplay; clipboard-write; encrypted-media; gyroscope; picture-in-picture; web-share\" referrerpolicy=\"strict-origin-when-cross-origin\" allowfullscreen><\/iframe><\/p>\n<p>&nbsp;<\/p>\n<p>&nbsp;<\/p>\n<hr \/>\n<p>&nbsp;<\/p>\n<p><span style=\"color: #0000ff;\">OGGI SUL CORRIERE DELLE ALPI<\/span><\/p>\n<p><span style=\"color: #0000ff;\">SINTESI DELLA GIUDIZIARIA, GLI ARTICOLI DI GIGI SOSSO<\/span><br \/>\n<strong>Truffa dei Gelati: Venditore Inadempiente Condemnato dal Tribunale di Belluno<\/strong><\/p>\n<p>BELLUNO\u00a0 Un barista bellunese, desideroso di ampliare il suo business con gelati su strada, vers\u00f2 un acconto di 14.640 euro per un motoveicolo attrezzato. Il venditore non consegn\u00f2 il veicolo n\u00e9 emise fattura. Il giudice Mertens ordin\u00f2 il rimborso dell&#8217;acconto e spese legali, ma senza risarcimento per i mancati incassi estivi.<\/p>\n<p>&nbsp;<\/p>\n<p><strong>Condannato Finto Medico dell&#8217;INPS per Furto agli Anziani<\/strong><\/p>\n<p>SANTA GIUSTINA La Cassazione conferma la condanna definitiva di G S, falso medico dell&#8217;INPS, per furto in appartamento aggravato. Il giudice Antonella Coniglio lo defin\u00ec &#8220;delinquente abituale&#8221;, fingendosi medico, derubava anziani, con il ricorso dichiarato inammissibile, ora deve pagare 3.000 euro alla cassa delle Ammende<\/p>\n<p>&nbsp;<\/p>\n<div class=\"flex-1 overflow-hidden\">\n<div class=\"react-scroll-to-bottom--css-gohku-79elbk h-full\">\n<div class=\"react-scroll-to-bottom--css-gohku-1n7m0yu\">\n<div class=\"flex flex-col text-sm pb-9\">\n<div class=\"w-full text-token-text-primary\" dir=\"auto\" data-testid=\"conversation-turn-5\">\n<div class=\"px-4 py-2 justify-center text-base md:gap-6 m-auto\">\n<div class=\"flex flex-1 text-base mx-auto gap-3 juice:gap-4 juice:md:gap-6 md:px-5 lg:px-1 xl:px-5 md:max-w-3xl lg:max-w-[40rem] xl:max-w-[48rem]\">\n<div class=\"relative flex w-full flex-col agent-turn\">\n<div class=\"flex-col gap-1 md:gap-3\">\n<div class=\"mt-1 flex gap-3 empty:hidden\">\n<div class=\"text-gray-400 flex self-end lg:self-center items-center justify-center lg:justify-start mt-0 -ml-1 h-7 gap-[2px] visible\"><strong>Richiesta di Risarcimento di 200 mila Euro per Schianto con Auto di Amico<\/strong><\/div>\n<div><\/div>\n<\/div>\n<\/div>\n<div class=\"absolute\">\n<div class=\"flex w-full gap-2 items-center justify-center\">\u00a0CENCENIGHE\u00a0 coinvolto in un incidente durante il quale il proprietario dell&#8217;auto riport\u00f2 gravi ferite, chiede la sospensione del processo in cambio di lavori di pubblica utilit\u00e0. Il procuratore chiede un anno di messa alla prova. L&#8217;incidente, causato da velocit\u00e0 e guida in stato di ebbrezza, richiede un accordo di risarcimento prima della possibile sospensione del processo.<\/div>\n<\/div>\n<\/div>\n<\/div>\n<\/div>\n<\/div>\n<\/div>\n<\/div>\n<\/div>\n<\/div>\n<div class=\"w-full pt-2 md:pt-0 dark:border-white\/20 md:border-transparent md:dark:border-transparent md:w-[calc(100%-.5rem)]\">\n<form class=\"stretch mx-2 flex flex-row gap-3 last:mb-2 md:mx-4 md:last:mb-6 lg:mx-auto lg:max-w-2xl xl:max-w-3xl\">\n<div class=\"relative flex h-full flex-1 flex-col\">\n<div class=\"absolute bottom-full left-0 right-0\">\n<div class=\"flex-1 overflow-hidden\">\n<div class=\"react-scroll-to-bottom--css-gohku-79elbk h-full\">\n<div class=\"react-scroll-to-bottom--css-gohku-1n7m0yu\">\n<div class=\"flex flex-col text-sm pb-9\">\n<div class=\"w-full text-token-text-primary\" dir=\"auto\" data-testid=\"conversation-turn-11\">\n<div class=\"px-4 py-2 justify-center text-base md:gap-6 m-auto\">\n<div class=\"flex flex-1 text-base mx-auto gap-3 juice:gap-4 juice:md:gap-6 md:px-5 lg:px-1 xl:px-5 md:max-w-3xl lg:max-w-[40rem] xl:max-w-[48rem]\">\n<div class=\"relative flex w-full flex-col agent-turn\">\n<div class=\"flex-col gap-1 md:gap-3\">\n<div class=\"mt-1 flex gap-3 empty:hidden\">\n<div class=\"text-gray-400 flex self-end lg:self-center items-center justify-center lg:justify-start mt-0 -ml-1 h-7 gap-[2px] visible\">\n<div class=\"flex\"><\/div>\n<\/div>\n<\/div>\n<div class=\"pr-2 lg:pr-0\"><\/div>\n<\/div>\n<\/div>\n<\/div>\n<\/div>\n<\/div>\n<\/div>\n<\/div>\n<\/div>\n<\/div>\n<\/div>\n<div class=\"flex w-full items-center\"><\/div>\n<\/div>\n<\/form>\n<\/div>\n<hr \/>\n<p>&nbsp;<\/p>\n<blockquote>\n<h3><a class=\"dt-pswp-item\" href=\"https:\/\/www.radiopiu.net\/wordpress\/wp-content\/uploads\/2021\/03\/ULSS-1.jpg\" data-dt-img-description=\"\" data-large_image_width=\"776\" data-large_image_height=\"408\"><img loading=\"lazy\" decoding=\"async\" class=\" wp-image-198838 alignleft\" src=\"https:\/\/www.radiopiu.net\/wordpress\/wp-content\/uploads\/2021\/03\/ULSS-1-300x158.jpg\" alt=\"\" width=\"158\" height=\"83\" srcset=\"https:\/\/www.radiopiu.net\/wordpress\/wp-content\/uploads\/2021\/03\/ULSS-1-300x158.jpg 300w, https:\/\/www.radiopiu.net\/wordpress\/wp-content\/uploads\/2021\/03\/ULSS-1-768x404.jpg 768w, https:\/\/www.radiopiu.net\/wordpress\/wp-content\/uploads\/2021\/03\/ULSS-1.jpg 776w\" sizes=\"auto, (max-width: 158px) 100vw, 158px\" \/><\/a>ULSS 1 DOLOMITI: TRASFERITI TRE AMBULATORI DI FELTRE<\/h3>\n<\/blockquote>\n<p><strong>FELTRE<\/strong> Il servizio di Medicina dello Sport e la Medicina di Gruppo Integrata (ex UTAP) hanno fatto ritorno nello stabile di via Marconi a Feltre. L&#8217;ambulatorio di Medicina dello Sport ora si trova al 2\u00b0 piano, mentre la Medicina di Gruppo Integrata (ex UTAP) \u00e8 stata ricollocata al piano terra, negli spazi precedentemente utilizzati. Inoltre, il Servizio Sociale per l&#8217;et\u00e0 Adulta ed Anziana ha cominciato il trasferimento dal Padiglione Gaggia alla nuova sede di Via Marconi, al primo piano, a partire da ieri<\/p>\n<p>&nbsp;<\/p>\n<p>&nbsp;<\/p>\n<hr \/>\n<p>&nbsp;<\/p>\n<blockquote>\n<h3>LA TAPPA BELLUNESE DI RUN4HOPE PER AIUTARE L&#8217;AIL<\/h3>\n<\/blockquote>\n<p><strong><a class=\"dt-pswp-item\" href=\"https:\/\/www.radiopiu.net\/wordpress\/wp-content\/uploads\/2024\/04\/RUN4HOPE.png\" data-dt-img-description=\"\" data-large_image_width=\"350\" data-large_image_height=\"176\"><img loading=\"lazy\" decoding=\"async\" class=\" wp-image-385879 alignleft\" src=\"https:\/\/www.radiopiu.net\/wordpress\/wp-content\/uploads\/2024\/04\/RUN4HOPE-300x151.png\" alt=\"\" width=\"193\" height=\"97\" srcset=\"https:\/\/www.radiopiu.net\/wordpress\/wp-content\/uploads\/2024\/04\/RUN4HOPE-300x151.png 300w, https:\/\/www.radiopiu.net\/wordpress\/wp-content\/uploads\/2024\/04\/RUN4HOPE.png 350w\" sizes=\"auto, (max-width: 193px) 100vw, 193px\" \/><\/a>BELLUNO<\/strong> Tappa bellunese per la staffetta solidale Run For Hope: di corsa da Feltre a Belluno per sostenere l&#8217;Ail.<\/p>\n<p><strong>DI DANIELE DALVIT<\/strong><\/p>\n<audio class=\"wp-audio-shortcode\" id=\"audio-385676-7\" preload=\"none\" style=\"width: 100%;\" controls=\"controls\"><source type=\"audio\/mpeg\" src=\"https:\/\/www.radiopiu.net\/wordpress\/wp-content\/uploads\/2024\/04\/Radio-Piu-Servizio-Run4Hope-2024.mp3?_=7\" \/><a href=\"https:\/\/www.radiopiu.net\/wordpress\/wp-content\/uploads\/2024\/04\/Radio-Piu-Servizio-Run4Hope-2024.mp3\">https:\/\/www.radiopiu.net\/wordpress\/wp-content\/uploads\/2024\/04\/Radio-Piu-Servizio-Run4Hope-2024.mp3<\/a><\/audio>\n<p>&nbsp;<\/p>\n<hr \/>\n<p>&nbsp;<\/p>\n<blockquote>\n<h2><a class=\"dt-pswp-item\" href=\"https:\/\/www.radiopiu.net\/wordpress\/wp-content\/uploads\/2024\/04\/th-5.jpg\" data-dt-img-description=\"\" data-large_image_width=\"271\" data-large_image_height=\"180\"><img loading=\"lazy\" decoding=\"async\" class=\" wp-image-385795 alignleft\" src=\"https:\/\/www.radiopiu.net\/wordpress\/wp-content\/uploads\/2024\/04\/th-5.jpg\" alt=\"\" width=\"209\" height=\"139\" \/><\/a>Il mattone veneto \u00e8 in crescita nel primo trimestre del 2024<\/h2>\n<\/blockquote>\n<p><strong>REDAZIONE<\/strong> Mattone in crescita, con la salita dei prezzi sia di vendita che di affitto, ma \u00e8 soprattutto la domanda a performare bene in entrambi i comparti. Queste sono alcune delle evidenze emerse dall\u2019Osservatorio trimestrale regionale a cura di Immobiliare.it Insights, societ\u00e0 specializzata in big data e market intelligence per il settore immobiliare del gruppo di Immobiliare.it, il portale immobiliare leader in Italia. In regione, le persone che desiderano comprare casa sono aumentate quasi del 20% in un trimestre, con i prezzi saliti nello stesso periodo dell\u20191,6%. Alla fine di marzo, acquistare un immobile costa di media 2.183 euro\/mq. Nonostante una domanda cos\u00ec in positivo, non si riduce per\u00f2 l\u2019offerta, che anzi cresce di 2,5 punti percentuali da inizio anno. Lo stock di case sul mercato si riduce se si guarda invece al settore delle locazioni.<\/p>\n<p>&nbsp;<\/p>\n<p>&nbsp;<\/p>\n<hr \/>\n<p>&nbsp;<\/p>\n<blockquote>\n<h3>L\u2019UCCELLO DI FUOCO &amp; BOL\u00c9RO<\/h3>\n<\/blockquote>\n<p>RASSEGNA DI DANZA E DI CIRCO CONTEMPORANEO AL TEATRO DINO BUZZATI DI BELLUNO<br \/>\nSi avvicina l\u2019ultimo appuntamento in programma con la Rassegna di Danza e Circo Contemporaneo in collaborazione con Arteven &#8211; Circuito Multidisciplinare Regionale. \u201cL\u2019UCCELLO DI FUOCO\u201d \u00e8 uno dei grandi balletti presentanti all\u2019Op\u00e9ra de Paris da Les Ballet Russes con musica commissionata a Igor Stravinsky.\u00a0 Un\u2019incredibile occasione per poter ammirare un grande spettacolo sul palco del Teatro Dino Buzzati di Belluno. VENDITA BIGLIETTI &#8211; presso il Museo Civico di Belluno &#8211; Via Roma 28, 32100 Belluno &#8211; Tel. 0437 913323<\/p>\n<p>&nbsp;<\/p>\n<p>&nbsp;<\/p>\n\n\t\t\t<style type='text\/css'>\n\t\t\t\t#gallery-4 {\n\t\t\t\t\tmargin: auto;\n\t\t\t\t}\n\t\t\t\t#gallery-4 .gallery-item {\n\t\t\t\t\tfloat: left;\n\t\t\t\t\tmargin-top: 10px;\n\t\t\t\t\ttext-align: center;\n\t\t\t\t\twidth: 50%;\n\t\t\t\t}\n\t\t\t\t#gallery-4 img {\n\t\t\t\t\tborder: 2px solid #cfcfcf;\n\t\t\t\t}\n\t\t\t\t#gallery-4 .gallery-caption {\n\t\t\t\t\tmargin-left: 0;\n\t\t\t\t}\n\t\t\t\t\/* see gallery_shortcode() in wp-includes\/media.php *\/\n\t\t\t<\/style>\n\t\t<div id='gallery-4' class='dt-gallery-container gallery galleryid-385676 gallery-columns-2 gallery-size-medium'><dl class='gallery-item'>\n\t\t\t\t<dt class='gallery-icon landscape'>\n\t\t\t\t\t<a class=\"rollover rollover-zoom dt-pswp-item\" title=\"23S270-05-50057\" data-dt-img-description=\"\" data-large_image_width=\"2449\" data-large_image_height=\"1633\"href='https:\/\/www.radiopiu.net\/wordpress\/wp-content\/uploads\/2024\/04\/23S270-05-50057.jpg'><img loading=\"lazy\" decoding=\"async\" width=\"300\" height=\"200\" src=\"https:\/\/www.radiopiu.net\/wordpress\/wp-content\/uploads\/2024\/04\/23S270-05-50057-300x200.jpg\" class=\"attachment-medium size-medium\" alt=\"\" srcset=\"https:\/\/www.radiopiu.net\/wordpress\/wp-content\/uploads\/2024\/04\/23S270-05-50057-300x200.jpg 300w, https:\/\/www.radiopiu.net\/wordpress\/wp-content\/uploads\/2024\/04\/23S270-05-50057-1024x683.jpg 1024w, https:\/\/www.radiopiu.net\/wordpress\/wp-content\/uploads\/2024\/04\/23S270-05-50057-768x512.jpg 768w, https:\/\/www.radiopiu.net\/wordpress\/wp-content\/uploads\/2024\/04\/23S270-05-50057-1536x1024.jpg 1536w, https:\/\/www.radiopiu.net\/wordpress\/wp-content\/uploads\/2024\/04\/23S270-05-50057-2048x1366.jpg 2048w\" sizes=\"auto, (max-width: 300px) 100vw, 300px\" \/><\/a>\n\t\t\t\t<\/dt><\/dl><dl class='gallery-item'>\n\t\t\t\t<dt class='gallery-icon landscape'>\n\t\t\t\t\t<a class=\"rollover rollover-zoom dt-pswp-item\" title=\"h0b9aqal\" data-dt-img-description=\"\" data-large_image_width=\"2449\" data-large_image_height=\"1633\"href='https:\/\/www.radiopiu.net\/wordpress\/wp-content\/uploads\/2024\/04\/h0b9aqal.bmp'><img loading=\"lazy\" decoding=\"async\" width=\"300\" height=\"200\" src=\"https:\/\/www.radiopiu.net\/wordpress\/wp-content\/uploads\/2024\/04\/h0b9aqal.bmp\" class=\"attachment-medium size-medium\" alt=\"\" \/><\/a>\n\t\t\t\t<\/dt><\/dl><br style=\"clear: both\" \/>\n\t\t\t<\/div>\n\n<p>&nbsp;<\/p>\n<hr \/>\n<p>&nbsp;<\/p>\n<h2><span style=\"color: #ff0000;\">CONSIGLI COMUNALI IN AGORDINO<\/span><\/h2>\n<p><strong>LIVINALLONGO<\/strong> Il sindaco di Livinallongo Leandro Grones ha convocato i consiglieri comunali per luned\u00ec alle 20:30. Saranno 7 i punti da discutere nel consiglio comunale. Tra i punti all&#8217;ordine del giorno l&#8217;approvazione del regolamento comunale per locazione di unit\u00e0 immobliari, la costituzione dei Ladins de Souramont, due variazioni a bilancio e una convenzione con l&#8217;Ulss 1 Dolomiti per l&#8217;erogazione di impegnative particolari.<\/p>\n<p>&nbsp;<\/p>\n<p>&nbsp;<\/p>\n<hr \/>\n<p>&nbsp;<\/p>\n<blockquote>\n<h3>A MEL UN WORKSHOP PER PARLARE DEL CORPO<\/h3>\n<\/blockquote>\n<p><strong><a class=\"dt-pswp-item\" href=\"https:\/\/www.radiopiu.net\/wordpress\/wp-content\/uploads\/2024\/04\/post.png\" data-dt-img-description=\"\" data-large_image_width=\"940\" data-large_image_height=\"788\"><img loading=\"lazy\" decoding=\"async\" class=\" wp-image-385850 alignleft\" src=\"https:\/\/www.radiopiu.net\/wordpress\/wp-content\/uploads\/2024\/04\/post-300x251.png\" alt=\"\" width=\"139\" height=\"116\" srcset=\"https:\/\/www.radiopiu.net\/wordpress\/wp-content\/uploads\/2024\/04\/post-300x251.png 300w, https:\/\/www.radiopiu.net\/wordpress\/wp-content\/uploads\/2024\/04\/post-768x644.png 768w, https:\/\/www.radiopiu.net\/wordpress\/wp-content\/uploads\/2024\/04\/post.png 940w\" sizes=\"auto, (max-width: 139px) 100vw, 139px\" \/><\/a>BORGO VALBELLUNA<\/strong> &#8220;Dal corpo alla parola&#8221; \u00e8 un workshop che unisce espressione creativa e movimento corporeo. Scopo: liberare il corpo da tensioni, connetterlo con l&#8217;istinto artistico e il fuoco scenico. Aperto a tutti, anche a chi ha esperienza. Attraverso il movimento libero e la gestione del corpo, impareremo a farlo dialogare con la parola. L&#8217;attore agisce organicamente: corpo e parola si fondono. Analizzeremo testi, esploreremo lo spazio e la vita silenziosa. Il laboratorio comprende 5 lezioni di 1 ora e 30 minuti, suddivise per et\u00e0: 11-14, 15-18, adulti. Si terr\u00e0 presso l&#8217;ex chiesa di San Pietro di Borgo Valbelluna ogni gioved\u00ec di maggio 2024. Contatti: <a target=\"_new\" rel=\"noopener\">fornasatilive@gmail.com<\/a>, 3298849696.<\/p>\n<p><strong>DI ROBERTO BONA<\/strong><\/p>\n<audio class=\"wp-audio-shortcode\" id=\"audio-385676-8\" preload=\"none\" style=\"width: 100%;\" controls=\"controls\"><source type=\"audio\/mpeg\" src=\"https:\/\/www.radiopiu.net\/wordpress\/wp-content\/uploads\/2024\/04\/BONA-DAL-CORPO-ALLA-PAROLA.mp3?_=8\" \/><a href=\"https:\/\/www.radiopiu.net\/wordpress\/wp-content\/uploads\/2024\/04\/BONA-DAL-CORPO-ALLA-PAROLA.mp3\">https:\/\/www.radiopiu.net\/wordpress\/wp-content\/uploads\/2024\/04\/BONA-DAL-CORPO-ALLA-PAROLA.mp3<\/a><\/audio>\n<p>&nbsp;<\/p>\n<hr \/>\n<p>&nbsp;<\/p>\n<blockquote>\n<h3>LA GIORNATA ECOLOGICA A FALCADE<\/h3>\n<\/blockquote>\n<p><strong>FALCADE<\/strong> Il Comune di Falcade e la Pro Loco di Caviola insieme allo Sci Club Val Biois stanno organizzando una Giornata ecologica per la pulizia del territorio comunale. La giornata ecologica si terr\u00e0 sabato 20 aprile, con ritrovo alle 8:30 al municipio di Falcade. Ai partecipanti saranno forniti guanti, sacchetti e tutto il necessario per la pulizia. Alla fine della mattinata, \u00e8 previsto un piatto di pasta offerto presso la Pizzeria Livia di Caviola.<\/p>\n<p>&nbsp;<\/p>\n<hr \/>\n<p>&nbsp;<\/p>\n<blockquote>\n<h3>SABATO 20 APRILE LA GIORNATA DELLA RIPARAZIONE, DEL RICICLO E DEL RIUSO<\/h3>\n<\/blockquote>\n<p><strong><a class=\"dt-pswp-item\" href=\"https:\/\/www.radiopiu.net\/wordpress\/wp-content\/uploads\/2024\/04\/unnamed-4.jpg\" data-dt-img-description=\"\" data-large_image_width=\"1920\" data-large_image_height=\"1440\"><img loading=\"lazy\" decoding=\"async\" class=\" wp-image-385098 alignleft\" src=\"https:\/\/www.radiopiu.net\/wordpress\/wp-content\/uploads\/2024\/04\/unnamed-4-300x225.jpg\" alt=\"\" width=\"183\" height=\"137\" srcset=\"https:\/\/www.radiopiu.net\/wordpress\/wp-content\/uploads\/2024\/04\/unnamed-4-300x225.jpg 300w, https:\/\/www.radiopiu.net\/wordpress\/wp-content\/uploads\/2024\/04\/unnamed-4-1024x768.jpg 1024w, https:\/\/www.radiopiu.net\/wordpress\/wp-content\/uploads\/2024\/04\/unnamed-4-768x576.jpg 768w, https:\/\/www.radiopiu.net\/wordpress\/wp-content\/uploads\/2024\/04\/unnamed-4-1536x1152.jpg 1536w, https:\/\/www.radiopiu.net\/wordpress\/wp-content\/uploads\/2024\/04\/unnamed-4.jpg 1920w\" sizes=\"auto, (max-width: 183px) 100vw, 183px\" \/><\/a><\/strong><strong>BELLUNO <\/strong>Sabato 20 Aprile 2024, il Centro Diocesano Giovanni XXIII a Belluno ospiter\u00e0 la Giornata della Riparazione, promuovendo riparazione, riciclo e riuso. Con il Sindaco De Pellegrin e altri relatori illustri, si presenter\u00e0 il libro &#8220;I 6 Principi Naturali nell&#8217;Impresa e nella Societ\u00e0 Civile&#8221; di Paolo Ricotti. Saranno discussi modelli di produzione circolari, riparazioni professionali e pratiche di riuso nel settore della ristorazione. Roberto Basso parler\u00e0 di noleggio di stoviglie riutilizzabili, Mirco De Bona, esperto di riparazioni professionali, condivider\u00e0 la sua esperienza e l&#8217;importanza di sensibilizzare le persone affinch\u00e9 adottino un cambiamento di tendenza verso la riparazione anzich\u00e9 il rimpiazzo mentre Michele Verdolini presenter\u00e0 progetti sostenibili del Fablab. Dibattito e networking completeranno l&#8217;evento, aperto a tutti per promuovere uno stile di vita sostenibile. Per info e iscrizioni: <a target=\"_new\" rel=\"noopener\">stefano.balbinot@centroconsorzi.it<\/a>, tel. 0437 851 351.<\/p>\n\n\t\t\t<style type='text\/css'>\n\t\t\t\t#gallery-5 {\n\t\t\t\t\tmargin: auto;\n\t\t\t\t}\n\t\t\t\t#gallery-5 .gallery-item {\n\t\t\t\t\tfloat: left;\n\t\t\t\t\tmargin-top: 10px;\n\t\t\t\t\ttext-align: center;\n\t\t\t\t\twidth: 25%;\n\t\t\t\t}\n\t\t\t\t#gallery-5 img {\n\t\t\t\t\tborder: 2px solid #cfcfcf;\n\t\t\t\t}\n\t\t\t\t#gallery-5 .gallery-caption {\n\t\t\t\t\tmargin-left: 0;\n\t\t\t\t}\n\t\t\t\t\/* see gallery_shortcode() in wp-includes\/media.php *\/\n\t\t\t<\/style>\n\t\t<div id='gallery-5' class='dt-gallery-container gallery galleryid-385676 gallery-columns-4 gallery-size-thumbnail'><dl class='gallery-item'>\n\t\t\t\t<dt class='gallery-icon landscape'>\n\t\t\t\t\t<a class=\"rollover rollover-zoom dt-pswp-item\" title=\"434646767_928155109311500_551099170992330159_n\" data-dt-img-description=\"\" data-large_image_width=\"2048\" data-large_image_height=\"2048\"href='https:\/\/www.radiopiu.net\/wordpress\/wp-content\/uploads\/2024\/04\/434646767_928155109311500_551099170992330159_n.jpg'><img loading=\"lazy\" decoding=\"async\" width=\"150\" height=\"150\" src=\"https:\/\/www.radiopiu.net\/wordpress\/wp-content\/uploads\/2024\/04\/434646767_928155109311500_551099170992330159_n-150x150.jpg\" class=\"attachment-thumbnail size-thumbnail\" alt=\"\" srcset=\"https:\/\/www.radiopiu.net\/wordpress\/wp-content\/uploads\/2024\/04\/434646767_928155109311500_551099170992330159_n-150x150.jpg 150w, https:\/\/www.radiopiu.net\/wordpress\/wp-content\/uploads\/2024\/04\/434646767_928155109311500_551099170992330159_n-300x300.jpg 300w, https:\/\/www.radiopiu.net\/wordpress\/wp-content\/uploads\/2024\/04\/434646767_928155109311500_551099170992330159_n-1024x1024.jpg 1024w, https:\/\/www.radiopiu.net\/wordpress\/wp-content\/uploads\/2024\/04\/434646767_928155109311500_551099170992330159_n-768x768.jpg 768w, https:\/\/www.radiopiu.net\/wordpress\/wp-content\/uploads\/2024\/04\/434646767_928155109311500_551099170992330159_n-1536x1536.jpg 1536w, https:\/\/www.radiopiu.net\/wordpress\/wp-content\/uploads\/2024\/04\/434646767_928155109311500_551099170992330159_n.jpg 2048w\" sizes=\"auto, (max-width: 150px) 100vw, 150px\" \/><\/a>\n\t\t\t\t<\/dt><\/dl><dl class='gallery-item'>\n\t\t\t\t<dt class='gallery-icon landscape'>\n\t\t\t\t\t<a class=\"rollover rollover-zoom dt-pswp-item\" title=\"434605685_928155115978166_659216115900202562_n\" data-dt-img-description=\"\" data-large_image_width=\"2048\" data-large_image_height=\"2048\"href='https:\/\/www.radiopiu.net\/wordpress\/wp-content\/uploads\/2024\/04\/434605685_928155115978166_659216115900202562_n.jpg'><img loading=\"lazy\" decoding=\"async\" width=\"150\" height=\"150\" src=\"https:\/\/www.radiopiu.net\/wordpress\/wp-content\/uploads\/2024\/04\/434605685_928155115978166_659216115900202562_n-150x150.jpg\" class=\"attachment-thumbnail size-thumbnail\" alt=\"\" srcset=\"https:\/\/www.radiopiu.net\/wordpress\/wp-content\/uploads\/2024\/04\/434605685_928155115978166_659216115900202562_n-150x150.jpg 150w, https:\/\/www.radiopiu.net\/wordpress\/wp-content\/uploads\/2024\/04\/434605685_928155115978166_659216115900202562_n-300x300.jpg 300w, https:\/\/www.radiopiu.net\/wordpress\/wp-content\/uploads\/2024\/04\/434605685_928155115978166_659216115900202562_n-1024x1024.jpg 1024w, https:\/\/www.radiopiu.net\/wordpress\/wp-content\/uploads\/2024\/04\/434605685_928155115978166_659216115900202562_n-768x768.jpg 768w, https:\/\/www.radiopiu.net\/wordpress\/wp-content\/uploads\/2024\/04\/434605685_928155115978166_659216115900202562_n-1536x1536.jpg 1536w, https:\/\/www.radiopiu.net\/wordpress\/wp-content\/uploads\/2024\/04\/434605685_928155115978166_659216115900202562_n.jpg 2048w\" sizes=\"auto, (max-width: 150px) 100vw, 150px\" \/><\/a>\n\t\t\t\t<\/dt><\/dl><dl class='gallery-item'>\n\t\t\t\t<dt class='gallery-icon landscape'>\n\t\t\t\t\t<a class=\"rollover rollover-zoom dt-pswp-item\" title=\"420545694_928155112644833_7720655077078253254_n\" data-dt-img-description=\"\" data-large_image_width=\"2048\" data-large_image_height=\"2048\"href='https:\/\/www.radiopiu.net\/wordpress\/wp-content\/uploads\/2024\/04\/420545694_928155112644833_7720655077078253254_n.jpg'><img loading=\"lazy\" decoding=\"async\" width=\"150\" height=\"150\" src=\"https:\/\/www.radiopiu.net\/wordpress\/wp-content\/uploads\/2024\/04\/420545694_928155112644833_7720655077078253254_n-150x150.jpg\" class=\"attachment-thumbnail size-thumbnail\" alt=\"\" srcset=\"https:\/\/www.radiopiu.net\/wordpress\/wp-content\/uploads\/2024\/04\/420545694_928155112644833_7720655077078253254_n-150x150.jpg 150w, https:\/\/www.radiopiu.net\/wordpress\/wp-content\/uploads\/2024\/04\/420545694_928155112644833_7720655077078253254_n-300x300.jpg 300w, https:\/\/www.radiopiu.net\/wordpress\/wp-content\/uploads\/2024\/04\/420545694_928155112644833_7720655077078253254_n-1024x1024.jpg 1024w, https:\/\/www.radiopiu.net\/wordpress\/wp-content\/uploads\/2024\/04\/420545694_928155112644833_7720655077078253254_n-768x768.jpg 768w, https:\/\/www.radiopiu.net\/wordpress\/wp-content\/uploads\/2024\/04\/420545694_928155112644833_7720655077078253254_n-1536x1536.jpg 1536w, https:\/\/www.radiopiu.net\/wordpress\/wp-content\/uploads\/2024\/04\/420545694_928155112644833_7720655077078253254_n.jpg 2048w\" sizes=\"auto, (max-width: 150px) 100vw, 150px\" \/><\/a>\n\t\t\t\t<\/dt><\/dl><dl class='gallery-item'>\n\t\t\t\t<dt class='gallery-icon landscape'>\n\t\t\t\t\t<a class=\"rollover rollover-zoom dt-pswp-item\" title=\"417392199_928155209311490_685700360699864316_n\" data-dt-img-description=\"\" data-large_image_width=\"2048\" data-large_image_height=\"2048\"href='https:\/\/www.radiopiu.net\/wordpress\/wp-content\/uploads\/2024\/04\/417392199_928155209311490_685700360699864316_n.jpg'><img loading=\"lazy\" decoding=\"async\" width=\"150\" height=\"150\" src=\"https:\/\/www.radiopiu.net\/wordpress\/wp-content\/uploads\/2024\/04\/417392199_928155209311490_685700360699864316_n-150x150.jpg\" class=\"attachment-thumbnail size-thumbnail\" alt=\"\" srcset=\"https:\/\/www.radiopiu.net\/wordpress\/wp-content\/uploads\/2024\/04\/417392199_928155209311490_685700360699864316_n-150x150.jpg 150w, https:\/\/www.radiopiu.net\/wordpress\/wp-content\/uploads\/2024\/04\/417392199_928155209311490_685700360699864316_n-300x300.jpg 300w, https:\/\/www.radiopiu.net\/wordpress\/wp-content\/uploads\/2024\/04\/417392199_928155209311490_685700360699864316_n-1024x1024.jpg 1024w, https:\/\/www.radiopiu.net\/wordpress\/wp-content\/uploads\/2024\/04\/417392199_928155209311490_685700360699864316_n-768x768.jpg 768w, https:\/\/www.radiopiu.net\/wordpress\/wp-content\/uploads\/2024\/04\/417392199_928155209311490_685700360699864316_n-1536x1536.jpg 1536w, https:\/\/www.radiopiu.net\/wordpress\/wp-content\/uploads\/2024\/04\/417392199_928155209311490_685700360699864316_n.jpg 2048w\" sizes=\"auto, (max-width: 150px) 100vw, 150px\" \/><\/a>\n\t\t\t\t<\/dt><\/dl><br style=\"clear: both\" \/>\n\t\t\t<\/div>\n\n<p>&nbsp;<\/p>\n<p>&nbsp;<\/p>\n<hr \/>\n<p>&nbsp;<\/p>\n<blockquote>\n<h3>IL SEMINARIO &#8220;CREATIVITA&#8217; PER LA LIBERTA'&#8221;<\/h3>\n<\/blockquote>\n<p><strong>BELLUNO<\/strong> Il 27 aprile presso il Centro di Solidariet\u00e0 di Belluno onlus si terr\u00e0 il primo seminario del progetto &#8220;Creativit\u00e0 per la libert\u00e0&#8221;, finanziato dal Dipartimento per Le Politiche Antidroga della Presidenza del Consiglio dei Ministri. Il progetto si focalizza sulla prevenzione e il contrasto delle dipendenze comportamentali e da sostanze nelle nuove generazioni. Il seminario &#8220;Corpo ed emozioni: strumenti per la relazione&#8221; introdurr\u00e0 ai laboratori di movimento espressivo per ragazzi coinvolti nei campi estivi 2024 organizzati da ODAR e APS Amici dei Disabili e dei Minori. Rivolto agli educatori\/animatori, il seminario offrir\u00e0 conoscenze sulle emozioni di base e competenze per una comunicazione efficace e relazioni aperte ed emotive. Tenuto dal dottor Andrea Genuin, psicologo clinico specializzato nella conduzione dei Bonding Group, il seminario includer\u00e0 anche esperienze pratiche.<\/p>\n<p>&nbsp;<\/p>\n<p>&nbsp;<\/p>\n<hr \/>\n<p>&nbsp;<\/p>\n<blockquote>\n<h3>LA RACCOLTA FONDI PER FIBROSI CISTICA<\/h3>\n<\/blockquote>\n<div data-block=\"true\" data-editor=\"avj4u\" data-offset-key=\"d3i0j-0-0\">\n<p><strong>BELLUNO<\/strong> Volontari in azione per la raccolta fondi Fibrosi Cistica, regalando dipladenie: 4 maggio Agordo e Parrocchie del Poi; 11 e 12 maggio Falcade e Caviola; 4 maggio Alpini Castion, Puos d&#8217;Alpago, Zoppe&#8217; di Cadore, Santo Stefano di Cadore, Belluno; 8 maggio Alpini Limana; Farra d&#8217;Alpago e Dosoledo, consegna porta a porta.<\/p>\n<div data-block=\"true\" data-editor=\"avj4u\" data-offset-key=\"d3i0j-0-0\"><\/div>\n<\/div>\n<div data-block=\"true\" data-editor=\"avj4u\" data-offset-key=\"d3i0j-0-0\"><\/div>\n<div data-block=\"true\" data-editor=\"avj4u\" data-offset-key=\"d3i0j-0-0\">\n<hr \/>\n<\/div>\n<div data-block=\"true\" data-editor=\"avj4u\" data-offset-key=\"d3i0j-0-0\"><\/div>\n<blockquote>\n<h3 data-block=\"true\" data-editor=\"avj4u\" data-offset-key=\"d3i0j-0-0\"><a class=\"dt-pswp-item\" href=\"https:\/\/www.radiopiu.net\/wordpress\/wp-content\/uploads\/2024\/04\/f7522d6e-3fa7-42d1-991b-0eca34f70748.jpg\" data-dt-img-description=\"\" data-large_image_width=\"1080\" data-large_image_height=\"1519\"><img loading=\"lazy\" decoding=\"async\" class=\" wp-image-385870 alignleft\" src=\"https:\/\/www.radiopiu.net\/wordpress\/wp-content\/uploads\/2024\/04\/f7522d6e-3fa7-42d1-991b-0eca34f70748-213x300.jpg\" alt=\"\" width=\"99\" height=\"139\" srcset=\"https:\/\/www.radiopiu.net\/wordpress\/wp-content\/uploads\/2024\/04\/f7522d6e-3fa7-42d1-991b-0eca34f70748-213x300.jpg 213w, https:\/\/www.radiopiu.net\/wordpress\/wp-content\/uploads\/2024\/04\/f7522d6e-3fa7-42d1-991b-0eca34f70748-728x1024.jpg 728w, https:\/\/www.radiopiu.net\/wordpress\/wp-content\/uploads\/2024\/04\/f7522d6e-3fa7-42d1-991b-0eca34f70748-768x1080.jpg 768w, https:\/\/www.radiopiu.net\/wordpress\/wp-content\/uploads\/2024\/04\/f7522d6e-3fa7-42d1-991b-0eca34f70748.jpg 1080w\" sizes=\"auto, (max-width: 99px) 100vw, 99px\" \/><\/a>LA FESTA DELLA LIBERAZIONE A SOSPIROLO<\/h3>\n<\/blockquote>\n<p data-block=\"true\" data-editor=\"avj4u\" data-offset-key=\"d3i0j-0-0\"><strong>SOSPIROLO<\/strong><\/p>\n<p data-block=\"true\" data-editor=\"avj4u\" data-offset-key=\"d3i0j-0-0\"><strong>DI ROBERTO BONA<\/strong><\/p>\n<audio class=\"wp-audio-shortcode\" id=\"audio-385676-9\" preload=\"none\" style=\"width: 100%;\" controls=\"controls\"><source type=\"audio\/mpeg\" src=\"https:\/\/www.radiopiu.net\/wordpress\/wp-content\/uploads\/2024\/04\/BONA-FESTA-LIBERAZIONE-SOSPIROLO.mp3?_=9\" \/><a href=\"https:\/\/www.radiopiu.net\/wordpress\/wp-content\/uploads\/2024\/04\/BONA-FESTA-LIBERAZIONE-SOSPIROLO.mp3\">https:\/\/www.radiopiu.net\/wordpress\/wp-content\/uploads\/2024\/04\/BONA-FESTA-LIBERAZIONE-SOSPIROLO.mp3<\/a><\/audio>\n<p>&nbsp;<\/p>\n<hr \/>\n<p>&nbsp;<\/p>\n<blockquote>\n<h3>UNIONE ITALIANA DEI CIECHI E IPOVEDENTI DI BELLUNO IN ASSEMBLEA<\/h3>\n<\/blockquote>\n<p><strong>BELLUNO<\/strong> Sabato alle 14:30, si terr\u00e0 l&#8217;Assemblea ordinaria dei soci dell\u2019Unione Italiana dei Ciechi e degli Ipovedenti ETS APS di Belluno nella Sala Luciani del Centro Congressi Giovanni XXIII. Saranno discussi e approvati la relazione morale e il bilancio consuntivo del 2023, il budget e la relazione programmatica del 2024. Inoltre, si proceder\u00e0 con l&#8217;elezione del membro del Consiglio Regionale UICI del Veneto per la sezione territoriale UICI di Belluno.<\/p>\n<p>&nbsp;<\/p>\n<p>&nbsp;<\/p>\n<hr \/>\n<p>&nbsp;<\/p>\n<blockquote>\n<h3>L&#8217;ASSEMBLEA DEL GAV<\/h3>\n<\/blockquote>\n<p><strong>AGORDO<\/strong> Il GAV, Gruppo Assistenza Volontaria, ha indetto un&#8217;assemblea per domenica 28 aprile alle 11 al Centro Parrocchiale Don Vincenzo Savio di Agordo. Sette i punti da discutere tra cui la relazione delle attivit\u00e0 svolte nel 2023, l&#8217;approvazione del bilancio consuntivo 2024 e la presentazione delle attivit\u00e0 previste nel 2024.<\/p>\n<p>&nbsp;<\/p>\n<p>&nbsp;<\/p>\n<hr \/>\n<p>&nbsp;<\/p>\n<blockquote>\n<h3>Progetto &#8216;Fonte Viva&#8217;: Orti Sociali a Servizio della Comunit\u00e0 Bellunese<\/h3>\n<\/blockquote>\n<p><strong>BELLUNO<\/strong> Il Ce.I.S. di Belluno ha istituito gli &#8220;Orti Sociali&#8221; nel contesto del progetto &#8220;Fonte Viva&#8221;, supportato da Intesa Sanpaolo e CESVI, per promuovere la sostenibilit\u00e0 ambientale e l&#8217;inclusione sociale. Questi spazi, situati nella frazione di Castion, offrono alla cittadinanza la possibilit\u00e0 di coltivare la terra, favorire legami sociali e riscoprire il contatto con la natura. I lotti sono disponibili a partire da aprile 2024 e possono essere richiesti contattando il Centro Italiano di Solidariet\u00e0 di Belluno.<\/p>\n<p>&nbsp;<\/p>\n<p>&nbsp;<\/p>\n<hr \/>\n<p>&nbsp;<\/p>\n<blockquote>\n<h3>GLI ALPINI DI FALCADE OSPITANO LUCIA DALMASSO<\/h3>\n<\/blockquote>\n<p><strong>FALCADE<\/strong> Il gruppo Alpini di Falcade ha organizzato un incontro con Lucia Dalmasso, la snowboarder di Falcade che ha appena finito la stagione in Coppa del Mondo. Un momento per incontrare la falcadina e per scambiare qualche chiacchera con Lucia. Appuntamento in sede degli Alpini di Falcade domenica alle 17:30.<\/p>\n<p>&nbsp;<\/p>\n<p>&nbsp;<\/p>\n<hr \/>\n<p>&nbsp;<\/p>\n<blockquote>\n<h3>LE ERBE AROMATICHE DI AISM<\/h3>\n<\/blockquote>\n<p>Con una donazione di 12 Euro sar\u00e0 possibile ottenere un kit con un mix di 2 piante aromatiche. Una parte del ricavato andr\u00e0 a sostegno delle attivit\u00e0 che la Sezione organizza sul territorio della Provincia a favore delle persone affette da sclerosi multipla. Per maggiori informazioni 0437 98168<\/p>\n<p>&nbsp;<\/p>\n<hr \/>\n<p>&nbsp;<\/p>\n<blockquote>\n<h3><strong>Disponibili online le certificazioni esenzioni per reddito dal 9 aprile 2024<\/strong><\/h3>\n<\/blockquote>\n<p><strong>BELLUNO<\/strong> L&#8217;Azienda ULSS 1 Dolomiti informa che le certificazioni delle esenzioni per reddito saranno accessibili dal 9 aprile 2024 sul portale <a href=\"https:\/\/salute.regione.veneto.it\/\" target=\"_new\" rel=\"noopener\">salute.regione.veneto.it<\/a>.<\/p>\n<a href=\"https:\/\/www.radiopiu.net\/wordpress\/wp-content\/uploads\/2024\/04\/Locandina_certificati-di-esenzione-2024.pdf\" class=\"pdfemb-viewer\" style=\"\" data-width=\"max\" data-height=\"max\" data-toolbar=\"top\" data-toolbar-fixed=\"on\">Locandina_certificati di esenzione 2024<\/a>\n<p>&nbsp;<\/p>\n<p>&nbsp;<\/p>\n<hr \/>\n<p>&nbsp;<\/p>\n<blockquote>\n<h3>A LAMON LA BENEDIZIONE DEL TRATTORE<\/h3>\n<\/blockquote>\n<p><a class=\"dt-pswp-item\" href=\"https:\/\/www.radiopiu.net\/wordpress\/wp-content\/uploads\/2024\/04\/IMG_20240316_103953.jpg\" data-dt-img-description=\"Oplus_131072\" data-large_image_width=\"1071\" data-large_image_height=\"726\"><img loading=\"lazy\" decoding=\"async\" class=\"alignleft wp-image-385813 \" src=\"https:\/\/www.radiopiu.net\/wordpress\/wp-content\/uploads\/2024\/04\/IMG_20240316_103953-300x203.jpg\" alt=\"\" width=\"191\" height=\"129\" srcset=\"https:\/\/www.radiopiu.net\/wordpress\/wp-content\/uploads\/2024\/04\/IMG_20240316_103953-300x203.jpg 300w, https:\/\/www.radiopiu.net\/wordpress\/wp-content\/uploads\/2024\/04\/IMG_20240316_103953-1024x694.jpg 1024w, https:\/\/www.radiopiu.net\/wordpress\/wp-content\/uploads\/2024\/04\/IMG_20240316_103953-768x521.jpg 768w, https:\/\/www.radiopiu.net\/wordpress\/wp-content\/uploads\/2024\/04\/IMG_20240316_103953.jpg 1071w\" sizes=\"auto, (max-width: 191px) 100vw, 191px\" \/><\/a><strong>LAMON\u00a0<\/strong>Domenica 21 aprile, l&#8217;associazione Pro Loco Lamon, insieme alla Parrocchia di Lamon e con il patrocinio del Comune di Lamon, organizza la &#8220;Benedizione del Trattore e della Macchina Agricola&#8221;. Il programma prevede il ritrovo dei mezzi alle 10:00 presso il piazzale in Via Ferd, seguito dalla partenza della sfilata lungo le vie del paese alle 10:30. Alle 11:30 avr\u00e0 luogo la benedizione dei trattori e delle macchine agricole lungo Viale Duomo e in Piazza III Novembre. Dalle 12:30 sar\u00e0 aperto uno stand gastronomico con lo speciale piatto del giorno: lo spiedo con contorni, nei capannoni di Via Ferd. A partire dalle 14:30, ci sar\u00e0 musica dal vivo con &#8220;I Tirataie&#8221;. Ogni autista di trattore o macchina agricola che parteciper\u00e0 alla sfilata ricever\u00e0 un ricordo della manifestazione.<\/p>\n<p>&nbsp;<\/p>\n<p>&nbsp;<\/p>\n<hr \/>\n<p>&nbsp;<\/p>\n<h2><span style=\"color: #ff6600;\">IERI ALLA RADIO\u00a0<\/span><\/h2>\n<h2><span style=\"color: #ff0000;\">OGGI COME IERI di e con SILVIA BALDO<\/span><\/h2>\n<p><img decoding=\"async\" class=\"aligncenter\" src=\"https:\/\/www.radiopiu.net\/wordpress\/wp-content\/uploads\/2023\/09\/309000774_10222572118595513_7956305457803922499_n.jpg\" \/><\/p>\n<p><strong>\u00a0 \u00a0<\/strong><\/p>\n<p><strong>PUNTATA 26 15 APRILE 2024<\/strong><\/p>\n<audio class=\"wp-audio-shortcode\" id=\"audio-385676-10\" preload=\"none\" style=\"width: 100%;\" controls=\"controls\"><source type=\"audio\/mpeg\" src=\"https:\/\/www.radiopiu.net\/wordpress\/wp-content\/uploads\/2024\/04\/SIBI-1.mp3?_=10\" \/><a href=\"https:\/\/www.radiopiu.net\/wordpress\/wp-content\/uploads\/2024\/04\/SIBI-1.mp3\">https:\/\/www.radiopiu.net\/wordpress\/wp-content\/uploads\/2024\/04\/SIBI-1.mp3<\/a><\/audio>\n<p>&nbsp;<\/p>\n<h2>LA RACCOLTA COMPLETA <a href=\"https:\/\/www.radiopiu.net\/wordpress\/alle-nove-oggi-come-ieri-di-e-con-silvia-baldo\/\"><span style=\"color: #0000ff;\">CLICCA QUI<\/span><\/a><\/h2>\n<p>&nbsp;<\/p>\n<hr \/>\n<p>&nbsp;<\/p>\n<blockquote>\n<h2>24-25 APRILE, L&#8217;OM SALVARECH A LA VALLE AGORDINA<\/h2>\n<\/blockquote>\n<p>L&#8217;INTERVISTA AD ANDREA DA ROIT, PRESIDENTE PROLOCO LA VALLE<\/p>\n<audio class=\"wp-audio-shortcode\" id=\"audio-385676-11\" preload=\"none\" style=\"width: 100%;\" controls=\"controls\"><source type=\"audio\/mpeg\" src=\"https:\/\/www.radiopiu.net\/wordpress\/wp-content\/uploads\/2024\/04\/ANDREA-DA-ROIT-202-LA-VALLE.mp3?_=11\" \/><a href=\"https:\/\/www.radiopiu.net\/wordpress\/wp-content\/uploads\/2024\/04\/ANDREA-DA-ROIT-202-LA-VALLE.mp3\">https:\/\/www.radiopiu.net\/wordpress\/wp-content\/uploads\/2024\/04\/ANDREA-DA-ROIT-202-LA-VALLE.mp3<\/a><\/audio>\n<p>&nbsp;<\/p>\n<div dir=\"auto\"><a class=\"dt-pswp-item\" href=\"https:\/\/www.radiopiu.net\/wordpress\/wp-content\/uploads\/2024\/04\/1650965679335-scaled.jpg\" data-dt-img-description=\"\" data-large_image_width=\"2560\" data-large_image_height=\"1707\"><img loading=\"lazy\" decoding=\"async\" class=\"size-medium wp-image-385772 alignleft\" src=\"https:\/\/www.radiopiu.net\/wordpress\/wp-content\/uploads\/2024\/04\/1650965679335-300x200.jpg\" alt=\"\" width=\"300\" height=\"200\" srcset=\"https:\/\/www.radiopiu.net\/wordpress\/wp-content\/uploads\/2024\/04\/1650965679335-300x200.jpg 300w, https:\/\/www.radiopiu.net\/wordpress\/wp-content\/uploads\/2024\/04\/1650965679335-1024x683.jpg 1024w, https:\/\/www.radiopiu.net\/wordpress\/wp-content\/uploads\/2024\/04\/1650965679335-768x512.jpg 768w, https:\/\/www.radiopiu.net\/wordpress\/wp-content\/uploads\/2024\/04\/1650965679335-1536x1024.jpg 1536w, https:\/\/www.radiopiu.net\/wordpress\/wp-content\/uploads\/2024\/04\/1650965679335-2048x1365.jpg 2048w\" sizes=\"auto, (max-width: 300px) 100vw, 300px\" \/><\/a>Mercoled\u00ec 24 e gioved\u00ec 25 aprile, come ormai da tradizione, la Pro Loco ripropone la tradizionale\u00a0<a href=\"https:\/\/fb.me\/e\/5ce4SNZuE\" target=\"_blank\" rel=\"noopener\">FESTA DE L&#8217;OM SALVARECH<\/a>. <a class=\"dt-pswp-item\" href=\"https:\/\/www.radiopiu.net\/wordpress\/wp-content\/uploads\/2024\/04\/NDD02634-scaled.jpg\" data-dt-img-description=\"\" data-large_image_width=\"2560\" data-large_image_height=\"1707\"><img loading=\"lazy\" decoding=\"async\" class=\"size-medium wp-image-385771 alignright\" src=\"https:\/\/www.radiopiu.net\/wordpress\/wp-content\/uploads\/2024\/04\/NDD02634-300x200.jpg\" alt=\"\" width=\"300\" height=\"200\" srcset=\"https:\/\/www.radiopiu.net\/wordpress\/wp-content\/uploads\/2024\/04\/NDD02634-300x200.jpg 300w, https:\/\/www.radiopiu.net\/wordpress\/wp-content\/uploads\/2024\/04\/NDD02634-1024x683.jpg 1024w, https:\/\/www.radiopiu.net\/wordpress\/wp-content\/uploads\/2024\/04\/NDD02634-768x512.jpg 768w, https:\/\/www.radiopiu.net\/wordpress\/wp-content\/uploads\/2024\/04\/NDD02634-1536x1024.jpg 1536w, https:\/\/www.radiopiu.net\/wordpress\/wp-content\/uploads\/2024\/04\/NDD02634-2048x1365.jpg 2048w\" sizes=\"auto, (max-width: 300px) 100vw, 300px\" \/><\/a>Ogni anno il 25 aprile, nel giorno di San Marco, viene realizzato il pop de l\u2019Om Salvarech, un fantoccio in canne di granoturco vestito di stracci, il quale viene fatto sfilare per tutto il paese accompagnato dalle grida dei bambini Viva! Viva l\u2019Om Salvarech!, e alla sera bruciato in un grande fal\u00f2 appena fuori dal centro abitato. L\u2019Om Salvarech bruciando porta via tutti gli avvenimenti sfavorevoli e le cose non pi\u00f9 utilizzabili dell\u2019anno appena passato e permette alle persone di ripartire cariche di positivit\u00e0. Con questo suo \u201csacrificio\u201d garantisce agli abitanti l\u2019eliminazione di tutto ci\u00f2 che \u00e8 stato causa di disgrazie<\/div>\n<p>&nbsp;<\/p>\n<p>&nbsp;<\/p>\n<hr \/>\n<p>&nbsp;<\/p>\n<h2><span style=\"color: #008080;\">CIAK SI GIRA, IL PROGRAMMA DI PAOLA LANCIATO<\/span><\/h2>\n<p><strong><a class=\"dt-pswp-item\" href=\"https:\/\/www.radiopiu.net\/wordpress\/wp-content\/uploads\/2024\/04\/EVITA.jpg\" data-dt-img-description=\"\" data-large_image_width=\"420\" data-large_image_height=\"648\"><img loading=\"lazy\" decoding=\"async\" class=\" wp-image-385830 alignleft\" src=\"https:\/\/www.radiopiu.net\/wordpress\/wp-content\/uploads\/2024\/04\/EVITA-194x300.jpg\" alt=\"\" width=\"81\" height=\"125\" srcset=\"https:\/\/www.radiopiu.net\/wordpress\/wp-content\/uploads\/2024\/04\/EVITA-194x300.jpg 194w, https:\/\/www.radiopiu.net\/wordpress\/wp-content\/uploads\/2024\/04\/EVITA.jpg 420w\" sizes=\"auto, (max-width: 81px) 100vw, 81px\" \/><\/a>PUNTATA 21 EVITA<\/strong><\/p>\n<audio class=\"wp-audio-shortcode\" id=\"audio-385676-12\" preload=\"none\" style=\"width: 100%;\" controls=\"controls\"><source type=\"audio\/mpeg\" src=\"https:\/\/www.radiopiu.net\/wordpress\/wp-content\/uploads\/2024\/04\/CIAK1-1.mp3?_=12\" \/><a href=\"https:\/\/www.radiopiu.net\/wordpress\/wp-content\/uploads\/2024\/04\/CIAK1-1.mp3\">https:\/\/www.radiopiu.net\/wordpress\/wp-content\/uploads\/2024\/04\/CIAK1-1.mp3<\/a><\/audio>\n<p>&nbsp;<\/p>\n<h2>LA RACCOLTA COMPLETA <a href=\"https:\/\/www.radiopiu.net\/wordpress\/ciak24\/\"><span style=\"color: #0000ff;\">CLICCA QUI<\/span><\/a><\/h2>\n<p>&nbsp;<\/p>\n<hr \/>\n<p>&nbsp;<\/p>\n<h2><span style=\"color: #993300;\">PERITI MINERARI DALL\u2019AGORDINO AL MONDO<\/span><\/h2>\n<p><strong>REDAZIONE<\/strong> Continua la serie di racconti con i periti minerari agordini. Nelle prossime due puntate la storia di Domenico Angoletta. I racconti dei periti minerari agordini che hanno lavorato nel mondo, ogni luned\u00ec alle 10:30 e alle 19 su Radio Pi\u00f9.<\/p>\n<p><iframe loading=\"lazy\" title=\"DOMENICO ANGOLETTA\" width=\"1200\" height=\"675\" src=\"https:\/\/www.youtube.com\/embed\/2kFML3emapk?feature=oembed\" frameborder=\"0\" allow=\"accelerometer; autoplay; clipboard-write; encrypted-media; gyroscope; picture-in-picture; web-share\" referrerpolicy=\"strict-origin-when-cross-origin\" allowfullscreen><\/iframe><\/p>\n<p>&nbsp;<\/p>\n<h2><strong>LA RACCOLTA COMPLETA <a href=\"https:\/\/www.radiopiu.net\/wordpress\/periti-minerari-dallagordino-al-mondo\/\"><span style=\"color: #0000ff;\">CLICCA QUI<\/span><\/a><\/strong><a href=\"https:\/\/www.radiopiu.net\/wordpress\/periti-minerari-dallagordino-al-mondo\/\"><span style=\"color: #0000ff;\">\u00a0<\/span><\/a><\/h2>\n<p>&nbsp;<\/p>\n<hr \/>\n<p>&nbsp;<\/p>\n<h2><span style=\"color: #808000;\">CINE HITS, ALLA SCOPERTA DELLE COLONNE SONORE<\/span><\/h2>\n<p><a class=\"dt-pswp-item\" href=\"https:\/\/www.radiopiu.net\/wordpress\/wp-content\/uploads\/2024\/04\/THE-BLUES-BROTHERS.jpg\" data-dt-img-description=\"\" data-large_image_width=\"652\" data-large_image_height=\"994\"><img loading=\"lazy\" decoding=\"async\" class=\" wp-image-385835 alignleft\" src=\"https:\/\/www.radiopiu.net\/wordpress\/wp-content\/uploads\/2024\/04\/THE-BLUES-BROTHERS-197x300.jpg\" alt=\"\" width=\"100\" height=\"152\" srcset=\"https:\/\/www.radiopiu.net\/wordpress\/wp-content\/uploads\/2024\/04\/THE-BLUES-BROTHERS-197x300.jpg 197w, https:\/\/www.radiopiu.net\/wordpress\/wp-content\/uploads\/2024\/04\/THE-BLUES-BROTHERS.jpg 652w\" sizes=\"auto, (max-width: 100px) 100vw, 100px\" \/><\/a><strong>15 APRILE &#8211; THE BLUES BROTHERS<\/strong><\/p>\n<audio class=\"wp-audio-shortcode\" id=\"audio-385676-13\" preload=\"none\" style=\"width: 100%;\" controls=\"controls\"><source type=\"audio\/mpeg\" src=\"https:\/\/www.radiopiu.net\/wordpress\/wp-content\/uploads\/2024\/04\/CINE1-1.mp3?_=13\" \/><a href=\"https:\/\/www.radiopiu.net\/wordpress\/wp-content\/uploads\/2024\/04\/CINE1-1.mp3\">https:\/\/www.radiopiu.net\/wordpress\/wp-content\/uploads\/2024\/04\/CINE1-1.mp3<\/a><\/audio>\n<p>&nbsp;<\/p>\n<h2>LA RACCOLTA COMPLETA <a href=\"https:\/\/www.radiopiu.net\/wordpress\/cine-hits-alla-scoperta-delle-colonne-sonore-la-raccolta\/\"><span style=\"color: #0000ff;\">CLICCA QUI<\/span><\/a><\/h2>\n<p>&nbsp;<\/p>\n<hr \/>\n<p>&nbsp;<\/p>\n<blockquote class=\"wp-embedded-content\" data-secret=\"ih0yMOMZs8\"><p><a href=\"https:\/\/www.radiopiu.net\/wordpress\/grma1\/\">IL GIORMALE RADIO DI MARCO DAL FARRA &#8211; LA RACCOLTA<\/a><\/p><\/blockquote>\n<p><iframe loading=\"lazy\" class=\"wp-embedded-content\" sandbox=\"allow-scripts\" security=\"restricted\" style=\"position: absolute; clip: rect(1px, 1px, 1px, 1px);\" title=\"&#8220;IL GIORMALE RADIO DI MARCO DAL FARRA &#8211; LA RACCOLTA&#8221; &#8212; Radio Pi\u00f9\" src=\"https:\/\/www.radiopiu.net\/wordpress\/grma1\/embed\/#?secret=3zSPhp8BJb#?secret=ih0yMOMZs8\" data-secret=\"ih0yMOMZs8\" width=\"600\" height=\"338\" frameborder=\"0\" marginwidth=\"0\" marginheight=\"0\" scrolling=\"no\"><\/iframe><\/p>\n<p>&nbsp;<\/p>\n<p>&nbsp;<\/p>\n<hr \/>\n<p>&nbsp;<\/p>\n<h2><span style=\"color: #800080;\">I RACCONTI DI PAOLO SOPPELSA<\/span><\/h2>\n<p><strong>L\u2019ANIMA DI APRILE<\/strong><\/p>\n<p><strong>AUDIO<\/strong><\/p>\n<audio class=\"wp-audio-shortcode\" id=\"audio-385676-14\" preload=\"none\" style=\"width: 100%;\" controls=\"controls\"><source type=\"audio\/mpeg\" src=\"https:\/\/www.radiopiu.net\/wordpress\/wp-content\/uploads\/2024\/04\/PAOLOS.mp3?_=14\" \/><a href=\"https:\/\/www.radiopiu.net\/wordpress\/wp-content\/uploads\/2024\/04\/PAOLOS.mp3\">https:\/\/www.radiopiu.net\/wordpress\/wp-content\/uploads\/2024\/04\/PAOLOS.mp3<\/a><\/audio>\n<p>&nbsp;<\/p>\n<p><a class=\"dt-pswp-item\" href=\"https:\/\/www.radiopiu.net\/wordpress\/wp-content\/uploads\/2024\/04\/ce3f1b8f-0653-40c4-95d5-823fc2cedc14.jpg\" data-dt-img-description=\"\" data-large_image_width=\"1600\" data-large_image_height=\"1200\"><img loading=\"lazy\" decoding=\"async\" class=\" wp-image-385591 alignleft\" src=\"https:\/\/www.radiopiu.net\/wordpress\/wp-content\/uploads\/2024\/04\/ce3f1b8f-0653-40c4-95d5-823fc2cedc14-300x225.jpg\" alt=\"\" width=\"177\" height=\"133\" srcset=\"https:\/\/www.radiopiu.net\/wordpress\/wp-content\/uploads\/2024\/04\/ce3f1b8f-0653-40c4-95d5-823fc2cedc14-300x225.jpg 300w, https:\/\/www.radiopiu.net\/wordpress\/wp-content\/uploads\/2024\/04\/ce3f1b8f-0653-40c4-95d5-823fc2cedc14-1024x768.jpg 1024w, https:\/\/www.radiopiu.net\/wordpress\/wp-content\/uploads\/2024\/04\/ce3f1b8f-0653-40c4-95d5-823fc2cedc14-768x576.jpg 768w, https:\/\/www.radiopiu.net\/wordpress\/wp-content\/uploads\/2024\/04\/ce3f1b8f-0653-40c4-95d5-823fc2cedc14-1536x1152.jpg 1536w, https:\/\/www.radiopiu.net\/wordpress\/wp-content\/uploads\/2024\/04\/ce3f1b8f-0653-40c4-95d5-823fc2cedc14.jpg 1600w\" sizes=\"auto, (max-width: 177px) 100vw, 177px\" \/><\/a>Quell&#8217;anno, dopo un lungo e anonimo inverno, era stato aprile a portare il primo vero accenno di primavera. Era iniziato con il bel tempo ma quasi subito aveva cambiato idea. Si era divertito ad illudere addirittura con qualche sprazzo d&#8217;estate e poi aveva deciso di riportare uomini e natura nell&#8217;autunno, e un p\u00f2 anche nell&#8217;inverno. Fra i rami di quel vecchio ciliegio di montagna spirava un vento freddo, pesanti nuvole avvolgevano le creste del Pelsa e nei giorni successivi arriv\u00f2 ancora altra neve. Nella frazione dove viveva il vecchio ciliegio tutto taceva. L&#8217;illusione estiva sembrava gi\u00e0 un ricordo mentre qualche camino iniziava a fumare gi\u00e0 a met\u00e0 pomeriggio. Una leggera malinconia si posava sulle case, sui fienili e sull&#8217;erba che aveva iniziato a crescere. Aprile era sempre cos\u00ec, mese dalle mille anime diverse, capace di essere giugno e febbraio, di mutare d&#8217;umore nel giro di poche ore. Gentile e spietato, capace di arroventare la terra appena sveglia e poi di ricoprirla con una bianca, umida e pesante, coperta di neve che durava un giorno appena. In quei momenti, agli uomini non rimaneva altro da fare che osservare il mondo da dietro una finestra; ruote di auto rompevano i rivoli d&#8217;acqua che scendevano lungo la strada e montagne assenti, nascoste da una coltre impenetrabile di nubi. Dai tetti lucidati dalla pioggia svettavano camini che fumavano pigri mentre le ore scorrevano lente scandite dai rintocchi delle campane. Osservavano quel cielo inquieto, e quando si apriva uno squarcio fra le nubi guardavano la neve sulle cime e il &#8220;pisandol&#8221; delle Pale, e l&#8217;estate, in quei momenti di tempo apparentemente sospeso, appariva infinitamente lontana. Il volubile e bizzarro aprile era quasi sempre il mese della Pasqua, con quella settimana severa che mostrava chiese spoglie e proponeva i silenzi delle campane mute che poi sfogavano la loro gioia alla mezzanotte del sabato santo. Al tempo di quei giorni pasquali sulle cime era ancora inverno; erano i giorni della neve in bilico sopra alte pareti di roccia, dei ripidi canaloni pronti a ricevere quella neve che di l\u00ec a poco sarebbe scesa con irruenza lungo gli impervi budelli fino a terminare la sua corsa nelle fredde acque dei torrenti. Sarebbe accaduto nei giorni fra San Marco e il primo maggio, al tempo di quel detto popolare che ogni anno rinnovava la sua verit\u00e0; voia o no voia a San Marco la foia. Larici e faggi avrebbero sfoggiato il loro abito verde nuovo di zecca e durante un pomeriggio di sole, la valle sarebbe stata scossa dal fragore delle ultime valanghe e poi la neve rimasta lass\u00f9 avrebbe iniziato a sciogliersi, andando ad ingrossare i torrenti che avrebbero cantato a voce piena per qualche settimana. Era cos\u00ec aprile, mese di piogge sottili e nevicate tardive e di sole che avvicinava l&#8217;estate; era il mese degli ultimi fuochi nelle stufe e della imponente \u201clevina della fava\u201d che, al tempo del suo precipitare a valle, sanciva l&#8217;inizio ufficiale della semina dei campi e degli orti e di un&#8217;altra nuova primavera di montagna.<\/p>\n<p>&nbsp;<\/p>\n<hr \/>\n<p>&nbsp;<\/p>\n<blockquote>\n<h2>LE INIZIATIVE DI PETTIROSSO AGORDINO, LA PRESENTAZIONE ALLA RADIO<\/h2>\n<\/blockquote>\n<p><strong><img loading=\"lazy\" decoding=\"async\" class=\"alignleft\" src=\"https:\/\/www.radiopiu.net\/wordpress\/wp-content\/uploads\/2022\/11\/th-21.jpg\" width=\"153\" height=\"108\" \/><\/strong><\/p>\n<p><strong>DI MIRKO MEZZACASA<\/strong><\/p>\n<p><strong>OSPITI, LAURA MIANA (PSICOLOGA) SONIA D&#8217;AGOSTINI (PRESIDENTE PETTIROSSO AGORDINO)<\/strong><\/p>\n<audio class=\"wp-audio-shortcode\" id=\"audio-385676-15\" preload=\"none\" style=\"width: 100%;\" controls=\"controls\"><source type=\"audio\/mpeg\" src=\"https:\/\/www.radiopiu.net\/wordpress\/wp-content\/uploads\/2024\/04\/pettirorro-agordino-2024.-sonia-e-laura.mp3?_=15\" \/><a href=\"https:\/\/www.radiopiu.net\/wordpress\/wp-content\/uploads\/2024\/04\/pettirorro-agordino-2024.-sonia-e-laura.mp3\">https:\/\/www.radiopiu.net\/wordpress\/wp-content\/uploads\/2024\/04\/pettirorro-agordino-2024.-sonia-e-laura.mp3<\/a><\/audio>\n<p>&nbsp;<\/p>\n<a href=\"https:\/\/www.radiopiu.net\/wordpress\/wp-content\/uploads\/2024\/04\/POSTER_2024-1.pdf\" class=\"pdfemb-viewer\" style=\"\" data-width=\"max\" data-height=\"max\" data-toolbar=\"top\" data-toolbar-fixed=\"on\">POSTER_2024-1<\/a>\n<p>&nbsp;<\/p>\n<p>&nbsp;<\/p>\n<hr \/>\n<p>&nbsp;<\/p>\n<blockquote>\n<h2>in vallata:<\/h2>\n<\/blockquote>\n\n\t\t\t<style type='text\/css'>\n\t\t\t\t#gallery-6 {\n\t\t\t\t\tmargin: auto;\n\t\t\t\t}\n\t\t\t\t#gallery-6 .gallery-item {\n\t\t\t\t\tfloat: left;\n\t\t\t\t\tmargin-top: 10px;\n\t\t\t\t\ttext-align: center;\n\t\t\t\t\twidth: 20%;\n\t\t\t\t}\n\t\t\t\t#gallery-6 img {\n\t\t\t\t\tborder: 2px solid #cfcfcf;\n\t\t\t\t}\n\t\t\t\t#gallery-6 .gallery-caption {\n\t\t\t\t\tmargin-left: 0;\n\t\t\t\t}\n\t\t\t\t\/* see gallery_shortcode() in wp-includes\/media.php *\/\n\t\t\t<\/style>\n\t\t<div id='gallery-6' class='dt-gallery-container gallery galleryid-385676 gallery-columns-5 gallery-size-medium'><dl class='gallery-item'>\n\t\t\t\t<dt class='gallery-icon portrait'>\n\t\t\t\t\t<a class=\"rollover rollover-zoom dt-pswp-item\" title=\"44acb3a3-e80a-42eb-a834-cb187a9ef8ea\" data-dt-img-description=\"\" data-large_image_width=\"1132\" data-large_image_height=\"1600\"href='https:\/\/www.radiopiu.net\/wordpress\/wp-content\/uploads\/2024\/03\/44acb3a3-e80a-42eb-a834-cb187a9ef8ea.jpg'><img loading=\"lazy\" decoding=\"async\" width=\"212\" height=\"300\" src=\"https:\/\/www.radiopiu.net\/wordpress\/wp-content\/uploads\/2024\/03\/44acb3a3-e80a-42eb-a834-cb187a9ef8ea-212x300.jpg\" class=\"attachment-medium size-medium\" alt=\"\" srcset=\"https:\/\/www.radiopiu.net\/wordpress\/wp-content\/uploads\/2024\/03\/44acb3a3-e80a-42eb-a834-cb187a9ef8ea-212x300.jpg 212w, https:\/\/www.radiopiu.net\/wordpress\/wp-content\/uploads\/2024\/03\/44acb3a3-e80a-42eb-a834-cb187a9ef8ea-724x1024.jpg 724w, https:\/\/www.radiopiu.net\/wordpress\/wp-content\/uploads\/2024\/03\/44acb3a3-e80a-42eb-a834-cb187a9ef8ea-768x1086.jpg 768w, https:\/\/www.radiopiu.net\/wordpress\/wp-content\/uploads\/2024\/03\/44acb3a3-e80a-42eb-a834-cb187a9ef8ea-1087x1536.jpg 1087w, https:\/\/www.radiopiu.net\/wordpress\/wp-content\/uploads\/2024\/03\/44acb3a3-e80a-42eb-a834-cb187a9ef8ea.jpg 1132w\" sizes=\"auto, (max-width: 212px) 100vw, 212px\" \/><\/a>\n\t\t\t\t<\/dt><\/dl><dl class='gallery-item'>\n\t\t\t\t<dt class='gallery-icon portrait'>\n\t\t\t\t\t<a class=\"rollover rollover-zoom dt-pswp-item\" title=\"d02fe35d-334c-4039-81d3-508c3e863bed\" data-dt-img-description=\"\" data-large_image_width=\"1136\" data-large_image_height=\"1600\"href='https:\/\/www.radiopiu.net\/wordpress\/wp-content\/uploads\/2024\/04\/d02fe35d-334c-4039-81d3-508c3e863bed.jpg'><img loading=\"lazy\" decoding=\"async\" width=\"213\" height=\"300\" src=\"https:\/\/www.radiopiu.net\/wordpress\/wp-content\/uploads\/2024\/04\/d02fe35d-334c-4039-81d3-508c3e863bed-213x300.jpg\" class=\"attachment-medium size-medium\" alt=\"\" srcset=\"https:\/\/www.radiopiu.net\/wordpress\/wp-content\/uploads\/2024\/04\/d02fe35d-334c-4039-81d3-508c3e863bed-213x300.jpg 213w, https:\/\/www.radiopiu.net\/wordpress\/wp-content\/uploads\/2024\/04\/d02fe35d-334c-4039-81d3-508c3e863bed-727x1024.jpg 727w, https:\/\/www.radiopiu.net\/wordpress\/wp-content\/uploads\/2024\/04\/d02fe35d-334c-4039-81d3-508c3e863bed-768x1082.jpg 768w, https:\/\/www.radiopiu.net\/wordpress\/wp-content\/uploads\/2024\/04\/d02fe35d-334c-4039-81d3-508c3e863bed-1091x1536.jpg 1091w, https:\/\/www.radiopiu.net\/wordpress\/wp-content\/uploads\/2024\/04\/d02fe35d-334c-4039-81d3-508c3e863bed.jpg 1136w\" sizes=\"auto, (max-width: 213px) 100vw, 213px\" \/><\/a>\n\t\t\t\t<\/dt><\/dl><dl class='gallery-item'>\n\t\t\t\t<dt class='gallery-icon portrait'>\n\t\t\t\t\t<a class=\"rollover rollover-zoom dt-pswp-item\" title=\"2d3e911f-f1e3-4e55-aba3-20c37bc8ebf1\" data-dt-img-description=\"\" data-large_image_width=\"707\" data-large_image_height=\"1000\"href='https:\/\/www.radiopiu.net\/wordpress\/wp-content\/uploads\/2024\/04\/2d3e911f-f1e3-4e55-aba3-20c37bc8ebf1.jpg'><img loading=\"lazy\" decoding=\"async\" width=\"212\" height=\"300\" src=\"https:\/\/www.radiopiu.net\/wordpress\/wp-content\/uploads\/2024\/04\/2d3e911f-f1e3-4e55-aba3-20c37bc8ebf1-212x300.jpg\" class=\"attachment-medium size-medium\" alt=\"\" aria-describedby=\"gallery-6-385133\" srcset=\"https:\/\/www.radiopiu.net\/wordpress\/wp-content\/uploads\/2024\/04\/2d3e911f-f1e3-4e55-aba3-20c37bc8ebf1-212x300.jpg 212w, https:\/\/www.radiopiu.net\/wordpress\/wp-content\/uploads\/2024\/04\/2d3e911f-f1e3-4e55-aba3-20c37bc8ebf1.jpg 707w\" sizes=\"auto, (max-width: 212px) 100vw, 212px\" \/><\/a>\n\t\t\t\t<\/dt>\n\t\t\t\t\t<dd class='wp-caption-text gallery-caption' id='gallery-6-385133'>\n\t\t\t\t\tIN FESTA CON L&#8217;ALLEGHE HOCKEY, DOMANI SABATO\n\t\t\t\t\t<\/dd><\/dl><dl class='gallery-item'>\n\t\t\t\t<dt class='gallery-icon portrait'>\n\t\t\t\t\t<a class=\"rollover rollover-zoom dt-pswp-item\" title=\"f16954ef-71e0-49e2-a9d2-1b5d293d2e59\" data-dt-img-description=\"\" data-large_image_width=\"1131\" data-large_image_height=\"1600\"href='https:\/\/www.radiopiu.net\/wordpress\/wp-content\/uploads\/2024\/04\/f16954ef-71e0-49e2-a9d2-1b5d293d2e59.jpg'><img loading=\"lazy\" decoding=\"async\" width=\"212\" height=\"300\" src=\"https:\/\/www.radiopiu.net\/wordpress\/wp-content\/uploads\/2024\/04\/f16954ef-71e0-49e2-a9d2-1b5d293d2e59-212x300.jpg\" class=\"attachment-medium size-medium\" alt=\"\" aria-describedby=\"gallery-6-385174\" srcset=\"https:\/\/www.radiopiu.net\/wordpress\/wp-content\/uploads\/2024\/04\/f16954ef-71e0-49e2-a9d2-1b5d293d2e59-212x300.jpg 212w, https:\/\/www.radiopiu.net\/wordpress\/wp-content\/uploads\/2024\/04\/f16954ef-71e0-49e2-a9d2-1b5d293d2e59-724x1024.jpg 724w, https:\/\/www.radiopiu.net\/wordpress\/wp-content\/uploads\/2024\/04\/f16954ef-71e0-49e2-a9d2-1b5d293d2e59-768x1086.jpg 768w, https:\/\/www.radiopiu.net\/wordpress\/wp-content\/uploads\/2024\/04\/f16954ef-71e0-49e2-a9d2-1b5d293d2e59-1086x1536.jpg 1086w, https:\/\/www.radiopiu.net\/wordpress\/wp-content\/uploads\/2024\/04\/f16954ef-71e0-49e2-a9d2-1b5d293d2e59.jpg 1131w\" sizes=\"auto, (max-width: 212px) 100vw, 212px\" \/><\/a>\n\t\t\t\t<\/dt>\n\t\t\t\t\t<dd class='wp-caption-text gallery-caption' id='gallery-6-385174'>\n\t\t\t\t\tDAL 27 APRILE LA MOSTRA DEGLI ALUNNI DI LAURA BALLIS\n\t\t\t\t\t<\/dd><\/dl><dl class='gallery-item'>\n\t\t\t\t<dt class='gallery-icon portrait'>\n\t\t\t\t\t<a class=\"rollover rollover-zoom dt-pswp-item\" title=\"0d5c9989-0f37-497b-8d4d-bde2a473da75\" data-dt-img-description=\"\" data-large_image_width=\"875\" data-large_image_height=\"1241\"href='https:\/\/www.radiopiu.net\/wordpress\/wp-content\/uploads\/2024\/04\/0d5c9989-0f37-497b-8d4d-bde2a473da75.jpg'><img loading=\"lazy\" decoding=\"async\" width=\"212\" height=\"300\" src=\"https:\/\/www.radiopiu.net\/wordpress\/wp-content\/uploads\/2024\/04\/0d5c9989-0f37-497b-8d4d-bde2a473da75-212x300.jpg\" class=\"attachment-medium size-medium\" alt=\"\" srcset=\"https:\/\/www.radiopiu.net\/wordpress\/wp-content\/uploads\/2024\/04\/0d5c9989-0f37-497b-8d4d-bde2a473da75-212x300.jpg 212w, https:\/\/www.radiopiu.net\/wordpress\/wp-content\/uploads\/2024\/04\/0d5c9989-0f37-497b-8d4d-bde2a473da75-722x1024.jpg 722w, https:\/\/www.radiopiu.net\/wordpress\/wp-content\/uploads\/2024\/04\/0d5c9989-0f37-497b-8d4d-bde2a473da75-768x1089.jpg 768w, https:\/\/www.radiopiu.net\/wordpress\/wp-content\/uploads\/2024\/04\/0d5c9989-0f37-497b-8d4d-bde2a473da75.jpg 875w\" sizes=\"auto, (max-width: 212px) 100vw, 212px\" \/><\/a>\n\t\t\t\t<\/dt><\/dl><br style=\"clear: both\" \/>\n\t\t\t<\/div>\n\n<p>&nbsp;<\/p>\n<p>&nbsp;<\/p>\n<hr \/>\n<p>&nbsp;<\/p>\n<h2><span style=\"color: #ff0000;\"><a class=\"dt-pswp-item\" href=\"https:\/\/www.radiopiu.net\/wordpress\/wp-content\/uploads\/2018\/09\/appuntamenti.jpeg\" data-dt-img-description=\"\" data-large_image_width=\"800\" data-large_image_height=\"100\"><img loading=\"lazy\" decoding=\"async\" class=\"wp-image-61958 size-full aligncenter\" src=\"https:\/\/www.radiopiu.net\/wordpress\/wp-content\/uploads\/2018\/09\/appuntamenti.jpeg\" alt=\"\" width=\"800\" height=\"100\" srcset=\"https:\/\/www.radiopiu.net\/wordpress\/wp-content\/uploads\/2018\/09\/appuntamenti.jpeg 800w, https:\/\/www.radiopiu.net\/wordpress\/wp-content\/uploads\/2018\/09\/appuntamenti-300x38.jpeg 300w, https:\/\/www.radiopiu.net\/wordpress\/wp-content\/uploads\/2018\/09\/appuntamenti-768x96.jpeg 768w\" sizes=\"auto, (max-width: 800px) 100vw, 800px\" \/><\/a><\/span><\/h2>\n<div>\n<div class=\"\" dir=\"auto\">\n<div id=\":r9h:\" class=\"x1iorvi4 x1pi30zi x1l90r2v x1swvt13\" data-ad-comet-preview=\"message\" data-ad-preview=\"message\">\n<div class=\"x78zum5 xdt5ytf xz62fqu x16ldp7u\">\n<div class=\"xu06os2 x1ok221b\">\n<p>&nbsp;<\/p>\n<h3><a class=\"dt-pswp-item\" href=\"https:\/\/www.radiopiu.net\/wordpress\/wp-content\/uploads\/2024\/04\/locandina.jpg\" data-dt-img-description=\"\" data-large_image_width=\"420\" data-large_image_height=\"600\"><img loading=\"lazy\" decoding=\"async\" class=\" wp-image-383374 alignleft\" src=\"https:\/\/www.radiopiu.net\/wordpress\/wp-content\/uploads\/2024\/04\/locandina-210x300.jpg\" alt=\"\" width=\"88\" height=\"126\" srcset=\"https:\/\/www.radiopiu.net\/wordpress\/wp-content\/uploads\/2024\/04\/locandina-210x300.jpg 210w, https:\/\/www.radiopiu.net\/wordpress\/wp-content\/uploads\/2024\/04\/locandina.jpg 420w\" sizes=\"auto, (max-width: 88px) 100vw, 88px\" \/><\/a>AL CINEMA DOLOMITI DI FALCADE ARRIVA LA PELLICOLA &#8220;UN MONDO A PARTE&#8221;, IL FILM CON ANTONIO ALBANESE E VIRGINIA RAFFAELE. VENERDI E SABATO ALLE 21, DOMENICA ALLE 15:30 E ALLE 21<\/h3>\n<p>&nbsp;<\/p>\n<div class=\"\" dir=\"auto\">\n<div class=\"\" dir=\"auto\">\n<div class=\"x1iorvi4 x1pi30zi x1l90r2v x1swvt13\" data-ad-comet-preview=\"message\" data-ad-preview=\"message\">\n<div class=\"x78zum5 xdt5ytf xz62fqu x16ldp7u\">\n<div class=\"xu06os2 x1ok221b\">\n<div class=\"xdj266r x11i5rnm xat24cr x1mh8g0r x1vvkbs x126k92a\">\n<div dir=\"auto\">UN MONDO A PARTE<\/div>\n<div dir=\"auto\">Michele Cortese \u00e8 un maestro elementare della capitale che non ne pu\u00f2 pi\u00f9 di &#8220;cercare di salvare gente che non ha intenzione di essere salvata, e ti mena pure&#8221;. Cos\u00ec chiede l&#8217;assegnazione provvisoria in un paesino di 364 anime della montagna abruzzese: scoprir\u00e0 che la tanto agognata tranquillit\u00e0 non risiede neanche qui.<\/div>\n<\/div>\n<div class=\"x11i5rnm xat24cr x1mh8g0r x1vvkbs xtlvy1s x126k92a\">\n<div dir=\"auto\">di Riccardo Milani | Commedia &#8211; 113 minuti<\/div>\n<div dir=\"auto\">con Antonio Albanese &#8211; Virginia Raffaele<\/div>\n<\/div>\n<div class=\"x11i5rnm xat24cr x1mh8g0r x1vvkbs xtlvy1s x126k92a\">\n<div dir=\"auto\"><\/div>\n<\/div>\n<\/div>\n<\/div>\n<\/div>\n<\/div>\n<\/div>\n<p><iframe loading=\"lazy\" title=\"Un mondo a parte | Trailer Ufficiale | Dal 28 marzo al cinema\" width=\"1200\" height=\"675\" src=\"https:\/\/www.youtube.com\/embed\/P5hgM2OcQh0?feature=oembed\" frameborder=\"0\" allow=\"accelerometer; autoplay; clipboard-write; encrypted-media; gyroscope; picture-in-picture; web-share\" referrerpolicy=\"strict-origin-when-cross-origin\" allowfullscreen><\/iframe><\/p>\n<p>&nbsp;<\/p>\n<blockquote>\n<h2><\/h2>\n<\/blockquote>\n<p><strong>BELLUNO<\/strong> Venerd\u00ec si svolger\u00e0 a Belluno la conferenza di presentazione dell\u2019ultimo romanzo storico di Sante Rossetto intitolato \u201cAssassinio nel campo di grano\u201c, edizioni Canova. L\u2019evento avr\u00e0 luogo alle 17.00 presso la sede del Circolo culturale \u201cLa Terra dei Padri\u201d in via dei Molini, 10 a Borgo Piave<\/p>\n<p><strong>AGORDO<\/strong> Sabato alle 15:30 al Centro Parrocchiale Don Vincenzo Savio di Agordo la presentazione del libro di Adone Santomaso dal titolo &#8220;Monte di luna vita serena&#8221;<\/p>\n<\/div>\n<\/div>\n<\/div>\n<\/div>\n<\/div>\n<p><strong>FALCADE <\/strong>DESPERADOS, DUE GIORNI DI FESTA CON LA QUINTA LICEO, AL PALAFALCADE. VENERDI 19 APRILE DALLE 18 APERITIVO E ALLE 20 IL BALLO LISCIO CON &#8221; \u201ci prestazione occasionale, GI\u00e0 QUELLI CHE IL LISCIO&#8221; SABATO 20 APRILE, DALLE 17 TORNEO DI BRISCOLA E CALCETTO E DALLE 21 DESPERADOS PARTY!!!! CON BASSLINE DJ, DALLA MEZZANOTTE HAPPY HALF HOUR info 3482996318<\/p>\n<p>&nbsp;<\/p>\n<h2><span style=\"color: #ff0000;\">PROSSIMAMENTE&#8230;<\/span><\/h2>\n<p>&nbsp;<\/p>\n<p>&nbsp;<\/p>\n<hr \/>\n<p>&nbsp;<\/p>\n<p><a class=\"dt-pswp-item\" href=\"https:\/\/www.radiopiu.net\/wordpress\/wp-content\/uploads\/2018\/09\/viabilita.jpeg\" data-dt-img-description=\"\" data-large_image_width=\"800\" data-large_image_height=\"100\"><img loading=\"lazy\" decoding=\"async\" class=\"aligncenter wp-image-61954 size-full\" src=\"https:\/\/www.radiopiu.net\/wordpress\/wp-content\/uploads\/2018\/09\/viabilita.jpeg\" alt=\"\" width=\"800\" height=\"100\" srcset=\"https:\/\/www.radiopiu.net\/wordpress\/wp-content\/uploads\/2018\/09\/viabilita.jpeg 800w, https:\/\/www.radiopiu.net\/wordpress\/wp-content\/uploads\/2018\/09\/viabilita-300x38.jpeg 300w, https:\/\/www.radiopiu.net\/wordpress\/wp-content\/uploads\/2018\/09\/viabilita-768x96.jpeg 768w\" sizes=\"auto, (max-width: 800px) 100vw, 800px\" \/><\/a><\/p>\n<p>&nbsp;<\/p>\n<p><a class=\"dt-pswp-item\" href=\"https:\/\/www.radiopiu.net\/wordpress\/wp-content\/uploads\/2023\/12\/botol-car-service.jpg\" data-dt-img-description=\"\" data-large_image_width=\"600\" data-large_image_height=\"600\"><img loading=\"lazy\" decoding=\"async\" class=\"size-medium wp-image-367044 aligncenter\" src=\"https:\/\/www.radiopiu.net\/wordpress\/wp-content\/uploads\/2023\/12\/botol-car-service-300x300.jpg\" alt=\"\" width=\"300\" height=\"300\" srcset=\"https:\/\/www.radiopiu.net\/wordpress\/wp-content\/uploads\/2023\/12\/botol-car-service-300x300.jpg 300w, https:\/\/www.radiopiu.net\/wordpress\/wp-content\/uploads\/2023\/12\/botol-car-service-150x150.jpg 150w, https:\/\/www.radiopiu.net\/wordpress\/wp-content\/uploads\/2023\/12\/botol-car-service.jpg 600w\" sizes=\"auto, (max-width: 300px) 100vw, 300px\" \/><\/a><\/p>\n<p>&nbsp;<\/p>\n<p>&nbsp;<\/p>\n<h1>BOLLETTINO QUOTIDIANO, CLICCA QUI<\/h1>\n<blockquote class=\"wp-embedded-content\" data-secret=\"JctM0nh3J2\"><p><a href=\"https:\/\/www.radiopiu.net\/wordpress\/viabilita\/\">viabilita<\/a><\/p><\/blockquote>\n<p><iframe loading=\"lazy\" class=\"wp-embedded-content\" sandbox=\"allow-scripts\" security=\"restricted\" style=\"position: absolute; clip: rect(1px, 1px, 1px, 1px);\" title=\"&#8220;viabilita&#8221; &#8212; Radio Pi\u00f9\" src=\"https:\/\/www.radiopiu.net\/wordpress\/viabilita\/embed\/#?secret=7IsxcKQd5F#?secret=JctM0nh3J2\" data-secret=\"JctM0nh3J2\" width=\"600\" height=\"338\" frameborder=\"0\" marginwidth=\"0\" marginheight=\"0\" scrolling=\"no\"><\/iframe><\/p>\n<p>&nbsp;<\/p>\n<p>&nbsp;<\/p>\n<p>&nbsp;<\/p>\n<hr \/>\n<p>&nbsp;<\/p>\n<p><a class=\"dt-pswp-item\" href=\"https:\/\/www.radiopiu.net\/wordpress\/wp-content\/uploads\/2018\/09\/WhatsApp-Image-2018-09-20-at-16.04.06.jpeg\" data-dt-img-description=\"\" data-large_image_width=\"800\" data-large_image_height=\"100\"><img loading=\"lazy\" decoding=\"async\" class=\"wp-image-61378 size-full aligncenter\" src=\"https:\/\/www.radiopiu.net\/wordpress\/wp-content\/uploads\/2018\/09\/WhatsApp-Image-2018-09-20-at-16.04.06.jpeg\" alt=\"\" width=\"800\" height=\"100\" srcset=\"https:\/\/www.radiopiu.net\/wordpress\/wp-content\/uploads\/2018\/09\/WhatsApp-Image-2018-09-20-at-16.04.06.jpeg 800w, https:\/\/www.radiopiu.net\/wordpress\/wp-content\/uploads\/2018\/09\/WhatsApp-Image-2018-09-20-at-16.04.06-300x38.jpeg 300w, https:\/\/www.radiopiu.net\/wordpress\/wp-content\/uploads\/2018\/09\/WhatsApp-Image-2018-09-20-at-16.04.06-768x96.jpeg 768w\" sizes=\"auto, (max-width: 800px) 100vw, 800px\" \/><\/a><\/p>\n<p><center><\/center><center><\/center><center><\/center><center><\/center><center><\/center><center><\/center>&nbsp;<\/p>\n<p><center><b>OGGI<\/b><\/center>Nuvolosit\u00e0 irregolare a tratti intensa specie tra le ore centrali e fino a met\u00e0 pomeriggio. A seguire schiarite dapprima su Dolomiti pi\u00f9 tardi su Prealpi.<br \/>\n<b>Precipitazioni: <\/b>Dal mattino probabilit\u00e0 in graduale aumento a partire da Dolomiti per rovesci isolati in veloce trasferimento su Prealpi e pedemontana dove saranno sparsi e pi\u00f9 probabili specie ad est. Possibili temporali. In serata esaurimento dei fenomeni ovunque.<br \/>\n<b>Temperature: <\/b>In forte calo con minime raggiunte in serata<\/p>\n<hr \/>\n<p><center><b>DOMANI<\/b><\/center>Cielo per lo pi\u00f9 nuvoloso con qualche schiarita pi\u00f9 probabile fino al primo mattino e poi dal tardo pomeriggio\/sera<br \/>\n<b>Precipitazioni: <\/b>Possibili brevi piovaschi\/rovesci isolati o sparsi specie tra mattino e met\u00e0 pomeriggio (40-60%) Generalmente assenti in serata. Eventuale limite neve a 1200\/1500 m. Accumuli assai irregolari e generalmente deboli.<br \/>\n<b>Temperature: <\/b>Temperature in ulteriore calo.<\/p>\n<hr \/>\n<p><center><b>GIOVEDI<\/b><\/center>Cielo generalmente nuvoloso con qualche schiarita dalla sera. Possibili a tratti qualche piovasco\/rovescio qua e l\u00e0 con eventuali fiocchi attorno a 1200\/1500 m. Temperature in ulteriore lieve calo.<\/p>\n<hr \/>\n<p><center><b>VENERDI<\/b><\/center>Al mattino sereno o poco nuvoloso, nel pomeriggio nubi medio-alte in arrivo da nord fino a nuvoloso. Temperature minime in calo e massime in aumento<\/p>\n<p>&nbsp;<\/p>\n<p>&nbsp;<\/p>\n<hr \/>\n<p>&nbsp;<\/p>\n<a href=\"https:\/\/www.radiopiu.net\/wordpress\/wp-content\/uploads\/2024\/04\/INVITO-INFINITY-BARDIN-1.pdf\" class=\"pdfemb-viewer\" style=\"\" data-width=\"max\" data-height=\"max\" data-toolbar=\"top\" data-toolbar-fixed=\"on\">INVITO INFINITY BARDIN-1<\/a>\n<p>&nbsp;<\/p>\n<hr \/>\n<p>&nbsp;<\/p>\n<p><img loading=\"lazy\" decoding=\"async\" class=\"wp-image-60761 size-full aligncenter\" src=\"https:\/\/www.radiopiu.net\/wordpress\/wp-content\/uploads\/2018\/09\/sport.jpg\" alt=\"\" width=\"800\" height=\"100\" srcset=\"https:\/\/www.radiopiu.net\/wordpress\/wp-content\/uploads\/2018\/09\/sport.jpg 800w, https:\/\/www.radiopiu.net\/wordpress\/wp-content\/uploads\/2018\/09\/sport-300x38.jpg 300w, https:\/\/www.radiopiu.net\/wordpress\/wp-content\/uploads\/2018\/09\/sport-768x96.jpg 768w\" sizes=\"auto, (max-width: 800px) 100vw, 800px\" \/><\/p>\n<p>&nbsp;<\/p>\n<p><span style=\"color: #0000ff;\"><strong>NUOTO<\/strong><\/span><\/p>\n<blockquote>\n<h3>SPORTIVAMENTE BELLUNO: ESORDIENTI RIPETUTAMENTE SUL PODIO A TREVISO<\/h3>\n<\/blockquote>\n<p><strong>BELLUNO<\/strong> Gli Esordienti della Sportivamente Belluno eccellono alle gare interprovinciali di Treviso con 21 atleti determinati. De Min e Battistel conquistano podio nei 50 rana. Morra, Dalla Riva e Frisaldi brillano nei 200 stile. Fistarol sfiora il podio nei 200 stile femminili. Record personali per Ivessa, Dal Mas, Thomas e Camposeo. Brianti debutta con un terzo posto nei 200 misti. Nerviani prende l&#8217;argento nei 100 farfalla. Galanti, Viel ed Emma mostrano miglioramenti. Fistarol trionfa nei 400 misti. Don\u00e0 e Nerviani conquistano argento nei 1500. La staffetta 4&#215;100 stile libero vince l&#8217;argento. Soddisfazione per il progresso del gruppo.<\/p>\n\n\t\t\t<style type='text\/css'>\n\t\t\t\t#gallery-7 {\n\t\t\t\t\tmargin: auto;\n\t\t\t\t}\n\t\t\t\t#gallery-7 .gallery-item {\n\t\t\t\t\tfloat: left;\n\t\t\t\t\tmargin-top: 10px;\n\t\t\t\t\ttext-align: center;\n\t\t\t\t\twidth: 50%;\n\t\t\t\t}\n\t\t\t\t#gallery-7 img {\n\t\t\t\t\tborder: 2px solid #cfcfcf;\n\t\t\t\t}\n\t\t\t\t#gallery-7 .gallery-caption {\n\t\t\t\t\tmargin-left: 0;\n\t\t\t\t}\n\t\t\t\t\/* see gallery_shortcode() in wp-includes\/media.php *\/\n\t\t\t<\/style>\n\t\t<div id='gallery-7' class='dt-gallery-container gallery galleryid-385676 gallery-columns-2 gallery-size-medium'><dl class='gallery-item'>\n\t\t\t\t<dt class='gallery-icon landscape'>\n\t\t\t\t\t<a class=\"rollover rollover-zoom dt-pswp-item\" title=\"Esordienti_B_a_Treviso\" data-dt-img-description=\"\" data-large_image_width=\"640\" data-large_image_height=\"483\"href='https:\/\/www.radiopiu.net\/wordpress\/wp-content\/uploads\/2024\/04\/Esordienti_B_a_Treviso.jpg'><img loading=\"lazy\" decoding=\"async\" width=\"300\" height=\"226\" src=\"https:\/\/www.radiopiu.net\/wordpress\/wp-content\/uploads\/2024\/04\/Esordienti_B_a_Treviso-300x226.jpg\" class=\"attachment-medium size-medium\" alt=\"\" srcset=\"https:\/\/www.radiopiu.net\/wordpress\/wp-content\/uploads\/2024\/04\/Esordienti_B_a_Treviso-300x226.jpg 300w, https:\/\/www.radiopiu.net\/wordpress\/wp-content\/uploads\/2024\/04\/Esordienti_B_a_Treviso.jpg 640w\" sizes=\"auto, (max-width: 300px) 100vw, 300px\" \/><\/a>\n\t\t\t\t<\/dt><\/dl><dl class='gallery-item'>\n\t\t\t\t<dt class='gallery-icon landscape'>\n\t\t\t\t\t<a class=\"rollover rollover-zoom dt-pswp-item\" title=\"Secondo_posto_per_la_staffetta\" data-dt-img-description=\"\" data-large_image_width=\"640\" data-large_image_height=\"525\"href='https:\/\/www.radiopiu.net\/wordpress\/wp-content\/uploads\/2024\/04\/Secondo_posto_per_la_staffetta.jpg'><img loading=\"lazy\" decoding=\"async\" width=\"300\" height=\"246\" src=\"https:\/\/www.radiopiu.net\/wordpress\/wp-content\/uploads\/2024\/04\/Secondo_posto_per_la_staffetta-300x246.jpg\" class=\"attachment-medium size-medium\" alt=\"\" srcset=\"https:\/\/www.radiopiu.net\/wordpress\/wp-content\/uploads\/2024\/04\/Secondo_posto_per_la_staffetta-300x246.jpg 300w, https:\/\/www.radiopiu.net\/wordpress\/wp-content\/uploads\/2024\/04\/Secondo_posto_per_la_staffetta.jpg 640w\" sizes=\"auto, (max-width: 300px) 100vw, 300px\" \/><\/a>\n\t\t\t\t<\/dt><\/dl><br style=\"clear: both\" \/>\n\t\t\t<\/div>\n\n<p>&nbsp;<\/p>\n<blockquote>\n<h3>OTTIMI RISULTATI PER ATTIVAMENTE AGORDINO NELLE GARE ESORDIENTI DI TREVISO<\/h3>\n<\/blockquote>\n<p><strong><a class=\"dt-pswp-item\" href=\"https:\/\/www.radiopiu.net\/wordpress\/wp-content\/uploads\/2024\/04\/63a25464-eb10-45e4-92fb-b58f0ad4b7ea.jpg\" data-dt-img-description=\"\" data-large_image_width=\"900\" data-large_image_height=\"761\"><img loading=\"lazy\" decoding=\"async\" class=\" wp-image-385852 alignleft\" src=\"https:\/\/www.radiopiu.net\/wordpress\/wp-content\/uploads\/2024\/04\/63a25464-eb10-45e4-92fb-b58f0ad4b7ea-300x254.jpg\" alt=\"\" width=\"158\" height=\"134\" srcset=\"https:\/\/www.radiopiu.net\/wordpress\/wp-content\/uploads\/2024\/04\/63a25464-eb10-45e4-92fb-b58f0ad4b7ea-300x254.jpg 300w, https:\/\/www.radiopiu.net\/wordpress\/wp-content\/uploads\/2024\/04\/63a25464-eb10-45e4-92fb-b58f0ad4b7ea-768x649.jpg 768w, https:\/\/www.radiopiu.net\/wordpress\/wp-content\/uploads\/2024\/04\/63a25464-eb10-45e4-92fb-b58f0ad4b7ea.jpg 900w\" sizes=\"auto, (max-width: 158px) 100vw, 158px\" \/><\/a>AGORDO\u00a0<\/strong>Gli esordienti di &#8220;Attivamente Agordino&#8221; si sono confrontati con &#8220;Belluno Treviso&#8221; nelle piscine di Treviso, 14 aprile. Nella rana, Alessandro Buxaj ha raggiunto il 4\u00b0 posto tra i ragazzi, seguito da altri quattro. Le ragazze hanno dominato con Alice Latti, Margot Longaron ed Emma Latti, ottenendo il 2\u00b0, 3\u00b0 e 4\u00b0 posto. Nei 200 misti, Emma e Margot si sono distinte. Sebastiano Migotto si \u00e8 classificato 6\u00b0 nei 200 misti maschili. Soddisfazioni anche nei 100m farfalla con Alice 2\u00b0 e Azzurra 7\u00b0, mentre Alessandro \u00e8 arrivato 3\u00b0 e Sebastiano 5\u00b0 tra gli uomini. Erik De Nardin ha vinto l&#8217;argento nei 400m stile libero. Le staffette 4&#215;50 stile misto hanno visto gli Agordini al 4\u00b0 e 7\u00b0 posto. L&#8217;ultima sfida sar\u00e0 il 12 maggio a Vittorio Veneto.<\/p>\n<p>&nbsp;<\/p>\n<p>&nbsp;<\/p>\n<p><strong><span style=\"color: #0000ff;\">CALCIO A 5<\/span><\/strong><\/p>\n<blockquote>\n<h3>GIESSE PER LO SPORT\u2026CON LA CANOTTIERI BELLUNO CALCIO A 5<\/h3>\n<\/blockquote>\n<div class=\"x11i5rnm xat24cr x1mh8g0r x1vvkbs xtlvy1s x126k92a\">\n<h4 class=\"photoswipe-wrapper\" dir=\"auto\"><a class=\"dt-pswp-item pspw-wrap-ready\" href=\"https:\/\/www.radiopiu.net\/wordpress\/wp-content\/uploads\/2023\/10\/Senza-nome-57.png\" data-dt-img-description=\"\" data-large_image_width=\"317\" data-large_image_height=\"322\"><img loading=\"lazy\" decoding=\"async\" class=\"size-medium wp-image-358116 aligncenter\" src=\"https:\/\/www.radiopiu.net\/wordpress\/wp-content\/uploads\/2023\/10\/Senza-nome-57-295x300.png\" sizes=\"auto, (max-width: 295px) 100vw, 295px\" srcset=\"https:\/\/www.radiopiu.net\/wordpress\/wp-content\/uploads\/2023\/10\/Senza-nome-57-295x300.png 295w, https:\/\/www.radiopiu.net\/wordpress\/wp-content\/uploads\/2023\/10\/Senza-nome-57.png 317w\" alt=\"\" width=\"295\" height=\"300\" \/><\/a><\/h4>\n<h4 dir=\"auto\"><\/h4>\n<h4 dir=\"auto\">GIESSE PER LO SPORT\u201d \u2026 con la Canottieri Belluno, calcio a 5. Tutto sul campionato di serie A2, girone A. Il programma alla RADIO che da ascolto ai talenti del calcio a 5 bellunese. IN COLLABORAZIONE CON GIESSE RISARCIMENTO DANNI A BELLUNO<\/h4>\n<\/div>\n<div class=\"x11i5rnm xat24cr x1mh8g0r x1vvkbs xtlvy1s x126k92a\">\n<h4 dir=\"auto\"><a class=\"x1i10hfl xjbqb8w x6umtig x1b1mbwd xaqea5y xav7gou x9f619 x1ypdohk xt0psk2 xe8uvvx xdj266r x11i5rnm xat24cr x1mh8g0r xexx8yu x4uap5 x18d9i69 xkhd6sd x16tdsg8 x1hl2dhg xggy1nq x1a2a7pz xt0b8zv x1qq9wsj xo1l8bm\" tabindex=\"0\" role=\"link\" href=\"https:\/\/www.facebook.com\/groups\/radiopiu\/?__cft__[0]=AZVtB3sskZBwGsu89zeRk9eNMGUFohz53TdYmXZyePAKPt8cBeKCqA03znGJk9wPaqHDXQ5yMBG_hrsUX03xH8fdmlMazTirW3KRFEY3Kr2cyBd_5Es2MvKnqyd6ZcahL6_M_zOo19o5N5tV8NHsHcfP&amp;__tn__=-UK-R\"><span class=\"xt0psk2\">RADIO PIU\u2019 EMITTENTE AGORDINA (Taibon_32027)<\/span><\/a>: IL LUNEDI ALLE 16.30, IL MARTEDI ALLE 13.05 RADIO CLUB 103 IL LUNEDI ALLE 16.20 E MARTEDI ALLE 13.40 <a class=\"x1i10hfl xjbqb8w x6umtig x1b1mbwd xaqea5y xav7gou x9f619 x1ypdohk xt0psk2 xe8uvvx xdj266r x11i5rnm xat24cr x1mh8g0r xexx8yu x4uap5 x18d9i69 xkhd6sd x16tdsg8 x1hl2dhg xggy1nq x1a2a7pz xt0b8zv x1qq9wsj xo1l8bm\" tabindex=\"0\" role=\"link\" href=\"https:\/\/www.facebook.com\/groups\/61488111720\/user\/100063652837062\/?__cft__[0]=AZVtB3sskZBwGsu89zeRk9eNMGUFohz53TdYmXZyePAKPt8cBeKCqA03znGJk9wPaqHDXQ5yMBG_hrsUX03xH8fdmlMazTirW3KRFEY3Kr2cyBd_5Es2MvKnqyd6ZcahL6_M_zOo19o5N5tV8NHsHcfP&amp;__tn__=-]K-R\"><span class=\"xt0psk2\">Radio Primiero<\/span><\/a>\u00a0IL LUNEDI ALLE 10.30 E MARTEDI ALLE 12.30<\/h4>\n<\/div>\n<p><strong><a class=\"dt-pswp-item\" href=\"https:\/\/www.radiopiu.net\/wordpress\/wp-content\/uploads\/2023\/03\/88dd1418-4f91-4e5e-8cc7-652516b7b3f6.jpg\" data-dt-img-description=\"\" data-large_image_width=\"1600\" data-large_image_height=\"1298\"><img loading=\"lazy\" decoding=\"async\" class=\" wp-image-385684 alignleft\" src=\"https:\/\/www.radiopiu.net\/wordpress\/wp-content\/uploads\/2023\/03\/88dd1418-4f91-4e5e-8cc7-652516b7b3f6-300x243.jpg\" alt=\"\" width=\"188\" height=\"153\" srcset=\"https:\/\/www.radiopiu.net\/wordpress\/wp-content\/uploads\/2023\/03\/88dd1418-4f91-4e5e-8cc7-652516b7b3f6-300x243.jpg 300w, https:\/\/www.radiopiu.net\/wordpress\/wp-content\/uploads\/2023\/03\/88dd1418-4f91-4e5e-8cc7-652516b7b3f6-1024x831.jpg 1024w, https:\/\/www.radiopiu.net\/wordpress\/wp-content\/uploads\/2023\/03\/88dd1418-4f91-4e5e-8cc7-652516b7b3f6-768x623.jpg 768w, https:\/\/www.radiopiu.net\/wordpress\/wp-content\/uploads\/2023\/03\/88dd1418-4f91-4e5e-8cc7-652516b7b3f6-1536x1246.jpg 1536w, https:\/\/www.radiopiu.net\/wordpress\/wp-content\/uploads\/2023\/03\/88dd1418-4f91-4e5e-8cc7-652516b7b3f6.jpg 1600w\" sizes=\"auto, (max-width: 188px) 100vw, 188px\" \/><\/a>PUNTATA 25 &#8211; 15 APRILE 2024<\/strong><\/p>\n<p><span style=\"color: #0000ff;\"><strong>VENTIDUESIMA GIORNATA<\/strong><\/span><\/p>\n<p><strong>VILLORBA \u2013 CANOTTIERI BELLUNO 3-1<\/strong><\/p>\n<p>RETI: PT 18.22 Rexhepaj; ST 3.18 Dall&#8217;\u00d2, 11.29 Bardini, 18.43 Rexhepaj<\/p>\n<audio class=\"wp-audio-shortcode\" id=\"audio-385676-16\" preload=\"none\" style=\"width: 100%;\" controls=\"controls\"><source type=\"audio\/mpeg\" src=\"https:\/\/www.radiopiu.net\/wordpress\/wp-content\/uploads\/2023\/03\/GIESSECALCIO-1.mp3?_=16\" \/><a href=\"https:\/\/www.radiopiu.net\/wordpress\/wp-content\/uploads\/2023\/03\/GIESSECALCIO-1.mp3\">https:\/\/www.radiopiu.net\/wordpress\/wp-content\/uploads\/2023\/03\/GIESSECALCIO-1.mp3<\/a><\/audio>\n<p>&nbsp;<\/p>\n<h2>LA RACCOLTA COMPLETA <a href=\"https:\/\/www.radiopiu.net\/wordpress\/giesse-per-lo-sport-con-la-canottieri-belluno-calcio-a-5\/\"><span style=\"color: #0000ff;\">CLICCA QUI<\/span><\/a><\/h2>\n<p>&nbsp;<\/p>\n<p>&nbsp;<\/p>\n<hr \/>\n<p>&nbsp;<\/p>\n<h2><span style=\"color: #33cccc;\">GOODBYE BY BICICLE&#8230;UN VIAGGIO DALL&#8217;INDIA A SEREN DEL GRAPPA IN BICICLETTA<\/span><\/h2>\n<p><span style=\"color: #ff0000;\"><strong>PUNTATA 09 &#8211; IL VIAGGIO IN NEPAL IN ATTESA DEL VISTO TURISTICO<\/strong><\/span><\/p>\n<audio class=\"wp-audio-shortcode\" id=\"audio-385676-17\" preload=\"none\" style=\"width: 100%;\" controls=\"controls\"><source type=\"audio\/mpeg\" src=\"https:\/\/www.radiopiu.net\/wordpress\/wp-content\/uploads\/2024\/04\/AIRE-INDIA-PUNTATA-09.mp3?_=17\" \/><a href=\"https:\/\/www.radiopiu.net\/wordpress\/wp-content\/uploads\/2024\/04\/AIRE-INDIA-PUNTATA-09.mp3\">https:\/\/www.radiopiu.net\/wordpress\/wp-content\/uploads\/2024\/04\/AIRE-INDIA-PUNTATA-09.mp3<\/a><\/audio>\n<p>&nbsp;<\/p>\n<p><strong>PER VISITARE I SITI DEI LUOGHI VISITATI, CLICCA SULLE SEGUENTI SCRITTE: <span style=\"color: #0000ff;\"><a style=\"color: #0000ff;\" href=\"https:\/\/www.anganwadiproject.com\/\">ANGANWADI PROJECT<\/a>\u00a0 <a style=\"color: #0000ff;\" href=\"https:\/\/shreyasfoundation.in\/\">SHEREYAS FOUNDATION<\/a>\u00a0 <a style=\"color: #0000ff;\" href=\"https:\/\/manavsadhna.org\/\">MANAV SADHNA<\/a>\u00a0 <a style=\"color: #0000ff;\" href=\"https:\/\/www.shuklaphantanationalpark.gov.np\/en\">SHUKLAPHA NATIONAL PARK<\/a><\/span><\/strong><\/p>\n\n\t\t\t<style type='text\/css'>\n\t\t\t\t#gallery-8 {\n\t\t\t\t\tmargin: auto;\n\t\t\t\t}\n\t\t\t\t#gallery-8 .gallery-item {\n\t\t\t\t\tfloat: left;\n\t\t\t\t\tmargin-top: 10px;\n\t\t\t\t\ttext-align: center;\n\t\t\t\t\twidth: 20%;\n\t\t\t\t}\n\t\t\t\t#gallery-8 img {\n\t\t\t\t\tborder: 2px solid #cfcfcf;\n\t\t\t\t}\n\t\t\t\t#gallery-8 .gallery-caption {\n\t\t\t\t\tmargin-left: 0;\n\t\t\t\t}\n\t\t\t\t\/* see gallery_shortcode() in wp-includes\/media.php *\/\n\t\t\t<\/style>\n\t\t<div id='gallery-8' class='dt-gallery-container gallery galleryid-385676 gallery-columns-5 gallery-size-thumbnail'><dl class='gallery-item'>\n\t\t\t\t<dt class='gallery-icon landscape'>\n\t\t\t\t\t<a class=\"rollover rollover-zoom dt-pswp-item\" title=\"4e5c35db-3e12-4aec-8abd-b9138bcea54d\" data-dt-img-description=\"\" data-large_image_width=\"1600\" data-large_image_height=\"721\"href='https:\/\/www.radiopiu.net\/wordpress\/wp-content\/uploads\/2024\/04\/4e5c35db-3e12-4aec-8abd-b9138bcea54d.jpg'><img loading=\"lazy\" decoding=\"async\" width=\"150\" height=\"150\" src=\"https:\/\/www.radiopiu.net\/wordpress\/wp-content\/uploads\/2024\/04\/4e5c35db-3e12-4aec-8abd-b9138bcea54d-150x150.jpg\" class=\"attachment-thumbnail size-thumbnail\" alt=\"\" \/><\/a>\n\t\t\t\t<\/dt><\/dl><dl class='gallery-item'>\n\t\t\t\t<dt class='gallery-icon landscape'>\n\t\t\t\t\t<a class=\"rollover rollover-zoom dt-pswp-item\" title=\"d4bb193e-20e4-4204-9be2-b2094f82fa6a\" data-dt-img-description=\"\" data-large_image_width=\"1600\" data-large_image_height=\"1200\"href='https:\/\/www.radiopiu.net\/wordpress\/wp-content\/uploads\/2024\/04\/d4bb193e-20e4-4204-9be2-b2094f82fa6a.jpg'><img loading=\"lazy\" decoding=\"async\" width=\"150\" height=\"150\" src=\"https:\/\/www.radiopiu.net\/wordpress\/wp-content\/uploads\/2024\/04\/d4bb193e-20e4-4204-9be2-b2094f82fa6a-150x150.jpg\" class=\"attachment-thumbnail size-thumbnail\" alt=\"\" \/><\/a>\n\t\t\t\t<\/dt><\/dl><dl class='gallery-item'>\n\t\t\t\t<dt class='gallery-icon landscape'>\n\t\t\t\t\t<a class=\"rollover rollover-zoom dt-pswp-item\" title=\"5ca98be9-00a4-4735-8434-601bd80ffc52\" data-dt-img-description=\"\" data-large_image_width=\"1280\" data-large_image_height=\"963\"href='https:\/\/www.radiopiu.net\/wordpress\/wp-content\/uploads\/2024\/04\/5ca98be9-00a4-4735-8434-601bd80ffc52.jpg'><img loading=\"lazy\" decoding=\"async\" width=\"150\" height=\"150\" src=\"https:\/\/www.radiopiu.net\/wordpress\/wp-content\/uploads\/2024\/04\/5ca98be9-00a4-4735-8434-601bd80ffc52-150x150.jpg\" class=\"attachment-thumbnail size-thumbnail\" alt=\"\" \/><\/a>\n\t\t\t\t<\/dt><\/dl><dl class='gallery-item'>\n\t\t\t\t<dt class='gallery-icon landscape'>\n\t\t\t\t\t<a class=\"rollover rollover-zoom dt-pswp-item\" title=\"c92a92fb-a4b2-478c-9f7e-0951659e49b0\" data-dt-img-description=\"\" data-large_image_width=\"1280\" data-large_image_height=\"577\"href='https:\/\/www.radiopiu.net\/wordpress\/wp-content\/uploads\/2024\/04\/c92a92fb-a4b2-478c-9f7e-0951659e49b0.jpg'><img loading=\"lazy\" decoding=\"async\" width=\"150\" height=\"150\" src=\"https:\/\/www.radiopiu.net\/wordpress\/wp-content\/uploads\/2024\/04\/c92a92fb-a4b2-478c-9f7e-0951659e49b0-150x150.jpg\" class=\"attachment-thumbnail size-thumbnail\" alt=\"\" \/><\/a>\n\t\t\t\t<\/dt><\/dl><dl class='gallery-item'>\n\t\t\t\t<dt class='gallery-icon portrait'>\n\t\t\t\t\t<a class=\"rollover rollover-zoom dt-pswp-item\" title=\"310fc236-1ff4-421b-8683-7cd1fd0729b2\" data-dt-img-description=\"\" data-large_image_width=\"923\" data-large_image_height=\"1104\"href='https:\/\/www.radiopiu.net\/wordpress\/wp-content\/uploads\/2024\/04\/310fc236-1ff4-421b-8683-7cd1fd0729b2.jpg'><img loading=\"lazy\" decoding=\"async\" width=\"150\" height=\"150\" src=\"https:\/\/www.radiopiu.net\/wordpress\/wp-content\/uploads\/2024\/04\/310fc236-1ff4-421b-8683-7cd1fd0729b2-150x150.jpg\" class=\"attachment-thumbnail size-thumbnail\" alt=\"\" \/><\/a>\n\t\t\t\t<\/dt><\/dl><br style=\"clear: both\" \/>\n\t\t\t<\/div>\n\n<p>&nbsp;<\/p>\n<p>&nbsp;<\/p>\n<p>&nbsp;<\/p>\n","protected":false},"excerpt":{"rendered":"<p>******* &nbsp; PER RICEVERE QUESTO NOTIZIARIO DIRETTAMENTE SUL TUO CELLULARE ISCRIVITI AL CANALE TELEGRAM \u201cRADIO PIU\u00a0 INFORMAZIONE&#8221;\u00a0 \u00a0il CANALE TELEGRAM&#8230; UNISCITI A: RADIO PIU INFORMAZIONE &nbsp; &nbsp; ATTENZIONE: LA NUOVA APP PER IOS-IPHONE di Nicola Vettorello https:\/\/apps.apple.com\/it\/app\/radio-pi%C3%B9-emittente-agordina\/id1515939845 ATTENZIONE: LA NUOVA APP RADIO\u00a0 PER ANDROID di Nicola Vettorello https:\/\/play.google.com\/store\/apps\/details?id=net.radiopiu.iniko\u00a0\u00a0 &nbsp; &nbsp; ACQUA INQUINTATA A ROCCA PIETORE&hellip;<\/p>\n","protected":false},"author":4,"featured_media":385862,"comment_status":"closed","ping_status":"closed","sticky":false,"template":"","format":"standard","meta":{"_monsterinsights_skip_tracking":false,"_monsterinsights_sitenote_active":false,"_monsterinsights_sitenote_note":"","_monsterinsights_sitenote_category":0,"footnotes":""},"categories":[51,86,49],"tags":[],"class_list":["post-385676","post","type-post","status-publish","format-standard","has-post-thumbnail","hentry","category-evidenza-top","category-gr","category-news-18","category-51","category-86","category-49","description-off"],"img_url":"https:\/\/www.radiopiu.net\/wordpress\/wp-content\/uploads\/2024\/04\/d5e3a288-f6e7-49e2-9742-d45b7c7cf04e.jpg","_links":{"self":[{"href":"https:\/\/www.radiopiu.net\/wordpress\/wp-json\/wp\/v2\/posts\/385676","targetHints":{"allow":["GET"]}}],"collection":[{"href":"https:\/\/www.radiopiu.net\/wordpress\/wp-json\/wp\/v2\/posts"}],"about":[{"href":"https:\/\/www.radiopiu.net\/wordpress\/wp-json\/wp\/v2\/types\/post"}],"author":[{"embeddable":true,"href":"https:\/\/www.radiopiu.net\/wordpress\/wp-json\/wp\/v2\/users\/4"}],"replies":[{"embeddable":true,"href":"https:\/\/www.radiopiu.net\/wordpress\/wp-json\/wp\/v2\/comments?post=385676"}],"version-history":[{"count":0,"href":"https:\/\/www.radiopiu.net\/wordpress\/wp-json\/wp\/v2\/posts\/385676\/revisions"}],"wp:featuredmedia":[{"embeddable":true,"href":"https:\/\/www.radiopiu.net\/wordpress\/wp-json\/wp\/v2\/media\/385862"}],"wp:attachment":[{"href":"https:\/\/www.radiopiu.net\/wordpress\/wp-json\/wp\/v2\/media?parent=385676"}],"wp:term":[{"taxonomy":"category","embeddable":true,"href":"https:\/\/www.radiopiu.net\/wordpress\/wp-json\/wp\/v2\/categories?post=385676"},{"taxonomy":"post_tag","embeddable":true,"href":"https:\/\/www.radiopiu.net\/wordpress\/wp-json\/wp\/v2\/tags?post=385676"}],"curies":[{"name":"wp","href":"https:\/\/api.w.org\/{rel}","templated":true}]}}