{"id":385775,"date":"2024-04-16T05:39:23","date_gmt":"2024-04-16T03:39:23","guid":{"rendered":"https:\/\/www.radiopiu.net\/wordpress\/?p=385775"},"modified":"2024-04-16T05:39:55","modified_gmt":"2024-04-16T03:39:55","slug":"malore-a-borca-anziano-in","status":"publish","type":"post","link":"https:\/\/www.radiopiu.net\/wordpress\/malore-a-borca-anziano-in\/","title":{"rendered":"Tragedia all&#8217;Happy Park di Borca"},"content":{"rendered":"<p>****<\/p>\n<blockquote>\n<h1>\u00a0Ernesto Sala muore per un infarto<\/h1>\n<p><em>L&#8217;uomo era arrivato qualche minuto prima a bordo della sua auto. L&#8217;ha sistemata nel parcheggio del grande giardino del Dolomiti Mountain Resort ed \u00e8 andato a bersi un caff\u00e8 al punto di ristoro. Mentre stava tornando verso casa, all&#8217;altezza del cancello, si \u00e8 sentito male, accasciandosi improvvisamente.<\/em><\/p><\/blockquote>\n<p><strong><img loading=\"lazy\" decoding=\"async\" class=\"alignleft\" src=\"https:\/\/www.radiopiu.net\/wordpress\/wp-content\/uploads\/2024\/04\/salt-suem-agordo-croce.jpeg\" width=\"141\" height=\"106\" \/>BORCA DI CADORE\u00a0 <\/strong>Ernesto Sala, 78 anni, \u00e8 morto a causa di un infarto all&#8217;Happy Park di Borca. Nonostante i soccorsi tempestivi e l&#8217;uso del defibrillatore, \u00e8 deceduto all&#8217;ospedale di Belluno dove era stato elitrasportato in elicottero in condizioni gravissime. Lascia i fratelli Mario e Tiziano.<\/p>\n<div class=\"flex-1 overflow-hidden\">\n<div class=\"react-scroll-to-bottom--css-gohku-79elbk h-full\">\n<div class=\"react-scroll-to-bottom--css-gohku-1n7m0yu\">\n<div class=\"flex flex-col text-sm pb-9\">\n<div class=\"w-full text-token-text-primary\" dir=\"auto\" data-testid=\"conversation-turn-13\">\n<div class=\"px-4 py-2 justify-center text-base md:gap-6 m-auto\">\n<div class=\"flex flex-1 text-base mx-auto gap-3 juice:gap-4 juice:md:gap-6 md:px-5 lg:px-1 xl:px-5 md:max-w-3xl lg:max-w-[40rem] xl:max-w-[48rem]\">\n<div class=\"relative flex w-full flex-col agent-turn\">\n<div class=\"flex-col gap-1 md:gap-3\">\n<div class=\"mt-1 flex gap-3 empty:hidden\">\n<div class=\"text-gray-400 flex self-end lg:self-center items-center justify-center lg:justify-start mt-0 -ml-1 h-7 gap-[2px] visible\">\n<div class=\"flex\">&#8212;<\/div>\n<\/div>\n<\/div>\n<\/div>\n<\/div>\n<\/div>\n<\/div>\n<\/div>\n<\/div>\n<\/div>\n<\/div>\n<\/div>\n<p><strong>SANTO STEFANO DI CADORE<\/strong> Una mezz\u2019ora dopo l\u2019ambulanza di Auronzo di Cadore \u00e8 intervenuta a\u00a0 Santo Stefano, un uomo di 94 anni Fulvio Segala del luogo \u00e8 stato investito. Le ferite sono state medicate al Pronto Soccorso di Pieve di Cadore. Investito sulle strisce in via Udine. L&#8217;automobilista non si \u00e8 fermata e l&#8217;uomo \u00e8 stato soccorso da un passante, prima dell&#8217;arrivo dell&#8217;ambulanza. Non si sa se la donna alla guida dell&#8217;auto non si sia accorta di niente<\/p>\n<p>&nbsp;<\/p>\n<p>&nbsp;<\/p>\n<p>___<\/p>\n","protected":false},"excerpt":{"rendered":"<p>**** \u00a0Ernesto Sala muore per un infarto L&#8217;uomo era arrivato qualche minuto prima a bordo della sua auto. L&#8217;ha sistemata nel parcheggio del grande giardino del Dolomiti Mountain Resort ed \u00e8 andato a bersi un caff\u00e8 al punto di ristoro. Mentre stava tornando verso casa, all&#8217;altezza del cancello, si \u00e8 sentito male, accasciandosi improvvisamente. BORCA&hellip;<\/p>\n","protected":false},"author":4,"featured_media":382581,"comment_status":"closed","ping_status":"closed","sticky":false,"template":"","format":"standard","meta":{"_monsterinsights_skip_tracking":false,"_monsterinsights_sitenote_active":false,"_monsterinsights_sitenote_note":"","_monsterinsights_sitenote_category":0,"footnotes":""},"categories":[51,49],"tags":[],"class_list":["post-385775","post","type-post","status-publish","format-standard","has-post-thumbnail","hentry","category-evidenza-top","category-news-18","category-51","category-49","description-off"],"img_url":"https:\/\/www.radiopiu.net\/wordpress\/wp-content\/uploads\/2024\/04\/salt-suem-agordo-croce.jpeg","_links":{"self":[{"href":"https:\/\/www.radiopiu.net\/wordpress\/wp-json\/wp\/v2\/posts\/385775","targetHints":{"allow":["GET"]}}],"collection":[{"href":"https:\/\/www.radiopiu.net\/wordpress\/wp-json\/wp\/v2\/posts"}],"about":[{"href":"https:\/\/www.radiopiu.net\/wordpress\/wp-json\/wp\/v2\/types\/post"}],"author":[{"embeddable":true,"href":"https:\/\/www.radiopiu.net\/wordpress\/wp-json\/wp\/v2\/users\/4"}],"replies":[{"embeddable":true,"href":"https:\/\/www.radiopiu.net\/wordpress\/wp-json\/wp\/v2\/comments?post=385775"}],"version-history":[{"count":0,"href":"https:\/\/www.radiopiu.net\/wordpress\/wp-json\/wp\/v2\/posts\/385775\/revisions"}],"wp:featuredmedia":[{"embeddable":true,"href":"https:\/\/www.radiopiu.net\/wordpress\/wp-json\/wp\/v2\/media\/382581"}],"wp:attachment":[{"href":"https:\/\/www.radiopiu.net\/wordpress\/wp-json\/wp\/v2\/media?parent=385775"}],"wp:term":[{"taxonomy":"category","embeddable":true,"href":"https:\/\/www.radiopiu.net\/wordpress\/wp-json\/wp\/v2\/categories?post=385775"},{"taxonomy":"post_tag","embeddable":true,"href":"https:\/\/www.radiopiu.net\/wordpress\/wp-json\/wp\/v2\/tags?post=385775"}],"curies":[{"name":"wp","href":"https:\/\/api.w.org\/{rel}","templated":true}]}}