{"id":385831,"date":"2024-04-15T16:39:47","date_gmt":"2024-04-15T14:39:47","guid":{"rendered":"https:\/\/www.radiopiu.net\/wordpress\/?p=385831"},"modified":"2024-04-15T16:39:47","modified_gmt":"2024-04-15T14:39:47","slug":"giardino-in-festa-alla-primaria-di-libano-di-sedico","status":"publish","type":"post","link":"https:\/\/www.radiopiu.net\/wordpress\/giardino-in-festa-alla-primaria-di-libano-di-sedico\/","title":{"rendered":"GIARDINO IN FESTA ALLA PRIMARIA DI LIBANO DI SEDICO"},"content":{"rendered":"<p>*****<\/p>\n<p>&nbsp;<\/p>\n<p><strong>SEDICO <\/strong>Per fare un giardino e farlo diventare un bene comune da vivere come tale ci vogliono tante mani, una sotto o sopra l\u2019altra, una che fa e una che sostiene, una che inventa e una, esperta, che aiuta a concretizzare. Alla scuola primaria di Libano, marted\u00ec scorso, c\u2019erano tutte quelle che servivano: quelle delle alunne e degli alunni, quelle delle insegnanti e degli insegnanti e quelle dei genitori e dei nonni. Cos\u00ec \u00e8 stato possibile da un lato dare forma al progetto \u201cGiardino in festa\u201d promosso dalle maestre (che si inserisce in un lavoro pi\u00f9 ampio e pi\u00f9 a lungo termine denominato \u201cScuola &#8211; Giardino &#8211; Bene comune\u201d), dall\u2019altro superare la tristezza che l\u2019estate scorsa aveva portato con s\u00e9. Binino, il pero piantato nel giardino della scuola nell\u2019autunno 2022, era stato infatti inavvertitamente tagliato assieme all\u2019erba circostante. La determinazione dei bambini e delle maestre ha per\u00f2 avuto la meglio e cos\u00ec un nuovo pero, donato dal Vivaio Varotto, \u00e8 stato messo a dimora e Binino \u00e8 tornato a vivere attraverso i racconti che gli alunni della seconda classe avevano scritto lo scorso anno e che marted\u00ec hanno letto ai pi\u00f9 piccoli, affinch\u00e9 anche nella loro memoria si infilasse il ricordo di un essere vivente che non c\u2019\u00e8 pi\u00f9. Ma se il nuovo pero marted\u00ec l\u2019ha fatta da padrone, la festa non si \u00e8 esaurita con la sua piantumazione. \u201cGenitori e nonni \u2013 dicono le maestre \u2013 hanno risposto alla grande al nostro invito. Hanno portato attrezzi vari (zappe, vanghe, rastrelli, innaffiatoi) e hanno guidato e aiutato figli e nipoti nell\u2019allestimento di un bellissimo giardino\u201d. Chi ha interrato i fiori, chi potato la siepe, chi invasato il rosmarino, chi pitturato i sassi decorativi, chi ha creato oggetti vari con pezzi di legno e lana, chi si \u00e8 dilettato a disegnare tulipani, chi ha realizzato un bug hotel, cio\u00e8 una casa per gli insetti, chi, nel frattempo, ha praticato attivit\u00e0 sportiva. Un brulicare di passi e di voci che, nelle intenzioni delle maestre della primaria che fa capo all\u2019Istituto comprensivo di Sedico-Sospirolo, dovr\u00e0 essere quasi all\u2019ordine del giorno in questo nuovo giardino. \u201cNella nostra idea \u2013 dicono le insegnanti \u2013 questo giardino diventer\u00e0 uno spazio importante per favorire momenti di incontro, socializzazione e di lavoro con attivit\u00e0 didattiche all\u2019aperto. Nella didattica fuori dell\u2019aula potranno dialogare lo spazio naturale e quello antropico, la dimensione reale e quella digitale, le esigenze individuali e quelle collettive. Per sfruttarlo appieno useremo metodologie didattiche attive e partecipative che superino la lezione frontale e che favoriscano processi di inclusivit\u00e0 e il raggiungimento di obiettivi che riguardano la conoscenza del s\u00e9, le relazioni e l\u2019educazione civica in generale\u201d.<\/p>\n\n\t\t\t<style type='text\/css'>\n\t\t\t\t#gallery-1 {\n\t\t\t\t\tmargin: auto;\n\t\t\t\t}\n\t\t\t\t#gallery-1 .gallery-item {\n\t\t\t\t\tfloat: left;\n\t\t\t\t\tmargin-top: 10px;\n\t\t\t\t\ttext-align: center;\n\t\t\t\t\twidth: 25%;\n\t\t\t\t}\n\t\t\t\t#gallery-1 img {\n\t\t\t\t\tborder: 2px solid #cfcfcf;\n\t\t\t\t}\n\t\t\t\t#gallery-1 .gallery-caption {\n\t\t\t\t\tmargin-left: 0;\n\t\t\t\t}\n\t\t\t\t\/* see gallery_shortcode() in wp-includes\/media.php *\/\n\t\t\t<\/style>\n\t\t<div id='gallery-1' class='dt-gallery-container gallery galleryid-385831 gallery-columns-4 gallery-size-thumbnail'><dl class='gallery-item'>\n\t\t\t\t<dt class='gallery-icon landscape'>\n\t\t\t\t\t<a class=\"rollover rollover-zoom dt-pswp-item\" title=\"PHOTO-2024-04-10-12-34-30 (5)\" data-dt-img-description=\"\" data-large_image_width=\"1600\" data-large_image_height=\"1200\"href='https:\/\/www.radiopiu.net\/wordpress\/wp-content\/uploads\/2024\/04\/PHOTO-2024-04-10-12-34-30-5.jpg'><img loading=\"lazy\" decoding=\"async\" width=\"150\" height=\"150\" src=\"https:\/\/www.radiopiu.net\/wordpress\/wp-content\/uploads\/2024\/04\/PHOTO-2024-04-10-12-34-30-5-150x150.jpg\" class=\"attachment-thumbnail size-thumbnail\" alt=\"\" \/><\/a>\n\t\t\t\t<\/dt><\/dl><dl class='gallery-item'>\n\t\t\t\t<dt class='gallery-icon portrait'>\n\t\t\t\t\t<a class=\"rollover rollover-zoom dt-pswp-item\" title=\"PHOTO-2024-04-10-12-34-30 (8)\" data-dt-img-description=\"\" data-large_image_width=\"1200\" data-large_image_height=\"1600\"href='https:\/\/www.radiopiu.net\/wordpress\/wp-content\/uploads\/2024\/04\/PHOTO-2024-04-10-12-34-30-8.jpg'><img loading=\"lazy\" decoding=\"async\" width=\"150\" height=\"150\" src=\"https:\/\/www.radiopiu.net\/wordpress\/wp-content\/uploads\/2024\/04\/PHOTO-2024-04-10-12-34-30-8-150x150.jpg\" class=\"attachment-thumbnail size-thumbnail\" alt=\"\" \/><\/a>\n\t\t\t\t<\/dt><\/dl><dl class='gallery-item'>\n\t\t\t\t<dt class='gallery-icon portrait'>\n\t\t\t\t\t<a class=\"rollover rollover-zoom dt-pswp-item\" title=\"IMG_9325\" data-dt-img-description=\"\" data-large_image_width=\"1920\" data-large_image_height=\"2560\"href='https:\/\/www.radiopiu.net\/wordpress\/wp-content\/uploads\/2024\/04\/IMG_9325-scaled.jpg'><img loading=\"lazy\" decoding=\"async\" width=\"150\" height=\"150\" src=\"https:\/\/www.radiopiu.net\/wordpress\/wp-content\/uploads\/2024\/04\/IMG_9325-150x150.jpg\" class=\"attachment-thumbnail size-thumbnail\" alt=\"\" \/><\/a>\n\t\t\t\t<\/dt><\/dl><dl class='gallery-item'>\n\t\t\t\t<dt class='gallery-icon portrait'>\n\t\t\t\t\t<a class=\"rollover rollover-zoom dt-pswp-item\" title=\"IMG_9406\" data-dt-img-description=\"\" data-large_image_width=\"1920\" data-large_image_height=\"2560\"href='https:\/\/www.radiopiu.net\/wordpress\/wp-content\/uploads\/2024\/04\/IMG_9406-1-scaled.jpg'><img loading=\"lazy\" decoding=\"async\" width=\"150\" height=\"150\" src=\"https:\/\/www.radiopiu.net\/wordpress\/wp-content\/uploads\/2024\/04\/IMG_9406-1-150x150.jpg\" class=\"attachment-thumbnail size-thumbnail\" alt=\"\" \/><\/a>\n\t\t\t\t<\/dt><\/dl><br style=\"clear: both\" \/>\n\t\t\t<\/div>\n\n<p>&nbsp;<\/p>\n<p>&nbsp;<\/p>\n<p>******<\/p>\n","protected":false},"excerpt":{"rendered":"<p>***** &nbsp; SEDICO Per fare un giardino e farlo diventare un bene comune da vivere come tale ci vogliono tante mani, una sotto o sopra l\u2019altra, una che fa e una che sostiene, una che inventa e una, esperta, che aiuta a concretizzare. Alla scuola primaria di Libano, marted\u00ec scorso, c\u2019erano tutte quelle che servivano:&hellip;<\/p>\n","protected":false},"author":4,"featured_media":385841,"comment_status":"closed","ping_status":"closed","sticky":false,"template":"","format":"standard","meta":{"_monsterinsights_skip_tracking":false,"_monsterinsights_sitenote_active":false,"_monsterinsights_sitenote_note":"","_monsterinsights_sitenote_category":0,"footnotes":""},"categories":[49],"tags":[],"class_list":["post-385831","post","type-post","status-publish","format-standard","has-post-thumbnail","hentry","category-news-18","category-49","description-off"],"img_url":"https:\/\/www.radiopiu.net\/wordpress\/wp-content\/uploads\/2024\/04\/PHOTO-2024-04-10-12-34-30-8.jpg","_links":{"self":[{"href":"https:\/\/www.radiopiu.net\/wordpress\/wp-json\/wp\/v2\/posts\/385831","targetHints":{"allow":["GET"]}}],"collection":[{"href":"https:\/\/www.radiopiu.net\/wordpress\/wp-json\/wp\/v2\/posts"}],"about":[{"href":"https:\/\/www.radiopiu.net\/wordpress\/wp-json\/wp\/v2\/types\/post"}],"author":[{"embeddable":true,"href":"https:\/\/www.radiopiu.net\/wordpress\/wp-json\/wp\/v2\/users\/4"}],"replies":[{"embeddable":true,"href":"https:\/\/www.radiopiu.net\/wordpress\/wp-json\/wp\/v2\/comments?post=385831"}],"version-history":[{"count":0,"href":"https:\/\/www.radiopiu.net\/wordpress\/wp-json\/wp\/v2\/posts\/385831\/revisions"}],"wp:featuredmedia":[{"embeddable":true,"href":"https:\/\/www.radiopiu.net\/wordpress\/wp-json\/wp\/v2\/media\/385841"}],"wp:attachment":[{"href":"https:\/\/www.radiopiu.net\/wordpress\/wp-json\/wp\/v2\/media?parent=385831"}],"wp:term":[{"taxonomy":"category","embeddable":true,"href":"https:\/\/www.radiopiu.net\/wordpress\/wp-json\/wp\/v2\/categories?post=385831"},{"taxonomy":"post_tag","embeddable":true,"href":"https:\/\/www.radiopiu.net\/wordpress\/wp-json\/wp\/v2\/tags?post=385831"}],"curies":[{"name":"wp","href":"https:\/\/api.w.org\/{rel}","templated":true}]}}