{"id":385882,"date":"2024-04-16T05:29:49","date_gmt":"2024-04-16T03:29:49","guid":{"rendered":"https:\/\/www.radiopiu.net\/wordpress\/?p=385882"},"modified":"2024-04-18T05:33:15","modified_gmt":"2024-04-18T03:33:15","slug":"giornale-radiopiu-17-aprile-2024-direttore-mirko-mezzacasada-40-anni-25-giugno-1983-25-giugno-2023","status":"publish","type":"post","link":"https:\/\/www.radiopiu.net\/wordpress\/giornale-radiopiu-17-aprile-2024-direttore-mirko-mezzacasada-40-anni-25-giugno-1983-25-giugno-2023\/","title":{"rendered":"GIORNALE RADIOPIU 17 APRILE 2024 DIRETTORE MIRKO MEZZACASA\u2026DA 40 ANNI 25 GIUGNO 1983-25 GIUGNO 2023"},"content":{"rendered":"<p>*******<\/p>\n<p>&nbsp;<\/p>\n<h3><a href=\"https:\/\/www.radiopiu.net\/wordpress\/giornale-radiopiu-24-gennaio-2021-direttore-mirko-mezzacasa\/141433770_171616291414874_2957460898102012198_n\/\" rel=\"attachment wp-att-186566\"><img loading=\"lazy\" decoding=\"async\" class=\"wp-image-186566 alignleft\" src=\"https:\/\/www.radiopiu.net\/wordpress\/wp-content\/uploads\/2021\/01\/141433770_171616291414874_2957460898102012198_n-300x300.jpg\" alt=\"\" width=\"144\" height=\"144\" srcset=\"https:\/\/www.radiopiu.net\/wordpress\/wp-content\/uploads\/2021\/01\/141433770_171616291414874_2957460898102012198_n-300x300.jpg 300w, https:\/\/www.radiopiu.net\/wordpress\/wp-content\/uploads\/2021\/01\/141433770_171616291414874_2957460898102012198_n-150x150.jpg 150w, https:\/\/www.radiopiu.net\/wordpress\/wp-content\/uploads\/2021\/01\/141433770_171616291414874_2957460898102012198_n-768x768.jpg 768w, https:\/\/www.radiopiu.net\/wordpress\/wp-content\/uploads\/2021\/01\/141433770_171616291414874_2957460898102012198_n.jpg 800w\" sizes=\"auto, (max-width: 144px) 100vw, 144px\" \/><\/a>PER<strong> RICEVERE QUESTO NOTIZIARIO DIRETTAMENTE SUL TUO CELLULARE ISCRIVITI AL CANALE TELEGRAM <\/strong><strong>\u201cRADIO PIU\u00a0 INFORMAZIONE&#8221;\u00a0<\/strong><\/h3>\n<h3>\u00a0il CANALE TELEGRAM&#8230; UNISCITI A: RADIO PIU INFORMAZIONE<\/h3>\n<p>&nbsp;<\/p>\n<p>&nbsp;<\/p>\n<p><em><a href=\"https:\/\/www.radiopiu.net\/wordpress\/giornale-radiopiu-24-gennaio-2021-direttore-mirko-mezzacasa\/79216601_126817312416448_708980208774483089_n\/\" rel=\"attachment wp-att-186567\"><img loading=\"lazy\" decoding=\"async\" class=\"size-medium wp-image-186567 alignright\" src=\"https:\/\/www.radiopiu.net\/wordpress\/wp-content\/uploads\/2021\/01\/79216601_126817312416448_708980208774483089_n-300x114.jpg\" alt=\"\" width=\"300\" height=\"114\" srcset=\"https:\/\/www.radiopiu.net\/wordpress\/wp-content\/uploads\/2021\/01\/79216601_126817312416448_708980208774483089_n-300x114.jpg 300w, https:\/\/www.radiopiu.net\/wordpress\/wp-content\/uploads\/2021\/01\/79216601_126817312416448_708980208774483089_n-768x292.jpg 768w, https:\/\/www.radiopiu.net\/wordpress\/wp-content\/uploads\/2021\/01\/79216601_126817312416448_708980208774483089_n.jpg 820w\" sizes=\"auto, (max-width: 300px) 100vw, 300px\" \/><\/a><span style=\"color: #ff0000;\">ATTENZIONE: LA NUOVA APP PER IOS-IPHONE di Nicola Vettorello <\/span><\/em><a href=\"https:\/\/apps.apple.com\/it\/app\/radio-pi%C3%B9-emittente-agordina\/id1515939845\">https:\/\/apps.apple.com\/it\/app\/radio-pi%C3%B9-emittente-agordina\/id1515939845<\/a><\/p>\n<p><em style=\"color: #ff0000;\">ATTENZIONE: LA NUOVA APP RADIO\u00a0 PER ANDROID di Nicola Vettorello<\/em><\/p>\n<p><a href=\"https:\/\/play.google.com\/store\/apps\/details?id=net.radiopiu.iniko\" target=\"_blank\" rel=\"noopener noreferrer\">https:\/\/play.google.com\/store\/apps\/details?id=net.radiopiu.iniko\u00a0\u00a0<\/a><\/p>\n<p>&nbsp;<\/p>\n<h3 class=\"kvgmc6g5 cxmmr5t8 oygrvhab hcukyx3x c1et5uql\"><\/h3>\n<div data-block=\"true\" data-editor=\"avj4u\" data-offset-key=\"d3i0j-0-0\">\n<hr \/>\n<\/div>\n<p>&nbsp;<\/p>\n<blockquote>\n<h2>ACQUA INQUINATA A ROCCA PIETORE<\/h2>\n<\/blockquote>\n<p><strong>ROCCA PIETORE<\/strong> in localit\u00e0\u00a0 CARACOI CIMAI l&#8217;acqua erogata dall&#8217;acquedotto non \u00e8 potabile e pu\u00f2 essere usata per scopi alimentari SOLO PREVIA bollitura. In localit\u00e0 SOPRACORDEVOLE e SAVINER DI CALLONEGHE l&#8217;acqua erogata dall&#8217;acquedotto non \u00e8 potabile e pu\u00f2 essere usata per scopi alimentari SOLO PREVIA bollitura. Verr\u00e0 effettuato servizio sostitutivo con cisterna nelle frazioni interessate dal problema. GSP ha, comunque, gi\u00e0 adottato le necessarie misure per la disinfezione dell&#8217;acqua presente nei serbatoi e nella rete idrica con l&#8217;aggiunta di cloro.<\/p>\n<div data-block=\"true\" data-editor=\"avj4u\" data-offset-key=\"d3i0j-0-0\">\n<p>&nbsp;<\/p>\n<blockquote>\n<h3>LAVORI PROGRAMMATI BIM GSP<\/h3>\n<\/blockquote>\n<p><strong>AGORDO<\/strong> Gestione Servizi Pubblici informa che, per lavori alla rete idrica comunale, domani dalle 8 a FINE LAVORI, verr\u00e0 sospesa l\u2019erogazione dell\u2019acqua ad AGORDO nelle vie DOZZA, VICOLO 5 MAGGIO, 5 MAGGIO, CALZON, CAMPO DEI FIORI e P.LE ROVA. Il personale addetto operer\u00e0 per limitare il pi\u00f9 possibile i disagi alla popolazione<\/p>\n<p>&nbsp;<\/p>\n<p>&nbsp;<\/p>\n<hr \/>\n<p>&nbsp;<\/p>\n<\/div>\n<div data-block=\"true\" data-editor=\"avj4u\" data-offset-key=\"d3i0j-0-0\"><\/div>\n<p><span style=\"color: #ff0000;\"><strong>OGGI ALLA RADIO<\/strong><\/span>: <strong>ALLE 7.20<\/strong> EL BAR DEL FIOR, DETTI E TRADIZIONI DI GIULIANA DA RONCH; <strong>ALLE 8.20<\/strong> PIU&#8217; SIAMO CON MARINA DONA&#8217; <strong>ALLE 9.10 <\/strong>LIBER, DI LIANA CAVALLET<strong> 10.10<\/strong> CISL LA VOCE PER I LAVORATORI CON ALESSIO PICCOLI<strong> 10.30 <\/strong>SE NON LA SMETTI DI MANDO DAL PRESIDE <strong>ALLE 11.10 <\/strong>ALDO BRIGADOI CONDUCE CINE HIT, LE SECONDA PUNTATA CON IN BLUES BROTHERS <strong>ALLE 12.OO <\/strong>IL LISCIO DI MIRCO BENCIVENNI,<strong> 12.30<\/strong> IL GR PRINCIPALE <strong>13.10<\/strong> LAURA MIANA E SONIA D&#8217;AGOSTINI, PETTIROSSO AGORDINO E GLI INCONTRI A CENCENIGHE <strong>13 20<\/strong> prima vera hit DI marina dona&#8217; <strong>1400 <\/strong>RIMASTI PIU&#8217; AVANTI CON MARCO DAL FARRA &#8220;SKLERO&#8221;<strong> 15.00 <\/strong>LA CLASSIFICA UFFICIALE DI RADIOPIU, CON MARCO GAZ<strong>\u00a0 1600<\/strong> MIRCO BENCIVENNI CON LE HIT<\/p>\n<p>&nbsp;<\/p>\n<p>&nbsp;<\/p>\n<div class=\"x11i5rnm xat24cr x1mh8g0r x1vvkbs xtlvy1s x126k92a\">\n<div dir=\"auto\">\n<hr \/>\n<p>&nbsp;<\/p>\n<p>&nbsp;<\/p>\n<div class=\"x11i5rnm xat24cr x1mh8g0r x1vvkbs xtlvy1s x126k92a\">\n<div dir=\"auto\">\n<p><strong><a class=\"dt-pswp-item\" href=\"https:\/\/www.radiopiu.net\/wordpress\/wp-content\/uploads\/2024\/02\/2d44e751-d8a8-461b-8e22-d8e4e853b032.jpg\" data-dt-img-description=\"\" data-large_image_width=\"1600\" data-large_image_height=\"1200\"><img loading=\"lazy\" decoding=\"async\" class=\"wp-image-373307 alignleft\" src=\"https:\/\/www.radiopiu.net\/wordpress\/wp-content\/uploads\/2024\/02\/2d44e751-d8a8-461b-8e22-d8e4e853b032-300x225.jpg\" alt=\"\" width=\"105\" height=\"79\" srcset=\"https:\/\/www.radiopiu.net\/wordpress\/wp-content\/uploads\/2024\/02\/2d44e751-d8a8-461b-8e22-d8e4e853b032-300x225.jpg 300w, https:\/\/www.radiopiu.net\/wordpress\/wp-content\/uploads\/2024\/02\/2d44e751-d8a8-461b-8e22-d8e4e853b032-1024x768.jpg 1024w, https:\/\/www.radiopiu.net\/wordpress\/wp-content\/uploads\/2024\/02\/2d44e751-d8a8-461b-8e22-d8e4e853b032-768x576.jpg 768w, https:\/\/www.radiopiu.net\/wordpress\/wp-content\/uploads\/2024\/02\/2d44e751-d8a8-461b-8e22-d8e4e853b032-1536x1152.jpg 1536w, https:\/\/www.radiopiu.net\/wordpress\/wp-content\/uploads\/2024\/02\/2d44e751-d8a8-461b-8e22-d8e4e853b032.jpg 1600w\" sizes=\"auto, (max-width: 105px) 100vw, 105px\" \/><\/a>EL BAL DEL FIOR, DI GIULIANA DA RONCH, 17 APRILE 2024<\/strong><\/p>\n<\/div>\n<\/div>\n<\/div>\n<div dir=\"auto\">\n<audio class=\"wp-audio-shortcode\" id=\"audio-385882-1\" preload=\"none\" style=\"width: 100%;\" controls=\"controls\"><source type=\"audio\/mpeg\" src=\"https:\/\/www.radiopiu.net\/wordpress\/wp-content\/uploads\/2024\/04\/GME-1.m4a?_=1\" \/><a href=\"https:\/\/www.radiopiu.net\/wordpress\/wp-content\/uploads\/2024\/04\/GME-1.m4a\">https:\/\/www.radiopiu.net\/wordpress\/wp-content\/uploads\/2024\/04\/GME-1.m4a<\/a><\/audio>\n<p>&nbsp;<\/p>\n<hr \/>\n<\/div>\n<\/div>\n<blockquote>\n<blockquote>\n<h1><span style=\"color: #ff0000;\">\u00a0<\/span><\/h1>\n<h1><span style=\"color: #ff0000;\">I podcast informativi del mattino &#8211; audio &#8211;\u00a0<\/span><\/h1>\n<\/blockquote>\n<p><strong><a class=\"dt-pswp-item\" href=\"https:\/\/www.radiopiu.net\/wordpress\/wp-content\/uploads\/2023\/11\/th-10.jpg\" data-dt-img-description=\"\" data-large_image_width=\"320\" data-large_image_height=\"180\"><img loading=\"lazy\" decoding=\"async\" class=\"wp-image-362866 alignleft\" src=\"https:\/\/www.radiopiu.net\/wordpress\/wp-content\/uploads\/2023\/11\/th-10-300x169.jpg\" alt=\"\" width=\"185\" height=\"104\" srcset=\"https:\/\/www.radiopiu.net\/wordpress\/wp-content\/uploads\/2023\/11\/th-10-300x169.jpg 300w, https:\/\/www.radiopiu.net\/wordpress\/wp-content\/uploads\/2023\/11\/th-10.jpg 320w\" sizes=\"auto, (max-width: 185px) 100vw, 185px\" \/><\/a>LA RASSEGNA STAMPA NAZIONALE ALLA RADIO, OGNI GIORNO ALLE 5 E ALLE 6 DEL MATTINO <span style=\"color: #0000ff;\">viene pubblicata alle 6.00 <span style=\"color: #ff0000;\">DIRETTA RADIO\u00a0 \u00a0\u00a0<\/span><\/span><\/strong><\/p>\n<p>&nbsp;<\/p>\n<p><span style=\"color: #ff0000;\"><strong>\u00a0<\/strong><\/span><\/p>\n<p>di SISSY MARTINELLI<\/p>\n<p><strong>MedioOriente<\/strong> Israele e Iran minacciano il mondo, paura per le armi nuclerari. Ieri<strong> scontri a Roma<\/strong>, gli Universitari fronteggiati e respinti dalle Forze dell&#8217;Ordine, sono scattate denunce ed arresti. <strong>Mario Draghi<\/strong> anticipa i contenuti sul rapporto competitivit\u00e0.<\/p><\/blockquote>\n<h2>AUDIO dalle 7 del mattino<\/h2>\n<audio class=\"wp-audio-shortcode\" id=\"audio-385882-2\" preload=\"none\" style=\"width: 100%;\" controls=\"controls\"><source type=\"audio\/mpeg\" src=\"https:\/\/www.radiopiu.net\/wordpress\/wp-content\/uploads\/2024\/04\/GIORNALEDELLESEI-15.mp3?_=2\" \/><a href=\"https:\/\/www.radiopiu.net\/wordpress\/wp-content\/uploads\/2024\/04\/GIORNALEDELLESEI-15.mp3\">https:\/\/www.radiopiu.net\/wordpress\/wp-content\/uploads\/2024\/04\/GIORNALEDELLESEI-15.mp3<\/a><\/audio>\n<p>&nbsp;<\/p>\n<p>&nbsp;<\/p>\n<hr \/>\n<p>&nbsp;<\/p>\n<h1 style=\"text-align: center;\"><span style=\"color: #ff0000;\">I podcast informativi del mattino &#8211; audio &#8211;\u00a0<\/span><\/h1>\n<p><strong><a class=\"dt-pswp-item\" href=\"https:\/\/www.radiopiu.net\/wordpress\/wp-content\/uploads\/2023\/12\/images.png\" data-dt-img-description=\"\" data-large_image_width=\"316\" data-large_image_height=\"160\"><img loading=\"lazy\" decoding=\"async\" class=\"wp-image-367008 alignleft\" src=\"https:\/\/www.radiopiu.net\/wordpress\/wp-content\/uploads\/2023\/12\/images-300x152.png\" alt=\"\" width=\"235\" height=\"119\" srcset=\"https:\/\/www.radiopiu.net\/wordpress\/wp-content\/uploads\/2023\/12\/images-300x152.png 300w, https:\/\/www.radiopiu.net\/wordpress\/wp-content\/uploads\/2023\/12\/images.png 316w\" sizes=\"auto, (max-width: 235px) 100vw, 235px\" \/><\/a>OGNI GIORNO ALLE SETTE DEL MATTINO, LA RASSEGNA STAMPA LOCALE FLASH&#8230; PER CHI VA IN FRETTA. I TITOLI DAI GIORNALI E DAL SITO WWW.RADIOPIU.NET <span style=\"color: #0000ff;\">viene pubblicato alle 7.00<\/span> <span style=\"color: #ff0000;\">DIRETTA RADIO\u00a0<\/span><\/strong><\/p>\n<p><em><span style=\"color: #ff0000;\">per chi va in fretta&#8230; tante notizie in pochi minuti. L&#8217;informazione locale alla radio, ogni ora dalle 7 del mattino alle 19 della sera.\u00a0 \u00a0\u00a0<\/span><\/em><\/p>\n<p>AGORDO E&#8217; mancato improvvisamente a 82 anni, Umberto Benvegn\u00f9, nome noto tra gli amanti della montagna, imprenditore di successo con l&#8217;attivit\u00e0 in Piazza Santa Maria oggi portata avanti dal figlio Renzo. L&#8217;annuncio \u00e8 stato dato dai figli, nuore e nipoti. I funerali, domani alle 14.30 nella chiesa Arcidiaconale.<br \/>\nFELTRE\u00a0 E&#8217; mancato Angelo Coppi,\u00a0 punto di riferimento per la zona produttiva di Rasai di Seren del Grappa, con il suo lungo impegno nell&#8217;azienda di manufatti di Ferruccio Zannin poi divenuta Pre Nova e protagonista di molti settori dell&#8217;associazionismo sportivo.\u00a0 L&#8217;ultimo saluto \u00e8 previsto oggi alle 14,30 in cattedrale.<br \/>\nCORTINA A 65 anni si \u00e8 spento Fabio Trentin, celebre trequartista bianconero degli anni &#8217;70. Esord\u00ec giovanissimo in Prima Squadra, contribuendo alla vittoria dello scudetto nel 1977. Decorato con la medaglia di bronzo del Coni, ha rappresentato l&#8217;Italia in cinque occasioni tra il 1979 e il 1981.<br \/>\nSEDICO La scomparsa di Ernesto Casonato, gestore del bar Tre Cime a Sedico, ha suscitato grande tristezza nella comunit\u00e0 locale e nello sport. Conosciuto per il suo impegno nel supportare squadre sportive locali, Casonato sar\u00e0 ricordato con affetto. I suoi funerali si terranno oggi alle 14.30 nella chiesa arcipretale di Sedico, lasciando un vuoto nel cuore di coloro che lo conoscevano.<br \/>\nSOVRAMONTE Ieri poco dopo le 13:30, i Vigili del Fuoco sono intervenuti a Sorriva, frazione del comune di Sovramonte, per un incidente frontale tra due auto. Una donna di 39 anni di Bassano del Grappa \u00e8 rimasta ferita e \u00e8 stata trasportata in ospedale in ambulanza<br \/>\nSEDICO Un 24enne di Borgo Valbelluna \u00e8 rimasto ferito in uno schianto tra una Fiat Punto e una Kawasaki a Sedico, in viale Venezia.\u00a0 Il motociclista \u00e8 stato trasportato in ambulanza al Pronto Soccorso del San Martino di Belluno con lesioni di media gravit\u00e0.<\/p>\n<h2>AUDIO dalle 7 del mattino<\/h2>\n<audio class=\"wp-audio-shortcode\" id=\"audio-385882-3\" preload=\"none\" style=\"width: 100%;\" controls=\"controls\"><source type=\"audio\/mpeg\" src=\"https:\/\/www.radiopiu.net\/wordpress\/wp-content\/uploads\/2024\/04\/GF07-13.mp3?_=3\" \/><a href=\"https:\/\/www.radiopiu.net\/wordpress\/wp-content\/uploads\/2024\/04\/GF07-13.mp3\">https:\/\/www.radiopiu.net\/wordpress\/wp-content\/uploads\/2024\/04\/GF07-13.mp3<\/a><\/audio>\n<p>&nbsp;<\/p>\n<p>&nbsp;<\/p>\n<p>&nbsp;<\/p>\n<hr \/>\n<p>&nbsp;<\/p>\n<h1><\/h1>\n<h1 style=\"text-align: center;\"><span style=\"color: #ff0000;\"><a class=\"dt-pswp-item\" href=\"https:\/\/www.radiopiu.net\/wordpress\/wp-content\/uploads\/2022\/01\/026c3f9d-dae9-4040-a3c1-a6530231bcc3.jpg\" data-dt-img-description=\"\" data-large_image_width=\"1152\" data-large_image_height=\"2048\"><img loading=\"lazy\" decoding=\"async\" class=\"wp-image-251839 alignleft\" src=\"https:\/\/www.radiopiu.net\/wordpress\/wp-content\/uploads\/2022\/01\/026c3f9d-dae9-4040-a3c1-a6530231bcc3-169x300.jpg\" alt=\"\" width=\"100\" height=\"177\" srcset=\"https:\/\/www.radiopiu.net\/wordpress\/wp-content\/uploads\/2022\/01\/026c3f9d-dae9-4040-a3c1-a6530231bcc3-169x300.jpg 169w, https:\/\/www.radiopiu.net\/wordpress\/wp-content\/uploads\/2022\/01\/026c3f9d-dae9-4040-a3c1-a6530231bcc3-576x1024.jpg 576w, https:\/\/www.radiopiu.net\/wordpress\/wp-content\/uploads\/2022\/01\/026c3f9d-dae9-4040-a3c1-a6530231bcc3-768x1365.jpg 768w, https:\/\/www.radiopiu.net\/wordpress\/wp-content\/uploads\/2022\/01\/026c3f9d-dae9-4040-a3c1-a6530231bcc3-864x1536.jpg 864w, https:\/\/www.radiopiu.net\/wordpress\/wp-content\/uploads\/2022\/01\/026c3f9d-dae9-4040-a3c1-a6530231bcc3.jpg 1152w\" sizes=\"auto, (max-width: 100px) 100vw, 100px\" \/><\/a>I podcast informativi del mattino &#8211; audio &#8211;\u00a0<\/span><\/h1>\n<blockquote><p><strong>GIORNALE RADIO NAZIONALE, EDIZIONE DELLE SETTE <span style=\"color: #0000ff;\">viene pubblicato alle 7.05 <span style=\"color: #ff0000;\">DIRETTA RADIO\u00a0<\/span><\/span><\/strong><\/p><\/blockquote>\n<p><strong>il giornale radionazionale e&#8217; in onda ogni ora, dalle sette del mattino alle venti della sera\u00a0\u00a0<\/strong><\/p>\n<p>&nbsp;<\/p>\n<p>&nbsp;<\/p>\n<p><strong>Guerra<\/strong> in MedioOriente domani il voto all&#8217;Onu sulla Palestina. <strong>Stati Uniti,<\/strong> nuove sanzioni all&#8217;Iran dopo l&#8217;attacco ad Israele. Il president Ucraino polemizza, invidioso per quanto succede nei cieli con Israele <em>&#8220;non c&#8217;\u00e8 paragone&#8221; <\/em><strong>Roma<\/strong> scontri e tensioni all&#8217;Univerist\u00e0,<em> &#8220;non \u00e8 manifestare ma delinquere!&#8221;.<\/em><strong> Lodi<\/strong> incidente mortale<\/p>\n<h2>AUDIO dalle sette del mattino, ogni ora alla radio<\/h2>\n<audio class=\"wp-audio-shortcode\" id=\"audio-385882-4\" preload=\"none\" style=\"width: 100%;\" controls=\"controls\"><source type=\"audio\/mpeg\" src=\"https:\/\/www.radiopiu.net\/wordpress\/wp-content\/uploads\/2024\/04\/giornale07-15.mp3?_=4\" \/><a href=\"https:\/\/www.radiopiu.net\/wordpress\/wp-content\/uploads\/2024\/04\/giornale07-15.mp3\">https:\/\/www.radiopiu.net\/wordpress\/wp-content\/uploads\/2024\/04\/giornale07-15.mp3<\/a><\/audio>\n<p>&nbsp;<\/p>\n<p>&nbsp;<\/p>\n<h2><\/h2>\n<hr \/>\n<p>&nbsp;<\/p>\n<p>&nbsp;<\/p>\n<h1><span style=\"color: #ff0000;\">I podcast informativi del mattino &#8211; video &#8211;\u00a0<\/span><\/h1>\n<h2><strong><a class=\"dt-pswp-item\" href=\"https:\/\/www.radiopiu.net\/wordpress\/wp-content\/uploads\/2023\/12\/th-10.jpg\" data-dt-img-description=\"\" data-large_image_width=\"245\" data-large_image_height=\"180\"><img loading=\"lazy\" decoding=\"async\" class=\" wp-image-367395 alignleft\" src=\"https:\/\/www.radiopiu.net\/wordpress\/wp-content\/uploads\/2023\/12\/th-10.jpg\" alt=\"\" width=\"166\" height=\"122\" \/><\/a>RASSEGNA STAMPA LOCALE, ORE OTTO 05<\/strong><\/h2>\n<h2><strong> <span style=\"color: #0000ff;\">viene\u00a0 <\/span><\/strong><strong><span style=\"color: #0000ff;\">pubblicata alle 8.05 <span style=\"color: #ff0000;\">DIRETTA RADIO\u00a0\u00a0<\/span><\/span><\/strong><\/h2>\n<p><strong>DI MIRKO MEZZACASA\u00a0 \u00a0 <\/strong><\/p>\n<p><strong>\u00a0<\/strong><\/p>\n<p>VENEZIA La Procura ha inviato un avviso di garanzia al 24enne residente a Belluno, accusato di detenere immagini pornografiche con minorenni sul suo telefono. Difeso dall&#8217;avvocato Alvise Antinucci, il giovane potrebbe affrontare un processo con il rito ordinario, rischiando fino a tre anni di reclusione e una multa di almeno 1549 euro.<br \/>\nLA VALLE Il Parco Nazionale gestisce oltre 300 chilometri di sentieri CAI, finanziando la manutenzione con fondi ministeriali. Recentemente, sono stati approvati accordi con i Comuni per progetti di manutenzione. Il Comune di La Valle Agordina ricever\u00e0 25.000 euro per il ripristino del sentiero CAI 546, parte dell&#8217;itinerario storico &#8220;La montagna dimenticata&#8221;.<br \/>\nIL FUTURO DELL\u2019OCCUPAZIONE IN VENETO: MENO LAVORATORI MA PI\u00d9 GIOVANI E QUALIFICATI Il Veneto si prepara a un mercato del lavoro pi\u00f9 giovane e qualificato, riflettendo i cambiamenti demografici. L&#8217;invecchiamento della popolazione ha portato a una maggiore presenza di lavoratori anziani, con un aumento significativo delle assunzioni e del tasso di occupazione tra coloro sopra i 55 anni.<br \/>\nlivinallongo LAVORI POST VAIA: I CANTIERI CHIUDONO MA RESTANO LE RECINZIONI<br \/>\ncortina IL CONSIGLIO PROVINCIALE APPROVA LA VARIANTE<br \/>\nBELLUNO E&#8217; stato presentato a Palazzo Rosso il concerto in programma il 12 maggio al Teatro Dino Buzzati, RockQuiem con i brani di Mozart rivisitati in chiave rock.<br \/>\nBELLUNO Dal Parco di Lambioi alle fontane del centro: grandi pulizie nel capoluogo, grazie all&#8217;impegno dei volontari iscritti all&#8217;albo comunale.<\/p>\n<h2><strong>VIDEO\u00a0 \u00a0in diretta dalle 8 del mattino<\/strong><\/h2>\n<p><a class=\"dt-pswp-item\" href=\"https:\/\/www.radiopiu.net\/wordpress\/wp-content\/uploads\/2024\/04\/COPERTINA-4.png\" data-dt-img-description=\"\" data-large_image_width=\"510\" data-large_image_height=\"260\"><img loading=\"lazy\" decoding=\"async\" class=\"alignnone size-medium wp-image-386015 aligncenter\" src=\"https:\/\/www.radiopiu.net\/wordpress\/wp-content\/uploads\/2024\/04\/COPERTINA-4-300x153.png\" alt=\"\" width=\"300\" height=\"153\" srcset=\"https:\/\/www.radiopiu.net\/wordpress\/wp-content\/uploads\/2024\/04\/COPERTINA-4-300x153.png 300w, https:\/\/www.radiopiu.net\/wordpress\/wp-content\/uploads\/2024\/04\/COPERTINA-4.png 510w\" sizes=\"auto, (max-width: 300px) 100vw, 300px\" \/>\u00a0<\/a><\/p>\n<p><iframe loading=\"lazy\" title=\"DAL 1983 LA RASSEGNA STAMPA LOCALE di mirko mezzacasa. L&#039;ORIGINALE\" width=\"1200\" height=\"675\" src=\"https:\/\/www.youtube.com\/embed\/ErrgxIi13bg?feature=oembed\" frameborder=\"0\" allow=\"accelerometer; autoplay; clipboard-write; encrypted-media; gyroscope; picture-in-picture; web-share\" referrerpolicy=\"strict-origin-when-cross-origin\" allowfullscreen><\/iframe><\/p>\n<hr \/>\n<p>&nbsp;<\/p>\n<p>&nbsp;<\/p>\n<blockquote>\n<h2>OGGI\u00a0 AD AGORDO, L&#8217;ULTIMO SALUTO AD UMBERTO<\/h2>\n<\/blockquote>\n<p><img loading=\"lazy\" decoding=\"async\" class=\"alignleft\" src=\"https:\/\/www.radiopiu.net\/wordpress\/wp-content\/uploads\/2024\/04\/toni-1.png\" width=\"112\" height=\"121\" \/><\/p>\n<p><strong>AGORDO<\/strong> E&#8217; mancato improvvisamente a 82 anni, Umberto Benvegn\u00f9, nome noto tra gli amanti della montagna, imprenditore di successo con l&#8217;attivit\u00e0 in Piazza Santa Maria oggi portata avanti dal figlio Renzo. L&#8217;annuncio \u00e8 stato dato dai figli, nuore e nipoti. I funerali, oggi alle 14.30 nella chiesa Arcidiaconale.<\/p>\n<p>&nbsp;<\/p>\n<p>&nbsp;<\/p>\n<p>Echi di Agordo Autunno 2021<\/p>\n<p><span style=\"font-family: Times New Roman, serif;\"><span style=\"font-size: large;\"><b>Umberto Benvegn\u00f9 <\/b><\/span><\/span><span style=\"font-family: Times New Roman, serif;\"><span style=\"font-size: large;\"><i><b>\u201cB\u00e8rto T\u00e9cia\u201d<\/b><\/i><\/span><\/span><\/p>\n<p><span style=\"font-family: Times New Roman, serif;\"><span style=\"font-size: large;\">figura trainante dell\u2019alpinismo<\/span><\/span><\/p>\n<p class=\"caption-western\"><span style=\"font-size: large;\">valligiano degli anni \u201960<\/span><\/p>\n<p><span style=\"font-family: TimesNewRomanPSMT, serif;\"><a class=\"dt-pswp-item\" href=\"https:\/\/www.radiopiu.net\/wordpress\/wp-content\/uploads\/2024\/04\/1-La-torta-per-gli-80-del-Berto-Tecia.jpg\" data-dt-img-description=\"\" data-large_image_width=\"984\" data-large_image_height=\"1312\"><img loading=\"lazy\" decoding=\"async\" class=\"size-medium wp-image-385922 alignleft\" src=\"https:\/\/www.radiopiu.net\/wordpress\/wp-content\/uploads\/2024\/04\/1-La-torta-per-gli-80-del-Berto-Tecia-225x300.jpg\" alt=\"\" width=\"225\" height=\"300\" srcset=\"https:\/\/www.radiopiu.net\/wordpress\/wp-content\/uploads\/2024\/04\/1-La-torta-per-gli-80-del-Berto-Tecia-225x300.jpg 225w, https:\/\/www.radiopiu.net\/wordpress\/wp-content\/uploads\/2024\/04\/1-La-torta-per-gli-80-del-Berto-Tecia-768x1024.jpg 768w, https:\/\/www.radiopiu.net\/wordpress\/wp-content\/uploads\/2024\/04\/1-La-torta-per-gli-80-del-Berto-Tecia.jpg 984w\" sizes=\"auto, (max-width: 225px) 100vw, 225px\" \/><\/a><span style=\"color: #000000;\">Sabato 31 luglio 2021 gli amici agordini hanno festeggiato l\u201980\u00b0 compleanno di Umberto Benvegn\u00f9 \u201c<\/span><\/span><span style=\"color: #000000;\"><span style=\"font-family: TimesNewRomanPS-ItalicMT, serif;\"><i>B\u00e8rto T\u00e9cia<\/i><\/span><span style=\"font-family: TimesNewRomanPSMT, serif;\">\u201d, alpinista vecchio stampo: un elemento di spicco nell\u2019arrampicata nell\u2019area di riferimento con pi\u00f9 salite di grande valenza atletica ma anche figura trainante negli anni \u201960 ed esempio per una generazione di giovani alpinisti agordini. <\/span><span style=\"font-family: TimesNewRomanPSMT, serif;\">L\u2019incontro &#8211; organizzato dal Gruppo rocciatori Gir &#8211; \u00e8 stato ubicato a Malga Calleda un po\u2019 per essere centro delle pi\u00f9 importanti salite del Nostro e un po\u2019 perch\u00e9 a mezza strada tra Agordo e la vallata contermine, essendo Umberto Benvegn\u00f9 socio (!) della Sezione Valzoldana del CAI. Tutto \u00e8 riassunto nella pergamena <\/span><span style=\"font-family: TimesNewRomanPSMT, serif;\">(scritta da Eugenio Bien ndr) <\/span><span style=\"font-family: TimesNewRomanPSMT, serif;\">consegnata durante il convivio sotto la Torre Calleda:<\/span><\/span><\/p>\n<p><span style=\"color: #000000;\"><span style=\"font-family: TimesNewRomanPS-ItalicMT, serif;\"><span style=\"font-size: small;\"><i>Carissimo Berto, un bellissimo traguardo quello che hai raggiunto oggi 31 luglio di questo 2021. Ottant\u2019anni sono una meta che tutti noi auspichiamo di raggiungere, anche nella speranza di andare oltre, come auguriamo calorosamente a te in questo bellissimo giorno qui a Malga Calleda. Qui, al cospetto della Torre di Calleda, che non a torto puoi sentire un pochino tua, non potrebbe essere il luogo pi\u00f9 adatto per festeggiarti e ricordarti alcuni momenti memorabile del tuo esemplare alpinismo.<\/i><\/span><\/span><span style=\"font-family: TimesNewRomanPS-ItalicMT, serif;\"><span style=\"font-size: small;\"><i>Alla presenza di tanti amici alpinisti, appartenenti al gruppo rocciatori Gir, e che come te, hanno lasciato alcuni segni indelebili, su questa fantastica torre oggi possiamo affermare di considerarla affettivamente nostra. Anche se altri fortissimi alpinisti hanno completato il bellissimo mosaico iniziato da te, e continuato da noi, e che la storia ha ormai per sempre in serbo.<\/i><\/span><\/span><span style=\"font-family: TimesNewRomanPS-ItalicMT, serif;\"><span style=\"font-size: small;\"><i>Quest\u2019anno ricorre anche il 60\u00b0 della prima assoluta sullo spigolo ovest, ed anche prima salita dell\u2019intera parete<\/i><\/span><\/span><span style=\"font-family: TimesNewRomanPS-ItalicMT, serif;\"><span style=\"font-size: small;\"><i>occidentale, effettuata da te con Franco Contini nell\u2019ormai lontano 1\u00b0 maggio 1961. E come non ricordarti la ripetizione che facesti con Loris De Col, trent\u2019anni fa, nel trentennale dalla tua prima e che vorresti effettuare con gli scarponi come allora? Orbene, oggi siamo tutti legati alla stessa corda per ritornare lass\u00f9 tutti assieme, con te che ci fai da capocordata, come lo hai sempre fatto con la naturalezza che ti era congeniale. Vorremmo ricordarti tutti i momenti delle numerosissime vie nuove che hai effettuato negli anni della tua attivit\u00e0, ma troveremo sicuramente il tempo di farlo a breve con pi\u00f9 ufficialit\u00e0.<\/i><\/span><\/span><span style=\"font-family: TimesNewRomanPS-ItalicMT, serif;\"><span style=\"font-size: small;\"><i>Oggi per\u00f2 un piccolo scorcio sul versante meridionale della Moiazza sud, non lo potevamo non aprire. Cinquant\u2019anni fa, come questi giorni, effettuasti con l\u2019amico Carlo Andrich, la prima di questa meravigliosa e quasi unica solare parete, sicuramente il fiore all\u2019occhiello della tua formidabile carriera alpinistica. Qualche mese dopo sullo spigolo ovest del qui vicino T\u00e0mer Davanti, passasti il testimone dell\u2019alpinismo nuovo ad un altro giovanissimo emergente <\/i><\/span><\/span><span style=\"font-family: TimesNewRomanPS-ItalicMT, serif;\"><span style=\"font-size: small;\">(Eugenio Bien ndr)<\/span><\/span><span style=\"font-family: TimesNewRomanPS-ItalicMT, serif;\"><span style=\"font-size: small;\"><i> , che port\u00f2 poi avanti con i Gir, una tradizione alpinistica classica che era in effetti quella che gli avevi indicato tu.<\/i><\/span><\/span><span style=\"font-family: TimesNewRomanPS-ItalicMT, serif;\"><span style=\"font-size: small;\"><i>Grazie infinite per tutto questo e di nuovo tantissimi auguri Berto.<\/i><\/span><\/span><\/span><\/p>\n<p><span style=\"font-family: TimesNewRomanPS-BoldMT, serif; color: #000000;\"><span style=\"font-size: small;\">I tuoi amici del Gir<\/span><\/span><\/p>\n<p>&nbsp;<\/p>\n<blockquote>\n<h3>IL CAI DI AGORDO RICORDA UMBERTO BENVEGNU&#8217;<\/h3>\n<\/blockquote>\n<p><strong><a class=\"dt-pswp-item\" href=\"https:\/\/www.radiopiu.net\/wordpress\/wp-content\/uploads\/2024\/04\/8ae7d9af-5adf-4b57-a0c7-89ea9cd2ae52.jpg\" data-dt-img-description=\"\" data-large_image_width=\"1599\" data-large_image_height=\"1200\"><img loading=\"lazy\" decoding=\"async\" class=\" wp-image-385989 alignleft\" src=\"https:\/\/www.radiopiu.net\/wordpress\/wp-content\/uploads\/2024\/04\/8ae7d9af-5adf-4b57-a0c7-89ea9cd2ae52-300x225.jpg\" alt=\"\" width=\"170\" height=\"128\" srcset=\"https:\/\/www.radiopiu.net\/wordpress\/wp-content\/uploads\/2024\/04\/8ae7d9af-5adf-4b57-a0c7-89ea9cd2ae52-300x225.jpg 300w, https:\/\/www.radiopiu.net\/wordpress\/wp-content\/uploads\/2024\/04\/8ae7d9af-5adf-4b57-a0c7-89ea9cd2ae52-1024x768.jpg 1024w, https:\/\/www.radiopiu.net\/wordpress\/wp-content\/uploads\/2024\/04\/8ae7d9af-5adf-4b57-a0c7-89ea9cd2ae52-768x576.jpg 768w, https:\/\/www.radiopiu.net\/wordpress\/wp-content\/uploads\/2024\/04\/8ae7d9af-5adf-4b57-a0c7-89ea9cd2ae52-1536x1153.jpg 1536w, https:\/\/www.radiopiu.net\/wordpress\/wp-content\/uploads\/2024\/04\/8ae7d9af-5adf-4b57-a0c7-89ea9cd2ae52.jpg 1599w\" sizes=\"auto, (max-width: 170px) 100vw, 170px\" \/><\/a>AGORDO<\/strong> La sezione Agordina del Cai si unisce a tutto il mondo alpinistico Agordino, bellunese e della montagna tutta nel ricordo di Umberto per tutti &#8220;Berto tecia&#8221;. Forte alpinista degli anni 60, ma anche figura di riferimento e di traino per molti giovani arrampicatori che da lui hanno tratto l&#8217;esempio per approcciarsi al mondo dell&#8217;arrampicata. &#8220;Ti ricordiamo per le numerose vie nuove che hai effettuato negli anni della tua intensa attivit\u00e0 alpinistica, per salite memorabili e grandi imprese, in primis quella della Torre Calleda legata indissolubilmente al tuo nome. Ti ricordiamo anche per la tua presenza sempre allegra ed entusiasta in moltissimi eventi che la sezione Agordina ha organizzato nel corso di questi ultimi anni dove partecipavi sempre con piacere e dove le battute e l&#8217;ironia non mancavano mai. Giunga ai tuoi cari un sentito abbraccio con le condoglianze di tutto il Consiglio Direttivo e dei suoi Soci&#8221;.<\/p>\n\n\t\t\t<style type='text\/css'>\n\t\t\t\t#gallery-1 {\n\t\t\t\t\tmargin: auto;\n\t\t\t\t}\n\t\t\t\t#gallery-1 .gallery-item {\n\t\t\t\t\tfloat: left;\n\t\t\t\t\tmargin-top: 10px;\n\t\t\t\t\ttext-align: center;\n\t\t\t\t\twidth: 50%;\n\t\t\t\t}\n\t\t\t\t#gallery-1 img {\n\t\t\t\t\tborder: 2px solid #cfcfcf;\n\t\t\t\t}\n\t\t\t\t#gallery-1 .gallery-caption {\n\t\t\t\t\tmargin-left: 0;\n\t\t\t\t}\n\t\t\t\t\/* see gallery_shortcode() in wp-includes\/media.php *\/\n\t\t\t<\/style>\n\t\t<div id='gallery-1' class='dt-gallery-container gallery galleryid-385882 gallery-columns-2 gallery-size-medium'><dl class='gallery-item'>\n\t\t\t\t<dt class='gallery-icon landscape'>\n\t\t\t\t\t<a class=\"rollover rollover-zoom dt-pswp-item\" title=\"umberto-benvegnu-parte\" data-dt-img-description=\"\" data-large_image_width=\"1276\" data-large_image_height=\"902\"href='https:\/\/www.radiopiu.net\/wordpress\/wp-content\/uploads\/2024\/04\/umberto-benvegnu-parte.jpg'><img loading=\"lazy\" decoding=\"async\" width=\"300\" height=\"212\" src=\"https:\/\/www.radiopiu.net\/wordpress\/wp-content\/uploads\/2024\/04\/umberto-benvegnu-parte-300x212.jpg\" class=\"attachment-medium size-medium\" alt=\"\" srcset=\"https:\/\/www.radiopiu.net\/wordpress\/wp-content\/uploads\/2024\/04\/umberto-benvegnu-parte-300x212.jpg 300w, https:\/\/www.radiopiu.net\/wordpress\/wp-content\/uploads\/2024\/04\/umberto-benvegnu-parte-1024x724.jpg 1024w, https:\/\/www.radiopiu.net\/wordpress\/wp-content\/uploads\/2024\/04\/umberto-benvegnu-parte-768x543.jpg 768w, https:\/\/www.radiopiu.net\/wordpress\/wp-content\/uploads\/2024\/04\/umberto-benvegnu-parte.jpg 1276w\" sizes=\"auto, (max-width: 300px) 100vw, 300px\" \/><\/a>\n\t\t\t\t<\/dt><\/dl><dl class='gallery-item'>\n\t\t\t\t<dt class='gallery-icon landscape'>\n\t\t\t\t\t<a class=\"rollover rollover-zoom dt-pswp-item\" title=\"UMBERTO-BENVEGNU-RING\" data-dt-img-description=\"\" data-large_image_width=\"1276\" data-large_image_height=\"902\"href='https:\/\/www.radiopiu.net\/wordpress\/wp-content\/uploads\/2024\/04\/UMBERTO-BENVEGNU-RING.jpg'><img loading=\"lazy\" decoding=\"async\" width=\"300\" height=\"212\" src=\"https:\/\/www.radiopiu.net\/wordpress\/wp-content\/uploads\/2024\/04\/UMBERTO-BENVEGNU-RING-300x212.jpg\" class=\"attachment-medium size-medium\" alt=\"\" srcset=\"https:\/\/www.radiopiu.net\/wordpress\/wp-content\/uploads\/2024\/04\/UMBERTO-BENVEGNU-RING-300x212.jpg 300w, https:\/\/www.radiopiu.net\/wordpress\/wp-content\/uploads\/2024\/04\/UMBERTO-BENVEGNU-RING-1024x724.jpg 1024w, https:\/\/www.radiopiu.net\/wordpress\/wp-content\/uploads\/2024\/04\/UMBERTO-BENVEGNU-RING-768x543.jpg 768w, https:\/\/www.radiopiu.net\/wordpress\/wp-content\/uploads\/2024\/04\/UMBERTO-BENVEGNU-RING.jpg 1276w\" sizes=\"auto, (max-width: 300px) 100vw, 300px\" \/><\/a>\n\t\t\t\t<\/dt><\/dl><br style=\"clear: both\" \/>\n\t\t\t<\/div>\n\n<p>&nbsp;<\/p>\n<hr \/>\n<p>&nbsp;<\/p>\n<p>&nbsp;<\/p>\n<div class=\"articlePlainText\">\n<div class=\"flex-1 overflow-hidden\">\n<div class=\"react-scroll-to-bottom--css-gohku-79elbk h-full\">\n<div class=\"react-scroll-to-bottom--css-gohku-1n7m0yu\">\n<div class=\"flex flex-col text-sm pb-9\">\n<div class=\"w-full text-token-text-primary\" dir=\"auto\" data-testid=\"conversation-turn-31\">\n<div class=\"px-4 py-2 justify-center text-base md:gap-6 m-auto\">\n<div class=\"flex flex-1 text-base mx-auto gap-3 juice:gap-4 juice:md:gap-6 md:px-5 lg:px-1 xl:px-5 md:max-w-3xl lg:max-w-[40rem] xl:max-w-[48rem]\">\n<div class=\"relative flex w-full flex-col agent-turn\">\n<div class=\"flex-col gap-1 md:gap-3\">\n<div class=\"flex flex-grow flex-col max-w-full\">\n<div class=\"min-h-[20px] text-message flex flex-col items-start gap-3 whitespace-pre-wrap break-words [.text-message+&amp;]:mt-5 overflow-x-auto\" dir=\"auto\" data-message-author-role=\"assistant\" data-message-id=\"4dadb9dd-059f-4f67-a947-a3f7fc0ba58a\">\n<div class=\"markdown prose w-full break-words dark:prose-invert dark\">\n<blockquote>\n<h3><a class=\"dt-pswp-item\" href=\"https:\/\/www.radiopiu.net\/wordpress\/wp-content\/uploads\/2024\/04\/aaa.png\" data-dt-img-description=\"\" data-large_image_width=\"328\" data-large_image_height=\"242\"><img loading=\"lazy\" decoding=\"async\" class=\"wp-image-386008 alignleft\" src=\"https:\/\/www.radiopiu.net\/wordpress\/wp-content\/uploads\/2024\/04\/aaa-300x221.png\" alt=\"\" width=\"114\" height=\"84\" srcset=\"https:\/\/www.radiopiu.net\/wordpress\/wp-content\/uploads\/2024\/04\/aaa-300x221.png 300w, https:\/\/www.radiopiu.net\/wordpress\/wp-content\/uploads\/2024\/04\/aaa.png 328w\" sizes=\"auto, (max-width: 114px) 100vw, 114px\" \/><\/a>Addio ad Angelo Coppi: un pilastro di Mugnai, protagonista dell&#8217;industria locale e dell&#8217;associazionismo sportivo<\/h3>\n<\/blockquote>\n<\/div>\n<\/div>\n<\/div>\n<div class=\"pr-2 lg:pr-0\">FELTRE\u00a0 E&#8217; mancato Angelo Coppi,\u00a0 punto di riferimento per la zona produttiva di Rasai di Seren del Grappa, con il suo lungo impegno nell&#8217;azienda di manufatti di Ferruccio Zannin poi divenuta Pre Nova e protagonista di molti settori dell&#8217;associazionismo sportivo.\u00a0 L&#8217;ultimo saluto \u00e8 previsto oggi alle 14,30 in cattedrale.<\/div>\n<\/div>\n<\/div>\n<\/div>\n<\/div>\n<\/div>\n<\/div>\n<\/div>\n<\/div>\n<\/div>\n<\/div>\n<p>&nbsp;<\/p>\n<p>&nbsp;<\/p>\n<hr \/>\n<p>&nbsp;<\/p>\n<blockquote>\n<h2><a class=\"dt-pswp-item\" href=\"https:\/\/www.radiopiu.net\/wordpress\/wp-content\/uploads\/2024\/04\/Senza-nome-26.png\" data-dt-img-description=\"\" data-large_image_width=\"148\" data-large_image_height=\"97\"><img loading=\"lazy\" decoding=\"async\" class=\"size-full wp-image-386009 alignleft\" src=\"https:\/\/www.radiopiu.net\/wordpress\/wp-content\/uploads\/2024\/04\/Senza-nome-26.png\" alt=\"\" width=\"148\" height=\"97\" \/><\/a>Addio a Fabio Trentin, leggenda del Petrarca degli anni &#8217;70.<\/h2>\n<\/blockquote>\n<p><strong>CORTINA<\/strong> A 65 anni si \u00e8 spento Fabio Trentin, celebre trequartista bianconero degli anni &#8217;70. Esord\u00ec giovanissimo in Prima Squadra, contribuendo alla vittoria dello scudetto nel 1977. Decorato con la medaglia di bronzo del Coni, ha rappresentato l&#8217;Italia in cinque occasioni tra il 1979 e il 1981. Dopo il ritiro, ha intrapreso la carriera di architetto a Milano. Spirato dopo una lunga malattia all&#8217;ospedale di Cortina, sar\u00e0 ricordato con un minuto di silenzio sui campi d&#8217;Italia nel prossimo fine settimana. Il Petrarca si unisce al dolore della famiglia Trentin.<\/p>\n<p>&nbsp;<\/p>\n<hr \/>\n<p>&nbsp;<\/p>\n<blockquote>\n<h3>OGGI A SEDICO IL FUNERALE DI ERNESTO<\/h3>\n<\/blockquote>\n<div class=\"flex-1 overflow-hidden\">\n<div class=\"react-scroll-to-bottom--css-gohku-79elbk h-full\">\n<div class=\"react-scroll-to-bottom--css-gohku-1n7m0yu\">\n<div class=\"flex flex-col text-sm pb-9\">\n<div class=\"w-full text-token-text-primary\" dir=\"auto\" data-testid=\"conversation-turn-41\">\n<div class=\"px-4 py-2 justify-center text-base md:gap-6 m-auto\">\n<div class=\"flex flex-1 text-base mx-auto gap-3 juice:gap-4 juice:md:gap-6 md:px-5 lg:px-1 xl:px-5 md:max-w-3xl lg:max-w-[40rem] xl:max-w-[48rem]\">\n<div class=\"relative flex w-full flex-col agent-turn\">\n<div class=\"flex-col gap-1 md:gap-3\">\n<div class=\"flex flex-grow flex-col max-w-full\">\n<div class=\"min-h-[20px] text-message flex flex-col items-start gap-3 whitespace-pre-wrap break-words [.text-message+&amp;]:mt-5 overflow-x-auto\" dir=\"auto\" data-message-author-role=\"assistant\" data-message-id=\"3efd659a-8bf9-4308-9946-1c9ddfc0645f\">\n<div class=\"markdown prose w-full break-words dark:prose-invert dark\">\n<p><strong><a class=\"dt-pswp-item\" href=\"https:\/\/www.radiopiu.net\/wordpress\/wp-content\/uploads\/2024\/04\/aia.png\" data-dt-img-description=\"\" data-large_image_width=\"271\" data-large_image_height=\"230\"><img loading=\"lazy\" decoding=\"async\" class=\"wp-image-386010 alignleft\" src=\"https:\/\/www.radiopiu.net\/wordpress\/wp-content\/uploads\/2024\/04\/aia.png\" alt=\"\" width=\"152\" height=\"129\" \/><\/a>SEDICO<\/strong> La scomparsa di Ernesto Casonato, gestore del bar Tre Cime a Sedico, ha suscitato grande tristezza nella comunit\u00e0 locale e nello sport. Conosciuto per il suo impegno nel supportare squadre sportive locali, Casonato sar\u00e0 ricordato con affetto. I suoi funerali si terranno oggi alle 14.30 nella chiesa arcipretale di Sedico, lasciando un vuoto nel cuore di coloro che lo conoscevano.<\/p>\n<\/div>\n<\/div>\n<\/div>\n<div class=\"mt-1 flex gap-3 empty:hidden\">\n<div class=\"text-gray-400 flex self-end lg:self-center items-center justify-center lg:justify-start mt-0 -ml-1 h-7 gap-[2px] visible\">\n<div class=\"flex\"><\/div>\n<\/div>\n<\/div>\n<\/div>\n<\/div>\n<\/div>\n<\/div>\n<\/div>\n<\/div>\n<\/div>\n<\/div>\n<\/div>\n<p>&nbsp;<\/p>\n<hr \/>\n<p>&nbsp;<\/p>\n<blockquote>\n<h3>SOVRAMONTE, FRONTALE TRA DUE AUTO: UNA DONNA FERITA<\/h3>\n<\/blockquote>\n<p><strong>SOVRAMONTE<\/strong> Ieri poco dopo le 13:30, i Vigili del Fuoco sono intervenuti a Sorriva, frazione del comune di Sovramonte, per un incidente frontale tra due auto. Una donna di 39 anni di Bassano del Grappa \u00e8 rimasta ferita e \u00e8 stata trasportata in ospedale in ambulanza. I pompieri da Feltre hanno messo in sicurezza i veicoli coinvolti, mentre i Carabinieri hanno gestito il traffico deviato e eseguito i rilievi del sinistro. Le operazioni di soccorso dei Vigili del Fuoco sono terminate verso le 16:00.<\/p>\n\n\t\t\t<style type='text\/css'>\n\t\t\t\t#gallery-2 {\n\t\t\t\t\tmargin: auto;\n\t\t\t\t}\n\t\t\t\t#gallery-2 .gallery-item {\n\t\t\t\t\tfloat: left;\n\t\t\t\t\tmargin-top: 10px;\n\t\t\t\t\ttext-align: center;\n\t\t\t\t\twidth: 50%;\n\t\t\t\t}\n\t\t\t\t#gallery-2 img {\n\t\t\t\t\tborder: 2px solid #cfcfcf;\n\t\t\t\t}\n\t\t\t\t#gallery-2 .gallery-caption {\n\t\t\t\t\tmargin-left: 0;\n\t\t\t\t}\n\t\t\t\t\/* see gallery_shortcode() in wp-includes\/media.php *\/\n\t\t\t<\/style>\n\t\t<div id='gallery-2' class='dt-gallery-container gallery galleryid-385882 gallery-columns-2 gallery-size-medium'><dl class='gallery-item'>\n\t\t\t\t<dt class='gallery-icon landscape'>\n\t\t\t\t\t<a class=\"rollover rollover-zoom dt-pswp-item\" title=\"1cbe7c76-c8ba-46d0-ae55-ed3089548ca9\" data-dt-img-description=\"\" data-large_image_width=\"960\" data-large_image_height=\"772\"href='https:\/\/www.radiopiu.net\/wordpress\/wp-content\/uploads\/2024\/04\/1cbe7c76-c8ba-46d0-ae55-ed3089548ca9.jpg'><img loading=\"lazy\" decoding=\"async\" width=\"300\" height=\"241\" src=\"https:\/\/www.radiopiu.net\/wordpress\/wp-content\/uploads\/2024\/04\/1cbe7c76-c8ba-46d0-ae55-ed3089548ca9-300x241.jpg\" class=\"attachment-medium size-medium\" alt=\"\" srcset=\"https:\/\/www.radiopiu.net\/wordpress\/wp-content\/uploads\/2024\/04\/1cbe7c76-c8ba-46d0-ae55-ed3089548ca9-300x241.jpg 300w, https:\/\/www.radiopiu.net\/wordpress\/wp-content\/uploads\/2024\/04\/1cbe7c76-c8ba-46d0-ae55-ed3089548ca9-768x618.jpg 768w, https:\/\/www.radiopiu.net\/wordpress\/wp-content\/uploads\/2024\/04\/1cbe7c76-c8ba-46d0-ae55-ed3089548ca9.jpg 960w\" sizes=\"auto, (max-width: 300px) 100vw, 300px\" \/><\/a>\n\t\t\t\t<\/dt><\/dl><dl class='gallery-item'>\n\t\t\t\t<dt class='gallery-icon landscape'>\n\t\t\t\t\t<a class=\"rollover rollover-zoom dt-pswp-item\" title=\"b511fd2b-418b-45ad-af1f-0fbae4a6350f\" data-dt-img-description=\"\" data-large_image_width=\"960\" data-large_image_height=\"672\"href='https:\/\/www.radiopiu.net\/wordpress\/wp-content\/uploads\/2024\/04\/b511fd2b-418b-45ad-af1f-0fbae4a6350f.jpg'><img loading=\"lazy\" decoding=\"async\" width=\"300\" height=\"210\" src=\"https:\/\/www.radiopiu.net\/wordpress\/wp-content\/uploads\/2024\/04\/b511fd2b-418b-45ad-af1f-0fbae4a6350f-300x210.jpg\" class=\"attachment-medium size-medium\" alt=\"\" srcset=\"https:\/\/www.radiopiu.net\/wordpress\/wp-content\/uploads\/2024\/04\/b511fd2b-418b-45ad-af1f-0fbae4a6350f-300x210.jpg 300w, https:\/\/www.radiopiu.net\/wordpress\/wp-content\/uploads\/2024\/04\/b511fd2b-418b-45ad-af1f-0fbae4a6350f-768x538.jpg 768w, https:\/\/www.radiopiu.net\/wordpress\/wp-content\/uploads\/2024\/04\/b511fd2b-418b-45ad-af1f-0fbae4a6350f.jpg 960w\" sizes=\"auto, (max-width: 300px) 100vw, 300px\" \/><\/a>\n\t\t\t\t<\/dt><\/dl><br style=\"clear: both\" \/>\n\t\t\t<\/div>\n\n<p>&nbsp;<\/p>\n<hr \/>\n<p>&nbsp;<\/p>\n<blockquote>\n<h2>\u00a0Incidente tra auto e moto a Sedico: ferito il motociclista.<\/h2>\n<\/blockquote>\n<p><strong>SEDICO<\/strong> Un 24enne di Borgo Valbelluna \u00e8 rimasto ferito in uno schianto tra una Fiat Punto e una Kawasaki a Sedico, in viale Venezia.\u00a0 Il motociclista \u00e8 stato trasportato in ambulanza al Pronto Soccorso del San Martino di Belluno con lesioni di media gravit\u00e0.<\/p>\n<p>&nbsp;<\/p>\n<hr \/>\n<p>&nbsp;<\/p>\n<p>&nbsp;<\/p>\n<div class=\"flex-1 overflow-hidden\">\n<div class=\"react-scroll-to-bottom--css-gohku-79elbk h-full\">\n<div class=\"react-scroll-to-bottom--css-gohku-1n7m0yu\">\n<div class=\"flex flex-col text-sm pb-9\">\n<div class=\"w-full text-token-text-primary\" dir=\"auto\" data-testid=\"conversation-turn-27\">\n<div class=\"px-4 py-2 justify-center text-base md:gap-6 m-auto\">\n<div class=\"flex flex-1 text-base mx-auto gap-3 juice:gap-4 juice:md:gap-6 md:px-5 lg:px-1 xl:px-5 md:max-w-3xl lg:max-w-[40rem] xl:max-w-[48rem]\">\n<div class=\"relative flex w-full flex-col agent-turn\">\n<div class=\"flex-col gap-1 md:gap-3\">\n<div class=\"flex flex-grow flex-col max-w-full\">\n<div class=\"min-h-[20px] text-message flex flex-col items-start gap-3 whitespace-pre-wrap break-words [.text-message+&amp;]:mt-5 text-token-text-tertiary overflow-x-auto\" dir=\"auto\" data-message-author-role=\"assistant\" data-message-id=\"21178956-2c7d-49dd-8add-a7240adb8dab\">\n<div class=\"text-token-text-tertiary markdown prose w-full break-words dark:prose-invert dark\">\n<blockquote>\n<h2><a class=\"dt-pswp-item\" href=\"https:\/\/www.radiopiu.net\/wordpress\/wp-content\/uploads\/2022\/01\/POLIZIA-POSTALE.jpg\" data-dt-img-description=\"\" data-large_image_width=\"640\" data-large_image_height=\"453\"><img loading=\"lazy\" decoding=\"async\" class=\" wp-image-255173 alignleft\" src=\"https:\/\/www.radiopiu.net\/wordpress\/wp-content\/uploads\/2022\/01\/POLIZIA-POSTALE-300x212.jpg\" alt=\"\" width=\"139\" height=\"98\" srcset=\"https:\/\/www.radiopiu.net\/wordpress\/wp-content\/uploads\/2022\/01\/POLIZIA-POSTALE-300x212.jpg 300w, https:\/\/www.radiopiu.net\/wordpress\/wp-content\/uploads\/2022\/01\/POLIZIA-POSTALE.jpg 640w\" sizes=\"auto, (max-width: 139px) 100vw, 139px\" \/><\/a>Indagini concluse su giovane bellunese per materiale pedopornografico<\/h2>\n<\/blockquote>\n<p><strong>VENEZIA<\/strong> La Procura ha inviato un avviso di garanzia al 24enne residente a Belluno, accusato di detenere immagini pornografiche con minorenni sul suo telefono. Difeso dall&#8217;avvocato Alvise Antinucci, il giovane potrebbe affrontare un processo con il rito ordinario, rischiando fino a tre anni di reclusione e una multa di almeno 1549 euro. Le indagini, condotte dalla Polizia postale di Belluno su delega della Procura veneziana, sono partite da una denuncia querela presentata localmente. Sequestrati dispositivi elettronici durante una perquisizione domiciliare, ora si attender\u00e0 la quantificazione esatta del materiale sequestrato e la possibile implicazione di altre persone.<\/p>\n<\/div>\n<\/div>\n<\/div>\n<div class=\"mt-1 flex gap-3 empty:hidden\">\n<div class=\"text-gray-400 flex self-end lg:self-center items-center justify-center lg:justify-start mt-0 -ml-1 h-7 gap-[2px] visible\">\n<div class=\"flex\"><\/div>\n<div>\n<hr \/>\n<\/div>\n<div><\/div>\n<\/div>\n<h1>\u00a0ONDATA DI MALTEMPO, NEL POMERIGGIO DI IERI GRANDINE E TANTA PIOGGIA A SOSPIROLO-CAMOLIN<\/h1>\n\n\t\t\t<style type='text\/css'>\n\t\t\t\t#gallery-3 {\n\t\t\t\t\tmargin: auto;\n\t\t\t\t}\n\t\t\t\t#gallery-3 .gallery-item {\n\t\t\t\t\tfloat: left;\n\t\t\t\t\tmargin-top: 10px;\n\t\t\t\t\ttext-align: center;\n\t\t\t\t\twidth: 50%;\n\t\t\t\t}\n\t\t\t\t#gallery-3 img {\n\t\t\t\t\tborder: 2px solid #cfcfcf;\n\t\t\t\t}\n\t\t\t\t#gallery-3 .gallery-caption {\n\t\t\t\t\tmargin-left: 0;\n\t\t\t\t}\n\t\t\t\t\/* see gallery_shortcode() in wp-includes\/media.php *\/\n\t\t\t<\/style>\n\t\t<div id='gallery-3' class='dt-gallery-container gallery galleryid-385882 gallery-columns-2 gallery-size-thumbnail'><dl class='gallery-item'>\n\t\t\t\t<dt class='gallery-icon portrait'>\n\t\t\t\t\t<a class=\"rollover rollover-zoom dt-pswp-item\" title=\"436347203_2704455243063386_5827054124156989309_n\" data-dt-img-description=\"\" data-large_image_width=\"160\" data-large_image_height=\"213\"href='https:\/\/www.radiopiu.net\/wordpress\/wp-content\/uploads\/2024\/04\/436347203_2704455243063386_5827054124156989309_n.jpg'><img loading=\"lazy\" decoding=\"async\" width=\"150\" height=\"150\" src=\"https:\/\/www.radiopiu.net\/wordpress\/wp-content\/uploads\/2024\/04\/436347203_2704455243063386_5827054124156989309_n-150x150.jpg\" class=\"attachment-thumbnail size-thumbnail\" alt=\"\" \/><\/a>\n\t\t\t\t<\/dt><\/dl><dl class='gallery-item'>\n\t\t\t\t<dt class='gallery-icon portrait'>\n\t\t\t\t\t<a class=\"rollover rollover-zoom dt-pswp-item\" title=\"SOSPIROLO\" data-dt-img-description=\"\" data-large_image_width=\"526\" data-large_image_height=\"701\"href='https:\/\/www.radiopiu.net\/wordpress\/wp-content\/uploads\/2024\/04\/SOSPIROLO.jpg'><img loading=\"lazy\" decoding=\"async\" width=\"150\" height=\"150\" src=\"https:\/\/www.radiopiu.net\/wordpress\/wp-content\/uploads\/2024\/04\/SOSPIROLO-150x150.jpg\" class=\"attachment-thumbnail size-thumbnail\" alt=\"\" \/><\/a>\n\t\t\t\t<\/dt><\/dl><br style=\"clear: both\" \/>\n\t\t\t<\/div>\n\n<div class=\"text-gray-400 flex self-end lg:self-center items-center justify-center lg:justify-start mt-0 -ml-1 h-7 gap-[2px] visible\">\n<div><\/div>\n<div>\n<hr \/>\n<\/div>\n<div><\/div>\n<div><span style=\"color: #ff0000;\">CERCASI&#8230;<\/span><\/div>\n<div>\n<div>\n<div class=\"\" dir=\"auto\">\n<div id=\":r42:\" class=\"x1iorvi4 x1pi30zi x1swvt13 xjkvuk6\" data-ad-comet-preview=\"message\" data-ad-preview=\"message\">\n<div class=\"x78zum5 xdt5ytf xz62fqu x16ldp7u\">\n<div class=\"xu06os2 x1ok221b\">\n<div class=\"xdj266r x11i5rnm xat24cr x1mh8g0r x1vvkbs x126k92a\">\n<div dir=\"auto\"><span style=\"color: #000000;\"><strong>Smarrito portafoglio in pelle di medie dimensioni di color marrone il fatto \u00e8 avvenuto nel tratto di strada. statale 203 partendo dal distributore beyfin in localit\u00e0 i tuffi e l incrocio tra Caprile e Selva di Cadore chiunque sapesse qualche cosa in merito o avesse ritrovato il portafoglio si prega gentilmente di contattare il numero telefonico 3278877380<\/strong><\/span><\/div>\n<\/div>\n<\/div>\n<\/div>\n<\/div>\n<\/div>\n<\/div>\n<\/div>\n<div><\/div>\n<\/div>\n<\/div>\n<\/div>\n<\/div>\n<\/div>\n<\/div>\n<\/div>\n<\/div>\n<\/div>\n<\/div>\n<\/div>\n<p>&nbsp;<\/p>\n<hr \/>\n<p>&nbsp;<\/p>\n<blockquote>\n<h2>Investimenti per la Manutenzione dei Sentieri nel Parco Nazionale<\/h2>\n<p><strong><img loading=\"lazy\" decoding=\"async\" class=\"alignleft\" src=\"https:\/\/www.radiopiu.net\/wordpress\/wp-content\/uploads\/2023\/06\/cartina-la-valle.png\" width=\"288\" height=\"201\" \/>LA VALLE<\/strong> Il Parco Nazionale gestisce oltre 300 chilometri di sentieri CAI, finanziando la manutenzione con fondi ministeriali. Recentemente, sono stati approvati accordi con i Comuni per progetti di manutenzione. Il Comune di La Valle Agordina ricever\u00e0 25.000 euro per il ripristino del sentiero CAI 546, parte dell&#8217;itinerario storico &#8220;La montagna dimenticata&#8221;. Il Presidente del Parco sottolinea l&#8217;importanza di conservare il patrimonio storico-culturale, mentre il Sindaco di La Valle Agordina esprime gratitudine per la collaborazione.<\/p>\n<p>&nbsp;<\/p>\n<p><em>\u201cLa stipula di questa nuova convenzione con il Comune di La Valle Agordina \u2013 ha dichiarato il Presidente, Ennio Vigne \u2013 testimonia l\u2019attenzione e il costante impegno del Parco Nazionale nei confronti delle attivit\u00e0 di manutenzione della rete sentieristica, indispensabile per assicurare la fruibilit\u00e0 dei nostri territori da parte dei visitatori&#8221;.<\/em><\/p>\n<blockquote><p><em>\u201cIl finanziamento del Parco \u2013 ha dichiarato il Sindaco di La Valle Agordina, Ezio Zuanel \u2013 ci consente di intervenire su un sentiero di grande interesse naturalistico e storico, permettendo cos\u00ec agli escursionisti di risalire la Val Clusa. La collaborazione tra il Parco e l\u2019Amministrazione comunale \u2013 ha concluso il Sindaco \u2013 \u00e8 fondamentale per ottimizzare le risorse finanziarie a disposizione e per coordinare gli interventi di fruizione e valorizzazione del nostro territorio; il mio auspicio \u00e8 che tale collaborazione possa proseguire nel tempo, per poter completare la manutenzione dell\u2019intero percorso\u201d.<\/em><\/p><\/blockquote>\n<\/blockquote>\n<p>&nbsp;<\/p>\n<hr \/>\n<p>&nbsp;<\/p>\n<blockquote>\n<h3>LAVORI POST VAIA: I CANTIERI CHIUDONO MA RESTANO LE RECINZIONI<\/h3>\n<\/blockquote>\n<p><strong>LIVINALLONGO<\/strong><\/p>\n<p>DI LORENZO SORATROI<\/p>\n<audio class=\"wp-audio-shortcode\" id=\"audio-385882-5\" preload=\"none\" style=\"width: 100%;\" controls=\"controls\"><source type=\"audio\/mpeg\" src=\"https:\/\/www.radiopiu.net\/wordpress\/wp-content\/uploads\/2024\/04\/SORATROI-VAIA-LIVINALLONGO.mp3?_=5\" \/><a href=\"https:\/\/www.radiopiu.net\/wordpress\/wp-content\/uploads\/2024\/04\/SORATROI-VAIA-LIVINALLONGO.mp3\">https:\/\/www.radiopiu.net\/wordpress\/wp-content\/uploads\/2024\/04\/SORATROI-VAIA-LIVINALLONGO.mp3<\/a><\/audio>\n<p>&nbsp;<\/p>\n\n\t\t\t<style type='text\/css'>\n\t\t\t\t#gallery-4 {\n\t\t\t\t\tmargin: auto;\n\t\t\t\t}\n\t\t\t\t#gallery-4 .gallery-item {\n\t\t\t\t\tfloat: left;\n\t\t\t\t\tmargin-top: 10px;\n\t\t\t\t\ttext-align: center;\n\t\t\t\t\twidth: 20%;\n\t\t\t\t}\n\t\t\t\t#gallery-4 img {\n\t\t\t\t\tborder: 2px solid #cfcfcf;\n\t\t\t\t}\n\t\t\t\t#gallery-4 .gallery-caption {\n\t\t\t\t\tmargin-left: 0;\n\t\t\t\t}\n\t\t\t\t\/* see gallery_shortcode() in wp-includes\/media.php *\/\n\t\t\t<\/style>\n\t\t<div id='gallery-4' class='dt-gallery-container gallery galleryid-385882 gallery-columns-5 gallery-size-thumbnail'><dl class='gallery-item'>\n\t\t\t\t<dt class='gallery-icon landscape'>\n\t\t\t\t\t<a class=\"rollover rollover-zoom dt-pswp-item\" title=\"IMG_20240303_174204 (FILEminimizer)\" data-dt-img-description=\"\" data-large_image_width=\"1707\" data-large_image_height=\"768\"href='https:\/\/www.radiopiu.net\/wordpress\/wp-content\/uploads\/2024\/04\/IMG_20240303_174204-FILEminimizer.jpg'><img loading=\"lazy\" decoding=\"async\" width=\"150\" height=\"150\" src=\"https:\/\/www.radiopiu.net\/wordpress\/wp-content\/uploads\/2024\/04\/IMG_20240303_174204-FILEminimizer-150x150.jpg\" class=\"attachment-thumbnail size-thumbnail\" alt=\"\" \/><\/a>\n\t\t\t\t<\/dt><\/dl><dl class='gallery-item'>\n\t\t\t\t<dt class='gallery-icon landscape'>\n\t\t\t\t\t<a class=\"rollover rollover-zoom dt-pswp-item\" title=\"IMG_20240303_174535 (FILEminimizer)\" data-dt-img-description=\"\" data-large_image_width=\"1707\" data-large_image_height=\"768\"href='https:\/\/www.radiopiu.net\/wordpress\/wp-content\/uploads\/2024\/04\/IMG_20240303_174535-FILEminimizer.jpg'><img loading=\"lazy\" decoding=\"async\" width=\"150\" height=\"150\" src=\"https:\/\/www.radiopiu.net\/wordpress\/wp-content\/uploads\/2024\/04\/IMG_20240303_174535-FILEminimizer-150x150.jpg\" class=\"attachment-thumbnail size-thumbnail\" alt=\"\" \/><\/a>\n\t\t\t\t<\/dt><\/dl><dl class='gallery-item'>\n\t\t\t\t<dt class='gallery-icon portrait'>\n\t\t\t\t\t<a class=\"rollover rollover-zoom dt-pswp-item\" title=\"IMG_20240303_174302 (FILEminimizer)\" data-dt-img-description=\"\" data-large_image_width=\"1024\" data-large_image_height=\"2276\"href='https:\/\/www.radiopiu.net\/wordpress\/wp-content\/uploads\/2024\/04\/IMG_20240303_174302-FILEminimizer.jpg'><img loading=\"lazy\" decoding=\"async\" width=\"150\" height=\"150\" src=\"https:\/\/www.radiopiu.net\/wordpress\/wp-content\/uploads\/2024\/04\/IMG_20240303_174302-FILEminimizer-150x150.jpg\" class=\"attachment-thumbnail size-thumbnail\" alt=\"\" \/><\/a>\n\t\t\t\t<\/dt><\/dl><dl class='gallery-item'>\n\t\t\t\t<dt class='gallery-icon landscape'>\n\t\t\t\t\t<a class=\"rollover rollover-zoom dt-pswp-item\" title=\"IMG_20240303_174426 (FILEminimizer)\" data-dt-img-description=\"\" data-large_image_width=\"1707\" data-large_image_height=\"768\"href='https:\/\/www.radiopiu.net\/wordpress\/wp-content\/uploads\/2024\/04\/IMG_20240303_174426-FILEminimizer.jpg'><img loading=\"lazy\" decoding=\"async\" width=\"150\" height=\"150\" src=\"https:\/\/www.radiopiu.net\/wordpress\/wp-content\/uploads\/2024\/04\/IMG_20240303_174426-FILEminimizer-150x150.jpg\" class=\"attachment-thumbnail size-thumbnail\" alt=\"\" \/><\/a>\n\t\t\t\t<\/dt><\/dl><dl class='gallery-item'>\n\t\t\t\t<dt class='gallery-icon landscape'>\n\t\t\t\t\t<a class=\"rollover rollover-zoom dt-pswp-item\" title=\"IMG_20240303_174125 (FILEminimizer)\" data-dt-img-description=\"\" data-large_image_width=\"1707\" data-large_image_height=\"768\"href='https:\/\/www.radiopiu.net\/wordpress\/wp-content\/uploads\/2024\/04\/IMG_20240303_174125-FILEminimizer.jpg'><img loading=\"lazy\" decoding=\"async\" width=\"150\" height=\"150\" src=\"https:\/\/www.radiopiu.net\/wordpress\/wp-content\/uploads\/2024\/04\/IMG_20240303_174125-FILEminimizer-150x150.jpg\" class=\"attachment-thumbnail size-thumbnail\" alt=\"\" \/><\/a>\n\t\t\t\t<\/dt><\/dl><br style=\"clear: both\" \/>\n\t\t\t<\/div>\n\n<p>&nbsp;<\/p>\n<p>&nbsp;<\/p>\n<p>&nbsp;<\/p>\n<hr \/>\n<p>&nbsp;<\/p>\n<blockquote>\n<h3>IL CONSIGLIO PROVINCIALE APPROVA LA VARIANTE DI CORTINA<\/h3>\n<\/blockquote>\n<p><strong><a class=\"dt-pswp-item\" href=\"https:\/\/www.radiopiu.net\/wordpress\/wp-content\/uploads\/2021\/01\/palazzo-piloni-scaled.jpg\" data-dt-img-description=\"\" data-large_image_width=\"2560\" data-large_image_height=\"1440\"><img loading=\"lazy\" decoding=\"async\" class=\" wp-image-187016 alignleft\" src=\"https:\/\/www.radiopiu.net\/wordpress\/wp-content\/uploads\/2021\/01\/palazzo-piloni-300x169.jpg\" alt=\"\" width=\"185\" height=\"104\" srcset=\"https:\/\/www.radiopiu.net\/wordpress\/wp-content\/uploads\/2021\/01\/palazzo-piloni-300x169.jpg 300w, https:\/\/www.radiopiu.net\/wordpress\/wp-content\/uploads\/2021\/01\/palazzo-piloni-1024x576.jpg 1024w, https:\/\/www.radiopiu.net\/wordpress\/wp-content\/uploads\/2021\/01\/palazzo-piloni-768x432.jpg 768w, https:\/\/www.radiopiu.net\/wordpress\/wp-content\/uploads\/2021\/01\/palazzo-piloni-1536x864.jpg 1536w, https:\/\/www.radiopiu.net\/wordpress\/wp-content\/uploads\/2021\/01\/palazzo-piloni-2048x1152.jpg 2048w\" sizes=\"auto, (max-width: 185px) 100vw, 185px\" \/><\/a>BELLUNO<\/strong> Il consiglio provinciale ha approvato una variante urbanistica per l&#8217;area dell&#8217;ex stazione a Cortina. La modifica, parte di un progetto di riqualificazione urbana con finanziamento misto pubblico-privato, \u00e8 stata aggiornata per rispondere alle richieste dell&#8217;amministrazione comunale e mantenere l&#8217;equilibrio economico. Il progetto ha ottenuto varie approvazioni e pareri tecnici, inclusi quelli idraulici e ambientali. Il gruppo &#8220;Progetto Dolomiti&#8221; e &#8220;Obiettivo Provincia&#8221; hanno votato a favore, considerandolo un passaggio tecnico, mentre il gruppo &#8220;Futura Centrosinistra Bellunese&#8221; ha espresso voto contrario, richiedendo un maggiore coinvolgimento del consiglio provinciale nell&#8217;analisi e nella discussione degli aspetti urbanistici legati all&#8217;area di Cortina e alle Olimpiadi.<\/p>\n<p>&nbsp;<\/p>\n<p>&nbsp;<\/p>\n<hr \/>\n<p>&nbsp;<\/p>\n<blockquote>\n<h3>PRESENTATO ROCKQUIEM, MOZART IN CHIAVE ROCK<\/h3>\n<\/blockquote>\n<p><strong>BELLUNO<\/strong> E&#8217; stato presentato a Palazzo Rosso il concerto in programma il 12 maggio al Teatro Dino Buzzati, RockQuiem con i brani di Mozart rivisitati in chiave rock.<\/p>\n<p><strong>L&#8217;ASSESSORE AL TURISMO PAOLO LUCIANI<\/strong><\/p>\n<p><iframe loading=\"lazy\" title=\"PAOLO LUCIANI - ROCKQUIEM\" width=\"1200\" height=\"675\" src=\"https:\/\/www.youtube.com\/embed\/rmEkftO42Q8?feature=oembed\" frameborder=\"0\" allow=\"accelerometer; autoplay; clipboard-write; encrypted-media; gyroscope; picture-in-picture; web-share\" referrerpolicy=\"strict-origin-when-cross-origin\" allowfullscreen><\/iframe><\/p>\n<p>&nbsp;<\/p>\n<hr \/>\n<p>&nbsp;<\/p>\n<blockquote>\n<h3>VOLONTARI COMUNALI ALL\u2019OPERA CON LE PULIZIE DI PRIMAVERA A BELLUNO<\/h3>\n<\/blockquote>\n<p><strong>BELLUNO<\/strong> Dal Parco di Lambioi alle fontane del centro: grandi pulizie nel capoluogo, grazie all&#8217;impegno dei volontari iscritti all&#8217;albo comunale.<\/p>\n<p><strong>DI DANIELE DALVIT<\/strong><\/p>\n<audio class=\"wp-audio-shortcode\" id=\"audio-385882-6\" preload=\"none\" style=\"width: 100%;\" controls=\"controls\"><source type=\"audio\/mpeg\" src=\"https:\/\/www.radiopiu.net\/wordpress\/wp-content\/uploads\/2024\/04\/Radio-Piu-Servizio-Pulizia-volontari-Belluno.mp3?_=6\" \/><a href=\"https:\/\/www.radiopiu.net\/wordpress\/wp-content\/uploads\/2024\/04\/Radio-Piu-Servizio-Pulizia-volontari-Belluno.mp3\">https:\/\/www.radiopiu.net\/wordpress\/wp-content\/uploads\/2024\/04\/Radio-Piu-Servizio-Pulizia-volontari-Belluno.mp3<\/a><\/audio>\n<p>&nbsp;<\/p>\n\n\t\t\t<style type='text\/css'>\n\t\t\t\t#gallery-5 {\n\t\t\t\t\tmargin: auto;\n\t\t\t\t}\n\t\t\t\t#gallery-5 .gallery-item {\n\t\t\t\t\tfloat: left;\n\t\t\t\t\tmargin-top: 10px;\n\t\t\t\t\ttext-align: center;\n\t\t\t\t\twidth: 33%;\n\t\t\t\t}\n\t\t\t\t#gallery-5 img {\n\t\t\t\t\tborder: 2px solid #cfcfcf;\n\t\t\t\t}\n\t\t\t\t#gallery-5 .gallery-caption {\n\t\t\t\t\tmargin-left: 0;\n\t\t\t\t}\n\t\t\t\t\/* see gallery_shortcode() in wp-includes\/media.php *\/\n\t\t\t<\/style>\n\t\t<div id='gallery-5' class='dt-gallery-container gallery galleryid-385882 gallery-columns-3 gallery-size-thumbnail'><dl class='gallery-item'>\n\t\t\t\t<dt class='gallery-icon portrait'>\n\t\t\t\t\t<a class=\"rollover rollover-zoom dt-pswp-item\" title=\"4049527c-168c-42d0-b8c2-425221806aff\" data-dt-img-description=\"\" data-large_image_width=\"720\" data-large_image_height=\"1600\"href='https:\/\/www.radiopiu.net\/wordpress\/wp-content\/uploads\/2024\/04\/4049527c-168c-42d0-b8c2-425221806aff.jpg'><img loading=\"lazy\" decoding=\"async\" width=\"150\" height=\"150\" src=\"https:\/\/www.radiopiu.net\/wordpress\/wp-content\/uploads\/2024\/04\/4049527c-168c-42d0-b8c2-425221806aff-150x150.jpg\" class=\"attachment-thumbnail size-thumbnail\" alt=\"\" \/><\/a>\n\t\t\t\t<\/dt><\/dl><dl class='gallery-item'>\n\t\t\t\t<dt class='gallery-icon portrait'>\n\t\t\t\t\t<a class=\"rollover rollover-zoom dt-pswp-item\" title=\"ddc1aa8e-f4b6-4da7-a30d-35a4a10e8800\" data-dt-img-description=\"\" data-large_image_width=\"720\" data-large_image_height=\"1600\"href='https:\/\/www.radiopiu.net\/wordpress\/wp-content\/uploads\/2024\/04\/ddc1aa8e-f4b6-4da7-a30d-35a4a10e8800.jpg'><img loading=\"lazy\" decoding=\"async\" width=\"150\" height=\"150\" src=\"https:\/\/www.radiopiu.net\/wordpress\/wp-content\/uploads\/2024\/04\/ddc1aa8e-f4b6-4da7-a30d-35a4a10e8800-150x150.jpg\" class=\"attachment-thumbnail size-thumbnail\" alt=\"\" \/><\/a>\n\t\t\t\t<\/dt><\/dl><dl class='gallery-item'>\n\t\t\t\t<dt class='gallery-icon portrait'>\n\t\t\t\t\t<a class=\"rollover rollover-zoom dt-pswp-item\" title=\"bf9c8336-a5dd-4c34-bdc8-4ecf17da401a\" data-dt-img-description=\"\" data-large_image_width=\"1200\" data-large_image_height=\"1600\"href='https:\/\/www.radiopiu.net\/wordpress\/wp-content\/uploads\/2024\/04\/bf9c8336-a5dd-4c34-bdc8-4ecf17da401a.jpg'><img loading=\"lazy\" decoding=\"async\" width=\"150\" height=\"150\" src=\"https:\/\/www.radiopiu.net\/wordpress\/wp-content\/uploads\/2024\/04\/bf9c8336-a5dd-4c34-bdc8-4ecf17da401a-150x150.jpg\" class=\"attachment-thumbnail size-thumbnail\" alt=\"\" \/><\/a>\n\t\t\t\t<\/dt><\/dl><br style=\"clear: both\" \/>\n\t\t\t<\/div>\n\n<p>&nbsp;<\/p>\n<hr \/>\n<p>&nbsp;<\/p>\n<blockquote>\n<h3>IL FUTURO DELL\u2019OCCUPAZIONE IN VENETO: MENO LAVORATORI MA PI\u00d9 GIOVANI E QUALIFICATI<\/h3>\n<\/blockquote>\n<p><strong><a class=\"dt-pswp-item\" href=\"https:\/\/www.radiopiu.net\/wordpress\/wp-content\/uploads\/2022\/03\/Logo_VenetoLavoro.png\" data-dt-img-description=\"\" data-large_image_width=\"1791\" data-large_image_height=\"482\"><img loading=\"lazy\" decoding=\"async\" class=\" wp-image-264807 alignleft\" src=\"https:\/\/www.radiopiu.net\/wordpress\/wp-content\/uploads\/2022\/03\/Logo_VenetoLavoro-300x81.png\" alt=\"\" width=\"163\" height=\"44\" srcset=\"https:\/\/www.radiopiu.net\/wordpress\/wp-content\/uploads\/2022\/03\/Logo_VenetoLavoro-300x81.png 300w, https:\/\/www.radiopiu.net\/wordpress\/wp-content\/uploads\/2022\/03\/Logo_VenetoLavoro-1024x276.png 1024w, https:\/\/www.radiopiu.net\/wordpress\/wp-content\/uploads\/2022\/03\/Logo_VenetoLavoro-768x207.png 768w, https:\/\/www.radiopiu.net\/wordpress\/wp-content\/uploads\/2022\/03\/Logo_VenetoLavoro-1536x413.png 1536w, https:\/\/www.radiopiu.net\/wordpress\/wp-content\/uploads\/2022\/03\/Logo_VenetoLavoro.png 1791w\" sizes=\"auto, (max-width: 163px) 100vw, 163px\" \/><\/a>VENEZIA\u00a0<\/strong>Il Veneto si prepara a un mercato del lavoro pi\u00f9 giovane e qualificato, riflettendo i cambiamenti demografici. L&#8217;invecchiamento della popolazione ha portato a una maggiore presenza di lavoratori anziani, con un aumento significativo delle assunzioni e del tasso di occupazione tra coloro sopra i 55 anni. Le carriere si allungano, con una fuoriuscita dal lavoro ritardata. L&#8217;uscita delle generazioni del baby boom porter\u00e0 a ulteriori trasformazioni, con un&#8217;et\u00e0 mediana in diminuzione. Nuove generazioni e lavoratori pi\u00f9 istruiti entreranno nel mercato, ma con una base pi\u00f9 ridotta se non ci saranno altri fattori come l&#8217;immigrazione. Le sfide e le opportunit\u00e0 includono competenze digitali crescenti e un incontro pi\u00f9 efficace tra domanda e offerta di lavoro.<\/p>\n<hr \/>\n<p>&nbsp;<\/p>\n<p><strong>LA GIUDIZIARIA OGGI<\/strong><br \/>\n<strong>DI GIGI SOSSO dal Corriere delle Alpi<\/strong><br \/>\n<strong>Indagini concluse su donna accusata di coltellate al fidanzato durante una lite<\/strong><br \/>\nBELLUNO la Procura ha chiesto il processo per una donna D C. L&#8217;accusa \u00e8 di lesioni aggravate dall&#8217;arma bianca, poich\u00e9 avrebbe colpito l&#8217;uomo con un coltello da cucina azzurro durante un litigio in un appartamento nella zona del palasport. L&#8217;uomo, trovato ferito fuori dall&#8217;abitazione, ha dichiarato di non sapere chi lo abbia accoltellato.<\/p>\n<p><strong>Condannato per tamponamento in stato di ebbrezza.<\/strong><\/p>\n<p>FELTRE\u00a0 Residente nel Feltrino condannato a due mesi di arresto, 1.600 euro di ammenda e sospensione della patente per un anno dopo aver causato un incidente a Mugnai in stato di ebbrezza. La sentenza del giudice Luca Berletti, accogliendo la tesi del pubblico ministero Gianluca Tricoli, ha evidenziato i sintomi di ebbrezza alcolica, confermati dall&#8217;alcoltest con valori di 1,51 e 1,67.<\/p>\n<div class=\"w-full pt-2 md:pt-0 dark:border-white\/20 md:border-transparent md:dark:border-transparent md:w-[calc(100%-.5rem)]\">\n<form class=\"stretch mx-2 flex flex-row gap-3 last:mb-2 md:mx-4 md:last:mb-6 lg:mx-auto lg:max-w-2xl xl:max-w-3xl\">\n<div class=\"relative flex h-full flex-1 flex-col\">\n<div class=\"absolute bottom-full left-0 right-0\"><\/div>\n<div class=\"flex w-full items-center\"><\/div>\n<\/div>\n<\/form>\n<\/div>\n<p>&nbsp;<\/p>\n<hr \/>\n<p>&nbsp;<\/p>\n<blockquote>\n<h3>COINVOLTE ANCHE LE ASSOCIAZIONI\u00a0 BELLUNESI PER LA\u00a0 TERZA EDIZIONE DI \u201cSFIDEUROPEE\u201d<\/h3>\n<\/blockquote>\n<p><strong><a class=\"dt-pswp-item\" href=\"https:\/\/www.radiopiu.net\/wordpress\/wp-content\/uploads\/2024\/04\/Elisa-Corra-presidente.jpeg\" data-dt-img-description=\"\" data-large_image_width=\"768\" data-large_image_height=\"1335\"><img loading=\"lazy\" decoding=\"async\" class=\" wp-image-385949 alignleft\" src=\"https:\/\/www.radiopiu.net\/wordpress\/wp-content\/uploads\/2024\/04\/Elisa-Corra-presidente-173x300.jpeg\" alt=\"\" width=\"74\" height=\"128\" srcset=\"https:\/\/www.radiopiu.net\/wordpress\/wp-content\/uploads\/2024\/04\/Elisa-Corra-presidente-173x300.jpeg 173w, https:\/\/www.radiopiu.net\/wordpress\/wp-content\/uploads\/2024\/04\/Elisa-Corra-presidente-589x1024.jpeg 589w, https:\/\/www.radiopiu.net\/wordpress\/wp-content\/uploads\/2024\/04\/Elisa-Corra-presidente.jpeg 768w\" sizes=\"auto, (max-width: 74px) 100vw, 74px\" \/><\/a>BELLUNO<\/strong> &#8220;SfidEuropee&#8221; offre sostegno a progetti del Terzo Settore di Belluno, promossi a livello europeo. Centri servizio volontariato e fondazioni bancarie collaborano per indirizzare le associazioni verso progetti europei. CSV Vicenza e CSV Belluno Treviso si uniscono come partner, estendendo l&#8217;ambito territoriale. La Presidente CSV Belluno Treviso, Elisa Corr\u00e0, sottolinea l&#8217;importanza del percorso, offrendo competenze e networking. Possono partecipare enti no profit attivi nel settore culturale e del welfare da almeno tre anni. Il percorso comprende formazione, eventi di networking, accompagnamento individualizzato e una call per progetti, con possibilit\u00e0 di crowdfunding.<\/p>\n<p>&nbsp;<\/p>\n<p>&nbsp;<\/p>\n<hr \/>\n<p>&nbsp;<\/p>\n<p><strong class=\"photoswipe-wrapper\"><a class=\"dt-pswp-item pspw-wrap-ready\" href=\"https:\/\/www.radiopiu.net\/wordpress\/wp-content\/uploads\/2024\/01\/Senza-nome-34.png\" data-dt-img-description=\"\" data-large_image_width=\"239\" data-large_image_height=\"153\"><img loading=\"lazy\" decoding=\"async\" class=\"wp-image-369478 alignleft\" src=\"https:\/\/www.radiopiu.net\/wordpress\/wp-content\/uploads\/2024\/01\/Senza-nome-34.png\" alt=\"\" width=\"128\" height=\"82\" \/><\/a><\/strong><\/p>\n<p><strong>dal TG BELLUNESE di\u00a0 ANTENNA 3 ogni sera alle 19.30 sul canale 10 del digitale terrestre e alle 19 le anticipazioni alla radio.\u00a0\u00a0<\/strong><\/p>\n<p>&nbsp;<\/p>\n<p>&nbsp;<\/p>\n<p>&nbsp;<\/p>\n<blockquote>\n<h2 class=\"_title post-title entry-title\">CITTADINI \u2018EROICI\u2019, DA GIOVEDI\u2019 INIZIANO GLI EVENTI PER CENTENARIO CROCE DI GUERRA<\/h2>\n<\/blockquote>\n<p><strong>LIMANA<\/strong><\/p>\n<p>Intervistati MILENA DE ZANET (SINDACA DI LIMANA) (Servizio di <a href=\"https:\/\/antennatre.medianordest.it\/redazione\/Tiziana-Bolognani\/\">Tiziana Bolognani<\/a>)<\/p>\n<p><iframe loading=\"lazy\" title=\"CITTADINI &#039;EROICI&#039;, DA GIOVEDI&#039; INIZIANO GLI EVENTI PER CENTENARIO CROCE DI GUERRA | 16\/04\/2024\" width=\"1200\" height=\"675\" src=\"https:\/\/www.youtube.com\/embed\/3IiSXrmHIHk?feature=oembed\" frameborder=\"0\" allow=\"accelerometer; autoplay; clipboard-write; encrypted-media; gyroscope; picture-in-picture; web-share\" referrerpolicy=\"strict-origin-when-cross-origin\" allowfullscreen><\/iframe><\/p>\n<p>&nbsp;<\/p>\n<p>&nbsp;<\/p>\n<p><strong class=\"photoswipe-wrapper\"><a class=\"dt-pswp-item pspw-wrap-ready\" href=\"https:\/\/www.radiopiu.net\/wordpress\/wp-content\/uploads\/2024\/01\/Senza-nome-34.png\" data-dt-img-description=\"\" data-large_image_width=\"239\" data-large_image_height=\"153\"><img loading=\"lazy\" decoding=\"async\" class=\"wp-image-369478 alignleft\" src=\"https:\/\/www.radiopiu.net\/wordpress\/wp-content\/uploads\/2024\/01\/Senza-nome-34.png\" alt=\"\" width=\"128\" height=\"82\" \/><\/a><\/strong><\/p>\n<p><strong>dal TG BELLUNESE di\u00a0 ANTENNA 3 ogni sera alle 19.30 sul canale 10 del digitale terrestre e alle 19 le anticipazioni alla radio.\u00a0\u00a0<\/strong><\/p>\n<p>&nbsp;<\/p>\n<p>&nbsp;<\/p>\n<blockquote>\n<h3 class=\"_title post-title entry-title\">APPELLO AI GIOVANI BELLUNESI E ALLA SOCIETA\u2019 CIVILE PER UNA NUOVA COMUNITA\u2019<\/h3>\n<p><strong>BELLUNO<\/strong><\/p><\/blockquote>\n<p>Intervistati GIUSEPPE PAT (PRESIDENTE FONDAZIONE SOCIETA\u2019 BELLUNESE) (Servizio di <a href=\"https:\/\/antennatre.medianordest.it\/redazione\/Tiziana-Bolognani\/\">Tiziana Bolognani<\/a>)<\/p>\n<p><iframe loading=\"lazy\" title=\"APPELLO AI GIOVANI BELLUNESI E ALLA SOCIETA&#039; CIVILE PER UNA NUOVA COMUNITA&#039; | 16\/04\/2024\" width=\"1200\" height=\"675\" src=\"https:\/\/www.youtube.com\/embed\/UaozWXWrhAg?feature=oembed\" frameborder=\"0\" allow=\"accelerometer; autoplay; clipboard-write; encrypted-media; gyroscope; picture-in-picture; web-share\" referrerpolicy=\"strict-origin-when-cross-origin\" allowfullscreen><\/iframe><\/p>\n<hr \/>\n<p>&nbsp;<\/p>\n<blockquote>\n<h3>A SCUOLA CON LA PROTEZIONE CIVILE<\/h3>\n<\/blockquote>\n<p><strong><a class=\"dt-pswp-item\" href=\"https:\/\/www.radiopiu.net\/wordpress\/wp-content\/uploads\/2023\/06\/CANE-FIUTA-OK.jpeg\" data-dt-img-description=\"\" data-large_image_width=\"1468\" data-large_image_height=\"1100\"><img loading=\"lazy\" decoding=\"async\" class=\" wp-image-339245 alignleft\" src=\"https:\/\/www.radiopiu.net\/wordpress\/wp-content\/uploads\/2023\/06\/CANE-FIUTA-OK-300x225.jpeg\" alt=\"\" width=\"125\" height=\"94\" srcset=\"https:\/\/www.radiopiu.net\/wordpress\/wp-content\/uploads\/2023\/06\/CANE-FIUTA-OK-300x225.jpeg 300w, https:\/\/www.radiopiu.net\/wordpress\/wp-content\/uploads\/2023\/06\/CANE-FIUTA-OK-1024x767.jpeg 1024w, https:\/\/www.radiopiu.net\/wordpress\/wp-content\/uploads\/2023\/06\/CANE-FIUTA-OK-768x575.jpeg 768w, https:\/\/www.radiopiu.net\/wordpress\/wp-content\/uploads\/2023\/06\/CANE-FIUTA-OK.jpeg 1468w\" sizes=\"auto, (max-width: 125px) 100vw, 125px\" \/><\/a>TAIBON<\/strong> Oggi la Scuola Primaria di Taibon Agordino sar\u00e0 coinvolta in una dimostrazione di Cinofilia da Soccorso. L&#8217;evento si terr\u00e0 presso l&#8217;anfiteatro nel piazzale della Sagra di Pasqua. La dimostrazione sar\u00e0 condotta dalla Squadra Cinofila da Soccorso della Protezione Civile, Associazione Nazionale Alpini, Sezione di Treviso. Saranno trattati argomenti come la fisiologia del cane, approcciare cani sconosciuti e concetti base sull&#8217;addestramento dei cani da soccorso<\/p>\n<p>&nbsp;<\/p>\n<p>&nbsp;<\/p>\n<hr \/>\n<p>&nbsp;<\/p>\n<blockquote>\n<h3>CERCASI SCRUTATORI PER LE ELEZIONI<\/h3>\n<\/blockquote>\n<p><strong>FELTRE<\/strong> Le persone iscritte nell\u2019albo scrutatori di Feltre possono candidarsi per le elezioni europee dell\u20198 e 9 giugno 2024 inviando una mail a <a target=\"_new\" rel=\"noopener\">elettorale@comune.feltre.bl.it<\/a> con oggetto &#8220;Dichiarazione di disponibilit\u00e0 a svolgere la funzione di scrutatore&#8221;. Nel corpo della mail, includere nome, cognome, luogo e data di nascita, confermando l&#8217;iscrizione all&#8217;albo e l&#8217;interesse a essere scrutatore. La Commissione Elettorale dar\u00e0 priorit\u00e0 a queste candidature nell&#8217;assegnazione dei ruoli. Riceveranno dettagli via email. In caso di surplus, saranno considerate in ordine di arrivo. Per informazioni, contattare l&#8217;Ufficio Elettorale Comunale a Feltre.<\/p>\n<p>&nbsp;<\/p>\n<p>&nbsp;<\/p>\n<hr \/>\n<p>&nbsp;<\/p>\n<blockquote>\n<h3>LA FONDAZIONE TEATRI DELLE DOLOMITI CERCA UN MACCHINISTA<\/h3>\n<\/blockquote>\n<p><a class=\"dt-pswp-item\" href=\"https:\/\/www.radiopiu.net\/wordpress\/wp-content\/uploads\/2022\/02\/610219_pckg_2501411782791317011-20140927.jpg\" data-dt-img-description=\"TEATRO COMUNALE\" data-large_image_width=\"620\" data-large_image_height=\"340\"><img loading=\"lazy\" decoding=\"async\" class=\"wp-image-258957 alignleft\" src=\"https:\/\/www.radiopiu.net\/wordpress\/wp-content\/uploads\/2022\/02\/610219_pckg_2501411782791317011-20140927-300x165.jpg\" alt=\"\" width=\"162\" height=\"89\" srcset=\"https:\/\/www.radiopiu.net\/wordpress\/wp-content\/uploads\/2022\/02\/610219_pckg_2501411782791317011-20140927-300x165.jpg 300w, https:\/\/www.radiopiu.net\/wordpress\/wp-content\/uploads\/2022\/02\/610219_pckg_2501411782791317011-20140927.jpg 620w\" sizes=\"auto, (max-width: 162px) 100vw, 162px\" \/><\/a><strong>BELLUNO<\/strong> La Fondazione Teatri delle Dolomiti cerca un Addetto agli spettacoli teatrali &#8211; macchinista per il Teatro Dino Buzzati di Belluno. Mansioni includono montaggio\/scenografie, gestione materiali e movimentazione scena durante spettacoli\/prove, coordinamento tecnici, custodia teatro e ruolo in emergenze. Requisiti: diploma, 2 anni esperienza nel settore, conoscenza tecnica e materiale di palcoscenico. Dettagli contrattuali verranno forniti in colloquio. Invia il CV a <a target=\"_new\" rel=\"noopener\">info@fondazioneteatridolomiti.it<\/a> entro il 22 aprile 2024.<\/p>\n<p>&nbsp;<\/p>\n<p>&nbsp;<\/p>\n<hr \/>\n<p>&nbsp;<\/p>\n<blockquote>\n<h3>GLI UNCLE FRANK PROJECT A TRICHIANA<\/h3>\n<\/blockquote>\n<blockquote>\n<h3><a class=\"dt-pswp-item\" href=\"https:\/\/www.radiopiu.net\/wordpress\/wp-content\/uploads\/2024\/04\/SCR-20240414-pvoh.jpeg\" data-dt-img-description=\"Screenshot\" data-large_image_width=\"1028\" data-large_image_height=\"688\"><img loading=\"lazy\" decoding=\"async\" class=\"wp-image-385650 alignleft\" src=\"https:\/\/www.radiopiu.net\/wordpress\/wp-content\/uploads\/2024\/04\/SCR-20240414-pvoh-300x201.jpeg\" alt=\"\" width=\"172\" height=\"115\" srcset=\"https:\/\/www.radiopiu.net\/wordpress\/wp-content\/uploads\/2024\/04\/SCR-20240414-pvoh-300x201.jpeg 300w, https:\/\/www.radiopiu.net\/wordpress\/wp-content\/uploads\/2024\/04\/SCR-20240414-pvoh-1024x685.jpeg 1024w, https:\/\/www.radiopiu.net\/wordpress\/wp-content\/uploads\/2024\/04\/SCR-20240414-pvoh-768x514.jpeg 768w, https:\/\/www.radiopiu.net\/wordpress\/wp-content\/uploads\/2024\/04\/SCR-20240414-pvoh.jpeg 1028w\" sizes=\"auto, (max-width: 172px) 100vw, 172px\" \/><\/a><\/h3>\n<\/blockquote>\n<p><strong>DI MARCO V. DAL FARRA<\/strong><\/p>\n<audio class=\"wp-audio-shortcode\" id=\"audio-385882-7\" preload=\"none\" style=\"width: 100%;\" controls=\"controls\"><source type=\"audio\/mpeg\" src=\"https:\/\/www.radiopiu.net\/wordpress\/wp-content\/uploads\/2024\/04\/DAL-FARRA-DE-POLI-A-TRICHIANA.mp3?_=7\" \/><a href=\"https:\/\/www.radiopiu.net\/wordpress\/wp-content\/uploads\/2024\/04\/DAL-FARRA-DE-POLI-A-TRICHIANA.mp3\">https:\/\/www.radiopiu.net\/wordpress\/wp-content\/uploads\/2024\/04\/DAL-FARRA-DE-POLI-A-TRICHIANA.mp3<\/a><\/audio>\n<p>&nbsp;<\/p>\n<p>&nbsp;<\/p>\n<hr \/>\n<p>&nbsp;<\/p>\n<blockquote>\n<h3>UN ANNULLO SPECIALE DI POSTE ITALIANE IN OCCASIONE DELLA MOSTRA NEGLI UFFICI DI BELLUNO<\/h3>\n<\/blockquote>\n<p><strong>BELLUNO<\/strong> Poste Italiane celebra l&#8217;apertura della mostra &#8220;Gli albori del servizio postale pubblico nel Bellunese, Feltrino e Cadorino tra Quattrocento e Settecento&#8221; a Belluno, il 20 aprile. Un annullo speciale sar\u00e0 disponibile per i collezionisti dalle 9 alle 12 presso le Poste centrali di Piazza Castello. La mostra espone lettere originali inviate dalla regione dal 1481 al 1796, insieme a documenti d&#8217;archivio, testimoniando la nascita del servizio postale. La mostra rimarr\u00e0 aperta fino al 4 maggio durante gli orari di apertura dell&#8217;ufficio postale: luned\u00ec-venerd\u00ec 8.20-19.05; sabato 8.20-12.35.<\/p>\n\n\t\t\t<style type='text\/css'>\n\t\t\t\t#gallery-6 {\n\t\t\t\t\tmargin: auto;\n\t\t\t\t}\n\t\t\t\t#gallery-6 .gallery-item {\n\t\t\t\t\tfloat: left;\n\t\t\t\t\tmargin-top: 10px;\n\t\t\t\t\ttext-align: center;\n\t\t\t\t\twidth: 50%;\n\t\t\t\t}\n\t\t\t\t#gallery-6 img {\n\t\t\t\t\tborder: 2px solid #cfcfcf;\n\t\t\t\t}\n\t\t\t\t#gallery-6 .gallery-caption {\n\t\t\t\t\tmargin-left: 0;\n\t\t\t\t}\n\t\t\t\t\/* see gallery_shortcode() in wp-includes\/media.php *\/\n\t\t\t<\/style>\n\t\t<div id='gallery-6' class='dt-gallery-container gallery galleryid-385882 gallery-columns-2 gallery-size-thumbnail'><dl class='gallery-item'>\n\t\t\t\t<dt class='gallery-icon landscape'>\n\t\t\t\t\t<a class=\"rollover rollover-zoom dt-pswp-item\" title=\"Poste Italiane timbro storia postale Belluno 20 aprile 2024\" data-dt-img-description=\"\" data-large_image_width=\"347\" data-large_image_height=\"347\"href='https:\/\/www.radiopiu.net\/wordpress\/wp-content\/uploads\/2024\/04\/Poste-Italiane-timbro-storia-postale-Belluno-20-aprile-2024.jpg'><img loading=\"lazy\" decoding=\"async\" width=\"150\" height=\"150\" src=\"https:\/\/www.radiopiu.net\/wordpress\/wp-content\/uploads\/2024\/04\/Poste-Italiane-timbro-storia-postale-Belluno-20-aprile-2024-150x150.jpg\" class=\"attachment-thumbnail size-thumbnail\" alt=\"\" srcset=\"https:\/\/www.radiopiu.net\/wordpress\/wp-content\/uploads\/2024\/04\/Poste-Italiane-timbro-storia-postale-Belluno-20-aprile-2024-150x150.jpg 150w, https:\/\/www.radiopiu.net\/wordpress\/wp-content\/uploads\/2024\/04\/Poste-Italiane-timbro-storia-postale-Belluno-20-aprile-2024-300x300.jpg 300w, https:\/\/www.radiopiu.net\/wordpress\/wp-content\/uploads\/2024\/04\/Poste-Italiane-timbro-storia-postale-Belluno-20-aprile-2024.jpg 347w\" sizes=\"auto, (max-width: 150px) 100vw, 150px\" \/><\/a>\n\t\t\t\t<\/dt><\/dl><dl class='gallery-item'>\n\t\t\t\t<dt class='gallery-icon landscape'>\n\t\t\t\t\t<a class=\"rollover rollover-zoom dt-pswp-item\" title=\"Belluno Castello Poste cartolina 1936\" data-dt-img-description=\"\" data-large_image_width=\"1704\" data-large_image_height=\"1206\"href='https:\/\/www.radiopiu.net\/wordpress\/wp-content\/uploads\/2024\/04\/Belluno-Castello-Poste-cartolina-1936.jpg'><img loading=\"lazy\" decoding=\"async\" width=\"150\" height=\"150\" src=\"https:\/\/www.radiopiu.net\/wordpress\/wp-content\/uploads\/2024\/04\/Belluno-Castello-Poste-cartolina-1936-150x150.jpg\" class=\"attachment-thumbnail size-thumbnail\" alt=\"\" \/><\/a>\n\t\t\t\t<\/dt><\/dl><br style=\"clear: both\" \/>\n\t\t\t<\/div>\n\n<p>&nbsp;<\/p>\n<hr \/>\n<p>&nbsp;<\/p>\n<blockquote>\n<h3>CERIMONIA DI CONSEGNA DEI DIPLOMI E DELLE BORSE DI STUDIO IN MEMORIA DI FEDERICA DA COL<\/h3>\n<\/blockquote>\n<p><strong><a class=\"dt-pswp-item\" href=\"https:\/\/www.radiopiu.net\/wordpress\/wp-content\/uploads\/2024\/04\/Foto-cerimonia-scaled.jpg\" data-dt-img-description=\"\" data-large_image_width=\"2560\" data-large_image_height=\"1707\"><img loading=\"lazy\" decoding=\"async\" class=\" wp-image-386004 alignleft\" src=\"https:\/\/www.radiopiu.net\/wordpress\/wp-content\/uploads\/2024\/04\/Foto-cerimonia-300x200.jpg\" alt=\"\" width=\"167\" height=\"111\" srcset=\"https:\/\/www.radiopiu.net\/wordpress\/wp-content\/uploads\/2024\/04\/Foto-cerimonia-300x200.jpg 300w, https:\/\/www.radiopiu.net\/wordpress\/wp-content\/uploads\/2024\/04\/Foto-cerimonia-1024x683.jpg 1024w, https:\/\/www.radiopiu.net\/wordpress\/wp-content\/uploads\/2024\/04\/Foto-cerimonia-768x512.jpg 768w, https:\/\/www.radiopiu.net\/wordpress\/wp-content\/uploads\/2024\/04\/Foto-cerimonia-1536x1024.jpg 1536w, https:\/\/www.radiopiu.net\/wordpress\/wp-content\/uploads\/2024\/04\/Foto-cerimonia-2048x1365.jpg 2048w\" sizes=\"auto, (max-width: 167px) 100vw, 167px\" \/><\/a>BELLUNO\u00a0<\/strong>Sabato al Cinema Italia, si \u00e8 svolta la cerimonia di consegna diplomi e borse di studio all&#8217;IIS \u201cCatullo\u201d di Belluno in memoria di Federica Da Col, prematuramente scomparsa nel 2011. La Dirigente Palma Piccoli, insieme a Mauro De Lazzer, Emanuele Bellinazzi e Michele Sardo, hanno premiato dieci studenti con media voti superiore a 8. Alunni del biennio e triennio, indirizzi commerciale, socio sanitario e liceo artistico. Premiati: Alice Bortoluzzi, Ilaria Canton, Valentina Dal Farra, Franco Deon, Eris Fetishaj, Sofia Furlan, Irene Palman, Alessia Rinaldo, Lorenzo Tremonti e Chiara Zandomenego.<\/p>\n<p>&nbsp;<\/p>\n<p>&nbsp;<\/p>\n<hr \/>\n<p>&nbsp;<\/p>\n<h2><span style=\"color: #ff0000;\">CONSIGLI COMUNALI IN AGORDINO<\/span><\/h2>\n<p><strong>LIVINALLONGO<\/strong> Il sindaco di Livinallongo Leandro Grones ha convocato i consiglieri comunali per luned\u00ec alle 20:30. Saranno 7 i punti da discutere nel consiglio comunale. Tra i punti all&#8217;ordine del giorno l&#8217;approvazione del regolamento comunale per locazione di unit\u00e0 immobliari, la costituzione dei Ladins de Souramont, due variazioni a bilancio e una convenzione con l&#8217;Ulss 1 Dolomiti per l&#8217;erogazione di impegnative particolari.<\/p>\n<p>&nbsp;<\/p>\n<p>&nbsp;<\/p>\n<hr \/>\n<p>&nbsp;<\/p>\n<blockquote>\n<h3>A MEL UN WORKSHOP PER PARLARE DEL CORPO<\/h3>\n<\/blockquote>\n<p><strong><a class=\"dt-pswp-item\" href=\"https:\/\/www.radiopiu.net\/wordpress\/wp-content\/uploads\/2024\/04\/post.png\" data-dt-img-description=\"\" data-large_image_width=\"940\" data-large_image_height=\"788\"><img loading=\"lazy\" decoding=\"async\" class=\" wp-image-385850 alignleft\" src=\"https:\/\/www.radiopiu.net\/wordpress\/wp-content\/uploads\/2024\/04\/post-300x251.png\" alt=\"\" width=\"139\" height=\"116\" srcset=\"https:\/\/www.radiopiu.net\/wordpress\/wp-content\/uploads\/2024\/04\/post-300x251.png 300w, https:\/\/www.radiopiu.net\/wordpress\/wp-content\/uploads\/2024\/04\/post-768x644.png 768w, https:\/\/www.radiopiu.net\/wordpress\/wp-content\/uploads\/2024\/04\/post.png 940w\" sizes=\"auto, (max-width: 139px) 100vw, 139px\" \/><\/a>BORGO VALBELLUNA<\/strong> &#8220;Dal corpo alla parola&#8221; \u00e8 un workshop che unisce espressione creativa e movimento corporeo. Scopo: liberare il corpo da tensioni, connetterlo con l&#8217;istinto artistico e il fuoco scenico. Aperto a tutti, anche a chi ha esperienza. Attraverso il movimento libero e la gestione del corpo, impareremo a farlo dialogare con la parola. L&#8217;attore agisce organicamente: corpo e parola si fondono. Analizzeremo testi, esploreremo lo spazio e la vita silenziosa. Il laboratorio comprende 5 lezioni di 1 ora e 30 minuti, suddivise per et\u00e0: 11-14, 15-18, adulti. Si terr\u00e0 presso l&#8217;ex chiesa di San Pietro di Borgo Valbelluna ogni gioved\u00ec di maggio 2024. Contatti: <a target=\"_new\" rel=\"noopener\">fornasatilive@gmail.com<\/a>, 3298849696.<\/p>\n<p><strong>DI ROBERTO BONA<\/strong><\/p>\n<audio class=\"wp-audio-shortcode\" id=\"audio-385882-8\" preload=\"none\" style=\"width: 100%;\" controls=\"controls\"><source type=\"audio\/mpeg\" src=\"https:\/\/www.radiopiu.net\/wordpress\/wp-content\/uploads\/2024\/04\/BONA-DAL-CORPO-ALLA-PAROLA.mp3?_=8\" \/><a href=\"https:\/\/www.radiopiu.net\/wordpress\/wp-content\/uploads\/2024\/04\/BONA-DAL-CORPO-ALLA-PAROLA.mp3\">https:\/\/www.radiopiu.net\/wordpress\/wp-content\/uploads\/2024\/04\/BONA-DAL-CORPO-ALLA-PAROLA.mp3<\/a><\/audio>\n<p>&nbsp;<\/p>\n<hr \/>\n<p>&nbsp;<\/p>\n<blockquote>\n<h3>LA GIORNATA ECOLOGICA A FALCADE<\/h3>\n<\/blockquote>\n<p><strong>FALCADE<\/strong> Il Comune di Falcade e la Pro Loco di Caviola insieme allo Sci Club Val Biois stanno organizzando una Giornata ecologica per la pulizia del territorio comunale. La giornata ecologica si terr\u00e0 sabato 20 aprile, con ritrovo alle 8:30 al municipio di Falcade. Ai partecipanti saranno forniti guanti, sacchetti e tutto il necessario per la pulizia. Alla fine della mattinata, \u00e8 previsto un piatto di pasta offerto presso la Pizzeria Livia di Caviola.<\/p>\n<p>&nbsp;<\/p>\n<hr \/>\n<p>&nbsp;<\/p>\n<blockquote>\n<h3>GLI ALPINI DI ALLEGHE ORGANIZZANO LA GIORNATA ECOLOGICA<\/h3>\n<\/blockquote>\n<p><strong>ALLEGHE<\/strong> Il Gruppo Alpini Monte Civetta e il Comune di Alleghe organizzano una giornata di pulizia del territorio in paese e lungolago per il 21 aprile. L&#8217;evento \u00e8 aperto a tutti, con ritrovo alle 7:00 presso il parcheggio di Vallazza alla foce del Cordevole, muniti di guanti e attrezzi per la pulizia. La giornata terminer\u00e0 alle 13:00 presso la sede degli Alpini con un pranzo &#8220;rancio alpino in amicizia&#8221;. Iscrizioni al 377 2737205<\/p>\n<p>&nbsp;<\/p>\n<p>&nbsp;<\/p>\n<hr \/>\n<p>&nbsp;<\/p>\n<blockquote>\n<h3>SABATO 20 APRILE LA GIORNATA DELLA RIPARAZIONE, DEL RICICLO E DEL RIUSO<\/h3>\n<\/blockquote>\n<p><strong><a class=\"dt-pswp-item\" href=\"https:\/\/www.radiopiu.net\/wordpress\/wp-content\/uploads\/2024\/04\/unnamed-4.jpg\" data-dt-img-description=\"\" data-large_image_width=\"1920\" data-large_image_height=\"1440\"><img loading=\"lazy\" decoding=\"async\" class=\" wp-image-385098 alignleft\" src=\"https:\/\/www.radiopiu.net\/wordpress\/wp-content\/uploads\/2024\/04\/unnamed-4-300x225.jpg\" alt=\"\" width=\"183\" height=\"137\" srcset=\"https:\/\/www.radiopiu.net\/wordpress\/wp-content\/uploads\/2024\/04\/unnamed-4-300x225.jpg 300w, https:\/\/www.radiopiu.net\/wordpress\/wp-content\/uploads\/2024\/04\/unnamed-4-1024x768.jpg 1024w, https:\/\/www.radiopiu.net\/wordpress\/wp-content\/uploads\/2024\/04\/unnamed-4-768x576.jpg 768w, https:\/\/www.radiopiu.net\/wordpress\/wp-content\/uploads\/2024\/04\/unnamed-4-1536x1152.jpg 1536w, https:\/\/www.radiopiu.net\/wordpress\/wp-content\/uploads\/2024\/04\/unnamed-4.jpg 1920w\" sizes=\"auto, (max-width: 183px) 100vw, 183px\" \/><\/a><\/strong><strong>BELLUNO <\/strong>Sabato 20 Aprile 2024, il Centro Diocesano Giovanni XXIII a Belluno ospiter\u00e0 la Giornata della Riparazione, promuovendo riparazione, riciclo e riuso. Con il Sindaco De Pellegrin e altri relatori illustri, si presenter\u00e0 il libro &#8220;I 6 Principi Naturali nell&#8217;Impresa e nella Societ\u00e0 Civile&#8221; di Paolo Ricotti. Saranno discussi modelli di produzione circolari, riparazioni professionali e pratiche di riuso nel settore della ristorazione. Roberto Basso parler\u00e0 di noleggio di stoviglie riutilizzabili, Mirco De Bona, esperto di riparazioni professionali, condivider\u00e0 la sua esperienza e l&#8217;importanza di sensibilizzare le persone affinch\u00e9 adottino un cambiamento di tendenza verso la riparazione anzich\u00e9 il rimpiazzo mentre Michele Verdolini presenter\u00e0 progetti sostenibili del Fablab. Dibattito e networking completeranno l&#8217;evento, aperto a tutti per promuovere uno stile di vita sostenibile. Per info e iscrizioni: <a target=\"_new\" rel=\"noopener\">stefano.balbinot@centroconsorzi.it<\/a>, tel. 0437 851 351.<\/p>\n<p>&nbsp;<\/p>\n<p><strong>L&#8217;INTERVISTA A MIRCO DE BONA<\/strong><\/p>\n<audio class=\"wp-audio-shortcode\" id=\"audio-385882-9\" preload=\"none\" style=\"width: 100%;\" controls=\"controls\"><source type=\"audio\/mpeg\" src=\"https:\/\/www.radiopiu.net\/wordpress\/wp-content\/uploads\/2024\/04\/mirco-de-bona-aprile.mp3?_=9\" \/><a href=\"https:\/\/www.radiopiu.net\/wordpress\/wp-content\/uploads\/2024\/04\/mirco-de-bona-aprile.mp3\">https:\/\/www.radiopiu.net\/wordpress\/wp-content\/uploads\/2024\/04\/mirco-de-bona-aprile.mp3<\/a><\/audio>\n<p>&nbsp;<\/p>\n\n\t\t\t<style type='text\/css'>\n\t\t\t\t#gallery-7 {\n\t\t\t\t\tmargin: auto;\n\t\t\t\t}\n\t\t\t\t#gallery-7 .gallery-item {\n\t\t\t\t\tfloat: left;\n\t\t\t\t\tmargin-top: 10px;\n\t\t\t\t\ttext-align: center;\n\t\t\t\t\twidth: 25%;\n\t\t\t\t}\n\t\t\t\t#gallery-7 img {\n\t\t\t\t\tborder: 2px solid #cfcfcf;\n\t\t\t\t}\n\t\t\t\t#gallery-7 .gallery-caption {\n\t\t\t\t\tmargin-left: 0;\n\t\t\t\t}\n\t\t\t\t\/* see gallery_shortcode() in wp-includes\/media.php *\/\n\t\t\t<\/style>\n\t\t<div id='gallery-7' class='dt-gallery-container gallery galleryid-385882 gallery-columns-4 gallery-size-thumbnail'><dl class='gallery-item'>\n\t\t\t\t<dt class='gallery-icon landscape'>\n\t\t\t\t\t<a class=\"rollover rollover-zoom dt-pswp-item\" title=\"434646767_928155109311500_551099170992330159_n\" data-dt-img-description=\"\" data-large_image_width=\"2048\" data-large_image_height=\"2048\"href='https:\/\/www.radiopiu.net\/wordpress\/wp-content\/uploads\/2024\/04\/434646767_928155109311500_551099170992330159_n.jpg'><img loading=\"lazy\" decoding=\"async\" width=\"150\" height=\"150\" src=\"https:\/\/www.radiopiu.net\/wordpress\/wp-content\/uploads\/2024\/04\/434646767_928155109311500_551099170992330159_n-150x150.jpg\" class=\"attachment-thumbnail size-thumbnail\" alt=\"\" srcset=\"https:\/\/www.radiopiu.net\/wordpress\/wp-content\/uploads\/2024\/04\/434646767_928155109311500_551099170992330159_n-150x150.jpg 150w, https:\/\/www.radiopiu.net\/wordpress\/wp-content\/uploads\/2024\/04\/434646767_928155109311500_551099170992330159_n-300x300.jpg 300w, https:\/\/www.radiopiu.net\/wordpress\/wp-content\/uploads\/2024\/04\/434646767_928155109311500_551099170992330159_n-1024x1024.jpg 1024w, https:\/\/www.radiopiu.net\/wordpress\/wp-content\/uploads\/2024\/04\/434646767_928155109311500_551099170992330159_n-768x768.jpg 768w, https:\/\/www.radiopiu.net\/wordpress\/wp-content\/uploads\/2024\/04\/434646767_928155109311500_551099170992330159_n-1536x1536.jpg 1536w, https:\/\/www.radiopiu.net\/wordpress\/wp-content\/uploads\/2024\/04\/434646767_928155109311500_551099170992330159_n.jpg 2048w\" sizes=\"auto, (max-width: 150px) 100vw, 150px\" \/><\/a>\n\t\t\t\t<\/dt><\/dl><dl class='gallery-item'>\n\t\t\t\t<dt class='gallery-icon landscape'>\n\t\t\t\t\t<a class=\"rollover rollover-zoom dt-pswp-item\" title=\"434605685_928155115978166_659216115900202562_n\" data-dt-img-description=\"\" data-large_image_width=\"2048\" data-large_image_height=\"2048\"href='https:\/\/www.radiopiu.net\/wordpress\/wp-content\/uploads\/2024\/04\/434605685_928155115978166_659216115900202562_n.jpg'><img loading=\"lazy\" decoding=\"async\" width=\"150\" height=\"150\" src=\"https:\/\/www.radiopiu.net\/wordpress\/wp-content\/uploads\/2024\/04\/434605685_928155115978166_659216115900202562_n-150x150.jpg\" class=\"attachment-thumbnail size-thumbnail\" alt=\"\" srcset=\"https:\/\/www.radiopiu.net\/wordpress\/wp-content\/uploads\/2024\/04\/434605685_928155115978166_659216115900202562_n-150x150.jpg 150w, https:\/\/www.radiopiu.net\/wordpress\/wp-content\/uploads\/2024\/04\/434605685_928155115978166_659216115900202562_n-300x300.jpg 300w, https:\/\/www.radiopiu.net\/wordpress\/wp-content\/uploads\/2024\/04\/434605685_928155115978166_659216115900202562_n-1024x1024.jpg 1024w, https:\/\/www.radiopiu.net\/wordpress\/wp-content\/uploads\/2024\/04\/434605685_928155115978166_659216115900202562_n-768x768.jpg 768w, https:\/\/www.radiopiu.net\/wordpress\/wp-content\/uploads\/2024\/04\/434605685_928155115978166_659216115900202562_n-1536x1536.jpg 1536w, https:\/\/www.radiopiu.net\/wordpress\/wp-content\/uploads\/2024\/04\/434605685_928155115978166_659216115900202562_n.jpg 2048w\" sizes=\"auto, (max-width: 150px) 100vw, 150px\" \/><\/a>\n\t\t\t\t<\/dt><\/dl><dl class='gallery-item'>\n\t\t\t\t<dt class='gallery-icon landscape'>\n\t\t\t\t\t<a class=\"rollover rollover-zoom dt-pswp-item\" title=\"420545694_928155112644833_7720655077078253254_n\" data-dt-img-description=\"\" data-large_image_width=\"2048\" data-large_image_height=\"2048\"href='https:\/\/www.radiopiu.net\/wordpress\/wp-content\/uploads\/2024\/04\/420545694_928155112644833_7720655077078253254_n.jpg'><img loading=\"lazy\" decoding=\"async\" width=\"150\" height=\"150\" src=\"https:\/\/www.radiopiu.net\/wordpress\/wp-content\/uploads\/2024\/04\/420545694_928155112644833_7720655077078253254_n-150x150.jpg\" class=\"attachment-thumbnail size-thumbnail\" alt=\"\" srcset=\"https:\/\/www.radiopiu.net\/wordpress\/wp-content\/uploads\/2024\/04\/420545694_928155112644833_7720655077078253254_n-150x150.jpg 150w, https:\/\/www.radiopiu.net\/wordpress\/wp-content\/uploads\/2024\/04\/420545694_928155112644833_7720655077078253254_n-300x300.jpg 300w, https:\/\/www.radiopiu.net\/wordpress\/wp-content\/uploads\/2024\/04\/420545694_928155112644833_7720655077078253254_n-1024x1024.jpg 1024w, https:\/\/www.radiopiu.net\/wordpress\/wp-content\/uploads\/2024\/04\/420545694_928155112644833_7720655077078253254_n-768x768.jpg 768w, https:\/\/www.radiopiu.net\/wordpress\/wp-content\/uploads\/2024\/04\/420545694_928155112644833_7720655077078253254_n-1536x1536.jpg 1536w, https:\/\/www.radiopiu.net\/wordpress\/wp-content\/uploads\/2024\/04\/420545694_928155112644833_7720655077078253254_n.jpg 2048w\" sizes=\"auto, (max-width: 150px) 100vw, 150px\" \/><\/a>\n\t\t\t\t<\/dt><\/dl><dl class='gallery-item'>\n\t\t\t\t<dt class='gallery-icon landscape'>\n\t\t\t\t\t<a class=\"rollover rollover-zoom dt-pswp-item\" title=\"417392199_928155209311490_685700360699864316_n\" data-dt-img-description=\"\" data-large_image_width=\"2048\" data-large_image_height=\"2048\"href='https:\/\/www.radiopiu.net\/wordpress\/wp-content\/uploads\/2024\/04\/417392199_928155209311490_685700360699864316_n.jpg'><img loading=\"lazy\" decoding=\"async\" width=\"150\" height=\"150\" src=\"https:\/\/www.radiopiu.net\/wordpress\/wp-content\/uploads\/2024\/04\/417392199_928155209311490_685700360699864316_n-150x150.jpg\" class=\"attachment-thumbnail size-thumbnail\" alt=\"\" srcset=\"https:\/\/www.radiopiu.net\/wordpress\/wp-content\/uploads\/2024\/04\/417392199_928155209311490_685700360699864316_n-150x150.jpg 150w, https:\/\/www.radiopiu.net\/wordpress\/wp-content\/uploads\/2024\/04\/417392199_928155209311490_685700360699864316_n-300x300.jpg 300w, https:\/\/www.radiopiu.net\/wordpress\/wp-content\/uploads\/2024\/04\/417392199_928155209311490_685700360699864316_n-1024x1024.jpg 1024w, https:\/\/www.radiopiu.net\/wordpress\/wp-content\/uploads\/2024\/04\/417392199_928155209311490_685700360699864316_n-768x768.jpg 768w, https:\/\/www.radiopiu.net\/wordpress\/wp-content\/uploads\/2024\/04\/417392199_928155209311490_685700360699864316_n-1536x1536.jpg 1536w, https:\/\/www.radiopiu.net\/wordpress\/wp-content\/uploads\/2024\/04\/417392199_928155209311490_685700360699864316_n.jpg 2048w\" sizes=\"auto, (max-width: 150px) 100vw, 150px\" \/><\/a>\n\t\t\t\t<\/dt><\/dl><br style=\"clear: both\" \/>\n\t\t\t<\/div>\n\n<p>&nbsp;<\/p>\n<p>&nbsp;<\/p>\n<hr \/>\n<p>&nbsp;<\/p>\n<blockquote>\n<h3>IL SEMINARIO &#8220;CREATIVITA&#8217; PER LA LIBERTA'&#8221;<\/h3>\n<\/blockquote>\n<p><strong>BELLUNO<\/strong> Il 27 aprile presso il Centro di Solidariet\u00e0 di Belluno onlus si terr\u00e0 il primo seminario del progetto &#8220;Creativit\u00e0 per la libert\u00e0&#8221;, finanziato dal Dipartimento per Le Politiche Antidroga della Presidenza del Consiglio dei Ministri. Il progetto si focalizza sulla prevenzione e il contrasto delle dipendenze comportamentali e da sostanze nelle nuove generazioni. Il seminario &#8220;Corpo ed emozioni: strumenti per la relazione&#8221; introdurr\u00e0 ai laboratori di movimento espressivo per ragazzi coinvolti nei campi estivi 2024 organizzati da ODAR e APS Amici dei Disabili e dei Minori. Rivolto agli educatori\/animatori, il seminario offrir\u00e0 conoscenze sulle emozioni di base e competenze per una comunicazione efficace e relazioni aperte ed emotive. Tenuto dal dottor Andrea Genuin, psicologo clinico specializzato nella conduzione dei Bonding Group, il seminario includer\u00e0 anche esperienze pratiche.<\/p>\n<p>&nbsp;<\/p>\n<p>&nbsp;<\/p>\n<hr \/>\n<p>&nbsp;<\/p>\n<blockquote>\n<h3>LA RACCOLTA FONDI PER FIBROSI CISTICA<\/h3>\n<\/blockquote>\n<div data-block=\"true\" data-editor=\"avj4u\" data-offset-key=\"d3i0j-0-0\">\n<p><strong>BELLUNO<\/strong> Volontari in azione per la raccolta fondi Fibrosi Cistica, regalando dipladenie: 4 maggio Agordo e Parrocchie del Poi; 11 e 12 maggio Falcade e Caviola; 4 maggio Alpini Castion, Puos d&#8217;Alpago, Zoppe&#8217; di Cadore, Santo Stefano di Cadore, Belluno; 8 maggio Alpini Limana; Farra d&#8217;Alpago e Dosoledo, consegna porta a porta.<\/p>\n<div data-block=\"true\" data-editor=\"avj4u\" data-offset-key=\"d3i0j-0-0\"><\/div>\n<\/div>\n<div data-block=\"true\" data-editor=\"avj4u\" data-offset-key=\"d3i0j-0-0\"><\/div>\n<div data-block=\"true\" data-editor=\"avj4u\" data-offset-key=\"d3i0j-0-0\">\n<hr \/>\n<\/div>\n<div data-block=\"true\" data-editor=\"avj4u\" data-offset-key=\"d3i0j-0-0\"><\/div>\n<blockquote>\n<h3 data-block=\"true\" data-editor=\"avj4u\" data-offset-key=\"d3i0j-0-0\"><a class=\"dt-pswp-item\" href=\"https:\/\/www.radiopiu.net\/wordpress\/wp-content\/uploads\/2024\/04\/f7522d6e-3fa7-42d1-991b-0eca34f70748.jpg\" data-dt-img-description=\"\" data-large_image_width=\"1080\" data-large_image_height=\"1519\"><img loading=\"lazy\" decoding=\"async\" class=\" wp-image-385870 alignleft\" src=\"https:\/\/www.radiopiu.net\/wordpress\/wp-content\/uploads\/2024\/04\/f7522d6e-3fa7-42d1-991b-0eca34f70748-213x300.jpg\" alt=\"\" width=\"99\" height=\"139\" srcset=\"https:\/\/www.radiopiu.net\/wordpress\/wp-content\/uploads\/2024\/04\/f7522d6e-3fa7-42d1-991b-0eca34f70748-213x300.jpg 213w, https:\/\/www.radiopiu.net\/wordpress\/wp-content\/uploads\/2024\/04\/f7522d6e-3fa7-42d1-991b-0eca34f70748-728x1024.jpg 728w, https:\/\/www.radiopiu.net\/wordpress\/wp-content\/uploads\/2024\/04\/f7522d6e-3fa7-42d1-991b-0eca34f70748-768x1080.jpg 768w, https:\/\/www.radiopiu.net\/wordpress\/wp-content\/uploads\/2024\/04\/f7522d6e-3fa7-42d1-991b-0eca34f70748.jpg 1080w\" sizes=\"auto, (max-width: 99px) 100vw, 99px\" \/><\/a>LA FESTA DELLA LIBERAZIONE A SOSPIROLO<\/h3>\n<\/blockquote>\n<p data-block=\"true\" data-editor=\"avj4u\" data-offset-key=\"d3i0j-0-0\"><strong>SOSPIROLO<\/strong><\/p>\n<p data-block=\"true\" data-editor=\"avj4u\" data-offset-key=\"d3i0j-0-0\"><strong>DI ROBERTO BONA<\/strong><\/p>\n<audio class=\"wp-audio-shortcode\" id=\"audio-385882-10\" preload=\"none\" style=\"width: 100%;\" controls=\"controls\"><source type=\"audio\/mpeg\" src=\"https:\/\/www.radiopiu.net\/wordpress\/wp-content\/uploads\/2024\/04\/BONA-FESTA-LIBERAZIONE-SOSPIROLO.mp3?_=10\" \/><a href=\"https:\/\/www.radiopiu.net\/wordpress\/wp-content\/uploads\/2024\/04\/BONA-FESTA-LIBERAZIONE-SOSPIROLO.mp3\">https:\/\/www.radiopiu.net\/wordpress\/wp-content\/uploads\/2024\/04\/BONA-FESTA-LIBERAZIONE-SOSPIROLO.mp3<\/a><\/audio>\n<p>&nbsp;<\/p>\n<hr \/>\n<p>&nbsp;<\/p>\n<blockquote>\n<h3>UNIONE ITALIANA DEI CIECHI E IPOVEDENTI DI BELLUNO IN ASSEMBLEA<\/h3>\n<\/blockquote>\n<p><strong>BELLUNO<\/strong> Sabato alle 14:30, si terr\u00e0 l&#8217;Assemblea ordinaria dei soci dell\u2019Unione Italiana dei Ciechi e degli Ipovedenti ETS APS di Belluno nella Sala Luciani del Centro Congressi Giovanni XXIII. Saranno discussi e approvati la relazione morale e il bilancio consuntivo del 2023, il budget e la relazione programmatica del 2024. Inoltre, si proceder\u00e0 con l&#8217;elezione del membro del Consiglio Regionale UICI del Veneto per la sezione territoriale UICI di Belluno.<\/p>\n<p>&nbsp;<\/p>\n<p>&nbsp;<\/p>\n<hr \/>\n<p>&nbsp;<\/p>\n<blockquote>\n<h3>L&#8217;ASSEMBLEA DEL GAV<\/h3>\n<\/blockquote>\n<p><strong>AGORDO<\/strong> Il GAV, Gruppo Assistenza Volontaria, ha indetto un&#8217;assemblea per domenica 28 aprile alle 11 al Centro Parrocchiale Don Vincenzo Savio di Agordo. Sette i punti da discutere tra cui la relazione delle attivit\u00e0 svolte nel 2023, l&#8217;approvazione del bilancio consuntivo 2024 e la presentazione delle attivit\u00e0 previste nel 2024.<\/p>\n<p>&nbsp;<\/p>\n<hr \/>\n<p>&nbsp;<\/p>\n<blockquote>\n<h3>GLI ALPINI DI FALCADE OSPITANO LUCIA DALMASSO<\/h3>\n<\/blockquote>\n<p><strong>FALCADE<\/strong> Il gruppo Alpini di Falcade ha organizzato un incontro con Lucia Dalmasso, la snowboarder di Falcade che ha appena finito la stagione in Coppa del Mondo. Un momento per incontrare la falcadina e per scambiare qualche chiacchera con Lucia. Appuntamento in sede degli Alpini di Falcade domenica alle 17:30.<\/p>\n<p>&nbsp;<\/p>\n<p>&nbsp;<\/p>\n<hr \/>\n<p>&nbsp;<\/p>\n<blockquote>\n<h3>LE ERBE AROMATICHE DI AISM<\/h3>\n<\/blockquote>\n<p>Con una donazione di 12 Euro sar\u00e0 possibile ottenere un kit con un mix di 2 piante aromatiche. Una parte del ricavato andr\u00e0 a sostegno delle attivit\u00e0 che la Sezione organizza sul territorio della Provincia a favore delle persone affette da sclerosi multipla. Per maggiori informazioni 0437 98168<\/p>\n<p>&nbsp;<\/p>\n<hr \/>\n<p>&nbsp;<\/p>\n<blockquote>\n<h3><strong>Disponibili online le certificazioni esenzioni per reddito dal 9 aprile 2024<\/strong><\/h3>\n<\/blockquote>\n<p><strong>BELLUNO<\/strong> L&#8217;Azienda ULSS 1 Dolomiti informa che le certificazioni delle esenzioni per reddito saranno accessibili dal 9 aprile 2024 sul portale <a href=\"https:\/\/salute.regione.veneto.it\/\" target=\"_new\" rel=\"noopener\">salute.regione.veneto.it<\/a>.<\/p>\n<a href=\"https:\/\/www.radiopiu.net\/wordpress\/wp-content\/uploads\/2024\/04\/Locandina_certificati-di-esenzione-2024.pdf\" class=\"pdfemb-viewer\" style=\"\" data-width=\"max\" data-height=\"max\" data-toolbar=\"top\" data-toolbar-fixed=\"on\">Locandina_certificati di esenzione 2024<\/a>\n<p>&nbsp;<\/p>\n<p>&nbsp;<\/p>\n<hr \/>\n<p>&nbsp;<\/p>\n<blockquote>\n<h3>A LAMON LA BENEDIZIONE DEL TRATTORE<\/h3>\n<\/blockquote>\n<p><a class=\"dt-pswp-item\" href=\"https:\/\/www.radiopiu.net\/wordpress\/wp-content\/uploads\/2024\/04\/IMG_20240316_103953.jpg\" data-dt-img-description=\"Oplus_131072\" data-large_image_width=\"1071\" data-large_image_height=\"726\"><img loading=\"lazy\" decoding=\"async\" class=\"alignleft wp-image-385813 \" src=\"https:\/\/www.radiopiu.net\/wordpress\/wp-content\/uploads\/2024\/04\/IMG_20240316_103953-300x203.jpg\" alt=\"\" width=\"191\" height=\"129\" srcset=\"https:\/\/www.radiopiu.net\/wordpress\/wp-content\/uploads\/2024\/04\/IMG_20240316_103953-300x203.jpg 300w, https:\/\/www.radiopiu.net\/wordpress\/wp-content\/uploads\/2024\/04\/IMG_20240316_103953-1024x694.jpg 1024w, https:\/\/www.radiopiu.net\/wordpress\/wp-content\/uploads\/2024\/04\/IMG_20240316_103953-768x521.jpg 768w, https:\/\/www.radiopiu.net\/wordpress\/wp-content\/uploads\/2024\/04\/IMG_20240316_103953.jpg 1071w\" sizes=\"auto, (max-width: 191px) 100vw, 191px\" \/><\/a><strong>LAMON\u00a0<\/strong>Domenica 21 aprile, l&#8217;associazione Pro Loco Lamon, insieme alla Parrocchia di Lamon e con il patrocinio del Comune di Lamon, organizza la &#8220;Benedizione del Trattore e della Macchina Agricola&#8221;. Il programma prevede il ritrovo dei mezzi alle 10:00 presso il piazzale in Via Ferd, seguito dalla partenza della sfilata lungo le vie del paese alle 10:30. Alle 11:30 avr\u00e0 luogo la benedizione dei trattori e delle macchine agricole lungo Viale Duomo e in Piazza III Novembre. Dalle 12:30 sar\u00e0 aperto uno stand gastronomico con lo speciale piatto del giorno: lo spiedo con contorni, nei capannoni di Via Ferd. A partire dalle 14:30, ci sar\u00e0 musica dal vivo con &#8220;I Tirataie&#8221;. Ogni autista di trattore o macchina agricola che parteciper\u00e0 alla sfilata ricever\u00e0 un ricordo della manifestazione.<\/p>\n<p>&nbsp;<\/p>\n<p>&nbsp;<\/p>\n<hr \/>\n<p>&nbsp;<\/p>\n<h2><span style=\"color: #ff6600;\">IERI ALLA RADIO\u00a0<\/span><\/h2>\n<h2><span style=\"color: #008080;\">&#8220;DINTORN E FORA VIA&#8221;\u00a0 IL PROGRAMMA\u00a0 A CURA DEL MUSLA<\/span><\/h2>\n<p><strong><a class=\"dt-pswp-item\" href=\"https:\/\/www.radiopiu.net\/wordpress\/wp-content\/uploads\/2024\/03\/GIORNALE.jpg\" data-dt-img-description=\"\" data-large_image_width=\"1280\" data-large_image_height=\"853\"><img loading=\"lazy\" decoding=\"async\" class=\" wp-image-378880 alignleft\" src=\"https:\/\/www.radiopiu.net\/wordpress\/wp-content\/uploads\/2024\/03\/GIORNALE-300x200.jpg\" alt=\"\" width=\"143\" height=\"95\" srcset=\"https:\/\/www.radiopiu.net\/wordpress\/wp-content\/uploads\/2024\/03\/GIORNALE-300x200.jpg 300w, https:\/\/www.radiopiu.net\/wordpress\/wp-content\/uploads\/2024\/03\/GIORNALE-1024x682.jpg 1024w, https:\/\/www.radiopiu.net\/wordpress\/wp-content\/uploads\/2024\/03\/GIORNALE-768x512.jpg 768w, https:\/\/www.radiopiu.net\/wordpress\/wp-content\/uploads\/2024\/03\/GIORNALE.jpg 1280w\" sizes=\"auto, (max-width: 143px) 100vw, 143px\" \/><\/a>PUNTATA DEL 16 APRILE MARTINO DAL MAS<\/strong><\/p>\n<audio class=\"wp-audio-shortcode\" id=\"audio-385882-11\" preload=\"none\" style=\"width: 100%;\" controls=\"controls\"><source type=\"audio\/mpeg\" src=\"https:\/\/www.radiopiu.net\/wordpress\/wp-content\/uploads\/2024\/04\/MUSLA-7.mp3?_=11\" \/><a href=\"https:\/\/www.radiopiu.net\/wordpress\/wp-content\/uploads\/2024\/04\/MUSLA-7.mp3\">https:\/\/www.radiopiu.net\/wordpress\/wp-content\/uploads\/2024\/04\/MUSLA-7.mp3<\/a><\/audio>\n<p>&nbsp;<\/p>\n<h2>LA RACCOLTA COMPLETA <a href=\"https:\/\/www.radiopiu.net\/wordpress\/musla\/\"><span style=\"color: #0000ff;\">CLICCA QUI<\/span><\/a><\/h2>\n<p>&nbsp;<\/p>\n<hr \/>\n<p>&nbsp;<\/p>\n<h2><span style=\"color: #ff0000;\">EL DARLIN, RIASCOLTIAMOLI<\/span><\/h2>\n<p><span style=\"color: #ff0000;\"><strong>PUNTATA 12 ROSA PELLEGRINI<\/strong><\/span><\/p>\n\n\t\t\t<style type='text\/css'>\n\t\t\t\t#gallery-8 {\n\t\t\t\t\tmargin: auto;\n\t\t\t\t}\n\t\t\t\t#gallery-8 .gallery-item {\n\t\t\t\t\tfloat: left;\n\t\t\t\t\tmargin-top: 10px;\n\t\t\t\t\ttext-align: center;\n\t\t\t\t\twidth: 100%;\n\t\t\t\t}\n\t\t\t\t#gallery-8 img {\n\t\t\t\t\tborder: 2px solid #cfcfcf;\n\t\t\t\t}\n\t\t\t\t#gallery-8 .gallery-caption {\n\t\t\t\t\tmargin-left: 0;\n\t\t\t\t}\n\t\t\t\t\/* see gallery_shortcode() in wp-includes\/media.php *\/\n\t\t\t<\/style>\n\t\t<div id='gallery-8' class='dt-gallery-container gallery galleryid-385882 gallery-columns-1 gallery-size-medium'><dl class='gallery-item'>\n\t\t\t\t<dt class='gallery-icon landscape'>\n\t\t\t\t\t<a class=\"rollover\" href='https:\/\/www.radiopiu.net\/wordpress\/da-18\/437135751_10219463881547414_7047304167204714049_n\/'><img loading=\"lazy\" decoding=\"async\" width=\"300\" height=\"173\" src=\"https:\/\/www.radiopiu.net\/wordpress\/wp-content\/uploads\/2024\/04\/437135751_10219463881547414_7047304167204714049_n-300x173.jpg\" class=\"attachment-medium size-medium\" alt=\"\" srcset=\"https:\/\/www.radiopiu.net\/wordpress\/wp-content\/uploads\/2024\/04\/437135751_10219463881547414_7047304167204714049_n-300x173.jpg 300w, https:\/\/www.radiopiu.net\/wordpress\/wp-content\/uploads\/2024\/04\/437135751_10219463881547414_7047304167204714049_n-1024x591.jpg 1024w, https:\/\/www.radiopiu.net\/wordpress\/wp-content\/uploads\/2024\/04\/437135751_10219463881547414_7047304167204714049_n-768x443.jpg 768w, https:\/\/www.radiopiu.net\/wordpress\/wp-content\/uploads\/2024\/04\/437135751_10219463881547414_7047304167204714049_n.jpg 1080w\" sizes=\"auto, (max-width: 300px) 100vw, 300px\" \/><\/a>\n\t\t\t\t<\/dt><\/dl><br style=\"clear: both\" \/>\n\t\t\t<\/div>\n\n<p>&nbsp;<\/p>\n<p><strong>PRIMA PARTE<\/strong><\/p>\n<audio class=\"wp-audio-shortcode\" id=\"audio-385882-12\" preload=\"none\" style=\"width: 100%;\" controls=\"controls\"><source type=\"audio\/mpeg\" src=\"https:\/\/www.radiopiu.net\/wordpress\/wp-content\/uploads\/2024\/04\/DA1-3.mp3?_=12\" \/><a href=\"https:\/\/www.radiopiu.net\/wordpress\/wp-content\/uploads\/2024\/04\/DA1-3.mp3\">https:\/\/www.radiopiu.net\/wordpress\/wp-content\/uploads\/2024\/04\/DA1-3.mp3<\/a><\/audio>\n<p>&nbsp;<\/p>\n<p><strong>SECONDA PARTE<\/strong><\/p>\n<audio class=\"wp-audio-shortcode\" id=\"audio-385882-13\" preload=\"none\" style=\"width: 100%;\" controls=\"controls\"><source type=\"audio\/mpeg\" src=\"https:\/\/www.radiopiu.net\/wordpress\/wp-content\/uploads\/2024\/04\/DA2-3.mp3?_=13\" \/><a href=\"https:\/\/www.radiopiu.net\/wordpress\/wp-content\/uploads\/2024\/04\/DA2-3.mp3\">https:\/\/www.radiopiu.net\/wordpress\/wp-content\/uploads\/2024\/04\/DA2-3.mp3<\/a><\/audio>\n<p>&nbsp;<\/p>\n<p><strong>TERZA PARTE<\/strong><\/p>\n<audio class=\"wp-audio-shortcode\" id=\"audio-385882-14\" preload=\"none\" style=\"width: 100%;\" controls=\"controls\"><source type=\"audio\/mpeg\" src=\"https:\/\/www.radiopiu.net\/wordpress\/wp-content\/uploads\/2024\/04\/DA3-3.mp3?_=14\" \/><a href=\"https:\/\/www.radiopiu.net\/wordpress\/wp-content\/uploads\/2024\/04\/DA3-3.mp3\">https:\/\/www.radiopiu.net\/wordpress\/wp-content\/uploads\/2024\/04\/DA3-3.mp3<\/a><\/audio>\n<p>&nbsp;<\/p>\n<h2>LA RACCOLTA COMPLETA <a href=\"https:\/\/www.radiopiu.net\/wordpress\/da-daa12\/\"><span style=\"color: #0000ff;\">CLICCA QUI<\/span><\/a><\/h2>\n<p>&nbsp;<\/p>\n<p>&nbsp;<\/p>\n<hr \/>\n<p>&nbsp;<\/p>\n<h2><span style=\"color: #800080;\">DAL BRASILE PER RISCOPRIRE LE PROPRIE RADICI<\/span><\/h2>\n<p><strong><a class=\"dt-pswp-item\" href=\"https:\/\/www.radiopiu.net\/wordpress\/wp-content\/uploads\/2024\/04\/SCR-20240414-obfr.jpeg\" data-dt-img-description=\"\" data-large_image_width=\"1102\" data-large_image_height=\"822\"><img loading=\"lazy\" decoding=\"async\" class=\" wp-image-385644 alignleft\" src=\"https:\/\/www.radiopiu.net\/wordpress\/wp-content\/uploads\/2024\/04\/SCR-20240414-obfr-300x224.jpeg\" alt=\"\" width=\"151\" height=\"113\" srcset=\"https:\/\/www.radiopiu.net\/wordpress\/wp-content\/uploads\/2024\/04\/SCR-20240414-obfr-300x224.jpeg 300w, https:\/\/www.radiopiu.net\/wordpress\/wp-content\/uploads\/2024\/04\/SCR-20240414-obfr-1024x764.jpeg 1024w, https:\/\/www.radiopiu.net\/wordpress\/wp-content\/uploads\/2024\/04\/SCR-20240414-obfr-768x573.jpeg 768w, https:\/\/www.radiopiu.net\/wordpress\/wp-content\/uploads\/2024\/04\/SCR-20240414-obfr.jpeg 1102w\" sizes=\"auto, (max-width: 151px) 100vw, 151px\" \/><\/a>DI MIRKO MEZZACASA<\/strong><\/p>\n<p>OSPITI: Gabriele Riva, Michela Dell&#8217;Osbel e gli amici brasiliani sul sentiero delle loro radici<\/p>\n<audio class=\"wp-audio-shortcode\" id=\"audio-385882-15\" preload=\"none\" style=\"width: 100%;\" controls=\"controls\"><source type=\"audio\/mpeg\" src=\"https:\/\/www.radiopiu.net\/wordpress\/wp-content\/uploads\/2024\/04\/brasiliani-in-italia-gabriele-e-michela.mp3?_=15\" \/><a href=\"https:\/\/www.radiopiu.net\/wordpress\/wp-content\/uploads\/2024\/04\/brasiliani-in-italia-gabriele-e-michela.mp3\">https:\/\/www.radiopiu.net\/wordpress\/wp-content\/uploads\/2024\/04\/brasiliani-in-italia-gabriele-e-michela.mp3<\/a><\/audio>\n<p>&nbsp;<\/p>\n<hr \/>\n<p>&nbsp;<\/p>\n<blockquote>\n<h2>in vallata:<\/h2>\n<\/blockquote>\n\n\t\t\t<style type='text\/css'>\n\t\t\t\t#gallery-9 {\n\t\t\t\t\tmargin: auto;\n\t\t\t\t}\n\t\t\t\t#gallery-9 .gallery-item {\n\t\t\t\t\tfloat: left;\n\t\t\t\t\tmargin-top: 10px;\n\t\t\t\t\ttext-align: center;\n\t\t\t\t\twidth: 20%;\n\t\t\t\t}\n\t\t\t\t#gallery-9 img {\n\t\t\t\t\tborder: 2px solid #cfcfcf;\n\t\t\t\t}\n\t\t\t\t#gallery-9 .gallery-caption {\n\t\t\t\t\tmargin-left: 0;\n\t\t\t\t}\n\t\t\t\t\/* see gallery_shortcode() in wp-includes\/media.php *\/\n\t\t\t<\/style>\n\t\t<div id='gallery-9' class='dt-gallery-container gallery galleryid-385882 gallery-columns-5 gallery-size-medium'><dl class='gallery-item'>\n\t\t\t\t<dt class='gallery-icon portrait'>\n\t\t\t\t\t<a class=\"rollover rollover-zoom dt-pswp-item\" title=\"44acb3a3-e80a-42eb-a834-cb187a9ef8ea\" data-dt-img-description=\"\" data-large_image_width=\"1132\" data-large_image_height=\"1600\"href='https:\/\/www.radiopiu.net\/wordpress\/wp-content\/uploads\/2024\/03\/44acb3a3-e80a-42eb-a834-cb187a9ef8ea.jpg'><img loading=\"lazy\" decoding=\"async\" width=\"212\" height=\"300\" src=\"https:\/\/www.radiopiu.net\/wordpress\/wp-content\/uploads\/2024\/03\/44acb3a3-e80a-42eb-a834-cb187a9ef8ea-212x300.jpg\" class=\"attachment-medium size-medium\" alt=\"\" srcset=\"https:\/\/www.radiopiu.net\/wordpress\/wp-content\/uploads\/2024\/03\/44acb3a3-e80a-42eb-a834-cb187a9ef8ea-212x300.jpg 212w, https:\/\/www.radiopiu.net\/wordpress\/wp-content\/uploads\/2024\/03\/44acb3a3-e80a-42eb-a834-cb187a9ef8ea-724x1024.jpg 724w, https:\/\/www.radiopiu.net\/wordpress\/wp-content\/uploads\/2024\/03\/44acb3a3-e80a-42eb-a834-cb187a9ef8ea-768x1086.jpg 768w, https:\/\/www.radiopiu.net\/wordpress\/wp-content\/uploads\/2024\/03\/44acb3a3-e80a-42eb-a834-cb187a9ef8ea-1087x1536.jpg 1087w, https:\/\/www.radiopiu.net\/wordpress\/wp-content\/uploads\/2024\/03\/44acb3a3-e80a-42eb-a834-cb187a9ef8ea.jpg 1132w\" sizes=\"auto, (max-width: 212px) 100vw, 212px\" \/><\/a>\n\t\t\t\t<\/dt><\/dl><dl class='gallery-item'>\n\t\t\t\t<dt class='gallery-icon portrait'>\n\t\t\t\t\t<a class=\"rollover rollover-zoom dt-pswp-item\" title=\"d02fe35d-334c-4039-81d3-508c3e863bed\" data-dt-img-description=\"\" data-large_image_width=\"1136\" data-large_image_height=\"1600\"href='https:\/\/www.radiopiu.net\/wordpress\/wp-content\/uploads\/2024\/04\/d02fe35d-334c-4039-81d3-508c3e863bed.jpg'><img loading=\"lazy\" decoding=\"async\" width=\"213\" height=\"300\" src=\"https:\/\/www.radiopiu.net\/wordpress\/wp-content\/uploads\/2024\/04\/d02fe35d-334c-4039-81d3-508c3e863bed-213x300.jpg\" class=\"attachment-medium size-medium\" alt=\"\" srcset=\"https:\/\/www.radiopiu.net\/wordpress\/wp-content\/uploads\/2024\/04\/d02fe35d-334c-4039-81d3-508c3e863bed-213x300.jpg 213w, https:\/\/www.radiopiu.net\/wordpress\/wp-content\/uploads\/2024\/04\/d02fe35d-334c-4039-81d3-508c3e863bed-727x1024.jpg 727w, https:\/\/www.radiopiu.net\/wordpress\/wp-content\/uploads\/2024\/04\/d02fe35d-334c-4039-81d3-508c3e863bed-768x1082.jpg 768w, https:\/\/www.radiopiu.net\/wordpress\/wp-content\/uploads\/2024\/04\/d02fe35d-334c-4039-81d3-508c3e863bed-1091x1536.jpg 1091w, https:\/\/www.radiopiu.net\/wordpress\/wp-content\/uploads\/2024\/04\/d02fe35d-334c-4039-81d3-508c3e863bed.jpg 1136w\" sizes=\"auto, (max-width: 213px) 100vw, 213px\" \/><\/a>\n\t\t\t\t<\/dt><\/dl><dl class='gallery-item'>\n\t\t\t\t<dt class='gallery-icon portrait'>\n\t\t\t\t\t<a class=\"rollover rollover-zoom dt-pswp-item\" title=\"2d3e911f-f1e3-4e55-aba3-20c37bc8ebf1\" data-dt-img-description=\"\" data-large_image_width=\"707\" data-large_image_height=\"1000\"href='https:\/\/www.radiopiu.net\/wordpress\/wp-content\/uploads\/2024\/04\/2d3e911f-f1e3-4e55-aba3-20c37bc8ebf1.jpg'><img loading=\"lazy\" decoding=\"async\" width=\"212\" height=\"300\" src=\"https:\/\/www.radiopiu.net\/wordpress\/wp-content\/uploads\/2024\/04\/2d3e911f-f1e3-4e55-aba3-20c37bc8ebf1-212x300.jpg\" class=\"attachment-medium size-medium\" alt=\"\" aria-describedby=\"gallery-9-385133\" srcset=\"https:\/\/www.radiopiu.net\/wordpress\/wp-content\/uploads\/2024\/04\/2d3e911f-f1e3-4e55-aba3-20c37bc8ebf1-212x300.jpg 212w, https:\/\/www.radiopiu.net\/wordpress\/wp-content\/uploads\/2024\/04\/2d3e911f-f1e3-4e55-aba3-20c37bc8ebf1.jpg 707w\" sizes=\"auto, (max-width: 212px) 100vw, 212px\" \/><\/a>\n\t\t\t\t<\/dt>\n\t\t\t\t\t<dd class='wp-caption-text gallery-caption' id='gallery-9-385133'>\n\t\t\t\t\tIN FESTA CON L&#8217;ALLEGHE HOCKEY, DOMANI SABATO\n\t\t\t\t\t<\/dd><\/dl><dl class='gallery-item'>\n\t\t\t\t<dt class='gallery-icon portrait'>\n\t\t\t\t\t<a class=\"rollover rollover-zoom dt-pswp-item\" title=\"f16954ef-71e0-49e2-a9d2-1b5d293d2e59\" data-dt-img-description=\"\" data-large_image_width=\"1131\" data-large_image_height=\"1600\"href='https:\/\/www.radiopiu.net\/wordpress\/wp-content\/uploads\/2024\/04\/f16954ef-71e0-49e2-a9d2-1b5d293d2e59.jpg'><img loading=\"lazy\" decoding=\"async\" width=\"212\" height=\"300\" src=\"https:\/\/www.radiopiu.net\/wordpress\/wp-content\/uploads\/2024\/04\/f16954ef-71e0-49e2-a9d2-1b5d293d2e59-212x300.jpg\" class=\"attachment-medium size-medium\" alt=\"\" aria-describedby=\"gallery-9-385174\" srcset=\"https:\/\/www.radiopiu.net\/wordpress\/wp-content\/uploads\/2024\/04\/f16954ef-71e0-49e2-a9d2-1b5d293d2e59-212x300.jpg 212w, https:\/\/www.radiopiu.net\/wordpress\/wp-content\/uploads\/2024\/04\/f16954ef-71e0-49e2-a9d2-1b5d293d2e59-724x1024.jpg 724w, https:\/\/www.radiopiu.net\/wordpress\/wp-content\/uploads\/2024\/04\/f16954ef-71e0-49e2-a9d2-1b5d293d2e59-768x1086.jpg 768w, https:\/\/www.radiopiu.net\/wordpress\/wp-content\/uploads\/2024\/04\/f16954ef-71e0-49e2-a9d2-1b5d293d2e59-1086x1536.jpg 1086w, https:\/\/www.radiopiu.net\/wordpress\/wp-content\/uploads\/2024\/04\/f16954ef-71e0-49e2-a9d2-1b5d293d2e59.jpg 1131w\" sizes=\"auto, (max-width: 212px) 100vw, 212px\" \/><\/a>\n\t\t\t\t<\/dt>\n\t\t\t\t\t<dd class='wp-caption-text gallery-caption' id='gallery-9-385174'>\n\t\t\t\t\tDAL 27 APRILE LA MOSTRA DEGLI ALUNNI DI LAURA BALLIS\n\t\t\t\t\t<\/dd><\/dl><dl class='gallery-item'>\n\t\t\t\t<dt class='gallery-icon portrait'>\n\t\t\t\t\t<a class=\"rollover rollover-zoom dt-pswp-item\" title=\"0d5c9989-0f37-497b-8d4d-bde2a473da75\" data-dt-img-description=\"\" data-large_image_width=\"875\" data-large_image_height=\"1241\"href='https:\/\/www.radiopiu.net\/wordpress\/wp-content\/uploads\/2024\/04\/0d5c9989-0f37-497b-8d4d-bde2a473da75.jpg'><img loading=\"lazy\" decoding=\"async\" width=\"212\" height=\"300\" src=\"https:\/\/www.radiopiu.net\/wordpress\/wp-content\/uploads\/2024\/04\/0d5c9989-0f37-497b-8d4d-bde2a473da75-212x300.jpg\" class=\"attachment-medium size-medium\" alt=\"\" srcset=\"https:\/\/www.radiopiu.net\/wordpress\/wp-content\/uploads\/2024\/04\/0d5c9989-0f37-497b-8d4d-bde2a473da75-212x300.jpg 212w, https:\/\/www.radiopiu.net\/wordpress\/wp-content\/uploads\/2024\/04\/0d5c9989-0f37-497b-8d4d-bde2a473da75-722x1024.jpg 722w, https:\/\/www.radiopiu.net\/wordpress\/wp-content\/uploads\/2024\/04\/0d5c9989-0f37-497b-8d4d-bde2a473da75-768x1089.jpg 768w, https:\/\/www.radiopiu.net\/wordpress\/wp-content\/uploads\/2024\/04\/0d5c9989-0f37-497b-8d4d-bde2a473da75.jpg 875w\" sizes=\"auto, (max-width: 212px) 100vw, 212px\" \/><\/a>\n\t\t\t\t<\/dt><\/dl><br style=\"clear: both\" \/>\n\t\t\t<\/div>\n\n<p>&nbsp;<\/p>\n<p>&nbsp;<\/p>\n<hr \/>\n<p>&nbsp;<\/p>\n<h2><span style=\"color: #ff0000;\"><a class=\"dt-pswp-item\" href=\"https:\/\/www.radiopiu.net\/wordpress\/wp-content\/uploads\/2018\/09\/appuntamenti.jpeg\" data-dt-img-description=\"\" data-large_image_width=\"800\" data-large_image_height=\"100\"><img loading=\"lazy\" decoding=\"async\" class=\"wp-image-61958 size-full aligncenter\" src=\"https:\/\/www.radiopiu.net\/wordpress\/wp-content\/uploads\/2018\/09\/appuntamenti.jpeg\" alt=\"\" width=\"800\" height=\"100\" srcset=\"https:\/\/www.radiopiu.net\/wordpress\/wp-content\/uploads\/2018\/09\/appuntamenti.jpeg 800w, https:\/\/www.radiopiu.net\/wordpress\/wp-content\/uploads\/2018\/09\/appuntamenti-300x38.jpeg 300w, https:\/\/www.radiopiu.net\/wordpress\/wp-content\/uploads\/2018\/09\/appuntamenti-768x96.jpeg 768w\" sizes=\"auto, (max-width: 800px) 100vw, 800px\" \/><\/a><\/span><\/h2>\n<div>\n<div class=\"\" dir=\"auto\">\n<div id=\":r9h:\" class=\"x1iorvi4 x1pi30zi x1l90r2v x1swvt13\" data-ad-comet-preview=\"message\" data-ad-preview=\"message\">\n<div class=\"x78zum5 xdt5ytf xz62fqu x16ldp7u\">\n<div class=\"xu06os2 x1ok221b\">\n<p>&nbsp;<\/p>\n<h3><a class=\"dt-pswp-item\" href=\"https:\/\/www.radiopiu.net\/wordpress\/wp-content\/uploads\/2024\/04\/locandina.jpg\" data-dt-img-description=\"\" data-large_image_width=\"420\" data-large_image_height=\"600\"><img loading=\"lazy\" decoding=\"async\" class=\" wp-image-383374 alignleft\" src=\"https:\/\/www.radiopiu.net\/wordpress\/wp-content\/uploads\/2024\/04\/locandina-210x300.jpg\" alt=\"\" width=\"88\" height=\"126\" srcset=\"https:\/\/www.radiopiu.net\/wordpress\/wp-content\/uploads\/2024\/04\/locandina-210x300.jpg 210w, https:\/\/www.radiopiu.net\/wordpress\/wp-content\/uploads\/2024\/04\/locandina.jpg 420w\" sizes=\"auto, (max-width: 88px) 100vw, 88px\" \/><\/a>AL CINEMA DOLOMITI DI FALCADE ARRIVA LA PELLICOLA &#8220;UN MONDO A PARTE&#8221;, IL FILM CON ANTONIO ALBANESE E VIRGINIA RAFFAELE. VENERDI E SABATO ALLE 21, DOMENICA ALLE 15:30 E ALLE 21<\/h3>\n<p>&nbsp;<\/p>\n<div class=\"\" dir=\"auto\">\n<div class=\"\" dir=\"auto\">\n<div class=\"x1iorvi4 x1pi30zi x1l90r2v x1swvt13\" data-ad-comet-preview=\"message\" data-ad-preview=\"message\">\n<div class=\"x78zum5 xdt5ytf xz62fqu x16ldp7u\">\n<div class=\"xu06os2 x1ok221b\">\n<div class=\"xdj266r x11i5rnm xat24cr x1mh8g0r x1vvkbs x126k92a\">\n<div dir=\"auto\">UN MONDO A PARTE<\/div>\n<div dir=\"auto\">Michele Cortese \u00e8 un maestro elementare della capitale che non ne pu\u00f2 pi\u00f9 di &#8220;cercare di salvare gente che non ha intenzione di essere salvata, e ti mena pure&#8221;. Cos\u00ec chiede l&#8217;assegnazione provvisoria in un paesino di 364 anime della montagna abruzzese: scoprir\u00e0 che la tanto agognata tranquillit\u00e0 non risiede neanche qui.<\/div>\n<\/div>\n<div class=\"x11i5rnm xat24cr x1mh8g0r x1vvkbs xtlvy1s x126k92a\">\n<div dir=\"auto\">di Riccardo Milani | Commedia &#8211; 113 minuti<\/div>\n<div dir=\"auto\">con Antonio Albanese &#8211; Virginia Raffaele<\/div>\n<\/div>\n<div class=\"x11i5rnm xat24cr x1mh8g0r x1vvkbs xtlvy1s x126k92a\">\n<div dir=\"auto\"><\/div>\n<\/div>\n<\/div>\n<\/div>\n<\/div>\n<\/div>\n<\/div>\n<p><iframe loading=\"lazy\" title=\"Un mondo a parte | Trailer Ufficiale | Dal 28 marzo al cinema\" width=\"1200\" height=\"675\" src=\"https:\/\/www.youtube.com\/embed\/P5hgM2OcQh0?feature=oembed\" frameborder=\"0\" allow=\"accelerometer; autoplay; clipboard-write; encrypted-media; gyroscope; picture-in-picture; web-share\" referrerpolicy=\"strict-origin-when-cross-origin\" allowfullscreen><\/iframe><\/p>\n<p>&nbsp;<\/p>\n<blockquote>\n<h2><\/h2>\n<\/blockquote>\n<p><strong>BELLUNO\u00a0<\/strong>Il rassegna &#8220;A Casa di Dino&#8221; si conclude con un ospite speciale: Alfonso Brezmes, poliedrico artista e letterato spagnolo, presenter\u00e0 la sua antologia &#8220;Quando non ci sono&#8221; venerd\u00ec alle 18:30 alla Casa dei Maestri, gi\u00e0 Sala De Luca, a Belluno. Barbonetti, che ha tradotto l&#8217;opera di Brezmes nel 2021 per Einaudi, dialogher\u00e0 con lui durante la presentazione.<\/p>\n<p><strong>BELLUNO<\/strong> Venerd\u00ec si svolger\u00e0 a Belluno la conferenza di presentazione dell\u2019ultimo romanzo storico di Sante Rossetto intitolato \u201cAssassinio nel campo di grano\u201c, edizioni Canova. L\u2019evento avr\u00e0 luogo alle 17.00 presso la sede del Circolo culturale \u201cLa Terra dei Padri\u201d in via dei Molini, 10 a Borgo Piave<\/p>\n<p><strong>BORGO VALBELLUNA<\/strong> La mostra collettiva &#8220;TRACCE DI MEMORIA &#8211; IL VALORE DEL RICORDO&#8221; sar\u00e0 inaugurata sabato alle 11:00 alla sede dell&#8217;Associazione Civicamente APS, in Via Saubens a Trichiana, Borgo Valbelluna.<\/p>\n<p><strong>AGORDO<\/strong> Sabato alle 15:30 al Centro Parrocchiale Don Vincenzo Savio di Agordo la presentazione del libro di Adone Santomaso dal titolo &#8220;Monte di luna vita serena&#8221;<\/p>\n<p><strong>AGORDO <\/strong>Sabato alle 17 alla Biblioteca di Agordo il dottor Paolo Forlin terr\u00e0 un incontro dal titolo &#8221; Nuove indagini archeologiche a San Donato di Lamon&#8221;. Organizza ARCA, Gruppo Archeologico Agordino<\/p>\n<p><strong>PUOS D&#8217;ALPAGO<\/strong> L&#8217;associazione culturale Agor\u00e0 APS di Puos d\u2019Alpago ospita una serata in onore del poeta bellunese Francesco Piemonte, scomparso due anni fa. Serena Dal Borgo moderer\u00e0 l&#8217;evento, mentre Sonia Vazza legger\u00e0 i suoi versi. Piemonte, legato agli Alpago, sar\u00e0 ricordato per la sua sensibilit\u00e0 e ironia. L&#8217;incontro si terr\u00e0 sabato alle 20.30 presso lo spazio associativo di Agor\u00e0 aps, in Piazza Papa Luciani. Un&#8217;opportunit\u00e0 per scoprire o riscoprire la poesia di Piemonte, che ha lasciato un&#8217;impronta indelebile nel panorama culturale locale.<\/p>\n<\/div>\n<\/div>\n<\/div>\n<\/div>\n<\/div>\n<p><strong>FALCADE <\/strong>DESPERADOS, DUE GIORNI DI FESTA CON LA QUINTA LICEO, AL PALAFALCADE. VENERDI 19 APRILE DALLE 18 APERITIVO E ALLE 20 IL BALLO LISCIO CON &#8221; \u201ci prestazione occasionale, GI\u00e0 QUELLI CHE IL LISCIO&#8221; SABATO 20 APRILE, DALLE 17 TORNEO DI BRISCOLA E CALCETTO E DALLE 21 DESPERADOS PARTY!!!! CON BASSLINE DJ, DALLA MEZZANOTTE HAPPY HALF HOUR info 3482996318<\/p>\n<p>&nbsp;<\/p>\n<h2><span style=\"color: #ff0000;\">PROSSIMAMENTE&#8230;<\/span><\/h2>\n<p>&nbsp;<\/p>\n<p>&nbsp;<\/p>\n<hr \/>\n<p>&nbsp;<\/p>\n<p><a class=\"dt-pswp-item\" href=\"https:\/\/www.radiopiu.net\/wordpress\/wp-content\/uploads\/2018\/09\/viabilita.jpeg\" data-dt-img-description=\"\" data-large_image_width=\"800\" data-large_image_height=\"100\"><img loading=\"lazy\" decoding=\"async\" class=\"aligncenter wp-image-61954 size-full\" src=\"https:\/\/www.radiopiu.net\/wordpress\/wp-content\/uploads\/2018\/09\/viabilita.jpeg\" alt=\"\" width=\"800\" height=\"100\" srcset=\"https:\/\/www.radiopiu.net\/wordpress\/wp-content\/uploads\/2018\/09\/viabilita.jpeg 800w, https:\/\/www.radiopiu.net\/wordpress\/wp-content\/uploads\/2018\/09\/viabilita-300x38.jpeg 300w, https:\/\/www.radiopiu.net\/wordpress\/wp-content\/uploads\/2018\/09\/viabilita-768x96.jpeg 768w\" sizes=\"auto, (max-width: 800px) 100vw, 800px\" \/><\/a><\/p>\n<p>&nbsp;<\/p>\n<p><a class=\"dt-pswp-item\" href=\"https:\/\/www.radiopiu.net\/wordpress\/wp-content\/uploads\/2023\/12\/botol-car-service.jpg\" data-dt-img-description=\"\" data-large_image_width=\"600\" data-large_image_height=\"600\"><img loading=\"lazy\" decoding=\"async\" class=\"size-medium wp-image-367044 aligncenter\" src=\"https:\/\/www.radiopiu.net\/wordpress\/wp-content\/uploads\/2023\/12\/botol-car-service-300x300.jpg\" alt=\"\" width=\"300\" height=\"300\" srcset=\"https:\/\/www.radiopiu.net\/wordpress\/wp-content\/uploads\/2023\/12\/botol-car-service-300x300.jpg 300w, https:\/\/www.radiopiu.net\/wordpress\/wp-content\/uploads\/2023\/12\/botol-car-service-150x150.jpg 150w, https:\/\/www.radiopiu.net\/wordpress\/wp-content\/uploads\/2023\/12\/botol-car-service.jpg 600w\" sizes=\"auto, (max-width: 300px) 100vw, 300px\" \/><\/a><\/p>\n<p>&nbsp;<\/p>\n<p>&nbsp;<\/p>\n<h1>BOLLETTINO QUOTIDIANO, CLICCA QUI<\/h1>\n<blockquote class=\"wp-embedded-content\" data-secret=\"h43CxkkoVX\"><p><a href=\"https:\/\/www.radiopiu.net\/wordpress\/viabilita\/\">viabilita<\/a><\/p><\/blockquote>\n<p><iframe loading=\"lazy\" class=\"wp-embedded-content\" sandbox=\"allow-scripts\" security=\"restricted\" style=\"position: absolute; clip: rect(1px, 1px, 1px, 1px);\" title=\"&#8220;viabilita&#8221; &#8212; Radio Pi\u00f9\" src=\"https:\/\/www.radiopiu.net\/wordpress\/viabilita\/embed\/#?secret=T0u2SDZy0L#?secret=h43CxkkoVX\" data-secret=\"h43CxkkoVX\" width=\"600\" height=\"338\" frameborder=\"0\" marginwidth=\"0\" marginheight=\"0\" scrolling=\"no\"><\/iframe><\/p>\n<p>&nbsp;<\/p>\n<p>&nbsp;<\/p>\n<p>&nbsp;<\/p>\n<hr \/>\n<p>&nbsp;<\/p>\n<p><a class=\"dt-pswp-item\" href=\"https:\/\/www.radiopiu.net\/wordpress\/wp-content\/uploads\/2018\/09\/WhatsApp-Image-2018-09-20-at-16.04.06.jpeg\" data-dt-img-description=\"\" data-large_image_width=\"800\" data-large_image_height=\"100\"><img loading=\"lazy\" decoding=\"async\" class=\"wp-image-61378 size-full aligncenter\" src=\"https:\/\/www.radiopiu.net\/wordpress\/wp-content\/uploads\/2018\/09\/WhatsApp-Image-2018-09-20-at-16.04.06.jpeg\" alt=\"\" width=\"800\" height=\"100\" srcset=\"https:\/\/www.radiopiu.net\/wordpress\/wp-content\/uploads\/2018\/09\/WhatsApp-Image-2018-09-20-at-16.04.06.jpeg 800w, https:\/\/www.radiopiu.net\/wordpress\/wp-content\/uploads\/2018\/09\/WhatsApp-Image-2018-09-20-at-16.04.06-300x38.jpeg 300w, https:\/\/www.radiopiu.net\/wordpress\/wp-content\/uploads\/2018\/09\/WhatsApp-Image-2018-09-20-at-16.04.06-768x96.jpeg 768w\" sizes=\"auto, (max-width: 800px) 100vw, 800px\" \/><\/a><\/p>\n<p><center><\/center><center><\/center><center><\/center><center><\/center><center><\/center><center><\/center>&nbsp;<\/p>\n<p><center><b>OGGI<\/b><\/center>Cielo per lo pi\u00f9 nuvoloso con qualche schiarita pi\u00f9 probabile su fino al primo mattino e poi dal tardo pomeriggio\/sera e su Prealpi veronesi.<br \/>\n<b>Precipitazioni: <\/b>Possibili piovaschi\/rovesci qua e l\u00e0 e isolati temprali su Prealpi specie tra il mezzogiorno e met\u00e0 pomeriggio generalmente assenti in serata<br \/>\n<b>Temperature: <\/b>Temperature in ulteriore calo specie le minime con gelate a fondovalle.<\/p>\n<hr \/>\n<p><center><b>DOMANI<\/b><\/center>Cielo generalmente nuvoloso con qualche schiarita irregolare specie fino al primo mattino e poi alla sera.<br \/>\n<b>Precipitazioni: <\/b>Dal mezzogiorno e nel pomeriggio possibili a tratti qualche piovasco\/rovescio qua e l\u00e0 o isolato temporale su Prealpi con eventuali fiocchi attorno a 1200\/1500 m.<br \/>\n<b>Temperature: <\/b>Temperature stazionarie o in ulteriore lieve calo.<\/p>\n<hr \/>\n<p><center><b>VENERDI<\/b><\/center>Fino a met\u00e0 mattino sereno o poco nuvoloso poi nubi in aumento fino a tratti nuvoloso, da met\u00e0 pomeriggio schiarite fino a poco nuvoloso. Non escluso qua e l\u00e0 su Prealpi qualche piovasco nel pomeriggio. Temperature minime in calo e massime in lieve aumento.<\/p>\n<hr \/>\n<p><center><b>SABATO<\/b><\/center>Variabile con nuvolosit\u00e0 irregolare, pi\u00f9 intensa a tratti su Prealpi dove non sono da escludere piovaschi\/rovesci sparsi nel pomeriggio. Temperature stazionarie o in lieve calo le massime.<\/p>\n<p>&nbsp;<\/p>\n<hr \/>\n<p>&nbsp;<\/p>\n<a href=\"https:\/\/www.radiopiu.net\/wordpress\/wp-content\/uploads\/2024\/04\/INVITO-INFINITY-BARDIN-1.pdf\" class=\"pdfemb-viewer\" style=\"\" data-width=\"max\" data-height=\"max\" data-toolbar=\"top\" data-toolbar-fixed=\"on\">INVITO INFINITY BARDIN-1<\/a>\n<p>&nbsp;<\/p>\n<hr \/>\n<p>&nbsp;<\/p>\n<p><img loading=\"lazy\" decoding=\"async\" class=\"wp-image-60761 size-full aligncenter\" src=\"https:\/\/www.radiopiu.net\/wordpress\/wp-content\/uploads\/2018\/09\/sport.jpg\" alt=\"\" width=\"800\" height=\"100\" srcset=\"https:\/\/www.radiopiu.net\/wordpress\/wp-content\/uploads\/2018\/09\/sport.jpg 800w, https:\/\/www.radiopiu.net\/wordpress\/wp-content\/uploads\/2018\/09\/sport-300x38.jpg 300w, https:\/\/www.radiopiu.net\/wordpress\/wp-content\/uploads\/2018\/09\/sport-768x96.jpg 768w\" sizes=\"auto, (max-width: 800px) 100vw, 800px\" \/><\/p>\n<p>&nbsp;<\/p>\n<p><span style=\"color: #0000ff;\"><strong>NUOTO<\/strong><\/span><\/p>\n<blockquote>\n<h3>I MASTER BRILLANO NEL GRAND PRIX VENETO DI SPRESIANO<\/h3>\n<\/blockquote>\n<p><strong><a class=\"dt-pswp-item\" href=\"https:\/\/www.radiopiu.net\/wordpress\/wp-content\/uploads\/2024\/04\/Master_a_Spresiano.jpeg\" data-dt-img-description=\"\" data-large_image_width=\"914\" data-large_image_height=\"609\"><img loading=\"lazy\" decoding=\"async\" class=\" wp-image-385939 alignleft\" src=\"https:\/\/www.radiopiu.net\/wordpress\/wp-content\/uploads\/2024\/04\/Master_a_Spresiano-300x200.jpeg\" alt=\"\" width=\"182\" height=\"121\" srcset=\"https:\/\/www.radiopiu.net\/wordpress\/wp-content\/uploads\/2024\/04\/Master_a_Spresiano-300x200.jpeg 300w, https:\/\/www.radiopiu.net\/wordpress\/wp-content\/uploads\/2024\/04\/Master_a_Spresiano-768x512.jpeg 768w, https:\/\/www.radiopiu.net\/wordpress\/wp-content\/uploads\/2024\/04\/Master_a_Spresiano.jpeg 914w\" sizes=\"auto, (max-width: 182px) 100vw, 182px\" \/><\/a>BELLUNO<\/strong> Gli atleti Master della Sportivamente Belluno brillano nella settima giornata del Grand Prix Veneto a Spresiano. Quinto posto assoluto e vittoria nella classifica per societ\u00e0 fino a 25 atleti evidenziano la crescita del collettivo. Laura Etzi e Graziano Padovan conquistano doppi oro (200 dorso, 200 stile; 50, 100 rana). Successi individuali per Daniela Bianchet, Elena Fava e Tullio Franceschini. Argento per Etzi, Bianchet, Gianni Edotti e Roberto Zannoni, bronzo per altri atleti. Primati nelle staffette: oro per la 4&#215;50 stile maschile e mista, argento per la femminile.<\/p>\n<p>&nbsp;<\/p>\n<hr \/>\n<p>&nbsp;<\/p>\n<h2><span style=\"color: #33cccc;\">GOODBYE BY BICICLE&#8230;UN VIAGGIO DALL&#8217;INDIA A SEREN DEL GRAPPA IN BICICLETTA<\/span><\/h2>\n<p><span style=\"color: #ff0000;\"><strong>PUNTATA 09 &#8211; IL VIAGGIO IN NEPAL IN ATTESA DEL VISTO TURISTICO<\/strong><\/span><\/p>\n<audio class=\"wp-audio-shortcode\" id=\"audio-385882-16\" preload=\"none\" style=\"width: 100%;\" controls=\"controls\"><source type=\"audio\/mpeg\" src=\"https:\/\/www.radiopiu.net\/wordpress\/wp-content\/uploads\/2024\/04\/AIRE-INDIA-PUNTATA-09.mp3?_=16\" \/><a href=\"https:\/\/www.radiopiu.net\/wordpress\/wp-content\/uploads\/2024\/04\/AIRE-INDIA-PUNTATA-09.mp3\">https:\/\/www.radiopiu.net\/wordpress\/wp-content\/uploads\/2024\/04\/AIRE-INDIA-PUNTATA-09.mp3<\/a><\/audio>\n<p>&nbsp;<\/p>\n<p><strong>PER VISITARE I SITI DEI LUOGHI VISITATI, CLICCA SULLE SEGUENTI SCRITTE: <span style=\"color: #0000ff;\"><a style=\"color: #0000ff;\" href=\"https:\/\/www.anganwadiproject.com\/\">ANGANWADI PROJECT<\/a>\u00a0 <a style=\"color: #0000ff;\" href=\"https:\/\/shreyasfoundation.in\/\">SHEREYAS FOUNDATION<\/a>\u00a0 <a style=\"color: #0000ff;\" href=\"https:\/\/manavsadhna.org\/\">MANAV SADHNA<\/a>\u00a0 <a style=\"color: #0000ff;\" href=\"https:\/\/www.shuklaphantanationalpark.gov.np\/en\">SHUKLAPHA NATIONAL PARK<\/a><\/span><\/strong><\/p>\n\n\t\t\t<style type='text\/css'>\n\t\t\t\t#gallery-10 {\n\t\t\t\t\tmargin: auto;\n\t\t\t\t}\n\t\t\t\t#gallery-10 .gallery-item {\n\t\t\t\t\tfloat: left;\n\t\t\t\t\tmargin-top: 10px;\n\t\t\t\t\ttext-align: center;\n\t\t\t\t\twidth: 20%;\n\t\t\t\t}\n\t\t\t\t#gallery-10 img {\n\t\t\t\t\tborder: 2px solid #cfcfcf;\n\t\t\t\t}\n\t\t\t\t#gallery-10 .gallery-caption {\n\t\t\t\t\tmargin-left: 0;\n\t\t\t\t}\n\t\t\t\t\/* see gallery_shortcode() in wp-includes\/media.php *\/\n\t\t\t<\/style>\n\t\t<div id='gallery-10' class='dt-gallery-container gallery galleryid-385882 gallery-columns-5 gallery-size-thumbnail'><dl class='gallery-item'>\n\t\t\t\t<dt class='gallery-icon landscape'>\n\t\t\t\t\t<a class=\"rollover rollover-zoom dt-pswp-item\" title=\"4e5c35db-3e12-4aec-8abd-b9138bcea54d\" data-dt-img-description=\"\" data-large_image_width=\"1600\" data-large_image_height=\"721\"href='https:\/\/www.radiopiu.net\/wordpress\/wp-content\/uploads\/2024\/04\/4e5c35db-3e12-4aec-8abd-b9138bcea54d.jpg'><img loading=\"lazy\" decoding=\"async\" width=\"150\" height=\"150\" src=\"https:\/\/www.radiopiu.net\/wordpress\/wp-content\/uploads\/2024\/04\/4e5c35db-3e12-4aec-8abd-b9138bcea54d-150x150.jpg\" class=\"attachment-thumbnail size-thumbnail\" alt=\"\" \/><\/a>\n\t\t\t\t<\/dt><\/dl><dl class='gallery-item'>\n\t\t\t\t<dt class='gallery-icon landscape'>\n\t\t\t\t\t<a class=\"rollover rollover-zoom dt-pswp-item\" title=\"d4bb193e-20e4-4204-9be2-b2094f82fa6a\" data-dt-img-description=\"\" data-large_image_width=\"1600\" data-large_image_height=\"1200\"href='https:\/\/www.radiopiu.net\/wordpress\/wp-content\/uploads\/2024\/04\/d4bb193e-20e4-4204-9be2-b2094f82fa6a.jpg'><img loading=\"lazy\" decoding=\"async\" width=\"150\" height=\"150\" src=\"https:\/\/www.radiopiu.net\/wordpress\/wp-content\/uploads\/2024\/04\/d4bb193e-20e4-4204-9be2-b2094f82fa6a-150x150.jpg\" class=\"attachment-thumbnail size-thumbnail\" alt=\"\" \/><\/a>\n\t\t\t\t<\/dt><\/dl><dl class='gallery-item'>\n\t\t\t\t<dt class='gallery-icon landscape'>\n\t\t\t\t\t<a class=\"rollover rollover-zoom dt-pswp-item\" title=\"5ca98be9-00a4-4735-8434-601bd80ffc52\" data-dt-img-description=\"\" data-large_image_width=\"1280\" data-large_image_height=\"963\"href='https:\/\/www.radiopiu.net\/wordpress\/wp-content\/uploads\/2024\/04\/5ca98be9-00a4-4735-8434-601bd80ffc52.jpg'><img loading=\"lazy\" decoding=\"async\" width=\"150\" height=\"150\" src=\"https:\/\/www.radiopiu.net\/wordpress\/wp-content\/uploads\/2024\/04\/5ca98be9-00a4-4735-8434-601bd80ffc52-150x150.jpg\" class=\"attachment-thumbnail size-thumbnail\" alt=\"\" \/><\/a>\n\t\t\t\t<\/dt><\/dl><dl class='gallery-item'>\n\t\t\t\t<dt class='gallery-icon landscape'>\n\t\t\t\t\t<a class=\"rollover rollover-zoom dt-pswp-item\" title=\"c92a92fb-a4b2-478c-9f7e-0951659e49b0\" data-dt-img-description=\"\" data-large_image_width=\"1280\" data-large_image_height=\"577\"href='https:\/\/www.radiopiu.net\/wordpress\/wp-content\/uploads\/2024\/04\/c92a92fb-a4b2-478c-9f7e-0951659e49b0.jpg'><img loading=\"lazy\" decoding=\"async\" width=\"150\" height=\"150\" src=\"https:\/\/www.radiopiu.net\/wordpress\/wp-content\/uploads\/2024\/04\/c92a92fb-a4b2-478c-9f7e-0951659e49b0-150x150.jpg\" class=\"attachment-thumbnail size-thumbnail\" alt=\"\" \/><\/a>\n\t\t\t\t<\/dt><\/dl><dl class='gallery-item'>\n\t\t\t\t<dt class='gallery-icon portrait'>\n\t\t\t\t\t<a class=\"rollover rollover-zoom dt-pswp-item\" title=\"310fc236-1ff4-421b-8683-7cd1fd0729b2\" data-dt-img-description=\"\" data-large_image_width=\"923\" data-large_image_height=\"1104\"href='https:\/\/www.radiopiu.net\/wordpress\/wp-content\/uploads\/2024\/04\/310fc236-1ff4-421b-8683-7cd1fd0729b2.jpg'><img loading=\"lazy\" decoding=\"async\" width=\"150\" height=\"150\" src=\"https:\/\/www.radiopiu.net\/wordpress\/wp-content\/uploads\/2024\/04\/310fc236-1ff4-421b-8683-7cd1fd0729b2-150x150.jpg\" class=\"attachment-thumbnail size-thumbnail\" alt=\"\" \/><\/a>\n\t\t\t\t<\/dt><\/dl><br style=\"clear: both\" \/>\n\t\t\t<\/div>\n\n<p>&nbsp;<\/p>\n<p>&nbsp;<\/p>\n<p>&nbsp;<\/p>\n","protected":false},"excerpt":{"rendered":"<p>******* &nbsp; PER RICEVERE QUESTO NOTIZIARIO DIRETTAMENTE SUL TUO CELLULARE ISCRIVITI AL CANALE TELEGRAM \u201cRADIO PIU\u00a0 INFORMAZIONE&#8221;\u00a0 \u00a0il CANALE TELEGRAM&#8230; UNISCITI A: RADIO PIU INFORMAZIONE &nbsp; &nbsp; ATTENZIONE: LA NUOVA APP PER IOS-IPHONE di Nicola Vettorello https:\/\/apps.apple.com\/it\/app\/radio-pi%C3%B9-emittente-agordina\/id1515939845 ATTENZIONE: LA NUOVA APP RADIO\u00a0 PER ANDROID di Nicola Vettorello https:\/\/play.google.com\/store\/apps\/details?id=net.radiopiu.iniko\u00a0\u00a0 &nbsp; &nbsp; ACQUA INQUINATA A ROCCA PIETORE&hellip;<\/p>\n","protected":false},"author":4,"featured_media":386011,"comment_status":"closed","ping_status":"closed","sticky":false,"template":"","format":"standard","meta":{"_monsterinsights_skip_tracking":false,"_monsterinsights_sitenote_active":false,"_monsterinsights_sitenote_note":"","_monsterinsights_sitenote_category":0,"footnotes":""},"categories":[51,86,49],"tags":[],"class_list":["post-385882","post","type-post","status-publish","format-standard","has-post-thumbnail","hentry","category-evidenza-top","category-gr","category-news-18","category-51","category-86","category-49","description-off"],"img_url":"https:\/\/www.radiopiu.net\/wordpress\/wp-content\/uploads\/2024\/04\/436347203_2704455243063386_5827054124156989309_n.jpg","_links":{"self":[{"href":"https:\/\/www.radiopiu.net\/wordpress\/wp-json\/wp\/v2\/posts\/385882","targetHints":{"allow":["GET"]}}],"collection":[{"href":"https:\/\/www.radiopiu.net\/wordpress\/wp-json\/wp\/v2\/posts"}],"about":[{"href":"https:\/\/www.radiopiu.net\/wordpress\/wp-json\/wp\/v2\/types\/post"}],"author":[{"embeddable":true,"href":"https:\/\/www.radiopiu.net\/wordpress\/wp-json\/wp\/v2\/users\/4"}],"replies":[{"embeddable":true,"href":"https:\/\/www.radiopiu.net\/wordpress\/wp-json\/wp\/v2\/comments?post=385882"}],"version-history":[{"count":0,"href":"https:\/\/www.radiopiu.net\/wordpress\/wp-json\/wp\/v2\/posts\/385882\/revisions"}],"wp:featuredmedia":[{"embeddable":true,"href":"https:\/\/www.radiopiu.net\/wordpress\/wp-json\/wp\/v2\/media\/386011"}],"wp:attachment":[{"href":"https:\/\/www.radiopiu.net\/wordpress\/wp-json\/wp\/v2\/media?parent=385882"}],"wp:term":[{"taxonomy":"category","embeddable":true,"href":"https:\/\/www.radiopiu.net\/wordpress\/wp-json\/wp\/v2\/categories?post=385882"},{"taxonomy":"post_tag","embeddable":true,"href":"https:\/\/www.radiopiu.net\/wordpress\/wp-json\/wp\/v2\/tags?post=385882"}],"curies":[{"name":"wp","href":"https:\/\/api.w.org\/{rel}","templated":true}]}}