{"id":386033,"date":"2024-04-17T04:35:12","date_gmt":"2024-04-17T02:35:12","guid":{"rendered":"https:\/\/www.radiopiu.net\/wordpress\/?p=386033"},"modified":"2024-04-17T06:36:16","modified_gmt":"2024-04-17T04:36:16","slug":"veneto-meno-lavoratori-ma-piu-giovani-e-qualificati","status":"publish","type":"post","link":"https:\/\/www.radiopiu.net\/wordpress\/veneto-meno-lavoratori-ma-piu-giovani-e-qualificati\/","title":{"rendered":"VENETO: MENO LAVORATORI MA PI\u00d9 GIOVANI E QUALIFICATI"},"content":{"rendered":"<p>***<\/p>\n<blockquote>\n<h3>IL FUTURO DELL\u2019OCCUPAZIONE<\/h3>\n<\/blockquote>\n<p><strong><a class=\"dt-pswp-item\" href=\"https:\/\/www.radiopiu.net\/wordpress\/wp-content\/uploads\/2022\/03\/Logo_VenetoLavoro.png\" data-dt-img-description=\"\" data-large_image_width=\"1791\" data-large_image_height=\"482\"><img loading=\"lazy\" decoding=\"async\" class=\" wp-image-264807 alignleft\" src=\"https:\/\/www.radiopiu.net\/wordpress\/wp-content\/uploads\/2022\/03\/Logo_VenetoLavoro-300x81.png\" alt=\"\" width=\"163\" height=\"44\" srcset=\"https:\/\/www.radiopiu.net\/wordpress\/wp-content\/uploads\/2022\/03\/Logo_VenetoLavoro-300x81.png 300w, https:\/\/www.radiopiu.net\/wordpress\/wp-content\/uploads\/2022\/03\/Logo_VenetoLavoro-1024x276.png 1024w, https:\/\/www.radiopiu.net\/wordpress\/wp-content\/uploads\/2022\/03\/Logo_VenetoLavoro-768x207.png 768w, https:\/\/www.radiopiu.net\/wordpress\/wp-content\/uploads\/2022\/03\/Logo_VenetoLavoro-1536x413.png 1536w, https:\/\/www.radiopiu.net\/wordpress\/wp-content\/uploads\/2022\/03\/Logo_VenetoLavoro.png 1791w\" sizes=\"auto, (max-width: 163px) 100vw, 163px\" \/><\/a>VENEZIA\u00a0<\/strong>Il Veneto si prepara a un mercato del lavoro pi\u00f9 giovane e qualificato, riflettendo i cambiamenti demografici. L&#8217;invecchiamento della popolazione ha portato a una maggiore presenza di lavoratori anziani, con un aumento significativo delle assunzioni e del tasso di occupazione tra coloro sopra i 55 anni. Le carriere si allungano, con una fuoriuscita dal lavoro ritardata. L&#8217;uscita delle generazioni del baby boom porter\u00e0 a ulteriori trasformazioni, con un&#8217;et\u00e0 mediana in diminuzione. Nuove generazioni e lavoratori pi\u00f9 istruiti entreranno nel mercato, ma con una base pi\u00f9 ridotta se non ci saranno altri fattori come l&#8217;immigrazione. Le sfide e le opportunit\u00e0 includono competenze digitali crescenti e un incontro pi\u00f9 efficace tra domanda e offerta di lavoro.<\/p>\n<p>&nbsp;<\/p>\n<hr \/>\n<p>&nbsp;<\/p>\n","protected":false},"excerpt":{"rendered":"<p>*** IL FUTURO DELL\u2019OCCUPAZIONE VENEZIA\u00a0Il Veneto si prepara a un mercato del lavoro pi\u00f9 giovane e qualificato, riflettendo i cambiamenti demografici. L&#8217;invecchiamento della popolazione ha portato a una maggiore presenza di lavoratori anziani, con un aumento significativo delle assunzioni e del tasso di occupazione tra coloro sopra i 55 anni. Le carriere si allungano, con&hellip;<\/p>\n","protected":false},"author":4,"featured_media":269109,"comment_status":"closed","ping_status":"closed","sticky":false,"template":"","format":"standard","meta":{"_monsterinsights_skip_tracking":false,"_monsterinsights_sitenote_active":false,"_monsterinsights_sitenote_note":"","_monsterinsights_sitenote_category":0,"footnotes":""},"categories":[49],"tags":[],"class_list":["post-386033","post","type-post","status-publish","format-standard","has-post-thumbnail","hentry","category-news-18","category-49","description-off"],"img_url":"https:\/\/www.radiopiu.net\/wordpress\/wp-content\/uploads\/2022\/04\/VENETO-LAVORO.jpg","_links":{"self":[{"href":"https:\/\/www.radiopiu.net\/wordpress\/wp-json\/wp\/v2\/posts\/386033","targetHints":{"allow":["GET"]}}],"collection":[{"href":"https:\/\/www.radiopiu.net\/wordpress\/wp-json\/wp\/v2\/posts"}],"about":[{"href":"https:\/\/www.radiopiu.net\/wordpress\/wp-json\/wp\/v2\/types\/post"}],"author":[{"embeddable":true,"href":"https:\/\/www.radiopiu.net\/wordpress\/wp-json\/wp\/v2\/users\/4"}],"replies":[{"embeddable":true,"href":"https:\/\/www.radiopiu.net\/wordpress\/wp-json\/wp\/v2\/comments?post=386033"}],"version-history":[{"count":0,"href":"https:\/\/www.radiopiu.net\/wordpress\/wp-json\/wp\/v2\/posts\/386033\/revisions"}],"wp:featuredmedia":[{"embeddable":true,"href":"https:\/\/www.radiopiu.net\/wordpress\/wp-json\/wp\/v2\/media\/269109"}],"wp:attachment":[{"href":"https:\/\/www.radiopiu.net\/wordpress\/wp-json\/wp\/v2\/media?parent=386033"}],"wp:term":[{"taxonomy":"category","embeddable":true,"href":"https:\/\/www.radiopiu.net\/wordpress\/wp-json\/wp\/v2\/categories?post=386033"},{"taxonomy":"post_tag","embeddable":true,"href":"https:\/\/www.radiopiu.net\/wordpress\/wp-json\/wp\/v2\/tags?post=386033"}],"curies":[{"name":"wp","href":"https:\/\/api.w.org\/{rel}","templated":true}]}}