{"id":386208,"date":"2024-04-19T05:00:31","date_gmt":"2024-04-19T03:00:31","guid":{"rendered":"https:\/\/www.radiopiu.net\/wordpress\/?p=386208"},"modified":"2024-04-19T09:32:19","modified_gmt":"2024-04-19T07:32:19","slug":"giornale-radiopiu-19-aprile-2024-direttore-mirko-mezzacasada-40-anni-25-giugno-1983-25-giugno-2023","status":"publish","type":"post","link":"https:\/\/www.radiopiu.net\/wordpress\/giornale-radiopiu-19-aprile-2024-direttore-mirko-mezzacasada-40-anni-25-giugno-1983-25-giugno-2023\/","title":{"rendered":"GIORNALE RADIOPIU 19 APRILE 2024 DIRETTORE MIRKO MEZZACASA\u2026DA 40 ANNI 25 GIUGNO 1983-25 GIUGNO 2023"},"content":{"rendered":"<p>*******<\/p>\n<p>&nbsp;<\/p>\n<h3><a href=\"https:\/\/www.radiopiu.net\/wordpress\/giornale-radiopiu-24-gennaio-2021-direttore-mirko-mezzacasa\/141433770_171616291414874_2957460898102012198_n\/\" rel=\"attachment wp-att-186566\"><img loading=\"lazy\" decoding=\"async\" class=\"wp-image-186566 alignleft\" src=\"https:\/\/www.radiopiu.net\/wordpress\/wp-content\/uploads\/2021\/01\/141433770_171616291414874_2957460898102012198_n-300x300.jpg\" alt=\"\" width=\"144\" height=\"144\" srcset=\"https:\/\/www.radiopiu.net\/wordpress\/wp-content\/uploads\/2021\/01\/141433770_171616291414874_2957460898102012198_n-300x300.jpg 300w, https:\/\/www.radiopiu.net\/wordpress\/wp-content\/uploads\/2021\/01\/141433770_171616291414874_2957460898102012198_n-150x150.jpg 150w, https:\/\/www.radiopiu.net\/wordpress\/wp-content\/uploads\/2021\/01\/141433770_171616291414874_2957460898102012198_n-768x768.jpg 768w, https:\/\/www.radiopiu.net\/wordpress\/wp-content\/uploads\/2021\/01\/141433770_171616291414874_2957460898102012198_n.jpg 800w\" sizes=\"auto, (max-width: 144px) 100vw, 144px\" \/><\/a>PER<strong> RICEVERE QUESTO NOTIZIARIO DIRETTAMENTE SUL TUO CELLULARE ISCRIVITI AL CANALE TELEGRAM <\/strong><strong>\u201cRADIO PIU\u00a0 INFORMAZIONE&#8221;\u00a0<\/strong><\/h3>\n<h3>\u00a0il CANALE TELEGRAM&#8230; UNISCITI A: RADIO PIU INFORMAZIONE<\/h3>\n<p>&nbsp;<\/p>\n<p>&nbsp;<\/p>\n<p><em><a href=\"https:\/\/www.radiopiu.net\/wordpress\/giornale-radiopiu-24-gennaio-2021-direttore-mirko-mezzacasa\/79216601_126817312416448_708980208774483089_n\/\" rel=\"attachment wp-att-186567\"><img loading=\"lazy\" decoding=\"async\" class=\"size-medium wp-image-186567 alignright\" src=\"https:\/\/www.radiopiu.net\/wordpress\/wp-content\/uploads\/2021\/01\/79216601_126817312416448_708980208774483089_n-300x114.jpg\" alt=\"\" width=\"300\" height=\"114\" srcset=\"https:\/\/www.radiopiu.net\/wordpress\/wp-content\/uploads\/2021\/01\/79216601_126817312416448_708980208774483089_n-300x114.jpg 300w, https:\/\/www.radiopiu.net\/wordpress\/wp-content\/uploads\/2021\/01\/79216601_126817312416448_708980208774483089_n-768x292.jpg 768w, https:\/\/www.radiopiu.net\/wordpress\/wp-content\/uploads\/2021\/01\/79216601_126817312416448_708980208774483089_n.jpg 820w\" sizes=\"auto, (max-width: 300px) 100vw, 300px\" \/><\/a><span style=\"color: #ff0000;\">ATTENZIONE: LA NUOVA APP PER IOS-IPHONE di Nicola Vettorello <\/span><\/em><a href=\"https:\/\/apps.apple.com\/it\/app\/radio-pi%C3%B9-emittente-agordina\/id1515939845\">https:\/\/apps.apple.com\/it\/app\/radio-pi%C3%B9-emittente-agordina\/id1515939845<\/a><\/p>\n<p><em style=\"color: #ff0000;\">ATTENZIONE: LA NUOVA APP RADIO\u00a0 PER ANDROID di Nicola Vettorello<\/em><\/p>\n<p><a href=\"https:\/\/play.google.com\/store\/apps\/details?id=net.radiopiu.iniko\" target=\"_blank\" rel=\"noopener noreferrer\">https:\/\/play.google.com\/store\/apps\/details?id=net.radiopiu.iniko\u00a0\u00a0<\/a><\/p>\n<p>&nbsp;<\/p>\n<h3 class=\"kvgmc6g5 cxmmr5t8 oygrvhab hcukyx3x c1et5uql\"><\/h3>\n<div data-block=\"true\" data-editor=\"avj4u\" data-offset-key=\"d3i0j-0-0\">\n<hr \/>\n<\/div>\n<p>&nbsp;<\/p>\n<p>&nbsp;<\/p>\n<div data-block=\"true\" data-editor=\"avj4u\" data-offset-key=\"d3i0j-0-0\">\n<h3>DILLO A RADIO PIU&#8217;&#8230; ACQUA INQUINATA E TUTT&#8217;ATTORNO?<\/h3>\n<p><strong>ROCCA PIETORE<\/strong> Da gioved\u00ec scorso l&#8217;acqua dell&#8217;acquedotto di Caracoi Cimai \u00e8 inquinata. A distanza di una settimana la situazione \u00e8 la medesima. Sarebbe forse il caso di intervenire con priorit\u00e0 dopo gli schianti di Vaia?<br \/>\nIn allegato alcune foto pervenute in redazione.<\/p>\n\n\t\t\t<style type='text\/css'>\n\t\t\t\t#gallery-1 {\n\t\t\t\t\tmargin: auto;\n\t\t\t\t}\n\t\t\t\t#gallery-1 .gallery-item {\n\t\t\t\t\tfloat: left;\n\t\t\t\t\tmargin-top: 10px;\n\t\t\t\t\ttext-align: center;\n\t\t\t\t\twidth: 25%;\n\t\t\t\t}\n\t\t\t\t#gallery-1 img {\n\t\t\t\t\tborder: 2px solid #cfcfcf;\n\t\t\t\t}\n\t\t\t\t#gallery-1 .gallery-caption {\n\t\t\t\t\tmargin-left: 0;\n\t\t\t\t}\n\t\t\t\t\/* see gallery_shortcode() in wp-includes\/media.php *\/\n\t\t\t<\/style>\n\t\t<div id='gallery-1' class='dt-gallery-container gallery galleryid-386208 gallery-columns-4 gallery-size-thumbnail'><dl class='gallery-item'>\n\t\t\t\t<dt class='gallery-icon portrait'>\n\t\t\t\t\t<a class=\"rollover rollover-zoom dt-pswp-item\" title=\"bbfb0c04-b4c4-4a98-be1d-2081f229904a\" data-dt-img-description=\"\" data-large_image_width=\"1200\" data-large_image_height=\"1600\"href='https:\/\/www.radiopiu.net\/wordpress\/wp-content\/uploads\/2024\/04\/bbfb0c04-b4c4-4a98-be1d-2081f229904a.jpg'><img loading=\"lazy\" decoding=\"async\" width=\"150\" height=\"150\" src=\"https:\/\/www.radiopiu.net\/wordpress\/wp-content\/uploads\/2024\/04\/bbfb0c04-b4c4-4a98-be1d-2081f229904a-150x150.jpg\" class=\"attachment-thumbnail size-thumbnail\" alt=\"\" \/><\/a>\n\t\t\t\t<\/dt><\/dl><dl class='gallery-item'>\n\t\t\t\t<dt class='gallery-icon landscape'>\n\t\t\t\t\t<a class=\"rollover rollover-zoom dt-pswp-item\" title=\"b69d76e7-c638-41e3-8140-bcc0269c0b0b\" data-dt-img-description=\"\" data-large_image_width=\"1600\" data-large_image_height=\"1200\"href='https:\/\/www.radiopiu.net\/wordpress\/wp-content\/uploads\/2024\/04\/b69d76e7-c638-41e3-8140-bcc0269c0b0b.jpg'><img loading=\"lazy\" decoding=\"async\" width=\"150\" height=\"150\" src=\"https:\/\/www.radiopiu.net\/wordpress\/wp-content\/uploads\/2024\/04\/b69d76e7-c638-41e3-8140-bcc0269c0b0b-150x150.jpg\" class=\"attachment-thumbnail size-thumbnail\" alt=\"\" \/><\/a>\n\t\t\t\t<\/dt><\/dl><dl class='gallery-item'>\n\t\t\t\t<dt class='gallery-icon landscape'>\n\t\t\t\t\t<a class=\"rollover rollover-zoom dt-pswp-item\" title=\"a8d69b34-83e5-4640-9c86-5f7f0647e626\" data-dt-img-description=\"\" data-large_image_width=\"1600\" data-large_image_height=\"1200\"href='https:\/\/www.radiopiu.net\/wordpress\/wp-content\/uploads\/2024\/04\/a8d69b34-83e5-4640-9c86-5f7f0647e626.jpg'><img loading=\"lazy\" decoding=\"async\" width=\"150\" height=\"150\" src=\"https:\/\/www.radiopiu.net\/wordpress\/wp-content\/uploads\/2024\/04\/a8d69b34-83e5-4640-9c86-5f7f0647e626-150x150.jpg\" class=\"attachment-thumbnail size-thumbnail\" alt=\"\" \/><\/a>\n\t\t\t\t<\/dt><\/dl><dl class='gallery-item'>\n\t\t\t\t<dt class='gallery-icon portrait'>\n\t\t\t\t\t<a class=\"rollover rollover-zoom dt-pswp-item\" title=\"08889b5a-cf23-47f7-9acc-50270d340d50\" data-dt-img-description=\"\" data-large_image_width=\"1200\" data-large_image_height=\"1600\"href='https:\/\/www.radiopiu.net\/wordpress\/wp-content\/uploads\/2024\/04\/08889b5a-cf23-47f7-9acc-50270d340d50.jpg'><img loading=\"lazy\" decoding=\"async\" width=\"150\" height=\"150\" src=\"https:\/\/www.radiopiu.net\/wordpress\/wp-content\/uploads\/2024\/04\/08889b5a-cf23-47f7-9acc-50270d340d50-150x150.jpg\" class=\"attachment-thumbnail size-thumbnail\" alt=\"\" \/><\/a>\n\t\t\t\t<\/dt><\/dl><br style=\"clear: both\" \/>\n\t\t\t<\/div>\n\n<p>&nbsp;<\/p>\n<blockquote>\n<h3>A BERTOI DI VOLTAGO E ROCCA PIETORE ACQUA DI NUOVO POTABILE<\/h3>\n<\/blockquote>\n<p><strong>REDAZIONE<\/strong> Gestione Servizi Pubblici informa che a VOLTAGO AGORDINO in localit\u00e0 BERTOI\u00a0 e a ROCCA PIETORE nelle localit\u00e0 SOPRACORDEVOLE, SAVINER DI CALLONEGHE e CARACOI CIMAIl&#8217;acqua erogata dall&#8217;acquedotto \u00e8 di nuovo potabile e pu\u00f2 essere usata, quindi, per scopi alimentari.<\/p>\n<p>&nbsp;<\/p>\n<p>&nbsp;<\/p>\n<hr \/>\n<p>&nbsp;<\/p>\n<\/div>\n<div data-block=\"true\" data-editor=\"avj4u\" data-offset-key=\"d3i0j-0-0\"><\/div>\n<p><span style=\"color: #ff0000;\"><strong>OGGI ALLA RADIO<\/strong><\/span>: <strong>ALLE 7.20<\/strong> EL BAR DEL FIOR, DETTI E TRADIZIONI DI GIULIANA DA RONCH; <strong>ALLE 8.20<\/strong> PIU&#8217; SIAMO CON MARINA DONA&#8217; <strong>ALLE 9.10<\/strong> PREMIERE le novit\u00e0 musicali con Marco Gaz <strong>ALLE 9.20 <\/strong>MONICA FONTANIVE e le selezioni anni Ottanta<strong> 10.10<\/strong> MUSLA, LE NOVE IN LADIN con Michela Dell&#8217;Osbel <strong>ALLE 10.30 <\/strong>CASSA SOLIDARIETA&#8217; LAVORATORI LUXOTTICA con Paolo Chissal\u00e8 e Gianpierto Da Ronch <strong>ALLE 11 <\/strong>DANIELA RINALDI<strong> ALLE 12.00 <\/strong>VA TUTTO LISCIO CON MIRCO BENCIVENNI<strong> 12.30 <\/strong>GR PRINCIPALE<strong> 13.10<\/strong> SPECIALE APPROFONDIMENTO PROLOCO CAVIOLA CON PATRIZIO DE VENTURA E ALESSIO VALT<strong> ALLE 13.30<\/strong> PRIMA VERA HIT\u00a0 <strong>ALLE 14.00<\/strong> GOLDEN CLASSIC CON MARCO EDELVAIS<strong> ALLE 15.00 <\/strong>IL VENERDI MARINA C&#8217;E&#8217; IL PROGRAMMA DEL FINE SETTIMANA<strong> ALLE 16 <\/strong>IL ROCK DI MARCO COSTANTINI<strong> ALLE 18.10 <\/strong>LAURA MIANA, SONIA D&#8217;AGOSTINI, LA PRIMA SERATA CON PETTIROSSO AGORDINO.<\/p>\n<p>&nbsp;<\/p>\n<div class=\"x11i5rnm xat24cr x1mh8g0r x1vvkbs xtlvy1s x126k92a\">\n<div dir=\"auto\">\n<hr \/>\n<p>&nbsp;<\/p>\n<p>&nbsp;<\/p>\n<div class=\"x11i5rnm xat24cr x1mh8g0r x1vvkbs xtlvy1s x126k92a\">\n<div dir=\"auto\">\n<p><strong><a class=\"dt-pswp-item\" href=\"https:\/\/www.radiopiu.net\/wordpress\/wp-content\/uploads\/2024\/02\/2d44e751-d8a8-461b-8e22-d8e4e853b032.jpg\" data-dt-img-description=\"\" data-large_image_width=\"1600\" data-large_image_height=\"1200\"><img loading=\"lazy\" decoding=\"async\" class=\"wp-image-373307 alignleft\" src=\"https:\/\/www.radiopiu.net\/wordpress\/wp-content\/uploads\/2024\/02\/2d44e751-d8a8-461b-8e22-d8e4e853b032-300x225.jpg\" alt=\"\" width=\"105\" height=\"79\" srcset=\"https:\/\/www.radiopiu.net\/wordpress\/wp-content\/uploads\/2024\/02\/2d44e751-d8a8-461b-8e22-d8e4e853b032-300x225.jpg 300w, https:\/\/www.radiopiu.net\/wordpress\/wp-content\/uploads\/2024\/02\/2d44e751-d8a8-461b-8e22-d8e4e853b032-1024x768.jpg 1024w, https:\/\/www.radiopiu.net\/wordpress\/wp-content\/uploads\/2024\/02\/2d44e751-d8a8-461b-8e22-d8e4e853b032-768x576.jpg 768w, https:\/\/www.radiopiu.net\/wordpress\/wp-content\/uploads\/2024\/02\/2d44e751-d8a8-461b-8e22-d8e4e853b032-1536x1152.jpg 1536w, https:\/\/www.radiopiu.net\/wordpress\/wp-content\/uploads\/2024\/02\/2d44e751-d8a8-461b-8e22-d8e4e853b032.jpg 1600w\" sizes=\"auto, (max-width: 105px) 100vw, 105px\" \/><\/a>EL BAL DEL FIOR, DI GIULIANA DA RONCH, 19 APRILE 2024<\/strong><\/p>\n<\/div>\n<\/div>\n<\/div>\n<div dir=\"auto\">\n<audio class=\"wp-audio-shortcode\" id=\"audio-386208-1\" preload=\"none\" style=\"width: 100%;\" controls=\"controls\"><source type=\"audio\/mpeg\" src=\"https:\/\/www.radiopiu.net\/wordpress\/wp-content\/uploads\/2024\/04\/GVE-1.m4a?_=1\" \/><a href=\"https:\/\/www.radiopiu.net\/wordpress\/wp-content\/uploads\/2024\/04\/GVE-1.m4a\">https:\/\/www.radiopiu.net\/wordpress\/wp-content\/uploads\/2024\/04\/GVE-1.m4a<\/a><\/audio>\n<p>&nbsp;<\/p>\n<hr \/>\n<\/div>\n<\/div>\n<blockquote>\n<blockquote>\n<h1><span style=\"color: #ff0000;\">\u00a0<\/span><\/h1>\n<h1><span style=\"color: #ff0000;\">I podcast informativi del mattino &#8211; audio &#8211;\u00a0\u00a0<\/span><\/h1>\n<h1><span style=\"color: #0000ff;\"><strong>Pesaro truffa un&#8217;anziana:arrestato<\/strong>\u00a0<\/span><\/h1>\n<p>&nbsp;<\/p><\/blockquote>\n<p><strong><a class=\"dt-pswp-item\" href=\"https:\/\/www.radiopiu.net\/wordpress\/wp-content\/uploads\/2023\/11\/th-10.jpg\" data-dt-img-description=\"\" data-large_image_width=\"320\" data-large_image_height=\"180\"><img loading=\"lazy\" decoding=\"async\" class=\"wp-image-362866 alignleft\" src=\"https:\/\/www.radiopiu.net\/wordpress\/wp-content\/uploads\/2023\/11\/th-10-300x169.jpg\" alt=\"\" width=\"185\" height=\"104\" srcset=\"https:\/\/www.radiopiu.net\/wordpress\/wp-content\/uploads\/2023\/11\/th-10-300x169.jpg 300w, https:\/\/www.radiopiu.net\/wordpress\/wp-content\/uploads\/2023\/11\/th-10.jpg 320w\" sizes=\"auto, (max-width: 185px) 100vw, 185px\" \/><\/a>LA RASSEGNA STAMPA NAZIONALE ALLA RADIO, OGNI GIORNO ALLE 5 E ALLE 6 DEL MATTINO <span style=\"color: #0000ff;\">viene pubblicata alle 6.00 <span style=\"color: #ff0000;\">DIRETTA RADIO\u00a0 \u00a0\u00a0<\/span><\/span><\/strong><\/p>\n<p>&nbsp;<\/p>\n<p>DI STEFANO FAMA&#8217;<\/p><\/blockquote>\n<p><strong>Politica<\/strong>, diritto di aborto bocciato l&#8217;ordine del giorno sui consultori. <strong>Economia<\/strong> Vinitaly, Lollobrigida vorrebbe obbligare e mettere i formaggi nei menu&#8217; <strong>Iran<\/strong> minaccia di attaccare i siti nucleari israeliani in caso di aggressione <strong>Ucraina<\/strong> urgente dare pi\u00f9 difesa a Kiev <strong>Torino<\/strong> rogo in centro <strong>Napoli <\/strong>incidente mortale <strong>Pesaro truffa un&#8217;anziana: arrestato<\/strong>\u00a0Maltempo in Veneto <strong>Sport<\/strong> ciclismo<\/p>\n<h2>AUDIO dalle 7 del mattino<\/h2>\n<audio class=\"wp-audio-shortcode\" id=\"audio-386208-2\" preload=\"none\" style=\"width: 100%;\" controls=\"controls\"><source type=\"audio\/mpeg\" src=\"https:\/\/www.radiopiu.net\/wordpress\/wp-content\/uploads\/2024\/04\/GIORNALEDELLESEI-17.mp3?_=2\" \/><a href=\"https:\/\/www.radiopiu.net\/wordpress\/wp-content\/uploads\/2024\/04\/GIORNALEDELLESEI-17.mp3\">https:\/\/www.radiopiu.net\/wordpress\/wp-content\/uploads\/2024\/04\/GIORNALEDELLESEI-17.mp3<\/a><\/audio>\n<p>&nbsp;<\/p>\n<p>&nbsp;<\/p>\n<hr \/>\n<p>&nbsp;<\/p>\n<h1 style=\"text-align: center;\"><span style=\"color: #ff0000;\">I podcast informativi del mattino &#8211; audio &#8211;\u00a0<\/span><\/h1>\n<p><strong><a class=\"dt-pswp-item\" href=\"https:\/\/www.radiopiu.net\/wordpress\/wp-content\/uploads\/2023\/12\/images.png\" data-dt-img-description=\"\" data-large_image_width=\"316\" data-large_image_height=\"160\"><img loading=\"lazy\" decoding=\"async\" class=\"wp-image-367008 alignleft\" src=\"https:\/\/www.radiopiu.net\/wordpress\/wp-content\/uploads\/2023\/12\/images-300x152.png\" alt=\"\" width=\"235\" height=\"119\" srcset=\"https:\/\/www.radiopiu.net\/wordpress\/wp-content\/uploads\/2023\/12\/images-300x152.png 300w, https:\/\/www.radiopiu.net\/wordpress\/wp-content\/uploads\/2023\/12\/images.png 316w\" sizes=\"auto, (max-width: 235px) 100vw, 235px\" \/><\/a>OGNI GIORNO ALLE SETTE DEL MATTINO, LA RASSEGNA STAMPA LOCALE FLASH&#8230; PER CHI VA IN FRETTA. I TITOLI DAI GIORNALI E DAL SITO WWW.RADIOPIU.NET <span style=\"color: #0000ff;\">viene pubblicato alle 7.00<\/span> <span style=\"color: #ff0000;\">DIRETTA RADIO\u00a0<\/span><\/strong><\/p>\n<p><em><span style=\"color: #ff0000;\">per chi va in fretta&#8230; tante notizie in pochi minuti. L&#8217;informazione locale alla radio, ogni ora dalle 7 del mattino alle 19 della sera.\u00a0 \u00a0 \u00a0\u00a0<\/span><\/em><\/p>\n<p>&nbsp;<\/p>\n<p><strong>AGORDO<\/strong> Improvvisamente Felipe Scussel Lopez ha lasciato i sui cari, il pap\u00e0 Daniele, la mamma Lidia il piccolo Samuel, cugini, zii, famigliari, parenti tutti. Oggi alle 15, i funerali in cimitero ad Agordo. \u201cSaluteremo il piccolo Felipe con un discorso ed una preghiera\u201d<br \/>\n<strong>ROCCA PIETORE<\/strong> Da gioved\u00ec scorso l\u2019acqua dell\u2019acquedotto di Caracoi Cimai \u00e8 inquinata. A distanza di una settimana la situazione \u00e8 la medesima. Sarebbe forse il caso di intervenire con priorit\u00e0 dopo gli schianti di Vaia?<br \/>\n<strong>VOLTAGO E ROCCA PIETORE<\/strong> ACQUA DI NUOVO POTABILE<br \/>\n<strong>CORTINA<\/strong> Un uomo di 28 anni \u00e8 stato arrestato per rapina dopo aver tentato di rubare generi alimentari da un supermercato a Mestre. Durante il tentativo di fuga con un carrello pieno, ha aggredito un addetto al negozio. Dopo la direttissima, \u00e8 stato condannato a dieci mesi e 20 giorni di reclusione, con sospensione della pena e pagamento di una multa di 800 euro.<br \/>\n<strong>ESSILORLUXOTTICA:<\/strong> IL FATTURATO DEL PRIMO TRIMESTRE AUMENTA DEL 5,5%<\/p>\n<h2>AUDIO dalle 7 del mattino<\/h2>\n<audio class=\"wp-audio-shortcode\" id=\"audio-386208-3\" preload=\"none\" style=\"width: 100%;\" controls=\"controls\"><source type=\"audio\/mpeg\" src=\"https:\/\/www.radiopiu.net\/wordpress\/wp-content\/uploads\/2024\/04\/GF07-15.mp3?_=3\" \/><a href=\"https:\/\/www.radiopiu.net\/wordpress\/wp-content\/uploads\/2024\/04\/GF07-15.mp3\">https:\/\/www.radiopiu.net\/wordpress\/wp-content\/uploads\/2024\/04\/GF07-15.mp3<\/a><\/audio>\n<p>&nbsp;<\/p>\n<p>&nbsp;<\/p>\n<hr \/>\n<p>&nbsp;<\/p>\n<h1><\/h1>\n<h1 style=\"text-align: center;\"><span style=\"color: #ff0000;\"><a class=\"dt-pswp-item\" href=\"https:\/\/www.radiopiu.net\/wordpress\/wp-content\/uploads\/2022\/01\/026c3f9d-dae9-4040-a3c1-a6530231bcc3.jpg\" data-dt-img-description=\"\" data-large_image_width=\"1152\" data-large_image_height=\"2048\"><img loading=\"lazy\" decoding=\"async\" class=\"wp-image-251839 alignleft\" src=\"https:\/\/www.radiopiu.net\/wordpress\/wp-content\/uploads\/2022\/01\/026c3f9d-dae9-4040-a3c1-a6530231bcc3-169x300.jpg\" alt=\"\" width=\"100\" height=\"177\" srcset=\"https:\/\/www.radiopiu.net\/wordpress\/wp-content\/uploads\/2022\/01\/026c3f9d-dae9-4040-a3c1-a6530231bcc3-169x300.jpg 169w, https:\/\/www.radiopiu.net\/wordpress\/wp-content\/uploads\/2022\/01\/026c3f9d-dae9-4040-a3c1-a6530231bcc3-576x1024.jpg 576w, https:\/\/www.radiopiu.net\/wordpress\/wp-content\/uploads\/2022\/01\/026c3f9d-dae9-4040-a3c1-a6530231bcc3-768x1365.jpg 768w, https:\/\/www.radiopiu.net\/wordpress\/wp-content\/uploads\/2022\/01\/026c3f9d-dae9-4040-a3c1-a6530231bcc3-864x1536.jpg 864w, https:\/\/www.radiopiu.net\/wordpress\/wp-content\/uploads\/2022\/01\/026c3f9d-dae9-4040-a3c1-a6530231bcc3.jpg 1152w\" sizes=\"auto, (max-width: 100px) 100vw, 100px\" \/><\/a>I podcast informativi del mattino &#8211; audio &#8211;\u00a0<\/span><\/h1>\n<blockquote><p><strong>GIORNALE RADIO NAZIONALE, EDIZIONE DELLE SETTE <span style=\"color: #0000ff;\">viene pubblicato alle 7.05 <span style=\"color: #ff0000;\">DIRETTA RADIO\u00a0<\/span><\/span><\/strong><\/p><\/blockquote>\n<p><strong>il giornale radionazionale e&#8217; in onda ogni ora, dalle sette del mattino alle venti della sera\u00a0\u00a0<\/strong><\/p>\n<p>&nbsp;<\/p>\n<p><strong>Israele<\/strong> ha attaccato l&#8217;Iran, <strong>Stati Uniti<\/strong> non lo abbiamo autorizzato <strong>G7<\/strong> urgente che gli amici dell&#8217;Ucraina la aiutino per la pace, se <strong>Kiev<\/strong> perde Putin non sieder\u00e0 al tavolo della pace. <strong>Kenia\u00a0<\/strong> 9 persone morte nello schianto dell&#8217;elicottero. <strong>Salis<\/strong> candidata a sinistra per le europee <strong>Catania<\/strong> manutentore di ascensori di 31 anni incastrato nell&#8217;ascensore, morto schiacciato.<\/p>\n<h2>AUDIO dalle sette del mattino, ogni ora alla radio<\/h2>\n<audio class=\"wp-audio-shortcode\" id=\"audio-386208-4\" preload=\"none\" style=\"width: 100%;\" controls=\"controls\"><source type=\"audio\/mpeg\" src=\"https:\/\/www.radiopiu.net\/wordpress\/wp-content\/uploads\/2024\/04\/giornale07-17.mp3?_=4\" \/><a href=\"https:\/\/www.radiopiu.net\/wordpress\/wp-content\/uploads\/2024\/04\/giornale07-17.mp3\">https:\/\/www.radiopiu.net\/wordpress\/wp-content\/uploads\/2024\/04\/giornale07-17.mp3<\/a><\/audio>\n<h2><\/h2>\n<hr \/>\n<p>&nbsp;<\/p>\n<p>&nbsp;<\/p>\n<h1><span style=\"color: #ff0000;\">I podcast informativi del mattino &#8211; video &#8211;\u00a0<\/span><\/h1>\n<h2><strong><a class=\"dt-pswp-item\" href=\"https:\/\/www.radiopiu.net\/wordpress\/wp-content\/uploads\/2023\/12\/th-10.jpg\" data-dt-img-description=\"\" data-large_image_width=\"245\" data-large_image_height=\"180\"><img loading=\"lazy\" decoding=\"async\" class=\" wp-image-367395 alignleft\" src=\"https:\/\/www.radiopiu.net\/wordpress\/wp-content\/uploads\/2023\/12\/th-10.jpg\" alt=\"\" width=\"166\" height=\"122\" \/><\/a>RASSEGNA STAMPA LOCALE, ORE OTTO 05<\/strong><\/h2>\n<h2><strong> <span style=\"color: #0000ff;\">viene\u00a0 <\/span><\/strong><strong><span style=\"color: #0000ff;\">pubblicata alle 8.05 <span style=\"color: #ff0000;\">DIRETTA RADIO\u00a0\u00a0<\/span><\/span><\/strong><\/h2>\n<p><strong>DI MIRKO MEZZACASA\u00a0 \u00a0 <\/strong><\/p>\n<p><strong>\u00a0<\/strong><\/p>\n<p>ESSILORLUXOTTICA: IL FATTURATO DEL PRIMO TRIMESTRE AUMENTA DEL 5,5%<br \/>\n<a class=\"dt-pswp-item\" href=\"https:\/\/www.radiopiu.net\/wordpress\/wp-content\/uploads\/2024\/04\/copertina-5.png\" data-dt-img-description=\"\" data-large_image_width=\"461\" data-large_image_height=\"226\"><img loading=\"lazy\" decoding=\"async\" class=\"size-medium wp-image-386390 alignleft\" src=\"https:\/\/www.radiopiu.net\/wordpress\/wp-content\/uploads\/2024\/04\/copertina-5-300x147.png\" alt=\"\" width=\"300\" height=\"147\" srcset=\"https:\/\/www.radiopiu.net\/wordpress\/wp-content\/uploads\/2024\/04\/copertina-5-300x147.png 300w, https:\/\/www.radiopiu.net\/wordpress\/wp-content\/uploads\/2024\/04\/copertina-5.png 461w\" sizes=\"auto, (max-width: 300px) 100vw, 300px\" \/><\/a>BELLUNO Affrontato il Tema del Lupo nel Territorio Bellunese: Incontro tra Prefettura e Provincia La discussione sul lupo continua a suscitare interesse e dibattito nel territorio bellunese, con l\u2019obiettivo di trovare soluzioni sostenibili e in linea con le normative esistenti.<br \/>\nMESTRE Il 12 aprile scorso, a Mestre, i Carabinieri hanno arrestato un giovane di 28 anni, originario del Cadore, per rapina. Aveva rubato generi alimentari da un supermercato locale e aveva aggredito un dipendente nel tentativo di fuggire con la merce non pagata. \u00c8 stato arrestato<br \/>\nROMA MINISTRI E CAPO DELLA PROTEZIONE CIVILE PLAUDONO AI \u201cPIANI BOTTACIN\u201d<br \/>\nBELLUNO Parte da Mel di Borgo Valbelluna il progetto \u201cOrizzonte Attrattivit\u00e0\u201d coordinato dal Gal Prealpi e Dolomiti che coinvolge enti pubblici e realt\u00e0 private per sviluppare iniziative sul territorio in tema di attrattivit\u00e0.<br \/>\nSEGUGI E SEGUGISTI\u2026 IL XV PALIO DELLE PROVINCE SUL SITO DI RADIOPIU L&#8217;INTERVISTA A MARIO ALESSANDRO BOLDO, PRESIDENTE PROVINCIALE<br \/>\n<a class=\"dt-pswp-item\" href=\"https:\/\/www.radiopiu.net\/wordpress\/wp-content\/uploads\/2024\/04\/BARDIN-1.png\" data-dt-img-description=\"\" data-large_image_width=\"450\" data-large_image_height=\"328\"><img loading=\"lazy\" decoding=\"async\" class=\"size-medium wp-image-386378 alignright\" src=\"https:\/\/www.radiopiu.net\/wordpress\/wp-content\/uploads\/2024\/04\/BARDIN-1-300x219.png\" alt=\"\" width=\"300\" height=\"219\" srcset=\"https:\/\/www.radiopiu.net\/wordpress\/wp-content\/uploads\/2024\/04\/BARDIN-1-300x219.png 300w, https:\/\/www.radiopiu.net\/wordpress\/wp-content\/uploads\/2024\/04\/BARDIN-1.png 450w\" sizes=\"auto, (max-width: 300px) 100vw, 300px\" \/><\/a>BELLUNO LORRAINE BERTON PLAUDE LA NUOVA SQUADRA DI ORSINI, PRESIDENTE DI CONFINDUSTRIA<\/p>\n<h2><strong>VIDEO\u00a0 \u00a0in diretta dalle 8 del mattino<\/strong><\/h2>\n<p><iframe loading=\"lazy\" title=\"DAL 1983 LA RASSEGNA STAMPA LOCALE di mirko mezzacasa. L&#039;ORIGINALE\" width=\"1200\" height=\"675\" src=\"https:\/\/www.youtube.com\/embed\/jg6zCuTIqu8?feature=oembed\" frameborder=\"0\" allow=\"accelerometer; autoplay; clipboard-write; encrypted-media; gyroscope; picture-in-picture; web-share\" referrerpolicy=\"strict-origin-when-cross-origin\" allowfullscreen><\/iframe><\/p>\n<hr \/>\n<p>&nbsp;<\/p>\n<blockquote>\n<h3>Addio Improvviso a Felipe Scussel Lopez: Funerali oggi ad Agordo<\/h3>\n<\/blockquote>\n<blockquote><p><em>Un piccolo angelo&#8230;che riposer\u00e0 in cimitero ad Agordo<\/em><\/p><\/blockquote>\n<p><strong><a class=\"dt-pswp-item\" href=\"https:\/\/www.radiopiu.net\/wordpress\/wp-content\/uploads\/2024\/04\/Senza-nome-29.png\" data-dt-img-description=\"\" data-large_image_width=\"357\" data-large_image_height=\"237\"><img loading=\"lazy\" decoding=\"async\" class=\"wp-image-386265 alignleft\" src=\"https:\/\/www.radiopiu.net\/wordpress\/wp-content\/uploads\/2024\/04\/Senza-nome-29-300x199.png\" alt=\"\" width=\"174\" height=\"115\" srcset=\"https:\/\/www.radiopiu.net\/wordpress\/wp-content\/uploads\/2024\/04\/Senza-nome-29-300x199.png 300w, https:\/\/www.radiopiu.net\/wordpress\/wp-content\/uploads\/2024\/04\/Senza-nome-29.png 357w\" sizes=\"auto, (max-width: 174px) 100vw, 174px\" \/><\/a>AGORDO<\/strong> Improvvisamente Felipe Scussel Lopez ha lasciato i sui cari, il pap\u00e0 Daniele, la mamma Lidia il piccolo Samuel, cugini, zii, famigliari, parenti tutti.<\/p>\n<p>Oggi alle 15, i funerali in cimitero ad Agordo. <em>&#8220;Saluteremo il piccolo Felipe con un discorso ed una preghiera&#8221;<\/em><\/p>\n<p><em><strong>La famiglia ha porto un ringraziamento al personale sanitario dei Pronto Soccorso di Agordo e Belluno, al reparto Pediatria 3, alla TIPed alla TIPO Cardiochirurgica Pediatrica dell&#8217;Azienda Ospedaliera di Padova per le amorevoli cure prestate<\/strong><\/em><\/p>\n<p>&nbsp;<\/p>\n<p><strong>DI GIANNI SANTOMASO<\/strong><\/p>\n<audio class=\"wp-audio-shortcode\" id=\"audio-386208-5\" preload=\"none\" style=\"width: 100%;\" controls=\"controls\"><source type=\"audio\/mpeg\" src=\"https:\/\/www.radiopiu.net\/wordpress\/wp-content\/uploads\/2024\/04\/GIANNI-BAMBINO-MORTO-AGORDO.mp3?_=5\" \/><a href=\"https:\/\/www.radiopiu.net\/wordpress\/wp-content\/uploads\/2024\/04\/GIANNI-BAMBINO-MORTO-AGORDO.mp3\">https:\/\/www.radiopiu.net\/wordpress\/wp-content\/uploads\/2024\/04\/GIANNI-BAMBINO-MORTO-AGORDO.mp3<\/a><\/audio>\n<p>&nbsp;<\/p>\n\n\t\t\t<style type='text\/css'>\n\t\t\t\t#gallery-2 {\n\t\t\t\t\tmargin: auto;\n\t\t\t\t}\n\t\t\t\t#gallery-2 .gallery-item {\n\t\t\t\t\tfloat: left;\n\t\t\t\t\tmargin-top: 10px;\n\t\t\t\t\ttext-align: center;\n\t\t\t\t\twidth: 100%;\n\t\t\t\t}\n\t\t\t\t#gallery-2 img {\n\t\t\t\t\tborder: 2px solid #cfcfcf;\n\t\t\t\t}\n\t\t\t\t#gallery-2 .gallery-caption {\n\t\t\t\t\tmargin-left: 0;\n\t\t\t\t}\n\t\t\t\t\/* see gallery_shortcode() in wp-includes\/media.php *\/\n\t\t\t<\/style>\n\t\t<div id='gallery-2' class='dt-gallery-container gallery galleryid-386208 gallery-columns-1 gallery-size-medium'><dl class='gallery-item'>\n\t\t\t\t<dt class='gallery-icon portrait'>\n\t\t\t\t\t<a class=\"rollover rollover-zoom dt-pswp-item\" title=\"Felipe-Scussel-Lopez\" data-dt-img-description=\"\" data-large_image_width=\"558\" data-large_image_height=\"799\"href='https:\/\/www.radiopiu.net\/wordpress\/wp-content\/uploads\/2024\/04\/Felipe-Scussel-Lopez.jpg'><img loading=\"lazy\" decoding=\"async\" width=\"210\" height=\"300\" src=\"https:\/\/www.radiopiu.net\/wordpress\/wp-content\/uploads\/2024\/04\/Felipe-Scussel-Lopez-210x300.jpg\" class=\"attachment-medium size-medium\" alt=\"\" srcset=\"https:\/\/www.radiopiu.net\/wordpress\/wp-content\/uploads\/2024\/04\/Felipe-Scussel-Lopez-210x300.jpg 210w, https:\/\/www.radiopiu.net\/wordpress\/wp-content\/uploads\/2024\/04\/Felipe-Scussel-Lopez.jpg 558w\" sizes=\"auto, (max-width: 210px) 100vw, 210px\" \/><\/a>\n\t\t\t\t<\/dt><\/dl><br style=\"clear: both\" \/>\n\t\t\t<\/div>\n\n<p>&nbsp;<\/p>\n<div class=\"w-full pt-2 md:pt-0 dark:border-white\/20 md:border-transparent md:dark:border-transparent md:w-[calc(100%-.5rem)]\">\n<form class=\"stretch mx-2 flex flex-row gap-3 last:mb-2 md:mx-4 md:last:mb-6 lg:mx-auto lg:max-w-2xl xl:max-w-3xl\">\n<div class=\"relative flex h-full flex-1 flex-col\">\n<div class=\"absolute bottom-full left-0 right-0\"><\/div>\n<div class=\"flex w-full items-center\"><\/div>\n<\/div>\n<\/form>\n<\/div>\n<p>&nbsp;<\/p>\n<hr \/>\n<p>&nbsp;<\/p>\n<blockquote>\n<h3>ESSILORLUXOTTICA: IL FATTURATO DEL PRIMO TRIMESTRE AUMENTA DEL 5,5%<\/h3>\n<\/blockquote>\n<p><strong><a class=\"dt-pswp-item\" href=\"https:\/\/www.radiopiu.net\/wordpress\/wp-content\/uploads\/2024\/04\/essilorluxottica.png\" data-dt-img-description=\"\" data-large_image_width=\"400\" data-large_image_height=\"400\"><img loading=\"lazy\" decoding=\"async\" class=\" wp-image-386124 alignleft\" src=\"https:\/\/www.radiopiu.net\/wordpress\/wp-content\/uploads\/2024\/04\/essilorluxottica-300x300.png\" alt=\"\" width=\"150\" height=\"150\" srcset=\"https:\/\/www.radiopiu.net\/wordpress\/wp-content\/uploads\/2024\/04\/essilorluxottica-300x300.png 300w, https:\/\/www.radiopiu.net\/wordpress\/wp-content\/uploads\/2024\/04\/essilorluxottica-150x150.png 150w, https:\/\/www.radiopiu.net\/wordpress\/wp-content\/uploads\/2024\/04\/essilorluxottica.png 400w\" sizes=\"auto, (max-width: 150px) 100vw, 150px\" \/><\/a>CHARENTON-LE-PONT (FRANCIA) <\/strong>EssilorLuxottica ha annunciato un incremento dei ricavi nel primo trimestre 2024, raggiungendo 6.335 milioni di Euro, con un aumento del 5,5% a cambi costanti rispetto allo stesso periodo nel 2023. Francesco Milleri e Paul du Saillant, hanno espresso soddisfazione per il risultato, evidenziando il contributo di tutte le divisioni e regioni. La strategia aziendale si focalizza sull&#8217;innovazione con prodotti come Stellest e Varilux XR series, e sul rafforzamento del portafoglio marchi con rinnovi degli accordi di licenza e acquisizioni, come Washin. Ray-Ban Meta e Nuance Audio sono state presentate al Congresso americano, confermando l&#8217;impegno verso l&#8217;espansione dell&#8217;ottica. Il trimestre ha registrato una crescita &#8220;mid-single digit&#8221;, allineandosi alle previsioni di lungo termine, nonostante una base di confronto sfavorevole. Le performance migliori sono state nell&#8217;EMEA, Asia-Pacifico e America Latina, mentre il Nord America ha visto una crescita &#8220;low-single digit&#8221;. I ricavi del Nord America sono stati di 2.875 milioni di Euro (+1,7% rispetto al Q1 2023), mentre nell&#8217;EMEA sono stati di 2.321 milioni di Euro (+8,5%) e nell&#8217;Asia-Pacifico di 768 milioni di Euro (+8,2%). L&#8217;America Latina ha registrato 371 milioni di Euro (+10,9%), trainata dall&#8217;inflazione in Argentina.<\/p>\n<p>&nbsp;<\/p>\n<p>&nbsp;<\/p>\n<hr \/>\n<p>&nbsp;<\/p>\n<blockquote>\n<h3>Affrontato il Tema del Lupo nel Territorio Bellunese: Incontro tra Prefettura e Provincia<\/h3>\n<blockquote><p><em>La discussione sul lupo continua a suscitare interesse e dibattito nel territorio bellunese, con l&#8217;obiettivo di trovare soluzioni sostenibili e in linea con le normative esistenti.\u00a0<\/em><\/p><\/blockquote>\n<p><strong>PER LE TRE RADIO BARBARA PAOLAZZI<\/strong><\/p>\n<audio class=\"wp-audio-shortcode\" id=\"audio-386208-6\" preload=\"none\" style=\"width: 100%;\" controls=\"controls\"><source type=\"audio\/mpeg\" src=\"https:\/\/www.radiopiu.net\/wordpress\/wp-content\/uploads\/2024\/04\/PAOLAZZI-LUPI-PROVINCIA-PREFETTO.mp3?_=6\" \/><a href=\"https:\/\/www.radiopiu.net\/wordpress\/wp-content\/uploads\/2024\/04\/PAOLAZZI-LUPI-PROVINCIA-PREFETTO.mp3\">https:\/\/www.radiopiu.net\/wordpress\/wp-content\/uploads\/2024\/04\/PAOLAZZI-LUPI-PROVINCIA-PREFETTO.mp3<\/a><\/audio>\n<p>&nbsp;<\/p><\/blockquote>\n<p><strong><a class=\"dt-pswp-item\" href=\"https:\/\/www.radiopiu.net\/wordpress\/wp-content\/uploads\/2024\/04\/IMG-20240416-WA0002-1.jpg\" data-dt-img-description=\"\" data-large_image_width=\"1600\" data-large_image_height=\"1200\"><img loading=\"lazy\" decoding=\"async\" class=\" wp-image-386283 alignleft\" src=\"https:\/\/www.radiopiu.net\/wordpress\/wp-content\/uploads\/2024\/04\/IMG-20240416-WA0002-1-300x225.jpg\" alt=\"\" width=\"176\" height=\"132\" srcset=\"https:\/\/www.radiopiu.net\/wordpress\/wp-content\/uploads\/2024\/04\/IMG-20240416-WA0002-1-300x225.jpg 300w, https:\/\/www.radiopiu.net\/wordpress\/wp-content\/uploads\/2024\/04\/IMG-20240416-WA0002-1-1024x768.jpg 1024w, https:\/\/www.radiopiu.net\/wordpress\/wp-content\/uploads\/2024\/04\/IMG-20240416-WA0002-1-768x576.jpg 768w, https:\/\/www.radiopiu.net\/wordpress\/wp-content\/uploads\/2024\/04\/IMG-20240416-WA0002-1-1536x1152.jpg 1536w, https:\/\/www.radiopiu.net\/wordpress\/wp-content\/uploads\/2024\/04\/IMG-20240416-WA0002-1.jpg 1600w\" sizes=\"auto, (max-width: 176px) 100vw, 176px\" \/><\/a>BELLUNO<\/strong> Prefettura e Provincia hanno affrontato il tema del lupo. La riunione, convocata dal prefetto Mariano Savastano e presieduta dal presidente della Provincia\u00a0 ha delineato due linee d&#8217;azione condivise. La prima prevede un&#8217;ampia campagna di informazione e formazione sul territorio, mirata a sensibilizzare la popolazione sui comportamenti da adottare per evitare l&#8217;avvicinamento dei lupi alle abitazioni. La seconda riguarda una richiesta al Ministero dell&#8217;Ambiente per ottenere una deroga che consenta l&#8217;adozione di misure di dissuasione nei confronti degli esemplari confidenti.<\/p>\n<blockquote>\n<blockquote><p><em><b>Un vademecum e incontri sul territorio per la corretta informazione sul tema del lupo.\u00a0\u00a0<\/b>\u00abAllo studio la richiesta al Ministero dell\u2019Ambiente di una deroga per tutto il Bellunese per adottare misure di dissuasione per gli esemplari confidenti\u00bb<\/em><\/p><\/blockquote>\n<p><strong>Il Quadro Normativo e le Misure Preventive<\/strong><\/p><\/blockquote>\n<p>La discussione ha preso le mosse dalla cornice normativa che regola la presenza del lupo, una specie particolarmente protetta. Sebbene siano vietate cattura, uccisione e disturbo, \u00e8 possibile intervenire in deroga per prevenire danni alle attivit\u00e0 produttive e per ragioni di sicurezza pubblica, previa autorizzazione ministeriale. Le misure preventive, come recinzioni elettrificate e stabulazione notturna degli animali da allevamento, sono fondamentali anche per evitare l&#8217;avvicinamento dei lupi ai centri abitati.<\/p>\n<blockquote><p><strong>Informazione, Formazione e Richiesta di Deroga<\/strong><\/p><\/blockquote>\n<p>Il prefetto Savastano ha sottolineato l&#8217;importanza di informare adeguatamente la popolazione per ridurre l&#8217;insicurezza legata alla presenza dei lupi, ringraziando la Provincia per la collaborazione e la disponibilit\u00e0 degli agenti di Polizia Provinciale. Oltre agli incontri informativi, \u00e8 stata avanzata una richiesta di estensione delle misure di dissuasione a tutto il territorio provinciale, con l&#8217;utilizzo di pallini di gomma per gli esemplari confidenti.<\/p>\n<p>&nbsp;<\/p>\n<p>&nbsp;<\/p>\n<hr \/>\n<p>&nbsp;<\/p>\n<blockquote>\n<h3>GIOVANE CADORINO ARRESTATO PER FURTO A MESTRE<\/h3>\n<\/blockquote>\n<p><strong><a class=\"dt-pswp-item\" href=\"https:\/\/www.radiopiu.net\/wordpress\/wp-content\/uploads\/2024\/04\/85a3e6ac-4ca0-4bab-92d8-a09da28911b5.jpg\" data-dt-img-description=\"\" data-large_image_width=\"800\" data-large_image_height=\"502\"><img loading=\"lazy\" decoding=\"async\" class=\" wp-image-386361 alignleft\" src=\"https:\/\/www.radiopiu.net\/wordpress\/wp-content\/uploads\/2024\/04\/85a3e6ac-4ca0-4bab-92d8-a09da28911b5-300x188.jpg\" alt=\"\" width=\"168\" height=\"105\" srcset=\"https:\/\/www.radiopiu.net\/wordpress\/wp-content\/uploads\/2024\/04\/85a3e6ac-4ca0-4bab-92d8-a09da28911b5-300x188.jpg 300w, https:\/\/www.radiopiu.net\/wordpress\/wp-content\/uploads\/2024\/04\/85a3e6ac-4ca0-4bab-92d8-a09da28911b5-768x482.jpg 768w, https:\/\/www.radiopiu.net\/wordpress\/wp-content\/uploads\/2024\/04\/85a3e6ac-4ca0-4bab-92d8-a09da28911b5.jpg 800w\" sizes=\"auto, (max-width: 168px) 100vw, 168px\" \/><\/a>MESTRE<\/strong> Il 12 aprile scorso, a Mestre, i Carabinieri hanno arrestato un giovane di 28 anni, originario del Cadore, per rapina. Aveva rubato generi alimentari da un supermercato locale e aveva aggredito un dipendente nel tentativo di fuggire con la merce non pagata. \u00c8 stato fermato dal personale di sicurezza e successivamente arrestato dai militari. Dopo le procedure legali, \u00e8 stato condannato a 10 mesi e 20 giorni di reclusione con sospensione della pena e una multa di 800 euro.<\/p>\n<p>&nbsp;<\/p>\n<p>&nbsp;<\/p>\n<hr \/>\n<p>&nbsp;<\/p>\n<p>&nbsp;<\/p>\n<p><strong class=\"photoswipe-wrapper\"><a class=\"dt-pswp-item pspw-wrap-ready\" href=\"https:\/\/www.radiopiu.net\/wordpress\/wp-content\/uploads\/2024\/01\/Senza-nome-34.png\" data-dt-img-description=\"\" data-large_image_width=\"239\" data-large_image_height=\"153\"><img loading=\"lazy\" decoding=\"async\" class=\"wp-image-369478 alignleft\" src=\"https:\/\/www.radiopiu.net\/wordpress\/wp-content\/uploads\/2024\/01\/Senza-nome-34.png\" alt=\"\" width=\"128\" height=\"82\" \/><\/a><\/strong><\/p>\n<p><strong>dal TG BELLUNESE di\u00a0 ANTENNA 3 ogni sera alle 19.30 sul canale 10 del digitale terrestre e alle 19 le anticipazioni alla radio.\u00a0\u00a0<\/strong><\/p>\n<p>&nbsp;<\/p>\n<p>&nbsp;<\/p>\n<blockquote>\n<h3 class=\"_title post-title entry-title\">OSPEDALE, I SUCCESSI DEL ROBOT \u2018DA VINCI\u2019<\/h3>\n<\/blockquote>\n<p>Intervistati GIUSEPPE DAL BEN (COMMISSARIO ULSS 1 DOLOMITI) (Servizio di\u00a0<a href=\"https:\/\/antennatre.medianordest.it\/redazione\/Fabio-Fioravanzi\/\">Fabio Fioravanzi<\/a>)<\/p>\n<p><iframe loading=\"lazy\" title=\"OSPEDALE, I SUCCESSI DEL ROBOT &#039;DA VINCI&#039; | 18\/04\/2024\" width=\"1200\" height=\"675\" src=\"https:\/\/www.youtube.com\/embed\/vjNtmjzLvfY?feature=oembed\" frameborder=\"0\" allow=\"accelerometer; autoplay; clipboard-write; encrypted-media; gyroscope; picture-in-picture; web-share\" referrerpolicy=\"strict-origin-when-cross-origin\" allowfullscreen><\/iframe><\/p>\n<p>&nbsp;<\/p>\n<p>&nbsp;<\/p>\n<div class=\"bd_header_single bd_header_single_template_2\">\n<div class=\"bd-container\">\n<div class=\"bd_header_single_holder\">\n<blockquote>\n<h3 class=\"_title post-title entry-title\">CORTINA D\u2019AMPEZZO | NO DI SINISTRA ITALIANA ALLA PISTA DA BOB<\/h3>\n<\/blockquote>\n<div class=\"article-meta-info\">\n<div class=\"cfix\"><\/div>\n<\/div>\n<\/div>\n<\/div>\n<\/div>\n<div class=\"bd-content-wrap\">\n<div class=\"cfix\">Intervistati PAOLO PERENZIN (SEGRETARIO SINISTRA ITALIANA PROVINCIA BELLUNO) (Servizio di\u00a0<a href=\"https:\/\/antennatre.medianordest.it\/redazione\/Fabio-Fioravanzi\/\">Fabio Fioravanzi<\/a>)<\/div>\n<div class=\"bd-container bdaia-post-template entry-content-only\">\n<div class=\"bd-row\">\n<div class=\"bd-main\">\n<div id=\"content\" role=\"main\">\n<article id=\"post-113363\" class=\"hentry post-113363 post type-post status-publish format-standard has-post-thumbnail category-a3treviso tag-a3 tag-antennatre tag-cortinadampezzo tag-fabiofioravanzi tag-gev tag-news tag-paoloperenzin tag-pistabob tag-sinistraitaliana tag-ugs\">\n<div class=\"bdaia-post-content\"><\/div>\n<\/article>\n<\/div>\n<\/div>\n<\/div>\n<\/div>\n<\/div>\n<p><iframe loading=\"lazy\" title=\"NO DI SINISTRA ITALIANA ALLA PISTA DA BOB | 18\/04\/2024\" width=\"1200\" height=\"675\" src=\"https:\/\/www.youtube.com\/embed\/uDydMtMrLm4?feature=oembed\" frameborder=\"0\" allow=\"accelerometer; autoplay; clipboard-write; encrypted-media; gyroscope; picture-in-picture; web-share\" referrerpolicy=\"strict-origin-when-cross-origin\" allowfullscreen><\/iframe><\/p>\n<p>&nbsp;<\/p>\n<hr \/>\n<p>&nbsp;<\/p>\n<p><strong>LA GIUDIZIARIA,<\/strong><br \/>\n<strong>DAL CORRIERE DELLE ALPI, DI GIGI SOSSO (sintesi)<\/strong><\/p>\n<p>&nbsp;<\/p>\n<p><span style=\"color: #ff0000;\">FELTRINO<\/span> La Corte di Cassazione ha confermato la condanna a tre anni e sei mesi per G. G. per violenza sessuale sulla ex compagna e su un&#8217;amica, rigettando il ricorso presentato dal suo difensore. I risarcimenti sono stati confermati: 10 mila euro alla donna con cui aveva avuto una relazione e 5 mila all&#8217;altra. La sentenza, resa definitiva, pone fine a undici anni di procedimenti giudiziari.<\/p>\n<p><span style=\"color: #ff0000;\">BELLUNO<\/span> Il bidello\u00a0 \u00e8 stato assolto per un falso nell&#8217;autocertificazione per un posto amministrativo, poich\u00e9 il patteggiamento del 2012 non costituisce reato, secondo la decisione del giudice Domenico Riposati.<\/p>\n<div class=\"flex-1 overflow-hidden\">\n<div class=\"react-scroll-to-bottom--css-gohku-79elbk h-full\">\n<div class=\"react-scroll-to-bottom--css-gohku-1n7m0yu\">\n<div class=\"flex flex-col text-sm pb-9\">\n<div class=\"w-full text-token-text-primary\" dir=\"auto\" data-testid=\"conversation-turn-93\">\n<div class=\"px-4 py-2 justify-center text-base md:gap-6 m-auto\">\n<div class=\"flex flex-1 text-base mx-auto gap-3 juice:gap-4 juice:md:gap-6 md:px-5 lg:px-1 xl:px-5 md:max-w-3xl lg:max-w-[40rem] xl:max-w-[48rem]\">\n<div class=\"relative flex w-full flex-col agent-turn\">\n<div class=\"absolute\">\n<div class=\"flex w-full gap-2 items-center justify-center\">\n<p><span style=\"color: #ff0000;\">FELTRE<\/span>\u00a0 38enne kosovaro domiciliato a Feltre, \u00e8 stato arrestato due volte in poche settimane e il secondo arresto \u00e8 stato convalidato dal giudice per le indagini preliminari Enrica Marson. Rimane a piede libero, ma con il divieto di contatto con la moglie e l&#8217;obbligo di mantenere una distanza minima di 300 metri da lei e di non frequentare il posto di lavoro senza autorizzazione della magistratura. \u00c8 indagato per maltrattamenti e lesioni, con la moglie che lo vorrebbe perdonare e riavere in casa, anche se il ritorno richiede un percorso comune, inclusi colloqui al consultorio familiare di Feltre.<\/p>\n<div class=\"flex-1 overflow-hidden\">\n<div class=\"react-scroll-to-bottom--css-gohku-79elbk h-full\">\n<div class=\"react-scroll-to-bottom--css-gohku-1n7m0yu\">\n<div class=\"flex flex-col text-sm pb-9\">\n<div class=\"w-full text-token-text-primary\" dir=\"auto\" data-testid=\"conversation-turn-95\">\n<div class=\"px-4 py-2 justify-center text-base md:gap-6 m-auto\">\n<div class=\"flex flex-1 text-base mx-auto gap-3 juice:gap-4 juice:md:gap-6 md:px-5 lg:px-1 xl:px-5 md:max-w-3xl lg:max-w-[40rem] xl:max-w-[48rem]\">\n<div class=\"relative flex w-full flex-col agent-turn\">\n<div class=\"flex-col gap-1 md:gap-3\">\n<div class=\"pr-2 lg:pr-0\"><\/div>\n<\/div>\n<div class=\"absolute\">\n<div class=\"flex w-full gap-2 items-center justify-center\">\n<p><span style=\"color: #ff0000;\">FELTRE<\/span> N. B. ha ricevuto un avviso di garanzia per il disastro colposo relativo all&#8217;esplosione dell&#8217;appartamento nella &#8220;Corte dei Fiori&#8221; lo scorso aprile. Il pm Claudio Fabris ha concluso le indagini e si prepara a chiedere il rinvio a giudizio. Secondo l&#8217;accusa, N.B. avrebbe cercato di collegare la tubatura del gas al piano cottura, causando un&#8217;esplosione, risultato ferito nell&#8217;esplosione, rischiava di provocare una strage.<\/p>\n<div class=\"flex-1 overflow-hidden\">\n<div class=\"react-scroll-to-bottom--css-gohku-79elbk h-full\">\n<div class=\"react-scroll-to-bottom--css-gohku-1n7m0yu\">\n<div class=\"flex flex-col text-sm pb-9\">\n<div class=\"w-full text-token-text-primary\" dir=\"auto\" data-testid=\"conversation-turn-99\">\n<div class=\"px-4 py-2 justify-center text-base md:gap-6 m-auto\">\n<div class=\"flex flex-1 text-base mx-auto gap-3 juice:gap-4 juice:md:gap-6 md:px-5 lg:px-1 xl:px-5 md:max-w-3xl lg:max-w-[40rem] xl:max-w-[48rem]\">\n<div class=\"relative flex w-full flex-col agent-turn\">\n<div class=\"flex-col gap-1 md:gap-3\">\n<div class=\"pr-2 lg:pr-0\"><\/div>\n<div>\n<p><span style=\"color: #ff0000;\">CORTINA <\/span>L&#8217;anziana classe 1945 di Cortina \u00e8 stata sottoposta a idrocolonterapia e altri maltrattamenti da parte del marito e della figlia, denunciati dalla sorella per la loro diffidenza verso i farmaci e i medici. Durante l&#8217;udienza, due dottori hanno testimoniato sulle condizioni dell&#8217;anziana, evidenziando problemi di igiene e di salute. Il processo proseguir\u00e0 il 24 febbraio 2025.<\/p>\n<div class=\"flex-1 overflow-hidden\">\n<div class=\"react-scroll-to-bottom--css-gohku-79elbk h-full\">\n<div class=\"react-scroll-to-bottom--css-gohku-1n7m0yu\">\n<div class=\"flex flex-col text-sm pb-9\">\n<div class=\"w-full text-token-text-primary\" dir=\"auto\" data-testid=\"conversation-turn-105\">\n<div class=\"px-4 py-2 justify-center text-base md:gap-6 m-auto\">\n<div class=\"flex flex-1 text-base mx-auto gap-3 juice:gap-4 juice:md:gap-6 md:px-5 lg:px-1 xl:px-5 md:max-w-3xl lg:max-w-[40rem] xl:max-w-[48rem]\">\n<div class=\"relative flex w-full flex-col agent-turn\">\n<div class=\"flex-col gap-1 md:gap-3\">\n<div class=\"pr-2 lg:pr-0\"><\/div>\n<\/div>\n<div class=\"absolute\">\n<div class=\"flex w-full gap-2 items-center justify-center\"><\/div>\n<\/div>\n<\/div>\n<\/div>\n<\/div>\n<\/div>\n<\/div>\n<\/div>\n<\/div>\n<\/div>\n<\/div>\n<\/div>\n<div class=\"absolute\">\n<div class=\"flex w-full gap-2 items-center justify-center\"><\/div>\n<\/div>\n<\/div>\n<\/div>\n<\/div>\n<\/div>\n<\/div>\n<\/div>\n<\/div>\n<\/div>\n<div class=\"w-full pt-2 md:pt-0 dark:border-white\/20 md:border-transparent md:dark:border-transparent md:w-[calc(100%-.5rem)]\">\n<form class=\"stretch mx-2 flex flex-row gap-3 last:mb-2 md:mx-4 md:last:mb-6 lg:mx-auto lg:max-w-2xl xl:max-w-3xl\">\n<div class=\"relative flex h-full flex-1 flex-col\">\n<div class=\"absolute bottom-full left-0 right-0\">\n<hr \/>\n<\/div>\n<div class=\"flex w-full items-center\"><\/div>\n<\/div>\n<\/form>\n<\/div>\n<\/div>\n<\/div>\n<\/div>\n<\/div>\n<\/div>\n<\/div>\n<\/div>\n<\/div>\n<\/div>\n<\/div>\n<div class=\"w-full pt-2 md:pt-0 dark:border-white\/20 md:border-transparent md:dark:border-transparent md:w-[calc(100%-.5rem)]\">\n<form class=\"stretch mx-2 flex flex-row gap-3 last:mb-2 md:mx-4 md:last:mb-6 lg:mx-auto lg:max-w-2xl xl:max-w-3xl\">\n<div class=\"relative flex h-full flex-1 flex-col\">\n<blockquote>\n<h3 class=\"flex w-full items-center\">GIOVEDI 25 APRILE DALLE 16&#8230;. DIRETTA RADIO<\/h3>\n<\/blockquote>\n<div class=\"flex w-full items-center\">\n<p><span style=\"color: #ff0000;\"><strong><span style=\"color: #0000ff;\">Radio Pi\u00f9 in esterno da Bardin, con la regia di Gianfranco Tome&#8217;&#8230; caleranno a Santa Giustina: Luisa Alchini, Paola Lanciato, Marina Don\u00f9, Brunella Moro, Marco Gaz, Francesco Tome&#8217;, il cantautore MARCO V DAL FARRA coordinamento Mirko Mezzacasa\u00a0<\/span><\/strong><\/span><\/p>\n<p>&nbsp;<\/p>\n<\/div>\n<\/div>\n<\/form>\n<\/div>\n<\/div>\n<\/div>\n<\/div>\n<\/div>\n<\/div>\n<\/div>\n<\/div>\n<\/div>\n<\/div>\n<\/div>\n<div class=\"w-full pt-2 md:pt-0 dark:border-white\/20 md:border-transparent md:dark:border-transparent md:w-[calc(100%-.5rem)]\">\n<form class=\"stretch mx-2 flex flex-row gap-3 last:mb-2 md:mx-4 md:last:mb-6 lg:mx-auto lg:max-w-2xl xl:max-w-3xl\">\n<div class=\"relative flex h-full flex-1 flex-col\">\n<div class=\"flex w-full items-center\"><a class=\"dt-pswp-item\" href=\"https:\/\/www.radiopiu.net\/wordpress\/wp-content\/uploads\/2024\/04\/BARDIN.png\" data-dt-img-description=\"\" data-large_image_width=\"450\" data-large_image_height=\"328\"><img loading=\"lazy\" decoding=\"async\" class=\"size-medium wp-image-386376 aligncenter\" src=\"https:\/\/www.radiopiu.net\/wordpress\/wp-content\/uploads\/2024\/04\/BARDIN-300x219.png\" alt=\"\" width=\"300\" height=\"219\" srcset=\"https:\/\/www.radiopiu.net\/wordpress\/wp-content\/uploads\/2024\/04\/BARDIN-300x219.png 300w, https:\/\/www.radiopiu.net\/wordpress\/wp-content\/uploads\/2024\/04\/BARDIN.png 450w\" sizes=\"auto, (max-width: 300px) 100vw, 300px\" \/><\/a><\/div>\n<\/div>\n<\/form>\n<\/div>\n<p>&nbsp;<\/p>\n<blockquote><p><em>prossimi appuntamenti: 18 maggio compleanno di Mirco De Bona a Belluno, 1 giugno la festa PIU&#8217; Siamo con speciale guest Jessica Lena, alla Birreria Pedavena La Valle Agordina, in previsione la presenza\u00a0 Feltre alla Mostra dell&#8217;Artigianato.\u00a0<\/em><\/p><\/blockquote>\n<hr \/>\n<p>&nbsp;<\/p>\n<blockquote>\n<h3>MINISTRI E CAPO DELLA PROTEZIONE CIVILE PLAUDONO AI &#8220;PIANI BOTTACIN&#8221;<\/h3>\n<\/blockquote>\n<p><strong><a class=\"dt-pswp-item\" href=\"https:\/\/www.radiopiu.net\/wordpress\/wp-content\/uploads\/2024\/04\/adca176b-f559-4183-b0e8-389af08bd8cf.jpg\" data-dt-img-description=\"\" data-large_image_width=\"1080\" data-large_image_height=\"1426\"><img loading=\"lazy\" decoding=\"async\" class=\" wp-image-386309 alignleft\" src=\"https:\/\/www.radiopiu.net\/wordpress\/wp-content\/uploads\/2024\/04\/adca176b-f559-4183-b0e8-389af08bd8cf-227x300.jpg\" alt=\"\" width=\"179\" height=\"237\" srcset=\"https:\/\/www.radiopiu.net\/wordpress\/wp-content\/uploads\/2024\/04\/adca176b-f559-4183-b0e8-389af08bd8cf-227x300.jpg 227w, https:\/\/www.radiopiu.net\/wordpress\/wp-content\/uploads\/2024\/04\/adca176b-f559-4183-b0e8-389af08bd8cf-776x1024.jpg 776w, https:\/\/www.radiopiu.net\/wordpress\/wp-content\/uploads\/2024\/04\/adca176b-f559-4183-b0e8-389af08bd8cf-768x1014.jpg 768w, https:\/\/www.radiopiu.net\/wordpress\/wp-content\/uploads\/2024\/04\/adca176b-f559-4183-b0e8-389af08bd8cf.jpg 1080w\" sizes=\"auto, (max-width: 179px) 100vw, 179px\" \/><\/a>ROMA<\/strong> Il convegno a Roma, organizzato dal Consiglio Nazionale degli Ingegneri e dal Consiglio Nazionale dei Geologi in occasione della giornata nazionale della prevenzione e mitigazione del rischio idrogeologico, ha visto la partecipazione di tre ministri: Salvini, Musumeci e Pichetto Frattin oltre che del Capo Dipartimento della Protezione Civile Nazionale Curcio e della Direttrice Generale di Ispra Siclari. Durante l&#8217;evento, l&#8217;assessore regionale Gianpaolo Bottacin \u00e8\u00a0 stato invitato a presentare le iniziative della Regione Veneto in questo settore, che hanno contribuito a renderla un punto di riferimento nazionale. L&#8217;assessore ha illustrato il piano regionale di mitigazione del rischio idrogeologico, che include numerosi interventi infrastrutturali per un valore complessivo di oltre un miliardo di euro.<\/p>\n<p>&nbsp;<\/p>\n<p><strong>L&#8217;ASSESSORE GIANPAOLO BOTTACIN\u00a0<\/strong><\/p>\n<div class=\"flex-1 overflow-hidden\">\n<div class=\"react-scroll-to-bottom--css-gohku-79elbk h-full\">\n<div class=\"react-scroll-to-bottom--css-gohku-1n7m0yu\">\n<div class=\"flex flex-col text-sm pb-9\">\n<div style=\"width: 848px;\" class=\"wp-video\"><video class=\"wp-video-shortcode\" id=\"video-386208-1\" width=\"848\" height=\"480\" preload=\"metadata\" controls=\"controls\"><source type=\"video\/mp4\" src=\"https:\/\/www.radiopiu.net\/wordpress\/wp-content\/uploads\/2024\/04\/WhatsApp-Video-2024-04-18-at-14.01.35.mp4?_=1\" \/><a href=\"https:\/\/www.radiopiu.net\/wordpress\/wp-content\/uploads\/2024\/04\/WhatsApp-Video-2024-04-18-at-14.01.35.mp4\">https:\/\/www.radiopiu.net\/wordpress\/wp-content\/uploads\/2024\/04\/WhatsApp-Video-2024-04-18-at-14.01.35.mp4<\/a><\/video><\/div>\n<p>&nbsp;<\/p>\n<\/div>\n<\/div>\n<\/div>\n<\/div>\n<p>&nbsp;<\/p>\n<p>&nbsp;<\/p>\n<hr \/>\n<p>&nbsp;<\/p>\n<blockquote>\n<h3>PRESENTATO IL PROGETTO &#8220;ORIZZONTE ATTRATTIVITA'&#8221;<\/h3>\n<\/blockquote>\n<p><strong><a class=\"dt-pswp-item\" href=\"https:\/\/www.radiopiu.net\/wordpress\/wp-content\/uploads\/2024\/04\/df3c7124-0431-45aa-84ef-80911f6b3269.jpg\" data-dt-img-description=\"\" data-large_image_width=\"2048\" data-large_image_height=\"1536\"><img loading=\"lazy\" decoding=\"async\" class=\" wp-image-386325 alignleft\" src=\"https:\/\/www.radiopiu.net\/wordpress\/wp-content\/uploads\/2024\/04\/df3c7124-0431-45aa-84ef-80911f6b3269-300x225.jpg\" alt=\"\" width=\"145\" height=\"109\" srcset=\"https:\/\/www.radiopiu.net\/wordpress\/wp-content\/uploads\/2024\/04\/df3c7124-0431-45aa-84ef-80911f6b3269-300x225.jpg 300w, https:\/\/www.radiopiu.net\/wordpress\/wp-content\/uploads\/2024\/04\/df3c7124-0431-45aa-84ef-80911f6b3269-1024x768.jpg 1024w, https:\/\/www.radiopiu.net\/wordpress\/wp-content\/uploads\/2024\/04\/df3c7124-0431-45aa-84ef-80911f6b3269-768x576.jpg 768w, https:\/\/www.radiopiu.net\/wordpress\/wp-content\/uploads\/2024\/04\/df3c7124-0431-45aa-84ef-80911f6b3269-1536x1152.jpg 1536w, https:\/\/www.radiopiu.net\/wordpress\/wp-content\/uploads\/2024\/04\/df3c7124-0431-45aa-84ef-80911f6b3269.jpg 2048w\" sizes=\"auto, (max-width: 145px) 100vw, 145px\" \/><\/a>BELLUNO<\/strong> Parte da Mel di Borgo Valbelluna il progetto \u201cOrizzonte Attrattivit\u00e0\u201d coordinato dal Gal Prealpi e Dolomiti che coinvolge enti pubblici e realt\u00e0 private per sviluppare iniziative sul territorio in tema di attrattivit\u00e0.<\/p>\n<p><strong>DI DANIELE DALVIT<\/strong><\/p>\n<audio class=\"wp-audio-shortcode\" id=\"audio-386208-7\" preload=\"none\" style=\"width: 100%;\" controls=\"controls\"><source type=\"audio\/mpeg\" src=\"https:\/\/www.radiopiu.net\/wordpress\/wp-content\/uploads\/2024\/04\/Radio-Piu-Servizio-Gal-Orizzonte-Attrattivita.mp3?_=7\" \/><a href=\"https:\/\/www.radiopiu.net\/wordpress\/wp-content\/uploads\/2024\/04\/Radio-Piu-Servizio-Gal-Orizzonte-Attrattivita.mp3\">https:\/\/www.radiopiu.net\/wordpress\/wp-content\/uploads\/2024\/04\/Radio-Piu-Servizio-Gal-Orizzonte-Attrattivita.mp3<\/a><\/audio>\n<p>&nbsp;<\/p>\n<p>&nbsp;<\/p>\n<hr \/>\n<p>&nbsp;<\/p>\n<blockquote>\n<h2>SEGUGI E SEGUGISTI&#8230; IL XV PALIO DELLE PROVINCE<\/h2>\n<\/blockquote>\n<p>di mirko mezzacasa<\/p>\n<blockquote>\n<p style=\"text-align: left;\"><strong>OSPITE MARIO ALESSANDRO BOLDO, PRESIDENTE PROVINCIALE\u00a0 \u00a0<\/strong><\/p>\n<\/blockquote>\n<audio class=\"wp-audio-shortcode\" id=\"audio-386208-8\" preload=\"none\" style=\"width: 100%;\" controls=\"controls\"><source type=\"audio\/mpeg\" src=\"https:\/\/www.radiopiu.net\/wordpress\/wp-content\/uploads\/2024\/04\/azione-segugi-e-segufsti.mp3?_=8\" \/><a href=\"https:\/\/www.radiopiu.net\/wordpress\/wp-content\/uploads\/2024\/04\/azione-segugi-e-segufsti.mp3\">https:\/\/www.radiopiu.net\/wordpress\/wp-content\/uploads\/2024\/04\/azione-segugi-e-segufsti.mp3<\/a><\/audio>\n\n\t\t\t<style type='text\/css'>\n\t\t\t\t#gallery-3 {\n\t\t\t\t\tmargin: auto;\n\t\t\t\t}\n\t\t\t\t#gallery-3 .gallery-item {\n\t\t\t\t\tfloat: left;\n\t\t\t\t\tmargin-top: 10px;\n\t\t\t\t\ttext-align: center;\n\t\t\t\t\twidth: 33%;\n\t\t\t\t}\n\t\t\t\t#gallery-3 img {\n\t\t\t\t\tborder: 2px solid #cfcfcf;\n\t\t\t\t}\n\t\t\t\t#gallery-3 .gallery-caption {\n\t\t\t\t\tmargin-left: 0;\n\t\t\t\t}\n\t\t\t\t\/* see gallery_shortcode() in wp-includes\/media.php *\/\n\t\t\t<\/style>\n\t\t<div id='gallery-3' class='dt-gallery-container gallery galleryid-386208 gallery-columns-3 gallery-size-thumbnail'><dl class='gallery-item'>\n\t\t\t\t<dt class='gallery-icon landscape'>\n\t\t\t\t\t<a class=\"rollover rollover-zoom dt-pswp-item\" title=\"LA SQUADRAD DI BELLUNO CON I PROPRI AUSILIARI\" data-dt-img-description=\"\" data-large_image_width=\"2048\" data-large_image_height=\"1536\"href='https:\/\/www.radiopiu.net\/wordpress\/wp-content\/uploads\/2024\/04\/LA-SQUADRAD-DI-BELLUNO-CON-I-PROPRI-AUSILIARI.jpg'><img loading=\"lazy\" decoding=\"async\" width=\"150\" height=\"150\" src=\"https:\/\/www.radiopiu.net\/wordpress\/wp-content\/uploads\/2024\/04\/LA-SQUADRAD-DI-BELLUNO-CON-I-PROPRI-AUSILIARI-150x150.jpg\" class=\"attachment-thumbnail size-thumbnail\" alt=\"\" \/><\/a>\n\t\t\t\t<\/dt><\/dl><dl class='gallery-item'>\n\t\t\t\t<dt class='gallery-icon landscape'>\n\t\t\t\t\t<a class=\"rollover rollover-zoom dt-pswp-item\" title=\"AREALI PROVA SU LEPRE\" data-dt-img-description=\"\" data-large_image_width=\"1600\" data-large_image_height=\"720\"href='https:\/\/www.radiopiu.net\/wordpress\/wp-content\/uploads\/2024\/04\/AREALI-PROVA-SU-LEPRE-1.jpg'><img loading=\"lazy\" decoding=\"async\" width=\"150\" height=\"150\" src=\"https:\/\/www.radiopiu.net\/wordpress\/wp-content\/uploads\/2024\/04\/AREALI-PROVA-SU-LEPRE-1-150x150.jpg\" class=\"attachment-thumbnail size-thumbnail\" alt=\"\" \/><\/a>\n\t\t\t\t<\/dt><\/dl><dl class='gallery-item'>\n\t\t\t\t<dt class='gallery-icon landscape'>\n\t\t\t\t\t<a class=\"rollover rollover-zoom dt-pswp-item\" title=\"03f2991c-ca53-4c63-9226-8e5e78fa337c\" data-dt-img-description=\"\" data-large_image_width=\"1600\" data-large_image_height=\"720\"href='https:\/\/www.radiopiu.net\/wordpress\/wp-content\/uploads\/2024\/04\/03f2991c-ca53-4c63-9226-8e5e78fa337c.jpg'><img loading=\"lazy\" decoding=\"async\" width=\"150\" height=\"150\" src=\"https:\/\/www.radiopiu.net\/wordpress\/wp-content\/uploads\/2024\/04\/03f2991c-ca53-4c63-9226-8e5e78fa337c-150x150.jpg\" class=\"attachment-thumbnail size-thumbnail\" alt=\"\" \/><\/a>\n\t\t\t\t<\/dt><\/dl><br style=\"clear: both\" \/>\n\t\t\t<\/div>\n\n<p>&nbsp;<\/p>\n<hr \/>\n<p>&nbsp;<\/p>\n<p>&nbsp;<\/p>\n<blockquote>\n<h2><span style=\"color: #ff0000;\"> Gli ecomusei del Veneto si raccontano<\/span><\/h2>\n<\/blockquote>\n<div class=\"flex-1 overflow-hidden\">\n<div class=\"react-scroll-to-bottom--css-gohku-79elbk h-full\">\n<div class=\"react-scroll-to-bottom--css-gohku-1n7m0yu\">\n<div class=\"flex flex-col text-sm pb-9\">\n<div class=\"w-full text-token-text-primary\" dir=\"auto\" data-testid=\"conversation-turn-107\">\n<div class=\"px-4 py-2 justify-center text-base md:gap-6 m-auto\">\n<div class=\"flex flex-1 text-base mx-auto gap-3 juice:gap-4 juice:md:gap-6 md:px-5 lg:px-1 xl:px-5 md:max-w-3xl lg:max-w-[40rem] xl:max-w-[48rem]\">\n<div class=\"relative flex w-full flex-col agent-turn\">\n<div class=\"flex-col gap-1 md:gap-3\">\n<div class=\"flex flex-grow flex-col max-w-full\">\n<div class=\"min-h-[20px] text-message flex flex-col items-start gap-3 whitespace-pre-wrap break-words [.text-message+&amp;]:mt-5 overflow-x-auto\" dir=\"auto\" data-message-author-role=\"assistant\" data-message-id=\"4b4fceaf-62a1-4413-acb5-9ecd9cdc0af6\">\n<div class=\"markdown prose w-full break-words dark:prose-invert dark\">\n<p><strong>CANALE D&#8217;AGORDO<\/strong> Il primo Meeting degli Ecomusei del Veneto, organizzato\u00a0 in Valle del Biois\u00a0 fino al 28 aprile \u00e8 un&#8217;occasione per tutti gli ecomusei regionali di presentare le bellezze naturali, storiche e culturali dei loro territori. L&#8217;evento, promosso dall&#8217;Ecomuseo della Valle del Biois, permetter\u00e0 anche di approfondire il concetto di ecomuseo, basato sull&#8217;interazione tra territorio e comunit\u00e0. Durante le giornate del meeting, saranno organizzati incontri con le scuole locali, sessioni di lavoro per gli operatori degli ecomusei e una serata culturale aperta alla comunit\u00e0, seguita da due giorni di visite guidate gratuite ai siti dell&#8217;Ecomuseo Valle del Biois.<\/p>\n<\/div>\n<\/div>\n<\/div>\n<div class=\"pr-2 lg:pr-0\"><\/div>\n<\/div>\n<div class=\"absolute\">\n<div class=\"flex w-full gap-2 items-center justify-center\"><\/div>\n<\/div>\n<\/div>\n<\/div>\n<\/div>\n<\/div>\n<\/div>\n<\/div>\n<\/div>\n<\/div>\n<p>&nbsp;<\/p>\n<hr \/>\n<p>&nbsp;<\/p>\n<blockquote>\n<h3><a class=\"dt-pswp-item\" href=\"https:\/\/www.radiopiu.net\/wordpress\/wp-content\/uploads\/2020\/01\/Lorraine_Berton.jpg\" data-dt-img-description=\"\" data-large_image_width=\"767\" data-large_image_height=\"768\"><img loading=\"lazy\" decoding=\"async\" class=\" wp-image-112912 alignleft\" src=\"https:\/\/www.radiopiu.net\/wordpress\/wp-content\/uploads\/2020\/01\/Lorraine_Berton-300x300.jpg\" alt=\"\" width=\"167\" height=\"167\" srcset=\"https:\/\/www.radiopiu.net\/wordpress\/wp-content\/uploads\/2020\/01\/Lorraine_Berton-300x300.jpg 300w, https:\/\/www.radiopiu.net\/wordpress\/wp-content\/uploads\/2020\/01\/Lorraine_Berton-150x150.jpg 150w, https:\/\/www.radiopiu.net\/wordpress\/wp-content\/uploads\/2020\/01\/Lorraine_Berton.jpg 767w\" sizes=\"auto, (max-width: 167px) 100vw, 167px\" \/><\/a>LORRAINE BERTON PLAUDE LA NUOVA SQUADRA DI ORSINI, PRESIDENTE DI CONFINDUSTRIA<\/h3>\n<\/blockquote>\n<p><strong>BELLUNO<\/strong> Lorraine Berton, presidente di Confindustria Belluno Dolomiti, esprime fiducia nella nuova squadra di Emanuele Orsini, nominando Vincenzo Marinese, Marco Nocivelli e Leopoldo Destro come vicepresidenti eletti di Confindustria. Questi leader conoscono il legame tra impresa e territorio, promettendo un contributo significativo al Nordest. Berton auspica loro successo nel fronteggiare sfide come la transizione digitale e verde, il declino demografico e le opportunit\u00e0 legate alle Olimpiadi di Milano Cortina 2026.<\/p>\n<p>&nbsp;<\/p>\n<p>&nbsp;<\/p>\n<hr \/>\n<p>&nbsp;<\/p>\n<blockquote>\n<h3 class=\"entry-title\">LAVORI ALL\u2019UFFICIO POSTALE DI AGORDO. DA MERCOLEDI\u2019 IN FUNZIONE L\u2019UFFICIO MOBILE<\/h3>\n<\/blockquote>\n<p><strong class=\"photoswipe-wrapper\"><a class=\"dt-pswp-item pspw-wrap-ready\" href=\"https:\/\/www.radiopiu.net\/wordpress\/wp-content\/uploads\/2024\/04\/Poste-Italiane-ufficio-postale-mobile.jpg\" data-dt-img-description=\"\" data-large_image_width=\"2152\" data-large_image_height=\"1133\"><img loading=\"lazy\" decoding=\"async\" class=\" wp-image-386334 alignleft\" src=\"https:\/\/www.radiopiu.net\/wordpress\/wp-content\/uploads\/2024\/04\/Poste-Italiane-ufficio-postale-mobile-300x158.jpg\" sizes=\"auto, (max-width: 201px) 100vw, 201px\" srcset=\"https:\/\/www.radiopiu.net\/wordpress\/wp-content\/uploads\/2024\/04\/Poste-Italiane-ufficio-postale-mobile-300x158.jpg 300w, https:\/\/www.radiopiu.net\/wordpress\/wp-content\/uploads\/2024\/04\/Poste-Italiane-ufficio-postale-mobile-1024x539.jpg 1024w, https:\/\/www.radiopiu.net\/wordpress\/wp-content\/uploads\/2024\/04\/Poste-Italiane-ufficio-postale-mobile-768x404.jpg 768w, https:\/\/www.radiopiu.net\/wordpress\/wp-content\/uploads\/2024\/04\/Poste-Italiane-ufficio-postale-mobile-1536x809.jpg 1536w, https:\/\/www.radiopiu.net\/wordpress\/wp-content\/uploads\/2024\/04\/Poste-Italiane-ufficio-postale-mobile-2048x1078.jpg 2048w\" alt=\"\" width=\"201\" height=\"106\" \/><\/a>BELLUNO\u00a0<\/strong>Poste Italiane comunica che l\u2019ufficio postale di Agordo, in viale Sommariva, da luned\u00ec 22 aprile sar\u00e0 interessato da interventi di ammodernamento per migliorare la qualit\u00e0 dei servizi e dell\u2019accoglienza. Nella giornata di sabato 20 aprile l\u2019ufficio postale sar\u00e0 aperto dalle 8.20 alle 11:35. La sede di Agordo \u00e8 inserita nell\u2019ambito di \u201c<em>Polis \u2013 Casa dei Servizi Digitali<\/em>\u201d, il progetto di Poste Italiane per rendere semplice e veloce l\u2019accesso ai servizi della Pubblica Amministrazione nei comuni con meno di 15 mila abitanti con l\u2019obiettivo di favorire la coesione economica, sociale e territoriale del nostro Paese e il superamento del\u00a0<em>digital divide.\u00a0<\/em>Durante il periodo dei lavori Poste Italiane garantir\u00e0 ai cittadini la continuit\u00e0 di tutti i servizi attraverso un ufficio postale mobile collocato sempre in viale Sommariva e disponibile a partire da mercoled\u00ec 24 aprile. L\u2019ufficio postale mobile sar\u00e0 aperto dal luned\u00ec al venerd\u00ec dalle 8:20 alle 13:35 ed il sabato dalle 8:20 alle 12:35.<\/p>\n<p>&nbsp;<\/p>\n<p>&nbsp;<\/p>\n<hr \/>\n<p>&nbsp;<\/p>\n<p><span style=\"color: #0000ff;\"><strong>QUESTA SERA A CENCENIGHE, IERI ALLA RADIO\u00a0 . . .\u00a0<\/strong><\/span><\/p>\n<div class=\"page-title-head hgroup\">\n<blockquote>\n<h3 class=\"entry-title\">LE INIZIATIVE DI PETTIROSSO AGORDINO, LA PRESENTAZIONE ALLA RADIO<\/h3>\n<\/blockquote>\n<\/div>\n<div class=\"page-title-breadcrumbs\">\n<p><strong><img loading=\"lazy\" decoding=\"async\" class=\"alignleft\" src=\"https:\/\/www.radiopiu.net\/wordpress\/wp-content\/uploads\/2022\/11\/th-21.jpg\" width=\"153\" height=\"108\" \/><\/strong><\/p>\n<p><strong>DI MIRKO MEZZACASA<\/strong><\/p>\n<p><strong>OSPITI, LAURA MIANA (PSICOLOGA) SONIA D&#8217;AGOSTINI (PRESIDENTE PETTIROSSO AGORDINO)<\/strong><\/p>\n<audio class=\"wp-audio-shortcode\" id=\"audio-386208-9\" preload=\"none\" style=\"width: 100%;\" controls=\"controls\"><source type=\"audio\/mpeg\" src=\"https:\/\/www.radiopiu.net\/wordpress\/wp-content\/uploads\/2024\/04\/pettirorro-agordino-2024.-sonia-e-laura.mp3?_=9\" \/><a href=\"https:\/\/www.radiopiu.net\/wordpress\/wp-content\/uploads\/2024\/04\/pettirorro-agordino-2024.-sonia-e-laura.mp3\">https:\/\/www.radiopiu.net\/wordpress\/wp-content\/uploads\/2024\/04\/pettirorro-agordino-2024.-sonia-e-laura.mp3<\/a><\/audio>\n<p>&nbsp;<\/p>\n<\/div>\n<div><\/div>\n<p>&nbsp;<\/p>\n<hr \/>\n<p>&nbsp;<\/p>\n<h2><span style=\"color: #ff0000;\">CONSIGLI COMUNALI IN AGORDINO<\/span><\/h2>\n<p><strong>AGORDO<\/strong> Lunedi alle 8.30 del mattino consiglio comunale ad Agordo. All&#8217;ordine del giorno l&#8217;approvazione del bilancio (annuale e pluriennale) dell&#8217;Azienda Speciale Consortile Agordina; approvazione rendiconto di gestione e adozione del Pat, piano di assetto del territorio.<\/p>\n<p><strong>LIVINALLONGO<\/strong> Il sindaco di Livinallongo Leandro Grones ha convocato i consiglieri comunali per luned\u00ec alle 20:30. Saranno 7 i punti da discutere nel consiglio comunale. Tra i punti all&#8217;ordine del giorno l&#8217;approvazione del regolamento comunale per locazione di unit\u00e0 immobliari, la costituzione dei Ladins de Souramont, due variazioni a bilancio e una convenzione con l&#8217;Ulss 1 Dolomiti per l&#8217;erogazione di impegnative particolari.<\/p>\n<p>&nbsp;<\/p>\n<hr \/>\n<p>&nbsp;<\/p>\n<blockquote>\n<h3>IL COMUNE DI VOLTAGO RADUNA I FRAZIONISTI DI FRASSENE&#8217;<\/h3>\n<\/blockquote>\n<p><strong><a class=\"dt-pswp-item\" href=\"https:\/\/www.radiopiu.net\/wordpress\/wp-content\/uploads\/2024\/04\/FRASSENE.png\" data-dt-img-description=\"\" data-large_image_width=\"671\" data-large_image_height=\"404\"><img loading=\"lazy\" decoding=\"async\" class=\" wp-image-386344 alignleft\" src=\"https:\/\/www.radiopiu.net\/wordpress\/wp-content\/uploads\/2024\/04\/FRASSENE-300x181.png\" alt=\"\" width=\"124\" height=\"75\" srcset=\"https:\/\/www.radiopiu.net\/wordpress\/wp-content\/uploads\/2024\/04\/FRASSENE-300x181.png 300w, https:\/\/www.radiopiu.net\/wordpress\/wp-content\/uploads\/2024\/04\/FRASSENE.png 671w\" sizes=\"auto, (max-width: 124px) 100vw, 124px\" \/><\/a>VOLTAGO<\/strong> La cittadinanza della frazione di Frassen\u00e8 Agordino \u00e8 convocata per l&#8217;assemblea dei frazionisti prevista per gioved\u00ec 9 maggio alle 18 all&#8217;ex Scuola Paolo Mosca. L&#8217;ordine del giorno prevede la nomina del\/dei verbalizzante\/i e del Presidente dell&#8217;assemblea, oltre alla discussione e all&#8217;approvazione del piano di destinazione dei proventi derivanti dalla vendita di due lotti boschivi di propriet\u00e0 dell&#8217;Uso Civico della frazione di Frassen\u00e8.<\/p>\n<p>&nbsp;<\/p>\n<p>&nbsp;<\/p>\n<hr \/>\n<p>&nbsp;<\/p>\n<blockquote>\n<h3>DISABILINCORSA PROMUOVE SPORT E SOLIDARIET\u00c0 A BELLUNO<\/h3>\n<\/blockquote>\n<p><strong><img loading=\"lazy\" decoding=\"async\" class=\"alignleft\" src=\"https:\/\/www.radiopiu.net\/wordpress\/wp-content\/uploads\/2024\/04\/Senza-nome-30.png\" width=\"269\" height=\"124\" \/>BELLUNO<\/strong> Disabilincorsa, insieme a scuole e associazioni locali, organizza tre eventi per promuovere lo sport, l&#8217;inclusione e la solidariet\u00e0 a Belluno. I ragazzi parteciperanno attivamente utilizzando carrozzine e K-bike, dimostrando che le barriere possono essere superate con unit\u00e0 e supporto reciproco. L&#8217;associazione nazionale no-profit porter\u00e0 le sue carrozzine K-bike in eventi speciali che coinvolgeranno la comunit\u00e0 locale e le scuole.<strong> Il primo evento<\/strong> si terr\u00e0 il 11 maggio presso l&#8217;Istituto Comprensivo Statale Marco da Melo, con una passeggiata per scoprire il ruolo delle K-bike e degli spingitori. <strong>Secondo evento\u00a0<\/strong> sar\u00e0 presentato il progetto &#8220;Io corro per Disabilincorsa&#8221; presso la Sala degli Affreschi del Palazzo della Magnifica Comunit\u00e0 di Mel, con la raccolta fondi per un pulmino a 9 posti. <strong>Terzo evento<\/strong>, il 12 maggio si terr\u00e0 la manifestazione &#8220;Io corro per Disabilincorsa&#8221; presso il Parco Lotto Trichiana, con percorsi per raccogliere fondi a sostegno dell&#8217;associazione e promuovere l&#8217;inclusione e la solidariet\u00e0 attraverso l&#8217;attivit\u00e0 fisica<\/p>\n<p><span style=\"color: #0000ff;\"><strong><span style=\"color: #000000;\">APPROFONDISCI,<\/span> <a style=\"color: #0000ff;\" href=\"https:\/\/www.disabilincorsa.com\/sport-inclusione-solidarieta-2024\/\">CLICCA QUI<\/a><\/strong><\/span><\/p>\n<p>&nbsp;<\/p>\n<hr \/>\n<p>&nbsp;<\/p>\n<blockquote>\n<h3><a class=\"dt-pswp-item\" href=\"https:\/\/www.radiopiu.net\/wordpress\/wp-content\/uploads\/2023\/12\/polizia.png\" data-dt-img-description=\"\" data-large_image_width=\"411\" data-large_image_height=\"315\"><img loading=\"lazy\" decoding=\"async\" class=\"wp-image-366987 alignleft\" src=\"https:\/\/www.radiopiu.net\/wordpress\/wp-content\/uploads\/2023\/12\/polizia-300x230.png\" alt=\"\" width=\"97\" height=\"74\" srcset=\"https:\/\/www.radiopiu.net\/wordpress\/wp-content\/uploads\/2023\/12\/polizia-300x230.png 300w, https:\/\/www.radiopiu.net\/wordpress\/wp-content\/uploads\/2023\/12\/polizia.png 411w\" sizes=\"auto, (max-width: 97px) 100vw, 97px\" \/><\/a>IL CONCORSO<\/h3>\n<\/blockquote>\n<p><strong>BELLUNO<\/strong> Sul Portale unico del reclutamento <a href=\"http:\/\/www.inpa.gov.it\">www.inpa.gov.it<\/a> e sul sito <a href=\"http:\/\/www.poliziadistato.it\">www.poliziadistato.it<\/a>\u00a0 \u00e8 stato pubblicato il bando di concorso pubblico, per esame e titoli, per l\u2019assunzione di 1887 allievi agenti della Polizia di Stato, riservato ai volontari in ferma prefissata di un anno o quadriennale<\/p>\n<p>&nbsp;<\/p>\n<p>&nbsp;<\/p>\n<hr \/>\n<p>&nbsp;<\/p>\n<blockquote>\n<h3>GIOVANI HIKIKOMORI: GLI INCONTRI A BELLUNO<\/h3>\n<\/blockquote>\n<p><strong><a class=\"dt-pswp-item\" href=\"https:\/\/www.radiopiu.net\/wordpress\/wp-content\/uploads\/2024\/04\/20231215_141408-scaled.jpg\" data-dt-img-description=\"\" data-large_image_width=\"2560\" data-large_image_height=\"1920\"><img loading=\"lazy\" decoding=\"async\" class=\" wp-image-386341 alignleft\" src=\"https:\/\/www.radiopiu.net\/wordpress\/wp-content\/uploads\/2024\/04\/20231215_141408-300x225.jpg\" alt=\"\" width=\"168\" height=\"126\" srcset=\"https:\/\/www.radiopiu.net\/wordpress\/wp-content\/uploads\/2024\/04\/20231215_141408-300x225.jpg 300w, https:\/\/www.radiopiu.net\/wordpress\/wp-content\/uploads\/2024\/04\/20231215_141408-1024x768.jpg 1024w, https:\/\/www.radiopiu.net\/wordpress\/wp-content\/uploads\/2024\/04\/20231215_141408-768x576.jpg 768w, https:\/\/www.radiopiu.net\/wordpress\/wp-content\/uploads\/2024\/04\/20231215_141408-1536x1152.jpg 1536w, https:\/\/www.radiopiu.net\/wordpress\/wp-content\/uploads\/2024\/04\/20231215_141408-2048x1536.jpg 2048w\" sizes=\"auto, (max-width: 168px) 100vw, 168px\" \/><\/a>BELLUNO<\/strong> La Fondazione Progetto Uomo presenta un percorso formativo gratuito sui giovani Hikikomori, finanziato dalla Regione Veneto, in collaborazione con il Centro Consorzi. Il progetto mira a sensibilizzare sul fenomeno dell&#8217;isolamento giovanile e Hikikomori, coinvolgendo professionisti della cura e figure educative. Diviso in quattro eventi &#8211; Emersione, Ascolto, Accompagnamento, Attivazione &#8211; l&#8217;iniziativa si propone di educare sul riconoscimento, l&#8217;ascolto e il supporto ai giovani Hikikomori. Il programma include incontri formativi guidati da esperti del settore presso il Centro Congressi Giovanni, XXIII a Belluno, culminando con l&#8217;assegnazione di attestati di partecipazione. L&#8217;obiettivo \u00e8 contrastare il malessere giovanile e promuovere azioni inclusive.<\/p>\n<p>&nbsp;<\/p>\n<p>&nbsp;<\/p>\n<hr \/>\n<p>&nbsp;<\/p>\n<blockquote>\n<h3>LA FESTA DE L&#8217;OM SALVARECH A LA VALLE<\/h3>\n<\/blockquote>\n<p><strong><a class=\"dt-pswp-item\" href=\"https:\/\/www.radiopiu.net\/wordpress\/wp-content\/uploads\/2024\/04\/Senza-nome-79.jpg\" data-dt-img-description=\"\" data-large_image_width=\"668\" data-large_image_height=\"421\"><img loading=\"lazy\" decoding=\"async\" class=\" wp-image-386201 alignleft\" src=\"https:\/\/www.radiopiu.net\/wordpress\/wp-content\/uploads\/2024\/04\/Senza-nome-79-300x189.jpg\" alt=\"\" width=\"198\" height=\"125\" srcset=\"https:\/\/www.radiopiu.net\/wordpress\/wp-content\/uploads\/2024\/04\/Senza-nome-79-300x189.jpg 300w, https:\/\/www.radiopiu.net\/wordpress\/wp-content\/uploads\/2024\/04\/Senza-nome-79.jpg 668w\" sizes=\"auto, (max-width: 198px) 100vw, 198px\" \/><\/a>LA VALLE AGORDINA<\/strong><\/p>\n<p>DI GIANNI SANTOMASO<\/p>\n<audio class=\"wp-audio-shortcode\" id=\"audio-386208-10\" preload=\"none\" style=\"width: 100%;\" controls=\"controls\"><source type=\"audio\/mpeg\" src=\"https:\/\/www.radiopiu.net\/wordpress\/wp-content\/uploads\/2024\/04\/GIANNI-LA-FESTA-DE-LOM-SELVARECH.mp3?_=10\" \/><a href=\"https:\/\/www.radiopiu.net\/wordpress\/wp-content\/uploads\/2024\/04\/GIANNI-LA-FESTA-DE-LOM-SELVARECH.mp3\">https:\/\/www.radiopiu.net\/wordpress\/wp-content\/uploads\/2024\/04\/GIANNI-LA-FESTA-DE-LOM-SELVARECH.mp3<\/a><\/audio>\n<p>&nbsp;<\/p>\n<hr \/>\n<p>&nbsp;<\/p>\n<blockquote>\n<h3>A MEL UN WORKSHOP PER PARLARE DEL CORPO<\/h3>\n<\/blockquote>\n<p><strong><a class=\"dt-pswp-item\" href=\"https:\/\/www.radiopiu.net\/wordpress\/wp-content\/uploads\/2024\/04\/post.png\" data-dt-img-description=\"\" data-large_image_width=\"940\" data-large_image_height=\"788\"><img loading=\"lazy\" decoding=\"async\" class=\" wp-image-385850 alignleft\" src=\"https:\/\/www.radiopiu.net\/wordpress\/wp-content\/uploads\/2024\/04\/post-300x251.png\" alt=\"\" width=\"139\" height=\"116\" srcset=\"https:\/\/www.radiopiu.net\/wordpress\/wp-content\/uploads\/2024\/04\/post-300x251.png 300w, https:\/\/www.radiopiu.net\/wordpress\/wp-content\/uploads\/2024\/04\/post-768x644.png 768w, https:\/\/www.radiopiu.net\/wordpress\/wp-content\/uploads\/2024\/04\/post.png 940w\" sizes=\"auto, (max-width: 139px) 100vw, 139px\" \/><\/a>BORGO VALBELLUNA<\/strong> &#8220;Dal corpo alla parola&#8221; \u00e8 un workshop che unisce espressione creativa e movimento corporeo. Scopo: liberare il corpo da tensioni, connetterlo con l&#8217;istinto artistico e il fuoco scenico. Aperto a tutti, anche a chi ha esperienza. Attraverso il movimento libero e la gestione del corpo, impareremo a farlo dialogare con la parola. L&#8217;attore agisce organicamente: corpo e parola si fondono. Analizzeremo testi, esploreremo lo spazio e la vita silenziosa. Il laboratorio comprende 5 lezioni di 1 ora e 30 minuti, suddivise per et\u00e0: 11-14, 15-18, adulti. Si terr\u00e0 presso l&#8217;ex chiesa di San Pietro di Borgo Valbelluna ogni gioved\u00ec di maggio 2024. Contatti: <a target=\"_new\" rel=\"noopener\">fornasatilive@gmail.com<\/a>, 3298849696.<\/p>\n<p><strong>DI ROBERTO BONA<\/strong><\/p>\n<audio class=\"wp-audio-shortcode\" id=\"audio-386208-11\" preload=\"none\" style=\"width: 100%;\" controls=\"controls\"><source type=\"audio\/mpeg\" src=\"https:\/\/www.radiopiu.net\/wordpress\/wp-content\/uploads\/2024\/04\/BONA-DAL-CORPO-ALLA-PAROLA.mp3?_=11\" \/><a href=\"https:\/\/www.radiopiu.net\/wordpress\/wp-content\/uploads\/2024\/04\/BONA-DAL-CORPO-ALLA-PAROLA.mp3\">https:\/\/www.radiopiu.net\/wordpress\/wp-content\/uploads\/2024\/04\/BONA-DAL-CORPO-ALLA-PAROLA.mp3<\/a><\/audio>\n<p>&nbsp;<\/p>\n<hr \/>\n<p>&nbsp;<\/p>\n<blockquote>\n<h3><a class=\"dt-pswp-item\" href=\"https:\/\/www.radiopiu.net\/wordpress\/wp-content\/uploads\/2024\/04\/5751b654-472c-45b9-afdb-f4c6ffdf0434.jpeg\" data-dt-img-description=\"\" data-large_image_width=\"1131\" data-large_image_height=\"1600\"><img loading=\"lazy\" decoding=\"async\" class=\" wp-image-386249 alignleft\" src=\"https:\/\/www.radiopiu.net\/wordpress\/wp-content\/uploads\/2024\/04\/5751b654-472c-45b9-afdb-f4c6ffdf0434-212x300.jpeg\" alt=\"\" width=\"97\" height=\"138\" srcset=\"https:\/\/www.radiopiu.net\/wordpress\/wp-content\/uploads\/2024\/04\/5751b654-472c-45b9-afdb-f4c6ffdf0434-212x300.jpeg 212w, https:\/\/www.radiopiu.net\/wordpress\/wp-content\/uploads\/2024\/04\/5751b654-472c-45b9-afdb-f4c6ffdf0434-724x1024.jpeg 724w, https:\/\/www.radiopiu.net\/wordpress\/wp-content\/uploads\/2024\/04\/5751b654-472c-45b9-afdb-f4c6ffdf0434-768x1086.jpeg 768w, https:\/\/www.radiopiu.net\/wordpress\/wp-content\/uploads\/2024\/04\/5751b654-472c-45b9-afdb-f4c6ffdf0434-1086x1536.jpeg 1086w, https:\/\/www.radiopiu.net\/wordpress\/wp-content\/uploads\/2024\/04\/5751b654-472c-45b9-afdb-f4c6ffdf0434.jpeg 1131w\" sizes=\"auto, (max-width: 97px) 100vw, 97px\" \/><\/a>\u201cI LIBRI PARLANO\u201d, OGGI A CENCENIGHE<\/h3>\n<\/blockquote>\n<p><strong>CENCENIGHE<\/strong> Il Centro Internazionale del Libro Parlato di Feltre organizza una serata a Cencenighe dal titolo \u201cI Libri Parlano\u201d, con letture dal vivo e molte informazioni. Luisa Alchini, presidente del CILP, modera l&#8217;evento con la partecipazione dei consiglieri Loredana Borghetto, Raffaela Bellot e Fabio Dalla Zuanna. L&#8217;evento si terr\u00e0 oggi alle 18:00 nella Sala Consiliare Comunale di Cencenighe<\/p>\n<p>&nbsp;<\/p>\n<p>&nbsp;<\/p>\n<hr \/>\n<p>&nbsp;<\/p>\n<blockquote>\n<h3>LA GIORNATA ECOLOGICA A FALCADE<\/h3>\n<\/blockquote>\n<p><strong>FALCADE<\/strong> Il Comune di Falcade e la Pro Loco di Caviola insieme allo Sci Club Val Biois stanno organizzando una Giornata ecologica per la pulizia del territorio comunale. La giornata ecologica si terr\u00e0 domani, con ritrovo alle 8:30 al municipio di Falcade. Ai partecipanti saranno forniti guanti, sacchetti e tutto il necessario per la pulizia. Alla fine della mattinata, \u00e8 previsto un piatto di pasta offerto presso la Pizzeria Livia di Caviola.<\/p>\n<p><strong>DI GIANNI SANTOMASO<\/strong><\/p>\n<audio class=\"wp-audio-shortcode\" id=\"audio-386208-12\" preload=\"none\" style=\"width: 100%;\" controls=\"controls\"><source type=\"audio\/mpeg\" src=\"https:\/\/www.radiopiu.net\/wordpress\/wp-content\/uploads\/2024\/04\/GIANNI-LA-GIORNATA-ECOLOGICA-DI-FALCADE.mp3?_=12\" \/><a href=\"https:\/\/www.radiopiu.net\/wordpress\/wp-content\/uploads\/2024\/04\/GIANNI-LA-GIORNATA-ECOLOGICA-DI-FALCADE.mp3\">https:\/\/www.radiopiu.net\/wordpress\/wp-content\/uploads\/2024\/04\/GIANNI-LA-GIORNATA-ECOLOGICA-DI-FALCADE.mp3<\/a><\/audio>\n<p>&nbsp;<\/p>\n<hr \/>\n<p>&nbsp;<\/p>\n<blockquote>\n<h3>GLI ALPINI DI ALLEGHE ORGANIZZANO LA GIORNATA ECOLOGICA<\/h3>\n<\/blockquote>\n<p><strong>ALLEGHE<\/strong> Il Gruppo Alpini Monte Civetta e il Comune di Alleghe organizzano una giornata di pulizia del territorio in paese e lungolago per domenica. L&#8217;evento \u00e8 aperto a tutti, con ritrovo alle 7:00 presso il parcheggio di Vallazza alla foce del Cordevole, muniti di guanti e attrezzi per la pulizia. La giornata terminer\u00e0 alle 13:00 presso la sede degli Alpini con un pranzo &#8220;rancio alpino in amicizia&#8221;. Iscrizioni al 377 2737205<\/p>\n<p>&nbsp;<\/p>\n<p>&nbsp;<\/p>\n<hr \/>\n<p>&nbsp;<\/p>\n<blockquote>\n<h3>DOMANI LA GIORNATA DELLA RIPARAZIONE, DEL RICICLO E DEL RIUSO<\/h3>\n<\/blockquote>\n<p><strong><a class=\"dt-pswp-item\" href=\"https:\/\/www.radiopiu.net\/wordpress\/wp-content\/uploads\/2024\/04\/unnamed-4.jpg\" data-dt-img-description=\"\" data-large_image_width=\"1920\" data-large_image_height=\"1440\"><img loading=\"lazy\" decoding=\"async\" class=\" wp-image-385098 alignleft\" src=\"https:\/\/www.radiopiu.net\/wordpress\/wp-content\/uploads\/2024\/04\/unnamed-4-300x225.jpg\" alt=\"\" width=\"183\" height=\"137\" srcset=\"https:\/\/www.radiopiu.net\/wordpress\/wp-content\/uploads\/2024\/04\/unnamed-4-300x225.jpg 300w, https:\/\/www.radiopiu.net\/wordpress\/wp-content\/uploads\/2024\/04\/unnamed-4-1024x768.jpg 1024w, https:\/\/www.radiopiu.net\/wordpress\/wp-content\/uploads\/2024\/04\/unnamed-4-768x576.jpg 768w, https:\/\/www.radiopiu.net\/wordpress\/wp-content\/uploads\/2024\/04\/unnamed-4-1536x1152.jpg 1536w, https:\/\/www.radiopiu.net\/wordpress\/wp-content\/uploads\/2024\/04\/unnamed-4.jpg 1920w\" sizes=\"auto, (max-width: 183px) 100vw, 183px\" \/><\/a><\/strong><strong>BELLUNO <\/strong>Domani, il Centro Diocesano Giovanni XXIII a Belluno ospiter\u00e0 la Giornata della Riparazione, promuovendo riparazione, riciclo e riuso. Con il Sindaco De Pellegrin e altri relatori illustri, si presenter\u00e0 il libro &#8220;I 6 Principi Naturali nell&#8217;Impresa e nella Societ\u00e0 Civile&#8221; di Paolo Ricotti. Saranno discussi modelli di produzione circolari, riparazioni professionali e pratiche di riuso nel settore della ristorazione. Roberto Basso parler\u00e0 di noleggio di stoviglie riutilizzabili, Mirco De Bona, esperto di riparazioni professionali, condivider\u00e0 la sua esperienza e l&#8217;importanza di sensibilizzare le persone affinch\u00e9 adottino un cambiamento di tendenza verso la riparazione anzich\u00e9 il rimpiazzo mentre Michele Verdolini presenter\u00e0 progetti sostenibili del Fablab. Dibattito e networking completeranno l&#8217;evento, aperto a tutti per promuovere uno stile di vita sostenibile. Per info e iscrizioni: <a target=\"_new\" rel=\"noopener\">stefano.balbinot@centroconsorzi.it<\/a>, tel. 0437 851 351.<\/p>\n<p>&nbsp;<\/p>\n<p><strong>L&#8217;INTERVISTA A MIRCO DE BONA<\/strong><\/p>\n<audio class=\"wp-audio-shortcode\" id=\"audio-386208-13\" preload=\"none\" style=\"width: 100%;\" controls=\"controls\"><source type=\"audio\/mpeg\" src=\"https:\/\/www.radiopiu.net\/wordpress\/wp-content\/uploads\/2024\/04\/mirco-de-bona-aprile.mp3?_=13\" \/><a href=\"https:\/\/www.radiopiu.net\/wordpress\/wp-content\/uploads\/2024\/04\/mirco-de-bona-aprile.mp3\">https:\/\/www.radiopiu.net\/wordpress\/wp-content\/uploads\/2024\/04\/mirco-de-bona-aprile.mp3<\/a><\/audio>\n<p>&nbsp;<\/p>\n\n\t\t\t<style type='text\/css'>\n\t\t\t\t#gallery-4 {\n\t\t\t\t\tmargin: auto;\n\t\t\t\t}\n\t\t\t\t#gallery-4 .gallery-item {\n\t\t\t\t\tfloat: left;\n\t\t\t\t\tmargin-top: 10px;\n\t\t\t\t\ttext-align: center;\n\t\t\t\t\twidth: 25%;\n\t\t\t\t}\n\t\t\t\t#gallery-4 img {\n\t\t\t\t\tborder: 2px solid #cfcfcf;\n\t\t\t\t}\n\t\t\t\t#gallery-4 .gallery-caption {\n\t\t\t\t\tmargin-left: 0;\n\t\t\t\t}\n\t\t\t\t\/* see gallery_shortcode() in wp-includes\/media.php *\/\n\t\t\t<\/style>\n\t\t<div id='gallery-4' class='dt-gallery-container gallery galleryid-386208 gallery-columns-4 gallery-size-thumbnail'><dl class='gallery-item'>\n\t\t\t\t<dt class='gallery-icon landscape'>\n\t\t\t\t\t<a class=\"rollover rollover-zoom dt-pswp-item\" title=\"434646767_928155109311500_551099170992330159_n\" data-dt-img-description=\"\" data-large_image_width=\"2048\" data-large_image_height=\"2048\"href='https:\/\/www.radiopiu.net\/wordpress\/wp-content\/uploads\/2024\/04\/434646767_928155109311500_551099170992330159_n.jpg'><img loading=\"lazy\" decoding=\"async\" width=\"150\" height=\"150\" src=\"https:\/\/www.radiopiu.net\/wordpress\/wp-content\/uploads\/2024\/04\/434646767_928155109311500_551099170992330159_n-150x150.jpg\" class=\"attachment-thumbnail size-thumbnail\" alt=\"\" srcset=\"https:\/\/www.radiopiu.net\/wordpress\/wp-content\/uploads\/2024\/04\/434646767_928155109311500_551099170992330159_n-150x150.jpg 150w, https:\/\/www.radiopiu.net\/wordpress\/wp-content\/uploads\/2024\/04\/434646767_928155109311500_551099170992330159_n-300x300.jpg 300w, https:\/\/www.radiopiu.net\/wordpress\/wp-content\/uploads\/2024\/04\/434646767_928155109311500_551099170992330159_n-1024x1024.jpg 1024w, https:\/\/www.radiopiu.net\/wordpress\/wp-content\/uploads\/2024\/04\/434646767_928155109311500_551099170992330159_n-768x768.jpg 768w, https:\/\/www.radiopiu.net\/wordpress\/wp-content\/uploads\/2024\/04\/434646767_928155109311500_551099170992330159_n-1536x1536.jpg 1536w, https:\/\/www.radiopiu.net\/wordpress\/wp-content\/uploads\/2024\/04\/434646767_928155109311500_551099170992330159_n.jpg 2048w\" sizes=\"auto, (max-width: 150px) 100vw, 150px\" \/><\/a>\n\t\t\t\t<\/dt><\/dl><dl class='gallery-item'>\n\t\t\t\t<dt class='gallery-icon landscape'>\n\t\t\t\t\t<a class=\"rollover rollover-zoom dt-pswp-item\" title=\"434605685_928155115978166_659216115900202562_n\" data-dt-img-description=\"\" data-large_image_width=\"2048\" data-large_image_height=\"2048\"href='https:\/\/www.radiopiu.net\/wordpress\/wp-content\/uploads\/2024\/04\/434605685_928155115978166_659216115900202562_n.jpg'><img loading=\"lazy\" decoding=\"async\" width=\"150\" height=\"150\" src=\"https:\/\/www.radiopiu.net\/wordpress\/wp-content\/uploads\/2024\/04\/434605685_928155115978166_659216115900202562_n-150x150.jpg\" class=\"attachment-thumbnail size-thumbnail\" alt=\"\" srcset=\"https:\/\/www.radiopiu.net\/wordpress\/wp-content\/uploads\/2024\/04\/434605685_928155115978166_659216115900202562_n-150x150.jpg 150w, https:\/\/www.radiopiu.net\/wordpress\/wp-content\/uploads\/2024\/04\/434605685_928155115978166_659216115900202562_n-300x300.jpg 300w, https:\/\/www.radiopiu.net\/wordpress\/wp-content\/uploads\/2024\/04\/434605685_928155115978166_659216115900202562_n-1024x1024.jpg 1024w, https:\/\/www.radiopiu.net\/wordpress\/wp-content\/uploads\/2024\/04\/434605685_928155115978166_659216115900202562_n-768x768.jpg 768w, https:\/\/www.radiopiu.net\/wordpress\/wp-content\/uploads\/2024\/04\/434605685_928155115978166_659216115900202562_n-1536x1536.jpg 1536w, https:\/\/www.radiopiu.net\/wordpress\/wp-content\/uploads\/2024\/04\/434605685_928155115978166_659216115900202562_n.jpg 2048w\" sizes=\"auto, (max-width: 150px) 100vw, 150px\" \/><\/a>\n\t\t\t\t<\/dt><\/dl><dl class='gallery-item'>\n\t\t\t\t<dt class='gallery-icon landscape'>\n\t\t\t\t\t<a class=\"rollover rollover-zoom dt-pswp-item\" title=\"420545694_928155112644833_7720655077078253254_n\" data-dt-img-description=\"\" data-large_image_width=\"2048\" data-large_image_height=\"2048\"href='https:\/\/www.radiopiu.net\/wordpress\/wp-content\/uploads\/2024\/04\/420545694_928155112644833_7720655077078253254_n.jpg'><img loading=\"lazy\" decoding=\"async\" width=\"150\" height=\"150\" src=\"https:\/\/www.radiopiu.net\/wordpress\/wp-content\/uploads\/2024\/04\/420545694_928155112644833_7720655077078253254_n-150x150.jpg\" class=\"attachment-thumbnail size-thumbnail\" alt=\"\" srcset=\"https:\/\/www.radiopiu.net\/wordpress\/wp-content\/uploads\/2024\/04\/420545694_928155112644833_7720655077078253254_n-150x150.jpg 150w, https:\/\/www.radiopiu.net\/wordpress\/wp-content\/uploads\/2024\/04\/420545694_928155112644833_7720655077078253254_n-300x300.jpg 300w, https:\/\/www.radiopiu.net\/wordpress\/wp-content\/uploads\/2024\/04\/420545694_928155112644833_7720655077078253254_n-1024x1024.jpg 1024w, https:\/\/www.radiopiu.net\/wordpress\/wp-content\/uploads\/2024\/04\/420545694_928155112644833_7720655077078253254_n-768x768.jpg 768w, https:\/\/www.radiopiu.net\/wordpress\/wp-content\/uploads\/2024\/04\/420545694_928155112644833_7720655077078253254_n-1536x1536.jpg 1536w, https:\/\/www.radiopiu.net\/wordpress\/wp-content\/uploads\/2024\/04\/420545694_928155112644833_7720655077078253254_n.jpg 2048w\" sizes=\"auto, (max-width: 150px) 100vw, 150px\" \/><\/a>\n\t\t\t\t<\/dt><\/dl><dl class='gallery-item'>\n\t\t\t\t<dt class='gallery-icon landscape'>\n\t\t\t\t\t<a class=\"rollover rollover-zoom dt-pswp-item\" title=\"417392199_928155209311490_685700360699864316_n\" data-dt-img-description=\"\" data-large_image_width=\"2048\" data-large_image_height=\"2048\"href='https:\/\/www.radiopiu.net\/wordpress\/wp-content\/uploads\/2024\/04\/417392199_928155209311490_685700360699864316_n.jpg'><img loading=\"lazy\" decoding=\"async\" width=\"150\" height=\"150\" src=\"https:\/\/www.radiopiu.net\/wordpress\/wp-content\/uploads\/2024\/04\/417392199_928155209311490_685700360699864316_n-150x150.jpg\" class=\"attachment-thumbnail size-thumbnail\" alt=\"\" srcset=\"https:\/\/www.radiopiu.net\/wordpress\/wp-content\/uploads\/2024\/04\/417392199_928155209311490_685700360699864316_n-150x150.jpg 150w, https:\/\/www.radiopiu.net\/wordpress\/wp-content\/uploads\/2024\/04\/417392199_928155209311490_685700360699864316_n-300x300.jpg 300w, https:\/\/www.radiopiu.net\/wordpress\/wp-content\/uploads\/2024\/04\/417392199_928155209311490_685700360699864316_n-1024x1024.jpg 1024w, https:\/\/www.radiopiu.net\/wordpress\/wp-content\/uploads\/2024\/04\/417392199_928155209311490_685700360699864316_n-768x768.jpg 768w, https:\/\/www.radiopiu.net\/wordpress\/wp-content\/uploads\/2024\/04\/417392199_928155209311490_685700360699864316_n-1536x1536.jpg 1536w, https:\/\/www.radiopiu.net\/wordpress\/wp-content\/uploads\/2024\/04\/417392199_928155209311490_685700360699864316_n.jpg 2048w\" sizes=\"auto, (max-width: 150px) 100vw, 150px\" \/><\/a>\n\t\t\t\t<\/dt><\/dl><br style=\"clear: both\" \/>\n\t\t\t<\/div>\n\n<p>&nbsp;<\/p>\n<p>&nbsp;<\/p>\n<hr \/>\n<p>&nbsp;<\/p>\n<blockquote>\n<h3>UN WORKSHOP IN VISTA DELLE OLIMPIADI<\/h3>\n<\/blockquote>\n<p><strong>PIEVE DI CADORE<\/strong> Il Consorzio Cadore Dolomiti, con il supporto tecnico del Centro Consorzi, invita al seminario &#8220;Turismo Montano (&amp; Dolomitico): storia, sviluppo, nuovi trend&#8221;, nell&#8217;ambito del progetto finanziato dalla Regione Veneto, &#8220;Verso Milano Cortina 2026: da un turismo locale a uno internazionale&#8221;. Si terr\u00e0 luned\u00ec 22 aprile 2024, dalle 14:00 alle 18:00, alla Magnifica Comunit\u00e0 del Cadore a Pieve di Cadore. Un&#8217;occasione per esplorare l&#8217;evoluzione del turismo montano e dolomitico, in vista delle prossime Olimpiadi e per discutere sulle nuove tendenze del settore.<\/p>\n<p>&nbsp;<\/p>\n<p>&nbsp;<\/p>\n<hr \/>\n<p>&nbsp;<\/p>\n<blockquote>\n<h3>IL SEMINARIO &#8220;CREATIVITA&#8217; PER LA LIBERTA'&#8221;<\/h3>\n<\/blockquote>\n<p><strong>BELLUNO<\/strong> Il 27 aprile presso il Centro di Solidariet\u00e0 di Belluno onlus si terr\u00e0 il primo seminario del progetto &#8220;Creativit\u00e0 per la libert\u00e0&#8221;, finanziato dal Dipartimento per Le Politiche Antidroga della Presidenza del Consiglio dei Ministri. Il progetto si focalizza sulla prevenzione e il contrasto delle dipendenze comportamentali e da sostanze nelle nuove generazioni. Il seminario &#8220;Corpo ed emozioni: strumenti per la relazione&#8221; introdurr\u00e0 ai laboratori di movimento espressivo per ragazzi coinvolti nei campi estivi 2024 organizzati da ODAR e APS Amici dei Disabili e dei Minori. Rivolto agli educatori\/animatori, il seminario offrir\u00e0 conoscenze sulle emozioni di base e competenze per una comunicazione efficace e relazioni aperte ed emotive. Tenuto dal dottor Andrea Genuin, psicologo clinico specializzato nella conduzione dei Bonding Group, il seminario includer\u00e0 anche esperienze pratiche.<\/p>\n<p>&nbsp;<\/p>\n<p>&nbsp;<\/p>\n<hr \/>\n<p>&nbsp;<\/p>\n<blockquote>\n<h3>LA RACCOLTA FONDI PER FIBROSI CISTICA<\/h3>\n<\/blockquote>\n<div data-block=\"true\" data-editor=\"avj4u\" data-offset-key=\"d3i0j-0-0\">\n<p><strong>BELLUNO<\/strong> Volontari in azione per la raccolta fondi Fibrosi Cistica, regalando dipladenie: 4 maggio Agordo e Parrocchie del Poi; 11 e 12 maggio Falcade e Caviola; 4 maggio Alpini Castion, Puos d&#8217;Alpago, Zoppe&#8217; di Cadore, Santo Stefano di Cadore, Belluno; 8 maggio Alpini Limana; Farra d&#8217;Alpago e Dosoledo, consegna porta a porta.<\/p>\n<div data-block=\"true\" data-editor=\"avj4u\" data-offset-key=\"d3i0j-0-0\"><\/div>\n<\/div>\n<div data-block=\"true\" data-editor=\"avj4u\" data-offset-key=\"d3i0j-0-0\"><\/div>\n<div data-block=\"true\" data-editor=\"avj4u\" data-offset-key=\"d3i0j-0-0\">\n<hr \/>\n<\/div>\n<div data-block=\"true\" data-editor=\"avj4u\" data-offset-key=\"d3i0j-0-0\"><\/div>\n<blockquote>\n<h3 data-block=\"true\" data-editor=\"avj4u\" data-offset-key=\"d3i0j-0-0\"><a class=\"dt-pswp-item\" href=\"https:\/\/www.radiopiu.net\/wordpress\/wp-content\/uploads\/2024\/04\/f7522d6e-3fa7-42d1-991b-0eca34f70748.jpg\" data-dt-img-description=\"\" data-large_image_width=\"1080\" data-large_image_height=\"1519\"><img loading=\"lazy\" decoding=\"async\" class=\" wp-image-385870 alignleft\" src=\"https:\/\/www.radiopiu.net\/wordpress\/wp-content\/uploads\/2024\/04\/f7522d6e-3fa7-42d1-991b-0eca34f70748-213x300.jpg\" alt=\"\" width=\"99\" height=\"139\" srcset=\"https:\/\/www.radiopiu.net\/wordpress\/wp-content\/uploads\/2024\/04\/f7522d6e-3fa7-42d1-991b-0eca34f70748-213x300.jpg 213w, https:\/\/www.radiopiu.net\/wordpress\/wp-content\/uploads\/2024\/04\/f7522d6e-3fa7-42d1-991b-0eca34f70748-728x1024.jpg 728w, https:\/\/www.radiopiu.net\/wordpress\/wp-content\/uploads\/2024\/04\/f7522d6e-3fa7-42d1-991b-0eca34f70748-768x1080.jpg 768w, https:\/\/www.radiopiu.net\/wordpress\/wp-content\/uploads\/2024\/04\/f7522d6e-3fa7-42d1-991b-0eca34f70748.jpg 1080w\" sizes=\"auto, (max-width: 99px) 100vw, 99px\" \/><\/a>LA FESTA DELLA LIBERAZIONE A SOSPIROLO<\/h3>\n<\/blockquote>\n<p data-block=\"true\" data-editor=\"avj4u\" data-offset-key=\"d3i0j-0-0\"><strong>SOSPIROLO<\/strong><\/p>\n<p data-block=\"true\" data-editor=\"avj4u\" data-offset-key=\"d3i0j-0-0\"><strong>DI ROBERTO BONA<\/strong><\/p>\n<audio class=\"wp-audio-shortcode\" id=\"audio-386208-14\" preload=\"none\" style=\"width: 100%;\" controls=\"controls\"><source type=\"audio\/mpeg\" src=\"https:\/\/www.radiopiu.net\/wordpress\/wp-content\/uploads\/2024\/04\/BONA-FESTA-LIBERAZIONE-SOSPIROLO.mp3?_=14\" \/><a href=\"https:\/\/www.radiopiu.net\/wordpress\/wp-content\/uploads\/2024\/04\/BONA-FESTA-LIBERAZIONE-SOSPIROLO.mp3\">https:\/\/www.radiopiu.net\/wordpress\/wp-content\/uploads\/2024\/04\/BONA-FESTA-LIBERAZIONE-SOSPIROLO.mp3<\/a><\/audio>\n<p>&nbsp;<\/p>\n<hr \/>\n<p>&nbsp;<\/p>\n<blockquote>\n<h3>UNIONE ITALIANA DEI CIECHI E IPOVEDENTI DI BELLUNO IN ASSEMBLEA<\/h3>\n<\/blockquote>\n<p><strong>BELLUNO<\/strong> Domani alle 14:30, si terr\u00e0 l&#8217;Assemblea ordinaria dei soci dell\u2019Unione Italiana dei Ciechi e degli Ipovedenti ETS APS di Belluno nella Sala Luciani del Centro Congressi Giovanni XXIII. Saranno discussi e approvati la relazione morale e il bilancio consuntivo del 2023, il budget e la relazione programmatica del 2024. Inoltre, si proceder\u00e0 con l&#8217;elezione del membro del Consiglio Regionale UICI del Veneto per la sezione territoriale UICI di Belluno.<\/p>\n<p>&nbsp;<\/p>\n<p>&nbsp;<\/p>\n<hr \/>\n<p>&nbsp;<\/p>\n<blockquote>\n<h3>L&#8217;ASSEMBLEA DEL GAV<\/h3>\n<\/blockquote>\n<p><strong>AGORDO<\/strong> Il GAV, Gruppo Assistenza Volontaria, ha indetto un&#8217;assemblea per domenica 28 aprile alle 11 al Centro Parrocchiale Don Vincenzo Savio di Agordo. Sette i punti da discutere tra cui la relazione delle attivit\u00e0 svolte nel 2023, l&#8217;approvazione del bilancio consuntivo 2024 e la presentazione delle attivit\u00e0 previste nel 2024.<\/p>\n<p>&nbsp;<\/p>\n<p>&nbsp;<\/p>\n<hr \/>\n<p>&nbsp;<\/p>\n<blockquote>\n<h3>GLI ALPINI DI FALCADE OSPITANO LUCIA DALMASSO<\/h3>\n<\/blockquote>\n<p><strong>FALCADE<\/strong> Il gruppo Alpini di Falcade ha organizzato un incontro con Lucia Dalmasso, la snowboarder di Falcade che ha appena finito la stagione in Coppa del Mondo. Un momento per incontrare la falcadina e per scambiare qualche chiacchera con Lucia. Appuntamento in sede degli Alpini di Falcade domenica alle 17:30.<\/p>\n<p>&nbsp;<\/p>\n<p>&nbsp;<\/p>\n<hr \/>\n<p>&nbsp;<\/p>\n<blockquote>\n<h3>LE ERBE AROMATICHE DI AISM<\/h3>\n<\/blockquote>\n<p>Con una donazione di 12 Euro sar\u00e0 possibile ottenere un kit con un mix di 2 piante aromatiche. Una parte del ricavato andr\u00e0 a sostegno delle attivit\u00e0 che la Sezione organizza sul territorio della Provincia a favore delle persone affette da sclerosi multipla. Per maggiori informazioni 0437 98168<\/p>\n<p>&nbsp;<\/p>\n<hr \/>\n<p>&nbsp;<\/p>\n<blockquote>\n<h3><strong>Disponibili online le certificazioni esenzioni per reddito dal 9 aprile 2024<\/strong><\/h3>\n<\/blockquote>\n<p><strong>BELLUNO<\/strong> L&#8217;Azienda ULSS 1 Dolomiti informa che le certificazioni delle esenzioni per reddito saranno accessibili dal 9 aprile 2024 sul portale <a href=\"https:\/\/salute.regione.veneto.it\/\" target=\"_new\" rel=\"noopener\">salute.regione.veneto.it<\/a>.<\/p>\n<a href=\"https:\/\/www.radiopiu.net\/wordpress\/wp-content\/uploads\/2024\/04\/Locandina_certificati-di-esenzione-2024.pdf\" class=\"pdfemb-viewer\" style=\"\" data-width=\"max\" data-height=\"max\" data-toolbar=\"top\" data-toolbar-fixed=\"on\">Locandina_certificati di esenzione 2024<\/a>\n<p>&nbsp;<\/p>\n<p>&nbsp;<\/p>\n<hr \/>\n<p>&nbsp;<\/p>\n<blockquote>\n<h3>A LAMON LA BENEDIZIONE DEL TRATTORE<\/h3>\n<\/blockquote>\n<p><a class=\"dt-pswp-item\" href=\"https:\/\/www.radiopiu.net\/wordpress\/wp-content\/uploads\/2024\/04\/IMG_20240316_103953.jpg\" data-dt-img-description=\"Oplus_131072\" data-large_image_width=\"1071\" data-large_image_height=\"726\"><img loading=\"lazy\" decoding=\"async\" class=\"alignleft wp-image-385813 \" src=\"https:\/\/www.radiopiu.net\/wordpress\/wp-content\/uploads\/2024\/04\/IMG_20240316_103953-300x203.jpg\" alt=\"\" width=\"191\" height=\"129\" srcset=\"https:\/\/www.radiopiu.net\/wordpress\/wp-content\/uploads\/2024\/04\/IMG_20240316_103953-300x203.jpg 300w, https:\/\/www.radiopiu.net\/wordpress\/wp-content\/uploads\/2024\/04\/IMG_20240316_103953-1024x694.jpg 1024w, https:\/\/www.radiopiu.net\/wordpress\/wp-content\/uploads\/2024\/04\/IMG_20240316_103953-768x521.jpg 768w, https:\/\/www.radiopiu.net\/wordpress\/wp-content\/uploads\/2024\/04\/IMG_20240316_103953.jpg 1071w\" sizes=\"auto, (max-width: 191px) 100vw, 191px\" \/><\/a><strong>LAMON\u00a0<\/strong>Domenica 21 aprile, l&#8217;associazione Pro Loco Lamon, insieme alla Parrocchia di Lamon e con il patrocinio del Comune di Lamon, organizza la &#8220;Benedizione del Trattore e della Macchina Agricola&#8221;. Il programma prevede il ritrovo dei mezzi alle 10:00 presso il piazzale in Via Ferd, seguito dalla partenza della sfilata lungo le vie del paese alle 10:30. Alle 11:30 avr\u00e0 luogo la benedizione dei trattori e delle macchine agricole lungo Viale Duomo e in Piazza III Novembre. Dalle 12:30 sar\u00e0 aperto uno stand gastronomico con lo speciale piatto del giorno: lo spiedo con contorni, nei capannoni di Via Ferd. A partire dalle 14:30, ci sar\u00e0 musica dal vivo con &#8220;I Tirataie&#8221;. Ogni autista di trattore o macchina agricola che parteciper\u00e0 alla sfilata ricever\u00e0 un ricordo della manifestazione.<\/p>\n<p>&nbsp;<\/p>\n<p>&nbsp;<\/p>\n<hr \/>\n<p>&nbsp;<\/p>\n<p>&nbsp;<\/p>\n<h2><span style=\"color: #ff6600;\">IERI ALLA RADIO\u00a0<\/span><\/h2>\n<blockquote>\n<h3>SPECIALE SPI CGIL, CON MARIA RITA GENTILIN<\/h3>\n<\/blockquote>\n<p><a class=\"dt-pswp-item\" href=\"https:\/\/www.radiopiu.net\/wordpress\/wp-content\/uploads\/2019\/02\/Logo_Spi-CGIL-800x445.jpg\" data-dt-img-description=\"\" data-large_image_width=\"800\" data-large_image_height=\"445\"><img loading=\"lazy\" decoding=\"async\" class=\"size-medium wp-image-75538 alignleft\" src=\"https:\/\/www.radiopiu.net\/wordpress\/wp-content\/uploads\/2019\/02\/Logo_Spi-CGIL-800x445-300x167.jpg\" alt=\"\" width=\"300\" height=\"167\" srcset=\"https:\/\/www.radiopiu.net\/wordpress\/wp-content\/uploads\/2019\/02\/Logo_Spi-CGIL-800x445-300x167.jpg 300w, https:\/\/www.radiopiu.net\/wordpress\/wp-content\/uploads\/2019\/02\/Logo_Spi-CGIL-800x445-768x427.jpg 768w, https:\/\/www.radiopiu.net\/wordpress\/wp-content\/uploads\/2019\/02\/Logo_Spi-CGIL-800x445.jpg 800w\" sizes=\"auto, (max-width: 300px) 100vw, 300px\" \/><\/a>di mirko mezzacasa<\/p>\n<p>OSPITE: Maria Rita Gentilin<\/p>\n<audio class=\"wp-audio-shortcode\" id=\"audio-386208-15\" preload=\"none\" style=\"width: 100%;\" controls=\"controls\"><source type=\"audio\/mpeg\" src=\"https:\/\/www.radiopiu.net\/wordpress\/wp-content\/uploads\/2024\/04\/MARIA-RITA-GENTILIN-APRILE-2024-GIOVEDI.mp3?_=15\" \/><a href=\"https:\/\/www.radiopiu.net\/wordpress\/wp-content\/uploads\/2024\/04\/MARIA-RITA-GENTILIN-APRILE-2024-GIOVEDI.mp3\">https:\/\/www.radiopiu.net\/wordpress\/wp-content\/uploads\/2024\/04\/MARIA-RITA-GENTILIN-APRILE-2024-GIOVEDI.mp3<\/a><\/audio>\n<p>&nbsp;<\/p>\n<blockquote>\n<h2>CENCENIGHE: Verso Nuovi Orizzonti Linguistici con Cassisi e Guglielmi<\/h2>\n<\/blockquote>\n<p><strong><a class=\"dt-pswp-item\" href=\"https:\/\/www.radiopiu.net\/wordpress\/wp-content\/uploads\/2024\/04\/6e06d2a5-047d-49ba-8009-a53e1c128a2d.jpg\" data-dt-img-description=\"\" data-large_image_width=\"2048\" data-large_image_height=\"1152\"><img loading=\"lazy\" decoding=\"async\" class=\" wp-image-386277 alignleft\" src=\"https:\/\/www.radiopiu.net\/wordpress\/wp-content\/uploads\/2024\/04\/6e06d2a5-047d-49ba-8009-a53e1c128a2d-300x169.jpg\" alt=\"\" width=\"247\" height=\"139\" srcset=\"https:\/\/www.radiopiu.net\/wordpress\/wp-content\/uploads\/2024\/04\/6e06d2a5-047d-49ba-8009-a53e1c128a2d-300x169.jpg 300w, https:\/\/www.radiopiu.net\/wordpress\/wp-content\/uploads\/2024\/04\/6e06d2a5-047d-49ba-8009-a53e1c128a2d-1024x576.jpg 1024w, https:\/\/www.radiopiu.net\/wordpress\/wp-content\/uploads\/2024\/04\/6e06d2a5-047d-49ba-8009-a53e1c128a2d-768x432.jpg 768w, https:\/\/www.radiopiu.net\/wordpress\/wp-content\/uploads\/2024\/04\/6e06d2a5-047d-49ba-8009-a53e1c128a2d-1536x864.jpg 1536w, https:\/\/www.radiopiu.net\/wordpress\/wp-content\/uploads\/2024\/04\/6e06d2a5-047d-49ba-8009-a53e1c128a2d.jpg 2048w\" sizes=\"auto, (max-width: 247px) 100vw, 247px\" \/><\/a>CENCENIGHE<\/strong> gioved\u00ec 18 aprile\u00a0 seconda puntata insieme a Nicola Cassisi che ci racconter\u00e0 dove si sta dirigendo la nostra lingua.<\/p>\n<p><strong>LE ANTICIPAZIONI ALLA RADIO <span style=\"color: #ff0000;\">giovedi ore 13.10\u00a0<\/span><\/strong><\/p>\n<p><em>un appassionante viaggio linguistico guidato da Nicola Cassisi. Insieme a lui, Luca Luchetta dell&#8217;Unione Ladina Val Biois. Le anticipazioni promettono un&#8217;interessante discussione sul futuro della nostra lingua.<\/em><\/p>\n<audio class=\"wp-audio-shortcode\" id=\"audio-386208-16\" preload=\"none\" style=\"width: 100%;\" controls=\"controls\"><source type=\"audio\/mpeg\" src=\"https:\/\/www.radiopiu.net\/wordpress\/wp-content\/uploads\/2024\/04\/luca-luchetta-nicola-cassisi.mp3?_=16\" \/><a href=\"https:\/\/www.radiopiu.net\/wordpress\/wp-content\/uploads\/2024\/04\/luca-luchetta-nicola-cassisi.mp3\">https:\/\/www.radiopiu.net\/wordpress\/wp-content\/uploads\/2024\/04\/luca-luchetta-nicola-cassisi.mp3<\/a><\/audio>\n<p>&nbsp;<\/p>\n<blockquote>\n<h2>CIAK SI GIRA, IL PROGRAMMA DI PAOLA LANCIATO<\/h2>\n<\/blockquote>\n<p><strong><a class=\"dt-pswp-item\" href=\"https:\/\/www.radiopiu.net\/wordpress\/wp-content\/uploads\/2024\/04\/IL-POSTINO.jpg\" data-dt-img-description=\"\" data-large_image_width=\"288\" data-large_image_height=\"432\"><img loading=\"lazy\" decoding=\"async\" class=\" wp-image-386320 alignleft\" src=\"https:\/\/www.radiopiu.net\/wordpress\/wp-content\/uploads\/2024\/04\/IL-POSTINO-200x300.jpg\" alt=\"\" width=\"83\" height=\"125\" srcset=\"https:\/\/www.radiopiu.net\/wordpress\/wp-content\/uploads\/2024\/04\/IL-POSTINO-200x300.jpg 200w, https:\/\/www.radiopiu.net\/wordpress\/wp-content\/uploads\/2024\/04\/IL-POSTINO.jpg 288w\" sizes=\"auto, (max-width: 83px) 100vw, 83px\" \/><\/a>PUNTATA 22 IL POSTINO<\/strong><\/p>\n<audio class=\"wp-audio-shortcode\" id=\"audio-386208-17\" preload=\"none\" style=\"width: 100%;\" controls=\"controls\"><source type=\"audio\/mpeg\" src=\"https:\/\/www.radiopiu.net\/wordpress\/wp-content\/uploads\/2024\/04\/CIAK2-1.mp3?_=17\" \/><a href=\"https:\/\/www.radiopiu.net\/wordpress\/wp-content\/uploads\/2024\/04\/CIAK2-1.mp3\">https:\/\/www.radiopiu.net\/wordpress\/wp-content\/uploads\/2024\/04\/CIAK2-1.mp3<\/a><\/audio>\n<p>&nbsp;<\/p>\n<h2>LA RACCOLTA COMPLETA <a href=\"https:\/\/www.radiopiu.net\/wordpress\/ciak24\/\"><span style=\"color: #0000ff;\">CLICCA QUI<\/span><\/a><\/h2>\n<p>&nbsp;<\/p>\n<hr \/>\n<p>&nbsp;<\/p>\n<blockquote>\n<h2>in vallata:<\/h2>\n<\/blockquote>\n\n\t\t\t<style type='text\/css'>\n\t\t\t\t#gallery-5 {\n\t\t\t\t\tmargin: auto;\n\t\t\t\t}\n\t\t\t\t#gallery-5 .gallery-item {\n\t\t\t\t\tfloat: left;\n\t\t\t\t\tmargin-top: 10px;\n\t\t\t\t\ttext-align: center;\n\t\t\t\t\twidth: 25%;\n\t\t\t\t}\n\t\t\t\t#gallery-5 img {\n\t\t\t\t\tborder: 2px solid #cfcfcf;\n\t\t\t\t}\n\t\t\t\t#gallery-5 .gallery-caption {\n\t\t\t\t\tmargin-left: 0;\n\t\t\t\t}\n\t\t\t\t\/* see gallery_shortcode() in wp-includes\/media.php *\/\n\t\t\t<\/style>\n\t\t<div id='gallery-5' class='dt-gallery-container gallery galleryid-386208 gallery-columns-4 gallery-size-medium'><dl class='gallery-item'>\n\t\t\t\t<dt class='gallery-icon portrait'>\n\t\t\t\t\t<a class=\"rollover rollover-zoom dt-pswp-item\" title=\"d02fe35d-334c-4039-81d3-508c3e863bed\" data-dt-img-description=\"\" data-large_image_width=\"1136\" data-large_image_height=\"1600\"href='https:\/\/www.radiopiu.net\/wordpress\/wp-content\/uploads\/2024\/04\/d02fe35d-334c-4039-81d3-508c3e863bed.jpg'><img loading=\"lazy\" decoding=\"async\" width=\"213\" height=\"300\" src=\"https:\/\/www.radiopiu.net\/wordpress\/wp-content\/uploads\/2024\/04\/d02fe35d-334c-4039-81d3-508c3e863bed-213x300.jpg\" class=\"attachment-medium size-medium\" alt=\"\" srcset=\"https:\/\/www.radiopiu.net\/wordpress\/wp-content\/uploads\/2024\/04\/d02fe35d-334c-4039-81d3-508c3e863bed-213x300.jpg 213w, https:\/\/www.radiopiu.net\/wordpress\/wp-content\/uploads\/2024\/04\/d02fe35d-334c-4039-81d3-508c3e863bed-727x1024.jpg 727w, https:\/\/www.radiopiu.net\/wordpress\/wp-content\/uploads\/2024\/04\/d02fe35d-334c-4039-81d3-508c3e863bed-768x1082.jpg 768w, https:\/\/www.radiopiu.net\/wordpress\/wp-content\/uploads\/2024\/04\/d02fe35d-334c-4039-81d3-508c3e863bed-1091x1536.jpg 1091w, https:\/\/www.radiopiu.net\/wordpress\/wp-content\/uploads\/2024\/04\/d02fe35d-334c-4039-81d3-508c3e863bed.jpg 1136w\" sizes=\"auto, (max-width: 213px) 100vw, 213px\" \/><\/a>\n\t\t\t\t<\/dt><\/dl><dl class='gallery-item'>\n\t\t\t\t<dt class='gallery-icon portrait'>\n\t\t\t\t\t<a class=\"rollover rollover-zoom dt-pswp-item\" title=\"2d3e911f-f1e3-4e55-aba3-20c37bc8ebf1\" data-dt-img-description=\"\" data-large_image_width=\"707\" data-large_image_height=\"1000\"href='https:\/\/www.radiopiu.net\/wordpress\/wp-content\/uploads\/2024\/04\/2d3e911f-f1e3-4e55-aba3-20c37bc8ebf1.jpg'><img loading=\"lazy\" decoding=\"async\" width=\"212\" height=\"300\" src=\"https:\/\/www.radiopiu.net\/wordpress\/wp-content\/uploads\/2024\/04\/2d3e911f-f1e3-4e55-aba3-20c37bc8ebf1-212x300.jpg\" class=\"attachment-medium size-medium\" alt=\"\" aria-describedby=\"gallery-5-385133\" srcset=\"https:\/\/www.radiopiu.net\/wordpress\/wp-content\/uploads\/2024\/04\/2d3e911f-f1e3-4e55-aba3-20c37bc8ebf1-212x300.jpg 212w, https:\/\/www.radiopiu.net\/wordpress\/wp-content\/uploads\/2024\/04\/2d3e911f-f1e3-4e55-aba3-20c37bc8ebf1.jpg 707w\" sizes=\"auto, (max-width: 212px) 100vw, 212px\" \/><\/a>\n\t\t\t\t<\/dt>\n\t\t\t\t\t<dd class='wp-caption-text gallery-caption' id='gallery-5-385133'>\n\t\t\t\t\tIN FESTA CON L&#8217;ALLEGHE HOCKEY, DOMANI SABATO\n\t\t\t\t\t<\/dd><\/dl><dl class='gallery-item'>\n\t\t\t\t<dt class='gallery-icon portrait'>\n\t\t\t\t\t<a class=\"rollover rollover-zoom dt-pswp-item\" title=\"f16954ef-71e0-49e2-a9d2-1b5d293d2e59\" data-dt-img-description=\"\" data-large_image_width=\"1131\" data-large_image_height=\"1600\"href='https:\/\/www.radiopiu.net\/wordpress\/wp-content\/uploads\/2024\/04\/f16954ef-71e0-49e2-a9d2-1b5d293d2e59.jpg'><img loading=\"lazy\" decoding=\"async\" width=\"212\" height=\"300\" src=\"https:\/\/www.radiopiu.net\/wordpress\/wp-content\/uploads\/2024\/04\/f16954ef-71e0-49e2-a9d2-1b5d293d2e59-212x300.jpg\" class=\"attachment-medium size-medium\" alt=\"\" aria-describedby=\"gallery-5-385174\" srcset=\"https:\/\/www.radiopiu.net\/wordpress\/wp-content\/uploads\/2024\/04\/f16954ef-71e0-49e2-a9d2-1b5d293d2e59-212x300.jpg 212w, https:\/\/www.radiopiu.net\/wordpress\/wp-content\/uploads\/2024\/04\/f16954ef-71e0-49e2-a9d2-1b5d293d2e59-724x1024.jpg 724w, https:\/\/www.radiopiu.net\/wordpress\/wp-content\/uploads\/2024\/04\/f16954ef-71e0-49e2-a9d2-1b5d293d2e59-768x1086.jpg 768w, https:\/\/www.radiopiu.net\/wordpress\/wp-content\/uploads\/2024\/04\/f16954ef-71e0-49e2-a9d2-1b5d293d2e59-1086x1536.jpg 1086w, https:\/\/www.radiopiu.net\/wordpress\/wp-content\/uploads\/2024\/04\/f16954ef-71e0-49e2-a9d2-1b5d293d2e59.jpg 1131w\" sizes=\"auto, (max-width: 212px) 100vw, 212px\" \/><\/a>\n\t\t\t\t<\/dt>\n\t\t\t\t\t<dd class='wp-caption-text gallery-caption' id='gallery-5-385174'>\n\t\t\t\t\tDAL 27 APRILE LA MOSTRA DEGLI ALUNNI DI LAURA BALLIS\n\t\t\t\t\t<\/dd><\/dl><dl class='gallery-item'>\n\t\t\t\t<dt class='gallery-icon portrait'>\n\t\t\t\t\t<a class=\"rollover rollover-zoom dt-pswp-item\" title=\"0d5c9989-0f37-497b-8d4d-bde2a473da75\" data-dt-img-description=\"\" data-large_image_width=\"875\" data-large_image_height=\"1241\"href='https:\/\/www.radiopiu.net\/wordpress\/wp-content\/uploads\/2024\/04\/0d5c9989-0f37-497b-8d4d-bde2a473da75.jpg'><img loading=\"lazy\" decoding=\"async\" width=\"212\" height=\"300\" src=\"https:\/\/www.radiopiu.net\/wordpress\/wp-content\/uploads\/2024\/04\/0d5c9989-0f37-497b-8d4d-bde2a473da75-212x300.jpg\" class=\"attachment-medium size-medium\" alt=\"\" srcset=\"https:\/\/www.radiopiu.net\/wordpress\/wp-content\/uploads\/2024\/04\/0d5c9989-0f37-497b-8d4d-bde2a473da75-212x300.jpg 212w, https:\/\/www.radiopiu.net\/wordpress\/wp-content\/uploads\/2024\/04\/0d5c9989-0f37-497b-8d4d-bde2a473da75-722x1024.jpg 722w, https:\/\/www.radiopiu.net\/wordpress\/wp-content\/uploads\/2024\/04\/0d5c9989-0f37-497b-8d4d-bde2a473da75-768x1089.jpg 768w, https:\/\/www.radiopiu.net\/wordpress\/wp-content\/uploads\/2024\/04\/0d5c9989-0f37-497b-8d4d-bde2a473da75.jpg 875w\" sizes=\"auto, (max-width: 212px) 100vw, 212px\" \/><\/a>\n\t\t\t\t<\/dt><\/dl><br style=\"clear: both\" \/>\n\t\t\t<\/div>\n\n<p>&nbsp;<\/p>\n<p>&nbsp;<\/p>\n<hr \/>\n<p>&nbsp;<\/p>\n<h2><span style=\"color: #ff0000;\"><a class=\"dt-pswp-item\" href=\"https:\/\/www.radiopiu.net\/wordpress\/wp-content\/uploads\/2018\/09\/appuntamenti.jpeg\" data-dt-img-description=\"\" data-large_image_width=\"800\" data-large_image_height=\"100\"><img loading=\"lazy\" decoding=\"async\" class=\"wp-image-61958 size-full aligncenter\" src=\"https:\/\/www.radiopiu.net\/wordpress\/wp-content\/uploads\/2018\/09\/appuntamenti.jpeg\" alt=\"\" width=\"800\" height=\"100\" srcset=\"https:\/\/www.radiopiu.net\/wordpress\/wp-content\/uploads\/2018\/09\/appuntamenti.jpeg 800w, https:\/\/www.radiopiu.net\/wordpress\/wp-content\/uploads\/2018\/09\/appuntamenti-300x38.jpeg 300w, https:\/\/www.radiopiu.net\/wordpress\/wp-content\/uploads\/2018\/09\/appuntamenti-768x96.jpeg 768w\" sizes=\"auto, (max-width: 800px) 100vw, 800px\" \/><\/a><\/span><\/h2>\n<div>\n<div class=\"\" dir=\"auto\">\n<div id=\":r9h:\" class=\"x1iorvi4 x1pi30zi x1l90r2v x1swvt13\" data-ad-comet-preview=\"message\" data-ad-preview=\"message\">\n<div class=\"x78zum5 xdt5ytf xz62fqu x16ldp7u\">\n<div class=\"xu06os2 x1ok221b\">\n<p>&nbsp;<\/p>\n<h3><a class=\"dt-pswp-item\" href=\"https:\/\/www.radiopiu.net\/wordpress\/wp-content\/uploads\/2024\/04\/locandina.jpg\" data-dt-img-description=\"\" data-large_image_width=\"420\" data-large_image_height=\"600\"><img loading=\"lazy\" decoding=\"async\" class=\" wp-image-383374 alignleft\" src=\"https:\/\/www.radiopiu.net\/wordpress\/wp-content\/uploads\/2024\/04\/locandina-210x300.jpg\" alt=\"\" width=\"88\" height=\"126\" srcset=\"https:\/\/www.radiopiu.net\/wordpress\/wp-content\/uploads\/2024\/04\/locandina-210x300.jpg 210w, https:\/\/www.radiopiu.net\/wordpress\/wp-content\/uploads\/2024\/04\/locandina.jpg 420w\" sizes=\"auto, (max-width: 88px) 100vw, 88px\" \/><\/a>AL CINEMA DOLOMITI DI FALCADE ARRIVA LA PELLICOLA &#8220;UN MONDO A PARTE&#8221;, IL FILM CON ANTONIO ALBANESE E VIRGINIA RAFFAELE. OGGI E DOMANI ALLE 21, DOMENICA ALLE 15:30 E ALLE 21<\/h3>\n<p>&nbsp;<\/p>\n<div class=\"\" dir=\"auto\">\n<div class=\"\" dir=\"auto\">\n<div class=\"x1iorvi4 x1pi30zi x1l90r2v x1swvt13\" data-ad-comet-preview=\"message\" data-ad-preview=\"message\">\n<div class=\"x78zum5 xdt5ytf xz62fqu x16ldp7u\">\n<div class=\"xu06os2 x1ok221b\">\n<div class=\"xdj266r x11i5rnm xat24cr x1mh8g0r x1vvkbs x126k92a\">\n<div dir=\"auto\">UN MONDO A PARTE<\/div>\n<div dir=\"auto\">Michele Cortese \u00e8 un maestro elementare della capitale che non ne pu\u00f2 pi\u00f9 di &#8220;cercare di salvare gente che non ha intenzione di essere salvata, e ti mena pure&#8221;. Cos\u00ec chiede l&#8217;assegnazione provvisoria in un paesino di 364 anime della montagna abruzzese: scoprir\u00e0 che la tanto agognata tranquillit\u00e0 non risiede neanche qui.<\/div>\n<\/div>\n<div class=\"x11i5rnm xat24cr x1mh8g0r x1vvkbs xtlvy1s x126k92a\">\n<div dir=\"auto\">di Riccardo Milani | Commedia &#8211; 113 minuti<\/div>\n<div dir=\"auto\">con Antonio Albanese &#8211; Virginia Raffaele<\/div>\n<\/div>\n<div class=\"x11i5rnm xat24cr x1mh8g0r x1vvkbs xtlvy1s x126k92a\">\n<div dir=\"auto\"><\/div>\n<\/div>\n<\/div>\n<\/div>\n<\/div>\n<\/div>\n<\/div>\n<p>&nbsp;<\/p>\n<\/div>\n<p><strong>BELLUNO <\/strong>Il rassegna &#8220;A Casa di Dino&#8221; si conclude con un ospite speciale: Alfonso Brezmes, poliedrico artista e letterato spagnolo, presenter\u00e0 la sua antologia &#8220;Quando non ci sono&#8221; oggi alle 18:30 alla Casa dei Maestri, gi\u00e0 Sala De Luca, a Belluno. Barbonetti, che ha tradotto l&#8217;opera di Brezmes nel 2021 per Einaudi, dialogher\u00e0 con lui durante la presentazione.<\/p>\n<div class=\"xu06os2 x1ok221b\">\n<p><strong>BELLUNO<\/strong> Oggi si svolger\u00e0 a Belluno la conferenza di presentazione dell\u2019ultimo romanzo storico di Sante Rossetto intitolato \u201cAssassinio nel campo di grano\u201c, edizioni Canova. L\u2019evento avr\u00e0 luogo alle 17.00 presso la sede del Circolo culturale \u201cLa Terra dei Padri\u201d in via dei Molini, 10 a Borgo Piave<\/p>\n<p><strong>BORGO VALBELLUNA<\/strong> La mostra collettiva &#8220;TRACCE DI MEMORIA &#8211; IL VALORE DEL RICORDO&#8221; sar\u00e0 inaugurata domani alle 11:00 alla sede dell&#8217;Associazione Civicamente APS, in Via Saubens a Trichiana, Borgo Valbelluna.<\/p>\n<p><strong>AGORDO<\/strong> Domani alle 15:30 al Centro Parrocchiale Don Vincenzo Savio di Agordo la presentazione del libro di Adone Santomaso dal titolo &#8220;Monte di luna vita serena&#8221;<\/p>\n<p><strong>AGORDO <\/strong>Domani alle 17 alla Biblioteca di Agordo il dottor Paolo Forlin terr\u00e0 un incontro dal titolo &#8221; Nuove indagini archeologiche a San Donato di Lamon&#8221;. Organizza ARCA, Gruppo Archeologico Agordino<\/p>\n<p><strong>ALPAGO<\/strong> L&#8217;associazione culturale Agor\u00e0\u00a0 ospiter\u00e0 una serata commemorativa dedicata al poeta bellunese Francesco Piemonte, recentemente scomparso,\u00a0 attraverso la lettura dei suoi versi con Sonia Vazza,\u00a0 Serena Dal Borgo moderer\u00e0 l&#8217;incontro domani\u00a0 alle\u00a0 20.30\u00a0 nello spazio associativo di Agor\u00e0 aps in Piazza Papa Luciani.<\/p>\n<\/div>\n<\/div>\n<\/div>\n<\/div>\n<\/div>\n<p><strong>FALCADE <\/strong>DESPERADOS, DUE GIORNI DI FESTA CON LA QUINTA LICEO, AL PALAFALCADE. OGGI DALLE 18 APERITIVO E ALLE 20 IL BALLO LISCIO CON &#8221; \u201ci prestazione occasionale, GI\u00e0 QUELLI CHE IL LISCIO&#8221; DOMANI, DALLE 17 TORNEO DI BRISCOLA E CALCETTO E DALLE 21 DESPERADOS PARTY!!!! CON BASSLINE DJ, DALLA MEZZANOTTE HAPPY HALF HOUR info 3482996318<\/p>\n<p>&nbsp;<\/p>\n<h2><span style=\"color: #ff0000;\">PROSSIMAMENTE&#8230;<\/span><\/h2>\n<p><strong>BELLUNO <\/strong>Le Scuole in rete per un Mondo di Solidariet\u00e0 e Pace, in collaborazione con l\u2019Associazione Amici delle Scuole in rete, l&#8217;Ufficio Scolastico Provinciale, il Comune di Belluno, il Circolo Cultura e Stampa, la Fondazione Teatri delle Dolomiti e il Consorzio Bim, organizzano uno spettacolo serale, al teatro Dino Buzzati\u00a0 di Belluno nella giornata del 22 aprile 2024 alle 20:45, durante il quale gli studenti delle scuole della provincia esibiranno i propri migliori prodotti artistici sul tema <em>Cura e perdono armi di pace<\/em>, una libera riflessione sulla pace in senso lato: pace con s\u00e9 stessi, il prossimo, la pace tra i popoli.<\/p>\n<p>&nbsp;<\/p>\n<hr \/>\n<p>&nbsp;<\/p>\n<p><a class=\"dt-pswp-item\" href=\"https:\/\/www.radiopiu.net\/wordpress\/wp-content\/uploads\/2018\/09\/viabilita.jpeg\" data-dt-img-description=\"\" data-large_image_width=\"800\" data-large_image_height=\"100\"><img loading=\"lazy\" decoding=\"async\" class=\"aligncenter wp-image-61954 size-full\" src=\"https:\/\/www.radiopiu.net\/wordpress\/wp-content\/uploads\/2018\/09\/viabilita.jpeg\" alt=\"\" width=\"800\" height=\"100\" srcset=\"https:\/\/www.radiopiu.net\/wordpress\/wp-content\/uploads\/2018\/09\/viabilita.jpeg 800w, https:\/\/www.radiopiu.net\/wordpress\/wp-content\/uploads\/2018\/09\/viabilita-300x38.jpeg 300w, https:\/\/www.radiopiu.net\/wordpress\/wp-content\/uploads\/2018\/09\/viabilita-768x96.jpeg 768w\" sizes=\"auto, (max-width: 800px) 100vw, 800px\" \/><\/a><\/p>\n<p>&nbsp;<\/p>\n<p><a class=\"dt-pswp-item\" href=\"https:\/\/www.radiopiu.net\/wordpress\/wp-content\/uploads\/2023\/12\/botol-car-service.jpg\" data-dt-img-description=\"\" data-large_image_width=\"600\" data-large_image_height=\"600\"><img loading=\"lazy\" decoding=\"async\" class=\"size-medium wp-image-367044 aligncenter\" src=\"https:\/\/www.radiopiu.net\/wordpress\/wp-content\/uploads\/2023\/12\/botol-car-service-300x300.jpg\" alt=\"\" width=\"300\" height=\"300\" srcset=\"https:\/\/www.radiopiu.net\/wordpress\/wp-content\/uploads\/2023\/12\/botol-car-service-300x300.jpg 300w, https:\/\/www.radiopiu.net\/wordpress\/wp-content\/uploads\/2023\/12\/botol-car-service-150x150.jpg 150w, https:\/\/www.radiopiu.net\/wordpress\/wp-content\/uploads\/2023\/12\/botol-car-service.jpg 600w\" sizes=\"auto, (max-width: 300px) 100vw, 300px\" \/><\/a><\/p>\n<p>&nbsp;<\/p>\n<p>&nbsp;<\/p>\n<h1>BOLLETTINO QUOTIDIANO, CLICCA QUI<\/h1>\n<blockquote class=\"wp-embedded-content\" data-secret=\"fhnMAkrXyL\"><p><a href=\"https:\/\/www.radiopiu.net\/wordpress\/viabilita\/\">viabilita<\/a><\/p><\/blockquote>\n<p><iframe loading=\"lazy\" class=\"wp-embedded-content\" sandbox=\"allow-scripts\" security=\"restricted\" style=\"position: absolute; clip: rect(1px, 1px, 1px, 1px);\" title=\"&#8220;viabilita&#8221; &#8212; Radio Pi\u00f9\" src=\"https:\/\/www.radiopiu.net\/wordpress\/viabilita\/embed\/#?secret=rmVWarkvcr#?secret=fhnMAkrXyL\" data-secret=\"fhnMAkrXyL\" width=\"600\" height=\"338\" frameborder=\"0\" marginwidth=\"0\" marginheight=\"0\" scrolling=\"no\"><\/iframe><\/p>\n<p>&nbsp;<\/p>\n<p>&nbsp;<\/p>\n<p>&nbsp;<\/p>\n<hr \/>\n<p>&nbsp;<\/p>\n<p><a class=\"dt-pswp-item\" href=\"https:\/\/www.radiopiu.net\/wordpress\/wp-content\/uploads\/2018\/09\/WhatsApp-Image-2018-09-20-at-16.04.06.jpeg\" data-dt-img-description=\"\" data-large_image_width=\"800\" data-large_image_height=\"100\"><img loading=\"lazy\" decoding=\"async\" class=\"wp-image-61378 size-full aligncenter\" src=\"https:\/\/www.radiopiu.net\/wordpress\/wp-content\/uploads\/2018\/09\/WhatsApp-Image-2018-09-20-at-16.04.06.jpeg\" alt=\"\" width=\"800\" height=\"100\" srcset=\"https:\/\/www.radiopiu.net\/wordpress\/wp-content\/uploads\/2018\/09\/WhatsApp-Image-2018-09-20-at-16.04.06.jpeg 800w, https:\/\/www.radiopiu.net\/wordpress\/wp-content\/uploads\/2018\/09\/WhatsApp-Image-2018-09-20-at-16.04.06-300x38.jpeg 300w, https:\/\/www.radiopiu.net\/wordpress\/wp-content\/uploads\/2018\/09\/WhatsApp-Image-2018-09-20-at-16.04.06-768x96.jpeg 768w\" sizes=\"auto, (max-width: 800px) 100vw, 800px\" \/><\/a><\/p>\n<p><center><\/center><center><\/center><center><\/center><center><\/center><center><\/center><center><\/center>&nbsp;<\/p>\n<p><center><\/center><center><b>OGGI<\/b><\/center>Nottetempo e al primo mattino cielo sereno, poi aumento della nuvolosit\u00e0 alta a partire dalle Dolomiti, in estensione al resto della montagna veneta in mattinata. Al pomeriggio rasserenamenti sulle Prealpi centro-occidentali e maggiore nuvolosit\u00e0 sul bellunese, dove qualche fenomeno potr\u00e0 verificarsi.<br \/>\n<b>Precipitazioni: <\/b>Al mattino assenti. Al pomeriggio generalmente assenti sulle Prealpi occidentali, mentre saranno assai pi\u00f9 probabili sul bellunese. Il limite neve sar\u00e0 sui 1300-1500 m.<br \/>\n<b>Temperature: <\/b>Minime in calo con diffuse gelate oltre gli 800-1000 m, non escluso locali brinate fino nel catino bellunese. Massime in lieve aumento.<\/p>\n<hr \/>\n<p><center><b>DOMANI<\/b><\/center>Mattinata da soleggiata a parzialmente soleggiata, poi riduzione del soleggiamento per addensamenti irregolari associati a qualche piovasco pomeridiano. A fine giornata rasserenamenti via via pi\u00f9 ampi.<br \/>\n<b>Precipitazioni: <\/b>Al mattino assenti. Al pomeriggio qualche piovasco sparso, pi\u00f9 probabile sulle Prealpi e meno sulle Dolomiti, nevoso oltre i 1400-1500 m.<br \/>\n<b>Temperature: <\/b>Minime in leggero calo in quota e stazionarie nelle valli, massime in lieve aumento grazie al maggiore soleggiamento, almeno nelle valli, ma non oltre i 1500-1600 m.<\/p>\n<hr \/>\n<p><center><b>DOMENICA<\/b><\/center>Nuvolosit\u00e0 irregolare e schiarite al mattino, poi intensificazione della nuvolosit\u00e0 e probabile lieve instabilit\u00e0 con qualche rovescio sparso, nevoso oltre i 1100-1200 m, pi\u00f9 probabile sulle Prealpi, ma non escluso sulle Dolomiti. Temperature minime in aumento e massime pressoch\u00e9 stazionarie.<\/p>\n<hr \/>\n<p><center><b>LUNEDI<\/b><\/center>Probabile nuvolosit\u00e0 alta al mattino, ma il sole potrebbe filtrare. Poi intensificazione della copertura al pomeriggio e probabili deboli precipitazioni, nevose a 1100-1300 m, ma non ovunque. Temperature senza notevoli variazioni.<\/p>\n<p>&nbsp;<\/p>\n<hr \/>\n<p>&nbsp;<\/p>\n<a href=\"https:\/\/www.radiopiu.net\/wordpress\/wp-content\/uploads\/2024\/04\/INVITO-INFINITY-BARDIN-1.pdf\" class=\"pdfemb-viewer\" style=\"\" data-width=\"max\" data-height=\"max\" data-toolbar=\"top\" data-toolbar-fixed=\"on\">INVITO INFINITY BARDIN-1<\/a>\n<p>&nbsp;<\/p>\n<hr \/>\n<p>&nbsp;<\/p>\n<p><img loading=\"lazy\" decoding=\"async\" class=\"wp-image-60761 size-full aligncenter\" src=\"https:\/\/www.radiopiu.net\/wordpress\/wp-content\/uploads\/2018\/09\/sport.jpg\" alt=\"\" width=\"800\" height=\"100\" srcset=\"https:\/\/www.radiopiu.net\/wordpress\/wp-content\/uploads\/2018\/09\/sport.jpg 800w, https:\/\/www.radiopiu.net\/wordpress\/wp-content\/uploads\/2018\/09\/sport-300x38.jpg 300w, https:\/\/www.radiopiu.net\/wordpress\/wp-content\/uploads\/2018\/09\/sport-768x96.jpg 768w\" sizes=\"auto, (max-width: 800px) 100vw, 800px\" \/><\/p>\n<p>&nbsp;<\/p>\n<p><span style=\"color: #0000ff;\"><strong>PALLAVOLO<\/strong><\/span><\/p>\n<blockquote>\n<h3>DOMENICA BELLUNO VOLLEY DI NUOVO IN CAMPO PER GARA 2 CON PALMI<\/h3>\n<\/blockquote>\n<p><a class=\"dt-pswp-item\" href=\"https:\/\/www.radiopiu.net\/wordpress\/wp-content\/uploads\/2024\/04\/Riccardo_Zanolli_pronto_alla_trasferta_di_Palmi.jpg\" data-dt-img-description=\"\" data-large_image_width=\"800\" data-large_image_height=\"400\"><img loading=\"lazy\" decoding=\"async\" class=\" wp-image-386347 alignleft\" src=\"https:\/\/www.radiopiu.net\/wordpress\/wp-content\/uploads\/2024\/04\/Riccardo_Zanolli_pronto_alla_trasferta_di_Palmi-300x150.jpg\" alt=\"\" width=\"180\" height=\"90\" srcset=\"https:\/\/www.radiopiu.net\/wordpress\/wp-content\/uploads\/2024\/04\/Riccardo_Zanolli_pronto_alla_trasferta_di_Palmi-300x150.jpg 300w, https:\/\/www.radiopiu.net\/wordpress\/wp-content\/uploads\/2024\/04\/Riccardo_Zanolli_pronto_alla_trasferta_di_Palmi-768x384.jpg 768w, https:\/\/www.radiopiu.net\/wordpress\/wp-content\/uploads\/2024\/04\/Riccardo_Zanolli_pronto_alla_trasferta_di_Palmi.jpg 800w\" sizes=\"auto, (max-width: 180px) 100vw, 180px\" \/><\/a>Riccardo Zanolli, team manager del Belluno Volley, \u00e8 una figura chiave nel gruppo, offrendo supporto e consigli preziosi. Ha contribuito alla pianificazione dettagliata della trasferta a Palmi per gara 2 dei playoff. Consapevole dell&#8217;importanza dell&#8217;affiatamento del team, sottolinea la necessit\u00e0 di affrontare l&#8217;incontro con determinazione contro un avversario di alto livello. Prevede un&#8217;intensa aggressivit\u00e0 da parte di Palmi, ma confida nelle certezze acquisite dalla squadra. L&#8217;atmosfera della Spes Arena, carica di emozioni, \u00e8 un fattore determinante per il Belluno, che si impegna a continuare a dare il massimo per ripagare il sostegno del pubblico e per progredire nei playoff.<\/p>\n<p>&nbsp;<\/p>\n<hr \/>\n<p>&nbsp;<\/p>\n<h2><span style=\"color: #33cccc;\">GOODBYE BY BICICLE&#8230;UN VIAGGIO DALL&#8217;INDIA A SEREN DEL GRAPPA IN BICICLETTA<\/span><\/h2>\n<p><span style=\"color: #ff0000;\"><strong>PUNTATA 09 &#8211; IL VIAGGIO IN NEPAL IN ATTESA DEL VISTO TURISTICO<\/strong><\/span><\/p>\n<audio class=\"wp-audio-shortcode\" id=\"audio-386208-18\" preload=\"none\" style=\"width: 100%;\" controls=\"controls\"><source type=\"audio\/mpeg\" src=\"https:\/\/www.radiopiu.net\/wordpress\/wp-content\/uploads\/2024\/04\/AIRE-INDIA-PUNTATA-09.mp3?_=18\" \/><a href=\"https:\/\/www.radiopiu.net\/wordpress\/wp-content\/uploads\/2024\/04\/AIRE-INDIA-PUNTATA-09.mp3\">https:\/\/www.radiopiu.net\/wordpress\/wp-content\/uploads\/2024\/04\/AIRE-INDIA-PUNTATA-09.mp3<\/a><\/audio>\n<p>&nbsp;<\/p>\n<p><strong>PER VISITARE I SITI DEI LUOGHI VISITATI, CLICCA SULLE SEGUENTI SCRITTE: <span style=\"color: #0000ff;\"><a style=\"color: #0000ff;\" href=\"https:\/\/www.anganwadiproject.com\/\">ANGANWADI PROJECT<\/a>\u00a0 <a style=\"color: #0000ff;\" href=\"https:\/\/shreyasfoundation.in\/\">SHEREYAS FOUNDATION<\/a>\u00a0 <a style=\"color: #0000ff;\" href=\"https:\/\/manavsadhna.org\/\">MANAV SADHNA<\/a>\u00a0 <a style=\"color: #0000ff;\" href=\"https:\/\/www.shuklaphantanationalpark.gov.np\/en\">SHUKLAPHA NATIONAL PARK<\/a><\/span><\/strong><\/p>\n\n\t\t\t<style type='text\/css'>\n\t\t\t\t#gallery-6 {\n\t\t\t\t\tmargin: auto;\n\t\t\t\t}\n\t\t\t\t#gallery-6 .gallery-item {\n\t\t\t\t\tfloat: left;\n\t\t\t\t\tmargin-top: 10px;\n\t\t\t\t\ttext-align: center;\n\t\t\t\t\twidth: 20%;\n\t\t\t\t}\n\t\t\t\t#gallery-6 img {\n\t\t\t\t\tborder: 2px solid #cfcfcf;\n\t\t\t\t}\n\t\t\t\t#gallery-6 .gallery-caption {\n\t\t\t\t\tmargin-left: 0;\n\t\t\t\t}\n\t\t\t\t\/* see gallery_shortcode() in wp-includes\/media.php *\/\n\t\t\t<\/style>\n\t\t<div id='gallery-6' class='dt-gallery-container gallery galleryid-386208 gallery-columns-5 gallery-size-thumbnail'><dl class='gallery-item'>\n\t\t\t\t<dt class='gallery-icon landscape'>\n\t\t\t\t\t<a class=\"rollover rollover-zoom dt-pswp-item\" title=\"4e5c35db-3e12-4aec-8abd-b9138bcea54d\" data-dt-img-description=\"\" data-large_image_width=\"1600\" data-large_image_height=\"721\"href='https:\/\/www.radiopiu.net\/wordpress\/wp-content\/uploads\/2024\/04\/4e5c35db-3e12-4aec-8abd-b9138bcea54d.jpg'><img loading=\"lazy\" decoding=\"async\" width=\"150\" height=\"150\" src=\"https:\/\/www.radiopiu.net\/wordpress\/wp-content\/uploads\/2024\/04\/4e5c35db-3e12-4aec-8abd-b9138bcea54d-150x150.jpg\" class=\"attachment-thumbnail size-thumbnail\" alt=\"\" \/><\/a>\n\t\t\t\t<\/dt><\/dl><dl class='gallery-item'>\n\t\t\t\t<dt class='gallery-icon landscape'>\n\t\t\t\t\t<a class=\"rollover rollover-zoom dt-pswp-item\" title=\"d4bb193e-20e4-4204-9be2-b2094f82fa6a\" data-dt-img-description=\"\" data-large_image_width=\"1600\" data-large_image_height=\"1200\"href='https:\/\/www.radiopiu.net\/wordpress\/wp-content\/uploads\/2024\/04\/d4bb193e-20e4-4204-9be2-b2094f82fa6a.jpg'><img loading=\"lazy\" decoding=\"async\" width=\"150\" height=\"150\" src=\"https:\/\/www.radiopiu.net\/wordpress\/wp-content\/uploads\/2024\/04\/d4bb193e-20e4-4204-9be2-b2094f82fa6a-150x150.jpg\" class=\"attachment-thumbnail size-thumbnail\" alt=\"\" \/><\/a>\n\t\t\t\t<\/dt><\/dl><dl class='gallery-item'>\n\t\t\t\t<dt class='gallery-icon landscape'>\n\t\t\t\t\t<a class=\"rollover rollover-zoom dt-pswp-item\" title=\"5ca98be9-00a4-4735-8434-601bd80ffc52\" data-dt-img-description=\"\" data-large_image_width=\"1280\" data-large_image_height=\"963\"href='https:\/\/www.radiopiu.net\/wordpress\/wp-content\/uploads\/2024\/04\/5ca98be9-00a4-4735-8434-601bd80ffc52.jpg'><img loading=\"lazy\" decoding=\"async\" width=\"150\" height=\"150\" src=\"https:\/\/www.radiopiu.net\/wordpress\/wp-content\/uploads\/2024\/04\/5ca98be9-00a4-4735-8434-601bd80ffc52-150x150.jpg\" class=\"attachment-thumbnail size-thumbnail\" alt=\"\" \/><\/a>\n\t\t\t\t<\/dt><\/dl><dl class='gallery-item'>\n\t\t\t\t<dt class='gallery-icon landscape'>\n\t\t\t\t\t<a class=\"rollover rollover-zoom dt-pswp-item\" title=\"c92a92fb-a4b2-478c-9f7e-0951659e49b0\" data-dt-img-description=\"\" data-large_image_width=\"1280\" data-large_image_height=\"577\"href='https:\/\/www.radiopiu.net\/wordpress\/wp-content\/uploads\/2024\/04\/c92a92fb-a4b2-478c-9f7e-0951659e49b0.jpg'><img loading=\"lazy\" decoding=\"async\" width=\"150\" height=\"150\" src=\"https:\/\/www.radiopiu.net\/wordpress\/wp-content\/uploads\/2024\/04\/c92a92fb-a4b2-478c-9f7e-0951659e49b0-150x150.jpg\" class=\"attachment-thumbnail size-thumbnail\" alt=\"\" \/><\/a>\n\t\t\t\t<\/dt><\/dl><dl class='gallery-item'>\n\t\t\t\t<dt class='gallery-icon portrait'>\n\t\t\t\t\t<a class=\"rollover rollover-zoom dt-pswp-item\" title=\"310fc236-1ff4-421b-8683-7cd1fd0729b2\" data-dt-img-description=\"\" data-large_image_width=\"923\" data-large_image_height=\"1104\"href='https:\/\/www.radiopiu.net\/wordpress\/wp-content\/uploads\/2024\/04\/310fc236-1ff4-421b-8683-7cd1fd0729b2.jpg'><img loading=\"lazy\" decoding=\"async\" width=\"150\" height=\"150\" src=\"https:\/\/www.radiopiu.net\/wordpress\/wp-content\/uploads\/2024\/04\/310fc236-1ff4-421b-8683-7cd1fd0729b2-150x150.jpg\" class=\"attachment-thumbnail size-thumbnail\" alt=\"\" \/><\/a>\n\t\t\t\t<\/dt><\/dl><br style=\"clear: both\" \/>\n\t\t\t<\/div>\n\n<p>&nbsp;<\/p>\n<p>&nbsp;<\/p>\n<p>&nbsp;<\/p>\n","protected":false},"excerpt":{"rendered":"<p>******* &nbsp; PER RICEVERE QUESTO NOTIZIARIO DIRETTAMENTE SUL TUO CELLULARE ISCRIVITI AL CANALE TELEGRAM \u201cRADIO PIU\u00a0 INFORMAZIONE&#8221;\u00a0 \u00a0il CANALE TELEGRAM&#8230; UNISCITI A: RADIO PIU INFORMAZIONE &nbsp; &nbsp; ATTENZIONE: LA NUOVA APP PER IOS-IPHONE di Nicola Vettorello https:\/\/apps.apple.com\/it\/app\/radio-pi%C3%B9-emittente-agordina\/id1515939845 ATTENZIONE: LA NUOVA APP RADIO\u00a0 PER ANDROID di Nicola Vettorello https:\/\/play.google.com\/store\/apps\/details?id=net.radiopiu.iniko\u00a0\u00a0 &nbsp; &nbsp; &nbsp; DILLO A RADIO PIU&#8217;&#8230;&hellip;<\/p>\n","protected":false},"author":4,"featured_media":386361,"comment_status":"closed","ping_status":"closed","sticky":false,"template":"","format":"standard","meta":{"_monsterinsights_skip_tracking":false,"_monsterinsights_sitenote_active":false,"_monsterinsights_sitenote_note":"","_monsterinsights_sitenote_category":0,"footnotes":""},"categories":[51,86,49],"tags":[],"class_list":["post-386208","post","type-post","status-publish","format-standard","has-post-thumbnail","hentry","category-evidenza-top","category-gr","category-news-18","category-51","category-86","category-49","description-off"],"img_url":"https:\/\/www.radiopiu.net\/wordpress\/wp-content\/uploads\/2024\/04\/85a3e6ac-4ca0-4bab-92d8-a09da28911b5.jpg","_links":{"self":[{"href":"https:\/\/www.radiopiu.net\/wordpress\/wp-json\/wp\/v2\/posts\/386208","targetHints":{"allow":["GET"]}}],"collection":[{"href":"https:\/\/www.radiopiu.net\/wordpress\/wp-json\/wp\/v2\/posts"}],"about":[{"href":"https:\/\/www.radiopiu.net\/wordpress\/wp-json\/wp\/v2\/types\/post"}],"author":[{"embeddable":true,"href":"https:\/\/www.radiopiu.net\/wordpress\/wp-json\/wp\/v2\/users\/4"}],"replies":[{"embeddable":true,"href":"https:\/\/www.radiopiu.net\/wordpress\/wp-json\/wp\/v2\/comments?post=386208"}],"version-history":[{"count":0,"href":"https:\/\/www.radiopiu.net\/wordpress\/wp-json\/wp\/v2\/posts\/386208\/revisions"}],"wp:featuredmedia":[{"embeddable":true,"href":"https:\/\/www.radiopiu.net\/wordpress\/wp-json\/wp\/v2\/media\/386361"}],"wp:attachment":[{"href":"https:\/\/www.radiopiu.net\/wordpress\/wp-json\/wp\/v2\/media?parent=386208"}],"wp:term":[{"taxonomy":"category","embeddable":true,"href":"https:\/\/www.radiopiu.net\/wordpress\/wp-json\/wp\/v2\/categories?post=386208"},{"taxonomy":"post_tag","embeddable":true,"href":"https:\/\/www.radiopiu.net\/wordpress\/wp-json\/wp\/v2\/tags?post=386208"}],"curies":[{"name":"wp","href":"https:\/\/api.w.org\/{rel}","templated":true}]}}