{"id":386314,"date":"2024-04-18T14:51:35","date_gmt":"2024-04-18T12:51:35","guid":{"rendered":"https:\/\/www.radiopiu.net\/wordpress\/?p=386314"},"modified":"2024-04-18T14:52:12","modified_gmt":"2024-04-18T12:52:12","slug":"386314-2","status":"publish","type":"post","link":"https:\/\/www.radiopiu.net\/wordpress\/386314-2\/","title":{"rendered":"DISABILINCORSA PROMUOVE SPORT E SOLIDARIET\u00c0 A BELLUNO"},"content":{"rendered":"<p>***<\/p>\n<div class=\"flex-1 overflow-hidden\">\n<div class=\"react-scroll-to-bottom--css-gohku-79elbk h-full\">\n<div class=\"react-scroll-to-bottom--css-gohku-1n7m0yu\">\n<div class=\"flex flex-col text-sm pb-9\">\n<div class=\"w-full text-token-text-primary\" dir=\"auto\" data-testid=\"conversation-turn-87\">\n<div class=\"px-4 py-2 justify-center text-base md:gap-6 m-auto\">\n<div class=\"flex flex-1 text-base mx-auto gap-3 juice:gap-4 juice:md:gap-6 md:px-5 lg:px-1 xl:px-5 md:max-w-3xl lg:max-w-[40rem] xl:max-w-[48rem]\">\n<div class=\"relative flex w-full flex-col agent-turn\">\n<div class=\"flex-col gap-1 md:gap-3\">\n<div class=\"flex flex-grow flex-col max-w-full\">\n<div class=\"min-h-[20px] text-message flex flex-col items-start gap-3 whitespace-pre-wrap break-words [.text-message+&amp;]:mt-5 overflow-x-auto\" dir=\"auto\" data-message-author-role=\"assistant\" data-message-id=\"da8d8050-2ece-4791-b327-f35c93f0a8e0\">\n<div class=\"markdown prose w-full break-words dark:prose-invert dark\">\n<p>&nbsp;<\/p>\n<p><strong><img loading=\"lazy\" decoding=\"async\" class=\"alignleft\" src=\"https:\/\/www.radiopiu.net\/wordpress\/wp-content\/uploads\/2024\/04\/Senza-nome-30.png\" width=\"269\" height=\"124\" \/>BELLUNO<\/strong> Disabilincorsa, insieme a scuole e associazioni locali, organizza tre eventi per promuovere lo sport, l&#8217;inclusione e la solidariet\u00e0 a Belluno. I ragazzi parteciperanno attivamente utilizzando carrozzine e K-bike, dimostrando che le barriere possono essere superate con unit\u00e0 e supporto reciproco. L&#8217;associazione nazionale no-profit porter\u00e0 le sue carrozzine K-bike in eventi speciali che coinvolgeranno la comunit\u00e0 locale e le scuole.<strong> Il primo evento<\/strong> si terr\u00e0 il 11 maggio presso l&#8217;Istituto Comprensivo Statale Marco da Melo, con una passeggiata per scoprire il ruolo delle K-bike e degli spingitori. <strong>Secondo evento\u00a0<\/strong> sar\u00e0 presentato il progetto &#8220;Io corro per Disabilincorsa&#8221; presso la Sala degli Affreschi del Palazzo della Magnifica Comunit\u00e0 di Mel, con la raccolta fondi per un pulmino a 9 posti. <strong>Terzo evento<\/strong>, il 12 maggio si terr\u00e0 la manifestazione &#8220;Io corro per Disabilincorsa&#8221; presso il Parco Lotto Trichiana, con percorsi per raccogliere fondi a sostegno dell&#8217;associazione e promuovere l&#8217;inclusione e la solidariet\u00e0 attraverso l&#8217;attivit\u00e0 fisica<\/p>\n<p><span style=\"color: #0000ff;\"><strong><span style=\"color: #000000;\">APPROFONDISCI,<\/span> <a style=\"color: #0000ff;\" href=\"https:\/\/www.disabilincorsa.com\/sport-inclusione-solidarieta-2024\/\">CLICCA QUI<\/a><\/strong><\/span><\/p>\n<\/div>\n<\/div>\n<p>____<\/p>\n<\/div>\n<div class=\"mt-1 flex gap-3 empty:hidden\">\n<div class=\"text-gray-400 flex self-end lg:self-center items-center justify-center lg:justify-start mt-0 -ml-1 h-7 gap-[2px] visible\">\n<div class=\"flex items-center gap-1.5 text-xs\"><\/div>\n<div class=\"flex\"><\/div>\n<\/div>\n<\/div>\n<div class=\"pr-2 lg:pr-0\"><\/div>\n<\/div>\n<div class=\"absolute\">\n<div class=\"flex w-full gap-2 items-center justify-center\"><\/div>\n<\/div>\n<\/div>\n<\/div>\n<\/div>\n<\/div>\n<\/div>\n<\/div>\n<\/div>\n<\/div>\n<div class=\"w-full pt-2 md:pt-0 dark:border-white\/20 md:border-transparent md:dark:border-transparent md:w-[calc(100%-.5rem)]\">\n<form class=\"stretch mx-2 flex flex-row gap-3 last:mb-2 md:mx-4 md:last:mb-6 lg:mx-auto lg:max-w-2xl xl:max-w-3xl\">\n<div class=\"relative flex h-full flex-1 flex-col\">\n<div class=\"absolute bottom-full left-0 right-0\"><\/div>\n<div class=\"flex w-full items-center\"><\/div>\n<\/div>\n<\/form>\n<\/div>\n","protected":false},"excerpt":{"rendered":"<p>*** &nbsp; BELLUNO Disabilincorsa, insieme a scuole e associazioni locali, organizza tre eventi per promuovere lo sport, l&#8217;inclusione e la solidariet\u00e0 a Belluno. I ragazzi parteciperanno attivamente utilizzando carrozzine e K-bike, dimostrando che le barriere possono essere superate con unit\u00e0 e supporto reciproco. L&#8217;associazione nazionale no-profit porter\u00e0 le sue carrozzine K-bike in eventi speciali che&hellip;<\/p>\n","protected":false},"author":4,"featured_media":386315,"comment_status":"closed","ping_status":"closed","sticky":false,"template":"","format":"standard","meta":{"_monsterinsights_skip_tracking":false,"_monsterinsights_sitenote_active":false,"_monsterinsights_sitenote_note":"","_monsterinsights_sitenote_category":0,"footnotes":""},"categories":[49],"tags":[],"class_list":["post-386314","post","type-post","status-publish","format-standard","has-post-thumbnail","hentry","category-news-18","category-49","description-off"],"img_url":"https:\/\/www.radiopiu.net\/wordpress\/wp-content\/uploads\/2024\/04\/Senza-nome-30.png","_links":{"self":[{"href":"https:\/\/www.radiopiu.net\/wordpress\/wp-json\/wp\/v2\/posts\/386314","targetHints":{"allow":["GET"]}}],"collection":[{"href":"https:\/\/www.radiopiu.net\/wordpress\/wp-json\/wp\/v2\/posts"}],"about":[{"href":"https:\/\/www.radiopiu.net\/wordpress\/wp-json\/wp\/v2\/types\/post"}],"author":[{"embeddable":true,"href":"https:\/\/www.radiopiu.net\/wordpress\/wp-json\/wp\/v2\/users\/4"}],"replies":[{"embeddable":true,"href":"https:\/\/www.radiopiu.net\/wordpress\/wp-json\/wp\/v2\/comments?post=386314"}],"version-history":[{"count":0,"href":"https:\/\/www.radiopiu.net\/wordpress\/wp-json\/wp\/v2\/posts\/386314\/revisions"}],"wp:featuredmedia":[{"embeddable":true,"href":"https:\/\/www.radiopiu.net\/wordpress\/wp-json\/wp\/v2\/media\/386315"}],"wp:attachment":[{"href":"https:\/\/www.radiopiu.net\/wordpress\/wp-json\/wp\/v2\/media?parent=386314"}],"wp:term":[{"taxonomy":"category","embeddable":true,"href":"https:\/\/www.radiopiu.net\/wordpress\/wp-json\/wp\/v2\/categories?post=386314"},{"taxonomy":"post_tag","embeddable":true,"href":"https:\/\/www.radiopiu.net\/wordpress\/wp-json\/wp\/v2\/tags?post=386314"}],"curies":[{"name":"wp","href":"https:\/\/api.w.org\/{rel}","templated":true}]}}