{"id":386333,"date":"2024-04-18T16:17:35","date_gmt":"2024-04-18T14:17:35","guid":{"rendered":"https:\/\/www.radiopiu.net\/wordpress\/?p=386333"},"modified":"2024-04-19T05:51:21","modified_gmt":"2024-04-19T03:51:21","slug":"lavori-allufficio-postale-di-agordo-da-mercoledi-in-funzione-lufficio-mobile","status":"publish","type":"post","link":"https:\/\/www.radiopiu.net\/wordpress\/lavori-allufficio-postale-di-agordo-da-mercoledi-in-funzione-lufficio-mobile\/","title":{"rendered":"LAVORI ALL&#8217;UFFICIO POSTALE DI AGORDO. DA MERCOLEDI&#8217; IN FUNZIONE L&#8217;UFFICIO MOBILE"},"content":{"rendered":"<p>*****<\/p>\n<p>&nbsp;<\/p>\n<p><strong><a class=\"dt-pswp-item\" href=\"https:\/\/www.radiopiu.net\/wordpress\/wp-content\/uploads\/2024\/04\/Poste-Italiane-ufficio-postale-mobile.jpg\" data-dt-img-description=\"\" data-large_image_width=\"2152\" data-large_image_height=\"1133\"><img loading=\"lazy\" decoding=\"async\" class=\" wp-image-386334 alignleft\" src=\"https:\/\/www.radiopiu.net\/wordpress\/wp-content\/uploads\/2024\/04\/Poste-Italiane-ufficio-postale-mobile-300x158.jpg\" alt=\"\" width=\"201\" height=\"106\" srcset=\"https:\/\/www.radiopiu.net\/wordpress\/wp-content\/uploads\/2024\/04\/Poste-Italiane-ufficio-postale-mobile-300x158.jpg 300w, https:\/\/www.radiopiu.net\/wordpress\/wp-content\/uploads\/2024\/04\/Poste-Italiane-ufficio-postale-mobile-1024x539.jpg 1024w, https:\/\/www.radiopiu.net\/wordpress\/wp-content\/uploads\/2024\/04\/Poste-Italiane-ufficio-postale-mobile-768x404.jpg 768w, https:\/\/www.radiopiu.net\/wordpress\/wp-content\/uploads\/2024\/04\/Poste-Italiane-ufficio-postale-mobile-1536x809.jpg 1536w, https:\/\/www.radiopiu.net\/wordpress\/wp-content\/uploads\/2024\/04\/Poste-Italiane-ufficio-postale-mobile-2048x1078.jpg 2048w\" sizes=\"auto, (max-width: 201px) 100vw, 201px\" \/><\/a>BELLUNO <\/strong>Poste Italiane comunica che l\u2019ufficio postale di Agordo, in viale Sommariva, da luned\u00ec 22 aprile sar\u00e0 interessato da interventi di ammodernamento per migliorare la qualit\u00e0 dei servizi e dell\u2019accoglienza. Nella giornata di sabato 20 aprile l\u2019ufficio postale sar\u00e0 aperto dalle 8.20 alle 11:35. La sede di Agordo \u00e8 inserita nell\u2019ambito di \u201c<em>Polis \u2013 Casa dei Servizi Digitali<\/em>\u201d, il progetto di Poste Italiane per rendere semplice e veloce l\u2019accesso ai servizi della Pubblica Amministrazione nei comuni con meno di 15 mila abitanti con l\u2019obiettivo di favorire la coesione economica, sociale e territoriale del nostro Paese e il superamento del <em>digital divide. <\/em>Durante il periodo dei lavori Poste Italiane garantir\u00e0 ai cittadini la continuit\u00e0 di tutti i servizi attraverso un ufficio postale mobile collocato sempre in viale Sommariva e disponibile a partire da mercoled\u00ec 24 aprile. L\u2019ufficio postale mobile sar\u00e0 aperto dal luned\u00ec al venerd\u00ec dalle 8:20 alle 13:35 ed il sabato dalle 8:20 alle 12:35.<\/p>\n<p>&nbsp;<\/p>\n<p>&nbsp;<\/p>\n<p>*******<\/p>\n","protected":false},"excerpt":{"rendered":"<p>***** &nbsp; BELLUNO Poste Italiane comunica che l\u2019ufficio postale di Agordo, in viale Sommariva, da luned\u00ec 22 aprile sar\u00e0 interessato da interventi di ammodernamento per migliorare la qualit\u00e0 dei servizi e dell\u2019accoglienza. Nella giornata di sabato 20 aprile l\u2019ufficio postale sar\u00e0 aperto dalle 8.20 alle 11:35. La sede di Agordo \u00e8 inserita nell\u2019ambito di \u201cPolis&hellip;<\/p>\n","protected":false},"author":4,"featured_media":386334,"comment_status":"closed","ping_status":"closed","sticky":false,"template":"","format":"standard","meta":{"_monsterinsights_skip_tracking":false,"_monsterinsights_sitenote_active":false,"_monsterinsights_sitenote_note":"","_monsterinsights_sitenote_category":0,"footnotes":""},"categories":[51,49],"tags":[],"class_list":["post-386333","post","type-post","status-publish","format-standard","has-post-thumbnail","hentry","category-evidenza-top","category-news-18","category-51","category-49","description-off"],"img_url":"https:\/\/www.radiopiu.net\/wordpress\/wp-content\/uploads\/2024\/04\/Poste-Italiane-ufficio-postale-mobile.jpg","_links":{"self":[{"href":"https:\/\/www.radiopiu.net\/wordpress\/wp-json\/wp\/v2\/posts\/386333","targetHints":{"allow":["GET"]}}],"collection":[{"href":"https:\/\/www.radiopiu.net\/wordpress\/wp-json\/wp\/v2\/posts"}],"about":[{"href":"https:\/\/www.radiopiu.net\/wordpress\/wp-json\/wp\/v2\/types\/post"}],"author":[{"embeddable":true,"href":"https:\/\/www.radiopiu.net\/wordpress\/wp-json\/wp\/v2\/users\/4"}],"replies":[{"embeddable":true,"href":"https:\/\/www.radiopiu.net\/wordpress\/wp-json\/wp\/v2\/comments?post=386333"}],"version-history":[{"count":0,"href":"https:\/\/www.radiopiu.net\/wordpress\/wp-json\/wp\/v2\/posts\/386333\/revisions"}],"wp:featuredmedia":[{"embeddable":true,"href":"https:\/\/www.radiopiu.net\/wordpress\/wp-json\/wp\/v2\/media\/386334"}],"wp:attachment":[{"href":"https:\/\/www.radiopiu.net\/wordpress\/wp-json\/wp\/v2\/media?parent=386333"}],"wp:term":[{"taxonomy":"category","embeddable":true,"href":"https:\/\/www.radiopiu.net\/wordpress\/wp-json\/wp\/v2\/categories?post=386333"},{"taxonomy":"post_tag","embeddable":true,"href":"https:\/\/www.radiopiu.net\/wordpress\/wp-json\/wp\/v2\/tags?post=386333"}],"curies":[{"name":"wp","href":"https:\/\/api.w.org\/{rel}","templated":true}]}}