{"id":386343,"date":"2024-04-18T17:06:32","date_gmt":"2024-04-18T15:06:32","guid":{"rendered":"https:\/\/www.radiopiu.net\/wordpress\/?p=386343"},"modified":"2024-04-19T05:51:14","modified_gmt":"2024-04-19T03:51:14","slug":"il-comune-di-voltago-raduna-i-frazionisti-di-frassene","status":"publish","type":"post","link":"https:\/\/www.radiopiu.net\/wordpress\/il-comune-di-voltago-raduna-i-frazionisti-di-frassene\/","title":{"rendered":"IL COMUNE DI VOLTAGO RADUNA I FRAZIONISTI DI FRASSENE&#8217;"},"content":{"rendered":"<p>******<\/p>\n<p>&nbsp;<\/p>\n<p><strong> <a class=\"dt-pswp-item\" href=\"https:\/\/www.radiopiu.net\/wordpress\/wp-content\/uploads\/2024\/04\/FRASSENE.png\" data-dt-img-description=\"\" data-large_image_width=\"671\" data-large_image_height=\"404\"><img loading=\"lazy\" decoding=\"async\" class=\" wp-image-386344 alignleft\" src=\"https:\/\/www.radiopiu.net\/wordpress\/wp-content\/uploads\/2024\/04\/FRASSENE-300x181.png\" alt=\"\" width=\"184\" height=\"111\" srcset=\"https:\/\/www.radiopiu.net\/wordpress\/wp-content\/uploads\/2024\/04\/FRASSENE-300x181.png 300w, https:\/\/www.radiopiu.net\/wordpress\/wp-content\/uploads\/2024\/04\/FRASSENE.png 671w\" sizes=\"auto, (max-width: 184px) 100vw, 184px\" \/><\/a>VOLTAGO<\/strong> La cittadinanza della frazione di Frassen\u00e8 Agordino \u00e8 convocata per l&#8217;assemblea dei frazionisti prevista per gioved\u00ec 9 maggio alle 18 all&#8217;ex Scuola Paolo Mosca. L&#8217;ordine del giorno prevede la nomina del\/dei verbalizzante\/i e del Presidente dell&#8217;assemblea, oltre alla discussione e all&#8217;approvazione del piano di destinazione dei proventi derivanti dalla vendita di due lotti boschivi di propriet\u00e0 dell&#8217;Uso Civico della frazione di Frassen\u00e8.<\/p>\n<p>&nbsp;<\/p>\n<h3><span style=\"color: #ff0000;\"><strong>PER QUANTO RIGUARDA GLI USI CIVICI, RIPROPONIAMO L&#8217;APPROFONDIMENTO A CURA DI TIZIANO DE COL<\/strong><\/span><\/h3>\n<blockquote class=\"wp-embedded-content\" data-secret=\"lEFNIeywwb\"><p><a href=\"https:\/\/www.radiopiu.net\/wordpress\/usi-civici-ovvero-domini-collettivi-sesta-parte-di-tiziano-de-col\/\">USI CIVICI OVVERO DOMINI COLLETTIVI, SESTA PARTE DI TIZIANO DE COL<\/a><\/p><\/blockquote>\n<p><iframe loading=\"lazy\" class=\"wp-embedded-content\" sandbox=\"allow-scripts\" security=\"restricted\" style=\"position: absolute; clip: rect(1px, 1px, 1px, 1px);\" title=\"&#8220;USI CIVICI OVVERO DOMINI COLLETTIVI, SESTA PARTE DI TIZIANO DE COL&#8221; &#8212; Radio Pi\u00f9\" src=\"https:\/\/www.radiopiu.net\/wordpress\/usi-civici-ovvero-domini-collettivi-sesta-parte-di-tiziano-de-col\/embed\/#?secret=Y0byRDT0RP#?secret=lEFNIeywwb\" data-secret=\"lEFNIeywwb\" width=\"600\" height=\"338\" frameborder=\"0\" marginwidth=\"0\" marginheight=\"0\" scrolling=\"no\"><\/iframe><\/p>\n<p>&nbsp;<\/p>\n<p>&nbsp;<\/p>\n<p>*******<\/p>\n","protected":false},"excerpt":{"rendered":"<p>****** &nbsp; VOLTAGO La cittadinanza della frazione di Frassen\u00e8 Agordino \u00e8 convocata per l&#8217;assemblea dei frazionisti prevista per gioved\u00ec 9 maggio alle 18 all&#8217;ex Scuola Paolo Mosca. L&#8217;ordine del giorno prevede la nomina del\/dei verbalizzante\/i e del Presidente dell&#8217;assemblea, oltre alla discussione e all&#8217;approvazione del piano di destinazione dei proventi derivanti dalla vendita di due&hellip;<\/p>\n","protected":false},"author":4,"featured_media":386344,"comment_status":"closed","ping_status":"closed","sticky":false,"template":"","format":"standard","meta":{"_monsterinsights_skip_tracking":false,"_monsterinsights_sitenote_active":false,"_monsterinsights_sitenote_note":"","_monsterinsights_sitenote_category":0,"footnotes":""},"categories":[51,49],"tags":[],"class_list":["post-386343","post","type-post","status-publish","format-standard","has-post-thumbnail","hentry","category-evidenza-top","category-news-18","category-51","category-49","description-off"],"img_url":"https:\/\/www.radiopiu.net\/wordpress\/wp-content\/uploads\/2024\/04\/FRASSENE.png","_links":{"self":[{"href":"https:\/\/www.radiopiu.net\/wordpress\/wp-json\/wp\/v2\/posts\/386343","targetHints":{"allow":["GET"]}}],"collection":[{"href":"https:\/\/www.radiopiu.net\/wordpress\/wp-json\/wp\/v2\/posts"}],"about":[{"href":"https:\/\/www.radiopiu.net\/wordpress\/wp-json\/wp\/v2\/types\/post"}],"author":[{"embeddable":true,"href":"https:\/\/www.radiopiu.net\/wordpress\/wp-json\/wp\/v2\/users\/4"}],"replies":[{"embeddable":true,"href":"https:\/\/www.radiopiu.net\/wordpress\/wp-json\/wp\/v2\/comments?post=386343"}],"version-history":[{"count":0,"href":"https:\/\/www.radiopiu.net\/wordpress\/wp-json\/wp\/v2\/posts\/386343\/revisions"}],"wp:featuredmedia":[{"embeddable":true,"href":"https:\/\/www.radiopiu.net\/wordpress\/wp-json\/wp\/v2\/media\/386344"}],"wp:attachment":[{"href":"https:\/\/www.radiopiu.net\/wordpress\/wp-json\/wp\/v2\/media?parent=386343"}],"wp:term":[{"taxonomy":"category","embeddable":true,"href":"https:\/\/www.radiopiu.net\/wordpress\/wp-json\/wp\/v2\/categories?post=386343"},{"taxonomy":"post_tag","embeddable":true,"href":"https:\/\/www.radiopiu.net\/wordpress\/wp-json\/wp\/v2\/tags?post=386343"}],"curies":[{"name":"wp","href":"https:\/\/api.w.org\/{rel}","templated":true}]}}