{"id":386369,"date":"2024-04-20T05:38:51","date_gmt":"2024-04-20T03:38:51","guid":{"rendered":"https:\/\/www.radiopiu.net\/wordpress\/?p=386369"},"modified":"2024-04-20T07:58:49","modified_gmt":"2024-04-20T05:58:49","slug":"giornale-radiopiu-20-aprile-2024-direttore-mirko-mezzacasada-40-anni-25-giugno-1983-25-giugno-2023","status":"publish","type":"post","link":"https:\/\/www.radiopiu.net\/wordpress\/giornale-radiopiu-20-aprile-2024-direttore-mirko-mezzacasada-40-anni-25-giugno-1983-25-giugno-2023\/","title":{"rendered":"GIORNALE RADIOPIU 20 APRILE 2024 DIRETTORE MIRKO MEZZACASA\u2026DA 40 ANNI 25 GIUGNO 1983-25 GIUGNO 2023"},"content":{"rendered":"<p>*******<\/p>\n<p>&nbsp;<\/p>\n<h3><a href=\"https:\/\/www.radiopiu.net\/wordpress\/giornale-radiopiu-24-gennaio-2021-direttore-mirko-mezzacasa\/141433770_171616291414874_2957460898102012198_n\/\" rel=\"attachment wp-att-186566\"><img loading=\"lazy\" decoding=\"async\" class=\"wp-image-186566 alignleft\" src=\"https:\/\/www.radiopiu.net\/wordpress\/wp-content\/uploads\/2021\/01\/141433770_171616291414874_2957460898102012198_n-300x300.jpg\" alt=\"\" width=\"144\" height=\"144\" srcset=\"https:\/\/www.radiopiu.net\/wordpress\/wp-content\/uploads\/2021\/01\/141433770_171616291414874_2957460898102012198_n-300x300.jpg 300w, https:\/\/www.radiopiu.net\/wordpress\/wp-content\/uploads\/2021\/01\/141433770_171616291414874_2957460898102012198_n-150x150.jpg 150w, https:\/\/www.radiopiu.net\/wordpress\/wp-content\/uploads\/2021\/01\/141433770_171616291414874_2957460898102012198_n-768x768.jpg 768w, https:\/\/www.radiopiu.net\/wordpress\/wp-content\/uploads\/2021\/01\/141433770_171616291414874_2957460898102012198_n.jpg 800w\" sizes=\"auto, (max-width: 144px) 100vw, 144px\" \/><\/a>PER<strong> RICEVERE QUESTO NOTIZIARIO DIRETTAMENTE SUL TUO CELLULARE ISCRIVITI AL CANALE TELEGRAM <\/strong><strong>\u201cRADIO PIU\u00a0 INFORMAZIONE&#8221;\u00a0<\/strong><\/h3>\n<h3>\u00a0il CANALE TELEGRAM&#8230; UNISCITI A: RADIO PIU INFORMAZIONE<\/h3>\n<p>&nbsp;<\/p>\n<p>&nbsp;<\/p>\n<p><em><a href=\"https:\/\/www.radiopiu.net\/wordpress\/giornale-radiopiu-24-gennaio-2021-direttore-mirko-mezzacasa\/79216601_126817312416448_708980208774483089_n\/\" rel=\"attachment wp-att-186567\"><img loading=\"lazy\" decoding=\"async\" class=\"size-medium wp-image-186567 alignright\" src=\"https:\/\/www.radiopiu.net\/wordpress\/wp-content\/uploads\/2021\/01\/79216601_126817312416448_708980208774483089_n-300x114.jpg\" alt=\"\" width=\"300\" height=\"114\" srcset=\"https:\/\/www.radiopiu.net\/wordpress\/wp-content\/uploads\/2021\/01\/79216601_126817312416448_708980208774483089_n-300x114.jpg 300w, https:\/\/www.radiopiu.net\/wordpress\/wp-content\/uploads\/2021\/01\/79216601_126817312416448_708980208774483089_n-768x292.jpg 768w, https:\/\/www.radiopiu.net\/wordpress\/wp-content\/uploads\/2021\/01\/79216601_126817312416448_708980208774483089_n.jpg 820w\" sizes=\"auto, (max-width: 300px) 100vw, 300px\" \/><\/a><span style=\"color: #ff0000;\">ATTENZIONE: LA NUOVA APP PER IOS-IPHONE di Nicola Vettorello <\/span><\/em><a href=\"https:\/\/apps.apple.com\/it\/app\/radio-pi%C3%B9-emittente-agordina\/id1515939845\">https:\/\/apps.apple.com\/it\/app\/radio-pi%C3%B9-emittente-agordina\/id1515939845<\/a><\/p>\n<p><em style=\"color: #ff0000;\">ATTENZIONE: LA NUOVA APP RADIO\u00a0 PER ANDROID di Nicola Vettorello<\/em><\/p>\n<p><a href=\"https:\/\/play.google.com\/store\/apps\/details?id=net.radiopiu.iniko\" target=\"_blank\" rel=\"noopener noreferrer\">https:\/\/play.google.com\/store\/apps\/details?id=net.radiopiu.iniko\u00a0\u00a0<\/a><\/p>\n<p>&nbsp;<\/p>\n<div data-block=\"true\" data-editor=\"avj4u\" data-offset-key=\"d3i0j-0-0\">\n<hr \/>\n<\/div>\n<div data-block=\"true\" data-editor=\"avj4u\" data-offset-key=\"d3i0j-0-0\"><\/div>\n<div data-block=\"true\" data-editor=\"avj4u\" data-offset-key=\"d3i0j-0-0\"><\/div>\n<div data-block=\"true\" data-editor=\"avj4u\" data-offset-key=\"d3i0j-0-0\"><\/div>\n<div data-block=\"true\" data-editor=\"avj4u\" data-offset-key=\"d3i0j-0-0\"><\/div>\n<div data-block=\"true\" data-editor=\"avj4u\" data-offset-key=\"d3i0j-0-0\"><span style=\"color: #ff0000;\"><strong>\u00a0aggiornamento, ore 8<\/strong><\/span><\/div>\n<div data-block=\"true\" data-editor=\"avj4u\" data-offset-key=\"d3i0j-0-0\">\n<div class=\"page-title-head hgroup\">\n<blockquote>\n<h3 class=\"entry-title\">CARO EUGY \u201cTI VORREMO PER SEMPRE BENE\u201d<\/h3>\n<\/blockquote>\n<\/div>\n<div class=\"page-title-breadcrumbs\">\n<p><strong>SAN TOMASO<\/strong> Solo la malattia poteva spegnere quel sorriso e quella forza interiore capace di trasformare ogni momento in una festa, e che feste al Music Store con Eugenio, con il suo staff, anche e soprattutto dopo le peripezie con l&#8217;Alleghe Hockey. Dal 1998 un punto di riferimento per i giovani e meno giovani.<br \/>\nUn dolore espresso a parole e lacrime con messaggi lasciati anche nel suo &#8220;rifugio&#8221; ad Avoscan di San Tomaso.<br \/>\nEugenio Nascinben, classe 1965 ci ha lasciato, con accanto, amorevolmente, chi gli ha voluto bene.<\/p>\n\n\t\t\t<style type='text\/css'>\n\t\t\t\t#gallery-1 {\n\t\t\t\t\tmargin: auto;\n\t\t\t\t}\n\t\t\t\t#gallery-1 .gallery-item {\n\t\t\t\t\tfloat: left;\n\t\t\t\t\tmargin-top: 10px;\n\t\t\t\t\ttext-align: center;\n\t\t\t\t\twidth: 33%;\n\t\t\t\t}\n\t\t\t\t#gallery-1 img {\n\t\t\t\t\tborder: 2px solid #cfcfcf;\n\t\t\t\t}\n\t\t\t\t#gallery-1 .gallery-caption {\n\t\t\t\t\tmargin-left: 0;\n\t\t\t\t}\n\t\t\t\t\/* see gallery_shortcode() in wp-includes\/media.php *\/\n\t\t\t<\/style>\n\t\t<div id='gallery-1' class='dt-gallery-container gallery galleryid-386369 gallery-columns-3 gallery-size-thumbnail'><dl class='gallery-item'>\n\t\t\t\t<dt class='gallery-icon landscape'>\n\t\t\t\t\t<a class=\"rollover rollover-zoom dt-pswp-item\" title=\"35ef3af6-26a2-42c5-a9c6-7d3118220371\" data-dt-img-description=\"\" data-large_image_width=\"1920\" data-large_image_height=\"1080\"href='https:\/\/www.radiopiu.net\/wordpress\/wp-content\/uploads\/2024\/04\/35ef3af6-26a2-42c5-a9c6-7d3118220371.jpg'><img loading=\"lazy\" decoding=\"async\" width=\"150\" height=\"150\" src=\"https:\/\/www.radiopiu.net\/wordpress\/wp-content\/uploads\/2024\/04\/35ef3af6-26a2-42c5-a9c6-7d3118220371-150x150.jpg\" class=\"attachment-thumbnail size-thumbnail\" alt=\"\" \/><\/a>\n\t\t\t\t<\/dt><\/dl><dl class='gallery-item'>\n\t\t\t\t<dt class='gallery-icon landscape'>\n\t\t\t\t\t<a class=\"rollover rollover-zoom dt-pswp-item\" title=\"387e0a3b-9e14-48a7-b455-cb72c2a24aa3\" data-dt-img-description=\"\" data-large_image_width=\"1920\" data-large_image_height=\"1080\"href='https:\/\/www.radiopiu.net\/wordpress\/wp-content\/uploads\/2024\/04\/387e0a3b-9e14-48a7-b455-cb72c2a24aa3.jpg'><img loading=\"lazy\" decoding=\"async\" width=\"150\" height=\"150\" src=\"https:\/\/www.radiopiu.net\/wordpress\/wp-content\/uploads\/2024\/04\/387e0a3b-9e14-48a7-b455-cb72c2a24aa3-150x150.jpg\" class=\"attachment-thumbnail size-thumbnail\" alt=\"\" \/><\/a>\n\t\t\t\t<\/dt><\/dl><dl class='gallery-item'>\n\t\t\t\t<dt class='gallery-icon landscape'>\n\t\t\t\t\t<a class=\"rollover rollover-zoom dt-pswp-item\" title=\"22aebddb-e7cb-4071-9a7a-50f36ae7d56b\" data-dt-img-description=\"\" data-large_image_width=\"1920\" data-large_image_height=\"1080\"href='https:\/\/www.radiopiu.net\/wordpress\/wp-content\/uploads\/2024\/04\/22aebddb-e7cb-4071-9a7a-50f36ae7d56b.jpg'><img loading=\"lazy\" decoding=\"async\" width=\"150\" height=\"150\" src=\"https:\/\/www.radiopiu.net\/wordpress\/wp-content\/uploads\/2024\/04\/22aebddb-e7cb-4071-9a7a-50f36ae7d56b-150x150.jpg\" class=\"attachment-thumbnail size-thumbnail\" alt=\"\" \/><\/a>\n\t\t\t\t<\/dt><\/dl><br style=\"clear: both\" \/>\n\t\t\t<\/div>\n\n<p>&nbsp;<\/p>\n<\/div>\n<\/div>\n<div data-block=\"true\" data-editor=\"avj4u\" data-offset-key=\"d3i0j-0-0\"><\/div>\n<div data-block=\"true\" data-editor=\"avj4u\" data-offset-key=\"d3i0j-0-0\"><\/div>\n<div data-block=\"true\" data-editor=\"avj4u\" data-offset-key=\"d3i0j-0-0\"><\/div>\n<div data-block=\"true\" data-editor=\"avj4u\" data-offset-key=\"d3i0j-0-0\"><\/div>\n<div data-block=\"true\" data-editor=\"avj4u\" data-offset-key=\"d3i0j-0-0\">\n<hr \/>\n<\/div>\n<blockquote>\n<div data-block=\"true\" data-editor=\"avj4u\" data-offset-key=\"d3i0j-0-0\"><em>OGNI GIORNO CHI PERCORRE LA 203 AGORDINA, OLTRE GLI AUTOVELOX RISCHIA IL FRONTALE, SORPASSI ALL&#8217;ORDINE DEL GIORNO, CONTROLLI BEN POCHI, LAMENTELE CONTINUE, PAURA TANTA, IERI IL &#8220;SOLITO&#8221; PICKUP DI NUOVO IN SORPASSO, NON E&#8217; LA PRIMA VOLTA CHE FINISCE NELLA DASH CAM DI CHI OGNI GIORNO PERCORRE QUELLA STRADA E OGNI GIORNO NON MANCA DI TORNARE A CASA CON LA PAURA. CHE SIA IL CASO CHE QUALCUNO INTERVENGA?<\/em><\/div>\n<\/blockquote>\n<div data-block=\"true\" data-editor=\"avj4u\" data-offset-key=\"d3i0j-0-0\"><\/div>\n<div data-block=\"true\" data-editor=\"avj4u\" data-offset-key=\"d3i0j-0-0\">\n<p><iframe loading=\"lazy\" title=\"IMG 5267\" width=\"1200\" height=\"900\" src=\"https:\/\/www.youtube.com\/embed\/gf0IvF8OIeo?feature=oembed\" frameborder=\"0\" allow=\"accelerometer; autoplay; clipboard-write; encrypted-media; gyroscope; picture-in-picture; web-share\" referrerpolicy=\"strict-origin-when-cross-origin\" allowfullscreen><\/iframe><\/p>\n<\/div>\n<p>&nbsp;<\/p>\n<p>&nbsp;<\/p>\n<div data-block=\"true\" data-editor=\"avj4u\" data-offset-key=\"d3i0j-0-0\">\n<hr \/>\n<\/div>\n<div data-block=\"true\" data-editor=\"avj4u\" data-offset-key=\"d3i0j-0-0\"><\/div>\n<p><span style=\"color: #ff0000;\"><strong>OGGI ALLA RADIO<\/strong><\/span>: <strong>ALLE 7.20<\/strong> EL BAR DEL FIOR, DETTI E TRADIZIONI DI GIULIANA DA RONCH; <strong>ALLE 8.20<\/strong> MARINA DONA&#8217; CONDUCE LO SPECIALE WEEK END<strong> ALLE 9.15<\/strong> PREMIER LE NOVITA&#8217; MUSICALI DI MARCO GAZ<strong> ALLE 10.30<\/strong> LA RASSEGNA STAMPA DA L&#8217;AMICO DEL POPOLO CON GIANNI SANTOMASO <strong>12.30<\/strong> GIORNALE RADIO PRINCIPALE <strong>14.00<\/strong> ELETTROCHOCH CON DJ JACK <strong>ALLE 15<\/strong> LA CLASSIFICA UFFICIALE CON MARCO GAZ <strong>ALLE 16<\/strong> IL ROCK&#8230; SPECIALE ANNI CINQUANTA EDIZIONE DEL SABATO CON MARCO COSTANTINI<\/p>\n<p>&nbsp;<\/p>\n<hr \/>\n<p>&nbsp;<\/p>\n<p>&nbsp;<\/p>\n<p>&nbsp;<\/p>\n<blockquote>\n<h3>PONTE ALLA VENEGGIA, LAVORI IN CORSO&#8230; MANCA POCO ALLA RIAPERTURA<\/h3>\n<\/blockquote>\n<p><strong>foto Brunella Moro<\/strong><\/p>\n\n\t\t\t<style type='text\/css'>\n\t\t\t\t#gallery-2 {\n\t\t\t\t\tmargin: auto;\n\t\t\t\t}\n\t\t\t\t#gallery-2 .gallery-item {\n\t\t\t\t\tfloat: left;\n\t\t\t\t\tmargin-top: 10px;\n\t\t\t\t\ttext-align: center;\n\t\t\t\t\twidth: 33%;\n\t\t\t\t}\n\t\t\t\t#gallery-2 img {\n\t\t\t\t\tborder: 2px solid #cfcfcf;\n\t\t\t\t}\n\t\t\t\t#gallery-2 .gallery-caption {\n\t\t\t\t\tmargin-left: 0;\n\t\t\t\t}\n\t\t\t\t\/* see gallery_shortcode() in wp-includes\/media.php *\/\n\t\t\t<\/style>\n\t\t<div id='gallery-2' class='dt-gallery-container gallery galleryid-386369 gallery-columns-3 gallery-size-thumbnail'><dl class='gallery-item'>\n\t\t\t\t<dt class='gallery-icon landscape'>\n\t\t\t\t\t<a class=\"rollover rollover-zoom dt-pswp-item\" title=\"34f80685-cd39-4fb3-bacc-f45240ff4bf7\" data-dt-img-description=\"\" data-large_image_width=\"1600\" data-large_image_height=\"1200\"href='https:\/\/www.radiopiu.net\/wordpress\/wp-content\/uploads\/2024\/04\/34f80685-cd39-4fb3-bacc-f45240ff4bf7.jpg'><img loading=\"lazy\" decoding=\"async\" width=\"150\" height=\"150\" src=\"https:\/\/www.radiopiu.net\/wordpress\/wp-content\/uploads\/2024\/04\/34f80685-cd39-4fb3-bacc-f45240ff4bf7-150x150.jpg\" class=\"attachment-thumbnail size-thumbnail\" alt=\"\" \/><\/a>\n\t\t\t\t<\/dt><\/dl><dl class='gallery-item'>\n\t\t\t\t<dt class='gallery-icon landscape'>\n\t\t\t\t\t<a class=\"rollover rollover-zoom dt-pswp-item\" title=\"b39b9e84-9977-4552-8e33-ce5e6002da5c\" data-dt-img-description=\"\" data-large_image_width=\"1600\" data-large_image_height=\"1200\"href='https:\/\/www.radiopiu.net\/wordpress\/wp-content\/uploads\/2024\/04\/b39b9e84-9977-4552-8e33-ce5e6002da5c.jpg'><img loading=\"lazy\" decoding=\"async\" width=\"150\" height=\"150\" src=\"https:\/\/www.radiopiu.net\/wordpress\/wp-content\/uploads\/2024\/04\/b39b9e84-9977-4552-8e33-ce5e6002da5c-150x150.jpg\" class=\"attachment-thumbnail size-thumbnail\" alt=\"\" \/><\/a>\n\t\t\t\t<\/dt><\/dl><dl class='gallery-item'>\n\t\t\t\t<dt class='gallery-icon landscape'>\n\t\t\t\t\t<a class=\"rollover rollover-zoom dt-pswp-item\" title=\"2a6b19a8-561d-4915-9b38-92a643bf5a94\" data-dt-img-description=\"\" data-large_image_width=\"1600\" data-large_image_height=\"1200\"href='https:\/\/www.radiopiu.net\/wordpress\/wp-content\/uploads\/2024\/04\/2a6b19a8-561d-4915-9b38-92a643bf5a94.jpg'><img loading=\"lazy\" decoding=\"async\" width=\"150\" height=\"150\" src=\"https:\/\/www.radiopiu.net\/wordpress\/wp-content\/uploads\/2024\/04\/2a6b19a8-561d-4915-9b38-92a643bf5a94-150x150.jpg\" class=\"attachment-thumbnail size-thumbnail\" alt=\"\" \/><\/a>\n\t\t\t\t<\/dt><\/dl><br style=\"clear: both\" \/>\n\t\t\t<\/div>\n\n<p>&nbsp;<\/p>\n<p>&nbsp;<\/p>\n<p>&nbsp;<\/p>\n<div class=\"x11i5rnm xat24cr x1mh8g0r x1vvkbs xtlvy1s x126k92a\">\n<div dir=\"auto\">\n<hr \/>\n<p>&nbsp;<\/p>\n<p>&nbsp;<\/p>\n<div class=\"x11i5rnm xat24cr x1mh8g0r x1vvkbs xtlvy1s x126k92a\">\n<div dir=\"auto\">\n<p><strong><a class=\"dt-pswp-item\" href=\"https:\/\/www.radiopiu.net\/wordpress\/wp-content\/uploads\/2024\/02\/2d44e751-d8a8-461b-8e22-d8e4e853b032.jpg\" data-dt-img-description=\"\" data-large_image_width=\"1600\" data-large_image_height=\"1200\"><img loading=\"lazy\" decoding=\"async\" class=\"wp-image-373307 alignleft\" src=\"https:\/\/www.radiopiu.net\/wordpress\/wp-content\/uploads\/2024\/02\/2d44e751-d8a8-461b-8e22-d8e4e853b032-300x225.jpg\" alt=\"\" width=\"105\" height=\"79\" srcset=\"https:\/\/www.radiopiu.net\/wordpress\/wp-content\/uploads\/2024\/02\/2d44e751-d8a8-461b-8e22-d8e4e853b032-300x225.jpg 300w, https:\/\/www.radiopiu.net\/wordpress\/wp-content\/uploads\/2024\/02\/2d44e751-d8a8-461b-8e22-d8e4e853b032-1024x768.jpg 1024w, https:\/\/www.radiopiu.net\/wordpress\/wp-content\/uploads\/2024\/02\/2d44e751-d8a8-461b-8e22-d8e4e853b032-768x576.jpg 768w, https:\/\/www.radiopiu.net\/wordpress\/wp-content\/uploads\/2024\/02\/2d44e751-d8a8-461b-8e22-d8e4e853b032-1536x1152.jpg 1536w, https:\/\/www.radiopiu.net\/wordpress\/wp-content\/uploads\/2024\/02\/2d44e751-d8a8-461b-8e22-d8e4e853b032.jpg 1600w\" sizes=\"auto, (max-width: 105px) 100vw, 105px\" \/><\/a>EL BAL DEL FIOR, DI GIULIANA DA RONCH, 20 APRILE 2024<\/strong><\/p>\n<\/div>\n<\/div>\n<\/div>\n<div dir=\"auto\">\n<audio class=\"wp-audio-shortcode\" id=\"audio-386369-1\" preload=\"none\" style=\"width: 100%;\" controls=\"controls\"><source type=\"audio\/mpeg\" src=\"https:\/\/www.radiopiu.net\/wordpress\/wp-content\/uploads\/2024\/04\/GSA-1.m4a?_=1\" \/><a href=\"https:\/\/www.radiopiu.net\/wordpress\/wp-content\/uploads\/2024\/04\/GSA-1.m4a\">https:\/\/www.radiopiu.net\/wordpress\/wp-content\/uploads\/2024\/04\/GSA-1.m4a<\/a><\/audio>\n<p>&nbsp;<\/p>\n<hr \/>\n<\/div>\n<\/div>\n<blockquote>\n<blockquote>\n<h1><span style=\"color: #ff0000;\">\u00a0<\/span><\/h1>\n<h1><span style=\"color: #ff0000;\">I podcast informativi del mattino &#8211; audio &#8211;\u00a0<\/span><\/h1>\n<\/blockquote>\n<p><strong><a class=\"dt-pswp-item\" href=\"https:\/\/www.radiopiu.net\/wordpress\/wp-content\/uploads\/2023\/11\/th-10.jpg\" data-dt-img-description=\"\" data-large_image_width=\"320\" data-large_image_height=\"180\"><img loading=\"lazy\" decoding=\"async\" class=\"wp-image-362866 alignleft\" src=\"https:\/\/www.radiopiu.net\/wordpress\/wp-content\/uploads\/2023\/11\/th-10-300x169.jpg\" alt=\"\" width=\"185\" height=\"104\" srcset=\"https:\/\/www.radiopiu.net\/wordpress\/wp-content\/uploads\/2023\/11\/th-10-300x169.jpg 300w, https:\/\/www.radiopiu.net\/wordpress\/wp-content\/uploads\/2023\/11\/th-10.jpg 320w\" sizes=\"auto, (max-width: 185px) 100vw, 185px\" \/><\/a>LA RASSEGNA STAMPA NAZIONALE ALLA RADIO, OGNI GIORNO ALLE 5 E ALLE 6 DEL MATTINO <span style=\"color: #0000ff;\">viene pubblicata alle 6.00 <span style=\"color: #ff0000;\">DIRETTA RADIO\u00a0 \u00a0\u00a0<\/span><\/span><\/strong><\/p>\n<p>&nbsp;<\/p>\n<p><span style=\"color: #ff0000;\"><strong>\u00a0\u00a0<\/strong><\/span><\/p>\n<p><strong>Theran<\/strong> droni Usa e Israeliani,\u00a0 <strong>Stati Uniti<\/strong> via libera gli aiuti per l&#8217;Ucraina, <strong>Meloni<\/strong> a Potenza\u00a0 <em>&#8220;voglio un fisco amico&#8221;<\/em>,\u00a0 famiglia Brugola, la vedova <strong>Ferrero<\/strong> si riprende le chiavi del patrimonio di famiglia <strong>Milano<\/strong> il Comune riduce il taglio dell&#8217;erba<\/p><\/blockquote>\n<h2>AUDIO dalle 7 del mattino<\/h2>\n<audio class=\"wp-audio-shortcode\" id=\"audio-386369-2\" preload=\"none\" style=\"width: 100%;\" controls=\"controls\"><source type=\"audio\/mpeg\" src=\"https:\/\/www.radiopiu.net\/wordpress\/wp-content\/uploads\/2024\/04\/GIORNALEDELLESEI-18.mp3?_=2\" \/><a href=\"https:\/\/www.radiopiu.net\/wordpress\/wp-content\/uploads\/2024\/04\/GIORNALEDELLESEI-18.mp3\">https:\/\/www.radiopiu.net\/wordpress\/wp-content\/uploads\/2024\/04\/GIORNALEDELLESEI-18.mp3<\/a><\/audio>\n<p>&nbsp;<\/p>\n<p>&nbsp;<\/p>\n<hr \/>\n<p>&nbsp;<\/p>\n<h1 style=\"text-align: center;\"><span style=\"color: #ff0000;\">I podcast informativi del mattino &#8211; audio &#8211;\u00a0<\/span><\/h1>\n<p><strong><a class=\"dt-pswp-item\" href=\"https:\/\/www.radiopiu.net\/wordpress\/wp-content\/uploads\/2023\/12\/images.png\" data-dt-img-description=\"\" data-large_image_width=\"316\" data-large_image_height=\"160\"><img loading=\"lazy\" decoding=\"async\" class=\"wp-image-367008 alignleft\" src=\"https:\/\/www.radiopiu.net\/wordpress\/wp-content\/uploads\/2023\/12\/images-300x152.png\" alt=\"\" width=\"235\" height=\"119\" srcset=\"https:\/\/www.radiopiu.net\/wordpress\/wp-content\/uploads\/2023\/12\/images-300x152.png 300w, https:\/\/www.radiopiu.net\/wordpress\/wp-content\/uploads\/2023\/12\/images.png 316w\" sizes=\"auto, (max-width: 235px) 100vw, 235px\" \/><\/a>OGNI GIORNO ALLE SETTE DEL MATTINO, LA RASSEGNA STAMPA LOCALE FLASH&#8230; PER CHI VA IN FRETTA. I TITOLI DAI GIORNALI E DAL SITO WWW.RADIOPIU.NET <span style=\"color: #0000ff;\">viene pubblicato alle 7.00<\/span> <span style=\"color: #ff0000;\">DIRETTA RADIO\u00a0<\/span><\/strong><\/p>\n<p><em><span style=\"color: #ff0000;\">per chi va in fretta&#8230; tante notizie in pochi minuti. L&#8217;informazione locale alla radio, ogni ora dalle 7 del mattino alle 19 della sera.\u00a0 \u00a0 \u00a0 \u00a0<\/span><\/em><\/p>\n<p>&nbsp;<\/p>\n<p><strong><a class=\"dt-pswp-item\" href=\"https:\/\/www.radiopiu.net\/wordpress\/wp-content\/uploads\/2024\/04\/copertina-7.png\" data-dt-img-description=\"\" data-large_image_width=\"492\" data-large_image_height=\"240\"><img loading=\"lazy\" decoding=\"async\" class=\" wp-image-386501 alignleft\" src=\"https:\/\/www.radiopiu.net\/wordpress\/wp-content\/uploads\/2024\/04\/copertina-7-300x146.png\" alt=\"\" width=\"290\" height=\"141\" srcset=\"https:\/\/www.radiopiu.net\/wordpress\/wp-content\/uploads\/2024\/04\/copertina-7-300x146.png 300w, https:\/\/www.radiopiu.net\/wordpress\/wp-content\/uploads\/2024\/04\/copertina-7.png 492w\" sizes=\"auto, (max-width: 290px) 100vw, 290px\" \/><\/a><\/strong><strong>COMMIATO A FELIPE, DOLORE E SPERANZA<\/strong><br \/>\nAGORDO Ieri pomeriggio, al cimitero di Agordo, si \u00e8 svolto il commiato per il piccolo Felipe Scussel Lopez<br \/>\n<strong>A PROPOSITO DEL LUPO E DELLA NECESSITA\u2019 DI CONTROLLARLO CON QUALSIASI MEZZO LEGGITTIMO NECESSARIO<\/strong><br \/>\nALPAGO Nella notte tra gioved\u00ec e venerd\u00ec, i lupi hanno attaccato l\u2019allevamento di Sebastiano Fullin, uccidendo 6 agnelli destinati alla riproduzione. Fullin, che ha gi\u00e0 perso 170 capi in 6 anni<br \/>\n<strong>AUTO IN FIAMME, LA SPENGONO I VIGILI DEL FUOCO<\/strong><br \/>\nCENCENIGHE Nella serata di giovedi i Vigili del Fuoco di Agordo sono stati allertati per un incendio autoveicolo presso la via Roma, ex scuole elementari, a Cencenighe Agordino. L\u2019incidente ha coinvolto un\u2019autovettura Peugeot 208. L\u2019intervento dei pompieri \u00e8 stato tempestivo<br \/>\n<strong>LIVINALLONGO LA CROCE BIANCA FODOM TIRA LE SOMME DEL 2023<\/strong> di lorenzo soratroi nel gr principale delle 12.30<br \/>\n<strong>RIVEDERE LA VARIANTE, INCONTRI PER RIDURRE L&#8217;IMPATTO AMBIENTALE<\/strong><br \/>\nLONGARONE Il Sindaco, insieme agli Assessori ai lavori pubblici e all\u2019urbanistica, ha discusso con Fabio Massimo Saldini, Amministratore delegato di Simico, le possibili modifiche al progetto della variante stradale<\/p>\n<h2>AUDIO dalle 7 del mattino<\/h2>\n<audio class=\"wp-audio-shortcode\" id=\"audio-386369-3\" preload=\"none\" style=\"width: 100%;\" controls=\"controls\"><source type=\"audio\/mpeg\" src=\"https:\/\/www.radiopiu.net\/wordpress\/wp-content\/uploads\/2024\/04\/GF07-16.mp3?_=3\" \/><a href=\"https:\/\/www.radiopiu.net\/wordpress\/wp-content\/uploads\/2024\/04\/GF07-16.mp3\">https:\/\/www.radiopiu.net\/wordpress\/wp-content\/uploads\/2024\/04\/GF07-16.mp3<\/a><\/audio>\n<p>&nbsp;<\/p>\n<p>&nbsp;<\/p>\n<hr \/>\n<p>&nbsp;<\/p>\n<h1><\/h1>\n<h1 style=\"text-align: center;\"><span style=\"color: #ff0000;\"><a class=\"dt-pswp-item\" href=\"https:\/\/www.radiopiu.net\/wordpress\/wp-content\/uploads\/2022\/01\/026c3f9d-dae9-4040-a3c1-a6530231bcc3.jpg\" data-dt-img-description=\"\" data-large_image_width=\"1152\" data-large_image_height=\"2048\"><img loading=\"lazy\" decoding=\"async\" class=\"wp-image-251839 alignleft\" src=\"https:\/\/www.radiopiu.net\/wordpress\/wp-content\/uploads\/2022\/01\/026c3f9d-dae9-4040-a3c1-a6530231bcc3-169x300.jpg\" alt=\"\" width=\"100\" height=\"177\" srcset=\"https:\/\/www.radiopiu.net\/wordpress\/wp-content\/uploads\/2022\/01\/026c3f9d-dae9-4040-a3c1-a6530231bcc3-169x300.jpg 169w, https:\/\/www.radiopiu.net\/wordpress\/wp-content\/uploads\/2022\/01\/026c3f9d-dae9-4040-a3c1-a6530231bcc3-576x1024.jpg 576w, https:\/\/www.radiopiu.net\/wordpress\/wp-content\/uploads\/2022\/01\/026c3f9d-dae9-4040-a3c1-a6530231bcc3-768x1365.jpg 768w, https:\/\/www.radiopiu.net\/wordpress\/wp-content\/uploads\/2022\/01\/026c3f9d-dae9-4040-a3c1-a6530231bcc3-864x1536.jpg 864w, https:\/\/www.radiopiu.net\/wordpress\/wp-content\/uploads\/2022\/01\/026c3f9d-dae9-4040-a3c1-a6530231bcc3.jpg 1152w\" sizes=\"auto, (max-width: 100px) 100vw, 100px\" \/><\/a>I podcast informativi del mattino &#8211; audio &#8211;\u00a0<\/span><\/h1>\n<blockquote><p><strong>GIORNALE RADIO NAZIONALE, EDIZIONE DELLE SETTE <span style=\"color: #0000ff;\">viene pubblicato alle 7.05 <span style=\"color: #ff0000;\">DIRETTA RADIO\u00a0<\/span><\/span><\/strong><\/p><\/blockquote>\n<p><strong>il giornale radionazionale e&#8217; in onda ogni ora, dalle sette del mattino alle venti della sera\u00a0\u00a0<\/strong><\/p>\n<p>&nbsp;<\/p>\n<p><strong>Guerra<\/strong> bombardamento in Iraq centrale, 1 morto e 8 feriti. Attaco con droni in <strong>Ucraina,<\/strong> pressing sulla Nato, presentata la lista di richieste all&#8217;alleanza, servono aerei. Due anni di reclusione per un 72enne per <strong>violenze su una disabile<\/strong> Due ragazzi ventenni<strong> denunciati<\/strong> per aver tentato di uccidere un cane sepellendolo vivo.<\/p>\n<h2>AUDIO dalle sette del mattino, ogni ora alla radio<\/h2>\n<audio class=\"wp-audio-shortcode\" id=\"audio-386369-4\" preload=\"none\" style=\"width: 100%;\" controls=\"controls\"><source type=\"audio\/mpeg\" src=\"https:\/\/www.radiopiu.net\/wordpress\/wp-content\/uploads\/2024\/04\/giornale07-18.mp3?_=4\" \/><a href=\"https:\/\/www.radiopiu.net\/wordpress\/wp-content\/uploads\/2024\/04\/giornale07-18.mp3\">https:\/\/www.radiopiu.net\/wordpress\/wp-content\/uploads\/2024\/04\/giornale07-18.mp3<\/a><\/audio>\n<p>&nbsp;<\/p>\n<p>&nbsp;<\/p>\n<h2><\/h2>\n<hr \/>\n<p>&nbsp;<\/p>\n<p>&nbsp;<\/p>\n<h1><span style=\"color: #ff0000;\">I podcast informativi del mattino &#8211; video &#8211;\u00a0<\/span><\/h1>\n<h2><strong><a class=\"dt-pswp-item\" href=\"https:\/\/www.radiopiu.net\/wordpress\/wp-content\/uploads\/2023\/12\/th-10.jpg\" data-dt-img-description=\"\" data-large_image_width=\"245\" data-large_image_height=\"180\"><img loading=\"lazy\" decoding=\"async\" class=\" wp-image-367395 alignleft\" src=\"https:\/\/www.radiopiu.net\/wordpress\/wp-content\/uploads\/2023\/12\/th-10.jpg\" alt=\"\" width=\"166\" height=\"122\" \/><\/a>RASSEGNA STAMPA LOCALE, ORE OTTO 05<\/strong><\/h2>\n<h2><strong> <span style=\"color: #0000ff;\">viene\u00a0 <\/span><\/strong><strong><span style=\"color: #0000ff;\">pubblicata alle 8.05 <span style=\"color: #ff0000;\">DIRETTA RADIO\u00a0\u00a0<\/span><\/span><\/strong><\/h2>\n<p><strong>DI MIRKO MEZZACASA\u00a0 \u00a0<\/strong><strong>\u00a0<\/strong><\/p>\n<p>&nbsp;<\/p>\n<p><a class=\"dt-pswp-item\" href=\"https:\/\/www.radiopiu.net\/wordpress\/wp-content\/uploads\/2024\/04\/copertina-2-2.png\" data-dt-img-description=\"\" data-large_image_width=\"376\" data-large_image_height=\"157\"><img loading=\"lazy\" decoding=\"async\" class=\"size-medium wp-image-386502 alignleft\" src=\"https:\/\/www.radiopiu.net\/wordpress\/wp-content\/uploads\/2024\/04\/copertina-2-2-300x125.png\" alt=\"\" width=\"300\" height=\"125\" srcset=\"https:\/\/www.radiopiu.net\/wordpress\/wp-content\/uploads\/2024\/04\/copertina-2-2-300x125.png 300w, https:\/\/www.radiopiu.net\/wordpress\/wp-content\/uploads\/2024\/04\/copertina-2-2.png 376w\" sizes=\"auto, (max-width: 300px) 100vw, 300px\" \/><\/a><strong>CENTO STUDENTI BELLUNESI SI METTONO ALLA PROVA<\/strong><br \/>\nBELLUNO Oltre un centinaio di studenti bellunesi si sono impegnati nella quarta edizione del \u201cBusiness Game\u201d promosso dal Gruppo Giovani di Confindustria Belluno Dolomiti, dimostrando competenze linguistiche e tecniche in un contesto di lavoro di squadra<br \/>\n<strong>ZECCHE: DAL MONITORAGGIO ALLA PREVENZIONE<\/strong><br \/>\nAGORDO Nel 2024, due casi di meningoencefalite trasmissibile da zecca sono stati registrati in provincia di Belluno, coinvolgendo una donna di 65 anni e un uomo classe 1949 dell\u2019Agordino, entrambi non vaccinati contro la malattia.<br \/>\nBELLUNO L\u2019Ulss 1 Dolomiti partecipa al progetto europeo MONZEC \u2013 monitoraggio zecche che ha l\u2019obiettivo di mappare, attraverso lo sviluppo di una APP che sar\u00e0 alimentata in collaborazione con le Associazioni venatorie, in che zone sono maggiormente diffuse.<br \/>\n<strong>AGORDO OGGI LA PRESENTAZIONE DEL LIBRO DI ADONE SANTOMASO<\/strong><br \/>\n<strong>PETTIROSSO AGORDINO, INCONTRI E ASSEMBLEA<\/strong><br \/>\n<a class=\"dt-pswp-item\" href=\"https:\/\/www.radiopiu.net\/wordpress\/wp-content\/uploads\/2024\/04\/79840eb5-66f2-441a-9490-a32b7dffdc1d.jpg\" data-dt-img-description=\"\" data-large_image_width=\"1080\" data-large_image_height=\"810\"><img loading=\"lazy\" decoding=\"async\" class=\" wp-image-386427 alignright\" src=\"https:\/\/www.radiopiu.net\/wordpress\/wp-content\/uploads\/2024\/04\/79840eb5-66f2-441a-9490-a32b7dffdc1d-300x225.jpg\" alt=\"\" width=\"227\" height=\"170\" srcset=\"https:\/\/www.radiopiu.net\/wordpress\/wp-content\/uploads\/2024\/04\/79840eb5-66f2-441a-9490-a32b7dffdc1d-300x225.jpg 300w, https:\/\/www.radiopiu.net\/wordpress\/wp-content\/uploads\/2024\/04\/79840eb5-66f2-441a-9490-a32b7dffdc1d-1024x768.jpg 1024w, https:\/\/www.radiopiu.net\/wordpress\/wp-content\/uploads\/2024\/04\/79840eb5-66f2-441a-9490-a32b7dffdc1d-768x576.jpg 768w, https:\/\/www.radiopiu.net\/wordpress\/wp-content\/uploads\/2024\/04\/79840eb5-66f2-441a-9490-a32b7dffdc1d.jpg 1080w\" sizes=\"auto, (max-width: 227px) 100vw, 227px\" \/><\/a>CENCENIGHE Ieri sera in sala del Municipio primo dei 4 appuntamenti con Pettirosso Agordino sul tema della demenza, dal 10 maggio gli altri tre appuntamenti:<br \/>\nAGORDO Oggi alle 15 in sala Don Tamis l\u2019annuale assemblea Pettirosso Agordino. All\u2019ordine del giorno, accettazione nuovi soci, relazione della presidente, bilancio e programmi.<br \/>\n<strong>DILLO A RADIO PIU \u2026. CICLABILI NELL\u2019AGORDINO, SITUAZIONE IMBARAZZANTE<\/strong><br \/>\nREDAZIONE I ciclisti agordini lamentano la mancanza di ciclabili e Bike Park nell\u2019Agordino, soprattutto per la sicurezza dei bambini, rischiando la vita attraversando gallerie al buio. Nonostante il potenziale economico legato al turismo ciclistico, la zona \u00e8 in ritardo rispetto ad altre localit\u00e0 come la Val di Fassa e l\u2019Alta Badia. Si chiede un intervento urgente da parte dei sindaci per risolvere la situazione.<\/p>\n<h2><strong>VIDEO\u00a0 \u00a0in diretta dalle 8 del mattino\u00a0<\/strong><\/h2>\n<p><a class=\"dt-pswp-item\" href=\"https:\/\/www.radiopiu.net\/wordpress\/wp-content\/uploads\/2024\/04\/copertina-7.png\" data-dt-img-description=\"\" data-large_image_width=\"492\" data-large_image_height=\"240\">\u00a0<\/a><\/p>\n<p><iframe loading=\"lazy\" title=\"DAL 1983 LA RASSEGNA STAMPA LOCALE di mirko mezzacasa. L&#039;ORIGINALE\" width=\"1200\" height=\"675\" src=\"https:\/\/www.youtube.com\/embed\/FgCCIghPSws?feature=oembed\" frameborder=\"0\" allow=\"accelerometer; autoplay; clipboard-write; encrypted-media; gyroscope; picture-in-picture; web-share\" referrerpolicy=\"strict-origin-when-cross-origin\" allowfullscreen><\/iframe><\/p>\n<p>&nbsp;<\/p>\n<p>&nbsp;<\/p>\n<hr \/>\n<p>&nbsp;<\/p>\n<blockquote>\n<h2><a class=\"dt-pswp-item\" href=\"https:\/\/www.radiopiu.net\/wordpress\/wp-content\/uploads\/2024\/04\/Senza-nome-32.png\" data-dt-img-description=\"\" data-large_image_width=\"864\" data-large_image_height=\"321\"><img loading=\"lazy\" decoding=\"async\" class=\"size-medium wp-image-386489 alignleft\" src=\"https:\/\/www.radiopiu.net\/wordpress\/wp-content\/uploads\/2024\/04\/Senza-nome-32-300x111.png\" alt=\"\" width=\"300\" height=\"111\" srcset=\"https:\/\/www.radiopiu.net\/wordpress\/wp-content\/uploads\/2024\/04\/Senza-nome-32-300x111.png 300w, https:\/\/www.radiopiu.net\/wordpress\/wp-content\/uploads\/2024\/04\/Senza-nome-32-768x285.png 768w, https:\/\/www.radiopiu.net\/wordpress\/wp-content\/uploads\/2024\/04\/Senza-nome-32.png 864w\" sizes=\"auto, (max-width: 300px) 100vw, 300px\" \/><\/a>Commiato a Felipe: Dolore e Speranza nella Cerimonia Funebre<\/h2>\n<\/blockquote>\n<p><b>AGORDO <\/b>Ieri pomeriggio, al cimitero di Agordo, si \u00e8 svolto il commiato per il piccolo Felipe Scussel Lopez, il bambino di quattro anni il cui cuore si \u00e8 fermato lo scorso sabato. La cerimonia, guidata dai pastori della congregazione dei Testimoni di Geova, ha offerto conforto e speranza ai genitori Daniele e Lidia, con ricordi della resurrezione biblica e preghiere per la guarigione dei cuori affranti. L&#8217;evento ha visto una grande partecipazione, segnato da lacrime e abbracci, ma anche dalla fiduciosa speranza di un ritorno alla vita sulla Terra.<\/p>\n<p>&nbsp;<\/p>\n<p>&nbsp;<\/p>\n<hr \/>\n<p>&nbsp;<\/p>\n<blockquote>\n<h3><a class=\"dt-pswp-item\" href=\"https:\/\/www.radiopiu.net\/wordpress\/wp-content\/uploads\/2019\/08\/1297-2019-foto-lupo-Grappa2.jpg\" data-dt-img-description=\"\" data-large_image_width=\"5184\" data-large_image_height=\"3888\"><img loading=\"lazy\" decoding=\"async\" class=\"wp-image-94503 alignleft\" src=\"https:\/\/www.radiopiu.net\/wordpress\/wp-content\/uploads\/2019\/08\/1297-2019-foto-lupo-Grappa2-300x225.jpg\" alt=\"\" width=\"149\" height=\"112\" srcset=\"https:\/\/www.radiopiu.net\/wordpress\/wp-content\/uploads\/2019\/08\/1297-2019-foto-lupo-Grappa2-300x225.jpg 300w, https:\/\/www.radiopiu.net\/wordpress\/wp-content\/uploads\/2019\/08\/1297-2019-foto-lupo-Grappa2-768x576.jpg 768w, https:\/\/www.radiopiu.net\/wordpress\/wp-content\/uploads\/2019\/08\/1297-2019-foto-lupo-Grappa2-1024x768.jpg 1024w\" sizes=\"auto, (max-width: 149px) 100vw, 149px\" \/><\/a>A PROPOSITO DEL LUPO E DELLA NECESSITA&#8217; DI CONTROLLARLO CON QUALSIASI MEZZO LEGITTIMO NECESSARIO<\/h3>\n<\/blockquote>\n<p><strong>ALPAGO<\/strong> Nella notte tra gioved\u00ec e venerd\u00ec, i lupi hanno attaccato l&#8217;allevamento di Sebastiano Fullin, uccidendo 6 agnelli destinati alla riproduzione. Fullin, che ha gi\u00e0 perso 170 capi in 6 anni, evidenzia il grave problema della compromissione genetica dovuta alle predazioni. L&#8217;allevatore sottolinea la necessit\u00e0 di misure di dissuasione efficaci, ma critica i ritardi nei rimborsi da parte della Regione per i danni subiti. Michele Nenz di Coldiretti annuncia un programma di radiocollaraggio dei lupi per controllare quelli problematici e dissuaderli con pallini di gomma.<\/p>\n<p>&nbsp;<\/p>\n<p>&nbsp;<\/p>\n<blockquote>\n<h3><strong>Ritorno del lupo e attivit\u00e0 <\/strong><strong>umane<\/strong><\/h3>\n<\/blockquote>\n<p><strong>SAN GREGORIO NELLE ALPI<\/strong> Giovedi 2 maggio incontro informativo sul lupo con il Parco Nazionale Dolomiti Bellunesi. Enrico Vettorazzo, funzionario del Parco, illustrer\u00e0 il fenomeno della ricolonizzazione spontanea. Stefano Mariech, funzionario del Parco, presenter\u00e0 gli interventi concreti di prevenzione degli attacchi al bestiame domestico attuati dal Parco<\/p>\n<p>&nbsp;<\/p>\n<hr \/>\n<blockquote>\n<h2><\/h2>\n<h2>AUTO IN FIAMME, LA SPENGONO I VIGILI DEL FUOCO<\/h2>\n<\/blockquote>\n<p><b><img loading=\"lazy\" decoding=\"async\" class=\"alignleft\" src=\"https:\/\/www.radiopiu.net\/wordpress\/wp-content\/uploads\/2023\/05\/cencenighe.png\" width=\"267\" height=\"141\" \/>CENCENIGHE\u00a0 <\/b>Nella serata di giovedi\u00a0 i Vigili del Fuoco di Agordo sono stati allertati per un incendio autoveicolo presso la via Roma, ex scuole elementari, a Cencenighe Agordino. L&#8217;incidente ha coinvolto un&#8217;autovettura Peugeot 208. L&#8217;intervento dei pompieri \u00e8 stato tempestivo, con l&#8217;arrivo sul luogo del sinistro alle ore 22:44. Grazie alla pronta risposta, l&#8217;incendio \u00e8 stato rapidamente domato e l&#8217;auto messa in sicurezza. Fortunatamente, non si segnalano persone coinvolte nell&#8217;evento. All&#8217;operazione di spegnimento e messa in sicurezza ha collaborato anche il personale dei Carabinieri di Agordo, garantendo la gestione ordinata dell&#8217;evento. Il pronto intervento dei Vigili del Fuoco e la collaborazione delle forze dell&#8217;ordine hanno contribuito a gestire prontamente la situazione e a evitare conseguenze pi\u00f9 gravi. Restano ancora da chiarire le circostanze che hanno portato all&#8217;incendio del veicolo,<br \/>\nfoto archivio<\/p>\n<p>&nbsp;<\/p>\n<p>&nbsp;<\/p>\n<hr \/>\n<p>&nbsp;<\/p>\n<blockquote>\n<h3>LA CROCE BIANCA FODOM TIRA LE SOMME DEL 2023<\/h3>\n<\/blockquote>\n<p><strong>LIVINALLONGO<\/strong><\/p>\n<p>DI LORENZO SORATROI<\/p>\n<audio class=\"wp-audio-shortcode\" id=\"audio-386369-5\" preload=\"none\" style=\"width: 100%;\" controls=\"controls\"><source type=\"audio\/mpeg\" src=\"https:\/\/www.radiopiu.net\/wordpress\/wp-content\/uploads\/2024\/04\/LORENZO-CROCE-BIANCA-FODOM.mp3?_=5\" \/><a href=\"https:\/\/www.radiopiu.net\/wordpress\/wp-content\/uploads\/2024\/04\/LORENZO-CROCE-BIANCA-FODOM.mp3\">https:\/\/www.radiopiu.net\/wordpress\/wp-content\/uploads\/2024\/04\/LORENZO-CROCE-BIANCA-FODOM.mp3<\/a><\/audio>\n<p>&nbsp;<\/p>\n\n\t\t\t<style type='text\/css'>\n\t\t\t\t#gallery-3 {\n\t\t\t\t\tmargin: auto;\n\t\t\t\t}\n\t\t\t\t#gallery-3 .gallery-item {\n\t\t\t\t\tfloat: left;\n\t\t\t\t\tmargin-top: 10px;\n\t\t\t\t\ttext-align: center;\n\t\t\t\t\twidth: 50%;\n\t\t\t\t}\n\t\t\t\t#gallery-3 img {\n\t\t\t\t\tborder: 2px solid #cfcfcf;\n\t\t\t\t}\n\t\t\t\t#gallery-3 .gallery-caption {\n\t\t\t\t\tmargin-left: 0;\n\t\t\t\t}\n\t\t\t\t\/* see gallery_shortcode() in wp-includes\/media.php *\/\n\t\t\t<\/style>\n\t\t<div id='gallery-3' class='dt-gallery-container gallery galleryid-386369 gallery-columns-2 gallery-size-medium'><dl class='gallery-item'>\n\t\t\t\t<dt class='gallery-icon landscape'>\n\t\t\t\t\t<a class=\"rollover rollover-zoom dt-pswp-item\" title=\"assemblea 2024 croce bianca fodom\" data-dt-img-description=\"\" data-large_image_width=\"2560\" data-large_image_height=\"1152\"href='https:\/\/www.radiopiu.net\/wordpress\/wp-content\/uploads\/2024\/04\/assemblea-2024-croce-bianca-fodom-scaled.jpg'><img loading=\"lazy\" decoding=\"async\" width=\"300\" height=\"135\" src=\"https:\/\/www.radiopiu.net\/wordpress\/wp-content\/uploads\/2024\/04\/assemblea-2024-croce-bianca-fodom-300x135.jpg\" class=\"attachment-medium size-medium\" alt=\"\" srcset=\"https:\/\/www.radiopiu.net\/wordpress\/wp-content\/uploads\/2024\/04\/assemblea-2024-croce-bianca-fodom-300x135.jpg 300w, https:\/\/www.radiopiu.net\/wordpress\/wp-content\/uploads\/2024\/04\/assemblea-2024-croce-bianca-fodom-1024x461.jpg 1024w, https:\/\/www.radiopiu.net\/wordpress\/wp-content\/uploads\/2024\/04\/assemblea-2024-croce-bianca-fodom-768x345.jpg 768w, https:\/\/www.radiopiu.net\/wordpress\/wp-content\/uploads\/2024\/04\/assemblea-2024-croce-bianca-fodom-1536x691.jpg 1536w, https:\/\/www.radiopiu.net\/wordpress\/wp-content\/uploads\/2024\/04\/assemblea-2024-croce-bianca-fodom-2048x921.jpg 2048w\" sizes=\"auto, (max-width: 300px) 100vw, 300px\" \/><\/a>\n\t\t\t\t<\/dt><\/dl><dl class='gallery-item'>\n\t\t\t\t<dt class='gallery-icon landscape'>\n\t\t\t\t\t<a class=\"rollover rollover-zoom dt-pswp-item\" title=\"assemblea_croce bianca fodom 2024_i premiati\" data-dt-img-description=\"\" data-large_image_width=\"2560\" data-large_image_height=\"1152\"href='https:\/\/www.radiopiu.net\/wordpress\/wp-content\/uploads\/2024\/04\/assemblea_croce-bianca-fodom-2024_i-premiati-scaled.jpg'><img loading=\"lazy\" decoding=\"async\" width=\"300\" height=\"135\" src=\"https:\/\/www.radiopiu.net\/wordpress\/wp-content\/uploads\/2024\/04\/assemblea_croce-bianca-fodom-2024_i-premiati-300x135.jpg\" class=\"attachment-medium size-medium\" alt=\"\" srcset=\"https:\/\/www.radiopiu.net\/wordpress\/wp-content\/uploads\/2024\/04\/assemblea_croce-bianca-fodom-2024_i-premiati-300x135.jpg 300w, https:\/\/www.radiopiu.net\/wordpress\/wp-content\/uploads\/2024\/04\/assemblea_croce-bianca-fodom-2024_i-premiati-1024x461.jpg 1024w, https:\/\/www.radiopiu.net\/wordpress\/wp-content\/uploads\/2024\/04\/assemblea_croce-bianca-fodom-2024_i-premiati-768x345.jpg 768w, https:\/\/www.radiopiu.net\/wordpress\/wp-content\/uploads\/2024\/04\/assemblea_croce-bianca-fodom-2024_i-premiati-1536x691.jpg 1536w, https:\/\/www.radiopiu.net\/wordpress\/wp-content\/uploads\/2024\/04\/assemblea_croce-bianca-fodom-2024_i-premiati-2048x921.jpg 2048w\" sizes=\"auto, (max-width: 300px) 100vw, 300px\" \/><\/a>\n\t\t\t\t<\/dt><\/dl><br style=\"clear: both\" \/>\n\t\t\t<\/div>\n\n<p>&nbsp;<\/p>\n<hr \/>\n<p>&nbsp;<\/p>\n<p>&nbsp;<\/p>\n<blockquote>\n<h3><b><a class=\"dt-pswp-item\" href=\"https:\/\/www.radiopiu.net\/wordpress\/wp-content\/uploads\/2024\/04\/Simico-Saldini-Comune.jpg\" data-dt-img-description=\"\" data-large_image_width=\"2048\" data-large_image_height=\"1536\"><img loading=\"lazy\" decoding=\"async\" class=\"wp-image-386431 alignleft\" src=\"https:\/\/www.radiopiu.net\/wordpress\/wp-content\/uploads\/2024\/04\/Simico-Saldini-Comune-300x225.jpg\" alt=\"\" width=\"191\" height=\"143\" srcset=\"https:\/\/www.radiopiu.net\/wordpress\/wp-content\/uploads\/2024\/04\/Simico-Saldini-Comune-300x225.jpg 300w, https:\/\/www.radiopiu.net\/wordpress\/wp-content\/uploads\/2024\/04\/Simico-Saldini-Comune-1024x768.jpg 1024w, https:\/\/www.radiopiu.net\/wordpress\/wp-content\/uploads\/2024\/04\/Simico-Saldini-Comune-768x576.jpg 768w, https:\/\/www.radiopiu.net\/wordpress\/wp-content\/uploads\/2024\/04\/Simico-Saldini-Comune-1536x1152.jpg 1536w, https:\/\/www.radiopiu.net\/wordpress\/wp-content\/uploads\/2024\/04\/Simico-Saldini-Comune.jpg 2048w\" sizes=\"auto, (max-width: 191px) 100vw, 191px\" \/><\/a>Rivedere la Variante di Longarone: Incontri per Ridurre l&#8217;Impatto Ambientale<\/b><\/h3>\n<\/blockquote>\n<p><strong>LONGARONE<\/strong> Il Sindaco, insieme agli Assessori ai lavori pubblici e all&#8217;urbanistica, ha discusso con Fabio Massimo Saldini, Amministratore delegato di Simico, le possibili modifiche al progetto della variante stradale, in particolare nel tratto tra la confluenza Piave-Ma\u00e8 e il polo fieristico, per ridurre l&#8217;impatto visivo e ambientale dell&#8217;opera. Saldini ha mostrato ampia disponibilit\u00e0 a considerare le richieste Dell&#8217;Amministrazione comunale e dei cittadini, promettendo di affrontare le criticit\u00e0 emerse e spiegare il progetto durante un incontro pubblico.<\/p>\n<blockquote><p>&nbsp;<\/p>\n<p>&nbsp;<\/p><\/blockquote>\n<p><b>\u00a0<\/b><\/p>\n<hr \/>\n<p><b>\u00a0<\/b><\/p>\n<p><b>\u00a0<\/b><\/p>\n<blockquote>\n<h3><b>CENTO STUDENTI BELLUNESI SI METTONO ALLA PROVA<\/b><\/h3>\n<\/blockquote>\n<p><strong>BELLUNO<\/strong> Oltre un centinaio di studenti bellunesi si sono impegnati nella quarta edizione del &#8220;Business Game&#8221; promosso dal Gruppo Giovani di Confindustria Belluno Dolomiti, dimostrando competenze linguistiche e tecniche in un contesto di lavoro di squadra. I migliori progetti sono stati premiati, evidenziando l&#8217;interesse delle nuove generazioni per le sfide imprenditoriali.<\/p>\n<div class=\"flex-1 overflow-hidden\">\n<div class=\"react-scroll-to-bottom--css-awqiq-79elbk h-full\">\n<div class=\"react-scroll-to-bottom--css-awqiq-1n7m0yu\">\n<div class=\"flex flex-col text-sm pb-9\">\n<div class=\"w-full text-token-text-primary\" dir=\"auto\" data-testid=\"conversation-turn-5\">\n<div class=\"px-4 py-2 justify-center text-base md:gap-6 m-auto\">\n<div class=\"flex flex-1 text-base mx-auto gap-3 juice:gap-4 juice:md:gap-6 md:px-5 lg:px-1 xl:px-5 md:max-w-3xl lg:max-w-[40rem] xl:max-w-[48rem]\">\n<div class=\"relative flex w-full flex-col agent-turn\">\n<div class=\"flex-col gap-1 md:gap-3\">\n<div class=\"flex flex-grow flex-col max-w-full\">\n<div class=\"min-h-[20px] text-message flex flex-col items-start gap-3 whitespace-pre-wrap break-words [.text-message+&amp;]:mt-5 overflow-x-auto\" dir=\"auto\" data-message-author-role=\"assistant\" data-message-id=\"b874ebf3-fc4f-4ec0-aa5b-02fb7e7781f9\">\n<div class=\"markdown prose w-full break-words dark:prose-invert dark\">\n<p><strong>vincitori dell&#8217;edizione 2024 del &#8220;Business Game&#8221;:<\/strong><\/p>\n<table>\n<thead>\n<tr>\n<th>Posizione<\/th>\n<th>Gruppo<\/th>\n<th>Scuola<\/th>\n<th>Componenti<\/th>\n<\/tr>\n<\/thead>\n<tbody>\n<tr>\n<td>1<\/td>\n<td>Gruppo Pegasus<\/td>\n<td>Iss Segato-Brustolon<\/td>\n<td>Chiara Carratto, Lorenzo Canova, Riccardo Zandegiacomo<\/td>\n<\/tr>\n<tr>\n<td>2<\/td>\n<td>Gruppo Icarus<\/td>\n<td>Segato-Brustolon<\/td>\n<td>Jacopo Mariano, Luan Carlos Barbieri, Patrick Teston<\/td>\n<\/tr>\n<tr>\n<td>3<\/td>\n<td>Gruppo Icarus<\/td>\n<td>Liceo Renier<\/td>\n<td>Davide Nogar\u00e9, Giada Viel, Liu Simona<\/td>\n<\/tr>\n<\/tbody>\n<\/table>\n<\/div>\n<\/div>\n<\/div>\n<div class=\"mt-1 flex gap-3 empty:hidden\">\n<div class=\"text-gray-400 flex self-end lg:self-center items-center justify-center lg:justify-start mt-0 -ml-1 h-7 gap-[2px] visible\"><\/div>\n<\/div>\n<\/div>\n<\/div>\n<\/div>\n<\/div>\n<\/div>\n<\/div>\n<\/div>\n<\/div>\n<\/div>\n<div class=\"w-full pt-2 md:pt-0 dark:border-white\/20 md:border-transparent md:dark:border-transparent md:w-[calc(100%-.5rem)]\">\n<form class=\"stretch mx-2 flex flex-row gap-3 last:mb-2 md:mx-4 md:last:mb-6 lg:mx-auto lg:max-w-2xl xl:max-w-3xl\">\n<div class=\"relative flex h-full flex-1 flex-col\">\n<div class=\"flex w-full items-center\"><\/div>\n<div><\/div>\n<div>\n<hr \/>\n<\/div>\n<div>\n<div class=\"flex-1 overflow-hidden\">\n<div class=\"react-scroll-to-bottom--css-awqiq-79elbk h-full\">\n<div class=\"react-scroll-to-bottom--css-awqiq-1n7m0yu\">\n<div class=\"flex flex-col text-sm pb-9\">\n<div class=\"w-full text-token-text-primary\" dir=\"auto\" data-testid=\"conversation-turn-9\">\n<div class=\"px-4 py-2 justify-center text-base md:gap-6 m-auto\">\n<div class=\"flex flex-1 text-base mx-auto gap-3 juice:gap-4 juice:md:gap-6 md:px-5 lg:px-1 xl:px-5 md:max-w-3xl lg:max-w-[40rem] xl:max-w-[48rem]\">\n<div class=\"relative flex w-full flex-col agent-turn\">\n<h3><\/h3>\n<p>&nbsp;<\/p>\n<p>&nbsp;<\/p>\n<div class=\"flex-col gap-1 md:gap-3\">\n<div class=\"flex flex-grow flex-col max-w-full\">\n<div class=\"min-h-[20px] text-message flex flex-col items-start gap-3 whitespace-pre-wrap break-words [.text-message+&amp;]:mt-5 overflow-x-auto\" dir=\"auto\" data-message-author-role=\"assistant\" data-message-id=\"c241b817-3979-4781-8f3c-b86381fffbc6\">\n<div class=\"markdown prose w-full break-words dark:prose-invert dark\">\n<blockquote>\n<h3><a class=\"dt-pswp-item\" href=\"https:\/\/www.radiopiu.net\/wordpress\/wp-content\/uploads\/2024\/04\/Foto_01.jpg\" data-dt-img-description=\"\" data-large_image_width=\"2500\" data-large_image_height=\"1389\"><img loading=\"lazy\" decoding=\"async\" class=\"size-medium wp-image-386429 alignleft\" src=\"https:\/\/www.radiopiu.net\/wordpress\/wp-content\/uploads\/2024\/04\/Foto_01-300x167.jpg\" alt=\"\" width=\"300\" height=\"167\" srcset=\"https:\/\/www.radiopiu.net\/wordpress\/wp-content\/uploads\/2024\/04\/Foto_01-300x167.jpg 300w, https:\/\/www.radiopiu.net\/wordpress\/wp-content\/uploads\/2024\/04\/Foto_01-1024x569.jpg 1024w, https:\/\/www.radiopiu.net\/wordpress\/wp-content\/uploads\/2024\/04\/Foto_01-768x427.jpg 768w, https:\/\/www.radiopiu.net\/wordpress\/wp-content\/uploads\/2024\/04\/Foto_01-1536x853.jpg 1536w, https:\/\/www.radiopiu.net\/wordpress\/wp-content\/uploads\/2024\/04\/Foto_01-2048x1138.jpg 2048w\" sizes=\"auto, (max-width: 300px) 100vw, 300px\" \/><\/a><\/h3>\n<h3>&#8220;Longarone: Digital Export B2B per l&#8217;internazionalizzazione delle aziende venete&#8221;<\/h3>\n<\/blockquote>\n<\/div>\n<\/div>\n<\/div>\n<\/div>\n<\/div>\n<\/div>\n<\/div>\n<\/div>\n<\/div>\n<\/div>\n<\/div>\n<\/div>\n<\/div>\n<div><strong>\u00a0LONGARONE<\/strong> L&#8217;evento Digital Export B2B a Longarone ha sollevato la questione della preparazione delle aziende venete all&#8217;internazionalizzazione, con interventi di esperti e rappresentanti istituzionali. Alibaba.com e Linkedin sono state evidenziate come piattaforme strategiche per l&#8217;espansione internazionale, con focus su strategie vincenti e casi di successo. L&#8217;evento ha offerto opportunit\u00e0 di networking e di apprendimento, con l&#8217;obiettivo di preparare le PMI venete a cogliere le opportunit\u00e0 del mercato globale digitalizzato, anche in vista delle Olimpiadi di Milano Cortina 2026.<\/div>\n<div><\/div>\n<\/div>\n<\/form>\n<\/div>\n<p>&nbsp;<\/p>\n<hr \/>\n<p>&nbsp;<\/p>\n<blockquote>\n<h3><a class=\"dt-pswp-item\" href=\"https:\/\/www.radiopiu.net\/wordpress\/wp-content\/uploads\/2024\/04\/P.-Civile-scuola-Rocca-6.jpg\" data-dt-img-description=\"\" data-large_image_width=\"1920\" data-large_image_height=\"1080\"><img loading=\"lazy\" decoding=\"async\" class=\"size-medium wp-image-386430 alignleft\" src=\"https:\/\/www.radiopiu.net\/wordpress\/wp-content\/uploads\/2024\/04\/P.-Civile-scuola-Rocca-6-300x169.jpg\" alt=\"\" width=\"300\" height=\"169\" srcset=\"https:\/\/www.radiopiu.net\/wordpress\/wp-content\/uploads\/2024\/04\/P.-Civile-scuola-Rocca-6-300x169.jpg 300w, https:\/\/www.radiopiu.net\/wordpress\/wp-content\/uploads\/2024\/04\/P.-Civile-scuola-Rocca-6-1024x576.jpg 1024w, https:\/\/www.radiopiu.net\/wordpress\/wp-content\/uploads\/2024\/04\/P.-Civile-scuola-Rocca-6-768x432.jpg 768w, https:\/\/www.radiopiu.net\/wordpress\/wp-content\/uploads\/2024\/04\/P.-Civile-scuola-Rocca-6-1536x864.jpg 1536w, https:\/\/www.radiopiu.net\/wordpress\/wp-content\/uploads\/2024\/04\/P.-Civile-scuola-Rocca-6.jpg 1920w\" sizes=\"auto, (max-width: 300px) 100vw, 300px\" \/><\/a><\/h3>\n<h3>Avvicinamento alla Protezione Civile: Inizia dalla Scuola Media &#8220;Rocca&#8221; del Feltrino<\/h3>\n<\/blockquote>\n<p><strong>FELTRE<\/strong> Le strutture di protezione civile del Feltrino avviano un percorso informativo nelle scuole, con oltre 120 alunni delle classi terze della Scuola Media &#8220;Rocca&#8221; partecipanti a un incontro sulle buone pratiche in caso di terremoto. Davide Avagliano e Pietro Cadorin hanno illustrato l&#8217;importanza della protezione civile e fornito ai ragazzi un&#8217;introduzione ai comportamenti cruciali in situazioni di emergenza, con l&#8217;obiettivo di estendere l&#8217;iniziativa ad altre scuole del territorio per preparare le giovani generazioni a gestire possibili eventi critici.<\/p>\n<p>&nbsp;<\/p>\n<p>&nbsp;<\/p>\n<hr \/>\n<p>&nbsp;<\/p>\n<blockquote>\n<h3 class=\"titolonews\">DELIBERA SU ANZIANI NON AUTOSUFFICIENTI. REGIONE RISPONDE A POLEMICA SINDACALE<\/h3>\n<\/blockquote>\n<p><strong><a class=\"dt-pswp-item\" href=\"https:\/\/www.radiopiu.net\/wordpress\/wp-content\/uploads\/2024\/01\/ANZIANI.jpg\" data-dt-img-description=\"\" data-large_image_width=\"1280\" data-large_image_height=\"853\"><img loading=\"lazy\" decoding=\"async\" class=\" wp-image-371639 alignleft\" src=\"https:\/\/www.radiopiu.net\/wordpress\/wp-content\/uploads\/2024\/01\/ANZIANI-300x200.jpg\" alt=\"\" width=\"149\" height=\"99\" srcset=\"https:\/\/www.radiopiu.net\/wordpress\/wp-content\/uploads\/2024\/01\/ANZIANI-300x200.jpg 300w, https:\/\/www.radiopiu.net\/wordpress\/wp-content\/uploads\/2024\/01\/ANZIANI-1024x682.jpg 1024w, https:\/\/www.radiopiu.net\/wordpress\/wp-content\/uploads\/2024\/01\/ANZIANI-768x512.jpg 768w, https:\/\/www.radiopiu.net\/wordpress\/wp-content\/uploads\/2024\/01\/ANZIANI.jpg 1280w\" sizes=\"auto, (max-width: 149px) 100vw, 149px\" \/><\/a>VENEZIA<\/strong> La V Commissione ha approvato una DGR per una sperimentazione volta a migliorare l&#8217;assistenza agli anziani non autosufficienti nelle strutture residenziali. La delibera prevede un finanziamento di 60 milioni di euro in 3 anni per affrontare le esigenze legate alla demenza, coinvolgendo oltre 10.000 persone. Si punta a un aumento del valore delle risorse fino a 57,20 euro al giorno, rispetto ai 56 euro precedenti per circa 4.000 persone. La sperimentazione favorisce la negoziazione tra Aziende Ulss e Enti gestori per ottimizzare l&#8217;assistenza. Saranno monitorati i risultati per decisioni future. La Giunta ha promosso la sperimentazione, basata su un percorso partecipato e approvata dalla Commissione del Consiglio Regionale.<\/p>\n<p>&nbsp;<\/p>\n<p>&nbsp;<\/p>\n<hr \/>\n<p>&nbsp;<\/p>\n<blockquote>\n<h2>Aumento dei casi di TBE nel Bellunese: due nuove infezioni segnalate<\/h2>\n<\/blockquote>\n<p><strong>AGORDO<\/strong> Nel 2024, due casi di meningoencefalite trasmissibile da zecca sono stati registrati in provincia di Belluno, coinvolgendo una donna di 65 anni e un uomo classe 1949 dell&#8217;Agordino, entrambi non vaccinati contro la malattia. La TBE \u00e8 una delle due malattie trasmesse dalle zecche, insieme alla malattia di Lyme, e mentre quest&#8217;ultima pu\u00f2 essere trattata con antibiotici, per la TBE \u00e8 consigliata la profilassi tramite vaccino, gi\u00e0 somministrato a oltre il 20% della popolazione provinciale.<\/p>\n<p>&nbsp;<\/p>\n<blockquote>\n<h3>ZECCHE: DAL MONITORAGGIO ALLA PREVENZIONE<strong>\u00a0<\/strong><\/h3>\n<\/blockquote>\n<p><strong><a class=\"dt-pswp-item\" href=\"https:\/\/www.radiopiu.net\/wordpress\/wp-content\/uploads\/2024\/04\/62ae0553-a084-48a0-b76f-1fc45c439c94.jpg\" data-dt-img-description=\"\" data-large_image_width=\"1682\" data-large_image_height=\"1223\"><img loading=\"lazy\" decoding=\"async\" class=\" wp-image-386466 alignleft\" src=\"https:\/\/www.radiopiu.net\/wordpress\/wp-content\/uploads\/2024\/04\/62ae0553-a084-48a0-b76f-1fc45c439c94-300x218.jpg\" alt=\"\" width=\"158\" height=\"115\" srcset=\"https:\/\/www.radiopiu.net\/wordpress\/wp-content\/uploads\/2024\/04\/62ae0553-a084-48a0-b76f-1fc45c439c94-300x218.jpg 300w, https:\/\/www.radiopiu.net\/wordpress\/wp-content\/uploads\/2024\/04\/62ae0553-a084-48a0-b76f-1fc45c439c94-1024x745.jpg 1024w, https:\/\/www.radiopiu.net\/wordpress\/wp-content\/uploads\/2024\/04\/62ae0553-a084-48a0-b76f-1fc45c439c94-768x558.jpg 768w, https:\/\/www.radiopiu.net\/wordpress\/wp-content\/uploads\/2024\/04\/62ae0553-a084-48a0-b76f-1fc45c439c94-1536x1117.jpg 1536w, https:\/\/www.radiopiu.net\/wordpress\/wp-content\/uploads\/2024\/04\/62ae0553-a084-48a0-b76f-1fc45c439c94.jpg 1682w\" sizes=\"auto, (max-width: 158px) 100vw, 158px\" \/><\/a>BELLUNO <\/strong>L&#8217;Ulss 1 Dolomiti partecipa\u00a0 al progetto europeo MONZEC &#8211; monitoraggio zecche che ha l&#8217;obiettivo di mappare, attraverso lo sviluppo di una APP che sar\u00e0 alimentata in collaborazione con le Associazioni venatorie, in che zone sono maggiormente diffuse. Quest&#8217;anno sono gi\u00e0 2 in casi di TBE registrati in provincia di Belluno.\u00a0 La vaccinazione anti TBE \u00e8 gratuita per i residenti in provincia di Belluno ed \u00e8 prenotabile dal sito <a href=\"http:\/\/www.aulss1.veneto.it\">www.aulss1.veneto.it<\/a><\/p>\n<p><strong>LE SLIDE PRESENTATE DALL&#8217;ULSS 1 DOLOMITI<\/strong><\/p>\n<a href=\"https:\/\/www.radiopiu.net\/wordpress\/wp-content\/uploads\/2024\/04\/zecche_punto-stampa-19.04-1.pdf\" class=\"pdfemb-viewer\" style=\"\" data-width=\"max\" data-height=\"max\" data-toolbar=\"top\" data-toolbar-fixed=\"on\">zecche_punto stampa 19.04 (1)<\/a>\n<p>&nbsp;<\/p>\n<p>&nbsp;<\/p>\n<hr \/>\n<p>&nbsp;<\/p>\n<p>&nbsp;<\/p>\n<p>&nbsp;<\/p>\n<p><strong class=\"photoswipe-wrapper\"><a class=\"dt-pswp-item pspw-wrap-ready\" href=\"https:\/\/www.radiopiu.net\/wordpress\/wp-content\/uploads\/2024\/01\/Senza-nome-34.png\" data-dt-img-description=\"\" data-large_image_width=\"239\" data-large_image_height=\"153\"><img loading=\"lazy\" decoding=\"async\" class=\"wp-image-369478 alignleft\" src=\"https:\/\/www.radiopiu.net\/wordpress\/wp-content\/uploads\/2024\/01\/Senza-nome-34.png\" alt=\"\" width=\"128\" height=\"82\" \/><\/a><\/strong><\/p>\n<p><strong>dal TG BELLUNESE di\u00a0 ANTENNA 3 ogni sera alle 19.30 sul canale 10 del digitale terrestre e alle 19 le anticipazioni alla radio.\u00a0\u00a0<\/strong><\/p>\n<p>&nbsp;<\/p>\n<p>&nbsp;<\/p>\n<blockquote>\n<h3 class=\"_title post-title entry-title\">LA STORIA INFINITA DEI RATTOPPI DELLA PIAZZA<\/h3>\n<\/blockquote>\n<p>Intervistati LORIS MACCAGNAN (SINDACO LAMON) (Servizio di\u00a0<a href=\"https:\/\/antennatre.medianordest.it\/redazione\/Fabio-Fioravanzi\/\">Fabio Fioravanzi<\/a>)<\/p>\n<p><iframe loading=\"lazy\" title=\"LA STORIA INFINITA DEI RATTOPPI DELLA PIAZZA | 19\/04\/2024\" width=\"1200\" height=\"675\" src=\"https:\/\/www.youtube.com\/embed\/ZIbRPx3TPO0?feature=oembed\" frameborder=\"0\" allow=\"accelerometer; autoplay; clipboard-write; encrypted-media; gyroscope; picture-in-picture; web-share\" referrerpolicy=\"strict-origin-when-cross-origin\" allowfullscreen><\/iframe><\/p>\n<p>&nbsp;<\/p>\n<p>&nbsp;<\/p>\n<p>&nbsp;<\/p>\n<p>&nbsp;<\/p>\n<hr \/>\n<blockquote>\n<h3 class=\"entry-title\">LE OLIMPIADI DELL&#8217;INSOSTENIBILITA&#8217;, L&#8217;INCONTRO A BELLUNO<\/h3>\n<\/blockquote>\n<p><strong><a class=\"dt-pswp-item\" href=\"https:\/\/www.radiopiu.net\/wordpress\/wp-content\/uploads\/2023\/10\/PISTA-BOB-CORTINA.jpg\" data-dt-img-description=\"\" data-large_image_width=\"800\" data-large_image_height=\"600\"><img loading=\"lazy\" decoding=\"async\" class=\" wp-image-357136 alignleft\" src=\"https:\/\/www.radiopiu.net\/wordpress\/wp-content\/uploads\/2023\/10\/PISTA-BOB-CORTINA-300x225.jpg\" alt=\"\" width=\"144\" height=\"108\" srcset=\"https:\/\/www.radiopiu.net\/wordpress\/wp-content\/uploads\/2023\/10\/PISTA-BOB-CORTINA-300x225.jpg 300w, https:\/\/www.radiopiu.net\/wordpress\/wp-content\/uploads\/2023\/10\/PISTA-BOB-CORTINA-768x576.jpg 768w, https:\/\/www.radiopiu.net\/wordpress\/wp-content\/uploads\/2023\/10\/PISTA-BOB-CORTINA.jpg 800w\" sizes=\"auto, (max-width: 144px) 100vw, 144px\" \/><\/a>BELLUNO<\/strong> \u201cLe Olimpiadi dell&#8217;insostenibilit\u00e0\u201d: questo il titolo dell&#8217;incontro promosso da Sinistra Italiana e Allenza Verdi-Sinistra sabato pomeriggio a Belluno per ribadire la propria posizione contro gli interventi in terra ampezzana in ottica olimpica.<\/p>\n<p><strong>DI DANIELE DALVIT<\/strong><\/p>\n<audio class=\"wp-audio-shortcode\" id=\"audio-386369-6\" preload=\"none\" style=\"width: 100%;\" controls=\"controls\"><source type=\"audio\/mpeg\" src=\"https:\/\/www.radiopiu.net\/wordpress\/wp-content\/uploads\/2024\/04\/Radio-Piu-Servizio-Olimpiadi-Insostenibilita.mp3?_=6\" \/><a href=\"https:\/\/www.radiopiu.net\/wordpress\/wp-content\/uploads\/2024\/04\/Radio-Piu-Servizio-Olimpiadi-Insostenibilita.mp3\">https:\/\/www.radiopiu.net\/wordpress\/wp-content\/uploads\/2024\/04\/Radio-Piu-Servizio-Olimpiadi-Insostenibilita.mp3<\/a><\/audio>\n<p>&nbsp;<\/p>\n<p><span style=\"color: #ff0000;\"><strong>L&#8217;AMMINISTRAZIONE DI CORTINA RISPONDE<\/strong><\/span><\/p>\n<p>L&#8217;Amministrazione desidera chiarire la propria posizione riguardo alle recenti dichiarazioni di Sinistra Italiana. Non accettiamo lezioni sulla gestione del Comune e respingiamo interferenze provinciali. La decisione sulla variante di Cortina \u00e8 stata tecnica e non politica. La legge Delrio definisce le Province come enti di secondo livello. La questione della Pista da bob \u00e8 stata ampiamente discussa e la delibera provinciale del 2022 va rispettata. Riguardo alla Stazione, il progetto di riqualificazione non \u00e8 speculativo e sar\u00e0 verificato con il numero di ditte partecipanti al bando. Sulla questione degli hotel, l&#8217;Amministrazione privilegia l&#8217;esistente per valorizzare l&#8217;offerta presente. Ogni Amministratore dovrebbe occuparsi del proprio territorio senza interferire con l&#8217;autonomia comunale.<\/p>\n<p>&nbsp;<\/p>\n<p>&nbsp;<\/p>\n<hr \/>\n<p>&nbsp;<\/p>\n<blockquote>\n<h3 class=\"entry-title\">LAVORI ALL\u2019UFFICIO POSTALE\u00a0 AGORDO<\/h3>\n<\/blockquote>\n<p><strong class=\"photoswipe-wrapper\">BELLUNO <\/strong>Poste Italiane comunica che l\u2019ufficio postale di Agordo, in viale Sommariva, da luned\u00ec 22 aprile sar\u00e0 interessato da interventi di ammodernamento per migliorare la qualit\u00e0 dei servizi e dell\u2019accoglienza. Oggi l\u2019ufficio postale sar\u00e0 aperto dalle 8.20 alle 11:35. <strong>Ufficio postale mobile in viale Sommariva\u00a0 disponibile a partire da mercoled\u00ec 24 aprile dalle 8:20 alle 13:35 ed il sabato dalle 8:20 alle 12:35.<\/strong><\/p>\n<p>&nbsp;<\/p>\n<hr \/>\n<p>&nbsp;<\/p>\n<h2><span style=\"color: #ff0000;\">CONSIGLI COMUNALI IN AGORDINO<\/span><\/h2>\n<p><strong>AGORDO<\/strong> Lunedi alle 8.30 del mattino consiglio comunale ad Agordo. All&#8217;ordine del giorno l&#8217;approvazione del bilancio (annuale e pluriennale) dell&#8217;Azienda Speciale Consortile Agordina; approvazione rendiconto di gestione e adozione del Pat, piano di assetto del territorio. DALLE 8.30 DI LUNEDI IN DIRETTA SUI CANALI SOCIAL DI RADIOPIU<\/p>\n<p><strong>LIVINALLONGO<\/strong> Il sindaco di Livinallongo Leandro Grones ha convocato i consiglieri comunali per luned\u00ec alle 20:30. Saranno 7 i punti da discutere nel consiglio comunale. Tra i punti all&#8217;ordine del giorno l&#8217;approvazione del regolamento comunale per locazione di unit\u00e0 immobliari, la costituzione dei Ladins de Souramont, due variazioni a bilancio e una convenzione con l&#8217;Ulss 1 Dolomiti per l&#8217;erogazione di impegnative particolari.<\/p>\n<p><strong>TAIBON<\/strong> Il Consiglio Comunale di Taibon \u00e8 convocato mercoled\u00ec alle ore 19. L&#8217;ordine del giorno include i bilanci di A.S.C.A. e dell&#8217;Azienda Speciale Multiservizi, lo schema e gli allegati del rendiconto di gestione finanziaria 2023, variazioni al bilancio di previsione 2024\/2026, e altre questioni urbanistiche e autorizzazioni relative ai lavori elettrici nella Val Corpassa.<\/p>\n<p>&nbsp;<\/p>\n<blockquote>\n<h3>IL COMUNE DI VOLTAGO RADUNA I FRAZIONISTI DI FRASSENE&#8217;<\/h3>\n<\/blockquote>\n<p><strong>VOLTAGO<\/strong> La cittadinanza della frazione di Frassen\u00e8 Agordino \u00e8 convocata per l&#8217;assemblea dei frazionisti prevista per gioved\u00ec 9 maggio alle 18 all&#8217;ex Scuola Paolo Mosca.<\/p>\n<p>&nbsp;<\/p>\n<p>&nbsp;<\/p>\n<hr \/>\n<p>&nbsp;<\/p>\n<p>&nbsp;<\/p>\n<blockquote>\n<h3>OGGI LA PRESENTAZIONE DEL LIBRO DI ADONE SANTOMASO<\/h3>\n<\/blockquote>\n<p><strong><a class=\"dt-pswp-item\" href=\"https:\/\/www.radiopiu.net\/wordpress\/wp-content\/uploads\/2024\/04\/3079f989-bbcc-443e-86d1-8cf61de6157a.jpg\" data-dt-img-description=\"\" data-large_image_width=\"1476\" data-large_image_height=\"1107\"><img loading=\"lazy\" decoding=\"async\" class=\" wp-image-386480 alignleft\" src=\"https:\/\/www.radiopiu.net\/wordpress\/wp-content\/uploads\/2024\/04\/3079f989-bbcc-443e-86d1-8cf61de6157a-300x225.jpg\" alt=\"\" width=\"168\" height=\"126\" srcset=\"https:\/\/www.radiopiu.net\/wordpress\/wp-content\/uploads\/2024\/04\/3079f989-bbcc-443e-86d1-8cf61de6157a-300x225.jpg 300w, https:\/\/www.radiopiu.net\/wordpress\/wp-content\/uploads\/2024\/04\/3079f989-bbcc-443e-86d1-8cf61de6157a-1024x768.jpg 1024w, https:\/\/www.radiopiu.net\/wordpress\/wp-content\/uploads\/2024\/04\/3079f989-bbcc-443e-86d1-8cf61de6157a-768x576.jpg 768w, https:\/\/www.radiopiu.net\/wordpress\/wp-content\/uploads\/2024\/04\/3079f989-bbcc-443e-86d1-8cf61de6157a.jpg 1476w\" sizes=\"auto, (max-width: 168px) 100vw, 168px\" \/><\/a>AGORDO<\/strong><\/p>\n<p>DI GIANNI SANTOMASO<\/p>\n<p>(NELLA FOTO: Adone Santomaso, primo a sinistra, e i Tacabanda)<\/p>\n<audio class=\"wp-audio-shortcode\" id=\"audio-386369-7\" preload=\"none\" style=\"width: 100%;\" controls=\"controls\"><source type=\"audio\/mpeg\" src=\"https:\/\/www.radiopiu.net\/wordpress\/wp-content\/uploads\/2024\/04\/GIANNI-OGGI-LA-PRESENTAZIONE-DEL-LIBRO-DI-ADONE-SANTOMASO.mp3?_=7\" \/><a href=\"https:\/\/www.radiopiu.net\/wordpress\/wp-content\/uploads\/2024\/04\/GIANNI-OGGI-LA-PRESENTAZIONE-DEL-LIBRO-DI-ADONE-SANTOMASO.mp3\">https:\/\/www.radiopiu.net\/wordpress\/wp-content\/uploads\/2024\/04\/GIANNI-OGGI-LA-PRESENTAZIONE-DEL-LIBRO-DI-ADONE-SANTOMASO.mp3<\/a><\/audio>\n<p>&nbsp;<\/p>\n<p>&nbsp;<\/p>\n<hr \/>\n<p>&nbsp;<\/p>\n<blockquote>\n<h3>PETTIROSSO AGORDINO, INCONTRI E ASSEMBLEA<\/h3>\n<\/blockquote>\n<p><strong><a class=\"dt-pswp-item\" href=\"https:\/\/www.radiopiu.net\/wordpress\/wp-content\/uploads\/2022\/05\/petti.jpg\" data-dt-img-description=\"\" data-large_image_width=\"269\" data-large_image_height=\"131\"><img loading=\"lazy\" decoding=\"async\" class=\" wp-image-275145 alignleft\" src=\"https:\/\/www.radiopiu.net\/wordpress\/wp-content\/uploads\/2022\/05\/petti.jpg\" alt=\"\" width=\"212\" height=\"103\" \/><\/a>CENCENIGHE<\/strong>\u00a0 Ieri sera in sala del Municipio primo dei 4 appuntamenti con Pettirosso Agordino sul tema della demenza, dal 10 maggio gli altri tre appuntamenti:<\/p>\n<p>&nbsp;<\/p>\n<p>&nbsp;<\/p>\n<audio class=\"wp-audio-shortcode\" id=\"audio-386369-8\" preload=\"none\" style=\"width: 100%;\" controls=\"controls\"><source type=\"audio\/mpeg\" src=\"https:\/\/www.radiopiu.net\/wordpress\/wp-content\/uploads\/2024\/04\/PETTIROSSO-10-MAGGIO.mp3?_=8\" \/><a href=\"https:\/\/www.radiopiu.net\/wordpress\/wp-content\/uploads\/2024\/04\/PETTIROSSO-10-MAGGIO.mp3\">https:\/\/www.radiopiu.net\/wordpress\/wp-content\/uploads\/2024\/04\/PETTIROSSO-10-MAGGIO.mp3<\/a><\/audio>\n<p>&nbsp;<\/p>\n<p><strong>AGORDO<\/strong> Oggi alle 15 in sala Don Tamis l&#8217;annuale assemblea Pettirosso Agordino. All&#8217;ordine del giorno, accettazione nuovi soci, relazione della presidente, bilancio e programmi.<\/p>\n<p>&nbsp;<\/p>\n<p>&nbsp;<\/p>\n<p>&nbsp;<\/p>\n<hr \/>\n<p>&nbsp;<\/p>\n<blockquote>\n<h2>L&#8217;AUSER EL BROI DI AGORDO TIRA LE SOMME DEL 2023<\/h2>\n<\/blockquote>\n<p>&nbsp;<\/p>\n<p><strong>AGORDO<\/strong><\/p>\n<p>DI GIANNI SANTOMASO<\/p>\n<audio class=\"wp-audio-shortcode\" id=\"audio-386369-9\" preload=\"none\" style=\"width: 100%;\" controls=\"controls\"><source type=\"audio\/mpeg\" src=\"https:\/\/www.radiopiu.net\/wordpress\/wp-content\/uploads\/2024\/04\/GIANNI-LAUSER-EL-BROI-DI-AGORDO-TIRA-LE-SOMME-DEL-2023.mp3?_=9\" \/><a href=\"https:\/\/www.radiopiu.net\/wordpress\/wp-content\/uploads\/2024\/04\/GIANNI-LAUSER-EL-BROI-DI-AGORDO-TIRA-LE-SOMME-DEL-2023.mp3\">https:\/\/www.radiopiu.net\/wordpress\/wp-content\/uploads\/2024\/04\/GIANNI-LAUSER-EL-BROI-DI-AGORDO-TIRA-LE-SOMME-DEL-2023.mp3<\/a><\/audio>\n<p>&nbsp;<\/p>\n<p><strong>L&#8217;INTERVISTA di mirko mezzacasa. Ospite il segretario Pietro Urpi<\/strong><\/p>\n<audio class=\"wp-audio-shortcode\" id=\"audio-386369-10\" preload=\"none\" style=\"width: 100%;\" controls=\"controls\"><source type=\"audio\/mpeg\" src=\"https:\/\/www.radiopiu.net\/wordpress\/wp-content\/uploads\/2024\/04\/pietro-urpi-auser-2024.mp3?_=10\" \/><a href=\"https:\/\/www.radiopiu.net\/wordpress\/wp-content\/uploads\/2024\/04\/pietro-urpi-auser-2024.mp3\">https:\/\/www.radiopiu.net\/wordpress\/wp-content\/uploads\/2024\/04\/pietro-urpi-auser-2024.mp3<\/a><\/audio>\n<p>&nbsp;<\/p>\n<p>&nbsp;<\/p>\n\n\t\t\t<style type='text\/css'>\n\t\t\t\t#gallery-4 {\n\t\t\t\t\tmargin: auto;\n\t\t\t\t}\n\t\t\t\t#gallery-4 .gallery-item {\n\t\t\t\t\tfloat: left;\n\t\t\t\t\tmargin-top: 10px;\n\t\t\t\t\ttext-align: center;\n\t\t\t\t\twidth: 50%;\n\t\t\t\t}\n\t\t\t\t#gallery-4 img {\n\t\t\t\t\tborder: 2px solid #cfcfcf;\n\t\t\t\t}\n\t\t\t\t#gallery-4 .gallery-caption {\n\t\t\t\t\tmargin-left: 0;\n\t\t\t\t}\n\t\t\t\t\/* see gallery_shortcode() in wp-includes\/media.php *\/\n\t\t\t<\/style>\n\t\t<div id='gallery-4' class='dt-gallery-container gallery galleryid-386369 gallery-columns-2 gallery-size-medium'><dl class='gallery-item'>\n\t\t\t\t<dt class='gallery-icon landscape'>\n\t\t\t\t\t<a class=\"rollover rollover-zoom dt-pswp-item\" title=\"664f9bb4-92ae-480f-bd74-053df878cf8a\" data-dt-img-description=\"\" data-large_image_width=\"1476\" data-large_image_height=\"831\"href='https:\/\/www.radiopiu.net\/wordpress\/wp-content\/uploads\/2024\/04\/664f9bb4-92ae-480f-bd74-053df878cf8a.jpg'><img loading=\"lazy\" decoding=\"async\" width=\"300\" height=\"169\" src=\"https:\/\/www.radiopiu.net\/wordpress\/wp-content\/uploads\/2024\/04\/664f9bb4-92ae-480f-bd74-053df878cf8a-300x169.jpg\" class=\"attachment-medium size-medium\" alt=\"\" srcset=\"https:\/\/www.radiopiu.net\/wordpress\/wp-content\/uploads\/2024\/04\/664f9bb4-92ae-480f-bd74-053df878cf8a-300x169.jpg 300w, https:\/\/www.radiopiu.net\/wordpress\/wp-content\/uploads\/2024\/04\/664f9bb4-92ae-480f-bd74-053df878cf8a-1024x577.jpg 1024w, https:\/\/www.radiopiu.net\/wordpress\/wp-content\/uploads\/2024\/04\/664f9bb4-92ae-480f-bd74-053df878cf8a-768x432.jpg 768w, https:\/\/www.radiopiu.net\/wordpress\/wp-content\/uploads\/2024\/04\/664f9bb4-92ae-480f-bd74-053df878cf8a.jpg 1476w\" sizes=\"auto, (max-width: 300px) 100vw, 300px\" \/><\/a>\n\t\t\t\t<\/dt><\/dl><dl class='gallery-item'>\n\t\t\t\t<dt class='gallery-icon landscape'>\n\t\t\t\t\t<a class=\"rollover rollover-zoom dt-pswp-item\" title=\"d50f6ded-4016-4bda-903a-7996d2824529\" data-dt-img-description=\"\" data-large_image_width=\"1476\" data-large_image_height=\"831\"href='https:\/\/www.radiopiu.net\/wordpress\/wp-content\/uploads\/2024\/04\/d50f6ded-4016-4bda-903a-7996d2824529.jpg'><img loading=\"lazy\" decoding=\"async\" width=\"300\" height=\"169\" src=\"https:\/\/www.radiopiu.net\/wordpress\/wp-content\/uploads\/2024\/04\/d50f6ded-4016-4bda-903a-7996d2824529-300x169.jpg\" class=\"attachment-medium size-medium\" alt=\"\" srcset=\"https:\/\/www.radiopiu.net\/wordpress\/wp-content\/uploads\/2024\/04\/d50f6ded-4016-4bda-903a-7996d2824529-300x169.jpg 300w, https:\/\/www.radiopiu.net\/wordpress\/wp-content\/uploads\/2024\/04\/d50f6ded-4016-4bda-903a-7996d2824529-1024x577.jpg 1024w, https:\/\/www.radiopiu.net\/wordpress\/wp-content\/uploads\/2024\/04\/d50f6ded-4016-4bda-903a-7996d2824529-768x432.jpg 768w, https:\/\/www.radiopiu.net\/wordpress\/wp-content\/uploads\/2024\/04\/d50f6ded-4016-4bda-903a-7996d2824529.jpg 1476w\" sizes=\"auto, (max-width: 300px) 100vw, 300px\" \/><\/a>\n\t\t\t\t<\/dt><\/dl><br style=\"clear: both\" \/>\n\t\t\t<\/div>\n\n<p>&nbsp;<\/p>\n<p>&nbsp;<\/p>\n<p>&nbsp;<\/p>\n<hr \/>\n<p>&nbsp;<\/p>\n<p>&nbsp;<\/p>\n<blockquote>\n<h3>CURA DEL VERDE, IL COMUNE RISPONDE A ITALIA NOSTRA<\/h3>\n<\/blockquote>\n<p><strong><a class=\"dt-pswp-item\" href=\"https:\/\/www.radiopiu.net\/wordpress\/wp-content\/uploads\/2018\/11\/alberi.jpg\" data-dt-img-description=\"\" data-large_image_width=\"1280\" data-large_image_height=\"850\"><img loading=\"lazy\" decoding=\"async\" class=\" wp-image-66798 alignleft\" src=\"https:\/\/www.radiopiu.net\/wordpress\/wp-content\/uploads\/2018\/11\/alberi-300x199.jpg\" alt=\"\" width=\"289\" height=\"192\" srcset=\"https:\/\/www.radiopiu.net\/wordpress\/wp-content\/uploads\/2018\/11\/alberi-300x199.jpg 300w, https:\/\/www.radiopiu.net\/wordpress\/wp-content\/uploads\/2018\/11\/alberi-768x510.jpg 768w, https:\/\/www.radiopiu.net\/wordpress\/wp-content\/uploads\/2018\/11\/alberi-1024x680.jpg 1024w, https:\/\/www.radiopiu.net\/wordpress\/wp-content\/uploads\/2018\/11\/alberi.jpg 1280w\" sizes=\"auto, (max-width: 289px) 100vw, 289px\" \/><\/a>PROLOGO<\/strong> L&#8217;associazione Italia Nostra ha presentato un esposto alla Procura nei confronti del Comune di Belluno, accusandolo di eseguire interventi che ignorano i suggerimenti degli agronomi e le disposizioni normative. In particolare, si denunciano abbattimenti e potature devastanti del patrimonio arboreo pubblico, spesso affidati a personale non competente o ditte con appalti al massimo ribasso. L&#8217;associazione cita specificamente alcuni interventi, tra cui gli abbattimenti in via Pagani Cesa, e accusa il Comune di non avere un piano di ripiantumazione.<\/p>\n<p><strong>IL COMUNE, TRA L&#8217;ALTRO, RISPONDE: <\/strong>Ogni intervento di abbattimento o potatura eseguito dal Comune di Belluno \u00e8 preceduto da valutazioni tecniche redatte da dottori agronomi abilitati e competenti, incaricati secondo le procedure del codice appalti. Gli interventi vengono eseguiti solo quando le valutazioni rilevano condizioni meccaniche delle piante che possano compromettere la sicurezza pubblica. Per quanto riguarda l&#8217;intervento in via Pagani Cesa, si tratta di una operazione eseguita da privati su terreni di loro propriet\u00e0. Le valutazioni agronomiche includono sempre le necessarie ripiantumazioni, che vengono eseguite nel periodo corretto dell&#8217;anno. Il personale comunale \u00e8 costantemente formato, e le imprese incaricate di eseguire gli interventi sono selezionate secondo le procedure del codice appalti, garantendo la capacit\u00e0 tecnica e il rispetto delle norme. L&#8217;amministrazione comunale \u00e8 impegnata nella cura del verde urbano e nella sicurezza dei cittadini e dei loro beni. L&#8217;attenzione per l&#8217;ambiente \u00e8 confermata dall&#8217;accoglienza del dono di un ginko biloba da parte del Lions club, che verr\u00e0 piantato all&#8217;interno del giardino delle scuole Gabelli al posto di una pianta abbattuta per il termine del suo ciclo di vita.<\/p>\n<p>&nbsp;<\/p>\n<p>&nbsp;<\/p>\n<p>&nbsp;<\/p>\n<hr \/>\n<hr \/>\n<p>&nbsp;<\/p>\n<blockquote>\n<h3>DILLO A RADIO PIU &#8230;. CICLABILI NELL&#8217;AGORDINO, SITUAZIONE IMBARAZZANTE<\/h3>\n<\/blockquote>\n<p><strong><a class=\"dt-pswp-item\" href=\"https:\/\/www.radiopiu.net\/wordpress\/wp-content\/uploads\/2024\/04\/79840eb5-66f2-441a-9490-a32b7dffdc1d.jpg\" data-dt-img-description=\"\" data-large_image_width=\"1080\" data-large_image_height=\"810\"><img loading=\"lazy\" decoding=\"async\" class=\" wp-image-386427 alignleft\" src=\"https:\/\/www.radiopiu.net\/wordpress\/wp-content\/uploads\/2024\/04\/79840eb5-66f2-441a-9490-a32b7dffdc1d-300x225.jpg\" alt=\"\" width=\"207\" height=\"155\" srcset=\"https:\/\/www.radiopiu.net\/wordpress\/wp-content\/uploads\/2024\/04\/79840eb5-66f2-441a-9490-a32b7dffdc1d-300x225.jpg 300w, https:\/\/www.radiopiu.net\/wordpress\/wp-content\/uploads\/2024\/04\/79840eb5-66f2-441a-9490-a32b7dffdc1d-1024x768.jpg 1024w, https:\/\/www.radiopiu.net\/wordpress\/wp-content\/uploads\/2024\/04\/79840eb5-66f2-441a-9490-a32b7dffdc1d-768x576.jpg 768w, https:\/\/www.radiopiu.net\/wordpress\/wp-content\/uploads\/2024\/04\/79840eb5-66f2-441a-9490-a32b7dffdc1d.jpg 1080w\" sizes=\"auto, (max-width: 207px) 100vw, 207px\" \/><\/a>REDAZIONE<\/strong> I ciclisti agordini lamentano la mancanza di ciclabili e Bike Park nell\u2019Agordino, soprattutto per la sicurezza dei bambini, rischiando la vita attraversando gallerie al buio. Nonostante il potenziale economico legato al turismo ciclistico, la zona \u00e8 in ritardo rispetto ad altre localit\u00e0 come la Val di Fassa e l\u2019Alta Badia. Si chiede un intervento urgente da parte dei sindaci per risolvere la situazione.<\/p>\n<div class=\"flex-1 overflow-hidden\">\n<div class=\"react-scroll-to-bottom--css-gohku-79elbk h-full\">\n<div class=\"react-scroll-to-bottom--css-gohku-1n7m0yu\">\n<div class=\"flex flex-col text-sm pb-9\">\n<div class=\"w-full text-token-text-primary\" dir=\"auto\" data-testid=\"conversation-turn-117\">\n<div class=\"px-4 py-2 justify-center text-base md:gap-6 m-auto\">\n<div class=\"flex flex-1 text-base mx-auto gap-3 juice:gap-4 juice:md:gap-6 md:px-5 lg:px-1 xl:px-5 md:max-w-3xl lg:max-w-[40rem] xl:max-w-[48rem]\">\n<div class=\"relative flex w-full flex-col agent-turn\">\n<div class=\"flex-col gap-1 md:gap-3\">\n<div class=\"mt-1 flex gap-3 empty:hidden\">\n<div class=\"text-gray-400 flex self-end lg:self-center items-center justify-center lg:justify-start mt-0 -ml-1 h-7 gap-[2px] visible\">-\u00a7<\/div>\n<div><\/div>\n<div class=\"text-gray-400 flex self-end lg:self-center items-center justify-center lg:justify-start mt-0 -ml-1 h-7 gap-[2px] visible\"><strong>Riceviamo e pubblichiamo\u00a0<\/strong><\/div>\n<div><\/div>\n<\/div>\n<\/div>\n<\/div>\n<\/div>\n<\/div>\n<\/div>\n<\/div>\n<\/div>\n<\/div>\n<\/div>\n<p><a class=\"dt-pswp-item\" href=\"https:\/\/www.radiopiu.net\/wordpress\/wp-content\/uploads\/2024\/04\/WhatsApp-Image-2019-09-14-at-12.04.50.jpg\" data-dt-img-description=\"\" data-large_image_width=\"1599\" data-large_image_height=\"1200\"><img loading=\"lazy\" decoding=\"async\" class=\" wp-image-386426 alignleft\" src=\"https:\/\/www.radiopiu.net\/wordpress\/wp-content\/uploads\/2024\/04\/WhatsApp-Image-2019-09-14-at-12.04.50-300x225.jpg\" alt=\"\" width=\"207\" height=\"155\" srcset=\"https:\/\/www.radiopiu.net\/wordpress\/wp-content\/uploads\/2024\/04\/WhatsApp-Image-2019-09-14-at-12.04.50-300x225.jpg 300w, https:\/\/www.radiopiu.net\/wordpress\/wp-content\/uploads\/2024\/04\/WhatsApp-Image-2019-09-14-at-12.04.50-1024x768.jpg 1024w, https:\/\/www.radiopiu.net\/wordpress\/wp-content\/uploads\/2024\/04\/WhatsApp-Image-2019-09-14-at-12.04.50-768x576.jpg 768w, https:\/\/www.radiopiu.net\/wordpress\/wp-content\/uploads\/2024\/04\/WhatsApp-Image-2019-09-14-at-12.04.50-1536x1153.jpg 1536w, https:\/\/www.radiopiu.net\/wordpress\/wp-content\/uploads\/2024\/04\/WhatsApp-Image-2019-09-14-at-12.04.50.jpg 1599w\" sizes=\"auto, (max-width: 207px) 100vw, 207px\" \/><\/a>Scrivo a nome di gran parte dei ciclisti agordini. Purtroppo, ci troviamo in una situazione veramente imbarazzante e penosa nell\u2019Agordino per quanto riguarda il settore delle due ruote. Non abbiamo ciclabili, non abbiamo un Bike Park, ma la cosa pi\u00f9 grave riguarda il discorso della bicicletta legato ai bambini. Fare sport \u00e8 un diritto per tutti e praticare attivit\u00e0 sportiva senza rischiare la vita attraversando gallerie con macchine che sfrecciano a 100 all\u2019ora con i piccoli al seguito \u00e8 veramente scandaloso nel 2024. Un esempio \u00e8 Cencenighe-Canale <a class=\"dt-pswp-item\" href=\"https:\/\/www.radiopiu.net\/wordpress\/wp-content\/uploads\/2024\/04\/WhatsApp-Image-2019-09-14-at-11.48.54-1024x768-1.jpg\" data-dt-img-description=\"\" data-large_image_width=\"1024\" data-large_image_height=\"768\"><img loading=\"lazy\" decoding=\"async\" class=\"wp-image-386423 alignright\" src=\"https:\/\/www.radiopiu.net\/wordpress\/wp-content\/uploads\/2024\/04\/WhatsApp-Image-2019-09-14-at-11.48.54-1024x768-1-300x225.jpg\" alt=\"\" width=\"243\" height=\"182\" srcset=\"https:\/\/www.radiopiu.net\/wordpress\/wp-content\/uploads\/2024\/04\/WhatsApp-Image-2019-09-14-at-11.48.54-1024x768-1-300x225.jpg 300w, https:\/\/www.radiopiu.net\/wordpress\/wp-content\/uploads\/2024\/04\/WhatsApp-Image-2019-09-14-at-11.48.54-1024x768-1-768x576.jpg 768w, https:\/\/www.radiopiu.net\/wordpress\/wp-content\/uploads\/2024\/04\/WhatsApp-Image-2019-09-14-at-11.48.54-1024x768-1.jpg 1024w\" sizes=\"auto, (max-width: 243px) 100vw, 243px\" \/><\/a>d\u2019Agordo: la ciclabile \u00e8 impraticabile e si \u00e8 costretti a passare in galleria al buio per un ponte che, secondo il\u00a0 sindaco di Vallada, doveva essere ripristinato gi\u00e0 due anni fa, ma ad oggi \u00e8 ancora chiuso. Un altro esempio \u00e8 Cencenighe Avoscan: la strada \u00e8 chiusa e si \u00e8 obbligati a passare sulla strada statale con le macchine appresso e sempre con la paura di essere investiti. \u00c8 chiaro che l\u2019Agordino non mostri interesse per le bici, ma arrivare a un punto cos\u00ec morto non lo pensava nessuno. Ogni volta che cerchiamo una ciclabile o un Bike Park, dobbiamo percorrere chilometri dai nostri vicini in Val di Fassa e Alta Badia, dove sono avanti anni luce per quanto riguarda le biciclette. Qui da noi, invece, siamo fermi al palo e ci chiediamo il motivo, considerando l\u2019indotto economico <a class=\"dt-pswp-item\" href=\"https:\/\/www.radiopiu.net\/wordpress\/wp-content\/uploads\/2024\/04\/fc2c2212-57ef-4007-bebc-fd74b8e2472a.jpg\" data-dt-img-description=\"\" data-large_image_width=\"2048\" data-large_image_height=\"1024\"><img loading=\"lazy\" decoding=\"async\" class=\"size-medium wp-image-386422 alignleft\" src=\"https:\/\/www.radiopiu.net\/wordpress\/wp-content\/uploads\/2024\/04\/fc2c2212-57ef-4007-bebc-fd74b8e2472a-300x150.jpg\" alt=\"\" width=\"300\" height=\"150\" srcset=\"https:\/\/www.radiopiu.net\/wordpress\/wp-content\/uploads\/2024\/04\/fc2c2212-57ef-4007-bebc-fd74b8e2472a-300x150.jpg 300w, https:\/\/www.radiopiu.net\/wordpress\/wp-content\/uploads\/2024\/04\/fc2c2212-57ef-4007-bebc-fd74b8e2472a-1024x512.jpg 1024w, https:\/\/www.radiopiu.net\/wordpress\/wp-content\/uploads\/2024\/04\/fc2c2212-57ef-4007-bebc-fd74b8e2472a-768x384.jpg 768w, https:\/\/www.radiopiu.net\/wordpress\/wp-content\/uploads\/2024\/04\/fc2c2212-57ef-4007-bebc-fd74b8e2472a-1536x768.jpg 1536w, https:\/\/www.radiopiu.net\/wordpress\/wp-content\/uploads\/2024\/04\/fc2c2212-57ef-4007-bebc-fd74b8e2472a.jpg 2048w\" sizes=\"auto, (max-width: 300px) 100vw, 300px\" \/><\/a>che generano per tutti gli impiantisti, i rifugi e tutte le attivit\u00e0 che vivono grazie allo sci in inverno e potrebbero beneficiare delle bici in estate. Un esempio \u00e8 la zona di Andalo e Molveno, che gi\u00e0 il 20 di questo mese apre le danze, oppure la zona di Solden in Austria, che sfrutta gli impianti durante tutta l\u2019estate per le bici. Parlando con loro, ci dicono che lavorano di pi\u00f9 in estate grazie alle biciclette rispetto ai camminatori e agli escursionisti. Ci chiediamo perch\u00e9 i nostri sindaci non intervengano per risolvere questa situazione. Anzi, vengono fatte pubblicit\u00e0 ingannevoli della zona con menzioni di bike park e ciclabili. \u00c8 un peccato perch\u00e9 le nostre zone sono meravigliose, ma la maggior parte non viene sfruttata come dovrebbe! Il turismo legato alle due ruote \u00e8 diffuso ovunque, basterebbe copiare, ma qui neanche quello sembriamo capaci di fare!!<\/p>\n<div class=\"flex-1 overflow-hidden\">\n<div class=\"react-scroll-to-bottom--css-gohku-79elbk h-full\">\n<div class=\"react-scroll-to-bottom--css-gohku-1n7m0yu\">\n<div class=\"flex flex-col text-sm pb-9\">\n<div class=\"w-full text-token-text-primary\" dir=\"auto\" data-testid=\"conversation-turn-115\">\n<div class=\"px-4 py-2 justify-center text-base md:gap-6 m-auto\">\n<div class=\"flex flex-1 text-base mx-auto gap-3 juice:gap-4 juice:md:gap-6 md:px-5 lg:px-1 xl:px-5 md:max-w-3xl lg:max-w-[40rem] xl:max-w-[48rem]\">\n<div class=\"relative flex w-full flex-col agent-turn\">\n<div class=\"flex-col gap-1 md:gap-3\">\n<div class=\"flex flex-grow flex-col max-w-full\">\n<div class=\"min-h-[20px] text-message flex flex-col items-start gap-3 whitespace-pre-wrap break-words [.text-message+&amp;]:mt-5 overflow-x-auto\" dir=\"auto\" data-message-author-role=\"assistant\" data-message-id=\"e0974c6a-c6c8-407e-b3d6-d5bf278d5559\">\n<div class=\"markdown prose w-full break-words dark:prose-invert dark\">\n<p>Thomas Soppera<\/p>\n<\/div>\n<\/div>\n<\/div>\n<div class=\"mt-1 flex gap-3 empty:hidden\">\n<div class=\"flex items-center gap-1.5 text-xs\"><\/div>\n<\/div>\n<\/div>\n<\/div>\n<\/div>\n<\/div>\n<\/div>\n<\/div>\n<\/div>\n<\/div>\n<\/div>\n<p>&nbsp;<\/p>\n<p>&nbsp;<\/p>\n<p>&nbsp;<\/p>\n<hr \/>\n<p>&nbsp;<\/p>\n<blockquote>\n<blockquote>\n<h2><span style=\"color: #ff0000;\">Gli ecomusei del Veneto si raccontano<\/span><\/h2>\n<\/blockquote>\n<div class=\"flex-1 overflow-hidden\">\n<div class=\"react-scroll-to-bottom--css-gohku-79elbk h-full\">\n<div class=\"react-scroll-to-bottom--css-gohku-1n7m0yu\">\n<div class=\"flex flex-col text-sm pb-9\">\n<div class=\"w-full text-token-text-primary\" dir=\"auto\" data-testid=\"conversation-turn-107\">\n<div class=\"px-4 py-2 justify-center text-base md:gap-6 m-auto\">\n<div class=\"flex flex-1 text-base mx-auto gap-3 juice:gap-4 juice:md:gap-6 md:px-5 lg:px-1 xl:px-5 md:max-w-3xl lg:max-w-[40rem] xl:max-w-[48rem]\">\n<div class=\"relative flex w-full flex-col agent-turn\">\n<div class=\"flex-col gap-1 md:gap-3\">\n<div class=\"flex flex-grow flex-col max-w-full\">\n<div class=\"min-h-[20px] text-message flex flex-col items-start gap-3 whitespace-pre-wrap break-words [.text-message+&amp;]:mt-5 overflow-x-auto\" dir=\"auto\" data-message-author-role=\"assistant\" data-message-id=\"4b4fceaf-62a1-4413-acb5-9ecd9cdc0af6\">\n<div class=\"markdown prose w-full break-words dark:prose-invert dark\">\n<p><strong>CANALE D&#8217;AGORDO<\/strong> Il primo Meeting degli Ecomusei del Veneto, organizzato\u00a0 in Valle del Biois\u00a0 fino al 28 aprile \u00e8 un&#8217;occasione per tutti gli ecomusei regionali di presentare le bellezze naturali, storiche e culturali dei loro territori. L&#8217;evento, promosso dall&#8217;Ecomuseo della Valle del Biois, permetter\u00e0 anche di approfondire il concetto di ecomuseo, basato sull&#8217;interazione tra territorio e comunit\u00e0. Durante le giornate del meeting, saranno organizzati incontri con le scuole locali, sessioni di lavoro per gli operatori degli ecomusei e una serata culturale aperta alla comunit\u00e0, seguita da due giorni di visite guidate gratuite ai siti dell&#8217;Ecomuseo Valle del Biois.<\/p>\n<\/div>\n<\/div>\n<\/div>\n<\/div>\n<\/div>\n<\/div>\n<\/div>\n<\/div>\n<\/div>\n<\/div>\n<\/div>\n<\/div>\n<\/blockquote>\n<p><strong>LO SPECIALE DI GIANNI SANTOMASO NELLA RASSEGNA STAMPA DEL SABATO, ALLE 10.30 E 1900<\/strong><\/p>\n<p>&nbsp;<\/p>\n<p>&nbsp;<\/p>\n<hr \/>\n<p>&nbsp;<\/p>\n<blockquote>\n<h3>LA FESTA DE L&#8217;OM SALVARECH A LA VALLE<\/h3>\n<\/blockquote>\n<p><strong><a class=\"dt-pswp-item\" href=\"https:\/\/www.radiopiu.net\/wordpress\/wp-content\/uploads\/2024\/04\/Senza-nome-79.jpg\" data-dt-img-description=\"\" data-large_image_width=\"668\" data-large_image_height=\"421\"><img loading=\"lazy\" decoding=\"async\" class=\" wp-image-386201 alignleft\" src=\"https:\/\/www.radiopiu.net\/wordpress\/wp-content\/uploads\/2024\/04\/Senza-nome-79-300x189.jpg\" alt=\"\" width=\"198\" height=\"125\" srcset=\"https:\/\/www.radiopiu.net\/wordpress\/wp-content\/uploads\/2024\/04\/Senza-nome-79-300x189.jpg 300w, https:\/\/www.radiopiu.net\/wordpress\/wp-content\/uploads\/2024\/04\/Senza-nome-79.jpg 668w\" sizes=\"auto, (max-width: 198px) 100vw, 198px\" \/><\/a>LA VALLE AGORDINA<\/strong><\/p>\n<p>DI GIANNI SANTOMASO<\/p>\n<audio class=\"wp-audio-shortcode\" id=\"audio-386369-11\" preload=\"none\" style=\"width: 100%;\" controls=\"controls\"><source type=\"audio\/mpeg\" src=\"https:\/\/www.radiopiu.net\/wordpress\/wp-content\/uploads\/2024\/04\/GIANNI-LA-FESTA-DE-LOM-SELVARECH.mp3?_=11\" \/><a href=\"https:\/\/www.radiopiu.net\/wordpress\/wp-content\/uploads\/2024\/04\/GIANNI-LA-FESTA-DE-LOM-SELVARECH.mp3\">https:\/\/www.radiopiu.net\/wordpress\/wp-content\/uploads\/2024\/04\/GIANNI-LA-FESTA-DE-LOM-SELVARECH.mp3<\/a><\/audio>\n<p>&nbsp;<\/p>\n<hr \/>\n<p>&nbsp;<\/p>\n<blockquote>\n<h3>UN CORSO BIENNALE PER ENTRARE NEL MONDO DELL&#8217;OCCHIALERIA<\/h3>\n<\/blockquote>\n<p><a class=\"dt-pswp-item\" href=\"https:\/\/www.radiopiu.net\/wordpress\/wp-content\/uploads\/2020\/08\/CERTOTTICA.jpg\" data-dt-img-description=\"\" data-large_image_width=\"1500\" data-large_image_height=\"1000\"><img loading=\"lazy\" decoding=\"async\" class=\" wp-image-156059 alignleft\" src=\"https:\/\/www.radiopiu.net\/wordpress\/wp-content\/uploads\/2020\/08\/CERTOTTICA-300x200.jpg\" alt=\"\" width=\"164\" height=\"109\" srcset=\"https:\/\/www.radiopiu.net\/wordpress\/wp-content\/uploads\/2020\/08\/CERTOTTICA-300x200.jpg 300w, https:\/\/www.radiopiu.net\/wordpress\/wp-content\/uploads\/2020\/08\/CERTOTTICA-1024x683.jpg 1024w, https:\/\/www.radiopiu.net\/wordpress\/wp-content\/uploads\/2020\/08\/CERTOTTICA-768x512.jpg 768w, https:\/\/www.radiopiu.net\/wordpress\/wp-content\/uploads\/2020\/08\/CERTOTTICA.jpg 1500w\" sizes=\"auto, (max-width: 164px) 100vw, 164px\" \/><\/a>CertotticaGroup e la Fondazione ITS Cosmo lanciano il corso biennale ITS per Eyewear Product Manager, in collaborazione con ABLE by Certottica e finanziato dalla Regione Veneto. Con il settore dell&#8217;occhialeria italiano in crescita, il corso offre formazione d&#8217;eccellenza e opportunit\u00e0 lavorative concrete. Il programma di due anni, con 2000 ore di formazione di cui 1200 in aula e 800 di tirocinio, prepara i partecipanti a diventare leader nel settore. Il 98% dei diplomati trova lavoro entro sei mesi dal conseguimento del titolo, sottolineando l&#8217;efficacia del percorso nel valorizzare il capitale umano e formare i talenti del futuro.<\/p>\n<p>&nbsp;<\/p>\n<p>&nbsp;<\/p>\n<hr \/>\n<p>&nbsp;<\/p>\n<blockquote>\n<h3>A MEL UN WORKSHOP PER PARLARE DEL CORPO<\/h3>\n<\/blockquote>\n<p><strong><a class=\"dt-pswp-item\" href=\"https:\/\/www.radiopiu.net\/wordpress\/wp-content\/uploads\/2024\/04\/post.png\" data-dt-img-description=\"\" data-large_image_width=\"940\" data-large_image_height=\"788\"><img loading=\"lazy\" decoding=\"async\" class=\" wp-image-385850 alignleft\" src=\"https:\/\/www.radiopiu.net\/wordpress\/wp-content\/uploads\/2024\/04\/post-300x251.png\" alt=\"\" width=\"139\" height=\"116\" srcset=\"https:\/\/www.radiopiu.net\/wordpress\/wp-content\/uploads\/2024\/04\/post-300x251.png 300w, https:\/\/www.radiopiu.net\/wordpress\/wp-content\/uploads\/2024\/04\/post-768x644.png 768w, https:\/\/www.radiopiu.net\/wordpress\/wp-content\/uploads\/2024\/04\/post.png 940w\" sizes=\"auto, (max-width: 139px) 100vw, 139px\" \/><\/a>BORGO VALBELLUNA<\/strong> &#8220;Dal corpo alla parola&#8221; \u00e8 un workshop che unisce espressione creativa e movimento corporeo. Scopo: liberare il corpo da tensioni, connetterlo con l&#8217;istinto artistico e il fuoco scenico. Aperto a tutti, anche a chi ha esperienza. Attraverso il movimento libero e la gestione del corpo, impareremo a farlo dialogare con la parola. L&#8217;attore agisce organicamente: corpo e parola si fondono. Analizzeremo testi, esploreremo lo spazio e la vita silenziosa. Il laboratorio comprende 5 lezioni di 1 ora e 30 minuti, suddivise per et\u00e0: 11-14, 15-18, adulti. Si terr\u00e0 presso l&#8217;ex chiesa di San Pietro di Borgo Valbelluna ogni gioved\u00ec di maggio 2024. Contatti: <a target=\"_new\" rel=\"noopener\">fornasatilive@gmail.com<\/a>, 3298849696.<\/p>\n<p><strong>DI ROBERTO BONA<\/strong><\/p>\n<audio class=\"wp-audio-shortcode\" id=\"audio-386369-12\" preload=\"none\" style=\"width: 100%;\" controls=\"controls\"><source type=\"audio\/mpeg\" src=\"https:\/\/www.radiopiu.net\/wordpress\/wp-content\/uploads\/2024\/04\/BONA-DAL-CORPO-ALLA-PAROLA.mp3?_=12\" \/><a href=\"https:\/\/www.radiopiu.net\/wordpress\/wp-content\/uploads\/2024\/04\/BONA-DAL-CORPO-ALLA-PAROLA.mp3\">https:\/\/www.radiopiu.net\/wordpress\/wp-content\/uploads\/2024\/04\/BONA-DAL-CORPO-ALLA-PAROLA.mp3<\/a><\/audio>\n<p>&nbsp;<\/p>\n<hr \/>\n<p>&nbsp;<\/p>\n<blockquote>\n<h3>LA GIORNATA ECOLOGICA A FALCADE<\/h3>\n<\/blockquote>\n<p><strong>FALCADE<\/strong> Il Comune di Falcade e la Pro Loco di Caviola insieme allo Sci Club Val Biois stanno organizzando una Giornata ecologica per la pulizia del territorio comunale. La giornata ecologica si terr\u00e0 oggi, con ritrovo alle 8:30 al municipio di Falcade. Ai partecipanti saranno forniti guanti, sacchetti e tutto il necessario per la pulizia. Alla fine della mattinata, \u00e8 previsto un piatto di pasta offerto presso la Pizzeria Livia di Caviola.<\/p>\n<p><strong>DI GIANNI SANTOMASO<\/strong><\/p>\n<audio class=\"wp-audio-shortcode\" id=\"audio-386369-13\" preload=\"none\" style=\"width: 100%;\" controls=\"controls\"><source type=\"audio\/mpeg\" src=\"https:\/\/www.radiopiu.net\/wordpress\/wp-content\/uploads\/2024\/04\/GIANNI-LA-GIORNATA-ECOLOGICA-DI-FALCADE.mp3?_=13\" \/><a href=\"https:\/\/www.radiopiu.net\/wordpress\/wp-content\/uploads\/2024\/04\/GIANNI-LA-GIORNATA-ECOLOGICA-DI-FALCADE.mp3\">https:\/\/www.radiopiu.net\/wordpress\/wp-content\/uploads\/2024\/04\/GIANNI-LA-GIORNATA-ECOLOGICA-DI-FALCADE.mp3<\/a><\/audio>\n<p>&nbsp;<\/p>\n<hr \/>\n<p>&nbsp;<\/p>\n<blockquote>\n<h3>GLI ALPINI DI ALLEGHE ORGANIZZANO LA GIORNATA ECOLOGICA<\/h3>\n<\/blockquote>\n<p><strong>ALLEGHE<\/strong> Il Gruppo Alpini Monte Civetta e il Comune di Alleghe organizzano una giornata di pulizia del territorio in paese e lungolago per domenica. L&#8217;evento \u00e8 aperto a tutti, con ritrovo domani alle 7:00 presso il parcheggio di Vallazza alla foce del Cordevole, muniti di guanti e attrezzi per la pulizia. La giornata terminer\u00e0 alle 13:00 presso la sede degli Alpini con un pranzo &#8220;rancio alpino in amicizia&#8221;. Iscrizioni al 377 2737205<\/p>\n<p>&nbsp;<\/p>\n<p>&nbsp;<\/p>\n<hr \/>\n<p>&nbsp;<\/p>\n<div class=\"flex-1 overflow-hidden\">\n<div class=\"react-scroll-to-bottom--css-gohku-79elbk h-full\">\n<div class=\"react-scroll-to-bottom--css-gohku-1n7m0yu\">\n<div class=\"flex flex-col text-sm pb-9\">\n<div class=\"w-full text-token-text-primary\" dir=\"auto\" data-testid=\"conversation-turn-93\">\n<div class=\"px-4 py-2 justify-center text-base md:gap-6 m-auto\">\n<div class=\"flex flex-1 text-base mx-auto gap-3 juice:gap-4 juice:md:gap-6 md:px-5 lg:px-1 xl:px-5 md:max-w-3xl lg:max-w-[40rem] xl:max-w-[48rem]\">\n<div class=\"relative flex w-full flex-col agent-turn\">\n<div class=\"absolute\">\n<div class=\"flex w-full gap-2 items-center justify-center\">\n<div class=\"w-full pt-2 md:pt-0 dark:border-white\/20 md:border-transparent md:dark:border-transparent md:w-[calc(100%-.5rem)]\">\n<form class=\"stretch mx-2 flex flex-row gap-3 last:mb-2 md:mx-4 md:last:mb-6 lg:mx-auto lg:max-w-2xl xl:max-w-3xl\">\n<div class=\"relative flex h-full flex-1 flex-col\">\n<blockquote>\n<h3 class=\"flex w-full items-center\">GIOVEDI 25 APRILE DALLE 16&#8230;. DIRETTA RADIO<\/h3>\n<\/blockquote>\n<div class=\"flex w-full items-center\">\n<p><span style=\"color: #ff0000;\"><strong><span style=\"color: #0000ff;\">Radio Pi\u00f9 in esterno da Bardin, con la regia di Gianfranco Tome&#8217;&#8230; caleranno a Santa Giustina: Luisa Alchini, Paola Lanciato, Marina Don\u00f9, Brunella Moro, Marco Gaz, Francesco Tome&#8217;, il cantautore MARCO V DAL FARRA coordinamento Mirko Mezzacasa\u00a0<\/span><\/strong><\/span><\/p>\n<p>&nbsp;<\/p>\n<\/div>\n<\/div>\n<\/form>\n<\/div>\n<\/div>\n<\/div>\n<\/div>\n<\/div>\n<\/div>\n<\/div>\n<\/div>\n<\/div>\n<\/div>\n<\/div>\n<div class=\"w-full pt-2 md:pt-0 dark:border-white\/20 md:border-transparent md:dark:border-transparent md:w-[calc(100%-.5rem)]\">\n<form class=\"stretch mx-2 flex flex-row gap-3 last:mb-2 md:mx-4 md:last:mb-6 lg:mx-auto lg:max-w-2xl xl:max-w-3xl\">\n<div class=\"relative flex h-full flex-1 flex-col\">\n<div class=\"flex w-full items-center\"><a class=\"dt-pswp-item\" href=\"https:\/\/www.radiopiu.net\/wordpress\/wp-content\/uploads\/2024\/04\/BARDIN.png\" data-dt-img-description=\"\" data-large_image_width=\"450\" data-large_image_height=\"328\"><img loading=\"lazy\" decoding=\"async\" class=\"size-medium wp-image-386376 aligncenter\" src=\"https:\/\/www.radiopiu.net\/wordpress\/wp-content\/uploads\/2024\/04\/BARDIN-300x219.png\" alt=\"\" width=\"300\" height=\"219\" srcset=\"https:\/\/www.radiopiu.net\/wordpress\/wp-content\/uploads\/2024\/04\/BARDIN-300x219.png 300w, https:\/\/www.radiopiu.net\/wordpress\/wp-content\/uploads\/2024\/04\/BARDIN.png 450w\" sizes=\"auto, (max-width: 300px) 100vw, 300px\" \/><\/a><\/div>\n<\/div>\n<\/form>\n<\/div>\n<p>&nbsp;<\/p>\n<blockquote><p><em>prossimi appuntamenti: 18 maggio compleanno di Mirco De Bona a Belluno, 1 giugno la festa PIU&#8217; Siamo con speciale guest Jessica Lena, alla Birreria Pedavena La Valle Agordina, in previsione la presenza\u00a0 Feltre alla Mostra dell&#8217;Artigianato.\u00a0<\/em><\/p><\/blockquote>\n<p>&nbsp;<\/p>\n<hr \/>\n<p>&nbsp;<\/p>\n<blockquote>\n<h3>UN WORKSHOP IN VISTA DELLE OLIMPIADI<\/h3>\n<\/blockquote>\n<p><strong>PIEVE DI CADORE<\/strong> Il Consorzio Cadore Dolomiti, con il supporto tecnico del Centro Consorzi, invita al seminario &#8220;Turismo Montano (&amp; Dolomitico): storia, sviluppo, nuovi trend&#8221;, nell&#8217;ambito del progetto finanziato dalla Regione Veneto, &#8220;Verso Milano Cortina 2026: da un turismo locale a uno internazionale&#8221;. Si terr\u00e0 luned\u00ec 22 aprile 2024, dalle 14:00 alle 18:00, alla Magnifica Comunit\u00e0 del Cadore a Pieve di Cadore. Un&#8217;occasione per esplorare l&#8217;evoluzione del turismo montano e dolomitico, in vista delle prossime Olimpiadi e per discutere sulle nuove tendenze del settore.<\/p>\n<p>&nbsp;<\/p>\n<p>&nbsp;<\/p>\n<hr \/>\n<p>&nbsp;<\/p>\n<blockquote>\n<h3>IL SEMINARIO &#8220;CREATIVITA&#8217; PER LA LIBERTA'&#8221;<\/h3>\n<\/blockquote>\n<p><strong>BELLUNO<\/strong> Il 27 aprile presso il Centro di Solidariet\u00e0 di Belluno onlus si terr\u00e0 il primo seminario del progetto &#8220;Creativit\u00e0 per la libert\u00e0&#8221;, finanziato dal Dipartimento per Le Politiche Antidroga della Presidenza del Consiglio dei Ministri. Il progetto si focalizza sulla prevenzione e il contrasto delle dipendenze comportamentali e da sostanze nelle nuove generazioni. Il seminario &#8220;Corpo ed emozioni: strumenti per la relazione&#8221; introdurr\u00e0 ai laboratori di movimento espressivo per ragazzi coinvolti nei campi estivi 2024 organizzati da ODAR e APS Amici dei Disabili e dei Minori. Rivolto agli educatori\/animatori, il seminario offrir\u00e0 conoscenze sulle emozioni di base e competenze per una comunicazione efficace e relazioni aperte ed emotive. Tenuto dal dottor Andrea Genuin, psicologo clinico specializzato nella conduzione dei Bonding Group, il seminario includer\u00e0 anche esperienze pratiche.<\/p>\n<p>&nbsp;<\/p>\n<hr \/>\n<p>&nbsp;<\/p>\n<p>&nbsp;<\/p>\n<blockquote>\n<h3>PROLOCO DI CAVIOLA, IL PASSAGGIO DI TESTIMONE<\/h3>\n<\/blockquote>\n<p><strong><a class=\"dt-pswp-item\" href=\"https:\/\/www.radiopiu.net\/wordpress\/wp-content\/uploads\/2023\/10\/02c38947-c38c-4244-911f-1df123b4150e.jpg\" data-dt-img-description=\"\" data-large_image_width=\"2048\" data-large_image_height=\"1152\"><img loading=\"lazy\" decoding=\"async\" class=\"wp-image-386438 alignleft\" src=\"https:\/\/www.radiopiu.net\/wordpress\/wp-content\/uploads\/2023\/10\/02c38947-c38c-4244-911f-1df123b4150e-300x169.jpg\" alt=\"\" width=\"217\" height=\"122\" srcset=\"https:\/\/www.radiopiu.net\/wordpress\/wp-content\/uploads\/2023\/10\/02c38947-c38c-4244-911f-1df123b4150e-300x169.jpg 300w, https:\/\/www.radiopiu.net\/wordpress\/wp-content\/uploads\/2023\/10\/02c38947-c38c-4244-911f-1df123b4150e-1024x576.jpg 1024w, https:\/\/www.radiopiu.net\/wordpress\/wp-content\/uploads\/2023\/10\/02c38947-c38c-4244-911f-1df123b4150e-768x432.jpg 768w, https:\/\/www.radiopiu.net\/wordpress\/wp-content\/uploads\/2023\/10\/02c38947-c38c-4244-911f-1df123b4150e-1536x864.jpg 1536w, https:\/\/www.radiopiu.net\/wordpress\/wp-content\/uploads\/2023\/10\/02c38947-c38c-4244-911f-1df123b4150e.jpg 2048w\" sizes=\"auto, (max-width: 217px) 100vw, 217px\" \/><\/a>PUNTATA DEL 19 APRILE, PATRIZIO DE VENTURA E ALESSIO VALT, PROLOCO CAVIOLA<\/strong><\/p>\n<audio class=\"wp-audio-shortcode\" id=\"audio-386369-14\" preload=\"none\" style=\"width: 100%;\" controls=\"controls\"><source type=\"audio\/mpeg\" src=\"https:\/\/www.radiopiu.net\/wordpress\/wp-content\/uploads\/2024\/04\/PATRIZIO-DE-VENTURA_ALESSIO-VALT-2024-APRILE.mp3?_=14\" \/><a href=\"https:\/\/www.radiopiu.net\/wordpress\/wp-content\/uploads\/2024\/04\/PATRIZIO-DE-VENTURA_ALESSIO-VALT-2024-APRILE.mp3\">https:\/\/www.radiopiu.net\/wordpress\/wp-content\/uploads\/2024\/04\/PATRIZIO-DE-VENTURA_ALESSIO-VALT-2024-APRILE.mp3<\/a><\/audio>\n<p>&nbsp;<\/p>\n<p>&nbsp;<\/p>\n<p>&nbsp;<\/p>\n<hr \/>\n<p>&nbsp;<\/p>\n<blockquote>\n<h3>LA RACCOLTA FONDI PER FIBROSI CISTICA<\/h3>\n<\/blockquote>\n<div data-block=\"true\" data-editor=\"avj4u\" data-offset-key=\"d3i0j-0-0\">\n<p><strong>BELLUNO<\/strong> Volontari in azione per la raccolta fondi Fibrosi Cistica, regalando dipladenie: 4 maggio Agordo e Parrocchie del Poi; 11 e 12 maggio Falcade e Caviola; 4 maggio Alpini Castion, Puos d&#8217;Alpago, Zoppe&#8217; di Cadore, Santo Stefano di Cadore, Belluno; 8 maggio Alpini Limana; Farra d&#8217;Alpago e Dosoledo, consegna porta a porta.<\/p>\n<div data-block=\"true\" data-editor=\"avj4u\" data-offset-key=\"d3i0j-0-0\"><\/div>\n<\/div>\n<div data-block=\"true\" data-editor=\"avj4u\" data-offset-key=\"d3i0j-0-0\"><\/div>\n<div data-block=\"true\" data-editor=\"avj4u\" data-offset-key=\"d3i0j-0-0\">\n<hr \/>\n<\/div>\n<div data-block=\"true\" data-editor=\"avj4u\" data-offset-key=\"d3i0j-0-0\"><\/div>\n<blockquote>\n<h3 data-block=\"true\" data-editor=\"avj4u\" data-offset-key=\"d3i0j-0-0\"><a class=\"dt-pswp-item\" href=\"https:\/\/www.radiopiu.net\/wordpress\/wp-content\/uploads\/2024\/04\/f7522d6e-3fa7-42d1-991b-0eca34f70748.jpg\" data-dt-img-description=\"\" data-large_image_width=\"1080\" data-large_image_height=\"1519\"><img loading=\"lazy\" decoding=\"async\" class=\" wp-image-385870 alignleft\" src=\"https:\/\/www.radiopiu.net\/wordpress\/wp-content\/uploads\/2024\/04\/f7522d6e-3fa7-42d1-991b-0eca34f70748-213x300.jpg\" alt=\"\" width=\"99\" height=\"139\" srcset=\"https:\/\/www.radiopiu.net\/wordpress\/wp-content\/uploads\/2024\/04\/f7522d6e-3fa7-42d1-991b-0eca34f70748-213x300.jpg 213w, https:\/\/www.radiopiu.net\/wordpress\/wp-content\/uploads\/2024\/04\/f7522d6e-3fa7-42d1-991b-0eca34f70748-728x1024.jpg 728w, https:\/\/www.radiopiu.net\/wordpress\/wp-content\/uploads\/2024\/04\/f7522d6e-3fa7-42d1-991b-0eca34f70748-768x1080.jpg 768w, https:\/\/www.radiopiu.net\/wordpress\/wp-content\/uploads\/2024\/04\/f7522d6e-3fa7-42d1-991b-0eca34f70748.jpg 1080w\" sizes=\"auto, (max-width: 99px) 100vw, 99px\" \/><\/a>LA FESTA DELLA LIBERAZIONE A SOSPIROLO<\/h3>\n<\/blockquote>\n<p data-block=\"true\" data-editor=\"avj4u\" data-offset-key=\"d3i0j-0-0\"><strong>SOSPIROLO<\/strong><\/p>\n<p data-block=\"true\" data-editor=\"avj4u\" data-offset-key=\"d3i0j-0-0\"><strong>DI ROBERTO BONA<\/strong><\/p>\n<audio class=\"wp-audio-shortcode\" id=\"audio-386369-15\" preload=\"none\" style=\"width: 100%;\" controls=\"controls\"><source type=\"audio\/mpeg\" src=\"https:\/\/www.radiopiu.net\/wordpress\/wp-content\/uploads\/2024\/04\/BONA-FESTA-LIBERAZIONE-SOSPIROLO.mp3?_=15\" \/><a href=\"https:\/\/www.radiopiu.net\/wordpress\/wp-content\/uploads\/2024\/04\/BONA-FESTA-LIBERAZIONE-SOSPIROLO.mp3\">https:\/\/www.radiopiu.net\/wordpress\/wp-content\/uploads\/2024\/04\/BONA-FESTA-LIBERAZIONE-SOSPIROLO.mp3<\/a><\/audio>\n<p>&nbsp;<\/p>\n<hr \/>\n<p>&nbsp;<\/p>\n<blockquote>\n<h3>UNA FESTA DELLA LIBERAZIONE SPECIALE A LENTIAI<\/h3>\n<\/blockquote>\n<p><strong>BORGO VALBELLUNA<\/strong> La celebrazione della Festa della Liberazione a Borgo Valbelluna sar\u00e0 resa ancora pi\u00f9 significativa dalla partecipazione dei ragazzi della classe terza A della secondaria di Lentiai. Davanti al Municipio, illustreranno il loro lavoro scolastico con cartelloni, accompagnati dalla musica degli studenti dell&#8217;indirizzo musicale. Canzoni come l&#8217;Inno d&#8217;Italia e Bella Ciao risuoneranno insieme a &#8220;La luna di Kiev&#8221;, diventata inno dell&#8217;Istituto Comprensivo di Mel e Lentiai. I ragazzi si sono ispirati al libro &#8220;Storie della Resistenza&#8221; per esplorare il pensiero di un partigiano anonimo, evidenziando parole chiave come politica, repubblichini e tedeschi. La professoressa D&#8217;Attilio ha introdotto una prospettiva pi\u00f9 ampia sulla Resistenza, seguendo il pensiero di Lidia Menapace. Il coinvolgimento dei giovani mira a correggere la visione limitata delle celebrazioni, conferendo loro un ruolo attivo nella commemorazione storica.<\/p>\n<p>&nbsp;<\/p>\n<p>&nbsp;<\/p>\n<hr \/>\n<p>&nbsp;<\/p>\n<blockquote>\n<h3>UNIONE ITALIANA DEI CIECHI E IPOVEDENTI DI BELLUNO IN ASSEMBLEA<\/h3>\n<\/blockquote>\n<p><strong>BELLUNO<\/strong> Oggi alle 14:30, si terr\u00e0 l&#8217;Assemblea ordinaria dei soci dell\u2019Unione Italiana dei Ciechi e degli Ipovedenti ETS APS di Belluno nella Sala Luciani del Centro Congressi Giovanni XXIII. Saranno discussi e approvati la relazione morale e il bilancio consuntivo del 2023, il budget e la relazione programmatica del 2024. Inoltre, si proceder\u00e0 con l&#8217;elezione del membro del Consiglio Regionale UICI del Veneto per la sezione territoriale UICI di Belluno.<\/p>\n<p>&nbsp;<\/p>\n<p>&nbsp;<\/p>\n<hr \/>\n<p>&nbsp;<\/p>\n<blockquote>\n<h3>L&#8217;ASSEMBLEA DEL GAV<\/h3>\n<\/blockquote>\n<p><strong>AGORDO<\/strong> Il GAV, Gruppo Assistenza Volontaria, ha indetto un&#8217;assemblea per domenica 28 aprile alle 11 al Centro Parrocchiale Don Vincenzo Savio di Agordo. Sette i punti da discutere tra cui la relazione delle attivit\u00e0 svolte nel 2023, l&#8217;approvazione del bilancio consuntivo 2024 e la presentazione delle attivit\u00e0 previste nel 2024.<\/p>\n<p>&nbsp;<\/p>\n<p>&nbsp;<\/p>\n<hr \/>\n<p>&nbsp;<\/p>\n<blockquote>\n<h3>GLI ALPINI DI FALCADE OSPITANO LUCIA DALMASSO<\/h3>\n<\/blockquote>\n<p><strong>FALCADE<\/strong> Il gruppo Alpini di Falcade ha organizzato un incontro con Lucia Dalmasso, la snowboarder di Falcade che ha appena finito la stagione in Coppa del Mondo. Un momento per incontrare la falcadina e per scambiare qualche chiacchera con Lucia. Appuntamento in sede degli Alpini di Falcade domani alle 17:30.<\/p>\n<p>&nbsp;<\/p>\n<p>&nbsp;<\/p>\n<hr \/>\n<p>&nbsp;<\/p>\n<blockquote>\n<h3>LE ERBE AROMATICHE DI AISM<\/h3>\n<\/blockquote>\n<p>Con una donazione di 12 Euro sar\u00e0 possibile ottenere un kit con un mix di 2 piante aromatiche. Una parte del ricavato andr\u00e0 a sostegno delle attivit\u00e0 che la Sezione organizza sul territorio della Provincia a favore delle persone affette da sclerosi multipla. Per maggiori informazioni 0437 98168<\/p>\n<p>&nbsp;<\/p>\n<hr \/>\n<p>&nbsp;<\/p>\n<blockquote>\n<h3><strong>Disponibili online le certificazioni esenzioni per reddito dal 9 aprile 2024<\/strong><\/h3>\n<\/blockquote>\n<p><strong>BELLUNO<\/strong> L&#8217;Azienda ULSS 1 Dolomiti informa che le certificazioni delle esenzioni per reddito saranno accessibili dal 9 aprile 2024 sul portale <a href=\"https:\/\/salute.regione.veneto.it\/\" target=\"_new\" rel=\"noopener\">salute.regione.veneto.it<\/a>.<\/p>\n<a href=\"https:\/\/www.radiopiu.net\/wordpress\/wp-content\/uploads\/2024\/04\/Locandina_certificati-di-esenzione-2024.pdf\" class=\"pdfemb-viewer\" style=\"\" data-width=\"max\" data-height=\"max\" data-toolbar=\"top\" data-toolbar-fixed=\"on\">Locandina_certificati di esenzione 2024<\/a>\n<p>&nbsp;<\/p>\n<p>&nbsp;<\/p>\n<hr \/>\n<p>&nbsp;<\/p>\n<blockquote>\n<h3>A LAMON LA BENEDIZIONE DEL TRATTORE<\/h3>\n<\/blockquote>\n<p><a class=\"dt-pswp-item\" href=\"https:\/\/www.radiopiu.net\/wordpress\/wp-content\/uploads\/2024\/04\/IMG_20240316_103953.jpg\" data-dt-img-description=\"Oplus_131072\" data-large_image_width=\"1071\" data-large_image_height=\"726\"><img loading=\"lazy\" decoding=\"async\" class=\"alignleft wp-image-385813 \" src=\"https:\/\/www.radiopiu.net\/wordpress\/wp-content\/uploads\/2024\/04\/IMG_20240316_103953-300x203.jpg\" alt=\"\" width=\"191\" height=\"129\" srcset=\"https:\/\/www.radiopiu.net\/wordpress\/wp-content\/uploads\/2024\/04\/IMG_20240316_103953-300x203.jpg 300w, https:\/\/www.radiopiu.net\/wordpress\/wp-content\/uploads\/2024\/04\/IMG_20240316_103953-1024x694.jpg 1024w, https:\/\/www.radiopiu.net\/wordpress\/wp-content\/uploads\/2024\/04\/IMG_20240316_103953-768x521.jpg 768w, https:\/\/www.radiopiu.net\/wordpress\/wp-content\/uploads\/2024\/04\/IMG_20240316_103953.jpg 1071w\" sizes=\"auto, (max-width: 191px) 100vw, 191px\" \/><\/a><strong>LAMON\u00a0<\/strong>Domani, l&#8217;associazione Pro Loco Lamon, insieme alla Parrocchia di Lamon e con il patrocinio del Comune di Lamon, organizza la &#8220;Benedizione del Trattore e della Macchina Agricola&#8221;. Il programma prevede il ritrovo dei mezzi alle 10:00 presso il piazzale in Via Ferd, seguito dalla partenza della sfilata lungo le vie del paese alle 10:30. Alle 11:30 avr\u00e0 luogo la benedizione dei trattori e delle macchine agricole lungo Viale Duomo e in Piazza III Novembre. Dalle 12:30 sar\u00e0 aperto uno stand gastronomico con lo speciale piatto del giorno: lo spiedo con contorni, nei capannoni di Via Ferd. A partire dalle 14:30, ci sar\u00e0 musica dal vivo con &#8220;I Tirataie&#8221;. Ogni autista di trattore o macchina agricola che parteciper\u00e0 alla sfilata ricever\u00e0 un ricordo della manifestazione.<\/p>\n<p>&nbsp;<\/p>\n<p>&nbsp;<\/p>\n<hr \/>\n<p>&nbsp;<\/p>\n<h2><span style=\"color: #ff6600;\">IERI ALLA RADIO\u00a0<\/span><\/h2>\n<h1><span style=\"color: #000000;\">\u00a0&#8220;DINTORN E FORA VIA&#8221;\u00a0 IL PROGRAMMA\u00a0 A CURA DEL MUSLA\u00a0\u00a0<strong>\u00a0 \u00a0<\/strong><\/span><\/h1>\n<h1 style=\"text-align: center;\"><span style=\"color: #ff0000;\">\u00a0<\/span><\/h1>\n<h1 style=\"text-align: center;\"><span style=\"color: #ff0000;\">TERZO\u00a0 ANNO\u00a0 \u00a02024\u00a0 \u00a0<\/span><\/h1>\n<p><strong><a class=\"dt-pswp-item\" href=\"https:\/\/www.radiopiu.net\/wordpress\/wp-content\/uploads\/2024\/04\/75b7d78f-3a7c-4aa3-9f27-12974d2b6471.jpg\" data-dt-img-description=\"\" data-large_image_width=\"1124\" data-large_image_height=\"318\"><img loading=\"lazy\" decoding=\"async\" class=\"wp-image-386433 alignleft\" src=\"https:\/\/www.radiopiu.net\/wordpress\/wp-content\/uploads\/2024\/04\/75b7d78f-3a7c-4aa3-9f27-12974d2b6471-300x85.jpg\" alt=\"\" width=\"152\" height=\"43\" srcset=\"https:\/\/www.radiopiu.net\/wordpress\/wp-content\/uploads\/2024\/04\/75b7d78f-3a7c-4aa3-9f27-12974d2b6471-300x85.jpg 300w, https:\/\/www.radiopiu.net\/wordpress\/wp-content\/uploads\/2024\/04\/75b7d78f-3a7c-4aa3-9f27-12974d2b6471-1024x290.jpg 1024w, https:\/\/www.radiopiu.net\/wordpress\/wp-content\/uploads\/2024\/04\/75b7d78f-3a7c-4aa3-9f27-12974d2b6471-768x217.jpg 768w, https:\/\/www.radiopiu.net\/wordpress\/wp-content\/uploads\/2024\/04\/75b7d78f-3a7c-4aa3-9f27-12974d2b6471-350x100.jpg 350w, https:\/\/www.radiopiu.net\/wordpress\/wp-content\/uploads\/2024\/04\/75b7d78f-3a7c-4aa3-9f27-12974d2b6471.jpg 1124w\" sizes=\"auto, (max-width: 152px) 100vw, 152px\" \/><\/a>PUNTATA DEL 19 APRILE MICHELA DELL&#8217;OSBEL\u00a0<\/strong><\/p>\n<audio class=\"wp-audio-shortcode\" id=\"audio-386369-16\" preload=\"none\" style=\"width: 100%;\" controls=\"controls\"><source type=\"audio\/mpeg\" src=\"https:\/\/www.radiopiu.net\/wordpress\/wp-content\/uploads\/2024\/04\/MUSLA-8.mp3?_=16\" \/><a href=\"https:\/\/www.radiopiu.net\/wordpress\/wp-content\/uploads\/2024\/04\/MUSLA-8.mp3\">https:\/\/www.radiopiu.net\/wordpress\/wp-content\/uploads\/2024\/04\/MUSLA-8.mp3<\/a><\/audio>\n<p>&nbsp;<\/p>\n<p>&nbsp;<\/p>\n<hr \/>\n<p>&nbsp;<\/p>\n<p>&nbsp;<\/p>\n<blockquote>\n<h3>SPECIALE CASSA SOLIDARIETA&#8217; LUXOTTICA &#8211; APRILE 2024<\/h3>\n<\/blockquote>\n<p><strong><a class=\"dt-pswp-item\" href=\"https:\/\/www.radiopiu.net\/wordpress\/wp-content\/uploads\/2020\/06\/cassa-solidarieta-luxottica.jpg\" data-dt-img-description=\"\" data-large_image_width=\"1167\" data-large_image_height=\"574\"><img loading=\"lazy\" decoding=\"async\" class=\"size-medium wp-image-145244 alignleft\" src=\"https:\/\/www.radiopiu.net\/wordpress\/wp-content\/uploads\/2020\/06\/cassa-solidarieta-luxottica-300x148.jpg\" alt=\"\" width=\"300\" height=\"148\" srcset=\"https:\/\/www.radiopiu.net\/wordpress\/wp-content\/uploads\/2020\/06\/cassa-solidarieta-luxottica-300x148.jpg 300w, https:\/\/www.radiopiu.net\/wordpress\/wp-content\/uploads\/2020\/06\/cassa-solidarieta-luxottica-1024x504.jpg 1024w, https:\/\/www.radiopiu.net\/wordpress\/wp-content\/uploads\/2020\/06\/cassa-solidarieta-luxottica-768x378.jpg 768w, https:\/\/www.radiopiu.net\/wordpress\/wp-content\/uploads\/2020\/06\/cassa-solidarieta-luxottica.jpg 1167w\" sizes=\"auto, (max-width: 300px) 100vw, 300px\" \/><\/a>di\u00a0 Mirko Mezzacasa\u00a0<\/strong><\/p>\n<p>OSPITI: Paolo Chissal\u00e8 e\u00a0 Gianpietro Da Ronch<\/p>\n<p>&nbsp;<\/p>\n<p>&nbsp;<\/p>\n<p>&nbsp;<\/p>\n<p>&nbsp;<\/p>\n<audio class=\"wp-audio-shortcode\" id=\"audio-386369-17\" preload=\"none\" style=\"width: 100%;\" controls=\"controls\"><source type=\"audio\/mpeg\" src=\"https:\/\/www.radiopiu.net\/wordpress\/wp-content\/uploads\/2024\/04\/cassa-solidarieta-aziendale-lav-lux-aprile-2024.mp3?_=17\" \/><a href=\"https:\/\/www.radiopiu.net\/wordpress\/wp-content\/uploads\/2024\/04\/cassa-solidarieta-aziendale-lav-lux-aprile-2024.mp3\">https:\/\/www.radiopiu.net\/wordpress\/wp-content\/uploads\/2024\/04\/cassa-solidarieta-aziendale-lav-lux-aprile-2024.mp3<\/a><\/audio>\n<p>&nbsp;<\/p>\n<p>&nbsp;<\/p>\n<p>&nbsp;<\/p>\n<hr \/>\n<p>&nbsp;<\/p>\n<h2>LA PRIMAVERA\u00a0 SAN MARTINO D&#8217;ALPAGO<\/h2>\n<p><strong>REDAZIONE<\/strong> Il progetto Casere Art&amp;Nature nel territorio dell\u2019Alto Alpago comprende 7 casere ristrutturate, con una capacit\u00e0 massima di 30 posti letto ciascuna. Avviato 6 anni fa, offre alloggi di alta qualit\u00e0, ognuno con una mini spa. Promosso da 5 imprenditori, mira allo sviluppo locale. Una app fornisce percorsi per passeggiate e escursioni in mtb. Un percorso artistico, realizzato con l&#8217;artista locale Raul Barattin, connette le casere, aperto a tutti. L&#8217;investimento di 50.000 \u20ac \u00e8 sostenuto da Union Camere, sponsor locali e Casere Luxury Lodges. Il 27, passeggiata e presentazione del progetto, seguiti dalla festa della primavera di San Martino con cena e musica.<\/p>\n<p><strong>L&#8217;INTERVISTA A CLAUDIO DAL BORGO<\/strong><\/p>\n<audio class=\"wp-audio-shortcode\" id=\"audio-386369-18\" preload=\"none\" style=\"width: 100%;\" controls=\"controls\"><source type=\"audio\/mpeg\" src=\"https:\/\/www.radiopiu.net\/wordpress\/wp-content\/uploads\/2024\/04\/CLAUDIO-DAL-BORGO-LUXURY.mp3?_=18\" \/><a href=\"https:\/\/www.radiopiu.net\/wordpress\/wp-content\/uploads\/2024\/04\/CLAUDIO-DAL-BORGO-LUXURY.mp3\">https:\/\/www.radiopiu.net\/wordpress\/wp-content\/uploads\/2024\/04\/CLAUDIO-DAL-BORGO-LUXURY.mp3<\/a><\/audio>\n<p>&nbsp;<\/p>\n<p>Arte, buon cibo e musica nella splendida cornice dell\u2019Alpago. Oltre a un\u2019app in grado di mostrare i pi\u00f9 bei percorsi della conca. Manca ormai pochissimo alla presentazione di \u201cCasere Art&amp;Nature\u201d, un progetto ideato dai soci delle Casere Luxury Lodges &#8211; Agriturismo ricettivo che sar\u00e0 presentato alla cittadinanza questo fine settimana. L\u2019obiettivo \u00e8 quello di rilanciare il territorio e dimostrare che investire sulla qualit\u00e0, alla fine, premia e pu\u00f2 diventare un magnifico volano per il turismo. L\u2019evento \u00e8 previsto per sabato 27 aprile. Si partir\u00e0 subito dopo pranzo con l\u2019inaugurazione del percorso artistico delle Casere, dove i visitatori potranno ammirare le nuove installazioni dell\u2019artista Raul Barattin. Ecco il programma: alle 13.30 ritrovo a San Martino e trasferimento in navetta a Cadol-Irrighe; ore 14 partenza del giro da Cadol-Irrighe per la camminata di 10 chilometri alla scoperta delle nuove opere di Barattin, con stuzzichini e bevande lungo il percorso; ore 18 rientro a San Martino per assistere alla presentazione del progetto \u201cCasere Art&amp;Nature\u201d nella struttura polifunzionale.Dalle 19.30 la serata organizzata dal gruppo giovani di San Martino con apertura dello stand gastronomico e dalle 21 party night con \u201cBelluno di Notte 1990\u201d.<br \/>\n\u201cIl progetto delle Casere \u00e8 nato 6 anni fa con l&#8217; apertura della prima casera \u2013 spiega uno dei soci di Casere Luxury Lodges, Piergiorgio Fagherazzi \u2013alla quale se ne sono aggiunte altre 6 per un totale di 30 posti letto . Si tratta di casere arredate in modo molto accurato con una mini spa a disposizione degli ospiti. Quando siamo partiti, ci siamo chiesti: cosa possiamo offrire ai turisti che visitano l\u2019Alpago? La risposta \u00e8 stata immediata: i nostri punti forti sono la gastronomia e il paesaggio, ma ci sono talmente tanti posti belli che il rischio \u00e8 di perdersi. Quindi, abbiamo pensato di sviluppare un\u2019applicazione che permetta al turista di scoprire e scegliere dal telefonino le passeggiate e i percorsi dell\u2019Alpago (anche quelli in mtb!)\u201d. L\u2019app \u00e8 un \u201cwork in progress\u201d. \u00c8 gi\u00e0 stata avviata la mappatura del territorio e l\u2019inserimento di circa 15 percorsi; piano piano verranno inseriti anche tutti gli altri. \u201cPoco dopo \u2013 aggiunge Fagherazzi \u2013 \u00e8 nata l\u2019idea di creare un percorso artistico che colleghi tutte le nostre casere e di cui possano godere tutti coloro che frequentano le nostre montagne e non solo i nostri ospiti. Lungo il tragitto i turisti potranno ammirare quattro opere di Raul Barattin, artista molto conosciuto , premiato anche a livello nazionale, che \u00e8 nato e vive in Alpago\u201d. Il progetto, del costo complessivo di circa 50mila euro, \u00e8 stato per la maggior parte finanziato dai soci delle Casere Luxury Lodges, con un contributo della Provincia di Belluno e di alcuni sponsor privati locali e con la preziosa collaborazione e contributo del gruppo giovani di San Martino, delle regole di Montanes e di Irrighe e del comune di Chies<br \/>\nPer info sull\u2019evento, a cui \u00e8 necessario prenotarsi, chiamare il numero 347-1821022. Il costo di partecipazione alla camminata \u00e8 di 15 euro (massimo 150 partecipanti!).<\/p>\n<p>&nbsp;<\/p>\n<p>&nbsp;<\/p>\n<p>&nbsp;<\/p>\n\n\t\t\t<style type='text\/css'>\n\t\t\t\t#gallery-5 {\n\t\t\t\t\tmargin: auto;\n\t\t\t\t}\n\t\t\t\t#gallery-5 .gallery-item {\n\t\t\t\t\tfloat: left;\n\t\t\t\t\tmargin-top: 10px;\n\t\t\t\t\ttext-align: center;\n\t\t\t\t\twidth: 33%;\n\t\t\t\t}\n\t\t\t\t#gallery-5 img {\n\t\t\t\t\tborder: 2px solid #cfcfcf;\n\t\t\t\t}\n\t\t\t\t#gallery-5 .gallery-caption {\n\t\t\t\t\tmargin-left: 0;\n\t\t\t\t}\n\t\t\t\t\/* see gallery_shortcode() in wp-includes\/media.php *\/\n\t\t\t<\/style>\n\t\t<div id='gallery-5' class='dt-gallery-container gallery galleryid-386369 gallery-columns-3 gallery-size-medium'><dl class='gallery-item'>\n\t\t\t\t<dt class='gallery-icon portrait'>\n\t\t\t\t\t<a class=\"rollover rollover-zoom dt-pswp-item\" title=\"8f54d7bb-a285-46ac-a0f7-01f29471b145\" data-dt-img-description=\"\" data-large_image_width=\"1131\" data-large_image_height=\"1600\"href='https:\/\/www.radiopiu.net\/wordpress\/wp-content\/uploads\/2024\/04\/8f54d7bb-a285-46ac-a0f7-01f29471b145.jpg'><img loading=\"lazy\" decoding=\"async\" width=\"212\" height=\"300\" src=\"https:\/\/www.radiopiu.net\/wordpress\/wp-content\/uploads\/2024\/04\/8f54d7bb-a285-46ac-a0f7-01f29471b145-212x300.jpg\" class=\"attachment-medium size-medium\" alt=\"\" srcset=\"https:\/\/www.radiopiu.net\/wordpress\/wp-content\/uploads\/2024\/04\/8f54d7bb-a285-46ac-a0f7-01f29471b145-212x300.jpg 212w, https:\/\/www.radiopiu.net\/wordpress\/wp-content\/uploads\/2024\/04\/8f54d7bb-a285-46ac-a0f7-01f29471b145-724x1024.jpg 724w, https:\/\/www.radiopiu.net\/wordpress\/wp-content\/uploads\/2024\/04\/8f54d7bb-a285-46ac-a0f7-01f29471b145-768x1086.jpg 768w, https:\/\/www.radiopiu.net\/wordpress\/wp-content\/uploads\/2024\/04\/8f54d7bb-a285-46ac-a0f7-01f29471b145-1086x1536.jpg 1086w, https:\/\/www.radiopiu.net\/wordpress\/wp-content\/uploads\/2024\/04\/8f54d7bb-a285-46ac-a0f7-01f29471b145.jpg 1131w\" sizes=\"auto, (max-width: 212px) 100vw, 212px\" \/><\/a>\n\t\t\t\t<\/dt><\/dl><dl class='gallery-item'>\n\t\t\t\t<dt class='gallery-icon portrait'>\n\t\t\t\t\t<a class=\"rollover rollover-zoom dt-pswp-item\" title=\"9ae1cfb7-3de7-4222-9475-90a74c5b1d26\" data-dt-img-description=\"\" data-large_image_width=\"1225\" data-large_image_height=\"1600\"href='https:\/\/www.radiopiu.net\/wordpress\/wp-content\/uploads\/2024\/04\/9ae1cfb7-3de7-4222-9475-90a74c5b1d26.jpg'><img loading=\"lazy\" decoding=\"async\" width=\"230\" height=\"300\" src=\"https:\/\/www.radiopiu.net\/wordpress\/wp-content\/uploads\/2024\/04\/9ae1cfb7-3de7-4222-9475-90a74c5b1d26-230x300.jpg\" class=\"attachment-medium size-medium\" alt=\"\" srcset=\"https:\/\/www.radiopiu.net\/wordpress\/wp-content\/uploads\/2024\/04\/9ae1cfb7-3de7-4222-9475-90a74c5b1d26-230x300.jpg 230w, https:\/\/www.radiopiu.net\/wordpress\/wp-content\/uploads\/2024\/04\/9ae1cfb7-3de7-4222-9475-90a74c5b1d26-784x1024.jpg 784w, https:\/\/www.radiopiu.net\/wordpress\/wp-content\/uploads\/2024\/04\/9ae1cfb7-3de7-4222-9475-90a74c5b1d26-768x1003.jpg 768w, https:\/\/www.radiopiu.net\/wordpress\/wp-content\/uploads\/2024\/04\/9ae1cfb7-3de7-4222-9475-90a74c5b1d26-1176x1536.jpg 1176w, https:\/\/www.radiopiu.net\/wordpress\/wp-content\/uploads\/2024\/04\/9ae1cfb7-3de7-4222-9475-90a74c5b1d26.jpg 1225w\" sizes=\"auto, (max-width: 230px) 100vw, 230px\" \/><\/a>\n\t\t\t\t<\/dt><\/dl><dl class='gallery-item'>\n\t\t\t\t<dt class='gallery-icon portrait'>\n\t\t\t\t\t<a class=\"rollover rollover-zoom dt-pswp-item\" title=\"187a54df-3b3e-4ba0-8bd7-cb897731e9a9\" data-dt-img-description=\"\" data-large_image_width=\"1264\" data-large_image_height=\"1600\"href='https:\/\/www.radiopiu.net\/wordpress\/wp-content\/uploads\/2024\/04\/187a54df-3b3e-4ba0-8bd7-cb897731e9a9.jpg'><img loading=\"lazy\" decoding=\"async\" width=\"237\" height=\"300\" src=\"https:\/\/www.radiopiu.net\/wordpress\/wp-content\/uploads\/2024\/04\/187a54df-3b3e-4ba0-8bd7-cb897731e9a9-237x300.jpg\" class=\"attachment-medium size-medium\" alt=\"\" srcset=\"https:\/\/www.radiopiu.net\/wordpress\/wp-content\/uploads\/2024\/04\/187a54df-3b3e-4ba0-8bd7-cb897731e9a9-237x300.jpg 237w, https:\/\/www.radiopiu.net\/wordpress\/wp-content\/uploads\/2024\/04\/187a54df-3b3e-4ba0-8bd7-cb897731e9a9-809x1024.jpg 809w, https:\/\/www.radiopiu.net\/wordpress\/wp-content\/uploads\/2024\/04\/187a54df-3b3e-4ba0-8bd7-cb897731e9a9-768x972.jpg 768w, https:\/\/www.radiopiu.net\/wordpress\/wp-content\/uploads\/2024\/04\/187a54df-3b3e-4ba0-8bd7-cb897731e9a9-1213x1536.jpg 1213w, https:\/\/www.radiopiu.net\/wordpress\/wp-content\/uploads\/2024\/04\/187a54df-3b3e-4ba0-8bd7-cb897731e9a9.jpg 1264w\" sizes=\"auto, (max-width: 237px) 100vw, 237px\" \/><\/a>\n\t\t\t\t<\/dt><\/dl><br style=\"clear: both\" \/><dl class='gallery-item'>\n\t\t\t\t<dt class='gallery-icon portrait'>\n\t\t\t\t\t<a class=\"rollover rollover-zoom dt-pswp-item\" title=\"a03e60b6-4001-4e22-90bf-5943e99abb7d\" data-dt-img-description=\"\" data-large_image_width=\"1222\" data-large_image_height=\"1600\"href='https:\/\/www.radiopiu.net\/wordpress\/wp-content\/uploads\/2024\/04\/a03e60b6-4001-4e22-90bf-5943e99abb7d.jpg'><img loading=\"lazy\" decoding=\"async\" width=\"229\" height=\"300\" src=\"https:\/\/www.radiopiu.net\/wordpress\/wp-content\/uploads\/2024\/04\/a03e60b6-4001-4e22-90bf-5943e99abb7d-229x300.jpg\" class=\"attachment-medium size-medium\" alt=\"\" srcset=\"https:\/\/www.radiopiu.net\/wordpress\/wp-content\/uploads\/2024\/04\/a03e60b6-4001-4e22-90bf-5943e99abb7d-229x300.jpg 229w, https:\/\/www.radiopiu.net\/wordpress\/wp-content\/uploads\/2024\/04\/a03e60b6-4001-4e22-90bf-5943e99abb7d-782x1024.jpg 782w, https:\/\/www.radiopiu.net\/wordpress\/wp-content\/uploads\/2024\/04\/a03e60b6-4001-4e22-90bf-5943e99abb7d-768x1006.jpg 768w, https:\/\/www.radiopiu.net\/wordpress\/wp-content\/uploads\/2024\/04\/a03e60b6-4001-4e22-90bf-5943e99abb7d-1173x1536.jpg 1173w, https:\/\/www.radiopiu.net\/wordpress\/wp-content\/uploads\/2024\/04\/a03e60b6-4001-4e22-90bf-5943e99abb7d.jpg 1222w\" sizes=\"auto, (max-width: 229px) 100vw, 229px\" \/><\/a>\n\t\t\t\t<\/dt><\/dl><dl class='gallery-item'>\n\t\t\t\t<dt class='gallery-icon portrait'>\n\t\t\t\t\t<a class=\"rollover rollover-zoom dt-pswp-item\" title=\"0cbac3d1-14c7-45dc-825b-3302931d1e5f\" data-dt-img-description=\"\" data-large_image_width=\"1219\" data-large_image_height=\"1600\"href='https:\/\/www.radiopiu.net\/wordpress\/wp-content\/uploads\/2024\/04\/0cbac3d1-14c7-45dc-825b-3302931d1e5f.jpg'><img loading=\"lazy\" decoding=\"async\" width=\"229\" height=\"300\" src=\"https:\/\/www.radiopiu.net\/wordpress\/wp-content\/uploads\/2024\/04\/0cbac3d1-14c7-45dc-825b-3302931d1e5f-229x300.jpg\" class=\"attachment-medium size-medium\" alt=\"\" srcset=\"https:\/\/www.radiopiu.net\/wordpress\/wp-content\/uploads\/2024\/04\/0cbac3d1-14c7-45dc-825b-3302931d1e5f-229x300.jpg 229w, https:\/\/www.radiopiu.net\/wordpress\/wp-content\/uploads\/2024\/04\/0cbac3d1-14c7-45dc-825b-3302931d1e5f-780x1024.jpg 780w, https:\/\/www.radiopiu.net\/wordpress\/wp-content\/uploads\/2024\/04\/0cbac3d1-14c7-45dc-825b-3302931d1e5f-768x1008.jpg 768w, https:\/\/www.radiopiu.net\/wordpress\/wp-content\/uploads\/2024\/04\/0cbac3d1-14c7-45dc-825b-3302931d1e5f-1170x1536.jpg 1170w, https:\/\/www.radiopiu.net\/wordpress\/wp-content\/uploads\/2024\/04\/0cbac3d1-14c7-45dc-825b-3302931d1e5f.jpg 1219w\" sizes=\"auto, (max-width: 229px) 100vw, 229px\" \/><\/a>\n\t\t\t\t<\/dt><\/dl><dl class='gallery-item'>\n\t\t\t\t<dt class='gallery-icon portrait'>\n\t\t\t\t\t<a class=\"rollover rollover-zoom dt-pswp-item\" title=\"Senza nome\" data-dt-img-description=\"\" data-large_image_width=\"393\" data-large_image_height=\"549\"href='https:\/\/www.radiopiu.net\/wordpress\/wp-content\/uploads\/2024\/04\/Senza-nome-33.png'><img loading=\"lazy\" decoding=\"async\" width=\"215\" height=\"300\" src=\"https:\/\/www.radiopiu.net\/wordpress\/wp-content\/uploads\/2024\/04\/Senza-nome-33-215x300.png\" class=\"attachment-medium size-medium\" alt=\"\" srcset=\"https:\/\/www.radiopiu.net\/wordpress\/wp-content\/uploads\/2024\/04\/Senza-nome-33-215x300.png 215w, https:\/\/www.radiopiu.net\/wordpress\/wp-content\/uploads\/2024\/04\/Senza-nome-33.png 393w\" sizes=\"auto, (max-width: 215px) 100vw, 215px\" \/><\/a>\n\t\t\t\t<\/dt><\/dl><br style=\"clear: both\" \/>\n\t\t\t<\/div>\n\n<p>&nbsp;<\/p>\n<hr \/>\n<p>&nbsp;<\/p>\n<blockquote>\n<h2>in vallata:<\/h2>\n<\/blockquote>\n\n\t\t\t<style type='text\/css'>\n\t\t\t\t#gallery-6 {\n\t\t\t\t\tmargin: auto;\n\t\t\t\t}\n\t\t\t\t#gallery-6 .gallery-item {\n\t\t\t\t\tfloat: left;\n\t\t\t\t\tmargin-top: 10px;\n\t\t\t\t\ttext-align: center;\n\t\t\t\t\twidth: 25%;\n\t\t\t\t}\n\t\t\t\t#gallery-6 img {\n\t\t\t\t\tborder: 2px solid #cfcfcf;\n\t\t\t\t}\n\t\t\t\t#gallery-6 .gallery-caption {\n\t\t\t\t\tmargin-left: 0;\n\t\t\t\t}\n\t\t\t\t\/* see gallery_shortcode() in wp-includes\/media.php *\/\n\t\t\t<\/style>\n\t\t<div id='gallery-6' class='dt-gallery-container gallery galleryid-386369 gallery-columns-4 gallery-size-medium'><dl class='gallery-item'>\n\t\t\t\t<dt class='gallery-icon portrait'>\n\t\t\t\t\t<a class=\"rollover rollover-zoom dt-pswp-item\" title=\"d02fe35d-334c-4039-81d3-508c3e863bed\" data-dt-img-description=\"\" data-large_image_width=\"1136\" data-large_image_height=\"1600\"href='https:\/\/www.radiopiu.net\/wordpress\/wp-content\/uploads\/2024\/04\/d02fe35d-334c-4039-81d3-508c3e863bed.jpg'><img loading=\"lazy\" decoding=\"async\" width=\"213\" height=\"300\" src=\"https:\/\/www.radiopiu.net\/wordpress\/wp-content\/uploads\/2024\/04\/d02fe35d-334c-4039-81d3-508c3e863bed-213x300.jpg\" class=\"attachment-medium size-medium\" alt=\"\" srcset=\"https:\/\/www.radiopiu.net\/wordpress\/wp-content\/uploads\/2024\/04\/d02fe35d-334c-4039-81d3-508c3e863bed-213x300.jpg 213w, https:\/\/www.radiopiu.net\/wordpress\/wp-content\/uploads\/2024\/04\/d02fe35d-334c-4039-81d3-508c3e863bed-727x1024.jpg 727w, https:\/\/www.radiopiu.net\/wordpress\/wp-content\/uploads\/2024\/04\/d02fe35d-334c-4039-81d3-508c3e863bed-768x1082.jpg 768w, https:\/\/www.radiopiu.net\/wordpress\/wp-content\/uploads\/2024\/04\/d02fe35d-334c-4039-81d3-508c3e863bed-1091x1536.jpg 1091w, https:\/\/www.radiopiu.net\/wordpress\/wp-content\/uploads\/2024\/04\/d02fe35d-334c-4039-81d3-508c3e863bed.jpg 1136w\" sizes=\"auto, (max-width: 213px) 100vw, 213px\" \/><\/a>\n\t\t\t\t<\/dt><\/dl><dl class='gallery-item'>\n\t\t\t\t<dt class='gallery-icon portrait'>\n\t\t\t\t\t<a class=\"rollover rollover-zoom dt-pswp-item\" title=\"2d3e911f-f1e3-4e55-aba3-20c37bc8ebf1\" data-dt-img-description=\"\" data-large_image_width=\"707\" data-large_image_height=\"1000\"href='https:\/\/www.radiopiu.net\/wordpress\/wp-content\/uploads\/2024\/04\/2d3e911f-f1e3-4e55-aba3-20c37bc8ebf1.jpg'><img loading=\"lazy\" decoding=\"async\" width=\"212\" height=\"300\" src=\"https:\/\/www.radiopiu.net\/wordpress\/wp-content\/uploads\/2024\/04\/2d3e911f-f1e3-4e55-aba3-20c37bc8ebf1-212x300.jpg\" class=\"attachment-medium size-medium\" alt=\"\" aria-describedby=\"gallery-6-385133\" srcset=\"https:\/\/www.radiopiu.net\/wordpress\/wp-content\/uploads\/2024\/04\/2d3e911f-f1e3-4e55-aba3-20c37bc8ebf1-212x300.jpg 212w, https:\/\/www.radiopiu.net\/wordpress\/wp-content\/uploads\/2024\/04\/2d3e911f-f1e3-4e55-aba3-20c37bc8ebf1.jpg 707w\" sizes=\"auto, (max-width: 212px) 100vw, 212px\" \/><\/a>\n\t\t\t\t<\/dt>\n\t\t\t\t\t<dd class='wp-caption-text gallery-caption' id='gallery-6-385133'>\n\t\t\t\t\tIN FESTA CON L&#8217;ALLEGHE HOCKEY, DOMANI SABATO\n\t\t\t\t\t<\/dd><\/dl><dl class='gallery-item'>\n\t\t\t\t<dt class='gallery-icon portrait'>\n\t\t\t\t\t<a class=\"rollover rollover-zoom dt-pswp-item\" title=\"f16954ef-71e0-49e2-a9d2-1b5d293d2e59\" data-dt-img-description=\"\" data-large_image_width=\"1131\" data-large_image_height=\"1600\"href='https:\/\/www.radiopiu.net\/wordpress\/wp-content\/uploads\/2024\/04\/f16954ef-71e0-49e2-a9d2-1b5d293d2e59.jpg'><img loading=\"lazy\" decoding=\"async\" width=\"212\" height=\"300\" src=\"https:\/\/www.radiopiu.net\/wordpress\/wp-content\/uploads\/2024\/04\/f16954ef-71e0-49e2-a9d2-1b5d293d2e59-212x300.jpg\" class=\"attachment-medium size-medium\" alt=\"\" aria-describedby=\"gallery-6-385174\" srcset=\"https:\/\/www.radiopiu.net\/wordpress\/wp-content\/uploads\/2024\/04\/f16954ef-71e0-49e2-a9d2-1b5d293d2e59-212x300.jpg 212w, https:\/\/www.radiopiu.net\/wordpress\/wp-content\/uploads\/2024\/04\/f16954ef-71e0-49e2-a9d2-1b5d293d2e59-724x1024.jpg 724w, https:\/\/www.radiopiu.net\/wordpress\/wp-content\/uploads\/2024\/04\/f16954ef-71e0-49e2-a9d2-1b5d293d2e59-768x1086.jpg 768w, https:\/\/www.radiopiu.net\/wordpress\/wp-content\/uploads\/2024\/04\/f16954ef-71e0-49e2-a9d2-1b5d293d2e59-1086x1536.jpg 1086w, https:\/\/www.radiopiu.net\/wordpress\/wp-content\/uploads\/2024\/04\/f16954ef-71e0-49e2-a9d2-1b5d293d2e59.jpg 1131w\" sizes=\"auto, (max-width: 212px) 100vw, 212px\" \/><\/a>\n\t\t\t\t<\/dt>\n\t\t\t\t\t<dd class='wp-caption-text gallery-caption' id='gallery-6-385174'>\n\t\t\t\t\tDAL 27 APRILE LA MOSTRA DEGLI ALUNNI DI LAURA BALLIS\n\t\t\t\t\t<\/dd><\/dl><dl class='gallery-item'>\n\t\t\t\t<dt class='gallery-icon portrait'>\n\t\t\t\t\t<a class=\"rollover rollover-zoom dt-pswp-item\" title=\"0d5c9989-0f37-497b-8d4d-bde2a473da75\" data-dt-img-description=\"\" data-large_image_width=\"875\" data-large_image_height=\"1241\"href='https:\/\/www.radiopiu.net\/wordpress\/wp-content\/uploads\/2024\/04\/0d5c9989-0f37-497b-8d4d-bde2a473da75.jpg'><img loading=\"lazy\" decoding=\"async\" width=\"212\" height=\"300\" src=\"https:\/\/www.radiopiu.net\/wordpress\/wp-content\/uploads\/2024\/04\/0d5c9989-0f37-497b-8d4d-bde2a473da75-212x300.jpg\" class=\"attachment-medium size-medium\" alt=\"\" srcset=\"https:\/\/www.radiopiu.net\/wordpress\/wp-content\/uploads\/2024\/04\/0d5c9989-0f37-497b-8d4d-bde2a473da75-212x300.jpg 212w, https:\/\/www.radiopiu.net\/wordpress\/wp-content\/uploads\/2024\/04\/0d5c9989-0f37-497b-8d4d-bde2a473da75-722x1024.jpg 722w, https:\/\/www.radiopiu.net\/wordpress\/wp-content\/uploads\/2024\/04\/0d5c9989-0f37-497b-8d4d-bde2a473da75-768x1089.jpg 768w, https:\/\/www.radiopiu.net\/wordpress\/wp-content\/uploads\/2024\/04\/0d5c9989-0f37-497b-8d4d-bde2a473da75.jpg 875w\" sizes=\"auto, (max-width: 212px) 100vw, 212px\" \/><\/a>\n\t\t\t\t<\/dt><\/dl><br style=\"clear: both\" \/>\n\t\t\t<\/div>\n\n<p>&nbsp;<\/p>\n<p>&nbsp;<\/p>\n<hr \/>\n<p>&nbsp;<\/p>\n<h2><span style=\"color: #ff0000;\"><a class=\"dt-pswp-item\" href=\"https:\/\/www.radiopiu.net\/wordpress\/wp-content\/uploads\/2018\/09\/appuntamenti.jpeg\" data-dt-img-description=\"\" data-large_image_width=\"800\" data-large_image_height=\"100\"><img loading=\"lazy\" decoding=\"async\" class=\"wp-image-61958 size-full aligncenter\" src=\"https:\/\/www.radiopiu.net\/wordpress\/wp-content\/uploads\/2018\/09\/appuntamenti.jpeg\" alt=\"\" width=\"800\" height=\"100\" srcset=\"https:\/\/www.radiopiu.net\/wordpress\/wp-content\/uploads\/2018\/09\/appuntamenti.jpeg 800w, https:\/\/www.radiopiu.net\/wordpress\/wp-content\/uploads\/2018\/09\/appuntamenti-300x38.jpeg 300w, https:\/\/www.radiopiu.net\/wordpress\/wp-content\/uploads\/2018\/09\/appuntamenti-768x96.jpeg 768w\" sizes=\"auto, (max-width: 800px) 100vw, 800px\" \/><\/a><\/span><\/h2>\n<div>\n<div class=\"\" dir=\"auto\">\n<div id=\":r9h:\" class=\"x1iorvi4 x1pi30zi x1l90r2v x1swvt13\" data-ad-comet-preview=\"message\" data-ad-preview=\"message\">\n<div class=\"x78zum5 xdt5ytf xz62fqu x16ldp7u\">\n<div class=\"xu06os2 x1ok221b\">\n<p>&nbsp;<\/p>\n<h3><a class=\"dt-pswp-item\" href=\"https:\/\/www.radiopiu.net\/wordpress\/wp-content\/uploads\/2024\/04\/locandina.jpg\" data-dt-img-description=\"\" data-large_image_width=\"420\" data-large_image_height=\"600\"><img loading=\"lazy\" decoding=\"async\" class=\" wp-image-383374 alignleft\" src=\"https:\/\/www.radiopiu.net\/wordpress\/wp-content\/uploads\/2024\/04\/locandina-210x300.jpg\" alt=\"\" width=\"88\" height=\"126\" srcset=\"https:\/\/www.radiopiu.net\/wordpress\/wp-content\/uploads\/2024\/04\/locandina-210x300.jpg 210w, https:\/\/www.radiopiu.net\/wordpress\/wp-content\/uploads\/2024\/04\/locandina.jpg 420w\" sizes=\"auto, (max-width: 88px) 100vw, 88px\" \/><\/a>AL CINEMA DOLOMITI DI FALCADE ARRIVA LA PELLICOLA &#8220;UN MONDO A PARTE&#8221;, IL FILM CON ANTONIO ALBANESE E VIRGINIA RAFFAELE. OGGI ALLE 21, DOMANI ALLE 15:30 E ALLE 21<\/h3>\n<p>&nbsp;<\/p>\n<div class=\"\" dir=\"auto\">\n<div class=\"\" dir=\"auto\">\n<div class=\"x1iorvi4 x1pi30zi x1l90r2v x1swvt13\" data-ad-comet-preview=\"message\" data-ad-preview=\"message\">\n<div class=\"x78zum5 xdt5ytf xz62fqu x16ldp7u\">\n<div class=\"xu06os2 x1ok221b\">\n<div class=\"xdj266r x11i5rnm xat24cr x1mh8g0r x1vvkbs x126k92a\">\n<div dir=\"auto\">UN MONDO A PARTE<\/div>\n<div dir=\"auto\">Michele Cortese \u00e8 un maestro elementare della capitale che non ne pu\u00f2 pi\u00f9 di &#8220;cercare di salvare gente che non ha intenzione di essere salvata, e ti mena pure&#8221;. Cos\u00ec chiede l&#8217;assegnazione provvisoria in un paesino di 364 anime della montagna abruzzese: scoprir\u00e0 che la tanto agognata tranquillit\u00e0 non risiede neanche qui.<\/div>\n<\/div>\n<div class=\"x11i5rnm xat24cr x1mh8g0r x1vvkbs xtlvy1s x126k92a\">\n<div dir=\"auto\">di Riccardo Milani | Commedia &#8211; 113 minuti<\/div>\n<div dir=\"auto\">con Antonio Albanese &#8211; Virginia Raffaele<\/div>\n<\/div>\n<div class=\"x11i5rnm xat24cr x1mh8g0r x1vvkbs xtlvy1s x126k92a\">\n<div dir=\"auto\"><\/div>\n<\/div>\n<\/div>\n<\/div>\n<\/div>\n<\/div>\n<\/div>\n<p>&nbsp;<\/p>\n<\/div>\n<div class=\"xu06os2 x1ok221b\">\n<p><strong>BORGO VALBELLUNA<\/strong> La mostra collettiva &#8220;TRACCE DI MEMORIA &#8211; IL VALORE DEL RICORDO&#8221; sar\u00e0 inaugurata oggi alle 11:00 alla sede dell&#8217;Associazione Civicamente APS, in Via Saubens a Trichiana, Borgo Valbelluna.<\/p>\n<p><strong>AGORDO<\/strong> Oggi alle 15:30 al Centro Parrocchiale Don Vincenzo Savio di Agordo la presentazione del libro di Adone Santomaso dal titolo &#8220;Monte di luna vita serena&#8221;<\/p>\n<p><strong>AGORDO <\/strong>Oggi alle 17 alla Biblioteca di Agordo il dottor Paolo Forlin terr\u00e0 un incontro dal titolo &#8221; Nuove indagini archeologiche a San Donato di Lamon&#8221;. Organizza ARCA, Gruppo Archeologico Agordino<\/p>\n<p><strong>ALPAGO<\/strong> L&#8217;associazione culturale Agor\u00e0\u00a0 ospiter\u00e0 una serata commemorativa dedicata al poeta bellunese Francesco Piemonte, recentemente scomparso,\u00a0 attraverso la lettura dei suoi versi con Sonia Vazza,\u00a0 Serena Dal Borgo moderer\u00e0 l&#8217;incontro oggi\u00a0 alle\u00a0 20.30\u00a0 nello spazio associativo di Agor\u00e0 aps in Piazza Papa Luciani.<\/p>\n<\/div>\n<\/div>\n<\/div>\n<\/div>\n<\/div>\n<p><strong>FALCADE <\/strong>DESPERADOS, DUE GIORNI DI FESTA CON LA QUINTA LICEO, AL PALAFALCADE. OGGI, DALLE 17 TORNEO DI BRISCOLA E CALCETTO E DALLE 21 DESPERADOS PARTY!!!! CON BASSLINE DJ, DALLA MEZZANOTTE HAPPY HALF HOUR info 3482996318<\/p>\n<p>&nbsp;<\/p>\n<h2><span style=\"color: #ff0000;\">PROSSIMAMENTE&#8230;<\/span><\/h2>\n<p><strong>BELLUNO <\/strong>Le Scuole in rete per un Mondo di Solidariet\u00e0 e Pace, in collaborazione con l\u2019Associazione Amici delle Scuole in rete, l&#8217;Ufficio Scolastico Provinciale, il Comune di Belluno, il Circolo Cultura e Stampa, la Fondazione Teatri delle Dolomiti e il Consorzio Bim, organizzano uno spettacolo serale, al teatro Dino Buzzati\u00a0 di Belluno nella giornata del 22 aprile 2024 alle 20:45, durante il quale gli studenti delle scuole della provincia esibiranno i propri migliori prodotti artistici sul tema <em>Cura e perdono armi di pace<\/em>, una libera riflessione sulla pace in senso lato: pace con s\u00e9 stessi, il prossimo, la pace tra i popoli.<\/p>\n<p>&nbsp;<\/p>\n<hr \/>\n<p>&nbsp;<\/p>\n<p><a class=\"dt-pswp-item\" href=\"https:\/\/www.radiopiu.net\/wordpress\/wp-content\/uploads\/2018\/09\/viabilita.jpeg\" data-dt-img-description=\"\" data-large_image_width=\"800\" data-large_image_height=\"100\"><img loading=\"lazy\" decoding=\"async\" class=\"aligncenter wp-image-61954 size-full\" src=\"https:\/\/www.radiopiu.net\/wordpress\/wp-content\/uploads\/2018\/09\/viabilita.jpeg\" alt=\"\" width=\"800\" height=\"100\" srcset=\"https:\/\/www.radiopiu.net\/wordpress\/wp-content\/uploads\/2018\/09\/viabilita.jpeg 800w, https:\/\/www.radiopiu.net\/wordpress\/wp-content\/uploads\/2018\/09\/viabilita-300x38.jpeg 300w, https:\/\/www.radiopiu.net\/wordpress\/wp-content\/uploads\/2018\/09\/viabilita-768x96.jpeg 768w\" sizes=\"auto, (max-width: 800px) 100vw, 800px\" \/><\/a><\/p>\n<p>&nbsp;<\/p>\n<p><a class=\"dt-pswp-item\" href=\"https:\/\/www.radiopiu.net\/wordpress\/wp-content\/uploads\/2023\/12\/botol-car-service.jpg\" data-dt-img-description=\"\" data-large_image_width=\"600\" data-large_image_height=\"600\"><img loading=\"lazy\" decoding=\"async\" class=\"size-medium wp-image-367044 aligncenter\" src=\"https:\/\/www.radiopiu.net\/wordpress\/wp-content\/uploads\/2023\/12\/botol-car-service-300x300.jpg\" alt=\"\" width=\"300\" height=\"300\" srcset=\"https:\/\/www.radiopiu.net\/wordpress\/wp-content\/uploads\/2023\/12\/botol-car-service-300x300.jpg 300w, https:\/\/www.radiopiu.net\/wordpress\/wp-content\/uploads\/2023\/12\/botol-car-service-150x150.jpg 150w, https:\/\/www.radiopiu.net\/wordpress\/wp-content\/uploads\/2023\/12\/botol-car-service.jpg 600w\" sizes=\"auto, (max-width: 300px) 100vw, 300px\" \/><\/a><\/p>\n<p>&nbsp;<\/p>\n<p>&nbsp;<\/p>\n<h1>BOLLETTINO QUOTIDIANO, CLICCA QUI<\/h1>\n<blockquote class=\"wp-embedded-content\" data-secret=\"vSnPQc65bl\"><p><a href=\"https:\/\/www.radiopiu.net\/wordpress\/viabilita\/\">viabilita<\/a><\/p><\/blockquote>\n<p><iframe loading=\"lazy\" class=\"wp-embedded-content\" sandbox=\"allow-scripts\" security=\"restricted\" style=\"position: absolute; clip: rect(1px, 1px, 1px, 1px);\" title=\"&#8220;viabilita&#8221; &#8212; Radio Pi\u00f9\" src=\"https:\/\/www.radiopiu.net\/wordpress\/viabilita\/embed\/#?secret=P9FrfcT3nB#?secret=vSnPQc65bl\" data-secret=\"vSnPQc65bl\" width=\"600\" height=\"338\" frameborder=\"0\" marginwidth=\"0\" marginheight=\"0\" scrolling=\"no\"><\/iframe><\/p>\n<p>&nbsp;<\/p>\n<p>&nbsp;<\/p>\n<p>&nbsp;<\/p>\n<hr \/>\n<p>&nbsp;<\/p>\n<p><a class=\"dt-pswp-item\" href=\"https:\/\/www.radiopiu.net\/wordpress\/wp-content\/uploads\/2018\/09\/WhatsApp-Image-2018-09-20-at-16.04.06.jpeg\" data-dt-img-description=\"\" data-large_image_width=\"800\" data-large_image_height=\"100\"><img loading=\"lazy\" decoding=\"async\" class=\"wp-image-61378 size-full aligncenter\" src=\"https:\/\/www.radiopiu.net\/wordpress\/wp-content\/uploads\/2018\/09\/WhatsApp-Image-2018-09-20-at-16.04.06.jpeg\" alt=\"\" width=\"800\" height=\"100\" srcset=\"https:\/\/www.radiopiu.net\/wordpress\/wp-content\/uploads\/2018\/09\/WhatsApp-Image-2018-09-20-at-16.04.06.jpeg 800w, https:\/\/www.radiopiu.net\/wordpress\/wp-content\/uploads\/2018\/09\/WhatsApp-Image-2018-09-20-at-16.04.06-300x38.jpeg 300w, https:\/\/www.radiopiu.net\/wordpress\/wp-content\/uploads\/2018\/09\/WhatsApp-Image-2018-09-20-at-16.04.06-768x96.jpeg 768w\" sizes=\"auto, (max-width: 800px) 100vw, 800px\" \/><\/a><\/p>\n<p><center><\/center><center><\/center><center><\/center><center><\/center><center><\/center><center><\/center>&nbsp;<\/p>\n<p><center><\/center>&nbsp;<\/p>\n<p><center><\/center><b>OGGI\u00a0 <\/b>Mattinata da soleggiata a parzialmente soleggiata, poi riduzione del soleggiamento per nuvolosit\u00e0 media stratiforme, anche per addensamenti irregolari associati a qualche piovasco pomeridiano sulle Prealpi.\u00a0 <b>Precipitazioni: <\/b>Al mattino assenti. Al pomeriggio qualche piovasco sparso, pi\u00f9 probabile sulle Prealpi con neve a 1400-1500 m.<\/p>\n<p>&nbsp;<\/p>\n<hr \/>\n<p><center><\/center><b>DOMANI: <\/b>Nuvolosit\u00e0 irregolare per nubi di sottovento e schiarite al mattino, poi intensificazione della nuvolosit\u00e0 che sar\u00e0 decisamente predominante, assieme ad una lieve instabilit\u00e0 pomeridiana, prima di un peggioramento serale. <b>Precipitazioni: <\/b>Al mattino assenti. Al pomeriggio probabili piovaschi sparsi, prima che le precipitazioni si estendano quasi ovunque entro la sera. Limite della neve a 1100-1200 m.<\/p>\n<p>&nbsp;<\/p>\n<hr \/>\n<p><center><\/center><strong>LUNEDI<\/strong> Nuvolosit\u00e0 estesa e spesso intensa con probabile fase di tempo leggermente perturbato associata a deboli ma diffuse precipitazioni. Limite neve a 800\/1000 m, inizialmente e localmente anche pi\u00f9 basso, prima di rialzarsi al pomeriggio. Temperature minime in rialzo e massime senza notevoli variazioni.<\/p>\n<p>&nbsp;<\/p>\n<hr \/>\n<p><center><\/center><strong>MARTEDI<\/strong> Lieve maltempo tra la notte ed il mattino con cielo coperto e diffuse precipitazioni, nevose a 1000-1200 m, in casi particolari e qualora l&#8217;intensit\u00e0 lo consentisse anche a quote pi\u00f9 basse. Al pomeriggio temporanea attenuazione della fase perturbata, prima che essa s&#8217;intensifichi di nuovo in serata. Temperature pressoch\u00e9 stazionarie rispetto a luned\u00ec.<\/p>\n<p>&nbsp;<\/p>\n<hr \/>\n<p>&nbsp;<\/p>\n<a href=\"https:\/\/www.radiopiu.net\/wordpress\/wp-content\/uploads\/2024\/04\/INVITO-INFINITY-BARDIN-1.pdf\" class=\"pdfemb-viewer\" style=\"\" data-width=\"max\" data-height=\"max\" data-toolbar=\"top\" data-toolbar-fixed=\"on\">INVITO INFINITY BARDIN-1<\/a>\n<p>&nbsp;<\/p>\n<hr \/>\n<p>&nbsp;<\/p>\n<p><img loading=\"lazy\" decoding=\"async\" class=\"wp-image-60761 size-full aligncenter\" src=\"https:\/\/www.radiopiu.net\/wordpress\/wp-content\/uploads\/2018\/09\/sport.jpg\" alt=\"\" width=\"800\" height=\"100\" srcset=\"https:\/\/www.radiopiu.net\/wordpress\/wp-content\/uploads\/2018\/09\/sport.jpg 800w, https:\/\/www.radiopiu.net\/wordpress\/wp-content\/uploads\/2018\/09\/sport-300x38.jpg 300w, https:\/\/www.radiopiu.net\/wordpress\/wp-content\/uploads\/2018\/09\/sport-768x96.jpg 768w\" sizes=\"auto, (max-width: 800px) 100vw, 800px\" \/><\/p>\n<p>&nbsp;<\/p>\n<p><span style=\"color: #0000ff;\"><strong>CALCIO<\/strong><\/span><\/p>\n<blockquote>\n<h3>AGORDINA ALLA RICERCA DI PUNTI A CORTINA, PIAVE A PONTE NELLE ALPI CON IL FORTOGNA<\/h3>\n<\/blockquote>\n<p><strong><a class=\"dt-pswp-item\" href=\"https:\/\/www.radiopiu.net\/wordpress\/wp-content\/uploads\/2020\/05\/CALCIO-2020.jpg\" data-dt-img-description=\"\" data-large_image_width=\"1920\" data-large_image_height=\"1059\"><img loading=\"lazy\" decoding=\"async\" class=\" wp-image-135669 alignleft\" src=\"https:\/\/www.radiopiu.net\/wordpress\/wp-content\/uploads\/2020\/05\/CALCIO-2020-300x165.jpg\" alt=\"\" width=\"211\" height=\"116\" srcset=\"https:\/\/www.radiopiu.net\/wordpress\/wp-content\/uploads\/2020\/05\/CALCIO-2020-300x165.jpg 300w, https:\/\/www.radiopiu.net\/wordpress\/wp-content\/uploads\/2020\/05\/CALCIO-2020-1024x565.jpg 1024w, https:\/\/www.radiopiu.net\/wordpress\/wp-content\/uploads\/2020\/05\/CALCIO-2020-768x424.jpg 768w, https:\/\/www.radiopiu.net\/wordpress\/wp-content\/uploads\/2020\/05\/CALCIO-2020-1536x847.jpg 1536w, https:\/\/www.radiopiu.net\/wordpress\/wp-content\/uploads\/2020\/05\/CALCIO-2020.jpg 1920w\" sizes=\"auto, (max-width: 211px) 100vw, 211px\" \/><\/a>REDAZIONE <\/strong>Mancano 5 partite alle fine della stagione regolare della Terza Categoria della provincia di Belluno e la corsa ai playoff \u00e8 ancora aperta e tra le squadre che stanno lottando per agguantare la fase finale del torneo c\u2019\u00e8 anche l\u2019Agordina che dista a soli 5 punti dall\u2019ultima posizione, la quinta, utile per accedere agli scontri per il salto di categoria. \u00c8 proprio questo l\u2019obiettivo della squadra allenata da Chiea che non pu\u00f2 permettersi passi falsi in questo momento cruciale della stagione. Ogni punto \u00e8 fondamentale e domani gli agordini saliranno in terra ampezzana per scontrarsi con il Coritina. I cortinesi ormai non hanno pi\u00f9 nulla da chiedere al campionato e sulla carta la compagine di Agordo sembra la favorita per la vittoria. In campo anche il Piave che domani giocher\u00e0 in trasferta con il Fortogna. Entrambe le formazioni sono bisognose di punti e si preannuncia una sfida combattuta. In caso di sconfitta il Piave direbbe addio alle speranze di qualificazione ai playoff. Le partite si giocano domani con calcio d\u2019inizio alle 15:30.<\/p>\n<p><strong>LA CLASSIFICA DELLA TERZA CATEGORIA:<\/strong> Gemelle 45, Domegge 39, San Vittore 37, Auronzo 36, Fortogna\u00a0 34, Alpes Cesio 33, Dynamo Vellai e Valzoldana 30, Agordina 29, Piave 21, Tambre 19, Cortina 17, Lamonese 13, Cadore 6<\/p>\n<p>&nbsp;<\/p>\n<p>&nbsp;<\/p>\n<hr \/>\n<p>&nbsp;<\/p>\n<h2><span style=\"color: #33cccc;\">GOODBYE BY BICICLE&#8230;UN VIAGGIO DALL&#8217;INDIA A SEREN DEL GRAPPA IN BICICLETTA<\/span><\/h2>\n<p><span style=\"color: #ff0000;\"><strong>PUNTATA 09 &#8211; IL VIAGGIO IN NEPAL IN ATTESA DEL VISTO TURISTICO<\/strong><\/span><\/p>\n<audio class=\"wp-audio-shortcode\" id=\"audio-386369-19\" preload=\"none\" style=\"width: 100%;\" controls=\"controls\"><source type=\"audio\/mpeg\" src=\"https:\/\/www.radiopiu.net\/wordpress\/wp-content\/uploads\/2024\/04\/AIRE-INDIA-PUNTATA-09.mp3?_=19\" \/><a href=\"https:\/\/www.radiopiu.net\/wordpress\/wp-content\/uploads\/2024\/04\/AIRE-INDIA-PUNTATA-09.mp3\">https:\/\/www.radiopiu.net\/wordpress\/wp-content\/uploads\/2024\/04\/AIRE-INDIA-PUNTATA-09.mp3<\/a><\/audio>\n<p>&nbsp;<\/p>\n<p><strong>PER VISITARE I SITI DEI LUOGHI VISITATI, CLICCA SULLE SEGUENTI SCRITTE: <span style=\"color: #0000ff;\"><a style=\"color: #0000ff;\" href=\"https:\/\/www.anganwadiproject.com\/\">ANGANWADI PROJECT<\/a>\u00a0 <a style=\"color: #0000ff;\" href=\"https:\/\/shreyasfoundation.in\/\">SHEREYAS FOUNDATION<\/a>\u00a0 <a style=\"color: #0000ff;\" href=\"https:\/\/manavsadhna.org\/\">MANAV SADHNA<\/a>\u00a0 <a style=\"color: #0000ff;\" href=\"https:\/\/www.shuklaphantanationalpark.gov.np\/en\">SHUKLAPHA NATIONAL PARK<\/a><\/span><\/strong><\/p>\n\n\t\t\t<style type='text\/css'>\n\t\t\t\t#gallery-7 {\n\t\t\t\t\tmargin: auto;\n\t\t\t\t}\n\t\t\t\t#gallery-7 .gallery-item {\n\t\t\t\t\tfloat: left;\n\t\t\t\t\tmargin-top: 10px;\n\t\t\t\t\ttext-align: center;\n\t\t\t\t\twidth: 20%;\n\t\t\t\t}\n\t\t\t\t#gallery-7 img {\n\t\t\t\t\tborder: 2px solid #cfcfcf;\n\t\t\t\t}\n\t\t\t\t#gallery-7 .gallery-caption {\n\t\t\t\t\tmargin-left: 0;\n\t\t\t\t}\n\t\t\t\t\/* see gallery_shortcode() in wp-includes\/media.php *\/\n\t\t\t<\/style>\n\t\t<div id='gallery-7' class='dt-gallery-container gallery galleryid-386369 gallery-columns-5 gallery-size-thumbnail'><dl class='gallery-item'>\n\t\t\t\t<dt class='gallery-icon landscape'>\n\t\t\t\t\t<a class=\"rollover rollover-zoom dt-pswp-item\" title=\"4e5c35db-3e12-4aec-8abd-b9138bcea54d\" data-dt-img-description=\"\" data-large_image_width=\"1600\" data-large_image_height=\"721\"href='https:\/\/www.radiopiu.net\/wordpress\/wp-content\/uploads\/2024\/04\/4e5c35db-3e12-4aec-8abd-b9138bcea54d.jpg'><img loading=\"lazy\" decoding=\"async\" width=\"150\" height=\"150\" src=\"https:\/\/www.radiopiu.net\/wordpress\/wp-content\/uploads\/2024\/04\/4e5c35db-3e12-4aec-8abd-b9138bcea54d-150x150.jpg\" class=\"attachment-thumbnail size-thumbnail\" alt=\"\" \/><\/a>\n\t\t\t\t<\/dt><\/dl><dl class='gallery-item'>\n\t\t\t\t<dt class='gallery-icon landscape'>\n\t\t\t\t\t<a class=\"rollover rollover-zoom dt-pswp-item\" title=\"d4bb193e-20e4-4204-9be2-b2094f82fa6a\" data-dt-img-description=\"\" data-large_image_width=\"1600\" data-large_image_height=\"1200\"href='https:\/\/www.radiopiu.net\/wordpress\/wp-content\/uploads\/2024\/04\/d4bb193e-20e4-4204-9be2-b2094f82fa6a.jpg'><img loading=\"lazy\" decoding=\"async\" width=\"150\" height=\"150\" src=\"https:\/\/www.radiopiu.net\/wordpress\/wp-content\/uploads\/2024\/04\/d4bb193e-20e4-4204-9be2-b2094f82fa6a-150x150.jpg\" class=\"attachment-thumbnail size-thumbnail\" alt=\"\" \/><\/a>\n\t\t\t\t<\/dt><\/dl><dl class='gallery-item'>\n\t\t\t\t<dt class='gallery-icon landscape'>\n\t\t\t\t\t<a class=\"rollover rollover-zoom dt-pswp-item\" title=\"5ca98be9-00a4-4735-8434-601bd80ffc52\" data-dt-img-description=\"\" data-large_image_width=\"1280\" data-large_image_height=\"963\"href='https:\/\/www.radiopiu.net\/wordpress\/wp-content\/uploads\/2024\/04\/5ca98be9-00a4-4735-8434-601bd80ffc52.jpg'><img loading=\"lazy\" decoding=\"async\" width=\"150\" height=\"150\" src=\"https:\/\/www.radiopiu.net\/wordpress\/wp-content\/uploads\/2024\/04\/5ca98be9-00a4-4735-8434-601bd80ffc52-150x150.jpg\" class=\"attachment-thumbnail size-thumbnail\" alt=\"\" \/><\/a>\n\t\t\t\t<\/dt><\/dl><dl class='gallery-item'>\n\t\t\t\t<dt class='gallery-icon landscape'>\n\t\t\t\t\t<a class=\"rollover rollover-zoom dt-pswp-item\" title=\"c92a92fb-a4b2-478c-9f7e-0951659e49b0\" data-dt-img-description=\"\" data-large_image_width=\"1280\" data-large_image_height=\"577\"href='https:\/\/www.radiopiu.net\/wordpress\/wp-content\/uploads\/2024\/04\/c92a92fb-a4b2-478c-9f7e-0951659e49b0.jpg'><img loading=\"lazy\" decoding=\"async\" width=\"150\" height=\"150\" src=\"https:\/\/www.radiopiu.net\/wordpress\/wp-content\/uploads\/2024\/04\/c92a92fb-a4b2-478c-9f7e-0951659e49b0-150x150.jpg\" class=\"attachment-thumbnail size-thumbnail\" alt=\"\" \/><\/a>\n\t\t\t\t<\/dt><\/dl><dl class='gallery-item'>\n\t\t\t\t<dt class='gallery-icon portrait'>\n\t\t\t\t\t<a class=\"rollover rollover-zoom dt-pswp-item\" title=\"310fc236-1ff4-421b-8683-7cd1fd0729b2\" data-dt-img-description=\"\" data-large_image_width=\"923\" data-large_image_height=\"1104\"href='https:\/\/www.radiopiu.net\/wordpress\/wp-content\/uploads\/2024\/04\/310fc236-1ff4-421b-8683-7cd1fd0729b2.jpg'><img loading=\"lazy\" decoding=\"async\" width=\"150\" height=\"150\" src=\"https:\/\/www.radiopiu.net\/wordpress\/wp-content\/uploads\/2024\/04\/310fc236-1ff4-421b-8683-7cd1fd0729b2-150x150.jpg\" class=\"attachment-thumbnail size-thumbnail\" alt=\"\" \/><\/a>\n\t\t\t\t<\/dt><\/dl><br style=\"clear: both\" \/>\n\t\t\t<\/div>\n\n<p>&nbsp;<\/p>\n<p>&nbsp;<\/p>\n<p>&nbsp;<\/p>\n","protected":false},"excerpt":{"rendered":"<p>******* &nbsp; PER RICEVERE QUESTO NOTIZIARIO DIRETTAMENTE SUL TUO CELLULARE ISCRIVITI AL CANALE TELEGRAM \u201cRADIO PIU\u00a0 INFORMAZIONE&#8221;\u00a0 \u00a0il CANALE TELEGRAM&#8230; UNISCITI A: RADIO PIU INFORMAZIONE &nbsp; &nbsp; ATTENZIONE: LA NUOVA APP PER IOS-IPHONE di Nicola Vettorello https:\/\/apps.apple.com\/it\/app\/radio-pi%C3%B9-emittente-agordina\/id1515939845 ATTENZIONE: LA NUOVA APP RADIO\u00a0 PER ANDROID di Nicola Vettorello https:\/\/play.google.com\/store\/apps\/details?id=net.radiopiu.iniko\u00a0\u00a0 &nbsp; \u00a0aggiornamento, ore 8 CARO EUGY \u201cTI&hellip;<\/p>\n","protected":false},"author":4,"featured_media":386498,"comment_status":"closed","ping_status":"closed","sticky":false,"template":"","format":"standard","meta":{"_monsterinsights_skip_tracking":false,"_monsterinsights_sitenote_active":false,"_monsterinsights_sitenote_note":"","_monsterinsights_sitenote_category":0,"footnotes":""},"categories":[51,86,49],"tags":[],"class_list":["post-386369","post","type-post","status-publish","format-standard","has-post-thumbnail","hentry","category-evidenza-top","category-gr","category-news-18","category-51","category-86","category-49","description-off"],"img_url":"https:\/\/www.radiopiu.net\/wordpress\/wp-content\/uploads\/2024\/04\/2a6b19a8-561d-4915-9b38-92a643bf5a94.jpg","_links":{"self":[{"href":"https:\/\/www.radiopiu.net\/wordpress\/wp-json\/wp\/v2\/posts\/386369","targetHints":{"allow":["GET"]}}],"collection":[{"href":"https:\/\/www.radiopiu.net\/wordpress\/wp-json\/wp\/v2\/posts"}],"about":[{"href":"https:\/\/www.radiopiu.net\/wordpress\/wp-json\/wp\/v2\/types\/post"}],"author":[{"embeddable":true,"href":"https:\/\/www.radiopiu.net\/wordpress\/wp-json\/wp\/v2\/users\/4"}],"replies":[{"embeddable":true,"href":"https:\/\/www.radiopiu.net\/wordpress\/wp-json\/wp\/v2\/comments?post=386369"}],"version-history":[{"count":0,"href":"https:\/\/www.radiopiu.net\/wordpress\/wp-json\/wp\/v2\/posts\/386369\/revisions"}],"wp:featuredmedia":[{"embeddable":true,"href":"https:\/\/www.radiopiu.net\/wordpress\/wp-json\/wp\/v2\/media\/386498"}],"wp:attachment":[{"href":"https:\/\/www.radiopiu.net\/wordpress\/wp-json\/wp\/v2\/media?parent=386369"}],"wp:term":[{"taxonomy":"category","embeddable":true,"href":"https:\/\/www.radiopiu.net\/wordpress\/wp-json\/wp\/v2\/categories?post=386369"},{"taxonomy":"post_tag","embeddable":true,"href":"https:\/\/www.radiopiu.net\/wordpress\/wp-json\/wp\/v2\/tags?post=386369"}],"curies":[{"name":"wp","href":"https:\/\/api.w.org\/{rel}","templated":true}]}}