{"id":386389,"date":"2024-04-19T07:55:55","date_gmt":"2024-04-19T05:55:55","guid":{"rendered":"https:\/\/www.radiopiu.net\/wordpress\/?p=386389"},"modified":"2024-04-19T07:58:45","modified_gmt":"2024-04-19T05:58:45","slug":"ogni-giorno-alle-8-del-mattino-la-rassegna-stampa-locale-di-mirko-mezzacasa","status":"publish","type":"post","link":"https:\/\/www.radiopiu.net\/wordpress\/ogni-giorno-alle-8-del-mattino-la-rassegna-stampa-locale-di-mirko-mezzacasa\/","title":{"rendered":"ogni giorno ALLE 8 DEL MATTINO la rassegna stampa locale di mirko mezzacasa"},"content":{"rendered":"<p>***<\/p>\n<p><iframe loading=\"lazy\" title=\"DAL 1983 LA RASSEGNA STAMPA LOCALE di mirko mezzacasa. L&#039;ORIGINALE\" width=\"1200\" height=\"675\" src=\"https:\/\/www.youtube.com\/embed\/jg6zCuTIqu8?feature=oembed\" frameborder=\"0\" allow=\"accelerometer; autoplay; clipboard-write; encrypted-media; gyroscope; picture-in-picture; web-share\" referrerpolicy=\"strict-origin-when-cross-origin\" allowfullscreen><\/iframe><\/p>\n<p>&nbsp;<\/p>\n<p><a class=\"dt-pswp-item\" href=\"https:\/\/www.radiopiu.net\/wordpress\/wp-content\/uploads\/2024\/04\/copertina-2-1.png\" data-dt-img-description=\"\" data-large_image_width=\"451\" data-large_image_height=\"320\"><img loading=\"lazy\" decoding=\"async\" class=\"size-medium wp-image-386391 alignright\" src=\"https:\/\/www.radiopiu.net\/wordpress\/wp-content\/uploads\/2024\/04\/copertina-2-1-300x213.png\" alt=\"\" width=\"300\" height=\"213\" srcset=\"https:\/\/www.radiopiu.net\/wordpress\/wp-content\/uploads\/2024\/04\/copertina-2-1-300x213.png 300w, https:\/\/www.radiopiu.net\/wordpress\/wp-content\/uploads\/2024\/04\/copertina-2-1.png 451w\" sizes=\"auto, (max-width: 300px) 100vw, 300px\" \/><\/a>AGORDO Improvvisamente Felipe Scussel Lopez ha lasciato i sui cari, il pap\u00e0 Daniele, la mamma Lidia il piccolo Samuel, cugini, zii, famigliari, parenti tutti. Oggi alle 15, i funerali in cimitero ad Agordo. \u201cSaluteremo il piccolo Felipe con un discorso ed una preghiera\u201d<br \/>\nROCCA PIETORE Da gioved\u00ec scorso l\u2019acqua dell\u2019acquedotto di Caracoi Cimai \u00e8 inquinata. A distanza di una settimana la situazione \u00e8 la medesima. Sarebbe forse il caso di intervenire con priorit\u00e0 dopo gli schianti di Vaia?<br \/>\nVOLTAGO E ROCCA PIETORE ACQUA DI NUOVO POTABILE<br \/>\nCORTINA Un uomo di 28 anni \u00e8 stato arrestato per rapina dopo aver tentato di rubare generi alimentari da un supermercato a Mestre. Durante il tentativo di fuga con un carrello pieno, ha aggredito un addetto al negozio. Dopo la direttissima, \u00e8 stato condannato a dieci mesi e 20 giorni di reclusione, con sospensione della pena e pagamento di una multa di 800 euro.<br \/>\nESSILORLUXOTTICA: IL FATTURATO DEL PRIMO TRIMESTRE AUMENTA DEL 5,5%<br \/>\n<a class=\"dt-pswp-item\" href=\"https:\/\/www.radiopiu.net\/wordpress\/wp-content\/uploads\/2024\/04\/copertina-5.png\" data-dt-img-description=\"\" data-large_image_width=\"461\" data-large_image_height=\"226\"><img loading=\"lazy\" decoding=\"async\" class=\"size-medium wp-image-386390 alignleft\" src=\"https:\/\/www.radiopiu.net\/wordpress\/wp-content\/uploads\/2024\/04\/copertina-5-300x147.png\" alt=\"\" width=\"300\" height=\"147\" srcset=\"https:\/\/www.radiopiu.net\/wordpress\/wp-content\/uploads\/2024\/04\/copertina-5-300x147.png 300w, https:\/\/www.radiopiu.net\/wordpress\/wp-content\/uploads\/2024\/04\/copertina-5.png 461w\" sizes=\"auto, (max-width: 300px) 100vw, 300px\" \/><\/a>BELLUNO Affrontato il Tema del Lupo nel Territorio Bellunese: Incontro tra Prefettura e Provincia La discussione sul lupo continua a suscitare interesse e dibattito nel territorio bellunese, con l\u2019obiettivo di trovare soluzioni sostenibili e in linea con le normative esistenti.<br \/>\nMESTRE Il 12 aprile scorso, a Mestre, i Carabinieri hanno arrestato un giovane di 28 anni, originario del Cadore, per rapina. Aveva rubato generi alimentari da un supermercato locale e aveva aggredito un dipendente nel tentativo di fuggire con la merce non pagata. \u00c8 stato arrestato<br \/>\nROMA MINISTRI E CAPO DELLA PROTEZIONE CIVILE PLAUDONO AI \u201cPIANI BOTTACIN\u201d<br \/>\nBELLUNO Parte da Mel di Borgo Valbelluna il progetto \u201cOrizzonte Attrattivit\u00e0\u201d coordinato dal Gal Prealpi e Dolomiti che coinvolge enti pubblici e realt\u00e0 private per sviluppare iniziative sul territorio in tema di attrattivit\u00e0.<br \/>\nSEGUGI E SEGUGISTI\u2026 IL XV PALIO DELLE PROVINCE SUL SITO DI RADIOPIU L&#8217;INTERVISTA A MARIO ALESSANDRO BOLDO, PRESIDENTE PROVINCIALE<br \/>\n<a class=\"dt-pswp-item\" href=\"https:\/\/www.radiopiu.net\/wordpress\/wp-content\/uploads\/2024\/04\/BARDIN-1.png\" data-dt-img-description=\"\" data-large_image_width=\"450\" data-large_image_height=\"328\"><img loading=\"lazy\" decoding=\"async\" class=\"size-medium wp-image-386378 alignright\" src=\"https:\/\/www.radiopiu.net\/wordpress\/wp-content\/uploads\/2024\/04\/BARDIN-1-300x219.png\" alt=\"\" width=\"300\" height=\"219\" srcset=\"https:\/\/www.radiopiu.net\/wordpress\/wp-content\/uploads\/2024\/04\/BARDIN-1-300x219.png 300w, https:\/\/www.radiopiu.net\/wordpress\/wp-content\/uploads\/2024\/04\/BARDIN-1.png 450w\" sizes=\"auto, (max-width: 300px) 100vw, 300px\" \/><\/a>BELLUNO LORRAINE BERTON PLAUDE LA NUOVA SQUADRA DI ORSINI, PRESIDENTE DI CONFINDUSTRIA<br \/>\nLAVORI ALL\u2019UFFICIO POSTALE DI AGORDO. DA MERCOLEDI\u2019 IN FUNZIONE L\u2019UFFICIO MOBILE<br \/>\nALLE 18.10 ALLA RADIO, QUESTA SERA AL NOF FILO&#8217; DI CENCENIGHE LE INIZIATIVE DI PETTIROSSO AGORDINO ALLA RADIO OSPITI, LAURA MIANA (PSICOLOGA) SONIA D\u2019AGOSTINI (PRESIDENTE PETTIROSSO AGORDINO)<br \/>\nAGORDO Lunedi alle 8.30 del mattino consiglio comunale ad Agordo. All\u2019ordine del giorno l\u2019approvazione del bilancio (annuale e pluriennale) dell\u2019Azienda Speciale Consortile Agordina; approvazione rendiconto di gestione e adozione del Pat, piano di assetto del territorio. DIRETTA SUI CANALI SOCIAL DI RADIOPIU<br \/>\nVOLTAGO La cittadinanza della frazione di Frassen\u00e8 Agordino \u00e8 convocata per l\u2019assemblea dei frazionisti prevista per gioved\u00ec 9 maggio alle 18 all\u2019ex Scuola Paolo Mosca<br \/>\nCENCENIGHE Il Centro Internazionale del Libro Parlato di Feltre organizza una serata a Cencenighe dal titolo \u201cI Libri Parlano\u201d, con letture dal vivo e molte informazioni. Luisa Alchini, presidente del CILP, modera l\u2019evento con la partecipazione dei consiglieri Loredana Borghetto, Raffaela Bellot e Fabio Dalla Zuanna. L\u2019evento si terr\u00e0 oggi alle 18:00 nella Sala Consiliare Comunale di Cencenighe<br \/>\nBELLUNO DOMANI LA GIORNATA DELLA RIPARAZIONE, DEL RICICLO E DEL RIUSO<\/p>\n<p>&nbsp;<\/p>\n<p>&nbsp;<\/p>\n<p>&nbsp;<\/p>\n<p>&nbsp;<\/p>\n","protected":false},"excerpt":{"rendered":"<p>*** &nbsp; AGORDO Improvvisamente Felipe Scussel Lopez ha lasciato i sui cari, il pap\u00e0 Daniele, la mamma Lidia il piccolo Samuel, cugini, zii, famigliari, parenti tutti. Oggi alle 15, i funerali in cimitero ad Agordo. \u201cSaluteremo il piccolo Felipe con un discorso ed una preghiera\u201d ROCCA PIETORE Da gioved\u00ec scorso l\u2019acqua dell\u2019acquedotto di Caracoi Cimai&hellip;<\/p>\n","protected":false},"author":4,"featured_media":386391,"comment_status":"closed","ping_status":"closed","sticky":false,"template":"","format":"standard","meta":{"_monsterinsights_skip_tracking":false,"_monsterinsights_sitenote_active":false,"_monsterinsights_sitenote_note":"","_monsterinsights_sitenote_category":0,"footnotes":""},"categories":[51,49,142],"tags":[],"class_list":["post-386389","post","type-post","status-publish","format-standard","has-post-thumbnail","hentry","category-evidenza-top","category-news-18","category-rassegna-stampa","category-51","category-49","category-142","description-off"],"img_url":"https:\/\/www.radiopiu.net\/wordpress\/wp-content\/uploads\/2024\/04\/copertina-2-1.png","_links":{"self":[{"href":"https:\/\/www.radiopiu.net\/wordpress\/wp-json\/wp\/v2\/posts\/386389","targetHints":{"allow":["GET"]}}],"collection":[{"href":"https:\/\/www.radiopiu.net\/wordpress\/wp-json\/wp\/v2\/posts"}],"about":[{"href":"https:\/\/www.radiopiu.net\/wordpress\/wp-json\/wp\/v2\/types\/post"}],"author":[{"embeddable":true,"href":"https:\/\/www.radiopiu.net\/wordpress\/wp-json\/wp\/v2\/users\/4"}],"replies":[{"embeddable":true,"href":"https:\/\/www.radiopiu.net\/wordpress\/wp-json\/wp\/v2\/comments?post=386389"}],"version-history":[{"count":0,"href":"https:\/\/www.radiopiu.net\/wordpress\/wp-json\/wp\/v2\/posts\/386389\/revisions"}],"wp:featuredmedia":[{"embeddable":true,"href":"https:\/\/www.radiopiu.net\/wordpress\/wp-json\/wp\/v2\/media\/386391"}],"wp:attachment":[{"href":"https:\/\/www.radiopiu.net\/wordpress\/wp-json\/wp\/v2\/media?parent=386389"}],"wp:term":[{"taxonomy":"category","embeddable":true,"href":"https:\/\/www.radiopiu.net\/wordpress\/wp-json\/wp\/v2\/categories?post=386389"},{"taxonomy":"post_tag","embeddable":true,"href":"https:\/\/www.radiopiu.net\/wordpress\/wp-json\/wp\/v2\/tags?post=386389"}],"curies":[{"name":"wp","href":"https:\/\/api.w.org\/{rel}","templated":true}]}}