{"id":386450,"date":"2024-04-26T05:10:40","date_gmt":"2024-04-26T03:10:40","guid":{"rendered":"https:\/\/www.radiopiu.net\/wordpress\/?p=386450"},"modified":"2024-04-26T05:10:26","modified_gmt":"2024-04-26T03:10:26","slug":"la-primavera-a-san","status":"publish","type":"post","link":"https:\/\/www.radiopiu.net\/wordpress\/la-primavera-a-san\/","title":{"rendered":"LA PRIMAVERA  A SAN MARTINO D&#8217;ALPAGO"},"content":{"rendered":"<p>*****<\/p>\n<p>&nbsp;<\/p>\n\n\t\t\t<style type='text\/css'>\n\t\t\t\t#gallery-1 {\n\t\t\t\t\tmargin: auto;\n\t\t\t\t}\n\t\t\t\t#gallery-1 .gallery-item {\n\t\t\t\t\tfloat: left;\n\t\t\t\t\tmargin-top: 10px;\n\t\t\t\t\ttext-align: center;\n\t\t\t\t\twidth: 20%;\n\t\t\t\t}\n\t\t\t\t#gallery-1 img {\n\t\t\t\t\tborder: 2px solid #cfcfcf;\n\t\t\t\t}\n\t\t\t\t#gallery-1 .gallery-caption {\n\t\t\t\t\tmargin-left: 0;\n\t\t\t\t}\n\t\t\t\t\/* see gallery_shortcode() in wp-includes\/media.php *\/\n\t\t\t<\/style>\n\t\t<div id='gallery-1' class='dt-gallery-container gallery galleryid-386450 gallery-columns-5 gallery-size-thumbnail'><dl class='gallery-item'>\n\t\t\t\t<dt class='gallery-icon landscape'>\n\t\t\t\t\t<a class=\"rollover rollover-zoom dt-pswp-item\" title=\"67a64e5c-2e54-49c8-8caf-45acaba7afb8\" data-dt-img-description=\"\" data-large_image_width=\"1600\" data-large_image_height=\"1599\"href='https:\/\/www.radiopiu.net\/wordpress\/wp-content\/uploads\/2024\/04\/67a64e5c-2e54-49c8-8caf-45acaba7afb8.jpg'><img loading=\"lazy\" decoding=\"async\" width=\"150\" height=\"150\" src=\"https:\/\/www.radiopiu.net\/wordpress\/wp-content\/uploads\/2024\/04\/67a64e5c-2e54-49c8-8caf-45acaba7afb8-150x150.jpg\" class=\"attachment-thumbnail size-thumbnail\" alt=\"\" srcset=\"https:\/\/www.radiopiu.net\/wordpress\/wp-content\/uploads\/2024\/04\/67a64e5c-2e54-49c8-8caf-45acaba7afb8-150x150.jpg 150w, https:\/\/www.radiopiu.net\/wordpress\/wp-content\/uploads\/2024\/04\/67a64e5c-2e54-49c8-8caf-45acaba7afb8-300x300.jpg 300w, https:\/\/www.radiopiu.net\/wordpress\/wp-content\/uploads\/2024\/04\/67a64e5c-2e54-49c8-8caf-45acaba7afb8-1024x1024.jpg 1024w, https:\/\/www.radiopiu.net\/wordpress\/wp-content\/uploads\/2024\/04\/67a64e5c-2e54-49c8-8caf-45acaba7afb8-768x768.jpg 768w, https:\/\/www.radiopiu.net\/wordpress\/wp-content\/uploads\/2024\/04\/67a64e5c-2e54-49c8-8caf-45acaba7afb8-1536x1536.jpg 1536w, https:\/\/www.radiopiu.net\/wordpress\/wp-content\/uploads\/2024\/04\/67a64e5c-2e54-49c8-8caf-45acaba7afb8.jpg 1600w\" sizes=\"auto, (max-width: 150px) 100vw, 150px\" \/><\/a>\n\t\t\t\t<\/dt><\/dl><dl class='gallery-item'>\n\t\t\t\t<dt class='gallery-icon portrait'>\n\t\t\t\t\t<a class=\"rollover rollover-zoom dt-pswp-item\" title=\"c7f47f7e-529a-4451-a36b-1e24e6f82d27\" data-dt-img-description=\"\" data-large_image_width=\"1200\" data-large_image_height=\"1600\"href='https:\/\/www.radiopiu.net\/wordpress\/wp-content\/uploads\/2024\/04\/c7f47f7e-529a-4451-a36b-1e24e6f82d27.jpg'><img loading=\"lazy\" decoding=\"async\" width=\"150\" height=\"150\" src=\"https:\/\/www.radiopiu.net\/wordpress\/wp-content\/uploads\/2024\/04\/c7f47f7e-529a-4451-a36b-1e24e6f82d27-150x150.jpg\" class=\"attachment-thumbnail size-thumbnail\" alt=\"\" \/><\/a>\n\t\t\t\t<\/dt><\/dl><dl class='gallery-item'>\n\t\t\t\t<dt class='gallery-icon portrait'>\n\t\t\t\t\t<a class=\"rollover rollover-zoom dt-pswp-item\" title=\"dadacd3e-b355-47bb-a636-d281afc2f268\" data-dt-img-description=\"\" data-large_image_width=\"923\" data-large_image_height=\"1600\"href='https:\/\/www.radiopiu.net\/wordpress\/wp-content\/uploads\/2024\/04\/dadacd3e-b355-47bb-a636-d281afc2f268.jpg'><img loading=\"lazy\" decoding=\"async\" width=\"150\" height=\"150\" src=\"https:\/\/www.radiopiu.net\/wordpress\/wp-content\/uploads\/2024\/04\/dadacd3e-b355-47bb-a636-d281afc2f268-150x150.jpg\" class=\"attachment-thumbnail size-thumbnail\" alt=\"\" \/><\/a>\n\t\t\t\t<\/dt><\/dl><dl class='gallery-item'>\n\t\t\t\t<dt class='gallery-icon portrait'>\n\t\t\t\t\t<a class=\"rollover rollover-zoom dt-pswp-item\" title=\"1a1387fe-95a1-404a-9fe6-bc7ae635d2c4\" data-dt-img-description=\"\" data-large_image_width=\"1200\" data-large_image_height=\"1600\"href='https:\/\/www.radiopiu.net\/wordpress\/wp-content\/uploads\/2024\/04\/1a1387fe-95a1-404a-9fe6-bc7ae635d2c4.jpg'><img loading=\"lazy\" decoding=\"async\" width=\"150\" height=\"150\" src=\"https:\/\/www.radiopiu.net\/wordpress\/wp-content\/uploads\/2024\/04\/1a1387fe-95a1-404a-9fe6-bc7ae635d2c4-150x150.jpg\" class=\"attachment-thumbnail size-thumbnail\" alt=\"\" \/><\/a>\n\t\t\t\t<\/dt><\/dl><dl class='gallery-item'>\n\t\t\t\t<dt class='gallery-icon portrait'>\n\t\t\t\t\t<a class=\"rollover rollover-zoom dt-pswp-item\" title=\"e6c74b89-ff93-4765-830b-8dfe4c861134\" data-dt-img-description=\"\" data-large_image_width=\"1536\" data-large_image_height=\"2048\"href='https:\/\/www.radiopiu.net\/wordpress\/wp-content\/uploads\/2024\/04\/e6c74b89-ff93-4765-830b-8dfe4c861134.jpg'><img loading=\"lazy\" decoding=\"async\" width=\"150\" height=\"150\" src=\"https:\/\/www.radiopiu.net\/wordpress\/wp-content\/uploads\/2024\/04\/e6c74b89-ff93-4765-830b-8dfe4c861134-150x150.jpg\" class=\"attachment-thumbnail size-thumbnail\" alt=\"\" \/><\/a>\n\t\t\t\t<\/dt><\/dl><br style=\"clear: both\" \/>\n\t\t\t<\/div>\n\n<p>&nbsp;<\/p>\n<p><strong>REDAZIONE<\/strong> Il progetto Casere Art&amp;Nature nel territorio dell\u2019Alto Alpago comprende 7 casere ristrutturate, con una capacit\u00e0 massima di 30 posti letto ciascuna. Avviato 6 anni fa, offre alloggi di alta qualit\u00e0, ognuno con una mini spa. Promosso da 5 imprenditori, mira allo sviluppo locale. Una app fornisce percorsi per passeggiate e escursioni in mtb. Un percorso artistico, realizzato con l&#8217;artista locale Raul Barattin, connette le casere, aperto a tutti. L&#8217;investimento di 50.000 \u20ac \u00e8 sostenuto da Union Camere, sponsor locali e Casere Luxury Lodges. Il 27, passeggiata e presentazione del progetto, seguiti dalla festa della primavera di San Martino con cena e musica.<\/p>\n<p><strong>L&#8217;INTERVISTA A CLAUDIO DAL BORGO<\/strong><\/p>\n<audio class=\"wp-audio-shortcode\" id=\"audio-386450-1\" preload=\"none\" style=\"width: 100%;\" controls=\"controls\"><source type=\"audio\/mpeg\" src=\"https:\/\/www.radiopiu.net\/wordpress\/wp-content\/uploads\/2024\/04\/CLAUDIO-DAL-BORGO-LUXURY.mp3?_=1\" \/><a href=\"https:\/\/www.radiopiu.net\/wordpress\/wp-content\/uploads\/2024\/04\/CLAUDIO-DAL-BORGO-LUXURY.mp3\">https:\/\/www.radiopiu.net\/wordpress\/wp-content\/uploads\/2024\/04\/CLAUDIO-DAL-BORGO-LUXURY.mp3<\/a><\/audio>\n<p>&nbsp;<\/p>\n<p>&nbsp;<\/p>\n<p>Arte, buon cibo e musica nella splendida cornice dell\u2019Alpago. Oltre a un\u2019app in grado di mostrare i pi\u00f9 bei percorsi della conca. Manca ormai pochissimo alla presentazione di \u201cCasere Art&amp;Nature\u201d, un progetto ideato dai soci delle Casere Luxury Lodges &#8211; Agriturismo ricettivo che sar\u00e0 presentato alla cittadinanza questo fine settimana. L\u2019obiettivo \u00e8 quello di rilanciare il territorio e dimostrare che investire sulla qualit\u00e0, alla fine, premia e pu\u00f2 diventare un magnifico volano per il turismo. L\u2019evento \u00e8 previsto per sabato 27 aprile. Si partir\u00e0 subito dopo pranzo con l\u2019inaugurazione del percorso artistico delle Casere, dove i visitatori potranno ammirare le nuove installazioni dell\u2019artista Raul Barattin. Ecco il programma: alle 13.30 ritrovo a San Martino e trasferimento in navetta a Cadol-Irrighe; ore 14 partenza del giro da Cadol-Irrighe per la camminata di 10 chilometri alla scoperta delle nuove opere di Barattin, con stuzzichini e bevande lungo il percorso; ore 18 rientro a San Martino per assistere alla presentazione del progetto \u201cCasere Art&amp;Nature\u201d nella struttura polifunzionale.Dalle 19.30 la serata organizzata dal gruppo giovani di San Martino con apertura dello stand gastronomico e dalle 21 party night con \u201cBelluno di Notte 1990\u201d.<br \/>\n\u201cIl progetto delle Casere \u00e8 nato 6 anni fa con l&#8217; apertura della prima casera \u2013 spiega uno dei soci di Casere Luxury Lodges, Piergiorgio Fagherazzi \u2013alla quale se ne sono aggiunte altre 6 per un totale di 30 posti letto . Si tratta di casere arredate in modo molto accurato con una mini spa a disposizione degli ospiti. Quando siamo partiti, ci siamo chiesti: cosa possiamo offrire ai turisti che visitano l\u2019Alpago? La risposta \u00e8 stata immediata: i nostri punti forti sono la gastronomia e il paesaggio, ma ci sono talmente tanti posti belli che il rischio \u00e8 di perdersi. Quindi, abbiamo pensato di sviluppare un\u2019applicazione che permetta al turista di scoprire e scegliere dal telefonino le passeggiate e i percorsi dell\u2019Alpago (anche quelli in mtb!)\u201d. L\u2019app \u00e8 un \u201cwork in progress\u201d. \u00c8 gi\u00e0 stata avviata la mappatura del territorio e l\u2019inserimento di circa 15 percorsi; piano piano verranno inseriti anche tutti gli altri. \u201cPoco dopo \u2013 aggiunge Fagherazzi \u2013 \u00e8 nata l\u2019idea di creare un percorso artistico che colleghi tutte le nostre casere e di cui possano godere tutti coloro che frequentano le nostre montagne e non solo i nostri ospiti. Lungo il tragitto i turisti potranno ammirare quattro opere di Raul Barattin, artista molto conosciuto , premiato anche a livello nazionale, che \u00e8 nato e vive in Alpago\u201d. Il progetto, del costo complessivo di circa 50mila euro, \u00e8 stato per la maggior parte finanziato dai soci delle Casere Luxury Lodges, con un contributo della Provincia di Belluno e di alcuni sponsor privati locali e con la preziosa collaborazione e contributo del gruppo giovani di San Martino, delle regole di Montanes e di Irrighe e del comune di Chies<br \/>\nPer info sull\u2019evento, a cui \u00e8 necessario prenotarsi, chiamare il numero 347-1821022. Il costo di partecipazione alla camminata \u00e8 di 15 euro (massimo 150 partecipanti!).<\/p>\n<p>&nbsp;<\/p>\n\n\t\t\t<style type='text\/css'>\n\t\t\t\t#gallery-2 {\n\t\t\t\t\tmargin: auto;\n\t\t\t\t}\n\t\t\t\t#gallery-2 .gallery-item {\n\t\t\t\t\tfloat: left;\n\t\t\t\t\tmargin-top: 10px;\n\t\t\t\t\ttext-align: center;\n\t\t\t\t\twidth: 25%;\n\t\t\t\t}\n\t\t\t\t#gallery-2 img {\n\t\t\t\t\tborder: 2px solid #cfcfcf;\n\t\t\t\t}\n\t\t\t\t#gallery-2 .gallery-caption {\n\t\t\t\t\tmargin-left: 0;\n\t\t\t\t}\n\t\t\t\t\/* see gallery_shortcode() in wp-includes\/media.php *\/\n\t\t\t<\/style>\n\t\t<div id='gallery-2' class='dt-gallery-container gallery galleryid-386450 gallery-columns-4 gallery-size-medium'><dl class='gallery-item'>\n\t\t\t\t<dt class='gallery-icon portrait'>\n\t\t\t\t\t<a class=\"rollover rollover-zoom dt-pswp-item\" title=\"9ae1cfb7-3de7-4222-9475-90a74c5b1d26\" data-dt-img-description=\"\" data-large_image_width=\"1225\" data-large_image_height=\"1600\"href='https:\/\/www.radiopiu.net\/wordpress\/wp-content\/uploads\/2024\/04\/9ae1cfb7-3de7-4222-9475-90a74c5b1d26.jpg'><img loading=\"lazy\" decoding=\"async\" width=\"230\" height=\"300\" src=\"https:\/\/www.radiopiu.net\/wordpress\/wp-content\/uploads\/2024\/04\/9ae1cfb7-3de7-4222-9475-90a74c5b1d26-230x300.jpg\" class=\"attachment-medium size-medium\" alt=\"\" srcset=\"https:\/\/www.radiopiu.net\/wordpress\/wp-content\/uploads\/2024\/04\/9ae1cfb7-3de7-4222-9475-90a74c5b1d26-230x300.jpg 230w, https:\/\/www.radiopiu.net\/wordpress\/wp-content\/uploads\/2024\/04\/9ae1cfb7-3de7-4222-9475-90a74c5b1d26-784x1024.jpg 784w, https:\/\/www.radiopiu.net\/wordpress\/wp-content\/uploads\/2024\/04\/9ae1cfb7-3de7-4222-9475-90a74c5b1d26-768x1003.jpg 768w, https:\/\/www.radiopiu.net\/wordpress\/wp-content\/uploads\/2024\/04\/9ae1cfb7-3de7-4222-9475-90a74c5b1d26-1176x1536.jpg 1176w, https:\/\/www.radiopiu.net\/wordpress\/wp-content\/uploads\/2024\/04\/9ae1cfb7-3de7-4222-9475-90a74c5b1d26.jpg 1225w\" sizes=\"auto, (max-width: 230px) 100vw, 230px\" \/><\/a>\n\t\t\t\t<\/dt><\/dl><dl class='gallery-item'>\n\t\t\t\t<dt class='gallery-icon portrait'>\n\t\t\t\t\t<a class=\"rollover rollover-zoom dt-pswp-item\" title=\"187a54df-3b3e-4ba0-8bd7-cb897731e9a9\" data-dt-img-description=\"\" data-large_image_width=\"1264\" data-large_image_height=\"1600\"href='https:\/\/www.radiopiu.net\/wordpress\/wp-content\/uploads\/2024\/04\/187a54df-3b3e-4ba0-8bd7-cb897731e9a9.jpg'><img loading=\"lazy\" decoding=\"async\" width=\"237\" height=\"300\" src=\"https:\/\/www.radiopiu.net\/wordpress\/wp-content\/uploads\/2024\/04\/187a54df-3b3e-4ba0-8bd7-cb897731e9a9-237x300.jpg\" class=\"attachment-medium size-medium\" alt=\"\" srcset=\"https:\/\/www.radiopiu.net\/wordpress\/wp-content\/uploads\/2024\/04\/187a54df-3b3e-4ba0-8bd7-cb897731e9a9-237x300.jpg 237w, https:\/\/www.radiopiu.net\/wordpress\/wp-content\/uploads\/2024\/04\/187a54df-3b3e-4ba0-8bd7-cb897731e9a9-809x1024.jpg 809w, https:\/\/www.radiopiu.net\/wordpress\/wp-content\/uploads\/2024\/04\/187a54df-3b3e-4ba0-8bd7-cb897731e9a9-768x972.jpg 768w, https:\/\/www.radiopiu.net\/wordpress\/wp-content\/uploads\/2024\/04\/187a54df-3b3e-4ba0-8bd7-cb897731e9a9-1213x1536.jpg 1213w, https:\/\/www.radiopiu.net\/wordpress\/wp-content\/uploads\/2024\/04\/187a54df-3b3e-4ba0-8bd7-cb897731e9a9.jpg 1264w\" sizes=\"auto, (max-width: 237px) 100vw, 237px\" \/><\/a>\n\t\t\t\t<\/dt><\/dl><dl class='gallery-item'>\n\t\t\t\t<dt class='gallery-icon portrait'>\n\t\t\t\t\t<a class=\"rollover rollover-zoom dt-pswp-item\" title=\"a03e60b6-4001-4e22-90bf-5943e99abb7d\" data-dt-img-description=\"\" data-large_image_width=\"1222\" data-large_image_height=\"1600\"href='https:\/\/www.radiopiu.net\/wordpress\/wp-content\/uploads\/2024\/04\/a03e60b6-4001-4e22-90bf-5943e99abb7d.jpg'><img loading=\"lazy\" decoding=\"async\" width=\"229\" height=\"300\" src=\"https:\/\/www.radiopiu.net\/wordpress\/wp-content\/uploads\/2024\/04\/a03e60b6-4001-4e22-90bf-5943e99abb7d-229x300.jpg\" class=\"attachment-medium size-medium\" alt=\"\" srcset=\"https:\/\/www.radiopiu.net\/wordpress\/wp-content\/uploads\/2024\/04\/a03e60b6-4001-4e22-90bf-5943e99abb7d-229x300.jpg 229w, https:\/\/www.radiopiu.net\/wordpress\/wp-content\/uploads\/2024\/04\/a03e60b6-4001-4e22-90bf-5943e99abb7d-782x1024.jpg 782w, https:\/\/www.radiopiu.net\/wordpress\/wp-content\/uploads\/2024\/04\/a03e60b6-4001-4e22-90bf-5943e99abb7d-768x1006.jpg 768w, https:\/\/www.radiopiu.net\/wordpress\/wp-content\/uploads\/2024\/04\/a03e60b6-4001-4e22-90bf-5943e99abb7d-1173x1536.jpg 1173w, https:\/\/www.radiopiu.net\/wordpress\/wp-content\/uploads\/2024\/04\/a03e60b6-4001-4e22-90bf-5943e99abb7d.jpg 1222w\" sizes=\"auto, (max-width: 229px) 100vw, 229px\" \/><\/a>\n\t\t\t\t<\/dt><\/dl><dl class='gallery-item'>\n\t\t\t\t<dt class='gallery-icon portrait'>\n\t\t\t\t\t<a class=\"rollover rollover-zoom dt-pswp-item\" title=\"0cbac3d1-14c7-45dc-825b-3302931d1e5f\" data-dt-img-description=\"\" data-large_image_width=\"1219\" data-large_image_height=\"1600\"href='https:\/\/www.radiopiu.net\/wordpress\/wp-content\/uploads\/2024\/04\/0cbac3d1-14c7-45dc-825b-3302931d1e5f.jpg'><img loading=\"lazy\" decoding=\"async\" width=\"229\" height=\"300\" src=\"https:\/\/www.radiopiu.net\/wordpress\/wp-content\/uploads\/2024\/04\/0cbac3d1-14c7-45dc-825b-3302931d1e5f-229x300.jpg\" class=\"attachment-medium size-medium\" alt=\"\" srcset=\"https:\/\/www.radiopiu.net\/wordpress\/wp-content\/uploads\/2024\/04\/0cbac3d1-14c7-45dc-825b-3302931d1e5f-229x300.jpg 229w, https:\/\/www.radiopiu.net\/wordpress\/wp-content\/uploads\/2024\/04\/0cbac3d1-14c7-45dc-825b-3302931d1e5f-780x1024.jpg 780w, https:\/\/www.radiopiu.net\/wordpress\/wp-content\/uploads\/2024\/04\/0cbac3d1-14c7-45dc-825b-3302931d1e5f-768x1008.jpg 768w, https:\/\/www.radiopiu.net\/wordpress\/wp-content\/uploads\/2024\/04\/0cbac3d1-14c7-45dc-825b-3302931d1e5f-1170x1536.jpg 1170w, https:\/\/www.radiopiu.net\/wordpress\/wp-content\/uploads\/2024\/04\/0cbac3d1-14c7-45dc-825b-3302931d1e5f.jpg 1219w\" sizes=\"auto, (max-width: 229px) 100vw, 229px\" \/><\/a>\n\t\t\t\t<\/dt><\/dl><br style=\"clear: both\" \/>\n\t\t\t<\/div>\n\n<p>&nbsp;<\/p>\n<p>&nbsp;<\/p>\n<p>********<\/p>\n","protected":false},"excerpt":{"rendered":"<p>***** &nbsp; &nbsp; REDAZIONE Il progetto Casere Art&amp;Nature nel territorio dell\u2019Alto Alpago comprende 7 casere ristrutturate, con una capacit\u00e0 massima di 30 posti letto ciascuna. Avviato 6 anni fa, offre alloggi di alta qualit\u00e0, ognuno con una mini spa. Promosso da 5 imprenditori, mira allo sviluppo locale. Una app fornisce percorsi per passeggiate e escursioni&hellip;<\/p>\n","protected":false},"author":4,"featured_media":386456,"comment_status":"closed","ping_status":"closed","sticky":false,"template":"","format":"standard","meta":{"_monsterinsights_skip_tracking":false,"_monsterinsights_sitenote_active":false,"_monsterinsights_sitenote_note":"","_monsterinsights_sitenote_category":0,"footnotes":""},"categories":[51,49],"tags":[],"class_list":["post-386450","post","type-post","status-publish","format-standard","has-post-thumbnail","hentry","category-evidenza-top","category-news-18","category-51","category-49","description-off"],"img_url":"https:\/\/www.radiopiu.net\/wordpress\/wp-content\/uploads\/2024\/04\/PRIM-SAN-MAR.jpg","_links":{"self":[{"href":"https:\/\/www.radiopiu.net\/wordpress\/wp-json\/wp\/v2\/posts\/386450","targetHints":{"allow":["GET"]}}],"collection":[{"href":"https:\/\/www.radiopiu.net\/wordpress\/wp-json\/wp\/v2\/posts"}],"about":[{"href":"https:\/\/www.radiopiu.net\/wordpress\/wp-json\/wp\/v2\/types\/post"}],"author":[{"embeddable":true,"href":"https:\/\/www.radiopiu.net\/wordpress\/wp-json\/wp\/v2\/users\/4"}],"replies":[{"embeddable":true,"href":"https:\/\/www.radiopiu.net\/wordpress\/wp-json\/wp\/v2\/comments?post=386450"}],"version-history":[{"count":0,"href":"https:\/\/www.radiopiu.net\/wordpress\/wp-json\/wp\/v2\/posts\/386450\/revisions"}],"wp:featuredmedia":[{"embeddable":true,"href":"https:\/\/www.radiopiu.net\/wordpress\/wp-json\/wp\/v2\/media\/386456"}],"wp:attachment":[{"href":"https:\/\/www.radiopiu.net\/wordpress\/wp-json\/wp\/v2\/media?parent=386450"}],"wp:term":[{"taxonomy":"category","embeddable":true,"href":"https:\/\/www.radiopiu.net\/wordpress\/wp-json\/wp\/v2\/categories?post=386450"},{"taxonomy":"post_tag","embeddable":true,"href":"https:\/\/www.radiopiu.net\/wordpress\/wp-json\/wp\/v2\/tags?post=386450"}],"curies":[{"name":"wp","href":"https:\/\/api.w.org\/{rel}","templated":true}]}}