{"id":386560,"date":"2024-04-22T05:46:45","date_gmt":"2024-04-22T03:46:45","guid":{"rendered":"https:\/\/www.radiopiu.net\/wordpress\/?p=386560"},"modified":"2024-04-22T09:32:03","modified_gmt":"2024-04-22T07:32:03","slug":"giornale-radiopiu-22-aprile-2024-direttore-mirko-mezzacasada-40-anni-25-giugno-1983-25-giugno-2023","status":"publish","type":"post","link":"https:\/\/www.radiopiu.net\/wordpress\/giornale-radiopiu-22-aprile-2024-direttore-mirko-mezzacasada-40-anni-25-giugno-1983-25-giugno-2023\/","title":{"rendered":"GIORNALE RADIOPIU 22 APRILE 2024 DIRETTORE MIRKO MEZZACASA\u2026DA 40 ANNI 25 GIUGNO 1983-25 GIUGNO 2023"},"content":{"rendered":"<p>*******<\/p>\n<p>&nbsp;<\/p>\n<h3><a href=\"https:\/\/www.radiopiu.net\/wordpress\/giornale-radiopiu-24-gennaio-2021-direttore-mirko-mezzacasa\/141433770_171616291414874_2957460898102012198_n\/\" rel=\"attachment wp-att-186566\"><img loading=\"lazy\" decoding=\"async\" class=\"wp-image-186566 alignleft\" src=\"https:\/\/www.radiopiu.net\/wordpress\/wp-content\/uploads\/2021\/01\/141433770_171616291414874_2957460898102012198_n-300x300.jpg\" alt=\"\" width=\"144\" height=\"144\" srcset=\"https:\/\/www.radiopiu.net\/wordpress\/wp-content\/uploads\/2021\/01\/141433770_171616291414874_2957460898102012198_n-300x300.jpg 300w, https:\/\/www.radiopiu.net\/wordpress\/wp-content\/uploads\/2021\/01\/141433770_171616291414874_2957460898102012198_n-150x150.jpg 150w, https:\/\/www.radiopiu.net\/wordpress\/wp-content\/uploads\/2021\/01\/141433770_171616291414874_2957460898102012198_n-768x768.jpg 768w, https:\/\/www.radiopiu.net\/wordpress\/wp-content\/uploads\/2021\/01\/141433770_171616291414874_2957460898102012198_n.jpg 800w\" sizes=\"auto, (max-width: 144px) 100vw, 144px\" \/><\/a>PER<strong> RICEVERE QUESTO NOTIZIARIO DIRETTAMENTE SUL TUO CELLULARE ISCRIVITI AL CANALE TELEGRAM <\/strong><strong>\u201cRADIO PIU\u00a0 INFORMAZIONE&#8221;\u00a0<\/strong><\/h3>\n<h3>\u00a0il CANALE TELEGRAM&#8230; UNISCITI A: RADIO PIU INFORMAZIONE<\/h3>\n<p>&nbsp;<\/p>\n<p>&nbsp;<\/p>\n<p><em><a href=\"https:\/\/www.radiopiu.net\/wordpress\/giornale-radiopiu-24-gennaio-2021-direttore-mirko-mezzacasa\/79216601_126817312416448_708980208774483089_n\/\" rel=\"attachment wp-att-186567\"><img loading=\"lazy\" decoding=\"async\" class=\"size-medium wp-image-186567 alignright\" src=\"https:\/\/www.radiopiu.net\/wordpress\/wp-content\/uploads\/2021\/01\/79216601_126817312416448_708980208774483089_n-300x114.jpg\" alt=\"\" width=\"300\" height=\"114\" srcset=\"https:\/\/www.radiopiu.net\/wordpress\/wp-content\/uploads\/2021\/01\/79216601_126817312416448_708980208774483089_n-300x114.jpg 300w, https:\/\/www.radiopiu.net\/wordpress\/wp-content\/uploads\/2021\/01\/79216601_126817312416448_708980208774483089_n-768x292.jpg 768w, https:\/\/www.radiopiu.net\/wordpress\/wp-content\/uploads\/2021\/01\/79216601_126817312416448_708980208774483089_n.jpg 820w\" sizes=\"auto, (max-width: 300px) 100vw, 300px\" \/><\/a><span style=\"color: #ff0000;\">ATTENZIONE: LA NUOVA APP PER IOS-IPHONE di Nicola Vettorello <\/span><\/em><a href=\"https:\/\/apps.apple.com\/it\/app\/radio-pi%C3%B9-emittente-agordina\/id1515939845\">https:\/\/apps.apple.com\/it\/app\/radio-pi%C3%B9-emittente-agordina\/id1515939845<\/a><\/p>\n<p><em style=\"color: #ff0000;\">ATTENZIONE: LA NUOVA APP RADIO\u00a0 PER ANDROID di Nicola Vettorello<\/em><\/p>\n<p><a href=\"https:\/\/play.google.com\/store\/apps\/details?id=net.radiopiu.iniko\" target=\"_blank\" rel=\"noopener noreferrer\">https:\/\/play.google.com\/store\/apps\/details?id=net.radiopiu.iniko\u00a0\u00a0<\/a><\/p>\n<h3 class=\"kvgmc6g5 cxmmr5t8 oygrvhab hcukyx3x c1et5uql\"><\/h3>\n<hr \/>\n<p>&nbsp;<\/p>\n<p><strong>ALLEGHE, PRIMAVERA 2024 lunedi 22 aprile ore 6.40<\/strong><\/p>\n\n\t\t\t<style type='text\/css'>\n\t\t\t\t#gallery-1 {\n\t\t\t\t\tmargin: auto;\n\t\t\t\t}\n\t\t\t\t#gallery-1 .gallery-item {\n\t\t\t\t\tfloat: left;\n\t\t\t\t\tmargin-top: 10px;\n\t\t\t\t\ttext-align: center;\n\t\t\t\t\twidth: 50%;\n\t\t\t\t}\n\t\t\t\t#gallery-1 img {\n\t\t\t\t\tborder: 2px solid #cfcfcf;\n\t\t\t\t}\n\t\t\t\t#gallery-1 .gallery-caption {\n\t\t\t\t\tmargin-left: 0;\n\t\t\t\t}\n\t\t\t\t\/* see gallery_shortcode() in wp-includes\/media.php *\/\n\t\t\t<\/style>\n\t\t<div id='gallery-1' class='dt-gallery-container gallery galleryid-386560 gallery-columns-2 gallery-size-medium'><dl class='gallery-item'>\n\t\t\t\t<dt class='gallery-icon landscape'>\n\t\t\t\t\t<a class=\"rollover rollover-zoom dt-pswp-item\" title=\"904bd207-45f2-4852-93c3-48f1d30f1ed7\" data-dt-img-description=\"\" data-large_image_width=\"1600\" data-large_image_height=\"900\"href='https:\/\/www.radiopiu.net\/wordpress\/wp-content\/uploads\/2024\/04\/904bd207-45f2-4852-93c3-48f1d30f1ed7.jpg'><img loading=\"lazy\" decoding=\"async\" width=\"300\" height=\"169\" src=\"https:\/\/www.radiopiu.net\/wordpress\/wp-content\/uploads\/2024\/04\/904bd207-45f2-4852-93c3-48f1d30f1ed7-300x169.jpg\" class=\"attachment-medium size-medium\" alt=\"\" srcset=\"https:\/\/www.radiopiu.net\/wordpress\/wp-content\/uploads\/2024\/04\/904bd207-45f2-4852-93c3-48f1d30f1ed7-300x169.jpg 300w, https:\/\/www.radiopiu.net\/wordpress\/wp-content\/uploads\/2024\/04\/904bd207-45f2-4852-93c3-48f1d30f1ed7-1024x576.jpg 1024w, https:\/\/www.radiopiu.net\/wordpress\/wp-content\/uploads\/2024\/04\/904bd207-45f2-4852-93c3-48f1d30f1ed7-768x432.jpg 768w, https:\/\/www.radiopiu.net\/wordpress\/wp-content\/uploads\/2024\/04\/904bd207-45f2-4852-93c3-48f1d30f1ed7-1536x864.jpg 1536w, https:\/\/www.radiopiu.net\/wordpress\/wp-content\/uploads\/2024\/04\/904bd207-45f2-4852-93c3-48f1d30f1ed7.jpg 1600w\" sizes=\"auto, (max-width: 300px) 100vw, 300px\" \/><\/a>\n\t\t\t\t<\/dt><\/dl><dl class='gallery-item'>\n\t\t\t\t<dt class='gallery-icon landscape'>\n\t\t\t\t\t<a class=\"rollover rollover-zoom dt-pswp-item\" title=\"16efefb8-1c06-4204-8b77-9d436c2d144e\" data-dt-img-description=\"\" data-large_image_width=\"1600\" data-large_image_height=\"900\"href='https:\/\/www.radiopiu.net\/wordpress\/wp-content\/uploads\/2024\/04\/16efefb8-1c06-4204-8b77-9d436c2d144e.jpg'><img loading=\"lazy\" decoding=\"async\" width=\"300\" height=\"169\" src=\"https:\/\/www.radiopiu.net\/wordpress\/wp-content\/uploads\/2024\/04\/16efefb8-1c06-4204-8b77-9d436c2d144e-300x169.jpg\" class=\"attachment-medium size-medium\" alt=\"\" srcset=\"https:\/\/www.radiopiu.net\/wordpress\/wp-content\/uploads\/2024\/04\/16efefb8-1c06-4204-8b77-9d436c2d144e-300x169.jpg 300w, https:\/\/www.radiopiu.net\/wordpress\/wp-content\/uploads\/2024\/04\/16efefb8-1c06-4204-8b77-9d436c2d144e-1024x576.jpg 1024w, https:\/\/www.radiopiu.net\/wordpress\/wp-content\/uploads\/2024\/04\/16efefb8-1c06-4204-8b77-9d436c2d144e-768x432.jpg 768w, https:\/\/www.radiopiu.net\/wordpress\/wp-content\/uploads\/2024\/04\/16efefb8-1c06-4204-8b77-9d436c2d144e-1536x864.jpg 1536w, https:\/\/www.radiopiu.net\/wordpress\/wp-content\/uploads\/2024\/04\/16efefb8-1c06-4204-8b77-9d436c2d144e.jpg 1600w\" sizes=\"auto, (max-width: 300px) 100vw, 300px\" \/><\/a>\n\t\t\t\t<\/dt><\/dl><br style=\"clear: both\" \/>\n\t\t\t<\/div>\n\n<p>&nbsp;<\/p>\n<p>&nbsp;<\/p>\n<div data-block=\"true\" data-editor=\"avj4u\" data-offset-key=\"d3i0j-0-0\">\n<p>&nbsp;<\/p>\n<hr \/>\n<p>&nbsp;<\/p>\n<\/div>\n<div data-block=\"true\" data-editor=\"avj4u\" data-offset-key=\"d3i0j-0-0\"><\/div>\n<p><span style=\"color: #ff0000;\"><strong>OGGI ALLA RADIO<\/strong><\/span>: <strong>ALLE 7.20<\/strong> EL BAR DEL FIOR, DETTI E TRADIZIONI DI GIULIANA DA RONCH; <strong>ALLE 8.20<\/strong> PIU&#8217; SIAMO CON MARINA DONA&#8217; <strong>ALLE 9.10 <\/strong>IERI COME OGGI l&#8217;appuntamento del lunedi con Sivia Baldo<strong> 9.30 E 1830<\/strong> PAOLO SOPPELSA i racconti <strong>\u00a0ALLE 10.10<\/strong> CIAK SI GIRA il gossip con Paola Lanciato<strong> 10.30 <\/strong>PERITI MINERARI NEL MONDO con l&#8217;Apim-Agordo <strong>11.00<\/strong> CINE HIT di Aldo Brigadoi<strong> 11.15 <\/strong>DANIELA RINALDI <strong>12.30<\/strong> GIORNALE RADIO EDIZIONE PRINCIPALE<strong> 13.10 <\/strong>SALUTE E SOCIETA&#8217;, LA RUBRICA DI MEDICINA DI RADIO PIU&#8217; CON IL DOTTOR MARCO C\u00e0RACCIOLO<strong> ALLE 13.20<\/strong> PRIMA VERA HIT di marina dona&#8217;<strong> 16 <\/strong>IL ROCK DI MARCO COSTANTINI <strong>16.45 <\/strong>LE HIT DI MIRCO BENCIVENNI <strong>18.00<\/strong> DUE MINUTI UN LIBRO<strong> 19.00<\/strong> LE ANTICIPAZIONI DAL TG DI ANTENNA 3, DI tiziana bolognani<\/p>\n<p><span style=\"color: #0000ff;\"><strong>E DOMANI SERA DALLE 20.30&#8230;INTANTO ME LA CANTO, LA RADIO DI SERA COME UNA VOLTA CON LUISA E MARINA.<\/strong><\/span><\/p>\n<p>&nbsp;<\/p>\n<p>&nbsp;<\/p>\n<div class=\"x11i5rnm xat24cr x1mh8g0r x1vvkbs xtlvy1s x126k92a\">\n<div dir=\"auto\">\n<hr \/>\n<p>&nbsp;<\/p>\n<p>&nbsp;<\/p>\n<div class=\"x11i5rnm xat24cr x1mh8g0r x1vvkbs xtlvy1s x126k92a\">\n<div dir=\"auto\">\n<p><strong><a class=\"dt-pswp-item\" href=\"https:\/\/www.radiopiu.net\/wordpress\/wp-content\/uploads\/2024\/02\/2d44e751-d8a8-461b-8e22-d8e4e853b032.jpg\" data-dt-img-description=\"\" data-large_image_width=\"1600\" data-large_image_height=\"1200\"><img loading=\"lazy\" decoding=\"async\" class=\"wp-image-373307 alignleft\" src=\"https:\/\/www.radiopiu.net\/wordpress\/wp-content\/uploads\/2024\/02\/2d44e751-d8a8-461b-8e22-d8e4e853b032-300x225.jpg\" alt=\"\" width=\"105\" height=\"79\" srcset=\"https:\/\/www.radiopiu.net\/wordpress\/wp-content\/uploads\/2024\/02\/2d44e751-d8a8-461b-8e22-d8e4e853b032-300x225.jpg 300w, https:\/\/www.radiopiu.net\/wordpress\/wp-content\/uploads\/2024\/02\/2d44e751-d8a8-461b-8e22-d8e4e853b032-1024x768.jpg 1024w, https:\/\/www.radiopiu.net\/wordpress\/wp-content\/uploads\/2024\/02\/2d44e751-d8a8-461b-8e22-d8e4e853b032-768x576.jpg 768w, https:\/\/www.radiopiu.net\/wordpress\/wp-content\/uploads\/2024\/02\/2d44e751-d8a8-461b-8e22-d8e4e853b032-1536x1152.jpg 1536w, https:\/\/www.radiopiu.net\/wordpress\/wp-content\/uploads\/2024\/02\/2d44e751-d8a8-461b-8e22-d8e4e853b032.jpg 1600w\" sizes=\"auto, (max-width: 105px) 100vw, 105px\" \/><\/a>EL BAL DEL FIOR, DI GIULIANA DA RONCH, 22 APRILE 2024<\/strong><\/p>\n<p>&nbsp;<\/p>\n<p>&nbsp;<\/p>\n<\/div>\n<\/div>\n<\/div>\n<div dir=\"auto\">\n<audio class=\"wp-audio-shortcode\" id=\"audio-386560-1\" preload=\"none\" style=\"width: 100%;\" controls=\"controls\"><source type=\"audio\/mpeg\" src=\"https:\/\/www.radiopiu.net\/wordpress\/wp-content\/uploads\/2024\/04\/GLU-2.m4a?_=1\" \/><a href=\"https:\/\/www.radiopiu.net\/wordpress\/wp-content\/uploads\/2024\/04\/GLU-2.m4a\">https:\/\/www.radiopiu.net\/wordpress\/wp-content\/uploads\/2024\/04\/GLU-2.m4a<\/a><\/audio>\n<p>&nbsp;<\/p>\n<p>&nbsp;<\/p>\n<hr \/>\n<\/div>\n<\/div>\n<blockquote>\n<blockquote>\n<h1><span style=\"color: #ff0000;\">I podcast informativi del mattino &#8211; audio &#8211;\u00a0\u00a0<\/span><\/h1>\n<p>&nbsp;<\/p><\/blockquote>\n<p><strong><a class=\"dt-pswp-item\" href=\"https:\/\/www.radiopiu.net\/wordpress\/wp-content\/uploads\/2023\/11\/th-10.jpg\" data-dt-img-description=\"\" data-large_image_width=\"320\" data-large_image_height=\"180\"><img loading=\"lazy\" decoding=\"async\" class=\"wp-image-362866 alignleft\" src=\"https:\/\/www.radiopiu.net\/wordpress\/wp-content\/uploads\/2023\/11\/th-10-300x169.jpg\" alt=\"\" width=\"185\" height=\"104\" srcset=\"https:\/\/www.radiopiu.net\/wordpress\/wp-content\/uploads\/2023\/11\/th-10-300x169.jpg 300w, https:\/\/www.radiopiu.net\/wordpress\/wp-content\/uploads\/2023\/11\/th-10.jpg 320w\" sizes=\"auto, (max-width: 185px) 100vw, 185px\" \/><\/a>LA RASSEGNA STAMPA NAZIONALE ALLA RADIO, OGNI GIORNO ALLE 5 E ALLE 6 DEL MATTINO <span style=\"color: #0000ff;\">viene pubblicata alle 6.00 <span style=\"color: #ff0000;\">DIRETTA RADIO\u00a0 \u00a0\u00a0<\/span><\/span><\/strong><\/p>\n<p>&nbsp;<\/p><\/blockquote>\n<p>&nbsp;<\/p>\n<p>di STEFANO\u00a0 FAMA&#8217;.<\/p>\n<p><strong>Politica<\/strong>, le candidature per le elezioni europee <strong>Economia,<\/strong> Landini e gli incidenti sul lavoro una strage che non si ferma <strong>Guerra in Ucraina<\/strong> e il conflitto sulla striscia di Gaza <strong>Civitavecchia<\/strong> cade da un muro minorenne in prognosi riservata <strong>Lecco<\/strong> ucciso l&#8217;assessore Beghetto <strong>Mafia<\/strong> \u00e8 morto Vincenzo Agostino <strong>Napoli<\/strong> oggi esercitazione di protezione civile, nello <strong>Sport l<\/strong>a formula 1<\/p>\n<h2>AUDIO dalle 7 del mattino<\/h2>\n<audio class=\"wp-audio-shortcode\" id=\"audio-386560-2\" preload=\"none\" style=\"width: 100%;\" controls=\"controls\"><source type=\"audio\/mpeg\" src=\"https:\/\/www.radiopiu.net\/wordpress\/wp-content\/uploads\/2024\/04\/GIORNALEDELLESEI-19.mp3?_=2\" \/><a href=\"https:\/\/www.radiopiu.net\/wordpress\/wp-content\/uploads\/2024\/04\/GIORNALEDELLESEI-19.mp3\">https:\/\/www.radiopiu.net\/wordpress\/wp-content\/uploads\/2024\/04\/GIORNALEDELLESEI-19.mp3<\/a><\/audio>\n<p>&nbsp;<\/p>\n<p>&nbsp;<\/p>\n<hr \/>\n<p>&nbsp;<\/p>\n<h1 style=\"text-align: center;\"><span style=\"color: #ff0000;\">I podcast informativi del mattino &#8211; audio &#8211;\u00a0<\/span><\/h1>\n<p><strong><a class=\"dt-pswp-item\" href=\"https:\/\/www.radiopiu.net\/wordpress\/wp-content\/uploads\/2023\/12\/images.png\" data-dt-img-description=\"\" data-large_image_width=\"316\" data-large_image_height=\"160\"><img loading=\"lazy\" decoding=\"async\" class=\"wp-image-367008 alignleft\" src=\"https:\/\/www.radiopiu.net\/wordpress\/wp-content\/uploads\/2023\/12\/images-300x152.png\" alt=\"\" width=\"235\" height=\"119\" srcset=\"https:\/\/www.radiopiu.net\/wordpress\/wp-content\/uploads\/2023\/12\/images-300x152.png 300w, https:\/\/www.radiopiu.net\/wordpress\/wp-content\/uploads\/2023\/12\/images.png 316w\" sizes=\"auto, (max-width: 235px) 100vw, 235px\" \/><\/a>OGNI GIORNO ALLE SETTE DEL MATTINO, LA RASSEGNA STAMPA LOCALE FLASH&#8230; PER CHI VA IN FRETTA. I TITOLI DAI GIORNALI E DAL SITO WWW.RADIOPIU.NET <span style=\"color: #0000ff;\">viene pubblicato alle 7.00<\/span> <span style=\"color: #ff0000;\">DIRETTA RADIO\u00a0<\/span><\/strong><\/p>\n<p><em><span style=\"color: #ff0000;\">per chi va in fretta&#8230; tante notizie in pochi minuti. L&#8217;informazione locale alla radio, ogni ora dalle 7 del mattino alle 19 della sera.\u00a0 \u00a0 \u00a0\u00a0<\/span><\/em><\/p>\n<p>&nbsp;<\/p>\n<p>SCIALPINISTA SCIVOLA E MUORE SOTTO GLI OCCHI DEGLI AMICI<br \/>\nCORTINA Monica Reginato, 55 anni, di Castelfranco, \u00e8 morta tragicamente sabato pomeriggio mentre scendeva con quattro amici nel canalone Comici durante un\u2019escursione nella traversata del Sorapiss da Nord, una delle rotte pi\u00f9 spettacolari e impegnative di Cortina. Mentre si preparava a indossare i ramponi, \u00e8 scivolata cadendo per 300 metri, perdendo la vita sul colpo.<br \/>\nLONGARONESE IN LUTTO PER LA MORTE DI MICHELE CHIEA<br \/>\nVALLE DI CADORE Il male incurabile si \u00e8 portato via Michele Chiea, longaronese di Soffranco. Abitava a Laggio di Cadore con la compagna Francesca. I funerali si svolgeranno mercoledi alle 15. Lutto anche alla SInteco di Longarone dove Michele lavorava come meccanico montatore. L\u2019azienda mercoled\u00ec rimarr\u00e0 chiusa.<br \/>\nOGGI L\u2019ULTIMO SALUTO AD EUGENIO<br \/>\nROCCA PIETORE Si svolgeranno lunedi alle 14:30 nella chiesa di Rocca Pietore i funerali di Eugenio Nascimben. Ad annunciarlo le figlie, le sorelle, gli amici e parenti tutti. Dopo il rito funebre la salma proseguir\u00e0 per la cremazione.<br \/>\nSCIVOLA SUL SENTIERO<\/p>\n<h2>AUDIO dalle 7 del mattino<\/h2>\n<audio class=\"wp-audio-shortcode\" id=\"audio-386560-3\" preload=\"none\" style=\"width: 100%;\" controls=\"controls\"><source type=\"audio\/mpeg\" src=\"https:\/\/www.radiopiu.net\/wordpress\/wp-content\/uploads\/2024\/04\/GF07-17.mp3?_=3\" \/><a href=\"https:\/\/www.radiopiu.net\/wordpress\/wp-content\/uploads\/2024\/04\/GF07-17.mp3\">https:\/\/www.radiopiu.net\/wordpress\/wp-content\/uploads\/2024\/04\/GF07-17.mp3<\/a><\/audio>\n<p>&nbsp;<\/p>\n<p>&nbsp;<\/p>\n<hr \/>\n<p>&nbsp;<\/p>\n<h1><\/h1>\n<h1 style=\"text-align: center;\"><span style=\"color: #ff0000;\"><a class=\"dt-pswp-item\" href=\"https:\/\/www.radiopiu.net\/wordpress\/wp-content\/uploads\/2022\/01\/026c3f9d-dae9-4040-a3c1-a6530231bcc3.jpg\" data-dt-img-description=\"\" data-large_image_width=\"1152\" data-large_image_height=\"2048\"><img loading=\"lazy\" decoding=\"async\" class=\"wp-image-251839 alignleft\" src=\"https:\/\/www.radiopiu.net\/wordpress\/wp-content\/uploads\/2022\/01\/026c3f9d-dae9-4040-a3c1-a6530231bcc3-169x300.jpg\" alt=\"\" width=\"100\" height=\"177\" srcset=\"https:\/\/www.radiopiu.net\/wordpress\/wp-content\/uploads\/2022\/01\/026c3f9d-dae9-4040-a3c1-a6530231bcc3-169x300.jpg 169w, https:\/\/www.radiopiu.net\/wordpress\/wp-content\/uploads\/2022\/01\/026c3f9d-dae9-4040-a3c1-a6530231bcc3-576x1024.jpg 576w, https:\/\/www.radiopiu.net\/wordpress\/wp-content\/uploads\/2022\/01\/026c3f9d-dae9-4040-a3c1-a6530231bcc3-768x1365.jpg 768w, https:\/\/www.radiopiu.net\/wordpress\/wp-content\/uploads\/2022\/01\/026c3f9d-dae9-4040-a3c1-a6530231bcc3-864x1536.jpg 864w, https:\/\/www.radiopiu.net\/wordpress\/wp-content\/uploads\/2022\/01\/026c3f9d-dae9-4040-a3c1-a6530231bcc3.jpg 1152w\" sizes=\"auto, (max-width: 100px) 100vw, 100px\" \/><\/a>I podcast informativi del mattino &#8211; audio &#8211;\u00a0<\/span><\/h1>\n<blockquote><p><strong>GIORNALE RADIO NAZIONALE, EDIZIONE DELLE SETTE <span style=\"color: #0000ff;\">viene pubblicato alle 7.05 <span style=\"color: #ff0000;\">DIRETTA RADIO\u00a0<\/span><\/span><\/strong><\/p><\/blockquote>\n<p><strong>il giornale radionazionale e&#8217; in onda ogni ora, dalle sette del mattino alle venti della sera\u00a0\u00a0<\/strong><\/p>\n<p>&nbsp;<\/p>\n<p><strong>Guerra<\/strong>\u00a0 199 giorni dopo 16 palestinesi e 18 minori uccisi, ta loro l&#8217;appello del Papa. Nella notte attacco dell&#8217;Iraq verso le basi statunitensi in Siria.<strong> Israele:<\/strong> colosseo e tour Eiffel possibili obiettivi. <strong>Ucraina<\/strong> 789 giorni di guerra, l&#8217;occidente pronto a inviare le truppe. <strong>Europee<\/strong> le candidature per il cambiamento <strong>Aggredito con il falcetto<\/strong>, muore l&#8217;assessore lecchese, arrestato il 60enne musicista di strada: l&#8217;assassino.<strong> Afragola <\/strong>rissa con sparatoria davanti alla chiesa.<\/p>\n<h2>AUDIO dalle sette del mattino, ogni ora alla radio<\/h2>\n<audio class=\"wp-audio-shortcode\" id=\"audio-386560-4\" preload=\"none\" style=\"width: 100%;\" controls=\"controls\"><source type=\"audio\/mpeg\" src=\"https:\/\/www.radiopiu.net\/wordpress\/wp-content\/uploads\/2024\/04\/giornale07-19.mp3?_=4\" \/><a href=\"https:\/\/www.radiopiu.net\/wordpress\/wp-content\/uploads\/2024\/04\/giornale07-19.mp3\">https:\/\/www.radiopiu.net\/wordpress\/wp-content\/uploads\/2024\/04\/giornale07-19.mp3<\/a><\/audio>\n<p>&nbsp;<\/p>\n<p>&nbsp;<\/p>\n<hr \/>\n<p>&nbsp;<\/p>\n<p>&nbsp;<\/p>\n<h1><span style=\"color: #ff0000;\">I podcast informativi del mattino &#8211; video &#8211;\u00a0<\/span><\/h1>\n<h2><strong><a class=\"dt-pswp-item\" href=\"https:\/\/www.radiopiu.net\/wordpress\/wp-content\/uploads\/2023\/12\/th-10.jpg\" data-dt-img-description=\"\" data-large_image_width=\"245\" data-large_image_height=\"180\"><img loading=\"lazy\" decoding=\"async\" class=\" wp-image-367395 alignleft\" src=\"https:\/\/www.radiopiu.net\/wordpress\/wp-content\/uploads\/2023\/12\/th-10.jpg\" alt=\"\" width=\"166\" height=\"122\" \/><\/a>RASSEGNA STAMPA LOCALE, ORE OTTO 05<\/strong><\/h2>\n<h2><strong> <span style=\"color: #0000ff;\">viene\u00a0 <\/span><\/strong><strong><span style=\"color: #0000ff;\">pubblicata alle 8.05 <span style=\"color: #ff0000;\">DIRETTA RADIO\u00a0\u00a0<\/span><\/span><\/strong><\/h2>\n<p><strong>DI MIRKO MEZZACASA\u00a0 \u00a0 <\/strong><\/p>\n<p><strong>\u00a0<\/strong><\/p>\n<p>FELTRE Ieri poco prima di mezzogiorno la Centrale del 118 \u00e8 stata contattata da un escursionista che si era fatto male a una gamba, mentre da solo percorreva un sentiero della Valle di Lamen<br \/>\nSOCCORSO GIOVANE TURISTA STATUNITENSE<br \/>\nALLEGHE il turista statunitense non riusciva pi\u00f9 a vedere il figlio quindicenne, caduto sulla neve mentre salivano verso il Lago di Coldai, attualmente ghiacciato. Il ragazzo, che fortunatamente aveva riportato solo escoriazioni da sfregamento, \u00e8 stato trasportato all\u2019ospedale di Agordo.\u00a0DILLO A RADIO PIU\u2019\u2026LA FUSIONE DEI COMUNI DI AGORDO E TAIBON? SOLO BENEFICI<br \/>\nOTTO ANNI FA SI PARLAVA DI FUSIONE DEI COMUNI IN AGORDINO negli speciali sul sito internt di radiopiu<br \/>\nDOPO LA SENTENZA IN CASSAZIONE PER ALCUNI SINDACI LA PACCHIA E\u2019 FINITA<br \/>\nREDAZIONE Si apre la campagna elettorale e per alcuni sindaci fare programmi e bilanci alla luce della recente sentenza in Cassazione non sar\u00e0 poi cos\u00ec facile.<br \/>\nLa recente sentenza della Cassazione contro il Comune di Treviso ha reso inefficaci gli autovelox, definendoli strumenti inservibili e non omologati secondo l\u2019associazione Miglior Tutela Autovelox. Questo potrebbe avere impatti finanziari sulle amministrazioni comunali e sui giudici di pace<br \/>\nUBRIACHI AL VOLANTE<br \/>\nBELLUNO Un incidente stradale vicino a Mussoi coinvolge un 22enne bellunese di ritorno dal calcetto e un furgone guidato da un 55enne che risulter\u00e0 positivo all\u2019alcol test. Il furgone invade la corsia opposta, causando lo scontro. Ferite leggere per entrambi.<br \/>\nINCENDIO IN VAL CANZOI Aggiornamento delle ore 19.15: l\u2019elicottero della Protezione Civile regionale \u00e8 riuscito a circoscrivere l\u2019incendio, agevolato da una breve precipitazione nevosa.<\/p>\n<h2><strong>VIDEO\u00a0 \u00a0in diretta dalle 8 del mattino<\/strong><\/h2>\n<p><iframe loading=\"lazy\" title=\"DAL 1983 LA RASSEGNA STAMPA LOCALE di mirko mezzacasa. L&#039;ORIGINALE\" width=\"1200\" height=\"675\" src=\"https:\/\/www.youtube.com\/embed\/spsVBu0u8Lk?feature=oembed\" frameborder=\"0\" allow=\"accelerometer; autoplay; clipboard-write; encrypted-media; gyroscope; picture-in-picture; web-share\" referrerpolicy=\"strict-origin-when-cross-origin\" allowfullscreen><\/iframe><\/p>\n<hr \/>\n<p>&nbsp;<\/p>\n<p><strong class=\"photoswipe-wrapper\"><a class=\"dt-pswp-item pspw-wrap-ready\" href=\"https:\/\/www.radiopiu.net\/wordpress\/wp-content\/uploads\/2024\/01\/Senza-nome-34.png\" data-dt-img-description=\"\" data-large_image_width=\"239\" data-large_image_height=\"153\"><img loading=\"lazy\" decoding=\"async\" class=\"wp-image-369478 alignleft\" src=\"https:\/\/www.radiopiu.net\/wordpress\/wp-content\/uploads\/2024\/01\/Senza-nome-34.png\" alt=\"\" width=\"128\" height=\"82\" \/><\/a><\/strong><\/p>\n<p><strong>dal TG BELLUNESE di\u00a0 ANTENNA 3 ogni sera alle 19.30 sul canale 10 del digitale terrestre e alle 19 le anticipazioni alla radio.\u00a0\u00a0<\/strong><\/p>\n<p>&nbsp;<\/p>\n<p>&nbsp;<\/p>\n<p>&nbsp;<\/p>\n<hr \/>\n<p>&nbsp;<\/p>\n<blockquote>\n<h3>SCIALPINISTA\u00a0 SCIVOLA E MUORE SOTTO GLI OCCHI DEGLI AMICI<\/h3>\n<\/blockquote>\n<p><strong><a class=\"dt-pswp-item\" href=\"https:\/\/www.radiopiu.net\/wordpress\/wp-content\/uploads\/2024\/04\/Senza-nome-36.png\" data-dt-img-description=\"\" data-large_image_width=\"218\" data-large_image_height=\"183\"><img loading=\"lazy\" decoding=\"async\" class=\"size-full wp-image-386639 alignleft\" src=\"https:\/\/www.radiopiu.net\/wordpress\/wp-content\/uploads\/2024\/04\/Senza-nome-36.png\" alt=\"\" width=\"218\" height=\"183\" \/><\/a>CORTINA <\/strong>Monica Reginato, 55 anni, di Castelfranco, \u00e8 morta tragicamente sabato pomeriggio mentre scendeva con quattro amici nel canalone Comici durante un&#8217;escursione nella traversata del Sorapiss da Nord, una delle rotte pi\u00f9 spettacolari e impegnative di Cortina. Mentre si preparava a indossare i ramponi, \u00e8 scivolata cadendo per 300 metri, perdendo la vita sul colpo.<\/p>\n<div class=\"w-full pt-2 md:pt-0 dark:border-white\/20 md:border-transparent md:dark:border-transparent md:w-[calc(100%-.5rem)]\">\n<form class=\"stretch mx-2 flex flex-row gap-3 last:mb-2 md:mx-4 md:last:mb-6 lg:mx-auto lg:max-w-2xl xl:max-w-3xl\">\n<div class=\"relative flex h-full flex-1 flex-col\">\n<div class=\"absolute bottom-full left-0 right-0\"><\/div>\n<div class=\"flex w-full items-center\"><\/div>\n<\/div>\n<\/form>\n<\/div>\n<p>&nbsp;<\/p>\n<p>&nbsp;<\/p>\n<hr \/>\n<p>&nbsp;<\/p>\n<blockquote>\n<h2>LONGARONESE IN LUTTO PER LA MORTE DI MICHELE CHIEA<\/h2>\n<\/blockquote>\n<p><strong><img decoding=\"async\" class=\"aligncenter\" src=\"https:\/\/www.radiopiu.net\/wordpress\/wp-content\/uploads\/2024\/04\/valle.png\" \/><\/strong><\/p>\n<p><strong>VALLE DI CADORE<\/strong> Il male incurabile si \u00e8 portato via Michele Chiea, longaronese di Soffranco. Abitava a Laggio di Cadore con la compagna Francesca. I funerali si svolgeranno mercoledi alle 15. Lutto anche alla SInteco di Longarone dove Michele lavorava come meccanico montatore. L&#8217;azienda mercoled\u00ec rimarr\u00e0 chiusa.<\/p>\n<p>&nbsp;<\/p>\n<hr \/>\n<p>&nbsp;<\/p>\n<blockquote>\n<h3>OGGI L&#8217;ULTIMO SALUTO AD EUGENIO<\/h3>\n<\/blockquote>\n<p><strong><a class=\"dt-pswp-item\" href=\"https:\/\/www.radiopiu.net\/wordpress\/wp-content\/uploads\/2024\/04\/SCR-20240420-lezc.png\" data-dt-img-description=\"\" data-large_image_width=\"736\" data-large_image_height=\"1020\"><img loading=\"lazy\" decoding=\"async\" class=\" wp-image-386590 alignleft\" src=\"https:\/\/www.radiopiu.net\/wordpress\/wp-content\/uploads\/2024\/04\/SCR-20240420-lezc-216x300.png\" alt=\"\" width=\"142\" height=\"197\" srcset=\"https:\/\/www.radiopiu.net\/wordpress\/wp-content\/uploads\/2024\/04\/SCR-20240420-lezc-216x300.png 216w, https:\/\/www.radiopiu.net\/wordpress\/wp-content\/uploads\/2024\/04\/SCR-20240420-lezc.png 736w\" sizes=\"auto, (max-width: 142px) 100vw, 142px\" \/><\/a>ROCCA PIETORE <\/strong>Solo la malattia poteva spegnere quel sorriso e quella forza interiore capace di trasformare ogni momento in una festa, e che feste al Music Store con Eugenio, con il suo staff, anche e soprattutto dopo le peripezie con l\u2019Alleghe Hockey. Dal 1998 un punto di riferimento per i giovani e meno giovani. Un dolore espresso a parole e lacrime con messaggi lasciati anche nel suo \u201crifugio\u201d ad Avoscan di San Tomaso.<br \/>\nEugenio Nascimben, 58 anni, ci ha lasciato, con accanto, amorevolmente, chi gli ha voluto bene.<\/p>\n<p><strong>I FUNERALI<\/strong><\/p>\n<p>Si svolgeranno alle 14:30 nella chiesa di Rocca Pietore i funerali di Eugenio Nascimben. Ad annunciarlo le figlie, le sorelle, gli amici e parenti tutti. Dopo il rito funebre la salma proseguir\u00e0 per la cremazione.<\/p>\n<p>&nbsp;<\/p>\n<p>&nbsp;<\/p>\n<hr \/>\n<p>&nbsp;<\/p>\n<blockquote>\n<h3>SCIVOLA SUL SENTIERO<\/h3>\n<\/blockquote>\n<p><strong>FELTRE<\/strong> Ieri poco prima di mezzogiorno la Centrale del 118 \u00e8 stata contattata da un escursionista che si era fatto male a una gamba, mentre da solo percorreva un sentiero della Valle di Lamen. Il 40enne di Volpago del Montello (TV) \u00e8 stato individuato in mezzo al bosco dall&#8217;elicottero del Suem di Pieve di Cadore. Recuperato dell&#8217;equipaggio, l&#8217;infortunato \u00e8 stato trasportato all&#8217;ospedale di Feltre. Pronta a intervenire in supporto alle operazioni una squadra del Soccorso alpino di Feltre.<\/p>\n<p>&nbsp;<\/p>\n<p>&nbsp;<\/p>\n<hr \/>\n<p>&nbsp;<\/p>\n<blockquote>\n<h3>SOCCORSO GIOVANE TURISTA STATUNITENSE<\/h3>\n<\/blockquote>\n<p><strong><a class=\"dt-pswp-item\" href=\"https:\/\/www.radiopiu.net\/wordpress\/wp-content\/uploads\/2022\/08\/salt_20220825_171725_606.jpg\" data-dt-img-description=\"\" data-large_image_width=\"2364\" data-large_image_height=\"1773\"><img loading=\"lazy\" decoding=\"async\" class=\" wp-image-294603 alignleft\" src=\"https:\/\/www.radiopiu.net\/wordpress\/wp-content\/uploads\/2022\/08\/salt_20220825_171725_606-300x225.jpg\" alt=\"\" width=\"149\" height=\"112\" srcset=\"https:\/\/www.radiopiu.net\/wordpress\/wp-content\/uploads\/2022\/08\/salt_20220825_171725_606-300x225.jpg 300w, https:\/\/www.radiopiu.net\/wordpress\/wp-content\/uploads\/2022\/08\/salt_20220825_171725_606-1024x768.jpg 1024w, https:\/\/www.radiopiu.net\/wordpress\/wp-content\/uploads\/2022\/08\/salt_20220825_171725_606-768x576.jpg 768w, https:\/\/www.radiopiu.net\/wordpress\/wp-content\/uploads\/2022\/08\/salt_20220825_171725_606-1536x1152.jpg 1536w, https:\/\/www.radiopiu.net\/wordpress\/wp-content\/uploads\/2022\/08\/salt_20220825_171725_606-2048x1536.jpg 2048w\" sizes=\"auto, (max-width: 149px) 100vw, 149px\" \/><\/a>ALLEGHE<\/strong> Ieri alle 13.50 circa la Centrale del Suem ha ricevuto la chiamata di una turista statunitense, che non riusciva pi\u00f9 a vedere il figlio quindicenne, caduto sulla neve mentre salivano verso il Lago di Coldai, attualmente ghiacciato, lungo il sentiero di Ru de Porta. Subito dopo la Centrale \u00e8 stata contattata dal ragazzo stesso, che camminava davanti alla mamma quando, arrivato sulla parte ancora innevata, aveva perso aderenza sullo strato ghiacciato ed era scivolato per circa 150 metri, fermandosi sopra alcuni salti. Quando l&#8217;elicottero del Suem di Pieve di Cadore \u00e8 sopraggiunto e lo ha individuato, il quindicenne era in piedi ed \u00e8 stato recuperato con il verricello dal tecnico di elisoccorso. Il ragazzo, che fortunatamente aveva riportato solo escoriazioni da sfregamento, \u00e8 stato trasportato all&#8217;ospedale di Agordo. La madre, pi\u00f9 bassa al momento dell&#8217;incidente, ha riferito che sarebbe rientrata autonomamente. (foto archivio)<\/p>\n<p>&nbsp;<\/p>\n<p>&nbsp;<\/p>\n<hr \/>\n<p>&nbsp;<\/p>\n<blockquote>\n<h3>DILLO A RADIO PIU&#8217;&#8230;LA FUSIONE DEI COMUNI DI AGORDO E TAIBON? SOLO BENEFICI<\/h3>\n<\/blockquote>\n<p><strong><a class=\"dt-pswp-item\" href=\"https:\/\/www.radiopiu.net\/wordpress\/wp-content\/uploads\/2024\/04\/411b5e93-4d4d-4c5f-8a90-628e28728195.jpg\" data-dt-img-description=\"\" data-large_image_width=\"2048\" data-large_image_height=\"2048\"><img loading=\"lazy\" decoding=\"async\" class=\" wp-image-386661 alignleft\" src=\"https:\/\/www.radiopiu.net\/wordpress\/wp-content\/uploads\/2024\/04\/411b5e93-4d4d-4c5f-8a90-628e28728195-300x300.jpg\" alt=\"\" width=\"154\" height=\"154\" srcset=\"https:\/\/www.radiopiu.net\/wordpress\/wp-content\/uploads\/2024\/04\/411b5e93-4d4d-4c5f-8a90-628e28728195-300x300.jpg 300w, https:\/\/www.radiopiu.net\/wordpress\/wp-content\/uploads\/2024\/04\/411b5e93-4d4d-4c5f-8a90-628e28728195-1024x1024.jpg 1024w, https:\/\/www.radiopiu.net\/wordpress\/wp-content\/uploads\/2024\/04\/411b5e93-4d4d-4c5f-8a90-628e28728195-150x150.jpg 150w, https:\/\/www.radiopiu.net\/wordpress\/wp-content\/uploads\/2024\/04\/411b5e93-4d4d-4c5f-8a90-628e28728195-768x768.jpg 768w, https:\/\/www.radiopiu.net\/wordpress\/wp-content\/uploads\/2024\/04\/411b5e93-4d4d-4c5f-8a90-628e28728195-1536x1536.jpg 1536w, https:\/\/www.radiopiu.net\/wordpress\/wp-content\/uploads\/2024\/04\/411b5e93-4d4d-4c5f-8a90-628e28728195.jpg 2048w\" sizes=\"auto, (max-width: 154px) 100vw, 154px\" \/><\/a>Riceviamo e pubblichiamo<\/strong><\/p>\n<p>Agordo-Taibon: comune unico? Perch\u00e9 non anticipare un evento gi\u00e0 scritto! Come sempre la Chiesa come istituzione notoriamente prudente, prende atto e si comporta di conseguenza. Cos\u00ec ha fatto per la diocesi diventata Belluno-Feltre (e poi come previsto \u00e8 arrivata l&#8217;USL Dolomiti). cos\u00ec sta facendo per le parrocchie affrontando con pragmatismo le difficolt\u00e0 connesse. L&#8217;unione tra i due comuni \u00e8 inevitabile e sar\u00e0 un bene per tutti. Bisogna per\u00f2 far in modo tale che non appaia come una costrizione (non c&#8217;\u00e8 chi vuol fare il sindaco e quindi ci mettiamo chi non \u00e8 pi\u00f9 motivato) ma come opportunit\u00e0 e lavorare per trovare una soluzione praticabile che convinca anche i dubbiosi. La Conca Agordina avrebbe anche pi\u00f9 peso in Unione Montana Agordina e innescherebbe un esempio trainante per altri comuni assolutamente benefico. Capisco che \u00e8 gi\u00e0 tardi visto il tempo che ci separa dalle prossime elezioni ma chi sar\u00e0 eletto in Agordo e Taibon potrebbero per\u00f2 accordarsi per il futuro e prendere impegni in questo senso accorpando qualche ufficio, il segretario comunale, l&#8217;ufficio tecnico etc.<\/p>\n<p>Lettera Firmata<\/p>\n<p>&nbsp;<\/p>\n<blockquote class=\"wp-embedded-content\" data-secret=\"WRUqeEeQqk\"><p><a href=\"https:\/\/www.radiopiu.net\/wordpress\/otto-anni-fa-si-parlava-di-fusione-dei-comuni-in-agordino\/\">OTTO ANNI FA SI PARLAVA DI FUSIONE DEI COMUNI IN AGORDINO<\/a><\/p><\/blockquote>\n<p><iframe loading=\"lazy\" class=\"wp-embedded-content\" sandbox=\"allow-scripts\" security=\"restricted\" style=\"position: absolute; clip: rect(1px, 1px, 1px, 1px);\" title=\"&#8220;OTTO ANNI FA SI PARLAVA DI FUSIONE DEI COMUNI IN AGORDINO&#8221; &#8212; Radio Pi\u00f9\" src=\"https:\/\/www.radiopiu.net\/wordpress\/otto-anni-fa-si-parlava-di-fusione-dei-comuni-in-agordino\/embed\/#?secret=hHmfnAPAQ2#?secret=WRUqeEeQqk\" data-secret=\"WRUqeEeQqk\" width=\"600\" height=\"338\" frameborder=\"0\" marginwidth=\"0\" marginheight=\"0\" scrolling=\"no\"><\/iframe><\/p>\n<p>&nbsp;<\/p>\n<p>&nbsp;<\/p>\n<hr \/>\n<p>&nbsp;<\/p>\n<p>&nbsp;<\/p>\n<blockquote>\n<h2>DOPO LA SENTENZA IN CASSAZIONE<\/h2>\n<\/blockquote>\n<p><strong><img loading=\"lazy\" decoding=\"async\" class=\"alignleft\" src=\"https:\/\/www.radiopiu.net\/wordpress\/wp-content\/uploads\/2024\/01\/Cattive-abitudini-al-volante-c-maurompf_lr.jpg\" width=\"216\" height=\"144\" \/>REDAZIONE<\/strong> Si apre la campagna elettorale e per alcuni sindaci fare programmi e bilanci alla luce della recente sentenza in Cassazione non sar\u00e0 poi cos\u00ec facile.<\/p>\n<div class=\"flex-1 overflow-hidden\">\n<div class=\"react-scroll-to-bottom--css-hcsbe-79elbk h-full\">\n<div class=\"react-scroll-to-bottom--css-hcsbe-1n7m0yu\">\n<div>\n<div class=\"flex flex-col text-sm pb-9\">\n<div class=\"w-full text-token-text-primary\" dir=\"auto\" data-testid=\"conversation-turn-25\">\n<div class=\"px-4 py-2 justify-center text-base md:gap-6 m-auto\">\n<div class=\"flex flex-1 text-base mx-auto gap-3 juice:gap-4 juice:md:gap-6 md:px-5 lg:px-1 xl:px-5 md:max-w-3xl lg:max-w-[40rem] xl:max-w-[48rem]\">\n<div class=\"relative flex w-full flex-col agent-turn\">\n<div class=\"flex-col gap-1 md:gap-3\">\n<div class=\"flex flex-grow flex-col max-w-full\">\n<div class=\"min-h-[20px] text-message flex flex-col items-start gap-3 whitespace-pre-wrap break-words [.text-message+&amp;]:mt-5 overflow-x-auto\" dir=\"auto\" data-message-author-role=\"assistant\" data-message-id=\"2ea9ffaa-d937-4bec-86b7-17eaf507f777\">\n<div class=\"markdown prose w-full break-words dark:prose-invert dark\">\n<p>La recente sentenza della Cassazione contro il Comune di Treviso ha reso inefficaci gli autovelox, definendoli strumenti inservibili e non omologati secondo l&#8217;associazione Miglior Tutela Autovelox. Questo potrebbe avere impatti finanziari sulle amministrazioni comunali e sui giudici di pace, spingendo i sindaci a spegnere gli autovelox per evitare possibili accuse di abuso d&#8217;ufficio e truffa.<\/p>\n<\/div>\n<\/div>\n<\/div>\n<\/div>\n<\/div>\n<\/div>\n<\/div>\n<\/div>\n<\/div>\n<\/div>\n<\/div>\n<\/div>\n<\/div>\n<p>&nbsp;<\/p>\n<p>&nbsp;<\/p>\n<p>&nbsp;<\/p>\n<hr \/>\n<p>&nbsp;<\/p>\n<blockquote>\n<h2><a class=\"dt-pswp-item\" href=\"https:\/\/www.radiopiu.net\/wordpress\/wp-content\/uploads\/2023\/09\/th-34.jpg\" data-dt-img-description=\"\" data-large_image_width=\"344\" data-large_image_height=\"180\"><img loading=\"lazy\" decoding=\"async\" class=\"wp-image-354092 alignleft\" src=\"https:\/\/www.radiopiu.net\/wordpress\/wp-content\/uploads\/2023\/09\/th-34-300x157.jpg\" alt=\"\" width=\"195\" height=\"102\" srcset=\"https:\/\/www.radiopiu.net\/wordpress\/wp-content\/uploads\/2023\/09\/th-34-300x157.jpg 300w, https:\/\/www.radiopiu.net\/wordpress\/wp-content\/uploads\/2023\/09\/th-34.jpg 344w\" sizes=\"auto, (max-width: 195px) 100vw, 195px\" \/><\/a>UBRIACHI AL VOLANTE<\/h2>\n<\/blockquote>\n<div class=\"flex-1 overflow-hidden\">\n<div class=\"react-scroll-to-bottom--css-hcsbe-79elbk h-full\">\n<div class=\"react-scroll-to-bottom--css-hcsbe-1n7m0yu\">\n<div class=\"flex flex-col text-sm pb-9\">\n<div class=\"w-full text-token-text-primary\" dir=\"auto\" data-testid=\"conversation-turn-27\">\n<div class=\"px-4 py-2 justify-center text-base md:gap-6 m-auto\">\n<div class=\"flex flex-1 text-base mx-auto gap-3 juice:gap-4 juice:md:gap-6 md:px-5 lg:px-1 xl:px-5 md:max-w-3xl lg:max-w-[40rem] xl:max-w-[48rem]\">\n<div class=\"relative flex w-full flex-col agent-turn\">\n<div class=\"flex-col gap-1 md:gap-3\">\n<div class=\"flex flex-grow flex-col max-w-full\">\n<div class=\"min-h-[20px] text-message flex flex-col items-start gap-3 whitespace-pre-wrap break-words [.text-message+&amp;]:mt-5 overflow-x-auto\" dir=\"auto\" data-message-author-role=\"assistant\" data-message-id=\"4a528711-cb4f-436b-8155-927001ae8146\">\n<div class=\"markdown prose w-full break-words dark:prose-invert dark\">\n<p><strong>BELLUNO<\/strong> Un incidente stradale vicino a Mussoi coinvolge un 22enne bellunese di ritorno dal calcetto e un furgone guidato da un 55enne che risulter\u00e0 positivo all&#8217;alcol test. Il furgone invade la corsia opposta, causando lo scontro. Entrambi i conducenti riportano solo lievi ferite e vengono assistiti sul posto. Il giovane viene portato d&#8217;urgenza all&#8217;ospedale San Martino. Entrambi i veicoli riportano gravi danni e vengono recuperati dal carroattrezzi. Le forze dell&#8217;ordine procedono con le segnalazioni e i provvedimenti appropriati.<\/p>\n<\/div>\n<\/div>\n<\/div>\n<\/div>\n<\/div>\n<\/div>\n<\/div>\n<\/div>\n<\/div>\n<\/div>\n<\/div>\n<\/div>\n<div class=\"w-full pt-2 md:pt-0 dark:border-white\/20 md:border-transparent md:dark:border-transparent md:w-[calc(100%-.5rem)]\">\n<form class=\"stretch mx-2 flex flex-row gap-3 last:mb-2 md:mx-4 md:last:mb-6 lg:mx-auto lg:max-w-2xl xl:max-w-3xl\">\n<div class=\"relative flex h-full flex-1 flex-col\">\n<div class=\"flex w-full items-center\"><\/div>\n<\/div>\n<\/form>\n<\/div>\n<p>&nbsp;<\/p>\n<hr \/>\n<p>&nbsp;<\/p>\n<blockquote>\n<h2>INCENDIO IN VAL CANZOI<\/h2>\n<\/blockquote>\n<p><strong><a class=\"dt-pswp-item\" href=\"https:\/\/www.radiopiu.net\/wordpress\/wp-content\/uploads\/2024\/04\/c7534890-bc09-4e43-a236-87aca6be358b.jpg\" data-dt-img-description=\"\" data-large_image_width=\"1599\" data-large_image_height=\"899\"><img loading=\"lazy\" decoding=\"async\" class=\"size-medium wp-image-386690 alignleft\" src=\"https:\/\/www.radiopiu.net\/wordpress\/wp-content\/uploads\/2024\/04\/c7534890-bc09-4e43-a236-87aca6be358b-300x169.jpg\" alt=\"\" width=\"300\" height=\"169\" srcset=\"https:\/\/www.radiopiu.net\/wordpress\/wp-content\/uploads\/2024\/04\/c7534890-bc09-4e43-a236-87aca6be358b-300x169.jpg 300w, https:\/\/www.radiopiu.net\/wordpress\/wp-content\/uploads\/2024\/04\/c7534890-bc09-4e43-a236-87aca6be358b-1024x576.jpg 1024w, https:\/\/www.radiopiu.net\/wordpress\/wp-content\/uploads\/2024\/04\/c7534890-bc09-4e43-a236-87aca6be358b-768x432.jpg 768w, https:\/\/www.radiopiu.net\/wordpress\/wp-content\/uploads\/2024\/04\/c7534890-bc09-4e43-a236-87aca6be358b-1536x864.jpg 1536w, https:\/\/www.radiopiu.net\/wordpress\/wp-content\/uploads\/2024\/04\/c7534890-bc09-4e43-a236-87aca6be358b.jpg 1599w\" sizes=\"auto, (max-width: 300px) 100vw, 300px\" \/><\/a>\u00a0<\/strong><strong>CESIOMAGGIORE<\/strong> In Val Canzoi un incendio boschivo ha scatenato una risposta immediata dalle autorit\u00e0 locali. I tecnici, insieme ai volontari della Protezione Civile Antincendio Boschivo dell&#8217;Ana Feltre, sono al lavoro per contenere e spegnere le fiamme. In questa operazione, possono contare sul supporto prezioso dell&#8217;elicottero della Protezione Civile della Regione del Veneto. A comunicarlo l&#8217;assessore regionale Gianpaolo Bottacin<\/p>\n<p><strong>AGGIORNAMENTO DELLE 15:50<\/strong><\/p>\n<p>Sul posto sono intervenuti i volontari dell&#8217;Ana Feltre elitrasportati in quota. Poi ritrasportati in valle causa burrasche nevose. L&#8217;elicottero regionale continua l&#8217;attivit\u00e0 attingendo dal lago della Stua.<\/p>\n<p><strong>Aggiornamento delle ore 19.15<\/strong>: l&#8217;elicottero della Protezione Civile regionale \u00e8 riuscito a circoscrivere l&#8217;incendio, agevolato da una breve precipitazione nevosa. Effettuato un sopralluogo in volo, si osservano fumaioli interni al perimetro, che appare tranquillo. In tutto si stimano alcuni ettari di incendio. L&#8217;elicottero \u00e8 rientrato alla base di Sospirolo. Domani mattina dono convocate due squadre di volontari della Protezione Civile antincendio boschivo dell&#8217;Ana di Feltre ed una di operatori regionali per eventuale bonifica in quota. Il luogo \u00e8 accessibile abbastanza agevolmente solo in elicottero.<\/p>\n\n\t\t\t<style type='text\/css'>\n\t\t\t\t#gallery-2 {\n\t\t\t\t\tmargin: auto;\n\t\t\t\t}\n\t\t\t\t#gallery-2 .gallery-item {\n\t\t\t\t\tfloat: left;\n\t\t\t\t\tmargin-top: 10px;\n\t\t\t\t\ttext-align: center;\n\t\t\t\t\twidth: 16%;\n\t\t\t\t}\n\t\t\t\t#gallery-2 img {\n\t\t\t\t\tborder: 2px solid #cfcfcf;\n\t\t\t\t}\n\t\t\t\t#gallery-2 .gallery-caption {\n\t\t\t\t\tmargin-left: 0;\n\t\t\t\t}\n\t\t\t\t\/* see gallery_shortcode() in wp-includes\/media.php *\/\n\t\t\t<\/style>\n\t\t<div id='gallery-2' class='dt-gallery-container gallery galleryid-386560 gallery-columns-6 gallery-size-thumbnail'><dl class='gallery-item'>\n\t\t\t\t<dt class='gallery-icon landscape'>\n\t\t\t\t\t<a class=\"rollover rollover-zoom dt-pswp-item\" title=\"7cb48c41-23ed-4818-bb87-4f96834e94db\" data-dt-img-description=\"\" data-large_image_width=\"1600\" data-large_image_height=\"737\"href='https:\/\/www.radiopiu.net\/wordpress\/wp-content\/uploads\/2024\/04\/7cb48c41-23ed-4818-bb87-4f96834e94db.jpeg'><img loading=\"lazy\" decoding=\"async\" width=\"150\" height=\"150\" src=\"https:\/\/www.radiopiu.net\/wordpress\/wp-content\/uploads\/2024\/04\/7cb48c41-23ed-4818-bb87-4f96834e94db-150x150.jpeg\" class=\"attachment-thumbnail size-thumbnail\" alt=\"\" \/><\/a>\n\t\t\t\t<\/dt><\/dl><dl class='gallery-item'>\n\t\t\t\t<dt class='gallery-icon landscape'>\n\t\t\t\t\t<a class=\"rollover rollover-zoom dt-pswp-item\" title=\"d0fe5cd4-5a94-47af-93e5-a641b5108adc\" data-dt-img-description=\"\" data-large_image_width=\"2000\" data-large_image_height=\"922\"href='https:\/\/www.radiopiu.net\/wordpress\/wp-content\/uploads\/2024\/04\/d0fe5cd4-5a94-47af-93e5-a641b5108adc.jpeg'><img loading=\"lazy\" decoding=\"async\" width=\"150\" height=\"150\" src=\"https:\/\/www.radiopiu.net\/wordpress\/wp-content\/uploads\/2024\/04\/d0fe5cd4-5a94-47af-93e5-a641b5108adc-150x150.jpeg\" class=\"attachment-thumbnail size-thumbnail\" alt=\"\" \/><\/a>\n\t\t\t\t<\/dt><\/dl><dl class='gallery-item'>\n\t\t\t\t<dt class='gallery-icon landscape'>\n\t\t\t\t\t<a class=\"rollover rollover-zoom dt-pswp-item\" title=\"32fca2ad-0a46-4352-9d25-865f999708b1\" data-dt-img-description=\"\" data-large_image_width=\"2000\" data-large_image_height=\"922\"href='https:\/\/www.radiopiu.net\/wordpress\/wp-content\/uploads\/2024\/04\/32fca2ad-0a46-4352-9d25-865f999708b1.jpeg'><img loading=\"lazy\" decoding=\"async\" width=\"150\" height=\"150\" src=\"https:\/\/www.radiopiu.net\/wordpress\/wp-content\/uploads\/2024\/04\/32fca2ad-0a46-4352-9d25-865f999708b1-150x150.jpeg\" class=\"attachment-thumbnail size-thumbnail\" alt=\"\" \/><\/a>\n\t\t\t\t<\/dt><\/dl><dl class='gallery-item'>\n\t\t\t\t<dt class='gallery-icon landscape'>\n\t\t\t\t\t<a class=\"rollover rollover-zoom dt-pswp-item\" title=\"6c63e2f6-466d-4d0e-bb12-f24f2af3b216\" data-dt-img-description=\"\" data-large_image_width=\"1600\" data-large_image_height=\"737\"href='https:\/\/www.radiopiu.net\/wordpress\/wp-content\/uploads\/2024\/04\/6c63e2f6-466d-4d0e-bb12-f24f2af3b216.jpeg'><img loading=\"lazy\" decoding=\"async\" width=\"150\" height=\"150\" src=\"https:\/\/www.radiopiu.net\/wordpress\/wp-content\/uploads\/2024\/04\/6c63e2f6-466d-4d0e-bb12-f24f2af3b216-150x150.jpeg\" class=\"attachment-thumbnail size-thumbnail\" alt=\"\" \/><\/a>\n\t\t\t\t<\/dt><\/dl><dl class='gallery-item'>\n\t\t\t\t<dt class='gallery-icon landscape'>\n\t\t\t\t\t<a class=\"rollover rollover-zoom dt-pswp-item\" title=\"a4c5eb78-9dbd-4b16-92b0-8115a18fca1e\" data-dt-img-description=\"\" data-large_image_width=\"1599\" data-large_image_height=\"738\"href='https:\/\/www.radiopiu.net\/wordpress\/wp-content\/uploads\/2024\/04\/a4c5eb78-9dbd-4b16-92b0-8115a18fca1e.jpeg'><img loading=\"lazy\" decoding=\"async\" width=\"150\" height=\"150\" src=\"https:\/\/www.radiopiu.net\/wordpress\/wp-content\/uploads\/2024\/04\/a4c5eb78-9dbd-4b16-92b0-8115a18fca1e-150x150.jpeg\" class=\"attachment-thumbnail size-thumbnail\" alt=\"\" \/><\/a>\n\t\t\t\t<\/dt><\/dl><dl class='gallery-item'>\n\t\t\t\t<dt class='gallery-icon landscape'>\n\t\t\t\t\t<a class=\"rollover rollover-zoom dt-pswp-item\" title=\"893f33f0-b1b4-4751-9b2c-6405a55d889f\" data-dt-img-description=\"\" data-large_image_width=\"1600\" data-large_image_height=\"737\"href='https:\/\/www.radiopiu.net\/wordpress\/wp-content\/uploads\/2024\/04\/893f33f0-b1b4-4751-9b2c-6405a55d889f.jpeg'><img loading=\"lazy\" decoding=\"async\" width=\"150\" height=\"150\" src=\"https:\/\/www.radiopiu.net\/wordpress\/wp-content\/uploads\/2024\/04\/893f33f0-b1b4-4751-9b2c-6405a55d889f-150x150.jpeg\" class=\"attachment-thumbnail size-thumbnail\" alt=\"\" \/><\/a>\n\t\t\t\t<\/dt><\/dl><br style=\"clear: both\" \/>\n\t\t\t<\/div>\n\n<p>&nbsp;<\/p>\n<hr \/>\n<p>&nbsp;<\/p>\n<blockquote>\n<h2>MANIFESTAZIONE A ROMA.. CON LA CGIL BELLUNO<\/h2>\n<\/blockquote>\n<p>&nbsp;<\/p>\n<p>&nbsp;<\/p>\n\n\t\t\t<style type='text\/css'>\n\t\t\t\t#gallery-3 {\n\t\t\t\t\tmargin: auto;\n\t\t\t\t}\n\t\t\t\t#gallery-3 .gallery-item {\n\t\t\t\t\tfloat: left;\n\t\t\t\t\tmargin-top: 10px;\n\t\t\t\t\ttext-align: center;\n\t\t\t\t\twidth: 33%;\n\t\t\t\t}\n\t\t\t\t#gallery-3 img {\n\t\t\t\t\tborder: 2px solid #cfcfcf;\n\t\t\t\t}\n\t\t\t\t#gallery-3 .gallery-caption {\n\t\t\t\t\tmargin-left: 0;\n\t\t\t\t}\n\t\t\t\t\/* see gallery_shortcode() in wp-includes\/media.php *\/\n\t\t\t<\/style>\n\t\t<div id='gallery-3' class='dt-gallery-container gallery galleryid-386560 gallery-columns-3 gallery-size-thumbnail'><dl class='gallery-item'>\n\t\t\t\t<dt class='gallery-icon landscape'>\n\t\t\t\t\t<a class=\"rollover rollover-zoom dt-pswp-item\" title=\"a1b3eb2b-a325-40ac-910c-bbdb9a7960ee\" data-dt-img-description=\"\" data-large_image_width=\"1600\" data-large_image_height=\"716\"href='https:\/\/www.radiopiu.net\/wordpress\/wp-content\/uploads\/2024\/04\/a1b3eb2b-a325-40ac-910c-bbdb9a7960ee.jpg'><img loading=\"lazy\" decoding=\"async\" width=\"150\" height=\"150\" src=\"https:\/\/www.radiopiu.net\/wordpress\/wp-content\/uploads\/2024\/04\/a1b3eb2b-a325-40ac-910c-bbdb9a7960ee-150x150.jpg\" class=\"attachment-thumbnail size-thumbnail\" alt=\"\" \/><\/a>\n\t\t\t\t<\/dt><\/dl><dl class='gallery-item'>\n\t\t\t\t<dt class='gallery-icon landscape'>\n\t\t\t\t\t<a class=\"rollover rollover-zoom dt-pswp-item\" title=\"9900db26-a009-464b-a15d-ecc18cc53e21\" data-dt-img-description=\"\" data-large_image_width=\"1600\" data-large_image_height=\"716\"href='https:\/\/www.radiopiu.net\/wordpress\/wp-content\/uploads\/2024\/04\/9900db26-a009-464b-a15d-ecc18cc53e21.jpg'><img loading=\"lazy\" decoding=\"async\" width=\"150\" height=\"150\" src=\"https:\/\/www.radiopiu.net\/wordpress\/wp-content\/uploads\/2024\/04\/9900db26-a009-464b-a15d-ecc18cc53e21-150x150.jpg\" class=\"attachment-thumbnail size-thumbnail\" alt=\"\" \/><\/a>\n\t\t\t\t<\/dt><\/dl><dl class='gallery-item'>\n\t\t\t\t<dt class='gallery-icon landscape'>\n\t\t\t\t\t<a class=\"rollover rollover-zoom dt-pswp-item\" title=\"49f61998-6b34-4b5c-8763-6f9389d8eadd\" data-dt-img-description=\"\" data-large_image_width=\"1600\" data-large_image_height=\"716\"href='https:\/\/www.radiopiu.net\/wordpress\/wp-content\/uploads\/2024\/04\/49f61998-6b34-4b5c-8763-6f9389d8eadd.jpg'><img loading=\"lazy\" decoding=\"async\" width=\"150\" height=\"150\" src=\"https:\/\/www.radiopiu.net\/wordpress\/wp-content\/uploads\/2024\/04\/49f61998-6b34-4b5c-8763-6f9389d8eadd-150x150.jpg\" class=\"attachment-thumbnail size-thumbnail\" alt=\"\" \/><\/a>\n\t\t\t\t<\/dt><\/dl><br style=\"clear: both\" \/>\n\t\t\t<\/div>\n\n<p><strong>contributi audio da Roma\u00a0 dI SILVIA BALDO\u00a0<\/strong><\/p>\n<p>&nbsp;<\/p>\n<p>ANDREA FIOCCO FUNZIONE PUBBLICA BELLUNO<\/p>\n<p>&nbsp;<\/p>\n<audio class=\"wp-audio-shortcode\" id=\"audio-386560-5\" preload=\"none\" style=\"width: 100%;\" controls=\"controls\"><source type=\"audio\/mpeg\" src=\"https:\/\/www.radiopiu.net\/wordpress\/wp-content\/uploads\/2024\/04\/andrea-fiocco-fpcgil-belluno.mp3?_=5\" \/><a href=\"https:\/\/www.radiopiu.net\/wordpress\/wp-content\/uploads\/2024\/04\/andrea-fiocco-fpcgil-belluno.mp3\">https:\/\/www.radiopiu.net\/wordpress\/wp-content\/uploads\/2024\/04\/andrea-fiocco-fpcgil-belluno.mp3<\/a><\/audio>\n<p>&nbsp;<\/p>\n<p>DENISE CASANOVA CGIL BELLUNO<\/p>\n<p>&nbsp;<\/p>\n<audio class=\"wp-audio-shortcode\" id=\"audio-386560-6\" preload=\"none\" style=\"width: 100%;\" controls=\"controls\"><source type=\"audio\/mpeg\" src=\"https:\/\/www.radiopiu.net\/wordpress\/wp-content\/uploads\/2024\/04\/denise-casanova-fpcgil.mp3?_=6\" \/><a href=\"https:\/\/www.radiopiu.net\/wordpress\/wp-content\/uploads\/2024\/04\/denise-casanova-fpcgil.mp3\">https:\/\/www.radiopiu.net\/wordpress\/wp-content\/uploads\/2024\/04\/denise-casanova-fpcgil.mp3<\/a><\/audio>\n<p>&nbsp;<\/p>\n<p>MARIA RITA GENTILIN, SPI CGIL BELLUNO<\/p>\n<audio class=\"wp-audio-shortcode\" id=\"audio-386560-7\" preload=\"none\" style=\"width: 100%;\" controls=\"controls\"><source type=\"audio\/mpeg\" src=\"https:\/\/www.radiopiu.net\/wordpress\/wp-content\/uploads\/2024\/04\/MARIA-RITA.mp3?_=7\" \/><a href=\"https:\/\/www.radiopiu.net\/wordpress\/wp-content\/uploads\/2024\/04\/MARIA-RITA.mp3\">https:\/\/www.radiopiu.net\/wordpress\/wp-content\/uploads\/2024\/04\/MARIA-RITA.mp3<\/a><\/audio>\n<p>&nbsp;<\/p>\n<p>MARA PACIFICI DELEGATA FIMCAS BELLUNO<\/p>\n<audio class=\"wp-audio-shortcode\" id=\"audio-386560-8\" preload=\"none\" style=\"width: 100%;\" controls=\"controls\"><source type=\"audio\/wav\" src=\"https:\/\/www.radiopiu.net\/wordpress\/wp-content\/uploads\/2024\/04\/MARA.wav?_=8\" \/><a href=\"https:\/\/www.radiopiu.net\/wordpress\/wp-content\/uploads\/2024\/04\/MARA.wav\">https:\/\/www.radiopiu.net\/wordpress\/wp-content\/uploads\/2024\/04\/MARA.wav<\/a><\/audio>\n<p>&nbsp;<\/p>\n<p>&nbsp;<\/p>\n<hr \/>\n<p>&nbsp;<\/p>\n<blockquote>\n<h3>DILLO A RADIO PIU&#8217;&#8230;IL MANCATO ARRIVO DELLA CORRIERA A VOLTAGO<\/h3>\n<\/blockquote>\n<p><strong><a class=\"dt-pswp-item\" href=\"https:\/\/www.radiopiu.net\/wordpress\/wp-content\/uploads\/2020\/06\/80c303ed-9a2e-49f0-8b20-3dd5e061bbf3.jpg\" data-dt-img-description=\"\" data-large_image_width=\"1280\" data-large_image_height=\"960\"><img loading=\"lazy\" decoding=\"async\" class=\" wp-image-145520 alignleft\" src=\"https:\/\/www.radiopiu.net\/wordpress\/wp-content\/uploads\/2020\/06\/80c303ed-9a2e-49f0-8b20-3dd5e061bbf3-300x225.jpg\" alt=\"\" width=\"124\" height=\"93\" srcset=\"https:\/\/www.radiopiu.net\/wordpress\/wp-content\/uploads\/2020\/06\/80c303ed-9a2e-49f0-8b20-3dd5e061bbf3-300x225.jpg 300w, https:\/\/www.radiopiu.net\/wordpress\/wp-content\/uploads\/2020\/06\/80c303ed-9a2e-49f0-8b20-3dd5e061bbf3-1024x768.jpg 1024w, https:\/\/www.radiopiu.net\/wordpress\/wp-content\/uploads\/2020\/06\/80c303ed-9a2e-49f0-8b20-3dd5e061bbf3-768x576.jpg 768w, https:\/\/www.radiopiu.net\/wordpress\/wp-content\/uploads\/2020\/06\/80c303ed-9a2e-49f0-8b20-3dd5e061bbf3.jpg 1280w\" sizes=\"auto, (max-width: 124px) 100vw, 124px\" \/><\/a>RICEVIAMO E PUBBLICHIAMO<\/strong><\/p>\n<p>Buongiorno, Vorrei segnalare l&#8217;ennesimo disservizio di Dolomitibus&#8230;Oggi, sabato 20 Aprile, la corriera delle 14:13 che da Voltago porta ad Agordo, non \u00e8 passata. Grazie Dolomitibus.<\/p>\n<p>Federica<\/p>\n<p>&nbsp;<\/p>\n<p>&nbsp;<\/p>\n<hr \/>\n<p>&nbsp;<\/p>\n<blockquote>\n<h3>LAVORI ALLE POSTE DI AGORDO, ANCHE LO SPORTELLO ATM NON FUNZIONA<\/h3>\n<\/blockquote>\n<p><strong><a class=\"dt-pswp-item\" href=\"https:\/\/www.radiopiu.net\/wordpress\/wp-content\/uploads\/2024\/04\/c4384a04-0c45-4abd-b2ad-04a2e0c69ff0.jpg\" data-dt-img-description=\"\" data-large_image_width=\"1200\" data-large_image_height=\"1600\"><img loading=\"lazy\" decoding=\"async\" class=\" wp-image-386621 alignleft\" src=\"https:\/\/www.radiopiu.net\/wordpress\/wp-content\/uploads\/2024\/04\/c4384a04-0c45-4abd-b2ad-04a2e0c69ff0-225x300.jpg\" alt=\"\" width=\"153\" height=\"204\" srcset=\"https:\/\/www.radiopiu.net\/wordpress\/wp-content\/uploads\/2024\/04\/c4384a04-0c45-4abd-b2ad-04a2e0c69ff0-225x300.jpg 225w, https:\/\/www.radiopiu.net\/wordpress\/wp-content\/uploads\/2024\/04\/c4384a04-0c45-4abd-b2ad-04a2e0c69ff0-768x1024.jpg 768w, https:\/\/www.radiopiu.net\/wordpress\/wp-content\/uploads\/2024\/04\/c4384a04-0c45-4abd-b2ad-04a2e0c69ff0-1152x1536.jpg 1152w, https:\/\/www.radiopiu.net\/wordpress\/wp-content\/uploads\/2024\/04\/c4384a04-0c45-4abd-b2ad-04a2e0c69ff0.jpg 1200w\" sizes=\"auto, (max-width: 153px) 100vw, 153px\" \/><\/a>AGORDO<\/strong> Pochi giorni fa Poste Italiane ha comunicato l&#8217;inizio dei lavori alle Poste di Agordo. Un intervento per digitalizzare l&#8217;ufficio del capoluogo di vallata per rendere pi\u00f9 fruibili i servizi ai clienti. In questo caso l&#8217;ufficio postale di Agordo \u00e8 essenziale per la presenza di uno sportello ATM per il prelievo di denaro liquido. Anche il &#8220;bancomat&#8221; non funziona e ci \u00e8 stato segnalato da una nostra ascoltatrice. Come da comunicato di Poste Italiane, i servizi venivano erogati regolarmente fino alle 11:35 di sabato 20 aprile, poi i servizi, compreso il prelievo in denaro, verranno di nuovo assicurati da mercoled\u00ec 24 aprile in orario d&#8217;ufficio, dal luned\u00ec al venerd\u00ec dalle 8.20 alle 13.35 ed il sabato dalle 8.20 alle 12.35, tramite l&#8217;ufficio postale mobile, che Poste Italiane ha gi\u00e0 piazzato di fronte allo stabile in Viale Sommariva. Quindi niente prelievi in denaro dallo sportello ATM di Agordo durante tutta la durata dei lavori, cio\u00e8 fino al 29 giugno prossimo. I clienti di BancoPosta, per effettuare il prelievo da sportello ATM dovranno recarsi a Falcade, Alleghe, Selva di Cadore, Livinallongo o a Gosaldo, unici sportelli automatici attivi in Agordino.<\/p>\n<p>&nbsp;<\/p>\n<p>&nbsp;<\/p>\n<hr \/>\n<p>&nbsp;<\/p>\n<blockquote>\n<h3 class=\"entry-title\">LAVORI ALL\u2019UFFICIO POSTALE\u00a0 AGORDO<\/h3>\n<\/blockquote>\n<p><strong class=\"photoswipe-wrapper\">BELLUNO <\/strong>Poste Italiane comunica che l\u2019ufficio postale di Agordo, in viale Sommariva, da oggi sar\u00e0 interessato da interventi di ammodernamento per migliorare la qualit\u00e0 dei servizi e dell\u2019accoglienza. <strong>Ufficio postale mobile in viale Sommariva\u00a0 disponibile a partire da mercoled\u00ec 24 aprile dalle 8:20 alle 13:35 ed il sabato dalle 8:20 alle 12:35.<\/strong><\/p>\n<p>&nbsp;<\/p>\n<hr \/>\n<p>&nbsp;<\/p>\n<blockquote>\n<h3>LA GIORNATA ECOLOGICA DI ALLEGHE<\/h3>\n<\/blockquote>\n<p><strong>ALLEGHE<\/strong> Giornata ecologica ad Alleghe organizzata dal Gruppo Alpini di Alleghe e Comune. Una sessantina i partecipanti che nella giornata si sono prodigati a raccogliere immondizie sulle sponde del lago in comune di Alleghe. Una giornata in compagnia che \u00e8 terminata con il pranzo offerto dagli alpini nella sede di Masar\u00e8.<\/p>\n<p><strong>IL RINGRAZIAMENTO DEL SINDACO DI ROCCA PIETORE ANDREA DE BERNARDIN<\/strong><\/p>\n<p>Ringrazio vivamente tutti i Volontari di Alleghe e Masar\u00e9 che oggi hanno voluto dedicare tempo e fatica alla pulizia del Lago, compreso il lato di Rocca. Bravissimi e grazie<\/p>\n\n\t\t\t<style type='text\/css'>\n\t\t\t\t#gallery-4 {\n\t\t\t\t\tmargin: auto;\n\t\t\t\t}\n\t\t\t\t#gallery-4 .gallery-item {\n\t\t\t\t\tfloat: left;\n\t\t\t\t\tmargin-top: 10px;\n\t\t\t\t\ttext-align: center;\n\t\t\t\t\twidth: 25%;\n\t\t\t\t}\n\t\t\t\t#gallery-4 img {\n\t\t\t\t\tborder: 2px solid #cfcfcf;\n\t\t\t\t}\n\t\t\t\t#gallery-4 .gallery-caption {\n\t\t\t\t\tmargin-left: 0;\n\t\t\t\t}\n\t\t\t\t\/* see gallery_shortcode() in wp-includes\/media.php *\/\n\t\t\t<\/style>\n\t\t<div id='gallery-4' class='dt-gallery-container gallery galleryid-386560 gallery-columns-4 gallery-size-thumbnail'><dl class='gallery-item'>\n\t\t\t\t<dt class='gallery-icon portrait'>\n\t\t\t\t\t<a class=\"rollover rollover-zoom dt-pswp-item\" title=\"933920b8-30ba-4b48-a5da-94a3b08f4b5e\" data-dt-img-description=\"\" data-large_image_width=\"1536\" data-large_image_height=\"2048\"href='https:\/\/www.radiopiu.net\/wordpress\/wp-content\/uploads\/2024\/04\/933920b8-30ba-4b48-a5da-94a3b08f4b5e.jpg'><img loading=\"lazy\" decoding=\"async\" width=\"150\" height=\"150\" src=\"https:\/\/www.radiopiu.net\/wordpress\/wp-content\/uploads\/2024\/04\/933920b8-30ba-4b48-a5da-94a3b08f4b5e-150x150.jpg\" class=\"attachment-thumbnail size-thumbnail\" alt=\"\" \/><\/a>\n\t\t\t\t<\/dt><\/dl><dl class='gallery-item'>\n\t\t\t\t<dt class='gallery-icon portrait'>\n\t\t\t\t\t<a class=\"rollover rollover-zoom dt-pswp-item\" title=\"1cb58907-6cbd-4268-ac95-cfe3b642e284\" data-dt-img-description=\"\" data-large_image_width=\"1200\" data-large_image_height=\"1600\"href='https:\/\/www.radiopiu.net\/wordpress\/wp-content\/uploads\/2024\/04\/1cb58907-6cbd-4268-ac95-cfe3b642e284.jpg'><img loading=\"lazy\" decoding=\"async\" width=\"150\" height=\"150\" src=\"https:\/\/www.radiopiu.net\/wordpress\/wp-content\/uploads\/2024\/04\/1cb58907-6cbd-4268-ac95-cfe3b642e284-150x150.jpg\" class=\"attachment-thumbnail size-thumbnail\" alt=\"\" \/><\/a>\n\t\t\t\t<\/dt><\/dl><dl class='gallery-item'>\n\t\t\t\t<dt class='gallery-icon landscape'>\n\t\t\t\t\t<a class=\"rollover rollover-zoom dt-pswp-item\" title=\"621b99dc-845f-4941-8bb5-a00e2e2c9e1b\" data-dt-img-description=\"\" data-large_image_width=\"1600\" data-large_image_height=\"900\"href='https:\/\/www.radiopiu.net\/wordpress\/wp-content\/uploads\/2024\/04\/621b99dc-845f-4941-8bb5-a00e2e2c9e1b.jpg'><img loading=\"lazy\" decoding=\"async\" width=\"150\" height=\"150\" src=\"https:\/\/www.radiopiu.net\/wordpress\/wp-content\/uploads\/2024\/04\/621b99dc-845f-4941-8bb5-a00e2e2c9e1b-150x150.jpg\" class=\"attachment-thumbnail size-thumbnail\" alt=\"\" \/><\/a>\n\t\t\t\t<\/dt><\/dl><dl class='gallery-item'>\n\t\t\t\t<dt class='gallery-icon landscape'>\n\t\t\t\t\t<a class=\"rollover rollover-zoom dt-pswp-item\" title=\"d3132017-9baa-4c72-963e-e4cba6996c4e\" data-dt-img-description=\"\" data-large_image_width=\"2048\" data-large_image_height=\"921\"href='https:\/\/www.radiopiu.net\/wordpress\/wp-content\/uploads\/2024\/04\/d3132017-9baa-4c72-963e-e4cba6996c4e.jpg'><img loading=\"lazy\" decoding=\"async\" width=\"150\" height=\"150\" src=\"https:\/\/www.radiopiu.net\/wordpress\/wp-content\/uploads\/2024\/04\/d3132017-9baa-4c72-963e-e4cba6996c4e-150x150.jpg\" class=\"attachment-thumbnail size-thumbnail\" alt=\"\" \/><\/a>\n\t\t\t\t<\/dt><\/dl><br style=\"clear: both\" \/><dl class='gallery-item'>\n\t\t\t\t<dt class='gallery-icon portrait'>\n\t\t\t\t\t<a class=\"rollover rollover-zoom dt-pswp-item\" title=\"fac27eda-f788-4e34-a03b-04487b0a3977\" data-dt-img-description=\"\" data-large_image_width=\"921\" data-large_image_height=\"2048\"href='https:\/\/www.radiopiu.net\/wordpress\/wp-content\/uploads\/2024\/04\/fac27eda-f788-4e34-a03b-04487b0a3977.jpg'><img loading=\"lazy\" decoding=\"async\" width=\"150\" height=\"150\" src=\"https:\/\/www.radiopiu.net\/wordpress\/wp-content\/uploads\/2024\/04\/fac27eda-f788-4e34-a03b-04487b0a3977-150x150.jpg\" class=\"attachment-thumbnail size-thumbnail\" alt=\"\" \/><\/a>\n\t\t\t\t<\/dt><\/dl><dl class='gallery-item'>\n\t\t\t\t<dt class='gallery-icon landscape'>\n\t\t\t\t\t<a class=\"rollover rollover-zoom dt-pswp-item\" title=\"557dc3b8-0bf6-4d39-878a-a687a70b3707\" data-dt-img-description=\"\" data-large_image_width=\"1600\" data-large_image_height=\"1200\"href='https:\/\/www.radiopiu.net\/wordpress\/wp-content\/uploads\/2024\/04\/557dc3b8-0bf6-4d39-878a-a687a70b3707.jpg'><img loading=\"lazy\" decoding=\"async\" width=\"150\" height=\"150\" src=\"https:\/\/www.radiopiu.net\/wordpress\/wp-content\/uploads\/2024\/04\/557dc3b8-0bf6-4d39-878a-a687a70b3707-150x150.jpg\" class=\"attachment-thumbnail size-thumbnail\" alt=\"\" \/><\/a>\n\t\t\t\t<\/dt><\/dl><dl class='gallery-item'>\n\t\t\t\t<dt class='gallery-icon landscape'>\n\t\t\t\t\t<a class=\"rollover rollover-zoom dt-pswp-item\" title=\"975b9af9-f1f3-491b-b4aa-5c95d22e8141\" data-dt-img-description=\"\" data-large_image_width=\"1600\" data-large_image_height=\"900\"href='https:\/\/www.radiopiu.net\/wordpress\/wp-content\/uploads\/2024\/04\/975b9af9-f1f3-491b-b4aa-5c95d22e8141.jpg'><img loading=\"lazy\" decoding=\"async\" width=\"150\" height=\"150\" src=\"https:\/\/www.radiopiu.net\/wordpress\/wp-content\/uploads\/2024\/04\/975b9af9-f1f3-491b-b4aa-5c95d22e8141-150x150.jpg\" class=\"attachment-thumbnail size-thumbnail\" alt=\"\" \/><\/a>\n\t\t\t\t<\/dt><\/dl>\n\t\t\t\t<br style='clear: both' \/>\n\t\t\t<\/div>\n\n<p>&nbsp;<\/p>\n<hr \/>\n<p>&nbsp;<\/p>\n<blockquote>\n<h3>\u00a0LA GIORNATA ECOLOGICA DI FALCADE<\/h3>\n<\/blockquote>\n<p><strong>FALCADE<\/strong> La giornata ecologica a Falcade e Caviola \u00e8 stata un successo, organizzata dall&#8217;amministrazione comunale di Falcade insieme alla Pro Loco di Caviola e allo Sci Club Val Biois. Circa quaranta persone, tra cui molti bambini e ragazzi, hanno partecipato al volontariato per migliorare il decoro del paese e del territorio. Tra i partecipanti anche due migranti ospitati a Falcade, dimostrando un impegno comunitario inclusivo e solidale. La giornata si \u00e8 conclusa con il pranzo alla Pizzeria Livia di Caviola.<\/p>\n\n\t\t\t<style type='text\/css'>\n\t\t\t\t#gallery-5 {\n\t\t\t\t\tmargin: auto;\n\t\t\t\t}\n\t\t\t\t#gallery-5 .gallery-item {\n\t\t\t\t\tfloat: left;\n\t\t\t\t\tmargin-top: 10px;\n\t\t\t\t\ttext-align: center;\n\t\t\t\t\twidth: 33%;\n\t\t\t\t}\n\t\t\t\t#gallery-5 img {\n\t\t\t\t\tborder: 2px solid #cfcfcf;\n\t\t\t\t}\n\t\t\t\t#gallery-5 .gallery-caption {\n\t\t\t\t\tmargin-left: 0;\n\t\t\t\t}\n\t\t\t\t\/* see gallery_shortcode() in wp-includes\/media.php *\/\n\t\t\t<\/style>\n\t\t<div id='gallery-5' class='dt-gallery-container gallery galleryid-386560 gallery-columns-3 gallery-size-thumbnail'><dl class='gallery-item'>\n\t\t\t\t<dt class='gallery-icon landscape'>\n\t\t\t\t\t<a class=\"rollover rollover-zoom dt-pswp-item\" title=\"0dcfe61d-6c4b-4809-be7a-8e64f6a28b49\" data-dt-img-description=\"\" data-large_image_width=\"2048\" data-large_image_height=\"1532\"href='https:\/\/www.radiopiu.net\/wordpress\/wp-content\/uploads\/2024\/04\/0dcfe61d-6c4b-4809-be7a-8e64f6a28b49.jpg'><img loading=\"lazy\" decoding=\"async\" width=\"150\" height=\"150\" src=\"https:\/\/www.radiopiu.net\/wordpress\/wp-content\/uploads\/2024\/04\/0dcfe61d-6c4b-4809-be7a-8e64f6a28b49-150x150.jpg\" class=\"attachment-thumbnail size-thumbnail\" alt=\"\" \/><\/a>\n\t\t\t\t<\/dt><\/dl><dl class='gallery-item'>\n\t\t\t\t<dt class='gallery-icon portrait'>\n\t\t\t\t\t<a class=\"rollover rollover-zoom dt-pswp-item\" title=\"f0c0c3b1-3c05-4d6c-8a62-d6565e54ccf1\" data-dt-img-description=\"\" data-large_image_width=\"1532\" data-large_image_height=\"2048\"href='https:\/\/www.radiopiu.net\/wordpress\/wp-content\/uploads\/2024\/04\/f0c0c3b1-3c05-4d6c-8a62-d6565e54ccf1.jpg'><img loading=\"lazy\" decoding=\"async\" width=\"150\" height=\"150\" src=\"https:\/\/www.radiopiu.net\/wordpress\/wp-content\/uploads\/2024\/04\/f0c0c3b1-3c05-4d6c-8a62-d6565e54ccf1-150x150.jpg\" class=\"attachment-thumbnail size-thumbnail\" alt=\"\" \/><\/a>\n\t\t\t\t<\/dt><\/dl><dl class='gallery-item'>\n\t\t\t\t<dt class='gallery-icon portrait'>\n\t\t\t\t\t<a class=\"rollover rollover-zoom dt-pswp-item\" title=\"0ee67853-7ae0-4274-80eb-f3224cf0589a\" data-dt-img-description=\"\" data-large_image_width=\"1532\" data-large_image_height=\"2048\"href='https:\/\/www.radiopiu.net\/wordpress\/wp-content\/uploads\/2024\/04\/0ee67853-7ae0-4274-80eb-f3224cf0589a.jpg'><img loading=\"lazy\" decoding=\"async\" width=\"150\" height=\"150\" src=\"https:\/\/www.radiopiu.net\/wordpress\/wp-content\/uploads\/2024\/04\/0ee67853-7ae0-4274-80eb-f3224cf0589a-150x150.jpg\" class=\"attachment-thumbnail size-thumbnail\" alt=\"\" \/><\/a>\n\t\t\t\t<\/dt><\/dl><br style=\"clear: both\" \/>\n\t\t\t<\/div>\n\n<p>&nbsp;<\/p>\n<hr \/>\n<p>&nbsp;<\/p>\n<blockquote>\n<h3>BREZMES INCONTRA GLI STUDENTI DEL CATULLO<\/h3>\n<\/blockquote>\n<p><strong><a class=\"dt-pswp-item\" href=\"https:\/\/www.radiopiu.net\/wordpress\/wp-content\/uploads\/2024\/04\/FOTO-BREZMES-CON-STUDENTI.jpg\" data-dt-img-description=\"\" data-large_image_width=\"1080\" data-large_image_height=\"810\"><img loading=\"lazy\" decoding=\"async\" class=\" wp-image-386769 alignleft\" src=\"https:\/\/www.radiopiu.net\/wordpress\/wp-content\/uploads\/2024\/04\/FOTO-BREZMES-CON-STUDENTI-300x225.jpg\" alt=\"\" width=\"140\" height=\"105\" srcset=\"https:\/\/www.radiopiu.net\/wordpress\/wp-content\/uploads\/2024\/04\/FOTO-BREZMES-CON-STUDENTI-300x225.jpg 300w, https:\/\/www.radiopiu.net\/wordpress\/wp-content\/uploads\/2024\/04\/FOTO-BREZMES-CON-STUDENTI-1024x768.jpg 1024w, https:\/\/www.radiopiu.net\/wordpress\/wp-content\/uploads\/2024\/04\/FOTO-BREZMES-CON-STUDENTI-768x576.jpg 768w, https:\/\/www.radiopiu.net\/wordpress\/wp-content\/uploads\/2024\/04\/FOTO-BREZMES-CON-STUDENTI.jpg 1080w\" sizes=\"auto, (max-width: 140px) 100vw, 140px\" \/><\/a>BELLUNO<\/strong> Alfonso Brezmes ha incontrato il Liceo Artistico &#8220;Catullo&#8221; per discutere poesia e arte. Presentando &#8220;Quando non ci sono&#8221;, ha raccontato il processo di scrittura e l&#8217;ispirazione dietro le sue opere. La collaborazione con Mirta Amanda Barbonetti ha portato alla traduzione dell&#8217;antologia. Brezmes ha condiviso le sue creazioni artistiche, influenzate da letteratura, cinema e cultura pop. Gli studenti hanno esplorato la poesia, la traduzione e la creativit\u00e0. L&#8217;incontro \u00e8 stato organizzato dall&#8217;Associazione Culturale Villa Buzzati, nell&#8217;ambito della rassegna &#8220;A casa di Dino&#8221;, offrendo agli studenti un&#8217;opportunit\u00e0 di crescita e confronto.<\/p>\n<p>&nbsp;<\/p>\n<hr \/>\n<p>&nbsp;<\/p>\n<p>&nbsp;<\/p>\n<blockquote>\n<h3><strong><a class=\"dt-pswp-item\" href=\"https:\/\/www.radiopiu.net\/wordpress\/wp-content\/uploads\/2023\/09\/Senza-nome-68.png\" data-dt-img-description=\"\" data-large_image_width=\"528\" data-large_image_height=\"328\"><img loading=\"lazy\" decoding=\"async\" class=\"wp-image-354206 alignleft\" src=\"https:\/\/www.radiopiu.net\/wordpress\/wp-content\/uploads\/2023\/09\/Senza-nome-68-300x186.png\" alt=\"\" width=\"156\" height=\"97\" srcset=\"https:\/\/www.radiopiu.net\/wordpress\/wp-content\/uploads\/2023\/09\/Senza-nome-68-300x186.png 300w, https:\/\/www.radiopiu.net\/wordpress\/wp-content\/uploads\/2023\/09\/Senza-nome-68.png 528w\" sizes=\"auto, (max-width: 156px) 100vw, 156px\" \/><\/a><\/strong>DOLOMITI GARDEN 4\u00b0 IN ITALIA PER GRADIMENTO<\/h3>\n<\/blockquote>\n<p><strong>BELLUNO<\/strong> Per la seconda volta consecutiva, in due anni, il Dolomiti Garden \u00e8 ben piazzato nella classifica nazionale tra i garden pi\u00f9 amati dalla clientela. Soddisfatto il patron\u00a0 Stefano De Paris (foto)<em> &#8220;Quarti per indice di gradimento, siamo davvero soddisfatti. Soprattutto \u00e8 il secondo anno, e nel 2023 poteva essere un caso&#8230; la storia che si ripete conferma che di caso non si tratta, con il grazie all&#8217;affezionata clientela per le recensioni che hanno valso questo piazzamento&#8221;.<\/em><\/p>\n<p>&nbsp;<\/p>\n<p><a class=\"dt-pswp-item\" href=\"https:\/\/www.radiopiu.net\/wordpress\/wp-content\/uploads\/2023\/09\/Senza-nome-85.png\" data-dt-img-description=\"\" data-large_image_width=\"1339\" data-large_image_height=\"880\"><img loading=\"lazy\" decoding=\"async\" class=\"size-medium wp-image-386786 aligncenter\" src=\"https:\/\/www.radiopiu.net\/wordpress\/wp-content\/uploads\/2023\/09\/Senza-nome-85-300x197.png\" alt=\"\" width=\"300\" height=\"197\" srcset=\"https:\/\/www.radiopiu.net\/wordpress\/wp-content\/uploads\/2023\/09\/Senza-nome-85-300x197.png 300w, https:\/\/www.radiopiu.net\/wordpress\/wp-content\/uploads\/2023\/09\/Senza-nome-85-1024x673.png 1024w, https:\/\/www.radiopiu.net\/wordpress\/wp-content\/uploads\/2023\/09\/Senza-nome-85-768x505.png 768w, https:\/\/www.radiopiu.net\/wordpress\/wp-content\/uploads\/2023\/09\/Senza-nome-85.png 1339w\" sizes=\"auto, (max-width: 300px) 100vw, 300px\" \/><\/a><\/p>\n<p>&nbsp;<\/p>\n<p>&nbsp;<\/p>\n<hr \/>\n<p>&nbsp;<\/p>\n<p>&nbsp;<\/p>\n<h2><span style=\"color: #000000;\">LA SETTIMANA DEGLI ECOMUSEI IN VALLE DEL BIOIS<\/span><\/h2>\n<p><a class=\"dt-pswp-item\" href=\"https:\/\/www.radiopiu.net\/wordpress\/wp-content\/uploads\/2024\/04\/Schola-dei-Battuti-presso-San-Simon-Vallada-Agordina.jpg\" data-dt-img-description=\"\" data-large_image_width=\"1600\" data-large_image_height=\"1200\"><img loading=\"lazy\" decoding=\"async\" class=\" wp-image-386582 alignleft\" src=\"https:\/\/www.radiopiu.net\/wordpress\/wp-content\/uploads\/2024\/04\/Schola-dei-Battuti-presso-San-Simon-Vallada-Agordina-300x225.jpg\" alt=\"\" width=\"157\" height=\"118\" srcset=\"https:\/\/www.radiopiu.net\/wordpress\/wp-content\/uploads\/2024\/04\/Schola-dei-Battuti-presso-San-Simon-Vallada-Agordina-300x225.jpg 300w, https:\/\/www.radiopiu.net\/wordpress\/wp-content\/uploads\/2024\/04\/Schola-dei-Battuti-presso-San-Simon-Vallada-Agordina-1024x768.jpg 1024w, https:\/\/www.radiopiu.net\/wordpress\/wp-content\/uploads\/2024\/04\/Schola-dei-Battuti-presso-San-Simon-Vallada-Agordina-768x576.jpg 768w, https:\/\/www.radiopiu.net\/wordpress\/wp-content\/uploads\/2024\/04\/Schola-dei-Battuti-presso-San-Simon-Vallada-Agordina-1536x1152.jpg 1536w, https:\/\/www.radiopiu.net\/wordpress\/wp-content\/uploads\/2024\/04\/Schola-dei-Battuti-presso-San-Simon-Vallada-Agordina.jpg 1600w\" sizes=\"auto, (max-width: 157px) 100vw, 157px\" \/><\/a><\/p>\n<p><strong>DI GIANNI SANTOMASO<\/strong><\/p>\n<p>OSPITE: Roberta Marcolongo, direttrice dell&#8217;EcoMuseo della Valle del Biois<\/p>\n<audio class=\"wp-audio-shortcode\" id=\"audio-386560-9\" preload=\"none\" style=\"width: 100%;\" controls=\"controls\"><source type=\"audio\/mpeg\" src=\"https:\/\/www.radiopiu.net\/wordpress\/wp-content\/uploads\/2024\/04\/RASSEGNA-GIANNI-3.mp3?_=9\" \/><a href=\"https:\/\/www.radiopiu.net\/wordpress\/wp-content\/uploads\/2024\/04\/RASSEGNA-GIANNI-3.mp3\">https:\/\/www.radiopiu.net\/wordpress\/wp-content\/uploads\/2024\/04\/RASSEGNA-GIANNI-3.mp3<\/a><\/audio>\n<p>&nbsp;<\/p>\n<p>&nbsp;<\/p>\n<p>&nbsp;<\/p>\n<hr \/>\n<p>&nbsp;<\/p>\n<blockquote>\n<h3 class=\"entry-title\">\u201cMODELLO 730\u201d: NON E\u2019 PIU\u2019 \u201cLUNARE\u201d, MA CONTA 152 PAGINE DI ISTRUZIONI<\/h3>\n<\/blockquote>\n<p class=\"photoswipe-wrapper\"><a class=\"dt-pswp-item pspw-wrap-ready\" href=\"https:\/\/www.radiopiu.net\/wordpress\/wp-content\/uploads\/2024\/04\/Schermata-2024-04-20-alle-09.04.20.png\" data-dt-img-description=\"\" data-large_image_width=\"1024\" data-large_image_height=\"490\"><img loading=\"lazy\" decoding=\"async\" class=\"size-medium wp-image-386538 alignleft\" src=\"https:\/\/www.radiopiu.net\/wordpress\/wp-content\/uploads\/2024\/04\/Schermata-2024-04-20-alle-09.04.20-300x144.png\" sizes=\"auto, (max-width: 300px) 100vw, 300px\" srcset=\"https:\/\/www.radiopiu.net\/wordpress\/wp-content\/uploads\/2024\/04\/Schermata-2024-04-20-alle-09.04.20-300x144.png 300w, https:\/\/www.radiopiu.net\/wordpress\/wp-content\/uploads\/2024\/04\/Schermata-2024-04-20-alle-09.04.20-768x368.png 768w, https:\/\/www.radiopiu.net\/wordpress\/wp-content\/uploads\/2024\/04\/Schermata-2024-04-20-alle-09.04.20.png 1024w\" alt=\"\" width=\"300\" height=\"144\" \/><\/a>Nulla a che vedere con quanto accadeva qualche decennio fa, quando il \u201cmodello 730\u201d fu definito addirittura \u201clunare\u201d. Da pi\u00f9 di qualche anno, fortunatamente, non \u00e8 pi\u00f9 cos\u00ec. Un lavoratore dipendente o un pensionato che voglia recuperare le spese mediche, scolastiche, sportive, universitarie, etc., pu\u00f2 farlo in piena autonomia, senza ricorrere a un Centro di Assistenza Fiscale (CAF).<br \/>\nTuttavia, c\u2019\u00e8 un problema: per non incorrere in errori e, conseguentemente, in un mancato rimborso economico, prima di accendere il computer e collegarsi al sito dell\u2019Agenzia delle Entrate \u00e8 necessario che si studi bene le istruzioni che\u00a0<strong>quest\u2019anno ammontano a 152 pagine, otto in pi\u00f9 rispetto alla stessa edizione del 2023.<\/strong><br \/>\nE\u2019 bene che lo faccia sia per controllare la correttezza delle detrazioni\/deduzioni inserite dall\u2019Amministrazione finanziaria nel proprio \u201cmodello on line\u201d sia per l\u2019eventuale integrazione delle voci mancanti. Insomma, non sar\u00e0 pi\u00f9 \u201clunare\u201d, ma nemmeno semplicissimo da compilare come qualcuno vorrebbe farci credere. A dirlo \u00e8 l\u2019Ufficio studi della CGIA.<\/p>\n<p><strong>In aumento le auto-compilazioni, ma molte sono in \u201cnero\u201d<\/strong><br \/>\nE\u2019 vero che in questi ultimi anni il numero di coloro che si auto-compilano il \u201cmodello 730\u201d \u00e8 in costante aumento e questo farebbe supporre che l\u2019operazione, nel suo complesso, sia molto agevole. Tuttavia, non \u00e8 da escludere che, almeno in parte, ci\u00f2 sia dovuto al fatto che, come consentito per legge, molti tecnici e addetti all\u2019assistenza fiscale in questo periodo ricevono la delega per redigerlo anche dai conoscenti, dagli amici e dai parenti, a fronte della corresponsione per ogni dichiarazione di qualche decina di euro in \u201cnero\u201d. Dati, purtroppo, non ce ne sono, ma l\u2019impressione che questo fenomeno sia in deciso incremento c\u2019\u00e8, eccome.<\/p>\n<p><strong>Quest\u2019anno debutta il \u201c730 semplificato\u201d<\/strong><br \/>\nVa comunque segnalato che da quest\u2019anno la modalit\u00e0 di presentazione della dichiarazione dovrebbe essere molto pi\u00f9 semplice rispetto alle ultime edizioni. L\u2019Agenzia delle Entrate, infatti, render\u00e0 disponibile ai lavoratori dipendenti e ai pensionati (in una apposita sezione dell\u2019applicativo web della dichiarazione precompilata) le informazioni in proprio possesso che \u2013 tramite un percorso guidato \u2013 potranno essere confermate o modificate. Ad oggi non sappiamo quanto semplice sar\u00e0 l\u2019aiuto che il fisco ci metter\u00e0 a disposizione; tuttavia, una volta definite, le informazioni saranno riportate in automatico nei campi del \u201cmodello 730\u201d che potr\u00e0 quindi essere inviato all\u2019Agenzia. Sia chiaro: se non si intende avvalersi di questa modalit\u00e0 semplificata, si proceder\u00e0 in via ordinaria, imputando nuovi dati o modificando quelli presenti.<\/p>\n<p><strong>Le prossime scadenze per i contribuenti Irpef<\/strong><br \/>\nPer la trasmissione del \u201cmodello 730\u201d semplificato per l\u2019anno 2024, le prossime scadenze sono le seguenti:<br \/>\na partire dal prossimo 30 aprile:\u00a0i contribuenti potranno accedere alla dichiarazione precompilata tramite i servizi telematici dell\u2019Agenzia delle Entrate. La dichiarazione precompilata verr\u00e0 pubblicata sull\u2019area riservata del contribuente;<\/p>\n<p>entro il 15 giugno: i sostituti d\u2019imposta, i CAF o i professionisti abilitati a cui i contribuenti si sono rivolti entro il 31 maggio effettueranno i controlli sulla regolarit\u00e0 della dichiarazione e trasmetteranno in via telematica all\u2019Agenzia delle Entrate le dichiarazioni predisposte e il loro risultato finale. Altres\u00ec, consegneranno al contribuente copia della dichiarazione elaborata e il relativo prospetto di liquidazione. La scadenza del 15 giugno pu\u00f2 essere posticipata al 29 giugno, al 23 luglio al 15 o al 30 settembre, a seconda che il contribuente si sia rivolto al sostituto di imposta, CAF o professionista abilitato entro i rispettivi termini: dall\u20191 al 20 giugno, dal 21 giugno al 15 luglio, dal 16 luglio al 31 agosto e dall\u20191 al 30 settembre;<\/p>\n<p>a partire da luglio i sostituti d\u2019imposta tratteranno le somme dovute per le imposte o effettueranno i rimborsi;<\/p>\n<p>entro il 25 ottobre: \u00e8 prevista la scadenza per l\u2019invio del modello 730\/2024 integrativo;<\/p>\n<p>a novembre il sostituto d\u2019imposta effettuer\u00e0 la trattenuta delle somme dovute a titolo di seconda o unica rata di acconto relativo all\u2019Irpef e alla cedolare secca.<br \/>\nI termini che scadono di sabato o in un giorno festivo sono prorogati al primo giorno feriale successivo.<\/p>\n<p><strong>Ci sono 625 agevolazioni e 105 miliardi di sconti fiscali<\/strong><br \/>\nL\u2019Ufficio Parlamentare di Bilancio (UPB)1 rileva che nel 2024 si contano ben 625 sconti fiscali (deduzioni, detrazioni, crediti di imposta, etc.), mentre nel 2018 erano 466 (variazione +34,1 per cento). L\u2019incremento \u00e8 riconducibile all\u2019impennata subita dai crediti di imposta legati ai lavori edilizi. Queste 625 voci di spesa garantiscono uno sconto fiscale a tutti i contribuenti italiani (lavoratori dipendenti, pensionati, lavoratori autonomi e imprese) che, quest\u2019anno, sfiora i 105 miliardi di euro. Rispetto al 2018 (quando cubavano 54,2 miliardi), le agevolazioni economiche in valore assoluto sono quasi raddoppiate (+93,6 per cento) (vedi Tab. 1). I soli contribuenti Irpef (dipendenti e pensionati), sempre nel 2024 possono godere di un vantaggio economico ascrivibile alle spese fiscali \u00e8 di 57,5 miliardi di euro (pari al 55 per cento del totale).<\/p>\n<p><strong>Un sistema all\u2019incontrario: le detrazioni avvantaggiano i ricchi<\/strong><br \/>\nNello studio richiamato pi\u00f9 sopra, l\u2019UPB ha realizzato un focus sulle detrazioni per oneri ed erogazioni liberali, dove le principali tipologie di detrazione riguardavano la sanit\u00e0, i mutui per l\u2019abitazione principale, l\u2019istruzione, le assicurazioni, le erogazioni e le spese funebri. Nell\u2019anno di imposta 2021 il vantaggio fiscale, che ammontava a 6 miliardi di euro, ha interessato principalmente i contribuenti ad alto reddito, mentre i soggetti a basso reddito hanno beneficiato di pochi vantaggi fiscali a causa dell\u2019incapienza fiscale. Un fenomeno, quest\u2019ultimo, in espansione anche a seguito del progressivo aumento delle soglie di esenzione Irpef e del maggiore ricorso anche ad altre forme di detrazione, come quelle edilizie.<\/p>\n<p><strong>Stop agli sconti fiscali, s\u00ec a trasferimenti diretti ai meno abbienti<\/strong><br \/>\nInsomma, il costante aumento del numero delle detrazioni e delle deduzioni fiscali ha incrementato la frammentazione e peggiorato la trasparenza del nostro sistema fiscale, avvantaggiando in misura maggiore i benestanti, anzich\u00e9 i pi\u00f9 poveri. Sebbene quest\u2019anno potremo contare su un \u201cmodello 730 semplificato\u201d, il problema andrebbe affrontato diversamente, consentendo ai redditi pi\u00f9 bassi di ricevere un trasferimento monetario diretto dallo Stato, anzich\u00e9 usufruire, in misura sempre pi\u00f9 contenuta perch\u00e9 al di sotto delle soglie di esenzione Irpef, di detrazioni e deduzioni fiscali, soprattutto per \u201cabbattere\u201d le spese mediche e quelle farmaceutiche.<\/p>\n<p>&nbsp;<\/p>\n<p>&nbsp;<\/p>\n<hr \/>\n<p>&nbsp;<\/p>\n<h2><span style=\"color: #ff0000;\">CONSIGLI COMUNALI IN AGORDINO<\/span><\/h2>\n<p><strong>AGORDO<\/strong> Oggi alle 8.30 del mattino consiglio comunale ad Agordo. All&#8217;ordine del giorno l&#8217;approvazione del bilancio (annuale e pluriennale) dell&#8217;Azienda Speciale Consortile Agordina; approvazione rendiconto di gestione e adozione del Pat, piano di assetto del territorio. <strong>DALLE 9 15\u00a0 IN DIRETTA SUI CANALI SOCIAL DI RADIOPIU<\/strong><\/p>\n<p><strong>LIVINALLONGO<\/strong> Il sindaco di Livinallongo Leandro Grones ha convocato i consiglieri comunali per oggi alle 20:30. Saranno 7 i punti da discutere nel consiglio comunale. Tra i punti all&#8217;ordine del giorno l&#8217;approvazione del regolamento comunale per locazione di unit\u00e0 immobliari, la costituzione dei Ladins de Souramont, due variazioni a bilancio e una convenzione con l&#8217;Ulss 1 Dolomiti per l&#8217;erogazione di impegnative particolari.<\/p>\n<p><strong>TAIBON<\/strong> Il Consiglio Comunale di Taibon \u00e8 convocato mercoled\u00ec alle ore 19. L&#8217;ordine del giorno include i bilanci di A.S.C.A. e dell&#8217;Azienda Speciale Multiservizi, lo schema e gli allegati del rendiconto di gestione finanziaria 2023, variazioni al bilancio di previsione 2024\/2026, e altre questioni urbanistiche e autorizzazioni relative ai lavori elettrici nella Val Corpassa.<\/p>\n<p>&nbsp;<\/p>\n<p>&nbsp;<\/p>\n<hr \/>\n<p>&nbsp;<\/p>\n<blockquote>\n<h2><span style=\"color: #ff0000;\">Gli ecomusei del Veneto si raccontano<\/span><\/h2>\n<\/blockquote>\n<div class=\"flex-1 overflow-hidden\">\n<div class=\"react-scroll-to-bottom--css-gohku-79elbk h-full\">\n<div class=\"react-scroll-to-bottom--css-gohku-1n7m0yu\">\n<div class=\"flex flex-col text-sm pb-9\">\n<div class=\"w-full text-token-text-primary\" dir=\"auto\" data-testid=\"conversation-turn-107\">\n<div class=\"px-4 py-2 justify-center text-base md:gap-6 m-auto\">\n<div class=\"flex flex-1 text-base mx-auto gap-3 juice:gap-4 juice:md:gap-6 md:px-5 lg:px-1 xl:px-5 md:max-w-3xl lg:max-w-[40rem] xl:max-w-[48rem]\">\n<div class=\"relative flex w-full flex-col agent-turn\">\n<div class=\"flex-col gap-1 md:gap-3\">\n<div class=\"flex flex-grow flex-col max-w-full\">\n<div class=\"min-h-[20px] text-message flex flex-col items-start gap-3 whitespace-pre-wrap break-words [.text-message+&amp;]:mt-5 overflow-x-auto\" dir=\"auto\" data-message-author-role=\"assistant\" data-message-id=\"4b4fceaf-62a1-4413-acb5-9ecd9cdc0af6\">\n<div class=\"markdown prose w-full break-words dark:prose-invert dark\">\n<p><strong>CANALE D&#8217;AGORDO<\/strong> Il primo Meeting degli Ecomusei del Veneto, organizzato\u00a0 in Valle del Biois\u00a0 fino al 28 aprile \u00e8 un&#8217;occasione per tutti gli ecomusei regionali di presentare le bellezze naturali, storiche e culturali dei loro territori. L&#8217;evento, promosso dall&#8217;Ecomuseo della Valle del Biois, permetter\u00e0 anche di approfondire il concetto di ecomuseo, basato sull&#8217;interazione tra territorio e comunit\u00e0. Durante le giornate del meeting, saranno organizzati incontri con le scuole locali, sessioni di lavoro per gli operatori degli ecomusei e una serata culturale aperta alla comunit\u00e0, seguita da due giorni di visite guidate gratuite ai siti dell&#8217;Ecomuseo Valle del Biois.<\/p>\n<\/div>\n<\/div>\n<\/div>\n<\/div>\n<\/div>\n<\/div>\n<\/div>\n<\/div>\n<\/div>\n<\/div>\n<\/div>\n<\/div>\n<p>&nbsp;<\/p>\n<p>&nbsp;<\/p>\n<hr \/>\n<p>&nbsp;<\/p>\n<blockquote>\n<h3>A MEL UN WORKSHOP PER PARLARE DEL CORPO<\/h3>\n<\/blockquote>\n<p><strong><a class=\"dt-pswp-item\" href=\"https:\/\/www.radiopiu.net\/wordpress\/wp-content\/uploads\/2024\/04\/post.png\" data-dt-img-description=\"\" data-large_image_width=\"940\" data-large_image_height=\"788\"><img loading=\"lazy\" decoding=\"async\" class=\" wp-image-385850 alignleft\" src=\"https:\/\/www.radiopiu.net\/wordpress\/wp-content\/uploads\/2024\/04\/post-300x251.png\" alt=\"\" width=\"139\" height=\"116\" srcset=\"https:\/\/www.radiopiu.net\/wordpress\/wp-content\/uploads\/2024\/04\/post-300x251.png 300w, https:\/\/www.radiopiu.net\/wordpress\/wp-content\/uploads\/2024\/04\/post-768x644.png 768w, https:\/\/www.radiopiu.net\/wordpress\/wp-content\/uploads\/2024\/04\/post.png 940w\" sizes=\"auto, (max-width: 139px) 100vw, 139px\" \/><\/a>BORGO VALBELLUNA<\/strong> &#8220;Dal corpo alla parola&#8221; \u00e8 un workshop che unisce espressione creativa e movimento corporeo. Scopo: liberare il corpo da tensioni, connetterlo con l&#8217;istinto artistico e il fuoco scenico. Aperto a tutti, anche a chi ha esperienza. Attraverso il movimento libero e la gestione del corpo, impareremo a farlo dialogare con la parola. L&#8217;attore agisce organicamente: corpo e parola si fondono. Analizzeremo testi, esploreremo lo spazio e la vita silenziosa. Il laboratorio comprende 5 lezioni di 1 ora e 30 minuti, suddivise per et\u00e0: 11-14, 15-18, adulti. Si terr\u00e0 presso l&#8217;ex chiesa di San Pietro di Borgo Valbelluna ogni gioved\u00ec di maggio 2024. Contatti: <a target=\"_new\" rel=\"noopener\">fornasatilive@gmail.com<\/a>, 3298849696.<\/p>\n<p><strong>DI ROBERTO BONA<\/strong><\/p>\n<audio class=\"wp-audio-shortcode\" id=\"audio-386560-10\" preload=\"none\" style=\"width: 100%;\" controls=\"controls\"><source type=\"audio\/mpeg\" src=\"https:\/\/www.radiopiu.net\/wordpress\/wp-content\/uploads\/2024\/04\/BONA-DAL-CORPO-ALLA-PAROLA.mp3?_=10\" \/><a href=\"https:\/\/www.radiopiu.net\/wordpress\/wp-content\/uploads\/2024\/04\/BONA-DAL-CORPO-ALLA-PAROLA.mp3\">https:\/\/www.radiopiu.net\/wordpress\/wp-content\/uploads\/2024\/04\/BONA-DAL-CORPO-ALLA-PAROLA.mp3<\/a><\/audio>\n<p>&nbsp;<\/p>\n<hr \/>\n<p>&nbsp;<\/p>\n<div class=\"flex-1 overflow-hidden\">\n<div class=\"react-scroll-to-bottom--css-gohku-79elbk h-full\">\n<div class=\"react-scroll-to-bottom--css-gohku-1n7m0yu\">\n<div class=\"flex flex-col text-sm pb-9\">\n<div class=\"w-full text-token-text-primary\" dir=\"auto\" data-testid=\"conversation-turn-93\">\n<div class=\"px-4 py-2 justify-center text-base md:gap-6 m-auto\">\n<div class=\"flex flex-1 text-base mx-auto gap-3 juice:gap-4 juice:md:gap-6 md:px-5 lg:px-1 xl:px-5 md:max-w-3xl lg:max-w-[40rem] xl:max-w-[48rem]\">\n<div class=\"relative flex w-full flex-col agent-turn\">\n<div class=\"absolute\">\n<div class=\"flex w-full gap-2 items-center justify-center\">\n<div class=\"w-full pt-2 md:pt-0 dark:border-white\/20 md:border-transparent md:dark:border-transparent md:w-[calc(100%-.5rem)]\">\n<form class=\"stretch mx-2 flex flex-row gap-3 last:mb-2 md:mx-4 md:last:mb-6 lg:mx-auto lg:max-w-2xl xl:max-w-3xl\">\n<div class=\"relative flex h-full flex-1 flex-col\">\n<blockquote>\n<h3 class=\"flex w-full items-center\">GIOVEDI 25 APRILE DALLE 16&#8230;. DIRETTA RADIO<\/h3>\n<\/blockquote>\n<div class=\"flex w-full items-center\">\n<p><span style=\"color: #ff0000;\"><strong><span style=\"color: #0000ff;\">Radio Pi\u00f9 in esterno da Bardin, con la regia di Gianfranco Tome&#8217;&#8230; caleranno a Santa Giustina: Luisa Alchini, Paola Lanciato, Marina Don\u00f9, Brunella Moro, Marco Gaz, Francesco Tome&#8217;, il cantautore MARCO V DAL FARRA coordinamento Mirko Mezzacasa\u00a0<\/span><\/strong><\/span><\/p>\n<p>&nbsp;<\/p>\n<\/div>\n<\/div>\n<\/form>\n<\/div>\n<\/div>\n<\/div>\n<\/div>\n<\/div>\n<\/div>\n<\/div>\n<\/div>\n<\/div>\n<\/div>\n<\/div>\n<div class=\"w-full pt-2 md:pt-0 dark:border-white\/20 md:border-transparent md:dark:border-transparent md:w-[calc(100%-.5rem)]\">\n<form class=\"stretch mx-2 flex flex-row gap-3 last:mb-2 md:mx-4 md:last:mb-6 lg:mx-auto lg:max-w-2xl xl:max-w-3xl\">\n<div class=\"relative flex h-full flex-1 flex-col\">\n<div class=\"flex w-full items-center\"><a class=\"dt-pswp-item\" href=\"https:\/\/www.radiopiu.net\/wordpress\/wp-content\/uploads\/2024\/04\/BARDIN.png\" data-dt-img-description=\"\" data-large_image_width=\"450\" data-large_image_height=\"328\"><img loading=\"lazy\" decoding=\"async\" class=\"size-medium wp-image-386376 aligncenter\" src=\"https:\/\/www.radiopiu.net\/wordpress\/wp-content\/uploads\/2024\/04\/BARDIN-300x219.png\" alt=\"\" width=\"300\" height=\"219\" srcset=\"https:\/\/www.radiopiu.net\/wordpress\/wp-content\/uploads\/2024\/04\/BARDIN-300x219.png 300w, https:\/\/www.radiopiu.net\/wordpress\/wp-content\/uploads\/2024\/04\/BARDIN.png 450w\" sizes=\"auto, (max-width: 300px) 100vw, 300px\" \/><\/a><\/div>\n<\/div>\n<\/form>\n<\/div>\n<p>&nbsp;<\/p>\n<blockquote><p><em>prossimi appuntamenti: 18 maggio compleanno di Mirco De Bona a Belluno, 1 giugno la festa PIU&#8217; Siamo con speciale guest Jessica Lena, alla Birreria Pedavena La Valle Agordina, in previsione la presenza\u00a0 Feltre alla Mostra dell&#8217;Artigianato.\u00a0<\/em><\/p><\/blockquote>\n<p>&nbsp;<\/p>\n<hr \/>\n<p>&nbsp;<\/p>\n<blockquote>\n<h3>UN WORKSHOP IN VISTA DELLE OLIMPIADI<\/h3>\n<\/blockquote>\n<p><strong>PIEVE DI CADORE<\/strong> Il Consorzio Cadore Dolomiti, con il supporto tecnico del Centro Consorzi, invita al seminario &#8220;Turismo Montano (&amp; Dolomitico): storia, sviluppo, nuovi trend&#8221;, nell&#8217;ambito del progetto finanziato dalla Regione Veneto, &#8220;Verso Milano Cortina 2026: da un turismo locale a uno internazionale&#8221;. Si terr\u00e0 luned\u00ec oggi, dalle 14:00 alle 18:00, alla Magnifica Comunit\u00e0 del Cadore a Pieve di Cadore. Un&#8217;occasione per esplorare l&#8217;evoluzione del turismo montano e dolomitico, in vista delle prossime Olimpiadi e per discutere sulle nuove tendenze del settore.<\/p>\n<p>&nbsp;<\/p>\n<p>&nbsp;<\/p>\n<hr \/>\n<p>&nbsp;<\/p>\n<blockquote>\n<h3>IL SEMINARIO &#8220;CREATIVITA&#8217; PER LA LIBERTA'&#8221;<\/h3>\n<\/blockquote>\n<p><strong>BELLUNO<\/strong> Il 27 aprile presso il Centro di Solidariet\u00e0 di Belluno onlus si terr\u00e0 il primo seminario del progetto &#8220;Creativit\u00e0 per la libert\u00e0&#8221;, finanziato dal Dipartimento per Le Politiche Antidroga della Presidenza del Consiglio dei Ministri. Il progetto si focalizza sulla prevenzione e il contrasto delle dipendenze comportamentali e da sostanze nelle nuove generazioni. Il seminario &#8220;Corpo ed emozioni: strumenti per la relazione&#8221; introdurr\u00e0 ai laboratori di movimento espressivo per ragazzi coinvolti nei campi estivi 2024 organizzati da ODAR e APS Amici dei Disabili e dei Minori. Rivolto agli educatori\/animatori, il seminario offrir\u00e0 conoscenze sulle emozioni di base e competenze per una comunicazione efficace e relazioni aperte ed emotive. Tenuto dal dottor Andrea Genuin, psicologo clinico specializzato nella conduzione dei Bonding Group, il seminario includer\u00e0 anche esperienze pratiche.<\/p>\n<p>&nbsp;<\/p>\n<p>&nbsp;<\/p>\n<hr \/>\n<p>&nbsp;<\/p>\n<blockquote>\n<h3>LA RACCOLTA FONDI PER FIBROSI CISTICA<\/h3>\n<\/blockquote>\n<div data-block=\"true\" data-editor=\"avj4u\" data-offset-key=\"d3i0j-0-0\">\n<p><strong>BELLUNO<\/strong> Volontari in azione per la raccolta fondi Fibrosi Cistica, regalando dipladenie: 4 maggio Agordo e Parrocchie del Poi; 11 e 12 maggio Falcade e Caviola; 4 maggio Alpini Castion, Puos d&#8217;Alpago, Zoppe&#8217; di Cadore, Santo Stefano di Cadore, Belluno; 8 maggio Alpini Limana; Farra d&#8217;Alpago e Dosoledo, consegna porta a porta.<\/p>\n<div data-block=\"true\" data-editor=\"avj4u\" data-offset-key=\"d3i0j-0-0\"><\/div>\n<\/div>\n<div data-block=\"true\" data-editor=\"avj4u\" data-offset-key=\"d3i0j-0-0\"><\/div>\n<div data-block=\"true\" data-editor=\"avj4u\" data-offset-key=\"d3i0j-0-0\">\n<hr \/>\n<\/div>\n<div data-block=\"true\" data-editor=\"avj4u\" data-offset-key=\"d3i0j-0-0\"><\/div>\n<blockquote>\n<h3 data-block=\"true\" data-editor=\"avj4u\" data-offset-key=\"d3i0j-0-0\"><a class=\"dt-pswp-item\" href=\"https:\/\/www.radiopiu.net\/wordpress\/wp-content\/uploads\/2024\/04\/f7522d6e-3fa7-42d1-991b-0eca34f70748.jpg\" data-dt-img-description=\"\" data-large_image_width=\"1080\" data-large_image_height=\"1519\"><img loading=\"lazy\" decoding=\"async\" class=\" wp-image-385870 alignleft\" src=\"https:\/\/www.radiopiu.net\/wordpress\/wp-content\/uploads\/2024\/04\/f7522d6e-3fa7-42d1-991b-0eca34f70748-213x300.jpg\" alt=\"\" width=\"99\" height=\"139\" srcset=\"https:\/\/www.radiopiu.net\/wordpress\/wp-content\/uploads\/2024\/04\/f7522d6e-3fa7-42d1-991b-0eca34f70748-213x300.jpg 213w, https:\/\/www.radiopiu.net\/wordpress\/wp-content\/uploads\/2024\/04\/f7522d6e-3fa7-42d1-991b-0eca34f70748-728x1024.jpg 728w, https:\/\/www.radiopiu.net\/wordpress\/wp-content\/uploads\/2024\/04\/f7522d6e-3fa7-42d1-991b-0eca34f70748-768x1080.jpg 768w, https:\/\/www.radiopiu.net\/wordpress\/wp-content\/uploads\/2024\/04\/f7522d6e-3fa7-42d1-991b-0eca34f70748.jpg 1080w\" sizes=\"auto, (max-width: 99px) 100vw, 99px\" \/><\/a>LA FESTA DELLA LIBERAZIONE A SOSPIROLO<\/h3>\n<\/blockquote>\n<p data-block=\"true\" data-editor=\"avj4u\" data-offset-key=\"d3i0j-0-0\"><strong>SOSPIROLO<\/strong><\/p>\n<p data-block=\"true\" data-editor=\"avj4u\" data-offset-key=\"d3i0j-0-0\"><strong>DI ROBERTO BONA<\/strong><\/p>\n<audio class=\"wp-audio-shortcode\" id=\"audio-386560-11\" preload=\"none\" style=\"width: 100%;\" controls=\"controls\"><source type=\"audio\/mpeg\" src=\"https:\/\/www.radiopiu.net\/wordpress\/wp-content\/uploads\/2024\/04\/BONA-FESTA-LIBERAZIONE-SOSPIROLO.mp3?_=11\" \/><a href=\"https:\/\/www.radiopiu.net\/wordpress\/wp-content\/uploads\/2024\/04\/BONA-FESTA-LIBERAZIONE-SOSPIROLO.mp3\">https:\/\/www.radiopiu.net\/wordpress\/wp-content\/uploads\/2024\/04\/BONA-FESTA-LIBERAZIONE-SOSPIROLO.mp3<\/a><\/audio>\n<p>&nbsp;<\/p>\n<hr \/>\n<p>&nbsp;<\/p>\n<blockquote>\n<h3>UNA FESTA DELLA LIBERAZIONE SPECIALE A LENTIAI<\/h3>\n<\/blockquote>\n<p><strong>BORGO VALBELLUNA<\/strong> La celebrazione della Festa della Liberazione a Borgo Valbelluna sar\u00e0 resa ancora pi\u00f9 significativa dalla partecipazione dei ragazzi della classe terza A della secondaria di Lentiai. Davanti al Municipio, illustreranno il loro lavoro scolastico con cartelloni, accompagnati dalla musica degli studenti dell&#8217;indirizzo musicale. Canzoni come l&#8217;Inno d&#8217;Italia e Bella Ciao risuoneranno insieme a &#8220;La luna di Kiev&#8221;, diventata inno dell&#8217;Istituto Comprensivo di Mel e Lentiai. I ragazzi si sono ispirati al libro &#8220;Storie della Resistenza&#8221; per esplorare il pensiero di un partigiano anonimo, evidenziando parole chiave come politica, repubblichini e tedeschi. La professoressa D&#8217;Attilio ha introdotto una prospettiva pi\u00f9 ampia sulla Resistenza, seguendo il pensiero di Lidia Menapace. Il coinvolgimento dei giovani mira a correggere la visione limitata delle celebrazioni, conferendo loro un ruolo attivo nella commemorazione storica.<\/p>\n<p>&nbsp;<\/p>\n<p>&nbsp;<\/p>\n<hr \/>\n<p>&nbsp;<\/p>\n<blockquote>\n<h3>L&#8217;ASSEMBLEA DEL GAV<\/h3>\n<\/blockquote>\n<p><strong>AGORDO<\/strong> Il GAV, Gruppo Assistenza Volontaria, ha indetto un&#8217;assemblea per domenica 28 aprile alle 11 al Centro Parrocchiale Don Vincenzo Savio di Agordo. Sette i punti da discutere tra cui la relazione delle attivit\u00e0 svolte nel 2023, l&#8217;approvazione del bilancio consuntivo 2024 e la presentazione delle attivit\u00e0 previste nel 2024.<\/p>\n<p>&nbsp;<\/p>\n<p>&nbsp;<\/p>\n<hr \/>\n<p>&nbsp;<\/p>\n<blockquote>\n<h3>LE ERBE AROMATICHE DI AISM<\/h3>\n<\/blockquote>\n<p>Con una donazione di 12 Euro sar\u00e0 possibile ottenere un kit con un mix di 2 piante aromatiche. Una parte del ricavato andr\u00e0 a sostegno delle attivit\u00e0 che la Sezione organizza sul territorio della Provincia a favore delle persone affette da sclerosi multipla. Per maggiori informazioni 0437 98168<\/p>\n<p>&nbsp;<\/p>\n<hr \/>\n<p>&nbsp;<\/p>\n<blockquote>\n<h3><strong>Disponibili online le certificazioni esenzioni per reddito dal 9 aprile 2024<\/strong><\/h3>\n<\/blockquote>\n<p><strong>BELLUNO<\/strong> L&#8217;Azienda ULSS 1 Dolomiti informa che le certificazioni delle esenzioni per reddito saranno accessibili dal 9 aprile 2024 sul portale <a href=\"https:\/\/salute.regione.veneto.it\/\" target=\"_new\" rel=\"noopener\">salute.regione.veneto.it<\/a>.<\/p>\n<a href=\"https:\/\/www.radiopiu.net\/wordpress\/wp-content\/uploads\/2024\/04\/Locandina_certificati-di-esenzione-2024.pdf\" class=\"pdfemb-viewer\" style=\"\" data-width=\"max\" data-height=\"max\" data-toolbar=\"top\" data-toolbar-fixed=\"on\">Locandina_certificati di esenzione 2024<\/a>\n<p>&nbsp;<\/p>\n<p>&nbsp;<\/p>\n<hr \/>\n<p>&nbsp;<\/p>\n<blockquote>\n<h3>&#8220;I LIBRI PARLANO&#8221; A CENCENIGHE<\/h3>\n<\/blockquote>\n<p><strong>DI LUISA ALCHINI <\/strong><\/p>\n<p><strong>CENCENIGHE <\/strong>Venerd\u00ec dalle 18.00, nella Sala Consigliare del Municipio di Cencenighe, la delegazione del Libro Parlato di Feltre composta dalla Presidente Luisa Alchini, dalle Consigliere Loredana Borghetto e Raffaela Bellot, assieme al Consigliere Fabio Dalla Zuanna ( attore e formatore di lettura espressiva), su invito dell\u2019Assessore Orietta Scardanzan , hanno partecipato all\u2019evento \u201cI libri parlano\u201d, volto ad illustrare la storia e l\u2019attivit\u00e0 dell\u2019associazione. Oltre a raccontare il Cilp, i relatori hanno spiegato che una delle attivit\u00e0 parallele alla produzione degli audio libri a cui i \u201cLibri Parlanti\u201d (volontari dell\u2019associazione che leggono in pubblico) sono chiamati , \u00e8 quella di leggere nelle RSA della provincia. Il Cilp Infatti da tempo partecipa con le sue \u201cvoci\u201d a tanti eventi sul territorio e grazie agli accordi siglati con Azienda Feltrina, La Casa di Riposo di Meano e di Livinalongo portano sollievo con racconti rivolti agli anziani. Proprio con l\u2019obiettivo di incrementare i lettori locali, il Cilp accoglie volentieri gli inviti per eventi informativi, occasioni in cui vengono forniti numeri, risultati e nozioni utili per gli aspiranti donatori di voce offrendo spesso suggestivi reading, come quello proposto da Fabio Della Zuanna a Cencenighe che ha stupito e divertito il pubblico presente in sala. Grazie alla disponibilit\u00e0 del Comune di Cencenighe in particolare di Orietta Scardanzan ed Elisa Cancel, il Cilp ha gi\u00e0 raccolto nuove adesioni di persone desiderose di sperimentare questa piacevole ad arricchente attivit\u00e0 di volontariato. E\u2019 auspicabile che si venga a creare un gruppo agordino che potr\u00e0 unirsi a quello dei Libri Parlanti di Belluno e Feltre per proficue nuove collaborazioni.<\/p>\n\n\t\t\t<style type='text\/css'>\n\t\t\t\t#gallery-6 {\n\t\t\t\t\tmargin: auto;\n\t\t\t\t}\n\t\t\t\t#gallery-6 .gallery-item {\n\t\t\t\t\tfloat: left;\n\t\t\t\t\tmargin-top: 10px;\n\t\t\t\t\ttext-align: center;\n\t\t\t\t\twidth: 50%;\n\t\t\t\t}\n\t\t\t\t#gallery-6 img {\n\t\t\t\t\tborder: 2px solid #cfcfcf;\n\t\t\t\t}\n\t\t\t\t#gallery-6 .gallery-caption {\n\t\t\t\t\tmargin-left: 0;\n\t\t\t\t}\n\t\t\t\t\/* see gallery_shortcode() in wp-includes\/media.php *\/\n\t\t\t<\/style>\n\t\t<div id='gallery-6' class='dt-gallery-container gallery galleryid-386560 gallery-columns-2 gallery-size-medium'><dl class='gallery-item'>\n\t\t\t\t<dt class='gallery-icon landscape'>\n\t\t\t\t\t<a class=\"rollover rollover-zoom dt-pswp-item\" title=\"926203c9-2af3-4a96-b636-6b3721e8d036\" data-dt-img-description=\"\" data-large_image_width=\"2048\" data-large_image_height=\"1536\"href='https:\/\/www.radiopiu.net\/wordpress\/wp-content\/uploads\/2024\/04\/926203c9-2af3-4a96-b636-6b3721e8d036.jpg'><img loading=\"lazy\" decoding=\"async\" width=\"300\" height=\"225\" src=\"https:\/\/www.radiopiu.net\/wordpress\/wp-content\/uploads\/2024\/04\/926203c9-2af3-4a96-b636-6b3721e8d036-300x225.jpg\" class=\"attachment-medium size-medium\" alt=\"\" srcset=\"https:\/\/www.radiopiu.net\/wordpress\/wp-content\/uploads\/2024\/04\/926203c9-2af3-4a96-b636-6b3721e8d036-300x225.jpg 300w, https:\/\/www.radiopiu.net\/wordpress\/wp-content\/uploads\/2024\/04\/926203c9-2af3-4a96-b636-6b3721e8d036-1024x768.jpg 1024w, https:\/\/www.radiopiu.net\/wordpress\/wp-content\/uploads\/2024\/04\/926203c9-2af3-4a96-b636-6b3721e8d036-768x576.jpg 768w, https:\/\/www.radiopiu.net\/wordpress\/wp-content\/uploads\/2024\/04\/926203c9-2af3-4a96-b636-6b3721e8d036-1536x1152.jpg 1536w, https:\/\/www.radiopiu.net\/wordpress\/wp-content\/uploads\/2024\/04\/926203c9-2af3-4a96-b636-6b3721e8d036.jpg 2048w\" sizes=\"auto, (max-width: 300px) 100vw, 300px\" \/><\/a>\n\t\t\t\t<\/dt><\/dl><dl class='gallery-item'>\n\t\t\t\t<dt class='gallery-icon landscape'>\n\t\t\t\t\t<a class=\"rollover rollover-zoom dt-pswp-item\" title=\"55e53f86-fa6b-4b19-98c4-2ed4bbe7fe9d\" data-dt-img-description=\"\" data-large_image_width=\"2048\" data-large_image_height=\"1536\"href='https:\/\/www.radiopiu.net\/wordpress\/wp-content\/uploads\/2024\/04\/55e53f86-fa6b-4b19-98c4-2ed4bbe7fe9d.jpg'><img loading=\"lazy\" decoding=\"async\" width=\"300\" height=\"225\" src=\"https:\/\/www.radiopiu.net\/wordpress\/wp-content\/uploads\/2024\/04\/55e53f86-fa6b-4b19-98c4-2ed4bbe7fe9d-300x225.jpg\" class=\"attachment-medium size-medium\" alt=\"\" srcset=\"https:\/\/www.radiopiu.net\/wordpress\/wp-content\/uploads\/2024\/04\/55e53f86-fa6b-4b19-98c4-2ed4bbe7fe9d-300x225.jpg 300w, https:\/\/www.radiopiu.net\/wordpress\/wp-content\/uploads\/2024\/04\/55e53f86-fa6b-4b19-98c4-2ed4bbe7fe9d-1024x768.jpg 1024w, https:\/\/www.radiopiu.net\/wordpress\/wp-content\/uploads\/2024\/04\/55e53f86-fa6b-4b19-98c4-2ed4bbe7fe9d-768x576.jpg 768w, https:\/\/www.radiopiu.net\/wordpress\/wp-content\/uploads\/2024\/04\/55e53f86-fa6b-4b19-98c4-2ed4bbe7fe9d-1536x1152.jpg 1536w, https:\/\/www.radiopiu.net\/wordpress\/wp-content\/uploads\/2024\/04\/55e53f86-fa6b-4b19-98c4-2ed4bbe7fe9d.jpg 2048w\" sizes=\"auto, (max-width: 300px) 100vw, 300px\" \/><\/a>\n\t\t\t\t<\/dt><\/dl><br style=\"clear: both\" \/>\n\t\t\t<\/div>\n\n<p>&nbsp;<\/p>\n<hr \/>\n<p>&nbsp;<\/p>\n<blockquote>\n<h3>&#8220;MONTE DI LUNA, VITA SERENA&#8221;, IL LIBRO DI ADONE SANTOMASO<\/h3>\n<\/blockquote>\n<p><strong>AGORDO<\/strong> Al Centro Parrocchiale Don Vincenzo Savio di Agordo la presentazione del libro di Adone Santomaso dal titolo \u201cMonte di luna vita serena\u201d.<\/p>\n<p><strong>LA DIRETTA RADIO PIU&#8217;<\/strong><\/p>\n<p><iframe loading=\"lazy\" title=\"PRESENTAZIONE DI &quot;MONTE DI LUNA, VITA SERENA&quot;, IL LIBRO DI ADONE SANTOMASO\" width=\"1200\" height=\"675\" src=\"https:\/\/www.youtube.com\/embed\/YwFF0o11dEk?feature=oembed\" frameborder=\"0\" allow=\"accelerometer; autoplay; clipboard-write; encrypted-media; gyroscope; picture-in-picture; web-share\" referrerpolicy=\"strict-origin-when-cross-origin\" allowfullscreen><\/iframe><\/p>\n<p>&nbsp;<\/p>\n<hr \/>\n<p>&nbsp;<\/p>\n<blockquote>\n<h3>LUCIA DALMASSO OSPITE DEGLI ALPINI DI FALCADE<\/h3>\n<\/blockquote>\n<p><strong>FALCADE <\/strong>Il gruppo Alpini di Falcade ha organizzato un incontro con Lucia Dalmasso, la snowboarder di Falcade che ha appena finito la stagione in Coppa del Mondo. Un momento per incontrare la falcadina e per scambiare qualche chiacchera con Lucia.<\/p>\n\n\t\t\t<style type='text\/css'>\n\t\t\t\t#gallery-7 {\n\t\t\t\t\tmargin: auto;\n\t\t\t\t}\n\t\t\t\t#gallery-7 .gallery-item {\n\t\t\t\t\tfloat: left;\n\t\t\t\t\tmargin-top: 10px;\n\t\t\t\t\ttext-align: center;\n\t\t\t\t\twidth: 16%;\n\t\t\t\t}\n\t\t\t\t#gallery-7 img {\n\t\t\t\t\tborder: 2px solid #cfcfcf;\n\t\t\t\t}\n\t\t\t\t#gallery-7 .gallery-caption {\n\t\t\t\t\tmargin-left: 0;\n\t\t\t\t}\n\t\t\t\t\/* see gallery_shortcode() in wp-includes\/media.php *\/\n\t\t\t<\/style>\n\t\t<div id='gallery-7' class='dt-gallery-container gallery galleryid-386560 gallery-columns-6 gallery-size-thumbnail'><dl class='gallery-item'>\n\t\t\t\t<dt class='gallery-icon landscape'>\n\t\t\t\t\t<a class=\"rollover rollover-zoom dt-pswp-item\" title=\"886bb59c-3eba-41ab-8140-78e404f70ccf\" data-dt-img-description=\"\" data-large_image_width=\"2048\" data-large_image_height=\"1152\"href='https:\/\/www.radiopiu.net\/wordpress\/wp-content\/uploads\/2024\/04\/886bb59c-3eba-41ab-8140-78e404f70ccf.jpg'><img loading=\"lazy\" decoding=\"async\" width=\"150\" height=\"150\" src=\"https:\/\/www.radiopiu.net\/wordpress\/wp-content\/uploads\/2024\/04\/886bb59c-3eba-41ab-8140-78e404f70ccf-150x150.jpg\" class=\"attachment-thumbnail size-thumbnail\" alt=\"\" \/><\/a>\n\t\t\t\t<\/dt><\/dl><dl class='gallery-item'>\n\t\t\t\t<dt class='gallery-icon landscape'>\n\t\t\t\t\t<a class=\"rollover rollover-zoom dt-pswp-item\" title=\"7c3a79c7-4277-4956-aba3-b3d1d8684324\" data-dt-img-description=\"\" data-large_image_width=\"2048\" data-large_image_height=\"1152\"href='https:\/\/www.radiopiu.net\/wordpress\/wp-content\/uploads\/2024\/04\/7c3a79c7-4277-4956-aba3-b3d1d8684324.jpg'><img loading=\"lazy\" decoding=\"async\" width=\"150\" height=\"150\" src=\"https:\/\/www.radiopiu.net\/wordpress\/wp-content\/uploads\/2024\/04\/7c3a79c7-4277-4956-aba3-b3d1d8684324-150x150.jpg\" class=\"attachment-thumbnail size-thumbnail\" alt=\"\" \/><\/a>\n\t\t\t\t<\/dt><\/dl><dl class='gallery-item'>\n\t\t\t\t<dt class='gallery-icon landscape'>\n\t\t\t\t\t<a class=\"rollover rollover-zoom dt-pswp-item\" title=\"e9ca1e96-cbb3-42f9-bbc6-4d5661eb618d\" data-dt-img-description=\"\" data-large_image_width=\"2048\" data-large_image_height=\"1152\"href='https:\/\/www.radiopiu.net\/wordpress\/wp-content\/uploads\/2024\/04\/e9ca1e96-cbb3-42f9-bbc6-4d5661eb618d.jpg'><img loading=\"lazy\" decoding=\"async\" width=\"150\" height=\"150\" src=\"https:\/\/www.radiopiu.net\/wordpress\/wp-content\/uploads\/2024\/04\/e9ca1e96-cbb3-42f9-bbc6-4d5661eb618d-150x150.jpg\" class=\"attachment-thumbnail size-thumbnail\" alt=\"\" \/><\/a>\n\t\t\t\t<\/dt><\/dl><dl class='gallery-item'>\n\t\t\t\t<dt class='gallery-icon landscape'>\n\t\t\t\t\t<a class=\"rollover rollover-zoom dt-pswp-item\" title=\"0adf47d9-84d7-415c-bfa2-00de6f8e6e91\" data-dt-img-description=\"\" data-large_image_width=\"2048\" data-large_image_height=\"1152\"href='https:\/\/www.radiopiu.net\/wordpress\/wp-content\/uploads\/2024\/04\/0adf47d9-84d7-415c-bfa2-00de6f8e6e91.jpg'><img loading=\"lazy\" decoding=\"async\" width=\"150\" height=\"150\" src=\"https:\/\/www.radiopiu.net\/wordpress\/wp-content\/uploads\/2024\/04\/0adf47d9-84d7-415c-bfa2-00de6f8e6e91-150x150.jpg\" class=\"attachment-thumbnail size-thumbnail\" alt=\"\" \/><\/a>\n\t\t\t\t<\/dt><\/dl><dl class='gallery-item'>\n\t\t\t\t<dt class='gallery-icon landscape'>\n\t\t\t\t\t<a class=\"rollover rollover-zoom dt-pswp-item\" title=\"bf84a5cd-0461-4fd8-b745-ce41e2f17185\" data-dt-img-description=\"\" data-large_image_width=\"2048\" data-large_image_height=\"1152\"href='https:\/\/www.radiopiu.net\/wordpress\/wp-content\/uploads\/2024\/04\/bf84a5cd-0461-4fd8-b745-ce41e2f17185.jpg'><img loading=\"lazy\" decoding=\"async\" width=\"150\" height=\"150\" src=\"https:\/\/www.radiopiu.net\/wordpress\/wp-content\/uploads\/2024\/04\/bf84a5cd-0461-4fd8-b745-ce41e2f17185-150x150.jpg\" class=\"attachment-thumbnail size-thumbnail\" alt=\"\" \/><\/a>\n\t\t\t\t<\/dt><\/dl><dl class='gallery-item'>\n\t\t\t\t<dt class='gallery-icon landscape'>\n\t\t\t\t\t<a class=\"rollover rollover-zoom dt-pswp-item\" title=\"802bbca5-d03d-4e3c-bd20-0577822ed24d\" data-dt-img-description=\"\" data-large_image_width=\"2048\" data-large_image_height=\"1152\"href='https:\/\/www.radiopiu.net\/wordpress\/wp-content\/uploads\/2024\/04\/802bbca5-d03d-4e3c-bd20-0577822ed24d.jpg'><img loading=\"lazy\" decoding=\"async\" width=\"150\" height=\"150\" src=\"https:\/\/www.radiopiu.net\/wordpress\/wp-content\/uploads\/2024\/04\/802bbca5-d03d-4e3c-bd20-0577822ed24d-150x150.jpg\" class=\"attachment-thumbnail size-thumbnail\" alt=\"\" \/><\/a>\n\t\t\t\t<\/dt><\/dl><br style=\"clear: both\" \/><dl class='gallery-item'>\n\t\t\t\t<dt class='gallery-icon landscape'>\n\t\t\t\t\t<a class=\"rollover rollover-zoom dt-pswp-item\" title=\"ab121b4b-fc65-4107-9980-73f0b56386a1\" data-dt-img-description=\"\" data-large_image_width=\"2048\" data-large_image_height=\"1152\"href='https:\/\/www.radiopiu.net\/wordpress\/wp-content\/uploads\/2024\/04\/ab121b4b-fc65-4107-9980-73f0b56386a1.jpg'><img loading=\"lazy\" decoding=\"async\" width=\"150\" height=\"150\" src=\"https:\/\/www.radiopiu.net\/wordpress\/wp-content\/uploads\/2024\/04\/ab121b4b-fc65-4107-9980-73f0b56386a1-150x150.jpg\" class=\"attachment-thumbnail size-thumbnail\" alt=\"\" \/><\/a>\n\t\t\t\t<\/dt><\/dl><dl class='gallery-item'>\n\t\t\t\t<dt class='gallery-icon landscape'>\n\t\t\t\t\t<a class=\"rollover rollover-zoom dt-pswp-item\" title=\"bc7a4112-1333-49ec-8cc3-b54b4bec5b6a\" data-dt-img-description=\"\" data-large_image_width=\"2048\" data-large_image_height=\"1152\"href='https:\/\/www.radiopiu.net\/wordpress\/wp-content\/uploads\/2024\/04\/bc7a4112-1333-49ec-8cc3-b54b4bec5b6a.jpg'><img loading=\"lazy\" decoding=\"async\" width=\"150\" height=\"150\" src=\"https:\/\/www.radiopiu.net\/wordpress\/wp-content\/uploads\/2024\/04\/bc7a4112-1333-49ec-8cc3-b54b4bec5b6a-150x150.jpg\" class=\"attachment-thumbnail size-thumbnail\" alt=\"\" \/><\/a>\n\t\t\t\t<\/dt><\/dl><dl class='gallery-item'>\n\t\t\t\t<dt class='gallery-icon landscape'>\n\t\t\t\t\t<a class=\"rollover rollover-zoom dt-pswp-item\" title=\"fb28f667-e2a6-4eea-8661-ec68d6bf87cd\" data-dt-img-description=\"\" data-large_image_width=\"2048\" data-large_image_height=\"1152\"href='https:\/\/www.radiopiu.net\/wordpress\/wp-content\/uploads\/2024\/04\/fb28f667-e2a6-4eea-8661-ec68d6bf87cd.jpg'><img loading=\"lazy\" decoding=\"async\" width=\"150\" height=\"150\" src=\"https:\/\/www.radiopiu.net\/wordpress\/wp-content\/uploads\/2024\/04\/fb28f667-e2a6-4eea-8661-ec68d6bf87cd-150x150.jpg\" class=\"attachment-thumbnail size-thumbnail\" alt=\"\" \/><\/a>\n\t\t\t\t<\/dt><\/dl><dl class='gallery-item'>\n\t\t\t\t<dt class='gallery-icon landscape'>\n\t\t\t\t\t<a class=\"rollover rollover-zoom dt-pswp-item\" title=\"599b7506-2b74-46f6-a704-109cdcda7386\" data-dt-img-description=\"\" data-large_image_width=\"2048\" data-large_image_height=\"1152\"href='https:\/\/www.radiopiu.net\/wordpress\/wp-content\/uploads\/2024\/04\/599b7506-2b74-46f6-a704-109cdcda7386.jpg'><img loading=\"lazy\" decoding=\"async\" width=\"150\" height=\"150\" src=\"https:\/\/www.radiopiu.net\/wordpress\/wp-content\/uploads\/2024\/04\/599b7506-2b74-46f6-a704-109cdcda7386-150x150.jpg\" class=\"attachment-thumbnail size-thumbnail\" alt=\"\" \/><\/a>\n\t\t\t\t<\/dt><\/dl><dl class='gallery-item'>\n\t\t\t\t<dt class='gallery-icon landscape'>\n\t\t\t\t\t<a class=\"rollover rollover-zoom dt-pswp-item\" title=\"384da8d1-4b7f-40ff-a220-0345466015c6\" data-dt-img-description=\"\" data-large_image_width=\"2048\" data-large_image_height=\"1152\"href='https:\/\/www.radiopiu.net\/wordpress\/wp-content\/uploads\/2024\/04\/384da8d1-4b7f-40ff-a220-0345466015c6.jpg'><img loading=\"lazy\" decoding=\"async\" width=\"150\" height=\"150\" src=\"https:\/\/www.radiopiu.net\/wordpress\/wp-content\/uploads\/2024\/04\/384da8d1-4b7f-40ff-a220-0345466015c6-150x150.jpg\" class=\"attachment-thumbnail size-thumbnail\" alt=\"\" \/><\/a>\n\t\t\t\t<\/dt><\/dl><dl class='gallery-item'>\n\t\t\t\t<dt class='gallery-icon landscape'>\n\t\t\t\t\t<a class=\"rollover rollover-zoom dt-pswp-item\" title=\"317cc57f-7701-438c-bab1-2bd10f0a6a0b\" data-dt-img-description=\"\" data-large_image_width=\"2048\" data-large_image_height=\"1152\"href='https:\/\/www.radiopiu.net\/wordpress\/wp-content\/uploads\/2024\/04\/317cc57f-7701-438c-bab1-2bd10f0a6a0b.jpg'><img loading=\"lazy\" decoding=\"async\" width=\"150\" height=\"150\" src=\"https:\/\/www.radiopiu.net\/wordpress\/wp-content\/uploads\/2024\/04\/317cc57f-7701-438c-bab1-2bd10f0a6a0b-150x150.jpg\" class=\"attachment-thumbnail size-thumbnail\" alt=\"\" \/><\/a>\n\t\t\t\t<\/dt><\/dl><br style=\"clear: both\" \/><dl class='gallery-item'>\n\t\t\t\t<dt class='gallery-icon landscape'>\n\t\t\t\t\t<a class=\"rollover rollover-zoom dt-pswp-item\" title=\"fe4e7abe-bed4-4b8c-86bd-1ce77f38e43b\" data-dt-img-description=\"\" data-large_image_width=\"2048\" data-large_image_height=\"1152\"href='https:\/\/www.radiopiu.net\/wordpress\/wp-content\/uploads\/2024\/04\/fe4e7abe-bed4-4b8c-86bd-1ce77f38e43b.jpg'><img loading=\"lazy\" decoding=\"async\" width=\"150\" height=\"150\" src=\"https:\/\/www.radiopiu.net\/wordpress\/wp-content\/uploads\/2024\/04\/fe4e7abe-bed4-4b8c-86bd-1ce77f38e43b-150x150.jpg\" class=\"attachment-thumbnail size-thumbnail\" alt=\"\" \/><\/a>\n\t\t\t\t<\/dt><\/dl><dl class='gallery-item'>\n\t\t\t\t<dt class='gallery-icon landscape'>\n\t\t\t\t\t<a class=\"rollover rollover-zoom dt-pswp-item\" title=\"76751bc3-cfa0-4f71-bb4f-493ceb094817\" data-dt-img-description=\"\" data-large_image_width=\"2048\" data-large_image_height=\"1152\"href='https:\/\/www.radiopiu.net\/wordpress\/wp-content\/uploads\/2024\/04\/76751bc3-cfa0-4f71-bb4f-493ceb094817.jpg'><img loading=\"lazy\" decoding=\"async\" width=\"150\" height=\"150\" src=\"https:\/\/www.radiopiu.net\/wordpress\/wp-content\/uploads\/2024\/04\/76751bc3-cfa0-4f71-bb4f-493ceb094817-150x150.jpg\" class=\"attachment-thumbnail size-thumbnail\" alt=\"\" \/><\/a>\n\t\t\t\t<\/dt><\/dl><dl class='gallery-item'>\n\t\t\t\t<dt class='gallery-icon landscape'>\n\t\t\t\t\t<a class=\"rollover rollover-zoom dt-pswp-item\" title=\"4ed52c50-1570-4623-b8fb-0b17523ab805\" data-dt-img-description=\"\" data-large_image_width=\"2048\" data-large_image_height=\"1152\"href='https:\/\/www.radiopiu.net\/wordpress\/wp-content\/uploads\/2024\/04\/4ed52c50-1570-4623-b8fb-0b17523ab805.jpg'><img loading=\"lazy\" decoding=\"async\" width=\"150\" height=\"150\" src=\"https:\/\/www.radiopiu.net\/wordpress\/wp-content\/uploads\/2024\/04\/4ed52c50-1570-4623-b8fb-0b17523ab805-150x150.jpg\" class=\"attachment-thumbnail size-thumbnail\" alt=\"\" \/><\/a>\n\t\t\t\t<\/dt><\/dl><dl class='gallery-item'>\n\t\t\t\t<dt class='gallery-icon landscape'>\n\t\t\t\t\t<a class=\"rollover rollover-zoom dt-pswp-item\" title=\"001b9ba6-d0b2-4cbb-af15-f7f4b09bc8a5\" data-dt-img-description=\"\" data-large_image_width=\"2048\" data-large_image_height=\"1152\"href='https:\/\/www.radiopiu.net\/wordpress\/wp-content\/uploads\/2024\/04\/001b9ba6-d0b2-4cbb-af15-f7f4b09bc8a5.jpg'><img loading=\"lazy\" decoding=\"async\" width=\"150\" height=\"150\" src=\"https:\/\/www.radiopiu.net\/wordpress\/wp-content\/uploads\/2024\/04\/001b9ba6-d0b2-4cbb-af15-f7f4b09bc8a5-150x150.jpg\" class=\"attachment-thumbnail size-thumbnail\" alt=\"\" \/><\/a>\n\t\t\t\t<\/dt><\/dl><dl class='gallery-item'>\n\t\t\t\t<dt class='gallery-icon landscape'>\n\t\t\t\t\t<a class=\"rollover rollover-zoom dt-pswp-item\" title=\"001b9ba6-d0b2-4cbb-af15-f7f4b09bc8a5-1\" data-dt-img-description=\"\" data-large_image_width=\"2048\" data-large_image_height=\"1152\"href='https:\/\/www.radiopiu.net\/wordpress\/wp-content\/uploads\/2024\/04\/001b9ba6-d0b2-4cbb-af15-f7f4b09bc8a5-1.jpg'><img loading=\"lazy\" decoding=\"async\" width=\"150\" height=\"150\" src=\"https:\/\/www.radiopiu.net\/wordpress\/wp-content\/uploads\/2024\/04\/001b9ba6-d0b2-4cbb-af15-f7f4b09bc8a5-1-150x150.jpg\" class=\"attachment-thumbnail size-thumbnail\" alt=\"\" \/><\/a>\n\t\t\t\t<\/dt><\/dl><dl class='gallery-item'>\n\t\t\t\t<dt class='gallery-icon landscape'>\n\t\t\t\t\t<a class=\"rollover rollover-zoom dt-pswp-item\" title=\"46882497-6ae2-4c54-bd49-bdfebdcb8ede\" data-dt-img-description=\"\" data-large_image_width=\"2048\" data-large_image_height=\"1152\"href='https:\/\/www.radiopiu.net\/wordpress\/wp-content\/uploads\/2024\/04\/46882497-6ae2-4c54-bd49-bdfebdcb8ede.jpg'><img loading=\"lazy\" decoding=\"async\" width=\"150\" height=\"150\" src=\"https:\/\/www.radiopiu.net\/wordpress\/wp-content\/uploads\/2024\/04\/46882497-6ae2-4c54-bd49-bdfebdcb8ede-150x150.jpg\" class=\"attachment-thumbnail size-thumbnail\" alt=\"\" \/><\/a>\n\t\t\t\t<\/dt><\/dl><br style=\"clear: both\" \/><dl class='gallery-item'>\n\t\t\t\t<dt class='gallery-icon landscape'>\n\t\t\t\t\t<a class=\"rollover rollover-zoom dt-pswp-item\" title=\"2ab72398-6f5f-4f39-a3c7-fd1f4058d460\" data-dt-img-description=\"\" data-large_image_width=\"2048\" data-large_image_height=\"1152\"href='https:\/\/www.radiopiu.net\/wordpress\/wp-content\/uploads\/2024\/04\/2ab72398-6f5f-4f39-a3c7-fd1f4058d460.jpg'><img loading=\"lazy\" decoding=\"async\" width=\"150\" height=\"150\" src=\"https:\/\/www.radiopiu.net\/wordpress\/wp-content\/uploads\/2024\/04\/2ab72398-6f5f-4f39-a3c7-fd1f4058d460-150x150.jpg\" class=\"attachment-thumbnail size-thumbnail\" alt=\"\" \/><\/a>\n\t\t\t\t<\/dt><\/dl><dl class='gallery-item'>\n\t\t\t\t<dt class='gallery-icon landscape'>\n\t\t\t\t\t<a class=\"rollover rollover-zoom dt-pswp-item\" title=\"6b19ed1c-4c88-47e9-9632-48a04536c9b6\" data-dt-img-description=\"\" data-large_image_width=\"2048\" data-large_image_height=\"1152\"href='https:\/\/www.radiopiu.net\/wordpress\/wp-content\/uploads\/2024\/04\/6b19ed1c-4c88-47e9-9632-48a04536c9b6.jpg'><img loading=\"lazy\" decoding=\"async\" width=\"150\" height=\"150\" src=\"https:\/\/www.radiopiu.net\/wordpress\/wp-content\/uploads\/2024\/04\/6b19ed1c-4c88-47e9-9632-48a04536c9b6-150x150.jpg\" class=\"attachment-thumbnail size-thumbnail\" alt=\"\" \/><\/a>\n\t\t\t\t<\/dt><\/dl><dl class='gallery-item'>\n\t\t\t\t<dt class='gallery-icon landscape'>\n\t\t\t\t\t<a class=\"rollover rollover-zoom dt-pswp-item\" title=\"d53d0016-a2cc-4186-9546-aa5361cd5dbe\" data-dt-img-description=\"\" data-large_image_width=\"2048\" data-large_image_height=\"1152\"href='https:\/\/www.radiopiu.net\/wordpress\/wp-content\/uploads\/2024\/04\/d53d0016-a2cc-4186-9546-aa5361cd5dbe.jpg'><img loading=\"lazy\" decoding=\"async\" width=\"150\" height=\"150\" src=\"https:\/\/www.radiopiu.net\/wordpress\/wp-content\/uploads\/2024\/04\/d53d0016-a2cc-4186-9546-aa5361cd5dbe-150x150.jpg\" class=\"attachment-thumbnail size-thumbnail\" alt=\"\" \/><\/a>\n\t\t\t\t<\/dt><\/dl><dl class='gallery-item'>\n\t\t\t\t<dt class='gallery-icon landscape'>\n\t\t\t\t\t<a class=\"rollover rollover-zoom dt-pswp-item\" title=\"15dbb5e3-6d4c-42d8-bf42-5ab3f6552179\" data-dt-img-description=\"\" data-large_image_width=\"2048\" data-large_image_height=\"1152\"href='https:\/\/www.radiopiu.net\/wordpress\/wp-content\/uploads\/2024\/04\/15dbb5e3-6d4c-42d8-bf42-5ab3f6552179.jpg'><img loading=\"lazy\" decoding=\"async\" width=\"150\" height=\"150\" src=\"https:\/\/www.radiopiu.net\/wordpress\/wp-content\/uploads\/2024\/04\/15dbb5e3-6d4c-42d8-bf42-5ab3f6552179-150x150.jpg\" class=\"attachment-thumbnail size-thumbnail\" alt=\"\" \/><\/a>\n\t\t\t\t<\/dt><\/dl><dl class='gallery-item'>\n\t\t\t\t<dt class='gallery-icon landscape'>\n\t\t\t\t\t<a class=\"rollover rollover-zoom dt-pswp-item\" title=\"d62fdc2a-0bae-4097-9a0d-e2be2ca43a02\" data-dt-img-description=\"\" data-large_image_width=\"2048\" data-large_image_height=\"1152\"href='https:\/\/www.radiopiu.net\/wordpress\/wp-content\/uploads\/2024\/04\/d62fdc2a-0bae-4097-9a0d-e2be2ca43a02.jpg'><img loading=\"lazy\" decoding=\"async\" width=\"150\" height=\"150\" src=\"https:\/\/www.radiopiu.net\/wordpress\/wp-content\/uploads\/2024\/04\/d62fdc2a-0bae-4097-9a0d-e2be2ca43a02-150x150.jpg\" class=\"attachment-thumbnail size-thumbnail\" alt=\"\" \/><\/a>\n\t\t\t\t<\/dt><\/dl><dl class='gallery-item'>\n\t\t\t\t<dt class='gallery-icon landscape'>\n\t\t\t\t\t<a class=\"rollover rollover-zoom dt-pswp-item\" title=\"b316750a-e2b6-4fd1-beda-d9a791c204c2\" data-dt-img-description=\"\" data-large_image_width=\"2048\" data-large_image_height=\"1152\"href='https:\/\/www.radiopiu.net\/wordpress\/wp-content\/uploads\/2024\/04\/b316750a-e2b6-4fd1-beda-d9a791c204c2.jpg'><img loading=\"lazy\" decoding=\"async\" width=\"150\" height=\"150\" src=\"https:\/\/www.radiopiu.net\/wordpress\/wp-content\/uploads\/2024\/04\/b316750a-e2b6-4fd1-beda-d9a791c204c2-150x150.jpg\" class=\"attachment-thumbnail size-thumbnail\" alt=\"\" \/><\/a>\n\t\t\t\t<\/dt><\/dl><br style=\"clear: both\" \/>\n\t\t\t<\/div>\n\n<p>&nbsp;<\/p>\n<p><strong>LA DIRETTA RADIO PIU&#8217;<\/strong><\/p>\n<p><iframe loading=\"lazy\" title=\"Diretta Esterna Radio Pi\u00f9\" width=\"1200\" height=\"900\" src=\"https:\/\/www.youtube.com\/embed\/uOwdxfXHVDs?feature=oembed\" frameborder=\"0\" allow=\"accelerometer; autoplay; clipboard-write; encrypted-media; gyroscope; picture-in-picture; web-share\" referrerpolicy=\"strict-origin-when-cross-origin\" allowfullscreen><\/iframe><\/p>\n<p>&nbsp;<\/p>\n<hr \/>\n<p>&nbsp;<\/p>\n<blockquote>\n<h3>LA SLAVINA DEL MONTE AGNER&#8230;DI MARIO DE MARCO<\/h3>\n<\/blockquote>\n<p><strong>REDAZIONE<\/strong> Come ogni fine settimana Mario De Marco si dedica alle passeggiate in montagna per scaricare le tensioni della settimana lavorativa. Oggi \u00e8 salito alle pendici del monte Agner dove \u00e8 riuscito a catturare una slavina. &#8220;Ho potuto filmare una maxislavina di neve polverosa. Con un epilogo del tutto inaspettato visto che la neve con il vento \u00e8 ritornata in alto&#8221; ci racconta Mario.<\/p>\n<div style=\"width: 848px;\" class=\"wp-video\"><video class=\"wp-video-shortcode\" id=\"video-386560-1\" width=\"848\" height=\"480\" preload=\"metadata\" controls=\"controls\"><source type=\"video\/mp4\" src=\"https:\/\/www.radiopiu.net\/wordpress\/wp-content\/uploads\/2024\/04\/WhatsApp-Video-2024-04-20-at-12.54.17.mp4?_=1\" \/><a href=\"https:\/\/www.radiopiu.net\/wordpress\/wp-content\/uploads\/2024\/04\/WhatsApp-Video-2024-04-20-at-12.54.17.mp4\">https:\/\/www.radiopiu.net\/wordpress\/wp-content\/uploads\/2024\/04\/WhatsApp-Video-2024-04-20-at-12.54.17.mp4<\/a><\/video><\/div>\n<p>&nbsp;<\/p>\n<hr \/>\n<p>&nbsp;<\/p>\n<p>&nbsp;<\/p>\n<h2><span style=\"color: #800080;\">DUE MINUTI PER TE<\/span><\/h2>\n<p><strong><a class=\"dt-pswp-item\" href=\"https:\/\/www.radiopiu.net\/wordpress\/wp-content\/uploads\/2020\/12\/DON-GIORGIO-LISE.jpg\" data-dt-img-description=\"\" data-large_image_width=\"1600\" data-large_image_height=\"901\"><img loading=\"lazy\" decoding=\"async\" class=\" wp-image-177420 alignleft\" src=\"https:\/\/www.radiopiu.net\/wordpress\/wp-content\/uploads\/2020\/12\/DON-GIORGIO-LISE-300x169.jpg\" alt=\"\" width=\"199\" height=\"112\" srcset=\"https:\/\/www.radiopiu.net\/wordpress\/wp-content\/uploads\/2020\/12\/DON-GIORGIO-LISE-300x169.jpg 300w, https:\/\/www.radiopiu.net\/wordpress\/wp-content\/uploads\/2020\/12\/DON-GIORGIO-LISE-1024x577.jpg 1024w, https:\/\/www.radiopiu.net\/wordpress\/wp-content\/uploads\/2020\/12\/DON-GIORGIO-LISE-768x432.jpg 768w, https:\/\/www.radiopiu.net\/wordpress\/wp-content\/uploads\/2020\/12\/DON-GIORGIO-LISE-1536x865.jpg 1536w, https:\/\/www.radiopiu.net\/wordpress\/wp-content\/uploads\/2020\/12\/DON-GIORGIO-LISE.jpg 1600w\" sizes=\"auto, (max-width: 199px) 100vw, 199px\" \/><\/a>APPUNTAMENTO SETTIMANALE DELLA DOMENICA CON IL PENSIERO DI MONSIGNOR GIORGIO LISE<\/strong><\/p>\n<audio class=\"wp-audio-shortcode\" id=\"audio-386560-12\" preload=\"none\" style=\"width: 100%;\" controls=\"controls\"><source type=\"audio\/mpeg\" src=\"https:\/\/www.radiopiu.net\/wordpress\/wp-content\/uploads\/2024\/04\/DON-GIORGIO-2.mp3?_=12\" \/><a href=\"https:\/\/www.radiopiu.net\/wordpress\/wp-content\/uploads\/2024\/04\/DON-GIORGIO-2.mp3\">https:\/\/www.radiopiu.net\/wordpress\/wp-content\/uploads\/2024\/04\/DON-GIORGIO-2.mp3<\/a><\/audio>\n<p>&nbsp;<\/p>\n<p>&nbsp;<\/p>\n<h2><span style=\"color: #33cccc;\">GOODBYE BY BICICLE&#8230;UN VIAGGIO DALL&#8217;INDIA A SEREN DEL GRAPPA IN BICICLETTA<\/span><\/h2>\n<p><span style=\"color: #ff0000;\"><strong>PUNTATA 10 &#8211; CONTINUA IL VIAGGIO IN INDIA<\/strong><\/span><\/p>\n<audio class=\"wp-audio-shortcode\" id=\"audio-386560-13\" preload=\"none\" style=\"width: 100%;\" controls=\"controls\"><source type=\"audio\/mpeg\" src=\"https:\/\/www.radiopiu.net\/wordpress\/wp-content\/uploads\/2024\/04\/AIRE-INDIA-PUNTATA-10.mp3?_=13\" \/><a href=\"https:\/\/www.radiopiu.net\/wordpress\/wp-content\/uploads\/2024\/04\/AIRE-INDIA-PUNTATA-10.mp3\">https:\/\/www.radiopiu.net\/wordpress\/wp-content\/uploads\/2024\/04\/AIRE-INDIA-PUNTATA-10.mp3<\/a><\/audio>\n<p>&nbsp;<\/p>\n<p><strong>PER VISITARE I SITI DEI LUOGHI VISITATI, CLICCA SULLE SEGUENTI SCRITTE: <span style=\"color: #0000ff;\"><a href=\"https:\/\/www.instagram.com\/studionookindia?igsh=cHZ0eWhndTA1aXo3\">STUDIO NOOK INDIA<\/a>\u00a0 <a href=\"https:\/\/www.instagram.com\/jajam_udaipur?igsh=MWxxdDlybTNtaHk0cQ==\">JAJAM UDAIPUR<\/a>\u00a0 <a href=\"https:\/\/youngindians.net\/\">YOUNG INDIANS<\/a><\/span><\/strong><\/p>\n\n\t\t\t<style type='text\/css'>\n\t\t\t\t#gallery-8 {\n\t\t\t\t\tmargin: auto;\n\t\t\t\t}\n\t\t\t\t#gallery-8 .gallery-item {\n\t\t\t\t\tfloat: left;\n\t\t\t\t\tmargin-top: 10px;\n\t\t\t\t\ttext-align: center;\n\t\t\t\t\twidth: 25%;\n\t\t\t\t}\n\t\t\t\t#gallery-8 img {\n\t\t\t\t\tborder: 2px solid #cfcfcf;\n\t\t\t\t}\n\t\t\t\t#gallery-8 .gallery-caption {\n\t\t\t\t\tmargin-left: 0;\n\t\t\t\t}\n\t\t\t\t\/* see gallery_shortcode() in wp-includes\/media.php *\/\n\t\t\t<\/style>\n\t\t<div id='gallery-8' class='dt-gallery-container gallery galleryid-386560 gallery-columns-4 gallery-size-thumbnail'><dl class='gallery-item'>\n\t\t\t\t<dt class='gallery-icon landscape'>\n\t\t\t\t\t<a class=\"rollover rollover-zoom dt-pswp-item\" title=\"595d1ecc-6ea4-48de-a683-0f27d8675f1a\" data-dt-img-description=\"\" data-large_image_width=\"1600\" data-large_image_height=\"1200\"href='https:\/\/www.radiopiu.net\/wordpress\/wp-content\/uploads\/2024\/04\/595d1ecc-6ea4-48de-a683-0f27d8675f1a.jpg'><img loading=\"lazy\" decoding=\"async\" width=\"150\" height=\"150\" src=\"https:\/\/www.radiopiu.net\/wordpress\/wp-content\/uploads\/2024\/04\/595d1ecc-6ea4-48de-a683-0f27d8675f1a-150x150.jpg\" class=\"attachment-thumbnail size-thumbnail\" alt=\"\" \/><\/a>\n\t\t\t\t<\/dt><\/dl><dl class='gallery-item'>\n\t\t\t\t<dt class='gallery-icon landscape'>\n\t\t\t\t\t<a class=\"rollover rollover-zoom dt-pswp-item\" title=\"a9c9dd40-3b91-45f2-a8b8-02887058b9f4\" data-dt-img-description=\"\" data-large_image_width=\"1280\" data-large_image_height=\"964\"href='https:\/\/www.radiopiu.net\/wordpress\/wp-content\/uploads\/2024\/04\/a9c9dd40-3b91-45f2-a8b8-02887058b9f4.jpg'><img loading=\"lazy\" decoding=\"async\" width=\"150\" height=\"150\" src=\"https:\/\/www.radiopiu.net\/wordpress\/wp-content\/uploads\/2024\/04\/a9c9dd40-3b91-45f2-a8b8-02887058b9f4-150x150.jpg\" class=\"attachment-thumbnail size-thumbnail\" alt=\"\" \/><\/a>\n\t\t\t\t<\/dt><\/dl><dl class='gallery-item'>\n\t\t\t\t<dt class='gallery-icon landscape'>\n\t\t\t\t\t<a class=\"rollover rollover-zoom dt-pswp-item\" title=\"5cdf1ead-940e-44d4-8444-78d43953c50b\" data-dt-img-description=\"\" data-large_image_width=\"1600\" data-large_image_height=\"1200\"href='https:\/\/www.radiopiu.net\/wordpress\/wp-content\/uploads\/2024\/04\/5cdf1ead-940e-44d4-8444-78d43953c50b.jpg'><img loading=\"lazy\" decoding=\"async\" width=\"150\" height=\"150\" src=\"https:\/\/www.radiopiu.net\/wordpress\/wp-content\/uploads\/2024\/04\/5cdf1ead-940e-44d4-8444-78d43953c50b-150x150.jpg\" class=\"attachment-thumbnail size-thumbnail\" alt=\"\" \/><\/a>\n\t\t\t\t<\/dt><\/dl><dl class='gallery-item'>\n\t\t\t\t<dt class='gallery-icon landscape'>\n\t\t\t\t\t<a class=\"rollover rollover-zoom dt-pswp-item\" title=\"02ef9f6a-3499-4bb3-af44-2104895f3563\" data-dt-img-description=\"\" data-large_image_width=\"1599\" data-large_image_height=\"1599\"href='https:\/\/www.radiopiu.net\/wordpress\/wp-content\/uploads\/2024\/04\/02ef9f6a-3499-4bb3-af44-2104895f3563.jpg'><img loading=\"lazy\" decoding=\"async\" width=\"150\" height=\"150\" src=\"https:\/\/www.radiopiu.net\/wordpress\/wp-content\/uploads\/2024\/04\/02ef9f6a-3499-4bb3-af44-2104895f3563-150x150.jpg\" class=\"attachment-thumbnail size-thumbnail\" alt=\"\" srcset=\"https:\/\/www.radiopiu.net\/wordpress\/wp-content\/uploads\/2024\/04\/02ef9f6a-3499-4bb3-af44-2104895f3563-150x150.jpg 150w, https:\/\/www.radiopiu.net\/wordpress\/wp-content\/uploads\/2024\/04\/02ef9f6a-3499-4bb3-af44-2104895f3563-300x300.jpg 300w, https:\/\/www.radiopiu.net\/wordpress\/wp-content\/uploads\/2024\/04\/02ef9f6a-3499-4bb3-af44-2104895f3563-1024x1024.jpg 1024w, https:\/\/www.radiopiu.net\/wordpress\/wp-content\/uploads\/2024\/04\/02ef9f6a-3499-4bb3-af44-2104895f3563-768x768.jpg 768w, https:\/\/www.radiopiu.net\/wordpress\/wp-content\/uploads\/2024\/04\/02ef9f6a-3499-4bb3-af44-2104895f3563-1536x1536.jpg 1536w, https:\/\/www.radiopiu.net\/wordpress\/wp-content\/uploads\/2024\/04\/02ef9f6a-3499-4bb3-af44-2104895f3563.jpg 1599w\" sizes=\"auto, (max-width: 150px) 100vw, 150px\" \/><\/a>\n\t\t\t\t<\/dt><\/dl><br style=\"clear: both\" \/>\n\t\t\t<\/div>\n\n<p>&nbsp;<\/p>\n<h2>LA RACCOLTA COMPLETA <a href=\"https:\/\/www.radiopiu.net\/wordpress\/goodbye-by-bicicle-un-viaggio-dallindia-a-seren-del-grappa-in-bicicletta-10\/\"><span style=\"color: #0000ff;\">CLICCA QUI<\/span><\/a><\/h2>\n<p>&nbsp;<\/p>\n<p>&nbsp;<\/p>\n<hr \/>\n<p>&nbsp;<\/p>\n<blockquote class=\"wp-embedded-content\" data-secret=\"yQvSz5F5R2\"><p><a href=\"https:\/\/www.radiopiu.net\/wordpress\/piu-siamo-con-marina-settimana-dal-15-al-19-aprile-2024\/\">PIU&#8217; SIAMO&#8230;.. CON MARINA. SETTIMANA DAL 15 AL 19 APRILE 2024<\/a><\/p><\/blockquote>\n<p><iframe loading=\"lazy\" class=\"wp-embedded-content\" sandbox=\"allow-scripts\" security=\"restricted\" style=\"position: absolute; clip: rect(1px, 1px, 1px, 1px);\" title=\"&#8220;PIU&#8217; SIAMO&#8230;.. CON MARINA. SETTIMANA DAL 15 AL 19 APRILE 2024&#8221; &#8212; Radio Pi\u00f9\" src=\"https:\/\/www.radiopiu.net\/wordpress\/piu-siamo-con-marina-settimana-dal-15-al-19-aprile-2024\/embed\/#?secret=O00uicLdl4#?secret=yQvSz5F5R2\" data-secret=\"yQvSz5F5R2\" width=\"600\" height=\"338\" frameborder=\"0\" marginwidth=\"0\" marginheight=\"0\" scrolling=\"no\"><\/iframe><\/p>\n<p>&nbsp;<\/p>\n<p>&nbsp;<\/p>\n<hr \/>\n<p>&nbsp;<\/p>\n<blockquote>\n<h2>in vallata:<\/h2>\n<\/blockquote>\n\n\t\t\t<style type='text\/css'>\n\t\t\t\t#gallery-9 {\n\t\t\t\t\tmargin: auto;\n\t\t\t\t}\n\t\t\t\t#gallery-9 .gallery-item {\n\t\t\t\t\tfloat: left;\n\t\t\t\t\tmargin-top: 10px;\n\t\t\t\t\ttext-align: center;\n\t\t\t\t\twidth: 50%;\n\t\t\t\t}\n\t\t\t\t#gallery-9 img {\n\t\t\t\t\tborder: 2px solid #cfcfcf;\n\t\t\t\t}\n\t\t\t\t#gallery-9 .gallery-caption {\n\t\t\t\t\tmargin-left: 0;\n\t\t\t\t}\n\t\t\t\t\/* see gallery_shortcode() in wp-includes\/media.php *\/\n\t\t\t<\/style>\n\t\t<div id='gallery-9' class='dt-gallery-container gallery galleryid-386560 gallery-columns-2 gallery-size-medium'><dl class='gallery-item'>\n\t\t\t\t<dt class='gallery-icon portrait'>\n\t\t\t\t\t<a class=\"rollover rollover-zoom dt-pswp-item\" title=\"2d3e911f-f1e3-4e55-aba3-20c37bc8ebf1\" data-dt-img-description=\"\" data-large_image_width=\"707\" data-large_image_height=\"1000\"href='https:\/\/www.radiopiu.net\/wordpress\/wp-content\/uploads\/2024\/04\/2d3e911f-f1e3-4e55-aba3-20c37bc8ebf1.jpg'><img loading=\"lazy\" decoding=\"async\" width=\"212\" height=\"300\" src=\"https:\/\/www.radiopiu.net\/wordpress\/wp-content\/uploads\/2024\/04\/2d3e911f-f1e3-4e55-aba3-20c37bc8ebf1-212x300.jpg\" class=\"attachment-medium size-medium\" alt=\"\" aria-describedby=\"gallery-9-385133\" srcset=\"https:\/\/www.radiopiu.net\/wordpress\/wp-content\/uploads\/2024\/04\/2d3e911f-f1e3-4e55-aba3-20c37bc8ebf1-212x300.jpg 212w, https:\/\/www.radiopiu.net\/wordpress\/wp-content\/uploads\/2024\/04\/2d3e911f-f1e3-4e55-aba3-20c37bc8ebf1.jpg 707w\" sizes=\"auto, (max-width: 212px) 100vw, 212px\" \/><\/a>\n\t\t\t\t<\/dt>\n\t\t\t\t\t<dd class='wp-caption-text gallery-caption' id='gallery-9-385133'>\n\t\t\t\t\tIN FESTA CON L&#8217;ALLEGHE HOCKEY, DOMANI SABATO\n\t\t\t\t\t<\/dd><\/dl><dl class='gallery-item'>\n\t\t\t\t<dt class='gallery-icon portrait'>\n\t\t\t\t\t<a class=\"rollover rollover-zoom dt-pswp-item\" title=\"f16954ef-71e0-49e2-a9d2-1b5d293d2e59\" data-dt-img-description=\"\" data-large_image_width=\"1131\" data-large_image_height=\"1600\"href='https:\/\/www.radiopiu.net\/wordpress\/wp-content\/uploads\/2024\/04\/f16954ef-71e0-49e2-a9d2-1b5d293d2e59.jpg'><img loading=\"lazy\" decoding=\"async\" width=\"212\" height=\"300\" src=\"https:\/\/www.radiopiu.net\/wordpress\/wp-content\/uploads\/2024\/04\/f16954ef-71e0-49e2-a9d2-1b5d293d2e59-212x300.jpg\" class=\"attachment-medium size-medium\" alt=\"\" aria-describedby=\"gallery-9-385174\" srcset=\"https:\/\/www.radiopiu.net\/wordpress\/wp-content\/uploads\/2024\/04\/f16954ef-71e0-49e2-a9d2-1b5d293d2e59-212x300.jpg 212w, https:\/\/www.radiopiu.net\/wordpress\/wp-content\/uploads\/2024\/04\/f16954ef-71e0-49e2-a9d2-1b5d293d2e59-724x1024.jpg 724w, https:\/\/www.radiopiu.net\/wordpress\/wp-content\/uploads\/2024\/04\/f16954ef-71e0-49e2-a9d2-1b5d293d2e59-768x1086.jpg 768w, https:\/\/www.radiopiu.net\/wordpress\/wp-content\/uploads\/2024\/04\/f16954ef-71e0-49e2-a9d2-1b5d293d2e59-1086x1536.jpg 1086w, https:\/\/www.radiopiu.net\/wordpress\/wp-content\/uploads\/2024\/04\/f16954ef-71e0-49e2-a9d2-1b5d293d2e59.jpg 1131w\" sizes=\"auto, (max-width: 212px) 100vw, 212px\" \/><\/a>\n\t\t\t\t<\/dt>\n\t\t\t\t\t<dd class='wp-caption-text gallery-caption' id='gallery-9-385174'>\n\t\t\t\t\tDAL 27 APRILE LA MOSTRA DEGLI ALUNNI DI LAURA BALLIS\n\t\t\t\t\t<\/dd><\/dl><br style=\"clear: both\" \/>\n\t\t\t<\/div>\n\n<p>&nbsp;<\/p>\n<p>&nbsp;<\/p>\n<hr \/>\n<p>&nbsp;<\/p>\n<h2><span style=\"color: #ff0000;\"><a class=\"dt-pswp-item\" href=\"https:\/\/www.radiopiu.net\/wordpress\/wp-content\/uploads\/2018\/09\/appuntamenti.jpeg\" data-dt-img-description=\"\" data-large_image_width=\"800\" data-large_image_height=\"100\"><img loading=\"lazy\" decoding=\"async\" class=\"wp-image-61958 size-full aligncenter\" src=\"https:\/\/www.radiopiu.net\/wordpress\/wp-content\/uploads\/2018\/09\/appuntamenti.jpeg\" alt=\"\" width=\"800\" height=\"100\" srcset=\"https:\/\/www.radiopiu.net\/wordpress\/wp-content\/uploads\/2018\/09\/appuntamenti.jpeg 800w, https:\/\/www.radiopiu.net\/wordpress\/wp-content\/uploads\/2018\/09\/appuntamenti-300x38.jpeg 300w, https:\/\/www.radiopiu.net\/wordpress\/wp-content\/uploads\/2018\/09\/appuntamenti-768x96.jpeg 768w\" sizes=\"auto, (max-width: 800px) 100vw, 800px\" \/><\/a><\/span><\/h2>\n<div>\n<div class=\"\" dir=\"auto\">\n<div id=\":r9h:\" class=\"x1iorvi4 x1pi30zi x1l90r2v x1swvt13\" data-ad-comet-preview=\"message\" data-ad-preview=\"message\">\n<div class=\"x78zum5 xdt5ytf xz62fqu x16ldp7u\">\n<div class=\"xu06os2 x1ok221b\">\n<p><strong>BELLUNO <\/strong>Le Scuole in rete per un Mondo di Solidariet\u00e0 e Pace, in collaborazione con l\u2019Associazione Amici delle Scuole in rete, l&#8217;Ufficio Scolastico Provinciale, il Comune di Belluno, il Circolo Cultura e Stampa, la Fondazione Teatri delle Dolomiti e il Consorzio Bim, organizzano uno spettacolo serale, al teatro Dino Buzzati\u00a0 di Belluno nella giornata del 22 aprile 2024 alle 20:45, durante il quale gli studenti delle scuole della provincia esibiranno i propri migliori prodotti artistici sul tema <em>Cura e perdono armi di pace<\/em>, una libera riflessione sulla pace in senso lato: pace con s\u00e9 stessi, il prossimo, la pace tra i popoli.<\/p>\n<\/div>\n<\/div>\n<\/div>\n<\/div>\n<\/div>\n<p>&nbsp;<\/p>\n<h2><span style=\"color: #ff0000;\">PROSSIMAMENTE&#8230;<\/span><\/h2>\n<p>&nbsp;<\/p>\n<p>&nbsp;<\/p>\n<hr \/>\n<p>&nbsp;<\/p>\n<p><a class=\"dt-pswp-item\" href=\"https:\/\/www.radiopiu.net\/wordpress\/wp-content\/uploads\/2018\/09\/viabilita.jpeg\" data-dt-img-description=\"\" data-large_image_width=\"800\" data-large_image_height=\"100\"><img loading=\"lazy\" decoding=\"async\" class=\"aligncenter wp-image-61954 size-full\" src=\"https:\/\/www.radiopiu.net\/wordpress\/wp-content\/uploads\/2018\/09\/viabilita.jpeg\" alt=\"\" width=\"800\" height=\"100\" srcset=\"https:\/\/www.radiopiu.net\/wordpress\/wp-content\/uploads\/2018\/09\/viabilita.jpeg 800w, https:\/\/www.radiopiu.net\/wordpress\/wp-content\/uploads\/2018\/09\/viabilita-300x38.jpeg 300w, https:\/\/www.radiopiu.net\/wordpress\/wp-content\/uploads\/2018\/09\/viabilita-768x96.jpeg 768w\" sizes=\"auto, (max-width: 800px) 100vw, 800px\" \/><\/a><\/p>\n<p>&nbsp;<\/p>\n<p><a class=\"dt-pswp-item\" href=\"https:\/\/www.radiopiu.net\/wordpress\/wp-content\/uploads\/2023\/12\/botol-car-service.jpg\" data-dt-img-description=\"\" data-large_image_width=\"600\" data-large_image_height=\"600\"><img loading=\"lazy\" decoding=\"async\" class=\"size-medium wp-image-367044 aligncenter\" src=\"https:\/\/www.radiopiu.net\/wordpress\/wp-content\/uploads\/2023\/12\/botol-car-service-300x300.jpg\" alt=\"\" width=\"300\" height=\"300\" srcset=\"https:\/\/www.radiopiu.net\/wordpress\/wp-content\/uploads\/2023\/12\/botol-car-service-300x300.jpg 300w, https:\/\/www.radiopiu.net\/wordpress\/wp-content\/uploads\/2023\/12\/botol-car-service-150x150.jpg 150w, https:\/\/www.radiopiu.net\/wordpress\/wp-content\/uploads\/2023\/12\/botol-car-service.jpg 600w\" sizes=\"auto, (max-width: 300px) 100vw, 300px\" \/><\/a><\/p>\n<p>&nbsp;<\/p>\n<p>&nbsp;<\/p>\n<h1>BOLLETTINO QUOTIDIANO, CLICCA QUI<\/h1>\n<blockquote class=\"wp-embedded-content\" data-secret=\"nW6Q6wZgw2\"><p><a href=\"https:\/\/www.radiopiu.net\/wordpress\/viabilita\/\">viabilita<\/a><\/p><\/blockquote>\n<p><iframe loading=\"lazy\" class=\"wp-embedded-content\" sandbox=\"allow-scripts\" security=\"restricted\" style=\"position: absolute; clip: rect(1px, 1px, 1px, 1px);\" title=\"&#8220;viabilita&#8221; &#8212; Radio Pi\u00f9\" src=\"https:\/\/www.radiopiu.net\/wordpress\/viabilita\/embed\/#?secret=tqDha0NoDu#?secret=nW6Q6wZgw2\" data-secret=\"nW6Q6wZgw2\" width=\"600\" height=\"338\" frameborder=\"0\" marginwidth=\"0\" marginheight=\"0\" scrolling=\"no\"><\/iframe><\/p>\n<p>&nbsp;<\/p>\n<p>&nbsp;<\/p>\n<p>&nbsp;<\/p>\n<hr \/>\n<p>&nbsp;<\/p>\n<p><a class=\"dt-pswp-item\" href=\"https:\/\/www.radiopiu.net\/wordpress\/wp-content\/uploads\/2018\/09\/WhatsApp-Image-2018-09-20-at-16.04.06.jpeg\" data-dt-img-description=\"\" data-large_image_width=\"800\" data-large_image_height=\"100\"><img loading=\"lazy\" decoding=\"async\" class=\"wp-image-61378 size-full aligncenter\" src=\"https:\/\/www.radiopiu.net\/wordpress\/wp-content\/uploads\/2018\/09\/WhatsApp-Image-2018-09-20-at-16.04.06.jpeg\" alt=\"\" width=\"800\" height=\"100\" srcset=\"https:\/\/www.radiopiu.net\/wordpress\/wp-content\/uploads\/2018\/09\/WhatsApp-Image-2018-09-20-at-16.04.06.jpeg 800w, https:\/\/www.radiopiu.net\/wordpress\/wp-content\/uploads\/2018\/09\/WhatsApp-Image-2018-09-20-at-16.04.06-300x38.jpeg 300w, https:\/\/www.radiopiu.net\/wordpress\/wp-content\/uploads\/2018\/09\/WhatsApp-Image-2018-09-20-at-16.04.06-768x96.jpeg 768w\" sizes=\"auto, (max-width: 800px) 100vw, 800px\" \/><\/a><\/p>\n<p><center><\/center><center><\/center><center><\/center><center><\/center><center><\/center><center><\/center>&nbsp;<\/p>\n<p><center><\/center><center><\/center><center><b>OGGI<\/b><\/center>Nuvolosit\u00e0 estesa e spesso intensa con probabile fase di tempo moderatamente perturbato verso sera, mentre i fenomeni potrebbero essere anche assenti al mattino.<br \/>\n<b>Precipitazioni: <\/b>Nella notte possibili deboli precipitazioni; in mattinata meno probabili o anche assenti su alcuni settori, specie Dolomiti e Prealpi orientali; al pomeriggio ed in serata diffuse, anche moderate nella notte; limite della neve a 800\/1000 m nella notte su domenica, in rialzo a met\u00e0 giornata a 1000\/1100 m, in nuovo calo alla sera, anche fino a 600\/800 m in caso di rovesci intensi.<br \/>\n<b>Temperature: <\/b>Senza variazioni significative in quota; nelle valli minime in rialzo e massime in lieve calo.<\/p>\n<hr \/>\n<p><center><b>DOMANI<\/b><\/center>Moderato maltempo nella notte e al mattino, con cielo coperto e precipitazioni a tratti diffuse, ma con tendenza ad attenuazione. Al pomeriggio\/sera parziale attenuazione della nuvolosit\u00e0 e diradamento dei fenomeni, in esaurimento in serata.<br \/>\n<b>Precipitazioni: <\/b>Nella notte e in parte al mattino diffuse, a tratti anche moderate; nelle ore centrali e al pomeriggio possibili rovesci sparsi, con eventuali ulteriori accumuli modesti; in serata generalmente assenti; quota neve a 700\/900 m nella notte e al mattino, localmente pi\u00f9 bassa in caso di rovesci, in rialzo in giornata specie su Dolomiti.<br \/>\n<b>Temperature: <\/b>In lieve rialzo, eccetto le minime nelle valli, stazionarie, altrove registrate alla sera.<\/p>\n<hr \/>\n<p><center><b>MERCOLEDI<\/b><\/center>Tempo variabile, con schiarite al mattino nonostante possibili nubi medio alte, e parziale ripresa tra le ore centrali e il pomeriggio di attivit\u00e0 cumuliforme, localmente moderata sulle Prealpi, dove sar\u00e0 pi\u00f9 probabile qualche locale rovescio. Contesto termico freddo per il periodo, con probabili gelate mattutine in caso di schiarite notturne, ma con rialzo dei valori diurni.<\/p>\n<hr \/>\n<p><center><b>GIOVEDI<\/b><\/center>Tempo perlopi\u00f9 soleggiato al mattino, parzialmente soleggiato o a tratti nuvoloso al pomeriggio per modesta attivit\u00e0 cumuliforme, localmente moderata su Prealpi, dove non si potr\u00e0 escludere del tutto la possibilit\u00e0 di qualche isolato rovescio. Contesto termico freddo al mattino, anche con gelate su molti settori, sempre fresco per il periodo in giornata.<\/p>\n<p>&nbsp;<\/p>\n<hr \/>\n<p>&nbsp;<\/p>\n<a href=\"https:\/\/www.radiopiu.net\/wordpress\/wp-content\/uploads\/2024\/04\/INVITO-INFINITY-BARDIN-1.pdf\" class=\"pdfemb-viewer\" style=\"\" data-width=\"max\" data-height=\"max\" data-toolbar=\"top\" data-toolbar-fixed=\"on\">INVITO INFINITY BARDIN-1<\/a>\n<p>&nbsp;<\/p>\n<hr \/>\n<p>&nbsp;<\/p>\n<p><img loading=\"lazy\" decoding=\"async\" class=\"wp-image-60761 size-full aligncenter\" src=\"https:\/\/www.radiopiu.net\/wordpress\/wp-content\/uploads\/2018\/09\/sport.jpg\" alt=\"\" width=\"800\" height=\"100\" srcset=\"https:\/\/www.radiopiu.net\/wordpress\/wp-content\/uploads\/2018\/09\/sport.jpg 800w, https:\/\/www.radiopiu.net\/wordpress\/wp-content\/uploads\/2018\/09\/sport-300x38.jpg 300w, https:\/\/www.radiopiu.net\/wordpress\/wp-content\/uploads\/2018\/09\/sport-768x96.jpg 768w\" sizes=\"auto, (max-width: 800px) 100vw, 800px\" \/><\/p>\n<p><span style=\"color: #0000ff;\"><strong>VOLTEGGIO<\/strong><\/span><\/p>\n<blockquote>\n<h2>PR DOLOMITI VOLTEGGIO: Successi alla Competizione Nazionale<\/h2>\n<\/blockquote>\n<p><strong>LA VALLE AGORDINA<\/strong> Nell&#8217;ambito della Competizione Nazionale di Volteggio (CVN) tenutasi ad Udine, il PR Ranch Dolomiti Volteggio ha ottenuto risultati eccellenti. Gli\u00a0 atleti hanno brillato sul podio, con Alice Stieven, Nicole Bernardini e Giada Dal Tio che si sono classificate al terzo posto. Eliana Bellenzier e Giulia Bessegato hanno raggiunto anch&#8217;esse il terzo posto. Alessandro Oldrati e Mattia Giora si sono piazzati al secondo posto nelle rispettive categorie under 13 e over 14. Irene DeToni ha ottenuto il secondo posto nella categoria D over 14. Diletta Caldart e Aurora Zuanel hanno conquistato rispettivamente il secondo e terzo posto nella categoria 1stella children, presentando anche un magnifico PDD. Cecilia Caldart ha ottenuto il primo posto nella categoria 1stella junior. Il PR Dolomiti Volteggio continua a crescere e a maturare grazie all&#8217;impegno dei giovani atleti e al supporto di\u00a0 Art\u00f9 e Cisco. Il prossimo appuntamento \u00e8 previsto per il 18 maggio con una gara multidisciplinare in provincia di Vicenza, seguito dalla Coppa delle Regioni e Internazionali dal 30 maggio al 2 giugno a Monza.<\/p>\n\n\t\t\t<style type='text\/css'>\n\t\t\t\t#gallery-10 {\n\t\t\t\t\tmargin: auto;\n\t\t\t\t}\n\t\t\t\t#gallery-10 .gallery-item {\n\t\t\t\t\tfloat: left;\n\t\t\t\t\tmargin-top: 10px;\n\t\t\t\t\ttext-align: center;\n\t\t\t\t\twidth: 50%;\n\t\t\t\t}\n\t\t\t\t#gallery-10 img {\n\t\t\t\t\tborder: 2px solid #cfcfcf;\n\t\t\t\t}\n\t\t\t\t#gallery-10 .gallery-caption {\n\t\t\t\t\tmargin-left: 0;\n\t\t\t\t}\n\t\t\t\t\/* see gallery_shortcode() in wp-includes\/media.php *\/\n\t\t\t<\/style>\n\t\t<div id='gallery-10' class='dt-gallery-container gallery galleryid-386560 gallery-columns-2 gallery-size-medium'><dl class='gallery-item'>\n\t\t\t\t<dt class='gallery-icon landscape'>\n\t\t\t\t\t<a class=\"rollover rollover-zoom dt-pswp-item\" title=\"25f3c7b3-25d6-466f-86fe-fc767586eb20\" data-dt-img-description=\"\" data-large_image_width=\"2016\" data-large_image_height=\"1512\"href='https:\/\/www.radiopiu.net\/wordpress\/wp-content\/uploads\/2024\/04\/25f3c7b3-25d6-466f-86fe-fc767586eb20.jpg'><img loading=\"lazy\" decoding=\"async\" width=\"300\" height=\"225\" src=\"https:\/\/www.radiopiu.net\/wordpress\/wp-content\/uploads\/2024\/04\/25f3c7b3-25d6-466f-86fe-fc767586eb20-300x225.jpg\" class=\"attachment-medium size-medium\" alt=\"\" srcset=\"https:\/\/www.radiopiu.net\/wordpress\/wp-content\/uploads\/2024\/04\/25f3c7b3-25d6-466f-86fe-fc767586eb20-300x225.jpg 300w, https:\/\/www.radiopiu.net\/wordpress\/wp-content\/uploads\/2024\/04\/25f3c7b3-25d6-466f-86fe-fc767586eb20-1024x768.jpg 1024w, https:\/\/www.radiopiu.net\/wordpress\/wp-content\/uploads\/2024\/04\/25f3c7b3-25d6-466f-86fe-fc767586eb20-768x576.jpg 768w, https:\/\/www.radiopiu.net\/wordpress\/wp-content\/uploads\/2024\/04\/25f3c7b3-25d6-466f-86fe-fc767586eb20-1536x1152.jpg 1536w, https:\/\/www.radiopiu.net\/wordpress\/wp-content\/uploads\/2024\/04\/25f3c7b3-25d6-466f-86fe-fc767586eb20.jpg 2016w\" sizes=\"auto, (max-width: 300px) 100vw, 300px\" \/><\/a>\n\t\t\t\t<\/dt><\/dl><dl class='gallery-item'>\n\t\t\t\t<dt class='gallery-icon portrait'>\n\t\t\t\t\t<a class=\"rollover rollover-zoom dt-pswp-item\" title=\"f28ab3c0-db83-4a3a-bcd6-4240f2981808\" data-dt-img-description=\"\" data-large_image_width=\"1536\" data-large_image_height=\"2040\"href='https:\/\/www.radiopiu.net\/wordpress\/wp-content\/uploads\/2024\/04\/f28ab3c0-db83-4a3a-bcd6-4240f2981808.jpg'><img loading=\"lazy\" decoding=\"async\" width=\"226\" height=\"300\" src=\"https:\/\/www.radiopiu.net\/wordpress\/wp-content\/uploads\/2024\/04\/f28ab3c0-db83-4a3a-bcd6-4240f2981808-226x300.jpg\" class=\"attachment-medium size-medium\" alt=\"\" srcset=\"https:\/\/www.radiopiu.net\/wordpress\/wp-content\/uploads\/2024\/04\/f28ab3c0-db83-4a3a-bcd6-4240f2981808-226x300.jpg 226w, https:\/\/www.radiopiu.net\/wordpress\/wp-content\/uploads\/2024\/04\/f28ab3c0-db83-4a3a-bcd6-4240f2981808-771x1024.jpg 771w, https:\/\/www.radiopiu.net\/wordpress\/wp-content\/uploads\/2024\/04\/f28ab3c0-db83-4a3a-bcd6-4240f2981808-768x1020.jpg 768w, https:\/\/www.radiopiu.net\/wordpress\/wp-content\/uploads\/2024\/04\/f28ab3c0-db83-4a3a-bcd6-4240f2981808-1157x1536.jpg 1157w, https:\/\/www.radiopiu.net\/wordpress\/wp-content\/uploads\/2024\/04\/f28ab3c0-db83-4a3a-bcd6-4240f2981808.jpg 1536w\" sizes=\"auto, (max-width: 226px) 100vw, 226px\" \/><\/a>\n\t\t\t\t<\/dt><\/dl><br style=\"clear: both\" \/><dl class='gallery-item'>\n\t\t\t\t<dt class='gallery-icon portrait'>\n\t\t\t\t\t<a class=\"rollover rollover-zoom dt-pswp-item\" title=\"a78cfa27-6997-4d9f-bdf4-43533bd44229\" data-dt-img-description=\"\" data-large_image_width=\"1536\" data-large_image_height=\"2040\"href='https:\/\/www.radiopiu.net\/wordpress\/wp-content\/uploads\/2024\/04\/a78cfa27-6997-4d9f-bdf4-43533bd44229.jpg'><img loading=\"lazy\" decoding=\"async\" width=\"226\" height=\"300\" src=\"https:\/\/www.radiopiu.net\/wordpress\/wp-content\/uploads\/2024\/04\/a78cfa27-6997-4d9f-bdf4-43533bd44229-226x300.jpg\" class=\"attachment-medium size-medium\" alt=\"\" srcset=\"https:\/\/www.radiopiu.net\/wordpress\/wp-content\/uploads\/2024\/04\/a78cfa27-6997-4d9f-bdf4-43533bd44229-226x300.jpg 226w, https:\/\/www.radiopiu.net\/wordpress\/wp-content\/uploads\/2024\/04\/a78cfa27-6997-4d9f-bdf4-43533bd44229-771x1024.jpg 771w, https:\/\/www.radiopiu.net\/wordpress\/wp-content\/uploads\/2024\/04\/a78cfa27-6997-4d9f-bdf4-43533bd44229-768x1020.jpg 768w, https:\/\/www.radiopiu.net\/wordpress\/wp-content\/uploads\/2024\/04\/a78cfa27-6997-4d9f-bdf4-43533bd44229-1157x1536.jpg 1157w, https:\/\/www.radiopiu.net\/wordpress\/wp-content\/uploads\/2024\/04\/a78cfa27-6997-4d9f-bdf4-43533bd44229.jpg 1536w\" sizes=\"auto, (max-width: 226px) 100vw, 226px\" \/><\/a>\n\t\t\t\t<\/dt><\/dl><dl class='gallery-item'>\n\t\t\t\t<dt class='gallery-icon portrait'>\n\t\t\t\t\t<a class=\"rollover rollover-zoom dt-pswp-item\" title=\"6e12913d-9a95-485e-b6f9-e4a638dada93\" data-dt-img-description=\"\" data-large_image_width=\"1536\" data-large_image_height=\"2040\"href='https:\/\/www.radiopiu.net\/wordpress\/wp-content\/uploads\/2024\/04\/6e12913d-9a95-485e-b6f9-e4a638dada93.jpg'><img loading=\"lazy\" decoding=\"async\" width=\"226\" height=\"300\" src=\"https:\/\/www.radiopiu.net\/wordpress\/wp-content\/uploads\/2024\/04\/6e12913d-9a95-485e-b6f9-e4a638dada93-226x300.jpg\" class=\"attachment-medium size-medium\" alt=\"\" srcset=\"https:\/\/www.radiopiu.net\/wordpress\/wp-content\/uploads\/2024\/04\/6e12913d-9a95-485e-b6f9-e4a638dada93-226x300.jpg 226w, https:\/\/www.radiopiu.net\/wordpress\/wp-content\/uploads\/2024\/04\/6e12913d-9a95-485e-b6f9-e4a638dada93-771x1024.jpg 771w, https:\/\/www.radiopiu.net\/wordpress\/wp-content\/uploads\/2024\/04\/6e12913d-9a95-485e-b6f9-e4a638dada93-768x1020.jpg 768w, https:\/\/www.radiopiu.net\/wordpress\/wp-content\/uploads\/2024\/04\/6e12913d-9a95-485e-b6f9-e4a638dada93-1157x1536.jpg 1157w, https:\/\/www.radiopiu.net\/wordpress\/wp-content\/uploads\/2024\/04\/6e12913d-9a95-485e-b6f9-e4a638dada93.jpg 1536w\" sizes=\"auto, (max-width: 226px) 100vw, 226px\" \/><\/a>\n\t\t\t\t<\/dt><\/dl><br style=\"clear: both\" \/>\n\t\t\t<\/div>\n\n<p>&nbsp;<\/p>\n<p>&nbsp;<\/p>\n<p>&nbsp;<\/p>\n<p>&nbsp;<\/p>\n<p><span style=\"color: #0000ff;\"><strong>CALCIO<\/strong><\/span><\/p>\n<blockquote>\n<h3>L&#8217;AGORDINA ATTERRA IL CORTINA, IL PIAVE PAREGGIA CON IL FORTOGNA<\/h3>\n<\/blockquote>\n<p><strong><a class=\"dt-pswp-item\" href=\"https:\/\/www.radiopiu.net\/wordpress\/wp-content\/uploads\/2024\/04\/a5f90ab2-6cf6-431e-a734-995acec0ad4f.jpg\" data-dt-img-description=\"\" data-large_image_width=\"2048\" data-large_image_height=\"1536\"><img loading=\"lazy\" decoding=\"async\" class=\" wp-image-386754 alignleft\" src=\"https:\/\/www.radiopiu.net\/wordpress\/wp-content\/uploads\/2024\/04\/a5f90ab2-6cf6-431e-a734-995acec0ad4f-300x225.jpg\" alt=\"\" width=\"215\" height=\"161\" srcset=\"https:\/\/www.radiopiu.net\/wordpress\/wp-content\/uploads\/2024\/04\/a5f90ab2-6cf6-431e-a734-995acec0ad4f-300x225.jpg 300w, https:\/\/www.radiopiu.net\/wordpress\/wp-content\/uploads\/2024\/04\/a5f90ab2-6cf6-431e-a734-995acec0ad4f-1024x768.jpg 1024w, https:\/\/www.radiopiu.net\/wordpress\/wp-content\/uploads\/2024\/04\/a5f90ab2-6cf6-431e-a734-995acec0ad4f-768x576.jpg 768w, https:\/\/www.radiopiu.net\/wordpress\/wp-content\/uploads\/2024\/04\/a5f90ab2-6cf6-431e-a734-995acec0ad4f-1536x1152.jpg 1536w, https:\/\/www.radiopiu.net\/wordpress\/wp-content\/uploads\/2024\/04\/a5f90ab2-6cf6-431e-a734-995acec0ad4f.jpg 2048w\" sizes=\"auto, (max-width: 215px) 100vw, 215px\" \/><\/a>DI MARCO GAZ<\/strong><\/p>\n<p><span style=\"color: #ff0000;\"><strong>TERZA CATEGORIA<\/strong><\/span><\/p>\n<p><strong>CORTINA \u2013 AGORDINA 0-3<\/strong><\/p>\n<p>GOL AGORDINA: Casera, Crepaz, Tirabeni<\/p>\n<p>Continua la serie di risultati positivi per l\u2019Agordina che torna dalla trasferta in terra ampezzana con 3 punti importanti in vista della lotta alla qualificazione ai playoff. Un campionato che vede ben 8 formazioni pronte a lottare nelle ultime giornate di campionato per raggiungere la seconda fase della stagione. Dopo un primo tempo a reti inviolate, la sfida si sblocca nella ripresa quando i ragazzi allenati da Chiea trovano la rete con Casera che finalizza un\u2019azione corale. Il match viene giocato alla pari ma ad avere la meglio \u00e8 ancora l\u2019Agordina. A 10\u2019 dal termine Crepaz trova il tapin vincente dopo un batti e ribatti in area. A chiudere definitivamente la sfida ci pensa Tirabeni con una conclusione da distanza ravvicinata<\/p>\n<p><strong>FORTOGNA \u2013 PIAVE 1-1<\/strong><\/p>\n<p>Il Piave pareggia con il Fortogna e dice addio alle speranze playoff. La squadra di Salce non riesce a fare 3 punti a Ponte Nelle Alpi e fa un favore agli agordini che si avvicinano sempre di pi\u00f9 alla zona di qualificazione alla fase finale del campionato<\/p>\n<p><strong>LA CLASSIFICA DELLA TERZA CATEGORIA:<\/strong> Gemelle 45, Domegge 42, San Vittore 40, Auronzo 39, Fortogna\u00a0 35, Alpes Cesio, Dynamo Velai e Valzoldana 33, Agordina 32, Piave 22, Tambre 19, Cortina 17, Lamonese 13, Cadore 6<\/p>\n<p><span style=\"color: #008000;\"><strong>GIOVANILI AGORDINA<\/strong><\/span><\/p>\n<p><span style=\"color: #ff0000;\"><strong>JUNIORES<\/strong><\/span><\/p>\n<p><strong>CAMPIONATO TERMINATO. AGORDINA CHE CHIUDE LA STAGIONE AL TERZO POSTO<\/strong><\/p>\n<p><span style=\"color: #ff0000;\"><strong>ALLIEVI <\/strong><\/span><\/p>\n<p><strong>PIAVE \u2013 AGORDINA 3-4<\/strong><\/p>\n<p>Match pirotecnico a Salce dove l\u2019Agordina vince di misura con il Piave. Manfroi apre subito le marcature per i padroni di casa e trova il raddoppio subito dopo. La squadra di Agordo si sevglia nella ripresa quando Soccol accorcia le distanze. Lo stesso Soccol pareggia i conti subito dopo. Piave che risponde ancora con Manfroi e De Col pareggia di nuovo i conti per gli agordini. Agordina pi\u00f9 determinata che chiude la sfida con il gol di Mezzacasa a 10\u2019 dal termine.<\/p>\n<p><span style=\"color: #ff0000;\"><strong>GIOVANISSIMI<\/strong><\/span><\/p>\n<p><strong>VALBELLUNA \u2013 AGORDINA 1-6<\/strong><\/p>\n<p>Splendida prestazione della prima squadra del settore Giovanissimi dell\u2019Agordina che domina la sfida con la Valbelluna rifilando un punteggio tennistico agli avversari. Tutto facile per la compagine di Agordo che incamera 3 punti importanti per tentare di agguantare la seconda posizione in classifica che dista a soli 3 punti a due turni dalla fine del campionato.<\/p>\n<p><strong>AGORDINA sq. B \u00a0&#8211; PLAVIS \u2013 1-3<\/strong><\/p>\n<p>Niente da fare per la seconda squadra dell\u2019Agordina Giovanissimi che non riesce a tenere il passo della Plavis. Ennesima sconfitta e penultimo posto in classifica per i giovani agordini.<\/p>\n<p>&nbsp;<\/p>\n<p><span style=\"color: #0000ff;\"><strong>PALLAVOLO<\/strong><\/span><\/p>\n<blockquote>\n<h3>IL BELLUNO VOLLEY VOLA IN SEMIFINALE<\/h3>\n<\/blockquote>\n<p><b><a class=\"dt-pswp-item\" href=\"https:\/\/www.radiopiu.net\/wordpress\/wp-content\/uploads\/2024\/04\/Festa_finale_a_Palmi.jpg\" data-dt-img-description=\"\" data-large_image_width=\"1282\" data-large_image_height=\"1200\"><img loading=\"lazy\" decoding=\"async\" class=\" wp-image-386768 alignleft\" src=\"https:\/\/www.radiopiu.net\/wordpress\/wp-content\/uploads\/2024\/04\/Festa_finale_a_Palmi-300x281.jpg\" alt=\"\" width=\"177\" height=\"166\" srcset=\"https:\/\/www.radiopiu.net\/wordpress\/wp-content\/uploads\/2024\/04\/Festa_finale_a_Palmi-300x281.jpg 300w, https:\/\/www.radiopiu.net\/wordpress\/wp-content\/uploads\/2024\/04\/Festa_finale_a_Palmi-1024x959.jpg 1024w, https:\/\/www.radiopiu.net\/wordpress\/wp-content\/uploads\/2024\/04\/Festa_finale_a_Palmi-768x719.jpg 768w, https:\/\/www.radiopiu.net\/wordpress\/wp-content\/uploads\/2024\/04\/Festa_finale_a_Palmi.jpg 1282w\" sizes=\"auto, (max-width: 177px) 100vw, 177px\" \/><\/a>OMIFER PALMI-BELLUNO VOLLEY 0-3 (<\/b><strong>22-25, 22-25, 12-25)<\/strong><\/p>\n<p>Il Belluno Volley prende posto al tavolo delle magnifiche quattro di Serie A3: sbanca Palmi. E vola in semifinale. Un traguardo strameritato per il gruppo di Gian Luca Colussi, capace di interpretare la serie con l\u2019OmiFer in maniera pressoch\u00e9 perfetta. Dopo aver risolto gara 1 in quattro parziali, i rinoceronti danno scacco matto in appena tre mosse alla regina di coppe: a una squadra che, nell\u2019arco di un mese, ha conquistato Coppa Italia e Supercoppa di A3. Ma che i bellunesi hanno saputo fronteggiare al meglio. Il prossimo ostacolo si chiama Smartsystem Fano: da affrontare domenica 28 aprile, nelle Marche, mentre il secondo atto andr\u00e0 in scena alla Spes Arena il 1. maggio.<span class=\"gmail-Apple-converted-space\">\u00a0<\/span><\/p>\n<p>&nbsp;<\/p>\n<blockquote>\n<h3>FINE SETTIMANA NERO PER LE TRE SQUADRE DEL VOLLEY CLUB AGORDINO<\/h3>\n<\/blockquote>\n<p><strong><a class=\"dt-pswp-item\" href=\"https:\/\/www.radiopiu.net\/wordpress\/wp-content\/uploads\/2023\/01\/VOLLEY-2023.jpg\" data-dt-img-description=\"\" data-large_image_width=\"1920\" data-large_image_height=\"1280\"><img loading=\"lazy\" decoding=\"async\" class=\" wp-image-318320 alignleft\" src=\"https:\/\/www.radiopiu.net\/wordpress\/wp-content\/uploads\/2023\/01\/VOLLEY-2023-300x200.jpg\" alt=\"\" width=\"188\" height=\"125\" srcset=\"https:\/\/www.radiopiu.net\/wordpress\/wp-content\/uploads\/2023\/01\/VOLLEY-2023-300x200.jpg 300w, https:\/\/www.radiopiu.net\/wordpress\/wp-content\/uploads\/2023\/01\/VOLLEY-2023-1024x683.jpg 1024w, https:\/\/www.radiopiu.net\/wordpress\/wp-content\/uploads\/2023\/01\/VOLLEY-2023-768x512.jpg 768w, https:\/\/www.radiopiu.net\/wordpress\/wp-content\/uploads\/2023\/01\/VOLLEY-2023-1536x1024.jpg 1536w, https:\/\/www.radiopiu.net\/wordpress\/wp-content\/uploads\/2023\/01\/VOLLEY-2023.jpg 1920w\" sizes=\"auto, (max-width: 188px) 100vw, 188px\" \/><\/a>DI MARCO GAZ<\/strong><\/p>\n<p><span style=\"color: #ff0000;\"><strong>PRIMA DIVISIONE<\/strong><\/span><\/p>\n<p><strong>VOLLEY CLUB AGORDINO \u2013 EZZELINA 0-3 (12-25, 15-25, 14-25)<\/strong><\/p>\n<p>Ennesimo tracollo del Volley Club Agordino di Prima Divisione che crolla in casa con l\u2019Ezzelina. Tutto facile per le trevigiane che fanno bottino pieno in una partita a senso unico. La squadra ospite chiude la pratica al PalaRova di Agordo con tre set in fotocopia rifilando 10 punti a parziale alle agordine.<\/p>\n<p><span style=\"color: #ff0000;\"><strong>TERZA DIVISIONE UNDER 16<\/strong><\/span><\/p>\n<p><strong>VOLLEY CLUB AGORDINO \u2013 CAPPELLA MAGGIORE 0-3 (17-25, 11-25, 7-25)<\/strong><\/p>\n<p>Il Volley Club Agordino under 16 tiene testa al Cappella Maggiore per un solo set poi crolla. Sconfitta per le giovani agordine che al PalaRova di Agordo perdono in tre set con le trevigiane prime della classe. Una partita senza storia con un epilogo severo.<\/p>\n<p><span style=\"color: #ff0000;\"><strong>UNDER 14 <\/strong><\/span><\/p>\n<p><strong>ALPAGO \u2013 VOLLEY CLUB AGORDINO 3-0 (25-18, 26-24, 25-12)<\/strong><\/p>\n<p>L\u2019Alpago incamera tre punti con il Volley Club Agordino. Sono bastati 3 set alle alpagotte per incamerare i 3 punti in palio. Le Agordine rimangono in partita per i primi due parziali poi crollano e lasciano una prateria alle avversarie.<\/p>\n<p>&nbsp;<\/p>\n<blockquote>\n<h3>PALLAVOLO FEMMINILE BELLUNO: SERIE C AI PLAYOFF, SERIE D CROLLA<\/h3>\n<\/blockquote>\n<p><span style=\"color: #ff0000;\"><strong><a class=\"dt-pswp-item\" href=\"https:\/\/www.radiopiu.net\/wordpress\/wp-content\/uploads\/2024\/04\/Serie_C_nei_playoff.jpg\" data-dt-img-description=\"\" data-large_image_width=\"826\" data-large_image_height=\"555\"><img loading=\"lazy\" decoding=\"async\" class=\" wp-image-386641 alignleft\" src=\"https:\/\/www.radiopiu.net\/wordpress\/wp-content\/uploads\/2024\/04\/Serie_C_nei_playoff-300x202.jpg\" alt=\"\" width=\"175\" height=\"118\" srcset=\"https:\/\/www.radiopiu.net\/wordpress\/wp-content\/uploads\/2024\/04\/Serie_C_nei_playoff-300x202.jpg 300w, https:\/\/www.radiopiu.net\/wordpress\/wp-content\/uploads\/2024\/04\/Serie_C_nei_playoff-768x516.jpg 768w, https:\/\/www.radiopiu.net\/wordpress\/wp-content\/uploads\/2024\/04\/Serie_C_nei_playoff.jpg 826w\" sizes=\"auto, (max-width: 175px) 100vw, 175px\" \/><\/a>SERIE C<\/strong><\/span><\/p>\n<p><b>SB VOLLEY-THEMA STUDIO TORRI 3-0 (<\/b><strong>28-26, 25-16, 25-14)<\/strong><\/p>\n<p>\u00c8 fatta: con una giornata d\u2019anticipo, la pallavolo Belluno si qualifica per i playoff di serie C femminile. Decisiva la vittoria sulle vicentine del Torri, nell\u2019ultimo confronto interno della regular season. Ma ancor pi\u00f9 decisiva \u00e8 la continuit\u00e0 di rendimento di una squadra che ha viaggiato ad alta velocit\u00e0 fin dai blocchi di partenza. E che al De Mas si \u00e8 rivelata semplicemente imbattibile. S\u00ec, imbattibile. Lo certificano anche i numeri: 9 incontri disputati nell\u2019impianto di via Gabelli e 9 successi, 27 punti conquistati sui 27 a disposizione. E un solo set al passivo. Un autentico capolavoro, con la pennellata finale di un\u2019Elena Barp capace di confezionare 4 ace e 3 muri. Bene pure Miriana Casagrande, schierata nel sestetto d\u2019avvio e top scorer a quota 12. Come positivo \u00e8 l\u2019ingresso dalla panchina di Beatrice Barp e di Camilla Consoli.<\/p>\n<p><span style=\"color: #ff0000;\"><strong><a class=\"dt-pswp-item\" href=\"https:\/\/www.radiopiu.net\/wordpress\/wp-content\/uploads\/2024\/04\/Serie_D_sconfitta_a_Ospedaletto_Euganeo.jpg\" data-dt-img-description=\"\" data-large_image_width=\"1847\" data-large_image_height=\"1231\"><img loading=\"lazy\" decoding=\"async\" class=\" wp-image-386642 alignright\" src=\"https:\/\/www.radiopiu.net\/wordpress\/wp-content\/uploads\/2024\/04\/Serie_D_sconfitta_a_Ospedaletto_Euganeo-300x200.jpg\" alt=\"\" width=\"174\" height=\"116\" srcset=\"https:\/\/www.radiopiu.net\/wordpress\/wp-content\/uploads\/2024\/04\/Serie_D_sconfitta_a_Ospedaletto_Euganeo-300x200.jpg 300w, https:\/\/www.radiopiu.net\/wordpress\/wp-content\/uploads\/2024\/04\/Serie_D_sconfitta_a_Ospedaletto_Euganeo-1024x682.jpg 1024w, https:\/\/www.radiopiu.net\/wordpress\/wp-content\/uploads\/2024\/04\/Serie_D_sconfitta_a_Ospedaletto_Euganeo-768x512.jpg 768w, https:\/\/www.radiopiu.net\/wordpress\/wp-content\/uploads\/2024\/04\/Serie_D_sconfitta_a_Ospedaletto_Euganeo-1536x1024.jpg 1536w, https:\/\/www.radiopiu.net\/wordpress\/wp-content\/uploads\/2024\/04\/Serie_D_sconfitta_a_Ospedaletto_Euganeo.jpg 1847w\" sizes=\"auto, (max-width: 174px) 100vw, 174px\" \/><\/a>SERIE D<\/strong><\/span><\/p>\n<p><b>VISION VOLLEY- BELLUNO 3-1 (<\/b><strong>25-23, 25-16, 19-25, 25-16)<\/strong><\/p>\n<p>La pallavolo Belluno lotta, nell\u2019ultima trasferta del campionato femminile di serie D. Ma non riesce a evitare il quindicesimo passivo stagionale: il Vision, infatti, riesce a spuntarla al termine di una gara combattuta e caratterizzata da una serie di scambi molto lunghi, nella quale le due compagini hanno difeso alla grande. Ma le padrone di casa padovane si dimostrano pi\u00f9 concrete nei momenti chiave del match.<span class=\"gmail-Apple-converted-space\">\u00a0<\/span><\/p>\n<p>&nbsp;<\/p>\n<p><span style=\"color: #0000ff;\"><strong>CORSA CAMPESTRE<\/strong><\/span><\/p>\n<blockquote>\n<h3>L\u2019ATLETICA CORTINA DAVANTI A TUTTI NELLA PRIMA PROVA DEL CRITERIUM CADORINO DI ATLETICA CSI<\/h3>\n<\/blockquote>\n<p><a class=\"dt-pswp-item\" href=\"https:\/\/www.radiopiu.net\/wordpress\/wp-content\/uploads\/2024\/04\/criterium_cadorino_zoldo_atletica-cortina-vincitrice-memorial-manuel-bratti_21.04.2024-scaled.jpg\" data-dt-img-description=\"\" data-large_image_width=\"2560\" data-large_image_height=\"1707\"><img loading=\"lazy\" decoding=\"async\" class=\" wp-image-386718 alignleft\" src=\"https:\/\/www.radiopiu.net\/wordpress\/wp-content\/uploads\/2024\/04\/criterium_cadorino_zoldo_atletica-cortina-vincitrice-memorial-manuel-bratti_21.04.2024-300x200.jpg\" alt=\"\" width=\"153\" height=\"102\" srcset=\"https:\/\/www.radiopiu.net\/wordpress\/wp-content\/uploads\/2024\/04\/criterium_cadorino_zoldo_atletica-cortina-vincitrice-memorial-manuel-bratti_21.04.2024-300x200.jpg 300w, https:\/\/www.radiopiu.net\/wordpress\/wp-content\/uploads\/2024\/04\/criterium_cadorino_zoldo_atletica-cortina-vincitrice-memorial-manuel-bratti_21.04.2024-1024x683.jpg 1024w, https:\/\/www.radiopiu.net\/wordpress\/wp-content\/uploads\/2024\/04\/criterium_cadorino_zoldo_atletica-cortina-vincitrice-memorial-manuel-bratti_21.04.2024-768x512.jpg 768w, https:\/\/www.radiopiu.net\/wordpress\/wp-content\/uploads\/2024\/04\/criterium_cadorino_zoldo_atletica-cortina-vincitrice-memorial-manuel-bratti_21.04.2024-1536x1024.jpg 1536w, https:\/\/www.radiopiu.net\/wordpress\/wp-content\/uploads\/2024\/04\/criterium_cadorino_zoldo_atletica-cortina-vincitrice-memorial-manuel-bratti_21.04.2024-2048x1365.jpg 2048w\" sizes=\"auto, (max-width: 153px) 100vw, 153px\" \/><\/a>La prima tappa della 27\u00aa edizione del Criterium Cadorino di atletica ha visto pi\u00f9 di 200 partecipanti, organizzata a Pralongo di Val di Zoldo dall&#8217;Atletica Zoldo. Nonostante il freddo e qualche fiocco di neve, l&#8217;evento \u00e8 stato un successo. L&#8217;Atletica Cortina \u00e8 stata la grande protagonista, vincendo sia nella categoria giovanile sia in quella assoluta. Chiara Pedol del Modesto Team ha trionfato nella gara femminile, mentre Gabriel Zandonella Callegher dell&#8217;Atletica Comelico ha vinto quella maschile. La prossima tappa sar\u00e0 il 5 maggio a San Vito di Cadore, curata dalla Polisportiva Caprioli, valida anche come prova del campionato provinciale su strada e dedicata al memorial Massimo Madella.<\/p>\n<p>&nbsp;<\/p>\n<p>&nbsp;<\/p>\n<hr \/>\n<p>&nbsp;<\/p>\n<blockquote class=\"wp-embedded-content\" data-secret=\"2NkNAPXnis\"><p><a href=\"https:\/\/www.radiopiu.net\/wordpress\/ddc-juke-box-da-unidea-di-luisa-alchini-p10\/\">DDC JUKE BOX, DA UN&#8217;IDEA DI LUISA ALCHINI<\/a><\/p><\/blockquote>\n<p><iframe loading=\"lazy\" class=\"wp-embedded-content\" sandbox=\"allow-scripts\" security=\"restricted\" style=\"position: absolute; clip: rect(1px, 1px, 1px, 1px);\" title=\"&#8220;DDC JUKE BOX, DA UN&#8217;IDEA DI LUISA ALCHINI&#8221; &#8212; Radio Pi\u00f9\" src=\"https:\/\/www.radiopiu.net\/wordpress\/ddc-juke-box-da-unidea-di-luisa-alchini-p10\/embed\/#?secret=L9ZzoqqQ80#?secret=2NkNAPXnis\" data-secret=\"2NkNAPXnis\" width=\"600\" height=\"338\" frameborder=\"0\" marginwidth=\"0\" marginheight=\"0\" scrolling=\"no\"><\/iframe><\/p>\n<p>&nbsp;<\/p>\n<p>&nbsp;<\/p>\n<p>&nbsp;<\/p>\n","protected":false},"excerpt":{"rendered":"<p>******* &nbsp; PER RICEVERE QUESTO NOTIZIARIO DIRETTAMENTE SUL TUO CELLULARE ISCRIVITI AL CANALE TELEGRAM \u201cRADIO PIU\u00a0 INFORMAZIONE&#8221;\u00a0 \u00a0il CANALE TELEGRAM&#8230; UNISCITI A: RADIO PIU INFORMAZIONE &nbsp; &nbsp; ATTENZIONE: LA NUOVA APP PER IOS-IPHONE di Nicola Vettorello https:\/\/apps.apple.com\/it\/app\/radio-pi%C3%B9-emittente-agordina\/id1515939845 ATTENZIONE: LA NUOVA APP RADIO\u00a0 PER ANDROID di Nicola Vettorello https:\/\/play.google.com\/store\/apps\/details?id=net.radiopiu.iniko\u00a0\u00a0 &nbsp; ALLEGHE, PRIMAVERA 2024 lunedi 22 aprile&hellip;<\/p>\n","protected":false},"author":4,"featured_media":386761,"comment_status":"closed","ping_status":"closed","sticky":false,"template":"","format":"standard","meta":{"_monsterinsights_skip_tracking":false,"_monsterinsights_sitenote_active":false,"_monsterinsights_sitenote_note":"","_monsterinsights_sitenote_category":0,"footnotes":""},"categories":[51,86,49],"tags":[],"class_list":["post-386560","post","type-post","status-publish","format-standard","has-post-thumbnail","hentry","category-evidenza-top","category-gr","category-news-18","category-51","category-86","category-49","description-off"],"img_url":"https:\/\/www.radiopiu.net\/wordpress\/wp-content\/uploads\/2024\/04\/32fca2ad-0a46-4352-9d25-865f999708b1.jpeg","_links":{"self":[{"href":"https:\/\/www.radiopiu.net\/wordpress\/wp-json\/wp\/v2\/posts\/386560","targetHints":{"allow":["GET"]}}],"collection":[{"href":"https:\/\/www.radiopiu.net\/wordpress\/wp-json\/wp\/v2\/posts"}],"about":[{"href":"https:\/\/www.radiopiu.net\/wordpress\/wp-json\/wp\/v2\/types\/post"}],"author":[{"embeddable":true,"href":"https:\/\/www.radiopiu.net\/wordpress\/wp-json\/wp\/v2\/users\/4"}],"replies":[{"embeddable":true,"href":"https:\/\/www.radiopiu.net\/wordpress\/wp-json\/wp\/v2\/comments?post=386560"}],"version-history":[{"count":0,"href":"https:\/\/www.radiopiu.net\/wordpress\/wp-json\/wp\/v2\/posts\/386560\/revisions"}],"wp:featuredmedia":[{"embeddable":true,"href":"https:\/\/www.radiopiu.net\/wordpress\/wp-json\/wp\/v2\/media\/386761"}],"wp:attachment":[{"href":"https:\/\/www.radiopiu.net\/wordpress\/wp-json\/wp\/v2\/media?parent=386560"}],"wp:term":[{"taxonomy":"category","embeddable":true,"href":"https:\/\/www.radiopiu.net\/wordpress\/wp-json\/wp\/v2\/categories?post=386560"},{"taxonomy":"post_tag","embeddable":true,"href":"https:\/\/www.radiopiu.net\/wordpress\/wp-json\/wp\/v2\/tags?post=386560"}],"curies":[{"name":"wp","href":"https:\/\/api.w.org\/{rel}","templated":true}]}}