{"id":386667,"date":"2024-04-22T05:39:04","date_gmt":"2024-04-22T03:39:04","guid":{"rendered":"https:\/\/www.radiopiu.net\/wordpress\/?p=386667"},"modified":"2024-04-22T05:51:24","modified_gmt":"2024-04-22T03:51:24","slug":"otto-anni-fa-si-parlava-di-fusione-dei-comuni-in-agordino","status":"publish","type":"post","link":"https:\/\/www.radiopiu.net\/wordpress\/otto-anni-fa-si-parlava-di-fusione-dei-comuni-in-agordino\/","title":{"rendered":"OTTO ANNI FA SI PARLAVA DI FUSIONE DEI COMUNI IN AGORDINO"},"content":{"rendered":"<p>*****<\/p>\n<p>&nbsp;<\/p>\n<p><strong><a class=\"dt-pswp-item\" href=\"https:\/\/www.radiopiu.net\/wordpress\/wp-content\/uploads\/2023\/11\/AGORDO-1.jpg\" data-dt-img-description=\"\" data-large_image_width=\"1600\" data-large_image_height=\"900\"><img loading=\"lazy\" decoding=\"async\" class=\" wp-image-361196 alignleft\" src=\"https:\/\/www.radiopiu.net\/wordpress\/wp-content\/uploads\/2023\/11\/AGORDO-1-300x169.jpg\" alt=\"\" width=\"211\" height=\"119\" srcset=\"https:\/\/www.radiopiu.net\/wordpress\/wp-content\/uploads\/2023\/11\/AGORDO-1-300x169.jpg 300w, https:\/\/www.radiopiu.net\/wordpress\/wp-content\/uploads\/2023\/11\/AGORDO-1-1024x576.jpg 1024w, https:\/\/www.radiopiu.net\/wordpress\/wp-content\/uploads\/2023\/11\/AGORDO-1-768x432.jpg 768w, https:\/\/www.radiopiu.net\/wordpress\/wp-content\/uploads\/2023\/11\/AGORDO-1-1536x864.jpg 1536w, https:\/\/www.radiopiu.net\/wordpress\/wp-content\/uploads\/2023\/11\/AGORDO-1.jpg 1600w\" sizes=\"auto, (max-width: 211px) 100vw, 211px\" \/><\/a>REDAZIONE <\/strong>Otto anni fa si parlava gi\u00e0 di fusioni tra i comuni dell&#8217;Agordino. A ricordarcelo \u00e8 Tiziano De Col, all&#8217;epoca Consigliere Comunale ed Ex Sindaco di La Valle Agordina. E lo fa inviandoci due comunicati stampa firmati proprio da De Col che parlava proprio di questa opportunit\u00e0 per i 16 comuni dell&#8217;Agordino.<\/p>\n<p><span style=\"color: #ff0000;\"><strong>COMUNICATO DEL 23 FEBBRAIO 2016<\/strong><\/span><\/p>\n<p>L\u2019improvvisa accelerazione impressa negli ultimi giorni dai Comuni di Agordo, Rivamonte, La Valle, Voltago sulla via della Fusione dei Comuni \u00e8 sicuramente interessante anche se proprio questa accelerazione suscita qualche perplessit\u00e0 ripensando a dichiarazioni relative alla Fusione dei Comuni della Conca Agordina rilasciate da alcuni degli stessi primi cittadini di questi Comuni non pi\u00f9 tardi dello scorso anno , dichiarazioni che andavano nettamente contro i processi di Fusione e snobbavamo sonoramente le considerazioni tecniche a sostegno della Fusione esplicitate dal sottoscritto in una pubblica riunione di un anno fa. Cos\u2019\u00e8 che ha causato questa improvvisa \u201cconversione\u201d? Forse il precipitare delle condizioni di operativit\u00e0 di alcuni di questi Comuni e l\u2019allettante incremento per il 2016 dei fondi nazionali e regionali a supporto delle Fusioni? O forse un mero calcolo politico per \u201cappropriarsi\u201d dell\u2019argomento e poi rimetterlo nel cassetto o strascicarlo per tre anni per arrivare a fine mandato di tre sindaci su quattro e non perdere tempo di \u201ccarica\u201d? Si rischia cos\u00ec di \u201cbruciare\u201d l\u2019argomento gi\u00e0 dalle prime battute? Forse si. La stessa assenza del Sindaco di Taibon dal tavolo con gli altri Sindaci \u00e8 da valutare con particolare attenzione, non per avere un comune in pi\u00f9 o un comune in meno, ma per garantire l\u2019omogeneit\u00e0 territoriale della Conca Agordina e per fare da bilanciamento al \u201cpeso specifico\u201d di Agordo nei riguardi degli altri tre piccoli Comuni (Voltago-Rivamonte- La Valle) gli abitanti dei quali, sommati, danno un numero non di molto superiore alla met\u00e0 degli abitanti di Agordo. Questo fattore non mette certo tranquillit\u00e0 nella eventuale scelta referendaria degli di questi pi\u00f9 piccoli Comuni. Molto interessante e da seguire senz\u2019altro \u00e8 l\u2019esempio di Falcade e Canale d\u2019Agordo, partito con seriet\u00e0 istituzionale con l\u2019iniziale completo coinvolgimento dei Consigli Comunali dei due Comuni (e l\u2019incarico a competente Soggetto esterno per disanimare le criticit\u00e0 e le opportunit\u00e0 dell\u2019operazione) e con l\u2019attivit\u00e0 di Associazioni Locali atte alla ricostituzione delle Antiche Regole locali, in modo che la gestione del Patrimonio Antico (beni collettivi) storicamente legati alle Comunit\u00e0 Locali e da 200 anni gestiti dai Comuni, possa rimanere nella gestione delle Comunit\u00e0 Locali anche in caso di scioglimento dei Comuni e la loro confluenza in un Comune unico che avr\u00e0 il compito di garantire servizi di qualit\u00e0 a costi contenuti o addirittura con risparmio dei costi. Cos\u00ec si potr\u00e0 perpetuare il legame tra la montagna ed i suoi abitanti restituendo loro il compito di \u201cgovernare\u201d direttamente il loro territorio, se lo vorranno. Il non considerare questo e l\u2019intraprendere d\u2019impeto altre strade potr\u00e0 portare come risultato negativo l\u2019affossamento precoce dell\u2019attivit\u00e0 propedeutica alle Fusioni o la \u201cdiluizione\u201d temporale dell\u2019attivit\u00e0 in tempi talmente lunghi come i paventati 3 anni, i quali non garantiscono assolutamente di riuscire ad entrare nei cospicui benefici che la Normativa ora assicura ma che vengono riconfermati di anno in anno e quindi potrebbe anche tranquillamente subire cospicue riduzioni nel giro dei paventati 3 anni di \u201criflessione\u201d, annullando quindi gli immediati benefici economici. C\u2019\u00e8 poi da riportare il fatto inquietante quale quello di un disegno di Legge Costituzionale gi\u00e0 allo studio che prevedrebbe l\u2019obbligatoriet\u00e0 della Fusione, annullando ovviamente tutti i benefici economici collegati.<\/p>\n<p><span style=\"color: #ff0000;\"><strong>COMUNICATO DEL 06 MARZO 2016<\/strong><\/span><\/p>\n<p>Con molti Comuni Agordini \u201cin stallo\u201d per i problemi di cassa e di personale e con l\u2019Unione Montana Agordina che si va via via svuotando di professionalit\u00e0 e competenze quasi stia chiudendo (a fine 2015 ha concluso il suo rapporto di lavoro in UMA il responsabile ufficio tecnico che aveva sostituito part-time il precedente responsabile \u00a0uscito in pensione; a fine marzo ha concluso il suo contratto la segretaria-dirigente amministrativa che era in UMA da 16 anni circa; a settembre uscir\u00e0 in pensione la responsabile ragioneria) penso che la diatriba tipo quella tra opposte tifoserie pro e contro fusioni dei Comuni sia solo un mero esercizio retorico. I Comuni hanno il dovere di garantire ai propri cittadini un livello minimo dei servizi erogati dai Comuni stessi (e saranno obbligati a dimostrarlo con la riforma della Pubblica Amministrazione in itinere \u2013 c.d. Decreti Madia), ma quando o non si ha la possibilit\u00e0 di sostituire il personale in uscita per il blocco \u00a0della assunzioni o quando le spese per il funzionamento dei servizi \u201cinterni\u201d di qualche Comune sono superiori alle spese per i servizi erogati ai cittadini comprese le spese di investimento, allora qualche perplessit\u00e0 sorge anche tra i cittadini. Se i Comuni faticano sempre pi\u00f9 a tirare avanti e se l\u2019Unione Montana Agordina va via via perdendo il suo ruolo di spalla per i Comuni con l\u2019affievolirsi dei Servizi Associati, qualcuno dovrebbe iniziare anche a porsi il problema non solo dell\u2019oggi e del domani, ma anche del dopodomani e del futuro prossimo. Le periferie si salvano dando loro nel tempo un valore aggiunto rispetto ai centri maggiori e non certo urlando proclami. (A La Valle si sono salvate la scuola dell\u2019infanzia e la scuola primaria dando servizi che negli stessi periodi non c\u2019erano ad Agordo o dintorni. Prima la settimana corta, poi l\u2019istituzione della mensa con il tempo pieno e sostenendo la gestione privata della scuola dell\u2019infanzia subentrata alle Suore Giannelline cos\u00ec attirando altrettanti utenti dall\u2019esterno rispetto ai residenti). I Sindaci facciano fare un serio studio di fattibilit\u00e0 che decifri ambiti territoriali ottimali, opportunit\u00e0 e criticit\u00e0, punti di forza e punti di debolezza dell\u2019attuale sistema e delle fusioni eventualmente possibili e poi li spieghino correttamente alla popolazione e che sia il popolo sovrano a decidere (la Costituzione afferma che: \u201c la sovranit\u00e0 appartiene al popolo che la esercita nelle forme e nei limiti della Costituzione\u201d) e non le singole persone Sindaci pro tempore con le loro personali diverse opinioni sul tema. Se la popolazione dice s\u00ec ha ragione la popolazione e se la popolazione dice no ha sempre ragione la popolazione, ma correttamente informata e sentita tramite referendum. E se qualcuno vorr\u00e0 calare le fusioni dall\u2019alto gli eventuali no referendari avranno il loro peso, che sicuramente sar\u00e0 maggiore delle opinioni o convinzioni dei singoli Sindaci.<\/p>\n<p>&nbsp;<\/p>\n<p>&nbsp;<\/p>\n<p>*******<\/p>\n","protected":false},"excerpt":{"rendered":"<p>***** &nbsp; REDAZIONE Otto anni fa si parlava gi\u00e0 di fusioni tra i comuni dell&#8217;Agordino. A ricordarcelo \u00e8 Tiziano De Col, all&#8217;epoca Consigliere Comunale ed Ex Sindaco di La Valle Agordina. E lo fa inviandoci due comunicati stampa firmati proprio da De Col che parlava proprio di questa opportunit\u00e0 per i 16 comuni dell&#8217;Agordino. COMUNICATO&hellip;<\/p>\n","protected":false},"author":4,"featured_media":361196,"comment_status":"closed","ping_status":"closed","sticky":false,"template":"","format":"standard","meta":{"_monsterinsights_skip_tracking":false,"_monsterinsights_sitenote_active":false,"_monsterinsights_sitenote_note":"","_monsterinsights_sitenote_category":0,"footnotes":""},"categories":[1,51,49],"tags":[],"class_list":["post-386667","post","type-post","status-publish","format-standard","has-post-thumbnail","hentry","category-senza-categoria","category-evidenza-top","category-news-18","category-1","category-51","category-49","description-off"],"img_url":"https:\/\/www.radiopiu.net\/wordpress\/wp-content\/uploads\/2023\/11\/AGORDO-1.jpg","_links":{"self":[{"href":"https:\/\/www.radiopiu.net\/wordpress\/wp-json\/wp\/v2\/posts\/386667","targetHints":{"allow":["GET"]}}],"collection":[{"href":"https:\/\/www.radiopiu.net\/wordpress\/wp-json\/wp\/v2\/posts"}],"about":[{"href":"https:\/\/www.radiopiu.net\/wordpress\/wp-json\/wp\/v2\/types\/post"}],"author":[{"embeddable":true,"href":"https:\/\/www.radiopiu.net\/wordpress\/wp-json\/wp\/v2\/users\/4"}],"replies":[{"embeddable":true,"href":"https:\/\/www.radiopiu.net\/wordpress\/wp-json\/wp\/v2\/comments?post=386667"}],"version-history":[{"count":0,"href":"https:\/\/www.radiopiu.net\/wordpress\/wp-json\/wp\/v2\/posts\/386667\/revisions"}],"wp:featuredmedia":[{"embeddable":true,"href":"https:\/\/www.radiopiu.net\/wordpress\/wp-json\/wp\/v2\/media\/361196"}],"wp:attachment":[{"href":"https:\/\/www.radiopiu.net\/wordpress\/wp-json\/wp\/v2\/media?parent=386667"}],"wp:term":[{"taxonomy":"category","embeddable":true,"href":"https:\/\/www.radiopiu.net\/wordpress\/wp-json\/wp\/v2\/categories?post=386667"},{"taxonomy":"post_tag","embeddable":true,"href":"https:\/\/www.radiopiu.net\/wordpress\/wp-json\/wp\/v2\/tags?post=386667"}],"curies":[{"name":"wp","href":"https:\/\/api.w.org\/{rel}","templated":true}]}}