{"id":386771,"date":"2024-04-23T05:55:06","date_gmt":"2024-04-23T03:55:06","guid":{"rendered":"https:\/\/www.radiopiu.net\/wordpress\/?p=386771"},"modified":"2024-04-23T07:59:07","modified_gmt":"2024-04-23T05:59:07","slug":"giornale-radiopiu-23-aprile-2024-direttore-mirko-mezzacasada-40-anni-25-giugno-1983-25-giugno-2023","status":"publish","type":"post","link":"https:\/\/www.radiopiu.net\/wordpress\/giornale-radiopiu-23-aprile-2024-direttore-mirko-mezzacasada-40-anni-25-giugno-1983-25-giugno-2023\/","title":{"rendered":"GIORNALE RADIOPIU 23 APRILE 2024 DIRETTORE MIRKO MEZZACASA\u2026DA 40 ANNI 25 GIUGNO 1983-25 GIUGNO 2023"},"content":{"rendered":"<p>*******<\/p>\n<p>&nbsp;<\/p>\n<h3><a href=\"https:\/\/www.radiopiu.net\/wordpress\/giornale-radiopiu-24-gennaio-2021-direttore-mirko-mezzacasa\/141433770_171616291414874_2957460898102012198_n\/\" rel=\"attachment wp-att-186566\"><img loading=\"lazy\" decoding=\"async\" class=\"wp-image-186566 alignleft\" src=\"https:\/\/www.radiopiu.net\/wordpress\/wp-content\/uploads\/2021\/01\/141433770_171616291414874_2957460898102012198_n-300x300.jpg\" alt=\"\" width=\"144\" height=\"144\" srcset=\"https:\/\/www.radiopiu.net\/wordpress\/wp-content\/uploads\/2021\/01\/141433770_171616291414874_2957460898102012198_n-300x300.jpg 300w, https:\/\/www.radiopiu.net\/wordpress\/wp-content\/uploads\/2021\/01\/141433770_171616291414874_2957460898102012198_n-150x150.jpg 150w, https:\/\/www.radiopiu.net\/wordpress\/wp-content\/uploads\/2021\/01\/141433770_171616291414874_2957460898102012198_n-768x768.jpg 768w, https:\/\/www.radiopiu.net\/wordpress\/wp-content\/uploads\/2021\/01\/141433770_171616291414874_2957460898102012198_n.jpg 800w\" sizes=\"auto, (max-width: 144px) 100vw, 144px\" \/><\/a>PER<strong> RICEVERE QUESTO NOTIZIARIO DIRETTAMENTE SUL TUO CELLULARE ISCRIVITI AL CANALE TELEGRAM <\/strong><strong>\u201cRADIO PIU\u00a0 INFORMAZIONE&#8221;\u00a0<\/strong><\/h3>\n<h3>\u00a0il CANALE TELEGRAM&#8230; UNISCITI A: RADIO PIU INFORMAZIONE<\/h3>\n<p>&nbsp;<\/p>\n<p>&nbsp;<\/p>\n<p><em><a href=\"https:\/\/www.radiopiu.net\/wordpress\/giornale-radiopiu-24-gennaio-2021-direttore-mirko-mezzacasa\/79216601_126817312416448_708980208774483089_n\/\" rel=\"attachment wp-att-186567\"><img loading=\"lazy\" decoding=\"async\" class=\"size-medium wp-image-186567 alignright\" src=\"https:\/\/www.radiopiu.net\/wordpress\/wp-content\/uploads\/2021\/01\/79216601_126817312416448_708980208774483089_n-300x114.jpg\" alt=\"\" width=\"300\" height=\"114\" srcset=\"https:\/\/www.radiopiu.net\/wordpress\/wp-content\/uploads\/2021\/01\/79216601_126817312416448_708980208774483089_n-300x114.jpg 300w, https:\/\/www.radiopiu.net\/wordpress\/wp-content\/uploads\/2021\/01\/79216601_126817312416448_708980208774483089_n-768x292.jpg 768w, https:\/\/www.radiopiu.net\/wordpress\/wp-content\/uploads\/2021\/01\/79216601_126817312416448_708980208774483089_n.jpg 820w\" sizes=\"auto, (max-width: 300px) 100vw, 300px\" \/><\/a><span style=\"color: #ff0000;\">ATTENZIONE: LA NUOVA APP PER IOS-IPHONE di Nicola Vettorello <\/span><\/em><a href=\"https:\/\/apps.apple.com\/it\/app\/radio-pi%C3%B9-emittente-agordina\/id1515939845\">https:\/\/apps.apple.com\/it\/app\/radio-pi%C3%B9-emittente-agordina\/id1515939845<\/a><\/p>\n<p><em style=\"color: #ff0000;\">ATTENZIONE: LA NUOVA APP RADIO\u00a0 PER ANDROID di Nicola Vettorello<\/em><\/p>\n<p><a href=\"https:\/\/play.google.com\/store\/apps\/details?id=net.radiopiu.iniko\" target=\"_blank\" rel=\"noopener noreferrer\">https:\/\/play.google.com\/store\/apps\/details?id=net.radiopiu.iniko\u00a0\u00a0<\/a><\/p>\n<h3 class=\"kvgmc6g5 cxmmr5t8 oygrvhab hcukyx3x c1et5uql\"><\/h3>\n<div data-block=\"true\" data-editor=\"avj4u\" data-offset-key=\"d3i0j-0-0\">\n<p>&nbsp;<\/p>\n<hr \/>\n<p>&nbsp;<\/p>\n<\/div>\n<div data-block=\"true\" data-editor=\"avj4u\" data-offset-key=\"d3i0j-0-0\"><\/div>\n<p><span style=\"color: #ff0000;\"><strong>OGGI ALLA RADIO<\/strong><\/span>: <strong>ALLE 7.20<\/strong> EL BAR DEL FIOR, DETTI E TRADIZIONI DI GIULIANA DA RONCH; <strong>ALLE 8.20<\/strong> PIU&#8217; SIAMO CON MARINA DONA&#8217; <strong>ALLE 9.10\u00a0<\/strong>IL COUNTRY CON ALEX NASCIMBEN <strong>ALLE 10.10<\/strong> MUSLA, LE NOVE IN LADIN \u00a0<strong>ALLE 11<\/strong>\u00a0DANIELE RINALDI\u00a0<strong>ALLE 12\u00a0<\/strong>VA TUTTO LISCIO\u2026 CON MIRCO BENCIVENNI\u00a0<strong>12.30\u00a0<\/strong>GR PRINCIPALE<strong>\u00a013.10\u00a0<\/strong>GIESSE RISARCIMENTI BELLUNO CON LA CANOTTIERI CALCIO A 5 DI MARCO GAZ<strong>\u00a013.20<\/strong>\u00a0PRIMA-VERA HIT IL PROGRAMMA DI MARINA DONA\u2019\u00a0<strong>ALLE 15.00<\/strong> EL DARLIN\u00a0\u00a0<strong>16.00<\/strong> IL ROCK CON MARCO COSTANTINI <strong>19.00<\/strong>\u00a0LE ANTICIPAZIONI DAL TG DI ANTENNA 3 DI TIZIANA BOLOGNANI.<\/p>\n<p>&nbsp;<\/p>\n<div class=\"x11i5rnm xat24cr x1mh8g0r x1vvkbs xtlvy1s x126k92a\">\n<div dir=\"auto\">\n<hr \/>\n<p>&nbsp;<\/p>\n<p>&nbsp;<\/p>\n<div class=\"x11i5rnm xat24cr x1mh8g0r x1vvkbs xtlvy1s x126k92a\">\n<div dir=\"auto\">\n<p><strong><a class=\"dt-pswp-item\" href=\"https:\/\/www.radiopiu.net\/wordpress\/wp-content\/uploads\/2024\/02\/2d44e751-d8a8-461b-8e22-d8e4e853b032.jpg\" data-dt-img-description=\"\" data-large_image_width=\"1600\" data-large_image_height=\"1200\"><img loading=\"lazy\" decoding=\"async\" class=\"wp-image-373307 alignleft\" src=\"https:\/\/www.radiopiu.net\/wordpress\/wp-content\/uploads\/2024\/02\/2d44e751-d8a8-461b-8e22-d8e4e853b032-300x225.jpg\" alt=\"\" width=\"105\" height=\"79\" srcset=\"https:\/\/www.radiopiu.net\/wordpress\/wp-content\/uploads\/2024\/02\/2d44e751-d8a8-461b-8e22-d8e4e853b032-300x225.jpg 300w, https:\/\/www.radiopiu.net\/wordpress\/wp-content\/uploads\/2024\/02\/2d44e751-d8a8-461b-8e22-d8e4e853b032-1024x768.jpg 1024w, https:\/\/www.radiopiu.net\/wordpress\/wp-content\/uploads\/2024\/02\/2d44e751-d8a8-461b-8e22-d8e4e853b032-768x576.jpg 768w, https:\/\/www.radiopiu.net\/wordpress\/wp-content\/uploads\/2024\/02\/2d44e751-d8a8-461b-8e22-d8e4e853b032-1536x1152.jpg 1536w, https:\/\/www.radiopiu.net\/wordpress\/wp-content\/uploads\/2024\/02\/2d44e751-d8a8-461b-8e22-d8e4e853b032.jpg 1600w\" sizes=\"auto, (max-width: 105px) 100vw, 105px\" \/><\/a>EL BAL DEL FIOR, DI GIULIANA DA RONCH, 23 APRILE 2024<\/strong><\/p>\n<p>&nbsp;<\/p>\n<p>&nbsp;<\/p>\n<\/div>\n<\/div>\n<\/div>\n<div dir=\"auto\">\n<audio class=\"wp-audio-shortcode\" id=\"audio-386771-1\" preload=\"none\" style=\"width: 100%;\" controls=\"controls\"><source type=\"audio\/mpeg\" src=\"https:\/\/www.radiopiu.net\/wordpress\/wp-content\/uploads\/2024\/04\/GMA-2.m4a?_=1\" \/><a href=\"https:\/\/www.radiopiu.net\/wordpress\/wp-content\/uploads\/2024\/04\/GMA-2.m4a\">https:\/\/www.radiopiu.net\/wordpress\/wp-content\/uploads\/2024\/04\/GMA-2.m4a<\/a><\/audio>\n<p>&nbsp;<\/p>\n<p>&nbsp;<\/p>\n<hr \/>\n<\/div>\n<\/div>\n<blockquote>\n<blockquote>\n<h1><span style=\"color: #ff0000;\">\u00a0<\/span><\/h1>\n<h1><span style=\"color: #ff0000;\">I podcast informativi del mattino &#8211; audio &#8211;\u00a0\u00a0<\/span><\/h1>\n<p>&nbsp;<\/p><\/blockquote>\n<p><strong><a class=\"dt-pswp-item\" href=\"https:\/\/www.radiopiu.net\/wordpress\/wp-content\/uploads\/2023\/11\/th-10.jpg\" data-dt-img-description=\"\" data-large_image_width=\"320\" data-large_image_height=\"180\"><img loading=\"lazy\" decoding=\"async\" class=\"wp-image-362866 alignleft\" src=\"https:\/\/www.radiopiu.net\/wordpress\/wp-content\/uploads\/2023\/11\/th-10-300x169.jpg\" alt=\"\" width=\"185\" height=\"104\" srcset=\"https:\/\/www.radiopiu.net\/wordpress\/wp-content\/uploads\/2023\/11\/th-10-300x169.jpg 300w, https:\/\/www.radiopiu.net\/wordpress\/wp-content\/uploads\/2023\/11\/th-10.jpg 320w\" sizes=\"auto, (max-width: 185px) 100vw, 185px\" \/><\/a>LA RASSEGNA STAMPA NAZIONALE ALLA RADIO, OGNI GIORNO ALLE 5 E ALLE 6 DEL MATTINO <span style=\"color: #0000ff;\">viene pubblicata alle 6.00 <span style=\"color: #ff0000;\">DIRETTA RADIO\u00a0 \u00a0\u00a0<\/span><\/span><\/strong><\/p>\n<p>&nbsp;<\/p><\/blockquote>\n<p>&nbsp;<\/p>\n<h2>AUDIO dalle 6 del mattino<\/h2>\n<audio class=\"wp-audio-shortcode\" id=\"audio-386771-2\" preload=\"none\" style=\"width: 100%;\" controls=\"controls\"><source type=\"audio\/mpeg\" src=\"https:\/\/www.radiopiu.net\/wordpress\/wp-content\/uploads\/2024\/04\/GIORNALEDELLESEI-20.mp3?_=2\" \/><a href=\"https:\/\/www.radiopiu.net\/wordpress\/wp-content\/uploads\/2024\/04\/GIORNALEDELLESEI-20.mp3\">https:\/\/www.radiopiu.net\/wordpress\/wp-content\/uploads\/2024\/04\/GIORNALEDELLESEI-20.mp3<\/a><\/audio>\n<p>&nbsp;<\/p>\n<hr \/>\n<p>&nbsp;<\/p>\n<h1 style=\"text-align: center;\"><span style=\"color: #ff0000;\">I podcast informativi del mattino &#8211; audio &#8211;\u00a0<\/span><\/h1>\n<p><strong><a class=\"dt-pswp-item\" href=\"https:\/\/www.radiopiu.net\/wordpress\/wp-content\/uploads\/2023\/12\/images.png\" data-dt-img-description=\"\" data-large_image_width=\"316\" data-large_image_height=\"160\"><img loading=\"lazy\" decoding=\"async\" class=\"wp-image-367008 alignleft\" src=\"https:\/\/www.radiopiu.net\/wordpress\/wp-content\/uploads\/2023\/12\/images-300x152.png\" alt=\"\" width=\"235\" height=\"119\" srcset=\"https:\/\/www.radiopiu.net\/wordpress\/wp-content\/uploads\/2023\/12\/images-300x152.png 300w, https:\/\/www.radiopiu.net\/wordpress\/wp-content\/uploads\/2023\/12\/images.png 316w\" sizes=\"auto, (max-width: 235px) 100vw, 235px\" \/><\/a>OGNI GIORNO ALLE SETTE DEL MATTINO, LA RASSEGNA STAMPA LOCALE FLASH&#8230; PER CHI VA IN FRETTA. I TITOLI DAI GIORNALI E DAL SITO WWW.RADIOPIU.NET <span style=\"color: #0000ff;\">viene pubblicato alle 7.00<\/span> <span style=\"color: #ff0000;\">DIRETTA RADIO\u00a0<\/span><\/strong><\/p>\n<p><em><span style=\"color: #ff0000;\">per chi va in fretta&#8230; tante notizie in pochi minuti. L&#8217;informazione locale alla radio, ogni ora dalle 7 del mattino alle 19 della sera.\u00a0 \u00a0 \u00a0\u00a0<\/span><\/em><\/p>\n<p>&nbsp;<\/p>\n<p>&nbsp;<\/p>\n<h2>AUDIO dalle 7 del mattino<\/h2>\n<audio class=\"wp-audio-shortcode\" id=\"audio-386771-3\" preload=\"none\" style=\"width: 100%;\" controls=\"controls\"><source type=\"audio\/mpeg\" src=\"https:\/\/www.radiopiu.net\/wordpress\/wp-content\/uploads\/2024\/04\/GF07-18.mp3?_=3\" \/><a href=\"https:\/\/www.radiopiu.net\/wordpress\/wp-content\/uploads\/2024\/04\/GF07-18.mp3\">https:\/\/www.radiopiu.net\/wordpress\/wp-content\/uploads\/2024\/04\/GF07-18.mp3<\/a><\/audio>\n<p>&nbsp;<\/p>\n<hr \/>\n<p>&nbsp;<\/p>\n<h1><\/h1>\n<h1 style=\"text-align: center;\"><span style=\"color: #ff0000;\"><a class=\"dt-pswp-item\" href=\"https:\/\/www.radiopiu.net\/wordpress\/wp-content\/uploads\/2022\/01\/026c3f9d-dae9-4040-a3c1-a6530231bcc3.jpg\" data-dt-img-description=\"\" data-large_image_width=\"1152\" data-large_image_height=\"2048\"><img loading=\"lazy\" decoding=\"async\" class=\"wp-image-251839 alignleft\" src=\"https:\/\/www.radiopiu.net\/wordpress\/wp-content\/uploads\/2022\/01\/026c3f9d-dae9-4040-a3c1-a6530231bcc3-169x300.jpg\" alt=\"\" width=\"100\" height=\"177\" srcset=\"https:\/\/www.radiopiu.net\/wordpress\/wp-content\/uploads\/2022\/01\/026c3f9d-dae9-4040-a3c1-a6530231bcc3-169x300.jpg 169w, https:\/\/www.radiopiu.net\/wordpress\/wp-content\/uploads\/2022\/01\/026c3f9d-dae9-4040-a3c1-a6530231bcc3-576x1024.jpg 576w, https:\/\/www.radiopiu.net\/wordpress\/wp-content\/uploads\/2022\/01\/026c3f9d-dae9-4040-a3c1-a6530231bcc3-768x1365.jpg 768w, https:\/\/www.radiopiu.net\/wordpress\/wp-content\/uploads\/2022\/01\/026c3f9d-dae9-4040-a3c1-a6530231bcc3-864x1536.jpg 864w, https:\/\/www.radiopiu.net\/wordpress\/wp-content\/uploads\/2022\/01\/026c3f9d-dae9-4040-a3c1-a6530231bcc3.jpg 1152w\" sizes=\"auto, (max-width: 100px) 100vw, 100px\" \/><\/a>I podcast informativi del mattino &#8211; audio &#8211;\u00a0<\/span><\/h1>\n<blockquote><p><strong>GIORNALE RADIO NAZIONALE, EDIZIONE DELLE SETTE <span style=\"color: #0000ff;\">viene pubblicato alle 7.05 <span style=\"color: #ff0000;\">DIRETTA RADIO\u00a0<\/span><\/span><\/strong><\/p><\/blockquote>\n<p><strong>il giornale radionazionale e&#8217; in onda ogni ora, dalle sette del mattino alle venti della sera\u00a0\u00a0<\/strong><\/p>\n<p>&nbsp;<\/p>\n<p>&nbsp;<\/p>\n<h2>AUDIO dalle sette del mattino, ogni ora alla radio<\/h2>\n<audio class=\"wp-audio-shortcode\" id=\"audio-386771-4\" preload=\"none\" style=\"width: 100%;\" controls=\"controls\"><source type=\"audio\/mpeg\" src=\"https:\/\/www.radiopiu.net\/wordpress\/wp-content\/uploads\/2024\/04\/giornale07-20.mp3?_=4\" \/><a href=\"https:\/\/www.radiopiu.net\/wordpress\/wp-content\/uploads\/2024\/04\/giornale07-20.mp3\">https:\/\/www.radiopiu.net\/wordpress\/wp-content\/uploads\/2024\/04\/giornale07-20.mp3<\/a><\/audio>\n<p>&nbsp;<\/p>\n<hr \/>\n<p>&nbsp;<\/p>\n<p>&nbsp;<\/p>\n<h1><span style=\"color: #ff0000;\">I podcast informativi del mattino &#8211; video &#8211;\u00a0<\/span><\/h1>\n<h2><strong><a class=\"dt-pswp-item\" href=\"https:\/\/www.radiopiu.net\/wordpress\/wp-content\/uploads\/2023\/12\/th-10.jpg\" data-dt-img-description=\"\" data-large_image_width=\"245\" data-large_image_height=\"180\"><img loading=\"lazy\" decoding=\"async\" class=\" wp-image-367395 alignleft\" src=\"https:\/\/www.radiopiu.net\/wordpress\/wp-content\/uploads\/2023\/12\/th-10.jpg\" alt=\"\" width=\"166\" height=\"122\" \/><\/a>RASSEGNA STAMPA LOCALE, ORE OTTO 05<\/strong><\/h2>\n<h2><strong> <span style=\"color: #0000ff;\">viene\u00a0 <\/span><\/strong><strong><span style=\"color: #0000ff;\">pubblicata alle 8.05 <span style=\"color: #ff0000;\">DIRETTA RADIO\u00a0\u00a0<\/span><\/span><\/strong><\/h2>\n<p><strong>DI MIRKO MEZZACASA\u00a0 \u00a0 <\/strong><\/p>\n<p><strong>\u00a0<\/strong><\/p>\n<p>&nbsp;<\/p>\n<h2><strong>VIDEO\u00a0 \u00a0in diretta dalle 8 del mattino<\/strong><\/h2>\n<p><iframe loading=\"lazy\" title=\"DAL 1983 LA RASSEGNA STAMPA LOCALE di mirko mezzacasa. L&#039;ORIGINALE\" width=\"1200\" height=\"675\" src=\"https:\/\/www.youtube.com\/embed\/BIujd31di-k?feature=oembed\" frameborder=\"0\" allow=\"accelerometer; autoplay; clipboard-write; encrypted-media; gyroscope; picture-in-picture; web-share\" referrerpolicy=\"strict-origin-when-cross-origin\" allowfullscreen><\/iframe><\/p>\n<p>&nbsp;<\/p>\n<hr \/>\n<p>&nbsp;<\/p>\n<p><strong class=\"photoswipe-wrapper\"><a class=\"dt-pswp-item pspw-wrap-ready\" href=\"https:\/\/www.radiopiu.net\/wordpress\/wp-content\/uploads\/2024\/01\/Senza-nome-34.png\" data-dt-img-description=\"\" data-large_image_width=\"239\" data-large_image_height=\"153\"><img loading=\"lazy\" decoding=\"async\" class=\"wp-image-369478 alignleft\" src=\"https:\/\/www.radiopiu.net\/wordpress\/wp-content\/uploads\/2024\/01\/Senza-nome-34.png\" alt=\"\" width=\"128\" height=\"82\" \/><\/a><\/strong><\/p>\n<p><strong>dal TG BELLUNESE di\u00a0 ANTENNA 3 ogni sera alle 19.30 sul canale 10 del digitale terrestre e alle 19 le anticipazioni alla radio.\u00a0\u00a0<\/strong><\/p>\n<p>&nbsp;<\/p>\n<p>&nbsp;<\/p>\n<p>&nbsp;<\/p>\n<hr \/>\n<p>&nbsp;<\/p>\n<blockquote>\n<h3>MUORE IMPROVVISAMENTE FRANZ DELLAGO<\/h3>\n<\/blockquote>\n<p><strong><a class=\"dt-pswp-item\" href=\"https:\/\/www.radiopiu.net\/wordpress\/wp-content\/uploads\/2024\/04\/SCR-20240423-frbz.png\" data-dt-img-description=\"\" data-large_image_width=\"554\" data-large_image_height=\"358\"><img loading=\"lazy\" decoding=\"async\" class=\" wp-image-386971 alignleft\" src=\"https:\/\/www.radiopiu.net\/wordpress\/wp-content\/uploads\/2024\/04\/SCR-20240423-frbz-300x194.png\" alt=\"\" width=\"147\" height=\"95\" srcset=\"https:\/\/www.radiopiu.net\/wordpress\/wp-content\/uploads\/2024\/04\/SCR-20240423-frbz-300x194.png 300w, https:\/\/www.radiopiu.net\/wordpress\/wp-content\/uploads\/2024\/04\/SCR-20240423-frbz.png 554w\" sizes=\"auto, (max-width: 147px) 100vw, 147px\" \/><\/a>CORTINA<\/strong> Francesco Franz Dallago, 82 anni, celebre guida alpina e autore di libri di montagna, \u00e8 stato trovato morto lungo la strada tra Ronco e Cadelverzo, con segni di un probabile malore cardiaco. L&#8217;ambulanza di Cortina, allertata dal 118, ha tentato invano di rianimarlo. La sua scomparsa ha colpito profondamente la comunit\u00e0 montana di Cortina. Dallago era noto per le sue imprese alpinistiche con gli Scoiattoli di Cortina, partecipando a diverse spedizioni internazionali negli anni &#8217;70 e &#8217;80. Anche la sua passione per la scrittura ha contribuito a diffondere la cultura montana, con guide e libri sulle Dolomiti e altri luoghi di interesse alpino.<\/p>\n<p>&nbsp;<\/p>\n<p>&nbsp;<\/p>\n<hr \/>\n<p>&nbsp;<\/p>\n<blockquote>\n<h3>OPERAZIONE DEI CARABINIERI CONTRO I REATI PREDATORI, FERMATI NEL WEEKEND GLI AUTORI DI 12 FURTI<\/h3>\n<\/blockquote>\n<p><strong><a class=\"dt-pswp-item\" href=\"https:\/\/www.radiopiu.net\/wordpress\/wp-content\/uploads\/2024\/04\/108e4001-f88d-439f-9c36-abf589b85d57.jpg\" data-dt-img-description=\"\" data-large_image_width=\"1328\" data-large_image_height=\"747\"><img loading=\"lazy\" decoding=\"async\" class=\" wp-image-386926 alignleft\" src=\"https:\/\/www.radiopiu.net\/wordpress\/wp-content\/uploads\/2024\/04\/108e4001-f88d-439f-9c36-abf589b85d57-300x169.jpg\" alt=\"\" width=\"186\" height=\"105\" srcset=\"https:\/\/www.radiopiu.net\/wordpress\/wp-content\/uploads\/2024\/04\/108e4001-f88d-439f-9c36-abf589b85d57-300x169.jpg 300w, https:\/\/www.radiopiu.net\/wordpress\/wp-content\/uploads\/2024\/04\/108e4001-f88d-439f-9c36-abf589b85d57-1024x576.jpg 1024w, https:\/\/www.radiopiu.net\/wordpress\/wp-content\/uploads\/2024\/04\/108e4001-f88d-439f-9c36-abf589b85d57-768x432.jpg 768w, https:\/\/www.radiopiu.net\/wordpress\/wp-content\/uploads\/2024\/04\/108e4001-f88d-439f-9c36-abf589b85d57.jpg 1328w\" sizes=\"auto, (max-width: 186px) 100vw, 186px\" \/><\/a>CORTINA<\/strong> I Carabinieri della Stazione di Cortina d\u2019Ampezzo hanno notato un aumento dei furti presso l\u2019ecocentro della citt\u00e0, con un focus insolito su componenti tecnologiche destinate allo smaltimento. I responsabili del sito hanno segnalato la mancanza di oggetti durante i controlli, innescando un&#8217;indagine. Durante un servizio di osservazione notturno, i Carabinieri hanno sorpreso due individui nascosti nelle siepi mentre tentavano di asportare ulteriori componenti informatiche. Dopo l&#8217;identificazione, i due sono stati condotti in caserma e la refurtiva \u00e8 stata restituita alla societ\u00e0 di smaltimento. Gli autori, stranieri, affascinati dal valore delle componenti sul mercato secondario, sono accusati di furto aggravato e la loro posizione \u00e8 stata passata all&#8217;Autorit\u00e0 Giudiziaria. Questo intervento dimostra l&#8217;impegno dei Carabinieri nella prevenzione e repressione dei reati sul territorio.<\/p>\n<p>&nbsp;<\/p>\n<p>&nbsp;<\/p>\n<hr \/>\n<p>&nbsp;<\/p>\n<blockquote>\n<h3>CONTROLLI STRAORDINARI DEI CARABINIERI. NEL MIRINO SICUREZZA ALLA GUIDA E SICUREZZA URBANA<\/h3>\n<\/blockquote>\n<p><strong><a class=\"dt-pswp-item\" href=\"https:\/\/www.radiopiu.net\/wordpress\/wp-content\/uploads\/2023\/02\/controlli-dei-Carabinieri-a-Belluno_27.02.2023-scaled.jpg\" data-dt-img-description=\"\" data-large_image_width=\"2560\" data-large_image_height=\"1707\"><img loading=\"lazy\" decoding=\"async\" class=\" wp-image-324137 alignleft\" src=\"https:\/\/www.radiopiu.net\/wordpress\/wp-content\/uploads\/2023\/02\/controlli-dei-Carabinieri-a-Belluno_27.02.2023-300x200.jpg\" alt=\"\" width=\"195\" height=\"130\" srcset=\"https:\/\/www.radiopiu.net\/wordpress\/wp-content\/uploads\/2023\/02\/controlli-dei-Carabinieri-a-Belluno_27.02.2023-300x200.jpg 300w, https:\/\/www.radiopiu.net\/wordpress\/wp-content\/uploads\/2023\/02\/controlli-dei-Carabinieri-a-Belluno_27.02.2023-1024x683.jpg 1024w, https:\/\/www.radiopiu.net\/wordpress\/wp-content\/uploads\/2023\/02\/controlli-dei-Carabinieri-a-Belluno_27.02.2023-768x512.jpg 768w, https:\/\/www.radiopiu.net\/wordpress\/wp-content\/uploads\/2023\/02\/controlli-dei-Carabinieri-a-Belluno_27.02.2023-1536x1024.jpg 1536w, https:\/\/www.radiopiu.net\/wordpress\/wp-content\/uploads\/2023\/02\/controlli-dei-Carabinieri-a-Belluno_27.02.2023-2048x1365.jpg 2048w\" sizes=\"auto, (max-width: 195px) 100vw, 195px\" \/><\/a>BELLUNO\u00a0<\/strong>Nel recente fine settimana, la Compagnia Carabinieri di Belluno ha condotto un&#8217;operazione straordinaria di controllo del territorio nella citt\u00e0 e nelle zone limitrofe, coinvolgendo oltre 12 pattuglie delle Stazioni Carabinieri dall\u2019Agordino all\u2019Alpago e del Nucleo Radiomobile di Belluno. I controlli hanno interessato le principali strade e aree remote, oltre a numerosi esercizi pubblici, per garantire la sicurezza. Sono state controllate pi\u00f9 di 260 persone, oltre 120 veicoli e 20 locali pubblici, con test sull&#8217;alcol che hanno dato esito negativo. Durante i controlli, \u00e8 stato sanzionato un giovane neopatentato per la guida di un SUV troppo potente. In un supermercato, una donna \u00e8 stata derubata, ma i responsabili sono stati prontamente individuati e deferiti all&#8217;Autorit\u00e0 Giudiziaria. Altri due giovani sono stati scoperti in un bar nonostante un DASPO urbano, rischiando denuncia e sanzioni penali. L&#8217;operazione dimostra l&#8217;importanza del controllo e della prevenzione per garantire la sicurezza dei cittadini.<\/p>\n<p>&nbsp;<\/p>\n<p>&nbsp;<\/p>\n<hr \/>\n<p>&nbsp;<\/p>\n<blockquote>\n<h3>DOPO 13 ANNI ANCHE IL COMUNE DI AGORDO APPROVA IL PAT<\/h3>\n<\/blockquote>\n<p><strong><a class=\"dt-pswp-item\" href=\"https:\/\/www.radiopiu.net\/wordpress\/wp-content\/uploads\/2020\/07\/a6f2e1ab-3eee-4bd8-94c2-1e61077f1e91.jpg\" data-dt-img-description=\"\" data-large_image_width=\"960\" data-large_image_height=\"720\"><img loading=\"lazy\" decoding=\"async\" class=\" wp-image-151435 alignleft\" src=\"https:\/\/www.radiopiu.net\/wordpress\/wp-content\/uploads\/2020\/07\/a6f2e1ab-3eee-4bd8-94c2-1e61077f1e91-300x225.jpg\" alt=\"\" width=\"167\" height=\"125\" srcset=\"https:\/\/www.radiopiu.net\/wordpress\/wp-content\/uploads\/2020\/07\/a6f2e1ab-3eee-4bd8-94c2-1e61077f1e91-300x225.jpg 300w, https:\/\/www.radiopiu.net\/wordpress\/wp-content\/uploads\/2020\/07\/a6f2e1ab-3eee-4bd8-94c2-1e61077f1e91-768x576.jpg 768w, https:\/\/www.radiopiu.net\/wordpress\/wp-content\/uploads\/2020\/07\/a6f2e1ab-3eee-4bd8-94c2-1e61077f1e91.jpg 960w\" sizes=\"auto, (max-width: 167px) 100vw, 167px\" \/><\/a>AGORDO<\/strong><\/p>\n<p>DI GIANNI SANTOMASO<\/p>\n<audio class=\"wp-audio-shortcode\" id=\"audio-386771-5\" preload=\"none\" style=\"width: 100%;\" controls=\"controls\"><source type=\"audio\/mpeg\" src=\"https:\/\/www.radiopiu.net\/wordpress\/wp-content\/uploads\/2024\/04\/GIANNI-DOPO-13-ANNI-ANCHE-IL-COMUNE-DI-AGORDO-APPROVA-IL-PAT.mp3?_=5\" \/><a href=\"https:\/\/www.radiopiu.net\/wordpress\/wp-content\/uploads\/2024\/04\/GIANNI-DOPO-13-ANNI-ANCHE-IL-COMUNE-DI-AGORDO-APPROVA-IL-PAT.mp3\">https:\/\/www.radiopiu.net\/wordpress\/wp-content\/uploads\/2024\/04\/GIANNI-DOPO-13-ANNI-ANCHE-IL-COMUNE-DI-AGORDO-APPROVA-IL-PAT.mp3<\/a><\/audio>\n<p>&nbsp;<\/p>\n<p><strong>LA DIRETTA RADIO PIU&#8217;<\/strong><\/p>\n<p><iframe loading=\"lazy\" title=\"Diretta Esterna Radio Pi\u00f9\" width=\"1200\" height=\"900\" src=\"https:\/\/www.youtube.com\/embed\/R6MI2b-ZirM?start=3677&#038;feature=oembed\" frameborder=\"0\" allow=\"accelerometer; autoplay; clipboard-write; encrypted-media; gyroscope; picture-in-picture; web-share\" referrerpolicy=\"strict-origin-when-cross-origin\" allowfullscreen><\/iframe><\/p>\n<p>&nbsp;<\/p>\n<hr \/>\n<p>&nbsp;<\/p>\n<blockquote>\n<h3>CHIESTO UN ANNO DI RECLUSIONE PER SPACCIO DI STUPEFACIENTI<\/h3>\n<\/blockquote>\n<p><strong>AGORDINO<\/strong> L&#8217;agordino L.S. rischia una condanna a un anno di reclusione per presunto spaccio di eroina. Amici che l&#8217;hanno denunciato dopo la morte di uno di loro lo hanno portato in tribunale, dichiarando di aver acquistato la droga da lui. L&#8217;imputato nega il coinvolgimento, sottolineando la mancanza di prove fisiche come perquisizioni o sequestri. Il pubblico ministero Maria Luisa Pesco chiede la condanna, mentre il difensore Federico Garlet invoca l&#8217;assoluzione, citando precedenti giurisprudenziali. Il giudice Paolo Velo ha rinviato per eventuali repliche e sentenza.<\/p>\n<p>&nbsp;<\/p>\n<p>&nbsp;<\/p>\n<hr \/>\n<p>&nbsp;<\/p>\n<blockquote>\n<h3>RIAPERTO IL PONTE DELLA VENEGGIA A BELLUNO<\/h3>\n<\/blockquote>\n<p><strong>BELLUNO<\/strong> Riaperto al traffico il ponte della Venegia a Belluno sulla strada che porta a Ponte Nelle Alpi. Con anticipo rispetto alle tempistiche la viabilit\u00e0 \u00e8 stata ripristinata sull&#8217;arteria principale.<\/p>\n\n\t\t\t<style type='text\/css'>\n\t\t\t\t#gallery-1 {\n\t\t\t\t\tmargin: auto;\n\t\t\t\t}\n\t\t\t\t#gallery-1 .gallery-item {\n\t\t\t\t\tfloat: left;\n\t\t\t\t\tmargin-top: 10px;\n\t\t\t\t\ttext-align: center;\n\t\t\t\t\twidth: 25%;\n\t\t\t\t}\n\t\t\t\t#gallery-1 img {\n\t\t\t\t\tborder: 2px solid #cfcfcf;\n\t\t\t\t}\n\t\t\t\t#gallery-1 .gallery-caption {\n\t\t\t\t\tmargin-left: 0;\n\t\t\t\t}\n\t\t\t\t\/* see gallery_shortcode() in wp-includes\/media.php *\/\n\t\t\t<\/style>\n\t\t<div id='gallery-1' class='dt-gallery-container gallery galleryid-386771 gallery-columns-4 gallery-size-thumbnail'><dl class='gallery-item'>\n\t\t\t\t<dt class='gallery-icon landscape'>\n\t\t\t\t\t<a class=\"rollover\" href='https:\/\/www.radiopiu.net\/wordpress\/riaperto-il-ponte-della-veneggia-a-belluno\/535ccc4d-ba94-430f-9913-747229711554\/'><img loading=\"lazy\" decoding=\"async\" width=\"150\" height=\"150\" src=\"https:\/\/www.radiopiu.net\/wordpress\/wp-content\/uploads\/2024\/04\/535ccc4d-ba94-430f-9913-747229711554-150x150.jpg\" class=\"attachment-thumbnail size-thumbnail\" alt=\"\" \/><\/a>\n\t\t\t\t<\/dt><\/dl><dl class='gallery-item'>\n\t\t\t\t<dt class='gallery-icon landscape'>\n\t\t\t\t\t<a class=\"rollover\" href='https:\/\/www.radiopiu.net\/wordpress\/riaperto-il-ponte-della-veneggia-a-belluno\/inkedf710b3a5-308f-43f0-b0b2-3d53badc6243\/'><img loading=\"lazy\" decoding=\"async\" width=\"150\" height=\"150\" src=\"https:\/\/www.radiopiu.net\/wordpress\/wp-content\/uploads\/2024\/04\/Inkedf710b3a5-308f-43f0-b0b2-3d53badc6243-150x150.jpg\" class=\"attachment-thumbnail size-thumbnail\" alt=\"\" \/><\/a>\n\t\t\t\t<\/dt><\/dl><dl class='gallery-item'>\n\t\t\t\t<dt class='gallery-icon landscape'>\n\t\t\t\t\t<a class=\"rollover\" href='https:\/\/www.radiopiu.net\/wordpress\/riaperto-il-ponte-della-veneggia-a-belluno\/inkedc33b2eab-7d61-46a8-b2d0-db93246d4b41\/'><img loading=\"lazy\" decoding=\"async\" width=\"150\" height=\"150\" src=\"https:\/\/www.radiopiu.net\/wordpress\/wp-content\/uploads\/2024\/04\/Inkedc33b2eab-7d61-46a8-b2d0-db93246d4b41-150x150.jpg\" class=\"attachment-thumbnail size-thumbnail\" alt=\"\" \/><\/a>\n\t\t\t\t<\/dt><\/dl><dl class='gallery-item'>\n\t\t\t\t<dt class='gallery-icon landscape'>\n\t\t\t\t\t<a class=\"rollover\" href='https:\/\/www.radiopiu.net\/wordpress\/riaperto-il-ponte-della-veneggia-a-belluno\/inked930a5aed-5840-4530-a055-ea5834f5cc33\/'><img loading=\"lazy\" decoding=\"async\" width=\"150\" height=\"150\" src=\"https:\/\/www.radiopiu.net\/wordpress\/wp-content\/uploads\/2024\/04\/Inked930a5aed-5840-4530-a055-ea5834f5cc33-150x150.jpg\" class=\"attachment-thumbnail size-thumbnail\" alt=\"\" \/><\/a>\n\t\t\t\t<\/dt><\/dl><br style=\"clear: both\" \/>\n\t\t\t<\/div>\n\n<p>&nbsp;<\/p>\n<div style=\"width: 848px;\" class=\"wp-video\"><video class=\"wp-video-shortcode\" id=\"video-386771-1\" width=\"848\" height=\"480\" preload=\"metadata\" controls=\"controls\"><source type=\"video\/mp4\" src=\"https:\/\/www.radiopiu.net\/wordpress\/wp-content\/uploads\/2024\/04\/WhatsApp-Video-2024-04-22-at-15.57.47.mp4?_=1\" \/><a href=\"https:\/\/www.radiopiu.net\/wordpress\/wp-content\/uploads\/2024\/04\/WhatsApp-Video-2024-04-22-at-15.57.47.mp4\">https:\/\/www.radiopiu.net\/wordpress\/wp-content\/uploads\/2024\/04\/WhatsApp-Video-2024-04-22-at-15.57.47.mp4<\/a><\/video><\/div>\n<p>&nbsp;<\/p>\n<p>&nbsp;<\/p>\n<hr \/>\n<p>&nbsp;<\/p>\n<blockquote>\n<h3>30 MILIONI DI EURO PER LA VALORIZZAZIONE DEL COMELICO<\/h3>\n<\/blockquote>\n<p><strong><a class=\"dt-pswp-item\" href=\"https:\/\/www.radiopiu.net\/wordpress\/wp-content\/uploads\/2024\/04\/8aa86966-dbe2-4561-891a-3d7309f7b730.jpg\" data-dt-img-description=\"\" data-large_image_width=\"2048\" data-large_image_height=\"1536\"><img loading=\"lazy\" decoding=\"async\" class=\" wp-image-386945 alignleft\" src=\"https:\/\/www.radiopiu.net\/wordpress\/wp-content\/uploads\/2024\/04\/8aa86966-dbe2-4561-891a-3d7309f7b730-300x225.jpg\" alt=\"\" width=\"159\" height=\"119\" srcset=\"https:\/\/www.radiopiu.net\/wordpress\/wp-content\/uploads\/2024\/04\/8aa86966-dbe2-4561-891a-3d7309f7b730-300x225.jpg 300w, https:\/\/www.radiopiu.net\/wordpress\/wp-content\/uploads\/2024\/04\/8aa86966-dbe2-4561-891a-3d7309f7b730-1024x768.jpg 1024w, https:\/\/www.radiopiu.net\/wordpress\/wp-content\/uploads\/2024\/04\/8aa86966-dbe2-4561-891a-3d7309f7b730-768x576.jpg 768w, https:\/\/www.radiopiu.net\/wordpress\/wp-content\/uploads\/2024\/04\/8aa86966-dbe2-4561-891a-3d7309f7b730-1536x1152.jpg 1536w, https:\/\/www.radiopiu.net\/wordpress\/wp-content\/uploads\/2024\/04\/8aa86966-dbe2-4561-891a-3d7309f7b730.jpg 2048w\" sizes=\"auto, (max-width: 159px) 100vw, 159px\" \/><\/a>BELLUNO<\/strong> Un \u201cassegno\u201d da 30 milioni di euro per la valorizzazione dell&#8217;intero Comelico: siglata la convenzione tra il Fondo dei Comuni Confinanti e il comune di Comelico Superiore per la realizzazione di un progetto che ora va oltre il semplice collegamento sciistico.<\/p>\n<p><strong>DI DANIELE DALVIT<\/strong><\/p>\n<audio class=\"wp-audio-shortcode\" id=\"audio-386771-6\" preload=\"none\" style=\"width: 100%;\" controls=\"controls\"><source type=\"audio\/mpeg\" src=\"https:\/\/www.radiopiu.net\/wordpress\/wp-content\/uploads\/2024\/04\/Radio-Piu-Servizio-Firma-Convenzione-FCC-Comelico-Superiore.mp3?_=6\" \/><a href=\"https:\/\/www.radiopiu.net\/wordpress\/wp-content\/uploads\/2024\/04\/Radio-Piu-Servizio-Firma-Convenzione-FCC-Comelico-Superiore.mp3\">https:\/\/www.radiopiu.net\/wordpress\/wp-content\/uploads\/2024\/04\/Radio-Piu-Servizio-Firma-Convenzione-FCC-Comelico-Superiore.mp3<\/a><\/audio>\n<p>&nbsp;<\/p>\n<hr \/>\n<p>&nbsp;<\/p>\n<blockquote>\n<h3>INIZIATI I LAVORI DI SISTEMAZIONE IDRAULICA SUL LIVINAL-CALLEDA<\/h3>\n<\/blockquote>\n<p><strong>DI TIZIANO DE COL<\/strong><\/p>\n<p><strong>LA VALLE AGORDINA<\/strong> Nei giorni scorsi \u00e8 stato allestito il cantiere di Veneto Agricoltura &#8211; Servizi Forestali Regionali sull&#8217; Acqua del Livinal che scende dal San Sebastiano a fianco della Torre Calleda in corrispondenza circa della chilometrica 46 + 200 della SP 347 del Passo Dur\u00e0n. Gli eventi meteo degli scorsi anni hanno provocato la caduta di piante in alveo e quindi la necessit\u00e0 di liberarlo e risagomarlo ed inoltre le strutture di protezione idrogeologica esistenti (briglie) hanno sub\u00ecto un forte impatto (visibile anche in foto) e si rende necessaria una manutenzione straordinaria delle stesse. Il tutto per evitare che i dissesto indotto dagli eventi meteo possa degenerare e portare occlusione del ponte sulla SP 347 del Duran con conseguente interruzione della viabilit\u00e0 sulla stessa.<\/p>\n\n\t\t\t<style type='text\/css'>\n\t\t\t\t#gallery-2 {\n\t\t\t\t\tmargin: auto;\n\t\t\t\t}\n\t\t\t\t#gallery-2 .gallery-item {\n\t\t\t\t\tfloat: left;\n\t\t\t\t\tmargin-top: 10px;\n\t\t\t\t\ttext-align: center;\n\t\t\t\t\twidth: 20%;\n\t\t\t\t}\n\t\t\t\t#gallery-2 img {\n\t\t\t\t\tborder: 2px solid #cfcfcf;\n\t\t\t\t}\n\t\t\t\t#gallery-2 .gallery-caption {\n\t\t\t\t\tmargin-left: 0;\n\t\t\t\t}\n\t\t\t\t\/* see gallery_shortcode() in wp-includes\/media.php *\/\n\t\t\t<\/style>\n\t\t<div id='gallery-2' class='dt-gallery-container gallery galleryid-386771 gallery-columns-5 gallery-size-thumbnail'><dl class='gallery-item'>\n\t\t\t\t<dt class='gallery-icon landscape'>\n\t\t\t\t\t<a class=\"rollover rollover-zoom dt-pswp-item\" title=\"b803ad02-9aa3-44b7-9980-92c4901317a6\" data-dt-img-description=\"\" data-large_image_width=\"2048\" data-large_image_height=\"1536\"href='https:\/\/www.radiopiu.net\/wordpress\/wp-content\/uploads\/2024\/04\/b803ad02-9aa3-44b7-9980-92c4901317a6.jpg'><img loading=\"lazy\" decoding=\"async\" width=\"150\" height=\"150\" src=\"https:\/\/www.radiopiu.net\/wordpress\/wp-content\/uploads\/2024\/04\/b803ad02-9aa3-44b7-9980-92c4901317a6-150x150.jpg\" class=\"attachment-thumbnail size-thumbnail\" alt=\"\" \/><\/a>\n\t\t\t\t<\/dt><\/dl><dl class='gallery-item'>\n\t\t\t\t<dt class='gallery-icon landscape'>\n\t\t\t\t\t<a class=\"rollover rollover-zoom dt-pswp-item\" title=\"04e94c55-b7d0-40b5-86d3-0550e1866bb2\" data-dt-img-description=\"\" data-large_image_width=\"2048\" data-large_image_height=\"1536\"href='https:\/\/www.radiopiu.net\/wordpress\/wp-content\/uploads\/2024\/04\/04e94c55-b7d0-40b5-86d3-0550e1866bb2.jpg'><img loading=\"lazy\" decoding=\"async\" width=\"150\" height=\"150\" src=\"https:\/\/www.radiopiu.net\/wordpress\/wp-content\/uploads\/2024\/04\/04e94c55-b7d0-40b5-86d3-0550e1866bb2-150x150.jpg\" class=\"attachment-thumbnail size-thumbnail\" alt=\"\" \/><\/a>\n\t\t\t\t<\/dt><\/dl><dl class='gallery-item'>\n\t\t\t\t<dt class='gallery-icon landscape'>\n\t\t\t\t\t<a class=\"rollover rollover-zoom dt-pswp-item\" title=\"e3732df2-a512-49d3-9c49-28feeb9c9e3f\" data-dt-img-description=\"\" data-large_image_width=\"2048\" data-large_image_height=\"1536\"href='https:\/\/www.radiopiu.net\/wordpress\/wp-content\/uploads\/2024\/04\/e3732df2-a512-49d3-9c49-28feeb9c9e3f.jpg'><img loading=\"lazy\" decoding=\"async\" width=\"150\" height=\"150\" src=\"https:\/\/www.radiopiu.net\/wordpress\/wp-content\/uploads\/2024\/04\/e3732df2-a512-49d3-9c49-28feeb9c9e3f-150x150.jpg\" class=\"attachment-thumbnail size-thumbnail\" alt=\"\" \/><\/a>\n\t\t\t\t<\/dt><\/dl><dl class='gallery-item'>\n\t\t\t\t<dt class='gallery-icon landscape'>\n\t\t\t\t\t<a class=\"rollover rollover-zoom dt-pswp-item\" title=\"93443be1-86b7-4d87-8253-20dbb60174d9\" data-dt-img-description=\"\" data-large_image_width=\"2048\" data-large_image_height=\"1536\"href='https:\/\/www.radiopiu.net\/wordpress\/wp-content\/uploads\/2024\/04\/93443be1-86b7-4d87-8253-20dbb60174d9.jpg'><img loading=\"lazy\" decoding=\"async\" width=\"150\" height=\"150\" src=\"https:\/\/www.radiopiu.net\/wordpress\/wp-content\/uploads\/2024\/04\/93443be1-86b7-4d87-8253-20dbb60174d9-150x150.jpg\" class=\"attachment-thumbnail size-thumbnail\" alt=\"\" \/><\/a>\n\t\t\t\t<\/dt><\/dl><dl class='gallery-item'>\n\t\t\t\t<dt class='gallery-icon landscape'>\n\t\t\t\t\t<a class=\"rollover rollover-zoom dt-pswp-item\" title=\"0b6013b4-f1e4-4bf9-a2ef-16fe9ed1de67\" data-dt-img-description=\"\" data-large_image_width=\"2048\" data-large_image_height=\"1536\"href='https:\/\/www.radiopiu.net\/wordpress\/wp-content\/uploads\/2024\/04\/0b6013b4-f1e4-4bf9-a2ef-16fe9ed1de67.jpg'><img loading=\"lazy\" decoding=\"async\" width=\"150\" height=\"150\" src=\"https:\/\/www.radiopiu.net\/wordpress\/wp-content\/uploads\/2024\/04\/0b6013b4-f1e4-4bf9-a2ef-16fe9ed1de67-150x150.jpg\" class=\"attachment-thumbnail size-thumbnail\" alt=\"\" \/><\/a>\n\t\t\t\t<\/dt><\/dl><br style=\"clear: both\" \/>\n\t\t\t<\/div>\n\n<p>&nbsp;<\/p>\n<hr \/>\n<p>&nbsp;<\/p>\n<blockquote>\n<h3>AL DOTTOR ERNESTO RIVA IL PREMIO \u201cSAN VITTORE\u201d 2024 DI FAMIGLIA FELTRINA<\/h3>\n<\/blockquote>\n<p><strong><a class=\"dt-pswp-item\" href=\"https:\/\/www.radiopiu.net\/wordpress\/wp-content\/uploads\/2024\/04\/ernesto-riva-.jpg\" data-dt-img-description=\"\" data-large_image_width=\"303\" data-large_image_height=\"388\"><img loading=\"lazy\" decoding=\"async\" class=\" wp-image-386911 alignleft\" src=\"https:\/\/www.radiopiu.net\/wordpress\/wp-content\/uploads\/2024\/04\/ernesto-riva--234x300.jpg\" alt=\"\" width=\"90\" height=\"115\" srcset=\"https:\/\/www.radiopiu.net\/wordpress\/wp-content\/uploads\/2024\/04\/ernesto-riva--234x300.jpg 234w, https:\/\/www.radiopiu.net\/wordpress\/wp-content\/uploads\/2024\/04\/ernesto-riva-.jpg 303w\" sizes=\"auto, (max-width: 90px) 100vw, 90px\" \/><\/a>FELTRE <\/strong>Il premio \u201cSanti Martiri Vittore e Corona\u201d di Famiglia Feltrina va, per l&#8217;edizione 2024, al dottor Ernesto Riva. Questa la decisione presa nel corso dell&#8217;ultima riunione dal consiglio direttivo dell&#8217;associazione, che ha individuato nella figura del dottor Riva un compendio delle qualit\u00e0 umane, personali e professionali che il riconoscimento intende portare all&#8217;attenzione della comunit\u00e0 locale e non solo. La cerimonia di consegna del premio \u201cSan Vittore 2024\u201d avr\u00e0 luogo domenica 19 maggio alle 10.30 presso la Sala degli Stemmi del Municipio di Feltre e, come di consueto, sar\u00e0 preceduta dall\u2019Assemblea annuale di Famiglia Feltrina.<\/p>\n<p>&nbsp;<\/p>\n<p>&nbsp;<\/p>\n<hr \/>\n<p>&nbsp;<\/p>\n<blockquote>\n<h3>VERSO L&#8217;ARGENTO CON L&#8217;ULSS 1 DOLOMITI<\/h3>\n<\/blockquote>\n<p><strong><a class=\"dt-pswp-item\" href=\"https:\/\/www.radiopiu.net\/wordpress\/wp-content\/uploads\/2021\/03\/ULSS-1.jpg\" data-dt-img-description=\"\" data-large_image_width=\"776\" data-large_image_height=\"408\"><img loading=\"lazy\" decoding=\"async\" class=\" wp-image-198838 alignleft\" src=\"https:\/\/www.radiopiu.net\/wordpress\/wp-content\/uploads\/2021\/03\/ULSS-1-300x158.jpg\" alt=\"\" width=\"163\" height=\"86\" srcset=\"https:\/\/www.radiopiu.net\/wordpress\/wp-content\/uploads\/2021\/03\/ULSS-1-300x158.jpg 300w, https:\/\/www.radiopiu.net\/wordpress\/wp-content\/uploads\/2021\/03\/ULSS-1-768x404.jpg 768w, https:\/\/www.radiopiu.net\/wordpress\/wp-content\/uploads\/2021\/03\/ULSS-1.jpg 776w\" sizes=\"auto, (max-width: 163px) 100vw, 163px\" \/><\/a>BELLUNO\u00a0<\/strong>Il Dipartimento di Prevenzione dell\u2019Ulss Dolomiti, con il supporto del Comitato d&#8217;Intesa e Antenna Anziani, promuove un percorso di educazione alla salute per favorire un invecchiamento attivo. Il progetto mira a fornire gli strumenti per un invecchiamento consapevole e sano, incentivando l&#8217;attivit\u00e0 e lo scambio tra generazioni. Quest&#8217;anno sono previsti 6 incontri informativi da aprile a novembre 2024, con specialisti che affronteranno tematiche specifiche. Gli incontri si terranno fisicamente presso gli Ospedali di Feltre e Belluno, nonch\u00e9 in altre sedi come Agordo e Pieve di Cadore, ma saranno anche disponibili online tramite YouTube. Il primo incontro, il 24 aprile 2024, verter\u00e0 sulla prevenzione e gli screening, con interventi del Dr. Jacopo Fagherazzi e del Dr. Nahuel Fiorito presso la Sala Convegni dell\u2019Ospedale S. Maria del Prato di Feltre.<\/p>\n<p>&nbsp;<\/p>\n<p>&nbsp;<\/p>\n<hr \/>\n<p>&nbsp;<\/p>\n<blockquote>\n<h3>UNA BORSA DI STUDIO IN MEMORIA DI MARIA GRAZIA CARRARO<\/h3>\n<\/blockquote>\n<p><strong><a class=\"dt-pswp-item\" href=\"https:\/\/www.radiopiu.net\/wordpress\/wp-content\/uploads\/2023\/04\/maria_grazia_carraro.jpg\" data-dt-img-description=\"\" data-large_image_width=\"1920\" data-large_image_height=\"1080\"><img loading=\"lazy\" decoding=\"async\" class=\" wp-image-332177 alignleft\" src=\"https:\/\/www.radiopiu.net\/wordpress\/wp-content\/uploads\/2023\/04\/maria_grazia_carraro-300x169.jpg\" alt=\"\" width=\"165\" height=\"93\" srcset=\"https:\/\/www.radiopiu.net\/wordpress\/wp-content\/uploads\/2023\/04\/maria_grazia_carraro-300x169.jpg 300w, https:\/\/www.radiopiu.net\/wordpress\/wp-content\/uploads\/2023\/04\/maria_grazia_carraro-1024x576.jpg 1024w, https:\/\/www.radiopiu.net\/wordpress\/wp-content\/uploads\/2023\/04\/maria_grazia_carraro-768x432.jpg 768w, https:\/\/www.radiopiu.net\/wordpress\/wp-content\/uploads\/2023\/04\/maria_grazia_carraro-1536x864.jpg 1536w, https:\/\/www.radiopiu.net\/wordpress\/wp-content\/uploads\/2023\/04\/maria_grazia_carraro.jpg 1920w\" sizes=\"auto, (max-width: 165px) 100vw, 165px\" \/><\/a>BELLUNO<\/strong> Oggi alle 17 la sala riunioni dell&#8217;ospedale San Martino di Belluno ospita la cerimonia di conferimento della borsa di studio alla miglior tesi di specializzazione in Igiene e Sanit\u00e0 Pubblica delle universit\u00e0 di Padova, Verona e Udine del 2023. Questa borsa di studio \u00e8 stata istituita dall&#8217;Ulss Dolomiti in memoria di Maria Grazia Carraro, scomparsa prematuramente lo scorso anno. In questa occasione, il prof. Silvio Brusaferro terr\u00e0 una lectio magistralis.<\/p>\n<p>&nbsp;<\/p>\n<p>&nbsp;<\/p>\n<hr \/>\n<p>&nbsp;<\/p>\n<blockquote>\n<h3>DOLOMITI BUS CELEBRA LA GIORNATA DELLA TERRA<\/h3>\n<\/blockquote>\n<p><strong>BELLUNO<\/strong> Dolomiti Bus celebra l&#8217;Earth Day con un impegno concreto per la sostenibilit\u00e0. Oltre alle dichiarazioni, l&#8217;azienda ha una flotta eco-friendly, promuove il trasporto pubblico per lo sviluppo territoriale e annuncia l&#8217;arrivo di autobus elettrici a zero emissioni, tagliando 250 tonnellate di CO2\/anno. L&#8217;investimento prevede una flotta tutta Euro 5, Euro 6 o a zero emissioni entro il 2025. Con il 65% dei veicoli gi\u00e0 green, si dimostra il rispetto per il territorio di Belluno, patrimonio UNESCO, supportando la Fondazione Dolomiti UNESCO dal 2017. La Giornata della Terra, nata nel 1970, \u00e8 ora un&#8217;opportunit\u00e0 per sensibilizzare sul riscaldamento globale e sulle soluzioni.<\/p>\n\n\t\t\t<style type='text\/css'>\n\t\t\t\t#gallery-3 {\n\t\t\t\t\tmargin: auto;\n\t\t\t\t}\n\t\t\t\t#gallery-3 .gallery-item {\n\t\t\t\t\tfloat: left;\n\t\t\t\t\tmargin-top: 10px;\n\t\t\t\t\ttext-align: center;\n\t\t\t\t\twidth: 50%;\n\t\t\t\t}\n\t\t\t\t#gallery-3 img {\n\t\t\t\t\tborder: 2px solid #cfcfcf;\n\t\t\t\t}\n\t\t\t\t#gallery-3 .gallery-caption {\n\t\t\t\t\tmargin-left: 0;\n\t\t\t\t}\n\t\t\t\t\/* see gallery_shortcode() in wp-includes\/media.php *\/\n\t\t\t<\/style>\n\t\t<div id='gallery-3' class='dt-gallery-container gallery galleryid-386771 gallery-columns-2 gallery-size-medium'><dl class='gallery-item'>\n\t\t\t\t<dt class='gallery-icon landscape'>\n\t\t\t\t\t<a class=\"rollover rollover-zoom dt-pswp-item\" title=\"Dolomitibus_1\" data-dt-img-description=\"\" data-large_image_width=\"3024\" data-large_image_height=\"1292\"href='https:\/\/www.radiopiu.net\/wordpress\/wp-content\/uploads\/2024\/04\/Dolomitibus_1.png'><img loading=\"lazy\" decoding=\"async\" width=\"300\" height=\"128\" src=\"https:\/\/www.radiopiu.net\/wordpress\/wp-content\/uploads\/2024\/04\/Dolomitibus_1-300x128.png\" class=\"attachment-medium size-medium\" alt=\"\" srcset=\"https:\/\/www.radiopiu.net\/wordpress\/wp-content\/uploads\/2024\/04\/Dolomitibus_1-300x128.png 300w, https:\/\/www.radiopiu.net\/wordpress\/wp-content\/uploads\/2024\/04\/Dolomitibus_1-1024x438.png 1024w, https:\/\/www.radiopiu.net\/wordpress\/wp-content\/uploads\/2024\/04\/Dolomitibus_1-768x328.png 768w, https:\/\/www.radiopiu.net\/wordpress\/wp-content\/uploads\/2024\/04\/Dolomitibus_1-1536x656.png 1536w, https:\/\/www.radiopiu.net\/wordpress\/wp-content\/uploads\/2024\/04\/Dolomitibus_1-2048x875.png 2048w\" sizes=\"auto, (max-width: 300px) 100vw, 300px\" \/><\/a>\n\t\t\t\t<\/dt><\/dl><dl class='gallery-item'>\n\t\t\t\t<dt class='gallery-icon landscape'>\n\t\t\t\t\t<a class=\"rollover rollover-zoom dt-pswp-item\" title=\"Dolomitibus_2\" data-dt-img-description=\"\" data-large_image_width=\"3024\" data-large_image_height=\"1292\"href='https:\/\/www.radiopiu.net\/wordpress\/wp-content\/uploads\/2024\/04\/Dolomitibus_2.png'><img loading=\"lazy\" decoding=\"async\" width=\"300\" height=\"128\" src=\"https:\/\/www.radiopiu.net\/wordpress\/wp-content\/uploads\/2024\/04\/Dolomitibus_2-300x128.png\" class=\"attachment-medium size-medium\" alt=\"\" srcset=\"https:\/\/www.radiopiu.net\/wordpress\/wp-content\/uploads\/2024\/04\/Dolomitibus_2-300x128.png 300w, https:\/\/www.radiopiu.net\/wordpress\/wp-content\/uploads\/2024\/04\/Dolomitibus_2-1024x438.png 1024w, https:\/\/www.radiopiu.net\/wordpress\/wp-content\/uploads\/2024\/04\/Dolomitibus_2-768x328.png 768w, https:\/\/www.radiopiu.net\/wordpress\/wp-content\/uploads\/2024\/04\/Dolomitibus_2-1536x656.png 1536w, https:\/\/www.radiopiu.net\/wordpress\/wp-content\/uploads\/2024\/04\/Dolomitibus_2-2048x875.png 2048w\" sizes=\"auto, (max-width: 300px) 100vw, 300px\" \/><\/a>\n\t\t\t\t<\/dt><\/dl><br style=\"clear: both\" \/>\n\t\t\t<\/div>\n\n<p>&nbsp;<\/p>\n<p>&nbsp;<\/p>\n<hr \/>\n<p>&nbsp;<\/p>\n<blockquote>\n<h3>APERTE LE ISCRIZIONI AL CENTRO ESTIVO SOT L&#8217;AGNER<\/h3>\n<\/blockquote>\n<p><strong><a class=\"dt-pswp-item\" href=\"https:\/\/www.radiopiu.net\/wordpress\/wp-content\/uploads\/2023\/07\/MUNICIPIO-VOLTAGO.jpeg\" data-dt-img-description=\"\" data-large_image_width=\"1504\" data-large_image_height=\"1116\"><img loading=\"lazy\" decoding=\"async\" class=\" wp-image-344319 alignleft\" src=\"https:\/\/www.radiopiu.net\/wordpress\/wp-content\/uploads\/2023\/07\/MUNICIPIO-VOLTAGO-300x223.jpeg\" alt=\"\" width=\"217\" height=\"161\" srcset=\"https:\/\/www.radiopiu.net\/wordpress\/wp-content\/uploads\/2023\/07\/MUNICIPIO-VOLTAGO-300x223.jpeg 300w, https:\/\/www.radiopiu.net\/wordpress\/wp-content\/uploads\/2023\/07\/MUNICIPIO-VOLTAGO-1024x760.jpeg 1024w, https:\/\/www.radiopiu.net\/wordpress\/wp-content\/uploads\/2023\/07\/MUNICIPIO-VOLTAGO-768x570.jpeg 768w, https:\/\/www.radiopiu.net\/wordpress\/wp-content\/uploads\/2023\/07\/MUNICIPIO-VOLTAGO.jpeg 1504w\" sizes=\"auto, (max-width: 217px) 100vw, 217px\" \/><\/a>VOLTAGO<\/strong><\/p>\n<p>DI GIANNI SANTOMASO<\/p>\n<audio class=\"wp-audio-shortcode\" id=\"audio-386771-7\" preload=\"none\" style=\"width: 100%;\" controls=\"controls\"><source type=\"audio\/mpeg\" src=\"https:\/\/www.radiopiu.net\/wordpress\/wp-content\/uploads\/2024\/04\/GIANNI-APERTE-LE-ISCRIZIONI-AL-CENTRO-ESTIVO-SOT-LAGNER.mp3?_=7\" \/><a href=\"https:\/\/www.radiopiu.net\/wordpress\/wp-content\/uploads\/2024\/04\/GIANNI-APERTE-LE-ISCRIZIONI-AL-CENTRO-ESTIVO-SOT-LAGNER.mp3\">https:\/\/www.radiopiu.net\/wordpress\/wp-content\/uploads\/2024\/04\/GIANNI-APERTE-LE-ISCRIZIONI-AL-CENTRO-ESTIVO-SOT-LAGNER.mp3<\/a><\/audio>\n<p>&nbsp;<\/p>\n<hr \/>\n<p>&nbsp;<\/p>\n<h2><span style=\"color: #ff0000;\">CONSIGLI COMUNALI IN AGORDINO<\/span><\/h2>\n<p><strong>TAIBON<\/strong> Il Consiglio Comunale di Taibon \u00e8 convocato domani alle ore 19. L&#8217;ordine del giorno include i bilanci di A.S.C.A. e dell&#8217;Azienda Speciale Multiservizi, lo schema e gli allegati del rendiconto di gestione finanziaria 2023, variazioni al bilancio di previsione 2024\/2026, e altre questioni urbanistiche e autorizzazioni relative ai lavori elettrici nella Val Corpassa.<\/p>\n<p>&nbsp;<\/p>\n<p>&nbsp;<\/p>\n<hr \/>\n<p>&nbsp;<\/p>\n<blockquote>\n<h3>OGGI A SEDICO L&#8217;INAUGURAZIONE DELLA MOSTRA &#8220;FAME DI FIABE&#8221;<\/h3>\n<\/blockquote>\n<p><strong><a class=\"dt-pswp-item\" href=\"https:\/\/www.radiopiu.net\/wordpress\/wp-content\/uploads\/2024\/04\/FIABE.jpg\" data-dt-img-description=\"\" data-large_image_width=\"1280\" data-large_image_height=\"720\"><img loading=\"lazy\" decoding=\"async\" class=\" wp-image-386918 alignleft\" src=\"https:\/\/www.radiopiu.net\/wordpress\/wp-content\/uploads\/2024\/04\/FIABE-300x169.jpg\" alt=\"\" width=\"178\" height=\"100\" srcset=\"https:\/\/www.radiopiu.net\/wordpress\/wp-content\/uploads\/2024\/04\/FIABE-300x169.jpg 300w, https:\/\/www.radiopiu.net\/wordpress\/wp-content\/uploads\/2024\/04\/FIABE-1024x576.jpg 1024w, https:\/\/www.radiopiu.net\/wordpress\/wp-content\/uploads\/2024\/04\/FIABE-768x432.jpg 768w, https:\/\/www.radiopiu.net\/wordpress\/wp-content\/uploads\/2024\/04\/FIABE.jpg 1280w\" sizes=\"auto, (max-width: 178px) 100vw, 178px\" \/><\/a>SEDICO <\/strong>Oggi alle 18 nella sala conferenze del nuovo polo culturale di Sedico si inaugura la mostra conclusiva del progetto &#8220;Fame di Fiabe&#8221; dell&#8217;Istituto comprensivo di Sedico-Sospirolo. Saranno esposti lavori realizzati dagli alunni delle scuole e dell\u2019asilo nido Ca&#8217; Gioiosa di Sedico sul tema &#8220;Compagni di viaggio&#8221;, interpretato partendo da testi come &#8220;A caccia dell\u2019orso&#8221;, &#8220;Il lupo che voleva cambiare colore&#8221; e molti altri. La mostra, in collaborazione con i Comuni di Sedico e Sospirolo, sar\u00e0 aperta fino al 6 maggio a Sedico e dal 8 al 20 maggio al centro civico di Sospirolo.<\/p>\n<p>&nbsp;<\/p>\n<p>&nbsp;<\/p>\n<hr \/>\n<p>&nbsp;<\/p>\n<blockquote>\n<h3>OLTRE 12 MILA VISITATORE A CACCIA PESCA NATURA<\/h3>\n<\/blockquote>\n<p><strong><a class=\"dt-pswp-item\" href=\"https:\/\/www.radiopiu.net\/wordpress\/wp-content\/uploads\/2024\/04\/Michele-Giavi-primo-giuria-popolare-Calalzo.jpg\" data-dt-img-description=\"\" data-large_image_width=\"2048\" data-large_image_height=\"1450\"><img loading=\"lazy\" decoding=\"async\" class=\" wp-image-386909 alignleft\" src=\"https:\/\/www.radiopiu.net\/wordpress\/wp-content\/uploads\/2024\/04\/Michele-Giavi-primo-giuria-popolare-Calalzo-300x212.jpg\" alt=\"\" width=\"161\" height=\"114\" srcset=\"https:\/\/www.radiopiu.net\/wordpress\/wp-content\/uploads\/2024\/04\/Michele-Giavi-primo-giuria-popolare-Calalzo-300x212.jpg 300w, https:\/\/www.radiopiu.net\/wordpress\/wp-content\/uploads\/2024\/04\/Michele-Giavi-primo-giuria-popolare-Calalzo-1024x725.jpg 1024w, https:\/\/www.radiopiu.net\/wordpress\/wp-content\/uploads\/2024\/04\/Michele-Giavi-primo-giuria-popolare-Calalzo-768x544.jpg 768w, https:\/\/www.radiopiu.net\/wordpress\/wp-content\/uploads\/2024\/04\/Michele-Giavi-primo-giuria-popolare-Calalzo-1536x1088.jpg 1536w, https:\/\/www.radiopiu.net\/wordpress\/wp-content\/uploads\/2024\/04\/Michele-Giavi-primo-giuria-popolare-Calalzo.jpg 2048w\" sizes=\"auto, (max-width: 161px) 100vw, 161px\" \/><\/a>LONGARONE<\/strong> La fiera &#8220;Caccia, pesca, natura&#8221; ha attirato oltre 12.000 visitatori in due giornate e mezza, confermando il successo dell&#8217;edizione precedente. Il presidente di Longarone Fiere Dolomiti, Michele Dal Farra, evidenzia l&#8217;importanza crescente del settore outdoor. La manifestazione ha offerto convegni sul cambiamento climatico e il ripristino dei corsi d&#8217;acqua danneggiati da Vaia, oltre a trasferimenti verso un poligono di tiro per i cacciatori. Il concorso &#8220;Adotta un pesce, adotta un corso d&#8217;acqua&#8221; ha coinvolto bambini delle scuole elementari, promuovendo l&#8217;educazione ambientale. Il disegno pi\u00f9 votato \u00e8 stato di Michele Giavi della 4A di Calalzo, che ha vinto una pescata con guida al laghetto di Lagole.<\/p>\n<p>&nbsp;<\/p>\n<p>&nbsp;<\/p>\n<hr \/>\n<p>&nbsp;<\/p>\n<blockquote>\n<h2>\u00a0Entra nel vivo il primo meeting degli ecomusei della Regione Veneto<\/h2>\n<\/blockquote>\n<div class=\"flex-1 overflow-hidden\">\n<div class=\"react-scroll-to-bottom--css-gohku-79elbk h-full\">\n<div class=\"react-scroll-to-bottom--css-gohku-1n7m0yu\">\n<div class=\"flex flex-col text-sm pb-9\">\n<div class=\"w-full text-token-text-primary\" dir=\"auto\" data-testid=\"conversation-turn-107\">\n<div class=\"px-4 py-2 justify-center text-base md:gap-6 m-auto\">\n<div class=\"flex flex-1 text-base mx-auto gap-3 juice:gap-4 juice:md:gap-6 md:px-5 lg:px-1 xl:px-5 md:max-w-3xl lg:max-w-[40rem] xl:max-w-[48rem]\">\n<div class=\"relative flex w-full flex-col agent-turn\">\n<div class=\"flex-col gap-1 md:gap-3\">\n<div class=\"flex flex-grow flex-col max-w-full\">\n<div class=\"min-h-[20px] text-message flex flex-col items-start gap-3 whitespace-pre-wrap break-words [.text-message+&amp;]:mt-5 overflow-x-auto\" dir=\"auto\" data-message-author-role=\"assistant\" data-message-id=\"4b4fceaf-62a1-4413-acb5-9ecd9cdc0af6\">\n<div class=\"markdown prose w-full break-words dark:prose-invert dark\">\n<p><strong>\u00a0<\/strong><\/p>\n<p><strong><a class=\"dt-pswp-item\" href=\"https:\/\/www.radiopiu.net\/wordpress\/wp-content\/uploads\/2024\/04\/LAPRIM1.jpg\" data-dt-img-description=\"\" data-large_image_width=\"1605\" data-large_image_height=\"937\"><img loading=\"lazy\" decoding=\"async\" class=\" wp-image-386888 alignleft\" src=\"https:\/\/www.radiopiu.net\/wordpress\/wp-content\/uploads\/2024\/04\/LAPRIM1-300x175.jpg\" alt=\"\" width=\"243\" height=\"142\" srcset=\"https:\/\/www.radiopiu.net\/wordpress\/wp-content\/uploads\/2024\/04\/LAPRIM1-300x175.jpg 300w, https:\/\/www.radiopiu.net\/wordpress\/wp-content\/uploads\/2024\/04\/LAPRIM1-1024x598.jpg 1024w, https:\/\/www.radiopiu.net\/wordpress\/wp-content\/uploads\/2024\/04\/LAPRIM1-768x448.jpg 768w, https:\/\/www.radiopiu.net\/wordpress\/wp-content\/uploads\/2024\/04\/LAPRIM1-1536x897.jpg 1536w, https:\/\/www.radiopiu.net\/wordpress\/wp-content\/uploads\/2024\/04\/LAPRIM1.jpg 1605w\" sizes=\"auto, (max-width: 243px) 100vw, 243px\" \/><\/a><\/strong><\/p>\n<h2><a class=\"dt-pswp-item\" href=\"https:\/\/www.radiopiu.net\/wordpress\/wp-content\/uploads\/2024\/04\/Interno-del-Museo-Latteria-di-Feder-scaled.jpg\" data-dt-img-description=\"\" data-large_image_width=\"2560\" data-large_image_height=\"1707\"><img loading=\"lazy\" decoding=\"async\" class=\" wp-image-386890 alignright\" src=\"https:\/\/www.radiopiu.net\/wordpress\/wp-content\/uploads\/2024\/04\/Interno-del-Museo-Latteria-di-Feder-300x200.jpg\" alt=\"\" width=\"230\" height=\"153\" srcset=\"https:\/\/www.radiopiu.net\/wordpress\/wp-content\/uploads\/2024\/04\/Interno-del-Museo-Latteria-di-Feder-300x200.jpg 300w, https:\/\/www.radiopiu.net\/wordpress\/wp-content\/uploads\/2024\/04\/Interno-del-Museo-Latteria-di-Feder-1024x683.jpg 1024w, https:\/\/www.radiopiu.net\/wordpress\/wp-content\/uploads\/2024\/04\/Interno-del-Museo-Latteria-di-Feder-768x512.jpg 768w, https:\/\/www.radiopiu.net\/wordpress\/wp-content\/uploads\/2024\/04\/Interno-del-Museo-Latteria-di-Feder-1536x1024.jpg 1536w, https:\/\/www.radiopiu.net\/wordpress\/wp-content\/uploads\/2024\/04\/Interno-del-Museo-Latteria-di-Feder-2048x1365.jpg 2048w\" sizes=\"auto, (max-width: 230px) 100vw, 230px\" \/><\/a><\/h2>\n<p><strong>CANALE D&#8217;AGORDO<\/strong> Il primo meeting degli ecomusei della Regione Veneto, organizzato dall&#8217;Ecomuseo della Valle del Biois e dalla Fondazione Papa Luciani di Canale d&#8217;Agordo Onlus, avr\u00e0 luogo oggi\u00a0 in\u00a0 Sala Emigranti. I lavori saranno aperti dai sindaci dei Comuni coinvolti e da rappresentanti istituzionali. La giornata si concentrer\u00e0 sui valori identitari dei luoghi, con particolare attenzione alle latterie e al bicentenario della nascita del fondatore della prima latteria cooperativa a sistema svedese d&#8217;Italia. Gli ecomusei avranno l&#8217;opportunit\u00e0 di presentare le proprie storie ed esperienze, seguite da una visita guidata alle latterie-museo ottocentesche del comune di Canale d&#8217;Agordo. L&#8217;evento mira a promuovere la collaborazione tra gli ecomusei e a divulgare le attivit\u00e0 svolte fino a oggi, invitando anche la popolazione a partecipare.<\/p>\n<\/div>\n<\/div>\n<\/div>\n<\/div>\n<\/div>\n<\/div>\n<\/div>\n<\/div>\n<\/div>\n<\/div>\n<\/div>\n<\/div>\n<p>&nbsp;<\/p>\n<hr \/>\n<p>&nbsp;<\/p>\n<blockquote>\n<h2>Vigo di Cadore, inaugurata la nuova palestra all&#8217;aperto di Pelos. Presto al via nuovi lavori per gli impianti sportivi<\/h2>\n<\/blockquote>\n<p><strong>VIGO DI CADORE <\/strong>Taglio del nastro nei giorni scorsi per la nuova palestra all&#8217;aperto a Pelos, nel comune di Vigo di Cadore: la nuova struttura sar\u00e0 utilizzabile sia con i programmi personalizzati realizzati dalla vicina piscina Sporting sia attraverso l&#8217;app scaricabile grazie ad un qr code pubblicato sulla cartellonistica.<\/p>\n<p>&nbsp;<\/p>\n\n\t\t\t<style type='text\/css'>\n\t\t\t\t#gallery-4 {\n\t\t\t\t\tmargin: auto;\n\t\t\t\t}\n\t\t\t\t#gallery-4 .gallery-item {\n\t\t\t\t\tfloat: left;\n\t\t\t\t\tmargin-top: 10px;\n\t\t\t\t\ttext-align: center;\n\t\t\t\t\twidth: 50%;\n\t\t\t\t}\n\t\t\t\t#gallery-4 img {\n\t\t\t\t\tborder: 2px solid #cfcfcf;\n\t\t\t\t}\n\t\t\t\t#gallery-4 .gallery-caption {\n\t\t\t\t\tmargin-left: 0;\n\t\t\t\t}\n\t\t\t\t\/* see gallery_shortcode() in wp-includes\/media.php *\/\n\t\t\t<\/style>\n\t\t<div id='gallery-4' class='dt-gallery-container gallery galleryid-386771 gallery-columns-2 gallery-size-thumbnail'><dl class='gallery-item'>\n\t\t\t\t<dt class='gallery-icon landscape'>\n\t\t\t\t\t<a class=\"rollover rollover-zoom dt-pswp-item\" title=\"inaugurazione\" data-dt-img-description=\"\" data-large_image_width=\"1311\" data-large_image_height=\"933\"href='https:\/\/www.radiopiu.net\/wordpress\/wp-content\/uploads\/2024\/04\/inaugurazione.jpg'><img loading=\"lazy\" decoding=\"async\" width=\"150\" height=\"150\" src=\"https:\/\/www.radiopiu.net\/wordpress\/wp-content\/uploads\/2024\/04\/inaugurazione-150x150.jpg\" class=\"attachment-thumbnail size-thumbnail\" alt=\"\" \/><\/a>\n\t\t\t\t<\/dt><\/dl><dl class='gallery-item'>\n\t\t\t\t<dt class='gallery-icon landscape'>\n\t\t\t\t\t<a class=\"rollover rollover-zoom dt-pswp-item\" title=\"inaugurazione 1\" data-dt-img-description=\"\" data-large_image_width=\"1580\" data-large_image_height=\"912\"href='https:\/\/www.radiopiu.net\/wordpress\/wp-content\/uploads\/2024\/04\/inaugurazione-1.jpg'><img loading=\"lazy\" decoding=\"async\" width=\"150\" height=\"150\" src=\"https:\/\/www.radiopiu.net\/wordpress\/wp-content\/uploads\/2024\/04\/inaugurazione-1-150x150.jpg\" class=\"attachment-thumbnail size-thumbnail\" alt=\"\" \/><\/a>\n\t\t\t\t<\/dt><\/dl><br style=\"clear: both\" \/>\n\t\t\t<\/div>\n\n<p>L&#8217;inaugurazione di questa nuova area fitness \u00e8 stata anche l&#8217;occasione per \u201cpremiare\u201d tutti i giovani atleti che militano nelle societ\u00e0 sportive che operano nel territorio comunale: Dolomiti Nuoto, US Aquilotti \u2013 che domenica hanno partecipato alla prima tappa del Criterium Cadorino promosso dal Centro Sportivo Italiano di Belluno che a fine maggio far\u00e0 tappa proprio a Pelos &#8211; e Spiquy Team.<\/p>\n<p>&nbsp;<\/p>\n<p>&nbsp;<\/p>\n<hr \/>\n<p>&nbsp;<\/p>\n<blockquote>\n<h3>A MEL UN WORKSHOP PER PARLARE DEL CORPO<\/h3>\n<\/blockquote>\n<p><strong><a class=\"dt-pswp-item\" href=\"https:\/\/www.radiopiu.net\/wordpress\/wp-content\/uploads\/2024\/04\/post.png\" data-dt-img-description=\"\" data-large_image_width=\"940\" data-large_image_height=\"788\"><img loading=\"lazy\" decoding=\"async\" class=\" wp-image-385850 alignleft\" src=\"https:\/\/www.radiopiu.net\/wordpress\/wp-content\/uploads\/2024\/04\/post-300x251.png\" alt=\"\" width=\"139\" height=\"116\" srcset=\"https:\/\/www.radiopiu.net\/wordpress\/wp-content\/uploads\/2024\/04\/post-300x251.png 300w, https:\/\/www.radiopiu.net\/wordpress\/wp-content\/uploads\/2024\/04\/post-768x644.png 768w, https:\/\/www.radiopiu.net\/wordpress\/wp-content\/uploads\/2024\/04\/post.png 940w\" sizes=\"auto, (max-width: 139px) 100vw, 139px\" \/><\/a>BORGO VALBELLUNA<\/strong> &#8220;Dal corpo alla parola&#8221; \u00e8 un workshop che unisce espressione creativa e movimento corporeo. Scopo: liberare il corpo da tensioni, connetterlo con l&#8217;istinto artistico e il fuoco scenico. Aperto a tutti, anche a chi ha esperienza. Attraverso il movimento libero e la gestione del corpo, impareremo a farlo dialogare con la parola. L&#8217;attore agisce organicamente: corpo e parola si fondono. Analizzeremo testi, esploreremo lo spazio e la vita silenziosa. Il laboratorio comprende 5 lezioni di 1 ora e 30 minuti, suddivise per et\u00e0: 11-14, 15-18, adulti. Si terr\u00e0 presso l&#8217;ex chiesa di San Pietro di Borgo Valbelluna ogni gioved\u00ec di maggio 2024. Contatti: <a target=\"_new\" rel=\"noopener\">fornasatilive@gmail.com<\/a>, 3298849696.<\/p>\n<p><strong>DI ROBERTO BONA<\/strong><\/p>\n<audio class=\"wp-audio-shortcode\" id=\"audio-386771-8\" preload=\"none\" style=\"width: 100%;\" controls=\"controls\"><source type=\"audio\/mpeg\" src=\"https:\/\/www.radiopiu.net\/wordpress\/wp-content\/uploads\/2024\/04\/BONA-DAL-CORPO-ALLA-PAROLA.mp3?_=8\" \/><a href=\"https:\/\/www.radiopiu.net\/wordpress\/wp-content\/uploads\/2024\/04\/BONA-DAL-CORPO-ALLA-PAROLA.mp3\">https:\/\/www.radiopiu.net\/wordpress\/wp-content\/uploads\/2024\/04\/BONA-DAL-CORPO-ALLA-PAROLA.mp3<\/a><\/audio>\n<p>&nbsp;<\/p>\n<hr \/>\n<p>&nbsp;<\/p>\n<div class=\"flex-1 overflow-hidden\">\n<div class=\"react-scroll-to-bottom--css-gohku-79elbk h-full\">\n<div class=\"react-scroll-to-bottom--css-gohku-1n7m0yu\">\n<div class=\"flex flex-col text-sm pb-9\">\n<div class=\"w-full text-token-text-primary\" dir=\"auto\" data-testid=\"conversation-turn-93\">\n<div class=\"px-4 py-2 justify-center text-base md:gap-6 m-auto\">\n<div class=\"flex flex-1 text-base mx-auto gap-3 juice:gap-4 juice:md:gap-6 md:px-5 lg:px-1 xl:px-5 md:max-w-3xl lg:max-w-[40rem] xl:max-w-[48rem]\">\n<div class=\"relative flex w-full flex-col agent-turn\">\n<div class=\"absolute\">\n<div class=\"flex w-full gap-2 items-center justify-center\">\n<div class=\"w-full pt-2 md:pt-0 dark:border-white\/20 md:border-transparent md:dark:border-transparent md:w-[calc(100%-.5rem)]\">\n<form class=\"stretch mx-2 flex flex-row gap-3 last:mb-2 md:mx-4 md:last:mb-6 lg:mx-auto lg:max-w-2xl xl:max-w-3xl\">\n<div class=\"relative flex h-full flex-1 flex-col\">\n<blockquote>\n<h3 class=\"flex w-full items-center\">GIOVEDI 25 APRILE DALLE 16&#8230;. DIRETTA RADIO<\/h3>\n<\/blockquote>\n<div class=\"flex w-full items-center\">\n<p><span style=\"color: #ff0000;\"><strong><span style=\"color: #0000ff;\">Radio Pi\u00f9 in esterno da Bardin, con la regia di Gianfranco Tome&#8217;&#8230; caleranno a Santa Giustina: Luisa Alchini, Paola Lanciato, Marina Don\u00f9, Brunella Moro, Marco Gaz, Francesco Tome&#8217;, il cantautore MARCO V DAL FARRA coordinamento Mirko Mezzacasa\u00a0<\/span><\/strong><\/span><\/p>\n<p>&nbsp;<\/p>\n<\/div>\n<\/div>\n<\/form>\n<\/div>\n<\/div>\n<\/div>\n<\/div>\n<\/div>\n<\/div>\n<\/div>\n<\/div>\n<\/div>\n<\/div>\n<\/div>\n<div class=\"w-full pt-2 md:pt-0 dark:border-white\/20 md:border-transparent md:dark:border-transparent md:w-[calc(100%-.5rem)]\">\n<form class=\"stretch mx-2 flex flex-row gap-3 last:mb-2 md:mx-4 md:last:mb-6 lg:mx-auto lg:max-w-2xl xl:max-w-3xl\">\n<div class=\"relative flex h-full flex-1 flex-col\">\n<div class=\"flex w-full items-center\"><a class=\"dt-pswp-item\" href=\"https:\/\/www.radiopiu.net\/wordpress\/wp-content\/uploads\/2024\/04\/BARDIN.png\" data-dt-img-description=\"\" data-large_image_width=\"450\" data-large_image_height=\"328\"><img loading=\"lazy\" decoding=\"async\" class=\"size-medium wp-image-386376 aligncenter\" src=\"https:\/\/www.radiopiu.net\/wordpress\/wp-content\/uploads\/2024\/04\/BARDIN-300x219.png\" alt=\"\" width=\"300\" height=\"219\" srcset=\"https:\/\/www.radiopiu.net\/wordpress\/wp-content\/uploads\/2024\/04\/BARDIN-300x219.png 300w, https:\/\/www.radiopiu.net\/wordpress\/wp-content\/uploads\/2024\/04\/BARDIN.png 450w\" sizes=\"auto, (max-width: 300px) 100vw, 300px\" \/><\/a><\/div>\n<\/div>\n<\/form>\n<\/div>\n<p>&nbsp;<\/p>\n<blockquote><p><em>prossimi appuntamenti: 18 maggio compleanno di Mirco De Bona a Belluno, 1 giugno la festa PIU&#8217; Siamo con speciale guest Jessica Lena, alla Birreria Pedavena La Valle Agordina, in previsione la presenza\u00a0 Feltre alla Mostra dell&#8217;Artigianato.\u00a0<\/em><\/p><\/blockquote>\n<p>&nbsp;<\/p>\n<p>&nbsp;<\/p>\n<hr \/>\n<p>&nbsp;<\/p>\n<blockquote>\n<h3>CAMMINANDO&#8230;GLI INCONTRI A BORGO VALBELLUNA<\/h3>\n<\/blockquote>\n<p><strong>BORGO VALBELLUNA<\/strong> &#8220;Camminando. Esperienze, sensazioni, emozioni&#8221;, primo appuntamento sabato\u00a0 alle 18 alla sala S. Felice di Trichiana con due esperti dell\u2019Universit\u00e0 dell\u2019Arizona, Ornella Selmin e Donato Romagnolo, che parleranno della Dieta Mediterranea e della Bioenergetica. Approfondiranno come i nutrienti di questa dieta influenzino positivamente i processi metabolici cellulari legati all&#8217;energia. Un evento coinvolgente per chi si interessa alla salute e alla nutrizione, sia per migliorare il proprio benessere quotidiano che per ottimizzare le performance fisiche e sportive. Imperdibile anche per i curiosi desiderosi di conoscere di pi\u00f9 su questo argomento.<\/p>\n<p>&nbsp;<\/p>\n<p>&nbsp;<\/p>\n<hr \/>\n<p>&nbsp;<\/p>\n<blockquote>\n<h3>IL SEMINARIO &#8220;CREATIVITA&#8217; PER LA LIBERTA'&#8221;<\/h3>\n<\/blockquote>\n<p><strong>BELLUNO<\/strong> Il 27 aprile presso il Centro di Solidariet\u00e0 di Belluno onlus si terr\u00e0 il primo seminario del progetto &#8220;Creativit\u00e0 per la libert\u00e0&#8221;, finanziato dal Dipartimento per Le Politiche Antidroga della Presidenza del Consiglio dei Ministri. Il progetto si focalizza sulla prevenzione e il contrasto delle dipendenze comportamentali e da sostanze nelle nuove generazioni. Il seminario &#8220;Corpo ed emozioni: strumenti per la relazione&#8221; introdurr\u00e0 ai laboratori di movimento espressivo per ragazzi coinvolti nei campi estivi 2024 organizzati da ODAR e APS Amici dei Disabili e dei Minori. Rivolto agli educatori\/animatori, il seminario offrir\u00e0 conoscenze sulle emozioni di base e competenze per una comunicazione efficace e relazioni aperte ed emotive. Tenuto dal dottor Andrea Genuin, psicologo clinico specializzato nella conduzione dei Bonding Group, il seminario includer\u00e0 anche esperienze pratiche.<\/p>\n<p>&nbsp;<\/p>\n<p>&nbsp;<\/p>\n<hr \/>\n<p>&nbsp;<\/p>\n<blockquote>\n<h3>LA RACCOLTA FONDI PER FIBROSI CISTICA<\/h3>\n<\/blockquote>\n<div data-block=\"true\" data-editor=\"avj4u\" data-offset-key=\"d3i0j-0-0\">\n<p><strong>BELLUNO<\/strong> Volontari in azione per la raccolta fondi Fibrosi Cistica, regalando dipladenie: 4 maggio Agordo e Parrocchie del Poi; 11 e 12 maggio Falcade e Caviola; 4 maggio Alpini Castion, Puos d&#8217;Alpago, Zoppe&#8217; di Cadore, Santo Stefano di Cadore, Belluno; 8 maggio Alpini Limana; Farra d&#8217;Alpago e Dosoledo, consegna porta a porta.<\/p>\n<div data-block=\"true\" data-editor=\"avj4u\" data-offset-key=\"d3i0j-0-0\"><\/div>\n<\/div>\n<div data-block=\"true\" data-editor=\"avj4u\" data-offset-key=\"d3i0j-0-0\"><\/div>\n<div data-block=\"true\" data-editor=\"avj4u\" data-offset-key=\"d3i0j-0-0\">\n<hr \/>\n<\/div>\n<div data-block=\"true\" data-editor=\"avj4u\" data-offset-key=\"d3i0j-0-0\"><\/div>\n<blockquote>\n<h3 data-block=\"true\" data-editor=\"avj4u\" data-offset-key=\"d3i0j-0-0\"><a class=\"dt-pswp-item\" href=\"https:\/\/www.radiopiu.net\/wordpress\/wp-content\/uploads\/2024\/04\/f7522d6e-3fa7-42d1-991b-0eca34f70748.jpg\" data-dt-img-description=\"\" data-large_image_width=\"1080\" data-large_image_height=\"1519\"><img loading=\"lazy\" decoding=\"async\" class=\" wp-image-385870 alignleft\" src=\"https:\/\/www.radiopiu.net\/wordpress\/wp-content\/uploads\/2024\/04\/f7522d6e-3fa7-42d1-991b-0eca34f70748-213x300.jpg\" alt=\"\" width=\"99\" height=\"139\" srcset=\"https:\/\/www.radiopiu.net\/wordpress\/wp-content\/uploads\/2024\/04\/f7522d6e-3fa7-42d1-991b-0eca34f70748-213x300.jpg 213w, https:\/\/www.radiopiu.net\/wordpress\/wp-content\/uploads\/2024\/04\/f7522d6e-3fa7-42d1-991b-0eca34f70748-728x1024.jpg 728w, https:\/\/www.radiopiu.net\/wordpress\/wp-content\/uploads\/2024\/04\/f7522d6e-3fa7-42d1-991b-0eca34f70748-768x1080.jpg 768w, https:\/\/www.radiopiu.net\/wordpress\/wp-content\/uploads\/2024\/04\/f7522d6e-3fa7-42d1-991b-0eca34f70748.jpg 1080w\" sizes=\"auto, (max-width: 99px) 100vw, 99px\" \/><\/a>LA FESTA DELLA LIBERAZIONE A SOSPIROLO<\/h3>\n<\/blockquote>\n<p data-block=\"true\" data-editor=\"avj4u\" data-offset-key=\"d3i0j-0-0\"><strong>SOSPIROLO<\/strong><\/p>\n<p data-block=\"true\" data-editor=\"avj4u\" data-offset-key=\"d3i0j-0-0\"><strong>DI ROBERTO BONA<\/strong><\/p>\n<audio class=\"wp-audio-shortcode\" id=\"audio-386771-9\" preload=\"none\" style=\"width: 100%;\" controls=\"controls\"><source type=\"audio\/mpeg\" src=\"https:\/\/www.radiopiu.net\/wordpress\/wp-content\/uploads\/2024\/04\/BONA-FESTA-LIBERAZIONE-SOSPIROLO.mp3?_=9\" \/><a href=\"https:\/\/www.radiopiu.net\/wordpress\/wp-content\/uploads\/2024\/04\/BONA-FESTA-LIBERAZIONE-SOSPIROLO.mp3\">https:\/\/www.radiopiu.net\/wordpress\/wp-content\/uploads\/2024\/04\/BONA-FESTA-LIBERAZIONE-SOSPIROLO.mp3<\/a><\/audio>\n<p>&nbsp;<\/p>\n<hr \/>\n<p>&nbsp;<\/p>\n<blockquote>\n<h3>UNA FESTA DELLA LIBERAZIONE SPECIALE A LENTIAI<\/h3>\n<\/blockquote>\n<p><strong>BORGO VALBELLUNA<\/strong> La celebrazione della Festa della Liberazione a Borgo Valbelluna sar\u00e0 resa ancora pi\u00f9 significativa dalla partecipazione dei ragazzi della classe terza A della secondaria di Lentiai. Davanti al Municipio, illustreranno il loro lavoro scolastico con cartelloni, accompagnati dalla musica degli studenti dell&#8217;indirizzo musicale. Canzoni come l&#8217;Inno d&#8217;Italia e Bella Ciao risuoneranno insieme a &#8220;La luna di Kiev&#8221;, diventata inno dell&#8217;Istituto Comprensivo di Mel e Lentiai. I ragazzi si sono ispirati al libro &#8220;Storie della Resistenza&#8221; per esplorare il pensiero di un partigiano anonimo, evidenziando parole chiave come politica, repubblichini e tedeschi. La professoressa D&#8217;Attilio ha introdotto una prospettiva pi\u00f9 ampia sulla Resistenza, seguendo il pensiero di Lidia Menapace. Il coinvolgimento dei giovani mira a correggere la visione limitata delle celebrazioni, conferendo loro un ruolo attivo nella commemorazione storica.<\/p>\n<p>&nbsp;<\/p>\n<p>&nbsp;<\/p>\n<hr \/>\n<p>&nbsp;<\/p>\n<blockquote>\n<h3>L&#8217;ASSEMBLEA DEL GAV<\/h3>\n<\/blockquote>\n<p><strong>AGORDO<\/strong> Il GAV, Gruppo Assistenza Volontaria, ha indetto un&#8217;assemblea per domenica 28 aprile alle 11 al Centro Parrocchiale Don Vincenzo Savio di Agordo. Sette i punti da discutere tra cui la relazione delle attivit\u00e0 svolte nel 2023, l&#8217;approvazione del bilancio consuntivo 2024 e la presentazione delle attivit\u00e0 previste nel 2024.<\/p>\n<p>&nbsp;<\/p>\n<p>&nbsp;<\/p>\n<hr \/>\n<p>&nbsp;<\/p>\n<blockquote>\n<h3>PRATICHE FILOSOFICHE AL CIRCOLO CULTURALE TERRA DEI PADRI<\/h3>\n<\/blockquote>\n<p><strong>BELLUNO<\/strong> Il Circolo Culturale La Terra dei Padri APS, a Borgo Piave &#8211; Belluno, ospita un laboratorio di pratiche filosofiche aperto a tutti nel mese di maggio 2024. Condotti da Francesco Dematt\u00e8, ex docente di storia e filosofia nei Licei, i quattro incontri si concentreranno su Plotino, filosofo del III secolo d.C. Gli incontri si terranno ogni marted\u00ec, dal 7 al 28 maggio, dalle 18 alle 19 presso il circolo culturale. Per informazioni e iscrizioni contattare direttamente in sede, via email o telefonicamente.<\/p>\n<p>&nbsp;<\/p>\n<p>&nbsp;<\/p>\n<hr \/>\n<p>&nbsp;<\/p>\n<blockquote>\n<h3>LE ERBE AROMATICHE DI AISM<\/h3>\n<\/blockquote>\n<p>Con una donazione di 12 Euro sar\u00e0 possibile ottenere un kit con un mix di 2 piante aromatiche. Una parte del ricavato andr\u00e0 a sostegno delle attivit\u00e0 che la Sezione organizza sul territorio della Provincia a favore delle persone affette da sclerosi multipla. Per maggiori informazioni 0437 98168<\/p>\n<p>&nbsp;<\/p>\n<hr \/>\n<p>&nbsp;<\/p>\n<blockquote>\n<h3><strong>Disponibili online le certificazioni esenzioni per reddito dal 9 aprile 2024<\/strong><\/h3>\n<\/blockquote>\n<p><strong>BELLUNO<\/strong> L&#8217;Azienda ULSS 1 Dolomiti informa che le certificazioni delle esenzioni per reddito saranno accessibili dal 9 aprile 2024 sul portale <a href=\"https:\/\/salute.regione.veneto.it\/\" target=\"_new\" rel=\"noopener\">salute.regione.veneto.it<\/a>.<\/p>\n<a href=\"https:\/\/www.radiopiu.net\/wordpress\/wp-content\/uploads\/2024\/04\/Locandina_certificati-di-esenzione-2024.pdf\" class=\"pdfemb-viewer\" style=\"\" data-width=\"max\" data-height=\"max\" data-toolbar=\"top\" data-toolbar-fixed=\"on\">Locandina_certificati di esenzione 2024<\/a>\n<p>&nbsp;<\/p>\n<p>&nbsp;<\/p>\n<hr \/>\n<p>&nbsp;<\/p>\n<h2><span style=\"color: #ff6600;\">IERI ALLA RADIO\u00a0<\/span><\/h2>\n<h2><span style=\"color: #008080;\">OGGI COME IERI di e con SILVIA BALDO<\/span><\/h2>\n<p><img decoding=\"async\" class=\"aligncenter\" src=\"https:\/\/www.radiopiu.net\/wordpress\/wp-content\/uploads\/2023\/09\/309000774_10222572118595513_7956305457803922499_n.jpg\" \/><\/p>\n<p><strong>\u00a0 \u00a0\u00a0<\/strong><\/p>\n<p><strong>PUNTATA 27 22 APRILE 2024<\/strong><\/p>\n<audio class=\"wp-audio-shortcode\" id=\"audio-386771-10\" preload=\"none\" style=\"width: 100%;\" controls=\"controls\"><source type=\"audio\/mpeg\" src=\"https:\/\/www.radiopiu.net\/wordpress\/wp-content\/uploads\/2024\/04\/SIBI-2.mp3?_=10\" \/><a href=\"https:\/\/www.radiopiu.net\/wordpress\/wp-content\/uploads\/2024\/04\/SIBI-2.mp3\">https:\/\/www.radiopiu.net\/wordpress\/wp-content\/uploads\/2024\/04\/SIBI-2.mp3<\/a><\/audio>\n<p>&nbsp;<\/p>\n<h2>LA RACCOLTA COMPLETA <a href=\"https:\/\/www.radiopiu.net\/wordpress\/alle-nove-oggi-come-ieri-di-e-con-silvia-baldo\/\"><span style=\"color: #3366ff;\">CLICCA QUI<\/span><\/a><\/h2>\n<p>&nbsp;<\/p>\n<hr \/>\n<p>&nbsp;<\/p>\n<h2><span style=\"color: #993300;\">PERITI MINERARI DALL\u2019AGORDINO AL MONDO<\/span><\/h2>\n<p><strong>REDAZIONE<\/strong> Continua la serie di racconti con i periti minerari agordini. Nelle prossime quattro puntate la storia di Giacomo &#8220;Gianni&#8221; Gatta. I racconti dei periti minerari agordini che hanno lavorato nel mondo, ogni luned\u00ec alle 10:30 e alle 19 su Radio Pi\u00f9.<\/p>\n<p><iframe loading=\"lazy\" title=\"GIACOMO &quot;GIANNI&quot; GATTA\" width=\"1200\" height=\"675\" src=\"https:\/\/www.youtube.com\/embed\/HR1kEc5C6Js?feature=oembed\" frameborder=\"0\" allow=\"accelerometer; autoplay; clipboard-write; encrypted-media; gyroscope; picture-in-picture; web-share\" referrerpolicy=\"strict-origin-when-cross-origin\" allowfullscreen><\/iframe><\/p>\n<p>&nbsp;<\/p>\n<h2><strong>LA RACCOLTA COMPLETA <a href=\"https:\/\/www.radiopiu.net\/wordpress\/periti-minerari-dallagordino-al-mondo\/\"><span style=\"color: #0000ff;\">CLICCA QUI<\/span><\/a><\/strong><a href=\"https:\/\/www.radiopiu.net\/wordpress\/periti-minerari-dallagordino-al-mondo\/\"><span style=\"color: #0000ff;\">\u00a0<\/span><\/a><\/h2>\n<p>&nbsp;<\/p>\n<hr \/>\n<p>&nbsp;<\/p>\n<h2><span style=\"color: #ff00ff;\">CIAK SI GIRA, IL PROGRAMMA DI PAOLA LANCIATO<\/span><\/h2>\n<p><a class=\"dt-pswp-item\" href=\"https:\/\/www.radiopiu.net\/wordpress\/wp-content\/uploads\/2024\/04\/NUOVO-CINE-PARAD.jpg\" data-dt-img-description=\"Copyright HAG ?2008\" data-large_image_width=\"475\" data-large_image_height=\"663\"><img loading=\"lazy\" decoding=\"async\" class=\"wp-image-386846 alignleft\" src=\"https:\/\/www.radiopiu.net\/wordpress\/wp-content\/uploads\/2024\/04\/NUOVO-CINE-PARAD-215x300.jpg\" alt=\"\" width=\"94\" height=\"131\" srcset=\"https:\/\/www.radiopiu.net\/wordpress\/wp-content\/uploads\/2024\/04\/NUOVO-CINE-PARAD-215x300.jpg 215w, https:\/\/www.radiopiu.net\/wordpress\/wp-content\/uploads\/2024\/04\/NUOVO-CINE-PARAD.jpg 475w\" sizes=\"auto, (max-width: 94px) 100vw, 94px\" \/><\/a><strong>PUNTATA 23 NUOVO CINEMA PARADISO<\/strong><\/p>\n<audio class=\"wp-audio-shortcode\" id=\"audio-386771-11\" preload=\"none\" style=\"width: 100%;\" controls=\"controls\"><source type=\"audio\/mpeg\" src=\"https:\/\/www.radiopiu.net\/wordpress\/wp-content\/uploads\/2024\/04\/CIAK1-2.mp3?_=11\" \/><a href=\"https:\/\/www.radiopiu.net\/wordpress\/wp-content\/uploads\/2024\/04\/CIAK1-2.mp3\">https:\/\/www.radiopiu.net\/wordpress\/wp-content\/uploads\/2024\/04\/CIAK1-2.mp3<\/a><\/audio>\n<p>&nbsp;<\/p>\n<h2><strong>LA RACCOLTA COMPLETA <a href=\"https:\/\/www.radiopiu.net\/wordpress\/ciak24\/\"><span style=\"color: #0000ff;\">CLICCA QUI<\/span><\/a><\/strong><\/h2>\n<p>&nbsp;<\/p>\n<hr \/>\n<p>&nbsp;<\/p>\n<h2><span style=\"color: #ff0000;\">CINE HITS, ALLA SCOPERTA DELLE COLONNE SONORE<\/span><\/h2>\n<p><strong><a class=\"dt-pswp-item\" href=\"https:\/\/www.radiopiu.net\/wordpress\/wp-content\/uploads\/2024\/04\/GREASE.jpg\" data-dt-img-description=\"\" data-large_image_width=\"691\" data-large_image_height=\"1000\"><img loading=\"lazy\" decoding=\"async\" class=\" wp-image-386849 alignleft\" src=\"https:\/\/www.radiopiu.net\/wordpress\/wp-content\/uploads\/2024\/04\/GREASE-207x300.jpg\" alt=\"\" width=\"104\" height=\"151\" srcset=\"https:\/\/www.radiopiu.net\/wordpress\/wp-content\/uploads\/2024\/04\/GREASE-207x300.jpg 207w, https:\/\/www.radiopiu.net\/wordpress\/wp-content\/uploads\/2024\/04\/GREASE.jpg 691w\" sizes=\"auto, (max-width: 104px) 100vw, 104px\" \/><\/a>22 APRILE &#8211; GREASE<\/strong><\/p>\n<audio class=\"wp-audio-shortcode\" id=\"audio-386771-12\" preload=\"none\" style=\"width: 100%;\" controls=\"controls\"><source type=\"audio\/mpeg\" src=\"https:\/\/www.radiopiu.net\/wordpress\/wp-content\/uploads\/2024\/04\/CINE1-2.mp3?_=12\" \/><a href=\"https:\/\/www.radiopiu.net\/wordpress\/wp-content\/uploads\/2024\/04\/CINE1-2.mp3\">https:\/\/www.radiopiu.net\/wordpress\/wp-content\/uploads\/2024\/04\/CINE1-2.mp3<\/a><\/audio>\n<p>&nbsp;<\/p>\n<h2><strong>LA RACCOLTA COMPLETA <a href=\"https:\/\/www.radiopiu.net\/wordpress\/cine-hits-alla-scoperta-delle-colonne-sonore-la-raccolta\/\"><span style=\"color: #0000ff;\">CLICCA QUI<\/span><\/a><\/strong><\/h2>\n<p>&nbsp;<\/p>\n<hr \/>\n<p>&nbsp;<\/p>\n<h2><span style=\"color: #808000;\">I RACCONTI DI PAOLO SOPPELSA<\/span><\/h2>\n<p><strong>RITORNI DI PRIMAVERA<\/strong><\/p>\n<p><strong>AUDIO<\/strong><\/p>\n<audio class=\"wp-audio-shortcode\" id=\"audio-386771-13\" preload=\"none\" style=\"width: 100%;\" controls=\"controls\"><source type=\"audio\/mpeg\" src=\"https:\/\/www.radiopiu.net\/wordpress\/wp-content\/uploads\/2024\/04\/PAOLOS-1.mp3?_=13\" \/><a href=\"https:\/\/www.radiopiu.net\/wordpress\/wp-content\/uploads\/2024\/04\/PAOLOS-1.mp3\">https:\/\/www.radiopiu.net\/wordpress\/wp-content\/uploads\/2024\/04\/PAOLOS-1.mp3<\/a><\/audio>\n<p>&nbsp;<\/p>\n<p><a class=\"dt-pswp-item\" href=\"https:\/\/www.radiopiu.net\/wordpress\/wp-content\/uploads\/2024\/04\/03616ee2-8cdb-479f-bd37-41cf765ab353.jpg\" data-dt-img-description=\"\" data-large_image_width=\"1600\" data-large_image_height=\"1200\"><img loading=\"lazy\" decoding=\"async\" class=\" wp-image-386656 alignleft\" src=\"https:\/\/www.radiopiu.net\/wordpress\/wp-content\/uploads\/2024\/04\/03616ee2-8cdb-479f-bd37-41cf765ab353-300x225.jpg\" alt=\"\" width=\"206\" height=\"154\" srcset=\"https:\/\/www.radiopiu.net\/wordpress\/wp-content\/uploads\/2024\/04\/03616ee2-8cdb-479f-bd37-41cf765ab353-300x225.jpg 300w, https:\/\/www.radiopiu.net\/wordpress\/wp-content\/uploads\/2024\/04\/03616ee2-8cdb-479f-bd37-41cf765ab353-1024x768.jpg 1024w, https:\/\/www.radiopiu.net\/wordpress\/wp-content\/uploads\/2024\/04\/03616ee2-8cdb-479f-bd37-41cf765ab353-768x576.jpg 768w, https:\/\/www.radiopiu.net\/wordpress\/wp-content\/uploads\/2024\/04\/03616ee2-8cdb-479f-bd37-41cf765ab353-1536x1152.jpg 1536w, https:\/\/www.radiopiu.net\/wordpress\/wp-content\/uploads\/2024\/04\/03616ee2-8cdb-479f-bd37-41cf765ab353.jpg 1600w\" sizes=\"auto, (max-width: 206px) 100vw, 206px\" \/><\/a>Quando il tepore della primavera era finalmente entrato nella valle e i faggi si erano vestiti di un verde nuovo, era tempo di riaprire la casa ai piedi del Pelsa. In quel primo pomeriggio di fine aprile la Ritmo correva veloce lungo la Strada Madre deserta, carica del necessario utile per trascorrere un mezzo sabato e una mezza domenica accanto al Biois. Il sole era ancora alto quando si parcheggiava sotto casa e apparivano cos\u00ec lontani quei sabati d&#8217;autunno quando, alla stessa ora, il sole era gi\u00e0 andato a dormire dietro alla cima di Pape lasciando il paese in una fredda penombra. Scaricavamo i pochi bagagli e poi salivamo gli scalini fino a raggiungere la porta grigia e poi, dopo due giri di chiave, era tempo di dare corrente alla casa. S\u00f9 la levetta del contatore e poi un&#8217;altra chiave andava ad aprire la porta bianca con i vetri ondulati; un istante appena ed ecco uscire l&#8217;inverno che si era annidato fra quelle mura. Sul sagrato della chiesa si respirava l&#8217;aria dolce dei giorni di San Marco, dentro casa, invece, la durezza di un freddo e lungo inverno che ora fuggiva andando a perdersi in quel cielo limpido di quasi maggio. Dentro casa il tempo si era fermato a quella domenica d&#8217;inizio novembre quando, dopo aver sistemato i fiori sulle tombe, pap\u00e0 aveva chiuso l&#8217;acqua ponendo cos\u00ec fine ai nostri sempre pi\u00f9 freddi fine settimana agordini. In cucina, le copie del Gazzettino che giacevano su di una sedia, erano le umide testimoni di quel tempo d&#8217;autunno ormai lontano; 20 ottobre, 27 ottobre, 3 novembre e poi un lungo inverno senza uomini e fuoco a rendere viva la casa che guarda il campanile della chiesa di Sant&#8217;Antonio Abate. Mamma apriva le finestre e la porta che dava sul grande terrazzo, permettendo cos\u00ec alla primavera di entrare a farci compagnia, pap\u00e0 invece scendeva in cantina ad armeggiare con i rubinetti dell&#8217;acqua. Pochi minuti pi\u00f9 tardi, quell&#8217;acqua fresca rumoreggiava allegra nel lavandino del bagno e della cucina, ed era una musica che regalava buonumore e che sanciva l&#8217;inizio di un tempo nuovo, ovvero quello che annunciava un&#8217;estate ora improvvisamente pi\u00f9 vicina. Mamma preparava i letti, io invece uscivo a riscoprire il paese e a ritrovare quei suoni lasciati al tempo dei larici colorati d&#8217;oro. Il Biois e il Cordevole cantavano a piena voce mentre qualche raffica di vento freddo ricordava che sulle cime era ancora un po\u2019 inverno. Poi quattro calci al pallone sul campo allora di ghiaia e la campana in lontananza che scandiva l&#8217;avvicinarsi dell&#8217;ora di cena. Le sere ormai lunghe che ricordavano l&#8217;estate apparentemente imminente, il fuoco acceso invece ricordava l&#8217;inverno che aveva lasciato da poco la valle. Dopocena, la passeggiata serale con il cane mentre la campana grande suonava l\u2019Ave Maria nella penombra della quasi notte che stava per calare sul paese. Non c&#8217;era fretta di rientrare, non era pi\u00f9 come a fine ottobre, quando a quell&#8217;ora la brina scintillava sul porfido del sagrato e il vento ghiacciava le ossa. C&#8217;era calma in quel passeggiare fra i due torrenti, c&#8217;era la voglia di riprendere in mano quel tempo interrotto al culmine dell\u2019autunno. Poi, la prima lunga notte di primavera trascorsa in compagnia del perenne scorrere del Biois e la mezza domenica, vissuta immaginando l&#8217;arrivo di met\u00e0 giugno e quel tempo spensierato dei lunghi giorni d&#8217;estate.<\/p>\n<p>&nbsp;<\/p>\n<hr \/>\n<p>&nbsp;<\/p>\n<h2><span style=\"color: #ff0000;\"><a class=\"dt-pswp-item\" href=\"https:\/\/www.radiopiu.net\/wordpress\/wp-content\/uploads\/2018\/09\/appuntamenti.jpeg\" data-dt-img-description=\"\" data-large_image_width=\"800\" data-large_image_height=\"100\"><img loading=\"lazy\" decoding=\"async\" class=\"wp-image-61958 size-full aligncenter\" src=\"https:\/\/www.radiopiu.net\/wordpress\/wp-content\/uploads\/2018\/09\/appuntamenti.jpeg\" alt=\"\" width=\"800\" height=\"100\" srcset=\"https:\/\/www.radiopiu.net\/wordpress\/wp-content\/uploads\/2018\/09\/appuntamenti.jpeg 800w, https:\/\/www.radiopiu.net\/wordpress\/wp-content\/uploads\/2018\/09\/appuntamenti-300x38.jpeg 300w, https:\/\/www.radiopiu.net\/wordpress\/wp-content\/uploads\/2018\/09\/appuntamenti-768x96.jpeg 768w\" sizes=\"auto, (max-width: 800px) 100vw, 800px\" \/><\/a><\/span><\/h2>\n<div>\n<div class=\"\" dir=\"auto\">\n<div id=\":r9h:\" class=\"x1iorvi4 x1pi30zi x1l90r2v x1swvt13\" data-ad-comet-preview=\"message\" data-ad-preview=\"message\">\n<div class=\"x78zum5 xdt5ytf xz62fqu x16ldp7u\">\n<div class=\"xu06os2 x1ok221b\">\n<p>&nbsp;<\/p>\n\n\t\t\t<style type='text\/css'>\n\t\t\t\t#gallery-5 {\n\t\t\t\t\tmargin: auto;\n\t\t\t\t}\n\t\t\t\t#gallery-5 .gallery-item {\n\t\t\t\t\tfloat: left;\n\t\t\t\t\tmargin-top: 10px;\n\t\t\t\t\ttext-align: center;\n\t\t\t\t\twidth: 50%;\n\t\t\t\t}\n\t\t\t\t#gallery-5 img {\n\t\t\t\t\tborder: 2px solid #cfcfcf;\n\t\t\t\t}\n\t\t\t\t#gallery-5 .gallery-caption {\n\t\t\t\t\tmargin-left: 0;\n\t\t\t\t}\n\t\t\t\t\/* see gallery_shortcode() in wp-includes\/media.php *\/\n\t\t\t<\/style>\n\t\t<div id='gallery-5' class='dt-gallery-container gallery galleryid-386771 gallery-columns-2 gallery-size-medium'><dl class='gallery-item'>\n\t\t\t\t<dt class='gallery-icon portrait'>\n\t\t\t\t\t<a class=\"rollover rollover-zoom dt-pswp-item\" title=\"2d3e911f-f1e3-4e55-aba3-20c37bc8ebf1\" data-dt-img-description=\"\" data-large_image_width=\"707\" data-large_image_height=\"1000\"href='https:\/\/www.radiopiu.net\/wordpress\/wp-content\/uploads\/2024\/04\/2d3e911f-f1e3-4e55-aba3-20c37bc8ebf1.jpg'><img loading=\"lazy\" decoding=\"async\" width=\"212\" height=\"300\" src=\"https:\/\/www.radiopiu.net\/wordpress\/wp-content\/uploads\/2024\/04\/2d3e911f-f1e3-4e55-aba3-20c37bc8ebf1-212x300.jpg\" class=\"attachment-medium size-medium\" alt=\"\" aria-describedby=\"gallery-5-385133\" srcset=\"https:\/\/www.radiopiu.net\/wordpress\/wp-content\/uploads\/2024\/04\/2d3e911f-f1e3-4e55-aba3-20c37bc8ebf1-212x300.jpg 212w, https:\/\/www.radiopiu.net\/wordpress\/wp-content\/uploads\/2024\/04\/2d3e911f-f1e3-4e55-aba3-20c37bc8ebf1.jpg 707w\" sizes=\"auto, (max-width: 212px) 100vw, 212px\" \/><\/a>\n\t\t\t\t<\/dt>\n\t\t\t\t\t<dd class='wp-caption-text gallery-caption' id='gallery-5-385133'>\n\t\t\t\t\tIN FESTA CON L&#8217;ALLEGHE HOCKEY, DOMANI SABATO\n\t\t\t\t\t<\/dd><\/dl><dl class='gallery-item'>\n\t\t\t\t<dt class='gallery-icon portrait'>\n\t\t\t\t\t<a class=\"rollover rollover-zoom dt-pswp-item\" title=\"f16954ef-71e0-49e2-a9d2-1b5d293d2e59\" data-dt-img-description=\"\" data-large_image_width=\"1131\" data-large_image_height=\"1600\"href='https:\/\/www.radiopiu.net\/wordpress\/wp-content\/uploads\/2024\/04\/f16954ef-71e0-49e2-a9d2-1b5d293d2e59.jpg'><img loading=\"lazy\" decoding=\"async\" width=\"212\" height=\"300\" src=\"https:\/\/www.radiopiu.net\/wordpress\/wp-content\/uploads\/2024\/04\/f16954ef-71e0-49e2-a9d2-1b5d293d2e59-212x300.jpg\" class=\"attachment-medium size-medium\" alt=\"\" aria-describedby=\"gallery-5-385174\" srcset=\"https:\/\/www.radiopiu.net\/wordpress\/wp-content\/uploads\/2024\/04\/f16954ef-71e0-49e2-a9d2-1b5d293d2e59-212x300.jpg 212w, https:\/\/www.radiopiu.net\/wordpress\/wp-content\/uploads\/2024\/04\/f16954ef-71e0-49e2-a9d2-1b5d293d2e59-724x1024.jpg 724w, https:\/\/www.radiopiu.net\/wordpress\/wp-content\/uploads\/2024\/04\/f16954ef-71e0-49e2-a9d2-1b5d293d2e59-768x1086.jpg 768w, https:\/\/www.radiopiu.net\/wordpress\/wp-content\/uploads\/2024\/04\/f16954ef-71e0-49e2-a9d2-1b5d293d2e59-1086x1536.jpg 1086w, https:\/\/www.radiopiu.net\/wordpress\/wp-content\/uploads\/2024\/04\/f16954ef-71e0-49e2-a9d2-1b5d293d2e59.jpg 1131w\" sizes=\"auto, (max-width: 212px) 100vw, 212px\" \/><\/a>\n\t\t\t\t<\/dt>\n\t\t\t\t\t<dd class='wp-caption-text gallery-caption' id='gallery-5-385174'>\n\t\t\t\t\tDAL 27 APRILE LA MOSTRA DEGLI ALUNNI DI LAURA BALLIS\n\t\t\t\t\t<\/dd><\/dl><br style=\"clear: both\" \/>\n\t\t\t<\/div>\n\n<\/div>\n<\/div>\n<\/div>\n<\/div>\n<\/div>\n<p>&nbsp;<\/p>\n<h2><span style=\"color: #ff0000;\">PROSSIMAMENTE&#8230;<\/span><\/h2>\n<p>&nbsp;<\/p>\n<p>&nbsp;<\/p>\n<hr \/>\n<p>&nbsp;<\/p>\n<p><a class=\"dt-pswp-item\" href=\"https:\/\/www.radiopiu.net\/wordpress\/wp-content\/uploads\/2018\/09\/viabilita.jpeg\" data-dt-img-description=\"\" data-large_image_width=\"800\" data-large_image_height=\"100\"><img loading=\"lazy\" decoding=\"async\" class=\"aligncenter wp-image-61954 size-full\" src=\"https:\/\/www.radiopiu.net\/wordpress\/wp-content\/uploads\/2018\/09\/viabilita.jpeg\" alt=\"\" width=\"800\" height=\"100\" srcset=\"https:\/\/www.radiopiu.net\/wordpress\/wp-content\/uploads\/2018\/09\/viabilita.jpeg 800w, https:\/\/www.radiopiu.net\/wordpress\/wp-content\/uploads\/2018\/09\/viabilita-300x38.jpeg 300w, https:\/\/www.radiopiu.net\/wordpress\/wp-content\/uploads\/2018\/09\/viabilita-768x96.jpeg 768w\" sizes=\"auto, (max-width: 800px) 100vw, 800px\" \/><\/a><\/p>\n<p>&nbsp;<\/p>\n<p><a class=\"dt-pswp-item\" href=\"https:\/\/www.radiopiu.net\/wordpress\/wp-content\/uploads\/2023\/12\/botol-car-service.jpg\" data-dt-img-description=\"\" data-large_image_width=\"600\" data-large_image_height=\"600\"><img loading=\"lazy\" decoding=\"async\" class=\"size-medium wp-image-367044 aligncenter\" src=\"https:\/\/www.radiopiu.net\/wordpress\/wp-content\/uploads\/2023\/12\/botol-car-service-300x300.jpg\" alt=\"\" width=\"300\" height=\"300\" srcset=\"https:\/\/www.radiopiu.net\/wordpress\/wp-content\/uploads\/2023\/12\/botol-car-service-300x300.jpg 300w, https:\/\/www.radiopiu.net\/wordpress\/wp-content\/uploads\/2023\/12\/botol-car-service-150x150.jpg 150w, https:\/\/www.radiopiu.net\/wordpress\/wp-content\/uploads\/2023\/12\/botol-car-service.jpg 600w\" sizes=\"auto, (max-width: 300px) 100vw, 300px\" \/><\/a><\/p>\n<p>&nbsp;<\/p>\n<p>&nbsp;<\/p>\n<h1>BOLLETTINO QUOTIDIANO, CLICCA QUI<\/h1>\n<blockquote class=\"wp-embedded-content\" data-secret=\"oIAvy47lDW\"><p><a href=\"https:\/\/www.radiopiu.net\/wordpress\/viabilita\/\">viabilita<\/a><\/p><\/blockquote>\n<p><iframe loading=\"lazy\" class=\"wp-embedded-content\" sandbox=\"allow-scripts\" security=\"restricted\" style=\"position: absolute; clip: rect(1px, 1px, 1px, 1px);\" title=\"&#8220;viabilita&#8221; &#8212; Radio Pi\u00f9\" src=\"https:\/\/www.radiopiu.net\/wordpress\/viabilita\/embed\/#?secret=90Dh8zR4GS#?secret=oIAvy47lDW\" data-secret=\"oIAvy47lDW\" width=\"600\" height=\"338\" frameborder=\"0\" marginwidth=\"0\" marginheight=\"0\" scrolling=\"no\"><\/iframe><\/p>\n<p>&nbsp;<\/p>\n<p>&nbsp;<\/p>\n<p>&nbsp;<\/p>\n<hr \/>\n<p>&nbsp;<\/p>\n<p><a class=\"dt-pswp-item\" href=\"https:\/\/www.radiopiu.net\/wordpress\/wp-content\/uploads\/2018\/09\/WhatsApp-Image-2018-09-20-at-16.04.06.jpeg\" data-dt-img-description=\"\" data-large_image_width=\"800\" data-large_image_height=\"100\"><img loading=\"lazy\" decoding=\"async\" class=\"wp-image-61378 size-full aligncenter\" src=\"https:\/\/www.radiopiu.net\/wordpress\/wp-content\/uploads\/2018\/09\/WhatsApp-Image-2018-09-20-at-16.04.06.jpeg\" alt=\"\" width=\"800\" height=\"100\" srcset=\"https:\/\/www.radiopiu.net\/wordpress\/wp-content\/uploads\/2018\/09\/WhatsApp-Image-2018-09-20-at-16.04.06.jpeg 800w, https:\/\/www.radiopiu.net\/wordpress\/wp-content\/uploads\/2018\/09\/WhatsApp-Image-2018-09-20-at-16.04.06-300x38.jpeg 300w, https:\/\/www.radiopiu.net\/wordpress\/wp-content\/uploads\/2018\/09\/WhatsApp-Image-2018-09-20-at-16.04.06-768x96.jpeg 768w\" sizes=\"auto, (max-width: 800px) 100vw, 800px\" \/><\/a><\/p>\n<p><center><\/center><center><\/center><center><\/center><center><\/center><center><\/center><center><\/center>&nbsp;<\/p>\n<p><center><\/center><center><\/center><center><b>OGGI<\/b><\/center>Moderato maltempo nottempo\/mattino, con cielo coperto e precipitazioni a tratti diffuse. In attenuazione al pomeriggio, prima della loro loro esaurimento, gi\u00e0 qua e l\u00e0 al pomeriggio, ma soprattutto in serata. Il cielo rimarr\u00e0 comunque molto nuvoloso.<br \/>\n<b>Precipitazioni: <\/b>Nella notte e in parte al mattino diffuse, a tratti anche moderate (90\/100%); Nel corso del pomeriggio attenuazione e intermittenza dei fenomeni con rovesci sparsi (60\/70%), prima del loro esaurimento tra il tardo pomeriggio e la sera. Il limite neve sar\u00e0 sui 600-800 m nella notte e all&#8217;alba, anche in alcuni fondovalle prealpini qualora l&#8217;intensit\u00e0 lo consentisse, prima di risalire oltre i 1000-1200 m al pomeriggio.<br \/>\n<b>Temperature: <\/b>Minime in lieve rialzo in alta quota e stazionarie o in leggero calo nei fondovalle. Massime in generale leggera ripresa.<\/p>\n<hr \/>\n<p><center><b>DOMANI<\/b><\/center>Tempo variabile con schiarite e annuvolamenti irregolari al mattino. Dalle ore centrali in poi sviluppo di addensamenti cumuliformi con probabile lieve instabilit\u00e0 pomeridiana, pi\u00f9 marcata tra Prealpi e pedemontana, prima di esaurirsi alla sera.<br \/>\n<b>Precipitazioni: <\/b>Al mattino pressoch\u00e9 assenti (10%). Al pomeriggio probabilit\u00e0 medio-alta sulle Prealpi (50-70%) e medio-bassa sulle Dolomiti (40-50%) per rovesci sparsi. Il limite neve sar\u00e0 sui 1200-1400 m.<br \/>\n<b>Temperature: <\/b>Minime stazionarie in quota e in leggero calo nelle valli; massime in lieve aumento.<\/p>\n<hr \/>\n<p><center><b>GIOVEDI<\/b><\/center>Tempo perlopi\u00f9 soleggiato al mattino e parzialmente soleggiato o a tratti nuvoloso al pomeriggio per modesta\/moderata attivit\u00e0 cumuliforme, senza escludere qualche isolato piovasco, a carattere nevoso sopra i 1200\/1400 m, specie sulle Prealpi. Calo delle temperature minime per irraggiamento notturno con diffuse gelate, compresi i fondovalle prealpini, e massime in lieve aumento.<\/p>\n<hr \/>\n<p><center><b>VENERDI<\/b><\/center>Miglioramento un po&#8217; pi\u00f9 netto con tempo ben soleggiato e cielo sereno al mattino, mentre ci sar\u00e0 una lieve riduzione del soleggiamento per modesta attivit\u00e0 cumuliforme al pomeriggio, moderata sulle Prealpi con insidia piovaschi. Temperature in generale rialzo, ancora fresco tra la notte e l&#8217;alba, prima di avvertire una lieve ripresa diurna nelle valli.<\/p>\n<p>&nbsp;<\/p>\n<hr \/>\n<p>&nbsp;<\/p>\n<a href=\"https:\/\/www.radiopiu.net\/wordpress\/wp-content\/uploads\/2024\/04\/INVITO-INFINITY-BARDIN-1.pdf\" class=\"pdfemb-viewer\" style=\"\" data-width=\"max\" data-height=\"max\" data-toolbar=\"top\" data-toolbar-fixed=\"on\">INVITO INFINITY BARDIN-1<\/a>\n<p>&nbsp;<\/p>\n<hr \/>\n<p>&nbsp;<\/p>\n<p><img loading=\"lazy\" decoding=\"async\" class=\"wp-image-60761 size-full aligncenter\" src=\"https:\/\/www.radiopiu.net\/wordpress\/wp-content\/uploads\/2018\/09\/sport.jpg\" alt=\"\" width=\"800\" height=\"100\" srcset=\"https:\/\/www.radiopiu.net\/wordpress\/wp-content\/uploads\/2018\/09\/sport.jpg 800w, https:\/\/www.radiopiu.net\/wordpress\/wp-content\/uploads\/2018\/09\/sport-300x38.jpg 300w, https:\/\/www.radiopiu.net\/wordpress\/wp-content\/uploads\/2018\/09\/sport-768x96.jpg 768w\" sizes=\"auto, (max-width: 800px) 100vw, 800px\" \/><\/p>\n<p>&nbsp;<\/p>\n<p><span style=\"color: #0000ff;\"><strong>ATLETICA<\/strong><\/span><\/p>\n<blockquote>\n<h3><a class=\"dt-pswp-item\" href=\"https:\/\/www.radiopiu.net\/wordpress\/wp-content\/uploads\/2018\/09\/Elisa-Bortoli-Studentessa-Atleta.jpg\" data-dt-img-description=\"\" data-large_image_width=\"462\" data-large_image_height=\"306\"><img loading=\"lazy\" decoding=\"async\" class=\" wp-image-59669 alignleft\" src=\"https:\/\/www.radiopiu.net\/wordpress\/wp-content\/uploads\/2018\/09\/Elisa-Bortoli-Studentessa-Atleta-300x199.jpg\" alt=\"\" width=\"199\" height=\"132\" srcset=\"https:\/\/www.radiopiu.net\/wordpress\/wp-content\/uploads\/2018\/09\/Elisa-Bortoli-Studentessa-Atleta-300x199.jpg 300w, https:\/\/www.radiopiu.net\/wordpress\/wp-content\/uploads\/2018\/09\/Elisa-Bortoli-Studentessa-Atleta.jpg 462w\" sizes=\"auto, (max-width: 199px) 100vw, 199px\" \/><\/a>ELISA BORTOLI REGINA DELLA ROMA APPIA RUN<\/h3>\n<\/blockquote>\n<p><strong>ROMA<\/strong> La XXV edizione della Roma Appia Run si \u00e8 svolta in una giornata soleggiata ma fresca. Migliaia di atleti hanno gareggiato allo stadio Nando Martellini alle terme di Caracalla, celebrando la corsa e il compleanno di Roma. Elisa Bortoli ha dominato la gara femminile con un tempo di 47:33, elogiando il percorso e l&#8217;atmosfera unica della citt\u00e0. Nataliya Tsyupka si \u00e8 piazzata al secondo posto con 52:37, seguita da Veronica Del Grosso al terzo con 53:03. La corsa ha confermato il suo status di evento iconico nel panorama del running romano.<\/p>\n<p>&nbsp;<\/p>\n<blockquote>\n<h2>Demetrio Rela premiato con il Memorial Giovanni Viel<\/h2>\n<\/blockquote>\n<p><strong><a class=\"dt-pswp-item\" href=\"https:\/\/www.radiopiu.net\/wordpress\/wp-content\/uploads\/2024\/04\/demetrio-rela-scaled.jpg\" data-dt-img-description=\"\" data-large_image_width=\"2560\" data-large_image_height=\"1706\"><img loading=\"lazy\" decoding=\"async\" class=\" wp-image-386892 alignleft\" src=\"https:\/\/www.radiopiu.net\/wordpress\/wp-content\/uploads\/2024\/04\/demetrio-rela-300x200.jpg\" alt=\"\" width=\"251\" height=\"167\" srcset=\"https:\/\/www.radiopiu.net\/wordpress\/wp-content\/uploads\/2024\/04\/demetrio-rela-300x200.jpg 300w, https:\/\/www.radiopiu.net\/wordpress\/wp-content\/uploads\/2024\/04\/demetrio-rela-1024x683.jpg 1024w, https:\/\/www.radiopiu.net\/wordpress\/wp-content\/uploads\/2024\/04\/demetrio-rela-768x512.jpg 768w, https:\/\/www.radiopiu.net\/wordpress\/wp-content\/uploads\/2024\/04\/demetrio-rela-1536x1024.jpg 1536w, https:\/\/www.radiopiu.net\/wordpress\/wp-content\/uploads\/2024\/04\/demetrio-rela-2048x1365.jpg 2048w\" sizes=\"auto, (max-width: 251px) 100vw, 251px\" \/><\/a>BELLUNO <\/strong>La seconda edizione del Memorial Giovanni Viel, promosso dal comitato veneto Fisi per onorare il giornalista sportivo e sostenitore dello sci di fondo, si \u00e8 svolta il 20 aprile presso a Seren del Grappa. Demetrio Rela, tecnico di lunga esperienza nel mondo dello sci di fondo, \u00e8 stato premiato per il suo contributo nel formare generazioni di fondisti. La giornata ha anche visto la premiazione dei campionati regionali di fondo 2023-2024.<\/p>\n<div class=\"flex-1 overflow-hidden\">\n<div class=\"react-scroll-to-bottom--css-qpuny-79elbk h-full\">\n<div class=\"react-scroll-to-bottom--css-qpuny-1n7m0yu\">\n<div class=\"flex flex-col text-sm pb-9\">\n<div class=\"w-full text-token-text-primary\" dir=\"auto\" data-testid=\"conversation-turn-13\">\n<div class=\"px-4 py-2 justify-center text-base md:gap-6 m-auto\">\n<div class=\"flex flex-1 text-base mx-auto gap-3 juice:gap-4 juice:md:gap-6 md:px-5 lg:px-1 xl:px-5 md:max-w-3xl lg:max-w-[40rem] xl:max-w-[48rem]\">\n<div class=\"relative flex w-full flex-col agent-turn\">\n<div class=\"flex-col gap-1 md:gap-3\">\n<div class=\"pr-2 lg:pr-0\">\n<p><strong><a class=\"dt-pswp-item\" href=\"https:\/\/www.radiopiu.net\/wordpress\/wp-content\/uploads\/2024\/04\/camp-reg-giovani-senior-sportful-PODIO-ASPIRANTI-F-scaled.jpg\" data-dt-img-description=\"\" data-large_image_width=\"2560\" data-large_image_height=\"1707\"><img loading=\"lazy\" decoding=\"async\" class=\"size-medium wp-image-386891 alignright\" src=\"https:\/\/www.radiopiu.net\/wordpress\/wp-content\/uploads\/2024\/04\/camp-reg-giovani-senior-sportful-PODIO-ASPIRANTI-F-300x200.jpg\" alt=\"\" width=\"300\" height=\"200\" srcset=\"https:\/\/www.radiopiu.net\/wordpress\/wp-content\/uploads\/2024\/04\/camp-reg-giovani-senior-sportful-PODIO-ASPIRANTI-F-300x200.jpg 300w, https:\/\/www.radiopiu.net\/wordpress\/wp-content\/uploads\/2024\/04\/camp-reg-giovani-senior-sportful-PODIO-ASPIRANTI-F-1024x683.jpg 1024w, https:\/\/www.radiopiu.net\/wordpress\/wp-content\/uploads\/2024\/04\/camp-reg-giovani-senior-sportful-PODIO-ASPIRANTI-F-768x512.jpg 768w, https:\/\/www.radiopiu.net\/wordpress\/wp-content\/uploads\/2024\/04\/camp-reg-giovani-senior-sportful-PODIO-ASPIRANTI-F-1536x1024.jpg 1536w, https:\/\/www.radiopiu.net\/wordpress\/wp-content\/uploads\/2024\/04\/camp-reg-giovani-senior-sportful-PODIO-ASPIRANTI-F-2048x1365.jpg 2048w\" sizes=\"auto, (max-width: 300px) 100vw, 300px\" \/><\/a>Questi i vincitori dei campionati regionali. <\/strong>Ragazzi: Maddalena Pavan (Sci club Valdobbiadene) e Thomas Gaole (Sci club Bosco Lessinia). Allievi: Michela Biondini (Sci club Gallio) e Filippo Segala (Sci club Bosco Lessinia). Podio Societ\u00e0 Ragazzi\/Allievi\u00a0 1. Sci club Bosco Lessinia punti 8.395; 2. Sci club Cortina 5.043; 3. Sci club Val Biois 3.836,5. Aspiranti: Giovanna David (Enal sport Villaga) e Francesco Chiaradia (Sci club Orsago). Juniores: Elena Finotti (Sci club Bosco Lessinia) e Gabriele De Zolt Ponte (Sci club Gallio). Seniores: Vania Zanatta (Sci fondo Treviso) e Riccardo Munari (Sci club Valdobbiadene) Podio Societ\u00e0 Giovani \/ Senior: 1. Sci club Bosco Lessinia punti 2.528; 2. Ski College Veneto Falcade 2.107; 3. Sci club Val Biois 2.026.<\/p>\n<\/div>\n<\/div>\n<div class=\"absolute\">\n<div class=\"flex w-full gap-2 items-center justify-center\"><\/div>\n<\/div>\n<\/div>\n<\/div>\n<\/div>\n<\/div>\n<\/div>\n<\/div>\n<\/div>\n<\/div>\n<div class=\"w-full pt-2 md:pt-0 dark:border-white\/20 md:border-transparent md:dark:border-transparent md:w-[calc(100%-.5rem)]\">\n<form class=\"stretch mx-2 flex flex-row gap-3 last:mb-2 md:mx-4 md:last:mb-6 lg:mx-auto lg:max-w-2xl xl:max-w-3xl\">\n<div class=\"relative flex h-full flex-1 flex-col\">\n<p class=\"absolute bottom-full left-0 right-0\"><span style=\"color: #0000ff;\"><strong>SPORT PARALIMPICO<\/strong><\/span><\/p>\n<blockquote>\n<h3>MORENO PESCE E LA RIPARTENZA PER LA GRANDE AVVENTURA: ISLANDA EXPERIENCE 11-18 MAGGO 2024<\/h3>\n<\/blockquote>\n<p><a class=\"dt-pswp-item\" href=\"https:\/\/www.radiopiu.net\/wordpress\/wp-content\/uploads\/2024\/04\/Screenshot-2024-04-18-111615.png\" data-dt-img-description=\"\" data-large_image_width=\"1400\" data-large_image_height=\"934\"><img loading=\"lazy\" decoding=\"async\" class=\" wp-image-386949 alignleft\" src=\"https:\/\/www.radiopiu.net\/wordpress\/wp-content\/uploads\/2024\/04\/Screenshot-2024-04-18-111615-300x200.png\" alt=\"\" width=\"153\" height=\"102\" srcset=\"https:\/\/www.radiopiu.net\/wordpress\/wp-content\/uploads\/2024\/04\/Screenshot-2024-04-18-111615-300x200.png 300w, https:\/\/www.radiopiu.net\/wordpress\/wp-content\/uploads\/2024\/04\/Screenshot-2024-04-18-111615-1024x683.png 1024w, https:\/\/www.radiopiu.net\/wordpress\/wp-content\/uploads\/2024\/04\/Screenshot-2024-04-18-111615-768x512.png 768w, https:\/\/www.radiopiu.net\/wordpress\/wp-content\/uploads\/2024\/04\/Screenshot-2024-04-18-111615.png 1400w\" sizes=\"auto, (max-width: 153px) 100vw, 153px\" \/><\/a>Per l\u2019atleta paralimpico Moreno Pesce questi ultimi mesi sono stati tra i pi\u00f9 difficili della sua vita dopo l\u2019incidente, che gli ha causato l\u2019amputazione della gamba. Uno stop forzato, iniziato il 2 febbraio scorso, imposto da un giorno all\u2019altro dall\u2019equipe medica che lo segue, dovuto a serie difficolt\u00e0 respiratorie che gli hanno impedito qualsiasi attivit\u00e0. Nonostante ci\u00f2, ha continuato a progettare nuove sfide, tra cui l'&#8221;Islanda Experience&#8221; nel maggio 2024. L&#8217;obiettivo: scalare il vulcano Hvannadalshnj\u00fakur attraversando la riserva naturale di Skaftafell nel Parco Nazionale di Vatnaj\u00f6kull. Con l&#8217;assistenza della guida alpina Lio De Nes e del videomaker Jacopo Bernard, si prepara a raggiungere i 2.119 metri di quota. Il Vatnaj\u00f6kull \u00e8 il pi\u00f9 grande ghiacciaio d&#8217;Europa, con spettacolari cascate di ghiaccio. Un&#8217;enorme impresa per Pesce, determinato nonostante la lunga pausa.<\/p>\n<div class=\"flex w-full items-center\"><\/div>\n<\/div>\n<\/form>\n<\/div>\n<p><span style=\"color: #0000ff;\"><strong>CALCIO A 5<\/strong><\/span><\/p>\n<blockquote>\n<h3>GIESSE PER LO SPORT\u2026CON LA CANOTTIERI BELLUNO CALCIO A 5<\/h3>\n<\/blockquote>\n<div class=\"x11i5rnm xat24cr x1mh8g0r x1vvkbs xtlvy1s x126k92a\">\n<h4 class=\"photoswipe-wrapper\" dir=\"auto\"><a class=\"dt-pswp-item pspw-wrap-ready\" href=\"https:\/\/www.radiopiu.net\/wordpress\/wp-content\/uploads\/2023\/10\/Senza-nome-57.png\" data-dt-img-description=\"\" data-large_image_width=\"317\" data-large_image_height=\"322\"><img loading=\"lazy\" decoding=\"async\" class=\"size-medium wp-image-358116 aligncenter\" src=\"https:\/\/www.radiopiu.net\/wordpress\/wp-content\/uploads\/2023\/10\/Senza-nome-57-295x300.png\" sizes=\"auto, (max-width: 295px) 100vw, 295px\" srcset=\"https:\/\/www.radiopiu.net\/wordpress\/wp-content\/uploads\/2023\/10\/Senza-nome-57-295x300.png 295w, https:\/\/www.radiopiu.net\/wordpress\/wp-content\/uploads\/2023\/10\/Senza-nome-57.png 317w\" alt=\"\" width=\"295\" height=\"300\" \/><\/a><\/h4>\n<h4 dir=\"auto\"><\/h4>\n<h4 dir=\"auto\">GIESSE PER LO SPORT\u201d \u2026 con la Canottieri Belluno, calcio a 5. Tutto sul campionato di serie A2, girone A. Il programma alla RADIO che da ascolto ai talenti del calcio a 5 bellunese. IN COLLABORAZIONE CON GIESSE RISARCIMENTO DANNI A BELLUNO<\/h4>\n<\/div>\n<div class=\"x11i5rnm xat24cr x1mh8g0r x1vvkbs xtlvy1s x126k92a\">\n<h4 dir=\"auto\"><a class=\"x1i10hfl xjbqb8w x6umtig x1b1mbwd xaqea5y xav7gou x9f619 x1ypdohk xt0psk2 xe8uvvx xdj266r x11i5rnm xat24cr x1mh8g0r xexx8yu x4uap5 x18d9i69 xkhd6sd x16tdsg8 x1hl2dhg xggy1nq x1a2a7pz xt0b8zv x1qq9wsj xo1l8bm\" tabindex=\"0\" role=\"link\" href=\"https:\/\/www.facebook.com\/groups\/radiopiu\/?__cft__[0]=AZVtB3sskZBwGsu89zeRk9eNMGUFohz53TdYmXZyePAKPt8cBeKCqA03znGJk9wPaqHDXQ5yMBG_hrsUX03xH8fdmlMazTirW3KRFEY3Kr2cyBd_5Es2MvKnqyd6ZcahL6_M_zOo19o5N5tV8NHsHcfP&amp;__tn__=-UK-R\"><span class=\"xt0psk2\">RADIO PIU\u2019 EMITTENTE AGORDINA (Taibon_32027)<\/span><\/a>: IL LUNEDI ALLE 16.30, IL MARTEDI ALLE 13.05 RADIO CLUB 103 IL LUNEDI ALLE 16.20 E MARTEDI ALLE 13.40 <a class=\"x1i10hfl xjbqb8w x6umtig x1b1mbwd xaqea5y xav7gou x9f619 x1ypdohk xt0psk2 xe8uvvx xdj266r x11i5rnm xat24cr x1mh8g0r xexx8yu x4uap5 x18d9i69 xkhd6sd x16tdsg8 x1hl2dhg xggy1nq x1a2a7pz xt0b8zv x1qq9wsj xo1l8bm\" tabindex=\"0\" role=\"link\" href=\"https:\/\/www.facebook.com\/groups\/61488111720\/user\/100063652837062\/?__cft__[0]=AZVtB3sskZBwGsu89zeRk9eNMGUFohz53TdYmXZyePAKPt8cBeKCqA03znGJk9wPaqHDXQ5yMBG_hrsUX03xH8fdmlMazTirW3KRFEY3Kr2cyBd_5Es2MvKnqyd6ZcahL6_M_zOo19o5N5tV8NHsHcfP&amp;__tn__=-]K-R\"><span class=\"xt0psk2\">Radio Primiero<\/span><\/a>\u00a0IL LUNEDI ALLE 10.30 E MARTEDI ALLE 12.30<\/h4>\n<p>&nbsp;<\/p>\n<p><a class=\"dt-pswp-item\" href=\"https:\/\/www.radiopiu.net\/wordpress\/wp-content\/uploads\/2023\/03\/SCR-20240421-jrte.jpeg\" data-dt-img-description=\"Screenshot\" data-large_image_width=\"832\" data-large_image_height=\"564\"><img loading=\"lazy\" decoding=\"async\" class=\"alignleft wp-image-386650 \" src=\"https:\/\/www.radiopiu.net\/wordpress\/wp-content\/uploads\/2023\/03\/SCR-20240421-jrte-300x203.jpeg\" alt=\"\" width=\"168\" height=\"114\" srcset=\"https:\/\/www.radiopiu.net\/wordpress\/wp-content\/uploads\/2023\/03\/SCR-20240421-jrte-300x203.jpeg 300w, https:\/\/www.radiopiu.net\/wordpress\/wp-content\/uploads\/2023\/03\/SCR-20240421-jrte-768x521.jpeg 768w, https:\/\/www.radiopiu.net\/wordpress\/wp-content\/uploads\/2023\/03\/SCR-20240421-jrte.jpeg 832w\" sizes=\"auto, (max-width: 168px) 100vw, 168px\" \/><\/a><strong>PUNTATA 26 (ULTIMA) &#8211; 22 APRILE 2024<\/strong><\/p>\n<p><span style=\"color: #0000ff;\"><strong>L&#8217;INTERVISTA DI FINE STAGIONE AL COACH ALESSIO BORTOLINI<\/strong><\/span><\/p>\n<audio class=\"wp-audio-shortcode\" id=\"audio-386771-14\" preload=\"none\" style=\"width: 100%;\" controls=\"controls\"><source type=\"audio\/mpeg\" src=\"https:\/\/www.radiopiu.net\/wordpress\/wp-content\/uploads\/2023\/03\/GIESSECALCIO-2.mp3?_=14\" \/><a href=\"https:\/\/www.radiopiu.net\/wordpress\/wp-content\/uploads\/2023\/03\/GIESSECALCIO-2.mp3\">https:\/\/www.radiopiu.net\/wordpress\/wp-content\/uploads\/2023\/03\/GIESSECALCIO-2.mp3<\/a><\/audio>\n<p>&nbsp;<\/p>\n<h2>LA RACCOLTA COMPLETA <a href=\"https:\/\/www.radiopiu.net\/wordpress\/giesse-per-lo-sport-con-la-canottieri-belluno-calcio-a-5\/\"><span style=\"color: #0000ff;\">CLICCA QUI<\/span><\/a><\/h2>\n<p>&nbsp;<\/p>\n<p><span style=\"color: #0000ff;\"><strong>MOTORI<\/strong><\/span><\/p>\n<blockquote>\n<h3>X MOTOR TEAM AL RED BULL RING. CI SARA&#8217; ANCHE DENIS MEZZACASA<\/h3>\n<\/blockquote>\n<p><strong><a class=\"dt-pswp-item\" href=\"https:\/\/www.radiopiu.net\/wordpress\/wp-content\/uploads\/2024\/04\/57121896-0f75-4970-b2fc-c7fa7a273653.jpg\" data-dt-img-description=\"\" data-large_image_width=\"1024\" data-large_image_height=\"683\"><img loading=\"lazy\" decoding=\"async\" class=\" wp-image-386958 alignleft\" src=\"https:\/\/www.radiopiu.net\/wordpress\/wp-content\/uploads\/2024\/04\/57121896-0f75-4970-b2fc-c7fa7a273653-300x200.jpg\" alt=\"\" width=\"191\" height=\"127\" srcset=\"https:\/\/www.radiopiu.net\/wordpress\/wp-content\/uploads\/2024\/04\/57121896-0f75-4970-b2fc-c7fa7a273653-300x200.jpg 300w, https:\/\/www.radiopiu.net\/wordpress\/wp-content\/uploads\/2024\/04\/57121896-0f75-4970-b2fc-c7fa7a273653-768x512.jpg 768w, https:\/\/www.radiopiu.net\/wordpress\/wp-content\/uploads\/2024\/04\/57121896-0f75-4970-b2fc-c7fa7a273653.jpg 1024w\" sizes=\"auto, (max-width: 191px) 100vw, 191px\" \/><\/a>MASER (TV)<\/strong><\/p>\n<p>DI ROBERTO BONA<\/p>\n<audio class=\"wp-audio-shortcode\" id=\"audio-386771-15\" preload=\"none\" style=\"width: 100%;\" controls=\"controls\"><source type=\"audio\/mpeg\" src=\"https:\/\/www.radiopiu.net\/wordpress\/wp-content\/uploads\/2024\/04\/BONA-DENIS-MEZZACASA.mp3?_=15\" \/><a href=\"https:\/\/www.radiopiu.net\/wordpress\/wp-content\/uploads\/2024\/04\/BONA-DENIS-MEZZACASA.mp3\">https:\/\/www.radiopiu.net\/wordpress\/wp-content\/uploads\/2024\/04\/BONA-DENIS-MEZZACASA.mp3<\/a><\/audio>\n<p>&nbsp;<\/p>\n<\/div>\n<p>&nbsp;<\/p>\n<hr \/>\n<p>&nbsp;<\/p>\n<h2><span style=\"color: #33cccc;\">GOODBYE BY BICICLE&#8230;UN VIAGGIO DALL&#8217;INDIA A SEREN DEL GRAPPA IN BICICLETTA<\/span><\/h2>\n<p><span style=\"color: #ff0000;\"><strong>PUNTATA 10 &#8211; CONTINUA IL VIAGGIO IN INDIA<\/strong><\/span><\/p>\n<audio class=\"wp-audio-shortcode\" id=\"audio-386771-16\" preload=\"none\" style=\"width: 100%;\" controls=\"controls\"><source type=\"audio\/mpeg\" src=\"https:\/\/www.radiopiu.net\/wordpress\/wp-content\/uploads\/2024\/04\/AIRE-INDIA-PUNTATA-10.mp3?_=16\" \/><a href=\"https:\/\/www.radiopiu.net\/wordpress\/wp-content\/uploads\/2024\/04\/AIRE-INDIA-PUNTATA-10.mp3\">https:\/\/www.radiopiu.net\/wordpress\/wp-content\/uploads\/2024\/04\/AIRE-INDIA-PUNTATA-10.mp3<\/a><\/audio>\n<p>&nbsp;<\/p>\n<p><strong>PER VISITARE I SITI DEI LUOGHI VISITATI, CLICCA SULLE SEGUENTI SCRITTE: <span style=\"color: #0000ff;\"><a href=\"https:\/\/www.instagram.com\/studionookindia?igsh=cHZ0eWhndTA1aXo3\">STUDIO NOOK INDIA<\/a>\u00a0 <a href=\"https:\/\/www.instagram.com\/jajam_udaipur?igsh=MWxxdDlybTNtaHk0cQ==\">JAJAM UDAIPUR<\/a>\u00a0 <a href=\"https:\/\/youngindians.net\/\">YOUNG INDIANS<\/a><\/span><\/strong><\/p>\n\n\t\t\t<style type='text\/css'>\n\t\t\t\t#gallery-6 {\n\t\t\t\t\tmargin: auto;\n\t\t\t\t}\n\t\t\t\t#gallery-6 .gallery-item {\n\t\t\t\t\tfloat: left;\n\t\t\t\t\tmargin-top: 10px;\n\t\t\t\t\ttext-align: center;\n\t\t\t\t\twidth: 25%;\n\t\t\t\t}\n\t\t\t\t#gallery-6 img {\n\t\t\t\t\tborder: 2px solid #cfcfcf;\n\t\t\t\t}\n\t\t\t\t#gallery-6 .gallery-caption {\n\t\t\t\t\tmargin-left: 0;\n\t\t\t\t}\n\t\t\t\t\/* see gallery_shortcode() in wp-includes\/media.php *\/\n\t\t\t<\/style>\n\t\t<div id='gallery-6' class='dt-gallery-container gallery galleryid-386771 gallery-columns-4 gallery-size-thumbnail'><dl class='gallery-item'>\n\t\t\t\t<dt class='gallery-icon landscape'>\n\t\t\t\t\t<a class=\"rollover rollover-zoom dt-pswp-item\" title=\"595d1ecc-6ea4-48de-a683-0f27d8675f1a\" data-dt-img-description=\"\" data-large_image_width=\"1600\" data-large_image_height=\"1200\"href='https:\/\/www.radiopiu.net\/wordpress\/wp-content\/uploads\/2024\/04\/595d1ecc-6ea4-48de-a683-0f27d8675f1a.jpg'><img loading=\"lazy\" decoding=\"async\" width=\"150\" height=\"150\" src=\"https:\/\/www.radiopiu.net\/wordpress\/wp-content\/uploads\/2024\/04\/595d1ecc-6ea4-48de-a683-0f27d8675f1a-150x150.jpg\" class=\"attachment-thumbnail size-thumbnail\" alt=\"\" \/><\/a>\n\t\t\t\t<\/dt><\/dl><dl class='gallery-item'>\n\t\t\t\t<dt class='gallery-icon landscape'>\n\t\t\t\t\t<a class=\"rollover rollover-zoom dt-pswp-item\" title=\"a9c9dd40-3b91-45f2-a8b8-02887058b9f4\" data-dt-img-description=\"\" data-large_image_width=\"1280\" data-large_image_height=\"964\"href='https:\/\/www.radiopiu.net\/wordpress\/wp-content\/uploads\/2024\/04\/a9c9dd40-3b91-45f2-a8b8-02887058b9f4.jpg'><img loading=\"lazy\" decoding=\"async\" width=\"150\" height=\"150\" src=\"https:\/\/www.radiopiu.net\/wordpress\/wp-content\/uploads\/2024\/04\/a9c9dd40-3b91-45f2-a8b8-02887058b9f4-150x150.jpg\" class=\"attachment-thumbnail size-thumbnail\" alt=\"\" \/><\/a>\n\t\t\t\t<\/dt><\/dl><dl class='gallery-item'>\n\t\t\t\t<dt class='gallery-icon landscape'>\n\t\t\t\t\t<a class=\"rollover rollover-zoom dt-pswp-item\" title=\"5cdf1ead-940e-44d4-8444-78d43953c50b\" data-dt-img-description=\"\" data-large_image_width=\"1600\" data-large_image_height=\"1200\"href='https:\/\/www.radiopiu.net\/wordpress\/wp-content\/uploads\/2024\/04\/5cdf1ead-940e-44d4-8444-78d43953c50b.jpg'><img loading=\"lazy\" decoding=\"async\" width=\"150\" height=\"150\" src=\"https:\/\/www.radiopiu.net\/wordpress\/wp-content\/uploads\/2024\/04\/5cdf1ead-940e-44d4-8444-78d43953c50b-150x150.jpg\" class=\"attachment-thumbnail size-thumbnail\" alt=\"\" \/><\/a>\n\t\t\t\t<\/dt><\/dl><dl class='gallery-item'>\n\t\t\t\t<dt class='gallery-icon landscape'>\n\t\t\t\t\t<a class=\"rollover rollover-zoom dt-pswp-item\" title=\"02ef9f6a-3499-4bb3-af44-2104895f3563\" data-dt-img-description=\"\" data-large_image_width=\"1599\" data-large_image_height=\"1599\"href='https:\/\/www.radiopiu.net\/wordpress\/wp-content\/uploads\/2024\/04\/02ef9f6a-3499-4bb3-af44-2104895f3563.jpg'><img loading=\"lazy\" decoding=\"async\" width=\"150\" height=\"150\" src=\"https:\/\/www.radiopiu.net\/wordpress\/wp-content\/uploads\/2024\/04\/02ef9f6a-3499-4bb3-af44-2104895f3563-150x150.jpg\" class=\"attachment-thumbnail size-thumbnail\" alt=\"\" srcset=\"https:\/\/www.radiopiu.net\/wordpress\/wp-content\/uploads\/2024\/04\/02ef9f6a-3499-4bb3-af44-2104895f3563-150x150.jpg 150w, https:\/\/www.radiopiu.net\/wordpress\/wp-content\/uploads\/2024\/04\/02ef9f6a-3499-4bb3-af44-2104895f3563-300x300.jpg 300w, https:\/\/www.radiopiu.net\/wordpress\/wp-content\/uploads\/2024\/04\/02ef9f6a-3499-4bb3-af44-2104895f3563-1024x1024.jpg 1024w, https:\/\/www.radiopiu.net\/wordpress\/wp-content\/uploads\/2024\/04\/02ef9f6a-3499-4bb3-af44-2104895f3563-768x768.jpg 768w, https:\/\/www.radiopiu.net\/wordpress\/wp-content\/uploads\/2024\/04\/02ef9f6a-3499-4bb3-af44-2104895f3563-1536x1536.jpg 1536w, https:\/\/www.radiopiu.net\/wordpress\/wp-content\/uploads\/2024\/04\/02ef9f6a-3499-4bb3-af44-2104895f3563.jpg 1599w\" sizes=\"auto, (max-width: 150px) 100vw, 150px\" \/><\/a>\n\t\t\t\t<\/dt><\/dl><br style=\"clear: both\" \/>\n\t\t\t<\/div>\n\n<p>&nbsp;<\/p>\n<h2>LA RACCOLTA COMPLETA <a href=\"https:\/\/www.radiopiu.net\/wordpress\/goodbye-by-bicicle-un-viaggio-dallindia-a-seren-del-grappa-in-bicicletta-10\/\"><span style=\"color: #0000ff;\">CLICCA QUI<\/span><\/a><\/h2>\n<p>&nbsp;<\/p>\n<p>&nbsp;<\/p>\n","protected":false},"excerpt":{"rendered":"<p>******* &nbsp; PER RICEVERE QUESTO NOTIZIARIO DIRETTAMENTE SUL TUO CELLULARE ISCRIVITI AL CANALE TELEGRAM \u201cRADIO PIU\u00a0 INFORMAZIONE&#8221;\u00a0 \u00a0il CANALE TELEGRAM&#8230; UNISCITI A: RADIO PIU INFORMAZIONE &nbsp; &nbsp; ATTENZIONE: LA NUOVA APP PER IOS-IPHONE di Nicola Vettorello https:\/\/apps.apple.com\/it\/app\/radio-pi%C3%B9-emittente-agordina\/id1515939845 ATTENZIONE: LA NUOVA APP RADIO\u00a0 PER ANDROID di Nicola Vettorello https:\/\/play.google.com\/store\/apps\/details?id=net.radiopiu.iniko\u00a0\u00a0 &nbsp; &nbsp; OGGI ALLA RADIO: ALLE 7.20&hellip;<\/p>\n","protected":false},"author":4,"featured_media":386933,"comment_status":"closed","ping_status":"closed","sticky":false,"template":"","format":"standard","meta":{"_monsterinsights_skip_tracking":false,"_monsterinsights_sitenote_active":false,"_monsterinsights_sitenote_note":"","_monsterinsights_sitenote_category":0,"footnotes":""},"categories":[51,86,49],"tags":[],"class_list":["post-386771","post","type-post","status-publish","format-standard","has-post-thumbnail","hentry","category-evidenza-top","category-gr","category-news-18","category-51","category-86","category-49","description-off"],"img_url":"https:\/\/www.radiopiu.net\/wordpress\/wp-content\/uploads\/2024\/04\/Inked930a5aed-5840-4530-a055-ea5834f5cc33.jpg","_links":{"self":[{"href":"https:\/\/www.radiopiu.net\/wordpress\/wp-json\/wp\/v2\/posts\/386771","targetHints":{"allow":["GET"]}}],"collection":[{"href":"https:\/\/www.radiopiu.net\/wordpress\/wp-json\/wp\/v2\/posts"}],"about":[{"href":"https:\/\/www.radiopiu.net\/wordpress\/wp-json\/wp\/v2\/types\/post"}],"author":[{"embeddable":true,"href":"https:\/\/www.radiopiu.net\/wordpress\/wp-json\/wp\/v2\/users\/4"}],"replies":[{"embeddable":true,"href":"https:\/\/www.radiopiu.net\/wordpress\/wp-json\/wp\/v2\/comments?post=386771"}],"version-history":[{"count":0,"href":"https:\/\/www.radiopiu.net\/wordpress\/wp-json\/wp\/v2\/posts\/386771\/revisions"}],"wp:featuredmedia":[{"embeddable":true,"href":"https:\/\/www.radiopiu.net\/wordpress\/wp-json\/wp\/v2\/media\/386933"}],"wp:attachment":[{"href":"https:\/\/www.radiopiu.net\/wordpress\/wp-json\/wp\/v2\/media?parent=386771"}],"wp:term":[{"taxonomy":"category","embeddable":true,"href":"https:\/\/www.radiopiu.net\/wordpress\/wp-json\/wp\/v2\/categories?post=386771"},{"taxonomy":"post_tag","embeddable":true,"href":"https:\/\/www.radiopiu.net\/wordpress\/wp-json\/wp\/v2\/tags?post=386771"}],"curies":[{"name":"wp","href":"https:\/\/api.w.org\/{rel}","templated":true}]}}