{"id":386948,"date":"2024-04-22T16:26:21","date_gmt":"2024-04-22T14:26:21","guid":{"rendered":"https:\/\/www.radiopiu.net\/wordpress\/?p=386948"},"modified":"2024-04-22T16:26:59","modified_gmt":"2024-04-22T14:26:59","slug":"moreno-pesce-e-la-ripartenza-per-la-grande-avventura-islanda-experience-11-18-maggo-2024","status":"publish","type":"post","link":"https:\/\/www.radiopiu.net\/wordpress\/moreno-pesce-e-la-ripartenza-per-la-grande-avventura-islanda-experience-11-18-maggo-2024\/","title":{"rendered":"MORENO PESCE E LA RIPARTENZA PER LA GRANDE AVVENTURA: ISLANDA EXPERIENCE 11-18 MAGGO 2024"},"content":{"rendered":"<p>*****<\/p>\n<p>&nbsp;<\/p>\n<p><a class=\"dt-pswp-item\" href=\"https:\/\/www.radiopiu.net\/wordpress\/wp-content\/uploads\/2024\/04\/Screenshot-2024-04-18-111615.png\" data-dt-img-description=\"\" data-large_image_width=\"1400\" data-large_image_height=\"934\"><img loading=\"lazy\" decoding=\"async\" class=\" wp-image-386949 alignleft\" src=\"https:\/\/www.radiopiu.net\/wordpress\/wp-content\/uploads\/2024\/04\/Screenshot-2024-04-18-111615-300x200.png\" alt=\"\" width=\"173\" height=\"115\" srcset=\"https:\/\/www.radiopiu.net\/wordpress\/wp-content\/uploads\/2024\/04\/Screenshot-2024-04-18-111615-300x200.png 300w, https:\/\/www.radiopiu.net\/wordpress\/wp-content\/uploads\/2024\/04\/Screenshot-2024-04-18-111615-1024x683.png 1024w, https:\/\/www.radiopiu.net\/wordpress\/wp-content\/uploads\/2024\/04\/Screenshot-2024-04-18-111615-768x512.png 768w, https:\/\/www.radiopiu.net\/wordpress\/wp-content\/uploads\/2024\/04\/Screenshot-2024-04-18-111615.png 1400w\" sizes=\"auto, (max-width: 173px) 100vw, 173px\" \/><\/a>Per l\u2019atleta paralimpico Moreno Pesce questi ultimi mesi sono stati tra i pi\u00f9 difficili della sua vita dopo l\u2019incidente, che gli ha causato l\u2019amputazione della gamba. Uno stop forzato, iniziato il 2 febbraio scorso, imposto da un giorno all\u2019altro dall\u2019equipe medica che lo segue, dovuto a serie difficolt\u00e0 respiratorie che gli hanno impedito qualsiasi attivit\u00e0. Una rinuncia importante arrivata alla vigilia della salita alla pista Tofane a Cortina ed a seguire un infinito tempo di inattivit\u00e0. Tenerlo fermo \u00e8 stato come chiuderlo in una gabbia dove per\u00f2 non ha mai smesso di a nuovi progetti ed obiettivi. Ora a pi\u00f9 di due mesi di distanza ha potuto riprendere gradualmente la preparazione aerobica con carichi via via pi\u00f9 importanti per essere pronto per affrontare quella che ritiene essere la sua grande spedizione del 2024 ovvero \u201cIslanda Experience\u201d che si terr\u00e0 dall\u201911 al 18 maggio prossimo nella bellissima nazione nordica caratterizzata da ambienti e paesaggi unici al mondo. La nuova avventura di Moreno Pesce sar\u00e0 una vera e propria spedizione in Islanda con l\u2019obiettivo non poco impegnativo puntato sul raggiungimento della cima del vulcano attraversando la riserva naturale di Skaftafell situata nel Parco Nazionale di Vatnaj\u00f6kull, nel sud-est dell&#8217;Islanda. In quest\u2019ambiente di immenso valore naturale non ci sono strade quindi l\u2019attraversamento ed avvicinamento saranno fatti a piedi.<a class=\"dt-pswp-item\" href=\"https:\/\/www.radiopiu.net\/wordpress\/wp-content\/uploads\/2024\/04\/11797_20240119_170554_331526788_original.jpeg\" data-dt-img-description=\"\" data-large_image_width=\"1280\" data-large_image_height=\"854\"><img loading=\"lazy\" decoding=\"async\" class=\" wp-image-386950 alignright\" src=\"https:\/\/www.radiopiu.net\/wordpress\/wp-content\/uploads\/2024\/04\/11797_20240119_170554_331526788_original-300x200.jpeg\" alt=\"\" width=\"236\" height=\"157\" srcset=\"https:\/\/www.radiopiu.net\/wordpress\/wp-content\/uploads\/2024\/04\/11797_20240119_170554_331526788_original-300x200.jpeg 300w, https:\/\/www.radiopiu.net\/wordpress\/wp-content\/uploads\/2024\/04\/11797_20240119_170554_331526788_original-1024x683.jpeg 1024w, https:\/\/www.radiopiu.net\/wordpress\/wp-content\/uploads\/2024\/04\/11797_20240119_170554_331526788_original-768x512.jpeg 768w, https:\/\/www.radiopiu.net\/wordpress\/wp-content\/uploads\/2024\/04\/11797_20240119_170554_331526788_original.jpeg 1280w\" sizes=\"auto, (max-width: 236px) 100vw, 236px\" \/><\/a> Il Parco nazionale Skaftafell \u00e8 situato tra il villaggio di Kirkjub\u00e6jarklaustur, tipicamente noto come Klaustur, nella parte meridionale dell&#8217;Islanda.\u00a0Dal 7 giugno 2008 \u00e8 entrato a far parte del grande Parco nazionale del Vatnaj\u00f6kull, il pi\u00f9 grande parco naturale d&#8217;Islanda e dell&#8217;Europa. Qui si trova Skaftafellsj\u00f6kull, il ghiacciaio che condivide il nome con il parco nazionale.\u00a0Hvannadalshnj\u00fakur spunta dalla calotta glaciale \u00d6r\u00e6faj\u00f6kull \u201cGhiacciaio\u00a0delle Terre Desolate\u201d e tocca un&#8217;altezza\u00a0di 2.119 metri che Moreno Pesce, accompagnato dalla guida alpina emerita Lio De Nes e dal fidato video maker Jacopo Bernard puntano a raggiungere. Vatnaj\u00f6kull \u00e8 il pi\u00f9 grande ghiacciaio in Europa e scende dalla pi\u00f9 alta montagna d&#8217;Islanda con spettacolari cascate di ghiaccio. Certamente un\u2019impresa dopo la lunga pausa per Moreno Pesce che abbiamo sentito durante una pausa di allenamento.<\/p>\n<p><strong>LE PAROLE DI MORENO PESCE<\/strong><\/p>\n<p>\u201cLa ripartenza non \u00e8 per niente semplice dopo lo stop forzato e prolungato da tutte le attivit\u00e0 fisiche visto l\u2019interessamento dell\u2019apparato respiratorio. Sono quindici giorni che sto facendo dei carichi leggeri per alzare l\u2019asticella e soprattutto per cercare di recuperare la forma per affrontare gli oltre 2.000 metri di dislivello che mi separano dalla vetta del vulcano . Faremo uno step a 1.300 m. slm., quindi altri + 800 metri di salita e poi 800 di dislivello negativo fino al campo base e poi discesa completa. Siamo belli carichi e sar\u00e0 una grande soddisfazione se riusciremo a raggiungere la cima come ci siamo preposti. Al momento ci sono diverse incognite tra cui il meteo e lo stato della neve ma soprattutto la mia tenuta fisica e misurarsi con i propri ulteriori limiti \u00e8 un banco di prova molto impegnativo\u201d.<\/p>\n<p>&nbsp;<\/p>\n<p>&nbsp;<\/p>\n<p>*******<\/p>\n","protected":false},"excerpt":{"rendered":"<p>***** &nbsp; Per l\u2019atleta paralimpico Moreno Pesce questi ultimi mesi sono stati tra i pi\u00f9 difficili della sua vita dopo l\u2019incidente, che gli ha causato l\u2019amputazione della gamba. Uno stop forzato, iniziato il 2 febbraio scorso, imposto da un giorno all\u2019altro dall\u2019equipe medica che lo segue, dovuto a serie difficolt\u00e0 respiratorie che gli hanno impedito&hellip;<\/p>\n","protected":false},"author":4,"featured_media":386949,"comment_status":"closed","ping_status":"closed","sticky":false,"template":"","format":"standard","meta":{"_monsterinsights_skip_tracking":false,"_monsterinsights_sitenote_active":false,"_monsterinsights_sitenote_note":"","_monsterinsights_sitenote_category":0,"footnotes":""},"categories":[49],"tags":[],"class_list":["post-386948","post","type-post","status-publish","format-standard","has-post-thumbnail","hentry","category-news-18","category-49","description-off"],"img_url":"https:\/\/www.radiopiu.net\/wordpress\/wp-content\/uploads\/2024\/04\/Screenshot-2024-04-18-111615.png","_links":{"self":[{"href":"https:\/\/www.radiopiu.net\/wordpress\/wp-json\/wp\/v2\/posts\/386948","targetHints":{"allow":["GET"]}}],"collection":[{"href":"https:\/\/www.radiopiu.net\/wordpress\/wp-json\/wp\/v2\/posts"}],"about":[{"href":"https:\/\/www.radiopiu.net\/wordpress\/wp-json\/wp\/v2\/types\/post"}],"author":[{"embeddable":true,"href":"https:\/\/www.radiopiu.net\/wordpress\/wp-json\/wp\/v2\/users\/4"}],"replies":[{"embeddable":true,"href":"https:\/\/www.radiopiu.net\/wordpress\/wp-json\/wp\/v2\/comments?post=386948"}],"version-history":[{"count":0,"href":"https:\/\/www.radiopiu.net\/wordpress\/wp-json\/wp\/v2\/posts\/386948\/revisions"}],"wp:featuredmedia":[{"embeddable":true,"href":"https:\/\/www.radiopiu.net\/wordpress\/wp-json\/wp\/v2\/media\/386949"}],"wp:attachment":[{"href":"https:\/\/www.radiopiu.net\/wordpress\/wp-json\/wp\/v2\/media?parent=386948"}],"wp:term":[{"taxonomy":"category","embeddable":true,"href":"https:\/\/www.radiopiu.net\/wordpress\/wp-json\/wp\/v2\/categories?post=386948"},{"taxonomy":"post_tag","embeddable":true,"href":"https:\/\/www.radiopiu.net\/wordpress\/wp-json\/wp\/v2\/tags?post=386948"}],"curies":[{"name":"wp","href":"https:\/\/api.w.org\/{rel}","templated":true}]}}