{"id":387058,"date":"2024-04-23T18:16:28","date_gmt":"2024-04-23T16:16:28","guid":{"rendered":"https:\/\/www.radiopiu.net\/wordpress\/?p=387058"},"modified":"2024-04-23T18:16:28","modified_gmt":"2024-04-23T16:16:28","slug":"incontro-con-lens-di-belluno-promuovere-lintegrazione-e-la-consapevolezza-delle-sfide-dei-sordi","status":"publish","type":"post","link":"https:\/\/www.radiopiu.net\/wordpress\/incontro-con-lens-di-belluno-promuovere-lintegrazione-e-la-consapevolezza-delle-sfide-dei-sordi\/","title":{"rendered":"Incontro con l&#8217;Ens di Belluno: Promuovere l&#8217;integrazione e la consapevolezza delle sfide dei sordi"},"content":{"rendered":"<p>***<\/p>\n<blockquote>\n<h2><\/h2>\n<\/blockquote>\n<p><strong><a class=\"dt-pswp-item\" href=\"https:\/\/www.radiopiu.net\/wordpress\/wp-content\/uploads\/2024\/04\/FOTO-CS-ENS.jpg\" data-dt-img-description=\"\" data-large_image_width=\"1080\" data-large_image_height=\"810\"><img loading=\"lazy\" decoding=\"async\" class=\"size-medium wp-image-387056 alignleft\" src=\"https:\/\/www.radiopiu.net\/wordpress\/wp-content\/uploads\/2024\/04\/FOTO-CS-ENS-300x225.jpg\" alt=\"\" width=\"300\" height=\"225\" srcset=\"https:\/\/www.radiopiu.net\/wordpress\/wp-content\/uploads\/2024\/04\/FOTO-CS-ENS-300x225.jpg 300w, https:\/\/www.radiopiu.net\/wordpress\/wp-content\/uploads\/2024\/04\/FOTO-CS-ENS-1024x768.jpg 1024w, https:\/\/www.radiopiu.net\/wordpress\/wp-content\/uploads\/2024\/04\/FOTO-CS-ENS-768x576.jpg 768w, https:\/\/www.radiopiu.net\/wordpress\/wp-content\/uploads\/2024\/04\/FOTO-CS-ENS.jpg 1080w\" sizes=\"auto, (max-width: 300px) 100vw, 300px\" \/><\/a>BELLUNO <\/strong>Negli ultimi giorni, le classi terze e quinte dell\u2019indirizzo professionale dei servizi per la sanit\u00e0 e l\u2019assistenza sociale, sotto la guida dell\u2019insegnante Sara Piazza, hanno avuto l&#8217;opportunit\u00e0 di incontrare rappresentanti dell\u2019Ente Nazionale per la protezione e l\u2019assistenza dei Sordi (Ens) di Belluno. Il Presidente dell\u2019associazione, Diego Cassol, insieme ad altri soci, ha illustrato ai ragazzi la realt\u00e0 associativa dell&#8217;Ens e le sfide quotidiane affrontate dalle persone sorde, comprese le difficolt\u00e0 legate all&#8217;integrazione nella societ\u00e0. Gli studenti hanno ascoltato le testimonianze di vita dei soci, compresa quella di una signora sordocieca, che hanno evidenziato l&#8217;importanza di riconoscere l&#8217;identit\u00e0 sorda e di combattere le barriere comunicative. Durante l&#8217;incontro, \u00e8 stata spiegata agli studenti la comunicazione attraverso la lettura labiale e l&#8217;uso della lingua dei segni (LIS). Gli studenti stessi hanno avuto l&#8217;opportunit\u00e0 di avvicinarsi all&#8217;alfabeto LIS, aprendosi cos\u00ec a una maggiore consapevolezza e comprensione della sordit\u00e0 e della comunicazione inclusiva.<\/p>\n<p>&nbsp;<\/p>\n<p>&nbsp;<\/p>\n<hr \/>\n<p>&nbsp;<\/p>\n","protected":false},"excerpt":{"rendered":"<p>*** BELLUNO Negli ultimi giorni, le classi terze e quinte dell\u2019indirizzo professionale dei servizi per la sanit\u00e0 e l\u2019assistenza sociale, sotto la guida dell\u2019insegnante Sara Piazza, hanno avuto l&#8217;opportunit\u00e0 di incontrare rappresentanti dell\u2019Ente Nazionale per la protezione e l\u2019assistenza dei Sordi (Ens) di Belluno. Il Presidente dell\u2019associazione, Diego Cassol, insieme ad altri soci, ha illustrato&hellip;<\/p>\n","protected":false},"author":4,"featured_media":387056,"comment_status":"closed","ping_status":"closed","sticky":false,"template":"","format":"standard","meta":{"_monsterinsights_skip_tracking":false,"_monsterinsights_sitenote_active":false,"_monsterinsights_sitenote_note":"","_monsterinsights_sitenote_category":0,"footnotes":""},"categories":[49],"tags":[],"class_list":["post-387058","post","type-post","status-publish","format-standard","has-post-thumbnail","hentry","category-news-18","category-49","description-off"],"img_url":"https:\/\/www.radiopiu.net\/wordpress\/wp-content\/uploads\/2024\/04\/FOTO-CS-ENS.jpg","_links":{"self":[{"href":"https:\/\/www.radiopiu.net\/wordpress\/wp-json\/wp\/v2\/posts\/387058","targetHints":{"allow":["GET"]}}],"collection":[{"href":"https:\/\/www.radiopiu.net\/wordpress\/wp-json\/wp\/v2\/posts"}],"about":[{"href":"https:\/\/www.radiopiu.net\/wordpress\/wp-json\/wp\/v2\/types\/post"}],"author":[{"embeddable":true,"href":"https:\/\/www.radiopiu.net\/wordpress\/wp-json\/wp\/v2\/users\/4"}],"replies":[{"embeddable":true,"href":"https:\/\/www.radiopiu.net\/wordpress\/wp-json\/wp\/v2\/comments?post=387058"}],"version-history":[{"count":0,"href":"https:\/\/www.radiopiu.net\/wordpress\/wp-json\/wp\/v2\/posts\/387058\/revisions"}],"wp:featuredmedia":[{"embeddable":true,"href":"https:\/\/www.radiopiu.net\/wordpress\/wp-json\/wp\/v2\/media\/387056"}],"wp:attachment":[{"href":"https:\/\/www.radiopiu.net\/wordpress\/wp-json\/wp\/v2\/media?parent=387058"}],"wp:term":[{"taxonomy":"category","embeddable":true,"href":"https:\/\/www.radiopiu.net\/wordpress\/wp-json\/wp\/v2\/categories?post=387058"},{"taxonomy":"post_tag","embeddable":true,"href":"https:\/\/www.radiopiu.net\/wordpress\/wp-json\/wp\/v2\/tags?post=387058"}],"curies":[{"name":"wp","href":"https:\/\/api.w.org\/{rel}","templated":true}]}}