{"id":387114,"date":"2024-04-24T07:55:16","date_gmt":"2024-04-24T05:55:16","guid":{"rendered":"https:\/\/www.radiopiu.net\/wordpress\/?p=387114"},"modified":"2024-04-24T08:42:30","modified_gmt":"2024-04-24T06:42:30","slug":"dal-1983-la-rassegna-stampa-locale-di-mirko-mezzacasa-33","status":"publish","type":"post","link":"https:\/\/www.radiopiu.net\/wordpress\/dal-1983-la-rassegna-stampa-locale-di-mirko-mezzacasa-33\/","title":{"rendered":"dal 1983 la rassegna stampa locale di MIRKO MEZZACASA"},"content":{"rendered":"<p>***<\/p>\n<p><iframe loading=\"lazy\" title=\"DAL 1983 LA RASSEGNA STAMPA LOCALE di mirko mezzacasa. L&#039;ORIGINALE\" width=\"1200\" height=\"675\" src=\"https:\/\/www.youtube.com\/embed\/61vn8ksTCbE?feature=oembed\" frameborder=\"0\" allow=\"accelerometer; autoplay; clipboard-write; encrypted-media; gyroscope; picture-in-picture; web-share\" referrerpolicy=\"strict-origin-when-cross-origin\" allowfullscreen><\/iframe><\/p>\n<p>&nbsp;<\/p>\n<p><img loading=\"lazy\" decoding=\"async\" class=\"alignleft\" src=\"https:\/\/www.radiopiu.net\/wordpress\/wp-content\/uploads\/2024\/04\/COPER2-1.png\" width=\"370\" height=\"162\" \/>MALTEMPO: IN MONTAGNA E\u2019 TORNATO L\u2019INVERNO. NEVE ANCHE A QUOTE BASSE<br \/>\nAddio a Franz Dallago, Icona dell&#8217;Alpinismo di Cortina i funerali oggi alle 15<br \/>\nBELLUNO Borsa di studio in memoria di Maria Grazia Carraro assegnata a Francesco Paolo De Siena<br \/>\nCORTINA Presentata la Nuova Squadra di Cortina Marketing: Esperti Affiatati per lo Sviluppo Turistico della Regina delle Dolomiti<br \/>\nAGORDO L&#8217;ASSEMBLEA ORDINARIA DELLA FPB AD AGORDO-PALALUXOTTICA<br \/>\nCassa di Fassa Primiero Belluno: Un Bilancio Solido e un Impegno Continuo sul Territorio<br \/>\nCANALE D&#8217;AGORDO ECOMUSEI, UNA SQUADRA PER VALORIZZARE IL TERRITORIO<br \/>\nCANALE D&#8217;AGORDO &#8220;Addio a Skari: L&#8217;Incommensurabile Contributo di una Fedele Compagna nel Soccorso Alpino della Val Biois&#8221; Dalla pagina facebook Soccorso Alpino e Speleologico Veneto &#8211; CNSAS\u00a0 righe \u00a0commoventi\u00a0 celebrano la vita e il lavoro della fedele compagna di Nadia, la sua Skari<br \/>\nBELLUNO Incontro con l&#8217;Ens di Belluno: Promuovere l&#8217;integrazione e la consapevolezza delle sfide dei sordi<br \/>\nPONTE NELLE ALPI ADOTTA IL NUOVO PIANO URBANISTICO<br \/>\n<a class=\"dt-pswp-item\" href=\"https:\/\/www.radiopiu.net\/wordpress\/wp-content\/uploads\/2024\/04\/COPER-1.png\" data-dt-img-description=\"\" data-large_image_width=\"338\" data-large_image_height=\"199\"><img loading=\"lazy\" decoding=\"async\" class=\"size-medium wp-image-387116 alignright\" src=\"https:\/\/www.radiopiu.net\/wordpress\/wp-content\/uploads\/2024\/04\/COPER-1-300x177.png\" alt=\"\" width=\"300\" height=\"177\" srcset=\"https:\/\/www.radiopiu.net\/wordpress\/wp-content\/uploads\/2024\/04\/COPER-1-300x177.png 300w, https:\/\/www.radiopiu.net\/wordpress\/wp-content\/uploads\/2024\/04\/COPER-1.png 338w\" sizes=\"auto, (max-width: 300px) 100vw, 300px\" \/><\/a>BELLUNO Christian Marchetti: Nuovo Presidente della Consulta Confcommercio di Belluno<br \/>\nBELLUNO La Camera del Lavoro di Belluno, insieme all&#8217;ANPI, alla Brigata Pisacane dell&#8217;ANPI, a Emergency, Libera, Studenti in Rete e al coordinamento provinciale Pace &amp; Disarmo Belluno, organizzano le commemorazioni del 25 aprile presso il Centro Ricreativo Pr\u00e0 de la Melia a Gron di Sospirolo.<br \/>\nAGORDO Le amministrazioni comunali di Agordo, Taibon e Voltago commemorano la Liberazione dal nazifascismo con una cerimonia che inizier\u00e0 alle 9.45 sul piazzale antistante il municipio di Agordo. Seguir\u00e0, alle 10, la celebrazione della messa nella chiesa arcidiaconale di Agordo. Quindi il corteo deporr\u00e0 le corone ai monumenti ai caduti e ai cippi che ricordano i partigiani uccisi ad Agordo, Voltago e Taibon.<br \/>\nAGORDO Il Presidio agordino di Libera &#8220;L. Precenzano e S. Aversa&#8221; invita la cittadinanza a un incontro di approfondimento in occasione dell&#8217;anniversario della Festa della Liberazione. Il professor Enrico Bacchetti dell&#8217;ISBREC guider\u00e0 il dialogo sul tema &#8220;Dalla Resistenza alla Costituzione: La Repubblica dei partiti&#8221;. L&#8217;evento si terr\u00e0 sabato 27 aprile alle ore 18.00 presso la sala della biblioteca civica di Agordo.<\/p>\n<p>&nbsp;<\/p>\n<p>&nbsp;<\/p>\n<hr \/>\n<p>&nbsp;<\/p>\n","protected":false},"excerpt":{"rendered":"<p>*** &nbsp; MALTEMPO: IN MONTAGNA E\u2019 TORNATO L\u2019INVERNO. NEVE ANCHE A QUOTE BASSE Addio a Franz Dallago, Icona dell&#8217;Alpinismo di Cortina i funerali oggi alle 15 BELLUNO Borsa di studio in memoria di Maria Grazia Carraro assegnata a Francesco Paolo De Siena CORTINA Presentata la Nuova Squadra di Cortina Marketing: Esperti Affiatati per lo Sviluppo&hellip;<\/p>\n","protected":false},"author":4,"featured_media":387115,"comment_status":"closed","ping_status":"closed","sticky":false,"template":"","format":"standard","meta":{"_monsterinsights_skip_tracking":false,"_monsterinsights_sitenote_active":false,"_monsterinsights_sitenote_note":"","_monsterinsights_sitenote_category":0,"footnotes":""},"categories":[51,49,142],"tags":[],"class_list":["post-387114","post","type-post","status-publish","format-standard","has-post-thumbnail","hentry","category-evidenza-top","category-news-18","category-rassegna-stampa","category-51","category-49","category-142","description-off"],"img_url":"https:\/\/www.radiopiu.net\/wordpress\/wp-content\/uploads\/2024\/04\/COPER2-1.png","_links":{"self":[{"href":"https:\/\/www.radiopiu.net\/wordpress\/wp-json\/wp\/v2\/posts\/387114","targetHints":{"allow":["GET"]}}],"collection":[{"href":"https:\/\/www.radiopiu.net\/wordpress\/wp-json\/wp\/v2\/posts"}],"about":[{"href":"https:\/\/www.radiopiu.net\/wordpress\/wp-json\/wp\/v2\/types\/post"}],"author":[{"embeddable":true,"href":"https:\/\/www.radiopiu.net\/wordpress\/wp-json\/wp\/v2\/users\/4"}],"replies":[{"embeddable":true,"href":"https:\/\/www.radiopiu.net\/wordpress\/wp-json\/wp\/v2\/comments?post=387114"}],"version-history":[{"count":0,"href":"https:\/\/www.radiopiu.net\/wordpress\/wp-json\/wp\/v2\/posts\/387114\/revisions"}],"wp:featuredmedia":[{"embeddable":true,"href":"https:\/\/www.radiopiu.net\/wordpress\/wp-json\/wp\/v2\/media\/387115"}],"wp:attachment":[{"href":"https:\/\/www.radiopiu.net\/wordpress\/wp-json\/wp\/v2\/media?parent=387114"}],"wp:term":[{"taxonomy":"category","embeddable":true,"href":"https:\/\/www.radiopiu.net\/wordpress\/wp-json\/wp\/v2\/categories?post=387114"},{"taxonomy":"post_tag","embeddable":true,"href":"https:\/\/www.radiopiu.net\/wordpress\/wp-json\/wp\/v2\/tags?post=387114"}],"curies":[{"name":"wp","href":"https:\/\/api.w.org\/{rel}","templated":true}]}}