{"id":387124,"date":"2024-04-26T05:40:57","date_gmt":"2024-04-26T03:40:57","guid":{"rendered":"https:\/\/www.radiopiu.net\/wordpress\/?p=387124"},"modified":"2024-04-26T17:05:29","modified_gmt":"2024-04-26T15:05:29","slug":"giornale-radiopiu-26-aprile-2024-direttore-mirko-mezzacasada-40-anni-25-giugno-1983-25-giugno-2023","status":"publish","type":"post","link":"https:\/\/www.radiopiu.net\/wordpress\/giornale-radiopiu-26-aprile-2024-direttore-mirko-mezzacasada-40-anni-25-giugno-1983-25-giugno-2023\/","title":{"rendered":"GIORNALE RADIOPIU 26 APRILE 2024 DIRETTORE MIRKO MEZZACASA\u2026DA 40 ANNI 25 GIUGNO 1983-25 GIUGNO 2023"},"content":{"rendered":"<p>*******<\/p>\n<p>&nbsp;<\/p>\n<h3><a href=\"https:\/\/www.radiopiu.net\/wordpress\/giornale-radiopiu-24-gennaio-2021-direttore-mirko-mezzacasa\/141433770_171616291414874_2957460898102012198_n\/\" rel=\"attachment wp-att-186566\"><img loading=\"lazy\" decoding=\"async\" class=\"wp-image-186566 alignleft\" src=\"https:\/\/www.radiopiu.net\/wordpress\/wp-content\/uploads\/2021\/01\/141433770_171616291414874_2957460898102012198_n-300x300.jpg\" alt=\"\" width=\"144\" height=\"144\" srcset=\"https:\/\/www.radiopiu.net\/wordpress\/wp-content\/uploads\/2021\/01\/141433770_171616291414874_2957460898102012198_n-300x300.jpg 300w, https:\/\/www.radiopiu.net\/wordpress\/wp-content\/uploads\/2021\/01\/141433770_171616291414874_2957460898102012198_n-150x150.jpg 150w, https:\/\/www.radiopiu.net\/wordpress\/wp-content\/uploads\/2021\/01\/141433770_171616291414874_2957460898102012198_n-768x768.jpg 768w, https:\/\/www.radiopiu.net\/wordpress\/wp-content\/uploads\/2021\/01\/141433770_171616291414874_2957460898102012198_n.jpg 800w\" sizes=\"auto, (max-width: 144px) 100vw, 144px\" \/><\/a>PER<strong> RICEVERE QUESTO NOTIZIARIO DIRETTAMENTE SUL TUO CELLULARE ISCRIVITI AL CANALE TELEGRAM <\/strong><strong>\u201cRADIO PIU\u00a0 INFORMAZIONE&#8221;\u00a0<\/strong><\/h3>\n<h3>\u00a0il CANALE TELEGRAM&#8230; UNISCITI A: RADIO PIU INFORMAZIONE<\/h3>\n<p>&nbsp;<\/p>\n<p>&nbsp;<\/p>\n<p><em><a href=\"https:\/\/www.radiopiu.net\/wordpress\/giornale-radiopiu-24-gennaio-2021-direttore-mirko-mezzacasa\/79216601_126817312416448_708980208774483089_n\/\" rel=\"attachment wp-att-186567\"><img loading=\"lazy\" decoding=\"async\" class=\"size-medium wp-image-186567 alignright\" src=\"https:\/\/www.radiopiu.net\/wordpress\/wp-content\/uploads\/2021\/01\/79216601_126817312416448_708980208774483089_n-300x114.jpg\" alt=\"\" width=\"300\" height=\"114\" srcset=\"https:\/\/www.radiopiu.net\/wordpress\/wp-content\/uploads\/2021\/01\/79216601_126817312416448_708980208774483089_n-300x114.jpg 300w, https:\/\/www.radiopiu.net\/wordpress\/wp-content\/uploads\/2021\/01\/79216601_126817312416448_708980208774483089_n-768x292.jpg 768w, https:\/\/www.radiopiu.net\/wordpress\/wp-content\/uploads\/2021\/01\/79216601_126817312416448_708980208774483089_n.jpg 820w\" sizes=\"auto, (max-width: 300px) 100vw, 300px\" \/><\/a><span style=\"color: #ff0000;\">ATTENZIONE: LA NUOVA APP PER IOS-IPHONE di Nicola Vettorello <\/span><\/em><a href=\"https:\/\/apps.apple.com\/it\/app\/radio-pi%C3%B9-emittente-agordina\/id1515939845\">https:\/\/apps.apple.com\/it\/app\/radio-pi%C3%B9-emittente-agordina\/id1515939845<\/a><\/p>\n<p><em style=\"color: #ff0000;\">ATTENZIONE: LA NUOVA APP RADIO\u00a0 PER ANDROID di Nicola Vettorello<\/em><\/p>\n<p><a href=\"https:\/\/play.google.com\/store\/apps\/details?id=net.radiopiu.iniko\" target=\"_blank\" rel=\"noopener noreferrer\">https:\/\/play.google.com\/store\/apps\/details?id=net.radiopiu.iniko\u00a0\u00a0<\/a><\/p>\n<h3 class=\"kvgmc6g5 cxmmr5t8 oygrvhab hcukyx3x c1et5uql\"><\/h3>\n<div data-block=\"true\" data-editor=\"avj4u\" data-offset-key=\"d3i0j-0-0\">\n<p>&nbsp;<\/p>\n<hr \/>\n<p>&nbsp;<\/p>\n<\/div>\n<div data-block=\"true\" data-editor=\"avj4u\" data-offset-key=\"d3i0j-0-0\"><\/div>\n<p><span style=\"color: #ff0000;\"><strong><a class=\"dt-pswp-item\" href=\"https:\/\/www.radiopiu.net\/wordpress\/wp-content\/uploads\/2024\/04\/RESMGX9.jpg\" data-dt-img-description=\"\" data-large_image_width=\"830\" data-large_image_height=\"1038\"><img loading=\"lazy\" decoding=\"async\" class=\"size-medium wp-image-387278 alignleft\" src=\"https:\/\/www.radiopiu.net\/wordpress\/wp-content\/uploads\/2024\/04\/RESMGX9-240x300.jpg\" alt=\"\" width=\"240\" height=\"300\" srcset=\"https:\/\/www.radiopiu.net\/wordpress\/wp-content\/uploads\/2024\/04\/RESMGX9-240x300.jpg 240w, https:\/\/www.radiopiu.net\/wordpress\/wp-content\/uploads\/2024\/04\/RESMGX9-819x1024.jpg 819w, https:\/\/www.radiopiu.net\/wordpress\/wp-content\/uploads\/2024\/04\/RESMGX9-768x960.jpg 768w, https:\/\/www.radiopiu.net\/wordpress\/wp-content\/uploads\/2024\/04\/RESMGX9.jpg 830w\" sizes=\"auto, (max-width: 240px) 100vw, 240px\" \/><\/a> <\/strong><\/span><\/p>\n<p><span style=\"color: #ff0000;\"><strong>OGGI ALLA RADIO<\/strong><\/span>: <strong>ALLE 7.20<\/strong> EL BAR DEL FIOR, DETTI E TRADIZIONI DI GIULIANA DA RONCH; <strong>ALLE 8.20<\/strong> PIU&#8217; SIAMO CON MARINA DONA&#8217; <strong>ALLE 9.10<\/strong> PREMIER LE NOVITA&#8217; MUSICALI DI MARCO GAZ<strong> 9.15 <\/strong>OTTANTA&#8230; DI MONICA FONTANIVE<strong> 10.10 <\/strong>MUSLA, LE NOVE IN LADIN CON VERONICA LEZUO<strong> 10.30 <\/strong>DAL POLIAMBULATORIO AGORDINO, 120-80 CON IL DOTTOR CESARE DAL BO &#8220;IL FEGATO&#8221; <strong>ALLE 11.0<\/strong>0 DANIELA RINALDI, MEGLIO RADIO CHE MAI<strong> 12.00<\/strong> LISCIO NON TI LASCIO MIRCO BENCIVENNI<strong> 12.30<\/strong> GR PRINCIPALE <strong>13.10 <\/strong>1 MAGGIO A RIF DI AGORDO, OSPITE EVA OLIVIER<strong> 14.00<\/strong> GOLDEN CLASSIC CON MARCO EDELVAIS <strong>15.00 <\/strong>VENERDI ALLE TRE MARINA DONA&#8217; C&#8217;E&#8217; <strong>16.00 <\/strong>IL ROCK DI MARCO COSTANTINI <strong>16 30<\/strong> PROGETTO LUXURY, DALL&#8217;ALPAGO CLAUDIO DAL BORDO\u00a0 <strong>16.45<\/strong> LE HIT DI MIRCO BENCIVENNI <strong>19.00 <\/strong>LE ANTICIPAZIONI DAL TG DI ANTENNA 3, TIZIANA BOLOGNANI.<\/p>\n<p>&nbsp;<\/p>\n<p>&nbsp;<\/p>\n<blockquote>\n<h3><span style=\"color: #ff0000;\">\u00a0IERI ALLA RADIO&#8230; LA DIRETTA DA BARDIN 3 ORE IN COMPAGNIA DI RADIO PIU\u00a0\u00a0<\/span><\/h3>\n\n\t\t\t<style type='text\/css'>\n\t\t\t\t#gallery-1 {\n\t\t\t\t\tmargin: auto;\n\t\t\t\t}\n\t\t\t\t#gallery-1 .gallery-item {\n\t\t\t\t\tfloat: left;\n\t\t\t\t\tmargin-top: 10px;\n\t\t\t\t\ttext-align: center;\n\t\t\t\t\twidth: 25%;\n\t\t\t\t}\n\t\t\t\t#gallery-1 img {\n\t\t\t\t\tborder: 2px solid #cfcfcf;\n\t\t\t\t}\n\t\t\t\t#gallery-1 .gallery-caption {\n\t\t\t\t\tmargin-left: 0;\n\t\t\t\t}\n\t\t\t\t\/* see gallery_shortcode() in wp-includes\/media.php *\/\n\t\t\t<\/style>\n\t\t<div id='gallery-1' class='dt-gallery-container gallery galleryid-387124 gallery-columns-4 gallery-size-thumbnail'><dl class='gallery-item'>\n\t\t\t\t<dt class='gallery-icon portrait'>\n\t\t\t\t\t<a class=\"rollover rollover-zoom dt-pswp-item\" title=\"1e0118a9-b7f9-4a80-81ed-3898d3ca8eaf\" data-dt-img-description=\"\" data-large_image_width=\"960\" data-large_image_height=\"1280\"href='https:\/\/www.radiopiu.net\/wordpress\/wp-content\/uploads\/2024\/04\/1e0118a9-b7f9-4a80-81ed-3898d3ca8eaf.jpg'><img loading=\"lazy\" decoding=\"async\" width=\"150\" height=\"150\" src=\"https:\/\/www.radiopiu.net\/wordpress\/wp-content\/uploads\/2024\/04\/1e0118a9-b7f9-4a80-81ed-3898d3ca8eaf-150x150.jpg\" class=\"attachment-thumbnail size-thumbnail\" alt=\"\" \/><\/a>\n\t\t\t\t<\/dt><\/dl><dl class='gallery-item'>\n\t\t\t\t<dt class='gallery-icon landscape'>\n\t\t\t\t\t<a class=\"rollover rollover-zoom dt-pswp-item\" title=\"d087dc5d-5f9e-4a92-9a90-b4e312b751b1\" data-dt-img-description=\"\" data-large_image_width=\"1600\" data-large_image_height=\"1200\"href='https:\/\/www.radiopiu.net\/wordpress\/wp-content\/uploads\/2024\/04\/d087dc5d-5f9e-4a92-9a90-b4e312b751b1.jpg'><img loading=\"lazy\" decoding=\"async\" width=\"150\" height=\"150\" src=\"https:\/\/www.radiopiu.net\/wordpress\/wp-content\/uploads\/2024\/04\/d087dc5d-5f9e-4a92-9a90-b4e312b751b1-150x150.jpg\" class=\"attachment-thumbnail size-thumbnail\" alt=\"\" \/><\/a>\n\t\t\t\t<\/dt><\/dl><dl class='gallery-item'>\n\t\t\t\t<dt class='gallery-icon landscape'>\n\t\t\t\t\t<a class=\"rollover rollover-zoom dt-pswp-item\" title=\"387772b7-24b6-4ba5-8266-03985c70b309\" data-dt-img-description=\"\" data-large_image_width=\"1600\" data-large_image_height=\"738\"href='https:\/\/www.radiopiu.net\/wordpress\/wp-content\/uploads\/2024\/04\/387772b7-24b6-4ba5-8266-03985c70b309.jpg'><img loading=\"lazy\" decoding=\"async\" width=\"150\" height=\"150\" src=\"https:\/\/www.radiopiu.net\/wordpress\/wp-content\/uploads\/2024\/04\/387772b7-24b6-4ba5-8266-03985c70b309-150x150.jpg\" class=\"attachment-thumbnail size-thumbnail\" alt=\"\" \/><\/a>\n\t\t\t\t<\/dt><\/dl><dl class='gallery-item'>\n\t\t\t\t<dt class='gallery-icon landscape'>\n\t\t\t\t\t<a class=\"rollover rollover-zoom dt-pswp-item\" title=\"7412ec69-bc32-4e71-973b-3790fedfe831\" data-dt-img-description=\"\" data-large_image_width=\"1600\" data-large_image_height=\"1200\"href='https:\/\/www.radiopiu.net\/wordpress\/wp-content\/uploads\/2024\/04\/7412ec69-bc32-4e71-973b-3790fedfe831.jpg'><img loading=\"lazy\" decoding=\"async\" width=\"150\" height=\"150\" src=\"https:\/\/www.radiopiu.net\/wordpress\/wp-content\/uploads\/2024\/04\/7412ec69-bc32-4e71-973b-3790fedfe831-150x150.jpg\" class=\"attachment-thumbnail size-thumbnail\" alt=\"\" \/><\/a>\n\t\t\t\t<\/dt><\/dl><br style=\"clear: both\" \/>\n\t\t\t<\/div>\n\n<p>&nbsp;<\/p>\n<p><span style=\"color: #0000ff;\"><strong>LA DIRETTA INTEGRALE<\/strong><\/span><\/p><\/blockquote>\n<p><iframe loading=\"lazy\" title=\"Diretta Esterna Radio Pi\u00f9\" width=\"1200\" height=\"900\" src=\"https:\/\/www.youtube.com\/embed\/fXzd9MuRyUE?feature=oembed\" frameborder=\"0\" allow=\"accelerometer; autoplay; clipboard-write; encrypted-media; gyroscope; picture-in-picture; web-share\" referrerpolicy=\"strict-origin-when-cross-origin\" allowfullscreen><\/iframe><\/p>\n<div class=\"x11i5rnm xat24cr x1mh8g0r x1vvkbs xtlvy1s x126k92a\">\n<div dir=\"auto\">\n<p>&nbsp;<\/p>\n<p>&nbsp;<\/p>\n<hr \/>\n<p>&nbsp;<\/p>\n<p>&nbsp;<\/p>\n<div class=\"x11i5rnm xat24cr x1mh8g0r x1vvkbs xtlvy1s x126k92a\">\n<div dir=\"auto\">\n<p><strong><a class=\"dt-pswp-item\" href=\"https:\/\/www.radiopiu.net\/wordpress\/wp-content\/uploads\/2024\/02\/2d44e751-d8a8-461b-8e22-d8e4e853b032.jpg\" data-dt-img-description=\"\" data-large_image_width=\"1600\" data-large_image_height=\"1200\"><img loading=\"lazy\" decoding=\"async\" class=\"wp-image-373307 alignleft\" src=\"https:\/\/www.radiopiu.net\/wordpress\/wp-content\/uploads\/2024\/02\/2d44e751-d8a8-461b-8e22-d8e4e853b032-300x225.jpg\" alt=\"\" width=\"105\" height=\"79\" srcset=\"https:\/\/www.radiopiu.net\/wordpress\/wp-content\/uploads\/2024\/02\/2d44e751-d8a8-461b-8e22-d8e4e853b032-300x225.jpg 300w, https:\/\/www.radiopiu.net\/wordpress\/wp-content\/uploads\/2024\/02\/2d44e751-d8a8-461b-8e22-d8e4e853b032-1024x768.jpg 1024w, https:\/\/www.radiopiu.net\/wordpress\/wp-content\/uploads\/2024\/02\/2d44e751-d8a8-461b-8e22-d8e4e853b032-768x576.jpg 768w, https:\/\/www.radiopiu.net\/wordpress\/wp-content\/uploads\/2024\/02\/2d44e751-d8a8-461b-8e22-d8e4e853b032-1536x1152.jpg 1536w, https:\/\/www.radiopiu.net\/wordpress\/wp-content\/uploads\/2024\/02\/2d44e751-d8a8-461b-8e22-d8e4e853b032.jpg 1600w\" sizes=\"auto, (max-width: 105px) 100vw, 105px\" \/><\/a>EL BAL DEL FIOR, DI GIULIANA DA RONCH, 26 APRILE 2024<\/strong><\/p>\n<p>&nbsp;<\/p>\n<\/div>\n<\/div>\n<\/div>\n<div dir=\"auto\">\n<audio class=\"wp-audio-shortcode\" id=\"audio-387124-1\" preload=\"none\" style=\"width: 100%;\" controls=\"controls\"><source type=\"audio\/mpeg\" src=\"https:\/\/www.radiopiu.net\/wordpress\/wp-content\/uploads\/2024\/04\/GVE-2.m4a?_=1\" \/><a href=\"https:\/\/www.radiopiu.net\/wordpress\/wp-content\/uploads\/2024\/04\/GVE-2.m4a\">https:\/\/www.radiopiu.net\/wordpress\/wp-content\/uploads\/2024\/04\/GVE-2.m4a<\/a><\/audio>\n<p>&nbsp;<\/p>\n<hr \/>\n<\/div>\n<\/div>\n<blockquote>\n<blockquote>\n<h1><span style=\"color: #ff0000;\">\u00a0<\/span><\/h1>\n<h1><span style=\"color: #ff0000;\">I podcast informativi del mattino &#8211; audio &#8211;\u00a0\u00a0<\/span><\/h1>\n<p>&nbsp;<\/p><\/blockquote>\n<p><strong><a class=\"dt-pswp-item\" href=\"https:\/\/www.radiopiu.net\/wordpress\/wp-content\/uploads\/2023\/11\/th-10.jpg\" data-dt-img-description=\"\" data-large_image_width=\"320\" data-large_image_height=\"180\"><img loading=\"lazy\" decoding=\"async\" class=\"wp-image-362866 alignleft\" src=\"https:\/\/www.radiopiu.net\/wordpress\/wp-content\/uploads\/2023\/11\/th-10-300x169.jpg\" alt=\"\" width=\"185\" height=\"104\" srcset=\"https:\/\/www.radiopiu.net\/wordpress\/wp-content\/uploads\/2023\/11\/th-10-300x169.jpg 300w, https:\/\/www.radiopiu.net\/wordpress\/wp-content\/uploads\/2023\/11\/th-10.jpg 320w\" sizes=\"auto, (max-width: 185px) 100vw, 185px\" \/><\/a>LA RASSEGNA STAMPA NAZIONALE ALLA RADIO, OGNI GIORNO ALLE 5 E ALLE 6 DEL MATTINO <span style=\"color: #0000ff;\">viene pubblicata alle 6.00 <span style=\"color: #ff0000;\">DIRETTA RADIO\u00a0 \u00a0\u00a0<\/span><\/span><\/strong><\/p>\n<p>&nbsp;<\/p><\/blockquote>\n<p>&nbsp;<\/p>\n<p>DI STEFANO FAMA&#8217;<\/p>\n<p><strong>Politica<\/strong> il corteo del 25 aprile a Milano, contestazioni e tensioni. <strong>Economia<\/strong> Lufthansa, Giorgetti vola a Bruxelles. <strong>Cronaca<\/strong> in carcere a Bari il re delle rapine ai portavalori. <strong>Sardegna,<\/strong> incendi nel nuorese. <strong>Novara<\/strong> ritrovata la quattordicenne scomparsa. <strong>Venezia<\/strong> la protesta dei no ticket <strong>Calcio<\/strong> per la prima volta una partita di serie A arbitrata da sole donne.<\/p>\n<h2>AUDIO dalle 6 del mattino<\/h2>\n<audio class=\"wp-audio-shortcode\" id=\"audio-387124-2\" preload=\"none\" style=\"width: 100%;\" controls=\"controls\"><source type=\"audio\/mpeg\" src=\"https:\/\/www.radiopiu.net\/wordpress\/wp-content\/uploads\/2024\/04\/GIORNALEDELLESEI-22.mp3?_=2\" \/><a href=\"https:\/\/www.radiopiu.net\/wordpress\/wp-content\/uploads\/2024\/04\/GIORNALEDELLESEI-22.mp3\">https:\/\/www.radiopiu.net\/wordpress\/wp-content\/uploads\/2024\/04\/GIORNALEDELLESEI-22.mp3<\/a><\/audio>\n<p>&nbsp;<\/p>\n<hr \/>\n<p>&nbsp;<\/p>\n<h1 style=\"text-align: center;\"><span style=\"color: #ff0000;\">I podcast informativi del mattino &#8211; audio &#8211;\u00a0<\/span><\/h1>\n<p><strong><a class=\"dt-pswp-item\" href=\"https:\/\/www.radiopiu.net\/wordpress\/wp-content\/uploads\/2023\/12\/images.png\" data-dt-img-description=\"\" data-large_image_width=\"316\" data-large_image_height=\"160\"><img loading=\"lazy\" decoding=\"async\" class=\"wp-image-367008 alignleft\" src=\"https:\/\/www.radiopiu.net\/wordpress\/wp-content\/uploads\/2023\/12\/images-300x152.png\" alt=\"\" width=\"235\" height=\"119\" srcset=\"https:\/\/www.radiopiu.net\/wordpress\/wp-content\/uploads\/2023\/12\/images-300x152.png 300w, https:\/\/www.radiopiu.net\/wordpress\/wp-content\/uploads\/2023\/12\/images.png 316w\" sizes=\"auto, (max-width: 235px) 100vw, 235px\" \/><\/a>OGNI GIORNO ALLE SETTE DEL MATTINO, LA RASSEGNA STAMPA LOCALE FLASH&#8230; PER CHI VA IN FRETTA. I TITOLI DAI GIORNALI E DAL SITO WWW.RADIOPIU.NET <span style=\"color: #0000ff;\">viene pubblicato alle 7.00<\/span> <span style=\"color: #ff0000;\">DIRETTA RADIO\u00a0<\/span><\/strong><\/p>\n<p><em><span style=\"color: #ff0000;\">per chi va in fretta&#8230; tante notizie in pochi minuti. L&#8217;informazione locale alla radio, ogni ora dalle 7 del mattino alle 19 della sera.\u00a0 \u00a0 \u00a0\u00a0<\/span><\/em><\/p>\n<p>&nbsp;<\/p>\n<p>SEDICO Partita sospesa a attimi di paura ieri a Sedico durante la partita del torneo under 17 con il Cavarzano. Dopo un quarto d&#8217;ora dal calcio d&#8217;inizio l&#8217;incidente con il giovane rimasto a terra dopo lo scontro fortuito. Il ragazzo \u00e8 stato portato in elicottero al San Martino con l&#8217;elicottero Falco. Le conseguenze dell&#8217;incidente\u00a0 fortunatamente sono meno gravi di quanto ipotizzato nei primi istanti<br \/>\nIL 25 APRILE AD AGORDO \u00abNon ci potr\u00e0 mai essere vera democrazia fino a quando il coro di condanna verso i crimini fascisti e le violenze non sar\u00e0 unanime e finch\u00e9 la parola antifascismo non far\u00e0 parte del lessico quotidiano di tutti\u00bb. Il sindaco Roberto Chissal\u00e8 al monumento ai caduti ha letto l&#8217;art. 3 della Costituzione<br \/>\nMISURINA Ieri pomeriggio i vigili del fuoco sono intervenuti al lago di Misurina nel comune di Auronzo di Cadore per recuperare un drone professionale, di un signore tedesco, che stava effettuando delle riprese video del lago. Il drone per un\u2019avaria si \u00e8 posato sul centro del lago e non ha pi\u00f9 ricevuto i comandi per il decollo. I vigili del fuoco intervenuti con una squadra fluviale, hanno raggiunto con un gommone da rafting il centro del lago, recuperando l\u2019apparecchiatura, che \u00e8 stata riconsegnata al proprietario.<br \/>\nBELLUNO Un medico bellunese, ricoverato per depressione, si vede alleggerire il conto corrente di 15.000 euro da un&#8217;infermiera dell&#8217;Est Europa, che aveva ottenuto la sua fiducia. Il caso porta al rinvio a giudizio della donna per circonvenzione d&#8217;incapace, dopo che la procura ha cambiato il reato da truffa. La donna aveva abusato della fiducia del medico, spingendolo ad autorizzare prelievi ingenti dalla sua carta bancomat, approfittando della sua fragilit\u00e0 mentale. La prima udienza del processo \u00e8 stata fissata per il 7 gennaio 2025.<\/p>\n<h2>AUDIO dalle 7 del mattino<\/h2>\n<audio class=\"wp-audio-shortcode\" id=\"audio-387124-3\" preload=\"none\" style=\"width: 100%;\" controls=\"controls\"><source type=\"audio\/mpeg\" src=\"https:\/\/www.radiopiu.net\/wordpress\/wp-content\/uploads\/2024\/04\/GF07-20.mp3?_=3\" \/><a href=\"https:\/\/www.radiopiu.net\/wordpress\/wp-content\/uploads\/2024\/04\/GF07-20.mp3\">https:\/\/www.radiopiu.net\/wordpress\/wp-content\/uploads\/2024\/04\/GF07-20.mp3<\/a><\/audio>\n<p>&nbsp;<\/p>\n<p>&nbsp;<\/p>\n<hr \/>\n<p>&nbsp;<\/p>\n<h1><\/h1>\n<h1 style=\"text-align: center;\"><span style=\"color: #ff0000;\"><a class=\"dt-pswp-item\" href=\"https:\/\/www.radiopiu.net\/wordpress\/wp-content\/uploads\/2022\/01\/026c3f9d-dae9-4040-a3c1-a6530231bcc3.jpg\" data-dt-img-description=\"\" data-large_image_width=\"1152\" data-large_image_height=\"2048\"><img loading=\"lazy\" decoding=\"async\" class=\"wp-image-251839 alignleft\" src=\"https:\/\/www.radiopiu.net\/wordpress\/wp-content\/uploads\/2022\/01\/026c3f9d-dae9-4040-a3c1-a6530231bcc3-169x300.jpg\" alt=\"\" width=\"100\" height=\"177\" srcset=\"https:\/\/www.radiopiu.net\/wordpress\/wp-content\/uploads\/2022\/01\/026c3f9d-dae9-4040-a3c1-a6530231bcc3-169x300.jpg 169w, https:\/\/www.radiopiu.net\/wordpress\/wp-content\/uploads\/2022\/01\/026c3f9d-dae9-4040-a3c1-a6530231bcc3-576x1024.jpg 576w, https:\/\/www.radiopiu.net\/wordpress\/wp-content\/uploads\/2022\/01\/026c3f9d-dae9-4040-a3c1-a6530231bcc3-768x1365.jpg 768w, https:\/\/www.radiopiu.net\/wordpress\/wp-content\/uploads\/2022\/01\/026c3f9d-dae9-4040-a3c1-a6530231bcc3-864x1536.jpg 864w, https:\/\/www.radiopiu.net\/wordpress\/wp-content\/uploads\/2022\/01\/026c3f9d-dae9-4040-a3c1-a6530231bcc3.jpg 1152w\" sizes=\"auto, (max-width: 100px) 100vw, 100px\" \/><\/a>I podcast informativi del mattino &#8211; audio &#8211;\u00a0<\/span><\/h1>\n<blockquote><p><strong>GIORNALE RADIO NAZIONALE, EDIZIONE DELLE SETTE <span style=\"color: #0000ff;\">viene pubblicato alle 7.05 <span style=\"color: #ff0000;\">DIRETTA RADIO\u00a0<\/span><\/span><\/strong><\/p><\/blockquote>\n<p><strong>il giornale radionazionale e&#8217; in onda ogni ora, dalle sette del mattino alle venti della sera\u00a0\u00a0<\/strong><\/p>\n<p>&nbsp;<\/p>\n<p><strong>Esteri<\/strong> esercito pronto ad entare a Rafa, chiesta l liberazione degli ostatti. <strong>Egitto<\/strong> teme i profughi di guerra palestinesi e propone l&#8217;accordo ad Hamas <strong>Rapper<\/strong> condannato a morte, arrestato e in isolamento dopo essere stato torturato<\/p>\n<h2>AUDIO dalle sette del mattino, ogni ora alla radio<\/h2>\n<audio class=\"wp-audio-shortcode\" id=\"audio-387124-4\" preload=\"none\" style=\"width: 100%;\" controls=\"controls\"><source type=\"audio\/mpeg\" src=\"https:\/\/www.radiopiu.net\/wordpress\/wp-content\/uploads\/2024\/04\/giornale07-22.mp3?_=4\" \/><a href=\"https:\/\/www.radiopiu.net\/wordpress\/wp-content\/uploads\/2024\/04\/giornale07-22.mp3\">https:\/\/www.radiopiu.net\/wordpress\/wp-content\/uploads\/2024\/04\/giornale07-22.mp3<\/a><\/audio>\n<p>&nbsp;<\/p>\n<p>&nbsp;<\/p>\n<hr \/>\n<p>&nbsp;<\/p>\n<p>&nbsp;<\/p>\n<h1><span style=\"color: #ff0000;\">I podcast informativi del mattino &#8211; video &#8211;\u00a0<\/span><\/h1>\n<h2><strong><a class=\"dt-pswp-item\" href=\"https:\/\/www.radiopiu.net\/wordpress\/wp-content\/uploads\/2023\/12\/th-10.jpg\" data-dt-img-description=\"\" data-large_image_width=\"245\" data-large_image_height=\"180\"><img loading=\"lazy\" decoding=\"async\" class=\" wp-image-367395 alignleft\" src=\"https:\/\/www.radiopiu.net\/wordpress\/wp-content\/uploads\/2023\/12\/th-10.jpg\" alt=\"\" width=\"166\" height=\"122\" \/><\/a>RASSEGNA STAMPA LOCALE, ORE OTTO 05<\/strong><\/h2>\n<h2><strong> <span style=\"color: #0000ff;\">viene\u00a0 <\/span><\/strong><strong><span style=\"color: #0000ff;\">pubblicata alle 8.05 <span style=\"color: #ff0000;\">DIRETTA RADIO\u00a0\u00a0<\/span><\/span><\/strong><\/h2>\n<p><strong>DI MIRKO MEZZACASA\u00a0 \u00a0<\/strong><\/p>\n<p>belluno SCARZANELLA PREOCCUPATA PER IL CARO TASSI D&#8217;INTERESSE<br \/>\nAGORDO La Proloco di Agordo \u00e8 salva! Si era temuto il peggio per la riduzione delle &#8220;vocazioni&#8221; al volontariato. Invece oggi Celeste Paganin, le neo eletta Presidente in continuit\u00e0 con idee e obiettivi di\u00a0 Daniele Galligani,\u00a0 che l&#8217;ha preceduta alla guida del sodalizio, ha accanto un gruppo coeso, eterogene e affiatato<br \/>\nUniversit\u00e0 anziani: mostra delle opere pittoriche con i corsi di Laura Ballis, Sar\u00e0 inaugurata in sala don Tamis domani alle 17. 30 e rester\u00e0 aperta tutti i giorni da domenica 28 aprile al 5 maggio, dalle 16 alle 19, domenica e mercoled\u00ec anche dalle 10 alle 12.<br \/>\n&#8220;Marmolada 03.07.22&#8221;: Il Documentario sul Drammatico Crollo sulla Marmolada, Il documentario esce in anteprima il\u00a029 aprile al Trento Film Festival nella categoria\u00a0Orizzonti vicini.<\/p>\n<h2><span style=\"color: #ff0000;\"><strong>VIDEO\u00a0 \u00a0in diretta dalle 8 del mattino<\/strong><\/span><\/h2>\n<p><iframe loading=\"lazy\" title=\"DAL 1983 LA RASSEGNA STAMPA LOCALE di mirko mezzacasa. L&#039;ORIGINALE\" width=\"1200\" height=\"675\" src=\"https:\/\/www.youtube.com\/embed\/sflh_aCxPyg?feature=oembed\" frameborder=\"0\" allow=\"accelerometer; autoplay; clipboard-write; encrypted-media; gyroscope; picture-in-picture; web-share\" referrerpolicy=\"strict-origin-when-cross-origin\" allowfullscreen><\/iframe><\/p>\n<hr \/>\n<p>&nbsp;<\/p>\n<p>&nbsp;<\/p>\n<blockquote>\n<h2><strong> <a class=\"dt-pswp-item\" href=\"https:\/\/www.radiopiu.net\/wordpress\/wp-content\/uploads\/2024\/01\/e4ebd9c4-6e62-48b6-a1f3-d4c76ec360ce.jpg\" data-dt-img-description=\"\" data-large_image_width=\"2048\" data-large_image_height=\"1536\"><img loading=\"lazy\" decoding=\"async\" class=\"wp-image-368299 alignleft\" src=\"https:\/\/www.radiopiu.net\/wordpress\/wp-content\/uploads\/2024\/01\/e4ebd9c4-6e62-48b6-a1f3-d4c76ec360ce-300x225.jpg\" alt=\"\" width=\"192\" height=\"144\" srcset=\"https:\/\/www.radiopiu.net\/wordpress\/wp-content\/uploads\/2024\/01\/e4ebd9c4-6e62-48b6-a1f3-d4c76ec360ce-300x225.jpg 300w, https:\/\/www.radiopiu.net\/wordpress\/wp-content\/uploads\/2024\/01\/e4ebd9c4-6e62-48b6-a1f3-d4c76ec360ce-1024x768.jpg 1024w, https:\/\/www.radiopiu.net\/wordpress\/wp-content\/uploads\/2024\/01\/e4ebd9c4-6e62-48b6-a1f3-d4c76ec360ce-768x576.jpg 768w, https:\/\/www.radiopiu.net\/wordpress\/wp-content\/uploads\/2024\/01\/e4ebd9c4-6e62-48b6-a1f3-d4c76ec360ce-1536x1152.jpg 1536w, https:\/\/www.radiopiu.net\/wordpress\/wp-content\/uploads\/2024\/01\/e4ebd9c4-6e62-48b6-a1f3-d4c76ec360ce.jpg 2048w\" sizes=\"auto, (max-width: 192px) 100vw, 192px\" \/><\/a>CALCIATORE FERITO DURANTE LA PARTITA DI CALCIO<\/strong><\/h2>\n<\/blockquote>\n<p><strong>SEDICO <\/strong>Partita sospesa a attimi di paura ieri a Sedico durante la partita del torneo under 17 con il Cavarzano. Dopo un quarto d&#8217;ora dal calcio d&#8217;inizio l&#8217;incidente con il giovane rimasto a terra dopo lo scontro fortuito. Il ragazzo \u00e8 stato portato in elicottero al San Martino con l&#8217;elicottero Falco. Le conseguenze dell&#8217;incidente\u00a0 fortunatamente sono meno gravi di quanto ipotizzato nei primi istanti.<\/p>\n<p><em>L&#8217;incidente: normale scontro di gioco. L&#8217;avversario cadendo ha impattato con il ginocchio sulla schiena del ragazzo, quindicenne in forza al Cavarzano, una promessa del calcio bellunese gi\u00e0 nel mirino dei talent scout<\/em><\/p>\n<p>&nbsp;<\/p>\n<hr \/>\n<p>&nbsp;<\/p>\n<blockquote>\n<h3>IL 25 APRILE AD AGORDO<\/h3>\n<\/blockquote>\n<p><strong>AGORDO <\/strong>\u00a0\u00abNon ci potr\u00e0 mai essere vera democrazia fino a quando il coro di condanna verso i crimini fascisti e le violenze non sar\u00e0 unanime e finch\u00e9 la parola antifascismo non far\u00e0 parte del lessico quotidiano di tutti\u00bb. Il sindaco Roberto Chissal\u00e8 al monumento ai caduti ha letto l&#8217;art. 3 della Costituzione<\/p>\n<p>&nbsp;<\/p>\n<p><strong>LA DIRETTA RADIO PIU&#8217;<\/strong><\/p>\n<p><iframe loading=\"lazy\" title=\"Diretta Esterna Radio Pi\u00f9\" width=\"1200\" height=\"675\" src=\"https:\/\/www.youtube.com\/embed\/yrWzMl09bAY?feature=oembed\" frameborder=\"0\" allow=\"accelerometer; autoplay; clipboard-write; encrypted-media; gyroscope; picture-in-picture; web-share\" referrerpolicy=\"strict-origin-when-cross-origin\" allowfullscreen><\/iframe><\/p>\n<p>&nbsp;<\/p>\n<hr \/>\n<p>&nbsp;<\/p>\n<blockquote>\n<h3 class=\"entry-title\">SINDACI VS AVVOCATI: AUTOVELOX SPENTI, PREOCCUPAZIONI E APPELLI SULLA 203 AGORDINA<\/h3>\n<\/blockquote>\n<p class=\"photoswipe-wrapper\"><a class=\"dt-pswp-item pspw-wrap-ready\" href=\"https:\/\/www.radiopiu.net\/wordpress\/wp-content\/uploads\/2022\/02\/th-3.jpg\" data-dt-img-description=\"\" data-large_image_width=\"305\" data-large_image_height=\"171\"><img loading=\"lazy\" decoding=\"async\" class=\"size-medium wp-image-258850 alignleft\" src=\"https:\/\/www.radiopiu.net\/wordpress\/wp-content\/uploads\/2022\/02\/th-3-300x168.jpg\" sizes=\"auto, (max-width: 300px) 100vw, 300px\" srcset=\"https:\/\/www.radiopiu.net\/wordpress\/wp-content\/uploads\/2022\/02\/th-3-300x168.jpg 300w, https:\/\/www.radiopiu.net\/wordpress\/wp-content\/uploads\/2022\/02\/th-3.jpg 305w\" alt=\"\" width=\"300\" height=\"168\" \/><\/a><strong>REDAZIONE<\/strong>\u00a0Per ora hanno vinto gli avvocati anti velocit\u00e0, sventolando la sentenza della Cassazione hanno di fatto obbligato i sindaci a non rischiare ricorsi e contro ricorsi.<\/p>\n<p>I sindaci hanno spento gli autovelox. C\u2019\u00e8 chi brinda e chi percorre quotidianamente la 203 agordina, se prima era preoccupato ora \u00e8 terrorizzato. L\u2019ultima barriera alla velocit\u00e0, Candaten, \u00e8 stata abbattuta sul palo sventola la bandiera tipo, fort apache. Quindi si ipotizza riprendano i sorpassi e l\u2019alta velocit\u00e0 anche prima della curva alla fine del rettilineo. Altro che brindare, c\u2019\u00e8 da preoccuparsi, avete visto gli ultimi video pubblicati?\u00a0 Succede tutti i giorni.<br \/>\nC\u2019\u00e8 da augurarsi di Prefetto e Questore raccolgano l\u2019appello di chi si muove sulla 203 per lavoro, perch\u00e9 costretto e ne farebbe anche a meno tra problemi di folli al volante e cervi in libert\u00e0.<br \/>\nC\u2019\u00e8 da augurarsi che le Istituzioni intensifichino i controlli di di indossa la divisa e non una fascia tricolore per sanare i bilanci in un unico punto della terrorizzante 203 agordina.<\/p>\n<p>mm<\/p>\n<p>&nbsp;<\/p>\n<blockquote>\n<h3>DILLO A RADIO PIU&#8217;&#8230;.LA SENTENZA SUGLI AUTOVELOX<\/h3>\n<\/blockquote>\n<p><strong><a class=\"dt-pswp-item\" href=\"https:\/\/www.radiopiu.net\/wordpress\/wp-content\/uploads\/2023\/08\/Autovelox_c-Antonio-Nardelli_lr.jpg\" data-dt-img-description=\"\" data-large_image_width=\"500\" data-large_image_height=\"291\"><img loading=\"lazy\" decoding=\"async\" class=\"size-medium wp-image-348189 alignleft\" src=\"https:\/\/www.radiopiu.net\/wordpress\/wp-content\/uploads\/2023\/08\/Autovelox_c-Antonio-Nardelli_lr-300x175.jpg\" alt=\"\" width=\"300\" height=\"175\" srcset=\"https:\/\/www.radiopiu.net\/wordpress\/wp-content\/uploads\/2023\/08\/Autovelox_c-Antonio-Nardelli_lr-300x175.jpg 300w, https:\/\/www.radiopiu.net\/wordpress\/wp-content\/uploads\/2023\/08\/Autovelox_c-Antonio-Nardelli_lr.jpg 500w\" sizes=\"auto, (max-width: 300px) 100vw, 300px\" \/><\/a>Riceviamo e pubblichiamo<\/strong><\/p>\n<p>Come era prevedibile questa sentenza sulla omologazione degli autovelox sta facendo discutere. C&#8217;\u00e8 chi la vede come una sacrosanta vittoria contro delle vere e proprie trappole per automobilisti, tanto che per alcuni Comuni sono diventate la maggiore entrata di bilancio, mentre all&#8217;opposto c&#8217;\u00e8 chi paventa un aumento degli incidenti adesso che alcuni Velox (alcuni, mica tutti) verranno disattivati in attesa di capire come gestirli da qui in avanti. Mie considerazioni da semplice automobilista che da decenni non prende una multa ( tocchiamo ferro di continuare cos\u00ec). Intanto la decisione della Cassazione mi sembra assolutamente logica: qualsiasi automobilista pu\u00f2 utilizzare sulla propria auto solamente ricambi o accessori OMOLOGATI, non importa che siano parti fondamentali per la sicurezza come pneumatici o freni, deve essere conforme all&#8217;omologazione anche una semplice luce targa. Se si viene beccati con parti non omologate \u00e8 facolt\u00e0 delle forze dell&#8217;ordine sanzionare, eventualmente ritirare il libretto e mandare a revisione secondo i casi. Mi sembra quindi il minimo che chi controlla gli automobilisti debba rispettare per primo le normative. Quindi, essendo prevista una omologazione per gli autovelox, ogni rilevatore di velocit\u00e0 DEVE essere in regola altrimenti l&#8217;apparecchio non pu\u00f2 essere utilizzato. L&#8217;omologazione degli autovelox non \u00e8 stata mica inventata ieri mattina quindi chi gestiva gli apparecchi poteva svegliarsi prima invece di attendere la sentenza della Cassazione. Per quanto riguarda il possibile aumento degli incidenti, sarebbe l&#8217;occasione buona per ritornare a fare i controlli di persona sulle strade, come succedeva molti anni fa quando nel Bellunese di autovelox ce n&#8217;erano ben pochi ma in compenso si vedevano molte pi\u00f9 forze dell&#8217;ordine a presidiare fisicamente le strade. La differenza \u00e8 che un autovelox fisso si sa dov&#8217;\u00e8, quindi il pilota di turno rallenta in prossimit\u00e0 e poi riprende a correre come prima, mentre una pattuglia che controlla pu\u00f2 essere dovunque, quindi i fenomeni del volante hanno vita molto pi\u00f9 difficile.<\/p>\n<p>Emilio Bez<\/p>\n<p>&nbsp;<\/p>\n<p>&nbsp;<\/p>\n<hr \/>\n<p>&nbsp;<\/p>\n<blockquote>\n<h3>MISURINA, RECUPERATO NEL CENTRO DEL LAGO GHIACCIATO UN DRONE PROFESSIONALE<\/h3>\n<\/blockquote>\n<p><strong>MISURINA<\/strong> Ieri pomeriggio i vigili del fuoco sono intervenuti al lago di Misurina nel comune di Auronzo di Cadore per recuperare un drone professionale, di un signore tedesco, che stava effettuando delle riprese video del lago. Il drone per un\u2019avaria si \u00e8 posato sul centro del lago e non ha pi\u00f9 ricevuto i comandi per il decollo. I vigili del fuoco intervenuti con una squadra fluviale, hanno raggiunto con un gommone da rafting il centro del lago, recuperando l\u2019apparecchiatura, che \u00e8 stata riconsegnata al proprietario.<\/p>\n\n\t\t\t<style type='text\/css'>\n\t\t\t\t#gallery-2 {\n\t\t\t\t\tmargin: auto;\n\t\t\t\t}\n\t\t\t\t#gallery-2 .gallery-item {\n\t\t\t\t\tfloat: left;\n\t\t\t\t\tmargin-top: 10px;\n\t\t\t\t\ttext-align: center;\n\t\t\t\t\twidth: 50%;\n\t\t\t\t}\n\t\t\t\t#gallery-2 img {\n\t\t\t\t\tborder: 2px solid #cfcfcf;\n\t\t\t\t}\n\t\t\t\t#gallery-2 .gallery-caption {\n\t\t\t\t\tmargin-left: 0;\n\t\t\t\t}\n\t\t\t\t\/* see gallery_shortcode() in wp-includes\/media.php *\/\n\t\t\t<\/style>\n\t\t<div id='gallery-2' class='dt-gallery-container gallery galleryid-387124 gallery-columns-2 gallery-size-medium'><dl class='gallery-item'>\n\t\t\t\t<dt class='gallery-icon landscape'>\n\t\t\t\t\t<a class=\"rollover rollover-zoom dt-pswp-item\" title=\"cd43da5d-809a-4342-be18-02407fb13cce\" data-dt-img-description=\"\" data-large_image_width=\"720\" data-large_image_height=\"588\"href='https:\/\/www.radiopiu.net\/wordpress\/wp-content\/uploads\/2024\/04\/cd43da5d-809a-4342-be18-02407fb13cce.jpg'><img loading=\"lazy\" decoding=\"async\" width=\"300\" height=\"245\" src=\"https:\/\/www.radiopiu.net\/wordpress\/wp-content\/uploads\/2024\/04\/cd43da5d-809a-4342-be18-02407fb13cce-300x245.jpg\" class=\"attachment-medium size-medium\" alt=\"\" srcset=\"https:\/\/www.radiopiu.net\/wordpress\/wp-content\/uploads\/2024\/04\/cd43da5d-809a-4342-be18-02407fb13cce-300x245.jpg 300w, https:\/\/www.radiopiu.net\/wordpress\/wp-content\/uploads\/2024\/04\/cd43da5d-809a-4342-be18-02407fb13cce.jpg 720w\" sizes=\"auto, (max-width: 300px) 100vw, 300px\" \/><\/a>\n\t\t\t\t<\/dt><\/dl><dl class='gallery-item'>\n\t\t\t\t<dt class='gallery-icon landscape'>\n\t\t\t\t\t<a class=\"rollover rollover-zoom dt-pswp-item\" title=\"526e81fe-62a0-469f-9cd4-afab39e29474\" data-dt-img-description=\"\" data-large_image_width=\"1280\" data-large_image_height=\"951\"href='https:\/\/www.radiopiu.net\/wordpress\/wp-content\/uploads\/2024\/04\/526e81fe-62a0-469f-9cd4-afab39e29474.jpg'><img loading=\"lazy\" decoding=\"async\" width=\"300\" height=\"223\" src=\"https:\/\/www.radiopiu.net\/wordpress\/wp-content\/uploads\/2024\/04\/526e81fe-62a0-469f-9cd4-afab39e29474-300x223.jpg\" class=\"attachment-medium size-medium\" alt=\"\" srcset=\"https:\/\/www.radiopiu.net\/wordpress\/wp-content\/uploads\/2024\/04\/526e81fe-62a0-469f-9cd4-afab39e29474-300x223.jpg 300w, https:\/\/www.radiopiu.net\/wordpress\/wp-content\/uploads\/2024\/04\/526e81fe-62a0-469f-9cd4-afab39e29474-1024x761.jpg 1024w, https:\/\/www.radiopiu.net\/wordpress\/wp-content\/uploads\/2024\/04\/526e81fe-62a0-469f-9cd4-afab39e29474-768x571.jpg 768w, https:\/\/www.radiopiu.net\/wordpress\/wp-content\/uploads\/2024\/04\/526e81fe-62a0-469f-9cd4-afab39e29474.jpg 1280w\" sizes=\"auto, (max-width: 300px) 100vw, 300px\" \/><\/a>\n\t\t\t\t<\/dt><\/dl><br style=\"clear: both\" \/>\n\t\t\t<\/div>\n\n<p>&nbsp;<\/p>\n<p>&nbsp;<\/p>\n<hr \/>\n<p>&nbsp;<\/p>\n<p><span style=\"color: #ff0000;\"><strong>CORRIERE DELLE ALPI.<\/strong><\/span><br \/>\n<strong>DAL QUOTIDIANO DEI BELLUNESI SINTESI DELLA GIUDIZIARIA DI\u00a0 MARCO FILIPPI<br \/>\n<\/strong><\/p>\n<p><strong>Infermiera Accusata di Circonvenzione d&#8217;Incapace: Ricoverato Medico Bellunese Spennato di 15.000 Euro<\/strong><\/p>\n<p><strong>BELLUNO<\/strong> Un medico bellunese, ricoverato per depressione, si vede alleggerire il conto corrente di 15.000 euro da un&#8217;infermiera dell&#8217;Est Europa, che aveva ottenuto la sua fiducia. Il caso porta al rinvio a giudizio della donna per circonvenzione d&#8217;incapace, dopo che la procura ha cambiato il reato da truffa. La donna aveva abusato della fiducia del medico, spingendolo ad autorizzare prelievi ingenti dalla sua carta bancomat, approfittando della sua fragilit\u00e0 mentale. La prima udienza del processo \u00e8 stata fissata per il 7 gennaio 2025.<\/p>\n<p>&nbsp;<\/p>\n<hr \/>\n<p>&nbsp;<\/p>\n<p>&nbsp;<\/p>\n<blockquote>\n<h3>SCARZANELLA PREOCCUPATA PER IL CARO TASSI D&#8217;INTERESSE<\/h3>\n<\/blockquote>\n<p><strong><a class=\"dt-pswp-item\" href=\"https:\/\/www.radiopiu.net\/wordpress\/wp-content\/uploads\/2024\/04\/SCARZANELLA-Claudia-21-scaled.jpg\" data-dt-img-description=\"\" data-large_image_width=\"2560\" data-large_image_height=\"1920\"><img loading=\"lazy\" decoding=\"async\" class=\" wp-image-387231 alignleft\" src=\"https:\/\/www.radiopiu.net\/wordpress\/wp-content\/uploads\/2024\/04\/SCARZANELLA-Claudia-21-300x225.jpg\" alt=\"\" width=\"164\" height=\"123\" srcset=\"https:\/\/www.radiopiu.net\/wordpress\/wp-content\/uploads\/2024\/04\/SCARZANELLA-Claudia-21-300x225.jpg 300w, https:\/\/www.radiopiu.net\/wordpress\/wp-content\/uploads\/2024\/04\/SCARZANELLA-Claudia-21-1024x768.jpg 1024w, https:\/\/www.radiopiu.net\/wordpress\/wp-content\/uploads\/2024\/04\/SCARZANELLA-Claudia-21-768x576.jpg 768w, https:\/\/www.radiopiu.net\/wordpress\/wp-content\/uploads\/2024\/04\/SCARZANELLA-Claudia-21-1536x1152.jpg 1536w, https:\/\/www.radiopiu.net\/wordpress\/wp-content\/uploads\/2024\/04\/SCARZANELLA-Claudia-21-2048x1536.jpg 2048w\" sizes=\"auto, (max-width: 164px) 100vw, 164px\" \/><\/a>BELLUNO<\/strong> La presidente di Confartigianato Imprese Belluno, Claudia Scarzanella, esprime preoccupazione per l&#8217;extra costo da interessi bancari: 30 milioni di euro per le micro e piccole imprese della provincia. Il Veneto \u00e8 il secondo in Italia per extra costo, con 944 milioni di euro. Gli alti tassi d&#8217;interesse hanno causato un calo dei prestiti alle imprese, con una diminuzione del 3,7% nel 2023. L&#8217;autofinanziamento \u00e8 principale fonte di finanziamento (76%), seguito dal credito bancario a medio e lungo termine (34,7%). Solo il 2,7% delle imprese ha usufruito di sostegni pubblici. Il 38,8% ha dipendenza dalle fonti esterne di finanziamento, mentre il 38,7% ha dipendenza dalle banche. La situazione economica \u00e8 complicata dalla stretta monetaria e dai rischi geopolitici sul commercio internazionale.<\/p>\n<p>&nbsp;<\/p>\n<p>&nbsp;<\/p>\n<p>&nbsp;<\/p>\n<hr \/>\n<blockquote>\n<h3><\/h3>\n<h3>IL NUOVO DIRETTIVO DELLA PROLOCO DI AGORDO<\/h3>\n<\/blockquote>\n<p><strong>AGORDO<\/strong> La Proloco di Agordo \u00e8 salva! Si era temuto il peggio per la riduzione delle &#8220;vocazioni&#8221; al volontariato. Invece oggi Celeste Paganin, le neo eletta Presidente in continuit\u00e0 con idee e obiettivi di\u00a0 Daniele Galligani,\u00a0 che l&#8217;ha preceduta alla guida del sodalizio, ha accanto un gruppo coeso, eterogene e affiatato, pronto per i primi due appuntamenti: la 4 Pas in Doi e la Sagra de San Piero. E questa \u00e8 l&#8217;altra bella novit\u00e0 perch\u00e9 era stato messo in dubbio si potesse organizzare sempre per motivi legati alla necessit\u00e0 di poter contare su tante e diverse persone.\u00a0 Missione compiuta, la Proloco ha un nuovo direttivo ed \u00e8 pronta per gli eventi dell&#8217;estate. Ne abbiamo parlato alla radio con Celeste Paganin, Francesca Schena, Adele De Gregori, Elisabetta Ganz, Samuele Cassisi.<\/p>\n<p><strong>di mirko mezzacasa<\/strong><\/p>\n<audio class=\"wp-audio-shortcode\" id=\"audio-387124-5\" preload=\"none\" style=\"width: 100%;\" controls=\"controls\"><source type=\"audio\/mpeg\" src=\"https:\/\/www.radiopiu.net\/wordpress\/wp-content\/uploads\/2024\/04\/proloco-agordo-2024.mp3?_=5\" \/><a href=\"https:\/\/www.radiopiu.net\/wordpress\/wp-content\/uploads\/2024\/04\/proloco-agordo-2024.mp3\">https:\/\/www.radiopiu.net\/wordpress\/wp-content\/uploads\/2024\/04\/proloco-agordo-2024.mp3<\/a><\/audio>\n<p>&nbsp;<\/p>\n\n\t\t\t<style type='text\/css'>\n\t\t\t\t#gallery-3 {\n\t\t\t\t\tmargin: auto;\n\t\t\t\t}\n\t\t\t\t#gallery-3 .gallery-item {\n\t\t\t\t\tfloat: left;\n\t\t\t\t\tmargin-top: 10px;\n\t\t\t\t\ttext-align: center;\n\t\t\t\t\twidth: 33%;\n\t\t\t\t}\n\t\t\t\t#gallery-3 img {\n\t\t\t\t\tborder: 2px solid #cfcfcf;\n\t\t\t\t}\n\t\t\t\t#gallery-3 .gallery-caption {\n\t\t\t\t\tmargin-left: 0;\n\t\t\t\t}\n\t\t\t\t\/* see gallery_shortcode() in wp-includes\/media.php *\/\n\t\t\t<\/style>\n\t\t<div id='gallery-3' class='dt-gallery-container gallery galleryid-387124 gallery-columns-3 gallery-size-thumbnail'><dl class='gallery-item'>\n\t\t\t\t<dt class='gallery-icon landscape'>\n\t\t\t\t\t<a class=\"rollover rollover-zoom dt-pswp-item\" title=\"Senza nome\" data-dt-img-description=\"\" data-large_image_width=\"664\" data-large_image_height=\"329\"href='https:\/\/www.radiopiu.net\/wordpress\/wp-content\/uploads\/2024\/04\/Senza-nome-44.png'><img loading=\"lazy\" decoding=\"async\" width=\"150\" height=\"150\" src=\"https:\/\/www.radiopiu.net\/wordpress\/wp-content\/uploads\/2024\/04\/Senza-nome-44-150x150.png\" class=\"attachment-thumbnail size-thumbnail\" alt=\"\" \/><\/a>\n\t\t\t\t<\/dt><\/dl><dl class='gallery-item'>\n\t\t\t\t<dt class='gallery-icon landscape'>\n\t\t\t\t\t<a class=\"rollover rollover-zoom dt-pswp-item\" title=\"Senza nome\" data-dt-img-description=\"\" data-large_image_width=\"675\" data-large_image_height=\"442\"href='https:\/\/www.radiopiu.net\/wordpress\/wp-content\/uploads\/2024\/04\/Senza-nome-45.png'><img loading=\"lazy\" decoding=\"async\" width=\"150\" height=\"150\" src=\"https:\/\/www.radiopiu.net\/wordpress\/wp-content\/uploads\/2024\/04\/Senza-nome-45-150x150.png\" class=\"attachment-thumbnail size-thumbnail\" alt=\"\" \/><\/a>\n\t\t\t\t<\/dt><\/dl><dl class='gallery-item'>\n\t\t\t\t<dt class='gallery-icon landscape'>\n\t\t\t\t\t<a class=\"rollover rollover-zoom dt-pswp-item\" title=\"Senza nome\" data-dt-img-description=\"\" data-large_image_width=\"285\" data-large_image_height=\"219\"href='https:\/\/www.radiopiu.net\/wordpress\/wp-content\/uploads\/2024\/04\/Senza-nome-43.png'><img loading=\"lazy\" decoding=\"async\" width=\"150\" height=\"150\" src=\"https:\/\/www.radiopiu.net\/wordpress\/wp-content\/uploads\/2024\/04\/Senza-nome-43-150x150.png\" class=\"attachment-thumbnail size-thumbnail\" alt=\"\" \/><\/a>\n\t\t\t\t<\/dt><\/dl><br style=\"clear: both\" \/>\n\t\t\t<\/div>\n\n<p>&nbsp;<\/p>\n<p>&nbsp;<\/p>\n<hr \/>\n<p>&nbsp;<\/p>\n<blockquote>\n<h1 class=\"articlePlainTitle\">Universit\u00e0 anziani: mostra delle opere pittoriche<\/h1>\n<\/blockquote>\n<div class=\"articlePlainText\"><\/div>\n<div class=\"articlePlainText\"><strong>AGORDO <\/strong>A chiudere il 26\u00b0 anno accademico della Sezione di Agordo dell&#8217;Universit\u00e0 Adulti\/Anziani sar\u00e0 anche il Laboratorio artistico, guidato da oltre 20 anni con costanza e bravura dall&#8217;affermata pittrice agordina Laura Ballis. Frequentato da una quindicina di allievi, \u00e8 una delle attivit\u00e0 complementari cui si \u00e8 sempre data e si continua a dare particolare importanza sia per l&#8217;aspetto didattico-culturale e sia per quello sociale.\u00a0 Sar\u00e0 inaugurata in sala don Tamis domani alle 17. 30 e rester\u00e0 aperta tutti i giorni da domenica 28 aprile al 5 maggio, dalle 16 alle 19, domenica e mercoled\u00ec anche dalle 10 alle 12.<\/div>\n<div><\/div>\n<p>&nbsp;<\/p>\n<hr \/>\n<p>&nbsp;<\/p>\n<blockquote>\n<h2>OBIETTIVO MARCHETTI: UNA PIAZZA GREMITA DI GENTE<\/h2>\n<\/blockquote>\n<p><img loading=\"lazy\" decoding=\"async\" class=\"aligncenter\" src=\"https:\/\/www.radiopiu.net\/wordpress\/wp-content\/uploads\/2024\/04\/c44f127c-ac4a-429a-91c5-4aefa62b2173-scaled.jpg\" width=\"262\" height=\"197\" \/><\/p>\n<p><strong>BELLUNO<\/strong><\/p>\n<p><strong>DI DANIELE DALVIT<\/strong><\/p>\n<audio class=\"wp-audio-shortcode\" id=\"audio-387124-6\" preload=\"none\" style=\"width: 100%;\" controls=\"controls\"><source type=\"audio\/mpeg\" src=\"https:\/\/www.radiopiu.net\/wordpress\/wp-content\/uploads\/2024\/04\/Radio-Piu-Servizio-Marchetti-presidente-Consulta-Ascom-1.mp3?_=6\" \/><a href=\"https:\/\/www.radiopiu.net\/wordpress\/wp-content\/uploads\/2024\/04\/Radio-Piu-Servizio-Marchetti-presidente-Consulta-Ascom-1.mp3\">https:\/\/www.radiopiu.net\/wordpress\/wp-content\/uploads\/2024\/04\/Radio-Piu-Servizio-Marchetti-presidente-Consulta-Ascom-1.mp3<\/a><\/audio>\n<p>&nbsp;<\/p>\n<p>&nbsp;<\/p>\n<hr \/>\n<p>&nbsp;<\/p>\n<p>&nbsp;<\/p>\n<div class=\"flex-1 overflow-hidden\">\n<div class=\"react-scroll-to-bottom--css-lcgsz-79elbk h-full\">\n<div class=\"react-scroll-to-bottom--css-lcgsz-1n7m0yu\">\n<div class=\"flex flex-col text-sm pb-9\">\n<div class=\"w-full text-token-text-primary\" dir=\"auto\" data-testid=\"conversation-turn-15\">\n<div class=\"px-4 py-2 justify-center text-base md:gap-6 m-auto\">\n<div class=\"flex flex-1 text-base mx-auto gap-3 juice:gap-4 juice:md:gap-6 md:px-5 lg:px-1 xl:px-5 md:max-w-3xl lg:max-w-[40rem] xl:max-w-[48rem]\">\n<div class=\"relative flex w-full min-w-0 flex-col agent-turn\">\n<div class=\"flex-col gap-1 md:gap-3\">\n<div class=\"flex flex-grow flex-col max-w-full\">\n<div class=\"min-h-[20px] text-message flex flex-col items-start gap-3 whitespace-pre-wrap break-words [.text-message+&amp;]:mt-5 overflow-x-auto\" dir=\"auto\" data-message-author-role=\"assistant\" data-message-id=\"8c61ed56-1409-42ce-a9dd-7c255fb30886\">\n<div class=\"markdown prose w-full break-words dark:prose-invert dark\">\n<blockquote>\n<h2><strong>Evento sull&#8217;Educazione Civica: Focus sul Bullismo e Violenza di Genere<\/strong><\/h2>\n<\/blockquote>\n<p><strong>FELTRE<\/strong> Nell&#8217;aula magna della scuola superiore G. Rocca, la prof.ssa Vanda De Boni ha ospitato la responsabile Provinciale di Soroptimist, Prof.ssa Maria Grazia Passuello, e la Dottoressa Daniela Signorini per discutere il tema della violenza di genere. Durante l&#8217;evento sono stati presentati il recente inserimento su Wikipedia della biografia di 5 donne bellunesi, incluso la dottoressa Vanda Milano, un decalogo antiviolenza e l&#8217;idea di una stanza dedicata alle donne in difficolt\u00e0 presso la caserma dei carabinieri. I ragazzi delle classi terze hanno dimostrato un forte interesse, ponendo numerose domande alle relatrici.<\/p>\n\n\t\t\t<style type='text\/css'>\n\t\t\t\t#gallery-4 {\n\t\t\t\t\tmargin: auto;\n\t\t\t\t}\n\t\t\t\t#gallery-4 .gallery-item {\n\t\t\t\t\tfloat: left;\n\t\t\t\t\tmargin-top: 10px;\n\t\t\t\t\ttext-align: center;\n\t\t\t\t\twidth: 50%;\n\t\t\t\t}\n\t\t\t\t#gallery-4 img {\n\t\t\t\t\tborder: 2px solid #cfcfcf;\n\t\t\t\t}\n\t\t\t\t#gallery-4 .gallery-caption {\n\t\t\t\t\tmargin-left: 0;\n\t\t\t\t}\n\t\t\t\t\/* see gallery_shortcode() in wp-includes\/media.php *\/\n\t\t\t<\/style>\n\t\t<div id='gallery-4' class='dt-gallery-container gallery galleryid-387124 gallery-columns-2 gallery-size-thumbnail'><dl class='gallery-item'>\n\t\t\t\t<dt class='gallery-icon portrait'>\n\t\t\t\t\t<a class=\"rollover rollover-zoom dt-pswp-item\" title=\"IMG_20240422_101745\" data-dt-img-description=\"\" data-large_image_width=\"1920\" data-large_image_height=\"2560\"href='https:\/\/www.radiopiu.net\/wordpress\/wp-content\/uploads\/2024\/04\/IMG_20240422_101745-scaled.jpg'><img loading=\"lazy\" decoding=\"async\" width=\"150\" height=\"150\" src=\"https:\/\/www.radiopiu.net\/wordpress\/wp-content\/uploads\/2024\/04\/IMG_20240422_101745-150x150.jpg\" class=\"attachment-thumbnail size-thumbnail\" alt=\"\" \/><\/a>\n\t\t\t\t<\/dt><\/dl><dl class='gallery-item'>\n\t\t\t\t<dt class='gallery-icon landscape'>\n\t\t\t\t\t<a class=\"rollover rollover-zoom dt-pswp-item\" title=\"IMG_20240422_104452\" data-dt-img-description=\"\" data-large_image_width=\"2560\" data-large_image_height=\"1920\"href='https:\/\/www.radiopiu.net\/wordpress\/wp-content\/uploads\/2024\/04\/IMG_20240422_104452-scaled.jpg'><img loading=\"lazy\" decoding=\"async\" width=\"150\" height=\"150\" src=\"https:\/\/www.radiopiu.net\/wordpress\/wp-content\/uploads\/2024\/04\/IMG_20240422_104452-150x150.jpg\" class=\"attachment-thumbnail size-thumbnail\" alt=\"\" \/><\/a>\n\t\t\t\t<\/dt><\/dl><br style=\"clear: both\" \/>\n\t\t\t<\/div>\n\n<\/div>\n<\/div>\n<\/div>\n<div class=\"pr-2 lg:pr-0\"><\/div>\n<div>\n<hr \/>\n<\/div>\n<div><\/div>\n<blockquote>\n<h3><strong>&#8220;Marmolada 03.07.22&#8221;: Il Documentario sul Drammatico Crollo sulla Marmolada<\/strong><\/h3>\n<\/blockquote>\n<div><span class=\"\"><a class=\"dt-pswp-item\" href=\"https:\/\/www.radiopiu.net\/wordpress\/wp-content\/uploads\/2024\/04\/55a3a987-57e2-ffc4-c3b1-8e59dd7e8682.jpg\" data-dt-img-description=\"\" data-large_image_width=\"1998\" data-large_image_height=\"1080\"><img loading=\"lazy\" decoding=\"async\" class=\"size-medium wp-image-387169 alignleft\" src=\"https:\/\/www.radiopiu.net\/wordpress\/wp-content\/uploads\/2024\/04\/55a3a987-57e2-ffc4-c3b1-8e59dd7e8682-300x162.jpg\" alt=\"\" width=\"300\" height=\"162\" srcset=\"https:\/\/www.radiopiu.net\/wordpress\/wp-content\/uploads\/2024\/04\/55a3a987-57e2-ffc4-c3b1-8e59dd7e8682-300x162.jpg 300w, https:\/\/www.radiopiu.net\/wordpress\/wp-content\/uploads\/2024\/04\/55a3a987-57e2-ffc4-c3b1-8e59dd7e8682-1024x554.jpg 1024w, https:\/\/www.radiopiu.net\/wordpress\/wp-content\/uploads\/2024\/04\/55a3a987-57e2-ffc4-c3b1-8e59dd7e8682-768x415.jpg 768w, https:\/\/www.radiopiu.net\/wordpress\/wp-content\/uploads\/2024\/04\/55a3a987-57e2-ffc4-c3b1-8e59dd7e8682-1536x830.jpg 1536w, https:\/\/www.radiopiu.net\/wordpress\/wp-content\/uploads\/2024\/04\/55a3a987-57e2-ffc4-c3b1-8e59dd7e8682.jpg 1998w\" sizes=\"auto, (max-width: 300px) 100vw, 300px\" \/><\/a><strong>TRENTO<\/strong><\/span><\/div>\n<div>\n<div class=\"flex-1 overflow-hidden\">\n<div class=\"react-scroll-to-bottom--css-lcgsz-79elbk h-full\">\n<div class=\"react-scroll-to-bottom--css-lcgsz-1n7m0yu\">\n<div class=\"flex flex-col text-sm pb-9\">\n<div class=\"w-full text-token-text-primary\" dir=\"auto\" data-testid=\"conversation-turn-17\">\n<div class=\"px-4 py-2 justify-center text-base md:gap-6 m-auto\">\n<div class=\"flex flex-1 text-base mx-auto gap-3 juice:gap-4 juice:md:gap-6 md:px-5 lg:px-1 xl:px-5 md:max-w-3xl lg:max-w-[40rem] xl:max-w-[48rem]\">\n<div class=\"relative flex w-full min-w-0 flex-col agent-turn\">\n<div class=\"flex-col gap-1 md:gap-3\">\n<div class=\"flex flex-grow flex-col max-w-full\">\n<div class=\"min-h-[20px] text-message flex flex-col items-start gap-3 whitespace-pre-wrap break-words [.text-message+&amp;]:mt-5 overflow-x-auto\" dir=\"auto\" data-message-author-role=\"assistant\" data-message-id=\"c8f27f66-779e-4aec-923a-5510842b776b\">\n<div class=\"markdown prose w-full break-words dark:prose-invert dark\">\n<p>Il documentario, scritto e diretto da Giorgia Lorenzato e Manuel Zarpellon e prodotto da Cineblend s.r.l., racconta il disastroso crollo lungo i pendii della Marmolada nel luglio del 2022, che ha causato la morte di undici persone. Attraverso interviste, materiale di repertorio e riprese attuali, il film mette in luce l&#8217;eroismo dei soccorritori e il dramma umano vissuto dai sopravvissuti e dalle loro famiglie. Il lavoro, aderente al Manifesto del Verona Green Movie Land, ha ricevuto il patrocinio di diverse istituzioni e il contributo di numerose realt\u00e0, testimoniando la solidariet\u00e0 e l&#8217;impegno della comunit\u00e0 di fronte alla tragedia. <span class=\"\">Il documentario esce in anteprima il\u00a0<strong class=\"\">29 aprile <\/strong>al <strong class=\"\"><a class=\"\" href=\"https:\/\/us8.mailchimp.com\/mctx\/clicks?url=https%3A%2F%2Ftrentofestival.it%2Fedizione-2024%2Fprogramma%2Ffilm%2Fmarmolada-03-07-22%2F&amp;xid=0753614157&amp;uid=31795631&amp;iid=44c38e10c0&amp;pool=cts&amp;v=2&amp;c=1713344569&amp;h=02db4da5003c6aa8ad6f854da29e688414b1bcff7784967f43540b4e16d817be\" target=\"_blank\" rel=\"noopener\">Trento Film Festival<\/a><\/strong> nella categoria\u00a0<strong class=\"\">Orizzonti vicini<\/strong>.\u00a0<\/span><\/p>\n<\/div>\n<\/div>\n<\/div>\n<div class=\"mt-1 flex gap-3 empty:hidden\">\n<div class=\"text-gray-400 flex self-end lg:self-center items-center justify-center lg:justify-start mt-0 -ml-1 h-7 gap-[2px] visible\">\n<div class=\"flex\"><\/div>\n<\/div>\n<\/div>\n<div class=\"pr-2 lg:pr-0\"><\/div>\n<div>\n<hr \/>\n<\/div>\n<div>\n<div><\/div>\n<div>\n<blockquote><p>&nbsp;<\/p>\n<p><b><a class=\"dt-pswp-item\" href=\"https:\/\/www.radiopiu.net\/wordpress\/wp-content\/uploads\/2024\/04\/Municipio_di_Ponte_nelle_Alpi.jpeg\" data-dt-img-description=\"\" data-large_image_width=\"1335\" data-large_image_height=\"1241\"><img loading=\"lazy\" decoding=\"async\" class=\"wp-image-387170 alignleft\" src=\"https:\/\/www.radiopiu.net\/wordpress\/wp-content\/uploads\/2024\/04\/Municipio_di_Ponte_nelle_Alpi-300x279.jpeg\" alt=\"\" width=\"157\" height=\"146\" srcset=\"https:\/\/www.radiopiu.net\/wordpress\/wp-content\/uploads\/2024\/04\/Municipio_di_Ponte_nelle_Alpi-300x279.jpeg 300w, https:\/\/www.radiopiu.net\/wordpress\/wp-content\/uploads\/2024\/04\/Municipio_di_Ponte_nelle_Alpi-1024x952.jpeg 1024w, https:\/\/www.radiopiu.net\/wordpress\/wp-content\/uploads\/2024\/04\/Municipio_di_Ponte_nelle_Alpi-768x714.jpeg 768w, https:\/\/www.radiopiu.net\/wordpress\/wp-content\/uploads\/2024\/04\/Municipio_di_Ponte_nelle_Alpi.jpeg 1335w\" sizes=\"auto, (max-width: 157px) 100vw, 157px\" \/><\/a>Donazione privata: quasi 10mila metri quadrati di terreni alla collettivit\u00e0\u00a0<\/b><\/p><\/blockquote>\n<p><strong>PONTE NELLE ALPI<\/strong>\u00a0 Il consiglio comunale accetta all\u2019unanimit\u00e0 un\u2019altra importante donazione privata. Dopo che la signora Rosina Zilli ha lasciato in eredit\u00e0 alla Fondazione \u201cCasa del Sole\u201d &#8211; Casa di Riposo e all\u2019Ulss Dolomiti un patrimonio di circa 400mila euro, oltre a tre edifici, arriva una nuova e meritoria donazione: questa volta da parte della signora Loredana Odazzi. La quale ha deciso di dare alla comunit\u00e0 pontalpina una serie di terreni che saranno messi a disposizione della collettivit\u00e0. Nello specifico, si tratta di quasi 10mila metri quadrati di bosco e soprattutto prato, nella zona dell\u2019Oltrerai.<\/p>\n<p>&nbsp;<\/p>\n<\/div>\n<\/div>\n<div><\/div>\n<div>\n<hr \/>\n<\/div>\n<div><\/div>\n<div><\/div>\n<blockquote>\n<h2>Celebrazione degli Zattieri: Inaugurazione del Monumento a Codissago- FRANCO MURER_il vincitore<\/h2>\n<\/blockquote>\n<\/div>\n<div>\n<p style=\"text-align: left;\"><a class=\"dt-pswp-item\" href=\"https:\/\/www.radiopiu.net\/wordpress\/wp-content\/uploads\/2024\/04\/th-9.jpg\" data-dt-img-description=\"\" data-large_image_width=\"135\" data-large_image_height=\"180\"><img loading=\"lazy\" decoding=\"async\" class=\"size-medium wp-image-387181 alignleft\" src=\"https:\/\/www.radiopiu.net\/wordpress\/wp-content\/uploads\/2024\/04\/th-9.jpg\" alt=\"\" width=\"135\" height=\"180\" \/><\/a>La Fameja dei Zat\u00e8r e Menad\u00e0s de la Piave ha indetto un concorso per la realizzazione del &#8220;Monumento agli Zattieri&#8221; a Codissago, in onore dei lavoratori del fiume. Dopo un&#8217;attenta valutazione della commissione, Franco Murer \u00e8 stato scelto come vincitore. L&#8217;opera verr\u00e0 inaugurata il 5 dicembre, in occasione della festa di San Nicolo. Gli artisti partecipanti saranno comunque celebrati durante Arte in Fiera a Longarone.<\/p>\n<p>&nbsp;<\/p>\n<blockquote><p><em>Gli artisti partecipanti, tra cui <strong>Franco Murer<\/strong>, <strong>Maurizio Davanzo<\/strong>, <strong>Fabio Ceolin<\/strong>, <strong>Achille Costi<\/strong>, <strong>Valerio Demarchi<\/strong> e un gruppo di talentuosi artisti coordinati dalla <strong>De Biasio Progetti<\/strong>, hanno presentato opere straordinariamente curate, impreziosite da relazioni storiche che ne hanno esaltato l&#8217;importanza e il valore intrinseco. La loro creativit\u00e0 si \u00e8 espressa con maestria, spaziando dal classico all&#8217;astratto, con opere realizzate con bronzo, marmo e corten, creando cos\u00ec dei bozzetti di straordinaria bellezza e profondit\u00e0.<\/em><\/p><\/blockquote>\n<\/div>\n<div class=\"flex-col gap-1 md:gap-3\">\n<div><\/div>\n<\/div>\n<\/div>\n<\/div>\n<\/div>\n<\/div>\n<\/div>\n<\/div>\n<\/div>\n<\/div>\n<\/div>\n<\/div>\n<div class=\"absolute\">\n<div class=\"flex w-full gap-2 items-center justify-center\"><\/div>\n<\/div>\n<\/div>\n<\/div>\n<\/div>\n<\/div>\n<\/div>\n<\/div>\n<\/div>\n<\/div>\n<hr \/>\n<p>&nbsp;<\/p>\n<h2><span style=\"color: #ff0000;\">CONSIGLI COMUNALI IN AGORDINO e dell&#8217;UNIONE MONTANA<\/span><\/h2>\n<p><strong>ROCCA PIETORE<\/strong> Martedi alle 18.30 consiglio comunale convocato dal sindaco Andrea De Bernardin. All&#8217;ordine del giorno approvazione del rendiconto e variazione al bilancio .<\/p>\n<p><strong>COLLE SANTA LUCIA<\/strong> Il sindaco Paolo Frena ha convocato il consiglio comunale per martedi 30 aprile alle 18. All&#8217;ordine del giorno: bilancio Asca, variazioni al bilancio, attivit\u00e0 associazione turistica<\/p>\n<p><strong>AGORDO<\/strong> Martedi alle 20.30 consiglio dell&#8217;Unione Montana Agordina. All&#8217;ordine del giorno, approvazione piano economico, servizio rifiuti, tariffe; provvedimento di variazione al bilancio, comunicazioni del Presidente<\/p>\n<p>&nbsp;<\/p>\n<p>&nbsp;<\/p>\n<hr \/>\n<p>&nbsp;<\/p>\n<blockquote>\n<h3>EL TESTAMENT DE L&#8217;OM SALVARECH 2024<\/h3>\n<\/blockquote>\n<p><strong>LA VALLE<\/strong> La due giorni dedicata alla Festa de L&#8217;Om Salvarech a La Valle Agordina \u00e8 terminata come sempre con la lettura del testamento. Un testamento corposo quello che ha chiuso l&#8217;ultima giornata della festa organizzata dalla Pro Loco di la Valle.<\/p>\n<p><strong>IL TESTAMENTO IN AUDIO<\/strong><\/p>\n<audio class=\"wp-audio-shortcode\" id=\"audio-387124-7\" preload=\"none\" style=\"width: 100%;\" controls=\"controls\"><source type=\"audio\/mpeg\" src=\"https:\/\/www.radiopiu.net\/wordpress\/wp-content\/uploads\/2024\/04\/om-salvarech-2024-ok.mp3?_=7\" \/><a href=\"https:\/\/www.radiopiu.net\/wordpress\/wp-content\/uploads\/2024\/04\/om-salvarech-2024-ok.mp3\">https:\/\/www.radiopiu.net\/wordpress\/wp-content\/uploads\/2024\/04\/om-salvarech-2024-ok.mp3<\/a><\/audio>\n<p>&nbsp;<\/p>\n<p><strong>IL TESTO DEL TESTAMENTO<\/strong><\/p>\n<a href=\"https:\/\/www.radiopiu.net\/wordpress\/wp-content\/uploads\/2024\/04\/TESTAMENT-2024.pdf\" class=\"pdfemb-viewer\" style=\"\" data-width=\"max\" data-height=\"max\" data-toolbar=\"top\" data-toolbar-fixed=\"on\">TESTAMENT 2024<\/a>\n<p>&nbsp;<\/p>\n<hr \/>\n<p>&nbsp;<\/p>\n<blockquote>\n<h3>GLI ECOMUSEI FANNO TAPPA A CAVIOLA<\/h3>\n<\/blockquote>\n<p><strong><a class=\"dt-pswp-item\" href=\"https:\/\/www.radiopiu.net\/wordpress\/wp-content\/uploads\/2024\/04\/Gruppo-Folk-Union-Ladina-Val-Biois-scaled.jpg\" data-dt-img-description=\"\" data-large_image_width=\"2560\" data-large_image_height=\"1706\"><img loading=\"lazy\" decoding=\"async\" class=\" wp-image-387136 alignleft\" src=\"https:\/\/www.radiopiu.net\/wordpress\/wp-content\/uploads\/2024\/04\/Gruppo-Folk-Union-Ladina-Val-Biois-300x200.jpg\" alt=\"\" width=\"172\" height=\"114\" srcset=\"https:\/\/www.radiopiu.net\/wordpress\/wp-content\/uploads\/2024\/04\/Gruppo-Folk-Union-Ladina-Val-Biois-300x200.jpg 300w, https:\/\/www.radiopiu.net\/wordpress\/wp-content\/uploads\/2024\/04\/Gruppo-Folk-Union-Ladina-Val-Biois-1024x683.jpg 1024w, https:\/\/www.radiopiu.net\/wordpress\/wp-content\/uploads\/2024\/04\/Gruppo-Folk-Union-Ladina-Val-Biois-768x512.jpg 768w, https:\/\/www.radiopiu.net\/wordpress\/wp-content\/uploads\/2024\/04\/Gruppo-Folk-Union-Ladina-Val-Biois-1536x1024.jpg 1536w, https:\/\/www.radiopiu.net\/wordpress\/wp-content\/uploads\/2024\/04\/Gruppo-Folk-Union-Ladina-Val-Biois-2048x1365.jpg 2048w\" sizes=\"auto, (max-width: 172px) 100vw, 172px\" \/><\/a>CANALE D&#8217;AGORDO <\/strong>Il primo meeting degli ecomusei della Regione Veneto prosegue con &#8220;Tut a una&#8221;, serata culturale organizzata dall&#8217;Ecomuseo della Valle del Biois e dalla Fondazione Papa Luciani di Canale d&#8217;Agordo Onlus. Si terr\u00e0 oggi alla Casa della Giovent\u00f9 di Caviola di Falcade. L&#8217;evento presenta l&#8217;Ecomuseo alla comunit\u00e0 locale e ai visitatori, offrendo racconti storici di Luisa Manfroi e danze popolari del Gruppo Folk Union Ladina Val Biois. Questa iniziativa mira a valorizzare le tradizioni locali coinvolgendo giovani e famiglie, trasmettendo un messaggio di conservazione e innovazione ambientale.<\/p>\n<p>&nbsp;<\/p>\n<p>&nbsp;<\/p>\n<hr \/>\n<p>&nbsp;<\/p>\n<blockquote>\n<h3>TOO BEE OR NOT TO BEE: LA VITA DELLE API E LA SOSTENIBILITA&#8217; AMBIENTALE<\/h3>\n<\/blockquote>\n<p><strong><a class=\"dt-pswp-item\" href=\"https:\/\/www.radiopiu.net\/wordpress\/wp-content\/uploads\/2024\/04\/Foto-del-gruppo-promotore.jpeg\" data-dt-img-description=\"\" data-large_image_width=\"1253\" data-large_image_height=\"1015\"><img loading=\"lazy\" decoding=\"async\" class=\" wp-image-387152 alignleft\" src=\"https:\/\/www.radiopiu.net\/wordpress\/wp-content\/uploads\/2024\/04\/Foto-del-gruppo-promotore-300x243.jpeg\" alt=\"\" width=\"153\" height=\"124\" srcset=\"https:\/\/www.radiopiu.net\/wordpress\/wp-content\/uploads\/2024\/04\/Foto-del-gruppo-promotore-300x243.jpeg 300w, https:\/\/www.radiopiu.net\/wordpress\/wp-content\/uploads\/2024\/04\/Foto-del-gruppo-promotore-1024x829.jpeg 1024w, https:\/\/www.radiopiu.net\/wordpress\/wp-content\/uploads\/2024\/04\/Foto-del-gruppo-promotore-768x622.jpeg 768w, https:\/\/www.radiopiu.net\/wordpress\/wp-content\/uploads\/2024\/04\/Foto-del-gruppo-promotore.jpeg 1253w\" sizes=\"auto, (max-width: 153px) 100vw, 153px\" \/><\/a>FELTRE<\/strong> L&#8217;Associazione feltrina Sustainable Vibes APS annuncia con gioia il lancio del progetto &#8220;To bee or not to bee&#8221;, finanziato dall&#8217;Agenzia Italiana per la Giovent\u00f9 tramite il programma European Solidarity Corps. Giocando sul celebre verso shakespeariano, il progetto mette in risalto l&#8217;importanza delle api per l&#8217;ecosistema. Attraverso laboratori didattici su temi ambientali cruciali e un workshop sull&#8217;apicoltura, il progetto mira a educare i giovani e ad offrire loro esperienze pratiche per diventare custodi dell&#8217;ambiente. Rivolto ai giovani under 30 del territorio, il progetto aspira a ispirare azioni concrete per la conservazione delle api e per un futuro pi\u00f9 sostenibile. Chiunque sia interessato pu\u00f2 contattare l&#8217;associazione via email a <a target=\"_new\" rel=\"noopener\">sustainablevibesbelluno@gmail.com<\/a>.<\/p>\n<p>&nbsp;<\/p>\n<hr \/>\n<p>&nbsp;<\/p>\n<div class=\"page-title-head hgroup\">\n<blockquote>\n<h3 class=\"entry-title\">A LA VALLE AGORDINA, SOTTO IL PONTE DI FADES \u2013 FOTO \u2013<\/h3>\n<\/blockquote>\n<\/div>\n<div class=\"page-title-breadcrumbs\"><\/div>\n<p><strong>LA VALLE AGORDINA<\/strong><\/p>\n\n\t\t\t<style type='text\/css'>\n\t\t\t\t#gallery-5 {\n\t\t\t\t\tmargin: auto;\n\t\t\t\t}\n\t\t\t\t#gallery-5 .gallery-item {\n\t\t\t\t\tfloat: left;\n\t\t\t\t\tmargin-top: 10px;\n\t\t\t\t\ttext-align: center;\n\t\t\t\t\twidth: 50%;\n\t\t\t\t}\n\t\t\t\t#gallery-5 img {\n\t\t\t\t\tborder: 2px solid #cfcfcf;\n\t\t\t\t}\n\t\t\t\t#gallery-5 .gallery-caption {\n\t\t\t\t\tmargin-left: 0;\n\t\t\t\t}\n\t\t\t\t\/* see gallery_shortcode() in wp-includes\/media.php *\/\n\t\t\t<\/style>\n\t\t<div id='gallery-5' class='dt-gallery-container gallery galleryid-387124 gallery-columns-2 gallery-size-medium'><dl class='gallery-item'>\n\t\t\t\t<dt class='gallery-icon portrait'>\n\t\t\t\t\t<a class=\"rollover rollover-zoom dt-pswp-item\" title=\"bc4da177-87dd-440d-a241-cfae6e823760\" data-dt-img-description=\"\" data-large_image_width=\"1540\" data-large_image_height=\"1600\"href='https:\/\/www.radiopiu.net\/wordpress\/wp-content\/uploads\/2024\/04\/bc4da177-87dd-440d-a241-cfae6e823760.jpg'><img loading=\"lazy\" decoding=\"async\" width=\"289\" height=\"300\" src=\"https:\/\/www.radiopiu.net\/wordpress\/wp-content\/uploads\/2024\/04\/bc4da177-87dd-440d-a241-cfae6e823760-289x300.jpg\" class=\"attachment-medium size-medium\" alt=\"\" srcset=\"https:\/\/www.radiopiu.net\/wordpress\/wp-content\/uploads\/2024\/04\/bc4da177-87dd-440d-a241-cfae6e823760-289x300.jpg 289w, https:\/\/www.radiopiu.net\/wordpress\/wp-content\/uploads\/2024\/04\/bc4da177-87dd-440d-a241-cfae6e823760-986x1024.jpg 986w, https:\/\/www.radiopiu.net\/wordpress\/wp-content\/uploads\/2024\/04\/bc4da177-87dd-440d-a241-cfae6e823760-768x798.jpg 768w, https:\/\/www.radiopiu.net\/wordpress\/wp-content\/uploads\/2024\/04\/bc4da177-87dd-440d-a241-cfae6e823760-1478x1536.jpg 1478w, https:\/\/www.radiopiu.net\/wordpress\/wp-content\/uploads\/2024\/04\/bc4da177-87dd-440d-a241-cfae6e823760.jpg 1540w\" sizes=\"auto, (max-width: 289px) 100vw, 289px\" \/><\/a>\n\t\t\t\t<\/dt><\/dl><dl class='gallery-item'>\n\t\t\t\t<dt class='gallery-icon portrait'>\n\t\t\t\t\t<a class=\"rollover rollover-zoom dt-pswp-item\" title=\"eaaf1f05-5b41-4dcd-b34b-bb62534d860b\" data-dt-img-description=\"\" data-large_image_width=\"1200\" data-large_image_height=\"1600\"href='https:\/\/www.radiopiu.net\/wordpress\/wp-content\/uploads\/2024\/04\/eaaf1f05-5b41-4dcd-b34b-bb62534d860b.jpg'><img loading=\"lazy\" decoding=\"async\" width=\"225\" height=\"300\" src=\"https:\/\/www.radiopiu.net\/wordpress\/wp-content\/uploads\/2024\/04\/eaaf1f05-5b41-4dcd-b34b-bb62534d860b-225x300.jpg\" class=\"attachment-medium size-medium\" alt=\"\" srcset=\"https:\/\/www.radiopiu.net\/wordpress\/wp-content\/uploads\/2024\/04\/eaaf1f05-5b41-4dcd-b34b-bb62534d860b-225x300.jpg 225w, https:\/\/www.radiopiu.net\/wordpress\/wp-content\/uploads\/2024\/04\/eaaf1f05-5b41-4dcd-b34b-bb62534d860b-768x1024.jpg 768w, https:\/\/www.radiopiu.net\/wordpress\/wp-content\/uploads\/2024\/04\/eaaf1f05-5b41-4dcd-b34b-bb62534d860b-1152x1536.jpg 1152w, https:\/\/www.radiopiu.net\/wordpress\/wp-content\/uploads\/2024\/04\/eaaf1f05-5b41-4dcd-b34b-bb62534d860b.jpg 1200w\" sizes=\"auto, (max-width: 225px) 100vw, 225px\" \/><\/a>\n\t\t\t\t<\/dt><\/dl><br style=\"clear: both\" \/>\n\t\t\t<\/div>\n\n<p>&nbsp;<\/p>\n<p>&nbsp;<\/p>\n<p>&nbsp;<\/p>\n<hr \/>\n<p>&nbsp;<\/p>\n<p><span style=\"color: #ff0000;\"><strong>il libro<\/strong><\/span><\/p>\n<p><strong>IL CORAGGIO E LA PASSIONE, PRESENTAZIONE A SOSPIROLO\u00a0<\/strong><\/p>\n<p><strong>DI ROBERTO BONA<\/strong><\/p>\n<audio class=\"wp-audio-shortcode\" id=\"audio-387124-8\" preload=\"none\" style=\"width: 100%;\" controls=\"controls\"><source type=\"audio\/wav\" src=\"https:\/\/www.radiopiu.net\/wordpress\/wp-content\/uploads\/2024\/04\/IlCoraggioLaPassione-1.wav?_=8\" \/><a href=\"https:\/\/www.radiopiu.net\/wordpress\/wp-content\/uploads\/2024\/04\/IlCoraggioLaPassione-1.wav\">https:\/\/www.radiopiu.net\/wordpress\/wp-content\/uploads\/2024\/04\/IlCoraggioLaPassione-1.wav<\/a><\/audio>\n<p>&nbsp;<\/p>\n<p>&nbsp;<\/p>\n<hr \/>\n<p>&nbsp;<\/p>\n<blockquote>\n<h3>CAMMINANDO&#8230;GLI INCONTRI A BORGO VALBELLUNA<\/h3>\n<\/blockquote>\n<p><strong>BORGO VALBELLUNA<\/strong> &#8220;Camminando. Esperienze, sensazioni, emozioni&#8221;, primo appuntamento domani alle 18 alla sala S. Felice di Trichiana con due esperti dell\u2019Universit\u00e0 dell\u2019Arizona, Ornella Selmin e Donato Romagnolo, che parleranno della Dieta Mediterranea e della Bioenergetica. Approfondiranno come i nutrienti di questa dieta influenzino positivamente i processi metabolici cellulari legati all&#8217;energia. Un evento coinvolgente per chi si interessa alla salute e alla nutrizione, sia per migliorare il proprio benessere quotidiano che per ottimizzare le performance fisiche e sportive. Imperdibile anche per i curiosi desiderosi di conoscere di pi\u00f9 su questo argomento.<\/p>\n<p>&nbsp;<\/p>\n<p>&nbsp;<\/p>\n<p>&nbsp;<\/p>\n<hr \/>\n<p>&nbsp;<\/p>\n<blockquote>\n<h2 class=\"articlePlainTitle\"><a class=\"dt-pswp-item\" href=\"https:\/\/www.radiopiu.net\/wordpress\/wp-content\/uploads\/2023\/06\/LIBERA-AGORDINO.jpg\" data-dt-img-description=\"\" data-large_image_width=\"640\" data-large_image_height=\"640\"><img loading=\"lazy\" decoding=\"async\" class=\"wp-image-338852 alignleft\" src=\"https:\/\/www.radiopiu.net\/wordpress\/wp-content\/uploads\/2023\/06\/LIBERA-AGORDINO-300x300.jpg\" alt=\"\" width=\"156\" height=\"156\" srcset=\"https:\/\/www.radiopiu.net\/wordpress\/wp-content\/uploads\/2023\/06\/LIBERA-AGORDINO-300x300.jpg 300w, https:\/\/www.radiopiu.net\/wordpress\/wp-content\/uploads\/2023\/06\/LIBERA-AGORDINO-150x150.jpg 150w, https:\/\/www.radiopiu.net\/wordpress\/wp-content\/uploads\/2023\/06\/LIBERA-AGORDINO.jpg 640w\" sizes=\"auto, (max-width: 156px) 100vw, 156px\" \/><\/a>Costituzione: un incontro con il presidio di Libera<\/h2>\n<\/blockquote>\n<div class=\"addthis_sharing_toolbox\" data-url=\"http:\/\/sfoglio.corrierealpi.gelocal.it\/share_article.php?article_id=13954879\" data-title=\"Universit\u00e0 anziani: mostra delle opere pittoricheCostituzione: un incontro con il presidio di Libera\"><\/div>\n<div class=\"articlePlainText\"><strong>AGORDO <\/strong>&#8220;Ripartiamo dalla Costituzione. Perch\u00e9 la memoria diventi impegno nel quotidiano&#8221;: \u00e8 l&#8217;argomento sul quale, in occasione della festa della Liberazione del 25 aprile, il presidio agordino di Libera &#8220;L. Precenzano e S. Aversa&#8221;, ospiter\u00e0 il direttore dell&#8217;Isbrec, Istituto storico bellunese della Resistenza e dell&#8217;et\u00e0 contemporanea, Enrico Bacchetti. Promosso con il patrocinio dei Comuni di Agordo, Taibon, Voltago, Gosaldo, La Valle, Rivamonte e la collaborazione del Circolo culturale agordino, l&#8217;incontro si svolger\u00e0 domani alle 18 nella sala della Biblioteca civica di via XXVII aprile, dove Bacchetti dialogher\u00e0 su &#8220;La Repubblica dei partiti, dalla Resistenza alla Costituzione&#8221;<\/div>\n<div><\/div>\n<p>&nbsp;<\/p>\n<hr \/>\n<p>&nbsp;<\/p>\n<p>&nbsp;<\/p>\n<blockquote>\n<h3>APPIA CNA OFFRE CONSULENZE SU FINANZIAMENTI AGEVOLATI ALLE IMPRESE BELLUNESI<\/h3>\n<\/blockquote>\n<p><strong><a class=\"dt-pswp-item\" href=\"https:\/\/www.radiopiu.net\/wordpress\/wp-content\/uploads\/2023\/11\/Logo-Appia-in-rosso.jpg\" data-dt-img-description=\"\" data-large_image_width=\"480\" data-large_image_height=\"480\"><img loading=\"lazy\" decoding=\"async\" class=\" wp-image-363186 alignleft\" src=\"https:\/\/www.radiopiu.net\/wordpress\/wp-content\/uploads\/2023\/11\/Logo-Appia-in-rosso-300x300.jpg\" alt=\"\" width=\"118\" height=\"118\" srcset=\"https:\/\/www.radiopiu.net\/wordpress\/wp-content\/uploads\/2023\/11\/Logo-Appia-in-rosso-300x300.jpg 300w, https:\/\/www.radiopiu.net\/wordpress\/wp-content\/uploads\/2023\/11\/Logo-Appia-in-rosso-150x150.jpg 150w, https:\/\/www.radiopiu.net\/wordpress\/wp-content\/uploads\/2023\/11\/Logo-Appia-in-rosso.jpg 480w\" sizes=\"auto, (max-width: 118px) 100vw, 118px\" \/><\/a>BELLUNO<\/strong> Appia CNA Belluno e Spazio Valore offrono consulenze gratuite per imprese bellunesi, facilitando l&#8217;accesso a finanziamenti agevolati e contributi. Questa collaborazione mira a fornire ingegneria finanziaria su misura per progetti imprenditoriali, come ammodernamento tecnologico, sostenibilit\u00e0 e altro ancora. Obiettivo: trasformare idee in realt\u00e0 con supporto professionale. Successi precedenti includono riqualificazioni immobiliari e nuove costruzioni. Le consulenze personalizzate possono coprire vari ambiti, come innovazione, efficienza energetica e internazionalizzazione. Appia CNA Belluno organizza incontri e consulenze presso le sedi territoriali. Contattare <a target=\"_new\" rel=\"noopener\">appia.belluno@appiacna.it<\/a> o chiamare lo 0437 954411 per informazioni.<\/p>\n<p>&nbsp;<\/p>\n<p>&nbsp;<\/p>\n<hr \/>\n<p>&nbsp;<\/p>\n<p>&nbsp;<\/p>\n<div class=\"page-title-head hgroup\">\n<blockquote>\n<h3 class=\"entry-title\">CONGRATULAZIONI DOTTOR ELVIS SECCO, \u2013 LAUREA IN SERVIZI GIURIDICI<\/h3>\n<\/blockquote>\n<\/div>\n<div class=\"page-title-breadcrumbs\">\n<blockquote><p><em><a class=\"dt-pswp-item\" href=\"https:\/\/www.radiopiu.net\/wordpress\/wp-content\/uploads\/2024\/04\/Senza-nome-41.png\" data-dt-img-description=\"\" data-large_image_width=\"602\" data-large_image_height=\"375\"><img loading=\"lazy\" decoding=\"async\" class=\"size-medium wp-image-387205 alignleft\" src=\"https:\/\/www.radiopiu.net\/wordpress\/wp-content\/uploads\/2024\/04\/Senza-nome-41-300x187.png\" alt=\"\" width=\"300\" height=\"187\" srcset=\"https:\/\/www.radiopiu.net\/wordpress\/wp-content\/uploads\/2024\/04\/Senza-nome-41-300x187.png 300w, https:\/\/www.radiopiu.net\/wordpress\/wp-content\/uploads\/2024\/04\/Senza-nome-41.png 602w\" sizes=\"auto, (max-width: 300px) 100vw, 300px\" \/><\/a>William, Manuel e Daniele, insieme a familiari, colleghi e amici, si congratulano con Elvis Secco per il conseguimento della laurea<\/em><\/p><\/blockquote>\n<div class=\"w-full text-token-text-primary\" dir=\"auto\" data-testid=\"conversation-turn-34\">\n<div class=\"px-4 py-2 justify-center text-base md:gap-6 m-auto\">\n<div class=\"flex flex-1 text-base mx-auto gap-3 juice:gap-4 juice:md:gap-6 md:px-5 lg:px-1 xl:px-5 md:max-w-3xl lg:max-w-[40rem] xl:max-w-[48rem]\">\n<div class=\"relative flex w-full min-w-0 flex-col\">\n<div class=\"flex-col gap-1 md:gap-3\">\n<div class=\"flex flex-grow flex-col max-w-full\">\n<div class=\"min-h-[20px] text-message flex flex-col items-start gap-3 whitespace-pre-wrap break-words [.text-message+&amp;]:mt-5 overflow-x-auto\" dir=\"auto\" data-message-author-role=\"user\" data-message-id=\"aaa28dc6-9fde-4f92-9bb1-b568749d5b28\">\n<div class=\"\">Cari amici di RadioPi\u00f9, William, Manuel e Daniele, assieme ai famigliari, ai colleghi e ai tanti amici, vorrebbero complimentarsi con Elvis Secco per il nuovo traguardo raggiunto. Elvis, noto ultramaratoneta conosciuto fra l&#8217;altro per alcune sfide podistiche compiute con William Da Roit tra cui la Venezia Marmolada ed il Giro D&#8217;Italia di corsa (20 maratone in 10 giorni) ha raggiunto l&#8217;ennesimo traguardo. Oggi 24 aprile Elvis si \u00e8 laureato in Servizi Giuridici per Lavoro, Pubblica Amministrazione, Sport e Terzo Settore presso l&#8217;Universit\u00e0 di Cassino con voto 102\/110 discutendo la tesi dal titolo &#8220;Burnout e stress da lavoro correlato nel lavoro pubblico e nelle forze di polizia&#8221;. Congratulazioni dottore!<\/div>\n<\/div>\n<\/div>\n<\/div>\n<\/div>\n<\/div>\n<\/div>\n<\/div>\n<\/div>\n<p>&nbsp;<\/p>\n<p>&nbsp;<\/p>\n<p>&nbsp;<\/p>\n<hr \/>\n<p>&nbsp;<\/p>\n<blockquote>\n<h3>IL SEMINARIO CREATIVITA&#8217; PER LA LIBERTA&#8217;<\/h3>\n<\/blockquote>\n<p><strong>BELLUNO<\/strong> Domani presso il Centro di Solidariet\u00e0 di Belluno onlus si terr\u00e0 il primo seminario del progetto &#8220;Creativit\u00e0 per la libert\u00e0&#8221;, finanziato dal Dipartimento per Le Politiche Antidroga della Presidenza del Consiglio dei Ministri. Il progetto si focalizza sulla prevenzione e il contrasto delle dipendenze comportamentali e da sostanze nelle nuove generazioni. Il seminario &#8220;Corpo ed emozioni: strumenti per la relazione&#8221; introdurr\u00e0 ai laboratori di movimento espressivo per ragazzi coinvolti nei campi estivi 2024 organizzati da ODAR e APS Amici dei Disabili e dei Minori. Rivolto agli educatori\/animatori, il seminario offrir\u00e0 conoscenze sulle emozioni di base e competenze per una comunicazione efficace e relazioni aperte ed emotive. Tenuto dal dottor Andrea Genuin, psicologo clinico specializzato nella conduzione dei Bonding Group, il seminario includer\u00e0 anche esperienze. pratiche.<\/p>\n<p>&nbsp;<\/p>\n<p>&nbsp;<\/p>\n<hr \/>\n<p>&nbsp;<\/p>\n<blockquote>\n<h3>LA RACCOLTA FONDI PER FIBROSI CISTICA<\/h3>\n<\/blockquote>\n<div data-block=\"true\" data-editor=\"avj4u\" data-offset-key=\"d3i0j-0-0\">\n<p><strong>BELLUNO<\/strong> Volontari in azione per la raccolta fondi Fibrosi Cistica, regalando dipladenie: 4 maggio Agordo e Parrocchie del Poi; 11 e 12 maggio Falcade e Caviola; 4 maggio Alpini Castion, Puos d&#8217;Alpago, Zoppe&#8217; di Cadore, Santo Stefano di Cadore, Belluno; 8 maggio Alpini Limana; Farra d&#8217;Alpago e Dosoledo, consegna porta a porta.<\/p>\n<div data-block=\"true\" data-editor=\"avj4u\" data-offset-key=\"d3i0j-0-0\"><\/div>\n<\/div>\n<div data-block=\"true\" data-editor=\"avj4u\" data-offset-key=\"d3i0j-0-0\"><\/div>\n<div data-block=\"true\" data-editor=\"avj4u\" data-offset-key=\"d3i0j-0-0\">\n<hr \/>\n<\/div>\n<blockquote>\n<h3 data-block=\"true\" data-editor=\"avj4u\" data-offset-key=\"d3i0j-0-0\"><\/h3>\n<h3 data-block=\"true\" data-editor=\"avj4u\" data-offset-key=\"d3i0j-0-0\">Sorelle nella Routine: Una Commedia di Sopravvivenza&#8221; &#8211; Rappresentazione teatrale e Iniziativa Solidale<\/h3>\n<\/blockquote>\n<div data-block=\"true\" data-editor=\"avj4u\" data-offset-key=\"d3i0j-0-0\"><strong>LE RETEGHE CORE&#8217;NGRATO\u00a0<\/strong><\/div>\n<div data-block=\"true\" data-editor=\"avj4u\" data-offset-key=\"d3i0j-0-0\"><\/div>\n<div data-block=\"true\" data-editor=\"avj4u\" data-offset-key=\"d3i0j-0-0\"><strong>BELLUNO<\/strong> Lina e Bianca, due sorelle proprietarie di un negozio di merceria, vivono una vita claustrofobica e monotona nella periferia di Belluno. Lina sogna una vita diversa, ma viene frenata dalla rigidit\u00e0 e dall&#8217;avarizia della sorella Bianca, determinata a mantenere lo status quo. La loro routine viene sconvolta da eventi lieti e tragici che riportano in luce il vero valore del loro legame. La commedia, liberamente tratta da &#8220;Il sugo finto&#8221; di Gianni Clementi, adattata in dialetto bellunese e diretta da Francesco Portunato, sar\u00e0 presentata dall&#8217;Associazione Culturale &#8211; gruppo teatrale Bretelle Lasche e promossa dal Sindacato Pensionati della Cgil di Belluno, con il sostegno di Auser Lentiai e Auser Mel. L&#8217;ingresso sar\u00e0 a offerta libera, con i proventi devoluti all&#8217;acquisto di libri per le case di riposo. L&#8217;evento si terr\u00e0 domani alle 20:30 presso l&#8217;Auditorium Ex Chiesa di San Pietro di Mel Borgo Val Belluna, alla presenza di Paola Cassandra e Maria Rita Gentilin del Sindacato Pensionati della Cgil di Belluno.<\/div>\n<p>&nbsp;<\/p>\n<hr \/>\n<p>&nbsp;<\/p>\n<blockquote>\n<h3>L&#8217;ASSEMBLEA DEL GAV<\/h3>\n<\/blockquote>\n<p><strong>AGORDO<\/strong> Il GAV, Gruppo Assistenza Volontaria, ha indetto un&#8217;assemblea per domenica 28 aprile alle 11 al Centro Parrocchiale Don Vincenzo Savio di Agordo. Sette i punti da discutere tra cui la relazione delle attivit\u00e0 svolte nel 2023, l&#8217;approvazione del bilancio consuntivo 2024 e la presentazione delle attivit\u00e0 previste nel 2024.<\/p>\n<p>&nbsp;<\/p>\n<p>&nbsp;<\/p>\n<hr \/>\n<p>&nbsp;<\/p>\n<blockquote>\n<h3>PRATICHE FILOSOFICHE AL CIRCOLO CULTURALE TERRA DEI PADRI<\/h3>\n<\/blockquote>\n<p><strong>BELLUNO<\/strong> Il Circolo Culturale La Terra dei Padri APS, a Borgo Piave &#8211; Belluno, ospita un laboratorio di pratiche filosofiche aperto a tutti nel mese di maggio 2024. Condotti da Francesco Dematt\u00e8, ex docente di storia e filosofia nei Licei, i quattro incontri si concentreranno su Plotino, filosofo del III secolo d.C. Gli incontri si terranno ogni marted\u00ec, dal 7 al 28 maggio, dalle 18 alle 19 presso il circolo culturale. Per informazioni e iscrizioni contattare direttamente in sede, via email o telefonicamente.<\/p>\n<p>&nbsp;<\/p>\n<p>&nbsp;<\/p>\n<hr \/>\n<p>&nbsp;<\/p>\n<blockquote>\n<h3>Una Classe Veramente Eccezionale: I Coscritti di Taibon del 1974 Festeggiano il mezzo secolo a Madrid<\/h3>\n<\/blockquote>\n<p><strong>TAIBON<\/strong> I coscritti del 1974 hanno celebrato il loro cinquantesimo anniversario a Madrid, suscitando una gioia immensa e condividendo momenti indimenticabili durante un viaggio splendido. Vent&#8217;anni dopo, circa venti di loro si sono abbracciati in Spagna, grazie anche alla presenza della coscritta taibonera, Alessandra Lena, residente a Madrid da due decenni. Reunendosi per rivivere i ricordi del loro festoso evento da ventenni, i coscritti sono stati accolti con applausi in Piazza Maggiore (&#8220;Plaza Mayor&#8221;)\u00a0 mentre esibivano un cartello con la scritta &#8220;Viva il 1974&#8221;, soprattutto sotto al simbolo porta fortuna della citt\u00e0. Qui \u00e8 stata esposta la bandiera italiana, appositamente trasportata dall&#8217;Italia, adornata con le firme\u00a0 di tutti i ragazzi e le ragazze che poco pi\u00f9 di trent&#8217;anni fa hanno festeggiato la loro coscrizione a Taibon.<\/p>\n\n\t\t\t<style type='text\/css'>\n\t\t\t\t#gallery-6 {\n\t\t\t\t\tmargin: auto;\n\t\t\t\t}\n\t\t\t\t#gallery-6 .gallery-item {\n\t\t\t\t\tfloat: left;\n\t\t\t\t\tmargin-top: 10px;\n\t\t\t\t\ttext-align: center;\n\t\t\t\t\twidth: 50%;\n\t\t\t\t}\n\t\t\t\t#gallery-6 img {\n\t\t\t\t\tborder: 2px solid #cfcfcf;\n\t\t\t\t}\n\t\t\t\t#gallery-6 .gallery-caption {\n\t\t\t\t\tmargin-left: 0;\n\t\t\t\t}\n\t\t\t\t\/* see gallery_shortcode() in wp-includes\/media.php *\/\n\t\t\t<\/style>\n\t\t<div id='gallery-6' class='dt-gallery-container gallery galleryid-387124 gallery-columns-2 gallery-size-medium'><dl class='gallery-item'>\n\t\t\t\t<dt class='gallery-icon portrait'>\n\t\t\t\t\t<a class=\"rollover rollover-zoom dt-pswp-item\" title=\"77d24a87-d1d3-4522-8b7e-82630d2091e6\" data-dt-img-description=\"\" data-large_image_width=\"1497\" data-large_image_height=\"1600\"href='https:\/\/www.radiopiu.net\/wordpress\/wp-content\/uploads\/2024\/04\/77d24a87-d1d3-4522-8b7e-82630d2091e6.jpg'><img loading=\"lazy\" decoding=\"async\" width=\"281\" height=\"300\" src=\"https:\/\/www.radiopiu.net\/wordpress\/wp-content\/uploads\/2024\/04\/77d24a87-d1d3-4522-8b7e-82630d2091e6-281x300.jpg\" class=\"attachment-medium size-medium\" alt=\"\" srcset=\"https:\/\/www.radiopiu.net\/wordpress\/wp-content\/uploads\/2024\/04\/77d24a87-d1d3-4522-8b7e-82630d2091e6-281x300.jpg 281w, https:\/\/www.radiopiu.net\/wordpress\/wp-content\/uploads\/2024\/04\/77d24a87-d1d3-4522-8b7e-82630d2091e6-958x1024.jpg 958w, https:\/\/www.radiopiu.net\/wordpress\/wp-content\/uploads\/2024\/04\/77d24a87-d1d3-4522-8b7e-82630d2091e6-768x821.jpg 768w, https:\/\/www.radiopiu.net\/wordpress\/wp-content\/uploads\/2024\/04\/77d24a87-d1d3-4522-8b7e-82630d2091e6-1437x1536.jpg 1437w, https:\/\/www.radiopiu.net\/wordpress\/wp-content\/uploads\/2024\/04\/77d24a87-d1d3-4522-8b7e-82630d2091e6.jpg 1497w\" sizes=\"auto, (max-width: 281px) 100vw, 281px\" \/><\/a>\n\t\t\t\t<\/dt><\/dl><dl class='gallery-item'>\n\t\t\t\t<dt class='gallery-icon landscape'>\n\t\t\t\t\t<a class=\"rollover rollover-zoom dt-pswp-item\" title=\"af2658a7-8629-4742-8d83-8740296f625b\" data-dt-img-description=\"\" data-large_image_width=\"1600\" data-large_image_height=\"757\"href='https:\/\/www.radiopiu.net\/wordpress\/wp-content\/uploads\/2024\/04\/af2658a7-8629-4742-8d83-8740296f625b.jpg'><img loading=\"lazy\" decoding=\"async\" width=\"300\" height=\"142\" src=\"https:\/\/www.radiopiu.net\/wordpress\/wp-content\/uploads\/2024\/04\/af2658a7-8629-4742-8d83-8740296f625b-300x142.jpg\" class=\"attachment-medium size-medium\" alt=\"\" srcset=\"https:\/\/www.radiopiu.net\/wordpress\/wp-content\/uploads\/2024\/04\/af2658a7-8629-4742-8d83-8740296f625b-300x142.jpg 300w, https:\/\/www.radiopiu.net\/wordpress\/wp-content\/uploads\/2024\/04\/af2658a7-8629-4742-8d83-8740296f625b-1024x484.jpg 1024w, https:\/\/www.radiopiu.net\/wordpress\/wp-content\/uploads\/2024\/04\/af2658a7-8629-4742-8d83-8740296f625b-768x363.jpg 768w, https:\/\/www.radiopiu.net\/wordpress\/wp-content\/uploads\/2024\/04\/af2658a7-8629-4742-8d83-8740296f625b-1536x727.jpg 1536w, https:\/\/www.radiopiu.net\/wordpress\/wp-content\/uploads\/2024\/04\/af2658a7-8629-4742-8d83-8740296f625b.jpg 1600w\" sizes=\"auto, (max-width: 300px) 100vw, 300px\" \/><\/a>\n\t\t\t\t<\/dt><\/dl><br style=\"clear: both\" \/>\n\t\t\t<\/div>\n\n<p>&nbsp;<\/p>\n<hr \/>\n<p>&nbsp;<\/p>\n<blockquote>\n<h2>\u00a0I 100 ANNI DI GABRIELLA PICCOLOTTO<\/h2>\n<\/blockquote>\n<p align=\"JUSTIFY\"><span style=\"color: #00000a;\"><span style=\"font-family: arialmt, serif;\"><span style=\"font-size: medium;\"><a class=\"dt-pswp-item\" href=\"https:\/\/www.radiopiu.net\/wordpress\/wp-content\/uploads\/2024\/04\/IMG-20240423-WA0005.jpg\" data-dt-img-description=\"\" data-large_image_width=\"1080\" data-large_image_height=\"1920\"><img loading=\"lazy\" decoding=\"async\" class=\"size-medium wp-image-387197 alignleft\" src=\"https:\/\/www.radiopiu.net\/wordpress\/wp-content\/uploads\/2024\/04\/IMG-20240423-WA0005-169x300.jpg\" alt=\"\" width=\"169\" height=\"300\" srcset=\"https:\/\/www.radiopiu.net\/wordpress\/wp-content\/uploads\/2024\/04\/IMG-20240423-WA0005-169x300.jpg 169w, https:\/\/www.radiopiu.net\/wordpress\/wp-content\/uploads\/2024\/04\/IMG-20240423-WA0005-576x1024.jpg 576w, https:\/\/www.radiopiu.net\/wordpress\/wp-content\/uploads\/2024\/04\/IMG-20240423-WA0005-768x1365.jpg 768w, https:\/\/www.radiopiu.net\/wordpress\/wp-content\/uploads\/2024\/04\/IMG-20240423-WA0005-864x1536.jpg 864w, https:\/\/www.radiopiu.net\/wordpress\/wp-content\/uploads\/2024\/04\/IMG-20240423-WA0005.jpg 1080w\" sizes=\"auto, (max-width: 169px) 100vw, 169px\" \/><\/a><\/span><\/span><span style=\"color: #000000;\"><span style=\"font-family: arialmt, serif;\"><span style=\"font-size: medium;\">Gabriella Piccolotto Testolini, ha raggiunto il prestigioso traguardo dei 100 anni. Moglie dell\u2019ingegner Coriolano Testolini, primo progettista della Casa di Riposo di Limana a lui dedicata, e\u0300 stata la fondatrice, nel 1985, della Fondazione ing. Coriolano Testolini, fondazione che ha come scopo principale l\u2019erogazione di contributi economici in favore di persone anziane sprovviste di risorse, o i cui redditi non siano sufficienti, al fine di consentire loro di usufruire delle prestazioni del Centro Servizi. Inoltre, con varie donazioni effettuate nel corso degli anni, la signora Testolini ha contribuito all\u2019acquisto di beni che hanno migliorato le condizioni di soggiorno degli anziani ospiti. La generosit\u00e0 della signora Testolini non ha riguardato solo il <a class=\"dt-pswp-item\" href=\"https:\/\/www.radiopiu.net\/wordpress\/wp-content\/uploads\/2024\/04\/IMG_20240423_141907-scaled.jpg\" data-dt-img-description=\"\" data-large_image_width=\"1920\" data-large_image_height=\"2560\"><img loading=\"lazy\" decoding=\"async\" class=\"size-medium wp-image-387198 alignright\" src=\"https:\/\/www.radiopiu.net\/wordpress\/wp-content\/uploads\/2024\/04\/IMG_20240423_141907-225x300.jpg\" alt=\"\" width=\"225\" height=\"300\" srcset=\"https:\/\/www.radiopiu.net\/wordpress\/wp-content\/uploads\/2024\/04\/IMG_20240423_141907-225x300.jpg 225w, https:\/\/www.radiopiu.net\/wordpress\/wp-content\/uploads\/2024\/04\/IMG_20240423_141907-768x1024.jpg 768w, https:\/\/www.radiopiu.net\/wordpress\/wp-content\/uploads\/2024\/04\/IMG_20240423_141907-1152x1536.jpg 1152w, https:\/\/www.radiopiu.net\/wordpress\/wp-content\/uploads\/2024\/04\/IMG_20240423_141907-1536x2048.jpg 1536w, https:\/\/www.radiopiu.net\/wordpress\/wp-content\/uploads\/2024\/04\/IMG_20240423_141907-scaled.jpg 1920w\" sizes=\"auto, (max-width: 225px) 100vw, 225px\" \/><\/a>Comune di Limana, ma anche quello di Lentiai, suo paese d\u2019origine. Grazie a lei e\u0300 stato realizzato il campetto dell\u2019oratorio e con una cospicua donazione ha contribuito alla realizzazione del nuovo impianto di riscaldamento della Chiesa parrocchiale. Una vita all\u2019insegna del sostegno al territorio con una forte vocazione per il sociale.<\/span><\/span><\/span><\/span><\/p>\n<blockquote>\n<p align=\"JUSTIFY\"><span style=\"color: #00000a;\"><span style=\"color: #000000;\"><span style=\"font-family: arialmt, serif;\"><span style=\"font-size: medium;\">A festeggiarla erano presenti, tra gli altri, la signora Rosa Dal Zotto in Grigoletto, carissima amica e Consigliera della Fondazione, il notaio Andrea Zamberlan, Vicepresidente della Fondazione, il Sindaco di Limana Milena De Zanet, consigliera della Fondazione, il Sindaco di Feltre Viviana Fusaro e alcuni famigliari e amici. Da parte di tutti i componenti della Fondazione Testolini e degli Ospiti del Centro Servizi per l\u2019Anziano di Limana un grande ringraziamento per tutto il sostegno ricevuto nel corso degli anni.<\/span><\/span><\/span><\/span><\/p>\n<\/blockquote>\n<p>&nbsp;<\/p>\n<hr \/>\n<p>&nbsp;<\/p>\n<blockquote>\n<h3><strong>Play Dog: Una Giornata per Cani e Bambini al Parco Citt\u00e0 di Bologna<\/strong><\/h3>\n<\/blockquote>\n<p><strong>BELLUNO<\/strong> Domenica 5 maggio, l&#8217;Amministrazione, in collaborazione con LAV e APACA, organizza la prima edizione di Play Dog, una giornata dedicata alla socializzazione tra cani e bambini. L&#8217;evento, che si terr\u00e0 al Parco Citt\u00e0 di Bologna dalle 9.30 alle 12.30, proporr\u00e0 attivit\u00e0 interattive e laboratori guidati da educatori cinofili, promuovendo una convivenza consapevole e rispettosa tra l&#8217;uomo e il suo migliore amico a quattro zampe. La partecipazione \u00e8 gratuita e l&#8217;iscrizione avverr\u00e0 direttamente in loco.<\/p>\n<p>&nbsp;<\/p>\n<p>&nbsp;<\/p>\n<hr \/>\n<p>&nbsp;<\/p>\n<blockquote>\n<h3><\/h3>\n<h3>ESITO DELLE DUE PROIEZIONI DI \u201c<b>LUPO UNO a Valle di Cadore&#8221;<\/b><\/h3>\n\n\t\t\t<style type='text\/css'>\n\t\t\t\t#gallery-7 {\n\t\t\t\t\tmargin: auto;\n\t\t\t\t}\n\t\t\t\t#gallery-7 .gallery-item {\n\t\t\t\t\tfloat: left;\n\t\t\t\t\tmargin-top: 10px;\n\t\t\t\t\ttext-align: center;\n\t\t\t\t\twidth: 33%;\n\t\t\t\t}\n\t\t\t\t#gallery-7 img {\n\t\t\t\t\tborder: 2px solid #cfcfcf;\n\t\t\t\t}\n\t\t\t\t#gallery-7 .gallery-caption {\n\t\t\t\t\tmargin-left: 0;\n\t\t\t\t}\n\t\t\t\t\/* see gallery_shortcode() in wp-includes\/media.php *\/\n\t\t\t<\/style>\n\t\t<div id='gallery-7' class='dt-gallery-container gallery galleryid-387124 gallery-columns-3 gallery-size-thumbnail'><dl class='gallery-item'>\n\t\t\t\t<dt class='gallery-icon portrait'>\n\t\t\t\t\t<a class=\"rollover rollover-zoom dt-pswp-item\" title=\"2024 BRUNO BOZ 1\u00b0 PAINO\" data-dt-img-description=\"\" data-large_image_width=\"1183\" data-large_image_height=\"1773\"href='https:\/\/www.radiopiu.net\/wordpress\/wp-content\/uploads\/2024\/04\/2024-BRUNO-BOZ-1\u00b0-PAINO.jpg'><img loading=\"lazy\" decoding=\"async\" width=\"150\" height=\"150\" src=\"https:\/\/www.radiopiu.net\/wordpress\/wp-content\/uploads\/2024\/04\/2024-BRUNO-BOZ-1\u00b0-PAINO-150x150.jpg\" class=\"attachment-thumbnail size-thumbnail\" alt=\"\" aria-describedby=\"gallery-7-387202\" \/><\/a>\n\t\t\t\t<\/dt>\n\t\t\t\t\t<dd class='wp-caption-text gallery-caption' id='gallery-7-387202'>\n\t\t\t\t\tBRUNO BOZ \n\t\t\t\t\t<\/dd><\/dl><dl class='gallery-item'>\n\t\t\t\t<dt class='gallery-icon portrait'>\n\t\t\t\t\t<a class=\"rollover rollover-zoom dt-pswp-item\" title=\"2024 IVAN MAZZON 1\u00b0 PIANO\" data-dt-img-description=\"\" data-large_image_width=\"1138\" data-large_image_height=\"1707\"href='https:\/\/www.radiopiu.net\/wordpress\/wp-content\/uploads\/2024\/04\/2024-IVAN-MAZZON-1\u00b0-PIANO.jpg'><img loading=\"lazy\" decoding=\"async\" width=\"150\" height=\"150\" src=\"https:\/\/www.radiopiu.net\/wordpress\/wp-content\/uploads\/2024\/04\/2024-IVAN-MAZZON-1\u00b0-PIANO-150x150.jpg\" class=\"attachment-thumbnail size-thumbnail\" alt=\"\" aria-describedby=\"gallery-7-387201\" \/><\/a>\n\t\t\t\t<\/dt>\n\t\t\t\t\t<dd class='wp-caption-text gallery-caption' id='gallery-7-387201'>\n\t\t\t\t\tVAN MAZZON 1\n\t\t\t\t\t<\/dd><\/dl>\n\t\t\t\t<br style='clear: both' \/>\n\t\t\t<\/div>\n<\/blockquote>\n<p><strong>CADORE<\/strong> Le due proiezioni di &#8220;Lupo Uno a Valle di Cadore&#8221; hanno registrato risposte diverse: nel pomeriggio, con la presenza principalmente di ragazzi, si \u00e8 riscontrato un coinvolgimento attivo, con tante domande e interazioni riguardo alla gestione proattiva del lupo. In serata, l&#8217;affluenza numerosa e attenta ha accolto favorevolmente il docufilm, evidenziando l&#8217;importanza di dati credibili e trasparenti per la gestione della specie. Le testimonianze di esperti come Marco Apollonio e Duccio Berzi hanno sottolineato la necessit\u00e0 di un approccio realistico e informativo sulla convivenza uomo-lupo, riconosciuto anche da figure istituzionali e religiose presenti all&#8217;evento.<\/p>\n<p>&nbsp;<\/p>\n<hr \/>\n<p>&nbsp;<\/p>\n<blockquote>\n<h2>1 MAGGIO A RIF DI AGORDO CON I &#8220;VENTENNI&#8221; BOCE DA RIF A 60 ANNI DALL&#8217;EDIFICAZIONE DELLA CHIESA<\/h2>\n<\/blockquote>\n<p>&nbsp;<\/p>\n<p><img loading=\"lazy\" decoding=\"async\" class=\"alignleft\" src=\"https:\/\/www.radiopiu.net\/wordpress\/wp-content\/uploads\/2024\/04\/Senza-nome-46.png\" width=\"204\" height=\"111\" \/><strong>AGORDO<\/strong> Primo maggio a Rif di Agordo, annuale appuntamenti di primavera. Quest&#8217;anno lass\u00f9 si festeggia il sessantesimo dall&#8217;inaugurazione della chiesa (dicembre 1964) e i vent&#8217;anni di impegno dei Boce da Rif, di questo e molto altro ne abbiamo parlato con la vulcanica Eva Olivier<\/p>\n<p>di mirko mezzacasa<\/p>\n<audio class=\"wp-audio-shortcode\" id=\"audio-387124-9\" preload=\"none\" style=\"width: 100%;\" controls=\"controls\"><source type=\"audio\/mpeg\" src=\"https:\/\/www.radiopiu.net\/wordpress\/wp-content\/uploads\/2024\/04\/eva-primo-maggio.mp3?_=9\" \/><a href=\"https:\/\/www.radiopiu.net\/wordpress\/wp-content\/uploads\/2024\/04\/eva-primo-maggio.mp3\">https:\/\/www.radiopiu.net\/wordpress\/wp-content\/uploads\/2024\/04\/eva-primo-maggio.mp3<\/a><\/audio>\n<p>&nbsp;<\/p>\n<p>&nbsp;<\/p>\n<hr \/>\n<p>&nbsp;<\/p>\n<p>&nbsp;<\/p>\n<blockquote>\n<h2>LA PRIMAVERA A SAN MARTINO D&#8217;ALPAGO<\/h2>\n<\/blockquote>\n\n\t\t\t<style type='text\/css'>\n\t\t\t\t#gallery-8 {\n\t\t\t\t\tmargin: auto;\n\t\t\t\t}\n\t\t\t\t#gallery-8 .gallery-item {\n\t\t\t\t\tfloat: left;\n\t\t\t\t\tmargin-top: 10px;\n\t\t\t\t\ttext-align: center;\n\t\t\t\t\twidth: 20%;\n\t\t\t\t}\n\t\t\t\t#gallery-8 img {\n\t\t\t\t\tborder: 2px solid #cfcfcf;\n\t\t\t\t}\n\t\t\t\t#gallery-8 .gallery-caption {\n\t\t\t\t\tmargin-left: 0;\n\t\t\t\t}\n\t\t\t\t\/* see gallery_shortcode() in wp-includes\/media.php *\/\n\t\t\t<\/style>\n\t\t<div id='gallery-8' class='dt-gallery-container gallery galleryid-387124 gallery-columns-5 gallery-size-thumbnail'><dl class='gallery-item'>\n\t\t\t\t<dt class='gallery-icon landscape'>\n\t\t\t\t\t<a class=\"rollover rollover-zoom dt-pswp-item\" title=\"67a64e5c-2e54-49c8-8caf-45acaba7afb8\" data-dt-img-description=\"\" data-large_image_width=\"1600\" data-large_image_height=\"1599\"href='https:\/\/www.radiopiu.net\/wordpress\/wp-content\/uploads\/2024\/04\/67a64e5c-2e54-49c8-8caf-45acaba7afb8.jpg'><img loading=\"lazy\" decoding=\"async\" width=\"150\" height=\"150\" src=\"https:\/\/www.radiopiu.net\/wordpress\/wp-content\/uploads\/2024\/04\/67a64e5c-2e54-49c8-8caf-45acaba7afb8-150x150.jpg\" class=\"attachment-thumbnail size-thumbnail\" alt=\"\" srcset=\"https:\/\/www.radiopiu.net\/wordpress\/wp-content\/uploads\/2024\/04\/67a64e5c-2e54-49c8-8caf-45acaba7afb8-150x150.jpg 150w, https:\/\/www.radiopiu.net\/wordpress\/wp-content\/uploads\/2024\/04\/67a64e5c-2e54-49c8-8caf-45acaba7afb8-300x300.jpg 300w, https:\/\/www.radiopiu.net\/wordpress\/wp-content\/uploads\/2024\/04\/67a64e5c-2e54-49c8-8caf-45acaba7afb8-1024x1024.jpg 1024w, https:\/\/www.radiopiu.net\/wordpress\/wp-content\/uploads\/2024\/04\/67a64e5c-2e54-49c8-8caf-45acaba7afb8-768x768.jpg 768w, https:\/\/www.radiopiu.net\/wordpress\/wp-content\/uploads\/2024\/04\/67a64e5c-2e54-49c8-8caf-45acaba7afb8-1536x1536.jpg 1536w, https:\/\/www.radiopiu.net\/wordpress\/wp-content\/uploads\/2024\/04\/67a64e5c-2e54-49c8-8caf-45acaba7afb8.jpg 1600w\" sizes=\"auto, (max-width: 150px) 100vw, 150px\" \/><\/a>\n\t\t\t\t<\/dt><\/dl><dl class='gallery-item'>\n\t\t\t\t<dt class='gallery-icon portrait'>\n\t\t\t\t\t<a class=\"rollover rollover-zoom dt-pswp-item\" title=\"c7f47f7e-529a-4451-a36b-1e24e6f82d27\" data-dt-img-description=\"\" data-large_image_width=\"1200\" data-large_image_height=\"1600\"href='https:\/\/www.radiopiu.net\/wordpress\/wp-content\/uploads\/2024\/04\/c7f47f7e-529a-4451-a36b-1e24e6f82d27.jpg'><img loading=\"lazy\" decoding=\"async\" width=\"150\" height=\"150\" src=\"https:\/\/www.radiopiu.net\/wordpress\/wp-content\/uploads\/2024\/04\/c7f47f7e-529a-4451-a36b-1e24e6f82d27-150x150.jpg\" class=\"attachment-thumbnail size-thumbnail\" alt=\"\" \/><\/a>\n\t\t\t\t<\/dt><\/dl><dl class='gallery-item'>\n\t\t\t\t<dt class='gallery-icon portrait'>\n\t\t\t\t\t<a class=\"rollover rollover-zoom dt-pswp-item\" title=\"dadacd3e-b355-47bb-a636-d281afc2f268\" data-dt-img-description=\"\" data-large_image_width=\"923\" data-large_image_height=\"1600\"href='https:\/\/www.radiopiu.net\/wordpress\/wp-content\/uploads\/2024\/04\/dadacd3e-b355-47bb-a636-d281afc2f268.jpg'><img loading=\"lazy\" decoding=\"async\" width=\"150\" height=\"150\" src=\"https:\/\/www.radiopiu.net\/wordpress\/wp-content\/uploads\/2024\/04\/dadacd3e-b355-47bb-a636-d281afc2f268-150x150.jpg\" class=\"attachment-thumbnail size-thumbnail\" alt=\"\" \/><\/a>\n\t\t\t\t<\/dt><\/dl><dl class='gallery-item'>\n\t\t\t\t<dt class='gallery-icon portrait'>\n\t\t\t\t\t<a class=\"rollover rollover-zoom dt-pswp-item\" title=\"1a1387fe-95a1-404a-9fe6-bc7ae635d2c4\" data-dt-img-description=\"\" data-large_image_width=\"1200\" data-large_image_height=\"1600\"href='https:\/\/www.radiopiu.net\/wordpress\/wp-content\/uploads\/2024\/04\/1a1387fe-95a1-404a-9fe6-bc7ae635d2c4.jpg'><img loading=\"lazy\" decoding=\"async\" width=\"150\" height=\"150\" src=\"https:\/\/www.radiopiu.net\/wordpress\/wp-content\/uploads\/2024\/04\/1a1387fe-95a1-404a-9fe6-bc7ae635d2c4-150x150.jpg\" class=\"attachment-thumbnail size-thumbnail\" alt=\"\" \/><\/a>\n\t\t\t\t<\/dt><\/dl><dl class='gallery-item'>\n\t\t\t\t<dt class='gallery-icon portrait'>\n\t\t\t\t\t<a class=\"rollover rollover-zoom dt-pswp-item\" title=\"e6c74b89-ff93-4765-830b-8dfe4c861134\" data-dt-img-description=\"\" data-large_image_width=\"1536\" data-large_image_height=\"2048\"href='https:\/\/www.radiopiu.net\/wordpress\/wp-content\/uploads\/2024\/04\/e6c74b89-ff93-4765-830b-8dfe4c861134.jpg'><img loading=\"lazy\" decoding=\"async\" width=\"150\" height=\"150\" src=\"https:\/\/www.radiopiu.net\/wordpress\/wp-content\/uploads\/2024\/04\/e6c74b89-ff93-4765-830b-8dfe4c861134-150x150.jpg\" class=\"attachment-thumbnail size-thumbnail\" alt=\"\" \/><\/a>\n\t\t\t\t<\/dt><\/dl><br style=\"clear: both\" \/>\n\t\t\t<\/div>\n\n<p><strong>REDAZIONE<\/strong> Il progetto Casere Art&amp;Nature nel territorio dell\u2019Alto Alpago comprende 7 casere ristrutturate, con una capacit\u00e0 massima di 30 posti letto ciascuna. Avviato 6 anni fa, offre alloggi di alta qualit\u00e0, ognuno con una mini spa. Promosso da 5 imprenditori, mira allo sviluppo locale. Una app fornisce percorsi per passeggiate e escursioni in mtb. Un percorso artistico, realizzato con l&#8217;artista locale Raul Barattin, connette le casere, aperto a tutti. L&#8217;investimento di 50.000 \u20ac \u00e8 sostenuto da Union Camere, sponsor locali e Casere Luxury Lodges. Il 27, passeggiata e presentazione del progetto, seguiti dalla festa della primavera di San Martino con cena e musica.<\/p>\n<p><strong>L&#8217;INTERVISTA A CLAUDIO DAL BORGO<\/strong><\/p>\n<audio class=\"wp-audio-shortcode\" id=\"audio-387124-10\" preload=\"none\" style=\"width: 100%;\" controls=\"controls\"><source type=\"audio\/mpeg\" src=\"https:\/\/www.radiopiu.net\/wordpress\/wp-content\/uploads\/2024\/04\/CLAUDIO-DAL-BORGO-LUXURY.mp3?_=10\" \/><a href=\"https:\/\/www.radiopiu.net\/wordpress\/wp-content\/uploads\/2024\/04\/CLAUDIO-DAL-BORGO-LUXURY.mp3\">https:\/\/www.radiopiu.net\/wordpress\/wp-content\/uploads\/2024\/04\/CLAUDIO-DAL-BORGO-LUXURY.mp3<\/a><\/audio>\n<p>&nbsp;<\/p>\n<div><\/div>\n<p>&nbsp;<\/p>\n<hr \/>\n<p>&nbsp;<\/p>\n<p>&nbsp;<\/p>\n<blockquote class=\"wp-embedded-content\" data-secret=\"A1unYrdDKa\"><p><a href=\"https:\/\/www.radiopiu.net\/wordpress\/grma1\/\">IL GIORMALE RADIO DI MARCO DAL FARRA &#8211; LA RACCOLTA<\/a><\/p><\/blockquote>\n<p><iframe loading=\"lazy\" class=\"wp-embedded-content\" sandbox=\"allow-scripts\" security=\"restricted\" style=\"position: absolute; clip: rect(1px, 1px, 1px, 1px);\" title=\"&#8220;IL GIORMALE RADIO DI MARCO DAL FARRA &#8211; LA RACCOLTA&#8221; &#8212; Radio Pi\u00f9\" src=\"https:\/\/www.radiopiu.net\/wordpress\/grma1\/embed\/#?secret=BO4B667MAt#?secret=A1unYrdDKa\" data-secret=\"A1unYrdDKa\" width=\"600\" height=\"338\" frameborder=\"0\" marginwidth=\"0\" marginheight=\"0\" scrolling=\"no\"><\/iframe><\/p>\n<p>&nbsp;<\/p>\n<p>&nbsp;<\/p>\n<hr \/>\n<p>&nbsp;<\/p>\n<h2><span style=\"color: #ff6600;\">IERI ALLA RADIO\u00a0<\/span><\/h2>\n<h2><span style=\"color: #008000;\">LIBER, DI LIANA CAVALLET<\/span><\/h2>\n<p><strong>PUNTATA 33 24 APRILE 2024 &#8211; I PICCOLI MAESTRI &#8220;LUIGI MENEGHELLO&#8221;<\/strong><\/p>\n\n\t\t\t<style type='text\/css'>\n\t\t\t\t#gallery-9 {\n\t\t\t\t\tmargin: auto;\n\t\t\t\t}\n\t\t\t\t#gallery-9 .gallery-item {\n\t\t\t\t\tfloat: left;\n\t\t\t\t\tmargin-top: 10px;\n\t\t\t\t\ttext-align: center;\n\t\t\t\t\twidth: 100%;\n\t\t\t\t}\n\t\t\t\t#gallery-9 img {\n\t\t\t\t\tborder: 2px solid #cfcfcf;\n\t\t\t\t}\n\t\t\t\t#gallery-9 .gallery-caption {\n\t\t\t\t\tmargin-left: 0;\n\t\t\t\t}\n\t\t\t\t\/* see gallery_shortcode() in wp-includes\/media.php *\/\n\t\t\t<\/style>\n\t\t<div id='gallery-9' class='dt-gallery-container gallery galleryid-387124 gallery-columns-1 gallery-size-medium'><dl class='gallery-item'>\n\t\t\t\t<dt class='gallery-icon portrait'>\n\t\t\t\t\t<a class=\"rollover rollover-zoom dt-pswp-item\" title=\"9788817061186_0_536_0_75\" data-dt-img-description=\"\" data-large_image_width=\"536\" data-large_image_height=\"819\"href='https:\/\/www.radiopiu.net\/wordpress\/wp-content\/uploads\/2024\/03\/9788817061186_0_536_0_75.jpg'><img loading=\"lazy\" decoding=\"async\" width=\"196\" height=\"300\" src=\"https:\/\/www.radiopiu.net\/wordpress\/wp-content\/uploads\/2024\/03\/9788817061186_0_536_0_75-196x300.jpg\" class=\"attachment-medium size-medium\" alt=\"\" srcset=\"https:\/\/www.radiopiu.net\/wordpress\/wp-content\/uploads\/2024\/03\/9788817061186_0_536_0_75-196x300.jpg 196w, https:\/\/www.radiopiu.net\/wordpress\/wp-content\/uploads\/2024\/03\/9788817061186_0_536_0_75.jpg 536w\" sizes=\"auto, (max-width: 196px) 100vw, 196px\" \/><\/a>\n\t\t\t\t<\/dt><\/dl><br style=\"clear: both\" \/>\n\t\t\t<\/div>\n\n<audio class=\"wp-audio-shortcode\" id=\"audio-387124-11\" preload=\"none\" style=\"width: 100%;\" controls=\"controls\"><source type=\"audio\/mpeg\" src=\"https:\/\/www.radiopiu.net\/wordpress\/wp-content\/uploads\/2024\/03\/LIANA-4.mp3?_=11\" \/><a href=\"https:\/\/www.radiopiu.net\/wordpress\/wp-content\/uploads\/2024\/03\/LIANA-4.mp3\">https:\/\/www.radiopiu.net\/wordpress\/wp-content\/uploads\/2024\/03\/LIANA-4.mp3<\/a><\/audio>\n<p>&nbsp;<\/p>\n<h2><strong>LA RACCOLTA COMPLETA <a href=\"https:\/\/www.radiopiu.net\/wordpress\/liber-di-liana-cavallet-la-raccolta\/\"><span style=\"color: #3366ff;\">CLICCA QUI<\/span><\/a><\/strong><\/h2>\n<p>&nbsp;<\/p>\n<hr \/>\n<p>&nbsp;<\/p>\n<h2><span style=\"color: #33cccc;\"><a class=\"dt-pswp-item\" href=\"https:\/\/www.radiopiu.net\/wordpress\/wp-content\/uploads\/2022\/11\/scuola-zaino.jpeg\" data-dt-img-description=\"\" data-large_image_width=\"626\" data-large_image_height=\"417\"><img loading=\"lazy\" decoding=\"async\" class=\" wp-image-306830 alignleft\" src=\"https:\/\/www.radiopiu.net\/wordpress\/wp-content\/uploads\/2022\/11\/scuola-zaino-300x200.jpeg\" alt=\"\" width=\"173\" height=\"115\" srcset=\"https:\/\/www.radiopiu.net\/wordpress\/wp-content\/uploads\/2022\/11\/scuola-zaino-300x200.jpeg 300w, https:\/\/www.radiopiu.net\/wordpress\/wp-content\/uploads\/2022\/11\/scuola-zaino.jpeg 626w\" sizes=\"auto, (max-width: 173px) 100vw, 173px\" \/><\/a>SE NON LA SMETTI TI MANDO DAL PRESIDE<\/span><\/h2>\n<p><strong>DI MIRKO MEZZACASA<\/strong><\/p>\n<p>CON MARIA ROSA SALMAZO<\/p>\n<audio class=\"wp-audio-shortcode\" id=\"audio-387124-12\" preload=\"none\" style=\"width: 100%;\" controls=\"controls\"><source type=\"audio\/mpeg\" src=\"https:\/\/www.radiopiu.net\/wordpress\/wp-content\/uploads\/2024\/04\/PRESIDE-1.mp3?_=12\" \/><a href=\"https:\/\/www.radiopiu.net\/wordpress\/wp-content\/uploads\/2024\/04\/PRESIDE-1.mp3\">https:\/\/www.radiopiu.net\/wordpress\/wp-content\/uploads\/2024\/04\/PRESIDE-1.mp3<\/a><\/audio>\n<p>&nbsp;<\/p>\n<hr \/>\n<p>&nbsp;<\/p>\n<h2><span style=\"color: #ff0000;\">CINE HITS, ALLA SCOPERTA DELLE COLONNE SONORE<\/span><\/h2>\n<p><a class=\"dt-pswp-item\" href=\"https:\/\/www.radiopiu.net\/wordpress\/wp-content\/uploads\/2024\/04\/FULL-MONTY.jpg\" data-dt-img-description=\"\" data-large_image_width=\"788\" data-large_image_height=\"1080\"><img loading=\"lazy\" decoding=\"async\" class=\" wp-image-387127 alignleft\" src=\"https:\/\/www.radiopiu.net\/wordpress\/wp-content\/uploads\/2024\/04\/FULL-MONTY-219x300.jpg\" alt=\"\" width=\"106\" height=\"145\" srcset=\"https:\/\/www.radiopiu.net\/wordpress\/wp-content\/uploads\/2024\/04\/FULL-MONTY-219x300.jpg 219w, https:\/\/www.radiopiu.net\/wordpress\/wp-content\/uploads\/2024\/04\/FULL-MONTY-747x1024.jpg 747w, https:\/\/www.radiopiu.net\/wordpress\/wp-content\/uploads\/2024\/04\/FULL-MONTY-768x1053.jpg 768w, https:\/\/www.radiopiu.net\/wordpress\/wp-content\/uploads\/2024\/04\/FULL-MONTY.jpg 788w\" sizes=\"auto, (max-width: 106px) 100vw, 106px\" \/><\/a><strong>24 APRILE &#8211; FULL MONTY<\/strong><\/p>\n<audio class=\"wp-audio-shortcode\" id=\"audio-387124-13\" preload=\"none\" style=\"width: 100%;\" controls=\"controls\"><source type=\"audio\/mpeg\" src=\"https:\/\/www.radiopiu.net\/wordpress\/wp-content\/uploads\/2024\/04\/CINE2-2.mp3?_=13\" \/><a href=\"https:\/\/www.radiopiu.net\/wordpress\/wp-content\/uploads\/2024\/04\/CINE2-2.mp3\">https:\/\/www.radiopiu.net\/wordpress\/wp-content\/uploads\/2024\/04\/CINE2-2.mp3<\/a><\/audio>\n<p>&nbsp;<\/p>\n<h2>LA RACCOLTA COMPLETA <a href=\"https:\/\/www.radiopiu.net\/wordpress\/cine-hits-alla-scoperta-delle-colonne-sonore-la-raccolta\/\"><span style=\"color: #3366ff;\">CLICCA QUI<\/span><\/a><\/h2>\n<p>&nbsp;<\/p>\n<p>&nbsp;<\/p>\n<blockquote>\n<h2>CIAK SI GIRA, IL PROGRAMMA DI PAOLA LANCIATO<\/h2>\n<\/blockquote>\n<p>&nbsp;<\/p>\n<p><strong><a class=\"dt-pswp-item\" href=\"https:\/\/www.radiopiu.net\/wordpress\/wp-content\/uploads\/2024\/04\/th-10.jpg\" data-dt-img-description=\"\" data-large_image_width=\"135\" data-large_image_height=\"180\"><img loading=\"lazy\" decoding=\"async\" class=\"size-full wp-image-387228 alignleft\" src=\"https:\/\/www.radiopiu.net\/wordpress\/wp-content\/uploads\/2024\/04\/th-10.jpg\" alt=\"\" width=\"135\" height=\"180\" \/><\/a>PUNTATA 24 HUGO CABRET<\/strong><\/p>\n<audio class=\"wp-audio-shortcode\" id=\"audio-387124-14\" preload=\"none\" style=\"width: 100%;\" controls=\"controls\"><source type=\"audio\/mpeg\" src=\"https:\/\/www.radiopiu.net\/wordpress\/wp-content\/uploads\/2024\/04\/CIAK2-2.mp3?_=14\" \/><a href=\"https:\/\/www.radiopiu.net\/wordpress\/wp-content\/uploads\/2024\/04\/CIAK2-2.mp3\">https:\/\/www.radiopiu.net\/wordpress\/wp-content\/uploads\/2024\/04\/CIAK2-2.mp3<\/a><\/audio>\n<p>&nbsp;<\/p>\n<h2>LA RACCOLTA COMPLETA <a href=\"https:\/\/www.radiopiu.net\/wordpress\/ciak24\/\"><span style=\"color: #3366ff;\">CLICCA QUI<\/span><\/a><\/h2>\n<p>&nbsp;<\/p>\n<p>&nbsp;<\/p>\n<p>&nbsp;<\/p>\n<hr \/>\n<p>&nbsp;<\/p>\n<blockquote class=\"wp-embedded-content\" data-secret=\"bqU1xtpPQm\"><p><a href=\"https:\/\/www.radiopiu.net\/wordpress\/rimasti-piu-avanti-31\/\">&#8220;RIMASTI PIU&#8217; AVANTI&#8221;, ALLA SCOPERTA DELLA MUSICA BELLUNESE CON MARCO V. DAL FARRA<\/a><\/p><\/blockquote>\n<p><iframe loading=\"lazy\" class=\"wp-embedded-content\" sandbox=\"allow-scripts\" security=\"restricted\" style=\"position: absolute; clip: rect(1px, 1px, 1px, 1px);\" title=\"&#8220;&#8220;RIMASTI PIU&#8217; AVANTI&#8221;, ALLA SCOPERTA DELLA MUSICA BELLUNESE CON MARCO V. DAL FARRA&#8221; &#8212; Radio Pi\u00f9\" src=\"https:\/\/www.radiopiu.net\/wordpress\/rimasti-piu-avanti-31\/embed\/#?secret=2dCWi5n1YC#?secret=bqU1xtpPQm\" data-secret=\"bqU1xtpPQm\" width=\"600\" height=\"338\" frameborder=\"0\" marginwidth=\"0\" marginheight=\"0\" scrolling=\"no\"><\/iframe><\/p>\n<p>&nbsp;<\/p>\n<div class=\"page-title-head hgroup\">\n<blockquote>\n<h2 class=\"entry-title\">UNA VENTATA DI NOVIT\u00c0: D BIKE A TAIBON AGORDINO ACCENDE LA PRIMAVERA CON UNA GIORNATA DEDICATA AGLI AMANTI DELLA BICICLETTA<\/h2>\n<\/blockquote>\n<\/div>\n<div class=\"page-title-breadcrumbs\"><\/div>\n<p>UNA VENTATA DI NOVITA&#8217;&#8230; D BIKE A TAIBON AGORDINO ACCENDE LA PRIMAVERA E INAUGURA LA NUOVA STAGIONE CON UNA GIORNATA DEDICATA AGLI AMANTI DELLA BICICLETTA SABATO 4 MAGGIO, DALLE 10 ALLE 16 TEST BIKE: WISTLE, BOTTECCHIA E LE NUOVE LINEE DI ABBIGLIAMENTO SPORTIVO ALE&#8217; D BIKE, A TAIBON AGORDINO LOCALITA&#8217; NOGAROLA LUNGO LA REGIONALE 203 AGORDINA , SABATO 4 MAGGIO&#8230; SPORT, CONSIGLI, FESTA E&#8230; GASTRONOMIA CON LUCA DEL RISTORANTE LA STANGA E LE SUE POLPETTE D BIKE&#8230; PER GLI AMANTI DELLA BICICLETTA, PER GLI ESPERTI DELLA DISCIPLINA&#8230; PER UNA GIORNATA&#8230;DA PEDALARE<\/p>\n<blockquote class=\"wp-embedded-content\" data-secret=\"9W13OQtp6Z\"><p><a href=\"https:\/\/www.radiopiu.net\/wordpress\/aperto-il-nuovo-negozio-d-bike-a-taibon\/\">APERTO IL NUOVO NEGOZIO D BIKE A TAIBON<\/a><\/p><\/blockquote>\n<p><iframe loading=\"lazy\" class=\"wp-embedded-content\" sandbox=\"allow-scripts\" security=\"restricted\" style=\"position: absolute; clip: rect(1px, 1px, 1px, 1px);\" title=\"&#8220;APERTO IL NUOVO NEGOZIO D BIKE A TAIBON&#8221; &#8212; Radio Pi\u00f9\" src=\"https:\/\/www.radiopiu.net\/wordpress\/aperto-il-nuovo-negozio-d-bike-a-taibon\/embed\/#?secret=K45u3XiFh7#?secret=9W13OQtp6Z\" data-secret=\"9W13OQtp6Z\" width=\"600\" height=\"338\" frameborder=\"0\" marginwidth=\"0\" marginheight=\"0\" scrolling=\"no\"><\/iframe><\/p>\n<p>&nbsp;<\/p>\n<p>&nbsp;<\/p>\n<p>&nbsp;<\/p>\n<p>&nbsp;<\/p>\n<p>&nbsp;<\/p>\n<hr \/>\n<p>&nbsp;<\/p>\n<h2><span style=\"color: #ff0000;\"><a class=\"dt-pswp-item\" href=\"https:\/\/www.radiopiu.net\/wordpress\/wp-content\/uploads\/2018\/09\/appuntamenti.jpeg\" data-dt-img-description=\"\" data-large_image_width=\"800\" data-large_image_height=\"100\"><img loading=\"lazy\" decoding=\"async\" class=\"wp-image-61958 size-full aligncenter\" src=\"https:\/\/www.radiopiu.net\/wordpress\/wp-content\/uploads\/2018\/09\/appuntamenti.jpeg\" alt=\"\" width=\"800\" height=\"100\" srcset=\"https:\/\/www.radiopiu.net\/wordpress\/wp-content\/uploads\/2018\/09\/appuntamenti.jpeg 800w, https:\/\/www.radiopiu.net\/wordpress\/wp-content\/uploads\/2018\/09\/appuntamenti-300x38.jpeg 300w, https:\/\/www.radiopiu.net\/wordpress\/wp-content\/uploads\/2018\/09\/appuntamenti-768x96.jpeg 768w\" sizes=\"auto, (max-width: 800px) 100vw, 800px\" \/><\/a><\/span><\/h2>\n<div>\n<div class=\"\" dir=\"auto\">\n<div id=\":r9h:\" class=\"x1iorvi4 x1pi30zi x1l90r2v x1swvt13\" data-ad-comet-preview=\"message\" data-ad-preview=\"message\">\n<p>&nbsp;<\/p>\n<p>&nbsp;<\/p>\n<div class=\"x78zum5 xdt5ytf xz62fqu x16ldp7u\">\n<div class=\"xu06os2 x1ok221b\">\n\n\t\t\t<style type='text\/css'>\n\t\t\t\t#gallery-10 {\n\t\t\t\t\tmargin: auto;\n\t\t\t\t}\n\t\t\t\t#gallery-10 .gallery-item {\n\t\t\t\t\tfloat: left;\n\t\t\t\t\tmargin-top: 10px;\n\t\t\t\t\ttext-align: center;\n\t\t\t\t\twidth: 20%;\n\t\t\t\t}\n\t\t\t\t#gallery-10 img {\n\t\t\t\t\tborder: 2px solid #cfcfcf;\n\t\t\t\t}\n\t\t\t\t#gallery-10 .gallery-caption {\n\t\t\t\t\tmargin-left: 0;\n\t\t\t\t}\n\t\t\t\t\/* see gallery_shortcode() in wp-includes\/media.php *\/\n\t\t\t<\/style>\n\t\t<div id='gallery-10' class='dt-gallery-container gallery galleryid-387124 gallery-columns-5 gallery-size-thumbnail'><dl class='gallery-item'>\n\t\t\t\t<dt class='gallery-icon portrait'>\n\t\t\t\t\t<a class=\"rollover rollover-zoom dt-pswp-item\" title=\"2d3e911f-f1e3-4e55-aba3-20c37bc8ebf1\" data-dt-img-description=\"\" data-large_image_width=\"707\" data-large_image_height=\"1000\"href='https:\/\/www.radiopiu.net\/wordpress\/wp-content\/uploads\/2024\/04\/2d3e911f-f1e3-4e55-aba3-20c37bc8ebf1.jpg'><img loading=\"lazy\" decoding=\"async\" width=\"150\" height=\"150\" src=\"https:\/\/www.radiopiu.net\/wordpress\/wp-content\/uploads\/2024\/04\/2d3e911f-f1e3-4e55-aba3-20c37bc8ebf1-150x150.jpg\" class=\"attachment-thumbnail size-thumbnail\" alt=\"\" aria-describedby=\"gallery-10-385133\" \/><\/a>\n\t\t\t\t<\/dt>\n\t\t\t\t\t<dd class='wp-caption-text gallery-caption' id='gallery-10-385133'>\n\t\t\t\t\tIN FESTA CON L&#8217;ALLEGHE HOCKEY, DOMANI SABATO\n\t\t\t\t\t<\/dd><\/dl><dl class='gallery-item'>\n\t\t\t\t<dt class='gallery-icon portrait'>\n\t\t\t\t\t<a class=\"rollover rollover-zoom dt-pswp-item\" title=\"f16954ef-71e0-49e2-a9d2-1b5d293d2e59\" data-dt-img-description=\"\" data-large_image_width=\"1131\" data-large_image_height=\"1600\"href='https:\/\/www.radiopiu.net\/wordpress\/wp-content\/uploads\/2024\/04\/f16954ef-71e0-49e2-a9d2-1b5d293d2e59.jpg'><img loading=\"lazy\" decoding=\"async\" width=\"150\" height=\"150\" src=\"https:\/\/www.radiopiu.net\/wordpress\/wp-content\/uploads\/2024\/04\/f16954ef-71e0-49e2-a9d2-1b5d293d2e59-150x150.jpg\" class=\"attachment-thumbnail size-thumbnail\" alt=\"\" aria-describedby=\"gallery-10-385174\" \/><\/a>\n\t\t\t\t<\/dt>\n\t\t\t\t\t<dd class='wp-caption-text gallery-caption' id='gallery-10-385174'>\n\t\t\t\t\tDAL 27 APRILE LA MOSTRA DEGLI ALUNNI DI LAURA BALLIS\n\t\t\t\t\t<\/dd><\/dl><dl class='gallery-item'>\n\t\t\t\t<dt class='gallery-icon portrait'>\n\t\t\t\t\t<a class=\"rollover rollover-zoom dt-pswp-item\" title=\"d0fda297-cd97-4337-8524-ac29fd116109\" data-dt-img-description=\"\" data-large_image_width=\"1117\" data-large_image_height=\"1600\"href='https:\/\/www.radiopiu.net\/wordpress\/wp-content\/uploads\/2024\/04\/d0fda297-cd97-4337-8524-ac29fd116109.jpg'><img loading=\"lazy\" decoding=\"async\" width=\"150\" height=\"150\" src=\"https:\/\/www.radiopiu.net\/wordpress\/wp-content\/uploads\/2024\/04\/d0fda297-cd97-4337-8524-ac29fd116109-150x150.jpg\" class=\"attachment-thumbnail size-thumbnail\" alt=\"\" aria-describedby=\"gallery-10-387012\" \/><\/a>\n\t\t\t\t<\/dt>\n\t\t\t\t\t<dd class='wp-caption-text gallery-caption' id='gallery-10-387012'>\n\t\t\t\t\tDOMANI UNA SERATA CON OSCAR ANGELONI A LA VALLE AGORDINA \n\t\t\t\t\t<\/dd><\/dl><dl class='gallery-item'>\n\t\t\t\t<dt class='gallery-icon portrait'>\n\t\t\t\t\t<a class=\"rollover rollover-zoom dt-pswp-item\" title=\"437146738_2577149032445332_1917642300626249383_n\" data-dt-img-description=\"\" data-large_image_width=\"509\" data-large_image_height=\"720\"href='https:\/\/www.radiopiu.net\/wordpress\/wp-content\/uploads\/2024\/04\/437146738_2577149032445332_1917642300626249383_n.jpg'><img loading=\"lazy\" decoding=\"async\" width=\"150\" height=\"150\" src=\"https:\/\/www.radiopiu.net\/wordpress\/wp-content\/uploads\/2024\/04\/437146738_2577149032445332_1917642300626249383_n-150x150.jpg\" class=\"attachment-thumbnail size-thumbnail\" alt=\"\" aria-describedby=\"gallery-10-387164\" \/><\/a>\n\t\t\t\t<\/dt>\n\t\t\t\t\t<dd class='wp-caption-text gallery-caption' id='gallery-10-387164'>\n\t\t\t\t\tDA VENERDI 3 MAGGIO VIA AL MAGGIO AGORDINO CON I PERITI MINERARI\n\t\t\t\t\t<\/dd><\/dl><dl class='gallery-item'>\n\t\t\t\t<dt class='gallery-icon portrait'>\n\t\t\t\t\t<a class=\"rollover rollover-zoom dt-pswp-item\" title=\"6badf9cc-acc8-4d12-a4f1-ee6f808c9e5e\" data-dt-img-description=\"\" data-large_image_width=\"1131\" data-large_image_height=\"1600\"href='https:\/\/www.radiopiu.net\/wordpress\/wp-content\/uploads\/2024\/04\/6badf9cc-acc8-4d12-a4f1-ee6f808c9e5e.jpg'><img loading=\"lazy\" decoding=\"async\" width=\"150\" height=\"150\" src=\"https:\/\/www.radiopiu.net\/wordpress\/wp-content\/uploads\/2024\/04\/6badf9cc-acc8-4d12-a4f1-ee6f808c9e5e-150x150.jpg\" class=\"attachment-thumbnail size-thumbnail\" alt=\"\" aria-describedby=\"gallery-10-387233\" \/><\/a>\n\t\t\t\t<\/dt>\n\t\t\t\t\t<dd class='wp-caption-text gallery-caption' id='gallery-10-387233'>\n\t\t\t\t\tLA FESTA CON IL DISTRETTO VENATORIO AGORDINO A SAN TOMASO\n\t\t\t\t\t<\/dd><\/dl><br style=\"clear: both\" \/>\n\t\t\t<\/div>\n\n<\/div>\n<\/div>\n<\/div>\n<\/div>\n<\/div>\n<p><strong>ALLEGHE<\/strong> Sei pronto a celebrare un evento epico? l&#8217; Alleghe Hockey festeggia 90 anni di storia e passione! L&#8217;ANNIVERSARIO, FESTEGGIALO CON NOI Unisciti a noi DOMANI\u00a0 dalle 18 in poi, nella palestra di Caprile di Alleghe LET&#8217;S EAT, DRINK, DANCE AND CELEBRATE &#8220;Ingresso libero, cena, drink, e balli fino all&#8217;alba! DJ set mozzafiato by R DJ, che ti far\u00e0 ballare tutta la notte! ALLEGHE HOCKEY&#8230; L&#8217;ANNIVERSARIO.<\/p>\n<p><strong>AGORDO<\/strong> MAGGIO AGORDINO, CONOSCERE IL TERRITORIO, CON L&#8217;ASSOCIAZIONE PERITI MINERARI DI AGORDO QUATTRO APPUNTAMENTI, PER QUATTRO VENERDI ALLE 20.30 IN SALA DON TAMIS, AD AGORDO, CON INGRESSO LIBERO A TUTTI VENERDI 3 MAGGIO GEOLOGIA DELLE DOLOMITI,&#8221;MONTAGNE PIU&#8217; MERAVIGLIOSE DELLA TERRA&#8221; professor Danilo Giordano VENERDI 10 MAGGIO UNA SERATA TRA I BOSCHI CHE CAMBIANO, I BOSCHI DELLE DOLOMITI professor Luca Canzan VENERDI 17 MAGGIO LA METEOLOROGIA ALPINA, UN UNIVERSO SFACETTATO QUANTO LA MONTAGNA STESSA con il dottor Robert Thierry Luciani VENERDI 24 MAGGIO ENERGIA E AMBIENTE DI MONTAGNA con l&#8217;ingegner Adriano Luchetta MAGGIO AGORDINO&#8230; CON L&#8217;APIM, I VENERDI DI SERA IN SALA DON TAMIS<\/p>\n<p><strong>AGORDO<\/strong> Al termine del 26esimo anno accademico 23-24 intervento del giornalista Francesco Jori con la relazione conclusiva &#8220;Marco Polo la vita \u00e8 viaggio, sette secoli fa&#8221;. Martedi 30 aprile alle 15 in sala Don Tamis<\/p>\n<p><strong>SAN TOMASO<\/strong> \u00a0Il distretto venatorio agordino ti invita domenica 5 maggio dalle 9 a sera, all&#8217;Arena 1082 di San Tomaso Agordino, per la festa del cacciatore agordino. Alle 9 la messa accompagnata dai suonatori di corno da caccia, alle 10 l&#8217;incontro con la popolazione, premiazioni dei soci anziani e dei migliori trofei d&#8217;annata. ALLE 11 Esibizione folk con i Bati Orz de San Tomas. Dalle 12 cucina tipica con prodotti di selvaggina, complesso folk-tirol Spritz Band&#8230;ed estrazione biglietti della lotteria. Servizio bar e ristoro, nell&#8217;Arena diorama della fauna e ambiente alpino, attrezzatura venatoria prodotti d&#8217;artigianato e rassegna di pittori.<\/p>\n<p>&nbsp;<\/p>\n<hr \/>\n<p>&nbsp;<\/p>\n<p><a class=\"dt-pswp-item\" href=\"https:\/\/www.radiopiu.net\/wordpress\/wp-content\/uploads\/2018\/09\/viabilita.jpeg\" data-dt-img-description=\"\" data-large_image_width=\"800\" data-large_image_height=\"100\"><img loading=\"lazy\" decoding=\"async\" class=\"aligncenter wp-image-61954 size-full\" src=\"https:\/\/www.radiopiu.net\/wordpress\/wp-content\/uploads\/2018\/09\/viabilita.jpeg\" alt=\"\" width=\"800\" height=\"100\" srcset=\"https:\/\/www.radiopiu.net\/wordpress\/wp-content\/uploads\/2018\/09\/viabilita.jpeg 800w, https:\/\/www.radiopiu.net\/wordpress\/wp-content\/uploads\/2018\/09\/viabilita-300x38.jpeg 300w, https:\/\/www.radiopiu.net\/wordpress\/wp-content\/uploads\/2018\/09\/viabilita-768x96.jpeg 768w\" sizes=\"auto, (max-width: 800px) 100vw, 800px\" \/><\/a><\/p>\n<p>&nbsp;<\/p>\n<p><a class=\"dt-pswp-item\" href=\"https:\/\/www.radiopiu.net\/wordpress\/wp-content\/uploads\/2023\/12\/botol-car-service.jpg\" data-dt-img-description=\"\" data-large_image_width=\"600\" data-large_image_height=\"600\"><img loading=\"lazy\" decoding=\"async\" class=\"size-medium wp-image-367044 aligncenter\" src=\"https:\/\/www.radiopiu.net\/wordpress\/wp-content\/uploads\/2023\/12\/botol-car-service-300x300.jpg\" alt=\"\" width=\"300\" height=\"300\" srcset=\"https:\/\/www.radiopiu.net\/wordpress\/wp-content\/uploads\/2023\/12\/botol-car-service-300x300.jpg 300w, https:\/\/www.radiopiu.net\/wordpress\/wp-content\/uploads\/2023\/12\/botol-car-service-150x150.jpg 150w, https:\/\/www.radiopiu.net\/wordpress\/wp-content\/uploads\/2023\/12\/botol-car-service.jpg 600w\" sizes=\"auto, (max-width: 300px) 100vw, 300px\" \/><\/a><\/p>\n<p>&nbsp;<\/p>\n<p>&nbsp;<\/p>\n<h1>BOLLETTINO QUOTIDIANO, CLICCA QUI<\/h1>\n<blockquote class=\"wp-embedded-content\" data-secret=\"WAHTBUd5eq\"><p><a href=\"https:\/\/www.radiopiu.net\/wordpress\/viabilita\/\">viabilita<\/a><\/p><\/blockquote>\n<p><iframe loading=\"lazy\" class=\"wp-embedded-content\" sandbox=\"allow-scripts\" security=\"restricted\" style=\"position: absolute; clip: rect(1px, 1px, 1px, 1px);\" title=\"&#8220;viabilita&#8221; &#8212; Radio Pi\u00f9\" src=\"https:\/\/www.radiopiu.net\/wordpress\/viabilita\/embed\/#?secret=pCLuCbaPef#?secret=WAHTBUd5eq\" data-secret=\"WAHTBUd5eq\" width=\"600\" height=\"338\" frameborder=\"0\" marginwidth=\"0\" marginheight=\"0\" scrolling=\"no\"><\/iframe><\/p>\n<p>&nbsp;<\/p>\n<p>&nbsp;<\/p>\n<p>&nbsp;<\/p>\n<hr \/>\n<p>&nbsp;<\/p>\n<p><a class=\"dt-pswp-item\" href=\"https:\/\/www.radiopiu.net\/wordpress\/wp-content\/uploads\/2018\/09\/WhatsApp-Image-2018-09-20-at-16.04.06.jpeg\" data-dt-img-description=\"\" data-large_image_width=\"800\" data-large_image_height=\"100\"><img loading=\"lazy\" decoding=\"async\" class=\"wp-image-61378 size-full aligncenter\" src=\"https:\/\/www.radiopiu.net\/wordpress\/wp-content\/uploads\/2018\/09\/WhatsApp-Image-2018-09-20-at-16.04.06.jpeg\" alt=\"\" width=\"800\" height=\"100\" srcset=\"https:\/\/www.radiopiu.net\/wordpress\/wp-content\/uploads\/2018\/09\/WhatsApp-Image-2018-09-20-at-16.04.06.jpeg 800w, https:\/\/www.radiopiu.net\/wordpress\/wp-content\/uploads\/2018\/09\/WhatsApp-Image-2018-09-20-at-16.04.06-300x38.jpeg 300w, https:\/\/www.radiopiu.net\/wordpress\/wp-content\/uploads\/2018\/09\/WhatsApp-Image-2018-09-20-at-16.04.06-768x96.jpeg 768w\" sizes=\"auto, (max-width: 800px) 100vw, 800px\" \/><\/a><\/p>\n<p><center><\/center><center><\/center><center><\/center><center><\/center><center><\/center><center><\/center>&nbsp;<\/p>\n<p><center><\/center><center><\/center><center><b>OGGI<\/b><\/center>Cielo da molto nuvoloso a coperto con poche chance di schiarite. Estesa Nuvolosit\u00e0 per stratocumuli e per addensamenti irregolari. In questo contesto fresco ed uggioso, anche freddo in quota, l&#8217;insidia precipitazioni sar\u00e0 ancora da considerare ovunque.<br \/>\n<b>Precipitazioni: <\/b>Probabilit\u00e0 medio-alta per deboli o debolissime piogge intermittenti e sparse. Il limite neve sar\u00e0 sui 1100-1200 m al mattino e 1400-1500 m al pomeriggio.<br \/>\n<b>Temperature: <\/b>Minime in generale ripresa; massime stazionarie o in leggero aumento in quota e in lieve calo nelle valli.<\/p>\n<hr \/>\n<p><center><b>DOMANI<\/b><\/center>Nottetempo e al mattino molte nubi e qualche fenomeno sparso. Poi nonostante la prevalenza della nuvolosit\u00e0, eventuale ritorno di schiarite, specie sulle Dolomiti, con minore rischio di fenomeni rispetto al mattino e perlopi\u00f9 confinati a qualche settore della fascia prealpina.<br \/>\n<b>Precipitazioni: <\/b>Minore rischio di piovaschi rispetto ai giorni precedenti grazie ad una diminuzione della convezione per avvezione d&#8217;aria meno fredda in quota.<br \/>\n<b>Temperature: <\/b>In generale rialzo rispetto a venerd\u00ec.<\/p>\n<hr \/>\n<p><center><b>DOMENICA<\/b><\/center>Parziale miglioramento rispetto a sabato con pi\u00f9 sole e minore presenza di annuvolamenti, anche se a tratti predominanti. Temperature in generale ulteriore aumento e ritorno di un contesto pi\u00f9 primaverile nelle valli.<\/p>\n<hr \/>\n<p><center><b>LUNEDI<\/b><\/center>Tempo buono, in prevalenza soleggiato, nonostante iniziali velature del cielo per sottili nubi alte e eventuali modesti cumuli durante le ore pi\u00f9 calde a ridosso delle cime. Temperature in continuo rialzo e di nuovo superiori alle medie del periodo<\/p>\n<p>&nbsp;<\/p>\n<hr \/>\n<p>&nbsp;<\/p>\n<a href=\"https:\/\/www.radiopiu.net\/wordpress\/wp-content\/uploads\/2024\/04\/INVITO-INFINITY-BARDIN-1.pdf\" class=\"pdfemb-viewer\" style=\"\" data-width=\"max\" data-height=\"max\" data-toolbar=\"top\" data-toolbar-fixed=\"on\">INVITO INFINITY BARDIN-1<\/a>\n<p>&nbsp;<\/p>\n<hr \/>\n<p>&nbsp;<\/p>\n<p><img loading=\"lazy\" decoding=\"async\" class=\"wp-image-60761 size-full aligncenter\" src=\"https:\/\/www.radiopiu.net\/wordpress\/wp-content\/uploads\/2018\/09\/sport.jpg\" alt=\"\" width=\"800\" height=\"100\" srcset=\"https:\/\/www.radiopiu.net\/wordpress\/wp-content\/uploads\/2018\/09\/sport.jpg 800w, https:\/\/www.radiopiu.net\/wordpress\/wp-content\/uploads\/2018\/09\/sport-300x38.jpg 300w, https:\/\/www.radiopiu.net\/wordpress\/wp-content\/uploads\/2018\/09\/sport-768x96.jpg 768w\" sizes=\"auto, (max-width: 800px) 100vw, 800px\" \/><\/p>\n<p>&nbsp;<\/p>\n<p><span style=\"color: #0000ff;\"><strong>PALLAVOLO<\/strong><\/span><\/p>\n<blockquote>\n<h3>IL BELLUNO VOLLEY SI PREPARA PER LE SEMIFINALI<\/h3>\n<\/blockquote>\n<p><strong><a class=\"dt-pswp-item\" href=\"https:\/\/www.radiopiu.net\/wordpress\/wp-content\/uploads\/2024\/04\/Il_presidente_del_Belluno_Volley_Sandro_Da_Rold.jpg\" data-dt-img-description=\"\" data-large_image_width=\"1325\" data-large_image_height=\"883\"><img loading=\"lazy\" decoding=\"async\" class=\" wp-image-387235 alignleft\" src=\"https:\/\/www.radiopiu.net\/wordpress\/wp-content\/uploads\/2024\/04\/Il_presidente_del_Belluno_Volley_Sandro_Da_Rold-300x200.jpg\" alt=\"\" width=\"159\" height=\"106\" srcset=\"https:\/\/www.radiopiu.net\/wordpress\/wp-content\/uploads\/2024\/04\/Il_presidente_del_Belluno_Volley_Sandro_Da_Rold-300x200.jpg 300w, https:\/\/www.radiopiu.net\/wordpress\/wp-content\/uploads\/2024\/04\/Il_presidente_del_Belluno_Volley_Sandro_Da_Rold-1024x682.jpg 1024w, https:\/\/www.radiopiu.net\/wordpress\/wp-content\/uploads\/2024\/04\/Il_presidente_del_Belluno_Volley_Sandro_Da_Rold-768x512.jpg 768w, https:\/\/www.radiopiu.net\/wordpress\/wp-content\/uploads\/2024\/04\/Il_presidente_del_Belluno_Volley_Sandro_Da_Rold.jpg 1325w\" sizes=\"auto, (max-width: 159px) 100vw, 159px\" \/><\/a>BELLUNO<\/strong> Il Belluno Volley si prepara alle semifinali di Serie A3 Credem Banca contro lo Smartsystem Fano, senza il vantaggio del campo. Il presidente Sandro Da Rold esprime fiducia nel team, lodando l&#8217;autostima e lo spirito di combattimento dei giocatori. Dopo la vittoria su Palmi, Da Rold sottolinea l&#8217;importanza di mantenere alta la concentrazione e replicare la determinazione mostrata in Calabria. Nonostante l&#8217;assenza del fattore campo, il presidente confida nella capacit\u00e0 della squadra di reagire e superare situazioni complicate. I preparativi sono gi\u00e0 in corso per gara 2, programmata per il primo maggio, con un crescente sostegno da parte del pubblico e degli imprenditori locali.<\/p>\n<p>&nbsp;<\/p>\n<p>&nbsp;<\/p>\n<hr \/>\n<p>&nbsp;<\/p>\n<h2><span style=\"color: #33cccc;\">GOODBYE BY BICICLE&#8230;UN VIAGGIO DALL&#8217;INDIA A SEREN DEL GRAPPA IN BICICLETTA<\/span><\/h2>\n<p><span style=\"color: #ff0000;\"><strong>PUNTATA 10 &#8211; CONTINUA IL VIAGGIO IN INDIA<\/strong><\/span><\/p>\n<audio class=\"wp-audio-shortcode\" id=\"audio-387124-15\" preload=\"none\" style=\"width: 100%;\" controls=\"controls\"><source type=\"audio\/mpeg\" src=\"https:\/\/www.radiopiu.net\/wordpress\/wp-content\/uploads\/2024\/04\/AIRE-INDIA-PUNTATA-10.mp3?_=15\" \/><a href=\"https:\/\/www.radiopiu.net\/wordpress\/wp-content\/uploads\/2024\/04\/AIRE-INDIA-PUNTATA-10.mp3\">https:\/\/www.radiopiu.net\/wordpress\/wp-content\/uploads\/2024\/04\/AIRE-INDIA-PUNTATA-10.mp3<\/a><\/audio>\n<p>&nbsp;<\/p>\n<p><strong>PER VISITARE I SITI DEI LUOGHI VISITATI, CLICCA SULLE SEGUENTI SCRITTE: <span style=\"color: #0000ff;\"><a href=\"https:\/\/www.instagram.com\/studionookindia?igsh=cHZ0eWhndTA1aXo3\">STUDIO NOOK INDIA<\/a>\u00a0 <a href=\"https:\/\/www.instagram.com\/jajam_udaipur?igsh=MWxxdDlybTNtaHk0cQ==\">JAJAM UDAIPUR<\/a>\u00a0 <a href=\"https:\/\/youngindians.net\/\">YOUNG INDIANS<\/a><\/span><\/strong><\/p>\n\n\t\t\t<style type='text\/css'>\n\t\t\t\t#gallery-11 {\n\t\t\t\t\tmargin: auto;\n\t\t\t\t}\n\t\t\t\t#gallery-11 .gallery-item {\n\t\t\t\t\tfloat: left;\n\t\t\t\t\tmargin-top: 10px;\n\t\t\t\t\ttext-align: center;\n\t\t\t\t\twidth: 25%;\n\t\t\t\t}\n\t\t\t\t#gallery-11 img {\n\t\t\t\t\tborder: 2px solid #cfcfcf;\n\t\t\t\t}\n\t\t\t\t#gallery-11 .gallery-caption {\n\t\t\t\t\tmargin-left: 0;\n\t\t\t\t}\n\t\t\t\t\/* see gallery_shortcode() in wp-includes\/media.php *\/\n\t\t\t<\/style>\n\t\t<div id='gallery-11' class='dt-gallery-container gallery galleryid-387124 gallery-columns-4 gallery-size-thumbnail'><dl class='gallery-item'>\n\t\t\t\t<dt class='gallery-icon landscape'>\n\t\t\t\t\t<a class=\"rollover rollover-zoom dt-pswp-item\" title=\"595d1ecc-6ea4-48de-a683-0f27d8675f1a\" data-dt-img-description=\"\" data-large_image_width=\"1600\" data-large_image_height=\"1200\"href='https:\/\/www.radiopiu.net\/wordpress\/wp-content\/uploads\/2024\/04\/595d1ecc-6ea4-48de-a683-0f27d8675f1a.jpg'><img loading=\"lazy\" decoding=\"async\" width=\"150\" height=\"150\" src=\"https:\/\/www.radiopiu.net\/wordpress\/wp-content\/uploads\/2024\/04\/595d1ecc-6ea4-48de-a683-0f27d8675f1a-150x150.jpg\" class=\"attachment-thumbnail size-thumbnail\" alt=\"\" \/><\/a>\n\t\t\t\t<\/dt><\/dl><dl class='gallery-item'>\n\t\t\t\t<dt class='gallery-icon landscape'>\n\t\t\t\t\t<a class=\"rollover rollover-zoom dt-pswp-item\" title=\"a9c9dd40-3b91-45f2-a8b8-02887058b9f4\" data-dt-img-description=\"\" data-large_image_width=\"1280\" data-large_image_height=\"964\"href='https:\/\/www.radiopiu.net\/wordpress\/wp-content\/uploads\/2024\/04\/a9c9dd40-3b91-45f2-a8b8-02887058b9f4.jpg'><img loading=\"lazy\" decoding=\"async\" width=\"150\" height=\"150\" src=\"https:\/\/www.radiopiu.net\/wordpress\/wp-content\/uploads\/2024\/04\/a9c9dd40-3b91-45f2-a8b8-02887058b9f4-150x150.jpg\" class=\"attachment-thumbnail size-thumbnail\" alt=\"\" \/><\/a>\n\t\t\t\t<\/dt><\/dl><dl class='gallery-item'>\n\t\t\t\t<dt class='gallery-icon landscape'>\n\t\t\t\t\t<a class=\"rollover rollover-zoom dt-pswp-item\" title=\"5cdf1ead-940e-44d4-8444-78d43953c50b\" data-dt-img-description=\"\" data-large_image_width=\"1600\" data-large_image_height=\"1200\"href='https:\/\/www.radiopiu.net\/wordpress\/wp-content\/uploads\/2024\/04\/5cdf1ead-940e-44d4-8444-78d43953c50b.jpg'><img loading=\"lazy\" decoding=\"async\" width=\"150\" height=\"150\" src=\"https:\/\/www.radiopiu.net\/wordpress\/wp-content\/uploads\/2024\/04\/5cdf1ead-940e-44d4-8444-78d43953c50b-150x150.jpg\" class=\"attachment-thumbnail size-thumbnail\" alt=\"\" \/><\/a>\n\t\t\t\t<\/dt><\/dl><dl class='gallery-item'>\n\t\t\t\t<dt class='gallery-icon landscape'>\n\t\t\t\t\t<a class=\"rollover rollover-zoom dt-pswp-item\" title=\"02ef9f6a-3499-4bb3-af44-2104895f3563\" data-dt-img-description=\"\" data-large_image_width=\"1599\" data-large_image_height=\"1599\"href='https:\/\/www.radiopiu.net\/wordpress\/wp-content\/uploads\/2024\/04\/02ef9f6a-3499-4bb3-af44-2104895f3563.jpg'><img loading=\"lazy\" decoding=\"async\" width=\"150\" height=\"150\" src=\"https:\/\/www.radiopiu.net\/wordpress\/wp-content\/uploads\/2024\/04\/02ef9f6a-3499-4bb3-af44-2104895f3563-150x150.jpg\" class=\"attachment-thumbnail size-thumbnail\" alt=\"\" srcset=\"https:\/\/www.radiopiu.net\/wordpress\/wp-content\/uploads\/2024\/04\/02ef9f6a-3499-4bb3-af44-2104895f3563-150x150.jpg 150w, https:\/\/www.radiopiu.net\/wordpress\/wp-content\/uploads\/2024\/04\/02ef9f6a-3499-4bb3-af44-2104895f3563-300x300.jpg 300w, https:\/\/www.radiopiu.net\/wordpress\/wp-content\/uploads\/2024\/04\/02ef9f6a-3499-4bb3-af44-2104895f3563-1024x1024.jpg 1024w, https:\/\/www.radiopiu.net\/wordpress\/wp-content\/uploads\/2024\/04\/02ef9f6a-3499-4bb3-af44-2104895f3563-768x768.jpg 768w, https:\/\/www.radiopiu.net\/wordpress\/wp-content\/uploads\/2024\/04\/02ef9f6a-3499-4bb3-af44-2104895f3563-1536x1536.jpg 1536w, https:\/\/www.radiopiu.net\/wordpress\/wp-content\/uploads\/2024\/04\/02ef9f6a-3499-4bb3-af44-2104895f3563.jpg 1599w\" sizes=\"auto, (max-width: 150px) 100vw, 150px\" \/><\/a>\n\t\t\t\t<\/dt><\/dl><br style=\"clear: both\" \/>\n\t\t\t<\/div>\n\n<p>&nbsp;<\/p>\n<h2>LA RACCOLTA COMPLETA <a href=\"https:\/\/www.radiopiu.net\/wordpress\/goodbye-by-bicicle-un-viaggio-dallindia-a-seren-del-grappa-in-bicicletta-10\/\"><span style=\"color: #0000ff;\">CLICCA QUI<\/span><\/a><\/h2>\n<p>&nbsp;<\/p>\n<p>&nbsp;<\/p>\n","protected":false},"excerpt":{"rendered":"<p>******* &nbsp; PER RICEVERE QUESTO NOTIZIARIO DIRETTAMENTE SUL TUO CELLULARE ISCRIVITI AL CANALE TELEGRAM \u201cRADIO PIU\u00a0 INFORMAZIONE&#8221;\u00a0 \u00a0il CANALE TELEGRAM&#8230; UNISCITI A: RADIO PIU INFORMAZIONE &nbsp; &nbsp; ATTENZIONE: LA NUOVA APP PER IOS-IPHONE di Nicola Vettorello https:\/\/apps.apple.com\/it\/app\/radio-pi%C3%B9-emittente-agordina\/id1515939845 ATTENZIONE: LA NUOVA APP RADIO\u00a0 PER ANDROID di Nicola Vettorello https:\/\/play.google.com\/store\/apps\/details?id=net.radiopiu.iniko\u00a0\u00a0 &nbsp; &nbsp; OGGI ALLA RADIO: ALLE 7.20&hellip;<\/p>\n","protected":false},"author":4,"featured_media":387278,"comment_status":"closed","ping_status":"closed","sticky":false,"template":"","format":"standard","meta":{"_monsterinsights_skip_tracking":false,"_monsterinsights_sitenote_active":false,"_monsterinsights_sitenote_note":"","_monsterinsights_sitenote_category":0,"footnotes":""},"categories":[51,86,49],"tags":[],"class_list":["post-387124","post","type-post","status-publish","format-standard","has-post-thumbnail","hentry","category-evidenza-top","category-gr","category-news-18","category-51","category-86","category-49","description-off"],"img_url":"https:\/\/www.radiopiu.net\/wordpress\/wp-content\/uploads\/2024\/04\/RESMGX9.jpg","_links":{"self":[{"href":"https:\/\/www.radiopiu.net\/wordpress\/wp-json\/wp\/v2\/posts\/387124","targetHints":{"allow":["GET"]}}],"collection":[{"href":"https:\/\/www.radiopiu.net\/wordpress\/wp-json\/wp\/v2\/posts"}],"about":[{"href":"https:\/\/www.radiopiu.net\/wordpress\/wp-json\/wp\/v2\/types\/post"}],"author":[{"embeddable":true,"href":"https:\/\/www.radiopiu.net\/wordpress\/wp-json\/wp\/v2\/users\/4"}],"replies":[{"embeddable":true,"href":"https:\/\/www.radiopiu.net\/wordpress\/wp-json\/wp\/v2\/comments?post=387124"}],"version-history":[{"count":0,"href":"https:\/\/www.radiopiu.net\/wordpress\/wp-json\/wp\/v2\/posts\/387124\/revisions"}],"wp:featuredmedia":[{"embeddable":true,"href":"https:\/\/www.radiopiu.net\/wordpress\/wp-json\/wp\/v2\/media\/387278"}],"wp:attachment":[{"href":"https:\/\/www.radiopiu.net\/wordpress\/wp-json\/wp\/v2\/media?parent=387124"}],"wp:term":[{"taxonomy":"category","embeddable":true,"href":"https:\/\/www.radiopiu.net\/wordpress\/wp-json\/wp\/v2\/categories?post=387124"},{"taxonomy":"post_tag","embeddable":true,"href":"https:\/\/www.radiopiu.net\/wordpress\/wp-json\/wp\/v2\/tags?post=387124"}],"curies":[{"name":"wp","href":"https:\/\/api.w.org\/{rel}","templated":true}]}}