{"id":387211,"date":"2024-04-25T08:34:48","date_gmt":"2024-04-25T06:34:48","guid":{"rendered":"https:\/\/www.radiopiu.net\/wordpress\/?p=387211"},"modified":"2024-04-25T08:34:48","modified_gmt":"2024-04-25T06:34:48","slug":"i-sindaci-spengono-5-autovelox-linchiesta-del-corriere-delle-alpi","status":"publish","type":"post","link":"https:\/\/www.radiopiu.net\/wordpress\/i-sindaci-spengono-5-autovelox-linchiesta-del-corriere-delle-alpi\/","title":{"rendered":"I SINDACI SPENGONO 5 AUTOVELOX, l&#8217;inchiesta del Corriere delle Alpi"},"content":{"rendered":"<p>**<\/p>\n<p>Il quotidiano bellunese, alla luce dell&#8217;ultima sentenza della Cassazione sull&#8217;omologazione degli strumenti per il rilevamento della velocit\u00e0 si \u00e8 affidato a Paolo Dall&#8217;Anese che ha sentito i primi cittadini\u00a0 interessati alla tematica.<\/p>\n<div class=\"w-full text-token-text-primary\" dir=\"auto\" data-testid=\"conversation-turn-37\">\n<div class=\"px-4 py-2 justify-center text-base md:gap-6 m-auto\">\n<div class=\"flex flex-1 text-base mx-auto gap-3 juice:gap-4 juice:md:gap-6 md:px-5 lg:px-1 xl:px-5 md:max-w-3xl lg:max-w-[40rem] xl:max-w-[48rem]\">\n<div class=\"relative flex w-full min-w-0 flex-col agent-turn\">\n<div class=\"flex-col gap-1 md:gap-3\">\n<div class=\"flex flex-grow flex-col max-w-full\">\n<div class=\"min-h-[20px] text-message flex flex-col items-start gap-3 whitespace-pre-wrap break-words [.text-message+&amp;]:mt-5 overflow-x-auto\" dir=\"auto\" data-message-author-role=\"assistant\" data-message-id=\"2d4b1014-7417-4ed3-a94a-7ed03e46c8c0\">\n<div class=\"markdown prose w-full break-words dark:prose-invert dark\">\n<p>Diversi Comuni, tra cui Sedico, Belluno, San Tomaso Agordino, e Cencenighe, hanno deciso di sospendere il funzionamento degli autovelox dopo una sentenza della Cassazione che ne ha messo in discussione la validit\u00e0 delle sanzioni. I sindaci esprimono preoccupazione per la sicurezza stradale e chiedono un intervento urgente dei ministeri competenti per risolvere la situazione. Alcuni comuni, come Livinallongo e Limana, rimangono in attesa di sviluppi, mentre a Arsi\u00e8 il sindaco si concentra sulla sicurezza stradale piuttosto che sulla questione economica<\/p>\n<\/div>\n<\/div>\n<\/div>\n<\/div>\n<\/div>\n<\/div>\n<\/div>\n<\/div>\n<div class=\"w-full text-token-text-primary\" dir=\"auto\" data-testid=\"conversation-turn-38\">\n<div class=\"px-4 py-2 justify-center text-base md:gap-6 m-auto\">\n<div class=\"flex flex-1 text-base mx-auto gap-3 juice:gap-4 juice:md:gap-6 md:px-5 lg:px-1 xl:px-5 md:max-w-3xl lg:max-w-[40rem] xl:max-w-[48rem]\">\n<div class=\"flex-shrink-0 flex flex-col relative items-end\">\n<div>\n<div class=\"pt-0.5\">\n<div class=\"gizmo-shadow-stroke flex h-6 w-6 items-center justify-center overflow-hidden rounded-full\"><img decoding=\"async\" class=\"aligncenter\" src=\"https:\/\/www.radiopiu.net\/wordpress\/wp-content\/uploads\/2024\/04\/Senza-nome-42.png\" \/><\/div>\n<\/div>\n<\/div>\n<\/div>\n<\/div>\n<\/div>\n<\/div>\n<div class=\"flex-1 overflow-hidden\">\n<div class=\"react-scroll-to-bottom--css-lcgsz-79elbk h-full\">\n<div class=\"react-scroll-to-bottom--css-lcgsz-1n7m0yu\">\n<div class=\"flex flex-col text-sm pb-9\">\n<div class=\"w-full text-token-text-primary\" dir=\"auto\" data-testid=\"conversation-turn-39\">\n<div class=\"px-4 py-2 justify-center text-base md:gap-6 m-auto\">\n<div class=\"flex flex-1 text-base mx-auto gap-3 juice:gap-4 juice:md:gap-6 md:px-5 lg:px-1 xl:px-5 md:max-w-3xl lg:max-w-[40rem] xl:max-w-[48rem]\">\n<div class=\"relative flex w-full min-w-0 flex-col agent-turn\">\n<div class=\"flex-col gap-1 md:gap-3\">\n<div class=\"flex flex-grow flex-col max-w-full\">\n<div class=\"min-h-[20px] text-message flex flex-col items-start gap-3 whitespace-pre-wrap break-words [.text-message+&amp;]:mt-5 overflow-x-auto\" dir=\"auto\" data-message-author-role=\"assistant\" data-message-id=\"7cf44922-3a3e-4f7c-977e-2d86b8a52caa\">\n<div class=\"markdown prose w-full break-words dark:prose-invert dark\">\n<p>&nbsp;<\/p>\n<p>L&#8217;amministrazione comunale di Colle Santa Lucia \u00e8 indecisa se spegnere l&#8217;autovelox, il cui introito dalle sanzioni risulta essere tra i pi\u00f9 alti d&#8217;Italia. Il sindaco Paolo Frena scherza sulla fama ottenuta e ribadisce che la decisione non \u00e8 ancora stata presa, aspettando una definizione della situazione. Frena considera la situazione &#8220;inconcepibile&#8221; ma si dice tranquillo nell&#8217;attendere qualche settimana prima di decidere, considerando che il passo Giau, dove \u00e8 posizionato l&#8217;autovelox, attualmente ha una bassa circolazione di auto. Frena si augura che le novit\u00e0 arrivino presto per risolvere la questione e auspica un rapido sviluppo del regolamento necessario per dirimere la controversia.<\/p>\n<p>&nbsp;<\/p>\n<\/div>\n<hr \/>\n<\/div>\n<\/div>\n<div class=\"mt-1 flex gap-3 empty:hidden\">\n<div class=\"text-gray-400 flex self-end lg:self-center items-center justify-center lg:justify-start mt-0 -ml-1 h-7 gap-[2px] visible\">\n<div class=\"flex\"><\/div>\n<\/div>\n<\/div>\n<div class=\"pr-2 lg:pr-0\"><\/div>\n<\/div>\n<div class=\"absolute\">\n<div class=\"flex w-full gap-2 items-center justify-center\"><\/div>\n<\/div>\n<\/div>\n<\/div>\n<\/div>\n<\/div>\n<\/div>\n<\/div>\n<\/div>\n<\/div>\n<div class=\"w-full pt-2 md:pt-0 dark:border-white\/20 md:border-transparent md:dark:border-transparent md:w-[calc(100%-.5rem)]\">\n<form class=\"stretch mx-2 flex flex-row gap-3 last:mb-2 md:mx-4 md:last:mb-6 lg:mx-auto lg:max-w-2xl xl:max-w-3xl\">\n<div class=\"relative flex h-full flex-1 flex-col\">\n<div class=\"absolute bottom-full left-0 right-0\"><\/div>\n<div class=\"flex w-full items-center\"><\/div>\n<\/div>\n<\/form>\n<\/div>\n","protected":false},"excerpt":{"rendered":"<p>** Il quotidiano bellunese, alla luce dell&#8217;ultima sentenza della Cassazione sull&#8217;omologazione degli strumenti per il rilevamento della velocit\u00e0 si \u00e8 affidato a Paolo Dall&#8217;Anese che ha sentito i primi cittadini\u00a0 interessati alla tematica. Diversi Comuni, tra cui Sedico, Belluno, San Tomaso Agordino, e Cencenighe, hanno deciso di sospendere il funzionamento degli autovelox dopo una sentenza&hellip;<\/p>\n","protected":false},"author":4,"featured_media":387212,"comment_status":"closed","ping_status":"closed","sticky":false,"template":"","format":"standard","meta":{"_monsterinsights_skip_tracking":false,"_monsterinsights_sitenote_active":false,"_monsterinsights_sitenote_note":"","_monsterinsights_sitenote_category":0,"footnotes":""},"categories":[51,49],"tags":[],"class_list":["post-387211","post","type-post","status-publish","format-standard","has-post-thumbnail","hentry","category-evidenza-top","category-news-18","category-51","category-49","description-off"],"img_url":"https:\/\/www.radiopiu.net\/wordpress\/wp-content\/uploads\/2024\/04\/Senza-nome-42.png","_links":{"self":[{"href":"https:\/\/www.radiopiu.net\/wordpress\/wp-json\/wp\/v2\/posts\/387211","targetHints":{"allow":["GET"]}}],"collection":[{"href":"https:\/\/www.radiopiu.net\/wordpress\/wp-json\/wp\/v2\/posts"}],"about":[{"href":"https:\/\/www.radiopiu.net\/wordpress\/wp-json\/wp\/v2\/types\/post"}],"author":[{"embeddable":true,"href":"https:\/\/www.radiopiu.net\/wordpress\/wp-json\/wp\/v2\/users\/4"}],"replies":[{"embeddable":true,"href":"https:\/\/www.radiopiu.net\/wordpress\/wp-json\/wp\/v2\/comments?post=387211"}],"version-history":[{"count":0,"href":"https:\/\/www.radiopiu.net\/wordpress\/wp-json\/wp\/v2\/posts\/387211\/revisions"}],"wp:featuredmedia":[{"embeddable":true,"href":"https:\/\/www.radiopiu.net\/wordpress\/wp-json\/wp\/v2\/media\/387212"}],"wp:attachment":[{"href":"https:\/\/www.radiopiu.net\/wordpress\/wp-json\/wp\/v2\/media?parent=387211"}],"wp:term":[{"taxonomy":"category","embeddable":true,"href":"https:\/\/www.radiopiu.net\/wordpress\/wp-json\/wp\/v2\/categories?post=387211"},{"taxonomy":"post_tag","embeddable":true,"href":"https:\/\/www.radiopiu.net\/wordpress\/wp-json\/wp\/v2\/tags?post=387211"}],"curies":[{"name":"wp","href":"https:\/\/api.w.org\/{rel}","templated":true}]}}