{"id":387247,"date":"2024-04-25T12:29:30","date_gmt":"2024-04-25T10:29:30","guid":{"rendered":"https:\/\/www.radiopiu.net\/wordpress\/?p=387247"},"modified":"2024-04-25T12:29:30","modified_gmt":"2024-04-25T10:29:30","slug":"dillo-a-radio-piu-la-sentenza-sugli-autovelox","status":"publish","type":"post","link":"https:\/\/www.radiopiu.net\/wordpress\/dillo-a-radio-piu-la-sentenza-sugli-autovelox\/","title":{"rendered":"DILLO A RADIO PIU&#8217;&#8230;.LA SENTENZA SUGLI AUTOVELOX"},"content":{"rendered":"<p>******<\/p>\n<p>&nbsp;<\/p>\n<p><strong><a class=\"dt-pswp-item\" href=\"https:\/\/www.radiopiu.net\/wordpress\/wp-content\/uploads\/2023\/08\/Autovelox_c-Antonio-Nardelli_lr.jpg\" data-dt-img-description=\"\" data-large_image_width=\"500\" data-large_image_height=\"291\"><img loading=\"lazy\" decoding=\"async\" class=\"size-medium wp-image-348189 alignleft\" src=\"https:\/\/www.radiopiu.net\/wordpress\/wp-content\/uploads\/2023\/08\/Autovelox_c-Antonio-Nardelli_lr-300x175.jpg\" alt=\"\" width=\"300\" height=\"175\" srcset=\"https:\/\/www.radiopiu.net\/wordpress\/wp-content\/uploads\/2023\/08\/Autovelox_c-Antonio-Nardelli_lr-300x175.jpg 300w, https:\/\/www.radiopiu.net\/wordpress\/wp-content\/uploads\/2023\/08\/Autovelox_c-Antonio-Nardelli_lr.jpg 500w\" sizes=\"auto, (max-width: 300px) 100vw, 300px\" \/><\/a>Riceviamo e pubblichiamo<\/strong><\/p>\n<p>Come era prevedibile questa sentenza sulla omologazione degli autovelox sta facendo discutere. C&#8217;\u00e8 chi la vede come una sacrosanta vittoria contro delle vere e proprie trappole per automobilisti, tanto che per alcuni Comuni sono diventate la maggiore entrata di bilancio, mentre all&#8217;opposto c&#8217;\u00e8 chi paventa un aumento degli incidenti adesso che alcuni Velox (alcuni, mica tutti) verranno disattivati in attesa di capire come gestirli da qui in avanti. Mie considerazioni da semplice automobilista che da decenni non prende una multa ( tocchiamo ferro di continuare cos\u00ec). Intanto la decisione della Cassazione mi sembra assolutamente logica: qualsiasi automobilista pu\u00f2 utilizzare sulla propria auto solamente ricambi o accessori OMOLOGATI, non importa che siano parti fondamentali per la sicurezza come pneumatici o freni, deve essere conforme all&#8217;omologazione anche una semplice luce targa. Se si viene beccati con parti non omologate \u00e8 facolt\u00e0 delle forze dell&#8217;ordine sanzionare, eventualmente ritirare il libretto e mandare a revisione secondo i casi. Mi sembra quindi il minimo che chi controlla gli automobilisti debba rispettare per primo le normative. Quindi, essendo prevista una omologazione per gli autovelox, ogni rilevatore di velocit\u00e0 DEVE essere in regola altrimenti l&#8217;apparecchio non pu\u00f2 essere utilizzato. L&#8217;omologazione degli autovelox non \u00e8 stata mica inventata ieri mattina quindi chi gestiva gli apparecchi poteva svegliarsi prima invece di attendere la sentenza della Cassazione. Per quanto riguarda il possibile aumento degli incidenti, sarebbe l&#8217;occasione buona per ritornare a fare i controlli di persona sulle strade, come succedeva molti anni fa quando nel Bellunese di autovelox ce n&#8217;erano ben pochi ma in compenso si vedevano molte pi\u00f9 forze dell&#8217;ordine a presidiare fisicamente le strade. La differenza \u00e8 che un autovelox fisso si sa dov&#8217;\u00e8, quindi il pilota di turno rallenta in prossimit\u00e0 e poi riprende a correre come prima, mentre una pattuglia che controlla pu\u00f2 essere dovunque, quindi i fenomeni del volante hanno vita molto pi\u00f9 difficile.<\/p>\n<p>Emilio Bez<\/p>\n<p>&nbsp;<\/p>\n<p>&nbsp;<\/p>\n<p>******<\/p>\n","protected":false},"excerpt":{"rendered":"<p>****** &nbsp; Riceviamo e pubblichiamo Come era prevedibile questa sentenza sulla omologazione degli autovelox sta facendo discutere. C&#8217;\u00e8 chi la vede come una sacrosanta vittoria contro delle vere e proprie trappole per automobilisti, tanto che per alcuni Comuni sono diventate la maggiore entrata di bilancio, mentre all&#8217;opposto c&#8217;\u00e8 chi paventa un aumento degli incidenti adesso&hellip;<\/p>\n","protected":false},"author":4,"featured_media":348189,"comment_status":"closed","ping_status":"closed","sticky":false,"template":"","format":"standard","meta":{"_monsterinsights_skip_tracking":false,"_monsterinsights_sitenote_active":false,"_monsterinsights_sitenote_note":"","_monsterinsights_sitenote_category":0,"footnotes":""},"categories":[49],"tags":[],"class_list":["post-387247","post","type-post","status-publish","format-standard","has-post-thumbnail","hentry","category-news-18","category-49","description-off"],"img_url":"https:\/\/www.radiopiu.net\/wordpress\/wp-content\/uploads\/2023\/08\/Autovelox_c-Antonio-Nardelli_lr.jpg","_links":{"self":[{"href":"https:\/\/www.radiopiu.net\/wordpress\/wp-json\/wp\/v2\/posts\/387247","targetHints":{"allow":["GET"]}}],"collection":[{"href":"https:\/\/www.radiopiu.net\/wordpress\/wp-json\/wp\/v2\/posts"}],"about":[{"href":"https:\/\/www.radiopiu.net\/wordpress\/wp-json\/wp\/v2\/types\/post"}],"author":[{"embeddable":true,"href":"https:\/\/www.radiopiu.net\/wordpress\/wp-json\/wp\/v2\/users\/4"}],"replies":[{"embeddable":true,"href":"https:\/\/www.radiopiu.net\/wordpress\/wp-json\/wp\/v2\/comments?post=387247"}],"version-history":[{"count":0,"href":"https:\/\/www.radiopiu.net\/wordpress\/wp-json\/wp\/v2\/posts\/387247\/revisions"}],"wp:featuredmedia":[{"embeddable":true,"href":"https:\/\/www.radiopiu.net\/wordpress\/wp-json\/wp\/v2\/media\/348189"}],"wp:attachment":[{"href":"https:\/\/www.radiopiu.net\/wordpress\/wp-json\/wp\/v2\/media?parent=387247"}],"wp:term":[{"taxonomy":"category","embeddable":true,"href":"https:\/\/www.radiopiu.net\/wordpress\/wp-json\/wp\/v2\/categories?post=387247"},{"taxonomy":"post_tag","embeddable":true,"href":"https:\/\/www.radiopiu.net\/wordpress\/wp-json\/wp\/v2\/tags?post=387247"}],"curies":[{"name":"wp","href":"https:\/\/api.w.org\/{rel}","templated":true}]}}