{"id":387291,"date":"2024-04-26T07:55:29","date_gmt":"2024-04-26T05:55:29","guid":{"rendered":"https:\/\/www.radiopiu.net\/wordpress\/?p=387291"},"modified":"2024-04-26T08:34:24","modified_gmt":"2024-04-26T06:34:24","slug":"dal-1983-la-rassegna-stampa-locale-di-mirko-mezzacasa-in-diretta-alla-radio","status":"publish","type":"post","link":"https:\/\/www.radiopiu.net\/wordpress\/dal-1983-la-rassegna-stampa-locale-di-mirko-mezzacasa-in-diretta-alla-radio\/","title":{"rendered":"dal 1983 la rassegna stampa locale di mirko mezzacasa in diretta alla radio"},"content":{"rendered":"<p>***<\/p>\n<p><iframe loading=\"lazy\" title=\"DAL 1983 LA RASSEGNA STAMPA LOCALE di mirko mezzacasa. L&#039;ORIGINALE\" width=\"1200\" height=\"675\" src=\"https:\/\/www.youtube.com\/embed\/sflh_aCxPyg?feature=oembed\" frameborder=\"0\" allow=\"accelerometer; autoplay; clipboard-write; encrypted-media; gyroscope; picture-in-picture; web-share\" referrerpolicy=\"strict-origin-when-cross-origin\" allowfullscreen><\/iframe><\/p>\n<p>SEDICO Partita sospesa a attimi di paura ieri a Sedico durante la partita del torneo under 17 con il Cavarzano. Dopo un quarto d&#8217;ora dal calcio d&#8217;inizio l&#8217;incidente con il giovane rimasto a terra dopo lo scontro fortuito. Il ragazzo \u00e8 stato portato in elicottero al San Martino con l&#8217;elicottero Falco. Le conseguenze dell&#8217;incidente\u00a0 fortunatamente sono meno gravi di quanto ipotizzato nei primi istanti<br \/>\nIL 25 APRILE AD AGORDO \u00abNon ci potr\u00e0 mai essere vera democrazia fino a quando il coro di condanna verso i crimini fascisti e le violenze non sar\u00e0 unanime e finch\u00e9 la parola antifascismo non far\u00e0 parte del lessico quotidiano di tutti\u00bb. Il sindaco Roberto Chissal\u00e8 al monumento ai caduti ha letto l&#8217;art. 3 della Costituzione<br \/>\nMISURINA Ieri pomeriggio i vigili del fuoco sono intervenuti al lago di Misurina nel comune di Auronzo di Cadore per recuperare un drone professionale, di un signore tedesco, che stava effettuando delle riprese video del lago. Il drone per un\u2019avaria si \u00e8 posato sul centro del lago e non ha pi\u00f9 ricevuto i comandi per il decollo. I vigili del fuoco intervenuti con una squadra fluviale, hanno raggiunto con un gommone da rafting il centro del lago, recuperando l\u2019apparecchiatura, che \u00e8 stata riconsegnata al proprietario.<br \/>\nBELLUNO Un medico bellunese, ricoverato per depressione, si vede alleggerire il conto corrente di 15.000 euro da un&#8217;infermiera dell&#8217;Est Europa, che aveva ottenuto la sua fiducia. Il caso porta al rinvio a giudizio della donna per circonvenzione d&#8217;incapace, dopo che la procura ha cambiato il reato da truffa. La donna aveva abusato della fiducia del medico, spingendolo ad autorizzare prelievi ingenti dalla sua carta bancomat, approfittando della sua fragilit\u00e0 mentale. La prima udienza del processo \u00e8 stata fissata per il 7 gennaio 2025.<\/p>\n<p>belluno SCARZANELLA PREOCCUPATA PER IL CARO TASSI D&#8217;INTERESSE<br \/>\nAGORDO La Proloco di Agordo \u00e8 salva! Si era temuto il peggio per la riduzione delle &#8220;vocazioni&#8221; al volontariato. Invece oggi Celeste Paganin, le neo eletta Presidente in continuit\u00e0 con idee e obiettivi di\u00a0 Daniele Galligani,\u00a0 che l&#8217;ha preceduta alla guida del sodalizio, ha accanto un gruppo coeso, eterogene e affiatato<br \/>\nUniversit\u00e0 anziani: mostra delle opere pittoriche con i corsi di Laura Ballis, Sar\u00e0 inaugurata in sala don Tamis domani alle 17. 30 e rester\u00e0 aperta tutti i giorni da domenica 28 aprile al 5 maggio, dalle 16 alle 19, domenica e mercoled\u00ec anche dalle 10 alle 12.<br \/>\n&#8220;Marmolada 03.07.22&#8221;: Il Documentario sul Drammatico Crollo sulla Marmolada, Il documentario esce in anteprima il\u00a029 aprile al Trento Film Festival nella categoria\u00a0Orizzonti vicini.<\/p>\n","protected":false},"excerpt":{"rendered":"<p>*** SEDICO Partita sospesa a attimi di paura ieri a Sedico durante la partita del torneo under 17 con il Cavarzano. Dopo un quarto d&#8217;ora dal calcio d&#8217;inizio l&#8217;incidente con il giovane rimasto a terra dopo lo scontro fortuito. Il ragazzo \u00e8 stato portato in elicottero al San Martino con l&#8217;elicottero Falco. Le conseguenze dell&#8217;incidente\u00a0&hellip;<\/p>\n","protected":false},"author":4,"featured_media":387286,"comment_status":"closed","ping_status":"closed","sticky":false,"template":"","format":"standard","meta":{"_monsterinsights_skip_tracking":false,"_monsterinsights_sitenote_active":false,"_monsterinsights_sitenote_note":"","_monsterinsights_sitenote_category":0,"footnotes":""},"categories":[51,49,142],"tags":[],"class_list":["post-387291","post","type-post","status-publish","format-standard","has-post-thumbnail","hentry","category-evidenza-top","category-news-18","category-rassegna-stampa","category-51","category-49","category-142","description-off"],"img_url":"https:\/\/www.radiopiu.net\/wordpress\/wp-content\/uploads\/2024\/04\/COPERTINA-1-2.png","_links":{"self":[{"href":"https:\/\/www.radiopiu.net\/wordpress\/wp-json\/wp\/v2\/posts\/387291","targetHints":{"allow":["GET"]}}],"collection":[{"href":"https:\/\/www.radiopiu.net\/wordpress\/wp-json\/wp\/v2\/posts"}],"about":[{"href":"https:\/\/www.radiopiu.net\/wordpress\/wp-json\/wp\/v2\/types\/post"}],"author":[{"embeddable":true,"href":"https:\/\/www.radiopiu.net\/wordpress\/wp-json\/wp\/v2\/users\/4"}],"replies":[{"embeddable":true,"href":"https:\/\/www.radiopiu.net\/wordpress\/wp-json\/wp\/v2\/comments?post=387291"}],"version-history":[{"count":0,"href":"https:\/\/www.radiopiu.net\/wordpress\/wp-json\/wp\/v2\/posts\/387291\/revisions"}],"wp:featuredmedia":[{"embeddable":true,"href":"https:\/\/www.radiopiu.net\/wordpress\/wp-json\/wp\/v2\/media\/387286"}],"wp:attachment":[{"href":"https:\/\/www.radiopiu.net\/wordpress\/wp-json\/wp\/v2\/media?parent=387291"}],"wp:term":[{"taxonomy":"category","embeddable":true,"href":"https:\/\/www.radiopiu.net\/wordpress\/wp-json\/wp\/v2\/categories?post=387291"},{"taxonomy":"post_tag","embeddable":true,"href":"https:\/\/www.radiopiu.net\/wordpress\/wp-json\/wp\/v2\/tags?post=387291"}],"curies":[{"name":"wp","href":"https:\/\/api.w.org\/{rel}","templated":true}]}}