{"id":387300,"date":"2024-04-26T08:44:23","date_gmt":"2024-04-26T06:44:23","guid":{"rendered":"https:\/\/www.radiopiu.net\/wordpress\/?p=387300"},"modified":"2024-04-26T08:44:23","modified_gmt":"2024-04-26T06:44:23","slug":"marmolada-03-07-22-il-documentario-sul-drammatico-crollo-sulla-marmolada","status":"publish","type":"post","link":"https:\/\/www.radiopiu.net\/wordpress\/marmolada-03-07-22-il-documentario-sul-drammatico-crollo-sulla-marmolada\/","title":{"rendered":"&#8220;Marmolada 03.07.22&#8221;: Il Documentario sul Drammatico Crollo sulla Marmolada"},"content":{"rendered":"<blockquote>\n<h3>***<\/h3>\n<p>&nbsp;<\/p><\/blockquote>\n<div><span class=\"\"><a class=\"dt-pswp-item\" href=\"https:\/\/www.radiopiu.net\/wordpress\/wp-content\/uploads\/2024\/04\/55a3a987-57e2-ffc4-c3b1-8e59dd7e8682.jpg\" data-dt-img-description=\"\" data-large_image_width=\"1998\" data-large_image_height=\"1080\"><img loading=\"lazy\" decoding=\"async\" class=\"size-medium wp-image-387169 alignleft\" src=\"https:\/\/www.radiopiu.net\/wordpress\/wp-content\/uploads\/2024\/04\/55a3a987-57e2-ffc4-c3b1-8e59dd7e8682-300x162.jpg\" alt=\"\" width=\"300\" height=\"162\" srcset=\"https:\/\/www.radiopiu.net\/wordpress\/wp-content\/uploads\/2024\/04\/55a3a987-57e2-ffc4-c3b1-8e59dd7e8682-300x162.jpg 300w, https:\/\/www.radiopiu.net\/wordpress\/wp-content\/uploads\/2024\/04\/55a3a987-57e2-ffc4-c3b1-8e59dd7e8682-1024x554.jpg 1024w, https:\/\/www.radiopiu.net\/wordpress\/wp-content\/uploads\/2024\/04\/55a3a987-57e2-ffc4-c3b1-8e59dd7e8682-768x415.jpg 768w, https:\/\/www.radiopiu.net\/wordpress\/wp-content\/uploads\/2024\/04\/55a3a987-57e2-ffc4-c3b1-8e59dd7e8682-1536x830.jpg 1536w, https:\/\/www.radiopiu.net\/wordpress\/wp-content\/uploads\/2024\/04\/55a3a987-57e2-ffc4-c3b1-8e59dd7e8682.jpg 1998w\" sizes=\"auto, (max-width: 300px) 100vw, 300px\" \/><\/a><strong>TRENTO<\/strong><\/span><\/div>\n<div>\n<div class=\"flex-1 overflow-hidden\">\n<div class=\"react-scroll-to-bottom--css-lcgsz-79elbk h-full\">\n<div class=\"react-scroll-to-bottom--css-lcgsz-1n7m0yu\">\n<div class=\"flex flex-col text-sm pb-9\">\n<div class=\"w-full text-token-text-primary\" dir=\"auto\" data-testid=\"conversation-turn-17\">\n<div class=\"px-4 py-2 justify-center text-base md:gap-6 m-auto\">\n<div class=\"flex flex-1 text-base mx-auto gap-3 juice:gap-4 juice:md:gap-6 md:px-5 lg:px-1 xl:px-5 md:max-w-3xl lg:max-w-[40rem] xl:max-w-[48rem]\">\n<div class=\"relative flex w-full min-w-0 flex-col agent-turn\">\n<div class=\"flex-col gap-1 md:gap-3\">\n<div class=\"flex flex-grow flex-col max-w-full\">\n<div class=\"min-h-[20px] text-message flex flex-col items-start gap-3 whitespace-pre-wrap break-words [.text-message+&amp;]:mt-5 overflow-x-auto\" dir=\"auto\" data-message-author-role=\"assistant\" data-message-id=\"c8f27f66-779e-4aec-923a-5510842b776b\">\n<div class=\"markdown prose w-full break-words dark:prose-invert dark\">\n<p>Il documentario, scritto e diretto da Giorgia Lorenzato e Manuel Zarpellon e prodotto da Cineblend s.r.l., racconta il disastroso crollo lungo i pendii della Marmolada nel luglio del 2022, che ha causato la morte di undici persone. Attraverso interviste, materiale di repertorio e riprese attuali, il film mette in luce l&#8217;eroismo dei soccorritori e il dramma umano vissuto dai sopravvissuti e dalle loro famiglie. Il lavoro, aderente al Manifesto del Verona Green Movie Land, ha ricevuto il patrocinio di diverse istituzioni e il contributo di numerose realt\u00e0, testimoniando la solidariet\u00e0 e l&#8217;impegno della comunit\u00e0 di fronte alla tragedia. <span class=\"\">Il documentario esce in anteprima il\u00a0<strong class=\"\">29 aprile <\/strong>al <strong class=\"\"><a class=\"\" href=\"https:\/\/us8.mailchimp.com\/mctx\/clicks?url=https%3A%2F%2Ftrentofestival.it%2Fedizione-2024%2Fprogramma%2Ffilm%2Fmarmolada-03-07-22%2F&amp;xid=0753614157&amp;uid=31795631&amp;iid=44c38e10c0&amp;pool=cts&amp;v=2&amp;c=1713344569&amp;h=02db4da5003c6aa8ad6f854da29e688414b1bcff7784967f43540b4e16d817be\" target=\"_blank\" rel=\"noopener\">Trento Film Festival<\/a><\/strong> nella categoria\u00a0<strong class=\"\">Orizzonti vicini<\/strong>.\u00a0<\/span><\/p>\n<\/div>\n<\/div>\n<\/div>\n<\/div>\n<\/div>\n<\/div>\n<\/div>\n<\/div>\n<\/div>\n<\/div>\n<\/div>\n<\/div>\n<\/div>\n<p>&nbsp;<\/p>\n<p>&nbsp;<\/p>\n<hr \/>\n<p>&nbsp;<\/p>\n","protected":false},"excerpt":{"rendered":"<p>*** &nbsp; TRENTO Il documentario, scritto e diretto da Giorgia Lorenzato e Manuel Zarpellon e prodotto da Cineblend s.r.l., racconta il disastroso crollo lungo i pendii della Marmolada nel luglio del 2022, che ha causato la morte di undici persone. Attraverso interviste, materiale di repertorio e riprese attuali, il film mette in luce l&#8217;eroismo dei&hellip;<\/p>\n","protected":false},"author":4,"featured_media":387169,"comment_status":"closed","ping_status":"closed","sticky":false,"template":"","format":"standard","meta":{"_monsterinsights_skip_tracking":false,"_monsterinsights_sitenote_active":false,"_monsterinsights_sitenote_note":"","_monsterinsights_sitenote_category":0,"footnotes":""},"categories":[104,49],"tags":[],"class_list":["post-387300","post","type-post","status-publish","format-standard","has-post-thumbnail","hentry","category-evidenza_3","category-news-18","category-104","category-49","description-off"],"img_url":"https:\/\/www.radiopiu.net\/wordpress\/wp-content\/uploads\/2024\/04\/55a3a987-57e2-ffc4-c3b1-8e59dd7e8682.jpg","_links":{"self":[{"href":"https:\/\/www.radiopiu.net\/wordpress\/wp-json\/wp\/v2\/posts\/387300","targetHints":{"allow":["GET"]}}],"collection":[{"href":"https:\/\/www.radiopiu.net\/wordpress\/wp-json\/wp\/v2\/posts"}],"about":[{"href":"https:\/\/www.radiopiu.net\/wordpress\/wp-json\/wp\/v2\/types\/post"}],"author":[{"embeddable":true,"href":"https:\/\/www.radiopiu.net\/wordpress\/wp-json\/wp\/v2\/users\/4"}],"replies":[{"embeddable":true,"href":"https:\/\/www.radiopiu.net\/wordpress\/wp-json\/wp\/v2\/comments?post=387300"}],"version-history":[{"count":0,"href":"https:\/\/www.radiopiu.net\/wordpress\/wp-json\/wp\/v2\/posts\/387300\/revisions"}],"wp:featuredmedia":[{"embeddable":true,"href":"https:\/\/www.radiopiu.net\/wordpress\/wp-json\/wp\/v2\/media\/387169"}],"wp:attachment":[{"href":"https:\/\/www.radiopiu.net\/wordpress\/wp-json\/wp\/v2\/media?parent=387300"}],"wp:term":[{"taxonomy":"category","embeddable":true,"href":"https:\/\/www.radiopiu.net\/wordpress\/wp-json\/wp\/v2\/categories?post=387300"},{"taxonomy":"post_tag","embeddable":true,"href":"https:\/\/www.radiopiu.net\/wordpress\/wp-json\/wp\/v2\/tags?post=387300"}],"curies":[{"name":"wp","href":"https:\/\/api.w.org\/{rel}","templated":true}]}}