{"id":387377,"date":"2024-04-26T14:03:18","date_gmt":"2024-04-26T12:03:18","guid":{"rendered":"https:\/\/www.radiopiu.net\/wordpress\/?p=387377"},"modified":"2024-04-27T05:49:23","modified_gmt":"2024-04-27T03:49:23","slug":"ricostituzione-della-regola-della-val-si-prosegue","status":"publish","type":"post","link":"https:\/\/www.radiopiu.net\/wordpress\/ricostituzione-della-regola-della-val-si-prosegue\/","title":{"rendered":"RICOSTITUZIONE DELLA REGOLA DELLA VAL \u2013 SI PROSEGUE"},"content":{"rendered":"<p>*****<\/p>\n<p>&nbsp;<\/p>\n<p><strong><a class=\"dt-pswp-item\" href=\"https:\/\/www.radiopiu.net\/wordpress\/wp-content\/uploads\/2024\/04\/d36129f9-f80c-4862-8d72-0836120148e2.jpg\" data-dt-img-description=\"\" data-large_image_width=\"783\" data-large_image_height=\"1112\"><img loading=\"lazy\" decoding=\"async\" class=\" wp-image-387385 alignleft\" src=\"https:\/\/www.radiopiu.net\/wordpress\/wp-content\/uploads\/2024\/04\/d36129f9-f80c-4862-8d72-0836120148e2-211x300.jpg\" alt=\"\" width=\"128\" height=\"182\" srcset=\"https:\/\/www.radiopiu.net\/wordpress\/wp-content\/uploads\/2024\/04\/d36129f9-f80c-4862-8d72-0836120148e2-211x300.jpg 211w, https:\/\/www.radiopiu.net\/wordpress\/wp-content\/uploads\/2024\/04\/d36129f9-f80c-4862-8d72-0836120148e2-721x1024.jpg 721w, https:\/\/www.radiopiu.net\/wordpress\/wp-content\/uploads\/2024\/04\/d36129f9-f80c-4862-8d72-0836120148e2-768x1091.jpg 768w, https:\/\/www.radiopiu.net\/wordpress\/wp-content\/uploads\/2024\/04\/d36129f9-f80c-4862-8d72-0836120148e2.jpg 783w\" sizes=\"auto, (max-width: 128px) 100vw, 128px\" \/><\/a>DI TIZIANO DE COL<\/strong><\/p>\n<p>In questo periodo si \u00e8 normalmente interessati alla presentazione delle liste per le prossime elezioni comunali in molti Comuni Agordini e Bellunesi, ma a La Valle Agordina si va anche avanti con le ricerche storiche e procedure per la ricostituzione della (Honorata) Regola della Valle, scritta talvolta Regola della Val (o Val d\u2019Agort) oppure (in taluni documenti in latino anche Regulam Vallis). In settembre dello scorso anno (2023) \u00e8 stata inoltrata richiesta al Comune di La Valle Agordina di poter accedere, riprodurre ed utilizzare parte della documentazione in Archivio Storico del Comune per ricostruire la consistenza del Patrimonio Antico della Regola. Nell\u2019 archivio storico del Comune sono custoditi documenti pergamenacei e cartacei della Regola della Val a partire dalla met\u00e0 del 1300 fino ad inizio del 1800 e poi proseguono, come documentazione del Comune, dal 1818 circa fino ai giorni nostri. E\u2019 stata richiesta anche l\u2019 autorizzazione per poter consultare ed utilizzare anche tutta la documentazione riguardante il riordino degli Usi Civici del territorio comunale, essendo tali terreni tutti di derivazione regoliera (come riportato dal Perito Accertatore nella relazione che accompagna la procedura del riordino) in gestione attuale al Comune finch\u00e9 non sar\u00e0 ricostituito il soggetto originario, ossia la Regola. A\u00a0 fine dicembre 2023\u00a0 Comune ha rilasciato l\u2019autorizzazione richiesta. Nei giorni scorsi \u00e8 stata inoltrata richiesta al Comune di La Valle Agordina per poter avere una estrazione dei Cognomi Originari dalla prima anagrafe disponibile in Comune, ossia dei cognomi presenti a La Valle immediatamente dopo la sospensione delle Regole e l\u2019attribuzione gestionale del Patrimonio Antico Regoliero ai neocostituiti Comuni in base al Decreto Vicereale n 225 del 1806 e si \u00e8 tutt\u2019ora in attesa di una risposta da parte del Comune. Al fine di dare la massima divulgazione alla storia della Regola della Valle, del suo Patrimonio Antico, dei Cognomi Antichi Originari e delle procedure di ripristino, nei prossimi mesi pubblicheremo su queste pagine la parte della documentazione antica pi\u00f9 importante e di pi\u00f9 facile lettura e che potr\u00e0 sicuramente interessare non solo i lavallesi, ma anche tutti coloro che sono interessati a queste fondamentali pagine della nostra storia che si ripropongono praticamente in tutto il territorio agordino e non solo. Ovviamente le persone che parteciperanno al Comitato per il Ripristino della Regola, previsto dalla Legge Regione Veneto n 26\/2006, non si presenteranno come candidati a Consigliere Comunale o Sindaco alle prossime elezioni amministrative che si terranno a La Valle Agordina a giugno di quest\u2019anno.<\/p>\n<p>&nbsp;<\/p>\n<p>&nbsp;<\/p>\n<p>*******<\/p>\n","protected":false},"excerpt":{"rendered":"<p>***** &nbsp; DI TIZIANO DE COL In questo periodo si \u00e8 normalmente interessati alla presentazione delle liste per le prossime elezioni comunali in molti Comuni Agordini e Bellunesi, ma a La Valle Agordina si va anche avanti con le ricerche storiche e procedure per la ricostituzione della (Honorata) Regola della Valle, scritta talvolta Regola della&hellip;<\/p>\n","protected":false},"author":4,"featured_media":387385,"comment_status":"closed","ping_status":"closed","sticky":false,"template":"","format":"standard","meta":{"_monsterinsights_skip_tracking":false,"_monsterinsights_sitenote_active":false,"_monsterinsights_sitenote_note":"","_monsterinsights_sitenote_category":0,"footnotes":""},"categories":[51,49],"tags":[],"class_list":["post-387377","post","type-post","status-publish","format-standard","has-post-thumbnail","hentry","category-evidenza-top","category-news-18","category-51","category-49","description-off"],"img_url":"https:\/\/www.radiopiu.net\/wordpress\/wp-content\/uploads\/2024\/04\/d36129f9-f80c-4862-8d72-0836120148e2.jpg","_links":{"self":[{"href":"https:\/\/www.radiopiu.net\/wordpress\/wp-json\/wp\/v2\/posts\/387377","targetHints":{"allow":["GET"]}}],"collection":[{"href":"https:\/\/www.radiopiu.net\/wordpress\/wp-json\/wp\/v2\/posts"}],"about":[{"href":"https:\/\/www.radiopiu.net\/wordpress\/wp-json\/wp\/v2\/types\/post"}],"author":[{"embeddable":true,"href":"https:\/\/www.radiopiu.net\/wordpress\/wp-json\/wp\/v2\/users\/4"}],"replies":[{"embeddable":true,"href":"https:\/\/www.radiopiu.net\/wordpress\/wp-json\/wp\/v2\/comments?post=387377"}],"version-history":[{"count":0,"href":"https:\/\/www.radiopiu.net\/wordpress\/wp-json\/wp\/v2\/posts\/387377\/revisions"}],"wp:featuredmedia":[{"embeddable":true,"href":"https:\/\/www.radiopiu.net\/wordpress\/wp-json\/wp\/v2\/media\/387385"}],"wp:attachment":[{"href":"https:\/\/www.radiopiu.net\/wordpress\/wp-json\/wp\/v2\/media?parent=387377"}],"wp:term":[{"taxonomy":"category","embeddable":true,"href":"https:\/\/www.radiopiu.net\/wordpress\/wp-json\/wp\/v2\/categories?post=387377"},{"taxonomy":"post_tag","embeddable":true,"href":"https:\/\/www.radiopiu.net\/wordpress\/wp-json\/wp\/v2\/tags?post=387377"}],"curies":[{"name":"wp","href":"https:\/\/api.w.org\/{rel}","templated":true}]}}