{"id":387463,"date":"2024-04-27T07:55:36","date_gmt":"2024-04-27T05:55:36","guid":{"rendered":"https:\/\/www.radiopiu.net\/wordpress\/?p=387463"},"modified":"2024-04-27T07:55:46","modified_gmt":"2024-04-27T05:55:46","slug":"dal-1983-alle-8-la-rassegna-stampa-e-ogni-giorno-alle-7-le-anticipazioni-per-chi-va-in-fretta","status":"publish","type":"post","link":"https:\/\/www.radiopiu.net\/wordpress\/dal-1983-alle-8-la-rassegna-stampa-e-ogni-giorno-alle-7-le-anticipazioni-per-chi-va-in-fretta\/","title":{"rendered":"DAL 1983 ALLE 8 LA RASSEGNA STAMPA, E OGNI GIORNO ALLE 7 LE ANTICIPAZIONI PER CHI VA IN FRETTA&#8230;"},"content":{"rendered":"<p>**<\/p>\n<p>&nbsp;<\/p>\n<p><iframe loading=\"lazy\" title=\"DAL 1983 LA RASSEGNA STAMPA LOCALE di mirko mezzacasa. L&#039;ORIGINALE\" width=\"1200\" height=\"675\" src=\"https:\/\/www.youtube.com\/embed\/WEV9ZyHOoHg?feature=oembed\" frameborder=\"0\" allow=\"accelerometer; autoplay; clipboard-write; encrypted-media; gyroscope; picture-in-picture; web-share\" referrerpolicy=\"strict-origin-when-cross-origin\" allowfullscreen><\/iframe><\/p>\n<p>&nbsp;<\/p>\n<p>&nbsp;<\/p>\n<p><strong>FELTRE<\/strong> Nella tarda mattina di ieri, i vigili del fuoco di Feltre, i carabinieri di Arsi\u00e8 e il sindaco Luca Strappazzon hanno recuperato una salma dal lago del Corlo. L\u2019allarme \u00e8 stato dato da un escursionista che ha avvistato il corpo galleggiare mentre pagaiava in kayak. Le forze dell\u2019ordine hanno individuato anche l\u2019automobile dell\u2019uomo parcheggiata vicino al cimitero di Rocca dove da poco era stato sepolto il padre.<br \/>\n<strong>CONEGLIANO<\/strong> Renato Sagui, 68 anni, originario di Zopp\u00e8 di Cadore, \u00e8 morto mercoled\u00ec sera a Conegliano, precipitando dal terrazzino del quarto piano del condominio in cui viveva. L\u2019ipotesi principale degli inquirenti \u00e8 che abbia perso l\u2019equilibrio mentre si sporgeva per fumare una sigaretta.<\/p>\n<p><strong>AGORDO<\/strong> La lunga disputa riguardante la ciclabile Regina delle Dolomiti, situata nell\u2019area dell\u2019ex ferrovia a Ponte Alto di Agordo, giunge a una conclusione con il Consiglio di Stato che respinge definitivamente il ricorso del proprietario dell\u2019area. La sentenza rappresenta una vittoria per il Comune di Agordo e l\u2019Unione Montana Agordina, citando l\u2019interesse pubblico, la strategicit\u00e0 dell\u2019opera e l\u2019ingente investimento di denaro pubblico come motivazioni decisive.<br \/>\n<strong>BELLUNO<\/strong> Il programma di ripopolamento dei corsi d\u2019acqua danneggiati da Vaia continua con determinazione. La Provincia di Belluno, insieme alla Regione Veneto e a Veneto Acque, sta producendo oltre 1 milione di uova di trota marmorata, specie autoctona.<br \/>\n<strong>CORTINA<\/strong> Il Comitato Civico Cortina ha superato la soglia di 1000 firme e quasi 10 mila euro per contrastare la speculazione edilizia nell\u2019area dell\u2019ex stazione ferroviaria. Il terzo ricorso al TAR \u00e8 stato presentato dall\u2019avv. Matteo Ceruti, con udienza di verifica dell\u2019interesse prevista per il 23 maggio<br \/>\n<strong>BELLUNO<\/strong> Riforma dello sport, Olimpiadi e finanziamenti: sono tanti i temi che toccano da vicino le associazioni sportive e Coni Belluno \u00e8 pronto a promuovere tutte le iniziative necessarie per far crescere il mondo sportivo provinciale.<br \/>\n<strong>BELLUNO<\/strong> Punto stampa dell\u2019Ulss 1 Dolomiti in occasione della Giornata Internazionale della salute e sicurezza. Oltre a ricordare cosa fa lo Spisal, sono stati presentati i dati del 2023 per gli infortuni sul lavoro. I dati presentati rilevano un calo degli infortuni denunciati in Italia ma nel 2023 sono aumentati i casi di infortuni mortali. Il trend in provincia di Belluno va a braccetto con i dati nazionali. Un solo infortunio mortale lo scorso anno in provincia.<br \/>\n<strong>BELLUNO<\/strong> Il 29 aprile si terr\u00e0 un incontro e una tavola rotonda presso il Polo culturale \u2013 biblioteca di Sedico, promossi dalle Organizzazioni Sindacali bellunesi, per presentare i primi risultati dell\u2019indagine avviata dall\u2019OPC sulla tematica dello stress lavoro correlato e del benessere organizzativo nei settori commercio e pulimento.<\/p>\n<p>MARCO POLO SARA\u2019 L\u2019ARGOMENTO CHE CHIUDE L\u2019ANNO ACCADEMICO DELL\u2019UNIVERSITA\u2019 DEGLI ANZIANI<br \/>\nOGGI LA PRESENTAZIONE DELLA MOSTRA DEGLI ALUNNI DI LAURA BALLIS<br \/>\nBELLUNO Il sostituto procuratore Roberta Gallego terr\u00e0 una conferenza domani alle 17.30 al Teatro San Gaetano di Belluno, trattando il delitto Baldovin e il ruolo della memoria nella provincia<br \/>\nAGORDO Il GAV, Gruppo Assistenza Volontaria, ha indetto un\u2019assemblea per domani alle 11 al Centro Parrocchiale Don Vincenzo Savio di Agordo. Sette i punti da discutere tra cui la relazione delle attivit\u00e0 svolte nel 2023, l\u2019approvazione del bilancio consuntivo 2024 e la presentazione delle attivit\u00e0 previste nel 2024.<br \/>\nBELLUNO Domenica 5 maggio, l\u2019Amministrazione, in collaborazione con LAV e APACA, organizza la prima edizione di Play Dog, una giornata dedicata alla socializzazione tra cani e bambini<\/p>\n<p>PATTINAGGIO SU GHIACCIO \u201cSuccessi e Debutti: Le Gare di Pattinaggio Artistico dell\u2019Agordino Ghiaccio e Sport\u201d<br \/>\nCALCIO TERZA CATEGORIA: AGORDINA E PIAVE IN CAMPO DOMANI<br \/>\nPALLAVOLO IL BELLUNO VOLLEY PRONTO PER GARA 1 DI SEMIFINALE<br \/>\nCORSA CAMPESTRE LA SU E DO PER I COI 2024. LUCA MOSENA E FRANCESCA DE COLO\u2019 SUL PRIMO GRADINO DEL PODIO<\/p>\n","protected":false},"excerpt":{"rendered":"<p>** &nbsp; &nbsp; &nbsp; FELTRE Nella tarda mattina di ieri, i vigili del fuoco di Feltre, i carabinieri di Arsi\u00e8 e il sindaco Luca Strappazzon hanno recuperato una salma dal lago del Corlo. L\u2019allarme \u00e8 stato dato da un escursionista che ha avvistato il corpo galleggiare mentre pagaiava in kayak. Le forze dell\u2019ordine hanno individuato&hellip;<\/p>\n","protected":false},"author":4,"featured_media":387464,"comment_status":"closed","ping_status":"closed","sticky":false,"template":"","format":"standard","meta":{"_monsterinsights_skip_tracking":false,"_monsterinsights_sitenote_active":false,"_monsterinsights_sitenote_note":"","_monsterinsights_sitenote_category":0,"footnotes":""},"categories":[104,49,142],"tags":[],"class_list":["post-387463","post","type-post","status-publish","format-standard","has-post-thumbnail","hentry","category-evidenza_3","category-news-18","category-rassegna-stampa","category-104","category-49","category-142","description-off"],"img_url":"https:\/\/www.radiopiu.net\/wordpress\/wp-content\/uploads\/2024\/04\/Senza-nome-48.png","_links":{"self":[{"href":"https:\/\/www.radiopiu.net\/wordpress\/wp-json\/wp\/v2\/posts\/387463","targetHints":{"allow":["GET"]}}],"collection":[{"href":"https:\/\/www.radiopiu.net\/wordpress\/wp-json\/wp\/v2\/posts"}],"about":[{"href":"https:\/\/www.radiopiu.net\/wordpress\/wp-json\/wp\/v2\/types\/post"}],"author":[{"embeddable":true,"href":"https:\/\/www.radiopiu.net\/wordpress\/wp-json\/wp\/v2\/users\/4"}],"replies":[{"embeddable":true,"href":"https:\/\/www.radiopiu.net\/wordpress\/wp-json\/wp\/v2\/comments?post=387463"}],"version-history":[{"count":0,"href":"https:\/\/www.radiopiu.net\/wordpress\/wp-json\/wp\/v2\/posts\/387463\/revisions"}],"wp:featuredmedia":[{"embeddable":true,"href":"https:\/\/www.radiopiu.net\/wordpress\/wp-json\/wp\/v2\/media\/387464"}],"wp:attachment":[{"href":"https:\/\/www.radiopiu.net\/wordpress\/wp-json\/wp\/v2\/media?parent=387463"}],"wp:term":[{"taxonomy":"category","embeddable":true,"href":"https:\/\/www.radiopiu.net\/wordpress\/wp-json\/wp\/v2\/categories?post=387463"},{"taxonomy":"post_tag","embeddable":true,"href":"https:\/\/www.radiopiu.net\/wordpress\/wp-json\/wp\/v2\/tags?post=387463"}],"curies":[{"name":"wp","href":"https:\/\/api.w.org\/{rel}","templated":true}]}}