{"id":387478,"date":"2024-04-29T05:26:40","date_gmt":"2024-04-29T03:26:40","guid":{"rendered":"https:\/\/www.radiopiu.net\/wordpress\/?p=387478"},"modified":"2024-04-29T08:30:55","modified_gmt":"2024-04-29T06:30:55","slug":"giornale-radiopiu-29-aprile-2024-direttore-mirko-mezzacasada-40-anni-25-giugno-1983-25-giugno-2023","status":"publish","type":"post","link":"https:\/\/www.radiopiu.net\/wordpress\/giornale-radiopiu-29-aprile-2024-direttore-mirko-mezzacasada-40-anni-25-giugno-1983-25-giugno-2023\/","title":{"rendered":"GIORNALE RADIOPIU 29 APRILE 2024 DIRETTORE MIRKO MEZZACASA\u2026DA 40 ANNI 25 GIUGNO 1983-25 GIUGNO 2023"},"content":{"rendered":"<p>******<\/p>\n<p>&nbsp;<\/p>\n<h3><a href=\"https:\/\/www.radiopiu.net\/wordpress\/giornale-radiopiu-24-gennaio-2021-direttore-mirko-mezzacasa\/141433770_171616291414874_2957460898102012198_n\/\" rel=\"attachment wp-att-186566\"><img loading=\"lazy\" decoding=\"async\" class=\"wp-image-186566 alignleft\" src=\"https:\/\/www.radiopiu.net\/wordpress\/wp-content\/uploads\/2021\/01\/141433770_171616291414874_2957460898102012198_n-300x300.jpg\" alt=\"\" width=\"144\" height=\"144\" srcset=\"https:\/\/www.radiopiu.net\/wordpress\/wp-content\/uploads\/2021\/01\/141433770_171616291414874_2957460898102012198_n-300x300.jpg 300w, https:\/\/www.radiopiu.net\/wordpress\/wp-content\/uploads\/2021\/01\/141433770_171616291414874_2957460898102012198_n-150x150.jpg 150w, https:\/\/www.radiopiu.net\/wordpress\/wp-content\/uploads\/2021\/01\/141433770_171616291414874_2957460898102012198_n-768x768.jpg 768w, https:\/\/www.radiopiu.net\/wordpress\/wp-content\/uploads\/2021\/01\/141433770_171616291414874_2957460898102012198_n.jpg 800w\" sizes=\"auto, (max-width: 144px) 100vw, 144px\" \/><\/a>PER<strong> RICEVERE QUESTO NOTIZIARIO DIRETTAMENTE SUL TUO CELLULARE ISCRIVITI AL CANALE TELEGRAM <\/strong><strong>\u201cRADIO PIU\u00a0 INFORMAZIONE&#8221;\u00a0<\/strong><\/h3>\n<h3>\u00a0il CANALE TELEGRAM&#8230; UNISCITI A: RADIO PIU INFORMAZIONE<\/h3>\n<p>&nbsp;<\/p>\n<p>&nbsp;<\/p>\n<p><em><a href=\"https:\/\/www.radiopiu.net\/wordpress\/giornale-radiopiu-24-gennaio-2021-direttore-mirko-mezzacasa\/79216601_126817312416448_708980208774483089_n\/\" rel=\"attachment wp-att-186567\"><img loading=\"lazy\" decoding=\"async\" class=\"size-medium wp-image-186567 alignright\" src=\"https:\/\/www.radiopiu.net\/wordpress\/wp-content\/uploads\/2021\/01\/79216601_126817312416448_708980208774483089_n-300x114.jpg\" alt=\"\" width=\"300\" height=\"114\" srcset=\"https:\/\/www.radiopiu.net\/wordpress\/wp-content\/uploads\/2021\/01\/79216601_126817312416448_708980208774483089_n-300x114.jpg 300w, https:\/\/www.radiopiu.net\/wordpress\/wp-content\/uploads\/2021\/01\/79216601_126817312416448_708980208774483089_n-768x292.jpg 768w, https:\/\/www.radiopiu.net\/wordpress\/wp-content\/uploads\/2021\/01\/79216601_126817312416448_708980208774483089_n.jpg 820w\" sizes=\"auto, (max-width: 300px) 100vw, 300px\" \/><\/a><span style=\"color: #ff0000;\">ATTENZIONE: LA NUOVA APP PER IOS-IPHONE di Nicola Vettorello <\/span><\/em><a href=\"https:\/\/apps.apple.com\/it\/app\/radio-pi%C3%B9-emittente-agordina\/id1515939845\">https:\/\/apps.apple.com\/it\/app\/radio-pi%C3%B9-emittente-agordina\/id1515939845<\/a><\/p>\n<p><em style=\"color: #ff0000;\">ATTENZIONE: LA NUOVA APP RADIO\u00a0 PER ANDROID di Nicola Vettorello<\/em><\/p>\n<p><a href=\"https:\/\/play.google.com\/store\/apps\/details?id=net.radiopiu.iniko\" target=\"_blank\" rel=\"noopener noreferrer\">https:\/\/play.google.com\/store\/apps\/details?id=net.radiopiu.iniko\u00a0\u00a0<\/a><\/p>\n<h3 class=\"kvgmc6g5 cxmmr5t8 oygrvhab hcukyx3x c1et5uql\"><\/h3>\n<hr \/>\n<p>&nbsp;<\/p>\n<p>&nbsp;<\/p>\n<div data-block=\"true\" data-editor=\"avj4u\" data-offset-key=\"d3i0j-0-0\">\n<h1>NELLA NOTTE, Incidente stradale a Vallada Agordina: conducente ferita<\/h1>\n<p><img decoding=\"async\" class=\"alignleft\" src=\"https:\/\/www.radiopiu.net\/wordpress\/wp-content\/uploads\/2024\/04\/th-13.jpg\" \/><\/p>\n<p><strong>VALLADA\u00a0<\/strong> All&#8217;una di questa notte, i Vigili del Fuoco di Agordo sono intervenuti nel Comune di Vallada Agordina, precisamente al km 28+300 della SP346, per un incidente stradale. Un&#8217;auto \u00e8 uscita di strada autonomamente, ribaltandosi. La conducente dell&#8217;auto coinvolta, una ragazza di 23 anni \u00e8 stata immediatamente trasportata al Pronto Soccorso di Agordo\u00a0 con\u00a0 ferite gravi per ricevere le cure necessarie. Sul luogo dell&#8217;incidente sono intervenuti anche gli operatori del Suem 118 per prestare soccorso sanitario, mentre i Carabinieri di Agordo si sono occupati dei rilievi del caso. Le operazioni di soccorso e di gestione dell&#8217;incidente si sono concluse alle ore 3:30, garantendo la sicurezza della zona e l&#8217;assistenza alla persona coinvolta nell&#8217;incidente. L&#8217;indagine \u00e8 in corso per accertare le cause dell&#8217;uscita di strada dell&#8217;auto.<\/p>\n<p>&nbsp;<\/p>\n<p>&nbsp;<\/p>\n<p>&nbsp;<\/p>\n<\/div>\n<p>&nbsp;<\/p>\n<p>&nbsp;<\/p>\n<div data-block=\"true\" data-editor=\"avj4u\" data-offset-key=\"d3i0j-0-0\">\n<hr \/>\n<p>&nbsp;<\/p>\n<\/div>\n<p><span style=\"color: #ff0000;\"><strong>OGGI ALLA RADIO<\/strong><\/span>: <strong>ALLE 7.20<\/strong> EL BAR DEL FIOR, DETTI E TRADIZIONI DI GIULIANA DA RONCH; <strong>ALLE 8.20<\/strong> PIU&#8217; SIAMO CON MARINA DONA&#8217; <strong>ALLE 9.10 <\/strong>OGGI COME IERI, IL LUNEDI DI SILVIA BALDO <strong>10.10<\/strong> CIAK SI GIRA, IL GOSSIP DI PAOLA LANCIATO<strong> 10.30<\/strong> PERITI MINERARI NEL MONDO<strong> 11.10<\/strong> ALDO BRIGADOI CONDUCE CINE HIT<strong> 11.20 <\/strong>DANIELA RINALDI, MEGLIO RADIO CHE MAI<strong> 12.30 <\/strong>GIORNALE RADIO EDIZIONE PRINCIPALE <strong>13.10<\/strong> SALUTE E SOCIETA&#8217;, LA RUBRICA DI MEDICINA DEL LUNEDI\u00a0<strong> 13.20<\/strong> PRIMAVERA HIT DI MARINA DONA&#8217; <strong>14<\/strong> LORIS SCUSSEL, COLLAGE OPERAZIONE NOSTALGIA<strong> 15\u00a0<\/strong> LA METO<strong> 15.10<\/strong> LAURA BALLIS&#8230; ALLA RADIO<strong>\u00a0 16.00<\/strong> IL ROCK DI MARCO COSTATINI<strong> 16.45 <\/strong>LE HIT DI MIRCO BENCIVENNI <strong>19.00 <\/strong>LE ANTICIPAZIONI DAL TG DI ANTENNA 3, DI TIZIANA BOLOGNANI<\/p>\n<div class=\"x11i5rnm xat24cr x1mh8g0r x1vvkbs xtlvy1s x126k92a\">\n<div dir=\"auto\">\n<p>&nbsp;<\/p>\n<p>&nbsp;<\/p>\n<hr \/>\n<p>&nbsp;<\/p>\n<p>&nbsp;<\/p>\n<div class=\"x11i5rnm xat24cr x1mh8g0r x1vvkbs xtlvy1s x126k92a\">\n<div dir=\"auto\">\n<p><strong><a class=\"dt-pswp-item\" href=\"https:\/\/www.radiopiu.net\/wordpress\/wp-content\/uploads\/2024\/02\/2d44e751-d8a8-461b-8e22-d8e4e853b032.jpg\" data-dt-img-description=\"\" data-large_image_width=\"1600\" data-large_image_height=\"1200\"><img loading=\"lazy\" decoding=\"async\" class=\"wp-image-373307 alignleft\" src=\"https:\/\/www.radiopiu.net\/wordpress\/wp-content\/uploads\/2024\/02\/2d44e751-d8a8-461b-8e22-d8e4e853b032-300x225.jpg\" alt=\"\" width=\"105\" height=\"79\" srcset=\"https:\/\/www.radiopiu.net\/wordpress\/wp-content\/uploads\/2024\/02\/2d44e751-d8a8-461b-8e22-d8e4e853b032-300x225.jpg 300w, https:\/\/www.radiopiu.net\/wordpress\/wp-content\/uploads\/2024\/02\/2d44e751-d8a8-461b-8e22-d8e4e853b032-1024x768.jpg 1024w, https:\/\/www.radiopiu.net\/wordpress\/wp-content\/uploads\/2024\/02\/2d44e751-d8a8-461b-8e22-d8e4e853b032-768x576.jpg 768w, https:\/\/www.radiopiu.net\/wordpress\/wp-content\/uploads\/2024\/02\/2d44e751-d8a8-461b-8e22-d8e4e853b032-1536x1152.jpg 1536w, https:\/\/www.radiopiu.net\/wordpress\/wp-content\/uploads\/2024\/02\/2d44e751-d8a8-461b-8e22-d8e4e853b032.jpg 1600w\" sizes=\"auto, (max-width: 105px) 100vw, 105px\" \/><\/a>EL BAL DEL FIOR, DI GIULIANA DA RONCH, 29 APRILE 2024<\/strong><\/p>\n<p>&nbsp;<\/p>\n<\/div>\n<\/div>\n<\/div>\n<div dir=\"auto\">\n<p>&nbsp;<\/p>\n<audio class=\"wp-audio-shortcode\" id=\"audio-387478-1\" preload=\"none\" style=\"width: 100%;\" controls=\"controls\"><source type=\"audio\/mpeg\" src=\"https:\/\/www.radiopiu.net\/wordpress\/wp-content\/uploads\/2024\/04\/GLU-4.m4a?_=1\" \/><a href=\"https:\/\/www.radiopiu.net\/wordpress\/wp-content\/uploads\/2024\/04\/GLU-4.m4a\">https:\/\/www.radiopiu.net\/wordpress\/wp-content\/uploads\/2024\/04\/GLU-4.m4a<\/a><\/audio>\n<p>&nbsp;<\/p>\n<hr \/>\n<\/div>\n<\/div>\n<blockquote>\n<blockquote>\n<h1><span style=\"color: #ff0000;\">I podcast informativi del mattino &#8211; audio\u00a0\u00a0<\/span><\/h1>\n<p>&nbsp;<\/p><\/blockquote>\n<p><strong><a class=\"dt-pswp-item\" href=\"https:\/\/www.radiopiu.net\/wordpress\/wp-content\/uploads\/2023\/11\/th-10.jpg\" data-dt-img-description=\"\" data-large_image_width=\"320\" data-large_image_height=\"180\"><img loading=\"lazy\" decoding=\"async\" class=\"wp-image-362866 alignleft\" src=\"https:\/\/www.radiopiu.net\/wordpress\/wp-content\/uploads\/2023\/11\/th-10-300x169.jpg\" alt=\"\" width=\"185\" height=\"104\" srcset=\"https:\/\/www.radiopiu.net\/wordpress\/wp-content\/uploads\/2023\/11\/th-10-300x169.jpg 300w, https:\/\/www.radiopiu.net\/wordpress\/wp-content\/uploads\/2023\/11\/th-10.jpg 320w\" sizes=\"auto, (max-width: 185px) 100vw, 185px\" \/><\/a>LA RASSEGNA STAMPA NAZIONALE ALLA RADIO, OGNI GIORNO ALLE 5 E ALLE 6 DEL MATTINO <span style=\"color: #0000ff;\">viene pubblicata alle 6.00 <span style=\"color: #ff0000;\">DIRETTA RADIO\u00a0 \u00a0\u00a0<\/span><\/span><\/strong><\/p>\n<p>&nbsp;<\/p><\/blockquote>\n<p>&nbsp;<\/p>\n<p><span style=\"color: #ff0000;\"><strong>DI STEFANO FAMA&#8217;<\/strong><\/span><br \/>\n<strong>Politica<\/strong> Meloni di candida alle europee, Economia, morto l&#8217;imprenditore Gianpietro Benedetti, Guerra in Ucraina e conflitto in Medio Oriente, <strong>Bergamo<\/strong> rapinatore in casa e il proprietario spara, <strong>Napoli<\/strong> bradisimo sui Campi Felgrei e scosse sul vesuvio Papa Francesco a <strong>Venezia<\/strong>, bimba investita a\u00a0 <strong>Bari<\/strong><\/p>\n<h2>AUDIO dalle 6 del mattino<\/h2>\n<audio class=\"wp-audio-shortcode\" id=\"audio-387478-2\" preload=\"none\" style=\"width: 100%;\" controls=\"controls\"><source type=\"audio\/mpeg\" src=\"https:\/\/www.radiopiu.net\/wordpress\/wp-content\/uploads\/2024\/04\/GIORNALEDELLESEI-24.mp3?_=2\" \/><a href=\"https:\/\/www.radiopiu.net\/wordpress\/wp-content\/uploads\/2024\/04\/GIORNALEDELLESEI-24.mp3\">https:\/\/www.radiopiu.net\/wordpress\/wp-content\/uploads\/2024\/04\/GIORNALEDELLESEI-24.mp3<\/a><\/audio>\n<p>&nbsp;<\/p>\n<p>&nbsp;<\/p>\n<hr \/>\n<p>&nbsp;<\/p>\n<h1 style=\"text-align: center;\"><span style=\"color: #ff0000;\">I podcast informativi del mattino &#8211; audio &#8211;\u00a0<\/span><\/h1>\n<p><strong><a class=\"dt-pswp-item\" href=\"https:\/\/www.radiopiu.net\/wordpress\/wp-content\/uploads\/2023\/12\/images.png\" data-dt-img-description=\"\" data-large_image_width=\"316\" data-large_image_height=\"160\"><img loading=\"lazy\" decoding=\"async\" class=\"wp-image-367008 alignleft\" src=\"https:\/\/www.radiopiu.net\/wordpress\/wp-content\/uploads\/2023\/12\/images-300x152.png\" alt=\"\" width=\"235\" height=\"119\" srcset=\"https:\/\/www.radiopiu.net\/wordpress\/wp-content\/uploads\/2023\/12\/images-300x152.png 300w, https:\/\/www.radiopiu.net\/wordpress\/wp-content\/uploads\/2023\/12\/images.png 316w\" sizes=\"auto, (max-width: 235px) 100vw, 235px\" \/><\/a>OGNI GIORNO ALLE SETTE DEL MATTINO, LA RASSEGNA STAMPA LOCALE FLASH&#8230; PER CHI VA IN FRETTA. I TITOLI DAI GIORNALI E DAL SITO WWW.RADIOPIU.NET <span style=\"color: #0000ff;\">viene pubblicato alle 7.00<\/span> <span style=\"color: #ff0000;\">DIRETTA RADIO\u00a0<\/span><\/strong><\/p>\n<p><em><span style=\"color: #ff0000;\">per chi va in fretta&#8230; tante notizie in pochi minuti. L&#8217;informazione locale alla radio, ogni ora dalle 7 del mattino alle 19 della sera.\u00a0 \u00a0 \u00a0\u00a0<\/span><\/em><\/p>\n<p><em>Tragedia a Rocca Pietore, sospetto di monossido a Santa Giustina, e valanga in Val di Zoldo: un weekend movimentato nelle Dolomiti A Rocca Pietore, Maurizio Maramao, 73 anni, \u00e8 morto per un improvviso malore, mentre a Santa Giustina sei persone sono state portate in ospedale per sospetto monossido di carbonio. Nel frattempo, una valanga si \u00e8 staccata in Val di Zoldo, senza feriti. Infine, un intervento psichiatrico conclude un pomeriggio agitato tra Saviner e Canazei.<\/em><\/p>\n<h2>AUDIO dalle 7 del mattino<\/h2>\n<audio class=\"wp-audio-shortcode\" id=\"audio-387478-3\" preload=\"none\" style=\"width: 100%;\" controls=\"controls\"><source type=\"audio\/mpeg\" src=\"https:\/\/www.radiopiu.net\/wordpress\/wp-content\/uploads\/2024\/04\/GF07-22.mp3?_=3\" \/><a href=\"https:\/\/www.radiopiu.net\/wordpress\/wp-content\/uploads\/2024\/04\/GF07-22.mp3\">https:\/\/www.radiopiu.net\/wordpress\/wp-content\/uploads\/2024\/04\/GF07-22.mp3<\/a><\/audio>\n<p>&nbsp;<\/p>\n<p>&nbsp;<\/p>\n<hr \/>\n<p>&nbsp;<\/p>\n<h1><\/h1>\n<h1 style=\"text-align: center;\"><span style=\"color: #ff0000;\"><a class=\"dt-pswp-item\" href=\"https:\/\/www.radiopiu.net\/wordpress\/wp-content\/uploads\/2022\/01\/026c3f9d-dae9-4040-a3c1-a6530231bcc3.jpg\" data-dt-img-description=\"\" data-large_image_width=\"1152\" data-large_image_height=\"2048\"><img loading=\"lazy\" decoding=\"async\" class=\"wp-image-251839 alignleft\" src=\"https:\/\/www.radiopiu.net\/wordpress\/wp-content\/uploads\/2022\/01\/026c3f9d-dae9-4040-a3c1-a6530231bcc3-169x300.jpg\" alt=\"\" width=\"100\" height=\"177\" srcset=\"https:\/\/www.radiopiu.net\/wordpress\/wp-content\/uploads\/2022\/01\/026c3f9d-dae9-4040-a3c1-a6530231bcc3-169x300.jpg 169w, https:\/\/www.radiopiu.net\/wordpress\/wp-content\/uploads\/2022\/01\/026c3f9d-dae9-4040-a3c1-a6530231bcc3-576x1024.jpg 576w, https:\/\/www.radiopiu.net\/wordpress\/wp-content\/uploads\/2022\/01\/026c3f9d-dae9-4040-a3c1-a6530231bcc3-768x1365.jpg 768w, https:\/\/www.radiopiu.net\/wordpress\/wp-content\/uploads\/2022\/01\/026c3f9d-dae9-4040-a3c1-a6530231bcc3-864x1536.jpg 864w, https:\/\/www.radiopiu.net\/wordpress\/wp-content\/uploads\/2022\/01\/026c3f9d-dae9-4040-a3c1-a6530231bcc3.jpg 1152w\" sizes=\"auto, (max-width: 100px) 100vw, 100px\" \/><\/a>I podcast informativi del mattino &#8211; audio &#8211;\u00a0<\/span><\/h1>\n<blockquote><p><strong>GIORNALE RADIO NAZIONALE, EDIZIONE DELLE SETTE <span style=\"color: #0000ff;\">viene pubblicato alle 7.05 <span style=\"color: #ff0000;\">DIRETTA RADIO\u00a0<\/span><\/span><\/strong><\/p><\/blockquote>\n<p><strong>il giornale radionazionale e&#8217; in onda ogni ora, dalle sette del mattino alle venti della sera\u00a0\u00a0<\/strong><\/p>\n<p>&nbsp;<\/p>\n<p>&nbsp;<\/p>\n<p>&nbsp;<\/p>\n<p><strong>Guerra,<\/strong> 206 giorni di battaglie e Israele prepara un&#8217;operazine su larga scala. <strong>Ucraina<\/strong> oltre 700 giorni dopo, ancora un diluvio di fuoco russo e l&#8217;Ucraina risponde con i droni. La <strong>Meloni<\/strong> di candida per le europee. Anziano finanziere spara e ferisce il ladro a <strong>Bergamo,<\/strong> un albanese sfiorato al collo non \u00e8 in gravi condizioni.<\/p>\n<h2>AUDIO dalle sette del mattino, ogni ora alla radio<\/h2>\n<audio class=\"wp-audio-shortcode\" id=\"audio-387478-4\" preload=\"none\" style=\"width: 100%;\" controls=\"controls\"><source type=\"audio\/mpeg\" src=\"https:\/\/www.radiopiu.net\/wordpress\/wp-content\/uploads\/2024\/04\/giornale07-24.mp3?_=4\" \/><a href=\"https:\/\/www.radiopiu.net\/wordpress\/wp-content\/uploads\/2024\/04\/giornale07-24.mp3\">https:\/\/www.radiopiu.net\/wordpress\/wp-content\/uploads\/2024\/04\/giornale07-24.mp3<\/a><\/audio>\n<p>&nbsp;<\/p>\n<p>&nbsp;<\/p>\n<hr \/>\n<p>&nbsp;<\/p>\n<p>&nbsp;<\/p>\n<h1><span style=\"color: #ff0000;\">I podcast informativi del mattino &#8211; video &#8211;\u00a0<\/span><\/h1>\n<h2><strong><a class=\"dt-pswp-item\" href=\"https:\/\/www.radiopiu.net\/wordpress\/wp-content\/uploads\/2023\/12\/th-10.jpg\" data-dt-img-description=\"\" data-large_image_width=\"245\" data-large_image_height=\"180\"><img loading=\"lazy\" decoding=\"async\" class=\" wp-image-367395 alignleft\" src=\"https:\/\/www.radiopiu.net\/wordpress\/wp-content\/uploads\/2023\/12\/th-10.jpg\" alt=\"\" width=\"166\" height=\"122\" \/><\/a>RASSEGNA STAMPA LOCALE, ORE OTTO 05<\/strong><\/h2>\n<h2><strong> <span style=\"color: #0000ff;\">viene\u00a0 <\/span><\/strong><strong><span style=\"color: #0000ff;\">pubblicata alle 8.05 <span style=\"color: #ff0000;\">DIRETTA RADIO\u00a0\u00a0<\/span><\/span><\/strong><\/h2>\n<p><strong>DI MIRKO MEZZACASA\u00a0 \u00a0<\/strong><\/p>\n<p><em>A Belluno, diciassette lavoratori sono stati premiati con la &#8220;Stella al Merito del Lavoro&#8221; dal Presidente Sergio Mattarella, rappresentando il 20% degli insigniti nel Veneto. Le imprese locali favoriscono lo sviluppo dei dipendenti, segnalando meriti per il riconoscimento. A Ponte nelle Alpi, \u00e8 stato presentato un nuovo defibrillatore di nuova generazione donato dalla Cooperativa locale. Nel Veneto, secondo un&#8217;analisi della CGIA, solo la Lombardia e la Provincia Autonoma di Bolzano superano la regione in termini di qualit\u00e0 del mercato del lavoro, basata su indicatori qualitativi tratti dal rapporto BES dell&#8217;Istat.<\/em><\/p>\n<h2><span style=\"color: #ff0000;\"><strong>VIDEO\u00a0 \u00a0in diretta dalle 8 del mattino<\/strong><\/span><\/h2>\n<p>&nbsp;<\/p>\n<p><iframe loading=\"lazy\" title=\"DAL 1983 LA RASSEGNA STAMPA LOCALE di mirko mezzacasa. L&#039;ORIGINALE\" width=\"1200\" height=\"675\" src=\"https:\/\/www.youtube.com\/embed\/r1uM4ASxx_c?feature=oembed\" frameborder=\"0\" allow=\"accelerometer; autoplay; clipboard-write; encrypted-media; gyroscope; picture-in-picture; web-share\" referrerpolicy=\"strict-origin-when-cross-origin\" allowfullscreen><\/iframe><\/p>\n<hr \/>\n<p>&nbsp;<\/p>\n<blockquote>\n<h3>LAVORI PROGRAMMATI BIM GSP AD AGORDO E CANALE D&#8217;AGORDO<\/h3>\n<\/blockquote>\n<p><strong>REDAZIONE<\/strong> Gestione Servizi Pubblici informa che, per lavori alla rete idrica comunale, OGGI dalle 13:00 alle 17:00, verr\u00e0 sospesa l\u2019erogazione dell\u2019acqua ad AGORDO in localit\u00e0 VALCOZZENA. MARTEDI dalle 8:00 alle 17:00, potrebbe mancare l&#8217;acqua a CANALE D&#8217;AGORDO in LOCALITA&#8217; CAPOLUOGO. Il personale addetto operer\u00e0 per limitare il pi\u00f9 possibile i disagi alla popolazione.<\/p>\n<p>&nbsp;<\/p>\n<p>&nbsp;<\/p>\n<hr \/>\n<p>&nbsp;<\/p>\n<blockquote>\n<h3 class=\"entry-title\">MALORE A CARACOI, CAUSA DEL DECESSO DI UN UOMO<\/h3>\n<\/blockquote>\n<p><strong><a class=\"dt-pswp-item\" href=\"https:\/\/www.radiopiu.net\/wordpress\/wp-content\/uploads\/2024\/04\/Senza-nome-52.png\" data-dt-img-description=\"\" data-large_image_width=\"292\" data-large_image_height=\"189\"><img loading=\"lazy\" decoding=\"async\" class=\"size-full wp-image-387655 alignleft\" src=\"https:\/\/www.radiopiu.net\/wordpress\/wp-content\/uploads\/2024\/04\/Senza-nome-52.png\" alt=\"\" width=\"292\" height=\"189\" \/><\/a>REDAZIONE <\/strong>Caracoi-Cimai a Rocca Pietore, una tragedia ha scosso gli abitanti sabato sera. Maurizio Maramao, 73 anni, da tempo amante della montagna e dei paesaggi delle Dolomiti, \u00e8 stato vittima di un malore improvviso che gli \u00e8 stato fatale. L&#8217;uomo, da poco trasferitosi a Rocca Pietore con la compagna Anna per vivere la sua passione per la natura, \u00e8 stato colto da un infarto mentre si trovava nella sua abitazione. Nonostante i tempestivi soccorsi dei vicini e dei volontari dell&#8217;ambulanza locale, le condizioni critiche di Maurizio hanno reso necessario l&#8217;intervento dell&#8217;elicottero del Suem di Pieve di Cadore. Nonostante i vigorosi sforzi dei medici, il cuore di Maurizio non ha resistito, lasciando la comunit\u00e0 di Rocca Pietore addolorata dalla perdita di un membro amato e rispettato. Gli amici e i residenti si sono stretti attorno alla famiglia dell&#8217;uomo per offrire il loro sostegno in questo momento di dolore e incredulit\u00e0. La salma di Maurizio Maramao sar\u00e0 presto trasferita nella sua citt\u00e0 natale a Frosinone per le cerimonie funebri e la sepoltura, mentre Rocca Pietore piange la perdita di un appassionato della montagna che ha trovato la sua seconda casa tra le maestose vette delle Dolomiti.<\/p>\n<p>&nbsp;<\/p>\n<hr \/>\n<p>&nbsp;<\/p>\n<blockquote>\n<h3>Emergenza monossido di carbonio a Santa Giustina: Sei persone al pronto soccorso<\/h3>\n<\/blockquote>\n<blockquote>\n<h3><img loading=\"lazy\" decoding=\"async\" class=\"alignleft\" src=\"https:\/\/www.radiopiu.net\/wordpress\/wp-content\/uploads\/2024\/04\/th-12.jpg\" width=\"212\" height=\"119\" \/>Si \u00e8 trattato solo di una precauzione,<\/h3>\n<\/blockquote>\n<p><strong>SANTA GIUSTINA<\/strong> Sei persone sono state trasportate al pronto soccorso a causa della sospetta presenza di monossido di carbonio nelle loro abitazioni. La squadra dei vigili del fuoco \u00e8 intervenuta dopo una segnalazione di odore di bruciato, ma non ha riscontrato fiamme; tuttavia, la strumentazione ha rilevato la presenza del gas. Non si sono registrate situazioni gravi, ma per precauzione le famiglie sono state consigliate a monitorare eventuali problemi dovuti all&#8217;inalazione del gas. Le abitazioni sono state evacuate e aerate mentre si cercava la fonte del monossido.<\/p>\n<p>&nbsp;<\/p>\n<p>&nbsp;<\/p>\n<p>&nbsp;<\/p>\n<hr \/>\n<p>&nbsp;<\/p>\n<blockquote>\n<h2><a class=\"dt-pswp-item\" href=\"https:\/\/www.radiopiu.net\/wordpress\/wp-content\/uploads\/2023\/01\/Senza-nome-38.jpg\" data-dt-img-description=\"\" data-large_image_width=\"762\" data-large_image_height=\"365\"><img loading=\"lazy\" decoding=\"async\" class=\" wp-image-316847 alignleft\" src=\"https:\/\/www.radiopiu.net\/wordpress\/wp-content\/uploads\/2023\/01\/Senza-nome-38-300x144.jpg\" alt=\"\" width=\"215\" height=\"103\" srcset=\"https:\/\/www.radiopiu.net\/wordpress\/wp-content\/uploads\/2023\/01\/Senza-nome-38-300x144.jpg 300w, https:\/\/www.radiopiu.net\/wordpress\/wp-content\/uploads\/2023\/01\/Senza-nome-38.jpg 762w\" sizes=\"auto, (max-width: 215px) 100vw, 215px\" \/><\/a>VALANGA SUL SAN SEBASTIANO<br \/>\n<strong style=\"font-size: 14px;\">\u00a0<\/strong><\/h2>\n<h2><strong style=\"font-size: 14px;\">VAL DI ZOLDO<\/strong><span style=\"font-size: 14px; font-weight: normal;\"> Erano le 10 ieri mattina quando una valanga si \u00e8 staccata dal monte San Sebastiano in\u00a0 Val di Zoldo. Immediato l&#8217;intervento del Suem 118 per un controllo. Nessuna persona \u00e8 rimasta coinvolta.<\/span><\/h2>\n<\/blockquote>\n<p>Due gli alpinisti in escursione che temendo il maltempo hanno poi deciso di scendere incontrando sulla strada altri avventurieri in salita, gli stessi che probabilmente hanno innscato il distacco<\/p>\n<p>&nbsp;<\/p>\n<p>&nbsp;<\/p>\n<p>&nbsp;<\/p>\n<hr \/>\n<p>&nbsp;<\/p>\n<blockquote>\n<h3>FAR WEST SULLE STRADE DELL&#8217;AGORDINO<\/h3>\n<\/blockquote>\n<p><strong><a class=\"dt-pswp-item\" href=\"https:\/\/www.radiopiu.net\/wordpress\/wp-content\/uploads\/2021\/10\/police-3394767__480.jpg\" data-dt-img-description=\"\" data-large_image_width=\"719\" data-large_image_height=\"480\"><img loading=\"lazy\" decoding=\"async\" class=\" wp-image-239926 alignleft\" src=\"https:\/\/www.radiopiu.net\/wordpress\/wp-content\/uploads\/2021\/10\/police-3394767__480-300x200.jpg\" alt=\"\" width=\"197\" height=\"131\" srcset=\"https:\/\/www.radiopiu.net\/wordpress\/wp-content\/uploads\/2021\/10\/police-3394767__480-300x200.jpg 300w, https:\/\/www.radiopiu.net\/wordpress\/wp-content\/uploads\/2021\/10\/police-3394767__480.jpg 719w\" sizes=\"auto, (max-width: 197px) 100vw, 197px\" \/><\/a>REDAZIONE<\/strong> Pomeriggio movimentato sabato sulla strada tra l&#8217;Agordino e la confinante provincia autonoma trentina, o meglio tra Saviner di Rocca Pietore e Canazei. Succede tutto nel pomeriggio e la vicenda si conclude con un TSO (Trattamento Sanitario Obbligatorio) grazie all&#8217;intervento del personale Suem 118 dell&#8217;Ospedale di Agordo e il relativo ricovero in psichiatria a Belluno. La vicenda: un uomo, F.P. 36 anni, conosciuto in paese,\u00a0 prende la macchina della madre una Dacia Daster (dal parcheggio sotto casa a Saviner) e scorrazza\u00a0 sulle strade dell&#8217;Agordino, quindi infila Passo Fedaia, si sposta nel vicino trentino dove a folle velocit\u00e0 semina il panico anche sulle strade di Canazei. Scatta l&#8217;inseguimento, vengono allertati i Carabinieri delle stazioni di Arabba e Caprile di Alleghe, e il nostro si presenta in velocit\u00e0 di nuovo sulle strade dell&#8217;Agordino. I Carabinieri, per evitare ulteriori problemi, soprattuto prendendo la strada per il centro di Saviner, Caprile, Alleghe,\u00a0 sono stati costretti a fermarlo con la forza, su ordine del Maresciallo della stazione di Caprile. Tutto questo succede all&#8217;altezza del locale La Murada sopra Caprile. Un&#8217;auto degli uomini dell&#8217;arma distrutta e lievemente danneggiata una seconda, un militare, P. R. di 26 anni, \u00e8 rimasto ferito. Sul posto la Polizia per i rilievi e le indagini di legge.<a class=\"dt-pswp-item\" href=\"https:\/\/www.radiopiu.net\/wordpress\/wp-content\/uploads\/2024\/04\/e84fc65d-d687-4558-b16f-ce13e66e9e36.jpg\" data-dt-img-description=\"\" data-large_image_width=\"2048\" data-large_image_height=\"1536\">\u00a0<\/a><\/p>\n\n\t\t\t<style type='text\/css'>\n\t\t\t\t#gallery-1 {\n\t\t\t\t\tmargin: auto;\n\t\t\t\t}\n\t\t\t\t#gallery-1 .gallery-item {\n\t\t\t\t\tfloat: left;\n\t\t\t\t\tmargin-top: 10px;\n\t\t\t\t\ttext-align: center;\n\t\t\t\t\twidth: 100%;\n\t\t\t\t}\n\t\t\t\t#gallery-1 img {\n\t\t\t\t\tborder: 2px solid #cfcfcf;\n\t\t\t\t}\n\t\t\t\t#gallery-1 .gallery-caption {\n\t\t\t\t\tmargin-left: 0;\n\t\t\t\t}\n\t\t\t\t\/* see gallery_shortcode() in wp-includes\/media.php *\/\n\t\t\t<\/style>\n\t\t<div id='gallery-1' class='dt-gallery-container gallery galleryid-387478 gallery-columns-1 gallery-size-medium'><dl class='gallery-item'>\n\t\t\t\t<dt class='gallery-icon landscape'>\n\t\t\t\t\t<a class=\"rollover rollover-zoom dt-pswp-item\" title=\"e84fc65d-d687-4558-b16f-ce13e66e9e36\" data-dt-img-description=\"\" data-large_image_width=\"2048\" data-large_image_height=\"1536\"href='https:\/\/www.radiopiu.net\/wordpress\/wp-content\/uploads\/2024\/04\/e84fc65d-d687-4558-b16f-ce13e66e9e36.jpg'><img loading=\"lazy\" decoding=\"async\" width=\"300\" height=\"225\" src=\"https:\/\/www.radiopiu.net\/wordpress\/wp-content\/uploads\/2024\/04\/e84fc65d-d687-4558-b16f-ce13e66e9e36-300x225.jpg\" class=\"attachment-medium size-medium\" alt=\"\" srcset=\"https:\/\/www.radiopiu.net\/wordpress\/wp-content\/uploads\/2024\/04\/e84fc65d-d687-4558-b16f-ce13e66e9e36-300x225.jpg 300w, https:\/\/www.radiopiu.net\/wordpress\/wp-content\/uploads\/2024\/04\/e84fc65d-d687-4558-b16f-ce13e66e9e36-1024x768.jpg 1024w, https:\/\/www.radiopiu.net\/wordpress\/wp-content\/uploads\/2024\/04\/e84fc65d-d687-4558-b16f-ce13e66e9e36-768x576.jpg 768w, https:\/\/www.radiopiu.net\/wordpress\/wp-content\/uploads\/2024\/04\/e84fc65d-d687-4558-b16f-ce13e66e9e36-1536x1152.jpg 1536w, https:\/\/www.radiopiu.net\/wordpress\/wp-content\/uploads\/2024\/04\/e84fc65d-d687-4558-b16f-ce13e66e9e36.jpg 2048w\" sizes=\"auto, (max-width: 300px) 100vw, 300px\" \/><\/a>\n\t\t\t\t<\/dt><\/dl><br style=\"clear: both\" \/>\n\t\t\t<\/div>\n\n<p>&nbsp;<\/p>\n<p>&nbsp;<\/p>\n<hr \/>\n<p>&nbsp;<\/p>\n<blockquote>\n<h3>ELEZIONI COMUNALI IN AGORDINO: IL PUNTO COMUNE PER COMUNE<\/h3>\n<\/blockquote>\n<p><strong><a class=\"dt-pswp-item\" href=\"https:\/\/www.radiopiu.net\/wordpress\/wp-content\/uploads\/2019\/12\/icona_sindaco.png\" data-dt-img-description=\"\" data-large_image_width=\"300\" data-large_image_height=\"400\"><img loading=\"lazy\" decoding=\"async\" class=\" wp-image-108460 alignleft\" src=\"https:\/\/www.radiopiu.net\/wordpress\/wp-content\/uploads\/2019\/12\/icona_sindaco-225x300.png\" alt=\"\" width=\"121\" height=\"161\" srcset=\"https:\/\/www.radiopiu.net\/wordpress\/wp-content\/uploads\/2019\/12\/icona_sindaco-225x300.png 225w, https:\/\/www.radiopiu.net\/wordpress\/wp-content\/uploads\/2019\/12\/icona_sindaco.png 300w\" sizes=\"auto, (max-width: 121px) 100vw, 121px\" \/><\/a>AGORDINO<\/strong><\/p>\n<p>DI GIANNI SANTOMASO<\/p>\n<audio class=\"wp-audio-shortcode\" id=\"audio-387478-5\" preload=\"none\" style=\"width: 100%;\" controls=\"controls\"><source type=\"audio\/mpeg\" src=\"https:\/\/www.radiopiu.net\/wordpress\/wp-content\/uploads\/2024\/04\/GIANNI-ELEZIONI-IN-AGORDINO.mp3?_=5\" \/><a href=\"https:\/\/www.radiopiu.net\/wordpress\/wp-content\/uploads\/2024\/04\/GIANNI-ELEZIONI-IN-AGORDINO.mp3\">https:\/\/www.radiopiu.net\/wordpress\/wp-content\/uploads\/2024\/04\/GIANNI-ELEZIONI-IN-AGORDINO.mp3<\/a><\/audio>\n<p>&nbsp;<\/p>\n<p>&nbsp;<\/p>\n<hr \/>\n<p>&nbsp;<\/p>\n<blockquote>\n<h3>DICIASSETTE NUOVI MAESTRI DEL LAVORO IN PROVINCIA DI BELLUNO<\/h3>\n<\/blockquote>\n<p><strong><a class=\"dt-pswp-item\" href=\"https:\/\/www.radiopiu.net\/wordpress\/wp-content\/uploads\/2024\/04\/Maestri-datori-di-lavoro-e-Consiglio-2024.jpg\" data-dt-img-description=\"\" data-large_image_width=\"1600\" data-large_image_height=\"993\"><img loading=\"lazy\" decoding=\"async\" class=\" wp-image-387518 alignleft\" src=\"https:\/\/www.radiopiu.net\/wordpress\/wp-content\/uploads\/2024\/04\/Maestri-datori-di-lavoro-e-Consiglio-2024-300x186.jpg\" alt=\"\" width=\"235\" height=\"146\" srcset=\"https:\/\/www.radiopiu.net\/wordpress\/wp-content\/uploads\/2024\/04\/Maestri-datori-di-lavoro-e-Consiglio-2024-300x186.jpg 300w, https:\/\/www.radiopiu.net\/wordpress\/wp-content\/uploads\/2024\/04\/Maestri-datori-di-lavoro-e-Consiglio-2024-1024x636.jpg 1024w, https:\/\/www.radiopiu.net\/wordpress\/wp-content\/uploads\/2024\/04\/Maestri-datori-di-lavoro-e-Consiglio-2024-768x477.jpg 768w, https:\/\/www.radiopiu.net\/wordpress\/wp-content\/uploads\/2024\/04\/Maestri-datori-di-lavoro-e-Consiglio-2024-1536x953.jpg 1536w, https:\/\/www.radiopiu.net\/wordpress\/wp-content\/uploads\/2024\/04\/Maestri-datori-di-lavoro-e-Consiglio-2024.jpg 1600w\" sizes=\"auto, (max-width: 235px) 100vw, 235px\" \/><\/a>BELLUNO<\/strong> Diciassette lavoratori bellunesi ricevono la &#8220;Stella al Merito del Lavoro&#8221;, onorificenza conferita dal Presidente Sergio Mattarella. La provincia si distingue per il maggior numero di decorati nel Veneto, rappresentando il 20% degli insigniti. Le imprese locali favoriscono lo sviluppo delle capacit\u00e0 dei dipendenti, segnalando meriti per il riconoscimento. Confindustria Belluno Dolomiti accoglie i nuovi Maestri, elogiando anche la presenza femminile. La cerimonia di consegna si terr\u00e0 il 1\u00b0 maggio al Teatro Toniolo di Mestre, organizzata dalla Prefettura di Venezia con il Consolato Regionale dei Maestri del Lavoro del Veneto.<\/p>\n<p><strong>I Bellunesi insigniti per l\u2019anno 2024 sono:<\/strong> Cristian Baldovin (Galvalux s.r.l. di Tai di Cadore), Cinzia Benvegnu\u0300 (SMA Service s.r.l. di Belluno), Tiziana Bernard (De Rigo Vision di Longarone), Dimitri Biasuz (Lattebusche di Cesiomaggiore), Endj Bottega (De Rigo Vision di Longarone), Manuela Bressan (Luxottica di Agordo), Luisa Caneve (Giorgio Fedon di Alpago), Flavia Ciliotta (Giorgio Fedon di Alpago), Attilio Da Rin D\u2019Iseppo (SGM di Auronzo di Cadore), Dario De Bortoli (Birra Castello S.p.A. di Pedavena), Michela De Dorigo (Luxottica di Agordo), Ciro Deon (Bauunternehmung di Limana), Patrizia Giacobbi (Galvalux S.r.l. di Tai di Cadore), Sereno Scopel (Clivet di Feltre), Mario Scussel (Luxottica di Agordo), Mauro Tomaselli (Unifarco di Santa Giustina), Mauro Zorzi (Enel Green Power di Calalzo di Cadore).<\/p>\n<p>&nbsp;<\/p>\n<p>&nbsp;<\/p>\n<hr \/>\n<p>&nbsp;<\/p>\n<p>&nbsp;<\/p>\n<p>&nbsp;<\/p>\n<blockquote>\n<h2><img loading=\"lazy\" decoding=\"async\" class=\"alignleft\" src=\"https:\/\/www.radiopiu.net\/wordpress\/wp-content\/uploads\/2024\/04\/d50f6ded-4016-4bda-903a-7996d2824529.jpg\" width=\"228\" height=\"128\" \/>L&#8217;AUSER EL BROI DI AGORDO TIRA LE SOMME DEL 2023<\/h2>\n<\/blockquote>\n<p><strong>AGORDO<\/strong><\/p>\n<p>DI GIANNI SANTOMASO<\/p>\n<audio class=\"wp-audio-shortcode\" id=\"audio-387478-6\" preload=\"none\" style=\"width: 100%;\" controls=\"controls\"><source type=\"audio\/mpeg\" src=\"https:\/\/www.radiopiu.net\/wordpress\/wp-content\/uploads\/2024\/04\/GIANNI-LAUSER-EL-BROI-DI-AGORDO-TIRA-LE-SOMME-DEL-2023.mp3?_=6\" \/><a href=\"https:\/\/www.radiopiu.net\/wordpress\/wp-content\/uploads\/2024\/04\/GIANNI-LAUSER-EL-BROI-DI-AGORDO-TIRA-LE-SOMME-DEL-2023.mp3\">https:\/\/www.radiopiu.net\/wordpress\/wp-content\/uploads\/2024\/04\/GIANNI-LAUSER-EL-BROI-DI-AGORDO-TIRA-LE-SOMME-DEL-2023.mp3<\/a><\/audio>\n<p>&nbsp;<\/p>\n<p>&nbsp;<\/p>\n<p>&nbsp;<\/p>\n<hr \/>\n<p>&nbsp;<\/p>\n<blockquote>\n<h3>\u00a0RIQUALIFICATA LA PIATTAFORMA SPORTIVA DEL PARCO MARES<\/h3>\n<\/blockquote>\n<p><strong><a class=\"dt-pswp-item\" href=\"https:\/\/www.radiopiu.net\/wordpress\/wp-content\/uploads\/2024\/04\/Piattaforma_al_Parco_Alessandro_Mares.jpg\" data-dt-img-description=\"\" data-large_image_width=\"2048\" data-large_image_height=\"1536\"><img loading=\"lazy\" decoding=\"async\" class=\" wp-image-387580 alignleft\" src=\"https:\/\/www.radiopiu.net\/wordpress\/wp-content\/uploads\/2024\/04\/Piattaforma_al_Parco_Alessandro_Mares-300x225.jpg\" alt=\"\" width=\"143\" height=\"107\" srcset=\"https:\/\/www.radiopiu.net\/wordpress\/wp-content\/uploads\/2024\/04\/Piattaforma_al_Parco_Alessandro_Mares-300x225.jpg 300w, https:\/\/www.radiopiu.net\/wordpress\/wp-content\/uploads\/2024\/04\/Piattaforma_al_Parco_Alessandro_Mares-1024x768.jpg 1024w, https:\/\/www.radiopiu.net\/wordpress\/wp-content\/uploads\/2024\/04\/Piattaforma_al_Parco_Alessandro_Mares-768x576.jpg 768w, https:\/\/www.radiopiu.net\/wordpress\/wp-content\/uploads\/2024\/04\/Piattaforma_al_Parco_Alessandro_Mares-1536x1152.jpg 1536w, https:\/\/www.radiopiu.net\/wordpress\/wp-content\/uploads\/2024\/04\/Piattaforma_al_Parco_Alessandro_Mares.jpg 2048w\" sizes=\"auto, (max-width: 143px) 100vw, 143px\" \/><\/a>PONTE NELLE ALPI <\/strong>Una societ\u00e0 sportiva a disposizione del territorio e della collettivit\u00e0. \u00c8 il Valbelluna Basket, che ha deciso di riqualificare la piattaforma del Parco intitolato ad Alessandro Mares.<span class=\"gmail-Apple-converted-space\"> \u00a0<\/span>Tutto ci\u00f2, in seguito all\u2019autorizzazione del Comune, proprietario dell\u2019area, e della Pro loco di Ponte nelle Alpi, che ne ha in carico la gestione. I prossimi step prevedono l\u2019installazione di nuovi canestri &#8211; eventualmente rimovibili, in caso di altri eventi &#8211; reti di protezione e faretti di illuminazione, oltre alla tracciatura del campo. La piattaforma potr\u00e0 essere sede di tornei, durante la bella stagione, e ospitare Centri estivi legati a doppio filo allo sport.<\/p>\n<p>&nbsp;<\/p>\n<p>&nbsp;<\/p>\n<hr \/>\n<p>&nbsp;<\/p>\n<blockquote>\n<h3><a class=\"dt-pswp-item\" href=\"https:\/\/www.radiopiu.net\/wordpress\/wp-content\/uploads\/2024\/04\/Defibrillatore_a_Polpet.jpg\" data-dt-img-description=\"\" data-large_image_width=\"1280\" data-large_image_height=\"960\"><img loading=\"lazy\" decoding=\"async\" class=\" wp-image-387529 alignleft\" src=\"https:\/\/www.radiopiu.net\/wordpress\/wp-content\/uploads\/2024\/04\/Defibrillatore_a_Polpet-300x225.jpg\" alt=\"\" width=\"153\" height=\"115\" srcset=\"https:\/\/www.radiopiu.net\/wordpress\/wp-content\/uploads\/2024\/04\/Defibrillatore_a_Polpet-300x225.jpg 300w, https:\/\/www.radiopiu.net\/wordpress\/wp-content\/uploads\/2024\/04\/Defibrillatore_a_Polpet-1024x768.jpg 1024w, https:\/\/www.radiopiu.net\/wordpress\/wp-content\/uploads\/2024\/04\/Defibrillatore_a_Polpet-768x576.jpg 768w, https:\/\/www.radiopiu.net\/wordpress\/wp-content\/uploads\/2024\/04\/Defibrillatore_a_Polpet.jpg 1280w\" sizes=\"auto, (max-width: 153px) 100vw, 153px\" \/><\/a>UN DEFIBRILLATORE IN PIAZZA A POLPET<\/h3>\n<\/blockquote>\n<p><strong>PONTE NELLE ALPI<\/strong> \u00c8 stato presentato in piazza \u201cBoito\u201d a Polpet, il nuovo punto emergenza: si tratta di un defribillatore di nuova generazione, donato alla comunit\u00e0 dalla locale Cooperativa. E finanziato dagli esercenti legati alle attivit\u00e0 della piazza.<\/p>\n<p>&nbsp;<\/p>\n<p>&nbsp;<\/p>\n<hr \/>\n<p>&nbsp;<\/p>\n<blockquote>\n<h3>LAVORO: LA QUALITA\u2019 NEL VENETO E\u2019 ELEVATA. MEGLIO DI NOI SOLO LOMBARDIA E P.A. DI BOLZANO<\/h3>\n<\/blockquote>\n<p>A pochi giorni dalla Festa del 1\u00b0 maggio, la CGIA ha voluto misurare la qualit\u00e0 del mercato del lavoro presente nel Veneto, arrivando alla conclusione che, in Italia, solo la Lombardia e la Provincia Autonoma di Bolzano presentano un risultato medio migliore del nostro (vedi Graf. 1). Lo score di questa analisi \u00e8 stato ottenuto mettendo a confronto 8 indicatori, prevalentemente di natura qualitativa, che sono stati \u201crecuperati\u201d dal rapporto BES (Benessere Equo Sostenibile), presentato una decina di giorni fa dall\u2019Istat.<\/p>\n<p><strong>Rispetto al pre-Covid abbiamo 72mila occupati in pi\u00f9<\/strong><br \/>\nPrima di analizzare i dati della ricerca della CGIA, in questo report gli artigiani mestrini hanno illustrato l\u2019andamento degli occupati avvenuto in Veneto in questi ultimi anni. La variazione emersa \u00e8 molto positiva. Rispetto al 2019 (anno pre-pandemico), l\u2019anno scorso gli addetti nella nostra regione erano 72mila in pi\u00f9 (+3,3 per cento), mentre nell\u2019ultimo anno l\u2019incremento \u00e8 stato addirittura di 80mila unit\u00e0 (+3,7 per cento). A fronte di questi risultati, nel 2023 la platea complessiva degli occupati presente in Veneto \u00e8 stata pari a 2.226.000 unit\u00e0 (vedi Tab. 1).<\/p>\n<p><strong>Padova e Treviso guidano la crescita occupazionale<br \/>\n<\/strong>A livello provinciale gli aumenti dei posti di lavoro hanno interessato, in particolare, Padova e Treviso. Nel capoluogo del Santo, ad esempio, rispetto al 2019 l\u2019incremento occupazionale \u00e8 stato di 26.200 unit\u00e0 (+6,4 per cento), mentre nella Marca la platea \u00e8 aumentata di 21.000 unit\u00e0 (+5,5 per cento). In questi ultimi 4 anni solo Rovigo e Belluno hanno registrato degli score anticipati dal segno meno. Nell\u2019ultimo anno, invece, tutte e 7 le province venete hanno visto aumentare il numero degli occupati: con punte del +6,2 per cento a Treviso (in termini assoluti +23.400) e del + 5,7 per cento a Padova (+23.500) (vedi Tab. 2).<\/p>\n<p><strong>Veneto: al top per qualit\u00e0 del posto di lavoro<\/strong><br \/>\nCome dicevamo pi\u00f9 sopra, analizzando i risultati che emergono dalla lettura degli 8 indicatori sulla qualit\u00e0 del lavoro presenti nelle 21 regioni d\u2019Italia, il Veneto si posiziona sul gradino pi\u00f9 basso del podio: meglio di noi solo la Lombardia e la Provincia Autonoma di Bolzano. Gli indicatori presi in esame sono stati i seguenti:<\/p>\n<p>1 \u2013 dipendenti con paga bassa;<br \/>\n2 \u2013 occupati sovraistruiti;<br \/>\n3 \u2013 occupati con lavori a termine da almeno 5 anni;<br \/>\n4 \u2013 tassi di infortuni mortali e inabilit\u00e0 permanente;<br \/>\n5 \u2013 occupati non regolari;<br \/>\n6 \u2013 soddisfazione per il lavoro svolto;<br \/>\n7 \u2013 percezione di insicurezza dell\u2019occupazione;<br \/>\n8 \u2013 part time involontario.<\/p>\n<p>Ebbene, di questa griglia solo in due casi l\u2019esito riferito al Veneto non risulta essere particolarmente soddisfacente: si tratta del numero di occupati sovraistruiti e della soddisfazione per il lavoro svolto. Nel primo caso ci collochiamo al 10\u00b0 posto della graduatoria nazionale con il 27,8 per cento degli intervistati che denuncia di possedere un titolo di studio superiore a quello maggiormente posseduto per svolgere quella professione sul totale degli occupati. Nel secondo caso, invece, il Veneto scivola addirittura al 13\u00b0 posto della classifica nazionale. \u201cSolo\u201d il 52,3 per cento degli intervistati ha espresso un punteggio medio di soddisfazione tra 8 e 10 per i seguenti aspetti del lavoro svolto: guadagno, opportunit\u00e0 di carriera, numero di ore lavorate, stabilit\u00e0 del posto, distanza casa-lavoro, interesse per il lavoro (vedi Tab. 3).<\/p>\n<p><strong>-\u00b7Rimangono ancora molte criticit\u00e0<\/strong><br \/>\nNonostante possiamo contare su questi risultati cos\u00ec significativamente importanti, permangono ancora delle criticit\u00e0 che fatichiamo a superare. La principale rimane il basso tasso di occupazione, in particolare di quella femminile. Non va trascurato nemmeno il trend registrato dalle partite Iva; rispetto al 2019 il numero complessivo in Veneto \u00e8 diminuito di 16.600 unit\u00e0 (-3,5 per cento). Senza contare che, purtroppo, contiamo storicamente su livelli retributivi mediamente pi\u00f9 bassi delle principali regioni dell\u2019UE, a causa di un livello di produttivit\u00e0 del lavoro molto basso e di un tasso dei NEET ancora eccessivamente elevato.<\/p>\n\n\t\t\t<style type='text\/css'>\n\t\t\t\t#gallery-2 {\n\t\t\t\t\tmargin: auto;\n\t\t\t\t}\n\t\t\t\t#gallery-2 .gallery-item {\n\t\t\t\t\tfloat: left;\n\t\t\t\t\tmargin-top: 10px;\n\t\t\t\t\ttext-align: center;\n\t\t\t\t\twidth: 25%;\n\t\t\t\t}\n\t\t\t\t#gallery-2 img {\n\t\t\t\t\tborder: 2px solid #cfcfcf;\n\t\t\t\t}\n\t\t\t\t#gallery-2 .gallery-caption {\n\t\t\t\t\tmargin-left: 0;\n\t\t\t\t}\n\t\t\t\t\/* see gallery_shortcode() in wp-includes\/media.php *\/\n\t\t\t<\/style>\n\t\t<div id='gallery-2' class='dt-gallery-container gallery galleryid-387478 gallery-columns-4 gallery-size-medium'><dl class='gallery-item'>\n\t\t\t\t<dt class='gallery-icon landscape'>\n\t\t\t\t\t<a class=\"rollover rollover-zoom dt-pswp-item\" title=\"Schermata 2024-04-27 alle 09.58.07\" data-dt-img-description=\"\" data-large_image_width=\"1286\" data-large_image_height=\"754\"href='https:\/\/www.radiopiu.net\/wordpress\/wp-content\/uploads\/2024\/04\/Schermata-2024-04-27-alle-09.58.07.png'><img loading=\"lazy\" decoding=\"async\" width=\"300\" height=\"176\" src=\"https:\/\/www.radiopiu.net\/wordpress\/wp-content\/uploads\/2024\/04\/Schermata-2024-04-27-alle-09.58.07-300x176.png\" class=\"attachment-medium size-medium\" alt=\"\" srcset=\"https:\/\/www.radiopiu.net\/wordpress\/wp-content\/uploads\/2024\/04\/Schermata-2024-04-27-alle-09.58.07-300x176.png 300w, https:\/\/www.radiopiu.net\/wordpress\/wp-content\/uploads\/2024\/04\/Schermata-2024-04-27-alle-09.58.07-1024x600.png 1024w, https:\/\/www.radiopiu.net\/wordpress\/wp-content\/uploads\/2024\/04\/Schermata-2024-04-27-alle-09.58.07-768x450.png 768w, https:\/\/www.radiopiu.net\/wordpress\/wp-content\/uploads\/2024\/04\/Schermata-2024-04-27-alle-09.58.07.png 1286w\" sizes=\"auto, (max-width: 300px) 100vw, 300px\" \/><\/a>\n\t\t\t\t<\/dt><\/dl><dl class='gallery-item'>\n\t\t\t\t<dt class='gallery-icon portrait'>\n\t\t\t\t\t<a class=\"rollover rollover-zoom dt-pswp-item\" title=\"Schermata 2024-04-27 alle 09.58.31\" data-dt-img-description=\"\" data-large_image_width=\"1286\" data-large_image_height=\"1600\"href='https:\/\/www.radiopiu.net\/wordpress\/wp-content\/uploads\/2024\/04\/Schermata-2024-04-27-alle-09.58.31.png'><img loading=\"lazy\" decoding=\"async\" width=\"241\" height=\"300\" src=\"https:\/\/www.radiopiu.net\/wordpress\/wp-content\/uploads\/2024\/04\/Schermata-2024-04-27-alle-09.58.31-241x300.png\" class=\"attachment-medium size-medium\" alt=\"\" srcset=\"https:\/\/www.radiopiu.net\/wordpress\/wp-content\/uploads\/2024\/04\/Schermata-2024-04-27-alle-09.58.31-241x300.png 241w, https:\/\/www.radiopiu.net\/wordpress\/wp-content\/uploads\/2024\/04\/Schermata-2024-04-27-alle-09.58.31-823x1024.png 823w, https:\/\/www.radiopiu.net\/wordpress\/wp-content\/uploads\/2024\/04\/Schermata-2024-04-27-alle-09.58.31-768x956.png 768w, https:\/\/www.radiopiu.net\/wordpress\/wp-content\/uploads\/2024\/04\/Schermata-2024-04-27-alle-09.58.31-1235x1536.png 1235w, https:\/\/www.radiopiu.net\/wordpress\/wp-content\/uploads\/2024\/04\/Schermata-2024-04-27-alle-09.58.31.png 1286w\" sizes=\"auto, (max-width: 241px) 100vw, 241px\" \/><\/a>\n\t\t\t\t<\/dt><\/dl><dl class='gallery-item'>\n\t\t\t\t<dt class='gallery-icon landscape'>\n\t\t\t\t\t<a class=\"rollover rollover-zoom dt-pswp-item\" title=\"Schermata 2024-04-27 alle 09.58.48\" data-dt-img-description=\"\" data-large_image_width=\"1278\" data-large_image_height=\"804\"href='https:\/\/www.radiopiu.net\/wordpress\/wp-content\/uploads\/2024\/04\/Schermata-2024-04-27-alle-09.58.48.png'><img loading=\"lazy\" decoding=\"async\" width=\"300\" height=\"189\" src=\"https:\/\/www.radiopiu.net\/wordpress\/wp-content\/uploads\/2024\/04\/Schermata-2024-04-27-alle-09.58.48-300x189.png\" class=\"attachment-medium size-medium\" alt=\"\" srcset=\"https:\/\/www.radiopiu.net\/wordpress\/wp-content\/uploads\/2024\/04\/Schermata-2024-04-27-alle-09.58.48-300x189.png 300w, https:\/\/www.radiopiu.net\/wordpress\/wp-content\/uploads\/2024\/04\/Schermata-2024-04-27-alle-09.58.48-1024x644.png 1024w, https:\/\/www.radiopiu.net\/wordpress\/wp-content\/uploads\/2024\/04\/Schermata-2024-04-27-alle-09.58.48-768x483.png 768w, https:\/\/www.radiopiu.net\/wordpress\/wp-content\/uploads\/2024\/04\/Schermata-2024-04-27-alle-09.58.48.png 1278w\" sizes=\"auto, (max-width: 300px) 100vw, 300px\" \/><\/a>\n\t\t\t\t<\/dt><\/dl><dl class='gallery-item'>\n\t\t\t\t<dt class='gallery-icon portrait'>\n\t\t\t\t\t<a class=\"rollover rollover-zoom dt-pswp-item\" title=\"Schermata 2024-04-27 alle 09.59.27\" data-dt-img-description=\"\" data-large_image_width=\"1278\" data-large_image_height=\"1644\"href='https:\/\/www.radiopiu.net\/wordpress\/wp-content\/uploads\/2024\/04\/Schermata-2024-04-27-alle-09.59.27.png'><img loading=\"lazy\" decoding=\"async\" width=\"233\" height=\"300\" src=\"https:\/\/www.radiopiu.net\/wordpress\/wp-content\/uploads\/2024\/04\/Schermata-2024-04-27-alle-09.59.27-233x300.png\" class=\"attachment-medium size-medium\" alt=\"\" srcset=\"https:\/\/www.radiopiu.net\/wordpress\/wp-content\/uploads\/2024\/04\/Schermata-2024-04-27-alle-09.59.27-233x300.png 233w, https:\/\/www.radiopiu.net\/wordpress\/wp-content\/uploads\/2024\/04\/Schermata-2024-04-27-alle-09.59.27-796x1024.png 796w, https:\/\/www.radiopiu.net\/wordpress\/wp-content\/uploads\/2024\/04\/Schermata-2024-04-27-alle-09.59.27-768x988.png 768w, https:\/\/www.radiopiu.net\/wordpress\/wp-content\/uploads\/2024\/04\/Schermata-2024-04-27-alle-09.59.27-1194x1536.png 1194w, https:\/\/www.radiopiu.net\/wordpress\/wp-content\/uploads\/2024\/04\/Schermata-2024-04-27-alle-09.59.27.png 1278w\" sizes=\"auto, (max-width: 233px) 100vw, 233px\" \/><\/a>\n\t\t\t\t<\/dt><\/dl><br style=\"clear: both\" \/><dl class='gallery-item'>\n\t\t\t\t<dt class='gallery-icon portrait'>\n\t\t\t\t\t<a class=\"rollover rollover-zoom dt-pswp-item\" title=\"Schermata 2024-04-27 alle 09.59.40\" data-dt-img-description=\"\" data-large_image_width=\"1278\" data-large_image_height=\"1644\"href='https:\/\/www.radiopiu.net\/wordpress\/wp-content\/uploads\/2024\/04\/Schermata-2024-04-27-alle-09.59.40.png'><img loading=\"lazy\" decoding=\"async\" width=\"233\" height=\"300\" src=\"https:\/\/www.radiopiu.net\/wordpress\/wp-content\/uploads\/2024\/04\/Schermata-2024-04-27-alle-09.59.40-233x300.png\" class=\"attachment-medium size-medium\" alt=\"\" srcset=\"https:\/\/www.radiopiu.net\/wordpress\/wp-content\/uploads\/2024\/04\/Schermata-2024-04-27-alle-09.59.40-233x300.png 233w, https:\/\/www.radiopiu.net\/wordpress\/wp-content\/uploads\/2024\/04\/Schermata-2024-04-27-alle-09.59.40-796x1024.png 796w, https:\/\/www.radiopiu.net\/wordpress\/wp-content\/uploads\/2024\/04\/Schermata-2024-04-27-alle-09.59.40-768x988.png 768w, https:\/\/www.radiopiu.net\/wordpress\/wp-content\/uploads\/2024\/04\/Schermata-2024-04-27-alle-09.59.40-1194x1536.png 1194w, https:\/\/www.radiopiu.net\/wordpress\/wp-content\/uploads\/2024\/04\/Schermata-2024-04-27-alle-09.59.40.png 1278w\" sizes=\"auto, (max-width: 233px) 100vw, 233px\" \/><\/a>\n\t\t\t\t<\/dt><\/dl><dl class='gallery-item'>\n\t\t\t\t<dt class='gallery-icon portrait'>\n\t\t\t\t\t<a class=\"rollover rollover-zoom dt-pswp-item\" title=\"Schermata 2024-04-27 alle 10.00.03\" data-dt-img-description=\"\" data-large_image_width=\"1278\" data-large_image_height=\"1538\"href='https:\/\/www.radiopiu.net\/wordpress\/wp-content\/uploads\/2024\/04\/Schermata-2024-04-27-alle-10.00.03.png'><img loading=\"lazy\" decoding=\"async\" width=\"249\" height=\"300\" src=\"https:\/\/www.radiopiu.net\/wordpress\/wp-content\/uploads\/2024\/04\/Schermata-2024-04-27-alle-10.00.03-249x300.png\" class=\"attachment-medium size-medium\" alt=\"\" srcset=\"https:\/\/www.radiopiu.net\/wordpress\/wp-content\/uploads\/2024\/04\/Schermata-2024-04-27-alle-10.00.03-249x300.png 249w, https:\/\/www.radiopiu.net\/wordpress\/wp-content\/uploads\/2024\/04\/Schermata-2024-04-27-alle-10.00.03-851x1024.png 851w, https:\/\/www.radiopiu.net\/wordpress\/wp-content\/uploads\/2024\/04\/Schermata-2024-04-27-alle-10.00.03-768x924.png 768w, https:\/\/www.radiopiu.net\/wordpress\/wp-content\/uploads\/2024\/04\/Schermata-2024-04-27-alle-10.00.03-1276x1536.png 1276w, https:\/\/www.radiopiu.net\/wordpress\/wp-content\/uploads\/2024\/04\/Schermata-2024-04-27-alle-10.00.03.png 1278w\" sizes=\"auto, (max-width: 249px) 100vw, 249px\" \/><\/a>\n\t\t\t\t<\/dt><\/dl><dl class='gallery-item'>\n\t\t\t\t<dt class='gallery-icon portrait'>\n\t\t\t\t\t<a class=\"rollover rollover-zoom dt-pswp-item\" title=\"Schermata 2024-04-27 alle 10.00.41\" data-dt-img-description=\"\" data-large_image_width=\"1278\" data-large_image_height=\"1624\"href='https:\/\/www.radiopiu.net\/wordpress\/wp-content\/uploads\/2024\/04\/Schermata-2024-04-27-alle-10.00.41.png'><img loading=\"lazy\" decoding=\"async\" width=\"236\" height=\"300\" src=\"https:\/\/www.radiopiu.net\/wordpress\/wp-content\/uploads\/2024\/04\/Schermata-2024-04-27-alle-10.00.41-236x300.png\" class=\"attachment-medium size-medium\" alt=\"\" srcset=\"https:\/\/www.radiopiu.net\/wordpress\/wp-content\/uploads\/2024\/04\/Schermata-2024-04-27-alle-10.00.41-236x300.png 236w, https:\/\/www.radiopiu.net\/wordpress\/wp-content\/uploads\/2024\/04\/Schermata-2024-04-27-alle-10.00.41-806x1024.png 806w, https:\/\/www.radiopiu.net\/wordpress\/wp-content\/uploads\/2024\/04\/Schermata-2024-04-27-alle-10.00.41-768x976.png 768w, https:\/\/www.radiopiu.net\/wordpress\/wp-content\/uploads\/2024\/04\/Schermata-2024-04-27-alle-10.00.41-1209x1536.png 1209w, https:\/\/www.radiopiu.net\/wordpress\/wp-content\/uploads\/2024\/04\/Schermata-2024-04-27-alle-10.00.41.png 1278w\" sizes=\"auto, (max-width: 236px) 100vw, 236px\" \/><\/a>\n\t\t\t\t<\/dt><\/dl>\n\t\t\t\t<br style='clear: both' \/>\n\t\t\t<\/div>\n\n<p>&nbsp;<\/p>\n<hr \/>\n<p>&nbsp;<\/p>\n<h2><span style=\"color: #ff0000;\">CONSIGLI COMUNALI IN AGORDINO e dell&#8217;UNIONE MONTANA<\/span><\/h2>\n<p><strong>ROCCA PIETORE<\/strong> Martedi alle 18.30 consiglio comunale convocato dal sindaco Andrea De Bernardin. All&#8217;ordine del giorno approvazione del rendiconto e variazione al bilancio .<\/p>\n<p><strong>COLLE SANTA LUCIA<\/strong> Il sindaco Paolo Frena ha convocato il consiglio comunale per martedi 30 aprile alle 18. All&#8217;ordine del giorno: bilancio Asca, variazioni al bilancio, attivit\u00e0 associazione turistica<\/p>\n<p><strong>AGORDO<\/strong> Martedi alle 20.30 consiglio dell&#8217;Unione Montana Agordina. All&#8217;ordine del giorno, approvazione piano economico, servizio rifiuti, tariffe; provvedimento di variazione al bilancio, comunicazioni del Presidente<\/p>\n<p><strong>DI GIANNI SANTOMASO<\/strong><\/p>\n<audio class=\"wp-audio-shortcode\" id=\"audio-387478-7\" preload=\"none\" style=\"width: 100%;\" controls=\"controls\"><source type=\"audio\/mpeg\" src=\"https:\/\/www.radiopiu.net\/wordpress\/wp-content\/uploads\/2024\/04\/GIANNI-CONSIGLIO-UMA.mp3?_=7\" \/><a href=\"https:\/\/www.radiopiu.net\/wordpress\/wp-content\/uploads\/2024\/04\/GIANNI-CONSIGLIO-UMA.mp3\">https:\/\/www.radiopiu.net\/wordpress\/wp-content\/uploads\/2024\/04\/GIANNI-CONSIGLIO-UMA.mp3<\/a><\/audio>\n<p>&nbsp;<\/p>\n<hr \/>\n<p>&nbsp;<\/p>\n<blockquote class=\"wp-embedded-content\" data-secret=\"AUIi1x1Elx\"><p><a href=\"https:\/\/www.radiopiu.net\/wordpress\/inaugurata-in-sala-don-tamis-la-mostra-degli-allievi-di-laura-ballis\/\">INAUGURATA IN SALA DON TAMIS LA MOSTRA DEGLI ALLIEVI DI LAURA BALLIS<\/a><\/p><\/blockquote>\n<p><iframe loading=\"lazy\" class=\"wp-embedded-content\" sandbox=\"allow-scripts\" security=\"restricted\" style=\"position: absolute; clip: rect(1px, 1px, 1px, 1px);\" title=\"&#8220;INAUGURATA IN SALA DON TAMIS LA MOSTRA DEGLI ALLIEVI DI LAURA BALLIS&#8221; &#8212; Radio Pi\u00f9\" src=\"https:\/\/www.radiopiu.net\/wordpress\/inaugurata-in-sala-don-tamis-la-mostra-degli-allievi-di-laura-ballis\/embed\/#?secret=xRvVIvYYiT#?secret=AUIi1x1Elx\" data-secret=\"AUIi1x1Elx\" width=\"600\" height=\"338\" frameborder=\"0\" marginwidth=\"0\" marginheight=\"0\" scrolling=\"no\"><\/iframe><\/p>\n<p>&nbsp;<\/p>\n<hr \/>\n<p>&nbsp;<\/p>\n<blockquote>\n<h2>GIORGIO VANNI AL SESSANTESIMO DI BARDIN &#8230;<\/h2>\n<\/blockquote>\n<p><strong>VIDEO, DI MARINA DONA&#8217;<\/strong><\/p>\n<p>&nbsp;<\/p>\n<div style=\"width: 848px;\" class=\"wp-video\"><video class=\"wp-video-shortcode\" id=\"video-387478-1\" width=\"848\" height=\"478\" preload=\"metadata\" controls=\"controls\"><source type=\"video\/mp4\" src=\"https:\/\/www.radiopiu.net\/wordpress\/wp-content\/uploads\/2024\/04\/WhatsApp-Video-2024-04-28-at-21.16.49.mp4?_=1\" \/><a href=\"https:\/\/www.radiopiu.net\/wordpress\/wp-content\/uploads\/2024\/04\/WhatsApp-Video-2024-04-28-at-21.16.49.mp4\">https:\/\/www.radiopiu.net\/wordpress\/wp-content\/uploads\/2024\/04\/WhatsApp-Video-2024-04-28-at-21.16.49.mp4<\/a><\/video><\/div>\n<p>&nbsp;<\/p>\n<p><iframe loading=\"lazy\" title=\"WhatsApp Video 2024 04 28 at 21 31 44\" width=\"1200\" height=\"675\" src=\"https:\/\/www.youtube.com\/embed\/MAJKsd-V0M0?feature=oembed\" frameborder=\"0\" allow=\"accelerometer; autoplay; clipboard-write; encrypted-media; gyroscope; picture-in-picture; web-share\" referrerpolicy=\"strict-origin-when-cross-origin\" allowfullscreen><\/iframe><\/p>\n<p>&nbsp;<\/p>\n<p>&nbsp;<\/p>\n<hr \/>\n<blockquote>\n<h3><\/h3>\n<h3>OSCAR ANGELONI OSPITE A LA VALLE<\/h3>\n<\/blockquote>\n<p><strong>DI MARINA DONA&#8217;<\/strong><\/p>\n<p><strong>LA VALLE <\/strong>La sala don Valmassoni a La Valle Agordina completamente sold out per la serata con il ct di Sky alp cinese Oscar Angeloni che ha raccontato tutte le sue avventure in Cina anche durante il periodo del covid. Un racconto che ha catturato davvero tutta l&#8217;attenzione e l&#8217;interesse del pubblico presente.<\/p>\n\n\t\t\t<style type='text\/css'>\n\t\t\t\t#gallery-3 {\n\t\t\t\t\tmargin: auto;\n\t\t\t\t}\n\t\t\t\t#gallery-3 .gallery-item {\n\t\t\t\t\tfloat: left;\n\t\t\t\t\tmargin-top: 10px;\n\t\t\t\t\ttext-align: center;\n\t\t\t\t\twidth: 50%;\n\t\t\t\t}\n\t\t\t\t#gallery-3 img {\n\t\t\t\t\tborder: 2px solid #cfcfcf;\n\t\t\t\t}\n\t\t\t\t#gallery-3 .gallery-caption {\n\t\t\t\t\tmargin-left: 0;\n\t\t\t\t}\n\t\t\t\t\/* see gallery_shortcode() in wp-includes\/media.php *\/\n\t\t\t<\/style>\n\t\t<div id='gallery-3' class='dt-gallery-container gallery galleryid-387478 gallery-columns-2 gallery-size-medium'><dl class='gallery-item'>\n\t\t\t\t<dt class='gallery-icon landscape'>\n\t\t\t\t\t<a class=\"rollover rollover-zoom dt-pswp-item\" title=\"6441a4e8-6275-4cee-9d0c-368a42af83d9\" data-dt-img-description=\"\" data-large_image_width=\"1600\" data-large_image_height=\"1200\"href='https:\/\/www.radiopiu.net\/wordpress\/wp-content\/uploads\/2024\/04\/6441a4e8-6275-4cee-9d0c-368a42af83d9.jpg'><img loading=\"lazy\" decoding=\"async\" width=\"300\" height=\"225\" src=\"https:\/\/www.radiopiu.net\/wordpress\/wp-content\/uploads\/2024\/04\/6441a4e8-6275-4cee-9d0c-368a42af83d9-300x225.jpg\" class=\"attachment-medium size-medium\" alt=\"\" srcset=\"https:\/\/www.radiopiu.net\/wordpress\/wp-content\/uploads\/2024\/04\/6441a4e8-6275-4cee-9d0c-368a42af83d9-300x225.jpg 300w, https:\/\/www.radiopiu.net\/wordpress\/wp-content\/uploads\/2024\/04\/6441a4e8-6275-4cee-9d0c-368a42af83d9-1024x768.jpg 1024w, https:\/\/www.radiopiu.net\/wordpress\/wp-content\/uploads\/2024\/04\/6441a4e8-6275-4cee-9d0c-368a42af83d9-768x576.jpg 768w, https:\/\/www.radiopiu.net\/wordpress\/wp-content\/uploads\/2024\/04\/6441a4e8-6275-4cee-9d0c-368a42af83d9-1536x1152.jpg 1536w, https:\/\/www.radiopiu.net\/wordpress\/wp-content\/uploads\/2024\/04\/6441a4e8-6275-4cee-9d0c-368a42af83d9.jpg 1600w\" sizes=\"auto, (max-width: 300px) 100vw, 300px\" \/><\/a>\n\t\t\t\t<\/dt><\/dl><dl class='gallery-item'>\n\t\t\t\t<dt class='gallery-icon landscape'>\n\t\t\t\t\t<a class=\"rollover rollover-zoom dt-pswp-item\" title=\"56053e00-6716-4a13-9dcf-46ab5f61f9cd\" data-dt-img-description=\"\" data-large_image_width=\"1600\" data-large_image_height=\"1201\"href='https:\/\/www.radiopiu.net\/wordpress\/wp-content\/uploads\/2024\/04\/56053e00-6716-4a13-9dcf-46ab5f61f9cd.jpg'><img loading=\"lazy\" decoding=\"async\" width=\"300\" height=\"225\" src=\"https:\/\/www.radiopiu.net\/wordpress\/wp-content\/uploads\/2024\/04\/56053e00-6716-4a13-9dcf-46ab5f61f9cd-300x225.jpg\" class=\"attachment-medium size-medium\" alt=\"\" srcset=\"https:\/\/www.radiopiu.net\/wordpress\/wp-content\/uploads\/2024\/04\/56053e00-6716-4a13-9dcf-46ab5f61f9cd-300x225.jpg 300w, https:\/\/www.radiopiu.net\/wordpress\/wp-content\/uploads\/2024\/04\/56053e00-6716-4a13-9dcf-46ab5f61f9cd-1024x769.jpg 1024w, https:\/\/www.radiopiu.net\/wordpress\/wp-content\/uploads\/2024\/04\/56053e00-6716-4a13-9dcf-46ab5f61f9cd-768x576.jpg 768w, https:\/\/www.radiopiu.net\/wordpress\/wp-content\/uploads\/2024\/04\/56053e00-6716-4a13-9dcf-46ab5f61f9cd-1536x1153.jpg 1536w, https:\/\/www.radiopiu.net\/wordpress\/wp-content\/uploads\/2024\/04\/56053e00-6716-4a13-9dcf-46ab5f61f9cd.jpg 1600w\" sizes=\"auto, (max-width: 300px) 100vw, 300px\" \/><\/a>\n\t\t\t\t<\/dt><\/dl><br style=\"clear: both\" \/>\n\t\t\t<\/div>\n\n<p>&nbsp;<\/p>\n<hr \/>\n<p>&nbsp;<\/p>\n<div class=\"page-title-head hgroup\">\n<blockquote>\n<h3 class=\"entry-title\">LA REPUBBLICA DEI PARTITI: LA CONFERENZA DI ENRICO BACCHETTI IN SALA DELLA BIBLIOTECA AD AGORDO<\/h3>\n<\/blockquote>\n<\/div>\n<div class=\"page-title-breadcrumbs\">\n<p><strong>AGORDO\u00a0<\/strong>La conferenza integrale di Enrico Bacchetti, direttore dell&#8217;Isbrec, tenuta sabato 27 aprile nella saletta della Biblioteca civica di Agordo su iniziativa del Presidio agordino di Libera e del Circolo culturale agordino.<\/p>\n<p><strong>AUDIO<\/strong><\/p>\n<audio class=\"wp-audio-shortcode\" id=\"audio-387478-8\" preload=\"none\" style=\"width: 100%;\" controls=\"controls\"><source type=\"audio\/mpeg\" src=\"https:\/\/www.radiopiu.net\/wordpress\/wp-content\/uploads\/2024\/04\/La-Repubblica-dei-partiti_Enrico-Bacchetti_27_04_24.mp3?_=8\" \/><a href=\"https:\/\/www.radiopiu.net\/wordpress\/wp-content\/uploads\/2024\/04\/La-Repubblica-dei-partiti_Enrico-Bacchetti_27_04_24.mp3\">https:\/\/www.radiopiu.net\/wordpress\/wp-content\/uploads\/2024\/04\/La-Repubblica-dei-partiti_Enrico-Bacchetti_27_04_24.mp3<\/a><\/audio>\n<p>&nbsp;<\/p>\n\n\t\t\t<style type='text\/css'>\n\t\t\t\t#gallery-4 {\n\t\t\t\t\tmargin: auto;\n\t\t\t\t}\n\t\t\t\t#gallery-4 .gallery-item {\n\t\t\t\t\tfloat: left;\n\t\t\t\t\tmargin-top: 10px;\n\t\t\t\t\ttext-align: center;\n\t\t\t\t\twidth: 25%;\n\t\t\t\t}\n\t\t\t\t#gallery-4 img {\n\t\t\t\t\tborder: 2px solid #cfcfcf;\n\t\t\t\t}\n\t\t\t\t#gallery-4 .gallery-caption {\n\t\t\t\t\tmargin-left: 0;\n\t\t\t\t}\n\t\t\t\t\/* see gallery_shortcode() in wp-includes\/media.php *\/\n\t\t\t<\/style>\n\t\t<div id='gallery-4' class='dt-gallery-container gallery galleryid-387478 gallery-columns-4 gallery-size-medium'><dl class='gallery-item'>\n\t\t\t\t<dt class='gallery-icon landscape'>\n\t\t\t\t\t<a class=\"rollover rollover-zoom dt-pswp-item\" title=\"8c837f2a-3254-4a38-9aa7-6098a42ae1f1\" data-dt-img-description=\"\" data-large_image_width=\"2000\" data-large_image_height=\"1500\"href='https:\/\/www.radiopiu.net\/wordpress\/wp-content\/uploads\/2024\/04\/8c837f2a-3254-4a38-9aa7-6098a42ae1f1.jpg'><img loading=\"lazy\" decoding=\"async\" width=\"300\" height=\"225\" src=\"https:\/\/www.radiopiu.net\/wordpress\/wp-content\/uploads\/2024\/04\/8c837f2a-3254-4a38-9aa7-6098a42ae1f1-300x225.jpg\" class=\"attachment-medium size-medium\" alt=\"\" srcset=\"https:\/\/www.radiopiu.net\/wordpress\/wp-content\/uploads\/2024\/04\/8c837f2a-3254-4a38-9aa7-6098a42ae1f1-300x225.jpg 300w, https:\/\/www.radiopiu.net\/wordpress\/wp-content\/uploads\/2024\/04\/8c837f2a-3254-4a38-9aa7-6098a42ae1f1-1024x768.jpg 1024w, https:\/\/www.radiopiu.net\/wordpress\/wp-content\/uploads\/2024\/04\/8c837f2a-3254-4a38-9aa7-6098a42ae1f1-768x576.jpg 768w, https:\/\/www.radiopiu.net\/wordpress\/wp-content\/uploads\/2024\/04\/8c837f2a-3254-4a38-9aa7-6098a42ae1f1-1536x1152.jpg 1536w, https:\/\/www.radiopiu.net\/wordpress\/wp-content\/uploads\/2024\/04\/8c837f2a-3254-4a38-9aa7-6098a42ae1f1.jpg 2000w\" sizes=\"auto, (max-width: 300px) 100vw, 300px\" \/><\/a>\n\t\t\t\t<\/dt><\/dl><dl class='gallery-item'>\n\t\t\t\t<dt class='gallery-icon landscape'>\n\t\t\t\t\t<a class=\"rollover rollover-zoom dt-pswp-item\" title=\"6cc1e1c4-eb2f-40a6-8341-423b74fb8025\" data-dt-img-description=\"\" data-large_image_width=\"2000\" data-large_image_height=\"1500\"href='https:\/\/www.radiopiu.net\/wordpress\/wp-content\/uploads\/2024\/04\/6cc1e1c4-eb2f-40a6-8341-423b74fb8025.jpg'><img loading=\"lazy\" decoding=\"async\" width=\"300\" height=\"225\" src=\"https:\/\/www.radiopiu.net\/wordpress\/wp-content\/uploads\/2024\/04\/6cc1e1c4-eb2f-40a6-8341-423b74fb8025-300x225.jpg\" class=\"attachment-medium size-medium\" alt=\"\" srcset=\"https:\/\/www.radiopiu.net\/wordpress\/wp-content\/uploads\/2024\/04\/6cc1e1c4-eb2f-40a6-8341-423b74fb8025-300x225.jpg 300w, https:\/\/www.radiopiu.net\/wordpress\/wp-content\/uploads\/2024\/04\/6cc1e1c4-eb2f-40a6-8341-423b74fb8025-1024x768.jpg 1024w, https:\/\/www.radiopiu.net\/wordpress\/wp-content\/uploads\/2024\/04\/6cc1e1c4-eb2f-40a6-8341-423b74fb8025-768x576.jpg 768w, https:\/\/www.radiopiu.net\/wordpress\/wp-content\/uploads\/2024\/04\/6cc1e1c4-eb2f-40a6-8341-423b74fb8025-1536x1152.jpg 1536w, https:\/\/www.radiopiu.net\/wordpress\/wp-content\/uploads\/2024\/04\/6cc1e1c4-eb2f-40a6-8341-423b74fb8025.jpg 2000w\" sizes=\"auto, (max-width: 300px) 100vw, 300px\" \/><\/a>\n\t\t\t\t<\/dt><\/dl><dl class='gallery-item'>\n\t\t\t\t<dt class='gallery-icon landscape'>\n\t\t\t\t\t<a class=\"rollover rollover-zoom dt-pswp-item\" title=\"4951cb3e-d657-40ca-a970-364b39df3596\" data-dt-img-description=\"\" data-large_image_width=\"2000\" data-large_image_height=\"1500\"href='https:\/\/www.radiopiu.net\/wordpress\/wp-content\/uploads\/2024\/04\/4951cb3e-d657-40ca-a970-364b39df3596.jpg'><img loading=\"lazy\" decoding=\"async\" width=\"300\" height=\"225\" src=\"https:\/\/www.radiopiu.net\/wordpress\/wp-content\/uploads\/2024\/04\/4951cb3e-d657-40ca-a970-364b39df3596-300x225.jpg\" class=\"attachment-medium size-medium\" alt=\"\" srcset=\"https:\/\/www.radiopiu.net\/wordpress\/wp-content\/uploads\/2024\/04\/4951cb3e-d657-40ca-a970-364b39df3596-300x225.jpg 300w, https:\/\/www.radiopiu.net\/wordpress\/wp-content\/uploads\/2024\/04\/4951cb3e-d657-40ca-a970-364b39df3596-1024x768.jpg 1024w, https:\/\/www.radiopiu.net\/wordpress\/wp-content\/uploads\/2024\/04\/4951cb3e-d657-40ca-a970-364b39df3596-768x576.jpg 768w, https:\/\/www.radiopiu.net\/wordpress\/wp-content\/uploads\/2024\/04\/4951cb3e-d657-40ca-a970-364b39df3596-1536x1152.jpg 1536w, https:\/\/www.radiopiu.net\/wordpress\/wp-content\/uploads\/2024\/04\/4951cb3e-d657-40ca-a970-364b39df3596.jpg 2000w\" sizes=\"auto, (max-width: 300px) 100vw, 300px\" \/><\/a>\n\t\t\t\t<\/dt><\/dl><dl class='gallery-item'>\n\t\t\t\t<dt class='gallery-icon landscape'>\n\t\t\t\t\t<a class=\"rollover rollover-zoom dt-pswp-item\" title=\"8f4efced-4b14-4c5e-8982-f6ad8ab22449\" data-dt-img-description=\"\" data-large_image_width=\"2000\" data-large_image_height=\"1500\"href='https:\/\/www.radiopiu.net\/wordpress\/wp-content\/uploads\/2024\/04\/8f4efced-4b14-4c5e-8982-f6ad8ab22449.jpg'><img loading=\"lazy\" decoding=\"async\" width=\"300\" height=\"225\" src=\"https:\/\/www.radiopiu.net\/wordpress\/wp-content\/uploads\/2024\/04\/8f4efced-4b14-4c5e-8982-f6ad8ab22449-300x225.jpg\" class=\"attachment-medium size-medium\" alt=\"\" srcset=\"https:\/\/www.radiopiu.net\/wordpress\/wp-content\/uploads\/2024\/04\/8f4efced-4b14-4c5e-8982-f6ad8ab22449-300x225.jpg 300w, https:\/\/www.radiopiu.net\/wordpress\/wp-content\/uploads\/2024\/04\/8f4efced-4b14-4c5e-8982-f6ad8ab22449-1024x768.jpg 1024w, https:\/\/www.radiopiu.net\/wordpress\/wp-content\/uploads\/2024\/04\/8f4efced-4b14-4c5e-8982-f6ad8ab22449-768x576.jpg 768w, https:\/\/www.radiopiu.net\/wordpress\/wp-content\/uploads\/2024\/04\/8f4efced-4b14-4c5e-8982-f6ad8ab22449-1536x1152.jpg 1536w, https:\/\/www.radiopiu.net\/wordpress\/wp-content\/uploads\/2024\/04\/8f4efced-4b14-4c5e-8982-f6ad8ab22449.jpg 2000w\" sizes=\"auto, (max-width: 300px) 100vw, 300px\" \/><\/a>\n\t\t\t\t<\/dt><\/dl><br style=\"clear: both\" \/>\n\t\t\t<\/div>\n\n<p>&nbsp;<\/p>\n<p>&nbsp;<\/p>\n<\/div>\n<p>&nbsp;<\/p>\n<p>&nbsp;<\/p>\n<hr \/>\n<p>&nbsp;<\/p>\n<blockquote>\n<h3>LA RACCOLTA FONDI PER FIBROSI CISTICA<\/h3>\n<\/blockquote>\n<p data-block=\"true\" data-editor=\"avj4u\" data-offset-key=\"d3i0j-0-0\"><strong>BELLUNO<\/strong> Volontari in azione per la raccolta fondi Fibrosi Cistica, regalando dipladenie: 4 maggio Agordo e Parrocchie del Poi; 11 e 12 maggio Falcade e Caviola; 4 maggio Alpini Castion, Puos d&#8217;Alpago, Zoppe&#8217; di Cadore, Santo Stefano di Cadore, Belluno; 8 maggio Alpini Limana; Farra d&#8217;Alpago e Dosoledo, consegna porta a porta.<\/p>\n<hr \/>\n<h3><\/h3>\n<blockquote>\n<h3>PRATICHE FILOSOFICHE AL CIRCOLO CULTURALE TERRA DEI PADRI<\/h3>\n<\/blockquote>\n<p><strong>BELLUNO<\/strong> Il Circolo Culturale La Terra dei Padri APS, a Borgo Piave &#8211; Belluno, ospita un laboratorio di pratiche filosofiche aperto a tutti nel mese di maggio 2024. Condotti da Francesco Dematt\u00e8, ex docente di storia e filosofia nei Licei, i quattro incontri si concentreranno su Plotino, filosofo del III secolo d.C. Gli incontri si terranno ogni marted\u00ec, dal 7 al 28 maggio, dalle 18 alle 19 presso il circolo culturale. Per informazioni e iscrizioni contattare direttamente in sede, via email o telefonicamente.<\/p>\n<p>&nbsp;<\/p>\n<p>&nbsp;<\/p>\n<hr \/>\n<p>&nbsp;<\/p>\n<blockquote>\n<h3><strong>Play Dog: Una Giornata per Cani e Bambini al Parco Citt\u00e0 di Bologna<\/strong><\/h3>\n<\/blockquote>\n<p><strong>BELLUNO<\/strong> Domenica 5 maggio, l&#8217;Amministrazione, in collaborazione con LAV e APACA, organizza la prima edizione di Play Dog, una giornata dedicata alla socializzazione tra cani e bambini. L&#8217;evento, che si terr\u00e0 al Parco Citt\u00e0 di Bologna dalle 9.30 alle 12.30, proporr\u00e0 attivit\u00e0 interattive e laboratori guidati da educatori cinofili, promuovendo una convivenza consapevole e rispettosa tra l&#8217;uomo e il suo migliore amico a quattro zampe. La partecipazione \u00e8 gratuita e l&#8217;iscrizione avverr\u00e0 direttamente in loco.<\/p>\n<p>&nbsp;<\/p>\n<p>&nbsp;<\/p>\n<hr \/>\n<p>&nbsp;<\/p>\n<blockquote>\n<h2>1 MAGGIO A RIF DI AGORDO CON I &#8220;VENTENNI&#8221; BOCE DA RIF A 60 ANNI DALL&#8217;EDIFICAZIONE DELLA CHIESA<\/h2>\n<\/blockquote>\n<p>&nbsp;<\/p>\n<p><img loading=\"lazy\" decoding=\"async\" class=\"alignleft\" src=\"https:\/\/www.radiopiu.net\/wordpress\/wp-content\/uploads\/2024\/04\/Senza-nome-46.png\" width=\"204\" height=\"111\" \/><strong>AGORDO<\/strong> Primo maggio a Rif di Agordo, annuale appuntamenti di primavera. Quest&#8217;anno lass\u00f9 si festeggia il sessantesimo dall&#8217;inaugurazione della chiesa (dicembre 1964) e i vent&#8217;anni di impegno dei Boce da Rif, di questo e molto altro ne abbiamo parlato con la vulcanica Eva Olivier<\/p>\n<p>di mirko mezzacasa<\/p>\n<audio class=\"wp-audio-shortcode\" id=\"audio-387478-9\" preload=\"none\" style=\"width: 100%;\" controls=\"controls\"><source type=\"audio\/mpeg\" src=\"https:\/\/www.radiopiu.net\/wordpress\/wp-content\/uploads\/2024\/04\/eva-primo-maggio.mp3?_=9\" \/><a href=\"https:\/\/www.radiopiu.net\/wordpress\/wp-content\/uploads\/2024\/04\/eva-primo-maggio.mp3\">https:\/\/www.radiopiu.net\/wordpress\/wp-content\/uploads\/2024\/04\/eva-primo-maggio.mp3<\/a><\/audio>\n<p>&nbsp;<\/p>\n<hr \/>\n<p>&nbsp;<\/p>\n<h2><span style=\"color: #ff6600;\">ALLA RADIO\u00a0<\/span><\/h2>\n<h2><span style=\"color: #333399;\">LA RASSEGNA STAMPA DALL&#8217;AMICO DEL POPOLO<\/span><\/h2>\n<p><strong><a class=\"dt-pswp-item\" href=\"https:\/\/www.radiopiu.net\/wordpress\/wp-content\/uploads\/2020\/03\/AMICO-POPOLOpng.png\" data-dt-img-description=\"\" data-large_image_width=\"225\" data-large_image_height=\"225\"><img loading=\"lazy\" decoding=\"async\" class=\" wp-image-123043 alignleft\" src=\"https:\/\/www.radiopiu.net\/wordpress\/wp-content\/uploads\/2020\/03\/AMICO-POPOLOpng.png\" alt=\"\" width=\"130\" height=\"130\" srcset=\"https:\/\/www.radiopiu.net\/wordpress\/wp-content\/uploads\/2020\/03\/AMICO-POPOLOpng.png 225w, https:\/\/www.radiopiu.net\/wordpress\/wp-content\/uploads\/2020\/03\/AMICO-POPOLOpng-150x150.png 150w\" sizes=\"auto, (max-width: 130px) 100vw, 130px\" \/><\/a>DI GIANNI SANTOMASO<\/strong><\/p>\n<audio class=\"wp-audio-shortcode\" id=\"audio-387478-10\" preload=\"none\" style=\"width: 100%;\" controls=\"controls\"><source type=\"audio\/mpeg\" src=\"https:\/\/www.radiopiu.net\/wordpress\/wp-content\/uploads\/2024\/04\/RASSEGNA-GIANNI-4.mp3?_=10\" \/><a href=\"https:\/\/www.radiopiu.net\/wordpress\/wp-content\/uploads\/2024\/04\/RASSEGNA-GIANNI-4.mp3\">https:\/\/www.radiopiu.net\/wordpress\/wp-content\/uploads\/2024\/04\/RASSEGNA-GIANNI-4.mp3<\/a><\/audio>\n<p>&nbsp;<\/p>\n<h2><span style=\"color: #ffcc00;\">DUE MINUTI PER TE<\/span><\/h2>\n<p><strong><a class=\"dt-pswp-item\" href=\"https:\/\/www.radiopiu.net\/wordpress\/wp-content\/uploads\/2020\/12\/DON-GIORGIO-LISE.jpg\" data-dt-img-description=\"\" data-large_image_width=\"1600\" data-large_image_height=\"901\"><img loading=\"lazy\" decoding=\"async\" class=\" wp-image-177420 alignleft\" src=\"https:\/\/www.radiopiu.net\/wordpress\/wp-content\/uploads\/2020\/12\/DON-GIORGIO-LISE-300x169.jpg\" alt=\"\" width=\"183\" height=\"103\" srcset=\"https:\/\/www.radiopiu.net\/wordpress\/wp-content\/uploads\/2020\/12\/DON-GIORGIO-LISE-300x169.jpg 300w, https:\/\/www.radiopiu.net\/wordpress\/wp-content\/uploads\/2020\/12\/DON-GIORGIO-LISE-1024x577.jpg 1024w, https:\/\/www.radiopiu.net\/wordpress\/wp-content\/uploads\/2020\/12\/DON-GIORGIO-LISE-768x432.jpg 768w, https:\/\/www.radiopiu.net\/wordpress\/wp-content\/uploads\/2020\/12\/DON-GIORGIO-LISE-1536x865.jpg 1536w, https:\/\/www.radiopiu.net\/wordpress\/wp-content\/uploads\/2020\/12\/DON-GIORGIO-LISE.jpg 1600w\" sizes=\"auto, (max-width: 183px) 100vw, 183px\" \/><\/a>APPUNTAMENTO DELLA DOMENICA CON IL PENSIERO DI MONSIGNOR GIORGIO LISE<\/strong><\/p>\n<audio class=\"wp-audio-shortcode\" id=\"audio-387478-11\" preload=\"none\" style=\"width: 100%;\" controls=\"controls\"><source type=\"audio\/mpeg\" src=\"https:\/\/www.radiopiu.net\/wordpress\/wp-content\/uploads\/2024\/04\/DON-GIORGIO-3.mp3?_=11\" \/><a href=\"https:\/\/www.radiopiu.net\/wordpress\/wp-content\/uploads\/2024\/04\/DON-GIORGIO-3.mp3\">https:\/\/www.radiopiu.net\/wordpress\/wp-content\/uploads\/2024\/04\/DON-GIORGIO-3.mp3<\/a><\/audio>\n<p>&nbsp;<\/p>\n<h2><span style=\"color: #993300;\">GOODBYE BY BICICLE&#8230;UN VIAGGIO DALL&#8217;INDIA A SEREN DEL GRAPPA IN BICICLETTA<\/span><\/h2>\n<p><span style=\"color: #ff0000;\"><strong>PUNTATA 11 &#8211; NUOVE SCUOLA E CITTA&#8217; VISITATE. INTANTO SI PENSA AL RIENTRO IN ITALIA<\/strong><\/span><\/p>\n<audio class=\"wp-audio-shortcode\" id=\"audio-387478-12\" preload=\"none\" style=\"width: 100%;\" controls=\"controls\"><source type=\"audio\/mpeg\" src=\"https:\/\/www.radiopiu.net\/wordpress\/wp-content\/uploads\/2024\/04\/AIRE-INDIA-PUNTATA-11.mp3?_=12\" \/><a href=\"https:\/\/www.radiopiu.net\/wordpress\/wp-content\/uploads\/2024\/04\/AIRE-INDIA-PUNTATA-11.mp3\">https:\/\/www.radiopiu.net\/wordpress\/wp-content\/uploads\/2024\/04\/AIRE-INDIA-PUNTATA-11.mp3<\/a><\/audio>\n<p>&nbsp;<\/p>\n<p><strong>PER VISITARE I SITI DEI LUOGHI VISITATI, CLICCA SULLE SEGUENTI SCRITTE:\u00a0 <a href=\"https:\/\/maps.app.goo.gl\/ER7aKRRobXQKuFEJ6\"><span style=\"color: #3366ff;\">Kishan Bagh Sand Dunes Jaipur<\/span><\/a><\/strong><\/p>\n<p>&nbsp;<\/p>\n\n\t\t\t<style type='text\/css'>\n\t\t\t\t#gallery-5 {\n\t\t\t\t\tmargin: auto;\n\t\t\t\t}\n\t\t\t\t#gallery-5 .gallery-item {\n\t\t\t\t\tfloat: left;\n\t\t\t\t\tmargin-top: 10px;\n\t\t\t\t\ttext-align: center;\n\t\t\t\t\twidth: 20%;\n\t\t\t\t}\n\t\t\t\t#gallery-5 img {\n\t\t\t\t\tborder: 2px solid #cfcfcf;\n\t\t\t\t}\n\t\t\t\t#gallery-5 .gallery-caption {\n\t\t\t\t\tmargin-left: 0;\n\t\t\t\t}\n\t\t\t\t\/* see gallery_shortcode() in wp-includes\/media.php *\/\n\t\t\t<\/style>\n\t\t<div id='gallery-5' class='dt-gallery-container gallery galleryid-387478 gallery-columns-5 gallery-size-thumbnail'><dl class='gallery-item'>\n\t\t\t\t<dt class='gallery-icon landscape'>\n\t\t\t\t\t<a class=\"rollover rollover-zoom dt-pswp-item\" title=\"ac2da539-2484-499a-851a-df679cde1652\" data-dt-img-description=\"\" data-large_image_width=\"1600\" data-large_image_height=\"720\"href='https:\/\/www.radiopiu.net\/wordpress\/wp-content\/uploads\/2024\/04\/ac2da539-2484-499a-851a-df679cde1652.jpg'><img loading=\"lazy\" decoding=\"async\" width=\"150\" height=\"150\" src=\"https:\/\/www.radiopiu.net\/wordpress\/wp-content\/uploads\/2024\/04\/ac2da539-2484-499a-851a-df679cde1652-150x150.jpg\" class=\"attachment-thumbnail size-thumbnail\" alt=\"\" \/><\/a>\n\t\t\t\t<\/dt><\/dl><dl class='gallery-item'>\n\t\t\t\t<dt class='gallery-icon landscape'>\n\t\t\t\t\t<a class=\"rollover rollover-zoom dt-pswp-item\" title=\"49d152e1-64f8-4185-b03e-faab25849814\" data-dt-img-description=\"\" data-large_image_width=\"1600\" data-large_image_height=\"1200\"href='https:\/\/www.radiopiu.net\/wordpress\/wp-content\/uploads\/2024\/04\/49d152e1-64f8-4185-b03e-faab25849814.jpg'><img loading=\"lazy\" decoding=\"async\" width=\"150\" height=\"150\" src=\"https:\/\/www.radiopiu.net\/wordpress\/wp-content\/uploads\/2024\/04\/49d152e1-64f8-4185-b03e-faab25849814-150x150.jpg\" class=\"attachment-thumbnail size-thumbnail\" alt=\"\" \/><\/a>\n\t\t\t\t<\/dt><\/dl><dl class='gallery-item'>\n\t\t\t\t<dt class='gallery-icon landscape'>\n\t\t\t\t\t<a class=\"rollover rollover-zoom dt-pswp-item\" title=\"e605888f-556c-4450-981f-cbcfe50a598f\" data-dt-img-description=\"\" data-large_image_width=\"1600\" data-large_image_height=\"1200\"href='https:\/\/www.radiopiu.net\/wordpress\/wp-content\/uploads\/2024\/04\/e605888f-556c-4450-981f-cbcfe50a598f.jpg'><img loading=\"lazy\" decoding=\"async\" width=\"150\" height=\"150\" src=\"https:\/\/www.radiopiu.net\/wordpress\/wp-content\/uploads\/2024\/04\/e605888f-556c-4450-981f-cbcfe50a598f-150x150.jpg\" class=\"attachment-thumbnail size-thumbnail\" alt=\"\" \/><\/a>\n\t\t\t\t<\/dt><\/dl><dl class='gallery-item'>\n\t\t\t\t<dt class='gallery-icon portrait'>\n\t\t\t\t\t<a class=\"rollover rollover-zoom dt-pswp-item\" title=\"78865afc-df05-4f89-8db5-0b1dee6a06c2\" data-dt-img-description=\"\" data-large_image_width=\"1200\" data-large_image_height=\"1600\"href='https:\/\/www.radiopiu.net\/wordpress\/wp-content\/uploads\/2024\/04\/78865afc-df05-4f89-8db5-0b1dee6a06c2.jpg'><img loading=\"lazy\" decoding=\"async\" width=\"150\" height=\"150\" src=\"https:\/\/www.radiopiu.net\/wordpress\/wp-content\/uploads\/2024\/04\/78865afc-df05-4f89-8db5-0b1dee6a06c2-150x150.jpg\" class=\"attachment-thumbnail size-thumbnail\" alt=\"\" \/><\/a>\n\t\t\t\t<\/dt><\/dl><dl class='gallery-item'>\n\t\t\t\t<dt class='gallery-icon portrait'>\n\t\t\t\t\t<a class=\"rollover rollover-zoom dt-pswp-item\" title=\"dee0e315-865e-403c-ac35-f0a495bceac3\" data-dt-img-description=\"\" data-large_image_width=\"964\" data-large_image_height=\"1280\"href='https:\/\/www.radiopiu.net\/wordpress\/wp-content\/uploads\/2024\/04\/dee0e315-865e-403c-ac35-f0a495bceac3.jpg'><img loading=\"lazy\" decoding=\"async\" width=\"150\" height=\"150\" src=\"https:\/\/www.radiopiu.net\/wordpress\/wp-content\/uploads\/2024\/04\/dee0e315-865e-403c-ac35-f0a495bceac3-150x150.jpg\" class=\"attachment-thumbnail size-thumbnail\" alt=\"\" \/><\/a>\n\t\t\t\t<\/dt><\/dl><br style=\"clear: both\" \/>\n\t\t\t<\/div>\n\n<p>&nbsp;<\/p>\n<h2>LA RACCOLTA COMPLETA <a href=\"https:\/\/www.radiopiu.net\/wordpress\/goodbye-by-bicicle-un-viaggio-dallindia-a-seren-del-grappa-in-bicicletta-11\/\"><span style=\"color: #3366ff;\">CLICCA QUI<\/span><\/a><\/h2>\n<p>&nbsp;<\/p>\n<p>&nbsp;<\/p>\n<hr \/>\n<p>&nbsp;<\/p>\n<h2><span style=\"color: #ff0000;\"><a class=\"dt-pswp-item\" href=\"https:\/\/www.radiopiu.net\/wordpress\/wp-content\/uploads\/2018\/09\/appuntamenti.jpeg\" data-dt-img-description=\"\" data-large_image_width=\"800\" data-large_image_height=\"100\"><img loading=\"lazy\" decoding=\"async\" class=\"wp-image-61958 size-full aligncenter\" src=\"https:\/\/www.radiopiu.net\/wordpress\/wp-content\/uploads\/2018\/09\/appuntamenti.jpeg\" alt=\"\" width=\"800\" height=\"100\" srcset=\"https:\/\/www.radiopiu.net\/wordpress\/wp-content\/uploads\/2018\/09\/appuntamenti.jpeg 800w, https:\/\/www.radiopiu.net\/wordpress\/wp-content\/uploads\/2018\/09\/appuntamenti-300x38.jpeg 300w, https:\/\/www.radiopiu.net\/wordpress\/wp-content\/uploads\/2018\/09\/appuntamenti-768x96.jpeg 768w\" sizes=\"auto, (max-width: 800px) 100vw, 800px\" \/><\/a><\/span><\/h2>\n<div>\n<div class=\"\" dir=\"auto\">\n<div id=\":r9h:\" class=\"x1iorvi4 x1pi30zi x1l90r2v x1swvt13\" data-ad-comet-preview=\"message\" data-ad-preview=\"message\">\n<p>&nbsp;<\/p>\n<p>&nbsp;<\/p>\n<div class=\"x78zum5 xdt5ytf xz62fqu x16ldp7u\">\n<div class=\"xu06os2 x1ok221b\">\n\n\t\t\t<style type='text\/css'>\n\t\t\t\t#gallery-6 {\n\t\t\t\t\tmargin: auto;\n\t\t\t\t}\n\t\t\t\t#gallery-6 .gallery-item {\n\t\t\t\t\tfloat: left;\n\t\t\t\t\tmargin-top: 10px;\n\t\t\t\t\ttext-align: center;\n\t\t\t\t\twidth: 50%;\n\t\t\t\t}\n\t\t\t\t#gallery-6 img {\n\t\t\t\t\tborder: 2px solid #cfcfcf;\n\t\t\t\t}\n\t\t\t\t#gallery-6 .gallery-caption {\n\t\t\t\t\tmargin-left: 0;\n\t\t\t\t}\n\t\t\t\t\/* see gallery_shortcode() in wp-includes\/media.php *\/\n\t\t\t<\/style>\n\t\t<div id='gallery-6' class='dt-gallery-container gallery galleryid-387478 gallery-columns-2 gallery-size-thumbnail'><dl class='gallery-item'>\n\t\t\t\t<dt class='gallery-icon portrait'>\n\t\t\t\t\t<a class=\"rollover rollover-zoom dt-pswp-item\" title=\"437146738_2577149032445332_1917642300626249383_n\" data-dt-img-description=\"\" data-large_image_width=\"509\" data-large_image_height=\"720\"href='https:\/\/www.radiopiu.net\/wordpress\/wp-content\/uploads\/2024\/04\/437146738_2577149032445332_1917642300626249383_n.jpg'><img loading=\"lazy\" decoding=\"async\" width=\"150\" height=\"150\" src=\"https:\/\/www.radiopiu.net\/wordpress\/wp-content\/uploads\/2024\/04\/437146738_2577149032445332_1917642300626249383_n-150x150.jpg\" class=\"attachment-thumbnail size-thumbnail\" alt=\"\" aria-describedby=\"gallery-6-387164\" \/><\/a>\n\t\t\t\t<\/dt>\n\t\t\t\t\t<dd class='wp-caption-text gallery-caption' id='gallery-6-387164'>\n\t\t\t\t\tDA VENERDI 3 MAGGIO VIA AL MAGGIO AGORDINO CON I PERITI MINERARI\n\t\t\t\t\t<\/dd><\/dl><dl class='gallery-item'>\n\t\t\t\t<dt class='gallery-icon portrait'>\n\t\t\t\t\t<a class=\"rollover rollover-zoom dt-pswp-item\" title=\"6badf9cc-acc8-4d12-a4f1-ee6f808c9e5e\" data-dt-img-description=\"\" data-large_image_width=\"1131\" data-large_image_height=\"1600\"href='https:\/\/www.radiopiu.net\/wordpress\/wp-content\/uploads\/2024\/04\/6badf9cc-acc8-4d12-a4f1-ee6f808c9e5e.jpg'><img loading=\"lazy\" decoding=\"async\" width=\"150\" height=\"150\" src=\"https:\/\/www.radiopiu.net\/wordpress\/wp-content\/uploads\/2024\/04\/6badf9cc-acc8-4d12-a4f1-ee6f808c9e5e-150x150.jpg\" class=\"attachment-thumbnail size-thumbnail\" alt=\"\" aria-describedby=\"gallery-6-387233\" \/><\/a>\n\t\t\t\t<\/dt>\n\t\t\t\t\t<dd class='wp-caption-text gallery-caption' id='gallery-6-387233'>\n\t\t\t\t\tLA FESTA CON IL DISTRETTO VENATORIO AGORDINO A SAN TOMASO\n\t\t\t\t\t<\/dd><\/dl><br style=\"clear: both\" \/>\n\t\t\t<\/div>\n\n<\/div>\n<\/div>\n<\/div>\n<\/div>\n<\/div>\n<p>&nbsp;<\/p>\n<h2><\/h2>\n<p><strong>AGORDO<\/strong> MAGGIO AGORDINO, CONOSCERE IL TERRITORIO, CON L&#8217;ASSOCIAZIONE PERITI MINERARI DI AGORDO QUATTRO APPUNTAMENTI, PER QUATTRO VENERDI ALLE 20.30 IN SALA DON TAMIS, AD AGORDO, CON INGRESSO LIBERO A TUTTI VENERDI 3 MAGGIO GEOLOGIA DELLE DOLOMITI,&#8221;MONTAGNE PIU&#8217; MERAVIGLIOSE DELLA TERRA&#8221; professor Danilo Giordano VENERDI 10 MAGGIO UNA SERATA TRA I BOSCHI CHE CAMBIANO, I BOSCHI DELLE DOLOMITI professor Luca Canzan VENERDI 17 MAGGIO LA METEOLOROGIA ALPINA, UN UNIVERSO SFACETTATO QUANTO LA MONTAGNA STESSA con il dottor Robert Thierry Luciani VENERDI 24 MAGGIO ENERGIA E AMBIENTE DI MONTAGNA con l&#8217;ingegner Adriano Luchetta MAGGIO AGORDINO&#8230; CON L&#8217;APIM, I VENERDI DI SERA IN SALA DON TAMIS<\/p>\n<p><strong>AGORDO<\/strong> Al termine del 26esimo anno accademico 23-24 intervento del giornalista Francesco Jori con la relazione conclusiva &#8220;Marco Polo la vita \u00e8 viaggio, sette secoli fa&#8221;. Martedi 30 aprile alle 15 in sala Don Tamis<\/p>\n<p><strong>SAN TOMASO<\/strong> \u00a0Il distretto venatorio agordino ti invita domenica 5 maggio dalle 9 a sera, all&#8217;Arena 1082 di San Tomaso Agordino, per la festa del cacciatore agordino. Alle 9 la messa accompagnata dai suonatori di corno da caccia, alle 10 l&#8217;incontro con la popolazione, premiazioni dei soci anziani e dei migliori trofei d&#8217;annata. ALLE 11 Esibizione folk con i Bati Orz de San Tomas. Dalle 12 cucina tipica con prodotti di selvaggina, complesso folk-tirol Spritz Band&#8230;ed estrazione biglietti della lotteria. Servizio bar e ristoro, nell&#8217;Arena diorama della fauna e ambiente alpino, attrezzatura venatoria prodotti d&#8217;artigianato e rassegna di pittori.<\/p>\n<p><strong>BELLUNO<\/strong> Domenica 5 maggio si svolger\u00e0 il Trofeo del Donatore 2024 con partenza presso il campo sportivo di Tisoi &#8220;Giuseppe Viel&#8221;. Sono previsti due percorsi: uno lungo di 10 km al costo di 10\u20ac e uno corto di 4 km a 5\u20ac. Saranno premiati i primi 5 classificati maschili e femminili del percorso lungo, il primo donatore e la prima donatrice. Per il percorso corto, ci saranno premi per fasce di et\u00e0 fino a 15 anni e per i primi due gruppi pi\u00f9 numerosi. Tutti i partecipanti riceveranno gadget. Le preiscrizioni sono disponibili su <a href=\"https:\/\/www.eventbrite.it\/e\/873628084117?aff=oddtdtcreator\"><span style=\"color: #3366ff;\">Eventbrite<\/span><\/a>. Le gare inizieranno alle ore 9.45 e ci saranno spogliatoi presso il campo sportivo. Dopo le gare, ci sar\u00e0 il Pranzo del Donatore a partire dalle 12.00 con schiz, pasta, salsiccia, formaggio alla piastra, contorni e allegria.<\/p>\n<p>&nbsp;<\/p>\n<h2><span style=\"color: #ff0000;\">PROSSIMAMENTE<\/span><\/h2>\n<p>&nbsp;<\/p>\n<hr \/>\n<p>&nbsp;<\/p>\n<blockquote class=\"wp-embedded-content\" data-secret=\"75ubpfcrYo\"><p><a href=\"https:\/\/www.radiopiu.net\/wordpress\/piu-siamo-con-marina-settimana-dal-22-al-26-aprile-2024\/\">PIU&#8217; SIAMO&#8230;.. CON MARINA &#8211; SETTIMANA DAL 22 AL 26 APRILE 2024<\/a><\/p><\/blockquote>\n<p><iframe loading=\"lazy\" class=\"wp-embedded-content\" sandbox=\"allow-scripts\" security=\"restricted\" style=\"position: absolute; clip: rect(1px, 1px, 1px, 1px);\" title=\"&#8220;PIU&#8217; SIAMO&#8230;.. CON MARINA &#8211; SETTIMANA DAL 22 AL 26 APRILE 2024&#8221; &#8212; Radio Pi\u00f9\" src=\"https:\/\/www.radiopiu.net\/wordpress\/piu-siamo-con-marina-settimana-dal-22-al-26-aprile-2024\/embed\/#?secret=COMN67aUYN#?secret=75ubpfcrYo\" data-secret=\"75ubpfcrYo\" width=\"600\" height=\"338\" frameborder=\"0\" marginwidth=\"0\" marginheight=\"0\" scrolling=\"no\"><\/iframe><\/p>\n<p>&nbsp;<\/p>\n<hr \/>\n<p>&nbsp;<\/p>\n<p><a class=\"dt-pswp-item\" href=\"https:\/\/www.radiopiu.net\/wordpress\/wp-content\/uploads\/2018\/09\/viabilita.jpeg\" data-dt-img-description=\"\" data-large_image_width=\"800\" data-large_image_height=\"100\"><img loading=\"lazy\" decoding=\"async\" class=\"aligncenter wp-image-61954 size-full\" src=\"https:\/\/www.radiopiu.net\/wordpress\/wp-content\/uploads\/2018\/09\/viabilita.jpeg\" alt=\"\" width=\"800\" height=\"100\" srcset=\"https:\/\/www.radiopiu.net\/wordpress\/wp-content\/uploads\/2018\/09\/viabilita.jpeg 800w, https:\/\/www.radiopiu.net\/wordpress\/wp-content\/uploads\/2018\/09\/viabilita-300x38.jpeg 300w, https:\/\/www.radiopiu.net\/wordpress\/wp-content\/uploads\/2018\/09\/viabilita-768x96.jpeg 768w\" sizes=\"auto, (max-width: 800px) 100vw, 800px\" \/><\/a><\/p>\n<p>&nbsp;<\/p>\n<p><a class=\"dt-pswp-item\" href=\"https:\/\/www.radiopiu.net\/wordpress\/wp-content\/uploads\/2023\/12\/botol-car-service.jpg\" data-dt-img-description=\"\" data-large_image_width=\"600\" data-large_image_height=\"600\"><img loading=\"lazy\" decoding=\"async\" class=\"size-medium wp-image-367044 aligncenter\" src=\"https:\/\/www.radiopiu.net\/wordpress\/wp-content\/uploads\/2023\/12\/botol-car-service-300x300.jpg\" alt=\"\" width=\"300\" height=\"300\" srcset=\"https:\/\/www.radiopiu.net\/wordpress\/wp-content\/uploads\/2023\/12\/botol-car-service-300x300.jpg 300w, https:\/\/www.radiopiu.net\/wordpress\/wp-content\/uploads\/2023\/12\/botol-car-service-150x150.jpg 150w, https:\/\/www.radiopiu.net\/wordpress\/wp-content\/uploads\/2023\/12\/botol-car-service.jpg 600w\" sizes=\"auto, (max-width: 300px) 100vw, 300px\" \/><\/a><\/p>\n<p>&nbsp;<\/p>\n<p>&nbsp;<\/p>\n<h1>BOLLETTINO QUOTIDIANO, CLICCA QUI<\/h1>\n<blockquote class=\"wp-embedded-content\" data-secret=\"hn4Mdrrw9a\"><p><a href=\"https:\/\/www.radiopiu.net\/wordpress\/viabilita\/\">viabilita<\/a><\/p><\/blockquote>\n<p><iframe loading=\"lazy\" class=\"wp-embedded-content\" sandbox=\"allow-scripts\" security=\"restricted\" style=\"position: absolute; clip: rect(1px, 1px, 1px, 1px);\" title=\"&#8220;viabilita&#8221; &#8212; Radio Pi\u00f9\" src=\"https:\/\/www.radiopiu.net\/wordpress\/viabilita\/embed\/#?secret=ObkERnERGg#?secret=hn4Mdrrw9a\" data-secret=\"hn4Mdrrw9a\" width=\"600\" height=\"338\" frameborder=\"0\" marginwidth=\"0\" marginheight=\"0\" scrolling=\"no\"><\/iframe><\/p>\n<p>&nbsp;<\/p>\n<p>&nbsp;<\/p>\n<p>&nbsp;<\/p>\n<hr \/>\n<p>&nbsp;<\/p>\n<p><a class=\"dt-pswp-item\" href=\"https:\/\/www.radiopiu.net\/wordpress\/wp-content\/uploads\/2018\/09\/WhatsApp-Image-2018-09-20-at-16.04.06.jpeg\" data-dt-img-description=\"\" data-large_image_width=\"800\" data-large_image_height=\"100\"><img loading=\"lazy\" decoding=\"async\" class=\"wp-image-61378 size-full aligncenter\" src=\"https:\/\/www.radiopiu.net\/wordpress\/wp-content\/uploads\/2018\/09\/WhatsApp-Image-2018-09-20-at-16.04.06.jpeg\" alt=\"\" width=\"800\" height=\"100\" srcset=\"https:\/\/www.radiopiu.net\/wordpress\/wp-content\/uploads\/2018\/09\/WhatsApp-Image-2018-09-20-at-16.04.06.jpeg 800w, https:\/\/www.radiopiu.net\/wordpress\/wp-content\/uploads\/2018\/09\/WhatsApp-Image-2018-09-20-at-16.04.06-300x38.jpeg 300w, https:\/\/www.radiopiu.net\/wordpress\/wp-content\/uploads\/2018\/09\/WhatsApp-Image-2018-09-20-at-16.04.06-768x96.jpeg 768w\" sizes=\"auto, (max-width: 800px) 100vw, 800px\" \/><\/a><\/p>\n<p><center><\/center><center><\/center><center><\/center><center><\/center><center><\/center><center><\/center>&nbsp;<\/p>\n<p><center><\/center><center><\/center><center><b>OGGI<\/b><\/center>Tempo buono, ben soleggiato con cielo sereno, eccetto velature del cielo per sottili nubi alte all&#8217;alba sulle Dolomiti.<br \/>\n<b>Precipitazioni: <\/b>Assenti<br \/>\n<b>Temperature: <\/b>In generale aumento, salvo calo delle minime nelle valli per irraggiamento notturno.<\/p>\n<hr \/>\n<p><center><b>DOMANI<\/b><\/center>Al mattino sole e cielo sereno. Al pomeriggio temporaneo transito di sottili velature, ma senza grandi effetti e il cielo torner\u00e0 ben presto a rasserenarsi.<br \/>\n<b>Precipitazioni: <\/b>Assenti (0%).<br \/>\n<b>Temperature: <\/b>Senza notevoli variazioni rispetto a luned\u00ec, salvo lievissimo aumento delle minime nelle valli e calo delle stesse sulle cime pi\u00f9 alte.<\/p>\n<hr \/>\n<p><center><b>MERCOLEDI<\/b><\/center>Primi annuvolamenti stratiformi e qualche residua schiarita al mattino, poi crescente nuvolosit\u00e0, anche per addensamenti, prima che il tempo peggiori dalle ore centrali in poi, diventando instabile con precipitazioni via via pi\u00f9 diffuse, anche a carattere di rovescio. Temperature in generale diminuzione, salvo aumento delle minime nelle valli.<\/p>\n<hr \/>\n<p><center><b>GIOVEDI<\/b><\/center>Tempo leggermente perturbato, a tratti instabile, con cielo da irregolarmente a molto nuvoloso associato a precipitazioni sparse, anche per rovescio o temporali. Temperature in generale diminuzione e osservate alla sera in alta quota, mentre nelle valli le minime saranno in lieve rialzo.<\/p>\n<p>&nbsp;<\/p>\n<p>&nbsp;<\/p>\n<p>&nbsp;<\/p>\n<hr \/>\n<p>&nbsp;<\/p>\n<p><img loading=\"lazy\" decoding=\"async\" class=\"wp-image-60761 size-full aligncenter\" src=\"https:\/\/www.radiopiu.net\/wordpress\/wp-content\/uploads\/2018\/09\/sport.jpg\" alt=\"\" width=\"800\" height=\"100\" srcset=\"https:\/\/www.radiopiu.net\/wordpress\/wp-content\/uploads\/2018\/09\/sport.jpg 800w, https:\/\/www.radiopiu.net\/wordpress\/wp-content\/uploads\/2018\/09\/sport-300x38.jpg 300w, https:\/\/www.radiopiu.net\/wordpress\/wp-content\/uploads\/2018\/09\/sport-768x96.jpg 768w\" sizes=\"auto, (max-width: 800px) 100vw, 800px\" \/><\/p>\n<p>&nbsp;<\/p>\n<p><span style=\"color: #0000ff;\"><strong>CALCIO<\/strong><\/span><\/p>\n<blockquote>\n<h3>L&#8217;AGORDINA CALA IL POKER AL CADORE, IL PIAVE CROLLA CON IL GEMELLE<\/h3>\n<\/blockquote>\n<p><strong><a class=\"dt-pswp-item\" href=\"https:\/\/www.radiopiu.net\/wordpress\/wp-content\/uploads\/2024\/04\/a6b0c345-74c1-4916-9252-3c2d0492e80f.jpg\" data-dt-img-description=\"\" data-large_image_width=\"2048\" data-large_image_height=\"1536\"><img loading=\"lazy\" decoding=\"async\" class=\" wp-image-387632 alignleft\" src=\"https:\/\/www.radiopiu.net\/wordpress\/wp-content\/uploads\/2024\/04\/a6b0c345-74c1-4916-9252-3c2d0492e80f-300x225.jpg\" alt=\"\" width=\"194\" height=\"145\" srcset=\"https:\/\/www.radiopiu.net\/wordpress\/wp-content\/uploads\/2024\/04\/a6b0c345-74c1-4916-9252-3c2d0492e80f-300x225.jpg 300w, https:\/\/www.radiopiu.net\/wordpress\/wp-content\/uploads\/2024\/04\/a6b0c345-74c1-4916-9252-3c2d0492e80f-1024x768.jpg 1024w, https:\/\/www.radiopiu.net\/wordpress\/wp-content\/uploads\/2024\/04\/a6b0c345-74c1-4916-9252-3c2d0492e80f-768x576.jpg 768w, https:\/\/www.radiopiu.net\/wordpress\/wp-content\/uploads\/2024\/04\/a6b0c345-74c1-4916-9252-3c2d0492e80f-1536x1152.jpg 1536w, https:\/\/www.radiopiu.net\/wordpress\/wp-content\/uploads\/2024\/04\/a6b0c345-74c1-4916-9252-3c2d0492e80f.jpg 2048w\" sizes=\"auto, (max-width: 194px) 100vw, 194px\" \/><\/a>DI MARCO GAZ<\/strong><\/p>\n<p><span style=\"color: #ff0000;\"><strong>TERZA CATEGORIA<\/strong><\/span><\/p>\n<p><strong>AGORDINA \u2013 CADORE 4-0<\/strong><\/p>\n<p>GOL AGORDINA: Tirabeni, Mezzacasa, 2 Crepaz<\/p>\n<p>Tutto facile per l\u2019Agordina che cala il poker contro il fanalino di coda della terza Categoria, il Cadore. Match a senso unico all\u2019Ivano Dorigo di Agordo con gli agordini che passano subito in vantaggio e chiudono la sfida nella ripresa. Il Cadore non fa un tiro in porta e i padroni di casa gesticono al meglio la partita facendosi annulare anche un gol ad inizio secondo tempo. Tirabeni apre le marcature al 15\u2019 dopo che Miana aveva colpito un palo con un tiro dalla distanza. Continuano a spingere gli uomini di Chiea che pero non riescono a trovare la seconda rete della giornata. Nella ripresa Casera e Mezzacasa si fanno pericolosi. Selle si fa annullare un gol ma Mezzacasa riesce a rimediare andando a segno dopo un contropiede. Al 75\u2019 la terza rete agordina a firma di crepaz che ruba palla al portiere e calcia in porta. A chiudere definitivamente la sfida ci pensa di nuovo Crepaz che mette la firma alla doppietta personale.<\/p>\n<p><strong>PIAVE \u2013 GEMELLE 0-2<\/strong><\/p>\n<p>Il Piave non brilla contro la capolista Gemelle. La squadra di Borgo Valbelluna vince e mantiene salda la prima posizione in classifica. Tre punti importanti per il Gemelle che rimane sempre a una vittoria di distanza dal Domegge secondo della classe.<\/p>\n<p><strong>LA CLASSIFICA DELLA TERZA CATEGORIA:<\/strong> Gemelle 48, Domegge 45, San Vittore 40, Auronzo 39, Fortogna\u00a0 38, Alpes Cesio e Valzoldana 36, Agordina 35, Dynamo Vellai 33, Piave 22, Tambre 19, Cortina 17, Lamonese 16, Cadore 6<\/p>\n<p><span style=\"color: #008080;\"><strong>GIOVANILI AGORDINA<\/strong><\/span><\/p>\n<p><span style=\"color: #ff0000;\"><strong>JUNIORES<\/strong><\/span><\/p>\n<p><strong>CAMPIONATO TERMINATO. AGORDINA CHE CHIUDE LA STAGIONE AL TERZO POSTO<\/strong><\/p>\n<p><span style=\"color: #ff0000;\"><strong>ALLIEVI <\/strong><\/span><\/p>\n<p><strong>AGORDINA \u2013 PLAVIS 5-0<\/strong><\/p>\n<p>L\u2019Agordina rimane in corsa per la vittoria del campionato Allievi Provinciale e lo fa grazie ad un ottimo risultato attenuto a La Valle contro la Plavis. Una partita a senso unico con i ragazzi di Agordo che rifilano una manita agli avversari. Tutto inizia con un autogol degli ospiti e subito dopo l\u2019Agordina chiude la sfida con una doppietta di Zasso. Ganz cala il poker nella ripresa e Zasso mette la firma alla tripletta di giornata.<\/p>\n<p><span style=\"color: #ff0000;\"><strong>GIOVANISSIMI<\/strong><\/span><\/p>\n<p><strong>AGORDINA SQ.A \u2013 AGORDINA SQ.B 6-0<\/strong><\/p>\n<p>Termina con un punteggio tennistico il derby casalingo tra le due squadre dell\u2019Agordina Calcio. La squadra A fa un sol boccone della squadra B rifilando 6 gol ai cuginetti e rimanendo in corsa per le prime posizioni della classifica. Squadra B che invece non ha pi\u00f9 nulla da chiedere alla stagione.<\/p>\n<p>&nbsp;<\/p>\n<p><span style=\"color: #0000ff;\"><strong>HOCKEY SU GHIACCIO<\/strong><\/span><\/p>\n<blockquote>\n<h3>MARCO SCAPINELLO NON E&#8217; PIU&#8217; L&#8217;ALLENATORE DELLE CIVETTE<\/h3>\n<\/blockquote>\n<p><strong><a class=\"dt-pswp-item\" href=\"https:\/\/www.radiopiu.net\/wordpress\/wp-content\/uploads\/2024\/04\/70a14170-7c2e-4052-ae8c-ee77442cf717.jpg\" data-dt-img-description=\"\" data-large_image_width=\"1600\" data-large_image_height=\"1213\"><img loading=\"lazy\" decoding=\"async\" class=\" wp-image-387475 alignleft\" src=\"https:\/\/www.radiopiu.net\/wordpress\/wp-content\/uploads\/2024\/04\/70a14170-7c2e-4052-ae8c-ee77442cf717-300x227.jpg\" alt=\"\" width=\"128\" height=\"97\" srcset=\"https:\/\/www.radiopiu.net\/wordpress\/wp-content\/uploads\/2024\/04\/70a14170-7c2e-4052-ae8c-ee77442cf717-300x227.jpg 300w, https:\/\/www.radiopiu.net\/wordpress\/wp-content\/uploads\/2024\/04\/70a14170-7c2e-4052-ae8c-ee77442cf717-1024x776.jpg 1024w, https:\/\/www.radiopiu.net\/wordpress\/wp-content\/uploads\/2024\/04\/70a14170-7c2e-4052-ae8c-ee77442cf717-768x582.jpg 768w, https:\/\/www.radiopiu.net\/wordpress\/wp-content\/uploads\/2024\/04\/70a14170-7c2e-4052-ae8c-ee77442cf717-1536x1164.jpg 1536w, https:\/\/www.radiopiu.net\/wordpress\/wp-content\/uploads\/2024\/04\/70a14170-7c2e-4052-ae8c-ee77442cf717.jpg 1600w\" sizes=\"auto, (max-width: 128px) 100vw, 128px\" \/><\/a>ALLEGHE<\/strong> L\u2019Alleghe Hockey comunica che per la prossima stagione sportiva, Marco Scapinello non sar\u00e0 pi\u00f9 l\u2019Allenatore della squadra senior. La Societ\u00e0 ringrazia Marco per il lavoro svolto con passione e dedizione, nonch\u00e9 per l\u2019impegno e la professionalit\u00e0 che hanno permesso alla squadra biancorossa di qualificarsi ai playoff e arrivare ad un passo dalla final four di Coppa Italia. L\u2019Alleghe Hockey \u00e8 grata a Marco e gli augura i migliori auspici personali e lavorativi.<\/p>\n<p>&nbsp;<\/p>\n<p><span style=\"color: #0000ff;\"><strong>PALLAVOLO<\/strong><\/span><\/p>\n<blockquote>\n<h3>DOPPIA VITTORIA PER LA PALLAVOLO BELLUNO FEMMINILE<\/h3>\n<\/blockquote>\n<p><span style=\"color: #ff0000;\"><strong><a class=\"dt-pswp-item\" href=\"https:\/\/www.radiopiu.net\/wordpress\/wp-content\/uploads\/2024\/04\/Serie_C_autoritaria_ad_Abano.jpg\" data-dt-img-description=\"\" data-large_image_width=\"1280\" data-large_image_height=\"853\"><img loading=\"lazy\" decoding=\"async\" class=\" wp-image-387577 alignleft\" src=\"https:\/\/www.radiopiu.net\/wordpress\/wp-content\/uploads\/2024\/04\/Serie_C_autoritaria_ad_Abano-300x200.jpg\" alt=\"\" width=\"153\" height=\"102\" srcset=\"https:\/\/www.radiopiu.net\/wordpress\/wp-content\/uploads\/2024\/04\/Serie_C_autoritaria_ad_Abano-300x200.jpg 300w, https:\/\/www.radiopiu.net\/wordpress\/wp-content\/uploads\/2024\/04\/Serie_C_autoritaria_ad_Abano-1024x682.jpg 1024w, https:\/\/www.radiopiu.net\/wordpress\/wp-content\/uploads\/2024\/04\/Serie_C_autoritaria_ad_Abano-768x512.jpg 768w, https:\/\/www.radiopiu.net\/wordpress\/wp-content\/uploads\/2024\/04\/Serie_C_autoritaria_ad_Abano.jpg 1280w\" sizes=\"auto, (max-width: 153px) 100vw, 153px\" \/><\/a>SERIE C<\/strong><\/span><\/p>\n<p><b>ODV THERMAL- BELLUNO VOLLEY 0-3 (<\/b><strong>19-25, 17-25, 23-25)<\/strong><\/p>\n<p>Belluno\u00a0 di serie C non si concede distrazioni. E, ad Abano Terme, conclude nel migliore dei modi una regular season da incorniciare, come testimoniano le 15 vittorie in 18 partite e il conseguente secondo posto, alle spalle della capolista Asolo. Nella tana dell\u2019Odv Thermal, il Belluno sfodera una prestazione solida e impastata di concretezza: il miglior viatico in vista dei playoff. A questo proposito, Il primo ostacolo, lungo la strada dei playoff di serie C femminile, si chiama Team Volley 2007 Galliera Veneta<\/p>\n<p><span style=\"color: #ff0000;\"><strong><a class=\"dt-pswp-item\" href=\"https:\/\/www.radiopiu.net\/wordpress\/wp-content\/uploads\/2024\/04\/Serie_D_battuto_Arzerello.jpg\" data-dt-img-description=\"\" data-large_image_width=\"800\" data-large_image_height=\"400\"><img loading=\"lazy\" decoding=\"async\" class=\" wp-image-387578 alignright\" src=\"https:\/\/www.radiopiu.net\/wordpress\/wp-content\/uploads\/2024\/04\/Serie_D_battuto_Arzerello-300x150.jpg\" alt=\"\" width=\"224\" height=\"112\" srcset=\"https:\/\/www.radiopiu.net\/wordpress\/wp-content\/uploads\/2024\/04\/Serie_D_battuto_Arzerello-300x150.jpg 300w, https:\/\/www.radiopiu.net\/wordpress\/wp-content\/uploads\/2024\/04\/Serie_D_battuto_Arzerello-768x384.jpg 768w, https:\/\/www.radiopiu.net\/wordpress\/wp-content\/uploads\/2024\/04\/Serie_D_battuto_Arzerello.jpg 800w\" sizes=\"auto, (max-width: 224px) 100vw, 224px\" \/><\/a>SERIE D<\/strong><\/span><\/p>\n<p><b>BELLUNO VOLLEY-METAL PROJECT ARZERELLO 3-0 (<\/b><strong>25-22, 27-25, 25-21)<\/strong><\/p>\n<p>Il Belluno delle donne si regala un finale del campionato di serie D col botto. S\u00ec, perch\u00e9 davanti al pubblico amico di Mur di Cadola annienta la terza forza del girone, al termine di una prova di altissimo spessore: l\u2019Arzerello, a cui il gruppo di Diego Pezzei aveva sfilato un punticino gi\u00e0 nella gara d\u2019andata, finisce al tappeto in soli tre set. E, nonostante le motivazioni a mille (in caso di successo, poteva agganciare la piazza d\u2019onore e \u201caccorciare\u201d il suo cammino playoff), \u00e8 costretto a inchinarsi alle bellunesi<\/p>\n<p>&nbsp;<\/p>\n<blockquote>\n<h3>DUE SCONFITTE PER IL VOLLEY CLUB AGORDINO<\/h3>\n<\/blockquote>\n<p><strong><a class=\"dt-pswp-item\" href=\"https:\/\/www.radiopiu.net\/wordpress\/wp-content\/uploads\/2024\/04\/VOLLEY.jpg\" data-dt-img-description=\"\" data-large_image_width=\"1280\" data-large_image_height=\"853\"><img loading=\"lazy\" decoding=\"async\" class=\" wp-image-387589 alignleft\" src=\"https:\/\/www.radiopiu.net\/wordpress\/wp-content\/uploads\/2024\/04\/VOLLEY-300x200.jpg\" alt=\"\" width=\"203\" height=\"135\" srcset=\"https:\/\/www.radiopiu.net\/wordpress\/wp-content\/uploads\/2024\/04\/VOLLEY-300x200.jpg 300w, https:\/\/www.radiopiu.net\/wordpress\/wp-content\/uploads\/2024\/04\/VOLLEY-1024x682.jpg 1024w, https:\/\/www.radiopiu.net\/wordpress\/wp-content\/uploads\/2024\/04\/VOLLEY-768x512.jpg 768w, https:\/\/www.radiopiu.net\/wordpress\/wp-content\/uploads\/2024\/04\/VOLLEY.jpg 1280w\" sizes=\"auto, (max-width: 203px) 100vw, 203px\" \/><\/a>DI MARCO GAZ<\/strong><\/p>\n<p><span style=\"color: #ff0000;\"><strong>PRIMA DIVISIONE<\/strong><\/span><\/p>\n<p><strong>VOLLEY CLUB AGORDINO \u2013 SAN VENDEMIANO 1-3 (21-25, 11-25, 25-15, 14-25)<\/strong><\/p>\n<p>Non riesce ad ottenere punti il Volley Club Agordino di Prima Divisione che resta in fondo alla classifica. Ancora una sconfitta per le ragazze di De Nardin che non tengono il passo del San Vendemiano. Le trevigiane concedono un solo set alle agordine ed espugnano il PalaRova di Agordo senza tanti problemi.<\/p>\n<p><span style=\"color: #ff0000;\"><strong>TERZA DIVISIONE UNDER 16<\/strong><\/span><\/p>\n<p><strong>LIMANA \u2013 VOLLEY CLUB AGORDINO 3-0 (25-5, 25-10, 25-20)<\/strong><\/p>\n<p>Le ragazze under 16 del Volley Club Agordino crollano con il Limana. Un secco 3 a 0 che non lascia scampo alla compagine di Agordo. Agordine che iniziano a macinare gioco quando ormai i giochi sono fatti. Primi due parziali da dimenticare.<\/p>\n<p>&nbsp;<\/p>\n<p>&nbsp;<\/p>\n<blockquote>\n<h3><b><a class=\"dt-pswp-item\" href=\"https:\/\/www.radiopiu.net\/wordpress\/wp-content\/uploads\/2024\/04\/Belluno_Volley_piegato_in_3_set_a_Fano.jpg\" data-dt-img-description=\"\" data-large_image_width=\"1600\" data-large_image_height=\"1066\"><img loading=\"lazy\" decoding=\"async\" class=\"size-medium wp-image-387660 alignleft\" src=\"https:\/\/www.radiopiu.net\/wordpress\/wp-content\/uploads\/2024\/04\/Belluno_Volley_piegato_in_3_set_a_Fano-300x200.jpg\" alt=\"\" width=\"300\" height=\"200\" srcset=\"https:\/\/www.radiopiu.net\/wordpress\/wp-content\/uploads\/2024\/04\/Belluno_Volley_piegato_in_3_set_a_Fano-300x200.jpg 300w, https:\/\/www.radiopiu.net\/wordpress\/wp-content\/uploads\/2024\/04\/Belluno_Volley_piegato_in_3_set_a_Fano-1024x682.jpg 1024w, https:\/\/www.radiopiu.net\/wordpress\/wp-content\/uploads\/2024\/04\/Belluno_Volley_piegato_in_3_set_a_Fano-768x512.jpg 768w, https:\/\/www.radiopiu.net\/wordpress\/wp-content\/uploads\/2024\/04\/Belluno_Volley_piegato_in_3_set_a_Fano-1536x1023.jpg 1536w, https:\/\/www.radiopiu.net\/wordpress\/wp-content\/uploads\/2024\/04\/Belluno_Volley_piegato_in_3_set_a_Fano.jpg 1600w\" sizes=\"auto, (max-width: 300px) 100vw, 300px\" \/><\/a>\u00c8 subito in salita la serie di semifinale: Fano si impone in gara 1<\/b><\/h3>\n<\/blockquote>\n<p><b>SMARTSYSTEM FANO-BELLUNO VOLLEY 3-0<\/b><\/p>\n<p><b>BELLUNO VOLLEY:<\/b> Ferrato 1, Bisi 6, Schiro 10, Bucko 9, Mozzato 3, Antonaci 2; G. Martinez (L), Reyes 4, Orto, Stufano. N.e. I. Martinez, Guolla, Fraccaro (L). Allenatore: G. Colussi.<\/p>\n<p>Inizia in salita la serie di semifinale per il <b>Belluno Volley<\/b>:\u00a0 la <b>Smartsystem Fano<\/b> ha la meglio in tre set, dopo aver sfoderato l\u2019artiglieria pesante: soprattutto al servizio. Indicativi, in tal senso, gli otto ace confezionati dai marchigiani, tre dei quali da uno scatenato Dimitrov. A distanza di 104 giorni dal passivo di Mirandola (era il 14 gennaio scorso), i rinoceronti riassaporano quindi il gusto amaro della sconfitta in trasferta.\u00a0 I\u00a0 biancobl\u00f9 avranno l\u2019opportunit\u00e0 di riportare la situazione in equilibrio, alla Spes Arena con l\u2019obiettivo di tornare nelle Marche per la \u201cbella\u201d.<\/p>\n<p>&nbsp;<\/p>\n<p>&nbsp;<\/p>\n<p>&nbsp;<\/p>\n<p><span style=\"color: #0000ff;\"><strong>CORSA CAMPESTRE<\/strong><\/span><\/p>\n<blockquote>\n<h3>IL TRAIL DE LE LONGANE A LOZZO DI CADORE<\/h3>\n<\/blockquote>\n<p>Nella fredda mattinata di Lozzo di Cadore, circa 200 concorrenti hanno partecipato alla decima edizione del Trail de le Longane, evento di trail running sulle Dolomiti Bellunesi. Federico Vecellio Patis di Auronzo di Cadore e la slovena Lucija Krko\u010d si sono aggiudicati la vittoria. La gara maschile \u00e8 stata combattuta, con tre atleti vicini per quasi tutta la competizione. Vecellio Patis ha superato il trio di testa sulla salita finale e ha vinto con 23&#8243; di vantaggio su Giovanni De Bon e 41&#8243; su Michael Galassi. Krko\u010d ha dominato la gara femminile, sfiorando il record del percorso con un tempo di 1h21&#8217;24&#8221;. Martina De Silvestro e Sara Nait hanno completato il podio femminile.<\/p>\n\n\t\t\t<style type='text\/css'>\n\t\t\t\t#gallery-7 {\n\t\t\t\t\tmargin: auto;\n\t\t\t\t}\n\t\t\t\t#gallery-7 .gallery-item {\n\t\t\t\t\tfloat: left;\n\t\t\t\t\tmargin-top: 10px;\n\t\t\t\t\ttext-align: center;\n\t\t\t\t\twidth: 50%;\n\t\t\t\t}\n\t\t\t\t#gallery-7 img {\n\t\t\t\t\tborder: 2px solid #cfcfcf;\n\t\t\t\t}\n\t\t\t\t#gallery-7 .gallery-caption {\n\t\t\t\t\tmargin-left: 0;\n\t\t\t\t}\n\t\t\t\t\/* see gallery_shortcode() in wp-includes\/media.php *\/\n\t\t\t<\/style>\n\t\t<div id='gallery-7' class='dt-gallery-container gallery galleryid-387478 gallery-columns-2 gallery-size-medium'><dl class='gallery-item'>\n\t\t\t\t<dt class='gallery-icon landscape'>\n\t\t\t\t\t<a class=\"rollover rollover-zoom dt-pswp-item\" title=\"trail longane 28.04.2024 - podio maschile @maxfiabane\" data-dt-img-description=\"\" data-large_image_width=\"1620\" data-large_image_height=\"1080\"href='https:\/\/www.radiopiu.net\/wordpress\/wp-content\/uploads\/2024\/04\/trail-longane-28.04.2024-podio-maschile-@maxfiabane.jpg'><img loading=\"lazy\" decoding=\"async\" width=\"300\" height=\"200\" src=\"https:\/\/www.radiopiu.net\/wordpress\/wp-content\/uploads\/2024\/04\/trail-longane-28.04.2024-podio-maschile-@maxfiabane-300x200.jpg\" class=\"attachment-medium size-medium\" alt=\"\" srcset=\"https:\/\/www.radiopiu.net\/wordpress\/wp-content\/uploads\/2024\/04\/trail-longane-28.04.2024-podio-maschile-@maxfiabane-300x200.jpg 300w, https:\/\/www.radiopiu.net\/wordpress\/wp-content\/uploads\/2024\/04\/trail-longane-28.04.2024-podio-maschile-@maxfiabane-1024x683.jpg 1024w, https:\/\/www.radiopiu.net\/wordpress\/wp-content\/uploads\/2024\/04\/trail-longane-28.04.2024-podio-maschile-@maxfiabane-768x512.jpg 768w, https:\/\/www.radiopiu.net\/wordpress\/wp-content\/uploads\/2024\/04\/trail-longane-28.04.2024-podio-maschile-@maxfiabane-1536x1024.jpg 1536w, https:\/\/www.radiopiu.net\/wordpress\/wp-content\/uploads\/2024\/04\/trail-longane-28.04.2024-podio-maschile-@maxfiabane.jpg 1620w\" sizes=\"auto, (max-width: 300px) 100vw, 300px\" \/><\/a>\n\t\t\t\t<\/dt><\/dl><dl class='gallery-item'>\n\t\t\t\t<dt class='gallery-icon landscape'>\n\t\t\t\t\t<a class=\"rollover rollover-zoom dt-pswp-item\" title=\"trail longane 28.04.2024 - podio femminile @maxfiabane\" data-dt-img-description=\"\" data-large_image_width=\"1620\" data-large_image_height=\"1080\"href='https:\/\/www.radiopiu.net\/wordpress\/wp-content\/uploads\/2024\/04\/trail-longane-28.04.2024-podio-femminile-@maxfiabane.jpg'><img loading=\"lazy\" decoding=\"async\" width=\"300\" height=\"200\" src=\"https:\/\/www.radiopiu.net\/wordpress\/wp-content\/uploads\/2024\/04\/trail-longane-28.04.2024-podio-femminile-@maxfiabane-300x200.jpg\" class=\"attachment-medium size-medium\" alt=\"\" srcset=\"https:\/\/www.radiopiu.net\/wordpress\/wp-content\/uploads\/2024\/04\/trail-longane-28.04.2024-podio-femminile-@maxfiabane-300x200.jpg 300w, https:\/\/www.radiopiu.net\/wordpress\/wp-content\/uploads\/2024\/04\/trail-longane-28.04.2024-podio-femminile-@maxfiabane-1024x683.jpg 1024w, https:\/\/www.radiopiu.net\/wordpress\/wp-content\/uploads\/2024\/04\/trail-longane-28.04.2024-podio-femminile-@maxfiabane-768x512.jpg 768w, https:\/\/www.radiopiu.net\/wordpress\/wp-content\/uploads\/2024\/04\/trail-longane-28.04.2024-podio-femminile-@maxfiabane-1536x1024.jpg 1536w, https:\/\/www.radiopiu.net\/wordpress\/wp-content\/uploads\/2024\/04\/trail-longane-28.04.2024-podio-femminile-@maxfiabane.jpg 1620w\" sizes=\"auto, (max-width: 300px) 100vw, 300px\" \/><\/a>\n\t\t\t\t<\/dt><\/dl><br style=\"clear: both\" \/>\n\t\t\t<\/div>\n\n<p><strong>Classifica assoluta maschile<\/strong>: 1. Federico Vecellio Patis 1h13.18; 2. Giovanni De Bon (Marciatori Calalzo) 1h13.41; 3. Michael Galassi (Aldo Moro Nortec Paluzza) 1h13.59; 4. Gabriele Del Longo (La Recastello) 1h14.15; 5. Elia Costa (Atletica Zoldo) 1h17.42<\/p>\n<p><strong>Classifica assoluta femminile<\/strong>: 1. Lucija Krko\u010d (Slovenia) 1h21.24; 2. Martina De Silvestro (Aldo Moro Nortec Paluzza) 1h31.08; 3. Sara Nait 1h32.06; 4. Cecilia De Filippo (Dolomiti Ski Alp) 1h34.42; 5. Camilla Martignon (Marciatori Calalzo) 1h35.05<\/p>\n","protected":false},"excerpt":{"rendered":"<p>****** &nbsp; PER RICEVERE QUESTO NOTIZIARIO DIRETTAMENTE SUL TUO CELLULARE ISCRIVITI AL CANALE TELEGRAM \u201cRADIO PIU\u00a0 INFORMAZIONE&#8221;\u00a0 \u00a0il CANALE TELEGRAM&#8230; UNISCITI A: RADIO PIU INFORMAZIONE &nbsp; &nbsp; ATTENZIONE: LA NUOVA APP PER IOS-IPHONE di Nicola Vettorello https:\/\/apps.apple.com\/it\/app\/radio-pi%C3%B9-emittente-agordina\/id1515939845 ATTENZIONE: LA NUOVA APP RADIO\u00a0 PER ANDROID di Nicola Vettorello https:\/\/play.google.com\/store\/apps\/details?id=net.radiopiu.iniko\u00a0\u00a0 &nbsp; &nbsp; NELLA NOTTE, Incidente stradale a&hellip;<\/p>\n","protected":false},"author":4,"featured_media":387621,"comment_status":"closed","ping_status":"closed","sticky":false,"template":"","format":"standard","meta":{"_monsterinsights_skip_tracking":false,"_monsterinsights_sitenote_active":false,"_monsterinsights_sitenote_note":"","_monsterinsights_sitenote_category":0,"footnotes":""},"categories":[51,86,49],"tags":[],"class_list":["post-387478","post","type-post","status-publish","format-standard","has-post-thumbnail","hentry","category-evidenza-top","category-gr","category-news-18","category-51","category-86","category-49","description-off"],"img_url":"https:\/\/www.radiopiu.net\/wordpress\/wp-content\/uploads\/2024\/04\/trail-longane-28.04.2024-podio-femminile-@maxfiabane.jpg","_links":{"self":[{"href":"https:\/\/www.radiopiu.net\/wordpress\/wp-json\/wp\/v2\/posts\/387478","targetHints":{"allow":["GET"]}}],"collection":[{"href":"https:\/\/www.radiopiu.net\/wordpress\/wp-json\/wp\/v2\/posts"}],"about":[{"href":"https:\/\/www.radiopiu.net\/wordpress\/wp-json\/wp\/v2\/types\/post"}],"author":[{"embeddable":true,"href":"https:\/\/www.radiopiu.net\/wordpress\/wp-json\/wp\/v2\/users\/4"}],"replies":[{"embeddable":true,"href":"https:\/\/www.radiopiu.net\/wordpress\/wp-json\/wp\/v2\/comments?post=387478"}],"version-history":[{"count":0,"href":"https:\/\/www.radiopiu.net\/wordpress\/wp-json\/wp\/v2\/posts\/387478\/revisions"}],"wp:featuredmedia":[{"embeddable":true,"href":"https:\/\/www.radiopiu.net\/wordpress\/wp-json\/wp\/v2\/media\/387621"}],"wp:attachment":[{"href":"https:\/\/www.radiopiu.net\/wordpress\/wp-json\/wp\/v2\/media?parent=387478"}],"wp:term":[{"taxonomy":"category","embeddable":true,"href":"https:\/\/www.radiopiu.net\/wordpress\/wp-json\/wp\/v2\/categories?post=387478"},{"taxonomy":"post_tag","embeddable":true,"href":"https:\/\/www.radiopiu.net\/wordpress\/wp-json\/wp\/v2\/tags?post=387478"}],"curies":[{"name":"wp","href":"https:\/\/api.w.org\/{rel}","templated":true}]}}