{"id":387586,"date":"2024-04-28T12:31:04","date_gmt":"2024-04-28T10:31:04","guid":{"rendered":"https:\/\/www.radiopiu.net\/wordpress\/?p=387586"},"modified":"2024-04-29T05:00:16","modified_gmt":"2024-04-29T03:00:16","slug":"malore-a-caracoi-causa-del-decesso-di-un-uomo","status":"publish","type":"post","link":"https:\/\/www.radiopiu.net\/wordpress\/malore-a-caracoi-causa-del-decesso-di-un-uomo\/","title":{"rendered":"MALORE A CARACOI, CAUSA DEL DECESSO DI UN UOMO"},"content":{"rendered":"<p>****<\/p>\n<p><strong><a class=\"dt-pswp-item\" href=\"https:\/\/www.radiopiu.net\/wordpress\/wp-content\/uploads\/2024\/04\/Senza-nome-52.png\" data-dt-img-description=\"\" data-large_image_width=\"292\" data-large_image_height=\"189\"><img loading=\"lazy\" decoding=\"async\" class=\"size-full wp-image-387655 alignleft\" src=\"https:\/\/www.radiopiu.net\/wordpress\/wp-content\/uploads\/2024\/04\/Senza-nome-52.png\" alt=\"\" width=\"292\" height=\"189\" \/><\/a>REDAZIONE <\/strong>Caracoi-Cimai a Rocca Pietore, una tragedia ha scosso gli abitanti sabato sera. Maurizio Maramao, 73 anni, da tempo amante della montagna e dei paesaggi delle Dolomiti, \u00e8 stato vittima di un malore improvviso che gli \u00e8 stato fatale. L&#8217;uomo, da poco trasferitosi a Rocca Pietore con la compagna Anna per vivere la sua passione per la natura, \u00e8 stato colto da un infarto mentre si trovava nella sua abitazione. Nonostante i tempestivi soccorsi dei vicini e dei volontari dell&#8217;ambulanza locale, le condizioni critiche di Maurizio hanno reso necessario l&#8217;intervento dell&#8217;elicottero del Suem di Pieve di Cadore. Nonostante i vigorosi sforzi dei medici, il cuore di Maurizio non ha resistito, lasciando la comunit\u00e0 di Rocca Pietore addolorata dalla perdita di un membro amato e rispettato. Gli amici e i residenti si sono stretti attorno alla famiglia dell&#8217;uomo per offrire il loro sostegno in questo momento di dolore e incredulit\u00e0. La salma di Maurizio Maramao sar\u00e0 presto trasferita nella sua citt\u00e0 natale a Frosinone per le cerimonie funebri e la sepoltura, mentre Rocca Pietore piange la perdita di un appassionato della montagna che ha trovato la sua seconda casa tra le maestose vette delle Dolomiti.<\/p>\n<p>&nbsp;<\/p>\n<p>&nbsp;<\/p>\n<hr \/>\n<p>&nbsp;<\/p>\n","protected":false},"excerpt":{"rendered":"<p>**** REDAZIONE Caracoi-Cimai a Rocca Pietore, una tragedia ha scosso gli abitanti sabato sera. Maurizio Maramao, 73 anni, da tempo amante della montagna e dei paesaggi delle Dolomiti, \u00e8 stato vittima di un malore improvviso che gli \u00e8 stato fatale. L&#8217;uomo, da poco trasferitosi a Rocca Pietore con la compagna Anna per vivere la sua&hellip;<\/p>\n","protected":false},"author":4,"featured_media":387655,"comment_status":"closed","ping_status":"closed","sticky":false,"template":"","format":"standard","meta":{"_monsterinsights_skip_tracking":false,"_monsterinsights_sitenote_active":false,"_monsterinsights_sitenote_note":"","_monsterinsights_sitenote_category":0,"footnotes":""},"categories":[51,49],"tags":[],"class_list":["post-387586","post","type-post","status-publish","format-standard","has-post-thumbnail","hentry","category-evidenza-top","category-news-18","category-51","category-49","description-off"],"img_url":"https:\/\/www.radiopiu.net\/wordpress\/wp-content\/uploads\/2024\/04\/Senza-nome-52.png","_links":{"self":[{"href":"https:\/\/www.radiopiu.net\/wordpress\/wp-json\/wp\/v2\/posts\/387586","targetHints":{"allow":["GET"]}}],"collection":[{"href":"https:\/\/www.radiopiu.net\/wordpress\/wp-json\/wp\/v2\/posts"}],"about":[{"href":"https:\/\/www.radiopiu.net\/wordpress\/wp-json\/wp\/v2\/types\/post"}],"author":[{"embeddable":true,"href":"https:\/\/www.radiopiu.net\/wordpress\/wp-json\/wp\/v2\/users\/4"}],"replies":[{"embeddable":true,"href":"https:\/\/www.radiopiu.net\/wordpress\/wp-json\/wp\/v2\/comments?post=387586"}],"version-history":[{"count":0,"href":"https:\/\/www.radiopiu.net\/wordpress\/wp-json\/wp\/v2\/posts\/387586\/revisions"}],"wp:featuredmedia":[{"embeddable":true,"href":"https:\/\/www.radiopiu.net\/wordpress\/wp-json\/wp\/v2\/media\/387655"}],"wp:attachment":[{"href":"https:\/\/www.radiopiu.net\/wordpress\/wp-json\/wp\/v2\/media?parent=387586"}],"wp:term":[{"taxonomy":"category","embeddable":true,"href":"https:\/\/www.radiopiu.net\/wordpress\/wp-json\/wp\/v2\/categories?post=387586"},{"taxonomy":"post_tag","embeddable":true,"href":"https:\/\/www.radiopiu.net\/wordpress\/wp-json\/wp\/v2\/tags?post=387586"}],"curies":[{"name":"wp","href":"https:\/\/api.w.org\/{rel}","templated":true}]}}