{"id":387640,"date":"2024-04-30T05:55:29","date_gmt":"2024-04-30T03:55:29","guid":{"rendered":"https:\/\/www.radiopiu.net\/wordpress\/?p=387640"},"modified":"2024-04-30T13:48:16","modified_gmt":"2024-04-30T11:48:16","slug":"giornale-radiopiu-30-aprile-2024-direttore-mirko-mezzacasada-40-anni-25-giugno-1983-25-giugno-2023","status":"publish","type":"post","link":"https:\/\/www.radiopiu.net\/wordpress\/giornale-radiopiu-30-aprile-2024-direttore-mirko-mezzacasada-40-anni-25-giugno-1983-25-giugno-2023\/","title":{"rendered":"GIORNALE RADIOPIU 30 APRILE 2024 DIRETTORE MIRKO MEZZACASA\u2026DA 40 ANNI 25 GIUGNO 1983-25 GIUGNO 2023"},"content":{"rendered":"<p>******<\/p>\n<p>&nbsp;<\/p>\n<h3><a href=\"https:\/\/www.radiopiu.net\/wordpress\/giornale-radiopiu-24-gennaio-2021-direttore-mirko-mezzacasa\/141433770_171616291414874_2957460898102012198_n\/\" rel=\"attachment wp-att-186566\"><img loading=\"lazy\" decoding=\"async\" class=\"wp-image-186566 alignleft\" src=\"https:\/\/www.radiopiu.net\/wordpress\/wp-content\/uploads\/2021\/01\/141433770_171616291414874_2957460898102012198_n-300x300.jpg\" alt=\"\" width=\"144\" height=\"144\" srcset=\"https:\/\/www.radiopiu.net\/wordpress\/wp-content\/uploads\/2021\/01\/141433770_171616291414874_2957460898102012198_n-300x300.jpg 300w, https:\/\/www.radiopiu.net\/wordpress\/wp-content\/uploads\/2021\/01\/141433770_171616291414874_2957460898102012198_n-150x150.jpg 150w, https:\/\/www.radiopiu.net\/wordpress\/wp-content\/uploads\/2021\/01\/141433770_171616291414874_2957460898102012198_n-768x768.jpg 768w, https:\/\/www.radiopiu.net\/wordpress\/wp-content\/uploads\/2021\/01\/141433770_171616291414874_2957460898102012198_n.jpg 800w\" sizes=\"auto, (max-width: 144px) 100vw, 144px\" \/><\/a>PER<strong> RICEVERE QUESTO NOTIZIARIO DIRETTAMENTE SUL TUO CELLULARE ISCRIVITI AL CANALE TELEGRAM <\/strong><strong>\u201cRADIO PIU\u00a0 INFORMAZIONE&#8221;\u00a0<\/strong><\/h3>\n<h3>\u00a0il CANALE TELEGRAM&#8230; UNISCITI A: RADIO PIU INFORMAZIONE<\/h3>\n<p>&nbsp;<\/p>\n<p>&nbsp;<\/p>\n<p><em><a href=\"https:\/\/www.radiopiu.net\/wordpress\/giornale-radiopiu-24-gennaio-2021-direttore-mirko-mezzacasa\/79216601_126817312416448_708980208774483089_n\/\" rel=\"attachment wp-att-186567\"><img loading=\"lazy\" decoding=\"async\" class=\"size-medium wp-image-186567 alignright\" src=\"https:\/\/www.radiopiu.net\/wordpress\/wp-content\/uploads\/2021\/01\/79216601_126817312416448_708980208774483089_n-300x114.jpg\" alt=\"\" width=\"300\" height=\"114\" srcset=\"https:\/\/www.radiopiu.net\/wordpress\/wp-content\/uploads\/2021\/01\/79216601_126817312416448_708980208774483089_n-300x114.jpg 300w, https:\/\/www.radiopiu.net\/wordpress\/wp-content\/uploads\/2021\/01\/79216601_126817312416448_708980208774483089_n-768x292.jpg 768w, https:\/\/www.radiopiu.net\/wordpress\/wp-content\/uploads\/2021\/01\/79216601_126817312416448_708980208774483089_n.jpg 820w\" sizes=\"auto, (max-width: 300px) 100vw, 300px\" \/><\/a><span style=\"color: #ff0000;\">ATTENZIONE: LA NUOVA APP PER IOS-IPHONE di Nicola Vettorello <\/span><\/em><a href=\"https:\/\/apps.apple.com\/it\/app\/radio-pi%C3%B9-emittente-agordina\/id1515939845\">https:\/\/apps.apple.com\/it\/app\/radio-pi%C3%B9-emittente-agordina\/id1515939845<\/a><\/p>\n<p><em style=\"color: #ff0000;\">ATTENZIONE: LA NUOVA APP RADIO\u00a0 PER ANDROID di Nicola Vettorello<\/em><\/p>\n<p><a href=\"https:\/\/play.google.com\/store\/apps\/details?id=net.radiopiu.iniko\" target=\"_blank\" rel=\"noopener noreferrer\">https:\/\/play.google.com\/store\/apps\/details?id=net.radiopiu.iniko\u00a0\u00a0<\/a><\/p>\n<h3 class=\"kvgmc6g5 cxmmr5t8 oygrvhab hcukyx3x c1et5uql\"><\/h3>\n<p>&nbsp;<\/p>\n<div data-block=\"true\" data-editor=\"avj4u\" data-offset-key=\"d3i0j-0-0\">\n<p>&nbsp;<\/p>\n<hr \/>\n<p>&nbsp;<\/p>\n<\/div>\n<p><span style=\"color: #ff0000;\"><strong>OGGI ALLA RADIO<\/strong><\/span>: <strong>ALLE 7.20<\/strong> EL BAR DEL FIOR, DETTI E TRADIZIONI DI GIULIANA DA RONCH; <strong>ALLE 8.20<\/strong> PIU&#8217; SIAMO CON MARINA DONA&#8217; <strong>ALLE 9.10 <\/strong>La musica country di Alex Nascinben<strong> 10.10 <\/strong>musla, le nove in ladin,<strong> 10.30<\/strong> 1 MAGGIO AD AGORDO, CON EVA OLIVIER<strong> 11.00 <\/strong>DANIELA RINALDI, MEGLIO RADIO CHE MAI<strong> 12.30 <\/strong>GR PRINCIPALE <strong>13.20<\/strong> prima vera hit con marina don\u00e0\u00a0<strong> 14.00 <\/strong>LORIS SCUSSEL, COLLAGE OPERAZIONE NOSTALGIA<strong> 15.00<\/strong> EL DARLIN DI LUISA ALCHINI <strong>16.00 I<\/strong>L ROCK DI MARCO COSTANINI <strong>16.45<\/strong> LE HIT DI MIRCO BENCIVENNI<strong> DALLE 18.00 <\/strong>APERITIVO LUNGO&#8230;LA DISCO PIU&#8217; <strong>19 05 <\/strong>LE ANTICIPAZIONI DAL TG DI ANTENNA 3 DI TIZIANA BOLOGNANI<strong> ALLE 19.20 <\/strong>IL DOTTOR CESARE DAL BO&#8230; STASERA FEGATO.<span style=\"color: #ff0000;\"><strong> DALLE 20 DIRETTA DEL CONSIGLIO DELL&#8217;UNIONE MONTANA SUI CANALI SOCIAL DI RADIOPIU<\/strong><\/span><\/p>\n<div class=\"x11i5rnm xat24cr x1mh8g0r x1vvkbs xtlvy1s x126k92a\">\n<div dir=\"auto\">\n<p>&nbsp;<\/p>\n<p>&nbsp;<\/p>\n<hr \/>\n<p>&nbsp;<\/p>\n<p>&nbsp;<\/p>\n<div class=\"x11i5rnm xat24cr x1mh8g0r x1vvkbs xtlvy1s x126k92a\">\n<div dir=\"auto\">\n<p><strong><a class=\"dt-pswp-item\" href=\"https:\/\/www.radiopiu.net\/wordpress\/wp-content\/uploads\/2024\/02\/2d44e751-d8a8-461b-8e22-d8e4e853b032.jpg\" data-dt-img-description=\"\" data-large_image_width=\"1600\" data-large_image_height=\"1200\"><img loading=\"lazy\" decoding=\"async\" class=\"wp-image-373307 alignleft\" src=\"https:\/\/www.radiopiu.net\/wordpress\/wp-content\/uploads\/2024\/02\/2d44e751-d8a8-461b-8e22-d8e4e853b032-300x225.jpg\" alt=\"\" width=\"105\" height=\"79\" srcset=\"https:\/\/www.radiopiu.net\/wordpress\/wp-content\/uploads\/2024\/02\/2d44e751-d8a8-461b-8e22-d8e4e853b032-300x225.jpg 300w, https:\/\/www.radiopiu.net\/wordpress\/wp-content\/uploads\/2024\/02\/2d44e751-d8a8-461b-8e22-d8e4e853b032-1024x768.jpg 1024w, https:\/\/www.radiopiu.net\/wordpress\/wp-content\/uploads\/2024\/02\/2d44e751-d8a8-461b-8e22-d8e4e853b032-768x576.jpg 768w, https:\/\/www.radiopiu.net\/wordpress\/wp-content\/uploads\/2024\/02\/2d44e751-d8a8-461b-8e22-d8e4e853b032-1536x1152.jpg 1536w, https:\/\/www.radiopiu.net\/wordpress\/wp-content\/uploads\/2024\/02\/2d44e751-d8a8-461b-8e22-d8e4e853b032.jpg 1600w\" sizes=\"auto, (max-width: 105px) 100vw, 105px\" \/><\/a>EL BAL DEL FIOR, DI GIULIANA DA RONCH, 30 APRILE 2024<\/strong><\/p>\n<p>&nbsp;<\/p>\n<\/div>\n<\/div>\n<\/div>\n<div dir=\"auto\">\n<p>&nbsp;<\/p>\n<audio class=\"wp-audio-shortcode\" id=\"audio-387640-1\" preload=\"none\" style=\"width: 100%;\" controls=\"controls\"><source type=\"audio\/mpeg\" src=\"https:\/\/www.radiopiu.net\/wordpress\/wp-content\/uploads\/2024\/04\/GMA-1-1.m4a?_=1\" \/><a href=\"https:\/\/www.radiopiu.net\/wordpress\/wp-content\/uploads\/2024\/04\/GMA-1-1.m4a\">https:\/\/www.radiopiu.net\/wordpress\/wp-content\/uploads\/2024\/04\/GMA-1-1.m4a<\/a><\/audio>\n<p>&nbsp;<\/p>\n<p>&nbsp;<\/p>\n<hr \/>\n<\/div>\n<\/div>\n<blockquote>\n<blockquote>\n<h1><span style=\"color: #ff0000;\">\u00a0<\/span><\/h1>\n<h1><span style=\"color: #ff0000;\">I podcast informativi del mattino &#8211; audio &#8211;\u00a0\u00a0<\/span><\/h1>\n<p>&nbsp;<\/p><\/blockquote>\n<p><strong><a class=\"dt-pswp-item\" href=\"https:\/\/www.radiopiu.net\/wordpress\/wp-content\/uploads\/2023\/11\/th-10.jpg\" data-dt-img-description=\"\" data-large_image_width=\"320\" data-large_image_height=\"180\"><img loading=\"lazy\" decoding=\"async\" class=\"wp-image-362866 alignleft\" src=\"https:\/\/www.radiopiu.net\/wordpress\/wp-content\/uploads\/2023\/11\/th-10-300x169.jpg\" alt=\"\" width=\"185\" height=\"104\" srcset=\"https:\/\/www.radiopiu.net\/wordpress\/wp-content\/uploads\/2023\/11\/th-10-300x169.jpg 300w, https:\/\/www.radiopiu.net\/wordpress\/wp-content\/uploads\/2023\/11\/th-10.jpg 320w\" sizes=\"auto, (max-width: 185px) 100vw, 185px\" \/><\/a>LA RASSEGNA STAMPA NAZIONALE ALLA RADIO, OGNI GIORNO ALLE 5 E ALLE 6 DEL MATTINO <span style=\"color: #0000ff;\">viene pubblicata alle 6.00 <span style=\"color: #ff0000;\">DIRETTA RADIO\u00a0 \u00a0\u00a0<\/span><\/span><\/strong><\/p><\/blockquote>\n<p>&nbsp;<\/p>\n<p>DI SISSY MARTINELLI<br \/>\n<strong>Trattativa<\/strong> Hamas-Isreale, negoziato prossimo ad una svolta. <strong>Guerra di Gaza,<\/strong> molto accesa la protesta filo palestinese nelle universit\u00e0 americani, imposti ultimatum agli studenti. <strong>G7 ambiente<\/strong>, scontri con le forze dell&#8217;ordine a Torino. <strong>Depardieu<\/strong> rilasciato, ma pende ancora l&#8217;accusa di violenza sessuale, andr\u00e0 a processo ad ottobre <strong>Tennis,<\/strong> Sinner in finale a Madrid<\/p>\n<h2>AUDIO dalle 6 del mattino<\/h2>\n<audio class=\"wp-audio-shortcode\" id=\"audio-387640-2\" preload=\"none\" style=\"width: 100%;\" controls=\"controls\"><source type=\"audio\/mpeg\" src=\"https:\/\/www.radiopiu.net\/wordpress\/wp-content\/uploads\/2024\/04\/GIORNALEDELLESEI-25.mp3?_=2\" \/><a href=\"https:\/\/www.radiopiu.net\/wordpress\/wp-content\/uploads\/2024\/04\/GIORNALEDELLESEI-25.mp3\">https:\/\/www.radiopiu.net\/wordpress\/wp-content\/uploads\/2024\/04\/GIORNALEDELLESEI-25.mp3<\/a><\/audio>\n<h2><\/h2>\n<p>&nbsp;<\/p>\n<hr \/>\n<p>&nbsp;<\/p>\n<h1 style=\"text-align: center;\"><span style=\"color: #ff0000;\">I podcast informativi del mattino &#8211; audio &#8211;\u00a0<\/span><\/h1>\n<p><strong><a class=\"dt-pswp-item\" href=\"https:\/\/www.radiopiu.net\/wordpress\/wp-content\/uploads\/2023\/12\/images.png\" data-dt-img-description=\"\" data-large_image_width=\"316\" data-large_image_height=\"160\"><img loading=\"lazy\" decoding=\"async\" class=\"wp-image-367008 alignleft\" src=\"https:\/\/www.radiopiu.net\/wordpress\/wp-content\/uploads\/2023\/12\/images-300x152.png\" alt=\"\" width=\"235\" height=\"119\" srcset=\"https:\/\/www.radiopiu.net\/wordpress\/wp-content\/uploads\/2023\/12\/images-300x152.png 300w, https:\/\/www.radiopiu.net\/wordpress\/wp-content\/uploads\/2023\/12\/images.png 316w\" sizes=\"auto, (max-width: 235px) 100vw, 235px\" \/><\/a>OGNI GIORNO ALLE SETTE DEL MATTINO, LA RASSEGNA STAMPA LOCALE FLASH&#8230; PER CHI VA IN FRETTA. I TITOLI DAI GIORNALI E DAL SITO WWW.RADIOPIU.NET <span style=\"color: #0000ff;\">viene pubblicato alle 7.00<\/span> <span style=\"color: #ff0000;\">DIRETTA RADIO\u00a0<\/span><\/strong><\/p>\n<p><em><span style=\"color: #ff0000;\">per chi va in fretta&#8230; tante notizie in pochi minuti. L&#8217;informazione locale alla radio, ogni ora dalle 7 del mattino alle 19 della sera.\u00a0 \u00a0 \u00a0\u00a0<\/span><\/em><\/p>\n<p>VALLADA Sono gravi le condizioni delle ventitreenne di Cencenighe (originaria di San Tomaso) sbandata e finita contro le scarpate della 346 del San Pellegrino. L&#8217;auto si \u00e8 ribaltata finendo su un fianco. La ragazza \u00e8 ricoverata al C\u00e0 Foncello di Treviso.<br \/>\nCADORE Un incidente tecnico causato da un problema elettrico ha innescato il fuoco nel veicolo, parcheggiato presso il Lago di Mosigo. L\u2019emergenza \u00e8 stata gestita dai vigili del fuoco di Cortina e dai volontari di San Vito di Cadore, senza coinvolgere persone<br \/>\nBELLUNO Nel carcere di Belluno, un detenuto nordafricano ha scatenato violenza, aggredendo un agente. Quest\u2019ultimo aveva rifiutato di farlo uscire dalla cella fuori orario, rapportandolo disciplinarmente. Il detenuto ha reagito con un violento schiaffo, causando una lesione al timpano all\u2019agente, che ha richiesto venti giorni di prognosi<br \/>\nPONTE NELLE ALPI \u00c8 mancato Vittorio Casanova, 78 anni, di Roncan, gi\u00e0 segretario della sezione della Lega Nord e attualmente attivo, fino all\u2019ultimo, nel ruolo di consigliere della sezione del Carroccio.<br \/>\nBORGO VALBELLUNA Una femmina di lupo in grave stato di salute \u00e8 stata soccorsa a Malga Garda, Lentiai, da un volontario dell\u2019associazione \u201cIo non ho paura del lupo\u201d e la polizia provinciale. Visita dal veterinario e trasferita al Cras di Treviso, si spera possa riprendersi. Il volontario, impegnato in un monitoraggio per il progetto Life wolfalps Eu, ha notato la lupa in difficolt\u00e0 e ha attivato il soccorso.<\/p>\n<h2>AUDIO dalle 7 del mattino<\/h2>\n<audio class=\"wp-audio-shortcode\" id=\"audio-387640-3\" preload=\"none\" style=\"width: 100%;\" controls=\"controls\"><source type=\"audio\/mpeg\" src=\"https:\/\/www.radiopiu.net\/wordpress\/wp-content\/uploads\/2024\/04\/GF07-23.mp3?_=3\" \/><a href=\"https:\/\/www.radiopiu.net\/wordpress\/wp-content\/uploads\/2024\/04\/GF07-23.mp3\">https:\/\/www.radiopiu.net\/wordpress\/wp-content\/uploads\/2024\/04\/GF07-23.mp3<\/a><\/audio>\n<p>&nbsp;<\/p>\n<p>&nbsp;<\/p>\n<hr \/>\n<p>&nbsp;<\/p>\n<h1><\/h1>\n<h1 style=\"text-align: center;\"><span style=\"color: #ff0000;\"><a class=\"dt-pswp-item\" href=\"https:\/\/www.radiopiu.net\/wordpress\/wp-content\/uploads\/2022\/01\/026c3f9d-dae9-4040-a3c1-a6530231bcc3.jpg\" data-dt-img-description=\"\" data-large_image_width=\"1152\" data-large_image_height=\"2048\"><img loading=\"lazy\" decoding=\"async\" class=\"wp-image-251839 alignleft\" src=\"https:\/\/www.radiopiu.net\/wordpress\/wp-content\/uploads\/2022\/01\/026c3f9d-dae9-4040-a3c1-a6530231bcc3-169x300.jpg\" alt=\"\" width=\"100\" height=\"177\" srcset=\"https:\/\/www.radiopiu.net\/wordpress\/wp-content\/uploads\/2022\/01\/026c3f9d-dae9-4040-a3c1-a6530231bcc3-169x300.jpg 169w, https:\/\/www.radiopiu.net\/wordpress\/wp-content\/uploads\/2022\/01\/026c3f9d-dae9-4040-a3c1-a6530231bcc3-576x1024.jpg 576w, https:\/\/www.radiopiu.net\/wordpress\/wp-content\/uploads\/2022\/01\/026c3f9d-dae9-4040-a3c1-a6530231bcc3-768x1365.jpg 768w, https:\/\/www.radiopiu.net\/wordpress\/wp-content\/uploads\/2022\/01\/026c3f9d-dae9-4040-a3c1-a6530231bcc3-864x1536.jpg 864w, https:\/\/www.radiopiu.net\/wordpress\/wp-content\/uploads\/2022\/01\/026c3f9d-dae9-4040-a3c1-a6530231bcc3.jpg 1152w\" sizes=\"auto, (max-width: 100px) 100vw, 100px\" \/><\/a>I podcast informativi del mattino &#8211; audio &#8211;\u00a0<\/span><\/h1>\n<blockquote><p><strong>GIORNALE RADIO NAZIONALE, EDIZIONE DELLE SETTE <span style=\"color: #0000ff;\">viene pubblicato alle 7.05 <span style=\"color: #ff0000;\">DIRETTA RADIO\u00a0<\/span><\/span><\/strong><\/p><\/blockquote>\n<p><strong>il giornale radionazionale e&#8217; in onda ogni ora, dalle sette del mattino alle venti della sera\u00a0\u00a0<\/strong><\/p>\n<p>&nbsp;<\/p>\n<p>&nbsp;<\/p>\n<h2>AUDIO dalle sette del mattino, ogni ora alla radio<\/h2>\n<audio class=\"wp-audio-shortcode\" id=\"audio-387640-4\" preload=\"none\" style=\"width: 100%;\" controls=\"controls\"><source type=\"audio\/mpeg\" src=\"https:\/\/www.radiopiu.net\/wordpress\/wp-content\/uploads\/2024\/04\/giornale07-25.mp3?_=4\" \/><a href=\"https:\/\/www.radiopiu.net\/wordpress\/wp-content\/uploads\/2024\/04\/giornale07-25.mp3\">https:\/\/www.radiopiu.net\/wordpress\/wp-content\/uploads\/2024\/04\/giornale07-25.mp3<\/a><\/audio>\n<p>&nbsp;<\/p>\n<hr \/>\n<p>&nbsp;<\/p>\n<p>&nbsp;<\/p>\n<h1><span style=\"color: #ff0000;\">I podcast informativi del mattino &#8211; video &#8211;\u00a0<\/span><\/h1>\n<h2><strong><a class=\"dt-pswp-item\" href=\"https:\/\/www.radiopiu.net\/wordpress\/wp-content\/uploads\/2023\/12\/th-10.jpg\" data-dt-img-description=\"\" data-large_image_width=\"245\" data-large_image_height=\"180\"><img loading=\"lazy\" decoding=\"async\" class=\" wp-image-367395 alignleft\" src=\"https:\/\/www.radiopiu.net\/wordpress\/wp-content\/uploads\/2023\/12\/th-10.jpg\" alt=\"\" width=\"166\" height=\"122\" \/><\/a>RASSEGNA STAMPA LOCALE, ORE OTTO 05<\/strong><\/h2>\n<h2><strong> <span style=\"color: #0000ff;\">viene\u00a0 <\/span><\/strong><strong><span style=\"color: #0000ff;\">pubblicata alle 8.05 <span style=\"color: #ff0000;\">DIRETTA RADIO\u00a0\u00a0<\/span><\/span><\/strong><\/h2>\n<p><strong>DI MIRKO MEZZACASA\u00a0 \u00a0<\/strong><\/p>\n<p>VENEZIA La strada statale 51 \u201cDi Alemagna\u201d a Longarone, sar\u00e0 riaperta al traffico oggi alle 12. L\u2019intervento includeva la ricostruzione del cavalcaferrovia a Castellavazzo, originariamente previsto con due sottopassi pedonali.<br \/>\nUN MAGGIO DI STRAORDINARI INCENTIVATO ALLO STABILIMENTO ESSILORLUXOTTICA DI AGORDOIl piano di straordinari incentivati prevede che nelle giornate indicate siano chiamati al lavoro solo gli operai che nella settimana effettuano il turno mattina, quindi saranno due sabati per l\u2019area metallo e uno per l\u2019iniettato. L\u2019orario di lavoro sar\u00e0 dalle 6 alle 12.<br \/>\nSEDICO Mercato del lavoro e residenzialit\u00e0: questi i temi al centro dell\u2019incontro promosso da Provincia di Belluno e Veneto Lavoro che ha messo in luce i problemi e i paradossi del territorio bellunese.<br \/>\nBELLUNO Approvato bilancio e partecipazione record all\u2019Assemblea dei Soci di Viveracqua<br \/>\nFELTRE Arte e Sensibilizzazione Ambientale nella Settimana della Maratona Culturale. L&#8217;installazione presso le antiche prigioni offre una prospettiva suggestiva sull&#8217;acqua, esplorando temi come l&#8217;inquinamento e il cambiamento climatico.<br \/>\nVOLTAGO I volontari di Voltago non si fermano mai. Anche sabato scorso si sono dati d fare con una nuova giornata ecologica per mantenere pulito il bosco ma non solo.<\/p>\n<h2><span style=\"color: #ff0000;\"><strong>VIDEO\u00a0 \u00a0in diretta dalle 8 del mattino<\/strong><\/span><\/h2>\n<p><iframe loading=\"lazy\" title=\"DAL 1983 LA RASSEGNA STAMPA LOCALE di mirko mezzacasa. L&#039;ORIGINALE\" width=\"1200\" height=\"675\" src=\"https:\/\/www.youtube.com\/embed\/b---Dfx-nso?feature=oembed\" frameborder=\"0\" allow=\"accelerometer; autoplay; clipboard-write; encrypted-media; gyroscope; picture-in-picture; web-share\" referrerpolicy=\"strict-origin-when-cross-origin\" allowfullscreen><\/iframe><\/p>\n<hr \/>\n<p>&nbsp;<\/p>\n<div class=\"page-title-head hgroup\">\n<h1 class=\"entry-title\">GIORNATA DI LAVORO ANNULLATA! GIOVEDI ACQUA REGOLARE AD AGORDO<\/h1>\n<\/div>\n<div class=\"page-title-breadcrumbs\"><\/div>\n<p><strong>AGORDO<\/strong>\u00a0Gestione Servizi Pubblici informa che, a causa del maltempo, la chiusura acqua prevista per il giorno 02\/05\/24 ad AGORDO nelle LOCALITA\u2019 COL DI FOGLIA, PRAGRANDE e PONTE ALTO \u00e8 stata annullata.<\/p>\n<p>&nbsp;<\/p>\n<hr \/>\n<p>&nbsp;<\/p>\n<blockquote>\n<h2>Incidente stradale a Vallada Agordina: conducente ferita e trasferita al C\u00e0 Foncello di Treviso<\/h2>\n<\/blockquote>\n<p><strong>VALLADA\u00a0<\/strong> All&#8217;una della notte tra domenica e luned\u00ec, i Vigili del Fuoco di Agordo sono intervenuti nel Comune di Vallada Agordina, precisamente al km 28+300 della SP346, in localit\u00e0 Mas per un incidente stradale. Un&#8217;auto \u00e8 uscita di strada autonomamente, ribaltandosi. La conducente , una ragazza di 23 anni di Cencenighe\u00a0 \u00e8 stata assistita dagli operatori del Suem 118 e trasportata in condizioni gravi prima all&#8217;ospedale di Agordo poi in elicottero a Treviso. I Carabinieri di Agordo si sono occupati dei rilievi del caso. Le operazioni di soccorso e di gestione dell&#8217;incidente si sono concluse alle ore 3:30, garantendo la sicurezza della zona e l&#8217;assistenza alla persona coinvolta nell&#8217;incidente. L&#8217;indagine \u00e8 in corso per accertare le cause dell&#8217;uscita di strada dell&#8217;auto.<\/p>\n\n\t\t\t<style type='text\/css'>\n\t\t\t\t#gallery-1 {\n\t\t\t\t\tmargin: auto;\n\t\t\t\t}\n\t\t\t\t#gallery-1 .gallery-item {\n\t\t\t\t\tfloat: left;\n\t\t\t\t\tmargin-top: 10px;\n\t\t\t\t\ttext-align: center;\n\t\t\t\t\twidth: 50%;\n\t\t\t\t}\n\t\t\t\t#gallery-1 img {\n\t\t\t\t\tborder: 2px solid #cfcfcf;\n\t\t\t\t}\n\t\t\t\t#gallery-1 .gallery-caption {\n\t\t\t\t\tmargin-left: 0;\n\t\t\t\t}\n\t\t\t\t\/* see gallery_shortcode() in wp-includes\/media.php *\/\n\t\t\t<\/style>\n\t\t<div id='gallery-1' class='dt-gallery-container gallery galleryid-387640 gallery-columns-2 gallery-size-medium'><dl class='gallery-item'>\n\t\t\t\t<dt class='gallery-icon landscape'>\n\t\t\t\t\t<a class=\"rollover rollover-zoom dt-pswp-item\" title=\"833aa396-5f7c-4f60-a3d8-f193124907ef\" data-dt-img-description=\"\" data-large_image_width=\"946\" data-large_image_height=\"642\"href='https:\/\/www.radiopiu.net\/wordpress\/wp-content\/uploads\/2024\/04\/833aa396-5f7c-4f60-a3d8-f193124907ef.jpg'><img loading=\"lazy\" decoding=\"async\" width=\"300\" height=\"204\" src=\"https:\/\/www.radiopiu.net\/wordpress\/wp-content\/uploads\/2024\/04\/833aa396-5f7c-4f60-a3d8-f193124907ef-300x204.jpg\" class=\"attachment-medium size-medium\" alt=\"\" srcset=\"https:\/\/www.radiopiu.net\/wordpress\/wp-content\/uploads\/2024\/04\/833aa396-5f7c-4f60-a3d8-f193124907ef-300x204.jpg 300w, https:\/\/www.radiopiu.net\/wordpress\/wp-content\/uploads\/2024\/04\/833aa396-5f7c-4f60-a3d8-f193124907ef-768x521.jpg 768w, https:\/\/www.radiopiu.net\/wordpress\/wp-content\/uploads\/2024\/04\/833aa396-5f7c-4f60-a3d8-f193124907ef.jpg 946w\" sizes=\"auto, (max-width: 300px) 100vw, 300px\" \/><\/a>\n\t\t\t\t<\/dt><\/dl><dl class='gallery-item'>\n\t\t\t\t<dt class='gallery-icon landscape'>\n\t\t\t\t\t<a class=\"rollover rollover-zoom dt-pswp-item\" title=\"3575c7b3-3f64-4e3f-ae5c-19382b34afdd\" data-dt-img-description=\"\" data-large_image_width=\"734\" data-large_image_height=\"462\"href='https:\/\/www.radiopiu.net\/wordpress\/wp-content\/uploads\/2024\/04\/3575c7b3-3f64-4e3f-ae5c-19382b34afdd.jpg'><img loading=\"lazy\" decoding=\"async\" width=\"300\" height=\"189\" src=\"https:\/\/www.radiopiu.net\/wordpress\/wp-content\/uploads\/2024\/04\/3575c7b3-3f64-4e3f-ae5c-19382b34afdd-300x189.jpg\" class=\"attachment-medium size-medium\" alt=\"\" srcset=\"https:\/\/www.radiopiu.net\/wordpress\/wp-content\/uploads\/2024\/04\/3575c7b3-3f64-4e3f-ae5c-19382b34afdd-300x189.jpg 300w, https:\/\/www.radiopiu.net\/wordpress\/wp-content\/uploads\/2024\/04\/3575c7b3-3f64-4e3f-ae5c-19382b34afdd.jpg 734w\" sizes=\"auto, (max-width: 300px) 100vw, 300px\" \/><\/a>\n\t\t\t\t<\/dt><\/dl><br style=\"clear: both\" \/>\n\t\t\t<\/div>\n\n<div class=\"flex-1 overflow-hidden\">\n<div class=\"react-scroll-to-bottom--css-mmxlv-79elbk h-full\">\n<div class=\"react-scroll-to-bottom--css-mmxlv-1n7m0yu\">\n<div class=\"flex flex-col text-sm pb-9\">\n<div class=\"w-full text-token-text-primary\" dir=\"auto\" data-testid=\"conversation-turn-35\">\n<div class=\"px-4 py-2 justify-center text-base md:gap-6 m-auto\">\n<div class=\"flex flex-1 text-base mx-auto gap-3 juice:gap-4 juice:md:gap-6 md:px-5 lg:px-1 xl:px-5 md:max-w-3xl lg:max-w-[40rem] xl:max-w-[48rem]\">\n<div class=\"relative flex w-full min-w-0 flex-col agent-turn\">\n<div class=\"flex-col gap-1 md:gap-3\">\n<div class=\"flex flex-grow flex-col max-w-full\">\n<div class=\"min-h-[20px] text-message flex flex-col items-start gap-3 whitespace-pre-wrap break-words [.text-message+&amp;]:mt-5 overflow-x-auto\" dir=\"auto\" data-message-author-role=\"assistant\" data-message-id=\"81cab9d3-9524-41ab-8cc3-0e473160ebc9\">\n<div class=\"markdown prose w-full break-words dark:prose-invert dark\">\n<p>&#8212;-<\/p>\n<p>&nbsp;<\/p>\n<p>&nbsp;<\/p>\n<blockquote><p><strong>Furgone della Mythos Group distrutto da un corto circuito vicino allo Chalet al Lago.\u00a0<\/strong><\/p><\/blockquote>\n<p><strong>CADORE<\/strong> Un incidente tecnico causato da un problema elettrico ha innescato il fuoco nel veicolo, parcheggiato presso il Lago di Mosigo. L&#8217;emergenza \u00e8 stata gestita dai vigili del fuoco di Cortina e dai volontari di San Vito di Cadore, senza coinvolgere persone nelle vicinanze. Il furgone apparteneva alla Mythos Group, nota per la gestione di hotel, incluso lo Chalet al Lago di San Vito.<\/p>\n<\/div>\n<\/div>\n<\/div>\n<div class=\"mt-1 flex gap-3 empty:hidden\">\n<div class=\"text-gray-400 flex self-end lg:self-center items-center justify-center lg:justify-start mt-0 -ml-1 h-7 gap-[2px] visible\">\n<div class=\"flex\"><\/div>\n<\/div>\n<\/div>\n<div class=\"pr-2 lg:pr-0\"><\/div>\n<\/div>\n<\/div>\n<\/div>\n<\/div>\n<\/div>\n<\/div>\n<\/div>\n<\/div>\n<\/div>\n<p>&nbsp;<\/p>\n<hr \/>\n<p>&nbsp;<\/p>\n<blockquote>\n<h3>VIOLENZA CHOC IN CARCERE A BELLUNO<\/h3>\n<\/blockquote>\n<p><strong><a class=\"dt-pswp-item\" href=\"https:\/\/www.radiopiu.net\/wordpress\/wp-content\/uploads\/2021\/07\/image-2.jpg\" data-dt-img-description=\"\" data-large_image_width=\"960\" data-large_image_height=\"540\"><img loading=\"lazy\" decoding=\"async\" class=\" wp-image-224354 alignleft\" src=\"https:\/\/www.radiopiu.net\/wordpress\/wp-content\/uploads\/2021\/07\/image-2-300x169.jpg\" alt=\"\" width=\"179\" height=\"101\" srcset=\"https:\/\/www.radiopiu.net\/wordpress\/wp-content\/uploads\/2021\/07\/image-2-300x169.jpg 300w, https:\/\/www.radiopiu.net\/wordpress\/wp-content\/uploads\/2021\/07\/image-2-768x432.jpg 768w, https:\/\/www.radiopiu.net\/wordpress\/wp-content\/uploads\/2021\/07\/image-2.jpg 960w\" sizes=\"auto, (max-width: 179px) 100vw, 179px\" \/><\/a>BELLUNO<\/strong> Nel carcere di Belluno, un detenuto nordafricano ha scatenato violenza, aggredendo un agente. Quest&#8217;ultimo aveva rifiutato di farlo uscire dalla cella fuori orario, rapportandolo disciplinarmente. Il detenuto ha reagito con un violento schiaffo, causando una lesione al timpano all&#8217;agente, che ha richiesto venti giorni di prognosi. Il sindacato dei poliziotti denuncia la pericolosa situazione del personale penitenziario, chiedendo interventi urgenti per contrastare l&#8217;impunit\u00e0 dei detenuti violenti. \u00c8 necessaria una forte presenza statale e regole pi\u00f9 rigide per ristabilire l&#8217;ordine e la sicurezza nelle carceri, con tolleranza zero verso i comportamenti violenti.<\/p>\n<div class=\"flex-1 overflow-hidden\">\n<div class=\"react-scroll-to-bottom--css-mmxlv-79elbk h-full\">\n<div class=\"react-scroll-to-bottom--css-mmxlv-1n7m0yu\">\n<div class=\"flex flex-col text-sm pb-9\">\n<div class=\"w-full text-token-text-primary\" dir=\"auto\" data-testid=\"conversation-turn-17\">\n<div class=\"px-4 py-2 justify-center text-base md:gap-6 m-auto\">\n<div class=\"flex flex-1 text-base mx-auto gap-3 juice:gap-4 juice:md:gap-6 md:px-5 lg:px-1 xl:px-5 md:max-w-3xl lg:max-w-[40rem] xl:max-w-[48rem]\">\n<div class=\"relative flex w-full min-w-0 flex-col agent-turn\">\n<div class=\"flex-col gap-1 md:gap-3\">\n<div class=\"pr-2 lg:pr-0\"><\/div>\n<div><\/div>\n<div><\/div>\n<\/div>\n<\/div>\n<\/div>\n<\/div>\n<\/div>\n<\/div>\n<\/div>\n<\/div>\n<\/div>\n<p>&nbsp;<\/p>\n<hr \/>\n<p>&nbsp;<\/p>\n<blockquote>\n<h3>RIAPRE AL TRAFFICO LA SS 51 DI ALEMAGNA A LONGARONE<\/h3>\n<\/blockquote>\n<p><strong>VENEZIA<\/strong> La strada statale 51 &#8220;Di Alemagna&#8221; a Longarone, sar\u00e0 riaperta al traffico oggi alle 12. L&#8217;intervento includeva la ricostruzione del cavalcaferrovia a Castellavazzo, originariamente previsto con due sottopassi pedonali. Successivamente ampliato, ha comportato la sostituzione dell&#8217;impalcato con marciapiedi su entrambi i lati, migliorando il collegamento tra la frazione e Longarone. Fa parte del piano di potenziamento della viabilit\u00e0 verso Cortina, con un investimento totale di circa 22 milioni di euro, di cui 4,3 milioni per il cavalcaferrovia. L&#8217;apertura migliorer\u00e0 la fluidit\u00e0 del traffico, riducendo i tempi di percorrenza e aumentando la sicurezza stradale e il comfort.<\/p>\n\n\t\t\t<style type='text\/css'>\n\t\t\t\t#gallery-2 {\n\t\t\t\t\tmargin: auto;\n\t\t\t\t}\n\t\t\t\t#gallery-2 .gallery-item {\n\t\t\t\t\tfloat: left;\n\t\t\t\t\tmargin-top: 10px;\n\t\t\t\t\ttext-align: center;\n\t\t\t\t\twidth: 33%;\n\t\t\t\t}\n\t\t\t\t#gallery-2 img {\n\t\t\t\t\tborder: 2px solid #cfcfcf;\n\t\t\t\t}\n\t\t\t\t#gallery-2 .gallery-caption {\n\t\t\t\t\tmargin-left: 0;\n\t\t\t\t}\n\t\t\t\t\/* see gallery_shortcode() in wp-includes\/media.php *\/\n\t\t\t<\/style>\n\t\t<div id='gallery-2' class='dt-gallery-container gallery galleryid-387640 gallery-columns-3 gallery-size-thumbnail'><dl class='gallery-item'>\n\t\t\t\t<dt class='gallery-icon landscape'>\n\t\t\t\t\t<a class=\"rollover rollover-zoom dt-pswp-item\" title=\"IMG-20240429-WA0006\" data-dt-img-description=\"\" data-large_image_width=\"1920\" data-large_image_height=\"1080\"href='https:\/\/www.radiopiu.net\/wordpress\/wp-content\/uploads\/2024\/04\/IMG-20240429-WA0006.jpg'><img loading=\"lazy\" decoding=\"async\" width=\"150\" height=\"150\" src=\"https:\/\/www.radiopiu.net\/wordpress\/wp-content\/uploads\/2024\/04\/IMG-20240429-WA0006-150x150.jpg\" class=\"attachment-thumbnail size-thumbnail\" alt=\"\" \/><\/a>\n\t\t\t\t<\/dt><\/dl><dl class='gallery-item'>\n\t\t\t\t<dt class='gallery-icon landscape'>\n\t\t\t\t\t<a class=\"rollover rollover-zoom dt-pswp-item\" title=\"IMG-20240429-WA0005\" data-dt-img-description=\"\" data-large_image_width=\"1920\" data-large_image_height=\"1080\"href='https:\/\/www.radiopiu.net\/wordpress\/wp-content\/uploads\/2024\/04\/IMG-20240429-WA0005.jpg'><img loading=\"lazy\" decoding=\"async\" width=\"150\" height=\"150\" src=\"https:\/\/www.radiopiu.net\/wordpress\/wp-content\/uploads\/2024\/04\/IMG-20240429-WA0005-150x150.jpg\" class=\"attachment-thumbnail size-thumbnail\" alt=\"\" \/><\/a>\n\t\t\t\t<\/dt><\/dl><dl class='gallery-item'>\n\t\t\t\t<dt class='gallery-icon portrait'>\n\t\t\t\t\t<a class=\"rollover rollover-zoom dt-pswp-item\" title=\"foto 2024-04-29 143012\" data-dt-img-description=\"\" data-large_image_width=\"772\" data-large_image_height=\"912\"href='https:\/\/www.radiopiu.net\/wordpress\/wp-content\/uploads\/2024\/04\/foto-2024-04-29-143012.png'><img loading=\"lazy\" decoding=\"async\" width=\"150\" height=\"150\" src=\"https:\/\/www.radiopiu.net\/wordpress\/wp-content\/uploads\/2024\/04\/foto-2024-04-29-143012-150x150.png\" class=\"attachment-thumbnail size-thumbnail\" alt=\"\" \/><\/a>\n\t\t\t\t<\/dt><\/dl><br style=\"clear: both\" \/>\n\t\t\t<\/div>\n\n<p>&nbsp;<\/p>\n<hr \/>\n<p>&nbsp;<\/p>\n<p>&nbsp;<\/p>\n<blockquote>\n<h3>UN MAGGIO DI STRAORDINARI INCENTIVATO ALLO STABILIMENTO ESSILORLUXOTTICA DI AGORDO<\/h3>\n<\/blockquote>\n<p><strong><a class=\"dt-pswp-item\" href=\"https:\/\/www.radiopiu.net\/wordpress\/wp-content\/uploads\/2022\/06\/LUXOTTICA-13.jpg\" data-dt-img-description=\"\" data-large_image_width=\"1111\" data-large_image_height=\"600\"><img loading=\"lazy\" decoding=\"async\" class=\" wp-image-284020 alignleft\" src=\"https:\/\/www.radiopiu.net\/wordpress\/wp-content\/uploads\/2022\/06\/LUXOTTICA-13-300x162.jpg\" alt=\"\" width=\"170\" height=\"92\" srcset=\"https:\/\/www.radiopiu.net\/wordpress\/wp-content\/uploads\/2022\/06\/LUXOTTICA-13-300x162.jpg 300w, https:\/\/www.radiopiu.net\/wordpress\/wp-content\/uploads\/2022\/06\/LUXOTTICA-13-1024x553.jpg 1024w, https:\/\/www.radiopiu.net\/wordpress\/wp-content\/uploads\/2022\/06\/LUXOTTICA-13-768x415.jpg 768w, https:\/\/www.radiopiu.net\/wordpress\/wp-content\/uploads\/2022\/06\/LUXOTTICA-13.jpg 1111w\" sizes=\"auto, (max-width: 170px) 100vw, 170px\" \/><\/a>AGORDO<\/strong> RSU dello stabilimento Essilorluxottica di Agordo e azienda si sono incontrati nelle ultime ore per sottoscrivere un piano di sabati incentivati che riguardano tutti i reparti. Le maestranze dei reparti che lavorano le montature in metallo (stamperia, CNC, saldatura, trattamenti superficiali), taglio lenti e magazzino centrale sono chiamati al lavoro nelle giornate del 4, 11, 18, e 25 maggio. Area iniettato (stamperia, nastratura e capsulamento) e area finitura invece lavoreranno il 18 e il 25 maggio. Il piano di straordinari incentivati prevede che nelle giornate indicate siano chiamati al lavoro solo gli operai che nella settimana effettuano il turno mattina, quindi saranno due sabati per l&#8217;area metallo e uno per l&#8217;iniettato. L&#8217;orario di lavoro sar\u00e0 dalle 6 alle 12. Coloro che lavorano a giornata saranno al lavoro nelle giornate del 4 e 18 maggio. I turnisti notturni invece posticiperanno l&#8217;incentivato nei giorni del 6 e 20 maggio da mezzanotte alle 6.<\/p>\n<p>&nbsp;<\/p>\n<hr \/>\n<p>&nbsp;<\/p>\n<p>&nbsp;<\/p>\n<div class=\"flex-1 overflow-hidden\">\n<div class=\"react-scroll-to-bottom--css-mmxlv-79elbk h-full\">\n<div class=\"react-scroll-to-bottom--css-mmxlv-1n7m0yu\">\n<div class=\"flex flex-col text-sm pb-9\">\n<div class=\"w-full text-token-text-primary\" dir=\"auto\" data-testid=\"conversation-turn-17\">\n<div class=\"px-4 py-2 justify-center text-base md:gap-6 m-auto\">\n<div class=\"flex flex-1 text-base mx-auto gap-3 juice:gap-4 juice:md:gap-6 md:px-5 lg:px-1 xl:px-5 md:max-w-3xl lg:max-w-[40rem] xl:max-w-[48rem]\">\n<div class=\"relative flex w-full min-w-0 flex-col agent-turn\">\n<div class=\"flex-col gap-1 md:gap-3\">\n<div><\/div>\n<div><\/div>\n<div>\n<div class=\"flex-1 overflow-hidden\">\n<div class=\"react-scroll-to-bottom--css-mmxlv-79elbk h-full\">\n<div class=\"react-scroll-to-bottom--css-mmxlv-1n7m0yu\">\n<div class=\"flex flex-col text-sm pb-9\">\n<div class=\"w-full text-token-text-primary\" dir=\"auto\" data-testid=\"conversation-turn-27\">\n<div class=\"px-4 py-2 justify-center text-base md:gap-6 m-auto\">\n<div class=\"flex flex-1 text-base mx-auto gap-3 juice:gap-4 juice:md:gap-6 md:px-5 lg:px-1 xl:px-5 md:max-w-3xl lg:max-w-[40rem] xl:max-w-[48rem]\">\n<div class=\"relative flex w-full min-w-0 flex-col agent-turn\">\n<div class=\"flex-col gap-1 md:gap-3\">\n<div class=\"flex flex-grow flex-col max-w-full\">\n<div class=\"min-h-[20px] text-message flex flex-col items-start gap-3 whitespace-pre-wrap break-words [.text-message+&amp;]:mt-5 overflow-x-auto\" dir=\"auto\" data-message-author-role=\"assistant\" data-message-id=\"2cce1382-802d-4bff-8fff-795430a6ccdd\">\n<div class=\"markdown prose w-full break-words dark:prose-invert dark\">\n<blockquote><p><strong><a class=\"dt-pswp-item\" href=\"https:\/\/www.radiopiu.net\/wordpress\/wp-content\/uploads\/2024\/04\/Senza-nome-53.png\" data-dt-img-description=\"\" data-large_image_width=\"281\" data-large_image_height=\"237\"><img loading=\"lazy\" decoding=\"async\" class=\"wp-image-387832 alignleft\" src=\"https:\/\/www.radiopiu.net\/wordpress\/wp-content\/uploads\/2024\/04\/Senza-nome-53.png\" alt=\"\" width=\"168\" height=\"142\" \/><\/a>Addio a Vittorio Casanova, militante storico della Lega a Ponte nelle Alpi.<\/strong><\/p><\/blockquote>\n<\/div>\n<\/div>\n<\/div>\n<div class=\"mt-1 flex gap-3 empty:hidden\">\n<div class=\"text-gray-400 flex self-end lg:self-center items-center justify-center lg:justify-start mt-0 -ml-1 h-7 gap-[2px] visible\">\n<div class=\"flex\"><strong>PONTE NELLE ALPI<\/strong> \u00c8\u00a0 mancato Vittorio Casanova, 78 anni, di Roncan, gi\u00e0 segretario della sezione della Lega Nord e attualmente attivo, fino all&#8217;ultimo, nel ruolo di consigliere della sezione del Carroccio.\u00a0 L&#8217;intera sezione Ponte nelle Alpi \u2013 Soverzene della Lega si stringe cos\u00ec attorno alla famiglia di Casanova. I funerali avranno luogo gioved\u00ec 2 maggio alle 16 nella chiesa parrocchiale di Col di Cugnan<\/div>\n<\/div>\n<\/div>\n<\/div>\n<div class=\"absolute\">\n<div class=\"flex w-full gap-2 items-center justify-center\"><\/div>\n<\/div>\n<\/div>\n<\/div>\n<\/div>\n<\/div>\n<\/div>\n<\/div>\n<\/div>\n<\/div>\n<\/div>\n<div><\/div>\n<div><\/div>\n<\/div>\n<\/div>\n<\/div>\n<\/div>\n<\/div>\n<\/div>\n<\/div>\n<\/div>\n<\/div>\n<div class=\"w-full pt-2 md:pt-0 dark:border-white\/20 md:border-transparent md:dark:border-transparent md:w-[calc(100%-.5rem)]\">\n<form class=\"stretch mx-2 flex flex-row gap-3 last:mb-2 md:mx-4 md:last:mb-6 lg:mx-auto lg:max-w-2xl xl:max-w-3xl\">\n<div class=\"relative flex h-full max-w-full flex-1 flex-col\">\n<div><\/div>\n<\/div>\n<\/form>\n<\/div>\n<p>&nbsp;<\/p>\n<p>&nbsp;<\/p>\n<hr \/>\n<p>&nbsp;<\/p>\n<p>&nbsp;<\/p>\n<blockquote>\n<h3>MERCATO DEL LAVORO E RESIDENZIALITA&#8217; AL CENTRO DELL&#8217;INCONTRO A VILLA PATT DI SEDICO<\/h3>\n<\/blockquote>\n<p><strong><a class=\"dt-pswp-item\" href=\"https:\/\/www.radiopiu.net\/wordpress\/wp-content\/uploads\/2024\/04\/b9c56f29-74ba-4f4b-89d2-3587319acb1d.jpg\" data-dt-img-description=\"\" data-large_image_width=\"2048\" data-large_image_height=\"1536\"><img loading=\"lazy\" decoding=\"async\" class=\" wp-image-387738 alignleft\" src=\"https:\/\/www.radiopiu.net\/wordpress\/wp-content\/uploads\/2024\/04\/b9c56f29-74ba-4f4b-89d2-3587319acb1d-300x225.jpg\" alt=\"\" width=\"167\" height=\"125\" srcset=\"https:\/\/www.radiopiu.net\/wordpress\/wp-content\/uploads\/2024\/04\/b9c56f29-74ba-4f4b-89d2-3587319acb1d-300x225.jpg 300w, https:\/\/www.radiopiu.net\/wordpress\/wp-content\/uploads\/2024\/04\/b9c56f29-74ba-4f4b-89d2-3587319acb1d-1024x768.jpg 1024w, https:\/\/www.radiopiu.net\/wordpress\/wp-content\/uploads\/2024\/04\/b9c56f29-74ba-4f4b-89d2-3587319acb1d-768x576.jpg 768w, https:\/\/www.radiopiu.net\/wordpress\/wp-content\/uploads\/2024\/04\/b9c56f29-74ba-4f4b-89d2-3587319acb1d-1536x1152.jpg 1536w, https:\/\/www.radiopiu.net\/wordpress\/wp-content\/uploads\/2024\/04\/b9c56f29-74ba-4f4b-89d2-3587319acb1d.jpg 2048w\" sizes=\"auto, (max-width: 167px) 100vw, 167px\" \/><\/a>SEDICO<\/strong> Mercato del lavoro e residenzialit\u00e0: questi i temi al centro dell&#8217;incontro promosso da Provincia di Belluno e Veneto Lavoro che ha messo in luce i problemi e i paradossi del territorio bellunese.<\/p>\n<p><strong>DI DANIELE DALVIT<\/strong><\/p>\n<audio class=\"wp-audio-shortcode\" id=\"audio-387640-5\" preload=\"none\" style=\"width: 100%;\" controls=\"controls\"><source type=\"audio\/mpeg\" src=\"https:\/\/www.radiopiu.net\/wordpress\/wp-content\/uploads\/2024\/04\/Radio-Piu-Servizio-Residenzialita-e-occupazione.mp3?_=5\" \/><a href=\"https:\/\/www.radiopiu.net\/wordpress\/wp-content\/uploads\/2024\/04\/Radio-Piu-Servizio-Residenzialita-e-occupazione.mp3\">https:\/\/www.radiopiu.net\/wordpress\/wp-content\/uploads\/2024\/04\/Radio-Piu-Servizio-Residenzialita-e-occupazione.mp3<\/a><\/audio>\n<p>&nbsp;<\/p>\n<p>&nbsp;<\/p>\n<hr \/>\n<p>&nbsp;<\/p>\n<p>&nbsp;<\/p>\n<div class=\"relative flex h-full max-w-full flex-1 flex-col\">\n<blockquote>\n<h3><a class=\"dt-pswp-item\" href=\"https:\/\/www.radiopiu.net\/wordpress\/wp-content\/uploads\/2024\/04\/438241585_10160408017358370_3212191853190172620_n.jpg\" data-dt-img-description=\"\" data-large_image_width=\"960\" data-large_image_height=\"720\"><img loading=\"lazy\" decoding=\"async\" class=\" wp-image-387828 alignleft\" src=\"https:\/\/www.radiopiu.net\/wordpress\/wp-content\/uploads\/2024\/04\/438241585_10160408017358370_3212191853190172620_n-300x225.jpg\" alt=\"\" width=\"199\" height=\"149\" srcset=\"https:\/\/www.radiopiu.net\/wordpress\/wp-content\/uploads\/2024\/04\/438241585_10160408017358370_3212191853190172620_n-300x225.jpg 300w, https:\/\/www.radiopiu.net\/wordpress\/wp-content\/uploads\/2024\/04\/438241585_10160408017358370_3212191853190172620_n-768x576.jpg 768w, https:\/\/www.radiopiu.net\/wordpress\/wp-content\/uploads\/2024\/04\/438241585_10160408017358370_3212191853190172620_n.jpg 960w\" sizes=\"auto, (max-width: 199px) 100vw, 199px\" \/><\/a>Soccorso e recupero di una lupa in difficolt\u00e0: un lavoro di squadra tra volontari e autorit\u00e0<\/h3>\n<\/blockquote>\n<\/div>\n<div>\n<div class=\"flex-1 overflow-hidden\">\n<div class=\"react-scroll-to-bottom--css-mmxlv-79elbk h-full\">\n<div class=\"react-scroll-to-bottom--css-mmxlv-1n7m0yu\">\n<div class=\"flex flex-col text-sm pb-9\">\n<div class=\"w-full text-token-text-primary\" dir=\"auto\" data-testid=\"conversation-turn-25\">\n<div class=\"px-4 py-2 justify-center text-base md:gap-6 m-auto\">\n<div class=\"flex flex-1 text-base mx-auto gap-3 juice:gap-4 juice:md:gap-6 md:px-5 lg:px-1 xl:px-5 md:max-w-3xl lg:max-w-[40rem] xl:max-w-[48rem]\">\n<div class=\"relative flex w-full min-w-0 flex-col agent-turn\">\n<div class=\"flex-col gap-1 md:gap-3\">\n<div class=\"flex flex-grow flex-col max-w-full\">\n<div class=\"min-h-[20px] text-message flex flex-col items-start gap-3 whitespace-pre-wrap break-words [.text-message+&amp;]:mt-5 overflow-x-auto\" dir=\"auto\" data-message-author-role=\"assistant\" data-message-id=\"e71cec51-fb20-4d00-8dd7-f6b9b33edfd5\">\n<div class=\"markdown prose w-full break-words dark:prose-invert dark\">\n<p><strong>BORGO VALBELLUNA<\/strong> Una femmina di lupo in grave stato di salute \u00e8 stata soccorsa a Malga Garda, Lentiai, da un volontario dell&#8217;associazione &#8220;Io non ho paura del lupo&#8221; e la polizia provinciale. Visita dal veterinario e trasferita al Cras di Treviso, si spera possa riprendersi. Il volontario, impegnato in un monitoraggio per il progetto Life wolfalps Eu, ha notato la lupa in difficolt\u00e0 e ha attivato il soccorso.<\/p>\n<\/div>\n<\/div>\n<\/div>\n<\/div>\n<\/div>\n<\/div>\n<\/div>\n<\/div>\n<\/div>\n<\/div>\n<\/div>\n<\/div>\n<div class=\"w-full pt-2 md:pt-0 dark:border-white\/20 md:border-transparent md:dark:border-transparent md:w-[calc(100%-.5rem)]\">\n<div class=\"relative flex h-full max-w-full flex-1 flex-col\">\n<div class=\"flex w-full items-center\"><\/div>\n<\/div>\n<\/div>\n<\/div>\n<p>&nbsp;<\/p>\n<p>&nbsp;<\/p>\n<hr \/>\n<p>&nbsp;<\/p>\n<blockquote>\n<h3><a class=\"dt-pswp-item\" href=\"https:\/\/www.radiopiu.net\/wordpress\/wp-content\/uploads\/2024\/04\/Assemblea-dei-Soci-Viveracqua-gestori-idrici-del-Veneto.jpeg\" data-dt-img-description=\"\" data-large_image_width=\"1600\" data-large_image_height=\"721\"><img loading=\"lazy\" decoding=\"async\" class=\"size-medium wp-image-387723 alignleft\" src=\"https:\/\/www.radiopiu.net\/wordpress\/wp-content\/uploads\/2024\/04\/Assemblea-dei-Soci-Viveracqua-gestori-idrici-del-Veneto-300x135.jpeg\" alt=\"\" width=\"300\" height=\"135\" srcset=\"https:\/\/www.radiopiu.net\/wordpress\/wp-content\/uploads\/2024\/04\/Assemblea-dei-Soci-Viveracqua-gestori-idrici-del-Veneto-300x135.jpeg 300w, https:\/\/www.radiopiu.net\/wordpress\/wp-content\/uploads\/2024\/04\/Assemblea-dei-Soci-Viveracqua-gestori-idrici-del-Veneto-1024x461.jpeg 1024w, https:\/\/www.radiopiu.net\/wordpress\/wp-content\/uploads\/2024\/04\/Assemblea-dei-Soci-Viveracqua-gestori-idrici-del-Veneto-768x346.jpeg 768w, https:\/\/www.radiopiu.net\/wordpress\/wp-content\/uploads\/2024\/04\/Assemblea-dei-Soci-Viveracqua-gestori-idrici-del-Veneto-1536x692.jpeg 1536w, https:\/\/www.radiopiu.net\/wordpress\/wp-content\/uploads\/2024\/04\/Assemblea-dei-Soci-Viveracqua-gestori-idrici-del-Veneto.jpeg 1600w\" sizes=\"auto, (max-width: 300px) 100vw, 300px\" \/><\/a>Approvato bilancio e partecipazione record all&#8217;Assemblea dei Soci di Viveracqua<\/h3>\n<\/blockquote>\n<div class=\"flex-1 overflow-hidden\">\n<div class=\"react-scroll-to-bottom--css-mmxlv-79elbk h-full\">\n<div class=\"react-scroll-to-bottom--css-mmxlv-1n7m0yu\">\n<div class=\"flex flex-col text-sm pb-9\">\n<div class=\"w-full text-token-text-primary\" dir=\"auto\" data-testid=\"conversation-turn-17\">\n<div class=\"px-4 py-2 justify-center text-base md:gap-6 m-auto\">\n<div class=\"flex flex-1 text-base mx-auto gap-3 juice:gap-4 juice:md:gap-6 md:px-5 lg:px-1 xl:px-5 md:max-w-3xl lg:max-w-[40rem] xl:max-w-[48rem]\">\n<div class=\"relative flex w-full min-w-0 flex-col agent-turn\">\n<div class=\"flex-col gap-1 md:gap-3\">\n<div class=\"flex flex-grow flex-col max-w-full\">\n<div class=\"min-h-[20px] text-message flex flex-col items-start gap-3 whitespace-pre-wrap break-words [.text-message+&amp;]:mt-5 overflow-x-auto\" dir=\"auto\" data-message-author-role=\"assistant\" data-message-id=\"c449f317-0c62-41de-82e6-fc7052161060\">\n<div class=\"markdown prose w-full break-words dark:prose-invert dark\">\n<p>Nella sede di Acque del Chiampo ad Arzignano si \u00e8 tenuta l&#8217;Assemblea dei Soci di Viveracqua, con la presenza di rappresentanti di 11 delle 12 aziende socie, equivalenti al 98% del capitale sociale. L&#8217;assemblea ha approvato il Bilancio di esercizio 2023, registrando incrementi significativi nelle attivit\u00e0 condivise dalle 12 aziende idriche pubbliche del Veneto. Queste aziende, riunite in Viveracqua, forniscono servizi a 580 Comuni della regione e parte del Friuli Venezia Giulia, per un totale di 4,7 milioni di abitanti e un valore della produzione superiore a 1 miliardo di euro.<\/p>\n<p>&nbsp;<\/p>\n<hr \/>\n<p>&nbsp;<\/p>\n<p>&nbsp;<\/p>\n<p><strong><a class=\"dt-pswp-item\" href=\"https:\/\/www.radiopiu.net\/wordpress\/wp-content\/uploads\/2024\/04\/Senza-nome-54.png\" data-dt-img-description=\"\" data-large_image_width=\"897\" data-large_image_height=\"516\"><img loading=\"lazy\" decoding=\"async\" class=\" wp-image-387835 alignleft\" src=\"https:\/\/www.radiopiu.net\/wordpress\/wp-content\/uploads\/2024\/04\/Senza-nome-54-300x173.png\" alt=\"\" width=\"262\" height=\"151\" srcset=\"https:\/\/www.radiopiu.net\/wordpress\/wp-content\/uploads\/2024\/04\/Senza-nome-54-300x173.png 300w, https:\/\/www.radiopiu.net\/wordpress\/wp-content\/uploads\/2024\/04\/Senza-nome-54-768x442.png 768w, https:\/\/www.radiopiu.net\/wordpress\/wp-content\/uploads\/2024\/04\/Senza-nome-54.png 897w\" sizes=\"auto, (max-width: 262px) 100vw, 262px\" \/><\/a>Le Voci dell&#8217;Acqua&#8221;: Un&#8217;Esposizione Multisensoriale nella Settimana della Maratona <\/strong><\/p>\n<\/div>\n<p>&nbsp;<\/p>\n<p>FELTRE L&#8217;installazione alle antiche prigioni, inaugurata ieri, offre una prospettiva suggestiva e inquietante sulle varie sfaccettature dell&#8217;acqua, dall&#8217;inquinamento al cambiamento climatico. In contemporanea, al Fondaco delle Biade, la mostra fotografica di F-Cube presenta immagini mozzafiato dei paesaggi acquatici del Feltrino. Con la partecipazione di Mario Tozzi e una serie di eventi culturali, la Maratona si conferma come un punto di riferimento per affrontare le sfide ambientali e coinvolgere la comunit\u00e0.<\/p>\n<p>LO SPOT ALLA RADIO<\/p>\n<audio class=\"wp-audio-shortcode\" id=\"audio-387640-6\" preload=\"none\" style=\"width: 100%;\" controls=\"controls\"><source type=\"audio\/mpeg\" src=\"https:\/\/www.radiopiu.net\/wordpress\/wp-content\/uploads\/2024\/04\/FELTRE-15-APRILE.mp3?_=6\" \/><a href=\"https:\/\/www.radiopiu.net\/wordpress\/wp-content\/uploads\/2024\/04\/FELTRE-15-APRILE.mp3\">https:\/\/www.radiopiu.net\/wordpress\/wp-content\/uploads\/2024\/04\/FELTRE-15-APRILE.mp3<\/a><\/audio>\n<div class=\"markdown prose w-full break-words dark:prose-invert dark\">\n<p>&nbsp;<\/p>\n<hr \/>\n<p>&nbsp;<\/p>\n<\/div>\n<\/div>\n<\/div>\n<\/div>\n<\/div>\n<\/div>\n<\/div>\n<\/div>\n<\/div>\n<\/div>\n<\/div>\n<\/div>\n<blockquote>\n<h3>UN NUOVO ECOGRAFO IN NEFROLOGIA A BELLUNO<\/h3>\n<\/blockquote>\n<p><strong><a class=\"dt-pswp-item\" href=\"https:\/\/www.radiopiu.net\/wordpress\/wp-content\/uploads\/2024\/04\/nefrologia.jpeg\" data-dt-img-description=\"\" data-large_image_width=\"2040\" data-large_image_height=\"1530\"><img loading=\"lazy\" decoding=\"async\" class=\" wp-image-387759 alignleft\" src=\"https:\/\/www.radiopiu.net\/wordpress\/wp-content\/uploads\/2024\/04\/nefrologia-300x225.jpeg\" alt=\"\" width=\"157\" height=\"118\" srcset=\"https:\/\/www.radiopiu.net\/wordpress\/wp-content\/uploads\/2024\/04\/nefrologia-300x225.jpeg 300w, https:\/\/www.radiopiu.net\/wordpress\/wp-content\/uploads\/2024\/04\/nefrologia-1024x768.jpeg 1024w, https:\/\/www.radiopiu.net\/wordpress\/wp-content\/uploads\/2024\/04\/nefrologia-768x576.jpeg 768w, https:\/\/www.radiopiu.net\/wordpress\/wp-content\/uploads\/2024\/04\/nefrologia-1536x1152.jpeg 1536w, https:\/\/www.radiopiu.net\/wordpress\/wp-content\/uploads\/2024\/04\/nefrologia.jpeg 2040w\" sizes=\"auto, (max-width: 157px) 100vw, 157px\" \/><\/a>BELLUNO<\/strong> L&#8217;Unit\u00e0 di Nefrologia di Belluno ha ricevuto un ecografo all&#8217;avanguardia, migliorando la precisione diagnostica. Progettato per eccellere nelle diagnosi addominali, specialmente renali, offre immagini ad alta risoluzione per una diagnosi affidabile. Dotato di un monitor ampio e flessibile, migliora l&#8217;ergonomia e facilita l&#8217;uso da parte dei medici. Grazie a una piattaforma di elaborazione delle immagini innovativa, assicura risoluzione elevata e focalizzazione costante. Questa donazione di 50 mila euro, in memoria di un paziente, \u00e8 un gesto di gratitudine verso l&#8217;Ulss Dolomiti e sostiene il progresso della medicina locale.<\/p>\n<p>&nbsp;<\/p>\n<p>&nbsp;<\/p>\n<hr \/>\n<p>&nbsp;<\/p>\n<blockquote>\n<h3>CONTINUANO LE GIORNATE ECOLOGICHE A VOLTAGO<\/h3>\n<\/blockquote>\n<p><strong>VOLTAGO<\/strong> I volontari di Voltago non si fermano mai. Anche sabato scorso si sono dati d fare con una nuova giornata ecologica per mantenere pulito il bosco ma non solo.<\/p>\n<p><strong>VIKI RIVA<\/strong><\/p>\n<audio class=\"wp-audio-shortcode\" id=\"audio-387640-7\" preload=\"none\" style=\"width: 100%;\" controls=\"controls\"><source type=\"audio\/mpeg\" src=\"https:\/\/www.radiopiu.net\/wordpress\/wp-content\/uploads\/2024\/04\/VIKI-RIVA-GIORNATA-ECO.mp3?_=7\" \/><a href=\"https:\/\/www.radiopiu.net\/wordpress\/wp-content\/uploads\/2024\/04\/VIKI-RIVA-GIORNATA-ECO.mp3\">https:\/\/www.radiopiu.net\/wordpress\/wp-content\/uploads\/2024\/04\/VIKI-RIVA-GIORNATA-ECO.mp3<\/a><\/audio>\n<p>&nbsp;<\/p>\n\n\t\t\t<style type='text\/css'>\n\t\t\t\t#gallery-3 {\n\t\t\t\t\tmargin: auto;\n\t\t\t\t}\n\t\t\t\t#gallery-3 .gallery-item {\n\t\t\t\t\tfloat: left;\n\t\t\t\t\tmargin-top: 10px;\n\t\t\t\t\ttext-align: center;\n\t\t\t\t\twidth: 20%;\n\t\t\t\t}\n\t\t\t\t#gallery-3 img {\n\t\t\t\t\tborder: 2px solid #cfcfcf;\n\t\t\t\t}\n\t\t\t\t#gallery-3 .gallery-caption {\n\t\t\t\t\tmargin-left: 0;\n\t\t\t\t}\n\t\t\t\t\/* see gallery_shortcode() in wp-includes\/media.php *\/\n\t\t\t<\/style>\n\t\t<div id='gallery-3' class='dt-gallery-container gallery galleryid-387640 gallery-columns-5 gallery-size-thumbnail'><dl class='gallery-item'>\n\t\t\t\t<dt class='gallery-icon portrait'>\n\t\t\t\t\t<a class=\"rollover rollover-zoom dt-pswp-item\" title=\"025cc469-6277-4e02-a5cd-ce973a7d00c8\" data-dt-img-description=\"\" data-large_image_width=\"1200\" data-large_image_height=\"1600\"href='https:\/\/www.radiopiu.net\/wordpress\/wp-content\/uploads\/2024\/04\/025cc469-6277-4e02-a5cd-ce973a7d00c8.jpg'><img loading=\"lazy\" decoding=\"async\" width=\"150\" height=\"150\" src=\"https:\/\/www.radiopiu.net\/wordpress\/wp-content\/uploads\/2024\/04\/025cc469-6277-4e02-a5cd-ce973a7d00c8-150x150.jpg\" class=\"attachment-thumbnail size-thumbnail\" alt=\"\" \/><\/a>\n\t\t\t\t<\/dt><\/dl><dl class='gallery-item'>\n\t\t\t\t<dt class='gallery-icon portrait'>\n\t\t\t\t\t<a class=\"rollover rollover-zoom dt-pswp-item\" title=\"cd2351a3-da5a-46e2-a886-f37e02e176b3\" data-dt-img-description=\"\" data-large_image_width=\"1200\" data-large_image_height=\"1600\"href='https:\/\/www.radiopiu.net\/wordpress\/wp-content\/uploads\/2024\/04\/cd2351a3-da5a-46e2-a886-f37e02e176b3.jpg'><img loading=\"lazy\" decoding=\"async\" width=\"150\" height=\"150\" src=\"https:\/\/www.radiopiu.net\/wordpress\/wp-content\/uploads\/2024\/04\/cd2351a3-da5a-46e2-a886-f37e02e176b3-150x150.jpg\" class=\"attachment-thumbnail size-thumbnail\" alt=\"\" \/><\/a>\n\t\t\t\t<\/dt><\/dl><dl class='gallery-item'>\n\t\t\t\t<dt class='gallery-icon portrait'>\n\t\t\t\t\t<a class=\"rollover rollover-zoom dt-pswp-item\" title=\"9dd110d4-e6ea-4568-8a74-203041771cca\" data-dt-img-description=\"\" data-large_image_width=\"1200\" data-large_image_height=\"1600\"href='https:\/\/www.radiopiu.net\/wordpress\/wp-content\/uploads\/2024\/04\/9dd110d4-e6ea-4568-8a74-203041771cca.jpg'><img loading=\"lazy\" decoding=\"async\" width=\"150\" height=\"150\" src=\"https:\/\/www.radiopiu.net\/wordpress\/wp-content\/uploads\/2024\/04\/9dd110d4-e6ea-4568-8a74-203041771cca-150x150.jpg\" class=\"attachment-thumbnail size-thumbnail\" alt=\"\" \/><\/a>\n\t\t\t\t<\/dt><\/dl><dl class='gallery-item'>\n\t\t\t\t<dt class='gallery-icon landscape'>\n\t\t\t\t\t<a class=\"rollover rollover-zoom dt-pswp-item\" title=\"f20d0116-f134-47b6-bc81-478caa356f34\" data-dt-img-description=\"\" data-large_image_width=\"2048\" data-large_image_height=\"1536\"href='https:\/\/www.radiopiu.net\/wordpress\/wp-content\/uploads\/2024\/04\/f20d0116-f134-47b6-bc81-478caa356f34.jpg'><img loading=\"lazy\" decoding=\"async\" width=\"150\" height=\"150\" src=\"https:\/\/www.radiopiu.net\/wordpress\/wp-content\/uploads\/2024\/04\/f20d0116-f134-47b6-bc81-478caa356f34-150x150.jpg\" class=\"attachment-thumbnail size-thumbnail\" alt=\"\" \/><\/a>\n\t\t\t\t<\/dt><\/dl><dl class='gallery-item'>\n\t\t\t\t<dt class='gallery-icon landscape'>\n\t\t\t\t\t<a class=\"rollover rollover-zoom dt-pswp-item\" title=\"e2439c97-a884-42c4-9c27-d1d0475e46ea\" data-dt-img-description=\"\" data-large_image_width=\"2048\" data-large_image_height=\"1536\"href='https:\/\/www.radiopiu.net\/wordpress\/wp-content\/uploads\/2024\/04\/e2439c97-a884-42c4-9c27-d1d0475e46ea.jpg'><img loading=\"lazy\" decoding=\"async\" width=\"150\" height=\"150\" src=\"https:\/\/www.radiopiu.net\/wordpress\/wp-content\/uploads\/2024\/04\/e2439c97-a884-42c4-9c27-d1d0475e46ea-150x150.jpg\" class=\"attachment-thumbnail size-thumbnail\" alt=\"\" \/><\/a>\n\t\t\t\t<\/dt><\/dl><br style=\"clear: both\" \/><dl class='gallery-item'>\n\t\t\t\t<dt class='gallery-icon landscape'>\n\t\t\t\t\t<a class=\"rollover rollover-zoom dt-pswp-item\" title=\"19234056-7ef6-4337-b175-f3358e2ea9ad\" data-dt-img-description=\"\" data-large_image_width=\"2048\" data-large_image_height=\"1536\"href='https:\/\/www.radiopiu.net\/wordpress\/wp-content\/uploads\/2024\/04\/19234056-7ef6-4337-b175-f3358e2ea9ad.jpg'><img loading=\"lazy\" decoding=\"async\" width=\"150\" height=\"150\" src=\"https:\/\/www.radiopiu.net\/wordpress\/wp-content\/uploads\/2024\/04\/19234056-7ef6-4337-b175-f3358e2ea9ad-150x150.jpg\" class=\"attachment-thumbnail size-thumbnail\" alt=\"\" \/><\/a>\n\t\t\t\t<\/dt><\/dl><dl class='gallery-item'>\n\t\t\t\t<dt class='gallery-icon landscape'>\n\t\t\t\t\t<a class=\"rollover rollover-zoom dt-pswp-item\" title=\"ac071833-a396-48b2-a777-eb056af874b5\" data-dt-img-description=\"\" data-large_image_width=\"2048\" data-large_image_height=\"1536\"href='https:\/\/www.radiopiu.net\/wordpress\/wp-content\/uploads\/2024\/04\/ac071833-a396-48b2-a777-eb056af874b5.jpg'><img loading=\"lazy\" decoding=\"async\" width=\"150\" height=\"150\" src=\"https:\/\/www.radiopiu.net\/wordpress\/wp-content\/uploads\/2024\/04\/ac071833-a396-48b2-a777-eb056af874b5-150x150.jpg\" class=\"attachment-thumbnail size-thumbnail\" alt=\"\" \/><\/a>\n\t\t\t\t<\/dt><\/dl><dl class='gallery-item'>\n\t\t\t\t<dt class='gallery-icon portrait'>\n\t\t\t\t\t<a class=\"rollover rollover-zoom dt-pswp-item\" title=\"2e77d41f-bbb4-442a-abba-403fba2cbcdf\" data-dt-img-description=\"\" data-large_image_width=\"1536\" data-large_image_height=\"2048\"href='https:\/\/www.radiopiu.net\/wordpress\/wp-content\/uploads\/2024\/04\/2e77d41f-bbb4-442a-abba-403fba2cbcdf.jpg'><img loading=\"lazy\" decoding=\"async\" width=\"150\" height=\"150\" src=\"https:\/\/www.radiopiu.net\/wordpress\/wp-content\/uploads\/2024\/04\/2e77d41f-bbb4-442a-abba-403fba2cbcdf-150x150.jpg\" class=\"attachment-thumbnail size-thumbnail\" alt=\"\" \/><\/a>\n\t\t\t\t<\/dt><\/dl><dl class='gallery-item'>\n\t\t\t\t<dt class='gallery-icon landscape'>\n\t\t\t\t\t<a class=\"rollover rollover-zoom dt-pswp-item\" title=\"76f04b19-94b8-487f-9c23-bdcfe8f971c8\" data-dt-img-description=\"\" data-large_image_width=\"2048\" data-large_image_height=\"1536\"href='https:\/\/www.radiopiu.net\/wordpress\/wp-content\/uploads\/2024\/04\/76f04b19-94b8-487f-9c23-bdcfe8f971c8.jpg'><img loading=\"lazy\" decoding=\"async\" width=\"150\" height=\"150\" src=\"https:\/\/www.radiopiu.net\/wordpress\/wp-content\/uploads\/2024\/04\/76f04b19-94b8-487f-9c23-bdcfe8f971c8-150x150.jpg\" class=\"attachment-thumbnail size-thumbnail\" alt=\"\" \/><\/a>\n\t\t\t\t<\/dt><\/dl>\n\t\t\t\t<br style='clear: both' \/>\n\t\t\t<\/div>\n\n<p>&nbsp;<\/p>\n<hr \/>\n<p>&nbsp;<\/p>\n<div><\/div>\n<div><\/div>\n<div><span style=\"color: #ff0000;\"><strong>OGGI LA GIUDIZIARIA, oggi sul corriere delle alpi<\/strong><\/span><br \/>\n<span style=\"color: #ff0000;\"><strong>di GIGI SOSSO <\/strong><\/span><\/div>\n<div><strong>\u00a0<\/strong><\/div>\n<div>\n<p><strong>Assoluzione in secondo grado per la guida naturalistica accusata di esercizio abusivo della professione<\/strong><\/p>\n<div class=\"flex-1 overflow-hidden\">\n<div class=\"react-scroll-to-bottom--css-mmxlv-79elbk h-full\">\n<div class=\"react-scroll-to-bottom--css-mmxlv-1n7m0yu\">\n<div class=\"flex flex-col text-sm pb-9\">\n<div class=\"w-full text-token-text-primary\" dir=\"auto\" data-testid=\"conversation-turn-21\">\n<div class=\"px-4 py-2 justify-center text-base md:gap-6 m-auto\">\n<div class=\"flex flex-1 text-base mx-auto gap-3 juice:gap-4 juice:md:gap-6 md:px-5 lg:px-1 xl:px-5 md:max-w-3xl lg:max-w-[40rem] xl:max-w-[48rem]\">\n<div class=\"relative flex w-full min-w-0 flex-col agent-turn\">\n<div class=\"flex-col gap-1 md:gap-3\">\n<div class=\"flex flex-grow flex-col max-w-full\">\n<div class=\"min-h-[20px] text-message flex flex-col items-start gap-3 whitespace-pre-wrap break-words [.text-message+&amp;]:mt-5 overflow-x-auto\" dir=\"auto\" data-message-author-role=\"assistant\" data-message-id=\"62e0bd86-444a-42f6-9336-ab052cca479d\">\n<div class=\"markdown prose w-full break-words dark:prose-invert dark\">\n<p>VENEZIA La Corte d&#8217;Appello di Venezia ha ribaltato la sentenza contro Dino Calzavara, accusato di esercizio abusivo della professione di guida alpina. La Corte ha stabilito che l&#8217;escursione sullo Spiz de Zuel era una passeggiata naturalistica, non richiedente le competenze specifiche di una guida alpina. La difesa ha sottolineato la natura non alpinistica dell&#8217;attivit\u00e0 e la profonda inimicizia del denunciante. La sentenza ha revocato anche il risarcimento danni.<\/p>\n<\/div>\n<\/div>\n<\/div>\n<div class=\"mt-1 flex gap-3 empty:hidden\">\n<div class=\"text-gray-400 flex self-end lg:self-center items-center justify-center lg:justify-start mt-0 -ml-1 h-7 gap-[2px] visible\">\n<div class=\"flex\"><\/div>\n<\/div>\n<\/div>\n<\/div>\n<\/div>\n<\/div>\n<\/div>\n<\/div>\n<\/div>\n<\/div>\n<\/div>\n<\/div>\n<div class=\"w-full pt-2 md:pt-0 dark:border-white\/20 md:border-transparent md:dark:border-transparent md:w-[calc(100%-.5rem)]\">\n<form class=\"stretch mx-2 flex flex-row gap-3 last:mb-2 md:mx-4 md:last:mb-6 lg:mx-auto lg:max-w-2xl xl:max-w-3xl\">\n<div class=\"relative flex h-full max-w-full flex-1 flex-col\">\n<div class=\"flex w-full items-center\"><strong>Stalking o vendetta? Tribunale decide su caso di violenza domestica<\/strong><\/div>\n<\/div>\n<\/form>\n<\/div>\n<\/div>\n<div>\n<div class=\"flex-1 overflow-hidden\">\n<div class=\"react-scroll-to-bottom--css-mmxlv-79elbk h-full\">\n<div class=\"react-scroll-to-bottom--css-mmxlv-1n7m0yu\">\n<div class=\"flex flex-col text-sm pb-9\">\n<div class=\"w-full text-token-text-primary\" dir=\"auto\" data-testid=\"conversation-turn-23\">\n<div class=\"px-4 py-2 justify-center text-base md:gap-6 m-auto\">\n<div class=\"flex flex-1 text-base mx-auto gap-3 juice:gap-4 juice:md:gap-6 md:px-5 lg:px-1 xl:px-5 md:max-w-3xl lg:max-w-[40rem] xl:max-w-[48rem]\">\n<div class=\"relative flex w-full min-w-0 flex-col agent-turn\">\n<div class=\"flex-col gap-1 md:gap-3\">\n<div class=\"flex flex-grow flex-col max-w-full\">\n<div class=\"min-h-[20px] text-message flex flex-col items-start gap-3 whitespace-pre-wrap break-words [.text-message+&amp;]:mt-5 overflow-x-auto\" dir=\"auto\" data-message-author-role=\"assistant\" data-message-id=\"620f8639-1dd0-4310-858f-7ff60d908c68\">\n<div class=\"markdown prose w-full break-words dark:prose-invert dark\">\n<p>VALBELLUNA L&#8217;imputata accusata di stalking dopo presunte violenze su ex-fidanzato offre risarcimento danni, ma la proposta viene respinta. In udienza, versioni contrastanti emergono: lei afferma di essere stata maltrattata, mentre lui nega. Il giudice valuter\u00e0 prove, inclusi presunti atti persecutori come pedinamenti e minacce.<\/p>\n<div class=\"flex-1 overflow-hidden\">\n<div class=\"react-scroll-to-bottom--css-mmxlv-79elbk h-full\">\n<div class=\"react-scroll-to-bottom--css-mmxlv-1n7m0yu\">\n<div class=\"flex flex-col text-sm pb-9\">\n<div class=\"w-full text-token-text-primary\" dir=\"auto\" data-testid=\"conversation-turn-33\">\n<div class=\"px-4 py-2 justify-center text-base md:gap-6 m-auto\">\n<div class=\"flex flex-1 text-base mx-auto gap-3 juice:gap-4 juice:md:gap-6 md:px-5 lg:px-1 xl:px-5 md:max-w-3xl lg:max-w-[40rem] xl:max-w-[48rem]\">\n<div class=\"relative flex w-full min-w-0 flex-col agent-turn\">\n<div class=\"flex-col gap-1 md:gap-3\">\n<div class=\"flex flex-grow flex-col max-w-full\">\n<div class=\"min-h-[20px] text-message flex flex-col items-start gap-3 whitespace-pre-wrap break-words [.text-message+&amp;]:mt-5 overflow-x-auto\" dir=\"auto\" data-message-author-role=\"assistant\" data-message-id=\"fce76f04-e48a-4fff-aca5-ff759a2116bd\">\n<div class=\"markdown prose w-full break-words dark:prose-invert dark\">\n<p>&nbsp;<\/p>\n<p><strong>Multato per furgone male parcheggiato: accusato di interruzione di pubblico servizio.<\/strong><\/p>\n<p>LIVINALLONGO albergatore, finisce in tribunale per non aver spostato il mezzo durante lavori pubblici. Contestata la sua azione di non collaborazione, il processo \u00e8 in corso con la difesa degli avvocati Zaniolo e Sardena. Udienza a novembre.<\/p>\n<\/div>\n<\/div>\n<\/div>\n<div class=\"mt-1 flex gap-3 empty:hidden\">\n<div class=\"text-gray-400 flex self-end lg:self-center items-center justify-center lg:justify-start mt-0 -ml-1 h-7 gap-[2px] visible\">\n<div class=\"flex\"><\/div>\n<div class=\"flex\"><strong>La Corte di Cassazione respinge il ricorso sulla recinzione metallica asportata<\/strong><\/div>\n<div><\/div>\n<div>CORTINA l residente\u00a0 perde la causa civile contro il condominio Maja Bassa e il supermercato Kanguro, condannato a pagare 3.700 euro al primo e 3.200 al secondo. Dopo il rigetto del Tribunale di Belluno e della Corte d&#8217;Appello di Venezia, la Cassazione conferma la decisione, stabilendo che la recinzione non era nella propriet\u00e0\u00a0 e che il supermercato non ne aveva la responsabilit\u00e0.<\/div>\n<div><\/div>\n<div><\/div>\n<div>\n<hr \/>\n<\/div>\n<div>\n<div class=\"page-title-head hgroup\">\n<blockquote>\n<h3 class=\"entry-title\">DILLO A RADIO PIU\u2026\u201dINTERRUZIONE SERVIZIO IDRICO: PROBLEMI DI COMUNICAZIONE\u201d<\/h3>\n<\/blockquote>\n<\/div>\n<div class=\"page-title-breadcrumbs\">\n<p>Riceviamo e pubblichiamo da Silvio Carlin, titolare dell&#8217;importante lavanderia self service in localit\u00e0 Valcozzena.<\/p>\n<p>&#8220;Mi \u00e8 arrivata questa comunicazione di interruzione del servizio idrico in zona Valcozzena via sms e via mail da parte di BimGsp, a parte il fatto che gli orari spesso non coincidono con l&#8217;avviso, ma manca sempre la comunicazione di fine lavori\u00a0 e per chi ha delle attivit\u00e0 questa cosa pu\u00f2 risultare davvero problematica \u2026&#8221;<\/p>\n<p><strong>SUI SOCIAL<\/strong><\/p>\n\n\t\t\t<style type='text\/css'>\n\t\t\t\t#gallery-4 {\n\t\t\t\t\tmargin: auto;\n\t\t\t\t}\n\t\t\t\t#gallery-4 .gallery-item {\n\t\t\t\t\tfloat: left;\n\t\t\t\t\tmargin-top: 10px;\n\t\t\t\t\ttext-align: center;\n\t\t\t\t\twidth: 50%;\n\t\t\t\t}\n\t\t\t\t#gallery-4 img {\n\t\t\t\t\tborder: 2px solid #cfcfcf;\n\t\t\t\t}\n\t\t\t\t#gallery-4 .gallery-caption {\n\t\t\t\t\tmargin-left: 0;\n\t\t\t\t}\n\t\t\t\t\/* see gallery_shortcode() in wp-includes\/media.php *\/\n\t\t\t<\/style>\n\t\t<div id='gallery-4' class='dt-gallery-container gallery galleryid-387640 gallery-columns-2 gallery-size-medium'><dl class='gallery-item'>\n\t\t\t\t<dt class='gallery-icon landscape'>\n\t\t\t\t\t<a class=\"rollover rollover-zoom dt-pswp-item\" title=\"88fe46fd-f708-423e-9732-a89cbab10000\" data-dt-img-description=\"\" data-large_image_width=\"1242\" data-large_image_height=\"817\"href='https:\/\/www.radiopiu.net\/wordpress\/wp-content\/uploads\/2024\/04\/88fe46fd-f708-423e-9732-a89cbab10000.jpg'><img loading=\"lazy\" decoding=\"async\" width=\"300\" height=\"197\" src=\"https:\/\/www.radiopiu.net\/wordpress\/wp-content\/uploads\/2024\/04\/88fe46fd-f708-423e-9732-a89cbab10000-300x197.jpg\" class=\"attachment-medium size-medium\" alt=\"\" srcset=\"https:\/\/www.radiopiu.net\/wordpress\/wp-content\/uploads\/2024\/04\/88fe46fd-f708-423e-9732-a89cbab10000-300x197.jpg 300w, https:\/\/www.radiopiu.net\/wordpress\/wp-content\/uploads\/2024\/04\/88fe46fd-f708-423e-9732-a89cbab10000-1024x674.jpg 1024w, https:\/\/www.radiopiu.net\/wordpress\/wp-content\/uploads\/2024\/04\/88fe46fd-f708-423e-9732-a89cbab10000-768x505.jpg 768w, https:\/\/www.radiopiu.net\/wordpress\/wp-content\/uploads\/2024\/04\/88fe46fd-f708-423e-9732-a89cbab10000.jpg 1242w\" sizes=\"auto, (max-width: 300px) 100vw, 300px\" \/><\/a>\n\t\t\t\t<\/dt><\/dl><dl class='gallery-item'>\n\t\t\t\t<dt class='gallery-icon landscape'>\n\t\t\t\t\t<a class=\"rollover rollover-zoom dt-pswp-item\" title=\"82fa6456-2ac1-490d-b26d-4a9be79360bd\" data-dt-img-description=\"\" data-large_image_width=\"1242\" data-large_image_height=\"567\"href='https:\/\/www.radiopiu.net\/wordpress\/wp-content\/uploads\/2024\/04\/82fa6456-2ac1-490d-b26d-4a9be79360bd.jpg'><img loading=\"lazy\" decoding=\"async\" width=\"300\" height=\"137\" src=\"https:\/\/www.radiopiu.net\/wordpress\/wp-content\/uploads\/2024\/04\/82fa6456-2ac1-490d-b26d-4a9be79360bd-300x137.jpg\" class=\"attachment-medium size-medium\" alt=\"\" srcset=\"https:\/\/www.radiopiu.net\/wordpress\/wp-content\/uploads\/2024\/04\/82fa6456-2ac1-490d-b26d-4a9be79360bd-300x137.jpg 300w, https:\/\/www.radiopiu.net\/wordpress\/wp-content\/uploads\/2024\/04\/82fa6456-2ac1-490d-b26d-4a9be79360bd-1024x467.jpg 1024w, https:\/\/www.radiopiu.net\/wordpress\/wp-content\/uploads\/2024\/04\/82fa6456-2ac1-490d-b26d-4a9be79360bd-768x351.jpg 768w, https:\/\/www.radiopiu.net\/wordpress\/wp-content\/uploads\/2024\/04\/82fa6456-2ac1-490d-b26d-4a9be79360bd.jpg 1242w\" sizes=\"auto, (max-width: 300px) 100vw, 300px\" \/><\/a>\n\t\t\t\t<\/dt><\/dl><br style=\"clear: both\" \/>\n\t\t\t<\/div>\n\n<p>&nbsp;<\/p>\n<\/div>\n<\/div>\n<div><\/div>\n<\/div>\n<\/div>\n<div class=\"pr-2 lg:pr-0\"><\/div>\n<\/div>\n<\/div>\n<\/div>\n<\/div>\n<\/div>\n<\/div>\n<\/div>\n<\/div>\n<\/div>\n<\/div>\n<\/div>\n<\/div>\n<\/div>\n<\/div>\n<\/div>\n<\/div>\n<\/div>\n<\/div>\n<\/div>\n<\/div>\n<\/div>\n<\/div>\n<hr \/>\n<p>&nbsp;<\/p>\n<h2><span style=\"color: #ff0000;\">CONSIGLI COMUNALI IN AGORDINO e dell&#8217;UNIONE MONTANA<\/span><\/h2>\n<p><strong>ROCCA PIETORE<\/strong> Oggi alle 18.30 consiglio comunale convocato dal sindaco Andrea De Bernardin. All&#8217;ordine del giorno approvazione del rendiconto e variazione al bilancio .<\/p>\n<p><strong>COLLE SANTA LUCIA<\/strong> Il sindaco Paolo Frena ha convocato il consiglio comunale per oggi alle 18. All&#8217;ordine del giorno: bilancio Asca, variazioni al bilancio, attivit\u00e0 associazione turistica<\/p>\n<p><strong>AGORDO<\/strong> Oggi alle 20.30 consiglio dell&#8217;Unione Montana Agordina. All&#8217;ordine del giorno, approvazione piano economico, servizio rifiuti, tariffe; provvedimento di variazione al bilancio, comunicazioni del Presidente<\/p>\n<p><strong>DI GIANNI SANTOMASO<\/strong><\/p>\n<audio class=\"wp-audio-shortcode\" id=\"audio-387640-8\" preload=\"none\" style=\"width: 100%;\" controls=\"controls\"><source type=\"audio\/mpeg\" src=\"https:\/\/www.radiopiu.net\/wordpress\/wp-content\/uploads\/2024\/04\/GIANNI-CONSIGLIO-UMA.mp3?_=8\" \/><a href=\"https:\/\/www.radiopiu.net\/wordpress\/wp-content\/uploads\/2024\/04\/GIANNI-CONSIGLIO-UMA.mp3\">https:\/\/www.radiopiu.net\/wordpress\/wp-content\/uploads\/2024\/04\/GIANNI-CONSIGLIO-UMA.mp3<\/a><\/audio>\n<p>&nbsp;<\/p>\n<hr \/>\n<p>&nbsp;<\/p>\n<blockquote>\n<h3>60 ANNI DI BARDIN: IL GRAN FINALE CON GIORGIO VANNI<\/h3>\n<\/blockquote>\n<p><strong>DI MARINA DONA&#8217;<\/strong><\/p>\n<p><strong>SANTA GIUSTINA<\/strong> Chiusura col botto per la 4 giorni di Bardin per i suoi 60 anni. Colmo di gente il piazzale davanti al negozio, Giorgio Vanni ha conquistato grandi e Piccini con le canzoni dei cartoni giochi di coreografie e luci e tutti che cantavano le sue canzoni con grande gioia ed entusiasmo saltando e ballando grande simpatia e capacit\u00e0 di guidare la ciurma coinvolgendo anche il pubblico con cori e coreografie e il capitano Giorgio Vanni insieme al suo gruppo molto affiatato dei Goku porta a casa una serata riuscitissima con quasi due ore di concerto con un finale decisamente coinvolgente. Quasi due ore di concerto e per finire gran selfie all&#8217;indietro con tutto il pubblico e con lo staff di Bardin. Firmati tutti gli autografi richiesti e tutti i selfie richiesti dal primo all&#8217;ultimo. Una serata di festa e di convivialit\u00e0 per la quale il negozio Bardin porta a casa anche un messaggio importante che \u00e8 quello di organizzare eventi el l&#8217;importanza dell&#8217; aggregazione.<\/p>\n\n\t\t\t<style type='text\/css'>\n\t\t\t\t#gallery-5 {\n\t\t\t\t\tmargin: auto;\n\t\t\t\t}\n\t\t\t\t#gallery-5 .gallery-item {\n\t\t\t\t\tfloat: left;\n\t\t\t\t\tmargin-top: 10px;\n\t\t\t\t\ttext-align: center;\n\t\t\t\t\twidth: 33%;\n\t\t\t\t}\n\t\t\t\t#gallery-5 img {\n\t\t\t\t\tborder: 2px solid #cfcfcf;\n\t\t\t\t}\n\t\t\t\t#gallery-5 .gallery-caption {\n\t\t\t\t\tmargin-left: 0;\n\t\t\t\t}\n\t\t\t\t\/* see gallery_shortcode() in wp-includes\/media.php *\/\n\t\t\t<\/style>\n\t\t<div id='gallery-5' class='dt-gallery-container gallery galleryid-387640 gallery-columns-3 gallery-size-medium'><dl class='gallery-item'>\n\t\t\t\t<dt class='gallery-icon landscape'>\n\t\t\t\t\t<a class=\"rollover rollover-zoom dt-pswp-item\" title=\"4dd42acf-d9f9-41ef-aaf2-d7ce970f13a6\" data-dt-img-description=\"\" data-large_image_width=\"1640\" data-large_image_height=\"1232\"href='https:\/\/www.radiopiu.net\/wordpress\/wp-content\/uploads\/2024\/04\/4dd42acf-d9f9-41ef-aaf2-d7ce970f13a6.jpg'><img loading=\"lazy\" decoding=\"async\" width=\"300\" height=\"225\" src=\"https:\/\/www.radiopiu.net\/wordpress\/wp-content\/uploads\/2024\/04\/4dd42acf-d9f9-41ef-aaf2-d7ce970f13a6-300x225.jpg\" class=\"attachment-medium size-medium\" alt=\"\" srcset=\"https:\/\/www.radiopiu.net\/wordpress\/wp-content\/uploads\/2024\/04\/4dd42acf-d9f9-41ef-aaf2-d7ce970f13a6-300x225.jpg 300w, https:\/\/www.radiopiu.net\/wordpress\/wp-content\/uploads\/2024\/04\/4dd42acf-d9f9-41ef-aaf2-d7ce970f13a6-1024x769.jpg 1024w, https:\/\/www.radiopiu.net\/wordpress\/wp-content\/uploads\/2024\/04\/4dd42acf-d9f9-41ef-aaf2-d7ce970f13a6-768x577.jpg 768w, https:\/\/www.radiopiu.net\/wordpress\/wp-content\/uploads\/2024\/04\/4dd42acf-d9f9-41ef-aaf2-d7ce970f13a6-1536x1154.jpg 1536w, https:\/\/www.radiopiu.net\/wordpress\/wp-content\/uploads\/2024\/04\/4dd42acf-d9f9-41ef-aaf2-d7ce970f13a6.jpg 1640w\" sizes=\"auto, (max-width: 300px) 100vw, 300px\" \/><\/a>\n\t\t\t\t<\/dt><\/dl><dl class='gallery-item'>\n\t\t\t\t<dt class='gallery-icon landscape'>\n\t\t\t\t\t<a class=\"rollover rollover-zoom dt-pswp-item\" title=\"e1d79d78-f89e-4c92-afdd-1256575b0f77\" data-dt-img-description=\"\" data-large_image_width=\"1640\" data-large_image_height=\"1232\"href='https:\/\/www.radiopiu.net\/wordpress\/wp-content\/uploads\/2024\/04\/e1d79d78-f89e-4c92-afdd-1256575b0f77.jpg'><img loading=\"lazy\" decoding=\"async\" width=\"300\" height=\"225\" src=\"https:\/\/www.radiopiu.net\/wordpress\/wp-content\/uploads\/2024\/04\/e1d79d78-f89e-4c92-afdd-1256575b0f77-300x225.jpg\" class=\"attachment-medium size-medium\" alt=\"\" srcset=\"https:\/\/www.radiopiu.net\/wordpress\/wp-content\/uploads\/2024\/04\/e1d79d78-f89e-4c92-afdd-1256575b0f77-300x225.jpg 300w, https:\/\/www.radiopiu.net\/wordpress\/wp-content\/uploads\/2024\/04\/e1d79d78-f89e-4c92-afdd-1256575b0f77-1024x769.jpg 1024w, https:\/\/www.radiopiu.net\/wordpress\/wp-content\/uploads\/2024\/04\/e1d79d78-f89e-4c92-afdd-1256575b0f77-768x577.jpg 768w, https:\/\/www.radiopiu.net\/wordpress\/wp-content\/uploads\/2024\/04\/e1d79d78-f89e-4c92-afdd-1256575b0f77-1536x1154.jpg 1536w, https:\/\/www.radiopiu.net\/wordpress\/wp-content\/uploads\/2024\/04\/e1d79d78-f89e-4c92-afdd-1256575b0f77.jpg 1640w\" sizes=\"auto, (max-width: 300px) 100vw, 300px\" \/><\/a>\n\t\t\t\t<\/dt><\/dl><dl class='gallery-item'>\n\t\t\t\t<dt class='gallery-icon landscape'>\n\t\t\t\t\t<a class=\"rollover rollover-zoom dt-pswp-item\" title=\"c6235330-2898-43aa-9c23-ff6ddf4ce5a3\" data-dt-img-description=\"\" data-large_image_width=\"1640\" data-large_image_height=\"1232\"href='https:\/\/www.radiopiu.net\/wordpress\/wp-content\/uploads\/2024\/04\/c6235330-2898-43aa-9c23-ff6ddf4ce5a3.jpg'><img loading=\"lazy\" decoding=\"async\" width=\"300\" height=\"225\" src=\"https:\/\/www.radiopiu.net\/wordpress\/wp-content\/uploads\/2024\/04\/c6235330-2898-43aa-9c23-ff6ddf4ce5a3-300x225.jpg\" class=\"attachment-medium size-medium\" alt=\"\" srcset=\"https:\/\/www.radiopiu.net\/wordpress\/wp-content\/uploads\/2024\/04\/c6235330-2898-43aa-9c23-ff6ddf4ce5a3-300x225.jpg 300w, https:\/\/www.radiopiu.net\/wordpress\/wp-content\/uploads\/2024\/04\/c6235330-2898-43aa-9c23-ff6ddf4ce5a3-1024x769.jpg 1024w, https:\/\/www.radiopiu.net\/wordpress\/wp-content\/uploads\/2024\/04\/c6235330-2898-43aa-9c23-ff6ddf4ce5a3-768x577.jpg 768w, https:\/\/www.radiopiu.net\/wordpress\/wp-content\/uploads\/2024\/04\/c6235330-2898-43aa-9c23-ff6ddf4ce5a3-1536x1154.jpg 1536w, https:\/\/www.radiopiu.net\/wordpress\/wp-content\/uploads\/2024\/04\/c6235330-2898-43aa-9c23-ff6ddf4ce5a3.jpg 1640w\" sizes=\"auto, (max-width: 300px) 100vw, 300px\" \/><\/a>\n\t\t\t\t<\/dt><\/dl><br style=\"clear: both\" \/>\n\t\t\t<\/div>\n\n<p>&nbsp;<\/p>\n<p><iframe loading=\"lazy\" title=\"BARDIN GRAN FINALE\" width=\"1200\" height=\"675\" src=\"https:\/\/www.youtube.com\/embed\/O2ZhpqfeOH8?feature=oembed\" frameborder=\"0\" allow=\"accelerometer; autoplay; clipboard-write; encrypted-media; gyroscope; picture-in-picture; web-share\" referrerpolicy=\"strict-origin-when-cross-origin\" allowfullscreen><\/iframe><\/p>\n<p>&nbsp;<\/p>\n<p>&nbsp;<\/p>\n<hr \/>\n<p>&nbsp;<\/p>\n<blockquote>\n<h3>NON SEI SOLO, GLI INCONTRI A FELTRE<\/h3>\n<\/blockquote>\n<p><strong>FELTRE<\/strong> Il Centro per i Disturbi Cognitivi e Demenze dell\u2019Ulss Dolomiti, con i Centri di Servizio Residenziali, organizza 5 incontri su demenza e declino cognitivo, dal 6 maggio al 3 giugno 2024, a Feltre. Temi trattati: riconoscimento del declino e prevenzione, cura e comportamento, servizi del CDCD, gestione del declino avanzato e supporto alle famiglie. Ogni luned\u00ec, 18:00-19:00, Sala Convegni dell\u2019Ospedale di Feltre. Esperti quali Dott.ssa Roberta Padoan, Dott.ssa Francesca De Biasi, Dott.ssa Daniela Dal Zotto, Dott.ssa Francesca De Zaiacomo, Dott.ssa Lara Zanin condivideranno conoscenze. Per info e iscrizioni: <a target=\"_new\" rel=\"noopener\">cdcd.fe@aulss1.veneto.it<\/a>.<\/p>\n<p>&nbsp;<\/p>\n<p>&nbsp;<\/p>\n<hr \/>\n<p>&nbsp;<\/p>\n<blockquote>\n<h3>LA RACCOLTA FONDI PER FIBROSI CISTICA<\/h3>\n<\/blockquote>\n<p data-block=\"true\" data-editor=\"avj4u\" data-offset-key=\"d3i0j-0-0\"><strong>BELLUNO<\/strong> Volontari in azione per la raccolta fondi Fibrosi Cistica, regalando dipladenie: 4 maggio Agordo e Parrocchie del Poi; 11 e 12 maggio Falcade e Caviola; 4 maggio Alpini Castion, Puos d&#8217;Alpago, Zoppe&#8217; di Cadore, Santo Stefano di Cadore, Belluno; 8 maggio Alpini Limana; Farra d&#8217;Alpago e Dosoledo, consegna porta a porta.<\/p>\n<hr \/>\n<h3><\/h3>\n<blockquote>\n<h3>PRATICHE FILOSOFICHE AL CIRCOLO CULTURALE TERRA DEI PADRI<\/h3>\n<\/blockquote>\n<p><strong>BELLUNO<\/strong> Il Circolo Culturale La Terra dei Padri APS, a Borgo Piave &#8211; Belluno, ospita un laboratorio di pratiche filosofiche aperto a tutti nel mese di maggio 2024. Condotti da Francesco Dematt\u00e8, ex docente di storia e filosofia nei Licei, i quattro incontri si concentreranno su Plotino, filosofo del III secolo d.C. Gli incontri si terranno ogni marted\u00ec, dal 7 al 28 maggio, dalle 18 alle 19 presso il circolo culturale. Per informazioni e iscrizioni contattare direttamente in sede, via email o telefonicamente.<\/p>\n<p>&nbsp;<\/p>\n<p>&nbsp;<\/p>\n<hr \/>\n<p>&nbsp;<\/p>\n<blockquote>\n<h3><strong>Play Dog: Una Giornata per Cani e Bambini al Parco Citt\u00e0 di Bologna<\/strong><\/h3>\n<\/blockquote>\n<p><strong>BELLUNO<\/strong> Domenica 5 maggio, l&#8217;Amministrazione, in collaborazione con LAV e APACA, organizza la prima edizione di Play Dog, una giornata dedicata alla socializzazione tra cani e bambini. L&#8217;evento, che si terr\u00e0 al Parco Citt\u00e0 di Bologna dalle 9.30 alle 12.30, proporr\u00e0 attivit\u00e0 interattive e laboratori guidati da educatori cinofili, promuovendo una convivenza consapevole e rispettosa tra l&#8217;uomo e il suo migliore amico a quattro zampe. La partecipazione \u00e8 gratuita e l&#8217;iscrizione avverr\u00e0 direttamente in loco.<\/p>\n<p>&nbsp;<\/p>\n<p>&nbsp;<\/p>\n<hr \/>\n<p>&nbsp;<\/p>\n<blockquote>\n<h2>1 MAGGIO A RIF DI AGORDO CON I &#8220;VENTENNI&#8221; BOCE DA RIF A 60 ANNI DALL&#8217;EDIFICAZIONE DELLA CHIESA<\/h2>\n<\/blockquote>\n<p>&nbsp;<\/p>\n<p><img loading=\"lazy\" decoding=\"async\" class=\"alignleft\" src=\"https:\/\/www.radiopiu.net\/wordpress\/wp-content\/uploads\/2024\/04\/Senza-nome-46.png\" width=\"204\" height=\"111\" \/><strong>AGORDO<\/strong> Primo maggio a Rif di Agordo, annuale appuntamenti di primavera. Quest&#8217;anno lass\u00f9 si festeggia il sessantesimo dall&#8217;inaugurazione della chiesa (dicembre 1964) e i vent&#8217;anni di impegno dei Boce da Rif, di questo e molto altro ne abbiamo parlato con la vulcanica Eva Olivier<\/p>\n<p>di mirko mezzacasa<\/p>\n<audio class=\"wp-audio-shortcode\" id=\"audio-387640-9\" preload=\"none\" style=\"width: 100%;\" controls=\"controls\"><source type=\"audio\/mpeg\" src=\"https:\/\/www.radiopiu.net\/wordpress\/wp-content\/uploads\/2024\/04\/eva-primo-maggio.mp3?_=9\" \/><a href=\"https:\/\/www.radiopiu.net\/wordpress\/wp-content\/uploads\/2024\/04\/eva-primo-maggio.mp3\">https:\/\/www.radiopiu.net\/wordpress\/wp-content\/uploads\/2024\/04\/eva-primo-maggio.mp3<\/a><\/audio>\n<p>&nbsp;<\/p>\n<p><strong>DI GIANNI SANTOMASO<\/strong><\/p>\n<audio class=\"wp-audio-shortcode\" id=\"audio-387640-10\" preload=\"none\" style=\"width: 100%;\" controls=\"controls\"><source type=\"audio\/mpeg\" src=\"https:\/\/www.radiopiu.net\/wordpress\/wp-content\/uploads\/2024\/04\/GIANNI-PRIMO-MAGGIO-A-RIF.mp3?_=10\" \/><a href=\"https:\/\/www.radiopiu.net\/wordpress\/wp-content\/uploads\/2024\/04\/GIANNI-PRIMO-MAGGIO-A-RIF.mp3\">https:\/\/www.radiopiu.net\/wordpress\/wp-content\/uploads\/2024\/04\/GIANNI-PRIMO-MAGGIO-A-RIF.mp3<\/a><\/audio>\n<p>&nbsp;<\/p>\n<hr \/>\n<p>&nbsp;<\/p>\n<blockquote>\n<h3>TORNANO I VENERDI DI MAGGIO AGORDINO<\/h3>\n<\/blockquote>\n<p><strong><a class=\"dt-pswp-item\" href=\"https:\/\/www.radiopiu.net\/wordpress\/wp-content\/uploads\/2021\/07\/SALA-DON-TAMIS.png\" data-dt-img-description=\"\" data-large_image_width=\"1354\" data-large_image_height=\"920\"><img loading=\"lazy\" decoding=\"async\" class=\" wp-image-220859 alignleft\" src=\"https:\/\/www.radiopiu.net\/wordpress\/wp-content\/uploads\/2021\/07\/SALA-DON-TAMIS-300x204.png\" alt=\"\" width=\"215\" height=\"146\" srcset=\"https:\/\/www.radiopiu.net\/wordpress\/wp-content\/uploads\/2021\/07\/SALA-DON-TAMIS-300x204.png 300w, https:\/\/www.radiopiu.net\/wordpress\/wp-content\/uploads\/2021\/07\/SALA-DON-TAMIS-1024x696.png 1024w, https:\/\/www.radiopiu.net\/wordpress\/wp-content\/uploads\/2021\/07\/SALA-DON-TAMIS-768x522.png 768w, https:\/\/www.radiopiu.net\/wordpress\/wp-content\/uploads\/2021\/07\/SALA-DON-TAMIS.png 1354w\" sizes=\"auto, (max-width: 215px) 100vw, 215px\" \/><\/a>AGORDO<\/strong><\/p>\n<p>DI GIANNI SANTOMASO<\/p>\n<audio class=\"wp-audio-shortcode\" id=\"audio-387640-11\" preload=\"none\" style=\"width: 100%;\" controls=\"controls\"><source type=\"audio\/mpeg\" src=\"https:\/\/www.radiopiu.net\/wordpress\/wp-content\/uploads\/2024\/04\/GIANNI-TORNANO-I-VENERDI-DI-MAGGIO-AGORDINO.mp3?_=11\" \/><a href=\"https:\/\/www.radiopiu.net\/wordpress\/wp-content\/uploads\/2024\/04\/GIANNI-TORNANO-I-VENERDI-DI-MAGGIO-AGORDINO.mp3\">https:\/\/www.radiopiu.net\/wordpress\/wp-content\/uploads\/2024\/04\/GIANNI-TORNANO-I-VENERDI-DI-MAGGIO-AGORDINO.mp3<\/a><\/audio>\n<p>&nbsp;<\/p>\n<hr \/>\n<p>&nbsp;<\/p>\n<h2><span style=\"color: #ff6600;\">IERI ALLA RADIO\u00a0<\/span><\/h2>\n<h2><span style=\"color: #ff00ff;\">OGGI COME IERI di e con SILVIA BALDO<\/span><\/h2>\n<p><img decoding=\"async\" class=\"aligncenter\" src=\"https:\/\/www.radiopiu.net\/wordpress\/wp-content\/uploads\/2023\/09\/309000774_10222572118595513_7956305457803922499_n.jpg\" \/><\/p>\n<p><strong>\u00a0 \u00a0 \u00a0<\/strong><\/p>\n<p><strong>PUNTATA 28 29 APRILE 2024<\/strong><\/p>\n<audio class=\"wp-audio-shortcode\" id=\"audio-387640-12\" preload=\"none\" style=\"width: 100%;\" controls=\"controls\"><source type=\"audio\/mpeg\" src=\"https:\/\/www.radiopiu.net\/wordpress\/wp-content\/uploads\/2024\/01\/SIBI-8.mp3?_=12\" \/><a href=\"https:\/\/www.radiopiu.net\/wordpress\/wp-content\/uploads\/2024\/01\/SIBI-8.mp3\">https:\/\/www.radiopiu.net\/wordpress\/wp-content\/uploads\/2024\/01\/SIBI-8.mp3<\/a><\/audio>\n<p>&nbsp;<\/p>\n<h2>LA RACCOLTA COMPLETA <a href=\"https:\/\/www.radiopiu.net\/wordpress\/alle-nove-oggi-come-ieri-di-e-con-silvia-baldo\/\"><span style=\"color: #3366ff;\">CLICCA QUI\u00a0<\/span><\/a><\/h2>\n<p>&nbsp;<\/p>\n<p>&nbsp;<\/p>\n<hr \/>\n<p>&nbsp;<\/p>\n<div class=\"page-title-head hgroup\">\n<blockquote>\n<h3 class=\"entry-title\">TIME4ME\u2026 CON L\u2019ARTISTA LAURA BALLIS<\/h3>\n<\/blockquote>\n<\/div>\n<div class=\"page-title-breadcrumbs\"><\/div>\n<p>&nbsp;<\/p>\n<p>il trascorrere del tempo alla radio, con MARINA DONA&#8217;<\/p>\n<p>&nbsp;<\/p>\n<p>&nbsp;<\/p>\n<p><a class=\"dt-pswp-item\" href=\"https:\/\/www.radiopiu.net\/wordpress\/wp-content\/uploads\/2024\/04\/file.jpg\" data-dt-img-description=\"\" data-large_image_width=\"640\" data-large_image_height=\"640\"><img loading=\"lazy\" decoding=\"async\" class=\"size-medium wp-image-387804 aligncenter\" src=\"https:\/\/www.radiopiu.net\/wordpress\/wp-content\/uploads\/2024\/04\/file-300x300.jpg\" alt=\"\" width=\"300\" height=\"300\" srcset=\"https:\/\/www.radiopiu.net\/wordpress\/wp-content\/uploads\/2024\/04\/file-300x300.jpg 300w, https:\/\/www.radiopiu.net\/wordpress\/wp-content\/uploads\/2024\/04\/file-150x150.jpg 150w, https:\/\/www.radiopiu.net\/wordpress\/wp-content\/uploads\/2024\/04\/file.jpg 640w\" sizes=\"auto, (max-width: 300px) 100vw, 300px\" \/><\/a><\/p>\n<p>&nbsp;<\/p>\n<p>PARTE 1<\/p>\n<audio class=\"wp-audio-shortcode\" id=\"audio-387640-13\" preload=\"none\" style=\"width: 100%;\" controls=\"controls\"><source type=\"audio\/mpeg\" src=\"https:\/\/www.radiopiu.net\/wordpress\/wp-content\/uploads\/2024\/04\/LAURA-BALLIS-1.mp3?_=13\" \/><a href=\"https:\/\/www.radiopiu.net\/wordpress\/wp-content\/uploads\/2024\/04\/LAURA-BALLIS-1.mp3\">https:\/\/www.radiopiu.net\/wordpress\/wp-content\/uploads\/2024\/04\/LAURA-BALLIS-1.mp3<\/a><\/audio>\n<p>&nbsp;<\/p>\n<p>PARTE 2<\/p>\n<audio class=\"wp-audio-shortcode\" id=\"audio-387640-14\" preload=\"none\" style=\"width: 100%;\" controls=\"controls\"><source type=\"audio\/mpeg\" src=\"https:\/\/www.radiopiu.net\/wordpress\/wp-content\/uploads\/2024\/04\/LAURA-BALLIS-2.mp3?_=14\" \/><a href=\"https:\/\/www.radiopiu.net\/wordpress\/wp-content\/uploads\/2024\/04\/LAURA-BALLIS-2.mp3\">https:\/\/www.radiopiu.net\/wordpress\/wp-content\/uploads\/2024\/04\/LAURA-BALLIS-2.mp3<\/a><\/audio>\n<p>&nbsp;<\/p>\n<p>PARTE 3<\/p>\n<audio class=\"wp-audio-shortcode\" id=\"audio-387640-15\" preload=\"none\" style=\"width: 100%;\" controls=\"controls\"><source type=\"audio\/mpeg\" src=\"https:\/\/www.radiopiu.net\/wordpress\/wp-content\/uploads\/2024\/04\/LAURA-BALLIS-3.mp3?_=15\" \/><a href=\"https:\/\/www.radiopiu.net\/wordpress\/wp-content\/uploads\/2024\/04\/LAURA-BALLIS-3.mp3\">https:\/\/www.radiopiu.net\/wordpress\/wp-content\/uploads\/2024\/04\/LAURA-BALLIS-3.mp3<\/a><\/audio>\n<p>&nbsp;<\/p>\n<p>&nbsp;<\/p>\n<p>&nbsp;<\/p>\n<hr \/>\n<p>&nbsp;<\/p>\n<h2><span style=\"color: #800080;\">PERITI MINERARI DALL\u2019AGORDINO AL MONDO<\/span><\/h2>\n<p><strong>REDAZIONE<\/strong> Continua la serie di racconti con i periti minerari agordini. Nelle prossime quattro puntate la storia di Giacomo &#8220;Gianni&#8221; Gatta. I racconti dei periti minerari agordini che hanno lavorato nel mondo, ogni luned\u00ec alle 10:30 e alle 19 su Radio Pi\u00f9.<\/p>\n<p><iframe loading=\"lazy\" title=\"GIACOMO &quot;GIANNI&quot; GATTA\" width=\"1200\" height=\"675\" src=\"https:\/\/www.youtube.com\/embed\/HR1kEc5C6Js?feature=oembed\" frameborder=\"0\" allow=\"accelerometer; autoplay; clipboard-write; encrypted-media; gyroscope; picture-in-picture; web-share\" referrerpolicy=\"strict-origin-when-cross-origin\" allowfullscreen><\/iframe><\/p>\n<p>&nbsp;<\/p>\n<h2><strong>LA RACCOLTA COMPLETA <a href=\"https:\/\/www.radiopiu.net\/wordpress\/periti-minerari-dallagordino-al-mondo\/\"><span style=\"color: #0000ff;\">CLICCA QUI<\/span><\/a><\/strong><a href=\"https:\/\/www.radiopiu.net\/wordpress\/periti-minerari-dallagordino-al-mondo\/\"><span style=\"color: #0000ff;\">\u00a0<\/span><\/a><\/h2>\n<p>&nbsp;<\/p>\n<hr \/>\n<p>&nbsp;<\/p>\n<h2><span style=\"color: #008000;\">CIAK SI GIRA, IL PROGRAMMA DI PAOLA LANCIATO<\/span><\/h2>\n<p><strong><a class=\"dt-pswp-item\" href=\"https:\/\/www.radiopiu.net\/wordpress\/wp-content\/uploads\/2024\/04\/DJANGO.jpg\" data-dt-img-description=\"\" data-large_image_width=\"420\" data-large_image_height=\"600\"><img loading=\"lazy\" decoding=\"async\" class=\" wp-image-387750 alignleft\" src=\"https:\/\/www.radiopiu.net\/wordpress\/wp-content\/uploads\/2024\/04\/DJANGO-210x300.jpg\" alt=\"\" width=\"95\" height=\"136\" srcset=\"https:\/\/www.radiopiu.net\/wordpress\/wp-content\/uploads\/2024\/04\/DJANGO-210x300.jpg 210w, https:\/\/www.radiopiu.net\/wordpress\/wp-content\/uploads\/2024\/04\/DJANGO.jpg 420w\" sizes=\"auto, (max-width: 95px) 100vw, 95px\" \/><\/a>PUNTATA 25 DJANGO UNCHAINED<\/strong><\/p>\n<audio class=\"wp-audio-shortcode\" id=\"audio-387640-16\" preload=\"none\" style=\"width: 100%;\" controls=\"controls\"><source type=\"audio\/mpeg\" src=\"https:\/\/www.radiopiu.net\/wordpress\/wp-content\/uploads\/2024\/04\/CIAK1-3.mp3?_=16\" \/><a href=\"https:\/\/www.radiopiu.net\/wordpress\/wp-content\/uploads\/2024\/04\/CIAK1-3.mp3\">https:\/\/www.radiopiu.net\/wordpress\/wp-content\/uploads\/2024\/04\/CIAK1-3.mp3<\/a><\/audio>\n<p>&nbsp;<\/p>\n<h2>LA RACCOLTA COMPLETA <a href=\"https:\/\/www.radiopiu.net\/wordpress\/ciak24\/\"><span style=\"color: #3366ff;\">CLICCA QUI<\/span><\/a><\/h2>\n<p>&nbsp;<\/p>\n<hr \/>\n<p>&nbsp;<\/p>\n<h2><span style=\"color: #33cccc;\">CINE HITS, ALLA SCOPERTA DELLE COLONNE SONORE<\/span><\/h2>\n<p><strong><a class=\"dt-pswp-item\" href=\"https:\/\/www.radiopiu.net\/wordpress\/wp-content\/uploads\/2024\/04\/LA-BAMBA.jpg\" data-dt-img-description=\"\" data-large_image_width=\"676\" data-large_image_height=\"1000\"><img loading=\"lazy\" decoding=\"async\" class=\" wp-image-387753 alignleft\" src=\"https:\/\/www.radiopiu.net\/wordpress\/wp-content\/uploads\/2024\/04\/LA-BAMBA-203x300.jpg\" alt=\"\" width=\"95\" height=\"140\" srcset=\"https:\/\/www.radiopiu.net\/wordpress\/wp-content\/uploads\/2024\/04\/LA-BAMBA-203x300.jpg 203w, https:\/\/www.radiopiu.net\/wordpress\/wp-content\/uploads\/2024\/04\/LA-BAMBA.jpg 676w\" sizes=\"auto, (max-width: 95px) 100vw, 95px\" \/><\/a>29 APRILE &#8211; LA BAMBA<\/strong><\/p>\n<audio class=\"wp-audio-shortcode\" id=\"audio-387640-17\" preload=\"none\" style=\"width: 100%;\" controls=\"controls\"><source type=\"audio\/mpeg\" src=\"https:\/\/www.radiopiu.net\/wordpress\/wp-content\/uploads\/2024\/04\/CINE1-3.mp3?_=17\" \/><a href=\"https:\/\/www.radiopiu.net\/wordpress\/wp-content\/uploads\/2024\/04\/CINE1-3.mp3\">https:\/\/www.radiopiu.net\/wordpress\/wp-content\/uploads\/2024\/04\/CINE1-3.mp3<\/a><\/audio>\n<p>&nbsp;<\/p>\n<h2>LA RACCOLTA COMPLETA <a href=\"https:\/\/www.radiopiu.net\/wordpress\/cine-hits-alla-scoperta-delle-colonne-sonore-la-raccolta\/\"><span style=\"color: #3366ff;\">CLICCA QUI<\/span><\/a><\/h2>\n<p>&nbsp;<\/p>\n<hr \/>\n<p>&nbsp;<\/p>\n<h2><span style=\"color: #99cc00;\">I RACCONTI DI PAOLO SOPPELSA<\/span><\/h2>\n<p><strong>L&#8217;INVERNO RITORNATO<\/strong><\/p>\n<p><strong>AUDIO<\/strong><\/p>\n<audio class=\"wp-audio-shortcode\" id=\"audio-387640-18\" preload=\"none\" style=\"width: 100%;\" controls=\"controls\"><source type=\"audio\/mpeg\" src=\"https:\/\/www.radiopiu.net\/wordpress\/wp-content\/uploads\/2024\/04\/PAOLOS-2.mp3?_=18\" \/><a href=\"https:\/\/www.radiopiu.net\/wordpress\/wp-content\/uploads\/2024\/04\/PAOLOS-2.mp3\">https:\/\/www.radiopiu.net\/wordpress\/wp-content\/uploads\/2024\/04\/PAOLOS-2.mp3<\/a><\/audio>\n<p>&nbsp;<\/p>\n<p><a class=\"dt-pswp-item\" href=\"https:\/\/www.radiopiu.net\/wordpress\/wp-content\/uploads\/2024\/04\/295bd752-4596-4a20-b121-7e8bab8a9156.jpg\" data-dt-img-description=\"\" data-large_image_width=\"1080\" data-large_image_height=\"1440\"><img loading=\"lazy\" decoding=\"async\" class=\" wp-image-387582 alignleft\" src=\"https:\/\/www.radiopiu.net\/wordpress\/wp-content\/uploads\/2024\/04\/295bd752-4596-4a20-b121-7e8bab8a9156-225x300.jpg\" alt=\"\" width=\"140\" height=\"187\" srcset=\"https:\/\/www.radiopiu.net\/wordpress\/wp-content\/uploads\/2024\/04\/295bd752-4596-4a20-b121-7e8bab8a9156-225x300.jpg 225w, https:\/\/www.radiopiu.net\/wordpress\/wp-content\/uploads\/2024\/04\/295bd752-4596-4a20-b121-7e8bab8a9156-768x1024.jpg 768w, https:\/\/www.radiopiu.net\/wordpress\/wp-content\/uploads\/2024\/04\/295bd752-4596-4a20-b121-7e8bab8a9156.jpg 1080w\" sizes=\"auto, (max-width: 140px) 100vw, 140px\" \/><\/a>Li aveva desiderati con impazienza quei giorni d&#8217;inverno precoce che si erano presentati al tempo del massimo oro dei larici. Durante un sabato pomeriggio, all&#8217;inizio del mese triste, l&#8217;aria fredda e pungente e il chiudersi del cielo, l&#8217;avevano chiaramente annunciata; la prima neve della stagione fredda inizi\u00f2 a scendere poco prima della mezzanotte di quel 4 novembre che \u00e8 data triste per il paese situato all&#8217;incrocio delle valli e dei venti. La guard\u00f2 scendere a lungo nel silenzio di quella oscurit\u00e0 novembrina, la vide rapidamente imbiancare i tetti e la strada mentre la campana scandiva i rintocchi che annunciavano l&#8217;inizio di un nuovo giorno. Chiss\u00e0 che inverno sarebbe stato, pensava mentre osservava la sua auto vestirsi di bianco. La stagione sembrava promettere bene, ma poi, una volta ritornato il sereno, il cielo sopra il paese rimase azzurro per tre lunghe settimane. A colori dell&#8217;autunno ormai spenti, arriv\u00f2 la neve di Sant&#8217;Andrea a ricoprire anche la Citt\u00e0 Splendente e l&#8217;intera Valbelluna. Gli piaceva ammirare la piccola citt\u00e0 vestita di bianco, gli ricordava il tempo dell&#8217;infanzia quando a dicembre lo scendere in cortile a giocare con la neve era cosa normale. Poi, diversamente da come accadeva allora, quel tempo d&#8217;inverno svan\u00ec portando con s\u00e9 quel bianco effimero e lasciando nelle valli la mitezza del tardo autunno. Nulla pi\u00f9 cambi\u00f2, nemmeno a Natale quando fece ritorno al paese; l&#8217;inverno quello vero, quello gelido che era sempre presente nei suoi ricordi pi\u00f9 cari, si era nascosto da qualche parte e pareva non voler farsi scoprire. Si fece nuovamente vivo all&#8217;inizio del nuovo anno, durante un umido pomeriggio illuminato dai fuochi dei Pavarui. Nuvole basse e una pioggia mista a neve che si acquiet\u00f2 durante la notte dei Rei Magi e poi due lunghi mesi senza sussulti d&#8217;inverno. Un tempo lungo e apparentemente immutabile, fatto di giornate serene e sempre uguali che andavano allungandosi di settimana in settimana. Pure marzo fu gentile quell&#8217;anno; il mese volubile pareva aver preso per mano gli uomini per condurli verso l&#8217;uscita dalla stagione dei silenzi. Gli uomini iniziarono a togliersi cappotti e maglioni mentre gli alberi si vestivano di un verde nuovo; un tempo di dolce primavera che sembrava aver preso definitivamente il posto di un inverno ormai stanco, ma tutto ci\u00f2 si rivel\u00f2 illusione. La Pasqua di fine mese port\u00f2 cieli di novembre e torrenti gonfi di acque scure e inquiete, e poi, a calma ritornata, nella valle apparve perfino l&#8217;estate. Un paio di fine settimana di pieno sole e di caldo che si placava solamente alla sera, il tutto fino a quel fatidico marted\u00ec quando ritorn\u00f2 prepotente l&#8217;inverno. Fu trambusto di grandine e neve scesa fino a lambire il paese, furono montagne vestite di quel bianco che durante i mesi invernali era mancato. Era bastato un pomeriggio appena per far ripiombare uomini e natura in un tempo che credevano svanito. Era neve poggiata sulle foglie nuove, erano ancora pennacchi di fumo dai camini e vento che faceva oscillare i larici che si erano appena vestiti di un verde gentile. Nella valle regnava il silenzio dell&#8217;inverno ritornato, si respirava la fredda quiete che seguiva il subbuglio creato dalle continue sburie d\u2019auril. Era un tempo nuovo e gi\u00e0 vissuto, un tempo di rinnovata attesa di una primavera ancora fuggente.<\/p>\n<p>&nbsp;<\/p>\n<p>&nbsp;<\/p>\n<hr \/>\n<p>&nbsp;<\/p>\n<h2><span style=\"color: #ff0000;\"><a class=\"dt-pswp-item\" href=\"https:\/\/www.radiopiu.net\/wordpress\/wp-content\/uploads\/2018\/09\/appuntamenti.jpeg\" data-dt-img-description=\"\" data-large_image_width=\"800\" data-large_image_height=\"100\"><img loading=\"lazy\" decoding=\"async\" class=\"wp-image-61958 size-full aligncenter\" src=\"https:\/\/www.radiopiu.net\/wordpress\/wp-content\/uploads\/2018\/09\/appuntamenti.jpeg\" alt=\"\" width=\"800\" height=\"100\" srcset=\"https:\/\/www.radiopiu.net\/wordpress\/wp-content\/uploads\/2018\/09\/appuntamenti.jpeg 800w, https:\/\/www.radiopiu.net\/wordpress\/wp-content\/uploads\/2018\/09\/appuntamenti-300x38.jpeg 300w, https:\/\/www.radiopiu.net\/wordpress\/wp-content\/uploads\/2018\/09\/appuntamenti-768x96.jpeg 768w\" sizes=\"auto, (max-width: 800px) 100vw, 800px\" \/><\/a><\/span><\/h2>\n<div>\n<div class=\"\" dir=\"auto\">\n<div id=\":r9h:\" class=\"x1iorvi4 x1pi30zi x1l90r2v x1swvt13\" data-ad-comet-preview=\"message\" data-ad-preview=\"message\">\n<p>&nbsp;<\/p>\n<p>&nbsp;<\/p>\n<div class=\"x78zum5 xdt5ytf xz62fqu x16ldp7u\">\n<div class=\"xu06os2 x1ok221b\">\n\n\t\t\t<style type='text\/css'>\n\t\t\t\t#gallery-6 {\n\t\t\t\t\tmargin: auto;\n\t\t\t\t}\n\t\t\t\t#gallery-6 .gallery-item {\n\t\t\t\t\tfloat: left;\n\t\t\t\t\tmargin-top: 10px;\n\t\t\t\t\ttext-align: center;\n\t\t\t\t\twidth: 33%;\n\t\t\t\t}\n\t\t\t\t#gallery-6 img {\n\t\t\t\t\tborder: 2px solid #cfcfcf;\n\t\t\t\t}\n\t\t\t\t#gallery-6 .gallery-caption {\n\t\t\t\t\tmargin-left: 0;\n\t\t\t\t}\n\t\t\t\t\/* see gallery_shortcode() in wp-includes\/media.php *\/\n\t\t\t<\/style>\n\t\t<div id='gallery-6' class='dt-gallery-container gallery galleryid-387640 gallery-columns-3 gallery-size-thumbnail'><dl class='gallery-item'>\n\t\t\t\t<dt class='gallery-icon portrait'>\n\t\t\t\t\t<a class=\"rollover rollover-zoom dt-pswp-item\" title=\"7d2293bc-cd04-46e2-a500-61f8294b1e77\" data-dt-img-description=\"\" data-large_image_width=\"1131\" data-large_image_height=\"1600\"href='https:\/\/www.radiopiu.net\/wordpress\/wp-content\/uploads\/2024\/04\/7d2293bc-cd04-46e2-a500-61f8294b1e77-1.jpg'><img loading=\"lazy\" decoding=\"async\" width=\"150\" height=\"150\" src=\"https:\/\/www.radiopiu.net\/wordpress\/wp-content\/uploads\/2024\/04\/7d2293bc-cd04-46e2-a500-61f8294b1e77-1-150x150.jpg\" class=\"attachment-thumbnail size-thumbnail\" alt=\"\" aria-describedby=\"gallery-6-387834\" \/><\/a>\n\t\t\t\t<\/dt>\n\t\t\t\t\t<dd class='wp-caption-text gallery-caption' id='gallery-6-387834'>\n\t\t\t\t\tOGGI AD AGORDO, L&#8217;ULTIMA LEZIONE DELL&#8217;ANNO\n\t\t\t\t\t<\/dd><\/dl><dl class='gallery-item'>\n\t\t\t\t<dt class='gallery-icon portrait'>\n\t\t\t\t\t<a class=\"rollover rollover-zoom dt-pswp-item\" title=\"437146738_2577149032445332_1917642300626249383_n\" data-dt-img-description=\"\" data-large_image_width=\"509\" data-large_image_height=\"720\"href='https:\/\/www.radiopiu.net\/wordpress\/wp-content\/uploads\/2024\/04\/437146738_2577149032445332_1917642300626249383_n.jpg'><img loading=\"lazy\" decoding=\"async\" width=\"150\" height=\"150\" src=\"https:\/\/www.radiopiu.net\/wordpress\/wp-content\/uploads\/2024\/04\/437146738_2577149032445332_1917642300626249383_n-150x150.jpg\" class=\"attachment-thumbnail size-thumbnail\" alt=\"\" aria-describedby=\"gallery-6-387164\" \/><\/a>\n\t\t\t\t<\/dt>\n\t\t\t\t\t<dd class='wp-caption-text gallery-caption' id='gallery-6-387164'>\n\t\t\t\t\tDA VENERDI 3 MAGGIO VIA AL MAGGIO AGORDINO CON I PERITI MINERARI\n\t\t\t\t\t<\/dd><\/dl><dl class='gallery-item'>\n\t\t\t\t<dt class='gallery-icon portrait'>\n\t\t\t\t\t<a class=\"rollover rollover-zoom dt-pswp-item\" title=\"6badf9cc-acc8-4d12-a4f1-ee6f808c9e5e\" data-dt-img-description=\"\" data-large_image_width=\"1131\" data-large_image_height=\"1600\"href='https:\/\/www.radiopiu.net\/wordpress\/wp-content\/uploads\/2024\/04\/6badf9cc-acc8-4d12-a4f1-ee6f808c9e5e.jpg'><img loading=\"lazy\" decoding=\"async\" width=\"150\" height=\"150\" src=\"https:\/\/www.radiopiu.net\/wordpress\/wp-content\/uploads\/2024\/04\/6badf9cc-acc8-4d12-a4f1-ee6f808c9e5e-150x150.jpg\" class=\"attachment-thumbnail size-thumbnail\" alt=\"\" aria-describedby=\"gallery-6-387233\" \/><\/a>\n\t\t\t\t<\/dt>\n\t\t\t\t\t<dd class='wp-caption-text gallery-caption' id='gallery-6-387233'>\n\t\t\t\t\tLA FESTA CON IL DISTRETTO VENATORIO AGORDINO A SAN TOMASO\n\t\t\t\t\t<\/dd><\/dl><br style=\"clear: both\" \/>\n\t\t\t<\/div>\n\n<\/div>\n<\/div>\n<\/div>\n<\/div>\n<\/div>\n<p>&nbsp;<\/p>\n<h2><\/h2>\n<p><strong>AGORDO<\/strong> MAGGIO AGORDINO, CONOSCERE IL TERRITORIO, CON L&#8217;ASSOCIAZIONE PERITI MINERARI DI AGORDO QUATTRO APPUNTAMENTI, PER QUATTRO VENERDI ALLE 20.30 IN SALA DON TAMIS, AD AGORDO, CON INGRESSO LIBERO A TUTTI VENERDI 3 MAGGIO GEOLOGIA DELLE DOLOMITI,&#8221;MONTAGNE PIU&#8217; MERAVIGLIOSE DELLA TERRA&#8221; professor Danilo Giordano VENERDI 10 MAGGIO UNA SERATA TRA I BOSCHI CHE CAMBIANO, I BOSCHI DELLE DOLOMITI professor Luca Canzan VENERDI 17 MAGGIO LA METEOLOROGIA ALPINA, UN UNIVERSO SFACETTATO QUANTO LA MONTAGNA STESSA con il dottor Robert Thierry Luciani VENERDI 24 MAGGIO ENERGIA E AMBIENTE DI MONTAGNA con l&#8217;ingegner Adriano Luchetta MAGGIO AGORDINO&#8230; CON L&#8217;APIM, I VENERDI DI SERA IN SALA DON TAMIS<\/p>\n<p><strong>LIMANA<\/strong> Oggi alle 17:15 in biblioteca a Limana il terzo appuntamento con Fantalibrando 2024. Diana De Bona presenter\u00e0 il suo nuovo libro \u201cRagnar, storia di un gatto che voleva volare\u201d<\/p>\n<p><strong>AGORDO<\/strong> Al termine del 26esimo anno accademico 23-24 intervento del giornalista Francesco Jori con la relazione conclusiva &#8220;Marco Polo la vita \u00e8 viaggio, sette secoli fa&#8221;. Oggi alle 15 in sala Don Tamis<\/p>\n<p><strong>SAN TOMASO<\/strong> \u00a0Il distretto venatorio agordino ti invita domenica 5 maggio dalle 9 a sera, all&#8217;Arena 1082 di San Tomaso Agordino, per la festa del cacciatore agordino. Alle 9 la messa accompagnata dai suonatori di corno da caccia, alle 10 l&#8217;incontro con la popolazione, premiazioni dei soci anziani e dei migliori trofei d&#8217;annata. ALLE 11 Esibizione folk con i Bati Orz de San Tomas. Dalle 12 cucina tipica con prodotti di selvaggina, complesso folk-tirol Spritz Band&#8230;ed estrazione biglietti della lotteria. Servizio bar e ristoro, nell&#8217;Arena diorama della fauna e ambiente alpino, attrezzatura venatoria prodotti d&#8217;artigianato e rassegna di pittori.<\/p>\n<p><strong>BELLUNO<\/strong> Domenica 5 maggio si svolger\u00e0 il Trofeo del Donatore 2024 con partenza presso il campo sportivo di Tisoi &#8220;Giuseppe Viel&#8221;. Sono previsti due percorsi: uno lungo di 10 km al costo di 10\u20ac e uno corto di 4 km a 5\u20ac. Saranno premiati i primi 5 classificati maschili e femminili del percorso lungo, il primo donatore e la prima donatrice. Per il percorso corto, ci saranno premi per fasce di et\u00e0 fino a 15 anni e per i primi due gruppi pi\u00f9 numerosi. Tutti i partecipanti riceveranno gadget. Le preiscrizioni sono disponibili su <a href=\"https:\/\/www.eventbrite.it\/e\/873628084117?aff=oddtdtcreator\"><span style=\"color: #3366ff;\">Eventbrite<\/span><\/a>. Le gare inizieranno alle ore 9.45 e ci saranno spogliatoi presso il campo sportivo. Dopo le gare, ci sar\u00e0 il Pranzo del Donatore a partire dalle 12.00 con schiz, pasta, salsiccia, formaggio alla piastra, contorni e allegria.<\/p>\n<p>&nbsp;<\/p>\n<h2><span style=\"color: #ff0000;\">PROSSIMAMENTE<\/span><\/h2>\n<p>&nbsp;<\/p>\n<p>&nbsp;<\/p>\n<hr \/>\n<p>&nbsp;<\/p>\n<h2><span style=\"color: #800080;\">L&#8217;OPINIONE&#8230;DI FRANCO PIACENTINI<\/span><\/h2>\n<p>Nel centenario dell&#8217;assassinio fascista, sarebbe opportuno (anche) nella &#8220;giornata &#8211; festa dei lavoratori 2024&#8221; ricordare il socialista, polesano, antifascista: Giacomo Matteotti, riprendendo una parte dell&#8217;ottimo ricordo del &#8220;grande italiano del novecento&#8221;, presente nel libro di Diego Crivellari e Francesco Jori: &#8220;Giacomo Matteotti figlio del Polesine&#8221; &#8211; Apogeo Editore. &#8220;Il socialismo di Giacomo Matteotti non \u00e8 mai stato qualcosa di disincarnato (&#8230;) I socialisti credono nell&#8217;emancipazione della classe lavoratrice (&#8230;) sono anche per la lotta di classe e non per la guerra di classe. Lotta di classe, cio\u00e8 difesa del lavoro sul terreno economico, per l&#8217;ascensione continua della forza e della capacit\u00e0 dei lavoratori, che devono tutelare i loro salari (&#8230;) Lotta di classe, cio\u00e8 difesa del lavoro sul terreno politico, per rivendicare <span id=\":1w0.14\" class=\"\" tabindex=\"-1\" role=\"menuitem\" aria-haspopup=\"true\">ai<\/span> lavoratori il diritto di influenzare e di governare anche la cosa pubblica (&#8230;) Lotta di classe per aumentare la produzione <span id=\":1w0.15\" class=\"\" tabindex=\"-1\" role=\"menuitem\" aria-haspopup=\"true\">regolandola<\/span> all&#8217;interesse della collettivit\u00e0 operosa (&#8230;) Lotta di classe non per emancipare una classe e <span id=\":1w0.16\" class=\"\" tabindex=\"-1\" role=\"menuitem\" aria-haspopup=\"true\">opprimerne<\/span> un&#8217;altra, ma perch\u00e9 tutti i privilegi di classe siano aboliti, e tutti i cittadini siano eguali di fronte all&#8217;obbligo di cooperare alla produzione della ricchezza e al maggiore benessere economico (&#8230;) Lotta di classe per suscitare in ognuno la dignit\u00e0 di uomo (<i>e donna n.d.r.<\/i>) e l&#8217;aspirazione o la capacit\u00e0 di elevarsi, non contro i propri simili, ma nella coordinata armonia di tutti per la comune ascensione. Lotta di classe per dare a ogni nato di donna la possibilit\u00e0 massima di sviluppare le sue capacit\u00e0 e attitudini al lavoro a vantaggio della collettivit\u00e0&#8221;. Questa sintesi dell&#8217;insegnamento valoriale (anche) sui temi del lavoro di Giacomo Matteotti, degli anni venti del secolo scorso, \u00e8 di grandissima attualit\u00e0 anche in questo Primo Maggio 2024. Da &#8220;vecchio&#8221; ex dirigente sindacale, auspico che nelle piazze CGIL CISL UIL Primo Maggio, l&#8217;antifascista Giacomo Matteotti venga ricordato.<\/p>\n<p>Franco Piacentini<\/p>\n<p>&nbsp;<\/p>\n<p>&nbsp;<\/p>\n<p>&nbsp;<\/p>\n<hr \/>\n<p>&nbsp;<\/p>\n<p>&nbsp;<\/p>\n<p><a class=\"dt-pswp-item\" href=\"https:\/\/www.radiopiu.net\/wordpress\/wp-content\/uploads\/2018\/09\/viabilita.jpeg\" data-dt-img-description=\"\" data-large_image_width=\"800\" data-large_image_height=\"100\"><img loading=\"lazy\" decoding=\"async\" class=\"aligncenter wp-image-61954 size-full\" src=\"https:\/\/www.radiopiu.net\/wordpress\/wp-content\/uploads\/2018\/09\/viabilita.jpeg\" alt=\"\" width=\"800\" height=\"100\" srcset=\"https:\/\/www.radiopiu.net\/wordpress\/wp-content\/uploads\/2018\/09\/viabilita.jpeg 800w, https:\/\/www.radiopiu.net\/wordpress\/wp-content\/uploads\/2018\/09\/viabilita-300x38.jpeg 300w, https:\/\/www.radiopiu.net\/wordpress\/wp-content\/uploads\/2018\/09\/viabilita-768x96.jpeg 768w\" sizes=\"auto, (max-width: 800px) 100vw, 800px\" \/><\/a><\/p>\n<p>&nbsp;<\/p>\n<p><a class=\"dt-pswp-item\" href=\"https:\/\/www.radiopiu.net\/wordpress\/wp-content\/uploads\/2023\/12\/botol-car-service.jpg\" data-dt-img-description=\"\" data-large_image_width=\"600\" data-large_image_height=\"600\"><img loading=\"lazy\" decoding=\"async\" class=\"size-medium wp-image-367044 aligncenter\" src=\"https:\/\/www.radiopiu.net\/wordpress\/wp-content\/uploads\/2023\/12\/botol-car-service-300x300.jpg\" alt=\"\" width=\"300\" height=\"300\" srcset=\"https:\/\/www.radiopiu.net\/wordpress\/wp-content\/uploads\/2023\/12\/botol-car-service-300x300.jpg 300w, https:\/\/www.radiopiu.net\/wordpress\/wp-content\/uploads\/2023\/12\/botol-car-service-150x150.jpg 150w, https:\/\/www.radiopiu.net\/wordpress\/wp-content\/uploads\/2023\/12\/botol-car-service.jpg 600w\" sizes=\"auto, (max-width: 300px) 100vw, 300px\" \/><\/a><\/p>\n<p>&nbsp;<\/p>\n<p>&nbsp;<\/p>\n<h1>BOLLETTINO QUOTIDIANO, CLICCA QUI<\/h1>\n<blockquote class=\"wp-embedded-content\" data-secret=\"pIpp4H21Xn\"><p><a href=\"https:\/\/www.radiopiu.net\/wordpress\/viabilita\/\">viabilita<\/a><\/p><\/blockquote>\n<p><iframe loading=\"lazy\" class=\"wp-embedded-content\" sandbox=\"allow-scripts\" security=\"restricted\" style=\"position: absolute; clip: rect(1px, 1px, 1px, 1px);\" title=\"&#8220;viabilita&#8221; &#8212; Radio Pi\u00f9\" src=\"https:\/\/www.radiopiu.net\/wordpress\/viabilita\/embed\/#?secret=8j05EtkfPo#?secret=pIpp4H21Xn\" data-secret=\"pIpp4H21Xn\" width=\"600\" height=\"338\" frameborder=\"0\" marginwidth=\"0\" marginheight=\"0\" scrolling=\"no\"><\/iframe><\/p>\n<p>&nbsp;<\/p>\n<p>&nbsp;<\/p>\n<p>&nbsp;<\/p>\n<hr \/>\n<p>&nbsp;<\/p>\n<p><a class=\"dt-pswp-item\" href=\"https:\/\/www.radiopiu.net\/wordpress\/wp-content\/uploads\/2018\/09\/WhatsApp-Image-2018-09-20-at-16.04.06.jpeg\" data-dt-img-description=\"\" data-large_image_width=\"800\" data-large_image_height=\"100\"><img loading=\"lazy\" decoding=\"async\" class=\"wp-image-61378 size-full aligncenter\" src=\"https:\/\/www.radiopiu.net\/wordpress\/wp-content\/uploads\/2018\/09\/WhatsApp-Image-2018-09-20-at-16.04.06.jpeg\" alt=\"\" width=\"800\" height=\"100\" srcset=\"https:\/\/www.radiopiu.net\/wordpress\/wp-content\/uploads\/2018\/09\/WhatsApp-Image-2018-09-20-at-16.04.06.jpeg 800w, https:\/\/www.radiopiu.net\/wordpress\/wp-content\/uploads\/2018\/09\/WhatsApp-Image-2018-09-20-at-16.04.06-300x38.jpeg 300w, https:\/\/www.radiopiu.net\/wordpress\/wp-content\/uploads\/2018\/09\/WhatsApp-Image-2018-09-20-at-16.04.06-768x96.jpeg 768w\" sizes=\"auto, (max-width: 800px) 100vw, 800px\" \/><\/a><\/p>\n<p><center><\/center><center><\/center><center><\/center><center><\/center><center><\/center><center><\/center>&nbsp;<\/p>\n<p><center><\/center><center><\/center><center><\/center><b>OGGI: <\/b>Cielo da sereno a poco nuvoloso, salvo occasionali modesti addensamenti nel pomeriggio.<br \/>\n<b>Precipitazioni: <\/b>Generalmente assenti. <b>Temperature: <\/b>Valori pressocch\u00e8 stazionari ad alta quota, per il resto in aumento soprattutto le minime<\/p>\n<p>&nbsp;<\/p>\n<hr \/>\n<p><center><\/center><b>DOMANI: <\/b>Cielo da parzialmente nuvoloso a molto nuvoloso, con spazi di sereno pi\u00f9 significativi nelle prime ore e copertura pi\u00f9 estesa verso fine giornata. <b>Precipitazioni: <\/b>Probabili fenomeni sparsi a partire dalle ore centrali, generalmente modesti a parte alcuni possibili rovesci, od occasionali temporali sulle zone prealpine. <b>Temperature: <\/b>Prevale una diminuzione, con minime raggiunte nelle ultime ore in montagna<\/p>\n<p>&nbsp;<\/p>\n<hr \/>\n<p><center><\/center><strong>GIOVEDI<\/strong> Cielo in prevalenza molto nuvoloso o coperto, specie sulle Prealpi ove sono attese con pi\u00f9 insistenza delle precipitazioni, spesso estese ed anche a carattere di rovescio o locale temporale; per le temperature minime sono attese contenute variazioni di carattere locale con prevalenza di aumenti a nord-est e diminuzioni a sud-ovest, per le massime diminuzioni pi\u00f9 accentuate sulle zone prealpine.<\/p>\n<hr \/>\n<p><center><\/center><strong>VENERDI<\/strong> Cielo in prevalenza molto nuvoloso o coperto, ma con possibili parziali schiarite; probabili locali rovesci, per il resto fasi di precipitazioni sparse e generalmente modeste; temperature minime in contenuto calo, massime in leggero aumento soprattutto sulle zone prealpine.<\/p>\n<p>&nbsp;<\/p>\n<hr \/>\n<p>&nbsp;<\/p>\n<p><img loading=\"lazy\" decoding=\"async\" class=\"wp-image-60761 size-full aligncenter\" src=\"https:\/\/www.radiopiu.net\/wordpress\/wp-content\/uploads\/2018\/09\/sport.jpg\" alt=\"\" width=\"800\" height=\"100\" srcset=\"https:\/\/www.radiopiu.net\/wordpress\/wp-content\/uploads\/2018\/09\/sport.jpg 800w, https:\/\/www.radiopiu.net\/wordpress\/wp-content\/uploads\/2018\/09\/sport-300x38.jpg 300w, https:\/\/www.radiopiu.net\/wordpress\/wp-content\/uploads\/2018\/09\/sport-768x96.jpg 768w\" sizes=\"auto, (max-width: 800px) 100vw, 800px\" \/><\/p>\n<p>&nbsp;<\/p>\n<p><span style=\"color: #0000ff;\"><strong>PALLAVOLO<\/strong><\/span><\/p>\n<blockquote>\n<h3>DOMANI GARA DUE DI SEMIFINALE PER IL BELLUNO VOLLEY<\/h3>\n<\/blockquote>\n<p><a class=\"dt-pswp-item\" href=\"https:\/\/www.radiopiu.net\/wordpress\/wp-content\/uploads\/2024\/04\/Prevendite_aperte_per_gara_2-scaled.jpg\" data-dt-img-description=\"\" data-large_image_width=\"2560\" data-large_image_height=\"1707\"><img loading=\"lazy\" decoding=\"async\" class=\" wp-image-387761 alignleft\" src=\"https:\/\/www.radiopiu.net\/wordpress\/wp-content\/uploads\/2024\/04\/Prevendite_aperte_per_gara_2-300x200.jpg\" alt=\"\" width=\"164\" height=\"109\" srcset=\"https:\/\/www.radiopiu.net\/wordpress\/wp-content\/uploads\/2024\/04\/Prevendite_aperte_per_gara_2-300x200.jpg 300w, https:\/\/www.radiopiu.net\/wordpress\/wp-content\/uploads\/2024\/04\/Prevendite_aperte_per_gara_2-1024x683.jpg 1024w, https:\/\/www.radiopiu.net\/wordpress\/wp-content\/uploads\/2024\/04\/Prevendite_aperte_per_gara_2-768x512.jpg 768w, https:\/\/www.radiopiu.net\/wordpress\/wp-content\/uploads\/2024\/04\/Prevendite_aperte_per_gara_2-1536x1024.jpg 1536w, https:\/\/www.radiopiu.net\/wordpress\/wp-content\/uploads\/2024\/04\/Prevendite_aperte_per_gara_2-2048x1365.jpg 2048w\" sizes=\"auto, (max-width: 164px) 100vw, 164px\" \/><\/a>Dopo la sconfitta a Fano, il Belluno Volley punta al &#8220;reset&#8221; per il secondo capitolo dei playoff. Mercoled\u00ec 1\u00b0 maggio, alle 19:00, alla Spes Arena, si prover\u00e0 a riaprire la sfida. La societ\u00e0 offre la prevendita online sul sito ufficiale e in loco a Lambioi. Il direttore generale riconosce il valore degli avversari, ma sottolinea la mancanza di coraggio della propria squadra. La Virtus ha brillato soprattutto in battuta e a muro. Nonostante la delusione, tutto \u00e8 ancora aperto e il Belluno Volley cercher\u00e0 il riscatto in casa, contando sull&#8217;ambiente favorevole e sull&#8217;apporto dei tifosi.<\/p>\n<p>&nbsp;<\/p>\n<p><span style=\"color: #0000ff;\"><strong>CORSA CAMPESTRE E MOUNTAIN BIKE<\/strong><\/span><\/p>\n<blockquote>\n<h3>PARTITO DOMENICA IL GRAND SLALOM DOLOMITICO<\/h3>\n<\/blockquote>\n<p><a class=\"dt-pswp-item\" href=\"https:\/\/www.radiopiu.net\/wordpress\/wp-content\/uploads\/2024\/04\/trail-longane-2024-2.jpg\" data-dt-img-description=\"\" data-large_image_width=\"1620\" data-large_image_height=\"1080\"><img loading=\"lazy\" decoding=\"async\" class=\" wp-image-387785 alignleft\" src=\"https:\/\/www.radiopiu.net\/wordpress\/wp-content\/uploads\/2024\/04\/trail-longane-2024-2-300x200.jpg\" alt=\"\" width=\"164\" height=\"109\" srcset=\"https:\/\/www.radiopiu.net\/wordpress\/wp-content\/uploads\/2024\/04\/trail-longane-2024-2-300x200.jpg 300w, https:\/\/www.radiopiu.net\/wordpress\/wp-content\/uploads\/2024\/04\/trail-longane-2024-2-1024x683.jpg 1024w, https:\/\/www.radiopiu.net\/wordpress\/wp-content\/uploads\/2024\/04\/trail-longane-2024-2-768x512.jpg 768w, https:\/\/www.radiopiu.net\/wordpress\/wp-content\/uploads\/2024\/04\/trail-longane-2024-2-1536x1024.jpg 1536w, https:\/\/www.radiopiu.net\/wordpress\/wp-content\/uploads\/2024\/04\/trail-longane-2024-2.jpg 1620w\" sizes=\"auto, (max-width: 164px) 100vw, 164px\" \/><\/a>La prima edizione del &#8220;Grand Slam Dolomitico&#8221; ha preso il via da Lozzo di Cadore il 28 aprile, unendo ciclismo e podismo in dodici prove tra Veneto e Friuli. L&#8217;evento promuove la partecipazione e l&#8217;amore per lo sport e la montagna. La prima gara, Trail de le Longane, ha visto vincitori Federico Vecellio Patis e Lucija Krko\u010d. Le prove successive includono corsa e mountain bike in varie localit\u00e0, come il Trail delle Maghe a Lorenzago di Cadore e la Marcia di San Giovanni a Domegge di Cadore. Il circuito culminer\u00e0 con il Trail delle Malghe a Forni di Sopra il 13 ottobre, seguito dalle premiazioni. L&#8217;obiettivo \u00e8 valorizzare il territorio e promuovere la partecipazione sportiva.<\/p>\n<p>&nbsp;<\/p>\n<p><span style=\"color: #0000ff;\"><strong>MOTORI<\/strong><\/span><\/p>\n<blockquote>\n<h3><a class=\"dt-pswp-item\" href=\"https:\/\/www.radiopiu.net\/wordpress\/wp-content\/uploads\/2023\/11\/denis_01.jpg\" data-dt-img-description=\"DENIS MEZZACASA\" data-large_image_width=\"960\" data-large_image_height=\"960\"><img loading=\"lazy\" decoding=\"async\" class=\"alignleft wp-image-363155 \" src=\"https:\/\/www.radiopiu.net\/wordpress\/wp-content\/uploads\/2023\/11\/denis_01-300x300.jpg\" alt=\"\" width=\"126\" height=\"126\" srcset=\"https:\/\/www.radiopiu.net\/wordpress\/wp-content\/uploads\/2023\/11\/denis_01-300x300.jpg 300w, https:\/\/www.radiopiu.net\/wordpress\/wp-content\/uploads\/2023\/11\/denis_01-150x150.jpg 150w, https:\/\/www.radiopiu.net\/wordpress\/wp-content\/uploads\/2023\/11\/denis_01-768x768.jpg 768w, https:\/\/www.radiopiu.net\/wordpress\/wp-content\/uploads\/2023\/11\/denis_01.jpg 960w\" sizes=\"auto, (max-width: 126px) 100vw, 126px\" \/><\/a>OTTIMA PROVA DI DENIS MEZZACASA IN AUSTRIA<\/h3>\n<\/blockquote>\n<p><strong>DI ROBERTO BONA<\/strong><\/p>\n<audio class=\"wp-audio-shortcode\" id=\"audio-387640-19\" preload=\"none\" style=\"width: 100%;\" controls=\"controls\"><source type=\"audio\/mpeg\" src=\"https:\/\/www.radiopiu.net\/wordpress\/wp-content\/uploads\/2024\/04\/BONA-DENIS-MEZZACASA-RED-BULL-RING.mp3?_=19\" \/><a href=\"https:\/\/www.radiopiu.net\/wordpress\/wp-content\/uploads\/2024\/04\/BONA-DENIS-MEZZACASA-RED-BULL-RING.mp3\">https:\/\/www.radiopiu.net\/wordpress\/wp-content\/uploads\/2024\/04\/BONA-DENIS-MEZZACASA-RED-BULL-RING.mp3<\/a><\/audio>\n<p>&nbsp;<\/p>\n<p>&nbsp;<\/p>\n<hr \/>\n<p>&nbsp;<\/p>\n<h2><span style=\"color: #993300;\">GOODBYE BY BICICLE&#8230;UN VIAGGIO DALL&#8217;INDIA A SEREN DEL GRAPPA IN BICICLETTA<\/span><\/h2>\n<p><span style=\"color: #ff0000;\"><strong>PUNTATA 11 &#8211; NUOVE SCUOLA E CITTA&#8217; VISITATE. INTANTO SI PENSA AL RIENTRO IN ITALIA<\/strong><\/span><\/p>\n<audio class=\"wp-audio-shortcode\" id=\"audio-387640-20\" preload=\"none\" style=\"width: 100%;\" controls=\"controls\"><source type=\"audio\/mpeg\" src=\"https:\/\/www.radiopiu.net\/wordpress\/wp-content\/uploads\/2024\/04\/AIRE-INDIA-PUNTATA-11.mp3?_=20\" \/><a href=\"https:\/\/www.radiopiu.net\/wordpress\/wp-content\/uploads\/2024\/04\/AIRE-INDIA-PUNTATA-11.mp3\">https:\/\/www.radiopiu.net\/wordpress\/wp-content\/uploads\/2024\/04\/AIRE-INDIA-PUNTATA-11.mp3<\/a><\/audio>\n<p>&nbsp;<\/p>\n<p><strong>PER VISITARE I SITI DEI LUOGHI VISITATI, CLICCA SULLE SEGUENTI SCRITTE:\u00a0 <a href=\"https:\/\/maps.app.goo.gl\/ER7aKRRobXQKuFEJ6\"><span style=\"color: #3366ff;\">Kishan Bagh Sand Dunes Jaipur<\/span><\/a><\/strong><\/p>\n<p>&nbsp;<\/p>\n\n\t\t\t<style type='text\/css'>\n\t\t\t\t#gallery-7 {\n\t\t\t\t\tmargin: auto;\n\t\t\t\t}\n\t\t\t\t#gallery-7 .gallery-item {\n\t\t\t\t\tfloat: left;\n\t\t\t\t\tmargin-top: 10px;\n\t\t\t\t\ttext-align: center;\n\t\t\t\t\twidth: 20%;\n\t\t\t\t}\n\t\t\t\t#gallery-7 img {\n\t\t\t\t\tborder: 2px solid #cfcfcf;\n\t\t\t\t}\n\t\t\t\t#gallery-7 .gallery-caption {\n\t\t\t\t\tmargin-left: 0;\n\t\t\t\t}\n\t\t\t\t\/* see gallery_shortcode() in wp-includes\/media.php *\/\n\t\t\t<\/style>\n\t\t<div id='gallery-7' class='dt-gallery-container gallery galleryid-387640 gallery-columns-5 gallery-size-thumbnail'><dl class='gallery-item'>\n\t\t\t\t<dt class='gallery-icon landscape'>\n\t\t\t\t\t<a class=\"rollover rollover-zoom dt-pswp-item\" title=\"ac2da539-2484-499a-851a-df679cde1652\" data-dt-img-description=\"\" data-large_image_width=\"1600\" data-large_image_height=\"720\"href='https:\/\/www.radiopiu.net\/wordpress\/wp-content\/uploads\/2024\/04\/ac2da539-2484-499a-851a-df679cde1652.jpg'><img loading=\"lazy\" decoding=\"async\" width=\"150\" height=\"150\" src=\"https:\/\/www.radiopiu.net\/wordpress\/wp-content\/uploads\/2024\/04\/ac2da539-2484-499a-851a-df679cde1652-150x150.jpg\" class=\"attachment-thumbnail size-thumbnail\" alt=\"\" \/><\/a>\n\t\t\t\t<\/dt><\/dl><dl class='gallery-item'>\n\t\t\t\t<dt class='gallery-icon landscape'>\n\t\t\t\t\t<a class=\"rollover rollover-zoom dt-pswp-item\" title=\"49d152e1-64f8-4185-b03e-faab25849814\" data-dt-img-description=\"\" data-large_image_width=\"1600\" data-large_image_height=\"1200\"href='https:\/\/www.radiopiu.net\/wordpress\/wp-content\/uploads\/2024\/04\/49d152e1-64f8-4185-b03e-faab25849814.jpg'><img loading=\"lazy\" decoding=\"async\" width=\"150\" height=\"150\" src=\"https:\/\/www.radiopiu.net\/wordpress\/wp-content\/uploads\/2024\/04\/49d152e1-64f8-4185-b03e-faab25849814-150x150.jpg\" class=\"attachment-thumbnail size-thumbnail\" alt=\"\" \/><\/a>\n\t\t\t\t<\/dt><\/dl><dl class='gallery-item'>\n\t\t\t\t<dt class='gallery-icon landscape'>\n\t\t\t\t\t<a class=\"rollover rollover-zoom dt-pswp-item\" title=\"e605888f-556c-4450-981f-cbcfe50a598f\" data-dt-img-description=\"\" data-large_image_width=\"1600\" data-large_image_height=\"1200\"href='https:\/\/www.radiopiu.net\/wordpress\/wp-content\/uploads\/2024\/04\/e605888f-556c-4450-981f-cbcfe50a598f.jpg'><img loading=\"lazy\" decoding=\"async\" width=\"150\" height=\"150\" src=\"https:\/\/www.radiopiu.net\/wordpress\/wp-content\/uploads\/2024\/04\/e605888f-556c-4450-981f-cbcfe50a598f-150x150.jpg\" class=\"attachment-thumbnail size-thumbnail\" alt=\"\" \/><\/a>\n\t\t\t\t<\/dt><\/dl><dl class='gallery-item'>\n\t\t\t\t<dt class='gallery-icon portrait'>\n\t\t\t\t\t<a class=\"rollover rollover-zoom dt-pswp-item\" title=\"78865afc-df05-4f89-8db5-0b1dee6a06c2\" data-dt-img-description=\"\" data-large_image_width=\"1200\" data-large_image_height=\"1600\"href='https:\/\/www.radiopiu.net\/wordpress\/wp-content\/uploads\/2024\/04\/78865afc-df05-4f89-8db5-0b1dee6a06c2.jpg'><img loading=\"lazy\" decoding=\"async\" width=\"150\" height=\"150\" src=\"https:\/\/www.radiopiu.net\/wordpress\/wp-content\/uploads\/2024\/04\/78865afc-df05-4f89-8db5-0b1dee6a06c2-150x150.jpg\" class=\"attachment-thumbnail size-thumbnail\" alt=\"\" \/><\/a>\n\t\t\t\t<\/dt><\/dl><dl class='gallery-item'>\n\t\t\t\t<dt class='gallery-icon portrait'>\n\t\t\t\t\t<a class=\"rollover rollover-zoom dt-pswp-item\" title=\"dee0e315-865e-403c-ac35-f0a495bceac3\" data-dt-img-description=\"\" data-large_image_width=\"964\" data-large_image_height=\"1280\"href='https:\/\/www.radiopiu.net\/wordpress\/wp-content\/uploads\/2024\/04\/dee0e315-865e-403c-ac35-f0a495bceac3.jpg'><img loading=\"lazy\" decoding=\"async\" width=\"150\" height=\"150\" src=\"https:\/\/www.radiopiu.net\/wordpress\/wp-content\/uploads\/2024\/04\/dee0e315-865e-403c-ac35-f0a495bceac3-150x150.jpg\" class=\"attachment-thumbnail size-thumbnail\" alt=\"\" \/><\/a>\n\t\t\t\t<\/dt><\/dl><br style=\"clear: both\" \/>\n\t\t\t<\/div>\n\n<p>&nbsp;<\/p>\n<h2>LA RACCOLTA COMPLETA <a href=\"https:\/\/www.radiopiu.net\/wordpress\/goodbye-by-bicicle-un-viaggio-dallindia-a-seren-del-grappa-in-bicicletta-11\/\"><span style=\"color: #3366ff;\">CLICCA QUI<\/span><\/a><\/h2>\n<p>&nbsp;<\/p>\n<p>&nbsp;<\/p>\n","protected":false},"excerpt":{"rendered":"<p>****** &nbsp; PER RICEVERE QUESTO NOTIZIARIO DIRETTAMENTE SUL TUO CELLULARE ISCRIVITI AL CANALE TELEGRAM \u201cRADIO PIU\u00a0 INFORMAZIONE&#8221;\u00a0 \u00a0il CANALE TELEGRAM&#8230; UNISCITI A: RADIO PIU INFORMAZIONE &nbsp; &nbsp; ATTENZIONE: LA NUOVA APP PER IOS-IPHONE di Nicola Vettorello https:\/\/apps.apple.com\/it\/app\/radio-pi%C3%B9-emittente-agordina\/id1515939845 ATTENZIONE: LA NUOVA APP RADIO\u00a0 PER ANDROID di Nicola Vettorello https:\/\/play.google.com\/store\/apps\/details?id=net.radiopiu.iniko\u00a0\u00a0 &nbsp; &nbsp; &nbsp; OGGI ALLA RADIO: ALLE&hellip;<\/p>\n","protected":false},"author":4,"featured_media":387789,"comment_status":"closed","ping_status":"closed","sticky":false,"template":"","format":"standard","meta":{"_monsterinsights_skip_tracking":false,"_monsterinsights_sitenote_active":false,"_monsterinsights_sitenote_note":"","_monsterinsights_sitenote_category":0,"footnotes":""},"categories":[51,86,49],"tags":[],"class_list":["post-387640","post","type-post","status-publish","format-standard","has-post-thumbnail","hentry","category-evidenza-top","category-gr","category-news-18","category-51","category-86","category-49","description-off"],"img_url":"https:\/\/www.radiopiu.net\/wordpress\/wp-content\/uploads\/2024\/04\/IMG-20240429-WA0006.jpg","_links":{"self":[{"href":"https:\/\/www.radiopiu.net\/wordpress\/wp-json\/wp\/v2\/posts\/387640","targetHints":{"allow":["GET"]}}],"collection":[{"href":"https:\/\/www.radiopiu.net\/wordpress\/wp-json\/wp\/v2\/posts"}],"about":[{"href":"https:\/\/www.radiopiu.net\/wordpress\/wp-json\/wp\/v2\/types\/post"}],"author":[{"embeddable":true,"href":"https:\/\/www.radiopiu.net\/wordpress\/wp-json\/wp\/v2\/users\/4"}],"replies":[{"embeddable":true,"href":"https:\/\/www.radiopiu.net\/wordpress\/wp-json\/wp\/v2\/comments?post=387640"}],"version-history":[{"count":0,"href":"https:\/\/www.radiopiu.net\/wordpress\/wp-json\/wp\/v2\/posts\/387640\/revisions"}],"wp:featuredmedia":[{"embeddable":true,"href":"https:\/\/www.radiopiu.net\/wordpress\/wp-json\/wp\/v2\/media\/387789"}],"wp:attachment":[{"href":"https:\/\/www.radiopiu.net\/wordpress\/wp-json\/wp\/v2\/media?parent=387640"}],"wp:term":[{"taxonomy":"category","embeddable":true,"href":"https:\/\/www.radiopiu.net\/wordpress\/wp-json\/wp\/v2\/categories?post=387640"},{"taxonomy":"post_tag","embeddable":true,"href":"https:\/\/www.radiopiu.net\/wordpress\/wp-json\/wp\/v2\/tags?post=387640"}],"curies":[{"name":"wp","href":"https:\/\/api.w.org\/{rel}","templated":true}]}}