{"id":387782,"date":"2024-04-29T18:49:19","date_gmt":"2024-04-29T16:49:19","guid":{"rendered":"https:\/\/www.radiopiu.net\/wordpress\/?p=387782"},"modified":"2024-04-29T18:49:19","modified_gmt":"2024-04-29T16:49:19","slug":"violenza-choc-in-carcere-a-belluno","status":"publish","type":"post","link":"https:\/\/www.radiopiu.net\/wordpress\/violenza-choc-in-carcere-a-belluno\/","title":{"rendered":"VIOLENZA CHOC IN CARCERE A BELLUNO"},"content":{"rendered":"<p>*****<\/p>\n<p>&nbsp;<\/p>\n<p><strong><a class=\"dt-pswp-item\" href=\"https:\/\/www.radiopiu.net\/wordpress\/wp-content\/uploads\/2021\/07\/image-2.jpg\" data-dt-img-description=\"\" data-large_image_width=\"960\" data-large_image_height=\"540\"><img loading=\"lazy\" decoding=\"async\" class=\" wp-image-224354 alignleft\" src=\"https:\/\/www.radiopiu.net\/wordpress\/wp-content\/uploads\/2021\/07\/image-2-300x169.jpg\" alt=\"\" width=\"199\" height=\"112\" srcset=\"https:\/\/www.radiopiu.net\/wordpress\/wp-content\/uploads\/2021\/07\/image-2-300x169.jpg 300w, https:\/\/www.radiopiu.net\/wordpress\/wp-content\/uploads\/2021\/07\/image-2-768x432.jpg 768w, https:\/\/www.radiopiu.net\/wordpress\/wp-content\/uploads\/2021\/07\/image-2.jpg 960w\" sizes=\"auto, (max-width: 199px) 100vw, 199px\" \/><\/a>BELLUNO <\/strong>Grave violenza choc nel carcere di Belluno per la folle intemperanza di un detenuto straniero e, ancora una volta, a pagarne le conseguenze sono alcuni dei poliziotti in servizio e parte degli arredi interni alla struttura. Come spiega\u00a0Giovanni Vona, segretario nazionale per il Triveneto\u00a0del Sindacato Autonomo Polizia Penitenziaria:\u00a0<em>\u201cSabato scorso, un detenuto nordafricano che stazionava di fronte il cancello della rotonda del carcere, rifiuta di rientrare in cella (ristretto a regime ordinario) con la pretesa di parlare con il Preposto di Polizia Penitenziaria. C\u2019\u00e8 per\u00f2 un antefatto: lo stesso detenuto si era reso protagonista di un grave fatto gi\u00e0 a inizio mese, quando chiese all\u2019Agente di Sezione di potersi recare nel locale barberia fuori dall&#8217;orario consentito ma gli venne ovviamente negato e per questo, di fronte alla sua reazione verbale violenta, fu rapportato disciplinarmente. Tornando a sabato, al rifiuto di rientrare in cella da parte dell\u2019Agente, il detenuto lo ha riconosciuto come colui che lo ha rapportato disciplinarmente e, ancora risentito, lo ha offeso e minacciato per poi, del tutto inaspettatamente, tirargli uno schiaffo sull&#8217;orecchio sinistro. Il collega \u00e8 poi andato in infermeria perch\u00e9 perdeva sangue dell&#8217;orecchio, in infermeria lo hanno mandato in ospedale dove gli hanno diagnosticato la lesione del timpano, con venti giorni di prognosi\u201d.\u00a0<\/em>Sono stati momenti ad altissima tensione, conclude il sindacalista, che rivolge la vicinanza e la solidasriet\u00e0 del SAPPE. <em>\u201cLa violenza e la tensione vissuta dai poliziotti in servizio nel carcere di Belluno sono gravissime: \u00e8 inaccettabile che un agente di Polizia Penitenziaria debba rischiare ogni giorno la propria incolumit\u00e0 ed essere soggetto ad aggressioni e violenze solamente perch\u00e9 rappresenta lo Stato in un contesto nel quale la frangia violenta dei detenuti non ha alcuna remora a creare disordini, sommosse, eventi critici. Basta!\u201d,\u00a0<\/em>denuncia\u00a0<em>il segretario generale del SAPPE Donato Capece. \u201cE\u2019 del tutto evidente che nelle carceri della Nazione e del Triveneto in particolare serve, forte ed evidente, la presenza dello Stato, che non pu\u00f2 tollerare questa diffusa impunit\u00e0, e servono provvedimenti urgenti ed efficaci!\u201d, prosegue il leader del SAPPE, che rinnova l\u2019appello ai vertici del DAP affinch\u00e8 creino le condizioni\u00a0<\/em><em>\u201cper ristabilire ordine e sicurezza, attuando davvero quella tolleranza zero verso quei detenuti violenti che, anche in carcere, sono convinti di poter continuare a delinquere nella impunit\u00e0 assoluta!\u201d.\u00a0<\/em><em>\u201cServono regole ferree\u00a0<\/em><em>per ristabilire ordine e sicurezza nelle carceri, attuando davvero quella tolleranza zero verso i detenuti violenti che, anche in carcere, sono convinti di poter continuare a delinquere nella impunit\u00e0 assoluta! Qui<\/em><em>\u00a0serve, forte ed evidente, la presenza dello Stato, che non pu\u00f2 tollerare questa diffusa impunit\u00e0, e servono provvedimenti urgenti ed efficaci!\u201d, conclude Capece.<\/em><\/p>\n<p>&nbsp;<\/p>\n<p>&nbsp;<\/p>\n<p>*******<\/p>\n","protected":false},"excerpt":{"rendered":"<p>***** &nbsp; BELLUNO Grave violenza choc nel carcere di Belluno per la folle intemperanza di un detenuto straniero e, ancora una volta, a pagarne le conseguenze sono alcuni dei poliziotti in servizio e parte degli arredi interni alla struttura. Come spiega\u00a0Giovanni Vona, segretario nazionale per il Triveneto\u00a0del Sindacato Autonomo Polizia Penitenziaria:\u00a0\u201cSabato scorso, un detenuto nordafricano&hellip;<\/p>\n","protected":false},"author":4,"featured_media":224354,"comment_status":"closed","ping_status":"closed","sticky":false,"template":"","format":"standard","meta":{"_monsterinsights_skip_tracking":false,"_monsterinsights_sitenote_active":false,"_monsterinsights_sitenote_note":"","_monsterinsights_sitenote_category":0,"footnotes":""},"categories":[49],"tags":[],"class_list":["post-387782","post","type-post","status-publish","format-standard","has-post-thumbnail","hentry","category-news-18","category-49","description-off"],"img_url":"https:\/\/www.radiopiu.net\/wordpress\/wp-content\/uploads\/2021\/07\/image-2.jpg","_links":{"self":[{"href":"https:\/\/www.radiopiu.net\/wordpress\/wp-json\/wp\/v2\/posts\/387782","targetHints":{"allow":["GET"]}}],"collection":[{"href":"https:\/\/www.radiopiu.net\/wordpress\/wp-json\/wp\/v2\/posts"}],"about":[{"href":"https:\/\/www.radiopiu.net\/wordpress\/wp-json\/wp\/v2\/types\/post"}],"author":[{"embeddable":true,"href":"https:\/\/www.radiopiu.net\/wordpress\/wp-json\/wp\/v2\/users\/4"}],"replies":[{"embeddable":true,"href":"https:\/\/www.radiopiu.net\/wordpress\/wp-json\/wp\/v2\/comments?post=387782"}],"version-history":[{"count":0,"href":"https:\/\/www.radiopiu.net\/wordpress\/wp-json\/wp\/v2\/posts\/387782\/revisions"}],"wp:featuredmedia":[{"embeddable":true,"href":"https:\/\/www.radiopiu.net\/wordpress\/wp-json\/wp\/v2\/media\/224354"}],"wp:attachment":[{"href":"https:\/\/www.radiopiu.net\/wordpress\/wp-json\/wp\/v2\/media?parent=387782"}],"wp:term":[{"taxonomy":"category","embeddable":true,"href":"https:\/\/www.radiopiu.net\/wordpress\/wp-json\/wp\/v2\/categories?post=387782"},{"taxonomy":"post_tag","embeddable":true,"href":"https:\/\/www.radiopiu.net\/wordpress\/wp-json\/wp\/v2\/tags?post=387782"}],"curies":[{"name":"wp","href":"https:\/\/api.w.org\/{rel}","templated":true}]}}