{"id":387814,"date":"2024-05-02T05:36:17","date_gmt":"2024-05-02T03:36:17","guid":{"rendered":"https:\/\/www.radiopiu.net\/wordpress\/?p=387814"},"modified":"2024-05-02T09:13:53","modified_gmt":"2024-05-02T07:13:53","slug":"giornale-radiopiu-02-maggio-2024-direttore-mirko-mezzacasada-40-anni-25-giugno-1983-25-giugno-2023","status":"publish","type":"post","link":"https:\/\/www.radiopiu.net\/wordpress\/giornale-radiopiu-02-maggio-2024-direttore-mirko-mezzacasada-40-anni-25-giugno-1983-25-giugno-2023\/","title":{"rendered":"GIORNALE RADIOPIU 02 MAGGIO 2024 DIRETTORE MIRKO MEZZACASA\u2026DA 40 ANNI 25 GIUGNO 1983-25 GIUGNO 2023"},"content":{"rendered":"<p>******<\/p>\n<p>&nbsp;<\/p>\n<h3><a href=\"https:\/\/www.radiopiu.net\/wordpress\/giornale-radiopiu-24-gennaio-2021-direttore-mirko-mezzacasa\/141433770_171616291414874_2957460898102012198_n\/\" rel=\"attachment wp-att-186566\"><img loading=\"lazy\" decoding=\"async\" class=\"wp-image-186566 alignleft\" src=\"https:\/\/www.radiopiu.net\/wordpress\/wp-content\/uploads\/2021\/01\/141433770_171616291414874_2957460898102012198_n-300x300.jpg\" alt=\"\" width=\"144\" height=\"144\" srcset=\"https:\/\/www.radiopiu.net\/wordpress\/wp-content\/uploads\/2021\/01\/141433770_171616291414874_2957460898102012198_n-300x300.jpg 300w, https:\/\/www.radiopiu.net\/wordpress\/wp-content\/uploads\/2021\/01\/141433770_171616291414874_2957460898102012198_n-150x150.jpg 150w, https:\/\/www.radiopiu.net\/wordpress\/wp-content\/uploads\/2021\/01\/141433770_171616291414874_2957460898102012198_n-768x768.jpg 768w, https:\/\/www.radiopiu.net\/wordpress\/wp-content\/uploads\/2021\/01\/141433770_171616291414874_2957460898102012198_n.jpg 800w\" sizes=\"auto, (max-width: 144px) 100vw, 144px\" \/><\/a>PER<strong> RICEVERE QUESTO NOTIZIARIO DIRETTAMENTE SUL TUO CELLULARE ISCRIVITI AL CANALE TELEGRAM <\/strong><strong>\u201cRADIO PIU\u00a0 INFORMAZIONE&#8221;\u00a0<\/strong><\/h3>\n<h3>\u00a0il CANALE TELEGRAM&#8230; UNISCITI A: RADIO PIU INFORMAZIONE<\/h3>\n<p>&nbsp;<\/p>\n<p>&nbsp;<\/p>\n<p><em><a href=\"https:\/\/www.radiopiu.net\/wordpress\/giornale-radiopiu-24-gennaio-2021-direttore-mirko-mezzacasa\/79216601_126817312416448_708980208774483089_n\/\" rel=\"attachment wp-att-186567\"><img loading=\"lazy\" decoding=\"async\" class=\"size-medium wp-image-186567 alignright\" src=\"https:\/\/www.radiopiu.net\/wordpress\/wp-content\/uploads\/2021\/01\/79216601_126817312416448_708980208774483089_n-300x114.jpg\" alt=\"\" width=\"300\" height=\"114\" srcset=\"https:\/\/www.radiopiu.net\/wordpress\/wp-content\/uploads\/2021\/01\/79216601_126817312416448_708980208774483089_n-300x114.jpg 300w, https:\/\/www.radiopiu.net\/wordpress\/wp-content\/uploads\/2021\/01\/79216601_126817312416448_708980208774483089_n-768x292.jpg 768w, https:\/\/www.radiopiu.net\/wordpress\/wp-content\/uploads\/2021\/01\/79216601_126817312416448_708980208774483089_n.jpg 820w\" sizes=\"auto, (max-width: 300px) 100vw, 300px\" \/><\/a><span style=\"color: #ff0000;\">ATTENZIONE: LA NUOVA APP PER IOS-IPHONE di Nicola Vettorello <\/span><\/em><a href=\"https:\/\/apps.apple.com\/it\/app\/radio-pi%C3%B9-emittente-agordina\/id1515939845\">https:\/\/apps.apple.com\/it\/app\/radio-pi%C3%B9-emittente-agordina\/id1515939845<\/a><\/p>\n<p><em style=\"color: #ff0000;\">ATTENZIONE: LA NUOVA APP RADIO\u00a0 PER ANDROID di Nicola Vettorello<\/em><\/p>\n<p><a href=\"https:\/\/play.google.com\/store\/apps\/details?id=net.radiopiu.iniko\" target=\"_blank\" rel=\"noopener noreferrer\">https:\/\/play.google.com\/store\/apps\/details?id=net.radiopiu.iniko\u00a0\u00a0<\/a><\/p>\n<h3 class=\"kvgmc6g5 cxmmr5t8 oygrvhab hcukyx3x c1et5uql\"><\/h3>\n<h1><span style=\"color: #ff0000;\">RIAPERTA:\u00a0 e in coro sui social&#8230;era ora!<\/span><\/h1>\n<p><strong><a class=\"dt-pswp-item\" href=\"https:\/\/www.radiopiu.net\/wordpress\/wp-content\/uploads\/2024\/04\/IMG-20240429-WA0005.jpg\" data-dt-img-description=\"\" data-large_image_width=\"1920\" data-large_image_height=\"1080\"><img loading=\"lazy\" decoding=\"async\" class=\"wp-image-387790 alignleft\" src=\"https:\/\/www.radiopiu.net\/wordpress\/wp-content\/uploads\/2024\/04\/IMG-20240429-WA0005-300x169.jpg\" alt=\"\" width=\"133\" height=\"75\" srcset=\"https:\/\/www.radiopiu.net\/wordpress\/wp-content\/uploads\/2024\/04\/IMG-20240429-WA0005-300x169.jpg 300w, https:\/\/www.radiopiu.net\/wordpress\/wp-content\/uploads\/2024\/04\/IMG-20240429-WA0005-1024x576.jpg 1024w, https:\/\/www.radiopiu.net\/wordpress\/wp-content\/uploads\/2024\/04\/IMG-20240429-WA0005-768x432.jpg 768w, https:\/\/www.radiopiu.net\/wordpress\/wp-content\/uploads\/2024\/04\/IMG-20240429-WA0005-1536x864.jpg 1536w, https:\/\/www.radiopiu.net\/wordpress\/wp-content\/uploads\/2024\/04\/IMG-20240429-WA0005.jpg 1920w\" sizes=\"auto, (max-width: 133px) 100vw, 133px\" \/><\/a>Riaperta al traffico a doppia circolazione la strada statale 51 di Alemagna a Castellavazzo a conclusione dei lavori per la ricostruzione del cavalcaferrovia<\/strong><\/p>\n<div class=\"amico-banner amico-banner--single\">\n<div class=\"g g-3\">\n<div class=\"g-single a-167\"><\/div>\n<div><\/div>\n<\/div>\n<\/div>\n<div data-block=\"true\" data-editor=\"avj4u\" data-offset-key=\"d3i0j-0-0\">\n<p>&nbsp;<\/p>\n<hr \/>\n<p>&nbsp;<\/p>\n<\/div>\n<p style=\"text-align: left;\"><span style=\"color: #ff0000;\"><strong><a class=\"dt-pswp-item\" href=\"https:\/\/www.radiopiu.net\/wordpress\/wp-content\/uploads\/2024\/05\/c973542f-4214-43cb-8701-bdde11c7d623.jpg\" data-dt-img-description=\"\" data-large_image_width=\"625\" data-large_image_height=\"1019\"><img loading=\"lazy\" decoding=\"async\" class=\"size-medium wp-image-387965 alignleft\" src=\"https:\/\/www.radiopiu.net\/wordpress\/wp-content\/uploads\/2024\/05\/c973542f-4214-43cb-8701-bdde11c7d623-184x300.jpg\" alt=\"\" width=\"184\" height=\"300\" srcset=\"https:\/\/www.radiopiu.net\/wordpress\/wp-content\/uploads\/2024\/05\/c973542f-4214-43cb-8701-bdde11c7d623-184x300.jpg 184w, https:\/\/www.radiopiu.net\/wordpress\/wp-content\/uploads\/2024\/05\/c973542f-4214-43cb-8701-bdde11c7d623.jpg 625w\" sizes=\"auto, (max-width: 184px) 100vw, 184px\" \/><\/a>OGGI ALLA RADIO<\/strong><\/span>: <strong>ALLE 7.20<\/strong> EL BAR DEL FIOR, DETTI E TRADIZIONI DI GIULIANA DA RONCH; <strong>ALLE 8.20<\/strong> PIU&#8217; SIAMO CON MARINA DONA&#8217; <strong>ALLE 9.10<\/strong> LA MUSICA COUNTRY DI ALEX NASCINBEN <strong>10.10<\/strong> CIAK SI GIRA, IL GOSSIP CON PAOLA LANCIATO<strong> 10.30 <\/strong>SPI CGIL BELLUNO, CON MARIA RITA GENTILIN<strong> 11.00<\/strong> DANIELA RINALDI, MEGLIO RADIO CHE MAI <strong>12.00 <\/strong>LISCIO NON TI LASCIO, CON MIRCO BENCIVENNI<strong> 12.30 <\/strong>GIORNALE RADIO PRINCIPALE <strong>12 45<\/strong> PIROLE DEL LENGA, ON IL MUSLA <strong>\u00a013.10 <\/strong>I VENERDI DI MAGGIO, CON L&#8217;APIM DI AGORDO OSPITE IN STUDIO LUCA LUCHETTA <strong>13.20 <\/strong>PRIMA VERA HIT DI MARINA DONA&#8217;<strong> 14.00 <\/strong>COLLAGE OPERAZIONI NOSTALGIA, DI LORIS SCUSSEL <strong>15.00 <\/strong>LA METEO<strong> 16.00<\/strong> IL ROCK DI MARCO COSTANTINI<strong> 16.45<\/strong> LE HIT DI MIRCO BENCIVENNI <strong>18.00 <\/strong>DUE MINUTI UN LIBRO<strong> 19.00 <\/strong>LE ANTICIPAZIONI DAL TG DI ANTENNA 3 A CURA DI TIZIANA BOLOGNANI<\/p>\n<div class=\"x11i5rnm xat24cr x1mh8g0r x1vvkbs xtlvy1s x126k92a\">\n<div dir=\"auto\">\n<p>&nbsp;<\/p>\n<p>&nbsp;<\/p>\n<p><strong>PIROLE DE LENGA&#8230; IL NUOVO PROGRAMMA CON IL MUSLA&#8230;.CON BEATRICE COLCUC E NICOLA CASSISI, TUTTI I GIORNI ALLE 6.15, 12.50 E DOPO IL GR DELLA MEZZANOTTE<\/strong><\/p>\n<p><strong>L&#8217;ANTICIPAZIONE DI BEATRICE COLCUC<\/strong><\/p>\n<audio class=\"wp-audio-shortcode\" id=\"audio-387814-1\" preload=\"none\" style=\"width: 100%;\" controls=\"controls\"><source type=\"audio\/mpeg\" src=\"https:\/\/www.radiopiu.net\/wordpress\/wp-content\/uploads\/2024\/05\/BEA-PRESENTAZIONE.mp3?_=1\" \/><a href=\"https:\/\/www.radiopiu.net\/wordpress\/wp-content\/uploads\/2024\/05\/BEA-PRESENTAZIONE.mp3\">https:\/\/www.radiopiu.net\/wordpress\/wp-content\/uploads\/2024\/05\/BEA-PRESENTAZIONE.mp3<\/a><\/audio>\n<p>&nbsp;<\/p>\n<p><span style=\"color: #ff0000;\">01 VALCH<\/span><\/p>\n<audio class=\"wp-audio-shortcode\" id=\"audio-387814-2\" preload=\"none\" style=\"width: 100%;\" controls=\"controls\"><source type=\"audio\/mpeg\" src=\"https:\/\/www.radiopiu.net\/wordpress\/wp-content\/uploads\/2024\/05\/1-Valch-NIC.mp3?_=2\" \/><a href=\"https:\/\/www.radiopiu.net\/wordpress\/wp-content\/uploads\/2024\/05\/1-Valch-NIC.mp3\">https:\/\/www.radiopiu.net\/wordpress\/wp-content\/uploads\/2024\/05\/1-Valch-NIC.mp3<\/a><\/audio>\n<p>&nbsp;<\/p>\n<p><span style=\"color: #ff0000;\">02 INCRESSE<\/span><\/p>\n<audio class=\"wp-audio-shortcode\" id=\"audio-387814-3\" preload=\"none\" style=\"width: 100%;\" controls=\"controls\"><source type=\"audio\/mpeg\" src=\"https:\/\/www.radiopiu.net\/wordpress\/wp-content\/uploads\/2024\/05\/2-Incresse-BEA.mp3?_=3\" \/><a href=\"https:\/\/www.radiopiu.net\/wordpress\/wp-content\/uploads\/2024\/05\/2-Incresse-BEA.mp3\">https:\/\/www.radiopiu.net\/wordpress\/wp-content\/uploads\/2024\/05\/2-Incresse-BEA.mp3<\/a><\/audio>\n<p>&nbsp;<\/p>\n<p><span style=\"color: #ff0000;\">03 AIVA<\/span><\/p>\n<audio class=\"wp-audio-shortcode\" id=\"audio-387814-4\" preload=\"none\" style=\"width: 100%;\" controls=\"controls\"><source type=\"audio\/mpeg\" src=\"https:\/\/www.radiopiu.net\/wordpress\/wp-content\/uploads\/2024\/05\/3-Aiva-NIC.mp3?_=4\" \/><a href=\"https:\/\/www.radiopiu.net\/wordpress\/wp-content\/uploads\/2024\/05\/3-Aiva-NIC.mp3\">https:\/\/www.radiopiu.net\/wordpress\/wp-content\/uploads\/2024\/05\/3-Aiva-NIC.mp3<\/a><\/audio>\n<p>&nbsp;<\/p>\n<p>&nbsp;<\/p>\n<p>&nbsp;<\/p>\n<hr \/>\n<p>&nbsp;<\/p>\n<p>&nbsp;<\/p>\n<div class=\"x11i5rnm xat24cr x1mh8g0r x1vvkbs xtlvy1s x126k92a\">\n<div dir=\"auto\">\n<p><strong><a class=\"dt-pswp-item\" href=\"https:\/\/www.radiopiu.net\/wordpress\/wp-content\/uploads\/2024\/02\/2d44e751-d8a8-461b-8e22-d8e4e853b032.jpg\" data-dt-img-description=\"\" data-large_image_width=\"1600\" data-large_image_height=\"1200\"><img loading=\"lazy\" decoding=\"async\" class=\"wp-image-373307 alignleft\" src=\"https:\/\/www.radiopiu.net\/wordpress\/wp-content\/uploads\/2024\/02\/2d44e751-d8a8-461b-8e22-d8e4e853b032-300x225.jpg\" alt=\"\" width=\"105\" height=\"79\" srcset=\"https:\/\/www.radiopiu.net\/wordpress\/wp-content\/uploads\/2024\/02\/2d44e751-d8a8-461b-8e22-d8e4e853b032-300x225.jpg 300w, https:\/\/www.radiopiu.net\/wordpress\/wp-content\/uploads\/2024\/02\/2d44e751-d8a8-461b-8e22-d8e4e853b032-1024x768.jpg 1024w, https:\/\/www.radiopiu.net\/wordpress\/wp-content\/uploads\/2024\/02\/2d44e751-d8a8-461b-8e22-d8e4e853b032-768x576.jpg 768w, https:\/\/www.radiopiu.net\/wordpress\/wp-content\/uploads\/2024\/02\/2d44e751-d8a8-461b-8e22-d8e4e853b032-1536x1152.jpg 1536w, https:\/\/www.radiopiu.net\/wordpress\/wp-content\/uploads\/2024\/02\/2d44e751-d8a8-461b-8e22-d8e4e853b032.jpg 1600w\" sizes=\"auto, (max-width: 105px) 100vw, 105px\" \/><\/a>EL BAL DEL FIOR, DI GIULIANA DA RONCH, 02 MAGGIO 2024<\/strong><\/p>\n<p>&nbsp;<\/p>\n<\/div>\n<\/div>\n<\/div>\n<div dir=\"auto\">\n<p>&nbsp;<\/p>\n<audio class=\"wp-audio-shortcode\" id=\"audio-387814-5\" preload=\"none\" style=\"width: 100%;\" controls=\"controls\"><source type=\"audio\/mpeg\" src=\"https:\/\/www.radiopiu.net\/wordpress\/wp-content\/uploads\/2024\/04\/GGI-3.m4a?_=5\" \/><a href=\"https:\/\/www.radiopiu.net\/wordpress\/wp-content\/uploads\/2024\/04\/GGI-3.m4a\">https:\/\/www.radiopiu.net\/wordpress\/wp-content\/uploads\/2024\/04\/GGI-3.m4a<\/a><\/audio>\n<p>&nbsp;<\/p>\n<hr \/>\n<\/div>\n<\/div>\n<blockquote>\n<blockquote>\n<h1><span style=\"color: #ff0000;\">\u00a0<\/span><\/h1>\n<h1><span style=\"color: #ff0000;\">I podcast informativi del mattino &#8211; audio &#8211;\u00a0\u00a0<\/span><\/h1>\n<\/blockquote>\n<p><strong><a class=\"dt-pswp-item\" href=\"https:\/\/www.radiopiu.net\/wordpress\/wp-content\/uploads\/2023\/11\/th-10.jpg\" data-dt-img-description=\"\" data-large_image_width=\"320\" data-large_image_height=\"180\"><img loading=\"lazy\" decoding=\"async\" class=\"wp-image-362866 alignleft\" src=\"https:\/\/www.radiopiu.net\/wordpress\/wp-content\/uploads\/2023\/11\/th-10-300x169.jpg\" alt=\"\" width=\"185\" height=\"104\" srcset=\"https:\/\/www.radiopiu.net\/wordpress\/wp-content\/uploads\/2023\/11\/th-10-300x169.jpg 300w, https:\/\/www.radiopiu.net\/wordpress\/wp-content\/uploads\/2023\/11\/th-10.jpg 320w\" sizes=\"auto, (max-width: 185px) 100vw, 185px\" \/><\/a>LA RASSEGNA STAMPA NAZIONALE ALLA RADIO, OGNI GIORNO ALLE 5 E ALLE 6 DEL MATTINO <span style=\"color: #0000ff;\">viene pubblicata alle 6.00 <span style=\"color: #ff0000;\">DIRETTA RADIO\u00a0 \u00a0\u00a0<\/span><\/span><\/strong><\/p>\n<p>&nbsp;<\/p>\n<p><strong>DI SISSY MARTINELLI<\/strong><br \/>\nLe notizie in rete, oggi infatti i giornali non sono in edicola per la festivit\u00e0 del Primo Maggio.<\/p>\n<p><strong>Il presidente<\/strong> della Repubblica e il 1 maggio,\u00a0 la vicenda di <strong>Ilaria Salis<\/strong>, la Colombia rompe le relazioni diplomatiche, nuove sanzioni. <strong>Sinner<\/strong> si ritira, Minuto di silenzio per <strong>Senna<\/strong> e concertone del 1 maggio.<\/p><\/blockquote>\n<h2>AUDIO dalle 6 del mattino<\/h2>\n<audio class=\"wp-audio-shortcode\" id=\"audio-387814-6\" preload=\"none\" style=\"width: 100%;\" controls=\"controls\"><source type=\"audio\/mpeg\" src=\"https:\/\/www.radiopiu.net\/wordpress\/wp-content\/uploads\/2024\/05\/GIORNALEDELLESEI.mp3?_=6\" \/><a href=\"https:\/\/www.radiopiu.net\/wordpress\/wp-content\/uploads\/2024\/05\/GIORNALEDELLESEI.mp3\">https:\/\/www.radiopiu.net\/wordpress\/wp-content\/uploads\/2024\/05\/GIORNALEDELLESEI.mp3<\/a><\/audio>\n<p>&nbsp;<\/p>\n<p>&nbsp;<\/p>\n<hr \/>\n<p>&nbsp;<\/p>\n<h1 style=\"text-align: center;\"><span style=\"color: #ff0000;\">I podcast informativi del mattino &#8211; audio &#8211;\u00a0<\/span><\/h1>\n<p><strong><a class=\"dt-pswp-item\" href=\"https:\/\/www.radiopiu.net\/wordpress\/wp-content\/uploads\/2023\/12\/images.png\" data-dt-img-description=\"\" data-large_image_width=\"316\" data-large_image_height=\"160\"><img loading=\"lazy\" decoding=\"async\" class=\"wp-image-367008 alignleft\" src=\"https:\/\/www.radiopiu.net\/wordpress\/wp-content\/uploads\/2023\/12\/images-300x152.png\" alt=\"\" width=\"235\" height=\"119\" srcset=\"https:\/\/www.radiopiu.net\/wordpress\/wp-content\/uploads\/2023\/12\/images-300x152.png 300w, https:\/\/www.radiopiu.net\/wordpress\/wp-content\/uploads\/2023\/12\/images.png 316w\" sizes=\"auto, (max-width: 235px) 100vw, 235px\" \/><\/a>OGNI GIORNO ALLE SETTE DEL MATTINO, LA RASSEGNA STAMPA LOCALE FLASH&#8230; PER CHI VA IN FRETTA. I TITOLI DAI GIORNALI E DAL SITO WWW.RADIOPIU.NET <span style=\"color: #0000ff;\">viene pubblicato alle 7.00<\/span> <span style=\"color: #ff0000;\">DIRETTA RADIO\u00a0<\/span><\/strong><\/p>\n<p><em><span style=\"color: #ff0000;\">per chi va in fretta&#8230; tante notizie in pochi minuti. L&#8217;informazione locale alla radio, ogni ora dalle 7 del mattino alle 19 della sera.\u00a0 \u00a0 \u00a0 \u00a0<\/span><\/em><\/p>\n<p><em>La strada statale 51 di Alemagna a Castellavazzo \u00e8 stata riaperta al traffico a doppia circolazione dopo i lavori di ricostruzione del cavalcaferrovia. A causa del maltempo, la chiusura dell&#8217;acqua prevista per oggi ad Agordo \u00e8 stata annullata. Dal 6 maggio al 10 giugno, la provinciale 563 di Salesei a Rocca Pietore sar\u00e0 chiusa in determinati orari durante i giorni feriali, con un senso unico alternato regolato da semaforo nei restanti orari. Dolomiti Bus garantir\u00e0 prestazioni minime durante lo sciopero con corse in fasce orarie specifiche.\u00a0<\/em><\/p>\n<p><em>Gli studenti medi e i sindacati a Belluno hanno riproposto l&#8217;iniziativa &#8220;Pane e Rose&#8221; durante l&#8217;1 maggio, consegnando rose ai lavoratori per denunciare lo sfruttamento lavorativo anche durante le festivit\u00e0.\u00a0 Pettirosso Agordino, verr\u00e0 proiettato il film &#8220;The Father&#8221; venerd\u00ec 3 maggio nella sala parrocchiale, promuovendo una serata di solidariet\u00e0 e condivisione. In occasione della Giornata Internazionale dell&#8217;Ostetrica il 4 maggio, il Consultorio Familiare e l&#8217;UO di Ostetricia e Ginecologia dell&#8217;Ulss Dolomiti organizzano &#8220;Naturalmente&#8230; Donna&#8221;, un incontro sulla maternit\u00e0 sostenibile a Belluno.<\/em><\/p>\n<h2>AUDIO dalle 7 del mattino<\/h2>\n<audio class=\"wp-audio-shortcode\" id=\"audio-387814-7\" preload=\"none\" style=\"width: 100%;\" controls=\"controls\"><source type=\"audio\/mpeg\" src=\"https:\/\/www.radiopiu.net\/wordpress\/wp-content\/uploads\/2024\/05\/GF07.mp3?_=7\" \/><a href=\"https:\/\/www.radiopiu.net\/wordpress\/wp-content\/uploads\/2024\/05\/GF07.mp3\">https:\/\/www.radiopiu.net\/wordpress\/wp-content\/uploads\/2024\/05\/GF07.mp3<\/a><\/audio>\n<p>&nbsp;<\/p>\n<p>&nbsp;<\/p>\n<hr \/>\n<p>&nbsp;<\/p>\n<h1>GIORNALE RADIO NAZIONALE, PRIMA EDIZIONE in onda ogni ora su radiopiu<\/h1>\n<p>&nbsp;<\/p>\n<h1 style=\"text-align: center;\"><span style=\"color: #ff0000;\"><a class=\"dt-pswp-item\" href=\"https:\/\/www.radiopiu.net\/wordpress\/wp-content\/uploads\/2022\/01\/026c3f9d-dae9-4040-a3c1-a6530231bcc3.jpg\" data-dt-img-description=\"\" data-large_image_width=\"1152\" data-large_image_height=\"2048\"><img loading=\"lazy\" decoding=\"async\" class=\"wp-image-251839 alignleft\" src=\"https:\/\/www.radiopiu.net\/wordpress\/wp-content\/uploads\/2022\/01\/026c3f9d-dae9-4040-a3c1-a6530231bcc3-169x300.jpg\" alt=\"\" width=\"100\" height=\"177\" srcset=\"https:\/\/www.radiopiu.net\/wordpress\/wp-content\/uploads\/2022\/01\/026c3f9d-dae9-4040-a3c1-a6530231bcc3-169x300.jpg 169w, https:\/\/www.radiopiu.net\/wordpress\/wp-content\/uploads\/2022\/01\/026c3f9d-dae9-4040-a3c1-a6530231bcc3-576x1024.jpg 576w, https:\/\/www.radiopiu.net\/wordpress\/wp-content\/uploads\/2022\/01\/026c3f9d-dae9-4040-a3c1-a6530231bcc3-768x1365.jpg 768w, https:\/\/www.radiopiu.net\/wordpress\/wp-content\/uploads\/2022\/01\/026c3f9d-dae9-4040-a3c1-a6530231bcc3-864x1536.jpg 864w, https:\/\/www.radiopiu.net\/wordpress\/wp-content\/uploads\/2022\/01\/026c3f9d-dae9-4040-a3c1-a6530231bcc3.jpg 1152w\" sizes=\"auto, (max-width: 100px) 100vw, 100px\" \/><\/a>I podcast informativi del mattino &#8211; audio &#8211;\u00a0<\/span><\/h1>\n<blockquote><p><strong>GIORNALE RADIO NAZIONALE, EDIZIONE DELLE SETTE <span style=\"color: #0000ff;\">viene pubblicato alle 7.05 <span style=\"color: #ff0000;\">DIRETTA RADIO\u00a0<\/span><\/span><\/strong><\/p><\/blockquote>\n<p><strong>il giornale radionazionale e&#8217; in onda ogni ora, dalle sette del mattino alle venti della sera\u00a0\u00a0<\/strong><\/p>\n<p>&nbsp;<\/p>\n<p>di DANIELE CAMPANARI<\/p>\n<p><strong>1 maggio<\/strong>, cortei e manifestazioni, concertone al Circo Massimo. No alla condanna a morte, lo grida Noemi ed Ermal Meta a difesa del rapper iraniano. <strong>I sindacati<\/strong> a Monfalcone per la festa dei lavoratori. <strong>Grandi partiti,<\/strong> ci sono i candidati pr le europee e non mancano le discussioni. Nessun accordo con <strong>Hamas<\/strong> che analizza il piano dell&#8217;Egitto. <strong>Oslo<\/strong>, armato di coltetto insegue le persone, un ferito, l&#8217;uomo \u00e8 stato arrestato.<\/p>\n<h2>AUDIO dalle sette del mattino, ogni ora alla radio<\/h2>\n<p>&nbsp;<\/p>\n<audio class=\"wp-audio-shortcode\" id=\"audio-387814-8\" preload=\"none\" style=\"width: 100%;\" controls=\"controls\"><source type=\"audio\/mpeg\" src=\"https:\/\/www.radiopiu.net\/wordpress\/wp-content\/uploads\/2024\/05\/giornale07.mp3?_=8\" \/><a href=\"https:\/\/www.radiopiu.net\/wordpress\/wp-content\/uploads\/2024\/05\/giornale07.mp3\">https:\/\/www.radiopiu.net\/wordpress\/wp-content\/uploads\/2024\/05\/giornale07.mp3<\/a><\/audio>\n<p>&nbsp;<\/p>\n<p>&nbsp;<\/p>\n<hr \/>\n<p>&nbsp;<\/p>\n<p>&nbsp;<\/p>\n<h1><span style=\"color: #ff0000;\">I podcast informativi del mattino &#8211; video &#8211;\u00a0<\/span><\/h1>\n<h2><strong><a class=\"dt-pswp-item\" href=\"https:\/\/www.radiopiu.net\/wordpress\/wp-content\/uploads\/2023\/12\/th-10.jpg\" data-dt-img-description=\"\" data-large_image_width=\"245\" data-large_image_height=\"180\"><img loading=\"lazy\" decoding=\"async\" class=\" wp-image-367395 alignleft\" src=\"https:\/\/www.radiopiu.net\/wordpress\/wp-content\/uploads\/2023\/12\/th-10.jpg\" alt=\"\" width=\"166\" height=\"122\" \/><\/a>RASSEGNA STAMPA LOCALE, ORE OTTO 05<\/strong><\/h2>\n<h2><strong> <span style=\"color: #0000ff;\">viene\u00a0 <\/span><\/strong><strong><span style=\"color: #0000ff;\">pubblicata alle 8.05 <span style=\"color: #ff0000;\">DIRETTA RADIO\u00a0\u00a0<\/span><\/span><\/strong><\/h2>\n<p><strong>DI MIRKO MEZZACASA\u00a0 \u00a0<\/strong><\/p>\n<p><em>Renato Bombassei, noto per i suoi prototipi nelle cronoscalate, \u00e8 deceduto; i funerali saranno domani alle 15. Fabrizio Zardini, icona sportiva, sar\u00e0 commemorato domani alle 15 a Cortina. Incidente domestico a Listolade: una donna di 49 anni \u00e8 stata trasportata all&#8217;ospedale San Martino di Belluno. Cristina \u00e8 in condizioni critiche dopo un grave incidente a Treviso. Una donna aggredita a Castoi chiede nuove indagini sul suo ex marito; il giudice si riserva la decisione. Belluno si posiziona al settimo posto per proventi da multe nel Veneto nel 2023. EssilorLuxottica avvia un nuovo capitolo con l&#8217;approvazione decisioni <a class=\"dt-pswp-item\" href=\"https:\/\/www.radiopiu.net\/wordpress\/wp-content\/uploads\/2020\/03\/banner-rassegna.jpg\" data-dt-img-description=\"\" data-large_image_width=\"1200\" data-large_image_height=\"400\"><img loading=\"lazy\" decoding=\"async\" class=\"size-medium wp-image-120667 alignleft\" src=\"https:\/\/www.radiopiu.net\/wordpress\/wp-content\/uploads\/2020\/03\/banner-rassegna-300x100.jpg\" alt=\"\" width=\"300\" height=\"100\" srcset=\"https:\/\/www.radiopiu.net\/wordpress\/wp-content\/uploads\/2020\/03\/banner-rassegna-300x100.jpg 300w, https:\/\/www.radiopiu.net\/wordpress\/wp-content\/uploads\/2020\/03\/banner-rassegna-1024x341.jpg 1024w, https:\/\/www.radiopiu.net\/wordpress\/wp-content\/uploads\/2020\/03\/banner-rassegna-768x256.jpg 768w, https:\/\/www.radiopiu.net\/wordpress\/wp-content\/uploads\/2020\/03\/banner-rassegna.jpg 1200w\" sizes=\"auto, (max-width: 300px) 100vw, 300px\" \/><\/a>rilevanti durante l&#8217;Assemblea Annuale degli Azionisti del 2024, annunciando un dividendo di Euro 3,95 per azione.\u00a0<\/em><\/p>\n<p><em>Il Consiglio Comunale di Belluno ha approvato una variazione di bilancio per quasi 2,5 milioni di euro, consentendo interventi e opere di manutenzione. Roberto Chissal\u00e8 annuncia la sua ricandidatura ringraziando gli elettori. L&#8217;Unione Montana Agordina celebra la vittoria riguardo alla realizzazione della ciclabile nella conca agordina dopo una sentenza favorevole in Cassazione. A Rocca Pietore, Maurizio De Cassan si oppone come unico voto contrario alle nuove tariffe di Valpe discusse nell&#8217;Unione Montana. La Fisascat \u2013 Cisl di Belluno Treviso riflette sul 1\u00b0 maggio, evidenziando le sfide del lavoro, soprattutto nei settori del turismo e dell&#8217;assistenza sociale.<\/em><\/p>\n<h2><span style=\"color: #ff0000;\"><strong>VIDEO\u00a0 \u00a0in diretta dalle 8 del mattino<\/strong><\/span><\/h2>\n<p><iframe loading=\"lazy\" title=\"dal 1983 la rassegna stampa locale, in voce, scritta, con gli approfondimenti della redazione\" width=\"1200\" height=\"675\" src=\"https:\/\/www.youtube.com\/embed\/V3QKHARxRCQ?feature=oembed\" frameborder=\"0\" allow=\"accelerometer; autoplay; clipboard-write; encrypted-media; gyroscope; picture-in-picture; web-share\" referrerpolicy=\"strict-origin-when-cross-origin\" allowfullscreen><\/iframe><\/p>\n<p>&nbsp;<\/p>\n<hr \/>\n<p>&nbsp;<\/p>\n<blockquote>\n<h3 class=\"entry-title\"><a class=\"dt-pswp-item\" href=\"https:\/\/www.radiopiu.net\/wordpress\/wp-content\/uploads\/2024\/05\/Senza-nome-1.png\" data-dt-img-description=\"\" data-large_image_width=\"306\" data-large_image_height=\"75\"><img loading=\"lazy\" decoding=\"async\" class=\" wp-image-388057 alignleft\" src=\"https:\/\/www.radiopiu.net\/wordpress\/wp-content\/uploads\/2024\/05\/Senza-nome-1-300x74.png\" alt=\"\" width=\"215\" height=\"53\" srcset=\"https:\/\/www.radiopiu.net\/wordpress\/wp-content\/uploads\/2024\/05\/Senza-nome-1-300x74.png 300w, https:\/\/www.radiopiu.net\/wordpress\/wp-content\/uploads\/2024\/05\/Senza-nome-1.png 306w\" sizes=\"auto, (max-width: 215px) 100vw, 215px\" \/><\/a>LUNEDI SCIOPERO DEI TRASPORTI, GARANTITE LE PRESTAZIONI MINIME<\/h3>\n<\/blockquote>\n<p>Dolomiti Bus S.p.A. ha annunciato l\u2019adesione agli accordi aziendali per garantire prestazioni minime durante lo sciopero. Il servizio sar\u00e0 garantito nelle fasce orarie dalle 5:40 alle 8:09 e dalle 12:10 alle 15:39. Le corse in partenza prima dell\u2019inizio dello sciopero avranno regolare svolgimento e continueranno fino al capolinea una volta avviate. Il servizio completo sar\u00e0 ripristinato il giorno successivo.<\/p>\n<p>&nbsp;<\/p>\n<p>&nbsp;<\/p>\n<hr \/>\n<p>&nbsp;<\/p>\n<blockquote>\n<h3 class=\"entry-title\"><a class=\"dt-pswp-item\" href=\"https:\/\/www.radiopiu.net\/wordpress\/wp-content\/uploads\/2024\/04\/th-15.jpg\" data-dt-img-description=\"\" data-large_image_width=\"240\" data-large_image_height=\"180\"><img loading=\"lazy\" decoding=\"async\" class=\"wp-image-387903 alignleft\" src=\"https:\/\/www.radiopiu.net\/wordpress\/wp-content\/uploads\/2024\/04\/th-15.jpg\" alt=\"\" width=\"129\" height=\"97\" \/><\/a>STRADA PER DIGONERA, UN MESE DI CHIUSURE DIURNE-FERIALI<\/h3>\n<\/blockquote>\n<p><strong>ROCCA PIETORE<\/strong> Dal 6 maggio al 10 giugno chiusura totale della provinciale 563 di Salesei in localit\u00e0 Digonera dalle 7.30 alle 12.30 e dalle 13.30 alle 18, dal lunedi al venerdi. Negli altri orari, h 24 sabato e domenica compresi, senso unico alternato regolato da semaforo<\/p>\n<p>&nbsp;<\/p>\n<p>&nbsp;<\/p>\n<hr \/>\n<p>&nbsp;<\/p>\n<blockquote>\n<h3 class=\"entry-title\"><a class=\"dt-pswp-item\" href=\"https:\/\/www.radiopiu.net\/wordpress\/wp-content\/uploads\/2024\/04\/Bim-GSP-Distrettualizzazione-Veneggia-1.jpg\" data-dt-img-description=\"\" data-large_image_width=\"1920\" data-large_image_height=\"1080\"><img loading=\"lazy\" decoding=\"async\" class=\"wp-image-386167 alignleft\" src=\"https:\/\/www.radiopiu.net\/wordpress\/wp-content\/uploads\/2024\/04\/Bim-GSP-Distrettualizzazione-Veneggia-1-300x169.jpg\" alt=\"\" width=\"146\" height=\"82\" srcset=\"https:\/\/www.radiopiu.net\/wordpress\/wp-content\/uploads\/2024\/04\/Bim-GSP-Distrettualizzazione-Veneggia-1-300x169.jpg 300w, https:\/\/www.radiopiu.net\/wordpress\/wp-content\/uploads\/2024\/04\/Bim-GSP-Distrettualizzazione-Veneggia-1-1024x576.jpg 1024w, https:\/\/www.radiopiu.net\/wordpress\/wp-content\/uploads\/2024\/04\/Bim-GSP-Distrettualizzazione-Veneggia-1-768x432.jpg 768w, https:\/\/www.radiopiu.net\/wordpress\/wp-content\/uploads\/2024\/04\/Bim-GSP-Distrettualizzazione-Veneggia-1-1536x864.jpg 1536w, https:\/\/www.radiopiu.net\/wordpress\/wp-content\/uploads\/2024\/04\/Bim-GSP-Distrettualizzazione-Veneggia-1.jpg 1920w\" sizes=\"auto, (max-width: 146px) 100vw, 146px\" \/><\/a>GIORNATA DI LAVORO ANNULLATA. OGGI ACQUA REGOLARE AD AGORDO<\/h3>\n<\/blockquote>\n<p><strong>AGORDO<\/strong> Gestione Servizi Pubblici informa che, a causa del maltempo, la chiusura acqua prevista per OGGI ad AGORDO nelle LOCALITA\u2019 COL DI FOGLIA, PRAGRANDE e PONTE ALTO \u00e8 stata annullata.<\/p>\n<p>&nbsp;<\/p>\n<p>&nbsp;<\/p>\n<hr \/>\n<p>&nbsp;<\/p>\n<blockquote>\n<h3>E&#8217; MORTO RENATO BOMBASSEI, GENIO DEI PROTOTIPI NELLE CRONOSCALATE<\/h3>\n<\/blockquote>\n<p><strong>BELLUNO<\/strong><\/p>\n<p>DI ROBERTO\u00a0 BONA<\/p>\n<audio class=\"wp-audio-shortcode\" id=\"audio-387814-9\" preload=\"none\" style=\"width: 100%;\" controls=\"controls\"><source type=\"audio\/mpeg\" src=\"https:\/\/www.radiopiu.net\/wordpress\/wp-content\/uploads\/2024\/05\/BONA-MORTO-RENATO-BOMASSEI.mp3?_=9\" \/><a href=\"https:\/\/www.radiopiu.net\/wordpress\/wp-content\/uploads\/2024\/05\/BONA-MORTO-RENATO-BOMASSEI.mp3\">https:\/\/www.radiopiu.net\/wordpress\/wp-content\/uploads\/2024\/05\/BONA-MORTO-RENATO-BOMASSEI.mp3<\/a><\/audio>\n<p>&nbsp;<\/p>\n\n\t\t\t<style type='text\/css'>\n\t\t\t\t#gallery-1 {\n\t\t\t\t\tmargin: auto;\n\t\t\t\t}\n\t\t\t\t#gallery-1 .gallery-item {\n\t\t\t\t\tfloat: left;\n\t\t\t\t\tmargin-top: 10px;\n\t\t\t\t\ttext-align: center;\n\t\t\t\t\twidth: 25%;\n\t\t\t\t}\n\t\t\t\t#gallery-1 img {\n\t\t\t\t\tborder: 2px solid #cfcfcf;\n\t\t\t\t}\n\t\t\t\t#gallery-1 .gallery-caption {\n\t\t\t\t\tmargin-left: 0;\n\t\t\t\t}\n\t\t\t\t\/* see gallery_shortcode() in wp-includes\/media.php *\/\n\t\t\t<\/style>\n\t\t<div id='gallery-1' class='dt-gallery-container gallery galleryid-387814 gallery-columns-4 gallery-size-medium'><dl class='gallery-item'>\n\t\t\t\t<dt class='gallery-icon landscape'>\n\t\t\t\t\t<a class=\"rollover rollover-zoom dt-pswp-item\" title=\"445d4517-4c70-413c-9edb-774d7f6e78ee\" data-dt-img-description=\"\" data-large_image_width=\"1000\" data-large_image_height=\"750\"href='https:\/\/www.radiopiu.net\/wordpress\/wp-content\/uploads\/2024\/05\/445d4517-4c70-413c-9edb-774d7f6e78ee.jpg'><img loading=\"lazy\" decoding=\"async\" width=\"300\" height=\"225\" src=\"https:\/\/www.radiopiu.net\/wordpress\/wp-content\/uploads\/2024\/05\/445d4517-4c70-413c-9edb-774d7f6e78ee-300x225.jpg\" class=\"attachment-medium size-medium\" alt=\"\" srcset=\"https:\/\/www.radiopiu.net\/wordpress\/wp-content\/uploads\/2024\/05\/445d4517-4c70-413c-9edb-774d7f6e78ee-300x225.jpg 300w, https:\/\/www.radiopiu.net\/wordpress\/wp-content\/uploads\/2024\/05\/445d4517-4c70-413c-9edb-774d7f6e78ee-768x576.jpg 768w, https:\/\/www.radiopiu.net\/wordpress\/wp-content\/uploads\/2024\/05\/445d4517-4c70-413c-9edb-774d7f6e78ee.jpg 1000w\" sizes=\"auto, (max-width: 300px) 100vw, 300px\" \/><\/a>\n\t\t\t\t<\/dt><\/dl><dl class='gallery-item'>\n\t\t\t\t<dt class='gallery-icon landscape'>\n\t\t\t\t\t<a class=\"rollover rollover-zoom dt-pswp-item\" title=\"8ce70f5e-f721-4605-88b8-a981c0273f19\" data-dt-img-description=\"\" data-large_image_width=\"750\" data-large_image_height=\"500\"href='https:\/\/www.radiopiu.net\/wordpress\/wp-content\/uploads\/2024\/05\/8ce70f5e-f721-4605-88b8-a981c0273f19.jpg'><img loading=\"lazy\" decoding=\"async\" width=\"300\" height=\"200\" src=\"https:\/\/www.radiopiu.net\/wordpress\/wp-content\/uploads\/2024\/05\/8ce70f5e-f721-4605-88b8-a981c0273f19-300x200.jpg\" class=\"attachment-medium size-medium\" alt=\"\" srcset=\"https:\/\/www.radiopiu.net\/wordpress\/wp-content\/uploads\/2024\/05\/8ce70f5e-f721-4605-88b8-a981c0273f19-300x200.jpg 300w, https:\/\/www.radiopiu.net\/wordpress\/wp-content\/uploads\/2024\/05\/8ce70f5e-f721-4605-88b8-a981c0273f19.jpg 750w\" sizes=\"auto, (max-width: 300px) 100vw, 300px\" \/><\/a>\n\t\t\t\t<\/dt><\/dl><dl class='gallery-item'>\n\t\t\t\t<dt class='gallery-icon landscape'>\n\t\t\t\t\t<a class=\"rollover rollover-zoom dt-pswp-item\" title=\"c5d1ef2e-a7f4-4005-ba4f-37b154a47115\" data-dt-img-description=\"\" data-large_image_width=\"500\" data-large_image_height=\"348\"href='https:\/\/www.radiopiu.net\/wordpress\/wp-content\/uploads\/2024\/05\/c5d1ef2e-a7f4-4005-ba4f-37b154a47115.jpg'><img loading=\"lazy\" decoding=\"async\" width=\"300\" height=\"209\" src=\"https:\/\/www.radiopiu.net\/wordpress\/wp-content\/uploads\/2024\/05\/c5d1ef2e-a7f4-4005-ba4f-37b154a47115-300x209.jpg\" class=\"attachment-medium size-medium\" alt=\"\" srcset=\"https:\/\/www.radiopiu.net\/wordpress\/wp-content\/uploads\/2024\/05\/c5d1ef2e-a7f4-4005-ba4f-37b154a47115-300x209.jpg 300w, https:\/\/www.radiopiu.net\/wordpress\/wp-content\/uploads\/2024\/05\/c5d1ef2e-a7f4-4005-ba4f-37b154a47115.jpg 500w\" sizes=\"auto, (max-width: 300px) 100vw, 300px\" \/><\/a>\n\t\t\t\t<\/dt><\/dl><dl class='gallery-item'>\n\t\t\t\t<dt class='gallery-icon landscape'>\n\t\t\t\t\t<a class=\"rollover rollover-zoom dt-pswp-item\" title=\"113ee1d6-6824-4d74-99fd-210502b6f709\" data-dt-img-description=\"\" data-large_image_width=\"1600\" data-large_image_height=\"1600\"href='https:\/\/www.radiopiu.net\/wordpress\/wp-content\/uploads\/2024\/05\/113ee1d6-6824-4d74-99fd-210502b6f709.jpg'><img loading=\"lazy\" decoding=\"async\" width=\"300\" height=\"300\" src=\"https:\/\/www.radiopiu.net\/wordpress\/wp-content\/uploads\/2024\/05\/113ee1d6-6824-4d74-99fd-210502b6f709-300x300.jpg\" class=\"attachment-medium size-medium\" alt=\"\" srcset=\"https:\/\/www.radiopiu.net\/wordpress\/wp-content\/uploads\/2024\/05\/113ee1d6-6824-4d74-99fd-210502b6f709-300x300.jpg 300w, https:\/\/www.radiopiu.net\/wordpress\/wp-content\/uploads\/2024\/05\/113ee1d6-6824-4d74-99fd-210502b6f709-1024x1024.jpg 1024w, https:\/\/www.radiopiu.net\/wordpress\/wp-content\/uploads\/2024\/05\/113ee1d6-6824-4d74-99fd-210502b6f709-150x150.jpg 150w, https:\/\/www.radiopiu.net\/wordpress\/wp-content\/uploads\/2024\/05\/113ee1d6-6824-4d74-99fd-210502b6f709-768x768.jpg 768w, https:\/\/www.radiopiu.net\/wordpress\/wp-content\/uploads\/2024\/05\/113ee1d6-6824-4d74-99fd-210502b6f709-1536x1536.jpg 1536w, https:\/\/www.radiopiu.net\/wordpress\/wp-content\/uploads\/2024\/05\/113ee1d6-6824-4d74-99fd-210502b6f709.jpg 1600w\" sizes=\"auto, (max-width: 300px) 100vw, 300px\" \/><\/a>\n\t\t\t\t<\/dt><\/dl><br style=\"clear: both\" \/>\n\t\t\t<\/div>\n\n<p>&nbsp;<\/p>\n<hr \/>\n<p>&nbsp;<\/p>\n<p>&nbsp;<\/p>\n<div class=\"page-title-head hgroup\">\n<blockquote>\n<h3 class=\"entry-title\">CIAO FABRIZIO, LOTTATORE NELLA VITA.<\/h3>\n<\/blockquote>\n<\/div>\n<div class=\"page-title-breadcrumbs\">\n<p><strong>CORTINA <\/strong>La comunit\u00e0 sportiva e oltre piange la scomparsa di Fabrizio Zardini &#8220;Noce&#8221;, avvenuta a Belluno. Nato nel 1967, Zardini ha lasciato un&#8217;impronta indelebile nel mondo dello sport, distinguendosi in discipline come l&#8217;aeronautica e lo sci, dove ha raggiunto vette di eccellenza. La sua determinazione e resilienza lo hanno reso un campione, nonostante le sfide personali. Il suo funerale si terr\u00e0 venerd\u00ec 3 maggio alle 15 in Basilica, dove sar\u00e0 ricordato con affetto e ammirazione da chi ha <img loading=\"lazy\" decoding=\"async\" class=\"alignleft\" src=\"https:\/\/www.radiopiu.net\/wordpress\/wp-content\/uploads\/2024\/05\/Senza-nome.png\" width=\"281\" height=\"167\" \/>avuto il privilegio di conoscerlo e da quanti ha ispirato lungo il suo percorso straordinario.<\/p>\n<div class=\"flex-1 overflow-hidden\">\n<div class=\"react-scroll-to-bottom--css-lyxch-79elbk h-full\">\n<div class=\"react-scroll-to-bottom--css-lyxch-1n7m0yu\">\n<div class=\"flex flex-col text-sm pb-9\">\n<div class=\"w-full text-token-text-primary\" dir=\"auto\" data-testid=\"conversation-turn-13\" data-scroll-anchor=\"true\">\n<div class=\"px-4 py-2 justify-center text-base md:gap-6 m-auto\">\n<div class=\"flex flex-1 text-base mx-auto gap-3 juice:gap-4 juice:md:gap-6 md:px-5 lg:px-1 xl:px-5 md:max-w-3xl lg:max-w-[40rem] xl:max-w-[48rem]\">\n<div class=\"relative flex w-full min-w-0 flex-col agent-turn\">\n<div class=\"absolute\">\n<div class=\"flex w-full gap-2 items-center justify-center\">\n<blockquote><p><strong>La straordinaria carriera di Fabrizio Zardini: dalla tragedia alla gloria paralimpica<\/strong><\/p><\/blockquote>\n<p>Fabrizio Zardini, ex fondista e sciatore alpino paralimpico italiano, ha conquistato due medaglie paralimpiche e una mondiale dopo un incidente di volo (deltaplano) nel 1990 che lo ha reso paraplegico. Dopo un inizio nello sci di fondo, ha ottenuto successi nello sci alpino, incluso l&#8217;oro al supergigante ai Giochi paralimpici invernali del 2002 a Salt Lake City. La sua carriera si \u00e8 conclusa nel 2006 ai Giochi di Torino, segnando un notevole traguardo nella storia dello sport paralimpico italiano.<\/p>\n<\/div>\n<\/div>\n<\/div>\n<p>&nbsp;<\/p>\n<\/div>\n<\/div>\n<\/div>\n<\/div>\n<\/div>\n<\/div>\n<\/div>\n<\/div>\n<p>&nbsp;<\/p>\n<hr \/>\n<p>&nbsp;<\/p>\n<blockquote>\n<h3>INCIDENTE DOMESTICO A LISTOLADE<\/h3>\n<\/blockquote>\n<p><strong><a class=\"dt-pswp-item\" href=\"https:\/\/www.radiopiu.net\/wordpress\/wp-content\/uploads\/2024\/05\/SUEM-SALT.jpg\" data-dt-img-description=\"\" data-large_image_width=\"1600\" data-large_image_height=\"1200\"><img loading=\"lazy\" decoding=\"async\" class=\" wp-image-388046 alignleft\" src=\"https:\/\/www.radiopiu.net\/wordpress\/wp-content\/uploads\/2024\/05\/SUEM-SALT-300x225.jpg\" alt=\"\" width=\"156\" height=\"117\" srcset=\"https:\/\/www.radiopiu.net\/wordpress\/wp-content\/uploads\/2024\/05\/SUEM-SALT-300x225.jpg 300w, https:\/\/www.radiopiu.net\/wordpress\/wp-content\/uploads\/2024\/05\/SUEM-SALT-1024x768.jpg 1024w, https:\/\/www.radiopiu.net\/wordpress\/wp-content\/uploads\/2024\/05\/SUEM-SALT-768x576.jpg 768w, https:\/\/www.radiopiu.net\/wordpress\/wp-content\/uploads\/2024\/05\/SUEM-SALT-1536x1152.jpg 1536w, https:\/\/www.radiopiu.net\/wordpress\/wp-content\/uploads\/2024\/05\/SUEM-SALT.jpg 1600w\" sizes=\"auto, (max-width: 156px) 100vw, 156px\" \/><\/a> <\/strong><\/p>\n<p><strong>\u00a0<\/strong><strong>TAIBON<\/strong> Poco prima delle 17 di ieri l&#8217;ambulanza dell&#8217;Ospedale di Agordo e l&#8217;elicottero Falco sono intervenuti a Listolade per un incidente domestico. Una donna di 49 anni del luogo \u00e8 stata soccorsa in seguito ad un incidente tra le mura di casa. \u00c8 stata trasportata all&#8217;ospedale San Martino di Belluno con ferite di media gravit\u00e0<\/p>\n<p>&nbsp;<\/p>\n<p>&nbsp;<\/p>\n<p>&nbsp;<\/p>\n<hr \/>\n<p>&nbsp;<\/p>\n<blockquote>\n<h3 class=\"entry-title\">DALL\u2019AGORDINO UN UNICO EMOZIONATO CORO \u201cFORZA CRISTINA, NON MOLLARE.\u201d<\/h3>\n<\/blockquote>\n<p><strong><a class=\"dt-pswp-item\" href=\"https:\/\/www.radiopiu.net\/wordpress\/wp-content\/uploads\/2024\/04\/3575c7b3-3f64-4e3f-ae5c-19382b34afdd.jpg\" data-dt-img-description=\"\" data-large_image_width=\"734\" data-large_image_height=\"462\"><img loading=\"lazy\" decoding=\"async\" class=\" wp-image-387764 alignleft\" src=\"https:\/\/www.radiopiu.net\/wordpress\/wp-content\/uploads\/2024\/04\/3575c7b3-3f64-4e3f-ae5c-19382b34afdd-300x189.jpg\" alt=\"\" width=\"149\" height=\"94\" srcset=\"https:\/\/www.radiopiu.net\/wordpress\/wp-content\/uploads\/2024\/04\/3575c7b3-3f64-4e3f-ae5c-19382b34afdd-300x189.jpg 300w, https:\/\/www.radiopiu.net\/wordpress\/wp-content\/uploads\/2024\/04\/3575c7b3-3f64-4e3f-ae5c-19382b34afdd.jpg 734w\" sizes=\"auto, (max-width: 149px) 100vw, 149px\" \/><\/a>TREVISO<\/strong>\u00a0Cristina \u00e8 in condizioni critiche dopo un grave incidente sulla provinciale 346 del passo San Pellegrino. Ricoverata nella Terapia intensiva neurochirurgica dell\u2019ospedale Ca\u2019 Foncello di Treviso, la prognosi \u00e8 ancora incerta. L\u2019incidente, avvenuto a Mas, Vallada Agordina, ha coinvolto la sua Volkswagen, capottata dopo un impatto violento. Le cause sono ancora sotto indagine, con ipotesi tra cui fondi stradali bagnati o stanchezza al volante.<\/p>\n<p>&nbsp;<\/p>\n<p>&nbsp;<\/p>\n<hr \/>\n<p>&nbsp;<\/p>\n<blockquote>\n<h3><a class=\"dt-pswp-item\" href=\"https:\/\/www.radiopiu.net\/wordpress\/wp-content\/uploads\/2018\/10\/violenza.jpg\" data-dt-img-description=\"\" data-large_image_width=\"1280\" data-large_image_height=\"765\"><img loading=\"lazy\" decoding=\"async\" class=\" wp-image-62916 alignleft\" src=\"https:\/\/www.radiopiu.net\/wordpress\/wp-content\/uploads\/2018\/10\/violenza-300x179.jpg\" alt=\"\" width=\"159\" height=\"95\" srcset=\"https:\/\/www.radiopiu.net\/wordpress\/wp-content\/uploads\/2018\/10\/violenza-300x179.jpg 300w, https:\/\/www.radiopiu.net\/wordpress\/wp-content\/uploads\/2018\/10\/violenza-768x459.jpg 768w, https:\/\/www.radiopiu.net\/wordpress\/wp-content\/uploads\/2018\/10\/violenza-1024x612.jpg 1024w, https:\/\/www.radiopiu.net\/wordpress\/wp-content\/uploads\/2018\/10\/violenza.jpg 1280w\" sizes=\"auto, (max-width: 159px) 100vw, 159px\" \/><\/a>Nuove indagini richieste dopo minacce di morte: la vicenda dell&#8217;aggressione a Castoi<\/h3>\n<\/blockquote>\n<p><strong>BELLUNO <\/strong>Una donna aggredita sotto casa a Castoi il 23 dicembre 2021, ora chiede nuove indagini sull&#8217;ex marito, sospettato di tentato omicidio ma non incriminato dal pubblico ministero. Il giudice per le indagini preliminari si riserva la decisione dopo un&#8217;udienza in cui sono emerse ragioni contrastanti. Il legale della vittima sostiene che le prove siano sufficienti per un rinvio a giudizio, nonostante l&#8217;assenza di prove biologiche dirette. La questione resta aperta mentre la parte civile si oppone all&#8217;archiviazione dell&#8217;inchiesta.<\/p>\n<p>&nbsp;<\/p>\n<hr \/>\n<p>&nbsp;<\/p>\n<blockquote>\n<h3>ROBERTO CHISSALE&#8217; &#8220;MI RICANDIDO, GRAZIE AGLI ELETTORI PER GLI IMPORTANTI STIMOLI&#8221;<\/h3>\n<\/blockquote>\n<p><strong><em>Chissal\u00e8 \u00abCi hanno stimolato e invitato ad andare avanti e anche questo apprezzamento \u00e8 stato un incentivo\u00bb,<\/em><\/strong><\/p>\n<blockquote><p><strong><img loading=\"lazy\" decoding=\"async\" class=\"alignleft\" src=\"https:\/\/www.radiopiu.net\/wordpress\/wp-content\/uploads\/2024\/02\/ROBERTO-CHISSALE.jpeg\" width=\"164\" height=\"103\" \/><\/strong>Dopo cinque anni di mandato, il sindaco uscente, Roberto Chissal\u00e8, annuncia ufficialmente la sua ricandidatura per le elezioni del 9 giugno. Chissal\u00e8 guider\u00e0 una squadra rinnovata, con alcuni nuovi membri al posto di quelli che hanno lasciato per motivi personali o di lavoro. Favretti e Bien pronti per la continuit\u00e0, Sito lascia.<\/p><\/blockquote>\n<p><strong>DI GIANNI SANTOMASO<\/strong><\/p>\n<audio class=\"wp-audio-shortcode\" id=\"audio-387814-10\" preload=\"none\" style=\"width: 100%;\" controls=\"controls\"><source type=\"audio\/mpeg\" src=\"https:\/\/www.radiopiu.net\/wordpress\/wp-content\/uploads\/2024\/05\/CHISSALE-GIANNI.mp3?_=10\" \/><a href=\"https:\/\/www.radiopiu.net\/wordpress\/wp-content\/uploads\/2024\/05\/CHISSALE-GIANNI.mp3\">https:\/\/www.radiopiu.net\/wordpress\/wp-content\/uploads\/2024\/05\/CHISSALE-GIANNI.mp3<\/a><\/audio>\n<p>&nbsp;<\/p>\n<hr \/>\n<p>&nbsp;<\/p>\n<blockquote>\n<h3>L&#8217;UNIONE MONTANA AGORDINA E LA VITTORIA SUL PRIVATO CHE &#8220;BLOCCA&#8221; LA CICLABILE<\/h3>\n<\/blockquote>\n<p><a class=\"dt-pswp-item\" href=\"https:\/\/www.radiopiu.net\/wordpress\/wp-content\/uploads\/2024\/05\/paolo-frena.jpeg\" data-dt-img-description=\"Screenshot\" data-large_image_width=\"1090\" data-large_image_height=\"664\"><img loading=\"lazy\" decoding=\"async\" class=\"wp-image-387977 alignleft\" src=\"https:\/\/www.radiopiu.net\/wordpress\/wp-content\/uploads\/2024\/05\/paolo-frena-300x183.jpeg\" alt=\"\" width=\"180\" height=\"110\" srcset=\"https:\/\/www.radiopiu.net\/wordpress\/wp-content\/uploads\/2024\/05\/paolo-frena-300x183.jpeg 300w, https:\/\/www.radiopiu.net\/wordpress\/wp-content\/uploads\/2024\/05\/paolo-frena-1024x624.jpeg 1024w, https:\/\/www.radiopiu.net\/wordpress\/wp-content\/uploads\/2024\/05\/paolo-frena-768x468.jpeg 768w, https:\/\/www.radiopiu.net\/wordpress\/wp-content\/uploads\/2024\/05\/paolo-frena.jpeg 1090w\" sizes=\"auto, (max-width: 180px) 100vw, 180px\" \/><\/a><strong>AGORDO<\/strong> A margine del consiglio dell&#8217;Unione Montana Agordina le comunicazioni del presidente Paolo Frena. LA CICLABILE NELLA CONCA AGORDINA. L&#8217;Unione Montana con entusiasmo dopo la sentenza definitiva in Cassazione.<\/p>\n<p>&nbsp;<\/p>\n<p><strong>IL PRESIDENTE DELL&#8217;UNIONE MONTANA AGORDINA PAOLO FRENA<\/strong><\/p>\n<audio class=\"wp-audio-shortcode\" id=\"audio-387814-11\" preload=\"none\" style=\"width: 100%;\" controls=\"controls\"><source type=\"audio\/mpeg\" src=\"https:\/\/www.radiopiu.net\/wordpress\/wp-content\/uploads\/2024\/05\/FRENA-CICLABILE.mp3?_=11\" \/><a href=\"https:\/\/www.radiopiu.net\/wordpress\/wp-content\/uploads\/2024\/05\/FRENA-CICLABILE.mp3\">https:\/\/www.radiopiu.net\/wordpress\/wp-content\/uploads\/2024\/05\/FRENA-CICLABILE.mp3<\/a><\/audio>\n<p>&nbsp;<\/p>\n<p><strong>L&#8217;INTERVENTO DELL&#8217;EX PRESIDENTE FABIO LUCHETTA GIA&#8217; IN PRIMA LINEA PER LA CICLABILE<\/strong><\/p>\n<audio class=\"wp-audio-shortcode\" id=\"audio-387814-12\" preload=\"none\" style=\"width: 100%;\" controls=\"controls\"><source type=\"audio\/mpeg\" src=\"https:\/\/www.radiopiu.net\/wordpress\/wp-content\/uploads\/2024\/05\/FABIO-LUCHETTA-CICLABILE.mp3?_=12\" \/><a href=\"https:\/\/www.radiopiu.net\/wordpress\/wp-content\/uploads\/2024\/05\/FABIO-LUCHETTA-CICLABILE.mp3\">https:\/\/www.radiopiu.net\/wordpress\/wp-content\/uploads\/2024\/05\/FABIO-LUCHETTA-CICLABILE.mp3<\/a><\/audio>\n<p>&nbsp;<\/p>\n<hr \/>\n<p>&nbsp;<\/p>\n<blockquote>\n<h3>NUOVE TARIFFE VALPE: DE CASSAN UNICO CONTRARIO AL VOTO IN UNIONE MONTANA AGORDINA<\/h3>\n<\/blockquote>\n<p><strong><a class=\"dt-pswp-item\" href=\"https:\/\/www.radiopiu.net\/wordpress\/wp-content\/uploads\/2024\/05\/a76a29dd-a937-403b-8f94-3b5100c2c152.jpg\" data-dt-img-description=\"\" data-large_image_width=\"1600\" data-large_image_height=\"900\"><img loading=\"lazy\" decoding=\"async\" class=\" wp-image-387982 alignleft\" src=\"https:\/\/www.radiopiu.net\/wordpress\/wp-content\/uploads\/2024\/05\/a76a29dd-a937-403b-8f94-3b5100c2c152-300x169.jpg\" alt=\"\" width=\"179\" height=\"101\" srcset=\"https:\/\/www.radiopiu.net\/wordpress\/wp-content\/uploads\/2024\/05\/a76a29dd-a937-403b-8f94-3b5100c2c152-300x169.jpg 300w, https:\/\/www.radiopiu.net\/wordpress\/wp-content\/uploads\/2024\/05\/a76a29dd-a937-403b-8f94-3b5100c2c152-1024x576.jpg 1024w, https:\/\/www.radiopiu.net\/wordpress\/wp-content\/uploads\/2024\/05\/a76a29dd-a937-403b-8f94-3b5100c2c152-768x432.jpg 768w, https:\/\/www.radiopiu.net\/wordpress\/wp-content\/uploads\/2024\/05\/a76a29dd-a937-403b-8f94-3b5100c2c152-1536x864.jpg 1536w, https:\/\/www.radiopiu.net\/wordpress\/wp-content\/uploads\/2024\/05\/a76a29dd-a937-403b-8f94-3b5100c2c152.jpg 1600w\" sizes=\"auto, (max-width: 179px) 100vw, 179px\" \/><\/a>AGORDO<\/strong> Le nuove tariffe di Valpe, un unico contrario al voto in Unione Montana, Maurizio De Cassan consigliere comunale a Rocca Pietore. Aumenti contenuti come spiegato nella relazione dal dottor Marco Fantin di Valpe Ambiente<\/p>\n<audio class=\"wp-audio-shortcode\" id=\"audio-387814-13\" preload=\"none\" style=\"width: 100%;\" controls=\"controls\"><source type=\"audio\/mpeg\" src=\"https:\/\/www.radiopiu.net\/wordpress\/wp-content\/uploads\/2024\/05\/MARCO-FANTIN-VALPE.mp3?_=13\" \/><a href=\"https:\/\/www.radiopiu.net\/wordpress\/wp-content\/uploads\/2024\/05\/MARCO-FANTIN-VALPE.mp3\">https:\/\/www.radiopiu.net\/wordpress\/wp-content\/uploads\/2024\/05\/MARCO-FANTIN-VALPE.mp3<\/a><\/audio>\n<p>&nbsp;<\/p>\n<hr \/>\n<p>&nbsp;<\/p>\n<blockquote>\n<h3>FISASCAT-CISL: 1 MAGGIO 2024 LA (NON) FESTA DEL LAVORO NEL TERZIARIO E SERVIZI<\/h3>\n<\/blockquote>\n<p><strong><a class=\"dt-pswp-item\" href=\"https:\/\/www.radiopiu.net\/wordpress\/wp-content\/uploads\/2024\/04\/PATRIZIA-MANCA-scaled.jpg\" data-dt-img-description=\"\" data-large_image_width=\"2560\" data-large_image_height=\"1440\"><img loading=\"lazy\" decoding=\"async\" class=\" wp-image-387918 alignleft\" src=\"https:\/\/www.radiopiu.net\/wordpress\/wp-content\/uploads\/2024\/04\/PATRIZIA-MANCA-300x169.jpg\" alt=\"\" width=\"240\" height=\"135\" srcset=\"https:\/\/www.radiopiu.net\/wordpress\/wp-content\/uploads\/2024\/04\/PATRIZIA-MANCA-300x169.jpg 300w, https:\/\/www.radiopiu.net\/wordpress\/wp-content\/uploads\/2024\/04\/PATRIZIA-MANCA-1024x576.jpg 1024w, https:\/\/www.radiopiu.net\/wordpress\/wp-content\/uploads\/2024\/04\/PATRIZIA-MANCA-768x432.jpg 768w, https:\/\/www.radiopiu.net\/wordpress\/wp-content\/uploads\/2024\/04\/PATRIZIA-MANCA-1536x864.jpg 1536w, https:\/\/www.radiopiu.net\/wordpress\/wp-content\/uploads\/2024\/04\/PATRIZIA-MANCA-2048x1152.jpg 2048w\" sizes=\"auto, (max-width: 240px) 100vw, 240px\" \/><\/a>TREVISO <\/strong>Il 1\u00b0 maggio segna una sfida per Fisascat \u2013 Cisl \u2013 Belluno Treviso, che celebra ma riflette anche sulle sfide del lavoro. Mentre alcuni settori hanno ottenuto rinnovi contrattuali, altri come il Turismo o l&#8217;assistenza sociale restano in attesa. Quest&#8217;ultimo rischia di perdere personale verso settori pi\u00f9 stabili e remunerativi. Le condizioni di lavoro, caratterizzate da bassi salari e carenze strutturali, generano instabilit\u00e0 e alta rotazione del personale, compromettendo la qualit\u00e0 dei servizi. Occorre ripensare al lavoro, garantendo sicurezza e ascolto. Fisascat \u2013 Cisl punta sulla partecipazione nei negoziati aziendali per migliorare le condizioni. L&#8217;arrivo delle Olimpiadi del 2026 a Cortina offre opportunit\u00e0 ma anche sfide, come l&#8217;inclusione nel mondo del lavoro e del turismo, richiedendo nuove competenze e consapevolezza. Il sindacato si impegna per la sicurezza sul lavoro, la conciliazione vita-lavoro e la partecipazione alle decisioni aziendali, promuovendo il welfare, la parit\u00e0 di genere, la previdenza integrativa e il benessere.<\/p>\n<p>&nbsp;<\/p>\n<p>&nbsp;<\/p>\n<hr \/>\n<p>&nbsp;<\/p>\n<blockquote>\n<h3>Presentazione Bilancio 2023 e Variazione Consuntivo: Investimenti e Preoccupazioni<\/h3>\n<\/blockquote>\n<p><strong><img loading=\"lazy\" decoding=\"async\" class=\"alignleft\" src=\"https:\/\/www.radiopiu.net\/wordpress\/wp-content\/uploads\/2024\/04\/fa6d51c2-c15e-400e-a1e1-8358230f678f.jpg\" width=\"152\" height=\"114\" \/>BELLUNO<\/strong> Il Consiglio Comunale di Belluno ha votato la variazione di bilancio da quasi 2,5 milioni di euro, che permetter\u00e0 di realizzare opere e interventi di manutenzione. Il sindaco Oscar De Pellegrin conferma la capacit\u00e0 programmatoria del Comune, mentre il vice assessore al bilancio, Paolo Gamba, sottolinea il ritmo dei provvedimenti contabili. Il consuntivo 2023 ha prodotto un avanzo di 3 milioni di euro, di cui una parte sar\u00e0 accantonata per spese impreviste<\/p>\n<p><strong>DI DANIELE DALVIT<\/strong><\/p>\n<audio class=\"wp-audio-shortcode\" id=\"audio-387814-14\" preload=\"none\" style=\"width: 100%;\" controls=\"controls\"><source type=\"audio\/mpeg\" src=\"https:\/\/www.radiopiu.net\/wordpress\/wp-content\/uploads\/2024\/04\/Radio-Piu-Servizio-Consuntivo-e-variazione-2024-Belluno.mp3?_=14\" \/><a href=\"https:\/\/www.radiopiu.net\/wordpress\/wp-content\/uploads\/2024\/04\/Radio-Piu-Servizio-Consuntivo-e-variazione-2024-Belluno.mp3\">https:\/\/www.radiopiu.net\/wordpress\/wp-content\/uploads\/2024\/04\/Radio-Piu-Servizio-Consuntivo-e-variazione-2024-Belluno.mp3<\/a><\/audio>\n<p>&nbsp;<\/p>\n<hr \/>\n<p>&nbsp;<\/p>\n<blockquote>\n<h3>Belluno al Settimo Posto per Proventi da Multe nel Veneto nel 2023<\/h3>\n<\/blockquote>\n<div class=\"relative flex w-full min-w-0 flex-col agent-turn\">\n<div class=\"flex-col gap-1 md:gap-3\">\n<div class=\"flex flex-grow flex-col max-w-full\">\n<div class=\"min-h-[20px] text-message flex flex-col items-start gap-3 whitespace-pre-wrap break-words [.text-message+&amp;]:mt-5 overflow-x-auto\" dir=\"auto\" data-message-author-role=\"assistant\" data-message-id=\"7c53280a-47bb-456f-b773-e6fd6a9c34f1\">\n<div class=\"markdown prose w-full break-words dark:prose-invert dark\">\n<p><img loading=\"lazy\" decoding=\"async\" class=\"alignleft\" src=\"https:\/\/www.radiopiu.net\/wordpress\/wp-content\/uploads\/2024\/04\/Multe-2023-c-maurompf_lr.jpg\" width=\"277\" height=\"185\" \/>Nel 2023, Belluno ha incassato poco pi\u00f9 di 637mila euro da multe e sanzioni per violazioni del Codice della Strada, posizionandosi al settimo posto tra i comuni capoluogo di provincia nel Veneto. I dati emergono da un&#8217;analisi condotta da Facile.it sui dati del Siope, il sistema informativo degli enti pubblici. <strong>Graduatoria Regionale dei Proventi da Multe: <\/strong>Padova si colloca al primo posto con 21,3 milioni di euro, seguita da Verona (20,6 milioni), Venezia (14,4 milioni), Vicenza (6,2 milioni), Treviso (quasi 5 milioni), Rovigo (3,1 milioni) e infine Belluno (660mila euro). Complessivamente, i comuni capoluogo veneti hanno incassato oltre 71 milioni di euro provenienti da multe stradali nel 2023. <strong>Valore Pro Capite: <\/strong>Padova conferma la sua posizione al primo posto con una media di &#8220;multa pro capite&#8221; pari a 103 euro, seguita da Verona (81 euro), Rovigo (62 euro), Treviso (59 euro), Venezia (58 euro) e Vicenza (57 euro). Belluno si trova all&#8217;ultimo posto con 18 euro per abitante. <strong>Comuni con Meno di 3.000 Residenti: <\/strong>Torri del Benaco (VR) si posiziona in vetta alla classifica tra i comuni con meno di 3.000 residenti, incassando oltre 2,4 milioni di euro nel 2023, nonostante abbia poco pi\u00f9 di 2.900 abitanti.<\/p>\n<\/div>\n<\/div>\n<\/div>\n<\/div>\n<\/div>\n<p>&nbsp;<\/p>\n<table width=\"652\">\n<tbody>\n<tr>\n<td width=\"151\"><strong>Comune<\/strong><\/td>\n<td width=\"293\"><strong>Proventi da multe e sanzioni per violazioni delle norme del codice della strada a carico delle famiglie (2023)<\/strong><\/td>\n<td width=\"208\"><strong>Rapporto proventi totali violazioni Codice della Strada\/residenti<\/strong><\/td>\n<\/tr>\n<tr>\n<td width=\"151\">Belluno<\/td>\n<td width=\"293\">637.879 \u20ac<\/td>\n<td width=\"208\">18 \u20ac<\/td>\n<\/tr>\n<tr>\n<td width=\"151\">Padova<\/td>\n<td width=\"293\">21.329.317 \u20ac<\/td>\n<td width=\"208\">103 \u20ac<\/td>\n<\/tr>\n<tr>\n<td width=\"151\">Rovigo<\/td>\n<td width=\"293\">3.101.488 \u20ac<\/td>\n<td width=\"208\">62 \u20ac<\/td>\n<\/tr>\n<tr>\n<td width=\"151\">Treviso<\/td>\n<td width=\"293\">4.987.565 \u20ac<\/td>\n<td width=\"208\">59 \u20ac<\/td>\n<\/tr>\n<tr>\n<td width=\"151\">Venezia<\/td>\n<td width=\"293\">14.436.658 \u20ac<\/td>\n<td width=\"208\">58 \u20ac<\/td>\n<\/tr>\n<tr>\n<td width=\"151\">Verona<\/td>\n<td width=\"293\">20.622.993 \u20ac<\/td>\n<td width=\"208\">81 \u20ac<\/td>\n<\/tr>\n<tr>\n<td width=\"151\">Vicenza<\/td>\n<td width=\"293\">6.237.948 \u20ac<\/td>\n<td width=\"208\">57 \u20ac<\/td>\n<\/tr>\n<\/tbody>\n<\/table>\n<p><em>Fonte: analisi Facile.it su dati Siope aggiornati al 15 febbraio 2024<\/em><\/p>\n<div class=\"relative flex w-full min-w-0 flex-col agent-turn\">\n<div class=\"flex-col gap-1 md:gap-3\">\n<div class=\"mt-1 flex gap-3 empty:hidden\">\n<div class=\"text-gray-400 flex self-end lg:self-center items-center justify-center lg:justify-start mt-0 -ml-1 h-7 gap-[2px] visible\"><\/div>\n<\/div>\n<\/div>\n<\/div>\n<p>&nbsp;<\/p>\n<p>&nbsp;<\/p>\n<hr \/>\n<p>&nbsp;<\/p>\n<blockquote>\n<h3 class=\"entry-title\">ASSEMBLEA ANNUALE DEGLI AZIONISTI 2024: NUOVO CAPITOLO PER ESSILORLUXOTTICA<\/h3>\n<\/blockquote>\n<p><img loading=\"lazy\" decoding=\"async\" class=\"alignleft\" src=\"https:\/\/www.radiopiu.net\/wordpress\/wp-content\/uploads\/2024\/04\/LUXOTTICA-2.jpeg\" width=\"275\" height=\"206\" \/><strong>PARIGI\u00a0<\/strong>\u00a0L\u2019Assemblea Annuale degli Azionisti del 2024 ha segnato l\u2019inizio di un nuovo capitolo nella storia di EssilorLuxottica. Durante l\u2019assemblea, sono state approvate tutte le delibere proposte dal Consiglio di Amministrazione, delineando una visione ambiziosa per il futuro dell\u2019azienda. Tra le decisioni pi\u00f9 rilevanti, \u00e8 stato annunciato un dividendo pari a Euro 3,95 per azione, offrendo agli azionisti l\u2019opzione di ricevere il pagamento in azioni. Questa mossa strategica mira a massimizzare il valore per gli investitori e consolidare la posizione dell\u2019azienda nel mercato. Inoltre, \u00e8 stata confermata la composizione del nuovo Consiglio di Amministrazione, con la riconferma di tutti gli attuali Amministratori. Questo atto testimonia la fiducia degli azionisti nel team di leadership esistente e nel loro impegno nel guidare EssilorLuxottica verso il successo continuo. Infine, Francesco Milleri e Paul du Saillant sono stati confermati nei rispettivi ruoli di Presidente e Amministratore Delegato e Vice Amministratore Delegato. La continuit\u00e0 nella leadership sottolinea l\u2019importanza della stabilit\u00e0 e dell\u2019esperienza nel perseguire gli obiettivi strategici dell\u2019azienda. L\u2019Assemblea Annuale degli Azionisti del 2024 ha posto le basi per un futuro luminoso per EssilorLuxottica, confermando il suo impegno verso l\u2019eccellenza operativa, l\u2019innovazione e la creazione di valore per tutti gli stakeholder.<\/p>\n<blockquote><p><em>Francesco Milleri, Presidente e Amministratore Delegato, e Paul du Saillant, Vice Amministratore Delegato di EssilorLuxottica, ringraziano gli azionisti per il supporto e la fiducia, oltre alla comunit\u00e0 dei dipendenti per il loro prezioso contributo. Guardando al futuro, la visione dell\u2019azienda si proietta verso una nuova fase di crescita e creazione di valore, enfatizzando l\u2019innovazione con i Ray-Ban Meta e il prossimo lancio di Nuance Audio, puntando a un futuro interconnesso e sostenibile.<\/em><\/p><\/blockquote>\n<p>&nbsp;<\/p>\n<p>&nbsp;<\/p>\n<hr \/>\n<p>&nbsp;<\/p>\n<blockquote>\n<h3>LEONARDO MARIA DEL VECCHIO FINANZIA LA STARTUP WISHEW<\/h3>\n<\/blockquote>\n<p><a class=\"dt-pswp-item\" href=\"https:\/\/www.radiopiu.net\/wordpress\/wp-content\/uploads\/2023\/01\/th-8.jpg\" data-dt-img-description=\"Leonardo Maria Del Vecchio Chief Strategy Officer EssilorLuxottica\" data-large_image_width=\"474\" data-large_image_height=\"296\"><img loading=\"lazy\" decoding=\"async\" class=\"wp-image-316002 alignleft\" src=\"https:\/\/www.radiopiu.net\/wordpress\/wp-content\/uploads\/2023\/01\/th-8-300x187.jpg\" alt=\"\" width=\"160\" height=\"100\" srcset=\"https:\/\/www.radiopiu.net\/wordpress\/wp-content\/uploads\/2023\/01\/th-8-300x187.jpg 300w, https:\/\/www.radiopiu.net\/wordpress\/wp-content\/uploads\/2023\/01\/th-8.jpg 474w\" sizes=\"auto, (max-width: 160px) 100vw, 160px\" \/><\/a><strong>MILANO<\/strong> Leonardo Maria Del Vecchio Jr., 28enne e figlio del fondatore di Luxottica, investe tramite il suo family office Lmdv in Wishew, startup londinese di Giacomo Vose, diventandone il principale finanziatore. Wishew ha lanciato un social network italiano con oltre 50 mila iscritti in sole due settimane, basato su video in cui gli utenti chiedono denaro per realizzare sogni. Il modello di business include una piccola trattenuta sulle donazioni e pacchetti di sponsorizzazione. L&#8217;app si espander\u00e0 negli USA prima di approdare in Europa, con piani per includere charity e volontariato. Lmdv ha anche investito in Tubo, produttore di Boem, e possiede partecipazioni in vari settori, con investimenti totali di oltre 150 milioni. A darne notizia \u00e8 Milano Finanza.<\/p>\n<p>&nbsp;<\/p>\n<hr \/>\n<p>&nbsp;<\/p>\n<p>&nbsp;<\/p>\n<blockquote>\n<h3><a class=\"dt-pswp-item\" href=\"https:\/\/www.radiopiu.net\/wordpress\/wp-content\/uploads\/2024\/05\/incontro1.jpg\" data-dt-img-description=\"\" data-large_image_width=\"768\" data-large_image_height=\"346\"><img loading=\"lazy\" decoding=\"async\" class=\"size-medium wp-image-388069 alignleft\" src=\"https:\/\/www.radiopiu.net\/wordpress\/wp-content\/uploads\/2024\/05\/incontro1-300x135.jpg\" alt=\"\" width=\"300\" height=\"135\" srcset=\"https:\/\/www.radiopiu.net\/wordpress\/wp-content\/uploads\/2024\/05\/incontro1-300x135.jpg 300w, https:\/\/www.radiopiu.net\/wordpress\/wp-content\/uploads\/2024\/05\/incontro1.jpg 768w\" sizes=\"auto, (max-width: 300px) 100vw, 300px\" \/><\/a>Iniziativa sulla sicurezza stradale organizzata dal Comitato di Tappa di Alpago<\/h3>\n<\/blockquote>\n<div class=\"flex-1 overflow-hidden\">\n<div class=\"react-scroll-to-bottom--css-lyxch-79elbk h-full\">\n<div class=\"react-scroll-to-bottom--css-lyxch-1n7m0yu\">\n<div class=\"flex flex-col text-sm pb-9\">\n<div class=\"w-full text-token-text-primary\" dir=\"auto\" data-testid=\"conversation-turn-29\" data-scroll-anchor=\"true\">\n<div class=\"px-4 py-2 justify-center text-base md:gap-6 m-auto\">\n<div class=\"flex flex-1 text-base mx-auto gap-3 juice:gap-4 juice:md:gap-6 md:px-5 lg:px-1 xl:px-5 md:max-w-3xl lg:max-w-[40rem] xl:max-w-[48rem]\">\n<div class=\"relative flex w-full min-w-0 flex-col agent-turn\">\n<div class=\"flex-col gap-1 md:gap-3\">\n<div class=\"flex flex-grow flex-col max-w-full\">\n<div class=\"min-h-[20px] text-message flex flex-col items-start gap-3 whitespace-pre-wrap break-words [.text-message+&amp;]:mt-5 overflow-x-auto\" dir=\"auto\" data-message-author-role=\"assistant\" data-message-id=\"63ab3fea-ff99-4dd5-bf6a-10c074319857\">\n<div class=\"markdown prose w-full break-words dark:prose-invert dark\">\n<p>Il Comitato di Tappa nominato dalla giunta comunale di Alpago ha promosso un&#8217;iniziativa sulla sicurezza stradale per le scuole medie, in collaborazione con la Polizia Stradale di Belluno. L&#8217;ex ciclista professionista Marzio Bruseghin ha partecipato come docente insieme agli agenti Ivan Zanon e Massimiliano Bez. L&#8217;evento, tenutosi presso le scuole medie di Puos, ha coinvolto anche la vicesindaca Marina Zopp\u00e8 e il coordinatore del Comitato di Tappa Enrico De Bona, evidenziando l&#8217;importanza di diffondere la consapevolezza sui comportamenti sicuri in strada<\/p>\n<\/div>\n<\/div>\n<\/div>\n<div class=\"pr-2 lg:pr-0\"><\/div>\n<\/div>\n<div class=\"absolute\">\n<div class=\"flex w-full gap-2 items-center justify-center\"><\/div>\n<\/div>\n<\/div>\n<\/div>\n<\/div>\n<\/div>\n<\/div>\n<\/div>\n<\/div>\n<\/div>\n<p>&nbsp;<\/p>\n<hr \/>\n<p>&nbsp;<\/p>\n<blockquote>\n<h3>RIFIUTI URBANI: IN VENETO I DATI 2023 SUPERANO GIA&#8217; GLI OBBIETTIVI PER IL 2025<\/h3>\n<\/blockquote>\n<p><strong>VENEZIA<\/strong> Nel 2023, il Veneto ha gestito 587mila tonnellate di rifiuti urbani, battendo gli obiettivi del Piano regionale. L&#8217;assessore all&#8217;Ambiente celebra il successo, evidenziando l&#8217;anticipo di due anni rispetto alla tabella di marcia. Il Piano mira a eliminare lo smaltimento in discarica entro il 2030. Gli obiettivi prevedevano 649mila tonnellate nel 2023, ma il risultato \u00e8 stato migliore. Prossime tappe: 633mila tonnellate nel 2024 e 604mila nel 2025. La performance conferma la virtuosit\u00e0 del Veneto nella gestione dei rifiuti, sottolineando un impegno concreto verso la sostenibilit\u00e0 ambientale.<\/p>\n<p><strong>L&#8217;ASSESSORE ALL&#8217;AMBIENTE DELLA REGIONE VENETO<\/strong><\/p>\n<div style=\"width: 848px;\" class=\"wp-video\"><video class=\"wp-video-shortcode\" id=\"video-387814-1\" width=\"848\" height=\"480\" preload=\"metadata\" controls=\"controls\"><source type=\"video\/mp4\" src=\"https:\/\/www.radiopiu.net\/wordpress\/wp-content\/uploads\/2024\/04\/WhatsApp-Video-2024-04-30-at-16.01.35.mp4?_=1\" \/><a href=\"https:\/\/www.radiopiu.net\/wordpress\/wp-content\/uploads\/2024\/04\/WhatsApp-Video-2024-04-30-at-16.01.35.mp4\">https:\/\/www.radiopiu.net\/wordpress\/wp-content\/uploads\/2024\/04\/WhatsApp-Video-2024-04-30-at-16.01.35.mp4<\/a><\/video><\/div>\n<p>&nbsp;<\/p>\n<hr \/>\n<p>&nbsp;<\/p>\n<blockquote>\n<h3>MASTER DI PROJECT MANAGEMENT PER LA MONTAGNA: FEDERICA MEZZACASA TRA I 20 DIPLOMATI A MILANO<\/h3>\n<\/blockquote>\n<p><strong>LA VALLE<\/strong> Venti studenti, inclusa Federica Mezzacasa da Belluno e Raffaella Pradetto Bonvecchio da San Pietro di Cadore, hanno completato con successo il primo Master in Project Management per la montagna presso UNIMONT, sede dell&#8217;Universit\u00e0 della Montagna a Edolo. Ricevendo il diploma dal 29 aprile nell&#8217;elegante Belvedere Berlusconi a Milano. Il Master, in collaborazione con il Dipartimento Affari Regionali e Autonomie, mira a formare esperti nella gestione dei fondi europei e progetti per sostenere la montagna italiana, promuovendo lo sviluppo locale. Federica, gi\u00e0 coinvolta nella gestione dei finanziamenti per le imprese di Belluno, ha trovato nell&#8217;esperienza un arricchimento personale, esplorando diverse sfaccettature della montagna. Con le lezioni principalmente online e laboratori in presenza, ha potuto interagire con altri professionisti del settore, fondamentale per un territorio che necessita di figure capaci di cogliere le opportunit\u00e0 di finanziamento per creare soluzioni su misura e promuovere lo sviluppo locale.<\/p>\n\n\t\t\t<style type='text\/css'>\n\t\t\t\t#gallery-2 {\n\t\t\t\t\tmargin: auto;\n\t\t\t\t}\n\t\t\t\t#gallery-2 .gallery-item {\n\t\t\t\t\tfloat: left;\n\t\t\t\t\tmargin-top: 10px;\n\t\t\t\t\ttext-align: center;\n\t\t\t\t\twidth: 50%;\n\t\t\t\t}\n\t\t\t\t#gallery-2 img {\n\t\t\t\t\tborder: 2px solid #cfcfcf;\n\t\t\t\t}\n\t\t\t\t#gallery-2 .gallery-caption {\n\t\t\t\t\tmargin-left: 0;\n\t\t\t\t}\n\t\t\t\t\/* see gallery_shortcode() in wp-includes\/media.php *\/\n\t\t\t<\/style>\n\t\t<div id='gallery-2' class='dt-gallery-container gallery galleryid-387814 gallery-columns-2 gallery-size-thumbnail'><dl class='gallery-item'>\n\t\t\t\t<dt class='gallery-icon portrait'>\n\t\t\t\t\t<a class=\"rollover rollover-zoom dt-pswp-item\" title=\"f8cd03e3-e36b-443a-8f21-dfd97e62048c\" data-dt-img-description=\"\" data-large_image_width=\"1200\" data-large_image_height=\"1600\"href='https:\/\/www.radiopiu.net\/wordpress\/wp-content\/uploads\/2024\/04\/f8cd03e3-e36b-443a-8f21-dfd97e62048c.jpg'><img loading=\"lazy\" decoding=\"async\" width=\"150\" height=\"150\" src=\"https:\/\/www.radiopiu.net\/wordpress\/wp-content\/uploads\/2024\/04\/f8cd03e3-e36b-443a-8f21-dfd97e62048c-150x150.jpg\" class=\"attachment-thumbnail size-thumbnail\" alt=\"\" \/><\/a>\n\t\t\t\t<\/dt><\/dl><dl class='gallery-item'>\n\t\t\t\t<dt class='gallery-icon landscape'>\n\t\t\t\t\t<a class=\"rollover rollover-zoom dt-pswp-item\" title=\"72f98cdc-17da-4b15-b15e-8d62527b2224\" data-dt-img-description=\"\" data-large_image_width=\"1207\" data-large_image_height=\"720\"href='https:\/\/www.radiopiu.net\/wordpress\/wp-content\/uploads\/2024\/04\/72f98cdc-17da-4b15-b15e-8d62527b2224.jpg'><img loading=\"lazy\" decoding=\"async\" width=\"150\" height=\"150\" src=\"https:\/\/www.radiopiu.net\/wordpress\/wp-content\/uploads\/2024\/04\/72f98cdc-17da-4b15-b15e-8d62527b2224-150x150.jpg\" class=\"attachment-thumbnail size-thumbnail\" alt=\"\" \/><\/a>\n\t\t\t\t<\/dt><\/dl><br style=\"clear: both\" \/>\n\t\t\t<\/div>\n\n<p>&nbsp;<\/p>\n<hr \/>\n<p>&nbsp;<\/p>\n<blockquote>\n<h3 class=\"entry-title\">PREOCCUPAZIONE DELL\u2019UICI SULLE TARIFFE DEI LEA PER INTERVENTI DI CATARATTA<\/h3>\n<\/blockquote>\n<p class=\"photoswipe-wrapper\"><a class=\"dt-pswp-item pspw-wrap-ready\" href=\"https:\/\/www.radiopiu.net\/wordpress\/wp-content\/uploads\/2024\/04\/th-14.jpg\" data-dt-img-description=\"\" data-large_image_width=\"330\" data-large_image_height=\"180\"><img loading=\"lazy\" decoding=\"async\" class=\" wp-image-387891 alignleft\" src=\"https:\/\/www.radiopiu.net\/wordpress\/wp-content\/uploads\/2024\/04\/th-14-300x164.jpg\" sizes=\"auto, (max-width: 300px) 100vw, 300px\" srcset=\"https:\/\/www.radiopiu.net\/wordpress\/wp-content\/uploads\/2024\/04\/th-14-300x164.jpg 300w, https:\/\/www.radiopiu.net\/wordpress\/wp-content\/uploads\/2024\/04\/th-14.jpg 330w\" alt=\"\" width=\"187\" height=\"102\" \/><\/a><\/p>\n<p>Il Consiglio nazionale dell\u2019Unione Italiana dei Ciechi e degli Ipovedenti (UICI) esprime preoccupazione riguardo alle tariffe dei Livelli Essenziali di Assistenza (LEA), che potrebbero comportare una riduzione dei rimborsi alle regioni per gli interventi di cataratta del Sistema sanitario nazionale. Secondo il Presidente Mario Barbuto, la cataratta non operata pu\u00f2 causare cecit\u00e0 totale, colpendo il 50% della popolazione mondiale. La riduzione della copertura finanziaria potrebbe portare a meno interventi e ad allungare le liste di attesa, soprattutto nel Sud Italia, con gravi ripercussioni sulle fasce economicamente pi\u00f9 deboli. L\u2019UICI si impegna a sensibilizzare le istituzioni sui rischi di questa scelta e sull\u2019importanza di garantire interventi tempestivi contro le disabilit\u00e0 visive.<\/p>\n<p>&nbsp;<\/p>\n<hr \/>\n<p>&nbsp;<\/p>\n<blockquote>\n<h3><a class=\"dt-pswp-item\" href=\"https:\/\/www.radiopiu.net\/wordpress\/wp-content\/uploads\/2024\/05\/th.jpg\" data-dt-img-description=\"\" data-large_image_width=\"360\" data-large_image_height=\"180\"><img loading=\"lazy\" decoding=\"async\" class=\" wp-image-388062 alignleft\" src=\"https:\/\/www.radiopiu.net\/wordpress\/wp-content\/uploads\/2024\/05\/th-300x150.jpg\" alt=\"\" width=\"256\" height=\"128\" srcset=\"https:\/\/www.radiopiu.net\/wordpress\/wp-content\/uploads\/2024\/05\/th-300x150.jpg 300w, https:\/\/www.radiopiu.net\/wordpress\/wp-content\/uploads\/2024\/05\/th.jpg 360w\" sizes=\"auto, (max-width: 256px) 100vw, 256px\" \/><\/a>Iniziativa &#8220;Pane e Rose&#8221; a Belluno per l&#8217;1 Maggio: Studenti e sindacati denunciano lo sfruttamento lavorativo<\/h3>\n<\/blockquote>\n<p><strong>BELLUNO <\/strong>Durante la giornata del 1\u00b0 maggio, festa dei lavoratori, la Rete degli Studenti Medi di Feltre e Belluno insieme alla Filcams Cgil Belluno hanno riproposto l&#8217;iniziativa &#8220;Pane e Rose&#8221; a Belluno, consegnando rose ai lavoratori per denunciare lo sfruttamento lavorativo anche durante le festivit\u00e0. L&#8217;azione si ispira alla protesta del 1912 degli operai tessili di Lawrence, richiedendo una retribuzione dignitosa che permetta di godere delle gioie della vita. Gli studenti e i sindacati ribadiscono la necessit\u00e0 di condizioni di lavoro dignitose e tutele per tutti i lavoratori.<\/p>\n<div class=\"flex-1 overflow-hidden\">\n<div class=\"react-scroll-to-bottom--css-lyxch-79elbk h-full\">\n<div class=\"react-scroll-to-bottom--css-lyxch-1n7m0yu\">\n<div class=\"flex flex-col text-sm pb-9\">\n<div class=\"w-full text-token-text-primary\" dir=\"auto\" data-testid=\"conversation-turn-25\" data-scroll-anchor=\"true\">\n<div class=\"px-4 py-2 justify-center text-base md:gap-6 m-auto\">\n<div class=\"flex flex-1 text-base mx-auto gap-3 juice:gap-4 juice:md:gap-6 md:px-5 lg:px-1 xl:px-5 md:max-w-3xl lg:max-w-[40rem] xl:max-w-[48rem]\">\n<div class=\"relative flex w-full min-w-0 flex-col agent-turn\">\n<div class=\"flex-col gap-1 md:gap-3\">\n<div class=\"mt-1 flex gap-3 empty:hidden\"><\/div>\n<\/div>\n<\/div>\n<\/div>\n<\/div>\n<\/div>\n<\/div>\n<\/div>\n<\/div>\n<\/div>\n<p>&nbsp;<\/p>\n<hr \/>\n<p>&nbsp;<\/p>\n<blockquote>\n<h3>PETTIROSSO AGORDINO RIPROPONE IL FILM &#8220;THE FATHER&#8221; A LIVINALLONGO<\/h3>\n<\/blockquote>\n<p><strong><a class=\"dt-pswp-item\" href=\"https:\/\/www.radiopiu.net\/wordpress\/wp-content\/uploads\/2022\/11\/th-21.jpg\" data-dt-img-description=\"\" data-large_image_width=\"474\" data-large_image_height=\"335\"><img loading=\"lazy\" decoding=\"async\" class=\" wp-image-309972 alignleft\" src=\"https:\/\/www.radiopiu.net\/wordpress\/wp-content\/uploads\/2022\/11\/th-21-300x212.jpg\" alt=\"\" width=\"140\" height=\"99\" srcset=\"https:\/\/www.radiopiu.net\/wordpress\/wp-content\/uploads\/2022\/11\/th-21-300x212.jpg 300w, https:\/\/www.radiopiu.net\/wordpress\/wp-content\/uploads\/2022\/11\/th-21.jpg 474w\" sizes=\"auto, (max-width: 140px) 100vw, 140px\" \/><\/a>LIVINALLONGO<\/strong> Visto il positivo riscontro di tante persone che si sono riconosciute nella trama del film e hanno partecipato con intensit\u00e0 alle successive riflessioni lo scorso 19 aprile a Cencenighe, l&#8217;associazione Pettirosso Agordino ha deciso di riproporre il film &#8220;The Father&#8221; sul tema della demenza anche a Pieve di Livinallongo, presso la sala Parricchiale, venerd\u00ec 3 maggio alle ore 20. Sar\u00e0 una serata intensa, che metter\u00e0 di fronte a problematiche impegnative ma all&#8217;insegna di solidariet\u00e0 e condivisione.<\/p>\n<p>&nbsp;<\/p>\n<p>&nbsp;<\/p>\n<hr \/>\n<p>&nbsp;<\/p>\n<blockquote>\n<h3><a class=\"dt-pswp-item\" href=\"https:\/\/www.radiopiu.net\/wordpress\/wp-content\/uploads\/2024\/05\/SCR-20240501-kcme.png\" data-dt-img-description=\"\" data-large_image_width=\"958\" data-large_image_height=\"464\"><img loading=\"lazy\" decoding=\"async\" class=\" wp-image-387988 alignleft\" src=\"https:\/\/www.radiopiu.net\/wordpress\/wp-content\/uploads\/2024\/05\/SCR-20240501-kcme-300x145.png\" alt=\"\" width=\"192\" height=\"93\" srcset=\"https:\/\/www.radiopiu.net\/wordpress\/wp-content\/uploads\/2024\/05\/SCR-20240501-kcme-300x145.png 300w, https:\/\/www.radiopiu.net\/wordpress\/wp-content\/uploads\/2024\/05\/SCR-20240501-kcme-768x372.png 768w, https:\/\/www.radiopiu.net\/wordpress\/wp-content\/uploads\/2024\/05\/SCR-20240501-kcme.png 958w\" sizes=\"auto, (max-width: 192px) 100vw, 192px\" \/><\/a>UN INCONTRO IN OCCASIONE DELLA GIORNATA INTERNAZIONALE DELL&#8217;OSTETRICA<\/h3>\n<\/blockquote>\n<p><strong>BELLUNO<\/strong> Il 4 maggio 2024, in occasione della Giornata Internazionale dell\u2019Ostetrica, il Consultorio Familiare e l\u2019UO di Ostetricia e Ginecologia dell\u2019Ulss Dolomiti organizzano &#8220;Naturalmente&#8230;Donna&#8221;, un incontro sulla maternit\u00e0 sostenibile. Alle 16.00 nella hall dell\u2019Ospedale di Belluno, le operatrici discuteranno su come essere donna e madre in modo sostenibile. Per informazioni e prenotazioni, contattare <a target=\"_new\" rel=\"noreferrer noopener\">spazioincontro.bl@aulss1.veneto.it<\/a>.<\/p>\n<p>&nbsp;<\/p>\n<p>&nbsp;<\/p>\n<hr \/>\n<p>&nbsp;<\/p>\n<blockquote>\n<h3 class=\"entry-title\">SESTA EDIZIONE DEL CONCORSO INTERNAZIONALE MUSICALE DI BELLUNO: SUCCESSO E TALENTI INTERNAZIONALI<\/h3>\n<\/blockquote>\n<p><strong>BELLUNO<\/strong> La sesta edizione del Concorso Internazionale Musicale della citt\u00e0 di Belluno si \u00e8 conclusa con successo il 28 aprile presso il Teatro Dino Buzzati, arricchendo la citt\u00e0 di giovani talenti musicali provenienti da tutto il mondo. Il ricco programma del concorso, che ha incluso concerti e performance presso vari luoghi della citt\u00e0, ha dimostrato il forte coinvolgimento della comunit\u00e0 bellunese e il potenziale dell&#8217;evento nel promuovere l&#8217;arte, la musica e lo scambio culturale. Il Sindaco Oscar De Pellegrin e gli sponsor come la Banca PreAlpi San Biagio hanno elogiato il valore del concorso nell&#8217;investire sul territorio attraverso l&#8217;arte e la musica. Le commissioni giudicatrici, composte da rinomati esperti musicali nazionali e internazionali, hanno contribuito ad accrescere il prestigio del concorso. La presenza della talentuosa musicista Valentina Irlando ha evidenziato il potere unificante della musica nel superare confini fisici e culturali. Il concorso ha premiato i vincitori di varie categorie musicali, inclusi Ecem Aricasoy (Turchia), Melissa D&#8217;Ottavi (Italia), Mariia Kuzlova (Russia) e Bowen Guan (Cina) nel canto lirico, nonch\u00e9 Maximilian Cotov (pianoforte), Filippo Lombardi (tromba) e Teodor Stefan Florescu (chitarra) nella finalissima del concorso. La giuria Young, composta dagli studenti del Liceo Musicale Renier, ha selezionato Teodor Stefan Florescu come vincitore. I vincitori avranno l&#8217;opportunit\u00e0 di esibirsi in vari concerti e eventi musicali, dimostrando il successo e l&#8217;importanza del concorso nel promuovere giovani talenti musicali.<\/p>\n<p><span style=\"color: #ff0000;\">AUDIO, ALLA RADIO<\/span><\/p>\n<p><strong>di Emanuela Licciardelli, responsabile della comunicazione<\/strong><\/p>\n<audio class=\"wp-audio-shortcode\" id=\"audio-387814-15\" preload=\"none\" style=\"width: 100%;\" controls=\"controls\"><source type=\"audio\/mpeg\" src=\"https:\/\/www.radiopiu.net\/wordpress\/wp-content\/uploads\/2024\/04\/audio-musicale-belluno.mp3?_=15\" \/><a href=\"https:\/\/www.radiopiu.net\/wordpress\/wp-content\/uploads\/2024\/04\/audio-musicale-belluno.mp3\">https:\/\/www.radiopiu.net\/wordpress\/wp-content\/uploads\/2024\/04\/audio-musicale-belluno.mp3<\/a><\/audio>\n<p>&nbsp;<\/p>\n\n\t\t\t<style type='text\/css'>\n\t\t\t\t#gallery-3 {\n\t\t\t\t\tmargin: auto;\n\t\t\t\t}\n\t\t\t\t#gallery-3 .gallery-item {\n\t\t\t\t\tfloat: left;\n\t\t\t\t\tmargin-top: 10px;\n\t\t\t\t\ttext-align: center;\n\t\t\t\t\twidth: 33%;\n\t\t\t\t}\n\t\t\t\t#gallery-3 img {\n\t\t\t\t\tborder: 2px solid #cfcfcf;\n\t\t\t\t}\n\t\t\t\t#gallery-3 .gallery-caption {\n\t\t\t\t\tmargin-left: 0;\n\t\t\t\t}\n\t\t\t\t\/* see gallery_shortcode() in wp-includes\/media.php *\/\n\t\t\t<\/style>\n\t\t<div id='gallery-3' class='dt-gallery-container gallery galleryid-387814 gallery-columns-3 gallery-size-thumbnail'><dl class='gallery-item'>\n\t\t\t\t<dt class='gallery-icon landscape'>\n\t\t\t\t\t<a class=\"rollover\" href='https:\/\/www.radiopiu.net\/wordpress\/sesta-edizione-del-concorso-internazionale-musicale-di-belluno-successo-e-talenti-internazionali\/f8b1ec40-d70c-4c02-b776-d23816d25e95\/'><img loading=\"lazy\" decoding=\"async\" width=\"150\" height=\"150\" src=\"https:\/\/www.radiopiu.net\/wordpress\/wp-content\/uploads\/2024\/04\/f8b1ec40-d70c-4c02-b776-d23816d25e95-150x150.jpg\" class=\"attachment-thumbnail size-thumbnail\" alt=\"\" \/><\/a>\n\t\t\t\t<\/dt><\/dl><dl class='gallery-item'>\n\t\t\t\t<dt class='gallery-icon landscape'>\n\t\t\t\t\t<a class=\"rollover\" href='https:\/\/www.radiopiu.net\/wordpress\/sesta-edizione-del-concorso-internazionale-musicale-di-belluno-successo-e-talenti-internazionali\/ce1d1eb4-3eb1-4cff-ba4f-83a5cfbc861f\/'><img loading=\"lazy\" decoding=\"async\" width=\"150\" height=\"150\" src=\"https:\/\/www.radiopiu.net\/wordpress\/wp-content\/uploads\/2024\/04\/ce1d1eb4-3eb1-4cff-ba4f-83a5cfbc861f-150x150.jpg\" class=\"attachment-thumbnail size-thumbnail\" alt=\"\" \/><\/a>\n\t\t\t\t<\/dt><\/dl><dl class='gallery-item'>\n\t\t\t\t<dt class='gallery-icon landscape'>\n\t\t\t\t\t<a class=\"rollover\" href='https:\/\/www.radiopiu.net\/wordpress\/sesta-edizione-del-concorso-internazionale-musicale-di-belluno-successo-e-talenti-internazionali\/07b5842a-cb2f-4541-a70a-a13d4ba2e7e4\/'><img loading=\"lazy\" decoding=\"async\" width=\"150\" height=\"150\" src=\"https:\/\/www.radiopiu.net\/wordpress\/wp-content\/uploads\/2024\/04\/07b5842a-cb2f-4541-a70a-a13d4ba2e7e4-150x150.jpg\" class=\"attachment-thumbnail size-thumbnail\" alt=\"\" \/><\/a>\n\t\t\t\t<\/dt><\/dl><br style=\"clear: both\" \/><dl class='gallery-item'>\n\t\t\t\t<dt class='gallery-icon landscape'>\n\t\t\t\t\t<a class=\"rollover\" href='https:\/\/www.radiopiu.net\/wordpress\/sesta-edizione-del-concorso-internazionale-musicale-di-belluno-successo-e-talenti-internazionali\/78f83077-2080-4c4d-897c-3059628ca58a\/'><img loading=\"lazy\" decoding=\"async\" width=\"150\" height=\"150\" src=\"https:\/\/www.radiopiu.net\/wordpress\/wp-content\/uploads\/2024\/04\/78f83077-2080-4c4d-897c-3059628ca58a-150x150.jpg\" class=\"attachment-thumbnail size-thumbnail\" alt=\"\" \/><\/a>\n\t\t\t\t<\/dt><\/dl><dl class='gallery-item'>\n\t\t\t\t<dt class='gallery-icon landscape'>\n\t\t\t\t\t<a class=\"rollover\" href='https:\/\/www.radiopiu.net\/wordpress\/sesta-edizione-del-concorso-internazionale-musicale-di-belluno-successo-e-talenti-internazionali\/5c1dbf02-3965-425e-8607-96da58d76d0e\/'><img loading=\"lazy\" decoding=\"async\" width=\"150\" height=\"150\" src=\"https:\/\/www.radiopiu.net\/wordpress\/wp-content\/uploads\/2024\/04\/5c1dbf02-3965-425e-8607-96da58d76d0e-150x150.jpg\" class=\"attachment-thumbnail size-thumbnail\" alt=\"\" \/><\/a>\n\t\t\t\t<\/dt><\/dl><dl class='gallery-item'>\n\t\t\t\t<dt class='gallery-icon landscape'>\n\t\t\t\t\t<a class=\"rollover\" href='https:\/\/www.radiopiu.net\/wordpress\/sesta-edizione-del-concorso-internazionale-musicale-di-belluno-successo-e-talenti-internazionali\/5d3a609c-47c1-49a5-8a5b-0ab229283b57\/'><img loading=\"lazy\" decoding=\"async\" width=\"150\" height=\"150\" src=\"https:\/\/www.radiopiu.net\/wordpress\/wp-content\/uploads\/2024\/04\/5d3a609c-47c1-49a5-8a5b-0ab229283b57-150x150.jpg\" class=\"attachment-thumbnail size-thumbnail\" alt=\"\" \/><\/a>\n\t\t\t\t<\/dt><\/dl><br style=\"clear: both\" \/>\n\t\t\t<\/div>\n\n<p>&nbsp;<\/p>\n<div class=\"w-full text-token-text-primary\" dir=\"auto\" data-testid=\"conversation-turn-69\">\n<div class=\"px-4 py-2 justify-center text-base md:gap-6 m-auto\">\n<div class=\"flex flex-1 text-base mx-auto gap-3 juice:gap-4 juice:md:gap-6 md:px-5 lg:px-1 xl:px-5 md:max-w-3xl lg:max-w-[40rem] xl:max-w-[48rem]\">\n<div class=\"relative flex w-full min-w-0 flex-col agent-turn\">\n<div class=\"flex-col gap-1 md:gap-3\">\n<div class=\"flex flex-grow flex-col max-w-full\">\n<div class=\"min-h-[20px] text-message flex flex-col items-start gap-3 whitespace-pre-wrap break-words [.text-message+&amp;]:mt-5 overflow-x-auto\" dir=\"auto\" data-message-author-role=\"assistant\" data-message-id=\"f60185e8-535a-454f-be5d-51fafc87d1e4\">\n<div class=\"markdown prose w-full break-words dark:prose-invert dark\">\n<table>\n<thead>\n<tr>\n<th><strong>Concorso Internazionale di Canto Lirico<\/strong><\/th>\n<th><strong>Posizione<\/strong><\/th>\n<th><strong>Nome<\/strong><\/th>\n<th><strong>Ruolo<\/strong><\/th>\n<th><strong>Nazionalit\u00e0<\/strong><\/th>\n<\/tr>\n<\/thead>\n<tbody>\n<tr>\n<td><\/td>\n<td>1\u00b0<\/td>\n<td>Ecem Aricasoy<\/td>\n<td>Soprano<\/td>\n<td>Turchia<\/td>\n<\/tr>\n<tr>\n<td><\/td>\n<td>2\u00b0 (ex equo)<\/td>\n<td>Melissa D\u2019Ottavi<\/td>\n<td>Soprano<\/td>\n<td>Italia<\/td>\n<\/tr>\n<tr>\n<td><\/td>\n<td><\/td>\n<td>Maria Kuzlova<\/td>\n<td>Soprano<\/td>\n<td>Russia<\/td>\n<\/tr>\n<tr>\n<td><\/td>\n<td>3\u00b0<\/td>\n<td>Bowen Guan<\/td>\n<td>Baritono<\/td>\n<td>Cina<\/td>\n<\/tr>\n<\/tbody>\n<\/table>\n<table>\n<thead>\n<tr>\n<th><strong>Ruoli per l&#8217;opera &#8220;Don Giovanni&#8221; di Mozart<\/strong><\/th>\n<th><strong>Nome<\/strong><\/th>\n<th><strong>Ruolo<\/strong><\/th>\n<th><strong>Nazionalit\u00e0<\/strong><\/th>\n<\/tr>\n<\/thead>\n<tbody>\n<tr>\n<td><\/td>\n<td>Stepan Polishchuk<\/td>\n<td>Don Giovanni<\/td>\n<td>Ucraina<\/td>\n<\/tr>\n<tr>\n<td><\/td>\n<td>Ecem Aricasoy<\/td>\n<td>Donna Anna<\/td>\n<td><\/td>\n<\/tr>\n<tr>\n<td><\/td>\n<td>Bo Yang<\/td>\n<td>Commendatore<\/td>\n<td>Cina<\/td>\n<\/tr>\n<tr>\n<td><\/td>\n<td>Melissa D\u2019Ottavi<\/td>\n<td>Donna Elvira<\/td>\n<td>Italia<\/td>\n<\/tr>\n<tr>\n<td><\/td>\n<td>Maria Kozlova<\/td>\n<td>Zerlina<\/td>\n<td>Russia<\/td>\n<\/tr>\n<tr>\n<td><\/td>\n<td>Enrico Basso<\/td>\n<td>Don Ottavio<\/td>\n<td>Italia<\/td>\n<\/tr>\n<tr>\n<td><\/td>\n<td>Alessandro Scarella<\/td>\n<td>Masetto<\/td>\n<td><\/td>\n<\/tr>\n<\/tbody>\n<\/table>\n<table>\n<thead>\n<tr>\n<th><strong>Concerto al Malta International Organ Festival<\/strong><\/th>\n<th><strong>Nome<\/strong><\/th>\n<th><strong>Strumento<\/strong><\/th>\n<th><strong>Nazionalit\u00e0<\/strong><\/th>\n<\/tr>\n<\/thead>\n<tbody>\n<tr>\n<td><\/td>\n<td>Maria Kozlova<\/td>\n<td>Voce<\/td>\n<td>Russia<\/td>\n<\/tr>\n<\/tbody>\n<\/table>\n<table>\n<thead>\n<tr>\n<th><strong>Finalissima del Concorso Musicale Internazionale Citt\u00e0 di Belluno 2024<\/strong><\/th>\n<th><strong>Posizione<\/strong><\/th>\n<th><strong>Nome<\/strong><\/th>\n<th><strong>Strumento<\/strong><\/th>\n<th><strong>Nazionalit\u00e0<\/strong><\/th>\n<\/tr>\n<\/thead>\n<tbody>\n<tr>\n<td><\/td>\n<td>1\u00b0<\/td>\n<td>Maximilian Cotov<\/td>\n<td>Pianoforte<\/td>\n<td><\/td>\n<\/tr>\n<tr>\n<td><\/td>\n<td>2\u00b0<\/td>\n<td>Filippo Lombardi<\/td>\n<td>Tromba<\/td>\n<td><\/td>\n<\/tr>\n<tr>\n<td><\/td>\n<td>3\u00b0<\/td>\n<td>Teodor Stefan Florescu<\/td>\n<td>Chitarra<\/td>\n<td><\/td>\n<\/tr>\n<\/tbody>\n<\/table>\n<\/div>\n<p>&nbsp;<\/p>\n<\/div>\n<\/div>\n<\/div>\n<\/div>\n<\/div>\n<\/div>\n<\/div>\n<hr \/>\n<p>&nbsp;<\/p>\n<h2><span style=\"color: #ff0000;\">CONSIGLI COMUNALI IN AGORDINO<\/span><\/h2>\n<p><strong>ALLEGHE<\/strong> Consiglio comunale luned\u00ec alle 20:30. Cinque i punti da discutere tra cui l&#8217;approvazione del rendiconto 2023 e bilancio di ASCA, un prelievo dal fondo di riserva e l&#8217;accordo per l&#8217;uso dei locali a Masar\u00e8 di Alleghe con la riserva alpina di caccia.<\/p>\n<p><strong>SELVA DI CADORE<\/strong> Consiglio comunale Marted\u00ec alle 18:30. Si discuteranno 4 punti tra cui l&#8217;approvazione del rendiconto di gestione 2023, una variazione a bilancio e l&#8217;approvazione delle modifiche al piano del commercio su aree pubbliche<\/p>\n<p>&nbsp;<\/p>\n<blockquote>\n<h3>ALTRI 400 MILA EURO IN OPERE PUBBLICHE<\/h3>\n<\/blockquote>\n<p><strong><a class=\"dt-pswp-item\" href=\"https:\/\/www.radiopiu.net\/wordpress\/wp-content\/uploads\/2023\/11\/Municipio_di_Ponte_nelle_Alpi.jpg\" data-dt-img-description=\"\" data-large_image_width=\"1051\" data-large_image_height=\"1402\"><img loading=\"lazy\" decoding=\"async\" class=\" wp-image-362008 alignleft\" src=\"https:\/\/www.radiopiu.net\/wordpress\/wp-content\/uploads\/2023\/11\/Municipio_di_Ponte_nelle_Alpi-225x300.jpg\" alt=\"\" width=\"106\" height=\"141\" srcset=\"https:\/\/www.radiopiu.net\/wordpress\/wp-content\/uploads\/2023\/11\/Municipio_di_Ponte_nelle_Alpi-225x300.jpg 225w, https:\/\/www.radiopiu.net\/wordpress\/wp-content\/uploads\/2023\/11\/Municipio_di_Ponte_nelle_Alpi-768x1024.jpg 768w, https:\/\/www.radiopiu.net\/wordpress\/wp-content\/uploads\/2023\/11\/Municipio_di_Ponte_nelle_Alpi.jpg 1051w\" sizes=\"auto, (max-width: 106px) 100vw, 106px\" \/><\/a>PONTE NELLE ALPI<\/strong> Il consiglio comunale di Ponte nelle Alpi ha approvato la proposta di investire 400 mila euro per la realizzazione di nuove opere pubbliche, applicando l\u2019avanzo di amministrazione. Con 170 mila euro sar\u00e0 avviato il primo stralcio di riqualificazione dei marciapiedi di Col di Cugnan e 20 mila euro serviranno a realizzare nuovi cinerari nel cimitero, sempre di Col, mentre la sede di Protezione civile, destinataria di un finanziamento regionale, sar\u00e0 riqualificata grazie al cofinanziamento comunale di 30 mila euro.<\/p>\n<p>&nbsp;<\/p>\n<p>&nbsp;<\/p>\n<p>&nbsp;<\/p>\n<hr \/>\n<p>&nbsp;<\/p>\n<blockquote>\n<h3>L&#8217;ASSEMBLEA DEL CONSORZIO BIM PIAVE<\/h3>\n<\/blockquote>\n<p><strong><a class=\"dt-pswp-item\" href=\"https:\/\/www.radiopiu.net\/wordpress\/wp-content\/uploads\/2021\/12\/BIM-PIAVE.jpg\" data-dt-img-description=\"\" data-large_image_width=\"420\" data-large_image_height=\"280\"><img loading=\"lazy\" decoding=\"async\" class=\" wp-image-249802 alignleft\" src=\"https:\/\/www.radiopiu.net\/wordpress\/wp-content\/uploads\/2021\/12\/BIM-PIAVE-300x200.jpg\" alt=\"\" width=\"122\" height=\"81\" srcset=\"https:\/\/www.radiopiu.net\/wordpress\/wp-content\/uploads\/2021\/12\/BIM-PIAVE-300x200.jpg 300w, https:\/\/www.radiopiu.net\/wordpress\/wp-content\/uploads\/2021\/12\/BIM-PIAVE.jpg 420w\" sizes=\"auto, (max-width: 122px) 100vw, 122px\" \/><\/a>BELLUNO<\/strong> L&#8217;Assemblea Generale del Consorzio BIM Piave di Belluno si terr\u00e0 mercoled\u00ec nella Sala Convegni A.N.A. di Belluno. L&#8217;ordine del giorno include tra i vari punti l&#8217;approvazione del rendiconto di gestione dell&#8217;esercizio 2023, la discussione sulla terza Variazione al Bilancio di Previsione 2024-2026, la costituzione di una Comunit\u00e0 Energetica nella forma di Fondazione di partecipazione con relativi adempimenti, e l&#8217;approvazione del Regolamento per l&#8217;assegnazione di contributi a valere sul Fondo per il lavoro a sostegno delle attivit\u00e0 di Comuni e Unioni Montane per il triennio 2024\/2026.<\/p>\n<p>&nbsp;<\/p>\n<p>&nbsp;<\/p>\n<hr \/>\n<p>&nbsp;<\/p>\n<blockquote>\n<h3>VEDO UN FUTURO PERCHE&#8217; VEDO UNA SCUOLA<\/h3>\n<\/blockquote>\n<p><strong><a class=\"dt-pswp-item\" href=\"https:\/\/www.radiopiu.net\/wordpress\/wp-content\/uploads\/2024\/05\/inaugurazione-scuola-Don-Elio-ottobre-2023.jpg\" data-dt-img-description=\"\" data-large_image_width=\"1280\" data-large_image_height=\"960\"><img loading=\"lazy\" decoding=\"async\" class=\" wp-image-387986 alignleft\" src=\"https:\/\/www.radiopiu.net\/wordpress\/wp-content\/uploads\/2024\/05\/inaugurazione-scuola-Don-Elio-ottobre-2023-300x225.jpg\" alt=\"\" width=\"140\" height=\"105\" srcset=\"https:\/\/www.radiopiu.net\/wordpress\/wp-content\/uploads\/2024\/05\/inaugurazione-scuola-Don-Elio-ottobre-2023-300x225.jpg 300w, https:\/\/www.radiopiu.net\/wordpress\/wp-content\/uploads\/2024\/05\/inaugurazione-scuola-Don-Elio-ottobre-2023-1024x768.jpg 1024w, https:\/\/www.radiopiu.net\/wordpress\/wp-content\/uploads\/2024\/05\/inaugurazione-scuola-Don-Elio-ottobre-2023-768x576.jpg 768w, https:\/\/www.radiopiu.net\/wordpress\/wp-content\/uploads\/2024\/05\/inaugurazione-scuola-Don-Elio-ottobre-2023.jpg 1280w\" sizes=\"auto, (max-width: 140px) 100vw, 140px\" \/><\/a>BELLUNO<\/strong> Il gruppo &#8220;Amici di don Elio&#8221; \u00e8 nato per onorare la memoria del sacerdote don Elio Larese, fondando una scuola nel nord del Madagascar. La scuola di Antsakoafaly \u00e8 un sogno diventato realt\u00e0 grazie alla solidariet\u00e0 e al coordinamento dell&#8217;Associazione Gruppi &#8220;Insieme si pu\u00f2&#8230;&#8221;. La mostra &#8220;Vedo un futuro perch\u00e9 vedo una scuola&#8221; al Seminario Gregoriano di Belluno dal 6 al 12 maggio 2024, illustrer\u00e0 il percorso della scuola in Madagascar e la situazione dell&#8217;istruzione globale. L&#8217;inaugurazione il 6 maggio alle 18:00 vedr\u00e0 la presenza di Padre Bruno Dall\u2019Acqua, missionario in Madagascar. La scuola \u00e8 anche un tributo alla professoressa Monica De Martin, recentemente scomparsa.<\/p>\n<p>&nbsp;<\/p>\n<p>&nbsp;<\/p>\n<hr \/>\n<p>&nbsp;<\/p>\n<blockquote>\n<h3>NON SEI SOLO, GLI INCONTRI A FELTRE<\/h3>\n<\/blockquote>\n<p><strong>FELTRE<\/strong> Il Centro per i Disturbi Cognitivi e Demenze dell\u2019Ulss Dolomiti, con i Centri di Servizio Residenziali, organizza 5 incontri su demenza e declino cognitivo, dal 6 maggio al 3 giugno 2024, a Feltre. Temi trattati: riconoscimento del declino e prevenzione, cura e comportamento, servizi del CDCD, gestione del declino avanzato e supporto alle famiglie. Ogni luned\u00ec, 18:00-19:00, Sala Convegni dell\u2019Ospedale di Feltre. Esperti quali Dott.ssa Roberta Padoan, Dott.ssa Francesca De Biasi, Dott.ssa Daniela Dal Zotto, Dott.ssa Francesca De Zaiacomo, Dott.ssa Lara Zanin condivideranno conoscenze. Per info e iscrizioni: <a target=\"_new\" rel=\"noopener\">cdcd.fe@aulss1.veneto.it<\/a>.<\/p>\n<p>&nbsp;<\/p>\n<p>&nbsp;<\/p>\n<hr \/>\n<p>&nbsp;<\/p>\n<blockquote>\n<h3>LA RACCOLTA FONDI PER FIBROSI CISTICA<\/h3>\n<\/blockquote>\n<p data-block=\"true\" data-editor=\"avj4u\" data-offset-key=\"d3i0j-0-0\"><strong>BELLUNO<\/strong> Volontari in azione per la raccolta fondi Fibrosi Cistica, regalando dipladenie: 4 maggio Agordo e Parrocchie del Poi; 11 e 12 maggio Falcade e Caviola; 4 maggio Alpini Castion, Puos d&#8217;Alpago, Zoppe&#8217; di Cadore, Santo Stefano di Cadore, Belluno; 8 maggio Alpini Limana; Farra d&#8217;Alpago e Dosoledo, consegna porta a porta.<\/p>\n<hr \/>\n<h3><\/h3>\n<blockquote>\n<h3>PRATICHE FILOSOFICHE AL CIRCOLO CULTURALE TERRA DEI PADRI<\/h3>\n<\/blockquote>\n<p><strong>BELLUNO<\/strong> Il Circolo Culturale La Terra dei Padri APS, a Borgo Piave &#8211; Belluno, ospita un laboratorio di pratiche filosofiche aperto a tutti nel mese di maggio 2024. Condotti da Francesco Dematt\u00e8, ex docente di storia e filosofia nei Licei, i quattro incontri si concentreranno su Plotino, filosofo del III secolo d.C. Gli incontri si terranno ogni marted\u00ec, dal 7 al 28 maggio, dalle 18 alle 19 presso il circolo culturale. Per informazioni e iscrizioni contattare direttamente in sede, via email o telefonicamente.<\/p>\n<p>&nbsp;<\/p>\n<p>&nbsp;<\/p>\n<hr \/>\n<p>&nbsp;<\/p>\n<blockquote>\n<h3><strong>Play Dog: Una Giornata per Cani e Bambini al Parco Citt\u00e0 di Bologna<\/strong><\/h3>\n<\/blockquote>\n<p><strong>BELLUNO<\/strong> Domenica 5 maggio, l&#8217;Amministrazione, in collaborazione con LAV e APACA, organizza la prima edizione di Play Dog, una giornata dedicata alla socializzazione tra cani e bambini. L&#8217;evento, che si terr\u00e0 al Parco Citt\u00e0 di Bologna dalle 9.30 alle 12.30, proporr\u00e0 attivit\u00e0 interattive e laboratori guidati da educatori cinofili, promuovendo una convivenza consapevole e rispettosa tra l&#8217;uomo e il suo migliore amico a quattro zampe. La partecipazione \u00e8 gratuita e l&#8217;iscrizione avverr\u00e0 direttamente in loco.<\/p>\n<p>&nbsp;<\/p>\n<p>&nbsp;<\/p>\n<hr \/>\n<p>&nbsp;<\/p>\n<blockquote>\n<h3>TORNANO I VENERDI DI MAGGIO AGORDINO<\/h3>\n<\/blockquote>\n<p><strong><a class=\"dt-pswp-item\" href=\"https:\/\/www.radiopiu.net\/wordpress\/wp-content\/uploads\/2021\/07\/SALA-DON-TAMIS.png\" data-dt-img-description=\"\" data-large_image_width=\"1354\" data-large_image_height=\"920\"><img loading=\"lazy\" decoding=\"async\" class=\" wp-image-220859 alignleft\" src=\"https:\/\/www.radiopiu.net\/wordpress\/wp-content\/uploads\/2021\/07\/SALA-DON-TAMIS-300x204.png\" alt=\"\" width=\"215\" height=\"146\" srcset=\"https:\/\/www.radiopiu.net\/wordpress\/wp-content\/uploads\/2021\/07\/SALA-DON-TAMIS-300x204.png 300w, https:\/\/www.radiopiu.net\/wordpress\/wp-content\/uploads\/2021\/07\/SALA-DON-TAMIS-1024x696.png 1024w, https:\/\/www.radiopiu.net\/wordpress\/wp-content\/uploads\/2021\/07\/SALA-DON-TAMIS-768x522.png 768w, https:\/\/www.radiopiu.net\/wordpress\/wp-content\/uploads\/2021\/07\/SALA-DON-TAMIS.png 1354w\" sizes=\"auto, (max-width: 215px) 100vw, 215px\" \/><\/a>AGORDO<\/strong><\/p>\n<p>DI GIANNI SANTOMASO<\/p>\n<audio class=\"wp-audio-shortcode\" id=\"audio-387814-16\" preload=\"none\" style=\"width: 100%;\" controls=\"controls\"><source type=\"audio\/mpeg\" src=\"https:\/\/www.radiopiu.net\/wordpress\/wp-content\/uploads\/2024\/04\/GIANNI-TORNANO-I-VENERDI-DI-MAGGIO-AGORDINO.mp3?_=16\" \/><a href=\"https:\/\/www.radiopiu.net\/wordpress\/wp-content\/uploads\/2024\/04\/GIANNI-TORNANO-I-VENERDI-DI-MAGGIO-AGORDINO.mp3\">https:\/\/www.radiopiu.net\/wordpress\/wp-content\/uploads\/2024\/04\/GIANNI-TORNANO-I-VENERDI-DI-MAGGIO-AGORDINO.mp3<\/a><\/audio>\n<p>&nbsp;<\/p>\n<p><span style=\"color: #ff0000;\"><strong><a class=\"dt-pswp-item\" href=\"https:\/\/www.radiopiu.net\/wordpress\/wp-content\/uploads\/2022\/12\/luca_luchetta.jpg\" data-dt-img-description=\"\" data-large_image_width=\"400\" data-large_image_height=\"400\"><img loading=\"lazy\" decoding=\"async\" class=\"wp-image-310001 alignleft\" src=\"https:\/\/www.radiopiu.net\/wordpress\/wp-content\/uploads\/2022\/12\/luca_luchetta-300x300.jpg\" alt=\"\" width=\"170\" height=\"170\" srcset=\"https:\/\/www.radiopiu.net\/wordpress\/wp-content\/uploads\/2022\/12\/luca_luchetta-300x300.jpg 300w, https:\/\/www.radiopiu.net\/wordpress\/wp-content\/uploads\/2022\/12\/luca_luchetta-150x150.jpg 150w, https:\/\/www.radiopiu.net\/wordpress\/wp-content\/uploads\/2022\/12\/luca_luchetta.jpg 400w\" sizes=\"auto, (max-width: 170px) 100vw, 170px\" \/><\/a>L&#8217;INTERVISTA DI MIRKO MEZZACASA A:\u00a0 LUCA LUCHETTA, PRESIDENTE APIM_ASSOCIAZIONE PERITI MINERARI AGORDO<\/strong><\/span><\/p>\n<p>&nbsp;<\/p>\n<audio class=\"wp-audio-shortcode\" id=\"audio-387814-17\" preload=\"none\" style=\"width: 100%;\" controls=\"controls\"><source type=\"audio\/mpeg\" src=\"https:\/\/www.radiopiu.net\/wordpress\/wp-content\/uploads\/2024\/04\/LUCA-LUCHETTA-APIM.mp3?_=17\" \/><a href=\"https:\/\/www.radiopiu.net\/wordpress\/wp-content\/uploads\/2024\/04\/LUCA-LUCHETTA-APIM.mp3\">https:\/\/www.radiopiu.net\/wordpress\/wp-content\/uploads\/2024\/04\/LUCA-LUCHETTA-APIM.mp3<\/a><\/audio>\n<p>&nbsp;<\/p>\n<hr \/>\n<p>&nbsp;<\/p>\n<blockquote>\n<h3>GENERAZIONI IN DIALOGO: IL RUOLO DELLE NUOVE TECNOLOGIE NELLA VITA QUOTIDIANA<\/h3>\n<\/blockquote>\n<p><a class=\"dt-pswp-item\" href=\"https:\/\/www.radiopiu.net\/wordpress\/wp-content\/uploads\/2024\/05\/SCR-20240501-otmh.jpeg\" data-dt-img-description=\"Screenshot\" data-large_image_width=\"1288\" data-large_image_height=\"918\"><img loading=\"lazy\" decoding=\"async\" class=\"wp-image-388032 alignleft\" src=\"https:\/\/www.radiopiu.net\/wordpress\/wp-content\/uploads\/2024\/05\/SCR-20240501-otmh-300x214.jpeg\" alt=\"\" width=\"161\" height=\"115\" srcset=\"https:\/\/www.radiopiu.net\/wordpress\/wp-content\/uploads\/2024\/05\/SCR-20240501-otmh-300x214.jpeg 300w, https:\/\/www.radiopiu.net\/wordpress\/wp-content\/uploads\/2024\/05\/SCR-20240501-otmh-1024x730.jpeg 1024w, https:\/\/www.radiopiu.net\/wordpress\/wp-content\/uploads\/2024\/05\/SCR-20240501-otmh-768x547.jpeg 768w, https:\/\/www.radiopiu.net\/wordpress\/wp-content\/uploads\/2024\/05\/SCR-20240501-otmh.jpeg 1288w\" sizes=\"auto, (max-width: 161px) 100vw, 161px\" \/><\/a><strong>CANALE D&#8217;AGORDO <\/strong>Il dibattito sulle generazioni Boomer, X, Millenials, Z e Alpha: dialogo o conflitto? Le nuove tecnologie influenzano la vita provinciale? La scuola \u00e8 ancora rilevante o l&#8217;IA \u00e8 preferita per i compiti? Riconosciamo le fake news dagli articoli autentici sul nostro smartphone? Web o amici, quale \u00e8 pi\u00f9 stimolante? Siamo padroni degli smartphone o viceversa? Il dott. Paolo Bello, SerD di Belluno, esplorer\u00e0 queste tematiche il 10 maggio alle 20.00 presso la sala Emigranti di Canale d&#8217;Agordo. Un evento promosso dal Comune di Canale, con SerD, Donatori di Sangue e Pro Loco, aperto a tutte le et\u00e0. Ingresso libero.<\/p>\n<p>&nbsp;<\/p>\n<p>&nbsp;<\/p>\n<hr \/>\n<p>&nbsp;<\/p>\n<blockquote>\n<h3>LA BENEDIZIONE DI AUTO E MOTO D&#8217;EPOCA A FELTRE<\/h3>\n<\/blockquote>\n<p><strong>FELTRE<\/strong> Grande esposizione di auto e moto in occasione della giornata della benedizione a San Vittore e Corona.<\/p>\n\n\t\t\t<style type='text\/css'>\n\t\t\t\t#gallery-4 {\n\t\t\t\t\tmargin: auto;\n\t\t\t\t}\n\t\t\t\t#gallery-4 .gallery-item {\n\t\t\t\t\tfloat: left;\n\t\t\t\t\tmargin-top: 10px;\n\t\t\t\t\ttext-align: center;\n\t\t\t\t\twidth: 20%;\n\t\t\t\t}\n\t\t\t\t#gallery-4 img {\n\t\t\t\t\tborder: 2px solid #cfcfcf;\n\t\t\t\t}\n\t\t\t\t#gallery-4 .gallery-caption {\n\t\t\t\t\tmargin-left: 0;\n\t\t\t\t}\n\t\t\t\t\/* see gallery_shortcode() in wp-includes\/media.php *\/\n\t\t\t<\/style>\n\t\t<div id='gallery-4' class='dt-gallery-container gallery galleryid-387814 gallery-columns-5 gallery-size-medium'><dl class='gallery-item'>\n\t\t\t\t<dt class='gallery-icon landscape'>\n\t\t\t\t\t<a class=\"rollover rollover-zoom dt-pswp-item\" title=\"7d25c9fa-2161-48ba-be60-f8bc94bb44ec\" data-dt-img-description=\"\" data-large_image_width=\"1600\" data-large_image_height=\"1201\"href='https:\/\/www.radiopiu.net\/wordpress\/wp-content\/uploads\/2024\/05\/7d25c9fa-2161-48ba-be60-f8bc94bb44ec.jpg'><img loading=\"lazy\" decoding=\"async\" width=\"300\" height=\"225\" src=\"https:\/\/www.radiopiu.net\/wordpress\/wp-content\/uploads\/2024\/05\/7d25c9fa-2161-48ba-be60-f8bc94bb44ec-300x225.jpg\" class=\"attachment-medium size-medium\" alt=\"\" srcset=\"https:\/\/www.radiopiu.net\/wordpress\/wp-content\/uploads\/2024\/05\/7d25c9fa-2161-48ba-be60-f8bc94bb44ec-300x225.jpg 300w, https:\/\/www.radiopiu.net\/wordpress\/wp-content\/uploads\/2024\/05\/7d25c9fa-2161-48ba-be60-f8bc94bb44ec-1024x769.jpg 1024w, https:\/\/www.radiopiu.net\/wordpress\/wp-content\/uploads\/2024\/05\/7d25c9fa-2161-48ba-be60-f8bc94bb44ec-768x576.jpg 768w, https:\/\/www.radiopiu.net\/wordpress\/wp-content\/uploads\/2024\/05\/7d25c9fa-2161-48ba-be60-f8bc94bb44ec-1536x1153.jpg 1536w, https:\/\/www.radiopiu.net\/wordpress\/wp-content\/uploads\/2024\/05\/7d25c9fa-2161-48ba-be60-f8bc94bb44ec.jpg 1600w\" sizes=\"auto, (max-width: 300px) 100vw, 300px\" \/><\/a>\n\t\t\t\t<\/dt><\/dl><dl class='gallery-item'>\n\t\t\t\t<dt class='gallery-icon landscape'>\n\t\t\t\t\t<a class=\"rollover rollover-zoom dt-pswp-item\" title=\"b11995b9-2dc7-496e-84c2-a12b51619ffa\" data-dt-img-description=\"\" data-large_image_width=\"1600\" data-large_image_height=\"1201\"href='https:\/\/www.radiopiu.net\/wordpress\/wp-content\/uploads\/2024\/05\/b11995b9-2dc7-496e-84c2-a12b51619ffa.jpg'><img loading=\"lazy\" decoding=\"async\" width=\"300\" height=\"225\" src=\"https:\/\/www.radiopiu.net\/wordpress\/wp-content\/uploads\/2024\/05\/b11995b9-2dc7-496e-84c2-a12b51619ffa-300x225.jpg\" class=\"attachment-medium size-medium\" alt=\"\" srcset=\"https:\/\/www.radiopiu.net\/wordpress\/wp-content\/uploads\/2024\/05\/b11995b9-2dc7-496e-84c2-a12b51619ffa-300x225.jpg 300w, https:\/\/www.radiopiu.net\/wordpress\/wp-content\/uploads\/2024\/05\/b11995b9-2dc7-496e-84c2-a12b51619ffa-1024x769.jpg 1024w, https:\/\/www.radiopiu.net\/wordpress\/wp-content\/uploads\/2024\/05\/b11995b9-2dc7-496e-84c2-a12b51619ffa-768x576.jpg 768w, https:\/\/www.radiopiu.net\/wordpress\/wp-content\/uploads\/2024\/05\/b11995b9-2dc7-496e-84c2-a12b51619ffa-1536x1153.jpg 1536w, https:\/\/www.radiopiu.net\/wordpress\/wp-content\/uploads\/2024\/05\/b11995b9-2dc7-496e-84c2-a12b51619ffa.jpg 1600w\" sizes=\"auto, (max-width: 300px) 100vw, 300px\" \/><\/a>\n\t\t\t\t<\/dt><\/dl><dl class='gallery-item'>\n\t\t\t\t<dt class='gallery-icon landscape'>\n\t\t\t\t\t<a class=\"rollover rollover-zoom dt-pswp-item\" title=\"fd57ad28-84cf-41d4-b401-fd0b281a468e\" data-dt-img-description=\"\" data-large_image_width=\"2000\" data-large_image_height=\"1500\"href='https:\/\/www.radiopiu.net\/wordpress\/wp-content\/uploads\/2024\/05\/fd57ad28-84cf-41d4-b401-fd0b281a468e.jpg'><img loading=\"lazy\" decoding=\"async\" width=\"300\" height=\"225\" src=\"https:\/\/www.radiopiu.net\/wordpress\/wp-content\/uploads\/2024\/05\/fd57ad28-84cf-41d4-b401-fd0b281a468e-300x225.jpg\" class=\"attachment-medium size-medium\" alt=\"\" srcset=\"https:\/\/www.radiopiu.net\/wordpress\/wp-content\/uploads\/2024\/05\/fd57ad28-84cf-41d4-b401-fd0b281a468e-300x225.jpg 300w, https:\/\/www.radiopiu.net\/wordpress\/wp-content\/uploads\/2024\/05\/fd57ad28-84cf-41d4-b401-fd0b281a468e-1024x768.jpg 1024w, https:\/\/www.radiopiu.net\/wordpress\/wp-content\/uploads\/2024\/05\/fd57ad28-84cf-41d4-b401-fd0b281a468e-768x576.jpg 768w, https:\/\/www.radiopiu.net\/wordpress\/wp-content\/uploads\/2024\/05\/fd57ad28-84cf-41d4-b401-fd0b281a468e-1536x1152.jpg 1536w, https:\/\/www.radiopiu.net\/wordpress\/wp-content\/uploads\/2024\/05\/fd57ad28-84cf-41d4-b401-fd0b281a468e.jpg 2000w\" sizes=\"auto, (max-width: 300px) 100vw, 300px\" \/><\/a>\n\t\t\t\t<\/dt><\/dl><dl class='gallery-item'>\n\t\t\t\t<dt class='gallery-icon landscape'>\n\t\t\t\t\t<a class=\"rollover rollover-zoom dt-pswp-item\" title=\"15c434b0-5c72-4f92-a472-d1f665ae7d68\" data-dt-img-description=\"\" data-large_image_width=\"2000\" data-large_image_height=\"1500\"href='https:\/\/www.radiopiu.net\/wordpress\/wp-content\/uploads\/2024\/05\/15c434b0-5c72-4f92-a472-d1f665ae7d68.jpg'><img loading=\"lazy\" decoding=\"async\" width=\"300\" height=\"225\" src=\"https:\/\/www.radiopiu.net\/wordpress\/wp-content\/uploads\/2024\/05\/15c434b0-5c72-4f92-a472-d1f665ae7d68-300x225.jpg\" class=\"attachment-medium size-medium\" alt=\"\" srcset=\"https:\/\/www.radiopiu.net\/wordpress\/wp-content\/uploads\/2024\/05\/15c434b0-5c72-4f92-a472-d1f665ae7d68-300x225.jpg 300w, https:\/\/www.radiopiu.net\/wordpress\/wp-content\/uploads\/2024\/05\/15c434b0-5c72-4f92-a472-d1f665ae7d68-1024x768.jpg 1024w, https:\/\/www.radiopiu.net\/wordpress\/wp-content\/uploads\/2024\/05\/15c434b0-5c72-4f92-a472-d1f665ae7d68-768x576.jpg 768w, https:\/\/www.radiopiu.net\/wordpress\/wp-content\/uploads\/2024\/05\/15c434b0-5c72-4f92-a472-d1f665ae7d68-1536x1152.jpg 1536w, https:\/\/www.radiopiu.net\/wordpress\/wp-content\/uploads\/2024\/05\/15c434b0-5c72-4f92-a472-d1f665ae7d68.jpg 2000w\" sizes=\"auto, (max-width: 300px) 100vw, 300px\" \/><\/a>\n\t\t\t\t<\/dt><\/dl><dl class='gallery-item'>\n\t\t\t\t<dt class='gallery-icon landscape'>\n\t\t\t\t\t<a class=\"rollover rollover-zoom dt-pswp-item\" title=\"4926b78f-329c-4527-b469-9ceb98f6498e\" data-dt-img-description=\"\" data-large_image_width=\"2000\" data-large_image_height=\"1500\"href='https:\/\/www.radiopiu.net\/wordpress\/wp-content\/uploads\/2024\/05\/4926b78f-329c-4527-b469-9ceb98f6498e.jpg'><img loading=\"lazy\" decoding=\"async\" width=\"300\" height=\"225\" src=\"https:\/\/www.radiopiu.net\/wordpress\/wp-content\/uploads\/2024\/05\/4926b78f-329c-4527-b469-9ceb98f6498e-300x225.jpg\" class=\"attachment-medium size-medium\" alt=\"\" srcset=\"https:\/\/www.radiopiu.net\/wordpress\/wp-content\/uploads\/2024\/05\/4926b78f-329c-4527-b469-9ceb98f6498e-300x225.jpg 300w, https:\/\/www.radiopiu.net\/wordpress\/wp-content\/uploads\/2024\/05\/4926b78f-329c-4527-b469-9ceb98f6498e-1024x768.jpg 1024w, https:\/\/www.radiopiu.net\/wordpress\/wp-content\/uploads\/2024\/05\/4926b78f-329c-4527-b469-9ceb98f6498e-768x576.jpg 768w, https:\/\/www.radiopiu.net\/wordpress\/wp-content\/uploads\/2024\/05\/4926b78f-329c-4527-b469-9ceb98f6498e-1536x1152.jpg 1536w, https:\/\/www.radiopiu.net\/wordpress\/wp-content\/uploads\/2024\/05\/4926b78f-329c-4527-b469-9ceb98f6498e.jpg 2000w\" sizes=\"auto, (max-width: 300px) 100vw, 300px\" \/><\/a>\n\t\t\t\t<\/dt><\/dl><br style=\"clear: both\" \/>\n\t\t\t<\/div>\n\n<p>&nbsp;<\/p>\n<hr \/>\n<p>&nbsp;<\/p>\n<blockquote>\n<h3 class=\"entry-title\">TAIBON: INVITO A DONARE IL 5 PER MILLE ALL\u2019ASSOCIAZIONE \u201cI CASTELANI\u201d<\/h3>\n<\/blockquote>\n<p><strong><a class=\"dt-pswp-item\" href=\"https:\/\/www.radiopiu.net\/wordpress\/wp-content\/uploads\/2024\/04\/dc87f34c-cbeb-4901-b0c4-c82c9cd5b877.jpg\" data-dt-img-description=\"\" data-large_image_width=\"1000\" data-large_image_height=\"1000\"><img loading=\"lazy\" decoding=\"async\" class=\" wp-image-387888 alignleft\" src=\"https:\/\/www.radiopiu.net\/wordpress\/wp-content\/uploads\/2024\/04\/dc87f34c-cbeb-4901-b0c4-c82c9cd5b877-300x300.jpg\" alt=\"\" width=\"111\" height=\"111\" srcset=\"https:\/\/www.radiopiu.net\/wordpress\/wp-content\/uploads\/2024\/04\/dc87f34c-cbeb-4901-b0c4-c82c9cd5b877-300x300.jpg 300w, https:\/\/www.radiopiu.net\/wordpress\/wp-content\/uploads\/2024\/04\/dc87f34c-cbeb-4901-b0c4-c82c9cd5b877-150x150.jpg 150w, https:\/\/www.radiopiu.net\/wordpress\/wp-content\/uploads\/2024\/04\/dc87f34c-cbeb-4901-b0c4-c82c9cd5b877-768x768.jpg 768w, https:\/\/www.radiopiu.net\/wordpress\/wp-content\/uploads\/2024\/04\/dc87f34c-cbeb-4901-b0c4-c82c9cd5b877.jpg 1000w\" sizes=\"auto, (max-width: 111px) 100vw, 111px\" \/><\/a>TAIBON\u00a0<\/strong> L\u2019 associazione I CASTELANI di Taibon (frazione Soccol) invita a donare all\u2019associazione il 5 per mille dalla dichiarazione dei redditi.\u00a0 \u201cI Castelani\u201d \u00e8 un\u2019associazione di volontariato, costituita l\u201911 luglio 2014. Nata come gruppo frazionale, l\u2019associazione \u00e8 stata fondata da alcuni abitanti, passati e presenti, delle frazioni di: Soccol, Campedel, Coste, Serach e Col de Carrera, localizzate alle pendici del monte Agner, nel comune di Taibon Agordino. Il gruppo ha tra i sui principali obiettivi i seguenti: \u2013 tutela, salvaguardia e valorizzazione dell\u2019ambiente naturale \u2013 recupero beni culturali \u2013 manutenzione strade silvo pastorali e sentieri, cura del verde, dei boschi e dei corsi d\u2019acqua.<strong>\u201d<\/strong><\/p>\n<p>&nbsp;<\/p>\n<p>&nbsp;<\/p>\n<hr \/>\n<p>&nbsp;<\/p>\n<h2><span style=\"color: #ff6600;\">IERI ALLA RADIO\u00a0<\/span><\/h2>\n<h2 class=\"entry-title\"><span style=\"color: #ff00ff;\">LIBER, DI LIANA CAVALLET<\/span><\/h2>\n<p><strong>PUNTATA 34 01 MAGGIO 2024 &#8211;\u00a0 LA CHIAVE A STELLA &#8220;PRIMO LEVI&#8221;<\/strong><\/p>\n<p><a class=\"dt-pswp-item\" href=\"https:\/\/www.radiopiu.net\/wordpress\/wp-content\/uploads\/2024\/03\/79228171-1b10-4f48-919f-39c361b05396.jpg\" data-dt-img-description=\"\" data-large_image_width=\"342\" data-large_image_height=\"550\"><img loading=\"lazy\" decoding=\"async\" class=\"size-medium wp-image-387970 aligncenter\" src=\"https:\/\/www.radiopiu.net\/wordpress\/wp-content\/uploads\/2024\/03\/79228171-1b10-4f48-919f-39c361b05396-187x300.jpg\" alt=\"\" width=\"187\" height=\"300\" srcset=\"https:\/\/www.radiopiu.net\/wordpress\/wp-content\/uploads\/2024\/03\/79228171-1b10-4f48-919f-39c361b05396-187x300.jpg 187w, https:\/\/www.radiopiu.net\/wordpress\/wp-content\/uploads\/2024\/03\/79228171-1b10-4f48-919f-39c361b05396.jpg 342w\" sizes=\"auto, (max-width: 187px) 100vw, 187px\" \/><\/a><\/p>\n<audio class=\"wp-audio-shortcode\" id=\"audio-387814-18\" preload=\"none\" style=\"width: 100%;\" controls=\"controls\"><source type=\"audio\/mpeg\" src=\"https:\/\/www.radiopiu.net\/wordpress\/wp-content\/uploads\/2024\/03\/LIANA-5.mp3?_=18\" \/><a href=\"https:\/\/www.radiopiu.net\/wordpress\/wp-content\/uploads\/2024\/03\/LIANA-5.mp3\">https:\/\/www.radiopiu.net\/wordpress\/wp-content\/uploads\/2024\/03\/LIANA-5.mp3<\/a><\/audio>\n<p>&nbsp;<\/p>\n<h2><strong>LA RACCOLTA COMPLETA <span style=\"color: #3366ff;\"><a style=\"color: #3366ff;\" href=\"https:\/\/www.radiopiu.net\/wordpress\/liber-di-liana-cavallet-la-raccolta\/\">CLICCA QUI<\/a><\/span><\/strong><\/h2>\n<p>&nbsp;<\/p>\n<hr \/>\n<p>&nbsp;<\/p>\n<h2><span style=\"color: #33cccc;\"><a class=\"dt-pswp-item\" href=\"https:\/\/www.radiopiu.net\/wordpress\/wp-content\/uploads\/2022\/11\/scuola-zaino.jpeg\" data-dt-img-description=\"\" data-large_image_width=\"626\" data-large_image_height=\"417\"><img loading=\"lazy\" decoding=\"async\" class=\" wp-image-306830 alignleft\" src=\"https:\/\/www.radiopiu.net\/wordpress\/wp-content\/uploads\/2022\/11\/scuola-zaino-300x200.jpeg\" alt=\"\" width=\"159\" height=\"106\" srcset=\"https:\/\/www.radiopiu.net\/wordpress\/wp-content\/uploads\/2022\/11\/scuola-zaino-300x200.jpeg 300w, https:\/\/www.radiopiu.net\/wordpress\/wp-content\/uploads\/2022\/11\/scuola-zaino.jpeg 626w\" sizes=\"auto, (max-width: 159px) 100vw, 159px\" \/><\/a>SE NON LA SMETTI TI MANDO DAL PRESIDE<\/span><\/h2>\n<p><strong>DI MIRKO MEZZACASA<\/strong><\/p>\n<p>CON MARIA ROSA SALMAZO<\/p>\n<audio class=\"wp-audio-shortcode\" id=\"audio-387814-19\" preload=\"none\" style=\"width: 100%;\" controls=\"controls\"><source type=\"audio\/mpeg\" src=\"https:\/\/www.radiopiu.net\/wordpress\/wp-content\/uploads\/2024\/05\/PRESIDE.mp3?_=19\" \/><a href=\"https:\/\/www.radiopiu.net\/wordpress\/wp-content\/uploads\/2024\/05\/PRESIDE.mp3\">https:\/\/www.radiopiu.net\/wordpress\/wp-content\/uploads\/2024\/05\/PRESIDE.mp3<\/a><\/audio>\n<p>&nbsp;<\/p>\n<hr \/>\n<p>&nbsp;<\/p>\n<h2><span style=\"color: #808000;\">CINE HITS, ALLA SCOPERTA DELLE COLONNE SONORE<\/span><\/h2>\n<p><strong><a class=\"dt-pswp-item\" href=\"https:\/\/www.radiopiu.net\/wordpress\/wp-content\/uploads\/2024\/04\/0c0ff4aec78cc297d266df191933203f.1000x1000x1.jpg\" data-dt-img-description=\"\" data-large_image_width=\"1000\" data-large_image_height=\"1000\"><img loading=\"lazy\" decoding=\"async\" class=\" wp-image-388020 alignleft\" src=\"https:\/\/www.radiopiu.net\/wordpress\/wp-content\/uploads\/2024\/04\/0c0ff4aec78cc297d266df191933203f.1000x1000x1-300x300.jpg\" alt=\"\" width=\"136\" height=\"136\" srcset=\"https:\/\/www.radiopiu.net\/wordpress\/wp-content\/uploads\/2024\/04\/0c0ff4aec78cc297d266df191933203f.1000x1000x1-300x300.jpg 300w, https:\/\/www.radiopiu.net\/wordpress\/wp-content\/uploads\/2024\/04\/0c0ff4aec78cc297d266df191933203f.1000x1000x1-150x150.jpg 150w, https:\/\/www.radiopiu.net\/wordpress\/wp-content\/uploads\/2024\/04\/0c0ff4aec78cc297d266df191933203f.1000x1000x1-768x768.jpg 768w, https:\/\/www.radiopiu.net\/wordpress\/wp-content\/uploads\/2024\/04\/0c0ff4aec78cc297d266df191933203f.1000x1000x1.jpg 1000w\" sizes=\"auto, (max-width: 136px) 100vw, 136px\" \/><\/a>01 MAGGIO &#8211; CLAUDIO BAGLIONI E LE SIGLE DI PIPPI CALZELUNGHE \/ HEIDI \/ UFO ROBOT<\/strong><\/p>\n<audio class=\"wp-audio-shortcode\" id=\"audio-387814-20\" preload=\"none\" style=\"width: 100%;\" controls=\"controls\"><source type=\"audio\/mpeg\" src=\"https:\/\/www.radiopiu.net\/wordpress\/wp-content\/uploads\/2024\/04\/CINE2-3.mp3?_=20\" \/><a href=\"https:\/\/www.radiopiu.net\/wordpress\/wp-content\/uploads\/2024\/04\/CINE2-3.mp3\">https:\/\/www.radiopiu.net\/wordpress\/wp-content\/uploads\/2024\/04\/CINE2-3.mp3<\/a><\/audio>\n<p>&nbsp;<\/p>\n<h2>LA RACCOLTA COMPLETA <a href=\"https:\/\/www.radiopiu.net\/wordpress\/cine-hits-alla-scoperta-delle-colonne-sonore-la-raccolta\/\"><span style=\"color: #0000ff;\">CLICCA QUI<\/span><\/a><\/h2>\n<p>&nbsp;<\/p>\n<hr \/>\n<p>&nbsp;<\/p>\n<blockquote class=\"wp-embedded-content\" data-secret=\"0zUbsFEVNW\"><p><a href=\"https:\/\/www.radiopiu.net\/wordpress\/da-daaaa14\/\">EL DARLIN, RIASCOLTIAMOLI PUNTATA 14 LIVIO MAZZAROL<\/a><\/p><\/blockquote>\n<p><iframe loading=\"lazy\" class=\"wp-embedded-content\" sandbox=\"allow-scripts\" security=\"restricted\" style=\"position: absolute; clip: rect(1px, 1px, 1px, 1px);\" title=\"&#8220;EL DARLIN, RIASCOLTIAMOLI PUNTATA 14 LIVIO MAZZAROL&#8221; &#8212; Radio Pi\u00f9\" src=\"https:\/\/www.radiopiu.net\/wordpress\/da-daaaa14\/embed\/#?secret=SLtC7TwHnP#?secret=0zUbsFEVNW\" data-secret=\"0zUbsFEVNW\" width=\"600\" height=\"338\" frameborder=\"0\" marginwidth=\"0\" marginheight=\"0\" scrolling=\"no\"><\/iframe><\/p>\n<p>&nbsp;<\/p>\n<p>&nbsp;<\/p>\n<hr \/>\n<p>&nbsp;<\/p>\n<h2><span style=\"color: #ff0000;\"><a class=\"dt-pswp-item\" href=\"https:\/\/www.radiopiu.net\/wordpress\/wp-content\/uploads\/2018\/09\/appuntamenti.jpeg\" data-dt-img-description=\"\" data-large_image_width=\"800\" data-large_image_height=\"100\"><img loading=\"lazy\" decoding=\"async\" class=\"wp-image-61958 size-full aligncenter\" src=\"https:\/\/www.radiopiu.net\/wordpress\/wp-content\/uploads\/2018\/09\/appuntamenti.jpeg\" alt=\"\" width=\"800\" height=\"100\" srcset=\"https:\/\/www.radiopiu.net\/wordpress\/wp-content\/uploads\/2018\/09\/appuntamenti.jpeg 800w, https:\/\/www.radiopiu.net\/wordpress\/wp-content\/uploads\/2018\/09\/appuntamenti-300x38.jpeg 300w, https:\/\/www.radiopiu.net\/wordpress\/wp-content\/uploads\/2018\/09\/appuntamenti-768x96.jpeg 768w\" sizes=\"auto, (max-width: 800px) 100vw, 800px\" \/><\/a><\/span><\/h2>\n<div>\n<div class=\"\" dir=\"auto\">\n<div id=\":r9h:\" class=\"x1iorvi4 x1pi30zi x1l90r2v x1swvt13\" data-ad-comet-preview=\"message\" data-ad-preview=\"message\">\n<p>&nbsp;<\/p>\n<p>&nbsp;<\/p>\n<div class=\"x78zum5 xdt5ytf xz62fqu x16ldp7u\">\n<div class=\"xu06os2 x1ok221b\">\n\n\t\t\t<style type='text\/css'>\n\t\t\t\t#gallery-5 {\n\t\t\t\t\tmargin: auto;\n\t\t\t\t}\n\t\t\t\t#gallery-5 .gallery-item {\n\t\t\t\t\tfloat: left;\n\t\t\t\t\tmargin-top: 10px;\n\t\t\t\t\ttext-align: center;\n\t\t\t\t\twidth: 50%;\n\t\t\t\t}\n\t\t\t\t#gallery-5 img {\n\t\t\t\t\tborder: 2px solid #cfcfcf;\n\t\t\t\t}\n\t\t\t\t#gallery-5 .gallery-caption {\n\t\t\t\t\tmargin-left: 0;\n\t\t\t\t}\n\t\t\t\t\/* see gallery_shortcode() in wp-includes\/media.php *\/\n\t\t\t<\/style>\n\t\t<div id='gallery-5' class='dt-gallery-container gallery galleryid-387814 gallery-columns-2 gallery-size-thumbnail'><dl class='gallery-item'>\n\t\t\t\t<dt class='gallery-icon portrait'>\n\t\t\t\t\t<a class=\"rollover rollover-zoom dt-pswp-item\" title=\"437146738_2577149032445332_1917642300626249383_n\" data-dt-img-description=\"\" data-large_image_width=\"509\" data-large_image_height=\"720\"href='https:\/\/www.radiopiu.net\/wordpress\/wp-content\/uploads\/2024\/04\/437146738_2577149032445332_1917642300626249383_n.jpg'><img loading=\"lazy\" decoding=\"async\" width=\"150\" height=\"150\" src=\"https:\/\/www.radiopiu.net\/wordpress\/wp-content\/uploads\/2024\/04\/437146738_2577149032445332_1917642300626249383_n-150x150.jpg\" class=\"attachment-thumbnail size-thumbnail\" alt=\"\" aria-describedby=\"gallery-5-387164\" \/><\/a>\n\t\t\t\t<\/dt>\n\t\t\t\t\t<dd class='wp-caption-text gallery-caption' id='gallery-5-387164'>\n\t\t\t\t\tDA VENERDI 3 MAGGIO VIA AL MAGGIO AGORDINO CON I PERITI MINERARI\n\t\t\t\t\t<\/dd><\/dl><dl class='gallery-item'>\n\t\t\t\t<dt class='gallery-icon portrait'>\n\t\t\t\t\t<a class=\"rollover rollover-zoom dt-pswp-item\" title=\"6badf9cc-acc8-4d12-a4f1-ee6f808c9e5e\" data-dt-img-description=\"\" data-large_image_width=\"1131\" data-large_image_height=\"1600\"href='https:\/\/www.radiopiu.net\/wordpress\/wp-content\/uploads\/2024\/04\/6badf9cc-acc8-4d12-a4f1-ee6f808c9e5e.jpg'><img loading=\"lazy\" decoding=\"async\" width=\"150\" height=\"150\" src=\"https:\/\/www.radiopiu.net\/wordpress\/wp-content\/uploads\/2024\/04\/6badf9cc-acc8-4d12-a4f1-ee6f808c9e5e-150x150.jpg\" class=\"attachment-thumbnail size-thumbnail\" alt=\"\" aria-describedby=\"gallery-5-387233\" \/><\/a>\n\t\t\t\t<\/dt>\n\t\t\t\t\t<dd class='wp-caption-text gallery-caption' id='gallery-5-387233'>\n\t\t\t\t\tLA FESTA CON IL DISTRETTO VENATORIO AGORDINO A SAN TOMASO\n\t\t\t\t\t<\/dd><\/dl><br style=\"clear: both\" \/>\n\t\t\t<\/div>\n\n<\/div>\n<\/div>\n<\/div>\n<\/div>\n<\/div>\n<p>&nbsp;<\/p>\n<h2><\/h2>\n<p><strong>AGORDO<\/strong> Domenica escursione al Monte Cimone di Tonezza con il Cai di Agordo. Iscrizioni e informazioni 380 6983040 entro domani.<\/p>\n<p><strong>AGORDO<\/strong> MAGGIO AGORDINO, CONOSCERE IL TERRITORIO, CON L&#8217;ASSOCIAZIONE PERITI MINERARI DI AGORDO QUATTRO APPUNTAMENTI, PER QUATTRO VENERDI ALLE 20.30 IN SALA DON TAMIS, AD AGORDO, CON INGRESSO LIBERO A TUTTI DOMANI GEOLOGIA DELLE DOLOMITI,&#8221;MONTAGNE PIU&#8217; MERAVIGLIOSE DELLA TERRA&#8221; professor Danilo Giordano VENERDI 10 MAGGIO UNA SERATA TRA I BOSCHI CHE CAMBIANO, I BOSCHI DELLE DOLOMITI professor Luca Canzan VENERDI 17 MAGGIO LA METEOLOROGIA ALPINA, UN UNIVERSO SFACETTATO QUANTO LA MONTAGNA STESSA con il dottor Robert Thierry Luciani VENERDI 24 MAGGIO ENERGIA E AMBIENTE DI MONTAGNA con l&#8217;ingegner Adriano Luchetta MAGGIO AGORDINO&#8230; CON L&#8217;APIM, I VENERDI DI SERA IN SALA DON TAMIS<\/p>\n<p><strong>BELLUNO<\/strong> Venerd\u00ec alle 18 in sala &#8220;Bianchi&#8221; a Belluno, si terr\u00e0 la presentazione del libro &#8220;Radiosa Aurora&#8221; di Adriana Lotto, Mirco Melanco e Romina Zanon Mario Bernardo. Il libro celebra una vita dedicata al cinema e alla fotografia. L&#8217;evento \u00e8 promosso da Isbrec, il Comune di Belluno e l&#8217;Universit\u00e0 di Padova.<\/p>\n<p><strong>SAN TOMASO<\/strong> \u00a0Il distretto venatorio agordino ti invita domenica 5 maggio dalle 9 a sera, all&#8217;Arena 1082 di San Tomaso Agordino, per la festa del cacciatore agordino. Alle 9 la messa accompagnata dai suonatori di corno da caccia, alle 10 l&#8217;incontro con la popolazione, premiazioni dei soci anziani e dei migliori trofei d&#8217;annata. ALLE 11 Esibizione folk con i Bati Orz de San Tomas. Dalle 12 cucina tipica con prodotti di selvaggina, complesso folk-tirol Spritz Band&#8230;ed estrazione biglietti della lotteria. Servizio bar e ristoro, nell&#8217;Arena diorama della fauna e ambiente alpino, attrezzatura venatoria prodotti d&#8217;artigianato e rassegna di pittori.<\/p>\n<p><strong>BELLUNO<\/strong> Domenica 5 maggio si svolger\u00e0 il Trofeo del Donatore 2024 con partenza presso il campo sportivo di Tisoi &#8220;Giuseppe Viel&#8221;. Sono previsti due percorsi: uno lungo di 10 km al costo di 10\u20ac e uno corto di 4 km a 5\u20ac. Saranno premiati i primi 5 classificati maschili e femminili del percorso lungo, il primo donatore e la prima donatrice. Per il percorso corto, ci saranno premi per fasce di et\u00e0 fino a 15 anni e per i primi due gruppi pi\u00f9 numerosi. Tutti i partecipanti riceveranno gadget. Le preiscrizioni sono disponibili su <a href=\"https:\/\/www.eventbrite.it\/e\/873628084117?aff=oddtdtcreator\"><span style=\"color: #3366ff;\">Eventbrite<\/span><\/a>. Le gare inizieranno alle ore 9.45 e ci saranno spogliatoi presso il campo sportivo. Dopo le gare, ci sar\u00e0 il Pranzo del Donatore a partire dalle 12.00 con schiz, pasta, salsiccia, formaggio alla piastra, contorni e allegria.<\/p>\n<p>&nbsp;<\/p>\n<h2><\/h2>\n<p>&nbsp;<\/p>\n<p>&nbsp;<\/p>\n<hr \/>\n<p>&nbsp;<\/p>\n<p><a class=\"dt-pswp-item\" href=\"https:\/\/www.radiopiu.net\/wordpress\/wp-content\/uploads\/2018\/09\/viabilita.jpeg\" data-dt-img-description=\"\" data-large_image_width=\"800\" data-large_image_height=\"100\"><img loading=\"lazy\" decoding=\"async\" class=\"aligncenter wp-image-61954 size-full\" src=\"https:\/\/www.radiopiu.net\/wordpress\/wp-content\/uploads\/2018\/09\/viabilita.jpeg\" alt=\"\" width=\"800\" height=\"100\" srcset=\"https:\/\/www.radiopiu.net\/wordpress\/wp-content\/uploads\/2018\/09\/viabilita.jpeg 800w, https:\/\/www.radiopiu.net\/wordpress\/wp-content\/uploads\/2018\/09\/viabilita-300x38.jpeg 300w, https:\/\/www.radiopiu.net\/wordpress\/wp-content\/uploads\/2018\/09\/viabilita-768x96.jpeg 768w\" sizes=\"auto, (max-width: 800px) 100vw, 800px\" \/><\/a><\/p>\n<p>&nbsp;<\/p>\n<p><a class=\"dt-pswp-item\" href=\"https:\/\/www.radiopiu.net\/wordpress\/wp-content\/uploads\/2023\/12\/botol-car-service.jpg\" data-dt-img-description=\"\" data-large_image_width=\"600\" data-large_image_height=\"600\"><img loading=\"lazy\" decoding=\"async\" class=\"size-medium wp-image-367044 aligncenter\" src=\"https:\/\/www.radiopiu.net\/wordpress\/wp-content\/uploads\/2023\/12\/botol-car-service-300x300.jpg\" alt=\"\" width=\"300\" height=\"300\" srcset=\"https:\/\/www.radiopiu.net\/wordpress\/wp-content\/uploads\/2023\/12\/botol-car-service-300x300.jpg 300w, https:\/\/www.radiopiu.net\/wordpress\/wp-content\/uploads\/2023\/12\/botol-car-service-150x150.jpg 150w, https:\/\/www.radiopiu.net\/wordpress\/wp-content\/uploads\/2023\/12\/botol-car-service.jpg 600w\" sizes=\"auto, (max-width: 300px) 100vw, 300px\" \/><\/a><\/p>\n<p>&nbsp;<\/p>\n<p>&nbsp;<\/p>\n<h1>BOLLETTINO QUOTIDIANO, CLICCA QUI<\/h1>\n<blockquote class=\"wp-embedded-content\" data-secret=\"MT01P0ewEQ\"><p><a href=\"https:\/\/www.radiopiu.net\/wordpress\/viabilita\/\">viabilita<\/a><\/p><\/blockquote>\n<p><iframe loading=\"lazy\" class=\"wp-embedded-content\" sandbox=\"allow-scripts\" security=\"restricted\" style=\"position: absolute; clip: rect(1px, 1px, 1px, 1px);\" title=\"&#8220;viabilita&#8221; &#8212; Radio Pi\u00f9\" src=\"https:\/\/www.radiopiu.net\/wordpress\/viabilita\/embed\/#?secret=XaSkg9SyBT#?secret=MT01P0ewEQ\" data-secret=\"MT01P0ewEQ\" width=\"600\" height=\"338\" frameborder=\"0\" marginwidth=\"0\" marginheight=\"0\" scrolling=\"no\"><\/iframe><\/p>\n<p>&nbsp;<\/p>\n<p>&nbsp;<\/p>\n<p>&nbsp;<\/p>\n<hr \/>\n<p>&nbsp;<\/p>\n<p><a class=\"dt-pswp-item\" href=\"https:\/\/www.radiopiu.net\/wordpress\/wp-content\/uploads\/2018\/09\/WhatsApp-Image-2018-09-20-at-16.04.06.jpeg\" data-dt-img-description=\"\" data-large_image_width=\"800\" data-large_image_height=\"100\"><img loading=\"lazy\" decoding=\"async\" class=\"wp-image-61378 size-full aligncenter\" src=\"https:\/\/www.radiopiu.net\/wordpress\/wp-content\/uploads\/2018\/09\/WhatsApp-Image-2018-09-20-at-16.04.06.jpeg\" alt=\"\" width=\"800\" height=\"100\" srcset=\"https:\/\/www.radiopiu.net\/wordpress\/wp-content\/uploads\/2018\/09\/WhatsApp-Image-2018-09-20-at-16.04.06.jpeg 800w, https:\/\/www.radiopiu.net\/wordpress\/wp-content\/uploads\/2018\/09\/WhatsApp-Image-2018-09-20-at-16.04.06-300x38.jpeg 300w, https:\/\/www.radiopiu.net\/wordpress\/wp-content\/uploads\/2018\/09\/WhatsApp-Image-2018-09-20-at-16.04.06-768x96.jpeg 768w\" sizes=\"auto, (max-width: 800px) 100vw, 800px\" \/><\/a><\/p>\n<p><center><\/center><center><\/center><center><\/center><center><\/center><center><\/center><center><\/center>&nbsp;<\/p>\n<p><center><\/center><center><\/center><center><\/center><center><b>OGGI<\/b><\/center>Cielo in prevalenza molto nuvoloso o coperto, salvo qualche possibile parziale schiarita pi\u00f9 che altro di sera.<br \/>\n<b>Precipitazioni: <\/b>Fenomeni abbastanza diffusi a parte un probabile diradamento serale, sulle zone prealpine pi\u00f9 insistenti e un po&#8217; pi\u00f9 significativi con qualche possibile rovescio<br \/>\n<b>Temperature: <\/b>In diminuzione, salvo qualche contenuta controtendenza delle minime in quota<\/p>\n<hr \/>\n<p><center><b>DOMANI<\/b><\/center>Cielo in prevalenza molto nuvoloso o coperto, salvo alcune temporanee schiarite.<br \/>\n<b>Precipitazioni: <\/b>Dopo un significativo diradamento nelle prime ore, fenomeni perlopi\u00f9 modesti e sparsi salvo fasi di maggior diffusione nonch\u00e8 alcuni rovesci od occasionali temporali, specie nel pomeriggio sulle Dolomiti e di sera sulle Prealpi<br \/>\n<b>Temperature: <\/b>Minime in contenuta diminuzione; massime un po&#8217; in calo ad alta quota, senza notevoli variazioni altrove<\/p>\n<hr \/>\n<p><center><b>SABATO<\/b><\/center>Cielo da coperto a molto nuvoloso, con alcune schiarite a fine giornata; precipitazioni da diffuse a sparse, anche a carattere di rovescio, in progressiva cessazione dal tardo pomeriggio, temperature in aumento, salvo qualche contenuta controtendenza pi\u00f9 che altro riguardo alle minime in quota.<\/p>\n<hr \/>\n<p><center><b>DOMENICA<\/b><\/center>Tempo variabile, con nubi pi\u00f9 presenti fino a met\u00e0 giornata e spazi di sereno probabilmente pi\u00f9 significativi di sera; precipitazioni generalmente assenti; contenute variazioni di carattere locale riguardo alle temperature minime, con prevalenza delle diminuzioni; temperature massime in aumento.<\/p>\n<p>&nbsp;<\/p>\n<hr \/>\n<p>&nbsp;<\/p>\n<p><img loading=\"lazy\" decoding=\"async\" class=\"wp-image-60761 size-full aligncenter\" src=\"https:\/\/www.radiopiu.net\/wordpress\/wp-content\/uploads\/2018\/09\/sport.jpg\" alt=\"\" width=\"800\" height=\"100\" srcset=\"https:\/\/www.radiopiu.net\/wordpress\/wp-content\/uploads\/2018\/09\/sport.jpg 800w, https:\/\/www.radiopiu.net\/wordpress\/wp-content\/uploads\/2018\/09\/sport-300x38.jpg 300w, https:\/\/www.radiopiu.net\/wordpress\/wp-content\/uploads\/2018\/09\/sport-768x96.jpg 768w\" sizes=\"auto, (max-width: 800px) 100vw, 800px\" \/><\/p>\n<p>&nbsp;<\/p>\n<p>&nbsp;<\/p>\n<p><span style=\"color: #0000ff;\"><strong>KARATE<\/strong><\/span><\/p>\n<blockquote>\n<h3><a class=\"dt-pswp-item\" href=\"https:\/\/www.radiopiu.net\/wordpress\/wp-content\/uploads\/2024\/05\/tsks2.jpg\" data-dt-img-description=\"\" data-large_image_width=\"768\" data-large_image_height=\"429\"><img loading=\"lazy\" decoding=\"async\" class=\" wp-image-388068 alignleft\" src=\"https:\/\/www.radiopiu.net\/wordpress\/wp-content\/uploads\/2024\/05\/tsks2-300x168.jpg\" alt=\"\" width=\"280\" height=\"157\" srcset=\"https:\/\/www.radiopiu.net\/wordpress\/wp-content\/uploads\/2024\/05\/tsks2-300x168.jpg 300w, https:\/\/www.radiopiu.net\/wordpress\/wp-content\/uploads\/2024\/05\/tsks2.jpg 768w\" sizes=\"auto, (max-width: 280px) 100vw, 280px\" \/><\/a>Successo del Tsks Belluno al Memorial \u00abSilvano Fontana\u00bb di Montebelluna<\/h3>\n<\/blockquote>\n<p>Il Tsks Belluno ottiene un notevole successo al Memorial \u00abSilvano Fontana\u00bb di Montebelluna, con un totale di 14 medaglie conquistate tra cui 9 ori, 4 argenti e 1 bronzo. L&#8217;evento, organizzato dal maestro Luigi Nardellotto e dalla sua associazione sportiva, ha visto la partecipazione di oltre 300 concorrenti. Il maestro Roberto Bacchilega si dichiara soddisfatto per il livello dimostrato dai ragazzi e l&#8217;ottima organizzazione dell&#8217;evento, sottolineando l&#8217;importanza dell&#8217;allenamento in vista degli appuntamenti futuri.<\/p>\n<p>&nbsp;<\/p>\n<div class=\"flex-1 overflow-hidden\">\n<div class=\"react-scroll-to-bottom--css-lyxch-79elbk h-full\">\n<div class=\"react-scroll-to-bottom--css-lyxch-1n7m0yu\">\n<div class=\"flex flex-col text-sm pb-9\">\n<div class=\"w-full text-token-text-primary\" dir=\"auto\" data-testid=\"conversation-turn-27\" data-scroll-anchor=\"true\">\n<div class=\"px-4 py-2 justify-center text-base md:gap-6 m-auto\">\n<div class=\"flex flex-1 text-base mx-auto gap-3 juice:gap-4 juice:md:gap-6 md:px-5 lg:px-1 xl:px-5 md:max-w-3xl lg:max-w-[40rem] xl:max-w-[48rem]\">\n<div class=\"relative flex w-full min-w-0 flex-col agent-turn\">\n<div class=\"flex-col gap-1 md:gap-3\">\n<div class=\"mt-1 flex gap-3 empty:hidden\">\n<div class=\"text-gray-400 flex self-end lg:self-center items-center justify-center lg:justify-start mt-0 -ml-1 h-7 gap-[2px] visible\">\n<div class=\"flex\"><\/div>\n<\/div>\n<\/div>\n<\/div>\n<\/div>\n<\/div>\n<\/div>\n<\/div>\n<\/div>\n<\/div>\n<\/div>\n<\/div>\n<p><span style=\"color: #0000ff;\"><strong>MOTORI<\/strong><\/span><\/p>\n<blockquote>\n<h3><a class=\"dt-pswp-item\" href=\"https:\/\/www.radiopiu.net\/wordpress\/wp-content\/uploads\/2023\/11\/denis_01.jpg\" data-dt-img-description=\"DENIS MEZZACASA\" data-large_image_width=\"960\" data-large_image_height=\"960\"><img loading=\"lazy\" decoding=\"async\" class=\"alignleft wp-image-363155 \" src=\"https:\/\/www.radiopiu.net\/wordpress\/wp-content\/uploads\/2023\/11\/denis_01-300x300.jpg\" alt=\"\" width=\"126\" height=\"126\" srcset=\"https:\/\/www.radiopiu.net\/wordpress\/wp-content\/uploads\/2023\/11\/denis_01-300x300.jpg 300w, https:\/\/www.radiopiu.net\/wordpress\/wp-content\/uploads\/2023\/11\/denis_01-150x150.jpg 150w, https:\/\/www.radiopiu.net\/wordpress\/wp-content\/uploads\/2023\/11\/denis_01-768x768.jpg 768w, https:\/\/www.radiopiu.net\/wordpress\/wp-content\/uploads\/2023\/11\/denis_01.jpg 960w\" sizes=\"auto, (max-width: 126px) 100vw, 126px\" \/><\/a>OTTIMA PROVA DI DENIS MEZZACASA IN AUSTRIA<\/h3>\n<\/blockquote>\n<p><strong>DI ROBERTO BONA<\/strong><\/p>\n<audio class=\"wp-audio-shortcode\" id=\"audio-387814-21\" preload=\"none\" style=\"width: 100%;\" controls=\"controls\"><source type=\"audio\/mpeg\" src=\"https:\/\/www.radiopiu.net\/wordpress\/wp-content\/uploads\/2024\/04\/BONA-DENIS-MEZZACASA-RED-BULL-RING.mp3?_=21\" \/><a href=\"https:\/\/www.radiopiu.net\/wordpress\/wp-content\/uploads\/2024\/04\/BONA-DENIS-MEZZACASA-RED-BULL-RING.mp3\">https:\/\/www.radiopiu.net\/wordpress\/wp-content\/uploads\/2024\/04\/BONA-DENIS-MEZZACASA-RED-BULL-RING.mp3<\/a><\/audio>\n<p>&nbsp;<\/p>\n<p>&nbsp;<\/p>\n<p><span style=\"color: #0000ff;\"><strong>PALLAVOLO<\/strong><\/span><\/p>\n<blockquote>\n<h2><b>Il Belluno Volley allunga la serie: tutto si decider\u00e0 a Fano\u00a0<\/b><\/h2>\n<\/blockquote>\n<p><b>BELLUNO VOLLEY-SMARTSYSTEM FANO 3-1<\/b><\/p>\n<p><b>PARZIALI: <\/b>23-25, 25-16, 25-22, 25-18.<span class=\"gmail-Apple-converted-space\">\u00a0<\/span><\/p>\n<p><b><a class=\"dt-pswp-item\" href=\"https:\/\/www.radiopiu.net\/wordpress\/wp-content\/uploads\/2024\/05\/Belluno_Volley_supera_Fano_in_4_set.jpg\" data-dt-img-description=\"\" data-large_image_width=\"1440\" data-large_image_height=\"960\"><img loading=\"lazy\" decoding=\"async\" class=\"size-medium wp-image-388059 alignleft\" src=\"https:\/\/www.radiopiu.net\/wordpress\/wp-content\/uploads\/2024\/05\/Belluno_Volley_supera_Fano_in_4_set-300x200.jpg\" alt=\"\" width=\"300\" height=\"200\" srcset=\"https:\/\/www.radiopiu.net\/wordpress\/wp-content\/uploads\/2024\/05\/Belluno_Volley_supera_Fano_in_4_set-300x200.jpg 300w, https:\/\/www.radiopiu.net\/wordpress\/wp-content\/uploads\/2024\/05\/Belluno_Volley_supera_Fano_in_4_set-1024x683.jpg 1024w, https:\/\/www.radiopiu.net\/wordpress\/wp-content\/uploads\/2024\/05\/Belluno_Volley_supera_Fano_in_4_set-768x512.jpg 768w, https:\/\/www.radiopiu.net\/wordpress\/wp-content\/uploads\/2024\/05\/Belluno_Volley_supera_Fano_in_4_set.jpg 1440w\" sizes=\"auto, (max-width: 300px) 100vw, 300px\" \/><\/a>BELLUNO VOLLEY<\/b>: Ferrato 2, Bisi 12, Schiro 17, Bucko 10, Mozzato 3, Antonaci 9; G. Martinez (L), Reyes, I. Martinez, Stufano 2. N.e. Orto, Guolla, De Col, Fraccaro (L). Allenatore: G. Colussi.<\/p>\n<p><b>SMARTSYSTEM FANO:<\/b> Dimitrov 13, Roberti 11, Galdenzi 5, Merlo 14, Partenio, Maletto 2; Raffa (L), Mazzon 1, Margutti 2, Focosi 2. N.e. Magnanelli. Allenatore: V. Mastrangelo.<span class=\"gmail-Apple-converted-space\"> \u00a0<\/span><\/p>\n<p>Il <b>Belluno Volley<\/b> rimane aggrappato alla serie di semifinale e supera la <b>Smartsystem Fano<\/b>, in un secondo atto radicalmente diverso rispetto al primo. Spinti da un pubblico encomiabile, i rinoceronti alzano il livello in termini di intensit\u00e0 e qualit\u00e0 in ogni fondamentale. E, nonostante la falsa partenza, mettono all\u2019angolo una signora squadra come la Virtus. E trovano le energie fisiche e mentali per rimettere tutto in discussione e proiettarsi verso gara 3: la \u201cbella\u201d, che metter\u00e0 in palio la finalissima dei playoff di A3 contro il Personal Time San Don\u00e0.<span class=\"gmail-Apple-converted-space\"> \u00a0<\/span><\/p>\n<p>&nbsp;<\/p>\n<hr \/>\n<p>&nbsp;<\/p>\n<h2><span style=\"color: #993300;\">GOODBYE BY BICICLE&#8230;UN VIAGGIO DALL&#8217;INDIA A SEREN DEL GRAPPA IN BICICLETTA<\/span><\/h2>\n<p><span style=\"color: #ff0000;\"><strong>PUNTATA 11 &#8211; NUOVE SCUOLA E CITTA&#8217; VISITATE. INTANTO SI PENSA AL RIENTRO IN ITALIA<\/strong><\/span><\/p>\n<audio class=\"wp-audio-shortcode\" id=\"audio-387814-22\" preload=\"none\" style=\"width: 100%;\" controls=\"controls\"><source type=\"audio\/mpeg\" src=\"https:\/\/www.radiopiu.net\/wordpress\/wp-content\/uploads\/2024\/04\/AIRE-INDIA-PUNTATA-11.mp3?_=22\" \/><a href=\"https:\/\/www.radiopiu.net\/wordpress\/wp-content\/uploads\/2024\/04\/AIRE-INDIA-PUNTATA-11.mp3\">https:\/\/www.radiopiu.net\/wordpress\/wp-content\/uploads\/2024\/04\/AIRE-INDIA-PUNTATA-11.mp3<\/a><\/audio>\n<p>&nbsp;<\/p>\n<p><strong>PER VISITARE I SITI DEI LUOGHI VISITATI, CLICCA SULLE SEGUENTI SCRITTE:\u00a0 <a href=\"https:\/\/maps.app.goo.gl\/ER7aKRRobXQKuFEJ6\"><span style=\"color: #3366ff;\">Kishan Bagh Sand Dunes Jaipur<\/span><\/a><\/strong><\/p>\n<p>&nbsp;<\/p>\n\n\t\t\t<style type='text\/css'>\n\t\t\t\t#gallery-6 {\n\t\t\t\t\tmargin: auto;\n\t\t\t\t}\n\t\t\t\t#gallery-6 .gallery-item {\n\t\t\t\t\tfloat: left;\n\t\t\t\t\tmargin-top: 10px;\n\t\t\t\t\ttext-align: center;\n\t\t\t\t\twidth: 20%;\n\t\t\t\t}\n\t\t\t\t#gallery-6 img {\n\t\t\t\t\tborder: 2px solid #cfcfcf;\n\t\t\t\t}\n\t\t\t\t#gallery-6 .gallery-caption {\n\t\t\t\t\tmargin-left: 0;\n\t\t\t\t}\n\t\t\t\t\/* see gallery_shortcode() in wp-includes\/media.php *\/\n\t\t\t<\/style>\n\t\t<div id='gallery-6' class='dt-gallery-container gallery galleryid-387814 gallery-columns-5 gallery-size-thumbnail'><dl class='gallery-item'>\n\t\t\t\t<dt class='gallery-icon landscape'>\n\t\t\t\t\t<a class=\"rollover rollover-zoom dt-pswp-item\" title=\"ac2da539-2484-499a-851a-df679cde1652\" data-dt-img-description=\"\" data-large_image_width=\"1600\" data-large_image_height=\"720\"href='https:\/\/www.radiopiu.net\/wordpress\/wp-content\/uploads\/2024\/04\/ac2da539-2484-499a-851a-df679cde1652.jpg'><img loading=\"lazy\" decoding=\"async\" width=\"150\" height=\"150\" src=\"https:\/\/www.radiopiu.net\/wordpress\/wp-content\/uploads\/2024\/04\/ac2da539-2484-499a-851a-df679cde1652-150x150.jpg\" class=\"attachment-thumbnail size-thumbnail\" alt=\"\" \/><\/a>\n\t\t\t\t<\/dt><\/dl><dl class='gallery-item'>\n\t\t\t\t<dt class='gallery-icon landscape'>\n\t\t\t\t\t<a class=\"rollover rollover-zoom dt-pswp-item\" title=\"49d152e1-64f8-4185-b03e-faab25849814\" data-dt-img-description=\"\" data-large_image_width=\"1600\" data-large_image_height=\"1200\"href='https:\/\/www.radiopiu.net\/wordpress\/wp-content\/uploads\/2024\/04\/49d152e1-64f8-4185-b03e-faab25849814.jpg'><img loading=\"lazy\" decoding=\"async\" width=\"150\" height=\"150\" src=\"https:\/\/www.radiopiu.net\/wordpress\/wp-content\/uploads\/2024\/04\/49d152e1-64f8-4185-b03e-faab25849814-150x150.jpg\" class=\"attachment-thumbnail size-thumbnail\" alt=\"\" \/><\/a>\n\t\t\t\t<\/dt><\/dl><dl class='gallery-item'>\n\t\t\t\t<dt class='gallery-icon landscape'>\n\t\t\t\t\t<a class=\"rollover rollover-zoom dt-pswp-item\" title=\"e605888f-556c-4450-981f-cbcfe50a598f\" data-dt-img-description=\"\" data-large_image_width=\"1600\" data-large_image_height=\"1200\"href='https:\/\/www.radiopiu.net\/wordpress\/wp-content\/uploads\/2024\/04\/e605888f-556c-4450-981f-cbcfe50a598f.jpg'><img loading=\"lazy\" decoding=\"async\" width=\"150\" height=\"150\" src=\"https:\/\/www.radiopiu.net\/wordpress\/wp-content\/uploads\/2024\/04\/e605888f-556c-4450-981f-cbcfe50a598f-150x150.jpg\" class=\"attachment-thumbnail size-thumbnail\" alt=\"\" \/><\/a>\n\t\t\t\t<\/dt><\/dl><dl class='gallery-item'>\n\t\t\t\t<dt class='gallery-icon portrait'>\n\t\t\t\t\t<a class=\"rollover rollover-zoom dt-pswp-item\" title=\"78865afc-df05-4f89-8db5-0b1dee6a06c2\" data-dt-img-description=\"\" data-large_image_width=\"1200\" data-large_image_height=\"1600\"href='https:\/\/www.radiopiu.net\/wordpress\/wp-content\/uploads\/2024\/04\/78865afc-df05-4f89-8db5-0b1dee6a06c2.jpg'><img loading=\"lazy\" decoding=\"async\" width=\"150\" height=\"150\" src=\"https:\/\/www.radiopiu.net\/wordpress\/wp-content\/uploads\/2024\/04\/78865afc-df05-4f89-8db5-0b1dee6a06c2-150x150.jpg\" class=\"attachment-thumbnail size-thumbnail\" alt=\"\" \/><\/a>\n\t\t\t\t<\/dt><\/dl><dl class='gallery-item'>\n\t\t\t\t<dt class='gallery-icon portrait'>\n\t\t\t\t\t<a class=\"rollover rollover-zoom dt-pswp-item\" title=\"dee0e315-865e-403c-ac35-f0a495bceac3\" data-dt-img-description=\"\" data-large_image_width=\"964\" data-large_image_height=\"1280\"href='https:\/\/www.radiopiu.net\/wordpress\/wp-content\/uploads\/2024\/04\/dee0e315-865e-403c-ac35-f0a495bceac3.jpg'><img loading=\"lazy\" decoding=\"async\" width=\"150\" height=\"150\" src=\"https:\/\/www.radiopiu.net\/wordpress\/wp-content\/uploads\/2024\/04\/dee0e315-865e-403c-ac35-f0a495bceac3-150x150.jpg\" class=\"attachment-thumbnail size-thumbnail\" alt=\"\" \/><\/a>\n\t\t\t\t<\/dt><\/dl><br style=\"clear: both\" \/>\n\t\t\t<\/div>\n\n<p>&nbsp;<\/p>\n<h2>LA RACCOLTA COMPLETA <a href=\"https:\/\/www.radiopiu.net\/wordpress\/goodbye-by-bicicle-un-viaggio-dallindia-a-seren-del-grappa-in-bicicletta-11\/\"><span style=\"color: #3366ff;\">CLICCA QUI<\/span><\/a><\/h2>\n<p>&nbsp;<\/p>\n<p>&nbsp;<\/p>\n","protected":false},"excerpt":{"rendered":"<p>****** &nbsp; PER RICEVERE QUESTO NOTIZIARIO DIRETTAMENTE SUL TUO CELLULARE ISCRIVITI AL CANALE TELEGRAM \u201cRADIO PIU\u00a0 INFORMAZIONE&#8221;\u00a0 \u00a0il CANALE TELEGRAM&#8230; UNISCITI A: RADIO PIU INFORMAZIONE &nbsp; &nbsp; ATTENZIONE: LA NUOVA APP PER IOS-IPHONE di Nicola Vettorello https:\/\/apps.apple.com\/it\/app\/radio-pi%C3%B9-emittente-agordina\/id1515939845 ATTENZIONE: LA NUOVA APP RADIO\u00a0 PER ANDROID di Nicola Vettorello https:\/\/play.google.com\/store\/apps\/details?id=net.radiopiu.iniko\u00a0\u00a0 RIAPERTA:\u00a0 e in coro sui social&#8230;era ora!&hellip;<\/p>\n","protected":false},"author":4,"featured_media":387929,"comment_status":"closed","ping_status":"closed","sticky":false,"template":"","format":"standard","meta":{"_monsterinsights_skip_tracking":false,"_monsterinsights_sitenote_active":false,"_monsterinsights_sitenote_note":"","_monsterinsights_sitenote_category":0,"footnotes":""},"categories":[51,86,49],"tags":[],"class_list":["post-387814","post","type-post","status-publish","format-standard","has-post-thumbnail","hentry","category-evidenza-top","category-gr","category-news-18","category-51","category-86","category-49","description-off"],"img_url":"https:\/\/www.radiopiu.net\/wordpress\/wp-content\/uploads\/2024\/04\/f8cd03e3-e36b-443a-8f21-dfd97e62048c.jpg","_links":{"self":[{"href":"https:\/\/www.radiopiu.net\/wordpress\/wp-json\/wp\/v2\/posts\/387814","targetHints":{"allow":["GET"]}}],"collection":[{"href":"https:\/\/www.radiopiu.net\/wordpress\/wp-json\/wp\/v2\/posts"}],"about":[{"href":"https:\/\/www.radiopiu.net\/wordpress\/wp-json\/wp\/v2\/types\/post"}],"author":[{"embeddable":true,"href":"https:\/\/www.radiopiu.net\/wordpress\/wp-json\/wp\/v2\/users\/4"}],"replies":[{"embeddable":true,"href":"https:\/\/www.radiopiu.net\/wordpress\/wp-json\/wp\/v2\/comments?post=387814"}],"version-history":[{"count":0,"href":"https:\/\/www.radiopiu.net\/wordpress\/wp-json\/wp\/v2\/posts\/387814\/revisions"}],"wp:featuredmedia":[{"embeddable":true,"href":"https:\/\/www.radiopiu.net\/wordpress\/wp-json\/wp\/v2\/media\/387929"}],"wp:attachment":[{"href":"https:\/\/www.radiopiu.net\/wordpress\/wp-json\/wp\/v2\/media?parent=387814"}],"wp:term":[{"taxonomy":"category","embeddable":true,"href":"https:\/\/www.radiopiu.net\/wordpress\/wp-json\/wp\/v2\/categories?post=387814"},{"taxonomy":"post_tag","embeddable":true,"href":"https:\/\/www.radiopiu.net\/wordpress\/wp-json\/wp\/v2\/tags?post=387814"}],"curies":[{"name":"wp","href":"https:\/\/api.w.org\/{rel}","templated":true}]}}