{"id":387893,"date":"2024-04-30T12:37:32","date_gmt":"2024-04-30T10:37:32","guid":{"rendered":"https:\/\/www.radiopiu.net\/wordpress\/?p=387893"},"modified":"2024-04-30T12:37:32","modified_gmt":"2024-04-30T10:37:32","slug":"1-maggio-questanno-festeggiano-22mila-veneti-in-piu","status":"publish","type":"post","link":"https:\/\/www.radiopiu.net\/wordpress\/1-maggio-questanno-festeggiano-22mila-veneti-in-piu\/","title":{"rendered":"1\u00b0 MAGGIO: QUEST\u2019ANNO FESTEGGIANO  22MILA VENETI IN PIU\u2019"},"content":{"rendered":"<p>Rispetto al dato medio 2023, quest\u2019anno si stima che il numero medio degli occupati in Veneto crescer\u00e0 di 22mila unit\u00e0; pertanto, possiamo ipotizzare che domani festeggeranno il 1\u00b0 maggio 22mila lavoratori in pi\u00f9 rispetto l\u2019anno scorso. L\u2019Ufficio studi della CGIA ricorda, infatti, che nel 2023 la media degli occupati presenti in Veneto era di 2.226.000 unit\u00e0, quest\u2019anno, invece, la stessa dovrebbe toccare quota 2.248.000.<\/p>\n<p><strong>Ottima la qualit\u00e0 del lavoro in Veneto<\/strong><br \/>\nIn vista di domani, 1\u00b0 maggio, la CGIA ha voluto misurare la qualit\u00e0 del mercato del lavoro presente nel Veneto, arrivando alla conclusione che, in Italia, solo la Lombardia e la Provincia Autonoma di Bolzano presentano un risultato medio migliore del nostro (vedi Graf. 1). Lo score di questa analisi \u00e8 stato ottenuto mettendo a confronto 8 indicatori, prevalentemente di natura qualitativa, che sono stati \u201crecuperati\u201d dal rapporto BES (Benessere Equo Sostenibile), presentato una decina di giorni fa dall\u2019Istat1.<\/p>\n<p><strong>Rispetto al pre-Covid abbiamo 72mila occupati in pi\u00f9<\/strong><br \/>\nPrima di analizzare i dati della ricerca della CGIA, in questo report gli artigiani mestrini hanno illustrato l\u2019andamento degli occupati avvenuto in Veneto in questi ultimi anni. La variazione emersa \u00e8 molto positiva. Rispetto al 2019 (anno pre-pandemico), l\u2019anno scorso gli addetti nella nostra regione erano 72mila in pi\u00f9 (+3,3 per cento), mentre nell\u2019ultimo anno l\u2019incremento \u00e8 stato addirittura di 80mila unit\u00e0 (+3,7 per cento). A fronte di questi risultati, nel 2023 la platea complessiva degli occupati presente in Veneto \u00e8 stata pari a 2.226.000 unit\u00e0 (vedi Tab. 1).<\/p>\n<p><strong>Padova e Treviso guidano la crescita occupazionale<\/strong><br \/>\nA livello provinciale gli aumenti dei posti di lavoro hanno interessato, in particolare, Padova e Treviso. Nel capoluogo del Santo, ad esempio, rispetto al 2019 l\u2019incremento occupazionale \u00e8 stato di 26.200 unit\u00e0 (+6,4 per cento), mentre nella Marca la platea \u00e8 aumentata di 21.000 unit\u00e0 (+5,5 per cento). In questi ultimi 4 anni solo Rovigo e Belluno hanno registrato degli score anticipati dal segno meno. Nell\u2019ultimo anno2, invece, tutte e 7 le province venete hanno visto aumentare il numero degli occupati: con punte del +6,2 per cento a Treviso (in termini assoluti +23.400) e del + 5,7 per cento a Padova (+23.500) (vedi Tab. 2).<\/p>\n<p><strong>Veneto: al top per qualit\u00e0 del posto di lavoro<\/strong><br \/>\nCome dicevamo pi\u00f9 sopra, analizzando i risultati che emergono dalla lettura degli 8 indicatori sulla qualit\u00e0 del lavoro presenti nelle 21 regioni d\u2019Italia, il Veneto si posiziona sul gradino pi\u00f9 basso del podio: meglio di noi solo la Lombardia e la Provincia Autonoma di Bolzano. Gli indicatori presi in esame sono stati i seguenti:<\/p>\n<p>1 \u2013 dipendenti con paga bassa;<br \/>\n2 \u2013 occupati sovraistruiti;<br \/>\n3 \u2013 occupati con lavori a termine da almeno 5 anni;<br \/>\n4 \u2013 tassi di infortuni mortali e inabilit\u00e0 permanente;<br \/>\n5 \u2013 occupati non regolari;<br \/>\n6 \u2013 soddisfazione per il lavoro svolto;<br \/>\n7 \u2013 percezione di insicurezza dell\u2019occupazione;<br \/>\n8 \u2013 part time involontario.<\/p>\n<p>Ebbene, di questa griglia solo in due casi l\u2019esito riferito al Veneto non risulta essere particolarmente soddisfacente: si tratta del numero di occupati sovraistruiti e della soddisfazione per il lavoro svolto. Nel primo caso ci collochiamo al 10\u00b0 posto della graduatoria nazionale con il 27,8 per cento degli intervistati che denuncia di possedere un titolo di studio superiore a quello maggiormente posseduto per svolgere quella professione sul totale degli occupati. Nel secondo caso, invece, il Veneto scivola addirittura al 13\u00b0 posto della classifica nazionale. \u201cSolo\u201d il 52,3 per cento degli intervistati ha espresso un punteggio medio di soddisfazione tra 8 e 10 per i seguenti aspetti del lavoro svolto: guadagno, opportunit\u00e0 di carriera, numero di ore lavorate, stabilit\u00e0 del posto, distanza casa-lavoro, interesse per il lavoro (vedi Tab. 3).<\/p>\n<p><strong>Rimangono ancora molte criticit\u00e0<\/strong><br \/>\nNonostante possiamo contare su questi risultati cos\u00ec significativamente importanti, permangono ancora delle criticit\u00e0 che fatichiamo a superare. La principale rimane il basso tasso di occupazione, in particolare di quella femminile. Non va trascurato nemmeno il trend registrato dalle partite Iva; rispetto al 2019 il numero complessivo in Veneto \u00e8 diminuito di 16.600 unit\u00e0 (-3,5 per cento). Senza contare che, purtroppo, i decessi nei luoghi di lavoro hanno ancora una dimensione spaventosamente elevata, contiamo storicamente su livelli retributivi mediamente pi\u00f9 bassi delle principali regioni dell\u2019UE, a causa di un livello di produttivit\u00e0 del lavoro molto basso e di un tasso dei NEET ancora eccessivamente elevato.<\/p>\n<p>&nbsp;<\/p>\n\n\t\t\t<style type='text\/css'>\n\t\t\t\t#gallery-1 {\n\t\t\t\t\tmargin: auto;\n\t\t\t\t}\n\t\t\t\t#gallery-1 .gallery-item {\n\t\t\t\t\tfloat: left;\n\t\t\t\t\tmargin-top: 10px;\n\t\t\t\t\ttext-align: center;\n\t\t\t\t\twidth: 25%;\n\t\t\t\t}\n\t\t\t\t#gallery-1 img {\n\t\t\t\t\tborder: 2px solid #cfcfcf;\n\t\t\t\t}\n\t\t\t\t#gallery-1 .gallery-caption {\n\t\t\t\t\tmargin-left: 0;\n\t\t\t\t}\n\t\t\t\t\/* see gallery_shortcode() in wp-includes\/media.php *\/\n\t\t\t<\/style>\n\t\t<div id='gallery-1' class='dt-gallery-container gallery galleryid-387893 gallery-columns-4 gallery-size-thumbnail'><dl class='gallery-item'>\n\t\t\t\t<dt class='gallery-icon landscape'>\n\t\t\t\t\t<a class=\"rollover rollover-zoom dt-pswp-item\" title=\"Schermata 2024-04-30 alle 12.33.38\" data-dt-img-description=\"\" data-large_image_width=\"1278\" data-large_image_height=\"736\"href='https:\/\/www.radiopiu.net\/wordpress\/wp-content\/uploads\/2024\/04\/Schermata-2024-04-30-alle-12.33.38.png'><img loading=\"lazy\" decoding=\"async\" width=\"150\" height=\"150\" src=\"https:\/\/www.radiopiu.net\/wordpress\/wp-content\/uploads\/2024\/04\/Schermata-2024-04-30-alle-12.33.38-150x150.png\" class=\"attachment-thumbnail size-thumbnail\" alt=\"\" \/><\/a>\n\t\t\t\t<\/dt><\/dl><dl class='gallery-item'>\n\t\t\t\t<dt class='gallery-icon landscape'>\n\t\t\t\t\t<a class=\"rollover rollover-zoom dt-pswp-item\" title=\"Schermata 2024-04-30 alle 12.34.15\" data-dt-img-description=\"\" data-large_image_width=\"1268\" data-large_image_height=\"806\"href='https:\/\/www.radiopiu.net\/wordpress\/wp-content\/uploads\/2024\/04\/Schermata-2024-04-30-alle-12.34.15.png'><img loading=\"lazy\" decoding=\"async\" width=\"150\" height=\"150\" src=\"https:\/\/www.radiopiu.net\/wordpress\/wp-content\/uploads\/2024\/04\/Schermata-2024-04-30-alle-12.34.15-150x150.png\" class=\"attachment-thumbnail size-thumbnail\" alt=\"\" \/><\/a>\n\t\t\t\t<\/dt><\/dl><dl class='gallery-item'>\n\t\t\t\t<dt class='gallery-icon portrait'>\n\t\t\t\t\t<a class=\"rollover rollover-zoom dt-pswp-item\" title=\"Schermata 2024-04-30 alle 12.34.02\" data-dt-img-description=\"\" data-large_image_width=\"1268\" data-large_image_height=\"1548\"href='https:\/\/www.radiopiu.net\/wordpress\/wp-content\/uploads\/2024\/04\/Schermata-2024-04-30-alle-12.34.02.png'><img loading=\"lazy\" decoding=\"async\" width=\"150\" height=\"150\" src=\"https:\/\/www.radiopiu.net\/wordpress\/wp-content\/uploads\/2024\/04\/Schermata-2024-04-30-alle-12.34.02-150x150.png\" class=\"attachment-thumbnail size-thumbnail\" alt=\"\" \/><\/a>\n\t\t\t\t<\/dt><\/dl><dl class='gallery-item'>\n\t\t\t\t<dt class='gallery-icon portrait'>\n\t\t\t\t\t<a class=\"rollover rollover-zoom dt-pswp-item\" title=\"Schermata 2024-04-30 alle 12.35.29\" data-dt-img-description=\"\" data-large_image_width=\"1268\" data-large_image_height=\"1560\"href='https:\/\/www.radiopiu.net\/wordpress\/wp-content\/uploads\/2024\/04\/Schermata-2024-04-30-alle-12.35.29.png'><img loading=\"lazy\" decoding=\"async\" width=\"150\" height=\"150\" src=\"https:\/\/www.radiopiu.net\/wordpress\/wp-content\/uploads\/2024\/04\/Schermata-2024-04-30-alle-12.35.29-150x150.png\" class=\"attachment-thumbnail size-thumbnail\" alt=\"\" \/><\/a>\n\t\t\t\t<\/dt><\/dl><br style=\"clear: both\" \/><dl class='gallery-item'>\n\t\t\t\t<dt class='gallery-icon portrait'>\n\t\t\t\t\t<a class=\"rollover rollover-zoom dt-pswp-item\" title=\"Schermata 2024-04-30 alle 12.35.07\" data-dt-img-description=\"\" data-large_image_width=\"1268\" data-large_image_height=\"1538\"href='https:\/\/www.radiopiu.net\/wordpress\/wp-content\/uploads\/2024\/04\/Schermata-2024-04-30-alle-12.35.07.png'><img loading=\"lazy\" decoding=\"async\" width=\"150\" height=\"150\" src=\"https:\/\/www.radiopiu.net\/wordpress\/wp-content\/uploads\/2024\/04\/Schermata-2024-04-30-alle-12.35.07-150x150.png\" class=\"attachment-thumbnail size-thumbnail\" alt=\"\" \/><\/a>\n\t\t\t\t<\/dt><\/dl><dl class='gallery-item'>\n\t\t\t\t<dt class='gallery-icon portrait'>\n\t\t\t\t\t<a class=\"rollover rollover-zoom dt-pswp-item\" title=\"Schermata 2024-04-30 alle 12.34.48\" data-dt-img-description=\"\" data-large_image_width=\"1268\" data-large_image_height=\"1602\"href='https:\/\/www.radiopiu.net\/wordpress\/wp-content\/uploads\/2024\/04\/Schermata-2024-04-30-alle-12.34.48.png'><img loading=\"lazy\" decoding=\"async\" width=\"150\" height=\"150\" src=\"https:\/\/www.radiopiu.net\/wordpress\/wp-content\/uploads\/2024\/04\/Schermata-2024-04-30-alle-12.34.48-150x150.png\" class=\"attachment-thumbnail size-thumbnail\" alt=\"\" \/><\/a>\n\t\t\t\t<\/dt><\/dl><dl class='gallery-item'>\n\t\t\t\t<dt class='gallery-icon portrait'>\n\t\t\t\t\t<a class=\"rollover rollover-zoom dt-pswp-item\" title=\"Schermata 2024-04-30 alle 12.34.31\" data-dt-img-description=\"\" data-large_image_width=\"1268\" data-large_image_height=\"1602\"href='https:\/\/www.radiopiu.net\/wordpress\/wp-content\/uploads\/2024\/04\/Schermata-2024-04-30-alle-12.34.31.png'><img loading=\"lazy\" decoding=\"async\" width=\"150\" height=\"150\" src=\"https:\/\/www.radiopiu.net\/wordpress\/wp-content\/uploads\/2024\/04\/Schermata-2024-04-30-alle-12.34.31-150x150.png\" class=\"attachment-thumbnail size-thumbnail\" alt=\"\" \/><\/a>\n\t\t\t\t<\/dt><\/dl>\n\t\t\t\t<br style='clear: both' \/>\n\t\t\t<\/div>\n\n<p><em>Legenda<\/em><br \/>\n<em>1. Dipendenti con bassa paga: Percentuale di dipendenti con una retribuzione oraria inferiore a 2\/3 di quella mediana sul totale dei dipendenti. Fonte: Istat, Rilevazione sulle Forze di lavoro<\/em><br \/>\n<em>2. Occupati sovraistruiti: Percentuale di occupati che possiedono un titolo di studio superiore a quello maggiormente posseduto per svolgere quella professione sul totale degli occupati. Fonte: Istat, Rilevazione sulle Forze di lavoro<\/em><br \/>\n<em>3. Occupati in lavori a termine da almeno 5 anni: Percentuale di dipendenti a tempo determinato e collaboratori che hanno iniziato l\u2019attuale lavoro da almeno 5 anni sul totale dei dipendenti a tempo determinato e collaboratori. Fonte: Istat, Rilevazione sulle Forze di lavoro<\/em><br \/>\n<em>4. Tasso di infortuni mortali e inabilit\u00e0 permanente: Numero di infortuni mortali e con inabilit\u00e0 permanente sul totale occupati (al netto delle forze armate) per 10.000. Fonte: Inail<\/em><br \/>\n<em>5. Occupati non regolari: Percentuale di occupati che non rispettano la normativa vigente in materia lavoristica, fiscale e contributiva sul totale degli occupati. Fonte: Istat, Contabilit\u00e0 Nazionale<\/em><br \/>\n<em>6. Soddisfazione per il lavoro svolto: Percentuale di occupati che hanno espresso un punteggio medio di soddisfazione tra 8 e 10 per i seguenti aspetti del lavoro svolto: guadagno, opportunit\u00e0 di carriera, numero di ore lavorate, stabilit\u00e0 del posto, distanza casa-lavoro, interesse per il lavoro. Fonte: Istat, Rilevazione sulle Forze di lavoro<\/em><br \/>\n<em>7. Percezione di insicurezza dell\u2019occupazione: Percentuale di occupati che nei successivi 6 mesi ritengono sia probabile perdere il lavoro attuale e sia poco o per nulla probabile trovarne un altro simile sul totale degli occupati. Fonte: Istat, Rilevazione sulle Forze di lavoro<\/em><br \/>\n<em>8. Part time involontario: Percentuale di occupati che dichiarano di svolgere un lavoro a tempo parziale perch\u00e9 non ne hanno trovato uno a tempo pieno sul totale degli occupati. Fonte: Istat, Rilevazione sulle Forze di lavoro<\/em><\/p>\n","protected":false},"excerpt":{"rendered":"<p>Rispetto al dato medio 2023, quest\u2019anno si stima che il numero medio degli occupati in Veneto crescer\u00e0 di 22mila unit\u00e0; pertanto, possiamo ipotizzare che domani festeggeranno il 1\u00b0 maggio 22mila lavoratori in pi\u00f9 rispetto l\u2019anno scorso. L\u2019Ufficio studi della CGIA ricorda, infatti, che nel 2023 la media degli occupati presenti in Veneto era di 2.226.000&hellip;<\/p>\n","protected":false},"author":2,"featured_media":237753,"comment_status":"closed","ping_status":"closed","sticky":false,"template":"","format":"standard","meta":{"_monsterinsights_skip_tracking":false,"_monsterinsights_sitenote_active":false,"_monsterinsights_sitenote_note":"","_monsterinsights_sitenote_category":0,"footnotes":""},"categories":[49],"tags":[],"class_list":["post-387893","post","type-post","status-publish","format-standard","has-post-thumbnail","hentry","category-news-18","category-49","description-off"],"img_url":"https:\/\/www.radiopiu.net\/wordpress\/wp-content\/uploads\/2021\/10\/consulenza-formazione-sicurezza-sul-lavoro-4.jpg","_links":{"self":[{"href":"https:\/\/www.radiopiu.net\/wordpress\/wp-json\/wp\/v2\/posts\/387893","targetHints":{"allow":["GET"]}}],"collection":[{"href":"https:\/\/www.radiopiu.net\/wordpress\/wp-json\/wp\/v2\/posts"}],"about":[{"href":"https:\/\/www.radiopiu.net\/wordpress\/wp-json\/wp\/v2\/types\/post"}],"author":[{"embeddable":true,"href":"https:\/\/www.radiopiu.net\/wordpress\/wp-json\/wp\/v2\/users\/2"}],"replies":[{"embeddable":true,"href":"https:\/\/www.radiopiu.net\/wordpress\/wp-json\/wp\/v2\/comments?post=387893"}],"version-history":[{"count":0,"href":"https:\/\/www.radiopiu.net\/wordpress\/wp-json\/wp\/v2\/posts\/387893\/revisions"}],"wp:featuredmedia":[{"embeddable":true,"href":"https:\/\/www.radiopiu.net\/wordpress\/wp-json\/wp\/v2\/media\/237753"}],"wp:attachment":[{"href":"https:\/\/www.radiopiu.net\/wordpress\/wp-json\/wp\/v2\/media?parent=387893"}],"wp:term":[{"taxonomy":"category","embeddable":true,"href":"https:\/\/www.radiopiu.net\/wordpress\/wp-json\/wp\/v2\/categories?post=387893"},{"taxonomy":"post_tag","embeddable":true,"href":"https:\/\/www.radiopiu.net\/wordpress\/wp-json\/wp\/v2\/tags?post=387893"}],"curies":[{"name":"wp","href":"https:\/\/api.w.org\/{rel}","templated":true}]}}