{"id":387910,"date":"2024-04-30T15:50:32","date_gmt":"2024-04-30T13:50:32","guid":{"rendered":"https:\/\/www.radiopiu.net\/wordpress\/?p=387910"},"modified":"2024-04-30T15:50:32","modified_gmt":"2024-04-30T13:50:32","slug":"pettirosso-agordino-ripropone-il-film-the-father-a-livinallongo","status":"publish","type":"post","link":"https:\/\/www.radiopiu.net\/wordpress\/pettirosso-agordino-ripropone-il-film-the-father-a-livinallongo\/","title":{"rendered":"PETTIROSSO AGORDINO RIPROPONE IL FILM &#8220;THE FATHER&#8221; A LIVINALLONGO"},"content":{"rendered":"<p>******<\/p>\n<p>&nbsp;<\/p>\n<p><strong><a class=\"dt-pswp-item\" href=\"https:\/\/www.radiopiu.net\/wordpress\/wp-content\/uploads\/2022\/11\/th-21.jpg\" data-dt-img-description=\"\" data-large_image_width=\"474\" data-large_image_height=\"335\"><img loading=\"lazy\" decoding=\"async\" class=\" wp-image-309972 alignleft\" src=\"https:\/\/www.radiopiu.net\/wordpress\/wp-content\/uploads\/2022\/11\/th-21-300x212.jpg\" alt=\"\" width=\"140\" height=\"99\" srcset=\"https:\/\/www.radiopiu.net\/wordpress\/wp-content\/uploads\/2022\/11\/th-21-300x212.jpg 300w, https:\/\/www.radiopiu.net\/wordpress\/wp-content\/uploads\/2022\/11\/th-21.jpg 474w\" sizes=\"auto, (max-width: 140px) 100vw, 140px\" \/><\/a>LIVINALLONGO<\/strong> Visto il positivo riscontro di tante persone che si sono riconosciute nella trama del film e hanno partecipato con intensit\u00e0 alle successive riflessioni lo scorso 19 aprile a Cencenighe, l&#8217;associazione Pettirosso Agordino ha deciso di riproporre il film &#8220;The Father&#8221; sul tema della demenza anche a Pieve di Livinallongo, presso la sala Parricchiale, venerd\u00ec 3 maggio alle ore 20. Sar\u00e0 una serata intensa, che metter\u00e0 di fronte a problematiche impegnative ma all&#8217;insegna di solidariet\u00e0 e condivisione.<\/p>\n<p>&nbsp;<\/p>\n<p>&nbsp;<\/p>\n<p>********<\/p>\n","protected":false},"excerpt":{"rendered":"<p>****** &nbsp; LIVINALLONGO Visto il positivo riscontro di tante persone che si sono riconosciute nella trama del film e hanno partecipato con intensit\u00e0 alle successive riflessioni lo scorso 19 aprile a Cencenighe, l&#8217;associazione Pettirosso Agordino ha deciso di riproporre il film &#8220;The Father&#8221; sul tema della demenza anche a Pieve di Livinallongo, presso la sala&hellip;<\/p>\n","protected":false},"author":4,"featured_media":309972,"comment_status":"closed","ping_status":"closed","sticky":false,"template":"","format":"standard","meta":{"_monsterinsights_skip_tracking":false,"_monsterinsights_sitenote_active":false,"_monsterinsights_sitenote_note":"","_monsterinsights_sitenote_category":0,"footnotes":""},"categories":[49],"tags":[],"class_list":["post-387910","post","type-post","status-publish","format-standard","has-post-thumbnail","hentry","category-news-18","category-49","description-off"],"img_url":"https:\/\/www.radiopiu.net\/wordpress\/wp-content\/uploads\/2022\/11\/th-21.jpg","_links":{"self":[{"href":"https:\/\/www.radiopiu.net\/wordpress\/wp-json\/wp\/v2\/posts\/387910","targetHints":{"allow":["GET"]}}],"collection":[{"href":"https:\/\/www.radiopiu.net\/wordpress\/wp-json\/wp\/v2\/posts"}],"about":[{"href":"https:\/\/www.radiopiu.net\/wordpress\/wp-json\/wp\/v2\/types\/post"}],"author":[{"embeddable":true,"href":"https:\/\/www.radiopiu.net\/wordpress\/wp-json\/wp\/v2\/users\/4"}],"replies":[{"embeddable":true,"href":"https:\/\/www.radiopiu.net\/wordpress\/wp-json\/wp\/v2\/comments?post=387910"}],"version-history":[{"count":0,"href":"https:\/\/www.radiopiu.net\/wordpress\/wp-json\/wp\/v2\/posts\/387910\/revisions"}],"wp:featuredmedia":[{"embeddable":true,"href":"https:\/\/www.radiopiu.net\/wordpress\/wp-json\/wp\/v2\/media\/309972"}],"wp:attachment":[{"href":"https:\/\/www.radiopiu.net\/wordpress\/wp-json\/wp\/v2\/media?parent=387910"}],"wp:term":[{"taxonomy":"category","embeddable":true,"href":"https:\/\/www.radiopiu.net\/wordpress\/wp-json\/wp\/v2\/categories?post=387910"},{"taxonomy":"post_tag","embeddable":true,"href":"https:\/\/www.radiopiu.net\/wordpress\/wp-json\/wp\/v2\/tags?post=387910"}],"curies":[{"name":"wp","href":"https:\/\/api.w.org\/{rel}","templated":true}]}}